{"administration":"pref83","administration_name":"Pr\u00e9fecture du Var","content":"VAR\nRECUEIL DES ACTES\nADMINISTRATIFS\nN\u00b083-2025-004\nPUBLI\u00c9 LE  7 JANVIER 2025\nSommaire\nDirection d\u00e9partementale de l'emploi, du travail et des solidarit\u00e9s du Var\n/ Direction de la DDETS\n83-2025-01-03-00007 - 002-2025 renouvellement arrete agr\u00e9ment AD\nVITA du 030125 (3 pages) Page 3\nDirection d\u00e9partementale de la protection des populations  du Var /\nDirection de la DDPP\n83-2025-01-02-00002 - subd\u00e9l\u00e9gation signature ordonnancement\nsecondaire DDPP (3 pages) Page 7\nDirection interd\u00e9partementale de la police nationale du Var /\n83-2025-01-06-00002 - ARR\u00caT\u00c9 N\u00b025-01 EN DATE DU 6 JANVIER 2025\nPORTANT SUBDELEGATION DE SIGNATURE DU DIRECTEUR\nINTERD\u00c9PARTEMENTAL DE LA POLICE NATIONALE POUR\nL'ORDONNANCEMENT SECONDAIRE DES D\u00c9PENSES ET DES\nRECETTES DU BUDGET DE L'\u00c9TAT (2 pages) Page 11\nDRAAF PACA /\n83-2024-03-01-00015 - Arr\u00eat\u00e9 d'am\u00e9nagement\nportant\napprobation du document d'am\u00e9nagement de la for\u00eat du 01/03/2024 (2\npages) Page 14\n83-2024-03-01-00017 - Arr\u00eat\u00e9 d'am\u00e9nagement portant approbation\ndu document d'am\u00e9nagement  du 01/03/2024 (2 pages) Page 17\n83-2024-03-01-00014 - Arr\u00eat\u00e9 d'am\u00e9nagement portant approbation\ndu document d'am\u00e9nagement des for\u00eats d\u00e9partementales du\n01/03/2024 (2 pages) Page 20\n83-2024-03-01-00016 - Arr\u00eat\u00e9 d'am\u00e9nagement portant approbation\ndu document d'am\u00e9nagement du 01/03/2024 (2 pages) Page 23\n83-2024-03-01-00018 - Arr\u00eat\u00e9 d'am\u00e9nagement portant approbation\ndu document d'am\u00e9nagement du 01/03/2024 (2 pages) Page 26\n2\nDirection d\u00e9partementale de l'emploi, du travail\net des solidarit\u00e9s du Var\n83-2025-01-03-00007\n002-2025 renouvellement arrete agr\u00e9ment AD\nVITA du 030125\nDirection d\u00e9partementale de l'emploi, du travail et des solidarit\u00e9s du Var - 83-2025-01-03-00007 - 002-2025 renouvellement arrete\nagr\u00e9ment AD VITA du 030125 3\n| = <  \u00e0\nLibert\u00e9  + Egalit\u00e9  + Fraternit\u00e9\nREPUBLIQUE  FRANCAISE\nArr\u00eat\u00e9 portant renouvellement d'agr\u00e9ment\nd'un organisme de services \u00e0 la personne\nN\u00b0 SAP519642235\nN\u00b0 SIREN 519642235\nVu le code du travail, notamment ses articles L. 7232-1, R. 7232-1 \u00e0 R. 7232-10, D. 7231-1, D.7231-2 et\nD.7233-1;\nVu le cahier des charges pr\u00e9vu \u00e0 l'article R. 7232-6 du code du travail ;\nVu la demande d'agr\u00e9ment pr\u00e9sent\u00e9e le 18/12/2024, par Mme. MARCHAL Christine en qualit\u00e9 de\ndirigeant(e), \nLe pr\u00e9fet  du Var\nArr\u00eate :\nArticle 1er\nL'agr\u00e9ment de l'organisme SAP519642235, dont l'\u00e9tablissement principal est situ\u00e9 2 Lotissement Le\nGiacomo - Chemin du Paradou \u2013 83390 CUERS  est accord\u00e9 pour une dur\u00e9e de cinq ans \u00e0 compter\ndu 24/01/2025 ;\nLa demande de renouvellement devra \u00eatre d\u00e9pos\u00e9e dans les conditions fix\u00e9es par l'article R.7232-8\net, au plus tard, trois mois avant la fin de cet agr\u00e9ment.\nArticle 2\nCet  agr\u00e9ment  couvre  les  activit\u00e9s  selon  le  mode  d'intervention  indiqu\u00e9  et  les  d\u00e9partements\nsuivants :\n \u2022   Assistance aux personnes \u00e2g\u00e9es (mandataire et/ou mise \u00e0 disposition) (mode \nd'intervention Mandataire) - (83) \n \u2022   Assistance aux personnes handicap\u00e9es (mandataire et/ou mise \u00e0 disposition) (mode \nd'intervention Mandataire) - (83) \n \u2022   Conduite de v\u00e9hicule des PA/PH (mandataire et/ou mise \u00e0 disposition) (mode \nd'intervention Mandataire) - (83) \n \u2022   Accompagnement des PA/PH dans leurs d\u00e9placements (mandataire et/ou mise \u00e0 \ndisposition) (mode d'intervention Mandataire) - (83) \nArticle 3\nSi l'organisme envisage de fournir des activit\u00e9s autres que celles pour lesquelles il est agr\u00e9\u00e9 ou\nd'exercer  ses  activit\u00e9s  dans  un  d\u00e9partement  autre que celui  pour  lequel  il  est  agr\u00e9\u00e9,  il devra\nsolliciter une modification pr\u00e9alable de son agr\u00e9ment.\nSi l'organisme propose des activit\u00e9s de garde ou d'accompagnement d'enfants de moins de 3 ans\nou de moins de 18 ans handicap\u00e9s, il devra solliciter une modification pr\u00e9alable de son agr\u00e9ment en\ncas de changement de mode d'intervention.\nL'ouverture  d'un  nouvel  \u00e9tablissement  dans  un  d\u00e9partement  pour  lequel  il  est  agr\u00e9\u00e9  devra\n\u00e9galement faire l'objet d'une information pr\u00e9alable aupr\u00e8s du service instructeur.\nDirection d\u00e9partementale de l'emploi, du travail et des solidarit\u00e9s du Var - 83-2025-01-03-00007 - 002-2025 renouvellement arrete\nagr\u00e9ment AD VITA du 030125 4\nArticle 4\nLe pr\u00e9sent agr\u00e9ment pourra \u00eatre retir\u00e9 si l'organisme agr\u00e9\u00e9 : \n- cesse de remplir les conditions ou de respecter les obligations mentionn\u00e9es aux articles\nR.7232-4 \u00e0 R.7232-9 du code du travail.\n- ne respecte pas les dispositions l\u00e9gales relatives \u00e0 la sant\u00e9 et \u00e0 la s\u00e9curit\u00e9 au travail,\n- exerce d'autres activit\u00e9s que celles mentionn\u00e9es dans le pr\u00e9sent arr\u00eat\u00e9,\n- ne transmet pas au pr\u00e9fet comp\u00e9tent les statistiques mentionn\u00e9es \u00e0 l'article R.7232-9 du\ncode du travail.\nArticle 5\nCet agr\u00e9ment n'ouvre pas droit aux avantages fiscaux et sociaux fix\u00e9s par l'article L.7233-2 du code\ndu travail et L.241-10 du code de la s\u00e9curit\u00e9 sociale. Conform\u00e9ment \u00e0 l'article L.7232-1-1 du code du\ntravail,  pour  ouvrir  droit  \u00e0  ces  dispositions,  l'organisme  doit  se  d\u00e9clarer  et  n'exercer  que  les\nactivit\u00e9s  d\u00e9clar\u00e9es,  \u00e0  l'exclusion  de  toute  autre  (ou  tenir  une  comptabilit\u00e9  s\u00e9par\u00e9e  pour  les\norganismes dispens\u00e9s de cette condition par l'article L. 7232-1-2).\nArticle 6\nLe pr\u00e9sent arr\u00eat\u00e9 sera publi\u00e9 au recueil des actes administratifs de la pr\u00e9fecture.\nIl peut, dans les deux mois \u00e0 compter de sa notification, faire l'objet d'un recours gracieux aupr\u00e8s\ndu  service  instructeur  du  Var  ou  d'un  recours  hi\u00e9rarchique  adress\u00e9  au  ministre  charg\u00e9  de\nl'\u00e9conomie  -  direction  g\u00e9n\u00e9rale  des  entreprises  -  sous-direction  des  services  marchands,  61\nBoulevard Vincent Auriol, 75703 PARIS CEDEX 13.\nIl peut \u00e9galement faire l'objet d'un recours contentieux aupr\u00e8s du tribunal administratif de de\nToulon dans un d\u00e9lai de deux mois \u00e0 compter de sa notification.\nLe tribunal administratif peut aussi \u00eatre saisi par l'application informatique \u00ab T\u00e9l\u00e9recours citoyen \u00bb\naccessible sur le site internet http://www.telerecours.fr/\nEn cas de rejet du recours gracieux ou hi\u00e9rarchique ou en l'absence de r\u00e9ponse \u00e0 ce recours (rejet\nimplicite),  un  recours  contentieux  devant  le  tribunal  administratif  peut  \u00e9galement  \u00eatre  form\u00e9\ncontre la d\u00e9cision initiale dans un d\u00e9lai de deux mois \u00e0 compter de ce rejet.\nPour le Pr\u00e9fet et par d\u00e9l\u00e9gation\nPour La directrice d\u00e9partementale \nadjointe \nde l'emploi, du travail et des \nsolidarit\u00e9s du Var \nLa cheffe du service \naccompagnement \ndes entreprises et d\u00e9veloppement \ndes territoires\nSign\u00e9 : S\u00e9verine LARDERET\nFait \u00e0 CS 31209 - 83070 TOULON \nCedex, le 03/01/2025 \nDDETS du Var Direction d\u00e9partementale de l'emploi, du travail et des solidarit\u00e9s du Var - 83-2025-01-03-00007 - 002-2025 renouvellement arrete\nagr\u00e9ment AD VITA du 030125 5\nDirection d\u00e9partementale de l'emploi, du travail et des solidarit\u00e9s du Var - 83-2025-01-03-00007 - 002-2025 renouvellement arrete\nagr\u00e9ment AD VITA du 030125 6\nDirection d\u00e9partementale de la protection des\npopulations  du Var\n83-2025-01-02-00002\nsubd\u00e9l\u00e9gation signature ordonnancement\nsecondaire DDPP\nDirection d\u00e9partementale de la protection des populations  du Var - 83-2025-01-02-00002 - subd\u00e9l\u00e9gation signature ordonnancement\nsecondaire DDPP 7\n=m\nPREFET\nDU  VAR\nLibert\u00e9\nEgalit\u00e9\nFraternit\u00e9\nMme Laure FLORENT \nDirection d\u00e9partementale de la\nprotection des populations\nARR\u00caT\u00c9 DDPP n\u00b0 24/424 du 2 janvier 2025\nportant subd\u00e9l\u00e9gation de signature de Mme Nathalie GUERSON\ndirectrice d\u00e9partementale de la protection des populations\npour l'ordonnancement secondaire par d\u00e9l\u00e9gation des recettes et des d\u00e9penses de l'Etat\nLe Pr\u00e9fet du Var,\nOfficier de la L\u00e9gion d'Honneur,\nVu le code des march\u00e9s publics  ;\nVu la loi n\u00b0 82-213 du 2 mars 1982 modifi\u00e9e, relative aux droits et libert\u00e9s des communes, des  \nd\u00e9partements et des r\u00e9gions  ;\nVu la  loi  d'orientation  n\u00b0  92-125  du  6  f\u00e9vrier  1992  modifi\u00e9e  relative  \u00e0  l'administration  \nterritoriale de la R\u00e9publique ;\nVu la loi organique n\u00b0 2001-692 du 1er ao\u00fbt 2001 relative aux lois de finances  ;\nVu la loi n\u00b0 2004-809 du 13 ao\u00fbt 2004 modifi\u00e9e relative aux libert\u00e9s et responsabilit\u00e9s locales  ;\nVu le  d\u00e9cret  n\u00b0  2004-374  du  29  avril  2004  modifi\u00e9  relatif  aux  pouvoirs  des  pr\u00e9fets,  \u00e0  \nl'organisation et \u00e0 l'action des services de l'\u00c9tat dans les r\u00e9gions et d\u00e9partements  ;\nVu le d\u00e9cret n\u00b0 2009-1484 du 3 d\u00e9cembre 2009 modifi\u00e9 relatif aux directions d\u00e9partementales  \ninterminist\u00e9rielles  ;\nVu le d\u00e9cret n\u00b0 2012-1246 du 7 novembre 2012 modifi\u00e9 relatif \u00e0 la gestion budg\u00e9taire et  \ncomptable publique  ;\nVu le d\u00e9cret n\u00b0 2012-1247 du 7 novembre 2012 modifi\u00e9 portant adaptation de divers textes  \naux nouvelles r\u00e8gles de la gestion budg\u00e9taire et comptable publique ;\nVu le d\u00e9cret n\u00b0 2015-510 du 7 mai 2015 portant charte de la d\u00e9concentration  ;\nVu le d\u00e9cret du Pr\u00e9sident de la R\u00e9publique du 15 avril 2022 portant nomination de M.  \nLucien GIUDICELLI, secr\u00e9taire g\u00e9n\u00e9ral de la pr\u00e9fecture du Var ;\nVu le d\u00e9cret du Pr\u00e9sident de la R\u00e9publique du 13 juillet 2023 portant nomination de  \nM. Philippe MAHE, pr\u00e9fet du Var ;\n1/3\nDirection d\u00e9partementale de la protection des populations  du Var - 83-2025-01-02-00002 - subd\u00e9l\u00e9gation signature ordonnancement\nsecondaire DDPP 8\nMme Laure FLORENT \nVu l'arr\u00eat\u00e9 du ministre de l'\u00e9conomie et des finances du 21 d\u00e9cembre 1982 modifi\u00e9 portant  \nr\u00e8glement de comptabilit\u00e9 publique pour la d\u00e9signation des ordonnateurs secondaires et de  \nleurs d\u00e9l\u00e9gu\u00e9s ;\nVu l'arr\u00eat\u00e9  du  30  d\u00e9cembre  2008  portant  r\u00e8glement  de  comptabilit\u00e9  du  minist\u00e8re  de  \nl'agriculture et de la p\u00eache pour la d\u00e9signation des ordonnateurs secondaires et de leurs  \nd\u00e9l\u00e9gu\u00e9s ;\nVu l'arr\u00eat\u00e9  du  Premier  ministre  du  13  mars  2024  portant  nomination  de  Mme  Nathalie  \nGUERSON directrice d\u00e9partementale de la protection des populations du Var ;\nVu l'arr\u00eat\u00e9  du  premier  minis tre  du  15  juin  2024  portant  nomination  de  M.  Jean-Fran\u00e7ois  \nCARRI\u00c9 directeur d\u00e9partemental adjoint de la protection des populations  ;\nVu l'arr\u00eat\u00e9 pr\u00e9fectoral du 2024/MCI du 15 octobre 2024 portant d\u00e9l\u00e9gation de signature et  \nd'ordonnancement  secondaire  \u00e0  Monsieur  S\u00e9bastien  ODDONE,  directeur  du  secr\u00e9tariat  \ng\u00e9n\u00e9ral commun d\u00e9partemental du Var  ;\nVu l'arr\u00eat\u00e9 pr\u00e9fectoral n\u00b0 2021-011 en date du 27 janvier 2021 portant organisation de la  \ndirection d\u00e9partementale de la protection des populations du Var  ;\nVu l'arr\u00eat\u00e9 pr\u00e9fector al n\u00b0 2024/09/MCI du 15 mars 2024 portant d\u00e9l\u00e9gation de signature \u00e0  \nMme Nathalie GUERSON, directrice d\u00e9partementale de la protection des populations du Var,  \npour l'ordonnancement secondaire des recettes et des d\u00e9penses imput\u00e9es sur le budget de  \nl'\u00c9tat et pour les march\u00e9s publics et les accords-cadres pass\u00e9s par sa direction.\nSur proposition de la directrice d\u00e9partementale de la protection des populations  ;\nARRETE :\nArticle 1  er     : En cas d'absence ou d'emp\u00eachement de Mme Nathalie GUERSON la d\u00e9l\u00e9gation de  \nsignature  accord\u00e9e  par  l'arr\u00eat\u00e9  pr\u00e9fectoral  n\u00b0  2024/09/MCI  du  15  mars  2024  susvis\u00e9  sera \nexerc\u00e9e  par M.  Jean-Fran\u00e7ois  CARRI\u00c9,  directeur  d\u00e9partemental  adjoint  de  la  direction  \nd\u00e9partementale de la protection des populations  conform\u00e9ment  aux  dispositions  et  aux  \nconditions prescrites par l'arr\u00eat\u00e9 pr\u00e9fectoral n\u00b0 2024/08/MCI du 15 mars 2024 .\nArticle 2     :   Subd\u00e9l\u00e9gation de signature est donn\u00e9e pour les actes de gestion budg\u00e9taire et  \nfinanci\u00e8re  de  la  direction  dans  le s  applications  CHORUS  c\u0153ur,  CHORUS-FORMULAIRES,  \nCHORUS-FACTURE,  CHORUS-DT,  CHORUS-NOUVELLE-COMMUNICATION  et  autres  \napplications m\u00e9tier (ESCALE CHORAL ..) \u00e0 M. Jean-Fran\u00e7ois CARRI\u00c9, directeur d\u00e9partemental  \nadjoint de la DDPP du Var et \u00e0 Mme Sylvie JEANPIERRE, secr\u00e9taire administratif de classe  \nsup\u00e9rieure, gestionnaire comptable de la DDPP du Var.\n2/3Direction d\u00e9partementale de la protection des populations  du Var - 83-2025-01-02-00002 - subd\u00e9l\u00e9gation signature ordonnancement\nsecondaire DDPP 9\nMme Laure FLORENT \nArticle 3     :   L'arr\u00eat\u00e9 DDPP 24/312 du 4 octobre 2024 portant subd\u00e9l\u00e9gation de signature au sein  \nde la direction d\u00e9partementale de la protection des populations du Var est abrog\u00e9.\nArticle 4     :   La directrice d\u00e9partementale de la protection des populations du Var est charg\u00e9e  \nde l'ex\u00e9cution du pr\u00e9sent arr\u00eat\u00e9 qui sera publi\u00e9 au recueil des actes administratifs de la  \npr\u00e9fecture du Var et dont copie sera adress\u00e9e aux directeurs des finances publiques du Var et  \ndes Bouches du Rh\u00f4ne ainsi qu'au directeur r\u00e9gional des finances publiques de Provence-\nAlpes-C\u00f4te d'Azur.\nFait \u00e0 Toulon, le 2 janvier 2025\nLa directrice d\u00e9partementale,\n                  Sign\u00e9\n   Nathalie GUERSON\n3/3Direction d\u00e9partementale de la protection des populations  du Var - 83-2025-01-02-00002 - subd\u00e9l\u00e9gation signature ordonnancement\nsecondaire DDPP 10\nDirection interd\u00e9partementale de la police\nnationale du Var\n83-2025-01-06-00002\nARR\u00caT\u00c9 N\u00b025-01 EN DATE DU 6 JANVIER 2025\nPORTANT SUBDELEGATION DE SIGNATURE DU\nDIRECTEUR INTERD\u00c9PARTEMENTAL DE LA\nPOLICE NATIONALE POUR\nL'ORDONNANCEMENT SECONDAIRE DES\nD\u00c9PENSES ET DES RECETTES DU BUDGET DE\nL'\u00c9TAT\nDirection interd\u00e9partementale de la police nationale du Var - 83-2025-01-06-00002 - ARR\u00caT\u00c9 N\u00b025-01 EN DATE DU 6 JANVIER 2025\nPORTANT SUBDELEGATION DE SIGNATURE DU DIRECTEUR INTERD\u00c9PARTEMENTAL DE LA POLICE NATIONALE POUR\nL'ORDONNANCEMENT SECONDAIRE DES D\u00c9PENSES ET DES RECETTES DU BUDGET DE L'\u00c9TAT11\nMINISTERE\nDE L'INT\u00c9RIEUR\nLibert\u00e9\nEgalit\u00e9\nFraternit\u00e9POLICE\nNATIONALE\n\"9\nDirection zonale de la police nationale Sud\nDirection interd\u00e9partementale de la police national e du Var\nService de soutien op\u00e9rationnel\nARR\u00caT\u00c9 N\u00b025-01 EN DATE DU 6 JANVIER 2025\nPORTANT SUBD\u00c9L\u00c9GATION DE SIGNATURE DU DIRECTEUR INT ERD\u00c9PARTEMENTAL DE LA\nPOLICE NATIONALE POUR L'ORDONNANCEMENT SECONDAIRE D ES D\u00c9PENSES ET DES\nRECETTES DU BUDGET DE L'\u00c9TAT\nVu la loi organique n\u00b001-692 du 1er ao\u00fbt 2001, modifi\u00e9e relative aux lois de finances  ;\nVu le d\u00e9cret n\u00b092-604 du 1er juillet 1992 modifi\u00e9 portant charte de la d\u00e9concen tration  ;\nVu le d\u00e9cret n\u00b02004-374 du 29 avril 2004 modifi\u00e9 re latif aux pouvoirs des pr\u00e9fets, \u00e0 l'organisation et  \u00e0\nl'action des services de l'\u00c9tat dans les r\u00e9gions et  d\u00e9partements  ;\nVu le d\u00e9cret n\u00b02004-1085 modifi\u00e9 du 14 octobre 2004  relatif \u00e0 la d\u00e9l\u00e9gation de gestion dans les\nservices de l'\u00c9tat  ;\nVu  le  d\u00e9cret  n\u00b02012-1246  du  7  novembre  2012  modifi\u00e9 ,  relatif  \u00e0  la  gestion  budg\u00e9taire  et\ncomptable  publique  ;\nVu le d\u00e9cret n\u00b0 2012-1247 du 7 novembre 2012 modifi \u00e9 portant adaptation de divers textes aux\nnouvelles r\u00e8gles de la gestion budg\u00e9taire et compta ble publique  ;\nVu le d\u00e9cret n\u00b02023-1013 du 2 novembre 2023 relatif  aux services d\u00e9concentr\u00e9s et \u00e0 l'organisation de\nla police nationale  ;\nVu le d\u00e9cret du Pr\u00e9sident de la R\u00e9publique du 13 ju illet 2023 nommant M. Philippe MAH\u00c9, pr\u00e9fet du\nVar ;\nVu l'arr\u00eat\u00e9 interminist\u00e9riel du 8 d\u00e9cembre 1993 mod ifi\u00e9 portant r\u00e8glement de comptabilit\u00e9 pour la\nd\u00e9signation des ordonnateurs secondaires et de leur s d\u00e9l\u00e9gu\u00e9s  ;\nVu l'arr\u00eat\u00e9 DGPN\\DRHFS\\SDESCO\\BCP n\u00b03225 du 21 d\u00e9ce mbre  2023  nommant M. J\u00e9r\u00f4me MARTIN\ndirecteur interd\u00e9partemental de la police nationale  du Var \u00e0 compter du 1er janvier  ;\nVu l'arr\u00eat\u00e9 pr\u00e9fectoral n\u00b02023/106/MCI en date du 2 1 d\u00e9cembre 2023 portant d\u00e9l\u00e9gation de signature\n\u00e0  M.  J\u00e9r\u00f4me  MARTIN,  directeur  interd\u00e9partemental  de  la  police  nationale  du  Var,  pour\nl'ordonnancement  secondaire  des  d\u00e9penses  et  des  rec ettes  du  budget  de  l'\u00c9tat  pour  l'Unit\u00e9\nOp\u00e9rationnelle DIPN 83.\nARR\u00caTE\nArticle 1 : En cas d'absence ou d'emp\u00eachement de M. J\u00e9r\u00f4me MART IN, d\u00e9l\u00e9gation de signature est\ndonn\u00e9e \u00e0 M. Jean-Michel HORNUS, commissaire divisio nnaire,  directeur  interd\u00e9partemental  adjoint\n\u2026 /\u2026\n1, rue Commissaire Morandin\n83097 TOULON\nStandard : 04 98 03 53 00Direction interd\u00e9partementale de la police nationale du Var - 83-2025-01-06-00002 - ARR\u00caT\u00c9 N\u00b025-01 EN DATE DU 6 JANVIER 2025\nPORTANT SUBDELEGATION DE SIGNATURE DU DIRECTEUR INTERD\u00c9PARTEMENTAL DE LA POLICE NATIONALE POUR\nL'ORDONNANCEMENT SECONDAIRE DES D\u00c9PENSES ET DES RECETTES DU BUDGET DE L'\u00c9TAT12\nde la police nationale du Var, \u00e0 l'effet de signer tous les documents relevant du programme de la\npolice nationale (programme 0176) du titre III et r elatifs :\n\u00e0 la programmation et au pilotage budg\u00e9taire ;\n\u00e0 la validation des d\u00e9cisions de d\u00e9penses ;\n\u00e0 la v\u00e9rification et \u00e0 la constatation du service f ait ;\n\u00e0 l'ordre de payer au comptable.\nArticle 2 : En cas d'absence ou d'emp\u00eachement de M. Jean-Michel  HORNUS, la d\u00e9l\u00e9gation qui lui est\nconsentie  sera  exerc\u00e9e  dans  les  m\u00eames  conditions  pa r  M.  Axel  BELIN,  attach\u00e9  principal\nd'administration,  chef  du  service  de  soutien  op\u00e9rat ionnel  ou  par  Mme  Louise  PEDINI,  attach\u00e9e\nd'administration, adjoint au chef du service de sou tien op\u00e9rationnel charg\u00e9e du budget et des affaires\nimmobili\u00e8res.\nArticle 3 :  Dans le cadre de l'ex\u00e9cution budg\u00e9taire, d\u00e9l\u00e9gation  de signature est donn\u00e9e pour les\nd\u00e9penses r\u00e9alis\u00e9es avec la carte achat \u00e0 :\n- M.  Nicolas  CARAVOKIROS,  commissaire  divisionnaire,  chef  de  la  circonscription  de  police\nnationale de Fr\u00e9jus \u2013 Saint-Rapha\u00ebl ;\n- M.  C\u00e9dric  FEVRE,  commissaire  de  police,  chef  de  la  circonscription  de  police  nationale  de\nDraguignan ;\n- Mme Sandrine GAVAZZI, commandant de police, adjoin t au chef de la circonscription de police\nnationale de Hy\u00e8res ;\n- M.  Vincent  GRAAS, commissaire de police,  chef  de l a circonscription de police nationale de\nSanary-sur-Mer ;\n- M. Ludovic MAUCHIEN, commandant de police, chef d u service interd\u00e9partemental de la police\naux fronti\u00e8res du Var ;\n- M. Axel BELIN, attach\u00e9 principal d'administration,  chef du service de soutien op\u00e9rationnel ;\n- M.  Reynald  GAMBIER,  major  de  police,  chef  du  burea u  logistique  du  service  de  soutien\nop\u00e9rationnel ;\n- Mme Catherine GOUVEIA, secr\u00e9taire administrative d e classe exceptionnelle, chef du bureau des\nfinances et affaires immobili\u00e8res du service de sou tien op\u00e9rationnel ;\n- M. Fabrice VINCENT, contr\u00f4leur des services techni ques, de la section des mat\u00e9riels au bureau\nlogistique du service de soutien op\u00e9rationnel.\nArticle 4 : Dans le cadre de l'exploitation de CHORUS DT, d\u00e9l\u00e9g ation de signature est donn\u00e9e pour\naccomplir les missions attribu\u00e9es aux r\u00f4les de BUDL OCDOT, SG, FC et GV \u00e0 :\n- M. Axel BELIN, attach\u00e9 principal d'administration,  chef du service de soutien op\u00e9rationnel  ;\n- Mme Catherine GOUVEIA, secr\u00e9taire administrative d e classe exceptionnelle, chef du bureau des\nfinances et affaires immobili\u00e8res du service de sou tien op\u00e9rationnel ;\n- Mme  Fran\u00e7oise  CAVALIER,  secr\u00e9taire  administrative ,  du  bureau  des  finances  et  affaires\nimmobili\u00e8res du service de soutien op\u00e9rationnel.\nArticle 5 : L'arr\u00eat\u00e9 DIPN/SSO/2024-03 du 9 juillet 2024 publi\u00e9 au RAA N\u00b083-2024-174 du 16 juillet\n2024, est abrog\u00e9.\nArticle 6 : Le directeur interd\u00e9partemental de la police nation ale du Var est charg\u00e9 de l'ex\u00e9cution du\npr\u00e9sent arr\u00eat\u00e9 qui sera publi\u00e9 au recueil des actes  administratifs du Var.\nFait \u00e0 Toulon, le 6 janvier 2025.\nPour le pr\u00e9fet et par d\u00e9l\u00e9gation,\nle directeur interd\u00e9partemental\nde la police nationale du Var\nSIGN\u00c9\nJ\u00e9r\u00f4me MARTIN\n2/2Direction interd\u00e9partementale de la police nationale du Var - 83-2025-01-06-00002 - ARR\u00caT\u00c9 N\u00b025-01 EN DATE DU 6 JANVIER 2025\nPORTANT SUBDELEGATION DE SIGNATURE DU DIRECTEUR INTERD\u00c9PARTEMENTAL DE LA POLICE NATIONALE POUR\nL'ORDONNANCEMENT SECONDAIRE DES D\u00c9PENSES ET DES RECETTES DU BUDGET DE L'\u00c9TAT13\nDRAAF PACA\n83-2024-03-01-00015\nArr\u00eat\u00e9 d'am\u00e9nagement\nportant approbation du document\nd'am\u00e9nagement de la for\u00eat du 01/03/2024\nDRAAF PACA - 83-2024-03-01-00015 - Arr\u00eat\u00e9 d'am\u00e9nagement\nportant approbation du document d'am\u00e9nagement de la for\u00eat du 01/03/2024 14\nPREFET\nDE LA REGION\nPROVENCE-  ALPES-\nCOTE  D'AZUR\nLibert\u00e9\nEgalit\u00e9\nFraternit\u00e9\n \nDirection r\u00e9gionale de l'alimentation,  \nde l'agriculture et de la for\u00eat  \n132 Boulevard de Paris - CS 70059  \u2013 13331 Marseille Cedex 03 - \nT\u00e9l\u00e9phone : 04.13.59.36.00  \nhttp://draaf.pac a.agriculture.gouv.fr/  \n \nService R\u00e9gional de la For\u00eat et du Bois  \nD\u00e9partement : VAR \nFor\u00eat de la R\u00e9gie d'exploitation et de \nd\u00e9veloppement des installations touristiques du \nMont -Faron (REDIF)  \nContenance cadastrale : 109,0674  ha  \nSurface de gestion  : 110,55  ha \nR\u00e9vision d'am\u00e9nagement   \n2022  - 2041  Arr\u00eat\u00e9 d'am\u00e9nagement  \nportant approbation du document d' am\u00e9nagement \nde la for\u00eat de la R\u00e9gie d'exploitation et de \nd\u00e9veloppement des installations touristiques du \nMont -Faron  (REDIF) pour la p\u00e9riode 2022 -2041  \navec application du 2\u00b0 de l'article L1 22-7 du code \nforestier  \n \nLe Pr\u00e9fet de la r\u00e9gion Provence -Alpes -C\u00f4te d'Azur,  \nPr\u00e9fet de la Zone de D\u00e9fense et de s\u00e9curit\u00e9 Sud,  \nPr\u00e9fet des Bouches -du-Rh\u00f4ne  \n \n \nVU les articles L124 -1,1\u00b0, L212 -1, L212 -2, D212 -1, D212 -2, R212 -3, D212 -5,2\u00b0, D214 -15, et D214 -16 du \nCode Forestier  ; \nVU l'arr\u00eat\u00e9 du 17 janvier  2023 portant d\u00e9l\u00e9gation de signature du Pr\u00e9fet de la r\u00e9gion Provence -Alpes -C\u00f4te \nd'Azur \u00e0 Madame St\u00e9phanie FLAUTO, directrice r\u00e9gionale de l'alimentation, de l'agriculture et de la \nFor\u00eat de Provence -Alpes -C\u00f4te d'Az ur ; \nVU les articles  L122 -7, L122 -8, R122 -23 et R122 -24 du Code Forestier ;   \nVU  les articles  L414 -4 et R414 -19 du Code de l' Environnement ;   \nVU les articles L341 -1 et R341 -9 du Code de l'Environnement  ; \nVU  le sch\u00e9ma r\u00e9gional d'am\u00e9nagement M\u00e9diterran\u00e9e b asse  altitude de la r\u00e9gion Provence -Alpes -C\u00f4te \nd'Azur, arr\u00eat\u00e9 en date du 11/07 /2006  ; \nVU  l'arr\u00eat\u00e9  pr\u00e9fectoral en date du 18/02/2000 r\u00e9glant l'am\u00e9nagement de la for\u00eat de la R\u00e9gie d'exploitation \net de d\u00e9veloppement des installations touristiques du Mont -Faron (REDIF) pour la p\u00e9riode 1995 -\n 2010 ;  \nVU l'autorisation de  la Ministre de l'Environnement, de l'E nergie et de la mer, charg\u00e9e des relations \ninternationales sur le climat en date du 22/11/2022  \nVU la d\u00e9cision du conseil d'administration de la REDIF en dat e du 24/10 /2022, donnant son accord au \nprojet d'am\u00e9nagement forestier qui lui a \u00e9t\u00e9 pr\u00e9sent\u00e9, et demandant le b\u00e9n\u00e9fice des articles L122 -7 et \nL122 -8 du code forestier au titre de la r\u00e9glementation Natura 2000 et du site class\u00e9  ; \nSUR  proposition du Directe ur territorial de l'Office national des for\u00eats , en date du 28/11/2023  ; \n \nARRE TE \n \nArticle premier  : La for\u00eat de la R\u00e9gie d'exploitation et de d\u00e9veloppement des installations touristiques du \nMont -Faron  (REDIF) (VAR), d'une contenance de 110,55  ha, est affect \u00e9e prioritairement \u00e0 la fonction sociale \net \u00e0 la fonction \u00e9cologique, tout en assurant sa fonction de protection physique, dans le cadre d'une gestion \ndurable multifonctionnelle.  \n \nArticle 2  : Cette for\u00eat comprend une partie bois\u00e9e de 55,45  ha, actuellement  compos\u00e9e de pin d'A lep \n(100%). Le reste, soit 55,10  ha, est constitu\u00e9 d'\u00e9boulis arbor\u00e9s, d'affleurements rocheux, de garrigue et de \nd\u00e9broussaillement DFCI.  DRAAF PACA - 83-2024-03-01-00015 - Arr\u00eat\u00e9 d'am\u00e9nagement\nportant approbation du document d'am\u00e9nagement de la for\u00eat du 01/03/2024 15\n132 Boulevard de Paris - CS 70059  \u2013 13331 Marseille Cedex  03 - \nT\u00e9l\u00e9phone : 04.13.59.36.00  \nhttp://draaf.paca.agriculture.gouv.fr/   \n \n \nArticle 3  : Pendant une dur\u00e9e de 20 ans ( 2022  \u2013 2041 ) : \n-  La for\u00ea t sera constitu\u00e9e d'un groupe hors sylviculture avec possibilit\u00e9 d'interventions.  \n- l'Office national des for\u00eats informera r\u00e9guli\u00e8rement le directeur, ordonnateur de la REDIF , de l'\u00e9tat de \nl'\u00e9quilibre sylvo -cyn\u00e9g\u00e9tique dans la for\u00eat, et ce  dernier  mettra en \u0153uvre toutes les mesures n\u00e9c essaires \u00e0 \nson maintien ou \u00e0 son r\u00e9tablissement en optimisant  et suivant la capacit\u00e9 d'accueil, et en s'assurant en \nparticulier que le niveau des demandes de plans de chasse concernant la for\u00eat est adapt\u00e9 \u00e0 l'\u00e9volution des \npopulations de grand gibier et de s d\u00e9g\u00e2ts constat\u00e9s sur les peuplements  ; \n- les mesures d\u00e9finies par les consignes nationales de gestion visant \u00e0 la pr\u00e9servation de la biodiversit\u00e9 \ncourante (notamment la conservation d'arbres isol\u00e9s \u00e0 cavit\u00e9s, morts, ou s\u00e9nescents) ainsi qu'\u00e0 la \npr\u00e9servat ion des sols et des eaux de surface, seront syst\u00e9matiquement mises en \u0153uvre.  \n \nArticle 4 : Le document d'am\u00e9nagement de la for\u00eat de la R\u00e9gie d'exploitation et de d\u00e9veloppement des \ninstallations touristiques du Mont -Faron (REDIF) , pr\u00e9sentement arr\u00eat\u00e9, est ap prouv\u00e9 par application du 2\u00b0 de \nl'article L122 -7 du code forestier, pour le programme de coupes et de travaux sylvicoles , travaux sylvicoles, \u00e0 \nl'exclusion de tout autre type de travaux , au titre :  \n- de la r\u00e9glementation propre \u00e0 Natura 2000 relative \u00e0 zon e sp\u00e9ciale de conservation FR9301608 \n\u00ab MONT CAUME - MONT FARON - FORET DOMANIALE DES MORIERES  \u00bb, instaur\u00e9e au titre de la \nDirective europ\u00e9enne \u00ab  Habitats naturels \u00bb  ; \n- de la r\u00e9glementation propre aux sites class\u00e9s pour le site class\u00e9 du Mont -Faron .  \n \nArtic le 5 : La Directrice R\u00e9gionale de l'Alimentation, de l'Agriculture, et de la For\u00eat et le Directeur territorial \nde l'Office national des for\u00eats sont charg\u00e9s, chacun en ce qui le concerne, de l'ex\u00e9cution du pr\u00e9sent arr\u00eat\u00e9, \nqui sera publi\u00e9 au recueil des acte s administratifs du d\u00e9partement du Var. \n \nMarseille, le 1er mars 2024  \n \nPour le Pr\u00e9fet et par d\u00e9l\u00e9gation,  \nLa Directrice R\u00e9gionale de l'Alimentation, de l'Agriculture  \net de la For\u00eat,  \nSIGN\u00c9  \nSt\u00e9phanie FLAUTO  \n DRAAF PACA - 83-2024-03-01-00015 - Arr\u00eat\u00e9 d'am\u00e9nagement\nportant approbation du document d'am\u00e9nagement de la for\u00eat du 01/03/2024 16\nDRAAF PACA\n83-2024-03-01-00017\nArr\u00eat\u00e9 d'am\u00e9nagement portant approbation du\ndocument d'am\u00e9nagement  du 01/03/2024\nDRAAF PACA - 83-2024-03-01-00017 - Arr\u00eat\u00e9 d'am\u00e9nagement portant approbation du document d'am\u00e9nagement  du 01/03/202417\nPREFET\nDE LA REGION\nPROVENCE-  ALPES-\nCOTE  D'AZUR\nLibert\u00e9\nEgalit\u00e9\nFraternit\u00e9\n \nDirection r\u00e9gionale de l'alimentation,  \nde l'agriculture et de la for\u00eat  \n132 Boulevard de Paris - CS 70059  \u2013 13331 Marseille Cedex 03 - \nT\u00e9l\u00e9phone : 04.13.59.36.00  \nhttp://draaf.paca.agriculture.gouv.fr/  \n \nService R\u00e9gional de la For\u00eat et du Bois  \nD\u00e9partement : VAR \nFor\u00eat communale  de REGUSSE  \nContenance cadastrale : 726,9330  ha  \nSurface de gestion  : 726,93  ha \nR\u00e9vision d'am\u00e9nagement   \n2023  - 2042  Arr\u00eat\u00e9 d'am\u00e9nagement  \nportant approbation du document \nd'Am\u00e9nagement  de la for\u00eat communale de \nR\u00e9gusse pour la p\u00e9riode  2023 -2042  \n \nLe Pr\u00e9fet de la r\u00e9gion Provence -Alpes -C\u00f4te d'Azur,  \nPr\u00e9fet de la Zone de D\u00e9fense et de s\u00e9curit\u00e9 Sud,  \nPr\u00e9fet des Bouches -du-Rh\u00f4ne  \n \n \nVU les articles L124 -1,1\u00b0, L212 -1, L212 -2, D212 -1, D212 -2, R212 -3, D212 -5,2\u00b0, D214 -15, et D214 -16 du \nCode Forestier  ; \nVU l'arr\u00eat\u00e9 du 17 janvier 2023 portant d\u00e9l\u00e9gation de signature du Pr\u00e9fet de la r\u00e9gion Provence -Alpes -C\u00f4te \nd'Azur \u00e0 Madame St\u00e9phanie FLAUTO, directrice r\u00e9gionale de l'alimentation, de l'agriculture et de  la \nFor\u00eat de Provence -Alpes -C\u00f4te d'Azur  ; \nVU  le sch\u00e9ma r\u00e9gional d'am\u00e9nagement M\u00e9diterran\u00e9e basse  altitude de la r\u00e9gion Provence -Alpes -C\u00f4te \nd'Azur, arr\u00eat\u00e9 en date du 11/07 /2006  ; \nVU  l'arr\u00eat\u00e9 pr\u00e9fectoral en date du 25/05 /2007 r\u00e9glant l'am\u00e9nagement de la fo r\u00eat communale  de \nREGUSSE  pour la p\u00e9riode 2007  - 2021  ; \nVU la d\u00e9lib\u00e9ration du Conseil Municipal de la commune de R\u00e9gusse en date du 24/05/2023 , donnant son \naccord au projet d'am\u00e9nagement forestier qui lui a \u00e9t\u00e9 pr\u00e9sent\u00e9  ; \nSUR  proposition du Directeur terri torial de l'Office national des for\u00eats , en date du 16/02/2024  ; \n \n \nARRE TE \n \nArticle premier  : La for\u00eat communale  de REGUSSE  (VAR), d'une contenance de 726,93  ha, est affect\u00e9e \nprioritairement \u00e0 la fonction de production ligneuse et \u00e0 la fonction \u00e9cologique, t out en assurant sa fonction \nsociale et de protection physique, dans le cadre d'une gestion durable multifonctionnelle.   \n \nArticle 2  : Cette for\u00eat comprend une partie bois\u00e9e de 621,80 ha, actuellement compos\u00e9e de ch\u00eane \npubescent (62%), ch\u00eane vert (36%), a utres feuillu s (1%) et d'a utres r\u00e9sineux (1%). Le reste, soit 105,13 ha, \nest constitu\u00e9 de matorral s \u00e0 gen\u00e9vrier de Ph\u00e9nicie, pelouses et de vide s diffus \u00e0 l'int\u00e9rieur des peuplements \nforestiers . \nLes peuplements susceptibles de production ligneuse  seront trait \u00e9s en taillis sur 318, 87 ha, en taillis furet\u00e9 \nsur 289,41 ha et en  futaie r\u00e9guli\u00e8re sur 63, 81 ha . \nLes essences principales objectif qui d\u00e9terminent sur le long terme les grands choix de gestion de ces \npeuplements seront le ch\u00eane vert ( 267,2 7 ha), le ch\u00eane pubescent (403,61 ha), le c\u00e8dre de l'atlas (0,87  ha) \net le pin d'Alep  (0,34  ha). Les autres essences seront favoris\u00e9es  comme essences objectif associ\u00e9es ou \ncomme essences d'accompagnement.  \n \n DRAAF PACA - 83-2024-03-01-00017 - Arr\u00eat\u00e9 d'am\u00e9nagement portant approbation du document d'am\u00e9nagement  du 01/03/202418\n \n132 Boulevard de Paris - CS 70059  \u2013 13331 Marseille Cedex 03 - \nT\u00e9l\u00e9phone : 04.13.59.36.00  \nhttp://draaf. paca.agriculture.gouv.fr/   \nArticle 3  : Pendant une dur\u00e9e de 20 ans ( 2023  \u2013 2042 ) : \n-  La fo r\u00eat sera divis\u00e9e en 5 groupes de gestion  : \n\uf0a7 Un groupe d'am\u00e9lioration, d'une contenance totale de 63,47  ha, qui sera parcouru par des \ncoupes selon une rotation de 20 ans  ; \n\uf0a7 Un groupe de taillis furet\u00e9 , d'une contenance de 287,37 ha, qui fera l'objet de coupes  selon une \nrotation de 50 \u00e0 60 ans  ; \n\uf0a7 Un groupe de taillis simple, d'une contenance de 318,87  ha, qui fera l'objet de coupes de \nrenouvellement \u00e0 r\u00e9volution de 50 \u00e0 60  ans ;  \n\uf0a7 Un groupe d'\u00eelots de vieillissement trait\u00e9 en taillis furet\u00e9 , d'une contenance de 2,38 ha, qui fera \nl'objet d'une gestion sp\u00e9cifique, au profit de la biodiversit\u00e9  ; \n\uf0a7 Un groupe hors sylviculture, d'une contenance de 54,84  ha, qui pourra faire l'objet de travaux . \n- l'Office national des for\u00eats informe ra r\u00e9guli\u00e8rement le maire de la  commune d e REGUSSE de l'\u00e9tat de \nl'\u00e9quilibre sylvo -cyn\u00e9g\u00e9tique dans la for\u00eat, et ce dernier mettra en \u0153uvre toutes les mesures n\u00e9cessaires \u00e0 \nson maintien ou \u00e0 son r\u00e9tablissement en optimisant et suivant la capacit\u00e9 d'accueil, et en s'assurant en \nparticulier que le n iveau des demandes de plans de chasse concernant la for\u00eat est adapt\u00e9 \u00e0 l'\u00e9volution des \npopulations de grand gibier et des d\u00e9g\u00e2ts constat\u00e9s sur les peuplements  ; \n- les mesures d\u00e9finies par les consignes nationales de gestion visant \u00e0 la pr\u00e9servation de la b iodiversit\u00e9 \ncourante (notamment la conservation d'arbres isol\u00e9s \u00e0 cavit\u00e9s, morts, ou s\u00e9nescents) ainsi qu'\u00e0 la \npr\u00e9servation des sols et des eaux de surface, seront syst\u00e9matiquement mises en \u0153uvre.  \n \nArticle 4 : La Directrice R\u00e9gionale de l'Alimentation, de l'Agriculture, et de la For\u00eat et le Directeur territorial \nde l'Office national des for\u00eats sont charg\u00e9s, chacun en ce qui le concerne, de l'ex\u00e9cution du pr\u00e9sent arr\u00eat\u00e9, \nqui sera publi\u00e9 au recueil des actes administratifs du d\u00e9partement du Var. \n \n \nMarseille, le 1er mars 2024  \n \nPour le Pr\u00e9fet et par d\u00e9l\u00e9gation,  \nLa Directrice R\u00e9gionale de l'Alimentation, de l'Agriculture  \net de la For\u00eat,  \nSIGN\u00c9  \nSt\u00e9phanie FLAUTO  \n DRAAF PACA - 83-2024-03-01-00017 - Arr\u00eat\u00e9 d'am\u00e9nagement portant approbation du document d'am\u00e9nagement  du 01/03/202419\nDRAAF PACA\n83-2024-03-01-00014\nArr\u00eat\u00e9 d'am\u00e9nagement portant approbation du\ndocument d'am\u00e9nagement des for\u00eats\nd\u00e9partementales du 01/03/2024\nDRAAF PACA - 83-2024-03-01-00014 - Arr\u00eat\u00e9 d'am\u00e9nagement portant approbation du document d'am\u00e9nagement des for\u00eats\nd\u00e9partementales du 01/03/2024 20\nPREFET\nDE LA REGION\nPROVENCE-  ALPES-\nCOTE  D'AZUR\nLibert\u00e9\nEgalit\u00e9\nFraternit\u00e9\n \nDirection r\u00e9gionale de l'alimentation,  \nde l'agriculture et de la for\u00eat  \n132 Boulevard de Paris - CS 70059  \u2013 13331 Marseille Cedex 03 - \nT\u00e9l\u00e9phone : 04.13.59.36.00  \nhttp://draaf.paca.agriculture.gouv.fr/  \n \nService R\u00e9gional de la For\u00eat et du Bois  \nD\u00e9partement : VAR \nFor\u00eat d\u00e9partementale  de FORETS \nDEPARTEMENTALES  DE MEOUNES -LES-MONTRIEUX \nET DE LA ROQUEBRUSSANE   \n(ENS  DES COSTES , ENS  DES PLAINES D 'AGNIS, ENS  \nDE BIGARRA -AGNIS-PEYFERRIER , ENS  DES LONNES ) \nContenance  cadastrale : 282,6168  ha  \nSurface de gestion  : 281,13  ha \nPremier am\u00e9nagement   \n2022  - 2041  Arr\u00eat\u00e9 d'am\u00e9nagement  \nportant approbation du document \nd'am\u00e9nagement des  for\u00eats d\u00e9partementales de \nM\u00e9ounes -les-Montrieux et de la \nRoquebrussane (ENS des Costes, ENS de s \nPlaines d'Agnis, ENS de Bigarra -Agnis -\nPeyferrier, ENS des Lonnes)   \npour la p\u00e9riode 2022 -2041  avec application du \n2\u00b0 de l'article L122 -7 du code forestier  \n \n \nLe Pr\u00e9fet de la r\u00e9gion Provence -Alpes -C\u00f4te d'Azur,  \nPr\u00e9fet de la Zone de D\u00e9fense et de s\u00e9curit\u00e9 Su d, \nPr\u00e9fet des Bouches -du-Rh\u00f4ne  \n \nVU les articles L124 -1,1\u00b0, L212 -1, L212 -2, D212 -1, D212 -2, R212 -3, D212 -5,2\u00b0, D214 -15, et D214 -16 du \nCode Forestier  ; \nVU l'arr\u00eat\u00e9 du 17 janvier  2023 portant d\u00e9l\u00e9gation de signature du Pr\u00e9fet de la r\u00e9gion Provence -Alpes -C\u00f4te \nd'Azur \u00e0 M adame  St\u00e9phanie  FLAUTO, directrice r\u00e9gionale de l'alimentation, de l'agriculture et de la \nFor\u00eat de Provence -Alpes -C\u00f4te d'Azur  ; \nVU les articles  L122 -7, L122 -8, R122 -23 et R122 -24 du Code Forestier ;   \nVU  les articles  L414 -4 et R414 -19 du Code de l'Environnement ;  \nVU  le sch\u00e9ma r\u00e9gional d'am\u00e9nagement M\u00e9diterran\u00e9e basse  altitude de la r\u00e9gion Provence -Alpes -C\u00f4te \nd'Azur, arr\u00eat\u00e9 en date du 11/07 /2006  ; \nVU la d\u00e9lib\u00e9ration de la commission permanente du conseil d\u00e9partemental du Var en en date du \n31/01 /2023, donnant son accord au projet d'am\u00e9nagement forestier qui lui a \u00e9t\u00e9 pr\u00e9sent\u00e9, et \ndemandant le b\u00e9n\u00e9fice des articles L122 -7 et L122 -8 du code forestier au titre de la r\u00e9glementation  \nNatura 2000  ; \nSUR  proposition du Directeur territorial de l'Office nat ional des for\u00eats , en date du 16/02/2024  ; \n \nARRE TE \n \nArticle premier  : La for\u00eat d\u00e9partementale  de FORETS DEPARTEMENTALE S DE MEOUNES -LES-MONTRIEUX ET DE \nLA ROQUEBRUSSANE  (ENS  DES COSTES , ENS  DES PLAINES D 'AGNIS, ENS  DE BIGARRA -AGNIS-PEYFERRIER , ENS  \nDES LONNES ) (VAR), d'une contenance de 281,13  ha, est affect\u00e9e prioritairement \u00e0 la fonction  \u00e9cologique et \u00e0 \nla fonction sociale , tout en assurant sa fonction de protection physique  et de production ligneuse  dans le \ncadre d'une gestion durable multifonctionnelle .  \n \nArticle 2  : Cette for\u00eat comprend une partie bois\u00e9e de 231,27  ha, actuellement compos\u00e9e de ch\u00eane vert  \n(70%), ch\u00eane pubescent (15%), p in d'Alep  (12%), \u00e9rable de Montpellier  (1%), fr\u00eane commun (1%) et de p in \nmaritime (1%). Le reste, soit 49,86  ha, est constit u\u00e9 de matorral s, cultures et zones rocheuses . \nLes peuplements susceptibles de production ligneuse seront trait\u00e9s en taillis simple  sur 121, 02 ha, en futaie \nr\u00e9guli\u00e8re dont conversion en futaie r\u00e9guli\u00e8re sur 3 ,11 ha et  en taillis-sous -futaie sur 2,66  ha. DRAAF PACA - 83-2024-03-01-00014 - Arr\u00eat\u00e9 d'am\u00e9nagement portant approbation du document d'am\u00e9nagement des for\u00eats\nd\u00e9partementales du 01/03/2024 21\n \n132 Boulevard de Paris - CS 70059  \u2013 13331 Marseille Cedex 03 - \nT\u00e9l\u00e9phone : 04.13.59.36.00  \nhttp://draaf.paca.agriculture.gouv.fr/  Les essences principales objectif qui d\u00e9terminent sur le long terme les grands choix de gestion de ces \npeuplements seront le ch\u00eane  pubescent (2,13  ha), le ch\u00eane pubescent (15,37  ha), le ch\u00eane vert (108,31 ha) \net le pin maritime (0,98  ha). Les autres essences seront favoris\u00e9es  comme essences objectif associ\u00e9es ou \ncomme essences d'accompagnement.  \n \nArticle 3  : Pendant une dur\u00e9e de 20 ans ( 2022  \u2013 2041 ) : \n-  La for\u00eat sera divis\u00e9e en 5 groupes de gestion  : \n\uf0a7 Un groupe d'am\u00e9lioration, d'une contenance totale de 3,11 ha, qui sera parcouru par des coupes \nselon une rotation variant en fonction d e la croissance des peuplements  ; \n\uf0a7 Un groupe de taillis m\u00e9lang\u00e9 \u00e0 la futaie r\u00e9sineuse  d'une contenance de 2,66 ha, qui fera l'objet de \ncoupes selon une rotation de 50 ans  ; \n\uf0a7 Un groupe  de taillis simple, d'une contenance de 121,02  ha, qui fera l'objet de coupes de \nrenouvellement \u00e0 r\u00e9volution de 50 ans ;  \n\uf0a7 Un groupe d'\u00eelots de s\u00e9nescence, d'une contenance de 1,77 ha, qui sera laiss\u00e9 \u00e0 son \u00e9volution \nnaturelle, au profit de la biodiversit\u00e9  ; \n\uf0a7 Un groupe hors sylviculture, d'une contenance de 15 4,34 ha, qui pourra faire l'objet de travaux  ; \n- l'Office national des fo r\u00eats informera r\u00e9guli\u00e8rement le Conseil D\u00e9partemental du Var  de l'\u00e9tat de \nl'\u00e9quilibre sylvo -cyn\u00e9g\u00e9tique dans la for\u00eat, et ce dernie r mettra en \u0153uvre toutes les mesures n\u00e9cessaires \u00e0 \nson maintien ou \u00e0 son r\u00e9tablissement en optimisant et suivant la capacit\u00e9 d'accueil, et en s'assurant en \nparticulier que le niveau des demandes de plans de chasse concernant la for\u00eat est adapt\u00e9 \u00e0 l'\u00e9voluti on des \npopulations de grand gibier et des d\u00e9g\u00e2ts constat\u00e9s sur les peuplements  ; \n- les mesures d\u00e9finies par les consignes nationales de gestion visant \u00e0 la pr\u00e9servation de la biodiversit\u00e9 \ncourante (notamment la conservation d'arbres isol\u00e9s \u00e0 cavit\u00e9s, morts , ou s\u00e9nescents) ainsi qu'\u00e0 la \npr\u00e9servation des sols et des eaux de surface, seront syst\u00e9matiquement mises en \u0153uvre.  \n \nArticle 4 : Le document d'am\u00e9nagement des f or\u00eats d\u00e9partementales  de M\u00e9ounes -les-Montrieux et de la \nRoquebrussane  (ENS des Costes, ENS des Plaines d'Agnis, ENS de Bigarra -Agnis -Peyferrier, ENS des \nLonnes) , pr\u00e9sentement arr\u00eat\u00e9, est approuv\u00e9 par application du 2\u00b0 de l'article L122 -7 du code forestier, pour \nle programme de coupes et de travaux sylvicoles, \u00e0 l'exclusion de tout autre type de  travaux, au titre :  \n- de la r\u00e9glementation propre \u00e0 Natura 2000 relative \u00e0 zone sp\u00e9ciale de conservation FR9301606  \n\u00ab Sainte Baume  \u00bb, instaur\u00e9 e au titre de la Directive europ\u00e9enne \u00ab  Habitats naturels \u00bb  ; \n- de la r\u00e9glementation propre \u00e0 Natura 2000 relative \u00e0 zo ne sp\u00e9ciale de conservation FR9301608 \n\u00ab Mont Caume \u2013 Mont -Faron - For\u00eat Domaniale des Mori \u00e8res \u00bb, instaur\u00e9e au titre de la Directive \neurop\u00e9enne \u00ab  Habitats naturels \u00bb  ; \n \nArticle 5 : La Directrice R\u00e9gionale de l'Alimentation, de l'Agriculture, et de la For\u00eat  et le Directeur territorial \nde l'Office national des for\u00eats sont charg\u00e9s, chacun en ce qui le concerne, de l'ex\u00e9cution du pr\u00e9sent arr\u00eat\u00e9, \nqui sera publi\u00e9 au recueil des actes administratifs du d\u00e9partement du VAR. \n \nMarseille, le 1er mars 2024  \n \nPour le Pr\u00e9fet et par d\u00e9l\u00e9gation,  \nLa Directrice R\u00e9gionale de l'Alimentation, de l'Agriculture  \net de la For\u00eat,  \nSIGN\u00c9  \nSt\u00e9phanie FLAUTO  \n DRAAF PACA - 83-2024-03-01-00014 - Arr\u00eat\u00e9 d'am\u00e9nagement portant approbation du document d'am\u00e9nagement des for\u00eats\nd\u00e9partementales du 01/03/2024 22\nDRAAF PACA\n83-2024-03-01-00016\nArr\u00eat\u00e9 d'am\u00e9nagement portant approbation du\ndocument d'am\u00e9nagement du 01/03/2024\nDRAAF PACA - 83-2024-03-01-00016 - Arr\u00eat\u00e9 d'am\u00e9nagement portant approbation du document d'am\u00e9nagement du 01/03/202423\nPREFET\nDE LA REGION\nPROVENCE-  ALPES-\nCOTE  D'AZUR\nLibert\u00e9\nEgalit\u00e9\nFraternit\u00e9\n \nDirection r\u00e9gionale de l'alimentation,  \nde l'agriculture et de la for\u00eat  \n132 Boulevard de Paris - CS 70059  \u2013 13331 Marseille Cedex 03 - \nT\u00e9l\u00e9phone : 04.13.59.36.00  \nhttp://draaf.paca.agriculture.gouv.fr/  \n \nService R\u00e9gional de la For\u00eat et du Bois  \nD\u00e9partement : VAR \nFor\u00eat d\u00e9partementale  de ESPACES NATURELS  \nSENSIBLES DE BAUDOUVIN ET GRANDE CABANE  \nContenance cadastrale : 91,6907  ha  \nSurface de gestion  : 91,69  ha \nPremier am\u00e9nagement   \n2022  - 2041  Arr\u00eat\u00e9 d'am\u00e9nagem ent \nportant approbation  du document \nd'am\u00e9nagement des  Espaces Naturels \nSensibles de Baudouvin et Grande Cabane \npour la p\u00e9riode 2022 -2041  avec application du \n2\u00b0 de l'article L122 -7 du code forestier  \n \nLe Pr\u00e9fet de la r\u00e9gion Provence -Alpes -C\u00f4te d'Azur,  \nPr\u00e9fe t de la Zone de D\u00e9fense et de s\u00e9curit\u00e9 Sud,  \nPr\u00e9fet des Bouches -du-Rh\u00f4ne  \n \n \nVU les articles L124 -1,1\u00b0, L212 -1, L212 -2, D212 -1, D212 -2, R212 -3, D212 -5,2\u00b0, D214 -15, et D214 -16 du \nCode Forestier  ; \nVU l'arr\u00eat\u00e9 du 17 janvier 2023 portant d\u00e9l\u00e9gation de signature d u Pr\u00e9fet de la r\u00e9gion Provence -Alpes -C\u00f4te \nd'Azur \u00e0 Madame St\u00e9phanie FLAUTO, directrice r\u00e9gionale de l'alimentation, de l'agriculture et de la \nFor\u00eat de Provence -Alpes -C\u00f4te d'Azur  ; \nVU les articles  L122 -7, L122 -8, R122 -23 et R122 -24 du Code Forestier ;   \nVU  les articles  L414 -4 et R414 -19 du Code de l 'Environnement ;  \nVU les articles L341 -1 et R341 -9 du Code de l'Environnement  ; \nVU  le sch\u00e9ma r\u00e9gional d'am\u00e9nagement M\u00e9diterran\u00e9e basse  altitude de la r\u00e9gion Provence -Alpes -C\u00f4te \nd'Azur, arr\u00eat\u00e9 en date du 11/07 /2006 ; \nVU l'autorisation de  la Ministre de l'Environnement, de l'E nergie et de la mer, charg\u00e9e des relations \ninternationales sur le climat en date du 15/09/2022  \nVU la d\u00e9lib\u00e9ration de la commission permanente du conseil d\u00e9partemental du Var  en date du 31/01/2023, \ndonnant son accord au projet d'am\u00e9nagement forestier qui lui a \u00e9t\u00e9 pr\u00e9sent\u00e9, et demandant le \nb\u00e9n\u00e9fice des articles L122 -7 et L122 -8 du code forestier au titre de la r\u00e9glementation Natura  2000 et \ndu site class\u00e9 du Massif du  Coudon  ; \nSUR  proposition du Directeur territorial de l'Office national des for\u00eats , en date du 16/02/2024  ; \n \nARRE TE \n \nArticle premier  : La for\u00eat d\u00e9partementale  des ESPACES NATURELS  SENSIBLES DE BAUDOUVIN ET GRANDE \nCABANE  (VAR), d'une contenance de 91,69  ha, est affect\u00e9e prioritairement  \u00e0 la fonction \u00e9cologique et \u00e0 la \nfonction sociale , tout en assurant sa f onction  de protection physique  et de production ligneuse , dans le cadre \nd'une gestion durable multifonctionnelle.  \n \nArticle 2  : Cette for\u00eat comprend une partie bois\u00e9e de 38,23  ha, act uellement compos\u00e9e de pin d'A lep (63%), \nolivier (21%), ch\u00eane vert (15%) et c h\u00eane pubescent (1%). Le reste, soit 53,46  ha, est constitu\u00e9 de formation s \nrupestre s sur falaise . \nLes peuplements susceptibles de production ligneuse seront trait\u00e9s en futaie irr\u00e9gu li\u00e8re dont conversion en \nfutaie irr\u00e9 guli\u00e8re sur 31 ,7 ha et en t aillis sur 4 ,63 ha. DRAAF PACA - 83-2024-03-01-00016 - Arr\u00eat\u00e9 d'am\u00e9nagement portant approbation du document d'am\u00e9nagement du 01/03/202424\n \n132 Boulevard de Paris - CS 70059  \u2013 13331 Marseille Cedex 03 - \nT\u00e9l\u00e9phone : 04.13.59.36.00  \nhttp://draaf.paca.agriculture.gouv.fr/  Les essences principales objectif qui d\u00e9terminent sur le long terme les grands choix de gestion de ces \npeuplements seront l'olivier  (8,90  ha), le ch\u00eane vert (4,63 ha) et  le pin d'Alep  (22,80  ha). Les autres \nessences seront favoris\u00e9es  comme essences objectif associ\u00e9es ou comme essences d'accompagnement.  \n \nArticle 3  : Pendant une dur\u00e9e de 20 ans ( 2022  \u2013 2041 ) : \n-  La for\u00eat sera divis\u00e9e en 3 groupes de gestion  : \n\uf0a7 Un groupe de futa ie irr\u00e9guli\u00e8re, d'une contenance de 31,70  ha, qui sera parcouru  par des coupes \nvisant \u00e0 se rapprocher d'une structure \u00e9quilibr\u00e9e, selon une rotation de 20 ans ; \n\uf0a7 Un groupe de taillis simple, d'une contenance de 4,63 ha, qui fera l'objet de coupes de \nrenouve llement \u00e0 r\u00e9volution de 50 ans ;  \n\uf0a7 Un groupe hors sylvi culture, d'une contenance de 55,36  ha, qui pourra faire l'objet de travaux    \n- l'Office national des fo r\u00eats informera r\u00e9guli\u00e8rement le Conseil Departemental  du Var  de l'\u00e9tat  de \nl'\u00e9quilibre sylvo -cyn\u00e9g\u00e9ti que dans la for\u00eat, et ce dernier mettra en \u0153uvre toutes les mesures n\u00e9cessaires \u00e0 \nson maintien ou \u00e0 son r\u00e9tablissement en optimisant et suivant la capacit\u00e9 d'accueil, et en s'assurant en \nparticulier que le niveau des demandes de plans de chasse concernant la for\u00eat est adapt\u00e9 \u00e0 l'\u00e9volution des \npopulations de grand gibier et des d\u00e9g\u00e2ts constat\u00e9s sur les peuplements  ; \n- les mesures d\u00e9finies par les consignes nationales de gestion visant \u00e0 la pr\u00e9servation de la biodiversit\u00e9 \ncourante (notamment la conservation d 'arbres isol\u00e9s \u00e0 cavit\u00e9s, morts, ou s\u00e9nescents) ainsi qu'\u00e0 la \npr\u00e9servation des sols et des eaux de surface, seront syst\u00e9matiquement mises en \u0153uvre.  \n \nArticle 4 : Le document d'am\u00e9nagement de la for\u00eat d\u00e9partementale de s ESPACES NATURELS  SENSIBLES DE \nBAUDOUVI N ET GRANDE CABANE , pr\u00e9sentement arr\u00eat\u00e9, est approuv\u00e9 par application du 2\u00b0 de l'article L122 -7 \ndu code forestier, pour le programme de coupes et de travaux sylvicoles, \u00e0 l'exclusion de tout autre  type de \ntravaux , au titre :  \n- de la r\u00e9glementation  propre \u00e0  Natura 2000 relative \u00e0 zone sp\u00e9ciale de conservation  FR93016086  \n\u00ab Mont Caume - Mont Faron - For\u00eat domaniale des Mori\u00e8res  \u00bb, instaur\u00e9e au titre de la Directive europ\u00e9enne \n\u00ab Habitats naturels  \u00bb ; \n- de la r\u00e9glementation propre aux sites class\u00e9s pour le site class\u00e9 du Massif du Coudon.   \n \nArticle 5 : La Directrice R\u00e9gionale de l'Alimentation, de l'Agriculture, et de la For\u00eat et le Directeur territorial \nde l'Office national des for\u00eats sont charg\u00e9s, chacun en ce qui le concerne, de l'ex\u00e9cution du pr\u00e9sent arr\u00eat\u00e9, \nqui sera publi\u00e9 au recueil des actes administratifs du d\u00e9partement du Var. \n \nMarseille, le 1er mars 2024  \n \nPour le Pr\u00e9fet et par d\u00e9l\u00e9gation,  \nLa Directrice R\u00e9gionale de l'Alimentation, de l'Agriculture  \net de la For\u00eat,  \nSIGN\u00c9  \nSt\u00e9phanie FLAUTO  \n DRAAF PACA - 83-2024-03-01-00016 - Arr\u00eat\u00e9 d'am\u00e9nagement portant approbation du document d'am\u00e9nagement du 01/03/202425\nDRAAF PACA\n83-2024-03-01-00018\nArr\u00eat\u00e9 d'am\u00e9nagement portant approbation du\ndocument d'am\u00e9nagement du 01/03/2024\nDRAAF PACA - 83-2024-03-01-00018 - Arr\u00eat\u00e9 d'am\u00e9nagement portant approbation du document d'am\u00e9nagement du 01/03/202426\nPREFET\nDE LA REGION\nPROVENCE-  ALPES-\nCOTE  D'AZUR\nLibert\u00e9\nEgalit\u00e9\nFraternit\u00e9\n \nDirection r\u00e9gionale de l'alimentation,  \nde l'agriculture et de la fo r\u00eat  \n132 Boulevard de Paris - CS 70059  \u2013 13331 Marseille Cedex 03 - \nT\u00e9l\u00e9phone : 04.13.59.36.00  \nhttp://draaf.paca.agriculture.gouv.fr/  \n \nService R\u00e9gional de la For\u00eat et du Bois  \nD\u00e9partement : VAR \nFor\u00eat communale  de TOULON  \nContenance cadastrale : 288,1187  ha  \nSurface de gestion  : 290,39  ha \nR\u00e9vision d'am\u00e9nagement   \n2022  - 2041  Arr\u00eat\u00e9 d'am\u00e9nagement  \nportant approbation du document \nd'am\u00e9nagement de la for\u00eat communale de \nToulon pour la p\u00e9riode 2022 -2041  avec \napplication du 2\u00b0 de l'article L122 -7 du code \nforestier  \n \nLe Pr\u00e9fet de la r\u00e9gion Provence -Alpes -C\u00f4te d'Azur,  \nPr\u00e9fet de la Zone de D\u00e9fense et de s\u00e9curit\u00e9 Sud,  \nPr\u00e9fet des Bouches -du-Rh\u00f4ne  \n \n \nVU les articles L124 -1,1\u00b0, L212 -1, L212 -2, D212 -1, D212 -2, R212 -3, D212 -5,2\u00b0, D214 -15, et D214 -16 du \nCode Forestier  ; \nVU l'arr\u00eat\u00e9 du 17 janvier  2023 portant d\u00e9l\u00e9gation de signature du Pr\u00e9fet de la r\u00e9gion Provence -Alpes -C\u00f4te \nd'Azur \u00e0 M adame  St\u00e9phanie  FLAUTO , directrice r\u00e9gional e de l'alimentation, de l'agriculture et de la \nFor\u00eat de Provence -Alpes -C\u00f4te d'Azur  ; \nVU les articles  L122 -7, L122 -8, R122 -23 et R122 -24 du Code Forestier ;    \nVU  les articles  L414 -4 et R414 -19 du Code de l'Environnement ;  \nVU les articles L 341-1 et R341 -9 du Code de l'Environnement   \nVU  le sch\u00e9ma r\u00e9gional d'am\u00e9nagement M\u00e9diterran\u00e9e basse  altitude de la r\u00e9gion Provence -Alpes -C\u00f4te \nd'Azur, arr\u00eat\u00e9 en date du 11/07 /2006  ; \nVU  l'arr\u00eat\u00e9 pr\u00e9fectoral en date du 18/02 /2000 r\u00e9glant l'am\u00e9nagement de la for\u00eat communale  de TOULON  \npour la p\u00e9riode 1995  - 2010  ; \nVU l'autorisation de  la Ministre de l' Environnement, de l'\u00e9nergie et de la mer, charg\u00e9e des relations \ninternationales sur le climat en date du 22/11/2022  \nVU la d\u00e9lib\u00e9ration du Conseil Municipal  de la commune de Toulon  en date du 27/10 /2022, donnant son \naccord au projet d'am\u00e9nagement forestier qui lui a \u00e9t\u00e9 pr\u00e9sent\u00e9, et demandant le b\u00e9n\u00e9fice des articles \nL122 -7 et L122 -8 du code forestier au titre de la r\u00e9glementation Natura 2000 et du site class\u00e9 d u \nMont-Faron  ; \nSUR  proposition du Directeur territorial de l'Office national des for\u00eats , en date du 28/11/2023  ; \n \nARRE TE \n \nArticle premier  : La for\u00eat communale  de TOULON  (VAR), d'une contenance de 290,39  ha, est affect\u00e9e \nprioritairement \u00e0 la fonction  sociale  et \u00e0 la fonction \u00e9cologique, tout en assurant sa fonction de protection \nphysique, dans le cadre d'une gestion durable multifonctionnelle.   \n \nArticle 2  : Cette for\u00eat comprend une partie bois\u00e9e de 122,51  ha, actuellement compos\u00e9e de pin d'A lep \n(100%). Le reste , soit 167,88  ha, est constitu\u00e9 d '\u00e9boulis arbor\u00e9s, d'affleurements rocheux, de garrigue et de \nd\u00e9broussaillement DFCI . \n \n DRAAF PACA - 83-2024-03-01-00018 - Arr\u00eat\u00e9 d'am\u00e9nagement portant approbation du document d'am\u00e9nagement du 01/03/202427\n \n132 Boulevard de Paris - CS 70059  \u2013 13331 Marseille Cedex 03 - \nT\u00e9l\u00e9phone : 04.13.59.36.00  \nhttp://draaf.paca.agriculture.gouv.fr/   \nArticle 3  : Pendant une dur\u00e9e de 20 ans ( 2022  \u2013 2041 ) : \n-  La for\u00eat sera constitu\u00e9e d'un groupe  hors sylviculture avec possibilit\u00e9 d'in terventions.  \n- l'Office national des for\u00eats informera r\u00e9guli\u00e8rement le maire de la commune de  TOULON de l'\u00e9tat de \nl'\u00e9quilibre sylvo -cyn\u00e9g\u00e9tique dans la for\u00eat, et ce dernier mettra en \u0153uvre toutes les mesures n\u00e9cessaires \u00e0 \nson maintien ou \u00e0 son r\u00e9tablisseme nt en optimisant et suivant la capacit\u00e9 d'accueil, et en s'assurant en \nparticulier que le niveau des demandes de plans de chasse concernant la for\u00eat est adapt\u00e9 \u00e0 l'\u00e9volution des \npopulations de grand gibier et des d\u00e9g\u00e2ts constat\u00e9s sur les peuplements  ; \n- les mesures d\u00e9finies par les consignes nationales de gestion visant \u00e0 la pr\u00e9servation de la biodiversit\u00e9 \ncourante (notamment la conservation d'arbres isol\u00e9s \u00e0 cavit\u00e9s, morts, ou s\u00e9nescents) ainsi qu'\u00e0 la \npr\u00e9servation des sols et des eaux de surface, seront s yst\u00e9matiquement mises en \u0153uvre.  \n \nArticle 4 : Le document d'am\u00e9nagement de la for\u00eat communale  de TOULON , pr\u00e9sentement arr\u00eat\u00e9, est \napprouv\u00e9 par application du 2\u00b0 de l'article L122 -7 du code forestier, pour le programme de coupes et de \ntravaux sylvicoles, \u00e0 l 'exclusion de tout autre type de travaux , au titre :  \n- de la r\u00e9glementation propre \u00e0 Natura 2000 relative \u00e0 zone sp\u00e9ciale de conservation  FR9301608 MONT \nCAUME - MONT FARON - FORET DOMANIALE DES  MORIERES , instaur\u00e9 e au titre de la Directive \neurop\u00e9enne \u00ab  Habit ats naturels \u00bb  ; \n- de la r\u00e9glementation propre aux sites class\u00e9s pour le site class\u00e9 du Mont -Faron .  \n \nArticle 5 : La Directrice R\u00e9gionale de l'Alimentation, de l'Agriculture, et de la For\u00eat et le Directeur territorial \nde l'Office national des for\u00eats sont c harg\u00e9s, chacun en ce qui le concerne, de l'ex\u00e9cution du pr\u00e9sent arr\u00eat\u00e9, \nqui sera publi\u00e9 au recueil des actes administratifs du d\u00e9partement du Var. \n \nMarseille, le 1er mars 2024  \n \nPour le Pr\u00e9fet et par d\u00e9l\u00e9gation,  \nLa Directrice R\u00e9gionale de l'Alimentation, de l'Agriculture  \net de la For\u00eat,  \nSIGN\u00c9  \nSt\u00e9phanie FLAUTO  \n DRAAF PACA - 83-2024-03-01-00018 - Arr\u00eat\u00e9 d'am\u00e9nagement portant approbation du document d'am\u00e9nagement du 01/03/202428","date":"2025-01-07","first_seen_on":"2025-01-07T15:42:54+00:00","id":"904f93788aba2f072fdea851b3c081ef9f5d828e65f429660ad922fc80a2e646","name":"RAA N\u00b0004 du 7 janvier 2025","pdf_creation_date":"2025-01-07T15:29:15+00:00","pdf_modification_date":null,"timezone":"CET","url":"https://www.var.gouv.fr/contenu/telechargement/38576/253683/file/RAA%20N%C2%B0004%20du%207%20janvier%202025%20NON%20NOMINATIF.pdf"}
