{"administration":"pref13","administration_name":"Pr\u00e9fecture des Bouches-du-Rh\u00f4ne","content":"PREFETDES BOUCHES-DU-RHONELibert\u00e9Egalit\u00e9Fraternit\u00e9\nCabinet\nN\u00b0000365\nARR\u00caT\u00c9 ORDONNANT LA LEV\u00c9E DES MESURES D'URGENCE PRISES LORS DE \nL'\u00c9PISODE DE POLLUTION DE L'AIR PERSISTANT DES 13 ET 14 JUIN 2025\nLe pr\u00e9fet de la r\u00e9gion Provence-Alpes-C\u00f4te d'Azur\nPr\u00e9fet de la zone de d\u00e9fense de s\u00e9curit\u00e9 Sud\nPr\u00e9fet des Bouches-du-Rh\u00f4ne\nPr\u00e9fet de police des Bouches-du-Rh\u00f4ne\nVU le code g\u00e9n\u00e9ral des collectivit\u00e9s territoriales ;\nVU le code de l'environnement, notamment les articles L220-1 \u00e0 L226-9, L511-1 \u00e0 L517-2, R221-1 \n\u00e0 R226-14 et R511-9 \u00e0 R517-10 ;\nVU le code de la sant\u00e9 publique ;\nVU le code de la route ;\nVU le code des transports ;\nVU le code de la s\u00e9curit\u00e9 int\u00e9rieure, notamment ses articles R122-4, R122-5 et R*122-8 ;\nVU le code des relations entre le public et l'administration, notamment son article L221-2 ;\nVU le d\u00e9cret n\u00b02004-374 du 29 avril 2004, modifi\u00e9 par le d\u00e9cret n\u00b02010-146 du 16 f\u00e9vrier 2010,  \nrelatif aux pouvoirs des pr\u00e9fets, \u00e0 l'organisation des services de l'\u00c9tat dans les r\u00e9gions et d\u00e9 -\npartements et notamment son article 78-2 ;\nVU le d\u00e9cret n\u00b02016-858 du 29 juin 2016 relatif aux certificats qualit\u00e9 de l'air ;\nVU le d\u00e9cret n\u00b02017-782 du 5 mai 2017 renfor\u00e7ant les sanctions pour non-respect de l'usage  \ndes certificats qualit\u00e9 de l'air et des mesures d'urgence arr\u00eat\u00e9es en cas d'\u00e9pisode de pollution \natmosph\u00e9rique ;\nVU le d\u00e9cret du 12 mars 2025 portant nomination de M. Georges-Fran\u00e7ois LECLERC aux fonc -\ntions de pr\u00e9fet de la r\u00e9gion Provence-Alpes-C\u00f4te d'Azur, pr\u00e9fet de la zone de d\u00e9fense et de  \ns\u00e9curit\u00e9 Sud, pr\u00e9fet des Bouches-du-Rh\u00f4ne, et de pr\u00e9fet de police des Bouches-du-Rh\u00f4ne ;\nVU l'arr\u00eat\u00e9 interminist\u00e9riel du 7 avril 2016 relatif au d\u00e9clenchement des proc\u00e9dures pr\u00e9fecto -\nrales en cas d'\u00e9pisode de pollution de l'air ambiant, modifi\u00e9 par l'arr\u00eat\u00e9 interminist\u00e9riel du 26  \nao\u00fbt 2016 ;\nVU l'arr\u00eat\u00e9 interminist\u00e9riel du 21 juin 2016 \u00e9tablissant la nomenclature des v\u00e9hicules class\u00e9s  \nen fonction de leur niveau d'\u00e9mission de polluants atmosph\u00e9riques en application de l'article  \nR. 318-2 du code de la route ;\nPlace F\u00e9lix Baret - CS 80001  \u2013 13282 Marseille Cedex 06 -\nT\u00e9l\u00e9phone : 04.84.35.40.00\nwww.bouches-du-rhone.gouv.fr\n\nVU l'arr\u00eat\u00e9 minist\u00e9riel du 20 ao\u00fbt 2014 relatif aux recommandations sanitaires en vue de pr\u00e9 -\nvenir les effets de la pollution de l'air sur la sant\u00e9 ;\nVU l'arr\u00eat\u00e9 minist\u00e9riel du 29 juin 2016 relatif aux modalit\u00e9s de d\u00e9livrance et d'apposition des  \ncertificats qualit\u00e9 de l'air ;\nVU l'arr\u00eat\u00e9 minist\u00e9riel du 19 avril 2017 relatif au dispositif national de surveillance de la qualit\u00e9 \nde l'air ambiant ;\nVU l'arr\u00eat\u00e9 minist\u00e9riel du 13 mars 2018 modifiant l'arr\u00eat\u00e9 du 20 ao\u00fbt 2014 relatif aux recom -\nmandations sanitaires en vue de pr\u00e9venir les effets de la pollution de l'air sur la sant\u00e9, pris en  \napplication de l'article R. 221-4 du code de l'environnement ;\nVU l'arr\u00eat\u00e9 minist\u00e9riel du 27 juillet 2018 modifiant l'arr\u00eat\u00e9 du 5 mars 2018 portant renouvelle -\nment de l'agr\u00e9ment de l'association agr\u00e9\u00e9e pour la surveillance de la qualit\u00e9 de l'air ;\nVU l'arr\u00eat\u00e9 zonal du 20 juin 2017 relatif au dispositif d'urgence en cas d'\u00e9pisode de pollution  \nsur les d\u00e9partements des r\u00e9gions Occitanie et Provence-Alpes-C\u00f4te d'Azur ;\nVU l'arr\u00eat\u00e9 pr\u00e9fectoral du 17 mai 2013 portant approbation du Plan de Protection de l'Atmo -\nsph\u00e8re des Bouches-du-Rh\u00f4ne ;\nVU l'arr\u00eat\u00e9 pr\u00e9fectoral du 10 septembre 2019 portant organisation du dispositif d'urgence en  \ncas d'\u00e9pisode de pollution de l'air ambiant sur le d\u00e9partement des Bouches-du-Rh\u00f4ne ;\nVU l'arr\u00eat\u00e9 pr\u00e9fectoral du 23 juin 2023 modifiant l'arr\u00eat\u00e9 pr\u00e9fectoral du 10 septembre 2019  \nsusvis\u00e9 ;\nVU l'arr\u00eat\u00e9 pr\u00e9fectoral n\u00b0000357 du 12 juin 2025 portant mise en \u0153uvre le 13 juin 2025 de la  \ncirculation diff\u00e9renci\u00e9e suite \u00e0 un \u00e9pisode de pollution de l'air ;\nVU l'instruction technique du 24 septembre 2014 relative au d\u00e9clenchement des proc\u00e9dures  \npr\u00e9fectorales en cas d'\u00e9pisodes de pollution de l'air ambiant ;\nVU l'instruction du Gouvernement du 5 janvier 2017 relative \u00e0 la gestion des \u00e9pisodes de pol -\nlution de l'air ambiant ;\nVU l'arr\u00eat\u00e9 m\u00e9tropolitain du 28 juin 2022 relatif \u00e0 la cr\u00e9ation d'une Zone \u00e0 Faibles Emissions  \nmobilit\u00e9 (ZFE-m) sur le centre \u00e9largi de la commune de Marseille ;\nCONSID\u00c9RANT les pr\u00e9visions d'AtmoSud, selon lesquelles le seuil d'information-recomman -\ndation ne sera plus d\u00e9pass\u00e9 \u00e0 partir du 15 juin 2025 mettant ainsi fin \u00e0 l'\u00e9pisode de pollution  \nen cours ;\nA R R \u00ca T E\nArticle 1 \u2013 Lev\u00e9e des mesures d'urgence\nIl est mis fin au dispositif de circulation diff\u00e9renci\u00e9e \u00e0 compter du 15 juin 2025 \u00e0 00h00 sur le  \nterritoire  de  la  Zone  \u00e0  Faibles  \u00c9missions  mobilit\u00e9  (ZFE-m)  de  la  m\u00e9tropole  Aix-Marseille \nProvence.\n2\nArticle 2 \u2013 Abrogation de l'arr\u00eat\u00e9 pr\u00e9fectoral du 12 juin 2025\nL'arr\u00eat\u00e9 pr\u00e9fectoral n\u00b0000357 du 12 juin 2025 portant mise en \u0153uvre le 13 juin 2025 de la  \ncirculation  diff\u00e9renci\u00e9e  suite  \u00e0  un  \u00e9pisode  de  pollution  de  l'air  sur  le  d\u00e9partement  des \nBouches-du-Rh\u00f4ne est abrog\u00e9.\nArticle 3 \u2013 Ex\u00e9cution\nLe secr\u00e9taire g\u00e9n\u00e9ral, le directeur de cabinet du pr\u00e9fet des Bouches-du-Rh\u00f4ne, le directeur de \ncabinet  du  pr\u00e9fet  de  police,  le  directeur  d\u00e9partemental  des  territoires  et  de  la  mer,  le \ndirecteur r\u00e9gional de l'environnement, de l'am\u00e9nagement et du logement et le directeur de la \ndirection  interd\u00e9partementale  des  routes  M\u00e9diterran\u00e9e,  le  directeur  g\u00e9n\u00e9ral  de  l'agence \nr\u00e9gionale  de  sant\u00e9,  les  services  de  police  et  de  gendarmerie,  le  pr\u00e9sident  de  la  r\u00e9gion \nProvence-Alpes-C\u00f4te d'Azur, le maire de Marseille, la pr\u00e9sidente de la m\u00e9tropole Aix Marseille \nProvence, le pr\u00e9sident du directoire du Grand port maritime de Marseille et le pr\u00e9sident de  \nl'association agr\u00e9\u00e9e pour la surveillance de la qualit\u00e9 de l'air, sont charg\u00e9s, chacun en ce qui le \nconcerne, de l'ex\u00e9cution du pr\u00e9sent arr\u00eat\u00e9. \nFait \u00e0 Marseille, le 14/06/2025\nPour le pr\u00e9fet et par d\u00e9l\u00e9gation,\nla sous-pr\u00e9f\u00e8te de l'arrondissement d'Arles\nSign\u00e9\nC\u00e9cile LENGLET\n3","date":"2025-06-14","first_seen_on":"2025-06-14T16:08:21+00:00","id":"9058ea522785f8da0180930d8edd0c7b431cc7644a90b43f20e6891dc579c5d6","name":"recueil-13-2025-179 ter-recueil-des-actes-administratifs special du 13 juin 2025","pdf_creation_date":"2025-06-14T14:17:34+00:00","pdf_modification_date":null,"timezone":"Europe/Paris","url":"https://www.bouches-du-rhone.gouv.fr/contenu/telechargement/59822/423780/file/recueil-13-2025-179%20ter-recueil-des-actes-administratifs%20special%20du%2013%20juin%202025%20.pdf"}
