{"administration":"pref21","administration_name":"Pr\u00e9fecture de C\u00f4te-d\u2019Or","content":"PR\u00c9FET\nDE LA C\u00d4TE-D'OR\nRECUEIL DES ACTES\nADMINISTRATIFS SP\u00c9CIAL\nN\u00b021-2025-150\nPUBLI\u00c9 LE 28 OCTOBRE 2025\nSommaire\nDirection d\u00e9partementale des territoires de la C\u00f4te-d'Or / Cellule\n\u00c9ducation routi\u00e8re\n21-2025-10-21-00006 - Arr\u00eat\u00e9 N\u00b0 1577\nautorisant le renouvellement\nquinquennal de l'agr\u00e9ment permettant \u00e0 Monsieur Mohamed\nAZAKRI d'exploiter un \u00e9tablissement d'enseignement, \u00e0 titre\non\u00e9reux, de  la conduite des v\u00e9hicules \u00e0 moteur et de la s\u00e9curit\u00e9\nrouti\u00e8re, \nsous le n\u00b0 E 15 021 0005 0 \nd\u00e9nomm\u00e9\n\u00ab\u00a0AUTO-\u00c9COLE CHENOVE CONDUITE\u00bb\nsitu\u00e9 72, rue Maxime\nGuillot\n21300 CHENOVE (3 pages) Page 5\nDirection d\u00e9partementale des territoires de la C\u00f4te-d'Or / Service de l'eau\net des risques\n21-2025-10-24-00004 - Arr\u00eat\u00e9 pr\u00e9fectoral n\u00b0 1575 du 24 octobre 2025\nportant prescriptions sp\u00e9cifiques compl\u00e9mentaire \u00e0 d\u00e9claration au\ntitre de l'article L.181-1 du code de l'environnement concernant le\nnettoyage de la prise d'eau du ru de Solle sur la rigole de Montoillot sur\nla commune de SEMAREY (8 pages) Page 9\nDirection d\u00e9partementale des territoires de la C\u00f4te-d'Or / Service\nPr\u00e9servation et Am\u00e9nagement de l'Espace (SPAE)\n21-2025-10-27-00001 - Arr\u00eat\u00e9 pr\u00e9fectoral du 27 octobre 2025 portant\nrenouvellement du bureau de l'association fonci\u00e8re de\nCHARREY-SUR-SAONE (2 pages) Page 18\nDirection d\u00e9partementale des territoires de la C\u00f4te-d'Or / Service\nS\u00e9curit\u00e9 et Education Routi\u00e8re\n21-2025-10-27-00006 - Arr\u00eat\u00e9 N\u00b0 1582\nportant r\u00e9glementation\ntemporaire de la circulation pour la r\u00e9alisation de travaux de\nremplacement des joints de chauss\u00e9es sur les ouvrages situ\u00e9s au\nPR0+500 et 1+500 sens Paris->Lyon sur la M274 sur les communes de\nLongvic, Dijon, Ruffey-les-Echirey, Ahuy, Fontaine-les-Dijon, Daix, Talant,\nPlombi\u00e8res-les-Dijon et Saint-Apollinaire. (5 pages) Page 21\nDirection des services d\u00e9partementaux de l'\u00e9ducation nationale de\nC\u00f4te-d'Or / Service D\u00e9partemental \u00e0 la Jeunesse, \u00e0 l'engagement et\naux Sports\n21-2025-10-16-00005 - Nouvel arr\u00eat\u00e9 composition CDJSVA 2025 (4\npages) Page 27\nDRFiP Bourgogne Franche-Comt\u00e9 /\n21-2025-11-03-00003 - DRFIP 21-Subd\u00e9l\u00e9gation de signature en mati\u00e8re\nde pouvoir adjudicateur au 03112025 (2 pages) Page 32\n2\n21-2025-11-03-00001 - DRFIP21- D\u00e9l\u00e9gations sp\u00e9ciales de signature \nPGP-DIV ETAT DCDP au 03112025 (8 pages) Page 35\n21-2025-11-03-00002 - DRFIP21-D\u00e9l\u00e9gation sp\u00e9ciales de signature PPR\nau RPR-03112025 (3 pages) Page 44\nPr\u00e9fecture de la C\u00f4te-d'Or / Direction des Collectivit\u00e9s locales et des\nElections\n21-2025-10-22-00012 - Arr\u00eat\u00e9 portant recomposition de l'organe\nd\u00e9lib\u00e9rant de Dijon M\u00e9tropole (3 pages) Page 48\n21-2025-10-22-00005 - Arr\u00eat\u00e9 portant recomposition de l'organe\nd\u00e9lib\u00e9rant de la Communaut\u00e9 de Communes Auxonne-Pontailler\nVal-de-Sa\u00f4ne (3 pages) Page 52\n21-2025-10-22-00011 - Arr\u00eat\u00e9 portant recomposition de l'organe\nd\u00e9lib\u00e9rant de la Communaut\u00e9 de Communes des Vall\u00e9es de la Tille\net de l'Ignon (3 pages) Page 56\n21-2025-10-22-00006 - Arr\u00eat\u00e9 portant recomposition de l'organe\nd\u00e9lib\u00e9rant de la Communaut\u00e9 de Communes For\u00eats, Seine et Suzon\n(3 pages) Page 60\n21-2025-10-22-00004 - Arr\u00eat\u00e9 portant recomposition de l'organe\nd\u00e9lib\u00e9rant de la Communaut\u00e9 de Communes La Plaine Dijonnaise  (3\npages) Page 64\n21-2025-10-22-00007 - Arr\u00eat\u00e9 portant recomposition de l'organe\nd\u00e9lib\u00e9rant de la Communaut\u00e9 de Communes Mirebellois et\nFontenois (3 pages) Page 68\n21-2025-10-22-00008 - Arr\u00eat\u00e9 portant recomposition de l'organe\nd\u00e9lib\u00e9rant de la Communaut\u00e9 de Communes Norge et Tille (2 pages) Page 72\n21-2025-10-22-00010 - Arr\u00eat\u00e9 portant recomposition de l'organe\nd\u00e9lib\u00e9rant de la Communaut\u00e9 de Communes Tille et Venelle (3\npages) Page 75\n21-2025-10-22-00009 - Arr\u00eat\u00e9 portant recomposition de l'organe\nd\u00e9lib\u00e9rant de la Communaut\u00e9 de Communes Ouche et Montagne (3\npages) Page 79\n21-2025-10-27-00005 - Arr\u00eat\u00e9 portant recomposition de l'organe\nd\u00e9lib\u00e9rant de la Communaut\u00e9 d'agglom\u00e9ration Beaune, C\u00f4te\net Sud - Beaune-Chagny-Nolay (3 pages) Page 83\n21-2025-10-24-00003 - Arr\u00eat\u00e9 pr\u00e9fectoral n\u00b0 1576 portant\nmodification de la commission de contr\u00f4le des listes \u00e9lectorales de la\ncommune de DIJON (2 pages) Page 87\nSous-pr\u00e9fecture de Beaune /\n21-2025-10-28-00003 - Arr\u00eat\u00e9 portant recomposition de l'organe\nd\u00e9lib\u00e9rant de la Communaut\u00e9 de Communes de Gevrey-Chambertin\net de Nuits-Saint-Georges (4 pages) Page 90\n3\n21-2025-10-28-00005 - Arr\u00eat\u00e9 portant recomposition de l'organe\nd\u00e9lib\u00e9rant de la Communaut\u00e9 de Communes de Pouilly-en-Auxois /\nBligny-sur-Ouche (3 pages) Page 95\n21-2025-10-28-00004 - Arr\u00eat\u00e9 portant recomposition de l'organe\nd\u00e9lib\u00e9rant de la Communaut\u00e9 de Communes du pays Arnay-Liernais\n(3 pages) Page 99\n21-2025-10-28-00006 - Arr\u00eat\u00e9 portant recomposition de l'organe\nd\u00e9lib\u00e9rant de la Communaut\u00e9 de Communes Rives de Sa\u00f4ne (3\npages) Page 103\nSous-pr\u00e9fecture de Montbard /\n21-2025-10-23-00006 - Arr\u00eat\u00e9 portant recomposition de l'organe\nd\u00e9lib\u00e9rant de la Communaut\u00e9 de Communes des Terres d'Auxois (4\npages) Page 107\n21-2025-10-23-00004 - Arr\u00eat\u00e9 portant recomposition de l'organe\nd\u00e9lib\u00e9rant de la Communaut\u00e9 de Communes du Montbardois (3\npages) Page 112\n21-2025-10-23-00005 - Arr\u00eat\u00e9 portant recomposition de l'organe\nd\u00e9lib\u00e9rant de la Communaut\u00e9 de Communes du Pays Ch\u00e2tillonnais\n(5 pages) Page 116\n21-2025-10-23-00007 - Arr\u00eat\u00e9 portant recomposition de l'organe\nd\u00e9lib\u00e9rant de la Communaut\u00e9 de Communes du Pays d'Al\u00e9sia et\nde la Seine (3 pages) Page 122\n21-2025-10-23-00003 - Arr\u00eat\u00e9 portant recomposition de l'organe\nd\u00e9lib\u00e9rant de la Communaut\u00e9 de Communes Saulieu-Morvan (2\npages) Page 126\n4\nDirection d\u00e9partementale des territoires de la\nC\u00f4te-d'Or\nCellule \u00c9ducation routi\u00e8re\n21-2025-10-21-00006\nArr\u00eat\u00e9 N\u00b0 1577\nautorisant le renouvellement quinquennal de\nl'agr\u00e9ment permettant \u00e0 Monsieur Mohamed\nAZAKRI d'exploiter un \u00e9tablissement\nd'enseignement, \u00e0 titre on\u00e9reux, de  la conduite\ndes v\u00e9hicules \u00e0 moteur et de la s\u00e9curit\u00e9 routi\u00e8re, \nsous le n\u00b0 E 15 021 0005 0 \nd\u00e9nomm\u00e9 \u00ab\u00a0AUTO-\u00c9COLE CHENOVE\nCONDUITE\u00bb\nsitu\u00e9 72, rue Maxime Guillot\n21300 CHENOVE\nDirection d\u00e9partementale des territoires de la C\u00f4te-d'Or - 21-2025-10-21-00006 - Arr\u00eat\u00e9 N\u00b0 1577\nautorisant le renouvellement quinquennal de l'agr\u00e9ment permettant \u00e0 Monsieur Mohamed AZAKRI d'exploiter un \u00e9tablissement\nd'enseignement, \u00e0 titre on\u00e9reux, de  la conduite des v\u00e9hicules \u00e0 moteur et de la s\u00e9curit\u00e9 routi\u00e8re, \nsous le n\u00b0 E 15 021 0005 0 \nd\u00e9nomm\u00e9 \u00ab\u00a0AUTO-\u00c9COLE CHENOVE CONDUITE\u00bb\nsitu\u00e9 72, rue Maxime Guillot\n21300 CHENOVE\n5\n=xPREFETDELACOTE-D'ORLibert\u00e9Egalit\u00e9Fraternit\u00e9\nDirection d\u00e9partementale des territoires\nde la C\u00f4te-d'Or\nService de la S\u00e9curit\u00e9 et de l'\u00c9ducation Routi\u00e8re\nBureau de l'\u00c9ducation Routi\u00e8re\nT\u00e9l. : 03 80 29 42 84\nM\u00e9l : ddt-ber@cote-dor.gouv.fr     \nDijon, le 21 octobre 2025 \nArr\u00eat\u00e9 N\u00b0 1577\nautorisant le renouvellement quinquennal de l'agr\u00e9ment permettant \u00e0 Monsieur\nMohamed AZAKRI d'exploiter un \u00e9tablissement d'enseignement, \u00e0 titre on\u00e9reux, de  la\nconduite des v\u00e9hicules \u00e0 moteur et de la s\u00e9curit\u00e9 routi\u00e8re, \nsous le n\u00b0 E 15 021 0005 0 \nd\u00e9nomm\u00e9 \u00ab AUTO-\u00c9COLE CHENOVE CONDUITE\u00bb\nsitu\u00e9 72, rue Maxime Guillot\n21300 CHENOVE\nLe pr\u00e9fet de la C\u00f4te-d'Or\nVU le code de la route, notamment ses articles L.213-1 \u00e0 R.213-9 ;\nVU l'ordonnance n\u00b0 2014-1090 du 26 septembre 2014 relative \u00e0 la mise en accessibilit\u00e9 des\n\u00e9tablissements recevant du public, des transports publics, des b\u00e2timents d'habitation et\nde la voirie pour des personnes handicap\u00e9es ;\nVU la loi n\u00b0 2015-990 du 06 ao\u00fbt 2015 pour la croissance, l'activit\u00e9 et l'\u00e9galit\u00e9 des chances\n\u00e9conomiques, et notamment son article 23 modifiant l'article L.213-1 du code de la route ;\nVU l'arr\u00eat\u00e9 du 08 janvier 2001 relatif \u00e0 l'exploitation des \u00e9tablissements d'enseignement, \u00e0\ntitre on\u00e9reux, de la conduite des v\u00e9hicules \u00e0 moteur et de la s\u00e9curit\u00e9 routi\u00e8re ;\nVU l'arr\u00eat\u00e9 du 08 janvier 2001 cr\u00e9ant un registre national de l'enseignement de la conduite\ndes v\u00e9hicules \u00e0 moteur et de la s\u00e9curit\u00e9 routi\u00e8re ;\nVU l'arr\u00eat\u00e9  pr\u00e9fectoral  n\u00b0  507  du  28  mars  2025  donnant  d\u00e9l\u00e9gation  de  signature  \u00e0\nMadame Manuelle DUPUY, Directrice D\u00e9partementale des Territoires ;\nDirection d\u00e9partementale des territoires de la C\u00f4te-d'Or\n57 rue de Mulhouse- BP 53317 - 21033 DIJON cedex\nt\u00e9l : 03 80 29 44 44 \u2013 Courriel : ddt@cote-dor.gouv.fr\nDirection d\u00e9partementale des territoires de la C\u00f4te-d'Or - 21-2025-10-21-00006 - Arr\u00eat\u00e9 N\u00b0 1577\nautorisant le renouvellement quinquennal de l'agr\u00e9ment permettant \u00e0 Monsieur Mohamed AZAKRI d'exploiter un \u00e9tablissement\nd'enseignement, \u00e0 titre on\u00e9reux, de  la conduite des v\u00e9hicules \u00e0 moteur et de la s\u00e9curit\u00e9 routi\u00e8re, \nsous le n\u00b0 E 15 021 0005 0 \nd\u00e9nomm\u00e9 \u00ab\u00a0AUTO-\u00c9COLE CHENOVE CONDUITE\u00bb\nsitu\u00e9 72, rue Maxime Guillot\n21300 CHENOVE\n6\n2\nVU l'arr\u00eat\u00e9 pr\u00e9fectoral n\u00b0 1333 du 28  ao\u00fbt 2025 portant subd\u00e9l\u00e9gation de signature aux\nagents de la Direction D\u00e9partementale des Territoires de la C\u00f4te-d'Or ;\nConsid\u00e9rant la  demande  pr\u00e9sent\u00e9e  par  Monsieur  Mohamed  AZAKRI en  date  du  30\nseptembre 2025 en vue du renouvellement quinquennal de son agr\u00e9ment ;\nConsid\u00e9rant que la demande remplit les conditions r\u00e9glementaires ;\nSUR proposition de la Directrice D\u00e9partementale des Territoires de la C\u00f4te-d'Or ;\nARR\u00caTE\nArticle 1er : Monsieur Mohamed AZAKRI est autoris\u00e9 \u00e0 exploiter, sous le n\u00b0 E 15 021 0005 0\nun \u00e9tablissement d'enseignement, \u00e0 titre on\u00e9reux, de la conduite des v\u00e9hicules \u00e0 moteur\net  de  la  s\u00e9curit\u00e9  routi\u00e8re,  d\u00e9nomm\u00e9  \u00ab AUTO-\u00c9COLE  CHENOVE  CONDUITE \u00bb  situ\u00e9\n72, rue Maxime Guillot - 21300 CHENOVE.\nArticle 2 : Cet agr\u00e9ment est prorog\u00e9 pour une dur\u00e9e de cinq ans \u00e0 compter de la date du\npr\u00e9sent  arr\u00eat\u00e9.  Sur  demande  de  l'exploitant  pr\u00e9sent\u00e9e  deux  mois  avant  la  date\nd'expiration  de  la  validit\u00e9  de  son  agr\u00e9ment,  celui-ci  sera  renouvel\u00e9  si  l'\u00e9tablissement\nremplit toutes les conditions requises.\nArticle  3 :  L'\u00e9tablissement  est  habilit\u00e9,  au  vu  des  autorisations  d'enseigner  fournies,  \u00e0\ndispenser les formations pour les cat\u00e9gories de permis suivantes : \n\u27a2 A\n\u27a2 B/B1/AM- quadri l\u00e9ger\nArticle 4 : Le pr\u00e9sent agr\u00e9ment n'est valable que pour l'exploitation d'un \u00e9tablissement, \u00e0\ntitre personnel par son titulaire, sous r\u00e9serve de l'application des prescriptions de l'arr\u00eat\u00e9\ndu 8 janvier 2001 susvis\u00e9.\nArticle 5 : En cas de changement d'adresse ou de reprise du local par un autre exploitant,\nune  nouvelle  demande  d'agr\u00e9ment  devra  \u00eatre  pr\u00e9sent\u00e9e  deux  mois  avant  la  date  du\nchangement ou de la reprise.\nArticle 6 : Pour toute transformation du local d'activit\u00e9, tout abandon ou toute extension\nd'une  formation,  l'exploitant  est  tenu  d'adresser  une  demande  de  modification  du\npr\u00e9sent arr\u00eat\u00e9.\nArticle 7  : L'agr\u00e9ment peut \u00eatre \u00e0 tout moment suspendu ou retir\u00e9 selon les conditions\nfix\u00e9es par les articles 12 \u00e0 14 de l'arr\u00eat\u00e9 susvis\u00e9.\nDirection d\u00e9partementale des territoires de la C\u00f4te-d'Or\n57 rue de Mulhouse- BP 53317 - 21033 DIJON cedex\nt\u00e9l : 03 80 29 44 44 \u2013 Courriel : ddt@cote-dor.gouv.fr\nDirection d\u00e9partementale des territoires de la C\u00f4te-d'Or - 21-2025-10-21-00006 - Arr\u00eat\u00e9 N\u00b0 1577\nautorisant le renouvellement quinquennal de l'agr\u00e9ment permettant \u00e0 Monsieur Mohamed AZAKRI d'exploiter un \u00e9tablissement\nd'enseignement, \u00e0 titre on\u00e9reux, de  la conduite des v\u00e9hicules \u00e0 moteur et de la s\u00e9curit\u00e9 routi\u00e8re, \nsous le n\u00b0 E 15 021 0005 0 \nd\u00e9nomm\u00e9 \u00ab\u00a0AUTO-\u00c9COLE CHENOVE CONDUITE\u00bb\nsitu\u00e9 72, rue Maxime Guillot\n21300 CHENOVE\n7\n3\nArticle 8  : Le pr\u00e9sent agr\u00e9ment et toute d\u00e9cision affectant sa validit\u00e9 seront enregistr\u00e9s\ndans le registre national de l'enseignement de la conduite des v\u00e9hicules \u00e0 moteur et de la\ns\u00e9curit\u00e9 routi\u00e8re cr\u00e9\u00e9 par l'arr\u00eat\u00e9 du 8 janvier 2001 pr\u00e9cit\u00e9. Conform\u00e9ment \u00e0 la loi n\u00b0 78-17\ndu 6 janvier 1978 relative \u00e0 l'informatique, aux fichiers et aux libert\u00e9s, toute personne peut\nobtenir communication et, le cas \u00e9ch\u00e9ant, rectification ou suppression des informations\nla concernant, en s'adressant \u00e0 la direction d\u00e9partementale des territoires.\nArticle 9 : Si vous estimez devoir contester la pr\u00e9sente d\u00e9cision, vous pouvez former :\n\u2022 un recours gracieux aupr\u00e8s de mes services\n\u2022 un recours hi\u00e9rarchique aupr\u00e8s du ministre charg\u00e9 de la s\u00e9curit\u00e9 routi\u00e8re\n\u2022 un recours contentieux devant le tribunal administratif du lieu de votre r\u00e9sidence,\nque  vous  pouvez  saisir  au  moyen  de  l'application  informatique  t\u00e9l\u00e9recours  citoyen\naccessible par le biais du site www.telerecours.fr dans un d\u00e9lai de deux mois \u00e0 compter de\nsa notification ou de sa publication.\nLes recours administratifs doivent \u00eatre pr\u00e9sent\u00e9s dans ce m\u00eame d\u00e9lai de deux mois si vous\nsouhaitez conserver la possibilit\u00e9 de saisir ult\u00e9rieurement le juge administratif. Ces voies\nde recours n'ont pas d'effet suspensif.\nArticle 10  : La directrice d\u00e9partementale des territoires est charg\u00e9e de l'ex\u00e9cution du\npr\u00e9sent arr\u00eat\u00e9, qui sera publi\u00e9 au recueil des actes administratifs de la pr\u00e9fecture de C\u00f4te-\nd'Or, et dont copie sera adress\u00e9e \u00e0 Monsieur Mohamed AZAKRI.\nFait \u00e0 Dijon, le 21 octobre 2025\nLa directrice d\u00e9partementale des territoires,\nORIGINAL SIGN\u00c9\nManuelle DUPUY\nDirection d\u00e9partementale des territoires de la C\u00f4te-d'Or\n57 rue de Mulhouse- BP 53317 - 21033 DIJON cedex\nt\u00e9l : 03 80 29 44 44 \u2013 Courriel : ddt@cote-dor.gouv.fr\nDirection d\u00e9partementale des territoires de la C\u00f4te-d'Or - 21-2025-10-21-00006 - Arr\u00eat\u00e9 N\u00b0 1577\nautorisant le renouvellement quinquennal de l'agr\u00e9ment permettant \u00e0 Monsieur Mohamed AZAKRI d'exploiter un \u00e9tablissement\nd'enseignement, \u00e0 titre on\u00e9reux, de  la conduite des v\u00e9hicules \u00e0 moteur et de la s\u00e9curit\u00e9 routi\u00e8re, \nsous le n\u00b0 E 15 021 0005 0 \nd\u00e9nomm\u00e9 \u00ab\u00a0AUTO-\u00c9COLE CHENOVE CONDUITE\u00bb\nsitu\u00e9 72, rue Maxime Guillot\n21300 CHENOVE\n8\nDirection d\u00e9partementale des territoires de la\nC\u00f4te-d'Or\nService de l'eau et des risques\n21-2025-10-24-00004\nArr\u00eat\u00e9 pr\u00e9fectoral n\u00b0 1575 du 24 octobre 2025\nportant prescriptions sp\u00e9cifiques\ncompl\u00e9mentaire \u00e0 d\u00e9claration au titre de l'article\nL.181-1 du code de l'environnement concernant\nle nettoyage de la prise d'eau du ru de Solle sur\nla rigole de Montoillot sur la commune de\nSEMAREY\nDirection d\u00e9partementale des territoires de la C\u00f4te-d'Or - 21-2025-10-24-00004 - Arr\u00eat\u00e9 pr\u00e9fectoral n\u00b0 1575 du 24 octobre 2025\nportant prescriptions sp\u00e9cifiques compl\u00e9mentaire \u00e0 d\u00e9claration au titre de l'article L.181-1 du code de l'environnement concernant le\nnettoyage de la prise d'eau du ru de Solle sur la rigole de Montoillot sur la commune de SEMAREY\n9\nPREFETDELACOTE-D'ORLibert\u00e9Egalit\u00e9Fraternit\u00e9\nDirection d\u00e9partementale des territoires\nde la C\u00f4te-d'Or\nAffaire suivie par :\nService de l'eau et des risques\nBureau police de l'eau\nArr\u00eat\u00e9  pr\u00e9fectoral  n\u00b0 1575  du  24  octobre  2025  portant  prescriptions  sp\u00e9cifiques\ncompl\u00e9mentaire  \u00e0 d\u00e9claration  au  titre  de  l'article  L.181-1  du code  de  l'environnement\nconcernant le nettoyage de la prise d'eau du ru de Solle sur la rigole de Montoillot sur la\ncommune de SEMAREY\nLe Pr\u00e9fet de la C\u00f4te-d'Or\nVU la Directive Cadre Europ\u00e9enne sur l'Eau n\u00b0 2000/60/CE du 23 octobre 2000 \u00e9tablissant\nun cadre pour une politique communautaire dans le domaine de l'eau ;\nVU le code de l'environnement ;\nVU le code rural et de la p\u00eache maritime et notamment les articles L.151-36 \u00e0 L.151-40 ;\nVU  la loi du 29 d\u00e9cembre 1892 relative aux dommages caus\u00e9s \u00e0 la propri\u00e9t\u00e9 priv\u00e9e par\nl'ex\u00e9cution des travaux publics ;\nVU le d\u00e9cret  n\u00b0 2004-374 du  29 avril 2004  modifi\u00e9 relatif  aux  pouvoirs  des  pr\u00e9fets,  \u00e0\nl'organisation et \u00e0 l'action des services de l'\u00c9tat dans les r\u00e9gions et d\u00e9partements ;\nVU le d\u00e9cret n\u00b0  2020-828 du 30 juin 2020 modifiant la nomenclature et la proc\u00e9dure en\nmati\u00e8re de police de l'eau ;\nVU  le  sch\u00e9ma  directeur  d'am\u00e9nagement  et  de  gestion  des  eaux  (SDAGE)  Rh\u00f4ne\nM\u00e9diterran\u00e9e 2022 \u2013 2027 , approuv\u00e9 le 21 mars 2022 ;\nVU le  Sch\u00e9ma  d'Am\u00e9nagement  et  de  Gestion  des  Eaux  (SAGE)  du  bassin  versant  de\nl'Ouche approuv\u00e9 le 13 d\u00e9cembre 2013 ;\nVU le d\u00e9cret n\u00b0 93-742 du 29 mars 1993 modifi\u00e9 relatif aux proc\u00e9dures d'autorisation et de\nd\u00e9claration pr\u00e9vues par l'article en application du L 214-3 du code de l'environnement ;\nVU l'arr\u00eat\u00e9 du 9 ao\u00fbt 2006   relatif aux niveaux \u00e0 prendre en compte lors d'une analyse de\nrejets dans les eaux de surface ou de s\u00e9diments marins, estuariens ou extraits de cours\nd'eau  ou  canaux  relevant  respectivement  des  rubriques  2.2.3.0,  4.1.3.0  et  3.2.1.0  de  la\nnomenclature annex\u00e9e au d\u00e9cret n\u00b0 93-743 du 29 mars 1993 ;\n1/8\nDirection d\u00e9partementale des territoires de la C\u00f4te-d'Or\n57 , rue de Mulhouse - BP 53317 - 21033 Dijon CEDEX\nT\u00e9l. : 03 80 29 44 44\nCourriel : ddt@cote-dor.gouv.fr - Site internet : http://www.cote-dor.gouv.fr\nDirection d\u00e9partementale des territoires de la C\u00f4te-d'Or - 21-2025-10-24-00004 - Arr\u00eat\u00e9 pr\u00e9fectoral n\u00b0 1575 du 24 octobre 2025\nportant prescriptions sp\u00e9cifiques compl\u00e9mentaire \u00e0 d\u00e9claration au titre de l'article L.181-1 du code de l'environnement concernant le\nnettoyage de la prise d'eau du ru de Solle sur la rigole de Montoillot sur la commune de SEMAREY\n10\nVU l'arr\u00eat\u00e9 du 30 mai 2008 fixant les prescriptions g\u00e9n\u00e9rales applicables aux op\u00e9rations\nd'entretien de cours d'eau ou canaux soumis \u00e0 autorisation ou \u00e0 d\u00e9claration en application\ndes articles L. 214-1 \u00e0 L.214-6 du code de l'environnement et relevant de la rubrique 3.2.1.0\nde la nomenclature annex\u00e9e au tableau de l'article R.214-1 du code de l'environnement ;\nVU l'arr\u00eat\u00e9 du 08 f\u00e9vrier 2013 compl\u00e9mentaire \u00e0 l'arr\u00eat\u00e9 du 9 ao\u00fbt 2006  relatif aux niveaux\n\u00e0 prendre en compte lors d'une analyse de rejets dans les eaux de surface ou de s\u00e9diments\nmarins,  estuariens  ou  extraits  de  cours  d'eau  ou  canaux  relevant  respectivement  des\nrubriques 2.2.3.0, 4.1.3.0 et 3.2.1.0 de la nomenclature annex\u00e9e \u00e0 l'article R.214-1 du code de\nl'environnement ;\nVU l'arr\u00eat\u00e9 pr\u00e9fectoral n\u00b0 507 du 28 mars 2025 donnant d\u00e9l\u00e9gation de signature \u00e0 Madame\nManuelle DUPUY, directrice d\u00e9partementale des Territoires de la C\u00f4te-d'Or ; \n \nVU l'arr\u00eat\u00e9 pr\u00e9fectoral n\u00b0 1333 du 28 ao\u00fbt 2025 portant d\u00e9l\u00e9gation de signature aux agents\nde la direction d\u00e9partementale des Territoires de C\u00f4te-d'Or ;\nVU le dossier de d\u00e9claration au titre de l'article L 214-3 du code de l'environnement re\u00e7u le\n02/09/2025, pr\u00e9sent\u00e9 par VOIE NAVIGABLES DE FRANCE (VNF), enregistr\u00e9 sous le n\u00b02 1-\n2025-000217 et relatif aux travaux de nettoyage de la prise d'eau du ru de Solle sur la rigole\nde Montoillot sur la commune de SEMAREY ;\nVU la consultation du d\u00e9clarant en phase contradictoire en date du 23 octobre 2025 et\nl'absence de remarque sur le projet d'arr\u00eat\u00e9 des prescriptions sp\u00e9cifiques ;\nCONSID\u00c9RANT que les installations, ouvrages, travaux et activit\u00e9s vis\u00e9s \u00e0 l'article L.214-1\ndu  Code  de  l'environnement  sont  soumis  \u00e0  autorisation  ou  \u00e0  d\u00e9claration  suivant  les\ndangers  qu'ils  pr\u00e9sentent  et  la  gravit\u00e9  de  leurs  effets  sur  la  ressource  en  eau  et  les\n\u00e9cosyst\u00e8mes aquatiques ;\nCONSID\u00c9RANT que les travaux d'entretien de la prise d'eau du ru de Solle sur la rigole de\nMontoillot, par l'enl\u00e8vement de mat\u00e9riaux s\u00e9dimentaires , entre dans la nomenclature des\nop\u00e9rations  soumises  \u00e0  d\u00e9claration  au  titre  de  l'article  L.214-6  du  Code  de\nl'environnement ;\nCONSID\u00c9RANT que les travaux sont compatibles avec les orientations et les objectifs du\nSDAGE Rh\u00f4ne M\u00e9diterran\u00e9e 2022 \u2013 2027;\nCONSID\u00c9RANT  que  les  travaux  envisag\u00e9s  n'entra\u00eenent  pas  d'aggravation  du  risque\ninondation ;\nCONSID\u00c9RANT que le pr\u00e9fet peut imposer par arr\u00eat\u00e9 toutes prescriptions particuli\u00e8res\nn\u00e9cessaires ;\nCONSID\u00c9RANT que  la  rubrique  3.2.1.0.  de  la  nomenclature  du  R.214-1  du  code  de\nl'environnement  donne  la  possibilit\u00e9  de  d\u00e9livrer  une  autorisation  d'entretien  sur  une\np\u00e9riode n'exc\u00e9dant pas 10 ans ;\nCONSID\u00c9RANT  que  les  analyses  effectu\u00e9es  sur  les  s\u00e9diments  en  mars  2025  restent\nvalables pour la dur\u00e9e des 10 prochaines ann\u00e9es, sauf en cas de pollution accidentelle ;\n2/8\nDirection d\u00e9partementale des territoires de la C\u00f4te-d'Or - 21-2025-10-24-00004 - Arr\u00eat\u00e9 pr\u00e9fectoral n\u00b0 1575 du 24 octobre 2025\nportant prescriptions sp\u00e9cifiques compl\u00e9mentaire \u00e0 d\u00e9claration au titre de l'article L.181-1 du code de l'environnement concernant le\nnettoyage de la prise d'eau du ru de Solle sur la rigole de Montoillot sur la commune de SEMAREY\n11\nCONSID\u00c9RANT que les prescriptions du pr\u00e9sent arr\u00eat\u00e9 permettent de garantir une gestion\nglobale  et  \u00e9quilibr\u00e9e  de  la  ressource  en  eau  et  de  pr\u00e9server  les  int\u00e9r\u00eats  des  milieux\naquatiques ;\nSUR proposition de la directrice d\u00e9partementale des territoires de la C\u00f4te-d'Or ;\nARR\u00caTE\nArticle 1     :   B\u00e9n\u00e9ficiaire\nIl est donn\u00e9 acte \u00e0 Voies Navigables de France, Direction de l'Ing\u00e9nierie et de la Ma\u00eetrise\nd'Ouvrage \u2013 Unit\u00e9 Op\u00e9rationnelle de Dijon \u2013 sise au 1, chemin Jacques Baerze CS 36229 -\n21062 Dijon Cedex (VNF) - de sa d\u00e9claration en application de l'article L  214-3 du code de\nl'environnement, pour une p\u00e9riode de 10 ans \u00e0 compter de la signature du pr\u00e9sent arr\u00eat\u00e9\nsous r\u00e9serve des prescriptions \u00e9nonc\u00e9es aux articles suivants, concernant le nettoyage des\nouvrages de la prise d'eau du ru de Solle sur la rigole de Montoillot situ\u00e9s sur la commune\nde SEMAREY, en amont de la retenue du barrage de Panthier. \nLes  travaux  sont  ex\u00e9cut\u00e9s  conform\u00e9ment  au  dossier de  d\u00e9claration  environnementale\ndont il est pris acte en application de l'article L.211-7 du Code de l'environnement.\nArticle 2     :   Rubriques de la nomenclature\nLes  installations,  ouvrages,  travaux  et  am\u00e9nagements  constitutifs  de  cette  op\u00e9ration\nrentrent dans la nomenclature des op\u00e9rations soumises \u00e0 d\u00e9claration au titre de l'article\nL.214-3 du Code de l'environnement.\nLes  rubriques concern\u00e9e s de  l'article  R.214-1  du  Code  de  l'environnement  sont  les\nsuivantes :\nRubrique Intitul\u00e9 R\u00e9gime Arr\u00eat\u00e9s de\nprescriptions\ng\u00e9n\u00e9rales\ncorrespondant\n3.2.1.0\nEntretien de cours d'eau ou de canaux, \u00e0 \nl'exclusion de l'entretien vis\u00e9 \u00e0 l'article L.215-14 \ndu code de l'environnement r\u00e9alis\u00e9 par le \npropri\u00e9taire riverain, du maintien et du \nr\u00e9tablissement des caract\u00e9ristiques des chenaux \nde navigation, des dragages vis\u00e9s \u00e0 la rubrique \n4.1.3.0 et de l'entretien des ouvrages vis\u00e9s \u00e0 la \nrubrique 2.1.5.0, le volume des s\u00e9diments extraits \n\u00e9tant au cours d'une ann\u00e9e, inf\u00e9rieur ou \u00e9gal \u00e0 2 \n000 m3 dont la teneur des s\u00e9diments extraits est \ninf\u00e9rieure au niveau de r\u00e9f\u00e9rence S1\nD\u00e9claration\nArr\u00eat\u00e9s des\n09/08/2006\n30/05/2008\n08/02/2013\nArticle   3   :   Dur\u00e9e de validit\u00e9 de l'op\u00e9ration\n3/8\nDirection d\u00e9partementale des territoires de la C\u00f4te-d'Or - 21-2025-10-24-00004 - Arr\u00eat\u00e9 pr\u00e9fectoral n\u00b0 1575 du 24 octobre 2025\nportant prescriptions sp\u00e9cifiques compl\u00e9mentaire \u00e0 d\u00e9claration au titre de l'article L.181-1 du code de l'environnement concernant le\nnettoyage de la prise d'eau du ru de Solle sur la rigole de Montoillot sur la commune de SEMAREY\n12\nN Sa eS... Ppa4  h\nLes travaux devront \u00eatre achev\u00e9s dans\nun  d\u00e9lai  de  10 ans \u00e0  compter  de  la\nnotification  du  pr\u00e9sent  arr\u00eat\u00e9.  Pass\u00e9\nce  d\u00e9lai,  la  pr\u00e9sente  d\u00e9claration\ndeviendra caduque.\nA  rticle     4     :   Localisations des travaux\nLa prise d'eau du Ru du Solle, install\u00e9e\nsur la rigole de Montoillot, est  situ\u00e9e\nsur  la  commune  de  Semarey  dans\nl'Ouest du d\u00e9partement de C\u00f4te d'Or\net de la ville de Dijon (35 km environ).\nLe ru de Solle est aliment\u00e9 par deux\nsources  sur  ce  bassin  versant\nuniquement agricole.\nLa zone de projet est situ\u00e9e au niveau\nde la rigole de Montoillot, au nord du\nlac  de  Panthier  au  niveau  de  la\njonction entre le ru de Solle, qui arrive\npar  le  Nord-Ouest  et  la  rigole  de\nMontoillot  qui  arrive  du  Nord-Nord\nEst.\nLe  r\u00e9servoir  de  Panthier  et  ses\nouvrages  associ\u00e9s,  telle  que  la rigole\nde  Montoillot,  sont  la  propri\u00e9t\u00e9  de\nl'Etat, g\u00e9r\u00e9s par VNF.\nVNF a la libre disposition de la zone\nde projet. Les travaux sont r\u00e9alis\u00e9s sur\nles parcelles de l'\u00c9tat, comprenant la\nprise d'eau du Ru de Solle, la base de vie/stockage des mat\u00e9riaux et les acc\u00e8s (le long de la\nrigole).\nArticle 5     :   Objet de la d\u00e9claration \nL'objectif  des travaux  est de retirer les mat\u00e9riaux qui se sont accumul\u00e9s au niveau de la\nprise d'eau du Ru de Solle et de r\u00e9tablir les \u00e9coulements dans les diff\u00e9rentes parties de cet\nouvrage, notamment vers l'aval lorsque la prise d'eau est ferm\u00e9e.\nLes zones concern\u00e9es par ce retrait de mat\u00e9riaux concernent la partie vo\u00fbt\u00e9e qui permet\nle passage des eaux du ru du Solle sous la rigole de Montoillot, l'amont et l'aval de cet\nouvrage, l'ensemble \u00e9tant sur les terrains de l'Etat. Le volume total des mat\u00e9riaux \u00e0 retirer\nest estim\u00e9 \u00e0 103 m3, repr\u00e9sentant environ 140 tonnes.\nA  rticle     6     :   Prescriptions g\u00e9n\u00e9rales\nEn  application  de  l'article  R214-40  du  code  de  l'environnement,  toute  modification\napport\u00e9e aux ouvrages, installations, \u00e0 leur mode d'utilisation, \u00e0 la r\u00e9alisation des travaux\n4/8\nDirection d\u00e9partementale des territoires de la C\u00f4te-d'Or - 21-2025-10-24-00004 - Arr\u00eat\u00e9 pr\u00e9fectoral n\u00b0 1575 du 24 octobre 2025\nportant prescriptions sp\u00e9cifiques compl\u00e9mentaire \u00e0 d\u00e9claration au titre de l'article L.181-1 du code de l'environnement concernant le\nnettoyage de la prise d'eau du ru de Solle sur la rigole de Montoillot sur la commune de SEMAREY\n13\nou \u00e0 l'am\u00e9nagement en r\u00e9sultant, \u00e0 l'exercice des activit\u00e9s ou \u00e0 leur voisinage et entra\u00eenant\nun changement notable des \u00e9l\u00e9ments du dossier doit \u00eatre port\u00e9e, avant r\u00e9alisation, \u00e0 la\nconnaissance du pr\u00e9fet qui peut exiger une nouvelle proc\u00e9dure.\nEn  application  de  l'article  R214-45  du  code  de  l'environnement,  le  changement  de\nb\u00e9n\u00e9ficiaire doit \u00eatre d\u00e9clar\u00e9 au pr\u00e9fet par le nouveau b\u00e9n\u00e9ficiaire dans un d\u00e9lai de trois\nmois, de m\u00eame, en cas de cessation d'activit\u00e9 d\u00e9finitive ou pour une p\u00e9riode sup\u00e9rieure \u00e0\ndeux ans, l'exploitant est tenu d'en faire la d\u00e9claration au pr\u00e9fet dans un d\u00e9lai de trente\njours.\nLe service de police de l'eau doit \u00eatre averti de la date de d\u00e9but des travaux ainsi que de la\ndate d'ach\u00e8vement des travaux. Les ouvrages, les travaux et les conditions de r\u00e9alisation et\nd'exploitation doivent \u00eatre conformes au dossier d\u00e9pos\u00e9.\nL'inobservation des dispositions figurant dans le dossier d\u00e9pos\u00e9 ainsi que celles contenues\ndans les prescriptions g\u00e9n\u00e9rales annex\u00e9es au pr\u00e9sent arr\u00eat\u00e9 peut entra\u00eener l'application\ndes sanctions pr\u00e9vues \u00e0 l'article R216-12 du code de l'environnement.\nLes agents mentionn\u00e9s \u00e0 l'article L216-3 du code de l'environnement et notamment ceux\ncharg\u00e9s de la police de l'eau et des milieux aquatiques ont libre acc\u00e8s aux installations \u00e0\ntout moment, dans le cadre d'une recherche d'infraction.\nLe pr\u00e9sent arr\u00eat\u00e9 ne dispense en aucun cas le p\u00e9titionnaire de faire les d\u00e9clarations ou\nd'obtenir les autorisations requises par d'autres r\u00e9glementations.\nArticle     7     :   Prescriptions sp\u00e9cifiques\nLes mat\u00e9riaux doivent \u00eatre analys\u00e9s avant chaque op\u00e9ration d'extraction et les valeurs des\ntaux de pollution ne doivent pas d\u00e9passer les seuils de r\u00e9f\u00e9rence S1. \nLes mat\u00e9riaux extraits des zones d'accumulation identifi\u00e9es seront \u00e9vacu\u00e9s  et d\u00e9pos\u00e9s\nprovisoirement, le temps de l'intervention, en amont de la zone de travaux sur les terrains\nde VNF. \nEn cas de besoin et apr\u00e8s contact pris avec le syndicat de rivi\u00e8re de l'Ouche, les mat\u00e9riaux\npourront \u00eatre remis dans le cours d'eau \u00e0 l'aval vers la Vandenesse, notamment en cas de\nd\u00e9ficit de s\u00e9diments, ou \u00e9limin\u00e9s dans une fili\u00e8re adapt\u00e9e.\nToutes  les  dispositions  devront  \u00eatre  prises  pour  \u00e9viter  tout  risque  de  pollution  des\nmat\u00e9riels et engins de travaux. Ces derniers devront \u00eatre en parfait \u00e9tat. Le stockage des\nhydrocarbures et le ravitaillement devra s'effectuer sur une aire \u00e9tanche, loin du lit du\ncours d'eau. Le prestataire devra disposer de mat\u00e9riel de lutte contre les pollutions tels\nque produits absorbants et sacs plastiques.\nEn cas de pollution accidentelle, de nouvelles analyses conformes \u00e0 l'arr\u00eat\u00e9 du 9 ao\u00fbt 2006\ndevront \u00eatre r\u00e9alis\u00e9es et communiqu\u00e9es aux services police de l'eau et de l'OFB afin de\nd\u00e9terminer la destination ou l'\u00e9limination des s\u00e9diments extraits.\nEn cas de mont\u00e9e rapide des eaux lors d'un orage par exemple, le chantier devra \u00eatre\nimm\u00e9diatement \u00e9vacu\u00e9.\nLors de la p\u00e9riode pr\u00e9visible de d\u00e9marrage des travaux d'\u00e9vacuation des s\u00e9diments, le\nd\u00e9clarant devra avertir les services de la police de l'eau et l'OFB.\n5/8\nDirection d\u00e9partementale des territoires de la C\u00f4te-d'Or - 21-2025-10-24-00004 - Arr\u00eat\u00e9 pr\u00e9fectoral n\u00b0 1575 du 24 octobre 2025\nportant prescriptions sp\u00e9cifiques compl\u00e9mentaire \u00e0 d\u00e9claration au titre de l'article L.181-1 du code de l'environnement concernant le\nnettoyage de la prise d'eau du ru de Solle sur la rigole de Montoillot sur la commune de SEMAREY\n14\nUn compte-rendu de l'intervention devra \u00eatre r\u00e9alis\u00e9 indiquant notamment les volumes\ndes mat\u00e9riaux retir\u00e9s et leur destination. Ce compte-rendu sera transmis aux services de la\npolice de l'eau.\nArticle   8     :   Modifications des prescriptions \nSi le d\u00e9clarant veut obtenir  la modification de certaines  des  prescriptions sp\u00e9cifiques\napplicables \u00e0 l'installation, il en fait la demande au pr\u00e9fet, qui statue alors par arr\u00eat\u00e9.\nLe silence gard\u00e9 par l'administration pendant plus de trois mois sur la demande du \nd\u00e9clarant vaut d\u00e9cision de rejet.\nA  rticle     9     :   Protection de la faune et de ses habitats\nEn cas d'atteinte \u00e0 la faune, le ma\u00eetre d'ouvrage doit cesser les travaux et pr\u00e9venir sans\nd\u00e9lai la Direction d\u00e9partementale des territoires et le service d\u00e9partemental de l'Office\nFran\u00e7ais de la biodiversit\u00e9.\nLors des travaux sur la v\u00e9g\u00e9tation, des pr\u00e9cautions sont n\u00e9cessaires afin de limiter les\nrisques de destruction ou de d\u00e9rangement des animaux sauvages qui s'y abritent ou s'y\nreproduisent. C'est pourquoi les travaux sur les arbres et les ligneux doivent \u00eatre r\u00e9alis\u00e9s\nprioritairement en p\u00e9riode de repos v\u00e9g\u00e9tatif, soit entre le mois de septembre et le mois\nde mars.  Aucune intervention sur  ces essences ne peut \u00eatre effectu\u00e9e en p\u00e9riode de\nnidification.\nA  rticle     10     :   Pollution des eaux\nLors de l'utilisation d'engins en g\u00e9n\u00e9ral et plus particuli\u00e8rement celui des tron\u00e7onneuses et\nd\u00e9broussailleuse, les fluides hydrauliques utilis\u00e9s sont biod\u00e9gradables.\nLes pleins de carburant et de tous types de fluides des v\u00e9hicules doivent \u00eatre r\u00e9alis\u00e9s sur\nune zone \u00e9tanche adapt\u00e9e. Des kits de d\u00e9pollution doivent \u00eatre pr\u00e9sents dans chaque\nv\u00e9hicule.  Les  engins  de  chantier  doivent  \u00eatre  exempts  de  toute  fuite  d'huile,\nd'hydrocarbures et autres substances nocives et \u00eatre approvisionn\u00e9s loin du lit.\nA  rticle   1  1     :   Remise en \u00e9tat des lieux apr\u00e8s travaux\nUne fois les travaux termin\u00e9s, les acc\u00e8s aux diff\u00e9rents points du chantier sont neutralis\u00e9s.\nLe site est d\u00e9blay\u00e9 de tous mat\u00e9riels, mat\u00e9riaux et gravats.\n\u00c0 la fin des travaux, une visite des lieux est organis\u00e9e \u00e0 l'initiative du ma\u00eetre d'ouvrage pour\nv\u00e9rifier la conformit\u00e9 des travaux avec le dossier d'autorisation.\nA  rticle   1  2     :   Droits des tiers\nLes droits des tiers sont et demeurent express\u00e9ment r\u00e9serv\u00e9s.\nA  rticle   1  3     :   Publication et information des tiers\n6/8\nDirection d\u00e9partementale des territoires de la C\u00f4te-d'Or - 21-2025-10-24-00004 - Arr\u00eat\u00e9 pr\u00e9fectoral n\u00b0 1575 du 24 octobre 2025\nportant prescriptions sp\u00e9cifiques compl\u00e9mentaire \u00e0 d\u00e9claration au titre de l'article L.181-1 du code de l'environnement concernant le\nnettoyage de la prise d'eau du ru de Solle sur la rigole de Montoillot sur la commune de SEMAREY\n15\nUne copie du  pr\u00e9sent a rr\u00eat\u00e9 est affich\u00e9 pendant une dur\u00e9e minimale d'un mois  dans la\nmairie de SEMAREY.\nLe pr\u00e9sent arr\u00eat\u00e9 est mis \u00e0 disposition du public sur le site internet des services de l'\u00c9tat en\nC\u00f4te-d'Or (http://www.cote-dor.gouv.fr) pendant une dur\u00e9e d'au moins 6 mois.\nUne copie du pr\u00e9sent arr\u00eat\u00e9 est adress\u00e9e au  chef du service d\u00e9partemental de l' Office\nFran\u00e7ais de la biodiversit\u00e9,  au pr\u00e9sident de la commission locale de l'eau du bassin de\nl'Ouche.\nArticle 1  4   : Ex\u00e9cution \nLe directeur d\u00e9partemental des Territoires de la C\u00f4te-d'Or, le maire de la commune de\nSEMAREY,  le  chef  du  service  d\u00e9partemental  de  l'office  fran\u00e7ais  de  la  biodiversit\u00e9  du\nd\u00e9partement de la C\u00f4te-d'Or sont charg\u00e9s, chacun en ce qui le concerne, de l'ex\u00e9cution\ndu pr\u00e9sent arr\u00eat\u00e9.\nFait \u00e0 Dijon, le 24 octobre 2025\nLa directrice d\u00e9partementale des territoires \npar d\u00e9l\u00e9gation\nLe chef de bureau police de l'eau\nsign\u00e9\nSt\u00e9phane MAGNIOL\nVoies et d\u00e9lais de recours\nLa pr\u00e9sente d\u00e9cision est susceptible de recours devant le tribunal administratif de Dijon \u2013 22, rue \nd'Assas \u2013 BP 61616 - 21016 DIJON Cedex, conform\u00e9ment \u00e0 l'article R.514-3-1 du code de \nl'environnement, par courrier ou via l'application T\u00e9l\u00e9recours sur le site internet \nwww.t\u00e9l\u00e9recours.fr. : \n\u2022 1\u00b0 Par le p\u00e9titionnaire dans un d\u00e9lai de deux mois \u00e0 compter du jour o\u00f9 la d\u00e9cision leur a \u00e9t\u00e9 \nnotifi\u00e9e ; \n\u2022 2\u00b0 Par les tiers int\u00e9ress\u00e9s en raison des inconv\u00e9nients ou des dangers pour les int\u00e9r\u00eats \nmentionn\u00e9s \u00e0 l'article L. 181-3 du code de l'environnement, dans un d\u00e9lai de deux mois \u00e0 \ncompter de : \n\u25e6 a) L'affichage en mairie dans les conditions pr\u00e9vues au 2\u00b0 de l'article R. 181-44 du code de \nl'environnement; \n\u25e6 b) La publication de la d\u00e9cision sur le site internet de la pr\u00e9fecture pr\u00e9vue au 4\u00b0 du m\u00eame \narticle. \nLe d\u00e9lai court \u00e0 compter de la derni\u00e8re formalit\u00e9 accomplie. \nLe d\u00e9lai de recours contentieux ne peut \u00eatre prorog\u00e9 par un recours administratif en application de \nl'article R.311-6 du code de justice administrative.\n7/8\nDirection d\u00e9partementale des territoires de la C\u00f4te-d'Or - 21-2025-10-24-00004 - Arr\u00eat\u00e9 pr\u00e9fectoral n\u00b0 1575 du 24 octobre 2025\nportant prescriptions sp\u00e9cifiques compl\u00e9mentaire \u00e0 d\u00e9claration au titre de l'article L.181-1 du code de l'environnement concernant le\nnettoyage de la prise d'eau du ru de Solle sur la rigole de Montoillot sur la commune de SEMAREY\n16\nTout recours administratif ou contentieux doit \u00eatre notifi\u00e9 \u00e0 l'auteur et au b\u00e9n\u00e9ficiaire de la d\u00e9cision, \nsous peine d'irrecevabilit\u00e9. Cette notification doit \u00eatre adress\u00e9e par lettre recommand\u00e9e avec avis de \nr\u00e9ception, dans un d\u00e9lai de quinze jours francs \u00e0 compter de la date d'envoi du recours administratif \nou du d\u00e9p\u00f4t du recours contentieux (article R. 181-51 du code de l'environnement).\n8/8\nDirection d\u00e9partementale des territoires de la C\u00f4te-d'Or - 21-2025-10-24-00004 - Arr\u00eat\u00e9 pr\u00e9fectoral n\u00b0 1575 du 24 octobre 2025\nportant prescriptions sp\u00e9cifiques compl\u00e9mentaire \u00e0 d\u00e9claration au titre de l'article L.181-1 du code de l'environnement concernant le\nnettoyage de la prise d'eau du ru de Solle sur la rigole de Montoillot sur la commune de SEMAREY\n17\nDirection d\u00e9partementale des territoires de la\nC\u00f4te-d'Or\nService Pr\u00e9servation et Am\u00e9nagement de\nl'Espace (SPAE)\n21-2025-10-27-00001\nArr\u00eat\u00e9 pr\u00e9fectoral du 27 octobre 2025 portant\nrenouvellement du bureau de l'association\nfonci\u00e8re de CHARREY-SUR-SAONE\nDirection d\u00e9partementale des territoires de la C\u00f4te-d'Or - 21-2025-10-27-00001 - Arr\u00eat\u00e9 pr\u00e9fectoral du 27 octobre 2025 portant\nrenouvellement du bureau de l'association fonci\u00e8re de CHARREY-SUR-SAONE 18\nzsPREFETDELACOTE-D'ORLibert\u00e9Egalit\u00e9Fraternit\u00e9\nDirection d\u00e9partementale des territoires\nde la C\u00f4te-d'Or\nArr\u00eat\u00e9 pr\u00e9fectoral du 27 octobre 2025\nportant renouvellement du bureau de l'association fonci\u00e8re de CHARREY-SUR-SAONE\nLe Pr\u00e9fet de la C\u00f4te-d'Or\nVU le code rural et de la p\u00eache maritime, notamment ses articles L121-1 \u00e0 L121-26 ; L123-1 \u00e0 L123-35 ; \nL131-1 et L133-1 \u00e0 L133-7 ; R131-1 et R133-1 \u00e0 R133-15 ;\nVU  l'arr\u00eat\u00e9  pr\u00e9fectoral  n\u00b0147  DDA  du  26  mars  1981  relatif  \u00e0  la  constitution  d'une  association \nfonci\u00e8re dans la commune de CHARREY-SUR-SAONE ;\nVU  l'arr\u00eat\u00e9  pr\u00e9fectoral  du  13  janvier  2012  approuvant  la  mise  en  conformit\u00e9  des  statuts  de  \nl'association fonci\u00e8re de CHARREY-SUR-SAONE ;\nVU  l'arr\u00eat\u00e9 pr\u00e9fectoral du 6 f\u00e9vrier 2017 dernier en date portant renouvellement du bureau de  \nl'association fonci\u00e8re de CHARREY-SUR-SAONE ;\nVU l'arr\u00eat\u00e9 pr\u00e9fectoral du 5 avril 2017 modifiant l'arr\u00eat\u00e9 pr\u00e9fectoral du 6 f\u00e9vrier 2017 portant  \nrenouvellement du bureau de l'association fonci\u00e8re de CHARREY-SUR-SAONE ;\nVU l'arr\u00eat\u00e9  pr\u00e9fectoral  n\u00b0 507  /  SG  du  28  mars  2025  donnant  d\u00e9l\u00e9gation  de  signature  \u00e0  \nMme Manuelle DUPUY, directrice d\u00e9partementale des territoires de la C\u00f4te-d'Or ;\nVU l'arr\u00eat\u00e9 pr\u00e9fectoral n\u00b0 1333 du 28 ao\u00fbt 2025 portant d\u00e9l\u00e9gation de signature aux agents de la  \ndirection d\u00e9partementale des territoires de la C\u00f4te-d'Or ;\nVU la d\u00e9lib\u00e9ration du conseil municipal de CHARREY-SUR-SAONE du 6 octobre 2025  proposant la \nmoiti\u00e9  des  membres  appel\u00e9s  \u00e0  faire  partie  du  nouveau  bureau  de  l'association  fonci\u00e8re  de  \nCHARREY-SUR-SAONE ;\nVU le courrier du pr\u00e9sident de la chambre d'agriculture du 21 octobre 2025 proposant l'autre  \nmoiti\u00e9 des membres ;\nSUR proposition de la directrice d\u00e9partementale des territoires ;\nA R R \u00ca T E\n1\nDirection d\u00e9partementale des territoires de la C\u00f4te-d'Or\n57 , rue de Mulhouse - BP 53317 - 21033 Dijon CEDEX\nT\u00e9l. : 03 80 29 44 44\nCourriel : ddt@cote-dor.gouv.fr - Site internet : \nhttp://www.cote-dor.gouv.fr\nDirection d\u00e9partementale des territoires de la C\u00f4te-d'Or - 21-2025-10-27-00001 - Arr\u00eat\u00e9 pr\u00e9fectoral du 27 octobre 2025 portant\nrenouvellement du bureau de l'association fonci\u00e8re de CHARREY-SUR-SAONE 19\nARTICLE 1  er   : \nSont nomm\u00e9s membres du bureau de l'association fonci\u00e8re de CHARREY-SUR-SAONE pour une  \np\u00e9riode de six ans :\n* le maire de la commune ou un conseiller municipal d\u00e9sign\u00e9 par lui ;\n* les propri\u00e9taires dont les noms suivent\nd\u00e9sign\u00e9s par le conseil municipal d\u00e9sign\u00e9s par la chambre d'agriculture\nM. Jean-Marc ROUSSELET M. Claude LOIZON\nM. Julien MORON M. Denis PONNAVOY\nM. Luc JACQUIN M. Jean-Charles THOMAS\n* la  directrice  d\u00e9partementale  des  territoires  de  la  C\u00f4te-d'Or  ou  son  repr\u00e9sentant,  avec  voix  \nconsultative.\nARTICLE 2     :   \nLe bureau \u00e9lira en son sein le pr\u00e9sident charg\u00e9 de l'ex\u00e9cution de ses d\u00e9lib\u00e9rations ainsi que le vice-\npr\u00e9sident et le secr\u00e9taire.\nARTICLE 3     : \nCette d\u00e9cision peut \u00eatre contest\u00e9e devant le tribunal administratif de Dijon dans un d\u00e9lai de 2 mois \n\u00e0 compter de sa publication.\nARTICLE 4 : \nLa directrice d\u00e9partementale des territoires de la C\u00f4te-d'Or, le pr\u00e9sident de l'association fonci\u00e8re  \nde  CHARREY-SUR-SAONE  et  le  maire  de  la  commune  de  CHARREY-SUR-SAONE,  sont  charg\u00e9s, \nchacun en ce qui le concerne, de l'ex\u00e9cution des dispositions du pr\u00e9sent arr\u00eat\u00e9 qui sera publi\u00e9 au  \nrecueil des actes administratifs de la pr\u00e9fecture, notifi\u00e9 \u00e0 chacun des membres de l'association  \nfonci\u00e8re et affich\u00e9 dans la commune de CHARREY-SUR-SAONE.\nFait \u00e0 Dijon, le 27 octobre 2025\nPour le pr\u00e9fet et par d\u00e9l\u00e9gation,\nPour la directrice d\u00e9partementale des territoires,\nl'adjointe \u00e0 la cheffe du service pr\u00e9servation \net am\u00e9nagement de l'espace\nSign\u00e9 : An\u00e9lise TACONET\n2\nDirection d\u00e9partementale des territoires de la C\u00f4te-d'Or - 21-2025-10-27-00001 - Arr\u00eat\u00e9 pr\u00e9fectoral du 27 octobre 2025 portant\nrenouvellement du bureau de l'association fonci\u00e8re de CHARREY-SUR-SAONE 20\nDirection d\u00e9partementale des territoires de la\nC\u00f4te-d'Or\nService S\u00e9curit\u00e9 et Education Routi\u00e8re\n21-2025-10-27-00006\nArr\u00eat\u00e9 N\u00b0 1582\nportant r\u00e9glementation temporaire de la\ncirculation pour la r\u00e9alisation de travaux de\nremplacement des joints de chauss\u00e9es sur les\nouvrages situ\u00e9s au PR0+500 et 1+500 sens\nParis->Lyon sur la M274 sur les communes de\nLongvic, Dijon, Ruffey-les-Echirey, Ahuy,\nFontaine-les-Dijon, Daix, Talant,\nPlombi\u00e8res-les-Dijon et Saint-Apollinaire.\nDirection d\u00e9partementale des territoires de la C\u00f4te-d'Or - 21-2025-10-27-00006 - Arr\u00eat\u00e9 N\u00b0 1582\nportant r\u00e9glementation temporaire de la circulation pour la r\u00e9alisation de travaux de remplacement des joints de chauss\u00e9es sur les\nouvrages situ\u00e9s au PR0+500 et 1+500 sens Paris->Lyon sur la M274 sur les communes de Longvic, Dijon, Ruffey-les-Echirey, Ahuy,\nFontaine-les-Dijon, Daix, Talant, Plombi\u00e8res-les-Dijon et Saint-Apollinaire.\n21\n=xPREFETDELACOTE-D'ORLibert\u00e9Egalit\u00e9Fraternit\u00e9\nDirection d\u00e9partementale des territoires\nde la C\u00f4te-d'Or\nService de la S\u00e9curit\u00e9 et de l'\u00c9ducation Routi\u00e8re\nBureau de la S\u00e9curit\u00e9 Routi\u00e8re\n Dijon, le 27 octobre 2025 \nArr\u00eat\u00e9 N\u00b0 1582\nportant r\u00e9glementation temporaire de la circulation pour la r\u00e9alisation de travaux de\nremplacement des joints de chauss\u00e9es sur les ouvrages situ\u00e9s au PR0+500 et 1+500 sens\nParis\u2192Lyon sur la M274 sur les communes de Longvic, Dijon, Ruffey-les-Echirey, Ahuy,\nFontaine-les-Dijon, Daix, Talant, Plombi\u00e8res-les-Dijon et Saint-Apollinaire.\nLe pr\u00e9fet de la C\u00f4te-d'Or\nVU le Code de la Route ;\nVU le Code de la Voirie Routi\u00e8re ;\nVU la loi n\u00b02022-217 du 21 f\u00e9vrier 2022 relative \u00e0 la diff\u00e9renciation, la d\u00e9centralisation, la\nd\u00e9concentration  et  portant  diverses  mesures  de  simplification  de  l'action  publique\nlocale ;\nVU le  d\u00e9cret  en  Conseil  d'\u00c9tat  du  6  f\u00e9vrier  1980  d\u00e9clarant  d'utilit\u00e9  publique  la\nconstruction de la rocade Est de Dijon et lui conf\u00e9rant le statut de route express ;\nVU le d\u00e9cret 2009- 615 du 3 juin 2009 modifi\u00e9, fixant la liste des routes class\u00e9es \u00e0 grande\ncirculation ;\nVU le d\u00e9cret n\u00b02022-459 du 30 mars 2022 fixant la liste des voies non conc\u00e9d\u00e9es du\ndomaine  public  routier  national  qui  peuvent  \u00eatre  transf\u00e9r\u00e9es  aux  d\u00e9partements  et\nm\u00e9tropoles ou mises \u00e0 disposition des r\u00e9gions dans les conditions pr\u00e9vues aux articles 38\net 40 de la loi n\u00b02022-217 du 21 f\u00e9vrier 2022 ;\nVU le d\u00e9cret du 10 octobre 2024 nommant Paul MOURIER, pr\u00e9fet de la r\u00e9gion Bourgogne-\nFranche-Comt\u00e9, pr\u00e9fet de la C\u00f4te-d'Or ;\nVU  l'arr\u00eat\u00e9 interminist\u00e9riel du 24 novembre 1967 modifi\u00e9, relatif \u00e0 la signalisation des\nroutes et autoroutes ;\nVU  l'arr\u00eat\u00e9 interminist\u00e9riel du 6 novembre 1992 modifi\u00e9, approuvant les dispositions de\nl'instruction interminist\u00e9rielle sur la signalisation routi\u00e8re ;\nDirection d\u00e9partementale des territoires de la C\u00f4te-d'Or\n57 rue de Mulhouse- BP 53317 - 21033 DIJON cedex\nt\u00e9l : 03 80 29 44 44 \u2013 Courriel : ddt@cote-dor.gouv.fr\nDirection d\u00e9partementale des territoires de la C\u00f4te-d'Or - 21-2025-10-27-00006 - Arr\u00eat\u00e9 N\u00b0 1582\nportant r\u00e9glementation temporaire de la circulation pour la r\u00e9alisation de travaux de remplacement des joints de chauss\u00e9es sur les\nouvrages situ\u00e9s au PR0+500 et 1+500 sens Paris->Lyon sur la M274 sur les communes de Longvic, Dijon, Ruffey-les-Echirey, Ahuy,\nFontaine-les-Dijon, Daix, Talant, Plombi\u00e8res-les-Dijon et Saint-Apollinaire.\n22\n2/5\nVU  l'arr\u00eat\u00e9  pr\u00e9fectoral  n\u00b021-2023-05-02-00002  du  2  mai  2023  relatif  au  transfert  \u00e0  la\nM\u00e9tropole de Dijon de sections de routes et autoroutes class\u00e9es dans le domaine public\nroutier national ;\nVU  l'arr\u00eat\u00e9 pr\u00e9fectoral n\u00b0 1010 /SG du 02 juillet 2025 donnant d\u00e9l\u00e9gation de signature \u00e0\nMadame Aur\u00e9lie CONTRECIVILE, directrice de cabinet du pr\u00e9fet de la C\u00f4te-d'Or ;\nVU la note du  23 janvier  2025 du  Minist\u00e8re de l'Am\u00e9nagement  du  Territoire et de la\nD\u00e9centralisation,  Minist\u00e8re  charg\u00e9  des  Transports,  fixant  le  calendrier  des  jours  hors\nchantiers pour l'ann\u00e9e 2025 ;\nVU la demande pr\u00e9sent\u00e9e par la M\u00e9tropole de Dijon - CEI de Dijon le 8 octobre 2025 ;\nVU l'avis favorable de la soci\u00e9t\u00e9 APRR en date du 10 octobre 2025 ;\nVU l'avis favorable de la Direction Interd\u00e9partementale de la Police Nationale en date du\n8 octobre 2025 ;\nVU l'avis  r\u00e9put\u00e9  favorable  de  l'Escadron  D\u00e9partemental  de  Contr\u00f4le  des  Flux  du\nGroupement de Gendarmerie de la C\u00f4te-d'Or ;\nCONSID\u00c9RANT que pendant les tr avaux de remplacement des joints de chauss\u00e9es sur la\nM274  il y a lieu de pr\u00e9ciser  les  conditions  de circulation afin de pr\u00e9venir  tout risque\nd'accident,  de  faciliter  la  bonne  ex\u00e9cution  des  travaux  et  d'assurer  un  \u00e9coulement\nsatisfaisant du trafic ;\nCONSID\u00c9RANT que la section concern\u00e9e par les travaux est situ\u00e9e hors agglom\u00e9ration ;\nSUR proposition de Madame la Directrice D\u00e9partementale des  Territoires  de la C\u00f4te-\nd'Or ;\nARR\u00caTE\nArticle 1 :\nLes travaux de remplacement des joints d'ouvrage concernent la M274 dans le sens Paris -\nLyon, du PR 0+500 au PR 1+500 entra\u00eenant la fermeture de l'axe dans le sens Paris-Lyon du\nPR4+500 au PR0+000.\nLes  dispositions  du  pr\u00e9sent  arr\u00eat\u00e9  s'appliqueront  les  nuits  de  21 h  \u00e0  6 h  du  lundi  3\nnovembre au vendredi 7 novembre 2025.\nArticle 2 :\nPendant l'ex\u00e9cution des travaux ci-dessus d\u00e9sign\u00e9s sur la M274, la circulation s'effectuera\ndans les conditions suivantes :\nCoupure d'axe et fermeture de bretelles\nDirection d\u00e9partementale des territoires de la C\u00f4te-d'Or\n57 rue de Mulhouse- BP 53317 - 21033 DIJON cedex\nt\u00e9l : 03 80 29 44 44 \u2013 Courriel : ddt@cote-dor.gouv.fr\nDirection d\u00e9partementale des territoires de la C\u00f4te-d'Or - 21-2025-10-27-00006 - Arr\u00eat\u00e9 N\u00b0 1582\nportant r\u00e9glementation temporaire de la circulation pour la r\u00e9alisation de travaux de remplacement des joints de chauss\u00e9es sur les\nouvrages situ\u00e9s au PR0+500 et 1+500 sens Paris->Lyon sur la M274 sur les communes de Longvic, Dijon, Ruffey-les-Echirey, Ahuy,\nFontaine-les-Dijon, Daix, Talant, Plombi\u00e8res-les-Dijon et Saint-Apollinaire.\n23\n3/5\nLa M274 sera ferm\u00e9e \u00e0 la circulation dans le sens Paris-Lyon du PR 4+500 (sortie par la\nbretelle n\u00b05 de l'\u00e9changeur n\u00b045 Franche-Comt\u00e9) au PR 0+000 (retour par la bretelle n\u00b06 de\nl'\u00e9changeur n\u00b047 Beauregard) :\n\u2022 Fermeture des bretelles n\u00b0 6 et 8 de l'\u00e9changeur n\u00b045 de Franche-Comt\u00e9 (PR4+250)\net de la bretelle n\u00b05 de l'\u00e9changeur n\u00b047 de Beauregard (PR0+010).\nDes d\u00e9viations seront mises en place \u00e0 l'attention des usagers :\n\u25e6 depuis l'\u00e9changeur n\u00b045 Franche-Comt\u00e9   (PR4+250) sortie par B5 et B6 ferm\u00e9e     :  \n\u25aa M905,\n\u25aa Bd de Chicago,\n\u25aa Av de l'Europe,\n\u25aa M996 Route de Dijon,\n\u25aa M124 Bd des Industries,\n\u25aa M124 Bd Eiffel,\n\u25aa M122A Bd de Beauregard,\n\u25aa M122R,\n\u25aa RP de Palissy,\n\u25aa M122R,\n\u25aa retour par B6 de l'\u00e9changeur n\u00b047 de Beauregard (PR0+010).\n\u25e6 d  epuis l'\u00e9changeur n\u00b045 de Franche-Comt\u00e9   (PR4+250)  ,   B8 ferm\u00e9e     :  \n\u25aa M905,\n\u25aa A39 sortie n\u00b02 (Sennecey-L\u00e8s Dijon),\n\u25aa M905B (Av du Mont Blanc),\n\u25aa M905,\n\u25aa Bd de Chicago,\n\u25aa Av de l'Europe,\n\u25aa M996 Route de Dijon,\n\u25aa M124 Bd des Industries,\n\u25aa M124 Bd Eiffel,\n\u25aa M122A Bd de Beauregard,\n\u25aa M122R,\n\u25aa RP de Palissy,\n\u25aa M122r,\n\u25aa retour par B6 de l'\u00e9changeur n\u00b047 de Beauregard (PR0+010).\n\u25e6 depuis l'\u00e9changeur n\u00b047 de Beauregard (PR0+010), B5 ferm\u00e9e     :  \n\u25aa M122R,\n\u25aa RP de Palissy,\n\u25aa M122R,\n\u25aa retour par B6 de l'\u00e9changeur n\u00b047 de Beauregard (PR0+010).\nRestriction de circulation\nNeutralisation des voies rapide et lente par balisage FLR (fl\u00e8che de rabattement \nlumineuse) 500m en amont de la bretelle de sortie obligatoire n\u00b05 de l'\u00e9changeur n\u00b045 \nFranche-Comt\u00e9 (PR4+250) de la M274.\nDirection d\u00e9partementale des territoires de la C\u00f4te-d'Or\n57 rue de Mulhouse- BP 53317 - 21033 DIJON cedex\nt\u00e9l : 03 80 29 44 44 \u2013 Courriel : ddt@cote-dor.gouv.fr\nDirection d\u00e9partementale des territoires de la C\u00f4te-d'Or - 21-2025-10-27-00006 - Arr\u00eat\u00e9 N\u00b0 1582\nportant r\u00e9glementation temporaire de la circulation pour la r\u00e9alisation de travaux de remplacement des joints de chauss\u00e9es sur les\nouvrages situ\u00e9s au PR0+500 et 1+500 sens Paris->Lyon sur la M274 sur les communes de Longvic, Dijon, Ruffey-les-Echirey, Ahuy,\nFontaine-les-Dijon, Daix, Talant, Plombi\u00e8res-les-Dijon et Saint-Apollinaire.\n24\n4/5\nArticle 3 :\nCertaines  phases  pr\u00e9paratoires  ou  de  mise  en  place  de  la  signalisation  du  chantier\npourront  n\u00e9cessiter  des  r\u00e9ductions  momentan\u00e9es  de  chauss\u00e9e  ou  des  interruptions\ncourtes de circulation.\nArticle 4 :\nSur le parcours des sections soumises \u00e0 ces restrictions provisoires, les conducteurs des\nv\u00e9hicules devront le cas \u00e9ch\u00e9ant, se conformer aux indications des services de police, des\nservices de secours ou des agents du CEI de Dijon M\u00e9tropole , tant en ce qui concerne le\ntrajet \u00e0 suivre que l'arr\u00eat s'il leur est prescrit.\nArticle 5 :\nLe passage des convois exceptionnels sera interdit sur l'itin\u00e9raire de d\u00e9viation.\nArticle 6 :\nLa  signalisation  r\u00e9glementaire,  conforme  \u00e0  l'instruction  interminist\u00e9rielle  (Livre I  \u2013  8e\npartie) approuv\u00e9e par arr\u00eat\u00e9 interminist\u00e9riel le 6 novembre 1992 et aux manuels du chef\nde chantier, sera fournie, mise en place et maintenue par le CEI de Dijon.\nArticle 7 :\nLes infractions au pr\u00e9sent arr\u00eat\u00e9 seront constat\u00e9es par proc\u00e8s-verbaux dress\u00e9s par les\nforces de l'ordre.\nArticle 8 :\nLors de l'ach\u00e8vement des tr avaux et  avant le r\u00e9tablissement normal de la circulation, la\nchauss\u00e9e devra \u00eatre propre et satisfaire aux conditions normales de s\u00e9curit\u00e9.\nArticle 9 :\nLe pr\u00e9sent arr\u00eat\u00e9 sera affich\u00e9 aux abords imm\u00e9diats du chantier.\nArticle 10 :\nLe pr\u00e9sent arr\u00eat\u00e9 peut faire l'objet d'un recours  gracieux aupr\u00e8s  du pr\u00e9fet et/ou d'un\nrecours contentieux devant le tribunal administratif dans un d\u00e9lai de 2 mois \u00e0 compter de\nsa notification.\nLe tribunal administratif peut \u00eatre saisi par un recours d\u00e9pos\u00e9 via l'application T\u00e9l\u00e9recours\ncitoyens accessible par le site internet www.telerecours.fr \u00bb.\nArticle 11 :\n- La Directrice de Cabinet du pr\u00e9fet de la C\u00f4te-d'Or,\n- Le Pr\u00e9sident de Dijon M\u00e9tropole,\n- Le Directeur Interd\u00e9partemental de la Police Nationale,\nsont charg\u00e9s, chacun en ce qui le concerne, de l'ex\u00e9cution du pr\u00e9sent arr\u00eat\u00e9.\nLe pr\u00e9sent arr\u00eat\u00e9 sera publi\u00e9 au recueil des actes administratifs de la Pr\u00e9fecture de la\nC\u00f4te-d'Or.\nDirection d\u00e9partementale des territoires de la C\u00f4te-d'Or\n57 rue de Mulhouse- BP 53317 - 21033 DIJON cedex\nt\u00e9l : 03 80 29 44 44 \u2013 Courriel : ddt@cote-dor.gouv.fr\nDirection d\u00e9partementale des territoires de la C\u00f4te-d'Or - 21-2025-10-27-00006 - Arr\u00eat\u00e9 N\u00b0 1582\nportant r\u00e9glementation temporaire de la circulation pour la r\u00e9alisation de travaux de remplacement des joints de chauss\u00e9es sur les\nouvrages situ\u00e9s au PR0+500 et 1+500 sens Paris->Lyon sur la M274 sur les communes de Longvic, Dijon, Ruffey-les-Echirey, Ahuy,\nFontaine-les-Dijon, Daix, Talant, Plombi\u00e8res-les-Dijon et Saint-Apollinaire.\n25\n5/5\nUne copie du pr\u00e9sent arr\u00eat\u00e9 sera adress\u00e9e pour information :\n- au  Commandant  de  la  R\u00e9gion  de  Gendarmerie  de  Bourgogne-Franche-Comt\u00e9,\ncommandant du groupement de la C\u00f4te-d'Or,\n-  \u00e0 la Direction Interd\u00e9partementale de la Police Nationale,\n- au Service D\u00e9partemental d'Incendie et de Secours de la C\u00f4te-d'Or,\n- \u00e0 la direction du SAMU de Dijon,\n- au CEI de Dijon M\u00e9tropole,\n- \u00e0 la direction de l'exploitation de Dijon M\u00e9tropole,\n- \u00e0 la direction d\u00e9partementale des territoires de la Sa\u00f4ne-et-Loire, service des transports\nexceptionnels,\n- aux  communes  de  Longvic,  Dijon,  Ruffey-les-Echirey,  Ahuy,  Fontaine-les-Dijon,  Daix,\nTalant, Plombi\u00e8res-les-Dijon et Saint-Apollinaire.\nFait \u00e0 Dijon, le 27 octobre 2025\nLe pr\u00e9fet,\nPour le pr\u00e9fet et par d\u00e9l\u00e9gation ,\nLa directrice de cabinet,\nORIGINAL SIGN\u00c9\nAur\u00e9lie CONTRECIVILE\nDirection d\u00e9partementale des territoires de la C\u00f4te-d'Or\n57 rue de Mulhouse- BP 53317 - 21033 DIJON cedex\nt\u00e9l : 03 80 29 44 44 \u2013 Courriel : ddt@cote-dor.gouv.fr\nDirection d\u00e9partementale des territoires de la C\u00f4te-d'Or - 21-2025-10-27-00006 - Arr\u00eat\u00e9 N\u00b0 1582\nportant r\u00e9glementation temporaire de la circulation pour la r\u00e9alisation de travaux de remplacement des joints de chauss\u00e9es sur les\nouvrages situ\u00e9s au PR0+500 et 1+500 sens Paris->Lyon sur la M274 sur les communes de Longvic, Dijon, Ruffey-les-Echirey, Ahuy,\nFontaine-les-Dijon, Daix, Talant, Plombi\u00e8res-les-Dijon et Saint-Apollinaire.\n26\nDirection des services d\u00e9partementaux de\nl'\u00e9ducation nationale de C\u00f4te-d'Or\nService D\u00e9partemental \u00e0 la Jeunesse, \u00e0\nl'engagement et aux Sports\n21-2025-10-16-00005\nNouvel arr\u00eat\u00e9 composition CDJSVA 2025\nDirection des services d\u00e9partementaux de l'\u00e9ducation nationale de C\u00f4te-d'Or - 21-2025-10-16-00005 - Nouvel arr\u00eat\u00e9 composition\nCDJSVA 2025 27\nPREFETDELACOTE-D'ORLibert\u00e9Egalit\u00e9Fraternit\u00e9\nPage 1 sur 4 \n \n \n \nARR\u00caT\u00c9 PR\u00c9FECTORAL N\u00b0 2025-025/DSDEN/SDJES \n \nportant composition du Conseil D\u00e9partemental de la Jeunesse, des Sports et de la Vie Associative \n(CDJSVA) \n \nLe pr\u00e9fet de la C\u00f4te-d'Or \n \n \nVU le code de l'action sociale et des familles, notamment les articles L. 227-4, L. 227-10 et L. 227-11 ; \n \nVU le code du sport, notamment les articles L. 212-1, L. 212-13 et L. 322-3 ; \n \nVU le code des relations entre le public et l'administration ; \n \nVU le d\u00e9cret n\u00b0 2004-374 du 29 avril 2004 modifi\u00e9, relatif aux pouvoirs du pr\u00e9fet, \u00e0 l'organisation et \u00e0 l'action \ndes services de l'Etat dans les r\u00e9gions et les d\u00e9partements ; \n \nVU le d\u00e9cret n\u00b0 2006-665 du 7 juin 2006 modifi\u00e9 relatif \u00e0 la r\u00e9duction du nombre et \u00e0 la simplification de la \ncomposition de diverses commissions administratives ; \n \nVU le d\u00e9cret n\u00b0 2020-1542 du 9 d\u00e9cembre 2020 relatif aux comp\u00e9tences des autorit\u00e9s acad\u00e9miques dans le \ndomaine des politiques de jeunesse, de l'\u00e9ducation populaire, de la vie associative, de l'engagement civique \net des sports et \u00e0 l'organisation des services charg\u00e9s de leur mise en \u0153uvre ;  \n \nVU le d\u00e9cret du 10 octobre 2024 portant nomination du pr\u00e9fet de la r\u00e9gion Bourgogne-Franche-Comt\u00e9, \npr\u00e9fet de la C\u00f4te-d'Or, Monsieur Paul MOURIER ; \n \nVU le d\u00e9cret n\u00b0 2025 -510 du 10 juin 2025 relatif aux conseils d\u00e9partementaux de la jeunesse, des sports et \nde la vie associative ; \n \nARRETE: \n \nArticle 1 er : Le Conseil D\u00e9partemental de la Jeunesse, des sports et de la Vie Associative (CDJSVA), est \npr\u00e9sid\u00e9 par le pr\u00e9fet de la C\u00f4te -d'Or ou son repr\u00e9sentant, dont le secr\u00e9tariat est assur\u00e9 par la Direction \ndes Services D\u00e9partementaux de l'Education Nationale de la C\u00f4te-d'Or, au sein du Service D\u00e9partemental \nJeunesse, Engagement et Sports (SDJES). \n \nLe Conseil D\u00e9partemental de la Jeunesse, des Sports et de la Vie Associative concourt \u00e0 la mise en \u0153uvre \ndans le d\u00e9partement des politiques publiques relatives \u00e0 la jeunesse, \u00e0 l'\u00e9ducation populaire aux loisirs et \naux vacances de mineurs ainsi qu'aux sports et \u00e0 la vie associative. Le Conseil D\u00e9partemental de la Jeunesse, \ndes Sports et de la Vie Associative est comp\u00e9tent pour donner un avis sur les demandes d'agr\u00e9ment \nd\u00e9partemental pr\u00e9sent\u00e9es par les associations, f\u00e9d\u00e9rations et unions d'associations de jeunesse et \nd'\u00e9ducation populaire.  \n \n \nService d\u00e9partemental jeunesse, \nengagement et sports \n \nDirection des services d\u00e9partementaux de l'\u00e9ducation nationale de C\u00f4te-d'Or - 21-2025-10-16-00005 - Nouvel arr\u00eat\u00e9 composition\nCDJSVA 2025 28\nPage 2 sur 4 \n \nLe Conseil D\u00e9partemental de la Jeunesse, des Sports et de la Vie Associative est aussi comp\u00e9tent pour \ndonner un avis pr\u00e9alable \u00e0 une d\u00e9cision pr\u00e9fectorale :  \n \n- de suspension ou d'interdiction \u00e0 l'encontre de toute personne dont le maintien en activit\u00e9 pr\u00e9senterait \ndes risques pour la sant\u00e9 et la s\u00e9curit\u00e9 des mineurs fr\u00e9quentant des accueils avec h\u00e9bergement, sans \nh\u00e9bergement ou de scoutisme, tels que d\u00e9finis \u00e0 l' article L. 227-10 et L. 227-11 du code de l'action sociale \net des familles ; \n- d'interdiction d'exercer \u00e0 titre temporaire ou d\u00e9finitif tout ou partie des fonctions mentionn\u00e9es \u00e0 l'article \nL. 212-1 du code du sport, \u00e0 l'encontre de toute personne dont le maintien en activit\u00e9 constituerait un \ndanger pour la sant\u00e9 et la s\u00e9curit\u00e9 physique ou morale des pratiquants, tels que d\u00e9finis \u00e0 l'article L. 212 -13 \net L. 322-3 du code du sport. \n \nLe Conseil D\u00e9partemental de la Jeunesse, des Sports et de la Vie Associative \u00e9met un avis et fait des \npropositions sur toutes les autres questions qui lui sont soumises par son pr\u00e9sident. Il peut, en outre, \nr\u00e9aliser des \u00e9tudes et faire des propositions sur tout sujet d'ordre \u00e9conomique, social ou culturel \nint\u00e9ressant directement les jeunes. \n \nIl participe \u00e0 l'accompagnement, au suivi, \u00e0 la coordination et \u00e0 l'\u00e9valuation des politiques minist\u00e9rielles \nmen\u00e9es dans son champ de comp\u00e9tence. \n \nArticle 2 : Le Conseil D\u00e9partemental de la Jeunesse, des Sports et de la Vie Associative est compos\u00e9 comme \nsuit : \n \n1\u00b0 Des r epr\u00e9sentants des services d\u00e9concentr\u00e9s de l' \u00c9tat et des organismes assurant \u00e0 l'\u00e9chelon \nd\u00e9partemental la gestion des prestations familiales pour au moins un tiers du conseil ; \n \n- le directeur acad\u00e9mique des services d\u00e9partementaux de l'Education Nationale de la C\u00f4te-d'Or ou \nson repr\u00e9sentant ;  \n \n- le directeur d\u00e9partemental de l' emploi, du travail et des solidarit\u00e9s de la C\u00f4te-d'Or ou son \nrepr\u00e9sentant ;   \n \n- le directeur d\u00e9partemental de la s\u00e9curit\u00e9 publique de la C\u00f4te-d'Or ou son repr\u00e9sentant ; \n \n- le commandant de la Maison de protection des familles de la C\u00f4te-d'Or ou son repr\u00e9sentant ;  \n \n- le directeur territorial de la Protection Judiciaire de la jeunesse de la C\u00f4te -d'Or et Sa\u00f4ne et Loire \nou son repr\u00e9sentant ; \n \n- la directrice de la Caisse d'Allocations Familiales de la C\u00f4te-d'Or ou son repr\u00e9sentant ; \n \n 2\u00b0 Des r epr\u00e9sentants, \u00e0 parit\u00e9, des associations et mouvements de jeunesse ainsi que des \nassociations sportives : \n \n- le pr\u00e9sident de la Ligue de l'Enseignement de la C\u00f4te-d'Or ou son repr\u00e9sentant ; \n \n- la pr\u00e9sidente des FRANCAS de la C\u00f4te-d'Or ou son repr\u00e9sentant ; \n \n- le pr\u00e9sident des Pupilles de l'Enseignement Public - Centre de la Bourgogne Franche -Comt\u00e9 (PEP \nCBFC) de la C\u00f4te-d'Or ou son repr\u00e9sentant ; \n \n- la pr\u00e9sidente du Comit\u00e9 D\u00e9partemental de Rugby  de la C\u00f4te-d'Or ou son repr\u00e9sentant ; \nDirection des services d\u00e9partementaux de l'\u00e9ducation nationale de C\u00f4te-d'Or - 21-2025-10-16-00005 - Nouvel arr\u00eat\u00e9 composition\nCDJSVA 2025 29\nPage 3 sur 4 \n \n- la pr\u00e9sidente du Comit\u00e9 D\u00e9partemental de Gymnastique de la C\u00f4te-d'Or ou son repr\u00e9sentant ; \n \n- la pr\u00e9sidente du Comit\u00e9 D\u00e9partemental Olympique et Sportif (CDOS) ou son repr\u00e9sentant  ; \n \n 3\u00b0 Un repr\u00e9sentant des organisations syndicales de salari\u00e9s  et un repr\u00e9sentant des organisations \nsyndicales d'employeurs exer\u00e7ant dans le domaine du sport , ainsi qu'un repr\u00e9sentant des organisations \nsyndicales de salari\u00e9s  et un repr\u00e9sentant des organisations syndicales d'employeurs exer\u00e7ant dans le \ndomaine de l'accueil des mineurs mentionn\u00e9s \u00e0 l'article L. 227-4 du code de l'action sociale et des familles : \n \n- le repr\u00e9sentant des employeurs dans le domaine du sport mandat\u00e9s par le Conseil Social pour le \nMouvement sportif (COSMOS) ;     \n \n- le repr\u00e9sentant de l'organisation syndicale CGT, Union d\u00e9partementale CGT de C\u00f4te-d'Or;  \n \n- le repr\u00e9sentant du Conseil National des Employeurs Associatifs (CNEA) dans le domaine de la \njeunesse ; \n \n- la repr\u00e9sentante de l'organisation syndicale CGT/CSD (Coordination Syndicale D\u00e9partementale);  \n  \n 4\u00b0 Des r epr\u00e9sentants des associations familiales et des associations ou groupements de parents  \nd'\u00e9l\u00e8ves : \n \n- le pr\u00e9sident de l'Union D\u00e9partementale des Associations Familiales (UDAF) de la C\u00f4te -d'Or ou son \nrepr\u00e9sentant ;  \n \n- la pr\u00e9sidente de la F\u00e9d\u00e9ration des Conseils de Parents d'El\u00e8ves (FCPE) de la C\u00f4te -d'Or ou son \nrepr\u00e9sentant. \n \nArticle 3 : Les r\u00e9unions du CDJSVA ne sont pas publiques et ses d\u00e9lib\u00e9rations se d\u00e9roulent obligatoirement \n\u00e0 huis clos.  Les membres sont astreints \u00e0 une obligation de confidentialit\u00e9 pour les faits, actes et \ninformations dont ils ont pu avoir connaissance en raison de leur fonction.  \n \nArticle 4 : Monsieur le pr\u00e9fet de la C\u00f4te -d'Or et M onsieur le directeur des s ervices d\u00e9partementaux de \nl'Education Nationale de la C\u00f4te -d'Or sont charg\u00e9s, chacun en ce qui les concerne, de l'ex\u00e9cution du \npr\u00e9sent arr\u00eat\u00e9 qui sera publi\u00e9 au recueil des actes administratifs de la Pr\u00e9fecture de la C\u00f4te-d'Or. \n \n \nFait \u00e0 Dijon, le 16 octobre 2025 \n \n \n \nLe pr\u00e9fet de la C\u00f4te-d'Or, \n \nSign\u00e9 \n \nPaul MOURIER \n \n \n \n \n \n \n \nDirection des services d\u00e9partementaux de l'\u00e9ducation nationale de C\u00f4te-d'Or - 21-2025-10-16-00005 - Nouvel arr\u00eat\u00e9 composition\nCDJSVA 2025 30\nPage 4 sur 4 \n \nDans un d\u00e9lai de deux mois \u00e0 compter de la date de l a publication du pr\u00e9sent arr\u00eat\u00e9, les recours suivants peuvent \n\u00eatre introduits conform\u00e9ment aux dispositions des articles R. 421-1 et suivants du code de justice administrative : \n\u2022 un recours gracieux, adress\u00e9 \u00e0 : Pr\u00e9fet de la C\u00f4te-d'Or, 53 rue de la Pr\u00e9fecture, 21041 DIJON. \n\u2022 un recours hi\u00e9rarchique, adress\u00e9 \u00e0 : Madame la ministre des sports, de la jeunesse et de la vie associative, 95 \navenue de France, 75 013 PARIS. \n\u2022 un recours contentieux, en saisissant le : Tribunal Administratif de Dijon, 22 rue d'Assas, 21016 DIJON cedex. \nLe tribunal administratif peut \u00e9galement \u00eatre saisi par l'application informatique T\u00e9l\u00e9recours accessible par le site \nInternet : www.telerecours.fr   \n \n \n \nDirection des services d\u00e9partementaux de l'\u00e9ducation nationale de C\u00f4te-d'Or - 21-2025-10-16-00005 - Nouvel arr\u00eat\u00e9 composition\nCDJSVA 2025 31\nDRFiP Bourgogne Franche-Comt\u00e9\n21-2025-11-03-00003\nDRFIP 21-Subd\u00e9l\u00e9gation de signature en mati\u00e8re\nde pouvoir adjudicateur au 03112025\nDRFiP Bourgogne Franche-Comt\u00e9 - 21-2025-11-03-00003 - DRFIP 21-Subd\u00e9l\u00e9gation de signature en mati\u00e8re de pouvoir adjudicateur au\n03112025 32\nREPUBLIQUEFRANCAISELibert\u00e9Egalit\u00e9Fraternit\u00e9\nTvFINANCES PUBLIQUES\nDIRECTION GENERALE DES FINANCES PUBLIQUES \nDIRECTION REGIONALE DES FINANCES PUBLIQUES DE BOURGOGNE-\nFRANCHE-COMT\u00c9 ET DU DEPARTEMENT DE LA COTE D'OR\nD\u00e9cision de subd\u00e9l\u00e9gation de signature en mati\u00e8re du pouvoir adjudicateur\nL'administratrice de l'Etat,\ndirectrice r\u00e9gionale des finances publiques de Bourgogne-Franche-\nComt\u00e9 et du d\u00e9partement de la C\u00f4te-d'Or\nVU le  d\u00e9cret  n\u00b0  2004-374  du  29  avril  2004  relatif  au  pouvoir  des  pr\u00e9fets,  \u00e0\nl'organisation et \u00e0 l'action des services de l'\u00c9tat dans les r\u00e9gions et les d\u00e9partements, modifi\u00e9\npar le d\u00e9cret n\u00b02010-146 du 16 f\u00e9vrier 2010 et par le d\u00e9cret n\u00b0210-687 du 24 juin 2010 ;\nVU le d\u00e9cret n\u00b02021-1150 du 1 er d\u00e9cembre 2021 portant statut particulier du corps\ndes administrateurs de l'\u00c9tat ;\nVU le d\u00e9cret n\u00b02009-707 du 16 juin 2009 modifi\u00e9 relatif aux services d\u00e9concentr\u00e9s\nde la direction g\u00e9n\u00e9rale des finances publiques ;\nVU le d\u00e9cret n\u00b02012-1246 du 7 novembre 2012 relatif \u00e0 la gestion budg\u00e9taire et\ncomptable publique ;\nVU le d\u00e9cret du 10 octobre 2024 nommant M. Paul MOURIER, pr\u00e9fet de la r\u00e9gion\nBourgogne-Franche-Comt\u00e9, pr\u00e9fet de la C\u00f4te-d'Or, \u00e0 compter du 28 octobre 2024 ;\nVU le d\u00e9cret du 5 d\u00e9cembre 2022 de la direction g\u00e9n\u00e9rale des finances publiques\npar  lequel  Mme  H\u00e9l\u00e8ne  CROCQUEVIEILLE,  administratrice  de  l'Etat,  est  nomm\u00e9e\ndirectrice r\u00e9gionale des finances publiques de Bourgogne-Franche-Comt\u00e9 et du d\u00e9partement\nde la C\u00f4te-d'Or, \u00e0 compter du 20 d\u00e9cembre 2022 ;\nVU  l'arr\u00eat\u00e9  pr\u00e9fectoral  N\u00b0 573 /  SG  du 14 avril  2025, donnant  d\u00e9l\u00e9gation  de\nsignature  pour  les  actes  relevant  du  pouvoir  adjudicateur  \u00e0  Mme  H\u00e9l\u00e8ne\nCROCQUEVIEILLE, Administratrice de l'Etat; \nDRFiP Bourgogne Franche-Comt\u00e9 - 21-2025-11-03-00003 - DRFIP 21-Subd\u00e9l\u00e9gation de signature en mati\u00e8re de pouvoir adjudicateur au\n03112025 33\nsign\nD E C I D E  :\nEn cas d'absence ou d'emp\u00eachement de Mme CROCQUEVIEILLE, les d\u00e9l\u00e9gations qui lui\nsont conf\u00e9r\u00e9es par arr\u00eat\u00e9 du pr\u00e9fet de la Bourgogne-Franche-Comt\u00e9 et du d\u00e9partement de la\nC\u00f4te-d'Or, seront exerc\u00e9es par :\nM. Patrick SALLES, Administrateur de l'\u00c9tat,\nM.  Patrice  MARMOT,  attach\u00e9  principal  d'administration  de  l'\u00c9tat,  chef  de  service\nadministratif,\nMme Lynda RENARDET-MICHEL, inspectrice principale,\nMme Christine GAMEL, inspectrice divisionnaire.\nFait \u00e0 Dijon, le 3 novembre  2025\nH\u00e9l\u00e8ne CROCQUEVIEILLE\nDRFiP Bourgogne Franche-Comt\u00e9 - 21-2025-11-03-00003 - DRFIP 21-Subd\u00e9l\u00e9gation de signature en mati\u00e8re de pouvoir adjudicateur au\n03112025 34\nDRFiP Bourgogne Franche-Comt\u00e9\n21-2025-11-03-00001\nDRFIP21- D\u00e9l\u00e9gations sp\u00e9ciales de signature \nPGP-DIV ETAT DCDP au 03112025\nDRFiP Bourgogne Franche-Comt\u00e9 - 21-2025-11-03-00001 - DRFIP21- D\u00e9l\u00e9gations sp\u00e9ciales de signature  PGP-DIV ETAT DCDP au\n03112025 35\nREPUBLIQUEFRANCAISELibert\u00e9Egalit\u00e9Fraternit\u00e9\nTvFINANCES PUBLIQUES\nDIRECTION G\u00c9N\u00c9RALE DES FINANCES PUBLIQUES \nDIRECTION R\u00c9GIONALE DES FINANCES PUBLIQUES DE BOURGOGNE-\nFRANCHE-COMT\u00c9 ET DU D\u00c9PARTEMENT DE LA C\u00d4TE-D'OR\nD\u00e9cision de d\u00e9l\u00e9gations sp\u00e9ciales de signature pour le p\u00f4le gestion publique\nLa directrice r\u00e9gionale des finances publiques de Bourgogne-Franche-Comt\u00e9 et du\nd\u00e9partement de la C\u00f4te-d'Or\nVU le d\u00e9cret n\u00b0 2004-1085 du 14 octobre 2004 modifi\u00e9 relatif \u00e0 la d\u00e9l\u00e9gation de\ngestion dans les services de l'\u00c9tat ;\nVU le d\u00e9cret n\u00b0 2008-309 du 3 avril 2008 portant dispositions transitoires relatives\n\u00e0 la direction g\u00e9n\u00e9rale des finances publiques ;\nVU le d\u00e9cret n\u00b02008-310 du 3 avril 2008 relatif \u00e0 la direction g\u00e9n\u00e9rale des finances\npubliques ;\nVU le  d\u00e9cret  n\u00b02009-208  du  20  f\u00e9vrier  2009  relatif  au  statut  particulier  des\nadministrateurs des finances publiques ;\nVU le d\u00e9cret n\u00b02009-707 du 16 juin 2009 relatif aux services d\u00e9concentr\u00e9s de la\nDirection g\u00e9n\u00e9rale des finances publiques ;\nVU le d\u00e9cret n\u00b0 2012-1246 du 7 novembre 2012 relatif \u00e0 la gestion budg\u00e9taire et\ncomptable publique ;\nVU l'arr\u00eat\u00e9 du 18 juin 2009, portant cr\u00e9ation de la direction r\u00e9gionale des finances\npubliques de la r\u00e9gion Bourgogne et du d\u00e9partement de la C\u00f4te-d'Or ;\nVU le  d\u00e9cret  du  5  d\u00e9cembre  2022  portant  nomination  de\nMme H\u00e9l\u00e8ne CROCQUEVIEILLE, administratrice  g\u00e9n\u00e9rale  des  finances  publiques,  en\nqualit\u00e9 de directrice r\u00e9gionale des finances publiques de Bourgogne-Franche-Comt\u00e9 et du\nd\u00e9partement de la C\u00f4te-d'Or ;\nVU la  d\u00e9cision  du  directeur  g\u00e9n\u00e9ral  des  finances  publiques  en  date  du\n5 d\u00e9cembre 2022 fixant  au  20  d\u00e9cembre  2022  la  date  d'installation  de\nMme H\u00e9l\u00e8ne CROCQUEVIEILLE  dans les fonctions  de directrice  r\u00e9gionale  des finances\npubliques de Bourgogne-Franche-Comt\u00e9 et du d\u00e9partement de la C\u00f4te-d'Or ;\nVU les  conventions  de  d\u00e9l\u00e9gation  de  gestion  relatives  au  centre  de  gestion\nfinanci\u00e8re justice plac\u00e9 sous l'autorit\u00e9 de la directrice r\u00e9gionale des finances publiques de\nBourgogne-Franche-Comt\u00e9 et du d\u00e9partement de C\u00f4te-d'Or,\nDRFiP Bourgogne Franche-Comt\u00e9 - 21-2025-11-03-00001 - DRFIP21- D\u00e9l\u00e9gations sp\u00e9ciales de signature  PGP-DIV ETAT DCDP au\n03112025 36\nD\u00c9CIDE\nArticle 1 : D\u00e9l\u00e9gation sp\u00e9ciale de signature pour signer les pi\u00e8ces ou documents relatifs aux\nattributions  du  p\u00f4le  gestion  publique,  \u00e0  l'exclusion  de  toutes  les  op\u00e9rations  relatives  au\ndomaine et la gestion des patrimoines priv\u00e9s, et les actes dont seuls les comptables sont\ncharg\u00e9s en application de l'article 18 du d\u00e9cret 2012-1246 du 7 novembre 2012, avec facult\u00e9\npour chacun d'eux d'agir s\u00e9par\u00e9ment et sur sa seule signature :\nM.Alban BLANC, administrateur des finances publiques adjoint, responsable de la division\nconseil aux d\u00e9cideurs publics et de la Mission r\u00e9gionale Conseil aux D\u00e9cideurs Publics ;\nMme Diane VAUTRIN-GILLET, inspectrice principale des finances publiques, adjointe au\nresponsable de la division conseil aux d\u00e9cideurs publics ;\nM. Pierre MAS,  inspecteur principal des finances publiques, adjoint au responsable de la\nMission  r\u00e9gionale  Conseil  aux  D\u00e9cideurs  Publics  et  affect\u00e9  \u00e0  la  Division  Conseil  aux\nD\u00e9cideurs Publics ;\nMme Sophie CADOUX , inspectrice principale des finances publiques, responsable de la\ndivision \u00c9tat ;\nMme Mireille ETIENNE , inspectrice divisionnaire des finances publiques, adjointe \u00e0 la\nresponsable de la division \u00c9tat.\nMme Val\u00e9rie HENRY , administratrice des finances publiques adjointe, responsable du p\u00f4le\nde l'\u00e9valuation domaniale.\nMme  Marie-Th\u00e9r\u00e8se  DARREAU ,  inspectrice  divisionnaire  des  Finances  publiques,\nresponsable de la gestion des patrimoines priv\u00e9s.\nArticle 2     : D\u00e9l\u00e9gation sp\u00e9ciale de signature pour signer les pi\u00e8ces ou documents relatifs aux\nattributions  de  leur  division  ou  de  leur  service,  avec  facult\u00e9  pour  chacun  d'eux  d'agir\ns\u00e9par\u00e9ment et sur sa seule signature, l'\u00e9nonciation des pouvoirs ainsi conf\u00e9r\u00e9s \u00e9tant limitative,\nest donn\u00e9e comme indiqu\u00e9 ci-dessous :\nI. Pour la division conseil aux d\u00e9cideurs publics \n1. Secteur expertise financi\u00e8re et fiscalit\u00e9 directe locale\n1-1 Mission d'expertises \nM.  St\u00e9phane  DESSERTENNE,  Mmes  Christelle  COUTURIER  et  H\u00e9l\u00e8ne\nMASSENA, inspecteurs des finances publiques, re\u00e7oivent d\u00e9l\u00e9gation pour signer toutes\ndemandes  de  contribution,  transmissions  de  documents  de  travail,  tous  accus\u00e9s  de\nr\u00e9ception relatifs aux travaux d'expertises \u00e0 l'exception des envois de rapports et des\ncahiers des charges d'expertises en l'absence de MM. Alban BLANC et Pierre MAS.\n1-2 Mission aides publiques et tutelle des chambres consulaires\n2\nDRFiP Bourgogne Franche-Comt\u00e9 - 21-2025-11-03-00001 - DRFIP21- D\u00e9l\u00e9gations sp\u00e9ciales de signature  PGP-DIV ETAT DCDP au\n03112025 37\nM.  St\u00e9phane  DESSERTENNE,  Mmes  Christelle  COUTURIER  et  H\u00e9l\u00e8ne\nMASSENA, inspecteurs des finances publiques,  re\u00e7oivent d\u00e9l\u00e9gati on pour effectuer la\nvalidation des avis \u00e9conomiques et financiers de la DRFIP et pour signer tous courriers\nde demande de compl\u00e9ments d'informations, de transmission de documents de travail\nrelatifs aux dossiers de demandes d'aides publiques soumis \u00e0 l'avis de la DRFIP  en\nl'absence de MM. Alban BLANC et Pierre MAS.\nM.  St\u00e9phane  DESSERTENNE,  Mmes  Christelle  COUTURIER  et  H\u00e9l\u00e8ne\nMASSENA, inspecteurs des finances publiques,  re\u00e7oivent d\u00e9l\u00e9gation pour signer les\naccus\u00e9s de r\u00e9ception, les transmissions de documents, les demandes d'in formations et\nattestations, relatifs au contr\u00f4le des actes budg\u00e9taires et financiers des chambres de\ncommerces et d'industrie, en l'absence de MM. Alban BLANC et Pierre MAS.\n2. Secteur qualit\u00e9 des comptes locaux, H\u00e9lios\nMmes Laurence GUYOT, Laurence CHERREY, Asia HAMMILL , inspectrices des\nfinances publiques, re\u00e7oivent d\u00e9l\u00e9gation sp\u00e9ciale de signature pour signer les pi\u00e8ces ou\ndocuments relatifs aux attributions de ce secteur en cas d'emp\u00eachement ou d'absence de\nM. Alban BLANC et Mme Diane VAUTRIN-GILLET.\n3. Secteur Modernisation de la Recette et de la D\u00e9pense\nMme Florence CHAMBOLLE,  inspectrice des finances publiques, re\u00e7oit d\u00e9l\u00e9gation\npour signer les pi\u00e8ces ou documents relatifs au secteur d\u00e9mat\u00e9rialisation \u2013 moyens de\npaiement.\nMme Aline HARDT, contr\u00f4leuse des finances publiques, re\u00e7oit la m\u00eame d\u00e9l\u00e9gation en\ncas d'emp\u00eachement ou d'absence de Mme Florence CHAMBOLLE.\n4. Service de la fiscalit\u00e9 directe locale\nMmes Sophie FOURNIER et Laurence GUYOT, inspectrices des finances publiques,\nre\u00e7oivent d\u00e9l\u00e9gation pour signer tous accus\u00e9s de r\u00e9ception, transmissions de documents,\nattestations et d\u00e9clarations relatifs au service fiscalit\u00e9 directe locale.\nMmes Ga\u00eblle  LAHEURTE  et  Val\u00e9rie  VAUCLIN, contr\u00f4leuses  principales  des\nfinances publiques re\u00e7oivent la m\u00eame d\u00e9l\u00e9gation en cas d'emp\u00eachement ou d'absence\nde Mmes Sophie FOURNIER et Laurence GUYOT. \nII \u2212 Pour la division Etat \nMme Sophie CADOUX , inspectrice principale des finances publiques,  responsable de\nla division \u00c9tat, et  Mme Mireille ETIENNE , inspectrice divisionnaire des finances\npubliques, adjointe \u00e0 la responsable de la division des d\u00e9penses de l'\u00c9tat, re\u00e7oivent\nd\u00e9l\u00e9gation pour signer tous les actes relatifs aux affaires relevant de la division \u00c9tat.\nElles re\u00e7oivent d\u00e9l\u00e9gation sp\u00e9ciale de signature pour les actes dont seuls les comptables\npublics  sont  charg\u00e9s  en  application  de  l'article  18  du  d\u00e9cret  2012-1246  du\n3\nDRFiP Bourgogne Franche-Comt\u00e9 - 21-2025-11-03-00001 - DRFIP21- D\u00e9l\u00e9gations sp\u00e9ciales de signature  PGP-DIV ETAT DCDP au\n03112025 38\n7 novembre 2012, en cas d'absence ou d'emp\u00eachement de ma part.\nElles re\u00e7oivent, en mati\u00e8re de produits divers, d\u00e9l\u00e9gation pour octroyer et signer les\nd\u00e9lais de paiement inf\u00e9rieurs \u00e0 3 0 000 \u20ac, pour accorder les remises de majorations d'un\nmontant unitaire inf\u00e9rieur ou \u00e9gal \u00e0 3  000 \u20ac et les remises gracieuses d 'un montant\nunitaire inf\u00e9rieur ou \u00e9gal \u00e0 2 000\u20ac.\nElles sont habilit\u00e9es pour la validation et la signature \u00e9lectronique des virements de gros\nmontant,  des  virements  urgents  et  des  virements  \u00e0  l'\u00e9tranger  dans  l'application\nBDFDirect2.\n1. Service SFACT-D\u00e9pense Cours d'appel, Int\u00e9rieur et \u00c9ducation nationale \nM. Gilles MONNET,  inspecteur des finances publiques, et  Mme Sarah FERTIER ,\ninspectrice des finances publiques, re\u00e7oivent,  d\u00e9l\u00e9gation pour signer tous accus\u00e9s de\nr\u00e9ception, transmissions de documents, attestations, d\u00e9clarations, les observations aux\nordonnateurs,  aux  services  prescripteurs  et  au  Centre  de  Service  Partag\u00e9  et  les\nsuspensions de paiement,  sauf lorsque l'observation  ou la suspension concerne une\nquestion de principe.\nEn outre, ils re\u00e7oivent d\u00e9l\u00e9gation pour signer  les ch\u00e8ques sur le Tr\u00e9sor et les ordres de\npaiement, les documents relatifs au remboursement partiel de la Taxe Int\u00e9rieure de\nConsommation  sur  les  Produits  Energ\u00e9tiques  (TICPE)  de  la  Taxe  Int\u00e9rieure  de\nConsommation sur le Gaz Naturel (TIGN). \nEn cas d'emp\u00eachement ou d'absence de  M. Gilles  MONNET ou de Mme Sarah\nFERTIER,  les  agents  suivants  re\u00e7oivent  les  m\u00eames  d\u00e9l\u00e9gations  s'agissant  des\np\u00e9rim\u00e8tres d\u00e9finis ci-apr\u00e8s :\n \nMM. Mehdi  MESSOUSSA  et  Philippe\nTHOMAS, contr\u00f4leurs des finances publiques\nMme  Marie-Christine  GODET,  contr\u00f4leuse\ndes finances publiques\nMme Blandine  ROUX,  agente\nd'administration principale\nD\u00e9penses  en  mode  facturier  et  en\nmode  classique  des  minist\u00e8res  de\nl'Int\u00e9rieur,  de  l'\u00c9ducation  nationale\net des cours d'appel,\nValidation des dossiers de TICPE et\nTIGN\nM. Azzedine BOULBADAOUI contr\u00f4leur des\nfinances  publiques  et  M.  Fr\u00e9d\u00e9ric\nDROUELLE, agent d'administration\nCentre  de  gestion  financi\u00e8re  du\nminist\u00e8re de la Justice\nM.  J\u00e9r\u00e9my  DUREISSEIX,  contr\u00f4leur  des\nfinances  publiques  et  Mme Aur\u00e9lie\nDELAVEAU agente d'administration \nP\u00f4le Comptabilit\u00e9 et suivi des r\u00e9gies\nPar  ailleurs,  les  agents  suivants  re\u00e7oivent  d\u00e9l\u00e9gations  aux  fins  d'utiliser  Chorus\nformulaires dans le cadre de leurs relations avec les services ordonnateurs :\n- Mme Sarah FERTIER et M. Gilles MONNET, inspecteurs des finances publiques,\n4\nDRFiP Bourgogne Franche-Comt\u00e9 - 21-2025-11-03-00001 - DRFIP21- D\u00e9l\u00e9gations sp\u00e9ciales de signature  PGP-DIV ETAT DCDP au\n03112025 39\n-  Mmes Florence  BERREUR,  S\u00e9verine  MILLOT et  MM.  Chawki  DORANI,\nEmmanuel GARROT contr\u00f4leurs principaux des finances publiques,\n- Mmes Marie-Christine GODET, H\u00e9l\u00e8ne FONTAINE, St\u00e9phanie DEMANGEOT\net MM. Azzedine BOULBADAOUI, Mehdi MESSOUSSA, J\u00e9r\u00e9my DUREISSEIX,\nHichame AZOUZI, Jonathan FRANCESCUT  et Philippe THOMAS  contr\u00f4leurs\ndes finances publiques,\n-  Mmes S\u00e9verine HUGUET, Fr\u00e9d\u00e9rique GUILLEMENOT, Blandine ROUX,  et\nMM.  Bruno  CASTEX-DESQUINS,  S\u00e9bastien  VION  agents  d'administratifs\nprincipaux  des  finances  publiques,  Mme  Aur\u00e9lie  DELAVEAU et  M.  Fr\u00e9d\u00e9ric\nDROUELLE, agents administratifs.\n- Mme Marine BREUIL secr\u00e9taire administrative,\n-  Mmes  Sandrine  GUIGNOT,  Manuela  YVANEZ,  adjointes  administratives\nprincipales,\n- M. Alexandre CADET et M. Armand BULTINGAIRE,  adjoints administratifs\nprincipaux,\n-  Mmes  Nadia  DAROUQI,  Marjolaine  TISSIER  et  Sonia  DENDEN, adjointes\nadministratives.\n\u2013 Mme  Sylvie  SUCHET ,  contr\u00f4leuse  principale  des  finances  publiques,  et\nMme Sophie SOUBRIER, contr\u00f4leuse des Finances publiques, lors de leurs p\u00e9riodes\nd'affectation au service D\u00e9pense-SFACT.\n\u2013 M. Jean-Loup FOURNIER, auxiliaire pendant la dur\u00e9e de sa mission.\n2. Centre de gestion financi\u00e8re Justice\nD\u00e9l\u00e9gation est donn\u00e9e \u00e0 l'effet de signer tous actes relatifs \u00e0 l'ex\u00e9cution des  op\u00e9rations\npr\u00e9vues dans les conventions de d\u00e9l\u00e9gation de gestion susvis\u00e9es, y compris dans l'outil\nChorus et Chorus formulaire, dans la limite de leurs attributions au sein du centre de\ngestion financi\u00e8re, \u00e0 :\n- Mme Sophie CADOUX,  Inspectrice principale des finances publiques, responsable\nde la division \u00c9tat ;\n- Mme Mireille ETIENNE, Inspectrice divisionnaire des finances publiques, adjointe \u00e0\nla responsable de la division Etat ;\n- Mme Sarah FERTIER, Inspectrice des finances publiques, responsable du Centre de\ngestion financi\u00e8re ;\n-  Mme  S\u00e9verine  MILLOT et  M.  Chawki  DORANI contr\u00f4leurs  principaux  des\nfinances publiques,\n-  Mme  H\u00e9l\u00e8ne  FONTAINE  et  MM.  Azzedine  BOULBADAOUI,  J\u00e9r\u00e9my\nDUREISSEIX, Jonathan FRANCESCUT contr\u00f4leurs des finances publiques,\n5\nDRFiP Bourgogne Franche-Comt\u00e9 - 21-2025-11-03-00001 - DRFIP21- D\u00e9l\u00e9gations sp\u00e9ciales de signature  PGP-DIV ETAT DCDP au\n03112025 40\n- Mme S\u00e9verine HUGUET, et MM. Bruno CASTEX-DESQUINS, S\u00e9bastien VION\nagents d'administratifs principaux des finances publiques,\n- M. Fr\u00e9d\u00e9ric DROUELLE, agent administratif des finances publiques,\n- Mme Marine BREUIL, secr\u00e9taire administrative,\n-  Mmes  Sandrine  GUIGNOT,  Manuela  YVANEZ,  adjointes  administratives\nprincipales,\n- M. Alexandre CADET et M. Armand BULTINGAIRE,  adjoints administratifs\nprincipaux,\n-  Mmes  Nadia  DAROUQI,  Marjolaine  TISSIER  et  Sonia  DENDEN, adjointes\nadministratives.\n3. Service liaison r\u00e9m  un\u00e9ration   \nM. Laurent  SOUHAIT, inspecteur  des  finances  publiques,  re\u00e7oit  d\u00e9l\u00e9gation  pour\nsigner  tous  accus\u00e9s  de  r\u00e9ception,  transmissions  de  documents,  attestations  et\nd\u00e9clarations relatifs au service Liaison R\u00e9mun\u00e9rations.\nM. Laurent SOUHAIT re\u00e7oit d\u00e9l\u00e9gation pour signer les ch\u00e8ques sur le tr\u00e9sor relevant\nde l'activit\u00e9 du service et octroyer des d\u00e9lais de paiement pour la r\u00e9cup\u00e9ration des indus\nr\u00e9mun\u00e9ration dans la limite de 24 mois.\nM.  Fr\u00e9d\u00e9ric  DOURU,  contr\u00f4leur  principal  des  finances  publiques  et\nMme V\u00e9ronique RIEFENSTAHL,  contr\u00f4leuse principale des finances publiques, en\ncas  d'emp\u00eachement  ou  d'absence  de  M.  Laurent  SOUHAIT  re\u00e7oivent  les  m\u00eames\nd\u00e9l\u00e9gations.\n4. Service comptabilit\u00e9 de l'\u00c9tat et services financiers\nM. Fabrice MONTAGNE,  inspecteur des finances publiques, re\u00e7oit d\u00e9l\u00e9gation pour\nsigner :\n- les bordereaux de remises de ch\u00e8ques \u00e0 l'encaissement \u00e0 la Banque de France, les\nbordereaux  d'approvisionnement  et  de  d\u00e9gagement  en  num\u00e9raire  et  plus\ng\u00e9n\u00e9ralement tous documents relatifs aux op\u00e9rations aupr\u00e8s de cet \u00e9tablissement et\naupr\u00e8s de la Banque Postale, les ordres de paiement et les autorisations de paiement\ndans d'autres d\u00e9partements et \u00e0 l'\u00e9tranger,\n-  tous documents relatifs \u00e0 la comptabilit\u00e9 de la Gestion des Patrimoines Priv\u00e9s\n(GPP) et aux valeurs inactives, tous documents, accus\u00e9s de r\u00e9ception, attestations et\nd\u00e9clarations relatifs \u00e0 la tenue des comptes de la client\u00e8le D\u00e9p\u00f4ts de Fonds (DFT) et\naux  op\u00e9rations  guichet de  l'activit\u00e9  de  pr\u00e9pos\u00e9  de  la  Caisse  des  D\u00e9p\u00f4ts  et\nConsignations (CDC),\n- tous documents relatifs \u00e0 l'activit\u00e9 de France Domaine et relevant de la comp\u00e9tence\ndu service Comptabilit\u00e9,\n- tous documents, accus\u00e9s de r\u00e9ception, attestations et d\u00e9clarations relatifs au service\nComptabilit\u00e9, \u00e0 l'exception de la signature des \u00e9tats de d\u00e9veloppement des soldes,\n6\nDRFiP Bourgogne Franche-Comt\u00e9 - 21-2025-11-03-00001 - DRFIP21- D\u00e9l\u00e9gations sp\u00e9ciales de signature  PGP-DIV ETAT DCDP au\n03112025 41\n- tous documents de centralisation comptable des op\u00e9rations des postes comptables\ndu r\u00e9seau.\nM. Fabrice MONTAGNE est habilit\u00e9 :\n- pour la validation et la signature \u00e9lectronique des virements de gros montant, des\nvirements urgents et des virements vers l'\u00e9tranger dans l'application BDFDirect2,\n-  pour  la  transaction  de  2\u00e8me niveau  de  validation  g\u00e9n\u00e9rale  et  comptable  des\nd\u00e9caissements  manuels  initi\u00e9s  par  les  services  de  la  DRFiP  dans  l'application\nCHORUS.\nMme  Anne  DAULIN,  contr\u00f4leuse  principale  des  finances  publiques,  en  cas\nd'emp\u00eachement ou d'absence de M. MONTAGNE, re\u00e7oit les m\u00eames d\u00e9l\u00e9gations en ce\nqui concerne le secteur comptabilit\u00e9. Elle re\u00e7oit \u00e9galement d\u00e9l\u00e9gation pour signer les\nattestations et d\u00e9clarations relatives aux op\u00e9rations guichet  de l'activit\u00e9 de pr\u00e9pos\u00e9 de la\nCDC.\nEn outre, elle est habilit\u00e9e :\n- pour la validation et la signature \u00e9lectronique des virements de gros montant, des\nvirements urgents et des virements vers l'\u00e9tranger dans l'application BDFDirect2,\n-  pour  la  transaction  de  2\u00e8me niveau  de  validation  g\u00e9n\u00e9rale  et  comptable  des\nd\u00e9caissements  manuels  initi\u00e9s  par  les  services  de  la  DRFiP  dans  l'application\nCHORUS.\nMme  Sophie  ROSSIGNOL,  contr\u00f4leuse  principale  des  finances  publiques,  en  cas\nd'emp\u00eachement ou d'absence de M. MONTAGNE, re\u00e7oit les m\u00eames d\u00e9l\u00e9gations pour\nce  qui  concerne  la  tenue  des  comptes  de  la  client\u00e8le  DFT.  Elle  re\u00e7oit  \u00e9galement\nd\u00e9l\u00e9gation pour signer les attestations et d\u00e9clarations relatives aux op\u00e9rations guichet de\nl'activit\u00e9 de pr\u00e9pos\u00e9 de la CDC. \nEn outre, elle est habilit\u00e9e :\n- pour la validation et la signature \u00e9lectronique des virements de gros montant, des\nvirements urgents et des virements vers l'\u00e9tranger dans l'application BDFDirect2,\n-  pour  la  transaction  de  2\u00e8me niveau  de  validation  g\u00e9n\u00e9rale  et  comptable  des\nd\u00e9caissements  manuels  initi\u00e9s  par  les  services  de  la  DRFiP  dans  l'application\nCHORUS.\nM. Benjamin PICOT, agent administratif principal des finances publiques, est habilit\u00e9\npour  la  validation  et  la  signature  \u00e9lectronique  des  virements  de  gros  montant,  des\nvirements urgents et des virements vers l'\u00e9tranger dans l'application BDFDirect2.\nMme  Anne  DAULIN,  contr\u00f4leuse  principale  des  finances  publiques,  et\nMme Magali FOULON, contr\u00f4leuse des finances publiques, re\u00e7oivent d\u00e9l\u00e9gation pour\nsigner les bordereaux de remises de ch\u00e8ques \u00e0 l'encaissement \u00e0 la Banque de France, les\nbordereaux d'approvisionnement et de d\u00e9gagement en num\u00e9raire et plus g\u00e9n\u00e9ralement\ntous documents  relatifs  aux op\u00e9rations aupr\u00e8s de cet  \u00e9tablissement  et  aupr\u00e8s de la\nBanque Postale.\nMmes  Isabelle  CANNET ,  Anne  DAULIN,   Magali  FOULON,  Fran\u00e7oise\n7\nDRFiP Bourgogne Franche-Comt\u00e9 - 21-2025-11-03-00001 - DRFIP21- D\u00e9l\u00e9gations sp\u00e9ciales de signature  PGP-DIV ETAT DCDP au\n03112025 42\nPONSARD, Sophie ROSSIGNOL, Valentine DUPIRE ainsi que MM. Christian\nSOLLIEC et Benjamin PICOT,  re\u00e7oivent d\u00e9l\u00e9gation pour signer les quittances et les\nd\u00e9clarations de recettes d\u00e9livr\u00e9es \u00e0 la caisse.\n5. Service   recettes non fiscales  \nMme Corinne CORNET, inspectrice des finances publiques, re\u00e7oit d\u00e9l\u00e9gation :\n- pour signer tous documents, accus\u00e9s de r\u00e9ception, attestations et d\u00e9clarations relatifs\nau service,\n- pour octroyer et signer les d\u00e9lais de paiement inf\u00e9rieurs \u00e0 10 000 euros,\n-  pour signer tous \u00e9tats de poursuites relatifs \u00e0 l'activit\u00e9 du service ainsi que les\nmainlev\u00e9es y aff\u00e9rents,\n- pour signer les d\u00e9clarations de cr\u00e9ances dans le cadre des proc\u00e9dures collectives et\nagir en justice,\n- pour accorder les remises de majorations d'un montant unitaire inf\u00e9rieur ou \u00e9gal \u00e0\n1 000 \u20ac.\n-  pour  octroyer  une  remise  gracieuse  d'un  montant  unitaire  inf\u00e9rieur  ou  \u00e9gal  \u00e0\n1 000 \u20ac.\nMmes  Sylvie  MOINGEON ,  contr\u00f4leuse  principale  des  finances  publiques,\nSylvette BOREL et Magali CUZIEUX contr\u00f4leuses des finances publiques, re\u00e7oivent\nd\u00e9l\u00e9gations :\n- en cas d'emp\u00eachement ou d'absence de Mme CORNET, les m\u00eames d\u00e9l\u00e9gations, sauf\nen mati\u00e8re d'octroi de d\u00e9lais de paiement et de remise de majorations ;\n- pour octroyer des d\u00e9lais de paiement jusqu'\u00e0 2 000 euros dans la limite de 12 mois.\nArticle  3     :   La  pr\u00e9sente  d\u00e9cision  sera  publi\u00e9e  au  recueil  des  actes  administratifs  du\nd\u00e9partement de la C\u00f4te-d'Or.\nFait \u00e0 Dijon, le 3 novembre  2025\nH\u00e9l\u00e8ne CROCQUEVIEILLE\n8\nDRFiP Bourgogne Franche-Comt\u00e9 - 21-2025-11-03-00001 - DRFIP21- D\u00e9l\u00e9gations sp\u00e9ciales de signature  PGP-DIV ETAT DCDP au\n03112025 43\nDRFiP Bourgogne Franche-Comt\u00e9\n21-2025-11-03-00002\nDRFIP21-D\u00e9l\u00e9gation sp\u00e9ciales de signature PPR au\nRPR-03112025\nDRFiP Bourgogne Franche-Comt\u00e9 - 21-2025-11-03-00002 - DRFIP21-D\u00e9l\u00e9gation sp\u00e9ciales de signature PPR au RPR-03112025 44\nREPUBLIQUEFRANCAISELibert\u00e9Egalit\u00e9Fraternit\u00e9\nTvFINANCES PUBLIQUES\nDIRECTION G\u00c9N\u00c9RALE DES FINANCES PUBLIQUES \nDIRECTION R\u00c9GIONALE DES FINANCES PUBLIQUES DE BOURGOGNE-\nFRANCHE-COMT\u00c9 ET DU D\u00c9PARTEMENT DE LA C\u00d4TE-D'OR\nD\u00e9cision de d\u00e9l\u00e9gations sp\u00e9ciales de signature pour le p\u00f4le pilotage et ressources\nL'administratrice g\u00e9n\u00e9rale des finances publiques, directrice r\u00e9gionale des finances\npubliques de Bourgogne-Franche-Comt\u00e9 et du d\u00e9partement de la C\u00f4te-d'Or\nVU le d\u00e9cret n\u00b0 2008-309 du 3 avril 2008 portant dispositions transitoires relatives\n\u00e0 la direction g\u00e9n\u00e9rale des finances publiques ;\nVU le d\u00e9cret n\u00b02008-310 du 3 avril 2008 relatif \u00e0 la direction g\u00e9n\u00e9rale des finances\npubliques ;\nVU le  d\u00e9cret  n\u00b02009-208  du  20  f\u00e9vrier  2009  relatif  au  statut  particulier  des\nadministrateurs des finances publiques ;\nVU le d\u00e9cret n\u00b02009-707 du 16 juin 2009 relatif aux services d\u00e9concentr\u00e9s de la\nDirection g\u00e9n\u00e9rale des Finances publiques ;\nVU le d\u00e9cret n\u00b02012-1246 du 7 novembre 2012 relatif \u00e0 la gestion budg\u00e9taire et \u00e0\nla comptabilit\u00e9 publique ;\nVU l'arr\u00eat\u00e9 du 18 juin 2009, portant cr\u00e9ation de la direction r\u00e9gionale des finances\npubliques de la r\u00e9gion Bourgogne et du d\u00e9partement de la C\u00f4te-d'Or ;\nVU le  d\u00e9cret  du  5  d\u00e9cembre  2022  portant  nomination  de  M me  H\u00e9l\u00e8ne\nCROCQUEVIEILLE, administratrice g\u00e9n\u00e9rale des finances publiques, en qualit\u00e9 de directrice\nr\u00e9gionale des finances publiques de Bourgogne-Franche-Comt\u00e9 et du d\u00e9partement de la C\u00f4te-\nd'Or ;\nVU la d\u00e9cision du directeur g\u00e9n\u00e9ral des finances publiques en date du 5 d\u00e9cembre\n2022 fixant au 20 d\u00e9cembre 2022 la date d'installation de Mme H\u00e9l\u00e8ne CROCQUEVIEILLE\ndans les fonctions  de directrice r\u00e9gionale  des finances publiques  de Bourgogne-Franche-\nComt\u00e9 et du d\u00e9partement de la C\u00f4te-d'Or ;\nD\u00c9CIDE :\nArticle 1 : D\u00e9l\u00e9gation sp\u00e9ciale de signature pour signer les pi\u00e8ces ou documents relatifs aux\nattributions du p\u00f4le pilotage ressources, avec facult\u00e9 pour chacun d'eux d'agir s\u00e9par\u00e9ment et\nsur sa seule signature en cas d'emp\u00eachement ou d'absence de M. Patrick SALLES , et sans\nque le non emp\u00eachement soit opposable aux tiers ou puisse \u00eatre revendiqu\u00e9 par eux, est\ndonn\u00e9e \u00e0 : \nDRFiP Bourgogne Franche-Comt\u00e9 - 21-2025-11-03-00002 - DRFIP21-D\u00e9l\u00e9gation sp\u00e9ciales de signature PPR au RPR-03112025 45\nM.  Patrice  MARMOT,  attach\u00e9  principal  d'administration  de  l'\u00c9tat,  chef  de  service\nadministratif, responsable de la division strat\u00e9gie, budget, logistique, immobilier et conditions\nde vie au travail, \nMme Lynda RENARDET-MICHEL  inspectrice principale , responsable de la division des\nressources humaines et de la formation professionnelle.\nMme Christine GAMEL,  inspectrice divisionnaire, adjointe au responsable e la division\nstrat\u00e9gie, budget, logistique, immobilier et conditions de vie au travail.\nArticle 2 : \n1. Pour le service Ressources humaines : \nMme C\u00e9cile RUINET et Mme Isabelle GARCIN  inspectrices des finances publiques,\nre\u00e7oivent d\u00e9l\u00e9gation sp\u00e9ciale de signature pour signer les pi\u00e8ces ou documents relatifs aux\nattributions  de  son  service,   en  cas  d'emp\u00eachement  ou  d'absence  de  Mme  Lynda\nRENARDET-MICHEL.\nMme  Agn\u00e8s  FIDEL contr\u00f4leuse  principale  des  finances  publiques,  M .Christophe\nPONCIN-LEONARD, secr\u00e9taire administratif de classe exceptionnelle  Mme Dani\u00e8le\nCOQUILLOT,  agente  principale  des  finances  publiques en  cas  d'emp\u00eachement  ou\nd'absence de Mme RUINET ou de Mme GARCIN re\u00e7oivent d\u00e9l\u00e9gation pour signer tous\naccus\u00e9s de r\u00e9ception, transmissions de documents, attestations et d\u00e9clarations relatifs au\nservice des ressources humaines\n2. Pour le service Formation professionnelle :\nMme  Isabelle  GARCIN,  inspectrice  des finances  publiques,  M.  Boris  EJUPOVIC,\ncontr\u00f4leur des finances publiques  re\u00e7oivent  d\u00e9l\u00e9gation  pour pr\u00e9sider les commissions\nd'examens et concours.\nMme Isabelle GARCIN,  inspectrice  des finances publiques,  M. Boris EJUPOVIC ,\ncontr\u00f4leur des finances publiques, affec t\u00e9s au service de la formation professionnelle,\nre\u00e7oivent d\u00e9l\u00e9gation pour signer tous accus\u00e9s de r\u00e9ception, transmissions de documents,\nattestations et d\u00e9clarations relatifs au secteur de la formation professionnelle ainsi que\npour signer les convocations aux sessions de formation ainsi que les ordres de mission\nqui leur sont attach\u00e9s ainsi que tous actes relatifs \u00e0 l'organisation des concours.\n3. Pour la Division Strat\u00e9gie, Budget, Logistique, Immobilier et Conditions de Vie au\nTravail:\nPour les services budget, logistique et immobilier : \nMme Sandrine  BAROUDEL,  inspectrice  des  finances  publiques,  et  M. Emmanuel\nGUEDJ,  inspecteur des finances publiques  re\u00e7oivent  d\u00e9l\u00e9gation sp\u00e9ciale de signature\npour signer  les pi\u00e8ces  ou documents  relatifs  aux attributions  de leur  service,  en cas\nd'emp\u00eachement ou d'absence de M. Patrice MARMOT.\nMme Sandrine BAROUDEL  et M. Patrice MARMOT  sont d\u00e9sign\u00e9s mandataires de\ncertification pour l'acquisition des certificats de signature \u00e9lectronique.\nDRFiP Bourgogne Franche-Comt\u00e9 - 21-2025-11-03-00002 - DRFIP21-D\u00e9l\u00e9gation sp\u00e9ciales de signature PPR au RPR-03112025 46\nMme Christelle LAFAYE,  con tr\u00f4leuse des finances publiques, re\u00e7oit d\u00e9l\u00e9gation pour\nsigner tous accus\u00e9s de r\u00e9ception, transmissions de documents, attestations et d\u00e9clarations\nrelatifs au service Budget et Logistique en cas d'emp\u00eachement ou d'absence de M. Patrice\nMARMOT ou M. Emmanuel GUEDJ.\nLes actes relatifs \u00e0 l'ordonnancement secondaire ne sont pas vis\u00e9s par la pr\u00e9sente\nd\u00e9l\u00e9gation. \nPour les services   strat\u00e9gie et pilotage     :  \nMmes Muriel ANTONIAZZI et  Caroline CLERC-LETURGEON  ,  inspectrices des\nfinances publiques,  re\u00e7oivent  d\u00e9l\u00e9gation sp\u00e9ciale de signature pour signer les pi\u00e8ces ou\ndocuments relatifs aux attributions de leur service, en cas d'emp\u00eachement ou d'absence de\nM. Patrice MARMOT.\nAssistant de pr\u00e9ven  tion     :  \nMme Caroline ALVAREZ,  contr\u00f4leuse des finances publiques, re\u00e7oit d\u00e9l\u00e9gation pour\nsigner tous accus\u00e9s de r\u00e9ception, transmissions de documents, attestations et d\u00e9clarations\ndans le cadre de ses attributions d'assistante de pr\u00e9vention. \nArticle  3 :  La  pr\u00e9sente  d\u00e9cision  sera  publi\u00e9e  au  recueil  des  actes  administratifs  du\nd\u00e9partement de la C\u00f4te-d'Or.\nFait \u00e0 Dijon, le 3 novembre  2025\n H\u00e9l\u00e8ne CROCQUEVIEILLE\nDRFiP Bourgogne Franche-Comt\u00e9 - 21-2025-11-03-00002 - DRFIP21-D\u00e9l\u00e9gation sp\u00e9ciales de signature PPR au RPR-03112025 47\nPr\u00e9fecture de la C\u00f4te-d'Or\nDirection des Collectivit\u00e9s locales et des\nElections \n21-2025-10-22-00012\nArr\u00eat\u00e9 portant recomposition de l'organe\nd\u00e9lib\u00e9rant de Dijon M\u00e9tropole\nPr\u00e9fecture de la C\u00f4te-d'Or - 21-2025-10-22-00012 - Arr\u00eat\u00e9 portant recomposition de l'organe d\u00e9lib\u00e9rant de Dijon M\u00e9tropole 48\nExPREFETDE LACOTE-D'ORLibert\u00e9Egalit\u00e9Fraternit\u00e9\nDIRECTION DES COLLECTIVIT\u00c9S LOCALES ET DES \u00c9LECTIONS\nBUREAU DES COLLECTIVIT\u00c9S LOCALES\nAffaire suivie par : Isabelle AMSALLEM\nT\u00e9l : 03.80.44.66.16\nm\u00e9l : isabelle.amsallem@cote-dor.gouv.fr\nArr\u00eat\u00e9\nportant recomposition de l'organe d\u00e9lib\u00e9rant de\nDijon M\u00e9tropole\nLe pr\u00e9fet de la r\u00e9gion Bourgogne-Franche-Comt\u00e9\nPr\u00e9fet de la C\u00f4te-d'Or\nVU le code g\u00e9n\u00e9ral des collectivit\u00e9s territoriales, et notamment l'article L.5211-6-1 I \u00e0 VI ;\nVU la loi n\u00b0 2002-276 du 27 f\u00e9vrier 2002 relative \u00e0 la d\u00e9mocratie de proximit\u00e9  et notamment \nson article 156 ;\nVU le d\u00e9cret n\u00b0 2025-848 du 27 ao\u00fbt 2025 fixant la date du renouvellement des conseillers  \nmunicipaux et communautaires, des conseillers m\u00e9tropolitains de Lyon, des conseillers de  \nParis et des conseillers d'arrondissement de Paris, Lyon et Marseille et portant convocation  \ndes \u00e9lecteurs ;\nVU le d\u00e9cret n\u00b02024-1276 du 31 d\u00e9cembre 2024 authentifiant les chiffres des populations de  \nm\u00e9tropole, des d\u00e9partements d'outre-mer de la Guadeloupe , de la Guyane, de la Martinique  \net de La R\u00e9union, et des collectivit\u00e9s de Saint-Barth\u00e9l\u00e9my, de Saint-Marin et de Saint-Pierre-et-\nMiquelon ;\nVU le d\u00e9cret n\u00b02017-635 du 25 avril 2017 portant cr\u00e9ation de la m\u00e9tropole d\u00e9nomm\u00e9e \u00ab Dijon \nM\u00e9tropole \u00bb ;\nVU l'arr\u00eat\u00e9  pr\u00e9fectoral  du  20  novembre  2017  portant  statuts  de  Dijon  M\u00e9tropole  et  ses \nmodificatifs du 19 f\u00e9vrier 2018 et du 28 mai 2025 ;\nVU l'arr\u00eat\u00e9 pr\u00e9fectoral n\u00b0813 / SG du 13 juin 2025 donnant d\u00e9l\u00e9gation de signature \u00e0 M. Denis  \nBRUEL, secr\u00e9taire g\u00e9n\u00e9ral de la pr\u00e9fecture de la C\u00f4te-d'Or ; \nCONSID\u00c9RANT l'absence de proposition d'accord local dans les d\u00e9lais pr\u00e9vus par la loi ;\nSUR proposition du secr\u00e9taire g\u00e9n\u00e9ral de la pr\u00e9fecture de la C\u00f4te-d'Or ;\nPr\u00e9fecture de la C\u00f4te-d'Or \u2013 \nBureau des Collectivit\u00e9s Locales et des Elections - 53 rue de la Pr\u00e9fecture \u2013 21041 DIJON cedex\nm\u00e8l : pref-bali@cote-dor.gouv.fr\nSite internet : http://www.cote-dor.gouv.fr\nPr\u00e9fecture de la C\u00f4te-d'Or - 21-2025-10-22-00012 - Arr\u00eat\u00e9 portant recomposition de l'organe d\u00e9lib\u00e9rant de Dijon M\u00e9tropole 49\nARR\u00caTE\nArticle  1er :  le  conseil  communautaire  de  Dijon  M\u00e9tropole  est  compos\u00e9  en  vertu  des  \ndispositions de droit commun et conform\u00e9ment \u00e0 la r\u00e9partition des si\u00e8ges par  \ncommune ci-dessous : \nDijon 42\nChen\u00f4ve 6\nTalant 5\nChevigny-Saint-Sauveur 4\nFontaine-les-Dijon 3\nQuetigny 3\nLongvic 3\nSaint-Apollinaire 3\nMarsannay-la-C\u00f4te 2\nNeuilly-Crimolois 1\nPlombi\u00e8res-les-Dijon 1\nPerrigny-les-Dijon 1\nSennecey-les-Dijon 1\nF\u00e9nay 1\nAhuy 1\nDaix 1\nOuges 1\nHauteville-les-Dijon 1\nBressey-sur-Tille 1\nBreteni\u00e8re 1\nMagny-sur-Tille 1\nCorcelles-les-Monts 1\nFlavignerot 1\nArticle 2 : la r\u00e9partition d\u00e9finie \u00e0 l'article 1 er du pr\u00e9sent arr\u00eat\u00e9 s'appliquera \u00e0 compter du \nrenouvellement g\u00e9n\u00e9ral des conseils municipaux de mars 2026.\nArticle 3 : en application des dispositions des articles R421-1, R421-5 et R312-1 du code de \njustice administrative,  le  pr\u00e9sent  arr\u00eat\u00e9  peut  faire  l'objet  d'un  recours  \ncontentieux dans un d\u00e9lai de deux mois \u00e0 compter de sa publication aupr\u00e8s du \nTribunal Administratif de Dijon via l'application telerecours.fr.\nArticle 4 : M. le secr\u00e9taire g\u00e9n\u00e9ral de la pr\u00e9fecture de la C\u00f4te-d'Or, M. le pr\u00e9sident de Dijon \nM\u00e9tropole, Mmes et MM. les maires d'Ahuy, Bressey-sur-Tille, Breteni\u00e8re, Chen\u00f4ve, \nChevigny-Saint-Sauveur,  Corcelles-les-Monts,  Daix,  Dijon,  F\u00e9nay,  Flavignerot,  \nFontaine-les-Dijon,  Hauteville-les-Dijon,  Longvic,  Magny-sur-Tille,  Marsannay-la-\nPr\u00e9fecture de la C\u00f4te-d'Or \u2013 \nBureau des Collectivit\u00e9s Locales et des Elections - 53 rue de la Pr\u00e9fecture \u2013 21041 DIJON cedex\nm\u00e8l : pref-bali@cote-dor.gouv.fr\nSite internet : http://www.cote-dor.gouv.fr\nPr\u00e9fecture de la C\u00f4te-d'Or - 21-2025-10-22-00012 - Arr\u00eat\u00e9 portant recomposition de l'organe d\u00e9lib\u00e9rant de Dijon M\u00e9tropole 50\nC\u00f4te, Neuilly-Crimolois, Ouges, Perrigny-les-Dijon, Plombi\u00e8res-les-Dijon, Quetigny, \nSaint-Apollinaire, Sennecey-les-Dijon, Talant, sont charg\u00e9s, chacun en ce qui le  \nconcerne de l'ex\u00e9cution du pr\u00e9sent arr\u00eat\u00e9 qui sera publi\u00e9 au recueil des actes  \nadministratifs de la pr\u00e9fecture et dont copie sera adress\u00e9e, pour information \u00e0 :\n\u2022 Mme la directrice r\u00e9gionale des finances publiques de la Bourgogne-Franche-\nComt\u00e9 et de la C\u00f4te-d'Or ;\n\u2022 M. le pr\u00e9sident de la chambre r\u00e9gionale des comptes de Bourgogne-Franche-\nComt\u00e9 ;\n\u2022 M. le directeur des archives d\u00e9partementales de la C\u00f4te-d'Or.\nFait \u00e0 Dijon, le 22 octobre 2025\nPour le pr\u00e9fet et par d\u00e9l\u00e9gation,\nLe secr\u00e9taire g\u00e9n\u00e9ral,\nsign\u00e9\nDenis BRUEL\nPr\u00e9fecture de la C\u00f4te-d'Or \u2013 \nBureau des Collectivit\u00e9s Locales et des Elections - 53 rue de la Pr\u00e9fecture \u2013 21041 DIJON cedex\nm\u00e8l : pref-bali@cote-dor.gouv.fr\nSite internet : http://www.cote-dor.gouv.fr\nPr\u00e9fecture de la C\u00f4te-d'Or - 21-2025-10-22-00012 - Arr\u00eat\u00e9 portant recomposition de l'organe d\u00e9lib\u00e9rant de Dijon M\u00e9tropole 51\nPr\u00e9fecture de la C\u00f4te-d'Or\nDirection des Collectivit\u00e9s locales et des\nElections \n21-2025-10-22-00005\nArr\u00eat\u00e9 portant recomposition de l'organe\nd\u00e9lib\u00e9rant de la Communaut\u00e9 de Communes\nAuxonne-Pontailler Val-de-Sa\u00f4ne\nPr\u00e9fecture de la C\u00f4te-d'Or - 21-2025-10-22-00005 - Arr\u00eat\u00e9 portant recomposition de l'organe d\u00e9lib\u00e9rant de la Communaut\u00e9 de\nCommunes Auxonne-Pontailler Val-de-Sa\u00f4ne 52\nExPREFETDE LACOTE-D'ORLibert\u00e9Egalit\u00e9Fraternit\u00e9\nDIRECTION DES COLLECTIVIT\u00c9S LOCALES ET DES \u00c9LECTIONS\nBUREAU DES COLLECTIVIT\u00c9S LOCALES\nAffaire suivie par : Isabelle AMSALLEM\nT\u00e9l : 03.80.44.66.16\nm\u00e9l : isabelle.amsallem@cote-dor.gouv.fr\nArr\u00eat\u00e9 \nportant recomposition de l'organe d\u00e9lib\u00e9rant de la \nCommunaut\u00e9 de Communes Auxonne-Pontailler Val de Sa\u00f4ne\nLe pr\u00e9fet de la r\u00e9gion Bourgogne-Franche-Comt\u00e9\nPr\u00e9fet de la C\u00f4te-d'Or\nVU le code g\u00e9n\u00e9ral des collectivit\u00e9s territoriales, et notamment l'article L.5211-6-1 I \u00e0 VI ;\nVU la loi n\u00b0 2002-276 du 27 f\u00e9vrier 2002 relative \u00e0 la d\u00e9mocratie de proximit\u00e9  et notamment \nson article 156 ;\nVU le d\u00e9cret n\u00b0 2025-848 du 27 ao\u00fbt 2025 fixant la date du renouvellement des conseillers  \nmunicipaux et communautaires, des conseillers m\u00e9tropolitains de Lyon, des conseillers de  \nParis et des conseillers d'arrondissement de Paris, Lyon et Marseille et portant convocation  \ndes \u00e9lecteurs ;\nVU le d\u00e9cret n\u00b02024-1276 du 31 d\u00e9cembre 2024 authentifiant les chiffres des populations de  \nm\u00e9tropole, des d\u00e9partements d'outre-mer de la Guadeloupe , de la Guyane, de la Martinique  \net de La R\u00e9union, et des collectivit\u00e9s de Saint-Barth\u00e9l\u00e9my, de Saint-Marin et de Saint-Pierre-et-\nMiquelon ;\nVU l'arr\u00eat\u00e9 pr\u00e9fectoral n\u00b0813 / SG du 13 juin 2025 donnant d\u00e9l\u00e9gation de signature \u00e0 M. Denis  \nBRUEL, secr\u00e9taire g\u00e9n\u00e9ral de la pr\u00e9fecture de la C\u00f4te-d'Or ; \nVU l'arr\u00eat\u00e9 pr\u00e9fectoral du 09 d\u00e9cembre 2016 portant cr\u00e9ation d'un nouvel \u00e9tablissement  \npublic de coop\u00e9ration intercommunale issu de la fusion des communaut\u00e9s d'Auxonne Val de  \nSa\u00f4ne  et  du  canton  de  Pontailler-sur-Sa\u00f4ne,  d\u00e9nomm\u00e9  \u00ab communaut\u00e9  de  communes \nAuxonne - Pontailler Val de Sa\u00f4ne  \u00bb, \u00e0 compter du 1 er janvier 2017 et les arr\u00eat\u00e9s modificatifs  \ndes 27 d\u00e9cembre 2017 et 25 mai 2018 ;\nCONSID\u00c9RANT l'absence de proposition d'accord local dans les d\u00e9lais pr\u00e9vus par la loi ;\nSUR proposition du secr\u00e9taire g\u00e9n\u00e9ral de la pr\u00e9fecture de la C\u00f4te-d'Or ;\nARR\u00caTE\nPr\u00e9fecture de la C\u00f4te-d'Or \u2013 \nBureau des Collectivit\u00e9s Locales et des Elections - 53 rue de la Pr\u00e9fecture \u2013 21041 DIJON cedex\ncourriel : pref-bali@cote-dor.gouv.fr\nSite internet : http://www.cote-dor.gouv.fr\nPr\u00e9fecture de la C\u00f4te-d'Or - 21-2025-10-22-00005 - Arr\u00eat\u00e9 portant recomposition de l'organe d\u00e9lib\u00e9rant de la Communaut\u00e9 de\nCommunes Auxonne-Pontailler Val-de-Sa\u00f4ne 53\nArticle 1er : le conseil communautaire de la communaut\u00e9 de communes Auxonne-Pontailler \nVal de Sa\u00f4ne est compos\u00e9 en vertu des dispositions de droit commun et  \n    conform\u00e9ment \u00e0 la r\u00e9partition des si\u00e8ges par commune ci-dessous :  \nArticle 2 : la r\u00e9partition d\u00e9finie \u00e0 l'article 1 er du pr\u00e9sent arr\u00eat\u00e9 s'appliquera \u00e0 compter du \nrenouvellement g\u00e9n\u00e9ral des conseils municipaux de mars 2026.\nArticle 3 : en application des dispositions des articles R421-1, R421-5 et R312-1 du code de \njustice administrative,  le  pr\u00e9sent  arr\u00eat\u00e9  peut  faire  l'objet  d'un  recours  \ncontentieux dans un d\u00e9lai de deux mois \u00e0 compter de sa publication aupr\u00e8s du \nTribunal Administratif de Dijon via l'application telerecours.fr.\nPr\u00e9fecture de la C\u00f4te-d'Or \u2013 \nBureau des Collectivit\u00e9s Locales et des Elections - 53 rue de la Pr\u00e9fecture \u2013 21041 DIJON cedex\nm\u00e8l : pref-bali@cote-dor.gouv.fr\nSite internet : http://www.cote-dor.gouv.fr\nAUXONNE 17\nLAMARCHE-SUR-SAONE 3\nPONTAILLER-SUR-SAONE 3\nVILLERS-LES-POTS 2\nBINGES 2\nLES MAILLYS 1\nATHEE 1\nTILLENAY 1\nPERRIGNY-SUR-L'OGNON 1\nCHAMPDOTRE 1\nPONCEY-LES-ATHEE 1\nTALMAY 1\nVIELVERGE 1\nSOIRANS 1\nFLAMMERANS 1\nTRECLUN 1\nMAXILLY-SUR-SAONE 1\nVONGES 1\nSOISSONS-SUR-NACEY 1\nLABERGEMENT-LES-AUXON 1\nHEUILLEY-SUR-SAONE 1\nETEVAUX 1\nMAGNY-MONTARLOT 1\nSAINT-LEGER-TRIEY 1\nBILLEY 1\nMONTMANCON 1\nSAINT-SAUVEUR 1\nFLAGEY-LES-AUXONNE 1\nDRAMBON 1\nCIREY-LES-PONTAILLER 1\nCLERY 1\nPONT 1\nTELLECEY 1\nVILLERS-ROTIN 1\nMARANDEUIL 1\nPr\u00e9fecture de la C\u00f4te-d'Or - 21-2025-10-22-00005 - Arr\u00eat\u00e9 portant recomposition de l'organe d\u00e9lib\u00e9rant de la Communaut\u00e9 de\nCommunes Auxonne-Pontailler Val-de-Sa\u00f4ne 54\nArticle 4 : M. le secr\u00e9taire g\u00e9n\u00e9ral de la pr\u00e9fecture de la C\u00f4te-d'Or, M. le pr\u00e9sident de la  \ncommunaut\u00e9 de communes Auxonne-Pontailler Val de Sa\u00f4ne , Mmes et MM. les \nmaires d'Ath\u00e9e, Auxonne, Billey, Binges, Champd\u00f4tre, Cirey-l\u00e8s-Pontailler, Cl\u00e9ry, \nDrambon, \u00c9tevaux,  Flagey-l\u00e8s-Auxonne,  Flammerans,  Heuilley-sur-Sa\u00f4ne,  \nLabergement-l\u00e8s-Auxonne, Lamarche-sur-Sa\u00f4ne,  Les  Maillys,  Magny-Montarlot,  \nMarandeuil, Maxilly-sur-Sa\u00f4ne, Montman\u00e7on, Perrigny-sur-l'Ognon, Poncey-l\u00e8s-\nAth\u00e9e, Pont, Pontailler-sur-Sa\u00f4ne, Saint- L\u00e9ger-Triey,  Saint-Sauveur,  Soirans,  \nSoissons-sur-Nacey, Talmay, Tellecey, Tillenay, Tr\u00e9clun, Vielverge,  Villers-les-Pots,  \nVillers-Rotin  et  Vonges  sont  charg\u00e9s,  chacun  en  ce  qui  le  concerne  de  \nl'ex\u00e9cution du pr\u00e9sent arr\u00eat\u00e9 qui sera publi\u00e9 au recueil des actes administratifs \nde la pr\u00e9fecture et dont copie sera adress\u00e9e, pour information \u00e0 :\n\u2022 Mme la directrice r\u00e9gionale des finances publiques de la Bourgogne-Franche-\nComt\u00e9 et de la C\u00f4te-d'Or ;\n\u2022 M. le pr\u00e9sident de la chambre r\u00e9gionale des comptes de Bourgogne-Franche-\nComt\u00e9 ;\n\u2022 M. le directeur des archives d\u00e9partementales de la C\u00f4te-d'Or.\nFait \u00e0 Dijon, le 22 octobre 2025\nPour le pr\u00e9fet et par d\u00e9l\u00e9gation,\nLe secr\u00e9taire g\u00e9n\u00e9ral,\nsign\u00e9\nDenis BRUEL\nPr\u00e9fecture de la C\u00f4te-d'Or \u2013 \nBureau des Collectivit\u00e9s Locales et des Elections - 53 rue de la Pr\u00e9fecture \u2013 21041 DIJON cedex\nm\u00e8l : pref-bali@cote-dor.gouv.fr\nSite internet : http://www.cote-dor.gouv.fr\nPr\u00e9fecture de la C\u00f4te-d'Or - 21-2025-10-22-00005 - Arr\u00eat\u00e9 portant recomposition de l'organe d\u00e9lib\u00e9rant de la Communaut\u00e9 de\nCommunes Auxonne-Pontailler Val-de-Sa\u00f4ne 55\nPr\u00e9fecture de la C\u00f4te-d'Or\nDirection des Collectivit\u00e9s locales et des\nElections \n21-2025-10-22-00011\nArr\u00eat\u00e9 portant recomposition de l'organe\nd\u00e9lib\u00e9rant de la Communaut\u00e9 de Communes\ndes Vall\u00e9es de la Tille et de l'Ignon\nPr\u00e9fecture de la C\u00f4te-d'Or - 21-2025-10-22-00011 - Arr\u00eat\u00e9 portant recomposition de l'organe d\u00e9lib\u00e9rant de la Communaut\u00e9 de\nCommunes des Vall\u00e9es de la Tille et de l'Ignon 56\nExPREFETDE LACOTE-D'ORLibert\u00e9Egalit\u00e9Fraternit\u00e9\nDIRECTION DES COLLECTIVIT\u00c9S LOCALES ET DES \u00c9LECTIONS\nBUREAU DES COLLECTIVIT\u00c9S LOCALES\nAffaire suivie par : Isabelle AMSALLEM\nT\u00e9l : 03.80.44.66.16\nm\u00e9l : isabelle.amsallem@cote-dor.gouv.fr\nArr\u00eat\u00e9\nportant recomposition de l'organe d\u00e9lib\u00e9rant de la \nCommunaut\u00e9 de Communes des Vall\u00e9es de la Tille et de l'Ignon\nLe pr\u00e9fet de la r\u00e9gion Bourgogne-Franche-Comt\u00e9\nPr\u00e9fet de la C\u00f4te-d'Or\nVU le code g\u00e9n\u00e9ral des collectivit\u00e9s territoriales, et notamment l'article L.5211-6-1 I \u00e0 VI ;\nVU la loi n\u00b0 2002-276 du 27 f\u00e9vrier 2002 relative \u00e0 la d\u00e9mocratie de proximit\u00e9  et notamment \nson article 156 ;\nVU le d\u00e9cret n\u00b0 2025-848 du 27 ao\u00fbt 2025 fixant la date du renouvellement des conseillers  \nmunicipaux et communautaires, des conseillers m\u00e9tropolitains de Lyon, des conseillers de  \nParis et des conseillers d'arrondissement de Paris, Lyon et Marseille et portant convocation  \ndes \u00e9lecteurs ;\nVU le d\u00e9cret n\u00b02024-1276 du 31 d\u00e9cembre 2024 authentifiant les chiffres des populations de  \nm\u00e9tropole, des d\u00e9partements d'outre-mer de la Guadeloupe , de la Guyane, de la Martinique  \net de La R\u00e9union, et des collectivit\u00e9s de Saint-Barth\u00e9l\u00e9my, de Saint-Marin et de Saint-Pierre-et-\nMiquelon ;\nVU l'arr\u00eat\u00e9 pr\u00e9fectoral n\u00b0813 / SG du 13 juin 2025 donnant d\u00e9l\u00e9gation de signature \u00e0 M. Denis  \nBRUEL, secr\u00e9taire g\u00e9n\u00e9ral de la pr\u00e9fecture de la C\u00f4te-d'Or ; \nVU l'arr\u00eat\u00e9  pr\u00e9fectoral  du  24  d\u00e9cembre  2001  portant  cr\u00e9ation  de  la  communaut\u00e9  de \ncommunes des Vall\u00e9es de la Tille et de l'Ignon et ses modificatifs des 02 mai 2002  ; 24  \nd\u00e9cembre 2002, 12 mai 2005, 27 juin 2005, 12 janvier 2006, 02 ao\u00fbt 2006, 28 avril 2010 et 15  \nd\u00e9cembre 2022 ;\nCONSID\u00c9RANT l'absence de proposition d'accord local dans les d\u00e9lais pr\u00e9vus par la loi ;\nPr\u00e9fecture de la C\u00f4te-d'Or \u2013 \nBureau des Collectivit\u00e9s Locales et des Elections - 53 rue de la Pr\u00e9fecture \u2013 21041 DIJON cedex\nm\u00e8l : pref-bali@cote-dor.gouv.fr\nSite internet : http://www.cote-dor.gouv.fr\nPr\u00e9fecture de la C\u00f4te-d'Or - 21-2025-10-22-00011 - Arr\u00eat\u00e9 portant recomposition de l'organe d\u00e9lib\u00e9rant de la Communaut\u00e9 de\nCommunes des Vall\u00e9es de la Tille et de l'Ignon 57\nSUR proposition du secr\u00e9taire g\u00e9n\u00e9ral de la pr\u00e9fecture de la C\u00f4te-d'Or ;\nARR\u00caTE\nArticle 1er : le conseil communautaire de la communaut\u00e9 de communes des Vall\u00e9es de la  \nTille et de l'Ignon est compos\u00e9 en vertu des dispositions de droit commun et conform\u00e9ment  \n\u00e0 la r\u00e9partition des si\u00e8ges par commune ci-dessous :\nArticle 2 : la r\u00e9partition d\u00e9finie \u00e0 l'article 1 er du pr\u00e9sent arr\u00eat\u00e9 s'appliquera \u00e0 compter du \nrenouvellement g\u00e9n\u00e9ral des conseils municipaux de mars 2026.\nArticle 3 : en application des dispositions des articles R421-1, R421-5 et R312-1 du code de \njustice administrative,  le  pr\u00e9sent  arr\u00eat\u00e9  peut  faire  l'objet  d'un  recours  \ncontentieux dans un d\u00e9lai de deux mois \u00e0 compter de sa publication aupr\u00e8s du \nTribunal Administratif de Dijon via l'application telerecours.fr.\nArticle 4 : M. le secr\u00e9taire g\u00e9n\u00e9ral de la pr\u00e9fecture de la C\u00f4te-d'Or, M. le pr\u00e9sident de la  \ncommunaut\u00e9 de communes des Vall\u00e9es de la Tille et de l'Ignon, Mmes et MM. les \nmaires d'Avelanges, Chaignay, Courtivron, Cr \u00e9cey-sur-Tille, Di\u00e9nay, \u00c9chevannes, \n\u00c9pagny, Gemeaux, Is-sur-Tille, Lux, Marcilly-sur-Tille, Marey-sur-Tille, Marsannay-le-\nBois,  Moloy,  Pichanges,  Poiseul-l\u00e8s-Saulx,  Saulx-le-Duc,  Spoy,  Tarsul,  Til-\nPr\u00e9fecture de la C\u00f4te-d'Or \u2013 \nBureau des Collectivit\u00e9s Locales et des Elections - 53 rue de la Pr\u00e9fecture \u2013 21041 DIJON cedex\nm\u00e8l : pref-bali@cote-dor.gouv.fr\nSite internet : http://www.cote-dor.gouv.fr\nIS-SUR-TILLE 13\nMARCILLY-SUR-TILLE 5\nTIL-CHATEL 3\nGEMEAUX 3\nMARSANNAY-LE-BOIS 2\nLUX 1\nCHAIGNAY 1\nSPOY 1\nDIENAY 1\nMAREY-SUR-TILLE 1\nEPAGNY 1\nECHEVANNES 1\nPICHANGES 1\nVILLEY-SUR-TILLE 1\nSAULX-LE-DUC 1\nVILLECOMTE 1\nMOLOY 1\nCOURTIVRON 1\nTARSUL 1\nCRECEY-SUR-TILLE 1\nVERNOT 1\nPOISEUL-LES-SAULX 1\nAVELANGES 1\nPr\u00e9fecture de la C\u00f4te-d'Or - 21-2025-10-22-00011 - Arr\u00eat\u00e9 portant recomposition de l'organe d\u00e9lib\u00e9rant de la Communaut\u00e9 de\nCommunes des Vall\u00e9es de la Tille et de l'Ignon 58\nCh\u00e2tel,  Vernot,  Villecomte  et  Villey-sur-Tille sont  charg\u00e9s,  chacun  en  ce  qui  \nle concerne de l'ex\u00e9cution du pr\u00e9sent arr\u00eat\u00e9 qui sera publi\u00e9 au recueil des actes \nadministratifs de la pr\u00e9fecture et dont copie sera adress\u00e9e, pour information \u00e0 :\n\u2022 Mme la directrice r\u00e9gionale des finances publiques de la Bourgogne-Franche-\nComt\u00e9 et de la C\u00f4te-d'Or ;\n\u2022 M. le pr\u00e9sident de la chambre r\u00e9gionale des comptes de Bourgogne-Franche-\nComt\u00e9 ;\n\u2022 M. le directeur des archives d\u00e9partementales de la C\u00f4te-d'Or.\nFait \u00e0 Dijon, le 22 octobre 2025\nPour le pr\u00e9fet et par d\u00e9l\u00e9gation,\nLe secr\u00e9taire g\u00e9n\u00e9ral,\nsign\u00e9\nDenis BRUEL\nPr\u00e9fecture de la C\u00f4te-d'Or \u2013 \nBureau des Collectivit\u00e9s Locales et des Elections - 53 rue de la Pr\u00e9fecture \u2013 21041 DIJON cedex\nm\u00e8l : pref-bali@cote-dor.gouv.fr\nSite internet : http://www.cote-dor.gouv.fr\nPr\u00e9fecture de la C\u00f4te-d'Or - 21-2025-10-22-00011 - Arr\u00eat\u00e9 portant recomposition de l'organe d\u00e9lib\u00e9rant de la Communaut\u00e9 de\nCommunes des Vall\u00e9es de la Tille et de l'Ignon 59\nPr\u00e9fecture de la C\u00f4te-d'Or\nDirection des Collectivit\u00e9s locales et des\nElections \n21-2025-10-22-00006\nArr\u00eat\u00e9 portant recomposition de l'organe\nd\u00e9lib\u00e9rant de la Communaut\u00e9 de Communes\nFor\u00eats, Seine et Suzon\nPr\u00e9fecture de la C\u00f4te-d'Or - 21-2025-10-22-00006 - Arr\u00eat\u00e9 portant recomposition de l'organe d\u00e9lib\u00e9rant de la Communaut\u00e9 de\nCommunes For\u00eats, Seine et Suzon 60\nExPREFETDE LACOTE-D'ORLibert\u00e9Egalit\u00e9Fraternit\u00e9\nDIRECTION DES COLLECTIVIT\u00c9S LOCALES ET DES \u00c9LECTIONS\nBUREAU DES COLLECTIVIT\u00c9S LOCALES\nAffaire suivie par : Isabelle AMSALLEM\nT\u00e9l : 03.80.44.66.16\nm\u00e9l : isabelle.amsallem@cote-dor.gouv.fr\nArr\u00eat\u00e9\nportant recomposition de l'organe d\u00e9lib\u00e9rant de la \nCommunaut\u00e9 de Communes For\u00eats, Seine et Suzon\nLe pr\u00e9fet de la r\u00e9gion Bourgogne-Franche-Comt\u00e9\nPr\u00e9fet de la C\u00f4te-d'Or\nVU le code g\u00e9n\u00e9ral des collectivit\u00e9s territoriales, et notamment l'article L.5211-6-1 I \u00e0 VI ;\nVU la loi n\u00b0 2002-276 du 27 f\u00e9vrier 2002 relative \u00e0 la d\u00e9mocratie de proximit\u00e9  et notamment \nson article 156 ;\nVU le d\u00e9cret n\u00b0 2025-848 du 27 ao\u00fbt 2025 fixant la date du renouvellement des conseillers  \nmunicipaux et communautaires, des conseillers m\u00e9tropolitains de Lyon, des conseillers de  \nParis et des conseillers d'arrondissement de Paris, Lyon et Marseille et portant convocation  \ndes \u00e9lecteurs ;\nVU le d\u00e9cret n\u00b02024-1276 du 31 d\u00e9cembre 2024 authentifiant les chiffres des populations de  \nm\u00e9tropole, des d\u00e9partements d'outre-mer de la Guadeloupe , de la Guyane, de la Martinique  \net de La R\u00e9union, et des collectivit\u00e9s de Saint-Barth\u00e9l\u00e9my, de Saint-Marin et de Saint-Pierre-et-\nMiquelon ;\nVU l'arr\u00eat\u00e9 pr\u00e9fectoral n\u00b0813 / SG du 13 juin 2025 donnant d\u00e9l\u00e9gation de signature \u00e0 M. Denis  \nBRUEL, secr\u00e9taire g\u00e9n\u00e9ral de la pr\u00e9fecture de la C\u00f4te-d'Or ; \nVU l'arr\u00eat\u00e9 pr\u00e9fectoral du 27 mai 2013 portant cr\u00e9ation d'un nouvel \u00e9tablissement public de  \ncoop\u00e9ration intercommunale issu de la fusion des communaut\u00e9s de communes For\u00eats , Seine  \net Suzon et du Pays de Saint-Seine, d\u00e9nomm\u00e9 \u00ab  communaut\u00e9 de communes For\u00eats, Seine et  \nSuzon \u00bb, \u00e0 compter du 1er janvier 2014 et ses modificatifs des 14 mai 2014, 10 f\u00e9vrier 2017 , 27 \nd\u00e9cembre 2017 , 20 avril 2018 et 25 mai 2021 ;\nCONSID\u00c9RANT l'absence de proposition d'accord local dans les d\u00e9lais pr\u00e9vus par la loi ;\nSUR proposition du secr\u00e9taire g\u00e9n\u00e9ral de la pr\u00e9fecture de la C\u00f4te-d'Or ;\nPr\u00e9fecture de la C\u00f4te-d'Or \u2013 \nBureau des Collectivit\u00e9s Locales et des Elections - 53 rue de la Pr\u00e9fecture \u2013 21041 DIJON cedex\nm\u00e8l : pref-bali@cote-dor.gouv.fr\nSite internet : http://www.cote-dor.gouv.fr\nPr\u00e9fecture de la C\u00f4te-d'Or - 21-2025-10-22-00006 - Arr\u00eat\u00e9 portant recomposition de l'organe d\u00e9lib\u00e9rant de la Communaut\u00e9 de\nCommunes For\u00eats, Seine et Suzon 61\nARR\u00caTE\nArticle 1er : le conseil communautaire de la communaut\u00e9 de communes For\u00eats, Seine et \nSuzon est compos\u00e9 en vertu des dispositions de droit commun et conform\u00e9ment \n\u00e0 la r\u00e9partition des si\u00e8ges par commune ci-dessous : \nArticle 2 : la r\u00e9partition d\u00e9finie \u00e0 l'article 1 er du pr\u00e9sent arr\u00eat\u00e9 s'appliquera \u00e0 compter du \nrenouvellement g\u00e9n\u00e9ral des conseils municipaux de mars 2026.\nArticle 3 : en application des dispositions des articles R421-1, R421-5 et R312-1 du code de \njustice administrative,  le  pr\u00e9sent  arr\u00eat\u00e9  peut  faire  l'objet  d'un  recours  \ncontentieux dans un d\u00e9lai de deux mois \u00e0 compter de sa publication aupr\u00e8s du \nTribunal Administratif de Dijon via l'application telerecours.fr.\nArticle 4 : M. le secr\u00e9taire g\u00e9n\u00e9ral de la pr\u00e9fecture de la C\u00f4te-d'Or, Mme. la pr\u00e9sidente de la \ncommunaut\u00e9 de communes  For\u00eats, Seine et Suzon, Mmes et MM. les maires de \nBligny-le-Sec,  Champagny,  Chanceaux,  Curtil-Saint-Seine,  Darois,  \u00c9taules,  \nFrancheville, Fr\u00e9nois, Lamargelle,  L\u00e9ry,  Messigny-et-Vantoux,  Panges,  Pellerey,  \nPoiseul-la-Grange, Poncey-sur-l'Ignon, Prenois, Saint-Martin-du-Mont, Saint-Seine-\nl'Abbaye,  Saussy,  Savigny-le-Sec,  Trouhaut,  Turcey,  Val-Suzon,  Vaux-Saules,  \nVillotte-Saint-Seine, sont charg\u00e9s, chacun en ce qui le concerne de l'ex\u00e9cution  \ndu pr\u00e9sent arr\u00eat\u00e9 qui sera publi\u00e9 au recueil des actes administratifs de  la  \npr\u00e9fecture et dont copie sera adress\u00e9e, pour information \u00e0 :\nPr\u00e9fecture de la C\u00f4te-d'Or \u2013 \nBureau des Collectivit\u00e9s Locales et des Elections - 53 rue de la Pr\u00e9fecture \u2013 21041 DIJON cedex\nm\u00e8l : pref-bali@cote-dor.gouv.fr\nSite internet : http://www.cote-dor.gouv.fr\nMESSIGNY-ET-VANTOUX 9\nSAVIGNY-LE-SEC 5\nDAROIS 2\nSAINT-MARTIN-DU-MONT 2\nPRENOIS 2\nSAINT-SEINE-L'ABBAYE 2\nETAULES 1\nFRANCHEVILLE 1\nCHANCEAUX 1\nVAL-SUZON 1\nLERY 1\nTURCEY 1\nVAUX-SAULES 1\nBLIGNY-LE-SEC 1\nLAMARGELLE 1\nTROUHAUT 1\nCURTIL-SAINT-SEINE 1\nSAUSSY 1\nFRENOIS 1\nPONCEY-SUR-L'IGNON 1\nPELLEREY 1\nPANGES 1\nPOISEUL-LA-GRANGE 1\nVILLOTTE-SAINT-SEINE 1\nCHAMPAGNY 1\nPr\u00e9fecture de la C\u00f4te-d'Or - 21-2025-10-22-00006 - Arr\u00eat\u00e9 portant recomposition de l'organe d\u00e9lib\u00e9rant de la Communaut\u00e9 de\nCommunes For\u00eats, Seine et Suzon 62\n\u2022 Mme la directrice r\u00e9gionale des finances publiques de la Bourgogne-Franche-\nComt\u00e9 et de la C\u00f4te-d'Or ;\n\u2022 M. le pr\u00e9sident de la chambre r\u00e9gionale des comptes de Bourgogne-Franche-\nComt\u00e9 ;\n\u2022 M. le directeur des archives d\u00e9partementales de la C\u00f4te-d'Or.\nFait \u00e0 Dijon, le 22 octobre 2025\nPour le pr\u00e9fet et par d\u00e9l\u00e9gation,\nLe secr\u00e9taire g\u00e9n\u00e9ral,\nsign\u00e9\nDenis BRUEL\nPr\u00e9fecture de la C\u00f4te-d'Or \u2013 \nBureau des Collectivit\u00e9s Locales et des Elections - 53 rue de la Pr\u00e9fecture \u2013 21041 DIJON cedex\nm\u00e8l : pref-bali@cote-dor.gouv.fr\nSite internet : http://www.cote-dor.gouv.fr\nPr\u00e9fecture de la C\u00f4te-d'Or - 21-2025-10-22-00006 - Arr\u00eat\u00e9 portant recomposition de l'organe d\u00e9lib\u00e9rant de la Communaut\u00e9 de\nCommunes For\u00eats, Seine et Suzon 63\nPr\u00e9fecture de la C\u00f4te-d'Or\nDirection des Collectivit\u00e9s locales et des\nElections \n21-2025-10-22-00004\nArr\u00eat\u00e9 portant recomposition de l'organe\nd\u00e9lib\u00e9rant de la Communaut\u00e9 de Communes La\nPlaine Dijonnaise \nPr\u00e9fecture de la C\u00f4te-d'Or - 21-2025-10-22-00004 - Arr\u00eat\u00e9 portant recomposition de l'organe d\u00e9lib\u00e9rant de la Communaut\u00e9 de\nCommunes La Plaine Dijonnaise 64\nExPREFETDE LACOTE-D'ORLibert\u00e9Egalit\u00e9Fraternit\u00e9\nDIRECTION DES COLLECTIVIT\u00c9S LOCALES ET DES \u00c9LECTIONS\nBUREAU DES COLLECTIVIT\u00c9S LOCALES\nAffaire suivie par : Isabelle AMSALLEM\nT\u00e9l : 03.80.44.66.16\nm\u00e9l : isabelle.amsallem@cote-dor.gouv.fr\nArr\u00eat\u00e9\nportant recomposition de l'organe d\u00e9lib\u00e9rant de la \nCommunaut\u00e9 de Communes La Plaine Dijonnaise\nLe pr\u00e9fet de la r\u00e9gion Bourgogne-Franche-Comt\u00e9\nPr\u00e9fet de la C\u00f4te-d'Or\nVU le code g\u00e9n\u00e9ral des collectivit\u00e9s territoriales, et notamment l'article L.5211-6-1 ;\nVU la loi n\u00b0 2002-276 du 27 f\u00e9vrier 2002 relative \u00e0 la d\u00e9mocratie de proximit\u00e9  et notamment \nson article 156 ;\nVU le d\u00e9cret n\u00b0 2025-848 du 27 ao\u00fbt 2025 fixant la date du renouvellement des conseillers  \nmunicipaux et communautaires, des conseillers m\u00e9tropolitains de Lyon, des conseillers de  \nParis et des conseillers d'arrondissement de Paris, Lyon et Marseille et portant convocation  \ndes \u00e9lecteurs ;\nVU le d\u00e9cret n\u00b02024-1276 du 31 d\u00e9cembre 2024 authentifiant les chiffres des populations de  \nm\u00e9tropole, des d\u00e9partements d'outre-mer de la Guadeloupe , de la Guyane, de la Martinique  \net de La R\u00e9union, et des collectivit\u00e9s de Saint-Barth\u00e9l\u00e9my, de Saint-Marin et de Saint-Pierre-et-\nMiquelon ;\nVU l'arr\u00eat\u00e9  pr\u00e9fectoral  du  21  d\u00e9cembre  2005  portant  cr\u00e9ation  de  la  communaut\u00e9  de \ncommunes La Plaine Dijonnaise, et ses modificatifs des 17 juillet 2006, 14 mai 2007 , 03 mars  \n2008, 10 f\u00e9vrier 2009, 21 octobre 2009, 19 juillet 2010, 18 mars 2014, 23 d\u00e9cembre 2016, 29  \nd\u00e9cembre 2017 , 6 mars 2019, 22 janvier 2020, 29 juin 2021 et 13 septembre 2021 ;\nVU l'arr\u00eat\u00e9 pr\u00e9fectoral n\u00b0813 / SG du 13 juin 2025 donnant d\u00e9l\u00e9gation de signature \u00e0 M. Denis  \nBRUEL, secr\u00e9taire g\u00e9n\u00e9ral de la pr\u00e9fecture de la C\u00f4te-d'Or ; \nVU l'accord  des  deux  tiers  au  moins  des  conseils  municipaux  des  communes  membres \nrepr\u00e9sentant plus de la moiti\u00e9 de la population de celles-ci ou de la moiti\u00e9 au moins des  \nconseils  municipaux  des  communes  membres  repr\u00e9sentant  plus  des  deux  tiers  de  la \npopulation de celles-ci pour solliciter la r\u00e9partition des si\u00e8ges de conseillers communautaires  \nselon le m\u00eame accord local ;\nPr\u00e9fecture de la C\u00f4te-d'Or \u2013 \nBureau des Collectivit\u00e9s Locales et des Elections - 53 rue de la Pr\u00e9fecture \u2013 21041 DIJON cedex\nm\u00e8l : pref-bali@cote-dor.gouv.fr\nSite internet : http://www.cote-dor.gouv.fr\nPr\u00e9fecture de la C\u00f4te-d'Or - 21-2025-10-22-00004 - Arr\u00eat\u00e9 portant recomposition de l'organe d\u00e9lib\u00e9rant de la Communaut\u00e9 de\nCommunes La Plaine Dijonnaise 65\nVU l'absence de commune dont la population est sup\u00e9rieure au quart de la population des  \ncommunes membres ;\nCONSID\u00c9RANT la  validit\u00e9  de  l'accord  local  proc\u00e9dant  \u00e0  la  r\u00e9partition  des  si\u00e8ges  de  la \ncommunaut\u00e9 de communes ;\nSUR proposition du secr\u00e9taire g\u00e9n\u00e9ral de la pr\u00e9fecture de la C\u00f4te-d'Or ;\nARR\u00caTE\nArticle 1er : les si\u00e8ges de conseillers communautaires sont r\u00e9partis entre les communes \nmembres de la communaut\u00e9 de communes La Plaine Dijonnaise selon l'accord   \nlocal suivant :\nArticle 2 : la r\u00e9partition d\u00e9finie \u00e0 l'article 1 er du pr\u00e9sent arr\u00eat\u00e9 s'appliquera \u00e0 compter du \nrenouvellement g\u00e9n\u00e9ral des conseils municipaux de mars 2026.\nArticle 3 : en application des dispositions des articles R421-1, R421-5 et R312-1 du code de \njustice administrative,  le  pr\u00e9sent  arr\u00eat\u00e9  peut  faire  l'objet  d'un  recours  \ncontentieux dans un d\u00e9lai de deux mois \u00e0 compter de sa publication aupr\u00e8s du \nTribunal Administratif de Dijon via l'application telerecours.fr.\nArticle 4 : M. le secr\u00e9taire g\u00e9n\u00e9ral de la pr\u00e9fecture de la C\u00f4te-d'Or, M. le pr\u00e9sident de la  \ncommunaut\u00e9  de  communes  La  Plaine  Dijonnaise,  Mmes  et  MM.  les  maires  \nd'Aiserey,  Beire-le-Fort,  Bessey-l \u00e8s-C\u00eeteaux,  Cessey-sur-Tille,  Chambeire,  \nPr\u00e9fecture de la C\u00f4te-d'Or \u2013 \nBureau des Collectivit\u00e9s Locales et des Elections - 53 rue de la Pr\u00e9fecture \u2013 21041 DIJON cedex\nm\u00e8l : pref-bali@cote-dor.gouv.fr\nSite internet : http://www.cote-dor.gouv.fr\nGENLIS 9\nTART 2\nAISEREY 2\nROUVRES-EN-PLAINE 2\nLONGECOURT-EN-PLAINE 2\nLONGCHAMP 2\nLONGEAULT-PLUVAULT 2\nTHOREY-EN-PLAINE 2\nCOLLONGES-ET-PREMIERES 2\nIZEURE 2\nIZIER 2\nVARANGES 2\nBESSEY-LES-CITEAUX 2\nCESSEY-SUR-TILLE 2\nFAUVERNEY 2\nMARLIENS 2\nPLUVET 1\nCHAMBEIRE 1\nLABERGEMENT-FOIGNEY 1\nBEIRE-LE-FORT 1\nECHIGEY 1\nTART-LE-BAS 1\nPr\u00e9fecture de la C\u00f4te-d'Or - 21-2025-10-22-00004 - Arr\u00eat\u00e9 portant recomposition de l'organe d\u00e9lib\u00e9rant de la Communaut\u00e9 de\nCommunes La Plaine Dijonnaise 66\nCollonges-et-Premi\u00e8res,  \u00c9chigey,  Fauverney,  Genlis,  Izeure,  Izier,  Longeault-\nPluvault,  Longecourt-en-Plaine,  Thorey-en-Plaine,  Labergement-Foigney,  \nLongchamp, Marliens, Pluvet, Rouvres-en-Plaine, Tart, Tart-le-Bas, et Varanges sont \ncharg\u00e9s, chacun en ce qui le concerne de l'ex\u00e9cution du pr\u00e9sent arr\u00eat\u00e9 qui  \nsera publi\u00e9 au recueil des actes administratifs de la pr\u00e9fecture et dont copie  \nsera adress\u00e9e, pour information \u00e0 :\n\u2022 Mme la directrice r\u00e9gionale des finances publiques de la Bourgogne-Franche-\nComt\u00e9 et de la C\u00f4te-d'Or ;\n\u2022 M. le pr\u00e9sident de la chambre r\u00e9gionale des comptes de Bourgogne-Franche-\nComt\u00e9 ;\n\u2022 M. le directeur des archives d\u00e9partementales de la C\u00f4te-d'Or.\nFait \u00e0 Dijon, le 22 octobre 2025\nPour le pr\u00e9fet et par d\u00e9l\u00e9gation,\nLe secr\u00e9taire g\u00e9n\u00e9ral,\nsign\u00e9\nDenis BRUEL\nPr\u00e9fecture de la C\u00f4te-d'Or \u2013 \nBureau des Collectivit\u00e9s Locales et des Elections - 53 rue de la Pr\u00e9fecture \u2013 21041 DIJON cedex\nm\u00e8l : pref-bali@cote-dor.gouv.fr\nSite internet : http://www.cote-dor.gouv.fr\nPr\u00e9fecture de la C\u00f4te-d'Or - 21-2025-10-22-00004 - Arr\u00eat\u00e9 portant recomposition de l'organe d\u00e9lib\u00e9rant de la Communaut\u00e9 de\nCommunes La Plaine Dijonnaise 67\nPr\u00e9fecture de la C\u00f4te-d'Or\nDirection des Collectivit\u00e9s locales et des\nElections \n21-2025-10-22-00007\nArr\u00eat\u00e9 portant recomposition de l'organe\nd\u00e9lib\u00e9rant de la Communaut\u00e9 de Communes\nMirebellois et Fontenois\nPr\u00e9fecture de la C\u00f4te-d'Or - 21-2025-10-22-00007 - Arr\u00eat\u00e9 portant recomposition de l'organe d\u00e9lib\u00e9rant de la Communaut\u00e9 de\nCommunes Mirebellois et Fontenois 68\nExPREFETDE LACOTE-D'ORLibert\u00e9Egalit\u00e9Fraternit\u00e9\nDIRECTION DES COLLECTIVIT\u00c9S LOCALES ET DES \u00c9LECTIONS\nBUREAU DES COLLECTIVIT\u00c9S LOCALES\nAffaire suivie par : Isabelle AMSALLEM\nT\u00e9l : 03.80.44.66.16\nm\u00e9l : isabelle.amsallem@cote-dor.gouv.fr\nArr\u00eat\u00e9\nportant recomposition de l'organe d\u00e9lib\u00e9rant de la \nCommunaut\u00e9 de Communes Mirebellois et Fontenois\nLe pr\u00e9fet de la r\u00e9gion Bourgogne-Franche-Comt\u00e9\nPr\u00e9fet de la C\u00f4te-d'Or\nVU le code g\u00e9n\u00e9ral des collectivit\u00e9s territoriales, et notamment l'article L.5211-6-1 I \u00e0 VI ;\nVU la loi n\u00b0 2002-276 du 27 f\u00e9vrier 2002 relative \u00e0 la d\u00e9mocratie de proximit\u00e9  et notamment \nson article 156 ;\nVU le d\u00e9cret n\u00b0 2025-848 du 27 ao\u00fbt 2025 fixant la date du renouvellement des conseillers  \nmunicipaux et communautaires, des conseillers m\u00e9tropolitains de Lyon, des conseillers de  \nParis et des conseillers d'arrondissement de Paris, Lyon et Marseille et portant convocation  \ndes \u00e9lecteurs ;\nVU le d\u00e9cret n\u00b02024-1276 du 31 d\u00e9cembre 2024 authentifiant les chiffres des populations de  \nm\u00e9tropole, des d\u00e9partements d'outre-mer de la Guadeloupe , de la Guyane, de la Martinique  \net de La R\u00e9union, et des collectivit\u00e9s de Saint-Barth\u00e9l\u00e9my, de Saint-Marin et de Saint-Pierre-et-\nMiquelon ;\nVU l'arr\u00eat\u00e9 pr\u00e9fectoral n\u00b0813 / SG du 13 juin 2025 donnant d\u00e9l\u00e9gation de signature \u00e0 M. Denis  \nBRUEL, secr\u00e9taire g\u00e9n\u00e9ral de la pr\u00e9fecture de la C\u00f4te-d'Or ; \nVU l'arr\u00eat\u00e9 pr\u00e9fectoral du 21 d\u00e9cembre 2016 portant cr\u00e9ation d'un nouvel \u00e9tablissement  \npublic de coop\u00e9ration intercommunale issu de la fusion des communaut\u00e9s de communes du  \nval  de  Vingeanne  et  Mirebellois,  d\u00e9nomm\u00e9  \u00ab communaut\u00e9  de  communes  Mirebellois  et \nFontenois \u00bb, \u00e0 compter du 1er janvier 2017 et ses modificatifs des 22 juin 2018, 31 janvier 2019, \n29 juin 2021 et 13 juillet 2021  ;\nCONSID\u00c9RANT l'absence de proposition d'accord local dans les d\u00e9lais pr\u00e9vus par la loi ;\nSUR proposition du secr\u00e9taire g\u00e9n\u00e9ral de la pr\u00e9fecture de la C\u00f4te-d'Or ;\nARR\u00caTE\nPr\u00e9fecture de la C\u00f4te-d'Or \u2013 \nBureau des Collectivit\u00e9s Locales et des Elections - 53 rue de la Pr\u00e9fecture \u2013 21041 DIJON cedex\nm\u00e8l : pref-bali@cote-dor.gouv.fr\nSite internet : http://www.cote-dor.gouv.fr\nPr\u00e9fecture de la C\u00f4te-d'Or - 21-2025-10-22-00007 - Arr\u00eat\u00e9 portant recomposition de l'organe d\u00e9lib\u00e9rant de la Communaut\u00e9 de\nCommunes Mirebellois et Fontenois 69\nArticle 1er : le conseil communautaire de la communaut\u00e9 de communes Mirebellois et \nFontenois  est  compos\u00e9  en  vertu  des  dispositions  de  droit  commun  et  \nconform\u00e9ment \u00e0 la r\u00e9partition des si\u00e8ges par commune ci-dessous : \nArticle 2 : la r\u00e9partition d\u00e9finie \u00e0 l'article 1 er du pr\u00e9sent arr\u00eat\u00e9 s'appliquera \u00e0 compter du \nrenouvellement g\u00e9n\u00e9ral des conseils municipaux de mars 2026.\nArticle 3 : en application des dispositions des articles R421-1, R421-5 et R312-1 du code de \njustice administrative,  le  pr\u00e9sent  arr\u00eat\u00e9  peut  faire  l'objet  d'un  recours  \ncontentieux dans un d\u00e9lai de deux mois \u00e0 compter de sa publication aupr\u00e8s du \nTribunal Administratif de Dijon via l'application telerecours.fr.\nArticle 4 : M. le secr\u00e9taire g\u00e9n\u00e9ral de la pr\u00e9fecture de la C\u00f4te-d'Or, M. le pr\u00e9sident de la  \ncommunaut\u00e9 de communes  Mirebellois et Fontenois , Mmes et  MM. les maires  \nPr\u00e9fecture de la C\u00f4te-d'Or \u2013 \nBureau des Collectivit\u00e9s Locales et des Elections - 53 rue de la Pr\u00e9fecture \u2013 21041 DIJON cedex\nm\u00e8l : pref-bali@cote-dor.gouv.fr\nSite internet : http://www.cote-dor.gouv.fr\nMIREBEAU-SUR-BEZE 7\nBELLENEUVE 6\nARCEAU 3\nBEIRE-LE-CHATEL 3\nFONTAINE-FRANCAISE 3\nBEZE 2\nRENEVE 1\nBOURBERAIN 1\nMONTIGNY-MORNAY-VILLENEUVE-SUR-VINGEANNE 1\nSAINT-SEINE-SUR-VINGEANNE 1\nMAGNY-SAINT-MEDARD 1\nCHAMPAGNE-SUR-VINGEANNE 1\nVIEVIGNE 1\nNOIRON-SUR-BEZE 1\nTANAY 1\nBEZOUOTTE 1\nSAINT-MAURICE-SUR-VINGEANNE 1\nBEAUMONT-SUR-VINGEANNE 1\nCHAUME-ET-COURCHAMP 1\nCUISEREY 1\nFONTENELLE 1\nTROCHERES 1\nJANCIGNY 1\nSAVOLLES 1\nDAMPIERRE-ET-FLEE 1\nPOUILLY-SUR-VINGEANNE 1\nBLAGNY-SUR-VINGEANNE 1\nOISILLY 1\nCHARMES 1\nCHEUGE 1\nLICEY-SUR-VINGEANNE 1\nORAIN 1\nPr\u00e9fecture de la C\u00f4te-d'Or - 21-2025-10-22-00007 - Arr\u00eat\u00e9 portant recomposition de l'organe d\u00e9lib\u00e9rant de la Communaut\u00e9 de\nCommunes Mirebellois et Fontenois 70\nd'Arceau, Beaumont-sur-Vingeanne,  Beire-le-Ch \u00e2tel,  Belleneuve,  B\u00e8ze,  \nB\u00e9zouotte,  Blagny-sur-Vingeanne,  Bourberain,  Champagne-sur-Vingeanne,  \nCharmes,  Chaume-et-Courchamp,  Cheuge,  Cuiserey,  Dampierre-et-Fl\u00e9e,  \nFontaine-Fran\u00e7aise,  Fontenelle,  Jancigny,  Licey-sur-Vingeanne,  Magny-Saint-\nM\u00e9dard, Mirebeau-sur-B\u00e8ze, Montigny-Mornay-Villeneuve-sur-Vingeanne,  Noiron-\nsur-B\u00e8ze,  Oisilly,  Orain,  Pouilly-sur-Vingeanne,  Ren\u00e8ve,  Saint-Maurice-sur-\nVingeanne, Saint-Seine-sur-Vingeanne, Savolles, Troch\u00e8res, Tanay, Vi\u00e9vigne, sont \ncharg\u00e9s, chacun en ce qui le concerne de l'ex\u00e9cution du pr\u00e9sent arr\u00eat\u00e9 qui sera \npubli\u00e9 au recueil des actes administratifs de la pr\u00e9fecture et dont copie sera  \nadress\u00e9e, pour information \u00e0 :\n\u2022 Mme la directrice r\u00e9gionale des finances publiques de la Bourgogne-Franche-\nComt\u00e9 et de la C\u00f4te-d'Or ;\n\u2022 M. le pr\u00e9sident de la chambre r\u00e9gionale des comptes de Bourgogne-Franche-\nComt\u00e9 ;\n\u2022 M. le directeur des archives d\u00e9partementales de la C\u00f4te-d'Or.\nFait \u00e0 Dijon, le 22 octobre 2025\nPour le pr\u00e9fet et par d\u00e9l\u00e9gation,\nLe secr\u00e9taire g\u00e9n\u00e9ral,\nsign\u00e9\nDenis BRUEL\nPr\u00e9fecture de la C\u00f4te-d'Or \u2013 \nBureau des Collectivit\u00e9s Locales et des Elections - 53 rue de la Pr\u00e9fecture \u2013 21041 DIJON cedex\nm\u00e8l : pref-bali@cote-dor.gouv.fr\nSite internet : http://www.cote-dor.gouv.fr\nPr\u00e9fecture de la C\u00f4te-d'Or - 21-2025-10-22-00007 - Arr\u00eat\u00e9 portant recomposition de l'organe d\u00e9lib\u00e9rant de la Communaut\u00e9 de\nCommunes Mirebellois et Fontenois 71\nPr\u00e9fecture de la C\u00f4te-d'Or\nDirection des Collectivit\u00e9s locales et des\nElections \n21-2025-10-22-00008\nArr\u00eat\u00e9 portant recomposition de l'organe\nd\u00e9lib\u00e9rant de la Communaut\u00e9 de Communes\nNorge et Tille\nPr\u00e9fecture de la C\u00f4te-d'Or - 21-2025-10-22-00008 - Arr\u00eat\u00e9 portant recomposition de l'organe d\u00e9lib\u00e9rant de la Communaut\u00e9 de\nCommunes Norge et Tille 72\nExPREFETDE LACOTE-D'ORLibert\u00e9Egalit\u00e9Fraternit\u00e9\nDIRECTION DES COLLECTIVIT\u00c9S LOCALES ET DES \u00c9LECTIONS\nBUREAU DES COLLECTIVIT\u00c9S LOCALES\nAffaire suivie par : Isabelle AMSALLEM\nT\u00e9l : 03.80.44.66.16\nm\u00e9l : isabelle.amsallem@cote-dor.gouv.fr\nArr\u00eat\u00e9\nportant recomposition de l'organe d\u00e9lib\u00e9rant de la \nCommunaut\u00e9 de Communes Norge et Tille\nLe pr\u00e9fet de la r\u00e9gion Bourgogne-Franche-Comt\u00e9\nPr\u00e9fet de la C\u00f4te-d'Or\nVU le code g\u00e9n\u00e9ral des collectivit\u00e9s territoriales, et notamment l'article L.5211-6-1 I \u00e0 VI ;\nVU la loi n\u00b0 2002-276 du 27 f\u00e9vrier 2002 relative \u00e0 la d\u00e9mocratie de proximit\u00e9  et notamment \nson article 156 ;\nVU le d\u00e9cret n\u00b0 2025-848 du 27 ao\u00fbt 2025 fixant la date du renouvellement des conseillers  \nmunicipaux et communautaires, des conseillers m\u00e9tropolitains de Lyon, des conseillers de  \nParis et des conseillers d'arrondissement de Paris, Lyon et Marseille et portant convocation  \ndes \u00e9lecteurs ;\nVU le d\u00e9cret n\u00b02024-1276 du 31 d\u00e9cembre 2024 authentifiant les chiffres des populations de  \nm\u00e9tropole, des d\u00e9partements d'outre-mer de la Guadeloupe , de la Guyane, de la Martinique  \net de La R\u00e9union, et des collectivit\u00e9s de Saint-Barth\u00e9l\u00e9my, de Saint-Marin et de Saint-Pierre-et-\nMiquelon ;\nVU l'arr\u00eat\u00e9 pr\u00e9fectoral n\u00b0813 / SG du 13 juin 2025 donnant d\u00e9l\u00e9gation de signature \u00e0 M. Denis  \nBRUEL, secr\u00e9taire g\u00e9n\u00e9ral de la pr\u00e9fecture de la C\u00f4te-d'Or ; \nVU l'arr\u00eat\u00e9 pr\u00e9fectoral du 25 novembre 2016 portant cr\u00e9ation d'un nouvel \u00e9tablissement  \npublic de coop\u00e9ration intercommunale issu de la fusion des communaut\u00e9s de communes du  \nVal de Norge et de la Plaine des Tilles, d\u00e9nomm\u00e9 \u00ab  communaut\u00e9 de communes Norge et  \nTille \u00bb, \u00e0 compter du 1er janvier 2017 et ses modificatifs des 28 d\u00e9cembre 2017 , 18 janvier 2019 \net 29 juin 2021 ;\nCONSID\u00c9RANT l'absence de proposition d'accord local dans les d\u00e9lais pr\u00e9vus par la loi ;\nSUR proposition du secr\u00e9taire g\u00e9n\u00e9ral de la pr\u00e9fecture de la C\u00f4te-d'Or ;\nARR\u00caTE\nPr\u00e9fecture de la C\u00f4te-d'Or \u2013 \nBureau des Collectivit\u00e9s Locales et des Elections - 53 rue de la Pr\u00e9fecture \u2013 21041 DIJON cedex\nm\u00e8l : pref-bali@cote-dor.gouv.fr\nSite internet : http://www.cote-dor.gouv.fr\nPr\u00e9fecture de la C\u00f4te-d'Or - 21-2025-10-22-00008 - Arr\u00eat\u00e9 portant recomposition de l'organe d\u00e9lib\u00e9rant de la Communaut\u00e9 de\nCommunes Norge et Tille 73\nArticle 1er : le conseil communautaire de la communaut\u00e9 est compos\u00e9 en vertu des \ndispositions de droit commun et conform\u00e9ment \u00e0 la r\u00e9partition des si\u00e8ges par \ncommune ci-dessous : \nArticle 2 : la r\u00e9partition d\u00e9finie \u00e0 l'article 1 er du pr\u00e9sent arr\u00eat\u00e9 s'appliquera \u00e0 compter du \nrenouvellement g\u00e9n\u00e9ral des conseils municipaux de mars 2026.\nArticle 3 : en application des dispositions des articles R421-1, R421-5 et R312-1 du code de \njustice administrative,  le  pr\u00e9sent  arr\u00eat\u00e9  peut  faire  l'objet  d'un  recours  \ncontentieux dans un d\u00e9lai de deux mois \u00e0 compter de sa publication aupr\u00e8s du \nTribunal Administratif de Dijon via l'application telerecours.fr.\nArticle 4 : M. le secr\u00e9taire g\u00e9n\u00e9ral de la pr\u00e9fecture de la C\u00f4te-d'Or, M. le pr\u00e9sident de la  \ncommunaut\u00e9 de communes Norge et Tille, Mmes et MM. les maires de  Arc-sur-\nTille, Asni\u00e8res-l\u00e8s-Dijon, Bellefond, Bretigny, Brognon, Cl\u00e9nay, Couternon, Flacey, \nNorges-la-Ville, Orgeux, Remilly-sur-Tille, Ruffey-l\u00e8s-Echirey, Saint-Julien, Varois-et-\nChaignot. sont charg\u00e9s, chacun en ce qui le concerne de l'ex\u00e9cution du pr\u00e9sent \narr\u00eat\u00e9 qui sera publi\u00e9 au recueil des actes administratifs de la pr\u00e9fecture et dont \ncopie sera adress\u00e9e, pour information \u00e0 :\n\u2022 Mme la directrice r\u00e9gionale des finances publiques de la Bourgogne-Franche-\nComt\u00e9 et de la C\u00f4te-d'Or ;\n\u2022 M. le pr\u00e9sident de la chambre r\u00e9gionale des comptes de Bourgogne-Franche-\nComt\u00e9 ;\n\u2022 M. le directeur des archives d\u00e9partementales de la C\u00f4te-d'Or.\nFait \u00e0 Dijon, le 22 octobre 2025\nPour le pr\u00e9fet et par d\u00e9l\u00e9gation,\nLe secr\u00e9taire g\u00e9n\u00e9ral,\nsign\u00e9\nDenis BRUEL\nPr\u00e9fecture de la C\u00f4te-d'Or \u2013 \nBureau des Collectivit\u00e9s Locales et des Elections - 53 rue de la Pr\u00e9fecture \u2013 21041 DIJON cedex\nm\u00e8l : pref-bali@cote-dor.gouv.fr\nSite internet : http://www.cote-dor.gouv.fr\nARC-SUR-TILLE 5\nVAROIS-ET-CHAIGNOT 4\nCOUTERNON 4\nSAINT-JULIEN 3\nRUFFEY-LES-ECHIREY 2\nASNIERES-LES-DIJON 2\nREMILLY-SUR-TILLE 2\nNORGES-LA-VILLE 1\nBELLEFOND 1\nCLENAY 1\nBRETIGNY 1\nORGEUX 1\nBROGNON 1\nFLACEY 1\nPr\u00e9fecture de la C\u00f4te-d'Or - 21-2025-10-22-00008 - Arr\u00eat\u00e9 portant recomposition de l'organe d\u00e9lib\u00e9rant de la Communaut\u00e9 de\nCommunes Norge et Tille 74\nPr\u00e9fecture de la C\u00f4te-d'Or\nDirection des Collectivit\u00e9s locales et des\nElections \n21-2025-10-22-00010\nArr\u00eat\u00e9 portant recomposition de l'organe\nd\u00e9lib\u00e9rant de la Communaut\u00e9 de Communes\nTille et Venelle\nPr\u00e9fecture de la C\u00f4te-d'Or - 21-2025-10-22-00010 - Arr\u00eat\u00e9 portant recomposition de l'organe d\u00e9lib\u00e9rant de la Communaut\u00e9 de\nCommunes Tille et Venelle 75\nExPREFETDE LACOTE-D'ORLibert\u00e9Egalit\u00e9Fraternit\u00e9\nDIRECTION DES COLLECTIVIT\u00c9S LOCALES ET DES \u00c9LECTIONS\nBUREAU DES COLLECTIVIT\u00c9S LOCALES\nAffaire suivie par : Isabelle AMSALLEM\nT\u00e9l : 03.80.44.66.16\nm\u00e9l : isabelle.amsallem@cote-dor.gouv.fr\nArr\u00eat\u00e9\nportant recomposition de l'organe d\u00e9lib\u00e9rant de la \nCommunaut\u00e9 de Communes Tille et Venelle\nLe pr\u00e9fet de la r\u00e9gion Bourgogne-Franche-Comt\u00e9\nPr\u00e9fet de la C\u00f4te-d'Or\nVU le code g\u00e9n\u00e9ral des collectivit\u00e9s territoriales, et notamment l'article L.5211-6-1 I \u00e0 VI ;\nVU la loi n\u00b0 2002-276 du 27 f\u00e9vrier 2002 relative \u00e0 la d\u00e9mocratie de proximit\u00e9  et notamment \nson article 156 ;\nVU le d\u00e9cret n\u00b0 2025-848 du 27 ao\u00fbt 2025 fixant la date du renouvellement des conseillers  \nmunicipaux et communautaires, des conseillers m\u00e9tropolitains de Lyon, des conseillers de  \nParis et des conseillers d'arrondissement de Paris, Lyon et Marseille et portant convocation  \ndes \u00e9lecteurs ;\nVU le d\u00e9cret n\u00b02024-1276 du 31 d\u00e9cembre 2024 authentifiant les chiffres des populations de  \nm\u00e9tropole, des d\u00e9partements d'outre-mer de la Guadeloupe , de la Guyane, de la Martinique  \net de La R\u00e9union, et des collectivit\u00e9s de Saint-Barth\u00e9l\u00e9my, de Saint-Marin et de Saint-Pierre-et-\nMiquelon ;\nVU l'arr\u00eat\u00e9 pr\u00e9fectoral n\u00b0813 / SG du 13 juin 2025 donnant d\u00e9l\u00e9gation de signature \u00e0 M. Denis  \nBRUEL, secr\u00e9taire g\u00e9n\u00e9ral de la pr\u00e9fecture de la C\u00f4te-d'Or ; \nVU l'arr\u00eat\u00e9 pr\u00e9fectoral du 12 d\u00e9cembre 2016 portant cr\u00e9ation d'un nouvel \u00e9tablissement  \npublic de coop\u00e9ration intercommunale issu de la fusion des communaut\u00e9s de communes des  \nsources de la Tille et du canton de Selongey, d\u00e9nomm\u00e9 \u00ab  communaut\u00e9 de communes Tille et  \nVenelle \u00bb \u00e0 compter du 1 er janvier 2017 et les arr\u00eat\u00e9s modificatifs des 27 d\u00e9cembre 2017 , 29  \njuin 2021 et 25 novembre 2024 ;\nVU l'avis d\u00e9favorable de la commune de Selongey, dont la population repr\u00e9sente plus d'un  \nquart de la population totale de la communaut\u00e9 de communes, pour l'adoption de l'accord  \nlocal propos\u00e9 par plusieurs communes ;\nPr\u00e9fecture de la C\u00f4te-d'Or \u2013 \nBureau des Collectivit\u00e9s Locales et des Elections - 53 rue de la Pr\u00e9fecture \u2013 21041 DIJON cedex\nm\u00e8l : pref-bali@cote-dor.gouv.fr\nSite internet : http://www.cote-dor.gouv.fr\nPr\u00e9fecture de la C\u00f4te-d'Or - 21-2025-10-22-00010 - Arr\u00eat\u00e9 portant recomposition de l'organe d\u00e9lib\u00e9rant de la Communaut\u00e9 de\nCommunes Tille et Venelle 76\nCONSID\u00c9RANT qu'en  l'absence  d'accord  d'une  majorit\u00e9  qualifi\u00e9e  des  membres  devant \ncomprendre le conseil municipal de la commune dont la population est sup\u00e9rieure au quart  \nde  la  population  des  communes  membres pour  solliciter  la  r\u00e9partition  des  si\u00e8ges  de \nconseillers communautaires selon le m\u00eame accord local, il convient de r\u00e9partir les conseillers  \ncommunautaires selon les r\u00e8gles du droit commun ;\nSUR proposition du secr\u00e9taire g\u00e9n\u00e9ral de la pr\u00e9fecture de la C\u00f4te-d'Or ;\nARR\u00caTE\nArticle 1er  : le conseil communautaire de la communaut\u00e9 de communes Tille et Venelle est \ncompos\u00e9  en  vertu  des  dispositions  de  droit  commun  et  conform\u00e9ment  \u00e0  la  \nr\u00e9partition des si\u00e8ges par commune ci-dessous : \nArticle 2 : la r\u00e9partition d\u00e9finie \u00e0 l'article 1 er du pr\u00e9sent arr\u00eat\u00e9 s'appliquera \u00e0 compter du \nrenouvellement g\u00e9n\u00e9ral des conseils municipaux de mars 2026.\nArticle 3 : en application des dispositions des articles R421-1, R421-5 et R312-1 du code de \njustice administrative,  le  pr\u00e9sent  arr\u00eat\u00e9  peut  faire  l'objet  d'un  recours  \ncontentieux dans un d\u00e9lai de deux mois \u00e0 compter de sa publication aupr\u00e8s du \nTribunal Administratif de Dijon via l'application telerecours.fr.\nArticle 4 : M. le secr\u00e9taire g\u00e9n\u00e9ral de la pr\u00e9fecture de la C\u00f4te-d'Or, M. le pr\u00e9sident de la  \ncommunaut\u00e9 de communes Tille et Venelle, Mmes et MM. les maires d' Avot,  \nBarjon, Boussenois,  Busserotte-et-Montenaille,  Bussi\u00e8res,  Chazeuil,  Courlon,  \nCussey-les-Forges,  Foncegrive,  Fraignot-et-Vesvrotte,  Grancey-le-Ch\u00e2teau-\nNeuvelle, Le Meix, Orville, Sacquenay, Salives, Selongey, Vernois-l\u00e8s-Vesvres et  \nV\u00e9ronnes  sont  charg\u00e9s,  chacun  en  ce  qui  le  concerne  de  l'ex\u00e9cution  du  \nPr\u00e9fecture de la C\u00f4te-d'Or \u2013 \nBureau des Collectivit\u00e9s Locales et des Elections - 53 rue de la Pr\u00e9fecture \u2013 21041 DIJON cedex\nm\u00e8l : pref-bali@cote-dor.gouv.fr\nSite internet : http://www.cote-dor.gouv.fr\nSELONGEY 15\nVERONNES 2\nSACQUENAY 1\nGRANCEY-LE-CHATEAU-NEUVELLE 1\nSALIVES 1\nAVOT 1\nCHAZEUIL 1\nORVILLE 1\nVERNOIS-LES-VESVRES 1\nCUSSEY-LES-FORGES 1\nFONCEGRIVE 1\nCOURLON 1\nFRAIGNOT-ET-VESVROTTE 1\nBOUSSENOIS 1\nBUSSIERES 1\nLE MEIX 1\nBARJON 1\nBUSSEROTTE-ET-MONTENAILLE 1\nPr\u00e9fecture de la C\u00f4te-d'Or - 21-2025-10-22-00010 - Arr\u00eat\u00e9 portant recomposition de l'organe d\u00e9lib\u00e9rant de la Communaut\u00e9 de\nCommunes Tille et Venelle 77\npr\u00e9sent  arr\u00eat\u00e9  qui  sera  publi\u00e9  au  recueil  des  actes  administratifs  de  la  \npr\u00e9fecture et dont copie sera adress\u00e9e, pour information \u00e0 :\n\u2022 Mme la directrice r\u00e9gionale des finances publiques de la Bourgogne-Franche-\nComt\u00e9 et de la C\u00f4te-d'Or ; \n\u2022 M. le pr\u00e9sident de la chambre r\u00e9gionale des comptes de Bourgogne-Franche-\nComt\u00e9 ;\n\u2022 M. le directeur des archives d\u00e9partementales de la C\u00f4te-d'Or.\nFait \u00e0 Dijon, le 22 octobre 2025\nPour le pr\u00e9fet et par d\u00e9l\u00e9gation,\nLe secr\u00e9taire g\u00e9n\u00e9ral,\nsign\u00e9\nDenis BRUEL\nPr\u00e9fecture de la C\u00f4te-d'Or \u2013 \nBureau des Collectivit\u00e9s Locales et des Elections - 53 rue de la Pr\u00e9fecture \u2013 21041 DIJON cedex\nm\u00e8l : pref-bali@cote-dor.gouv.fr\nSite internet : http://www.cote-dor.gouv.fr\nPr\u00e9fecture de la C\u00f4te-d'Or - 21-2025-10-22-00010 - Arr\u00eat\u00e9 portant recomposition de l'organe d\u00e9lib\u00e9rant de la Communaut\u00e9 de\nCommunes Tille et Venelle 78\nPr\u00e9fecture de la C\u00f4te-d'Or\nDirection des Collectivit\u00e9s locales et des\nElections \n21-2025-10-22-00009\nArr\u00eat\u00e9 portant recomposition de l'organe\nd\u00e9lib\u00e9rant de la Communaut\u00e9 de Communes\nOuche et Montagne\nPr\u00e9fecture de la C\u00f4te-d'Or - 21-2025-10-22-00009 - Arr\u00eat\u00e9 portant recomposition de l'organe d\u00e9lib\u00e9rant de la Communaut\u00e9 de\nCommunes Ouche et Montagne 79\nExPREFETDE LACOTE-D'ORLibert\u00e9Egalit\u00e9Fraternit\u00e9\nDIRECTION DES COLLECTIVIT\u00c9S LOCALES ET DES \u00c9LECTIONS\nBUREAU DES COLLECTIVIT\u00c9S LOCALES\nAffaire suivie par : Isabelle AMSALLEM\nT\u00e9l : 03.80.44.66.16\nm\u00e9l : isabelle.amsallem@cote-dor.gouv.fr\nArr\u00eat\u00e9\nportant recomposition de l'organe d\u00e9lib\u00e9rant de la \nCommunaut\u00e9 de Communes Ouche et Montagne\nLe pr\u00e9fet de la r\u00e9gion Bourgogne-Franche-Comt\u00e9\nPr\u00e9fet de la C\u00f4te-d'Or\nVU le code g\u00e9n\u00e9ral des collectivit\u00e9s territoriales, et notamment l'article L.5211-6-1 I \u00e0 VI ;\nVU la loi n\u00b0 2002-276 du 27 f\u00e9vrier 2002 relative \u00e0 la d\u00e9mocratie de proximit\u00e9  et notamment \nson article 156 ;\nVU le d\u00e9cret n\u00b0 2025-848 du 27 ao\u00fbt 2025 fixant la date du renouvellement des conseillers  \nmunicipaux et communautaires, des conseillers m\u00e9tropolitains de Lyon, des conseillers de  \nParis et des conseillers d'arrondissement de Paris, Lyon et Marseille et portant convocation  \ndes \u00e9lecteurs ;\nVU le d\u00e9cret n\u00b02024-1276 du 31 d\u00e9cembre 2024 authentifiant les chiffres des populations de  \nm\u00e9tropole, des d\u00e9partements d'outre-mer de la Guadeloupe , de la Guyane, de la Martinique  \net de La R\u00e9union, et des collectivit\u00e9s de Saint-Barth\u00e9l\u00e9my, de Saint-Marin et de Saint-Pierre-et-\nMiquelon ;\nVU l'arr\u00eat\u00e9 pr\u00e9fectoral n\u00b0813 / SG du 13 juin 2025 donnant d\u00e9l\u00e9gation de signature \u00e0 M. Denis  \nBRUEL, secr\u00e9taire g\u00e9n\u00e9ral de la pr\u00e9fecture de la C\u00f4te-d'Or ; \nVU l'arr\u00eat\u00e9 pr\u00e9fectoral du 27 mai 2013 portant cr\u00e9ation d'un nouvel \u00e9tablissement public de  \ncoop\u00e9ration intercommunale issu de la fusion des communaut\u00e9s de communes de la Vall\u00e9e  \nde  l'Ouche  et  du  Sombernonnais,  d\u00e9nomm\u00e9  \u00ab  communaut\u00e9  de  communes  du  \nSombernonnais et de la Vall\u00e9e de l'Ouche \u00bb, \u00e0 compter du 1er janvier 2014,  et ses modificatifs \ndes 30 d\u00e9cembre 2015 (changement d'appellation pour communaut\u00e9 de communes Ouche et \nMontagne), 27 d\u00e9cembre 2017 , 23 juillet 2018 et 22 mai 2023 ;\nCONSID\u00c9RANT l'absence de proposition d'accord local dans les d\u00e9lais pr\u00e9vus par la loi ;\nSUR proposition du secr\u00e9taire g\u00e9n\u00e9ral de la pr\u00e9fecture de la C\u00f4te-d'Or ;\nPr\u00e9fecture de la C\u00f4te-d'Or \u2013 \nBureau des Collectivit\u00e9s Locales et des Elections - 53 rue de la Pr\u00e9fecture \u2013 21041 DIJON cedex\nm\u00e8l : pref-bali@cote-dor.gouv.fr\nSite internet : http://www.cote-dor.gouv.fr\nPr\u00e9fecture de la C\u00f4te-d'Or - 21-2025-10-22-00009 - Arr\u00eat\u00e9 portant recomposition de l'organe d\u00e9lib\u00e9rant de la Communaut\u00e9 de\nCommunes Ouche et Montagne 80\nARR\u00caTE\nArticle 1er : le conseil communautaire de la communaut\u00e9 de communes Ouche et Montagne \nest compos\u00e9 en vertu des dispositions de droit commun et conform\u00e9ment \u00e0 la \nr\u00e9partition des si\u00e8ges par commune ci-dessous : \nArticle 2 : la r\u00e9partition d\u00e9finie \u00e0 l'article 1 er du pr\u00e9sent arr\u00eat\u00e9 s'appliquera \u00e0 compter du \nrenouvellement g\u00e9n\u00e9ral des conseils municipaux de mars 2026.\nArticle 3 : en application des dispositions des articles R421-1, R421-5 et R312-1 du code de \njustice administrative,  le  pr\u00e9sent  arr\u00eat\u00e9  peut  faire  l'objet  d'un  recours  \ncontentieux dans un d\u00e9lai de deux mois \u00e0 compter de sa publication aupr\u00e8s du \nTribunal Administratif de Dijon via l'application telerecours.fr.\nPr\u00e9fecture de la C\u00f4te-d'Or \u2013 \nBureau des Collectivit\u00e9s Locales et des Elections - 53 rue de la Pr\u00e9fecture \u2013 21041 DIJON cedex\nm\u00e8l : pref-bali@cote-dor.gouv.fr\nSite internet : http://www.cote-dor.gouv.fr\nVELARS-SUR-OUCHE 7\nFLEUREY-SUR-OUCHE 6\nSOMBERNON 4\nMALAIN 3\nSAINTE-MARIE-SUR-OUCHE 2\nBLAISY-BAS 2\nLANTENAY 2\nANCEY 1\nGISSEY-SUR-OUCHE 1\nSAINT-VICTOR-SUR-OUCHE 1\nPASQUES 1\nAGEY 1\nMESMONT 1\nBARBIREY-SUR-OUCHE 1\nSAVIGNY-SOUS-MALAIN 1\nGRENANT-LES-SOMBERNON 1\nAUBIGNY-LES-SOMBERNON 1\nREMILLY-EN-MONTAGNE 1\nVIEILMOULIN 1\nECHANNAY 1\nGERGUEIL 1\nBLAISY-HAUT 1\nGROSBOIS-EN-MONTAGNE 1\nSAINT-JEAN-DE-BOEUF 1\nPRALON 1\nVERREY-SOUS-DREE 1\nMONTOILLOT 1\nBAULME-LA-ROCHE 1\nBUSSY-LA-PESLE 1\nDREE 1\nSAINT-ANTHOT 1\nARCEY 1\nPr\u00e9fecture de la C\u00f4te-d'Or - 21-2025-10-22-00009 - Arr\u00eat\u00e9 portant recomposition de l'organe d\u00e9lib\u00e9rant de la Communaut\u00e9 de\nCommunes Ouche et Montagne 81\nArticle 4 : M. le secr\u00e9taire g\u00e9n\u00e9ral de la pr\u00e9fecture de la C\u00f4te-d'Or, M. le pr\u00e9sident de la  \ncommunaut\u00e9  de  communes  Ouche  et  Montagne,  Mmes  et  MM.  les  maires \nd'  Agey,  Ancey,  Arcey,  Aubigny-l\u00e8s-Sombernon,  Barbirey-sur-Ouche,  Baulme-la-\nRoche, Blaisy-Bas, Blaisy-Haut,  Bussy-la-Pesle,  Dr\u00e9e,  \u00c9channay,  Fleurey-sur-\nOuche, Gergueil, Gissey-sur-Ouche, Grenant-l\u00e8s-Sombernon,  Grosbois-en-\nMontagne, Lantenay, M\u00e2lain, Mesmont, Montoillot, Pasques,  Pr\u00e2lon,  Remilly-\nen-Montagne,  Saint-Anthot,  Saint-Jean-de-B\u0153uf,  Saint-Victor-sur-Ouche,  Sainte-\nMarie-sur-Ouche, Savigny-sous-M\u00e2lain, Sombernon, Velars-sur-Ouche, Verrey-sous-\nDr\u00e9e et Vieilmoulin sont charg\u00e9s, chacun en ce qui le concerne de l'ex\u00e9cution  \ndu pr\u00e9sent arr\u00eat\u00e9 qui sera publi\u00e9 au recueil des actes administratifs de  la  \npr\u00e9fecture et dont copie sera adress\u00e9e, pour information \u00e0 :\n\u2022 Mme la directrice r\u00e9gionale des finances publiques de la Bourgogne-Franche-\nComt\u00e9 et de la C\u00f4te-d'Or ;\n\u2022 M. le pr\u00e9sident de la chambre r\u00e9gionale des comptes de Bourgogne-Franche-\nComt\u00e9 ;\n\u2022 M. le directeur des archives d\u00e9partementales de la C\u00f4te-d'Or.\nFait \u00e0 Dijon, le 22 octobre 2025\nPour le pr\u00e9fet et par d\u00e9l\u00e9gation,\nLe secr\u00e9taire g\u00e9n\u00e9ral,\nsign\u00e9\nDenis BRUEL\nPr\u00e9fecture de la C\u00f4te-d'Or \u2013 \nBureau des Collectivit\u00e9s Locales et des Elections - 53 rue de la Pr\u00e9fecture \u2013 21041 DIJON cedex\nm\u00e8l : pref-bali@cote-dor.gouv.fr\nSite internet : http://www.cote-dor.gouv.fr\nPr\u00e9fecture de la C\u00f4te-d'Or - 21-2025-10-22-00009 - Arr\u00eat\u00e9 portant recomposition de l'organe d\u00e9lib\u00e9rant de la Communaut\u00e9 de\nCommunes Ouche et Montagne 82\nPr\u00e9fecture de la C\u00f4te-d'Or\nDirection des Collectivit\u00e9s locales et des\nElections \n21-2025-10-27-00005\nArr\u00eat\u00e9 portant recomposition de l'organe\nd\u00e9lib\u00e9rant de la Communaut\u00e9 d'agglom\u00e9ration\nBeaune, C\u00f4te et Sud - Beaune-Chagny-Nolay\nPr\u00e9fecture de la C\u00f4te-d'Or - 21-2025-10-27-00005 - Arr\u00eat\u00e9 portant recomposition de l'organe d\u00e9lib\u00e9rant de la Communaut\u00e9\nd'agglom\u00e9ration Beaune, C\u00f4te et Sud - Beaune-Chagny-Nolay 83\nExPREFETDE LACOTE-D'ORLibert\u00e9Egalit\u00e9Fraternit\u00e9\nPR\u00c9FETDE SA\u00d4NE-ET-LOIRELibert\u00e9Egalit\u00e9Fraternit\u00e9\nDIRECTION DES COLLECTIVIT\u00c9S LOCALES ET DES \u00c9LECTIONS\nBUREAU DES COLLECTIVIT\u00c9S LOCALES\nAffaire suivie par : Isabelle AMSALLEM\nT\u00e9l : 03.80.44.66.16\nm\u00e9l : isabelle.amsallem@cote-dor.gouv.fr\nArr\u00eat\u00e9\nportant recomposition de l'organe d\u00e9lib\u00e9rant de la \nCommunaut\u00e9 d'agglom\u00e9ration Beaune, C\u00f4te et Sud \u2013 Beaune-Chagny-Nolay\nLe pr\u00e9fet de la r\u00e9gion Bourgogne-Franche-Comt\u00e9\nPr\u00e9fet de la C\u00f4te-d'Or\nLe pr\u00e9fet de Sa\u00f4ne-et-Loire\nVU le code g\u00e9n\u00e9ral des collectivit\u00e9s territoriales, et notamment l'article L.5211-6-1 I \u00e0 VI ;\nVU la loi n\u00b0 2002-276 du 27 f\u00e9vrier 2002 relative \u00e0 la d\u00e9mocratie de proximit\u00e9  et notamment \nson article 156 ;\nVU le d\u00e9cret n\u00b0 2025-848 du 27 ao\u00fbt 2025 fixant la date du renouvellement des conseillers  \nmunicipaux et communautaires, des conseillers m\u00e9tropolitains de Lyon, des conseillers de  \nParis et des conseillers d'arrondissement de Paris, Lyon et Marseille et portant convocation  \ndes \u00e9lecteurs ;\nVU le d\u00e9cret n\u00b02024-1276 du 31 d\u00e9cembre 2024 authentifiant les chiffres des populations de  \nm\u00e9tropole, des d\u00e9partements d'outre-mer de la Guadeloupe , de la Guyane, de la Martinique  \net de La R\u00e9union, et des collectivit\u00e9s de Saint-Barth\u00e9l\u00e9my, de Saint-Marin et de Saint-Pierre-et-\nMiquelon ;\nVU l'arr\u00eat\u00e9 pr\u00e9fectoral n\u00b0813 / SG du 13 juin 2025 donnant d\u00e9l\u00e9gation de signature \u00e0 M. Denis  \nBRUEL, secr\u00e9taire g\u00e9n\u00e9ral de la pr\u00e9fecture de la C\u00f4te-d'Or ; \nVU  l'arr\u00eat\u00e9  pr\u00e9fectoral  n\u00b0  71-2025-08-25-00001  du  25  ao\u00fbt  2025  donnant  d\u00e9l\u00e9gation  de \nsignature \u00e0 Mme Agn\u00e8s CHAVANON, secr\u00e9taire g\u00e9n\u00e9rale de la pr\u00e9fecture de Sa\u00f4ne-et-Loire ;\nVU l'arr\u00eat\u00e9  interpr\u00e9fectoral  du  20  d\u00e9cembre  2006  portant  cr\u00e9ation  de  la  communaut\u00e9 \nd'agglom\u00e9ration \u00ab Beaune, C\u00f4te et Sud - Communaut\u00e9 Beaune-Chagny-Nolay \u00bb, modifi\u00e9 par  \nles  arr\u00eat\u00e9s  interpr\u00e9fectoraux  des  23  juillet  2007 ,  10  octobre  2007 ,  28  d\u00e9cembre  2007 , \n30  d\u00e9cembre  2008,  29  mars  2011,  25  octobre  2013,  6  f\u00e9vrier  2014,  2  d\u00e9cembre  2016, \n21 d\u00e9cembre 2016, 30 juin 2017 , 12 juin 2019 et 23 octobre 2024 ; \nPr\u00e9fecture de la C\u00f4te-d'Or - 21-2025-10-27-00005 - Arr\u00eat\u00e9 portant recomposition de l'organe d\u00e9lib\u00e9rant de la Communaut\u00e9\nd'agglom\u00e9ration Beaune, C\u00f4te et Sud - Beaune-Chagny-Nolay 84\nCONSID\u00c9RANT l'absence de proposition d'accord local dans les d\u00e9lais pr\u00e9vus par la loi ;\nSUR proposition des secr\u00e9taires g\u00e9n\u00e9raux des pr\u00e9fectures de la C\u00f4te-d'Or et de la Sa\u00f4ne-et-\nLoire ;\nARR\u00caTENT\nArticle 1er : le conseil communautaire de la communaut\u00e9 d'agglom\u00e9ration Beaune, C\u00f4te et \nSud \u2013 Beaune-Chagny-Nolay est compos\u00e9 en vertu des dispositions de droit \ncommun et conform\u00e9ment \u00e0 la r\u00e9partition des si\u00e8ges par commune ci-dessous : \nArticle 2 : la r\u00e9partition d\u00e9finie \u00e0 l'article 1 er du pr\u00e9sent arr\u00eat\u00e9 s'appliquera \u00e0 compter du \nrenouvellement g\u00e9n\u00e9ral des conseils municipaux de mars 2026.\nArticle 3 : en application des dispositions des articles R421-1, R421-5 et R312-1 du code de \njustice administrative,  le  pr\u00e9sent  arr\u00eat\u00e9  peut  faire  l'objet  d'un  recours  \ncontentieux dans un d\u00e9lai de deux mois \u00e0 compter de sa publication aupr\u00e8s du \nTribunal Administratif de Dijon via l'application telerecours.fr.\nArticle 4 : M. le secr\u00e9taire g\u00e9n\u00e9ral de la pr\u00e9fecture de la C\u00f4te-d'Or, M. le pr\u00e9sident de la  \ncommunaut\u00e9  d'agglom\u00e9ration  Beaune,  C\u00f4te  et  Sud  \u2013  Beaune-Chagny-Nolay,  \nMmes  et  MM.  les  maires  d'Aloxe-Corton,  Aubigny-la-Ronce,  Auxey-Duresses,  \nBaubigny,  Beaune,  Bligny-l\u00e8s-Beaune,  Bouilland,  Bouze-l\u00e8s-Beaune,  Chagny,  \nBEAUNE 29\nCHAGNY 7\nLADOIX-SERRIGNY 2\nNOLAY 2\nMEURSAULT 1\nSAVIGNY-LES-BEAUNE 1\nBLIGNY-LES-BEAUNE 1\nCHAUDENAY 1\nCORPEAU 1\nVIGNOLES 1\nSAINTE-MARIE-LA-BLANCHE 1\nSANTENAY 1\nMERCEUIL 1\nMONTAGNY-LES-BEAUNE 1\nRUFFEY-LES-BEAUNE 1\nCHOREY-LES-BEAUNE 1\nMEURSANGES 1\nCOMBERTAULT 1\nPOMMARD 1\nCORCELLES-LES-ARTS 1\nCORBERON 1\nCHEVIGNY-EN-VALIERE 1\nCORGENGOUX 1\nLEVERNOIS 1\nPULIGNY-MONTRACHET 1\nMELOISEY 1\nECHEVRONNE 1\nBOUZE-LES-BEAUNE 1\nAUXEY-DURESSES 1\nPARIS-L'HOPITAL 1\nLA ROCHEPOT 1\nCHASSAGNE-MONTRACHET 1\nTHURY 1\nEBATY 1\nVAL-MONT 1\nBOUILLAND 1\nPERNAND-VERGELESSES 1\nVOLNAY 1\nCHANGE 1\nMARIGNY-LES-REULLEE 1\nCORMOT-VAUCHIGNON 1\nBAUBIGNY 1\nSAINT-ROMAIN 1\nTAILLY 1\nSAINT-AUBIN 1\nMAVILLY-MANDELOT 1\nAUBIGNY-LA-RONCE 1\nNANTOUX 1\nMOLINOT 1\nDEZIZE-LES-MARANGES 1\nMONTHELIE 1\nALOXE-CORTON 1\nSANTOSSE 1\nPr\u00e9fecture de la C\u00f4te-d'Or - 21-2025-10-27-00005 - Arr\u00eat\u00e9 portant recomposition de l'organe d\u00e9lib\u00e9rant de la Communaut\u00e9\nd'agglom\u00e9ration Beaune, C\u00f4te et Sud - Beaune-Chagny-Nolay 85\nChange,  Chassagne-Montrachet,  Chaudenay,  Chevigny-en-Vali\u00e8re,  Chorey-les-\nBeaune,  Combertault,  Corberon,  Corcelles-les-Arts,  Corgengoux,  Cormot-\nVauchignon,  Corpeau,  Dezize-l\u00e8s-Maranges,  \u00c9baty,  \u00c9chevronne,  La  Rochepot,  \nLadoix-Serrigny,  Levernois,  Marigny-l\u00e8s-Reull\u00e9e,  Mavilly-Mandelot,  Meloisey,  \nMerceuil,  Meursanges,  Meursault,  Molinot,  Montagny-l\u00e8s-Beaune,  Monthelie,  \nNantoux,  Nolay,  Paris-l'H\u00f4pital,  Pernand-Vergelesses,  Pommard,  Puligny-\nMontrachet,  Ruffey-l\u00e8s-Beaune,  Saint-Aubin,  Saint-Romain,  Sainte-Marie-la-\nBlanche, Santenay, Santosse, Savigny-l\u00e8s-Beaune, Tailly, Thury, Val-Mont, Vignoles, \nVolnay, sont charg\u00e9s, chacun en ce qui le concerne de l'ex\u00e9cution du pr\u00e9sent  \narr\u00eat\u00e9 qui sera publi\u00e9 au recueil des actes administratifs de la pr\u00e9fecture et dont \ncopie sera adress\u00e9e, pour information \u00e0 :\n\u2022 M. le pr\u00e9sident de la chambre r\u00e9gionale des comptes de Bourgogne-Franche-\nComt\u00e9 ;\n\u2022 Mme la directrice r\u00e9gionale des finances publiques de la Bourgogne-Franche-\nComt\u00e9 et de la C\u00f4te-d'Or ;\n\u2022 M. le directeur d\u00e9partemental des finances publiques de la Sa\u00f4ne-et-Loire ;\n\u2022 M. le directeur des Archives D\u00e9partementales de la C\u00f4te-d'Or ;\n\u2022 Mme la directrice des Archives D\u00e9partementales de la Sa\u00f4ne-et-Loire.\nFait \u00e0 Dijon, le 27 octobre 2025\nPour le pr\u00e9fet et par d\u00e9l\u00e9gation,\nLe secr\u00e9taire g\u00e9n\u00e9ral,\nsign\u00e9\nDenis BRUEL\nFait \u00e0 M\u00e2con, le 27 octobre 2025\nPour le pr\u00e9fet et par d\u00e9l\u00e9gation,\nLa secr\u00e9taire g\u00e9n\u00e9rale,\nsign\u00e9\nAgn\u00e8s CHAVANON\nPr\u00e9fecture de la C\u00f4te-d'Or - 21-2025-10-27-00005 - Arr\u00eat\u00e9 portant recomposition de l'organe d\u00e9lib\u00e9rant de la Communaut\u00e9\nd'agglom\u00e9ration Beaune, C\u00f4te et Sud - Beaune-Chagny-Nolay 86\nPr\u00e9fecture de la C\u00f4te-d'Or\nDirection des Collectivit\u00e9s locales et des\nElections \n21-2025-10-24-00003\nArr\u00eat\u00e9 pr\u00e9fectoral n\u00b0 1576 portant modification\nde la commission de contr\u00f4le des listes\n\u00e9lectorales de la commune de DIJON\nPr\u00e9fecture de la C\u00f4te-d'Or - 21-2025-10-24-00003 - Arr\u00eat\u00e9 pr\u00e9fectoral n\u00b0 1576 portant modification de la commission de contr\u00f4le des\nlistes \u00e9lectorales de la commune de DIJON 87\nExPREFETDE LACOTE-D'ORLibert\u00e9Egalit\u00e9Fraternit\u00e9\nSECR\u00c9TARIAT G\u00c9N\u00c9RAL\nDirection des collectivit\u00e9s locales et des \u00e9lections\nBureau des \u00e9lections et de la r\u00e9glementation\nAffaire suivie par : Delphine CHERDON\nT\u00e9l : 03 80 44 65 42\nm\u00e9l : delphine.cherdon@cote-dor.gouv.fr\nARRETE PREFECTORAL n\u00b0 1576 du 24 octobre 2025\nportant modification de la commission de contr\u00f4le des listes \u00e9lectorales de la commune \nDe DIJON\nLe Pr\u00e9fet de la r\u00e9gion Bourgogne-Franche-Comt\u00e9\nPr\u00e9fet de la C\u00f4te-d'Or\nVU le code \u00e9lectoral, notamment, ses articles L. 19 et R7 \u00e0 R11 ;\nVU l'arr\u00eat\u00e9 pr\u00e9fectoral n\u00b0 107 du 25 f\u00e9vrier 2019 modifi\u00e9 par l'arr\u00eat\u00e9 du 21 mars 2019 portant nomination des\nmembres de la commission de contr\u00f4le des listes \u00e9lectorales dans les communes du d\u00e9partement de la C\u00f4te\nd'Or ;\nVU l'arr\u00eat\u00e9 pr\u00e9fectoral n\u00b0 29 du 4 janvier 2024  portant renouvellement des commissions de contr\u00f4le des listes\n\u00e9lectorales des communes de l'arrondissement de DIJON ;\nVU l'arr\u00eat\u00e9 pr\u00e9fectoral n\u00b0 813 / SG du 13 juin 2025 donnant d\u00e9l\u00e9gation de signature \u00e0 Monsieur Denis BRUEL\nsecr\u00e9taire g\u00e9n\u00e9ral de la pr\u00e9fecture de la C\u00f4te-d'Or ;\nVU la demande de Madame la maire de DIJON de d\u00e9signer trois nouveaux membres \u00e0 la commission de\ncontr\u00f4le  des  listes  \u00e9lectorales  de  sa  commune en  remplacement  de  Mesdames  Fran\u00e7oise  TENENBAUM,\nOc\u00e9ane GODARD et Catherine HERVIEU, d\u00e9missionnaires ;\nSUR proposition du Secr\u00e9taire G\u00e9n\u00e9ral de la pr\u00e9fecture de la C\u00f4te d'Or ;\nA R R E T E\nArticle 1er  \u2013  Madame Nadjoua BELHADEF n\u00e9e le 8 avril 1982 \u00e0 DIJON (C\u00f4te-d'Or), conseill\u00e8re municipale, est\nnomm\u00e9e membre \u00e0 la commission de contr\u00f4le des listes \u00e9lectorales de la commune de DIJON conform\u00e9ment \u00e0 la\np\u00e9riode de validit\u00e9 de l'arr\u00eat\u00e9 pr\u00e9fectoral  n\u00b0 29 du 4 janvier 2024 mentionn\u00e9 ci-dessus . Elle remplace Madame\nFran\u00e7oise TENENBAUM.\nArticle 2  \u2013  Monsieur Franck LEHENOFF n\u00e9 le 3 mai 1980 \u00e0 DIJON (C\u00f4te-d'Or), conseiller municipal, est nomm\u00e9\nmembre \u00e0 la commission de contr\u00f4le des listes \u00e9lectorales de la commune de DIJON conform\u00e9ment \u00e0 la p\u00e9riode\nde validit\u00e9 de l'arr\u00eat\u00e9 pr\u00e9fectoral  n\u00b0 29 du 4 janvier 2024 mentionn\u00e9 ci-dessus . Il remplace Madame Oc\u00e9ane\nGODARD.\nArticle 3 \u2013  Monsieur Fr\u00e9d\u00e9ric FAVERJON n\u00e9 le 23 janvier 1971 \u00e0 MONTBELIARD (Doubs), conseiller municipal, est\nnomm\u00e9 membre \u00e0 la commission de contr\u00f4le des listes \u00e9lectorales de la commune de DIJON conform\u00e9ment \u00e0 la\np\u00e9riode de validit\u00e9 de l'arr\u00eat\u00e9 pr\u00e9fectoral  n\u00b0 29 du 4 janvier 2024 mentionn\u00e9 ci-dessus . Il remplace Madame\nCatherine HERVIEU.\nPr\u00e9fecture de la C\u00f4te-d'Or \n53 rue de la Pr\u00e9fecture - 21041 DIJON cedex\nt\u00e9l : 03 80 44 64 00 \nSite internet : http://www.cote-dor.gouv.fr\nPr\u00e9fecture de la C\u00f4te-d'Or - 21-2025-10-24-00003 - Arr\u00eat\u00e9 pr\u00e9fectoral n\u00b0 1576 portant modification de la commission de contr\u00f4le des\nlistes \u00e9lectorales de la commune de DIJON 88\nArticle 4  \u2013  Le Secr\u00e9taire G\u00e9n\u00e9ral de la Pr\u00e9fecture de la C\u00f4te d'Or et Madame la maire de DIJON sont charg\u00e9s,\nchacun en ce qui le concerne, de l'ex\u00e9cution du pr\u00e9sent arr\u00eat\u00e9 qui sera publi\u00e9 au recueil des actes administratifs\nde la pr\u00e9fecture de la C\u00f4te d'Or.\nFait \u00e0 Dijon, le 24 octobre 2025\nLe Pr\u00e9fet,\nPour le Pr\u00e9fet et par d\u00e9l\u00e9gation,\nLe secr\u00e9taire g\u00e9n\u00e9ral\n                                                             Sign\u00e9                  Denis BRUEL\n Voies et d\u00e9lais de recours : le pr\u00e9sent arr\u00eat\u00e9 peut faire l'objet, dans un d\u00e9lai de deux mois suivant sa publication, d'un recours\ngracieux aupr\u00e8s du pr\u00e9fet de la C\u00f4te d'Or, d'un recours hi\u00e9rarchique aupr\u00e8s du ministre de l'Int\u00e9rieur - Direction de la\nmodernisation \u2013 Place Beauvau \u2013 75800 Paris Cedex 08 ou d'un recours contentieux aupr\u00e8s du tribunal administratif de Dijon\n\u2013 22, rue d'Assas BP61616 \u2013 210016 Dijon Cedex\nPr\u00e9fecture de la C\u00f4te-d'Or \n53 rue de la Pr\u00e9fecture - 21041 DIJON cedex\nt\u00e9l : 03 80 44 64 00 \nSite internet : http://www.cote-dor.gouv.fr\nPr\u00e9fecture de la C\u00f4te-d'Or - 21-2025-10-24-00003 - Arr\u00eat\u00e9 pr\u00e9fectoral n\u00b0 1576 portant modification de la commission de contr\u00f4le des\nlistes \u00e9lectorales de la commune de DIJON 89\nSous-pr\u00e9fecture de Beaune\n21-2025-10-28-00003\nArr\u00eat\u00e9 portant recomposition de l'organe\nd\u00e9lib\u00e9rant de la Communaut\u00e9 de Communes de\nGevrey-Chambertin et de Nuits-Saint-Georges\nSous-pr\u00e9fecture de Beaune - 21-2025-10-28-00003 - Arr\u00eat\u00e9 portant recomposition de l'organe d\u00e9lib\u00e9rant de la Communaut\u00e9 de\nCommunes de Gevrey-Chambertin et de Nuits-Saint-Georges 90\nPREFETDELACOTE-D'ORLibert\u00e9Egalit\u00e9Fraternit\u00e9\nSous-pr\u00e9fecture de Beaune\nAffaire suivie par : La\u00efla BENJDIR\nT\u00e9l : 03.45.43.80.07\nm\u00e9l : la\u00efla.benjdir@cote-dor.gouv.fr\nArr\u00eat\u00e9\nportant recomposition de l'organe d\u00e9lib\u00e9rant de la \nCommunaut\u00e9 de Communes de Gevrey-Chambertin et de Nuits-Saint-Georges\nLe sous-pr\u00e9fet de l'arrondissement de Beaune\nVU le code g\u00e9n\u00e9ral des collectivit\u00e9s territoriales, et notamment l'article L.5211-6-1 I \u00e0 VI ;\nVU la loi n\u00b0 2002-276 du 27 f\u00e9vrier 2002 relative \u00e0 la d\u00e9mocratie de proximit\u00e9  et notamment \nson article 156 ;\nVU le d\u00e9cret n\u00b0 2025-848 du 27 ao\u00fbt 2025 fixant la date du renouvellement des conseillers  \nmunicipaux et communautaires, des conseillers m\u00e9tropolitains de Lyon, des conseillers de  \nParis et des conseillers d'arrondissement de Paris, Lyon et Marseille et portant convocation  \ndes \u00e9lecteurs ;\nVU le d\u00e9cret n\u00b02024-1276 du 31 d\u00e9cembre 2024 authentifiant les chiffres des populations de  \nm\u00e9tropole, des d\u00e9partements d'outre-mer de la Guadeloupe , de la Guyane, de la Martinique  \net de La R\u00e9union, et des collectivit\u00e9s de Saint-Barth\u00e9l\u00e9my, de Saint-Marin et de Saint-Pierre-et-\nMiquelon ;\nVU l'arr\u00eat\u00e9 pr\u00e9fectoral n\u00b0 815 / SG du 13 juin 2025 donnant d\u00e9l\u00e9gation de signature \u00e0 Monsieur \nBeno\u00eet BYRSKI, Sous-pr\u00e9fet de Beaune ; \nVU l'arr\u00eat\u00e9 pr\u00e9fectoral du 12 d\u00e9cembre 2016 portant cr\u00e9ation d'un nouvel \u00e9tablissement  \npublic de coop\u00e9ration intercommunale issu de la fusion des communaut\u00e9s de communes du  \nSud-Dijonnais,  du  Pays  de  Nuits-Saint-Georges  et  de  Gevrey-Chambertin,  d\u00e9nomm\u00e9 \ncommunaut\u00e9  de  communes  de  Gevrey-Chambertin  et  de  Nuits-Saint-Georges  et  ses \nmodificatifs du 22 novembre 2018 et du 25 juin 2021 ;\nCONSID\u00c9RANT l'absence de proposition d'accord local dans les d\u00e9lais pr\u00e9vus par la loi ;\nSous-pr\u00e9fecture de Beaune - 10 rue Edouard Fraisse - 21200 BEAUNE\nT\u00e9l : 03 80 24 32 40- m\u00e8l : sp-beaune@cote-dor.pref.gouv.fr  \u2013 \nsite internet : http://www.cote-dor.gouv.fr\nSous-pr\u00e9fecture de Beaune - 21-2025-10-28-00003 - Arr\u00eat\u00e9 portant recomposition de l'organe d\u00e9lib\u00e9rant de la Communaut\u00e9 de\nCommunes de Gevrey-Chambertin et de Nuits-Saint-Georges 91\nARR\u00caTE\nArticle 1er : le conseil communautaire de la communaut\u00e9 de communes de Gevrey-\nChambertin et de Nuits-Saint-Georges est compos\u00e9 en vertu des dispositions de  \ndroit commun et conform\u00e9ment \u00e0 la r\u00e9partition des si\u00e8ges par commune ci-\ndessous :  \nNom de la commune R\u00e9partition de droit commun (au \ntitre des II \u00e0 V du L. 5211-6-1)\nNUITS-SAINT-GEORGES 12\nGEVREY-CHAMBERTIN 6\nNOIRON-SOUS-GEVREY 2\nCOUCHEY 2\nSAULON-LA-CHAPELLE 2\nCORGOLOIN 2\nCORCELLES-LES-CITEAUX 1\nGILLY-LES-CITEAUX 1\nFIXIN 1\nSAULON-LA-RUE 1\nBROCHON 1\nBARGES 1\nMOREY-SAINT-DENIS 1\nCOMBLANCHIEN 1\nSAINT-PHILIBERT 1\nARGILLY 1\nARCENANT 1\nQUINCEY 1\nFLAGEY-ECHEZEAUX 1\nCHAUX 1\nSAINT-BERNARD 1\nGERLAND 1\nAGENCOURT 1\nMEUILLEY 1\nVILLEBICHOT 1\nVILLERS-LA-FAYE 1\nSAINT-NICOLAS-LES-CITEAUX 1\nCHAMBOEUF 1\nSAVOUGES 1\nSous-pr\u00e9fecture de Beaune - 10 rue Edouard Fraisse - 21200 BEAUNE\nT\u00e9l : 03 80 24 32 40- m\u00e8l : sp-beaune@cote-dor.pref.gouv.fr  \u2013 \nsite internet : http://www.cote-dor.gouv.fr\nSous-pr\u00e9fecture de Beaune - 21-2025-10-28-00003 - Arr\u00eat\u00e9 portant recomposition de l'organe d\u00e9lib\u00e9rant de la Communaut\u00e9 de\nCommunes de Gevrey-Chambertin et de Nuits-Saint-Georges 92\nNom de la commune R\u00e9partition de droit commun (au \ntitre des II \u00e0 V du L. 5211-6-1)\nPREMEAUX-PRISSEY 1\nVOSNE-ROMANEE 1\nVILLY-LE-MOUTIER 1\nVALFORET 1\nBONCOURT-LE-BOIS 1\nCHAMBOLLE-MUSIGNY 1\nMESSANGES 1\nMAGNY-LES-VILLERS 1\nL'ETANG-VERGY 1\nBROINDON 1\nCHEVANNES 1\nREULLE-VERGY 1\nEPERNAY-SOUS-GEVREY 1\nCURTIL-VERGY 1\nVOUGEOT 1\nURCY 1\nDETAIN-ET-BRUANT 1\nCURLEY 1\nBEVY 1\nFUSSEY 1\nVILLARS-FONTAINE 1\nCOLLONGES-LES-BEVY 1\nSEMEZANGES 1\nMAREY-LES-FUSSEY 1\nTERNANT 1\nSEGROIS 1\nArticle 2 : la r\u00e9partition d\u00e9finie \u00e0 l'article 1 er du pr\u00e9sent arr\u00eat\u00e9 s'appliquera \u00e0 compter du \nrenouvellement g\u00e9n\u00e9ral des conseils municipaux de mars 2026.\nArticle 3 : en application des dispositions des articles R421-1, R421-5 et R312-1 du code de \njustice administrative,  le  pr\u00e9sent  arr\u00eat\u00e9  peut  faire  l'objet  d'un  recours  \ncontentieux dans un d\u00e9lai de deux mois \u00e0 compter de sa publication aupr\u00e8s du \nTribunal Administratif de Dijon via l'application telerecours.fr.\nSous-pr\u00e9fecture de Beaune - 10 rue Edouard Fraisse - 21200 BEAUNE\nT\u00e9l : 03 80 24 32 40- m\u00e8l : sp-beaune@cote-dor.pref.gouv.fr  \u2013 \nsite internet : http://www.cote-dor.gouv.fr\nSous-pr\u00e9fecture de Beaune - 21-2025-10-28-00003 - Arr\u00eat\u00e9 portant recomposition de l'organe d\u00e9lib\u00e9rant de la Communaut\u00e9 de\nCommunes de Gevrey-Chambertin et de Nuits-Saint-Georges 93\nArticle 4 : M.  le  sous-pr\u00e9fet  de  l'arrondissement  de  Beaune,  M.  le  pr\u00e9sident  de  la  \ncommunaut\u00e9 de communes  de Gevrey-Chambertin et de Nuits-Saint-Georges ,  \nMmes et MM. les maires d' Agencourt, Arcenant, Argilly, Barges, B \u00e9vy, Boncourt-\nle-Bois, Brochon, Broindon, Chamb\u0153uf, Chambolle-Musigny, Chaux, Chevannes, \nCollonges-l\u00e8s-B\u00e9vy,  Comblanchien,  Corcelles-l\u00e8s-C\u00eeteaux,  Corgoloin,  Couchey,  \nCurley,  Curtil-Vergy,  D\u00e9tain-et-Bruant,  \u00c9pernay-sous-Gevrey,  Fixin,  Flagey-\nEch\u00e9zeaux, Fussey, Gerland, Gevrey-Chambertin, Gilly-l\u00e8s-C\u00eeteaux, L'\u00c9tang-Vergy, \nMagny-l\u00e8s-Villers,  Marey-l\u00e8s-Fussey,  Messanges,  Meuilley,  Morey-Saint-Denis,  \nNoiron-sous-Gevrey, Nuits-Saint-Georges, Premeaux-Prissey, Quincey, Reulle-Vergy, \nSaint-Bernard,  Saint-Nicolas-l\u00e8s-C\u00eeteaux,  Saint-Philibert,  Saulon-la-Chapelle,  \nSaulon-la-Rue,  Savouges,  Segrois,  Semezanges,  Ternant,  Urcy,  Valfor\u00eat,  Villars-\nFontaine, Villebichot, Villers-la-Faye, Villy-le-Moutier, Vosne-Roman\u00e9e et Vougeot \nsont charg\u00e9s, chacun en ce qui le concerne de l'ex\u00e9cution du pr\u00e9sent arr\u00eat\u00e9 qui \nsera publi\u00e9 au recueil des actes de la pr\u00e9fecture et dont copie sera adress\u00e9e, pour \ninformation \u00e0 :\n\u2022 Mme la directrice r\u00e9gionale des finances publiques de la Bourgogne-Franche-\nComt\u00e9 et de la C\u00f4te-d'Or ;\n\u2022 M. le pr\u00e9sident de la chambre r\u00e9gionale des comptes de Bourgogne-Franche-\nComt\u00e9 ;\n\u2022 M. le directeur des archives d\u00e9partementales de la C\u00f4te-d'Or.\nFait \u00e0 Beaune, le 28 octobre 2025\nPour le pr\u00e9fet et par d\u00e9l\u00e9gation,\nLe sous-pr\u00e9fet,\nsign\u00e9\nBeno\u00eet BYRSKI\nSous-pr\u00e9fecture de Beaune - 10 rue Edouard Fraisse - 21200 BEAUNE\nT\u00e9l : 03 80 24 32 40- m\u00e8l : sp-beaune@cote-dor.pref.gouv.fr  \u2013 \nsite internet : http://www.cote-dor.gouv.fr\nSous-pr\u00e9fecture de Beaune - 21-2025-10-28-00003 - Arr\u00eat\u00e9 portant recomposition de l'organe d\u00e9lib\u00e9rant de la Communaut\u00e9 de\nCommunes de Gevrey-Chambertin et de Nuits-Saint-Georges 94\nSous-pr\u00e9fecture de Beaune\n21-2025-10-28-00005\nArr\u00eat\u00e9 portant recomposition de l'organe\nd\u00e9lib\u00e9rant de la Communaut\u00e9 de Communes de\nPouilly-en-Auxois / Bligny-sur-Ouche\nSous-pr\u00e9fecture de Beaune - 21-2025-10-28-00005 - Arr\u00eat\u00e9 portant recomposition de l'organe d\u00e9lib\u00e9rant de la Communaut\u00e9 de\nCommunes de Pouilly-en-Auxois / Bligny-sur-Ouche 95\nPREFETDELACOTE-D'ORLibert\u00e9Egalit\u00e9Fraternit\u00e9\nSous-pr\u00e9fecture de Beaune\nAffaire suivie par : La\u00efla BENJDIR\nT\u00e9l : 03.45.43.80.07\nm\u00e9l : la\u00efla.benjdir@cote-dor.gouv.fr\nArr\u00eat\u00e9\nportant recomposition de l'organe d\u00e9lib\u00e9rant de la \nCommunaut\u00e9 de Communes de Pouilly-en-Auxois / Bligny-sur-Ouche\nLe sous-pr\u00e9fet de l'arrondissement de Beaune\nVU le code g\u00e9n\u00e9ral des collectivit\u00e9s territoriales, et notamment l'article L.5211-6-1 I \u00e0 VI ;\nVU la loi n\u00b0 2002-276 du 27 f\u00e9vrier 2002 relative \u00e0 la d\u00e9mocratie de proximit\u00e9  et notamment \nson article 156 ;\nVU le d\u00e9cret n\u00b0 2025-848 du 27 ao\u00fbt 2025 fixant la date du renouvellement des conseillers  \nmunicipaux et communautaires, des conseillers m\u00e9tropolitains de Lyon, des conseillers de  \nParis et des conseillers d'arrondissement de Paris, Lyon et Marseille et portant convocation  \ndes \u00e9lecteurs ;\nVU le d\u00e9cret n\u00b02024-1276 du 31 d\u00e9cembre 2024 authentifiant les chiffres des populations de  \nm\u00e9tropole, des d\u00e9partements d'outre-mer de la Guadeloupe , de la Guyane, de la Martinique  \net de La R\u00e9union, et des collectivit\u00e9s de Saint-Barth\u00e9l\u00e9my, de Saint-Marin et de Saint-Pierre-et-\nMiquelon ;\nVU l'arr\u00eat\u00e9 pr\u00e9fectoral n\u00b0 815 / SG du 13 juin 2025 donnant d\u00e9l\u00e9gation de signature \u00e0 Monsieur \nBeno\u00eet BYRSKI, Sous-pr\u00e9fet de Beaune ; \nVU l'arr\u00eat\u00e9 pr\u00e9fectoral du 15 d\u00e9cembre 2016 portant cr\u00e9ation d'un nouvel \u00e9tablissement  \npublic de coop\u00e9ration intercommunale issu de la fusion des communaut\u00e9s de communes de  \nl'Auxois-Sud,  du  canton  de  Bligny  sur  Ouche,  d\u00e9nomm\u00e9  communaut\u00e9  de  communes  de \nPouilly-en-Auxois / Bligny sur Ouche et ses modificatifs des 20 d\u00e9cembre 2018 et  22 juin 2021 ;\nCONSID\u00c9RANT l'absence de proposition d'accord local dans les d\u00e9lais pr\u00e9vus par la loi ;\nARR\u00caTE\nArticle 1er : le conseil communautaire de la communaut\u00e9 de communes de Pouilly-sur-\nAuxois / Bligny-sur-Ouche est compos\u00e9 en vertu des dispositions de droit \ncommun et conform\u00e9ment \u00e0 la r\u00e9partition des si\u00e8ges par commune ci-dessous : \nSous-pr\u00e9fecture de Beaune - 10 rue Edouard Fraisse - 21200 BEAUNE\nT\u00e9l : 03 80 24 32 40- m\u00e8l : sp-beaune@cote-dor.pref.gouv.fr  \u2013 \nsite internet : http://www.cote-dor.gouv.fr\nSous-pr\u00e9fecture de Beaune - 21-2025-10-28-00005 - Arr\u00eat\u00e9 portant recomposition de l'organe d\u00e9lib\u00e9rant de la Communaut\u00e9 de\nCommunes de Pouilly-en-Auxois / Bligny-sur-Ouche 96\nNom de la commune R\u00e9partition de droit commun (au \ntitre des II \u00e0 V du L. 5211-6-1)\nPOUILLY-EN-AUXOIS 10\nBLIGNY-SUR-OUCHE 5\nCREANCEY 3\nESSEY 1\nVANDENESSE-EN-AUXOIS 1\nCHAILLY-SUR-ARMANCON 1\nMONT-SAINT-JEAN 1\nMEILLY-SUR-ROUVRES 1\nBELLENOT-SOUS-POUILLY 1\nARCONCEY 1\nTHOISY-LE-DESERT 1\nVEUVEY-SUR-OUCHE 1\nMARCILLY-OGNY 1\nLA BUSSIERE-SUR-OUCHE 1\nMONTCEAU-ET-ECHARNANT 1\nSAINTE-SABINE 1\nPAINBLANC 1\nCRUGEY 1\nCHATELLENOT 1\nCHAZILLY 1\nTHOREY-SUR-OUCHE 1\nMACONGE 1\nSEMAREY 1\nCIVRY-EN-MONTAGNE 1\nCOMMARIN 1\nBEUREY-BAUGUAY 1\nBESSEY-EN-CHAUME 1\nLUSIGNY-SUR-OUCHE 1\nVIC-DES-PRES 1\nAUBAINE 1\nROUVRES-SOUS-MEILLY 1\nAUXANT 1\nCHATEAUNEUF 1\nECUTIGNY 1\nSAUSSEY 1\nEGUILLY 1\nCOLOMBIER 1\nANTHEUIL 1\nMARTROIS 1\nTHOMIREY 1\nVEILLY 1\nBLANCEY 1\nBESSEY-LA-COUR 1\nBOUHEY 1\nCHAUDENAY-LE-CHATEAU 1\nSous-pr\u00e9fecture de Beaune - 10 rue Edouard Fraisse - 21200 BEAUNE\nT\u00e9l : 03 80 24 32 40- m\u00e8l : sp-beaune@cote-dor.pref.gouv.fr  \u2013 \nsite internet : http://www.cote-dor.gouv.fr\nSous-pr\u00e9fecture de Beaune - 21-2025-10-28-00005 - Arr\u00eat\u00e9 portant recomposition de l'organe d\u00e9lib\u00e9rant de la Communaut\u00e9 de\nCommunes de Pouilly-en-Auxois / Bligny-sur-Ouche 97\nNom de la commune R\u00e9partition de droit commun (au \ntitre des II \u00e0 V du L. 5211-6-1)\nCUSSY-LE-COLONNE 1\nCHAUDENAY-LA-VILLE 1\nArticle 2 : la r\u00e9partition d\u00e9finie \u00e0 l'article 1 er du pr\u00e9sent arr\u00eat\u00e9 s'appliquera \u00e0 compter du \nrenouvellement g\u00e9n\u00e9ral des conseils municipaux de mars 2026.\nArticle 3 : en application des dispositions des articles R421-1, R421-5 et R312-1 du code de \njustice administrative,  le  pr\u00e9sent  arr\u00eat\u00e9  peut  faire  l'objet  d'un  recours  \ncontentieux dans un d\u00e9lai de deux mois \u00e0 compter de sa publication aupr\u00e8s du \nTribunal Administratif de Dijon via l'application telerecours.fr.\nArticle 4 :     M.  le  Sous-pr\u00e9fet  de  l'arrondissement  de  Beaune,  M.  le  pr\u00e9sident  de  la  \ncommunaut\u00e9 de communes de Pouilly-en-Auxois / Bligny sur Ouche, Mmes et  \nMM.  les  maires  d'Antheuil,  Arconcey,  Aubaine,  Auxant,  Bellenot-sous-Pouilly,  \nBessey-en-Chaume, Bessey-la-Cour, Beurey-Bauguay, Blancey, Bligny-sur-Ouche,  \nBouhey,  Chailly-sur-Arman\u00e7on,  Ch\u00e2teauneuf,  Ch\u00e2tellenot,  Chaudenay-la-Ville,  \nChaudenay-le-Ch\u00e2teau,  Chazilly,  Civry-en-Montagne,  Colombier,  Commarin,  \nCr\u00e9ancey, Crugey, Cussy-la-Colonne, \u00c9cutigny, \u00c9guilly, Essey,  La  Bussi\u00e8re-sur-  \nOuche, Lusigny-sur-Ouche, Maconge, Marcilly-Ogny, Martrois, Meilly-sur-Rouvres, \nMont-Saint-Jean,  Montceau-et-\u00c9charnant,  Painblanc,  Pouilly-en-Auxois,  Rouvres-\nsous-Meilly, Sainte-Sabine, Saussey, Semarey, Thoisy-le-D\u00e9sert, Thomirey, Thorey-\nsur-Ouche, Vandenesse-en-Auxois, Veilly, Veuvey-sur-Ouche, Vic-des-Pr\u00e9s,  sont  \ncharg\u00e9s, chacun en ce qui le concerne de l'ex\u00e9cution du pr\u00e9sent arr\u00eat\u00e9 qui sera \npubli\u00e9 au recueil des actes de la pr\u00e9fecture et dont copie sera adress\u00e9e, pour  \ninformation \u00e0 :\n\u2022 Mme la directrice r\u00e9gionale des finances publiques de la Bourgogne-Franche-\nComt\u00e9 et de la C\u00f4te-d'Or ;\n\u2022 M. le pr\u00e9 sident de la chambre r\u00e9gionale des comptes de Bourgogne-Franche-\nComt\u00e9 ;\n\u2022 M. le directeur des archives d\u00e9partementales de la C\u00f4te-d'Or.\nFait \u00e0 Beaune, le 28 octobre 2025\nPour le pr\u00e9fet et par d\u00e9l\u00e9gation,\nLe sous-pr\u00e9fet,\n sign\u00e9\nBeno\u00eet BYRSKI\nSous-pr\u00e9fecture de Beaune - 10 rue Edouard Fraisse - 21200 BEAUNE\nT\u00e9l : 03 80 24 32 40- m\u00e8l : sp-beaune@cote-dor.pref.gouv.fr  \u2013 \nsite internet : http://www.cote-dor.gouv.fr\nSous-pr\u00e9fecture de Beaune - 21-2025-10-28-00005 - Arr\u00eat\u00e9 portant recomposition de l'organe d\u00e9lib\u00e9rant de la Communaut\u00e9 de\nCommunes de Pouilly-en-Auxois / Bligny-sur-Ouche 98\nSous-pr\u00e9fecture de Beaune\n21-2025-10-28-00004\nArr\u00eat\u00e9 portant recomposition de l'organe\nd\u00e9lib\u00e9rant de la Communaut\u00e9 de Communes du\npays Arnay-Liernais\nSous-pr\u00e9fecture de Beaune - 21-2025-10-28-00004 - Arr\u00eat\u00e9 portant recomposition de l'organe d\u00e9lib\u00e9rant de la Communaut\u00e9 de\nCommunes du pays Arnay-Liernais 99\nPREFETDELACOTE-D'ORLibert\u00e9Egalit\u00e9Fraternit\u00e9\nSous-pr\u00e9fecture de Beaune\nAffaire suivie par : La\u00efla BENJDIR\nT\u00e9l : 03.45.43.80.07\nm\u00e9l : la\u00efla.benjdir@cote-dor.gouv.fr\nArr\u00eat\u00e9\nportant recomposition de l'organe d\u00e9lib\u00e9rant de la \nCommunaut\u00e9 de Communes du pays Arnay-Liernais\nLe sous-pr\u00e9fet de l'arrondissement de Beaune\nVU le code g\u00e9n\u00e9ral des collectivit\u00e9s territoriales, et notamment l'article L.5211-6-1 I \u00e0 VI ;\nVU la loi n\u00b0 2002-276 du 27 f\u00e9vrier 2002 relative \u00e0 la d\u00e9mocratie de proximit\u00e9  et notamment \nson article 156 ;\nVU le d\u00e9cret n\u00b0 2025-848 du 27 ao\u00fbt 2025 fixant la date du renouvellement des conseillers  \nmunicipaux et communautaires, des conseillers m\u00e9tropolitains de Lyon, des conseillers de  \nParis et des conseillers d'arrondissement de Paris, Lyon et Marseille et portant convocation  \ndes \u00e9lecteurs ;\nVU le d\u00e9cret n\u00b02024-1276 du 31 d\u00e9cembre 2024 authentifiant les chiffres des populations de  \nm\u00e9tropole, des d\u00e9partements d'outre-mer de la Guadeloupe , de la Guyane, de la Martinique  \net de La R\u00e9union, et des collectivit\u00e9s de Saint-Barth\u00e9l\u00e9my, de Saint-Marin et de Saint-Pierre-et-\nMiquelon ;\nVU l'arr\u00eat\u00e9 pr\u00e9fectoral n\u00b0 815 / SG du 13 juin 2025 donnant d\u00e9l\u00e9gation de signature \u00e0 Monsieur \nBeno\u00eet BYRSKI, Sous-pr\u00e9fet de Beaune ; \nVU l'arr\u00eat\u00e9  pr\u00e9fectoral  du  15  d\u00e9cembre  2016  portant  cr\u00e9ation  de  la  communaut\u00e9  de \ncommunes du pays Arnay-Liernais et son modificatif du 16 d\u00e9cembre 2016, les d\u00e9lib\u00e9rations  \ndu 14 juin 2017 , 18 septembre 2018 et 9 mars 2021 ;\nCONSID\u00c9RANT l'absence de proposition d'accord local dans les d\u00e9lais pr\u00e9vus par la loi ;\nSous-pr\u00e9fecture de Beaune - 10 rue Edouard Fraisse - 21200 BEAUNE\nT\u00e9l : 03 80 24 32 40- m\u00e8l : sp-beaune@cote-dor.pref.gouv.fr  \u2013 \nsite internet : http://www.cote-dor.gouv.fr\nSous-pr\u00e9fecture de Beaune - 21-2025-10-28-00004 - Arr\u00eat\u00e9 portant recomposition de l'organe d\u00e9lib\u00e9rant de la Communaut\u00e9 de\nCommunes du pays Arnay-Liernais 100\nARR\u00caTE\nArticle 1er : le conseil communautaire de la communaut\u00e9 de communes du pays Arnay-\nLiernais est compos\u00e9 en vertu des dispositions de droit commun et \nconform\u00e9ment \u00e0 la r\u00e9partition des si\u00e8ges par commune ci-dessous :  \nNom de la commune R\u00e9partition de droit commun (au \ntitre des II \u00e0 V du L. 5211-6-1)\nARNAY-LE-DUC 8\nLIERNAIS 3\nLACANCHE 3\nVIEVY 2\nMIMEURE 2\nMAGNIEN 2\nSAINT-MARTIN-DE-LA-MER 1\nSUSSEY 1\nSAINT-PRIX-LES-ARNAY 1\nMANLAY 1\nVOUDENAY 1\nJOUEY 1\nCENSEREY 1\nMALIGNY 1\nALLEREY 1\nFOISSY 1\nMARCHESEUIL 1\nBRAZEY-EN-MORVAN 1\nSAINT-PIERRE-EN-VAUX 1\nCLOMOT 1\nBLANOT 1\nCUSSY-LE-CHATEL 1\nCULETRE 1\nDIANCEY 1\nMUSIGNY 1\nANTIGNY-LA-VILLE 1\nMENESSAIRE 1\nSAVILLY 1\nCHAMPIGNOLLES 1\nBARD-LE-REGULIER 1\nLONGECOURT-LES-CULETRE 1\nVILLIERS-EN-MORVAN 1\nLE FETE 1\nVIANGES 1\nSous-pr\u00e9fecture de Beaune - 10 rue Edouard Fraisse - 21200 BEAUNE\nT\u00e9l : 03 80 24 32 40- m\u00e8l : sp-beaune@cote-dor.pref.gouv.fr  \u2013 \nsite internet : http://www.cote-dor.gouv.fr\nSous-pr\u00e9fecture de Beaune - 21-2025-10-28-00004 - Arr\u00eat\u00e9 portant recomposition de l'organe d\u00e9lib\u00e9rant de la Communaut\u00e9 de\nCommunes du pays Arnay-Liernais 101\nArticle 2 : la r\u00e9partition d\u00e9finie \u00e0 l'article 1 er du pr\u00e9sent arr\u00eat\u00e9 s'appliquera \u00e0 compter du \nrenouvellement g\u00e9n\u00e9ral des conseils municipaux de mars 2026.\nArticle 3 : en application des dispositions des articles R421-1, R421-5 et R312-1 du code de \njustice administrative,  le  pr\u00e9sent  arr\u00eat\u00e9  peut  faire  l'objet  d'un  recours  \ncontentieux dans un d\u00e9lai de deux mois \u00e0 compter de sa publication aupr\u00e8s du \nTribunal Administratif de Dijon via l'application telerecours.fr.\nArticle 4 : M.  le  Sous-pr\u00e9fet  de  l'arrondissement  de  Beaune,  M.  le  pr\u00e9sident  de  la  \ncommunaut\u00e9 de  communes  du  pays  Arnay-Liernais,  Mmes  et  MM.  les  maires \nd'Allerey,  Antigny-la-Ville,  Arnay-le-Duc,  Bard-le-R\u00e9gulier,  Blanot,  Brazey-en-\nMorvan, Censerey, Champignolles, Clomot, Cul\u00e8tre, Cussy-le-Ch\u00e2tel,  Diancey,  \nFoissy,  Jouey,  Lacanche,  Le  F\u00eate,  Liernais,  Longecourt-l\u00e8s-Cul\u00eatre,  Magnien,  \nMaligny, Manlay, Marcheseuil, M\u00e9nessaire, Mimeure, Musigny, Saint-Martin-de-la-\nMer, Saint-Pierre-en-Vaux, Saint-Prix-l\u00e8s-Arnay, Savilly, Sussey, Vianges,  Vi\u00e9vy,  \nVilliers-en-Morvan et Voudenay  sont charg\u00e9s, chacun en ce qui le concerne de \nl'ex\u00e9cution  du  pr\u00e9sent  arr\u00eat\u00e9  qui  sera  publi\u00e9  au  recueil  des  actes  de  la  \npr\u00e9fecture et dont copie sera adress\u00e9e, pour information \u00e0 :\n\u2022 Mme la directrice r\u00e9gionale des finances publiques de la Bourgogne-Franche-\nComt\u00e9 et de la C\u00f4te-d'Or ;\n\u2022 M. le pr\u00e9sident de la chambre r\u00e9gionale des comptes de Bourgogne-Franche-\nComt\u00e9 ;\n\u2022 M. le directeur des archives d\u00e9partementales de la C\u00f4te-d'Or.\nFait \u00e0 Beaune, le 28 octobre 2025\nPour le pr\u00e9fet et par d\u00e9l\u00e9gation,\nLe sous-pr\u00e9fet,\nsign\u00e9\nBeno\u00eet BYRSKI\nSous-pr\u00e9fecture de Beaune - 10 rue Edouard Fraisse - 21200 BEAUNE\nT\u00e9l : 03 80 24 32 40- m\u00e8l : sp-beaune@cote-dor.pref.gouv.fr  \u2013 \nsite internet : http://www.cote-dor.gouv.fr\nSous-pr\u00e9fecture de Beaune - 21-2025-10-28-00004 - Arr\u00eat\u00e9 portant recomposition de l'organe d\u00e9lib\u00e9rant de la Communaut\u00e9 de\nCommunes du pays Arnay-Liernais 102\nSous-pr\u00e9fecture de Beaune\n21-2025-10-28-00006\nArr\u00eat\u00e9 portant recomposition de l'organe\nd\u00e9lib\u00e9rant de la Communaut\u00e9 de Communes\nRives de Sa\u00f4ne\nSous-pr\u00e9fecture de Beaune - 21-2025-10-28-00006 - Arr\u00eat\u00e9 portant recomposition de l'organe d\u00e9lib\u00e9rant de la Communaut\u00e9 de\nCommunes Rives de Sa\u00f4ne 103\nPREFETDELACOTE-D'ORLibert\u00e9Egalit\u00e9Fraternit\u00e9\nSous-pr\u00e9fecture de Beaune\nAffaire suivie par : La\u00efla BENJDIR\nT\u00e9l : 03.45.43.80.07\nm\u00e9l : la\u00efla.benjdir@cote-dor.gouv.fr\nArr\u00eat\u00e9\nportant recomposition de l'organe d\u00e9lib\u00e9rant de la \nCommunaut\u00e9 de Communes Rives de Sa\u00f4ne\nLe sous-pr\u00e9fet de l'arrondissement de Beaune\nVU le code g\u00e9n\u00e9ral des collectivit\u00e9s territoriales, et notamment l'article L.5211-6-1 I \u00e0 VI ;\nVU la loi n\u00b0 2002-276 du 27 f\u00e9vrier 2002 relative \u00e0 la d\u00e9mocratie de proximit\u00e9  et notamment \nson article 156 ;\nVU le d\u00e9cret n\u00b0 2025-848 du 27 ao\u00fbt 2025 fixant la date du renouvellement des conseillers  \nmunicipaux et communautaires, des conseillers m\u00e9tropolitains de Lyon, des conseillers de  \nParis et des conseillers d'arrondissement de Paris, Lyon et Marseille et portant convocation  \ndes \u00e9lecteurs ;\nVU le d\u00e9cret n\u00b02024-1276 du 31 d\u00e9cembre 2024 authentifiant les chiffres des populations de  \nm\u00e9tropole, des d\u00e9partements d'outre-mer de la Guadeloupe , de la Guyane, de la Martinique  \net de La R\u00e9union, et des collectivit\u00e9s de Saint-Barth\u00e9l\u00e9my, de Saint-Marin et de Saint-Pierre-et-\nMiquelon ;\nVU l'arr\u00eat\u00e9 pr\u00e9fectoral n\u00b0 815 / SG du 13 juin 2025 donnant d\u00e9l\u00e9gation de signature \u00e0 Monsieur \nBeno\u00eet BYRSKI, Sous-pr\u00e9fet de Beaune ; \nVU l'arr\u00eat\u00e9 pr\u00e9fectoral du 23 d\u00e9cembre 2004 autorisant la constitution de la communaut\u00e9 de  \ncommunes Val de Sa\u00f4ne \u2013 Saint-Jean-de -Losne \u2013 Seurre et ses modificatifs des 29 d\u00e9cembre  \n2006, 04 juillet 2007 , 20 janvier 2012, 04 septembre 2012, 27 mai 2013, 18 d\u00e9cembre 2013, 07 \navril 2016, 27 d\u00e9cembre 2016, 29 d\u00e9cembre 2017 , 21 d\u00e9cembre 2018 et 22 juin 2021 ;\nCONSID\u00c9RANT l'absence de proposition d'accord local dans les d\u00e9lais pr\u00e9vus par la loi ;\nARR\u00caTE\nSous-pr\u00e9fecture de Beaune - 10 rue Edouard Fraisse - 21200 BEAUNE\nT\u00e9l : 03 80 24 32 40- m\u00e8l : sp-beaune@cote-dor.pref.gouv.fr  \u2013 \nsite internet : http://www.cote-dor.gouv.fr\nSous-pr\u00e9fecture de Beaune - 21-2025-10-28-00006 - Arr\u00eat\u00e9 portant recomposition de l'organe d\u00e9lib\u00e9rant de la Communaut\u00e9 de\nCommunes Rives de Sa\u00f4ne 104\nArticle 1er : le conseil communautaire de la communaut\u00e9 de communes Rives de Sa\u00f4ne est \ncompos\u00e9 en vertu des dispositions de droit commun et conform\u00e9ment \u00e0 la \nr\u00e9partition des si\u00e8ges par commune ci-dessous ; \nNom de la commune R\u00e9partition de droit commun (au \ntitre des II \u00e0 V du L. 5211-6-1)\nBRAZEY-EN-PLAINE 7\nSEURRE 6\nLOSNE 4\nSAINT-USAGE 3\nLABERGEMENT-LES-SEURRE 2\nSAINT-JEAN-DE-LOSNE 2\nECHENON 2\nESBARRES 1\nPOUILLY-SUR-SAONE 1\nTROUHANS 1\nAUBIGNY-EN-PLAINE 1\nFRANXAULT 1\nPAGNY-LE-CHATEAU 1\nCHAMBLANC 1\nBONNENCONTRE 1\nLAPERRIERE-SUR-SAONE 1\nPAGNY-LA-VILLE 1\nBROIN 1\nSAINT-SEINE-EN-BACHE 1\nAUVILLARS-SUR-SAONE 1\nCHARREY-SUR-SAONE 1\nSAINT-SYMPHORIEN-SUR-SAONE 1\nJALLANGES 1\nCHIVRES 1\nGLANON 1\nLANTHES 1\nLECHATELET 1\nLABRUYERE 1\nMAGNY-LES-AUBIGNY 1\nTICHEY 1\nMONTOT 1\nBAGNOT 1\nMONTMAIN 1\nSAMEREY 1\nTRUGNY 1\nMONTAGNY-LES-SEURRE 1\nGROSBOIS-LES-TICHEY 1\nBOUSSELANGE 1\nSous-pr\u00e9fecture de Beaune - 10 rue Edouard Fraisse - 21200 BEAUNE\nT\u00e9l : 03 80 24 32 40- m\u00e8l : sp-beaune@cote-dor.pref.gouv.fr  \u2013 \nsite internet : http://www.cote-dor.gouv.fr\nSous-pr\u00e9fecture de Beaune - 21-2025-10-28-00006 - Arr\u00eat\u00e9 portant recomposition de l'organe d\u00e9lib\u00e9rant de la Communaut\u00e9 de\nCommunes Rives de Sa\u00f4ne 105\nArticle 2 : la r\u00e9partition d\u00e9finie \u00e0 l'article 1 er du pr\u00e9sent arr\u00eat\u00e9 s'appliquera \u00e0 compter du \nrenouvellement g\u00e9n\u00e9ral des conseils municipaux de mars 2026.\nArticle 3 : en application des dispositions des articles R421-1, R421-5 et R312-1 du code de \njustice administrative,  le  pr\u00e9sent  arr\u00eat\u00e9  peut  faire  l'objet  d'un  recours  \ncontentieux dans un d\u00e9lai de deux mois \u00e0 compter de sa publication aupr\u00e8s du \nTribunal Administratif de Dijon via l'application telerecours.fr.\nArticle 4 : M. le secr\u00e9taire g\u00e9n\u00e9ral de la pr\u00e9fecture de la C\u00f4te-d'Or, M. le pr\u00e9sident de la  \ncommunaut\u00e9 de communes Rives de Sa\u00f4ne, Mmes et MM. les maires d' Aubigny-\nen-Plaine,  Auvillars-sur-Sa\u00f4ne,  Bagnot,  Bonnencontre,  Bousselange,  Brazey-en-\nPlaine,  Broin,  Chamblanc,  Charrey-sur-Sa\u00f4ne,  Chivres,  \u00c9chenon,  Esbarres,  \nFranxault,  Glanon,  Grosbois-l\u00e8s-Tichey,  Jallanges,  Labergement-l\u00e8s-Seurre,  \nLabruy\u00e8re,  Lanthes,  Laperri\u00e8re-sur-Sa\u00f4ne,  Lech\u00e2telet,  Losne,  Magny-l\u00e8s-\nAubigny,  Montagny-l\u00e8s-Seurre,  Montmain,  Montot,  Pagny-la-Ville,  Pagny-le-\nCh\u00e2teau,  Pouilly-sur-Sa\u00f4ne,  Saint-Jean-de-Losne,  Saint-Seine-en-B\u00e2che,  Saint-\nSymphorien-sur-Sa\u00f4ne, Saint-Usage, Samerey, Seurre, Tichey, Trouhans et Trugny \nsont charg\u00e9s, chacun en ce qui le concerne de l'ex\u00e9cution du pr\u00e9sent arr\u00eat\u00e9 qui \nsera publi\u00e9 au recueil des actes administratifs de la pr\u00e9fecture et dont copie  \nsera adress\u00e9e, pour information \u00e0 :\n\u2022 Mme la directrice r\u00e9gionale des finances publiques de la Bourgogne-Franche-\nComt\u00e9 et de la C\u00f4te-d'Or ;\n\u2022 M. le pr\u00e9sident de la chambre r\u00e9gionale des comptes de Bourgogne-Franche-\nComt\u00e9 ;\n\u2022 M. le directeur des archives d\u00e9partementales de la C\u00f4te-d'Or.\nFait \u00e0 Beaune, le 28 octobre 2025\nPour le pr\u00e9fet et par d\u00e9l\u00e9gation,\nLe sous-pr\u00e9fet,\nsign\u00e9\nBeno\u00eet BYRSKI\nSous-pr\u00e9fecture de Beaune - 10 rue Edouard Fraisse - 21200 BEAUNE\nT\u00e9l : 03 80 24 32 40- m\u00e8l : sp-beaune@cote-dor.pref.gouv.fr  \u2013 \nsite internet : http://www.cote-dor.gouv.fr\nSous-pr\u00e9fecture de Beaune - 21-2025-10-28-00006 - Arr\u00eat\u00e9 portant recomposition de l'organe d\u00e9lib\u00e9rant de la Communaut\u00e9 de\nCommunes Rives de Sa\u00f4ne 106\nSous-pr\u00e9fecture de Montbard\n21-2025-10-23-00006\nArr\u00eat\u00e9 portant recomposition de l'organe\nd\u00e9lib\u00e9rant de la Communaut\u00e9 de Communes\ndes Terres d'Auxois\nSous-pr\u00e9fecture de Montbard - 21-2025-10-23-00006 - Arr\u00eat\u00e9 portant recomposition de l'organe d\u00e9lib\u00e9rant de la Communaut\u00e9 de\nCommunes des Terres d'Auxois 107\nExPREFETDE LACOTE-D'ORLibert\u00e9Egalit\u00e9Fraternit\u00e9\nSous-pr\u00e9fecture de Montbard\nAffaire suivie par : Marguerite MOINDROT\nT\u00e9l : 03.45.43.80.54\nm\u00e9l : marguerite.moindrot@cote-dor.gouv.fr\nArr\u00eat\u00e9\nportant recomposition de l'organe d\u00e9lib\u00e9rant de la \nCommunaut\u00e9 de Communes des Terres d'Auxois\nLe sous-pr\u00e9fet de l'arrondissement de Montbard\nVU le code g\u00e9n\u00e9ral des collectivit\u00e9s territoriales, et notamment l'article L.5211-6-1 ;\nVU la loi n\u00b0 2002-276 du 27 f\u00e9vrier 2002 relative \u00e0 la d\u00e9mocratie de proximit\u00e9  et notamment \nson article 156 ;\nVU le d\u00e9cret n\u00b0 2025-848 du 27 ao\u00fbt 2025 fixant la date du renouvellement des conseillers  \nmunicipaux et communautaires, des conseillers m\u00e9tropolitains de Lyon, des conseillers de  \nParis et des conseillers d'arrondissement de Paris, Lyon et Marseille et portant convocation  \ndes \u00e9lecteurs ;\nVU le d\u00e9cret n\u00b02024-1276 du 31 d\u00e9cembre 2024 authentifiant les chiffres des populations de  \nm\u00e9tropole, des d\u00e9partements d'outre-mer de la Guadeloupe , de la Guyane, de la Martinique  \net de La R\u00e9union, et des collectivit\u00e9s de Saint-Barth\u00e9l\u00e9my, de Saint-Marin et de Saint-Pierre-et-\nMiquelon ;\nVU  l'arr\u00eat\u00e9  pr\u00e9fectoral  n\u00b0817  /  SG  du  13  juin  2025  donnant  d\u00e9l\u00e9gation  de  signature  \u00e0 \nM. S\u00e9bastien LANOYE, sous-pr\u00e9fet de Montbard ; \nVU l'arr\u00eat\u00e9  pr\u00e9fectoral  du  14  d\u00e9cembre  2016  portant  cr\u00e9ation  de  la  communaut\u00e9  de \ncommunes des Terres d'Auxois et ses modificatifs des 14 mars 2018, 04 juillet 2018, 04 octobre \n2018 et 30 juin 2021 ;\nCONSID\u00c9RANT l'absence de proposition d'accord local dans les d\u00e9lais pr\u00e9vus par la loi ;\nARR\u00caTE\nSous-pr\u00e9fecture de Montbard - 25 rue Champfleury - CS 60- 21502 Montbard Cedex \nT\u00e9l : 03 45 43 80 50 - m\u00e8l : sp-montbard@cote-dor.gouv.fr\nSite internet  http://www.cote-dor.gouv.fr\nSous-pr\u00e9fecture de Montbard - 21-2025-10-23-00006 - Arr\u00eat\u00e9 portant recomposition de l'organe d\u00e9lib\u00e9rant de la Communaut\u00e9 de\nCommunes des Terres d'Auxois 108\nArticle 1er\u00a0: le conseil communautaire de la communaut\u00e9 de communes des Terres d'Auxois \nest compos\u00e9 en vertu des dispositions de droit commun et conform\u00e9ment \u00e0 la \nr\u00e9partition des si\u00e8ges par commune ci-dessous :\nNom de la commune R\u00e9partition de droit commun (au \ntitre des II \u00e0 V du L. 5211-6-1)\nSEMUR-EN-AUXOIS 19\nVITTEAUX 5\nEPOISSES 3\nPRECY-SOUS-THIL 3\nMILLERY 2\nTOUTRY 1\nGENAY 1\nLE VAL-LARREY 1\nCORROMBLES 1\nCOURCELLES-LES-SEMUR 1\nVILLY-EN-AUXOIS 1\nSAINT-EUPHRONE 1\nMONTBERTHAULT 1\nVIC-DE-CHASSENAY 1\nTORCY-ET-POULIGNY 1\nAISY-SOUS-THIL 1\nDOMPIERRE-EN-MORVAN 1\nMONTLAY-EN-AUXOIS 1\nTHOREY-SOUS-CHARNY 1\nVIC-SOUS-THIL 1\nPONT-ET-MASSENE 1\nCLAMEREY 1\nBRAUX 1\nNAN-SOUS-THIL 1\nVILLARS-ET-VILLENOTTE 1\nSOUSSEY-SUR-BRIONNE 1\nMONTIGNY-SUR-ARMANCON 1\nFONTANGY 1\nSAINT-THIBAULT 1\nMASSINGY-LES-SEMUR 1\nCOURCELLES-FREMOY 1\nCORSAINT 1\nSAFFRES 1\nBEURIZOT 1\nARNAY-SOUS-VITTEAUX 1\nFORLEANS 1\nSAINT-MESMIN 1\nSous-pr\u00e9fecture de Montbard - 25 rue Champfleury - CS 60- 21502 Montbard Cedex \nT\u00e9l : 03 45 43 80 50 - m\u00e8l : sp-montbard@cote-dor.gouv.fr\nSite internet  http://www.cote-dor.gouv.fr\nSous-pr\u00e9fecture de Montbard - 21-2025-10-23-00006 - Arr\u00eat\u00e9 portant recomposition de l'organe d\u00e9lib\u00e9rant de la Communaut\u00e9 de\nCommunes des Terres d'Auxois 109\nNom de la commune R\u00e9partition de droit commun (au \ntitre des II \u00e0 V du L. 5211-6-1)\nLACOUR-D'ARCENAY 1\nBRIANNY 1\nMISSERY 1\nGISSEY-LE-VIEIL 1\nTHOSTE 1\nVIEUX-CHATEAU 1\nLANTILLY 1\nVILLEBERNY 1\nMASSINGY-LES-VITTEAUX 1\nCHASSEY 1\nAVOSNES 1\nVILLENEUVE-SOUS-CHARIGNY 1\nNOIDAN 1\nMARCILLY-ET-DRACY 1\nSOUHEY 1\nMONTIGNY-SAINT-BARTHELEMY 1\nMAGNY-LA-VILLE 1\nBARD-LES-EPOISSES 1\nNORMIER 1\nDAMPIERRE-EN-MONTAGNE 1\nMARCIGNY-SOUS-THIL 1\nJEUX-LES-BARD 1\nSAINTE-COLOMBE-EN-AUXOIS 1\nROILLY 1\nJUILLENAY 1\nPOSANGES 1\nUNCEY-LE-FRANC 1\nMARCELLOIS 1\nJUILLY 1\nCHAMPRENAULT 1\nSAINT-HELIER 1\nCHARIGNY 1\nCHEVANNAY 1\nBRAIN 1\nCHARNY 1\nBOUSSEY 1\nVELOGNY 1\nVESVRES 1\nVILLEFERRY 1\nSous-pr\u00e9fecture de Montbard - 25 rue Champfleury - CS 60- 21502 Montbard Cedex \nT\u00e9l : 03 45 43 80 50 - m\u00e8l : sp-montbard@cote-dor.gouv.fr\nSite internet  http://www.cote-dor.gouv.fr\nSous-pr\u00e9fecture de Montbard - 21-2025-10-23-00006 - Arr\u00eat\u00e9 portant recomposition de l'organe d\u00e9lib\u00e9rant de la Communaut\u00e9 de\nCommunes des Terres d'Auxois 110\nArticle 2 : la r\u00e9partition d\u00e9finie \u00e0 l'article 1 er du pr\u00e9sent arr\u00eat\u00e9 s'appliquera \u00e0 compter du \nrenouvellement g\u00e9n\u00e9ral des conseils municipaux de mars 2026.\nArticle 3 : en application des dispositions des articles R421-1, R421-5 et R312-1 du code de \njustice administrative,  le  pr\u00e9sent  arr\u00eat\u00e9  peut  faire  l'objet  d'un  recours  \ncontentieux dans un d\u00e9lai de deux mois \u00e0 compter de sa publication aupr\u00e8s du \nTribunal Administratif de Dijon via l'application telerecours.fr.\nArticle 4 : M. le sous-pr\u00e9fet de l'arrondissement de Montbard, Mme la pr\u00e9sidente de la  \ncommunaut\u00e9 de communes des Terres d'Auxois, Mmes et MM. les maires Aisy-\nsous-Thil,  Arnay-sous-Vitteaux,  Avosnes,  Bard-l\u00e8s-\u00c9poisses,  Beurizot,  Boussey,  \nBrain,  Braux,  Brianny,  Champrenault,  Charigny,  Charny,  Chassey,  Chevannay,  \nClamerey,  Corrombles,  Corsaint,  Courcelles-Fr\u00e9moy,  Courcelles-l\u00e8s-Semur,  \nDampierre-en-Montagne,  Dompierre-en-Morvan,  \u00c9poisses,  Fontangy,  Forl\u00e9ans,  \nGenay, Gissey-le-Vieil, Jeux-l\u00e8s-Bard, Juillenay, Juilly, Lacour-d'Arcenay, Lantilly, Le \nVal-Larrey,  Magny-la-Ville,  Marcellois,  Marcigny-sous-Thil,  Marcilly-et-Dracy,  \nMassingy-l\u00e8s-Semur,  Massingy-l\u00e8s-Vitteaux,  Millery,  Missery,  Montberthault,  \nMontigny-Saint-Barth\u00e9lemy,  Montigny-sur-Arman\u00e7on,  Montlay-en-Auxois,  Nan-\nsous-Thil,  Noidan,  Normier,  Pont-et-Mass\u00e8ne,  Posanges,  Pr\u00e9cy-sous-Thil,  Roilly,  \nSaffres,  Saint-Euphr\u00f4ne,  Saint-H\u00e9lier,  Saint-Mesmin,  Saint-Thibault,  Sainte-\nColombe-en-Auxois, Semur-en-Auxois, Souhey, Soussey-sur-Brionne, Thorey-sous-\nCharny, Thoste, Torcy-et-Pouligny, Toutry, Uncey-le-Franc, Velogny, Vesvres, Vic-\nde-Chassenay,  Vic-sous-Thil,  Vieux-Ch\u00e2teau,  Villars-et-Villenotte,  Villeberny,  \nVilleferry,  Villeneuve-sous-Charigny,  Villy-en-Auxois  et  Vitteaux  sont  \ncharg\u00e9s, chacun en ce qui le concerne de l'ex\u00e9cution du pr\u00e9sent arr\u00eat\u00e9 qui sera \npubli\u00e9 au recueil des actes administratifs de la pr\u00e9fecture et dont copie sera  \nadress\u00e9e, pour information \u00e0 :\n\u2022 Mme la directrice r\u00e9gionale des finances publiques de la Bourgogne-Franche-\nComt\u00e9 et de la C\u00f4te-d'Or ;\n\u2022 M. le pr\u00e9sident de la chambre r\u00e9gionale des comptes de Bourgogne-Franche-\nComt\u00e9 ;\n\u2022 M. le directeur des archives d\u00e9partementales de la C\u00f4te-d'Or.\nFait \u00e0 Montbard, le 23 octobre 2025\nPour le pr\u00e9fet et par d\u00e9l\u00e9gation,\nLe sous-pr\u00e9fet,\nsign\u00e9\nS\u00e9bastien LANOYE\nSous-pr\u00e9fecture de Montbard - 25 rue Champfleury - CS 60- 21502 Montbard Cedex \nT\u00e9l : 03 45 43 80 50 - m\u00e8l : sp-montbard@cote-dor.gouv.fr\nSite internet  http://www.cote-dor.gouv.fr\nSous-pr\u00e9fecture de Montbard - 21-2025-10-23-00006 - Arr\u00eat\u00e9 portant recomposition de l'organe d\u00e9lib\u00e9rant de la Communaut\u00e9 de\nCommunes des Terres d'Auxois 111\nSous-pr\u00e9fecture de Montbard\n21-2025-10-23-00004\nArr\u00eat\u00e9 portant recomposition de l'organe\nd\u00e9lib\u00e9rant de la Communaut\u00e9 de Communes du\nMontbardois\nSous-pr\u00e9fecture de Montbard - 21-2025-10-23-00004 - Arr\u00eat\u00e9 portant recomposition de l'organe d\u00e9lib\u00e9rant de la Communaut\u00e9 de\nCommunes du Montbardois 112\nExPREFETDE LACOTE-D'ORLibert\u00e9Egalit\u00e9Fraternit\u00e9\nSous-pr\u00e9fecture de Montbard\nAffaire suivie par : Marguerite MOINDROT\nT\u00e9l : 03.45.43.80.54\nm\u00e9l : marguerite.moindrot@cote-dor.gouv.fr\nArr\u00eat\u00e9\nportant recomposition de l'organe d\u00e9lib\u00e9rant de la \nCommunaut\u00e9 de Communes du Montbardois\nLe sous-pr\u00e9fet de l'arrondissement de Montbard\nVU le code g\u00e9n\u00e9ral des collectivit\u00e9s territoriales, et notamment l'article L.5211-6-1 ;\nVU la loi n\u00b0 2002-276 du 27 f\u00e9vrier 2002 relative \u00e0 la d\u00e9mocratie de proximit\u00e9  et notamment \nson article 156 ;\nVU le d\u00e9cret n\u00b0 2025-848 du 27 ao\u00fbt 2025 fixant la date du renouvellement des conseillers  \nmunicipaux et communautaires, des conseillers m\u00e9tropolitains de Lyon, des conseillers de  \nParis et des conseillers d'arrondissement de Paris, Lyon et Marseille et portant convocation  \ndes \u00e9lecteurs ;\nVU le d\u00e9cret n\u00b02024-1276 du 31 d\u00e9cembre 2024 authentifiant les chiffres des populations de  \nm\u00e9tropole, des d\u00e9partements d'outre-mer de la Guadeloupe , de la Guyane, de la Martinique  \net de La R\u00e9union, et des collectivit\u00e9s de Saint-Barth\u00e9l\u00e9my, de Saint-Marin et de Saint-Pierre-et-\nMiquelon ;\nVU  l'arr\u00eat\u00e9  pr\u00e9fectoral  n\u00b0817  /  SG  du  13  juin  2025  donnant  d\u00e9l\u00e9gation  de  signature  \u00e0 \nM. S\u00e9bastien LANOYE, sous-pr\u00e9fet de Montbard ; \nVU l'arr\u00eat\u00e9  pr\u00e9fectoral  du  17  d\u00e9cembre  2004  portant  cr\u00e9ation  de  la  communaut\u00e9  de \ncommunes du Montbardois et ses modificatifs des 25 juillet 2006, 06 octobre 2006, 12 juin  \n2007 ,  13  juin  2008,  05  mars  2009,  04  novembre  2009,  22  avril  2010,  02  juillet  2010,  29 \nseptembre 2010, 29 mars 2011, 17 octobre 2011, 18 octobre 2013, 23 novembre 2015, 03  \nnovembre 2016, 22 d\u00e9cembre 2016, 24 f\u00e9vrier 2017 et 28 mars 2018 ;\nCONSID\u00c9RANT l'absence de proposition d'accord local dans les d\u00e9lais pr\u00e9vus par la loi ;\nARR\u00caTE\nArticle 1er\u00a0: le conseil communautaire de la communaut\u00e9 de communes de Montbard est \ncompos\u00e9 en vertu des dispositions de droit commun et conform\u00e9ment \u00e0 la \nr\u00e9partition des si\u00e8ges par commune ci-dessous :\nSous-pr\u00e9fecture de Montbard - 25 rue Champfleury - CS 60- 21502 Montbard Cedex \nT\u00e9l : 03 45 43 80 50 - m\u00e8l : sp-montbard@cote-dor.gouv.fr\nSite internet  http://www.cote-dor.gouv.fr\nSous-pr\u00e9fecture de Montbard - 21-2025-10-23-00004 - Arr\u00eat\u00e9 portant recomposition de l'organe d\u00e9lib\u00e9rant de la Communaut\u00e9 de\nCommunes du Montbardois 113\nNom de la commune R\u00e9partition de droit commun (au titre \ndes II \u00e0 V du L. 5211-6-1)\nMONTBARD 22\nSAINT-REMY 3\nTOUILLON 2\nCREPAND 1\nMONTIGNY-MONTFORT 1\nFAIN-LES-MONTBARD 1\nMOUTIERS-SAINT-JEAN 1\nQUINCY-LE-VICOMTE 1\nMARMAGNE 1\nLUCENAY-LE-DUC 1\nVISERNY 1\nASNIERES-EN-MONTAGNE 1\nBUFFON 1\nFRESNES 1\nSEIGNY 1\nNOGENT-LES-MONTBARD 1\nFAIN-LES-MOUTIERS 1\nROUGEMONT 1\nVILLAINES-LES-PREVOTES 1\nSENAILLY 1\nSAINT-GERMAIN-LES-SENAILLY 1\nCHAMP-D'OISEAU 1\nBENOISEY 1\nCOURCELLES-LES-MONTBARD 1\nATHIE 1\nNESLE-ET- MASSOULT 1\nQUINCEROT 1\nETAIS 1\nVERDONNET 1\nARRANS 1\nPLANAY 1\nERINGES 1\nFONTAINES-LES-SECHES 1\nArticle 2 : la r\u00e9partition d\u00e9finie \u00e0 l'article 1 er du pr\u00e9sent arr\u00eat\u00e9 s'appliquera \u00e0 compter du \nrenouvellement g\u00e9n\u00e9ral des conseils municipaux de mars 2026.\nArticle 3 : en application des dispositions des articles R421-1, R421-5 et R312-1 du code de \njustice administrative,  le  pr\u00e9sent  arr\u00eat\u00e9  peut  faire  l'objet  d'un  recours  \ncontentieux dans un d\u00e9lai de deux mois \u00e0 compter de sa publication aupr\u00e8s du \nTribunal Administratif de Dijon via l'application telerecours.fr.\nArticle 4 : M.  le  sous-pr\u00e9fet  de  l'arrondissement  de  Montbard,  M.  le  pr\u00e9sident  de  la  \ncommunaut\u00e9 de communes du Montbardois, Mmes et MM. les maires d'Arrans, \nAsni\u00e8res-en-Montagne, Athie, Benoisey, Buffon, Champ-d'Oiseau, Courcelles-l\u00e8s-\nMontbard, Cr\u00e9pand, \u00c9ringes, \u00c9tais, Fain-l\u00e8s-Montbard, Fain-l\u00e8s-Moutiers, \nFontaines-les-S\u00e8ches, Fresnes, Lucenay-le-Duc, Marmagne, Montbard, Montigny-  \nSous-pr\u00e9fecture de Montbard - 25 rue Champfleury - CS 60- 21502 Montbard Cedex \nT\u00e9l : 03 45 43 80 50 - m\u00e8l : sp-montbard@cote-dor.gouv.fr\nSite internet  http://www.cote-dor.gouv.fr\nSous-pr\u00e9fecture de Montbard - 21-2025-10-23-00004 - Arr\u00eat\u00e9 portant recomposition de l'organe d\u00e9lib\u00e9rant de la Communaut\u00e9 de\nCommunes du Montbardois 114\nMontfort, Moutiers-Saint-Jean, Nesle-et-Massoult, Nogent-l\u00e8s-Montbard, Planay,  \nQuincerot,  Quincy-le-Vicomte,  Rougemont,  Saint-Germain-l\u00e8s-Senailly,  Saint-\nR\u00e9my, Seigny, Senailly, Touillon, Verdonnet, Villaines-les-Pr\u00e9v\u00f4tes et Viserny sont \ncharg\u00e9s, chacun en ce qui le concerne de l'ex\u00e9cution du pr\u00e9sent arr\u00eat\u00e9 qui sera \npubli\u00e9 au recueil des actes administratifs  de  la  pr\u00e9fecture  et  dont  copie  sera  \nadress\u00e9e, pour information \u00e0 :\n\u2022 Mme la directrice r\u00e9gionale des finances publiques de la Bourgogne-Franche-\nComt\u00e9 et de la C\u00f4te-d'Or ;\n\u2022 M. le pr\u00e9sident de la chambre r\u00e9gionale des comptes de Bourgogne-Franche-\nComt\u00e9 ;\n\u2022 M. le directeur des archives d\u00e9partementales de la C\u00f4te-d'Or.\nFait \u00e0 Montbard, le 23 octobre 2025\nPour le pr\u00e9fet et par d\u00e9l\u00e9gation,\nLe sous-pr\u00e9fet,\nsign\u00e9\nS\u00e9bastien LANOYE\nSous-pr\u00e9fecture de Montbard - 25 rue Champfleury - CS 60- 21502 Montbard Cedex \nT\u00e9l : 03 45 43 80 50 - m\u00e8l : sp-montbard@cote-dor.gouv.fr\nSite internet  http://www.cote-dor.gouv.fr\nSous-pr\u00e9fecture de Montbard - 21-2025-10-23-00004 - Arr\u00eat\u00e9 portant recomposition de l'organe d\u00e9lib\u00e9rant de la Communaut\u00e9 de\nCommunes du Montbardois 115\nSous-pr\u00e9fecture de Montbard\n21-2025-10-23-00005\nArr\u00eat\u00e9 portant recomposition de l'organe\nd\u00e9lib\u00e9rant de la Communaut\u00e9 de Communes du\nPays Ch\u00e2tillonnais\nSous-pr\u00e9fecture de Montbard - 21-2025-10-23-00005 - Arr\u00eat\u00e9 portant recomposition de l'organe d\u00e9lib\u00e9rant de la Communaut\u00e9 de\nCommunes du Pays Ch\u00e2tillonnais 116\nExPREFETDE LACOTE-D'ORLibert\u00e9Egalit\u00e9Fraternit\u00e9\nSous-pr\u00e9fecture de Montbard\nAffaire suivie par : Marguerite MOINDROT\nT\u00e9l : 03.45.43.80.54\nm\u00e9l : marguerite.moindrot@cote-dor.gouv.fr\nArr\u00eat\u00e9\nportant recomposition de l'organe d\u00e9lib\u00e9rant de la \nCommunaut\u00e9 de Communes du Pays Ch\u00e2tillonnais\nLe sous-pr\u00e9fet de l'arrondissement de Montbard\nVU le code g\u00e9n\u00e9ral des collectivit\u00e9s territoriales, et notamment l'article L.5211-6-1 ;\nVU la loi n\u00b0 2002-276 du 27 f\u00e9vrier 2002 relative \u00e0 la d\u00e9mocratie de proximit\u00e9  et notamment \nson article 156 ;\nVU le d\u00e9cret n\u00b0 2025-848 du 27 ao\u00fbt 2025 fixant la date du renouvellement des conseillers  \nmunicipaux et communautaires, des conseillers m\u00e9tropolitains de Lyon, des conseillers de  \nParis et des conseillers d'arrondissement de Paris, Lyon et Marseille et portant convocation  \ndes \u00e9lecteurs ;\nVU le d\u00e9cret n\u00b02024-1276 du 31 d\u00e9cembre 2024 authentifiant les chiffres des populations de  \nm\u00e9tropole, des d\u00e9partements d'outre-mer de la Guadeloupe , de la Guyane, de la Martinique  \net de La R\u00e9union, et des collectivit\u00e9s de Saint-Barth\u00e9l\u00e9my, de Saint-Marin et de Saint-Pierre-et-\nMiquelon ;\nVU  l'arr\u00eat\u00e9  pr\u00e9fectoral  n\u00b0817  /  SG  du  13  juin  2025  donnant  d\u00e9l\u00e9gation  de  signature  \u00e0 \nM. S\u00e9bastien LANOYE, sous-pr\u00e9fet de Montbard ; \nVU l'arr\u00eat\u00e9 pr\u00e9fectoral du 03 d\u00e9cembre 2003 et ses modificatifs des 23  d\u00e9cembre 2004, 26  \noctobre 2005, 30 d\u00e9cembre 2005, 12 juillet 2006, 24 octobre 2007 , 31 mars 2008, 25 juillet  \n2008, 25 novembre 2008, 22 d\u00e9cembre 2008, 24 d\u00e9cembre 2010, 17 mai 2011, 21 octobre 2011, \n09  mars  2012,  21  d\u00e9cembre  2012,  17  juin  2013,  28  octobre  2013,  03  d\u00e9cembre  2014,  23 \nnovembre 2015, 20 mars 2017 et 09 d\u00e9cembre 2024 ;\nCONSID\u00c9RANT l'absence de proposition d'accord local dans les d\u00e9lais pr\u00e9vus par la loi ;\nARR\u00caTE\nArticle 1er\u00a0: le conseil communautaire de la communaut\u00e9 de communes du Pays \nCh\u00e2tillonnais est compos\u00e9 en vertu des dispositions de droit commun et \nconform\u00e9ment \u00e0 la r\u00e9partition des si\u00e8ges par commune ci-dessous :\nSous-pr\u00e9fecture de Montbard - 25 rue Champfleury - CS 60- 21502 Montbard Cedex \nT\u00e9l : 03 45 43 80 50 - m\u00e8l : sp-montbard@cote-dor.gouv.fr\nSite internet  http://www.cote-dor.gouv.fr\nSous-pr\u00e9fecture de Montbard - 21-2025-10-23-00005 - Arr\u00eat\u00e9 portant recomposition de l'organe d\u00e9lib\u00e9rant de la Communaut\u00e9 de\nCommunes du Pays Ch\u00e2tillonnais 117\nNom de la commune R\u00e9partition de droit commun (au titre \ndes II \u00e0 V du L. 5211-6-1)\nCHATILLON-SUR-SEINE 27\nSAINTE-COLOMBE-SUR-SEINE 4\nLAIGNES 3\nBUNCEY 1\nRECEY-SUR-OURCE 1\nCHARREY-SUR-SEINE 1\nAMPILLY-LE-SEC 1\nLEUGLAY 1\nMONTLIOT-ET-COURCELLES 1\nMOLESME 1\nVOULAINES-LES-TEMPLIERS 1\nAIGNAY-LE-DUC 1\nMONTIGNY-SUR-AUBE 1\nVILLAINES-EN-DUESMOIS 1\nCHAMESSON 1\nCOULMIER-LE-SEC 1\nVANVEY 1\nBELAN-SUR-OURCE 1\nBRION-SUR-OURCE 1\nCERILLY 1\nVEUXHAULLES-SUR-AUBE 1\nETROCHEY 1\nNOD-SUR-SEINE 1\nBAIGNEUX-LES-JUIFS 1\nSAVOISY 1\nPOTHIERES 1\nPOINCON-LES-LARREY 1\nMINOT 1\nSAINT-BROING-LES-MOINES 1\nGRANCEY-SUR-OURCE 1\nMASSINGY 1\nGEVROLLES 1\nAISEY-SUR-SEINE 1\nPRUSLY-SUR-OURCE 1\nPOISEUL-LA-VILLE-ET-LAPERRIERE 1\nBOUIX 1\nCOURBAN 1\nAUTRICOURT 1\nPUITS 1\nBURE-LES-TEMPLIERS 1\nBISSEY-LA-COTE 1\nETALANTE 1\nFONTAINES-EN-DUESMOIS 1\nGOMMEVILLE 1\nLOUESME 1\nSAINT-MARC-SUR-SEINE 1\nSous-pr\u00e9fecture de Montbard - 25 rue Champfleury - CS 60- 21502 Montbard Cedex \nT\u00e9l : 03 45 43 80 50 - m\u00e8l : sp-montbard@cote-dor.gouv.fr\nSite internet  http://www.cote-dor.gouv.fr\nSous-pr\u00e9fecture de Montbard - 21-2025-10-23-00005 - Arr\u00eat\u00e9 portant recomposition de l'organe d\u00e9lib\u00e9rant de la Communaut\u00e9 de\nCommunes du Pays Ch\u00e2tillonnais 118\nNom de la commune R\u00e9partition de droit commun (au titre \ndes II \u00e0 V du L. 5211-6-1)\nVILLIERS-LE-DUC 1\nNICEY 1\nVILLOTTE-SUR-OURCE 1\nCHAUME-LES-BAIGNEUX 1\nMARCENAY 1\nLA CHAUME 1\nECHALOT 1\nVIX 1\nLARREY 1\nQUEMIGNY-SUR-SEINE 1\nRIEL-LES-EAUX 1\nBALOT 1\nBENEUVRE 1\nGRISELLES 1\nJOURS-LES-BAIGNEUX 1\nVILLERS-PATRAS 1\nMAGNY-LAMBERT 1\nESSAROIS 1\nSAINT-GERMAIN-LE-ROCHEUX 1\nAMPILLY-LES-BORDES 1\nOBTREE 1\nCHAUMONT-LE-BOIS 1\nMAISEY-LE-DUC 1\nMONTMOYEN 1\nVILLEDIEU 1\nBELLENOD-SUR-SEINE 1\nBISSEY-LA-PIERRE 1\nMOSSON 1\nBILLY-LES-CHANCEAUX 1\nETORMAY 1\nMAUVILLY 1\nTERREFONDREE 1\nCHEMIN-D'AISEY 1\nBOUDREVILLE 1\nNOIRON-SUR-SEINE 1\nCHANNAY 1\nTHOIRES 1\nLIGNEROLLES 1\nLUCEY 1\nMOITRON 1\nORIGNY-SUR-SEINE 1\nBUSSEAUT 1\nVERTAULT 1\nVANNAIRE 1\nDUESME 1\nGURGY-LE-CHATEAU 1\nBREMUR-ET-VAUROIS 1\nSous-pr\u00e9fecture de Montbard - 25 rue Champfleury - CS 60- 21502 Montbard Cedex \nT\u00e9l : 03 45 43 80 50 - m\u00e8l : sp-montbard@cote-dor.gouv.fr\nSite internet  http://www.cote-dor.gouv.fr\nSous-pr\u00e9fecture de Montbard - 21-2025-10-23-00005 - Arr\u00eat\u00e9 portant recomposition de l'organe d\u00e9lib\u00e9rant de la Communaut\u00e9 de\nCommunes du Pays Ch\u00e2tillonnais 119\nNom de la commune R\u00e9partition de droit commun (au titre \ndes II \u00e0 V du L. 5211-6-1)\nROCHEFORT-SUR-BREVON 1\nOIGNY 1\nBUXEROLLES 1\nSEMOND 1\nFAVEROLLES-LES-LUCEY 1\nMEULSON 1\nCHAMBAIN 1\nBEAULIEU 1\nGURGY-LA-VILLE 1\nCHAUGEY 1\nLES GOULLES 1\nMENESBLE 1\nBEAUNOTTE 1\nORRET 1\nArticle 2 : la r\u00e9partition d\u00e9finie \u00e0 l'article 1 er du pr\u00e9sent arr\u00eat\u00e9 s'appliquera \u00e0 compter du \nrenouvellement g\u00e9n\u00e9ral des conseils municipaux de mars 2026.\nArticle 3 : en application des dispositions des articles R421-1, R421-5 et R312-1 du code de \njustice administrative,  le  pr\u00e9sent  arr\u00eat\u00e9  peut  faire  l'objet  d'un  recours  \ncontentieux dans un d\u00e9lai de deux mois \u00e0 compter de sa publication aupr\u00e8s du \nTribunal Administratif de Dijon via l'application telerecours.fr.\nArticle 4 : M.  le  sous-pr\u00e9fet  de  l'arrondissement  de  Montbard,  M.  le  pr\u00e9sident  de  la  \ncommunaut\u00e9  de  communes  du Pays  Ch\u00e2tillonnais,  Mmes  et  MM.  les  maires  \nd'Aignay-le-Duc, Aisey-sur-Seine, Ampilly-le-Sec, Ampilly-les-Bordes, Autricourt,  \nBaigneux-les-Juifs, Balot, Beaulieu, Beaunotte, Belan-sur-Ource, Bellenod-sur-Seine, \nBeneuvre, Billy-l\u00e8s-Chanceaux, Bissey-la-C\u00f4te, Bissey-la-Pierre, Boudreville, Bouix, \nBr\u00e9mur-et-Vaurois,  Brion-sur-Ource,  Buncey,  Bure-les-Templiers,  Busseaut,  \nBuxerolles, C\u00e9rilly, Chambain, Chamesson, Channay, Charrey-sur-Seine, Ch\u00e2tillon-\nsur-Seine,  Chaugey,  Chaume-l\u00e8s-Baigneux,  Chaumont-le-Bois,  Chemin-d'Aisey,  \nCoulmier-le-Sec, Courban, Duesme, \u00c9chalot, Essarois, \u00c9talante, \u00c9tormay, \u00c9trochey, \nFaverolles-l\u00e8s-Lucey,  Fontaines-en-Duesmois,  Gevrolles,  Gomm\u00e9ville,  Grancey-\nsur-Ource,  Griselles,  Gurgy-la-Ville,  Gurgy-le-Ch\u00e2teau,  Jours-l\u00e8s-Baigneux,  La  \nChaume, Laignes, Larrey, Les Goulles, Leuglay, Lignerolles, Louesme, Lucey, Magny-\nLambert, Maisey-le-Duc, Marcenay, Massingy, Mauvilly, Menesble, Meulson, Minot, \nMoitron,  Molesme,  Montigny-sur-Aube,  Montliot-et-Courcelles,  Montmoyen,  \nMosson, Nicey, Nod-sur-Seine, Noiron-sur-Seine, Obtr\u00e9e, Oigny, Origny, Orret,  \nPoin\u00e7on-l\u00e8s-Larrey, Poiseul-la-Ville-et-Laperri\u00e8re, Pothi\u00e8res, Prusly-sur-Ource, Puits, \nQuemigny-sur-Seine, Recey-sur-Ource, Riel-les-Eaux, Rochefort-sur-Br\u00e9von, Saint-\nBroing-les-Moines,  Saint-Germain-le-Rocheux,  Saint-Marc-sur-Seine,  Sainte-\nColombe-sur-Seine, Savoisy, Semond, Terrefondr\u00e9e, Thoires, Vannaire, Vanvey,  \nVertault,  Veuxhaulles-sur-Aube,  Villaines-en-Duesmois,  Villedieu,  Villers-Patras,  \nVilliers-le-Duc,  Villotte-sur-Ource,  Vix  et  Voulaines-les-Templiers  sont  \ncharg\u00e9s, chacun en ce qui le concerne de l'ex\u00e9cution du pr\u00e9sent arr\u00eat\u00e9 qui sera \npubli\u00e9 au recueil des actes administratifs de la pr\u00e9fecture et dont copie sera  \nadress\u00e9e, pour information \u00e0 :\nSous-pr\u00e9fecture de Montbard - 25 rue Champfleury - CS 60- 21502 Montbard Cedex \nT\u00e9l : 03 45 43 80 50 - m\u00e8l : sp-montbard@cote-dor.gouv.fr\nSite internet  http://www.cote-dor.gouv.fr\nSous-pr\u00e9fecture de Montbard - 21-2025-10-23-00005 - Arr\u00eat\u00e9 portant recomposition de l'organe d\u00e9lib\u00e9rant de la Communaut\u00e9 de\nCommunes du Pays Ch\u00e2tillonnais 120\n\u2022 Mme la directrice r\u00e9gionale des finances publiques de la Bourgogne-Franche-\nComt\u00e9 et de la C\u00f4te-d'Or ;\n\u2022 M. le pr\u00e9sident de la chambre r\u00e9gionale des comptes de Bourgogne-Franche-\nComt\u00e9 ;\n\u2022 M. le directeur des archives d\u00e9partementales de la C\u00f4te-d'Or.\nFait \u00e0 Montbard, le 23 octobre 2025\nPour le pr\u00e9fet et par d\u00e9l\u00e9gation,\nLe sous-pr\u00e9fet,\nsign\u00e9\nS\u00e9bastien LANOYE\nSous-pr\u00e9fecture de Montbard - 25 rue Champfleury - CS 60- 21502 Montbard Cedex \nT\u00e9l : 03 45 43 80 50 - m\u00e8l : sp-montbard@cote-dor.gouv.fr\nSite internet  http://www.cote-dor.gouv.fr\nSous-pr\u00e9fecture de Montbard - 21-2025-10-23-00005 - Arr\u00eat\u00e9 portant recomposition de l'organe d\u00e9lib\u00e9rant de la Communaut\u00e9 de\nCommunes du Pays Ch\u00e2tillonnais 121\nSous-pr\u00e9fecture de Montbard\n21-2025-10-23-00007\nArr\u00eat\u00e9 portant recomposition de l'organe\nd\u00e9lib\u00e9rant de la Communaut\u00e9 de Communes du\nPays d'Al\u00e9sia et de la Seine\nSous-pr\u00e9fecture de Montbard - 21-2025-10-23-00007 - Arr\u00eat\u00e9 portant recomposition de l'organe d\u00e9lib\u00e9rant de la Communaut\u00e9 de\nCommunes du Pays d'Al\u00e9sia et de la Seine 122\nExPREFETDE LACOTE-D'ORLibert\u00e9Egalit\u00e9Fraternit\u00e9\nSous-pr\u00e9fecture de Montbard\nAffaire suivie par : Marguerite MOINDROT\nT\u00e9l : 03.45.43.80.54\nm\u00e9l : marguerite.moindrot@cote-dor.gouv.fr\nArr\u00eat\u00e9\nportant recomposition de l'organe d\u00e9lib\u00e9rant de la \nCommunaut\u00e9 de Communes du Pays d'Al\u00e9sia et de la Seine\nLe sous-pr\u00e9fet de l'arrondissement de Montbard\nVU le code g\u00e9n\u00e9ral des collectivit\u00e9s territoriales, et notamment l'article L.5211-6-1 ;\nVU la loi n\u00b0 2002-276 du 27 f\u00e9vrier 2002 relative \u00e0 la d\u00e9mocratie de proximit\u00e9  et notamment \nson article 156 ;\nVU le d\u00e9cret n\u00b0 2025-848 du 27 ao\u00fbt 2025 fixant la date du renouvellement des conseillers  \nmunicipaux et communautaires, des conseillers m\u00e9tropolitains de Lyon, des conseillers de  \nParis et des conseillers d'arrondissement de Paris, Lyon et Marseille et portant convocation  \ndes \u00e9lecteurs ;\nVU le d\u00e9cret n\u00b02024-1276 du 31 d\u00e9cembre 2024 authentifiant les chiffres des populations de  \nm\u00e9tropole, des d\u00e9partements d'outre-mer de la Guadeloupe , de la Guyane, de la Martinique  \net de La R\u00e9union, et des collectivit\u00e9s de Saint-Barth\u00e9l\u00e9my, de Saint-Marin et de Saint-Pierre-et-\nMiquelon ;\nVU  l'arr\u00eat\u00e9  pr\u00e9fectoral  n\u00b0817  /  SG  du  13  juin  2025  donnant  d\u00e9l\u00e9gation  de  signature  \u00e0 \nM. S\u00e9bastien LANOYE, sous-pr\u00e9fet de Montbard ; \nVU l'arr\u00eat\u00e9  pr\u00e9fectoral  du  18  d\u00e9cembre  2003  portant  cr\u00e9ation  de  la  communaut\u00e9  de \ncommunes du Pays d'Al\u00e9sia et de la Seine et ses modificatifs des 30 ao\u00fbt 2006, 29 d\u00e9cembre  \n2010, 31 janvier 2011, 18 octobre 2013, 27 juin 2014, 15 mars 2017 , 15 d\u00e9cembre 2017 , 06 mars \n2019 et 30 juin 2021 ;\nCONSID\u00c9RANT l'absence de proposition d'accord local dans les d\u00e9lais pr\u00e9vus par la loi ;\nARR\u00caTE\nSous-pr\u00e9fecture de Montbard - 25 rue Champfleury - CS 60- 21502 Montbard Cedex \nT\u00e9l : 03 45 43 80 50 - m\u00e8l : sp-montbard@cote-dor.gouv.fr\nSite internet  http://www.cote-dor.gouv.fr\nSous-pr\u00e9fecture de Montbard - 21-2025-10-23-00007 - Arr\u00eat\u00e9 portant recomposition de l'organe d\u00e9lib\u00e9rant de la Communaut\u00e9 de\nCommunes du Pays d'Al\u00e9sia et de la Seine 123\nArticle 1er\u00a0: le conseil communautaire de la communaut\u00e9 de communes du Pays d'Al\u00e9sia et \nde la Seine est compos\u00e9 en vertu des dispositions de droit commun et \nconform\u00e9ment \u00e0 la r\u00e9partition des si\u00e8ges par commune ci-dessous :\nNom de la commune R\u00e9partition de droit commun (au \ntitre des II \u00e0 V du L. 5211-6-1)\nVENAREY-LES-LAUMES 14\nPOUILLENAY 2\nALISE-SAINTE-REINE 2\nMENETREUX-LE-PITOIS 2\nDARCEY 1\nMARIGNY-LE-CAHOUET 1\nBUSSY-LE-GRAND 1\nVERREY-SOUS-SALMAISE 1\nFLAVIGNY-SUR-OZERAIN 1\nGRIGNON 1\nFROLOIS 1\nGRESIGNY-SAINTE-REINE 1\nLA ROCHE-VANNEAU 1\nSALMAISE 1\nBOUX-SOUS-SALMAISE 1\nMUSSY-LA-FOSSE 1\nGISSEY-SOUS-FLAVIGNY 1\nTHENISSEY 1\nHAUTEROCHE 1\nJAILLY-LES-MOULINS 1\nSOURCE-SEINE 1\nLA-VILLENEUVE-LES-CONVERS 1\nCHARENCEY 1\nCORPOYER-LA-CHAPELLE 1\nArticle 2 : la r\u00e9partition d\u00e9finie \u00e0 l'article 1 er du pr\u00e9sent arr\u00eat\u00e9 s'appliquera \u00e0 compter du \nrenouvellement g\u00e9n\u00e9ral des conseils municipaux de mars 2026.\nArticle 3 : en application des dispositions des articles R421-1, R421-5 et R312-1 du code de \njustice administrative,  le  pr\u00e9sent  arr\u00eat\u00e9  peut  faire  l'objet  d'un  recours  \ncontentieux dans un d\u00e9lai de deux mois \u00e0 compter de sa publication aupr\u00e8s du \nTribunal Administratif de Dijon via l'application telerecours.fr.\nArticle 4 : M.  le  sous-pr\u00e9fet  de  l'arrondissement  de  Montbard,  M.  le  pr\u00e9sident  de  la  \ncommunaut\u00e9 de communes du Pays d'Al\u00e9sia et de  la  Seine,  Mmes  et  MM.  les  \nmaires  d'Alise-Sainte-Reine,  Boux-sous-Salmaise,  Bussy-le-Grand,  Charencey,  \nCorpoyer-la-Chapelle, Darcey, Flavigny-sur-Ozerain, Fr \u00f4lois, Gissey-sous-Flavigny,  \nGr\u00e9signy-Sainte-Reine, Grignon, Hauteroche, Jailly-les-Moulins, La Roche-Vanneau, \nLa  Villeneuve-les-Convers,  Marigny-le-Cahou\u00ebt,  M\u00e9n\u00e9treux-le-Pitois,  Mussy-la-\nFosse,  Pouillenay,  Salmaise,  Source-Seine,  Thenissey,  Venarey-les-Laumes  et  \nVerrey-sous-Salmaise sont charg\u00e9s, chacun en ce qui le concerne de l'ex\u00e9cution \ndu  pr\u00e9sent  arr\u00eat\u00e9  qui  sera  publi\u00e9  au  recueil  des  actes  administratifs  de  la  \npr\u00e9fecture et dont copie sera adress\u00e9e, pour information \u00e0 :\nSous-pr\u00e9fecture de Montbard - 25 rue Champfleury - CS 60- 21502 Montbard Cedex \nT\u00e9l : 03 45 43 80 50 - m\u00e8l : sp-montbard@cote-dor.gouv.fr\nSite internet  http://www.cote-dor.gouv.fr\nSous-pr\u00e9fecture de Montbard - 21-2025-10-23-00007 - Arr\u00eat\u00e9 portant recomposition de l'organe d\u00e9lib\u00e9rant de la Communaut\u00e9 de\nCommunes du Pays d'Al\u00e9sia et de la Seine 124\n\u2022 Mme la directrice r\u00e9gionale des finances publiques de la Bourgogne-Franche-\nComt\u00e9 et de la C\u00f4te-d'Or ;\n\u2022 M. le pr\u00e9sident de la chambre r\u00e9gionale des comptes de Bourgogne-Franche-\nComt\u00e9 ;\n\u2022 M. le directeur des archives d\u00e9partementales de la C\u00f4te-d'Or.\nFait \u00e0 Montbard, le 23 octobre 2025\nPour le pr\u00e9fet et par d\u00e9l\u00e9gation,\nLe sous-pr\u00e9fet,\nsign\u00e9\nS\u00e9bastien LANOYE\nSous-pr\u00e9fecture de Montbard - 25 rue Champfleury - CS 60- 21502 Montbard Cedex \nT\u00e9l : 03 45 43 80 50 - m\u00e8l : sp-montbard@cote-dor.gouv.fr\nSite internet  http://www.cote-dor.gouv.fr\nSous-pr\u00e9fecture de Montbard - 21-2025-10-23-00007 - Arr\u00eat\u00e9 portant recomposition de l'organe d\u00e9lib\u00e9rant de la Communaut\u00e9 de\nCommunes du Pays d'Al\u00e9sia et de la Seine 125\nSous-pr\u00e9fecture de Montbard\n21-2025-10-23-00003\nArr\u00eat\u00e9 portant recomposition de l'organe\nd\u00e9lib\u00e9rant de la Communaut\u00e9 de Communes\nSaulieu-Morvan\nSous-pr\u00e9fecture de Montbard - 21-2025-10-23-00003 - Arr\u00eat\u00e9 portant recomposition de l'organe d\u00e9lib\u00e9rant de la Communaut\u00e9 de\nCommunes Saulieu-Morvan 126\nExPREFETDE LACOTE-D'ORLibert\u00e9Egalit\u00e9Fraternit\u00e9\nSous-pr\u00e9fecture de Montbard\nAffaire suivie par : Marguerite MOINDROT\nT\u00e9l : 03.45.43.80.54\nm\u00e9l : marguerite.moindrot@cote-dor.gouv.fr\nArr\u00eat\u00e9\nportant recomposition de l'organe d\u00e9lib\u00e9rant de la \nCommunaut\u00e9 de Communes Saulieu-Morvan\nLe sous-pr\u00e9fet de l'arrondissement de Montbard\nVU le code g\u00e9n\u00e9ral des collectivit\u00e9s territoriales, et notamment l'article L.5211-6-1 ;\nVU la loi n\u00b0 2002-276 du 27 f\u00e9vrier 2002 relative \u00e0 la d\u00e9mocratie de proximit\u00e9  et notamment \nson article 156 ;\nVU le d\u00e9cret n\u00b0 2025-848 du 27 ao\u00fbt 2025 fixant la date du renouvellement des conseillers  \nmunicipaux et communautaires, des conseillers m\u00e9tropolitains de Lyon, des conseillers de  \nParis et des conseillers d'arrondissement de Paris, Lyon et Marseille et portant convocation  \ndes \u00e9lecteurs ;\nVU le d\u00e9cret n\u00b02024-1276 du 31 d\u00e9cembre 2024 authentifiant les chiffres des populations de  \nm\u00e9tropole, des d\u00e9partements d'outre-mer de la Guadeloupe , de la Guyane, de la Martinique  \net de La R\u00e9union, et des collectivit\u00e9s de Saint-Barth\u00e9l\u00e9my, de Saint-Marin et de Saint-Pierre-et-\nMiquelon ;\nVU  l'arr\u00eat\u00e9  pr\u00e9fectoral  n\u00b0817  /  SG  du  13  juin  2025  donnant  d\u00e9l\u00e9gation  de  signature  \u00e0 \nM. S\u00e9bastien LANOYE, sous-pr\u00e9fet de Montbard ; \nVU l'arr\u00eat\u00e9  pr\u00e9fectoral  du  10  d\u00e9cembre  2003  portant  cr\u00e9ation  de  la  communaut\u00e9  de \ncommunes de Saulieu et ses modificatifs des 17 mars 2005, 13 octobre 2005, 12 juillet 2006,  \n25 septembre 2006, 11 mai 2007 , 30 mai 2013, 23 novembre 2015, 24 f\u00e9vrier 2017 , 22 juin 2021 \net 26 octobre 2023 ;\nVU l'accord  des  deux  tiers  au  moins  des  conseils  municipaux  des  communes  membres \nrepr\u00e9sentant plus de la moiti\u00e9 de la population de celles-ci ou de la moiti\u00e9 au moins des  \nconseils  municipaux  des  communes  membres  repr\u00e9sentant  plus  des  deux  tiers  de  la \npopulation de celles-ci pour solliciter la r\u00e9partition des si\u00e8ges de conseillers communautaires  \nselon le m\u00eame accord local ;\nVU la d\u00e9lib\u00e9ration n\u00b051-2025 de la commune de Saulieu dont la population est sup\u00e9rieure au  \nquart de la population des communes membres ;\nSous-pr\u00e9fecture de Montbard - 25 rue Champfleury - CS 60- 21502 Montbard Cedex \nT\u00e9l : 03 45 43 80 50 - m\u00e8l : sp-montbard@cote-dor.gouv.fr\nSite internet  http://www.cote-dor.gouv.fr\nSous-pr\u00e9fecture de Montbard - 21-2025-10-23-00003 - Arr\u00eat\u00e9 portant recomposition de l'organe d\u00e9lib\u00e9rant de la Communaut\u00e9 de\nCommunes Saulieu-Morvan 127\nCONSID\u00c9RANT la  validit\u00e9  de  l'accord  local  proc\u00e9dant  \u00e0  la  r\u00e9partition  des  si\u00e8ges  de  la \ncommunaut\u00e9 de communes ;\nARR\u00caTE\nArticle 1er\u00a0: les si\u00e8ges de conseillers communautaires sont r\u00e9partis entre les communes \nmembres de la communaut\u00e9 de communes Saulieu-Morvan selon l'accord local \nsuivant :\nNom de la commune Nombre de si\u00e8ges\nSAULIEU 12\nLA ROCHE-EN-BRENIL 5\nROUVRAY 3\nTHOISY-LA-BERCHERE 2\nCHAMPEAU-EN-MORVAN 2\nSAINT-DIDIER 2\nSAINT-GERMAIN-DE-MODEON 1\nLA MOTTE-TERNANT 1\nVILLARGOIX 1\nMOLPHEY 1\nSAINT-ANDEUX 1\nSINCEY-LES-ROUVRAY 1\nArticle 2 : la r\u00e9partition d\u00e9finie \u00e0 l'article 1 er du pr\u00e9sent arr\u00eat\u00e9 s'appliquera \u00e0 compter du \nrenouvellement g\u00e9n\u00e9ral des conseils municipaux de mars 2026.\nArticle 3 : en application des dispositions des articles R421-1, R421-5 et R312-1 du code de \njustice administrative,  le  pr\u00e9sent  arr\u00eat\u00e9  peut  faire  l'objet  d'un  recours  \ncontentieux dans un d\u00e9lai de deux mois \u00e0 compter de sa publication aupr\u00e8s du \nTribunal Administratif de Dijon via l'application telerecours.fr.\nArticle 4 : M.  le  sous-pr\u00e9fet  de  l'arrondissement  de  Montbard,  M.  le  pr\u00e9sident  de  la  \ncommunaut\u00e9  de  communes  Saulieu-Morvan,  Mmes  et  MM.  les  maires  de  \nChampeau-en-Morvan,  La  Motte-Ternant,  La  Roche-en-Brenil,  Molphey,  \nRouvray, Saint-Andeux, Saint-Didier, Saint-Germain-de-Mod \u00e9on, Saulieu, Sincey-\nl\u00e8s-Rouvray, Thoisy-la-Berch\u00e8re et Villargoix  sont charg\u00e9s, chacun en ce qui le  \nconcerne de l'ex\u00e9cution du pr\u00e9sent arr\u00eat\u00e9 qui sera publi\u00e9 au recueil des actes \nadministratifs de la pr\u00e9fecture et dont copie sera adress\u00e9e, pour information \u00e0 :\n\u2022 Mme la directrice r\u00e9gionale des finances publiques de la Bourgogne-Franche-\nComt\u00e9 et de la C\u00f4te-d'Or ;\n\u2022 M. le pr\u00e9sident de la chambre r\u00e9gionale des comptes de Bourgogne-Franche-\nComt\u00e9 ;\n\u2022 M. le directeur des archives d\u00e9partementales de la C\u00f4te-d'Or.\nFait \u00e0 Montbard, le 23 octobre 2025\nPour le pr\u00e9fet et par d\u00e9l\u00e9gation,\nLe sous-pr\u00e9fet,\nsign\u00e9\nS\u00e9bastien LANOYE\nSous-pr\u00e9fecture de Montbard - 25 rue Champfleury - CS 60- 21502 Montbard Cedex \nT\u00e9l : 03 45 43 80 50 - m\u00e8l : sp-montbard@cote-dor.gouv.fr\nSite internet  http://www.cote-dor.gouv.fr\nSous-pr\u00e9fecture de Montbard - 21-2025-10-23-00003 - Arr\u00eat\u00e9 portant recomposition de l'organe d\u00e9lib\u00e9rant de la Communaut\u00e9 de\nCommunes Saulieu-Morvan 128","date":"2025-10-28","first_seen_on":"2025-10-28T17:18:00+00:00","id":"907b574d0a4c28566f0e01c6b2e6b894087609bf3c7c9e510349edd21e9352f7","name":"RAA n\u00b0150 du 28 octobre 2025","pdf_creation_date":"2025-10-28T15:21:55+00:00","pdf_modification_date":null,"timezone":"Europe/Paris","url":"https://www.cote-dor.gouv.fr/contenu/telechargement/24544/187039/file/recueil-21-2025-150-recueil-des-actes-administratifs-special.pdf"}
