{"administration":"pref69","administration_name":"Pr\u00e9fecture du Rh\u00f4ne","content":"PR\u00c9F\u00c8TE\nDU RH\u00d4NE\nRECUEIL DES ACTES\nADMINISTRATIFS\nN\u00b069-2025-231\nPUBLI\u00c9 LE 12 SEPTEMBRE 2025\nSommaire\n69_DDT_Direction d\u00e9partementale des territoires du Rh\u00f4ne /\n69-2025-09-11-00003 - decision OSPA finale Vis\u00e9e (8 pages) Page 3\n69-2025-09-11-00005 - decision representation CCDSA Vis\u00e9e (5 pages) Page 12\n69-2025-09-11-00001 - decision subdeleg affgen finale 01 08 25 Vis\u00e9e (8\npages) Page 18\n69-2025-09-11-00004 - decision subdeleg archeo fisca urba Vis\u00e9e (3 pages) Page 27\n69_Pr\u00e9f_Pr\u00e9fecture du Rh\u00f4ne / Direction de la Coordination des\nPolitiques Interminist\u00e9rielles\n69-2025-09-08-00010 - Arr\u00eat\u00e9 portant subd\u00e9l\u00e9gation de signature du\ndirecteur des archives du d\u00e9partement du Rh\u00f4ne et de la m\u00e9tropole\nde Lyon aux agents plac\u00e9s sous son autorit\u00e9 (3 pages) Page 31\n69_Pr\u00e9f_Pr\u00e9fecture du Rh\u00f4ne / Direction des affaires juridiques et de\nl'administration locale\n69-2025-09-11-00002 - habilitation dans le domaine fun\u00e9raire : EI\nLAURENT DORME SERVICES situ\u00e9 au 174 impasse de Genetay 69220\nCorcelles-en-Beaujolais (1 page) Page 35\n2\n69_DDT_Direction d\u00e9partementale des\nterritoires du Rh\u00f4ne\n69-2025-09-11-00003\ndecision OSPA finale Vis\u00e9e\n69_DDT_Direction d\u00e9partementale des territoires du Rh\u00f4ne - 69-2025-09-11-00003 - decision OSPA finale Vis\u00e9e 3\nExPR\u00c9F\u00c8TEDU RHONELibert\u00e9Egalit\u00e9Fraternit\u00e9\nDirection d\u00e9partementale\ndes territoires\nD\u00e9cision n\u00b0 DDT -                                           du                        \nportant subd\u00e9l\u00e9gation de signature en mati\u00e8re d'ordonnancement secondaire\net de pouvoir adjudicateur      \nVU  l'arr\u00eat\u00e9  du  15  janvier  1996  modifiant  l'arr\u00eat\u00e9  du  21  d\u00e9cembre  1982  portant  r\u00e8glement  de\ncomptabilit\u00e9 pour la d\u00e9signation des ordonnateurs secondaires et de leurs d\u00e9l\u00e9gu\u00e9s ;\nVU  l'arr\u00eat\u00e9  pr\u00e9fectoral  n\u00b069-2023-11-29-00003  du  29 novembre  2023  portant  organisation  de  la\ndirection d\u00e9partementale des territoires du Rh\u00f4ne ;\nVU  l'arr\u00eat\u00e9  du  Premier  ministre  et  du  ministre  de  l'Int\u00e9rieur  en  date  du  30 janvier 2024  portant\nnomination de M. Xavier CEREZA, ing\u00e9nieur g\u00e9n\u00e9ral des ponts, des eaux et des for\u00eats, en qualit\u00e9 de\ndirecteur d\u00e9partemental des territoires du Rh\u00f4ne,\nVU  l'arr\u00eat\u00e9 pr\u00e9fectoral n\u00b069-2025-09-08-00009 du 8 septembre 2025 portant d\u00e9l\u00e9gation de signature \u00e0\nM. Xavier CEREZA, directeur d\u00e9partemental des territoires du Rh\u00f4ne, en mati\u00e8re d'ordonnancement\nsecondaire et de march\u00e9s publics,\nSur proposition du directeur d\u00e9partemental des territoires du Rh\u00f4ne,\nD\u00c9CIDE\nArticle   \n   1    : \nEn cas d'absence ou d'emp\u00eachement de M. Xavier CEREZA, les d\u00e9l\u00e9gations de signature qui lui sont\nconf\u00e9r\u00e9es par l'arr\u00eat\u00e9 pr\u00e9fectoral susvis\u00e9 sont exerc\u00e9es par M. Nicolas ROUGIER, directeur adjoint, et\nMme Ga\u00eblle LEJOSNE, adjointe au directeur.\nArticle   \n   2    : \nLe  Directeur  D\u00e9partemental  des  Territoires  subd\u00e9l\u00e8gue  les  d\u00e9l\u00e9gations  de  signature  qui  lui  sont\nconf\u00e9r\u00e9es par l'arr\u00eat\u00e9 pr\u00e9fectoral susvis\u00e9 aux fonctionnaires et agents de l'\u00c9tat d\u00e9sign\u00e9s aux articles 4\net 5 dans le cadre de leurs attributions et comp\u00e9tences et la limite des cr\u00e9dits allou\u00e9s ou des d\u00e9penses\nautoris\u00e9es. \n1/8\n69-2025-09-11-00003\n   11 septembre 2025\n69_DDT_Direction d\u00e9partementale des territoires du Rh\u00f4ne - 69-2025-09-11-00003 - decision OSPA finale Vis\u00e9e 4\nArticle     3    : \nSont exclues de cette subd\u00e9l\u00e9gation pour les agents list\u00e9s \u00e0 l'article 4 : \n- les d\u00e9cisions de subventions de fonctionnement sup\u00e9rieures \u00e0 30 000 \u20ac,\n- les d\u00e9cisions de subventions d'investissement sup\u00e9rieures \u00e0 100 000 \u20ac,\n- la signature et l'engagement des march\u00e9s publics et protocoles d'accord transactionnel dont les\nmontants sont sup\u00e9rieurs \u00e0 90 000 euros HT.\nSont exclues de cette subd\u00e9l\u00e9gation pour les agents list\u00e9s \u00e0 l'article 5 :\n- les d\u00e9cisions de subventions sup\u00e9rieures \u00e0 10 000 \u20ac,\n- La  signature  et  l'engagement  des  march\u00e9s  publics  dont  les  montants  sont  sup\u00e9rieurs  \u00e0\n10 000 euros HT,\n- Les  actes  et  pi\u00e8ces  relatifs  \u00e0  la  passation,  l'engagement,  l'ex\u00e9cution  et  la  liquidation  des\nd\u00e9penses  pour  les  march\u00e9s  publics  et  protocoles  d'accord  transactionnel  dont  les  montants  sont\nsup\u00e9rieurs \u00e0 10 000 euros HT.\nArticle  \n   4    :\n NOM FONCTION BOP (action, sous-action)\nMme MICHAUD Jeanne Chef du service Connaissance et \nAccompagnement des Transitions \n 135-07\n380-03-01\n380-03-05\n380-03-06\n380-03-10\nM. SABY Laurent Adjoint \u00e0 la chef de service Connais sance et \nAccompagnement des Transitions\n 135-07\n380-03-01\n380-03-05\n380-03-06\n380-03-10\nMme BURGY Juliette Chef du service B\u00e2timent et Accessibilit\u00e9  135-04, \n148-02-05, \n348-11, 348-12, 348-13\n354\n362-01, \n723-11, 723-12, 723-13, \n723-14\nMme VEXLARD Anne Ajointe \u00e0 la chef du service B\u00e2time nt et \nAccessibilit\u00e9, Responsable de l'unit\u00e9 Assistance \net ma\u00eetrise d'ouvrage\n 135-04, \n148-02-05, \n348-11, 348-12, 348-13\n354\n362-01, \n723-11, 723-12, 723-13, \n723-14\nMme FARGEON H\u00e9l\u00e8ne Cheffe du service \u00c9conomie Agricole  \n149-24-11\n149-27-08\n215-03\nM. AGNIEL David Adjoint \u00e0 la cheffe du service \u00c9cono mie \nAgricole, responsable de l'unit\u00e9 aides au revenu\n 149-24-11\n149-27-08\n215-03\n2/8\n69_DDT_Direction d\u00e9partementale des territoires du Rh\u00f4ne - 69-2025-09-11-00003 - decision OSPA finale Vis\u00e9e 5\nM. GARIPUY Laurent Chef du service Eau, Nature et  Risques  113-07\n149-24-11\n149-26-12\n181_AURA_10\n181_AURA_14\n181_ROME_10 \n181_ROME_14\n215-03\n380-02-01\n380-02-04\nM. FAVIER Denis Adjoint au Chef du service Eau, Natu re et  \nRisques\n 113-07\n149-24-11\n149-26-12\n181_AURA_10\n181_AURA_14\n181_ROME_10 \n181_ROME_14\n215-03\n380-02-01\n380-02-04\nM. V\u00c9R\u00c9 Laurent Chef du service Habitat et Ville So lidaires  135-01\n135-02\n135-03\n135-04\n135-05\n135-07\n135-09-01\n135-09-02\n135-10\nMme SAMSO Gladys Adjointe au Chef du service Habitat  et Ville \nSolidaires\nResponsable de la mission Transformation \nsolidaire de la ville\n \n135-01\n135-02\n135-03\n135-04\n135-05\n135-07\n135-09-01\n135-09-02\n135-10\nM. JOSEPH Damien Responsable de l'unit\u00e9 Logement soc ial  135-01\n135-05\n135-09-01\n135-09-02\n135-10\nM. RAJEZAKOWSKI Pierre Chef du service Am\u00e9nagement e t Appui aux \nTerritoires\n 113-01\n135-01\n135-07-01 \n135-07-03 \n135-07-05 \n135-07-06 \n380-02-06 \n380-02-08 \nMme ROCH Laurence Adjointe au chef du service Am\u00e9nag ement et \nAppui aux Territoires\n 113-01\n135-01\n3/8\n69_DDT_Direction d\u00e9partementale des territoires du Rh\u00f4ne - 69-2025-09-11-00003 - decision OSPA finale Vis\u00e9e 6\n135-07-01 \n135-07-03 \n135-07-05 \n135-07-06 \n380-02-06 \n380-02-08 \nM. CROSSONNEAU  \nNicolas\nChef du service S\u00e9curit\u00e9 et Transports  203-42-03\n207-01\n207-03\nM. MOJA Philippe Adjoint au chef du service S\u00e9curit\u00e9  et \nTransports, Responsable de l'unit\u00e9 navigation \nfluviale\n 203-42-03\n207-01\n207-03\nService Connaissance et Accompagnement des Transitions\n NOM FONCTION BOP (action, sous-action) \nM. BOURJON Aymeric Responsable de l'unit\u00e9 mobilit\u00e9s durables  380-03-01\n380-03-05\n380-03-06\nM. JEZIORO Vincent Responsable de l'unit\u00e9 des affaires juridiques  135-07\n Mme CEZILLY Soizic Responsable de l'unit\u00e9 transitions \u00e9cologiques\n380-03-10\nM. GARCIA Claude Charg\u00e9 de mission air et bruit \u2013 Ad joint unit\u00e9 \ntransitions \u00e9cologiques\n 380-03-10\nService B\u00e2timent et Accessibilit\u00e9\n NOM FONCTION BOP (action, sous-action)\nMme TROMAS Sandrine Adjointe \u00e0 la responsable de l'u nit\u00e9 assistance \net ma\u00eetrise d'ouvrage\n 135-04, \n148-02-05, \n348-11, 348-12, 348-13\n354\n362-01, \n723-11, 723-12, 723-13, \n723-14\nMme BOSSAN Claire Responsable de l'unit\u00e9 Qualit\u00e9 du b\u00e2timent  135-04\nService \u00c9conomie Agricole\n NOM FONCTION BOP (action, sous-action) \nMme LARGO Sabrina Charg\u00e9 de mission Animation transv ersale des \npolitiques agricoles\n 149-24-11\n149-27-08\nMme GUERIN-SKAFAR \nNathalie\nResponsable de l'unit\u00e9 suivi des exploitations  149-24-11\n149-27-08\n4/8\n69_DDT_Direction d\u00e9partementale des territoires du Rh\u00f4ne - 69-2025-09-11-00003 - decision OSPA finale Vis\u00e9e 7\nService Eau, Nature     et Risques  \n NOM FONCTION BOP (action, sous-action) \n Mme JEAN Corinne Responsable de l'unit\u00e9 faune for\u00eat biodiversit\u00e9113-07\n149-24-11\n149-26-12\n215-03\n380-02-04\nMme JOUIN C\u00e9cile Responsable de l'unit\u00e9 pr\u00e9vention d es risques \nnaturels\n 181_AURA_10\n181_AURA_14\n181_ROME_10 \n181_ROME_14\n380-02-01\nM. CATILLON Yann Adjoint au Responsable de l'unit\u00e9 p r\u00e9vention \ndes risques naturels\n 181_AURA_10\n181_AURA_14\n181_ROME_10 \n181_ROME_14\n380-02-01\nM. SAINT-EVE Vincent Responsable de l'unit\u00e9 eau  113-07\nMme BASSON Coraline Cheffe du p\u00f4le assainissement pluvial  113-07\nM. VERNAY Laurent Chef du p\u00f4le milieux aquatiques et eaux \nsouterraines\n 113-07\nMme VIONNET Camille Charg\u00e9e de mission plans d'eau et ouvrages \nhydrauliques\n 113-07\nM. SINTUREL Herv\u00e9 Responsable de l'unit\u00e9 suivi et \naccompagnement des politiques de l'eau et de \nla nature \n \n113-07\n149-24-11\n149-26-12\n181_AURA_10\n181_AURA_14\n181_ROME_10 \n181_ROME_14\n380-02-01\n380-02-04\nMme KIENTZLER Anne Adjointe au Responsable de l'unit\u00e9 suivi et \naccompagnement des politiques de l'eau et de \nla nature \n \n113-07\n149-24-11\n149-26-12\n181_AURA_10\n181_AURA_14\n181_ROME_10 \n181_ROME_14\n380-02-01\n380-02-04\nService Habitat et Ville Solidaires\n NOM FONCTION BOP (action, sous-action) \nM. GUETAT Benjamin Responsable de l'unit\u00e9 Am\u00e9liorati on du logement \npriv\u00e9\n135-03\n135-05\nMme SCOMAZZON \nSophie \nResponsable du p\u00f4le Am\u00e9lioration du Parc Priv\u00e9 135-05\n5/8\n69_DDT_Direction d\u00e9partementale des territoires du Rh\u00f4ne - 69-2025-09-11-00003 - decision OSPA finale Vis\u00e9e 8\nMme ROGAI Samia Responsable du p\u00f4le lutte contre l'h abitat \nindigne\n135-03\n135-05\nM. HEUMANN Fran\u00e7ois Responsable de l'unit\u00e9 habitat et mixit\u00e9 sociale135-05\n135-09-01\n135-09-02\nMme BENLAHRECH \nNathalie\nResponsable du bureau administratif\n135-03\n135-05\nService Am\u00e9nagement et Appui aux Territoires\n NOM FONCTION BOP (action, sous-action) \nMme HARNOIS \nCl\u00e9mentine\nResponsable de l'unit\u00e9 Beaujolais \nOuest Sud\n 113-01\n135-01\n135-07\nM. MANDIN Pierre Chef du p\u00f4le Beaujolais  135-01\n135-07\nMme CLAUDET Marie Cheffe du p\u00f4le Ouest Sud  113-01\n135-01\n135-07-05 \nMme ADAM Justine Responsable de l'unit\u00e9 foncier \nam\u00e9nagement risques technologiques\n 113-01\n135-01\n135-07-01 \n135-07-03 \n135-07-05 \n135-07-06 \n380-02-06 \n380-02-08 \nMme DUSSUPT Clotilde Cheffe  du  p\u00f4le  agglom\u00e9ration\nlyonnaise\n 135-01\n135-07-06 \nMme BANO MATHIEU \nMa\u00e9va\nCheffe  du  p\u00f4le  optimisation  du\nfoncier\n 113-01\n135-01\n135-07-01 \n135-07-03 \n135-07-05 \n135-07-06 \n380-02-06 \n380-02-08 \nMme CHOUVELLON \nAnne-Laure\nResponsable de l'unit\u00e9 urbanisme  135-01\n135-07\n M. REUDET Nicolas Charg\u00e9  de  mission  Conseil  aux\nterritoires\n135-07-01 \n380-02-08 \n6/8\n69_DDT_Direction d\u00e9partementale des territoires du Rh\u00f4ne - 69-2025-09-11-00003 - decision OSPA finale Vis\u00e9e 9\nService S\u00e9curit\u00e9 et Transports\n NOM FONCTION BOP (action, sous-action) \nM. ARNOLD St\u00e9phane Responsable de l'unit\u00e9 s\u00e9curit\u00e9 et \nr\u00e9glementation routi\u00e8res\n 207-01\nMme FAYOLLE Murielle Responsable de l'unit\u00e9 \u00e9ducation \nrouti\u00e8re\n 207-03\nM. SZULIGA Jean-Michel Responsable adjoint de l'unit\u00e9 \n\u00e9ducation routi\u00e8re\n 207-03\nM. CORTES Laurent Adjoint aux d\u00e9l\u00e9gu\u00e9s de l'unit\u00e9 \n\u00e9ducation routi\u00e8re\n 207-03\nM. BERNARD Benjamin Adjoint au responsable de l'unit\u00e9 \ns\u00e9curit\u00e9 et r\u00e9glementation routi\u00e8res\n 207-01\nMme RIOU Nathalie Responsable du bureau administrati f \nmutualis\u00e9\n 203-42-03\n207-01\n207-03\nArticle  \n   5    :\nLes agents d\u00e9sign\u00e9s ci-apr\u00e8s sont habilit\u00e9s \u00e0 valider les engagements et les services faits dans Chorus\nformulaire lorsque ces \u00e9l\u00e9ments ont fait l'objet d'une validation \u00e9crite par un agent b\u00e9n\u00e9ficiant de la\nd\u00e9l\u00e9gation ou d'une subd\u00e9l\u00e9gation au titre des articles pr\u00e9c\u00e9dents.\n NOM SERVICE FONCTION\nMme RIOU Nathalie SST Responsable du bureau administr atif mutualis\u00e9\nM. CORTES Laurent SST Adjoint aux d\u00e9l\u00e9gu\u00e9s de l'unit\u00e9  \u00e9ducation routi\u00e8re\nMme VEXLARD Anne SBA Responsable de l'unit\u00e9 Assistanc e et Ma\u00eetrise d'ouvrage\nMme TROMAS Sandrine SBA Adjointe \u00e0 la responsable de l'unit\u00e9 Assistance et ma\u00eetrise \nd'ouvrage\nMme MOUZITA Mireille SBA Charg\u00e9e de gestion budg\u00e9tair e immobilier\nMme BOUBAKER Nora SENR Charg\u00e9e de proc\u00e9dures budg\u00e9tai res et de dossiers d'aides \nM. JOSEPH Damien SHVS Responsable de l'unit\u00e9 logement  social\nMme BENLAHRECH \nNathalie\nSHVS Responsable du bureau administratif\nMme HELIN Sophie SAAT R\u00e9f\u00e9rente foncier et am\u00e9nagemen t\n Mme D\u00c9LIA Oria SCAT Responsable administrative des p rojets de transports\nArticle  \n   6    :\nLa pr\u00e9sente d\u00e9cision abroge la d\u00e9cision n\u00b0 69-2025-06-20-00006 du 18 juin 2025 portant subd\u00e9l\u00e9gation\nde signature en mati\u00e8re d'ordonnancement secondaire et de pouvoir adjudicateur.\nArticle     7    :\nLa pr\u00e9sente d\u00e9cision entre en vigueur le 15 septembre 2025.\n7/8\n69_DDT_Direction d\u00e9partementale des territoires du Rh\u00f4ne - 69-2025-09-11-00003 - decision OSPA finale Vis\u00e9e 10\nArticle 8 :\nLe directeur d\u00e9partemental des territoires est charg\u00e9 de l'ex\u00e9cution de la pr\u00e9sente d\u00e9cision qui sera\npubli\u00e9e au recueil des actes administratifs de la pr\u00e9fecture du Rh\u00f4ne.\nFait, le \nLe directeur d\u00e9partemental des territoires,\nXavier CEREZA\nD\u00e9lais et voies de recours :\nConform\u00e9ment \u00e0 l'article R.421-1 du code de justice administrative, la pr\u00e9sente d\u00e9cision peut faire l'objet\nd'un recours contentieux, dans le d\u00e9lai de deux mois \u00e0 compter de sa notification, devant le tribunal\nadministratif  de  Lyon  (184,  rue  Duguesclin  \u2013  69 433  Lyon  Cedex  03,  ou  sur  l'application\nwww.telerecours.fr). Elle peut \u00e9galement faire l'objet d'un recours gracieux aupr\u00e8s de Madame la Pr\u00e9f\u00e8te\ndu Rh\u00f4ne. Cette d\u00e9marche interrompt le d\u00e9lai de recours contentieux, ce dernier devant \u00eatre introduit\ndans le d\u00e9lai de deux mois suivant une d\u00e9cision implicite ou explicite de l'autorit\u00e9 comp\u00e9tente (le silence\nde l'administration pendant un d\u00e9lai de deux mois valant d\u00e9cision implicite de rejet).\n8/8\nSign\u00e9\n11 septembre 2025\n69_DDT_Direction d\u00e9partementale des territoires du Rh\u00f4ne - 69-2025-09-11-00003 - decision OSPA finale Vis\u00e9e 11\n69_DDT_Direction d\u00e9partementale des\nterritoires du Rh\u00f4ne\n69-2025-09-11-00005\ndecision representation CCDSA Vis\u00e9e\n69_DDT_Direction d\u00e9partementale des territoires du Rh\u00f4ne - 69-2025-09-11-00005 - decision representation CCDSA Vis\u00e9e 12\nPREFETEDU RHONELibert\u00e9Egalit\u00e9Fraternit\u00e9\nDirection d\u00e9partementale\ndes territoires\nD\u00e9cision n\u00b0                                          du\nconcernant la repr\u00e9sentation du directeur d\u00e9partemental des territoires au sein de la commission\nconsultative d\u00e9partementale de s\u00e9curit\u00e9 et d'accessibilit\u00e9 (CCDSA) et de ses sous-commissions et\ndes groupes de visite de la commission communale de Lyon pour la s\u00e9curit\u00e9 \nVU  le code de la construction et de l'habitation ;\nVU  le code de l'environnement ;\nVU  le code g\u00e9n\u00e9ral des collectivit\u00e9s territoriales ;\nVU  le code de l'urbanisme ;\nVU  le code de la voirie routi\u00e8re ;\nVU  le code du sport  ;\nVU  le d\u00e9cret n\u00b0 95-260 du 8 mars 1995 modifi\u00e9, relatif \u00e0 la commission consultative d\u00e9partementale\nde s\u00e9curit\u00e9 et d'accessibilit\u00e9 ;\nVU  le d\u00e9cret n\u00b0 2020-806 du 29 juin 2020 relatif \u00e0 certaines commissions \u00e0 caract\u00e8re consultatif \nrelevant du minist\u00e8re de la transition \u00e9cologique et solidaire et du minist\u00e8re de la coh\u00e9sion des \nterritoires et des relations avec les collectivit\u00e9s territoriales;\nVU  le d\u00e9cret n\u00b02017-440 du 30 mars 2017 relatif \u00e0 la s\u00e9curit\u00e9 des transports publics guid\u00e9s ;\nVU  l'arr\u00eat\u00e9 du Premier ministre et du ministre de l'Int\u00e9rieur en date du 5 octobre 2020  portant \nnomination de M. Nicolas Rougier, ing\u00e9nieur en chef des ponts, des eaux et des for\u00eats, en \nqualit\u00e9 de directeur d\u00e9partemental adjoint des territoires du Rh\u00f4ne, \nVU  l'arr\u00eat\u00e9 n\u00b0 69-2025-06-06-00001 du 6 juin 2025 portant renouvellement de la commission  \nconsultative d\u00e9partementale de s\u00e9curit\u00e9 et d'accessibilit\u00e9 ;\nVU  l'arr\u00eat\u00e9 du 11 juin 2025 portant renouvellement de la sous-commission d\u00e9partementale pour la \ns\u00e9curit\u00e9 contre les risques d'incendie et de panique dans les \u00e9tablissements recevant du public\net les immeubles de grande hauteur ; \nVU l'arr\u00eat\u00e9 n\u00b0 69-2025-06-16-00015 du 16 juin 2025 portant renouvellement de la sous-commission \nd\u00e9partementale pour l'accessibilit\u00e9 des personnes handicap\u00e9es ;\nVU  l'arr\u00eat\u00e9  du  19  juin  2025  portant  renouvellement  de  la  sous-commission  d\u00e9partementale  pour\nl'homologation des enceintes sportives ;\n1/5\n69-2025-09-11-00005\n11 septembre 2025\n69_DDT_Direction d\u00e9partementale des territoires du Rh\u00f4ne - 69-2025-09-11-00005 - decision representation CCDSA Vis\u00e9e 13\nVU  l'arr\u00eat\u00e9 n\u00b0 69-2020-09-30-005 portant renouvellemen t de la sous-commission d\u00e9partementale pour la\ns\u00e9curit\u00e9 des terrains de camping et de stationnement de caravanes ;\nVU  l'arr\u00eat\u00e9 du 16 juin 2025 portant renouvellement de la sous-commission d\u00e9partementale pour la s\u00e9curit\u00e9\ndes infrastructures et syst\u00e8mes de transport ;\nVU  l'arr\u00eat\u00e9 n\u00b0 69-2020-09-30-007 portant renouvelleme nt de la sous-commission d\u00e9partementale pour la\ns\u00e9curit\u00e9 publique ;\nVU  l'arr\u00eat\u00e9 n\u00b0 69-2020-09-30-008 portant renouvellement de la formation \u00ab grands rassemblements \u00bb de la\ncommission consultative d\u00e9partementale de s\u00e9curit\u00e9 et d'accessibilit\u00e9 pour l'arrondissement de Lyon ;\nVU l'arr\u00eat\u00e9 du 16 juin 2025 portant  renouvellement de la sous-commission d\u00e9partementale contre les\nrisques d'incendie de for\u00eat et d'espaces naturels ;\nVU  l'arr\u00eat\u00e9 du Premier ministre et du ministre de l'I nt\u00e9rieur en date du 30 janvier 2024 portant\nnomination de M. Xavier CEREZA, ing\u00e9nieur g\u00e9n\u00e9ral d es ponts, des eaux et des for\u00eats, en\nqualit\u00e9 de directeur d\u00e9partemental des territoires du Rh\u00f4ne ;\nVU  l'arr\u00eat\u00e9 pr\u00e9fectoral n\u00b069-2025-09-08-00008 du 8 sep tembre 2025 portant d\u00e9l\u00e9gation de  \nsignature \u00e0 M. Xavier CEREZA, directeur d\u00e9partemental des territoires du Rh\u00f4ne ;\nSur proposition du directeur d\u00e9partemental des territoires du Rh\u00f4ne\nD\u00c9CIDE\nArticle 1  er   :\nEn cas d'absence ou d'emp\u00eachement de M. Xavier CERE ZA, sa repr\u00e9sentation devant les instances\nd\u00e9sign\u00e9es par la pr\u00e9sente d\u00e9cision sont exerc\u00e9es par M. Nicolas ROUGIER, directeur adjoint, et Mme\nGa\u00eblle LEJOSNE, adjointe au directeur.\nArticle 2 :\nLa repr\u00e9sentation sera \u00e9galement assur\u00e9e par les ag ents d\u00e9sign\u00e9s ci-apr\u00e8s, sous le contr\u00f4le et la\nresponsabilit\u00e9  de  leur  sup\u00e9rieur  hi\u00e9rarchique  direc t,  dans  les  limites  de  leurs  attributions\nfonctionnelles ou territoriales de la fa\u00e7on suivante :\nParticipation aux travaux de la \ncommission consultative \nd\u00e9partementale de s\u00e9curit\u00e9 et de \nl'accessibilit\u00e9\nChef du service b\u00e2timent et accessibilit\u00e9\nAdjointe \u00e0 la chef du service b\u00e2timent et accessibilit\u00e9\nResponsable de l'unit\u00e9 accessibilit\u00e9\nChef du service s\u00e9curit\u00e9 et transports\nAdjoint au chef du service s\u00e9curit\u00e9 et transports\nResponsable de l'unit\u00e9 s\u00e9curit\u00e9 et r\u00e9glementation \nrouti\u00e8res\nChef(fe) du service connaissance et accompagnement \ndes transitions\nAdjoint \u00e0 la chef du service connaissance et \naccompagnement des transitions\n2/5\n69_DDT_Direction d\u00e9partementale des territoires du Rh\u00f4ne - 69-2025-09-11-00005 - decision representation CCDSA Vis\u00e9e 14\nParticipation aux travaux de la sous-\ncommission d\u00e9partementale de s\u00e9curit\u00e9\ndans les \u00e9tablissements recevant du \npublic et les immeubles de grande \nhauteur, et pour les visites effectu\u00e9es \navant toute ouverture des \n\u00e9tablissements recevant du public ou \navant r\u00e9ouverture des \u00e9tablissements \nferm\u00e9s depuis plus de dix mois lorsque \nces visites con-cernent des \n\u02b3\u1d49 \u1d49 \u1d49\u00e9tablissements de 1 , 2  ou 3  cat\u00e9gorie, \nde son groupe de visite et du groupe de \nvisite de la commission communale de \nLyon pour la s\u00e9curit\u00e9 et l'accessibilit\u00e9\nChef du service b\u00e2timent et accessibilit\u00e9\nAdjointe \u00e0 la chef du service b\u00e2timent et accessibilit\u00e9\nResponsable de l'unit\u00e9 accessibilit\u00e9\nAdjointe \u00e0 la responsable de l'unit\u00e9 accessibilit\u00e9\nInstructeurs accessibilit\u00e9\nCharg\u00e9s d'\u00e9tudes b\u00e2timent durable\nAgents de l'unit\u00e9 assistance et ma\u00eetrise d'ouvrage\nParticipation aux travaux de la sous-\ncommission d\u00e9partementale pour la \ns\u00e9curit\u00e9 des terrains de camping et de \nstationnement des caravanes\npour le risque inondation\nChef du service eau, nature et risques\nAdjoint au Chef du service eau, nature et risques\nResponsable de l'unit\u00e9 pr\u00e9vention des risques naturels\nAdjoint \u00e0 la responsable de l'unit\u00e9 pr\u00e9vention des \nrisques naturels\nCharg\u00e9(e)s missions risques naturels\nParticipation  aux  travaux  de  la  sous-\ncommission  d\u00e9partementale  pour  la\ns\u00e9curit\u00e9 des terrains de camping et de\nstationnement des caravanes\npour le risque technologique\nChef du service am\u00e9nagement et appui aux territoires\nAdjointe au chef du service am\u00e9nagement et appui aux \nterritoires\nResponsable de l'unit\u00e9 foncier am\u00e9nagement risques \ntechnologiques\nCharg\u00e9 de mission risques technologiques\nCharg\u00e9(e)s d'\u00e9tude am\u00e9nagement\nPr\u00e9sidence de la sous-commission \nd\u00e9partementale d'accessibilit\u00e9\nChef du service b\u00e2timent et accessibilit\u00e9\nAdjointe \u00e0 la chef du service b\u00e2timent et accessibilit\u00e9\nResponsable de l'unit\u00e9 accessibilit\u00e9\nAdjointe \u00e0 la responsable de l'unit\u00e9 accessibilit\u00e9\nParticipation aux travaux de la sous-\ncommission d\u00e9partementale \nd'accessibilit\u00e9 et de son groupe de visite\nChef du service b\u00e2timent et accessibilit\u00e9\nAdjointe au/\u00e0 la chef(fe) du service b\u00e2timent et \naccessibilit\u00e9\nResponsable de l'unit\u00e9 accessibilit\u00e9\nAdjointe \u00e0 la responsable de l'unit\u00e9 accessibilit\u00e9\nInstructeurs accessibilit\u00e9\n3/5\n69_DDT_Direction d\u00e9partementale des territoires du Rh\u00f4ne - 69-2025-09-11-00005 - decision representation CCDSA Vis\u00e9e 15\nParticipation  compl\u00e9mentaire  aux\ntravaux  de  la  sous-commission\nd\u00e9partementale d'accessibilit\u00e9 et de son\ngroupe  de  visite  pour  les  dossiers\ntransport\nChef(fe) du service connaissance et accompagnement\ndes transitions \nAdjoint(e) au/\u00e0 la chef(fe) du service connaissance  et\naccompagnement des transitions\nResponsable de l'unit\u00e9 mobilit\u00e9s durables\nCharg\u00e9(e) d'\u00e9tudes mobilit\u00e9s durables\nParticipation aux travaux de la sous-\ncommission d\u00e9partementale pour \nl'homologation des enceintes sportives\nChef du service b\u00e2timent et accessibilit\u00e9\nAdjointe \u00e0 la Chef du service b\u00e2timent et accessibilit\u00e9\nResponsable de l'unit\u00e9 accessibilit\u00e9\nAdjointe \u00e0 la responsable de l'unit\u00e9 accessibilit\u00e9\nInstructeurs accessibilit\u00e9\nParticipation aux travaux de la sous-\ncommission d\u00e9partementale pour la \ns\u00e9curit\u00e9 publique\nChef(fe) du service connaissance, accompagnement de s\ntransitions \nAdjoint(e) au/\u00e0 la chef(fe) du service connaissance  et\naccompagnement des transitions \nResponsable de l'unit\u00e9 mobilit\u00e9s durables\nCharg\u00e9(e) d'\u00e9tudes mobilit\u00e9s durables\nParticipation aux travaux des sous-\ncommissions \u00ab grands rassemblements \u00bb\nde la commission consultative \nd\u00e9partementale de s\u00e9curit\u00e9 et \nd'accessibilit\u00e9 pour les arrondissements \nde Lyon et Villefranche-sur-Sa\u00f4ne\nChef(fe) du service s\u00e9curit\u00e9 et transports\nAdjoint(e) au/\u00e0 la chef(fe) du service s\u00e9curit\u00e9 et \ntransports, responsable de l'unit\u00e9 s\u00e9curit\u00e9 et \nr\u00e9glementation routi\u00e8res\nResponsable du p\u00f4le observatoire d\u00e9partemental de la \ns\u00e9curit\u00e9 routi\u00e8re\nCharg\u00e9(e) d'\u00e9tudes s\u00e9curit\u00e9 routi\u00e8re\nResponsable de l'unit\u00e9 foncier am\u00e9nagement risques \ntechnologiques\nChe(fe) du p\u00f4le agglom\u00e9ration lyonnaise\nCharg\u00e9(e)s d'\u00e9tude am\u00e9nagement\nParticipation aux travaux de la sous-\ncommission d\u00e9partementale pour la \ns\u00e9curit\u00e9 des infrastructures et syst\u00e8mes \nde transport\nChef(fe) du service s\u00e9curit\u00e9 et transports\nAdjoint(e)  au/\u00e0  la  chef(fe)  du  service  s\u00e9curit\u00e9  et\ntransports,  responsable  de  l'unit\u00e9  s\u00e9curit\u00e9  et\nr\u00e9glementation routi\u00e8res\nCharg\u00e9(e) d'\u00e9tudes r\u00e9glementation\nChef(fe) du service connaissance, accompagnement de s\ntransitions \nAdjointe au/\u00e0 la chef(fe) du service connaissance e t\naccompagnement des transitions \n4/5\n69_DDT_Direction d\u00e9partementale des territoires du Rh\u00f4ne - 69-2025-09-11-00005 - decision representation CCDSA Vis\u00e9e 16\nResponsable de l'unit\u00e9 mobilit\u00e9s durables\nCharg\u00e9(e) d'\u00e9tudes mobilit\u00e9s durables\nParticipation aux travaux de la sous-\ncommission d\u00e9partementale contre les \nrisques d'incendie de for\u00eat et d'espace \nnaturels\nChef du service eau, nature et risques\nAdjoint au chef du service eau, nature et risques\nResponsable de l'unit\u00e9 pr\u00e9vention des risques naturels\nAdjoint \u00e0 la responsable de l'unit\u00e9 pr\u00e9vention des \nrisques naturels\nResponsable de l'unit\u00e9 faune for\u00eat biodiversit\u00e9\nCharg\u00e9e de mission for\u00eat\nArticle 3 :\nLa pr\u00e9sente d\u00e9cision abroge la d\u00e9cision n\u00b0 69-2025-06-20-00004 du 18 juin 2025 portant d\u00e9l\u00e9gation\nconcernant la repr\u00e9sentation du directeur d\u00e9partemental des territoires au sein de la commission\nconsultative d\u00e9partementale de s\u00e9curit\u00e9 et d'accessibilit\u00e9 (CCDSA) et de ses sous-commissions et\ndes groupes de visite de la commission communale de Lyon pour la s\u00e9curit\u00e9.\nArticle   \n   4    :\nLa pr\u00e9sente d\u00e9cision entre en vigueur le 15 septembre 2025.\nArticle 5 :\nLe directeur d\u00e9partemental des territoires est charg\u00e9 de l'ex\u00e9cution de la pr\u00e9sente d\u00e9cision qui sera\npubli\u00e9e au recueil des actes administratifs de la pr\u00e9fecture du Rh\u00f4ne.\nFait, le \n    Le directeur d\u00e9partemental des territoires \nXavier CEREZA\nD\u00e9lais et voies de recours :\nConform\u00e9ment \u00e0 l'article R.421-1 du code de justice administrative, la pr\u00e9sente d\u00e9cision peut faire\nl'objet d'un recours contentieux, dans le d\u00e9lai de deux mois \u00e0 compter de sa notification, devant le\ntribunal  administratif  de  Lyon  (184,  rue  Duguesclin  \u2013 69 433  Lyon  Cedex  03, ou  sur  l'application\nwww.telerecours.fr).  Elle  peut  \u00e9galement  faire  l'objet  d'un  recours  gracieux  aupr\u00e8s  de  Madame  la\nPr\u00e9f\u00e8te du Rh\u00f4ne. Cette d\u00e9marche interrompt le d\u00e9lai de recours contentieux, ce dernier devant \u00eatre\nintroduit  dans  le  d\u00e9lai  de  deux  mois  suivant  une  d\u00e9cision  implicite  ou  explicite  de  l'autorit\u00e9\ncomp\u00e9tente (le silence de l'administration pendant un d\u00e9lai de deux mois valant d\u00e9cision implicite de\nrejet).\n5/5\n 11 septembre 2025\n69_DDT_Direction d\u00e9partementale des territoires du Rh\u00f4ne - 69-2025-09-11-00005 - decision representation CCDSA Vis\u00e9e 17\n69_DDT_Direction d\u00e9partementale des\nterritoires du Rh\u00f4ne\n69-2025-09-11-00001\ndecision subdeleg affgen finale 01 08 25 Vis\u00e9e\n69_DDT_Direction d\u00e9partementale des territoires du Rh\u00f4ne - 69-2025-09-11-00001 - decision subdeleg affgen finale 01 08 25 Vis\u00e9e 18\nExPR\u00c9F\u00c8TEDU RHONELibert\u00e9Egalit\u00e9Fraternit\u00e9\nDirection d\u00e9partementale\ndes territoires\nD\u00e9cision n\u00b0                                           du                        \nportant subd\u00e9l\u00e9gation de signature en mati\u00e8re d'attributions g\u00e9n\u00e9rales      \nVU  le d\u00e9cret modifi\u00e9 n\u00b0 2004-374 du 29 avril 2004 relatif aux pouvoirs des pr\u00e9fets, \u00e0 l'organisation et \u00e0\nl'action des services de l'\u00c9tat dans les r\u00e9gions et d\u00e9partements,\nVU  l'arr\u00eat\u00e9  pr\u00e9fectoral  n\u00b069-2023-11-29-00003  du  29 novembre  2023  portant  organisation  de  la\ndirection d\u00e9partementale des territoires du Rh\u00f4ne,\nVU  l'arr\u00eat\u00e9  du  Premier  ministre  et  du  ministre  de  l'Int\u00e9rieur  en  date  du  30 janvier 2024  portant\nnomination de M. Xavier CEREZA, ing\u00e9nieur g\u00e9n\u00e9ral des ponts, des eaux et des for\u00eats, en qualit\u00e9 de\ndirecteur d\u00e9partemental des territoires du Rh\u00f4ne,\nVU  l'arr\u00eat\u00e9 pr\u00e9fectoral n\u00b069-2025-09-08-00008 du 8 septembre 2025 portant d\u00e9l\u00e9gation de signature \u00e0\nM. Xavier CEREZA, directeur d\u00e9partemental des territoires du Rh\u00f4ne,\nVU  l'arr\u00eat\u00e9  du  Premier  ministre  et  du  ministre  de  l'Int\u00e9rieur  en  date  du  5  octobre  2020  portant\nnomination de M. Nicolas ROUGIER en qualit\u00e9 de directeur d\u00e9partemental adjoint des territoires du\nRh\u00f4ne,\nVU  l'arr\u00eat\u00e9  du Premier ministre  et  du ministre  de  l'Int\u00e9rieur en  date  du  14 octobre  2024 portant\nrenouvellement dans ses fonctions de M. Nicolas ROUGIER, en qualit\u00e9 de directeur d\u00e9partemental\nadjoint des territoires du Rh\u00f4ne,\nD\u00c9CIDE\nArticle   \n   1    : \nEn cas d'absence ou d'emp\u00eachement de M. Xavier CEREZA, les d\u00e9l\u00e9gations de signature qui lui sont\nconf\u00e9r\u00e9es par l'arr\u00eat\u00e9 pr\u00e9fectoral susvis\u00e9 sont exerc\u00e9es par M. Nicolas ROUGIER, directeur adjoint, et\nMme Ga\u00eblle LEJOSNE, adjointe au directeur.\nArticle   \n   2      :   \nSubd\u00e9l\u00e9gation  de  signature  est  donn\u00e9e  aux  agents  d\u00e9sign\u00e9s  ci-apr\u00e8s,  sous  le  contr\u00f4le  et  la\nresponsabilit\u00e9 de leur sup\u00e9rieur hi\u00e9rarchique direct, dans la limite des d\u00e9l\u00e9gations pr\u00e9vues par les\ndispositions de l'arr\u00eat\u00e9 pr\u00e9fectoral susvis\u00e9 portant d\u00e9l\u00e9gation de signature \u00e0 Monsieur Xavier CEREZA.\nCette subd\u00e9l\u00e9gation peut \u00eatre \u00e9largie pour des attributions temporaires dans le cadre de suppl\u00e9ance,\nd'int\u00e9rim ou de fonction de cadre d'astreinte.\n1/8\n69-2025-09-11-00001\n 11 septembre 2025\n69_DDT_Direction d\u00e9partementale des territoires du Rh\u00f4ne - 69-2025-09-11-00001 - decision subdeleg affgen finale 01 08 25 Vis\u00e9e 19\nService connaissance et accompagnement des transitions \n Nom Fonction D\u00e9l\u00e9gation (code) \nMme MICHAUD Jeanne Chef de service  I.A.1 et I.A.2, \nI.A.28 et I.A.29, \nI.B, \nII.J, \nVI.A et VI.B \nM. SABY Laurent Adjoint \u00e0 la chef de service  I.A.1 e t I.A.2, \nI.A.28 et I.A.29, \nI.B \nII.J \nVI.A et VI.B \nMme DELSEY B\u00e9atrice Charg\u00e9e de mission aire d'attractivit\u00e9 ville de Lyon I.A.1 et I.A.2, \nI.A.28 et I.A.29 \nMme CEZILLY Soizic Responsable de l'unit\u00e9 transitions \u00e9cologiques   I.A.1 et I.A.2, \nI.A.28 et I.A.29, \nII.J \nM. GARCIA Claude Adjoint \u00e0 la responsable d'unit\u00e9 transitions \u00e9cologiques, \ncharg\u00e9 de mission air et bruit \n  I.A.1 et I.A.2, \nI.A.28 et I.A.29, \nII.J \nM. BOURJON Aymeric Responsable de l'unit\u00e9 mobilit\u00e9s durables   I.A.1 et I.A.2, \nI.A.28 et I.A.29, \nVI.A et VI.B \nM. DIEUX Nicolas Responsable de l'unit\u00e9 information g\u00e9ographique   I.A.1 et I.A.2, \nI.A.28 et I.A.29, \nMme VEYRET Adeline Responsable de l'unit\u00e9 communication et coop\u00e9ration   I.A.1 et I.A.2, \nI.A.28 et I.A.29, \nM. JEZIORO Vincent Responsable de l'unit\u00e9 des affaires juridiques  I.A.1 et I.A.2, \nI.A.28 et I.A.29, \nI.B \nM. CADRE R\u00e9gis Responsable de l'Unit\u00e9 \u00e9tudes et observations   I.A.1 et I.A.2, \nI.A.28 et I.A.29 \nService Am\u00e9nagement et Appui aux Territoires \n Nom Fonction D\u00e9l\u00e9gation (code) \nM. RAJEZAKOWSKI \nPierre \nChef de service   I.A.1 et I.A.2, \nI.A.28 et I.A.29, \nII.C.3 \nII.H.1 \nII.I \nVIII \nMme ROCH Laurence Adjointe au chef de service   I.A.1  et I.A.2, \nI.A.28 et I.A.29, \nII.C.3 \nII.H.1 \nII.I \nVIII \n2/8 \n69_DDT_Direction d\u00e9partementale des territoires du Rh\u00f4ne - 69-2025-09-11-00001 - decision subdeleg affgen finale 01 08 25 Vis\u00e9e 20\nMme HARNOIS \nCl\u00e9mentine \nResponsable de l'unit\u00e9 Beaujolais Ouest Sud   I.A.1 et I.A.2, \nI.A.28 et I.A.29, \nII.C.3 \nVIII.B \nM. MANDIN Pierre Responsable du p\u00f4le Beaujolais  I.A. 1 et I.A.2, \nI.A.29 \nMme CLAUDET Marie Responsable du p\u00f4le Ouest Sud  I.A. 1 et I.A.2, \nI.A.29, \nII.C.3 \nMme ADAM Justine Responsable de l'unit\u00e9 foncier am\u00e9nagement risques \ntechnologiques \n  I.A.1 et I.A.2, \nI.A.28 et I.A.29, \nII.H.1 \nII.I \nVIII.A.1  \nVIII.A.7 \nVIII.A.8 \nVIII.B \nM. BOULET Vincent Charg\u00e9 de mission risques technologiques VIII.A 8 \nII.H.1 \nII.I \nMme DUSSUPT Clotilde Responsable du p\u00f4le agglom\u00e9ration lyonnaise  I.A.1 et I.A.2, \nI.A.29 \nMme BANO MATHIEU \nMa\u00e9va \nResponsable du p\u00f4le optimisation du foncier  I.A.1 et I.A.2, \nI.A.29 \nMme CHOUVELLON \nAnne-Laure \nResponsable de l'unit\u00e9 urbanisme   I.A.1 et I.A.2, \nI.A.28 et I.A.29, \nVIII.A \nService B\u00e2timent et Accessibilit\u00e9 \n Nom Fonction D\u00e9l\u00e9gation (code) \nMme BURGY Juliette Chef de service   I.A.1 et I.A.2, I.A.28 \net I.A.29, \nV\nMme VEXLARD Anne Adjointe \u00e0 la chef de service, responsable de l'unit\u00e9 \nAssistance et ma\u00eetrise d'ouvrage \n  I.A.1 et I.A.2, I.A.28 \net I.A.29, \nV\nMme BRUYERE Lucie Responsable de l'unit\u00e9 accessibilit\u00e9   I.A.1 et I.A.2, I.A.28 \net I.A.29, \nV.B. \nMme BONELLI Barbara Adjointe \u00e0 la responsable de l'unit\u00e9 accessibilit\u00e9   I.A.1 et I.A.2, I.A.28 \net I.A.29, \nV.B. \n3/8 \n69_DDT_Direction d\u00e9partementale des territoires du Rh\u00f4ne - 69-2025-09-11-00001 - decision subdeleg affgen finale 01 08 25 Vis\u00e9e 21\nMme TROMAS Sandrine Adjointe \u00e0 la responsable de l'unit\u00e9 Assistance et \nma\u00eetrise d'ouvrage \n  I.A.1 et I.A.2, I.A.28 \net I.A.29, V.C \nMme BOSSAN Claire Responsable de l'unit\u00e9 Qualit\u00e9 du b\u00e2timent   I.A.1 et I.A.2, I.A.28 \net I.A.29, \nV.A \n M. VAN ISEGHEM David Adjoint \u00e0 la responsable de l'unit\u00e9 Qualit\u00e9 du b\u00e2timent   I.A.1 et I.A.2, I.A.28 \net I.A.29, \nV.A \nService \u00c9conomie Agricole \n Nom Fonction D\u00e9l\u00e9gation (code) \nMme FARGEON H\u00e9l\u00e8ne Cheffe de service  I.A.1 et I.A.2, \nI.A.28 et I.A.29, \nIX \nX.A \u00e0 X.C \nX.D.2 \nM. AGNIEL David Adjoint \u00e0 la cheffe de service, Responsable de l'unit\u00e9 \naides au revenu \n I.A.1 et I.A.2, \nI.A.28 et I.A.29, \nIX \nX.A \u00e0 X.C \nX.D.2 \nMme LARGO Sabrina Charg\u00e9e de mission animation transversale des \npolitiques agricoles \n IX.B.3 \nIX.B.8 \u00e0 IX.B.10 \nX.D.2 \nMme GUERIN-SKAFAR \nNathalie \nResponsable de l'unit\u00e9 suivi  des exploitations  I.A.1 et I.A.2, \nI.A.28 et I.A.29, \nIX.A \nIX.B.3 \u00e0 IX.B.8 \nService Eau, Nature et Risques \n Nom Fonction D\u00e9l\u00e9gation (code) \nM. GARIPUY Laurent Chef de service   I.A.1 et I.A.2, \nI.A.28 et I.A.29, \nII.B \u00e0 II.F \nII.H.2 \u00e0 II.H.4 \nII.I.1 et II.I.3 \nVIII-A8 \nX B \nXD3 \nM. FAVIER Denis Adjoint au chef de service     I.A.1 et I.A.2, \nI.A.28 et I.A.29, \nII.B \u00e0 II.F \nII.H.2 \u00e0 II.H.4 \nII.I.1 et II.I.3 \nVIII-A8 \nX.B \nX.D3 \n4/8 \n69_DDT_Direction d\u00e9partementale des territoires du Rh\u00f4ne - 69-2025-09-11-00001 - decision subdeleg affgen finale 01 08 25 Vis\u00e9e 22\n Mme JEAN Corinne Responsable unit\u00e9 faune for\u00eat biodiversit\u00e9 I.A.1 et I.A.2, \nI.A.28 et I.A.29, \nII.C \u00e0 II.F \nX.D3 \nMme RUBI S\u00e9verine Charg\u00e9e de mission for\u00eat  II.D.1 et  II.D.2 \nM. SINTUREL Herv\u00e9 Responsable de l'unit\u00e9 suivi et accompagnement des \npolitiques de l'eau et la nature \n  I.A.1 et I.A.2, \nI.A.28 et I.A.29, \nII.B, \nII.C.2 et II.C.3 \nII.E.3, \nII.F.3 \nII.H.2 \u00e0 II.H.4, \nII.I.3, \nX.D.3. \nMme KIENTZLER Anne Adjointe au responsable de l'unit\u00e9 suivi et \naccompagnement des politiques de l'eau et la nature \nI.A.1 et I.A.2, \nI.A.28 et I.A.29, \nII.B, \nII.C.2 et II.C.3 \nII.E.3, \nII.F.3 \nII.H.2 \u00e0 II.H.4, \nII.I.3, \nX.D.3. \nM. SAINT-EVE Vincent Responsable de l'unit\u00e9 eau   I.A .1 et I.A.2, \nI.A.28 et I.A.29, \nII.B \nMme VIONNET Camille Charg\u00e9e de mission plans d'eau et ouvrages \nhydrauliques \nII.B.1 \u00e0 II.B.3 \nMme BASSON Coraline Responsable du p\u00f4le assainissement et pluvial I.A.1 et I.A.2, \nI.A.29, \nII.B \nM. VERNAY Laurent \n Responsable du p\u00f4le milieux aquatiques et eaux \nsouterraines \n I.A.1 et I.A.2, \nI.A.29, \nII.B \nMme JOUIN C\u00e9cile Responsable de l'unit\u00e9 pr\u00e9vention des risques naturels     I.A.1 et I.A.2, \nI.A.28 et I.A.29, \nII.H.2 \u00e0 II.H.4 \nII.I.1 et II.I.3 \nVIII-A8 \nX.B \nX.D3 \nM. CATILLON Yann Adjoint \u00e0 la responsable de l'unit\u00e9 de pr\u00e9vention des \nrisques naturels \n  I.A.1 et I.A.2, \nI.A.28 et I.A.29, \nII.H.2 \u00e0 II.H.4 \nII.I.1 et II.I.3 \nVIII-A8 \nX.B \nX.D3 \n5/8 \n69_DDT_Direction d\u00e9partementale des territoires du Rh\u00f4ne - 69-2025-09-11-00001 - decision subdeleg affgen finale 01 08 25 Vis\u00e9e 23\nService Habitat et Ville Solidaires \n Nom Fonction D\u00e9l\u00e9gation (code) \nM. V\u00c9R\u00c9 Laurent Chef de service   I.A.1 et I.A.2, \nI.A.28 et I.A.29, \nIV.A \u00e0 IV.E \nIV.G \u00e0 IV.K \nIV.N \u00e0 IV.P \nMme SAMSO Gladys Chef de service adjointe, Responsable de la mission \ntransformation solidaire de la ville \n  I.A.1 et I.A.2, \nI.A.28 et I.A.29, \nIV.A \u00e0 IV.E \nIV.G \u00e0 IV.K \nIV.N \u00e0 IV.P \nM. JOSEPH Damien Responsable de l'unit\u00e9 logement social   I.A.1 et I.A.2, \nI.A.28 et I.A.29, \nIV.A.1, IV.A.3, \nIV.A.6 \nIV.B \u00e0 IV.D \nIV.H \u00e0 IV.K \nM. HEUMANN Fran\u00e7ois Responsable de l'unit\u00e9 habitat et mixit\u00e9 sociale   I.A.1 et I.A.2, \nI.A.28 et I.A.29 \nI.A \nIV.G, IV.J, IV.K \nM GUETAT Benjamin Responsable de l'unit\u00e9 am\u00e9lioration du logement priv\u00e9   I.A.1 et I.A.2, \nI.A.28 et I.A.29, \nIV.E, IV.K, IV.N \u00e0 \nIV.P \nMme ROGA\u00cf Samia Responsable du p\u00f4le de lutte contre l'habitat indigne  I.A.1 et I.A.2, \nI.A.29, \nIV.E \nMme SCOMAZZON \nSophie \nResponsable du p\u00f4le am\u00e9lioration du parc priv\u00e9  I.A.1 et I.A.2, \nI.A.29, \nMme BENLAHRECH \nNathalie \nResponsable du bureau administratif  I.A.1 et I.A.2 , \nI.A.28 et I.A.29, \nService S\u00e9curit\u00e9 et Transports \n Nom Fonction D\u00e9l\u00e9gation (code) \nM. CROSSONNEAU \nNicolas \nChef de service   I.A.1 et I.A.2, \nI.A.28 et I.A.29, \nIII \nVI.C et VI.D \nM. MOJA Philippe Adjoint au chef du service, responsable de l'unit\u00e9 \nnavigation fluviale \n  I.A.1 et I.A.2, \nI.A.28 et I.A.29, \nIII \nVI.C et VI.D \n6/8 \n69_DDT_Direction d\u00e9partementale des territoires du Rh\u00f4ne - 69-2025-09-11-00001 - decision subdeleg affgen finale 01 08 25 Vis\u00e9e 24\nM. VAGOGNE Pierre Adjoint plaisance \u2013 unit\u00e9 navigation fluviale   I.A.1 et I.A.2, \nI.A.28 et I.A.29,\nVI.D.4, VI.D.5, \nVI.D.6, VI.D.7 , \nVI.D.13, VI.D.15\nM. ALVES Georges Adjoint commerce \u2013 unit\u00e9 navigation fluviale   I.A.1 et I.A.2, \nI.A.28 et I.A.29,\nVI.D.3, VI.D.4, \nVI.D.5, VI.D.6, \nVI.D.15\n M. ARNOLD St\u00e9phane Responsable de l'unit\u00e9 s\u00e9curit\u00e9 et r\u00e9glementation \nrouti\u00e8res\n  I.A.1 et I.A.2, I.A.28\net I.A.29,\nVI.C\nM. BERNARD Benjamin Adjoint au responsable de l'unit\u00e9 s\u00e9curit\u00e9 et \nr\u00e9glementation routi\u00e8res\n  I.A.1 et I.A.2, I.A.28\net I.A.29,\nVI.C3\nM. BAYARD Gaulthier Charg\u00e9 d'\u00e9tudes techniques et s\u00e9curit\u00e9 routi\u00e8re - unit\u00e9 \ns\u00e9curit\u00e9 et r\u00e9glementation routi\u00e8res\n VI.C3\nMme FAYOLLE Murielle Responsable de l'unit\u00e9 \u00e9ducation routi\u00e8re   I.A.1 et I.A.2, I.A.28\net I.A.29,\nIII\nM. SZULIGA Jean-Michel Responsable adjoint de l'unit\u00e9 \u00e9ducation routi\u00e8re   I.A.1 et I.A.2, I.A.28\net I.A.29,\nIII\nM. CORTES Laurent Adjoint aux d\u00e9l\u00e9gu\u00e9s de l'unit\u00e9 \u00e9ducation routi\u00e8re  III.1\nMme RIOU Nathalie Responsable du bureau administratif mutualis\u00e9  I.A.1 et I.A.2, I.A.28\net I.A.29\nArticle   \n   3    : \nLa pr\u00e9sente d\u00e9cision abroge la d\u00e9cision n\u00b0 69-2025-06-20-00005 du 18 juin 2025 portant subd\u00e9l\u00e9gation\nde signature en mati\u00e8re d'attributions g\u00e9n\u00e9rales.\nArticle      4    :\nLa pr\u00e9sente d\u00e9cision entre en vigueur le 15 septembre 2025.\nArticle      5    :\nLe directeur d\u00e9partemental des territoires est charg\u00e9 de l'ex\u00e9cution de la pr\u00e9sente d\u00e9cision qui sera\npubli\u00e9e au recueil des actes administratifs de la pr\u00e9fecture du Rh\u00f4ne.\nFait, le \nLe directeur d\u00e9partemental des territoires,\nXavier CEREZA\n7/8\nSign\u00e9\n11 septembre 2025\n69_DDT_Direction d\u00e9partementale des territoires du Rh\u00f4ne - 69-2025-09-11-00001 - decision subdeleg affgen finale 01 08 25 Vis\u00e9e 25\nD\u00e9lais et voies de recours  : \nConform\u00e9ment \u00e0 l'article R.421-1 du code de justice administrative, la pr\u00e9sente d\u00e9cision peut faire l'objet\nd'un recours contentieux, dans le d\u00e9lai de deux mois \u00e0 compter de sa notification, devant le tribunal \nadministratif  de  Lyon  (184,  rue  Duguesclin  \u2013  69 433  Lyon  Cedex  03,  ou  sur  l'application \nwww.telerecours.fr). Elle peut \u00e9galement faire l'objet d'un recours gracieux aupr\u00e8s de Madame la Pr\u00e9f\u00e8te\ndu Rh\u00f4ne. Cette d\u00e9marche interrompt le d\u00e9lai de recours contentieux, ce dernier devant \u00eatre introduit \ndans le d\u00e9lai de deux mois suivant une d\u00e9cision implicite ou explicite de l'autorit\u00e9 comp\u00e9tente (le silence\nde l'administration pendant un d\u00e9lai de deux mois valant d\u00e9cision implicite de rejet). \n8/8 \n69_DDT_Direction d\u00e9partementale des territoires du Rh\u00f4ne - 69-2025-09-11-00001 - decision subdeleg affgen finale 01 08 25 Vis\u00e9e 26\n69_DDT_Direction d\u00e9partementale des\nterritoires du Rh\u00f4ne\n69-2025-09-11-00004\ndecision subdeleg archeo fisca urba Vis\u00e9e\n69_DDT_Direction d\u00e9partementale des territoires du Rh\u00f4ne - 69-2025-09-11-00004 - decision subdeleg archeo fisca urba Vis\u00e9e 27\nExPR\u00c9F\u00c8TEDU RHONELibert\u00e9Egalit\u00e9Fraternit\u00e9\nDirection d\u00e9partementale\ndes territoires\nD\u00e9cision n\u00b0 DDT -                                           du                        \nportant d\u00e9l\u00e9gation de signature en mati\u00e8re de redevance d'arch\u00e9ologie pr\u00e9ventive et de fiscalit\u00e9 de\nl'urbanisme \nLa Pr\u00e9f\u00e8te de la R\u00e9gion Auvergne-Rh\u00f4ne-Alpes,\nPr\u00e9f\u00e8te de la Zone de d\u00e9fense et de s\u00e9curit\u00e9 sud-est,\nPr\u00e9f\u00e8te du Rh\u00f4ne,\nCommandeur de la L\u00e9gion d'honneur,\nCommandeur de l'ordre national du M\u00e9rite,\nVU  le code g\u00e9n\u00e9ral des imp\u00f4ts, notamment ses articles 317 A \u00e0 317 C de l'annexe II,\nVU  le livre des proc\u00e9dures fiscales, notamment l'article L.255-A,\nVU  le  code  du  patrimoine, notamment  les  articles  L.524-1  et  suivants et  particuli\u00e8rement L.524-8\nrelatifs \u00e0 la d\u00e9termination de l'assiette et la liquidation de la redevance de l'arch\u00e9ologie pr\u00e9ventive,\nVU  le code de l'urbanisme, notamment les articles L.331-1 et suivants relatifs \u00e0 la d\u00e9termination de\nl'assiette et la liquidation de la redevance de la taxe d'am\u00e9nagement et du versement pour sous-\ndensit\u00e9,\nVU  l'article R. 620-1 du code de l'urbanisme qui autorise le directeur d\u00e9partement des territoires \u00e0\nd\u00e9l\u00e9guer sa signature en ce qui concerne les mati\u00e8res relevant en propre de ses attributions,\nVU  l'ordonnance n\u00b0 2022-883 du 14 juin 2022 relative au transfert \u00e0 la direction g\u00e9n\u00e9rale des finances\npubliques  de  la  gestion  de  la  taxe  d'am\u00e9nagement  et  de  la  part  logement  de  la  redevance\nd'arch\u00e9ologie pr\u00e9ventive, et notamment ses articles 14 et 15,\nVU  le d\u00e9cret n\u00b0 2022-1102 du 1\ner ao\u00fbt 2022 fixant les modalit\u00e9s et la date du transfert de la gestion de la\ntaxe d'am\u00e9nagement et de la part logement de la redevance d'arch\u00e9ologie pr\u00e9ventive aux services de\nla direction g\u00e9n\u00e9rale des finances publiques,\nVU  le  d\u00e9cret  n\u00b0 2009-1484  du  3 d\u00e9cembre 2009  relatif  aux  directions  d\u00e9partementales\ninterminist\u00e9rielles,\nVU  l'arr\u00eat\u00e9  du  Premier  ministre  et  du  ministre  de  l'Int\u00e9rieur  en  date  du  30 janvier 2024  portant\nnomination de M. Xavier Cereza, ing\u00e9nieur g\u00e9n\u00e9ral des ponts, des eaux et des for\u00eats, en qualit\u00e9 de\ndirecteur d\u00e9partemental des territoires du Rh\u00f4ne,\nVU l'arr\u00eat\u00e9 pr\u00e9fectoral n\u00b069-2025-09-08-00008 du 8 septembre 2025 portant d\u00e9l\u00e9gation de signature \u00e0\nM. Xavier CEREZA, directeur d\u00e9partemental des territoires du Rh\u00f4ne,\nSur proposition du directeur d\u00e9partemental des territoires du Rh\u00f4ne,\n1/3\n69-2025-09-11-00004\n11 septembre 2025\n69_DDT_Direction d\u00e9partementale des territoires du Rh\u00f4ne - 69-2025-09-11-00004 - decision subdeleg archeo fisca urba Vis\u00e9e 28\nD\u00c9CIDE\nArticle     1    : \nD\u00e9l\u00e9gation est donn\u00e9e \u00e0 :\n- Monsieur Nicolas Rougier, directeur d\u00e9partemental adjoint des territoires,\n- Madame Ga\u00eblle Lejosne, adjointe au directeur d\u00e9partemental des territoires,\n- Monsieur Pierre Rajezakowski, responsable du service am\u00e9nagement et appui aux territoires,\n- Madame  Laurence  Roch,  adjointe  au  responsable  du  service  am\u00e9nagement  et  appui  aux\nterritoires,\n- Madame Anne-Laure Chouvellon, responsable de l'unit\u00e9 urbanisme du service am\u00e9nagement\net appui aux territoires, \n- Madame  St\u00e9phanie  Douy\u00e8re,  adjointe  \u00e0  la  responsable  de  l'unit\u00e9  urbanisme,  service\nam\u00e9nagement et appui aux territoires,\n\u00e0 effet de signer les actes, d\u00e9cisions et documents de toute nature en mati\u00e8re de d\u00e9termination de\nl'assiette et de liquidation des contributions exigibles, ainsi que les r\u00e9ponses aux recours gracieux et\nhi\u00e9rarchiques formul\u00e9s \u00e0 l'encontre de ces m\u00eames actes concernant : \n-  la  taxe  d'am\u00e9nagement  aff\u00e9rente  aux  d\u00e9cisions  d'urbanisme  se  rattachant  \u00e0  une  demande\nd'autorisation  initiale,  de  modification  ou  de  transfert  ainsi  que  toute  r\u00e9clamation  ou  recours\ncontentieux  d\u00e9pos\u00e9s  avant  le  1\ner septembre  2022  ainsi  qu'aux  proc\u00e8s  verbaux  \u00e9tablis avant  le  2\nseptembre  2022  constatant  l'ach\u00e8vement  de  constructions  ou  d'am\u00e9nagement  en  infraction  aux\nobligations r\u00e9sultant d'une autorisation d'urbanisme initiale dont la demande a \u00e9t\u00e9 d\u00e9pos\u00e9e avant\ncette m\u00eame date ou d'une autorisation d'urbanisme s'y rattachant,\n- la redevance d'arch\u00e9ologie pr\u00e9ventive aff\u00e9rente aux autorisations d'urbanisme se rattachant \u00e0 une\ndemande d'autorisation initiale, de modification ou de transfert ainsi que toute r\u00e9clamation ou recours\ncontentieux  d\u00e9pos\u00e9s  avant  le  1er septembre  2022  ainsi  qu'aux  proc\u00e8s  verbaux  \u00e9tablis avant  le  2\nseptembre  2022  constatant  l'ach\u00e8vement  de  constructions  ou  d'am\u00e9nagement  en  infraction  aux\nobligations r\u00e9sultant d'une autorisation d'urbanisme initiale dont la demande a \u00e9t\u00e9 d\u00e9pos\u00e9e avant\ncette m\u00eame date ou d'une autorisation d'urbanisme s'y rattachant,\n- la taxe locale d'\u00e9quipement et les taxes assimil\u00e9es,\n- le versement pour sous-densit\u00e9 mentionn\u00e9 \u00e0 l'article L.331-42 du code de l'urbanisme dans sa version\nant\u00e9rieure au 1er janvier 2021.\n \nArticle  \n   2    : \nLa  pr\u00e9sente  d\u00e9cision  abroge  la  d\u00e9cision  n\u00b0 DDT-69-2024-07-30-00007du  30 juillet 2024  portant\nd\u00e9l\u00e9gation de signature en mati\u00e8re de fiscalit\u00e9 de l'urbanisme et la d\u00e9cision n\u00b0 DDT-69-2024-07-30-\n00008 du 30 juillet 2024  du  portant d\u00e9l\u00e9gation de signature en mati\u00e8re de redevance d'arch\u00e9ologie\npr\u00e9ventive.\nArticle  \n   3      :   \nLa pr\u00e9sente d\u00e9cision entre en vigueur le 15 septembre 2025.\n2/3\n69_DDT_Direction d\u00e9partementale des territoires du Rh\u00f4ne - 69-2025-09-11-00004 - decision subdeleg archeo fisca urba Vis\u00e9e 29\nArticle      4    : \nLa pr\u00e9sente d\u00e9cision sera publi\u00e9e au recueil des actes administratifs de la Pr\u00e9fecture du Rh\u00f4ne.\nFait, le \nLe directeur d\u00e9partemental des territoires,\nXavier CEREZA\nD\u00e9lais et voies de recours :\nConform\u00e9ment \u00e0 l'article R.421-1 du code de justice administrative, la pr\u00e9sente d\u00e9cision peut faire l'objet\nd'un recours contentieux, dans le d\u00e9lai de deux mois \u00e0 compter de sa notification, devant le tribunal\nadministratif  de  Lyon  (184,  rue  Duguesclin  \u2013  69 433  Lyon  Cedex  03,  ou  sur  l'application\nwww.telerecours.fr). Elle peut \u00e9galement faire l'objet d'un recours gracieux aupr\u00e8s de Madame la Pr\u00e9f\u00e9te\ndu Rh\u00f4ne. Cette d\u00e9marche interrompt le d\u00e9lai de recours contentieux, ce dernier devant \u00eatre introduit\ndans le d\u00e9lai de deux mois suivant une d\u00e9cision implicite ou explicite de l'autorit\u00e9 comp\u00e9tente (le silence\nde l'administration pendant un d\u00e9lai de deux mois valant d\u00e9cision implicite de rejet).\n3/3\nSign\u00e9\n11 septembre 2025\n69_DDT_Direction d\u00e9partementale des territoires du Rh\u00f4ne - 69-2025-09-11-00004 - decision subdeleg archeo fisca urba Vis\u00e9e 30\n69_Pr\u00e9f_Pr\u00e9fecture du Rh\u00f4ne\n69-2025-09-08-00010\nArr\u00eat\u00e9 portant subd\u00e9l\u00e9gation de signature du\ndirecteur des archives du d\u00e9partement du Rh\u00f4ne\net de la m\u00e9tropole de Lyon aux agents plac\u00e9s\nsous son autorit\u00e9\n69_Pr\u00e9f_Pr\u00e9fecture du Rh\u00f4ne - 69-2025-09-08-00010 - Arr\u00eat\u00e9 portant subd\u00e9l\u00e9gation de signature du directeur des archives du\nd\u00e9partement du Rh\u00f4ne et de la m\u00e9tropole de Lyon aux agents plac\u00e9s sous son autorit\u00e9 31\nE3HPR\u00c9F\u00c8TEDU RH\u00d4NELibert\u00e9Egalit\u00e9Fraternit\u00e9\nArchives du d\u00e9partement du Rh\u00f4ne et de \nla m\u00e9tropole de Lyon\nARR\u00caT\u00c9 n\u00b0 ARC-2025-09-01\nportant subd\u00e9l\u00e9gation de signature du directeur des archives du d\u00e9partement du Rh\u00f4ne et de \nla m\u00e9tropole de Lyon aux agents plac\u00e9s sous son autorit\u00e9\nLA PR\u00c9F\u00c8TE DE LA REGION AUVERGNE-RHONE-ALPES,\nPR\u00c9F\u00c8TE DE LA ZONE DE DEFENSE ET DE SECURITE SUD-EST,\nPR\u00c9F\u00c8TE DU RHONE\nOfficier de la L\u00e9gion d'honneur\nCommandeur de l'ordre national du m\u00e9rite\nVu le code du patrimoine, livre II ;\nVu le code g\u00e9n\u00e9ral des collectivit\u00e9s territoriales et notamment ses articles L.1421-1 \u00e0 L.1421-2, D.1421-1 \u00e0  \nD.1421-2 ;\nVu la loi n\u00b0 82-213 du 2 mars 1982 modifi\u00e9e relative aux droits et libert\u00e9s des communes, des d\u00e9partements et \ndes r\u00e9gions ;\nVu la loi n\u00b0 2020-1525 du 7 d\u00e9cembre 2020 d'acc\u00e9l\u00e9ration et de simplification de l'action publique ;\nVu le d\u00e9cret n\u00b0 2004-374 du 29 avril 2004 modifi\u00e9 relatif aux pouvoirs des pr\u00e9fets, \u00e0 l'organisation et \u00e0 l'action \ndes services de l'\u00c9tat dans les r\u00e9gions et d\u00e9partements ;\nVu le d\u00e9cret n\u00b0 2015-510 du 7 mai 2015 modifi\u00e9 portant charte de la d\u00e9concentration ;\nVu le d\u00e9cret du 11 janvier 2023 en conseil des ministres portant nomination de Mme Fabienne BUCCIO en  \nqualit\u00e9 de pr\u00e9f\u00e8te de la r\u00e9gion Auvergne-Rh\u00f4ne-Alpes, pr\u00e9f\u00e8te de la zone de d\u00e9fense et de s\u00e9curit\u00e9 Sud-Est,  \npr\u00e9f\u00e8te du Rh\u00f4ne (hors classe) ;\nVu le d\u00e9cret du 15 mai 2025 en conseil des ministres portant nomination de M. Fabrice ROSAY en qualit\u00e9 de \npr\u00e9fet, secr\u00e9taire g\u00e9n\u00e9ral de la pr\u00e9fecture du Rh\u00f4ne, pr\u00e9fet d\u00e9l\u00e9gu\u00e9 pour l'\u00e9galit\u00e9 des chances aupr\u00e8s de la  \npr\u00e9f\u00e8te de la r\u00e9gion Auvergne-Rh\u00f4ne-Alpes, pr\u00e9f\u00e8te de la zone de d\u00e9fense et de s\u00e9curit\u00e9 Sud-Est, pr\u00e9f\u00e8te du  \nRh\u00f4ne ;\n2\nLyon, le 8 septembre 2025\n69_Pr\u00e9f_Pr\u00e9fecture du Rh\u00f4ne - 69-2025-09-08-00010 - Arr\u00eat\u00e9 portant subd\u00e9l\u00e9gation de signature du directeur des archives du\nd\u00e9partement du Rh\u00f4ne et de la m\u00e9tropole de Lyon aux agents plac\u00e9s sous son autorit\u00e9 32\nVu le d\u00e9cret n\u00b0 2021-979 du 23 juillet 2021 relatif \u00e0 la proc\u00e9dure de d\u00e9classement de biens mobiliers culturels \net \u00e0 la d\u00e9concentration de d\u00e9cisions administratives individuelles dans le domaine de la culture ; \nVu l'arr\u00eat\u00e9 minist\u00e9riel du 28 mai 2014 accordant la mise \u00e0 disposition de M. Bruno GALLAND aux archives  \nd\u00e9partementales du Rh\u00f4ne ;\nVu l'arr\u00eat\u00e9 pr\u00e9fectoral n\u00b0 69-2023-01-30-00050 du 30 janvier 2023 portant d\u00e9l\u00e9gation de signature \u00e0 M. Bruno \nGALLAND, directeur des archives du d\u00e9partement du Rh\u00f4ne et de la m\u00e9tropole de Lyon ; \nVu la convention de mise \u00e0 disposition par le minist\u00e8re de la culture et de la communication aupr\u00e8s du d\u00e9partement du \nRh\u00f4ne de Monsieur Damien RICHARD conservateur en chef du patrimoine, prenant effet au 1er juillet 2014 ;\nVu la convention de mise \u00e0 disposition par le minist\u00e8re de la culture et de la communication aupr\u00e8s du d\u00e9partement du \nRh\u00f4ne de Madame No\u00e9mie BR\u00c9CHOT conservatrice du patrimoine, prenant effet au 1er juillet 2024 ;\nVu la convention de mise \u00e0 disposition par le minist\u00e8re de la culture et de la communication aupr\u00e8s du d\u00e9partement du \nRh\u00f4ne de Madame Emmanuelle GIRY conservatrice du patrimoine, prenant effet au 1er septembre 2025 ;\nSur proposition du directeur des archives du d\u00e9partement du Rh\u00f4ne et de la m\u00e9tropole de Lyon ;\nARRETE\nArticle 1 : En cas d'absence ou d'emp\u00eachement de Monsieur Bruno GALLAND, directeur des archives du  \nd\u00e9partement du Rh\u00f4ne et de la m\u00e9tropole de Lyon, subd\u00e9l\u00e9gation est donn\u00e9e \u00e0 Madame Emmanuelle GIRY,  \nconservatrice du patrimoine aux archives du d\u00e9partement du Rh\u00f4ne et de la m\u00e9tropole de Lyon, directrice-adjointe, \u00e0 \nMonsieur Damien RICHARD, conservateur en chef du patrimoine aux archives du d\u00e9partement du Rh\u00f4ne et de la \nm\u00e9tropole de Lyon, directeur-adjoint, et \u00e0 Madame No\u00e9mie BR\u00c9CHOT, conservatrice du patrimoine aux archives du \nd\u00e9partement du Rh\u00f4ne et de la m\u00e9tropole de Lyon, adjointe au directeur, \u00e0 l'effet de signer dans le cadre de leurs \nattributions et comp\u00e9tences, toutes correspondances, rapports, visas et d\u00e9cisions relatifs aux mati\u00e8res \u00e9num\u00e9r\u00e9es ci-\ndessous :\na) gestion du service d\u00e9partemental et m\u00e9tropolitain d'archives :\n- correspondances relatives \u00e0 la gestion du personnel de l'\u00c9tat mis \u00e0 disposition aupr\u00e8s du Conseil  \nd\u00e9partemental pour exercer leurs fonctions dans le service d\u00e9partemental et m\u00e9tropolitain d'archives ;\n- engagement de d\u00e9penses pour les cr\u00e9dits de l'\u00c9tat dont il assure la gestion.\nb) contr\u00f4le scientifique et technique sur les archives publiques :\n- correspondances, rapports et avis relatifs \u00e0 l'exercice du contr\u00f4le scientifique et technique de l'\u00c9tat sur \nles  conditions  de  gestion  des  archives  publiques  (collecte,  conservation,  classement,  inventaire, \ntraitement, communication et diffusion), \u00e0 l'exclusion des d\u00e9cisions et mises en demeure concernant le  \nd\u00e9p\u00f4t des archives des communes aux archives du d\u00e9partement du Rh\u00f4ne et de la m\u00e9tropole de Lyon ;\n- visas pr\u00e9alables \u00e0 l'\u00e9limination d'archives publiques ;\n- avis sur les projets de construction, extension et r\u00e9am\u00e9nagement des b\u00e2timents \u00e0 usage d'archives des  \ncollectivit\u00e9s territoriales (\u00e0 l'exclusion du d\u00e9partement du Rh\u00f4ne et de la m\u00e9tropole de Lyon) et de leurs \ngroupements.\nc ) contr\u00f4le scientifique et technique sur les archives priv\u00e9es class\u00e9es comme archives historiques :\n- documents li\u00e9s \u00e0 la protection du patrimoine archivistique priv\u00e9 ;\n- autorisations de destruction d'archives priv\u00e9es class\u00e9es comme archives historiques pr\u00e9vues \u00e0 l'article \nL.212-27 dans la limite de leur circonscription g\u00e9ographique.\n2\n69_Pr\u00e9f_Pr\u00e9fecture du Rh\u00f4ne - 69-2025-09-08-00010 - Arr\u00eat\u00e9 portant subd\u00e9l\u00e9gation de signature du directeur des archives du\nd\u00e9partement du Rh\u00f4ne et de la m\u00e9tropole de Lyon aux agents plac\u00e9s sous son autorit\u00e9 33\nd) coordination de l'activit\u00e9 des services d'archives dans les limites du d\u00e9partement :\n- correspondances et rapports.\ne) instruction des demandes d'acc\u00e8s anticip\u00e9 \u00e0 des archives publiques non librement communicables :\n- autorisations de consultation de documents d'archives publiques accord\u00e9es en application du I de \nl'article L.213-3 pour les documents d\u00e9tenus par les archives du d\u00e9partement du Rh\u00f4ne et de la  \nm\u00e9tropole de Lyon ou par une autorit\u00e9 qui a vocation \u00e0 y verser les archives.\nArticle 2 : Les arr\u00eat\u00e9s, les correspondances adress\u00e9es aux parlementaires et aux membres du conseil r\u00e9gional et \ndu conseil g\u00e9n\u00e9ral, ainsi que les circulaires adress\u00e9es aux maires du d\u00e9partement ou \u00e0 l'ensemble des chefs de \nservice de l'\u00c9tat sont r\u00e9serv\u00e9s \u00e0 la signature exclusive de la pr\u00e9f\u00e8te ou, en cas d'absence ou d'emp\u00eachement, du \nsecr\u00e9taire g\u00e9n\u00e9ral de la pr\u00e9fecture du Rh\u00f4ne.\nArticle 3 : L'arr\u00eat\u00e9 pr\u00e9fectoral n\u00b0 ARC_2024_11_01 est abrog\u00e9..\nArticle 4 : Le directeur des archives du d\u00e9partement du Rh\u00f4ne et de la m\u00e9tropole de Lyon est charg\u00e9 de l'ex\u00e9cu-\ntion du pr\u00e9sent arr\u00eat\u00e9 qui sera publi\u00e9 au recueil des actes administratifs de la pr\u00e9fecture du Rh\u00f4ne et dont copie \nsera adress\u00e9e \u00e0 M. le pr\u00e9sident du conseil d\u00e9partemental du Rh\u00f4ne.\nLe directeur des archives du d\u00e9partement du Rh\u00f4ne et de la m\u00e9tropole de Lyon\n- sign\u00e9 -\n Bruno GALLAND\n2\n69_Pr\u00e9f_Pr\u00e9fecture du Rh\u00f4ne - 69-2025-09-08-00010 - Arr\u00eat\u00e9 portant subd\u00e9l\u00e9gation de signature du directeur des archives du\nd\u00e9partement du Rh\u00f4ne et de la m\u00e9tropole de Lyon aux agents plac\u00e9s sous son autorit\u00e9 34\n69_Pr\u00e9f_Pr\u00e9fecture du Rh\u00f4ne\n69-2025-09-11-00002\nhabilitation dans le domaine fun\u00e9raire : EI\nLAURENT DORME SERVICES situ\u00e9 au 174 impasse\nde Genetay 69220 Corcelles-en-Beaujolais\n69_Pr\u00e9f_Pr\u00e9fecture du Rh\u00f4ne - 69-2025-09-11-00002 - habilitation dans le domaine fun\u00e9raire : EI LAURENT DORME SERVICES situ\u00e9 au\n174 impasse de Genetay 69220 Corcelles-en-Beaujolais 35\nPREFETEDU RHONELibert\u00e9Egalit\u00e9Fraternit\u00e9\nDirection des Affaires Juridiques\net de l'Administration Locale\nBureau des r\u00e9glementations,\ndes \u00e9lections et des associations\nAffaire suivie par : Mme Assia YAHI\nT\u00e9l. : 04 72 61 61 29\nCourriel : pref-funeraire@rhone.gouv.fr\nArr\u00eat\u00e9 pr\u00e9fectoral n\u00b0 69-2025-         x                        \nportant habilitation dans le domaine fun\u00e9raire\nLa Pr\u00e9f\u00e8te de la R\u00e9gion Auvergne-Rh\u00f4ne-Alpes,\nPr\u00e9f\u00e8te de la Zone de d\u00e9fense et de s\u00e9curit\u00e9 sud-est,\nPr\u00e9f\u00e8te du Rh\u00f4ne,\nCommandeur de la L\u00e9gion d'honneur,\nCommandeur de l'ordre national du M\u00e9rite,\nVU le code g\u00e9n\u00e9ral des collectivit\u00e9s territoriales, notamment ses articles L.2223-23 et R.2223-23-5 et suivants ;\nVU la loi n\u00b0 93-23 du 8 janvier 1993 modifiant le titre VI du livre III du code des communes et relative \u00e0 la l\u00e9gislation\ndans le domaine fun\u00e9raire ;\nVU le dossier de demande d'habilitation r\u00e9ceptionn\u00e9 en pr\u00e9fecture le 04 ao\u00fbt 2025 et compl\u00e9t\u00e9 le 19 ao\u00fbt 2025,\ntransmis par Monsieur Laurent DORME , g\u00e9rant de l'EI LAURENT DORME SERVICES  pour l'\u00e9tablissement  principal\nsitu\u00e9 au 174 impasse de Genetay 69220 Corcelles-en-Beaujolais ;\nSur proposition de Madame la Directrice des Affaires Juridiques et de l'Administration Locale ;\nARR\u00caTE\nArticle     1     :   L'\u00e9tablissement  principal de  l'EI LAURENT DORME SERVICES  situ\u00e9  au 174 impasse de Genetay 69220\nCorcelles-en-Beaujolais,  dont la g\u00e9rant est  Monsieur Laurent DORME  est habilit\u00e9 pour exercer sur l'ensemble du\nterritoire national, l'activit\u00e9 fun\u00e9raire ci-apr\u00e8s :\n- Fourniture de personnels n\u00e9cessaires aux obs\u00e8ques et aux inhumations.\nArticle     2     :   La dur\u00e9e de la pr\u00e9sente habilitation d\u00e9livr\u00e9e sous le n\u00b0 25-69-0743 est fix\u00e9e \u00e0 cinq ans.\nArticle     3     :   Le pr\u00e9sent arr\u00eat\u00e9 peut faire l'objet, dans un d\u00e9lai de 2 mois \u00e0 compter de sa publication, d'un recours\ncontentieux aupr\u00e8s du Tribunal Administratif de Lyon, 184 rue Duguesclin 69433 Lyon Cedex 03 ou sur  le site\nwww.telerecours.fr.\nArticle     4     :   Le pr\u00e9sent arr\u00eat\u00e9 sera publi\u00e9 au recueil des actes administratifs de la pr\u00e9fecture du Rh\u00f4ne. \nFait \u00e0 Lyon, 11 septembre 2025\nPour la Pr\u00e9f\u00e8te,\nla directrice des affaires juridiques\net de l'administration locale\nCatherine MERIC\n__\n_____\nPr\u00e9fecture du Rh\u00f4ne\n18 Rue de Bonnel\n69 419 LYON CEDEX 03\nT\u00e9l : 04 72 61 61 61\nwww.rhone.gouv.fr\n1/1\n69_Pr\u00e9f_Pr\u00e9fecture du Rh\u00f4ne - 69-2025-09-11-00002 - habilitation dans le domaine fun\u00e9raire : EI LAURENT DORME SERVICES situ\u00e9 au\n174 impasse de Genetay 69220 Corcelles-en-Beaujolais 36","date":"2025-09-12","first_seen_on":"2025-09-12T14:32:35+00:00","id":"9105c9a47a5cc5311d92de97431ee90026f56f77d904c4561309c83aec66c92a","name":"RAA_69-2025-231-120925","pdf_creation_date":"2025-09-12T14:08:30+00:00","pdf_modification_date":"2025-09-12T15:09:03+00:00","timezone":"Europe/Paris","url":"https://www.rhone.gouv.fr/contenu/telechargement/65428/441422/file/RAA_69-2025-231-120925.pdf"}
