{"administration":"pref21","administration_name":"Pr\u00e9fecture de C\u00f4te-d\u2019Or","content":"PR\u00c9FET\nDE LA C\u00d4TE-D'OR\nRECUEIL DES ACTES\nADMINISTRATIFS\nN\u00b021-2024-026\nPUBLI\u00c9 LE  1 F\u00c9VRIER 2024\nSommaire\nDirection d\u00e9partementale des territoires de la C\u00f4te-d'Or /\n21-2024-02-01-00001 - Arr\u00eat\u00e9 n\u00b0 240 portant dispositions particuli\u00e8res de\ncirculation sur le r\u00e9seau d\u00e9partemental en C\u00f4te-d'Or \u00e0 l'occasion des\nmanifestations des agriculteurs (3 pages) Page 3\n2\nDirection d\u00e9partementale des territoires de la\nC\u00f4te-d'Or\n21-2024-02-01-00001\nArr\u00eat\u00e9 n\u00b0 240 portant dispositions particuli\u00e8res\nde circulation sur le r\u00e9seau d\u00e9partemental en\nC\u00f4te-d'Or \u00e0 l'occasion des manifestations des\nagriculteurs\nDirection d\u00e9partementale des territoires de la C\u00f4te-d'Or - 21-2024-02-01-00001 - Arr\u00eat\u00e9 n\u00b0 240 portant dispositions particuli\u00e8res de\ncirculation sur le r\u00e9seau d\u00e9partemental en C\u00f4te-d'Or \u00e0 l'occasion des manifestations des agriculteurs 3\nExPREFETDE LACOTE-D'ORLibert\u00e9Egalit\u00e9Fraternit\u00e9\nDirection d\u00e9partementale des territoires\nde la C\u00f4te-d'Or\nDijon, le 1er f\u00e9vrier 2024\nArr\u00eat\u00e9 n\u00b0 240\nportant dispositions particuli\u00e8res de circulation sur le r\u00e9seau d\u00e9partemental en C\u00f4te-d'Or \u00e0\nl'occasion des manifestations des agriculteurs\nLe pr\u00e9fet de la r\u00e9gion Bourgogne-Franche-Comt\u00e9\nPr\u00e9fet de la C\u00f4te-d'Or\nVU le code de la route, et notamment les articles R. 411-18, R.421-1 \u00e0 R421-10  ,\nVU le d\u00e9cret n\u00b02005-1499 du 5 d\u00e9cembre 2005 relatif \u00e0 la consistance du r\u00e9seau national,\nVU le d\u00e9cret n\u00b02004-374 du 29 avril 2004 relatif aux pouvoirs des pr\u00e9fets, \u00e0 l'organisation et \u00e0\nl'action des services de l'\u00c9tat dans les r\u00e9gions et les d\u00e9partements,\nVU le d\u00e9cret du 26 septembre 2022 nommant  Monsieur  Franck  ROBINE,  pr\u00e9fet de la r\u00e9gion\nBourgogne-Franche-Comt\u00e9, Pr\u00e9fet de la C\u00f4te d'Or (hors classe)  ;\nVU l'arr\u00eat\u00e9 interminist\u00e9riel du 24 novembre 1967 modifi\u00e9, relatif \u00e0 la signalisation des routes et\nautoroutes,\nVU l'arr\u00eat\u00e9  pr\u00e9fectoral n\u00b01199/SG  du 17 octobre  2022  donnant  d\u00e9l\u00e9gation  de signature  \u00e0 M.\nOlivier GERSTLE, sous-pr\u00e9fet, directeur de cabinet du pr\u00e9fet,\nVU le mouvement  social des professionnels de  l'agriculture  d\u00e9but\u00e9  le 25  janvier  2024  sur le\nd\u00e9partement de la C\u00f4te-d'Or,\nConsid\u00e9rant qu'il y a lieu de r\u00e9glementer la circulation afin de garantir la s\u00e9curit\u00e9 des usagers  ,\nARR\u00caTE\nArticle 1er :\nLes arr\u00eat\u00e9s n\u00b0 217 du 29 janvier 2024, n\u00b0 223 du 30 janvier 2024, n\u00b0 226 du 30 janvier 2024 et n\u00b0\n235 du 31 janvier 2024 sont abrog\u00e9s.\nDirection d\u00e9partementale des territoires de la C\u00f4te-d'Or\n57, rue de Mulhouse - BP 53317 - 21033 Dijon CEDEX\nT\u00e9l. : 03 80 29 44 44\nCourriel : ddt@cote-dor.gouv.fr\nDirection d\u00e9partementale des territoires de la C\u00f4te-d'Or - 21-2024-02-01-00001 - Arr\u00eat\u00e9 n\u00b0 240 portant dispositions particuli\u00e8res de\ncirculation sur le r\u00e9seau d\u00e9partemental en C\u00f4te-d'Or \u00e0 l'occasion des manifestations des agriculteurs 4\nArticle 2 :\nA compter du jeudi 1 er f\u00e9vrier 2024, l a circulation des v\u00e9hicules de transport de marchandises\nde + de 3,5T est interdite sur :\nSecteur de Saulieu     :  \n- la RD 906 entre le carrefour RD 906/RD 70 et la RD 906/RD 981 \u00e0 Arnay-le-Duc dans les deux\nsens de circulation,\n- la RD 980 entre le carrefour RD 980/RD 70 et la limite administrative entre la C\u00f4te-d'Or et la\nSa\u00f4ne-et-Loire dans les deux sens de circulation,\n- la RD 15 entre le carrefour RD 15/RD 906 et la limite administrative de la C\u00f4te-d'Or et de la\nSa\u00f4ne-et-Loire dans le sens Sa\u00f4ne-et-Loire \u2013 Saulieu,\n- la RD 977bis entre le carrefour RD 977bis/RD970 et le carrefour RD 977bis/RD 906 dans le\nsens Pouilly-en-Auxois \u2013 Saulieu,\nS  ecteur de Vitteaux     :  \n- la RD 70 entre le carrefour avec la RD 70/RD 970 \u00e0 Clamerey et le carrefour avec la RD 70/RD\n905 \u00e0 Vitteaux dans le sens de circulation Pr\u00e9cy-sous-Thil-Vitteaux,\n- la RD 905 entre les communes de Venarey-les-Laumes et de Vitteaux, dans le sens Venarey-\nles-Laumes-Vitteaux  et  entre  les  communes  de  Sombernon  et  Vitteaux  dans  le  sens\nSombernon-Vitteaux,\n- les RD 9, RD 119 et RD 26 entre Sombernon et Vitteaux, dans le sens Sombernon-Vitteaux.\nArticle 3 : \nLes services de gendarmerie pourront, en fonction des circonstances, all\u00e9ger ou renforcer les\nmesures pr\u00e9vues et prendre toutes initiatives utiles afin de pourvoir \u00e0 la s\u00e9curit\u00e9 des usagers de\nl'autoroute et faciliter l'\u00e9coulement de la circulation.\nArticle 4 : \nDes  mesures  d'information  des  usagers  seront  prises  par  le  canal  des  r\u00e9seaux  sociaux  des\ngestionnaires de voirie et par communiqu\u00e9 de presse.\nArticle 5 : \nLe pr\u00e9sent arr\u00eat\u00e9 peut faire l'objet d'un recours gracieux aupr\u00e8s du pr\u00e9fet et/ou d'un recours\ncontentieux devant le tribunal administratif dans un d\u00e9lai de 2 mois \u00e0 compter de sa notification.\nLe  tribunal  administratif  peut  \u00eatre  saisi  par  un  recours  d\u00e9pos\u00e9  via  l'application  T\u00e9l\u00e9recours\ncitoyens accessible par le site internet www.telerecours.fr \u00bb.\nArticle 6 : \n- le Directeur de Cabinet du pr\u00e9fet de la C\u00f4te-d'Or,\n- le Pr\u00e9sident du Conseil D\u00e9partemental de C\u00f4te-d'Or,\n- le Pr\u00e9sident de Dijon M\u00e9tropole,\n- le Commandant de la R\u00e9gion de Gendarmerie de Bourgogne-Franche-Comt\u00e9 et du Groupement\nde C\u00f4te-d'Or,\n- le Directeur Interd\u00e9partemental de la Police Nationale,\nsont charg\u00e9s, chacun en ce qui le concerne, de l'ex\u00e9cution du pr\u00e9sent arr\u00eat\u00e9.\nLe pr\u00e9sent arr\u00eat\u00e9 sera publi\u00e9 au recueil des actes administratifs de la Pr\u00e9fecture de C\u00f4te d'Or.\nDirection d\u00e9partementale des territoires de la C\u00f4te-d'Or\n57, rue de Mulhouse - BP 53317 - 21033 Dijon CEDEX\nT\u00e9l. : 03 80 29 44 44\nCourriel : ddt@cote-dor.gouv.fr\nDirection d\u00e9partementale des territoires de la C\u00f4te-d'Or - 21-2024-02-01-00001 - Arr\u00eat\u00e9 n\u00b0 240 portant dispositions particuli\u00e8res de\ncirculation sur le r\u00e9seau d\u00e9partemental en C\u00f4te-d'Or \u00e0 l'occasion des manifestations des agriculteurs 5\nUne copie du pr\u00e9sent arr\u00eat\u00e9 sera adress\u00e9e pour information:\n- au Directeur G\u00e9n\u00e9ral des Infrastructures des Transports et de la Mer du MTES,\n- au Directeur D\u00e9partemental des Services d'Incendie et de Secours de la C\u00f4te-d'Or,\n- au SAMU de Dijon,\n- aux pr\u00e9fectures de la zone de d\u00e9fense Est, de la Sa\u00f4ne-et-Loire, de la Ni\u00e8vre et de  \nl'Yonne.\nFait \u00e0 Dijon, le 1er f\u00e9vrier 2024\nLe pr\u00e9fet,\npour le pr\u00e9fet et par d\u00e9l\u00e9gation,\nle sous-pr\u00e9fet directeur de cabinet\nORIGINAL SIGNE\nOlivier GERSTLE\nDirection d\u00e9partementale des territoires de la C\u00f4te-d'Or\n57, rue de Mulhouse - BP 53317 - 21033 Dijon CEDEX\nT\u00e9l. : 03 80 29 44 44\nCourriel : ddt@cote-dor.gouv.fr\nDirection d\u00e9partementale des territoires de la C\u00f4te-d'Or - 21-2024-02-01-00001 - Arr\u00eat\u00e9 n\u00b0 240 portant dispositions particuli\u00e8res de\ncirculation sur le r\u00e9seau d\u00e9partemental en C\u00f4te-d'Or \u00e0 l'occasion des manifestations des agriculteurs 6","date":"2024-02-23","first_seen_on":"2025-09-14T08:12:39+00:00","id":"91bf1b17dc9ec79dc608b179ab9ccafed278883ed9ec090b9aa38ba8b71819cc","name":"RAA n\u00b0 026 du 1er f\u00e9vrier 2024","pdf_creation_date":"2024-02-01T20:46:28+00:00","pdf_modification_date":null,"timezone":"Europe/Paris","url":"https://www.cote-dor.gouv.fr/contenu/telechargement/20587/157588/file/recueil-21-2024-026-recueil-des-actes-administratifs.pdf"}
