{"administration":"pref21","administration_name":"Pr\u00e9fecture de C\u00f4te-d\u2019Or","content":"PR\u00c9FET\nDE LA C\u00d4TE-D'OR\nRECUEIL DES ACTES\nADMINISTRATIFS SP\u00c9CIAL\nN\u00b021-2026-055\nPUBLI\u00c9 LE 23 MARS 2026\nSommaire\nDirection d\u00e9partementale des territoires de la C\u00f4te-d'Or / Cellule\n\u00c9ducation routi\u00e8re\n21-2026-03-20-00002 -                                                                                                \n\nArr\u00eat\u00e9 N\u00b0 573\nautorisant le renouvellement quinquennal de\nl'agr\u00e9ment permettant \u00e0\nMonsieur FOURNIER J\u00e9r\u00f4me\nd'exploiter un \u00e9tablissement d'enseignement, \u00e0 titre on\u00e9reux,\nde  la conduite des v\u00e9hicules \u00e0 moteur et de la s\u00e9curit\u00e9 routi\u00e8re,\n\nd\u00e9nomm\u00e9 \u00ab\u00a0AUTO-\u00c9COLE JLM\u00bb\nsitu\u00e9 42, rue Antoine\nMasson\n21130 AUXONNE (3 pages) Page 3\nDirection d\u00e9partementale des territoires de la C\u00f4te-d'Or / Service\nPr\u00e9servation et Am\u00e9nagement de l'Espace (SPAE)\n21-2026-03-16-00006 - Arr\u00eat\u00e9 n\u00b0567 portant d\u00e9rogation \u00e0\nl'urbanisation limit\u00e9e dans le cadre de l'\u00e9laboration de la carte\ncommunale, sur le territoire de la commune de MALIGNY (3 pages) Page 7\n21-2026-03-20-00003 - Arr\u00eat\u00e9 pr\u00e9fectoral n\u00b007-2026 du 20 mars\n2026\nportant distraction du r\u00e9gime forestier (2 pages) Page 11\nPr\u00e9fecture de la C\u00f4te-d'Or / Direction des Collectivit\u00e9s locales et des\nElections\n21-2026-03-16-00005 - Arr\u00eat\u00e9 pr\u00e9fectoral n\u00b0 553 portant constitution\nd'une d\u00e9l\u00e9gation sp\u00e9ciale dans la commune de\nLABERGEMENT-FOIGNEY (3 pages) Page 14\n2\nDirection d\u00e9partementale des territoires de la\nC\u00f4te-d'Or\nCellule \u00c9ducation routi\u00e8re\n21-2026-03-20-00002\n                                                                                        \n             \nArr\u00eat\u00e9 N\u00b0 573\nautorisant le renouvellement quinquennal de\nl'agr\u00e9ment permettant \u00e0\nMonsieur FOURNIER J\u00e9r\u00f4me d'exploiter un\n\u00e9tablissement d'enseignement, \u00e0 titre on\u00e9reux,\nde  la conduite des v\u00e9hicules \u00e0 moteur et de la\ns\u00e9curit\u00e9 routi\u00e8re, \nd\u00e9nomm\u00e9 \u00ab\u00a0AUTO-\u00c9COLE JLM\u00bb\nsitu\u00e9 42, rue Antoine Masson\n21130 AUXONNE\nDirection d\u00e9partementale des territoires de la C\u00f4te-d'Or - 21-2026-03-20-00002 -                                                                                                \n      \nArr\u00eat\u00e9 N\u00b0 573\nautorisant le renouvellement quinquennal de l'agr\u00e9ment permettant \u00e0\nMonsieur FOURNIER J\u00e9r\u00f4me d'exploiter un \u00e9tablissement d'enseignement, \u00e0 titre on\u00e9reux, de  la conduite des v\u00e9hicules \u00e0 moteur et\nde la s\u00e9curit\u00e9 routi\u00e8re, \nd\u00e9nomm\u00e9 \u00ab\u00a0AUTO-\u00c9COLE JLM\u00bb\nsitu\u00e9 42, rue Antoine Masson\n21130 AUXONNE\n3\n=xPREFETDELACOTE-D'ORLibert\u00e9Egalit\u00e9Fraternit\u00e9\nDirection d\u00e9partementale des territoires\nde la C\u00f4te-d'Or\nService de la S\u00e9curit\u00e9 et de l'\u00c9ducation Routi\u00e8re\nBureau de l'\u00c9ducation Routi\u00e8re\nT\u00e9l. : 03 80 29 42 84\nM\u00e9l : ddt-ber@cote-dor.gouv.fr     \n      Dijon, le 20 mars 2026 \n                                                                                                                                                                                         \nArr\u00eat\u00e9 N\u00b0 573\nautorisant le renouvellement quinquennal de l'agr\u00e9ment permettant \u00e0\nMonsieur FOURNIER J\u00e9r\u00f4me d'exploiter un \u00e9tablissement d'enseignement, \u00e0 titre on\u00e9reux,\nde  la conduite des v\u00e9hicules \u00e0 moteur et de la s\u00e9curit\u00e9 routi\u00e8re, \nd\u00e9nomm\u00e9 \u00ab AUTO-\u00c9COLE JLM\u00bb\nsitu\u00e9 42, rue Antoine Masson\n21130 AUXONNE\nLe pr\u00e9fet de la C\u00f4te-d'Or\nVU le code de la route, notamment ses articles L.213-1 \u00e0 R.213-9 ;\nVU l'arr\u00eat\u00e9 du 08 janvier 2001 cr\u00e9ant un registre national de l'enseignement de la conduite\ndes v\u00e9hicules \u00e0 moteur et de la s\u00e9curit\u00e9 routi\u00e8re ;\nVU l'arr\u00eat\u00e9 du 9 f\u00e9vrier 2026 relatif \u00e0 l'enseignement de la conduite des v\u00e9hicules \u00e0 moteur\net de la s\u00e9curit\u00e9 routi\u00e8re ;\nVU l'arr\u00eat\u00e9  pr\u00e9fectoral  n\u00b0  507  du  28  mars  2025  donnant  d\u00e9l\u00e9gation  de  signature  \u00e0\nMadame Manuelle DUPUY, Directrice D\u00e9partementale des Territoires ;\nConsid\u00e9rant que  la  demande  pr\u00e9sent\u00e9e  par  Monsieur  J\u00e9r\u00f4me  FOURNIER en  date  du\n28/01/2026 en vue du  renouvellement sexennal  de son agr\u00e9ment  remplit les conditions\nr\u00e9glementaires ;\nSUR proposition de la Directrice D\u00e9partementale des Territoires de la C\u00f4te-d'Or ;\nDirection d\u00e9partementale des territoires de la C\u00f4te-d'Or\n57 rue de Mulhouse- BP 53317 - 21033 DIJON cedex\nt\u00e9l : 03 80 29 44 44 \u2013 Courriel : ddt@cote-dor.gouv.fr\nDirection d\u00e9partementale des territoires de la C\u00f4te-d'Or - 21-2026-03-20-00002 -                                                                                                \n      \nArr\u00eat\u00e9 N\u00b0 573\nautorisant le renouvellement quinquennal de l'agr\u00e9ment permettant \u00e0\nMonsieur FOURNIER J\u00e9r\u00f4me d'exploiter un \u00e9tablissement d'enseignement, \u00e0 titre on\u00e9reux, de  la conduite des v\u00e9hicules \u00e0 moteur et\nde la s\u00e9curit\u00e9 routi\u00e8re, \nd\u00e9nomm\u00e9 \u00ab\u00a0AUTO-\u00c9COLE JLM\u00bb\nsitu\u00e9 42, rue Antoine Masson\n21130 AUXONNE\n4\n2 \nARR\u00caTE\nArticle 1er  :  Monsieur J\u00e9r\u00f4me FOURNIER, repr\u00e9sentant l\u00e9gal de l'entreprise \u00ab  Auto-\u00c9cole\nJLM \u00bb est autoris\u00e9 \u00e0 exploiter dans le respect des dispositions de l'arr\u00eat\u00e9 du 9 f\u00e9vrier 2026\nsusvis\u00e9, sous le n\u00b0  E  210210002 0 l' \u00e9tablissement d'enseignement, \u00e0 titre on\u00e9reux, de la\nconduite des v\u00e9hicules \u00e0 moteur et de la s\u00e9curit\u00e9 routi\u00e8re suivant : \n\u27a2 \u00c9tablissement principal (r\u00e9f\u00e9rence dans RDV Permis)   :\n\u2022 SAS JLM Auto-\u00e9cole -  42, rue Antoine Masson - 21130 AUXONNE.\nArticle 2  : Cet agr\u00e9ment est prorog\u00e9 pour une dur\u00e9e de six ans \u00e0 compter de la date du\npr\u00e9sent  arr\u00eat\u00e9.  Sur  demande  de  l'exploitant  pr\u00e9sent\u00e9e  deux  mois  avant  la  date\nd'expiration  de  la  validit\u00e9  de  son  agr\u00e9ment,  celui-ci  sera  renouvel\u00e9  si  l'\u00e9tablissement\nremplit toutes les conditions requises.\nArticle  3  :  L'\u00e9tablissement  mentionn\u00e9  \u00e0  l'article  1 er du  pr\u00e9snt  arr\u00eat\u00e9,  est  autoris\u00e9\u00e0\ndispenser les formations pour les cat\u00e9gories de permis suivantes : \n                   \n\u27a2 B, B1\n\u27a2 AM quadri-l\u00e9ger\n\u27a2 BE\nArticle  4 :  Sur  demande  de  l'exploitant  pr\u00e9sent\u00e9e  au  moins  deux  mois  avant  la  date\nd'expiration  de  la  validit\u00e9  de  son  agr\u00e9ment,  celui-ci  sera  renouvel\u00e9  si  les  conditions\nrequises sont remplies ;\nArticle 5 : Toute modification de ces \u00e9l\u00e9ments doit \u00eatre signal\u00e9e au pr\u00e9fet dans les d\u00e9lais\npr\u00e9vus par l'arr\u00eat\u00e9 du 9 f\u00e9vrier 2026 susvis\u00e9.\nPour toute transformation du local de formation, tout abandon ou toute extension d'une\nformation,  l'exploitant  est  tenu  d'adresser  une  demande  de  modification  du  pr\u00e9sent\narr\u00eat\u00e9.\nArticle  6 :  En cas de  rachat de l'entreprise, d'un local ou du fonds de commerce sous\nr\u00e9serve  que  le  nouvel  exploitant  ou  repr\u00e9sentant  l\u00e9gal  respecte  les  prescriptions  de\nl'arr\u00eat\u00e9 du 9 f\u00e9vrier 2026 susvis\u00e9, l'agr\u00e9ment est maintenu et modifi\u00e9.\nArticle 7 : En cas de changement ou d'ajout d'un ou plusieurs locaux dans le d\u00e9partement,\nsous r\u00e9serve que l'exploitant adresse une d\u00e9claration au pr\u00e9fet au moins deux mois avant\nle d\u00e9but de l'activit\u00e9, l'agr\u00e9ment est maintenu et modifi\u00e9.\nArticle 8 : L'agr\u00e9ment peut \u00eatre \u00e0 tout moment suspendu ou retir\u00e9 selon les dispositions\ndes article 5, 14 et 15 de l'arr\u00eat\u00e9 du 9 f\u00e9vrier 2026 susvis\u00e9 ;\n                        \nDirection d\u00e9partementale des territoires de la C\u00f4te-d'Or\n57 rue de Mulhouse- BP 53317 - 21033 DIJON cedex\nt\u00e9l : 03 80 29 44 44 \u2013 Courriel : ddt@cote-dor.gouv.fr\nDirection d\u00e9partementale des territoires de la C\u00f4te-d'Or - 21-2026-03-20-00002 -                                                                                                \n      \nArr\u00eat\u00e9 N\u00b0 573\nautorisant le renouvellement quinquennal de l'agr\u00e9ment permettant \u00e0\nMonsieur FOURNIER J\u00e9r\u00f4me d'exploiter un \u00e9tablissement d'enseignement, \u00e0 titre on\u00e9reux, de  la conduite des v\u00e9hicules \u00e0 moteur et\nde la s\u00e9curit\u00e9 routi\u00e8re, \nd\u00e9nomm\u00e9 \u00ab\u00a0AUTO-\u00c9COLE JLM\u00bb\nsitu\u00e9 42, rue Antoine Masson\n21130 AUXONNE\n5\n3 \nArticle 9  : Le pr\u00e9sent agr\u00e9ment et toute d\u00e9cision affectant sa validit\u00e9 seront enregistr\u00e9s\ndans le registre national de l'enseignement de la conduite des v\u00e9hicules \u00e0 moteur et de la\ns\u00e9curit\u00e9 routi\u00e8re cr\u00e9\u00e9 par l'arr\u00eat\u00e9 du 8 janvier 2001 pr\u00e9cit\u00e9. Conform\u00e9ment \u00e0 la loi n\u00b0 78-17\ndu 6 janvier 1978 relative \u00e0 l'informatique, aux fichiers et aux libert\u00e9s, toute personne peut\nobtenir communication et, le cas \u00e9ch\u00e9ant, rectification ou suppression des informations\nla  concernant,  en  s'adressant  au  bureau  \u00e9ducation  routi\u00e8re  de  la  direction\nd\u00e9partementale des territoires.\nArticle  10 : Le secr\u00e9taire g\u00e9n\u00e9ral de la pr\u00e9fecture et la directrice d\u00e9partementale des\nterritoires sont charg\u00e9s de l'ex\u00e9cution du pr\u00e9sent arr\u00eat\u00e9, qui sera publi\u00e9 au recueil des\nactes administratifs de la pr\u00e9fecture de C\u00f4te-d'Or, et dont copie sera adress\u00e9e \u00e0 Monsieur\nJ\u00e9r\u00f4me FOURNIER.\nFait \u00e0 Dijon, le 20 mars 2026\nPour le pr\u00e9fet et par d\u00e9l\u00e9gation,\nLa directrice d\u00e9partementale des territoires,\n          ORIGINAL SIGN\u00c9           \nManuelle DUPUY\nDirection d\u00e9partementale des territoires de la C\u00f4te-d'Or\n57 rue de Mulhouse- BP 53317 - 21033 DIJON cedex\nt\u00e9l : 03 80 29 44 44 \u2013 Courriel : ddt@cote-dor.gouv.fr\nDirection d\u00e9partementale des territoires de la C\u00f4te-d'Or - 21-2026-03-20-00002 -                                                                                                \n      \nArr\u00eat\u00e9 N\u00b0 573\nautorisant le renouvellement quinquennal de l'agr\u00e9ment permettant \u00e0\nMonsieur FOURNIER J\u00e9r\u00f4me d'exploiter un \u00e9tablissement d'enseignement, \u00e0 titre on\u00e9reux, de  la conduite des v\u00e9hicules \u00e0 moteur et\nde la s\u00e9curit\u00e9 routi\u00e8re, \nd\u00e9nomm\u00e9 \u00ab\u00a0AUTO-\u00c9COLE JLM\u00bb\nsitu\u00e9 42, rue Antoine Masson\n21130 AUXONNE\n6\nDirection d\u00e9partementale des territoires de la\nC\u00f4te-d'Or\nService Pr\u00e9servation et Am\u00e9nagement de\nl'Espace (SPAE)\n21-2026-03-16-00006\nArr\u00eat\u00e9 n\u00b0567 portant d\u00e9rogation \u00e0 l'urbanisation\nlimit\u00e9e dans le cadre de l'\u00e9laboration de la carte\ncommunale, sur le territoire de la commune de\nMALIGNY\nDirection d\u00e9partementale des territoires de la C\u00f4te-d'Or - 21-2026-03-16-00006 - Arr\u00eat\u00e9 n\u00b0567 portant d\u00e9rogation \u00e0 l'urbanisation\nlimit\u00e9e dans le cadre de l'\u00e9laboration de la carte communale, sur le territoire de la commune de MALIGNY 7\nzsPREFETDELACOTE-D'ORLibert\u00e9Egalit\u00e9Fraternit\u00e9\nDirection d\u00e9partementale des territoires\nde la C\u00f4te-d'Or\nAffaire suivie par : Jean-Michel MARS\nService pr\u00e9servation et am\u00e9nagement de \nl'espace\nBureau planification et pr\u00e9vention des \nrisques technologiques\nT\u00e9l. : 03 80 92 55 14\nM\u00e9l : jean-michel.mars@cote-dor.gouv.fr\nDijon, le 16 mars 2026\nArr\u00eat\u00e9 N\u00b0 567\nportant d\u00e9rogation \u00e0 l'urbanisation limit\u00e9e dans le cadre de l'\u00e9laboration de Carte \nCommunale, sur le territoire de la commune de MALIGNY\nLe pr\u00e9fet de la C\u00f4te-d'Or\nVU le code de l'urbanisme, notamment les articles L.142-4, L.142-5, R.142-2 et R.142-3 ;\nVU  le d\u00e9cret du 10 octobre 2024 nommant M. Paul Mourier en qualit\u00e9 de pr\u00e9fet de la  \nr\u00e9gion Bourgogne-Franche-Comt\u00e9, pr\u00e9fet de la C\u00f4te d'Or ;\nVU l'arr\u00eat\u00e9 pr\u00e9fectoral n\u00b0 813 / SG du 13 juin 2025 donnant d\u00e9l\u00e9gation de signature \u00e0  \nMonsieur Denis BRUEL, secr\u00e9taire g\u00e9n\u00e9ral de la pr\u00e9fecture de la C\u00f4te-d'Or ;\nVU la demande de d\u00e9rogation du 18 juillet 2025 pour l'ouverture \u00e0 l'urbanisation de zones  \nconstructibles dans le cadre de l'\u00e9laboration de Carte Communale de Maligny ;\nVU l'avis favorable \u00e9mis sur la demande de d\u00e9rogation par la Commission D\u00e9partementale \nde Pr\u00e9servation des Espaces Naturels, Agricoles et Forestiers le 18 septembre 2025 ;\nVU  la demande de compl\u00e9ment de d\u00e9rogation du 19 janvier 2026 pour l'ouverture \u00e0  \nl'urbanisation de zones constructibles dans le cadre de l'\u00e9laboration de Carte Communale  \nde Maligny ;\nDirection d\u00e9partementale des territoires de la C\u00f4te-d'Or\n57 rue de Mulhouse- BP 53317 - 21033 DIJON cedex\nt\u00e9l : 03 80 29 44 44 \u2013 Courriel : ddt@cote-dor.gouv.fr\nDirection d\u00e9partementale des territoires de la C\u00f4te-d'Or - 21-2026-03-16-00006 - Arr\u00eat\u00e9 n\u00b0567 portant d\u00e9rogation \u00e0 l'urbanisation\nlimit\u00e9e dans le cadre de l'\u00e9laboration de la carte communale, sur le territoire de la commune de MALIGNY 8\n2\nVU l'avis favorable \u00e9mis sur la demande de compl\u00e9ment de d\u00e9rogation par la Commission  \nD\u00e9partementale de Pr\u00e9servation des Espaces Naturels, Agricoles et Forestiers le 26 f\u00e9vrier  \n2026 ;\nConsid\u00e9rant que la commune de Maligny n'est pas couverte par un sch\u00e9ma de coh\u00e9rence  \nterritorial (SCoT) applicable ;\nConsid\u00e9rant d\u00e8s lors que les zones \u00e0 urbaniser d\u00e9limit\u00e9es apr\u00e8s le 1 er juillet 2002 ainsi que  \nles  zones  naturelles,  agricoles  ou  foresti\u00e8res  \u00e0  l'occasion  de  l'\u00e9laboration  ou  d'une  \nproc\u00e9dure  d'\u00e9volution  d'un  document  d'urbanisme  n\u00e9cessitent  l'accord  du  pr\u00e9fet  \nconform\u00e9ment \u00e0 l'article L.142-5 du code de l'urbanisme ;\nConsid\u00e9rant que la d\u00e9rogation pr\u00e9vue \u00e0 l'article susvis\u00e9 ne peut \u00eatre accord\u00e9e que si  \nl'urbanisation  envisag\u00e9e  ne  nuit  pas  \u00e0  la  protection  des  espaces  naturels,  agricoles  et \nforestiers ou \u00e0 la pr\u00e9servation et \u00e0 la remise en bon \u00e9tat des continuit\u00e9s \u00e9cologiques, ne  \nconduit pas \u00e0 une consommation excessive de l'espace, ne g\u00e9n\u00e8re pas d'impact excessif  \nsur les flux de d\u00e9placement et ne nuit pas \u00e0 une r\u00e9partition \u00e9quilibr\u00e9e entre emploi,  \nhabitat, commerces et services ;\nSur proposition de Madame la directrice d\u00e9partementale des territoires de C\u00f4te-d'Or\nARR\u00caTE\nArticle 1er  : la d\u00e9rogation pr\u00e9vue \u00e0 l'article L.142-5 du Code de l'urbanisme est accord\u00e9e  \npour l'urbanisation des parcelles list\u00e9es ci-dessous pour une surface totale de 0,07 ha sur la \ncommune  de  Maligny,  actuellement  class\u00e9es  en  zone  non  constructible  du  r\u00e8glement \nnational  d'urbanisme,  pour  permettre  l'extension  d'un  logement  existant  et  la  \nconstruction d'un logement dans un souci de r\u00e9duction de la consommation d'espaces et  \nd'optimisation du foncier.\nCes secteurs repr\u00e9sentent une ouverture \u00e0 l'urbanisation de 0,07 ha de zones urbaines  \nmixtes.\nSecteur \nsoumis \u00e0 \nd\u00e9rogation\nParcelle Surface \nparcelle\nSurface \nconcern\u00e9e Zonage \nant\u00e9rieur\nZonage \n\u00e9labor\u00e9 Projet\nA AC 187 1\u00a0041\u00a0m\u00b2 300\u00a0m\u00b2 RNU ZC\nPermettre le confortement \n(extension et annexe) \nd'un logement existant\nB AB 229 1\u00a0466\u00a0m\u00b2 400\u00a0m\u00b2 RNU ZC Permettre la construction \nd'un logement \nDirection d\u00e9partementale des territoires de la C\u00f4te-d'Or\n57 rue de Mulhouse- BP 53317 - 21033 DIJON cedex\nt\u00e9l : 03 80 29 44 44 \u2013 Courriel : ddt@cote-dor.gouv.fr\nDirection d\u00e9partementale des territoires de la C\u00f4te-d'Or - 21-2026-03-16-00006 - Arr\u00eat\u00e9 n\u00b0567 portant d\u00e9rogation \u00e0 l'urbanisation\nlimit\u00e9e dans le cadre de l'\u00e9laboration de la carte communale, sur le territoire de la commune de MALIGNY 9\n3\nArticle 2  : le pr\u00e9sent arr\u00eat\u00e9 fera l'objet, d'une part, d'un affichage \u00e0 la mairie, et d'autre  \npart, d'une publication au recueil des actes administratifs de la pr\u00e9fecture de C\u00f4te-d'Or.\nArticle 3 : en cas de contestation de la pr\u00e9sente d\u00e9cision, un recours gracieux doit d'abord \n\u00eatre adress\u00e9 \u00e0 son auteur dans un d\u00e9lai de deux mois \u00e0 compter de sa notification, \u00e0 peine  \nd'irrecevabilit\u00e9 du recours contentieux qui pourrait \u00eatre intent\u00e9 ult\u00e9rieurement. L'absence \nde r\u00e9ponse dans un d\u00e9lai de deux mois vaut d\u00e9cision tacite de rejet du recours gracieux.\nEn cas de rejet tacite ou expr\u00e8s, un recours contentieux peut ensuite \u00eatre form\u00e9 devant le  \ntribunal administratif de Dijon (22 rue d'Assas 21000 Dijon) dans un d\u00e9lai de deux mois. Le  \ntribunal peut \u00eatre saisi par un recours d\u00e9pos\u00e9 sur la plateforme T\u00e9l\u00e9recours accessible sur  \nle site internet www.telerecours.fr.\nArticle  4 : le  Secr\u00e9taire  g\u00e9n\u00e9ral  de  la  pr\u00e9fecture  de  C\u00f4te-d'Or,  Madame  la  directrice  \nd\u00e9partementale  des  territoires  et  Madame  le  Maire  de  la  commune  de  Maligny sont  \ncharg\u00e9s, chacun en ce qui le concerne, de l'ex\u00e9cution du pr\u00e9sent arr\u00eat\u00e9.\nFait \u00e0 Dijon, le 16 mars 2026\nPour le pr\u00e9fet et par d\u00e9l\u00e9gation\nLe secr\u00e9taire g\u00e9n\u00e9ral\nSIGN\u00c9\nDenis BRUEL\nDirection d\u00e9partementale des territoires de la C\u00f4te-d'Or\n57 rue de Mulhouse- BP 53317 - 21033 DIJON cedex\nt\u00e9l : 03 80 29 44 44 \u2013 Courriel : ddt@cote-dor.gouv.fr\nDirection d\u00e9partementale des territoires de la C\u00f4te-d'Or - 21-2026-03-16-00006 - Arr\u00eat\u00e9 n\u00b0567 portant d\u00e9rogation \u00e0 l'urbanisation\nlimit\u00e9e dans le cadre de l'\u00e9laboration de la carte communale, sur le territoire de la commune de MALIGNY 10\nDirection d\u00e9partementale des territoires de la\nC\u00f4te-d'Or\nService Pr\u00e9servation et Am\u00e9nagement de\nl'Espace (SPAE)\n21-2026-03-20-00003\nArr\u00eat\u00e9 pr\u00e9fectoral n\u00b007-2026 du 20 mars 2026\nportant distraction du r\u00e9gime forestier\nDirection d\u00e9partementale des territoires de la C\u00f4te-d'Or - 21-2026-03-20-00003 - Arr\u00eat\u00e9 pr\u00e9fectoral n\u00b007-2026 du 20 mars 2026\nportant distraction du r\u00e9gime forestier 11\nExPREFETDE LACOTE-D'ORLibert\u00e9Egalit\u00e9Fraternit\u00e9\nDirection d\u00e9partementale des territoires de la \nC\u00f4te-d'Or\nService pr\u00e9servation et am\u00e9nagement de l'espace\nBureau chasse-for\u00eat\nArr\u00eat\u00e9 pr\u00e9fectoral n\u00b007-2026 du 20 mars 2026\nportant distraction du r\u00e9gime forestier\nLe pr\u00e9fet de la C\u00f4te-d'Or\nVU les articles L.214-3, R.214-2 et R.214-8 du Code forestier ;\nVU l'arr\u00eat\u00e9  pr\u00e9fectoral  n\u00b0  507/SG  du  28  mars  2025  donnant  d\u00e9l\u00e9gation  de  signature  \u00e0  \nMadame Manuelle DUPUY, directrice d\u00e9partementale des territoires de la C\u00f4te-d'Or ;\nVU l'arr\u00eat\u00e9  n\u00b01333  du  28  ao\u00fbt  2025  portant  d\u00e9l\u00e9gation  de  signature  aux  agents  de  la  \ndirection d\u00e9partementale des territoires de la C\u00f4te-d'Or ;\nVU la d\u00e9lib\u00e9ration en date du 16 d\u00e9cembre 2021, rendue ex\u00e9cutoire par d\u00e9p\u00f4t en pr\u00e9fecture  \ndu 18 d\u00e9cembre 2021, par laquelle le conseil municipal de Villeferry sollicite la distraction du  \nr\u00e9gime  forestier  sur  une  parcelle  situ\u00e9e  sur  son  territoire  communal  et  dont  elle  est  \npropri\u00e9taire ;\nVU l'avis favorable de l'Office National des For\u00eats en date du 14 d\u00e9cembre 2023 ;\nCONSID\u00c9RANT que cette op\u00e9ration de distraction fait suite \u00e0 un remaniement parcellaire  \nexcluant la partie cultiv\u00e9e de la parcelle ZE 12 ;\nCONSID\u00c9RANT que la surface \u00e0 distraire ne n\u00e9cessite pas de compensation ;\nSUR proposition de Madame la Directrice d\u00e9partementale des territoires de la C\u00f4te-d'Or ;\nARR\u00caTE\nARTICLE 1  er     :   D\u00c9SIGNATION   DES TERRAINS  \nLa distraction du r\u00e9gime forestier est prononc\u00e9e pour un terrain d'une surface totale de  \n0,4559 hectare et ainsi cadastr\u00e9 :\nDirection d\u00e9partementale des territoires de la C\u00f4te-d'Or\n57 , rue de Mulhouse - BP 53317 - 21033 Dijon CEDEX\nT\u00e9l. : 03 80 29 44 44\nCourriel : ddt@cote-dor.gouv.fr\n1\nDirection d\u00e9partementale des territoires de la C\u00f4te-d'Or - 21-2026-03-20-00003 - Arr\u00eat\u00e9 pr\u00e9fectoral n\u00b007-2026 du 20 mars 2026\nportant distraction du r\u00e9gime forestier 12\nCommune de situation R\u00e9f\u00e9rence \ncadastrale\nSurface cadastrale \ntotale (ha)\nSurface concern\u00e9e\nr\u00e9gime forestier (ha)\nVilleferry ZE 12 22,0774 0,4559\nTotal 0,4559\nARTICLE 2     : DATE D'EFFET ET PUBLICATION  \nLa pr\u00e9sente d\u00e9cision sera affich\u00e9e en mairie de situation des terrains et l'accomplissement de  \ncette formalit\u00e9 sera certifi\u00e9e aupr\u00e8s de la Direction d\u00e9partementale des territoires par le  \nmaire de la commune concern\u00e9e.\nLe  pr\u00e9sent  arr\u00eat\u00e9  sera  par  ailleurs  ins\u00e9r\u00e9  dans  le  recueil  des  actes  administratifs  du  \nd\u00e9partement.\nARTICLE 3     : NOTIFICATION DE L'ARR\u00caTE PR\u00c9FECTORAL  \nLa pr\u00e9sente d\u00e9cision sera notifi\u00e9e \u00e0 :\n\u2022 Monsieur le Maire de la commune de Villeferry ;\n\u2022 Monsieur le Directeur de l'agence Bourgogne-Est de l'Office National des For\u00eats.\nARTICLE 4     : EX\u00c9CUTION DE L'ARR\u00caTE PR\u00c9FECTORAL  \nLe maire de Villeferry, le directeur de l'agence Bourgogne-Est de l'Office National des For\u00eats  \net la directrice d\u00e9partementale des territoires sont charg\u00e9s de l'ex\u00e9cution du pr\u00e9sent arr\u00eat\u00e9.\nPour la directrice d\u00e9partementale des territoires,\nLe responsable du bureau chasse-for\u00eat,\nSIGN\u00c9\nEmeric BUSSY\nDirection d\u00e9partementale des territoires de la C\u00f4te-d'Or\n57 , rue de Mulhouse - BP 53317 - 21033 Dijon CEDEX\nT\u00e9l. : 03 80 29 44 44\nCourriel : ddt@cote-dor.gouv.fr\n2\nDirection d\u00e9partementale des territoires de la C\u00f4te-d'Or - 21-2026-03-20-00003 - Arr\u00eat\u00e9 pr\u00e9fectoral n\u00b007-2026 du 20 mars 2026\nportant distraction du r\u00e9gime forestier 13\nPr\u00e9fecture de la C\u00f4te-d'Or\nDirection des Collectivit\u00e9s locales et des\nElections \n21-2026-03-16-00005\nArr\u00eat\u00e9 pr\u00e9fectoral n\u00b0 553 portant constitution\nd'une d\u00e9l\u00e9gation sp\u00e9ciale dans la commune de\nLABERGEMENT-FOIGNEY\nPr\u00e9fecture de la C\u00f4te-d'Or - 21-2026-03-16-00005 - Arr\u00eat\u00e9 pr\u00e9fectoral n\u00b0 553 portant constitution d'une d\u00e9l\u00e9gation sp\u00e9ciale dans la\ncommune de LABERGEMENT-FOIGNEY 14\nExPREFETDE LACOTE-D'ORLibert\u00e9Egalit\u00e9Fraternit\u00e9\nSecr\u00e9tariat G\u00e9n\u00e9ral\nDirection des Collectivit\u00e9s Locales et des \u00c9lections\nAffaire suivie par Delphine HORNY              \nBureau des \u00e9lections et de la r\u00e9glementation/Cheffe de bureau\nT\u00e9l : 03.80.44.65.40\nm\u00e9l : pref-elections@cote-dor.gouv.fr\nArr\u00eat\u00e9 N\u00b0553\nPortant constitution d'une d\u00e9l\u00e9gation sp\u00e9ciale dans la commune de LABERGEMENT-\nFOIGNEY\nLe pr\u00e9fet de la C\u00f4te-d'Or\nVU les articles L. 2121-35 et suivants du code g\u00e9n\u00e9ral des collectivit\u00e9s ;\nVU le d\u00e9cret n\u00b0 2025-848 du 27 ao\u00fbt 2025 fixant la date du renouvellement des conseillers  \nmunicipaux et communautaires, des conseillers m\u00e9tropolitains de Lyon, des conseillers de  \nParis et des conseillers d'arrondissement de Paris, Lyon et Marseille et portant convocation  \ndes \u00e9lecteurs ;\nVU la  circulaire  NOR  ATDB2535402C  du  16  d\u00e9cembre  2025  relative  aux  conditions  de  \ncr\u00e9ation et de fonctionnement d'une d\u00e9l\u00e9gation sp\u00e9ciale ;\nVU l'arr\u00eat\u00e9  n\u00b0  31  du  8  janvier  2026  fixant  le  nombre  de  conseillers  municipaux  et  \ncommunautaires \u00e0 \u00e9lire ou \u00e0 d\u00e9signer dans les communes du d\u00e9partement de la C\u00f4te d'Or \u00e0  \nl'occasion des \u00e9lections municipales et communautaires des 15 et 22 mars 2026 ;\nCONSID\u00c9RANT l'impossibilit\u00e9  de  constituer  un  conseil  municipal  dans  la  commune  de  \nLABERGEMENT-FOIGNEY en raison de l'absence de candidature d\u00e9pos\u00e9e et enregistr\u00e9e par la \npr\u00e9fecture la C\u00f4te-d'Or pour le premier tour des \u00e9lections municipales et communautaires  \ndu 15 mars 2026 ;\nSUR proposition du Secr\u00e9taire g\u00e9n\u00e9ral de la pr\u00e9fecture de la C\u00f4te d'Or ;\nPr\u00e9fecture de la C\u00f4te-d'Or - 21-2026-03-16-00005 - Arr\u00eat\u00e9 pr\u00e9fectoral n\u00b0 553 portant constitution d'une d\u00e9l\u00e9gation sp\u00e9ciale dans la\ncommune de LABERGEMENT-FOIGNEY 15\nARR\u00caTE\nArticle  1er :  il  est  institu\u00e9  une  d\u00e9l\u00e9gation  sp\u00e9ciale  dans  la  commune  de  LABERGEMENT  \nFOIGNEY compos\u00e9e de : \n- M. Daniel COLLARD, Officier t\u00e9l\u00e9m\u00e9canicien de l'arm\u00e9e de l'air en retraite,\n- M. Alain DUROUX, Ing\u00e9nieur territorial en retraite, \n-  M.  Jean-Luc  JEOFFROY,  Ing\u00e9nieur  en  chef  du  Conseil  D\u00e9partemental  de  C\u00f4te  d'Or  en  \nretraite.\nArticle 2 : D\u00e8s son installation, la d\u00e9l\u00e9gation sp\u00e9ciale proc\u00e9dera \u00e0 l'\u00e9lection de son pr\u00e9sident  \net s'il y a lieu de son vice-pr\u00e9sident au scrutin secret et \u00e0 la majorit\u00e9 absolue. Le pr\u00e9sident ou  \n\u00e0 d\u00e9faut, le vice-pr\u00e9sident, remplit les fonctions de maire.\nArticle 3 : La d\u00e9l\u00e9gation sp\u00e9ciale remplit les fonctions du conseil municipal. Ses pouvoirs sont  \nlimit\u00e9s aux actes de pure administration conservatoire et urgente. \nLa  d\u00e9l\u00e9gation  sp\u00e9ciale  ne  peut  engager  les  finances  municipales  au-del\u00e0  des  ressources  \ndisponibles de l'exercice courant.\nElle  ne  peut  ni  pr\u00e9parer  le  budget  communal,  ni  recevoir  les  comptes  du  maire  ou  du  \nreceveur, ni modifier le personnel ou le r\u00e9gime de l'enseignement public.\nArticle  4 :  Les  membres  de  la  d\u00e9l\u00e9gation  sp\u00e9ciale  pourront  percevoir  toutes  indemnit\u00e9s  \nr\u00e9glementaires en lien direct avec l'exercice de leur mission sur le budget de la commune.\nLe pr\u00e9sident et les membres de la d\u00e9l\u00e9gation sp\u00e9ciale ont droit au versement des frais que  \nn\u00e9cessite l'ex\u00e9cution des mandats sp\u00e9ciaux dans les conditions d\u00e9finies par l'article L. 2123-18 \ndu CGCT.\nArticle 5 : Les fonctions de la d\u00e9l\u00e9gation sp\u00e9ciale expireront de plein droit d\u00e8s que le conseil  \nmunicipal sera reconstitu\u00e9.\nCependant, le pr\u00e9sident de la d\u00e9l\u00e9gation sp\u00e9ciale ou \u00e0 d\u00e9faut, le vice-pr\u00e9sident, remplit les  \nfonctions de maire jusqu'\u00e0 l'installation du nouveau conseil municipal charg\u00e9 d'\u00e9lire le maire  \net ses adjoints .\nLe pr\u00e9sident de la d\u00e9l\u00e9gation sp\u00e9ciale et \u00e0 d\u00e9faut, le vice-pr\u00e9sident, est charg\u00e9, \u00e0 l'issue des  \n\u00e9lections, de convoquer le nouveau conseil municipal pour proc\u00e9der \u00e0 l'\u00e9lection du maire et  \ndes adjoints. La convocation doit \u00eatre effectu\u00e9e dans les formes et les d\u00e9lais pr\u00e9vus par le  \ncode g\u00e9n\u00e9ral des collectivit\u00e9s territoriales.\nPr\u00e9fecture de la C\u00f4te-d'Or - 21-2026-03-16-00005 - Arr\u00eat\u00e9 pr\u00e9fectoral n\u00b0 553 portant constitution d'une d\u00e9l\u00e9gation sp\u00e9ciale dans la\ncommune de LABERGEMENT-FOIGNEY 16\nArticle 6 : Le Secr\u00e9taire G\u00e9n\u00e9ral de la Pr\u00e9fecture de la C\u00f4te d'Or et le Directeur r\u00e9gional des  \nfinances publiques de Bourgogne-Franche-Comt\u00e9 et du d\u00e9partement de la C\u00f4te-d'Or par  \nint\u00e9rim sont charg\u00e9s chacun en ce qui les concerne de l'ex\u00e9cution du pr\u00e9sent arr\u00eat\u00e9 qui sera  \nnotifi\u00e9 \u00e0 chacun des membres de la d\u00e9l\u00e9gation sp\u00e9ciale, affich\u00e9 aux emplacements officiels  \nde la commune de LABERGEMENT-FOIGNEY et publi\u00e9 au recueil des actes administratifs de  \nla pr\u00e9fecture de la C\u00f4te-d'Or.\nFait \u00e0 Dijon, le 16 mars 2026\nLe Pr\u00e9fet,\nsign\u00e9\nPaul MOURIER\nVoies et d\u00e9lais de recours : le pr\u00e9sent arr\u00eat\u00e9 peut faire l'objet, dans un d\u00e9lai de deux mois suivant sa publication, d'un recours gracieux aupr\u00e8s  \ndu pr\u00e9fet de la C\u00f4te d'Or, d'un recours hi\u00e9rarchique aupr\u00e8s du ministre de l'Int\u00e9rieur - Direction de la modernisation \u2013 Place Beauvau \u2013 75800  \nParis Cedex 08 ou d'un recours contentieux aupr\u00e8s du tribunal administratif de Dijon \u2013 22, rue d'Assas BP61616 \u2013 210016 Dijon Cedex\nPr\u00e9fecture de la C\u00f4te-d'Or - 21-2026-03-16-00005 - Arr\u00eat\u00e9 pr\u00e9fectoral n\u00b0 553 portant constitution d'une d\u00e9l\u00e9gation sp\u00e9ciale dans la\ncommune de LABERGEMENT-FOIGNEY 17","date":"2026-03-23","first_seen_on":"2026-03-23T17:12:47+00:00","id":"9233213b45b039a60fc7eb81cef2b8735a9bf25f2ee8916865d9b8451d9e17dc","name":"RAA n\u00b0 055 du 23 mars 2026","pdf_creation_date":"2026-03-23T15:08:30+00:00","pdf_modification_date":null,"timezone":"Europe/Paris","url":"https://www.cote-dor.gouv.fr/contenu/telechargement/25792/197173/file/recueil-21-2026-055-recueil-des-actes-administratifs-special.pdf"}
