{"administration":"pref21","administration_name":"Pr\u00e9fecture de C\u00f4te-d\u2019Or","content":"PR\u00c9FET\nDE LA C\u00d4TE-D'OR\nRECUEIL DES ACTES\nADMINISTRATIFS SP\u00c9CIAL\nN\u00b021-2026-053\nPUBLI\u00c9 LE 19 MARS 2026\nSommaire\nCour d'appel de Dijon /\n21-2026-03-16-00002 - CA Dijon - DELEGATION DE SIGNATURE POLE\nCHORUS 2026/2 (2 pages) Page 4\nDirection d\u00e9partementale de la protection des populations de la\nC\u00f4te-d'Or / Service Sant\u00e9 et Protections animales, Protection de\nl'Environnement\n21-2026-02-20-00006 - Arr\u00eat\u00e9 N\u00b0 323/2026\nmodifiant l'arr\u00eat\u00e9\npr\u00e9fectoral n\u00b0 1458/2025 du 8 octobre 2025\nportant d\u00e9claration\nd'infection de la faune sauvage par la tuberculose\nbovine,\nd\u00e9finissant une zone \u00e0 risque et portant diff\u00e9rentes\nmesures\nde surveillance, de lutte et de pr\u00e9vention dans la faune\nsauvage (11 pages) Page 7\n21-2026-03-09-00002 - Arr\u00eat\u00e9 pr\u00e9fectoral N\u00b0495/2026 en date du 9\nmars 2026 attribuant l habilitation sanitaire \u00e0 Alexia GRONDIN (2 pages) Page 19\nDirection d\u00e9partementale des territoires de la C\u00f4te-d'Or / Cellule\n\u00c9ducation routi\u00e8re\n21-2026-03-17-00001 - Arr\u00eat\u00e9 N\u00b0 544\nPortant modification de\nl'arr\u00eat\u00e9 pr\u00e9fectoral n\u00b0 413 concernant l'adresse de\nl'\u00e9tablissement d'enseignement de la conduite automobile\nd\u00e9nomm\u00e9 \u00ab\u00a0AFTRAL\u00a0\u00bb  (3 pages) Page 22\n21-2026-03-19-00003 - Arr\u00eat\u00e9 N\u00b0 566\n\nportant modification de\nl'arr\u00eat\u00e9 pr\u00e9fectoral n\u00b0 700 du 13  juin 2022   relatif \u00e0\nl'exploitation de l'\u00e9tablissement d'enseignement de la conduite\nautomobile d\u00e9nomm\u00e9 \u00ab\u00a0TOP DRIVE\u00a0\u00bb \nsitu\u00e9\u00a0\u00e0\u00a0: \n\u00ab\u00a0SAINT-APOLLINAIRE - 21850\u00bb   (3 pages) Page 26\nDirection d\u00e9partementale des territoires de la C\u00f4te-d'Or / Service\nS\u00e9curit\u00e9 et Education Routi\u00e8re\n21-2026-03-16-00001 - AP M274 556820260316 RAA (9 pages) Page 30\nDirection r\u00e9gionale de l'\u00e9conomie, de l'emploi, du travail et des\nsolidarit\u00e9s de Bourgogne Franche-Comt\u00e9 /\n21-2026-03-18-00001 - 21 - D\u00e9cision d'affectation des agents en UC en\nC\u00f4te d'Or au 2026-04-01 (9 pages) Page 40\nDREAL Bourgogne-Franche-Comt\u00e9 /\n21-2026-03-19-00001 - D\u00e9cision portant subd\u00e9l\u00e9gation de signature\naux agents de la DREAL pour les missions\nsous autorit\u00e9 du pr\u00e9fet de la\nC\u00f4te d'Or (3 pages) Page 50\nPr\u00e9fecture de la C\u00f4te-d'Or / Secr\u00e9tariat G\u00e9n\u00e9ral\n21-2026-03-12-00005 - Arr\u00eat\u00e9 pr\u00e9fectoral N\u00b0 552 portant\nrenouvellement des agr\u00e9ments ILGLS et ISFT de l'association ACODEGE\nau titre de l'article L.365-4 et de l'article L.365-3 du code de la construction\net de l'habitation (2 pages) Page 54\n2\nSous-pr\u00e9fecture de Beaune /\n21-2026-03-11-00001 - Arr\u00eat\u00e9 N\u00b0516 portant renouvellement de\nl'habilitation dans le domaine fun\u00e9raire \n des \u00e9tablissements\nChristian BORDES \u00e0 Seurre (2 pages) Page 57\n3\nCour d'appel de Dijon\n21-2026-03-16-00002\nCA Dijon - DELEGATION DE SIGNATURE POLE\nCHORUS 2026/2\nCour d'appel de Dijon - 21-2026-03-16-00002 - CA Dijon - DELEGATION DE SIGNATURE POLE CHORUS 2026/2 4\nMINISTEREDE LA JUSTICELibert\u00e9Egalit\u00e9Fraternit\u00e9\n  \n \nCOUR D'APPEL DE DIJON \n                             SERVICE ADMINISTRATIF INTER R\u00c9GIONAL \nDossier suivi par S\u00e9verine STREER  \nResponsable des march\u00e9s publics \n \nT\u00e9l : 03.80.44.61.88 \nM\u00e9l : rgbmp.sar.ca-dijon@justice.fr \n8 rue Amiral Roussin BP 33432 12034 Dijon cedex   1  \n \nDECISION PORTANT DELEGATION \nDE SIGNATURE AUX AGENTS VALIDEURS AFFECTES AU POLE \nCHORUS n\u00b02026/2 \n \nLe premier pr\u00e9sident de la cour d'appel de Dijon  \net  \nLe procureur g\u00e9n\u00e9ral pr\u00e8s ladite cour \n \n \nVu la loi organique n\u00b0 2001-692 du 1er ao\u00fbt 2001 relative aux lois de finances, modifi\u00e9e par les lois organiques \nn\u00b0 2005-779 du 12 juillet 2005, n\u00b0 2012-1403 du 17 d\u00e9cembre 2012, n\u00b0 2017-1338 du 15 septembre 2017 et \nn\u00b0 2021-1836 du 28 d\u00e9cembre 2021 ; \n \nVu le d\u00e9cret n\u00b0 2012-1246 du 7 novembre 2012 relatif \u00e0 la gestion budg\u00e9taire et comptable publique ; \n \nVu le d\u00e9cret n\u00b0 2007-352 du 14 mars 2007 relatif aux services administratifs r\u00e9gionaux judiciaires ; \n \nVu le code de l'organisation judiciaire, notamment l'article D312-66 relatif aux comp\u00e9tences d'ordonnateurs \nsecondaires conjoints des Premiers Pr\u00e9sidents de cour d'appel et des Procureurs G\u00e9n\u00e9raux pr\u00e8s lesdites \ncours d'appel ; \n \nVu le d\u00e9cret NOR JUS B2503017D du 17 f\u00e9vrier 2025 portant nomination de Monsieur Alain \nCHATEAUNEUF aux fonctions de premier pr\u00e9sident de la cour d'appel de Dijon ; \n \nVu le d\u00e9cret NOR JUS B2418220D du 9 juillet 2024 portant nomination de Monsieur Philippe ASTRUC aux \nfonctions de procureur g\u00e9n\u00e9ral pr\u00e8s la cour d'appel de Dijon ; \n \nVu la convention de d\u00e9l\u00e9gation de gestion entre la cour d'appel de Dijon et l'\u00c9cole nationale des greffes de \nDijon en date du 10 juillet 2020 ; \n \nVu la convention de d\u00e9l\u00e9gation de gestion entre la cour d'appel de Dijon et la cour d'appel de Besan\u00e7on en \ndate du 19 juin 2020 ; \n \nDECIDENT \n \nARTICLE 1 \n \nD\u00e9l\u00e9gation de signature est donn\u00e9e aux agents ci-dessous d\u00e9sign\u00e9s nominativement, \u00e0 l'effet de signer les \nactes d'ordonnancement secondaire en d\u00e9penses et en recettes ex\u00e9cut\u00e9s par le p\u00f4le Chorus h\u00e9berg\u00e9 au \nservice administratif interr\u00e9gional de la cour d'appel de Dijon. \n \nCour d'appel de Dijon - 21-2026-03-16-00002 - CA Dijon - DELEGATION DE SIGNATURE POLE CHORUS 2026/2 5\n \nT\u00e9l : 03.80.44.61.88 \nM\u00e9l : rgbmp.sar.ca-dijon@justice.fr \n8 rue Amiral Roussin BP 33432 12034 Dijon cedex   2  \n \nAGENTS \n \nACTES \nFlorence JOLLY \nDirectrice des services de greffe \njudiciaires, chef du p\u00f4le chorus \n \nPascale DAURELLE \nSecr\u00e9taire administrative \n \nCl\u00e9mence CHARNET \nSecr\u00e9taire administrative \n \nVal\u00e9rie LE TACON \nSecr\u00e9taire administrative \n \nAnne-Laure GAROT \nSecr\u00e9taire administrative \nValidation \n- des engagements juridiques (EJ) \n- des demandes de paiement \n- des recettes non fiscales \n \nCertification du service fait \n \nTenue de la comptabilit\u00e9 auxiliaire des immobilisations  \n \nSignature des bons de commande \u00e9dit\u00e9s \u00e0 partir du progiciel \nCHORUS \n \nFinalisation et/ou cl\u00f4ture des EJ sur la base de la liste transmise \npar le service prescripteur (nettoyage des flux) \n \nTraitement des demandes d'\u00e9critures correctives des EJ \ntransmises par le service prescripteur \n \nInt\u00e9gration des charges, immobilisations et produits \u00e0 \nrattacher \u00e0 l'exercice sur la base des \u00e9l\u00e9ments transmis par le \nservice prescripteur \n \nCette d\u00e9l\u00e9gation de signature est \u00e9galement valable pour les actes du p\u00f4le Chorus ex\u00e9cut\u00e9s en application \ndes d\u00e9l\u00e9gations de gestion vis\u00e9es supra. \n \nSont exclus de cette d\u00e9l\u00e9gation, les ordres de r\u00e9quisition du comptable public assignataire et les d\u00e9cisions \nde passer outre aux refus de visa du contr\u00f4leur financier local. \n \nARTICLE 2 \n \nLe premier pr\u00e9sident et le procureur g\u00e9n\u00e9ral sont charg\u00e9s de l'ex\u00e9cution de la pr\u00e9sente d\u00e9cision, qui sera \nnotifi\u00e9e aux d\u00e9l\u00e9gataires d\u00e9sign\u00e9s ci-dessus, transmise au comptable assignataire et publi\u00e9e au recueil des \nactes administratifs de la pr\u00e9fecture de C\u00f4te d'Or. \n \nFait \u00e0 Dijon, le 16/03/2026 \n \n \n \n Le Procureur G\u00e9n\u00e9ral,     Le Premier Pr\u00e9sident, \n \nORIGINAL SIGN\u00c9        ORIGINAL SIGN\u00c9 \n \n        Philippe ASTRUC                             Alain CHATEAUNEUF \n    \n \nCour d'appel de Dijon - 21-2026-03-16-00002 - CA Dijon - DELEGATION DE SIGNATURE POLE CHORUS 2026/2 6\nDirection d\u00e9partementale de la protection des\npopulations de la C\u00f4te-d'Or\nService Sant\u00e9 et Protections animales, Protection\nde l'Environnement\n21-2026-02-20-00006\nArr\u00eat\u00e9 N\u00b0 323/2026\nmodifiant l'arr\u00eat\u00e9 pr\u00e9fectoral n\u00b0 1458/2025 du 8\noctobre 2025\nportant d\u00e9claration d'infection de la faune\nsauvage par la tuberculose bovine,\nd\u00e9finissant une zone \u00e0 risque et portant\ndiff\u00e9rentes mesures\nde surveillance, de lutte et de pr\u00e9vention dans la\nfaune sauvage\nDirection d\u00e9partementale de la protection des populations de la C\u00f4te-d'Or - 21-2026-02-20-00006 - Arr\u00eat\u00e9 N\u00b0 323/2026\nmodifiant l'arr\u00eat\u00e9 pr\u00e9fectoral n\u00b0 1458/2025 du 8 octobre 2025\nportant d\u00e9claration d'infection de la faune sauvage par la tuberculose bovine,\nd\u00e9finissant une zone \u00e0 risque et portant diff\u00e9rentes mesures\nde surveillance, de lutte et de pr\u00e9vention dans la faune sauvage\n7\nExPREFETDE LACOTE-D'ORLibert\u00e9Egalit\u00e9Fraternit\u00e9\nDirection D\u00e9partementale de\nla Protection des Populations\nService sant\u00e9 et protection animales, \nprotection de l'environnement\n03 80 29 42 04 \u2013 J\u00e9r\u00f4me VILLE\n03 80 29 42 46 \u2013 Flora AL-HAKKAK\nMail\u00a0: ddpp-spa@cote-dor.gouv.fr\nArr\u00eat\u00e9 N\u00b0 323/2026\nmodifiant l'arr\u00eat\u00e9 pr\u00e9fectoral n\u00b0 1458/2025 du 8 octobre 2025\nportant d\u00e9claration d'infection de la faune sauvage par la tuberculose bovine,\nd\u00e9finissant une zone \u00e0 risque et portant diff\u00e9rentes mesures\nde surveillance, de lutte et de pr\u00e9vention dans la faune sauvage\nLe pr\u00e9fet de la C\u00f4te-d'Or\nVU le r\u00e8glement (UE) 2016/429 du 9 mars 2016 relatif aux maladies animales transmissibles  \net modifiant et abrogeant certains actes dans le domaine de la sant\u00e9 animale (\u00ab l\u00e9gisla -\ntion sur la sant\u00e9 animale \u00bb) ;\nVU le Code de l'environnement, notamment ses articles L.421-5, L.422-10, L.424-3, L.424-11, \nL.425-1, 2 et 5, L.425-6 \u00e0 L.425-13, L.427-6 et R.413-24 \u00e0 R.413-47, R.425-1-1 \u00e0 R.425-13,  \nL.427-1 et R.427-6 ;\nVU le  Code  rural  et  de  la  p\u00eache  maritime,  notamment  le  livre  II  (partie  l\u00e9gislative  et \nr\u00e9glementaire) ;\nVU le d\u00e9cret N\u00b0 2004-374 du 29 avril 2004 modifi\u00e9, relatif aux pouvoirs des pr\u00e9fets, \u00e0  \nl'organisation et \u00e0 l'action des services de l'\u00c9tat dans les r\u00e9gions et d\u00e9partements ;\nVU le d\u00e9cret du 10 octobre 2024 portant nomination du pr\u00e9fet de la r\u00e9gion Bourgogne-  \nFranche-Comt\u00e9, pr\u00e9fet de la C\u00f4te-d'Or - M. Paul MOURIER ;\nVU l'arr\u00eat\u00e9 du 18 d\u00e9cembre 2009 relatif aux r\u00e8gles sanitaires applicables aux produits d'ori-\ngine animale et aux denr\u00e9es alimentaires en contenant ;\nVU l'arr\u00eat\u00e9 du 7 d\u00e9cembre 2016 relatif \u00e0 certaines mesures de surveillance et de lutte  \ncontre la tuberculose lors de la mise en \u00e9vidence de cette maladie dans la faune sau -\nvage\u00a0;\nVU l'arr\u00eat\u00e9 du 8 octobre 2021 fixant les mesures techniques et administratives relatives \u00e0  \nla pr\u00e9vention, la surveillance et la police sanitaire de l'infection par le complexe Myco-\nbacterium tuberculosis des animaux des esp\u00e8ces bovines, caprines et porcines ainsi que \ndes \u00e9levages de cam\u00e9lid\u00e9s et de cervid\u00e9s\u00a0;\nDirection d\u00e9partementale de la protection des populations\n57 rue de Mulhouse CS 53317 21033 DIJON Cedex\n03 80 29 44 44 - courriel : ddpp@cote-dor.gouv.fr page 1\nDirection d\u00e9partementale de la protection des populations de la C\u00f4te-d'Or - 21-2026-02-20-00006 - Arr\u00eat\u00e9 N\u00b0 323/2026\nmodifiant l'arr\u00eat\u00e9 pr\u00e9fectoral n\u00b0 1458/2025 du 8 octobre 2025\nportant d\u00e9claration d'infection de la faune sauvage par la tuberculose bovine,\nd\u00e9finissant une zone \u00e0 risque et portant diff\u00e9rentes mesures\nde surveillance, de lutte et de pr\u00e9vention dans la faune sauvage\n8\nVU l'arr\u00eat\u00e9 pr\u00e9fectoral n\u00b0 1458/2025 du 8 octobre 2025 portant d\u00e9claration d'infection de \nla faune sauvage par la tuberculose bovine, d\u00e9finissant une zone \u00e0 risque et portant  \ndiff\u00e9rentes mesures de surveillance, de lutte et de pr\u00e9vention dans la faune sauvage ;\nCONSID\u00c9RANT  les  foyers  de  tuberculose  bovine  d\u00e9tect\u00e9s  chez  les  bovins  dans  le  \nd\u00e9partement de la C\u00f4te-d'Or depuis juin 2020 ;\nCONSID\u00c9RANT  les cerfs, sangliers et blaireaux d\u00e9tect\u00e9s infect\u00e9s de tuberculose bovine  \ndans le d\u00e9partement de la C\u00f4te-d'Or depuis janvier 2021 ;\nCONSID\u00c9RANT  que  l'arr\u00eat\u00e9  du  7  d\u00e9cembre  2016  susvis\u00e9  d\u00e9finit  les  zones  \u00e0  risque  \nconcern\u00e9es par des mesures sp\u00e9cifiques en cas de d\u00e9tection de tuberculose dans la faune  \nsauvage\u00a0;\nCONSID\u00c9RANT que la d\u00e9limitation des zonages d\u00e9finis par l'arr\u00eat\u00e9 pr\u00e9fectoral n\u00b0 1458/2025 \ndu 8 octobre 2025 doit \u00eatre adapt\u00e9e pour prendre en compte la situation \u00e9pid\u00e9miologique  \nactuelle\u00a0;\nSUR proposition du secr\u00e9taire g\u00e9n\u00e9ral de la pr\u00e9fecture de la C\u00f4te-d'Or ;\nARR\u00caTE\nArticle 1  er  \u00a0: Constitution du zonage et listes des communes concern\u00e9es\nLes annexes 1, 2 et 4 de l'arr\u00eat\u00e9 n\u00b0 1458/2025 susvis\u00e9 sont modifi\u00e9es pour tenir compte de la  \nsituation sanitaire actuelle et conform\u00e9ment aux zonages valid\u00e9s.\nLeurs versions actualis\u00e9es sont produites en fin du pr\u00e9sent arr\u00eat\u00e9\u00a0:\n\uf0b7 L'annexe 1 d\u00e9finit la liste des communes o\u00f9 ont \u00e9t\u00e9 d\u00e9clar\u00e9s des cas de tuberculose  \ndans la faune sauvage depuis le 1er janvier 2021 ;\n\uf0b7 L'annexe 2 d\u00e9finit la liste des communes de la \u00ab\u00a0zone \u00e0 risque\u00a0\u00bb, comprenant la \u00ab\u00a0zone \ninfect\u00e9e\u00a0\u00bb et la \u00ab\u00a0zone tampon\u00a0\u00bb ;\n\uf0b7 L'annexe 4 pr\u00e9sente la cartographie illustrant les diff\u00e9rentes zones.\nArticle 2\u00a0: D\u00e9lai et voies de recours\nLe pr\u00e9sent arr\u00eat\u00e9 peut faire l'objet, dans les deux mois suivant sa publication, d'un recours  \ngracieux aupr\u00e8s du pr\u00e9fet et/ou d'un recours hi\u00e9rarchique aupr\u00e8s du ministre de l'Agriculture \net/ou d'un recours contentieux devant le tribunal administratif de Dijon, soit par courrier,  \nsoit par l'application informatique T\u00e9l\u00e9recours accessible sur le site www.telerecours.fr.\nCes voies de recours ne suspendent pas l'application du pr\u00e9sent arr\u00eat\u00e9.\nDirection d\u00e9partementale de la protection des populations\n57 rue de Mulhouse CS 53317 21033 DIJON Cedex\n03 80 29 44 44 - courriel : ddpp@cote-dor.gouv.fr page 2\nDirection d\u00e9partementale de la protection des populations de la C\u00f4te-d'Or - 21-2026-02-20-00006 - Arr\u00eat\u00e9 N\u00b0 323/2026\nmodifiant l'arr\u00eat\u00e9 pr\u00e9fectoral n\u00b0 1458/2025 du 8 octobre 2025\nportant d\u00e9claration d'infection de la faune sauvage par la tuberculose bovine,\nd\u00e9finissant une zone \u00e0 risque et portant diff\u00e9rentes mesures\nde surveillance, de lutte et de pr\u00e9vention dans la faune sauvage\n9\nArticle 3\u00a0: Ex\u00e9cution\nLe secr\u00e9taire g\u00e9n\u00e9ral de la pr\u00e9fecture de la C\u00f4te-d'Or, le directeur d\u00e9partemental de la  \nprotection des populations de la C\u00f4te-d'Or, la directrice d\u00e9partementale des territoires de la \nC\u00f4te-d'Or, le chef du service d\u00e9partemental de l'office fran\u00e7ais de la biodiversit\u00e9 de la C\u00f4te-\nd'Or,  le  directeur  de  l'office  national  des  for\u00eats,  le  commandant  du  groupement  de  \ngendarmerie  de  la  C\u00f4te-d'Or,  les  maires  des  communes  concern\u00e9es,  les  lieutenants  de  \nlouveterie, le pr\u00e9sident de la f\u00e9d\u00e9ration d\u00e9partementale des chasseurs de la C\u00f4te-d'Or sont  \ncharg\u00e9s, chacun en ce qui les concerne, de l'ex\u00e9cution du pr\u00e9sent arr\u00eat\u00e9 qui sera publi\u00e9 au  \nrecueil des actes administratifs de la pr\u00e9fecture de la C\u00f4te-d'Or.\nFait \u00e0 Dijon, le 20/02/2026\nLe pr\u00e9fet,\nSIGNE\nPaul MOURIER\n                                                                                                        \nDirection d\u00e9partementale de la protection des populations\n57 rue de Mulhouse CS 53317 21033 DIJON Cedex\n03 80 29 44 44 - courriel : ddpp@cote-dor.gouv.fr page 3\nDirection d\u00e9partementale de la protection des populations de la C\u00f4te-d'Or - 21-2026-02-20-00006 - Arr\u00eat\u00e9 N\u00b0 323/2026\nmodifiant l'arr\u00eat\u00e9 pr\u00e9fectoral n\u00b0 1458/2025 du 8 octobre 2025\nportant d\u00e9claration d'infection de la faune sauvage par la tuberculose bovine,\nd\u00e9finissant une zone \u00e0 risque et portant diff\u00e9rentes mesures\nde surveillance, de lutte et de pr\u00e9vention dans la faune sauvage\n10\nAnnexe 1     : liste des communes o\u00f9 ont \u00e9t\u00e9 d\u00e9clar\u00e9s au moins un cas de faune sauvage depuis   \nle 1  er   janvier 2021  \nCOMMUNE Esp\u00e8ce\nALISE-SAINTE-REINE Blaireau\nANTHEUIL Blaireau\nAVOSNES Blaireau\nBARBIREY-SUR-OUCHE Blaireau\u00a0et\u00a0renard\nBOUILLAND Blaireau\nBROCHON Sanglier\nBUSSY-LA-PESLE Blaireau\nCHARENCEY Blaireau\nCHASSEY Blaireau\nCOLLONGES-LES-BEVY Blaireau\nCORCELLES-LES-MONTS Blaireau\nCOUCHEY Blaireau\nDREE Blaireau\nFIXIN Blaireau\nFLAVIGNY-SUR-OZERAIN Blaireau\nGISSEY-SUR-OUCHE Blaireau\u00a0et\u00a0sanglier\nGRIGNON Blaireau\nHAUTEROCHE Blaireau\nJAILLY-LES-MOULINS Blaireau\nLANTILLY Blaireau\nMASSINGY-LES-SEMUR Blaireau\nMESSANGES Blaireau\nSAINT-JEAN-DE-BOEUF Blaireau\nSAINT-MESMIN Blaireau\nSAINT-VICTOR-SUR-OUCHE Cerf\u00a0et\u00a0blaireau\nSAVIGNY-SOUS-MALAIN Blaireau\nSEMEZANGES Blaireau\nTERNANT Blaireau\nTHOREY-SUR-OUCHE Blaireau\nVENAREY-LES-LAUMES Blaireau\nVEUVEY-SUR-OUCHE Blaireau\nVILLEBERNY Blaireau\nVILLY-EN-AUXOIS Blaireau\nDirection d\u00e9partementale de la protection des populations\n57 rue de Mulhouse CS 53317 21033 DIJON Cedex\n03 80 29 44 44 - courriel : ddpp@cote-dor.gouv.fr page 4\nDirection d\u00e9partementale de la protection des populations de la C\u00f4te-d'Or - 21-2026-02-20-00006 - Arr\u00eat\u00e9 N\u00b0 323/2026\nmodifiant l'arr\u00eat\u00e9 pr\u00e9fectoral n\u00b0 1458/2025 du 8 octobre 2025\nportant d\u00e9claration d'infection de la faune sauvage par la tuberculose bovine,\nd\u00e9finissant une zone \u00e0 risque et portant diff\u00e9rentes mesures\nde surveillance, de lutte et de pr\u00e9vention dans la faune sauvage\n11\nAnnexe 2     : liste des 300 communes de la \u00ab     zone \u00e0 risque     \u00bb,  \ncomprenant la \u00ab  \u00a0  zone infect\u00e9e  \u00a0  \u00bb   et la \u00ab  \u00a0  zone tampon  \u00a0  \u00bb  \nINSEE COMMUNE Zone\n21002 AGEY Zone infect\u00e9e\n21008 ALISE-SAINTE-REINE Zone infect\u00e9e\n21013 ANCEY Zone infect\u00e9e\n21014 ANTHEUIL Zone infect\u00e9e\n21017 ARCENANT Zone infect\u00e9e\n21018 ARCEY Zone infect\u00e9e\n21024 ARNAY-SOUS-VITTEAUX Zone infect\u00e9e\n21030 AUBAINE Zone infect\u00e9e\n21033 AUBIGNY-LES-SOMBERNON Zone infect\u00e9e\n21040 AVOSNES Zone infect\u00e9e\n21045 BARBIREY-SUR-OUCHE Zone infect\u00e9e\n21051 BAULME-LA-ROCHE Zone infect\u00e9e\n21064 BENOISEY Zone infect\u00e9e\n21065 BESSEY-EN-CHAUME Zone infect\u00e9e\n21069 BEURIZOT Zone infect\u00e9e\n21070 BEVY Zone infect\u00e9e\n21080 BLAISY-BAS Zone infect\u00e9e\n21081 BLAISY-HAUT Zone infect\u00e9e\n21087 BLIGNY-SUR-OUCHE Zone infect\u00e9e\n21091 BOUHEY Zone infect\u00e9e\n21092 BOUILLAND Zone infect\u00e9e\n21097 BOUSSEY Zone infect\u00e9e\n21098 BOUX-SOUS-SALMAISE Zone infect\u00e9e\n21100 BRAIN Zone infect\u00e9e\n21110 BROCHON Zone infect\u00e9e\n21120 LA BUSSIERE-SUR-OUCHE Zone infect\u00e9e\n21121 BUSSY-LA-PESLE Zone infect\u00e9e\n21132 CHAMBOEUF Zone infect\u00e9e\n21137 CHAMP-D'OISEAU Zone infect\u00e9e\n21141 CHAMPRENAULT Zone infect\u00e9e\n21144 CHARENCEY Zone infect\u00e9e\n21151 CHASSEY Zone infect\u00e9e\n21152 CHATEAUNEUF Zone infect\u00e9e\n21155 CHAUDENAY-LA-VILLE Zone infect\u00e9e\n21156 CHAUDENAY-LE-CHATEAU Zone infect\u00e9e\n21166 CHENOVE Zone infect\u00e9e\n21168 CHEVANNAY Zone infect\u00e9e\n21169 CHEVANNES Zone infect\u00e9e\n21176 CIVRY-EN-MONTAGNE Zone infect\u00e9e\n21177 CLAMEREY Zone infect\u00e9e\n21182 COLLONGES-LES-BEVY Zone infect\u00e9e\n21184 COLOMBIER Zone infect\u00e9e\n21187 COMMARIN Zone infect\u00e9e\n21192 CORCELLES-LES-MONTS Zone infect\u00e9e\n21200 COUCHEY Zone infect\u00e9e\n21204 COURCELLES-LES-MONTBARD Zone infect\u00e9e\n21212 CREPAND Zone infect\u00e9e\nDirection d\u00e9partementale de la protection des populations\n57 rue de Mulhouse CS 53317 21033 DIJON Cedex\n03 80 29 44 44 - courriel : ddpp@cote-dor.gouv.fr page 5\nDirection d\u00e9partementale de la protection des populations de la C\u00f4te-d'Or - 21-2026-02-20-00006 - Arr\u00eat\u00e9 N\u00b0 323/2026\nmodifiant l'arr\u00eat\u00e9 pr\u00e9fectoral n\u00b0 1458/2025 du 8 octobre 2025\nportant d\u00e9claration d'infection de la faune sauvage par la tuberculose bovine,\nd\u00e9finissant une zone \u00e0 risque et portant diff\u00e9rentes mesures\nde surveillance, de lutte et de pr\u00e9vention dans la faune sauvage\n12\n21214 CRUGEY Zone infect\u00e9e\n21219 CURTIL-VERGY Zone infect\u00e9e\n21223 DAIX Zone infect\u00e9e\n21224 DAMPIERRE-EN-MONTAGNE Zone infect\u00e9e\n21227 DAROIS Zone infect\u00e9e\n21228 DETAIN-ET-BRUANT Zone infect\u00e9e\n21234 DREE Zone infect\u00e9e\n21238 ECHANNAY Zone infect\u00e9e\n21243 ECUTIGNY Zone infect\u00e9e\n21248 ERINGES Zone infect\u00e9e\n21254 L'ETANG-VERGY Zone infect\u00e9e\n21255 ETAULES Zone infect\u00e9e\n21259 FAIN-LES-MONTBARD Zone infect\u00e9e\n21265 FIXIN Zone infect\u00e9e\n21270 FLAVIGNEROT Zone infect\u00e9e\n21271 FLAVIGNY-SUR-OZERAIN Zone infect\u00e9e\n21273 FLEUREY-SUR-OUCHE Zone infect\u00e9e\n21287 FRESNES Zone infect\u00e9e\n21289 FUSSEY Zone infect\u00e9e\n21291 GENAY Zone infect\u00e9e\n21293 GERGUEIL Zone infect\u00e9e\n21299 GISSEY-SOUS-FLAVIGNY Zone infect\u00e9e\n21300 GISSEY-SUR-OUCHE Zone infect\u00e9e\n21306 GRENANT-LES-SOMBERNON Zone infect\u00e9e\n21307 GRESIGNY-SAINTE-REINE Zone infect\u00e9e\n21308 GRIGNON Zone infect\u00e9e\n21310 GROSBOIS-EN-MONTAGNE Zone infect\u00e9e\n21314 HAUTEROCHE Zone infect\u00e9e\n21321 JAILLY-LES-MOULINS Zone infect\u00e9e\n21329 JUILLY Zone infect\u00e9e\n21339 LANTENAY Zone infect\u00e9e\n21341 LANTILLY Zone infect\u00e9e\n21360 LUSIGNY-SUR-OUCHE Zone infect\u00e9e\n21365 MAGNY-LA-VILLE Zone infect\u00e9e\n21373 MALAIN Zone infect\u00e9e\n21377 MARCELLOIS Zone infect\u00e9e\n21381 MARCILLY-ET-DRACY Zone infect\u00e9e\n21386 MARIGNY-LE-CAHOUET Zone infect\u00e9e\n21389 MARMAGNE Zone infect\u00e9e\n21390 MARSANNAY-LA-COTE Zone infect\u00e9e\n21394 MASSINGY-LES-SEMUR Zone infect\u00e9e\n21395 MASSINGY-LES-VITTEAUX Zone infect\u00e9e\n21406 MESMONT Zone infect\u00e9e\n21407 MESSANGES Zone infect\u00e9e\n21408 MESSIGNY-ET-VANTOUX Zone infect\u00e9e\n21409 MEUILLEY Zone infect\u00e9e\n21413 MILLERY Zone infect\u00e9e\n21425 MONTBARD Zone infect\u00e9e\n21427 MONTCEAU-ET-ECHARNANT Zone infect\u00e9e\n21429 MONTIGNY-MONTFORT Zone infect\u00e9e\n21439 MONTOILLOT Zone infect\u00e9e\n21448 MUSSY-LA-FOSSE Zone infect\u00e9e\nDirection d\u00e9partementale de la protection des populations\n57 rue de Mulhouse CS 53317 21033 DIJON Cedex\n03 80 29 44 44 - courriel : ddpp@cote-dor.gouv.fr page 6\nDirection d\u00e9partementale de la protection des populations de la C\u00f4te-d'Or - 21-2026-02-20-00006 - Arr\u00eat\u00e9 N\u00b0 323/2026\nmodifiant l'arr\u00eat\u00e9 pr\u00e9fectoral n\u00b0 1458/2025 du 8 octobre 2025\nportant d\u00e9claration d'infection de la faune sauvage par la tuberculose bovine,\nd\u00e9finissant une zone \u00e0 risque et portant diff\u00e9rentes mesures\nde surveillance, de lutte et de pr\u00e9vention dans la faune sauvage\n13\n21456 NOGENT-LES-MONTBARD Zone infect\u00e9e\n21477 PANGES Zone infect\u00e9e\n21478 PASQUES Zone infect\u00e9e\n21485 PLOMBIERES-LES-DIJON Zone infect\u00e9e\n21497 PONT-ET-MASSENE Zone infect\u00e9e\n21498 POSANGES Zone infect\u00e9e\n21500 POUILLENAY Zone infect\u00e9e\n21504 PRALON Zone infect\u00e9e\n21508 PRENOIS Zone infect\u00e9e\n21520 REMILLY-EN-MONTAGNE Zone infect\u00e9e\n21523 REULLE-VERGY Zone infect\u00e9e\n21528 LA ROCHE-VANNEAU Zone infect\u00e9e\n21537 SAFFRES Zone infect\u00e9e\n21539 SAINT-ANTHOT Zone infect\u00e9e\n21544 SAINTE-COLOMBE-EN-AUXOIS Zone infect\u00e9e\n21547 SAINT-EUPHRONE Zone infect\u00e9e\n21550 SAINT-GERMAIN-LES-SENAILLY Zone infect\u00e9e\n21552 SAINT-HELIER Zone infect\u00e9e\n21553 SAINT-JEAN-DE-BOEUF Zone infect\u00e9e\n21559 SAINTE-MARIE-SUR-OUCHE Zone infect\u00e9e\n21561 SAINT-MARTIN-DU-MONT Zone infect\u00e9e\n21563 SAINT-MESMIN Zone infect\u00e9e\n21570 SAINTE-SABINE Zone infect\u00e9e\n21576 SAINT-THIBAULT Zone infect\u00e9e\n21578 SAINT-VICTOR-SUR-OUCHE Zone infect\u00e9e\n21580 SALMAISE Zone infect\u00e9e\n21590 SAVIGNY-LES-BEAUNE Zone infect\u00e9e\n21592 SAVIGNY-SOUS-MALAIN Zone infect\u00e9e\n21597 SEGROIS Zone infect\u00e9e\n21598 SEIGNY Zone infect\u00e9e\n21600 SEMAREY Zone infect\u00e9e\n21601 SEMEZANGES Zone infect\u00e9e\n21603 SEMUR-EN-AUXOIS Zone infect\u00e9e\n21604 SENAILLY Zone infect\u00e9e\n21611 SOMBERNON Zone infect\u00e9e\n21612 SOUHEY Zone infect\u00e9e\n21625 TERNANT Zone infect\u00e9e\n21627 THENISSEY Zone infect\u00e9e\n21634 THOREY-SUR-OUCHE Zone infect\u00e9e\n21646 TROUHAUT Zone infect\u00e9e\n21648 TURCEY Zone infect\u00e9e\n21649 UNCEY-LE-FRANC Zone infect\u00e9e\n21650 URCY Zone infect\u00e9e\n21651 VAL-SUZON Zone infect\u00e9e\n21178 VALFORET Zone infect\u00e9e\n21661 VELARS-SUR-OUCHE Zone infect\u00e9e\n21662 VELOGNY Zone infect\u00e9e\n21663 VENAREY-LES-LAUMES Zone infect\u00e9e\n21669 VERREY-SOUS-DREE Zone infect\u00e9e\n21670 VERREY-SOUS-SALMAISE Zone infect\u00e9e\n21672 VESVRES Zone infect\u00e9e\n21673 VEUVEY-SUR-OUCHE Zone infect\u00e9e\nDirection d\u00e9partementale de la protection des populations\n57 rue de Mulhouse CS 53317 21033 DIJON Cedex\n03 80 29 44 44 - courriel : ddpp@cote-dor.gouv.fr page 7\nDirection d\u00e9partementale de la protection des populations de la C\u00f4te-d'Or - 21-2026-02-20-00006 - Arr\u00eat\u00e9 N\u00b0 323/2026\nmodifiant l'arr\u00eat\u00e9 pr\u00e9fectoral n\u00b0 1458/2025 du 8 octobre 2025\nportant d\u00e9claration d'infection de la faune sauvage par la tuberculose bovine,\nd\u00e9finissant une zone \u00e0 risque et portant diff\u00e9rentes mesures\nde surveillance, de lutte et de pr\u00e9vention dans la faune sauvage\n14\n21677 VIC-DES-PRES Zone infect\u00e9e\n21679 VIEILMOULIN Zone infect\u00e9e\n21686 VILLAINES-LES-PREVOTES Zone infect\u00e9e\n21688 VILLARS-FONTAINE Zone infect\u00e9e\n21689 VILLARS-ET-VILLENOTTE Zone infect\u00e9e\n21690 VILLEBERNY Zone infect\u00e9e\n21694 VILLEFERRY Zone infect\u00e9e\n21705 VILLOTTE-SAINT-SEINE Zone infect\u00e9e\n21707 VILLY-EN-AUXOIS Zone infect\u00e9e\n21709 VISERNY Zone infect\u00e9e\n21710 VITTEAUX Zone infect\u00e9e\n-\n21003 AHUY Zone tampon\n21010 ALOXE-CORTON Zone tampon\n21015 ANTIGNY-LA-VILLE Zone tampon\n21025 ARRANS Zone tampon\n21027 ASNIERES-LES-DIJON Zone tampon\n21029 ATHIE Zone tampon\n21036 AUXANT Zone tampon\n21037 AUXEY-DURESSES Zone tampon\n21047 BARD-LES-EPOISSES Zone tampon\n21054 BEAUNE Zone tampon\n21059 BELLEFOND Zone tampon\n21062 BELLENOT-SOUS-POUILLY Zone tampon\n21066 BESSEY-LA-COUR Zone tampon\n21075 BILLY-LES-CHANCEAUX Zone tampon\n21084 SOURCE-SEINE Zone tampon\n21085 BLIGNY-LE-SEC Zone tampon\n21086 BLIGNY-LES-BEAUNE Zone tampon\n21088 BONCOURT-LE-BOIS Zone tampon\n21099 BOUZE-LES-BEAUNE Zone tampon\n21101 BRAUX Zone tampon\n21108 BRIANNY Zone tampon\n21114 BUFFON Zone tampon\n21122 BUSSY-LE-GRAND Zone tampon\n21127 CHAIGNAY Zone tampon\n21128 CHAILLY-SUR-ARMANCON Zone tampon\n21133 CHAMBOLLE-MUSIGNY Zone tampon\n21136 CHAMPAGNY Zone tampon\n21140 CHAMPIGNOLLES Zone tampon\n21142 CHANCEAUX Zone tampon\n21145 CHARIGNY Zone tampon\n21162 CHAUX Zone tampon\n21164 CHAZILLY Zone tampon\n21173 CHOREY-LES-BEAUNE Zone tampon\n21186 COMBLANCHIEN Zone tampon\n21194 CORGOLOIN Zone tampon\n21197 CORPOYER-LA-CHAPELLE Zone tampon\n21198 CORROMBLES Zone tampon\n21199 CORSAINT Zone tampon\n21205 COURCELLES-LES-SEMUR Zone tampon\n21208 COURTIVRON Zone tampon\nDirection d\u00e9partementale de la protection des populations\n57 rue de Mulhouse CS 53317 21033 DIJON Cedex\n03 80 29 44 44 - courriel : ddpp@cote-dor.gouv.fr page 8\nDirection d\u00e9partementale de la protection des populations de la C\u00f4te-d'Or - 21-2026-02-20-00006 - Arr\u00eat\u00e9 N\u00b0 323/2026\nmodifiant l'arr\u00eat\u00e9 pr\u00e9fectoral n\u00b0 1458/2025 du 8 octobre 2025\nportant d\u00e9claration d'infection de la faune sauvage par la tuberculose bovine,\nd\u00e9finissant une zone \u00e0 risque et portant diff\u00e9rentes mesures\nde surveillance, de lutte et de pr\u00e9vention dans la faune sauvage\n15\n21210 CREANCEY Zone tampon\n21216 CULETRE Zone tampon\n21217 CURLEY Zone tampon\n21218 CURTIL-SAINT-SEINE Zone tampon\n21221 CUSSY-LA-COLONNE Zone tampon\n21222 CUSSY-LE-CHATEL Zone tampon\n21226 DARCEY Zone tampon\n21231 DIJON Zone tampon\n21241 ECHEVRONNE Zone tampon\n21244 EGUILLY Zone tampon\n21245 EPAGNY Zone tampon\n21247 EPOISSES Zone tampon\n21257 ETORMAY Zone tampon\n21260 FAIN-LES-MOUTIERS Zone tampon\n21267 FLAGEY-ECHEZEAUX Zone tampon\n21274 FOISSY Zone tampon\n21278 FONTAINE-LES-DIJON Zone tampon\n21282 FORLEANS Zone tampon\n21284 FRANCHEVILLE Zone tampon\n21286 FRENOIS Zone tampon\n21288 FROLOIS Zone tampon\n21295 GEVREY-CHAMBERTIN Zone tampon\n21297 GILLY-LES-CITEAUX Zone tampon\n21298 GISSEY-LE-VIEIL Zone tampon\n21315 HAUTEVILLE-LES-DIJON Zone tampon\n21324 JEUX-LES-BARD Zone tampon\n21334 LACANCHE Zone tampon\n21606 LADOIX-SERRIGNY Zone tampon\n21338 LAMARGELLE Zone tampon\n21354 LONGECOURT-LES-CULETRE Zone tampon\n21355 LONGVIC Zone tampon\n21358 LUCENAY-LE-DUC Zone tampon\n21362 MACONGE Zone tampon\n21368 MAGNY-LES-VILLERS Zone tampon\n21380 MARCIGNY-SOUS-THIL Zone tampon\n21384 MAREY-LES-FUSSEY Zone tampon\n21391 MARSANNAY-LE-BOIS Zone tampon\n21392 MARTROIS Zone tampon\n21397 MAVILLY-MANDELOT Zone tampon\n21399 MEILLY-SUR-ROUVRES Zone tampon\n21401 MELOISEY Zone tampon\n21404 MENETREUX-LE-PITOIS Zone tampon\n21421 MOLOY Zone tampon\n21423 MONTAGNY-LES-BEAUNE Zone tampon\n21428 MONTHELIE Zone tampon\n21431 MONTIGNY-SUR-ARMANCON Zone tampon\n21442 MOREY-SAINT-DENIS Zone tampon\n21446 MOUTIERS-SAINT-JEAN Zone tampon\n21449 NAN-SOUS-THIL Zone tampon\n21450 NANTOUX Zone tampon\n21462 NORGES-LA-VILLE Zone tampon\n21463 NORMIER Zone tampon\nDirection d\u00e9partementale de la protection des populations\n57 rue de Mulhouse CS 53317 21033 DIJON Cedex\n03 80 29 44 44 - courriel : ddpp@cote-dor.gouv.fr page 9\nDirection d\u00e9partementale de la protection des populations de la C\u00f4te-d'Or - 21-2026-02-20-00006 - Arr\u00eat\u00e9 N\u00b0 323/2026\nmodifiant l'arr\u00eat\u00e9 pr\u00e9fectoral n\u00b0 1458/2025 du 8 octobre 2025\nportant d\u00e9claration d'infection de la faune sauvage par la tuberculose bovine,\nd\u00e9finissant une zone \u00e0 risque et portant diff\u00e9rentes mesures\nde surveillance, de lutte et de pr\u00e9vention dans la faune sauvage\n16\n21464 NUITS-SAINT-GEORGES Zone tampon\n21476 PAINBLANC Zone tampon\n21479 PELLEREY Zone tampon\n21480 PERNAND-VERGELESSES Zone tampon\n21481 PERRIGNY-LES-DIJON Zone tampon\n21490 POISEUL-LA-VILLE-ET-LAPERRIERE Zone tampon\n21492 POMMARD Zone tampon\n21494 PONCEY-SUR-L'IGNON Zone tampon\n21501 POUILLY-EN-AUXOIS Zone tampon\n21506 PREMEAUX-PRISSEY Zone tampon\n21516 QUINCEROT Zone tampon\n21517 QUINCEY Zone tampon\n21518 QUINCY-LE-VICOMTE Zone tampon\n21529 ROILLY Zone tampon\n21530 ROUGEMONT Zone tampon\n21533 ROUVRES-SOUS-MEILLY Zone tampon\n21535 RUFFEY-LES-ECHIREY Zone tampon\n21568 SAINT-REMY Zone tampon\n21569 SAINT-ROMAIN Zone tampon\n21573 SAINT-SEINE-L'ABBAYE Zone tampon\n21588 SAUSSEY Zone tampon\n21589 SAUSSY Zone tampon\n21591 SAVIGNY-LE-SEC Zone tampon\n21613 SOUSSEY-SUR-BRIONNE Zone tampon\n21617 TALANT Zone tampon\n21620 TARSUL Zone tampon\n21630 THOISY-LE-DESERT Zone tampon\n21631 THOMIREY Zone tampon\n21633 THOREY-SOUS-CHARNY Zone tampon\n21640 TORCY-ET-POULIGNY Zone tampon\n21641 TOUILLON Zone tampon\n21272 LE VAL-LARREY Zone tampon\n21327 VAL-MONT Zone tampon\n21652 VANDENESSE-EN-AUXOIS Zone tampon\n21659 VAUX-SAULES Zone tampon\n21660 VEILLY Zone tampon\n21666 VERNOT Zone tampon\n21676 VIC-DE-CHASSENAY Zone tampon\n21684 VIGNOLES Zone tampon\n21692 VILLECOMTE Zone tampon\n21695 LA VILLENEUVE-LES-CONVERS Zone tampon\n21696 VILLENEUVE-SOUS-CHARIGNY Zone tampon\n21698 VILLERS-LA-FAYE Zone tampon\n21712 VOLNAY Zone tampon\n21714 VOSNE-ROMANEE Zone tampon\n21716 VOUGEOT Zone tampon\nDirection d\u00e9partementale de la protection des populations\n57 rue de Mulhouse CS 53317 21033 DIJON Cedex\n03 80 29 44 44 - courriel : ddpp@cote-dor.gouv.fr page 10\nDirection d\u00e9partementale de la protection des populations de la C\u00f4te-d'Or - 21-2026-02-20-00006 - Arr\u00eat\u00e9 N\u00b0 323/2026\nmodifiant l'arr\u00eat\u00e9 pr\u00e9fectoral n\u00b0 1458/2025 du 8 octobre 2025\nportant d\u00e9claration d'infection de la faune sauvage par la tuberculose bovine,\nd\u00e9finissant une zone \u00e0 risque et portant diff\u00e9rentes mesures\nde surveillance, de lutte et de pr\u00e9vention dans la faune sauvage\n17\nrisque |_| Zone de prospectionone infect\u00e9e 7/7 Zone d'interdiction d'agrainage [47]C1 Zone \u00e0(eu\nAnnexe 4     : cartographie des diff\u00e9rentes zones  \nDirection d\u00e9partementale de la protection des populations\n57 rue de Mulhouse CS 53317 21033 DIJON Cedex\n03 80 29 44 44 - courriel : ddpp@cote-dor.gouv.fr page 11\nDirection d\u00e9partementale de la protection des populations de la C\u00f4te-d'Or - 21-2026-02-20-00006 - Arr\u00eat\u00e9 N\u00b0 323/2026\nmodifiant l'arr\u00eat\u00e9 pr\u00e9fectoral n\u00b0 1458/2025 du 8 octobre 2025\nportant d\u00e9claration d'infection de la faune sauvage par la tuberculose bovine,\nd\u00e9finissant une zone \u00e0 risque et portant diff\u00e9rentes mesures\nde surveillance, de lutte et de pr\u00e9vention dans la faune sauvage\n18\nDirection d\u00e9partementale de la protection des\npopulations de la C\u00f4te-d'Or\nService Sant\u00e9 et Protections animales, Protection\nde l'Environnement\n21-2026-03-09-00002\nArr\u00eat\u00e9 pr\u00e9fectoral N\u00b0495/2026 en date du 9\nmars 2026 attribuant l habilitation sanitaire \u00e0\nAlexia GRONDIN\nDirection d\u00e9partementale de la protection des populations de la C\u00f4te-d'Or - 21-2026-03-09-00002 - Arr\u00eat\u00e9 pr\u00e9fectoral N\u00b0495/2026 en\ndate du 9 mars 2026 attribuant l habilitation sanitaire \u00e0 Alexia GRONDIN 19\nE =PREFETDE LACOTE-D'ORLibert\u00e9Egalit\u00e9Fraternit\u00e9\nDirection D\u00e9partementale\nde la Protection des Populations\nService Sant\u00e9 et Protection Animales\nProtection de l'Environnement\nAffaire suivie par : Val\u00e9rie LABUSSIERE\nT\u00e9l. : 03 80 29 44 53\nM\u00e9l : ddpp-spa@cote-dor.gouv.fr\nArr\u00eat\u00e9 pr\u00e9fectoral N\u00b0495/2026 en date du 9 mars 2026\nAttribuant l'habilitation sanitaire \u00e0 Alexia GRONDIN\nPr\u00e9fet de la C\u00f4te-d'Or\nVu  le Code Rural et de la p\u00eache maritime et notamment ses articles L.203-1 \u00e0 L.203-7, L.223-\n6, R.203-1 \u00e0 R.203-15 et R.242-33.\nVu  le d\u00e9cret n\u00b080-516 du 4 juillet 1980, modifi\u00e9 par le d\u00e9cret n\u00b090-1033 du 19 novembre  \n1990 et par le d\u00e9cret 2003-768 du 1 er ao\u00fbt 2003, relatif \u00e0 l'ex\u00e9cution des mesures de  \nprophylaxie collective des maladies des animaux ;\nVu  le  d\u00e9cret  n\u00b02004-374  du  29  avril  2004  modifi\u00e9,  relatif  aux  pouvoirs  des  pr\u00e9fets,  \u00e0  \nl'organisation  et  \u00e0  l'action  des  services  de  l'\u00c9tat  dans  les  r\u00e9gions  et  d\u00e9partements  \nnotamment son article 43 ;\nVu  le d\u00e9cret du 10 octobre 2024 nommant M. Paul MOURIER, pr\u00e9fet de la C\u00f4te-d'Or ;\nVu l'arr\u00eat\u00e9  pr\u00e9fectoral  n\u00b0  1658/SG  du  28/10/2024,  donnant  d\u00e9l\u00e9gation  de  signature  \u00e0  \nMonsieur Didier ROOSE ;\nVu l'arr\u00eat\u00e9 pr\u00e9fectoral n\u00b0781 DDPP du 05/06/2025, donnant subd\u00e9l\u00e9gation de signature ;\nConsid\u00e9rant que le Docteur V\u00e9t\u00e9rinaire Alexia GRONDIN remplit les conditions permettant  \nl'attribution de l'habilitation sanitaire ;\nSur proposition de Monsieur le directeur d\u00e9partemental de la protection des populations de  \nla C\u00f4te-d'Or ;\nDirection D\u00e9partementale de la Protection des Populations - 57 rue de Mulhouse  -  21 033 DIJON Cedex\nt\u00e9l : 03 80 29 43 53... - Fax : 03 80 29 43 53..... - m\u00e8l : ddpp@cote-dor.gouv.fr\nSite internet : http://www.cote-dor.gouv.fr\npage 1\nDirection d\u00e9partementale de la protection des populations de la C\u00f4te-d'Or - 21-2026-03-09-00002 - Arr\u00eat\u00e9 pr\u00e9fectoral N\u00b0495/2026 en\ndate du 9 mars 2026 attribuant l habilitation sanitaire \u00e0 Alexia GRONDIN 20\nA R R E T E\nArticle 1er :\nL'habilitation sanitaire pr\u00e9vue \u00e0 l'article L.203-1 du code rural et de la p\u00eache maritime susvis\u00e9  \nest attribu\u00e9e pour une dur\u00e9e de 5 ans, \u00e0 compter de la date de signature du pr\u00e9sent arr\u00eat\u00e9,  \u00e0 \nAlexia GRONDIN, Docteur V\u00e9t\u00e9rinaire, inscrite au Tableau de l'Ordre des V\u00e9t\u00e9rinaires de la  \nr\u00e9gion Bourgogne-Franche-Comt\u00e9, sous le n\u00b023882, administrativement domicili\u00e9e \u00e0 Univet  \nGenlis 20 rue de Dijon 21110 Genlis\nArticle 2 :\nDans la mesure o\u00f9 les conditions requises ont \u00e9t\u00e9 respect\u00e9es, cette habilitation sanitaire est  \nrenouvelable  par  p\u00e9riode  de  cinq  ann\u00e9es  tacitement  reconduites  sous  r\u00e9serve  pour  le  \nv\u00e9t\u00e9rinaire sanitaire de justifier \u00e0 l'issue de chaque p\u00e9riode de cinq ans, aupr\u00e8s du pr\u00e9fet de  \nla C\u00f4te-d'Or du respect de ses obligations de formation continue pr\u00e9vues \u00e0 l'article R.203-12.\nArticle 3 :\nAlexia GRONDIN s'engage \u00e0 respecter les prescriptions techniques, administratives et le cas  \n\u00e9ch\u00e9ant financi\u00e8res de mise en \u0153uvre des mesures de pr\u00e9vention, de surveillance ou de lutte  \nprescrites par l'autorit\u00e9 administrative et des op\u00e9rations de police sanitaire ex\u00e9cut\u00e9es en  \napplication de l'article L.203-7 du code rural et de la p\u00eache maritime.\nArticle 4 :\nAlexia GRONDIN pourra \u00eatre appel\u00e9e par le pr\u00e9fet de ses d\u00e9partements d'exercice pour la  \nr\u00e9alisation  d'op\u00e9rations  de  police  sanitaire  au  sein  des  lieux  de  d\u00e9tention  ou  des  \n\u00e9tablissements  pour  lesquels  elle  a  \u00e9t\u00e9  d\u00e9sign\u00e9e  v\u00e9t\u00e9rinaire  sanitaire.  Elle  sera  tenue  de \nconcourir \u00e0 ces op\u00e9rations en application des dispositions de l'article L.203-7 du code rural et \nde la p\u00eache maritime.\nArticle 5 :\nTout  manquement  ou  faute  commis  dans  l'exercice  de  la  pr\u00e9sente  habilitation  sanitaire \nentra\u00eenera l'application des dispositions pr\u00e9vues aux articles R.203-15, R.228-6 et suivants du  \ncode rural et de la p\u00eache maritime.\nArticle 6 :\nLa pr\u00e9sente d\u00e9cision peut faire l'objet d'un recours devant le Tribunal Administratif de Dijon  \ndans un d\u00e9lai de deux mois \u00e0 compter de la date de notification, soit par courrier, soit par  \nl'application informatique T\u00e9l\u00e9recours accessible sur le site www.telerecours.fr\nArticle 7 :\nMonsieur le directeur d\u00e9partemental de la protection des populations de la C\u00f4te-d'Or est  \ncharg\u00e9 de l'ex\u00e9cution du pr\u00e9sent arr\u00eat\u00e9 qui sera publi\u00e9 au recueil des actes administratifs de  \nla pr\u00e9fecture de la C\u00f4te-d'Or.\nLa cheffe de service\nSign\u00e9\nFlora AL-HAKKAK\nDirection D\u00e9partementale de la Protection des Populations - 57 rue de Mulhouse  -  21 033 DIJON Cedex\nt\u00e9l : 03 80 29 43 53... - Fax : 03 80 29 43 53..... - m\u00e8l : ddpp@cote-dor.gouv.fr\nSite internet : http://www.cote-dor.gouv.fr\npage 2\nDirection d\u00e9partementale de la protection des populations de la C\u00f4te-d'Or - 21-2026-03-09-00002 - Arr\u00eat\u00e9 pr\u00e9fectoral N\u00b0495/2026 en\ndate du 9 mars 2026 attribuant l habilitation sanitaire \u00e0 Alexia GRONDIN 21\nDirection d\u00e9partementale des territoires de la\nC\u00f4te-d'Or\nCellule \u00c9ducation routi\u00e8re\n21-2026-03-17-00001\nArr\u00eat\u00e9 N\u00b0 544\nPortant modification de l'arr\u00eat\u00e9 pr\u00e9fectoral n\u00b0\n413 concernant l'adresse de l'\u00e9tablissement\nd'enseignement de la conduite automobile\nd\u00e9nomm\u00e9 \u00ab\u00a0AFTRAL\u00a0\u00bb \nDirection d\u00e9partementale des territoires de la C\u00f4te-d'Or - 21-2026-03-17-00001 - Arr\u00eat\u00e9 N\u00b0 544\nPortant modification de l'arr\u00eat\u00e9 pr\u00e9fectoral n\u00b0 413 concernant l'adresse de l'\u00e9tablissement d'enseignement de la conduite automobile\nd\u00e9nomm\u00e9 \u00ab\u00a0AFTRAL\u00a0\u00bb \n22\n=xPREFETDELACOTE-D'ORLibert\u00e9Egalit\u00e9Fraternit\u00e9\nDirection d\u00e9partementale des territoires\nde la C\u00f4te-d'Or\nService de la S\u00e9curit\u00e9 et de l'\u00c9ducation\nBureau de l'\u00c9ducation Routi\u00e8re\nT\u00e9l : 03 80 29 42 84\nm\u00e9l : ddt-ber@cote-dor.gouv.fr     \nDijon, le 17 mars 2026\nArr\u00eat\u00e9 N\u00b0 544\nPortant modification de l'arr\u00eat\u00e9 pr\u00e9fectoral n\u00b0 413 concernant l'adresse de l'\u00e9tablissement\nd'enseignement de la conduite automobile d\u00e9nomm\u00e9 \u00ab AFTRAL \u00bb \nLe pr\u00e9fet de la C\u00f4te-d'Or\nVU le code de la route, notamment ses articles R.213-1 \u00e0 R.213-9;\nVU l'ordonnance n\u00b0 2014-1090 du 26 septembre 2014 relative \u00e0 la mise en accessibilit\u00e9 des\n\u00e9tablissements recevant du public, des transports publics, des b\u00e2timents d'habitation et\nde la voirie pour des personnes handicap\u00e9es ;\nVU la loi n\u00b0 2015-990 du 06 ao\u00fbt 2015 pour la croissance, l'activit\u00e9 et l'\u00e9galit\u00e9 des chances\n\u00e9conomiques, et notamment son article 23 modifiant l'article L213-1 du code de la route ;\nVU l'arr\u00eat\u00e9 du 8 janvier 2001 relatif \u00e0 l'exploitation des \u00e9tablissements d'enseignement, \u00e0\ntitre on\u00e9reux, de la conduite des v\u00e9hicules \u00e0 moteur et de la s\u00e9curit\u00e9 routi\u00e8re ;\nVU  l'arr\u00eat\u00e9 pr\u00e9fectoral n\u00b0  507/SG du  28 mars 2025  donnant d\u00e9l\u00e9gation de signature \u00e0\nMadame Manuelle DUPUY, directrice d\u00e9partementale des territoires de C\u00f4te-d'Or ;\nVU  l'arr\u00eat\u00e9 pr\u00e9fectoral n\u00b0 1333 du 28 ao\u00fbt 2025  portant subd\u00e9l\u00e9gation de signature aux\nagents de la direction d\u00e9partementale des territoires de la C\u00f4te-d'Or ;\nDirection d\u00e9partementale des territoires de la C\u00f4te-d'Or\n57 rue de Mulhouse- BP 53317 - 21033 DIJON cedex\nt\u00e9l : 03 80 29 44 44 \u2013 Courriel : ddt@cote-dor.gouv.fr\nDirection d\u00e9partementale des territoires de la C\u00f4te-d'Or - 21-2026-03-17-00001 - Arr\u00eat\u00e9 N\u00b0 544\nPortant modification de l'arr\u00eat\u00e9 pr\u00e9fectoral n\u00b0 413 concernant l'adresse de l'\u00e9tablissement d'enseignement de la conduite automobile\nd\u00e9nomm\u00e9 \u00ab\u00a0AFTRAL\u00a0\u00bb \n23\n2\nConsid\u00e9rant la demande pr\u00e9sent\u00e9e le 23 d\u00e9cembre 2025, par Monsieur Christopher COIN\nen qualit\u00e9 de repr\u00e9sentant de l'\u00e9tablissement d'enseignement de la conduite automobile\net  de  la  s\u00e9curit\u00e9  routi\u00e8re ,  en  vu e d' \u00eatre  autoris\u00e9  \u00e0  exploiter  un  \u00e9tablissement\nd'enseignement, \u00e0 titre on\u00e9reux, de la conduite des v\u00e9hicules \u00e0 moteur et de la s\u00e9curit\u00e9\nrouti\u00e8re ;\nConsid\u00e9rant que la demande remplit les conditions r\u00e9glementaires ;\nSUR proposition de la directrice d\u00e9partementale des territoires de la C\u00f4te-d'Or ;\nARR\u00caTE\n \nL 'article 1er  de l'arr\u00eat\u00e9 n\u00b0 413 du 25 f\u00e9vrier 2026 est modifi\u00e9 comme suit :\nArticle 1er  : Monsieur Christopher COIN est autoris\u00e9 \u00e0 exploiter sous le N\u00b0  E 26 021 0001 0\nd'un \u00e9tablissement d'enseignement, \u00e0 titre on\u00e9reux, de la conduite des v\u00e9hicules \u00e0 moteur\net de la s\u00e9curit\u00e9 routi\u00e8re, d\u00e9nomm\u00e9 \u00abAFTRAL\u00bb situ\u00e9 18, rue du Golf \u00e0 QU\u00c9TIGNY.\nArticle 2 : Cet agr\u00e9ment est d\u00e9livr\u00e9 pour une dur\u00e9e de six ans \u00e0 compter de la date du \npr\u00e9sent arr\u00eat\u00e9.\nSur demande de l'exploitant pr\u00e9sent\u00e9e deux mois avant la date d'expiration de la validit\u00e9 \nde son agr\u00e9ment, celui-ci sera renouvel\u00e9 si les conditions requises sont remplies.\nArticle 3  :  L'\u00e9tablissement  est habilit\u00e9,  au  vu des  autorisations  d'enseigner  fournies,  \u00e0\ndispenser les formations aux cat\u00e9gories de permis suivantes :\n\u27a2 C, CE\n\u27a2 D\n\u27a2 BE      \nArticle 4 : Le pr\u00e9sent agr\u00e9ment n'est valable que pour l'exploitation d'un \u00e9tablissement, \u00e0\ntitre personnel par son titulaire, sous r\u00e9serve de l'application des prescriptions de l'arr\u00eat\u00e9\nminist\u00e9riel du 8 janvier 2001 susvis\u00e9.\nArticle 5 :  En cas de  changement d'adresse ou toute reprise de ce local par un autre\nexploitant, une nouvelle demande d'agr\u00e9men t  devra \u00eatre pr\u00e9sent\u00e9e deux mois avant la\ndate du changement ou de la reprise.\nDirection d\u00e9partementale des territoires de la C\u00f4te-d'Or\n57 rue de Mulhouse- BP 53317 - 21033 DIJON cedex\nt\u00e9l : 03 80 29 44 44 \u2013 Courriel : ddt@cote-dor.gouv.fr\nDirection d\u00e9partementale des territoires de la C\u00f4te-d'Or - 21-2026-03-17-00001 - Arr\u00eat\u00e9 N\u00b0 544\nPortant modification de l'arr\u00eat\u00e9 pr\u00e9fectoral n\u00b0 413 concernant l'adresse de l'\u00e9tablissement d'enseignement de la conduite automobile\nd\u00e9nomm\u00e9 \u00ab\u00a0AFTRAL\u00a0\u00bb \n24\n3\nArticle 6 : Pour toute transformation du local d'activit\u00e9, tout abandon ou toute extension\nd'une  formation,  l'exploitant  est  tenu  d'adresser  une  demande  de  modification  du\npr\u00e9sent arr\u00eat\u00e9.\nArticle  7:  Le  nombre  de  personnes  susceptibles  d'\u00eatre  admises  simultan\u00e9ment  dans\nl'\u00e9tablissement, y compris l'enseignant, est fix\u00e9 \u00e0 65 personnes.\nArticle 8  : L'agr\u00e9ment peut \u00eatre \u00e0 tout moment suspendu ou retir\u00e9 selon les conditions\nfix\u00e9es par les articles 12 \u00e0 14 de l'arr\u00eat\u00e9 susvis\u00e9.\nArticle 9  : Le pr\u00e9sent agr\u00e9ment et toute d\u00e9cision affectant sa validit\u00e9 seront enregistr\u00e9es\ndans le registre national de l'enseignement de la conduite des v\u00e9hicules \u00e0 moteur et de la\ns\u00e9curit\u00e9 routi\u00e8re cr\u00e9\u00e9 par l'arr\u00eat\u00e9 du 08 janvier 2001. Conform\u00e9ment \u00e0 la loi n\u00b0 78-17 du 06\njanvier 1978 relative \u00e0 l'informatique, aux fichiers et aux libert\u00e9s, toute personne peut\nobtenir communication et, le cas \u00e9ch\u00e9ant, rectification ou suppression des informations\nla concernant, en s'adressant au Bureau de l'\u00c9ducation Routi\u00e8re \u2013 DDT 21.\nArticle 10 : Le pr\u00e9sent arr\u00eat\u00e9 peut faire l'objet d'un recours contentieux devant le tribunal\nadministratif de Dijon dans un d\u00e9lai de deux mois \u00e0 compter de sa publication. Un recours\npeut  \u00eatre  d\u00e9pos\u00e9  via  l'application  T\u00e9l\u00e9recours  citoyens  accessible  par  le  site  internet\nwww.telerecours.fr  .  \nArticle  11  :  Le  secr\u00e9taire  g\u00e9n\u00e9ral  de  la  pr\u00e9fecture  de  la  C\u00f4te-d'Or  et  la  directrice\nd\u00e9partementale des territoires sont charg\u00e9s, chacun en ce qui les concerne, de l'ex\u00e9cution\ndu pr\u00e9sent arr\u00eat\u00e9, qui sera publi\u00e9 au recueil des actes administratifs de la pr\u00e9fecture de\nC\u00f4te-d'Or, et dont copie sera adress\u00e9e \u00e0 Monsieur Christopher COIN.\nFait \u00e0 Dijon, le  17 mars 2026                                   \nLa directrice d\u00e9partementale des territoires,\nORIGINAL SIGN\u00c9\n                               \nManuelle DUPUY\nDirection d\u00e9partementale des territoires de la C\u00f4te-d'Or\n57 rue de Mulhouse- BP 53317 - 21033 DIJON cedex\nt\u00e9l : 03 80 29 44 44 \u2013 Courriel : ddt@cote-dor.gouv.fr\nDirection d\u00e9partementale des territoires de la C\u00f4te-d'Or - 21-2026-03-17-00001 - Arr\u00eat\u00e9 N\u00b0 544\nPortant modification de l'arr\u00eat\u00e9 pr\u00e9fectoral n\u00b0 413 concernant l'adresse de l'\u00e9tablissement d'enseignement de la conduite automobile\nd\u00e9nomm\u00e9 \u00ab\u00a0AFTRAL\u00a0\u00bb \n25\nDirection d\u00e9partementale des territoires de la\nC\u00f4te-d'Or\nCellule \u00c9ducation routi\u00e8re\n21-2026-03-19-00003\nArr\u00eat\u00e9 N\u00b0 566\nportant modification de l'arr\u00eat\u00e9 pr\u00e9fectoral n\u00b0\n700 du 13  juin 2022   relatif \u00e0 l'exploitation de\nl'\u00e9tablissement d'enseignement de la conduite\nautomobile d\u00e9nomm\u00e9 \u00ab\u00a0TOP DRIVE\u00a0\u00bb \nsitu\u00e9\u00a0\u00e0\u00a0:  \u00ab\u00a0SAINT-APOLLINAIRE - 21850\u00bb  \nDirection d\u00e9partementale des territoires de la C\u00f4te-d'Or - 21-2026-03-19-00003 - Arr\u00eat\u00e9 N\u00b0 566\nportant modification de l'arr\u00eat\u00e9 pr\u00e9fectoral n\u00b0 700 du 13  juin 2022   relatif \u00e0 l'exploitation de l'\u00e9tablissement d'enseignement de la\nconduite automobile d\u00e9nomm\u00e9 \u00ab\u00a0TOP DRIVE\u00a0\u00bb \nsitu\u00e9\u00a0\u00e0\u00a0:  \u00ab\u00a0SAINT-APOLLINAIRE - 21850\u00bb  \n26\n=xPREFETDELACOTE-D'ORLibert\u00e9Egalit\u00e9Fraternit\u00e9\nDirection d\u00e9partementale des territoires\nde la C\u00f4te-d'Or\nService de la S\u00e9curit\u00e9 et de l'\u00c9ducation Routi\u00e8re\nBureau \u00c9ducation Routi\u00e8re\nT\u00e9l. : 03 80 29 44 44\nM\u00e9l : ddt-ber@cote-dor.gouv.fr  \nDijon, le 19 mars 2026\nArr\u00eat\u00e9 N\u00b0 566\nportant modification de l'arr\u00eat\u00e9 pr\u00e9fectoral n\u00b0 700 du 13  juin 2022   relatif \u00e0 l'exploitation\nde l'\u00e9tablissement d'enseignement de la conduite automobile d\u00e9nomm\u00e9 \u00ab TOP DRIVE \u00bb \nsitu\u00e9 \u00e0 :  \u00ab SAINT-APOLLINAIRE - 21850\u00bb  \nLe pr\u00e9fet de la C\u00f4te-d'Or\nVU le code de la route, notamment ses articles  R.213-1 et suivants ;\nVU l'arr\u00eat\u00e9 du 8 janvier 2001 cr\u00e9ant un registre national de l'enseignement de la conduite\ndes v\u00e9hicules \u00e0 moteur et de la s\u00e9curit\u00e9 routi\u00e8re ;\nVU l' arr\u00eat\u00e9  du  9  f\u00e9vrier  2026  relatif  \u00e0  l'enseignement  de  la  conduite  des  v\u00e9hicules  \u00e0\nmoteur et de la s\u00e9curit\u00e9 routi\u00e8re ;\nVU l'arr\u00eat\u00e9 pr\u00e9fectoral n\u00b0 1036  du 23 juillet 2021 autorisant Monsieur Pierre MARTINOT, \u00e0\nexploiter l'\u00e9tablissement d'enseignement, \u00e0 titre on\u00e9reux, de la conduite des v\u00e9hicules \u00e0\nmoteur et de la s\u00e9curit\u00e9 routi\u00e8re, d\u00e9nomm\u00e9 \u00ab  TOP DRIVE 2 \u00bb situ\u00e9 82, Route Nationale -\n21560 ARC-SUR-TILLE sous le num\u00e9ro d'agr\u00e9ment E 16 021 0004 0 ;\nVU  l'arr\u00eat\u00e9 pr\u00e9fectoral n\u00b0 700 du 13 juin 2022 autorisant Monsieur Pierre MARTINOT, \u00e0\nexploiter l'\u00e9tablissement d'enseignement, \u00e0 titre on\u00e9reux, de la conduite des v\u00e9hicules \u00e0\nmoteur et de la s\u00e9curit\u00e9 routi\u00e8re, d\u00e9nomm\u00e9 \u00ab  TOP DRIVE  \u00bb situ\u00e9 639, Cours de Gray -\n21850 SAINT APOLLINAIRE  sous le num\u00e9ro d'agr\u00e9ment  E  17 021 0003 0 ;\nVU  l'arr\u00eat\u00e9 pr\u00e9fectoral n\u00b0  507/SG du  28 mars 2025  donnant d\u00e9l\u00e9gation de signature \u00e0\nMadame Manuelle DUPUY, directrice d\u00e9partementale des territoires de C\u00f4te-d'Or ;\nDirection d\u00e9partementale des territoires de la C\u00f4te-d'Or\n57 rue de Mulhouse- BP 53317 - 21033 DIJON cedex\nt\u00e9l : 03 80 29 44 44 \u2013 Courriel : ddt@cote-dor.gouv.fr\nDirection d\u00e9partementale des territoires de la C\u00f4te-d'Or - 21-2026-03-19-00003 - Arr\u00eat\u00e9 N\u00b0 566\nportant modification de l'arr\u00eat\u00e9 pr\u00e9fectoral n\u00b0 700 du 13  juin 2022   relatif \u00e0 l'exploitation de l'\u00e9tablissement d'enseignement de la\nconduite automobile d\u00e9nomm\u00e9 \u00ab\u00a0TOP DRIVE\u00a0\u00bb \nsitu\u00e9\u00a0\u00e0\u00a0:  \u00ab\u00a0SAINT-APOLLINAIRE - 21850\u00bb  \n27\n2\n                        \nCONSID\u00c9RANT la  demande  pr\u00e9sent\u00e9e  par  M onsieur  Pierre  MARTINOT en  date  du\n12/02/2026, relative  au transfert de l'\u00e9tablissement  \"TOP DRIVE\" du n\u00b0 639 au n\u00b0 633\nCours de Gray - 21850 SAINT APOLLINAIRE  ;\nCONSID\u00c9RANT que la demande remplit les conditions r\u00e9glementaires ;\nSUR proposition de la directrice d\u00e9partementale des territoires de la C\u00f4te-d'Or\nARR\u00caTE\nArticle 1er  :  L'article 1er de l'arr\u00eat\u00e9 pr\u00e9fectoral n\u00b0 700 du 13 juin 2022 susvis\u00e9 est modifi\u00e9\ncomme suit :\n\u00ab Monsieur  Pierre  MARTINOT,  repr\u00e9sentant  l\u00e9gal  de  l'entreprise,  TOP  DRIVE  \u00bb  (Siren :\n440917201)  est  autoris\u00e9  \u00e0  exploiter  dans  le  respect  des  dispositions  de  l'arr\u00eat\u00e9  du\n09/02/2026 susvis\u00e9, sous le num\u00e9ro d'agr\u00e9ment  E 17 021 0003 0 , le ou les \u00e9tablissements\nd'enseignement, \u00e0 titre on\u00e9reux, de la conduite des v\u00e9hicules \u00e0 moteur et de la s\u00e9curit\u00e9\nrouti\u00e8re suivants : \n\u27a2 \u00c9tablissement principal (r\u00e9f\u00e9renc\u00e9 dans RDV Permis)   :\n\u2022 TOP DRIVE -  633, Cours de Gray -21850 SAINT APOLLINAIRE\n     \n\u27a2 \u00c9tablissement secondaire   :\n\u2022 TOP DRIVE - 82, route Nationale \u2013 21560 ARC-SUR-TILLE\nLes deux \u00e9tablissements sont agr\u00e9\u00e9s jusqu'au 26 janvier 2028 inclus.\nArticle 2 : L'ensemble des \u00e9tablissements mentionn\u00e9s \u00e0 l'article 1 er du pr\u00e9sent arr\u00eat\u00e9, sont\nautoris\u00e9s \u00e0 dispenser les formations aux cat\u00e9gories de permis suivantes :\n\u27a2  A, A1, A2, AM\n\u27a2 B, B1, AM-quadri-l\u00e9ger,\n\u27a2 BE, B96 \nDirection d\u00e9partementale des territoires de la C\u00f4te-d'Or\n57 rue de Mulhouse- BP 53317 - 21033 DIJON cedex\nt\u00e9l : 03 80 29 44 44 \u2013 Courriel : ddt@cote-dor.gouv.fr\nDirection d\u00e9partementale des territoires de la C\u00f4te-d'Or - 21-2026-03-19-00003 - Arr\u00eat\u00e9 N\u00b0 566\nportant modification de l'arr\u00eat\u00e9 pr\u00e9fectoral n\u00b0 700 du 13  juin 2022   relatif \u00e0 l'exploitation de l'\u00e9tablissement d'enseignement de la\nconduite automobile d\u00e9nomm\u00e9 \u00ab\u00a0TOP DRIVE\u00a0\u00bb \nsitu\u00e9\u00a0\u00e0\u00a0:  \u00ab\u00a0SAINT-APOLLINAIRE - 21850\u00bb  \n28\n3\nArticle  3 :  Les  autres  articles  de  l'arr\u00eat\u00e9  pr\u00e9fectoral  n\u00b0  700  du  13  juin  2022  restent\ninchang\u00e9s.\nArticle 4  :  L'arr\u00eat\u00e9  pr\u00e9fectoral n\u00b0  1036  du 2 3 juillet 202 1 susvis\u00e9 concernant l'agr\u00e9ment\nn\u00b0 E 16 021 0004 0 susvis\u00e9 est abrog\u00e9.\nArticle 5  :  La modification r\u00e9sultant du pr\u00e9sent arr\u00eat\u00e9 sera enregistr\u00e9e dans le registre\nnational de l'enseignement de la conduite des v\u00e9hicules \u00e0 moteur et de la s\u00e9curit\u00e9 routi\u00e8re\ncr\u00e9e par l'arr\u00eat\u00e9 du 08 janvier 2001 pr\u00e9cit\u00e9.\nConform\u00e9ment \u00e0 la loi n\u00b0 78-17 du 06 janvier 1978 relative \u00e0 l'informatique, aux fichiers et\naux libert\u00e9s, toute personne peut obtenir communication et, le cas \u00e9ch\u00e9ant, rectification\nou  suppression  des  informations  la  concernant,  en  s'adressant  au  bureau  \u00e9ducation\nrouti\u00e8re de la direction d\u00e9partementale des territoires.\nArticle  6 :  Le  secr\u00e9taire  g\u00e9n\u00e9ral  de  la  pr\u00e9fecture  de  la  C\u00f4te-d'Or  et  la  directrice\nd\u00e9partementale des territoires sont charg\u00e9s, chacun en ce qui les concerne, de l'ex\u00e9cution\ndu pr\u00e9sent arr\u00eat\u00e9, qui sera publi\u00e9 au recueil des actes administratifs de la pr\u00e9fecture de\nC\u00f4te-d'Or, et dont copie sera adress\u00e9e \u00e0 Monsieur Pierre MARTINOT.\nFait \u00e0 Dijon, le 19 mars 2026\nLa directrice d\u00e9partementale des territoires,\nOriginal sign\u00e9\nManuelle DUPUY\nDirection d\u00e9partementale des territoires de la C\u00f4te-d'Or\n57 rue de Mulhouse- BP 53317 - 21033 DIJON cedex\nt\u00e9l : 03 80 29 44 44 \u2013 Courriel : ddt@cote-dor.gouv.fr\nDirection d\u00e9partementale des territoires de la C\u00f4te-d'Or - 21-2026-03-19-00003 - Arr\u00eat\u00e9 N\u00b0 566\nportant modification de l'arr\u00eat\u00e9 pr\u00e9fectoral n\u00b0 700 du 13  juin 2022   relatif \u00e0 l'exploitation de l'\u00e9tablissement d'enseignement de la\nconduite automobile d\u00e9nomm\u00e9 \u00ab\u00a0TOP DRIVE\u00a0\u00bb \nsitu\u00e9\u00a0\u00e0\u00a0:  \u00ab\u00a0SAINT-APOLLINAIRE - 21850\u00bb  \n29\nDirection d\u00e9partementale des territoires de la\nC\u00f4te-d'Or\nService S\u00e9curit\u00e9 et Education Routi\u00e8re\n21-2026-03-16-00001\nAP M274 556820260316 RAA\nDirection d\u00e9partementale des territoires de la C\u00f4te-d'Or - 21-2026-03-16-00001 - AP M274 556820260316 RAA 30\nPREFETDELACOTE-D'ORLibert\u00e9Egalit\u00e9Fraternit\u00e9\n7 VUU 7 TT TT +\nDirection d\u00e9partem entale des territoires\nde la C\u00f4te-d'Or\nService de la S\u00e9curit\u00e9 et de l'Education Routi\u00e8re\nBureau de la S\u00e9curit\u00e9 Routi\u00e8re Dijon, le\u00a0 \u00a0 \u00a0 \u00a0 \u00a0 \u00a0 \u00a0 \u00a0 \u00a0 \u00a0 \u00a0 \u00a0 \u00a0 \u00a0 \u00a0 \u00a0\u00a0\n\u00a0\nArr\u00eat\u00e9\nportant r\u00e9glem entation tem poraire de la circulation\u00a0pour les travaux d'entretien des r\u00e9seaux d'\u00e9vacuation d'eau\npluviale et nettoyage des OA\u00a0sur la M274 entra\u00eenant des ferm etures d'axes par tron\u00e7ons dans les 2 sens de\ncirculation, entre les \u00e9changeurs n\u00b037 et 47, du PR13+100 au PR0+000\u00a0sur les com m unes de Longvic, Dijon, Ruffey-\nles-Echirey, Ahuy, Fontaine-les-Dijon, Daix, Talant, Plom bi\u00e8res-les-Dijon et Saint-Apollinaire\nPr\u00e9fet de la r\u00e9gion Bourgogne-Franche-Com t\u00e9, pr\u00e9fet de la C\u00f4te-d'Or\nVU le Code de la Route,\nVU le Code de la Voirie Routi\u00e8re,\nVU la loi n\u00b02022-17 du 21 f\u00e9vrier 2022 relative \u00e0 la diff\u00e9renciation, la d\u00e9centralisation, la d\u00e9concentration et\nportant diverses m esures de sim plification de l'action publique locale,\nVU le d\u00e9cret en Conseil d'Etat du 6 f\u00e9vrier 1980 d\u00e9clarant d'utilit\u00e9 publique la construction de la Rocade Est de\nDijon et lui conf\u00e9rant le statut de route express,\nVU le d\u00e9cret n\u00b02009-615 du 3 juin 2009 m odifi\u00e9, fixant la liste des routes class\u00e9es \u00e0 grande circulation,\nVU le d\u00e9cret n\u00b02022-459 du 30 m ars 2022 fixant la liste des voies non conc\u00e9d\u00e9es du dom aine public routier\nnational qui peut transf\u00e9rer aux d\u00e9partem ents et m \u00e9tropoles ou m ises \u00e0 disposition des r\u00e9gions dans les\nconditions pr\u00e9vues aux articles 38 et 40 de la loi n\u00b02022-217 du 21 f\u00e9vrier 2022,\nVU le d\u00e9cret du 10 octobre 2024\u00a0portant nom ination du pr\u00e9fet de la r\u00e9gion Bourgogne-Franche-Com t\u00e9, pr\u00e9fet de\nla C\u00f4te-d'Or - M. MOURIER Paul,\nVU l'arr\u00eat\u00e9 interm inist\u00e9riel du 24 novem bre 1967 m odifi\u00e9, relatif \u00e0 la signalisation des routes et autoroutes,\nVU l'arr\u00eat\u00e9 interm inist\u00e9riel du 6 novem bre 1992 m odifi\u00e9, approuvant les dispositions de l'instruction\ninterm inist\u00e9rielle sur la signalisation routi\u00e8re,\nVU l'arr\u00eat\u00e9 pr\u00e9fectoral n\u00b021-2023-05-02-00002 du 2 m ai 2023 relatif au transfert \u00e0 la M\u00e9tropole de Dijon de\nsections de routes et d'autoroutes class\u00e9es dans le dom aine public routier national,\nVU l'arr\u00eat\u00e9 pr\u00e9fectoral n\u00b01010/SG du 2 juillet 2025 donnant d\u00e9l\u00e9gation de signature \u00e0 Madam e Aur\u00e9lie\nCON TRECIVILE, sous pr\u00e9f\u00e8te, directrice de cabinet du pr\u00e9fet de la r\u00e9gion Bourgogne-France-Com t\u00e9, pr\u00e9fet\nde la C\u00f4te-d'Or,\nVU la note annuelle de la direction g\u00e9n\u00e9rale des infrastructures de transport et des m obilit\u00e9s (DGITM)\nd\u00e9finissant le calendrier des jours hors chantiers retenus pour l'ann\u00e9e 2026 sur le r\u00e9seau routier national,\nVU la dem ande pr\u00e9sent\u00e9e par la M\u00e9tropole de Dijon CEI de Dijon le 24/02/2026 ,\nVU l'avis favorable des forces de l'ordre en date du\u00a024/02/2026,\nVU l'avis r\u00e9put\u00e9 favorable de l'APRR en date du\u00a002/03/2026,\nCON SID\u00c9RAN T que pendant les travaux\u00a0d'\u00a0entretien des r\u00e9seaux d'\u00e9vacuation d'eau pluviale et nettoyage des\nOA, il y a lieu de pr\u00e9ciser les conditions de circulation afin de pr\u00e9venir tout risque d'accident, de\nfaciliter la bonne ex\u00e9cution des travaux et d'assurer un \u00e9coulem ent satisfaisant du trafic,\u00a0\nCON SID\u00c9RAN T que la section concern\u00e9e par les travaux est situ\u00e9e hors-agglom \u00e9ration,\nSUR proposition de Madam e la Directrice D\u00e9partem entale des Territoires de la C\u00f4te-d'Or\nA R R \u00ca T E\nDirection d\u00e9partementale des territoires de la C\u00f4te-d'Or - 21-2026-03-16-00001 - AP M274 556820260316 RAA 31\nwu--\nwu--\nw-  --\nO0O000O0O00O0O0O0O0O0\u00a90O0O000O0O0O0OOOOO0O0O00\nArticle 1 - Les travaux concernent la\u00a0ferm eture par tron\u00e7ons de la M274 dans les 2 sens de circulation (Paris<-\n>Lyon) du PR13+100 au PR0+000.\nLes dispositions du pr\u00e9sent arr\u00eat\u00e9 s'appliquent la nuit, de 21 h 00 \u00e0 6 h 00\u00a0du 23 m ars 2026 au 9\navril 2026.\nArticle 2 - Pendant l'ex\u00e9cution des travaux ci-dessus d\u00e9sign\u00e9s sur la M 274 la circulation s'effectue dans les\nconditions suivantes :\nPhase 1\u00a0: du 23/03 au 24/03\nCoupure d'axe :\nLa M274\u00a0est ferm \u00e9e \u00e0 la circulation de l'Echangeur 40\u00a0\u00e0\u00a0l'Echangeur 45, soit du PR10+225 au PR4+000.\nFerm eture de bretelle(s) d'entr\u00e9e :\nLa/les bretelle(s) d'entr\u00e9e(s) suivante(s) est/sont ferm \u00e9e(s) \u00e0 la circulation :\nBretelle N \u00b04 de l'\u00e9changeur N \u00b040\nFerm eture de bretelle(s) sur \u00e9changeurs interm \u00e9diaires :\nLa/les bretelle(s) suivante(s) est/sont ferm \u00e9e(s) \u00e0 la circulation :\nBretelle N \u00b06 de l'\u00e9changeur N \u00b045\nBretelle N \u00b04 de l'\u00e9changeur N \u00b044\nBretelle N \u00b04 de l'\u00e9changeur N \u00b043\nBretelle N \u00b04 de l'\u00e9changeur N \u00b042\nBretelle N \u00b03 de l'\u00e9changeur N \u00b041\nRestriction de circulation :\nLa\u00a0voie rapide et lente\u00a0de la M274 sera interdite \u00e0 la circulation 500 m  en am ont de la bretelle de sortie obligatoire\u00a0.\nDes d\u00e9viations seront m ises en place \u00e0 l'attention des usagers :\nDepuis l'\u00e9changeur n\u00b040 de Malines (PR9+625) :\u00a0\nrue du Dr Quignard,\nrue de Mayence,\nAv de Dallas,\nAv de Cham pollion,\nRond point du 8 m ai 1945,\nrue Jean Moulin,\nM700,\nM125D,\nM125 (Bd de l'Europe),\nM107 (Bd J Jaur\u00e8s, route de Dijon),\nM122A (route de Chevigny),\nM905B (Av de Mont Blanc),\nM905,\nretour M274 via bretelle n\u00b08 de l'\u00e9changeur de Franche-Com t\u00e9 n\u00b045 (PR4+250).\nDepuis l'\u00e9changeur n\u00b041 Cracovie (PR8+530) :\u00a0\nrue de Cracovie,\nAv de Dallas,\nAv de Cham pollion,\nRond point du 8 m ai 1945,\nrue Jean Moulin,\nM700,\nM125D,\nM125 (Bd de l'Europe),\nM107 (Bd J Jaur\u00e8s, route de Dijon),\nM122A (route de Chevigny),\nM905B (Av de Mont Blanc),\nM905,\nretour M274 via bretelle n\u00b08 de l'\u00e9changeur de Franche-Com t\u00e9 n\u00b045 PR4+250).\nDirection d\u00e9partementale des territoires de la C\u00f4te-d'Or - 21-2026-03-16-00001 - AP M274 556820260316 RAA 32\nO0O0O0O0O0O0OoO00Oo090900O0O090\nss  -\ni)Se SE Ds\nss  \u2014  \u2014\nw--\nw--\nw-  --\nO0O0O0O0O0O0O0O0O00O\nDepuis l'\u00e9changeur n\u00b042 de l'Arc (PR6+830) :\u00a0\nrue Jean Moulin,\nM700,\nM125D,\nM125 (Bd de l'Europe),\nM107 (Bd J Jaur\u00e8s, route de Dijon),\nM122A (route de Chevigny),\nM905B (Av de Mont Blanc),\nM905,\nretour M274 via bretelle n\u00b08 de l'\u00e9changeur de Franche-Com t\u00e9 n\u00b045 (PR4+250).\nDepuis l'\u00e9changeur n\u00b043 Qu\u00e9tigny (PR5+625) :\u00a0\nM107 (rue de Sully, Av de l'Universit\u00e9, Bd Jean Jaur\u00e8s, route de Dijon),\nM122A (route de Chevigny),\nM905B (Av de Mont Blanc),\nM905,\nretour M274 via bretelle n\u00b08 de l'\u00e9changeur de Franche-Com t\u00e9 n\u00b045 (PR4+250).\nDepuis l'\u00e9changeur n\u00b044 Mirande (PR5+340) :\u00a0\nrue du recteur Marcel Bouchard,\nM107(rue de Sully, Av de l'Universit\u00e9, Bd Jean Jaur\u00e8s, route de Dijon),\nM122A (route de Chevigny),\nM905B (Av de Mont Blanc),\nM905,\nretour M274 via bretelle n\u00b08 de l'\u00e9changeur de Franche-Com t\u00e9 n\u00b045 (PR4+250).\nDepuis l'\u00e9changeur n\u00b045 Franche-Com t\u00e9 (PR4+250)\nM905,\nrue de N euilly,\nM905,\nretour M274 via bretelle n\u00b08 de l'\u00e9changeur de Franche-Com t\u00e9 n\u00b045 (PR4+250).\n\u00a0 \u00a0\u00a0\nPhase 2\u00a0: du 24/03 au 26/03\nCoupure d'axe :\nLa M274\u00a0est ferm \u00e9e \u00e0 la circulation de l'Echangeur 45\u00a0\u00e0\u00a0l'Echangeur 47, soit du PR4+500 au PR0+000.\nFerm eture de bretelle(s) d'entr\u00e9e :\nLa/les bretelle(s) d'entr\u00e9e(s) suivante(s) est/sont ferm \u00e9e(s) \u00e0 la circulation :\nBretelle N \u00b06 de l'\u00e9changeur N \u00b045\nBretelle N \u00b08 de l'\u00e9changeur N \u00b045\nFerm eture de bretelle(s) sur \u00e9changeurs interm \u00e9diaires :\nLa/les bretelle(s) suivante(s) est/sont ferm \u00e9e(s) \u00e0 la circulation :\nBretelle N \u00b05AG de l'\u00e9changeur n\u00b047\nRestriction de circulation :\nLa\u00a0voie rapide et lente\u00a0de la M274 sera interdite \u00e0 la circulation 500 m  en am ont de la bretelle de sortie obligatoire\u00a0.\nDes d\u00e9viations seront m ises en place \u00e0 l'attention des usagers :\nDepuis l'\u00e9changeur n\u00b045 Franche-Com t\u00e9 (PR4+250) sortie par B5 :\u00a0\nB6 ferm \u00e9e,\nM905,\nBd de Chicago,\nAv de l'Europe,\nM996 route de Dijon,\nM124 Bd des Industries,\nM124 Bd Eiffel,\nM122A Bd de Beauregard,\nM122r,\nRP de Palissy,\nDirection d\u00e9partementale des territoires de la C\u00f4te-d'Or - 21-2026-03-16-00001 - AP M274 556820260316 RAA 33\nwu--\n[O00900000O0O0\u00a9O0O0O0\u00a90Oo0000\nwu--\nss  -\ni)Se SE Ds\nss  \u2014  \u2014\nO0O000O0O0O0OOO0O0O0Oo\nM122r,\nretour par B6 de l'\u00e9changeur n\u00b047 de Beauregard (PR0+010).\nDepuis l'\u00e9changeur n\u00b045 de Franche-Com t\u00e9 (PR4+250) :\u00a0\nB8 ferm \u00e9e\nM905,\nA39 sortie n\u00b02 (Sennecey les Dijon),\nM905B (av du Mont Blanc),\nM905,\nBd de Chicago,\nAv de l'Europe,\nM996 route de Dijon,\nM124 Bd des Industries,\nM124 Bd Eiffel,\nM122A Bd de Beauregard,\nM122r,\nRP de Palissy,\nM122r,\nretour par B6 de l'\u00e9changeur n\u00b047 de Beauregard (PR0+010).\nDepuis l'\u00e9changeur n\u00b047 de Beauregard (PR0+010) :\u00a0\nB5 ferm \u00e9e,\nM122r,\nRP de Palissy,\nM122r,\nretour par B6 de l'\u00e9changeur n\u00b047 de Beauregard (PR0+010).\n\u00a0 \u00a0\u00a0\nPhase 3\u00a0: du 26/03 au 27/03\nCoupure d'axe :\nLa M274\u00a0est ferm \u00e9e \u00e0 la circulation de l'Echangeur 45\u00a0\u00e0\u00a0l'Echangeur 40, soit du PR3+950 au PR9+975.\nFerm eture de bretelle(s) d'entr\u00e9e :\nLa/les bretelle(s) d'entr\u00e9e(s) suivante(s) est/sont ferm \u00e9e(s) \u00e0 la circulation :\nBretelle N \u00b02 de l'\u00e9changeur N \u00b045\nBretelle N \u00b04AG de l'\u00e9changeur N \u00b045\nFerm eture de bretelle(s) sur \u00e9changeurs interm \u00e9diaires :\nLa/les bretelle(s) suivante(s) est/sont ferm \u00e9e(s) \u00e0 la circulation :\nBretelle N \u00b02 de l'\u00e9changeur N \u00b044\nBretelle N \u00b02 de l'\u00e9changeur N \u00b043\nBretelle N \u00b02 de l'\u00e9changeur N \u00b042\nRestriction de circulation :\nLa\u00a0voie rapide et lente\u00a0de la M274 sera interdite \u00e0 la circulation 500 m  en am ont de la bretelle de sortie obligatoire\u00a0.\nDes d\u00e9viations seront m ises en place \u00e0 l'attention des usagers :\nDepuis l'\u00e9changeur n\u00b045 Franche-Com t\u00e9 (PR4+250) :\u00a0\nB2 ferm \u00e9e,\nA39 sortie n\u00b02,\nM905B (Av du Mont Blanc),\nM122A (route de Chevigny),\nM107 (route de Dijon, Bd J Jaur\u00e8s),\nM125 (Bd de l'Europe),\nM125D\nM700,\nrue Jean Moulin,\nRond point du 8 m ai 1945,\nAv Cham pollion,\nAv de Dallas,\nDirection d\u00e9partementale des territoires de la C\u00f4te-d'Or - 21-2026-03-16-00001 - AP M274 556820260316 RAA 34\nOo009\nwu--\n[O00000000000O0O0O0OOOO\u00a9OO0O000000O0000O00O0O00O0O0O0OOO0O0OO000OOO0OO\nrue de Cracovie,\nrue de l'Yser,\nrue de Malines,\nretour M274 via \u00e9changeur n\u00b040 Malines (PR9+625).\nDepuis l'\u00e9changeur n\u00b045 Franche-Com t\u00e9 (PR4+250) :\u00a0\nB4 ferm \u00e9e,\nM905,\nrue de N euilly l\u00e8s Dijon\nM905,\nA39 sortie n\u00b02,\nM905B (Av du Mont Blanc),\nM122A (route de Chevigny),\nM107 (route de Dijon, Bd J Jaur\u00e8s),\nM125 (Bd de l'Europe),\nM125D,\nM700,\nrue Jean Moulin,\nRond point du 8 m ai 1945,\nAv Cham pollion,\nAv de Dallas,\nrue de Cracovie,\nrue de l'Yser,\nrue de Malines,\nretour M274 via \u00e9changeur n\u00b040 Malines (PR9+625).\nDepuis l'\u00e9changeur n\u00b044 Mirande (PR5+340) :\u00a0\nB2 ferm \u00e9e\nM126 (rue Pierre de Coubertin),\nrue Alain Bom bard,\nrue Cham peau,\nM125 (Bd de l'Europe),\nM125D,\nM700,\nrue Jean Moulin,\nRond point du 8 m ai 1945,\nAv Cham pollion,\nAv de Dallas,\nrue de Cracovie,\nrue de l'Yser,\nrue de Malines,\nretour M274 via \u00e9changeur n\u00b040 Malines (PR9+625).\ndepuis l'\u00e9changeur n\u00b043 Qu\u00e9tigny (PR5+625)\nB2 ferm \u00e9e\nrue Alain Bom bard,\nrue Cham peau,\nM125 (Bd de l'Europe),\nM125D,\nM700,\nrue Jean Moulin,\nRond point du 8 m ai 1945,\nAv Cham pollion,\nAv de Dallas,\nrue de Cracovie,\nrue de l'Yser,\nrue de Malines,\nretour M274 via \u00e9changeur n\u00b040 Malines (PR9+625).\nDepuis l'\u00e9changeur n\u00b042 de l'Arc (PR6+830) :\u00a0\nrue Jean Moulin,\nRond point du 8 m ai 1945,\nAv Cham pollion,\nDirection d\u00e9partementale des territoires de la C\u00f4te-d'Or - 21-2026-03-16-00001 - AP M274 556820260316 RAA 35\nOR\nOR\nss  \u2014\nss  \u2014\nwu--\ni)Se SE Ds\nss  \u2014  \u2014\n00000 .L.100000000L..1000000000\nAv de Dallas,\nrue de Cracovie,\nrue de l'Yser,\nrue de Malines,\nretour M274 via \u00e9changeur n\u00b040 Malines (PR9+625).\n\u00a0 \u00a0\u00a0\nPhase 4\u00a0: du 30/03 au 01/04\nCoupure d'axe :\nLa M274\u00a0est ferm \u00e9e \u00e0 la circulation de l'Echangeur 47\u00a0\u00e0\u00a0l'Echangeur 45, soit du PR0.000 au PR4+200.\nFerm eture de bretelle(s) d'entr\u00e9e :\nLa/les bretelle(s) d'entr\u00e9e(s) suivante(s) est/sont ferm \u00e9e(s) \u00e0 la circulation :\nBretelle N \u00b02 de l'\u00e9changeur N \u00b047\nBretelle N \u00b03 de l'\u00e9changeur N \u00b047\nBretelle N \u00b0AG de l'\u00e9changeur N \u00b047\nRestriction de circulation :\nLa\u00a0voie rapide et lente\u00a0de la M274 sera interdite \u00e0 la circulation 500 m  en am ont de la bretelle de sortie obligatoire\u00a0.\nDes d\u00e9viations seront m ises en place \u00e0 l'attention des usagers :\nDepuis l'\u00e9changeur n\u00b047 de Beauregard (PR0+010) :\u00a0\nM122A Bd de Beauregard,\nM124 Bd Eiffel,\nM124 Bd des Industries,\nM996 route de Dijon,\nAv de l'Europe,\nBd de Chicago,\nM905,\nretour M274 via la bretelle 2 de l'\u00e9changeur n\u00b045 de Franche-Com t\u00e9 (PR4+250).\n\u00a0 \u00a0\u00a0\nPhase 5\u00a0: du 01/04 au 03/04\nCoupure d'axe :\nLa M274\u00a0est ferm \u00e9e \u00e0 la circulation de l'Echangeur 41\u00a0\u00e0\u00a0l'Echangeur 37, soit du PR8+080 au PR13+200.\nFerm eture de bretelle(s) d'entr\u00e9e :\nLa/les bretelle(s) d'entr\u00e9e(s) suivante(s) est/sont ferm \u00e9e(s) \u00e0 la circulation :\nFerm eture de bretelle(s) sur \u00e9changeurs interm \u00e9diaires :\nLa/les bretelle(s) suivante(s) est/sont ferm \u00e9e(s) \u00e0 la circulation :\nBretelle N \u00b02 de l'\u00e9changeur N \u00b040\nBretelle N \u00b02 de l'\u00e9changeur N \u00b039\nBretelle N \u00b02 de l'\u00e9changeur N \u00b038\nRestriction de circulation :\nLa\u00a0voie rapide et lente\u00a0de la M274 sera interdite \u00e0 la circulation 500 m  en am ont de la bretelle de sortie obligatoire\u00a0.\nDes d\u00e9viations seront m ises en place \u00e0 l'attention des usagers :\nDepuis l'\u00e9changeur n\u00b041 Cracovie (PR6+830) :\u00a0\nrue de Bastogne,\nrue de Cracovie,\nav de Dallas,\nBd des Martyrs de la R\u00e9sistance,\nPlace Saint Exup\u00e9ry,\nBd Pascal,\nBd Gallieni,\nM107A (route d'Ahuy),\nretour M274 via \u00e9changeur n\u00b037 Ahuy (PR13+050).\nDirection d\u00e9partementale des territoires de la C\u00f4te-d'Or - 21-2026-03-16-00001 - AP M274 556820260316 RAA 36\nwu--\nO000O0O0O0O0O0\u00a90\nywu--\n00000000060000o0000\nywu--\nss  -\ni)Se SE Ds\nss  \u2014  \u2014\nss  \u2014\no0090\nDepuis l'\u00e9changeur n\u00b040 de Malines (PR9+625) :\u00a0\nrue de Malines,\nrue du Dr Quignard,\nAv de Mayence,\nAv de Dallas,\nBd des Martyrs de la R\u00e9sistance,\nPlace Saint Exup\u00e9ry,\nBd Pascal,\nBd Gallieni,\nM107A (route d'Ahuy),\nretour M274 via \u00e9changeur n\u00b037 Ahuy (PR13+050).\nDepuis l'\u00e9changeur n\u00b039 Valm y (PR11+350) :\u00a0\nParc Com m ercial de la Toison d'Or,\nrue de Colchide,\nBd W  Churchill,\nrue de Malines,\nrue Dr Quignard,\nrue de Mayence,\nAv de Dallas,\nBd des Martyrs de la R\u00e9sistance,\nBd Pascal,\nBd Gallieni,\nM107A (route d'Ahuy)\nretour M274 via \u00e9changeur n\u00b037 Ahuy (PR13+050).\nDepuis l'\u00e9changeur n\u00b038 Pom pidou (PR12+070) :\u00a0\nAv de Langres,\nAv du Drapeau,\nBd Gallieni,\nM107A (route d'Ahuy),\nretour M274 via \u00e9changeur n\u00b037 Ahuy (PR13+050).\n\u00a0 \u00a0\u00a0\nPhase 6\u00a0: 07/04 au 09/04\nCoupure d'axe :\nLa M274\u00a0est ferm \u00e9e \u00e0 la circulation de l'Echangeur 37\u00a0\u00e0\u00a0l'Echangeur 41, soit du PR13+100 au PR8+200.\nFerm eture de bretelle(s) d'entr\u00e9e :\nLa/les bretelle(s) d'entr\u00e9e(s) suivante(s) est/sont ferm \u00e9e(s) \u00e0 la circulation :\nBretelle N \u00b04 de l'\u00e9changeur N \u00b037\nFerm eture de bretelle(s) sur \u00e9changeurs interm \u00e9diaires :\nLa/les bretelle(s) suivante(s) est/sont ferm \u00e9e(s) \u00e0 la circulation :\nBretelle N \u00b04 de l'\u00e9changeur N \u00b040\nBretelle N \u00b04 de l'\u00e9changeur N \u00b039\nBretelle N \u00b04 de l'\u00e9changeur N \u00b038\nBretelle N \u00b06AG de l'\u00e9changeur N \u00b038\nRestriction de circulation :\nLa\u00a0voie rapide et lente\u00a0de la M274 sera interdite \u00e0 la circulation 500 m  en am ont de la bretelle de sortie obligatoire\u00a0.\nDes d\u00e9viations seront m ises en place \u00e0 l'attention des usagers :\nDepuis l'\u00e9changeur n\u00b040 de Malines (PR9+625) :\u00a0\nrue Dr Quignard,\nrue de Mayence,\nrue de Cracovie,\nretour M274 via \u00e9changeur n\u00b041 Cracovie (PR6+830).\nDepuis l'\u00e9changeur n\u00b039 Valm y (PR11+350) :\u00a0\nParc Com m ercial de la Toison d'Or,\nDirection d\u00e9partementale des territoires de la C\u00f4te-d'Or - 21-2026-03-16-00001 - AP M274 556820260316 RAA 37\no0o00000\n~~  -\u00a2-wu--\n~~  -\u00a2-wu--\n000008900900o0000000\nrue de Colchide,\nBd W  Churchill,\nrue de Malines,\nrue Dr Quignard,\nrue de Mayence,\nrue de Cracovie,\nretour M274 via \u00e9changeur n\u00b041 Cracovie (PR6+830).\nDepuis l'\u00e9changeur n\u00b038 Pom pidou (PR12+070) :\u00a0\nAv de Langres,\nAv du Drapeau,\nBd Pascal,\nPlace Saint Exup\u00e9ry\nBd des m artyrs de la r\u00e9sistance,\nAv de Dallas,\nrue de Cracovie,\nretour M274 via \u00e9changeur n\u00b041 Cracovie (PR6+830).\nDepuis l'\u00e9changeur n\u00b037 d'Ahuy (13+050) :\u00a0\nM107A (route d'Ahuy),\nBd Gallieni,\nBd Pascal,\nPlace Saint Exup\u00e9ry,\nBd des m artyrs de la r\u00e9sistance,\nAv de Dallas,\nrue de Cracovie,\nretour M274 via \u00e9changeur n\u00b041 Cracovie (PR6+830).\n\u00a0 \u00a0\u00a0\nArticle 3 - Certaines phases pr\u00e9paratoires ou de m ise en place de la signalisation du chantier peuvent\nn\u00e9cessiter des r\u00e9ductions m om entan\u00e9es de chauss\u00e9e ou des interruptions courtes de circulation.\nArticle 4 - Sur le parcours des sections soum ises \u00e0 ces restrictions provisoires, les conducteurs des v\u00e9hicules\ndevront le cas \u00e9ch\u00e9ant, se conform er aux indications des services de police, des services de\nsecours ou des agents du CEI de Dijon M\u00e9tropole, tant en ce qui concerne le trajet \u00e0 suivre que\nl'arr\u00eat s'il leur est prescrit.\nArticle 5 - Le passage des convois exceptionnels est interdit sur l'itin\u00e9raire de d\u00e9viation.\nArticle 6 - La signalisation r\u00e9glem entaire, conform e \u00e0 l'instruction interm inist\u00e9rielle (Livre I - 8\u00e8 partie)\napprouv\u00e9e par arr\u00eat\u00e9 interm inist\u00e9riel le 6 novem bre 1992 et aux m anuels du chef de chantier, sera\nfournie, m ise en place et m aintenue par le CEI de Dijon.\nArticle 7 - Les infractions au pr\u00e9sent arr\u00eat\u00e9 sont constat\u00e9es par proc\u00e8s-verbaux dress\u00e9s par les forces de\nl'ordre.\nArticle 8 - Lors de l'ach\u00e8vem ent des travaux et avant le r\u00e9tablissem ent norm al de la circulation, la chauss\u00e9e\ndoit \u00eatre propre et satisfaire aux conditions norm ales de s\u00e9curit\u00e9.\nArticle 9 - Le pr\u00e9sent arr\u00eat\u00e9 sera affich\u00e9 aux abords im m \u00e9diats du chantier.\nArticle 10 - Le pr\u00e9sent arr\u00eat\u00e9 peut faire l'objet d'un recours gracieux aupr\u00e8s du pr\u00e9fet et/ou d'un recours\ncontentieux devant le tribunal administratif dans un d\u00e9lai de 2 m ois \u00e0 com pter de sa notification.\nLe tribunal administratif peut \u00eatre saisi par un recours d\u00e9pos\u00e9 via l'application T\u00e9l\u00e9recours\ncitoyens accessible par le site internet www.telerecours.fr.\nDirection d\u00e9partementale des territoires de la C\u00f4te-d'Or - 21-2026-03-16-00001 - AP M274 556820260316 RAA 38\nArticle 11 -\nDiffusions\nLe Directrice de Cabinet du pr\u00e9fet de la C\u00f4te-d'Or,\nLe Pr\u00e9sident de Dijon m \u00e9tropole,\nLe Directeur Interd\u00e9partem ental de la Police N ationale,\n\u00a0\nsont charg\u00e9s, chacun en ce qui le concerne, de l'ex\u00e9cution du pr\u00e9sent arr\u00eat\u00e9.\n\u00a0\nLe pr\u00e9sent arr\u00eat\u00e9 sera publi\u00e9 au recueil des actes adm inistratifs de la pr\u00e9fecture de la C\u00f4te-d'Or.\n\u00a0\nUne copie du pr\u00e9sent arr\u00eat\u00e9 sera adress\u00e9e pour inform ation :\nau Com m andant de la R\u00e9gion de Gendarm erie de Bourgogne-Franche-Com t\u00e9 et du Groupem ent\nde Gendarm erie de C\u00f4te-d'Or,\nau Service D\u00e9partem ental Incendie et Secours de C\u00f4te d'Or,\n\u00e0 la Direction du Service d'Aide M\u00e9dical d'Urgence de Dijon,\n\u00e0 la Direction D\u00e9partem entale des Territoires de C\u00f4te-d'Or,\n\u00e0 la Direction D\u00e9partem entale des Territoires de Sa\u00f4ne-et-Loire, service des Transports\nExceptionnels,\nau Directeur de la Direction Cadre de Vie Espace Public de Dijon m \u00e9tropole,\nau Chef du CEI de Dijon M\u00e9tropole,\naux com m unes de Longvic, Dijon, Ruffey-l\u00e8s-Echirey, Saint-Apollinaire, Ahuy, Fontaine-l\u00e8s-Dijon,\nDaix, Talant, Plom bi\u00e8res-l\u00e8s-Dijon.\n\u00a0\nFait \u00e0 Dijon, le\nLe\u00a0pr\u00e9fet,\nPour le pr\u00e9fet et par d\u00e9l\u00e9gation,\nLa directrice de cabinet,\nAur\u00e9lie CON TRECIVILE\n\u00a0\nDirection d\u00e9partementale des territoires de la C\u00f4te-d'Or - 21-2026-03-16-00001 - AP M274 556820260316 RAA 39\nDirection r\u00e9gionale de l'\u00e9conomie, de l'emploi,\ndu travail et des solidarit\u00e9s de Bourgogne\nFranche-Comt\u00e9\n21-2026-03-18-00001\n21 - D\u00e9cision d'affectation des agents en UC en\nC\u00f4te d'Or au 2026-04-01\nDirection r\u00e9gionale de l'\u00e9conomie, de l'emploi, du travail et des solidarit\u00e9s de Bourgogne Franche-Comt\u00e9 - 21-2026-03-18-00001 - 21 -\nD\u00e9cision d'affectation des agents en UC en C\u00f4te d'Or au 2026-04-01 40\n|MINISTEREDU TRAVAIL |ET DES SOLIDARIT\u00c9SLibert\u00e9Egalit\u00e9Fraternit\u00e9\nDirection r\u00e9gionale \nde l'\u00e9conomie, de l'emploi, \ndu travail et des solidarit\u00e9s \nde Bourgogne-Franche-Comt\u00e9 \n \nD\u00e9cision portant affectation des agents de contr\u00f4le dans les unit\u00e9s de contr\u00f4le de C\u00f4te d'Or et \ngestion des int\u00e9rims  \n \nLe Directeur r\u00e9gional de l'\u00e9conomie, de l'emploi, du travail et des solidarit\u00e9s de la r\u00e9gion \nBourgogne-Franche-Comt\u00e9 \n \nVu le code du travail, notamment ses articles R. 8122-3 et suivants,  \nVu le d\u00e9cret n\u00b0 2020-1545 du 9 d\u00e9cembre 2020 relati f \u00e0 l'organisation et aux missions des directions \nr\u00e9gionales de l'\u00e9conomie, de l'emploi, du travail e t des solidarit\u00e9s, des directions d\u00e9partementales d e \nl'emploi, du travail et des solidarit\u00e9s et des dire ctions d\u00e9partementales de l'emploi, du travail, des  \nsolidarit\u00e9s et de la protection des populations, \nVu le d\u00e9cret n\u00b02021-124 du 5 f\u00e9vrier 2021 relatif \u00e0  la comp\u00e9tence de l'inspection du travail dans les \n\u00e9tablissements et ouvrages des am\u00e9nagements hydro\u00e9l ectriques conc\u00e9d\u00e9s ainsi que dans les mines et \ncarri\u00e8res, \nVu l'arr\u00eat\u00e9 minist\u00e9riel du 9 f\u00e9vrier 2026 portant r \u00e9partition des unit\u00e9s de contr\u00f4le de l'inspection d u \ntravail, \nVu l'arr\u00eat\u00e9 du 12 juillet 2023 portant nomination de Monsieur Simon-Pierre EURY  en qualit\u00e9 de Directeur \nR\u00e9gional de l'Economie, de l'Emploi, du Travail et des Solidarit\u00e9s de la r\u00e9gion Bourgogne-Franche-Comt\u00e9, \nVu la d\u00e9cision du DREETS en date du 22 d\u00e9cembre 2023 relative \u00e0 la localisation et \u00e0 la d\u00e9limitation des \nunit\u00e9s de contr\u00f4le et des sections d'inspection du travail pour la r\u00e9gion Bourgogne-Franche-Comt\u00e9, \n \nDECIDE \n \nArticle 1 :  \n \nSont nomm\u00e9s comme responsables des unit\u00e9s de contr\u00f4 le de la direction d\u00e9partementale de l'emploi, \ndu travail et des solidarit\u00e9s de C\u00f4te d'Or les agents suivants : \n- Unit\u00e9 de contr\u00f4le n\u00b0 1 : Madame THIRION Marie , \n- Unit\u00e9 de contr\u00f4le n\u00b0 2 : Monsieur GASSER Pierre. \n \n \nArticle 2 :  \n \nSans pr\u00e9judice des dispositions de l'article R. 812 2-10-I du code du travail et conform\u00e9ment aux \ndispositions de l'article R. 8122-6 du code du trav ail, sont affect\u00e9s dans les sections d'inspection d e la \ndirection d\u00e9partementale de l'emploi, du travail et des solidarit\u00e9s de C\u00f4te d'Or les agents suivants : \n \n1.  Unit\u00e9 de contr\u00f4le n\u00b0 1 \n \n- section 1 : Madame BERTHENET Emilie, Inspectrice du travail . \nElle est en outre comp\u00e9tente sur cette section pour  prendre les d\u00e9cisions relevant de la comp\u00e9tence \nexclusive de l'inspecteur du travail en vertu de dispositions l\u00e9gislatives ou r\u00e9glementaires. \n \n- section 2 : Madame BOURILLOT Marianne, Inspectrice du travail . \nElle est en outre comp\u00e9tente sur cette section pour  prendre les d\u00e9cisions relevant de la comp\u00e9tence \nexclusive de l'inspecteur du travail en vertu de dispositions l\u00e9gislatives ou r\u00e9glementaires. \n \n- section 3 : Madame TRIMBALET Sandrine, Inspectrice du travail . \nElle est en outre comp\u00e9tente sur cette section pour  prendre les d\u00e9cisions relevant de la comp\u00e9tence \nexclusive de l'inspecteur du travail en vertu de dispositions l\u00e9gislatives ou r\u00e9glementaires. \n \n- section 4 : Monsieur MOREY J\u00e9r\u00e9my, inspecteur du travail. \nIl est en outre comp\u00e9tent sur cette section pour pr endre les d\u00e9cisions relevant de la comp\u00e9tence \nexclusive de l'inspecteur du travail en vertu de dispositions l\u00e9gislatives ou r\u00e9glementaires. \nDirection r\u00e9gionale de l'\u00e9conomie, de l'emploi, du travail et des solidarit\u00e9s de Bourgogne Franche-Comt\u00e9 - 21-2026-03-18-00001 - 21 -\nD\u00e9cision d'affectation des agents en UC en C\u00f4te d'Or au 2026-04-01 41\n \n \n \n2 \n \n- section 5 : Madame COLLIGNON Lisa, Inspectrice du travail . \nElle est en outre comp\u00e9tente sur cette section pour  prendre les d\u00e9cisions relevant de la comp\u00e9tence \nexclusive de l'inspecteur du travail en vertu de dispositions l\u00e9gislatives ou r\u00e9glementaires. \n \n- section 6 : Madame LUQUIN Sandrine, Inspectrice du travail . \nElle est en outre comp\u00e9tente sur cette section pour  prendre les d\u00e9cisions relevant de la comp\u00e9tence \nexclusive de l'inspecteur du travail en vertu de dispositions l\u00e9gislatives ou r\u00e9glementaires. \n \n- section 7 : Madame BERTIN M\u00e9lanie, Inspectrice du travail.  \nElle est en outre comp\u00e9tente sur cette section pour  prendre les d\u00e9cisions relevant de la comp\u00e9tence \nexclusive de l'inspecteur du travail en vertu de dispositions l\u00e9gislatives ou r\u00e9glementaires. \n \n- section 8 : Madame GEOFFROY Carole, Inspectrice du travail. \nElle est en outre comp\u00e9tente sur cette section pour  prendre les d\u00e9cisions relevant de la comp\u00e9tence \nexclusive de l'inspecteur du travail en vertu de dispositions l\u00e9gislatives ou r\u00e9glementaires. \n \n2.  Unit\u00e9 de contr\u00f4le n\u00b0 2 \n \n-  section 9 : Monsieur COUVAL Fabrice, inspecteur du travail. \nIl est en outre comp\u00e9tent sur cette section pour pr endre les d\u00e9cisions relevant de la comp\u00e9tence \nexclusive de l'inspecteur du travail en vertu de dispositions l\u00e9gislatives ou r\u00e9glementaires. \n \n- section 10 : Monsieur FRAN\u00c7AIS Olivier, Inspecteur du travail . \nIl est en outre comp\u00e9tent sur cette section pour pr endre les d\u00e9cisions relevant de la comp\u00e9tence \nexclusive de l'inspecteur du travail en vertu de dispositions l\u00e9gislatives ou r\u00e9glementaires. \n \n- section 11 : Monsieur LECOMTE Jean-Fran\u00e7ois, Inspecteur du travail . \nIl est en outre comp\u00e9tent sur cette section pour pr endre les d\u00e9cisions relevant de la comp\u00e9tence \nexclusive de l'inspecteur du travail en vertu de dispositions l\u00e9gislatives ou r\u00e9glementaires. \n \n- section 12 : Madame DESPR\u00c9S C\u00e9line, Inspectrice du travail. \nElle est en outre comp\u00e9tente sur cette section pour  prendre les d\u00e9cisions relevant de la comp\u00e9tence \nexclusive de l'inspecteur du travail en vertu de dispositions l\u00e9gislatives ou r\u00e9glementaires. \n \n- section 13  : Madame LUDMANN Anne, Inspectrice du travail. \nElle est en outre comp\u00e9tente sur cette section pour  prendre les d\u00e9cisions relevant de la comp\u00e9tence \nexclusive de l'inspecteur du travail en vertu de dispositions l\u00e9gislatives ou r\u00e9glementaires. \n \n- section 14 : Section vacante.  \nL'int\u00e9rim de cette section est organis\u00e9 de la fa\u00e7on suivante : \n\u2022 Pour les mois d'avril et mai 2026, l'int\u00e9rim est ef fectu\u00e9 par Monsieur COUVAL Fabrice, \ninspecteur du travail.  \nIl est en outre comp\u00e9tent sur cette section pour pr endre les d\u00e9cisions relevant de la \ncomp\u00e9tence exclusive de l'inspecteur du travail en vertu de dispositions l\u00e9gislatives ou \nr\u00e9glementaires. \n\u2022 Pour les mois de juin et juillet 2026, l'int\u00e9rim es t effectu\u00e9 par Madame LUDMANN Anne, \ninspectrice du travail.  \nElle est en outre comp\u00e9tente sur cette section pour  prendre les d\u00e9cisions relevant de la \ncomp\u00e9tence exclusive de l'inspecteur du travail en vertu de dispositions l\u00e9gislatives ou \nr\u00e9glementaires. \n\u2022 Pour les mois d'aout et septembre 2026, l'int\u00e9rim e st effectu\u00e9 par Madame MAGUET Sylvie, \ninspectrice du travail.  \nElle est en outre comp\u00e9tente sur cette section pour  prendre les d\u00e9cisions relevant de la \ncomp\u00e9tence exclusive de l'inspecteur du travail en vertu de dispositions l\u00e9gislatives ou \nr\u00e9glementaires. \n\u2022 Pour les mois d'octobre et novembre 2026, l'int\u00e9rim  est effectu\u00e9 par Monsieur SKURAS \nSylvain, inspecteur du travail.  \nIl est en outre comp\u00e9tent sur cette section pour pr endre les d\u00e9cisions relevant de la \ncomp\u00e9tence exclusive de l'inspecteur du travail en vertu de dispositions l\u00e9gislatives ou \nr\u00e9glementaires. \nDirection r\u00e9gionale de l'\u00e9conomie, de l'emploi, du travail et des solidarit\u00e9s de Bourgogne Franche-Comt\u00e9 - 21-2026-03-18-00001 - 21 -\nD\u00e9cision d'affectation des agents en UC en C\u00f4te d'Or au 2026-04-01 42\n \n \n \n3 \n\u2022 Pour les mois de d\u00e9cembre 2026 et janvier 2027, l'i nt\u00e9rim est effectu\u00e9 par Monsieur \nLECOMTE Jean-Fran\u00e7ois, inspecteur du travail.  \nIl est en outre comp\u00e9tent sur cette section pour pr endre les d\u00e9cisions relevant de la \ncomp\u00e9tence exclusive de l'inspecteur du travail en vertu de dispositions l\u00e9gislatives ou \nr\u00e9glementaires. \n\u2022 Pour les mois de f\u00e9vrier et mars 2027, l'int\u00e9rim es t effectu\u00e9 par Madame DESPR\u00c9S C\u00e9line, \ninspectrice du travail.  \nElle est en outre comp\u00e9tente sur cette section pour  prendre les d\u00e9cisions relevant de la \ncomp\u00e9tence exclusive de l'inspecteur du travail en vertu de dispositions l\u00e9gislatives ou \nr\u00e9glementaires. \n \n- section 15 : Monsieur SKURAS Sylvain, Inspecteur du travail . \nIl est en outre comp\u00e9tent sur cette section pour pr endre les d\u00e9cisions relevant de la comp\u00e9tence \nexclusive de l'inspecteur du travail en vertu de dispositions l\u00e9gislatives ou r\u00e9glementaires \n \n- section 16 : Madame MAGUET Sylvie, Inspectrice du travail . \nElle est en outre comp\u00e9tente sur cette section pour  prendre les d\u00e9cisions relevant de la comp\u00e9tence \nexclusive de l'inspecteur du travail en vertu de dispositions l\u00e9gislatives ou r\u00e9glementaires. \n \n \nArticle 3 :  \n \nEn cas d'absence ou d'emp\u00eachement d'un ou plusieurs agents de contr\u00f4le d\u00e9sign\u00e9s \u00e0 l'article 2, l'int\u00e9rim \nest organis\u00e9 selon les modalit\u00e9s ci \u2013 apr\u00e8s :  \n \n1.  Unit\u00e9 de contr\u00f4le n\u00b0 1 \n- section 1 : l'int\u00e9rim est assur\u00e9 par l'inspecteur du travail de  la section 9  \nou, en cas d'absence ou d'emp\u00eachement de ce dernier , par l'inspecteur du travail de la section 6  \nou, en cas d'absence ou d'emp\u00eachement de ce dernier , par l'inspecteur du travail de la section 2  \nou, en cas d'absence ou d'emp\u00eachement de ce dernier , par l'inspecteur du travail de la section 3  \nou, en cas d'absence ou d'emp\u00eachement de ce dernier , par l'inspecteur du travail de la section 4  \nou, en cas d'absence ou d'emp\u00eachement de ce dernier , par l'inspecteur du travail de la section 5  \nou, en cas d'absence ou d'emp\u00eachement de ce dernier , par l'inspecteur du travail de la section 7  \nou, en cas d'absence ou d'emp\u00eachement de ce dernier , par l'inspecteur du travail de la section 8  \nou, en cas d'absence ou d'emp\u00eachement de ce dernier , par l'inspecteur du travail de la section 16  \nou, en cas d'absence ou d'emp\u00eachement de ce dernier , par l'inspecteur du travail de la section 15  \nou, en cas d'absence ou d'emp\u00eachement de ce dernier , par l'inspecteur du travail de la section 14  \nou, en cas d'absence ou d'emp\u00eachement de ce dernier , par l'inspecteur du travail de la section 13  \nou, en cas d'absence ou d'emp\u00eachement de ce dernier , par l'inspecteur du travail de la section 12  \nou, en cas d'absence ou d'emp\u00eachement de ce dernier , par l'inspecteur du travail de la section 11  \nou, en cas d'absence ou d'emp\u00eachement de ce dernier, par l'inspecteur du travail de la section 10. \n- section 2 : l'int\u00e9rim est assur\u00e9 par l'inspecteur du travail de  la section 3  \nou, en cas d'absence ou d'emp\u00eachement de ce dernier , par l'inspecteur du travail de la section 8  \nou, en cas d'absence ou d'emp\u00eachement de ce dernier , par l'inspecteur du travail de la section 1  \nou, en cas d'absence ou d'emp\u00eachement de ce dernier , par l'inspecteur du travail de la section 4  \nou, en cas d'absence ou d'emp\u00eachement de ce dernier , par l'inspecteur du travail de la section 5  \nou, en cas d'absence ou d'emp\u00eachement de ce dernier , par l'inspecteur du travail de la section 7  \nou, en cas d'absence ou d'emp\u00eachement de ce dernier , par l'inspecteur du travail de la section 6  \nou, en cas d'absence ou d'emp\u00eachement de ce dernier , par l'inspecteur du travail de la section 16  \nou, en cas d'absence ou d'emp\u00eachement de ce dernier , par l'inspecteur du travail de la section 15  \nou, en cas d'absence ou d'emp\u00eachement de ce dernier , par l'inspecteur du travail de la section 14  \nou, en cas d'absence ou d'emp\u00eachement de ce dernier , par l'inspecteur du travail de la section 13  \nou, en cas d'absence ou d'emp\u00eachement de ce dernier , par l'inspecteur du travail de la section 12  \nou, en cas d'absence ou d'emp\u00eachement de ce dernier , par l'inspecteur du travail de la section 11  \nou, en cas d'absence ou d'emp\u00eachement de ce dernier , par l'inspecteur du travail de la section 10  \nou, en cas d'absence ou d'emp\u00eachement de ce dernier, par l'inspecteur du travail de la section 9. \n- section 3 : l'int\u00e9rim est assur\u00e9 par l'inspecteur du travail de  la section 2  \nDirection r\u00e9gionale de l'\u00e9conomie, de l'emploi, du travail et des solidarit\u00e9s de Bourgogne Franche-Comt\u00e9 - 21-2026-03-18-00001 - 21 -\nD\u00e9cision d'affectation des agents en UC en C\u00f4te d'Or au 2026-04-01 43\n \n \n \n4 \nou, en cas d'absence ou d'emp\u00eachement de ce dernier , par l'inspecteur du travail de la section 7  \nou, en cas d'absence ou d'emp\u00eachement de ce dernier , par l'inspecteur du travail de la section 4  \nou, en cas d'absence ou d'emp\u00eachement de ce dernier , par l'inspecteur du travail de la section 5  \nou, en cas d'absence ou d'emp\u00eachement de ce dernier , par l'inspecteur du travail de la section 6  \nou, en cas d'absence ou d'emp\u00eachement de ce dernier , par l'inspecteur du travail de la section 8  \nou, en cas d'absence ou d'emp\u00eachement de ce dernier , par l'inspecteur du travail de la section 1  \nou, en cas d'absence ou d'emp\u00eachement de ce dernier , par l'inspecteur du travail de la section 15  \nou, en cas d'absence ou d'emp\u00eachement de ce dernier , par l'inspecteur du travail de la section 14  \nou, en cas d'absence ou d'emp\u00eachement de ce dernier , par l'inspecteur du travail de la section 13  \nou, en cas d'absence ou d'emp\u00eachement de ce dernier , par l'inspecteur du travail de la section 12  \nou, en cas d'absence ou d'emp\u00eachement de ce dernier , par l'inspecteur du travail de la section 16  \nou, en cas d'absence ou d'emp\u00eachement de ce dernier , par l'inspecteur du travail de la section 10  \nou, en cas d'absence ou d'emp\u00eachement de ce dernier , par l'inspecteur du travail de la section 9  \nou, en cas d'absence ou d'emp\u00eachement de ce dernier, par l'inspecteur du travail de la section 11. \n- section 4 : l'int\u00e9rim est assur\u00e9 par l'inspecteur du travail de  la section 16  \nou, en cas d'absence ou d'emp\u00eachement de ce dernier , par l'inspecteur du travail de la section 5  \nou, en cas d'absence ou d'emp\u00eachement de ce dernier , par l'inspecteur du travail de la section 3  \nou, en cas d'absence ou d'emp\u00eachement de ce dernier , par l'inspecteur du travail de la section 1  \nou, en cas d'absence ou d'emp\u00eachement de ce dernier , par l'inspecteur du travail de la section 7  \nou, en cas d'absence ou d'emp\u00eachement de ce dernier , par l'inspecteur du travail de la section 6  \nou, en cas d'absence ou d'emp\u00eachement de ce dernier , par l'inspecteur du travail de la section 2  \nou, en cas d'absence ou d'emp\u00eachement de ce dernier , par l'inspecteur du travail de la section 14  \nou, en cas d'absence ou d'emp\u00eachement de ce dernier , par l'inspecteur du travail de la section 13  \nou, en cas d'absence ou d'emp\u00eachement de ce dernier , par l'inspecteur du travail de la section 12  \nou, en cas d'absence ou d'emp\u00eachement de ce dernier , par l'inspecteur du travail de la section 11  \nou, en cas d'absence ou d'emp\u00eachement de ce dernier , par l'inspecteur du travail de la section 10  \nou, en cas d'absence ou d'emp\u00eachement de ce dernier , par l'inspecteur du travail de la section 9  \nou, en cas d'absence ou d'emp\u00eachement de ce dernier , par l'inspecteur du travail de la section 15  \nou, en cas d'absence ou d'emp\u00eachement de ce dernier, par l'inspecteur du travail de la section 8. \n- section 5 : l'int\u00e9rim est assur\u00e9 par l'inspecteur du travail de  la section 6  \nou, en cas d'absence ou d'emp\u00eachement de ce dernier , par l'inspecteur du travail de la section 1  \nou, en cas d'absence ou d'emp\u00eachement de ce dernier , par l'inspecteur du travail de la section 7  \nou, en cas d'absence ou d'emp\u00eachement de ce dernier , par l'inspecteur du travail de la section 2  \nou, en cas d'absence ou d'emp\u00eachement de ce dernier , par l'inspecteur du travail de la section 8  \nou, en cas d'absence ou d'emp\u00eachement de ce dernier , par l'inspecteur du travail de la section 3  \nou, en cas d'absence ou d'emp\u00eachement de ce dernier , par l'inspecteur du travail de la section 15  \nou, en cas d'absence ou d'emp\u00eachement de ce dernier , par l'inspecteur du travail de la section 13  \nou, en cas d'absence ou d'emp\u00eachement de ce dernier , par l'inspecteur du travail de la section 12  \nou, en cas d'absence ou d'emp\u00eachement de ce dernier , par l'inspecteur du travail de la section 11  \nou, en cas d'absence ou d'emp\u00eachement de ce dernier , par l'inspecteur du travail de la section 10  \nou, en cas d'absence ou d'emp\u00eachement de ce dernier , par l'inspecteur du travail de la section 9  \nou, en cas d'absence ou d'emp\u00eachement de ce dernier , par l'inspecteur du travail de la section 16  \nou, en cas d'absence ou d'emp\u00eachement de ce dernier , par l'inspecteur du travail de la section 14  \nou, en cas d'absence ou d'emp\u00eachement de ce dernier, par l'inspecteur du travail de la section 4. \n- section 6 : l'int\u00e9rim est assur\u00e9 par l'inspecteur du travail de  la section 5  \nou, en cas d'absence ou d'emp\u00eachement de ce dernier , par l'inspecteur du travail de la section 4  \nou, en cas d'absence ou d'emp\u00eachement de ce dernier , par l'inspecteur du travail de la section 8  \nou, en cas d'absence ou d'emp\u00eachement de ce dernier , par l'inspecteur du travail de la section 7  \nou, en cas d'absence ou d'emp\u00eachement de ce dernier , par l'inspecteur du travail de la section 1  \nou, en cas d'absence ou d'emp\u00eachement de ce dernier , par l'inspecteur du travail de la section 2  \nou, en cas d'absence ou d'emp\u00eachement de ce dernier , par l'inspecteur du travail de la section 3  \nou, en cas d'absence ou d'emp\u00eachement de ce dernier , par l'inspecteur du travail de la section 12  \nou, en cas d'absence ou d'emp\u00eachement de ce dernier , par l'inspecteur du travail de la section 11  \nou, en cas d'absence ou d'emp\u00eachement de ce dernier , par l'inspecteur du travail de la section 10  \nou, en cas d'absence ou d'emp\u00eachement de ce dernier , par l'inspecteur du travail de la section 9  \nou, en cas d'absence ou d'emp\u00eachement de ce dernier , par l'inspecteur du travail de la section 14  \nou, en cas d'absence ou d'emp\u00eachement de ce dernier , par l'inspecteur du travail de la section 15  \nou, en cas d'absence ou d'emp\u00eachement de ce dernier , par l'inspecteur du travail de la section 16  \nDirection r\u00e9gionale de l'\u00e9conomie, de l'emploi, du travail et des solidarit\u00e9s de Bourgogne Franche-Comt\u00e9 - 21-2026-03-18-00001 - 21 -\nD\u00e9cision d'affectation des agents en UC en C\u00f4te d'Or au 2026-04-01 44\n \n \n \n5 \nou, en cas d'absence ou d'emp\u00eachement de ce dernier, par l'inspecteur du travail de la section 13. \n- section 7 :  \nEn ce qui concerne les professions agricoles et leu rs fili\u00e8res tels que mentionn\u00e9s dans la d\u00e9cision \nr\u00e9gionale du 22 d\u00e9cembre 2023 l'industrie, le comme rce, les services, le transports (\u00e0 l'exception de \nla SNCF), situ\u00e9s sur cette section , l'int\u00e9rim est assur\u00e9 par l'inspecteur du travail de la section 8  \nou, en cas d'absence ou d'emp\u00eachement de ce dernier , par l'inspecteur du travail de la section 3  \nou, en cas d'absence ou d'emp\u00eachement de ce dernier , par l'inspecteur du travail de la section 5  \nou, en cas d'absence ou d'emp\u00eachement de ce dernier , par l'inspecteur du travail de la section 6  \nou, en cas d'absence ou d'emp\u00eachement de ce dernier , par l'inspecteur du travail de la section 2  \nou, en cas d'absence ou d'emp\u00eachement de ce dernier , par l'inspecteur du travail de la section 4  \nou, en cas d'absence ou d'emp\u00eachement de ce dernier , par l'inspecteur du travail de la section 10  \nou, en cas d'absence ou d'emp\u00eachement de ce dernier , par l'inspecteur du travail de la section 11  \nou, en cas d'absence ou d'emp\u00eachement de ce dernier , par l'inspecteur du travail de la section 1  \nou, en cas d'absence ou d'emp\u00eachement de ce dernier , par l'inspecteur du travail de la section 9  \nou, en cas d'absence ou d'emp\u00eachement de ce dernier , par l'inspecteur du travail de la section 16  \nou, en cas d'absence ou d'emp\u00eachement de ce dernier , par l'inspecteur du travail de la section 15  \nou, en cas d'absence ou d'emp\u00eachement de ce dernier , par l'inspecteur du travail de la section 13  \nou, en cas d'absence ou d'emp\u00eachement de ce dernier , par l'inspecteur du travail de la section 12  \nou, en cas d'absence ou d'emp\u00eachement de ce dernier, par l'inspecteur du travail de la section 14. \nEn ce qui concerne les mines et carri\u00e8res situ\u00e9es s ur le territoire des sections 1 \u00e0 8 et leurs \nd\u00e9pendances ainsi que pour les entreprises ext\u00e9rieu res intervenant au sein de ces \u00e9tablissements , \nl'int\u00e9rim pour ces entreprise est effectu\u00e9 par l'in specteur du travail de la section 9  \nou, en cas d'emp\u00eachement de ce dernier, par l'inspe cteur du travail de la section 8  \nou, en cas d'absence ou d'emp\u00eachement de ce dernier , par l'inspecteur du travail de la section 3  \nou, en cas d'absence ou d'emp\u00eachement de ce dernier , par l'inspecteur du travail de la section 5  \nou, en cas d'absence ou d'emp\u00eachement de ce dernier , par l'inspecteur du travail de la section 6  \nou, en cas d'absence ou d'emp\u00eachement de ce dernier , par l'inspecteur du travail de la section 2  \nou, en cas d'absence ou d'emp\u00eachement de ce dernier , par l'inspecteur du travail de la section 4  \nou, en cas d'absence ou d'emp\u00eachement de ce dernier , par l'inspecteur du travail de la section 11  \nou, en cas d'absence ou d'emp\u00eachement de ce dernier , par l'inspecteur du travail de la section 1  \nou, en cas d'absence ou d'emp\u00eachement de ce dernier , par l'inspecteur du travail de la section 10  \nou, en cas d'absence ou d'emp\u00eachement de ce dernier , par l'inspecteur du travail de la section 16  \nou, en cas d'absence ou d'emp\u00eachement de ce dernier , par l'inspecteur du travail de la section 15  \nou, en cas d'absence ou d'emp\u00eachement de ce dernier , par l'inspecteur du travail de la section 13  \nou, en cas d'absence ou d'emp\u00eachement de ce dernier , par l'inspecteur du travail de la section 12  \nou, en cas d'absence ou d'emp\u00eachement de ce dernier, par l'inspecteur du travail de la section 14. \n- section 8 : l'int\u00e9rim est assur\u00e9 par l'inspecteur du travail de  la section 7  \nou, en cas d'absence ou d'emp\u00eachement de ce dernier , par l'inspecteur du travail de la section 2  \nou, en cas d'absence ou d'emp\u00eachement de ce dernier , par l'inspecteur du travail de la section 6  \nou, en cas d'absence ou d'emp\u00eachement de ce dernier , par l'inspecteur du travail de la section 12  \nou, en cas d'absence ou d'emp\u00eachement de ce dernier , par l'inspecteur du travail de la section 3  \nou, en cas d'absence ou d'emp\u00eachement de ce dernier , par l'inspecteur du travail de la section 1  \nou, en cas d'absence ou d'emp\u00eachement de ce dernier , par l'inspecteur du travail de la section 13  \nou, en cas d'absence ou d'emp\u00eachement de ce dernier , par l'inspecteur du travail de la section 10  \nou, en cas d'absence ou d'emp\u00eachement de ce dernier , par l'inspecteur du travail de la section 9  \nou, en cas d'absence ou d'emp\u00eachement de ce dernier , par l'inspecteur du travail de la section 16  \nou, en cas d'absence ou d'emp\u00eachement de ce dernier , par l'inspecteur du travail de la section 15  \nou, en cas d'absence ou d'emp\u00eachement de ce dernier , par l'inspecteur du travail de la section 11  \nou, en cas d'absence ou d'emp\u00eachement de ce dernier , par l'inspecteur du travail de la section 14  \nou, en cas d'absence ou d'emp\u00eachement de ce dernier , par l'inspecteur du travail de la section 4  \nou, en cas d'absence ou d'emp\u00eachement de ce dernier, par l'inspecteur du travail de la section 5. \n2.  Unit\u00e9 de contr\u00f4le n\u00b0 2 \n-  section 9  : \nEn ce qui concerne l'industrie, le commerce, les se rvices, le transports (\u00e0 l'exception de la \nDirection r\u00e9gionale de l'\u00e9conomie, de l'emploi, du travail et des solidarit\u00e9s de Bourgogne Franche-Comt\u00e9 - 21-2026-03-18-00001 - 21 -\nD\u00e9cision d'affectation des agents en UC en C\u00f4te d'Or au 2026-04-01 45\n \n \n \n6 \nSNCF) ,situ\u00e9s sur cette section , l'int\u00e9rim est assur\u00e9 par l'inspecteur du travail de la section 1  \nou, en cas d'absence ou d'emp\u00eachement de ce dernier , par l'inspecteur du travail de la section 11  \nou, en cas d'absence ou d'emp\u00eachement de ce dernier , par l'inspecteur du travail de la section 12  \nou, en cas d'absence ou d'emp\u00eachement de ce dernier , par l'inspecteur du travail de la section 16  \nou, en cas d'absence ou d'emp\u00eachement de ce dernier , par l'inspecteur du travail de la section 14  \nou, en cas d'absence ou d'emp\u00eachement de ce dernier , par l'inspecteur du travail de la section 13  \nou, en cas d'absence ou d'emp\u00eachement de ce dernier , par l'inspecteur du travail de la section 8  \nou, en cas d'absence ou d'emp\u00eachement de ce dernier , par l'inspecteur du travail de la section 7  \nou, en cas d'absence ou d'emp\u00eachement de ce dernier , par l'inspecteur du travail de la section 10  \nou, en cas d'absence ou d'emp\u00eachement de ce dernier , par l'inspecteur du travail de la section 4  \nou, en cas d'absence ou d'emp\u00eachement de ce dernier , par l'inspecteur du travail de la section 6  \nou, en cas d'absence ou d'emp\u00eachement de ce dernier , par l'inspecteur du travail de la section 5  \nou, en cas d'absence ou d'emp\u00eachement de ce dernier , par l'inspecteur du travail de la section 3  \nou, en cas d'absence ou d'emp\u00eachement de ce dernier , par l'inspecteur du travail de la section 2  \nou, en cas d'absence ou d'emp\u00eachement de ce dernier, par l'inspecteur du travail de la section 15. \nEn ce qui concerne les mines et carri\u00e8res situ\u00e9es s ur le territoire des sections 9 \u00e0 16 et leurs \nd\u00e9pendances ainsi que pour les entreprises ext\u00e9rieu res intervenant au sein de ces \u00e9tablissements , \nl'int\u00e9rim est effectu\u00e9 par l'inspecteur du travail de la section 7  \nou, en cas d'absence ou d'emp\u00eachement de ce dernier , par l'inspecteur du travail de la section 11  \nou, en cas d'absence ou d'emp\u00eachement de ce dernier , par l'inspecteur du travail de la section 10  \nou, en cas d'absence ou d'emp\u00eachement de ce dernier , par l'inspecteur du travail de la section 14  \nou, en cas d'absence ou d'emp\u00eachement de ce dernier , par l'inspecteur du travail de la section 8  \nou, en cas d'absence ou d'emp\u00eachement de ce dernier , par l'inspecteur du travail de la section 13  \nou, en cas d'absence ou d'emp\u00eachement de ce dernier , par l'inspecteur du travail de la section 15  \nou, en cas d'absence ou d'emp\u00eachement de ce dernier , par l'inspecteur du travail de la section 16  \nou, en cas d'absence ou d'emp\u00eachement de ce dernier , par l'inspecteur du travail de la section 6  \nou, en cas d'absence ou d'emp\u00eachement de ce dernier , par l'inspecteur du travail de la section 4  \nou, en cas d'absence ou d'emp\u00eachement de ce dernier , par l'inspecteur du travail de la section 3  \nou, en cas d'absence ou d'emp\u00eachement de ce dernier , par l'inspecteur du travail de la section 5  \nou, en cas d'absence ou d'emp\u00eachement de ce dernier , par l'inspecteur du travail de la section 2  \nou, en cas d'absence ou d'emp\u00eachement de ce dernier , par l'inspecteur du travail de la section 1  \nou, en cas d'absence ou d'emp\u00eachement de ce dernier, par l'inspecteur du travail de la section 12.  \n- section 10  : l'int\u00e9rim est assur\u00e9 par l'inspecteur du travail  de la section 11  \nou, en cas d'absence ou d'emp\u00eachement de ce dernier , par l'inspecteur du travail de la section 9  \nou, en cas d'absence ou d'emp\u00eachement de ce dernier , par l'inspecteur du travail de la section 14  \nou, en cas d'absence ou d'emp\u00eachement de ce dernier , par l'inspecteur du travail de la section 8  \nou, en cas d'absence ou d'emp\u00eachement de ce dernier , par l'inspecteur du travail de la section 13  \nou, en cas d'absence ou d'emp\u00eachement de ce dernier , par l'inspecteur du travail de la section 15  \nou, en cas d'absence ou d'emp\u00eachement de ce dernier , par l'inspecteur du travail de la section 16  \nou, en cas d'absence ou d'emp\u00eachement de ce dernier , par l'inspecteur du travail de la section 6  \nou, en cas d'absence ou d'emp\u00eachement de ce dernier , par l'inspecteur du travail de la section 4  \nou, en cas d'absence ou d'emp\u00eachement de ce dernier , par l'inspecteur du travail de la section 3  \nou, en cas d'absence ou d'emp\u00eachement de ce dernier , par l'inspecteur du travail de la section 5  \nou, en cas d'absence ou d'emp\u00eachement de ce dernier , par l'inspecteur du travail de la section 7  \nou, en cas d'absence ou d'emp\u00eachement de ce dernier , par l'inspecteur du travail de la section 2  \nou, en cas d'absence ou d'emp\u00eachement de ce dernier , par l'inspecteur du travail de la section 1  \nou, en cas d'absence ou d'emp\u00eachement de ce dernier, par l'inspecteur du travail de la section 12. \n- Section 11  : l'int\u00e9rim est assur\u00e9 par l'inspecteur du travail  de la section 10  \nou, en cas d'absence ou d'emp\u00eachement de ce dernier , par l'inspecteur du travail de la section 12  \nou, en cas d'absence ou d'emp\u00eachement de ce dernier , par l'inspecteur du travail de la section 9  \nou, en cas d'absence ou d'emp\u00eachement de ce dernier , par l'inspecteur du travail de la section 13  \nou, en cas d'absence ou d'emp\u00eachement de ce dernier , par l'inspecteur du travail de la section 15  \nou, en cas d'absence ou d'emp\u00eachement de ce dernier , par l'inspecteur du travail de la section 14  \nou, en cas d'absence ou d'emp\u00eachement de ce dernier , par l'inspecteur du travail de la section 4  \nou, en cas d'absence ou d'emp\u00eachement de ce dernier , par l'inspecteur du travail de la section 5  \nou, en cas d'absence ou d'emp\u00eachement de ce dernier , par l'inspecteur du travail de la section 3  \nou, en cas d'absence ou d'emp\u00eachement de ce dernier , par l'inspecteur du travail de la section 2  \nou, en cas d'absence ou d'emp\u00eachement de ce dernier , par l'inspecteur du travail de la section 1  \nDirection r\u00e9gionale de l'\u00e9conomie, de l'emploi, du travail et des solidarit\u00e9s de Bourgogne Franche-Comt\u00e9 - 21-2026-03-18-00001 - 21 -\nD\u00e9cision d'affectation des agents en UC en C\u00f4te d'Or au 2026-04-01 46\n \n \n \n7 \nou, en cas d'absence ou d'emp\u00eachement de ce dernier , par l'inspecteur du travail de la section 8  \nou, en cas d'absence ou d'emp\u00eachement de ce dernier , par l'inspecteur du travail de la section 7  \nou, en cas d'absence ou d'emp\u00eachement de ce dernier , par l'inspecteur du travail de la section 6  \nou, en cas d'absence ou d'emp\u00eachement de ce dernier, par l'inspecteur du travail de la section 16. \n-  Section 12  : l'int\u00e9rim est assur\u00e9 par l'inspecteur du travail  de la section 13  \nou, en cas d'absence ou d'emp\u00eachement de ce dernier , par l'inspecteur du travail de la section 15  \nou, en cas d'absence ou d'emp\u00eachement de ce dernier , par l'inspecteur du travail de la section 11  \nou, en cas d'absence ou d'emp\u00eachement de ce dernier , par l'inspecteur du travail de la section 9  \nou, en cas d'absence ou d'emp\u00eachement de ce dernier , par l'inspecteur du travail de la section 10  \nou, en cas d'absence ou d'emp\u00eachement de ce dernier , par l'inspecteur du travail de la section 16  \nou, en cas d'absence ou d'emp\u00eachement de ce dernier , par l'inspecteur du travail de la section 14  \nou, en cas d'absence ou d'emp\u00eachement de ce dernier , par l'inspecteur du travail de la section 4  \nou, en cas d'absence ou d'emp\u00eachement de ce dernier , par l'inspecteur du travail de la section 5  \nou, en cas d'absence ou d'emp\u00eachement de ce dernier , par l'inspecteur du travail de la section 1  \nou, en cas d'absence ou d'emp\u00eachement de ce dernier , par l'inspecteur du travail de la section 8  \nou, en cas d'absence ou d'emp\u00eachement de ce dernier , par l'inspecteur du travail de la section 3  \nou, en cas d'absence ou d'emp\u00eachement de ce dernier , par l'inspecteur du travail de la section 6  \nou, en cas d'absence ou d'emp\u00eachement de ce dernier , par l'inspecteur du travail de la section 7  \nou, en cas d'absence ou d'emp\u00eachement de ce dernier, par l'inspecteur du travail de la section 2. \n-  Section 13  : l'int\u00e9rim est assur\u00e9 par l'inspecteur du travail  de la section 12  \nou, en cas d'absence ou d'emp\u00eachement de ce dernier , par l'inspecteur du travail de la section 14  \nou, en cas d'absence ou d'emp\u00eachement de ce dernier , par l'inspecteur du travail de la section 10  \nou, en cas d'absence ou d'emp\u00eachement de ce dernier , par l'inspecteur du travail de la section 15  \nou, en cas d'absence ou d'emp\u00eachement de ce dernier , par l'inspecteur du travail de la section 16  \nou, en cas d'absence ou d'emp\u00eachement de ce dernier , par l'inspecteur du travail de la section 11  \nou, en cas d'absence ou d'emp\u00eachement de ce dernier , par l'inspecteur du travail de la section 9  \nou, en cas d'absence ou d'emp\u00eachement de ce dernier , par l'inspecteur du travail de la section 3  \nou, en cas d'absence ou d'emp\u00eachement de ce dernier , par l'inspecteur du travail de la section 6  \nou, en cas d'absence ou d'emp\u00eachement de ce dernier , par l'inspecteur du travail de la section 7  \nou, en cas d'absence ou d'emp\u00eachement de ce dernier , par l'inspecteur du travail de la section 4  \nou, en cas d'absence ou d'emp\u00eachement de ce dernier , par l'inspecteur du travail de la section 2  \nou, en cas d'absence ou d'emp\u00eachement de ce dernier , par l'inspecteur du travail de la section 5  \nou, en cas d'absence ou d'emp\u00eachement de ce dernier , par l'inspecteur du travail de la section 8  \nou, en cas d'absence ou d'emp\u00eachement de ce dernier, par l'inspecteur du travail de la section 1. \n-  Section 14  : l'int\u00e9rim est assur\u00e9 par l'inspecteur du travail  de la section 15  \nou, en cas d'absence ou d'emp\u00eachement de ce dernier , par l'inspecteur du travail de la section 13  \nou, en cas d'absence ou d'emp\u00eachement de ce dernier , par l'inspecteur du travail de la section 16  \nou, en cas d'absence ou d'emp\u00eachement de ce dernier , par l'inspecteur du travail de la section 10  \nou, en cas d'absence ou d'emp\u00eachement de ce dernier , par l'inspecteur du travail de la section 11  \nou, en cas d'absence ou d'emp\u00eachement de ce dernier , par l'inspecteur du travail de la section 9  \nou, en cas d'absence ou d'emp\u00eachement de ce dernier , par l'inspecteur du travail de la section 12  \nou, en cas d'absence ou d'emp\u00eachement de ce dernier , par l'inspecteur du travail de la section 2  \nou, en cas d'absence ou d'emp\u00eachement de ce dernier , par l'inspecteur du travail de la section 7  \nou, en cas d'absence ou d'emp\u00eachement de ce dernier , par l'inspecteur du travail de la section 8  \nou, en cas d'absence ou d'emp\u00eachement de ce dernier , par l'inspecteur du travail de la section 3  \nou, en cas d'absence ou d'emp\u00eachement de ce dernier , par l'inspecteur du travail de la section 1  \nou, en cas d'absence ou d'emp\u00eachement de ce dernier , par l'inspecteur du travail de la section 4  \nou, en cas d'absence ou d'emp\u00eachement de ce dernier , par l'inspecteur du travail de la section 5  \nou, en cas d'absence ou d'emp\u00eachement de ce dernier, par l'inspecteur du travail de la section 6. \nDirection r\u00e9gionale de l'\u00e9conomie, de l'emploi, du travail et des solidarit\u00e9s de Bourgogne Franche-Comt\u00e9 - 21-2026-03-18-00001 - 21 -\nD\u00e9cision d'affectation des agents en UC en C\u00f4te d'Or au 2026-04-01 47\n \n \n \n8 \n-  Section 15  : l'int\u00e9rim est assur\u00e9 par l'inspecteur du travail  de la section 14  \nou, en cas d'absence ou d'emp\u00eachement de ce dernier , par l'inspecteur du travail de la section 16  \nou, en cas d'absence ou d'emp\u00eachement de ce dernier , par l'inspecteur du travail de la section 13  \nou, en cas d'absence ou d'emp\u00eachement de ce dernier , par l'inspecteur du travail de la section 11  \nou, en cas d'absence ou d'emp\u00eachement de ce dernier , par l'inspecteur du travail de la section 12  \nou, en cas d'absence ou d'emp\u00eachement de ce dernier , par l'inspecteur du travail de la section 10  \nou, en cas d'absence ou d'emp\u00eachement de ce dernier , par l'inspecteur du travail de la section 5  \nou, en cas d'absence ou d'emp\u00eachement de ce dernier , par l'inspecteur du travail de la section 9  \nou, en cas d'absence ou d'emp\u00eachement de ce dernier , par l'inspecteur du travail de la section 8  \nou, en cas d'absence ou d'emp\u00eachement de ce dernier , par l'inspecteur du travail de la section 6  \nou, en cas d'absence ou d'emp\u00eachement de ce dernier , par l'inspecteur du travail de la section 2  \nou, en cas d'absence ou d'emp\u00eachement de ce dernier , par l'inspecteur du travail de la section 4  \nou, en cas d'absence ou d'emp\u00eachement de ce dernier , par l'inspecteur du travail de la section 1  \nou, en cas d'absence ou d'emp\u00eachement de ce dernier , par l'inspecteur du travail de la section 3  \nou, en cas d'absence ou d'emp\u00eachement de ce dernier, par l'inspecteur du travail de la section 7. \n-  Section 16  : l'int\u00e9rim est assur\u00e9 par l'inspecteur du travail  de la section 4  \nou, en cas d'absence ou d'emp\u00eachement de ce dernier , par l'inspecteur du travail de la section 10  \nou, en cas d'absence ou d'emp\u00eachement de ce dernier , par l'inspecteur du travail de la section 15  \nou, en cas d'absence ou d'emp\u00eachement de ce dernier , par l'inspecteur du travail de la section 14  \nou, en cas d'absence ou d'emp\u00eachement de ce dernier , par l'inspecteur du travail de la section 9  \nou, en cas d'absence ou d'emp\u00eachement de ce dernier , par l'inspecteur du travail de la section 12  \nou, en cas d'absence ou d'emp\u00eachement de ce dernier , par l'inspecteur du travail de la section 11  \nou, en cas d'absence ou d'emp\u00eachement de ce dernier , par l'inspecteur du travail de la section 1  \nou, en cas d'absence ou d'emp\u00eachement de ce dernier , par l'inspecteur du travail de la section 2  \nou, en cas d'absence ou d'emp\u00eachement de ce dernier , par l'inspecteur du travail de la section 5  \nou, en cas d'absence ou d'emp\u00eachement de ce dernier , par l'inspecteur du travail de la section 7  \nou, en cas d'absence ou d'emp\u00eachement de ce dernier , par l'inspecteur du travail de la section 6  \nou, en cas d'absence ou d'emp\u00eachement de ce dernier , par l'inspecteur du travail de la section 8  \nou, en cas d'absence ou d'emp\u00eachement de ce dernier , par l'inspecteur du travail de la section 13  \nou, en cas d'absence ou d'emp\u00eachement de ce dernier, par l'inspecteur du travail de la section 3. \n \n \nArticle 4 :  \n \nEn cas d'absence ou d'emp\u00eachement simultan\u00e9 de tous  les inspecteurs du travail affect\u00e9s en sections \nd'inspection faisant obstacle \u00e0 ce que l'int\u00e9rim soit assur\u00e9 selon les modalit\u00e9s de l'article 3, l'int\u00e9rim est \nassur\u00e9 par le responsable de l'unit\u00e9 de contr\u00f4le \u00e0 laquelle correspond la section consid\u00e9r\u00e9e et qui \ndispose des m\u00eames pr\u00e9rogatives et pouvoirs que les inspecteurs du travail, et en cas d'absence ou \nd'emp\u00eachement de celui-ci, par le responsable de l'autre unit\u00e9 de contr\u00f4le. \n \n \nArticle 5 :  \n \nLorsque les responsables des unit\u00e9s de contr\u00f4le app ortent un appui \u00e0 une op\u00e9ration collective de \ncontr\u00f4le men\u00e9e sur le territoire de l'unit\u00e9 dont il s sont responsables, ils disposent des m\u00eames pouvoi rs \net pr\u00e9rogatives que les inspecteurs du travail. \n \n \nDirection r\u00e9gionale de l'\u00e9conomie, de l'emploi, du travail et des solidarit\u00e9s de Bourgogne Franche-Comt\u00e9 - 21-2026-03-18-00001 - 21 -\nD\u00e9cision d'affectation des agents en UC en C\u00f4te d'Or au 2026-04-01 48\n \n \n \n9 \nArticle 6 : \n \nLe Directeur r\u00e9gional de l'\u00e9conomie, de l'emploi, d u travail et des solidarit\u00e9s de la r\u00e9gion \nBourgogne-Franche-Comt\u00e9 et la Directrice d\u00e9partemen tale de l'emploi, du travail et des solidarit\u00e9s de \nC\u00f4te d'Or sont charg\u00e9s de l'application de la pr\u00e9se nte d\u00e9cision qui sera publi\u00e9e au recueil des actes \nadministratifs de la pr\u00e9fecture de d\u00e9partement de C\u00f4te d'Or et entrera en vigueur le 1\ner  avril 2026. \n \n \n \nFait \u00e0 Besan\u00e7on, le 18 mars 2026 \n \nLe Directeur r\u00e9gional de l'\u00e9conomie, de l'emploi, du travail \net des solidarit\u00e9s de la r\u00e9gion Bourgogne-Franche-Comt\u00e9 \n \nSign\u00e9 \n \nSimon-Pierre EURY   \nDirection r\u00e9gionale de l'\u00e9conomie, de l'emploi, du travail et des solidarit\u00e9s de Bourgogne Franche-Comt\u00e9 - 21-2026-03-18-00001 - 21 -\nD\u00e9cision d'affectation des agents en UC en C\u00f4te d'Or au 2026-04-01 49\nDREAL Bourgogne-Franche-Comt\u00e9\n21-2026-03-19-00001\nD\u00e9cision portant subd\u00e9l\u00e9gation de signature aux\nagents de la DREAL pour les missions\nsous autorit\u00e9 du pr\u00e9fet de la C\u00f4te d'Or\nDREAL Bourgogne-Franche-Comt\u00e9 - 21-2026-03-19-00001 - D\u00e9cision portant subd\u00e9l\u00e9gation de signature aux agents de la DREAL pour\nles missions\nsous autorit\u00e9 du pr\u00e9fet de la C\u00f4te d'Or\n50\nPREFET |DE LA C\u00d4TE-D'ORLibert\u00e9Egalit\u00e9Fraternit\u00e9\nDirection r\u00e9gionale de l'environnement,\nde l'am\u00e9nagement et du logement\nBourgogne Franche-Comt\u00e9\nD\u00e9cision n\u00b0 21 \u2013 2026 -\nportant subd\u00e9l\u00e9gation de signature aux agents de la DREAL pour les missions\nsous autorit\u00e9 du pr\u00e9fet de la C\u00f4te d'Or\nLa Directrice r\u00e9gionale par int\u00e9rim de l'environnement, de l'am\u00e9nagement et du logement\nde Bourgogne-Franche-Comt\u00e9\nVU\nLe  d\u00e9cret  n\u00b0  2004-374  du  29  avril  2004,  modifi\u00e9,  relatif  aux  pouvoirs  des  pr\u00e9fets,  \u00e0\nl'organisation et \u00e0 l'action des services de l'\u00c9tat dans les r\u00e9gions et d\u00e9partements,\nLe  d\u00e9cret  n\u00b02009-235  du  27  f\u00e9vrier  2009  relatif  \u00e0  l'organisation  et  aux  missions  des\ndirections r\u00e9gionales de l'environnement, de l'am\u00e9nagement et du logement\u00a0;\nLe d\u00e9cret du 10 octobre 2024 nommant Paul MOURIER, pr\u00e9fet de la r\u00e9gion Bourgogne-\nFranche-Comt\u00e9, pr\u00e9fet de la C\u00f4te d'Or ;\nL'arr\u00eat\u00e9 minist\u00e9riel du 26 f\u00e9vrier 2024 nommant Thierry DELORME, directeur r\u00e9gional\nadjoint\u00a0;\nL'arr\u00eat\u00e9  minist\u00e9riel  du  1 er juillet  2024  nommant  C\u00e9cile  BRENNE,  directrice  r\u00e9gionale\nadjointe\u00a0;\nL'arr\u00eat\u00e9 minist\u00e9riel du 16 f\u00e9vrier 2026 nommant B\u00e9n\u00e9dicte CRETIN, directrice r\u00e9gionale\nadjointe\u00a0;\nL'arr\u00eat\u00e9 de M. le pr\u00e9fet de R\u00e9gion  n\u00b0 25-09 BAG du 14 janvier 2025 portant organisation\nde la DREAL Bourgogne-Franche-Comt\u00e9 \u00a0;\nL'arr\u00eat\u00e9 minist\u00e9riel du 13 janvier 2026 portant attribution par int\u00e9rim des fonctions de\ndirectrice  r\u00e9gionale  de  l'environnement,  de  l'am\u00e9nagement  et  du  logement  (r\u00e9gion\nBourgogne-Franche-Comt\u00e9) \u00e0 Mme C\u00e9cile BRENNE \u00a0;\nL'arr\u00eat\u00e9 de M. le pr\u00e9fet de la C\u00f4te d'Or n\u00b0274 du 4 f\u00e9vrier 2026  portant d\u00e9l\u00e9gation de\nsignature \u00e0 Mme C\u00e9cile BRENNE.\nDECIDE\nArticle 1\nPour  toutes  d\u00e9cisions  et  tous  documents  relevant  des  attributions  et  des  domaines\nd'activit\u00e9s mentionn\u00e9s dans l'arr\u00eat\u00e9 de M. le pr\u00e9fet du d\u00e9partement de la C\u00f4te d'Or vis\u00e9\nci-dessus, d\u00e9l\u00e9gation de signature est conf\u00e9r\u00e9e, selon les missions dont ils ont la charge, \u00e0\u00a0:\n\u2022 Thierry DELORME, directeur r\u00e9gional adjoint \u00a0;\n\u2022 B\u00e9n\u00e9dicte CRETIN, directrice r\u00e9gionale adjointe \u00a0;\n\u2022 Yann DUFOUR chef de service Transports Mobilit\u00e9s, Fr\u00e9d\u00e9ric GUIBOURG et Xavier \nCURELY , adjoints ;\n\u2022 Vanessa GROLLEMUND, cheffe du service Pr\u00e9vention des Risques, Sarah KASSIMI et \nNicolas GUERIN, adjoints ;\n\u2022 Hadrien MAURIAC, chef du service Biodiversit\u00e9-eau-patrimoine, Antoine SION et Jean-\nYves PESEUX , adjoints\u00a0;\n1/3\nDREAL Bourgogne-Franche-Comt\u00e9 - 21-2026-03-19-00001 - D\u00e9cision portant subd\u00e9l\u00e9gation de signature aux agents de la DREAL pour\nles missions\nsous autorit\u00e9 du pr\u00e9fet de la C\u00f4te d'Or\n51\n\u2022 Muriel  CHABERT  cheffe  du  service  Transition  Ecologique,  Katy  POJER  et Olivier\nBOUJARD, adjoints\u00a0;\n\u2022 Pierre  CHRISMENT,  chef  de  l'unit\u00e9  d\u00e9partementale  de  la  C\u00f4te  d'Or,  Nicolas\nBONAFY son adjoint ainsi que S\u00e9verine SOWINSKI et Pauline COUSINAT  en cas\nd'emp\u00eachement.\nArticle 2\nConcernant la protection des esp\u00e8ces de faune et de flore sauvages, sans pr\u00e9judice des\nd\u00e9l\u00e9gations conf\u00e9r\u00e9es \u00e0 l'article 1, d\u00e9l\u00e9gation de signature est donn\u00e9e pour les d\u00e9cisions et\ndocuments li\u00e9s \u00e0 la r\u00e9glementation CITES et \u00e0 la r\u00e9glementation esp\u00e8ces prot\u00e9g\u00e9es hormis\nles arr\u00eat\u00e9s de \u00a0d\u00e9rogation :\n\u2022 Dominique ORTH, cheffe de d\u00e9partement\n\u2022 Jenny BERTHIER, cheffe de d\u00e9partement adjointe\n\u2022 Pierre DZIADKOWIAK, chef de d\u00e9partement adjoint\nArticle 3\nEn mati\u00e8re d'installations class\u00e9es pour la protection de l'environnement, de d\u00e9chets et\nsubstances  chimiques,  de  canalisations  et  d'\u00e9quipements  sous  pression,  de  mines,  de\nd\u00e9chets, et s ans pr\u00e9judice des d\u00e9l\u00e9gations conf\u00e9r\u00e9es \u00e0 l'article 1 , d\u00e9l\u00e9gation de signature\nest donn\u00e9e \u00e0 :\n\u2022 Carole  MORTAS,  cheffe  du  d\u00e9partement  risques  chroniques,  et  Soizick  GUERN,\ncheffe de d\u00e9partement adjointe ;\n\u2022 Franck MARZORATI, chef du d\u00e9partement risques accidentels, et Alain PARADIS,\nchef de d\u00e9partement adjoint\u00a0;\n\u2022 Beno\u00eet CHESNEAU, chef du p\u00f4le interr\u00e9gional ESP , en mati\u00e8re d'\u00e9quipements sous\npression\u00a0;\nArticle 4\nEn  mati\u00e8re  de  risques  naturels  et  d'ouvrages  hydrauliques,  et  sans  pr\u00e9judice  des\nd\u00e9l\u00e9gations  conf\u00e9r\u00e9es  \u00e0  l'article  1 ,  d\u00e9l\u00e9gation  de  signature  est  donn\u00e9e  \u00e0  Malika\nLACHAMBRE,  cheffe  du  d\u00e9partement  risques  naturels  et  ouvrages  hydrauliques,  et\nThomas DEVILLERS, chef de d\u00e9partement adjoint.\nArticle 5\nSans pr\u00e9judice des d\u00e9l\u00e9gations conf\u00e9r\u00e9es \u00e0 l'article 1 , d\u00e9l\u00e9gation de signature est donn\u00e9e\nElisabeth De JESUS, cheffe du d\u00e9partement Transition \u00c9nerg\u00e9tique et St\u00e9phanie \u00a0VUILLOT\nson adjointe dans les mati\u00e8res suivantes :\n\u2022 production, transport et distribution de gaz et d'\u00e9lectricit\u00e9 ;\n\u2022 utilisation de l'\u00e9nergie, certificat d'\u00e9conomie d'\u00e9nergie, consultation pr\u00e9alable en\nmati\u00e8re d'action de ma\u00eetrise de l'\u00e9nergie ;\n\u2022 certificat ouvrant droit \u00e0 l'obligation d'achat d'\u00e9lectricit\u00e9.\nArticle 6\nEn  mati\u00e8re  de  transports  (r\u00e9ception,  diverses  autorisations  et  contr\u00f4le  technique  des\nv\u00e9hicules), sans pr\u00e9judice des d\u00e9l\u00e9gations conf\u00e9r\u00e9es \u00e0 l'article 1,  d\u00e9l\u00e9gation de signature\nest  donn\u00e9e  \u00e0  Lionel  PERRETTE,  chef  du  d\u00e9partement  R\u00e9gulation  des  transports,  ainsi\nqu'aux agents habilit\u00e9s selon les attributions et les domaines d'activit\u00e9s dont ils ont la\ncharge\u00a0:\n\u2022 Alain AUPECLE\n\u2022 Eric GIROUD\n2/3\nDREAL Bourgogne-Franche-Comt\u00e9 - 21-2026-03-19-00001 - D\u00e9cision portant subd\u00e9l\u00e9gation de signature aux agents de la DREAL pour\nles missions\nsous autorit\u00e9 du pr\u00e9fet de la C\u00f4te d'Or\n52\n\u2022 Jean-Michel GLOMBARD\n\u2022 Jean-Paul SEQUEIRA\n\u2022 J\u00e9r\u00f4me NICOLAS\n\u2022 Laurent LAGARDE\n\u2022 Ludovic HERLIN\n\u2022 Mathieu AMAURY\n\u2022 Olivier PARIGOT\n\u2022 Philippe GUYOT\n\u2022 Radouane FIKRI\n\u2022 S\u00e9bastien RYCHTER\n\u2022 J\u00e9r\u00f4me BOILLON\n\u2022 Christophe LEBEUF\n\u2022 Claire ANDRE\nArticle 7\nLorsqu'ils  effectuent  une  p\u00e9riode  d'astreinte,  ont  subd\u00e9l\u00e9gation  pour  signer  les  actes\nurgents n\u00e9cessaires \u00e0 la gestion d'un accident ou incident les personnes :\n\u2022 Anne LEFRANC\n\u2022 Antoine SION\n\u2022 B\u00e9n\u00e9dicte CRETIN\n\u2022 C\u00e9cile BRENNE\n\u2022 C\u00e9line PICOT\n\u2022 Dominique VANDERSPEETEN\n\u2022 Emmanuel DIVERS\n\u2022 Florian LUCCI\n\u2022 Franck NASS\n\u2022 Fr\u00e9d\u00e9ric GUIBOURG\n\u2022 Hadrien MAURIAC\n\u2022 Jean-Yves PESEUX\n\u2022 J\u00e9rome VOULAND\n\u2022 Katy POJER\n\u2022 Muriel CHABERT\n\u2022 Na\u00efma ATILLAH\n\u2022 Nicolas BONAFY\n\u2022 Nicolas GU\u00c9RIN\n\u2022 Oc\u00e9ane LACHAUSSEE\n\u2022 Olivier BOUJARD\n\u2022 Pierre CHRISMENT\n\u2022 Quentin CHABERNAUD\n\u2022 Sarah KASSIMI\n\u2022 Thierry DELORME\n\u2022 Val\u00e9rie MEYNADIER\n\u2022 Vanessa GROLLEMUND\n\u2022 Xavier BERTUIT\n\u2022 Xavier CURELY\n\u2022 Yann DUFOUR\n\u2022 Yvan BARTZ\nArticle 8\nCette d\u00e9cision sera notifi\u00e9e \u00e0 M. le pr\u00e9fet de la C\u00f4te d'Or, \u00e0 la directrice d\u00e9partementale\ndes  finances publiques de la C\u00f4te d'Or ainsi qu'aux agents ci-dessus d\u00e9sign\u00e9s,  et sera\npubli\u00e9e au recueil des actes administratifs de la pr\u00e9fecture de C\u00f4te d'Or.\nArticle 9\nToute d\u00e9l\u00e9gation ant\u00e9rieure \u00e0 la pr\u00e9sente d\u00e9cision et toutes dispositions contraires \u00e0 celle-\nci sont abrog\u00e9es.\nFait \u00e0 Besan\u00e7on, le 19 mars 2026\nLa directrice r\u00e9gionale par int\u00e9rim de l'environnement,\nde l'am\u00e9nagement et du logement\nSign\u00e9e\u00a0: C\u00e9cile BRENNE\n3/3\nDREAL Bourgogne-Franche-Comt\u00e9 - 21-2026-03-19-00001 - D\u00e9cision portant subd\u00e9l\u00e9gation de signature aux agents de la DREAL pour\nles missions\nsous autorit\u00e9 du pr\u00e9fet de la C\u00f4te d'Or\n53\nPr\u00e9fecture de la C\u00f4te-d'Or\nSecr\u00e9tariat G\u00e9n\u00e9ral\n21-2026-03-12-00005\nArr\u00eat\u00e9 pr\u00e9fectoral N\u00b0 552 portant\nrenouvellement des agr\u00e9ments ILGLS et ISFT de\nl'association ACODEGE au titre de l'article\nL.365-4 et de l'article L.365-3 du code de la\nconstruction et de l'habitation\nPr\u00e9fecture de la C\u00f4te-d'Or - 21-2026-03-12-00005 - Arr\u00eat\u00e9 pr\u00e9fectoral N\u00b0 552 portant renouvellement des agr\u00e9ments ILGLS et ISFT de\nl'association ACODEGE au titre de l'article L.365-4 et de l'article L.365-3 du code de la construction et de l'habitation 54\n: Direction d\u00e9partementalePREFET ; calDELA de l'Emploi, du Travail et des Solidarit\u00e9sCOTE-D'ORLibert\u00e9Egalit\u00e9Fraternit\u00e9ARRETE PREFECTORAL N\u00b0552Portant renouvellement des agr\u00e9ments ILGLS et ISFT de l'association ACODEGEau titre de l'article L.365-4 et de l'article L.365-3du code de la construction et de l'habitationLe pr\u00e9fet de r\u00e9gion Bourgogne-Franche-Comt\u00e9Pr\u00e9fet de la C\u00f4te-d'OrVU le code de la construction et de l'habitation et notamment l'article L.365-1 et suivants et l'articleR.365-1 :VU la loi n\u00b0 2009-323 du 25 mars 2009 de mobilisation pour le logement et de lutte contrel'exclusion ;VU le d\u00e9cret n\u00b0 2009-1684 du 30 d\u00e9cembre 2009 relatif aux agr\u00e9ments des organismes exer\u00e7ant desactivit\u00e9s en faveur du logement et de l'h\u00e9bergement des personnes d\u00e9favoris\u00e9es;VU le d\u00e9cret du 10 octobre 2024 portant nomination du pr\u00e9fet de la r\u00e9gion Bourgogne-Franche-Comt\u00e9, pr\u00e9fet de la C\u00f4te-d'Or - Monsieur Paul MOURIER;VU la circulaire du 6 septembre 2010 relative aux agr\u00e9ments des organismes agissant en faveur dulogement et de l'h\u00e9bergement des personnes d\u00e9favoris\u00e9es;VU les arr\u00eat\u00e9s en date du 10 mars 2016 portant agr\u00e9ment de l'association ACODEGE au titre del'article L.365-4 et au titre de l'article L.365-3 du code de la construction et de l'habitation pour unedur\u00e9e de 5 ans renouvel\u00e9 jusqu'au 10 mars 2026;Vu l'arr\u00eat\u00e9 pr\u00e9fectoral n\u00b0813/SG du 13 juin 2025 donnant d\u00e9l\u00e9gation de signature \u00e0 MonsieurDenis BRUEL, Secr\u00e9taire g\u00e9n\u00e9ral de la C\u00f4te-d'OrVU le dossier de demande de renouvellement transmis le 13 f\u00e9vrier 2026 par le repr\u00e9sentant l\u00e9gal del'association ACODEGE et d\u00e9clar\u00e9 complet le 27 f\u00e9vrier 2026;VU l'avis favorable de la Direction D\u00e9partementale de l'Emploi, du Travail et des Solidarit\u00e9s de C\u00f4te-d'Or qui a examin\u00e9 les capacit\u00e9s de l'organisme \u00e0 mener de telles activit\u00e9s conform\u00e9ment \u00e0 l'articleR.365-2 du code de la construction et de l'habitation.ARR\u00caTEArticle 1er :L'organisme \u00e0 gestion d\u00e9sint\u00e9ress\u00e9e, association ACODEGE sis 2 rue Gagnereaux - BP 61402 -21014 DIJON cedex, association de loi 1901, est agr\u00e9\u00e9 pour les activit\u00e9s \u00e9num\u00e9r\u00e9es ci-apr\u00e8s :\nDDETS - www.cote-dor.gouv.frCit\u00e9 administrative Dampierre6 rue Chancelier de l'Hospital - BP 15381 - 21053 DIJON Cedextel: 03 80 68 30 00\n \n \n \n \n \n \n \n \n  \n ; \n \n \n \nPr\u00e9fecture de la C\u00f4te-d'Or - 21-2026-03-12-00005 - Arr\u00eat\u00e9 pr\u00e9fectoral N\u00b0 552 portant renouvellement des agr\u00e9ments ILGLS et ISFT de\nl'association ACODEGE au titre de l'article L.365-4 et de l'article L.365-3 du code de la construction et de l'habitation 55\n- interm\u00e9diation locative et de gestion locative sociale mentionn\u00e9es aux a) b) et c) de l'article R.365-13\u00b0 du code de la construction et de l'habitation,- ing\u00e9nierie sociale, financi\u00e8re et technique mentionn\u00e9es aux a) b) c) d) et e) de l'article R.365-1 2\u00b0 ducode de la construction et de l'habitation.Article 2 :L'agr\u00e9ment est d\u00e9livr\u00e9 pour une dur\u00e9e de cing ans renouvelable. L'agr\u00e9ment peut \u00eatre retir\u00e9 \u00e0 toutmoment par l'autorit\u00e9 administrative comp\u00e9tente si l'organisme ne satisfait plus aux conditions ded\u00e9livrance de l'agr\u00e9ment ou s'il est constat\u00e9 un manquement grave ou r\u00e9p\u00e9t\u00e9 \u00e0 ses obligations.Le retrait est prononc\u00e9 apr\u00e8s avoir mis les dirigeants de l'organisme en mesure de pr\u00e9senter leursobservations.Article 3 :Un compte-rendu de l'activit\u00e9 concern\u00e9e et les comptes financiers de l'organisme seront adress\u00e9sannuellement \u00e0 l'autorit\u00e9 administrative comp\u00e9tente qui a d\u00e9livr\u00e9 l'agr\u00e9ment.Cette derni\u00e8re peut \u00e0 tout moment contr\u00f4ler les conditions d'exercice de l'activit\u00e9 de l'organisme.Toute modification statutaire est notifi\u00e9e sans d\u00e9lai \u00e0 l'autorit\u00e9 administrative.Article 4 :Le Secr\u00e9taire G\u00e9n\u00e9ral de la Pr\u00e9fecture de la C\u00f4te-d'Or et la Directrice D\u00e9partementale de l'Emploi, duTravail et des Solidarit\u00e9s sont en charge, chacun en ce qui le concerne, de l'ex\u00e9cution du pr\u00e9sentarr\u00eat\u00e9 qui sera ins\u00e9r\u00e9 au recueil des actes administratifs de la Pr\u00e9fecture.Fait \u00e0 Dijon, le 12 mars 2026Pour le pr\u00e9fet et par d\u00e9l\u00e9gation,le secr\u00e9taire g\u00e9n\u00e9ral de la C\u00f4te-d'Or,SIGNEDenis BRUEL\nLe pr\u00e9sent arr\u00eat\u00e9 peut faire l'objet d'un recours devant le Tribunal Administratif sis 22, rue d'Assas -21000 DIJON dans les deux mois suivant sa publication au recueil des actes administratifs de laPr\u00e9fecture de la C\u00f4te-d'Or. La juridiction administrative comp\u00e9tente peut aussi \u00eatre saisie parl'application t\u00e9l\u00e9recours citoyens accessible \u00e0 partir du site www.telerecours.frLe m\u00eame recours peut \u00eatre exerc\u00e9 par l'association gestionnaire dans le d\u00e9lai de deux mois \u00e0 compter dela notification du pr\u00e9sent arr\u00eat\u00e9.DDETS - www.cote-dor.gouv.frCit\u00e9 administrative Dampierre6 rue Chancelier de l'Hospital - BP 15381 - 21053 DIJON Cedextel: 03 80 68 30 00\n \n \n \n \n \n \n \n \nPr\u00e9fecture de la C\u00f4te-d'Or - 21-2026-03-12-00005 - Arr\u00eat\u00e9 pr\u00e9fectoral N\u00b0 552 portant renouvellement des agr\u00e9ments ILGLS et ISFT de\nl'association ACODEGE au titre de l'article L.365-4 et de l'article L.365-3 du code de la construction et de l'habitation 56\nSous-pr\u00e9fecture de Beaune\n21-2026-03-11-00001\nArr\u00eat\u00e9 N\u00b0516 portant renouvellement de\nl'habilitation dans le domaine fun\u00e9raire \n des \u00e9tablissements Christian BORDES \u00e0 Seurre\nSous-pr\u00e9fecture de Beaune - 21-2026-03-11-00001 - Arr\u00eat\u00e9 N\u00b0516 portant renouvellement de l'habilitation dans le domaine fun\u00e9raire \n des \u00e9tablissements Christian BORDES \u00e0 Seurre 57\nExPREFETDE LACOTE-D'ORLibert\u00e9Egalit\u00e9Fraternit\u00e9\nSOUS-PREFECTURE DE BEAUNE\nP\u00f4le s\u00e9curit\u00e9 et r\u00e9glementation\nAffaire suivie par C\u00e9cile RAVRY\nT\u00e9l :03 45 43 80 11\ncourriel : cecile.ravry@cote-dor.gouv.fr\nArr\u00eat\u00e9 N\u00b0516\nportant renouvellement de l'habilitation dans le domaine fun\u00e9raire \n des \u00e9tablissements Christian BORDES \u00e0 Seurre\nVU  le  Code  G\u00e9n\u00e9ral  des  Collectivit\u00e9s  Territoriales  et  notamment  les  dispositions  des  articles  \nL 2223-19 \u00e0 L 2223-30, R 2223-40 \u00e0 R 2223-65 et D 2223-34 \u00e0 D 2223-39 relatifs \u00e0 l'habilitation fun\u00e9raire  ;\nVU le d\u00e9cret n\u00b02020-917 du 28 juillet 2020 relatif \u00e0 la dur\u00e9e de l'habilitation dans le secteur fun\u00e9raire et \u00e0\nla housse mortuaire ;\nVU  l'arr\u00eat\u00e9 pr\u00e9fectoral n\u00b0 815/SG du 13 juin 2025 donnant d\u00e9l\u00e9gation de signature \u00e0 Monsieur Beno\u00eet\nBYRSKI, sous-pr\u00e9fet de Beaune ;\nVU l'arr\u00eat\u00e9 pr\u00e9fectoral N\u00b0 151 du 22 f\u00e9vrier 2021 portant renouvellement de l'habilitation dans le domaine\nfun\u00e9raire des \u00e9tablissements Christian BORDES sis 24 rue du 8 mai 1945 \u00e0 Seurre  ;\nVU la demande et les documents pr\u00e9sent\u00e9s par M. Vincent BORDES, responsable des \u00e9tablissements en\nvue  de  demander  le  renouvellement  de  l'habilitation  dans  le  domaine  fun\u00e9raire  des  \u00e9tablissements\nChristian BORDES ;\nCONSIDERANT  que  cet  \u00e9tablissement  remplit  les  conditions  pour  obtenir  le  renouvellement  de  son\nhabilitation dans le domaine fun\u00e9raire ;\nARRETE\nArticle  1er :  Les  \u00e9tablissements  Christian  BORDES  sis  24  rue  du  8  mai  1945  \u00e0 Seurre,  g\u00e9r\u00e9s  par\nM. Vincent BORDES, sont habilit\u00e9s pour exercer les activit\u00e9s suivantes  :\n- organisation des obs\u00e8ques,\n- fourniture des cercueils aux familles (et de leurs accessoires int\u00e9rieurs et ext\u00e9rieurs), des housses\net des urnes cin\u00e9raires,\n- fourniture de corbillards ,\n- transport de corps avant et apr\u00e8s mise en bi\u00e8re,\n.../...\nSous-pr\u00e9fecture de Beaune - 10 rue Edouard Fraisse - 21200 BEAUNE \nSous-pr\u00e9fecture de Beaune - 21-2026-03-11-00001 - Arr\u00eat\u00e9 N\u00b0516 portant renouvellement de l'habilitation dans le domaine fun\u00e9raire \n des \u00e9tablissements Christian BORDES \u00e0 Seurre 58\n- fourniture des personnels et des objets et prestations n\u00e9cessaires aux obs\u00e8ques, inhumations,\nexhumations et cr\u00e9mations\n- soins de conservation (en sous-traitance)\n- gestion et utilisation de la chambre fun\u00e9raire sise 33 rue du 8 mai 1945 \u00e0 Seurre.\nArticle 2 : Le num\u00e9ro de l'habilitation est 26-21-0053.\nArticle 3 : La pr\u00e9sente habilitation est accord\u00e9e pour une dur\u00e9e de 5 ans soit jusqu'au 11 mars 2031.\nArticle 4 : Pour b\u00e9n\u00e9ficier de la pr\u00e9sente habilitation jusqu'\u00e0 son terme, M. Vincent BORDES doit d\u00e9clarer \ntout changement dans les informations contenues dans la demande d'habilitation dans un d\u00e9lai de deux \nmois, notamment en ce qui concerne les attestations de conformit\u00e9 des v\u00e9hicules fun\u00e9raires.\nArticle 5  :  La pr\u00e9sente habilitation peut \u00eatre suspendue pour une dur\u00e9e maximum d'un an ou retir\u00e9e,\napr\u00e8s  mise  en  demeure,  par  le  repr\u00e9sentant  de  l'\u00c9tat  dans  le  d\u00e9partement  o\u00f9  les  faits  auront  \u00e9t\u00e9\nconstat\u00e9s, pour les motifs suivants :\n- non-respect des dispositions du pr\u00e9sent code auxquelles sont soumises les r\u00e9gies, entreprises ou\nassociations  habilit\u00e9es  conform\u00e9ment  \u00e0  l'article  L  2223-23  du  c ode  g\u00e9n\u00e9ral  des  collectivit\u00e9s\nterritoriales\n- non-exercice ou cessation d'exercice des activit\u00e9s au titre desquelles elle a \u00e9t\u00e9 d\u00e9livr\u00e9es,\n- atteinte \u00e0 l'ordre public ou danger pour la salubrit\u00e9 publique.\nArticle 6 : Dans un d\u00e9lai de deux mois \u00e0 compter de sa notification ou de la publication au recueil des\nactes administratifs de la pr\u00e9fecture, la pr\u00e9sente d\u00e9cision peut faire l'objet d'un recours  conform\u00e9ment aux\ndispositions de l'article R 421-1 et suivants du code de justice administrative:\n- un recours gracieux adress\u00e9 \u00e0 M. le pr\u00e9fet du d\u00e9partement de la C\u00f4te d'Or  (53 rue de la Pr\u00e9fecture\n\u2013 21041 DIJON CEDEX),\n- un recours hi\u00e9rarchique adress\u00e9 au ministre comp\u00e9tent dans le domaine consid\u00e9r\u00e9,\n- un recours contentieux en saisissant le tribunal administratif de Dijon (22 rue d'Assas \u2013 21000\nDIJON).\nArticle 7 : Le sous-pr\u00e9fet de Beaune est charg\u00e9 de l'ex\u00e9cution du pr\u00e9sent arr\u00eat\u00e9 qui sera publi\u00e9 au recueil \ndes actes administratifs de la Pr\u00e9fecture de la C\u00f4te d'Or dont copie sera remise \u00e0  :\n- M. Vincent BORDES, g\u00e9rant des \u00e9tablissements Christian BORDES \u00e0 Seurre, \n- M. le maire de Seurre,\n- Mme le chef d'escadron, commandant la compagnie de gendarmerie de Beaune,\n- Mme la directrice g\u00e9n\u00e9rale de l'Agence R\u00e9gionale de Sant\u00e9 de Bourgogne-Franche-Comt\u00e9\nFait \u00e0 Beaune, le 11 mars 2026\nLe sous-pr\u00e9fet de Beaune,\nsign\u00e9\n     \nBeno\u00eet BYRSKI\nSous-pr\u00e9fecture de Beaune - 10 rue Edouard Fraisse - 21200 BEAUNE \nSous-pr\u00e9fecture de Beaune - 21-2026-03-11-00001 - Arr\u00eat\u00e9 N\u00b0516 portant renouvellement de l'habilitation dans le domaine fun\u00e9raire \n des \u00e9tablissements Christian BORDES \u00e0 Seurre 59","date":"2026-03-19","first_seen_on":"2026-03-19T17:14:59+00:00","id":"9383b6414d70e094f954cd490e71a2a9a42cbdb81649085edc12046b3e3abf91","name":"RAA n\u00b0 053 du 19 mars 2026","pdf_creation_date":"2026-03-19T15:09:12+00:00","pdf_modification_date":null,"timezone":"Europe/Paris","url":"https://www.cote-dor.gouv.fr/contenu/telechargement/25763/197038/file/recueil-21-2026-053-recueil-des-actes-administratifs-special.pdf"}
