{"administration":"pref69","administration_name":"Pr\u00e9fecture du Rh\u00f4ne","content":"PR\u00c9F\u00c8TE\nDU RH\u00d4NE\nRECUEIL DES ACTES\nADMINISTRATIFS SP\u00c9CIAL\nN\u00b069-2025-329\nPUBLI\u00c9 LE 15 D\u00c9CEMBRE 2025\nSommaire\n01-69_DTPJJ_Direction territoriale de la protection judiciaire de la jeunesse\nde l'Ain et du Rh\u00f4ne /\n69-2025-12-11-00003 - Arr\u00eat\u00e9 conjoint portant fixation du prix de\njourn\u00e9e 2025 du Domaine de la Tour (PRADO Education) - n\u00b0 DTPJJ SAH\n2025 12 12 01 (3 pages) Page 3\n69_DDETS_Direction d\u00e9partementale de l'emploi du travail et des\nsolidarit\u00e9s /\n69-2025-12-12-00001 - Arr\u00eat\u00e9 GIP Avenant 4 (2 pages) Page 7\n69-2025-12-01-00016 - DDETS69 ARRETE renouvellement chiens assistance\nHANDICHIENS Marcy (2 pages) Page 10\n69_DDT_Direction d\u00e9partementale des territoires du Rh\u00f4ne /\n69-2025-12-15-00002 - R\u00e9glementation temporaire de la circulation sur\nl'autoroute A6\npour la r\u00e9alisation d'une enqu\u00eate de circulation\nrouti\u00e8re \u00e0 la barri\u00e8re de p\u00e9age\nLimas / Villefranche-sur-Sa\u00f4ne,\nsens Paris/Lyon (4 pages) Page 13\n69_Pr\u00e9f_Pr\u00e9fecture du Rh\u00f4ne / Cabinet\n69-2025-12-15-00001 - MHRDC publication RAA sign\u00e9 du 15 (1 page) Page 18\n69_Pr\u00e9f_Pr\u00e9fecture du Rh\u00f4ne / Direction de la s\u00e9curit\u00e9 et de la\nprotection civile\n69-2025-12-09-00010 - AP du 9 d\u00e9cembre 2025 portant autorisation\nexploitation syst\u00e8me vid\u00e9oprotection - SARL LA PLATFORME (CAFE OZ\nLYON) - Lyon 3  (2 pages) Page 20\n69-2025-12-09-00009 - AP du 9 d\u00e9cembre 2025 portant autorisation\nexploitation syst\u00e8me vid\u00e9oprotection - SNC MAURIAUD DIS (PROXI\nPROPIERES) - Propi\u00e8res  (2 pages) Page 23\n69_Pr\u00e9f_Pr\u00e9fecture du Rh\u00f4ne / Direction des affaires juridiques et de\nl'administration locale\n69-2025-11-25-00016 - Arr\u00eat\u00e9 inter-pr\u00e9fectoral\n du 11 d\u00e9cembre\n2025\n du 25 novembre 2025\nmettant fin aux comp\u00e9tences\ndu\nSyndicat mixte des eaux de la Petite Grosne (2 pages) Page 26\n69-2025-12-04-00021 - Arr\u00eat\u00e9 inter-pr\u00e9fectoral\n11 d\u00e9cembre\n2025\ndu 4 d\u00e9cembre 2025\nmettant fin aux comp\u00e9tences\ndu\nSyndicat mixte des eaux du M\u00e2connais Beaujolais (2 pages) Page 29\n84_DREAL_Direction r\u00e9gionale de l'environnement, de l'am\u00e9nagement et\ndu logement d'Auvergne-Rh\u00f4ne-Alpes / Secr\u00e9tariat G\u00e9n\u00e9ral\n69-2025-12-09-00008 - Arr\u00eat\u00e9 interpr\u00e9fectoral\nn\u00b0DREAL-AURA-EHN-2025-12 portant d\u00e9rogation aux dispositions de\nl'article L.411-1 du code de l'environnement pour\u00a0capture suivie\nd'un rel\u00e2cher imm\u00e9diat sur place d'esp\u00e8ces animales\nprot\u00e9g\u00e9es (amphibiens) (5 pages) Page 32\n2\n01-69_DTPJJ_Direction territoriale de la\nprotection judiciaire de la jeunesse de l'Ain et du\nRh\u00f4ne\n69-2025-12-11-00003\nArr\u00eat\u00e9 conjoint portant fixation du prix de\njourn\u00e9e 2025 du Domaine de la Tour (PRADO\nEducation) - n\u00b0 DTPJJ SAH 2025 12 12 01\n01-69_DTPJJ_Direction territoriale de la protection judiciaire de la jeunesse de l'Ain et du Rh\u00f4ne - 69-2025-12-11-00003 - Arr\u00eat\u00e9\nconjoint portant fixation du prix de journ\u00e9e 2025 du Domaine de la Tour (PRADO Education) - n\u00b0 DTPJJ SAH 2025 12 12 01 3\nE = \u00e0PR\u00c9F\u00c8TE RHONEDU RHONE LE GEPARTEMENTLibert\u00e9Egalit\u00e9Fraternit\u00e9Direction interregionale de la P\u00f4le Solidarit\u00e9sProtection Direction Sant\u00e9 Enfance FamilleJudiciaire de la Jeunesse Service ASECentre-Est H\u00f4tel du D\u00e9partementDirection territoriale Rh\u00f4ne- 29-31 cours de la Libert\u00e9Ain 69483 LYON CEDEX 0333 rue Moncey69003 LYON ARR\u00caT\u00c9 CONJOINTARR\u00caT\u00c9 PREFECTORAL N\u00b0DTP3T_SAH_202.5_12 .12-01ARRETE DU PRESIDENT N\u00b0 ARCD-DSEF-2025-0112\nPortant fixation du prix de journ\u00e9e au titre de l'exercice 2025, et reconductionprovisoire au titre de l'exercice 2026, pour l'\u00e9tablissement DOMAINE DE LA TOUR,sis 372 chemin de Maupas 69970 Marennes.\nLe Pr\u00e9sident du Conseil d\u00e9partemental du Rh\u00f4ne et la Pr\u00e9f\u00e8te de la r\u00e9gionAuvergne-Rh\u00f4ne-Alpes, Pr\u00e9f\u00e8te de la zone de d\u00e9fense et de s\u00e9curit\u00e9 Sud-Est, Pr\u00e9f\u00e8te duRh\u00f4ne, Commandeur de la L\u00e9gion d'honneur, Commandeur de l'Ordre national duM\u00e9rite,Vu le code g\u00e9n\u00e9ral des collectivit\u00e9s territoriales ;Vu le code de l'action sociale et des familles et notamment :- es articles L.314-1 et suivants relatifs aux dispositions financi\u00e8res applicables aux\u00e9tablissements et services sociaux et m\u00e9dico-sociaux ;- les articles R.314-1 et suivants relatifs \u00e0 la gestion budg\u00e9taire, comptable et financi\u00e8re, et auxmodalit\u00e9s de financement et de tarification des \u00e9tablissements et services sociaux et m\u00e9dico-sociaux \u00e9num\u00e9r\u00e9s au I de l'article L.312-1 du m\u00eame code ;Vu les articles 375 \u00e0 375-8 du code civil relatifs \u00e0 l'assistance \u00e9ducative ;Vu l'ordonnance n\u00b045-1845 du 18 ao\u00fbt 1945 relative au remboursement aux institutionspriv\u00e9es des frais d'entretien et d'\u00e9ducation des mineurs d\u00e9linquants ;Vu le d\u00e9cret n\u00b02010-214 du 2 mars 2010 relatif au ressort territorial, \u00e0 l'organisation etaux attributions des services d\u00e9concentr\u00e9s de la Protection Judiciaire de la Jeunesse ;Vu l'arr\u00eat\u00e9 du Ministre de la justice du 19 d\u00e9cembre 2003 relatif aux modes de tarificationapplicables aux prestations d'action \u00e9ducative d\u00e9livr\u00e9es par les \u00e9tablissements et servicesconcourant \u00e0 la protection judiciaire de la jeunesse et sous comp\u00e9tence tarifaire conjointe durepr\u00e9sentant de l'\u00c9tat dans le d\u00e9partement et du pr\u00e9sident du Conseil d\u00e9partemental ;\n01-69_DTPJJ_Direction territoriale de la protection judiciaire de la jeunesse de l'Ain et du Rh\u00f4ne - 69-2025-12-11-00003 - Arr\u00eat\u00e9\nconjoint portant fixation du prix de journ\u00e9e 2025 du Domaine de la Tour (PRADO Education) - n\u00b0 DTPJJ SAH 2025 12 12 01 4\nPage 2/3Vu l'arr\u00eat\u00e9 conjoint de la Pr\u00e9f\u00e8te et du Pr\u00e9sident du Conseil D\u00e9partemental du Rh\u00f4ne, endate du 05/12/2024, portant fixation du prix de journ\u00e9e pour l'exercice 2024 et reconductionprovisoire au titre de l'exercice 2025, pour l'\u00e9tablissement \u00ab DOMAINE DE LA TOUR \u00bb ;Vu la d\u00e9lib\u00e9ration n\u00b0005-01 du Conseil D\u00e9partemental du 17 d\u00e9cembre 2024 fixantl'\u00e9volution de l'enveloppe de tarification 2025 des structures de l'enfance ;Vu la circulaire du 16 juillet 2025 relative \u00e0 la campagne budg\u00e9taire 2025 des\u00e9tablissements et services concourant \u00e0 la mission de protection judiciaire de la jeunesse ;Vu les propositions budg\u00e9taires et leurs annexes pr\u00e9sent\u00e9es, au titre de l'exercice 2025,par l'association gestionnaire \u00ab PRADO EDUCATION \u00bb pour l'\u00e9tablissement mentionn\u00e9 \u00e0 l'article Idu pr\u00e9sent arr\u00eat\u00e9 ;Vu les propositions de modifications budg\u00e9taires transmises par courrier conjoint de laPr\u00e9f\u00e8te et du Pr\u00e9sident du Conseil d\u00e9partemental du Rh\u00f4ne ;Vu les rapports du Directeur territorial de la protection judiciaire de la jeunesse pour led\u00e9partement du Rh\u00f4ne agissant par d\u00e9l\u00e9gation de la Directrice interr\u00e9gionale de la protectionjudiciaire de la jeunesse Centre-Est et de la Directrice g\u00e9n\u00e9rale adjointe des servicesd\u00e9partementaux charg\u00e9e du p\u00f4le Solidarit\u00e9s, proximit\u00e9 et services aux usagers ;Sur proposition de Madame la Pr\u00e9f\u00e8te, Secr\u00e9taire g\u00e9n\u00e9rale de la pr\u00e9fecture du Rh\u00f4ne, et deMonsieur le Directeur g\u00e9n\u00e9ral des services d\u00e9partementaux,\nARR\u00caTENT :\nArticle 1 : Pour l'exercice budg\u00e9taire de l'ann\u00e9e 2025, les charges et les produitspr\u00e9visionnels de l'\u00e9tablissement \u00ab DOMAINE DE LA TOUR \u00bb sont autoris\u00e9s comme suit :Charges ProduitsGroupe I: Groupe I:charges Produits deli\u00e9es a 102 467,00 \u20ac tarification 1 093 355,63 \u20acl'exploitationcouranteGroupe II: Groupescharges de 749 938, 10\u20ac II: SUES 0,00\u20acpersonnel produitsd'exploitationGroupe GroupeIII: III :eres 249 960,53 \u20ac peut 9 010,00 \u20acstructure financiers etnonencaissablesTOTAL 1 102 365,63 \u20ac TOTAL 1 102 365,63 \u20ac\n01-69_DTPJJ_Direction territoriale de la protection judiciaire de la jeunesse de l'Ain et du Rh\u00f4ne - 69-2025-12-11-00003 - Arr\u00eat\u00e9\nconjoint portant fixation du prix de journ\u00e9e 2025 du Domaine de la Tour (PRADO Education) - n\u00b0 DTPJJ SAH 2025 12 12 01 5\nPage 3/3\nD\u00e9penses nettes autoris\u00e9es 1 093 355,63 \u20ac(+/-) Reprise de r\u00e9sultat - 215 666,90 \u20acD\u00e9penses refus\u00e9es N-2 -53 307,17 \u20acBase de calcul des tarifs 1 255 715,36 \u20acNombre de journ\u00e9es 4117Prix de journ\u00e9e 2025 305,01 \u20ac\nArticle 2 : Le prix de journ\u00e9e diff\u00e9rentiel applicable, \u00e0 compter du 01/12/2025 etjusqu'au 31/12/2025, pour l'\u00e9tablissement \u00ab DOMAINE DE LA TOUR \u00bb, est fix\u00e9 a740,83 \u20ac.Article 3 : Du 01/01/2025 au 30/11/2025, les recettes relatives a la facturationdes prix de journ\u00e9e sont liquid\u00e9es et per\u00e7ues dans les conditions arr\u00eat\u00e9es par l'arr\u00eat\u00e9 detarification 2024.Article 4 : A compter du 01/01/2026, le prix de journ\u00e9e de reconductionprovisoire est fix\u00e9 \u00e0 265,57 \u20ac. Il est \u00e9tabli sur la base de l'activit\u00e9 et des chargesautoris\u00e9es en 2025, hors reprise du r\u00e9sultat de l'exercice ant\u00e9rieur, et est applicablejusqu'\u00e0 la fixation du prix de journ\u00e9e d\u00e9finitif au titre de l'exercice 2026.Article 5 : Les recours contentieux contre le pr\u00e9sent arr\u00eat\u00e9 doivent parvenir ausecr\u00e9tariat du tribunal administratif de Lyon sis 184, rue Duguesclin 69433 Lyon Cedex03, dans le d\u00e9lai franc d'un mois \u00e0 compter de sa notification pour les personnesauxquelles il a \u00e9t\u00e9 notifi\u00e9 ou de sa publication pour les autres personnes.Article 6 : Une ampliation du pr\u00e9sent arr\u00eat\u00e9 sera notifi\u00e9e par lettrerecommand\u00e9e avec avis de r\u00e9ception \u00e0 l'\u00e9tablissement ou service concern\u00e9.Article 7 : La Pr\u00e9f\u00e8te, Secr\u00e9taire g\u00e9n\u00e9rale de la Pr\u00e9fecture du Rh\u00f4ne, le Directeurg\u00e9n\u00e9ral des services d\u00e9partementaux, la Directrice interr\u00e9gionale de la protectionjudiciaire de la jeunesse Centre-est et le Directeur g\u00e9n\u00e9ral adjoint charg\u00e9 du p\u00f4leSolidarit\u00e9s, proximit\u00e9 et services aux usagers du D\u00e9partement sont charg\u00e9s, chacun ence qui le concerne, de l'ex\u00e9cution du pr\u00e9sent arr\u00eat\u00e9 qui sera publi\u00e9 au recueil des actesadministratifs consultables sur le site \u00ab rhone.gouv.fr \u00bb de la Pr\u00e9fecture du Rh\u00f4ne et dusite \u00ab rhone.fr \u00bb du D\u00e9partement du Rh\u00f4ne.Fait \u00e0 Lyon, le IL /12/2025La Pr\u00e9f\u00e8te Pour le pr\u00e9sident et par d\u00e9l\u00e9gationLa sous-pr\u00e9fate charg\u00e9ede missionpolitique dpi vile Mireille SIMIANESS = Vice-pr\u00e9sidente ce, famille et \u00e9galit\u00e9pee BOURNE femme-homme-\n01-69_DTPJJ_Direction territoriale de la protection judiciaire de la jeunesse de l'Ain et du Rh\u00f4ne - 69-2025-12-11-00003 - Arr\u00eat\u00e9\nconjoint portant fixation du prix de journ\u00e9e 2025 du Domaine de la Tour (PRADO Education) - n\u00b0 DTPJJ SAH 2025 12 12 01 6\n69_DDETS_Direction d\u00e9partementale de\nl'emploi du travail et des solidarit\u00e9s\n69-2025-12-12-00001\nArr\u00eat\u00e9 GIP Avenant 4\n69_DDETS_Direction d\u00e9partementale de l'emploi du travail et des solidarit\u00e9s - 69-2025-12-12-00001 - Arr\u00eat\u00e9 GIP Avenant 4 7\nesPREFETEDU RHONELibert\u00e9Egalit\u00e9Fraternit\u00e9\nArr\u00eat\u00e9 pr\u00e9fectoral n\u00b069-2025-12-12-00001 \nPortant approbation des modifications apport\u00e9es \u00e0 la convention constitutive du Groupement d'Int\u00e9r\u00eat \nPublic de la Maison de la Veille Sociale du Rh\u00f4ne (GIP MVS) \nLA PR\u00c9F\u00c8TE DE LA R\u00c9GION AUVERGNE-RH\u00d4NE-ALPES,\nPR\u00c9F\u00c8TE DE LA ZONE DE D\u00c9FENSE ET DE S\u00c9CURIT\u00c9 SUD-EST,\nPR\u00c9F\u00c8TE DU RH\u00d4NE\nCommandeur de la L\u00e9gion d'honneur\nCommandeur de l'ordre national du M\u00e9rite\nVu la loi 2011-525 du 17 mai 2011 de simplification et d'am\u00e9lioration de la qualit\u00e9 du droit,\nVu la loi  n\u00b0 2014-58 du 27 janvier 2014 de modernisation de l'action publique territoriale et d'affirmation  \ndes m\u00e9tropoles,\nVu le d\u00e9cret n\u00b0 2004-374 du 29 avril 2004 modifi\u00e9 relatif aux pouvoirs des pr\u00e9fets, \u00e0 l'organisation et \u00e0  \nl'action des services de l'\u00c9tat dans les r\u00e9gions et d\u00e9partements,\nVu le d\u00e9cret n\u00b0 2012-91 du 26 janvier 2012 relatif aux groupements d'int\u00e9r\u00eat public constitu\u00e9s dans le  \ndomaine de l'action sanitaire et sociale,\nVu l'arr\u00eat\u00e9 du 23 mars 2012 pris en application de l'article 3 du d\u00e9cret n\u00b0 2012-91 du 26 janvier 2012  \nrelatif aux groupements d'int\u00e9r\u00eat public,\nVu le d\u00e9cret en conseil des ministres du 11 janvier 2023 portant nomination de Mme Fabienne BUCCIO  \nen qualit\u00e9 de pr\u00e9f\u00e8te de la r\u00e9gion Auvergne-Rh\u00f4ne-Alpes, pr\u00e9f\u00e8te de la zone de d\u00e9fense et de s\u00e9curit\u00e9  \nSud-Est, pr\u00e9f\u00e8te du Rh\u00f4ne (hors classe) ;\nVu le d\u00e9cret du 15 mai 2025 en conseil des ministres portant nomination de M. Fabrice ROSAY en  \nqualit\u00e9 de pr\u00e9fet, secr\u00e9taire g\u00e9n\u00e9rale de la pr\u00e9fecture du Rh\u00f4ne, pr\u00e9fet d\u00e9l\u00e9gu\u00e9 pour l'\u00e9galit\u00e9 des chances  \naupr\u00e8s de la pr\u00e9f\u00e8te de la r\u00e9gion Auvergne Rh\u00f4ne-Alpes, pr\u00e9f\u00e8te de la zone de d\u00e9fense et de s\u00e9curit\u00e9 Sud-\nEst, pr\u00e9f\u00e8te du Rh\u00f4ne ;\nVu l'arr\u00eat\u00e9 pr\u00e9fectoral n\u00b02010-6242 du 12 novembre 2010 modifi\u00e9 portant approbation de la convention  \nconstitutive du Groupement d'Int\u00e9r\u00eat Public de la Maison de la Veille Sociale du Rh\u00f4ne (GIP/MVSR), \nVu le code de l'action sociale et des familles et notamment ses articles L 312-7 alin\u00e9a 2 relatif \u00e0 la  \ncr\u00e9ation de Groupement d'Int\u00e9r\u00eat Public et D 345-8 relatif au dispositif de veille sociale,\nVu l'article L3611-2 du Code g\u00e9n\u00e9ral des collectivit\u00e9s territoriales,\nVu la d\u00e9lib\u00e9ration de l'assembl\u00e9e g\u00e9n\u00e9rale extraordinaire du GIP du 28 novembre 2025,\nLa pr\u00e9f\u00e8te de la r\u00e9gion Rh\u00f4ne-Alpes-Auvergne, pr\u00e9f\u00e8te du Rh\u00f4ne, en tant que pr\u00e9sidente du groupement  \nd'int\u00e9r\u00eat public :\nDirection r\u00e9gionale et d\u00e9partementale de la jeunesse, des sports et de la coh\u00e9sion sociale (DRDJSCS)\nDirection d\u00e9partementale d\u00e9l\u00e9gu\u00e9e : 33 rue Moncey - 69421 Lyon cedex 03 \u2013 Standard : 04 81 92 44 00\nwww.auvergne-rhone-alpes.drdjscs.gouv.fr\n69_DDETS_Direction d\u00e9partementale de l'emploi du travail et des solidarit\u00e9s - 69-2025-12-12-00001 - Arr\u00eat\u00e9 GIP Avenant 4 8\nARR\u00caTE\nArticle 1  : Les modifications de la convention constitutive du groupement d'int\u00e9r\u00eat public d\u00e9nomm\u00e9  \n\u00ab Maison  de  la  Veille  Sociale  du  Rh\u00f4ne \u00bb  adopt\u00e9es  par  d\u00e9lib\u00e9ration  de  son  assembl\u00e9e  g\u00e9n\u00e9rale \nextraordinaire, le 28 novembre 2025, sont approuv\u00e9es.\nArticle 2 : Les dispositions du pr\u00e9sent arr\u00eat\u00e9 entreront en vigueur le jour de sa publication.\nArticle 3 : Un recours peut \u00eatre form\u00e9 devant le Tribunal de Lyon dans le d\u00e9lai de deux mois suivant sa  \npublication. \nArticle 4 : Le secr\u00e9taire g\u00e9n\u00e9ral, pr\u00e9fet d\u00e9l\u00e9gu\u00e9 pour l'\u00e9galit\u00e9 des chances, le directeur d\u00e9partemental de  \nla DDETS du Rh\u00f4ne, sont charg\u00e9s, chacun en ce qui le concerne, de la mise en \u0153uvre du pr\u00e9sent arr\u00eat\u00e9  \nqui sera publi\u00e9 au recueil des actes administratifs de la Pr\u00e9fecture du Rh\u00f4ne.\nFait \u00e0 Lyon, le 12/12/2025\nLa Pr\u00e9f\u00e8te\nSign\u00e9\n69_DDETS_Direction d\u00e9partementale de l'emploi du travail et des solidarit\u00e9s - 69-2025-12-12-00001 - Arr\u00eat\u00e9 GIP Avenant 4 9\n69_DDETS_Direction d\u00e9partementale de\nl'emploi du travail et des solidarit\u00e9s\n69-2025-12-01-00016\nDDETS69 ARRETE renouvellement chiens\nassistance HANDICHIENS Marcy\n69_DDETS_Direction d\u00e9partementale de l'emploi du travail et des solidarit\u00e9s - 69-2025-12-01-00016 - DDETS69 ARRETE\nrenouvellement chiens assistance HANDICHIENS Marcy 10\nesPREFETEDU RHONELibert\u00e9Egalit\u00e9Fraternit\u00e9\nPage 1 sur 2\nDirection d\u00e9partementale de l'emploi,\ndu travail et des solidarit\u00e9s\nArr\u00eat\u00e9  pr\u00e9fectoral  n\u00b02025-DDETS-HIS-PPV-  69-2025-12-01-00016  portant  \nrenouvellement de la labellisation du centre d'\u00e9ducation de chiens d'assistance de  \nl'association HANDI'CHIENS, sis, 649 avenue Bourgelat, 69 280 MARCY L'ETOILE\nLa Pr\u00e9f\u00e8te de la R\u00e9gion Auvergne-Rh\u00f4ne-Alpes,\nPr\u00e9f\u00e8te du Rh\u00f4ne,\nCommandeur de la l\u00e9gion d'honneur,\nCommandeur de l'ordre national du m\u00e9rite\nVU les articles L.245-3, D.245-24-1 et suivants du Code l'Action Sociale et des Familles;\nVU le livre 2 du code rural et de la p\u00eache maritime,\nVU le d\u00e9cret n\u00b0 2005-1776 du 30 d\u00e9cembre 2005 relatif \u00e0 la labellisation des centres d'\u00e9ducation des  \nchiens d'assistance et des centres d'\u00e9ducation des chiens guides d'aveugle ;\nVU le d \u00e9cret n\u00b02014-362 du 20/03/2014 relatif \u00e0 la labellisation des centres d'\u00e9ducation des chiens  \nd'assistance et \u00e0 la labellisation des centres d'\u00e9ducation des chiens-guides d'aveugle et \u00e0 la cr\u00e9ation  \nd'un certificat national ;\nVU l'arr\u00eat\u00e9 du 20/03/20214 relatif aux crit\u00e8res techniques de labellisation des centres d'\u00e9ducation des  \nchiens  d'assistance  et  des  centres  d'\u00e9ducation  des  chiens-guides  d'aveugle  ou  d'assistance  \n(conditions  de  labellisation  subordonnant  la  d\u00e9livrance  du  label  part  les  pr\u00e9fets  au  respect  des  \nconditions  techniques  visant  \u00e0  garantir  la  qualit\u00e9  de  l'\u00e9ducation  des  chiens  et,  ainsi,  de  \nl'accompagnement et de la compensation du handicap) ;\nVU la  demande  de  renouvellement  d\u00e9pos\u00e9e  le  20  f\u00e9vrier  2024  et  les  pi\u00e8ces  compl\u00e9mentaires  \ntransmises ;\nVU la visite du centre HANDI'CHIENS, situ\u00e9 649 avenue Bourgelat, 69 280 Marcy l'Etoile,  r\u00e9alis\u00e9e le  \n8 octobre 2024 par les agents de la direction d\u00e9partementale de l'emploi, du travail et des solidarit\u00e9s  \ndu Rh\u00f4ne et de la direction d\u00e9partementale de la protection des populations ; \nVU le d\u00e9cret du 11 janvier 2023 portant nomination de la pr\u00e9f\u00e8te de la r\u00e9gion Auvergne-Rh\u00f4ne-Alpes,  \npr\u00e9f\u00e8te de la zone de d\u00e9fense et de s\u00e9curit\u00e9 Sud-Est, pr\u00e9f\u00e8te du Rh\u00f4ne - Mme BUCCIO (Fabienne) ;\nVU le d\u00e9cret du 15 mai 2025 portant nomination du pr\u00e9fet, secr\u00e9taire g\u00e9n\u00e9ral de la pr\u00e9fecture du  \nRh\u00f4ne, pr\u00e9fet d\u00e9l\u00e9gu\u00e9 pour l'\u00e9galit\u00e9 des chances aupr\u00e8s de la pr\u00e9f\u00e8te de la r\u00e9gion Auvergne-Rh\u00f4ne-\nAlpes, pr\u00e9f\u00e8te de la zone de d\u00e9fense et de s\u00e9curit\u00e9 Sud-Est, pr\u00e9f\u00e8te du Rh\u00f4ne - M. ROSAY (Fabrice) ;\nCONSIDERANT  que le centre d'\u00e9ducation Handi'chiens, sis 649 avenue Bourgelat, 69 280 Marcy  \nl'Etoile  remplit les conditions de labellisation, d\u00e9finies par le d\u00e9cret et l'arr\u00eat\u00e9 du 20 mars 2014, visant  \n69_DDETS_Direction d\u00e9partementale de l'emploi du travail et des solidarit\u00e9s - 69-2025-12-01-00016 - DDETS69 ARRETE\nrenouvellement chiens assistance HANDICHIENS Marcy 11\nPage 2 sur 2\n\u00e0 garantir la qualit\u00e9 de l'\u00e9ducation des chiens et, ainsi, de l'accompagnement et de la compensation  \ndu handicap ; \nSur proposition du directeur d\u00e9partemental de l'emploi, du travail et des solidarit\u00e9s du Rh\u00f4ne.\nARR\u00caTE\nArticle 1er : \nLe  centre  d'\u00e9ducation  de  chiens  d'assistance  de  l'association  Handi'Chiens,  sis,  649  avenue  \nBourgelat , 69 280 Marcy l'Etoile, fait l'objet d'un renouvellement de label pour une p\u00e9riode de cinq  \nans \u00e0 compter de la date du pr\u00e9sent arr\u00eat\u00e9.\nArticle 2 : \nConform\u00e9ment \u00e0 l'article D.245-24-3, le centre s'engage \u00e0 adresser annuellement \u00e0 la pr\u00e9f\u00e8te du  \nRh\u00f4ne (service comp\u00e9tent de la Direction D\u00e9partementale de l'emploi, du travail et des solidarit\u00e9s) un  \nrapport d'activit\u00e9 et un rapport financier d\u00e9taill\u00e9.\nArticle 3 :\nLe label pourra \u00eatre retir\u00e9 \u00e0 l'organisme s'il ne respecte pas les crit\u00e8res exig\u00e9s pour l'obtention du  \nlabel,  plus  particuli\u00e8rement,  ceux  ayant  trait  \u00e0  la  s\u00e9curit\u00e9  des  personnes  handicap\u00e9es  et  aux  \nconditions g\u00e9n\u00e9rales pr\u00e9vues pour l'exercice ou le fonctionnement de cette activit\u00e9.\nArticle 4 :\nLe pr\u00e9sent arr\u00eat\u00e9 peut faire l'objet d'un recours devant le tribunal administratif de Lyon dans un d\u00e9lai  \nde deux mois \u00e0 compter de sa publication. Le tribunal peut \u00eatre saisi par l'application t\u00e9l\u00e9recours  \naccessible sur le site www.telerecours.fr.\nArticle 5 :\nLe pr\u00e9fet, secr\u00e9taire g\u00e9n\u00e9ral de la pr\u00e9fecture du Rh\u00f4ne, pr\u00e9fet d\u00e9l\u00e9gu\u00e9 pour l'\u00e9galit\u00e9 des chances  \naupr\u00e8s de la pr\u00e9f\u00e8te de la r\u00e9gion Auvergne-Rh\u00f4ne-Alpes, pr\u00e9f\u00e8te de la zone de d\u00e9fense et de s\u00e9curit\u00e9  \nSud-Est, pr\u00e9f\u00e8te du Rh\u00f4ne, et le directeur d\u00e9partemental de l'emploi, du travail et des solidarit\u00e9s du  \nRh\u00f4ne sont charg\u00e9s chacun en ce qui le concerne de l'ex\u00e9cution du pr\u00e9sent arr\u00eat\u00e9 qui sera publi\u00e9 au  \nrecueil des actes administratifs de la pr\u00e9fecture et notifi\u00e9 \u00e0 l'int\u00e9ress\u00e9.\n\u00c0 Lyon, \nLe 1/12/2025\nLe Pr\u00e9fet, \nSecr\u00e9taire g\u00e9n\u00e9ral de la pr\u00e9fecture du Rh\u00f4ne, \nPr\u00e9fet d\u00e9l\u00e9gu\u00e9 pour l'\u00e9galit\u00e9 des chances\nSign\u00e9\n69_DDETS_Direction d\u00e9partementale de l'emploi du travail et des solidarit\u00e9s - 69-2025-12-01-00016 - DDETS69 ARRETE\nrenouvellement chiens assistance HANDICHIENS Marcy 12\n69_DDT_Direction d\u00e9partementale des\nterritoires du Rh\u00f4ne\n69-2025-12-15-00002\nR\u00e9glementation temporaire de la circulation sur\nl'autoroute A6\npour la r\u00e9alisation d'une enqu\u00eate de circulation\nrouti\u00e8re \u00e0 la barri\u00e8re de p\u00e9age\nLimas / Villefranche-sur-Sa\u00f4ne, sens Paris/Lyon\n69_DDT_Direction d\u00e9partementale des territoires du Rh\u00f4ne - 69-2025-12-15-00002 - R\u00e9glementation temporaire de la circulation sur\nl'autoroute A6\npour la r\u00e9alisation d'une enqu\u00eate de circulation routi\u00e8re \u00e0 la barri\u00e8re de p\u00e9age\nLimas / Villefranche-sur-Sa\u00f4ne, sens Paris/Lyon\n13\nPREFETEDU RHONELibert\u00e9Egalit\u00e9Fraternit\u00e9\nDirection d\u00e9partementale\ndes territoires\nArr\u00eat\u00e9 pr\u00e9fectoral n\u00b0 69-2025-12-15-00002\nportant r\u00e9glementation temporaire de la circulation sur l'autoroute A6\npour la r\u00e9alisation d'une enqu\u00eate de circulation routi\u00e8re \u00e0 la barri\u00e8re de p\u00e9age \nLimas / Villefranche-sur-Sa\u00f4ne, sens Paris/Lyon\nLa Pr\u00e9f\u00e8te de la R\u00e9gion Auvergne-Rh\u00f4ne-Alpes,\nPr\u00e9f\u00e8te de la Zone de d\u00e9fense et de s\u00e9curit\u00e9 sud-est,\nPr\u00e9f\u00e8te du Rh\u00f4ne,\nCommandeur de la L\u00e9gion d'honneur,\nCommandeur de l'ordre national du M\u00e9rite,\nVU\u00a0le code de la route ;\nVU\u00a0le code de la voirie routi\u00e8re ;\nVU\u00a0la loi n\u00b0 55-435 du 18 avril 1955 modifi\u00e9e portant statut des autoroutes ;\nVU\u00a0le d\u00e9cret  en conseil des ministres du 11 janvier  2023  portant  nomination de Mme Fabienne\nBUCCIO, en qualit\u00e9 de pr\u00e9f\u00e8te de la r\u00e9gion Auvergne-Rh\u00f4ne-Alpes, pr\u00e9f\u00e8te de la zone de d\u00e9fense et\nde s\u00e9curit\u00e9 Sud-Est, pr\u00e9f\u00e8te du Rh\u00f4ne (hors classe) ;\nVU\u00a0le d\u00e9cret en conseil des ministres du 6 novembre 2024 portant nomination de M. Antoine GUERIN,\nen qualit\u00e9 de pr\u00e9fet d\u00e9l\u00e9gu\u00e9 pour la d\u00e9fense et la s\u00e9curit\u00e9 aupr\u00e8s de la pr\u00e9f\u00e8te de la r\u00e9gion Auvergne-\nRh\u00f4ne-Alpes, pr\u00e9f\u00e8te de la zone de d\u00e9fense et de s\u00e9curit\u00e9 Sud-Est, pr\u00e9f\u00e8te du Rh\u00f4ne ;\nVU\u00a0le d\u00e9cret n\u00b0 96-982 du 8 novembre 1996 relatif \u00e0 la police de circulation sur les autoroutes ;\nVU\u00a0le d\u00e9cret n\u00b0 2006-235 en date du 27 f\u00e9vrier 2006 relatif \u00e0 l'organisation des enqu\u00eates routi\u00e8res au\nbord des routes ;\nVU\u00a0le d\u00e9cret n\u00b0 2004-374 du 29 avril 2004 modifi\u00e9 relatif aux pouvoirs des pr\u00e9fets, \u00e0 l'organisation et \u00e0\nl'action des services de l'\u00c9tat dans les r\u00e9gions et d\u00e9partements ;\nVU\u00a0l'arr\u00eat\u00e9 interminist\u00e9riel du 24 novembre 1967 modifi\u00e9 relatif \u00e0 la signalisation des routes et des\nautoroutes ;\nVU\u00a0la lettre d'intention de r\u00e9alisation d'enqu\u00eates Origine/Destination sur le r\u00e9seau APRR  en r\u00e9gion\nAuvergne-Rh\u00f4ne-Alpes, \u00e9mise par la Direction G\u00e9n\u00e9rale des Infrastructures, des transports et des\nMobilit\u00e9s en date du 31 octobre 2024 ;\nVU\u00a0l'arr\u00eat\u00e9 pr\u00e9fectoral n\u00b0 69-2025-09-08-00008 du 8 septembre 2025 portant d\u00e9l\u00e9gation de signature\n\u00e0 M. Xavier CEREZA, directeur d\u00e9partemental des territoires du Rh\u00f4ne ;\n69_DDT_Direction d\u00e9partementale des territoires du Rh\u00f4ne - 69-2025-12-15-00002 - R\u00e9glementation temporaire de la circulation sur\nl'autoroute A6\npour la r\u00e9alisation d'une enqu\u00eate de circulation routi\u00e8re \u00e0 la barri\u00e8re de p\u00e9age\nLimas / Villefranche-sur-Sa\u00f4ne, sens Paris/Lyon\n14\nVU\u00a0la d\u00e9cision n\u00b0  DDT-69-2025-09-11-00001 du 11 septembre 2025 de M.  Xavier CEREZA, directeur\nd\u00e9partemental des territoires du Rh\u00f4ne portant subd\u00e9l\u00e9gation de signature en mati\u00e8re d'attributions\ng\u00e9n\u00e9rales \u00e0 M. Nicolas CROSSONNEAU, chef du service s\u00e9curit\u00e9 et transports ;\nVU la demande en date du 14 octobre 2025 de la soci\u00e9t\u00e9 ALYCE ;\nVU l'avis favorable de la soci\u00e9t\u00e9 APRR du 12 d\u00e9cembre 2025 ;\nVU l'avis  favorable  de  la  compagnie  r\u00e9publicaine  de  s\u00e9curit\u00e9  autorouti\u00e8re  Rh\u00f4ne-Alpes-Auvergne\n(CRSARAA) du 15 d\u00e9cembre 2025 ;\nCONSID\u00c9RANT que l'enqu\u00eate a pour objet l'observation de l'origine et de la destination des usagers\nau droit de la barri\u00e8re de p\u00e9age et n\u00e9cessite de r\u00e9glementer la circulation aux abords des postes\nd'enqu\u00eates  situ\u00e9s  sur  l'autoroute  A6,  barri\u00e8re  de  p\u00e9age  de  Limas  /  Villefranche-sur-Sa\u00f4ne,  sens\nParis/Lyon ;\nCONSID\u00c9RANT que la section concern\u00e9e est situ\u00e9e hors agglom\u00e9ration ;\nSur\u00a0proposition\u00a0du directeur d\u00e9partemental des territoires du Rh\u00f4ne ;\nARR\u00caTE\nArticle\u00a0 \u00a0\u00a0\u00a0\u00a01\u00a0\u00a0\nLa soci\u00e9t\u00e9 Alyce est autoris\u00e9e \u00e0 r\u00e9aliser une enqu\u00eate de circulation routi\u00e8re sur le r\u00e9seau autoroutier\nde l'A6 \u00e0 la barri\u00e8re de p\u00e9age de Limas / Villefranche-sur-Sa\u00f4ne, sens Paris/Lyon le jeudi 18 d\u00e9cembre\n2025 de 07 heures 00 \u00e0 19 heures 00.\nEn cas d'\u00e9v\u00e8nement exceptionnel perturbant la circulation (gr\u00e8ve, travaux impr\u00e9vus, etc), des dates de\nreport sont pr\u00e9vues : \n\u2022 Mardi 13 janvier 2026\n\u2022 Jeudi 15 janvier 2026\n\u2022 Mardi 20 janvier 2026\n\u2022 Jeudi 22 janvier 2026\nArticle\u00a0 \u00a0\u00a0\u00a0\u00a02\u00a0\u00a0\nPour  la  r\u00e9alisation  d'une  enqu\u00eate  routi\u00e8re,  sur  l'autoroute  A6,  au  droit  de  la  gare  de  p\u00e9age\nLimas/Villefranche-sur-Sa\u00f4ne,  dans  le  sens  Paris-Lyon,  la  circulation  de  tous  les  v\u00e9hicules  est\nr\u00e9glement\u00e9e par un dispositif d'enqu\u00eate situ\u00e9 au niveau du p\u00e9age.\nL'enqu\u00eate se tiendra sur les \u00eelots des voies S11 \u00e0 S19. Les voies de t\u00e9l\u00e9p\u00e9age sans arr\u00eat (TSA) seront\nferm\u00e9es en dehors des heures de pointes. Afin d'inciter les usagers \u00e0 emprunter les voies centrales\no\u00f9  sont  positionn\u00e9s  les  enqu\u00eateurs,  APRR  se  r\u00e9serve  le  droit  de  fermer  les  voies  situ\u00e9es  aux\nextr\u00e9mit\u00e9s.\nDispositif compl\u00e9mentaire de recensement : une cam\u00e9ra de comptage sera install\u00e9e sur un pont \u00e0 la\nsortie de la barri\u00e8re de p\u00e9age, afin de recenser l'ensemble des v\u00e9hicules qu'ils aient \u00e9t\u00e9 interview\u00e9s\nou non.\n\u00c0 tout moment, sur la demande des repr\u00e9sentants de la soci\u00e9t\u00e9 APRR, d\u00e8s lors qu'une file d'attente\nest estim\u00e9e trop importante, l'enqu\u00eate est arr\u00eat\u00e9e de fa\u00e7on temporaire  ; il est demand\u00e9 au chef\nd'\u00e9quipe d'\u00e9vacuer l'ensemble des enqu\u00eateurs des voies. L'enqu\u00eate ne peut reprendre qu'apr\u00e8s la\nd\u00e9cision de la soci\u00e9t\u00e9 APRR.\n69_DDT_Direction d\u00e9partementale des territoires du Rh\u00f4ne - 69-2025-12-15-00002 - R\u00e9glementation temporaire de la circulation sur\nl'autoroute A6\npour la r\u00e9alisation d'une enqu\u00eate de circulation routi\u00e8re \u00e0 la barri\u00e8re de p\u00e9age\nLimas / Villefranche-sur-Sa\u00f4ne, sens Paris/Lyon\n15\nArticle\u00a0 \u00a0\u00a0\u00a0\u00a03\u00a0\u00a0\nLa soci\u00e9t\u00e9 Alyce s'engage \u00e0 respecter int\u00e9gralement le plan de pr\u00e9vention n\u00b0 PPEE_2025-2112 \u00e9tabli le\n11 d\u00e9cembre 2025 avec le gestionnaire des autoroutes APRR /AREA.\nArticle\u00a0 \u00a0\u00a0\u00a0\u00a04\u00a0\u00a0\nLes enqu\u00eateurs sont plac\u00e9s sous l'autorit\u00e9 d'un chef d'\u00e9quipe charg\u00e9 de l'encadrement.\nLes  enqu\u00eateurs  interrogeront  les  conducteurs  de  v\u00e9hicule  l\u00e9gers  et  de  poids  lourds,  avant  la\ntransaction, lorsque ceux-ci sont en phase de ralentissement \u00e0 l'approche du p\u00e9age.\nLe questionnaire, de courte dur\u00e9e (maximum 30 secondes), porte sur trois \u00e9l\u00e9ments :\n\u2022 le motif du d\u00e9placement,\n\u2022 l'origine,\n\u2022 la destination.\nL'enqu\u00eate sera r\u00e9alis\u00e9e depuis les \u00eelots de p\u00e9age. Si un conducteur ne souhaite pas r\u00e9pondre, \nl'enqu\u00eateur le laisse repartir sans insister.\nLes donn\u00e9es recueillies aupr\u00e8s des usagers sont anonymes.\nArticle\u00a0 \u00a0\u00a0\u00a0\u00a05\u00a0\u00a0\nCes dispositions ne s'appliquent pas aux d\u00e9placements li\u00e9s aux missions de s\u00e9curit\u00e9 exerc\u00e9es par les\npersonnels d'APRR, des forces de l'ordre ainsi qu'aux v\u00e9hicules de secours.\nArticle\u00a0 \u00a0\u00a0\u00a0\u00a06\u00a0\u00a0\nTous les enqu\u00eateurs auront pr\u00e9alablement suivi une formation sp\u00e9cifique portant sur les consignes\nde s\u00e9curit\u00e9 en zone de p\u00e9age. Leur positionnement sera r\u00e9alis\u00e9 par le chef d'\u00e9quipe, en conformit\u00e9\navec les cheminements pi\u00e9tons autoris\u00e9s.\nLes enqu\u00eateurs seront install\u00e9s en s\u00e9curit\u00e9, sur les \u00eelots, en retrait derri\u00e8re les glissi\u00e8res de s\u00e9curit\u00e9\n(gardes corps).\nIls ne devront en aucun cas quitter leur poste, sauf instruction directe du chef d'\u00e9quipe. Aucun\nd\u00e9placement ne s'effectue sans sa pr\u00e9sence y compris pour les temps de pause.\nDeux \u00e9quipes se relaieront pour la r\u00e9alisation de cette enqu\u00eate selon les cr\u00e9neaux suivants :\n-\u00c9quipe du matin de 07 heures 00 \u00e0 13 heures 00 ;\n-\u00c9quipe de l'apr\u00e8s-midi de 13 heures 00 \u00e0 19 heures 00.\nLe chef d'\u00e9quipe assurera la coordination entre les deux \u00e9quipes, le relais d'information ainsi que le\nbon d\u00e9roulement des op\u00e9rations sur site.\nDes pauses sont pr\u00e9vues pour chaque \u00e9quipe, \u00e0 raison d'une \u00e0 deux pauses de 10 \u00e0 15 minutes par\nenqu\u00eateur. Afin de garantir la continuit\u00e9 du dispositif, les pauses seront prises individuellement.\nLa soci\u00e9t\u00e9 Alyce  est enti\u00e8rement responsable du respect des consignes de s\u00e9curit\u00e9.\nArticle\u00a0 \u00a0\u00a0\u00a0\u00a07\u00a0\u00a0\nChaque enqu\u00eateur sera obligatoirement \u00e9quip\u00e9 des \u00c9quipements de Protection Individuelle (EPI)\nsuivants :\n\u2022 Gilet r\u00e9tro-r\u00e9fl\u00e9chissant rouge de classe 2\n\u2022 Chaussures de s\u00e9curit\u00e9\nCes \u00e9quipements sont obligatoires pendant toute la dur\u00e9e de l'intervention.\nArticle\u00a0 \u00a0\u00a0\u00a0\u00a08\u00a0\u00a0\nL'enqu\u00eate  se  d\u00e9roulant  sur  la  barri\u00e8re  de  p\u00e9age,  aucune  signalisation  particuli\u00e8re  ne  signale\nl'op\u00e9ration aux usagers en amont du poste d'enqu\u00eate.\n69_DDT_Direction d\u00e9partementale des territoires du Rh\u00f4ne - 69-2025-12-15-00002 - R\u00e9glementation temporaire de la circulation sur\nl'autoroute A6\npour la r\u00e9alisation d'une enqu\u00eate de circulation routi\u00e8re \u00e0 la barri\u00e8re de p\u00e9age\nLimas / Villefranche-sur-Sa\u00f4ne, sens Paris/Lyon\n16\nArticle\u00a0 \u00a0\u00a0\u00a0\u00a09\u00a0\u00a0\nLe  pr\u00e9sent  arr\u00eat\u00e9  sera  publi\u00e9  et  ins\u00e9r\u00e9  au  recueil  des  actes  administratifs  de  l'\u00c9tat  dans  le\nd\u00e9partement du Rh\u00f4ne.\nArticle\u00a0 \u00a0\u00a0\u00a0\u00a010\u00a0 \u00a0\nLe gestionnaire de la voirie informera les automobilistes aux abords du p\u00e9age via les panneaux \u00e0\nmessage variable (PMV).\nArticle\u00a0 \u00a0\u00a0\u00a0\u00a011\u00a0 \u00a0\n- Le pr\u00e9fet, secr\u00e9taire g\u00e9n\u00e9ral de la pr\u00e9fecture du Rh\u00f4ne,\n- le commandant de la compagnie r\u00e9publicaine de s\u00e9curit\u00e9 autorouti\u00e8re Rh\u00f4ne-Alpes-Auvergne,\n- le commandant du groupement de gendarmerie d\u00e9partementale du Rh\u00f4ne,\n- le directeur r\u00e9gional Rh\u00f4ne de la soci\u00e9t\u00e9 des Autoroutes Paris-Rhin-Rh\u00f4ne,\nsont charg\u00e9s, chacun en ce qui le concerne, de l'ex\u00e9cution du pr\u00e9sent arr\u00eat\u00e9, dont copie est adres -\ns\u00e9e :\n- au directeur du service d\u00e9partemental et m\u00e9tropolitain d'incendie et de secours,\n- au directeur d\u00e9partemental des territoires du Rh\u00f4ne.\nLyon, le 15 d\u00e9cembre 2025\nla pr\u00e9f\u00e8te,\npour la pr\u00e9f\u00e8te et par d\u00e9l\u00e9gation,\nle directeur d\u00e9partemental des territoires du Rh\u00f4ne,\nle directeur et par subd\u00e9l\u00e9gation,\nle chef de service s\u00e9curit\u00e9 et transports,\nD\u00e9lais\u00a0et\u00a0voies\u00a0de\u00a0recours\u00a0:\nConform\u00e9ment \u00e0 l'article R.421-1 du code de justice administrative, la pr\u00e9sente d\u00e9cision peut faire l'objet\nd'un recours contentieux, dans le d\u00e9lai de deux mois \u00e0 compter de sa notification, devant le tribunal\nadministratif  de  Lyon  (184,  rue  Duguesclin  \u2013  69  433  Lyon  Cedex  03,  ou  sur  l'application\nwww.telerecours.fr). Elle peut \u00e9galement faire l'objet d'un recours gracieux aupr\u00e8s de Madame la Pr\u00e9f\u00e8te\ndu Rh\u00f4ne. Cette d\u00e9marche interrompt le d\u00e9lai de recours contentieux, ce dernier devant \u00eatre introduit\ndans le d\u00e9lai de deux mois suivant une d\u00e9cision implicite ou explicite de l'autorit\u00e9 comp\u00e9tente (le silence\nde l'administration pendant un d\u00e9lai de deux mois valant d\u00e9cision implicite de rejet).\n69_DDT_Direction d\u00e9partementale des territoires du Rh\u00f4ne - 69-2025-12-15-00002 - R\u00e9glementation temporaire de la circulation sur\nl'autoroute A6\npour la r\u00e9alisation d'une enqu\u00eate de circulation routi\u00e8re \u00e0 la barri\u00e8re de p\u00e9age\nLimas / Villefranche-sur-Sa\u00f4ne, sens Paris/Lyon\n17\n69_Pr\u00e9f_Pr\u00e9fecture du Rh\u00f4ne\n69-2025-12-15-00001\nMHRDC publication RAA sign\u00e9 du 15\n69_Pr\u00e9f_Pr\u00e9fecture du Rh\u00f4ne - 69-2025-12-15-00001 - MHRDC publication RAA sign\u00e9 du 15 18\nPREFETEDU RHONELibert\u00e9\u00c9galit\u00e9Fraternit\u00e9 Lyon, le 15 d\u00e9cembre 2025\nL'arr\u00eat\u00e9 n\u00b0 CABINET _SPID_2025 1210 01 du 10 d\u00e9cembre 2025 accordant la m\u00e9dailled'honneur r\u00e9gionale, d\u00e9partementale et communale \u00e0 l'occasion de la promotion du 1\u00b0janvier 2026, peut \u00eatre demand\u00e9 \u00e0 la pr\u00e9fecture du Rh\u00f4ne, Cabinet \u00e0 l'adresse :pref-medailles@rhone.gouv.fr\nPour la Pr\u00e9f\u00e8te et par d\u00e9l\u00e9gation,La cheffe adjointe de cabinet,\nMay KARMY\nAdresse postale : Pr\u00e9fecture du Rh\u00f4ne \u2014 69419 Lyon cedex 03Accueil du public : 18 rue de Bonnel \u2014 69003 LYONPour conna\u00eetre nos horaires et nos modalit\u00e9s d'accueil : internet : www.rhone.gouv.fr ou t\u00e9l. : 04 72 61 61 61 (co\u00fbt d'un appel local)\n69_Pr\u00e9f_Pr\u00e9fecture du Rh\u00f4ne - 69-2025-12-15-00001 - MHRDC publication RAA sign\u00e9 du 15 19\n69_Pr\u00e9f_Pr\u00e9fecture du Rh\u00f4ne\n69-2025-12-09-00010\nAP du 9 d\u00e9cembre 2025 portant autorisation\nexploitation syst\u00e8me vid\u00e9oprotection - SARL LA\nPLATFORME (CAFE OZ LYON) - Lyon 3 \n69_Pr\u00e9f_Pr\u00e9fecture du Rh\u00f4ne - 69-2025-12-09-00010 - AP du 9 d\u00e9cembre 2025 portant autorisation exploitation syst\u00e8me\nvid\u00e9oprotection - SARL LA PLATFORME (CAFE OZ LYON) - Lyon 3 20\nEPR\u00c9F\u00c8TEDU RH\u00d4NELibert\u00e9Egalit\u00e9Fraternit\u00e9\nPr\u00e9fecture\nDirection de la s\u00e9curit\u00e9 et de la protection civile\nBureau des polices administratives\nDossier 20250717\nArr\u00eat\u00e9 portant autorisation d'exploitation d'un syst\u00e8me de vid\u00e9oprotection\nLa Pr\u00e9f\u00e8te du Rh\u00f4ne\nCommandeur de la L\u00e9gion d'Honneur\nCommandeur de l'ordre national du M\u00e9rite\nVU le code de s\u00e9curit\u00e9 int\u00e9rieure et notamment ses articles L.223-1 \u00e0 L.223-9, L.251-1 \u00e0 L.255-1, ainsi que ses articles  \nR.251-7 et suivants; \nVU l'arr\u00eat\u00e9 minist\u00e9riel du 3 ao\u00fbt 2007 portant d\u00e9finition des normes techniques des syst\u00e8mes de vid\u00e9osurveillance;\nVU le d\u00e9cret en Conseil des Ministres du 11 janvier 2023 portant nomination de Madame Fabienne BUCCIO, pr\u00e9f\u00e8te de  \nla r\u00e9gion Auvergne-Rh\u00f4ne-Alpes, pr\u00e9f\u00e8te de la zone de d\u00e9fense et de s\u00e9curit\u00e9 Sud-Est, pr\u00e9f\u00e8te du Rh\u00f4ne (hors classe)  ;\nVU le d\u00e9cret du 6 novembre 2024 portant nomination de Monsieur Antoine GUERIN, pr\u00e9fet d\u00e9l\u00e9gu\u00e9 pour la d\u00e9fense et la  \ns\u00e9curit\u00e9 aupr\u00e8s de la pr\u00e9f\u00e8te de la r\u00e9gion Auvergne-Rh\u00f4ne-Alpes, pr\u00e9f\u00e8te de la zone de d\u00e9fense et de s\u00e9curit\u00e9 Sud-Est,  \npr\u00e9f\u00e8te du Rh\u00f4ne ;\nVU l'arr\u00eat\u00e9  pr\u00e9fectoral  n\u00b069-2025-10-13-00011  du  13  octobre  2025  portant  d\u00e9l\u00e9gation  de  signature  \u00e0  M  Antoine \nGUERIN, pr\u00e9fet d\u00e9l\u00e9gu\u00e9 pour la d\u00e9fense et la s\u00e9curit\u00e9 aupr\u00e8s de pr\u00e9f\u00e8te de la r\u00e9gion Auvergne-Rh\u00f4ne-Alpes, pr\u00e9f\u00e8te de la \nzone de d\u00e9fense et de s\u00e9curit\u00e9 Sud-Est, pr\u00e9f\u00e8te du Rh\u00f4ne ;\nVU la demande pr\u00e9sent\u00e9e par le Directeur des op\u00e9rations de la soci\u00e9t\u00e9 SARL LA PLATFORME (CAFE OZ LYON) en  \nvue d'obtenir l'autorisation de fonctionnement d'un syst\u00e8me de vid\u00e9oprotection;\nConsid\u00e9rant l'avis favorable \u00e9mis par la Commission d\u00e9partementale de vid\u00e9oprotection le 26/09/2025;\nConsid\u00e9rant que le syst\u00e8me de vid\u00e9oprotection est conforme \u00e0 la r\u00e9glementation ;\nSur proposition de Monsieur le Directeur de la S\u00e9curit\u00e9 et de la Protection Civile.\nARR\u00caTE\nArticle 1er : Le fonctionnement du syst\u00e8me de vid\u00e9oprotection, situ\u00e9 4 quai Victor Augagneur  \u00e0 Lyon 3\u00e8me (69003) qui \nfait l'objet de la demande pr\u00e9sent\u00e9e par le Directeur des op\u00e9rations de la soci\u00e9t\u00e9 SARL LA PLATFORME (CAFE OZ  \nLYON) est autoris\u00e9 pour 24 cam\u00e9ras int\u00e9rieures, 5 cam\u00e9ras ext\u00e9rieures et 3 cam\u00e9ras visionnant la voie publique sous  \nr\u00e9serve des obligations suivantes : \n- le d\u00e9lai de conservation des images est limit\u00e9 \u00e0 10 jours ;\n- le traitement des images \u00e0 l'\u00e9tranger est formellement interdit ;\n- le titulaire de l'autorisation doit tenir un registre mentionnant les enregistrements r\u00e9alis\u00e9s, la date de destruction des  \nimages et le cas \u00e9ch\u00e9ant la date de leur transmission au parquet ;\n- les personnes charg\u00e9es du traitement du syst\u00e8me de vid\u00e9oprotection sont habilit\u00e9es \u00e0 le faire par le p\u00e9titionnaire ;\n- les personnes habilit\u00e9es \u00e0 acc\u00e9der aux images doivent correspondre \u00e0 celles mentionn\u00e9es dans la d\u00e9claration, elles sont  \nd\u00e9sign\u00e9es par leur identit\u00e9 et/ou leur fonction, toute modification de ces personnes doit \u00eatre faite aupr\u00e8s des services  \npr\u00e9fectoraux ;\n   Pr\u00e9fecture du Rh\u00f4ne \u2013 \n   69419 Lyon cedex 03 \n  04 72 61 61 61\n  www.rhone.gouv.fr 1/2\nLyon, le 9 d\u00e9cembre 2025\n69_Pr\u00e9f_Pr\u00e9fecture du Rh\u00f4ne - 69-2025-12-09-00010 - AP du 9 d\u00e9cembre 2025 portant autorisation exploitation syst\u00e8me\nvid\u00e9oprotection - SARL LA PLATFORME (CAFE OZ LYON) - Lyon 3 21\n- les forces de s\u00e9curit\u00e9 de l'\u00c9tat sont habilit\u00e9es \u00e0 acc\u00e9der aux images en temps r\u00e9el et \u00e0 visionner les enregistrements sur le  \nlieu de traitement des images et une r\u00e9quisition \u00e9crite est n\u00e9cessaire pour toute extraction d'images ;\n- le responsable de la mise en \u0153uvre du syst\u00e8me doit s'assurer que des consignes tr\u00e8s pr\u00e9cises soient donn\u00e9es sur la  \nconfidentialit\u00e9 des images capt\u00e9es et/ou enregistr\u00e9es \u00e0 toutes les personnes concern\u00e9es ;\n- l'acc\u00e8s \u00e0 la salle de visionnage, d'enregistrement et de traitement des images, doit \u00eatre  strictement interdit  \u00e0 toute  \npersonne  qui  n'aura  pas  \u00e9t\u00e9  pr\u00e9alablement  habilit\u00e9e  et  autoris\u00e9e  par  l'autorit\u00e9  responsable  du  syst\u00e8me  ou  de  son \nexploitation ;\n- les cam\u00e9ras ne doivent en aucun cas visionner les zones privatives aux alentours, toutes mesures de protection comme un  \nsyst\u00e8me de masquage ou de \u00ab  floutage \u00bb (notamment pour les lieux privatifs film\u00e9s \u00e0 titre accessoire) doivent \u00eatre prises  \nafin de ne porter, en aucune mani\u00e8re, atteinte \u00e0 l'intimit\u00e9 de la vie priv\u00e9e des riverains qui peuvent se trouver dans leur  \nchamp de vision.\n- l'information du public de l'existence du syst\u00e8me de vid\u00e9oprotection dans la commune, la qualit\u00e9 et les coordonn\u00e9es du  \nresponsable de ce syst\u00e8me doivent appara\u00eetre de mani\u00e8re claire et permanente, l'affichage doit-\u00eatre suffisant et conforme  \nau mod\u00e8le joint \u00e0 la demande ;\n- le syst\u00e8me de vid\u00e9oprotection ne peut pas servir \u00e0 alimenter un fichier nominatif .\nArticle 2 : Les finalit\u00e9s du syst\u00e8me de vid\u00e9oprotection pour lequel la pr\u00e9sente autorisation est d\u00e9livr\u00e9e sont la pr\u00e9vention des  \natteintes \u00e0 la s\u00e9curit\u00e9 des personnes et des biens dans des lieux, ainsi que dans des \u00e9tablissements ouverts au public,  \nparticuli\u00e8rement expos\u00e9s \u00e0 des risques d'agression et de vol ou de trafic de stup\u00e9fiant, la protection des abords imm\u00e9diats des  \nb\u00e2timents et des installations des commer\u00e7ants dans des lieux expos\u00e9s \u00e0 des risques d'agression et de vol, la pr\u00e9vention d'actes \nde terroristes, le secours aux personnes et la d\u00e9fense contre l'incendie.\nArticle 3     : Le titulaire de l'autorisation est tenu d'informer pr\u00e9alablement la pr\u00e9f\u00e8te du Rh\u00f4ne de la date de mise en service du  \nsyst\u00e8me de vid\u00e9oprotection et, le cas \u00e9ch\u00e9ant, du d\u00e9placement des cam\u00e9ras.\nArticle 4 :  Les agents des forces de s\u00e9curit\u00e9 de l'\u00c9tat et du Service D\u00e9partemental M\u00e9tropolitain d'Incendie et de Secours du  \nRh\u00f4ne individuellement d\u00e9sign\u00e9s et d\u00fbment habilit\u00e9s sont destinataires des enregistrements et des images, dans les conditions  \nd\u00e9finies par les conventions de partenariat relatives \u00e0 la vid\u00e9oprotection urbaine conclues le cas \u00e9ch\u00e9ant entre la commune et  \nl'\u00c9tat ou entre la commune et le SDMIS.\nArticle 5 : Toute modification des donn\u00e9es figurant dans le dossier administratif et technique de cette autorisation doit faire  \nl'objet d'une demande de modification d'autorisation aupr\u00e8s des services pr\u00e9fectoraux. La non-ex\u00e9cution de ces dispositions  \nentra\u00eene le retrait de cette autorisation, sans pr\u00e9judice des sanctions p\u00e9nales pr\u00e9vues.\nArticle  6 :  La  pr\u00e9sente  autorisation  est  valable  pour  une  dur\u00e9e  de  cinq  ans  et  devra  faire  l'objet  d'une  demande  de \nrenouvellement quatre mois avant la fin de son \u00e9ch\u00e9ance. \nLe droit d'acc\u00e8s aux informations enregistr\u00e9es est r\u00e9gi par les dispositions de l'article L. 253-5 et des articles R.253-3 et  \nR.253-4 du code de la s\u00e9curit\u00e9 int\u00e9rieure.\nArticle 7 : Le fait de proc\u00e9der \u00e0 des enregistrements de vid\u00e9oprotection sans autorisation, de ne pas les d\u00e9truire dans le d\u00e9lai  \npr\u00e9vu, de les falsifier, d'entraver l'action de la commission d\u00e9partementale de vid\u00e9oprotection ou de la Commission Nationale  \nInformatique et Libert\u00e9s, de faire acc\u00e9der des personnes non habilit\u00e9es aux images ou d'utiliser ces images \u00e0 d'autres fins que  \ncelles pour lesquelles elles sont autoris\u00e9es est puni de trois ans d'emprisonnement et de 45000 euros d'amende sans pr\u00e9judice  \ndes dispositions des articles 226-1 du code p\u00e9nal.\nArticle 8  :  le Directeur  de la s\u00e9curit\u00e9 et de la protection civile et le Directeur des op\u00e9rations de la soci\u00e9t\u00e9 SARL LA  \nPLATFORME (CAFE OZ LYON), chacun en ce qui le concerne, est charg\u00e9 de l'ex\u00e9cution du pr\u00e9sent arr\u00eat\u00e9 et qui sera publi\u00e9  \nau recueil des actes administratifs de la pr\u00e9fecture du Rh\u00f4ne.\n Pour la Pr\u00e9f\u00e8te, \nle directeur de la s\u00e9curit\u00e9 et de la protection civile\n       Ernest MOUTOUSSAMY\nSi vous entendez contester le pr\u00e9sent arr\u00eat\u00e9, vous pouvez utiliser les voies de recours suivantes :\n- un recours gracieux motiv\u00e9 peut \u00eatre adress\u00e9 aupr\u00e8s de mes services dans un d\u00e9lai de deux mois \u00e0 compter de la notification du pr\u00e9sent arr\u00eat\u00e9,\n- un recours hi\u00e9rarchique peut \u00eatre introduit aupr\u00e8s de M. le Ministre de l'Int\u00e9rieur, Direction des libert\u00e9s publiques et Affaires juridiques, Bureau des polices Administratives,\nEn l'absence de r\u00e9ponse dans un d\u00e9lai de deux mois \u00e0 compter de la r\u00e9ception de votre recours, celui-ci doit \u00eatre consid\u00e9r\u00e9 comme implicitement rejet\u00e9.\n- un recours contentieux : aupr\u00e8s du Tribunal Administratif de Lyon dans un d\u00e9lai de deux mois \u00e0 compter de la notification du pr\u00e9sent arr\u00eat\u00e9 ou \u00e0 partir de la d\u00e9cision\nImplicite ou explicite de rejet du recours gracieux ou hi\u00e9rarchique. Le tribunal administratif peut \u00eatre saisi d'une requ\u00eate d\u00e9pos\u00e9e sur le site www.telerecours.fr            2/2\n69_Pr\u00e9f_Pr\u00e9fecture du Rh\u00f4ne - 69-2025-12-09-00010 - AP du 9 d\u00e9cembre 2025 portant autorisation exploitation syst\u00e8me\nvid\u00e9oprotection - SARL LA PLATFORME (CAFE OZ LYON) - Lyon 3 22\n69_Pr\u00e9f_Pr\u00e9fecture du Rh\u00f4ne\n69-2025-12-09-00009\nAP du 9 d\u00e9cembre 2025 portant autorisation\nexploitation syst\u00e8me vid\u00e9oprotection - SNC\nMAURIAUD DIS (PROXI PROPIERES) - Propi\u00e8res \n69_Pr\u00e9f_Pr\u00e9fecture du Rh\u00f4ne - 69-2025-12-09-00009 - AP du 9 d\u00e9cembre 2025 portant autorisation exploitation syst\u00e8me\nvid\u00e9oprotection - SNC MAURIAUD DIS (PROXI PROPIERES) - Propi\u00e8res 23\nEPR\u00c9F\u00c8TEDU RH\u00d4NELibert\u00e9Egalit\u00e9Fraternit\u00e9\nPr\u00e9fecture\nDirection de la s\u00e9curit\u00e9 et de la protection civile\nBureau des polices administratives\nDossier 20251019\nArr\u00eat\u00e9 portant autorisation d'exploitation d'un syst\u00e8me de vid\u00e9oprotection\nLa Pr\u00e9f\u00e8te du Rh\u00f4ne\nCommandeur de la L\u00e9gion d'Honneur\nCommandeur de l'ordre national du M\u00e9rite\nVU le code de s\u00e9curit\u00e9 int\u00e9rieure et notamment ses articles L.223-1 \u00e0 L.223-9, L.251-1 \u00e0 L.255-1, ainsi que ses articles  \nR.251-7 et suivants; \nVU l'arr\u00eat\u00e9 minist\u00e9riel du 3 ao\u00fbt 2007 portant d\u00e9finition des normes techniques des syst\u00e8mes de vid\u00e9osurveillance;\nVU le d\u00e9cret en Conseil des Ministres du 11 janvier 2023 portant nomination de Madame Fabienne BUCCIO, pr\u00e9f\u00e8te de  \nla r\u00e9gion Auvergne-Rh\u00f4ne-Alpes, pr\u00e9f\u00e8te de la zone de d\u00e9fense et de s\u00e9curit\u00e9 Sud-Est, pr\u00e9f\u00e8te du Rh\u00f4ne (hors classe)  ;\nVU le d\u00e9cret du 6 novembre 2024 portant nomination de Monsieur Antoine GUERIN, pr\u00e9fet d\u00e9l\u00e9gu\u00e9 pour la d\u00e9fense et la  \ns\u00e9curit\u00e9 aupr\u00e8s de la pr\u00e9f\u00e8te de la r\u00e9gion Auvergne-Rh\u00f4ne-Alpes, pr\u00e9f\u00e8te de la zone de d\u00e9fense et de s\u00e9curit\u00e9 Sud-Est,  \npr\u00e9f\u00e8te du Rh\u00f4ne ;\nVU l'arr\u00eat\u00e9  pr\u00e9fectoral  n\u00b069-2025-10-13-00011  du  13  octobre  2025  portant  d\u00e9l\u00e9gation  de  signature  \u00e0  M  Antoine \nGUERIN, pr\u00e9fet d\u00e9l\u00e9gu\u00e9 pour la d\u00e9fense et la s\u00e9curit\u00e9 aupr\u00e8s de pr\u00e9f\u00e8te de la r\u00e9gion Auvergne-Rh\u00f4ne-Alpes, pr\u00e9f\u00e8te de la \nzone de d\u00e9fense et de s\u00e9curit\u00e9 Sud-Est, pr\u00e9f\u00e8te du Rh\u00f4ne ;\nVU la demande pr\u00e9sent\u00e9e par le g\u00e9rant de la soci\u00e9t\u00e9 SNC MAURIAUD DIS (PROXI PROPIERES) en vue d'obtenir  \nl'autorisation de fonctionnement d'un syst\u00e8me de vid\u00e9oprotection;\nConsid\u00e9rant l'avis favorable \u00e9mis par la Commission d\u00e9partementale de vid\u00e9oprotection le 26/09/2025;\nConsid\u00e9rant que le syst\u00e8me de vid\u00e9oprotection est conforme \u00e0 la r\u00e9glementation ;\nSur proposition de Monsieur le Directeur de la S\u00e9curit\u00e9 et de la Protection Civile.\nARR\u00caTE\nArticle 1er : Le fonctionnement du syst\u00e8me de vid\u00e9oprotection, situ\u00e9 99 Grande rue \u00e0 Propi\u00e8res (69790) qui fait l'objet de \nla  demande  pr\u00e9sent\u00e9e  par  le  g\u00e9rant  de  la  soci\u00e9t\u00e9  SNC  MAURIAUD  DIS  (PROXI  PROPIERES)  est  autoris\u00e9  pour \n11 cam\u00e9ras int\u00e9rieures et 5 cam\u00e9ras ext\u00e9rieures sous r\u00e9serve des obligations suivantes : \n- le d\u00e9lai de conservation des images est limit\u00e9 \u00e0 30 jours ;\n- le traitement des images \u00e0 l'\u00e9tranger est formellement interdit ;\n- le titulaire de l'autorisation doit tenir un registre mentionnant les enregistrements r\u00e9alis\u00e9s, la date de destruction des  \nimages et le cas \u00e9ch\u00e9ant la date de leur transmission au parquet ;\n- les personnes charg\u00e9es du traitement du syst\u00e8me de vid\u00e9oprotection sont habilit\u00e9es \u00e0 le faire par le p\u00e9titionnaire ;\n- les personnes habilit\u00e9es \u00e0 acc\u00e9der aux images doivent correspondre \u00e0 celles mentionn\u00e9es dans la d\u00e9claration, elles sont  \nd\u00e9sign\u00e9es par leur identit\u00e9 et/ou leur fonction, toute modification de ces personnes doit \u00eatre faite aupr\u00e8s des services  \npr\u00e9fectoraux ;\n   Pr\u00e9fecture du Rh\u00f4ne \u2013 \n   69419 Lyon cedex 03 \n  04 72 61 61 61\n  www.rhone.gouv.fr 1/2\nLyon, le 9 d\u00e9cembre 2025\n69_Pr\u00e9f_Pr\u00e9fecture du Rh\u00f4ne - 69-2025-12-09-00009 - AP du 9 d\u00e9cembre 2025 portant autorisation exploitation syst\u00e8me\nvid\u00e9oprotection - SNC MAURIAUD DIS (PROXI PROPIERES) - Propi\u00e8res 24\n- les forces de s\u00e9curit\u00e9 de l'\u00c9tat sont habilit\u00e9es \u00e0 acc\u00e9der aux images en temps r\u00e9el et \u00e0 visionner les enregistrements sur le  \nlieu de traitement des images et une r\u00e9quisition \u00e9crite est n\u00e9cessaire pour toute extraction d'images ;\n- le responsable de la mise en \u0153uvre du syst\u00e8me doit s'assurer que des consignes tr\u00e8s pr\u00e9cises soient donn\u00e9es sur la  \nconfidentialit\u00e9 des images capt\u00e9es et/ou enregistr\u00e9es \u00e0 toutes les personnes concern\u00e9es ;\n- l'acc\u00e8s \u00e0 la salle de visionnage, d'enregistrement et de traitement des images, doit \u00eatre  strictement interdit  \u00e0 toute  \npersonne  qui  n'aura  pas  \u00e9t\u00e9  pr\u00e9alablement  habilit\u00e9e  et  autoris\u00e9e  par  l'autorit\u00e9  responsable  du  syst\u00e8me  ou  de  son \nexploitation ;\n- les cam\u00e9ras ne doivent en aucun cas visionner les zones privatives aux alentours, toutes mesures de protection comme un  \nsyst\u00e8me de masquage ou de \u00ab  floutage \u00bb (notamment pour les lieux privatifs film\u00e9s \u00e0 titre accessoire) doivent \u00eatre prises  \nafin de ne porter, en aucune mani\u00e8re, atteinte \u00e0 l'intimit\u00e9 de la vie priv\u00e9e des riverains qui peuvent se trouver dans leur  \nchamp de vision.\n- l'information du public de l'existence du syst\u00e8me de vid\u00e9oprotection dans la commune, la qualit\u00e9 et les coordonn\u00e9es du  \nresponsable de ce syst\u00e8me doivent appara\u00eetre de mani\u00e8re claire et permanente, l'affichage doit-\u00eatre suffisant et conforme  \nau mod\u00e8le joint \u00e0 la demande ;\n- le syst\u00e8me de vid\u00e9oprotection ne peut pas servir \u00e0 alimenter un fichier nominatif .\nArticle 2 : Les finalit\u00e9s du syst\u00e8me de vid\u00e9oprotection pour lequel la pr\u00e9sente autorisation est d\u00e9livr\u00e9e sont la pr\u00e9vention des  \natteintes \u00e0 la s\u00e9curit\u00e9 des personnes et des biens dans des lieux, ainsi que dans des \u00e9tablissements ouverts au public,  \nparticuli\u00e8rement  expos\u00e9s  \u00e0  des  risques  d'agression  et  de  vol,  la  protection  des  abords  imm\u00e9diats  des  b\u00e2timents  et  des \ninstallations des commer\u00e7ants dans des lieux expos\u00e9s \u00e0 des risques d'agression et de vol.\nArticle 3     : Le titulaire de l'autorisation est tenu d'informer pr\u00e9alablement la pr\u00e9f\u00e8te du Rh\u00f4ne de la date de mise en service du  \nsyst\u00e8me de vid\u00e9oprotection et, le cas \u00e9ch\u00e9ant, du d\u00e9placement des cam\u00e9ras.\nArticle 4 :  Les agents des forces de s\u00e9curit\u00e9 de l'\u00c9tat et du Service D\u00e9partemental M\u00e9tropolitain d'Incendie et de Secours du  \nRh\u00f4ne individuellement d\u00e9sign\u00e9s et d\u00fbment habilit\u00e9s sont destinataires des enregistrements et des images, dans les conditions  \nd\u00e9finies par les conventions de partenariat relatives \u00e0 la vid\u00e9oprotection urbaine conclues le cas \u00e9ch\u00e9ant entre la commune et  \nl'\u00c9tat ou entre la commune et le SDMIS.\nArticle 5 : Toute modification des donn\u00e9es figurant dans le dossier administratif et technique de cette autorisation doit faire  \nl'objet d'une demande de modification d'autorisation aupr\u00e8s des services pr\u00e9fectoraux. La non-ex\u00e9cution de ces dispositions  \nentra\u00eene le retrait de cette autorisation, sans pr\u00e9judice des sanctions p\u00e9nales pr\u00e9vues.\nArticle  6 :  La  pr\u00e9sente  autorisation  est  valable  pour  une  dur\u00e9e  de  cinq  ans  et  devra  faire  l'objet  d'une  demande  de \nrenouvellement quatre mois avant la fin de son \u00e9ch\u00e9ance. \nLe droit d'acc\u00e8s aux informations enregistr\u00e9es est r\u00e9gi par les dispositions de l'article L. 253-5 et des articles R.253-3 et  \nR.253-4 du code de la s\u00e9curit\u00e9 int\u00e9rieure.\nArticle 7 : Le fait de proc\u00e9der \u00e0 des enregistrements de vid\u00e9oprotection sans autorisation, de ne pas les d\u00e9truire dans le d\u00e9lai  \npr\u00e9vu, de les falsifier, d'entraver l'action de la commission d\u00e9partementale de vid\u00e9oprotection ou de la Commission Nationale  \nInformatique et Libert\u00e9s, de faire acc\u00e9der des personnes non habilit\u00e9es aux images ou d'utiliser ces images \u00e0 d'autres fins que  \ncelles pour lesquelles elles sont autoris\u00e9es est puni de trois ans d'emprisonnement et de 45000 euros d'amende sans pr\u00e9judice  \ndes dispositions des articles 226-1 du code p\u00e9nal.\nArticle 8  :  le Directeur  de la s\u00e9curit\u00e9 et de la protection civile et le g\u00e9rant de la soci\u00e9t\u00e9 SNC MAURIAUD DIS (PROXI  \nPROPIERES), chacun en ce qui le concerne, est charg\u00e9 de l'ex\u00e9cution du pr\u00e9sent arr\u00eat\u00e9 et qui sera publi\u00e9 au recueil des actes  \nadministratifs de la pr\u00e9fecture du Rh\u00f4ne.\n Pour la Pr\u00e9f\u00e8te, \nle directeur de la s\u00e9curit\u00e9 et de la protection civile\n       Ernest MOUTOUSSAMY\nSi vous entendez contester le pr\u00e9sent arr\u00eat\u00e9, vous pouvez utiliser les voies de recours suivantes :\n- un recours gracieux motiv\u00e9 peut \u00eatre adress\u00e9 aupr\u00e8s de mes services dans un d\u00e9lai de deux mois \u00e0 compter de la notification du pr\u00e9sent arr\u00eat\u00e9,\n- un recours hi\u00e9rarchique peut \u00eatre introduit aupr\u00e8s de M. le Ministre de l'Int\u00e9rieur, Direction des libert\u00e9s publiques et Affaires juridiques, Bureau des polices Administratives,\nEn l'absence de r\u00e9ponse dans un d\u00e9lai de deux mois \u00e0 compter de la r\u00e9ception de votre recours, celui-ci doit \u00eatre consid\u00e9r\u00e9 comme implicitement rejet\u00e9.\n- un recours contentieux : aupr\u00e8s du Tribunal Administratif de Lyon dans un d\u00e9lai de deux mois \u00e0 compter de la notification du pr\u00e9sent arr\u00eat\u00e9 ou \u00e0 partir de la d\u00e9cision\nImplicite ou explicite de rejet du recours gracieux ou hi\u00e9rarchique. Le tribunal administratif peut \u00eatre saisi d'une requ\u00eate d\u00e9pos\u00e9e sur le site www.telerecours.fr            2/2\n69_Pr\u00e9f_Pr\u00e9fecture du Rh\u00f4ne - 69-2025-12-09-00009 - AP du 9 d\u00e9cembre 2025 portant autorisation exploitation syst\u00e8me\nvid\u00e9oprotection - SNC MAURIAUD DIS (PROXI PROPIERES) - Propi\u00e8res 25\n69_Pr\u00e9f_Pr\u00e9fecture du Rh\u00f4ne\n69-2025-11-25-00016\nArr\u00eat\u00e9 inter-pr\u00e9fectoral\n du 11 d\u00e9cembre 2025\n du 25 novembre 2025\nmettant fin aux comp\u00e9tences du\nSyndicat mixte des eaux de la Petite Grosne\n69_Pr\u00e9f_Pr\u00e9fecture du Rh\u00f4ne - 69-2025-11-25-00016 - Arr\u00eat\u00e9 inter-pr\u00e9fectoral\n du 11 d\u00e9cembre 2025\n du 25 novembre 2025\nmettant fin aux comp\u00e9tences du\nSyndicat mixte des eaux de la Petite Grosne\n26\n| |PREFETDE SAONE-ET-LOIRELibert\u00e9Egalit\u00e9Fraternit\u00e9\nEXPREFETEDU RHONELibert\u00e9Egalit\u00e9Fraternit\u00e9\nPr\u00e9fecture de Sa\u00f4ne-et-Loire\nDirection de la Citoyennet\u00e9\net de la L\u00e9galit\u00e9\nBureau du Conseil \net du Contr\u00f4le\nPr\u00e9fecture du Rh\u00f4ne\nDirection des Affaires Juridiques\net de l'Administration Locale\nBureau du Contr\u00f4le de L\u00e9galit\u00e9\net de l'Intercommunalit\u00e9\nArr\u00eat\u00e9 inter-pr\u00e9fectoral\nn\u00b071-2025                                           du 11 d\u00e9cembre 2025                 \n                                   n\u00b069-2025                                          du 25 novembre 2025                \nmettant fin aux comp\u00e9tences du \nSyndicat mixte des eaux de la Petite Grosne\nLe Pr\u00e9fet de Sa\u00f4ne-et-Loire\nChevalier de la L\u00e9gion d'honneur\nChevalier de l'ordre national du M\u00e9rite\nLa Pr\u00e9f\u00e8te du Rh\u00f4ne\nCommandeur de la L\u00e9gion d'honneur\nCommandeur de l'ordre national du M\u00e9rite\nVU le code g\u00e9n\u00e9ral des collectivit\u00e9s territoriales et notamment ses articles L. 5211-25-1, L.5211-26 et  \nL.5212-33 ;\nVU l'arr\u00eat\u00e9 pr\u00e9fectoral du 26 mai 1933 modifi\u00e9 portant cr\u00e9ation du syndicat intercommunal des eaux  \nde la Petite Grosne ;\nVU les d\u00e9lib\u00e9rations du comit\u00e9 syndical du syndicat mixte des eaux de la Petite Grosne (24/04/2025 et  \n24/09/2025) approuvant le principe la dissolution du syndicat ainsi que les modalit\u00e9s de r\u00e9partition des \npersonnels, des biens, de l'actif et du passif syndicat mixte des eaux de la Petite Grosne ;\nVU les d\u00e9lib\u00e9rations des conseils municipaux des communes de Pierreclos (26/05/2025 et 08/09/2025),  \nde Serri\u00e8res (20/05/2025 et 07/10/2025), de Cenves (11/06/2025 et 25/09/2025) ainsi que du conseil  \ncommunautaire de la communaut\u00e9 d'agglom\u00e9ration M\u00e2connais Beaujolais Agglom\u00e9ration (19/06/2025  \net 02/10/2025) ;\nCONSID\u00c9RANT la concordance des d\u00e9lib\u00e9rations susvis\u00e9es concernant la r\u00e9partition des personnels,  \ndes biens, de l'actif et du passif du syndicat mixte des eaux de la Petite Grosne ;\nCONSID\u00c9RANT que le compte administratif de l'exercice 2025 du syndicat mixte des eaux de la Petite  \nGrosne n'a pas encore \u00e9t\u00e9 adopt\u00e9 ;\nCONSID\u00c9RANT que les conditions de dissolution du syndicat mixte des eaux de la Petite Grosne ne  \nsont donc pas r\u00e9unies ;\nSur proposition de Madame la Sous-Pr\u00e9f\u00e8te, Secr\u00e9taire g\u00e9n\u00e9rale de la Pr\u00e9fecture de Sa\u00f4ne-et-Loire et  \nde Monsieur le pr\u00e9fet, Secr\u00e9taire g\u00e9n\u00e9ral, Pr\u00e9fet d\u00e9l\u00e9gu\u00e9 pour l'\u00e9galit\u00e9 des chances\nPr\u00e9fecture de Sa\u00f4ne et-Loire\n196 Rue de Strasbourg\n71021 M\u00c2CON CEDEX 09\nT\u00e9l : 03 85 21 81 00\nwww.saone-et-loire.gouv.fr 1/2\n69_Pr\u00e9f_Pr\u00e9fecture du Rh\u00f4ne - 69-2025-11-25-00016 - Arr\u00eat\u00e9 inter-pr\u00e9fectoral\n du 11 d\u00e9cembre 2025\n du 25 novembre 2025\nmettant fin aux comp\u00e9tences du\nSyndicat mixte des eaux de la Petite Grosne\n27\nARR\u00caTENT\nARTICLE 1  er   : \nIl est mis fin \u00e0 l'exercice des comp\u00e9tences du  syndicat mixte des eaux de la Petite Grosne  au  31  \nd\u00e9cembre 2025.\nARTICLE 2     : \nLes modalit\u00e9s de la r\u00e9partition des biens, de l'actif et du passif, adopt\u00e9es \u00e0 l'unanimit\u00e9 des membres du \nsyndicat mixte des eaux de la Petite Grosne, figurent en annexe du pr\u00e9sent arr\u00eat\u00e9.\nARTICLE 3 : \nLe syndicat mixte des eaux de la Petite Grosne  conserve sa personnalit\u00e9 morale pour les seuls besoins  \nde sa dissolution.\nARTICLE 4 : \nLe compte administratif du syndicat mixte des eaux de la Petite Grosne  devra \u00eatre adopt\u00e9 avant le 30  \njuin 2026.\nARTICLE 5 : \nLe pr\u00e9sent arr\u00eat\u00e9 peut faire l'objet d'un recours contentieux devant le tribunal administratif de Dijon,  \ndans le d\u00e9lai de deux mois \u00e0 compter de sa publication.\nARTICLE 6 : \nSont charg\u00e9s, chacun en ce qui le concerne, de l'ex\u00e9cution du pr\u00e9sent arr\u00eat\u00e9 : \n\u2022 La Sous-Pr\u00e9f\u00e8te, secr\u00e9taire g\u00e9n\u00e9rale de la pr\u00e9fecture de Sa\u00f4ne-et-Loire\n\u2022 Le  Pr\u00e9fet,  secr\u00e9taire  g\u00e9n\u00e9ral  de  la  pr\u00e9fecture  du  Rh\u00f4ne,  Pr\u00e9fet  d\u00e9l\u00e9gu\u00e9  pour  l'\u00e9galit\u00e9  des \nchances\n\u2022 Le directeur r\u00e9gional et d\u00e9partemental des finances publiques du Rh\u00f4ne\n\u2022 Le directeur d\u00e9partemental des finances publiques de Sa\u00f4ne-et-Loire\n\u2022 Le pr\u00e9sident du syndicat mixte des eaux de la Petite Grosne,\n\u2022 Le pr\u00e9sident de la communaut\u00e9 d'agglom\u00e9ration M\u00e2connais Beaujolais Agglom\u00e9ration\n\u2022 Les maires des communes membres\nLe pr\u00e9sent arr\u00eat\u00e9 sera publi\u00e9 au recueil des actes administratifs des pr\u00e9fectures de Sa\u00f4ne-et-Loire et du \nRh\u00f4ne. \nUn  exemplaire  sera  adress\u00e9  aux  pr\u00e9sidents  des  conseils  d\u00e9partementaux  de  Sa\u00f4ne-et-Loire  et  du \nRh\u00f4ne, aux directeurs d\u00e9partementaux des territoires de Sa\u00f4ne-et-Loire et du Rh\u00f4ne et aux pr\u00e9sidents \ndes centres d\u00e9partementaux de gestion de la fonction publique territoriale de Sa\u00f4ne-et-Loire et du  \nRh\u00f4ne.\nFait \u00e0 M\u00e2con, le 11 d\u00e9cembre 2025 Fait \u00e0 Lyon, le 25 novembre 2025\nPour Le Pr\u00e9fet de Sa\u00f4ne-et-Loire\nla secr\u00e9taire G\u00e9n\u00e9rale de la\npr\u00e9fecture de Sa\u00f4ne-et-Loire\nAgn\u00e8s CHAVANON\nPour la Pr\u00e9f\u00e8te de la R\u00e9gion Auvergne-Rh\u00f4ne-Alpes, \nPr\u00e9f\u00e8te du Rh\u00f4ne,\nLe Pr\u00e9fet, Secr\u00e9taire G\u00e9n\u00e9ral,\nPr\u00e9fet D\u00e9l\u00e9gu\u00e9 pour l'\u00c9galit\u00e9 des Chances\nFabrice ROSAY\nD\u00e9lais et voies de recours     :  \nDans les deux mois, \u00e0 compter de la date de notification ou de publication de la pr\u00e9sente d\u00e9cision, les recours suivants peuvent  \n\u00eatre introduits : \n\uf0b7 un recours gracieux, adress\u00e9 \u00e0 Madame la Pr\u00e9f\u00e8te du Rh\u00f4ne ou \u00e0 Monsieur le Pr\u00e9fet de Sa\u00f4ne-et-Loire\n\uf0b7 un recours hi\u00e9rarchique, adress\u00e9  : Au Ministre de l'Int\u00e9rieur \u2013  Place Beauvau \u2013 75800 Paris cedex 08.\n\uf0b7 un recours contentieux, adress\u00e9 : \nAu tribunal administratif de Dijon \u2013 22 rue d'Assas \u2013 BP 61616 \u2013 21016 DIJON\nAu tribunal administratif de Lyon \u2013 184 rue Duguesclin \u2013 69433 LYON CEDEX 03\nou via l'application t\u00e9l\u00e9recours accessible sur le site internet www.telerecours.fr.\nCe recours juridictionnel doit \u00eatre d\u00e9pos\u00e9 au plus tard avant l'expiration du 2 e mois suivant la date de notification de la d\u00e9cision \ncontest\u00e9e (ou bien du 2e mois suivant la date du rejet du recours gracieux ou hi\u00e9rarchique).\n2/2\n69_Pr\u00e9f_Pr\u00e9fecture du Rh\u00f4ne - 69-2025-11-25-00016 - Arr\u00eat\u00e9 inter-pr\u00e9fectoral\n du 11 d\u00e9cembre 2025\n du 25 novembre 2025\nmettant fin aux comp\u00e9tences du\nSyndicat mixte des eaux de la Petite Grosne\n28\n69_Pr\u00e9f_Pr\u00e9fecture du Rh\u00f4ne\n69-2025-12-04-00021\nArr\u00eat\u00e9 inter-pr\u00e9fectoral\n11 d\u00e9cembre 2025\ndu 4 d\u00e9cembre 2025\nmettant fin aux comp\u00e9tences du\nSyndicat mixte des eaux du M\u00e2connais Beaujolais\n69_Pr\u00e9f_Pr\u00e9fecture du Rh\u00f4ne - 69-2025-12-04-00021 - Arr\u00eat\u00e9 inter-pr\u00e9fectoral\n11 d\u00e9cembre 2025\ndu 4 d\u00e9cembre 2025\nmettant fin aux comp\u00e9tences du\nSyndicat mixte des eaux du M\u00e2connais Beaujolais\n29\n| |PREFETDE SAONE-ET-LOIRELibert\u00e9Egalit\u00e9Fraternit\u00e9\nEXPREFETEDU RHONELibert\u00e9Egalit\u00e9Fraternit\u00e9\nPr\u00e9fecture de Sa\u00f4ne-et-Loire\nDirection de la Citoyennet\u00e9\net de la L\u00e9galit\u00e9\nBureau du Conseil \net du Contr\u00f4le\nPr\u00e9fecture du Rh\u00f4ne\nDirection des Affaires Juridiques\net de l'Administration Locale\nBureau du Contr\u00f4le de L\u00e9galit\u00e9\net de l'Intercommunalit\u00e9\nArr\u00eat\u00e9 inter-pr\u00e9fectoral\nn\u00b071-2025                                           du 11 d\u00e9cembre 2025                \nn\u00b069-2025                                           du 4 d\u00e9cembre 2025                 \nmettant fin aux comp\u00e9tences du \nSyndicat mixte des eaux du M\u00e2connais Beaujolais\nLe Pr\u00e9fet de Sa\u00f4ne-et-Loire\nChevalier de la L\u00e9gion d'honneur\nChevalier de l'ordre national du M\u00e9rite\nLa Pr\u00e9f\u00e8te du Rh\u00f4ne\nCommandeur de la L\u00e9gion d'honneur\nCommandeur de l'ordre national du M\u00e9rite\nVu le code g\u00e9n\u00e9ral des collectivit\u00e9s territoriales et notamment ses articles L. 5211-25-1, L.5211-26 et  \nL.5212-33 ;\nVu l'arr\u00eat\u00e9 pr\u00e9fectoral n\u00b0 7 du 14 janvier 1956 modifi\u00e9 portant cr\u00e9ation du syndicat intercommunal des  \neaux du M\u00e2connais-Beaujolais ;\nVu les d\u00e9lib\u00e9ratio ns  du comit\u00e9 syndical du syndicat mixte des eaux du M\u00e2connais-Beaujolais (10 juin  \n2025 et 16 septembre 2025) approuvant le principe de la dissolution du syndicat ainsi que les modalit\u00e9s \nde  r\u00e9partition  des  personnels,  des  biens,  de  l'actif  et  du  passif  du  syndicat  mixte  des  eaux  du \nM\u00e2connais-Beaujolais ;\nVu les d\u00e9lib\u00e9rations des conseils municipaux des communes de Juli\u00e9nas (16/07/2025 et 29/10/2025) et  \nde  Lanci\u00e9  (07/07/2025  et  06/10/2025)  ainsi  que  du  conseil  communautaire  de  la  communaut\u00e9  \nd'agglom\u00e9ration M\u00e2connais Beaujolais Agglom\u00e9ration (19/06/2025 et 02/10/2025) ;\nCONSID\u00c9RANT la concordance des d\u00e9lib\u00e9rations susvis\u00e9es concernant la r\u00e9partition des personnels,  \ndes biens, de l'actif et du passif du syndicat mixte des eaux du M\u00e2connais-Beaujolais ;\nCONSID\u00c9RANT que  le  compte  administratif  de  l'exercice  2025  du  syndicat  mixte  des  eaux  du \nM\u00e2connais-Beaujolais n'a pas encore \u00e9t\u00e9 adopt\u00e9 ;\nCONSID\u00c9RANT que les conditions de dissolution du syndicat mixte des eaux du M\u00e2connais-Beaujolais  \nne sont donc pas r\u00e9unies ;\nSur proposition de Madame la Sous-Pr\u00e9f\u00e8te, Secr\u00e9taire g\u00e9n\u00e9rale de la Pr\u00e9fecture de Sa\u00f4ne-et-Loire et  \nde Monsieur le pr\u00e9fet, Secr\u00e9taire g\u00e9n\u00e9ral, Pr\u00e9fet d\u00e9l\u00e9gu\u00e9 pour l'\u00e9galit\u00e9 des chances\nPr\u00e9fecture de Sa\u00f4ne et-Loire\n196 Rue de Strasbourg\n71021 M\u00c2CON CEDEX 09\nT\u00e9l : 03 85 21 81 00\nwww.saone-et-loire.gouv.fr 1/2\n69_Pr\u00e9f_Pr\u00e9fecture du Rh\u00f4ne - 69-2025-12-04-00021 - Arr\u00eat\u00e9 inter-pr\u00e9fectoral\n11 d\u00e9cembre 2025\ndu 4 d\u00e9cembre 2025\nmettant fin aux comp\u00e9tences du\nSyndicat mixte des eaux du M\u00e2connais Beaujolais\n30\nARR\u00caTENT\nARTICLE 1  er   : \nIl est mis fin \u00e0 l'exercice des comp\u00e9tences du syndicat mixte des eaux du M\u00e2connais-Beaujolais  au 31 \nd\u00e9cembre 2025.\nARTICLE 2     : \nLes modalit\u00e9s de la r\u00e9partition des biens, de l'actif et du passif, adopt\u00e9es \u00e0 l'unanimit\u00e9 des membres du \nsyndicat mixte des eaux du M\u00e2connais-Beaujolais, figurent en annexe du pr\u00e9sent arr\u00eat\u00e9.\nARTICLE 3 : \nLe  syndicat mixte des eaux du M\u00e2connais-Beaujolais  conserve sa personnalit\u00e9 morale pour les seuls  \nbesoins de sa dissolution.\nARTICLE 4 : \nLe compte administratif du syndicat mixte des eaux du M\u00e2connais-Beaujolais  devra \u00eatre adopt\u00e9 avant  \nle 30 juin 2026.\nARTICLE 5 : \nSont charg\u00e9s, chacun en ce qui le concerne, de l'ex\u00e9cution du pr\u00e9sent arr\u00eat\u00e9 : \n\u2022 La Sous-Pr\u00e9f\u00e8te, Secr\u00e9taire g\u00e9n\u00e9rale de la pr\u00e9fecture de Sa\u00f4ne-et-Loire\n\u2022 Le  Pr\u00e9fet,  Secr\u00e9taire  g\u00e9n\u00e9ral  de  la  pr\u00e9fecture  du  Rh\u00f4ne,  Pr\u00e9fet  d\u00e9l\u00e9gu\u00e9  pour  l'\u00e9galit\u00e9  des \nchances\n\u2022 Le directeur r\u00e9gional et d\u00e9partemental des finances publiques du Rh\u00f4ne\n\u2022 Le directeur d\u00e9partemental des finances publiques de Sa\u00f4ne-et-Loire\n\u2022 Le pr\u00e9sident du syndicat mixte des eaux M\u00e2connais-Beaujolais,\n\u2022 Le pr\u00e9sident de la communaut\u00e9 d'agglom\u00e9ration M\u00e2connais Beaujolais Agglom\u00e9ration\n\u2022 Les maires des communes membres\nLe pr\u00e9sent arr\u00eat\u00e9 sera publi\u00e9 au recueil des actes administratifs des pr\u00e9fectures de Sa\u00f4ne-et-Loire et du \nRh\u00f4ne. \nUn  exemplaire  sera  adress\u00e9  aux  pr\u00e9sidents  des  conseils  d\u00e9partementaux  de  Sa\u00f4ne-et-Loire  et  du \nRh\u00f4ne, aux directeurs d\u00e9partementaux des territoires de Sa\u00f4ne-et-Loire et du Rh\u00f4ne et aux pr\u00e9sidents  \ndes centres d\u00e9partementaux de gestion de la fonction publique territoriale de Sa\u00f4ne-et-Loire et du  \nRh\u00f4ne.\nFait \u00e0 M\u00e2con, le 11 d\u00e9cembre 2025 Fait \u00e0 Lyon, le 4 d\u00e9cembre 2025\nPour le Pr\u00e9fet de Sa\u00f4ne-et-Loire\nLa secr\u00e9taire G\u00e9n\u00e9rale de la\npr\u00e9fecture de Sa\u00f4ne-et-Loire,\nAgn\u00e8s CHAVANON\nPour la Pr\u00e9f\u00e8te de la R\u00e9gion Auvergne-Rh\u00f4ne-Alpes, \nPr\u00e9f\u00e8te du Rh\u00f4ne-Sud\nLe Pr\u00e9fet, Secr\u00e9taire G\u00e9n\u00e9ral,\nPr\u00e9fet D\u00e9l\u00e9gu\u00e9 pour l'\u00c9galit\u00e9 des Chances\nFabrice ROSAY\nD\u00e9lais et voies de recours     :  \nDans les deux mois, \u00e0 compter de la date de notification ou de publication de la pr\u00e9sente d\u00e9cision, les recours suivants peuvent  \n\u00eatre introduits : \n\uf0b7 un recours gracieux, adress\u00e9 \u00e0 Madame la Pr\u00e9f\u00e8te du Rh\u00f4ne ou \u00e0 Monsieur le Pr\u00e9fet de Sa\u00f4ne-et-Loire\n\uf0b7 un recours hi\u00e9rarchique, adress\u00e9  : Au Ministre de l'Int\u00e9rieur \u2013 Cabinet \u2013 Bureau des \u00e9lections \u2013 Place Beauvau \u2013 75800 Paris  \ncedex 08.\n\uf0b7 un recours contentieux, adress\u00e9 : \nAu tribunal administratif de Dijon \u2013 22 rue d'Assas \u2013 BP 61616 \u2013 21016 DIJON\nAu tribunal administratif de Lyon \u2013 184 rue Duguesclin \u2013 69433 LYON CEDEX 03\nou via l'application t\u00e9l\u00e9recours accessible sur le site internet www.telerecours.fr.\nCe recours juridictionnel doit \u00eatre d\u00e9pos\u00e9 au plus tard avant l'expiration du 2 e mois suivant la date de notification de la d\u00e9cision \ncontest\u00e9e (ou bien du 2e mois suivant la date du rejet du recours gracieux ou hi\u00e9rarchique).\n2/2\n69_Pr\u00e9f_Pr\u00e9fecture du Rh\u00f4ne - 69-2025-12-04-00021 - Arr\u00eat\u00e9 inter-pr\u00e9fectoral\n11 d\u00e9cembre 2025\ndu 4 d\u00e9cembre 2025\nmettant fin aux comp\u00e9tences du\nSyndicat mixte des eaux du M\u00e2connais Beaujolais\n31\n84_DREAL_Direction r\u00e9gionale de\nl'environnement, de l'am\u00e9nagement et du\nlogement d'Auvergne-Rh\u00f4ne-Alpes\n69-2025-12-09-00008\nArr\u00eat\u00e9 interpr\u00e9fectoral\nn\u00b0DREAL-AURA-EHN-2025-12 portant d\u00e9rogation\naux dispositions de l'article L.411-1 du code de\nl'environnement pour\u00a0capture suivie d'un\nrel\u00e2cher imm\u00e9diat sur place d'esp\u00e8ces animales\nprot\u00e9g\u00e9es (amphibiens)\n84_DREAL_Direction r\u00e9gionale de l'environnement, de l'am\u00e9nagement et du logement d'Auvergne-Rh\u00f4ne-Alpes -\n69-2025-12-09-00008 - Arr\u00eat\u00e9 interpr\u00e9fectoral n\u00b0DREAL-AURA-EHN-2025-12 portant d\u00e9rogation aux dispositions de l'article L.411-1 du\ncode de l'environnement pour\u00a0capture suivie d'un rel\u00e2cher imm\u00e9diat sur place d'esp\u00e8ces animales prot\u00e9g\u00e9es (amphibiens)\n32\n| |PREFETEDE LA REGIONAUVERGNE-RHONE-ALPESLibert\u00e9Egalit\u00e9Fraternit\u00e9\nLyon, le 9 d\u00e9cembre 2025\nArr\u00eat\u00e9 interpr\u00e9fectoral n\u00b0DREAL-AURA-EHN-2025-12\nportant d\u00e9rogation aux dispositions de l'article L.411-1 du code de l'environnement pour\u00a0: \ncapture suivie d'un rel\u00e2cher imm\u00e9diat sur place d'esp\u00e8ces animales prot\u00e9g\u00e9es \n(amphibiens)\nB\u00e9n\u00e9ficiaire\u00a0: Bureau d'\u00e9tudes Latitude Biodiversit\u00e9\nLA PR\u00c9F\u00c8TE DE LA R\u00c9GION AUVERGNE-RH\u00d4NE-ALPES\nET DU D\u00c9PARTEMENT DU RH\u00d4NE\nCommandeur de la L\u00e9gion d'honneur\nCommandeur de l'ordre national du M\u00e9rite\nLA PR\u00c9F\u00c8TE DE LA SAVOIE,\nChevalier de la L\u00e9gion d'honneur\nOfficier de l'ordre national du M\u00e9rite\nVU le code de l'environnement, et notamment ses articles L.163-5, L.411-1, L.411-1A, L.411-2 et R.411-1 \u00e0\nR.411-14\u00a0;\nVU le code des relations entre le public et l'administration, et notamment ses articles L.221-2, L.221-3\u00a0;\nVU l'arr\u00eat\u00e9 interminist\u00e9riel du 9 juillet 1999 modifi\u00e9 fixant la liste des esp\u00e8ces de vert\u00e9br\u00e9s prot\u00e9g\u00e9es\nmenac\u00e9es d'extinction en France et dont l'aire de r\u00e9partition exc\u00e8de le territoire d'un d\u00e9partement\u00a0;\nVU l'arr\u00eat\u00e9  interminist\u00e9riel  du  19  f\u00e9vrier  2007  modifi\u00e9  fixant  les  conditions  de  demande  et\nd'instruction des d\u00e9rogations d\u00e9finies au 4\u00b0 de l'article L. 411-2 du code de l'environnement portant\nsur les esp\u00e8ces de faune et de flore sauvages prot\u00e9g\u00e9es\u00a0;\nVU l'arr\u00eat\u00e9 interminist\u00e9riel du 18 d\u00e9cembre 2014 fixant les conditions et limites dans lesquelles des\nd\u00e9rogations \u00e0 l'interdiction de capture de sp\u00e9cimens d'esp\u00e8ces animales prot\u00e9g\u00e9es peuvent  \u00eatre\naccord\u00e9es par les pr\u00e9fets pour certaines op\u00e9rations pour lesquelles la capture est suivie d'un rel\u00e2cher\nimm\u00e9diat sur place ; \nVU l'arr\u00eat\u00e9 interminist\u00e9riel du 8 janvier 2021 fixant la liste des amphibiens et des reptiles repr\u00e9sent\u00e9s\nsur le territoire m\u00e9tropolitain prot\u00e9g\u00e9s sur l'ensemble du territoire national et les modalit\u00e9s de leur\nprotection\u00a0;\nVU l'arr\u00eat\u00e9 pr\u00e9fectoral n\u00b069-2025-05-09-00003 du 09 mai 2025 portant d\u00e9l\u00e9gation de signature \u00e0\nM.\u00a0Renaud DURAND, directeur r\u00e9gional par int\u00e9rim  de l'environnement, de l'am\u00e9nagement et du\nlogement de la r\u00e9gion Auvergne-Rh\u00f4ne-Alpes dans le ressort du d\u00e9partement du Rh\u00f4ne\u00a0;\nVU l'arr\u00eat\u00e9 pr\u00e9fectoral n\u00b0DREAL-SG-2025-126 du 04 novembre 2025 portant subd\u00e9l\u00e9gation de signature\naux agents de la DREAL Auvergne-Rh\u00f4ne-Alpes pour les comp\u00e9tences g\u00e9n\u00e9rales et techniques pour le\nd\u00e9partement du Rh\u00f4ne\u00a0;\nAdresse postale : 69453 LYON CEDEX 06\nStandard : 04 26 28 60 00 - www.auvergne-rhone-alpes.developpement-durable.gouv.fr page 1/5\nDirection r\u00e9gionale de l'environnement,\nde l'am\u00e9nagement et du logement\nAuvergne-Rh\u00f4ne-Alpes\n84_DREAL_Direction r\u00e9gionale de l'environnement, de l'am\u00e9nagement et du logement d'Auvergne-Rh\u00f4ne-Alpes -\n69-2025-12-09-00008 - Arr\u00eat\u00e9 interpr\u00e9fectoral n\u00b0DREAL-AURA-EHN-2025-12 portant d\u00e9rogation aux dispositions de l'article L.411-1 du\ncode de l'environnement pour\u00a0capture suivie d'un rel\u00e2cher imm\u00e9diat sur place d'esp\u00e8ces animales prot\u00e9g\u00e9es (amphibiens)\n33\nVU l'arr\u00eat\u00e9  pr\u00e9fectoral  DCL-PEJ  n\u00b046-2025  du  11  juillet  2025  portant  d\u00e9l\u00e9gation  de  signature  \u00e0\nM.Renaud  DURAND,  directeur r\u00e9gional  par  int\u00e9rim de l'environnement, de l'am\u00e9nagement  et du\nlogement Auvergne-Rh\u00f4ne-Alpes, dans le ressort du d\u00e9partement de la Savoie\u00a0;\nVU l'arr\u00eat\u00e9 pr\u00e9fectoral n\u00b0DREAL-SG-2025-128 du 07 novembre 2025 portant subd\u00e9l\u00e9gation de signature\naux agents de la direction r\u00e9gionale de l'environnement, de l'am\u00e9nagement et du logement  (DREAL)\nAuvergne-Rh\u00f4ne-Alpes  pour  les  comp\u00e9tences  g\u00e9n\u00e9rales  et  techniques  pour  le  d\u00e9partement  de  la\nSavoie\u00a0; \nVU les lignes directrices de la DREAL Auvergne-Rh\u00f4ne-Alpes du 30 octobre 2017 pr\u00e9cisant la nature\ndes d\u00e9cisions individuelles, notamment dans le cadre des d\u00e9rogations \u00e0 la protection des esp\u00e8ces,\nsoumises  ou  non  \u00e0  participation  du  public,  au  vu  de  leur  incidence  sur  la  protection  de\nl'environnement, dans l'ensemble des d\u00e9partements de la r\u00e9gion Auvergne-Rh\u00f4ne-Alpes\u00a0;\nVU  la demande  de d\u00e9rogation pou r la capture suivi e d'un rel\u00e2cher imm\u00e9diat sur place d'esp\u00e8ces\nanimales prot\u00e9g\u00e9es d\u00e9pos\u00e9e le 28 mars 2025 et compl\u00e9t\u00e9e le 31 mars 2025 par le  bureau d'\u00e9tudes\nLatitude Biodiversit\u00e9\u00a0;\nVU  le  projet  d'arr\u00eat\u00e9  transmis  le  20  octobre  2025  au  p\u00e9titionnaire,  et  sa  r\u00e9ponse  du\n03\u00a0d\u00e9cembre\u00a02025\u00a0;\nCONSID\u00c9RANT que la pr\u00e9sente demande est d\u00e9pos\u00e9e\u00a0:\n\u2022 dans l'int\u00e9r\u00eat de la protection de la faune et de la flore sauvages et de la conservation des\nhabitats naturels\u00a0;\n\u2022 pour permettre, dans des conditions strictement contr\u00f4l\u00e9es, d'une mani\u00e8re s\u00e9lective et dans\nune  mesure  limit\u00e9e,  la  prise  ou  la  d\u00e9tention  d'un  nombre  limit\u00e9  et  sp\u00e9cifi\u00e9  de  certains\nsp\u00e9cimens\u00a0;\nCONSID\u00c9RANT qu'il n'existe pas d'autre solution satisfaisante\u00a0;\nCONSID\u00c9RANT que la d\u00e9rogation ne nuit pas au maintien, dans un \u00e9tat de conservation favorable,\ndes populations d'esp\u00e8ces prot\u00e9g\u00e9es concern\u00e9es dans leur aire de r\u00e9partition naturelle compte tenu\ndes prescriptions mises en \u0153uvre, telles que d\u00e9taill\u00e9es \u00e0 l'article 2 ci-apr\u00e8s\u00a0;\nCONSID\u00c9RANT que les personnes habilit\u00e9es disposent de la comp\u00e9tence pour la mise en \u0153uvre des\nop\u00e9rations consid\u00e9r\u00e9es\u00a0;\nSUR proposition du directeur  r\u00e9gional  par  int\u00e9rim  de l'Environnement, de l'Am\u00e9nagement  et du\nLogement de la r\u00e9gion Auvergne-Rh\u00f4ne-Alpes\u00a0;\nARR\u00caTE\nARTICLE 1\u00a0: B\u00e9n\u00e9ficiaire de l'autorisation et objet\u00a0 \nDans  le  cadre  de ses  actions  d'inventaires  et  de  suivis  d'esp\u00e8ces  animales  prot\u00e9g\u00e9es,  le  bureau\nd'\u00e9tudes Latitude Biodiversit\u00e9, dont le si\u00e8ge social est situ\u00e9 86 route du Fiatet \u00e0 SAIN-BEL (69210), est\nautoris\u00e9 \u00e0 pratiquer, dans le cadre d\u00e9fini aux articles 2 et suivants du pr\u00e9sent arr\u00eat\u00e9\u00a0:\n\u2022 la capture suivie d'un rel\u00e2cher imm\u00e9diat sur place d'esp\u00e8ces animales prot\u00e9g\u00e9es\u00a0:\n> AMPHIBIENS\nEnsemble des esp\u00e8ces potentiellement pr\u00e9sentes dans le p\u00e9rim\u00e8tre d'\u00e9tude,\n\u00e0 l'exception des esp\u00e8ces list\u00e9es \u00e0 l'arr\u00eat\u00e9 minist\u00e9riel du 9 juillet 1999 (esp\u00e8ces menac\u00e9es \nd'extinction)\nAdresse postale : 69453 LYON CEDEX 06\nStandard : 04 26 28 60 00 - www.auvergne-rhone-alpes.developpement-durable.gouv.fr page 2/5\n84_DREAL_Direction r\u00e9gionale de l'environnement, de l'am\u00e9nagement et du logement d'Auvergne-Rh\u00f4ne-Alpes -\n69-2025-12-09-00008 - Arr\u00eat\u00e9 interpr\u00e9fectoral n\u00b0DREAL-AURA-EHN-2025-12 portant d\u00e9rogation aux dispositions de l'article L.411-1 du\ncode de l'environnement pour\u00a0capture suivie d'un rel\u00e2cher imm\u00e9diat sur place d'esp\u00e8ces animales prot\u00e9g\u00e9es (amphibiens)\n34\nARTICLE 2\u00a0: Prescriptions techniques\n> Lieu d'intervention\u00a0: d\u00e9partements du Rh\u00f4ne et de la Savoie.\n> Protocole\u00a0:\nLe b\u00e9n\u00e9ficiaire proc\u00e8de \u00e0 des inventaires de population d'esp\u00e8ces animales sauvages dans le cadre\nde\u00a0:\n\u2022 l'\u00e9valuation  pr\u00e9alable  et  du  suivi  des  impacts  sur  la  biodiversit\u00e9  de  projets  de  travaux,\nd'ouvrages et d'am\u00e9nagements. Les protocoles d'inventaires sont \u00e9tablis par des personnes\nmorales  ou  physiques  d\u00fbment  mandat\u00e9es  par  les  responsables  des  projets  de  travaux,\nd'ouvrages et d'am\u00e9nagements, pour la r\u00e9alisation de tels inventaires,\n\u2022 l'\u00e9laboration ou du suivi de plans, de sch\u00e9mas, de programmes ou d'autres documents de\nplanification  n\u00e9cessitant  l'acquisition  de  connaissances  ou  visant  \u00e0  la  pr\u00e9servation  du\npatrimoine naturel pr\u00e9vus par des dispositions du code de l'environnement. Les protocoles\nd'inventaires sont \u00e9tablis par des personnes morales ou physiques d\u00fbment mandat\u00e9es par\nl'autorit\u00e9  d\u00e9sign\u00e9e  par  le  code  de  l'environnement  pour  \u00e9laborer  le  plan,  le  sch\u00e9ma,  le\nprogramme ou le document de planification consid\u00e9r\u00e9.\nLes op\u00e9rations de capture sont strictement limit\u00e9es \u00e0 ce qui est n\u00e9cessaire pour atteindre l'objectif\nrecherch\u00e9.\nLe protocole d'inventaire permet de qualifier correctement le niveau des populations et l'importance\nde celles-ci au regard de l'\u00e9tat de conservation des esp\u00e8ces concern\u00e9es en tenant compte de leur\nbiologie et de leurs cycles biologiques.\n> Mo  dalit\u00e9s  \u00a0  :  \nLes modalit\u00e9s de capture sont les suivantes\u00a0:\n\u2022 les captures et manipulations sont r\u00e9alis\u00e9es uniquement en cas de n\u00e9cessit\u00e9, sur des dur\u00e9es\nles plus courtes possible\u00a0;\n\u2022 les  animaux  captur\u00e9s  sont  manipul\u00e9s  d\u00e9licatement,  prot\u00e9g\u00e9s  contre  les  temp\u00e9ratures\nextr\u00eames et rel\u00e2ch\u00e9s imm\u00e9diatement apr\u00e8s identification sur le lieu de capture\u00a0;\n\u2022 aucune manipulation d'\u0153ufs n'est effectu\u00e9e\u00a0;\n\u2022 les filets et \u00e9puisettes sont v\u00e9rifi\u00e9s, avant chaque utilisation, afin qu'ils ne comportent aucun\n\u00e9l\u00e9ment pouvant blesser les individus\u00a0;\n\u2022 les animaux ne sont pas captur\u00e9s en phase de copulation ou de ponte\u00a0;\n\u2022 les captures sont r\u00e9alis\u00e9es selon des modalit\u00e9s et \u00e0 l'aide de moyens n'occasionnant aucune\nblessure ni mutilation aux animaux captur\u00e9s\u00a0;\n\u2022 aucune op\u00e9ration de marquage n'est r\u00e9alis\u00e9e\u00a0;\n\u2022 capture manuelle \u00e0 l'aide d'une \u00e9puisette pour identification en cas de n\u00e9cessit\u00e9\u00a0;\n\u2022 pose de nasses \u00e0 vairons \u00e9quip\u00e9es de flotteurs, dispos\u00e9es\u00a0:\n- en fin de journ\u00e9e et relev\u00e9es le lendemain matin,\n- \u00e0 distance du bord de la mare\u00a0;\n\u2022 aucune capture l\u00e9tale n'est r\u00e9alis\u00e9e\u00a0;\n\u2022 afin  de  limiter  la diss\u00e9mination de chytridiomycose  et  d'autres  maladies  (ranaviroses),  les\nprescriptions du protocole d'hygi\u00e8ne pour le contr\u00f4le des maladies des amphibiens dans la\nnature \u00e0 destination des op\u00e9rateurs de terrain1\n, sont scrupuleusement respect\u00e9es.\nLa pression d'inventaire maximale annuelle est \u00e9valu\u00e9e \u00e0 10 \u00a0jours de terrain par d\u00e9partement, avec\nl'intervention possible de deux personnes proc\u00e9dant simultan\u00e9ment aux op\u00e9rations.\n1 Miaud C., 2014 - Protocole d'hygi\u00e8ne pour le contr\u00f4le des maladies des amphibiens dans la nature \u00e0 destination des op\u00e9rateurs\nde terrain. Agence de l'eau Rh\u00f4ne-M\u00e9diterran\u00e9e Corse, Universit\u00e9 de Savoie et \u00c9cole pratique des Hautes \u00c9tudes (eds), 7 p.\nAdresse postale : 69453 LYON CEDEX 06\nStandard : 04 26 28 60 00 - www.auvergne-rhone-alpes.developpement-durable.gouv.fr page 3/5\n84_DREAL_Direction r\u00e9gionale de l'environnement, de l'am\u00e9nagement et du logement d'Auvergne-Rh\u00f4ne-Alpes -\n69-2025-12-09-00008 - Arr\u00eat\u00e9 interpr\u00e9fectoral n\u00b0DREAL-AURA-EHN-2025-12 portant d\u00e9rogation aux dispositions de l'article L.411-1 du\ncode de l'environnement pour\u00a0capture suivie d'un rel\u00e2cher imm\u00e9diat sur place d'esp\u00e8ces animales prot\u00e9g\u00e9es (amphibiens)\n35\nARTICLE 3\u00a0: Personnes habilit\u00e9es\u00a0\nLes  personnes  habilit\u00e9es  pour  r\u00e9aliser  les  op\u00e9rations  sont, au  sein  du  bureau  d'\u00e9tudes  Latitude\nBiodiversit\u00e9\u00a0: \n\u2022 Am\u00e9lie  NAREYS,  charg\u00e9e  de  mission  faune,  titulaire  d'un  master  Biodiversit\u00e9,  \u00e9cologie,\n\u00e9volution\u00a0;\n\u2022 Emma MOLINA, charg\u00e9e de mission botaniste, titulaire d'un master Bio\u00e9valuation et expertise\nde la biodiversit\u00e9.\nLes personnes habilit\u00e9es sont porteuses de la pr\u00e9sente autorisation lors des op\u00e9rations vis\u00e9es, et sont\ntenues de la pr\u00e9senter \u00e0 toute demande des agents commissionn\u00e9s au titre de l'environnement.\nPour  tenir  compte  des  mouvements  de  personnel,  le bureau  d'\u00e9tudes  Latitude  Biodiversit\u00e9 doit\ncommuniquer  annuellement  \u00e0  la  DREAL Auvergne-Rh\u00f4ne-Alpes  (service  Eau,  Hydro\u00e9lectricit\u00e9  et\nNature  /  p\u00f4le  Pr\u00e9servation  des  milieux  et  des  esp\u00e8ces  -  pme.ehn.dreal-ara@developpement-\ndurable.gouv.fr), la liste des personnels charg\u00e9s de la mise en \u0153uvre de la pr\u00e9sente autorisation.\nARTICLE 4\u00a0: Dur\u00e9e de validit\u00e9 de l'autorisation\nCette autorisation est valable jusqu'au 31 d\u00e9cembre 2030, sous r\u00e9serve stricte de la transmission des\nrapports annuels sur la mise en \u0153uvre de la d\u00e9rogation au cours de l'ann\u00e9e pr\u00e9c\u00e9dente mentionn\u00e9s \u00e0\nl'article 5 ci-apr\u00e8s. La non transmission desdits rapports dans les d\u00e9lais indiqu\u00e9s rend caduque la\npr\u00e9sente d\u00e9rogation. Toute demande de prolongation de la pr\u00e9sente d\u00e9rogation doit \u00eatre d\u00e9pos\u00e9e\navant le 30 juin 2030.\nARTICLE 5\u00a0: Mise \u00e0 disposition des donn\u00e9es\nLe b\u00e9n\u00e9ficiaire met ses donn\u00e9es d'observation d'esp\u00e8ces \u00e0 disposition de la DREAL Auvergne-Rh\u00f4ne-\nAlpes  dans  les  conditions  d\u00e9finies  par  le  syst\u00e8me  d'information  sur  la  nature  et  les  paysages,\nnotamment en ce qui concerne les r\u00e8gles de d\u00e9p\u00f4t, de format de donn\u00e9es et de fichiers applicables\naux  m\u00e9tadonn\u00e9es  et  donn\u00e9es  \u00e9l\u00e9mentaire  d'\u00e9change  relatives  aux  occurrences  d'observation\nd'esp\u00e8ces.\nLe b\u00e9n\u00e9ficiaire adresse \u00e0 la DREAL Auvergne-Rh\u00f4ne-Alpes (service Eau, Hydro\u00e9lectricit\u00e9 et Nature /\np\u00f4le Pr\u00e9servation des milieux et des esp\u00e8ces  -  pme.ehn.dreal-ara@developpement-durable.gouv.fr),\nchaque ann\u00e9e avant le 31 mars , un rapport sur la mise en \u0153uvre de la d\u00e9rogation au cours de l'ann\u00e9e\npr\u00e9c\u00e9dente. \nCe rapport comprend\u00a0:\n\u2022 le nombre d'op\u00e9rations conduites sous couvert de la d\u00e9rogation ;\n\u2022 les dates et les lieux par commune des op\u00e9rations ;\n\u2022 les esp\u00e8ces ou groupes d'esp\u00e8ces dont la pr\u00e9sence a \u00e9t\u00e9 identifi\u00e9e ;\n\u2022 le  nombre  de  sp\u00e9cimens  captur\u00e9s  de  chaque  esp\u00e8ce,  le  sexe  lorsque  ce  dernier  est\nd\u00e9terminable et les lieux de capture-rel\u00e2cher\u00a0;\n\u2022 le nombre d'animaux morts au cours des op\u00e9rations ;\n\u2022 le nombre d'animaux non vis\u00e9s dans la d\u00e9rogation et n\u00e9anmoins pris dans les mat\u00e9riels de\ncapture au cours des op\u00e9rations\u00a0;\n\u2022 le cas \u00e9ch\u00e9ant,  l'\u00e9volution de la liste  des personnels  charg\u00e9s de la mise en \u0153uvre de la\npr\u00e9sente autorisation (article 3), et la justification de leurs comp\u00e9tences.\nAdresse postale : 69453 LYON CEDEX 06\nStandard : 04 26 28 60 00 - www.auvergne-rhone-alpes.developpement-durable.gouv.fr page 4/5\n84_DREAL_Direction r\u00e9gionale de l'environnement, de l'am\u00e9nagement et du logement d'Auvergne-Rh\u00f4ne-Alpes -\n69-2025-12-09-00008 - Arr\u00eat\u00e9 interpr\u00e9fectoral n\u00b0DREAL-AURA-EHN-2025-12 portant d\u00e9rogation aux dispositions de l'article L.411-1 du\ncode de l'environnement pour\u00a0capture suivie d'un rel\u00e2cher imm\u00e9diat sur place d'esp\u00e8ces animales prot\u00e9g\u00e9es (amphibiens)\n36\nARTICLE 6\u00a0: Contr\u00f4les\nLa mise en \u0153uvre des prescriptions du pr\u00e9sent arr\u00eat\u00e9 peut faire l'objet de contr\u00f4les par les agents\nhabilit\u00e9s.\nARTICLE 7\u00a0: Sanctions\nLe  non-respect  des  prescriptions  du  pr\u00e9sent  arr\u00eat\u00e9  est  passible  des  sanctions  pr\u00e9vues  pour  les\ninfractions  p\u00e9nales  d\u00e9finies  et  r\u00e9prim\u00e9es  par  les  articles  L.415-3  et  R.415-1  du  code  de\nl'environnement.\nARTICLE 8\u00a0: Autres l\u00e9gislations et r\u00e9glementations\nLa pr\u00e9sente d\u00e9cision ne dispense pas de l'obtention d'autres accords ou autorisations par ailleurs\nn\u00e9cessaires pour la r\u00e9alisation de l'op\u00e9ration susmentionn\u00e9e et du respect des autres dispositions\nl\u00e9gislatives et r\u00e9glementaires susceptibles d'\u00eatre applicables sur les espaces prot\u00e9g\u00e9s du territoire\nd'\u00e9tude.\nARTICLE 9\u00a0: Voies et d\u00e9lais de recours \nLa pr\u00e9sente d\u00e9cision peut faire l'objet d'un recours dans les deux mois qui suivent sa  publication ou\nsa notification\u00a0:\n\u2022 par la voie d'un recours administratif. L'absence de r\u00e9ponse dans le d\u00e9lai de deux mois fait\nna\u00eetre une d\u00e9cision implicite de rejet, qui peut elle-m\u00eame faire l'objet d'un recours devant le\ntribunal administratif comp\u00e9tent,\n\u2022 par la voie d'un recours contentieux devant le tribunal administratif comp\u00e9tent,\n\u2022 par l'application T\u00e9l\u00e9recours citoyens accessible via le site internet www.telerecours.fr.\nARTICLE 10\u00a0: Ex\u00e9cution \nM. le directeur r\u00e9gional de l'environnement, de l'am\u00e9nagement et du logement Auvergne-Rh\u00f4ne-Alpes,\nMM. les chefs des services d\u00e9partementaux de l'Office fran\u00e7ais de la biodiversit\u00e9 du Rh\u00f4ne et de la\nSavoie,\nsont charg\u00e9s, chacun en ce qui le concerne, de l'ex\u00e9cution du pr\u00e9sent arr\u00eat\u00e9 qui sera notifi\u00e9 au\nb\u00e9n\u00e9ficiaire et publi\u00e9 au recueil des actes administratifs des pr\u00e9fectures du Rh\u00f4ne et de la Savoie.\nPour les Pr\u00e9f\u00e8tes et par d\u00e9l\u00e9gation,\nLa cheffe de service d\u00e9l\u00e9gu\u00e9e\nEau, Hydro\u00e9lectricit\u00e9 et Nature\nSIGNE\nLaurence DAYET\nAdresse postale : 69453 LYON CEDEX 06\nStandard : 04 26 28 60 00 - www.auvergne-rhone-alpes.developpement-durable.gouv.fr page 5/5\n84_DREAL_Direction r\u00e9gionale de l'environnement, de l'am\u00e9nagement et du logement d'Auvergne-Rh\u00f4ne-Alpes -\n69-2025-12-09-00008 - Arr\u00eat\u00e9 interpr\u00e9fectoral n\u00b0DREAL-AURA-EHN-2025-12 portant d\u00e9rogation aux dispositions de l'article L.411-1 du\ncode de l'environnement pour\u00a0capture suivie d'un rel\u00e2cher imm\u00e9diat sur place d'esp\u00e8ces animales prot\u00e9g\u00e9es (amphibiens)\n37","date":"2025-12-15","first_seen_on":"2025-12-15T15:31:35+00:00","id":"93cf682ae274920c850737cc9dffb7c21c8f641aa89464f597375b3ddf58d2a8","name":"RAA_69-2025-329-151225","pdf_creation_date":"2025-12-15T15:01:17+00:00","pdf_modification_date":null,"timezone":"Europe/Paris","url":"https://www.rhone.gouv.fr/contenu/telechargement/66585/448491/file/RAA_69-2025-329-151225.pdf"}
