{"administration":"pref30","administration_name":"Pr\u00e9fecture du Gard","content":"PR\u00c9FET\nDU GARD\nRECUEIL DES ACTES\nADMINISTRATIFS\nN\u00b030-2026-006\nPUBLI\u00c9 LE  9 JANVIER 2026\nSommaire\nAgence R\u00e9gionale de la Sant\u00e9- d\u00e9l\u00e9gation d\u00e9partementale du Gard\n/\n30-2025-12-04-00004 - CTS 30 - Arr\u00eat\u00e9 n\u00b02025-7366 du 04-12-2025  (3\npages) Page 4\nCentre Hostpitalier Universitaire  de N\u00eemes /\n30-2025-12-26-00001 - 2025 12 26 D\u00e9l\u00e9gation de signature S.JAFFIER -\nCH du Vigan (4 pages) Page 8\nDirection d\u00e9partementale des Finances Publiques du Gard /\n30-2026-01-05-00004 - D\u00e9l\u00e9gation de signature de la responsable de la\ntr\u00e9sorerie de N\u00eemes CHU (2 pages) Page 13\n30-2026-01-05-00003 - D\u00e9l\u00e9gation de signature du responsable du\nP\u00f4le de recouvrement sp\u00e9cialis\u00e9 du Gard (2 pages) Page 16\n30-2026-01-06-00001 - D\u00e9l\u00e9gation de signature du responsable du SIE\nde Bagnols-sur-C\u00e8ze (3 pages) Page 19\nDirection D\u00e9partementale des Tetrritoires et de la Mer du Gard /\n30-2025-12-31-00004 - Acte administratif relatif \u00e0 la mise en place\nd'op\u00e9rations de destruction de sangliers par des tirs administratifs et des\nchasses particuli\u00e8res sur 46 communes dans le d\u00e9partement du Gard (4\npages) Page 23\n30-2025-12-08-00008 - Arr\u00eat\u00e9 portant d\u00e9rogation au d\u00e9lai de\nd\u00e9p\u00f4t d'une d\u00e9cision de cl\u00f4ture pour l 'op\u00e9ration de\nconstruction de 52 logements sociaux \u00e0 Saint G\u00e9nies de Comolas, site\n\u00ab\u00a0les oliviers\u00a0\u00bb ancien chemin d'Avignon. (2 pages) Page 28\n30-2026-01-05-00011 - Arr\u00eat\u00e9 pr\u00e9fectoral relatif \u00e0 l'exercice de la\np\u00eache en eau douce dans le d\u00e9partement du Gard pour l'ann\u00e9e\n2026 (14 pages) Page 31\nDirection des Services D\u00e9partementaux de l'Education Nationale du Gard /\n30-2026-01-05-00002 - ARR\u00caT\u00c9 PORTANT AGR\u00c9MENT JEUNESSE\n\u00c9DUCATION POPULAIRE DE L'ASSO ESPOIR (2 pages) Page 46\n30-2026-01-05-00001 - ARR\u00caT\u00c9 PORTANT RECONNAISSANCE TRONC\nCOMMUN D'AGR\u00c9MENT DE L'ASSO ESPOIR (2 pages) Page 49\nPrefecture du Gard /\n30-2026-01-06-00002 - Arr\u00eat\u00e9 pr\u00e9fectoral portant modification de la\ncomposition du CODERST du Gard (5 pages) Page 52\nPrefecture du Gard / Cabinet du pr\u00e9fet\n30-2026-01-05-00014 - Arr\u00eat\u00e9 temporaire de police de circulation\nN\u00b030-2026-005-01 (2 pages) Page 58\n2\nSous Pr\u00e9fecture d'Al\u00e8s /\n30-2026-01-07-00002 - ARENOUV-HABILITATION-26-01-05-DU-07-01-26 (2\npages) Page 61\n3\nAgence R\u00e9gionale de la Sant\u00e9- d\u00e9l\u00e9gation\nd\u00e9partementale du Gard\n30-2025-12-04-00004\nCTS 30 - Arr\u00eat\u00e9 n\u00b02025-7366 du 04-12-2025 \nAgence R\u00e9gionale de la Sant\u00e9- d\u00e9l\u00e9gation d\u00e9partementale du Gard - 30-2025-12-04-00004 - CTS 30 - Arr\u00eat\u00e9 n\u00b02025-7366 du\n04-12-2025 4\nExREPUBLIQUE\n\u00c9galit\u00e9Fraternit\u00e9\n1 \n \n \n \n \n \n \nARRETE n\u00b02025-7366 modifiant l'ARRETE n\u00b02022-2429 \nrelatif \u00e0 la composition du Conseil Territorial de Sant\u00e9 \ndu Territoire de d\u00e9mocratie en sant\u00e9 du GARD \n \nLE DIRECTEUR DE L'AGENCE REGIONALE DE SANTE OCCITANIE \n \nVu  le code de la sant\u00e9 publique, notamment ses articles L.  1434-9 \u00e0 L. 1434 -11 et R. 1434 -19 \u00e0           \nR 1434-40 du code de la sant\u00e9 publique ; \n \nVu  la loi n\u00b0 2009 -879 du 21 juillet 2009 portant r\u00e9forme de l'h\u00f4pital et relative aux patients, \u00e0 la \nsant\u00e9 et aux territoires ; \n \nVu  la loi n\u00b0 2015-29 du 16 janvier 2015 relative \u00e0 la d\u00e9limitation des r\u00e9gions aux \u00e9lections r\u00e9gionales \net d\u00e9partementales et modifiant le calendrier \u00e9lectoral ; \n \nVu  la loi n\u00b0 2016-41 du 26 janvier 2016 de modernisation de notre syst\u00e8me de sant\u00e9, notamment \nl'article L. 1434-11 de la section 3 de son article 158 ; \n \nVu  la loi n\u00b0 2019-774 du 24 juillet 2019 relative \u00e0 l'Organisation et \u00e0 la Transformation du Syst\u00e8me \nde Sant\u00e9 et son article 19 ; \n \nVu  le d\u00e9cret du 20 avril 2022 portant nomination de M. Didier JAFFRE  en qualit\u00e9 de Directeur \nG\u00e9n\u00e9ral de l'Agence R\u00e9gionale de Sant\u00e9 Occitanie ; \n \nVu  l'arr\u00eat\u00e9 du 3 ao\u00fbt 2016 relatif \u00e0 la composition du conseil territorial de sant\u00e9 ; \nVu  l'arr\u00eat\u00e9 n\u00b0 2016-1864 du 8 novembre 2016 d\u00e9finissant les territoires de d\u00e9mocratie sanitaire ; \nVu l'arr\u00eat\u00e9 n\u00b02022 -2429 du 8 juin 2022 du Directeur G\u00e9n\u00e9ral de l'Agence R\u00e9gionale de Sant\u00e9 \nOccitanie portant composition du Conseil Territorial de Sant\u00e9 du Territoire de d\u00e9mocratie \nsanitaire du Gard ;  \nVu l'arr\u00eat\u00e9 n\u00b02023-1155 du 20 mars 2023 du Directeur G\u00e9n\u00e9ral de l'Agence R\u00e9gionale de Sant\u00e9 \nOccitanie portant composition du Conseil Territorial de Sant\u00e9 du Territoire de d\u00e9mocratie \nsanitaire du Gard ;  \n \nConsid\u00e9rant les propositions de d\u00e9signation des repr\u00e9sentants des diff\u00e9rents coll\u00e8ges concern\u00e9s,  \n \n \n \n \n \nAgence R\u00e9gionale de la Sant\u00e9- d\u00e9l\u00e9gation d\u00e9partementale du Gard - 30-2025-12-04-00004 - CTS 30 - Arr\u00eat\u00e9 n\u00b02025-7366 du\n04-12-2025 5\n2 \n \n \nARRETE \nArticle 1 : Le 1er coll\u00e8ge des repr\u00e9sentants des professionnels et offreurs des services de sant\u00e9  \nde l'arr\u00eat\u00e9 n\u00b02022-2429 du 8 juin 2022 modifi\u00e9 est modifi\u00e9 comme suit :  \n \n\u27a2 1b) Cinq repr\u00e9sentants des personnes morales gestionnaires des services et \u00e9tablissements \nsociaux et m\u00e9dico-sociaux r\u00e9partis entre ceux qui \u0153uvrent en faveur des personnes \u00e2g\u00e9es \net ceux qui \u0153uvrent en faveur des personnes handicap\u00e9es, sur proposition des \ngroupements et f\u00e9d\u00e9rations repr\u00e9sentatifs des institutions sociales et m\u00e9dico -sociales \n \nTitulaires Suppl\u00e9ants \nMme Val\u00e9rie BRUNIER  \nDirectrice CH Pont Saint Esprit \n(FHF) \nM. Jean-Luc MONTAGNE \nDirecteur EHPAD d'Aramon, de MONTFRIN, de \nREDESSAN et de CABRIERES \n(FHF)  \nA d\u00e9signer M. Olivier BOUGEARD \nDirecteur MAS de Lauze NIMES- Korian \nMme Lidwine GUEIDAN \nDirectrice MAS ALESTI  \nM. Jean-Luc MILLOT \nPr\u00e9sident Association Cigali\u00e8res  \nM. Olivier DONATE \nDirecteur G\u00e9n\u00e9ral UNAPEI 30  \nM. Xavier GALIZZI  \nDirecteur P\u00f4le FAM Gard SAOE \n(URIOPSS) \nMme Perrine SEGUIN PASTOR  \nPr\u00e9sidente \n FNADEPA30 \nA d\u00e9signer \n \n Le reste sans changement. \n \n\u27a2 1f) Cinq repr\u00e9sentants des diff\u00e9rents modes d'exercice coordonn\u00e9 et des organisations \nde coop\u00e9ration territoriale des centres de sant\u00e9, maisons de sant\u00e9 et r\u00e9seaux de sant\u00e9, \ndes communaut\u00e9s professionnelles territoriales de sant\u00e9 et des \u00e9quipes de soins \nprimaires et des communaut\u00e9s psychiatriques de territoire, d\u00e9sign\u00e9s \u00e0 l'issue d'un appel \n\u00e0 candidatures \n \nTitulaires Suppl\u00e9ants \nMme Audrey GUICHARD  \nDirectrice du Dispositif d'Appui \u00e0 la \nCoordination du Gard (DAC) \nMme Fran\u00e7oise DEMATEIS \nPr\u00e9sidente r\u00e9seau de sant\u00e9 \nBassin RESEDA ALES \nDr Aur\u00e9lie BRUN BANDERRA \nMSP St Jean du Gard et Vall\u00e9e Borgne  \nMme Claire KOPPEL  \n MSP Val de CEZE \nDr Philippe SERAYET  \n CPTS Regards  A d\u00e9signer  \nA d\u00e9signer A d\u00e9signer  \nA d\u00e9signer  A d\u00e9signer \n \nLe reste sans changement. \n \n \n \n \nAgence R\u00e9gionale de la Sant\u00e9- d\u00e9l\u00e9gation d\u00e9partementale du Gard - 30-2025-12-04-00004 - CTS 30 - Arr\u00eat\u00e9 n\u00b02025-7366 du\n04-12-2025 6\n3 \n \n \nArticle 2 : Le 3\u00e8me coll\u00e8ge est compos\u00e9 de repr\u00e9sentants des collectivit\u00e9s territoriales ou de leurs \ngroupements. Il comprend 7 membres : \n \n\u27a2 3c) Un repr\u00e9sentant de la protection maternelle et infantile, d\u00e9sign\u00e9 par le pr\u00e9sident du \nconseil d\u00e9partemental  \n \nTitulaires Suppl\u00e9ants \nMme Maryse GIANNACCINI \nVice-pr\u00e9sidente d\u00e9l\u00e9gu\u00e9e \u00e0 la Protection de \nl'enfance et au soutien de la parentalit\u00e9 \nMadame H\u00e9l\u00e8ne ABRIAL \nDirectrice adjointe en charge de la PMI \n \n  Le reste sans changement.      \n \nArticle 3 : Les autres dispositions de l'arr\u00eat\u00e9 2022 -2429 modifi\u00e9 relatif \u00e0 la composition du Conseil \nTerritorial de Sant\u00e9 du Territoire de d\u00e9mocratie sanitaire du Gard demeurent inchang\u00e9es. \nArticle 4 : Dans les deux mois de sa notification ou de sa publication, le pr\u00e9sent arr\u00eat\u00e9 peut faire l'objet, \nsoit d'un recours gracieux aupr\u00e8s du Directeur g\u00e9n\u00e9ral de l'Agence R\u00e9gionale de Sant\u00e9 Occitanie, soit \nd'un recours contentieux devant le Tribunal administratif comp\u00e9tent. Le Tribunal administratif peut \u00eatre \nsaisi par l'application informatique \u00ab  t\u00e9l\u00e9recours citoyens \u00bb accessible par le site internet \nwww.telerecours.fr.  A l'\u00e9gard des tiers, ces d\u00e9lais courent \u00e0 compter de la date de publication au recueil \ndes actes administratifs de la pr\u00e9fecture de r\u00e9gion. \nArticle 5 : Le Directeur de la direction des Droits des Usagers, des Affaires Juridiques, de l'Inspection -\nContr\u00f4le et de la Qualit\u00e9  de l'Agence R\u00e9gionale de Sant\u00e9 Occitanie et le Directeur de la D\u00e9l\u00e9gation \nD\u00e9partementale du Gard sont charg\u00e9s de l'ex\u00e9cution du pr\u00e9sent arr\u00eat\u00e9 qui sera publi\u00e9 au recueil des \nactes administratifs de la pr\u00e9fecture de la r\u00e9gion, ainsi qu'\u00e0 celui du d\u00e9parteme nt.         \n \n                                                                                   Fait \u00e0 Montpellier, le 04/12/2025  \nLe Directeur G\u00e9n\u00e9ral  \nde l'Agence R\u00e9gionale de Sant\u00e9 d'Occitanie \n \nDidier JAFFRE \nAgence R\u00e9gionale de la Sant\u00e9- d\u00e9l\u00e9gation d\u00e9partementale du Gard - 30-2025-12-04-00004 - CTS 30 - Arr\u00eat\u00e9 n\u00b02025-7366 du\n04-12-2025 7\nCentre Hostpitalier Universitaire  de N\u00eemes\n30-2025-12-26-00001\n2025 12 26 D\u00e9l\u00e9gation de signature S.JAFFIER -\nCH du Vigan\nCentre Hostpitalier Universitaire  de N\u00eemes - 30-2025-12-26-00001 - 2025 12 26 D\u00e9l\u00e9gation de signature S.JAFFIER - CH du Vigan 8\n1MLE VIGAN\nD\u00c9CISION 239_2025PORTANT D\u00c9L\u00c9GATION DE SIGNATURE DU DIRECTEUR G\u00c9N\u00c9RALCentre Hospitalier du ViganLe Directeur g\u00e9n\u00e9ral du Centre Hospitalier Universitaire de N\u00eemes,Vu la loi n\u00b02009-879 du 21 juillet 2009 portant r\u00e9forme de l'h\u00f4pital et relative aux patients \u00e0 la sant\u00e9 et auxterritoires, et notamment les dispositions de l'article L.6143-7 du Code de la Sant\u00e9 Publique, et l'article L. 134-9 duCode g\u00e9n\u00e9ral de la Fonction publique,Vu les articles D 6143-33 \u00e0 D 6143-35 du code de la sant\u00e9 publique relatifs \u00e0 la d\u00e9l\u00e9gation de signature dudirecteur d'\u00e9tablissement,Vu l'article R 6143-38 du code de la sant\u00e9 publique relatif au r\u00e9gime de publicit\u00e9 des actes,Vu la convention de direction commune entre le CHU de N\u00eemes, le CH du Vigan, les EHPAD de Sauve, Saint-Gilles,Saint-Hippolyte-du-Fort, Beauvoisin et Lasalle, en date du 26 avril 2019,Vu l'avenant n\u00b01 \u00e0 la convention de direction commune, annexant l'EHPAD de Ganges, en date du 28 juin 2021,Vu le d\u00e9cret de Monsieur le Pr\u00e9sident de la R\u00e9publique, en date du 26 mars 2024, nommant Monsieur Fr\u00e9d\u00e9ricRIMATTEI Directeur g\u00e9n\u00e9ral du Centre hospitalier universitaire de Nimes, du CH du Vigan et des EHPAD de Sauve,Saint-Gilles, Saint-Hippolyte-du-Fort, Beauvoisin, Lasalle et Ganges,Vu l'arr\u00eat\u00e9 du Centre national de gestion en date du 2 avril 2024 nommant Monsieur Fr\u00e9d\u00e9ric RIMATTE! Directeurg\u00e9n\u00e9ral du Centre hospitalier universitaire de N\u00eemes, du CH du Vigan et des EHPAD de Sauve, Saint-Gilles, Saint-Hippolyte-du-Fort, Beauvoisin, Lasalle et Ganges,Vu l'arr\u00eat\u00e9 en date du 7 avril 2022 nommant Madame S\u00e9verine JAFFIER, Directrice Adjointe au CHU de N\u00eemes, auCH du Vigan et aux EHPAD de Sauve, Saint-Gilles, Saint-Hippolyte-du-Fort, Beauvoisin, Lasalle et Ganges,Vu les fonctions de Madame S\u00e9verine JAFFIER, Directrice Adjointe au CHU de N\u00eemes, Directrice de l'h\u00f4pital deproximit\u00e9 du Vigan et de l'EHPAD de Ganges, telles qu'elles sont sp\u00e9cifi\u00e9es dans l'organigramme del'\u00e9tablissement,Vu les fonctions de Madame Samira EL AMRANI, Cadre de sant\u00e9 du CH du VIGAN,Vu les fonctions exerc\u00e9es par Madame Mathilde LAPEYSSONNIE, Attach\u00e9e d'administration hospitali\u00e8re, mise \u00e0disposition du CH du Vigan en application d'une convention de mise \u00e0 disposition de personnel conclue entre leCHU de N\u00eemes et le CH du Vigan en date du 7 novembre 2025,\n1/4R\u00e9f : DS 2025 \u2014 Direction G\u00e9n\u00e9rale\nCentre Hostpitalier Universitaire  de N\u00eemes - 30-2025-12-26-00001 - 2025 12 26 D\u00e9l\u00e9gation de signature S.JAFFIER - CH du Vigan 9\nPROXIMATT\u00c9\nDECIDE:Article 1 : DISPOSITIONS G\u00c9N\u00c9RALESD\u00e9l\u00e9gation de signature permanente est donn\u00e9e \u00e0 Madame S\u00e9verine JAFFIER, \u00e0 l'effet d'assurer une fonction deresponsabilit\u00e9 g\u00e9n\u00e9rale pour la gestion courante du CH du Vigan.Dans l'exercice de cette d\u00e9l\u00e9gation, Madame S\u00e9verine JAFFIER pr\u00e9sentera, a minima trois fois par an les \u00e9l\u00e9mentsde situation g\u00e9n\u00e9rale et budg\u00e9taire au Directeur g\u00e9n\u00e9ral du CHU de N\u00eemes.\nArticle 2 : DISPOSITIONS SP\u00c9CIFIQUESDans le cadre de cette d\u00e9l\u00e9gation, Madame S\u00e9verine JAFFIER a autorit\u00e9 pour signer l'ensemble des actesn\u00e9cessaires \u00e0 l'ex\u00e9cution d'une fonction de direction et de repr\u00e9sentation de l'\u00e9tablissement, en application desd\u00e9lib\u00e9rations du Conseil de Surveillance, notamment :\nGestion des Ressources Humainese Recrutement du personnel non m\u00e9dicalNomination des membres de jurys de concours lorsque celle-ci est du ressort de l'autorit\u00e9 investie dupouvoir de nominatione Nomination des membres des commissions de s\u00e9lection pour les personnels de cat\u00e9gorie Ce Gestion des carri\u00e8res des personnels non m\u00e9dicaux: avancement, titularisation, notation, gestion destraitements...Gestion des op\u00e9rations disciplinaires et des contentieux relevant des ressources humainese Pr\u00e9paration des commissions administratives paritaires locales (CAPL) et suivi des dossiers encommissions administratives paritaires d\u00e9partementales (CAPD)+ Pr\u00e9paration et suivi des travaux de la formation sp\u00e9cialis\u00e9e en mati\u00e8re de sant\u00e9, s\u00e9curit\u00e9 et conditions detravail (F3SCT) et du comit\u00e9 social d'\u00e9tablissement (CSE)e Relation avec la m\u00e9decine du travail, l'inspection du travail et les organismes d'assurance maladieconcern\u00e9s par la s\u00e9curit\u00e9 et l'hygi\u00e8ne au travaile Suivi m\u00e9dical du personnel en fonction dans l'\u00e9tablissemente Gestion de la politique de formation continue du centre hospitalier et relations avec les \u00e9coles{conventions de stage...)e Tableaux de garde\nAffaires m\u00e9dicalesRecrutement du personnel m\u00e9dicalGestion des carri\u00e8res du personnel m\u00e9dical de |'\u00e9tablissement : renouvellement des contrats,avancement, maladie, retraite...Gestion et organisation du temps de travail m\u00e9dical et de la formation m\u00e9dicale continueinformation et conseils aux praticiensTableaux de garde\n2/4R\u00e9f: DS 2025 - Direction G\u00e9n\u00e9rale\nCentre Hostpitalier Universitaire  de N\u00eemes - 30-2025-12-26-00001 - 2025 12 26 D\u00e9l\u00e9gation de signature S.JAFFIER - CH du Vigan 10\nQualit\u00e9D\u00e9finition et animation de la politique qualit\u00e9Suivi et prise en charge de la proc\u00e9dure de certificationElaboration et suivi de l'ensemble des documents relatifs \u00e0 la qualit\u00e9Suivi et instruction des dossiers d'autorisationD\u00e9p\u00f4t de demande, instruction et suivi des dossiers d'autorisation\nFinances et budgetGestion g\u00e9n\u00e9rale de l'\u00e9tablissementEtablissement et gestion du budget (bordereaux de mandats, mandats de d\u00e9penses, march\u00e9s, certificatsadministratifs relatifs \u00e0 toutes op\u00e9rations budg\u00e9taires et financi\u00e8res)e D\u00e9cision et courriers relatifs \u00e0 la gestion des ressources humainesTout acte se rapportant \u00e0 l'ordonnancement et l'ex\u00e9cution budg\u00e9taire de l'\u00e9tablissementContentieux de la tarification\nArticle 3 : DISPOSITIONS EXCLUES DE LA D\u00c9L\u00c9GATIONSont exclus par ailleurs de la pr\u00e9sente d\u00e9l\u00e9gation, les actes, d\u00e9cisions et correspondances g\u00e9n\u00e9ralement r\u00e9serv\u00e9s \u00e0la signature du Directeur g\u00e9n\u00e9ral du CHU de Nimes lorsqu'ils engagent institutionnellement le CH du Vigan dansses relations avec les autorit\u00e9s judiciaires, militaires et civiles de l'\u00c9tat, Ministres, Pr\u00e9fets, Directeurs g\u00e9n\u00e9raux desautorit\u00e9s de tutelles et des services ext\u00e9rieurs, Directeur d\u00e9partemental des finances publiques, magistratsadministratifs, ainsi que les correspondances avec les \u00e9lus nationaux et des collectivit\u00e9s territoriales, les directeursd'\u00e9tablissement de sant\u00e9 publics et priv\u00e9s, la presse \u00e9crite, audiovisuelle et internet, sauf demande expresse duDirecteur g\u00e9n\u00e9ral.Sont \u00e9galement exclus, tous actes et d\u00e9cisions concernant les membres de l'\u00e9quipe de direction du CHU de Nimes.Toutefois, les r\u00e9ponses urgentes sous forme \u00e9lectronique \u00e0 des demandes des autorit\u00e9s de tutelle exprim\u00e9es elies-m\u00eames sous forme \u00e9lectronique pourront \u00eatre adress\u00e9es directement au demandeur par le d\u00e9l\u00e9gataire avec copieau Directeur g\u00e9n\u00e9ral.\nArticle 4 : DISPOSITIONS EN CAS D'ABSENCEEn cas d'absence ou d'emp\u00e9chement de Madame S\u00e9verine JAFFIER, d\u00e9l\u00e9gation est donn\u00e9e a Madame EL AMRANI,cadre de sant\u00e9, et \u00e0 Madame Mathilde LAPEYSSONNIE, Attach\u00e9e d'administration hospitali\u00e8re, \u00e0 l'effet de signertous les documents et actes relatifs aux recettes et aux charges pr\u00e9vues \u00e0 l'EPRD, hors d\u00e9penses d'investissementet d\u00e9penses exceptionnelles. Madame EL AMRANI et Madame Mathilde LAPEYSSONNIE sont \u00e9galement habilit\u00e9es,en cas d'absence de Madame JAFFIER, \u00e0 signer les contrats de travail \u00e0 dur\u00e9e d\u00e9termin\u00e9e.\nArticle 5 : DISPOSITIONS RELATIVES A LA GARDE DE DIRECTIOND\u00e9l\u00e9gation permanente est donn\u00e9e \u00e0 Madame S\u00e9verine JAFFIER pour tous les actes, d\u00e9cisions et correspondancesn\u00e9cessaires \u00e0 la continuit\u00e9 du bon fonctionnement du service public hospitalier, pris en tant que directeur degarde. En son absence, d\u00e9l\u00e9gation est donn\u00e9e \u00e0 Madame Samira EL AMRANI et Madame Mathilde LAPEYSSONNIEconform\u00e9ment au tableau de garde \u00e9dit\u00e9 par Madame S\u00e9verine JAFFIER.3/4R\u00e9f : DS 2025 \u2014 Direction G\u00e9n\u00e9rale\nCentre Hostpitalier Universitaire  de N\u00eemes - 30-2025-12-26-00001 - 2025 12 26 D\u00e9l\u00e9gation de signature S.JAFFIER - CH du Vigan 11\n#0\nme <<ALi\" ,a4\nwy\nArticle 6 : SIGNATURE, EFFET ET PUBLICIT\u00c9Les d\u00e9l\u00e9gataires apposent leurs signatures sur cette d\u00e9cision qui leur sera notifi\u00e9e.La pr\u00e9sente d\u00e9cision sera port\u00e9e \u00e0 la connaissance du Conseil de surveillance et transmise \u00e0 la Tr\u00e9sori\u00e8reprincipale du CH du Vigan et du CHU de N\u00eemes.Elle sera \u00e9galement port\u00e9e \u00e0 la connaissance du public sur le site internet du CH du Vigan, du CHU de N\u00eemes etsera transmise \u00e0 Monsieur le Pr\u00e9fet du Gard pour publication au recueil des actes administratifs du D\u00e9partementdu Gard,La pr\u00e9sente d\u00e9cision peut \u00eatre contest\u00e9e dans les deux mois suivant publication soit en d\u00e9posant un recoursgracieux devant l'administration auteur de la d\u00e9cision, soit un recours contentieux devant le Tribunal Administratifterritorialement comp\u00e9tent.\nElle abroge la d\u00e9cision 174_2025 Fait \u00e0 N\u00eemes, le 26 d\u00e9cembre 2025\nLe Directeur g\u00e9n\u00e9ral,\n\\Fr\u00e9d\u00e9rid RIMATTEI\n_ DELEGATAIRES | : FONCTIONS SIGNATURESMadame S\u00e9verine JAFFIER Directrice du CH du Vigan LE \u2014\u2014\u2014\u2014,Madame Samira EL AMRANI Cadre de sant\u00e9 du CH du Vigan &) ee= IL _ aojMadame Mathilde LAPEYSSONNIE Attach\u00e9e d'administration hospitali\u00e8re : Aa\n4/4R\u00e9f: DS 2025 \u2014 Direction G\u00e9n\u00e9rale\nCentre Hostpitalier Universitaire  de N\u00eemes - 30-2025-12-26-00001 - 2025 12 26 D\u00e9l\u00e9gation de signature S.JAFFIER - CH du Vigan 12\nDirection d\u00e9partementale des Finances\nPubliques du Gard\n30-2026-01-05-00004\nD\u00e9l\u00e9gation de signature de la responsable de la\ntr\u00e9sorerie de N\u00eemes CHU\nDirection d\u00e9partementale des Finances Publiques du Gard - 30-2026-01-05-00004 - D\u00e9l\u00e9gation de signature de la responsable de la\ntr\u00e9sorerie de N\u00eemes CHU 13\nExREPUBLIQUEFRAN\u00c7AISELibert\u00e9Egalit\u00e9Fraternit\u00e9\nTFINANCES PUBLIQUES\nDirection d\u00e9partementale\ndes Finances publiques du Gard\nTr\u00e9sorerie de N\u00eemes CHU\nPlace du professeur Robert DEBRE\nBP  26\n30029 N\u00eemes Cedex \nT\u00e9l\u00e9phone : 04 66 68 30 72\nM\u00e8l : \nt030019@dgfip.finances.gouv.fr\nD\u00c9L\u00c9GATION DE SIGNATURE DU RESPONSABLE DE LA TRESORERIE DE NIMES CHU\nLe comptable, responsable de la tr\u00e9sorerie de la Tr\u00e9sorerie de N\u00eemes CHU\nVu le d\u00e9cret n\u00b0 2008-309 du 3 avril 2008 portant diverses dispositions relatives \u00e0 la direction \ng\u00e9n\u00e9rale des finances publiques ;\nVu le d\u00e9cret n\u00b0 2009-707 du 16 juin 2009 relatif aux services d\u00e9concentr\u00e9s de la direction g\u00e9n\u00e9rale \ndes finances publiques ;\nVu le d\u00e9cret n\u00b0 2012-1246 du 7 novembre 2012 relatif \u00e0 la gestion budg\u00e9taire et comptable \npublique, et notamment son article 16 ;\nArr\u00eate :\nArticle 1er\nD\u00e9l\u00e9gation de signature est donn\u00e9e \u00e0 Monsieur Jean-Christophe DURAND et Pascal CARTAGENA, \ninspecteurs, adjoints au comptable charg\u00e9 de la tr\u00e9sorerie de N\u00eemes CHU, \u00e0 l'effet de signer au nom\net sous la responsabilit\u00e9 du comptable soussign\u00e9, \na) les d\u00e9cisions relatives aux demandes de d\u00e9lai de paiement, sans limite de montant et de \ndur\u00e9e ;\nb) l'ensemble des actes relatifs au recouvrement, et notamment les actes de poursuites et \nles d\u00e9clarations de cr\u00e9ances ainsi que pour ester en justice ;\nc) tous actes d'administration et de gestion du service.\n1/2\nDirection d\u00e9partementale des Finances Publiques du Gard - 30-2026-01-05-00004 - D\u00e9l\u00e9gation de signature de la responsable de la\ntr\u00e9sorerie de N\u00eemes CHU 14\nArticle 2\nD\u00e9l\u00e9gation de signature est donn\u00e9e \u00e0 l'effet de signer :\na) l'ensemble des actes relatifs au recouvrement, et notamment les actes de poursuites et \nles d\u00e9clarations de cr\u00e9ances ;\nb) les d\u00e9cisions relatives aux demandes de d\u00e9lai de paiement, dans les limites de dur\u00e9e et de\nmontant indiqu\u00e9es dans le tableau ci-apr\u00e8s ;\naux agents d\u00e9sign\u00e9s ci-apr\u00e8s :\nNom et pr\u00e9nom des agents grade Dur\u00e9e et Montant\nLESAGE Gilles Contr\u00f4leur 12 mois et  1 500 \u20ac\nCHANUC Marie-Caroline Agent d'administration 12 mois et  1 500 \u20ac\nPAULIN Sabrina Agent d'administration 12 mois et  1 500 \u20ac\nArticle 3\nD\u00e9l\u00e9gation de signature est donn\u00e9e \u00e0 l'effet de signer :\na) les ordres de paiement portant sur des op\u00e9rations relatives aux h\u00e9berg\u00e9s (Argent de \npoche, reversement contribution, reversements trop per\u00e7u\u2026), sans limite de montant ;\nb) les courriers d'information aux familles concernant les valeurs d\u00e9tenues dans le poste \ncomptable ;\naux agents d\u00e9sign\u00e9s ci-apr\u00e8s :\nNom et pr\u00e9nom des agents grade\nMAKRAN Afaf Agent d'administration\nBOYER Val\u00e9rie Contr\u00f4leur\nRAHMAOUI Jeanne Contr\u00f4leur\nREBOUL Isabelle Contr\u00f4leur\nArticle 4\nLe pr\u00e9sent arr\u00eat\u00e9 sera publi\u00e9 au recueil des actes administratifs du d\u00e9partement du Gard.\nA N\u00eemes, le 05 janvier 2026\nLa responsable de la tr\u00e9sorerie de N\u00eemes CHU\nSign\u00e9\nH\u00e9l\u00e8ne GOMES\nInspectrice Principale\n2/2\nDirection d\u00e9partementale des Finances Publiques du Gard - 30-2026-01-05-00004 - D\u00e9l\u00e9gation de signature de la responsable de la\ntr\u00e9sorerie de N\u00eemes CHU 15\nDirection d\u00e9partementale des Finances\nPubliques du Gard\n30-2026-01-05-00003\nD\u00e9l\u00e9gation de signature du responsable du P\u00f4le\nde recouvrement sp\u00e9cialis\u00e9 du Gard\nDirection d\u00e9partementale des Finances Publiques du Gard - 30-2026-01-05-00003 - D\u00e9l\u00e9gation de signature du responsable du P\u00f4le de\nrecouvrement sp\u00e9cialis\u00e9 du Gard 16\nD\u00c9L\u00c9GATION de SIGNATURE\ndu RESPONSABLE du POLE de RECOUVREMENT SP\u00c9CIALISE (PRS) du GARD\nLe comptable public, responsable du p\u00f4le de recouvrement sp\u00e9cialis\u00e9 du GARD,\nVu le code g\u00e9n\u00e9ral des imp\u00f4ts, et notamment l'article 408 de son annexe II et les articles 212 \u00e0 217 de son\nannexe IV ; \nVu le livre des proc\u00e9dures fiscales, et notamment les articles L. 247, L. 257 A et R* 247-4 et suivants ;\nVu le d\u00e9cret n\u00b0 2008-309 du 3 avril 2008 portant diverses dispositions relatives \u00e0 la Direction g\u00e9n\u00e9rale des\nFinances publiques ; \nVu le d\u00e9cret n\u00b0 2009-707 du 16 juin 2009 relatif aux services d\u00e9concentr\u00e9s de la Direction g\u00e9n\u00e9rale des\nFinances publiques ; \nVu le d\u00e9cret n\u00b0 2012-1246 du 7 novembre 2012 relatif \u00e0 la gestion budg\u00e9taire et comptable publique, et\nnotamment son article 16 ;\nArr\u00eate :\nArticle 1er\nD\u00e9l\u00e9gation de signature est donn\u00e9e en cas d'absence ou d'emp\u00eachement, sans que la condition d'absence\nou  d'emp\u00eachement  soit  opposable  aux  tiers,  \u00e0  M. Jean-Baptiste  DESPAUX,  ou  en  son  absence  \u00e0\nMme Julie VEY,  ou en son absence \u00e0 Mme H\u00e9l\u00e8ne ANTON, inspecteurs au p\u00f4le de recouvrement sp\u00e9cialis\u00e9\ndu GARD, \u00e0 l'effet de signer :\n1\u00b0) en mati\u00e8re de gracieux fiscal, les d\u00e9cisions portant remise, mod\u00e9ration, transaction ou rejet, dans la\nlimite de 60 000 \u20ac ;\n2\u00b0) les documents n\u00e9cessaires \u00e0 l'ex\u00e9cution comptable des d\u00e9cisions contentieuses et gracieuses sans\nlimitation de montant ; \n3\u00b0) au nom et sous la responsabilit\u00e9 du comptable soussign\u00e9, \na) les d\u00e9cisions relatives aux demandes de d\u00e9lai de paiement  ne pouvant exc\u00e9der 24 mois et porter\nsur une somme sup\u00e9rieure \u00e0 200 000 \u20ac, Jean Baptiste DESPAUX, Julie VEY et H\u00e9l\u00e8ne ANTON ;\nb) l'ensemble des actes relatifs au recouvrement ainsi que pour ester en justice ;\nc) tous actes d'administration et de gestion du service.\nArticle 2\nD\u00e9l\u00e9gation de signature est donn\u00e9e \u00e0 l'effet de signer :\n1\u00b0) en mati\u00e8re de gracieux fiscal, les d\u00e9cisions portant remise, mod\u00e9ration ou rejet, dans la limite pr\u00e9cis\u00e9e\ndans le tableau ci-dessous ;\n2\u00b0) les d\u00e9cisions relatives aux demandes de d\u00e9lai de paiement, dans les limites de dur\u00e9e et de montant\nindiqu\u00e9es dans le tableau ci-apr\u00e8s ; \n3\u00b0) l'ensemble des actes relatifs au recouvrement et \u00e0 la prise de s\u00fbret\u00e9s, \naux agents d\u00e9sign\u00e9s ci-apr\u00e8s :\nDirection d\u00e9partementale des Finances Publiques du Gard - 30-2026-01-05-00003 - D\u00e9l\u00e9gation de signature du responsable du P\u00f4le de\nrecouvrement sp\u00e9cialis\u00e9 du Gard 17\nNom et pr\u00e9nom des agents grade\nLimite\ndes d\u00e9cisions\ncontentieuses\nLimite\ndes d\u00e9cisions\ngracieuses\nDur\u00e9e\nmaximale des\nd\u00e9lais de\npaiement\nSomme\nmaximale pour\nlaquelle un d\u00e9lai\nde paiement peut\n\u00eatre accord\u00e9\nDESPAUX Jean Baptiste* Inspecteur 10 000 \u20ac 10 000 \u20ac 24 mois 200 000 \u20ac\nVEY Julie * Inspectrice 10 000 \u20ac 10 000 \u20ac 24 mois 200 000 \u20ac\nANTON H\u00e9l\u00e8ne* Inspectrice 10 000 \u20ac 10 000 \u20ac 24 mois 200 000 \u20ac\nCHAUVET Jean-Philippe Contr\u00f4leur\nprincipal 7 000 \u20ac 7 000 \u20ac 12 mois 100  000 \u20ac\nBROUTIN Nicolas Contr\u00f4leur 7 000 \u20ac 7 000 \u20ac 12 mois 100  000 \u20ac\nDEPOUDENT Eric Contr\u00f4leur 7 000 \u20ac 7 000 \u20ac 12 mois 100 000 \u20ac\nFLAUX Ang\u00e9lique Contr\u00f4leur\nprincipal 7 000 \u20ac 7 000 \u20ac 12 mois 100 000 \u20ac\nLALLAOUI Fatiha Contr\u00f4leur 7 000 \u20ac 7 000 \u20ac 12 mois 100 000 \u20ac\nPIQUOT Marc-Antoine Contr\u00f4leur 7 000 \u20ac 7 000 \u20ac 12 mois 100 000 \u20ac\n* sauf en l'absence du comptable, auquel cas, Monsieur DESPAUX, ou en son absence Mme VEY ou en\nson absence Mme ANTON  b\u00e9n\u00e9ficient d'une procuration g\u00e9n\u00e9rale du comptable, telle que d\u00e9finie \u00e0 l'article\n1er du pr\u00e9sent arr\u00eat\u00e9.\n Article 3\nM. CHAUVET Jean-Philippe, Mme LALLAOUI Fatiha, Mme Ang\u00e9lique FLAUX, M. Marc Antoine PIQUOT,\nM. DEPOUDENT ont comp\u00e9tence pour signer les d\u00e9clarations de cr\u00e9ances dans le cadre des proc\u00e9dures\ncollectives.\nM CHAUVET Jean-Philippe, Mme LALLAOUI Fatiha, Mme Ang\u00e9lique FLAUX M. Marc Antoine PIQUOT,\nM. DEPOUDENT ont sous ma responsabilit\u00e9, d\u00e9l\u00e9gation pour r\u00e9pondre aux contestations soulev\u00e9es par les\nmandataires judiciaires  ou  les redevables,  ainsi que  d'ester  en  justice,  dans le  cadre  des proc\u00e9dures\ncollectives\nArticle 4\nLe pr\u00e9sent arr\u00eat\u00e9 sera publi\u00e9 au recueil des actes administratif du d\u00e9partement du GARD.\nCette d\u00e9l\u00e9gation annule et remplace celle consentie le 3 septembre 2025.\nA N\u00eemes, le 5 janvier 2026\nLe  comptable  public,  responsable  du  \nP\u00f4le de Recouvrement sp\u00e9cialis\u00e9 du Gard\nDominique REYNAUD\nDirection d\u00e9partementale des Finances Publiques du Gard - 30-2026-01-05-00003 - D\u00e9l\u00e9gation de signature du responsable du P\u00f4le de\nrecouvrement sp\u00e9cialis\u00e9 du Gard 18\nDirection d\u00e9partementale des Finances\nPubliques du Gard\n30-2026-01-06-00001\nD\u00e9l\u00e9gation de signature du responsable du SIE\nde Bagnols-sur-C\u00e8ze\nDirection d\u00e9partementale des Finances Publiques du Gard - 30-2026-01-06-00001 - D\u00e9l\u00e9gation de signature du responsable du SIE de\nBagnols-sur-C\u00e8ze 19\nEE =Libert\u00e9 + \u00c9galit\u00e9 + Fraternit\u00e9R\u00c9PUBLIQUE FRAN\u00c7AISE\n\u2014 A +MINIST\u00c8RE DE L'ACTIONET DES COMPTES PUBLICS\nDirection d\u00e9partementale des finances publiques du Gard\nPilotage de la Fiscalit\u00e9 des Particuliers et des professionnels, Missions Fonci\u00e8res\n67 , rue Salomon Reinach\n30032 N\u00eemes Cedex 1 \nD\u00c9L\u00c9GATION DE SIGNATURE DU RESPONSABLE DU SIE DE BAGNOLS-SUR-CEZE\nLe  comptable, responsable du service des imp\u00f4ts des entreprises de Bagnols-sur-C\u00e8ze\nVu le code g\u00e9n\u00e9ral des imp\u00f4ts, et notamment les  articles 408 et 410 de son annexe II et les articles 212 \u00e0 217\nde son annexe IV ; \nVu le livre des proc\u00e9dures fiscales, et notamment les articles L. 247 et R* 247-4 et suivants ;\nVu le d\u00e9cret n\u00b0 2008-309 du 3 avril 2008 portant diverses dispositions relatives \u00e0 la direction g\u00e9n\u00e9rale des\nfinances publiques ; \nVu le d\u00e9cret n\u00b0 2009-707 du 16 juin 2009 relatif aux services d\u00e9concentr\u00e9s de la direction g\u00e9n\u00e9rale des finances\npubliques ; \nVu le d\u00e9cret  n\u00b0 2012-1246 du 7 novembre  2012 relatif \u00e0 la gestion budg\u00e9taire  et comptable  publique,  et\nnotamment son article 16 ;\nArr\u00eate :\nArticle 1  er  \nD\u00e9l\u00e9gation de signature est donn\u00e9e \u00e0 Mme BULME Julie, INSPECTRICE et M. CHERRARED Far\u00e8s, INSPECTEUR,\nadjoints au responsable du service des imp\u00f4ts des entreprises de Bagnols-sur-C\u00e8ze, \u00e0 l'effet de signer :\n1\u00b0) en mati\u00e8re de contentieux fiscal d'assiette, les d\u00e9cisions d'admission totale, d'admission partielle ou de\nrejet, de d\u00e9gr\u00e8vement ou restitution d'office, dans la limite de 60 000 \u20ac ; \n2\u00b0) en mati\u00e8re de gracieux fiscal, les d\u00e9cisions portant remise, mod\u00e9ration, transaction ou rejet dans la limite\nde 60 000 \u20ac ; \n3\u00b0)  les  d\u00e9cisions  sur  les  demandes  de  plafonnement  en  fonction  de  la  valeur  ajout\u00e9e  de  contribution\n\u00e9conomique territoriale, sans limite de montant pour les entreprises dont tous les \u00e9tablissements sont situ\u00e9s\ndans le ressort du service ; \n4\u00b0) les d\u00e9cisions sur les demandes de remboursement de cr\u00e9dit de TVA et les demandes de remboursement de\ncr\u00e9dits d'imp\u00f4t, dans la limite de 100 000 \u20ac par demande ; \n5\u00b0)  les  documents  n\u00e9cessaires  \u00e0  l'ex\u00e9cution  comptable  des  d\u00e9cisions  contentieuses  et  gracieuses  sans\nlimitation de montant ; \n6\u00b0) les avis de mise en recouvrement et les mises en demeure de payer ;\n7\u00b0) au nom et sous la responsabilit\u00e9 du comptable soussign\u00e9, \na) les d\u00e9cisions relatives aux demandes de d\u00e9lai de paiement, le d\u00e9lai accord\u00e9 ne pouvant exc\u00e9der \n6 mois et porter sur une somme sup\u00e9rieure \u00e0 15.000 \u20ac ;\nb)  l'ensemble  des  actes  relatifs  au  recouvrement,  et  notamment  les  actes  de  poursuites  et  les\nd\u00e9clarations de cr\u00e9ances ainsi que pour ester en justice ;\nc) tous actes d'administration et de gestion du service.\nDirection d\u00e9partementale des Finances Publiques du Gard - 30-2026-01-06-00001 - D\u00e9l\u00e9gation de signature du responsable du SIE de\nBagnols-sur-C\u00e8ze 20\nArticle 2 \nD\u00e9l\u00e9gation de signature est donn\u00e9e \u00e0 l'effet de signer, en mati\u00e8re de contentieux fiscal d'assiette, les d\u00e9cisions\nd'admission totale, d'admission partielle ou de rejet, de d\u00e9gr\u00e8vement ou restitution d'office et, en mati\u00e8re de\ngracieux fiscal d'assiette, les d\u00e9cisions portant remise, mod\u00e9ration ou rejet :\n1\u00b0) dans la limite de 7 500 \u20ac, aux contr\u00f4leurs des finances publiques d\u00e9sign\u00e9s ci-apr\u00e8s :\nALEX Jo\u00ebl CONSTANT Magali PATTIN Delphine\nLEFEVRE Jean-Marc TABAREAU H\u00e9l\u00e9na DUQUESNE Franck\nALIAGA Claudie LESTERLE Magali PEDRO Florence\nAZZIMANI Ahmed GARDE Jean-Paul HOMOND Florence\nPOMMEL Nathalie FLEURANT Valery RIVALS Eric\n2\u00b0) dans la limite de 2 000 \u20ac, aux agents des finances publiques de cat\u00e9gorie C d\u00e9sign\u00e9s ci-apr\u00e8s :\nBARTSCH Kevin JALABERT Thierry ESTEVENIN Sonia\nLOUPIAS Florence BOUTTENOT Pascal\nArticle 3 \nD\u00e9l\u00e9gation de signature est donn\u00e9e \u00e0 l'effet de signer les d\u00e9cisions sur les demandes de remboursement de\ncr\u00e9dit de TVA et les demandes de remboursement de cr\u00e9dits d'imp\u00f4t : \n1\u00b0) dans la limite de 7 500 \u20ac, aux contr\u00f4leurs des finances publiques d\u00e9sign\u00e9s ci-apr\u00e8s :\nALEX Jo\u00ebl CONSTANT Magali RIVALS Eric\nLEFEVRE Jean-Marc LESTERLE Magali DUQUESNE Franck\nFLEURANT Val\u00e9ry TABAREAU H\u00e9l\u00e9na POMMEL Nathalie\nAZZIMANI Ahmed GARDE Jean-Paul HOMOND Florence\nALIAGA Claudie PEDRO Florence PATTIN Delphine\n2\u00b0) dans la limite de 2 000 \u20ac, aux agents des finances publiques d\u00e9sign\u00e9s ci-apr\u00e8s :\nBARTSCH Kevin JALABERT Thierry ESTEVENIN Sonia\nLOUPIAS Florence BOUTTENOT Pascal\nDirection d\u00e9partementale des Finances Publiques du Gard - 30-2026-01-06-00001 - D\u00e9l\u00e9gation de signature du responsable du SIE de\nBagnols-sur-C\u00e8ze 21\nArticle 4 \nD\u00e9l\u00e9gation de signature est donn\u00e9e \u00e0 l'effet de signer :\n1\u00b0)  les  d\u00e9cisions gracieuses  relatives aux p\u00e9nalit\u00e9s de  recouvrement,  aux  int\u00e9r\u00eats  moratoires et  aux  frais  de\npoursuites portant remise, mod\u00e9ration ou rejet, dans la limite pr\u00e9cis\u00e9e dans le tableau ci-apr\u00e8s ;\n2\u00b0) les d\u00e9cisions relatives aux demandes de d\u00e9lai de paiement, dans les limites de dur\u00e9e et de montant indiqu\u00e9es\ndans le tableau ci-apr\u00e8s ;\n3\u00b0) les avis de mise en recouvrement et les mises en demeure de payer ;\n4\u00b0) l'ensemble des actes relatifs au recouvrement, et notamment les actes de poursuites et les d\u00e9clarations de\ncr\u00e9ances dans la limite pr\u00e9cis\u00e9e dans le tableau ci-apr\u00e8s ;\naux agents des finances publiques d\u00e9sign\u00e9s ci-apr\u00e8s :\nArticle 5\nLe pr\u00e9sent arr\u00eat\u00e9 sera publi\u00e9 au recueil des actes administratifs du d\u00e9partement du GARD.\nA Bagnols-sur-C\u00e8ze, le  06/01/2026\nLe  comptable,  responsable  de  service  des\nimp\u00f4ts des entreprises,\nThierry LELIEVRE,\nNom et pr\u00e9nom des agents Grade\nALEX Jo\u00ebl Contr\u00f4leur 6 mois\nALIAGA Claudie 6 mois\nAZZIMANI Ahmed Contr\u00f4leur 6 mois\nCONSTANT Magali 6 mois\nDUQUESNE Franck Contr\u00f4leur 6 mois\nFLEURANT Val\u00e9ry Contr\u00f4leur 6 mois\nGARDE Jean-Paul Contr\u00f4leur 6 mois\nHOMOND Florence 6 mois\nLEFEVRE Jean-Marc Contr\u00f4leur 6 mois\nLESTERLE Magali Contr\u00f4leuse 6 mois\nPATTIN Delphine Contr\u00f4leuse 6 mois\nPEDRO    Florence 6 mois\nPOMMEL Nathalie Contr\u00f4leuse 6 mois\nRIVALS Eric Contr\u00f4leur 6 mois\nTABAREAU H\u00e9l\u00e8na Contr\u00f4leuse 6 mois\nLimite\ndes d\u00e9cisions  \ngracieuses\nDur\u00e9e maximale \ndes d\u00e9lais de \npaiement\nSomme maximale \npour laquelle un \nd\u00e9lai de paiement \npeut \u00eatre accord\u00e9\nLimite des actes \nrelatifs au \nrecouvrement\n7 500,00 \u20ac 7 500,00 \u20ac 7 500,00 \u20ac\nContr\u00f4leuse \nprincipale 7 500,00 \u20ac 7 500,00 \u20ac 7 500,00 \u20ac\n7 500,00 \u20ac 7 500,00 \u20ac 7 500,00 \u20ac\nContr\u00f4leuse \nprincipale 7 500,00 \u20ac 7 500,00 \u20ac 7 500,00 \u20ac\n7 500,00 \u20ac 7 500,00 \u20ac 7 500,00 \u20ac\n7 500,00 \u20ac 7 500,00 \u20ac 7 500,00 \u20ac\n7 500,00 \u20ac 7 500,00 \u20ac 7 500,00 \u20ac\nContr\u00f4leuse \nprincipale 7 500,00 \u20ac 7 500,00 \u20ac 7 500,00 \u20ac\n7 500,00 \u20ac 7 500,00 \u20ac 7 500,00 \u20ac\n7 500,00 \u20ac 7 500,00 \u20ac 7 500,00 \u20ac\n7 500,00 \u20ac 7 500,00 \u20ac 7 500,00 \u20ac\nContr\u00f4leuse \nprincipale 7 500,00 \u20ac 7 500,00 \u20ac 7 500,00 \u20ac\n7 500,00 \u20ac 7 500,00 \u20ac 7 500,00 \u20ac\n7 500,00 \u20ac 7 500,00 \u20ac 7 500,00 \u20ac\n7 500,00 \u20ac 7 500,00 \u20ac 7 500,00 \u20ac\nDirection d\u00e9partementale des Finances Publiques du Gard - 30-2026-01-06-00001 - D\u00e9l\u00e9gation de signature du responsable du SIE de\nBagnols-sur-C\u00e8ze 22\nDirection D\u00e9partementale des Tetrritoires et de\nla Mer du Gard\n30-2025-12-31-00004\nActe administratif relatif \u00e0 la mise en place\nd'op\u00e9rations de destruction de sangliers par des\ntirs administratifs et des chasses particuli\u00e8res sur\n46 communes dans le d\u00e9partement du Gard\nDirection D\u00e9partementale des Tetrritoires et de la Mer du Gard - 30-2025-12-31-00004 - Acte administratif relatif \u00e0 la mise en place\nd'op\u00e9rations de destruction de sangliers par des tirs administratifs et des chasses particuli\u00e8res sur 46 communes dans le d\u00e9partement\ndu Gard\n23\nPREFETDU GARDLibert\u00e9Egalit\u00e9Fraternit\u00e9\nDirection d\u00e9partementale\ndes territoires et de la mer\n             Acte administratif n\u00b0                 \nrelatif \u00e0 la mise en place d'op\u00e9rations de destruction de sangliers par des tirs administratifs et des \nchasses particuli\u00e8res sur 46 communes dans le d\u00e9partement du Gard\nLe pr\u00e9fet du Gard\nChevalier de la L\u00e9gion d'honneur,\nOfficier de l'Ordre national du M\u00e9rite\nVu les articles L.427-1 \u00e0 L.427-2 et l'article L.427-6 du code de l'environnement ;\nVu le d\u00e9cret du 13 juillet 2023 nommant M. J\u00e9r\u00f4me BONET, pr\u00e9fet du Gard ;\nVu l'arr\u00eat\u00e9 pr\u00e9fectoral du 21 mars 2024, publi\u00e9 au R.A.A. n\u00b0 30-2024-03-21-00007 portant d\u00e9l\u00e9gation de  \nsignature  en  mati\u00e8re  d'administration  g\u00e9n\u00e9rale  \u00e0  M.  S\u00e9bastien  FERRA,  Directeur  d\u00e9partemental  des \nterritoires et de la mer et la d\u00e9cision n\u00b02025-SF-AG01 publi\u00e9e au R.A.A. n\u00b030-2025-03-21-00015 du 21 mars \n2025 portant subd\u00e9l\u00e9gation de signature en mati\u00e8re d'administration g\u00e9n\u00e9rale ;\nVu l'arr\u00eat\u00e9 pr\u00e9fectoral n\u00b030-2025-05-20-00004 du 20 mai 2025 approuvant le sch\u00e9ma d\u00e9partemental de  \ngestion cyn\u00e9g\u00e9tique 2025-2031 ;\nVu la  liste  des  communes  d'intervention  renforc\u00e9e  de  la  louveterie  propos\u00e9e  par  la  F\u00e9d\u00e9ration  \nd\u00e9partementale des chasseurs du Gard en date du 19 d\u00e9cembre 2025 ;\nVu l'avis favorable du Directeur d\u00e9partemental des territoires et de la mer du Gard ;\nConsid\u00e9rant qu'Aigues-Mortes,  Aigu\u00e8ze,  Beauvoisin,  Belvezet,  Boissi\u00e8res,  Boucoiran,  La-Brugui\u00e8re,  \nCabrieres, Caissargues, Calvisson, La Capelle-Masmol\u00e8ne, Caveirac, Corconne, Dions, Durfort, Fourques,  \nLanglade,  Laval-Saint-Roman,  Ledenon,  Lezan,  Logrian,  Lussan,  Marguerittes,  Massillargues-Attuech, \nMejannes Les Al\u00e8s , Nages et Solorgues,  Navacelles,  N\u00eemes, Rodilhan , Saint Gervasy , S aint-Gilles, Saint-\nHilaire-de-Brethmas,  Saint-Jean-de-Crieulon,  Saint-Laurent-d'Aigouze,  Saint-Laurent-de-Carnols,  Saint-\nNazaire-des-Gardies,  Saint-Mamert-du-Gard,  Saint-Privat-des-Vieux,  Sainte-Anastasie,  Sanilhac-Sagri\u00e8s,  \nSauve, Saze, Tornac, Vallerargues, Vauvert et Verfeuil font partie des communes enregistrant de mani\u00e8re \nr\u00e9currente de forts d\u00e9g\u00e2ts agricoles dus au sanglier ;\nConsid\u00e9rant que pour la campagne cyn\u00e9g\u00e9tique 2024-2025 le montant cumul\u00e9 des d\u00e9g\u00e2ts agricoles et le  \nnombre  de  dossiers  sur  les  communes  de  Aigues-Mortes,  Aigu\u00e8ze,  Beauvoisin,  Belvezet,  Boissi\u00e8res,  \nBoucoiran, La-Brugui\u00e8re, Cabrieres,  Caissargues,  Calvisson, La Capelle-Masmol\u00e8ne, Caveirac, Corconne,  \nDions, Durfort, Fourques, Langlade, Laval-Saint-Roman, Ledenon, Lezan, Logrian, Lussan,  Marguerittes, \nMassillargues-Attuech,  Mejannes  Les  Al\u00e8s , Nages  et  Solorgues,  Navacelles,  N\u00eemes, Rodilhan , Saint \nGervasy, S aint-Gilles,  Saint-Hilaire-de-Brethmas,  Saint-Jean-de-Crieulon,  Saint-Laurent-d'Aigouze,  Saint-\nLaurent-de-Carnols,  Saint-Nazaire-des-Gardies,  Saint-Mamert-du-Gard,  Saint-Privat-des-Vieux,  Sainte-\nAnastasie, Sanilhac-Sagri\u00e8s, Sauve, Saze, Tornac, Vallerargues, Vauvert et Verfeuil s'\u00e9l\u00e8ve \u00e0 273  979 euros \npour 166 dossiers, sur un total de 402 215 euros et 342 dossiers ;\nConsid\u00e9rant que le nombre de sangliers pr\u00e9lev\u00e9s annuellement \u00e0 la chasse dans le d\u00e9partement du Gard  \nplace depuis plusieurs ann\u00e9es ce d\u00e9partement en premi\u00e8re position au niveau national pour le nombre  \nde sangliers pr\u00e9lev\u00e9s ;\n89, rue Weber \u2013 30907 NIMES CEDEX 2\nT\u00e9l : 04 66 62 62 00 - Fax : 04 66 23 28 79 - www.gard.gouv.fr\nDirection D\u00e9partementale des Tetrritoires et de la Mer du Gard - 30-2025-12-31-00004 - Acte administratif relatif \u00e0 la mise en place\nd'op\u00e9rations de destruction de sangliers par des tirs administratifs et des chasses particuli\u00e8res sur 46 communes dans le d\u00e9partement\ndu Gard\n24\nConsid\u00e9rant que les massifs bois\u00e9s et les garrigues, caract\u00e9ristiques du d\u00e9partement du Gard, sont des  \nmilieux favorables \u00e0 l'esp\u00e8ce au sein desquels se r\u00e9fugie une population importante de sangliers ;\nConsid\u00e9rant que par son niveau tr\u00e8s important dans le d\u00e9partement du Gard, la population de l'esp\u00e8ce \n\u00ab Sus scrofa \u00bb commun\u00e9ment appel\u00e9e sanglier, n'est pas en d\u00e9clin ;\nConsid\u00e9rant que le niveau de population de l'esp\u00e8ce sanglier et que les d\u00e9g\u00e2ts importants caus\u00e9s par  \ncette esp\u00e8ce aux cultures agricoles dans certaines zones du d\u00e9partement du Gard, ont permis de classer  \nle sanglier en tant qu'esp\u00e8ce susceptible d'occasionner des d\u00e9g\u00e2ts (ESOD) dans le d\u00e9partement du Gard ;\nConsid\u00e9rant que le nombre de sangliers susceptibles d'\u00eatre d\u00e9truits dans le cadre du pr\u00e9sent arr\u00eat\u00e9 n'est  \npas  significatif  au  regard  de  la  population  totale  de  sangliers  et  du  nombre  de  sangliers  pr\u00e9lev\u00e9s  \nannuellement par la chasse ;\nConsid\u00e9rant que la chasse et la destruction par pi\u00e9geage ne suffisent pas \u00e0 emp\u00eacher les d\u00e9g\u00e2ts sur les  \nbiens et les cultures agricoles dus aux sangliers ;\nConsid\u00e9rant que la mise en place de solutions alternatives telles que r\u00e9pulsifs et ultra-sons ne permettent \npas d'obtenir des r\u00e9sultats totalement satisfaisants ;\nConsid\u00e9rant que le pr\u00e9sent arr\u00eat\u00e9 vise \u00e0 pr\u00e9venir les augmentations de d\u00e9g\u00e2ts sur les biens et les cultures \nagricoles par des interventions administratives ponctuelles et proportionn\u00e9es aux d\u00e9g\u00e2ts occasionn\u00e9s  \naux cultures et aux biens ;\nConsid\u00e9rant que la proc\u00e9dure habituelle d'\u00e9diction d'un arr\u00eat\u00e9 d'intervention de la louveterie n\u00e9cessite  \nun d\u00e9lai compris entre cinq et sept jours ouvr\u00e9s, durant lequel les d\u00e9g\u00e2ts en pr\u00e9sence de sangliers  \npeuvent s'intensifier jusqu'\u00e0 atteindre plusieurs dizaines de milliers d'euros de pertes ;\nConsid\u00e9rant l'imp\u00e9rative n\u00e9cessit\u00e9 d'intervenir le plus rapidement possible afin de limiter les d\u00e9g\u00e2ts sur  \nles biens et les cultures agricoles qu'occasionne la pr\u00e9sence de sangliers sur le territoire des communes  \nd'Aigues-Mortes,  Aigu\u00e8ze,  Beauvoisin,  Belvezet,  Boissi\u00e8res,  Boucoiran,  La-Brugui\u00e8re,  Cabrieres,  \nCaissargues, Calvisson, La Capelle-Masmol\u00e8ne,  Caveirac,  Corconne, Dions, Durfort, Fourques, Langlade,  \nLaval-Saint-Roman, Ledenon, Lezan, Logrian, Lussan,  Marguerittes,  Massillargues-Attuech,   Mejannes les  \nAl\u00e8s,  Nages  et  Solorgues,  Navacelles,  N\u00eemes,  Rodilhan,  Saint  Gervasy, Saint-Gilles,  Saint-Hilaire-de-\nBrethmas,  Saint-Jean-de-Crieulon,  Saint-Laurent-d'Aigouze,  Saint-Laurent-de-Carnols,  Saint-Nazaire-des-\nGardies,  Saint-Mamert-du-Gard,  Saint-Privat-des-Vieux,  Sainte-Anastasie,  Sanilhac-Sagri\u00e8s,  Sauve,  Saze, \nTornac, Vallerargues, Vauvert et Verfeuil ;\nConsid\u00e9rant que cet arr\u00eat\u00e9 vise l'intervention de la louveterie uniquement en situation d'urgence et  \napr\u00e8s signalement de d\u00e9g\u00e2ts dans une des communes vis\u00e9es \u00e0 l'article 1 ;\nConsid\u00e9rant que les interventions de la louveterie peuvent \u00eatre diligent\u00e9es hors p\u00e9riode de chasse quand \ncertaines cultures ou semis sont sensibles aux d\u00e9g\u00e2ts caus\u00e9s par les sangliers ;\nConsid\u00e9rant que chaque intervention fait l'objet d'une information pr\u00e9alable et d'un rapport a posteriori \ntransmis aux services de la pr\u00e9fecture ;\nARR\u00caTE\nArticle 1er :\nAussit\u00f4t apr\u00e8s un signalement de d\u00e9g\u00e2ts sur des biens ou des cultures agricoles, les lieutenants  \nde  louveterie,  titulaires  sur  les  circonscriptions  concern\u00e9es,  peuvent  org aniser  des  op\u00e9rations  de  \ndestruction  de  sangliers  par  des  tirs  administratifs  et  des  chasses  particuli\u00e8res  sur  l'ensemble  des  \nterritoires  des  communes  d'Aigues-Mortes,  Aigu\u00e8ze,  Beauvoisin,   Belvezet,  Boissi\u00e8res,  Boucoiran,  La-\nBrugui\u00e8re, Cabrieres, Caissargues, Calvisson, La Capelle-Masmol\u00e8ne, Caveirac, Corconne, Dions, Durfort, \nFourques,  Langlade,  Laval-Saint-Roman,  Ledenon,  Lezan,  Logrian,  Lussan,  Marguerittes, Massillargues-\nAttuech, Mejannes Les Al\u00e8s, Nages et Solorgues,  Navacelles, N\u00eemes, Rodilhan, Saint Gervasy, Saint-Gilles, \nSaint-Hilaire-de-Brethmas,  Saint-Jean-de-Crieulon,  Saint-Laurent-d'Aigouze,  Saint-Laurent-de-Carnols,  \nSaint-Nazaire-des-Gardies,  Saint-Mamert-du-Gard,  Saint-Privat-des-Vieux,  Sainte-Anastasie,  Sanilhac-\nSagri\u00e8s,  Sauve,  Saze,  Tornac,  Vallerargues,  Vauvert  et  Verfeuil,  en  vue  de  d\u00e9truire  la  population  de \nsangliers occasionnant des d\u00e9g\u00e2ts sur les biens et sur les cultures agricoles, et ce jusqu'au 31 mars 2026.\n89, rue Weber \u2013 30907 NIMES CEDEX 2\nT\u00e9l : 04 66 62 62 00 - Fax : 04 66 23 28 79 - www.gard.gouv.fr\nDirection D\u00e9partementale des Tetrritoires et de la Mer du Gard - 30-2025-12-31-00004 - Acte administratif relatif \u00e0 la mise en place\nd'op\u00e9rations de destruction de sangliers par des tirs administratifs et des chasses particuli\u00e8res sur 46 communes dans le d\u00e9partement\ndu Gard\n25\nArticle 2 :\nLes lieutenants de louveterie, titulaires sur les circonscriptions concern\u00e9es, responsables des  \nop\u00e9rations, peuvent se faire aider par d'autres lieutenants de louveterie.\nEn cas d'emp\u00eachement, seul un des autres lieutenants de louveterie du d\u00e9partement, mandat\u00e9  \npar  le  titulaire,  peut  diriger  les  op\u00e9rations.  Toutefois,  il  peut  faire  appel  \u00e0  d'autres  lieutenants  de  \nlouveterie pour le d\u00e9roulement des op\u00e9rations.\nEn cas de besoin les lieutenants de louveterie, titulaires sur les circonscriptions concern\u00e9es,  \npeuvent solliciter l'appui de pi\u00e9geurs agr\u00e9\u00e9s, de la police municipale, de la gendarmerie et des agents de  \nd\u00e9veloppement de la f\u00e9d\u00e9ration d\u00e9partementale des chasseurs.\nLes lieutenants de louveterie, titulaires sur les circonscriptions concern\u00e9es, peuvent  se faire  \naccompagner des personnes de leur choix, n\u00e9cessaires \u00e0 la s\u00e9curit\u00e9 et \u00e0 l'efficacit\u00e9 de la mission. Seuls les \nlieutenants de louveterie effectuent les tirs administratifs de nuit.\nArticle 3 :\n- Pour les battues administratives  : 50 personnes au maximum, munis de leur permis de chasser  \nvalid\u00e9 pour la saison en cours et de leur assurance, peuvent prendre part aux op\u00e9rations. Le choix des  \ntireurs est laiss\u00e9 \u00e0 l'appr\u00e9ciation du lieutenant de louveterie responsable. Toutefois, si le nombre de  \nchasseurs locaux volontaires est jug\u00e9 insuffisant, il peut faire appel \u00e0 d'autres chasseurs et \u00e0 tous les  \nlieutenants de louveterie du d\u00e9partement.\n- Les tirs de r\u00e9gulation et les chasses particuli\u00e8res, sont autoris\u00e9s de jour comme de nuit  : ceux-ci \npeuvent \u00eatre effectu\u00e9s avec l'aide de sources lumineuses et de mat\u00e9riel de vision et de vis\u00e9e thermique. \nL'utilisation d'un ou plusieurs v\u00e9hicules est autoris\u00e9e pour l'ex\u00e9cution de la mission. \u00c0 ce titre, le  \nlieutenant de louveterie : \n- dote  le  ou  les  v\u00e9hicules  d'une  mention  amovible  s\u00e9rigraphi\u00e9e  portant  la  mention  \u00abTirs  de \nr\u00e9gulation - Lieutenant de louveterie\u00bb lorsqu'il est n\u00e9cessaire que le public l'identifie dans sa mission.\nLe tir peut s'effectuer \u00e0 partir du v\u00e9hicule \u00e0 l'arr\u00eat.  L'utilisation du mat\u00e9riel d'observation \u00e0  \nvision thermique et du mat\u00e9riel de tir \u00e0 vis\u00e9e thermique est autoris\u00e9.\nLe tir intervient dans des conditions de s\u00e9curit\u00e9 maximale et en respectant les r\u00e8glements  \nrelatifs \u00e0 l'usage des armes \u00e0 feu. Seuls les lieutenants de louveterie effectuent les tirs administratifs de  \nnuit.\nLe  lieutenant  de  louveterie  responsable  peut,  s'il  le  juge  n\u00e9cessaire,  utiliser  dans  la  zone  \nd'intervention un app\u00e2t pour avoir une meilleure efficacit\u00e9 des tirs administratifs de nuit. Cet app\u00e2t peut \n\u00eatre laiss\u00e9 en place pendant la dur\u00e9e des interventions. Les agents de l'Office fran\u00e7ais de la biodiversit\u00e9  \ndoivent \u00eatre inform\u00e9s de la mise en place de ce dispositif.\n- Pour la mise en place des cages-pi\u00e8ges , les lieutenants de louveterie responsables, pr\u00e9viennent  \nla direction d\u00e9partementale des territoires et de la mer et le service d\u00e9partemental de l'Office fran\u00e7ais  \nde la biodiversit\u00e9 du ou des lieu(x) de leur(s) emplacement(s).\nUn app\u00e2t peut \u00eatre utilis\u00e9 pour attirer les animaux dans le dispositif de capture (cage). Les  \nanimaux captur\u00e9s sont abattus par le lieutenant de louveterie.\nLes op\u00e9rations de captures, par un dispositif de cage-pi\u00e8ge, peuvent se d\u00e9rouler pendant toute  \nla dur\u00e9e de validit\u00e9 du pr\u00e9sent arr\u00eat\u00e9.\nArticle 4:\nLes lieutenants de louveterie responsables interviennent au moment le plus opportun compte  \ntenu des d\u00e9g\u00e2ts sur les biens et sur les cultures agricoles \u00e0 prot\u00e9ger. Avant leur premi\u00e8re intervention, ils  \ninforment le maire de la commune concern\u00e9e et le(s) d\u00e9tenteur(s) du droit de chasse concern\u00e9(s) par ces \ninterventions, afin de pr\u00e9ciser les modalit\u00e9s de l'intervention et la participation du d\u00e9tenteur (qui est  \nrecommand\u00e9e sauf opposition notoire du d\u00e9tenteur, \u00e0 signaler par \u00e9crit \u00e0 la DDTM).\n89, rue Weber \u2013 30907 NIMES CEDEX 2\nT\u00e9l : 04 66 62 62 00 - Fax : 04 66 23 28 79 - www.gard.gouv.fr\nDirection D\u00e9partementale des Tetrritoires et de la Mer du Gard - 30-2025-12-31-00004 - Acte administratif relatif \u00e0 la mise en place\nd'op\u00e9rations de destruction de sangliers par des tirs administratifs et des chasses particuli\u00e8res sur 46 communes dans le d\u00e9partement\ndu Gard\n26\nArticle 5:\nLes animaux d\u00e9truits au cours de ces op\u00e9rations seront partag\u00e9s \u00e0 la diligence du lieutenant de  \nlouveterie responsable (agriculteurs ayant subi des d\u00e9g\u00e2ts, participants). La personne \u00e0 qui l'animal est  \nremis doit assurer une \u00e9limination des d\u00e9chets de venaison conform\u00e9ment \u00e0 la r\u00e9glementation.\nArticle 6 :\nLe  lieutenant  de  louveterie  responsable  pr\u00e9cise  \u00e0  l'avance  au  directeur  d\u00e9partemental  des \nterritoires et de la mer, la date, l'heure et la dur\u00e9e des op\u00e9rations de r\u00e9gulation administrative. Il avertit  \npar t\u00e9l\u00e9phone ou par courriel le chef du service d\u00e9partemental de l'Office fran\u00e7ais de la biodiversit\u00e9 et le \nchef de la brigade de gendarmerie.\nArticle 7 :\nLe lieutenant de louveterie responsable \u00e9tablit et adresse \u00e0 la D.D.T.M. un rapport \u00e0 la fin des  \nop\u00e9rations. Ce document mentionne pr\u00e9cis\u00e9ment :\nPour les tirs administratifs  et les battues :\n\u27a2 les dates et heures des tirs administratifs de nuit et des battues administratives, le  \nnombre d'animaux vus, tir\u00e9s, tu\u00e9s, le sexe de ces derniers et leur destination.\nPour l'utilisation des cages pi\u00e8ge :\n\u27a2 le(s) lieu(x) d'emplacement du dispositif de capture ,\n\u27a2 la date de mise en place,\n\u27a2 la date d'enl\u00e8vement du dispositif,\n\u27a2 l'utilisation d'un app\u00e2t, (si oui, pr\u00e9ciser l'app\u00e2t),\n\u27a2 le  nombre  d'animaux  captur\u00e9s  et  abattus,  le  sexe  de  ces  derniers  et  leur  \ndestination.\nArticle 8 :\nLe pr\u00e9sent arr\u00eat\u00e9 peut faire l'objet d'un recours contentieux aupr\u00e8s du tribunal administratif de  \nN\u00eemes dans les deux mois \u00e0 compter de sa publication. Le tribunal administratif peut aussi \u00eatre saisi par  \nl'application informatique \u00ab t\u00e9l\u00e9-recours Citoyens \u00bb accessible par le site internet www.t\u00e9l\u00e9recours.fr.\nArticle 9 :\nLe secr\u00e9taire g\u00e9n\u00e9ral de la pr\u00e9fecture du Gard, les sous-pr\u00e9fets d'Al\u00e8s et du Vigan, le Directeur  \nd\u00e9partemental des territoires et de la mer, le commandant du groupement de gendarmerie du Gard, le  \nchef du service d\u00e9partemental de l'Office fran\u00e7ais de la biodiversit\u00e9, les lieutenants de louveterie du  \nGard, sont charg\u00e9s, chacun en ce qui le concerne, de l'ex\u00e9cution du pr\u00e9sent arr\u00eat\u00e9 qui sera publi\u00e9 au  \nrecueil des actes administratifs de la pr\u00e9fecture du Gard.\nLE MAIRE DE LA COMMUNE PROC\u00c8DE \u00c0 L'AFFICHAGE DU PR\u00c9SENT ARR\u00caT\u00c9.\n                                                                                                            N\u00eemes, le  31/12/25\n                                                                                                           Le pr\u00e9fet,\n  Pour le Pr\u00e9fet et par d\u00e9l\u00e9gation, \n  le Directeur D\u00e9partemental \n des Territoires et de la Mer du Gard\n SIGN\u00c9\nS\u00e9bastien FERRA\n89, rue Weber \u2013 30907 NIMES CEDEX 2\nT\u00e9l : 04 66 62 62 00 - Fax : 04 66 23 28 79 - www.gard.gouv.fr\nDirection D\u00e9partementale des Tetrritoires et de la Mer du Gard - 30-2025-12-31-00004 - Acte administratif relatif \u00e0 la mise en place\nd'op\u00e9rations de destruction de sangliers par des tirs administratifs et des chasses particuli\u00e8res sur 46 communes dans le d\u00e9partement\ndu Gard\n27\nDirection D\u00e9partementale des Tetrritoires et de\nla Mer du Gard\n30-2025-12-08-00008\nArr\u00eat\u00e9 portant d\u00e9rogation au d\u00e9lai de d\u00e9p\u00f4t\nd'une d\u00e9cision de cl\u00f4ture pour l 'op\u00e9ration de\nconstruction de 52 logements sociaux \u00e0 Saint\nG\u00e9nies de Comolas, site \u00ab\u00a0les oliviers\u00a0\u00bb ancien\nchemin d'Avignon.\nDirection D\u00e9partementale des Tetrritoires et de la Mer du Gard - 30-2025-12-08-00008 - Arr\u00eat\u00e9 portant d\u00e9rogation au d\u00e9lai de d\u00e9p\u00f4t\nd'une d\u00e9cision de cl\u00f4ture pour l 'op\u00e9ration de construction de 52 logements sociaux \u00e0 Saint G\u00e9nies de Comolas, site \u00ab\u00a0les oliviers\u00a0\u00bb\nancien chemin d'Avignon.\n28\nPREFETDU GARDLibert\u00e9Egalit\u00e9Fraternit\u00e9\nDirection d\u00e9partementale\ndes territoires et de la mer\nService Habitat Construction\nAffaire suivie par : S.RANC\nT\u00e9l. : 04 66 62 62 30\nsandrine.ranc@gard.gouv.fr\nARR\u00caT\u00c9 N\u00b0\nportant d\u00e9rogation au d\u00e9lai de d\u00e9p\u00f4t d'une d\u00e9cision de cl\u00f4ture pour l 'op\u00e9ration de construction de 52\nlogements sociaux \u00e0 Saint G\u00e9nies de Comolas, site \u00ab les oliviers \u00bb ancien chemin d'Avignon \nLe pr\u00e9fet du Gard\nChevalier de la L\u00e9gion d'honneur,\nOfficier de l'ordre national du M\u00e9rite\nVU   le code de la construction et de l 'habitation (CCH) et ses annexes, notamment l 'article D 331-7.\nVU  la loi n\u00b082-213 du 2 mars 1982 relative aux droits  et libert\u00e9s des communes, des d\u00e9partements et des\nr\u00e9gions .\nVU   le d\u00e9cret n\u00b0 2004-374 du 29 avril 2004 modifi\u00e9, r elatif aux pouvoirs des pr\u00e9fets, \u00e0 l'organisation e t \u00e0\nl'action des services de l'\u00c9tat dans les r\u00e9gions et des d\u00e9partements.\nVU   le d\u00e9cret n\u00b0 2009-1484 du 3 d\u00e9cembre2009  modifi\u00e9  r elatif  aux  directions  d\u00e9partementales\ninterminist\u00e9rielles .\nVU\n le d\u00e9cret n\u00b0 2020-1050 du 14 ao\u00fbt 2020 modifiant le d\u00e9cret n\u00b0 2009-1484 du 3 d\u00e9cembre 2009 relatif\naux directions d\u00e9partementales interminist\u00e9rielles.\nVU le d\u00e9cret du 13 juillet 2023 nommant M. J\u00e9r\u00f4me BONET en qualit\u00e9 de pr\u00e9fet du Gard .\nVU  le d\u00e9cret n\u00b0 2020-412 du 8 avril 2020, relatif au droit de d\u00e9rogation reconnu du pr\u00e9fet .\nVU  le d\u00e9cret n\u00b0 2025-724 du 30 juillet 2025 \u00e9tendant le pouvoir de d\u00e9rogation reconnu au pr\u00e9fet et pris\npour l'application du d\u00e9cret modifiant le d\u00e9cret n\u00b0  2004-374 du 29 avril 2004 relatif aux pouvoirs des\npr\u00e9fets, \u00e0 l'organisation et \u00e0 l'action des services de L'\u00c9tat dans les r\u00e9gions et d\u00e9partements.\nVU   l'arr\u00eat\u00e9 de la Premi\u00e8re ministre et du ministre d e l'int\u00e9rieur et des outre-mer du 10 juin 2022\nnommant M. S\u00e9bastien FERRA directeur d\u00e9partemental des territoires et de la Mer du Gard .\nVU   l'arr\u00eat\u00e9 pr\u00e9fectoral N\u00b0 30-2025-06-03-00007 du 3 juin 2025 portant organisation de la direction\nd\u00e9partementale des territoires et de la mer du Gard.\nVU   la d\u00e9cision du  16 d\u00e9cembre 2016 prorog\u00e9e de deux  ans, portant agr\u00e9ment pour la construction de\n52   logements locatifs sociaux \u00e0 Saint G\u00e9nies de Comolas, site \u00ab les oliviers \u00bb ancien chemin d'Avignon  .\nVU   la d\u00e9cision du 10 mai 2019  portant transfert  au  b\u00e9n\u00e9fice de la soci\u00e9t\u00e9 CDC habitat social de la\nd\u00e9cision d'agr\u00e9ment  et de financement pour la cons truction de logements aid\u00e9s accord\u00e9e \u00e0 la soci\u00e9t\u00e9\nNouveau Logis Proven\u00e7al.\nDirection D\u00e9partementale des Tetrritoires et de la Mer du Gard - 30-2025-12-08-00008 - Arr\u00eat\u00e9 portant d\u00e9rogation au d\u00e9lai de d\u00e9p\u00f4t\nd'une d\u00e9cision de cl\u00f4ture pour l 'op\u00e9ration de construction de 52 logements sociaux \u00e0 Saint G\u00e9nies de Comolas, site \u00ab\u00a0les oliviers\u00a0\u00bb\nancien chemin d'Avignon.\n29\nVU  la demande du bailleur social CDC habitat social  du 31  juillet 2025 .\nVU   l'expertise partag\u00e9e entre le bureau de l'organis ation et des missions de l'administration territori ale\net le minist\u00e8re de la transition \u00e9cologique conclua nt sur la possibilit\u00e9 de prendre un arr\u00eat\u00e9 pr\u00e9fecto ral\ndans le cadre du droit de d\u00e9rogation reconnu du pr\u00e9fet .\nCONSIDERANT  Le programme de construction de 52 logements sociaux  engag\u00e9 par le bailleur social\nCDC habitat social .\nCONSIDERANT Q ue ce programme consiste en la construction de 52 l ogements sociaux, \u00e9chelonn\u00e9 en\nonze phases dont les quatre premi\u00e8res sont achev\u00e9es .\nCONSIDERANT  Que\n les difficult\u00e9s techniques et structurelles ont con duit \u00e0 la suspension du chantier\ndepuis 2022. \nCONSIDERANT\n Que des sondages ont r\u00e9v\u00e9l\u00e9 d'importantes anomalies  n\u00e9cessitant des travaux de\nconfortation majeurs et que ces derniers font actuellement l'objet d'expertises judiciaires .\nCONSIDERANT   Que les travaux de construction de ces 52 logemen ts locatifs sociaux ne pourront \u00eatre\nachev\u00e9s avant le 17 d\u00e9cembre 2025.\nCONSIDERANT  L'int\u00e9r\u00eat de ces 52 logements qui sont destin\u00e9s \u00e0 ac cueillir des locataires \u00e0 faibles\nrevenus financiers dans un secteur aux besoins av\u00e9r\u00e9s.\nCONSIDERANT   Que la prolongation de d\u00e9lai de r\u00e9alisation de cette op\u00e9ration est n\u00e9cessaire.\nCONSIDERANT  Que cette prolongation entre dans le champ du droi t de d\u00e9rogation reconnu au pr\u00e9fet\npar d\u00e9cret n\u00b0 2020-412 du 8 avril 2020, relatif au droit de d\u00e9rogation reconnu modifi\u00e9 par d\u00e9cret n\u00b0 2025-\n724 du 30 juillet 2025 \u00e9tendant le pouvoir de d\u00e9rog ation reconnu au pr\u00e9fet et pris pour l'application du\nd\u00e9cret modifiant le d\u00e9cret n\u00b0 2004-374 du 29 avril 2004 relatif aux pouvoirs des pr\u00e9fets, \u00e0 l'organisa tion\net \u00e0 l'action des services de L'\u00c9tat dans les r\u00e9gions et d\u00e9partements.\nSUR PROPOSITION  de Monsieur le directeur\nARR\u00caTE \nARTICLE 1 :\nPar d\u00e9rogation \u00e0 l'article D.331-7 du code de la construction et de l'habitation, en ce qu'il fixe le d\u00e9lai de\nr\u00e9alisation d'une op\u00e9ration subventionn\u00e9e par l'\u00c9ta t, la dur\u00e9e de validit\u00e9 de la d\u00e9cision est prolong\u00e9 e de\ndeux  ans et la date limite de d\u00e9p\u00f4t du dossier de cl\u00f4ture de l'op\u00e9ration est report\u00e9e au 17 d\u00e9cembre\nd\u00e9cembre 2027.\nARTICLE 2 :\nLe secr\u00e9taire g\u00e9n\u00e9ral de la pr\u00e9fecture et le direct eur d\u00e9partemental des territoires et de la mer du G ard\nsont charg\u00e9s, chacun en ce qui le concerne, de l'ex \u00e9cution du pr\u00e9sent arr\u00eat\u00e9 qui sera publi\u00e9 au recuei l\ndes actes administratifs de la pr\u00e9fecture et des services d\u00e9concentr\u00e9s de l'\u00c9tat.\nN\u00eemes, le 8 d\u00e9cembre 2025\nLe pr\u00e9fet,\nSIGN\u00c9\nJ\u00e9r\u00f4me BONET\nDirection D\u00e9partementale des Tetrritoires et de la Mer du Gard - 30-2025-12-08-00008 - Arr\u00eat\u00e9 portant d\u00e9rogation au d\u00e9lai de d\u00e9p\u00f4t\nd'une d\u00e9cision de cl\u00f4ture pour l 'op\u00e9ration de construction de 52 logements sociaux \u00e0 Saint G\u00e9nies de Comolas, site \u00ab\u00a0les oliviers\u00a0\u00bb\nancien chemin d'Avignon.\n30\nDirection D\u00e9partementale des Tetrritoires et de\nla Mer du Gard\n30-2026-01-05-00011\nArr\u00eat\u00e9 pr\u00e9fectoral relatif \u00e0 l'exercice de la p\u00eache\nen eau douce dans le d\u00e9partement du Gard pour\nl'ann\u00e9e 2026\nDirection D\u00e9partementale des Tetrritoires et de la Mer du Gard - 30-2026-01-05-00011 - Arr\u00eat\u00e9 pr\u00e9fectoral relatif \u00e0 l'exercice de la\np\u00eache en eau douce dans le d\u00e9partement du Gard pour l'ann\u00e9e 2026 31\nPREFETDU GARDLibert\u00e9Egalit\u00e9Fraternit\u00e9\nDirection d\u00e9partementale\ndes territoires et de la mer\nService eau et nature\nUnit\u00e9 gestion qualitative et milieux aquatiques\nAffaire suivie par : Genevi\u00e8ve SOLER\nT\u00e9l. : 04 66 62 65 22\ngenevieve.soler@gard.gouv.fr\nArr\u00eat\u00e9 pr\u00e9fectoral n\u00b0 \nrelatif \u00e0 l'exercice de la p\u00eache en eau douce dans le d\u00e9partement du Gard\npour l'ann\u00e9e 2026\nLe pr\u00e9fet du Gard \nChevalier de la L\u00e9gion d'honneur\nChevalier de l'ordre national du M\u00e9rite\nVU Le livre IV, titre III du code de l'environnement relatif \u00e0 la p\u00eache en eau douce et la gestion des\nressources piscicoles, notamment ses articles L.436-5, R.436-6 \u00e0 68.\nVU Le PLAGEPOMI Rh\u00f4ne-M\u00e9diterran\u00e9e de 2022-2027.\nVU  Le r\u00e8glement europ\u00e9en R (CE) n\u00b0 1100/2007 du 18 sep tembre 2007 instituant des mesures de\nreconstitution du stock d'anguilles europ\u00e9ennes.\nVU Le d\u00e9cret N\u00b0 58-873 du 16 septembre 1958, version consolid\u00e9e au 26 d\u00e9cembre 1985, d\u00e9terminant le\nclassement des cours d'eau en deux cat\u00e9gories piscicoles.\nVU Le d\u00e9cret N\u00b0 2010-243 du 10 mars 2010 modifiant les dates d'ouv erture et de fermeture de la p\u00eache\ndans les eaux de 1\u00e8re cat\u00e9gorie piscicole et de la p\u00eache du brochet dans les eaux de 2\u00e8me cat\u00e9gorie\npiscicole.\nVU  Le d\u00e9cret n\u00b0 2016-417 du 7 avril 2016 modifiant div erses dispositions du code de l'environnement\nrelatives \u00e0 la p\u00eache en eau douce.\nVU L'arr\u00eat\u00e9 minist\u00e9riel du 19 novembre 2007, version consolid\u00e9e au 19 d\u00e9cembre 2007, fixant la liste des\namphibiens et reptiles prot\u00e9g\u00e9s sur l'ensemble du territoire notamment les grenouilles vertes et rousses.\nVU L'arr\u00eat\u00e9 minist\u00e9riel du 14 mars 2024 relatif aux p \u00e9riodes de p\u00eache de l'anguille europ\u00e9enne (Anguilla\nanguilla) aux stades d'anguille jaune et d'anguille  argent\u00e9e en M\u00e9diterran\u00e9e et dans les eaux douces d es\nbassins Rh\u00f4ne-M\u00e9diterran\u00e9e et Corse.\nVU L'arr\u00eat\u00e9 pr\u00e9fectoral n\u00b0 2002-207-1 en date du 26 ju illet 2002, modifiant l'arr\u00eat\u00e9 n\u00b0 99/1354 du 2 juin\n1999 modifi\u00e9, fixant le classement des cours d'eau, canaux et plans d'eau en deux cat\u00e9gories.\nVU Le d\u00e9cret n\u00b0 2019-352 du 23 avril 2019 modifiant di verses dispositions du code de l'environnement\nrelatives \u00e0 la p\u00eache en eau douce.\nVU Le d\u00e9cret du 13 juillet 2023 nommant M. J\u00e9r\u00f4me BONET, pr\u00e9fet du Gard.\n1 / 14\n89, rue Weber \u2013 30907 NIMES CEDEX 2\nT\u00e9l : 04 66 62 62 00 - Fax : 04 66 23 28 79 - www.gard.gouv.fr\nDirection D\u00e9partementale des Tetrritoires et de la Mer du Gard - 30-2026-01-05-00011 - Arr\u00eat\u00e9 pr\u00e9fectoral relatif \u00e0 l'exercice de la\np\u00eache en eau douce dans le d\u00e9partement du Gard pour l'ann\u00e9e 2026 32\nVU L'arr\u00eat\u00e9 pr\u00e9fectoral n\u00b0 30-2024-03-21-00007 en date du 21 mars 2024 portant d\u00e9l\u00e9gation de signature\nen mati\u00e8re d'administration g\u00e9n\u00e9rale \u00e0 monsieur S\u00e9b astien FERRA, directeur d\u00e9partemental des\nterritoires et de la mer du Gard.\nVU La d\u00e9cision de M.FERRA, directeur d\u00e9partemental de s territoires et de la mer du Gard, portant\nsubd\u00e9l\u00e9gation de signature aux agents de la directi on d\u00e9partementale des territoires et de la mer du\nGard.\nVU  L'arr\u00eat\u00e9 pr\u00e9fectoral n\u00b0  n\u00b0 30-2025-01-08-00003 en date du 8 janvier 2025 relatif \u00e0 l'exercice de la\np\u00eache en eau douce dans le d\u00e9partement du Gard pour l'ann\u00e9e 2025.\nVU  La demande du pr\u00e9sident de la f\u00e9d\u00e9ration du Gard po ur la p\u00eache et la protection du milieu\naquatique en date des 29 ao\u00fbt 2025, 2 septembre 202 5 et 5 septembre 2025 avec ses compl\u00e9ments en\ndate des 12 septembre 2025 et 22 septembre 2025.\nVU L'avis de l'office fran\u00e7ais de la biodiversit\u00e9 en date du 7 novembre 2025.\nVU L'avis de l'AAIPPED Rh\u00f4ne aval m\u00e9diterran\u00e9e en date du 7 novembre 2025.\nVU L'accord tacite de la commission de bassin Rh\u00f4ne-M\u00e9diterran\u00e9e pour la p\u00eache professionnelle en eau\ndouce.\nVU L'accord tacite de la direction d\u00e9partementale des territoires de l'Ard\u00e8che.\nVU L'accord tacite du Conseil D\u00e9partemental.\nVU L'accord tacite de la compagnie nationale du Rh\u00f4ne.\nVU La consultation du public, engag\u00e9e en application de la loi n\u00b0 2012-1460 du 27 d\u00e9cembre 2012 relative\n\u00e0 la mise en \u0153uvre de la participation du public pr\u00e9vue par la charte  de l'environnement, fix\u00e9e du\nmercredi 19 novembre 2025 jusqu'au mardi 9 d\u00e9cembre  2025 inclus (21 jours) et l'absence de remarque\ndurant cette consultation du public.\nCONSIDERANT Que les dispositions du livre IV, titre III du code de l'environnement relatif \u00e0 la p\u00eache en\neau douce et la gestion des ressources piscicoles, donnent au pr\u00e9fet le pouvoir de r\u00e9glementer la p\u00each e\nen eau douce.\nCONSIDERANT  Qu'il s'av\u00e8re n\u00e9cessaire de r\u00e9glementer la p\u00eache da ns les eaux douces et fluviales du\nd\u00e9partement du Gard, en vue de prot\u00e9ger les diff\u00e9re ntes esp\u00e8ces de poissons et notamment les\nsalmonid\u00e9s.\nCONSIDERANT Que les crues r\u00e9currentes et les p\u00e9riodes de s\u00e9che resse prolong\u00e9es ont un impact\nsignificatif sur la population piscicole de l'ensemble des cours d'eau du Gard.\nSUR PROPOSITION de monsieur le directeur d\u00e9partemental des territoires et de la mer du Gard.\nARR\u00caTE \nARTICLE 1     :  P\u00eache aux lignes  \nDans le d\u00e9partement du Gard, les dates d'ouverture g\u00e9n\u00e9rale \u00e0 la p\u00eache aux lignes pour l'ann\u00e9e 2026\nsont les suivantes, sous r\u00e9serve des restrictions mentionn\u00e9es \u00e0 l'article 2 :\n\u25ba Cours d'eau de PREMIERE CATEGORIE :  Du samedi 14 mars 2026 au dimanche 20 septembre 2026\ninclus.\n1\u00b0) La p\u00eache est totalement interdite pour l'ann\u00e9e 2026 sur les secteurs suivants :\n2 / 14\n89, rue Weber \u2013 30907 NIMES CEDEX 2\nT\u00e9l : 04 66 62 62 00 - Fax : 04 66 23 28 79 - www.gard.gouv.fr\nDirection D\u00e9partementale des Tetrritoires et de la Mer du Gard - 30-2026-01-05-00011 - Arr\u00eat\u00e9 pr\u00e9fectoral relatif \u00e0 l'exercice de la\np\u00eache en eau douce dans le d\u00e9partement du Gard pour l'ann\u00e9e 2026 33\n* L'ensemble du ruisseau de Tourgueille \u00e0 l'aval de  Saint-Andr\u00e9-de-Valborgne (totalit\u00e9 du valat du\nRoumegous, ses affluents et sous-affluents).\n* L'ensemble des affluents et sous-affluents du Gar don en amont et dans le village de Saint-Andr\u00e9-de-\nValborgne.\n2]\u00b0 La p\u00eache est totalement interdite pour l'ann\u00e9e 2026 sur l'ensemble du Valat des Salles, commune Val\nd'Aigoual, de sa source jusqu'\u00e0 la confluence avec le ruisseau de Clarou.\n\u25ba Cours d'eau de DEUXIEME CATEGORIE : du 1er janvier au 31 d\u00e9cembre 2026 inclus.\nARTICLE 2   :    Dates d'ouvertures de p\u00eache par esp\u00e8ce de poissons et par cat\u00e9gorie  \nOutre les dates d'ouverture g\u00e9n\u00e9rales indiqu\u00e9es \u00e0 l 'article ci-dessus, la p\u00eache des esp\u00e8ces suivantes est\nautoris\u00e9e durant les p\u00e9riodes ci-apr\u00e8s :\nDESIGNATION  DES\nESPECES\n1\u00e8re CATEGORIE 2\u00e8me CATEGORIE\nTruite  Fario,  Omble  de\nFontaine, Omble Chevalier,\nCristivomer, Truite de mer\n(2)\nDu samedi 14 mars 2026 au\ndimanche 20 septembre 2026\ninclus.\nDu samedi 14 mars 2026 au\ndimanche 20 septembre 2026\ninclus.\nAnguille  jaune  et  anguille\nargent\u00e9e ou de d\u00e9valaison\n(1) \nP\u00eache interdite toute l'ann\u00e9e (2 -\ndispositions  compl\u00e9mentaires\nplan anguille).\nP\u00eache interdite toute l'ann\u00e9e (2 -\ndispositions  compl\u00e9mentaires\nplan anguille).\nCivelle  (anguille  inf\u00e9rieure\n\u00e0 12 cm)\nP\u00eache interdite toute l'ann\u00e9e P\u00eache interdite toute l'ann\u00e9e\nBrochet Du samedi 25 avril 2026 au\ndimanche 20  septembre 2026\ninclus.\nDu jeudi 1er janvier 2026 au\ndimanche 25 janvier 2026 et du\nsamedi 25 avril 2026 au  jeudi 31\nd\u00e9cembre 2026 inclus.\nBlack-bass Du samedi 14 mars 2026 au\ndimanche 20 septembre 2026\ninclus.\nDu jeudi 1er janvier 2026 au\ndimanche 19 avril 2026 et du\nsamedi 27 juin 2026 au jeudi 31\nd\u00e9cembre 2026 inclus.\nSandre Du samedi 14 mars 2026 au\ndimanche 20 septembre 2026\ninclus.\nDu jeudi 1er janvier 2026 au\ndimanche 8 mars 2026 et du\nsamedi 25 avril 2026 au jeudi 31\nd\u00e9cembre 2026 inclus.\n(4)\nOmbre commun Du samedi 16 mai 2026 au\ndimanche 20 septembre 2026\ninclus.\nDu samedi 16 mai 2026 au jeudi\n31 d\u00e9cembre 2026 inclus.\n3 / 14\n89, rue Weber \u2013 30907 NIMES CEDEX 2\nT\u00e9l : 04 66 62 62 00 - Fax : 04 66 23 28 79 - www.gard.gouv.fr\nDirection D\u00e9partementale des Tetrritoires et de la Mer du Gard - 30-2026-01-05-00011 - Arr\u00eat\u00e9 pr\u00e9fectoral relatif \u00e0 l'exercice de la\np\u00eache en eau douce dans le d\u00e9partement du Gard pour l'ann\u00e9e 2026 34\nEcrevisses \u00e0 pattes rouges,\ndes  torrents,  \u00e0  pattes\nblanches et \u00e0 pattes gr\u00eales\n \nP\u00eache interdite toute l'ann\u00e9e. P\u00eache interdite toute l'ann\u00e9e.\nGrenouille  verte  et\ngrenouille rousse (3)\nDu mardi 1er juillet 2026 au\ndimanche 20 septembre 2026\ninclus.\nDu mercredi 1er juillet 2026 au\njeudi 31 d\u00e9cembre 2026 inclus.\nLamproie marine P\u00eache interdite toute l'ann\u00e9e. P\u00eache interdite toute l'ann\u00e9e.\nLamproie fluviatile Du samedi 14 mars 2026 au\ndimanche 20 septembre 2026\ninclus.\nDu samedi 14 mars 2026 au\ndimanche 20 septembre 2026\ninclus.\nAlose feinte Du samedi 14 mars 2026 au\nlundi  30 juin 2026 inclus.\nDu samedi 14 mars 2026 au\nlundi  30 juin 2026 inclus.\nAutres  esp\u00e8ces  dont  :\ntruite arc-en-ciel (2), mulet\nou muge, etc... \nDu samedi 14 mars 2026 au  20\nseptembre 2026 inclus.\nDu jeudi 1er janvier 2026 au\njeudi 31 d\u00e9cembre 2026  inclus.\nNotes :\n(1) L'anguille argent\u00e9e est caract\u00e9ris\u00e9e par la pr\u00e9sence  d'une ligne lat\u00e9rale diff\u00e9renci\u00e9e, d'une livr\u00e9e\ndorsale sombre, d'une livr\u00e9e ventrale blanch\u00e2tre et d'une hypertrophie oculaire.\n(2) La p\u00eache de la truite arc-en-ciel est ouverte d u samedi 14 mars au dimanche 20 septembre inclus, sur\nle Rh\u00f4ne \u00e0 l'aval du barrage de Vallabr\u00e8gues (partie de cours d'eau class\u00e9e \u00ab truite de mer \u00bb).\n(3) Le colportage, la vente, la mise en vente ou l' achat de la grenouille verte ou rousse, qu'il s'agi sse de\nsp\u00e9cimens vivants ou morts, sont interdits en toute p\u00e9riode.\n(4) Pour les \u00e9tangs de Vauvert, la p\u00eache au sandre est autoris\u00e9e uniquement pour les p\u00eacheurs\nprofessionnels du 1er janvier 2026 au 31 d\u00e9cembre 2026.\nDispositions compl\u00e9mentaires du Plan Anguille :\n1- La p\u00eache de la civelle est ferm\u00e9e toute l'ann\u00e9e dans les cours d'eau de 1\u00e8re et de 2\u00e8me cat\u00e9gorie.\n2- La p\u00eache de l'anguille jaune et de l'anguille ar gent\u00e9e (anguille de d\u00e9valaison) est ferm\u00e9e toute l'ann\u00e9e,\nsauf autorisations sp\u00e9cifiques.\n3- L'utilisation de l'anguille comme app\u00e2t \u00e0 tous les stades et sous toutes formes est interdite.\nARTICLE 3     :       P\u00eache \u00ab     amateur     \u00bb aux engins et aux filets     :\n* P\u00eache dans les eaux de premi\u00e8re cat\u00e9gorie\n4 / 14\n89, rue Weber \u2013 30907 NIMES CEDEX 2\nT\u00e9l : 04 66 62 62 00 - Fax : 04 66 23 28 79 - www.gard.gouv.fr\nDirection D\u00e9partementale des Tetrritoires et de la Mer du Gard - 30-2026-01-05-00011 - Arr\u00eat\u00e9 pr\u00e9fectoral relatif \u00e0 l'exercice de la\np\u00eache en eau douce dans le d\u00e9partement du Gard pour l'ann\u00e9e 2026 35\nTous les engins et filets sont interdits \u00e0 l'exception de 6 balances \u00e0 \u00e9crevisses au plus et de la verm\u00e9e.\n* P\u00eache dans les eaux de deuxi\u00e8me cat\u00e9gorie\nSont autoris\u00e9s du 1er janvier au 31 d\u00e9cembre :\n\u25ba La p\u00eache aux engins et aux filets dans tous les co urs d'eau du domaine public fluvial, \u00e0 l'exception du\nGardon en aval de l'aire de caravaning de Comps, de  la C\u00e8ze en aval de la Combe de Carmignan, du\nCanal du Rh\u00f4ne \u00e0 S\u00e8te et des contre-canaux du Rh\u00f4ne.\n\u25ba  L'emploi de la verm\u00e9e, de 6 balances \u00e0 \u00e9crevisses e t d'une bouteille ou carafe d'une contenance\nmaximale de 2 litres.\n\u25ba L'emploi du petit carrelet de 1 m\u00e8tre-carr\u00e9, maille de 10 mm au minimum, pour la capture de l'ablette,\nde la br\u00e8me, du chevesne, du gardon, du goujon, de la gr\u00e9mille, du hotu, de la lamproie fluviatile, de  la\nloche, du vairon, de la vandoise et des esp\u00e8ces susceptibles de provoquer des d\u00e9s\u00e9quilibres biologiques.\n\u25ba La p\u00eache des esp\u00e8ces suivantes  : Anguille, sandre, black-bass, truite fario, alose feinte, lamproie\nfluvialtile, omble de fontaine,  omble chevalier, c ristivomer, truite de mer, ombre commun, brochet,\n\u00e9crevisses et grenouilles (mentionn\u00e9es aux articles  R. 436-7, R. 436-10 et R. 436-11 du code de\nl'Environnement), n'est autoris\u00e9e que pendant les p \u00e9riodes d'ouverture sp\u00e9cifiques mentionn\u00e9es au\ntableau ci-dessus.\nARTICLE 4     : Dispositions particuli\u00e8res  \n4-1-Heures d'interdiction \u00e0 la p\u00eache\nLa p\u00eache  \u00abamateur \u00bb ne peut s'exercer plus d'une demi-heure avant le lever du soleil ni plus d'une demi-\nheure apr\u00e8s son coucher.\n4-2-     Parcours ouverts pour la p\u00eache \u00e0 la carpe de nuit  \nLa p\u00eache aux lignes de la carpe est autoris\u00e9e du bo rd seulement et \u00e0 toute heure dans les parties de\ncours d'eau et plans d'eau de 2\u00e8me cat\u00e9gorie suivantes :\n4-2-1- Du 1  er   janvier au 31 d\u00e9cembre  \n* Le Rh\u00f4ne en rive droite : 3 000 m, du P.K 194 au PK 197. Commune de Pont Saint Esprit.\n* Le Rh\u00f4ne en rive droite, 10 000 m du PK 252 au PK 262. Communes de Vallabr\u00e8gues et d'Aramon.\n* Le Rh\u00f4ne en rive gauche, entre les PK 254 et 255, e ntre les PK 256,5 et 258, entre les PK 261,5 et 262 .\nCommune de Vallabr\u00e8gues.\n* Le canal du Rh\u00f4ne \u00e0 S\u00e8te, en rive gauche, 4 000m du pont de Charancone ( limite amont) jusqu'\u00e0 100 m\n\u00e0 l'amont de l'\u00e9cluse de Nouriguier (limite aval ). Commune de Beaucaire.\n* Le vieux Rh\u00f4ne de Vallabr\u00e8gues (bras court-circuit\u00e9  entre le barrage de retenue de Vallabr\u00e8gues et le\nseuil de Beaucaire), rive gauche, 900 m du PK 265.1  (sortie du contre-canal) au PK 266 (amont du\nd\u00e9versoir lat\u00e9ral).\n* Le Gardon, commune de Comps, rive gauche sur 1 000 m -  lieu-dit  \u00abMassejeanne \u00bb.\n* Le Petit-Rh\u00f4ne, rive droite : 900 m\u00e8tres, du PK 321 \u00e0 l'\u00e9cluse de Sylv\u00e9r\u00e9al, PK 321.900.\n* Le Petit-Rh\u00f4ne, rive droite, commune de Fourques : 2 100 m, limite amont : pont de l'autoroute, limite\naval : prise d'eau du canal des italiens.\n5 / 14\n89, rue Weber \u2013 30907 NIMES CEDEX 2\nT\u00e9l : 04 66 62 62 00 - Fax : 04 66 23 28 79 - www.gard.gouv.fr\nDirection D\u00e9partementale des Tetrritoires et de la Mer du Gard - 30-2026-01-05-00011 - Arr\u00eat\u00e9 pr\u00e9fectoral relatif \u00e0 l'exercice de la\np\u00eache en eau douce dans le d\u00e9partement du Gard pour l'ann\u00e9e 2026 36\n* La rivi\u00e8re Ard\u00e8che \u2013 ensemble du lot DPF N\u00b0 7 sur  3 000 m\u00e8tres, du pont en ruine dit \u00ab  Vieux pont\nd'Ard\u00e8che \u00bb jusqu'\u00e0 un kilom\u00e8tre du seuil de la Mouette.\n* Lac de Sautebraut sur la commune de Bellegarde, uni quement sur secteurs indiqu\u00e9s par l'AAPPMA\n(signalisations fixes toute l'ann\u00e9e).\n* Le Gardon, commune de Montfrin, rive gauche :  \nZone 1 : Sur un lin\u00e9aire de 650 m. Du d\u00e9versoir de la gravi\u00e8re au lieu-dit Ribi\u00e8re (limite amont) jusque'\u00e0 la\ncl\u00f4ture du camping situ\u00e9 au Nord-Est de la commune de Montfrin (limite aval)..  \nZone 2 : Points GPS : latitude 43.860036, long\u00e9tude 4.602306 du pont de  la SNCF enjambant le cours\nd'eau du Gardon (limite amont) jusqu'\u00e0 la cabane de Rigal (limite aval).  \n*  Canal du Rh\u00f4ne \u00e0 S\u00e8te (CRS) 30-3-4 en rive droit e, sur la commune de Bellegarde. Sur 4800 m\u00e8tres du\nPK 12,500 au PK 17,300.\n* La C\u00e8ze, rive gauche, sur la commune de Codolet, sur 2400 m du pont routier de la RD 765 (limite\namont) jusqu'\u00e0 50 m en amont de la confluence de la  C\u00e8ze avec les caissons du Rh\u00f4ne (voir\npanneautage).\n* Le Gardon, sur deux secteurs des commune de Ners et de Maru\u00e9jols-l\u00e8s-Gardons : \n1   er   secteur  \nsur 1000 m sur la commune de Ners, en rive gauche, au niveau du seuil de Ners, au lieu-dit \u00ab Le Soumas \u00bb\nqui comprend deux postes n\u00b0 1 et n\u00b0 2 sous le stade de Ners (limite aval). Deux postes n\u00b0 3 et n\u00b0 4 en aval\ndu seuil (sous le pont de la RN 106 \u2013 2x2 voies). Six postes n\u00b0 5 \u00e0 n\u00b0 10 en amont du seuil.\n2 \u00e8me secteur\nSur 600 m sur la commune de Maru\u00e9jols-l\u00e8s-Gardon, e n rive droite, au niveau du lieu-dit \u00ab  La Plagette \u00bb\nqui comprend cinq postes n\u00b0 11 au n\u00b0 15 (limite amont).\n * Plan d'eau n\u00b0 4 Les \u00e9tangs Perrier sur la commune de Verg\u00e8ze.\n* Plan d'eau n\u00b0 5 les \u00e9tangs Perrier sur la commune de Verg\u00e8ze.\n* Plan d'eau de Charpentier sur la commune de Saint-Julien-de-Peyrolas.\n* Grand Rh\u00f4ne, sur la commune de Fourques, sur la r ive droite, \u00e0 partir de la d\u00e9fluence d'avec le peti t\nRh\u00f4ne (PK 279) au pont de la Trinquetaille (PK 282.5).\n4-2-2-Du 9 juin au 30 d\u00e9cembre\n\u25ba Le Vidourle, entre Sommi\u00e8res et Villevieille, en rive gauche, du seuil du pont Tib\u00e8re (centre ville) jusqu'\u00e0\n200 m\u00e8tres en amont du peigne \u00e0 emb\u00e2cle.\n4-2-3-Du 30 juin au 30 novembre\n\u25ba Plan d'eau du \" Praden \" \u00e0 Beaucaire, limite du poste 1 au poste 8. \n4-3-Dispositions particuli\u00e8res pour la pratique de la p\u00eache de nuit \u00e0 la carpe\nIl est formellement interdit de p\u00eacher de nuit la carpe sur le barrage de la Rouvi\u00e8re.\nLa p\u00eache de la carpe de nuit ne peut se pratiquer qu'\u00e0 l'aide d'app\u00e2ts et d'amorces d'origine v\u00e9g\u00e9tale afin\nd'\u00e9viter la capture d'autres esp\u00e8ces.\n6 / 14\n89, rue Weber \u2013 30907 NIMES CEDEX 2\nT\u00e9l : 04 66 62 62 00 - Fax : 04 66 23 28 79 - www.gard.gouv.fr\nDirection D\u00e9partementale des Tetrritoires et de la Mer du Gard - 30-2026-01-05-00011 - Arr\u00eat\u00e9 pr\u00e9fectoral relatif \u00e0 l'exercice de la\np\u00eache en eau douce dans le d\u00e9partement du Gard pour l'ann\u00e9e 2026 37\nDepuis une demi-heure apr\u00e8s le coucher du soleil ju squ'\u00e0 une demi-heure avant son lever, aucune carpe\ncaptur\u00e9e par les p\u00eacheurs amateurs aux lignes ne peut \u00eatre maintenue en captivit\u00e9 ou transport\u00e9e.\n4-4 Taille de certaines esp\u00e8ces :\nTaille minimale des truites (autres que la truite d e mer), l'omble ou saumon de fontaine et l'omble\nchevalier     :   \n\u25ba   0,23 m dans toutes les eaux de 2  \u00e8me   cat\u00e9gorie, ainsi que dans les eaux de 1  \u00e8re   cat\u00e9gorie suivantes     :\n* la Dourbie, du lieu-dit  \u00ab La Borie du Pont  \u00bb, limite amont, \u00e0 la limite aval avec l'Aveyron ;\n* sur le Tr\u00e9vezel, de la centrale EDF, limite amont, jusqu'aux pertes du Tr\u00e9vezel en aval de Tr\u00e8ves ;\n* sur les bassins du Gardon de St Jean, du Gardon de Mialet, du Galeizon et le lac des Pises ;\n* sur le bassin versant de l'H\u00e9rault, ses affluents  et sous-affluents, y compris la rivi\u00e8re \u00ab Le Coudoulous \u00bb,\n\u00e0 l'exception de l'Arre, ses affluents et sous-affluents (autres que le Coudoulous) et de la Vis en aval de la\nr\u00e9surgence de la Foux  ;\n* sur les bassins versants de la C\u00e8ze et du Vidourle.\n\u25ba 0,25 m dans les rivi\u00e8res de 1  \u00e8re   cat\u00e9gorie suivantes   : la Vis en aval de la r\u00e9surgence de la Foux \u00e0 la\nderni\u00e8re chauss\u00e9e de La Vis, l'Arre en aval de la c onfluence des ruisseaux d'Estelle et d'Aumessas, ai nsi\nque dans les bassins de l'Aigu\u00e8ze et du Moze.\n\u25ba   0,20 m dans les autres cours d'eau, canaux et plans d'eau de premi\u00e8re cat\u00e9gorie.  \nLes poissons et grenouilles des esp\u00e8ces pr\u00e9cis\u00e9es ci-apr\u00e8s ne peuvent \u00eatre p\u00each\u00e9s et doivent \u00eatre remis \u00e0\nl'eau imm\u00e9diatement apr\u00e8s leur capture si leur longueur est inf\u00e9rieure aux dimensions suivantes     :  \n\u25ba 0,60 m\u00e8tre pour le brochet dans les eaux de la 1\u00e8re et de la 2\u00e8me cat\u00e9gorie.\n\u25ba 0,50 m\u00e8tre pour le sandre dans les eaux de 2\u00e8me cat\u00e9gorie.\n\u25ba 0,35 m\u00e8tre pour l'ombre commun dans les eaux de la 1\u00e8re et de la 2\u00e8me cat\u00e9gorie.\n\u25ba 0,20 m\u00e8tre pour la lamproie fluviatile.\n\u25ba 0,40 m\u00e8tre pour le black-bass dans les eaux de 2\u00e8me cat\u00e9gorie.\n\u25ba 0,20 m\u00e8tre pour le mulet.\n\u25ba 0,30 m\u00e8tre pour l'alose.\nLa longueur des poissons est mesur\u00e9e du bout du museau \u00e0 l'extr\u00e9mit\u00e9 de la queue d\u00e9ploy\u00e9e.\nLes grenouilles vertes et les grenouilles rousses n e peuvent \u00eatre p\u00each\u00e9es et doivent \u00eatre remise \u00e0 l'e au\nimm\u00e9diatement apr\u00e8s leur capture si leur corps est d'une longueur inf\u00e9rieure \u00e0 8 cm. La longueur du\ncorps d'une grenouille est mesur\u00e9e du bout du museau au cloaque.\n4-5-Nombre de captures autoris\u00e9es\nLe nombre de captures de salmonid\u00e9s autres que le s aumon et la truite de mer, autoris\u00e9 par p\u00eacheur et\npar jour, dans l'ensemble des rivi\u00e8res du d\u00e9parteme nt du Gard, est fix\u00e9 \u00e0 5 par jour et par p\u00eacheurs a u\nmaximum.\n7 / 14\n89, rue Weber \u2013 30907 NIMES CEDEX 2\nT\u00e9l : 04 66 62 62 00 - Fax : 04 66 23 28 79 - www.gard.gouv.fr\nDirection D\u00e9partementale des Tetrritoires et de la Mer du Gard - 30-2026-01-05-00011 - Arr\u00eat\u00e9 pr\u00e9fectoral relatif \u00e0 l'exercice de la\np\u00eache en eau douce dans le d\u00e9partement du Gard pour l'ann\u00e9e 2026 38\nAu regard des graves dommages engendr\u00e9s sur les populations piscicoles par les \u00e9v\u00e8nements climatiques\nen septembre 2020, sur le bassin versant de l'H\u00e9rau lt afin de r\u00e9pondre aux besoins en repeuplement\nnaturel de ce cours d'eau :\nLe nombre de captures de salmonid\u00e9s autres que le s aumon et la truite de mer, autoris\u00e9 par p\u00eacheur et\npar jour sur l e cours d'eau de l'H\u00e9rault est fix\u00e9 \u00e0 5 par jour et par p\u00eacheur  dont 2 truites fario au\nmaximum.\nDans les eaux class\u00e9es en 1\u00e8re cat\u00e9gorie, le nombre  de captures de brochets autoris\u00e9s par p\u00eacheur de\nloisir et par jour est fix\u00e9 \u00e0 2.\nDans les eaux class\u00e9es en 2\u00e8me cat\u00e9gorie au titre d e l'article L.436-5, le nombre de captures autoris\u00e9 de\nsandres, brochets et black-bass, par p\u00eacheur de loisir et par jour, est fix\u00e9 \u00e0 3, dont 2 brochets maximum.\nLa remise \u00e0 l'eau syst\u00e9matique des aloses feintes c aptur\u00e9es est obligatoire sauf pour les pr\u00e9l\u00e8vements\nautoris\u00e9s selon un quota journalier de 1 poisson pa r jour et par p\u00eacheur et un quota annuel de 10\npoissons par an et par p\u00eacheur.\n4-6-Instauration de parcours \u00ab     No-kill     \u00bb (sans tuer)   \n4-6-1-O  bligation des remises \u00e0 l'eau imm\u00e9diate  \nLa remise \u00e0 l'eau imm\u00e9diate est obligatoire pour   tout poisson sur les parcours indiqu\u00e9s ci-dessous dont  \nl'unique     pr   oc\u00e9d\u00e9 de p\u00eache autoris\u00e9 est la p\u00eache \u00e0 la mouche   :\n* Le tron\u00e7on de l'Arre compris entre la chauss\u00e9e du Souquet et celle du gaz sur la commune du Vigan\nd'une longueur total de 1 200 m\u00e8tres uniquement. Ce  tron\u00e7on est ouvert du samedi 9 mars 2025 au\ndimanche 21 septembre 2025. Sur ce tron\u00e7on, seuls les salmonid\u00e9s sont concern\u00e9s  par la remise \u00e0 l'eau\nimm\u00e9diate.\n* Le tron\u00e7on de l'H\u00e9rault compris entre le mas de Carle (limite amont) jusqu'\u00e0 la ch auss\u00e9e de l'Abattoir\n(limite aval) et sur la rivi\u00e8re Clarou de la chauss\u00e9e Chazel jusqu'\u00e0 sa confluence avec l'H\u00e9rault.\n* Le tron\u00e7on du Tr\u00e9vezel compris entre le lieu dit \u00ab Randavel \u00bb et le pont de Comeiras (commune de\nLanuejols et de Dourbies).\n* Le tron\u00e7on du Gardon compris du pont de Brouzen (li mite amont) jusqu'\u00e0 50 m en aval du Pont Vieux\n(commune d'Al\u00e8s).\n* La rivi\u00e8re Dourbie  - du pont de Dourbies sur la RD  151a (limite amont) \u00e0 la passerelle en bois sur le  GR\n66 (limite aval) sur la commune de Dourbies.\n* La rivi\u00e8re Dourbie : Sur 1 320 m de la station de pompage de la borie du pont, latitude : 44.075063,\nlong\u00e9tude : 3.510571 (limite amont) au droit du ruisseau de M alpertus, latitude 44.071986, longitude 3.51\n9567.\n* Le Gardon de Saint-Jean : sur 1 000 m, de la passerelle de la Loulette (limite amont) jusqu'\u00e0 50 m en aval\nde la station-service (commune de Saint-Andr\u00e9-de-Valborgne).\n* La rivi\u00e8re Vis,  entre la cascade de Navacelles (limite amont) et le pont de la RD 130 (limite aval), sur une\ndistance de 1 500 m\u00e8tres.\n* Le Gardon de Mialet, commune de Mialet  : sur 1 000 m, du pont des camisards (limite amont)  jusqu'au\nmoulin de la Bont\u00e9 (limite aval).\n* La rivi\u00e8re la Tave, commune de Saint-Pons-la-Calm , sur 830 m en limite amont  : X : 7771.84 et Y :\n1902239.38 et en limite aval : X : 7724.93 et Y : 1901790.54.\n8 / 14\n89, rue Weber \u2013 30907 NIMES CEDEX 2\nT\u00e9l : 04 66 62 62 00 - Fax : 04 66 23 28 79 - www.gard.gouv.fr\nDirection D\u00e9partementale des Tetrritoires et de la Mer du Gard - 30-2026-01-05-00011 - Arr\u00eat\u00e9 pr\u00e9fectoral relatif \u00e0 l'exercice de la\np\u00eache en eau douce dans le d\u00e9partement du Gard pour l'ann\u00e9e 2026 39\n4-6-2- Remise \u00e0 l'eau imm\u00e9diate, obligatoire pour t outes les esp\u00e8ces de poissons et parcours indiqu\u00e9s ci-\ndessous\n\u25ba Plan d'eau du \" Praden \" \u00e0 Beaucaire (esp\u00e8ces : carpes, brochets et black-bass). \n\u25ba Plan d'eau \" La L\u00f4ne \" \u00e0 Aramon (esp\u00e8ces : brochets et black-bass).\n\u25ba Plan d'eau \u00ab Coste Rouge \u00bb \u00e0 Bellegarde (toutes esp\u00e8ces).\n\u25ba  Plan d'eau de Sautebraut, commune de Bellegarde (e sp\u00e8ces : brochets, sandres et black-bass).\nL'ensemble du plan d'eau est concern\u00e9. Remise \u00e0 l'eau imm\u00e9diate et obligatoire, uniquement  pour la\np\u00e9riode du 1  er   f\u00e9vrier au 1  er   mai.  \n\u25ba Les bassines de Sautebraut, commune de Bellegarde.\n\u25ba  Plans d'eau du Mas d'Arnaud n\u00b0 1 (Libellule Demois elle) et n\u00b0 2 (Eph\u00e9m\u00e8re) \u00e0 Verg\u00e8ze (esp\u00e8ce\nconcern\u00e9e :  black bass).\n\u25ba Plans d'eau du Mas d'Arnaud n\u00b0 3 (Le Colvert), 4 ( L'Outarde), 5 (Le Martin-P\u00eacheur) et 6 (L'Aigrette) \u00e0\nVerg\u00e8ze (esp\u00e8ces : brochets, sandres, black bass, carpes, truites arc en ciel).\n\u25ba Le fleuve H\u00e9rault, commune de Val d'Aigoual : du p ont du Gasquet (limite amont) \u00e0 la chauss\u00e9e du\nMazel (limite aval) sur un lin\u00e9aire de 1720 m\u00e8tres.\n\u25ba Le Gardon de Saint-Jean : sur 2 400 m. A 500 m du p ont de Taul\u00e9 (limite amont) jusqu'\u00e0 la retenue\nB\u00e9ton \u00e0 100 m du Pont Vieux sur la commune de Saint-Jean-du-Gard. Les deux rives sont concern\u00e9es.\n\u25ba Le Plan d'eau \u00ab lac Antoinette \u00bb site de Mercoirol, commune de Laval d'une superficie de 3.6 hectares.\n\u25ba Le Plan d'eau \u00ab lac des Tuill\u00e8res \u00bb site de Mercoirol, commune de Laval d'une superficie de 2.1 hectares.\n\u25ba Le  Plan d'eau \u00ab lac des Belliaires \u00bb site de Mercoirol, commune de Laval d'une superficie de 5 hectares.\n4-7-   Proc\u00e9d\u00e9s et modes de p\u00eache  \n4-7-1- Cours d'eau de premi\u00e8re cat\u00e9gorie     :\nUne seule ligne mont\u00e9e sur canne et munie de 2 hame \u00e7ons ou de 3 mouches artificielles au plus, la\nverm\u00e9e et 6 balances \u00e0 \u00e9crevisses maximum (maille 2 7 mm. Leur diam\u00e8tre ou leur diagonale ne doit pas\nd\u00e9passer 0,30 m\u00e8tre).\n4-7-2- Cours d'eau de 2\u00e8me cat\u00e9gorie :\n4 lignes mont\u00e9es sur canne et munies de 2 hame\u00e7ons ou de 3 mouches artificielles au plus, la verm\u00e9e, 6\nbalances \u00e0 \u00e9crevisses (de diam\u00e8tre ou diagonale de 0,30 m\u00e8tre maximum) et une bouteille ou carafe\nd'une contenance maximale de 2 litres. Un petit carrelet de 1 m\u00e8tre-carr\u00e9, maille de 10 mm minimum.\n4-7-3- P\u00e9riode d'interdiction sp\u00e9cifique de la p\u00eache du brochet :\nDurant la p\u00e9riode d'interdiction sp\u00e9cifique de la p \u00eache du brochet, la p\u00eache au vif, au poisson mort o u\nartificiel (morceau de lard, encornet) et aux leurr es susceptibles de capturer ce poisson de mani\u00e8re n on\naccidentelle est interdite du 30 janvier au 28 avril inclus, dans les eaux class\u00e9es en 2\u00e8me cat\u00e9gorie autres\nque celles nomm\u00e9ment d\u00e9sign\u00e9es par arr\u00eat\u00e9 qui sont pour le Gard :\n\u25ba Les Gardons en amont du Pont Routier d'Anduze.\n\u25ba L'H\u00e9rault dans sa travers\u00e9e du d\u00e9partement du Gard.\n9 / 14\n89, rue Weber \u2013 30907 NIMES CEDEX 2\nT\u00e9l : 04 66 62 62 00 - Fax : 04 66 23 28 79 - www.gard.gouv.fr\nDirection D\u00e9partementale des Tetrritoires et de la Mer du Gard - 30-2026-01-05-00011 - Arr\u00eat\u00e9 pr\u00e9fectoral relatif \u00e0 l'exercice de la\np\u00eache en eau douce dans le d\u00e9partement du Gard pour l'ann\u00e9e 2026 40\n4-7-4- Secteurs des cours d'eau sur lesquels la cui ll\u00e8re sp\u00e9cifique (mod\u00e8le sprat) pour la p\u00eache de l' alose\net du streamer (mouche artificielle) est autoris\u00e9e du 1er   avril au 25 avril   :\n\u25ba Sur le Rh\u00f4ne, de l'aval de la r\u00e9serve du barrage u sine de Beaucaire et sur 1 000 m jusqu'\u00e0 la rampe d e\nmise \u00e0 l'eau de la CNR en rive gauche uniquement  ( commune de Beaucaire), ainsi que la partie aval du\ncontre-canal situ\u00e9 en rive gauche, limite aval en amont du passage souterrain de la route d\u00e9partementale\njusqu'au 1er seuil sur le contre-canal, soit 250 m.\n\u25ba Sur le Gardon, de l'aval du seuil de Comps et sur 1 000 m jusqu'au pont routier, limite amont de la\nr\u00e9serve du barrage de retenue. Sur les deux rives (commune de Comps).\n\u25ba De la confluence de la rivi\u00e8re Ard\u00e8che avec le Rh\u00f4 ne et sur 700 m jusqu'au pont vieux. En rive droite\nexclusivement (commune de Pont-Saint-Esprit).\n\u25ba De la limite aval de la r\u00e9serve du barrage de Sauveterre, sur une longueur de 800 m\u00e8tres, sur les 2 rives\njusqu'au panneau PK 231,500.\n4-7-5- C  \nanal principal du Bas-Rh\u00f4ne (du PK 0,915      au PK 9,780)   dans les contre-canaux du Rh\u00f4ne, le canal\ndu Rh\u00f4ne \u00e0 S\u00e8te seule la p\u00eache aux lignes du bord est autoris\u00e9e. La p\u00eache en barque et en float-tube est\ninterdite.\n4-7-6- Barrages des Cambous, de Sainte-C\u00e9cile-d'Andorge, de S\u00e9n\u00e9chas et de La Rouvi\u00e8re\nLa p\u00eache aux lignes et aux balances \u00e0 \u00e9crevisses du bord est seule autoris\u00e9e sur les barrages de S\u00e9n\u00e9chas\nainsi que de la Rouvi\u00e8re.\nP\u00eache interdite pour travaux sur le barrage des Cambous pour toute l'ann\u00e9e 2026.\nP\u00eache interdite pour travaux sur le barrage de Sain te-C\u00e9cile-d'Andorge pour toute l'ann\u00e9e 2026 avec\n\u00e9ventuelle reconduction de la fermeture selon la dur\u00e9e de l'avanc\u00e9e des travaux. \nBarrage de S\u00e9n\u00e9chas sur la commune de S\u00e9n\u00e9chas, la p\u00eache en float-tube est autoris\u00e9e sur le bras de la\nC\u00e8ze uniquement. Les zones de r\u00e9serve sont interdites.\nBarrage de S\u00e9n\u00e9chas, sur la retenue du barrage le nombre des cannes est limit\u00e9 \u00e0 2 maximum.\nBarrage de La Rouvi\u00e8re,  la p\u00eache en float-tube est autoris\u00e9e. Les zones de r\u00e9serve sont interdites.\n4-7-7- La p\u00eache au vif est interdite dans le lac des Pises.\n4-7-8- Interdictions permanentes ou temporaires de p\u00eache\n\u25ba Toute p\u00eache en barque ou en float tube est interdite sur le lac de Codolet sur la commune de Codolet.\n\u25ba Toute p\u00eache est interdite \u00e0 partir des seuils, barrages et \u00e9cluses et sur 50 m\u00e8tres en aval de l'extr\u00e9mit\u00e9\nde ceux-ci, \u00e0 l'exception de la p\u00eache \u00e0 l'aide d'une seule ligne.\n\u25ba La p\u00eache aux engins et aux filets (y compris le car relet d'1 m\u00b2) est interdite sur une distance de 200\nm\u00e8tres en aval de l'extr\u00e9mit\u00e9 de tout barrage et de toute \u00e9cluse.\n\u25ba Toute p\u00eache est interdite dans les dispositifs assu rant la circulation des poissons dans les ouvrages\nconstruits dans le lit des cours d'eau (passes \u00e0 poissons).\n10 / 14\n89, rue Weber \u2013 30907 NIMES CEDEX 2\nT\u00e9l : 04 66 62 62 00 - Fax : 04 66 23 28 79 - www.gard.gouv.fr\nDirection D\u00e9partementale des Tetrritoires et de la Mer du Gard - 30-2026-01-05-00011 - Arr\u00eat\u00e9 pr\u00e9fectoral relatif \u00e0 l'exercice de la\np\u00eache en eau douce dans le d\u00e9partement du Gard pour l'ann\u00e9e 2026 41\n\u25ba Toute p\u00eache est interdite dans les pertuis (trou, o uverture, passage), vannages et passages d'eau \u00e0\nl'int\u00e9rieur des b\u00e2timents.\n\u25ba Interdiction de p\u00eache temporaire sur la C\u00e8ze durant la p\u00e9riode du 1er avril 2026 au 30 juin 2026 pour la\nprotection des remont\u00e9es des aloses. Sur une distance de 50 m\u00e8tres du seuil de Chusclan (limite amont)\njusqu'\u00e0 la passe \u00e0 poisson de Chusclan (limite aval).\nLa p\u00eache est interdite sur les lacs de retenues sui vants, en dessous des cotes d\u00e9finies ci-apr\u00e8s, en vue de\npr\u00e9server le patrimoine piscicole :\n\u25ba Lac du barrage de STE CECILE D'ANDORGE  \u00e9tabli sur le Gardon d'Al\u00e8s, situ\u00e9 sur les commune s de\nBranoux-Les-Taillades et de Ste C\u00e9cile d'Andorge : 236,5 m NGF.\n\u25ba Lac du Barrage des CAMBOUS  \u00e9tabli sur le Gardon d'Al\u00e8s, situ\u00e9 sur les commune s de Branoux-Les-\nTaillades et Ste C\u00e9cile d'Andorge : 222,5 m NGF.\n\u25ba Lac du barrage de SENECHAS \u00e9tabli sur la C\u00e8ze, situ\u00e9 sur les communes de Le Chambon et S\u00e9n\u00e9chas :\n235 m NGF.\n\u25ba Lac du barrage de la ROUVIERE  \u00e9tabli sur le Crieulon (bassin versant du Vidourle ) situ\u00e9 sur les\ncommunes de Bragassargues, Logrian-Florian et Quissac : 73,5 m NGF.\n4-7-9- Arr\u00eat\u00e9s pr\u00e9fectoraux interdisant l'acc\u00e8s et la p\u00eache sur les barrages :\n* Barrage de La Rouvi\u00e8re, dans le lit du Crieulon et sur les berges rive droite et rive gauche, \u00e0 l'amon t du\nbarrage sur une distance de 100 m\u00e8tres (d\u00e9limit\u00e9e p ar la ligne de flotteurs servant \u00e0 stopper les corp s\nflottants en cas de crue, appel\u00e9e \u00ab  dromes \u00bb) et \u00e0 l'aval du barrage sur une distance de 200 m \u00e8tres (au\ndroit du parking situ\u00e9 en rive gauche).\n* Barrage de Ste C\u00e9cile d'Andorge, dans le lit du G ardon et sur les berges rive droite et rive gauche,  \u00e0\nl'amont du barrage sur une distance de 100 m\u00e8tres ( d\u00e9limit\u00e9e par la ligne de flotteurs servant \u00e0 stopp er\nles corps flottants en cas de crue, appel\u00e9e \u00ab  dromes \u00bb) et \u00e0 l'aval du barrage sur une distance de 100\nm\u00e8tres (aplomb du pont de Blannaves).\n* Barrage des Cambous dans le lit du Gardon et sur les berges rive droite et rive gauche, \u00e0 l'amont du\nbarrage sur une distance de 100 m\u00e8tres (mat\u00e9rialis\u00e9 e par la ligne de signalisation situ\u00e9e au-dessus de  la\nsurface de l'eau) et \u00e0 l'aval du barrage sur une distance de 200 m\u00e8tres (seuil de mesure de d\u00e9bit).\n* Barrage de S\u00e9n\u00e9chas dans les lits de la C\u00e8ze et de l'Homol et sur les berges rive droite et rive gauche, \u00e0\nl'amont du barrage sur une distance de 100 m\u00e8tres ( d\u00e9limit\u00e9e par les deux lignes de flotteurs servant \u00e0\nstopper les corps flottants en cas de crue, appel\u00e9es \u00ab dromes \u00bb) et \u00e0 l'aval du barrage sur une distance de\n250 m\u00e8tres (confluence de la C\u00e8ze avec le ruisseau des Mour\u00e8des en rive gauche et portail en rive droite).\n11 / 14\n89, rue Weber \u2013 30907 NIMES CEDEX 2\nT\u00e9l : 04 66 62 62 00 - Fax : 04 66 23 28 79 - www.gard.gouv.fr\nDirection D\u00e9partementale des Tetrritoires et de la Mer du Gard - 30-2026-01-05-00011 - Arr\u00eat\u00e9 pr\u00e9fectoral relatif \u00e0 l'exercice de la\np\u00eache en eau douce dans le d\u00e9partement du Gard pour l'ann\u00e9e 2026 42\nARTICLE 5 :  R\u00e9serves de p\u00eache\nListe des cours d'eau ou parties de cours d'eau o\u00f9 la pratique de la p\u00eache est interdite     :  \nCours d'eau\nRive concern\u00e9e\nCommune\nLieu-dit\nLimite amont Limite aval\nLa Dourbie et ses\naffluents \nVal d'Aigoual (L'Esp\u00e9rou).Sources. Pont Double (site de\nMontals).\nL'Hort de Dieu Val d'Aigoual. Source. Confluence  avec\nl'H\u00e9rault.\nLe Gardon Comps (fray\u00e8re)\n\" La Sabli\u00e8re \".\n20 m en amont de\nl'embouchure  de  la\nfray\u00e8re  y  compris\ncelle-ci.\n20  m  en  aval  de\nl'embouchure  de  la\nfray\u00e8re  y  compris\ncelle-ci.\nLe  ruisseau  des\nPises\nCommune de Dourbies ; Des sources. Confluence avec le lac\ndes Pises.\nIl est interdit en vue de la capture de poissons de p\u00eacher aux engins et aux filets dans les zones inond\u00e9es.\nPar ailleurs, il est rappel\u00e9 l'existence des r\u00e9serves de p\u00eache suivantes     :   \nR\u00e9serve de p\u00eache sur le domaine public fluvial :\n\u25ba Le Rh\u00f4ne \u2013 R\u00e9serve de Caderousse : 200 m \u00e0 l'aval du bloc-usine et 400 m \u00e0 l'aval du barrage.\n\u25ba Le Rh\u00f4ne \u2013 R\u00e9serve amont du barrage de Sauveterre  : 500 m en amont \u00e0 partir du parement du\nbarrage.\n\u25ba Le Rh\u00f4ne \u2013 R\u00e9serve aval du barrage de Sauveterre : 200 m en aval \u00e0 partir du parement du barrage.\n\u25ba Le Rh\u00f4ne \u2013 R\u00e9serve du barrage-retenue de Villeneuve-l\u00e8s-Avignon : 100 m \u00e0 l'amont.\n\u25ba Le Rh\u00f4ne \u2013 R\u00e9serve du barrage-retenue de Villeneuve-l\u00e8s-Avignon : 200 m \u00e0 l'aval.\n\u25ba Le Rh\u00f4ne \u2013 R\u00e9serve du bloc-usine d'Avignon : 200 m \u00e0 l'aval.\n\u25ba Le Rh\u00f4ne \u2013 R\u00e9serve de l'usine \u00e9lectrique de Beaucaire : 400 m\u00e8tres \u00e0 l'aval.\n\u25ba Le Rh\u00f4ne \u2013 R\u00e9serve du barrage de retenue de Vallabr\u00e8gues : 300 m \u00e0 l'aval.\n12 / 14\n89, rue Weber \u2013 30907 NIMES CEDEX 2\nT\u00e9l : 04 66 62 62 00 - Fax : 04 66 23 28 79 - www.gard.gouv.fr\nDirection D\u00e9partementale des Tetrritoires et de la Mer du Gard - 30-2026-01-05-00011 - Arr\u00eat\u00e9 pr\u00e9fectoral relatif \u00e0 l'exercice de la\np\u00eache en eau douce dans le d\u00e9partement du Gard pour l'ann\u00e9e 2026 43\nR\u00e9serve de p\u00eache sur la rivi\u00e8re Ard\u00e8che :\n\u25ba Commune d'Aigu\u00e8ze : sur une longueur de 100 m \u00e0 partir de la chauss\u00e9e au lieu-dit \u00ab La Blanchisserie \u00bb.\n\u25ba Commune de Saint Julien de Peyrolas : sur une longueur de 100 m \u00e0 partir du seuil de la Piboulette.\n\u25ba Commune de Pont Saint Esprit : sur une longueur de 100 m \u00e0 partir du seuil de la Mouette.\nClauses relatives \u00e0 la s\u00fbret\u00e9 sur le domaine public fluvial     (DPF) g\u00e9r\u00e9 par la compagnie nationale du Rh\u00f4ne  \n(CNR)     :\nL'acc\u00e8s et la p\u00eache en amont et en aval des barrage s et usines \u00e9lectriques de la CNR sont formellement\ninterdits.\n\u25ba Le b\u00e9n\u00e9ficiaire du droit de p\u00eache d\u00e9clare \u00eatre par faitement inform\u00e9 des variations de niveau du plan\nd'eau lors des op\u00e9rations d'exploitation des ouvrag es hydro\u00e9lectriques. Il lui appartient de prendre\ntoutes les dispositions n\u00e9cessaires pour la s\u00e9curit\u00e9 des personnes et des biens. Par cons\u00e9quent, en cas de\npr\u00e9judice subit par le b\u00e9n\u00e9ficiaire du droit de p\u00eac he et ses adh\u00e9rents, tout non respect des consignes ,\nr\u00e9glementation et signalisation (panneau prudence...) li\u00e9es \u00e0 l'exploitation des ouvrages hydro\u00e9lectriques\nne permet pas l'indemnisation de la part de la concession ou de l'\u00c9tat.\n\u25ba Il est formellement interdit de d\u00e9placer ou d'enle ver les mat\u00e9riaux situ\u00e9s sur la piste d'exploitatio n\n(cavalier\u2026).\n\u25ba Tout contrevenant est tenu responsable en cas de d \u00e9sordres sur un ouvrage hydraulique de type\nbarrage (am\u00e9nagement d'escaliers, feux de camp\u2026).\n\u25ba Le gestionnaire du DPF se garde le droit de fermer  l'acc\u00e8s aux v\u00e9hicules sur certains tron\u00e7ons, apr\u00e8s\ninformation des b\u00e9n\u00e9ficiaires de lots de p\u00eache concern\u00e9s.\n\u25ba L'amarrage et le stationnement des embarcations de  p\u00eache sont soumis \u00e0 autorisation d\u00e9livr\u00e9e par le\ngestionnaire du DPF.\nARTICLE 6 :  Affichage et publicit\u00e9\nLe pr\u00e9sent arr\u00eat\u00e9 sera affich\u00e9 \u00e0 la pr\u00e9fecture du Gard, dans les sous-pr\u00e9fectures d'Al\u00e8s et Le Vigan et dans\nles mairies du d\u00e9partement. Il sera publi\u00e9 au recueil des actes administratifs de la pr\u00e9fecture et sur le site\ninternet de la pr\u00e9fecture : www.gard.gouv.fr.\nARTICLE 7 :  D\u00e9lai et voie de recours\nLe pr\u00e9sent arr\u00eat\u00e9 est susceptible d'un recours devant le tribunal administratif de N\u00eemes dans un d\u00e9lai  de\ndeux mois \u00e0 compter de sa publication au recueil des actes administratifs de la pr\u00e9fecture du Gard.\nLe tribunal administratif peut aussi \u00eatre saisi par  l'application informatique \u00ab  t\u00e9l\u00e9recours citoyens \u00bb\naccessible par le site internet www.telerecours.fr\nARTICLE 8 :  Ex\u00e9cution\nLe Secr\u00e9taire G\u00e9n\u00e9ral de la Pr\u00e9fecture du Gard, les  Sous-Pr\u00e9fets du Vigan et d'Al\u00e8s, les maires du\nd\u00e9partement du Gard, le directeur d\u00e9partemental des territoires et de la mer du Gard, le directeur de la\ndirection r\u00e9gionale de l'environnement, de l'am\u00e9nag ement et du logement d'Auvergne-Rh\u00f4ne-Alpes, le\ndirecteur interr\u00e9gional de Sa\u00f4ne-Rh\u00f4ne-M\u00e9diterran\u00e9e des voies navigables de France (subdivision Grand\nDelta), le commandant du groupement de gendarmerie du Gard, le directeur interd\u00e9partemental de la\npolice nationale, le directeur de l'agence d\u00e9partem entale de l'office national des for\u00eats, le service\nd\u00e9partemental du Gard de l'office fran\u00e7ais de la bi odiversit\u00e9, les gardes particuliers asserment\u00e9s, le\nservice technique du parc national des C\u00e9vennes, so nt charg\u00e9s, chacun en ce qui le concerne, de\n13 / 14\n89, rue Weber \u2013 30907 NIMES CEDEX 2\nT\u00e9l : 04 66 62 62 00 - Fax : 04 66 23 28 79 - www.gard.gouv.fr\nDirection D\u00e9partementale des Tetrritoires et de la Mer du Gard - 30-2026-01-05-00011 - Arr\u00eat\u00e9 pr\u00e9fectoral relatif \u00e0 l'exercice de la\np\u00eache en eau douce dans le d\u00e9partement du Gard pour l'ann\u00e9e 2026 44\nl'ex\u00e9cution du pr\u00e9sent arr\u00eat\u00e9 qui sera publi\u00e9 au recueil des actes administratifs de la pr\u00e9fecture et affich\u00e9\ndans chaque commune par les soins des Maires.\n                                      \nN\u00eemes, le 5 janvier 2025\nPour le pr\u00e9fet et par d\u00e9l\u00e9gation\nLe directeur d\u00e9partemental des territoires et de la mer du Gard\nSIGNE\nS\u00e9bastien FERRA,\n14 / 14\n89, rue Weber \u2013 30907 NIMES CEDEX 2\nT\u00e9l : 04 66 62 62 00 - Fax : 04 66 23 28 79 - www.gard.gouv.fr\nDirection D\u00e9partementale des Tetrritoires et de la Mer du Gard - 30-2026-01-05-00011 - Arr\u00eat\u00e9 pr\u00e9fectoral relatif \u00e0 l'exercice de la\np\u00eache en eau douce dans le d\u00e9partement du Gard pour l'ann\u00e9e 2026 45\nDirection des Services D\u00e9partementaux de\nl'Education Nationale du Gard\n30-2026-01-05-00002\nARR\u00caT\u00c9 PORTANT AGR\u00c9MENT JEUNESSE\n\u00c9DUCATION POPULAIRE DE L'ASSO ESPOIR\nDirection des Services D\u00e9partementaux de l'Education Nationale du Gard - 30-2026-01-05-00002 - ARR\u00caT\u00c9 PORTANT AGR\u00c9MENT\nJEUNESSE \u00c9DUCATION POPULAIRE DE L'ASSO ESPOIR 46\nz= a Service d\u00e9partemental a la jeunesse, aACADEMIE ee ee d\u00e9partementaux l'engagement et aux sportsDE MONTPELLIER du GardLibert\u00e9Egalit\u00e9Fraternit\u00e9\nArr\u00eat\u00e9 n\u00b0 du 05 Janvier 2026Portant agr\u00e9ment d\u00e9partemental de jeunesse et d'\u00e9ducation populaire de l'associationL'ESPOIR\nVu la loi n\u00b0 2001-624 du 17juillet 2001 et en particulier l'article 8 relatif \u00e0 l'agr\u00e9ment des associationsde jeunesse et d'\u00e9ducation populaire, modifi\u00e9 par la loi n\u00b0 2021-1109 du 24 ao\u00fbt 2021 confortant lerespect des principes de la R\u00e9publiqueVu la loi n\u00b0 2000-321 du 12 avril 2000 relative aux droits des citoyens dans leurs relations avec lesadministrations ;Vu le d\u00e9cret n\u00b0 2002-571 du 22 avril 2002 portant application du premier alin\u00e9a de l'article 8 de la loin\u00b0 2001-624 du 17 juillet 2001 et relatif \u00e0 l'agr\u00e9ment des associations de jeunesse et d'\u00e9ducationpopulaire ;Vu le d\u00e9cret n\u00b0 2017-908 du 6 mai 2017 portant application de l'article 25-1 de la loi n\u00b0 2000-321 du 12avril 2000 relative aux droits des citoyens dans leurs relations avec les administrations ;Vu le d\u00e9cret n\u00b0 2021-1947 du 31 d\u00e9cembre 2021 pris pour l'application de l'article 10-1 de la loi n\u00b0 2000-321 du 12 avril 2000 et approuvant le contrat d'engagement r\u00e9publicain des associations et fondationsb\u00e9n\u00e9ficiant de subventions publiques ou d'un agr\u00e9ment de l'Etat ;Vu le d\u00e9cret du 12 mars 2025 portant nomination de Mme Carole DRUCKER-GODARD, rectrice de lar\u00e9gion acad\u00e9mique Occitanie, rectrice de l'acad\u00e9mie de Montpellier, chanceli\u00e8re des universit\u00e9s;Vu le d\u00e9cret du 28 ao\u00fbt 2023 portant nomination de M. Christophe MAUNY directeur acad\u00e9miquedes services de l'\u00e9ducation nationale du Gard ;Consid\u00e9rant le dossier de demande d'agr\u00e9ment transmis par l'association ci-dessous d\u00e9sign\u00e9e;Consid\u00e9rant que l'association ci-dessous d\u00e9sign\u00e9e respecte les crit\u00e8res du tronc commun d'agr\u00e9mentdes associations, comme attest\u00e9 par l'arr\u00eat\u00e9 n\u00b0 30-2026-01-05-00001,Consid\u00e9rant l'engagement de respect du contrat d'engagement r\u00e9publicain formalis\u00e9 parl'association dans le cadre de sa demande d'agr\u00e9ment ;\nArticle 1\u00b0\": l'agr\u00e9ment d\u00e9partemental de jeunesse et d'\u00e9ducation populaire (JEP) pr\u00e9vu par le d\u00e9cretdu 22 avril 2022 susvis\u00e9 est accord\u00e9 \u00e0 l'association : L'ESPOIRSi\u00e8ge social : 9 rue de LOYE 30000 N\u00ceMESNum\u00e9ro RNA: W302021806Num\u00e9ro d'agr\u00e9ment : 30/JEP/10/25\nArr\u00eat\u00e9 JEP \u2014 2025 Association L'ESPOIR\nDirection des Services D\u00e9partementaux de l'Education Nationale du Gard - 30-2026-01-05-00002 - ARR\u00caT\u00c9 PORTANT AGR\u00c9MENT\nJEUNESSE \u00c9DUCATION POPULAIRE DE L'ASSO ESPOIR 47\nArticle 2: l'agr\u00e9mentJEP de l'association L'ESPOIR est attribu\u00e9 pour une dur\u00e9e de cing ans \u00e0 compterde la date de publication du pr\u00e9sent arr\u00eat\u00e9.\nArticle 3 : l'association L'ESPOIR est r\u00e9put\u00e9e satisfaire aux conditions de l'article 25-1 de la loi 2021-624 du 17juillet 2001 modifi\u00e9e. L'association peut se pr\u00e9valoir du respect de ces conditions dans lecadre de toutes proc\u00e9dures d'agr\u00e9ment pr\u00e9vue par la l\u00e9gislation pendant une p\u00e9riode de cing ans \u00e0compter de la date de publication du pr\u00e9sent arr\u00eat\u00e9. |\nArticle 4: l'association mentionn\u00e9e ci-dessus informera le service d\u00e9partemental \u00e0 la jeunesse, \u00e0l'engagement, et aux sports du Gard, de toute modification de statuts, de changement de si\u00e8ge social,de composition du bureau.L'association mentionn\u00e9e ci-dessus adressera chaque ann\u00e9e au service d\u00e9partemental \u00e0 la jeunesse, \u00e0l'engagement et aux sports du Gard, le proc\u00e8s-verbal de l'assembl\u00e9e g\u00e9n\u00e9rale, le rapport financier del'exercice \u00e9coul\u00e9, le rapport annuel d'activit\u00e9s.\nArticle 5: le pr\u00e9sent arr\u00eat\u00e9 est susceptible, dans un d\u00e9lai de deux mois \u00e0 compter de sanotification, de faire l'objet:-soit d'un recours gracieux devant l'auteur de la d\u00e9cision,-soit d'un recours hi\u00e9rarchique,-soit s'un recours contentieux devant le tribunal administratif de Montpellier. Le tribunaladministratif peut aussi \u00eatre saisi par l'application informatique \u00ab T\u00e9l\u00e9recours Citoyens \u00bb accessiblesur le site www.telerecours.fr.En cas de rejet implicite ou explicite du recours gracieux ou hi\u00e9rarchique, selon les dispositions del'article R.421-1 du code dejustice administrative, un recours contentieux peut \u00eatre exerc\u00e9 dans und\u00e9lai de deux mois \u00e0 compter de ce rejet.\nArticle 6: le directeur acad\u00e9mique des services de l'Education nationale du Gard est charg\u00e9 del'ex\u00e9cution du pr\u00e9sent arr\u00eat\u00e9 qui sera publi\u00e9 au recueil des actes administratifs de la pr\u00e9fecture etnotifi\u00e9 aux int\u00e9ress\u00e9s.\nFait\u00e0 Nimes,le ff] 5 JAN. 2026Le directeur acad\u00e9mique des services de l'Educationnationale du Gard\nC. MAUNY\nArr\u00eat\u00e9 JEP \u2014 2025 Association L'ESPOIR\nDirection des Services D\u00e9partementaux de l'Education Nationale du Gard - 30-2026-01-05-00002 - ARR\u00caT\u00c9 PORTANT AGR\u00c9MENT\nJEUNESSE \u00c9DUCATION POPULAIRE DE L'ASSO ESPOIR 48\nDirection des Services D\u00e9partementaux de\nl'Education Nationale du Gard\n30-2026-01-05-00001\nARR\u00caT\u00c9 PORTANT RECONNAISSANCE TRONC\nCOMMUN D'AGR\u00c9MENT DE L'ASSO ESPOIR\nDirection des Services D\u00e9partementaux de l'Education Nationale du Gard - 30-2026-01-05-00001 - ARR\u00caT\u00c9 PORTANT\nRECONNAISSANCE TRONC COMMUN D'AGR\u00c9MENT DE L'ASSO ESPOIR 49\nME a > Service d\u00e9partemental \u00e0 la jeunesse, \u00e0ACAD\u00c9MIE Direction des services d\u00e9partementaux Pp Jde l'\u00e9ducation national ,DE MONTPELLIER | Svc\" l'engagement et aux sportsLibert\u00e9\u00c9galit\u00e9Fraternit\u00e9\nArr\u00eat\u00e9 n\u00b0 du 05 janvier 2026Portant reconnaissance du tronc commun d'agr\u00e9ment de l'association L'ESPOIR\nVu la loi n\u00b0 2000-321 du 12 avril 2000 modifi\u00e9e relative aux droits des citoyens dans leurs relations avec lesadministrations, notamment ses articles 10-1 et 25-1;Vu le d\u00e9cret n\u00b0 2017-908 du 6 mai 2017 portant diverses dispositions relatives au r\u00e9gime juridique des.associations, des fondations, des fonds de dotation et des organismes faisant appel au public a la g\u00e9n\u00e9rosit\u00e9,notamment ses articles 15 a 21; |Vu le d\u00e9cret n\u00b02020-1542 du 09 d\u00e9cembre 2020 relatif aux comp\u00e9tences des autorit\u00e9s acad\u00e9miques dans ledomaine des politiques de la jeunesse, de l'\u00e9ducation populaire, de la vie associative, de l'engagement civique etdes sports et \u00e0 l'organisation des services charg\u00e9s de leur mise en \u0153uvre ;Vu le d\u00e9cret n\u00b0 2020-1543 du 09 d\u00e9cembre 2020 relatif aux services d\u00e9concentr\u00e9s du minist\u00e8re de l'\u00e9ducationnationale, de la jeunesse et des sports et du minist\u00e8re de l'enseignement sup\u00e9rieur, de la recherche et del'innovation ;Vu le d\u00e9cret n\u00b0 2021-1947 du 31 d\u00e9cembre 2021 pris pour l'application de l'article 10-1 de la loi n\u00b0 2000-321 du 12avril 2000 et approuvant le contrat d'engagement r\u00e9publicain des associations et fondations b\u00e9n\u00e9ficiant desubventions publiques ou d'un agr\u00e9ment de l'Etat ;Vu le d\u00e9cret du 12 mars 2025 portant nomination de Mme Carole DRUCKER-GODARD, rectrice de la r\u00e9gionacad\u00e9mique Occitanie, rectrice de l'acad\u00e9mie de Montpellier, chanceli\u00e8re des universit\u00e9s;Vu le d\u00e9cret du 28 ao\u00fbt 2023 portant nomination de M. Christophe MAUNY directeur acad\u00e9mique des servicesde l'\u00e9ducation nationale du Gard;Consid\u00e9rant les \u00e9l\u00e9ments transmis par l'association L'ESPOIR;Consid\u00e9rant l'engagement de respect du Contrat d'engagement r\u00e9publicain formalis\u00e9 par l'association ci-dessusd\u00e9sign\u00e9e dans le cadre de sa demande d'agr\u00e9ment ;\nArticle 1*: l'association L'ESPOIR dont le si\u00e8ge social est situ\u00e9 9 rue de LOYE 30000 NIMES - N\u00b0RNA :W302021806 satisfait aux conditions pr\u00e9vues par l'article 25-1 de la loi du 12 avril 2000 susvis\u00e9e \u00e0 ladate de publication du pr\u00e9sent arr\u00eat\u00e9 portant sur le tronc commun d'agr\u00e9ment (TCA).Article 2 : l'association mentionn\u00e9e \u00e0 l'article 1\u00b0 est r\u00e9put\u00e9e remplir ces crit\u00e8res pendant une dur\u00e9ede cinq ans \u00e0 compter de la date de publication du pr\u00e9sent arr\u00eat\u00e9.Article 3: Avant le terme de ces cinq ann\u00e9es, l'association doit transmettre une demande derenouvellement de son TCA \u00e0 l'administration qui lui a d\u00e9livr\u00e9 le premier agr\u00e9ment ; si la demande derenouvellement n'est pas effectu\u00e9e avant l'expiration de l'arr\u00eat\u00e9 TCA ou si les conditions g\u00e9n\u00e9ralesdu TCA ne sont plus remplies, l'association perd le b\u00e9n\u00e9fice de tous ses agr\u00e9ments minist\u00e9riels.Article 4 : l'association mentionn\u00e9e \u00e0 l'article 1\u00b0 est tenue d'informer sans d\u00e9lai l'autorit\u00e9 publiquecomp\u00e9tente de tout changement relatif aux crit\u00e8res d'attribution de la pr\u00e9sente reconnaissance etnotamment les changements de si\u00e8ge social, de statuts et de repr\u00e9sentant l\u00e9gal.\nArr\u00eat\u00e9 TCA 2025 - Association L'ESPOIR\nDirection des Services D\u00e9partementaux de l'Education Nationale du Gard - 30-2026-01-05-00001 - ARR\u00caT\u00c9 PORTANT\nRECONNAISSANCE TRONC COMMUN D'AGR\u00c9MENT DE L'ASSO ESPOIR 50\nArticle 5: le pr\u00e9sent arr\u00e9t\u00e9 est susceptible, dans un d\u00e9lai de deux mois 4 compter de sanotification, de faire l'objet :-soit d'un recours gracieux devant l'auteur de la d\u00e9cision,-soit d'un recours hi\u00e9rarchique,-soit s'Un recours contentieux devant le tribunal administratif de Montpellier. Le tribunaladministratif peut aussi \u00eatre saisi par l'application informatique \u00ab T\u00e9l\u00e9recours Citoyens \u00bb accessiblesur le site www.telerecours.fr.En cas de rejet implicite ou explicite du recours gracieux ou hi\u00e9rarchique, selon les dispositions del'article R.421-1 du code dejustice administrative, un recours contentieux peut \u00eatre exerc\u00e9 dans und\u00e9lai de deux mois \u00e0 compter de ce rejet.Article 6: le directeur acad\u00e9mique des services de l'Education nationale du Gard est charg\u00e9 del'ex\u00e9cution du pr\u00e9sent arr\u00eat\u00e9 qui sera publi\u00e9 au recueil des actes administratifs et notifi\u00e9 auxint\u00e9ress\u00e9s.\nFait \u00e0 Nimes, le .()5 JAN, 2026Le directeur acad\u00e9mique des services del'Education nationale du Gard\nC. MAUNY\nArr\u00eat\u00e9 TCA 202% - Association L'ESPOIR\nDirection des Services D\u00e9partementaux de l'Education Nationale du Gard - 30-2026-01-05-00001 - ARR\u00caT\u00c9 PORTANT\nRECONNAISSANCE TRONC COMMUN D'AGR\u00c9MENT DE L'ASSO ESPOIR 51\nPrefecture du Gard\n30-2026-01-06-00002\nArr\u00eat\u00e9 pr\u00e9fectoral portant modification de la\ncomposition du CODERST du Gard\nPrefecture du Gard - 30-2026-01-06-00002 - Arr\u00eat\u00e9 pr\u00e9fectoral portant modification de la composition du CODERST du Gard 52\nPREFETDU GARDLibert\u00e9Egalit\u00e9Fraternit\u00e9\nDirection de la citoyennet\u00e9, de la l\u00e9galit\u00e9 et de la coordination\nService des \u00e9lections, de la r\u00e9glementation g\u00e9n\u00e9rale\n et de l'environnement\nBureau de la r\u00e9glementation g\u00e9n\u00e9rale et de l'environnement\nArr\u00eat\u00e9 n\u00b0\nportant modification de l'arr\u00eat\u00e9 n\u00b0 30-2024-09-23-00002 du 23 septembre 2024\n relatif \u00e0 la composition du conseil d\u00e9partemental de l'environnement\net des risques sanitaires et technologiques (CODERST)\nLe pr\u00e9fet du Gard,\nchevalier de la L\u00e9gion d'honneur,\nofficier de l'ordre national du M\u00e9rite,\nVu le code de la sant\u00e9 publique, et notamment ses articles L1416-1 et R1416-1 \u00e0 R1416- 6 ; \nVu le code g\u00e9n\u00e9ral des collectivit\u00e9s territoriales ;\nVu le code de l'environnement ;\nVu l'ordonnance n\u00b0 2004-637 du 1er juillet 2004 relative \u00e0 la simplification de la composition  \net du fonctionnement des commissions administratives et \u00e0 la r\u00e9duction de leur nombre,  \nmodifi\u00e9e ;\nVu l'ordonnance n\u00b0 2005-727 du 30 juin 2005 portant diverses dispositions relatives \u00e0 la  \nsimplification des commissions administratives, modifi\u00e9e ;\nVu le d\u00e9cret n\u00b0 2006-665 du 7 juin 2006 relatif \u00e0 la r\u00e9duction du nombre et \u00e0 la simplification  \nde la composition de diverses commissions administratives, modifi\u00e9 ;\nVu le  d\u00e9cret  n\u00b0  2009-235  du  27  f\u00e9vrier  2009  relatif  \u00e0  l'organisation  et  aux  missions  des  \ndirections r\u00e9gionales de l'environnement, de l'am\u00e9nagement et du logement ;\nVu le  d\u00e9cret  n\u00b0  2009-1484  du  3  d\u00e9cembre  2009,  relatif  aux  directions  d\u00e9partementales  \ninterminist\u00e9rielles ;\nVu le d\u00e9cret n\u00b0 2010-336 du 31 mars 2010 portant cr\u00e9ation des agences r\u00e9gionales de sant\u00e9 ;\nVu  le d\u00e9cret du 13 juillet 2023 du Pr\u00e9sident de la R\u00e9publique nommant Monsieur J\u00e9r\u00f4me  \nBONET pr\u00e9fet du Gard ;\nVu l'arr\u00eat\u00e9  pr\u00e9fectoral  n\u00b0  2006-235-7  du  23  ao\u00fbt  2006  portant  cr\u00e9ation  du  conseil  \nd\u00e9partemental de l'environnement et des risques sanitaires et technologiques du Gard ;\nVu l'arr\u00eat\u00e9 pr\u00e9fectoral n\u00b030-2024-09-23-00002 du 23 septembre 2024 portant renouvellement \nde la composition du conseil d\u00e9partemental de l'environnement et des risques sanitaires et  \ntechnologiques du Gard ;\nH\u00f4tel de la Pr\u00e9fecture \u2013 10 avenue Feuch\u00e8res \u2013 30 045 N\u00ceMES CEDEX 9\nT\u00e9l :04 66 36 43 90 \u2013 Fax : 04.66.36.00.87 \u2013 www.gard.gouv.fr\nPrefecture du Gard - 30-2026-01-06-00002 - Arr\u00eat\u00e9 pr\u00e9fectoral portant modification de la composition du CODERST du Gard 53\nConsid\u00e9rant la  demande  \u00e9crite  du  2  d\u00e9cembre  2025  relative  \u00e0  la  repr\u00e9sentation  de  la  \nCARSAT-LR au sein du CODERST, coll\u00e8ge des associations, professions et experts (ing\u00e9nieurs  \nen hygi\u00e8ne et s\u00e9curit\u00e9) \u00e0 la suite du d\u00e9part \u00e0 la retraite de Mme Fran\u00e7oise CALLET ;\nSur proposition du secr\u00e9taire g\u00e9n\u00e9ral de la pr\u00e9fecture du Gard ;\nARR\u00caTE\nArticle 1  er     :  \nL'arr\u00eat\u00e9 pr\u00e9fectoral  n\u00b0 30-2024-09-23-00002 du 23 septembre 2024 portant renouvellement  \nde la composition du CODERST du Gard est modifi\u00e9 comme suit :\nPr\u00e9sident     :   \n - Le pr\u00e9fet du Gard ou son repr\u00e9sentant ;\nI - Services de l'Etat     :  \n- Le directeur r\u00e9gional de l'environnement, de l'am\u00e9nagement et du logement \n(DREAL) ;\n- Le  directeur  d\u00e9partemental  de  la  protection  des  populations  DDPP)  et  un  \nrepr\u00e9sentant suppl\u00e9mentaire ;\n- Le directeur d\u00e9partemental des territoires et de la mer (DDTM) et un repr\u00e9sentant \nsuppl\u00e9mentaire ;\n- Le chef du Service Interminist\u00e9riel de D\u00e9fense et Protection Civile (SIDPC) ;\nou leurs repr\u00e9sentants\nI bis - Le directeur de la d\u00e9l\u00e9gation d\u00e9partementale de l'agence r\u00e9gionale de sant\u00e9  \n(DD ARS) ou son repr\u00e9sentant ;\nII - Collectivit\u00e9s territoriales     :  \nRepr\u00e9sentants du conseil d\u00e9partemental :\nTitulaires Suppl\u00e9ants\nM. Alexandre PISSAS, conseiller d\u00e9partemental \ndu canton de Bagnols sur C\u00e8ze,\nMme Sylvie NICOLLE, conseill\u00e8re d\u00e9partementale du \ncanton de Bagnols sur C\u00e8ze,\nMme B\u00e9reng\u00e8re NOGUIER, conseill\u00e8re \nd\u00e9partementale du canton d'Uz\u00e8s,\nM G\u00e9rard BLANC, conseiller d\u00e9partemental du \ncanton de Redessan,\nRepr\u00e9sentants des maires :\nTitulaires Suppl\u00e9ants\nM. Gilles DELALIEU, maire de Cornillon M Nicolas CARTAILLER, maire de Remoulins\nM. Bernard DUCROS, maire d'Orsan M.Didier SALLES, maire de Deaux\nM. S\u00e9bastien BAYART, maire de Codolet M. Joffrey LEON, maire d' Uchaud\n2\nPrefecture du Gard - 30-2026-01-06-00002 - Arr\u00eat\u00e9 pr\u00e9fectoral portant modification de la composition du CODERST du Gard 54\nIII - Associations, professions et experts:\nAssociations agr\u00e9\u00e9es de consommateurs     :   \n- titulaire : M. Bernard DESANDRE (UFC Que Choisir)\n- suppl\u00e9ante : M Andr\u00e9 MOULIN (UFC Que Choisir)\nF\u00e9deration du Gard pour la p\u00eache et la protection du milieu aquatique:\n- titulaire : M. Vincent RAVEL\n- suppl\u00e9ant : M. Xavier BODY \nAssociations agr\u00e9\u00e9es de protection de la nature et de d\u00e9fense de l'environnement     :  \n- titulaire : M. Jean Francis GOSSELIN\n- suppl\u00e9ant : M. Christian CAMELIS\nProfession agricole     :  \n- titulaire : M. Philippe CAVALIER\n- suppl\u00e9ant : Mme Sabine LAGARDE\nProfession du b\u00e2timent     :  \n- titulaire : M. Henry BRIN\n- suppl\u00e9ant : M. Jeremy PECH\nIndustriels exploitants d'installations class\u00e9es     :  \n- titulaire :  M. Jean-Paul BOURNONVILLE\n- suppl\u00e9ant : M. Marc BERMOND\nIng\u00e9nieur chimiste:\n- titulaire :  M.Jean-Louis FANLO\n- suppl\u00e9ant : Mme Agn\u00e8s BARTHE\nIng\u00e9nieurs en hygi\u00e8ne et s\u00e9curit\u00e9     :  \n- titulaire : Mme Sadrina BERTRAND\n- suppl\u00e9ante : Mme Armelle MARLET\nHydrog\u00e9ologues     :  \n- titulaire : M. Vincent VALLES\nIV - Personnalit\u00e9s qualifi\u00e9es:\n-  Docteur  Eric  LEGOUFFE,  m\u00e9decin  (titulaire)  et  docteur  Sophie  GAUTARD,  \nm\u00e9decin, suppl\u00e9ante),\n- Docteur Odile VIDONNE-SARTRE m\u00e9decin,\n- M.Pierre-Alain PELLEGRINI, directeur du laboratoire d\u00e9partemental d'analyses du  \nGard),\n- Commandant des sapeurs pompiers Pascal DUPUIS (titulaire) et Lcl Eric GUIBOUD-\nRIBAUD (suppl\u00e9ant).\n3\nPrefecture du Gard - 30-2026-01-06-00002 - Arr\u00eat\u00e9 pr\u00e9fectoral portant modification de la composition du CODERST du Gard 55\nArticle 2 : \nLorsqu'il  est  consult\u00e9  sur  les  d\u00e9clarations  d'i nsalubrit\u00e9,  le  conseil  d\u00e9partemental  de  \nl'environnement  et  des  risques  sanitaires  et  technologiques  peut  se  r\u00e9unir  en  formation \nsp\u00e9cialis\u00e9e. Pr\u00e9sid\u00e9e par le pr\u00e9fet ou son repr\u00e9sentant, cette formation comprend :\nI - Services de l'Etat :\n- Le directeur d\u00e9partemental des territoires et de la mer ou son repr\u00e9sentant ;\n-  Le  directeur  d\u00e9partemental  de  l'emploi,  du  travail  et  des  solidarit\u00e9s,  ou  son  \nrepr\u00e9sentant ;\nI bis - Le directeur de la d\u00e9l\u00e9gation d\u00e9partementale de l'agence r\u00e9gionale de sant\u00e9; \nII - Collectivit\u00e9s territoriales:\nRepr\u00e9sentant du conseil d\u00e9partemental :\n- titulaire : M Robert CRAUSTE, conseiller d\u00e9partemental du canton d'Aigues- Mortes \n- suppl\u00e9ant : M Richard TIBERINO, conseiller d\u00e9partemental du canton de N\u00eemes VI ;\nRepr\u00e9sentant des maires :\n- titulaire : M Claude CERPEDES, maire de Saint-Martin-de-Valgalgues\n- suppl\u00e9ant : M. Sylvain ANDRE, maire de Cendras.\nIII - Associations, professions et experts:\nAssociations agr\u00e9\u00e9es de consommateurs     :  \n- titulaire : Mme Josette PASINETTI\n- suppl\u00e9ant : M. Bernard DESANDRE\nProfession du b\u00e2timent     :  \n- titulaire : M. Henry BRIN \n- suppl\u00e9ant : M. Jeremy PECH\nArchitectes     :  \nTitulaire : M. Antoine BRUGUEROLLE\nSuppl\u00e9ant : M. Cl\u00e9ment LEBERT\nIV- personnalit\u00e9s qualifi\u00e9es:\n- Docteur Eric LEGOUFFE, m\u00e9decin (titulaire) et docteur Sophie GAUTARD, m\u00e9decin \n(suppl\u00e9ante).\n-  Mme  Prune  METAUD,  juriste  ADIL  30  (titulaire)  et  M.  Fran\u00e7ois  STEINMETZ,  \nconseiller juriste ADIL 30 (suppl\u00e9ant).\n4\nPrefecture du Gard - 30-2026-01-06-00002 - Arr\u00eat\u00e9 pr\u00e9fectoral portant modification de la composition du CODERST du Gard 56\nArticle 3 :\nLe mandat des membres du conseil d\u00e9sign\u00e9s aux articles 1 er et 2 du pr\u00e9sent arr\u00eat\u00e9 prendra fin \nle 27 septembre 2027 conform\u00e9ment aux dispositions de l'arr\u00eat\u00e9 pr\u00e9fectoral n\u00b030-2024-09-23-\n00002 du 23 septembre 2024 portant renouvellement de la composition du CODERST du  \nGard.\nArticle 4     :  \nLe pr\u00e9sent arr\u00eat\u00e9 peut faire l'objet, dans un d\u00e9lai de deux mois \u00e0 compter de sa publication  \nau recueil des actes administratifs de la pr\u00e9fecture ou de sa notification, soit d'un recours  \ngracieux aupr\u00e8s du pr\u00e9fet du Gard, soit d'un recours hi\u00e9rarchique aupr\u00e8s du ministre de  \nl'int\u00e9rieur.\nIl peut \u00e9galement faire l'objet d'un recours contentieux aupr\u00e8s du tribunal administratif de  \nN\u00eemes, soit :\n- directement, en l'absence de recours pr\u00e9alable, dans un d\u00e9lai de deux mois \u00e0 compter de sa  \npublication ;\n- \u00e0 l'issue d'un recours pr\u00e9alable, dans le d\u00e9lai de deux mois \u00e0 compter de la date de sa  \nnotification de la r\u00e9ponse obtenue de l'administration, ou au terme d'un silence gard\u00e9 par  \ncelle-ci pendant deux mois \u00e0 compter de la r\u00e9ception de la demande.\nLe  tribunal  administratif  peut  aussi  \u00eatre  saisi  par  l'application  informatique  \u00ab T\u00e9l\u00e9recours \ncitoyens \u00bb accessible par le site internet www.telerecours.fr\nArticle 5     :   \nLe secr\u00e9taire g\u00e9n\u00e9ral de la pr\u00e9fecture du Gard est charg\u00e9 de l'ex\u00e9cution du pr\u00e9sent arr\u00eat\u00e9, qui \nsera  notifi\u00e9  aux  membres  du  conseil  d\u00e9partemental  de  l'environnement  et  des  risques  \nsanitaires et technologiques du Gard.\nA N\u00eemes,\nLe pr\u00e9fet, \npour le pr\u00e9fet et par d\u00e9l\u00e9gation,\n le secr\u00e9taire g\u00e9n\u00e9ral \n5\nPrefecture du Gard - 30-2026-01-06-00002 - Arr\u00eat\u00e9 pr\u00e9fectoral portant modification de la composition du CODERST du Gard 57\nPrefecture du Gard\n30-2026-01-05-00014\nArr\u00eat\u00e9 temporaire de police de circulation\nN\u00b030-2026-005-01\nPrefecture du Gard - 30-2026-01-05-00014 - Arr\u00eat\u00e9 temporaire de police de circulation N\u00b030-2026-005-01 58\n| | CabinetPR\u00c9FET Cellule s\u00e9curit\u00e9 routi\u00e8reDU GARDLibert\u00e9' Evalit\u00e9Fraternit\u00e9\nArr\u00e9t\u00e9 temporaire de police de circulation N\u00b0 30-2026-006-01portant r\u00e9glementation temporaire de la circulation sur l'autoroute A 54Le pr\u00e9fet du GardChevalier de la L\u00e9gion d'honneur,Officier de l'ordre national du M\u00e9rite\nVu la loi n\u00b0 55.435 du 18 avril 1955 modifi\u00e9e portant statut des autoroutes ;Vu le d\u00e9cret n\u00b0 561425 du 27 d\u00e9cembre 1956 portant r\u00e8glement d'administration publique pourl'application de la loi n\u00b0 55.435 du 18 avril 1955 sur le statut des autoroutes;Vu le Code de la route et notamment les articles R 411-8, R.411-8-1, R411-9 et R 411-21-1 et R.411-25 ;Vu le Code de la voirie routi\u00e8re ;Vu le d\u00e9cret du 13 juillet 2023 nommant M. J\u00e9r\u00f4me BONET, pr\u00e9fet du Gard ;Vu l'arr\u00eat\u00e9 30-2024-10-18-00009 du 18 octobre 2024 donnant d\u00e9l\u00e9gation de signature \u00e0 Mme Marie-Charlotte EUVRARD, sous-pr\u00e9f\u00e8te, directrice de cabinet du pr\u00e9fet du Gard;Vu l'arr\u00eat\u00e9 30-2024-309-01 du 04 novembre 2024 donnant subd\u00e9l\u00e9gation de signature \u00e0 M. PierreBEHAEGHEL, coordinateur S\u00e9curit\u00e9 routi\u00e8re, responsable de la cellule S\u00e9curit\u00e9 routi\u00e8re ;Vu la demande de la direction r\u00e9gionale de la soci\u00e9t\u00e9 des Autoroutes du Sud de la France en date du 5janvier 2026;Vu l'avis favorable du commandant de la gendarmerie d\u00e9partementale du Gard en date du 5 janvier2026;Consid\u00e9rant les dispositions de l'article R411-9,du Code de la route suivant lesquelles le pr\u00e9fet exerce lapolice de la circulation sur les autoroutes et qu'en application de l'article R411-21-1 du m\u00eame code,l'autorit\u00e9 investie du pouvoir de police peut ordonner la fermeture temporaire d'un axe routier ;Consid\u00e9rant qu'\u00e0 l'occasion des manifestations des agriculteurs organis\u00e9es le 5 janvier 2026 des blocagesau niveau du rond-point d'acc\u00e8s \u00e0 l'\u00e9changeur autoroutier N\u00b02 Garons sur l'A 54 ont \u00e9t\u00e9 constat\u00e9s ;Consid\u00e9rant que ces blocages routiers entravent la circulation au niveau de cet \u00e9changeur;Consid\u00e9rant la g\u00eane et le risque pour les usagers de l'autoroute A54 que repr\u00e9sente cette entrave \u00e0 lacirculation et qu'il convient de prendre toutes les dispositions pour assurer leur s\u00e9curit\u00e9 ;\n1/2\nPrefecture du Gard - 30-2026-01-05-00014 - Arr\u00eat\u00e9 temporaire de police de circulation N\u00b030-2026-005-01 59\nSur proposition de la directrice de cabinet du pr\u00e9fet du Gard\nARRETE\nARTICLE 1: MesuresL'\u00e9changeur autoroutier N\u00b02 Garons de l'autoroute A54 est ferm\u00e9 en entr\u00e9e et en sortie.Cette mesure reste en vigueur jusqu'\u00e0 la lev\u00e9e des blocages routiers et a la remise en \u00e9tat de la chauss\u00e9e.\nARTICLE 2 : Information des usagersL'information des usagers sera effectu\u00e9e :\u00b0 par affichage de messages sur les panneaux \u00e0 messages variables \u00ab PMV\u00bb en section courante, et\u00ab PMVA \u00bb en acc\u00e8s d'autoroute ;\u00b0 par diffusion d'information en temps r\u00e9el sur Radio Vinci Autoroutes 107.7 MHz.\nARTICLE 3 : Suivi des signalisations et s\u00e9curit\u00e9La signalisation aff\u00e9rente aux mesures d'exploitation est mise en place par Autoroutes du Sud de laFrance, conform\u00e9ment a la r\u00e9glementation en vigueur relative a la signalisation temporaire surautoroutes.\nARTICLE 4 : RecoursLe pr\u00e9sent arr\u00eat\u00e9 peut faire l'objet d'un recours administratif aupr\u00e8s du pr\u00e9fet du Gard (pr\u00e9fecture du Gard30045 N\u00eemes Cedex 9), d'un recours hi\u00e9rarchique adress\u00e9 \u00e0 Monsieur le ministre de l'Int\u00e9rieur - place Beauvau75 800 Paris) ou d'un recours contentieux devant le tribunal administratifde Nimes, dans un d\u00e9lai de deux moissuivant sa publication. Le tribunal administratif peut aussi \u00eatre saisi par l'application informatique \"T\u00e9l\u00e9recoursCitoyens\" accessible par le site internet www.telerecours.frARTICLE 5: Ex\u00e9cutionLa directrice de cabinet du pr\u00e9fet du Gard, le colonel commandant le groupement de gendarmerie du Gard, ledirecteur r\u00e9gional Languedoc-Roussillon des Autoroutes du Sud de la France (ASF) \u00e0 Narbonne, le directeurr\u00e9gional Provence Camargue des autoroutes du sud de la France \u00e0 Orange, sont charg\u00e9s, chacun en ce qui leconcerne, de l'ex\u00e9cution du pr\u00e9sent arr\u00eat\u00e9, dont copie sera adress\u00e9e, pour information, au conseild\u00e9partemental du Gard et \u00e0 FCA\nN\u00eemes, le 5 janvier 2026Le pr\u00e9fet,pour la directrice de cabinele responsable deNa cellCoordinateu\nPrefecture du Gard - 30-2026-01-05-00014 - Arr\u00eat\u00e9 temporaire de police de circulation N\u00b030-2026-005-01 60\nSous Pr\u00e9fecture d'Al\u00e8s\n30-2026-01-07-00002\nARENOUV-HABILITATION-26-01-05-DU-07-01-26\nSous Pr\u00e9fecture d'Al\u00e8s - 30-2026-01-07-00002 - ARENOUV-HABILITATION-26-01-05-DU-07-01-26 61\nSous-pr\u00e9fecture d'Al\u00e8sBU GARD Bureau de la R\u00e9glementation Fun\u00e9raire et des Associationsis Service d\u00e9partemental du fun\u00e9raire10\u20ac\u00c9galit\u00e9Fraternit\u00e9\nArr\u00eat\u00e9 n\u00b0 26-01-05portant renouvellement d'habilitation dans le domaine fun\u00e9raire pour une dur\u00e9e de 5 ansLe pr\u00e9fet du Gard,Chevalier de la l\u00e9gion d'honneur,Officier de l'ordre national du M\u00e9rite,\nVu le code g\u00e9n\u00e9ral des collectivit\u00e9s territoriales, notamment les articles L. 2223-19 et suivants;Vu l'arr\u00eat\u00e9 pr\u00e9fectoral n\u00b0 30-2024-10-18-00007 du 18 octobre 2024 donnant d\u00e9l\u00e9gation designature a Monsieur Emile SOUMBO, sous-pr\u00e9fet de l'arrondissement d'Al\u00e8s ;Vu l'arr\u00eat\u00e9 pr\u00e9fectoral n\u00b021-01-10 en date du 08 janvier 2021 portant renouvellementd'habilitation dans le domaine fun\u00e9raire pour une dur\u00e9e de 5 ans sous le n\u00b0 21-30-0178, \u00e0 la Sarl\u00ab FUNERAIRE AUTREMENT \u00bb, pour son \u00e9tablissement principal sise 7 rue des Rolliers - l'Archede la Vaunage \u00e0 Caveirac (30820), SIRET n\u00b0 885 088 914 00027 co-dirig\u00e9e par MessieursRodolphe BOUVIER et Claude AGNEL g\u00e9rants ;Vu la demande de renouvellement d'habilitation dans le domaine fun\u00e9raire formul\u00e9e par M.Rodolphe BOUVIER ;Vu l'extrait Kbis de la soci\u00e9t\u00e9, \u00e0 jour en date du 27 novembre 2025;Consid\u00e9rant que |'habilitation n\u00b0 21-30-0178 arrive a \u00e9ch\u00e9ance \u00e0 la date du 08/01/2026 ;Consid\u00e9rant que la demande de renouvellement d'habilitation est constitu\u00e9e conform\u00e9ment ala r\u00e9glementation en vigueur ;Sur proposition du sous-pr\u00e9fet d'Al\u00e8s; ARR\u00caTEArticle 1%:La Sarl \u00ab FUNERAIRE AUTREMENT \u00bb, pour son \u00e9tablissement principal, sise 7 ruedes Rolliers - l'Arche de la Vaunage \u00e0 Caveirac (30820), - SIRETn\u00b0 885 088 914 00027 co-g\u00e9r\u00e9e par Messieurs Rodolphe BOUVIER et ClaudeAGNEL, est habilit\u00e9e pour exercer sur l'ensemble du territoire national, lesactivit\u00e9s fun\u00e9raires suivantes :~ transport de corps avant et apr\u00e8s mise en bi\u00e8re,- organisation des obs\u00e8ques,- soins de conservation (activit\u00e9 sous-trait\u00e9e),- fourniture des housses, des cercueils et de leurs accessoires int\u00e9rieurs et ext\u00e9rieursainsi que des urnes cin\u00e9raires,- fourniture de corbillards et de voitures de deuils,- fourniture de personnel, objets et prestations n\u00e9cessaires aux obs\u00e8ques,inhumations, exhumations et cr\u00e9mations (activit\u00e9 sous-trait\u00e9e).\nSOUS-PREFECTURE d'ALES - 3 boulevard Louis Blanc ~ - 30100 ALES - T\u00e9l.: 04.66.56.39.39 \u2014 www.gard.gouvfr\nSous Pr\u00e9fecture d'Al\u00e8s - 30-2026-01-07-00002 - ARENOUV-HABILITATION-26-01-05-DU-07-01-26 62\nArticle2: L'op\u00e9rateur fun\u00e9raire d\u00e9clare, dans le cadre d'un contrat de sous-traitance,confier les prestations fun\u00e9raires suivantes :- soins de conservation :\u00e0 l'entreprise habilit\u00e9e \u00ab MISSTHANATO \u00bb sise \u00e0 Al\u00e8s (30) ;- fourniture de personnel, objets et prestations n\u00e9cessaires aux obs\u00e8ques,inhumations, exhumations et cr\u00e9mations,aux entreprises habilit\u00e9es \u00ab Service Fun\u00e9raire Galtier \u00bb sise \u00e0 Saint-Hilaire-de-Brethmas (30560) et \u00ab Marbrerie Fossoyage Gardoise \u00bb sise \u00e0 Caveirac (30820).Article 3: Les prestations de transport de corps avant et apr\u00e8s mise en bi\u00e8re se font aumoyen du v\u00e9hicule immatricul\u00e9 sous les num\u00e9ros :BK-203-WF \u2014 DB-345-VF - EL-834-MQArticle 4: Le num\u00e9ro d'habilitation est : 26-30-178.Article 5: La dur\u00e9e de la pr\u00e9sente habilitation est fix\u00e9e pour une dur\u00e9e de 5 ans, soitjusqu'au : 09/01/2031.Article6: La pr\u00e9sente habilitation peut \u00eatre retir\u00e9e ou suspendue pour une ou plusieursactivit\u00e9s pour l'un des motifs pr\u00e9vus par l'article L.2223-25 du code g\u00e9n\u00e9raldes collectivit\u00e9s territoriales.Article 7: Le sous-pr\u00e9fet d'Al\u00e9s est charg\u00e9 de l'ex\u00e9cution du pr\u00e9sent arr\u00eat\u00e9 dont unexemplaire est notifi\u00e9 \u00e0 l'int\u00e9ress\u00e9 et ins\u00e9r\u00e9 au recueil des actesadministratifs (RAA) de la pr\u00e9fecture du Gard.\nAl\u00e8s le 7 janvier 2026\nN\u00b0 d'insertion au RAA :\nVoi lai r rs:La pr\u00e9sente d\u00e9cision peut faire l'objet d'un recours administratif aupr\u00e8s de l'autorit\u00e9 qui l'a d\u00e9livr\u00e9e ou aupr\u00e8s dutribunal administratif de Nimes, dans un d\u00e9lai de deux mois \u00e0 compter de sa notification pour l'int\u00e9ress\u00e9 et de sapublication pour les tiers.\nSOUS-PREFECTURE d'AL\u00c8S \u2014 3 boulevard Louis Blanc \u2014 - 30100 ALES - T\u00e9l.: 04.66.56.39.39 \u2014 www.gard.gouv.fr\nSous Pr\u00e9fecture d'Al\u00e8s - 30-2026-01-07-00002 - ARENOUV-HABILITATION-26-01-05-DU-07-01-26 63","date":"2026-01-09","first_seen_on":"2026-01-09T17:24:39+00:00","id":"9433a62e29262f7704eef4a4e71e99dd4fda20b9aa1791da078841c96fffa2f9","name":"recueil-30-2026-006-normal du 09 01 2026","pdf_creation_date":"2026-01-09T15:38:22+00:00","pdf_modification_date":null,"timezone":"Europe/Paris","url":"https://www.gard.gouv.fr/contenu/telechargement/66497/489014/file/recueil-30-2026-006-normal%20du%2009%2001%202026.pdf"}
