{"administration":"prefidf","administration_name":"Pr\u00e9fecture de la r\u00e9gion \u00cele-de-France","content":"PREFECTURE\nREGION ILE DE\nFRANCE\nRECUEIL DES ACTES\nADMINISTRATIFS SP\u00c9CIAL\n(NOMINATIFS)\nN\u00b0IDF-027-2025-05\nPUBLI\u00c9 LE 16 MAI 2025\nSommaire\nAgence R\u00e9gionale de Sant\u00e9 / Agence r\u00e9gionale de sant\u00e9\nd'Ile-de-France-Direction de l'Offre de Soins (DOS)\nIDF-2025-05-07-00013 - Acte de d\u00e9claration n\u00b0 DOS - 2025 /\n2006\nportant modification de fonctionnement du laboratoire de biologie\nm\u00e9dicale exploit\u00e9\npar le Groupe Hospitalier Nord Essonne sis 1 Parvis\nde l'H\u00f4pital \u00e0 ORSAY (91400) (2 pages) Page 3\nMission nationale de contr\u00f4le et d'audit des organismes de s\u00e9curit\u00e9\nsociale  / Antenne Paris\nIDF-2025-05-16-00001 - Arr\u00eat\u00e9 modificatif du 16 mai 2025 - portant\nmodification de la composition du Conseil de la Caisse Primaire\nd'Assurance Maladie de Seine et Marne (CPAM 77) (2 pages) Page 6\nRectorat de l'acad\u00e9mie de Versailles /\nIDF-2025-03-31-00011 - Arr\u00eat\u00e9 portant cr\u00e9ation et organisation du\nservice de d\u00e9fense et de s\u00e9curit\u00e9 acad\u00e9mique (2 pages) Page 9\n2\nAgence R\u00e9gionale de Sant\u00e9\nIDF-2025-05-07-00013\nActe de d\u00e9claration n\u00b0 DOS - 2025 / 2006\nportant modification de fonctionnement du\nlaboratoire de biologie m\u00e9dicale exploit\u00e9\npar le Groupe Hospitalier Nord Essonne sis 1\nParvis de l'H\u00f4pital \u00e0 ORSAY (91400)\nAgence R\u00e9gionale de Sant\u00e9 - IDF-2025-05-07-00013 - Acte de d\u00e9claration n\u00b0 DOS - 2025 / 2006\nportant modification de fonctionnement du laboratoire de biologie m\u00e9dicale exploit\u00e9\npar le Groupe Hospitalier Nord Essonne sis 1 Parvis de l'H\u00f4pital \u00e0 ORSAY (91400)\n3\nREPUBLIQUEFRANCAISELibert\u00e9Egalit\u00e9Fraternit\u00e9\nAr\u00a9 D Agence R\u00e9gionale de Sant\u00e9Ile-de-France\n1 / 2 \n \n \n \n \nAGENCE R\u00c9GIONALE DE SANT\u00c9 \u00ceLE-DE-FRANCE \n \n \nActe de d\u00e9claration n\u00b0 DOS \u2013 2025 / 2006 \nportant modification de fonctionnement du laboratoire de biologie m\u00e9dicale exploit\u00e9 \npar le Groupe Hospitalier Nord Essonne sis 1 Parvis de l'H\u00f4pital \u00e0 ORSAY (91400) \n \nLE DIRECTEUR G\u00c9N\u00c9RAL DE L'AGENCE R\u00c9GIONALE DE SANT\u00c9 \u00ceLE-DE-FRANCE \n \n \nVU Le code de la sant\u00e9 publique et notamment le livre II de la sixi\u00e8me partie ; \nVU La loi n\u00b0 2013-442 du 30 mai 2013 portant r\u00e9forme de la biologie m\u00e9dicale et ratifiant l'ordonnance \nn\u00b02010-49 du 13 janvier 2010 relative \u00e0 la biologie m\u00e9dicale ; \nVU Le d\u00e9cret n\u00b0 2016-46 du 26 janvier 2016 relatif \u00e0 la biologie m\u00e9dicale ; \nVU Le d\u00e9cret du 10 avril 2024 portant nomination de Monsieur Denis ROBIN, Directeur g\u00e9n\u00e9ral de l'Agence \nR\u00e9gionale de sant\u00e9 Ile-de-France, \u00e0 compter du 29 avril 2024 ; \nVU L'arr\u00eat\u00e9 n\u00b0 DS-2024/0034 du 29 avril 2024 portant d\u00e9l\u00e9gation de signature du Directeur g\u00e9n\u00e9ral de \nl'Agence r\u00e9gionale de sant\u00e9 Ile-de-France \u00e0 Monsieur Arnaud CORVAISIER, Directeur de l'offre de \nsoins, et \u00e0 diff\u00e9rents collaborateurs ; \nVU L'acte de d\u00e9claration n\u00b0DOS-2023 / 2365 en date du 12 juin 2023 portant cr\u00e9ation du laboratoire de \nbiologie m\u00e9dicale exploit\u00e9 par le Groupe Hospitalier Nord Essonne sis 4 place du G\u00e9n\u00e9ral Leclerc \u00e0 \nORSAY (91400) ; \n \nCONSIDERANT \n \nLa demande d\u00e9pos\u00e9e le 8 avril 2025 par Monsieur Vincent ESTEVE, biologiste-\nresponsable du laboratoire de biologie m\u00e9dicale exploit\u00e9 par le groupe hospitalier Nord \nEssonne sis 1 Parvis de l'H\u00f4pital 91400 ORSAY, afin d'acter : \n \n- La modification du si\u00e8ge social du groupe hospitalier Nord Essonne au CH d'Orsay, 4 \nplace du G\u00e9n\u00e9ral Leclerc \u00e0 ORSAY (91400), d\u00e9sormais situ\u00e9 au nouvel h\u00f4pital Paris-\nSaclay, sis 1 parvis de l'H\u00f4pital - ZAC Corbeville \u00e0 ORSAY (91400) ; \n \n- Le transfert du site du laboratoire de biologie m\u00e9dicale exploit\u00e9 par le GH Nord Essonne \nsis CH d'Orsay, 4 place du G\u00e9n\u00e9ral Leclerc \u00e0 ORSAY (91400) N\u00b0 FINESS ET 91 000 030 \n6, vers le nouveau site de l'h\u00f4pital Paris-Saclay, sis 1 parvis de l'H\u00f4pital - ZAC Corbeville \n\u00e0 ORSAY (91400) N\u00b0 FINESS ET 91 002 678 0, r\u00e9alis\u00e9 le 3 juin 2024 ;  \n \n- La fermeture partielle du site du CH de Longjumeau, sis 159 rue du Pr\u00e9sident Fran\u00e7ois \nMitterrand \u00e0 LONGJUMEAU (91160) N\u00b0 FINESS ET 91 000 029 8 au 28 juin 2024, avec \nconservation d'une activit\u00e9 de biologie d'urgence de proximit\u00e9 jusqu'\u00e0 sa fermeture \nd\u00e9finitive le 14 janvier 2025 ; \n \n \nCONSIDERANT La liste des biologistes m\u00e9dicaux et la liste des examens de biologie m\u00e9dicale pratiqu\u00e9s \nsur le site de l'H\u00f4pital Paris-Saclay ; \nCONSIDERANT La copie des plans des locaux du laboratoire de biologie m\u00e9dicale situ\u00e9 au 2\u00e8me \u00e9tage \nb\u00e2timent Nord Est du Groupe Hospitalier Nord Essonne, sis 1 parvis de l'H\u00f4pital - ZAC \nCorbeville \u2013 91400 ORSAY ; \n \n \n \nAgence R\u00e9gionale de Sant\u00e9 - IDF-2025-05-07-00013 - Acte de d\u00e9claration n\u00b0 DOS - 2025 / 2006\nportant modification de fonctionnement du laboratoire de biologie m\u00e9dicale exploit\u00e9\npar le Groupe Hospitalier Nord Essonne sis 1 Parvis de l'H\u00f4pital \u00e0 ORSAY (91400)\n4\nREPUBLIQUEFRANCAISELibert\u00e9Egalit\u00e9Fraternit\u00e9\nAre > Agence R\u00e9gionale de Sant\u00e9\u00cele-de-France\n2 / 2 \n \n \n \n \nPREND ACTE DE LA DECLARATION : \n \nARTICLE 1er : Le laboratoire de biologie m\u00e9dicale exploit\u00e9 par le groupe hospitalier Nord Essonne sis 1 Parvis de \nl'H\u00f4pital 91400 ORSAY et enregistr\u00e9 dans le fichier FINESS EJ sous le n\u00b0 91 011 005 5, fonctionne \ndepuis le 3 juin 2024 sur le site unique ci-dessous : \n \n- Site de l'H\u00f4pital Paris-Saclay \n1 parvis de l'H\u00f4pital - ZAC Corbeville \u00e0 ORSAY (91400) \nOuvert au public 24h/24 et 7j/7 \nPratiquant les activit\u00e9s de biochimie (biochimie g\u00e9n\u00e9rale et sp\u00e9cialis\u00e9e), \nimmunologie-h\u00e9matologie (h\u00e9matocytologie, h\u00e9mostase, immuno-h\u00e9matologie, \nauto-immunit\u00e9) et microbiologie (bact\u00e9riologie, parasitologie-mycologie, s\u00e9rologie \ninfectieuse, virologie) \nN\u00b0 FINESS ET en cat\u00e9gorie 355 : 91 002 678 0 \n \n \n La liste des biologistes m\u00e9dicaux exer\u00e7ant au sein du laboratoire de biologie m\u00e9dicale est la \nsuivante : \n \n- Dr Vincent ESTEVE, m\u00e9decin biologiste, biologiste-responsable et chef de service \n- Dr Rami AMMAR, pharmacien biologiste, praticien hospitalier \u00e0 temps plein \n- Dr Aur\u00e9lie EMIRIAN, pharmacien biologiste, praticien hospitalier \u00e0 temps partiel \u00e0 80% \n- Dr Marine EVREVIN, pharmacien biologiste, praticien hospitalier \u00e0 temps plein \n- Dr C\u00e9cile FARRUGIA, pharmacien biologiste, praticien hospitalier \u00e0 temps plein \n- Dr Ghassen HAMDI, pharmacien biologiste, praticien hospitalier \u00e0 temps plein \n- Dr Christine LAMBERT, pharmacien biologiste, praticien hospitalier \u00e0 temps plein \n- Dr Basile MOUNKASSA, m\u00e9decin biologiste, praticien hospitalier \u00e0 temps plein \n- Dr Mathilde PUEL, pharmacien biologiste, assistant hospitalier universitaire \u00e0 temps \npartiel \u00e0 50%  \n \nARTICLE 2e : \n \n \n \nARTICLE  3e : \nL'acte de d\u00e9claration n\u00b0 DOS-2023 / 2365 en date du 12 juin 2023 portant fonctionnement du \nlaboratoire de biologie m\u00e9dicale exploit\u00e9 par le Groupe Hospitalier Nord Essonne sis 4 place du \nG\u00e9n\u00e9ral Leclerc \u00e0 ORSAY (91400), est abrog\u00e9. \n \nUn recours contentieux contre le pr\u00e9sent acte de d\u00e9claration peut \u00eatre form\u00e9 aupr\u00e8s du tribunal \nadministratif comp\u00e9tent. Le d\u00e9lai de recours est de deux mois \u00e0 compter de sa notification pour \nles int\u00e9ress\u00e9s ou de sa publication pour les tiers. \nARTICLE 4e : Le directeur du P\u00f4le Efficience de l'Agence r\u00e9gionale de sant\u00e9 Ile-de-France est charg\u00e9 de \nl'ex\u00e9cution du pr\u00e9sent acte de d\u00e9claration qui sera publi\u00e9 au recueil des actes administratifs \nde la pr\u00e9fecture de la r\u00e9gion Ile-de-France. \n \nFait \u00e0 Saint-Denis le 7 mai 2025 \n \nPour le Directeur g\u00e9n\u00e9ral \nde l'Agence r\u00e9gionale de sant\u00e9  \nIle-de-France \n \nPar d\u00e9l\u00e9gation, \nLe directeur du P\u00f4le Efficience \n \n  \nFabien P\u00c9RUS \n \n \nAgence R\u00e9gionale de Sant\u00e9 - IDF-2025-05-07-00013 - Acte de d\u00e9claration n\u00b0 DOS - 2025 / 2006\nportant modification de fonctionnement du laboratoire de biologie m\u00e9dicale exploit\u00e9\npar le Groupe Hospitalier Nord Essonne sis 1 Parvis de l'H\u00f4pital \u00e0 ORSAY (91400)\n5\nMission nationale de contr\u00f4le et d'audit des\norganismes de s\u00e9curit\u00e9 sociale \nIDF-2025-05-16-00001\nArr\u00eat\u00e9 modificatif du 16 mai 2025 - portant\nmodification de la composition du Conseil de la\nCaisse Primaire d'Assurance Maladie de Seine et\nMarne (CPAM 77)\nMission nationale de contr\u00f4le et d'audit des organismes de s\u00e9curit\u00e9 sociale  - IDF-2025-05-16-00001 - Arr\u00eat\u00e9 modificatif du 16 mai 2025\n- portant modification de la composition du Conseil de la Caisse Primaire d'Assurance Maladie de Seine et Marne (CPAM 77) 6\nE =GOUVERNEMENT DirectionLibert\u00e9 de la s\u00e9curit\u00e9 socialeEgalit\u00e9Fraternit\u00e9\n \n \n \nArr\u00eat\u00e9 modificatif du 16 mai 2025 \u2013 portant modification de la composition du Conseil de la Caisse \nPrimaire d'Assurance Maladie de Seine et Marne (CPAM 77) \n \n \n \nLa ministre du travail, de la sant\u00e9, des solidarit\u00e9s et des familles \n \n \nVu le code de la s\u00e9curit\u00e9 sociale et notamment les articles L. 211-2, R. 211-1, R. 121-5 \u00e0 R. 121-7, et \nD. 231-1 \u00e0 D. 231-4 ; \nVu l'arr\u00eat\u00e9 du 28 octobre 2009 relatif aux institutions intervenant dans le domaine de l'assurance maladie \net si\u00e9geant au sein du conseil de la Caisse nationale de l'assurance maladie des travailleurs salari\u00e9s ; \nVu l'arr\u00eat\u00e9 du 11 avril 2022 \u2013 ADP Conseil CPAM de Seine et Marne - portant nomination des membres du \nconseil de la Caisse Primaire d'Assurance Maladie de Seine et Marne ; \nVu l'arr\u00eat\u00e9 modificatif du 19 octobre 2022 \u2013 ADP Conseil CPAM de Seine et Marne - portant modification de \nla composition du conseil de la Caisse Primaire d'Assurance Maladie de Seine et Marne ; \nVu l'arr\u00eat\u00e9 modificatif du 2 octobre 2023 \u2013 ADP Conseil CPAM de Seine et Marne - portant modification de \nla composition du conseil de la Caisse Primaire d'Assurance Maladie de Seine et Marne ; \nVu l'arr\u00eat\u00e9 modificatif du 9 octobre 2023 \u2013 CPAM 77 Conseil - portant modification de la composition du \nConseil de la Caisse Primaire d'Assurance Maladie de Seine et Marne ; \nVu l'arr\u00eat\u00e9 modificatif du 28 mars 2024 \u2013 CPAM 77 Conseil - portant modification de la composition du \nConseil de la Caisse Primaire d'Assurance Maladie de Seine et Marne ; \nVu l'arr\u00eat\u00e9 modificatif du 15 juillet 2024 \u2013 CPAM 77 Conseil - portant modification de la composition du \nConseil de la Caisse Primaire d'Assurance Maladie de Seine et Marne ; \nVu l'arr\u00eat\u00e9 modificatif du 31 octobre 2024 portant modification de la composition du Conseil de la Caisse \nPrimaire d'Assurance Maladie de Seine et Marne ; \nVu l'arr\u00eat\u00e9 modificatif du 17 janvier 2025 \u2013 portant modification de la composition du Conseil de la Caisse \nPrimaire d'Assurance Maladie de Seine et Marne ; \nVu la proposition de candidature \u00e9manant, au titre des repr\u00e9sentants  d'institutions intervenant dans le \ndomaine de l'assurance maladie, de l'Union nationale des associations agr\u00e9\u00e9es d'usagers du syst\u00e8me de \nsant\u00e9 (UNAASS) ; \nVu l'arr\u00eat\u00e9 du 20 novembre 2024 portant d\u00e9l\u00e9gation de signature \u00e0 Monsieur Guy -Micha\u00ebl DALIN, chef de \nl'antenne de Paris de la Mission Nationale de Contr\u00f4le et d'audit des organismes de s\u00e9curit\u00e9 sociale ; \n \n \nArr\u00eate : \nArticle 1er \nEst nomm\u00e9e membre du Conseil de la Caisse Primaire d'Assurance Maladie de Seine et Marne : \n \n1\u00b0 En tant que Repr\u00e9sentants d'institutions intervenant dans le domaine de l'assurance maladie : \nSur demande du l'Union nationale des associations agr\u00e9\u00e9es d'usagers du syst\u00e8me de sant\u00e9 (UNAASS) \n \nTitulaire : \nMME COMTE (Alexandra) sur poste vacant \n \n \nMission nationale de contr\u00f4le et d'audit des organismes de s\u00e9curit\u00e9 sociale  - IDF-2025-05-16-00001 - Arr\u00eat\u00e9 modificatif du 16 mai 2025\n- portant modification de la composition du Conseil de la Caisse Primaire d'Assurance Maladie de Seine et Marne (CPAM 77) 7\n \nArticle 2 \n \n \nLe chef d'antenne de PARIS de la Mission nationale de contr\u00f4le et d'audit des organismes de s\u00e9curit\u00e9 sociale \nest charg\u00e9 de l'ex\u00e9cution du pr\u00e9sent arr\u00eat\u00e9, qui sera publi\u00e9 au recueil des actes administratifs de la r\u00e9gion Ile-\nde-France. \n \nFait \u00e0 Aubervilliers, le 16 mai 2025 \nLa ministre du travail, de la sant\u00e9, des solidarit\u00e9s et des familles, \n \nPour la ministre et par d\u00e9l\u00e9gation \n \n \nSign\u00e9 \n \nGuy-Micha\u00ebl DALIN \n \n \n \n \n \n \n \n \n \n \n \n \n \nMission nationale de contr\u00f4le et d'audit des organismes de s\u00e9curit\u00e9 sociale  - IDF-2025-05-16-00001 - Arr\u00eat\u00e9 modificatif du 16 mai 2025\n- portant modification de la composition du Conseil de la Caisse Primaire d'Assurance Maladie de Seine et Marne (CPAM 77) 8\nRectorat de l'acad\u00e9mie de Versailles\nIDF-2025-03-31-00011\nArr\u00eat\u00e9 portant cr\u00e9ation et organisation du\nservice de d\u00e9fense et de s\u00e9curit\u00e9 acad\u00e9mique\nRectorat de l'acad\u00e9mie de Versailles - IDF-2025-03-31-00011 - Arr\u00eat\u00e9 portant cr\u00e9ation et organisation du service de d\u00e9fense et de\ns\u00e9curit\u00e9 acad\u00e9mique 9\nEsACADEMIEDE VERSAILLESLibert\u00e9Egalit\u00e9Fraternit\u00e9\n \n \nARR\u00caT\u00c9 \n \n \nPortant cr\u00e9ation et organisation du Service de D\u00e9fense et de S\u00e9curit\u00e9 Acad\u00e9mique \n(SDSA) \n \n \nLe Recteur de l'acad\u00e9mie de Versailles, \n \n \nVU  le Code de l'\u00e9ducation ; \nVU le Code de la d\u00e9fense ; \nVU le Code des pensions civiles et militaires de retraite ; \nVU le d\u00e9cret n\u00b0 2012-16 du 5 janvier 2012 relatif \u00e0 l'organisation acad\u00e9mique ; \n \nVU l'arr\u00eat\u00e9 portant organisation de l'acad\u00e9mie de Versailles en date du 11 janvier 2013 ;  \n \nVU le d\u00e9cret n\u00b02019-1200 du 20 novembre 2019 relatif \u00e0 l'organisation des services d\u00e9concentr\u00e9s \ndes ministres charg\u00e9s de l'\u00e9ducation nationale et de l'enseignement sup\u00e9rieur, de la recherche \net de l'innovation ; \n \nVU  le d\u00e9cret n\u00b02025-75 du 29 janvier 2025 portant cr\u00e9ation des services de d\u00e9fense et de s\u00e9curit\u00e9 \nacad\u00e9miques ; \n \nVU  le d\u00e9cret du Pr\u00e9sident de la R\u00e9publique en date du  13 juillet 2023 portant nomination de \nMonsieur \u00c9tienne CHAMPION en qualit\u00e9 de Recteur de l'acad\u00e9mie de Versailles ; \n \nVU l'arr\u00eat\u00e9 d u 12 septembre 2019 portant nomination de Monsieur Beno\u00eet VERSCHAEVE en \nqualit\u00e9 de Secr\u00e9taire g\u00e9n\u00e9ral de l'acad\u00e9mie de Versailles ; \n \nVU l'instruction du 19 mars 2025  relative \u00e0 la gouvernance des questions de d\u00e9fense et de \ns\u00e9curit\u00e9 au sein du minist\u00e8re de l'\u00e9ducation nationale, de l'enseignement sup\u00e9rieur et de la \nrecherche et du minist\u00e8re des sports, de la jeunesse et de la vie associative ; \n \n \n \nARRETE \n \nARTICLE 1 \nEn application de l'article R. 222 -36-6 du code de l'\u00e9ducation, il est cr\u00e9\u00e9 au sein de l'acad\u00e9mie de \nVersailles un service de d\u00e9fense et de s\u00e9curit\u00e9 acad\u00e9mique, plac\u00e9 sous l'autorit\u00e9 du recteur et dirig\u00e9 \npar son directeur de cabinet. \n \nARTICLE 2 \nEn application de l'article III -2 de l'instruction du 19 mars 2025 , le service de d\u00e9fense et de s\u00e9curit\u00e9 \nacad\u00e9mique est compos\u00e9 des acteurs suivants : \n- le chef de cabinet et la directrice du Centre Acad\u00e9mique d'Aide aux \u00c9coles aux \u00c9tablissements \n- \u00c9quipes Mobiles de S\u00e9curit\u00e9  (CAAEE-EMS) en tant que charg\u00e9s de la veille, de l'alerte, du \ntraitement et du suivi des \u00e9v\u00e9nements graves et incidents ; \n- le Conseiller Technique acad\u00e9mique \u00c9tablissements Vie Scolaire (CTEVS) en tant que \nresponsable de la question du climat scolaire ; \n- le responsable du Service Acad\u00e9mique de Pr\u00e9vention et d'Accompagnement des Personnels \n(SAPAP) en tant que charg\u00e9 de l'accompagnement et de soutien aux personnels victimes ;  \n- l'IA-IPR r\u00e9f\u00e9rente valeurs de la R\u00e9publique qui anime et coordonne l'action de l' \u00e9quipe \nacad\u00e9mique valeurs de la R\u00e9publique ;  \nRectorat de l'acad\u00e9mie de Versailles - IDF-2025-03-31-00011 - Arr\u00eat\u00e9 portant cr\u00e9ation et organisation du service de d\u00e9fense et de\ns\u00e9curit\u00e9 acad\u00e9mique 10\nEsACADEMIEDE VERSAILLESLibert\u00e9Egalit\u00e9Fraternit\u00e9\n \n \n- L'IA-IPR r\u00e9f\u00e9rente valeurs de la R\u00e9publique qui coordonne la lutte contre les s\u00e9paratismes, la \nradicalisation et les d\u00e9rives sectaires ; \n- la directrice du CAAEE EMS et la conseill\u00e8re s\u00e9curit\u00e9 en tant que responsables de la pr\u00e9vention \net de la s\u00e9curisation des \u00e9tablissements, de la mise en \u0153uvre des plans associ\u00e9s et de la \nformation \u00e0 la s\u00e9curit\u00e9 et \u00e0 la gestion de crise, notamment les \u00e9quipes mobiles de s\u00e9curit\u00e9 et \nles conseillers acad\u00e9miques risques majeurs ;  \n- le directeur r\u00e9gional acad\u00e9mique des syst\u00e8mes d'information, responsable du site de Versailles \nen tant que conseiller pour la s\u00e9curit\u00e9 num\u00e9rique. \n \nLe directeur de cabinet y occupe la fonction de correspondant de la protection du secret de la d\u00e9fense \nnationale.  \n \nARTICLE 3 \nLe secr\u00e9taire g\u00e9n\u00e9ral de l'acad\u00e9mie de Versailles est charg\u00e9 de l'ex\u00e9cution du pr\u00e9sent arr\u00eat\u00e9 qui sera \npubli\u00e9 au recueil des actes administratifs de la pr\u00e9fecture de la R\u00e9gion d'Ile-de-France.  \n \n \nFait \u00e0 Versailles, le 31/03/2025 \n \n \n \nLe Recteur \n \nSign\u00e9 \n \n\u00c9tienne CHAMPION \n \nRectorat de l'acad\u00e9mie de Versailles - IDF-2025-03-31-00011 - Arr\u00eat\u00e9 portant cr\u00e9ation et organisation du service de d\u00e9fense et de\ns\u00e9curit\u00e9 acad\u00e9mique 11","date":"2025-05-16","first_seen_on":"2025-05-16T18:28:14+00:00","id":"94bd77cd5439762626a4d82df846cb7b16c9b8e30c70101b68440589e222073a","name":"recueil-idf-027-2025-05-RAA-nominatifs du 16.05.2025","pdf_creation_date":"2025-05-16T14:57:19+00:00","pdf_modification_date":null,"timezone":"Europe/Paris","url":"https://www.prefectures-regions.gouv.fr/ile-de-france/irecontenu/telechargement/127743/942428/file/recueil-idf-027-2025-05-RAA-nominatifs%20du%2016.05.2025.pdf"}
