{"administration":"prefidf","administration_name":"Pr\u00e9fecture de la r\u00e9gion \u00cele-de-France","content":"PREFECTURE\nREGION ILE DE\nFRANCE\nRECUEIL DES ACTES\nADMINISTRATIFS SP\u00c9CIAL\nN\u00b0IDF-041-2026-01\nPUBLI\u00c9 LE 22 JANVIER 2026\nSommaire\nAgence R\u00e9gionale de Sant\u00e9 /\nIDF-2025-11-03-00011 - Arr\u00eat\u00e9 n\u00b0 2025-376 portant renouvellement de\nl'autorisation de l'Etablissement d'Accueil M\u00e9dicalis\u00e9 (EAM) Dassault \u00e0\nMennecy g\u00e9r\u00e9 par l'association Soci\u00e9t\u00e9 Philanthropique (3 pages) Page 3\nIDF-2025-03-31-00012 - Arr\u00eat\u00e9 n\u00b0 2025-377 portant autorisation de\ncr\u00e9ation d'un Service d'Accompagnement M\u00e9dico-Social pour Adultes\nHandicap\u00e9s (SAMSAH) de 22 places pour adultes pr\u00e9sentant un\nhandicap psychique, par extension de l'Etablissement d'Accueil\nM\u00e9dicalis\u00e9 (EAM) Dassault \u00e0 Mennecy g\u00e9r\u00e9 par l'association\nSoci\u00e9t\u00e9 Philanthropique  (5 pages) Page 7\nDirection r\u00e9gionale et interd\u00e9partementale de l'h\u00e9bergement et du\nlogement / SDAOLH -  Service du d\u00e9veloppement et de l'am\u00e9lioration\nde l'offre de logement et d'h\u00e9bergement\nIDF-2026-01-22-00004 - Arr\u00eat\u00e9 portant extension \u00e0 la r\u00e9gion\nProvence-Alpes-C\u00f4te d'Azur de l'agr\u00e9ment en ma\u00eetrise\nd'ouvrage d'insertion de l'association Union des amis et\ncompagnons d'Emma\u00fcs (2 pages) Page 13\nDirection r\u00e9gionale et interd\u00e9partementale de l'environnement, de\nl'am\u00e9nagement et des transports d'\u00cele-de-France /\nIDF-2026-01-22-00005 - Arr\u00eat\u00e9 modificatif n\u00b0 DRIEAT - IDF portant\nagr\u00e9ment (3 pages) Page 16\n2\nAgence R\u00e9gionale de Sant\u00e9\nIDF-2025-11-03-00011\nArr\u00eat\u00e9 n\u00b0 2025-376 portant renouvellement de\nl'autorisation de l'Etablissement d'Accueil\nM\u00e9dicalis\u00e9 (EAM) Dassault \u00e0 Mennecy g\u00e9r\u00e9 par\nl'association Soci\u00e9t\u00e9 Philanthropique\nAgence R\u00e9gionale de Sant\u00e9 - IDF-2025-11-03-00011 - Arr\u00eat\u00e9 n\u00b0 2025-376 portant renouvellement de l'autorisation de l'Etablissement\nd'Accueil M\u00e9dicalis\u00e9 (EAM) Dassault \u00e0 Mennecy g\u00e9r\u00e9 par l'association Soci\u00e9t\u00e9 Philanthropique 3\nREPUBLIQUEFRANCAISELibert\u00e9Egalit\u00e9Fraternit\u00e9\nAT Essonne:\u00a9 D Agence R\u00e9gionale de Sant\u00e9 TERRE D'AVENIRSIle-de-France\n \n \n \n \n \n \n \n \nAGENCE R\u00c9GIONALE DE SANT\u00c9 \u00ceLE-DE-FRANCE \n \nARRETE N\u00b0 2025 \u2013 376  \n  \n \nportant renouvellement de l'autorisation de l'Etablissement d'Accueil M\u00e9dicalis\u00e9 Dassault \nsis \u00e0 2 Boulevard de Verville \u00e0 Mennecy (91540) \ng\u00e9r\u00e9 par l'association Soci\u00e9t\u00e9 Philanthropique    \n \n \nLE DIRECTEUR G\u00c9N\u00c9RAL DE L'AGENCE R\u00c9GIONALE DE SANT\u00c9 \u00ceLE-DE-FRANCE \nLE PRESIDENT DU CONSEIL DEPARTEMENTAL DE L'ESSONNE \n \n \n \nVU le code de l'action sociale et des familles et notamment les articles L. 312-1, L. 313-1,   L. \n314-3 et suivants, L. 315-5 ; \n \n   VU le code g\u00e9n\u00e9ral des collectivit\u00e9s territoriales ;  \n \nVU        le d\u00e9cret du 10 avril 2024 portant nomination de Monsieur Denis ROBIN, Directeur g\u00e9n\u00e9ral \nde l'Agence r\u00e9gionale de sant\u00e9 \u00cele-de-France \u00e0 compter du 29 avril 2024 ; \n \nVU l'arr\u00eat\u00e9 DS n\u00b0020-205 du 17 juillet 2025, portant d\u00e9l\u00e9gation de signature vers le Directeur \nde la d\u00e9l\u00e9gation d\u00e9partementale de l'Essonne, et son absence vers le directeur adjoint ; \n \nVU l'\u00e9lection le 1er juillet 2021 de Monsieur Fran\u00e7ois DUROVRAY \u00e0 la Pr\u00e9sidence du Conseil \nd\u00e9partemental de l'Essonne ; \n \nVU l'arr\u00eat\u00e9 n\u00b0 DIRNOV-2023/08 de la Directrice g\u00e9n\u00e9rale de l'Agence r\u00e9gionale de sant\u00e9 \u00cele-\nde-France en date du 26 octobre 2023 portant adoption du cadre d'orientation strat\u00e9gique \n2018-2028 du projet r\u00e9gional de sant\u00e9 d'\u00cele-de-France ; \n \nVU l'arr\u00eat\u00e9 n\u00b0 DIRNOV-2023/09 de la Directrice g\u00e9n\u00e9rale de l'Agence r\u00e9gionale de sant\u00e9 \u00cele-\nde-France en date du 26 octobre 2023 portant adoption du sch\u00e9ma r\u00e9gional de sant\u00e9 \n2023-2028 du projet r\u00e9gional de sant\u00e9 d' \u00cele-de-France, modifi\u00e9 par l'arr\u00eat\u00e9 n\u00b0DIRNOV -\n2023/09 en date du 12 janvier 2024 ; \n \nVU l'arr\u00eat\u00e9 n\u00b0 2023-346 de la Directrice g\u00e9n\u00e9rale de l'Agence r\u00e9gionale de sant\u00e9 \u00cele-de-France \nen date du 4 d\u00e9cembre 2023 \u00e9tablissant le programme interd\u00e9partemental \nd'accompagnement des handicaps et de la perte d'autonomie (PRIAC) 2023-2027 pour la \nr\u00e9gion \u00cele-de-France ; \n \nVU  le Sch\u00e9ma d\u00e9partemental en faveur des personnes handicap\u00e9es ; \n \nVU l'arr\u00eat\u00e9 conjoint du pr\u00e9fet de l'Essonne n\u00b0 091820 du 28 juillet 2009 et du Pr\u00e9sident du \nconseil g\u00e9n\u00e9ral de l'Essonne n\u00b0 2009 -00627 du 28 juillet 2009 portant autorisation de \ntransformation partielle en foyer d'accueil m\u00e9dicalis\u00e9 du foyer de vie d\u00e9nomm\u00e9 \u00ab  Foyer \nde la Fondation Serge Dassault  \u00bb sis 2 Boulevard de Verville \u00e0 Mennecy, g\u00e9r\u00e9 par la \nFondation des amis de Serge Dassault ; \n \nAgence R\u00e9gionale de Sant\u00e9 - IDF-2025-11-03-00011 - Arr\u00eat\u00e9 n\u00b0 2025-376 portant renouvellement de l'autorisation de l'Etablissement\nd'Accueil M\u00e9dicalis\u00e9 (EAM) Dassault \u00e0 Mennecy g\u00e9r\u00e9 par l'association Soci\u00e9t\u00e9 Philanthropique 4\n2 \n \n \nVU l'arr\u00eat\u00e9 n\u00b02022-11 du 8 f\u00e9vrier 2022 portant changement de d\u00e9nomination de l'association \n\u00ab les amis de la Fondation Serge Dassault \u00bb sis 80 \u00e0 85 avenue Serge Dassault \u00e0 Corbeil-\nEssonnes, en \u00ab  P\u00f4le Handicap Serge Dassault  \u00bb, gestionnaire de l'EAM Dassault \u00e0 \nMennecy ; \n \nVU l'arr\u00eat\u00e9 conjoint n\u00b02023-163 portant approbation de cession de l'autorisation de l'EAM \nDassault sis 2 Boulevard de Verville \u00e0 Mennecy g\u00e9r\u00e9 par l'association P\u00f4le Handicap \nSerge Dassault au profit de l'association Soci\u00e9t\u00e9 Philanthropique ; \n \nVU les conclusions du rapporteur de l'\u00e9valuation externe adress\u00e9es \u00e0 l'Agence r\u00e9gionale de \nsant\u00e9 Ile-de-France le 30 Juin 2023 ; \n \n \n \nCONSID\u00c9RANT        que le rapport de la visite d'\u00e9valuation du 5 au 7 juin 2023 , effectu\u00e9 par \nl'organisme STRATELYS d\u00e9montre un niveau attendu globalement \nsatisfaisant sur les chapitres suivants  : la personne, les professionnels et \nl'ESMS ;       \n \n \n \nARR\u00caTENT  \n \n \nARTICLE 1er : L'autorisation d\u00e9livr\u00e9e \u00e0 la Soci\u00e9t\u00e9 Philanthropique relative \u00e0 la gestion de \nl'Etablissement d'Accueil m\u00e9dicalis\u00e9 Dassault sis 2 Boulevard de Verville \u00e0 Mennecy \ndestin\u00e9 \u00e0 accueillir des adultes \u00e0 partir de 20 ans pr\u00e9sentant un handicap psychique, \nest renouvel\u00e9e \u00e0 compter du 28 Juillet 2023 pour une dur\u00e9e de quinze ans. \n \n \nARTICLE 2e :  La capacit\u00e9 totale de l'\u00e9tablissement d'accueil m\u00e9dicalis\u00e9 places destin\u00e9es \u00e0 des \npersonnes pr\u00e9sentant des troubles psychiques r\u00e9parties comme suit : \n \n- 20 places d'accueil permanent \n- 2 places d'accueil temporaire \n \nARTICLE 3e : Conform\u00e9ment aux termes du dernier alin\u00e9a du I de l'article D. 312 -0-3 du code de \nl'action sociale et des familles, aucune sp\u00e9cialisation n'exclut la prise en charge de \npersonnes pr\u00e9sentant des troubles associ\u00e9s \u00e0 ceux qui font l'objet de la pr\u00e9sente \nautorisation.  \n \n \n \nARTICLE 4e : Cette structure est r\u00e9pertori\u00e9e dans le Fichier National des Etablissements \nSanitaires et Sociaux (FINESS) de la fa\u00e7on suivante : \n \n \n \n \n \n \n \n \nAgence R\u00e9gionale de Sant\u00e9 - IDF-2025-11-03-00011 - Arr\u00eat\u00e9 n\u00b0 2025-376 portant renouvellement de l'autorisation de l'Etablissement\nd'Accueil M\u00e9dicalis\u00e9 (EAM) Dassault \u00e0 Mennecy g\u00e9r\u00e9 par l'association Soci\u00e9t\u00e9 Philanthropique 5\nSig se\n3 \n \n \nN\u00b0 FINESS de l'\u00e9tablissement : 91 001 900 3 \n \nCode cat\u00e9gorie : [448] \u2013 Etablissement d'Accueil M\u00e9dicalis\u00e9  \nCode discipline :  \n \n[966] \u2013 Accueil et accompagnement m\u00e9dicalis\u00e9 \npersonnes handicap\u00e9es \n \nCode fonctionnement  \n(mode d'accueil et \nd'accompagnement) :  \n \n[11] \u2013 H\u00e9bergement complet internat \n \n[40] \u2013 Accueil temporaire avec h\u00e9bergement \n20 places \n \n2 places \nCode client\u00e8le : \n \n[206] \u2013 Handicap psychique 22 places \n \nCode mode de fixation des tarifs : 09 \u2013 ARS PCD mixte HAS + libell\u00e9  \n \nN\u00b0 FINESS du gestionnaire : 75 072 049 2 \n \nCode statut : 61 - Association Loi 1901 Reconnue d'Utilit\u00e9 Publique \n \n \nARTICLE 5e :   Tout changement important dans l'activit\u00e9, l'installation, l'organisation, la direction ou \nle fonctionnement de l'\u00e9tablissement ou du service doit \u00eatre port\u00e9 \u00e0 la connaissance \ndes autorit\u00e9s comp\u00e9tentes. \n \n \nARTICLE 6e :  Un recours contre le pr\u00e9sent arr\u00eat\u00e9 peut \u00eatre form\u00e9 devant le tribunal administratif \ncomp\u00e9tent dans un d\u00e9lai de deux mois \u00e0 compter de sa notification ou, pour les tiers, \n\u00e0 compter de sa publication.   \n \n \nARTICLE 7e :   Le Directeur de la d\u00e9l\u00e9gation d\u00e9partementale de l'Essonne de l'Agence r\u00e9gionale de \nsant\u00e9 \u00cele-de-France et le Pr\u00e9sident  du Conseil d\u00e9partemental de l'Essonne sont \ncharg\u00e9s, chacun en ce qui le concerne, de l'ex\u00e9cution du pr\u00e9sent arr\u00eat\u00e9 qui sera \npubli\u00e9 aux recueils des actes administratifs de la R\u00e9gion \u00cele-de-France et au bulletin \nofficiel du D\u00e9partement de l'Essonne. \n \n       \n Fait \u00e0 Saint-Denis, le 03 nov 2025 \n \n         \nPour le Directeur g\u00e9n\u00e9ral \nde l'Agence r\u00e9gionale sant\u00e9 \n\u00cele-de-France et par d\u00e9l\u00e9gation \nPour le Directeur de la D\u00e9l\u00e9gation de l'Essonne \n \n \n \nRichade FAHAS \n \n \nLe Pr\u00e9sident \ndu Conseil d\u00e9partemental  \nde l'Essonne \n  \n \n \n \n \nFran\u00e7ois DUROVRAY \n \n \n \nAgence R\u00e9gionale de Sant\u00e9 - IDF-2025-11-03-00011 - Arr\u00eat\u00e9 n\u00b0 2025-376 portant renouvellement de l'autorisation de l'Etablissement\nd'Accueil M\u00e9dicalis\u00e9 (EAM) Dassault \u00e0 Mennecy g\u00e9r\u00e9 par l'association Soci\u00e9t\u00e9 Philanthropique 6\nAgence R\u00e9gionale de Sant\u00e9\nIDF-2025-03-31-00012\nArr\u00eat\u00e9 n\u00b0 2025-377 portant autorisation de\ncr\u00e9ation d'un Service d'Accompagnement\nM\u00e9dico-Social pour Adultes Handicap\u00e9s\n(SAMSAH) de 22 places pour adultes pr\u00e9sentant\nun handicap psychique, par extension de\nl'Etablissement d'Accueil M\u00e9dicalis\u00e9 (EAM)\nDassault \u00e0 Mennecy g\u00e9r\u00e9 par l'association\nSoci\u00e9t\u00e9 Philanthropique \nAgence R\u00e9gionale de Sant\u00e9 - IDF-2025-03-31-00012 - Arr\u00eat\u00e9 n\u00b0 2025-377 portant autorisation de cr\u00e9ation d'un Service\nd'Accompagnement M\u00e9dico-Social pour Adultes Handicap\u00e9s (SAMSAH) de 22 places pour adultes pr\u00e9sentant un handicap psychique,\npar extension de l'Etablissement d'Accueil M\u00e9dicalis\u00e9 (EAM) Dassault \u00e0 Mennecy g\u00e9r\u00e9 par l'association Soci\u00e9t\u00e9 Philanthropique \n7\n=a NUREPUBLIQUE a 4 X=FRANCAISE EssonnesLibert\u00e9 \u00a9 D Agence R\u00e9gionale de Sant\u00e9 TERRE D'AVENIRS |\u00c9galit\u00e9 \u00cele-de-FranceFraternit\u00e9\n \n \n \n \n \n \n \n \nAGENCE R\u00c9GIONALE DE SANT\u00c9 ILE-DE-FRANCE \nET \nLE CONSEIL DEPARTEMENTAL DE L'ESSONNE \n \nARRETE N\u00b02025 \u2013 377  \n  \nportant autorisation de cr\u00e9ation d'un Service d'Accompagnement M\u00e9dico-Social pour \nAdultes Handicap\u00e9s (SAMSAH) de 22 places  \npour adultes pr\u00e9sentant un handicap psychique,  \npar extension de l'Etablissement d'Accueil M\u00e9dicalis\u00e9 (EAM) Dassault sis \u00e0 Mennecy \ng\u00e9r\u00e9 par l'association Soci\u00e9t\u00e9 Philanthropique  \n \n \n \n \nLE DIRECTEUR G\u00c9N\u00c9RAL DE L'AGENCE R\u00c9GIONALE DE SANT\u00c9 \u00ceLE-DE-FRANCE \nLE PRESIDENT DU CONSEIL DEPARTEMENTAL DE L'ESSONNE \n \n \nVU le code de l'action sociale et des familles et notamment les articles L. 312-1, L. 313-1, L. \n314-3 et suivants ; \n \n   VU le code g\u00e9n\u00e9ral des collectivit\u00e9s territoriales ;  \n \nVU le code de la sant\u00e9 publique ; \n \nVU  le d\u00e9cret du 9 mai 2017 relatif \u00e0 la nomenclature des \u00e9tablissements et services sociaux \net m\u00e9dico-sociaux accompagnant des personnes handicap\u00e9es ou malades chroniques ;   \n \nVU        le d\u00e9cret n\u00b0 2021 \u2013 1476 du 12 novembre 2021 relatif au rythme des \u00e9valuations de la \nqualit\u00e9 des \u00e9tablissements et services sociaux et m\u00e9dico-sociaux ; \n \nVU le d\u00e9cret du 10 avril 2024 portant nomination de Monsieur Denis ROBIN, Directeur g\u00e9n\u00e9ral \nde l'Agence r\u00e9gionale de sant\u00e9 Ile-de-France \u00e0 compter du 29 avril 2024 ; \n \nVU l'arr\u00eat\u00e9 n\u00b0 DIRNOV-2023/08 de la Directrice g\u00e9n\u00e9rale de l'Agence r\u00e9gionale de sant\u00e9 Ile-\nde-France en date du 26 octobre 2023 portant adoption du cadre d'orientation strat\u00e9gique \n2018-2028 du projet r\u00e9gional de sant\u00e9 d'Ile -de-France, modifi\u00e9 par l'arr\u00eat\u00e9 n\u00b0DIRNOV -\n2023/09 en date du 12 janvier 2024 ; \n \nVU l'arr\u00eat\u00e9 n\u00b0 DIRNOV-2023/09 de la Directrice g\u00e9n\u00e9rale de l'Agence r\u00e9gionale de sant\u00e9 Ile-\nde-France en date du 26 octobre 2023 portant adoption du sch\u00e9ma r\u00e9gional de sant\u00e9 \n2023-2028 du projet r\u00e9gional de sant\u00e9 d'Ile-de-France ; \n \nVU l'arr\u00eat\u00e9 n\u00b0 2023-346 de la Directrice g\u00e9n\u00e9rale de l'Agence r\u00e9gionale de sant\u00e9 Ile-de-France \nen date du 4 d\u00e9cembre 2023 \u00e9tablissant le programme interd\u00e9partemental \nd'accompagnement des handicaps et de la perte d'autonomie (PRIAC) 2023-2027 pour la \nr\u00e9gion Ile-de-France ; \n \nAgence R\u00e9gionale de Sant\u00e9 - IDF-2025-03-31-00012 - Arr\u00eat\u00e9 n\u00b0 2025-377 portant autorisation de cr\u00e9ation d'un Service\nd'Accompagnement M\u00e9dico-Social pour Adultes Handicap\u00e9s (SAMSAH) de 22 places pour adultes pr\u00e9sentant un handicap psychique,\npar extension de l'Etablissement d'Accueil M\u00e9dicalis\u00e9 (EAM) Dassault \u00e0 Mennecy g\u00e9r\u00e9 par l'association Soci\u00e9t\u00e9 Philanthropique \n8\n2 \n \n \nVU l'arr\u00eat\u00e9 conjoint du pr\u00e9fet de l'Essonne n\u00b0 091820 du 28 juillet 2009 et du Pr\u00e9sident du \nConseil g\u00e9n\u00e9ral de l'Essonne n\u00b0 2009 -00627 du 28 juillet 2009 portant autorisation de \ntransformation partielle de 22 places en foyer d'accueil m\u00e9dicalis\u00e9 du foyer  de vie \nd\u00e9nomm\u00e9 \u00ab  Foyer de la Fondation Serge Dassault  \u00bb sis 2 boulevard de la Verville \u00e0 \nMennecy (91540) ; \n \nVU l'arr\u00eat\u00e9 conjoint n\u00b0 2022611 du 8 f\u00e9vrier 2022 portant changement de d\u00e9nomination de \nl'association \u00ab Les Amis de la Fondation Serge Dassault  \u00bb sis 80 \u00e0 85 avenue Serge \nDassault \u00e0 Corbeil-Essonnes (91100), en \u00ab P\u00f4le Handicap Serge Dassault \u00bb, gestionnaire \nde l'EAM Dassault \u00e0 Mennecy ; \n \nVU l'arr\u00eat\u00e9 conjoint n\u00b0 2023-163 du 1er juin 2023 portant approbation de cession d'autorisation \nde l'Etablissement d'accueil m\u00e9dicalis\u00e9 Dassault sis \u00e0 Mennecy g\u00e9r\u00e9 par l'association \nP\u00f4le Handicap Serge Dassault au profit de l'association Soci\u00e9t\u00e9 Philanthropique ; \n \nVU  le Sch\u00e9ma d\u00e9partemental de l'autonomie 2023 -2027 adopt\u00e9 par l'Assembl\u00e9e \nd\u00e9partementale du Conseil d\u00e9partemental de l'Essonne le 12 d\u00e9cembre 2022 ; \n \nVU  le r\u00e8glement d\u00e9partemental d'aide sociale adopt\u00e9 par l'Assembl\u00e9e d\u00e9partementale le 25 \nseptembre 2023 ; \n \nVU  l'avis d' Appel \u00e0 Manifestation d'Int\u00e9r\u00eat Plan Inclusif 2030 visant au d\u00e9ploiement de \nsolutions nouvelles pour l'inclusion des personnes en situation de handicap en Ile -de-\nFrance, publi\u00e9 le 6 novembre 2023 sur le site de l'A gence r\u00e9gionale de sant\u00e9 Ile -de-\nFrance ; \n \nVU le comit\u00e9 de pilotage qui s'est tenu le 28 mars 2024 ; \n \nVU  l'avis favorable \u00e9mis au projet publi\u00e9 le 11 avril 2024 sur le site l'Agence r\u00e9gionale de \nsant\u00e9 Ile-de-France pour la cr\u00e9ation d'un Service d'Accompagnement M\u00e9dico-Social pour  \nAdultes Handicap\u00e9s (SAMSAH) de 30 places par extension de l' Etablissement d'Accueil \nM\u00e9dicalis\u00e9 (EAM) Dassault, sis \u00e0 Mennecy ; \n \n \n \nCONSID\u00c9RANT  que le projet vise \u00e0 accompagner les personnes pr\u00e9sentant un handicap \npsychique, public prioritaire identifi\u00e9 lors du diagnostic territorial partag\u00e9 \ndans le cadre de la mise en \u0153uvre du plan inclus'if 2030 ; \n \nCONSIDERANT que le projet a pour vocation d'accompagner des adultes dont le handicap \nrend vuln\u00e9rables leurs capacit\u00e9s d'autonomie et d'adaptation \u00e0 la vie \nsociale ; \n \n \nCONSIDERANT  que le projet initial portant sur une extension de 30 places d\u00e9passe le seuil \ndes 100% conform\u00e9ment \u00e0 l'article D.313 -2 du code de l'action sociale et \ndes familles. De ce fait, il est propos\u00e9 d'autoriser une cr\u00e9ation de 22 places \nde SAMSAH par extension de l'EAM Dassault ; \n \n \nCONSIDERANT  que pour r\u00e9pondre aux besoins et respecter l'avis favorable \u00e9mis au projet \nde 30 places le 11 avril 2024, les 8 places restantes pourront \u00eatre \nautoris\u00e9es \u00e0 l'issue de la mont\u00e9e en charge progressive sur 6 mois \nconform\u00e9ment au cahier des charges de l'AMI ; \n \nAgence R\u00e9gionale de Sant\u00e9 - IDF-2025-03-31-00012 - Arr\u00eat\u00e9 n\u00b0 2025-377 portant autorisation de cr\u00e9ation d'un Service\nd'Accompagnement M\u00e9dico-Social pour Adultes Handicap\u00e9s (SAMSAH) de 22 places pour adultes pr\u00e9sentant un handicap psychique,\npar extension de l'Etablissement d'Accueil M\u00e9dicalis\u00e9 (EAM) Dassault \u00e0 Mennecy g\u00e9r\u00e9 par l'association Soci\u00e9t\u00e9 Philanthropique \n9\n3 \n \n \nCONSID\u00c9RANT  que le pro jet r\u00e9pond \u00e0 un besoin de d\u00e9veloppement de l'offre m\u00e9dico -\nsociale identifi\u00e9  sur le d\u00e9partement  de l'Essonne pour les personnes \npr\u00e9sentant un handicap psychique ; \n \nCONSID\u00c9RANT qu'il est compatible avec les objectifs et r\u00e9pond aux besoins sociaux et \nm\u00e9dico-sociaux fix\u00e9s par le sch\u00e9ma r\u00e9gional de sant\u00e9 ;  \n \nCONSID\u00c9RANT qu'il satisfait aux r\u00e8gles d'organisation et de fonctionnement pr\u00e9vues par le \ncode de l'action sociale et des familles ;  \n \nCONSID\u00c9RANT qu'il pr\u00e9sente un co\u00fbt de fonctionnement en ann\u00e9e pleine compatible avec \nle PRIAC  Ile-de-France et avec le montant de l'une des dotations \nmentionn\u00e9es \u00e0 l'article L. 314-3 du code de l'action sociale et des familles ; \n \nCONSID\u00c9RANT que l'Agence r\u00e9gionale de sant\u00e9 Ile-de-France dispose pour ce projet des \ncr\u00e9dits n\u00e9cessaires \u00e0 sa mise en \u0153uvre \u00e0 hauteur de 446 352 euros, dont \n327 324,80 \u20ac pour l'installation des 22 premi\u00e8res places en 2024  au titre \ndu plan inclusif 2030 et le Conseil d\u00e9partemental de l'Essonne \u00e0 hauteur \nde 469 400 euros au titre du plan inclusif 2030 pour une demande totale de \n30 places \n \n \nCONSID\u00c9RANT  que l'Agence r\u00e9gionale de sant\u00e9 mobilisera les cr\u00e9dits \u00e0 hauteur de  \n119 027,20 \u20ac pour l'installation de s 8 places en 2025 , au titre du plan \ninclusif 2030  \n \n      \n \n \nARRETENT \n \nARTICLE 1er : L'autorisation visant \u00e0 la cr\u00e9ation d'un SAMSAH, par extension de 22 places de l'EAM \nDassault sis \u00e0 Mennecy, pour adultes \u00e0 partir de 20 ans pr\u00e9sentant un handicap \npsychique, est accord\u00e9e \u00e0 l'EAM Serge Dassault situ\u00e9 sis \u00e0 2 Boulevard de Verville \u00e0 \nMennecy (91 540), g\u00e9r\u00e9 par l'association Soci\u00e9t\u00e9 Philanthropique dont le si\u00e8ge social \nest situ\u00e9 15 Rue de Bellechasse \u00e0 PARIS (75007) ; \n \n \nARTICLE 2e : La capacit\u00e9 totale de l'EAM est fix\u00e9e \u00e0 44 places destin\u00e9es \u00e0 des personnes pr\u00e9sentant \nun handicap psychique, dont : \n\u2022 22 places de SAMSAH ; \n\u2022 22 places d'EAM  \n \n \nARTICLE 3e : Conform\u00e9ment aux termes du dernier alin\u00e9a du I de l'article D. 312 -0-3 du code de \nl'action sociale et des familles, a ucune sp\u00e9cialisation n'exclut la prise en charge de \npersonnes pr\u00e9sentant des troubles associ\u00e9s \u00e0 ceux qui font l'objet de la pr\u00e9sente \nautorisation.  \n \nARTICLE 4e : Cette structure est r\u00e9pertori\u00e9e dans le Fichier National des Etablissements Sanitaires \net Sociaux (FINESS) de la fa\u00e7on suivante : \n \n \nN\u00b0 FINESS de l'\u00e9tablissement : 91 001 92 23  \nAgence R\u00e9gionale de Sant\u00e9 - IDF-2025-03-31-00012 - Arr\u00eat\u00e9 n\u00b0 2025-377 portant autorisation de cr\u00e9ation d'un Service\nd'Accompagnement M\u00e9dico-Social pour Adultes Handicap\u00e9s (SAMSAH) de 22 places pour adultes pr\u00e9sentant un handicap psychique,\npar extension de l'Etablissement d'Accueil M\u00e9dicalis\u00e9 (EAM) Dassault \u00e0 Mennecy g\u00e9r\u00e9 par l'association Soci\u00e9t\u00e9 Philanthropique \n10\n4 \n \n \n \n \n  N\u00b0 FINESS de l'\u00e9tablissement : 91 002 79 94  \n \nCode mode de fixation des tarifs : 09 \u2013 ARS PCD mixte HAS \n \nN\u00b0 FINESS du gestionnaire : 75 072 049 2 \n \nCode statut : 61 \u2013 Association Loi 1901 Reconnue d'Utilit\u00e9 Publique \n \n \nARTICLE 5e :  L'\u00e9tablissement est autoris\u00e9 \u00e0 recevoir des b\u00e9n\u00e9ficiaires de l'aide sociale pour  sa \ncapacit\u00e9 totale. \n \n \nARTICLE 6e :  La pr\u00e9sente autorisation  est valable sous r\u00e9serve du r\u00e9sultat positif de la visite de \nconformit\u00e9 pr\u00e9vue par l'article L. 313-6 du code de l'action sociale et des familles.  \n \n \nARTICLE 7e : La pr\u00e9sente autorisation  est caduque en l'absence d'ouverture au public de \nl'\u00e9tablissement ou du service dans un d\u00e9lai de quatre ans suivant la notification de la \nd\u00e9cision d'autorisation conform\u00e9ment aux articles L. 313-1 et D. 313-7-2 du code de \nl'action sociale et des familles. \n \n \nARTICLE 8e :   Tout changement important dans l'activit\u00e9, l'installation, l'organisation, la direction ou \nle fonctionnement de l'\u00e9tablissement ou du service doit \u00eatre port\u00e9 \u00e0 la connaissance \ndes autorit\u00e9s comp\u00e9tentes. \n \n \nARTICLE 9e :  Un recours contre le pr\u00e9sent arr\u00eat\u00e9 peut \u00eatre form\u00e9 devant le tribunal administratif \ncomp\u00e9tent dans un d\u00e9lai de deux mois \u00e0 compter de sa notification ou, pour les tiers, \n\u00e0 compter de sa publication.   \n \n \nCode cat\u00e9gorie :  [448] \u2013 \u00e9tablissement d'accueil m\u00e9dicalis\u00e9  \nCode discipline :  \n \n[966] \u2013 Accueil et accompagnement m\u00e9dicalis\u00e9 \npersonnes handicap\u00e9es  \nCode fonctionnement  \n(mode d'accueil et \nd'accompagnement) :  \n[11] \u2013 H\u00e9bergement permanent \n \n[40] \u2013 accueil temporaire avec h\u00e9bergement \n20 places \n \n2 places \nCode client\u00e8le : \n \n[206] \u2013 Handicap psychique \n \n22 places \nCode cat\u00e9gorie :  [445] \u2013 service d'accompagnement m\u00e9dico -\nsocial pour personnes handicap\u00e9es \n22 places \nCode discipline :  \n \n[966] \u2013 Accueil et accompagnement m\u00e9dicalis\u00e9 \npersonnes handicap\u00e9es \nCode \nfonctionnement  \n(mode d'accueil et \nd'accompagnement) :  \n[16] \u2013 Prestation en milieu ordinaire \nCode client\u00e8le : \n \n[206] \u2013 Handicap psychique \n \nAgence R\u00e9gionale de Sant\u00e9 - IDF-2025-03-31-00012 - Arr\u00eat\u00e9 n\u00b0 2025-377 portant autorisation de cr\u00e9ation d'un Service\nd'Accompagnement M\u00e9dico-Social pour Adultes Handicap\u00e9s (SAMSAH) de 22 places pour adultes pr\u00e9sentant un handicap psychique,\npar extension de l'Etablissement d'Accueil M\u00e9dicalis\u00e9 (EAM) Dassault \u00e0 Mennecy g\u00e9r\u00e9 par l'association Soci\u00e9t\u00e9 Philanthropique \n11\nSigsigne\n5 \n \n \nARTICLE 10e :  Le Directeur de la d\u00e9l\u00e9gation d\u00e9partementale de l'Essonne et le Pr\u00e9sident du Conseil \nd\u00e9partemental de l'Essonne sont charg\u00e9s, chacun en ce qui le concerne, de \nl'ex\u00e9cution du pr\u00e9sent arr\u00eat\u00e9 qui sera publi\u00e9 au recueil des actes administratifs de la \nR\u00e9gion Ile-de-France et sur le site internet du D\u00e9partement de l'Essonne.  \n \n \n \n \n       Fait \u00e0 Saint-Denis, le 31 mars 2025  \n \n         \nPour Le Directeur g\u00e9n\u00e9ral \nde l'Agence r\u00e9gionale sant\u00e9 \n\u00cele-de-France et par d\u00e9l\u00e9gation \nLa Directrice g\u00e9n\u00e9rale adjointe \n \n \n \n \n \nSophie MARTINON  \nPour le Pr\u00e9sident du Conseil \nd\u00e9partemental de l'Essonne \nLe 1er Vice-Pr\u00e9sident  \n \n \n \n \n \nMichel BOURNAT \nAgence R\u00e9gionale de Sant\u00e9 - IDF-2025-03-31-00012 - Arr\u00eat\u00e9 n\u00b0 2025-377 portant autorisation de cr\u00e9ation d'un Service\nd'Accompagnement M\u00e9dico-Social pour Adultes Handicap\u00e9s (SAMSAH) de 22 places pour adultes pr\u00e9sentant un handicap psychique,\npar extension de l'Etablissement d'Accueil M\u00e9dicalis\u00e9 (EAM) Dassault \u00e0 Mennecy g\u00e9r\u00e9 par l'association Soci\u00e9t\u00e9 Philanthropique \n12\nDirection r\u00e9gionale et interd\u00e9partementale de\nl'h\u00e9bergement et du logement\nIDF-2026-01-22-00004\nArr\u00eat\u00e9 portant extension \u00e0 la r\u00e9gion\nProvence-Alpes-C\u00f4te d'Azur de l'agr\u00e9ment en\nma\u00eetrise d'ouvrage d'insertion de l'association\nUnion des amis et compagnons d'Emma\u00fcs\nDirection r\u00e9gionale et interd\u00e9partementale de l'h\u00e9bergement et du logement - IDF-2026-01-22-00004 - Arr\u00eat\u00e9 portant extension \u00e0 la\nr\u00e9gion Provence-Alpes-C\u00f4te d'Azur de l'agr\u00e9ment en ma\u00eetrise d'ouvrage d'insertion de l'association Union des amis et compagnons\nd'Emma\u00fcs\n13\nEuPR\u00c9FETDE LA R\u00c9GIOND'ILE-DE-FRANCELibert\u00e9Egalit\u00e9Fraternit\u00e9\n \n  \nSecr\u00e9tariat g\u00e9n\u00e9ral aux politiques publiques \nDirection des affaires juridiques \n \n \n \n \n \nArr\u00eat\u00e9 \n \nExtension \u00e0 la r\u00e9gion Provence-Alpes-C\u00f4te d'Azur de l'agr\u00e9ment en ma\u00eetrise d'ouvrage \nd'insertion de l'association Union des amis et compagnons d'Emma\u00fcs  \n \n \nLe pr\u00e9fet de la r\u00e9gion d'\u00cele-de-France, \nPr\u00e9fet de Paris, \nGrand officier de la L\u00e9gion d'honneur, \nOfficier de l'ordre national du M\u00e9rite \n \n \nVu le code de la construction et de l'habitation, notamment les articles L.365-2, L.365-5, R.365-\n2, R.365-5 et R.365-6-1 ; \nVu le d\u00e9cret du 20 d\u00e9cembre 1984, portant reconnaissance du caract\u00e8re d'utilit\u00e9 publique de \nl'association Union des amis et compagnons d'Emma\u00fcs (UACE) ;  \nVu l'arr\u00eat\u00e9 minist\u00e9riel du 5 avril 2013 portant agr\u00e9ment de l'association Union des amis et \ncompagnons d'Emma\u00fcs (UACE) sur le territoire des r\u00e9gions Picardie, Pays de la Loire, Limousin \net Centre, pour l'exercice de son activit\u00e9 de ma\u00eetrise d'ouvrage ; \nVu l'arr\u00eat\u00e9 du 14 d\u00e9cembre 2015 portant extension de l'agr\u00e9ment de l'association Union des \namis et compagnons d'Emma\u00fcs (UACE) aux r\u00e9gions Rh\u00f4ne-Alpes, Auvergne et Aquitaine ; \nVu l'arr\u00eat\u00e9 du 23 juillet 2024 portant extension de l'agr\u00e9ment de l'association Union des amis \net compagnons d'Emma\u00fcs (UACE) \u00e0 la r\u00e9gion d'\u00cele-de-France ; \nVu le d\u00e9cret du 6 f\u00e9vrier  2014, approuvant les statuts de l'association Union des amis et \ncompagnons d'Emma\u00fcs (UACE) ;  \nVu la d\u00e9lib\u00e9ration du 19 ao\u00fbt 2025 du conseil d'administration de l'association Union des amis \net compagnons d'Emma\u00fcs (UACE) sollicitant l'extension de l'agr\u00e9ment en ma\u00eetrise d'ouvrage \nd'insertion \u00e0 la r\u00e9gion Provence-Alpes-C\u00f4te d'Azur ; \nVu l'avis favorable du Comit\u00e9 r\u00e9gional de l'habitat et de l'h\u00e9bergement de la r\u00e9gion Provence-\nAlpes-C\u00f4te d'Azur  du 13 novembre 2025  concernant cette demande d'extension  \u00e0 la r\u00e9gion \nProvence-Alpes-C\u00f4te d'Azur ; \nConsid\u00e9rant que l'instruction des pi\u00e8ces vers\u00e9es au dossier n'appelle aucune observation ; \nSur proposition du directeur r\u00e9gional et interd\u00e9partemental de l'h\u00e9bergement et du logement \n \n \nDirection r\u00e9gionale et interd\u00e9partementale de l'h\u00e9bergement et du logement - IDF-2026-01-22-00004 - Arr\u00eat\u00e9 portant extension \u00e0 la\nr\u00e9gion Provence-Alpes-C\u00f4te d'Azur de l'agr\u00e9ment en ma\u00eetrise d'ouvrage d'insertion de l'association Union des amis et compagnons\nd'Emma\u00fcs\n14\nARR\u00caTE \n \nArticle 1er  : L'agr\u00e9ment en ma\u00eetrise d'ouvrage d'insertion d\u00e9livr\u00e9 le 5 avril 2013, par l'arr\u00eat\u00e9 \nsusvis\u00e9, \u00e0 l'association Union des amis et compagnons d'Emma\u00fcs, dont le si\u00e8ge social est situ\u00e9 \n\u00e0 Montreuil (93), est \u00e9tendu \u00e0 la r\u00e9gion Provence-Alpes-C\u00f4te d'Azur.  \nArticle 2 : La pr\u00e9f\u00e8te, secr\u00e9taire g\u00e9n\u00e9rale aux politiques publiques de la pr\u00e9fecture de la r\u00e9gion \nd'Ile-de-France, pr\u00e9fecture de Paris  et le directeur r\u00e9gional et interd\u00e9partemental de \nl'h\u00e9bergement et du logement de la r\u00e9gion \u00cele-de-France sont charg\u00e9s, chacun en ce qui le \nconcerne, de l'ex\u00e9cution du pr\u00e9sent arr\u00eat\u00e9 et qui sera publi\u00e9 au recueil des actes administratifs \n(\u00e9chelon de la r\u00e9gion d'Ile -de-France) de la pr\u00e9fecture de la r\u00e9gion d'Ile -de-France, pr\u00e9fecture \nde Paris, accessible sur le site Internet de la pr\u00e9fecture : www.prefectures-regions.gouv.fr/ile-de-\nfrance/ \n \nFait \u00e0 Paris, le 22/01/2026   \nLe pr\u00e9fet de la r\u00e9gion d'\u00cele-de-France, \n                                                                                                     Pr\u00e9fet de Paris  \n    SIGN\u00c9 \n  Marc Guillaume \n \n \n \nDirection r\u00e9gionale et interd\u00e9partementale de l'h\u00e9bergement et du logement - IDF-2026-01-22-00004 - Arr\u00eat\u00e9 portant extension \u00e0 la\nr\u00e9gion Provence-Alpes-C\u00f4te d'Azur de l'agr\u00e9ment en ma\u00eetrise d'ouvrage d'insertion de l'association Union des amis et compagnons\nd'Emma\u00fcs\n15\nDirection r\u00e9gionale et interd\u00e9partementale de\nl'environnement, de l'am\u00e9nagement et des\ntransports d'\u00cele-de-France\nIDF-2026-01-22-00005\nArr\u00eat\u00e9 modificatif n\u00b0 DRIEAT - IDF portant\nagr\u00e9ment\nDirection r\u00e9gionale et interd\u00e9partementale de l'environnement, de l'am\u00e9nagement et des transports d'\u00cele-de-France -\nIDF-2026-01-22-00005 - Arr\u00eat\u00e9 modificatif n\u00b0 DRIEAT - IDF portant agr\u00e9ment 16\nEsPREFET _DE LA REGIOND'ILE-DE-FRANCELibert\u00e9Egalit\u00e9Fraternit\u00e9\nDirection r\u00e9gionale et interd\u00e9partementale\nde l'environnement, de l'am\u00e9nagement\net des transports d'\u00cele-de-France\nARR\u00caT\u00c9  D'AGR\u00c9MENT MODIFICATIF \u2013 DRIEAT \u2013 IDF N\u00b0 \nLE PR\u00c9FET DE LA R\u00c9GION D'\u00ceLE-DE-FRANCE, PR\u00c9FET DE PARIS,\nOFFICIER DE LA L\u00c9GION D'HONNEUR, OFFICIER DE L'ORDRE NATIONAL DU M\u00c9RITE\nVU l'arr\u00eat\u00e9 du 2 ao\u00fbt 2024 relatif aux modalit\u00e9s de l'obtention des attestations de capacit\u00e9 professionnelles en\ntransport  routier l\u00e9ger\u00a0;\nVU l'arr\u00eat\u00e9 n\u00b0IdF-2026-01-05-00003 du 5 janvier 2026 du pr\u00e9fet de la r\u00e9gion \u00cele-de-France, pr\u00e9fet de Paris, portant\nd\u00e9l\u00e9gation  de  signature  \u00e0  Madame  Emmanuelle  GAY,  directrice  r\u00e9gionale  et  interd\u00e9partementale  de\nl'environnement, de l'am\u00e9nagement et des transports d'\u00cele-de-France (DRIEAT), en mati\u00e8re administrative\u00a0;\nVU la d\u00e9cision DRIEAT-IdF n\u00b0 2026-01-05-00011 du 5 janvier 2026 de la directrice r\u00e9gionale et interd\u00e9partementale\nde l'environnement, de l'am\u00e9nagement et des transports  d'\u00cele-de-France portant subd\u00e9l\u00e9gation de signature en\nmati\u00e8re administrative pour le compte du Pr\u00e9fet de la r\u00e9gion d'\u00cele-de- France\u00a0; \nVU le dossier de demande d'agr\u00e9ment pour l'organisation des formations et des examens permettant d'obtenir la\nd\u00e9livrance de l'attestation de capacit\u00e9 professionnelle en transport routier l\u00e9ger de marchandises, envoy\u00e9e par le\ncentre MT LEARNING et re\u00e7u le 9 septembre 2025 par la DRIEAT\u00a0;\nCONSIDERANT  que  le  num\u00e9ro  SIRET  est  erron\u00e9  dans  l'article  1  de  l'arr\u00eat\u00e9  DRIEAT-IdF  n\u00b02025-935  dat\u00e9  du\n1er\n d\u00e9cembre 2025\u00a0;\nCONSIDERANT que la mention de formation en e-learning est erron\u00e9e dans les articles 2 et 3 de l'arr\u00eat\u00e9 DRIEAT-\nIdF n\u00b02025-935 dat\u00e9 du 1er\n d\u00e9cembre 2025\u00a0;\nSur proposition de la directrice r\u00e9gionale et interd\u00e9partementale de l'environnement, de l'am\u00e9nagement et des\ntransports d'\u00cele-de-France\u00a0;\nSSTV/DRTR/DG/UE \n21/23 rue Miollis\u2013 75015 Paris\nStandard\u00a0:  01 40 61 80 80\nwww.drieat.ile-de-france.developpement-durable.gouv.fr 1/3\nDirection r\u00e9gionale et interd\u00e9partementale de l'environnement, de l'am\u00e9nagement et des transports d'\u00cele-de-France -\nIDF-2026-01-22-00005 - Arr\u00eat\u00e9 modificatif n\u00b0 DRIEAT - IDF portant agr\u00e9ment 17\nARR\u00caTE :\nArticle 1\u00a0: \nL'agr\u00e9ment du centre MT LEARNING dont le si\u00e8ge social est situ\u00e9  21 rue Franklin  93100 MONTREUIL (SIRET\n977\u00a0765\u00a0155  00014), est  renouvel\u00e9  pour  5  ans \u00e0 partir  du  1 er\n d\u00e9cembre  2025  en  tant  qu'organisateur  de\nformations et d'examens permettant d'obtenir la d\u00e9livrance de l'attestation de capacit\u00e9 professionnelle en\ntransport  routier  marchandises  l\u00e9ger.  Ces  formations  seront  organis\u00e9es  par  le  centre  MT  LEARNING  en\npr\u00e9sentiel.\nArticle 2 : \nLe centre MT LEARNING veillera \u00e0 informer la direction r\u00e9gionale et interd\u00e9partementale de l'environnement,\nde l'am\u00e9nagement et des transports d'\u00cele-de-France de toute modification de calendrier des formations et des\nexamens au minimum deux semaines avant le d\u00e9but de la session d\u00e9plac\u00e9e en envoyant un calendrier actualis\u00e9\n\u00e0 l'adresse fonctionnelle\u00a0: \u00ab\u00a0ue.dg.drtr.sstv.drieat-if@developpement-durable.gouv.fr\u00a0\u00bb.\nArticle 3 : \nLa liste  des candidats inscrits \u00e0 chaque  session de  formation et \u00e0 chaque  examen de celle-ci  devra \u00eatre\nenvoy\u00e9e trois jours plus t\u00f4t \u00e0 l'adresse suivante\u00a0: \u00ab\u00a0ue.dg.drtr.sstv.drieat-if@developpement-durable.gouv.fr\u00bb.\nArticle 4 : \nL'examen final se d\u00e9roule obligatoirement en pr\u00e9sentiel.\nArticle 5 : \nLe centre  MT LEARNING  est habilit\u00e9 \u00e0 organiser les formations et examens selon les modalit\u00e9s du dossier\nd'agr\u00e9ment, et dans le respect des dispositions du cahier des charges en vigueur.\nToute  modification  li\u00e9e  aux  conditions  et  modalit\u00e9s  de  mise  en  \u0153uvre  des  formations  et  examens\n(modification des moyens humains ou mat\u00e9riels) doit \u00eatre syst\u00e9matiquement signal\u00e9e \u00e0 la DRIEAT.\nArticle 6 : \nLes sujets utilis\u00e9s pour l'examen en fin de session de formation devront \u00eatre diff\u00e9rents sur toute la dur\u00e9e du\npr\u00e9sent agr\u00e9ment.\nArticle 7\u00a0: \nLes supports de cours devront \u00eatre mis \u00e0 jour r\u00e9guli\u00e8rement et au moins une fois par an.\nArticle 8 : \nL'agr\u00e9ment n'est pas transmissible et ne demeure valable que d\u00e8s lors que subsistent les conditions ayant\npr\u00e9sid\u00e9 \u00e0 sa d\u00e9livrance. A ce titre, il est interdit de sous-traiter l'organisation de formations ou d'examens \u00e0 un\ntiers, y compris aux centres de formation agr\u00e9\u00e9s, sans l'accord pr\u00e9alable de la DRIEAT.\nArticle 9 \u00a0:\nLe centre MT LEARNING  autorise les agents habilit\u00e9s de la  direction r\u00e9gionale et interd\u00e9partementale de\nl'environnement,  de l'am\u00e9nagement et des  transports d'\u00cele-de-France , \u00e0 effectuer,  et ce sans pr\u00e9avis, des\ncontr\u00f4les inh\u00e9rents \u00e0 ces formations et examens.\nArticle 10 \u00a0: \nLe  centre  MT  LEARNING  transmettra  tous  les  ans  \u00e0  la  d irection  r\u00e9gionale  et  interd\u00e9partementale  de\nl'environnement,  de  l'am\u00e9nagement  et  des  transports  d'\u00cele-de-France  le  bilan  annuel  des  formations  et\nexamens  r\u00e9alis\u00e9s  et,  deux  mois  avant  la  fin  de  chaque  ann\u00e9e,  un  dossier  d'actualisation  comprenant  le\ncalendrier de ses formations pour l'ann\u00e9e suivante ainsi que le bar\u00e8me actualis\u00e9 de ses prestations.  En cas de\ndossier d'actualisation non re\u00e7u ou dont les \u00e9l\u00e9ments indiqueraient que les conditions initiales de l'agr\u00e9ment\nne sont plus satisfaites un retrait d'agr\u00e9ment pourra \u00eatre prononc\u00e9.\n2/3\nDirection r\u00e9gionale et interd\u00e9partementale de l'environnement, de l'am\u00e9nagement et des transports d'\u00cele-de-France -\nIDF-2026-01-22-00005 - Arr\u00eat\u00e9 modificatif n\u00b0 DRIEAT - IDF portant agr\u00e9ment 18\nArticle 11\u00a0: \nLa direction  r\u00e9gionale  et  interd\u00e9partementale  de  l'environnement,  de  l'am\u00e9nagement  et  des  transports\nd'\u00cele-de-France est charg\u00e9e de l'application du pr\u00e9sent arr\u00eat\u00e9. \nCet arr\u00eat\u00e9 sera notifi\u00e9 au centre de formation et publi\u00e9 au recueil des actes administratifs de la pr\u00e9fecture de\nla r\u00e9gion \u00cele-de-France.\nArticle 12\u00a0:\nPour le renouvellement, et afin d'assurer la continuit\u00e9 de votre activit\u00e9, il est n\u00e9cessaire de d\u00e9poser votre\ndossier au moins 3\u00a0mois avant la fin de la date de validit\u00e9 de votre agr\u00e9ment.\nArticle 13\u00a0:\nLe pr\u00e9sent arr\u00eat\u00e9 annule et remplace l'arr\u00eat\u00e9 DRIEAT-IdF n\u00b02025-935 en date du 1er\n d\u00e9cembre 2025.\nA Paris, le 22/01/26\nPour le Pr\u00e9fet de la r\u00e9gion d'\u00cele-de-France,\npar d\u00e9l\u00e9gation,\n            Le Chef du d\u00e9partement r\u00e9gulation\n        des transports routiers\n                                                            SIGNE\n  \n                                                               Ronan MEAR\n3/3\nDirection r\u00e9gionale et interd\u00e9partementale de l'environnement, de l'am\u00e9nagement et des transports d'\u00cele-de-France -\nIDF-2026-01-22-00005 - Arr\u00eat\u00e9 modificatif n\u00b0 DRIEAT - IDF portant agr\u00e9ment 19","date":"2026-01-22","first_seen_on":"2026-01-22T18:19:03+00:00","id":"94d502420a3bad4d3b06e6ed6e8a69929163c4426b85d8aefdf6196a8c5ef317","name":"recueil-idf-041-2026-01-recueil-des-actes-administratifs-special du 22.01.2026","pdf_creation_date":"2026-01-22T15:57:41+00:00","pdf_modification_date":null,"timezone":"Europe/Paris","url":"https://www.prefectures-regions.gouv.fr/ile-de-france/irecontenu/telechargement/134859/987561/file/recueil-idf-041-2026-01-recueil-des-actes-administratifs-special%20du%2022.01.2026.pdf"}
