{"administration":"pref56","administration_name":"Pr\u00e9fecture du Morbihan","content":"PR\u00c9FET\nDU MORBIHAN\nRECUEIL DES ACTES\nADMINISTRATIFS SP\u00c9CIAL\n(NOMINATIFS)\nN\u00b0 56-2026-037\nPUBLI\u00c9 LE 23 MARS 2026\nSommaire\n5602_Direction d\u00e9partementale des territoires et de la mer (DDTM) / Service eau,\nbiodiversit\u00e9 et risques ( SEBR )\n56-2026-03-17-00002 - D\u00e9cision du 17 mars 2026 de la commission d\u00e9partementale de la\nchasse et de la faune sauvage sp\u00e9cialis\u00e9e \u00ab Indemnisation des d\u00e9g\u00e2ts de gibier \u00bb (3\npages) Page 3\n5602_Direction d\u00e9partementale des territoires et de la mer (DDTM) / STA - Service Territoire\net Agriculture\n56-2026-03-20-00003 - Arr\u00eat\u00e9 du 20 mars 2026 portant d\u00e9signation d'un expert\nind\u00e9pendant pour participer \u00e0 la mission d'expertise diligent\u00e9e dans le cadre de la\nproposition de reconnaissance des pertes de r\u00e9colte au titre de l'indemnisation fond\u00e9e sur\nla solidarit\u00e9 nationale (1 page) Page 6\n5603_Direction d\u00e9partementale de l'emploi, du travail et des solidarit\u00e9s du Morbihan\n(DDETS) / P\u00f4le lutte contre l'exclusion et protection des personnes (PCEPP)\n56-2026-03-10-00010 - Arr\u00eat\u00e9 pr\u00e9fectoral 10 mars 2025 portant agr\u00e9ment de Madame\nNad\u00e8ge DERRIAN pour l'exercice \u00e0 titre individuel de l'activit\u00e9 de mandataire judiciaire\n\u00e0 la protection des majeurs (1 page) Page 7\n56-2026-03-10-00008 - Arr\u00eat\u00e9 pr\u00e9fectoral du 10 mars 2025 portant agr\u00e9ment de Madame\nC\u00e9cile SEGAERT pour l'exercice \u00e0 titre individuel de l'activit\u00e9 de mandataire judiciaire\n\u00e0 la protection des majeurs (1 page) Page 8\n56-2026-03-10-00012 - Arr\u00eat\u00e9 pr\u00e9fectoral du 10 mars 2026 portant agr\u00e9ment de Madame\nAlexandra BOURDIN pour l'exercice \u00e0 titre individuel de l'activit\u00e9 de mandataire\njudiciaire \u00e0 la protection des majeurs (1 page) Page 9\n56-2026-03-10-00009 - Arr\u00eat\u00e9 pr\u00e9fectoral du 10 mars 2026 portant agr\u00e9ment de Madame\nKarine NOUAILLES pour l'exercice \u00e0 titre individuel de l'activit\u00e9 de mandataire judiciaire\n\u00e0 la protection des majeurs (1 page) Page 10\n56-2026-03-10-00011 - Arr\u00eat\u00e9 pr\u00e9fectoral du 10 mars 2026 portant agr\u00e9ment de Madame\nMathilde DE WILDE pour l'exercice \u00e0 titre individuel de l'activit\u00e9 de mandataire\njudiciaire \u00e0 la protection des majeurs (1 page) Page 11\n56-2026-03-10-00013 - Arr\u00eat\u00e9 pr\u00e9fectoral du 10 mars 2026 portant agr\u00e9ment de Madame\nSt\u00e9phanie ABRAHAM pour l'exercice \u00e0 titre individuel de l'activit\u00e9 de mandataire\njudiciaire \u00e0 la protection des majeurs (1 page) Page 12\n56-2026-03-10-00007 - Arr\u00eat\u00e9 pr\u00e9fectoral du 10 mars 2026 portant d\u00e9signation des\nmandataires judiciaires \u00e0 la protection des majeurs pr\u00e9pos\u00e9s de l'\u00c9tablissement Public\nde Sant\u00e9 Mentale (EPSM) CHARCOT (2 pages) Page 13\n2\nEuPREFETDU MORBIHANLibert\u00e9Egalit\u00e9Fraternit\u00e9\nDirection d\u00e9partementale de territoires et de la mer\nService eau, biodiversit\u00e9, risques\nD\u00e9cision de la commission d\u00e9partementale de la chasse et de la faune sauvage sp\u00e9cialis\u00e9e \u00ab Indemnisation des d\u00e9g\u00e2ts de gibier \u00bb\nVu le Code de l'environnement ;\nVu le d\u00e9cret n\u00b0 2013-1221 du 23 d\u00e9cembre 2013 relatif \u00e0 l'indemnisation des d\u00e9g\u00e2ts caus\u00e9s par le grand gibier aux cultures et aux r\u00e9coltes  \nagricoles et modifiant le Code de l'environnement ;\nVu l'arr\u00eat\u00e9 pr\u00e9fectoral du 26 mai 2025 portant d\u00e9l\u00e9gation de signature \u00e0 Monsieur Thierry CHATELAIN, directeur d\u00e9partemental des  \nterritoires et de la mer du Morbihan ;\nVu la d\u00e9cision du directeur d\u00e9partemental des territoires et de la mer du 21 janvier 2026 portant subd\u00e9l\u00e9gation de signature aux agents de la  \nDDTM ;\nConsid\u00e9rant  les  fourchettes  de  prix  retenues,  pour  les  remises  en  \u00e9tat  des  prairies  et  les  ressemis ,  par  la  commission  nationale \nd'indemnisation des d\u00e9g\u00e2ts de gibier en s\u00e9ances du 29 janvier 2026 ;\nConsid\u00e9rant les nouveaux bar\u00e8mes d'indemnisation de denr\u00e9es en Bretagne propos\u00e9s par la commission d'harmonisation r\u00e9gionale \"d\u00e9g\u00e2ts  \nde gibiers\" r\u00e9unie en s\u00e9ance le 24 f\u00e9vrier 2026 ;\nConsid\u00e9rant l'avis favorable \u00e9mis par les membres de la commission d\u00e9partementale de la chasse et de la faune sauvage sp\u00e9cialis\u00e9e  \n\u00ab indemnisation des d\u00e9g\u00e2ts de gibier \u00bb lors de sa consultation \u00e9lectronique du 4 mars 2026 au 15 mars 2026 inclus ;\nDECIDE :\nArticle 1 \u2013 Estimateurs\nLa liste des estimateurs est \u00e9tablie ainsi qu'il suit :\nFr\u00e9d\u00e9ric BOUSSION 47 rue de la Gare - 56 800 PLOERMEL\nAndr\u00e9 CAILLEAU La cour de TREMELGON - 56190 AMBON\nFabrice COIRIER 6, all\u00e9e Fran\u00e7ois Joseph Broussais - 56000 VANNES\nThierry DELHORME 6, all\u00e9e Fran\u00e7ois Joseph Broussais - 56000 VANNES\nJean-Paul GAUTIER 5, rue des d\u00e9port\u00e9s - 56380 GUER\nJean-Philippe GRUSON 6, all\u00e9e Fran\u00e7ois Joseph Broussais - 56000 VANNES\nGilles JAGUT Les landaises - 56220 PLUHERLIN\nBertrand LE BRET 7, rue Kerfranc - 56000 VANNES\nVictor LE NAGARD 1, rue Poh Rouzic \u2013 Perret - 22570 BON REPOS SUR BLAVET\nCl\u00e9ment LE TEST 10, rue du lac - 56500 REGUIGNY\nS\u00e9bastien LEHAGRE 6, all\u00e9e Fran\u00e7ois Joseph Broussais - 56000 VANNES\nEric MASSON 6, route de Pont Tiret - 56400 PLOUGOUMELEN\nSylvain MURS 6, all\u00e9e Fran\u00e7ois Joseph Broussais - 56000 VANNES\nAlain PARCHEMIN 648 Kergoen - 56110 GOURIN\nArticle 2 \u2013 Bar\u00e8mes d'indemnisation remises en \u00e9tat et ressemis de prairies.\nLes bar\u00e8mes d'indemnisation, pour l'ann\u00e9e 2026, concernant la remise en \u00e9tat des prairies et les ressemis, sont  \u00e9tablis ainsi :\nBAREMES\nRemise en \u00e9tat des prairies (Prix par hectare des mat\u00e9riels agricoles)\nHerse (2 passages crois\u00e9es) 95,00 \u20ac\nHerse \u00e0 prairie, \u00e9taupinoir 73,00 \u20ac\nHerse rotative ou alternative seule 97,00 \u20ac\nHerse rotative ou alternative + semoir 139,00 \u20ac\nBroyeur \u00e0 marteau \u00e0 axe horizontal 103,00 \u20ac\nRouleau (1 passage) 39,50 \u20ac\nCharrue 143,00 \u20ac\nRotavator 103,00 \u20ac\nSemoir 72,00 \u20ac\nTraitement (prairie temporaire sur justificatifs) 53,50 \u20ac\nSemoir \u00e0 semis direct 83,50 \u20ac\nRessemis (Prix par hectare)\nHerse rotative ou alternative + semoir 139,00 \u20ac\nSemoir 72,00 \u20ac\nTraitement 53,50 \u20ac\nSemoir \u00e0 semis direct 83,50 \u20ac\nSemence (sur la base de 30 kg /ha ou 25 kg + 2 kg tr\u00e8fle) (*) 180,10 \u20ac\nSemence certifi\u00e9e de c\u00e9r\u00e9ales (*) 116,00 \u20ac\nSemence certifi\u00e9e de ma\u00efs (*) 206,00 \u20ac\nSemence certifi\u00e9e de pois (*) 215,00 \u20ac\nSemence certifi\u00e9e de colza ol\u00e9agineux (grain) (*) 104,00 \u20ac\nSemence de colza fourrager (*) Sur facture*\nSemence de choux fourrager (*) Sur facture*\n(*) Plus-value si prix des semences sup\u00e9rieur et sur pr\u00e9sentation de factures.\n1/3\n5602_Direction d\u00e9partementale des territoires et de la mer (DDTM) -  56-2026-03-17-00002 - D\u00e9cision du 17 mars 2026 de la commission\nd\u00e9partementale de la chasse et de la faune sauvage sp\u00e9cialis\u00e9e \u00ab Indemnisation des d\u00e9g\u00e2ts de gibier \u00bb 3\nValeur de r\u00e9ensemencement par hectare\nC\u00e9r\u00e9ales \u00e0 paille (bl\u00e9, seigle, orge, avoine, triticale)\n- Itin\u00e9raire A - 1 passage avec herse et semoir \u2026\u2026\u2026\u2026.\u2026.\n- semence \u2026\u2026\u2026\u2026\u2026\u2026\u2026\u2026\u2026\u2026\u2026\u2026\u2026\u2026\u2026.\u2026..\n119,50 \u20ac\n      116,00 \u20ac 235,50 \u20ac   \n- Itin\u00e9raire B - avec combin\u00e9 (1 passage) \u2026\u2026\u2026\u2026\u2026\u2026.\u2026\u2026\u2026\n- semence \u2026\u2026\u2026\u2026\u2026\u2026\u2026\u2026\u2026\u2026\u2026\u2026\u2026\u2026.\u2026\u2026..\n139,00 \u20ac\n      116,00 \u20ac 255,00 \u20ac   \nPlus-values : - si prix semence sup\u00e9rieur (sur pr\u00e9sentation factures acquitt\u00e9es et certifi\u00e9es conformes par le centre\n                        de gestion ou autre organisme d'expertise comptable) ;\n        - si d\u00e9sherbage suppl\u00e9mentaire (prestation avec traitement) : 53,50 \u20ac\nPois prot\u00e9agineux\n- Itin\u00e9raire A - 1 passage avec herse et semoir \u2026\u2026\u2026\u2026.\u2026.\n- semence \u2026\u2026\u2026\u2026\u2026\u2026\u2026\u2026\u2026\u2026\u2026\u2026.\u2026\u2026\u2026\u2026..\n       119,50 \u20ac\n 215,00 \u20ac 334,50 \u20ac \n- Itin\u00e9raire B - avec combin\u00e9 (1 passage) \u2026\u2026\u2026\u2026\u2026\u2026.\u2026\u2026\u2026\n- semence \u2026\u2026\u2026\u2026\u2026\u2026\u2026\u2026\u2026\u2026\u2026.\u2026\u2026\u2026\u2026\u2026..\n 139,00 \u20ac\n 215,00 \u20ac 354,00 \u20ac \nPlus-values : - - si prix semence sup\u00e9rieur (sur pr\u00e9sentation factures acquitt\u00e9es et certifi\u00e9es conformes par le centre\n                        de gestion ou autre organisme d'expertise comptable) ;\n       - si d\u00e9sherbage suppl\u00e9mentaire (prestation avec traitement) : 53,50 \u20ac\nValeur/ha de remise en \u00e9tat des prairies suivant quatre itin\u00e9raires techniques\nRemise en \u00e9tat manuelle (co\u00fbt horaire)\u2026\u2026\u2026\u2026\u2026\u2026\u2026\u2026\u2026\u2026\u2026\u2026\u2026\u2026\u2026\u2026\u2026\u2026\u2026\u2026                      23,08 \u20ac\nRemise en \u00e9tat m\u00e9canique l\u00e9g\u00e8re SANS semence \n- 2 passages de herse  \u2026\u2026\u2026\u2026\u2026\u2026\u2026\u2026\u2026...\u2026\u2026\u2026\u2026\u2026\u2026.95,00 \u20ac\n- 1 passage de rouleau \u2026\u2026\u2026\u2026\u2026\u2026\u2026\u2026\u2026\u2026\u2026\u2026\u2026\u2026\u2026\u202639,50 \u20ac 134,50 \u20ac \nRemise en \u00e9tat m\u00e9canique l\u00e9g\u00e8re AVEC semence \n- Itin\u00e9raire A - 1 passage de herse  \u2026\u2026\u2026.\u2026\u2026\u2026...\u2026\u2026\u2026\u2026\u2026\u2026\u2026\u2026\u2026.47,50 \u20ac\n- semoir \u2026\u2026\u2026\u2026\u2026\u2026\u2026\u2026\u2026\u2026\u2026\u2026\u2026\u2026\u2026\u2026\u2026\u2026\u2026\u2026\u2026\u2026. 72,00 \u20ac\n- semence \u2026\u2026\u2026\u2026\u2026\u2026\u2026\u2026\u2026\u2026\u2026\u2026\u2026\u2026\u2026\u2026\u2026\u2026\u2026\u2026\u2026180,10 \u20ac\n- 1 passage  rouleau\u2026\u2026\u2026\u2026\u2026\u2026\u2026\u2026\u2026\u2026\u2026\u2026\u2026\u2026\u2026\u2026... .39,50 \u20ac\n339,10 \u20ac\n- Itin\u00e9raire B - combin\u00e9 \u2026\u2026\u2026\u2026\u2026\u2026\u2026\u2026\u2026\u2026\u2026\u2026\u2026\u2026\u2026\u2026\u2026\u2026\u2026\u2026.   139,00 \u20ac\n- semence \u2026\u2026\u2026\u2026\u2026\u2026\u2026\u2026\u2026\u2026\u2026\u2026\u2026\u2026\u2026\u2026\u2026\u2026\u2026\u2026\u2026180,10 \u20ac\n- 1 passage rouleau\u2026\u2026\u2026\u2026\u2026\u2026\u2026\u2026\u2026\u2026\u2026\u2026.\u2026\u2026\u2026\u2026\u2026.39,50 \u20ac\n358,60 \u20ac \n Plus-values : - si prix semence sup\u00e9rieur (sur pr\u00e9sentation facture)\nRemise en \u00e9tat m\u00e9canique lourde AVEC semence \n- Itin\u00e9raire A - destruction du couvert v\u00e9g\u00e9tal \u2026\u2026\u2026\u2026\u2026\u2026\u2026\u2026\u2026.\u2026.... 103,00 \u20ac\n- combin\u00e9 \u2026\u2026\u2026\u2026\u2026\u2026\u2026\u2026\u2026\u2026\u2026\u2026\u2026\u2026\u2026\u2026\u2026\u2026.\u2026.......139,00 \u20ac\n- semence \u2026\u2026\u2026\u2026\u2026\u2026\u2026\u2026\u2026...\u2026\u2026\u2026\u2026\u2026\u2026\u2026\u2026.\u2026\u2026...180,10 \u20ac\n- rouleau \u2026\u2026\u2026\u2026\u2026\u2026\u2026\u2026\u2026\u2026\u2026\u2026\u2026\u2026\u2026\u2026\u2026\u2026..\u2026\u2026\u2026.. 39,50 \u20ac\n461,60 \u20ac\n- Itin\u00e9raire B - labour (charrue) \u2026\u2026\u2026\u2026\u2026\u2026\u2026\u2026\u2026\u2026\u2026\u2026\u2026\u2026\u2026\u2026..\u2026 143,00 \u20ac\n- combin\u00e9 \u2026\u2026\u2026\u2026\u2026\u2026\u2026\u2026.\u2026\u2026\u2026\u2026\u2026\u2026\u2026\u2026\u2026\u2026.\u2026\u2026   139,00 \u20ac\n- semence \u2026\u2026\u2026\u2026\u2026\u2026\u2026\u2026\u2026\u2026\u2026\u2026\u2026\u2026\u2026\u2026\u2026\u2026.\u2026\u2026...180,10 \u20ac\n- 1 passage rouleau \u2026\u2026\u2026\u2026\u2026\u2026\u2026\u2026\u2026\u2026\u2026\u2026\u2026\u2026\u2026\u2026\u2026..39,50 \u20ac\n501,60 \u20ac\nPlus-values : - si prix semence sup\u00e9rieur (sur pr\u00e9sentation de factures certifi\u00e9es conforme par le centre de gestion\n                              ou autre organisme comptable) ; \nValeur/hectare de r\u00e9ensemencement des ma\u00efs apr\u00e8s d\u00e9g\u00e2ts\nSemis sur terre nue avec travaux superficiels et semoir\n- 1 passage de herse\u2026\u2026\u2026\u2026\u2026\u2026\u2026\u2026\u2026\u2026\u2026\u2026\u2026\u2026\u2026\u2026\u2026..\u202647,50 \u20ac\n- semoir \u2026\u2026\u2026\u2026\u2026\u2026\u2026\u2026\u2026\u2026\u2026\u2026\u2026\u2026\u2026\u2026\u2026\u2026\u2026..\u2026\u2026..\u2026\u202672,00 \u20ac\n- semence\u2026\u2026\u2026\u2026 \u2026\u2026\u2026\u2026.\u2026\u2026\u2026\u2026\u2026\u2026\u2026\u2026\u2026\u2026\u2026.....\u2026   206,00 \u20ac\n325,50 \u20ac\nSemis sur terre nue avec travaux lourds \n- Combin\u00e9-semoir ma\u00efs \u2026\u2026\u2026\u2026\u2026\u2026\u2026\u2026\u2026\u2026\u2026\u2026\u2026\u2026......    139,00 \u20ac\n- semence \u2026\u2026\u2026\u2026\u2026\u2026\u2026\u2026\u2026\u2026\u2026\u2026\u2026\u2026\u2026\u2026\u2026\u2026..\u2026......\u2026 206,00 \u20ac 345,00 \u20ac\nPlus-values : - si prix semence sup\u00e9rieur (sur pr\u00e9sentation de factures certifi\u00e9es conforme par le centre de gestion\n                              ou autre organisme comptable) ; \n                            - si d\u00e9sherbage suppl\u00e9mentaire : 53,50 \u20ac pour le pulv\u00e9risateur et compl\u00e9ment pour le produit\nSemis sous plastique     :   \nLes ressemis \u00e9tant impossibles, l'indemnisation prendra en compte la perte de rendement \u00e0 la r\u00e9colte.\nArticle 3 \u2013 Dispositions particuli\u00e8res\nR\u00e9ensemencement d'une autre culture apr\u00e8s d\u00e9g\u00e2ts     :  \nSi la destruction d'un semis ne permet pas, en fonction de la saison, un r\u00e9ensemencement dans la m\u00eame culture, en accord avec  \n5602_Direction d\u00e9partementale des territoires et de la mer (DDTM) -  56-2026-03-17-00002 - D\u00e9cision du 17 mars 2026 de la commission\nd\u00e9partementale de la chasse et de la faune sauvage sp\u00e9cialis\u00e9e \u00ab Indemnisation des d\u00e9g\u00e2ts de gibier \u00bb 4\nl'estimateur et le pr\u00e9sident de la f\u00e9d\u00e9ration des chasseurs, l'agriculteur pourra envisager une autre culture et n\u00e9anmoins sera indemnis\u00e9 \nsur la valeur de r\u00e9ensemencement de la culture d\u00e9truite, y compris un labour, s'il est n\u00e9cessaire, \u00e0 la nouvelle culture. Aucune remise  \nen \u00e9tat ne pourra \u00eatre r\u00e9gl\u00e9e si elle n'a pas \u00e9t\u00e9 r\u00e9alis\u00e9e.\nAutres dispositions     :  \nPour toute culture non cit\u00e9e dans la pr\u00e9sente d\u00e9cision, le pr\u00e9sident de la f\u00e9d\u00e9ration des chasseurs pourra proposer un r\u00e8glement \u00e0  \nl'amiable du dossier. En cas de d\u00e9saccord de l'agriculteur, le dossier sera pr\u00e9sent\u00e9 \u00e0 la commission d\u00e9partementale afin que le prix de  \nla denr\u00e9e soit ent\u00e9rin\u00e9 en additif au bar\u00e8me de l'ann\u00e9e en cours.\nEn ce qui concerne les productions biologiques, les estimations seront faites au cas par cas en tenant compte des contrats.\nArticle 4 \u2013 Publication\nLa liste des estimateurs et les bar\u00e8mes d'indemnisation des articles 1, 2 et 3 seront publi\u00e9s au recueil des actes administratifs de la  \npr\u00e9fecture du Morbihan et pourront \u00eatre consult\u00e9s \u00e0 la direction d\u00e9partementale des territoires et de la mer \u2013 service eau, biodiversit\u00e9,  \nrisques.\nVannes, le 17 mars 2026\nLe pr\u00e9fet,\nPour le pr\u00e9fet et par d\u00e9l\u00e9gation,\nLe chef du service eau, biodiversit\u00e9, risques\nJean-Fran\u00e7ois CHAUVET\n5602_Direction d\u00e9partementale des territoires et de la mer (DDTM) -  56-2026-03-17-00002 - D\u00e9cision du 17 mars 2026 de la commission\nd\u00e9partementale de la chasse et de la faune sauvage sp\u00e9cialis\u00e9e \u00ab Indemnisation des d\u00e9g\u00e2ts de gibier \u00bb 5\nExPREFETDU MORBIHANLibert\u00e9Egalit\u00e9Fraternit\u00e9\nARR\u00caT\u00c9 PR\u00c9FECTORAL\nPortant d\u00e9signation d'un expert ind\u00e9pendant pour participer \u00e0 la mission d'expertise \ndiligent\u00e9e dans le cadre de la proposition de reconnaissance des pertes de r\u00e9colte au \ntitre de l'indemnisation fond\u00e9e sur la solidarit\u00e9 nationale\nLe pr\u00e9fet du Morbihan\nChevalier de l'Ordre national du M\u00e9rite\nVu le Code rural et de la p\u00eache maritime, et notamment ses articles D. 361-44-5\u00a0et suivants ;\nVu l'instruction technique relative \u00e0 la gestion de l'indemnisation fond\u00e9e sur la solidarit\u00e9 nationale pour \nles cultures non assur\u00e9es hors prairies par les services d\u00e9concentr\u00e9s de l'\u00c9tat\u00a0en date du\u00a01er\n janvier 2024\u00a0;\nVu l'\u00e9tude des diff\u00e9rents devis sollicit\u00e9s aux fin d'identifier un expert ind\u00e9pendant pouvant participer \u00e0 \nla mission d'expertise\u00a0;\nVu la proposition de la chambre r\u00e9gionale d'agriculture de Bretagne en date du 19 mars 2026\u00a0;\nVu l'attestation sur l'honneur d'absence de lien d'int\u00e9r\u00eat \u00e9tablie  en date du 19 mars 2026 par M. Denis \nLEBOSSE, responsable de la station exp\u00e9rimentale de Kergu\u00e9hennec, service agronomie et productions \nv\u00e9g\u00e9tales  de la chambre d'agriculture de Bretagne\u00a0;\nSur proposition du directeur d\u00e9partemental des territoires et de la mer du Morbihan\u00a0;\nARR\u00caTE\nArticle 1 \nMonsieur  M.  Denis  LEBOSSE,  r esponsable  de  la  station  exp\u00e9rimentale  de  Kergu\u00e9hennec,  service  \nagronomie et productions v\u00e9g\u00e9tales  de la chambre d'agriculture de Bretagne, est nomm\u00e9 pour participer \nen qualit\u00e9 d'expert ind\u00e9pendant pour participer \u00e0 la mission d'expertise diligent\u00e9e dans le cadre de la  \nproc\u00e9dure de reconnaissance de l'al\u00e9a climatique d\u00e9favorable susceptible d'avoir occasionn\u00e9 des pertes \nde r\u00e9colte ou de culture ouvrant droit au versement par l'Etat de l'indemnisation fond\u00e9e sur la solidarit\u00e9 \nnationale suivant\u00a0: Exc\u00e8s de pluie du 1er\n janvier au 28 f\u00e9vrier 2026.\nArticle 2 \u2013  Titre\nLe pr\u00e9sent arr\u00eat\u00e9 sera publi\u00e9 au recueil des actes administratifs du d\u00e9partement du Morbihan.\nVannes, le 20 mars 2026\nPour le pr\u00e9fet et par subd\u00e9l\u00e9gation,\n       Le chef de service territoire et agriculture\nCl\u00e9ment LERICHE\n1\nDirection  d\u00e9partementale\ndes territoires et de la mer\n5602_Direction d\u00e9partementale des territoires et de la mer (DDTM) -  56-2026-03-20-00003 - Arr\u00eat\u00e9 du 20 mars 2026 portant d\u00e9signation d'un\nexpert ind\u00e9pendant pour participer \u00e0 la mission d'expertise diligent\u00e9e dans le cadre de la proposition de reconnaissance des pertes de r\u00e9colte au\ntitre de l'indemnisation fond\u00e9e sur la solidarit\u00e9 nationale\n6\n| |PREFETDU MORBIHANLibert\u00e9Egalit\u00e9Fraternit\u00e9\nDirection D\u00e9partementale\nde l'Emploi, du Travail et des Solidarit\u00e9s\nArr\u00eat\u00e9 pr\u00e9fectoral 10 mars 2025 portant agr\u00e9ment de Madame Nad\u00e8ge DERRIAN pour l'exercice \u00e0 titre individuel de \nl'activit\u00e9 de mandataire judiciaire \u00e0 la protection des majeurs\nLE PR\u00c9FET DU MORBIHAN\nChevalier de l'Ordre national du M\u00e9rite\nVu le Code de l'action sociale et des familles, notamment ses articles L. 471-2, L. 471-4, L.472-1, L. 472-2, D. 471-3, D. 471-4, D. \n472-5-1 et D. 472-5-2 ;\nVu le d\u00e9cret du 7 mai 2025 portant nomination de monsieur Micha\u00ebl GALY, pr\u00e9fet du Morbihan ;\nVu le sch\u00e9ma r\u00e9gional des mandataires judiciaires \u00e0 la protection des majeurs et des d\u00e9l\u00e9gu\u00e9s aux prestations familiales de la  \nr\u00e9gion Bretagne, arr\u00eat\u00e9 pour la p\u00e9riode 2021-2026 et approuv\u00e9 par arr\u00eat\u00e9 pr\u00e9fectoral du 14 avril 2021 ;\nVu l'arr\u00eat\u00e9 du 24 juillet 2024 portant modification du sch\u00e9ma r\u00e9gional des mandataires judiciaires \u00e0 la protection des majeurs et des  \nd\u00e9l\u00e9gu\u00e9s aux prestations familiales de la r\u00e9gion Bretagne ;\nVu  l'arr\u00eat\u00e9 du 18 juin 2025  portant avis d'appel \u00e0 candidatures aux fins d'agr\u00e9ments en qualit\u00e9 de mandataires judiciaires \u00e0 la  \nprotection des majeurs exer\u00e7ant \u00e0 titre individuel pour le d\u00e9partement du Morbihan ;\nVu l'avis de la commission d\u00e9partementale d'agr\u00e9ment des mandataires judiciaires \u00e0 la protection des majeurs exer\u00e7ant \u00e0 titre  \nindividuel dans le d\u00e9partement du Morbihan r\u00e9unie le 8 janvier 2026 ;\nVu l'avis favorable en date du 28 janvier 2026 du procureur de la R\u00e9publique pr\u00e8s du tribunal judiciaire de Vannes ;\nVu l'arr\u00eat\u00e9 pr\u00e9fectoral du 12 f\u00e9vrier 2026 portant classement et s\u00e9lection des candidatures aux fins d'agr\u00e9ments pour l'exercice \u00e0  \ntitre individuel de l'activit\u00e9 de mandataires judiciaires \u00e0 la protection des majeurs ;\nSur proposition du directeur d\u00e9partemental de l'emploi, du travail et des solidarit\u00e9s du Morbihan ;\nARR\u00caTE\nArticle 1 :  L'agr\u00e9ment mentionn\u00e9 \u00e0 l'article L. 472-1 du Code de l'action sociale et des familles est accord\u00e9 \u00e0  Madame Nad\u00e8ge \nDERRIAN, domicili\u00e9e au 6 rue Menez Meur, 56000 VANNES, pour l'exercice de mandataire \u00e0 la protection judiciaire des majeurs  \nexer\u00e7ant \u00e0 titre individuel, auquel il peut \u00eatre recouru dans le cadre de mesures :\n\u2013 De sauvegardes de justice ;\n\u2013 De curatelles simples ou renforc\u00e9es ;\n\u2013 De tutelles ;\n\u2013 D'accompagnement judiciaire.\nL'agr\u00e9ment vaut inscription sur la liste des mandataires judiciaires \u00e0 la protection des majeurs du d\u00e9partement du Morbihan.\nArticle 2 : Une copie du pr\u00e9sent arr\u00eat\u00e9 sera notifi\u00e9e :\n\u2013 A l'int\u00e9ress\u00e9e,\n\u2013 Au procureur de la R\u00e9publique pr\u00e8s du tribunal judiciaire de Lorient,\n\u2013 Au procureur de la R\u00e9publique pr\u00e8s du tribunal judiciaire de Vannes,\n\u2013 Aux juges des contentieux de la protection pr\u00e8s du tribunal judiciaire de Lorient,\n\u2013 Aux juges des contentieux de la protection pr\u00e8s du tribunal judiciaire de Vannes,\nArticle 3 : Le pr\u00e9sent arr\u00eat\u00e9 est susceptible de faire l'objet d'un recours devant le Tribunal Administratif de Rennes par \u00ab l'application \n\u00ab T\u00e9l\u00e9recours citoyens \u00bb accessible sur le site  www.telerecours.fr ou par courrier au  3 Contour de la Motte \u2013 CS 44416 \u2013 35044  \nRENNES C\u00e9dex dans un d\u00e9lai de deux mois \u00e0 compter de sa notification.\nArticle 4 : Le secr\u00e9taire g\u00e9n\u00e9ral de la pr\u00e9fecture du Morbihan et le directeur d\u00e9partemental de l'emploi, du travail et des solidarit\u00e9s  \ndu Morbihan sont charg\u00e9s chacun en ce qui le concerne de l'ex\u00e9cution du pr\u00e9sent arr\u00eat\u00e9, qui sera publi\u00e9 au recueil des actes  \nadministratifs de la pr\u00e9fecture du Morbihan.\nVannes, le 10 mars 2026\nPour le pr\u00e9fet, par d\u00e9l\u00e9gation,\nLe secr\u00e9taire g\u00e9n\u00e9ral,\nSt\u00e9phane JARL\u00c9GAND\n5603_Direction d\u00e9partementale de l'emploi, du travail et des solidarit\u00e9s du Morbihan (DDETS) -  56-2026-03-10-00010 - Arr\u00eat\u00e9 pr\u00e9fectoral 10\nmars 2025 portant agr\u00e9ment de Madame Nad\u00e8ge DERRIAN pour l'exercice \u00e0 titre individuel de l'activit\u00e9 de mandataire judiciaire \u00e0 la protection\ndes majeurs\n7\n| |PREFETDU MORBIHANLibert\u00e9Egalit\u00e9Fraternit\u00e9\nDirection D\u00e9partementale\nde l'Emploi, du Travail et des Solidarit\u00e9s\nArr\u00eat\u00e9 pr\u00e9fectoral du 10 mars 2025 portant agr\u00e9ment de Madame C\u00e9cile SEGAERT pour l'exercice \u00e0 titre individuel de l'activit\u00e9 \nde mandataire judiciaire \u00e0 la protection des majeurs\nLE PR\u00c9FET DU MORBIHAN\nChevalier de l'Ordre national du M\u00e9rite\nVu le Code de l'action sociale et des familles, notamment ses articles L. 471-2, L. 471-4, L.472-1, L. 472-2, D. 471-3, D. 471-4, D. 472-\n5-1 et D. 472-5-2 ;\nVu le d\u00e9cret du 7 mai 2025 portant nomination de monsieur Micha\u00ebl GALY, pr\u00e9fet du Morbihan ;\nVu le sch\u00e9ma r\u00e9gional des mandataires judiciaires \u00e0 la protection des majeurs et des d\u00e9l\u00e9gu\u00e9s aux prestations familiales de la r\u00e9gion  \nBretagne, arr\u00eat\u00e9 pour la p\u00e9riode 2021-2026 et approuv\u00e9 par arr\u00eat\u00e9 pr\u00e9fectoral du 14 avril 2021 ;\nVu l'arr\u00eat\u00e9 du 24 juillet 2024 portant modification du sch\u00e9ma r\u00e9gional des mandataires judiciaires \u00e0 la protection des majeurs et des  \nd\u00e9l\u00e9gu\u00e9s aux prestations familiales de la r\u00e9gion Bretagne ;\nVu l'arr\u00eat\u00e9 du 18 juin 2025 portant avis d'appel \u00e0 candidatures aux fins d'agr\u00e9ments en qualit\u00e9 de mandataires judiciaires \u00e0 la protection \ndes majeurs exer\u00e7ant \u00e0 titre individuel pour le d\u00e9partement du Morbihan ;\nVu l'avis de la commission d\u00e9partementale d'agr\u00e9ment des mandataires judiciaires \u00e0 la protection des majeurs exer\u00e7ant \u00e0 titre  \nindividuel dans le d\u00e9partement du Morbihan r\u00e9unie le 8 janvier 2026 ;\nVu l'avis favorable en date du 28 janvier 2026 du procureur de la R\u00e9publique pr\u00e8s du tribunal judiciaire de Vannes ;\nVu l'arr\u00eat\u00e9 pr\u00e9fectoral du 12 f\u00e9vrier 2026 portant classement et s\u00e9lection des candidatures aux fins d'agr\u00e9ments pour l'exercice \u00e0 titre  \nindividuel de l'activit\u00e9 de mandataires judiciaires \u00e0 la protection des majeurs ;\nSur proposition du directeur d\u00e9partemental de l'emploi, du travail et des solidarit\u00e9s du Morbihan ;\nARR\u00caTE\nArticle 1 : L'agr\u00e9ment mentionn\u00e9 \u00e0 l'article L. 472-1 du Code de l'action sociale et des familles est accord\u00e9 \u00e0 Madame C\u00e9cile SEGERT, \ndomicili\u00e9e au 67 route d'Etel, 56550 BELZ, pour l'exercice de mandataire \u00e0 la protection judiciaire des majeurs exer\u00e7ant \u00e0 titre  \nindividuel, auquel il peut \u00eatre recouru dans le cadre de mesures :\n\u2013 De sauvegardes de justice ;\n\u2013 De curatelles simples ou renforc\u00e9es ;\n\u2013 De tutelles ;\n\u2013 D'accompagnement judiciaire.\nL'agr\u00e9ment vaut inscription sur la liste des mandataires judiciaires \u00e0 la protection des majeurs du d\u00e9partement du Morbihan.\nArticle 2 : Une copie du pr\u00e9sent arr\u00eat\u00e9 sera notifi\u00e9e :\n\u2013 A l'int\u00e9ress\u00e9e,\n\u2013 Au procureur de la R\u00e9publique pr\u00e8s du tribunal judiciaire de Lorient,\n\u2013 Au procureur de la R\u00e9publique pr\u00e8s du tribunal judiciaire de Vannes,\n\u2013 Aux juges des contentieux de la protection pr\u00e8s du tribunal judiciaire de Lorient,\n\u2013 Aux juges des contentieux de la protection pr\u00e8s du tribunal judiciaire de Vannes,\nArticle 3 :  Le pr\u00e9sent arr\u00eat\u00e9 est susceptible de faire l'objet d'un recours devant le Tribunal Administratif de Rennes  par \u00ab  l'application \n\u00ab T\u00e9l\u00e9recours citoyens \u00bb accessible sur le site www.telerecours.fr ou par courrier au  3 Contour de la Motte \u2013 CS 44416 \u2013 35044 RENNES \nC\u00e9dex dans un d\u00e9lai de deux mois \u00e0 compter de sa notification.\nArticle 4 : Le secr\u00e9taire g\u00e9n\u00e9ral de la pr\u00e9fecture du Morbihan et le directeur d\u00e9partemental de l'emploi, du travail et des solidarit\u00e9s du  \nMorbihan sont charg\u00e9s chacun en ce qui le concerne de l'ex\u00e9cution du pr\u00e9sent arr\u00eat\u00e9, qui sera publi\u00e9 au recueil des actes administratifs \nde la pr\u00e9fecture du Morbihan.\nVannes, le 10 mars 2025\nPour le pr\u00e9fet, par d\u00e9l\u00e9gation,\nLe secr\u00e9taire g\u00e9n\u00e9ral,\nSt\u00e9phane JARL\u00c9GAND\n5603_Direction d\u00e9partementale de l'emploi, du travail et des solidarit\u00e9s du Morbihan (DDETS) -  56-2026-03-10-00008 - Arr\u00eat\u00e9 pr\u00e9fectoral du 10\nmars 2025 portant agr\u00e9ment de Madame C\u00e9cile SEGAERT pour l'exercice \u00e0 titre individuel de l'activit\u00e9 de mandataire judiciaire \u00e0 la protection des\nmajeurs\n8\nEuPREFETDU MORBIHANLibert\u00e9Egalit\u00e9Fraternit\u00e9\nDirection D\u00e9partementale\nde l'Emploi, du Travail et des Solidarit\u00e9s\nArr\u00eat\u00e9 pr\u00e9fectoral du 10 mars 2026 portant agr\u00e9ment de Madame Alexandra BOURDIN pour l'exercice \u00e0 titre individuel de \nl'activit\u00e9 de mandataire judiciaire \u00e0 la protection des majeurs\nLE PR\u00c9FET DU MORBIHAN\nChevalier de l'Ordre national du M\u00e9rite\nVu le Code de l'action sociale et des familles, notamment ses articles L. 471-2, L. 471-4, L.472-1, L. 472-2, D. 471-3, D. 471-4, D. \n472-5-1 et D. 472-5-2 ;\nVu le d\u00e9cret du 7 mai 2025 portant nomination de monsieur Micha\u00ebl GALY, pr\u00e9fet du Morbihan ;\nVu le sch\u00e9ma r\u00e9gional des mandataires judiciaires \u00e0 la protection des majeurs et des d\u00e9l\u00e9gu\u00e9s aux prestations familiales de la  \nr\u00e9gion Bretagne, arr\u00eat\u00e9 pour la p\u00e9riode 2021-2026 et approuv\u00e9 par arr\u00eat\u00e9 pr\u00e9fectoral du 14 avril 2021 ;\nVu l'arr\u00eat\u00e9 du 24 juillet 2024 portant modification du sch\u00e9ma r\u00e9gional des mandataires judiciaires \u00e0 la protection des majeurs et des  \nd\u00e9l\u00e9gu\u00e9s aux prestations familiales de la r\u00e9gion Bretagne ;\nVu  l'arr\u00eat\u00e9 du 18 juin 2025  portant avis d'appel \u00e0 candidatures aux fins d'agr\u00e9ments en qualit\u00e9 de mandataires judiciaires \u00e0 la  \nprotection des majeurs exer\u00e7ant \u00e0 titre individuel pour le d\u00e9partement du Morbihan ;\nVu l'avis de la commission d\u00e9partementale d'agr\u00e9ment des mandataires judiciaires \u00e0 la protection des majeurs exer\u00e7ant \u00e0 titre  \nindividuel dans le d\u00e9partement du Morbihan r\u00e9unie le 8 janvier 2026 ;\nVu l'avis favorable en date du 28 janvier 2026 du procureur de la R\u00e9publique pr\u00e8s du tribunal judiciaire de Vannes ;\nVu l'arr\u00eat\u00e9 pr\u00e9fectoral du 12 f\u00e9vrier 2026 portant classement et s\u00e9lection des candidatures aux fins d'agr\u00e9ments pour l'exercice \u00e0  \ntitre individuel de l'activit\u00e9 de mandataires judiciaires \u00e0 la protection des majeurs ;\nSur proposition du directeur d\u00e9partemental de l'emploi, du travail et des solidarit\u00e9s du Morbihan ;\nARR\u00caTE\nArticle 1 : L'agr\u00e9ment mentionn\u00e9 \u00e0 l'article L. 472-1 du Code de l'action sociale et des familles est accord\u00e9 \u00e0 Madame Alexandra \nBOURDIN, domicili\u00e9e au 4 Val Torin, 56800 POL\u00cbRMEL, pour l'exercice de mandataire \u00e0 la protection judiciaire des majeurs  \nexer\u00e7ant \u00e0 titre individuel, auquel il peut \u00eatre recouru dans le cadre de mesures :\n\u2013 De sauvegardes de justice ;\n\u2013 De curatelles simples ou renforc\u00e9es ;\n\u2013 De tutelles ;\n\u2013 D'accompagnement judiciaire.\nL'agr\u00e9ment vaut inscription sur la liste des mandataires judiciaires \u00e0 la protection des majeurs du d\u00e9partement du Morbihan.\nArticle 2 : Une copie du pr\u00e9sent arr\u00eat\u00e9 sera notifi\u00e9e :\n\u2013 A l'int\u00e9ress\u00e9e,\n\u2013 Au procureur de la R\u00e9publique pr\u00e8s du tribunal judiciaire de Lorient,\n\u2013 Au procureur de la R\u00e9publique pr\u00e8s du tribunal judiciaire de Vannes,\n\u2013 Aux juges des contentieux de la protection pr\u00e8s du tribunal judiciaire de Lorient,\n\u2013 Aux juges des contentieux de la protection pr\u00e8s du tribunal judiciaire de Vannes,\nArticle 3 : Le pr\u00e9sent arr\u00eat\u00e9 est susceptible de faire l'objet d'un recours devant le Tribunal Administratif de Rennes par \u00ab l'application \n\u00ab T\u00e9l\u00e9recours citoyens \u00bb accessible sur le site  www.telerecours.fr ou par courrier au  3 Contour de la Motte \u2013 CS 44416 \u2013 35044  \nRENNES C\u00e9dex dans un d\u00e9lai de deux mois \u00e0 compter de sa notification.\nArticle 4 : Le secr\u00e9taire g\u00e9n\u00e9ral de la pr\u00e9fecture du Morbihan et le directeur d\u00e9partemental de l'emploi, du travail et des solidarit\u00e9s  \ndu Morbihan sont charg\u00e9s chacun en ce qui le concerne de l'ex\u00e9cution du pr\u00e9sent arr\u00eat\u00e9, qui sera publi\u00e9 au recueil des actes  \nadministratifs de la pr\u00e9fecture du Morbihan.\nVannes, le 10 mars 2026\nPour le pr\u00e9fet, par d\u00e9l\u00e9gation,\nLe secr\u00e9taire g\u00e9n\u00e9ral,\nSt\u00e9phane JARL\u00c9GAND\n5603_Direction d\u00e9partementale de l'emploi, du travail et des solidarit\u00e9s du Morbihan (DDETS) -  56-2026-03-10-00012 - Arr\u00eat\u00e9 pr\u00e9fectoral du 10\nmars 2026 portant agr\u00e9ment de Madame Alexandra BOURDIN pour l'exercice \u00e0 titre individuel de l'activit\u00e9 de mandataire judiciaire \u00e0 la protection\ndes majeurs\n9\n=xPREFETDU MORBIHANLibert\u00e9Egalit\u00e9Fraternit\u00e9\nDirection D\u00e9partementale\nde l'Emploi, du Travail et des Solidarit\u00e9s\nArr\u00eat\u00e9 pr\u00e9fectoral du 10 mars 2026 portant agr\u00e9ment de Madame Karine NOUAILLES pour l'exercice \u00e0 titre individuel de \nl'activit\u00e9 de mandataire judiciaire \u00e0 la protection des majeurs\nLE PR\u00c9FET DU MORBIHAN\nChevalier de l'Ordre national du M\u00e9rite\nVu le Code de l'action sociale et des familles, notamment ses articles L. 471-2, L. 471-4, L.472-1, L. 472-2, D. 471-3, D. 471-4, D. 472-\n5-1 et D. 472-5-2 ;\nVu le d\u00e9cret du 7 mai 2025 portant nomination de monsieur Micha\u00ebl GALY, pr\u00e9fet du Morbihan ;\nVu le sch\u00e9ma r\u00e9gional des mandataires judiciaires \u00e0 la protection des majeurs et des d\u00e9l\u00e9gu\u00e9s aux prestations familiales de la r\u00e9gion  \nBretagne, arr\u00eat\u00e9 pour la p\u00e9riode 2021-2026 et approuv\u00e9 par arr\u00eat\u00e9 pr\u00e9fectoral du 14 avril 2021 ;\nVu l'arr\u00eat\u00e9 du 24 juillet 2024 portant modification du sch\u00e9ma r\u00e9gional des mandataires judiciaires \u00e0 la protection des majeurs et des  \nd\u00e9l\u00e9gu\u00e9s aux prestations familiales de la r\u00e9gion Bretagne ;\nVu l'arr\u00eat\u00e9 du 18 juin 2025 portant avis d'appel \u00e0 candidatures aux fins d'agr\u00e9ments en qualit\u00e9 de mandataires judiciaires \u00e0 la protection \ndes majeurs exer\u00e7ant \u00e0 titre individuel pour le d\u00e9partement du Morbihan ;\nVu l'avis de la commission d\u00e9partementale d'agr\u00e9ment des mandataires judiciaires \u00e0 la protection des majeurs exer\u00e7ant \u00e0 titre  \nindividuel dans le d\u00e9partement du Morbihan r\u00e9unie le 8 janvier 2026 ;\nVu l'avis favorable en date du 28 janvier 2026 du procureur de la R\u00e9publique pr\u00e8s du tribunal judiciaire de Vannes ;\nVu l'arr\u00eat\u00e9 pr\u00e9fectoral du 12 f\u00e9vrier 2026 portant classement et s\u00e9lection des candidatures aux fins d'agr\u00e9ments pour l'exercice \u00e0 titre  \nindividuel de l'activit\u00e9 de mandataires judiciaires \u00e0 la protection des majeurs ;\nSur proposition du directeur d\u00e9partemental de l'emploi, du travail et des solidarit\u00e9s du Morbihan ;\nARR\u00caTE\nArticle 1  :  L'agr\u00e9ment mentionn\u00e9 \u00e0 l'article L. 472-1 du Code de l'action sociale et des familles est accord\u00e9 \u00e0  Madame Karine  \nNOUAILLES, domicili\u00e9e au 8 rue Jean Bodin, 56000 VANNES, pour l'exercice de mandataire \u00e0 la protection judiciaire des majeurs  \nexer\u00e7ant \u00e0 titre individuel, auquel il peut \u00eatre recouru dans le cadre de mesures :\n\u2013 De sauvegardes de justice ;\n\u2013 De curatelles simples ou renforc\u00e9es ;\n\u2013 De tutelles ;\n\u2013 D'accompagnement judiciaire.\nL'agr\u00e9ment vaut inscription sur la liste des mandataires judiciaires \u00e0 la protection des majeurs du d\u00e9partement du Morbihan.\nArticle 2 : Une copie du pr\u00e9sent arr\u00eat\u00e9 sera notifi\u00e9e :\n\u2013 A l'int\u00e9ress\u00e9e,\n\u2013 Au procureur de la R\u00e9publique pr\u00e8s du tribunal judiciaire de Lorient,\n\u2013 Au procureur de la R\u00e9publique pr\u00e8s du tribunal judiciaire de Vannes,\n\u2013 Aux juges des contentieux de la protection pr\u00e8s du tribunal judiciaire de Lorient,\n\u2013 Aux juges des contentieux de la protection pr\u00e8s du tribunal judiciaire de Vannes,\nArticle 3 :  Le pr\u00e9sent arr\u00eat\u00e9 est susceptible de faire l'objet d'un recours devant le Tribunal Administratif de Rennes  par \u00ab  l'application \n\u00ab T\u00e9l\u00e9recours citoyens \u00bb accessible sur le site www.telerecours.fr ou par courrier au  3 Contour de la Motte \u2013 CS 44416 \u2013 35044 RENNES \nC\u00e9dex dans un d\u00e9lai de deux mois \u00e0 compter de sa notification.\nArticle 4 : Le secr\u00e9taire g\u00e9n\u00e9ral de la pr\u00e9fecture du Morbihan et le directeur d\u00e9partemental de l'emploi, du travail et des solidarit\u00e9s du  \nMorbihan sont charg\u00e9s chacun en ce qui le concerne de l'ex\u00e9cution du pr\u00e9sent arr\u00eat\u00e9, qui sera publi\u00e9 au recueil des actes administratifs \nde la pr\u00e9fecture du Morbihan.\nVannes, le 10 mars 2026\nPour le pr\u00e9fet, par d\u00e9l\u00e9gation,\nLe secr\u00e9taire g\u00e9n\u00e9ral,\nSt\u00e9phane JARL\u00c9GAND\n5603_Direction d\u00e9partementale de l'emploi, du travail et des solidarit\u00e9s du Morbihan (DDETS) -  56-2026-03-10-00009 - Arr\u00eat\u00e9 pr\u00e9fectoral du 10\nmars 2026 portant agr\u00e9ment de Madame Karine NOUAILLES pour l'exercice \u00e0 titre individuel de l'activit\u00e9 de mandataire judiciaire \u00e0 la protection\ndes majeurs\n10\n=nPREFETDU MORBIHANLibert\u00e9Egalit\u00e9Fraternit\u00e9\nDirection D\u00e9partementale\nde l'Emploi, du Travail et des Solidarit\u00e9s\nArr\u00eat\u00e9 pr\u00e9fectoral du 10 mars 2026 portant agr\u00e9ment de Madame Mathilde DE WILDE pour l'exercice \u00e0 titre individuel de \nl'activit\u00e9 de mandataire judiciaire \u00e0 la protection des majeurs\nLE PR\u00c9FET DU MORBIHAN\nChevalier de l'Ordre national du M\u00e9rite\nVu le Code de l'action sociale et des familles, notamment ses articles L. 471-2, L. 471-4, L.472-1, L. 472-2, D. 471-3, D. 471-4, D. \n472-5-1 et D. 472-5-2 ;\nVu le d\u00e9cret du 7 mai 2025 portant nomination de monsieur Micha\u00ebl GALY, pr\u00e9fet du Morbihan ;\nVu le sch\u00e9ma r\u00e9gional des mandataires judiciaires \u00e0 la protection des majeurs et des d\u00e9l\u00e9gu\u00e9s aux prestations familiales de la  \nr\u00e9gion Bretagne, arr\u00eat\u00e9 pour la p\u00e9riode 2021-2026 et approuv\u00e9 par arr\u00eat\u00e9 pr\u00e9fectoral du 14 avril 2021 ;\nVu l'arr\u00eat\u00e9 du 24 juillet 2024 portant modification du sch\u00e9ma r\u00e9gional des mandataires judiciaires \u00e0 la protection des majeurs et des  \nd\u00e9l\u00e9gu\u00e9s aux prestations familiales de la r\u00e9gion Bretagne ;\nVu  l'arr\u00eat\u00e9 du 18 juin 2025  portant avis d'appel \u00e0 candidatures aux fins d'agr\u00e9ments en qualit\u00e9 de mandataires judiciaires \u00e0 la  \nprotection des majeurs exer\u00e7ant \u00e0 titre individuel pour le d\u00e9partement du Morbihan ;\nVu l'avis de la commission d\u00e9partementale d'agr\u00e9ment des mandataires judiciaires \u00e0 la protection des majeurs exer\u00e7ant \u00e0 titre  \nindividuel dans le d\u00e9partement du Morbihan r\u00e9unie le 8 janvier 2026 ;\nVu l'avis favorable en date du 28 janvier 2026 du procureur de la R\u00e9publique pr\u00e8s du tribunal judiciaire de Vannes ;\nVu l'arr\u00eat\u00e9 pr\u00e9fectoral du 12 f\u00e9vrier 2026 portant classement et s\u00e9lection des candidatures aux fins d'agr\u00e9ments pour l'exercice \u00e0  \ntitre individuel de l'activit\u00e9 de mandataires judiciaires \u00e0 la protection des majeurs ;\nSur proposition du directeur d\u00e9partemental de l'emploi, du travail et des solidarit\u00e9s du Morbihan ;\nARR\u00caTE\nArticle 1 : L'agr\u00e9ment mentionn\u00e9 \u00e0 l'article L. 472-1 du Code de l'action sociale et des familles est accord\u00e9 \u00e0 Madame Mathilde DE \nWILDE, domicili\u00e9e au 5 Penhouet, 56800 CAUDAN, pour l'exercice de mandataire \u00e0 la protection judiciaire des majeurs exer\u00e7ant \u00e0  \ntitre individuel, auquel il peut \u00eatre recouru dans le cadre de mesures :\n\u2013 De sauvegardes de justice ;\n\u2013 De curatelles simples ou renforc\u00e9es ;\n\u2013 De tutelles ;\n\u2013 D'accompagnement judiciaire.\nL'agr\u00e9ment vaut inscription sur la liste des mandataires judiciaires \u00e0 la protection des majeurs du d\u00e9partement du Morbihan.\nArticle 2 : Une copie du pr\u00e9sent arr\u00eat\u00e9 sera notifi\u00e9e :\n\u2013 A l'int\u00e9ress\u00e9e,\n\u2013 Au procureur de la R\u00e9publique pr\u00e8s du tribunal judiciaire de Lorient,\n\u2013 Au procureur de la R\u00e9publique pr\u00e8s du tribunal judiciaire de Vannes,\n\u2013 Aux juges des contentieux de la protection pr\u00e8s du tribunal judiciaire de Lorient,\n\u2013 Aux juges des contentieux de la protection pr\u00e8s du tribunal judiciaire de Vannes,\nArticle 3 : Le pr\u00e9sent arr\u00eat\u00e9 est susceptible de faire l'objet d'un recours devant le Tribunal Administratif de Rennes par \u00ab l'application \n\u00ab T\u00e9l\u00e9recours citoyens \u00bb accessible sur le site  www.telerecours.fr ou par courrier au  3 Contour de la Motte \u2013 CS 44416 \u2013 35044  \nRENNES C\u00e9dex dans un d\u00e9lai de deux mois \u00e0 compter de sa notification.\nArticle 4 : Le secr\u00e9taire g\u00e9n\u00e9ral de la pr\u00e9fecture du Morbihan et le directeur d\u00e9partemental de l'emploi, du travail et des solidarit\u00e9s  \ndu Morbihan sont charg\u00e9s chacun en ce qui le concerne de l'ex\u00e9cution du pr\u00e9sent arr\u00eat\u00e9, qui sera publi\u00e9 au recueil des actes  \nadministratifs de la pr\u00e9fecture du Morbihan.\nVannes, le 10 mars 2026\nPour le pr\u00e9fet, par d\u00e9l\u00e9gation,\nLe secr\u00e9taire g\u00e9n\u00e9ral,\nSt\u00e9phane JARL\u00c9GAND\n5603_Direction d\u00e9partementale de l'emploi, du travail et des solidarit\u00e9s du Morbihan (DDETS) -  56-2026-03-10-00011 - Arr\u00eat\u00e9 pr\u00e9fectoral du 10\nmars 2026 portant agr\u00e9ment de Madame Mathilde DE WILDE pour l'exercice \u00e0 titre individuel de l'activit\u00e9 de mandataire judiciaire \u00e0 la protection\ndes majeurs\n11\nznPREFETDU MORBIHANLibert\u00e9Egalit\u00e9Fraternit\u00e9\nDirection D\u00e9partementale\nde l'Emploi, du Travail et des Solidarit\u00e9s\nArr\u00eat\u00e9 pr\u00e9fectoral du 10 mars 2026 portant agr\u00e9ment de Madame St\u00e9phanie ABRAHAM pour l'exercice \u00e0 titre individuel de \nl'activit\u00e9 de mandataire judiciaire \u00e0 la protection des majeurs\nLE PR\u00c9FET DU MORBIHAN\nChevalier de l'Ordre national du M\u00e9rite\nVu le Code de l'action sociale et des familles, notamment ses articles L. 471-2, L. 471-4, L.472-1, L. 472-2, D. 471-3, D. 471-4, D. \n472-5-1 et D. 472-5-2 ;\nVu le d\u00e9cret du 7 mai 2025 portant nomination de monsieur Micha\u00ebl GALY, pr\u00e9fet du Morbihan ;\nVu le sch\u00e9ma r\u00e9gional des mandataires judiciaires \u00e0 la protection des majeurs et des d\u00e9l\u00e9gu\u00e9s aux prestations familiales de la  \nr\u00e9gion Bretagne, arr\u00eat\u00e9 pour la p\u00e9riode 2021-2026 et approuv\u00e9 par arr\u00eat\u00e9 pr\u00e9fectoral du 14 avril 2021 ;\nVu l'arr\u00eat\u00e9 du 24 juillet 2024 portant modification du sch\u00e9ma r\u00e9gional des mandataires judiciaires \u00e0 la protection des majeurs et des  \nd\u00e9l\u00e9gu\u00e9s aux prestations familiales de la r\u00e9gion Bretagne ;\nVu  l'arr\u00eat\u00e9 du 18 juin 2025  portant avis d'appel \u00e0 candidatures aux fins d'agr\u00e9ments en qualit\u00e9 de mandataires judiciaires \u00e0 la  \nprotection des majeurs exer\u00e7ant \u00e0 titre individuel pour le d\u00e9partement du Morbihan ;\nVu l'avis de la commission d\u00e9partementale d'agr\u00e9ment des mandataires judiciaires \u00e0 la protection des majeurs exer\u00e7ant \u00e0 titre  \nindividuel dans le d\u00e9partement du Morbihan r\u00e9unie le 8 janvier 2026 ;\nVu l'avis favorable en date du 28 janvier 2026 du procureur de la R\u00e9publique pr\u00e8s du tribunal judiciaire de Vannes ;\nVu l'arr\u00eat\u00e9 pr\u00e9fectoral du 12 f\u00e9vrier 2026 portant classement et s\u00e9lection des candidatures aux fins d'agr\u00e9ments pour l'exercice \u00e0  \ntitre individuel de l'activit\u00e9 de mandataires judiciaires \u00e0 la protection des majeurs ;\nSur proposition du directeur d\u00e9partemental de l'emploi, du travail et des solidarit\u00e9s du Morbihan ;\nARR\u00caTE\nArticle 1 : L'agr\u00e9ment mentionn\u00e9 \u00e0 l'article L. 472-1 du Code de l'action sociale et des familles est accord\u00e9 \u00e0 Madame St\u00e9phanie \nABRAHAM, domicili\u00e9e au 2 Chemin de B\u00e9zidel, R\u00e9sidence Le Clos Enez, \u00e0 VANNES (56000), pour l'exercice de mandataire \u00e0 la  \nprotection judiciaire des majeurs exer\u00e7ant \u00e0 titre individuel, auquel il peut \u00eatre recouru dans le cadre de mesures :\n- De sauvegardes de justice ;\n- De curatelles simples ou renforc\u00e9es ;\n- De tutelles ;\n- D'accompagnement judiciaire.\nL'agr\u00e9ment vaut inscription sur la liste des mandataires judiciaires \u00e0 la protection des majeurs du d\u00e9partement du Morbihan.\nArticle 2     : Une copie du pr\u00e9sent arr\u00eat\u00e9 sera notifi\u00e9e :\nA l'int\u00e9ress\u00e9e,\n- Au procureur de la R\u00e9publique pr\u00e8s du tribunal judiciaire de Lorient,\n- Au procureur de la R\u00e9publique pr\u00e8s du tribunal judiciaire de Vannes,\n- Aux juges des contentieux de la protection pr\u00e8s du tribunal judiciaire de Lorient,\n- Aux juges des contentieux de la protection pr\u00e8s du tribunal judiciaire de Vannes,\nArticle 3 : Le pr\u00e9sent arr\u00eat\u00e9 est susceptible de faire l'objet d'un recours devant le Tribunal Administratif de Rennes par \u00ab l'application \n\u00ab T\u00e9l\u00e9recours citoyens \u00bb accessible sur le site  www.telerecours.fr ou par courrier au  3 Contour de la Motte \u2013 CS 44416 \u2013 35044  \nRENNES C\u00e9dex dans un d\u00e9lai de deux mois \u00e0 compter de sa notification.\nArticle 4 : Le secr\u00e9taire g\u00e9n\u00e9ral de la pr\u00e9fecture du Morbihan et le directeur d\u00e9partemental de l'emploi, du travail et des solidarit\u00e9s  \ndu Morbihan sont charg\u00e9s chacun en ce qui le concerne de l'ex\u00e9cution du pr\u00e9sent arr\u00eat\u00e9, qui sera publi\u00e9 au recueil des actes  \nadministratifs de la pr\u00e9fecture du Morbihan.\nVannes, le 10/03/2026\nPour le pr\u00e9fet, par d\u00e9l\u00e9gation,\nLe secr\u00e9taire g\u00e9n\u00e9ral,\nSt\u00e9phane JARL\u00c9GAND\n5603_Direction d\u00e9partementale de l'emploi, du travail et des solidarit\u00e9s du Morbihan (DDETS) -  56-2026-03-10-00013 - Arr\u00eat\u00e9 pr\u00e9fectoral du 10\nmars 2026 portant agr\u00e9ment de Madame St\u00e9phanie ABRAHAM pour l'exercice \u00e0 titre individuel de l'activit\u00e9 de mandataire judiciaire \u00e0 la protection\ndes majeurs\n12\nEuPREFETDU MORBIHANLibert\u00e9Egalit\u00e9Fraternit\u00e9\nDirection D\u00e9partementale\nde l'Emploi, du Travail et des Solidarit\u00e9s\nArr\u00eat\u00e9 pr\u00e9fectoral du 10 mars 2026 portant d\u00e9signation des mandataires judiciaires \u00e0 la protection des majeurs pr\u00e9pos\u00e9s \nde l'\u00c9tablissement Public de Sant\u00e9 Mentale (EPSM) CHARCOT\nLe pr\u00e9fet du Morbihan\nChevalier de l'Ordre national du M\u00e9rite\nVu le Code de l'action sociale et des familles ;\nVu le Code civil ;\nVU la loi n\u00b02019-222 du 23 mars 2019 de programmation et de r\u00e9forme pour la justice ;\nVu la loi n\u00b02007-308 du 5 mars 2007 de r\u00e9forme de la protection juridique des majeurs ;\nVu le d\u00e9cret modifi\u00e9 n\u00b02008-1512 du 30 d\u00e9cembre 2008 fixant les modalit\u00e9s d'inscription sur les lis tes d\u00e9partementales des  \nmandataires judiciaires \u00e0 la protection des majeurs et des d\u00e9l\u00e9gu\u00e9s aux prestations familiales ;\nVu le d\u00e9cret du Pr\u00e9sident de la R\u00e9publique du 7 mai 2025 portant nomination de Monsieur Micha\u00ebl GALY en qualit\u00e9 de pr\u00e9fet du  \nMorbihan ;\nVu l'arr\u00eat\u00e9 pr\u00e9fectoral du 14 ao\u00fbt 2025 de d\u00e9signation des mandataires judiciaires \u00e0 la protection des majeurs pr\u00e9pos\u00e9s de l'EPSM  \nCHARCOT ;\nVu la d\u00e9claration  pr\u00e9alable  de  l'EPSM  CHARCOT  du  29  septembre  2025  d\u00e9signant  Madame  Aude  CLOASTRE  mandataire  \njudiciaire \u00e0 la protection des majeurs pr\u00e9pos\u00e9e ;\nVu l'avis favorable du 27 f\u00e9vrier 2026 du procureur de la R\u00e9publique pr\u00e8s du tribunal judiciaire de Vannes ;\nConsid\u00e9rant que Madame Aude CLOASTRE remplit les conditions d\u00e9finies par le code de l'action sociale et des familles et que  \nl'ind\u00e9pendance de sa fonction de mandataire judiciaire \u00e0 la protection des majeurs est \u00e9tablie ;\nSur proposition du directeur d\u00e9partemental de l'emploi, du travail et des solidarit\u00e9s du Morbihan ;\nARR\u00caTE\nArticle 1 : L'arr\u00eat\u00e9 pr\u00e9fectoral du 14 ao\u00fbt 2025 de d\u00e9signation des mandataires judiciaires \u00e0 la protection des majeurs pr\u00e9pos\u00e9s de  \nl'EPSM CHARCOT est abrog\u00e9.\nArticle 2 : Mesdames Isabelle CORBION, Sylvianne CHOLEY, Ludmilla ROSTRENNE et Aude CLOASTRE sont d\u00e9sign\u00e9es pour  \nexercer, au sein de l'unit\u00e9 de protection juridique des majeurs de l'EPSM CHARCOT \u00e0 CAUDAN (56850), les mesures de protection  \ndes majeurs confi\u00e9es par l'autorit\u00e9 judiciaire au titre : \n- du mandat sp\u00e9cial auquel il peut \u00eatre recouru dans le cadre de la sauvegarde de justice ;\n- de la curatelle ;\n- de la tutelle.\nArticle 3 : Mesdames Isabelle CORBION, Sylvianne CHOLEY, Ludmilla ROSTRENNE et Aude CLOASTRE mandataires judiciaires  \n\u00e0 la protection des majeurs pr\u00e9pos\u00e9es de l'EPSM CHARCOT \u00e0 CAUDAN (56850) sont mises \u00e0 disposition par convention et  \ninterviendront en cette qualit\u00e9 pour exercer des mesures de protection des majeurs au profit des personnes h\u00e9berg\u00e9es ou soign\u00e9es  \ndans les \u00e9tablissements suivants :\n- Groupement Hospitalier Bretagne Sud pour les sites de LORIENT (56100), QUIMPERL\u00c9 (29300), FAOU\u00cbT (56320) et PORT-\nLOUIS / RIANTEC (56670) ;\n- EHPAD \u00ab TI A\u00cfEUL \u00bb \u00e0 CAUDAN (56850) ;\n- EHPAD \u00ab R\u00c9SIDENCE DE KERGUESTENEN \u00bb du CCAS de LORIENT (56100) ;\n- EHPAD \u00ab TAL ARMOR \u00bb \u00e0 MO\u00cbLAN-SUR-MER (29350).\nArticle 4 : Mesdames Isabelle CORBION, Sylvianne CHOLEY, Ludmilla ROSTRENNE et Aude CLOASTRE mandataires judiciaires  \n\u00e0 la protection des majeurs pr\u00e9pos\u00e9es de l'EPSM CHARCOT \u00e0 CAUDAN (56850) seront inscrites sur la liste d\u00e9partementale des  \nmandataires judiciaires \u00e0 la protection des majeurs et des d\u00e9l\u00e9gu\u00e9s aux prestations familiales autoris\u00e9s \u00e0 exercer dans le Morbihan.\nArticle 5 : Une copie du pr\u00e9sent arr\u00eat\u00e9 sera notifi\u00e9e :\n- aux int\u00e9ress\u00e9es ;\n- au procureur de la R\u00e9publique pr\u00e8s du tribunal judiciaire de Lorient ;\n- au procureur de la R\u00e9publique pr\u00e8s du tribunal judiciaire de Quimper ;\n- aux juges des contentieux de la protection pr\u00e8s du tribunal judiciaire de Lorient ;\n- aux juges des contentieux de la protection pr\u00e8s du tribunal judiciaire de Quimper.\nArticle 6 : Un recours contre le pr\u00e9sent arr\u00eat\u00e9 peut \u00eatre exerc\u00e9 dans un d\u00e9lai de deux mois \u00e0 compter de sa publication sous forme :\n- soit d'un recours gracieux aupr\u00e8s de l'autorit\u00e9 qui a pris la d\u00e9cision ;\n- soit d'un recours hi\u00e9rarchique aupr\u00e8s du ministre du travail, de la sant\u00e9 et des solidarit\u00e9s ;\n- soit d'un recours contentieux aupr\u00e8s du tribunal administratif de Rennes, y compris par l'application T\u00e9l\u00e9recours Citoyens  \naccessible sur le site https://www.telerecours.fr.\n5603_Direction d\u00e9partementale de l'emploi, du travail et des solidarit\u00e9s du Morbihan (DDETS) -  56-2026-03-10-00007 - Arr\u00eat\u00e9 pr\u00e9fectoral du 10\nmars 2026 portant d\u00e9signation des mandataires judiciaires \u00e0 la protection des majeurs pr\u00e9pos\u00e9s de l'\u00c9tablissement Public de Sant\u00e9 Mentale\n(EPSM) CHARCOT\n13\nArticle 7 : Le secr\u00e9taire g\u00e9n\u00e9ral de la pr\u00e9fecture du Morbihan et le directeur d\u00e9partemental de l'emploi, du travail et des solidarit\u00e9s  \ndu Morbihan sont charg\u00e9s chacun en ce qui le concerne de l'ex\u00e9cution du pr\u00e9sent arr\u00eat\u00e9, qui sera publi\u00e9 au recueil des actes  \nadministratifs de la pr\u00e9fecture du Morbihan.\nFait \u00e0 Vannes, le 10 mars 2026\nPour le pr\u00e9fet, par d\u00e9l\u00e9gation,\nLe secr\u00e9taire g\u00e9n\u00e9ral,\nSt\u00e9phane JARL\u00c9GAND\n5603_Direction d\u00e9partementale de l'emploi, du travail et des solidarit\u00e9s du Morbihan (DDETS) -  56-2026-03-10-00007 - Arr\u00eat\u00e9 pr\u00e9fectoral du 10\nmars 2026 portant d\u00e9signation des mandataires judiciaires \u00e0 la protection des majeurs pr\u00e9pos\u00e9s de l'\u00c9tablissement Public de Sant\u00e9 Mentale\n(EPSM) CHARCOT\n14","date":"2026-03-23","first_seen_on":"2026-03-23T17:29:56+00:00","id":"95353a60db5dd42fe48b1478392e4dd0bfc03e29f8c0f8dcd41cbfab915ce95d","name":"56-2026-037 - RAA Sp\u00e9cial (NOMINATIF) du 23 mars 2026","pdf_creation_date":"2026-03-23T15:34:44+00:00","pdf_modification_date":null,"timezone":"Europe/Paris","url":"https://www.morbihan.gouv.fr/contenu/telechargement/81187/631242/file/56-2026-037%20-%20RAA%20Sp%C3%A9cial%20(NOMINATIF)%20du%2023%20mars%202026.pdf"}
