{"administration":"prefidf","administration_name":"Pr\u00e9fecture de la r\u00e9gion \u00cele-de-France","content":"PREFECTURE\nREGION ILE DE\nFRANCE\nRECUEIL DES ACTES\nADMINISTRATIFS SP\u00c9CIAL\nN\u00b0IDF-016-2025-09\nPUBLI\u00c9 LE  4 SEPTEMBRE 2025\nSommaire\nAgence R\u00e9gionale de Sant\u00e9 / Agence r\u00e9gionale de sant\u00e9\nd'Ile-de-France-Direction de la Veille et S\u00e9curit\u00e9 Sanitaire\nIDF-2025-09-03-00011 - D\u00e9cision n\u00b0DVSS - QSPHARMBIO - 2025/081\nportant renouvellement de l'autorisation de la  pharmacie \u00e0 usage\nint\u00e9rieur multisites\nde AURA PARIS (4 pages) Page 4\nAgence R\u00e9gionale de Sant\u00e9 / Direction Veille et S\u00e9curit\u00e9 Sanitaires\nIDF-2025-09-03-00010 - D\u00e9cision modification pharmacie usage\nint\u00e9rieur h\u00f4pital MARIE LANNELONGUE (3 pages) Page 9\nIDF-2025-09-03-00009 - D\u00e9cision n\u00b0 DVSS-QSPHARMBIO - 2025/090\nportant renouvellement de l'autorisation de la pharmacie \u00e0 usage\nint\u00e9rieur de la Clinique FSEF Neufmoutiers en Brie (3 pages) Page 13\nPr\u00e9fecture de la r\u00e9gion d'Ile-de-France, pr\u00e9fecture de\nParis-Secr\u00e9tariat g\u00e9n\u00e9ral aux politiques publiques / Bureau de la\ncoordination et de l'investissement territorial\nIDF-2025-08-18-00006 - Arr\u00eat\u00e9 2025-396 modifiant l'arr\u00eat\u00e9 2022-146\ndu 23 mai 2022 portant attribution de subvention au titre de la dotation de\nsoutien \u00e0 l'investissement local \u00e0 la Communaut\u00e9 des communes\ndu Pays de Montereau  (2 pages) Page 17\nIDF-2025-08-29-00004 - Arr\u00eat\u00e9 N\u00b0 2025-122 modifiant l'arr\u00eat\u00e9 N\u00b0\n2021-62 du 29 mars 2021 portant attribution de subvention au titre de la\ndotation de soutien \u00e0 l'investissement local \u00e0 l'\u00c9tablissement\nPublic Territorial Est Ensemble (2 pages) Page 20\nIDF-2025-08-18-00005 - Arr\u00eat\u00e9 N\u00b0 2025-393 modifiant l'arr\u00eat\u00e9 N\u00b0\n2017-70 du 20 avril 2017 portant attribution de subvention au titre de la\ndotation de soutien \u00e0 l'investissement local \u00e0 la commune de\nFontenay-en-Parisis (2 pages) Page 23\nIDF-2025-08-29-00005 - Arr\u00eat\u00e9 N\u00b0 2025-398 modifiant l'arr\u00eat\u00e9 N\u00b0\n2022-151 du 2 juin 2022 portant attribution de subvention au titre de la\ndotation de soutien \u00e0 l'investissement local \u00e0 la communes de\nCoulommiers  (2 pages) Page 26\nRectorat de la r\u00e9gion acad\u00e9mique d'Ile-de-France, rectorat de\nl'acad\u00e9mie de Paris /\nIDF-2025-09-02-00003 - Arr\u00eat\u00e9 n\u00b0 2025-111-RRA portant agr\u00e9ment au\ntitre de la Jeunesse et de l'\u00c9ducation Populaire pour l'association LE\nMOULIN - SDJES de Paris  (2 pages) Page 29\nIDF-2025-09-02-00004 - Arr\u00eat\u00e9 n\u00b0 2025-112-RRA portant\nreconnaissance du tronc commun d'agr\u00e9ment d'une association LE\nMOULIN - SDJES de Paris (2 pages) Page 32\n2\nIDF-2025-09-02-00005 - Arr\u00eat\u00e9 n\u00b0 2025-113-RRA portant agr\u00e9ment au\ntitre de la Jeunesse et de l'\u00c9ducation Populaire pour l'association AXES\nPLURIELS - SDJES de Paris  (2 pages) Page 35\nIDF-2025-09-02-00006 - Arr\u00eat\u00e9 n\u00b0 2025-114-RRA portant\nreconnaissance du tronc commun d'agr\u00e9ment d'une association\nAXES PLURIELS - SDJES de Paris (2 pages) Page 38\n3\nAgence R\u00e9gionale de Sant\u00e9\nIDF-2025-09-03-00011\nD\u00e9cision n\u00b0DVSS - QSPHARMBIO - 2025/081\nportant renouvellement de l'autorisation de la \npharmacie \u00e0 usage int\u00e9rieur multisites\nde AURA PARIS\nAgence R\u00e9gionale de Sant\u00e9 - IDF-2025-09-03-00011 - D\u00e9cision n\u00b0DVSS - QSPHARMBIO - 2025/081 portant renouvellement de\nl'autorisation de la  pharmacie \u00e0 usage int\u00e9rieur multisites\nde AURA PARIS\n4\nREPUBLIQUEFRANCAISELibert\u00e9Egalit\u00e9Fraternit\u00e9\ne \u00bb Agence R\u00e9gionale de Sant\u00e9Ile-de-France\n \n \n1 / 4 \n \n \nAGENCE R\u00c9GIONALE DE SANTE D'\u00ceLE-DE-FRANCE \nD\u00c9CISION n\u00b0 DVSS - QSPHARMBIO - 2025 / 081 \nportant renouvellement de l'autorisation de la pharmacie \u00e0 usage int\u00e9rieur multisites \nde AURA PARIS \nLE DIRECTEUR G\u00c9N\u00c9RAL DE L'AGENCE R\u00c9GIONALE DE SANT\u00c9 D'\u00ceLE-DE-FRANCE \n \nVU le code de la  sant\u00e9  publique et notamment les articles L.5126 -1 \u00e0 L.5126 -11 ainsi que les \narticles R.5126-1 \u00e0 R.5126-62 ;  \n \nVU l'ordonnance n\u00b0 2016-1729 en date du 15 d\u00e9cembre 2016 relative aux pharmacies \u00e0 usage \nint\u00e9rieur prise en application de l'article 204 de la loi n\u00b0 2016-41 en date du 26 janvier 2016 de \nmodernisation de notre syst\u00e8me de sant\u00e9 en sa version modifi\u00e9e par l'ordonnance \nn\u00b0  2020- 1407 en date du 18 novembre 2020 relative aux missions des agences r\u00e9gionales \nde sant\u00e9 ; \n \nVU le d\u00e9cret n\u00b0 2019-489 en date du 21 mai 2019 modifi\u00e9 relatif aux pharmacies \u00e0 usage int\u00e9rieur \npris en application de l'ordonnance n\u00b02016-1729, notamment son article 4 ; \n \nVU  l'arr\u00eat\u00e9 en date du 22 juin 2001 relatif aux bonnes pratiques de pharmacie hospitali\u00e8re ; \n \nVU  la d\u00e9cision en date du 21 juillet 2023, prise en application des articles L.5121-1 et L.5121-5 du \ncode de la sant\u00e9 publique, relative aux bonnes pratiques de pr\u00e9paration ; \n \nVU  le d\u00e9cret en date du 10 avril 2024 portant nomination de  Monsieur Denis ROBIN, Direct eur \ng\u00e9n\u00e9ral de l'Agence r\u00e9gionale de sant\u00e9 d'\u00cele-de-France \u00e0 compter du 29 avril 2024 ;  \n \nVU l'arr\u00eat\u00e9 n\u00b0 DS 107/2024 en date du 27 juin 2024 portant d\u00e9l\u00e9gation de signature de \nMonsieur  Denis ROBIN, Directeur g\u00e9n\u00e9ral de l'Agence r\u00e9gionale de sant\u00e9 Ile -de-France \u00e0 \nMadame Sophie  MARTINON, Directrice  g\u00e9n\u00e9rale adjointe de  l'Agence r\u00e9gionale de sant\u00e9  \nd'Ile-de-France ; \n \nVU  l'arr\u00eat\u00e9 pr\u00e9fectoral en date du 17 ao\u00fbt 1978 ayant autoris\u00e9 la cr\u00e9ation d'une pharmacie \u00e0 usage \nint\u00e9rieur sous le n\u00b0 H. 75-14 au sein du Centre de Dialyse AURA PARIS PLAISANCE, sis 185, \nA rue Raymond Losserand \u00e0 Paris (75014) ;  \n \nVU  la demande d\u00e9pos\u00e9e le 7 f\u00e9vrier 2025  et compl\u00e9t\u00e9e le 10 mars 2025  par le directeur de \nl'\u00e9tablissement, en vue du renouvellement, au titre de  l'article 4 du d\u00e9cret n\u00b0   2019-489 en \ndate du 21 mai 2019  modifi\u00e9 relatif aux pharmacies \u00e0 usage int\u00e9rieur, de l'autorisation de la \npharmacie \u00e0 usage int\u00e9rieur concernant  les missions g\u00e9n\u00e9rales ainsi que les actions de \npharmacie clinique, telles que d\u00e9finies \u00e0 l'article L.5126 -1 du code de la sant\u00e9 publique, afin \nde r\u00e9pondre aux besoins pharmaceutiques des personnes prises en charge  et les missions \nd\u00e9finies \u00e0 l'article L.5126 -6 du code de la sant\u00e9 publique, notamment, la vente de \nm\u00e9dicaments, au public, au d\u00e9tail et dans le respect des conditions pr\u00e9vues aux \narticles L.5123-2 \u00e0 L.5123-4 ; \n \nVU  la demande d\u00e9pos\u00e9e le 7 f\u00e9vrier 2025  et compl\u00e9t\u00e9e le 10 mars 2025  par le directeur de \nl'\u00e9tablissement, en vue du renouvellement, au titre de l'article 4  du d\u00e9cret n\u00b0   2019-489 en \ndate du 21 mai 2019 modifi\u00e9 relatif aux pharmacies \u00e0 usage int\u00e9rieur, de l'autorisation de la \npharmacie \u00e0 usage int\u00e9rieur l'activit\u00e9 suivante assur\u00e9e par la pharmacie \u00e0 usage int\u00e9rieur pour \nson propre compte :  \nAgence R\u00e9gionale de Sant\u00e9 - IDF-2025-09-03-00011 - D\u00e9cision n\u00b0DVSS - QSPHARMBIO - 2025/081 portant renouvellement de\nl'autorisation de la  pharmacie \u00e0 usage int\u00e9rieur multisites\nde AURA PARIS\n5\n \n2 / 4 \n \n \n- la pr\u00e9paration manuelle de doses \u00e0 administrer de m\u00e9dicaments mentionn\u00e9s \u00e0 \nl'article L. 4211-1 du code de la sant\u00e9 publique ; \n \nVU  le rapport d'instruction en date du 25 juin 2025  et la conclusion d\u00e9finitive en date du 6 ao\u00fbt \n2025 \u00e9tablis par le pharmacien inspecteur de sant\u00e9 publique ; \n \nVU  l'avis favorable du Conseil central de la section H de l'Ordre des pharmaciens, en date du \n22 juin 2025 ;  \n  \nCONSID\u00c9RANT  \n \n \nles r\u00e9ponses apport\u00e9es et les engagements pris par l'\u00e9tablissement \u00e0 la suite du \nrapport d'instruction du pharmacien inspecteur de sant\u00e9 publique notamment :  \n \n- transmettre \u00e0 l'Agence r\u00e9gionale de sant\u00e9 d'Ile -de-France le r\u00e8glement \nint\u00e9rieur de la commission de l'eau ; \n- formaliser sous forme de proc\u00e9dure \u00e9crite, les modalit\u00e9s actuelles de rappel \nde lots de m\u00e9dicaments en l'attente de la mise en place du syst\u00e8me \ninformatique logistique ; \n \nCONSIDERANT  \n \nqu'il est attendu la mise en \u0153uvre par l'\u00e9tablissement des mesures suivantes : \n \n- informer l'Agence r\u00e9gionale de sant\u00e9 d'Ile-de-France de l'\u00e9tat d'avancement \nde son plan d'action relatif au d\u00e9commissionnement des m\u00e9dicaments \ns\u00e9rialis\u00e9s, puis lors de l'int\u00e9gration du processus au nouveau syst\u00e8me \ninformatique logistique ; \n- transmettre \u00e0 l'Agence r\u00e9gionale de sant\u00e9 d'Ile-de-France la nouvelle \nproc\u00e9dure relative \u00e0 la gestion de l'eau destin\u00e9e \u00e0 l'h\u00e9modialyse ; \n \nCONSID\u00c9RANT que le Centre de dialyse multisite AURA PARIS dispose de locaux, de moyens en \npersonnel, de moyens en \u00e9quipement et d'un syst\u00e8me d'information, conform\u00e9ment \naux articles R.5126 -8 et R.5126 -14 du code de la sant\u00e9 publique , lui permettant \nd'assurer l'ensemble des missions et de l'activit\u00e9 sollicit\u00e9e ; \n \nDECIDE  \n \nARTICLE 1 La pharmacie \u00e0 usage int\u00e9rieur du Centre de dialyse multisite AURA PARIS sis au \n185 A, rue Raymond Losserand \u00e0 Paris (75017)  \u2013 (n\u00b0 FINESS EJ  : 940026677 - \nn\u00b0 FINESS ET : 750055287) est autoris\u00e9e \u00e0 exercer les missions et l'activit\u00e9 cit\u00e9es aux \narticles suivants. \n \nARTICLE 2  La pharmacie \u00e0 usage int\u00e9rieur dessert les \u00e9tablissements  suivants relevant de la \nm\u00eame entit\u00e9 juridique : n\u00b0 FINESS EJ : 940026677 : \n \n- AURA PARIS SAINT OUEN , 12, rue Anselme \u00e0 Saint -Ouen (93400 ) \nN\u00b0 FINESS ET : 930815618 ; \n- AURA BICHAT, 46 rue Henri Huchard \u00e0 Paris (75018) N\u00b0 FINESS ET  : \n750009318 ;  \n- AURA PELLEPORT,93 rue Pelleport \u00e0 Paris (75020) N\u00b0 FINESS ET  : \n750000184 ; \n- AURA MEAUX, 45 rue de la Cr\u00e8che \u00e0 Meaux (77100) N\u00b0 FINESS ET  : \n770803708 ; \n- AURA SANTEPOLE, zone d'am\u00e9nagement concert\u00e9 de beauregard \u00e0 Melun \n(77000) N\u00b0 FINESS ET : 770016160 ; \nAgence R\u00e9gionale de Sant\u00e9 - IDF-2025-09-03-00011 - D\u00e9cision n\u00b0DVSS - QSPHARMBIO - 2025/081 portant renouvellement de\nl'autorisation de la  pharmacie \u00e0 usage int\u00e9rieur multisites\nde AURA PARIS\n6\n \n3 / 4 \n \n- AURA CORBEIL, 8 rue du bas Coudray \u00e0 Corbeil Essonne (91100) N\u00b0 FINESS \nET : 910814144 ; \n- AURA CHATILLON, 25 avenue de la Paix \u00e0 Chatillon (92320) N\u00b0 FINESS ET : \n920025210 ; \n- AURA MONTROUGE, 4 rue Louis Lejeune \u00e0 Montrouge (92120) N\u00b0 FINESS \nET : 920033479 ;  \n- AURA MONTREUIL, 4 rue Rochebrune \u00e0 Montreuil (93100) N\u00b0 FINESS ET  : \n930813910 ; \n- AURA PONTOISE, 6 avenue de l'\u00cele de France \u00e0 Pontoise (95300) N\u00b0 FINESS \nET : 950808949. \n \nARTICLE 3   La pharmacie \u00e0 usage int\u00e9rieur assurera pour son propre compte, dans la limite du \nrespect des conditions r\u00e8glementaires fix\u00e9es pour leur exercice au regard du statut de \nl'\u00e9tablissement au sein duquel elle est \u00e9tablie les missions g\u00e9n\u00e9rales ainsi que les \nactions de pharmacie clinique, telles que d\u00e9finies \u00e0 l'article L.5126 -1 du code de la \nsant\u00e9 publique, afin de r\u00e9pondre aux besoins pharmaceutiques des personnes prises \nen charge et les missions d\u00e9finies \u00e0 l'article L.5126 -6 du code de la sant\u00e9 publique, \nnotamment, la vente de m\u00e9dicaments, au public, au d\u00e9tail et dans le respect des \nconditions pr\u00e9vues aux articles L.5123-2 \u00e0 L.5123-4. \n \nARTICLE 4  La pharmacie \u00e0 usage int\u00e9rieur assurera, pour son propre compte l'activit\u00e9 mentionn\u00e9e \naux articles L.5126-4 et R.5126-9 du code de la sant\u00e9 publique :  \n- la pr\u00e9paration de doses \u00e0 administrer de m\u00e9dicaments mentionn\u00e9s \u00e0 l'article \nL.4211-1 du m\u00eame code  : \n\u2981 proc\u00e9d\u00e9 de PDA : manuel ; \n\u2981 type de doses pr\u00e9par\u00e9es : pilulier individuel nominatif, doses unitaires, \u2026 \n\u2981 op\u00e9rations r\u00e9alis\u00e9es : sur\u00e9tiquetage des blisters de m\u00e9dicaments non \npr\u00e9sent\u00e9s en conditionnement unitaire. \nARTICLE 5  La pharmacie \u00e0 usage int\u00e9rieur est install\u00e9e dans des locaux d'une superficie totale de \n2026,60 m\u00b2, comprenant :  \n \nsur le site Paris Plaisance : 171,6 m\u00b2 : \n \n- zone de cueillette et pr\u00e9paration des dotations de m\u00e9dicaments : 22,3 m\u00b2 ; \n- zone de pr\u00e9paration des Chariots de dialyse : 20,9 m\u00b2 ; \n- comptoir r\u00e9trocession : 6,05 m\u00b2 ; \n- magasin m\u00e9dical, zone de r\u00e9assort : 93,5 m\u00b2 ; \n- bureau responsable magasin : 12,7 m\u00b2 ; \n- bureau pharmacien : 16,15 m\u00b2 ; \n \nsur le site Saint-Ouen : 158 m\u00b2 : \n \n- magasin 1 sous-sol zone de r\u00e9ception d\u00e9cartonnage : 38,75 m\u00b2 ; \n- magasin 2 : 70,15 m\u00b2 ; \n- zone de pr\u00e9paration des s\u00e9ances de dialyse : 17,1 m\u00b2 ; \n- niveau 1 r\u00e9serve de consommables : 15 m\u00b2 ; \n- niveau 1 zone de pr\u00e9paration des s\u00e9ances de dialyse UDM : 17 m\u00b2 ; \n \nsur le site de plateforme logistique : 1 697 m\u00b2 : \n \n- magasin principal stockage : 797 m\u00b2 ; \n- magasin principal bureau : 97 m\u00b2 ; \n- magasin annexe B b\u00e2timent 1 : 538 m\u00b2 ; \n- magasin annexe B b\u00e2timent 2 : 265 m\u00b2. \n \nAgence R\u00e9gionale de Sant\u00e9 - IDF-2025-09-03-00011 - D\u00e9cision n\u00b0DVSS - QSPHARMBIO - 2025/081 portant renouvellement de\nl'autorisation de la  pharmacie \u00e0 usage int\u00e9rieur multisites\nde AURA PARIS\n7\n \n4 / 4 \n \nARTICLE 6  \n \nLe temps de pr\u00e9sence du pharmacien charg\u00e9 de la g\u00e9rance de dix demi-journ\u00e9es par \nsemaine est en conformit\u00e9 avec les dispositions de l'article R.5126 -39 du code de la \nsant\u00e9 publique. \n \n \nARTICLE 7 Un recours contentieux contre la pr\u00e9sente d\u00e9cision peut \u00eatre form\u00e9 aupr\u00e8s du Tribunal \nadministratif comp\u00e9tent. Le d\u00e9lai de recours est de deux mois \u00e0 compter de la \nnotification de la d\u00e9cision pour les int\u00e9ress\u00e9s ou de sa publication pour les tiers. Cette \njuridiction peut notamment \u00eatre saisie via une requ\u00eate remise ou envoy\u00e9e au greffe du \nTribunal administratif ou aussi par l'application \u00ab  T\u00e9l\u00e9recours \u00bb accessible \u00e0 partir du \nsite www.telerecours.fr.  \nARTICLE 8 Les Directeurs de l'Agence r\u00e9gionale de sant\u00e9 \u00cele-de-France sont charg\u00e9s, chacun en \nce qui les concerne, de l'ex\u00e9cution de la pr\u00e9sente d\u00e9cision, qui sera publi\u00e9e au recueil \ndes actes administratifs de la Pr\u00e9fecture de r\u00e9gion \u00cele-de-France. \n \nFait \u00e0 Saint-Denis, le 3 septembre 2025 \n \nLe Directeur g\u00e9n\u00e9ral \nde l'Agence r\u00e9gionale de sant\u00e9  \n\u00cele-de-France \n \nSIGNE \nAgence R\u00e9gionale de Sant\u00e9 - IDF-2025-09-03-00011 - D\u00e9cision n\u00b0DVSS - QSPHARMBIO - 2025/081 portant renouvellement de\nl'autorisation de la  pharmacie \u00e0 usage int\u00e9rieur multisites\nde AURA PARIS\n8\nAgence R\u00e9gionale de Sant\u00e9\nIDF-2025-09-03-00010\nD\u00e9cision modification pharmacie usage int\u00e9rieur\nh\u00f4pital MARIE LANNELONGUE\nAgence R\u00e9gionale de Sant\u00e9 - IDF-2025-09-03-00010 - D\u00e9cision modification pharmacie usage int\u00e9rieur h\u00f4pital MARIE LANNELONGUE 9\nEzREPUBLIQUEFRAN\u00c7AISELibert\u00e9Egalit\u00e9Fraternit\u00e94@ D Agence R\u00e9gionale de Sant\u00e9lle-de-France\n \n \n \nAGENCE REGIONALE DE SANTE ILE-DE-FRANCE \nDECISION N\u00b0 DVSS - QSPHARMBIO \u2013 2025/091 \n LE DIRECTEUR GENERAL DE L'AGENCE REGIONALE DE SANTE ILE-DE-FRAN E \n \nVU le code de la sant\u00e9 publique  et notamment les articles L.5126 -1 \u00e0 L.5126 -11 ainsi que \nR.5126-1 \u00e0 R.5126-41 et R.5126-49 \u00e0 R. 5126-52 ; \nVU l'arr\u00eat\u00e9 du 22 juin 2001 relatif aux bonnes pratiques de pharmacie hospitali\u00e8re  ; \nVU la d\u00e9cision du 21 juillet 2023, prise en application des articles L.5121 -1 et L.5121-5 du code \nde la sant\u00e9 publique, relative aux bonnes pratiques de pr\u00e9paration ; \nVU le d\u00e9cret du 10 avril 2024 portant nomination de Monsieur Denis ROBIN, Directeur g\u00e9n\u00e9ral \nde l'Agence r\u00e9gionale de sant\u00e9 d'\u00cele-de-France \u00e0 compter du 29 avril 2024 ; \nVU l'arr\u00eat\u00e9 n\u00b0 DS 107/2024 en date du 27 juin 2024 portant d\u00e9l\u00e9gation de signature de \nMonsieur Denis ROBIN, Directeur g\u00e9n\u00e9ral de l'Agence r\u00e9gionale de sant\u00e9 Ile -de-France \u00e0 \nMadame Sophie MARTINON, Directrice g\u00e9n\u00e9rale   adjointe de l'Agence  r\u00e9gionale de sant\u00e9 \nIle-de-France ; \nVU la d\u00e9cision N\u00b0 DVSS \u2013 QSPHARMBIO \u2013 2025/029 en date du 18 avril 2024 ayant autoris\u00e9 le \nrenouvellement de la pharmacie \u00e0 usage int\u00e9rieur au sein de l'H\u00f4pital Marie Lannelongue sis \n133, avenue de la R\u00e9sistance \u00e0 Le Plessis-Robinson  (92350) ; \nVU la demande d\u00e9pos\u00e9e le  20 f\u00e9vrier 2025 par le directeur de l'\u00e9tablissement , en vue de \nmodifier les \u00e9l\u00e9ments figurant dans l'autorisation initiale de la pharmacie \u00e0 usage int\u00e9rieur au \nsein de l'H\u00f4pital Marie Lannelongue sis 133, avenue de la R\u00e9sistance \u00e0 Le Plessis -Robinson  \n(92350) consistant \u00e0 supprimer l'activit\u00e9 de pr\u00e9parations des dispositifs m\u00e9dicaux st\u00e9riles \npar le proc\u00e9d\u00e9 \u00e0 la vapeur d'eau afin de confier la r\u00e9alisation de cette activit\u00e9 \u00e0 la  pharmacie \n\u00e0 usage int\u00e9rieur du Groupe Hospitalier Paris Saint Joseph ; \nVU  \n \nla convention  en date du 20 f\u00e9vrier 2025,  fixant les engagements des deux parties, par \nlaquelle la pharmacie \u00e0 usage int\u00e9rieur de l'H\u00f4pital Marie Lannelongue confie la r\u00e9alisation \nde l'activit\u00e9 de pr\u00e9paration des dispositifs m\u00e9dicaux st\u00e9riles selon le proc\u00e9d\u00e9 de vapeur \nd'eau et le proc\u00e9d\u00e9 \u00e0 basse temp\u00e9rature  \u00e0 la pharmacie \u00e0 usage int\u00e9rieur de du Groupe \nHospitalier Paris Saint Joseph ; \nVU le rapport unique d'enqu\u00eate, en date du 16 juin 2025, \u00e9tabli par le pharmacien inspecteur de \nsant\u00e9 publique ; \nVU l'autorisation en date du 8 juillet 2025 ayant autoris\u00e9 la pharmacie \u00e0 usage int\u00e9rieur du \nGroupe Hospitalier Paris Saint Joseph sis 185, rue Raymond Losserand \u00e0 Paris (75014) \u00e0 \nassurer l'activit\u00e9 de pr\u00e9paration des dispositifs m\u00e9dicaux st\u00e9riles selon le proc\u00e9d\u00e9 de vapeur \nd'eau et le proc\u00e9d\u00e9 \u00e0 basse temp\u00e9rature pour le compte de l'H\u00f4pital Marie Lannelongue ;  \nVU l'avis r\u00e9put\u00e9 rendu du Conseil central de la section H de l'Ordre des pharmaciens  ; \n \nAgence R\u00e9gionale de Sant\u00e9 - IDF-2025-09-03-00010 - D\u00e9cision modification pharmacie usage int\u00e9rieur h\u00f4pital MARIE LANNELONGUE 10\n \n Page 2 sur 3  \nCONSIDERANT que les modifications des \u00e9l\u00e9ments de l'autorisation initiale de la pharmacie \u00e0 \nusage int\u00e9rieur sollicit\u00e9es consistent \u00e0 faire r\u00e9aliser l'activit\u00e9 de pr\u00e9paration des \ndispositifs m\u00e9dicaux st\u00e9riles selon le proc\u00e9d\u00e9 de vapeur d'eau  et le proc\u00e9d\u00e9 \u00e0 \nbasse temp\u00e9rature  par la pharmacie \u00e0 usage int\u00e9rieur du Groupe \nHospitalier Paris Saint Joseph sis 185, rue Raymond Losserand \u00e0 Paris \n(75014) ;  \n \nDECIDE \n \n \n \nARTICLE 1 Est autoris\u00e9e la modification des \u00e9l\u00e9ments de l'autorisation initiale de la \npharmacie \u00e0 usage int\u00e9rieur du de l'H\u00f4pital Marie Lannelongue sis 133, avenue \nde la R\u00e9sistance \u00e0 Le Plessis -Robinson (92350) N\u00b0 FINESS EJ  : 750150120 -  \nN\u00b0 FINESS ET : 920000684 , consistant \u00e0 faire r\u00e9aliser l'activit\u00e9 de pr\u00e9paration \ndes dispositifs m\u00e9dicaux st\u00e9riles selon le proc\u00e9d\u00e9 de vapeur d'eau et le proc\u00e9d\u00e9 \n\u00e0 basse temp\u00e9rature  par la pharmacie \u00e0 usage int\u00e9rieur du Groupe \nHospitalier Paris Saint Joseph sis 185, rue Raymond Losserand \u00e0 Paris \n(75014), N\u00b0 FINESS EJ : 750150120 - N\u00b0 FINESS ET : 750000523. \nLa pr\u00e9sente autorisation est accord\u00e9e pour une dur\u00e9e de sept ans \u00e0 compter de \nsa notification aux int\u00e9ress\u00e9s  en application des dispositions des articles L. \n5126-4 et R. 5126-33 du code de la sant\u00e9 publique.  \nARTICLE 2  Les anciens locaux de l'activit\u00e9 de pr\u00e9paration des dispositifs m\u00e9dicaux st\u00e9riles \npar le proc\u00e9d\u00e9 \u00e0 la vapeur d'eau accueilleront l'\u00e9tape de pr\u00e9 -d\u00e9sinfection \nm\u00e9canis\u00e9e. \nARTICLE 3  La pharmacie \u00e0 usage int\u00e9rieur est install\u00e9e dans des locaux d'une super ficie \ntotale de 769 m\u00b2 : \n- Au niveau -1 du b\u00e2timent  : les locaux principaux de la pharmacie \u00e0 \nusage int\u00e9rieur : 751 m\u00b2 ; \n- Au niveau du rez -de-chauss\u00e9e du b\u00e2timent  : les locaux de l'activit\u00e9 de \npr\u00e9paration des m\u00e9dicaments radiopharmaceutiques : 18 m\u00b2.  \nARTICLE 4 Les autres \u00e9l\u00e9ments de la d\u00e9cision n\u00b0 DVSS - QSPHARMBIO \u2013 2025/029 en \ndate du 18 avril 2024 portant cr\u00e9ation de l'autorisation de la pharmacie \u00e0 usage \nint\u00e9rieur restent inchang\u00e9s. \nARTICLE 5 Un recours contentieux contre la pr\u00e9sente d\u00e9cision peut \u00eatre form\u00e9 aupr\u00e8s du \nTribunal administratif comp\u00e9tent. Le d\u00e9lai de recours est de deux mois \u00e0 \ncompter de la notification de la d\u00e9cision pour les int\u00e9ress\u00e9s ou de sa publication \npour les tiers.  Cette juridiction peut notamment \u00eatre saisie via une requ\u00eate \nremise ou envoy\u00e9e au greffe du Tribunal administratif ou aussi par l'application \n\u00ab T\u00e9l\u00e9recours \u00bb accessible \u00e0 partir du site www.telerecours.fr.  \nAgence R\u00e9gionale de Sant\u00e9 - IDF-2025-09-03-00010 - D\u00e9cision modification pharmacie usage int\u00e9rieur h\u00f4pital MARIE LANNELONGUE 11\n \n Page 3 sur 3  \nARTICLE 6 Les directeurs de l'Agence r\u00e9gionale de sant\u00e9 Ile -de-France sont charg\u00e9s, \nchacun en ce qui les concerne, de l'ex\u00e9cution de la pr\u00e9sente d\u00e9cision, qui sera \npubli\u00e9e au recueil des actes administratifs de la pr\u00e9fecture de la r\u00e9gion Ile -de-\nFrance. \n        \nFait \u00e0 Saint-Denis, le 3 septembre 2025 \n \nLe Directeur g\u00e9n\u00e9ral \nde l'Agence r\u00e9gionale de sant\u00e9  \nIle-de-France \n \n \n \n \nAgence R\u00e9gionale de Sant\u00e9 - IDF-2025-09-03-00010 - D\u00e9cision modification pharmacie usage int\u00e9rieur h\u00f4pital MARIE LANNELONGUE 12\nAgence R\u00e9gionale de Sant\u00e9\nIDF-2025-09-03-00009\nD\u00e9cision n\u00b0 DVSS-QSPHARMBIO - 2025/090\nportant renouvellement de l'autorisation de la\npharmacie \u00e0 usage int\u00e9rieur de la Clinique FSEF\nNeufmoutiers en Brie\nAgence R\u00e9gionale de Sant\u00e9 - IDF-2025-09-03-00009 - D\u00e9cision n\u00b0 DVSS-QSPHARMBIO - 2025/090 portant renouvellement de\nl'autorisation de la pharmacie \u00e0 usage int\u00e9rieur de la Clinique FSEF Neufmoutiers en Brie 13\nREPUBLIQUEFRANCAISELibert\u00e9Egalit\u00e9Fraternit\u00e9\n\u00a9 \u00bb Agence R\u00e9gionale de Sant\u00e9Ile-de-France\n \n \n1 / 3 \n \n \nAGENCE R\u00c9GIONALE DE SANTE \u00ceLE-DE-FRANCE \nD\u00c9CISION N\u00b0 DVSS - QSPHARMBIO - 2025 / 090 \nportant renouvellement de l'autorisation de la pharmacie \u00e0 usage int\u00e9rieur  \nde la Clinique FSEF Neufmoutiers en Brie \nLE DIRECTEUR G\u00c9N\u00c9RAL DE L'AGENCE R\u00c9GIONALE DE SANT\u00c9 \u00ceLE-DE-FRANCE \n \n \nVU le code de la  sant\u00e9  publique et notamment les articles L.5126 -1 \u00e0 L.5126 -11 ainsi que les \narticles R.5126-1 \u00e0 R.5126-62 ;  \n \nVU l'ordonnance n\u00b0 2016-1729 en date du 15 d\u00e9cembre 2016 relative aux pharmacies \u00e0 usage \nint\u00e9rieur prise en application de l'article 204 de la loi n\u00b0 2016-41 en date du 26 janvier 2016 de \nmodernisation de notre syst\u00e8me de sant\u00e9 en sa version modifi\u00e9e par l'ordonnance \nn\u00b0  2020- 1407 en date du 18 novembre 2020 relative aux missions des agences r\u00e9gionales \nde sant\u00e9 ; \n \nVU le d\u00e9cret n\u00b0 2019-489 en date du 21 mai 2019 modifi\u00e9 relatif aux pharmacies \u00e0 usage int\u00e9rieur \npris en application de l'ordonnance n\u00b02016-1729, notamment son article 4 ; \n \nVU  l'arr\u00eat\u00e9 en date du 22 juin 2001 relatif aux bonnes pratiques de pharmacie hospitali\u00e8re ; \n \nVU  la d\u00e9cision en date du 21 juillet 2023, prise en application des articles L.5121-1 et L.5121-5 du \ncode de la sant\u00e9 publique, relative aux bonnes pratiques de pr\u00e9paration ; \n \nVU  le d\u00e9cret en date du 10 avril 2024 portant nomination de  Monsieur Denis ROBIN, Direct eur \ng\u00e9n\u00e9ral de l'Agence r\u00e9gionale de sant\u00e9 \u00cele-de-France \u00e0 compter du 29 avril 2024 ;  \n \nVU  l'arr\u00eat\u00e9 pr\u00e9fectoral en date du 20 ao\u00fbt 1957 ayant autoris\u00e9 la cr\u00e9ation d'une pharmacie \u00e0 usage \nint\u00e9rieur sous le n\u00b0 170 au sein de la Clinique FSEF Neufmoutiers en Brie , sis  19, rue du \ndocteur Lardanchet \u00e0 Neufmoutiers-en-Brie (77610) ;  \n \nVU  la demande d\u00e9pos\u00e9e le 28 mai 2025  par le directeur de l'\u00e9tablissement, en  vue du \nrenouvellement, au titre de  l'article 4 du d\u00e9cret n\u00b0  2019-489 en date du 21 mai 2019 modifi\u00e9 \nrelatif aux pharmacies \u00e0 usage int\u00e9rieur, de l'autorisation de la pharmacie \u00e0 usage int\u00e9rieur \nconcernant les missions g\u00e9n\u00e9rales ainsi que les actions de pharmacie clinique, telles que \nd\u00e9finies \u00e0 l'article L.5126 -1 du code de la sant\u00e9 publique, afin de r\u00e9pondre aux besoins \npharmaceutiques des personnes prises en charge et les missions d\u00e9finies \u00e0 l'article L.5126 -6 \ndu code de la sant\u00e9 publique, notamment, la d\u00e9livrance au public, au d\u00e9tail, des aliments \ndi\u00e9t\u00e9tiques destin\u00e9s \u00e0 des fins m\u00e9dicales sp\u00e9ciales mentionn\u00e9es \u00e0 l'article L.5137-1 ; \n \nVU  la demande d\u00e9pos\u00e9e le 28 mai 2025  par le directeur de l'\u00e9tablissement , en vue du \nrenouvellement, au titre de l'article 4  du d\u00e9cret n\u00b0  2019-489 en date du 21 mai 2019 modifi\u00e9 \nrelatif aux pharmacies \u00e0 usage int\u00e9rieur, de l'autorisation de la pharmacie \u00e0 usage \nint\u00e9rieur l'activit\u00e9 suivante assur\u00e9e par la pharmacie \u00e0 usage int\u00e9rieur pour son propre compte : \n  \n- la pr\u00e9paration de doses \u00e0 administrer de m\u00e9dicaments mentionn\u00e9s \u00e0 l'article L. 4211- 1 \ndu code de la sant\u00e9 publique ; \n \nVU  le rapport d'instruction en date du 13 juin 2025  et la conclusion d\u00e9finitive en date du \n7 ao\u00fbt  2025 \u00e9tablis par le pharmacien instructeur ;  \nAgence R\u00e9gionale de Sant\u00e9 - IDF-2025-09-03-00009 - D\u00e9cision n\u00b0 DVSS-QSPHARMBIO - 2025/090 portant renouvellement de\nl'autorisation de la pharmacie \u00e0 usage int\u00e9rieur de la Clinique FSEF Neufmoutiers en Brie 14\n \n2 / 3 \n \n \nVU  l'avis favorable  du Conseil central de la section H de l'Ordre des pharmaciens, en date du  \n5 juillet 2025 ;  \n \nCONSID\u00c9RANT  \n \n \nles engagements pris par l'\u00e9tablissement \u00e0 la suite du rapport d' instruction du \npharmacien inspecteur de sant\u00e9 publique notamment :  \n \n- mettre en place un suivi de l'hygrom\u00e9trie dans les locaux de la pharmacie \u00e0 \nusage int\u00e9rieur ; \n- mettre en place un syst\u00e8me de report d'alarme en cas d'excursion des \ntemp\u00e9ratures des enceintes r\u00e9frig\u00e9r\u00e9es ; \n- r\u00e9diger les d\u00e9l\u00e9gations de la pharmacienne g\u00e9rante \u00e0 son adjoint ; \n- d\u00e9truire les m\u00e9dicaments stup\u00e9fiants p\u00e9rim\u00e9s ; \n- \u00e9liminer les bouteilles de CO2 vides de la cage des gaz m\u00e9dicaux ; \n- s'assurer d'un effectif pharmaceutique suffisant pour poursuivre les missions \nde pharmacie clinique ; \n \nCONSID\u00c9RANT que la Clinique FSEF Neufmoutiers -en-Brie dispose de locaux, de moyens en \npersonnel, de moyens en \u00e9quipement et d'un syst\u00e8me d'information, conform\u00e9ment \naux articles R.5126 -8 et R.5126 -14 du code de la sant\u00e9 publique , lui permettant \nd'assurer l'ensemble des missions et des activit\u00e9s sollicit\u00e9es ; \n  \nDECIDE  \n \nARTICLE 1 La pharmacie \u00e0 usage int\u00e9rieur implant\u00e9e au sein de la Clinique FSEF Neufmoutiers \nen Brie \u2013 (n\u00b0 FINESS EJ  : 750720575 - n\u00b0 FINESS ET  : 770150027), sis 19 rue du \nDocteur Larchandet \u00e0 Neufmoutiers -en-Brie (77610) est autoris\u00e9 \u00e0 exercer les \nmissions et activit\u00e9s cit\u00e9es aux articles suivants. \n \nARTICLE 2   La pharmacie \u00e0 usage int\u00e9rieur assurera pour son propre compte, dans la limite du \nrespect des conditions r\u00e8glementaires fix\u00e9es pour leur exercice au regard du statut de \nl'\u00e9tablissement au sein duquel elle est \u00e9tablie les missions g\u00e9n\u00e9rales ainsi que les \nactions de pharmacie clinique, telles que d\u00e9finies \u00e0 l'article L.5126 -1 du code de la \nsant\u00e9 publique, afin de r\u00e9pondre aux besoins pharmaceutiques des personnes prises \nen charge et les missions d\u00e9finies \u00e0 l'article L.5126 -6 du code de la sant\u00e9 publique, \nnotamment, la d\u00e9livrance au public, au d\u00e9tail, des aliments di\u00e9t\u00e9tiques destin\u00e9s \u00e0 des \nfins m\u00e9dicales sp\u00e9ciales mentionn\u00e9es \u00e0 l'article L.5137-1 du code de la sant\u00e9 publique. \n \nARTICLE 3  La pharmacie  \u00e0 usage int\u00e9rieur  assurera, pour son propre compte les activit\u00e9s \nmentionn\u00e9es aux articles L.5126-4 et R.5126-9 du code de la sant\u00e9 publique :  \n- la pr\u00e9paration de doses \u00e0 administrer de m\u00e9dicaments mentionn\u00e9s \u00e0 \nl'article  L. 4211-1 du m\u00eame code  : \n\u2981 proc\u00e9d\u00e9 de pr\u00e9paration de doses \u00e0 administrer : manuel ; \n\u2981 type de doses pr\u00e9par\u00e9es  : pilulier individuel nominatif, doses unitaires, \nseringues buvables ; \n\u2981 op\u00e9rations r\u00e9alis\u00e9es : reconditionnement, surconditionnement.  \n \nARTICLE 4  La pharmacie \u00e0 usage int\u00e9rieur est install\u00e9e dans des locaux d'une superficie totale \nde 417,67 m\u00b2, comprenant :  \n \n- zone de livraisons ext\u00e9rieurs et guichet : 7,08 m\u00b2 ; \n- zone de r\u00e9ception avec zone de quarantaine : 7,89 m\u00b2 ; \n- zone de livraisons internes et guichet services : 7,38 m\u00b2 ; \n- zone de stockage et pr\u00e9parations des m\u00e9dicaments : 71,20 m\u00b2 ; \nAgence R\u00e9gionale de Sant\u00e9 - IDF-2025-09-03-00009 - D\u00e9cision n\u00b0 DVSS-QSPHARMBIO - 2025/090 portant renouvellement de\nl'autorisation de la pharmacie \u00e0 usage int\u00e9rieur de la Clinique FSEF Neufmoutiers en Brie 15\n \n3 / 3 \n \n- zone de stockage et pr\u00e9paration des d\u00e9livrances des aliments di\u00e9t\u00e9tiques \u00e0 \ndes fins m\u00e9dicales et dispositifs m\u00e9dicaux associ\u00e9es : 13 m\u00b2 ; \n- zone de stockage et pr\u00e9paration des dispositifs m\u00e9dicaux : 31,66 m\u00b2 ; \n- zone de stockage des solut\u00e9s : 7,80 m\u00b2 ; \n- zone de stockage des produits inflammables et d\u00e9sinfectants : 9,35 m\u00b2 ; \n- zone de stockage des EPI et stockage de s\u00e9curit\u00e9 : 14,50m\u00b2 ; \n- zone de r\u00e9ception et d'attente d'exp\u00e9dition des chariots et caisses : 2,40 m\u00b2 ; \n- zone de d\u00e9chets : 1,30 m\u00b2 ; \n- zone espace de lavage : 6 m\u00b2 ; \n- zone sanitaires : 3,60 m\u00b2 ; \n- zone de stockage oxyg\u00e8ne : 13,20 m\u00b2 ; \n- zone de reconditionnement : 12,90 m\u00b2 ; \n- zone bureau pr\u00e9paratrices : 12,16 m\u00b2 ; \n- zone bureau pharmacien g\u00e9rant : 21,55 m\u00b2 ; \n- zone bureau pharmaciens adjoints : 16,42 m\u00b2 ; \n- zone archivage et stockage mat\u00e9riel de dispensation de r\u00e9serve : 25,24 m\u00b2 ; \n- zone salle de r\u00e9union : 39,84 m\u00b2 ; \n- zone salle de pause : 8,70 m\u00b2 ; \n- zone libre 20,13 m\u00b2 ; \n- zone de circulation, stockage des chariots : 64,37 m\u00b2. \n \nARTICLE 5  \n \nLe temps de pr\u00e9sence du pharmacien charg\u00e9 de la g\u00e9rance de 7,1 demi-journ\u00e9es par \nsemaine est en conformit\u00e9 avec les dispositions de l'article R.5126 -39 du code de la \nsant\u00e9 publique. \n \n \nARTICLE 6 Un recours contentieux contre la pr\u00e9sente d\u00e9cision peut \u00eatre form\u00e9 aupr\u00e8s du Tribunal \nadministratif comp\u00e9tent. Le d\u00e9lai de recours est de deux mois \u00e0 compter de la \nnotification de la d\u00e9cision pour les int\u00e9ress\u00e9s ou de sa publication pour les tiers. Cette \njuridiction peut notamment \u00eatre saisie via une requ\u00eate remise ou envoy\u00e9e au greffe du \nTribunal administratif ou aussi par l'application \u00ab  T\u00e9l\u00e9recours \u00bb accessible \u00e0 partir du \nsite www.telerecours.fr.  \nARTICLE 7  Les Directeurs de l'Agence r\u00e9gionale de sant\u00e9 \u00cele-de-France sont charg\u00e9s, chacun en \nce qui les concerne, de l'ex\u00e9cution de la pr\u00e9sente d\u00e9cision, qui sera publi\u00e9e au recueil \ndes actes administratifs de la Pr\u00e9fecture de r\u00e9gion \u00cele-de-France. \n \n \nFait \u00e0 Saint-Denis, le 3 septembre 2025 \n \nLe Directeur g\u00e9n\u00e9ral \nde l'Agence r\u00e9gionale de sant\u00e9  \n\u00cele-de-France \n \nSIGNE \n \nSophie MARTINON \nAgence R\u00e9gionale de Sant\u00e9 - IDF-2025-09-03-00009 - D\u00e9cision n\u00b0 DVSS-QSPHARMBIO - 2025/090 portant renouvellement de\nl'autorisation de la pharmacie \u00e0 usage int\u00e9rieur de la Clinique FSEF Neufmoutiers en Brie 16\nPr\u00e9fecture de la r\u00e9gion d'Ile-de-France,\npr\u00e9fecture de Paris-Secr\u00e9tariat g\u00e9n\u00e9ral aux\npolitiques publiques\nIDF-2025-08-18-00006\nArr\u00eat\u00e9 2025-396 modifiant l'arr\u00eat\u00e9 2022-146 du\n23 mai 2022 portant attribution de subvention\nau titre de la dotation de soutien \u00e0\nl'investissement local \u00e0 la Communaut\u00e9 des\ncommunes du Pays de Montereau \nPr\u00e9fecture de la r\u00e9gion d'Ile-de-France, pr\u00e9fecture de Paris-Secr\u00e9tariat g\u00e9n\u00e9ral aux politiques publiques - IDF-2025-08-18-00006 -\nArr\u00eat\u00e9 2025-396 modifiant l'arr\u00eat\u00e9 2022-146 du 23 mai 2022 portant attribution de subvention au titre de la dotation de soutien \u00e0\nl'investissement local \u00e0 la Communaut\u00e9 des communes du Pays de Montereau \n17\nEPR\u00c9FETDE LA R\u00c9GIOND'\u00ceLE-DE-FRANCELibert\u00e9Egalit\u00e9Fraternit\u00e9\n  \nPr\u00e9fecture de la r\u00e9gion d'Ile-de-France, pr\u00e9fecture de Paris \nSecr\u00e9tariat g\u00e9n\u00e9ral aux politiques publiques \nBureau de la coordination et de l'investissement territorial \n \nSection de l'investissement territorial \n5 rue Leblanc 75911 Paris cedex 15 \nT\u00e9l : 01.82.52.40.00 \nwww.ile-de-france.gouv.fr \n \n \nARR\u00caT\u00c9  N\u00b0 2025-396 \nmodifiant l'arr\u00eat\u00e9 n\u00b0 2022-146 du 23 mai 2022 portant attribution de subvention \nau titre de la dotation de soutien \u00e0 l'investissement local  \n \nLE PR\u00c9FET DE LA R\u00c9GION D'\u00ceLE-DE-FRANCE \nPR\u00c9FET DE PARIS \nCOMMANDEUR DE LA L\u00c9GION D'HONNEUR \nOFFICIER DE L'ORDRE NATIONAL DU M\u00c9RITE \n \n \n \nVU le code g\u00e9n\u00e9ral des collectivit\u00e9s territoriales et notamment ses articles L.2334-42 et R.2334-39 ; \n \nVU le d\u00e9cret n\u00b0 2004 -374 du 29 avril 2004 relatif aux pouvoirs des pr\u00e9fets, \u00e0 l'organisation et \u00e0 l'action des \nservices de l'Etat dans les r\u00e9gions et d\u00e9partements ; \n \nVU le d\u00e9cret n\u00b0 2018-428 du 1er juin 2018 relatif aux dotations de l'Etat aux collectivit\u00e9s territoriales  ; \n \nVU le d\u00e9cret n\u00b0 2020-412 du 8 avril 2020 relatif au droit de d\u00e9rogation reconnu au pr\u00e9fet ; \n \nVU le d\u00e9cret n\u00b0 2020 -1129 du 14 septembre 2020 pris pour l'application de l'article L.1111 -11 du code g\u00e9n\u00e9ral \ndes collectivit\u00e9s territoriales ; \nVU l'arr\u00eat\u00e9 n\u00b0 2022 -146 du 23 mai 2022 portant attribution \u00e0 la communaut\u00e9 de communes du Pays de \nMontereau d'une subvention d'un montant maximum pr\u00e9visionnel de 788 214 \u20ac au titre de la dotation de soutien \n\u00e0 l'investissement local pour les travaux de restructuration compl\u00e8te de l'axe principal du Parc d'Entreprises du \nConfluent, de mise en s\u00e9curit\u00e9 et de cr\u00e9ation d'e spaces d\u00e9di\u00e9s aux mobilit\u00e9s douces et aux transports en \ncommun : reprise de la chauss\u00e9e, des bordures et des caniveaux, cr\u00e9ation d'un giratoire, r\u00e9am\u00e9nagement des \ntrottoirs avec la cr\u00e9ation de cheminements d\u00e9di\u00e9s aux cycles et d'un cheminement continu pour  les pi\u00e9tons en \nmobilit\u00e9 r\u00e9duite, cr\u00e9ation de quatre arr\u00eats de bus et r\u00e9novation compl\u00e8te de l'\u00e9clairage public  ; \n \nVU l'arr\u00eat\u00e9 n\u00b0 2023-524 du 23 octobre 2023 modifiant l'arr\u00eat\u00e9 n\u00b0 2022 -146 du 23 mai 2022 et prorogeant le d\u00e9lai \nde commencement d'ex\u00e9cution de l'op\u00e9ration susvis\u00e9e au 30 mai 2025 ; \n \nVU le courrier du 14 novembre 2024 du pr\u00e9sident de la communaut\u00e9 de communes du Pays de Montereau \nsollicitant une prorogation exceptionnelle du d\u00e9lai maximum de d\u00e9marrage des travaux de l'op\u00e9ration \nmentionn\u00e9e dans l'arr\u00eat\u00e9 susvis\u00e9, qui a \u00e9t\u00e9 notifi\u00e9 le 30 mai 2022 ; \n \nCONSIDERANT qu'il est n\u00e9cessaire de d\u00e9roger \u00e0 l'article R.2334 -28 du code g\u00e9n\u00e9ral des collectivit\u00e9s \nterritoriales afin de proroger le d\u00e9lai de d\u00e9marrage de l'op\u00e9ration susvis\u00e9e  ; \n \nCONSIDERANT que cette d \u00e9rogation est justifi\u00e9e par la demande de l'Agence de l'eau de r\u00e9aliser des \u00e9tudes \nde sol dans les zones sensibles pr\u00e8s des rivi\u00e8res de l'Yonne et de la Seine, qui a retard\u00e9 de plusieurs mois le \ncalendrier initial des travaux ; \n \nCONSIDERANT que cette d\u00e9rogation a pour effet de favoriser l'acc\u00e8s aux aides publiques ; \n \nCONSIDERANT que cette d\u00e9rogation ne porte pas atteinte aux int\u00e9r\u00eats de la d\u00e9fense ou \u00e0 la s\u00e9curit\u00e9 des \nPr\u00e9fecture de la r\u00e9gion d'Ile-de-France, pr\u00e9fecture de Paris-Secr\u00e9tariat g\u00e9n\u00e9ral aux politiques publiques - IDF-2025-08-18-00006 -\nArr\u00eat\u00e9 2025-396 modifiant l'arr\u00eat\u00e9 2022-146 du 23 mai 2022 portant attribution de subvention au titre de la dotation de soutien \u00e0\nl'investissement local \u00e0 la Communaut\u00e9 des communes du Pays de Montereau \n18\nEPR\u00c9FETDE LA R\u00c9GIOND'\u00ceLE-DE-FRANCELibert\u00e9Egalit\u00e9Fraternit\u00e9\n  \nPr\u00e9fecture de la r\u00e9gion d'Ile-de-France, pr\u00e9fecture de Paris \nSecr\u00e9tariat g\u00e9n\u00e9ral aux politiques publiques \nBureau de la coordination et de l'investissement territorial \n \nSection de l'investissement territorial \n5 rue Leblanc 75911 Paris cedex 15 \nT\u00e9l : 01.82.52.40.00 \nwww.ile-de-france.gouv.fr \npersonnes et des biens, ni une atteinte disproportionn\u00e9e aux objectifs poursuivis par les dispositions auxquelles \nil est d\u00e9rog\u00e9 et qu'elle est compatible avec les engagements europ\u00e9ens et internationaux de la France  ; \n \n \nARR\u00caTE \n \nARTICLE 1er \n \nEn application du d\u00e9cret n\u00b0 2020 -412 du 8 avril 2020, par d\u00e9rogation aux dispositions de l'article R.2334-28 du \ncode g\u00e9n\u00e9ral des collectivit\u00e9s territoriales, le d\u00e9lai pour d\u00e9clarer le commencement d'ex\u00e9cution de l'op\u00e9ration \u00e0 \ncompter de la date de notification de l'arr\u00eat\u00e9 attributif de subvention, pr\u00e9vu au 3\u00e8me alin\u00e9a de l'article 3 de \nl'arr\u00eat\u00e9 pr\u00e9fecto ral n\u00b0 2022 -146 du 23 mai 2022, est prorog\u00e9 jusqu'au 30 mai 2026.  Le commencement des \ntravaux devra intervenir avant le 30 mai 2026. \n \n \nARTICLE 2 \n \nLes autres dispositions de l'arr\u00eat\u00e9 pr\u00e9fectoral susvis\u00e9 demeurent inchang\u00e9es.  \n \n \nARTICLE 3 \n  \nLa pr\u00e9f\u00e8te, secr\u00e9taire g\u00e9n\u00e9rale aux politiques publiques de la pr\u00e9fecture de la r\u00e9gion d'\u00cele -de-France, pr\u00e9fecture \nde Paris, le pr\u00e9fet du d\u00e9partement de Seine -et-Marne et le directeur r\u00e9gional des finances publiques d'\u00cele -de-\nFrance et de Paris sont charg\u00e9s, chacun en ce qui le concerne, de l'ex\u00e9cution du pr\u00e9sent arr\u00eat\u00e9. \n \n \n \nFait \u00e0 Paris, le 18 ao\u00fbt 2025 \n \n \n  \nLe Pr\u00e9fet de la r\u00e9gion d'\u00cele-de-France, \nPr\u00e9fet de Paris \n \n \nSign\u00e9 \n \n \nMarc GUILLAUME \n \n \nPr\u00e9fecture de la r\u00e9gion d'Ile-de-France, pr\u00e9fecture de Paris-Secr\u00e9tariat g\u00e9n\u00e9ral aux politiques publiques - IDF-2025-08-18-00006 -\nArr\u00eat\u00e9 2025-396 modifiant l'arr\u00eat\u00e9 2022-146 du 23 mai 2022 portant attribution de subvention au titre de la dotation de soutien \u00e0\nl'investissement local \u00e0 la Communaut\u00e9 des communes du Pays de Montereau \n19\nPr\u00e9fecture de la r\u00e9gion d'Ile-de-France,\npr\u00e9fecture de Paris-Secr\u00e9tariat g\u00e9n\u00e9ral aux\npolitiques publiques\nIDF-2025-08-29-00004\nArr\u00eat\u00e9 N\u00b0 2025-122 modifiant l'arr\u00eat\u00e9 N\u00b0 2021-62\ndu 29 mars 2021 portant attribution de\nsubvention au titre de la dotation de soutien \u00e0\nl'investissement local \u00e0 l'\u00c9tablissement Public\nTerritorial Est Ensemble\nPr\u00e9fecture de la r\u00e9gion d'Ile-de-France, pr\u00e9fecture de Paris-Secr\u00e9tariat g\u00e9n\u00e9ral aux politiques publiques - IDF-2025-08-29-00004 -\nArr\u00eat\u00e9 N\u00b0 2025-122 modifiant l'arr\u00eat\u00e9 N\u00b0 2021-62 du 29 mars 2021 portant attribution de subvention au titre de la dotation de soutien\n\u00e0 l'investissement local \u00e0 l'\u00c9tablissement Public Territorial Est Ensemble\n20\nE 3PREFET |DE LA REGIOND'\u00ceLE-DE-FRANCELibert\u00e9Egalit\u00e9Fraternit\u00e9\n                \n \n \n \n \n \n \n \n \n \nPr\u00e9fecture de la r\u00e9gion d'Ile-de-France, pr\u00e9fecture de Paris \nSecr\u00e9tariat g\u00e9n\u00e9ral aux politiques publiques \nBureau de la coordination et de l'investissement territorial \n               \n \n \n \n 1 \n \nARR\u00caT\u00c9  N\u00b0 2025-122 \nModifiant l'arr\u00eat\u00e9 n\u00b0 2021-62 du 29 mars 2021 portant attribution de subvention au titre de  \nla dotation de soutien \u00e0 l'investissement local  \n \nLE PR\u00c9FET DE LA R\u00c9GION D'\u00ceLE-DE-FRANCE \nPR\u00c9FET DE PARIS \nCOMMANDEUR DE LA L\u00c9GION D'HONNEUR \nOFFICIER DE L'ORDRE NATIONAL DU M\u00c9RITE \n \n \n \nVU le code g\u00e9n\u00e9ral des collectivit\u00e9s territoriales et notamment ses articles L. 2334-42, L.1111-10 et R.2334-39 ; \nVU le d\u00e9cret n\u00b0  2004-374 du 29 avril 2004 relatif aux pouvoirs des pr\u00e9fets, \u00e0 l'organisation et \u00e0 l'action des \nservices de l'Etat dans les r\u00e9gions et d\u00e9partements ; \n \nVU le d\u00e9cret n\u00b0 2018-428 du 1er juin 2018 relatif aux dotations de l'Etat aux collectivit\u00e9s territoriales ;  \n \nVU le d\u00e9cret n\u00b0 2020-412 du 8 avril 2020 relatif au droit de d\u00e9rogation reconnu au pr\u00e9fet ; \n \nVU le d\u00e9cret n\u00b0 2020 -1129 du 14 septembre 2020 pris pour l'application de l'article L.1111 -11 du code g\u00e9n\u00e9ral \ndes collectivit\u00e9s territoriales ; \nVU l'arr\u00eat\u00e9 n\u00b0 2021-62 du 29 mars 2021 portant attribution d'une subvention d'un montant maximum pr\u00e9visionnel \nde 929 264 \u20ac \u00e0 l'\u00e9tablissement public territorial Est Ensemble au titre de la dotation de soutien \u00e0 l'investissement  \nlocal pour la r\u00e9alisation d'un sch\u00e9ma directeur relatif \u00e0 la valorisation des espaces publics suivants : \u00e9tudes pr\u00e9-\nop\u00e9rationnelles relatives \u00e0 l'acquisition d'une coque et l'am\u00e9nagement d'un cin\u00e9ma de six salles \u00e0 Bobigny  ;  \nVU le courrier en date du 28 janvier 2025  du pr\u00e9sident de l'\u00e9tablissement public territorial Est Ensemble  \nsollicitant une prorogation exceptionnelle du d\u00e9lai d'ach\u00e8vement de l'op\u00e9ration mentionn\u00e9e dans l'arr\u00eat\u00e9 susvis\u00e9, \nqui a d\u00e9marr\u00e9 le 22 juin 2020 ; \nCONSIDERANT qu'il est n\u00e9cessaire de d\u00e9roger \u00e0 l'a rticle R .2334-29 du code g\u00e9n\u00e9ral des collectivit\u00e9s \nterritoriales afin de proroger le d\u00e9lai d'ach\u00e8vement de l'op\u00e9ration susvis\u00e9e ; \nCONSIDERANT que cette d\u00e9rogation est justifi\u00e9e par les arr\u00eats de chantier li\u00e9s au confinement en 202 0, les \ndifficult\u00e9s d'approvisionnements du constructeur et des modifications techniques ayant entra\u00een\u00e9 des retards \ndans la publication d'appels d'offres travaux et l'attribution des march\u00e9s ;   \n \nCONSIDERANT que cette d\u00e9rogation a pour effet de favoriser l'acc\u00e8s aux aides publiques ; \n \nCONSIDERANT que cette d\u00e9rogation ne porte pas atteinte aux int\u00e9r\u00eats de la d\u00e9fense ou \u00e0 la s\u00e9curit\u00e9 des \npersonnes et des biens, ni une atteinte disproportionn\u00e9e aux objectifs poursuivis par les dispositions auxquelles \nil est d\u00e9rog\u00e9 et qu'elle est compatible avec les engagements europ\u00e9ens et internationaux de la France ;  \n \n \nPr\u00e9fecture de la r\u00e9gion d'Ile-de-France, pr\u00e9fecture de Paris-Secr\u00e9tariat g\u00e9n\u00e9ral aux politiques publiques - IDF-2025-08-29-00004 -\nArr\u00eat\u00e9 N\u00b0 2025-122 modifiant l'arr\u00eat\u00e9 N\u00b0 2021-62 du 29 mars 2021 portant attribution de subvention au titre de la dotation de soutien\n\u00e0 l'investissement local \u00e0 l'\u00c9tablissement Public Territorial Est Ensemble\n21\n \n 2 \n \nARR\u00caTE \n \n \nARTICLE 1er \n \nEn application du d\u00e9cret n\u00b0  2020-412 du 8 avril 2020 , par d\u00e9rogation aux dispositions de l'article R .2334-29 du \ncode g\u00e9n\u00e9ral des collectivit\u00e9s territoriales, le d\u00e9lai de quatre ans pr\u00e9vu \u00e0 compter de la date de d\u00e9marrage de \nl'op\u00e9ration pour d\u00e9clarer l'ach\u00e8vement des travaux , fix\u00e9 au 4 \u00e8me alin\u00e9a de l'artic le 3 de l'arr\u00eat\u00e9 pr\u00e9fectoral \nn\u00b0 2021-62 du 29 mars 2021, est prorog\u00e9 jusqu'au 22 juin  2026. L'ach\u00e8vement des travaux devra intervenir \navant le 22 juin 2026. \n \n \nARTICLE 2 \n \nLes autres dispositions de l'arr\u00eat\u00e9 pr\u00e9fectoral susvis\u00e9 demeurent inchang\u00e9es.  \n \n \nARTICLE 3 \n \nLa pr\u00e9f\u00e8te, secr\u00e9taire g\u00e9n\u00e9rale aux politiques publiques de la pr\u00e9fecture de la r\u00e9gion d'\u00cele -de-France, pr\u00e9fecture \nde Paris, le pr\u00e9fet du d\u00e9partement de Seine-Saint-Denis et le directeur r\u00e9gional des finances publiques d'\u00cele -de-\nFrance et de Paris sont charg\u00e9s, chacun en ce qui le concerne, de l'ex\u00e9cution du pr\u00e9sent arr\u00eat\u00e9. \n  \n \n \n \nFait \u00e0 Paris, le 29 ao\u00fbt 2025 \n \n \n  \nLe Pr\u00e9fet de la r\u00e9gion d'\u00cele-de-France, \nPr\u00e9fet de Paris \n \n \nSign\u00e9 \n \n \nMarc GUILLAUME \n \n \n \n \n \n \n \nPr\u00e9fecture de la r\u00e9gion d'Ile-de-France, pr\u00e9fecture de Paris-Secr\u00e9tariat g\u00e9n\u00e9ral aux politiques publiques - IDF-2025-08-29-00004 -\nArr\u00eat\u00e9 N\u00b0 2025-122 modifiant l'arr\u00eat\u00e9 N\u00b0 2021-62 du 29 mars 2021 portant attribution de subvention au titre de la dotation de soutien\n\u00e0 l'investissement local \u00e0 l'\u00c9tablissement Public Territorial Est Ensemble\n22\nPr\u00e9fecture de la r\u00e9gion d'Ile-de-France,\npr\u00e9fecture de Paris-Secr\u00e9tariat g\u00e9n\u00e9ral aux\npolitiques publiques\nIDF-2025-08-18-00005\nArr\u00eat\u00e9 N\u00b0 2025-393 modifiant l'arr\u00eat\u00e9 N\u00b0 2017-70\ndu 20 avril 2017 portant attribution de\nsubvention au titre de la dotation de soutien \u00e0\nl'investissement local \u00e0 la commune de\nFontenay-en-Parisis\nPr\u00e9fecture de la r\u00e9gion d'Ile-de-France, pr\u00e9fecture de Paris-Secr\u00e9tariat g\u00e9n\u00e9ral aux politiques publiques - IDF-2025-08-18-00005 -\nArr\u00eat\u00e9 N\u00b0 2025-393 modifiant l'arr\u00eat\u00e9 N\u00b0 2017-70 du 20 avril 2017 portant attribution de subvention au titre de la dotation de soutien\n\u00e0 l'investissement local \u00e0 la commune de Fontenay-en-Parisis\n23\nPREFETDE LA REGIOND'\u00ceLE-DE-FRANCELibert\u00e9Egalit\u00e9Fraternit\u00e9\n  \nPr\u00e9fecture de la r\u00e9gion d'Ile-de-France, pr\u00e9fecture de Paris \nSecr\u00e9tariat g\u00e9n\u00e9ral aux politiques publiques \nBureau de la coordination et de l'investissement territorial \n \nSection de l'investissement territorial \n5 rue Leblanc 75911 Paris cedex 15 \nT\u00e9l : 01.82.52.40.00 \nwww.ile-de-france.gouv.fr \n \n \nARR\u00caT\u00c9  N\u00b0 2025-393 \nmodifiant l'arr\u00eat\u00e9 n\u00b0 2017-70 du 20 avril 2017 portant attribution de subvention \nau titre de la dotation de soutien \u00e0 l'investissement local \n \n \nLE PR\u00c9FET DE LA R\u00c9GION D'\u00ceLE-DE-FRANCE \nPR\u00c9FET DE PARIS \nOFFICIER DE LA L\u00c9GION D'HONNEUR \nOFFICIER DE L'ORDRE NATIONAL DU M\u00c9RITE \n \n \n \nVU le code g\u00e9n\u00e9ral des collectivit\u00e9s territoriales et notamment ses articles L.2334 -42 et R.2334-39 ; \n \nVU le d\u00e9cret n\u00b0 2004 -374 du 29 avril 2004 relatif aux pouvoirs des pr\u00e9fets, \u00e0 l'organisation et \u00e0 l'action des \nservices de l'Etat dans les r\u00e9gions et d\u00e9partements ; \n \nVU le d\u00e9cret n\u00b0 2018-428 du 1er juin 2018 relatif aux dotations de l'Etat aux collectivit\u00e9s territoriales  ; \n \nVU le d\u00e9cret n\u00b0 2020-412 du 8 avril 2020 relatif au droit de d\u00e9rogation reconnu au pr\u00e9fet ; \n \nVU le d\u00e9cret n\u00b0 2020 -1129 du 14 septembre 2020 pris pour l'application de l'article L.1111 -11 du code g\u00e9n\u00e9ral \ndes collectivit\u00e9s territoriales ; \nVU l'arr\u00eat\u00e9 n\u00b0 2017-70 du 20 avril 2017 portant attribution d'une subvention d'un montant maximum pr\u00e9visionnel \nde 61 600 \u20ac au titre de la dotation de soutien \u00e0 l'investissement local \u00e0 la commune de Fontenay -en-Parisis pour \nles travaux de mise en accessibilit\u00e9 du foyer polyvalent 12 rue de S\u00e9vy et de l'\u00e9cole maternelle Fran\u00e7oise Dolto \n2 rue Achille Antheaume ; \nVU l'arr\u00eat\u00e9 n\u00b0 2019 -52 du 23 mai 2019 modifiant l'arr\u00eat\u00e9 n\u00b0 2017 -70 du 20 avril 2017 et prorogeant le d\u00e9lai de \ncommencement d'ex\u00e9cution de l'op\u00e9ration susvis\u00e9e au 10 mai 2020 ; \nVU le courrier du 26 septembre 2022 du maire de Fontenay -en-Parisis sollicitant une prorogation exceptionnelle \ndu d\u00e9lai maximum de d\u00e9marrage de l'op\u00e9ration mentionn\u00e9e dans l'arr\u00eat\u00e9 susvis\u00e9 , qui a \u00e9t\u00e9 notifi\u00e9 le 10 mai \n2017 ; \nVU l'arr\u00eat\u00e9 n\u00b0 2021-965 du 27 octobre 2021 modifiant l'arr\u00eat\u00e9 n\u00b0 2019 -52 du 23 mai 2019 et prorogeant le d\u00e9lai \nde commencement d'ex\u00e9cution de l'op\u00e9ration susvis\u00e9e au 30 juin 2022 ; \n \nCONSIDERANT qu'il est n\u00e9cessaire de d\u00e9roger aux articles R.2334 -28 et R.2334 -29 du Code g\u00e9n\u00e9ral des \ncollectivit\u00e9s territoriales afin de proroger le d\u00e9lai d'ex\u00e9cution de l'op\u00e9ration susvis\u00e9e  ; \nCONSIDERANT que cette d\u00e9rogation est justifi\u00e9e par un report de tous les travaux d\u00fb \u00e0 la pand\u00e9mie Covid -19 ; \n \nCONSIDERANT que cette d\u00e9rogation a pour effet de favoriser l'acc\u00e8s aux aides publiques ; \n \nPr\u00e9fecture de la r\u00e9gion d'Ile-de-France, pr\u00e9fecture de Paris-Secr\u00e9tariat g\u00e9n\u00e9ral aux politiques publiques - IDF-2025-08-18-00005 -\nArr\u00eat\u00e9 N\u00b0 2025-393 modifiant l'arr\u00eat\u00e9 N\u00b0 2017-70 du 20 avril 2017 portant attribution de subvention au titre de la dotation de soutien\n\u00e0 l'investissement local \u00e0 la commune de Fontenay-en-Parisis\n24\nPREFETDE LA REGIOND'\u00ceLE-DE-FRANCELibert\u00e9Egalit\u00e9Fraternit\u00e9\n  \nPr\u00e9fecture de la r\u00e9gion d'Ile-de-France, pr\u00e9fecture de Paris \nSecr\u00e9tariat g\u00e9n\u00e9ral aux politiques publiques \nBureau de la coordination et de l'investissement territorial \n \nSection de l'investissement territorial \n5 rue Leblanc 75911 Paris cedex 15 \nT\u00e9l : 01.82.52.40.00 \nwww.ile-de-france.gouv.fr \nCONSIDERANT que cette d\u00e9rogation ne porte pas atteinte aux int\u00e9r\u00eats de la d\u00e9fense ou \u00e0 la s\u00e9curit\u00e9 des \npersonnes et des biens, ni une atteinte disproportionn\u00e9e aux objectifs poursuivis par les dispositions auxquelles \nil est d\u00e9rog\u00e9 et qu'elle est compatible avec les engagements europ\u00e9ens et internationaux de la  France ; \n \n \n \nARR\u00caTE \n \n \nARTICLE 1er \n \nEn application du d\u00e9cret n\u00b0 2020 -412 du 8 avril 2020, p ar d\u00e9rogation aux dispositions des articles R.2334 -28 et \nR.2334-29 du Code g\u00e9n\u00e9ral des collectivit\u00e9s territoriales, le d\u00e9lai pour d\u00e9clarer le commencement d'ex\u00e9cution  \nde l'op\u00e9ration \u00e0 compter de la date de notification de l'arr\u00eat\u00e9 attributif de subvention, pr\u00e9vu au 3\u00e8me alin\u00e9a de \nl'article 3 de l'arr\u00eat\u00e9 pr\u00e9fectoral n\u00b0 2017-70 du 20 avril 2017 modifi\u00e9, est prorog\u00e9 jusqu'au 30 juin 2023. \n \n \nARTICLE 2 \n \nLes autres dispositions de l'arr\u00eat\u00e9 pr\u00e9fectoral susvis\u00e9 demeurent inchang\u00e9es. \n \n \nARTICLE 3 \n \nLa pr\u00e9f\u00e8te, secr\u00e9taire g\u00e9n\u00e9rale aux politiques publiques de la pr\u00e9fecture de la r\u00e9gion d'\u00cele -de-France, pr\u00e9fecture \nde Paris, le pr\u00e9fet du Val-d'Oise et la directrice r\u00e9gionale des finances publiques d'\u00cele-de-France et de Paris sont \ncharg\u00e9s, chacun en ce qui le concerne, de l'ex\u00e9cution du pr\u00e9sent arr\u00eat\u00e9.  \n \n \nFait \u00e0 Paris, le 18 ao\u00fbt 2025 \n \n \n  \nLe Pr\u00e9fet de la r\u00e9gion d'\u00cele-de-France, \nPr\u00e9fet de Paris \n \n \nSign\u00e9 \n \n \nMarc GUILLAUME \n \n \nPr\u00e9fecture de la r\u00e9gion d'Ile-de-France, pr\u00e9fecture de Paris-Secr\u00e9tariat g\u00e9n\u00e9ral aux politiques publiques - IDF-2025-08-18-00005 -\nArr\u00eat\u00e9 N\u00b0 2025-393 modifiant l'arr\u00eat\u00e9 N\u00b0 2017-70 du 20 avril 2017 portant attribution de subvention au titre de la dotation de soutien\n\u00e0 l'investissement local \u00e0 la commune de Fontenay-en-Parisis\n25\nPr\u00e9fecture de la r\u00e9gion d'Ile-de-France,\npr\u00e9fecture de Paris-Secr\u00e9tariat g\u00e9n\u00e9ral aux\npolitiques publiques\nIDF-2025-08-29-00005\nArr\u00eat\u00e9 N\u00b0 2025-398 modifiant l'arr\u00eat\u00e9 N\u00b0\n2022-151 du 2 juin 2022 portant attribution de\nsubvention au titre de la dotation de soutien \u00e0\nl'investissement local \u00e0 la communes de\nCoulommiers \nPr\u00e9fecture de la r\u00e9gion d'Ile-de-France, pr\u00e9fecture de Paris-Secr\u00e9tariat g\u00e9n\u00e9ral aux politiques publiques - IDF-2025-08-29-00005 -\nArr\u00eat\u00e9 N\u00b0 2025-398 modifiant l'arr\u00eat\u00e9 N\u00b0 2022-151 du 2 juin 2022 portant attribution de subvention au titre de la dotation de soutien\n\u00e0 l'investissement local \u00e0 la communes de Coulommiers \n26\nEPR\u00c9FETDE LA R\u00c9GIOND'\u00ceLE-DE-FRANCELibert\u00e9Egalit\u00e9Fraternit\u00e9\n  \nPr\u00e9fecture de la r\u00e9gion d'Ile-de-France, pr\u00e9fecture de Paris \nSecr\u00e9tariat g\u00e9n\u00e9ral aux politiques publiques \nBureau de la coordination et de l'investissement territorial \n \nSection de l'investissement territorial \n5 rue Leblanc 75911 Paris cedex 15 \nT\u00e9l : 01.82.52.40.00 \nwww.ile-de-france.gouv.fr \n \nARR\u00caT\u00c9  N\u00b0 2025-398 \nmodifiant l'arr\u00eat\u00e9 n\u00b0 2022-151 du 2 juin 2022 portant attribution de subvention  \nau titre de la dotation de soutien \u00e0 l'investissement local  \n \nLE PR\u00c9FET DE LA R\u00c9GION D'\u00ceLE-DE-FRANCE \nPR\u00c9FET DE PARIS \nCOMMANDEUR DE LA L\u00c9GION D'HONNEUR \nOFFICIER DE L'ORDRE NATIONAL DU M\u00c9RITE \n \n \n \nVU le code g\u00e9n\u00e9ral des collectivit\u00e9s territoriales et notamment ses articles L.2334-42 et R.2334-39 ; \n \nVU le d\u00e9cret n\u00b0  2004-374 du 29 avril 2004 relatif aux pouvoirs des pr\u00e9fets, \u00e0 l'organisation et \u00e0 l'action des \nservices de l'Etat dans les r\u00e9gions et d\u00e9partements ; \n \nVU le d\u00e9cret n\u00b0 2018-428 du 1er juin 2018 relatif aux dotations de l'Etat aux collectivit\u00e9s territoriales ; \n \nVU le d\u00e9cret n\u00b0 2020-412 du 8 avril 2020 relatif au droit de d\u00e9rogation reconnu au pr\u00e9fet ; \n \nVU le d\u00e9cret n\u00b0 2020 -1129 du 14 septembre 2020 pris pour l'application de l'article L.1111 -11 du code g\u00e9 n\u00e9ral \ndes collectivit\u00e9s territoriales ; \nVU l'arr\u00eat\u00e9 n\u00b0 2022-151 du 2 juin 2022 portant attribution \u00e0 la commune de Coulommiers d'une subvention d'un \nmontant maximum pr\u00e9visionnel de 103 040 \u20ac au titre de la dotation de soutien \u00e0 l'investissement local pour les \ntravaux d'am\u00e9nagement d'un parc paysager sur l'Ile aux Oiseaux ; \n \nVU l'arr\u00eat\u00e9 n\u00b0 2024-161 du 1er juillet 2024 modifiant l'arr\u00eat\u00e9 n\u00b0 2022-151 du 2 juin 2022 et prorogeant le d\u00e9lai de \ncommencement d'ex\u00e9cution de l'op\u00e9ration susvis\u00e9e au 7 juin 2025 ; \n \nVU le courrier du 22 mai  2025 de la maire de  la commune de Coulommiers sollicitant une prorogation \nexceptionnelle du d\u00e9lai maximum de d\u00e9marrage des travaux de l'op\u00e9ration mentionn\u00e9e dans l'arr\u00eat\u00e9 susvis\u00e9, qui \na \u00e9t\u00e9 notifi\u00e9 le 7 juin 2022 ; \n \nCONSIDERANT qu'il est n\u00e9cessaire de d\u00e9roger \u00e0 l' article R .2334-28 du code g\u00e9n\u00e9ral des collectivit\u00e9s \nterritoriales afin de proroger le d\u00e9lai de d\u00e9marrage de l'op\u00e9ration susvis\u00e9e ; \n \nCONSIDERANT que cette d\u00e9rogation est justifi\u00e9e par des difficult\u00e9s rencontr\u00e9es dans la phase d'avant-projet ; \n \nCONSIDERANT que cette d\u00e9rogation a pour effet de favoriser l'acc\u00e8s aux aides publiques ; \n \nCONSIDERANT que cette d\u00e9rogation ne porte pas atteinte aux int\u00e9r\u00eats de la d\u00e9fense ou \u00e0 la s\u00e9curit\u00e9 des \npersonnes et des biens, ni une attei nte disproportionn\u00e9e aux objectifs poursuivis par les dispositions auxquelles \nil est d\u00e9rog\u00e9 et qu'elle est compatible avec les engagements europ\u00e9ens et internationaux de la France ;  \n \n \n \n \nPr\u00e9fecture de la r\u00e9gion d'Ile-de-France, pr\u00e9fecture de Paris-Secr\u00e9tariat g\u00e9n\u00e9ral aux politiques publiques - IDF-2025-08-29-00005 -\nArr\u00eat\u00e9 N\u00b0 2025-398 modifiant l'arr\u00eat\u00e9 N\u00b0 2022-151 du 2 juin 2022 portant attribution de subvention au titre de la dotation de soutien\n\u00e0 l'investissement local \u00e0 la communes de Coulommiers \n27\n \nT\u00e9l : 01 82 52 42 55 \nM\u00e9l : alix.puet@paris-idf.gouv.fr \n5 rue Leblanc 75911 Paris cedex 15 \n \n2 \n \nARR\u00caTE \n \nARTICLE 1er \n \nEn application du d\u00e9cret n\u00b0 2020 -412 du 8 avril 2020, par d\u00e9rogation aux dispositions de l'article R.2334-28 du \ncode g\u00e9n\u00e9ral des collectivit\u00e9s territoriales, le d\u00e9lai pour d\u00e9clarer le commencement d'ex\u00e9cution de l'op\u00e9ration \u00e0 \ncompter de la date de notifica tion de l'arr\u00eat\u00e9 attributif de subvention, pr\u00e9vu au 3 \u00e8me alin\u00e9a de l'article 3 de l'arr\u00eat\u00e9 \npr\u00e9fectoral n\u00b0 2022-151 du 2 juin 2022, est prorog\u00e9 jusqu'au 7 juin 2026. Le commencement des travaux devra \nintervenir avant le 7 juin 2026. \n \n \nARTICLE 2 \n \nLes autres dispositions de l'arr\u00eat\u00e9 pr\u00e9fectoral susvis\u00e9 demeurent inchang\u00e9es. \n \n \nARTICLE 3 \n  \nLa pr\u00e9f\u00e8te, secr\u00e9taire g\u00e9n\u00e9rale aux politiques publiques de la pr\u00e9fecture de la r\u00e9gion d'\u00cele -de-France, pr\u00e9fecture \nde Paris, l e pr\u00e9fet du d\u00e9partement de Seine-et-Marne et le directeur r\u00e9gional des finances publiques d'\u00cele -de-\nFrance et de Paris sont charg\u00e9s, chacun en ce qui le concerne, de l'ex\u00e9cution du pr\u00e9sent arr\u00eat\u00e9.  \n \n \n \nFait \u00e0 Paris, le 29 ao\u00fbt 2025 \n \n \n  \nLe Pr\u00e9fet de la r\u00e9gion d'\u00cele-de-France, \nPr\u00e9fet de Paris \n \n \nSign\u00e9 \n \n \nMarc GUILLAUME \n \n \nPr\u00e9fecture de la r\u00e9gion d'Ile-de-France, pr\u00e9fecture de Paris-Secr\u00e9tariat g\u00e9n\u00e9ral aux politiques publiques - IDF-2025-08-29-00005 -\nArr\u00eat\u00e9 N\u00b0 2025-398 modifiant l'arr\u00eat\u00e9 N\u00b0 2022-151 du 2 juin 2022 portant attribution de subvention au titre de la dotation de soutien\n\u00e0 l'investissement local \u00e0 la communes de Coulommiers \n28\nRectorat de la r\u00e9gion acad\u00e9mique\nd'Ile-de-France, rectorat de l'acad\u00e9mie de Paris\nIDF-2025-09-02-00003\nArr\u00eat\u00e9 n\u00b0 2025-111-RRA portant agr\u00e9ment au titre\nde la Jeunesse et de l'\u00c9ducation Populaire pour\nl'association LE MOULIN - SDJES de Paris \nRectorat de la r\u00e9gion acad\u00e9mique d'Ile-de-France, rectorat de l'acad\u00e9mie de Paris - IDF-2025-09-02-00003 - Arr\u00eat\u00e9 n\u00b0 2025-111-RRA\nportant agr\u00e9ment au titre de la Jeunesse et de l'\u00c9ducation Populaire pour l'association LE MOULIN - SDJES de Paris 29\nREGION ACADEMIQUE\u00ceLE-DE-FRANCELibert\u00e9\u00c9galit\u00e9Fraternit\u00e9\n  \n \nService d\u00e9partemental \u00e0 la jeunesse,  \n\u00e0 l'engagement et aux sports de Paris  \n \n \n \n \nService D\u00e9partemental \u00e0 la Jeunesse, \u00e0 l'Engagement et aux Sports de Paris  \n6/8 rue Eug\u00e8ne Oudin\u00e9 \u2013 CS 81360 - 75634 PARIS CEDEX 13 \n \n \n \n \nARR\u00caT\u00c9 N\u00b02025-111-RRA  \nportant agr\u00e9ment au titre de la Jeunesse et de l'\u00c9ducation Populaire \n \nLA RECTRICE DE LA R\u00c9GION ACAD\u00c9MIQUE \u00ceLE-DE-FRANCE \nRECTRICE DE PARIS \nCHANCELIERE DES UNIVERSIT\u00c9S DE PARIS  \nET D'\u00ceLE-DE-FRANCE  \n \nVu la loi n\u00b0 2001-624 du 17 juillet 2001 portant diverses dispositions d'ordre social, \u00e9ducatif et culturel et notamment \nson article 8 ;  \nVu le d\u00e9cret n\u00b0 2002-571 du 22 avril 2002 pris pour l'application du premier alin\u00e9a de l'article 8 de la loi n\u00b0 2001-624 \net relatif \u00e0 l'agr\u00e9ment des associations de jeunesse et d'\u00e9ducation populaire ;  \nVu le d\u00e9cret n\u00b0 2019-838 du 19 ao\u00fbt 2019 portant diverses mesures de simplification pour le minist\u00e8re de l'\u00e9ducation \nnationale et de la jeunesse ; \nVu le d\u00e9cret du Pr\u00e9sident de la R\u00e9publique du 12 mars 2025 nommant Mme Julie BENETTI, rectrice de la r\u00e9gion \nacad\u00e9mique \u00cele-de-France, rectrice de l'acad\u00e9mie de Paris ;  \nVu l'arr\u00eat\u00e9 n\u00b02020-32 du 21 d\u00e9cembre 2020 modifi\u00e9 portant organisation de la d\u00e9l\u00e9gation r\u00e9gionale acad\u00e9mique \u00e0 \nla jeunesse, \u00e0 l'engagement et aux sports et des services d\u00e9partementaux \u00e0 la jeunesse, \u00e0 l'engagement et aux sports \n; \nVu le protocole r\u00e9gional d\u00e9partemental conclu e ntre le pr\u00e9fet de la r\u00e9gion d'Ile -de-France, pr\u00e9fet de Paris, et le \nrecteur de la r\u00e9gion acad\u00e9mique d'Ile-de-France, recteur de l'acad\u00e9mie de Paris, le 24 d\u00e9cembre 2020 ; \nVu l'arr\u00eat\u00e9 n\u00b0 75-2025-03-26-00004 du 26 mars 2025 portant d\u00e9l\u00e9gation du pr\u00e9fet de la r\u00e9gion d'Ile-de-France, \npr\u00e9fet de Paris \u00e0 Mme Julie BENETTI, rectrice de la r\u00e9gion acad\u00e9mique Ile-de-France, rectrice de l'acad\u00e9mie de \nParis, en mati\u00e8re administrative ; \n \nVu l'arr\u00eat\u00e9 minist\u00e9riel du 4 mai 2021 nommant Mme Jeanne DELACOURT dans l'emploi de conseill\u00e8re du directeur \nacad\u00e9mique des services de l'\u00e9ducation en mati\u00e8re de jeunesse, d'engagement et de sports de Paris ; \n \nVu le d\u00e9cret du Pr\u00e9sident de la R\u00e9publique du 26 f\u00e9vrier 2025 portant nomination de M. Laurent NOE en qualit\u00e9 \nde directeur de l'acad\u00e9mie de Paris ;  \n \nVu l'arr\u00eat\u00e9 n\u00b0 2025-033-RRA du 27 mars 2025 portant subd\u00e9l\u00e9gation de signature en mati\u00e8re administrative de la \nrectrice de la r\u00e9gion acad\u00e9mique Ile-de-France, rectrice de l'acad\u00e9mie de Paris pour la mise en \u0153uvre des missions \nde jeunesse, d'engagement et de sports ;  \n \nConsid\u00e9rant la demande compl\u00e8te formul\u00e9e par l'association en date du 30/07/2025 ; \n \nConsid\u00e9rant que l'association ci-dessous d\u00e9tient un arr\u00eat\u00e9 portant tronc commun d'agr\u00e9ment en cours de validit\u00e9 \nau moment de l'instruction de la demande ; \n \nConsid\u00e9rant que l'association ci -dessous remplit les conditions r\u00e9glementaires relatives \u00e0 l'agr\u00e9ment des \nRectorat de la r\u00e9gion acad\u00e9mique d'Ile-de-France, rectorat de l'acad\u00e9mie de Paris - IDF-2025-09-02-00003 - Arr\u00eat\u00e9 n\u00b0 2025-111-RRA\nportant agr\u00e9ment au titre de la Jeunesse et de l'\u00c9ducation Populaire pour l'association LE MOULIN - SDJES de Paris 30\n \n \n2 \nassociations de jeunesse et d'\u00e9ducation populaire ; \n \nARR\u00caT\u00c9 \nArticle premier : \nL'agr\u00e9ment au titre des associations de jeunesse et d'\u00e9ducation populaire est attribu\u00e9 \u00e0 l'association : \n \nASSOCIATION LE MOULIN \nRNA : W751069130 \n \ndont le si\u00e8ge social est situ\u00e9 \u00e0 : 23 rue du Moulin de la Vierge 75014 - Paris \n \ndont l'objet statutaire est :  \n \n- La promotion de l'\u00e9ducation populaire par l'organisation d'activit\u00e9s \u00e9ducatives, citoyennes et sociales \u00e0 \ndestination de tous les publics, avec un attention  particuli\u00e8re aux personnes \u00e9loign\u00e9es de l'acc\u00e8s \u00e0 la \nculture, \u00e0 l'\u00e9ducation ou \u00e0 la participation citoyenne. \n \n- Favoriser et d\u00e9velopper les rencontres entre adultes, adolescents et enfants. \n \nLe num\u00e9ro de l'agr\u00e9ment \u00e0 rappeler dans les correspondances avec l'administration est le suivant :  \n2025-JEP-75-30 \n \nArticle 2 :  \nL'association mentionn\u00e9e ci -dessus est tenue d'informer sans d\u00e9lai l'autorit\u00e9 publique comp\u00e9tente de tout \nchangement relatif aux crit\u00e8res d'attribution du pr\u00e9sent agr\u00e9ment et notamment les changements de si\u00e8ge social, \nde statuts et de repr\u00e9sentant l\u00e9gal. \n \nArticle 3 : \nL'association mentionn\u00e9e ci -dessus tiendra \u00e0 disposition de l'administration, dans le cadre d'un contr\u00f4le, tout \ndocument justifiant de l'agr\u00e9ment et notamment les proc\u00e8s-verbaux d'assembl\u00e9e g\u00e9n\u00e9rale, les rapports financiers \ndes exercices \u00e9coul\u00e9s et les rapports annuels d'activit\u00e9s. \n \nArticle 4 : \nCet agr\u00e9ment de jeunesse et d'\u00e9ducation populaire n'est valide que si l'association mentionn\u00e9e ci-dessus d\u00e9tient un \ntronc commun d'agr\u00e9ment en cours de validit\u00e9. \n \nArticle 5 :  \nL'arr\u00eat\u00e9 entre en vigueur \u00e0 compter de la date de sa publication et pour une dur\u00e9e de cinq ans. \n \nArticle 6 : \nLa cheffe du service d\u00e9partemental \u00e0 la jeunesse, \u00e0 l'engagement et aux sports de Paris est charg\u00e9 de l'ex\u00e9cution du \npr\u00e9sent arr\u00eat\u00e9 qui sera publi\u00e9 au recueil des actes administratifs de la pr\u00e9fecture de r\u00e9gion d'\u00cele -de-France, \npr\u00e9fecture de Paris. \n \nFait \u00e0 Paris, le 02/09/2025 \n \n \n \n \n \n \n \n \n \n \n \nPour la rectrice, et par subd\u00e9l\u00e9gation, \nla conseill\u00e8re du directeur de l'acad\u00e9mie de Paris, \ncheffe du service d\u00e9partemental \u00e0 la jeunesse, \u00e0 \nl'engagement et aux sports de Paris \n                                     Sign\u00e9 \nJeanne DELACOURT  \n \n \n \n \nRectorat de la r\u00e9gion acad\u00e9mique d'Ile-de-France, rectorat de l'acad\u00e9mie de Paris - IDF-2025-09-02-00003 - Arr\u00eat\u00e9 n\u00b0 2025-111-RRA\nportant agr\u00e9ment au titre de la Jeunesse et de l'\u00c9ducation Populaire pour l'association LE MOULIN - SDJES de Paris 31\nRectorat de la r\u00e9gion acad\u00e9mique\nd'Ile-de-France, rectorat de l'acad\u00e9mie de Paris\nIDF-2025-09-02-00004\nArr\u00eat\u00e9 n\u00b0 2025-112-RRA portant reconnaissance\ndu tronc commun d'agr\u00e9ment d'une association\nLE MOULIN - SDJES de Paris\nRectorat de la r\u00e9gion acad\u00e9mique d'Ile-de-France, rectorat de l'acad\u00e9mie de Paris - IDF-2025-09-02-00004 - Arr\u00eat\u00e9 n\u00b0 2025-112-RRA\nportant reconnaissance du tronc commun d'agr\u00e9ment d'une association LE MOULIN - SDJES de Paris 32\nREGION ACADEMIQUE\u00ceLE-DE-FRANCELibert\u00e9\u00c9galit\u00e9Fraternit\u00e9\n  \n \nService d\u00e9partemental \u00e0 la jeunesse,  \n\u00e0 l'engagement et aux sports de Paris  \n \n \n \n \nService D\u00e9partemental \u00e0 la Jeunesse, \u00e0 l'Engagement et aux Sports de Paris  \n6/8 rue Eug\u00e8ne Oudin\u00e9 \u2013 CS 81360 - 75634 PARIS CEDEX 13 \n \n \n \n \n              ARR\u00caT\u00c9 N\u00b02025-112-RRA \n \nportant reconnaissance du tronc commun d'agr\u00e9ment d'une association \n \nLA RECTRICE DE LA R\u00c9GION ACAD\u00c9MIQUE \u00ceLE-DE-FRANCE \nRECTRICE DE PARIS \nCHANCELIERE DES UNIVERSIT\u00c9S DE PARIS  \nET D'\u00ceLE-DE-FRANCE  \n \n \nVU  la loi n\u00b0 2000 -321 du 12 avril 2000 modifi\u00e9e relative aux droits des citoyens dans leurs relations avec les \nadministrations et notamment son article 25-1 ; \nVU le d\u00e9cret n\u00b0 2017 -908 du 6 mai 2017 portant diverses dispositions relatives au r\u00e9gime juridique des \nassociations, des fondations, des fonds de dotation et des organismes faisant appel public \u00e0 la g\u00e9n\u00e9rosit\u00e9 \net notamment ses articles 15 \u00e0 21 ; \nVU le d\u00e9cret du Pr\u00e9sident de la R\u00e9publique du 12 mars 2025 nommant Mme Julie BENETTI, rectrice de la r\u00e9gion \nacad\u00e9mique \u00cele-de-France, rectrice de l'acad\u00e9mie de Paris ;  \nVU l'arr\u00eat\u00e9 n\u00b02020 -32 du 21 d\u00e9cembre 2020 modifi\u00e9 portant organisation de la d\u00e9l\u00e9gation r\u00e9gionale \nacad\u00e9mique \u00e0 la jeunesse, \u00e0 l'eng agement et aux sports et des services d\u00e9partementaux \u00e0 la jeunesse, \u00e0 \nl'engagement et aux sports ; \nVU le protocole r\u00e9gional d\u00e9partemental conclu entre le pr\u00e9fet de la r\u00e9gion d'Ile -de-France, pr\u00e9fet de Paris, et \nle recteur de la r\u00e9gion acad\u00e9mique d'Ile-de-France, recteur de l'acad\u00e9mie de Paris, le 24 d\u00e9cembre 2020; \n \nVU l'arr\u00eat\u00e9 n\u00b0 75-2025-03-26-00004 du 26 mars 2025 portant d\u00e9l\u00e9gation du pr\u00e9fet de la r\u00e9gion d'Ile-de-France, \npr\u00e9fet de Paris \u00e0 Mme Julie BENETTI, rectrice de la r\u00e9gion acad\u00e9mique Ile-de-France, rectrice de \nl'acad\u00e9mie de Paris, en mati\u00e8re administrative ; \n \nVU  l'arr\u00eat\u00e9 minist\u00e9riel du 4 mai 2021 nommant Mme Jeanne DELACOURT dans l'emploi de conseill\u00e8re du \ndirecteur acad\u00e9mique des services de l'\u00e9ducation en mati\u00e8re de jeunesse, d'engagemen t et de sports de \nParis ; \n \nVU  le d\u00e9cret du Pr\u00e9sident de la R\u00e9publique du 26 f\u00e9vrier 2025 portant nomination de M. Laurent NOE en qualit\u00e9 \nde directeur de l'acad\u00e9mie de Paris ;  \n \nVU l'arr\u00eat\u00e9 n\u00b0 2025-033-RRA du 27 mars 2025 portant subd\u00e9l\u00e9gation de signature en mati\u00e8re administrative \nde la rectrice de la r\u00e9gion acad\u00e9mique Ile-de-France, rectrice de l'acad\u00e9mie de Paris ; pour la mise en \n\u0153uvre des missions de jeunesse, d'engagement et de sports ;  \n \n \n \n \n  \n \nRectorat de la r\u00e9gion acad\u00e9mique d'Ile-de-France, rectorat de l'acad\u00e9mie de Paris - IDF-2025-09-02-00004 - Arr\u00eat\u00e9 n\u00b0 2025-112-RRA\nportant reconnaissance du tronc commun d'agr\u00e9ment d'une association LE MOULIN - SDJES de Paris 33\n \n \n2 \nARR\u00caT\u00c9 \n \n \nArticle premier :  \nL'association suivante est r\u00e9put\u00e9e satisfaire aux conditions portant sur le tronc commun d'agr\u00e9ment : \nla libert\u00e9 de conscience de ses membres, le respect du principe de non-discrimination, un mode de fonctionnement \nd\u00e9mocratique, une gestion financi\u00e8re transparente, permettre l'\u00e9gal acc\u00e8s des hommes, des femmes et des jeunes \naux instances dirigeantes.et respecter le contrat d'engagement r\u00e9publicain. \n \n \nASSOCIATION LE MOULIN \n \nRNA: W751069130 \n \ndont le si\u00e8ge social est situ\u00e9 \u00e0 : 23 rue du Moulin de la Vierge 75014 - Paris \n \n \nArticle 2 :  \nL'arr\u00eat\u00e9 entre en vigueur \u00e0 compter de la date de sa publication et pour une dur\u00e9e de cinq ans. \n \nArticle 3 : \nL'association mentionn\u00e9e ci -dessus est tenue d'informer sans d\u00e9lai l'autorit\u00e9 publique comp\u00e9tente de tout \nchangement relatif aux crit\u00e8res d'attribution de la pr\u00e9sente reconnaissance et notamment les changements de si\u00e8ge \nsocial, de statuts et de repr\u00e9sentant l\u00e9gal. \n \nArticle 4 : \nL'association mentionn\u00e9e ci -dessus tiendra \u00e0 disposition de l'administration, dans le cadre d'un contr\u00f4le, tout \ndocument just ifiant de la reconnaissance du tronc commun et notamment les proc\u00e8s -verbaux d'assembl\u00e9e \ng\u00e9n\u00e9rale, les rapports financiers des exercices \u00e9coul\u00e9s et les rapports annuels d'activit\u00e9s. \n \nArticle 5 : \nLa cheffe du service d\u00e9partemental \u00e0 la jeunesse, \u00e0 l'engagement et aux sports de Paris est charg\u00e9 de l'ex\u00e9cution du \npr\u00e9sent arr\u00eat\u00e9 qui sera publi\u00e9 au recueil des actes administratifs de la pr\u00e9fecture de r\u00e9gion d'\u00cele -de-France, \npr\u00e9fecture de Paris. \n \n \nFait \u00e0 Paris, le 02/09/2025 \n \n \n \n \n \n \n \n \n \n \n \n \nPour la rectrice, et par subd\u00e9l\u00e9gation, \nla conseill\u00e8re du directeur de l'acad\u00e9mie de Paris, \ncheffe du service d\u00e9partemental \u00e0 la jeunesse, \u00e0 \nl'engagement et aux sports de Paris \n \nSign\u00e9 \n \nJeanne DELACOURT  \n \n \n \n \n \n \nRectorat de la r\u00e9gion acad\u00e9mique d'Ile-de-France, rectorat de l'acad\u00e9mie de Paris - IDF-2025-09-02-00004 - Arr\u00eat\u00e9 n\u00b0 2025-112-RRA\nportant reconnaissance du tronc commun d'agr\u00e9ment d'une association LE MOULIN - SDJES de Paris 34\nRectorat de la r\u00e9gion acad\u00e9mique\nd'Ile-de-France, rectorat de l'acad\u00e9mie de Paris\nIDF-2025-09-02-00005\nArr\u00eat\u00e9 n\u00b0 2025-113-RRA portant agr\u00e9ment au\ntitre de la Jeunesse et de l'\u00c9ducation Populaire\npour l'association AXES PLURIELS - SDJES de Paris\nRectorat de la r\u00e9gion acad\u00e9mique d'Ile-de-France, rectorat de l'acad\u00e9mie de Paris - IDF-2025-09-02-00005 - Arr\u00eat\u00e9 n\u00b0 2025-113-RRA\nportant agr\u00e9ment au titre de la Jeunesse et de l'\u00c9ducation Populaire pour l'association AXES PLURIELS - SDJES de Paris 35\nREGION ACADEMIQUE\u00ceLE-DE-FRANCELibert\u00e9\u00c9galit\u00e9Fraternit\u00e9\n  \n \nService d\u00e9partemental \u00e0 la jeunesse,  \n\u00e0 l'engagement et aux sports de Paris  \n \n \n \n \nService D\u00e9partemental \u00e0 la Jeunesse, \u00e0 l'Engagement et aux Sports de Paris  \n6/8 rue Eug\u00e8ne Oudin\u00e9 \u2013 CS 81360 - 75634 PARIS CEDEX 13 \n \n \n \n \nARR\u00caT\u00c9 N\u00b02025-113-RRA  \nportant agr\u00e9ment au titre de la Jeunesse et de l'\u00c9ducation Populaire \n \nLA RECTRICE DE LA R\u00c9GION ACAD\u00c9MIQUE \u00ceLE-DE-FRANCE \nRECTRICE DE PARIS \nCHANCELIERE DES UNIVERSIT\u00c9S DE PARIS  \nET D'\u00ceLE-DE-FRANCE  \n \nVu la loi n\u00b0 2001-624 du 17 juillet 2001 portant diverses dispositions d'ordre social, \u00e9ducatif et culturel et notamment \nson article 8 ;  \nVu le d\u00e9cret n\u00b0 2002-571 du 22 avril 2002 pris pour l'application du premier alin\u00e9a de l'article 8 de la loi n\u00b0 2001-624 \net relatif \u00e0 l'agr\u00e9ment des associations de jeunesse et d'\u00e9ducation populaire ;  \nVu le d\u00e9cret n\u00b0 2019-838 du 19 ao\u00fbt 2019 portant diverses mesures de simplification pour le minist\u00e8re de l'\u00e9ducation \nnationale et de la jeunesse ; \nVu le d\u00e9cret du Pr\u00e9sident de la R\u00e9publique du 12 mars 2025 nommant Mme Julie BENETTI, rectrice de la r\u00e9gion \nacad\u00e9mique \u00cele-de-France, rectrice de l'acad\u00e9mie de Paris ;  \nVu l'arr\u00eat\u00e9 n\u00b02020-32 du 21 d\u00e9cembre 2020 modifi\u00e9 portant organisation de la d\u00e9l\u00e9gation r\u00e9gionale acad\u00e9mique \u00e0 \nla jeunesse, \u00e0 l'engagement et aux sports et des services d\u00e9partementaux \u00e0 la jeunesse, \u00e0 l'engagement et aux sports \n; \nVu le protocole r\u00e9gional d\u00e9partemental conclu entre le pr\u00e9fet de la r\u00e9gion d'Il e-de-France, pr\u00e9fet de Paris, et le \nrecteur de la r\u00e9gion acad\u00e9mique d'Ile-de-France, recteur de l'acad\u00e9mie de Paris, le 24 d\u00e9cembre 2020 ; \nVu l'arr\u00eat\u00e9 n\u00b0 75-2025-03-26-00004 du 26 mars 2025 portant d\u00e9l\u00e9gation du pr\u00e9fet de la r\u00e9gion d'Ile-de-France, \npr\u00e9fet de Paris \u00e0 Mme Julie BENETTI, rectrice de la r\u00e9gion acad\u00e9mique Ile-de-France, rectrice de l'acad\u00e9mie de \nParis, en mati\u00e8re administrative ; \n \nVu l'arr\u00eat\u00e9 minist\u00e9riel du 4 mai 2021 nommant Mme Jeanne DELACOURT dans l'emploi de conseill\u00e8re du directeur \nacad\u00e9mique des services de l'\u00e9ducation en mati\u00e8re de jeunesse, d'engagement et de sports de Paris ; \n \nVu le d\u00e9cret du Pr\u00e9sident de la R\u00e9publique du 26 f\u00e9vrier 2025 portant nomination de M. Laurent NOE en qualit\u00e9 \nde directeur de l'acad\u00e9mie de Paris ;  \n \nVu l'arr\u00eat\u00e9 n\u00b0 2025-033-RRA du 27 mars 2025 portant subd\u00e9l\u00e9gation de signature en mati\u00e8re administrative de la \nrectrice de la r\u00e9gion acad\u00e9mique Ile-de-France, rectrice de l'acad\u00e9mie de Paris pour la mise en \u0153uvre des missions \nde jeunesse, d'engagement et de sports ;  \n \nConsid\u00e9rant la demande compl\u00e8te formul\u00e9e par l'association en date du 30/07/2025 ; \n \nConsid\u00e9rant que l'association ci-dessous d\u00e9tient un arr\u00eat\u00e9 portant tronc commun d'agr\u00e9ment en cours de validit\u00e9 \nau moment de l'instruction de la demande ; \n \nConsid\u00e9rant que l'association ci -dessous remplit les conditions r\u00e9glementaires relatives \u00e0 l'agr\u00e9ment des \nRectorat de la r\u00e9gion acad\u00e9mique d'Ile-de-France, rectorat de l'acad\u00e9mie de Paris - IDF-2025-09-02-00005 - Arr\u00eat\u00e9 n\u00b0 2025-113-RRA\nportant agr\u00e9ment au titre de la Jeunesse et de l'\u00c9ducation Populaire pour l'association AXES PLURIELS - SDJES de Paris 36\n \n \n2 \nassociations de jeunesse et d'\u00e9ducation populaire ; \n \nARR\u00caT\u00c9 \nArticle premier : \nL'agr\u00e9ment au titre des associations de jeunesse et d'\u00e9ducation populaire est attribu\u00e9 \u00e0 l'association : \n \nAXES PLURIELS \nRNA : W751140971 \n \ndont le si\u00e8ge social est situ\u00e9 \u00e0 : 55 rue du Ch\u00e2teau d'Eau 75010 - Paris \n \ndont l'objet statutaire est :  \n \n- L'\u00e9tude, l'intervention et la formation professionnelle. C'est une association de solidarit\u00e9 internationale \u00e0 \nbut humanitaire \n. \nLe num\u00e9ro de l'agr\u00e9ment \u00e0 rappeler dans les correspondances avec l'administration est le suivant :  \n2025-JEP-75-31 \n \nArticle 2 :  \nL'association mentionn\u00e9e ci -dessus est tenue d'informer sans d\u00e9lai  l'autorit\u00e9 publique comp\u00e9tente de tout \nchangement relatif aux crit\u00e8res d'attribution du pr\u00e9sent agr\u00e9ment et notamment les changements de si\u00e8ge social, \nde statuts et de repr\u00e9sentant l\u00e9gal. \n \nArticle 3 : \nL'association mentionn\u00e9e ci -dessus tiendra \u00e0 dispositi on de l'administration, dans le cadre d'un contr\u00f4le, tout \ndocument justifiant de l'agr\u00e9ment et notamment les proc\u00e8s -verbaux d'assembl\u00e9e g\u00e9n\u00e9rale, les rapports financiers \ndes exercices \u00e9coul\u00e9s et les rapports annuels d'activit\u00e9s. \n \nArticle 4 : \nCet agr\u00e9ment de jeunesse et d'\u00e9ducation populaire n'est valide que si l'association mentionn\u00e9e ci-dessus d\u00e9tient un \ntronc commun d'agr\u00e9ment en cours de validit\u00e9. \n \nArticle 5 :  \nL'arr\u00eat\u00e9 entre en vigueur \u00e0 compter de la date de sa publication et pour une dur\u00e9e de cinq ans. \n \nArticle 6 : \nLa cheffe du service d\u00e9partemental \u00e0 la jeunesse, \u00e0 l'engagement et aux sports de Paris est charg\u00e9 de l'ex\u00e9cution du \npr\u00e9sent arr\u00eat\u00e9 qui sera publi\u00e9 au recueil des actes administratifs de la pr\u00e9fecture de r\u00e9gion d'\u00cele -de-France, \npr\u00e9fecture de Paris. \n \nFait \u00e0 Paris, le 02/09/2025 \n \n \n \n \n \n \n \n \n \n \n \nPour la rectrice, et par subd\u00e9l\u00e9gation, \nla conseill\u00e8re du directeur de l'acad\u00e9mie de Paris, \ncheffe du service d\u00e9partemental \u00e0 la jeunesse, \u00e0 \nl'engagement et aux sports de Paris \n                                  Sign\u00e9 \nJeanne DELACOURT  \n \n \n \n \nRectorat de la r\u00e9gion acad\u00e9mique d'Ile-de-France, rectorat de l'acad\u00e9mie de Paris - IDF-2025-09-02-00005 - Arr\u00eat\u00e9 n\u00b0 2025-113-RRA\nportant agr\u00e9ment au titre de la Jeunesse et de l'\u00c9ducation Populaire pour l'association AXES PLURIELS - SDJES de Paris 37\nRectorat de la r\u00e9gion acad\u00e9mique\nd'Ile-de-France, rectorat de l'acad\u00e9mie de Paris\nIDF-2025-09-02-00006\nArr\u00eat\u00e9 n\u00b0 2025-114-RRA portant reconnaissance\ndu tronc commun d'agr\u00e9ment d'une association\nAXES PLURIELS - SDJES de Paris\nRectorat de la r\u00e9gion acad\u00e9mique d'Ile-de-France, rectorat de l'acad\u00e9mie de Paris - IDF-2025-09-02-00006 - Arr\u00eat\u00e9 n\u00b0 2025-114-RRA\nportant reconnaissance du tronc commun d'agr\u00e9ment d'une association AXES PLURIELS - SDJES de Paris 38\nREGION ACADEMIQUE\u00ceLE-DE-FRANCELibert\u00e9\u00c9galit\u00e9Fraternit\u00e9\n  \n \nService d\u00e9partemental \u00e0 la jeunesse,  \n\u00e0 l'engagement et aux sports de Paris  \n \n \n \n \nService D\u00e9partemental \u00e0 la Jeunesse, \u00e0 l'Engagement et aux Sports de Paris  \n6/8 rue Eug\u00e8ne Oudin\u00e9 \u2013 CS 81360 - 75634 PARIS CEDEX 13 \n \n \n \n \n              ARR\u00caT\u00c9 N\u00b02025-114-RRA \n \nportant reconnaissance du tronc commun d'agr\u00e9ment d'une association \n \nLA RECTRICE DE LA R\u00c9GION ACAD\u00c9MIQUE \u00ceLE-DE-FRANCE \nRECTRICE DE PARIS \nCHANCELIERE DES UNIVERSIT\u00c9S DE PARIS  \nET D'\u00ceLE-DE-FRANCE  \n \n \nVU  la loi n\u00b0 2000 -321 du 12 avril 2000 modifi\u00e9e relative aux droits des citoyens dans leurs relations avec les \nadministrations et notamment son article 25-1 ; \nVU le d\u00e9cret n\u00b0 2017 -908 du 6 mai 2017 portant diverses dispositions relatives au r\u00e9gime juridique des \nassociations, des fondations, des fonds de dotation et des organismes faisant appel public \u00e0 la g\u00e9n\u00e9rosit\u00e9 \net notamment ses articles 15 \u00e0 21 ; \nVU le d\u00e9cret du Pr\u00e9sident de la R\u00e9publique du 12 mars 2025 nommant Mme Julie BENETTI, rectrice de la r\u00e9gion \nacad\u00e9mique \u00cele-de-France, rectrice de l'acad\u00e9mie de Paris ;  \nVU l'arr\u00eat\u00e9 n\u00b02020 -32 du 21 d\u00e9cembre 2020 modifi\u00e9 portant organisation de la d\u00e9l\u00e9gation r\u00e9gionale \nacad\u00e9mique \u00e0 la jeunesse, \u00e0 l'eng agement et aux sports et des services d\u00e9partementaux \u00e0 la jeunesse, \u00e0 \nl'engagement et aux sports ; \nVU le protocole r\u00e9gional d\u00e9partemental conclu entre le pr\u00e9fet de la r\u00e9gion d'Ile -de-France, pr\u00e9fet de Paris, et \nle recteur de la r\u00e9gion acad\u00e9mique d'Ile-de-France, recteur de l'acad\u00e9mie de Paris, le 24 d\u00e9cembre 2020; \n \nVU l'arr\u00eat\u00e9 n\u00b0 75-2025-03-26-00004 du 26 mars 2025 portant d\u00e9l\u00e9gation du pr\u00e9fet de la r\u00e9gion d'Ile-de-France, \npr\u00e9fet de Paris \u00e0 Mme Julie BENETTI, rectrice de la r\u00e9gion acad\u00e9mique Ile-de-France, rectrice de \nl'acad\u00e9mie de Paris, en mati\u00e8re administrative ; \n \nVU  l'arr\u00eat\u00e9 minist\u00e9riel du 4 mai 2021 nommant Mme Jeanne DELACOURT dans l'emploi de conseill\u00e8re du \ndirecteur acad\u00e9mique des services de l'\u00e9ducation en mati\u00e8re de jeunesse, d'engagemen t et de sports de \nParis ; \n \nVU  le d\u00e9cret du Pr\u00e9sident de la R\u00e9publique du 26 f\u00e9vrier 2025 portant nomination de M. Laurent NOE en qualit\u00e9 \nde directeur de l'acad\u00e9mie de Paris ;  \n \nVU l'arr\u00eat\u00e9 n\u00b0 2025-033-RRA du 27 mars 2025 portant subd\u00e9l\u00e9gation de signature en mati\u00e8re administrative \nde la rectrice de la r\u00e9gion acad\u00e9mique Ile-de-France, rectrice de l'acad\u00e9mie de Paris ; pour la mise en \n\u0153uvre des missions de jeunesse, d'engagement et de sports ;  \n \n \n \n \n  \n \nRectorat de la r\u00e9gion acad\u00e9mique d'Ile-de-France, rectorat de l'acad\u00e9mie de Paris - IDF-2025-09-02-00006 - Arr\u00eat\u00e9 n\u00b0 2025-114-RRA\nportant reconnaissance du tronc commun d'agr\u00e9ment d'une association AXES PLURIELS - SDJES de Paris 39\n \n \n2 \nARR\u00caT\u00c9 \n \n \nArticle premier :  \nL'association suivante est r\u00e9put\u00e9e satisfaire aux conditions portant sur le tronc commun d'agr\u00e9ment : \nla libert\u00e9 de conscience de ses membres, le respect du principe de non-discrimination, un mode de fonctionnement \nd\u00e9mocratique, une gestion financi\u00e8re transparente, permettre l'\u00e9gal acc\u00e8s des hommes, des femmes et des jeunes \naux instances dirigeantes.et respecter le contrat d'engagement r\u00e9publicain. \n \n \nAXES PLURIELS \n \nRNA: W751140971 \n \ndont le si\u00e8ge social est situ\u00e9 \u00e0 : 55 rue du Ch\u00e2teau d'Eau 75010 - Paris \n \n \nArticle 2 :  \nL'arr\u00eat\u00e9 entre en vigueur \u00e0 compter de la date de sa publication et pour une dur\u00e9e de cinq ans. \n \nArticle 3 : \nL'association mentionn\u00e9e ci -dessus est tenue d'informer sans d\u00e9lai l'autorit\u00e9 publique comp\u00e9tente de tout \nchangement relatif aux crit\u00e8res d'attribution de la pr\u00e9sente reconnaissance et notamment les changements de si\u00e8ge \nsocial, de statuts et de repr\u00e9sentant l\u00e9gal. \n \nArticle 4 : \nL'association mentionn\u00e9e ci -dessus tiendra \u00e0 disposition de l'administration, dans le cadre d'un contr\u00f4le, tout \ndocument justifiant de la re connaissance du tronc commun et notamment les proc\u00e8s -verbaux d'assembl\u00e9e \ng\u00e9n\u00e9rale, les rapports financiers des exercices \u00e9coul\u00e9s et les rapports annuels d'activit\u00e9s. \n \nArticle 5 : \nLa cheffe du service d\u00e9partemental \u00e0 la jeunesse, \u00e0 l'engagement et aux sports de Paris est charg\u00e9 de l'ex\u00e9cution du \npr\u00e9sent arr\u00eat\u00e9 qui sera publi\u00e9 au recueil des actes administratifs de la pr\u00e9fecture de r\u00e9gion d'\u00cele -de-France, \npr\u00e9fecture de Paris. \n \n \nFait \u00e0 Paris, le 02/09/2025 \n \n \n \n \n \n \n \n \n \n \n \n \nPour la rectrice, et par subd\u00e9l\u00e9gation, \nla conseill\u00e8re du directeur de l'acad\u00e9mie de Paris, \ncheffe du service d\u00e9partemental \u00e0 la jeunesse, \u00e0 \nl'engagement et aux sports de Paris \n \nSign\u00e9 \n \nJeanne DELACOURT  \n \n \n \n \n \n \nRectorat de la r\u00e9gion acad\u00e9mique d'Ile-de-France, rectorat de l'acad\u00e9mie de Paris - IDF-2025-09-02-00006 - Arr\u00eat\u00e9 n\u00b0 2025-114-RRA\nportant reconnaissance du tronc commun d'agr\u00e9ment d'une association AXES PLURIELS - SDJES de Paris 40","date":"2025-09-04","first_seen_on":"2025-09-04T16:50:53+00:00","id":"957dcd91f7a9673e57518a2129508a0186559ad138b8b96f5113a3858db6f046","name":"recueil-idf-016-2025-09-recueil-des-actes-administratifs-special du 04.09.2025","pdf_creation_date":"2025-09-04T15:02:40+00:00","pdf_modification_date":null,"timezone":"Europe/Paris","url":"https://www.prefectures-regions.gouv.fr/ile-de-france/irecontenu/telechargement/130692/960931/file/recueil-idf-016-2025-09-recueil-des-actes-administratifs-special%20du%2004.09.2025.pdf"}
