{"administration":"pref30","administration_name":"Pr\u00e9fecture du Gard","content":"PR\u00c9FET\nDU GARD\nRECUEIL DES ACTES\nADMINISTRATIFS\nN\u00b030-2026-038\nPUBLI\u00c9 LE 27 F\u00c9VRIER 2026\nSommaire\nDirection D\u00e9partementale des Tetrritoires et de la Mer du Gard /\n30-2026-02-24-00010 - Arr\u00eat\u00e9 pr\u00e9fectoral portant agr\u00e9ment de la\nSAS AQUAFOS pour la r\u00e9alisation des vidanges des installations\nd'assainissement non collectif et leur transport jusqu'\u00e0 la station\nd'\u00e9puration de Calvisson, lieu d'\u00e9limination (5 pages) Page 4\n30-2026-02-27-00001 - D\u00e9cision portant d\u00e9ch\u00e9ance des droits de\npropri\u00e9t\u00e9 d'un navire abandonn\u00e9 de type voilier go\u00e9lette\n(AMBROS), sans immatriculation, du nom de Lady Black (2 pages) Page 10\nDirection Intrerd\u00e9partementale de la police nationale du Gard /\n30-2026-02-23-00005 - arr\u00eat\u00e9 subd\u00e9l\u00e9gation affaires courantes\nfonctionnement du service DIPN30 (4 pages) Page 13\nDirection territoriale de la protection judiciaire de la jeunesse - Gard et\nLoz\u00e8re (DTPJJ) (Nimes 30) /\n30-2026-02-24-00005 - ARRETE PORTANT HABILITATION JUSTICE AEMO\nMECS AN - CA (3 pages) Page 18\n30-2026-02-24-00006 - ARRETE PORTANT HABILITATION JUSTICE AEMO\nMECS SAINT JOSEPH (3 pages) Page 22\n30-2026-02-24-00004 - ARRETE PORTANT HABILITATION JUSTICE\nASSOCIATION PLURIELS (3 pages) Page 26\n30-2026-02-18-00009 - ARRETE portant modification de l'autorisation de\nfonctionnement MECS Louis DEFOND (3 pages) Page 30\nDREAL_Direction r\u00e9gionale de l'environnement, de l'am\u00e9nagement et du\nlogement d'Auvergne-Rh\u00f4ne-Alpes (si\u00e8ge \u00e0 LYON) /\n30-2026-02-25-00002 - Arr\u00eat\u00e9 cr\u00e9ation port de plaisance fluvial \u00e0\nFourques  (4 pages) Page 34\n30-2026-02-25-00003 - Arr\u00eat\u00e9 de r\u00e9gularisation et prescriptions\nsp\u00e9cifiques pour une prise eau \u00e0 Beaucaire (6 pages) Page 39\nPrefecture du Gard /\n30-2026-02-26-00003 - AP fixant les dates limites et lieux de d\u00e9p\u00f4t de la\npropagande (4 pages) Page 46\n30-2026-02-25-00006 - AP fixant les dates limites et lieux de d\u00e9p\u00f4t de la\npropagande pour les municipales 2026 (4 pages) Page 51\n30-2026-02-26-00002 - AP portant constitution des commissions de\npropagande pour les \u00e9lections municipales 2026 (18 pages) Page 56\nPrefecture du Gard / Cabinet du pr\u00e9fet\n30-2026-02-26-00007 - Arr\u00eat\u00e9 N\u00b030-2026-058-001 portant classement\ndu passage \u00e0 niveau n\u00b010 (PK 700,175) de la ligne touristique Anduze -\nSaint-Jean-du6Gard sur le territoire de la commune de G\u00e9n\u00e9rargues (4\npages) Page 75\n2\nSous Pr\u00e9fecture d'Al\u00e8s /\n30-2026-02-27-00003 -\nA-CREATION-HABILITATION-26-02-55-DU-27-02-26-PF-CARMAGUAISES-GENERAC\n(2 pages) Page 80\n30-2026-02-26-00006 -\nA-CREATION-HABILITATION-FUNERAIRE26-02-64-DE26-02-26-PF-BRUN (2\npages) Page 83\n30-2026-02-27-00004 -\nA-RENOUVEL-HABILITATION-26-02-57-DU-27-02-26-PF-FERNANDEZ-MARGUERITTES\n(2 pages) Page 86\n30-2026-02-27-00005 -\nA-RENOUVEL-HABILITATION-26-02-58-DU-27-02-26-PF-FERNANDEZ-NIMES\n(2 pages) Page 89\n3\nDirection D\u00e9partementale des Tetrritoires et de\nla Mer du Gard\n30-2026-02-24-00010\nArr\u00eat\u00e9 pr\u00e9fectoral portant agr\u00e9ment de la SAS\nAQUAFOS pour la r\u00e9alisation des vidanges des\ninstallations d'assainissement non collectif et\nleur transport jusqu'\u00e0 la station d'\u00e9puration de\nCalvisson, lieu d'\u00e9limination\nDirection D\u00e9partementale des Tetrritoires et de la Mer du Gard - 30-2026-02-24-00010 - Arr\u00eat\u00e9 pr\u00e9fectoral portant agr\u00e9ment de la\nSAS AQUAFOS pour la r\u00e9alisation des vidanges des installations d'assainissement non collectif et leur transport jusqu'\u00e0 la station\nd'\u00e9puration de Calvisson, lieu d'\u00e9limination\n4\nDirection d\u00e9partementale\ndes territoires et de la mer\nService eau et nature\nUnit\u00e9 gestion qualitative et milieux aquatiques\nSEN/GQMA/GS\nARR\u00caT\u00c9 PREFECTORAL N\u00b0  \nportant \nagr\u00e9ment de la SAS AQUAFOS pour la r\u00e9alisation des vidanges des installations\nd'assainissement non collectif et leur transport jusqu'\u00e0 la station d'\u00e9puration de Calvisson,\nlieu d'\u00e9limination\nAgr\u00e9ment 2026-N- SOCIETE AQUAFOS-030-0002\nLe pr\u00e9fet du Gard\nChevalier de la l\u00e9gion d'honneur\nOfficier de l'ordre national du m\u00e9rite \nVU Le code de l'environnement, notamment ses articles R.211-25 \u00e0 R 211-45.\nVU Le code g\u00e9n\u00e9ral des collectivit\u00e9s territoriales, notamment son article L. 2224-8 .\nVU Le code de la sant\u00e9 publique, notamment son article L. 1331-1-1.\nVu L'arr\u00eat\u00e9 du 8 janvier 1998 fixant les prescriptions techniques applicables aux \u00e9pandages de boues sur\nles sols agricoles.\nVu L'arr\u00eat\u00e9 minist\u00e9riel du 7 septembre 2009 (NOR : DEVO0920065A) d\u00e9finissant les modalit\u00e9s d'agr\u00e9ment\ndes personnes r\u00e9alisant les vidanges des mati\u00e8res extraites des installations d'assainissement non collectif\net prenant en charge leur transport jusqu'au lieu de leur \u00e9limination, modifi\u00e9 par l'arr\u00eat\u00e9 du 3 d\u00e9cembre\n2010 (NOR : DEVO1021668A).\nVu Le d\u00e9cret du 13 juillet 2023 nommant M. J\u00e9r\u00f4me BONET, pr\u00e9fet du Gard.\nVu L'arr\u00eat\u00e9 pr\u00e9fectoral du Gard n\u00b0 30-2024-03-21-00007 du 21 mars 2024 portant d\u00e9l\u00e9gation de signature\nen  mati\u00e8re  d'administration  g\u00e9n\u00e9rale  \u00e0  monsieur  S\u00e9bastien  FERRA,  direction  d\u00e9partementale  des\nterritoires et de la mer du Gard.\nVu La d\u00e9cision de monsieur S\u00e9bastien FERRA, directeur de la direction d\u00e9partementale des territoires et\nde la mer du Gard portant subd\u00e9l\u00e9gation de signature aux agents de la direction d\u00e9partementale des\nterritoires et de la mer du Gard.\nVu Le dossier de demande d'agr\u00e9ment re\u00e7ue le 18 f\u00e9vrier 2026 et pr\u00e9sent\u00e9 par la SAS AQUAFOS.\n89, rue Weber \u2013 30907 NIMES CEDEX 2\nT\u00e9l : 04 66 62 62 00 - Fax : 04 66 23 28 79 - www.g ard.gouv.fr\nDirection D\u00e9partementale des Tetrritoires et de la Mer du Gard - 30-2026-02-24-00010 - Arr\u00eat\u00e9 pr\u00e9fectoral portant agr\u00e9ment de la\nSAS AQUAFOS pour la r\u00e9alisation des vidanges des installations d'assainissement non collectif et leur transport jusqu'\u00e0 la station\nd'\u00e9puration de Calvisson, lieu d'\u00e9limination\n5\nVu Le dossier des pi\u00e8ces pr\u00e9sent\u00e9es \u00e0 l'appui de ladite demande et comprenant notamment :\n\u2022 un engagement de respect des obligations qui incombent \u00e0 la personne agr\u00e9\u00e9e ;\n\u2022 une fiche comportant les informations n\u00e9cessaires \u00e0 l'identification du demandeur ;\n\u2022 une fiche de renseignements sur les moyens mis en \u0153uvre pour assurer la vidange des\ninstallations d'assainissement non collectif, la prise en charge des mati\u00e8res de vidange,\nleur transport et leur \u00e9limination ;\n\u2022 la quantit\u00e9 maximale annuelle de mati\u00e8re pour laquelle l'agr\u00e9ment est demand\u00e9 ;\n\u2022 l'attestation  de  transmission  \u00e0  la  DDTM  du  Gard  des documents  permettant  de\njustifier d'un acc\u00e8s sp\u00e9cifique \u00e0 une ou plusieurs fili\u00e8res d'\u00e9limination des mati\u00e8res de\nvidange et d'assurer un suivi des vidanges effectu\u00e9es, d\u00e8s sa possession par  la SAS\nAQUAFOS  ;\n\u2022 un exemplaire du bordereau de suivi.\nCONSIDERANT  Q ue  l'ensemble  des  pi\u00e8ces  mentionn\u00e9es  \u00e0  l'annexe  I  de  l'arr\u00eat\u00e9  minist\u00e9riel  du\n7 septembre 2009 susvis\u00e9 ont \u00e9t\u00e9 d\u00e9livr\u00e9es par le demandeur.\nCONSIDERANT Q ue la demande d'agr\u00e9ment indique la quantit\u00e9 maximale annuelle de mati\u00e8res pour\nlaquelle l'agr\u00e9ment est demand\u00e9 et justifie, pour cette m\u00eame quantit\u00e9, d'un acc\u00e8s sp\u00e9cifique \u00e0 une ou\nplusieurs fili\u00e8res d'\u00e9limination agr\u00e9\u00e9es des mati\u00e8res de vidange.\nCONSIDERANT Q ue le  bordereau de  suivi des  mati\u00e8res  de  vidange  propos\u00e9 par  le demandeur est\nconforme aux prescriptions de l'annexe II de l'arr\u00eat\u00e9 minist\u00e9riel du 7 septembre 2009 susvis\u00e9.\nSUR PROPOSITION De monsieur le directeur de la direction d\u00e9partementale des territoires et de la mer\ndu Gard.\nARR\u00caTE \nARTICLE 1 : B\u00e9n\u00e9ficiaire de l'agr\u00e9ment\nSAS AQUAFOS\n22, chemin du Puech de P\u00e9tillan\n30670 Aigues-Vives\nT\u00e9l\u00e9phone : 06 03 02 44 88\nCourriel : contact@aquafos.fr\nSIRET n\u00b0 995 356 458 00019\nRCS N\u00eemes B n\u00b0 995 356 458\nARTICLE 2 : Objet de l'agr\u00e9ment\nLa  SAS AQUAFOS  situ\u00e9e  sur  la  commune  d'Aigues-Vives,  est  agr\u00e9\u00e9  pour  r\u00e9aliser  les  vidanges  des\ninstallations d'assainissement non collectif localis\u00e9es dans les d\u00e9partements du Gard (30), de l'H\u00e9rault\n(34), de l'Ard\u00e8che (07), du Vaucluse (84), des Bouc hes-du-Rh\u00f4ne (13) et leur transport jusqu'au lieu de\nleur \u00e9limination \u00e0 la station d'\u00e9puration de Calvisson.\nLa quantit\u00e9 maximale annuelle de mati\u00e8res de vidange vis\u00e9e par le pr\u00e9sent agr\u00e9ment est de 300 m3 par\nan.\nLes fili\u00e8res d'\u00e9limination valid\u00e9es par le pr\u00e9sent agr\u00e9ment sont les suivantes :\n\u2022 Convention  de  d\u00e9potage  de  mati\u00e8res  de  vidange  sur  la  station  d'\u00e9puration  de\nCalvisson.\n89, rue Weber \u2013 30907 NIMES CEDEX 2\nT\u00e9l : 04 66 62 62 00 - Fax : 04 66 23 28 79 - www.g ard.gouv.fr\nDirection D\u00e9partementale des Tetrritoires et de la Mer du Gard - 30-2026-02-24-00010 - Arr\u00eat\u00e9 pr\u00e9fectoral portant agr\u00e9ment de la\nSAS AQUAFOS pour la r\u00e9alisation des vidanges des installations d'assainissement non collectif et leur transport jusqu'\u00e0 la station\nd'\u00e9puration de Calvisson, lieu d'\u00e9limination\n6\nARTICLE 3 : Suivi de l'activit\u00e9\nLe b\u00e9n\u00e9ficiaire de l'agr\u00e9ment doit respecter les prescriptions g\u00e9n\u00e9rales d\u00e9finies dans l'arr\u00eat\u00e9 minist\u00e9riel\ndu 7 septembre 2009 susvis\u00e9.\nLe b\u00e9n\u00e9ficiaire de l'agr\u00e9ment \u00e9tablit pour chaque vidange un bordereau de suivi des mati\u00e8res de vidange\nen trois volets comportant a minima les informations pr\u00e9vues \u00e0 l'annexe II de l'arr\u00eat\u00e9 minist\u00e9riel du 7\nseptembre  2009  susvis\u00e9.  Ces  trois  volets  sont  conserv\u00e9s  respectivement  par  le  propri\u00e9taire  de\nl'installation vidang\u00e9e, le b\u00e9n\u00e9ficiaire de l'agr\u00e9ment et le responsable de la fili\u00e8re d'\u00e9limination. Le volet\nconserv\u00e9  par  le  propri\u00e9taire  de l'installation  vidang\u00e9e  est  sign\u00e9  par lui-m\u00eame  et le  b\u00e9n\u00e9ficiaire  de\nl'agr\u00e9ment. Ceux conserv\u00e9s par le b\u00e9n\u00e9ficiaire de l'agr\u00e9ment et le responsable de la fili\u00e8re d'\u00e9limination\nsont sign\u00e9s par les trois parties.\nLe b\u00e9n\u00e9ficiaire de l'agr\u00e9ment adresse au service en charge de la police de l'eau, chaque ann\u00e9e avant le 1er\navril, un bilan d'activit\u00e9 de vidange de l'ann\u00e9e ant\u00e9rieure. Ce bilan comporte a minima :\n\u2022 les  informations  concernant le nombre d'installations  vidang\u00e9es  par  commune  et les\nquantit\u00e9s totales de mati\u00e8res correspondantes ;\n\u2022 les quantit\u00e9s de mati\u00e8re dirig\u00e9es vers les diff\u00e9rentes fili\u00e8res d'\u00e9limination ;\n\u2022 un  \u00e9tat  des  moyens  de  vidange  dont  dispose  le  b\u00e9n\u00e9ficiaire  de  l'agr\u00e9ment  et  les\n\u00e9volutions envisag\u00e9es.\nCe  document  comprend  en  annexe  une  attestation  sign\u00e9e  par  le  responsable  de  chaque  fili\u00e8re\nd'\u00e9limination indiquant notamment la quantit\u00e9 de mati\u00e8res de vidange livr\u00e9e par le b\u00e9n\u00e9ficiaire de\nl'agr\u00e9ment.\nLe b\u00e9n\u00e9ficiaire de l'agr\u00e9ment tient \u00e0 jour un registre, class\u00e9 par dates, comportant les bordereaux de suivi\ndes mati\u00e8res de vidange ainsi que les bilans annuels d'activit\u00e9s. Ce document est tenu en permanence \u00e0\nla disposition du pr\u00e9fet et de ses services. La dur\u00e9e de conservation des bordereaux de suivi et des bilans\nannuels est de dix ann\u00e9es.\nARTICLE 4 : Contr\u00f4le par l'administration\nLe pr\u00e9fet et ses services peuvent proc\u00e9der \u00e0 la r\u00e9alisation des contr\u00f4les n\u00e9cessaires \u00e0 la v\u00e9rification de\nl'exactitude des d\u00e9clarations effectu\u00e9es par le b\u00e9n\u00e9ficiaire de l'agr\u00e9ment et contr\u00f4ler le respect de ses\nobligations  au  titre  de  l'arr\u00eat\u00e9  minist\u00e9riel  du  7  septembre  2009  susvis\u00e9  et  du  pr\u00e9sent  arr\u00eat\u00e9.  Ces\nop\u00e9rations de contr\u00f4le peuvent \u00eatre inopin\u00e9es.\nARTICLE 5 : Modification des conditions de l'agr\u00e9ment\nEn cas de modification ou de projet de modification de la quantit\u00e9 maximale annuelle de mati\u00e8res de\nvidange agr\u00e9\u00e9e et/ou de la (des) fili\u00e8re(s) d'\u00e9limination, le b\u00e9n\u00e9ficiaire de l'agr\u00e9ment sollicite aupr\u00e8s du\nPr\u00e9fet une modification des conditions de son agr\u00e9ment.\nARTICLE 6 : Autres r\u00e9glementations\nLe pr\u00e9sent arr\u00eat\u00e9 ne dispense en aucun cas le b\u00e9n\u00e9ficiaire de l'agr\u00e9ment de faire les d\u00e9clarations ou\nd'obtenir les autorisations requises par d'autres r\u00e9glementations.\nARTICLE 7 : Dur\u00e9e de l'agr\u00e9ment\nLa dur\u00e9e de validit\u00e9 de l'agr\u00e9ment est fix\u00e9e \u00e0 cinq ans \u00e0 compter de la date de signature du pr\u00e9sent\narr\u00eat\u00e9.\n89, rue Weber \u2013 30907 NIMES CEDEX 2\nT\u00e9l : 04 66 62 62 00 - Fax : 04 66 23 28 79 - www.g ard.gouv.fr\nDirection D\u00e9partementale des Tetrritoires et de la Mer du Gard - 30-2026-02-24-00010 - Arr\u00eat\u00e9 pr\u00e9fectoral portant agr\u00e9ment de la\nSAS AQUAFOS pour la r\u00e9alisation des vidanges des installations d'assainissement non collectif et leur transport jusqu'\u00e0 la station\nd'\u00e9puration de Calvisson, lieu d'\u00e9limination\n7\nA l'expiration de cette p\u00e9riode, l'agr\u00e9ment peut \u00eatre renouvel\u00e9 pour une m\u00eame dur\u00e9e maximale de dix\nans, sur demande expresse du b\u00e9n\u00e9ficiaire. La demande de renouvellement de l'agr\u00e9ment est transmise\nau service en charge de la police de l'eau au moins six mois avant la date limite de fin de validit\u00e9 de\nl'agr\u00e9ment initial. Cette demande est accompagn\u00e9e d'un dossier comportant l'ensemble des pi\u00e8ces\nmentionn\u00e9es \u00e0 l'annexe I de l'arr\u00eat\u00e9 minist\u00e9riel du 7 septembre 2009 susvis\u00e9 actualis\u00e9es.\nLorsque les modalit\u00e9s ci-dessus sont respect\u00e9es, la validit\u00e9 de l'agr\u00e9ment initial est prolong\u00e9e jusqu'\u00e0\nnotification de la d\u00e9cision pr\u00e9fectorale concernant la demande de renouvellement.\nLe Pr\u00e9fet peut toutefois d\u00e9cider de retirer cette prolongation temporaire d'agr\u00e9ment conform\u00e9ment \u00e0\nl'article 6 de l'arr\u00eat\u00e9 minist\u00e9riel du 7 septembre 2009 susvis\u00e9 ou en cas de manquement du demandeur \u00e0\nses obligations dans le cadre de l'instruction de son dossier de demande de renouvellement d'agr\u00e9ment.\nARTICLE 8 : Suspension ou suppression de l'agr\u00e9ment\nL'agr\u00e9ment peut \u00eatre retir\u00e9 ou modifi\u00e9 \u00e0 l'initiative du Pr\u00e9fet dans les cas suivants :\n\u2022 en cas de faute professionnelle grave ou de manquement \u00e0 la moralit\u00e9 professionnelle ;\n\u2022 lorsque la capacit\u00e9 des fili\u00e8res d'\u00e9limination des mati\u00e8res de vidange ne permet pas de recevoir la\nquantit\u00e9 maximale pour laquelle le b\u00e9n\u00e9ficiaire a \u00e9t\u00e9 agr\u00e9\u00e9 ;\n\u2022 en cas de manquement du b\u00e9n\u00e9ficiaire aux obligations de l'arr\u00eat\u00e9 minist\u00e9riel du 7 septembre\n2009 susvis\u00e9, en particulier, en cas d'\u00e9limination de mati\u00e8res de vidange hors des fili\u00e8res pr\u00e9vues\npar l'agr\u00e9ment ;\n\u2022 en cas de non-respect des \u00e9l\u00e9ments d\u00e9clar\u00e9s dans la demande d'agr\u00e9ment.\nEn cas de retrait ou de suspension de l'agr\u00e9ment, le b\u00e9n\u00e9ficiaire ne peut plus  assurer les activit\u00e9s\nmentionn\u00e9es \u00e0 l'article 2 du pr\u00e9sent arr\u00eat\u00e9 et est tenu de prendre toute disposition n\u00e9cessaire pour\nveiller \u00e0 ce que les mati\u00e8res de vidange dont il a pris la charge ne provoquent aucune nuisance et de les\n\u00e9liminer conform\u00e9ment \u00e0 la r\u00e9glementation.\nLe b\u00e9n\u00e9ficiaire dont l'agr\u00e9ment a \u00e9t\u00e9 retir\u00e9 ne peut pr\u00e9tendre \u00e0 un nouvel agr\u00e9ment dans les six mois \u00e0\ncompter de la notification de la d\u00e9cision de retrait.\nARTICLE 9 : Publication et information des tiers\nCet arr\u00eat\u00e9 est publi\u00e9 au recueil des actes administratifs des services de l'\u00c9tat du d\u00e9partement du Gard.\nUne liste des personnes agr\u00e9\u00e9es est publi\u00e9e sur le site Internet de la pr\u00e9fecture.\nUne copie est adress\u00e9e  pour information  au pr\u00e9sident de la  chambre d'agriculture du Gard  et au\ndirecteur de la d\u00e9l\u00e9gation territoriale l'agence r\u00e9gionale de sant\u00e9.\nARTICLE 10 : Voie et d\u00e9lais de recours\nLe pr\u00e9sent arr\u00eat\u00e9 est susceptible de recours devant le tribunal administratif territorialement comp\u00e9tent,\nconform\u00e9ment \u00e0 l'article R514-3-1 du Code de l'environnement dans les conditions suivantes :\n1\u00b0 Par les p\u00e9titionnaires ou exploitants, dans un d\u00e9lai de deux mois \u00e0 compter du jour o\u00f9 la\nd\u00e9cision leur a \u00e9t\u00e9 notifi\u00e9e ;\n2\u00b0 Par les tiers int\u00e9ress\u00e9s en raison des inconv\u00e9nients ou des dangers pour les int\u00e9r\u00eats mentionn\u00e9s\n\u00e0 l'article 211-1  du code  de l'environnement dans  un d\u00e9lai de quatre mois  \u00e0 compter de la\npublication de la d\u00e9cision sur le site internet de la pr\u00e9fecture. \n89, rue Weber \u2013 30907 NIMES CEDEX 2\nT\u00e9l : 04 66 62 62 00 - Fax : 04 66 23 28 79 - www.g ard.gouv.fr\nDirection D\u00e9partementale des Tetrritoires et de la Mer du Gard - 30-2026-02-24-00010 - Arr\u00eat\u00e9 pr\u00e9fectoral portant agr\u00e9ment de la\nSAS AQUAFOS pour la r\u00e9alisation des vidanges des installations d'assainissement non collectif et leur transport jusqu'\u00e0 la station\nd'\u00e9puration de Calvisson, lieu d'\u00e9limination\n8\nLe d\u00e9lai court \u00e0 compter de la derni\u00e8re formalit\u00e9 accomplie. Si l'affichage constitue cette derni\u00e8re\nformalit\u00e9, le d\u00e9lai court \u00e0 compter du premier jour d'affichage de la d\u00e9cision.\nLes  tiers  peuvent  \u00e9galement d\u00e9poser une r\u00e9clamation apr\u00e8s  la  mise en service,  aux  seules  fins  de\ncontester l'insuffisance ou l'inadaptation des prescriptions de l'arr\u00eat\u00e9 : le pr\u00e9fet dispose de 2 mois pour y\nr\u00e9pondre. En cas de rejet implicite ou explicite, les int\u00e9ress\u00e9s disposent d'un d\u00e9lai de 2 mois pour se\npourvoir contre cette d\u00e9cision.\nLe  tribunal  administratif  peut aussi \u00eatre  saisi  par l'application  informatique \u00ab telerecours  citoyens \u00bb\naccessible par le site internet www.telerecours.fr\nARTICLE 11 : Ex\u00e9cution\nLe directeur de la direction d\u00e9partementale des territoires et de la mer du Gard, le chef du service\nd\u00e9partemental  de  l'office  fran\u00e7aise  de  la  Biodiversit\u00e9  du  Gard  sont  charg\u00e9s,  chacun  en  ce  qui  le\nconcerne, de l'ex\u00e9cution du pr\u00e9sent arr\u00eat\u00e9. Une copie de cet arr\u00eat\u00e9 est transmis pour information \u00e0\nl'office fran\u00e7ais de la biodiversit\u00e9 du d\u00e9partement du Gard.\n    N\u00eemes, le 24 f\u00e9vrier 2026\n                                                                                         Pour le pr\u00e9fet et par d\u00e9l\u00e9gation,\n Pour le directeur d\u00e9partemental des\n territoires et de la mer du Gard et par d\u00e9l\u00e9gation,\n L'adjoint \u00e0 la cheffe du service eau et nature,\n                                                                                     \n    SIGNE\n    J\u00e9r\u00f4me GAUTHIER\n89, rue Weber \u2013 30907 NIMES CEDEX 2\nT\u00e9l : 04 66 62 62 00 - Fax : 04 66 23 28 79 - www.g ard.gouv.fr\nDirection D\u00e9partementale des Tetrritoires et de la Mer du Gard - 30-2026-02-24-00010 - Arr\u00eat\u00e9 pr\u00e9fectoral portant agr\u00e9ment de la\nSAS AQUAFOS pour la r\u00e9alisation des vidanges des installations d'assainissement non collectif et leur transport jusqu'\u00e0 la station\nd'\u00e9puration de Calvisson, lieu d'\u00e9limination\n9\nDirection D\u00e9partementale des Tetrritoires et de\nla Mer du Gard\n30-2026-02-27-00001\nD\u00e9cision portant d\u00e9ch\u00e9ance des droits de\npropri\u00e9t\u00e9 d'un navire abandonn\u00e9 de type voilier\ngo\u00e9lette (AMBROS), sans immatriculation, du\nnom de Lady Black\nDirection D\u00e9partementale des Tetrritoires et de la Mer du Gard - 30-2026-02-27-00001 - D\u00e9cision portant d\u00e9ch\u00e9ance des droits de\npropri\u00e9t\u00e9 d'un navire abandonn\u00e9 de type voilier go\u00e9lette (AMBROS), sans immatriculation, du nom de Lady Black 10\nE # Direction d\u00e9partementalePREFET des territoires et de la merDU GARDLibert\u00e9\u00c9galit\u00e9Fraternit\u00e9\nSATRGM/ARVMAffaire suivie par : Betty PLANTIERT\u00e9l. : 04 66 62 63 64betty.plantier@gard.gouv.fr\nDECISION N\u00b0Portant d\u00e9ch\u00e9ance des droits de propri\u00e9t\u00e9 d'un navire abandonn\u00e9Le pr\u00e9fet du GardChevalier de la L\u00e9gion d'honneur,Officier de l'ordre national du M\u00e9rite,\nVu le code g\u00e9n\u00e9ral de la propri\u00e9t\u00e9 des personnes publiques ;Vu le code g\u00e9n\u00e9ral des collectivit\u00e9s territoriales ;Vu la loi n\u00b0 85-662 du 3juillet 1985 modifi\u00e9e, relative aux mesures concernant dans les eaux territorialeset les eaux int\u00e9rieures, les navires et engins flottants abandonn\u00e9s ;Vu le d\u00e9cret n\u00b02004-112 du 6 f\u00e9vrier 2004 relatif \u00e0 l'organisation de l'action de l'\u00c9tat en mer ;Vu le d\u00e9cret n\u00b02016-1893 du 28 d\u00e9cembre 2016 relatif aux dispositions du livre ler, du livre IV, \u00e0l'exception de son titre IV, ainsi que des chapitres ler et IV des titres ler \u00e0 IX du livre VII de la cinqui\u00e8mepartie r\u00e9glementaire du code des transports, et portant diverses mesures d'adaptation relatives \u00e0l'outre-mer ;Vu le code des transports et notamment ses articles L5331-5 \u00e0 L5331-7, L.5141-1 \u00e0 L.5141-7, R5141-9 \u00e0 R5141-12 ;Vu la mise \u00e0 disposition du port de plaisance de Port Camargue \u00e0 la commune de Le Grau du Roi en datedu 4 janvier 1984;Vu la cr\u00e9ation, par d\u00e9cision du conseil municipal de la commune de Le Grau du Roi du 20 novembre2001, de la r\u00e9gie autonome du port de plaisance de Port Camargue en tant qu'autorit\u00e9 portuaire ;Vu la demande de d\u00e9ch\u00e9ance des droits de propri\u00e9t\u00e9 de l'autorit\u00e9 portuaire comp\u00e9tente (r\u00e9gieautonome de Port Camargue), en date du 8 ao\u00fbt 2025;Vu l'absence de r\u00e9ponse \u00e0 la mise en demeure du 16 septembre 2025, de monsieur le pr\u00e9fet du Gard,pour le navire Lady Black, de type voilier go\u00e9lette (AMBROS), sans immatriculation ;Consid\u00e9rant que le navire de type voilier go\u00e9lette (AMBROS), sans immatriculation, du nom de LadyBlack, \u00e0 l'emplacement 73 du quai d'honneur, abandonn\u00e9 sur le domaine public portuaire de PortCamargue, pr\u00e9sente des dangers pour l'environnement et se trouve dans un \u00e9tat d'abandon persistant89, rue Weber \u2014 30907 NIMES CEDEX 2T\u00e9l : 04 66 62 62 00 - Fax : 04 66 23 28 79 - www.gard.gouv.fr\nDirection D\u00e9partementale des Tetrritoires et de la Mer du Gard - 30-2026-02-27-00001 - D\u00e9cision portant d\u00e9ch\u00e9ance des droits de\npropri\u00e9t\u00e9 d'un navire abandonn\u00e9 de type voilier go\u00e9lette (AMBROS), sans immatriculation, du nom de Lady Black 11\nDECIDE\nArticle 1\u00b0:Le propri\u00e9taire, inconnu, du navire de type voilier go\u00e9lette (AMBROS), sans immatriculation, du nom deLady Black, abandonn\u00e9 sur le domaine public portuaire de Port Camargue,est d\u00e9chu de ses droits de propri\u00e9t\u00e9.\nArticle 2:Cette d\u00e9ch\u00e9ance des droits de propri\u00e9t\u00e9 prendra effet deux mois apr\u00e8s la date de publication de lapr\u00e9sente d\u00e9cision au recueil des actes administratifs.\nArticle 3 :Le navire de type voilier go\u00e9lette (AMBROS), sans immatriculation, du nom de Lady Black, pourra fairel'objet d'une vente ou d'une cession pour d\u00e9mant\u00e8lement, par la r\u00e9gie autonome du port de plaisancede Port Camargue, dans les conditions pr\u00e9vues aux articles L5141-4, L5141-4-1, L5141-4-2 et R5141-12 ducode des transports.\nArticle 4 :Ampliation de la pr\u00e9sente d\u00e9cision publi\u00e9e au recueil des actes administratifs, sera adress\u00e9e \u00e0 monsieurle directeur des services fiscaux, monsieur le directeur de la DDTM du Gard, monsieur le maire du Graudu Roi, monsieur le commandant de la brigade nautique de Le Grau du Roi et \u00e0 monsieur le directeur dela r\u00e9gie autonome du port de plaisance de Port Camargue aux fins de son ex\u00e9cution.\nN\u00eemes, le + jo2/ 2.6Le Pr\u00e9fet,Pour le pr\u00e9fet,ire g\u00e9n\u00e9ral'anGERARB\u2014\u2014\u2014\u2014\nVoies et d\u00e9lais de recours : La pr\u00e9sente d\u00e9cision peut faire l'objet d'un recours administratif gracieux devant l'autorit\u00e9 administrative comp\u00e9tente ou d'unrecours contentieux devant le tribunal administratif territorialement comp\u00e9tent dans un d\u00e9lai de deux mois \u00e0 compter de la notification de la pr\u00e9sented\u00e9cision.\n89, rue Weber - 30907 NIMES CEDEX 2T\u00e9l : 04 66 62 62 00 - Fax : 04 66 23 28 79 - www.gard.gouv.fr\nDirection D\u00e9partementale des Tetrritoires et de la Mer du Gard - 30-2026-02-27-00001 - D\u00e9cision portant d\u00e9ch\u00e9ance des droits de\npropri\u00e9t\u00e9 d'un navire abandonn\u00e9 de type voilier go\u00e9lette (AMBROS), sans immatriculation, du nom de Lady Black 12\nDirection Intrerd\u00e9partementale de la police\nnationale du Gard\n30-2026-02-23-00005\narr\u00eat\u00e9 subd\u00e9l\u00e9gation affaires courantes\nfonctionnement du service DIPN30\nDirection Intrerd\u00e9partementale de la police nationale du Gard - 30-2026-02-23-00005 - arr\u00eat\u00e9 subd\u00e9l\u00e9gation affaires courantes\nfonctionnement du service DIPN30 13\nwan POLICEMINSTERE NATIONALEDE VINTERIEURLibert\u00e9 '4\u00c9galit\u00e9Fraternit\u00e9\nDIRECTION INTERDEPARTEMENTALEDE LA POLICE NATIONALE A NIMES (30)Service d\u00e9partemental du soutien op\u00e9rationnel\nAffaire suivie par : Sylvie GAUVIN\nARRETE n\u00b0donnant subd\u00e9l\u00e9gation de signature pour les affaires courantes et le fonctionnementde la DIPN A NIMES (30)\nLe directeur interd\u00e9partemental de la police nationale \u00e0 Nimes (30),\nVu le code de la s\u00e9curit\u00e9 int\u00e9rieure ; \\\nVu la loi organique n\u00b0 2001-692 du 1* ao\u00fbt 2001 modifi\u00e9e relative aux lois de finances ;\nVu la loi du 9 juillet 1966 portant organisation de la police nationale ;\nVu la loi n\u00b0 82-213 du 2 mars 1982 modifi\u00e9e relative aux droits et libert\u00e9s des communes, des d\u00e9partements etdes r\u00e9gions ;\nVu le d\u00e9cret n\u00b0 95-1197 du 6 novembre 1995 portant d\u00e9concentration en mati\u00e8re de gestion des personnelsde la police nationale modifi\u00e9 par le d\u00e9cret n\u00b0 96-1141 du 24 d\u00e9cembre 1996 et par le d\u00e9cret n\u00b0 2005-1723 du30 d\u00e9cembre 2005 ;\nVu le d\u00e9cret n\u00b0 2004-374 du 29 avril 2004 relatif aux pouvoirs des Pr\u00e9fets, a l'organisation et \u00e0 l'action des ser-vices de l'\u00c9tat dans les r\u00e9gions et d\u00e9partements ;\nVu le d\u00e9cret n\u00b0 2006-1780 du 23 d\u00e9cembre 2006 portant d\u00e9l\u00e9gation de pouvoir en mati\u00e9re de recrutement etde gestion de certains personnels relevant du minist\u00e8re de l'int\u00e9rieur;Adresse postale : 245, avenue Pierre Gamel B.P. 70161 \u2014 30023 Nimes Cedex - #-; 04,.66.27.30,001/4\nDirection Intrerd\u00e9partementale de la police nationale du Gard - 30-2026-02-23-00005 - arr\u00eat\u00e9 subd\u00e9l\u00e9gation affaires courantes\nfonctionnement du service DIPN30 14\nVu le d\u00e9cret n\u00b0 2008-158 du 22 f\u00e9vrier 2008 relatif \u00e0 la suppl\u00e9ance des Pr\u00e9fets de r\u00e9gion et \u00e0 la d\u00e9l\u00e9gation designature des Pr\u00e9fets et des hauts commissaires de la R\u00e9publique en Polyn\u00e9sie fran\u00e7aise et en Nouvelle-Cal\u00e9-donie ; |Vu le d\u00e9cret n\u00b0 2008-633 du 27 juin 2008 relatif \u00e0 l'organisation d\u00e9concentr\u00e9e de la direction centrale de la s\u00e9-curit\u00e9 publique ; |\nVu le d\u00e9cret n\u00b0 2009-176 du 16 f\u00e9vrier 2009 modifiant le d\u00e9cret n\u00b0 64-805 du 29 juillet 1964 fixant les disposi-tions r\u00e9glementaires applicables aux Pr\u00e9fets et le d\u00e9cret n\u00b0 2004-374 du 29 avril 2004 relatif aux pouvoirs desPr\u00e9fets, \u00e0 l'organisation et \u00e0 l'action des services de l'\u00c9tat dans les r\u00e9gions et d\u00e9partements ;\nVu le d\u00e9cret n\u00b0 2009-1725 du 30 d\u00e9cembre 2009 modifiant certaines dispositions relatives aux d\u00e9l\u00e9gations depouvoir en mati\u00e8re de recrutement et de gestion de certains personnels relevant du minist\u00e8re de l'int\u00e9rieur ;\nVu le d\u00e9cret n\u00b0 2012-1246 du 7 novembre 2012 relatif \u00e0 la gestion budg\u00e9taire et comptable publique ;\nVu le d\u00e9cret n\u00b0 2014-296 du 6 mars 2014 relatif aux secr\u00e9tariats g\u00e9n\u00e9raux pour l'administration du minist\u00e8rede l'int\u00e9rieur et modifiant diverses dispositions du code de la d\u00e9fense et du code de la s\u00e9curit\u00e9 int\u00e9rieure ;\nVu le d\u00e9cret 2015-76 du 27 janvier 2015 modifiant diverses dispositions relatives aux secr\u00e9tariats g\u00e9n\u00e9rauxpour l'administration du minist\u00e8re de l'int\u00e9rieur;\nVu le d\u00e9cret 2015-510 du 7 mai 2015 portant charte de la d\u00e9concentration ;\nVu le d\u00e9cret du 13 juillet 2023 nommant M. J\u00e9r\u00f4me BONET, Pr\u00e9fet du Gard ;\nVu le d\u00e9cret n\u00b0 2016-360 du 25 mars 2016 relatif aux march\u00e9s publics ;\nVu l'arr\u00eat\u00e9 du Ministre de l'Int\u00e9rieur et des Outre-mer du 21 d\u00e9cembre 2023 nommant M. Jean-PhilippeNAHON, contr\u00f4leur g\u00e9n\u00e9ral des services actifs de la police nationale, directeur interd\u00e9partemental de la policenationale \u00e0 Nimes (30), \u00e0 compter du 1\u00b0 janvier 2024 ;\nVu l'arr\u00eat\u00e9 pr\u00e9fectoral n\u00b0 30-2024-07-12-0001 du 12 juillet 2024 donnant d\u00e9l\u00e9gation de signature \u00e0 M, Jean-Philippe NAHON, contr\u00f4leur g\u00e9n\u00e9ral des services actifs de la police nationale, directeur interd\u00e9partemental dela police nationale \u00e0 Nimes, pour prendre et signer les d\u00e9cisions pronon\u00e7ant les sanctions de l'avertissement et\nAdresse postale : 245, avenue Pierre Gamel B.P, 70161 \u2014 30023 Nimes Cedex - \u00ae-; 04,.66,27.30.002/4\nDirection Intrerd\u00e9partementale de la police nationale du Gard - 30-2026-02-23-00005 - arr\u00eat\u00e9 subd\u00e9l\u00e9gation affaires courantes\nfonctionnement du service DIPN30 15\ndu blame \u00e0 |'encontre des fonctionnaires de la Police Nationale appartenant au corps d'encadrement et d'ap-plication plac\u00e9s sous son autorit\u00e9 ;\nVu l'arr\u00eat\u00e9 pr\u00e9fectoral n\u00b0 30-2024-07-12-0001 du 12 juillet 2024 donnant d\u00e9l\u00e9gation de signature \u00e0 M. Jean-Philippe NAHON, contr\u00f4leur g\u00e9n\u00e9ral des services actifs de la police nationale, directeur interd\u00e9partemental dela police nationale a Nimes, pour l'engagement, l'ordre \u00e0 payer au comptable et la liquidation des d\u00e9penses dubudget de l'\u00c9tat au titre du budget op\u00e9rationnel de programme (B.0.P.) zonal 7 \u00ab Police nationale \u00bb, relatives \u00e0l'activit\u00e9 de l'unit\u00e9 op\u00e9rationnelle de la direction interd\u00e9partementale de la police nationale \u00e0 N\u00eemes;\nVu l'annexe 1 au pr\u00e9sent arr\u00eat\u00e9 mentionnant les titulaires de cartes achats et les modalit\u00e9s d'utilisation ;Arr\u00eate :\nArticle 1 : Subd\u00e9l\u00e9gation de signature est donn\u00e9e \u00e0 M, Fabien INES, Commissaire Divisionnaire de Police, direc-teur interd\u00e9partemental adjoint de la police nationale du Gard et chef de la circonscription de la police natio-nale de N\u00eemes \u00e0 N\u00eemes (030)-DZPN SUD, pour prononcer les sanctions de l'avertissement, du blame et de l'ex-clusion temporaire de fonctions (ETF) d'une dur\u00e9e de 1 \u00e0 3 jours, \u00e0 l'encontre des fonctionnaires de la PoliceNationale appartenant au corps d'encadrement et d'application plac\u00e9s sous son autorit\u00e9, ainsi que pour signertoutes les d\u00e9cisions relatives aux affaires courantes ou au fonctionnementdu service.Article 2: Subd\u00e9l\u00e9gation de signature est donn\u00e9e \u00e0 Mr Fabien INES, Commissaire Divisionnaire de Police,directeur interd\u00e9partemental adjoint de la police nationale du Gard et chef de la circonscription de la policenationale de Nimes \u00e0 Nimes (030)-DZPN SUD, pour l'engagement, l'ordre \u00e0 payer au comptable et laliquidation des d\u00e9penses du budget de l'\u00c9tat au titre du budget op\u00e9rationnel de programme (BOP) zonal 7\u00ab police nationale \u00bb, relatives \u00e0 l'activit\u00e9 de l'unit\u00e9 op\u00e9rationnelle de la direction interd\u00e9partementale de lapolice nationale \u00e0 N\u00eemes.\nArticle 3 : Subd\u00e9l\u00e9gation de signature est donn\u00e9e \u00e0 M. Eric AUGUSTIN, Chef du Service D\u00e9partemental duSoutien Op\u00e9rationnel (SDSO) et \u00e0 Mme Sylvie GAUVIN, Adjointe du Chef du Service D\u00e9partemental du SoutienOp\u00e9rationnel de la direction interd\u00e9partementale de la police nationale \u00e0 Nimes (30), pour l'engagement,l'ordre \u00e0 payer au comptable et la liquidation des d\u00e9penses du budget de l'\u00c9tat au titre du budget op\u00e9rationnelde programme (BOP) zonal 7 \u00ab police nationale \u00bb, relatives \u00e0 l'activit\u00e9 de l'unit\u00e9 op\u00e9rationnelle de la directioninterd\u00e9partementale de la police nationale \u00e0 N\u00eemes.\nArticle 4: Subd\u00e9l\u00e9gation de signature est donn\u00e9e dans l'application informatique financi\u00e8re de l'\u00c9tat aux finsde certification du service fait, quel que soit le montant aux agents au Bureau des Finances et des AffairesImmobili\u00e8res au sein du Service D\u00e9partemental du Soutien Op\u00e9rationnel ci-apr\u00e8s d\u00e9sign\u00e9s: Mme B\u00e9atriceREYNIER, Cheffe du bureau, \u00e0 Mme Julie GRUEL, Adjointe de la Cheffe du BFAI, \u00e0 Mme Catherine CARLI etM. C\u00e9dric SANCHEZ, gestionnaire budg\u00e9taire, pour l'engagement, l'ordre a payer au comptable et laliquidation des d\u00e9penses du budget de l'\u00c9tat au titre du budget op\u00e9rationnel de programme (BOP) zonal 7\u00ab police nationale \u00bb, relatives \u00e0 l'activit\u00e9 de l'unit\u00e9 op\u00e9rationnelle de la direction interd\u00e9partementale de lapolice nationale \u00e0 N\u00eemes.\nAdresse postale : 245, avenue Pierre Gamel B.P., 70161 \u2014 30023 Nimes Cedex - &:: 04,.66.27.30,003/4\nDirection Intrerd\u00e9partementale de la police nationale du Gard - 30-2026-02-23-00005 - arr\u00eat\u00e9 subd\u00e9l\u00e9gation affaires courantes\nfonctionnement du service DIPN30 16\nArticle 5 : Subd\u00e9l\u00e9gation de signature est donn\u00e9e \u00e0 M. Emmanuel DUMAS, chef de la circonscription de policenationale d'Al\u00e9s - Saint Christol-les-Al\u00e9s, \u00e0 Mme Isabelle PASCAL, chef de la circonscription de police nationalede Bagnols-sur-C\u00e9ze, \u00e0 M. S\u00e9bastien VERMARE, Chef du Service D\u00e9partemental de la Police aux Fronti\u00e8res, \u00e0Mme Nathalie LEMIEUGRE, cheffe du Centre de R\u00e9tention Administrative de Nimes, \u00e0 M. LaurentSMARGIASSI, Chef du Bureau de liaison et soutien de la circonscription de police nationale d'Al\u00e9s - SaintChristol-les-Al\u00e8s, \u00e0 Mme MOETERAURI Kalua, chef du Bureau de la Logistique au SDSO, \u00e0 M. Yannick HERZOG,Chef de la cellule des moyens mobiles au SDSO, \u00e0 M. Jacques AIT-OUALI, chef de la section des moyensmat\u00e9riels au SDSO, \u00e0 M. Dan Claudiu DOBRE, responsable de la logistique \u00e0 la CPN de Bagnols-sur-C\u00e8ze, \u00e0 M.Said MANOUF, Adjoint du chef du Service D\u00e9partemental de l'Appui Num\u00e9rique, pour l'engagement ded\u00e9penses dans le cadre d'une carte achat dont ils sont titulaires.Article 6 : Sont exclues de la pr\u00e9sente d\u00e9l\u00e9gation, toutes correspondances destin\u00e9es aux administrations cen-trales, aux parlementaires et au pr\u00e9sident du Conseil D\u00e9partemental du Gard lorsqu'elles n'ont pas le carac-t\u00e8re de correspondances relatives \u00e0 la gestion courante ou au fonctionnement du service.\nArticle 7 : La signature du subd\u00e9l\u00e9gataire et sa qualit\u00e9 devront \u00eatre pr\u00e9c\u00e9d\u00e9es de la mention suivante : \u00ab pourle DIPN et par d\u00e9l\u00e9gation \u00bb.\nArticle 8 : L'arr\u00eat\u00e9 N\u00b0 30-2025-09-01-00001 du 1\u00b0\" septembre 2025 est abrog\u00e9.\nArticle 9 : Le Directeur Interd\u00e9partemental de la Police Nationale est charg\u00e9 de l'ex\u00e9cution du pr\u00e9sent arr\u00eat\u00e9qui sera publi\u00e9 au recueil des actes administratifs de la pr\u00e9fecture.N\u00eemes, le 23 f\u00e9vrier 2026\nPour le pr\u00e9fet et par d\u00e9l\u00e9gationLe contr\u00f4leur g\u00e9n\u00e9ralDirecteur Interd\u00e9partemental de la\nJean-Philippe NAHON\nAdresse postale : 245, avenue Pierre Gamel B.P. 70161 = 30023 Nimes Cedex - @:: 04,.66.27.30.004/4\nDirection Intrerd\u00e9partementale de la police nationale du Gard - 30-2026-02-23-00005 - arr\u00eat\u00e9 subd\u00e9l\u00e9gation affaires courantes\nfonctionnement du service DIPN30 17\nDirection territoriale de la protection judiciaire\nde la jeunesse - Gard et Loz\u00e8re (DTPJJ) (Nimes 30)\n30-2026-02-24-00005\nARRETE PORTANT HABILITATION JUSTICE AEMO\nMECS AN - CA\nDirection territoriale de la protection judiciaire de la jeunesse - Gard et Loz\u00e8re (DTPJJ) (Nimes 30) - 30-2026-02-24-00005 - ARRETE\nPORTANT HABILITATION JUSTICE AEMO MECS AN - CA 18\nVu\nVu\nVuVu\nVu\nVuVuVu\nVu\n=mPREFETDU GARDLibert\u00e9\u00c9galit\u00e9Fraternit\u00e9\nArr\u00eat\u00e9 portant habilitation Justice pour la mise en \u0153uvre des mesures deprotection de l'enfance en milieu ouvert (AEMO) en faveur de la Maisond'Enfants \u00e0 Caract\u00e8re Social (MECS) An-Ca g\u00e9r\u00e9e par l'association Ang\u00e9lineCAVALIE\nLe pr\u00e9fet du Gard,Officier de la L\u00e9gion d'HonneurOfficier de l'Ordre National du M\u00e9rite\nle code de l'action sociale et des familles et notamment son article L.312-1,L.313-1 et suivants, R.313-1 et suivants et D.313-11 et suivants, l'article L313-10;le code civil et notamment son article 375-2 alin\u00e9a 2 \u00ab lorsque le juge confieUn mineur \u00e0 un service mentionn\u00e9 au premier alin\u00e9a, il peut autoriser cedernier \u00e0 lui assurer un h\u00e9bergement exceptionnel ou p\u00e9riodique \u00e0 conditionque ce service soit sp\u00e9cifiquement habilit\u00e9 \u00e0 cet effet \u00bb ;le code de proc\u00e9dure civile, notamment ses articles 1181 et suivants;le d\u00e9cret n\u00b088-949 du 6 octobre 1988 modifi\u00e9 relatif \u00e0 l'habilitation despersonnes physiques, \u00e9tablissements et services ou organismes priv\u00e9sauxquels l'autorit\u00e9 judiciaire confie habituellement des mineurs ou l'ex\u00e9cutiondes mesures les concernant:le d\u00e9cret n\u00b02010-214 du 2 mars 2010 modifi\u00e9 relatif au ressort territorial, \u00e0l'organisation et aux attributions des services ext\u00e9rieurs de la Protectionjudiciaire de la jeunesse;le d\u00e9cret du 13 juillet 2023 nommant Monsieur BONET, pr\u00e9fet du Gard;la demande de la direction de la MECS en date du 22 octobre 2025l'arr\u00eat\u00e9 conjoint du Pr\u00e9sident du Conseil D\u00e9partemental et du Pr\u00e9fet en dat\u00e9du 6 f\u00e9vrier 2023 valant autorisation pour la MECS An-Ca ;l'avis favorable du Tribunal judiciaire de Nimes en date du 8 d\u00e9cembre 2025\nDirection territoriale de la protection judiciaire de la jeunesse - Gard et Loz\u00e8re (DTPJJ) (Nimes 30) - 30-2026-02-24-00005 - ARRETE\nPORTANT HABILITATION JUSTICE AEMO MECS AN - CA 19\nConsid\u00e9rant les r\u00e9ponses apport\u00e9es aux besoins quantitatifs et qualitatifs auxquels leprojet est en charge de r\u00e9pondre;Sur propositions de Madame la directrice interr\u00e9gionale de la Protection judiciaire dela jeunesse Sud ;\nARR\u00caTE\nArticle 1:La MECS An-Ca est habilit\u00e9e \u00e0 exercer des mesures judiciaires au b\u00e9n\u00e9fice del'ensemble des mineurs \u00e2g\u00e9s de 0 \u00e0 18 ans accompagn\u00e9s dans le cadre des mesuresd'assistance \u00e9ducative en milieu ouvert au titre des articles 375 \u00e0 375-9-2 du codecivil susvis\u00e9s.Article 2 :Tout changement relatif \u00e0 la prise en charge, \u00e0 l'installation, \u00e0 l'organisation, ladirection et le fonctionnement du service eu \u00e9gard aux caract\u00e9ristiques en vigueurdevra \u00eatre port\u00e9 \u00e0 la connaissance de Monsieur le Pr\u00e9fet.Article 3 :Ce service est r\u00e9pertori\u00e9 au fichier national des \u00e9tablissements sanitaires et sociaux(FINESS).Article 5:En application de l'article R.313-8 du code de l'action sociale et des familles, lepr\u00e9sent arr\u00eat\u00e9 est publi\u00e9 au recueil des actes administratifs de la Pr\u00e9fecture.Article 6:En application des dispositions des articles R. 312-1 et R. 421-1 du code de justiceadministrative, le pr\u00e9sent arr\u00eat\u00e9 peut, dans un d\u00e9lai de deux mois \u00e0 compter de sapublication ou de sa notification, faire l'objet:- d'un recours administratif gracieux devant le pr\u00e9fet du d\u00e9partement, autorit\u00e9signataire de cette d\u00e9cision ou d'un recours administratif hi\u00e9rarchique devant leMinistre de l'Int\u00e9rieur ;\nDirection territoriale de la protection judiciaire de la jeunesse - Gard et Loz\u00e8re (DTPJJ) (Nimes 30) - 30-2026-02-24-00005 - ARRETE\nPORTANT HABILITATION JUSTICE AEMO MECS AN - CA 20\nD'Un recours contentieux par voie postale aupr\u00e8s du tribunal administratifterritorialement comp\u00e9tent ou par l'application T\u00e9l\u00e9recours citoyens accessible surle site w.w.w.telerecours.fr.En cas de recours administratif, le d\u00e9lai de recours contentieux est prorog\u00e9.\nMonsieur le Secr\u00e9taire g\u00e9n\u00e9ral de la Pr\u00e9fecture du Gard et Madame la directriceinterr\u00e9gionale de la Protection judiciaire de la jeunesse de la R\u00e9gion Sud sontcharg\u00e9s, chacun en ce qui le concerne de l'ex\u00e9cution du pr\u00e9sent arr\u00eat\u00e9.\n24/02/2026\nDirection territoriale de la protection judiciaire de la jeunesse - Gard et Loz\u00e8re (DTPJJ) (Nimes 30) - 30-2026-02-24-00005 - ARRETE\nPORTANT HABILITATION JUSTICE AEMO MECS AN - CA 21\nDirection territoriale de la protection judiciaire\nde la jeunesse - Gard et Loz\u00e8re (DTPJJ) (Nimes 30)\n30-2026-02-24-00006\nARRETE PORTANT HABILITATION JUSTICE AEMO\nMECS SAINT JOSEPH\nDirection territoriale de la protection judiciaire de la jeunesse - Gard et Loz\u00e8re (DTPJJ) (Nimes 30) - 30-2026-02-24-00006 - ARRETE\nPORTANT HABILITATION JUSTICE AEMO MECS SAINT JOSEPH 22\nVu\nVuVu\nVu\nVu\nVu\nPREFETDU GARDLibert\u00e9\u00c9galit\u00e9Fraternit\u00e9\nArr\u00eat\u00e9 portant habilitation Justice pour la mise en \u0153uvre des mesures deprotection de l'enfance en milieu ouvert (AEMO) en faveur de la Maisond'Enfants \u00e0 Caract\u00e8re Social (MECS) SAINT JOSEPH g\u00e9r\u00e9e par l'associationpour la protection enfance en danger moral (APEDM)\nLe pr\u00e9fet du Gard,Officier de la L\u00e9gion d'HonneurOfficier de l'Ordre National du M\u00e9rite\nle code de l'action sociale et des familles et notamment son article L.312-1,L.313-1 et suivants, R.313-1 et suivants et D.313-11 et suivants, l'article L313-10;le code civil et notamment son article 375-2 alin\u00e9a 2 \u00ab lorsque le juge confieun mineur \u00e0 un service mentionn\u00e9 au premier alin\u00e9a, il peut autoriser cedernier \u00e0 lui assurer un h\u00e9bergement exceptionnel ou p\u00e9riodique \u00e0 conditionque ce service soit sp\u00e9cifiquement habilit\u00e9 \u00e0 cet effet \u00bb ;le code de proc\u00e9dure civile, notamment ses articles 1181 et suivants;le d\u00e9cret n\u00b088-949 du 6 octobre 1988 modifi\u00e9 relatif \u00e0 l'habilitation despersonnes physiques, \u00e9tablissements et services ou organismes priv\u00e9sauxquels l'autorit\u00e9 judiciaire confie habituellement des mineurs ou l'ex\u00e9cutiondes mesures les concernant;le d\u00e9cret n\u00b02010-214 du 2 mars 2010 modifi\u00e9 relatif au ressort territorial, \u00e0l'organisation et aux attributions des services ext\u00e9rieurs de la ProtectionJudiciaire de la jeunesse;le d\u00e9cret du 13juillet 2023 nommant Monsieur BONET, pr\u00e9fet du Gard ;l'arr\u00eat\u00e9 conjoint du Pr\u00e9sident du Conseil D\u00e9partemental et du Pr\u00e9fet en datedu 6 juin 2025 valant autorisation pour la MECS SAINT JOSEPH ;l'avis favorable du Tribunal judiciaire de Nimes en date du 8 d\u00e9cembre 2025\nDirection territoriale de la protection judiciaire de la jeunesse - Gard et Loz\u00e8re (DTPJJ) (Nimes 30) - 30-2026-02-24-00006 - ARRETE\nPORTANT HABILITATION JUSTICE AEMO MECS SAINT JOSEPH 23\nConsid\u00e9rant les r\u00e9ponses apport\u00e9es aux besoins quantitatifs et qualitatifs auxquels leprojet est en charge de r\u00e9pondre;Sur propositions de Madame la directrice interr\u00e9gionale de la Protection judiciaire dela jeunesse Sud ;\nARR\u00caTE\nArticle 1:La MECS SAINT JOSEPH est habilit\u00e9e \u00e0 exercer des mesures judiciaires au b\u00e9n\u00e9ficede l'ensemble des mineurs \u00e2g\u00e9s de 0 \u00e0 18 ans accompagn\u00e9s dans le cadre desmesures d'assistance \u00e9ducative en milieu ouvert au titre des articles 375 \u00e0 375-9-2 ducode civil susvis\u00e9s.Article 2 :Tout changement relatif \u00e0 la prise en charge, \u00e0 l'installation, \u00e0 l'organisation, ladirection et le fonctionnement du service eu \u00e9gard aux caract\u00e9ristiques en vigueurdevra \u00eatre port\u00e9 \u00e0 la connaissance de Monsieur le Pr\u00e9fet.Article 3 :Ce service est r\u00e9pertori\u00e9 au fichier national des \u00e9tablissements sanitaires et sociaux(FINESS).Article 5 :En application de l'article R.313-8 du code de l'action sociale et des familles, lepr\u00e9sent arr\u00eat\u00e9 est publi\u00e9 au recueil des actes administratifs de la Pr\u00e9fecture.Article 6:En application des dispositions des articles R. 312-1 et R. 421-1 du code de justiceadministrative, le pr\u00e9sent arr\u00eat\u00e9 peut, dans un d\u00e9lai de deux mois \u00e0 compter de sapublication ou de sa notification, faire l'objet :- d'un recours administratif gracieux devant le pr\u00e9fet du d\u00e9partement, autorit\u00e9signataire de cette d\u00e9cision o\u00f9 d'un recours administratif hi\u00e9rarchique devant leMinistre de l'Int\u00e9rieur;\nDirection territoriale de la protection judiciaire de la jeunesse - Gard et Loz\u00e8re (DTPJJ) (Nimes 30) - 30-2026-02-24-00006 - ARRETE\nPORTANT HABILITATION JUSTICE AEMO MECS SAINT JOSEPH 24\nD'Un recours contentieux par voie postale aupr\u00e8s du tribunal administratifterritorialement comp\u00e9tent ou par l'application T\u00e9l\u00e9recours citoyens accessible surle site w.w.w.telerecours.fr.En cas de recours administratif, le d\u00e9lai de recours contentieux est prorog\u00e9.\nMonsieur le Secr\u00e9taire g\u00e9n\u00e9ral de la Pr\u00e9fecture du Gard et Madame la directriceinterr\u00e9gionale de la Protection judiciaire de la jeunesse. de la R\u00e9gion Sud sontcharg\u00e9s, chacun en ce qui le concerne de l'ex\u00e9cution du pr\u00e9sent arr\u00eat\u00e9.\nJ\u00e9r\u00f4me BONET\n24/02/2026\nDirection territoriale de la protection judiciaire de la jeunesse - Gard et Loz\u00e8re (DTPJJ) (Nimes 30) - 30-2026-02-24-00006 - ARRETE\nPORTANT HABILITATION JUSTICE AEMO MECS SAINT JOSEPH 25\nDirection territoriale de la protection judiciaire\nde la jeunesse - Gard et Loz\u00e8re (DTPJJ) (Nimes 30)\n30-2026-02-24-00004\nARRETE PORTANT HABILITATION JUSTICE\nASSOCIATION PLURIELS\nDirection territoriale de la protection judiciaire de la jeunesse - Gard et Loz\u00e8re (DTPJJ) (Nimes 30) - 30-2026-02-24-00004 - ARRETE\nPORTANT HABILITATION JUSTICE ASSOCIATION PLURIELS 26\n|PREFETEDU GARDLibert\u00e9\u00c9galit\u00e9Fraternit\u00e9\nPREFECTURE DU GARDArr\u00eat\u00e9 portant habilitation pour l'association PLURIELS1760 Chemin de la D\u00e9celle26 130 SAINT-PAUL-LES-TROIS-CHATEAUX\nLe Pr\u00e9fet du GardOfficier de la L\u00e9gion d'HonneurOfficier de l'ordre national du m\u00e9rite\nVu le code de l'action sociale et des familles, et notamment son article L. 313-10 ;Vu le code civil et notamment ses articles 375 \u00e0 375-8 ;Vu le code de proc\u00e9dure civile, notamment ses articles 1181 et suivants ;Vu le code de justice p\u00e9nale des mineurs, relatif \u00e0 l'enfance d\u00e9linquante ;Vu le d\u00e9cret n\u00b02010-214 du 2 mars 2010 relatif au ressort territorial, \u00e0 l'organisation et auxattributions des services d\u00e9concentr\u00e9s de la protection judiciaire de la jeunesse ;Vu le d\u00e9cret n\u00b088-949 du 6 octobre 1988 modifi\u00e9 relatif \u00e0 l'habilitation des personnes physiques,\u00e9tablissernents, services ou organismes publics ou priv\u00e9s auxquels l'autorit\u00e9 judiciaire confiehabituellement des mineurs ou l'ex\u00e9cution de mesures les concernant ;Vu La demande formul\u00e9e par la direction de l'association PLURIELS en date du 19 novembre2025Vu Le projet territorial de la PJJ Gard-Loz\u00e8re 2023/2026Vu Le sch\u00e9ma d\u00e9partemental des solidarit\u00e9s du conseil d\u00e9partemental du GARD \u2014 2022-2027Vu L'avis favorable du Procureur de la R\u00e9publique pr\u00e8s le Tribunal Judiciaire de Nimes ;Vu L'avis favorable du magistrat coordonnateur d\u00e9sign\u00e9 en application de l'article R522-2-1 duCode de l'organisation judiciaire ;Vu L'avis favorable de la Pr\u00e9sidente du Conseil d\u00e9partemental du Gard ;\nDirection territoriale de la protection judiciaire de la jeunesse - Gard et Loz\u00e8re (DTPJJ) (Nimes 30) - 30-2026-02-24-00004 - ARRETE\nPORTANT HABILITATION JUSTICE ASSOCIATION PLURIELS 27\nVu L'avis favorable de 1' Autorit\u00e9 Acad\u00e9mique du Gard ;Sur proposition de Madame la Directrice interr\u00e9gionale de la protection judiciaire de la jeunesseSud ;\nARRETE\nArticle 1 :L'association PLURIELS est habilit\u00e9e \u00e0 recevoir des mineurs et des jeunes majeurs confi\u00e9s parl'autorit\u00e9 judiciaire au titre des articles 375 \u00e0 375-8 du code civil et du Code de Justice P\u00e9nale desMineurs (CJPM).La capacit\u00e9 de l'\u00e9tablissement est fix\u00e9e \u00e0 :e Capacit\u00e9 d'accompagnement : 80 places (20 SAPMN / 60 AEMO)e H\u00e9bergement : 6 places \u00e0 la Maisonde l' Abri de SorguesArticle 2 :La pr\u00e9sente habilitation est d\u00e9livr\u00e9e pour une p\u00e9riode de 5 ans \u00e0 compter de sa notification etrenouvel\u00e9e dans les conditions fix\u00e9es par le d\u00e9cret du 6 octobre 1988 modifi\u00e9 susvis\u00e9.Article 3 :Tout projet modifiant la capacit\u00e9, le r\u00e9gime de fonctionnement des services habilit\u00e9s, les lieux o\u00f9 ilssont implant\u00e9s, les conditions d'\u00e9ducation et de s\u00e9jour des mineurs confi\u00e9s et, d'une mani\u00e8reg\u00e9n\u00e9rale, tout changement pouvant avoir une incidence sur la nature ou le champ d'application del'habilitation accord\u00e9e, doit \u00eatre port\u00e9 \u00e0 la connaissance de la directrice interr\u00e9gionale de laprotection judiciaire de la jeunesse par la personne physique ou la personne morale gestionnaire.Article 4 :Toute modification dans la composition des organes de direction de la personne morale gestionnairedes services habilit\u00e9s doit \u00eatre port\u00e9e \u00e0 la connaissance de la directrice interr\u00e9gionale de laprotection judiciaire de la jeunesse par le repr\u00e9sentant de la personne morale.Doit \u00eatre \u00e9galement notifi\u00e9 dans les m\u00eames conditions tout recrutement de personnel affect\u00e9 dansles services habilit\u00e9s, ou employ\u00e9 par la personne physique habilit\u00e9e.Article 5 :Le pr\u00e9fet peut \u00e0 tout moment retirer l'habilitation lorsque sont constat\u00e9s des faits de nature \u00e0compromettre la mise en oeuvre des mesures judiciaires ou \u00e0 porter atteinte aux int\u00e9r\u00eats des mineursconfi\u00e9s.\nN\nDirection territoriale de la protection judiciaire de la jeunesse - Gard et Loz\u00e8re (DTPJJ) (Nimes 30) - 30-2026-02-24-00004 - ARRETE\nPORTANT HABILITATION JUSTICE ASSOCIATION PLURIELS 28\nArticle 6:En application des dispositions des articles R312-1 et R 421-1 du code de justice administrative, lepr\u00e9sent arr\u00eat\u00e9 peut, dans un d\u00e9lai de deux mois \u00e0 compter de sa publication ou de sa notification,faire l'objet :- d'un recours administratif gracieux devant le pr\u00e9fet du d\u00e9partement, autorit\u00e9 signataire decette d\u00e9cision ou d'un recours administratif hi\u00e9rarchique devant le ministre de l'Int\u00e9rieur ;- d'un recours contentieux aupr\u00e8s du tribunal administratif territorialement comp\u00e9tent.En cas de recours administratif, le d\u00e9lai de recours contentieux est prorog\u00e9.Article 7:Monsieur le Secr\u00e9taire g\u00e9n\u00e9ral de la Pr\u00e9fecture du Gard et Madame la directriceinterr\u00e9gionale de la Protection judiciaire de la jeunesse de la R\u00e9gion Sud sont charg\u00e9s,chacun en ce qui le concerne de l'ex\u00e9cution du pr\u00e9sent arr\u00eat\u00e9.\nFait,a Nimes leLe Pr\u00e9fePd\u00e9f&arJ\u00e9r\u00f4me BONET\n24/02/2026\nDirection territoriale de la protection judiciaire de la jeunesse - Gard et Loz\u00e8re (DTPJJ) (Nimes 30) - 30-2026-02-24-00004 - ARRETE\nPORTANT HABILITATION JUSTICE ASSOCIATION PLURIELS 29\nDirection territoriale de la protection judiciaire\nde la jeunesse - Gard et Loz\u00e8re (DTPJJ) (Nimes 30)\n30-2026-02-18-00009\nARRETE portant modification de l'autorisation\nde fonctionnement MECS Louis DEFOND\nDirection territoriale de la protection judiciaire de la jeunesse - Gard et Loz\u00e8re (DTPJJ) (Nimes 30) - 30-2026-02-18-00009 - ARRETE\nportant modification de l'autorisation de fonctionnement MECS Louis DEFOND 30\nPREFETDU GARDLibert\u00e9Egalit\u00e9Fraternit\u00e9\nDirection Territoriale de la Protection Judiciaire Direction G\u00e9n\u00e9rale Adjointe Des Solidarit\u00e9sde la Jeunesse Gard-Loz\u00e8re Direction Enfance et Petite EnfanceService de l'offre d'accueil6, rue du Mail Etablissements et Services Sociaux et M\u00e9dico-SociauxCS 94002 de la Protection de L'enfance30918 N\u00eemes Cedex 2 3 rue Guillemette 30044 Nimes c\u00e9dex 9Affaire suivie par Rachid ZARI Affaire suivie par : St\u00e9phanie LA ROCCA& : 04 34 22 27 00 & : 04 66 05 41 15- Fax :courriel : ppi.dtpjj-nimes@justice.fr courriel : stephanie.larocca@gard.fr\nARRETE n\u00b0 2025-Portant modification de l'autorisation de fonctionnement de la Maison d'Enfants aCaract\u00e8re Social Louis DEFONDG\u00e9r\u00e9e par l'Association LES AMIS DE TATIHOU- Br\u00e9au- Mars\nLE PREFET DU GARD La Pr\u00e9sidente du Conseil D\u00e9partementalChevalier de la L\u00e9gion d'honneurChevalier de Pordre national de M\u00e9rite\nVU le Code de l'Action Sociale et des Familles, notamment l'article D. 313-2 V,VU le Code Civil et notamment ses articles 375 et suivants,VU le Code G\u00e9n\u00e9ral des Collectivit\u00e9s Territoriales,VU le Code de la Justice P\u00e9nale des Mineurs,VU la loi n\u00b0 2002-2 du 2 janvier 2002 r\u00e9novant l'action sociale et m\u00e9dico-sociale,VU la loi n\u00b0 2009-879 du 21 juillet 2009 portant r\u00e9forme de l'h\u00f4pital et relative aux patients,\u00e0 la sant\u00e9 et aux territoires,VU le d\u00e9cret 2025-264 du 21 mars 2024 qui \u00e9tend aux pr\u00e9fets de D\u00e9partements lesd\u00e9rogations accord\u00e9es \u00e0 l'article D313-2 V du Code de l'Action Sociale et des Familles,VU l'arr\u00eat\u00e9 en date du 16 novembre 1984 portant autorisation de cr\u00e9ation de la MECSLouis Defond, g\u00e9r\u00e9e par l'association Les amis de Tatihou,VU l'arr\u00eat\u00e9 30-2017-01-13-013 en date du 13 janvier 2017 portant renouvellement del'autorisation de la MECS Louis Defond, g\u00e9r\u00e9e par l'association les amis de Tatihou,\nDirection territoriale de la protection judiciaire de la jeunesse - Gard et Loz\u00e8re (DTPJJ) (Nimes 30) - 30-2026-02-18-00009 - ARRETE\nportant modification de l'autorisation de fonctionnement MECS Louis DEFOND 31\nVU 30-2023-01-05-00002 en date du 5 janvier 2023 portant modification de l'autorisationde fonctionnement de la MECS Louis Defond, g\u00e9r\u00e9e par l'association les amis de TatihouVU l'arr\u00eat\u00e9 30-2024-06-26-00004 en date du 26 juin 2024 portant modification del'autorisation de fonctionnement de la MECS Louis Defond, g\u00e9r\u00e9e par l'association lesamis de TatihouVU l'habilitation justice de l'\u00e9tablissement en cours de renouvellement,\nCONSIDERANT le projet Symphonie Il portant sur l'accueil et l'accompagnement desituations complexes (6 places) d\u00e9pos\u00e9 par la Maison d'Enfants \u00e0 Caract\u00e8re Social LouisDEFOND g\u00e9r\u00e9e par l'Association les amis de Tatihou,CONSIDERANT que ce projet s'inscrit dans les orientations du Sch\u00e9ma d\u00e9partementaldes solidarit\u00e9s sociales 2022-2027, et plus particuli\u00e8rement dans l'Orientation n\u00b01 - Biengrandir \u00ab A chaque \u00e2ge,au plus pr\u00e8s des besoins des enfants \u00bb dont l'objectif strat\u00e9giqueest de \u00ab R\u00e9pondre \u00e0 tous les besoins de tous les enfants confi\u00e9s \u00e0 l'Aide sociale \u00e0l'enfance \u00bb au travers du d\u00e9veloppement de l'offre d'accueil afin d'avoir une \u00ab solutionpour chaque enfant \u00bb,CONSIDERANT qu'au regard des besoins pour la prise en charge des situationscomplexes et sp\u00e9cifiques, des tensions en termes de situations en attente et de la situationdu dispositif d'accueil, il est n\u00e9cessaire de renforcer l'offre d'accueilSUR PROPOSITION du Secr\u00e9taire G\u00e9n\u00e9ral de la Pr\u00e9fecture du Gard et du DirecteurG\u00e9n\u00e9ral des Services du D\u00e9partementARR\u00caTENTArticle 1\u00b0 : La cr\u00e9ation de 6 places suppl\u00e9mentaires en h\u00e9bergement complet (Internat)est autoris\u00e9e pour la MECS Louis DEFOND g\u00e9r\u00e9e par l'association les amis de Tatihou \u00e0compter de la date d'effet du pr\u00e9sent arr\u00eat\u00e9.L'ouverture effective de ces 6 places est subordonn\u00e9e au r\u00e9sultat favorable de la visite deconformit\u00e9 pr\u00e9vue et organis\u00e9e par les articles D.313-11 \u00e0 D.313-14 du Code de l'actionsociale et des familles.Article 2 : La capacit\u00e9 totale de l'\u00e9tablissement est port\u00e9e \u00e0 58 places dont 12 placesr\u00e9serv\u00e9es \u00e0 l'accueil des situations complexes et sp\u00e9cifiques telles que d\u00e9finies dans leprojet de l'\u00e9tablissement. L'\u00e2ge du public accueilli soit gar\u00e7ons et filles est compris entre13 et 21 ans.Article 3 : Les caract\u00e9ristiques de l'\u00e9tablissement sont r\u00e9pertori\u00e9es au fichier FINESScomme suit :Identification de l'entit\u00e9 juridique de rattachementAssociation les amis de tahitouAdresse administrative :N\u00b0 FINESS : 30 000 073 4N\u00b0 SIREN: 775 611 429 00025identification de l'\u00e9tablissement :Maison d'Enfants \u00e0 Caract\u00e8re Social Louis DEFONDAdresse administrative : 30 120 Br\u00e9au-MarsCode cat\u00e9gorie \u00e9tablissement 177-MECSN\u00b0 FINESS 300 781 077N\u00b0 SIRET: 775 611 429 00025\nDirection territoriale de la protection judiciaire de la jeunesse - Gard et Loz\u00e8re (DTPJJ) (Nimes 30) - 30-2026-02-18-00009 - ARRETE\nportant modification de l'autorisation de fonctionnement MECS Louis DEFOND 32\nnn ae a Capacit\u00e9Discipline Client\u00e8le Activit\u00e9 totalecode libell\u00e9 code libell\u00e9 code libell\u00e9H\u00e9bergement Enfants et :Sl social pour 800 Adolescents 44 Re 58enfants et ASE et | (internat)adolescents Justice\nArticle 4 : Conform\u00e9ment \u00e0 l'article L. 313-1 du code de l'action sociale et des familles,tout changement important dans l'activit\u00e9, l'installation, l'organisation, la direction ou lefonctionnement d'un \u00e9tablissement ou d'un service soumis \u00e0 autorisation doit \u00eatre port\u00e9e\u00e0 la connaissance de l'autorit\u00e9 comp\u00e9tente. Lorsque l'autorisation est accord\u00e9e \u00e0 unepersonne physique ou morale de droit priv\u00e9, elle ne peut \u00eatre c\u00e9d\u00e9e qu'avec l'accord del'autorit\u00e9 concern\u00e9e.Article 5 : Conform\u00e9ment \u00e0 l'arr\u00eat\u00e9 conjoint de la Pr\u00e9fecture du Gard et du Conseild\u00e9partemental du Gard n\u00b0 30-2017-01-13-013 du 13 janvier 2017 portant renouvellementde l'autorisation de fonctionnement de la Maison d'Enfants \u00e0 Caract\u00e8re Social LouisDEFOND \u00e0 Br\u00e9au Mars, la validit\u00e9 de la pr\u00e9sente autorisation est fix\u00e9e \u00e0 15 ans \u00e0 compterdu 04 janvier 2017.Article 5 : Conform\u00e9ment \u00e0 l'article R. 421-1 du Code de justice administrative, toutecontestation \u00e9ventuelle du pr\u00e9sent arr\u00eat\u00e9 pourra faire l'objet d'un recours contentieux .devant le Tribunal administratif de N\u00eemes, situ\u00e9 au 16 Avenue Feuch\u00e8res 30941 N\u00eemes,dans le d\u00e9lai de deux mois \u00e0 compter de sa notification aux personnes auxquelles il serapporte, ou de sa publication s'agissant des tiers.\nArticle 7 : Monsieur le Secr\u00e9taire G\u00e9n\u00e9ral de la Pr\u00e9fecture du Gard, Monsieur le DirecteurG\u00e9n\u00e9ral des Services du D\u00e9partement, Monsieur le Pr\u00e9sident de l'Association sontcharg\u00e9s chacun en ce qui les concerne de l'ex\u00e9cution du pr\u00e9sent arr\u00eat\u00e9 qui sera publi\u00e9au recueil des actes administratifs de la Pr\u00e9fecture et sur.le site internet du d\u00e9partementdu Gard. Fait \u00e0 N\u00eemes, le ~~~ ~~ >>\nLE PREFET DU GARD LA PRESIDENTE DU CONSEIL DEPARTEMENTALDU GARDPr\u00e9fet du GardJ\u00e9r\u00f4me BONET Francoise LAURENT-PERRIGOT\n18/02/2026\nDirection territoriale de la protection judiciaire de la jeunesse - Gard et Loz\u00e8re (DTPJJ) (Nimes 30) - 30-2026-02-18-00009 - ARRETE\nportant modification de l'autorisation de fonctionnement MECS Louis DEFOND 33\nDREAL_Direction r\u00e9gionale de l'environnement,\nde l'am\u00e9nagement et du logement\nd'Auvergne-Rh\u00f4ne-Alpes (si\u00e8ge \u00e0 LYON)\n30-2026-02-25-00002\nArr\u00eat\u00e9 cr\u00e9ation port de plaisance fluvial \u00e0\nFourques \nDREAL_Direction r\u00e9gionale de l'environnement, de l'am\u00e9nagement et du logement d'Auvergne-Rh\u00f4ne-Alpes (si\u00e8ge \u00e0 LYON) -\n30-2026-02-25-00002 - Arr\u00eat\u00e9 cr\u00e9ation port de plaisance fluvial \u00e0 Fourques 34\n\u00c9 Direction r\u00e9gionale de l'environnement,PRE FET de l'am\u00e9nagement et du logementDU GA RD Auvergne-Rh\u00f4ne-AlpesLibert\u00e9Egalit\u00e9Fraternit\u00e9\nArr\u00eat\u00e9 N\u00b0Portant prorogation, au titre de l'article R.181-41 du Code de l'environnement de la phase de d\u00e9ci-sion de la demande d'autorisation environnementale au titre de l'article L.181-1 du Code de l'environ-nement pr\u00e9sent\u00e9e par la Communaut\u00e9 de Communes Beaucaire Terre d'Argence (CCBTA) concer-nant le projet de cr\u00e9ation du port de plaisance fluvial sur le Petit Rh\u00f4ne \u00e0 FourquesLe pr\u00e9fet du GardChevalier de la L\u00e9gion d'honneur,Officier de l'ordre national du M\u00e9rite\nVu le Code de l'environnement et notamment les articles L.181-1 et R.181-41 ;Vu le d\u00e9cret du Pr\u00e9sident de la R\u00e9publique du 13 juillet 2023 portant nomination de Monsieur J\u00e9r\u00f4meBONET en qualit\u00e9 de pr\u00e9fet du d\u00e9partement du Gard ;Vu l'arr\u00eat\u00e9 pr\u00e9fectoral N\u00b030-2023-08-21-00016 du 21 ao\u00fbt 2023 portant d\u00e9l\u00e9gation de signature \u00e0 M.S\u00e9bastien FERRA, directeur d\u00e9partemental des territoires et de la mer (DDTM) du Gard;_ Vu la d\u00e9cision n\u00b0 2023-SF-AG03 publi\u00e9e au recueil des actes administratifs (R.A.A) n\u00b030-2023-08-23- :00002 de M. S\u00e9bastien FERRA, directeur d\u00e9partemental des territoires et de la mer du Gard, portantsubd\u00e9l\u00e9gation de signature en mati\u00e8re d'administration g\u00e9n\u00e9rale en date du 23 ao\u00fbt 2023;Vu le dossier de demande d'autorisation environnementale d\u00e9pos\u00e9 par la Communaut\u00e9 deCommunes Beaucaire Terre d'Argence (CCBTA) sous le n\u00b030-2020-00113 et r\u00e9ceptionn\u00e9 le 20 avril2020, relatif au projet de port de plaisance fluvial sur le Petit Rh\u00f4ne \u00e0 Fourques, au guichet unique dela pr\u00e9fecture du Gard ;Vu l'accus\u00e9 de r\u00e9ception du dossier du 21 avril 2020 indiquant le d\u00e9marrage du d\u00e9lai de l'instructionau 25 juin 2020 ; ~ : |Vu l'enqu\u00eate publique unique r\u00e9glementaire qui s'est d\u00e9roul\u00e9e du 22 septembre 2025 au 23 octobre2025 inclus ;Vu le rapport du commissaire enqu\u00eateur du 18 novembre 2025 re\u00e7u en pr\u00e9fecture le 20 novembre2025 et transmis \u00e0 la CCBTA par courrier du 28 novembre 2025 ;Vu la d\u00e9lib\u00e9ration du conseil communautaire de la CCBTA du 15 d\u00e9cembre 2025 :Vu l'accord du p\u00e9titionnaire pour la prorogation du d\u00e9lai de la phase de d\u00e9cision le 23 janvier 2026 :\nAdresse postale : 69 453 LYON CEDEX 06Standard : 04 26 28 60 00www.auvergne-rhone-alpes.developpement-durable.qouv.fr 113\nDREAL_Direction r\u00e9gionale de l'environnement, de l'am\u00e9nagement et du logement d'Auvergne-Rh\u00f4ne-Alpes (si\u00e8ge \u00e0 LYON) -\n30-2026-02-25-00002 - Arr\u00eat\u00e9 cr\u00e9ation port de plaisance fluvial \u00e0 Fourques 35\nConsid\u00e9rant que le dossier va \u00eatre pr\u00e9sent\u00e9 au Conseil d\u00e9partemental de l'environnement et desrisques sanitaires et technologiques (CODERST) du Gard dans le cadre notamment de la proc\u00e9dured'enregistrement relative aux installations class\u00e9es ;Consid\u00e9rant que conform\u00e9ment \u00e0 l'article R.181-41 du Code de l'environnement, la phase ded\u00e9cision de la demande d'autorisation environnementale a une dur\u00e9e de trois mois \u00e0 compter de ladate d'envoi par le pr\u00e9fet au p\u00e9titionnaire du rapport et des conclusions du commissaire enqu\u00eateur ;Consid\u00e9rant que cette date peut \u00eatre prorog\u00e9e par arr\u00eat\u00e9 motiv\u00e9 du pr\u00e9fet dans la limite de deuxmois, ou pour une dur\u00e9e sup\u00e9rieure si le p\u00e9titionnaire donne son accord ;Consid\u00e9rant que le commissaire enqu\u00eateur a remis son rapport \u00e0 la pr\u00e9fecture du Gard le 20novembre 2025 et que ce dernier a \u00e9t\u00e9 transmis \u00e0 la CCBTA le 28 novembre 2025 ;Consid\u00e9rant la recommandation \u00e9mise par le commissaire enqu\u00eateur sur le dossier d'autorisationenvironnementale ; |Consid\u00e9rant le d\u00e9lai n\u00e9cessaire au p\u00e9titionnaire pour apporter des r\u00e9ponses \u00e0 la recommandation ducommissaire enqu\u00eateur ;Consid\u00e9rant les deux r\u00e9serves \u00e9mises par le commissaire enqu\u00eateur sur le dossier de DUP ;Consid\u00e9rant la suspension de la d\u00e9claration de projet de la CCBTA dans sa d\u00e9lib\u00e9ration du 15d\u00e9cembre 2025 : |Consid\u00e9rant la n\u00e9cessit\u00e9 pour la CCBTA de se positionner par d\u00e9lib\u00e9ration sur la poursuite du projetet les suites donn\u00e9es aux r\u00e9serves et recommandations ;Consid\u00e9rant que l'autorisation environnementale ne peut \u00eatre d\u00e9livr\u00e9e sans la d\u00e9claration de projetconform\u00e9ment \u00e0 l'article L.126-1 du Code de l'environnement ;Consid\u00e9rant que la CCBTA a accept\u00e9 la prorogation de la phase de d\u00e9cision de six mois lors de lar\u00e9union du 23 f\u00e9vrier 2026 ;Consid\u00e9rant qu'au regard de ces informations, il est n\u00e9cessaire de proroger de six mois la phase ded\u00e9cision ; |Sur proposition du directeur r\u00e9gional de l'environnement, de l'am\u00e9nagement et du logement de lar\u00e9gion Auvergne-Rh\u00f4ne-Alpes;\nARRETE\nAdresse postale : 69 453 LYON CEDEX 06Standard : 04 26 28 60 00www.auvergne-rhone-alpes.developpement-durable.gouv. fr 21/3\nDREAL_Direction r\u00e9gionale de l'environnement, de l'am\u00e9nagement et du logement d'Auvergne-Rh\u00f4ne-Alpes (si\u00e8ge \u00e0 LYON) -\n30-2026-02-25-00002 - Arr\u00eat\u00e9 cr\u00e9ation port de plaisance fluvial \u00e0 Fourques 36\nARTICLE 1 : Prorogation du d\u00e9lai de d\u00e9cisionEn application de l'article R.181-41 du Code de l'environnement, le d\u00e9lai de d\u00e9cision du Pr\u00e9fet sur lademande d'autorisation environnementale d\u00e9pos\u00e9e par la CCBTA le 20 avril 2020 sous le n\u00b030-2020-00113 concernant le projet de cr\u00e9ation du port de Fourques sur la commune de Fourques, est port\u00e9de 3 mois \u00e0 9 mois.\nARTICLE 2 : Voies et d\u00e9lais de recoursLe pr\u00e9sent arr\u00eat\u00e9 est susceptible de recours devant le tribunal administratif territorialement comp\u00e9tentpar les tiers ou le demandeur dans un d\u00e9lai de 2 mois \u00e0 compter de la publication ou de la notification.ARTICLE 3 : Ex\u00e9cutionLe pr\u00e9fet, secr\u00e9taire g\u00e9n\u00e9ral de la pr\u00e9fecture du Gard et le directeur r\u00e9gional de l'environnement sontcharg\u00e9s, chacun en ce qui le concerne, de l'ex\u00e9cution du pr\u00e9sent arr\u00eat\u00e9 qui sera notifi\u00e9 \u00e0 la CCBTA.\nN\u00eemes, le 23F t V, 2026\nLe Pr\u00e9fetP r\u00e9fet,e secr\u00e9taird g\u00e9n\u00e9ralYann GERARD -\nAdresse postale : 69 453 LYON CEDEX 06Standard : 04 26 28 60 00 |www.auvergne-rhone-alpes.developpement-durable.qouv. fr | 3/3\nDREAL_Direction r\u00e9gionale de l'environnement, de l'am\u00e9nagement et du logement d'Auvergne-Rh\u00f4ne-Alpes (si\u00e8ge \u00e0 LYON) -\n30-2026-02-25-00002 - Arr\u00eat\u00e9 cr\u00e9ation port de plaisance fluvial \u00e0 Fourques 37\nDREAL_Direction r\u00e9gionale de l'environnement, de l'am\u00e9nagement et du logement d'Auvergne-Rh\u00f4ne-Alpes (si\u00e8ge \u00e0 LYON) -\n30-2026-02-25-00002 - Arr\u00eat\u00e9 cr\u00e9ation port de plaisance fluvial \u00e0 Fourques 38\nDREAL_Direction r\u00e9gionale de l'environnement,\nde l'am\u00e9nagement et du logement\nd'Auvergne-Rh\u00f4ne-Alpes (si\u00e8ge \u00e0 LYON)\n30-2026-02-25-00003\nArr\u00eat\u00e9 de r\u00e9gularisation et prescriptions\nsp\u00e9cifiques pour une prise eau \u00e0 Beaucaire\nDREAL_Direction r\u00e9gionale de l'environnement, de l'am\u00e9nagement et du logement d'Auvergne-Rh\u00f4ne-Alpes (si\u00e8ge \u00e0 LYON) -\n30-2026-02-25-00003 - Arr\u00eat\u00e9 de r\u00e9gularisation et prescriptions sp\u00e9cifiques pour une prise eau \u00e0 Beaucaire 39\n| | Direction r\u00e9gionale de l'environnement,z de l'am\u00e9nagement et du logementSU CARD | Auvergne-Rh\u00f4ne-Alpesbent\u00c9galit\u00e9Fraternit\u00e9ARR\u00caT\u00c9 PREFECTORAL N2PORTANT R\u00c9GULARISATION ET PRESCRIPTIONS SP\u00c9CIFIQUES POUR UNE PRISED'EAU SITU\u00c9E \u00c0 BEAUCAIRE EN APPLICATION DE L'ARTICLE R.214-53 DU CODE DEL'ENVIRONNEMENTLe Pr\u00e9fet du GardChevalier de l'ordre de la L\u00e9gion d'honneurOfficier de l'ordre national du M\u00e9riteVU le Code de l'environnement et notamment l'article R.214-53 ;VU l'arr\u00eat\u00e9 du 11/09/2003 portant application du d\u00e9cret n\u00b0 96-102 du 2 f\u00e9vrier 1996 et fixant lesprescriptions g\u00e9n\u00e9rales applicables aux pr\u00e9l\u00e8vements soumis \u00e0 d\u00e9claration en application desarticles L. 214-1 \u00e0 L. 214-3 du Code de l'environnement et relevant des rubriques 1.1.2.0, 1.21.0, 1.2.2.0ou 1.3.1.0 de la nomenclature annex\u00e9e au d\u00e9cret n\u00b0 93-743 du 29 mars 1993 modifi\u00e9 ;VU le sch\u00e9ma directeur d'am\u00e9nagement et de gestion des eaux du bassin Rh\u00f4ne-M\u00e9diterran\u00e9eapprouv\u00e9 le 21 mars 2022 ;VU l'arr\u00eat\u00e9 n\u00b020140270010 autorisant au titre de l'art. L.214-3 du Code de l'environnement voiesnavigables de France \u00e0 r\u00e9aliser des travaux de protection contre les crues du Rh\u00f4ne par l'\u00e9cluse deBeaucaire et prescrivant des mesures compl\u00e9mentaires de suivi relative \u00e0 l'exploitation et \u00e0 lasurveillance de l'\u00e9cluse et de la digue d'embouquement de Saint-Gilles, de l'\u00e9cluse de Beaucaire etde la digue d'embouquement de Beaucaire ;VU la demande de b\u00e9n\u00e9fice d'ant\u00e9riorit\u00e9 transmise par voies navigables de France (VNF) relative \u00e0une prise d'eau situ\u00e9e sur la commune de Beaucaire au point kilom\u00e9trique Rav_268.000 en date du20/11/2025 ;VU le projet d'arr\u00eat\u00e9 transmis \u00e0 voies navigables de France (VNF) par courriel du 12/01/2026 ;VU l'avis de voies navigables de France (VNF) transmis par courriel du 27/01/2026 ;CONSID\u00c9RANT que les \u00e9l\u00e9ments fournis par le b\u00e9n\u00e9ficiaire au titre de l'article R.214-53 du Code del'environnement permettent de r\u00e9gulariser l'existence de la prise d'eau ;CONSID\u00c9RANT que, conform\u00e9ment \u00e0 l'article R.214-53 du Code de l'environnement, le Pr\u00e9fet peutd\u00e9finir des prescriptions sp\u00e9cifiques n\u00e9cessaires \u00e0 la protection de la ressource en eau ;CONSID\u00c9RANT que la r\u00e9gularisation de l'autorisation de pr\u00e9l\u00e8vement est compatible avec lesorientations fondamentales du sch\u00e9ma directeur d'am\u00e9nagement et de gestion des eaux du bassinRh\u00f4ne-M\u00e9diterran\u00e9e ;CONSID\u00c9RANT qu'il convient de prot\u00e9ger les int\u00e9r\u00eats fix\u00e9s par L.211-1 du Code de l'environnement;\nAdresse postale . 69 453 LYON CEDEX 06Standard : 04 26 28 60 00 1/5www.auvergne-rhone-alpes.developpement-durable.gouv.fr\nDREAL_Direction r\u00e9gionale de l'environnement, de l'am\u00e9nagement et du logement d'Auvergne-Rh\u00f4ne-Alpes (si\u00e8ge \u00e0 LYON) -\n30-2026-02-25-00003 - Arr\u00eat\u00e9 de r\u00e9gularisation et prescriptions sp\u00e9cifiques pour une prise eau \u00e0 Beaucaire 40\nSUR PROPOSITION du directeur r\u00e9gional de l'environnement, de l'am\u00e9nagement et du logement dela r\u00e9gion Auvergne-Rh\u00f4ne-Alpes,ARR\u00caTETITRE |: ObjetARTICLE 1 : Objet de l'AutorisationLe pr\u00e9sent arr\u00eat\u00e9 pr\u00e9fectoral a pour objet :e de r\u00e9gulariser le pr\u00e9l\u00e8vement effectu\u00e9 par voies navigables de France, sur la masse d'eau\u00ab Rh\u00f4ne de Beaucaire \u00bb (masse d'eau FRDR2008b);* de fixer des prescriptions sp\u00e9cifiques relatives \u00e0 ce pr\u00e9l\u00e8vement.TITRE II: R\u00e9gularisation de la prise d'eauARTICLE 2 : R\u00e9gularisation de la prise d'eauVoies navigables de France - 2 rue de la Quarantaine 69 321 Lyon Cedex 05 - repr\u00e9sent\u00e9e par sonDirecteur territorial Rh\u00f4ne-Sa\u00f4ne est le b\u00e9n\u00e9ficiaire du pr\u00e9sent arr\u00eat\u00e9. Il est d\u00e9nomm\u00e9 ci-apr\u00e8s \u00ab leb\u00e9n\u00e9ficiaire \u00bb.Le b\u00e9n\u00e9ficiaire est autoris\u00e9 en application de l'article R.214-53 du Code de l'environnement, sousr\u00e9serve des prescriptions \u00e9nonc\u00e9es aux articles suivants, \u00e0 pr\u00e9lever de l'eau via la prise d'eau deBeaucaire :, Coordonn\u00e9es Lambert 93 |Coordonn\u00e9es Lambert 93Nom de l'ouvrage Commune X \u00ffPrise d'eau de Beaucaire .situ\u00e9e au PK Rav_ 268.000 Beaucaire 832532.007 6301615.678\nLe pr\u00e9l\u00e8vement d'eau rel\u00e8ve de la rubrique suivante de la nomenclature, d\u00e9finie par l'article R.214-1du Code de l'environnement :Rubrique Intitul\u00e9 R\u00e9gimePr\u00e9l\u00e8vements et installations et ouvrages permettant le pr\u00e9l\u00e8vement,y compris par d\u00e9rivation, dans un cours d'eau, dans sa napped'accompagnement ou dans un plan d'eau ou canal aliment\u00e9 par ce1.21.0 |cours d'eau ou cette nappe : Autorisation1. D'une capacit\u00e9 totale maximale sup\u00e9rieure ou \u00e9gale a1 000 m3/heure ou \u00e0 5 % du d\u00e9bit du cours d'eau ou, \u00e0 d\u00e9faut,du d\u00e9bit global d'alimentation du canal ou du plan d'eauARTICLE 3 : Localisation et description du pr\u00e9l\u00e8vement d'eauLes volumes d'eau sont pr\u00e9lev\u00e9s dans le Rh\u00f4ne chaque ann\u00e9e du 1\u00b0 janvier au 31 d\u00e9cembre, pour lanavigation, pour un usage agricole et pour lutter contre la salinisation des terres en Camarguegardoise, selon les conditions de pr\u00e9l\u00e8vement suivantes :Nom de l'ouvrage D\u00e9bits autoris\u00e9s Volumes annuels autoris\u00e9s par usagePrise d'eau de Beaucaire 3 3situ\u00e9e au PK Rav_268.000 LE ui ASS SAN EELes volumes pr\u00e9lev\u00e9s autoris\u00e9s, par trimestre, sont les suivants (en m?) :Janv. | F\u00e9v. | Mars | Avril | Mai | Juin | Juil. | Ao\u00fbt | Sept.| Oct. | Nov. | D\u00e9c.Heu CPUS 5159 346m\u0178 | 11597138 m\u00b0 | 12278481m\u00b0 | 5455 346 m\u00b0autoris\u00e9Titre III : Prescriptions\nAdresse postale : 69 453 LYON CEDEX 06Standard : 04 26 28 60 00 2/5www.auvergne-rhone-alpes.developpement-durable.gouv.fr\nDREAL_Direction r\u00e9gionale de l'environnement, de l'am\u00e9nagement et du logement d'Auvergne-Rh\u00f4ne-Alpes (si\u00e8ge \u00e0 LYON) -\n30-2026-02-25-00003 - Arr\u00eat\u00e9 de r\u00e9gularisation et prescriptions sp\u00e9cifiques pour une prise eau \u00e0 Beaucaire 41\nARTICLE 4: Prescriptions g\u00e9n\u00e9ralesLe b\u00e9n\u00e9ficiaire doit respecter les prescriptions g\u00e9n\u00e9rales d\u00e9finies dans l'arr\u00eat\u00e9 minist\u00e9riel du 11septembre 2003 portant application du d\u00e9cret n\u00b096-102 du 2 f\u00e9vrier 1996 et fixant les prescriptionsg\u00e9n\u00e9rales applicables aux pr\u00e9l\u00e8vements soumis \u00e0 d\u00e9claration en application des articles L.214-1 \u00e0L.214-3 du Code de l'environnement et relevant des rubriques 11.2.0, 1.2.1.0, 1.2.2.0 ou 1.31.0 de lanomenclature annex\u00e9e au d\u00e9cret n\u00b093-743 du 29 mars 1993 modifi\u00e9.ARTICLE 5: Prescriptions relatives \u00e0 l'information du service police de l'eauLe b\u00e9n\u00e9ficiaire transmet au service police de l'eau (pach.ehn.dreal-ara@developpement-durable.gouv.fr) avant le 15 d\u00e9cembre de chaque ann\u00e9e un extrait du registre indiquant :\u00b0 les valeurs des volumes pr\u00e9lev\u00e9s mensuellement et annuellement ;* les incidents d'exploitation rencontr\u00e9s ayant pu porter atteinte \u00e0 la ressource en eau et lesmesures mises en \u0153uvre pour y rem\u00e9dier.ARTICLE 6 : Prescriptions en phase d'exploitation6.1: Mesure du volume pr\u00e9lev\u00e9La prise d'eau est munie soit :\u00b0__ d'un compteur volum\u00e9trique mesurant les volumes pr\u00e9lev\u00e9s. Le choix et les conditions demontage du compteur doivent permettre de garantir la pr\u00e9cision des volumes mesur\u00e9s. Lescompteurs volum\u00e9triques \u00e9quip\u00e9s d'un syst\u00e8me de remise \u00e0 z\u00e9ro sont interdits ;\u00b0 tout autre dispositif de mesurage permettant de mesurer le volume d'eau pr\u00e9lev\u00e9.Le p\u00e9titionnaire transmet, au service police de l'eau, dans un d\u00e9lai de 6 mois, \u00e0 compter de lanotification du pr\u00e9sent arr\u00eat\u00e9, un descriptif du dispositif de mesure retenu et le d\u00e9lai de mise enplace du dispositif. Ce dispositif retenu doit \u00eatre au pr\u00e9alable valid\u00e9 par le service en charge de lapolice de l'eau.Le d\u00e9lai de mise en place du dispositif de mesure est de 1 an \u00e0 compter de la notification dupr\u00e9sent arr\u00eat\u00e9. Si l'installation ne peut \u00eatre r\u00e9alis\u00e9e dans la fin du d\u00e9lai pr\u00e9cit\u00e9 pour des raisonssp\u00e9cifiques, le b\u00e9n\u00e9ficiaire en informe le service en charge de la police de l'eau.6.2 : Plan d'alerte et d'intervention en cas de pollution des eaux pr\u00e9lev\u00e9esLe b\u00e9n\u00e9ficiaire met en place un plan d'alerte et d'intervention en cas de pollution des eauxpr\u00e9lev\u00e9es. Il d\u00e9crit notamment les moyens que le b\u00e9n\u00e9ficiaire met en place pour \u00eatre alert\u00e9, lesconditions de d\u00e9clenchement de l'alerte, la capacit\u00e9 d'arr\u00eat des pompes en cas de pollutionimportante, la mise en place d'une astreinte le cas \u00e9ch\u00e9ant.\nAdresse postale 69 453 LYON CEDEX 06Standard : 04 26 28 60 00 3/5www.auvergne-rhone-alpes.developpement-durable.gouv.fr\nDREAL_Direction r\u00e9gionale de l'environnement, de l'am\u00e9nagement et du logement d'Auvergne-Rh\u00f4ne-Alpes (si\u00e8ge \u00e0 LYON) -\n30-2026-02-25-00003 - Arr\u00eat\u00e9 de r\u00e9gularisation et prescriptions sp\u00e9cifiques pour une prise eau \u00e0 Beaucaire 42\nTitre IV: Dispositions g\u00e9n\u00e9ralesARTICLE 7 : Conformit\u00e9 au dossier et modificationsToute modification apport\u00e9e aux ouvrages, installations, a leur mode d'utilisation, \u00e0 la r\u00e9alisationdes travaux ou \u00e0 l'am\u00e9nagement en r\u00e9sultant, \u00e0 l'exercice des activit\u00e9s ou a leur voisinage etentra\u00eenant un changement notable des \u00e9l\u00e9ments du dossier de demande d'autorisation doit \u00eatreport\u00e9, avant sa r\u00e9alisation \u00e0 la connaissance du Pr\u00e9fet, conform\u00e9ment aux dispositions de l'articleR181-46 du Code de l'Environnement.ARTICLE 8 : Caract\u00e8re de l'autorisation - Dur\u00e9e de l'autorisationL'autorisation est accord\u00e9e \u00e0 titre personnel, pr\u00e9caire et r\u00e9vocable sans indemnit\u00e9 de l'\u00c9tat.L'autorisation est accord\u00e9e pour une dur\u00e9e de 10 ans \u00e0 compter de la signature du pr\u00e9sent arr\u00eat\u00e9.La demande de prolongation ou de renouvellement de l'autorisation est adress\u00e9e au pr\u00e9fet par leb\u00e9n\u00e9ficiaire deux ans au moins avant la date d'expiration de cette autorisation.ARTICLE 9 : Clause de revoyureLes dispositions pr\u00e9vues \u00e0 l'article 3 du pr\u00e9sent arr\u00eat\u00e9 peuvent \u00eatre r\u00e9vis\u00e9es dans un d\u00e9lai de deuxans \u00e0 compter de la publication du pr\u00e9sent arr\u00eat\u00e9.ARTICLE 10 : D\u00e9claration des incidents ou accidentsLe b\u00e9n\u00e9ficiaire est tenu de d\u00e9clarer, d\u00e8s qu'il en a connaissance, au Pr\u00e9fet les accidents ou incidentsint\u00e9ressant l'ouvrage faisant l'objet de la pr\u00e9sente autorisation qui est de nature \u00e0 porter atteinteaux int\u00e9r\u00eats mentionn\u00e9s \u00e0 l'article L.211-1 du Code de l'Environnement. Sans pr\u00e9judice des mesuresque pourra prescrire le Pr\u00e9fet, le b\u00e9n\u00e9ficiaire devra prendre ou faire prendre toutes dispositionsn\u00e9cessaires pour mettre fin aux causes de l'incident ou accident, pour \u00e9valuer ses cons\u00e9quences ety rem\u00e9dier. Le b\u00e9n\u00e9ficiaire demeure responsable des accidents ou dommages qui seraient lacons\u00e9quence de l'activit\u00e9 ou de l'ex\u00e9cution des travaux et de l'am\u00e9nagement.ARTICLE 11 : Remise en \u00e9tat des lieuxLa cessation d\u00e9finitive, ou pour une p\u00e9riode sup\u00e9rieure a deux ans, de l'exploitation ou del'affectation indiqu\u00e9e dans le pr\u00e9sent arr\u00eat\u00e9, fait l'objet d'une d\u00e9claration par le b\u00e9n\u00e9ficiaire aupr\u00e8sdu pr\u00e9fet dans le mois qui suit la cessation d\u00e9finitive ou le changement d'affectation et au plus tardun mois avant que l'arr\u00eat de plus de deux ans ne soit effectif.En cas de cessation d\u00e9finitive, l'exploitant ou, \u00e0 d\u00e9faut, le propri\u00e9taire remet le site dans un \u00e9tat telqu'aucune atteinte ne puisse \u00eatre port\u00e9e aux int\u00e9r\u00eats prot\u00e9g\u00e9s mentionn\u00e9s \u00e0 L.211- du Code del'environnement. II informe le pr\u00e9fet de la cessation de l'activit\u00e9 et des mesures prises. Le pr\u00e9fetpeut \u00e0 tout moment lui imposer des prescriptions pour la remise en \u00e9tat du site.La d\u00e9claration d'arr\u00eat d'exploitation de plus de deux ans est accompagn\u00e9e d'une note expliquantles raisons de cet arr\u00eat et la date pr\u00e9visionnelle de reprise de cette exploitation. Le pr\u00e9fet peut\u00e9mettre toute prescription conservatoire afin de prot\u00e9ger les int\u00e9r\u00eats mentionn\u00e9s \u00e0 l'article L.211-1du Code de l'environnement pendant cette p\u00e9riode d'arr\u00eat. Si l'exploitation n'est pas reprise \u00e0 ladate pr\u00e9visionnelle d\u00e9clar\u00e9e, le pr\u00e9fet peut, l'exploitant ou le propri\u00e9taire entendu, consid\u00e9rerl'exploitation comme d\u00e9finitivement arr\u00eat\u00e9e, et fixer les prescriptions relatives \u00e0 l'arr\u00eat d\u00e9finitif decette exploitation et \u00e0 la remise en \u00e9tat du site.ARTICLE 12 : Acc\u00e8s aux installationsLes agents charg\u00e9s de la police de l'eau et des milieux aquatiques auront libre acc\u00e8s aux ouvragesautoris\u00e9s par le pr\u00e9sent arr\u00eat\u00e9, dans les conditions fix\u00e9es par le Code de l'Environnement. Ilspourront demander communication de toute pi\u00e8ce utile au contr\u00f4le de la bonne ex\u00e9cution dupr\u00e9sent arr\u00eat\u00e9.ARTICLE 13 : Droits des tiersLes droits des tiers sont et demeurent express\u00e9ment r\u00e9serv\u00e9s.ARTICLE 14 : Information, d\u00e9lais et voies de recoursLe pr\u00e9sent arr\u00eat\u00e9 pr\u00e9fectoral est notifi\u00e9 \u00e0 voies navigables de France.Cette d\u00e9cision est susceptible de recours contentieux devant le tribunal administratifterritorialement comp\u00e9tent, conform\u00e9ment \u00e0 l'article R.514-3-1 du Code de l'environnement, par les\nAdresse postale : 69 453 LYON CEDEX 06Standard : 04 26 28 60 00www.auvergne-rhone-alpes.developpement-durable.gouv.fr4/5\nDREAL_Direction r\u00e9gionale de l'environnement, de l'am\u00e9nagement et du logement d'Auvergne-Rh\u00f4ne-Alpes (si\u00e8ge \u00e0 LYON) -\n30-2026-02-25-00003 - Arr\u00eat\u00e9 de r\u00e9gularisation et prescriptions sp\u00e9cifiques pour une prise eau \u00e0 Beaucaire 43\ntiers dans un d\u00e9lai de deux mois a compter du premier jour de sa publication ou de son affichage ala mairie de Beaucaire et par le d\u00e9clarant dans un d\u00e9lai de deux mois \u00e0 compter de sa notification.Le Tribunal administratif de Nimes peut \u00eatre saisi en utilisant l'application T\u00e9l\u00e9recours citoyensaccessible par le site https://www.telerecours.fr.En application de l'article R.214-37 du Code de l'environnement :e Une copie du pr\u00e9sent arr\u00eat\u00e9 est d\u00e9pos\u00e9e dans la mairie de Beaucaire ;\u00b0 Un extrait du pr\u00e9sent arr\u00eat\u00e9 est affich\u00e9 pendant une dur\u00e9e minimale d'un mois dans lamairie de Beaucaire;e Un proc\u00e8s verbal de l'accomplissement de cette formalit\u00e9 est dress\u00e9 par les soins du maireau service de police de l'eau ;e Le pr\u00e9sent arr\u00eat\u00e9 est publi\u00e9 sur le site Internet de la Pr\u00e9fecture du Gard pendant une dur\u00e9eminimale de six mois.ARTICLE 15 : Ex\u00e9cutionLe Pr\u00e9fet du Gard, le Maire de Beaucaire et le Directeur r\u00e9gional de l'environnement, del'am\u00e9nagement et du logement de la r\u00e9gion Auvergne-Rh\u00f4ne-Alpes sont charg\u00e9s, chacun en ce quile concerne de l'ex\u00e9cution du pr\u00e9sent arr\u00eat\u00e9.\nFait \u00e0 N\u00eemes, le? 5 FE V, 2026\nYann GERARD\nAdresse posiale : 69 453 LYON CEDEX 06Standard : 04 26 28 60 00 5/5www.auvergne-rhone-alpes.developpement-durable.gouv.fr\nDREAL_Direction r\u00e9gionale de l'environnement, de l'am\u00e9nagement et du logement d'Auvergne-Rh\u00f4ne-Alpes (si\u00e8ge \u00e0 LYON) -\n30-2026-02-25-00003 - Arr\u00eat\u00e9 de r\u00e9gularisation et prescriptions sp\u00e9cifiques pour une prise eau \u00e0 Beaucaire 44\nDREAL_Direction r\u00e9gionale de l'environnement, de l'am\u00e9nagement et du logement d'Auvergne-Rh\u00f4ne-Alpes (si\u00e8ge \u00e0 LYON) -\n30-2026-02-25-00003 - Arr\u00eat\u00e9 de r\u00e9gularisation et prescriptions sp\u00e9cifiques pour une prise eau \u00e0 Beaucaire 45\nPrefecture du Gard\n30-2026-02-26-00003\nAP fixant les dates limites et lieux de d\u00e9p\u00f4t de la\npropagande\nPrefecture du Gard - 30-2026-02-26-00003 - AP fixant les dates limites et lieux de d\u00e9p\u00f4t de la propagande 46\n| | Pr\u00e9fecture - Direction de la citoyennet\u00e9,PREFET de la l\u00e9galit\u00e9 et de la coordinationDU GARD Service des \u00e9lections, de la r\u00e9glementation g\u00e9n\u00e9raleLibert\u00e9 et de l'environnementaniite Bureau des \u00e9lectionsFraternit\u00e9\nArr\u00eat\u00e9 n\u00b0fixant les dates limites et les lieux de d\u00e9p\u00f4t des documents \u00e9lectorauxpour les \u00e9lections municipales des 15 et 22 mars 2026Le pr\u00e9fet du Gard,chevalier de la L\u00e9gion d'honneur,officier de l'ordre national du M\u00e9rite,Vu le code \u00e9lectoral ;Vu le d\u00e9cret n\u00b0 2025-848 du 27 ao\u00fbt 2025 fixant la date du renouvellement desconseillers municipaux et communautaires, des conseilles m\u00e9tropolitains de Lyon, desconseillers de Paris et des conseillers d'arrondissement de Paris, Lyon et Marseille etportant convocation des \u00e9lecteurs ;Vu l'arr\u00eat\u00e9 pr\u00e9fectoral du 26 f\u00e9vrier 2026 portant constitution des commissions depropagande pour les \u00e9lections municipales des communes de 2 500 habitants et plusdu d\u00e9partement du Gard ;Vu les propositions et d\u00e9signations effectu\u00e9es par les maires des 68 communesconcern\u00e9es ;SUR PROPOSITION du Secr\u00e9taire G\u00e9n\u00e9ral de la Pr\u00e9fecture;Arr\u00eate :Article 1: les listes de candidats d\u00e9sirant obtenir le concours de la commission depropagande devront remettre les exemplaires imprim\u00e9s des circulaires et des bulletins devote aupr\u00e8s du secr\u00e9tariat de la commission concern\u00e9e :- pour le premier tour de scrutin, jusqu'au mardi 3 mars 2026 \u00e0 18 h 00,- pour le deuxi\u00e8me tour de scrutin, jusqu'au mercredi 18 mars 2026 \u00e0 12 h 00.L'envoi des documents remis apr\u00e8s l'expiration de ces d\u00e9lais ne sera pas assur\u00e9 par lescommissions.Article 2 : les jours, heures et lieux de d\u00e9p\u00f4t des circulaires et des bulletins de vote pourchaque commission de propagande sont ceux figurant en annexe du pr\u00e9sent acte.\nPrefecture du Gard - 30-2026-02-26-00003 - AP fixant les dates limites et lieux de d\u00e9p\u00f4t de la propagande 47\nArticle 3 : les livraisons devront \u00eatre effectu\u00e9es dans les conditions suivantes :- bulletins de vote: livr\u00e9s par 500 avec s\u00e9parateurs,- circulaires : livr\u00e9es par paquets de 500 ou de 1 000.Article 4: les candidats ou leurs mandataires doivent se mettre en relation avec lessecr\u00e9taires des commissions de propagande dont ils rel\u00e8vent afin de convenir ensemble desmodalit\u00e9s de d\u00e9p\u00f4t de la propagande \u00e9lectorale, sous r\u00e9serve du respect des prescriptionsfix\u00e9es dans le pr\u00e9sent arr\u00eat\u00e9.Article 5 : il est recommand\u00e9 aux candidats de soumettre \u00e0 la commission de propagandeles projets de circulaires et de bulletins de vote, avant d'engager leur impression, pour s'as-surer qu'ils sont bien conformes aux dispositions du code \u00e9lectoral.Les projets devront comprendre les dimensions des documents et leurs couleurs finales.Ils seront adress\u00e9s uniquement par courrier \u00e9lectronique sur la messagerie suivante :pref-elections@gard.gouv.frConform\u00e9ment a l'article R 34 du code \u00e9lectoral, les commissions de propagande sontcharg\u00e9es d'adresser la propagande \u00e9lectorale aux \u00e9lecteurs :- pour le premier tour : au plus tard le mercredi pr\u00e9c\u00e9dant le premier tour de scrutin,- pour le deuxi\u00e8me tour de scrutin, au plus tard, le jeudi pr\u00e9c\u00e9dant le deuxi\u00e8me tour.\nArticle 6: - le secr\u00e9taire g\u00e9n\u00e9ral de la pr\u00e9fecture du Gard,- les sous-pr\u00e9fets d'Al\u00e9s et du Vigan,- les pr\u00e9sidents et membres des commissions de propagande,- les maires des communes concern\u00e9es,sont charg\u00e9s, chacun en ce qui le concerne, de l'ex\u00e9cution du pr\u00e9sent arr\u00eat\u00e9 qui serapubli\u00e9 au recueil des actes administratifs de la pr\u00e9fecture, ins\u00e9r\u00e9 sur le site internet del'\u00c9tat dans le Gard (www.gard.gouv.fr) et communiqu\u00e9 \u00e0 Mesdames et Messieurs les 68maires des communes du Gard comptant 2 500 habitants et plus.\"LG FEV. 2028a Nimes,Le pr\u00e9fet,pour le pr\u00e9fet et par d\u00e9l\u00e9gation,le secr\u00e9taire g\u00e9n\u00e9ralPour le pr\u00e9fet,- Tr  \u00e9taire g\u00e9n\u00e9ralRD\nPrefecture du Gard - 30-2026-02-26-00003 - AP fixant les dates limites et lieux de d\u00e9p\u00f4t de la propagande 48\n8SZLbE9ZZ0-\u00a390S.6\u20acbEbO-VONWIV4eddijiud'WwWTANGNYWW-SaunefueAfsunod-sandiie9sapayes:11dsnosasiwapnaryYZLIOEYEL-UZL/OEU8:1p21pu8AneIpuN|np:sau1e10HTANGNVWjanpuew~EhZLSL69\u00a30-29OSGEbEFO-OUVSSVNeueOU-BUleW|ap22ejd-aUIEW:sSoddojaauasap3epueZedoude]apuosieinrayese]&sapereinodsaysiewsanbjano..~i8a.3-aYIeW2]SURPYWSe20e,pedwey-Y/L/UbL-YZL/Ug:|paPUaAneIpUN|Np:S1110HL9OLSL06#0-JHONWIEVT21235149SUNSITONV$37-Aadsajnfanuare|-jediojunwjlasuodnpales-3I|IA8P[230Hse|suyso]YZL/YEL-UZL/UG:SesteJOHSEbE\u00a32\u00a3090-SINOB12\u00b0FNVOIA31-a3eNboJe7apsadejasjendaoe|d-aie;ueSlA37'W~69062ZTZLO\"CE99L8Z9FO-XIOWDV1PIEMI'WBpode9191JeqDaneSupedneJappozenodaysinsyuasa4942]12392}UOD-OEUZL/OEUS:IPSIPUSANeIpuN|NP:S211210H9660Lb\u00ffT90-90HGEZ99FO-ZANONIWOSiosuesy\"WIOYNCNYYO37-YoRe29q17e]apadeid|-aIIIAap[339H1OY-NP-Ne1D27(Ipiurseideipnal9;pwe4)YZL/UbL-YZL/UG:IpeJpUaAneIpuN|npsSHEIOHSOLO8899hO-YINOVYM2211898SWIUVIVD31-UIIOY-MPSTee|d-SUIENTRES\nOEYSL/OEYEL-YzL/u8:IPaspuaA- UCLIOEYEL - uzL/ug : ipnef1pessieu - Y/L/OEUEL - uzL/0Eus : piew-pun) : seuresoH06OS+\u00a3OS\u00a30-2PNEIDJWYOTIC8PNEIDsu3S10Q%v,1NNGNV1-#\u00ff6Luinfgnps2ejdHHL-S1IENasiopsy,|-unpneyaneledsuesedsidsapJuswaAg|Ua,pSI|IqIssod-UZL/OEUEL-UZL/Ug:SauleJOH\u00a32V6S9LL90-LS89bS99FO-SIBIUL1509SWINOGNVUDV1-[edioiunwjlasuooNPales-SHIEN@quWIOD-PUeI87apodejleuodunJedsasoy8E9ZOb\u00a3790-SUFILVANOT2HPIPABWW1113W71V9V1-SUOJIEAapani|-|euNWWOD1340syowyjede7\nUZLJOEUEL-YeLOSIPespuaAne[pun]npsallelOHLZ\u00a3268LZ90-\u20ac809PZ99HO-HILSITIVE2U9IEASUWANIONIA-LSS3YINONOM-lewejap25eIdL-[IAAP[230HqusdulA-quies-sasainbuof'UZL/UG:1PS1PURA81-OEUZL/UbL-UZL/U6:ipnafne1pun]np:seuieioHO\u20ac6S626bbO-bSLZSbSb90-1431473921NfSUN0\u20ac6S626bO0-OZ0092SBZ0-21P0I3LFGNWHDapo;SwOVYINIO-NeausayDyoue4aoejd-aie;2819029\n(puu-saide1pnefa]38USL\u20acYpLap[pewa]2yqndnesuieJ)Y/1/O0UbL-OOUZL/OEUS:Ipe1puSA-pnaf-peissau-pieui-pun):S8118J0H0065676FO-S8UVaaU21ne7'Ww\nsuoleg\n[piw-saide1pS15IeUI3]UNS]-UZLIOEUEL-DEULL/UB:IPOIPUSANeIPUNNp:SSJIELORLL06SE99pO-HONVUHAEUNIGSUNXNANLNOW31SINDUYVTIVD-aliNopnednpsed-aie;xnanquop-af-sanzieyjesULL/OEUEL-YZL/UG:Ip21puSAneIpuNyAp:sa11e10HSZOCbSZSZO-3311VABspuexajySUNSANDYNOS-SeLNODauuaiyan-SJJIASP[239Hsanbino4\nYZL-OEYEL39UZL-OEU8--92U9/ne7ow-SuleeB]apani9-,ejdnednpuosiep,,ajediaiunwayeueugopo:IPaspuan38YZL-OEURIPNel'UZL-OEURIPe!D/EW\"YZL-OEUELIPseW\"YZL-CEURIPUNI:Sau1e1OH600996EZ90-ZO\u20acOSE99bO-LIGNOODVI1]SWINVN90dO9-au!13P9-ulPUOSIEW,S/ECIS!HESPodSLUZL/U8Ipnal-oeygi/YEL._.-SLYZL/U8:!paspuan191pad/0W-OEYZL/YEL-SLUZL/UB:IPJEU12IpUNy:sasTeIOHY88bb9EZ90-ZLES900\u20acbO-YAILSY22U210|4SUDVSNIYVID-euieue|apadejdg-auIEWoesuale|>[isiToveyONERIBS]SPSREJLOesariea]LLL9&L9Z90-LSZS900\u20ac0-NOGODeursiiyDSUNDVHI3AVO-neoeuonps5e[d-aLIEWDEISAED~42L/U8:Ipe1pu8a-YZL/OEYEL-yzL/u8:pnefneIpsewnp-y/1/y8:IpUN|:sauesoHi9wii_=:YZL/oe4s:Ipnal-YZL/OEUEL-UZL/OEUs:Ipespusn-paisieui-pieur-pun]:sauesoH-\u20ac0OZLO99+0-OLVNVDasiosueljawNOSSIATW9-euIeuejapandL-SUIEWUOSSIAJEDIpawes9]US}-YZL/YPL-YZL/OEUS:IPS1PUSAneIpuN|np:Sa11210HOSOSGEVEbO=IMANOLWesewaw-AAIHYIA8203104BUSINOYVSSIVI-Opelainose|apaniOL-ae;sangiessie>UZLIOEY:IPS1pUSA81-YUBL/OEYEL-UZL/OEUB:IPNaTNeIpUN|np:souie10Hb98S6\u20acbEpO-SODUVNeuHpuesSUNSINOYVT1INOS-[Edioiunw514-aie!san31e||Inog\nqueaapanusBuriedajsedpaid-uiejdapaqiss522ea1IE-OEUZL/OEUEL-YZL/YOL:1pnaf38|psewse]-DEUZL/OEUEL-YZL/OEUB:|Pa4PUaA39PUN]:sauje1oH9b78L9990-LINISSAIUASSU9/NE7SUNDvINVS1313SS108-uoqueu)ayysejd-sue2efne9-38-39ss10g\nUZL/OEUEL\nUZL/U8:!perpusn39Ipnalse]-YZL/OEUEL-UZL/OEUS:1Pas2/9WneIpUN|np:sJIEJOHdp8078790-94LESZ99+0-Z31VZNO92IE95EQSUNS393SS18-A[INEDap[espUPOnpaoejd-auIense\u00f1essegYZUOEYZ:1P949s8W-UZLUbL-YZ/OEUZ:|pespuaA-pheripseurpuny:sas1eI0Hb27S90O\u20acpO-ALLIAVISUHEUIETSUNSINU38-JSUNOMWSOHEUIPQZL-SLHIENsiureg\nUCLUS=1PSIPUSA-DEUBLJUPL-2L/U832-2[1n89apsajieaoejd-aieapsesayje:ipnef-yZLOEUEL-UzL/Ug:1p2so49W-OEYZL/OEUEL-UZL/ug:Ip1eW39IpUN|:seu1eI014290425SB20-d'IVYVIUaRseggs'W104V937138-211n89apsajseyoaoejd-auiewp1e88118g5OEUZL/USL-UZL/OEUR:puni>|8262LO99#0-XNAHINDSUUYSUNNISIOANW3a-LIEU:\u20ac]apaniz-LIENulsioaneag~OEYSLIOEUbL-UZL/OEUS:1PS1puSA1eIpeiosaWse]-YZL/OEUR:|PNA!18|psewsa]sas1esOH}\"SE\u20acS97ZL90-NAINUNQaHPIeEASWxne20]xNe5229e,padweyLOZEZhb990-NNUA2191P?UPESWI34IV9NV18-ouIse2npaaiy-jJedisiunwouise>a1Ie9ne9g~\u20ac\u20acLZ6S99+0-ZSOLGESb90-LLANSURSHUIDSWS2992,p91911eqejapasnqyanno,|unodulldsnosasiwi,3uas94948]18]9e{UOD-sspojedsueu39UOAeYDaneUOIWEDUN,p97ISS299N\u20acZOb78ZL9O-OSNYVDa/93sUWYDSUN3239UNSSIONOVE|-SSANSE}SUONEUUIUEJOS3|21N1N9SUOIZDEBIIAIASNP9199EUSA2LIOQ-Pseulaguies2yj92ejd2]ap93928INEW-ISINOD-INeEW-3SUIIUEPOUIYe,p21jU298ZaD-iNs-sjouzeg\nSZ650999to\nYZUOEUEL-UZL/SLU:IpaspUaAneIpuN|npsasresoH=TwemreueydensunsTONSOUNAYVOVE-S2IV,P2101ESL-SUIEWpie3egHaLJUS:1PSIPUSA35IPUN|591-YZL/UPL-UeL/uB=PRETne1pJEUApSeuleIOH76EEZS9990-00680899PO-GNVUINSSINTWSIVENY-PIEUOTSiwySnuaneLL-SUIENseqny~W0\u20ac'7:WUNUIREUTInayney:UOUNSNOSoSesseq-1GEap82ESLS$820-UNIVUIISHEN-snjdapsajnsiypaxnepsaqU!52924-UZL/YEL-YZL/OEUR:IPa!PUAAneIpUN|npsauesoti|eu-8\u20ac$Z286b90-11AVAeurUdj2gauPOIANA~PRIESNMARISEVPmagnimes:7Z8SL999bO-OZNOTVUOUEMWSUM=:IPSJPUDAneIPUNIJNpS311210.-3gapued|-oieaznpuYZUOEUEL-YZL/oeUs:Pappun}npsasie10}wiihideeaEeASRGColaeames3ZNGNY-ugapueldL-aUIeWpuyHBL\u20acOEUSepSaueIOH66\u20acBBZ9Z90NO69019599PO-SINUSSISSUNSIV-SIPEUDOYSpSinogneynponsSSL-SNDIIIUDIOS39[INB|NDSlodsavULL/OEUEL-UZL/OEUs1P21PUSA8j-OEUZL/OEUEL-OEUZL/0EU8:IPNafneIpun|npsauie1oH0608968990-NIHDOHe2uaune7auSINOYVNIV-SbELleugnp22eIdL-auIensanSeuury\nOEUZL/UpL-Yz1/oEus:saue1oH82LESE99pO-GNVNAVYeulinegUNSAAIA-SANDIV-8NYPUEIOBOL-SUIEWSBAIA-SONSIY\nUzi/yg=IPSIPuSA\n~OEUZL/OEUEL-yzL/ug:pnaf-pesoseW-IpseW-OEUZL/OEUEL-UZL/Y6:IpUN]:sauleEIOH7606EZ99FO-SIONV1SueySUSILYOW-SANDIV-1NO7-3522ejd-[I8SU09npales-SUIEWsauop-sanziy\nS399v,QSNOILIGNOD13SIUIVYOH\nSLN343334ldSNOS4SIW3Q13NOSIVYAIT3QXN317SINNWWOD\n9202SUVWZZLASLS40SATVdIDINNWSNOILD313$371UNOd|XNVUO19111SLNIWN9IOQ$S3QSLOd3Q3QXN311$37LASALIWITSALVG$37LNVXI4NG0000--20-9207-0\u20ac.NTVYOLDIAIUd1LI1YUVY,1VWIXINNVY\n92024114131\nSNOILD313S3qNVAYNEg9u3s/D190auvoNG3\u00a5N.L9343ud\nPrefecture du Gard - 30-2026-02-26-00003 - AP fixant les dates limites et lieux de d\u00e9p\u00f4t de la propagande 49\n-9743Ud,]&SSUDJEULZaneSAddV-UZL/OEUEL-UZL/OEUB:SeuleJOHVE6bZZ06HO-VENDOASSIJEUIENUM~8S\u00ffcZL9Z90-EIUOSSVINOSEIUOSSUNNONDIAVS373ANAN3TIA-anbyqndaye]epanuz-euIeuue]ap[EHuoUsIAY-s9a|-2Anaua\n+008SE9970-0008SE99HO-JUARdSNPIUOISASW-ELO9$899+0-115092uofenewHOL/OEHELIP91PUSA-HZL/OEHEL\u00b0-anbigndaye|apaniZz-auie2z293,9Ipnafipalsislu-pies-OOHBL/OEHEL!PUN|-HZL/H8AP1P2:pu8Ane1pun]np:saue1oH|.-6008SE99+0-0008SE99HO-VLSONV|EIUEUDSUNHEUNAAPOSTSENT\"RIMd\u00e9OEUSLAP2/ee19NIDa4J9,5IdsnosasiET+8OELL90LHIANVAnnYZL/UbL-YZL/OEUS:!1PaspUeA-YSL/UbL-YZL/OEYs:pnaf1psisieuu-pieur-1punl:sa1i1oH-4OLEZ99+0-V13N93S-NOJONIdWELANSW-Sb6L!EWgnp38uoneiaqi]e]ap22e[dZ-n0BINO2jILU3ales-SUIEMLELZ66LE90-3ddFULAVGPHEWSUWinasusoseDane98e2-PYDZAR,|8p32edL-29243,epayes22.13SLIGhLE00-SPAINFUITSUS3ZN-?429A3,]2pade]L-242213,APayesnOEYZL/OEYEL-OEUZL/0EU8:IPS1PU8AneIPUN|np:sa11e10HSZLLLZ99bO-LIHHNOS21235109SUNanvHOnN-AjofapWeqoysnuareppt-SUIEWpneyonANSUBOSESUESpaidJeLneSIPS-euIeuelUEKSPJOLISEUOREISaFiou-san81ossneo*tenb-jedisiunwjiasuodnp\u00bbes-ouieS3J3|WUWOLOEUSL/OEUELIPS1PUSA-UZL/Y6IPS1PuAneIpsewnp-Y/L/UbL1pnafneipuN]np:sa11EJOH92680899bO-WUASNVD21235UIDSUNS3YSINWOS\u00a9'4tenb6z-jedio1I!pales-euIEW2!sOEUSL/UEL-UZL/OEUS:PaupuenneIpun|np:sa1ie10HBECOSESELATIENNEANTENNESSIVANNIVS-Siqwiedapani-[I2SUODnpayes-ALIENsaspullesUZL/OOUEL-21/0048:IPS1PUSAnepun]Np:Solle1OHLZSLZz990-VSOUDAUUOLSIPYW31Y310dV1NILN3ND-LS-Beejap22e[d9-SHIENB1JaOg-e[-UNUENH-qUIeS\nUZL/OEUEL-UZL/OEY8:1pS1pUSAneIpUN|np:sS1Ie10HLEZOSEGb90-LNVGWAPNEUSY'MXN3IAS3QLVAIYA-LS-sedeewsapayes-SUIEWXNBIA-SAP-JEAL-JUIESUZVOEYEL-Yz1/ug:IPeipueAneIpuN|Np:solleIOH\u20ac0ZLOE99bO-NOdVHDawune|l|INd\"WwWSANDIVOIWA3GNILYWW-LS-HEqIINDVeqoy22e]dz-SUIEWsangjesjep-ap-ulyep-ues\nOEUZL/OEUEL-OEuZL/0EuS:seueoHL9vOZZ6290-SS\u00a390S99HO-IUVSI9SLUIBIIASUN-60LOOS99$0-118n99Y-9bOL67Eb90-ZZ69OS99bO-NITYIH1289'WSIUSUUVSIGLNIYNVT-LS-slewe]apaceZ-SUIEWSojgiy-sap-juaine7-quies\nUZLEUbLOP-ULE46ap:Sa1le10H6L98\u20acZ8b90-LINNOSue1seq\u00bbs'W\n3ZNO91v,G\nLNAYNVT-LS-[|edidiunwjiesuosnpajjes-AlaLUSHanig-auieWaznosiy,p-yusiney-quiesIP91918UU9]3NeSYZL\u20acOEYELOP-4ZL&OEU8OPIPaIpUAANeIpUN|NP:SalleIOH6S009899pO-LINOVWSULHPUESSUSU3ISOYU$37NANIN-LS-SeSOWIWsapanuane9/\u20ac-SIJIEWSI2ISOY-Sa]-ualpnf-quies\nUZLEUbLEP-UZLEU6ap:Sa1le1OHOSLLE8S890-NV38NVY18/PIQ'W-+069/99890-Y1ISSI3L|anwes'WauvoNGNVAI-LS-sesoysapjeysasepand|-eue|pie9-np-ueaf-quies188v,18pandejJed5295V-SUIEN|APade]qXNEAE1J-OEUOL/OEUEL-00UZL/0EUSIP21PUSA8]-OEUYZL/OEUEL-O0UZL/0EU8:ipnefne1pun]npsaie10H08ZS8bSL90-beZZ\u00a3299pO-USEQ1V71NO/NVYUSE'WLYOdNG31ATOddIH-LS-auIeue]apadeid-SHIEWyoj-np-2341oddiH-quies\n(9202Siew\u20acipieuu3]OOUZL8OEUELapajjeuuordssxssinyanano)YZL/OEYRO:1pieuw-COUZL/OEYEL-OOUZL/OEYRO:IPS1pusn-pnaf-ipaisseuw-punl:sa1ie10H6S\u00a3\u20acL999pO-9b689S8/90-AUVIENV2LHPIEASUNseUJ919-2p-9118|IH-JUIES\u20acZZL6299+0-3HOINenbiuIuoq-f'W:ISVINOYANS-ZLS67\u20ac6990-VILLYePSENSUN:STESAWIN-1OVIVNDNOY3G31NO%OLL-39V1NOYanssa]llO-AUIeS\nUZL/UbL1pS1puSA-UzZL-U61PS15ISU1pJeut-YZL/UbL-yal/u61pnelpu]sollejoH9289pSOZ90-SBZ8E999+0-NVOUNOf22U310j4SUS1#IO091VWICSIIN3O-LS-Z96LSIEWGLNPansL-SUIENS21108|2N-2p-SRIU99-AUIESOEUZL/OEUEL-ZL/0EU8IpaspuaAne1pun]np:seuie1oH9ZZOZLEZ90-ILIVULSUIABpnejD-ueaf\"WyS31VS3110LSIVHO-LS-SJ@snowJeLWsapansLp-(seZeewsapayes)aUIENS8]W-Z2]-|OISUYD-QuIeSAIABP[239U,|SPandsualjedsasuessadoy-anbijqnday2]@PPqLNEssaljedsaJaneseody-Y/L/OEUEL-UZL/U6:IPS1pUSANeIpUN|NP:saseIOLYSZLZ\u00a328690-GIZN38-3LNVHO2PIIUIENSWXIOU8WVY-LS-32/8104NPPQL-2HIENxioiquiy-qules\nOEYSL/OEYEL\u2014YZL/UgIpa1pusA28OEUZL/OEUEL-YZL/Ye-Ipnaf-4paisiew-Ipiew'OEYZL/UPL\u2014YZL/ug1punI:sas1e10}4*EEEQUESENerOSRESAO[STISeeSUNNOSSNON-seunefUeefe>eds3|mieleDEUSLJOEUEL-YL/UB:IPSIPUDANe[pun]Ap:SSNEIOHPEpS0699PO-\u20ac09892bh90-OILLVNaenuewugSuTUNVWANOOY-SUIeWETapade|d-AUISUNOYap224J0UaIDUYainewenbowOL2590O\u00cbPO-SANTVNODEIPDSWINVHTIQOY-suiewe|apsoe|d-auiewUEUIIPOYPLLZ662b90-S31119NOHLVW2UI|VSUNGUVONGLYOIIHDON-HOAeTnp85e1d-JASP[10Hpled-npwo0jeyoouGEL-UG:1PSI579W/OBUZL-OEUEL39UZL-UB:IPOIPUBA-Ipnel-IplewPURB9\u00a38LS\u00a3990-UAVUNOAVTelpINYSUNNVSSIQNN-enbyqndpyElapenEL-seBersewsSapales-OmeUessepeyDEULUEL-UzL/U60:IPSIPUBANeIpUN|np:so1eIOH27PZLZILPO-EE6556Ep90-INSHONGAles!SU]DVSSINO-21QUISAOUJLApanuAneGL-9SNOUS1Is9qaINa|ND-O1D0819/0DeSSINODEUSL-UPL-OEUZI/OEUS:[PaIpUBA-J/L/UPL-OEUZL/OEUS:PROne|pun|ApSas1eI04LZV96\u20acSZ90-NVGUNOTUaRSEGDSNWind-SHIENaneindYZLTUBTM|PAIPUBA-DEUZLIOEUEL-UzL/uB:Ipnatneipun|np:seIEIOH|.5985pZZE90-SIVLVASUTEWIEDaUXINOd-SIASPBI9UapaeId-auIeEWXINOd8S9E\u00a36bZ90-DOOYONG212808198SUNLIYdS3-LS-LNOd-2n8/2WN0QU0SEO2NUSAE0/-SUI2ZET27-NIZILIDyids3-juies-uogSININ-3211128\napne|danuane/78-UOUINYaUIAIPN]Syodssapa|jeH:MSACSSSTSPNeal]=WSVWd2187SWW-SIOIDYNOINDUVAVS222PENaUsaye|edsue:}jeUOAeYDaneUO|WeDun,puonesi|hf-paidulejdap[830]:SHodssapSEPLOZStOF90-NOHDNIWSEIO2IN'WSININ-UEZ?19apaUOZ-IpjouegDuBpaL4SOWINanuaneSpl-jedjoiunwWanbiuyraqanus):SpuesedoldETopuosieIary,(quaspsps9].493e3U09)Ipius-seideIpnaf3eIpsew9]ayjqndneu194-YZL/OEUEL-UZLIOEUS:seUIeI0H49\u20ac8086OZ90-8Z6\u20acZS99FO-UAINSARS2LEWOWNIYILNON-82UeJ4-sapuapya1ialganuaneEZ-BLEWULUOW\n=e\nzL/OOUS:pe1puen2|-OEULL/OEUEL-4zL/0OUg:HMA!Ne1punnp:seueso]eeaca=oereLenunANVHTIIN-UUBNOaualgandL-aUIEWpneu(pisaideipaipusa8]awsa4)YZL/YbL-UZL/Ug:IpespuanneIPUN]np:sa11810HBE65ZS99F0\"ANLLSINYIFUOSoulSINAIN-SUIEULejap22ejd|-21esousAY105sidsapquawanajuy6862Lb7b90-LI1INNOGIE25EdW-9\u20ac62OZ0ZZO-YAINVUDAureDow\nS3LLIVINOUVN-Sa||I2[eUEU)Ap2A835N9any-jedioiunwjrasuodNPayes-ALIENsayen3en\nS399V.QSNOILIGNODL3SIUIVYOH\nSLN343434MdSNOS3SIW3d13NOSIVUAIT3dXN311SaINNWWOD\nPrefecture du Gard - 30-2026-02-26-00003 - AP fixant les dates limites et lieux de d\u00e9p\u00f4t de la propagande 50\nPrefecture du Gard\n30-2026-02-25-00006\nAP fixant les dates limites et lieux de d\u00e9p\u00f4t de la\npropagande pour les municipales 2026\nPrefecture du Gard - 30-2026-02-25-00006 - AP fixant les dates limites et lieux de d\u00e9p\u00f4t de la propagande pour les municipales 2026 51\nE = Pr\u00e9fecture - Direction de la citoyennet\u00e9,PREFET de la l\u00e9galit\u00e9 et de la coordinationDU GARD Service des \u00e9lections, de la r\u00e9glementation g\u00e9n\u00e9raleess et de l'environnement'galit\u00e9 A .cents Bureau des \u00e9lections\nArr\u00eat\u00e9 n\u00b0fixant les dates limites et les lieux de d\u00e9p\u00f4t des documents \u00e9lectorauxpour les \u00e9lections municipales des 15 et 22 mars 2026Le pr\u00e9fet du Gard,chevalier de la L\u00e9gion d'honneur,officier de l'ordre national du M\u00e9rite,Vu le code \u00e9lectoral ;Vu le d\u00e9cret n\u00b0 2025-848 du 27 ao\u00fbt 2025 fixant la date du renouvellement desconseillers municipaux et communautaires, des conseilles m\u00e9tropolitains de Lyon, desconseillers de Paris et des conseillers d'arrondissement de Paris, Lyon et Marseille etportant convocation des \u00e9lecteurs ;Vu l'arr\u00eat\u00e9 pr\u00e9fectoral du f\u00e9vrier 2026 portant constitution des commissions depropagande pour les \u00e9lections municipales des communes de 2 500 habitants et plusdu d\u00e9partement du Gard ;Vu les propositions et d\u00e9signations effectu\u00e9es par les maires des 68 communesconcern\u00e9es;SUR PROPOSITION du Secr\u00e9taire G\u00e9n\u00e9ral de la Pr\u00e9fecture ;Arr\u00eate :Article 1: les listes de candidats d\u00e9sirant obtenir le concours de la commission depropagande devront remettre les exemplaires imprim\u00e9s des circulaires et des bulletins devote aupr\u00e8s du secr\u00e9tariat de la commission concern\u00e9e :- pour le premier tour de scrutin, jusqu'au mardi 3 mars 2026 \u00e0 18 h 00,- pour le deuxi\u00e8me tour de scrutin, jusqu'au mercredi 18 mars 2026 \u00e0 12 h 00.L'envoi des documents remis apr\u00e8s l'expiration de ces d\u00e9lais ne sera pas assur\u00e9 par lescommissions.Article 2 : les jours, heures et lieux de d\u00e9p\u00f4t des circulaires et des bulletins de vote pourchaque commission de propagande sont ceux figurant en annexe du pr\u00e9sent acte.\nPrefecture du Gard - 30-2026-02-25-00006 - AP fixant les dates limites et lieux de d\u00e9p\u00f4t de la propagande pour les municipales 2026 52\nArticle 3: les livraisons devront \u00e9tre effectu\u00e9es dans les conditions suivantes :- bulletins de vote: livr\u00e9s par 500 avec s\u00e9parateurs,- circulaires : livr\u00e9es par paquets de 500 ou de 1 000.Article 4: les candidats ou leurs mandataires doivent se mettre en relation avec lessecr\u00e9taires des commissions de propagande dont ils rel\u00e8vent afin de convenir ensemble desmodalit\u00e9s de d\u00e9p\u00f4t de la propagande \u00e9lectorale, sous r\u00e9serve du respect des prescriptionsfix\u00e9es dans le pr\u00e9sent arr\u00eat\u00e9.Article 5 : il est recommand\u00e9 aux candidats de soumettre \u00e0 la commission de propagandeles projets de circulaires et de bulletins de vote, avant d'engager leur impression, pour s'as-surer qu'ils sont bien conformes aux dispositions du code \u00e9lectoral.Les projets devront comprendre les dimensions des documents et leurs couleurs finales.Ils seront adress\u00e9s uniquement par courrier \u00e9lectronique sur la messagerie suivante :pref-elections@gard.gouv.frConform\u00e9ment \u00e0 l'article R 34 du code \u00e9lectoral, les commissions de propagande sontcharg\u00e9es d'adresser la propagande \u00e9lectorale aux \u00e9lecteurs :- pour le premier tour : au plus tard le mercredi pr\u00e9c\u00e9dant le premier tour de scrutin,- pour le deuxi\u00e8me tour de scrutin, au plus tard, le jeudi pr\u00e9c\u00e9dant le deuxi\u00e8me tour.\nArticle 6 : - le secr\u00e9taire g\u00e9n\u00e9ral de la pr\u00e9fecture du Gard,- les sous-pr\u00e9fets d'Al\u00e9s et du Vigan,- les pr\u00e9sidents et membres des commissions de propagande,- les maires des communes concern\u00e9es,sont charg\u00e9s, chacun en ce qui le concerne, de l'ex\u00e9cution du pr\u00e9sent arr\u00eat\u00e9 qui serapubli\u00e9 au recueil des actes administratifs de la pr\u00e9fecture, ins\u00e9r\u00e9 sur le site internet del'\u00c9tat dans le Gard (www.gard.gouv.fr) et communiqu\u00e9 \u00e0 Mesdames et Messieurs les 68maires des communes du Gard comptant 2 500 habitants et plus.a Nimes,Le pr\u00e9fet,pour le pr\u00e9fet et par d\u00e9l\u00e9gation,le secr\u00e9taire g\u00e9n\u00e9ralPour le pr\u00e9fet,ne SR seeretare g\u00e9n\u00e9ralwe (ESRD\nPrefecture du Gard - 30-2026-02-25-00006 - AP fixant les dates limites et lieux de d\u00e9p\u00f4t de la propagande pour les municipales 2026 53\n8SZLbE9ZZ0-\u00a390S.6\u20acPEpO-WONVIV4eddijiyg\"'WTANGNWW-SaunefUeafsiNnod-sandedsapayes:1dsnosasiwapne-:IPS1PUSANeIpuN]Np:sasieloTaNGNVWanpuewYZUOEYEL-yz1/0\u20acu8:1p31Pjpun|npl810H-\u00a3bZLSL69ZO-29OSGEbEbO-OUVSSVNauUeAxarySW_auieWelap22e-auiew:seddo}SGGenI8npayjese]&12p92einodsayoiewsanbjenD.-aLEULejSUEPYWd5222\u20ac,pedwey-YZL/UPL-UZL/U8:IPSIPUSAneIpUN|np:sasIe1014LOOLSL06#0-1HONVIVI212359WW]S3IONVS31-Asadsajnfenuane|-[edialunwujI8SU02npales-JIIABp[230Hsa|duy597ULL/YEL-UZL/U6:saueioHSEVE\u00a324090\"SINONRO\u00cfNVOIA31-xenboue]apseBeyesyendaoeid-aviewue8in24'W-6906TZTZLO-ZE99LBZ9bO-XIOWDV1PIEMI'WBPOdeasaiegJaneZulyiedneJappooenodaysuns}U219J91Bj19)98JU09-OFYZL/OEUR:IPesPUaANeIpuN;Np:sasiesO}y9660Zpbe90-90HEEZ99bO-ZINONIWOQSiosuesy\"W1OYNGNWUD31-YoOeJ9q!7e|apaed|-SIJIAap[A30H1OY-NP-NEIO37(1piu-saideipnal9]sue)UZL/UbL-YZL/U6:1PS1puSANeIpUN|npsallesOHSOLO88990\"YINOVM2913298SW)UVTIVD31-UOW-NIpaTeje(d-SHIENJe|I299]\n06OS#2OS\u00a30-2Pne|DIWYOT3CBpne|DeuWISIOGYV.TNNGNV1-PELUN!9npaze\\dpyL-SUIENasiopiy,j-unpneqensjedsuensedsidsapqUsWaAg[Ua,PPrliqissOg-UZL/OEUEL-UZL/Ug:SauleIOH\u20acZ+6S9LL90-LS896599pO-SI8IUL1215149SWJWODGNVUD1-[edisiunw[ISSUnpalles-2HIEN2qUOD-PUEIOeT2po2ejeyiodun1ed$355y8\u20ac92ObLZ90-SUFILVENOTSHPIEASUN3113N1V9V1-SUOJIEABpans|-j|euNWWOD1240ayouyede7UZL/OEUEL-YZL/OEYB!Paspuanne1pun]npss1e10HLZ\u00a3268LZ90-\u00a3809bZ99FO-HILSATIVASUZIEASUNANIONIA-LSS3H3INONOT-alee]apade/d|-aIIIASP[39Hquasulp-juies-sasainbuof'\nUZL/UG:!PaspUaA8j-OEYZL/YbL-YZL/YG:IPNefne1pun]np:sue1oH0\u20ac65626bb0-bSLZSb9b90-FYNAIdTICSATaw0\u20ac6562GbHO-OZ0092SB0-21P0|3LAGNWHD21P0/3SUOVYINAD-NeausayDyouesy22ejd-aie2eJau99\n(tpiw-saideipnafa]3eUSL\u20acYpLapIpsewa]ouqndnesue)Y/L/OOUL-OOUZL/0EU8:|Pespuan-ipnal-ipa.oJ9W-Ipsew-IpUN|:S81121OH006562GPbO-S34UVaAu21ne7\"WC\nsuoleg\n[Pius-saide|paissaW9]SWE-YZLOEUEL-OEUSL/US:PPIPUSANeIPUN|Np:SSNEIOHLL06SE99bO-MONWudEUNIGBWWXNINLNOW31SINOYVTIVO-PINOPNODnpadeid-SUIEWXN2NJUOW-2/-S2N21E[EDULL/OEUEL-UZL/UG:ipa1pusnneIpUN|np:s31E10HSZ02\u00a5SLSZO-1311VAespuexajysuSANOUNOS-SE|YNODSUEZANd-2JJIABP[239Hsanbino4:ACERINICENEEE600996EZ90-ZOEOSE99FO-LIGNOOVIeouaine]SUNNVYN9OdOD-alijewejapani9-,ajdnadnpuosiew,ajedioiunwyayesueuZopoDIPS1PUSA8YZL-OEYSIpnel'YZL-OEUs1PS1912U1'UZL-OEUELIPIEWUZL-DEUS[PUN]:SalIEJOHs'\"SLUZL/u8!pnal-oEugL/uEL.:-SLUZL/Ug:paspuan191pa191auu-OEYZL/YEL-SLUZL/UG|IPJEW39IUNI:SOIJO88bb97EZ90-ZLES90OFFO-Y1LSY2U210|JUNDVSN3YVI9-sewe]ap22ejdg-SuIEN2esu21e|)ANBSUBISE23eSUIEWejSp22829J9LneXNe207L9bL9Z90-LS2590DEpO-NOGODSUNSUUDowDVAIZAVO-Neareyonp22ejd-aeDeuSAeD~4ZL/u8:Ipeipuen-YZL/OEYEL-yz1/yg:Ipnafneipsewnp-YZL/Yg:Ipun]:sasre1oHIRAERSS'en06#0\"ADNSRASUNA\u00e0a.yzL/oeus:pnef-YZL/OEUEL-UZL/OEUR:|PespUaA-Ipas9JaW-IPseW-IpUN|:souesoH-\u20ac0OZLO99FO-OLWNVDasiosuelySuNOSSIATV9-241ewejapandL-SUIEWUOSSIAIETIpawes3]9018-U/L/UEL-UZL/0EUS:IP21PU8AneIpUN|Np:sasIeJOHOS0SGEVEbO~ITT3YOLNeBeWBWW-JAIHYIA22U210|JOUISINOYVSSIVI-Opelainose|apand9L-aUIENsanguessie>U2L/0EUg:1PS1pUSA9]-YBL/OEYEL-UZL/OEUS:[PNTne1punjnp:soulesOHSANDUVTINOS-[edioiunwS3eg-SUIEWsan3e||Inogquensp9nysSuiyiedajJedpaid-uiejdapajqissaooeaise;-OEU/L/OEUEL-UZL/YOL:Ipnaf31p1euusa}-OEUZL/OEUEL-YZL/OEUR:|P24pUan39IpUN:sasIEJOHSPT8L9990-LINASSAIUASIU2/NE7SUN9v/Nv913135S108-uoqueu9ajiuzadel-auien2efne9-13-95510g\nYZLIOEYEL\nUzUyR:speIpUDKve(prefss)~uZUOEUEL-uZLOGuGsipeaseWnepunynp:seqeIonLb80LZ8790-94bESZ99bO-ZIIWZNODAIe08egELUS393SS38-aINEOap[e1puagnpreid-eueseBessegUZLOEUZ:1Pes0J9W-Y/1/UbL-42L/OEUL:IPeipusripnelipieuripun:sSHeI0HPZ2590OFPO-ALLIVTSUHSUIEDSUSINWAA-J2UMOWSoHEUDPqZL-SUIENs1uleg:ipnef-uziloeues=\u00abeJhesipancmmceenaDDonan2902L558LO-d'IVUVDUaRsegas'WJQUVOITII-aI/NeDapsapeyD22ejd-LIENapiesaljog-OEUL/OEUPL-4ZL/OEUB:Ipa1pUaAyeIpas9saWso}-anteteresearn'iain-EsEE00:naling2usienoeNISICAAYSR\"PHIENSTSPSNLHISSheedxneoojxne5222e,pedweyLOZEcbb990-NNUEe2>1paupaSUNauleaneag~\u20ac\u20acLZ6S99pO-ZSSLGESb90-LLAN2UNSHUISUN1YIVONV18-OUISE9npaay-(edioiunuouiseTS2222,p9111eqe|2painyanno,|nodnlldSNOSail,Au919j918]1839eUOD-soyajedsue1jeUoAEUJaneUOIWEDUA,PPAISS252NELObC8ZL90-OSNYVI2182SW3239YNSSIONOVE-S8ANSE}SUONELLIUE42S2/[21NJjN2SUdIIDEBdIAJASNP9109EBYAASOY-PueUsagauies83399e/d2]ap9392&INeW-3S1N09-INEN-ISUSIUEPOUJYe,p2130992ZaD-Ins-sjoudeg\nSZ65099940\nUZLIOEUEL-UZL/SLUS:|paspuaAneIpun|npsasieIOH}-WOWalueydeasSu--INOATYSHSI0DSuCUVOVE-S2IV.P210016SL-SHIENpie\u00f1egUaL/ug:|PaspUaA381pun]$87-YZL/UbL-UeL/u8:Ipnalne1pJewnpso1e10H76EEZS9990-00680899PO-GNV\u00a5INDUSWSIVENY-PJEUOST2[ILU3OnuareLL-SHIENsIEqny-WOEZ:WwnwWixeuwJnN9MNEU:quodunsnosasessed=1SEep8cESLSS8/0-ONVYssEMA]:snjdapsajNd1ypAxneIPsayu!Se20V-YZL/YEL-UZL/OEUS:IPaspUaAneIpUN|npsalIeIOH|sw-8\u20acSZZ86b90-JTAVASuIydiagauNOWWAYJOUEShelSondSinemOHvowev;bZ8SL999bO-OZNOTVUOHENSu5:IP81PU3AneIpuN]NpS3118210-3apuejd|-auieeznpuUZL/OEUEL-YZL/OEYs:pop[pun]NPS211E10H2,20LEO-275610BObi-EVUNCBAUDSUAZNANV-\u00aeugepuejdL-auIeWpuyUBLeOEUSepsazejoH66\u00a38BZ9Z90NO69OL9599PO-SIUUVESIsOWS31V-#1Pq8u20ySpBinoqne;npandSSL-enbyAUAIDS39[aININD910dsavYZL/OEYEL-YZL/0EU81PS1puSA81-COEYZL/OEYEL-oEUZL/0EU8:1pnefne1pun]npsouesoH0608968990-NIHDOH22U21ne7awSINOYVHIY-SbGL!eWgnpadeidL-aUIeNsanSieuuiyOEUZL/UpL-YZL/OEUR:Sa11e1oH82L6SE99pO-GNVNAVY2UINEgSUS3AIA-SANDIV-SNYPUEIDBOL-SUIEWSanIA-SONSIY\nUct/4s=IPSIPUSA\n-OEUZL/OEUEL-YZL/U:pnefipessieuipien-OEYZL/OEYEL-YZL/UG:PUN]:sauie1oHT606EZ99HO-SIIONVYISueySUSILUOW-SANDIV-SINO7-3529ejd-[I8SU0DNpayes-2UIEWsauoh-s2n81y$399v.QSNOILIGNOD13SIYIVYOHSLN343134114SNOS3SIW30L3NOSIVYAIT3QXN317SINNWWOD9202SUVWC213SLSAGSAIWdIDINNWSNOILD313$31YNOd|XNV4O19311SLNIWN9IOQS3QSL10Od1Q3GXN311$31LFSALIWITSALVO$31LNVXI49202UIIUAI1NG0000-Z0-9Z0Z-0E.N1VYOLD311Ud1LIYUVY,1VIXINNVYSNOIL937353QNva\"Na3943$/519aauvond34N193134d\nPrefecture du Gard - 30-2026-02-25-00006 - AP fixant les dates limites et lieux de d\u00e9p\u00f4t de la propagande pour les municipales 2026 54\n-2PJUS,]\u20acSOUDIEUZDAB5999Y-YZL/OEUEL-UZL/OEUS:soueJOHVE6bZT06+0-VUNOISSIIEUIENSU~85V2ZL9Z90-EIUOSSWINOSEIUOSBWWNONOIAY$373ANIN3TTIA-enbijqndeye|apansZ-ajeweapeHUOUBIAY-S2/-SANBUBIIIA\nHOL/OEHELIPS1PUSA-HZL/OEHELv008SE99$0-0008SE990-3HAIdSNDIUOISASUN-\u20acLO9$899pO-31509auofenau-anbiiqndayejapaniZz-aie22939,Ipnaf-passjawl-1piew-OOHBL/OEHELPUN]-HZL/H@OP!paspuanne1pun]np:saseJoH.-6008SE99#0-0008SE99bO-VLSOOVleqweyDau37393sicodoDoeOEUSLep9/ee18NID9449,5I|dsnossitue7b\u00a3V8OFLL901V3ANVAuaanenYZL/UbL-UZL/OEUS:Ipa1puea-YBL/UbL-yz1/0Eu8:Ipnaf-passieur-1pieus-punl:sesleJOH-7ZOLEZ99LO-V13N93S-NOJONIdWeLANSW-Sb6LJEWgNP32LORIE]e]APadeIdZ-NOZINDajiw3ayes-SUIEWLELZ66LE90-IddFYLNVG2UEWSWAnasuaoseDane98e:-PYD2Aq,|apade/d|-242943,apayesaz33-92ZL6bLE90-SYNIAEUellN]wyS3ZN-?498A3,|epIDL-949943,]8pa1jes22OEYZL/OEYEL-OEUZL/0EUS:IPS1PUSANe[pun]np:saulejOHSZLLLZ99bO=LIYNNOB218350)SUNGNWHON-AjofapVEQOYanuaneppl-NeWpneyonInasusdsesues25839191neayes-2HIEW\u20ac]JUEASPJUOLLOUUOIE)Sioe:HBSEdiiiaiuSndrpe-ques_fFOEU9L/OEUELIPS1PUSA-YZL/U6IpaspuanneIpsewnp-YZL/YPLIpnafnepun;np:sauiesoH92680899b0-VUSNVO21810)SUNSAYRIWWOS-Sendsossned'116c-[ECIS1UNW[I8SUOSNPales-Blew4Q1USLUOSOEUIL/UEL-YZL/OEUS:P21puSAneIpUN|np:saule1oH\u00c9LIRES3YONITS-SIquiedepans-|I8SUOnpayes-SUIENsoipuijes\nUZL/OOUEL-4ZL/00U8:1P21puSAne|pUN|Ap:S511e10HL\u00a3SLZZ99FO-VSOUDIUYOLSISSY\"W213)0d-E/-UJUEND-AUIESUZL/OEUEL-UZL/0EU8:pS1puSAneIpuN;Ap:SSNEIOHLEZOSEGb90-LNVGVAPNEUSY'WXNJIASACLVAMd-LS-SSSeUEWsapayes-SUIEWXNBIA-S9P-JEALg-JUIESUZLIOEYEL-UZL/U8:IP21PUSANeIpUA|AP:SesIeIOH\u20ac0ZLOE99bO-NOdVH9ewne|llind\"WSINDIVOIVAJGNILYVW-LS-HaqindpaqoyacejdZ-Suesan3jeSj2A-2P-UIUEN-JUIES\nOEUZL/OEUEL-O\u20acYZL/OEUB:sate1oH19+0ZZ6\u20ac90-SS290S99HO-IYVS39SIUISIIASW-60LO0S990-18n29Y~9+OL62Ev90-ZZ690S99FO-NITY3H1289WS3IYAUUVSIGLNIYNVT-LS-euIEUeB]apadeidz-SUIEWsaiquy-sap-juasney-quies\nUZLEUbLOP-UZLEU6ap:sauleioH6L98\u20ac28b90-LINNOSUaRSegas'W\nAZNOOIW.G\nANIUNVT-LS-jediiunuujiesuosnpajjes-AapHUSHang-auieW92n031y,p-iu9ine-juiesIP9191OU18]JNESYZLBOEYELP-YZL\u20acOEY8OPIPaIPUAANeIpuN|NP:SalleJOHSUYFISOY$31N3IINI-LS-sesoupsepSNUSAE9/E-SUIEWNSJa1SOY-Sa|-UdI|N[-JUIES\nUZLEUbLEP-UZLEU6Ap:saueIOHOSLLE8S890-NVIENVY121/PIQ\"'W-+069499890-Y3ISSI3L|enwesWwayvoNCNVAf-LS-SeloULapjeyopaiewansL-autenl-Pie9-np-uesaf-juies18v,12paniejsedsada-ante;e]ap22e/dXNEABJL-OEUNL/OEUEL-00UZL/0EUS1PS1PUSAa]-OEYZL/OEYEL-OOUZL/OEUE:ipnafne1pun]npsauie1oH08ZS8bSL90-LTZZ4299bO-UaIWeEG1Y1NO\u00ceNVYUeIEG'W14O1NGILATOddIH-LS-UIeue]apadejd-LIENWo4-np-syjodd)y-quies(9702sew\u20acIpseW3]OOUZL&OEUEL2pajeuuondexsoinzaAno)YZL/OEYRO:I|PIEW-QOUZL/OEUEL-OOUZL/OEYRO:|pespuan-ipnef-ipasoseW-ipuN|:ss1e1oH65\u20ac\u20acL999HO-Sb689S8/90-AUVIANVYaHaIeASUNseLU}91g-2Pp-911/IH-UIES\u20acZZL6299pO-JUOINSnbiuwog-f'W:ISVINOYans-LLS6ZE6990-VILLYEPSENSUN:STESININ-1OWIVNONOY3Q31NO%OLL-19V1LNOYANSUZL/UbLIpaspuda-UzL-U61PS15ISUT\"IpJeW-y/1/EL-UzL/UeIpnalIpunyso1elop9289PSOZ90-SBZB\u20ac999bO-NVGUYNOf22U210|4SUSIYIOOTWW3QSSINIO-LS-Z96LSJEW6LNPansL-2UIENsailogje,\\-ep-saiuas-quiesOEUZL/OEUEL-UZL/0EU8IpS1puSAne1pun]np:sauie1oH94ZOZLEZ90-ILIVULSUIA2PNEJD-Ueaf\"WwS31VS31IOLSIYHD-LS-SJesnowJeWSapandLp-(seBewewsapayes)aie;SQ]\u00a5-Z2]-JOISYD-qUIeS\nSIABP[239Y,|Sp9ndsualjeosasuessaddy-anbijqndaye|2PPgLNessaljedsaDanesaddy-Y/L/OEUEL-YZL/UG:IPS1PUSAneIpUN|NP:sa11210HSZL?\u00a328690-GIZNAG-ALNVHD8PIIU3EWNSUNXIOUEWNVY-LS-32121104NPPQL-2LIENXI01qUY-AUIES\nOEU9L/OEUEL\u2014UZL/U8Ipa1pusA2OEULL/OEUEL-yz1/u8pnoMpersseu-pieus'OEYZL/UbL-UZL/UB1pun]:saue1oH:BECOOESS2hDNS09VOESASANSPRNOSSNOY-seunefuesfaoeds3LBoerneOEYSL/OEYEL-YZL/U8:IpS1pUSAneIpuN|np:soteIOHbEpS0699FO-\u00a309892bb90-OILLWWajanueww3SUJUNVWINDOY-SHIEUe]apade)-auisijNo}jap2210UaIDUYainewanboyOLZS90O\u20acHO-SJATIVINODE159SUNNVH1IGO\u00a5-aiuiewe]ap25ejd-aieUeujIPOybLLZ66Zb90-31119NOHLVWSUI]YSUNGUVDNGLYOIFHDOY-110Ae7Npade/d-aliaap1810HPseD-Np-30jayoou\"YEL-YS:IPS1518N/OEUZL-OEUEL3UZL-UB:IP21PUSA-Ipnel-ipsew-puny99\u00a38LSE990-JUAVUNOSVT2110SUWNVSS303y-eabiqndaye]apansEL-soSeneusapayes-auIeWuessepeyOEUZL/UEL-UZL/UGO:IPS1puSAne[PUN]np:s31E10HTTbZLZLLpO-EE6SS6Eb90-INIHONG21MES]auDVSSIND-21QUISAOULLNpSNUSAE6L-Jasnoy21159Q[81n3/n9-012051240428sSINDOEU9L-UL-OEUZL/0EUS:1PS1puSA-UZL/UbL-OEUZL/0EU8:pnefneipun|np:sa1e10HLZ96\u20acSZ90-NYQUNOTvaisegas'WLnviNd~anewyneing42L/Ug:IpaspuaA-OEYZL/OEUEL-UZL/UB:pnelneipun|np:SeuleOH|.S9BSFZZE90-SINLVAgSUHSU3e)SUNX1NOd-2IIIA2p18104]Bp25ejd-SuIEnx[NOg859E\u20ac6bZ90-DIOUDNQ21882159SUNLIHAS3-LS-LNOQ-8NBIeUINOGU035EOSNUSAEOZ-SUI8ZE9E1-NIZILID31ds3-juies-ju0qSAWIN-321124\napne|Danuane/78-UOUINYSUIAIPN]Sodssaps|j2H:TASHOsSSIIOpNal]~WOSVWd21Ne7]SWIW-SIOIOUNOINOYVAVSe3apenawsaq39/edsues33eUoAeYyDaneUOIWeDun,puonesijhn-paidurejdap[50]:SHOdssapSEVLOZStOb90-NOHDN3IWSEJO2IN'WSININ-Uez919apdU0Z-IpjouegDU9P914SOWINanuaneSpl-|edinjunwanbiuysajanus):SpuesedoidejspUosieIAly\nQuespoiel\n1298009)Ipiu-sgudeipnal3e1p1eua]ajqndnesua-Y/L/OEUEL-UzL/0EUS:sa1e1oH9\u20ac8086OZ90-BZGEZS99FO-HIINIAISSUEWNWWNIYILNOW-SOUE1J-SSPUSN911814SNUSAEEZ-SUIEWUHUAUOWzL/OOUS:Ipaupuenel-OEUZL/OEYEL-uzL/oOU:pnefne1punnp:seueroH|95977pomaeiheReleaaiQNWHIIW-ULPNOaualgandL-LIEWpneu(plussgude|paspuan8]u94)Y/L/UpL-UZL/Ug:IpaipuanneIPUN]Ap:S2118J0HBE654599FO-ANILSINUAEUOSSUNSAINAAW-SUIEU2]ap22ejd1-aie;sauASWAY195sidsapquawanajuq6862LbZp90-L34INNO@IE95EdW-9\u20ac62OZOZZO-VIINVHOAueow\nS3LLIVINOUVN-Sd|[IB|EUEYDAP2Ae}sN9any-jedioiuNwjIasuODApales-ALIENsaQuenzie;\nS399V,QSNOILIGNOD13S3WIVYOH\nSLN343434ldSNOS3SIW3d13NOSIVUAIT3QXN3171SINNWWOD\nPrefecture du Gard - 30-2026-02-25-00006 - AP fixant les dates limites et lieux de d\u00e9p\u00f4t de la propagande pour les municipales 2026 55\nPrefecture du Gard\n30-2026-02-26-00002\nAP portant constitution des commissions de\npropagande pour les \u00e9lections municipales 2026\nPrefecture du Gard - 30-2026-02-26-00002 - AP portant constitution des commissions de propagande pour les \u00e9lections municipales\n2026 56\nE = Pr\u00e9fecture - Direction de la citoyennet\u00e9,PREFET de la l\u00e9galit\u00e9 et de la coordinationDU GARD Service des \u00e9lections, de la r\u00e9glementation g\u00e9n\u00e9raleLibert\u00e9 et de l'environnementEgalit\u00e9Fraternit\u00e9 Bureau des \u00e9lections\nArr\u00eat\u00e9 n\u00b0portant constitution des commissions de propagandepour les \u00e9lections municipales des 15 et 22 mars 2026dans les communes du Gard de 2 500 habitants et plusLe pr\u00e9fet du Gard,chevalier de la L\u00e9gion d'honneur,officier de l'ordre national du M\u00e9rite,Vu le code \u00e9lectoral, notamment ses articles L. 241, L. 242, R. 31 et suivants:Vu le d\u00e9cret n\u00b0 2025-848 du 27 ao\u00fbt 2025 fixant la date du renouvellement desconseillers municipaux et communautaires, des conseilles m\u00e9tropolitains de Lyon, desconseillers de Paris et des conseillers d'arrondissement de Paris, Lyon et Marseille etportant convocation des \u00e9lecteurs ;Vu les ordonnances du Premier pr\u00e9sident de la Cour d'appel de N\u00eemes en date des 21Janvier 2026, 27janvier 2026, 16 f\u00e9vrier 2026 ;Vu les d\u00e9signations effectu\u00e9es par le directeur r\u00e9gional de la Poste en date des 26 et29 janvier 2026 ;Vu les d\u00e9signations effectu\u00e9es par les maires des 68 communes concern\u00e9es ;SUR PROPOSITION du Secr\u00e9taire G\u00e9n\u00e9ral de la Pr\u00e9fecture;Arr\u00eate :Article 1 : dans les 68 communes du Gard dont la population municipale s'\u00e9tablit, au1\u00b0\" janvier 2026, a 2 500 habitants et plus, les commissions de propagande pour les\u00e9lections municipales et communautaires des 15 et 22 mars 2026 sont constitu\u00e9esdans les conditions fix\u00e9es sur la liste annex\u00e9e au pr\u00e9sent arr\u00eat\u00e9.\nxXArticle 2: le siege de chaque commission est fix\u00e9 a la mairie de la communecorrespondante.Article 3: les candidats des listes enregistr\u00e9es ou leurs mandataires peuvent partici-per, avec voix consultative, aux travaux des commissions de propagande correspon-dant ala commune ou ils sont candidats.Article 4: les attributions des commissions de propagande sont d\u00e9finies par les articles R. 34a R. 38 du code \u00e9lectoral.H\u00f4tel de la pr\u00e9fecture - 10 avenue Feuch\u00e9res - 30045 NIMES CEDEX 9T\u00e9l : 04 66 36 43 90 \u2014 Fax : 04 66 36 00 87 - www.gard.gouv.fr\nPrefecture du Gard - 30-2026-02-26-00002 - AP portant constitution des commissions de propagande pour les \u00e9lections municipales\n2026 57\nArticle 5: les listes de candidats d\u00e9sirant obtenir le concours de la commission depropagande devront remettre les exemplaires imprim\u00e9s des circulaires et des bulle-tins de vote aupr\u00e9s du secr\u00e9tariat de la commission concern\u00e9e avant les dates li-mites fix\u00e9es par arr\u00e9t\u00e9 pr\u00e9fectoral.L'envoi des documents remis apr\u00e8s l'expiration de ces d\u00e9lais ne sera pas assur\u00e9 parles commissions.Conform\u00e9ment \u00e0 l'article R 34 du code \u00e9lectoral, les commissions de propagande sontcharg\u00e9es d'adresser la propagande \u00e9lectorale aux \u00e9lecteurs :- pour le premier tour : au plus tard le mercredi pr\u00e9c\u00e9dant le premier tour de scrutin,- pour le deuxi\u00e8me tour de scrutin, au plus tard, le jeudi pr\u00e9c\u00e9dant le deuxi\u00e8me tour.\nArticle 6: - le secr\u00e9taire g\u00e9n\u00e9ral de la pr\u00e9fecture du Gard,- les sous-pr\u00e9fets d'Al\u00e9s et du Vigan,- les pr\u00e9sidents et membres des commissions de propagande,- les maires des communes concern\u00e9es,sont charg\u00e9s, chacun en ce qui le concerne, de l'ex\u00e9cution du pr\u00e9sent arr\u00eat\u00e9 qui serapubli\u00e9 au recueil des actes administratifs de la pr\u00e9fecture, ins\u00e9r\u00e9 sur le site internet del'\u00c9tat dans le Gard (www.gard.gouv.fr) et communiqu\u00e9 \u00e0 Monsieur le Premier pr\u00e9sident dela Cour d'appel de N\u00eemes, \u00e0 Monsieur le directeur r\u00e9gional de la Poste et \u00e0 Mesdameset Messieurs les 68 maires des communes du Gard comptant 2 500 habitants et plus.\u00e0 N\u00eemes, 2 6 FEV. 2026Le pr\u00e9fet,pour le pr\u00e9fet et par d\u00e9l\u00e9gation,le secr\u00e9taire g\u00e9n\u00e9ralPour le pr\u00e9fet,taire g\u00e9n\u00e9ral\nPrefecture du Gard - 30-2026-02-26-00002 - AP portant constitution des commissions de propagande pour les \u00e9lections municipales\n2026 58\nELECTIONS MUNICIPALES DES 15 ET 22 MARS 2026ANNEXE \u00c0 L'ARR\u00caT\u00c9 PREFECTORAL N\u00b0 30-2026-02- -0000 DU FEVRIER 2026PORTANT CONSTITUTION DES COMMISSIONS DE PROPAGANDEPOUR LES ELECTIONS MUNICIPALES DES COMMUNES DE 2500 HABITANTS ET PLUSDU DEPARTEMENT DU GARDArticle R. 32 du code \u00e9lectoral\nAIGUES-MORTESSi\u00e9ge : MairiePr\u00e9sidente Mme Mathilde PAGES, juge d'instructionFonctionnaire d\u00e9sign\u00e9 par le Pr\u00e9fetM. Christophe BARONI, DGSSuppl\u00e9ante du fonctionnaire d\u00e9sign\u00e9 par le Pr\u00e9fetMme Marie-Laure PICHAT, DGSARepr\u00e9sentante de La Poste Mme Eve DUSSAUT, ROPSuppl\u00e9ant du repr\u00e9sentant de la PosteM. Gil BEIGNET, ROPSecr\u00e9taire Mme Karine LANGLES\nAIGUES-VIVESSi\u00e9ge : MairiePr\u00e9sidente Mme Anne DAVID, 1\u00e8re vice-pr\u00e9sidenteFonctionnaire d\u00e9sign\u00e9 par le Pr\u00e9fetM. Nicolas MONBEL, DGSRepr\u00e9sentant de La Poste M. Daniel PENALVER, ROPSuppl\u00e9ant du repr\u00e9sentant de la PosteM.Julien SERRES, ROPSecr\u00e9taire Mme Pauline RAYNAUD, charg\u00e9e des \u00e9lections\nAIMARGUESSi\u00e9ge: MairiePr\u00e9sidente Mme Mathilde PAGES, juge d'instructionFonctionnaire d\u00e9sign\u00e9 par le Pr\u00e9fet Mme Sylvie GRADISKI, DGSRepr\u00e9sentant de La Poste M. Daniel PENALVER, ROPSuppl\u00e9ant du repr\u00e9sentant de la Poste M. Julien SERRES, ROPSecr\u00e9taire Mme Laurence HOCHIN, charg\u00e9e des \u00e9lections\nALESSi\u00e9ge : MairiePr\u00e9sidente Mme Fabienne HARBON-CAMLITIFonctionnaire d\u00e9sign\u00e9 par le Pr\u00e9fet M. Emile SOUMBO, sous -pr\u00e9fet d'ALESRepr\u00e9sentant de La Poste M. Julien PASCAL, Tech. DATASuppl\u00e9ant du repr\u00e9sentant de La Poste M. J\u00e9r\u00f4me ROBERT , RESCSecr\u00e9taire Mme Christelle BARRES, DGA Citoyennet\u00e9\nPrefecture du Gard - 30-2026-02-26-00002 - AP portant constitution des commissions de propagande pour les \u00e9lections municipales\n2026 59\nANDUZESi\u00e8ge : MairiePr\u00e9sident Mme M\u00e9lanie BRUNFonctionnaire d\u00e9sign\u00e9 par le Pr\u00e9fetMme Christa DUMAS, DGSRepr\u00e9sentante de La Poste Mme Laure VIALATTE, Responsable d'\u00e9quipeSuppl\u00e9ant de la repr\u00e9sentante de La PosteM. Loic SERIGNAN, RESCSecr\u00e9taire Mme Marion ALONZO, charg\u00e9e des \u00e9lections\nARAMONSi\u00e8ge: MairiePr\u00e9sidente Mme Claire GADAT, pr\u00e9sidenteFonctionnaire d\u00e9sign\u00e9 par le Pr\u00e9fetMme Marie FERAUD, DGSRepr\u00e9sentant de La Poste M. Xavier JUILLARD, ROPSuppl\u00e9ante du repr\u00e9sentant de La PosteMme Val\u00e9rie FOUQUET, FSESecr\u00e9taireMme Delphine BAYLE, responsable Elections |\nAUBAISSi\u00e9ge : MairiePr\u00e9sidenteMme Val\u00e9rie LACOUR-CHABAS, vice-pr\u00e9sidenteen charge des enfantsSuppl\u00e9ante de la Pr\u00e9sidenteMme Nadine DUPUY BARTHELEMY, vice-pr\u00e9sidente instructionFonctionnaire d\u00e9sign\u00e9 par le Pr\u00e9fetMme Susana POUGET, DGSRepr\u00e9sentant de La Poste M. Nadir MOHAMED, ROPSuppl\u00e9ant du repr\u00e9sentant de La PosteM. Alexandre HURPEAU, ROETSecr\u00e9taireM. Julien GUIRAUD, charg\u00e9 des \u00e9lections\nBAGARDSi\u00e9ge : MairiePr\u00e9sident Mme C\u00e9cile BAESSAFonctionnaire d\u00e9sign\u00e9 par le Pr\u00e9fetMme St\u00e9phanie MOAL, secr\u00e9taire g\u00e9n\u00e9raleRepr\u00e9sentante de La Poste Mme Laure VIALATTE, Responsable d'\u00e9quipeSuppl\u00e9ant de la repr\u00e9sentante de La PosteM. Loic SERIGNAN, RESCSecr\u00e9taireMme Colette REBOUL, charg\u00e9e des \u00e9lections\nPrefecture du Gard - 30-2026-02-26-00002 - AP portant constitution des commissions de propagande pour les \u00e9lections municipales\n2026 60\nBAGNOLS-SUR-CEZESi\u00e9ge : MairiePr\u00e9sident M. Samuel RECOLIN, juge des enfantsFonctionnaire d\u00e9sign\u00e9 par le Pr\u00e9fetMme Nathalie BAYLE, DGSARepr\u00e9sentant de La Poste M. Gr\u00e9gory GIRAL, ROPSuppl\u00e9ante de la repr\u00e9sentante de La PosteMme Sophie SABATIER, ROPSecr\u00e9taire Mme Christelle CARUSO, cheffe du servicepopulationBEAUCAIRESi\u00e9ge: MairiePr\u00e9sidente Mme Claire GADAT, pr\u00e9sidenteFonctionnaire d\u00e9sign\u00e9 par le Pr\u00e9fetMme Murielle LOMBARDO, DGSRepr\u00e9sentant de La Poste M. Xavier JUILLARD, ROPSuppl\u00e9ante du repr\u00e9sentant de La PosteMme Val\u00e9rie FOUQUET, FSESecr\u00e9taireMme B\u00e9n\u00e9dicte BRUN, DGS adjointe\nBEAUVOISINSi\u00e8ge : MairiePr\u00e9sidenteMme Anne DAVID, 1\u00e8re vice-pr\u00e9sidenteFonctionnaire d\u00e9sign\u00e9 par le Pr\u00e9fetM. Fran\u00e7ois CAUSSE, DGSRepr\u00e9sentant de La Poste M. Daniel PENALVER, ROPSuppl\u00e9ant du repr\u00e9sentant de la PosteM. Julien SERRES, ROPSecr\u00e9taireMme Anne GUIHEUX, charg\u00e9e des \u00e9lectionsBELLEGARDESi\u00e8ge : MairiePr\u00e9sidente Mme Anne DAVID, 1\u00e8re vice-pr\u00e9sidenteFonctionnaire d\u00e9sign\u00e9 par le Pr\u00e9fet \u2014 M. S\u00e9bastien CARALP, DGSRepr\u00e9sentant de La Poste M. Serge SANCHEZ, ROPSuppl\u00e9ante du repr\u00e9sentant de La PosteMme Caroline LE BIAN, RESCSecr\u00e9taireMme Sylvie CABONI, service ElectionsBERNISSi\u00e9ge: MairiePr\u00e9sidenteMme Anne DAVID, 1\u00e8re vice-pr\u00e9sidenteFonctionnaire d\u00e9sign\u00e9 par le Pr\u00e9fetMme Sylvie PIRIO, DGSRepr\u00e9sentant de La Poste M. Anthony FATMI, ROPSuppl\u00e9ante du repr\u00e9sentant de La PosteMme Carine DURAND , RESCSecr\u00e9taireMme Catherine LAFITTE, charg\u00e9e des \u00e9lections\nPrefecture du Gard - 30-2026-02-26-00002 - AP portant constitution des commissions de propagande pour les \u00e9lections municipales\n2026 61\nBESSEGESSiege : MairiePr\u00e9sident Mme Elodie THEBAUDFonctionnaire d\u00e9sign\u00e9 par le Pr\u00e9fetM. Cyril DAUTUN, DGSRepr\u00e9sentante de La Poste Mme Aude SUGIER, Responsable op\u00e9rationnelSuppl\u00e9ant de la repr\u00e9sentante de La PosteM. J\u00e9r\u00f4me ROBERT, RESCSecr\u00e9taire Mme Pascale GONZALEZ, responsable Elections\nBOISSET ET GAUJACSi\u00e8ge: MairiePr\u00e9sident Mme M\u00e9lanie BRUNFonctionnaire d\u00e9sign\u00e9 par le Pr\u00e9fetMme COMTE Leslie, secr\u00e9taire de mairieRepr\u00e9sentante de La Poste Mme Laure VIALATTE, Responsable d'\u00e9quipeSuppl\u00e9ant de la repr\u00e9sentante de La PosteM. Loic SERIGNAN, RESCSecr\u00e9taire Mme Laurence FREYSSENET, charg\u00e9e des\u00e9lections\nBOUILLARGUESSi\u00e8ge : MairiePr\u00e9sidenteMme Anne DAVID, 1\u00e8re vice-pr\u00e9sidenteFonctionnaire d\u00e9sign\u00e9 par le Pr\u00e9fetMme Anne CHRISTEN, DGSRepr\u00e9sentant de La Poste M. Jonathan PETIT, ROPSuppl\u00e9ant du repr\u00e9sentant de La PosteM. Bernard VIDAL, cadre sup. PosteSecr\u00e9taireMme Sandrine MARCOS, responsable Elections\nCAISSARGUESSi\u00e8ge : MairiePr\u00e9sidenteMme V\u00e9ronique LEGER, 1\u00b0\" vice-pr\u00e9sidenteFonctionnaire d\u00e9sign\u00e9 par le Pr\u00e9fetMme Florence VERHEYE, DGSRepr\u00e9sentant de La Poste M. Anthony FATMI, ROPSuppl\u00e9ante du repr\u00e9sentant de La PosteMme Carine DURAND , RESCSecr\u00e9taireMme Magali TORELLI, charg\u00e9e des \u00e9lections\nPrefecture du Gard - 30-2026-02-26-00002 - AP portant constitution des commissions de propagande pour les \u00e9lections municipales\n2026 62\nCALVISSONSi\u00e9ge : MairiePr\u00e9sident M. Gr\u00e9gory SABOUREAU, vice-pr\u00e9sident ducontentieux et de la protectionFonctionnaire d\u00e9sign\u00e9 par le Pr\u00e9fetMme Sylvie ROCHE-BOUCHET, DGSRepr\u00e9sentant de La Poste M. Jean-Baptiste FERRAND, ROPSuppl\u00e9ant du repr\u00e9sentant de La PosteM. Alexandre HURPEAU, ROETSecr\u00e9taire M. Mathieu LAFOUS, charg\u00e9 des \u00e9lections\nCAVEIRACSi\u00e9ge: MairiePr\u00e9sident M. Gr\u00e9gory SABOUREAU, vice-pr\u00e9sident ducontentieux et de la protectionFonctionnaire d\u00e9sign\u00e9 par le Pr\u00e9fetM. Abdelkader BEN-AMMAR, DGSRepr\u00e9sentant de La Poste M. Anthony FATMI, ROPSuppl\u00e9ante du repr\u00e9sentant de La PosteMme Carine DURAND , RESCSecr\u00e9taireMme Christine CODOU, responsable des \u00e9lections\nCLARENSACSi\u00e8ge : MairiePr\u00e9sident M. Gr\u00e9gory SABOUREAU, vice-pr\u00e9sident ducontentieux et de la protectionFonctionnaire d\u00e9sign\u00e9 par le Pr\u00e9fetM. Christophe MAS, DGSRepr\u00e9sentant de La Poste M. Jean-Baptiste FERRAND, ROPSuppl\u00e9ant du repr\u00e9sentant de La PosteM. Alexandre HURPEAU, ROETSecr\u00e9taire Mme Florence ASTIER, responsable Elections\nCODOGNANSi\u00e8ge : MairiePr\u00e9sidente Mme Val\u00e9rie DUCAM, vice-pr\u00e9sidenteFonctionnaire d\u00e9sign\u00e9 par le Pr\u00e9fetMme Laurence JAGOUDET, directriceRepr\u00e9sentant de La Poste M. Daniel PENALVER, ROPSuppl\u00e9ant du repr\u00e9sentant de la PosteM. Julien SERRES, ROPSecr\u00e9taireMme Coline CAMPOS, charg\u00e9e des \u00e9lections\nPrefecture du Gard - 30-2026-02-26-00002 - AP portant constitution des commissions de propagande pour les \u00e9lections municipales\n2026 63\nFOURQUESSi\u00e8ge : MairiePr\u00e9sidenteMme Anne DAVID, 1\u00e8re vice-pr\u00e9sidenteFonctionnaire d\u00e9sign\u00e9 par le Pr\u00e9fetMme Alexandra VALLEE, secr\u00e9taire g\u00e9n\u00e9raleRepr\u00e9sentant de La Poste M. Xavier JUILLARD, ROPSuppl\u00e9ante du repr\u00e9sentant de La PosteMme Val\u00e9rie FOUQUET, FSESecr\u00e9taireMme Magalie RIGONI-BOULONNOIS, serviceElections\nGALLARGUES-LE-MONTUEUXSi\u00e8ge : MairiePr\u00e9sidenteMme Mathilde PAGES, juge d'instructionFonctionnaire d\u00e9sign\u00e9 par le Pr\u00e9fetM. Thibault BARBIER, DGSRepr\u00e9sentant de La Poste M. Daniel PENALVER, ROPSuppl\u00e9ant du repr\u00e9sentant de la PosteM. Julien SERRES, ROPSecr\u00e9taireMme Bruna FRANCK, charg\u00e9e des \u00e9lections\nGARONSSi\u00e8ge : MairiePr\u00e9sidenteMme V\u00e9ronique LEGER, 1\u00b0\" vice-pr\u00e9sidenteFonctionnaire d\u00e9sign\u00e9 par le Pr\u00e9fetM. Laurent BARBES, responsable ElectionsRepr\u00e9sentante de La Poste Mme Cendrine AMILHAT, ROPSuppl\u00e9ante de la repr\u00e9sentante de La PosteMme Caroline LE BIAN, RESCSecr\u00e9taireM. Alain RICARDOU, DGS\nGENERACSi\u00e8ge : MairiePr\u00e9sidenteMme Claire GADAT, pr\u00e9sidenteFonctionnaire d\u00e9sign\u00e9 par le Pr\u00e9fetMme Elodie CHAUDET, DGSRepr\u00e9sentant de La Poste M. Daniel PENALVER, ROPSuppl\u00e9ant du repr\u00e9sentant de la PosteM. Julien SERRES, ROPSecr\u00e9taireMme Julie DELPIERRE, DGA adjointe\nPrefecture du Gard - 30-2026-02-26-00002 - AP portant constitution des commissions de propagande pour les \u00e9lections municipales\n2026 64\nJONQUIERES-SAINT-VINCENTSi\u00e8ge : MairiePr\u00e9sident M. Pascal CHENIVESSE, jugeFonctionnaire d\u00e9sign\u00e9 par le Pr\u00e9fetMme Virginie RODOLOSI, DGSRepr\u00e9sentant de La Poste M. Xavier JUILLARD, ROPSuppl\u00e9ante du repr\u00e9sentant de La PosteMme Val\u00e9rie FOUQUET, FSESecr\u00e9taireMme Val\u00e9rie BALLESTER, responsable des\u00e9lections\nLA CALMETTESi\u00e8ge : MairiePr\u00e9sidente Mme Amandine ABEGG, vice-pr\u00e9sidente ducontentieux et de la protectionSuppl\u00e9ante de la Pr\u00e9sidentela protectionFonctionnaire d\u00e9sign\u00e9 par le Pr\u00e9fetMme Maryvonne SAVALLE, secr\u00e9taire g\u00e9n\u00e9raleRepr\u00e9sentant de La Poste M. Youssef EL ADDOULI Youssef, RESCSuppl\u00e9ante du repr\u00e9sentant de La PosteMme Linda TETTART, ROPSecr\u00e9taireMme Val\u00e9rie LOUBATIERE, charg\u00e9e des \u00e9lections\nLA GRAND-COMBESi\u00e8ge : MairiePr\u00e9sident Mme Elodie THEBAUDFonctionnaire d\u00e9sign\u00e9 par le Pr\u00e9fetMme Chrystel TRIBES, DGSRepr\u00e9sentant de La Poste M. Julien PASCAL, Tech. DATASuppl\u00e9ant du repr\u00e9sentant de La PosteM. J\u00e9r\u00f4me ROBERT , RESCSecr\u00e9taire Mme BOUSIGES Sophie, agent de la mairie\nLAUDUN-L'ARDOISESi\u00e8ge : MairiePr\u00e9sident M. Samuel RECOLIN, juge des enfantsFonctionnaire d\u00e9sign\u00e9 par le Pr\u00e9fetM. Thierry AMOUROUX, DGSRepr\u00e9sentant de La Poste M. Anthony RICHAUDEAU, ROPSuppl\u00e9ante du repr\u00e9sentant de La PosteMme Val\u00e9rie LESAGE, FSE'Secr\u00e9taireMme Claude DELORME, directrice du P\u00f4lepopulation\nMme Sophie TARDIEU, juge du contentieux et de\nPrefecture du Gard - 30-2026-02-26-00002 - AP portant constitution des commissions de propagande pour les \u00e9lections municipales\n2026 65\nLE CAILARSi\u00e9ge : MairiePr\u00e9sidenteMme Val\u00e9rie DUCAM, vice-pr\u00e9sidenteFonctionnaire d\u00e9sign\u00e9 par le Pr\u00e9fetMme B\u00e9atrice WAGNER, directrice des servicesRepr\u00e9sentant de La PosteM. Daniel PENALVER, ROPSuppl\u00e9ant du repr\u00e9sentant de la PosteM. Julien SERRES, ROPSecr\u00e9taireMme Karin PEREZ, charg\u00e9e des \u00e9lectionsLE GRAU-DU-ROISi\u00e9ge : MairiePr\u00e9sidenteMme Mathilde PAGES, juge d'instructionFonctionnaire d\u00e9sign\u00e9 par le Pr\u00e9fetMme Alice DANG, DGARepr\u00e9sentante de La PosteMme Eve DUSSAUT, ROPSuppl\u00e9ant du repr\u00e9sentant de la PosteM. Gil BEIGNET, ROPSecr\u00e9taireM. Francois DOMINGUEZ, en charge des \u00e9lections\nLE VIGANSi\u00e8ge : MairiePr\u00e9sidentM. Simon LANESFonctionnaire d\u00e9sign\u00e9 par le Pr\u00e9fetM.Jo\u00ebl BOUIS, DGSRepr\u00e9sentant de La PosteM. Franck CAUPERT, Responsable d'\u00e9quipeSuppl\u00e9ant du repr\u00e9sentant de La PosteM. Loic SERIGNAN, RESCSecr\u00e9taire M. Ewald LACROIX, charg\u00e9 des \u00e9lectionsLES ANGLESSi\u00e8ge: MairiePr\u00e9sidente Mme Emmanuelle MONTEIL, 1** vice-pr\u00e9sidenteSuppl\u00e9ante de la Pr\u00e9sidenteMme Chlo\u00e9 AGU, jugeFonctionnaire d\u00e9sign\u00e9 par le Pr\u00e9fetM. Mathieu VINAS, DGSRepr\u00e9sentant de La PosteM. Julien HUDRISIER, ROPSuppl\u00e9ante du repr\u00e9sentant de la PosteMme Virginie PODEVIN, ROPSecr\u00e9taireMme Christelle LABLANCHE, directirce des affairesg\u00e9n\u00e9rales\nPrefecture du Gard - 30-2026-02-26-00002 - AP portant constitution des commissions de propagande pour les \u00e9lections municipales\n2026 66\nMANDUELSi\u00e9ge : MairiePr\u00e9sidenteMme V\u00e9ronique LEGER, 1\u00b0\" vice-pr\u00e9sidenteFonctionnaire d\u00e9sign\u00e9 par le Pr\u00e9fetM. Philippe FALANGA, DGSRepr\u00e9sentant de La PosteM. Jonathan PETIT, ROPSuppl\u00e9ant du repr\u00e9sentant de La PosteM. Bernard VIDAL, Cadre sup. PosteSecr\u00e9taireMme Alexyane MASSARO, charg\u00e9e des \u00e9lectionsMARGUERITTESSi\u00e8ge: MairiePr\u00e9sidenteMme V\u00e9ronique LEGER, 1\u00b0* vice-pr\u00e9sidenteFonctionnaire d\u00e9sign\u00e9 par le Pr\u00e9fetM. Pascal BONNIFET, DGSRepr\u00e9sentant de La PosteMme Lise AUBAGNAC, ROPSuppl\u00e9ant du repr\u00e9sentant de La PosteM. Bernard VIDAL, Cadre sup. PosteSecr\u00e9taireMme Cathy GRANIER, P\u00e9le Administration g\u00e9n\u00e9raleMEYNESSi\u00e9ge : MairiePr\u00e9sidenteMme Val\u00e9rie DUCAM, vice- pr\u00e9sidenteFonctionnaire d\u00e9sign\u00e9 par le Pr\u00e9fetMme Nad\u00e9ge SADARGUE-BOURGEOIS, DGSRepr\u00e9sentant de La PosteM. Geoffrey POLLINO, ROPSuppl\u00e9ante du repr\u00e9sentant de La PosteMme Caroline LE BIAN, RESCSecr\u00e9taireMmes Laure PASCAL et Sonia ERNESTINEMILHAUDSi\u00e8ge : MairiePr\u00e9sidenteMme Claire GADAT, pr\u00e9sidenteFonctionnaire d\u00e9sign\u00e9 par le Pr\u00e9fetMme Eva ASCIONE, DGSRepr\u00e9sentant de La PosteM. Anthony FATMI, ROPSuppl\u00e9ante du repr\u00e9sentant de La PosteMme Carine DURAND , RESCSecr\u00e9taireMme Myriam TOURMEZMONTFRINSi\u00e8ge : MairiePr\u00e9sident M. Pascal CHENIVESSE,jugeFonctionnaire d\u00e9sign\u00e9 par le Pr\u00e9fetMme Marie SEVENIER, DGSRepr\u00e9sentant de La PosteM. Geoffrey POLLINO, ROPSuppl\u00e9ante du repr\u00e9sentant de La PosteMme Caroline LE BIAN, RESCSecr\u00e9taireMme Christine MAZAS, charg\u00e9e des \u00e9lections\nPrefecture du Gard - 30-2026-02-26-00002 - AP portant constitution des commissions de propagande pour les \u00e9lections municipales\n2026 67\nNIMESSi\u00e9ge : MairiePr\u00e9sidenteMme Cindy DESPLANCHE,jugeFonctionnaire d\u00e9sign\u00e9 par le Pr\u00e9fetMme Val\u00e9rie DARME-ROCHE, directrice dusecr\u00e9tariat g\u00e9n\u00e9ralRepr\u00e9sentant de La PosteM. Olivier FELUT, DESuppl\u00e9ant du repr\u00e9sentant de La PosteM. Bernard VIDAL, Cadre sup. PosteSecr\u00e9taireM. Herv\u00e9 BALDYROU, chef du service des \u00e9lectionsPONT-SAINT-ESPRITSi\u00e8ge : MairiePr\u00e9sident M. Samuel RECOLIN, juge des enfantsFonctionnaire d\u00e9sign\u00e9 par le Pr\u00e9fetMme Eloise AUBOIRON, DGS| Repr\u00e9sentant de La PosteMme JulieCORVEE, ROPSuppl\u00e9ant du repr\u00e9sentant de la PosteM. Christopher SAIVE, FSESecr\u00e9taireMme B\u00e9reng\u00e9re DUCROCQ, responsable ElectionsPOULXSi\u00e8ge : MairiePr\u00e9sidenteMme Am\u00e9lie PATRICE, vice-pr\u00e9sidenteFonctionnaire d\u00e9sign\u00e9 par le Pr\u00e9fetM. Olivier PETRONIO, DGSRepr\u00e9sentant de La PosteMme Lise AUBAGNAC, ROPSuppl\u00e9ant du repr\u00e9sentant de La PosteM. Bernard VIDAL, Cadre sup. PosteSecr\u00e9taireMme Catherine PATRIS, responsable ElectionsPUJAUTSi\u00e8ge : MairiePr\u00e9sidenteMme Emmanuelle MONTEIL, 1** vice-pr\u00e9sidenteSuppl\u00e9ante de la Pr\u00e9sidenteMme Chlo\u00e9 AGU, jugeFonctionnaire d\u00e9sign\u00e9 par le Pr\u00e9fetMme Katia MICHELIN, DGSRepr\u00e9sentant de La PosteM. Julien HUDRISIER,ROPSuppl\u00e9ante du repr\u00e9sentant de la PosteMme Virginie PODEVIN, ROPSecr\u00e9taireMme Marion DEFREMONT, DGAQUISSACSi\u00e9ge : MairiePr\u00e9sident M. Simon LANESFonctionnaire d\u00e9sign\u00e9 par le Pr\u00e9fetMme Morgane DHAINE, DGSRepr\u00e9sentant de La PosteM. Arnaud BESTEL, Responsable d'\u00e9quipeSuppl\u00e9ant du repr\u00e9sentant de La PosteM. Loic SERIGNAN, RESCSecr\u00e9taireMme Isabelle DUCHENE, charg\u00e9e des \u00e9lections\nPrefecture du Gard - 30-2026-02-26-00002 - AP portant constitution des commissions de propagande pour les \u00e9lections municipales\n2026 68\nREDESSANSi\u00e9ge : MairiePr\u00e9sidenteMme Am\u00e9lie PATRICE, vice-pr\u00e9sidenteFonctionnaire d\u00e9sign\u00e9 par le Pr\u00e9fetMme Aur\u00e9lie LABOURAYRE, DGSRepr\u00e9sentant de La PosteM. Jonathan PETIT, ROPSuppl\u00e9ante du repr\u00e9sentant de La PosteMme Caroline LE BIAN, RESCSecr\u00e9taireMme Sandrine VEYSSERE, service Elections-Citoyennet\u00e9ROCHEFORT-DU-GARDSi\u00e9ge : MairiePr\u00e9sidenteMme Emmanuelle MONTEIL, 1\u00b0\" vice-pr\u00e9sidenteSuppl\u00e9ante de la Pr\u00e9sidenteMme Chlo\u00e9 AGU, jugeFonctionnaire d\u00e9sign\u00e9 par le Pr\u00e9fetMme Aline MATHON GILLES, directrice du servicedes \u00e9lectionsRepr\u00e9sentant de La PosteM. Julien HUDRISIER, ROPSuppl\u00e9ante du repr\u00e9sentant de la PosteMme Virginie PODEVIN, ROPSecr\u00e9taireM. Pierre BERTLOT, service des \u00e9lectionsRODILHANSi\u00e8ge : MairiePr\u00e9sidenteMme V\u00e9ronique LEGER, 1\u00b0\" vice-pr\u00e9sidenteFonctionnaire d\u00e9sign\u00e9 par le Pr\u00e9fetM. Gr\u00e9gory RENAULT, DGSRepr\u00e9sentant de La PosteM. Jonathan PETIT, ROPSuppl\u00e9ante du repr\u00e9sentant de La PosteMme Caroline LE BIAN, RESCSecr\u00e9taireMme C\u00e9lia GONCALVES, responsable Elections\nROQUEMAURESi\u00e8ge :Pr\u00e9sident M. Samuel RECOLIN, juge des enfantsFonctionnaire d\u00e9sign\u00e9 par le Pr\u00e9fetMme Magali STEIN, DGSRepr\u00e9sentant de La PosteM. Micka\u00ebl COCHET, ROPSuppl\u00e9ante du repr\u00e9sentant de la PosteMme Nicole NESONSON, FSESecr\u00e9taireMme Emmanuelle MATTIO, charg\u00e9e des \u00e9lections\nPrefecture du Gard - 30-2026-02-26-00002 - AP portant constitution des commissions de propagande pour les \u00e9lections municipales\n2026 69\nROUSSONSi\u00e9ge : MairiePr\u00e9sident Mme D\u00e9borah COHENFonctionnaire d\u00e9sign\u00e9 par le Pr\u00e9fet M. Christophe TEISSIER, DGSRepr\u00e9sentant de La Poste M. Julien PASCAL, Tech. DATASuppl\u00e9ant du repr\u00e9sentant de La Poste M. J\u00e9r\u00f4me ROBERT, RESCSecr\u00e9taire Mme Carine MILESI, responsable des \u00e9lectionsSAINT-AMBROIXSi\u00e8ge : MairiePr\u00e9sidente Mme D\u00e9borah COHENFonctionnaire d\u00e9sign\u00e9 par le Pr\u00e9fet Mme Mathilde CHANTE-BENZID, DGSRepr\u00e9sentant de La Poste M. Julien PASCAL, Tech. DATASuppl\u00e9ant du repr\u00e9sentant de La Poste M. J\u00e9r\u00f4me ROBERT, RESCSecr\u00e9taire Mme Ingrid KASSIS-PAGES, charg\u00e9e des \u00e9lectionsSAINT-CHRISTOL-LES-ALESSi\u00e8ge: MairiePr\u00e9sidente Mme C\u00e9cile BAESSAFonctionnaire d\u00e9sign\u00e9 par le Pr\u00e9fet M. Jean-Claude VERSTRAETE, DGSRepr\u00e9sentant de La Poste M. Julien PASCAL, Tech. DATASuppl\u00e9ant du repr\u00e9sentant de La Poste M. J\u00e9r\u00f4me ROBERT, RESCSecr\u00e9taire Mme Patricia LAURIOL, service Population/ElectionsSAINT-GENIES-DE-MALGOIRESSi\u00e8ge: Mairie |Pr\u00e9sidente Mme Amandine ABEGG, vice-pr\u00e9sidente ducontentieux et de la protectionSuppl\u00e9ante de la Pr\u00e9sidente Mme Sophie TARDIEU, juge du contentieux et de laprotectionFonctionnaire d\u00e9sign\u00e9 par le Pr\u00e9fet Mme Florence TEISSIER, service Elections de lapr\u00e9fectureSuppl\u00e9ant du fonctionnaire d\u00e9sign\u00e9 par |M. Micka\u00ebl RUEGGER, service Elections de lale Pr\u00e9fet pr\u00e9fectureRepr\u00e9sentant de La Poste M. Youssef EL ADDOULI, RESCSuppl\u00e9ante du repr\u00e9sentant de La Poste |Mme Linda TETTART, ROPSecr\u00e9taire Mme Florence JOURDAN, service Elections\nPrefecture du Gard - 30-2026-02-26-00002 - AP portant constitution des commissions de propagande pour les \u00e9lections municipales\n2026 70\nSAINT-GILLESSi\u00e8ge : MairiePr\u00e9sidenteMme Claire GADAT, pr\u00e9sidenteFonctionnaire d\u00e9sign\u00e9 par le Pr\u00e9fetM. Vincent REY, DGSRepr\u00e9sentant de La Poste M. Serge SANCHEZ, ROPSuppl\u00e9ante du repr\u00e9sentant de La PosteMme Caroline LE BIAN,RESCSecr\u00e9taireMme Magda ATTIA, DAJGSAINT-HILAIRE-DE-BRETHMASSiege : MairiePr\u00e9sidenteMme C\u00e9cile BAESSAFonctionnaire d\u00e9sign\u00e9 par le Pr\u00e9fetMme Val\u00e9rie CHAZAL, DGSRepr\u00e9sentant de La Poste M. Julien PASCAL, Tech. DATASuppl\u00e9ant du repr\u00e9sentant de La PosteM. J\u00e9r\u00f4me ROBERT, RESCSecr\u00e9taire Mme Val\u00e9rie AMBLARD, responsable du serviceElectionsSAINT-HIPPOLY TE-DU-FORTSi\u00e9ge: MairiePr\u00e9sident M. Simon LANESFonctionnaire d\u00e9sign\u00e9 par le Pr\u00e9fetM. Erik MAJOUREL, DGSRepr\u00e9sentant de La Poste M. Arnaud BESTEL, Responsable d'\u00e9quipeSuppl\u00e9ant du repr\u00e9sentant de La PosteM. Lolc SERIGNAN, RESCSecr\u00e9taireSAINT-JEAN-DU-GARDSi\u00e9ge : MairiePr\u00e9sident Mme M\u00e9lanie BRUNFonctionnaire d\u00e9sign\u00e9 par le Pr\u00e9fetMme Carine CAUSSE, secr\u00e9taire g\u00e9n\u00e9raleRepr\u00e9sentant de La Poste M. Arnaud BESTEL, Responsable d'\u00e9quipeSuppl\u00e9ant du repr\u00e9sentant de La PosteM. Lolc SERIGNAN, RESCSecr\u00e9taireM. Samuel TEISSIER, service PopulationSAINT-JULIEN-LES-ROSIERSSiege: MairiePr\u00e9sidenteMme Claire SARODEFonctionnaire d\u00e9sign\u00e9 par le Pr\u00e9fetM. St\u00e9phan LOPEZ, DGSRepr\u00e9sentant de La Poste M. Julien PASCAL, Tech. DATASuppl\u00e9ant du repr\u00e9sentant de La PosteM. J\u00e9r\u00f4me ROBERT, RESCSecr\u00e9taire\nM. Damien AUJOULAT, responsable Elections\nMme Sandrine MAGNET, charg\u00e9e des \u00e9lections\nPrefecture du Gard - 30-2026-02-26-00002 - AP portant constitution des commissions de propagande pour les \u00e9lections municipales\n2026 71\nSAINT-LAURENT-D'AIGOUZESi\u00e9ge : MairiePr\u00e9sidenteMme Mathilde PAGES, juge d'instructionFonctionnaire d\u00e9sign\u00e9 par le Pr\u00e9fetM. Cl\u00e9ment BAUDOT, DGSRepr\u00e9sentante de La PosteMme Eve DUSSAUT, ROPSuppl\u00e9ant du repr\u00e9sentant de la PosteM. Gil BEIGNET, ROPSecr\u00e9taire M. S\u00e9bastien BONNET, charg\u00e9 des \u00e9lectionsSAINT-LAURENT-DES-ARBRESSiege : MairiePr\u00e9sident M. Samuel RECOLIN, juge des enfantsFonctionnaire d\u00e9sign\u00e9 par le Pr\u00e9fetM. Ga\u00e9l HERLIN, DGSRepr\u00e9sentant de La Poste M. Micka\u00e9l COCHET, ROPSuppl\u00e9ante de la repr\u00e9sentante de la PosteMme Nicole NESONSON, FSESecr\u00e9taire Mme Virginie CESARI, charg\u00e9e des \u00e9lectionsSAINT-MARTIN-DE-VALGALGUESSi\u00e8ge: MairiePr\u00e9sidente Mme Claire SARODEFonctionnaire d\u00e9sign\u00e9 par le Pr\u00e9fetM. Jean-Pierre PARIS, DGSRepr\u00e9sentant de La Poste M. Julien PASCAL, Tech. DATASuppl\u00e9ant du repr\u00e9sentant de La PosteM. J\u00e9r\u00f4me ROBERT, RESCSecr\u00e9taireM. Guillaume CHAPON, responsable ElectionsSAINT-PRIVAT-DES-VIEUXSi\u00e8ge : MairiePr\u00e9sidenteMme Claire SARODEFonctionnaire d\u00e9sign\u00e9 par le Pr\u00e9fetM. Renaud VADANT, DGSRepr\u00e9sentant de La Poste M. Julien PASCAL, Tech. DATASuppl\u00e9ant du repr\u00e9sentant de La PosteM. J\u00e9r\u00f4me ROBERT, RESCSecr\u00e9taireMme Magali MACIA, responsable ElectionsSAINT-QUENTIN-LA-POTERIESi\u00e8ge : MairiePr\u00e9sidenteMme Amandine ABEGG, vice-pr\u00e9sidente ducontentieux et de la protectionSuppl\u00e9ante de la Pr\u00e9sidenteMme Sophie TARDIEU, juge du contentieux et dela protectionFonctionnaire d\u00e9sign\u00e9 par le Pr\u00e9fetM. R\u00e9gis TORREGROSA, DGSRepr\u00e9sentante de La PosteMme Corinne CONGY, RESuppl\u00e9ante de la repr\u00e9sentante de la PosteMme Christelle MARETTE, FSESecr\u00e9taireMme Marie-Ange FONTAINE, secr\u00e9taire g\u00e9n\u00e9rale\nPrefecture du Gard - 30-2026-02-26-00002 - AP portant constitution des commissions de propagande pour les \u00e9lections municipales\n2026 72\nSALINDRESSi\u00e8ge : MairiePr\u00e9sidente Mme D\u00e9borah COHENFonctionnaire d\u00e9sign\u00e9 par le Pr\u00e9fet Mme Anne-Laure GREFEUILLE, DGSRepr\u00e9sentant de La Poste M. Julien PASCAL, Tech. DATASuppl\u00e9ant du repr\u00e9sentant de La Poste M. J\u00e9r\u00f4me ROBERT, RESCSecr\u00e9taire Mme Marjorie COSTE, r\u00e9f\u00e9rente ElectionsSOMMIERESSi\u00e8ge : MairiePr\u00e9sidente Mme Val\u00e9rie LACOUR-CHABAS, vice-pr\u00e9sidente encharge des enfantsSuppl\u00e9ante de la Pr\u00e9sidente Mme Nadine DUPUY BARTHELEMY, vice-pr\u00e9sidente instructionFonctionnaire d\u00e9sign\u00e9 par le Pr\u00e9fet Mme Nathalie TARDIEU, DGSRepr\u00e9sentant de La Poste | M. Nadir MOHAMED, ROPSuppl\u00e9ant du repr\u00e9sentant de la Poste M. Alexandre HURPEAU, ROETSecr\u00e9taire Mme Christelle CAUSERA, charg\u00e9e des \u00e9lectionsUCHAUDSi\u00e8ge : MairiePr\u00e9sidente Mme Anne DAVID, 1\u00e8re vice-pr\u00e9sidenteFonctionnaire d\u00e9sign\u00e9 par le Pr\u00e9fet Mme Fran\u00e7oise FAYAC, DGSRepr\u00e9sentant de La Poste M. Anthony FATMI, ROPSuppl\u00e9ante du repr\u00e9sentant de La Poste |Mme Carine DURAND, RESCSecr\u00e9taire Mme Christelle BOURRET, charg\u00e9e des \u00e9lectionsUZESSi\u00e8ge: MairiePr\u00e9sidente Mme Amandine ABEGG, vice-pr\u00e9sidente ducontentieux et de la protectionSuppl\u00e9ante de la Pr\u00e9sidente Mme Sophie TARDIEU, juge du contentieux et dela protectionFonctionnaire d\u00e9sign\u00e9 par le Pr\u00e9fet M. Alexandre CORDIER, DGSRepr\u00e9sentant de La Poste Mme Corinne CONGY, RESuppl\u00e9ante de la repr\u00e9sentante de la Poste |Mme Christelle MARETTE, FSESecr\u00e9taire Mme Marie DAUTREPPE, responsable affairesg\u00e9n\u00e9rales\nPrefecture du Gard - 30-2026-02-26-00002 - AP portant constitution des commissions de propagande pour les \u00e9lections municipales\n2026 73\nVAUVERTSi\u00e9ge : MairiePr\u00e9sidenteMme Val\u00e9rie LACOUR-CHABAS, vice-pr\u00e9sidente encharge des enfantsSuppl\u00e9ante de la Pr\u00e9sidenteMme Nadine DUPUY BARTHELEMY, vice-pr\u00e9sidente instructionFonctionnaire d\u00e9sign\u00e9 par le Pr\u00e9fetMme Yolande CAVALER, DGSRepr\u00e9sentant de La Poste M. Daniel PENALVER, ROPSuppl\u00e9ant du repr\u00e9sentant de la PosteM. Julien SERRES, ROPSecr\u00e9taireMme Myriam PINGEON-SEGUELA, responsable duservice PopulationVERGEZESi\u00e8ge : MairiePr\u00e9sidenteMme Val\u00e9rie LACOUR-CHABAS, vice-pr\u00e9sidente encharge des enfantsSuppl\u00e9ante de la Pr\u00e9sidenteMme Nadine DUPUY BARTHELEMY, vice-pr\u00e9sidente instructionFonctionnaire d\u00e9sign\u00e9 par le Pr\u00e9fetMme Catherine MASSIPSEBAN, DGSRepr\u00e9sentant de La Poste M. Daniel PENALVER, ROPSuppl\u00e9ant du repr\u00e9sentant de la PosteM. Julien SERRES, ROPSecr\u00e9taireMme Chantal AGOSTA, adjoint administratifVILLENEUVE-LES-AVIGNONSi\u00e8ge: MairiePr\u00e9sidente Mme Emmanuelle MONTEIL, 1\u00b0\" vice-pr\u00e9sidenteSuppl\u00e9ante de la Pr\u00e9sidenteMme Chlo\u00e9 AGU, jugeFonctionnaire d\u00e9sign\u00e9 par le Pr\u00e9fetMme Sonia SOULAS, Directrice des affairesg\u00e9n\u00e9ralesRepr\u00e9sentant de La Poste M. Julien HUDRISIER, ROPSuppl\u00e9ante du repr\u00e9sentant de la PosteMme Virginie PODEVIN, ROPSecr\u00e9taireMme Nathalie SEGURA, responsable des \u00e9lections\nPrefecture du Gard - 30-2026-02-26-00002 - AP portant constitution des commissions de propagande pour les \u00e9lections municipales\n2026 74\nPrefecture du Gard\n30-2026-02-26-00007\nArr\u00eat\u00e9 N\u00b030-2026-058-001 portant classement\ndu passage \u00e0 niveau n\u00b010 (PK 700,175) de la ligne\ntouristique Anduze - Saint-Jean-du6Gard sur le\nterritoire de la commune de G\u00e9n\u00e9rargues\nPrefecture du Gard - 30-2026-02-26-00007 - Arr\u00eat\u00e9 N\u00b030-2026-058-001 portant classement du passage \u00e0 niveau n\u00b010 (PK 700,175) de la\nligne touristique Anduze - Saint-Jean-du6Gard sur le territoire de la commune de G\u00e9n\u00e9rargues 75\nE 3 Cabinet du pr\u00e9fetPR\u00c9FET Cellule s\u00e9curit\u00e9 routi\u00e8reDU GARDLibert\u00e9Egalit\u00e9Fraternit\u00e9ARR\u00caT\u00c9 N\u00b0 30-2026-\u00a95 #- 004portant classement du passage \u00e0 niveau n\u00b010 (PK 700,175)de ligne touristique Anduze - Saint-Jean-du-Gardsur le territoire de la commune de G\u00e9n\u00e9rarguesLe pr\u00e9fet du GardChevalier de la L\u00e9gion d'honneur,Officier de l'ordre national du M\u00e9rite\nVU l'arr\u00eat\u00e9 minist\u00e9riel du 18 mars 1991 relatif au classement, \u00e0 la r\u00e9glementation et \u00e0l'\u00e9quipement des passages \u00e0 niveau ;VU le d\u00e9cret du 13 juillet 2023 nommant M. J\u00e9r\u00f4me BONET pr\u00e9fet du Gard;VU l'arr\u00eat\u00e9 pr\u00e9fectoral n\u00b02018-03-0063 du 13 mars 2018 portant classement de plusieurspassages \u00e0 niveau de la ligne touristique Anduze - Saint-Jean-du-Gard, dont le passage \u00e0niveau n\u00b0 10 de G\u00e9n\u00e9rargues ;VU l'arr\u00eat\u00e9 pr\u00e9fectoral n\u00b0 30-2024-10-18-00009 du 18 octobre 2024 donnant d\u00e9l\u00e9gationde signature \u00e0 Mme Marie-Charlotte EUVRARD, sous-pr\u00e9f\u00e8te, directrice de cabinet dupr\u00e9fet du Gard;VU l'arr\u00eat\u00e9 pr\u00e9fectoral n\u00b0 30-2024-309-01 du 4 novembre 2024 donnant subd\u00e9l\u00e9gationde signature \u00e0 M. Pierre BEHAEGHEL, coordinateur s\u00e9curit\u00e9 routi\u00e8re, responsable de lacellule s\u00e9curit\u00e9 routi\u00e8re ;VU l'instruction interminist\u00e9rielle de signalisation routi\u00e8re (IISR) en date du 22 octobre1963 modifi\u00e9e ;VU le r\u00e9f\u00e9rentiel technique du STRMTG relatif \u00e0 la s\u00e9curit\u00e9 de l'exploitation deschemins de fer touristiques version 7 du 24 mars 2025;\nH\u00f4tel de la Pr\u00e9fecture - 10 avenue Feuch\u00e9res - 30 045 NIMES CEDEX 9 1/3T\u00e9l : 04 66 36 43 90 - www.gard.gouv.fr\nPrefecture du Gard - 30-2026-02-26-00007 - Arr\u00eat\u00e9 N\u00b030-2026-058-001 portant classement du passage \u00e0 niveau n\u00b010 (PK 700,175) de la\nligne touristique Anduze - Saint-Jean-du6Gard sur le territoire de la commune de G\u00e9n\u00e9rargues 76\nVU la demande de l'exploitant d'infrastructure ferroviaire, la Compagnie internationaledes Trains express \u00e0 vapeur (CITEV), en date du 24 novembre 2025, relative \u00e0 lamodification de l'\u00e9quipement et du classement du passage \u00e0 niveau n\u00b010 (PN 10), situ\u00e9au PK ferroviaire 700,175, lieu-dit Coudoulous, commune de G\u00e9n\u00e9rargues ;VU le document \u00ab Projet de modification du PN 10 \u00bb r\u00e9dig\u00e9 par la CITEV;VU l'avis favorable de Monsieur le maire de G\u00e9n\u00e9rargues, gestionnaire de la voirieroutiere, en date du 23 janvier 2026 ;VU l'avis favorable du Service Technique des Remont\u00e9es M\u00e9caniques et des TransportsGuid\u00e9s (STRMTG) en date du 26 janvier 2026 ;VU l'avis favorable du Conseil d\u00e9partemental du Gard en date du 22 d\u00e9cembre 2025,sous condition que la signalisation d'approche ne soit pas implant\u00e9e sur la routed\u00e9partementale adjacente D129 ;CONSID\u00c9RANT l'insuffisance des conditions de visibilit\u00e9 constat\u00e9es au droit dupassage \u00e0 niveau n\u00b010;CONSID\u00c9RANT la n\u00e9cessit\u00e9 d'am\u00e9liorer la s\u00e9curit\u00e9 du franchissement routier etferroviaire au droit du passage \u00e0 niveau n\u00b010;SUR PROPOSITION du pr\u00e9sident d'Al\u00e9s Agglom\u00e9ration\nARRETE\nArticle 1\u00b0 : CLASSEMENTLe passage \u00e0 niveau (PN) n\u00b0 10 de la ligne touristique Anduze \u2014 Saint-Jean-du-Gard estclass\u00e9 en 1\u00b0 cat\u00e9gorie, conform\u00e9ment \u00e0 la fiche individuelle ci-annex\u00e9e.Les dispositions de l'arr\u00eat\u00e9 pr\u00e9fectoral n\u00b02018-03-0063 du 13 mars 2018 sont abrog\u00e9espour ce qui concerne le classement du passage \u00e0 niveau n\u00b010 situ\u00e9 sur la commune deG\u00e9n\u00e9ra grues.Article 2 : ENTR\u00c9E EN VIGUEURLe pr\u00e9sent arr\u00eat\u00e9 entre en vigueur \u00e0 compter de la mise en service du nouvel\u00e9quipement et de la mise en conformit\u00e9 de la signalisation routi\u00e8re associ\u00e9e.\n2/3\nPrefecture du Gard - 30-2026-02-26-00007 - Arr\u00eat\u00e9 N\u00b030-2026-058-001 portant classement du passage \u00e0 niveau n\u00b010 (PK 700,175) de la\nligne touristique Anduze - Saint-Jean-du6Gard sur le territoire de la commune de G\u00e9n\u00e9rargues 77\nArticle 3 : PUBLICIT\u00c9Le gestionnaire ferroviaire doit pr\u00e9venir les usagers par des panneaux expos\u00e9s \u00e0 leur vueet plac\u00e9s de part et d'autres de la voie ferr\u00e9e, quinze jours au moins avant la mise enservice de l'\u00e9quipement automatique. Il pourra assurer l'information des usagers partout moyen compl\u00e9mentaire qu'il estime n\u00e9cessaire.Le pr\u00e9sent arr\u00eat\u00e9 sera affich\u00e9 pendant un mois en mairie et aux abords imm\u00e9diats dupassage \u00e0 niveau. Cet arr\u00eat\u00e9 sera \u00e9galement publi\u00e9 au recueil des actes administratifsde la pr\u00e9fecture du Gard.Article 4 : DISPOSITIONS PARTICULI\u00c8RES DE FONCTIONNEMENTLe passage \u00e0 niveau est \u00e9quip\u00e9 d'une signalisation automatique lumineuse et sonore,compl\u00e9t\u00e9e par deux demi-barri\u00e8res \u00e0 fonctionnement conditionnel (SAL2 FC)conform\u00e9ment \u00e0 la fiche individuelle ci-annex\u00e9e.Le dispositif de fermeture est command\u00e9 par un agent habilit\u00e9 par l'exploitantferroviaire avant le passage des trains, conform\u00e9ment au cas particulier pr\u00e9vu parl'annexe III de l'arr\u00eat\u00e9 du 18 mars 1991.Les modalit\u00e9s d'exploitation en mode nominal et en mode d\u00e9grad\u00e9 sont d\u00e9crites dansla documentation d'exploitation de l'exploitant ferroviaire et soumises, le cas \u00e9ch\u00e9ant,aux proc\u00e9dures applicables en mati\u00e8re de s\u00e9curit\u00e9 des transports guid\u00e9s non urbains.Article 5 : SIGNALISATION ROUTI\u00c8RELa signalisation routi\u00e8re avanc\u00e9e et de position au droit du PN n\u00b010 est mise enconformit\u00e9 avec l'instruction interminist\u00e9rielle sur la signalisation routi\u00e8re (IISR).Article 6 : RECOURSLe pr\u00e9sent arr\u00eat\u00e9 peut faire l'objet d'un recours gracieux aupr\u00e8s du pr\u00e9fet du Gard(pr\u00e9fecture du Gard - 10 avenue Feuch\u00e8res, 30 045 Nimes cedex 9) dans un d\u00e9lai dedeux mois \u00e0 compter de sa date de notification. Il peut \u00e9galement faire l'objet d'unrecours contentieux aupr\u00e8s du tribunal administratif de N\u00eemes, dans le m\u00eame d\u00e9lai. Letribunal administratif peut \u00e9galement \u00eatre saisi par l'application informatique\u00ab t\u00e9l\u00e9recours citoyens \u00bb accessible par le site internet www.telerecours.frArticle 7 : EX\u00c9CUTIONLa directrice de cabinet du pr\u00e9fet du Gard, le pr\u00e9sident d'Al\u00e8s Agglom\u00e9ration en qualit\u00e9de gestionnaire d'infrastructure ferroviaire, le directeur g\u00e9n\u00e9ral de la CITEV en qualit\u00e9d'exploitant ferroviaire et le maire de G\u00e9n\u00e9rargues en qualit\u00e9 de gestionnaire de lavoirie routi\u00e8re sont charg\u00e9s, chacun en ce qui le concerne, de l'ex\u00e9cution du pr\u00e9sentarr\u00eat\u00e9. N\u00eemes, le 9 \u00a7 FEV, 2026\nle responsable de lacCoordinate 3/3\nPrefecture du Gard - 30-2026-02-26-00007 - Arr\u00eat\u00e9 N\u00b030-2026-058-001 portant classement du passage \u00e0 niveau n\u00b010 (PK 700,175) de la\nligne touristique Anduze - Saint-Jean-du6Gard sur le territoire de la commune de G\u00e9n\u00e9rargues 78\nFICHE INDIVIDUELLEDU PASSAGE \u00c0 NIVEAU N\u00b0 10ANNEXEE \u00c0 L'ARR\u00caT\u00c9 PREFECTORAL N\u00b0 30-2026-058-001 du 26 f\u00e9vrier 2026\nLigne touristique ferroviaired'ANDUZE a SAINT-JEAN-DU-GARDD\u00e9partement : GardCommune : GENERARGUESPoint kilom\u00e9trique ferroviaire : 700175D\u00e9signation de la voie routi\u00e8re : chemin de CoudoulousCat\u00e9gorie du PN : 1\nDispositions particuli\u00e8res :* Passage \u00e0 niveau muni d'une signalisation automatique lumineuse et sonorecompl\u00e9t\u00e9e par deux demi-barri\u00e8res \u00e0 fonctionnement automatique; l'ensembleest command\u00e9 par un agent habilit\u00e9 par l'exploitant ferroviaire avant le passagedes trains.\u00a2 Pancarte indiquant un num\u00e9ro d'alerte en cas d'urgence \u00e0 disposition desusagers de la route leur permettant d'aviser les agents habilit\u00e9s par l'exploitantferroviaire en cas d'incident ou de d\u00e9rangement des installations du passage \u00e0niveau.\u00a2 __ D\u00e9lai d'annonce sup\u00e9rieur ou \u00e9gal \u00e0 20 secondes.\nPrefecture du Gard - 30-2026-02-26-00007 - Arr\u00eat\u00e9 N\u00b030-2026-058-001 portant classement du passage \u00e0 niveau n\u00b010 (PK 700,175) de la\nligne touristique Anduze - Saint-Jean-du6Gard sur le territoire de la commune de G\u00e9n\u00e9rargues 79\nSous Pr\u00e9fecture d'Al\u00e8s\n30-2026-02-27-00003\nA-CREATION-HABILITATION-26-02-55-DU-27-02-\n26-PF-CARMAGUAISES-GENERAC\nSous Pr\u00e9fecture d'Al\u00e8s - 30-2026-02-27-00003 - A-CREATION-HABILITATION-26-02-55-DU-27-02-26-PF-CARMAGUAISES-GENERAC 80\nPREFET Sous-pr\u00e9fecture d'Al\u00e8sDU GARD Bureau de la R\u00e9glementation Fun\u00e9raire et des AssociationsLibert\u00e9 Service d\u00e9partemental du fun\u00e9raireEgalit\u00e9Fraternit\u00e9\nArr\u00e9t\u00e9 n\u00b0 26-02-55portant cr\u00e9ation d'habilitation dans le domaine fun\u00e9raireLe pr\u00e9fet du Gard,Chevalier de la l\u00e9gion d'honneur,Officier de l'ordre national du M\u00e9rite,Vu le code g\u00e9n\u00e9ral des collectivit\u00e9s territoriales, notamment les articles L. 2223-19 et suivants;Vu l'arr\u00eat\u00e9 pr\u00e9fectoral n\u00b0 30-2026-02-11-00002 du 11 f\u00e9vrier 2026 donnant d\u00e9l\u00e9gation designature \u00e0 Monsieur Emile SOUMBO, sous-pr\u00e9fet de l'arrondissement d'Al\u00e9s ;Vu la demande de cr\u00e9ation d'habilitation d\u00e9pos\u00e9e le 20 janvier 2026 par M. Xavier Ximenesdirecteur de secteur op\u00e9rationel de la Soci\u00e9t\u00e9 OGF-SERVICES FUNERAIRES dont le si\u00e8ge socialse situe Immeuble CANOPY - 6 rue du Mar\u00e9chal Audran \u00e0 Courbevoie (94200) pour son\u00e9tablissement secondaire \u00e0 l'enseigne \u00ab POMPES FUNEBRES CAMARGUAISES \u00bb situ\u00e9 10 rue de laMairie \u00e0 G\u00e9n\u00e9rac (30510) SIRET n\u00b0828 160 069 03520 ;Vu l'extrait Kbis de la soci\u00e9t\u00e9, \u00e0 jour en date du 10 novembre 2025 ;Consid\u00e9rant que, tout changement de SIRET emporte la fermeture d'un \u00e9tablissement et lacr\u00e9ation d'un nouvel \u00e9tablissement avec une nouvelle habilitation ;Consid\u00e9rant que les conditions requises par la r\u00e9glementation pour obtenir une premi\u00e8rehabilitation de 5 ans sont remplies ;Consid\u00e9rant que la demande d'habilitation et le dossier sont constitu\u00e9s conform\u00e9ment \u00e0 lar\u00e9glementation en vigueur ;sur proposition du sous-pr\u00e9fet d'Al\u00e9s; ARRETEArticle ler: L'\u00e9tablissement secondaire \u00e0 l'enseigne \u00ab POMPES FUNEBRESCAMARGUAISES \u00bb situ\u00e9 10 rue de la Mairie \u00e0 G\u00e9n\u00e9rac (30510) SIRETn\u00b0828 160 069 03520 dirig\u00e9e par M.Xavier Ximenes directeur de secteurop\u00e9rationel , est habilit\u00e9e pour exercer sur l'ensemble du territoire national, lesactivit\u00e9s fun\u00e9raires suivantes :- transport de corps avant et apr\u00e8s mise en bi\u00e8re,- organisation des obs\u00e8ques,- soins de conservation (activit\u00e9 sous-trait\u00e9e),- fourniture des housses, des cercueils et de leurs accessoires int\u00e9rieurs etext\u00e9rieurs ainsi que des urnes cin\u00e9raires,- fourniture de corbillards et de voitures de deuils,- fourniture de personnel, objets et prestations n\u00e9cessaires aux obs\u00e8ques,inhumations, exhumations et cr\u00e9mations.\nSOUS PREFECTURE D'AL\u00c8S - 3, boulevard Louis Blanc - 30100 ALES - TELEPHONE : 04.66,56.39.39 - www.gard.gouv.fr\nSous Pr\u00e9fecture d'Al\u00e8s - 30-2026-02-27-00003 - A-CREATION-HABILITATION-26-02-55-DU-27-02-26-PF-CARMAGUAISES-GENERAC 81\nArticle2: L'op\u00e9rateur fun\u00e9raire d\u00e9clare, dans le cadre d'un contrat de sous-traitance,confier les prestations fun\u00e9raires suivantes :- soins de conservation\u00e0 l'entreprise habilit\u00e9e \u00ab HYGECO POST MORTEM ASSISTANCE\u00bb dont le si\u00e8geest situ\u00e9 \u00e0 GARGES-LES-GONESSE (95140)Article 3: Les prestations de transport de corps apr\u00e8s mise en bi\u00e8re se font au moyendes v\u00e9hicules immatricul\u00e9s :FB-584-ZM ; FB-616-ZQ; FT-736-FXLes prestations de transport de corps avant et apr\u00e8s mise en bi\u00e8re se font aumoyen des v\u00e9hicules immatricul\u00e9s :HD-051-S] ; HF-412-XC ; GV-644-RFArticle 4: Le num\u00e9ro d'habilitation est : 26-30-0291.Article 5: La date de validit\u00e9 de la pr\u00e9sente habilitation est fix\u00e9e au : 11/03/2031.Article 6: La pr\u00e9sente habilitation peut \u00eatre retir\u00e9e ou suspendue pour une ou plusieursactivit\u00e9s pour l'un des motifs pr\u00e9vus par l'article L.2223-25 du code g\u00e9n\u00e9ral descollectivit\u00e9s territoriales.Article7: Le sous-pr\u00e9fet d'Al\u00e8s est charg\u00e9 de l'ex\u00e9cution du pr\u00e9sent arr\u00eat\u00e9 dont unexemplaire est notifi\u00e9 \u00e0 l'int\u00e9ress\u00e9 et ins\u00e9r\u00e9 au recueil des actes administratifs(RAA) de la pr\u00e9fecture du Gard.\nAl\u00e8s le 24 f\u00e9vrier 2026\nN\u00b0 d'insertion au RAA :Voie \u00e9lais de fs:La pr\u00e9sente d\u00e9cision peut faire l'objet d'un recours administratif aupr\u00e8s de l'autorit\u00e9 qui l'a d\u00e9livr\u00e9e ou aupr\u00e8s dutribunal administratif de Nimes, dans un d\u00e9lai de deux mois \u00e0 compter de sa notification pour l'int\u00e9ress\u00e9 et de sapublication pour les tiers.\nSOUS PREFECTURE D'ALES - 3, boulevard Louis Blanc - 30100 ALES - TELEPHONE : 04.66.56.39.39 - www.gard gouv.fr\nSous Pr\u00e9fecture d'Al\u00e8s - 30-2026-02-27-00003 - A-CREATION-HABILITATION-26-02-55-DU-27-02-26-PF-CARMAGUAISES-GENERAC 82\nSous Pr\u00e9fecture d'Al\u00e8s\n30-2026-02-26-00006\nA-CREATION-HABILITATION-FUNERAIRE26-02-64\n-DE26-02-26-PF-BRUN\nSous Pr\u00e9fecture d'Al\u00e8s - 30-2026-02-26-00006 - A-CREATION-HABILITATION-FUNERAIRE26-02-64-DE26-02-26-PF-BRUN 83\nSous-pr\u00e9fecture d'Al\u00e8sERS Bureau de la R\u00e9glementation Fun\u00e9raire et des AssociationsRe Service d\u00e9partemental du fun\u00e9raire1oeTieEgalit\u00e9Fraternit\u00e9\nArr\u00eat\u00e9 n\u00b0 26-02-64portant cr\u00e9ation d'habilitation dans le domaine fun\u00e9raire pour une dur\u00e9e de 5 ansLe pr\u00e9fet du Gard,Chevalier de la l\u00e9gion d'honneur,Officier de l'ordre national du M\u00e9rite,\nVu le code g\u00e9n\u00e9ral des collectivit\u00e9s territoriales, notamment les articles L. 2223-19 et suivants;Vu l'arr\u00eat\u00e9 pr\u00e9fectoral n\u00b0 30-2026-02-11-00002 du 11 f\u00e9vrier 2026 donnant d\u00e9l\u00e9gation de signature \u00e0Monsieur \u00c9mile SOUMBO, sous-pr\u00e9fet de l'arrondissement d'Al\u00e8s ;Vu l'arr\u00eat\u00e9 pr\u00e9fectoral en date du 25 f\u00e9vrier 2020 portant renouvellement d'habilitation dans ledomaine fun\u00e9raire pour une dur\u00e9e de 6 ans sous le n\u00b0 20-30-0016, \u00e0 la SARL BRUN POMPESFUNEBRES ET MARBRERIE, pour son \u00e9tablissement situ\u00e9 1 rue du Coll\u00e8ge \u00e0 Uz\u00e8s (30700), SIRETn\u00b0 385 229 752 00014 dirig\u00e9e par Madame Christine DEMARIA, pr\u00e9sidente ;Vu la demande de renouvellement d'habilitation dans le domaine fun\u00e9raire formul\u00e9e par MadameChristine DEMARIA ;Vu l'extrait Kbis de la soci\u00e9t\u00e9, \u00e0 jour en date du Ter janvier 2026;Consid\u00e9rant que l'habilitation n\u00b0 20-30-0016 est arriv\u00e9e \u00e0 \u00e9ch\u00e9ance \u00e0 la date du 25/02/2026 ;Consid\u00e9rant que, tout changement de SIRET et d'adresse emporte la fermeture de l'\u00e9tablissementsus-mentionn\u00e9 et la cr\u00e9ation d'un nouvel \u00e9tablissement avec une nouvelle habilitation, article 1 dupr\u00e9sent arr\u00eat\u00e9 ;Consid\u00e9rant que les conditions requises par la r\u00e9glementation pour obtenir une premi\u00e8rehabilitation de 5 ans sont remplies ;Consid\u00e9rant que la demande d'habilitation et le dossier sont constitu\u00e9s conform\u00e9ment \u00e0 lar\u00e9glementation en vigueur ;Sur proposition du sous-pr\u00e9fet d'Al\u00e8s; ARR\u00caTEArticle 1er: La SAS BRUN POMPES FUNEBRES ET MARBRERIE, pour son \u00e9tablissement situ\u00e928 rue Henri Brugui\u00e8re \u00e0 Uz\u00e8s (30700), SIRET n\u00b0 385 229 752 00048 dirig\u00e9e parMadame Christine DEMARIA est habilit\u00e9e pour exercer sur l'ensemble duterritoire national, les activit\u00e9s fun\u00e9raires suivantes :- transport de corps avant et apr\u00e8s mise en bi\u00e8re,- organisation des obs\u00e8ques,- soins de conservation (activit\u00e9 sous-trait\u00e9e)- fourniture des housses, des cercueils et leurs accessoires, des urnescin\u00e9raires,- gestion et utilisation d'une chambre fun\u00e9raire,- fourniture des corbillards et des voitures de deuil,fourniture de personnel, objets et prestations n\u00e9cessaires aux obs\u00e8ques,inhumations, exhumations et cr\u00e9mations (activit\u00e9 sous-trait\u00e9e).\nSOUS-PREFECTURE d'AL\u00c8S \u2014 3 boulevard Louis Blanc \u2014 - 30100 ALES \u2014 T\u00e9l.: 04.66.56.39.39 \u2014 www.gard.gouvfr\nSous Pr\u00e9fecture d'Al\u00e8s - 30-2026-02-26-00006 - A-CREATION-HABILITATION-FUNERAIRE26-02-64-DE26-02-26-PF-BRUN 84\nArticle 2: L'op\u00e9rateur fun\u00e9raire d\u00e9clare, dans le cadre d'un contrat de sous-traitance, confierles prestations fun\u00e9raires suivantes :- fourniture de personnel, objets et prestations n\u00e9cessaires aux obs\u00e8ques,inhumations, exhumations et cr\u00e9mations,\u00e0 l'entreprise d\u00fbment habilit\u00e9e SASU SERVICES FUNERAIRES ROUX \u00e0l'enseigne \u00abSERVICES FUNERAIRES ROUX\u00bb dont le si\u00e8ge est situ\u00e9 \u00e0 Fons-Outre-Gardon (30730).- soins de conservation :aux entreprises d\u00fbment habilit\u00e9es :\u00ab MISSTHANATO \u00bb dont le si\u00e8ge est Saint-Julien-les-Rosiers (30340),\u00ab MANUTHANATO \u00bb dont le si\u00e8ge est situ\u00e9 \u00e0 Les Plans (30340),Article 3 : Les prestations de transport de corps apr\u00e8s mise en bi\u00e8re se font au moyen duv\u00e9hicule immatricul\u00e9 sous le num\u00e9ro : EW-219-LPLes prestations de transport de corps avant mise en bi\u00e8re se font au moyen duv\u00e9hicule immatricul\u00e9 sous le num\u00e9ro : FX-713-CVArticle 4 : Le num\u00e9ro d'habilitation est : 26-30-0294.Article 5 : La dur\u00e9e de la pr\u00e9sente habilitation est fix\u00e9e pour une dur\u00e9e de 5 ans, soitjusqu'au : 26/02/2031.Article 6 : La pr\u00e9sente habilitation peut \u00eatre retir\u00e9e ou suspendue pour une ou plusieursactivit\u00e9s pour l'un des motifs pr\u00e9vus par l'article L.2223-25 du code g\u00e9n\u00e9ral descollectivit\u00e9s territoriales.Article 7 : Le sous-pr\u00e9fet d'Al\u00e8s est charg\u00e9 de l'ex\u00e9cution du pr\u00e9sent arr\u00eat\u00e9 dont unexemplaire est notifi\u00e9 \u00e0 l'int\u00e9ress\u00e9 et ins\u00e9r\u00e9 au recueil des actes administratifs(RAA) de la pr\u00e9fecture du Gard.\nAl\u00e8s le 26 f\u00e9vrier 2026\nLe sops-pr\u00e9fet\nEmileSOUMBO\nN\u00b0 d'insertion au RAA :\nVoi lai rs:La pr\u00e9sente d\u00e9cision peut faire l'objet d'un recours administratif aupr\u00e8s de l'autorit\u00e9 qui l'a d\u00e9livr\u00e9e ou aupr\u00e8s dutribunal administratif de Nimes, dans un d\u00e9lai de deux mois \u00e0 compter de sa notification pour l'int\u00e9ress\u00e9 et de sapublication pour les tiers.\nSOUS-PREFECTURE d'AL\u00c8S \u2014 3 boulevard Louis Blanc \u2014 - 30100 ALES - T\u00e9l.: 04.66.56.39.39 \u2014 www.gard.gouv.fr\nSous Pr\u00e9fecture d'Al\u00e8s - 30-2026-02-26-00006 - A-CREATION-HABILITATION-FUNERAIRE26-02-64-DE26-02-26-PF-BRUN 85\nSous Pr\u00e9fecture d'Al\u00e8s\n30-2026-02-27-00004\nA-RENOUVEL-HABILITATION-26-02-57-DU-27-02-\n26-PF-FERNANDEZ-MARGUERITTES\nSous Pr\u00e9fecture d'Al\u00e8s - 30-2026-02-27-00004 - A-RENOUVEL-HABILITATION-26-02-57-DU-27-02-26-PF-FERNANDEZ-MARGUERITTES 86\nE = Sous-pr\u00e9fecture d'Al\u00e8sPREFET Bureau de la R\u00e9glementation Fun\u00e9raire et des AssociationsDU GARD Service d\u00e9partemental du fun\u00e9raire\u00c9galit\u00e9Fraternit\u00e9\nArr\u00eat\u00e9 n\u00b0 26-02-57portant renouvellement d'habilitation dans le domaine fun\u00e9raire pour une dur\u00e9e de 5 ansLe pr\u00e9fet du Gard,Chevalier de la l\u00e9gion d'honneur,Officier de l'ordre national du M\u00e9rite,Vu le code g\u00e9n\u00e9ral des collectivit\u00e9s territoriales, notamment les articles L. 2223-19 et suivants;Vu l'arr\u00eat\u00e9 pr\u00e9fectoral n\u00b0 30-2026-02-11-00002 du 11 f\u00e9vrier 2026 donnant d\u00e9l\u00e9gation designature \u00e0 Monsieur Emile SOUMBO, sous-pr\u00e9fet de l'arrondissement d'Al\u00e8s ;Vu l'arr\u00eat\u00e9 pr\u00e9fectoral n\u00b021-03-32 en date du 25 mars 2021 portant renouvellementd'habilitation dans le domaine fun\u00e9raire pour une dur\u00e9e de 5 ans sous le n\u00b0 21-30-033, \u00e0 la Sas\u00abPompes Fun\u00e8bres FERNANDEZ et Fils\u00bb, pour son \u00e9tablissement principal sise avenueCl\u00e9ment Ader, Zac de Trahusse \u00e0 Marguerittes (30320), SIRET n\u00b0 438 266 470 00048 dirig\u00e9e parMadame Monique FERNANDEZ pr\u00e9sidente et Monsieur Yohann FERNANDEZ directeurg\u00e9n\u00e9ral ;Vu la demande de renouvellement d'habilitation dans le domaine fun\u00e9raire formul\u00e9e parMadame Monique FERNANDEZ en date du 15janvier 2026;Vu l'extrait Kbis de la soci\u00e9t\u00e9, a jour en date du 19 octobre 2025;Consid\u00e9rant que I'habilitation n\u00b0 21-30-0033 arrive a \u00e9ch\u00e9ance \u00e0 la date du 25/03/2026 ;Consid\u00e9rant que la demande de renouvellement d'habilitation est constitu\u00e9e conform\u00e9ment \u00e0la r\u00e9glementation en vigueur ;Sur proposition du sous-pr\u00e9fet d'Al\u00e8s ;ARR\u00caTEArticle 1\u00b0: La Sas FERNANDEZ ET FILS, sise 430 avenue Cl\u00e9ment Ader, Zac de Trahusse \u00e0Marguerittes (30320) \u00e9tablissement principal, dirig\u00e9e par Mme MoniqueFERNANDEZ, pr\u00e9sidente et Monsieur Yohann FERNANDEZ directeur g\u00e9n\u00e9ral \u2014SIRET n\u00b0 438 266 470 00048, est habilit\u00e9e pour exercer sur l'ensemble duterritoire national, les activit\u00e9s fun\u00e9raires suivantes :- transport de corps avant et apr\u00e8s mise en bi\u00e8re,organisation des obs\u00e8ques,soins de conservation (activit\u00e9 sous-trait\u00e9e),fourniture des housses, des cercueils et de leurs accessoires int\u00e9rieurs et ext\u00e9rieursainsi que des urnes cin\u00e9raires,gestion et utilisation d'une chambre fun\u00e9raire,fourniture de corbillards et de voitures de deuils,fourniture de personnel, objets et prestations n\u00e9cessaires aux obs\u00e8ques,inhumations, exhumations et cr\u00e9mations.\nSOUS-PREFECTURE d'ALES - 3 boulevard Louis Blanc \u2014 - 30100 ALES \u2014 T\u00e9l.: 04.66.56.39.39 \u2014 www.gard.gouvfr\nSous Pr\u00e9fecture d'Al\u00e8s - 30-2026-02-27-00004 - A-RENOUVEL-HABILITATION-26-02-57-DU-27-02-26-PF-FERNANDEZ-MARGUERITTES 87\nArticle2: L'op\u00e9rateur fun\u00e9raire d\u00e9clare, dans le cadre d'un contrat de sous-traitance,confier les prestations fun\u00e9raires suivantes :- Soins de conservation :aux entreprises habilit\u00e9es :- \u00ab NYMPH\u00c9A THANATOPRAXIE \u00bb sise \u00e0 Marsillargues (34) ;- \u00ab ALES THANATOPRAXIE \u00bb sise \u00e0 Saint-Julien-les-Rosiers (30) ;- \u00ab MANU THANATOPRAXIE \u00bb sise a Les Plans (30) ;Article 3: Les prestations de transport de corps avant et apr\u00e8s mise en bi\u00e8re se font aumoyen des v\u00e9hicules immatricul\u00e9s sous les num\u00e9ros :HE-357-WB - HG-973-E]Les prestations de transport de corps apr\u00e8s mise en bi\u00e8re se font au moyen duv\u00e9hicule immatricul\u00e9:HB-744-DVArticle 4: Le num\u00e9ro d'habilitation est : 26-30-0033.Article 5: La dur\u00e9e de la pr\u00e9sente habilitation est fix\u00e9e pour une dur\u00e9e de 5 ans, soitjusqu'au : 26/03/2031.Article 6 : La pr\u00e9sente habilitation peut \u00eatre retir\u00e9e ou suspendue pour une ouplusieurs activit\u00e9s pour l'un des motifs pr\u00e9vus par l'article L.2223-25 du codeg\u00e9n\u00e9ral des collectivit\u00e9s territoriales.Article 7 : Le sous-pr\u00e9fet d'Al\u00e9s est charg\u00e9 de l'ex\u00e9cution du pr\u00e9sent arr\u00eat\u00e9 dont unexemplaire est notifi\u00e9 \u00e0 l'int\u00e9ress\u00e9 et ins\u00e9r\u00e9 au recueil des actesadministratifs (RAA) de la pr\u00e9fecture du Gard.\nAl\u00e8s le 27 f\u00e9vrier 2026\nLe soy\u00ffs-pr\u00e9fet\n\u00c9mil\u00e9 SOUMBO\nN\u00b0 d'insertion au RAA :\nLa pr\u00e9sente d\u00e9cision peut faire l'objet d'un recours administratif aupr\u00e8s de l'autorit\u00e9 qui l'a d\u00e9livr\u00e9e ou aupr\u00e8s dutribunal administratif de Nimes, dans un d\u00e9lai de deux mois \u00e0 compter de sa notification pour l'int\u00e9ress\u00e9 et de sapublication pour les tiers.\nSOUS-PREFECTURE d'AL\u00c8S - 3 boulevard Louis Blanc \u2014 - 30100 ALES - T\u00e9l.: 04.66,56.39.39 \u2014 www.gard.gouv.fr\nSous Pr\u00e9fecture d'Al\u00e8s - 30-2026-02-27-00004 - A-RENOUVEL-HABILITATION-26-02-57-DU-27-02-26-PF-FERNANDEZ-MARGUERITTES 88\nSous Pr\u00e9fecture d'Al\u00e8s\n30-2026-02-27-00005\nA-RENOUVEL-HABILITATION-26-02-58-DU-27-02-\n26-PF-FERNANDEZ-NIMES\nSous Pr\u00e9fecture d'Al\u00e8s - 30-2026-02-27-00005 - A-RENOUVEL-HABILITATION-26-02-58-DU-27-02-26-PF-FERNANDEZ-NIMES 89\nSous-pr\u00e9fecture d'Ale\u00e9sGATES Bureau de la R\u00e9glementation Fun\u00e9raire et des AssociationsEE Service d\u00e9partemental du fun\u00e9raire1\u00c9galit\u00e9Fraternit\u00e9\nArr\u00eat\u00e9 n\u00b0 26-02-58portant renouvellement d'habilitation dans le domaine fun\u00e9raire pour une dur\u00e9e de 5 ansLe pr\u00e9fet du Gard,Chevalier de la l\u00e9gion d'honneur,Officier de l'ordre national du M\u00e9rite,Vu le code g\u00e9n\u00e9ral des collectivit\u00e9s territoriales, notamment les articles L. 2223-19 et suivants;Vu l'arr\u00eat\u00e9 pr\u00e9fectoral n\u00b0 30-2026-02-11-00002 du 11 f\u00e9vrier 2026 donnant d\u00e9l\u00e9gation designature a Monsieur Emile SOUMBO, sous-pr\u00e9fet de l'arrondissement d'Al\u00e8s ;Vu l'arr\u00eat\u00e9 pr\u00e9fectoral n\u00b021-03-33 en date du 25 mars 2021 portant renouvellementd'habilitation dans le domaine fun\u00e9raire pour une dur\u00e9e de 5 ans sous le n\u00b0 21-30-034, \u00e0 la Sas\u00ab Pompes Fun\u00e8bres FERNANDEZ et Fils \u00bb, pour son \u00e9tablissement secondaire, sis 142 routed'Avignon a Nimes (30000), SIRET n\u00b0 438 266 470 00063 dirig\u00e9e par Madame MoniqueFERNANDEZ pr\u00e9sidente et Monsieur Yohann FERNANDEZ directeur g\u00e9n\u00e9ral ;Vu la demande de renouvellement d'habilitation dans le domaine fun\u00e9raire formul\u00e9e parMadame Monique FERNANDEZ en date du 15 janvier 2026;Vu l'extrait Kbis de la soci\u00e9t\u00e9, \u00e0 jour en date du 19 octobre 2025;Consid\u00e9rant que l'habilitation n\u00b0 21-30-0034 arrive \u00e0 \u00e9ch\u00e9ance \u00e0 la date du 25/03/2026 ;Consid\u00e9rant que la demande de renouvellement d'habilitation est constitu\u00e9e conform\u00e9ment \u00e0la r\u00e9glementation en vigueur ;Sur proposition du sous-pr\u00e9fet d'Al\u00e8s ;ARR\u00caTEArticle 1%: La Sas FERNANDEZ ET FILS, pour son \u00e9tablissement secondaire \u00e0 l'enseigne\u00ab Pompes Fun\u00e8bres FERNANDEZ et Fils \u00bb - sis 142 route d'Avignon a Nimes(30000) SIRET n\u00b0 438 266 470 00063 g\u00e9r\u00e9e par Madame Monique FERNANDEZpr\u00e9sidente et Monsieur Yohann FERNANDEZ directeur g\u00e9n\u00e9ral, est habilit\u00e9epour exercer sur l'ensemble du territoire national, les activit\u00e9s fun\u00e9rairessuivantes:- transport de corps avant et apr\u00e8s mise en bi\u00e8re,- organisation des obs\u00e8ques,- soins de conservation (activit\u00e9 sous-trait\u00e9e),- fourniture des housses, des cercueils et de leurs accessoires int\u00e9rieurs et ext\u00e9rieursainsi que des urnes cin\u00e9raires,- fourniture de corbillards et de voitures de deuils,- fourniture de personnel, objets et prestations n\u00e9cessaires aux obs\u00e8ques,inhumations, exhumations et cr\u00e9mations.Article2: L'op\u00e9rateur fun\u00e9raire d\u00e9clare, dans le cadre d'un contrat de sous-traitance,\nSOUS-PREFECTURE d'AL\u00cbS - 3 boulevard Louis Blanc \u2014 - 30100 ALES \u2014 T\u00e9l.: 04.66.56.39,39 \u2014 www.gard.qouv.fr\nSous Pr\u00e9fecture d'Al\u00e8s - 30-2026-02-27-00005 - A-RENOUVEL-HABILITATION-26-02-58-DU-27-02-26-PF-FERNANDEZ-NIMES 90\nconfier les prestations fun\u00e9raires suivantes :- Soins de conservation:aux entreprises habilit\u00e9es :- \u00ab NYMPHEA THANATOPRAXIE \u00bb sise \u00e0 Marsillargues (34);- \u00ab ALES THANATOPRAXIE \u00bb sise \u00e0 Saint-Julien-les-Rosiers (30) ;-\u00ab MANU THANATOPRAXIE \u00bb sise a Les Plans (30);Article3: Les prestations de transport de corps avant et apr\u00e8s mise en bi\u00e8re se font aumoyen des v\u00e9hicules immatricul\u00e9s sous les num\u00e9ros :HE-357-WB - HG-973-E]Les prestations de transport de corps apr\u00e8s mise en bi\u00e8re se font au moyen duv\u00e9hicule immatricul\u00e9 : HB-744-DVArticle 4: Le num\u00e9ro d'habilitation est : 26-30-0034.Article 5: La dur\u00e9e de la pr\u00e9sente habilitation est fix\u00e9e pour une dur\u00e9e de 5 ans, soitjusqu'au : 26/03/2031.Article 6: La pr\u00e9sente habilitation peut \u00eatre retir\u00e9e ou suspendue pour une ouplusieurs activit\u00e9s pour l'un des motifs pr\u00e9vus par l'article L.2223-25 du codeg\u00e9n\u00e9ral des collectivit\u00e9s territoriales.Article 7 : Le sous-pr\u00e9fet d'Al\u00e8s est charg\u00e9 de l'ex\u00e9cution du pr\u00e9sent arr\u00eat\u00e9 dont unexemplaire est notifi\u00e9 \u00e0 l'int\u00e9ress\u00e9 et ins\u00e9r\u00e9 au recueil des actesadministratifs (RAA) de la pr\u00e9fecture du Gard.\nAl\u00e8s le 27 f\u00e9vrier 2026\nLe sousipr\u00e9fet\nN\u00b0 d'insertion au RAA :\nVoies i recours:La pr\u00e9sente d\u00e9cision peut faire l'objet d'un recours administratif aupr\u00e8s de l'autorit\u00e9 qui l'a d\u00e9livr\u00e9e ou aupr\u00e8s dutribunal administratif de Nimes, dans un d\u00e9lai de deux mois \u00e0 compter de sa notification pour l'int\u00e9ress\u00e9 et de sapublication pour les tiers.\nSOUS-PREFECTURE d'ALES \u2014 3 boulevard Louis Blanc \u2014 - 30100 ALES \u2014 T\u00e9l.: 04.66.56.39.39 \u2014 www.gard.gouv.fr\nSous Pr\u00e9fecture d'Al\u00e8s - 30-2026-02-27-00005 - A-RENOUVEL-HABILITATION-26-02-58-DU-27-02-26-PF-FERNANDEZ-NIMES 91","date":"2026-02-27","first_seen_on":"2026-02-27T21:14:30+00:00","id":"95d8b5e5dc2d847b0329f3e442aaa45896288b4f9c6dd5d1a9593b66173fe95f","name":"recueil-30-2026-038-normal du 27 02 2026.","pdf_creation_date":"2026-02-27T16:16:57+00:00","pdf_modification_date":null,"timezone":"Europe/Paris","url":"https://www.gard.gouv.fr/contenu/telechargement/67104/493281/file/recueil-30-2026-038-normal%20du%2027%2002%202026.pdf"}
