{"administration":"pref03","administration_name":"Pr\u00e9fecture de l\u2019Allier","content":"ALLIER\nRECUEIL DES ACTES\nADMINISTRATIFS SP\u00c9CIAL\nN\u00b003-2025-170\nPUBLI\u00c9 LE  7 OCTOBRE 2025\nSommaire\n03_Pr\u00e9f_Pr\u00e9fecture de l'Allier / Direction de la Coordination des\nPolitiques Publique\n03-2025-10-06-00004 - Extrait de l'arr\u00eat\u00e9 n\u00b0 2174/2025 du 06 octobre\n2025 portant composition du comit\u00e9 local de coh\u00e9sion territoriale de\nl'Allier (2 pages) Page 3\n03-2025-10-06-00003 - Extrait de l'arr\u00eat\u00e9 n\u00b02173/2025 du 06 octobre\n2025 portant nomination des d\u00e9l\u00e9gu\u00e9s territoriaux adjoints de\nl'agence nationale de la coh\u00e9sion des territoires (ANCT) dans le\nd\u00e9partement de l'Allier (1 page) Page 6\n2\n03_Pr\u00e9f_Pr\u00e9fecture de l'Allier\n03-2025-10-06-00004\nExtrait de l'arr\u00eat\u00e9 n\u00b0 2174/2025 du 06 octobre\n2025 portant composition du comit\u00e9 local de\ncoh\u00e9sion territoriale de l'Allier\n03_Pr\u00e9f_Pr\u00e9fecture de l'Allier - 03-2025-10-06-00004 - Extrait de l'arr\u00eat\u00e9 n\u00b0 2174/2025 du 06 octobre 2025 portant composition du\ncomit\u00e9 local de coh\u00e9sion territoriale de l'Allier 3\nPREFETDEL'ALLIERLibert\u00e9Egalit\u00e9Fraternit\u00e9\nDirection d\u00e9partementale des territoires\nExtrait de l'arr\u00eat\u00e9 n\u00b0 2174/2025 du 06 octobre 2025\nportant composition du comit\u00e9 local\nde coh\u00e9sion territoriale de l'Allier\nArticle     1   -\u00a0L'arr\u00eat\u00e9\u00a0pr\u00e9fectoral\u00a0n\u00b0\u00a02569\u00a0bis/2024\u00a0du\u00a025\u00a0novembre\u00a02024\u00a0portant\u00a0modification\u00a0de\u00a0la\u00a0composition\u00a0du\ncomit\u00e9\u00a0local\u00a0de\u00a0coh\u00e9sion\u00a0territoriale\u00a0de\u00a0l'Allier\u00a0est\u00a0abrog\u00e9\u00a0et\u00a0remplac\u00e9\u00a0par\u00a0les\u00a0dispositions\u00a0suivantes.\nArticle     2     -\u00a0Il\u00a0est\u00a0cr\u00e9\u00e9,\u00a0dans\u00a0le\u00a0d\u00e9partement\u00a0de\u00a0l'Allier,\u00a0un\u00a0comit\u00e9\u00a0local\u00a0de\u00a0coh\u00e9sion\u00a0des\u00a0territoires\u00a0associant\u00a0des\nrepr\u00e9sentants\u00a0de\u00a0l'\u00c9tat\u00a0et\u00a0de\u00a0ses\u00a0\u00e9tablissements\u00a0publics\u00a0membres\u00a0du\u00a0comit\u00e9\u00a0national\u00a0de\u00a0coordination\u00a0de\u00a0l'agence\nnationale\u00a0de\u00a0la\u00a0coh\u00e9sion\u00a0des\u00a0territoires,\u00a0des\u00a0repr\u00e9sentants\u00a0des\u00a0collectivit\u00e9s\u00a0territoriales\u00a0et\u00a0des\u00a0repr\u00e9sentants\u00a0des\ninstitutions,\u00a0structures\u00a0ou\u00a0op\u00e9rateurs,\u00a0rattach\u00e9s\u00a0ou\u00a0non\u00a0\u00e0\u00a0une\u00a0collectivit\u00e9\u00a0territoriale,\u00a0intervenant\u00a0dans\u00a0le\u00a0champ\u00a0de\nl'ing\u00e9nierie\u00a0au\u00a0profit\u00a0des\u00a0collectivit\u00e9s\u00a0territoriales\u00a0et\u00a0de\u00a0leurs\u00a0groupements.\nArticle     3  \u00a0-\u00a0Le\u00a0comit\u00e9\u00a0local\u00a0de\u00a0coh\u00e9sion\u00a0territoriale\u00a0de\u00a0l'Allier\u00a0est\u00a0pr\u00e9sid\u00e9\u00a0par\u00a0le\u00a0pr\u00e9fet\u00a0du\u00a0d\u00e9partement\u00a0de\u00a0l'Allier,\nd\u00e9l\u00e9gu\u00e9\u00a0territorial\u00a0de\u00a0l'agence\u00a0nationale\u00a0de\u00a0la\u00a0coh\u00e9sion\u00a0des\u00a0territoires.\nIl\u00a0peut\u00a0\u00eatre\u00a0repr\u00e9sent\u00e9\u00a0par\u00a0le\u00a0secr\u00e9taire\u00a0g\u00e9n\u00e9ral\u00a0de\u00a0la\u00a0pr\u00e9fecture\u00a0de\u00a0l'Allier,\u00a0sous-pr\u00e9fet\u00a0de\u00a0l'arrondissement\u00a0de\nMoulins,\u00a0ou\u00a0le\u00a0directeur\u00a0d\u00e9partemental\u00a0des\u00a0territoires\u00a0de\u00a0l'Allier,\u00a0d\u00e9l\u00e9gu\u00e9s\u00a0territoriaux\u00a0adjoints\u00a0de\u00a0l'agence\nnationale\u00a0de\u00a0la\u00a0coh\u00e9sion\u00a0des\u00a0territoires\u00a0dans\u00a0le\u00a0d\u00e9partement\u00a0de\u00a0l'Allier.\nArticle     4  \u00a0-\u00a0Le\u00a0comit\u00e9\u00a0local\u00a0de\u00a0coh\u00e9sion\u00a0territoriale\u00a0de\u00a0l'Allier\u00a0est\u00a0compos\u00e9\u00a0des\u00a0membres\u00a0suivants\u00a0:\n1\u00a0\u2013\u00a0En\u00a0qualit\u00e9\u00a0de\u00a0repr\u00e9sentants\u00a0de\u00a0l'\u00a0 \u00a0\u00c9\u00a0\u00a0tat\u00a0et\u00a0de\u00a0ses\u00a0\u00e9tablissements\u00a0publics\u00a0membres\u00a0du\u00a0comit\u00e9\u00a0national\u00a0de\u00a0 \u00a0\ncoordination\u00a0de\u00a0l'agence\u00a0nationale\u00a0de\u00a0la\u00a0coh\u00e9sion\u00a0des\u00a0territoires\u00a0:\n\u25aa\u00a0le\u00a0sous-pr\u00e9fet\u00a0de\u00a0l'arrondissement\u00a0de\u00a0Moulins,\u00a0ou\u00a0son\u00a0repr\u00e9sentant,\n\u25aa\u00a0le\u00a0sous-pr\u00e9fet\u00a0de\u00a0l'arrondissement\u00a0de\u00a0Montlu\u00e7on,\u00a0ou\u00a0son\u00a0repr\u00e9sentant\n\u25aa\u00a0le\u00a0sous-pr\u00e9fet\u00a0de\u00a0l'arrondissement\u00a0de\u00a0Vichy,\u00a0ou\u00a0son\u00a0repr\u00e9sentant\n\u25aa\u00a0le\u00a0directeur\u00a0d\u00e9partemental\u00a0des\u00a0territoires,\u00a0ou\u00a0son\u00a0repr\u00e9sentant\n\u25aa\u00a0le\u00a0directeur\u00a0d\u00e9partemental\u00a0de\u00a0l'emploi,\u00a0du\u00a0travail,\u00a0des\u00a0solidarit\u00e9s\u00a0et\u00a0de\u00a0la\u00a0protection\u00a0des\u00a0populations\u00a0de\n\u00a0\u00a0l'Allier,\u00a0ou\u00a0son\u00a0repr\u00e9sentant\n\u25aa\u00a0le\u00a0directeur\u00a0d\u00e9partemental\u00a0des\u00a0finances\u00a0publiques\u00a0de\u00a0l'Allier,\u00a0ou\u00a0son\u00a0repr\u00e9sentant\n\u25aa\u00a0le\u00a0chef\u00a0du\u00a0service\u00a0d\u00e9partemental\u00a0de\u00a0l'architecture\u00a0et\u00a0du\u00a0patrimoine\u00a0de\u00a0l'Allier,\u00a0ou\u00a0son\u00a0repr\u00e9sentant\n\u25aa\u00a0le\u00a0d\u00e9l\u00e9gu\u00e9\u00a0territorial\u00a0adjoint\u00a0de\u00a0l'agence\u00a0nationale\u00a0pour\u00a0la\u00a0r\u00e9novation\u00a0urbaine\u00a0et\u00a0de\u00a0l'agence\u00a0nationale\n\u00a0\u00a0de\u00a0l'habitat,\u00a0ou\u00a0son\u00a0repr\u00e9sentant\n\u25aa\u00a0la\u00a0directrice\u00a0r\u00e9gionale\u00a0d\u00e9l\u00e9gu\u00e9e\u00a0de\u00a0l'agence\u00a0de\u00a0l'environnement\u00a0et\u00a0de\u00a0la\u00a0ma\u00eetrise\u00a0de\u00a0l'\u00e9nergie\n\u00a0\u00a0Auvergne-Rh\u00f4ne-Alpes,\u00a0ou\u00a0son\u00a0repr\u00e9sentant\n\u25aa\u00a0le\u00a0directeur\u00a0territorial\u00a0de\u00a0la\u00a0banque\u00a0des\u00a0territoires,\u00a0ou\u00a0son\u00a0repr\u00e9sentant\n\u25aa\u00a0la\u00a0directrice\u00a0territoriale\u00a0du\u00a0centre\u00a0d'\u00e9tudes\u00a0et\u00a0d'expertise\u00a0sur\u00a0les\u00a0risques,\u00a0l'environnement,\u00a0la\u00a0mobilit\u00e9\n\u00a0\u00a0et\u00a0l'am\u00e9nagement\u00a0Centre-Est,\u00a0ou\u00a0son\u00a0repr\u00e9sentant\n\u25aa\u00a0le\u00a0directeur\u00a0territorial\u00a0de\u00a0la\u00a0banque\u00a0des\u00a0territoires,\u00a0ou\u00a0son\u00a0repr\u00e9sentant\n\u25aa\u00a0les\u00a0charg\u00e9s\u00a0de\u00a0mission\u00a0ANCT\u00a0Auvergne-Rh\u00f4ne-Alpes.\n2\u00a0\u2013\u00a0En\u00a0qualit\u00e9\u00a0de\u00a0repr\u00e9sentants\u00a0des\u00a0collectivit\u00e9s\u00a0territoriales\u00a0et\u00a0de\u00a0leurs\u00a0\u00e9tablissements\u00a0publics\u00a0:\n\u25aa\u00a0le\u00a0pr\u00e9sident\u00a0du\u00a0conseil\u00a0r\u00e9gional\u00a0Auvergne-Rh\u00f4ne-Alpes,\u00a0ou\u00a0son\u00a0repr\u00e9sentant\n\u25aa\u00a0le\u00a0pr\u00e9sident\u00a0du\u00a0conseil\u00a0d\u00e9partemental\u00a0de\u00a0l'Allier,\u00a0ou\u00a0son\u00a0repr\u00e9sentant\n\u25aa\u00a0le\u00a0pr\u00e9sident\u00a0de\u00a0Moulins\u00a0communaut\u00e9,\u00a0ou\u00a0son\u00a0repr\u00e9sentant\n\u25aa\u00a0le\u00a0pr\u00e9sident\u00a0de\u00a0Montlu\u00e7on\u00a0communaut\u00e9,\u00a0ou\u00a0son\u00a0repr\u00e9sentant\n\u25aa\u00a0le\u00a0pr\u00e9sident\u00a0de\u00a0Vichy\u00a0communaut\u00e9,\u00a0ou\u00a0son\u00a0repr\u00e9sentant\n\u25aa\u00a0le\u00a0pr\u00e9sident\u00a0de\u00a0la\u00a0communaut\u00e9\u00a0de\u00a0communes\u00a0du\u00a0Pays\u00a0de\u00a0Lapalisse,\u00a0ou\u00a0son\u00a0repr\u00e9sentant\n\u25aa\u00a0le\u00a0pr\u00e9sident\u00a0de\u00a0la\u00a0communaut\u00e9\u00a0de\u00a0communes\u00a0du\u00a0Bocage\u00a0Bourbonnais,\u00a0ou\u00a0son\u00a0repr\u00e9sentant\n\u25aa\u00a0le\u00a0pr\u00e9sident\u00a0de\u00a0la\u00a0communaut\u00e9\u00a0de\u00a0communes\u00a0du\u00a0Val\u00a0de\u00a0Cher,\u00a0ou\u00a0son\u00a0repr\u00e9sentant\n1/2\n03_Pr\u00e9f_Pr\u00e9fecture de l'Allier - 03-2025-10-06-00004 - Extrait de l'arr\u00eat\u00e9 n\u00b0 2174/2025 du 06 octobre 2025 portant composition du\ncomit\u00e9 local de coh\u00e9sion territoriale de l'Allier 4\n\u25aa\u00a0le\u00a0pr\u00e9sident\u00a0de\u00a0la\u00a0communaut\u00e9\u00a0de\u00a0communes\u00a0Entr'Allier\u00a0Besbre\u00a0et\u00a0Loire,\u00a0ou\u00a0son\u00a0repr\u00e9sentant\n\u25aa\u00a0la\u00a0pr\u00e9sidente\u00a0de\u00a0la\u00a0communaut\u00e9\u00a0de\u00a0communes\u00a0Saint-Pour\u00e7ain\u00a0Sioule\u00a0Limagne,\u00a0ou\u00a0son\u00a0repr\u00e9sentant\n\u25aa\u00a0le\u00a0pr\u00e9sident\u00a0de\u00a0la\u00a0communaut\u00e9\u00a0de\u00a0communes\u00a0Commentry\u00a0Montmarault\u00a0N\u00e9ris\u00a0Communaut\u00e9,\u00a0ou\u00a0son\u00a0repr\u00e9sentant\n\u25aa\u00a0le\u00a0pr\u00e9sident\u00a0de\u00a0la\u00a0communaut\u00e9\u00a0de\u00a0communes\u00a0du\u00a0Pays\u00a0d'Huriel,\u00a0ou\u00a0son\u00a0repr\u00e9sentant\n\u25aa\u00a0le\u00a0pr\u00e9sident\u00a0de\u00a0la\u00a0communaut\u00e9\u00a0de\u00a0communes\u00a0du\u00a0Pays\u00a0de\u00a0Tron\u00e7ais,\u00a0ou\u00a0son\u00a0repr\u00e9sentant\n\u25aa\u00a0la\u00a0pr\u00e9sidente\u00a0de\u00a0l'association\u00a0des\u00a0maires\u00a0et\u00a0des\u00a0pr\u00e9sidents\u00a0d'intercommunalit\u00e9\u00a0de\u00a0l'Allier,\u00a0ou\u00a0son\u00a0repr\u00e9sentant\n\u25aa\u00a0le\u00a0pr\u00e9sident\u00a0de\u00a0l'association\u00a0des\u00a0maires\u00a0ruraux\u00a0de\u00a0l'Allier,\u00a0ou\u00a0son\u00a0repr\u00e9sentant\n\u25aa\u00a0les\u00a0repr\u00e9sentants\u00a0des\u00a0communes,\u00a0membres\u00a0de\u00a0la\u00a0commission\u00a0d\u00e9partementale\u00a0charg\u00e9e\u00a0de\u00a0statuer\u00a0sur\u00a0les\ncat\u00e9gories\u00a0de\u00a0rubriques\u00a0\u00e9ligibles\u00a0pour\u00a0la\u00a0r\u00e9partition\u00a0des\u00a0cr\u00e9dits\u00a0de\u00a0la\u00a0dotation\u00a0d'\u00e9quipement\u00a0des\u00a0territoires\u00a0ruraux\n(DETR)\u00a0:\n\u00a0M.\u00a0le\u00a0maire\u00a0de\u00a0\u25bb C\u00e9rilly,\u00a0ou\u00a0son\u00a0repr\u00e9sentant\n\u00a0M.\u00a0le\u00a0maire\u00a0de\u00a0Saint-G\u00e9rand-le-Puy,\u00a0ou\u00a0son\u00a0repr\u00e9sentant\u25bb\n\u00a0M.\u00a0le\u00a0maire\u00a0de\u00a0Quinssaines,\u00a0ou\u00a0son\u00a0repr\u00e9sentant\u25bb\n\u00a0M.\u00a0le\u00a0maire\u00a0de\u00a0Montaigu-le-Blin,\u00a0ou\u00a0son\u00a0repr\u00e9sentant\u25bb\n\u00a0M.\u00a0le\u00a0maire\u00a0de\u00a0Meillard,\u00a0ou\u00a0son\u00a0repr\u00e9sentant\u25bb\n3\u00a0\u2013\u00a0En\u00a0qualit\u00e9\u00a0de\u00a0repr\u00e9sentants\u00a0des\u00a0institutions,\u00a0structures\u00a0ou\u00a0op\u00e9rateurs,\u00a0rattach\u00e9s\u00a0ou\u00a0non\u00a0\u00e0\u00a0une\u00a0collectivit\u00e9\nterritoriale,\u00a0intervenant\u00a0dans\u00a0le\u00a0champ\u00a0de\u00a0l'ing\u00e9nierie\u00a0au\u00a0profit\u00a0des\u00a0collectivit\u00e9s\u00a0territoriales\u00a0et\u00a0de\u00a0leurs\ngroupements\u00a0:\n\u25aa\u00a0le\u00a0pr\u00e9sident\u00a0de\u00a0la\u00a0chambre\u00a0de\u00a0commerce\u00a0et\u00a0d'industrie\u00a0de\u00a0l'Allier,\u00a0ou\u00a0son\u00a0repr\u00e9sentant\n\u25aa\u00a0la\u00a0pr\u00e9sidente\u00a0de\u00a0la\u00a0chambre\u00a0de\u00a0m\u00e9tiers\u00a0et\u00a0de\u00a0l'artisanat\u00a0de\u00a0l'Allier,\u00a0ou\u00a0son\u00a0repr\u00e9sentant\n\u25aa\u00a0le\u00a0pr\u00e9sident\u00a0de\u00a0la\u00a0chambre\u00a0d'agriculture\u00a0de\u00a0l'Allier,\u00a0ou\u00a0son\u00a0repr\u00e9sentant\n\u25aa\u00a0le\u00a0pr\u00e9sident\u00a0du\u00a0conseil\u00a0d'architecture,\u00a0d'urbanisme\u00a0et\u00a0de\u00a0l'environnement\u00a0de\u00a0l'Allier,\u00a0ou\u00a0son\u00a0repr\u00e9sentant\n\u25aa\u00a0le\u00a0pr\u00e9sident\u00a0de\u00a0l'agence\u00a0Allier\u00a0bourbonnais\u00a0territoires,\u00a0ou\u00a0son\u00a0repr\u00e9sentant\n\u25aa\u00a0le\u00a0pr\u00e9sident\u00a0de\u00a0l'\u00e9tablissement\u00a0public\u00a0foncier\u00a0d'Auvergne,\u00a0ou\u00a0son\u00a0repr\u00e9sentant\n\u25aa\u00a0le\u00a0directeur\u00a0g\u00e9n\u00e9ral\u00a0de\u00a0l'agence\u00a0France\u00a0locale,\u00a0ou\u00a0son\u00a0repr\u00e9sentant.\n4\u00a0\u2013\u00a0En\u00a0qualit\u00e9\u00a0de\u00a0parlementaires\u00a0:\n\u25aa\u00a0les\u00a0deux\u00a0s\u00e9nateurs\u00a0de\u00a0l'Allier,\u00a0ou\u00a0leur\u00a0repr\u00e9sentant\n\u25aa\u00a0les\u00a0trois\u00a0d\u00e9put\u00e9s\u00a0de\u00a0l'Allier,\u00a0ou\u00a0leur\u00a0repr\u00e9sentant\nLe\u00a0comit\u00e9\u00a0local\u00a0de\u00a0coh\u00e9sion\u00a0territoriale\u00a0de\u00a0l'Allier\u00a0peut\u00a0\u00e9galement\u00a0associer\u00a0toute\u00a0personne\u00a0qualifi\u00e9e\u00a0dont\u00a0l'expertise\nest\u00a0n\u00e9cessaire\u00a0\u00e0\u00a0l'examen\u00a0de\u00a0sujets\u00a0inscrits\u00a0\u00e0\u00a0l'ordre\u00a0du\u00a0jour.\nLe\u00a0secr\u00e9tariat\u00a0du\u00a0comit\u00e9\u00a0local\u00a0de\u00a0coh\u00e9sion\u00a0territoriale\u00a0de\u00a0l'Allier\u00a0est\u00a0assur\u00e9\u00a0par\u00a0la\u00a0direction\u00a0d\u00e9partementale\u00a0des\nterritoires\u00a0de\u00a0l'Allier.\nArticle     5     -\u00a0Le\u00a0comit\u00e9\u00a0local\u00a0de\u00a0coh\u00e9sion\u00a0territoriale\u00a0de\u00a0l'Allier\u00a0a\u00a0un\u00a0r\u00f4le\u00a0d'orientation\u00a0des\u00a0travaux\u00a0de\u00a0l'agence\u00a0dans\u00a0le\nd\u00e9partement.\u00a0Il\u00a0d\u00e9finit\u00a0ainsi,\u00a0dans\u00a0une\u00a0feuille\u00a0de\u00a0route,\u00a0la\u00a0mani\u00e8re\u00a0dont\u00a0les\u00a0orientations\u00a0nationales\u00a0de\u00a0l'agence\nnationale\u00a0de\u00a0la\u00a0coh\u00e9sion\u00a0territoriale\u00a0sont\u00a0d\u00e9clin\u00e9es\u00a0dans\u00a0le\u00a0d\u00e9partement\u00a0de\u00a0l'Allier.\nIl\u00a0identifie,\u00a0par\u00a0ailleurs,\u00a0les\u00a0ressources\u00a0en\u00a0ing\u00e9nierie\u00a0mobilisables\u00a0localement\u00a0et\u00a0la\u00a0coordination\u00a0entre\u00a0les\u00a0diff\u00e9rentes\nparties\u00a0prenantes\u00a0du\u00a0territoire\u00a0afin\u00a0que\u00a0chacun\u00a0agisse\u00a0de\u00a0fa\u00e7on\u00a0compl\u00e9mentaire\u00a0et\u00a0pour\u00a0que\u00a0l'ensemble\u00a0des\nbesoins\u00a0en\u00a0ing\u00e9nierie\u00a0soient\u00a0couverts.\nLe\u00a0comit\u00e9\u00a0local\u00a0de\u00a0coh\u00e9sion\u00a0territoriale\u00a0de\u00a0l'Allier\u00a0informe\u00a0ses\u00a0membres\u00a0sur\u00a0l'action\u00a0de\u00a0l'agence\u00a0et\u00a0le\u00a0bilan\u00a0de\u00a0son\naction\u00a0aux\u00a0niveaux\u00a0local\u00a0et\u00a0national.\nArticle     6   -\u00a0Le\u00a0secr\u00e9taire\u00a0g\u00e9n\u00e9ral\u00a0de\u00a0la\u00a0pr\u00e9fecture\u00a0de\u00a0l'Allier,\u00a0sous-pr\u00e9fet\u00a0de\u00a0l'arrondissement\u00a0de\u00a0Moulins,\u00a0le\u00a0sous-\npr\u00e9fet\u00a0de\u00a0l'arrondissement\u00a0de\u00a0Montlu\u00e7on,\u00a0le\u00a0sous-pr\u00e9fet\u00a0de\u00a0l'arrondissement\u00a0de\u00a0Vichy,\u00a0et\u00a0le\u00a0directeur\nd\u00e9partemental\u00a0des\u00a0territoires\u00a0de\u00a0l'Allier\u00a0sont\u00a0charg\u00e9s,\u00a0chacun\u00a0en\u00a0ce\u00a0qui\u00a0le\u00a0concerne,\u00a0de\u00a0l'ex\u00e9cution\u00a0du\u00a0pr\u00e9sent\narr\u00eat\u00e9\u00a0qui\u00a0sera\u00a0publi\u00e9\u00a0au\u00a0recueil\u00a0des\u00a0actes\u00a0administratifs\u00a0de\u00a0la\u00a0pr\u00e9fecture\u00a0de\u00a0l'Allier.\nLe\u00a0Pr\u00e9fet\nSign\u00e9\nChristophe\u00a0NO\u00cbL\u00a0du\u00a0PAYRAT\n2/2\n03_Pr\u00e9f_Pr\u00e9fecture de l'Allier - 03-2025-10-06-00004 - Extrait de l'arr\u00eat\u00e9 n\u00b0 2174/2025 du 06 octobre 2025 portant composition du\ncomit\u00e9 local de coh\u00e9sion territoriale de l'Allier 5\n03_Pr\u00e9f_Pr\u00e9fecture de l'Allier\n03-2025-10-06-00003\nExtrait de l'arr\u00eat\u00e9 n\u00b02173/2025 du 06 octobre\n2025 portant nomination des d\u00e9l\u00e9gu\u00e9s\nterritoriaux adjoints de l'agence nationale de la\ncoh\u00e9sion des territoires (ANCT) dans le\nd\u00e9partement de l'Allier\n03_Pr\u00e9f_Pr\u00e9fecture de l'Allier - 03-2025-10-06-00003 - Extrait de l'arr\u00eat\u00e9 n\u00b02173/2025 du 06 octobre 2025 portant nomination des\nd\u00e9l\u00e9gu\u00e9s territoriaux adjoints de l'agence nationale de la coh\u00e9sion des territoires (ANCT) dans le d\u00e9partement de l'Allier 6\nPREFETDE L'ALLIERLibert\u00e9Egalit\u00e9Fraternit\u00e9\nDirection d\u00e9partementale des territoires\nExtrait de l'arr\u00eat\u00e9 n\u00b0 2173/2025 du 06 octobre 2025\nportant nomination des d\u00e9l\u00e9gu\u00e9s territoriaux adjoints\nde l'agence nationale de la coh\u00e9sion des territoires (ANCT)\ndans le d\u00e9partement de l'Allier\nArticle     1     -\u00a0Sont\u00a0nomm\u00e9s\u00a0d\u00e9l\u00e9gu\u00e9s\u00a0territoriaux\u00a0adjoints\u00a0de\u00a0l'agence\u00a0nationale\u00a0de\u00a0la\u00a0coh\u00e9sion\u00a0des\u00a0territoires\u00a0dans\nle\u00a0d\u00e9partement\u00a0de\u00a0l'Allier\u00a0:\n-\u00a0M. Olivier\u00a0MAUREL,\u00a0secr\u00e9taire\u00a0g\u00e9n\u00e9ral\u00a0de\u00a0la\u00a0pr\u00e9fecture\u00a0de\u00a0l'Allier,\u00a0sous-pr\u00e9fet\u00a0de\u00a0Moulins,\n-\u00a0M. Nicolas\u00a0HARDOUIN,\u00a0directeur\u00a0d\u00e9partemental\u00a0des\u00a0territoires\u00a0de\u00a0l'Allier.\nArticle     2  -\u00a0D\u00e9l\u00e9gation\u00a0de\u00a0signature\u00a0est\u00a0donn\u00e9e\u00a0\u00e0\u00a0M. Olivier MAUREL,\u00a0secr\u00e9taire\u00a0g\u00e9n\u00e9ral\u00a0de\u00a0la\u00a0pr\u00e9fecture\u00a0de\nl'Allier,\u00a0sous-pr\u00e9fet\u00a0de\u00a0Moulins,\u00a0et\u00a0\u00e0\u00a0M. Nicolas HARDOUIN,\u00a0directeur\u00a0d\u00e9partemental\u00a0des\u00a0territoires\u00a0de\u00a0l'Allier,\u00a0en\nleur\u00a0qualit\u00e9\u00a0de\u00a0d\u00e9l\u00e9gu\u00e9s\u00a0territoriaux\u00a0adjoints\u00a0de\u00a0l'ANCT\u00a0dans\u00a0le\u00a0d\u00e9partement\u00a0de\u00a0l'Allier,\u00a0\u00e0\u00a0l'effet\u00a0de\u00a0:\n-\u00a0pr\u00e9sider,\u00a0le\u00a0cas\u00a0\u00e9ch\u00e9ant,\u00a0le\u00a0comit\u00e9\u00a0local\u00a0de\u00a0coh\u00e9sion\u00a0territoriale\u00a0de\u00a0l'Allier\u00a0;\n-\u00a0mobiliser\u00a0l'ing\u00e9nierie\u00a0disponible\u00a0et\u00a0solliciter\u00a0des\u00a0expertises\u00a0compl\u00e9mentaires\u00a0si\u00a0n\u00e9cessaire,\u00a0via\u00a0un\u00a0appui\u00a0renforc\u00e9\n\u00a0\u00a0de\u00a0l'ANCT\u00a0au\u00a0niveau\u00a0national\u00a0;\n-\u00a0qualifier\u00a0les\u00a0projets\u00a0locaux\u00a0qui\u00a0seront\u00a0accompagn\u00e9s\u00a0par\u00a0l'ANCT\u00a0;\n-\u00a0engager\u00a0les\u00a0moyens\u00a0financiers\u00a0et\u00a0les\u00a0ressources\u00a0humaines\u00a0\u00e0\u00a0mobiliser\u00a0pour\u00a0accompagner\u00a0les\u00a0projets\u00a0qualifi\u00e9s\u00a0;\n-\u00a0d\u00e9signer\u00a0les\u00a0r\u00e9f\u00e9rents-projet\u00a0ANCT\u00a0et\u00a0animer\u00a0leur\u00a0r\u00e9seau\u00a0;\n-\u00a0animer\u00a0la\u00a0prospection\u00a0et\u00a0la\u00a0revue\u00a0des\u00a0projets\u00a0au\u00a0niveau\u00a0d\u00e9partemental.\nArticle     3  \u00a0-\u00a0L'arr\u00eat\u00e9\u00a0pr\u00e9fectoral\u00a0n\u00b0\u00a0111/2024\u00a0du\u00a018\u00a0janvier\u00a02024\u00a0portant\u00a0nomination\u00a0des\u00a0d\u00e9l\u00e9gu\u00e9s\u00a0territoriaux\nadjoints\u00a0de\u00a0l'agence\u00a0nationale\u00a0de\u00a0la\u00a0coh\u00e9sion\u00a0des\u00a0territoires\u00a0dans\u00a0le\u00a0d\u00e9partement\u00a0de\u00a0l'Allier\u00a0est\u00a0abrog\u00e9.\nArticle     4   -\u00a0Le\u00a0secr\u00e9taire\u00a0g\u00e9n\u00e9ral\u00a0de\u00a0la\u00a0pr\u00e9fecture\u00a0de\u00a0l'Allier\u00a0et\u00a0le\u00a0directeur\u00a0d\u00e9partemental\u00a0des\u00a0territoires\u00a0de\u00a0l'Allier\nsont\u00a0charg\u00e9s,\u00a0chacun\u00a0en\u00a0ce\u00a0qui\u00a0le\u00a0concerne,\u00a0de\u00a0l'ex\u00e9cution\u00a0du\u00a0pr\u00e9sent\u00a0arr\u00eat\u00e9\u00a0qui\u00a0sera\u00a0publi\u00e9\u00a0au\u00a0recueil\u00a0des\u00a0actes\nadministratifs\u00a0de\u00a0la\u00a0pr\u00e9fecture\u00a0de\u00a0l'Allier.\nLe\u00a0Pr\u00e9fet\nSign\u00e9\nChristophe \u00a0NO\u00cbL\u00a0du\u00a0PAYRAT\n1/1\n03_Pr\u00e9f_Pr\u00e9fecture de l'Allier - 03-2025-10-06-00003 - Extrait de l'arr\u00eat\u00e9 n\u00b02173/2025 du 06 octobre 2025 portant nomination des\nd\u00e9l\u00e9gu\u00e9s territoriaux adjoints de l'agence nationale de la coh\u00e9sion des territoires (ANCT) dans le d\u00e9partement de l'Allier 7","date":"2025-10-07","first_seen_on":"2025-10-07T16:04:57+00:00","id":"95f0232cc76bad088cf0e278d79c7e98ed865a2107b4935713929fcf1ad45611","name":"recueil nr sp\u00e9cial - \u00e9dit\u00e9 le 07 octobre 2025","pdf_creation_date":"2025-10-07T14:41:52+00:00","pdf_modification_date":null,"timezone":"Europe/Paris","url":"https://www.allier.gouv.fr/contenu/telechargement/18757/127882/file/recueil-03-2025-170-recueil-des-actes-administratifs-special.pdf"}
