{"administration":"prefidf","administration_name":"Pr\u00e9fecture de la r\u00e9gion \u00cele-de-France","content":"PREFECTURE\nREGION ILE DE\nFRANCE\nRECUEIL DES ACTES\nADMINISTRATIFS SP\u00c9CIAL\n(NOMINATIFS)\nN\u00b0IDF-034-2025-05\nPUBLI\u00c9 LE 21 MAI 2025\nSommaire\nAgence R\u00e9gionale de Sant\u00e9 / Direction de la D\u00e9mocratie en Sant\u00e9 et\nde la Communication-D\u00e9mocratie Sanitaire\nIDF-2025-05-16-00011 - Arr\u00eat\u00e9 modificatif n\u00b0 2025/16\nportant\ncomposition du Conseil Territorial de Sant\u00e9 du Val-de-Marne  \n (7\npages) Page 3\nMission nationale de contr\u00f4le et d'audit des organismes de s\u00e9curit\u00e9\nsociale  / Antenne Paris\nIDF-2025-05-21-00001 - Arr\u00eat\u00e9 modificatif du 21 mai 2025 - ADP CA\nCAF de Seine - Saint - Denis - portant modification de la composition du\nconseil d'administration de la Caisse d'Allocations Familiales de\nSeine-Saint-Denis (2 pages) Page 11\n2\nAgence R\u00e9gionale de Sant\u00e9\nIDF-2025-05-16-00011\nArr\u00eat\u00e9 modificatif n\u00b0 2025/16\nportant composition du Conseil Territorial de\nSant\u00e9 du Val-de-Marne  \nAgence R\u00e9gionale de Sant\u00e9 - IDF-2025-05-16-00011 - Arr\u00eat\u00e9 modificatif n\u00b0 2025/16\nportant composition du Conseil Territorial de Sant\u00e9 du Val-de-Marne  3\nREPUBLIQUEFRANCAISELibert\u00e9Egalit\u00e9Fraternit\u00e9 Al\u00a9 D Agence R\u00e9gionale de Sant\u00e9Ile-de-France\nPage 1 sur 7 \n \n                                                                                                         \n  \n                                                                                                                  \n \n \nAGENCE R\u00c9GIONALE DE SANT\u00c9 \u00ceLE-DE-FRANCE  \nARR\u00caT\u00c9 MODIFICATIF N\u00b0 2025/16 \nportant composition du Conseil Territorial de Sant\u00e9 du Val-de-Marne   \nLE DIRECTEUR G\u00c9N\u00c9RAL DE L'AGENCE R\u00c9GIONALE DE SANT\u00c9 \u00ceLE-DE-FRANCE  \n VU    le Code de la sant\u00e9 publique, notamment ses articles L. 1434-9, L. 1434-10, L. 1434-11 et R.1434-\n33 ;  \n  \nVU    la loi n\u00b02009-879 du 21 juillet 2009 portant r\u00e9forme de l'h\u00f4pital et relative aux patients, \u00e0 la sant\u00e9 et \naux territoires ;  \nVU    la loi n\u00b02016-41 du 26 janvier 2016 de modernisation de notre syst\u00e8me de sant\u00e9, notamment l'article \nL.1434-11 de la section 3 de son article 158 ;  \nVU       l'article 19 de la loi n\u00b02019-774 du 24 juillet 2019 portant modification de l'article L1434-10 du code \nde la sant\u00e9 publique  \nVU    le d\u00e9cret n\u00b02010-336 du 31 mars 2010 portant cr\u00e9ation des Agences r\u00e9gionales de sant\u00e9 et le d\u00e9cret \nn\u00b02010-348 du 31 mars 2010 relatif \u00e0 la conf\u00e9rence r\u00e9gionale de la sant\u00e9 et de l'autonomie ;   \nVU    le d\u00e9cret n\u00b02016 -1024 du 26 juillet 2016 relatif aux territoires de d\u00e9mocratie sanitaire, aux zones \ndes sch\u00e9mas r\u00e9gionaux de sant\u00e9 et aux conseils territoriaux de sant\u00e9 ;  \nVU    l'arr\u00eat\u00e9 du 3 ao\u00fbt 2016 relatif \u00e0 la composition du conseil territorial de sant\u00e9 ;  \nVU    l'arr\u00eat\u00e9 n\u00b016-1224 relatif \u00e0 la d\u00e9limitation du p\u00e9rim\u00e8tre des territoires de d\u00e9mocratie sanitaire de la \nR\u00e9gion \u00cele-de-France du 18 octobre 2016 ;  \n  \nVU    le d\u00e9cret du 10 avril 2024  portant nomination d e Monsieur Denis ROBIN  Directeur g\u00e9n\u00e9ral de \nl'Agence r\u00e9gionale de sant\u00e9 \u00cele-de-France, \u00e0 compter du 29 avril 2024 ;  \nVU    les r\u00e9ponses aux appels \u00e0 candidature organis\u00e9s en application des dispositions de l'article R.1434-\n33 du d\u00e9cret n\u00b0 2016-1024 susvis\u00e9 ;  \n  \nVU    les d\u00e9cisions ou propositions transmises par les organismes concern\u00e9s ;  \n \nVU    l'arr\u00eat\u00e9 n\u00b0 2022/45 du 14 juin 2022 fixant la liste des membres du Conseil Territorial de Sant\u00e9 du \nVal-de-Marne ; \n  \nVU    l'arr\u00eat\u00e9 n\u00b0 2022/51 du 21 juin 2022 fixant la liste des membres du Conseil Territorial de Sant\u00e9 du \nVal-de-Marne ; \n \nVU    l'arr\u00eat\u00e9 n\u00b0 2022/67 du 26 septembre 2022 fixant la liste des membres du Conseil Territorial de Sant\u00e9 \ndu Val-de-Marne ; \n \nAgence R\u00e9gionale de Sant\u00e9 - IDF-2025-05-16-00011 - Arr\u00eat\u00e9 modificatif n\u00b0 2025/16\nportant composition du Conseil Territorial de Sant\u00e9 du Val-de-Marne  4\nsig\nPage 2 sur 7 \n \nVU    la d\u00e9signation de Madame Laurence GARO, suppl\u00e9ante a u titre des repr\u00e9sentants des personnes \nmorales gestionnaires de la FHF ; \n \nVU    la d\u00e9signation de Madame Axelle FRUCTUS, suppl\u00e9ante au titre des repr\u00e9sentants des personnes \nmorales gestionnaires des services et \u00e9tablissements sociaux et m\u00e9dico-sociaux de la FHF ; \n  \nVU    la d\u00e9signation de Monsieur S\u00e9bastien MARTIN, titulaire au titre des autres professionnels de sant\u00e9 \n(URPS) de l'AIUF ;  \n \nVU    la d\u00e9signation de Monsieur Olivier DOSNE, titulaire au titre des conseillers r\u00e9gionaux du Conseil \nR\u00e9gional IDF ;  \n  \n VU    la d\u00e9signation de Monsieur S\u00e9bastien EYCHENNE, suppl\u00e9ant au titre des conseillers r\u00e9gionaux \ndu Conseil R\u00e9gional IDF ;  \n \nVU    la d\u00e9signation du Docteur Renaud SEVERAC-BASTIDE, suppl\u00e9ant au titre des repr\u00e9sentants des \norganismes de S\u00e9curit\u00e9 Sociale de la DRSM IDF ;  \n \nVU    la d\u00e9signation de Monsieur Andrew CANVA, suppl\u00e9ant au titre des organismes \u0153uvrant dans les \ndomaines de la promotion de la sant\u00e9 et de la pr\u00e9vention ou en faveur de l'environnement et de la lutte \ncontre la pr\u00e9carit\u00e9. \n \nARR\u00caTE \n \nARTICLE 1er : \n \nARTICLE 2 :  \n    \n  \nLa composition du Conseil Territorial de Sant\u00e9 du Val -de-Marne est d\u00e9sormais fix\u00e9e \ncomme figurant en annexe. \n \n \nLes dispositions du pr\u00e9sent arr\u00eat\u00e9 sont applicables \u00e0 compter de la date de sa notification \nau Conseil Territorial de Sant\u00e9.  \nARTICLE 3 :  \n    \n  \nUn recours contentieux contre le pr\u00e9sent arr\u00eat\u00e9 peut \u00eatre form\u00e9 aupr\u00e8s du Tribunal \nadministratif comp\u00e9tent. Le d\u00e9lai de recours est de deux mois \u00e0 compter de la date de la \nnotification de l'arr\u00eat\u00e9 pour les int\u00e9ress\u00e9s ou de sa publication pour les tiers.  \nARTICLE 4 :  \n  \n   \nLe Directeur de la D\u00e9l\u00e9gation d\u00e9partementale du Val -de-Marne et l a Directrice de la \nd\u00e9mocratie en sant\u00e9 et de la communication de l'ARS \u00cele -de-France son t charg\u00e9 s de \nl'ex\u00e9cution du pr\u00e9sent arr\u00eat\u00e9, qui sera publi\u00e9 au Recueil des actes administratifs de la \npr\u00e9fecture de r\u00e9gion.  \nFait \u00e0 Saint-Denis, le 16 mai \n2025 \n \nLe Directeur g\u00e9n\u00e9ral  \nde l'Agence r\u00e9gionale de sant\u00e9 \n\u00cele-de-France  \n \n \nSophie Martinon \n \n    \nAgence R\u00e9gionale de Sant\u00e9 - IDF-2025-05-16-00011 - Arr\u00eat\u00e9 modificatif n\u00b0 2025/16\nportant composition du Conseil Territorial de Sant\u00e9 du Val-de-Marne  5\nPage 3 sur 7 \n \n \nANNEXE \n \n \nComposition du Conseil Territorial de Sant\u00e9 du Val-de-Marne  \n  \n \n1. Pour le coll\u00e8ge des professionnels et offreurs des services de sant\u00e9 :  \n  \n \n\uf0f0 a) Pour les repr\u00e9sentants des \u00e9tablissements de sant\u00e9 :  \n  \nAu titre des repr\u00e9sentants des personnes morales gestionnaires :  \n  \nTitulaires  Suppl\u00e9ants  \n Madame Galat\u00e9e COSSET DESPLANQUES \n(FEHAP)  \nMadame Nathalie PEYNEGRE  \n(FHF)  \nMadame Laurence GARO  \n(FHF)  \nMonsieur Denis DUCASSE  \n(APHP)  \nMadame Sabrina LOPEZ  \n(APHP)  \n  \n \nAu titre des pr\u00e9sidents de commission m\u00e9dicale ou de conf\u00e9rence m\u00e9dicale \nd'\u00e9tablissement :  \n  \nTitulaires  Suppl\u00e9ants  \nDocteur Renaud PEQUIGNOT  \n(FHF)  \n \nDocteur Thierry COHEN  \n(FHF)   \nProfesseur Jacques DURANTEAU  \n(AP-HP)  \n \nDocteur Jean-Philippe DAVID  \n(AP-HP)  \n  \n \n\uf0f0 b) Pour les repr\u00e9sentants des personnes morales gestionnaires des services et \n\u00e9tablissements sociaux et m\u00e9dico-sociaux :  \n  \nTitulaires  Suppl\u00e9ants  \nMadame Cindy CHEMAMA  \n(FHF)  \n \nMadame Axelle FRUCTUS  \n(FHF) \nMadame Chainese RADJATI  \n(SYNERPA)  \n \n Madame Cecile DELPECH  \n(FEHAP) \nMonsieur Fr\u00e9d\u00e9ric CATHOU  \n(URIOPSS IDF)  \nMadame Emilie LANCEREAU  \n(URIOPSS IDF)  \n  \n \n \n  \nAgence R\u00e9gionale de Sant\u00e9 - IDF-2025-05-16-00011 - Arr\u00eat\u00e9 modificatif n\u00b0 2025/16\nportant composition du Conseil Territorial de Sant\u00e9 du Val-de-Marne  6\nPage 4 sur 7 \n \n \n\uf0f0 c) Pour les repr\u00e9sentants des organismes \u0153uvrant dans les domaines de la promotion de la  \nsant\u00e9 et de la pr\u00e9vention ou en faveur de l'environnement et de la lutte contre la pr\u00e9carit\u00e9 :  \n  \nTitulaires Suppl\u00e9ants  \nMonsieur Yves TALHOUARN \n (ASSOCIATION CRETEIL SOLIDARITE)  \n \nMonsieur Andrew CANVA  \n(ASSOCIATION CRETEIL SOLIDARITE) \nMonsieur Samyr NASCIMENTO LIRA \n(GROUPE SOS SOLIDARITES) \n \nMadame Isabelle FERNANDEZ (FEDERATION \nADDICTION) \n Monsieur Philippe LANGUENOU \n(FEDERATION ADDICTION) \n  \n \n\uf0f0 d) Pour les repr\u00e9sentants des professionnels de sant\u00e9 lib\u00e9raux :  \n  \nAu titre des m\u00e9decins lib\u00e9raux (URPS) :  \n  \nTitulaires  Suppl\u00e9ants  \nDocteur Andr\u00e9 TARDIEU  \n(URPS M\u00e9decins)  \nDocteur Daniel SCIMECA  \n(URPS M\u00e9decins)  \nDocteur Eric WEINBERG  \n(URPS M\u00e9decins)  \nDocteur  Antoinette  SPASSOVA   \n(URPS M\u00e9decins)  \nDocteur Bernard ELGHOZI  \n(URPS M\u00e9decins)  \nDocteur Fr\u00e9d\u00e9ric THIBAULT \n (URPS M\u00e9decins)  \n  \nAu titre des autres professionnels de sant\u00e9 (URPS) :  \n  \nTitulaires  Suppl\u00e9ants  \nMonsieur Eric DOURIEZ (URPS Pharmaciens)  Madame Laurence PEREIRA  \n(URPS Chirurgien-dentiste)  \n \nMonsieur S\u00e9bastien MARTIN (AIUF)  Madame Sylviane LEWIK   \n(UPRS Orthophonistes)   \n \n \nMadame Bernadette HERAULT (URPS IDE)  Madame V\u00e9ronique DISSAT   \n(URPS Orthoptistes)  \n \n  \n\uf0f0 e) Pour les repr\u00e9sentants des internes en m\u00e9decine :  \n  \nTitulaires  Suppl\u00e9ants  \nEn attente de d\u00e9signation \n \nEn attente de d\u00e9signation \n \n  \n  \nAgence R\u00e9gionale de Sant\u00e9 - IDF-2025-05-16-00011 - Arr\u00eat\u00e9 modificatif n\u00b0 2025/16\nportant composition du Conseil Territorial de Sant\u00e9 du Val-de-Marne  7\nPage 5 sur 7 \n \n\uf0f0 f) Pour les repr\u00e9sentants des diff\u00e9rents modes d'exercice coordonn\u00e9 et des organisations de \ncoop\u00e9ration territoriale :  \n  \nAu titre des centres de sant\u00e9, maisons de sant\u00e9, p\u00f4les de sant\u00e9 et r\u00e9seaux de sant\u00e9 :  \n  \n \n \nAu titre des centres de sant\u00e9 : \n \n \nTitulaires  Suppl\u00e9ants  \nMadame Marianne PETIT  \n(FNCS)  \n \nAu titre des maisons de sant\u00e9 :   \nTitulaires  Suppl\u00e9ants  \nMonsieur Jacques Claude CITTEE  \n(FEMASIF)  \n Madame Isabelle BALDISSER  \n(FEMASIF) \nAu titre des r\u00e9seaux de sant\u00e9 :  \n \nTitulaires  Suppl\u00e9ants  \nMadame St\u00e9phanie MAHIEU \n (DAC 94 Ouest)  \nMadame Pauline LOUIS  \n(DAC 94 Est)  \n \n  \nAu titre des communaut\u00e9s professionnelles territoriales de sant\u00e9 et des \u00e9quipes de soins \nprimaires : \n \nTitulaires  Suppl\u00e9ants  \nDocteur Thierry GUEROUT  \n(CPTS Champigny-sur-Marne)  \nDocteur Jonathan YANA  \n(CPTS St Maur-Ouest Joinville)  \n  \nAu titre des communaut\u00e9s psychiatriques de territoire :  \n  \nTitulaires  Suppl\u00e9ants  \nEn attente de d\u00e9signation En attente de d\u00e9signation \n  \n  \n\uf0f0 g) Pour les repr\u00e9sentants des \u00e9tablissements assurant des activit\u00e9s de soins \u00e0 domicile :  \n  \nTitulaires  Suppl\u00e9ants  \nMadame Nadine HAAS  \n(FNEHAD)  \nMadame Claire BACOT  \n(FNEHAD)  \n  \n \n\uf0f0 h) Pour les repr\u00e9sentants de l'ordre des m\u00e9decins :  \n  \nTitulaires  Suppl\u00e9ants  \nDocteur Patrick THERON \n (CROM IDF)  \nDocteur Eric GIBERT  \n(CROM IDF)  \nAgence R\u00e9gionale de Sant\u00e9 - IDF-2025-05-16-00011 - Arr\u00eat\u00e9 modificatif n\u00b0 2025/16\nportant composition du Conseil Territorial de Sant\u00e9 du Val-de-Marne  8\nPage 6 sur 7 \n \n  \n  \n2. Pour le coll\u00e8ge des usagers et associations d'usagers :  \n  \na) Au titre des associations agr\u00e9\u00e9es :  \n  \nTitulaires  Suppl\u00e9ants  \nMadame Mich\u00e8le DE PREAUDET  \n(AFTC IDF)  \n  \nMonsieur Patrice CHAUVEL  \n(UFC QUE CHOISIR)    \nMonsieur Claude COTTET  \n(CLCV)  \nMonsieur Christian FORCIOLI  \n(CLCV)  \nMonsieur Denis EYMARD  \n(UNAFAM)  \n  \nMadame Odile HOURCADE  \n(FRANCE ALZHEIMER 94)  \nMadame Annick BOULY DE LESDAIN \n(FRANCE ALZHEIMER 94)  \n  \n \nb) Au titre des associations de personnes handicap\u00e9es :  \n  \nTitulaires  Suppl\u00e9ants  \nMadame Fran\u00e7oise FALLOUS   \n(APF-France handicap Val-de-Marne)  \nMonsieur Pascal MARTIN   \n(APF-France handicap Val-de-Marne)  \n M. Bruno VELLAT   \n(UNAPEI Val-de-Marne)  \n  \n \nc) Au titre des associations de retrait\u00e9s et personnes \u00e2g\u00e9es :  \n  \nTitulaires  Suppl\u00e9ants  \nMonsieur Jean AMAR (FSU)  Monsieur Jo\u00ebl CHENET (FRG-FP)  \nMadame Christine VISCONTI (UFR)   \n  \n  \n3. Pour le coll\u00e8ge des repr\u00e9sentants des collectivit\u00e9s territoriales et leurs groupements :  \n  \n\uf0f0 a) Pour les conseillers r\u00e9gionaux :  \n  \nTitulaires  Suppl\u00e9ants  \nMonsieur Olivier DOSNE \n(Conseil r\u00e9gional IDF)  \nMonsieur S\u00e9bastien \nEYCHENNE (Conseil r\u00e9gional \nIDF)   \n\uf0f0 b) Pour les repr\u00e9sentants des conseils d\u00e9partementaux : \n  \nTitulaires  Suppl\u00e9ants  \nMadame Genevi\u00e8ve CARPE   \n(Conseil d\u00e9partemental du Val-de-Marne)   \nMadame M\u00e9lanie NOWAK   \n(Conseil d\u00e9partemental du Val-de-Marne)  \n  \n \nAgence R\u00e9gionale de Sant\u00e9 - IDF-2025-05-16-00011 - Arr\u00eat\u00e9 modificatif n\u00b0 2025/16\nportant composition du Conseil Territorial de Sant\u00e9 du Val-de-Marne  9\nPage 7 sur 7 \n \n\uf0f0 c) Pour les repr\u00e9sentants des services d\u00e9partementaux de protection maternelle et infantile :  \n  \nTitulaires  Suppl\u00e9ants  \nDocteur Isabelle BURESI (PMI)  Docteur Alexandra MOUTEREAU (PMI)  \n  \n \n\uf0f0 d) Pour les repr\u00e9sentants des communaut\u00e9s :  \n  \nTitulaires  Suppl\u00e9ants  \nEn attente de d\u00e9signation En attente de d\u00e9signation \n  \n \n\uf0f0 e) Pour les repr\u00e9sentants des communes  \n  \nTitulaires  Suppl\u00e9ants  \nMadame Isabelle VILATA  \n(AMF)  \nMonsieur R\u00e9gis CHARBONNIER  \n(AMF)  \nMonsieur Jacques LABESCAT  \n(AMF)  \nMadame A\u00efcha GASSET  \n(AMF)  \n  \n  \n4. Pour le coll\u00e8ge des repr\u00e9sentants de l'Etat et des organismes de S\u00e9curit\u00e9 Sociale :  \n  \n\uf0f0 a) Pour les repr\u00e9sentants de l'Etat :  \n  \nTitulaires  Suppl\u00e9ants  \nMadame Naa\u00efma MEJANI  \n(Pr\u00e9fecture 94)  \n \n  \n \n\uf0f0 b) Pour les repr\u00e9sentants des organismes de S\u00e9curit\u00e9 Sociale :  \n  \nTitulaires  Suppl\u00e9ants  \nMadame Jacqueline POLIZZI  \n(CAF 94)  \nMadame Ariane LE DORE-GOODWIN \n(CNAVTS)  \nMonsieur Frantz LEOCADIE  \n(CPAM 94)  \nDocteur Renaud SEVERAC-BASTIDE  \n(DRSM \u00cele-de-France)  \n  \n  \n5. Pour le coll\u00e8ge des personnalit\u00e9s qualifi\u00e9es :  \n  \nTitulaires  \nM\u00e9decin G\u00e9n\u00e9ral Marion AUBOIN  \n(M\u00e9decin Chef HIA BEGIN)  \nDocteur Pascal CACOT  \n(Association Vivre)  \n \n \nLes parlementaires du d\u00e9partement sont membres de droit du Conseil Territorial de Sant\u00e9.  \nAgence R\u00e9gionale de Sant\u00e9 - IDF-2025-05-16-00011 - Arr\u00eat\u00e9 modificatif n\u00b0 2025/16\nportant composition du Conseil Territorial de Sant\u00e9 du Val-de-Marne  10\nMission nationale de contr\u00f4le et d'audit des\norganismes de s\u00e9curit\u00e9 sociale \nIDF-2025-05-21-00001\nArr\u00eat\u00e9 modificatif du 21 mai 2025 - ADP CA CAF\nde Seine - Saint - Denis - portant modification de\nla composition du conseil d'administration de la\nCaisse d'Allocations Familiales de\nSeine-Saint-Denis\nMission nationale de contr\u00f4le et d'audit des organismes de s\u00e9curit\u00e9 sociale  - IDF-2025-05-21-00001 - Arr\u00eat\u00e9 modificatif du 21 mai 2025\n- ADP CA CAF de Seine - Saint - Denis - portant modification de la composition du conseil d'administration de la Caisse d'Allocations\nFamiliales de Seine-Saint-Denis\n11\nE =GOUVERNEMENT DirectionLibert\u00e91e de la s\u00e9curit\u00e9 socialeEgalit\u00e9Fraternit\u00e9\n \n \n \n \n \nArr\u00eat\u00e9 modificatif du 21 mai 2025 \u2013 ADP CA CAF de Seine \u2013 Saint - Denis - portant modification de la \ncomposition du conseil d'administration de la Caisse d'Allocations Familiales de Seine-Saint-Denis \n \n \nLa ministre du travail, de la sant\u00e9, des solidarit\u00e9s et des familles \n \n \nVu le code de la s\u00e9curit\u00e9 sociale et notamment les articles L. 212-2, R. 121-5 \u00e0 R. 121-7, et D. 231-1 \u00e0 D. 231-\n4 ; \n         \nVu l'arr\u00eat\u00e9 du 10 mars 2022 \u2013 ADP CA CAF 93 n\u00b01/2022 - portant nomination des membres du conseil \nd'administration de la Caisse d'Allocations Familiales de Seine-Saint-Denis ; \n \nVu l'arr\u00eat\u00e9 modificatif du 15 mars 2022 \u2013 ADP CA CAF 93 n\u00b02/2022 \u2013 portant nomination des membres du \nconseil d'administration de la Caisse d'Allocations Familiales de Seine-Saint-Denis ; \n \nVu l'arr\u00eat\u00e9 modificatif du 27 juillet 2022 \u2013 ADP CA CAF 93 n\u00b03/2022 \u2013 portant modification de la \ncomposition du conseil d'administration de la Caisse d'Allocations Familiales de Seine-Saint-Denis ; \n \nVu l'arr\u00eat\u00e9 modificatif du 18 octobre 2022 \u2013 ADP CA CAF 93 n\u00b04/2022 \u2013 portant modification de la \ncomposition du conseil d'administration de la Caisse d'Allocations Familiales de Seine-Saint-Denis ; \n \nVu l'Arr\u00eat\u00e9 modificatif du 17 novembre 2022 \u2013 ADP CA CAF de Seine \u2013 Saint - Denis n\u00b05/2022 -portant \nmodification de la composition du conseil d'administration de la Caisse d'Allocations Familiales de Seine-\nSaint-Denis ; \n \nVu l'arr\u00eat\u00e9 modificatif du 16 d\u00e9cembre 2022 \u2013 ADP CA CAF de Seine \u2013 Saint - Denis n\u00b06/2022 -portant \nmodification de la composition du conseil d'administration de la Caisse d'Allocations Familiales de Seine -\nSaint-Denis \n \nVu l'arr\u00eat\u00e9 modificatif du 14 d\u00e9cembre 2024  \u2013 ADP CA CAF de Seine \u2013 Saint - Denis n\u00b07/2022 portant \nmodification de la composition du conseil d'administration de la Caisse d'Allocations Familiales de Seine -\nSaint-Denis \n \nVu l'arr\u00eat\u00e9 modificatif du 19 janvier 2024 \u2013 ADP CA CAF de Seine \u2013 Saint - Denis n\u00b08/2022 portant \nmodification de la composition du conseil d'administration de la Caisse d'Allocations Familiales de Seine -\nSaint-Denis \n \nVu l'arr\u00eat\u00e9 modificatif du 04 avril 2024 \u2013 ADP CA CAF de Seine \u2013 Saint - Denis - portant modification de la \ncomposition du conseil d'administration de la Caisse d'Allocations Familiales de Seine-Saint-Denis \n \nVu l'arr\u00eat\u00e9 modificatif du 28 juin 2024 \u2013 ADP CA CAF de Seine \u2013 Saint - Denis - portant modification de la \ncomposition du conseil d'administration de la Caisse d'Allocations Familiales de Seine-Saint-Denis \n \nVu l'acte de d\u00e9signation de M. Vincent BILLEREY au conseil d'administration de la Caf de Seine -Saint-Denis \nen date du 20 mai 2025, au titre de personne qualifi\u00e9e, sign\u00e9 par M. le pr\u00e9fet de r\u00e9gion Ile-de-France \n \nVu l'arr\u00eat\u00e9 du 10 novembre 2023 portant d\u00e9l\u00e9gation de signature \u00e0 Monsieur Guy -Micha\u00ebl DALIN, chef de \nl'antenne de Paris de la Mission Nationale de Contr\u00f4le et d'audit des organismes de s\u00e9curit\u00e9 sociale ; \n \n \nArr\u00eate : \n \n \nArticle 1er \n \nLa composition du conseil d'administration de la Caisse d'Allocations Familiales de Seine -Saint-Denis est \nmodifi\u00e9e comme suit : \n5\u00b0 En tant que personnes qualifi\u00e9es dans le domaine d'activit\u00e9 de l'organisme : \nSur d\u00e9signation du pr\u00e9fet de la r\u00e9gion Ile-de-France \n \nTitulaire  \nM. BILLEREY (Vincent)  \n \nMission nationale de contr\u00f4le et d'audit des organismes de s\u00e9curit\u00e9 sociale  - IDF-2025-05-21-00001 - Arr\u00eat\u00e9 modificatif du 21 mai 2025\n- ADP CA CAF de Seine - Saint - Denis - portant modification de la composition du conseil d'administration de la Caisse d'Allocations\nFamiliales de Seine-Saint-Denis\n12\nArticle 2 \n  \nLe chef d'antenne de PARIS de la Mission nationale de contr\u00f4le et d'audit des organismes de s\u00e9curit\u00e9 sociale \nest charg\u00e9 de l'ex\u00e9cution du pr\u00e9sent arr\u00eat\u00e9, qui sera publi\u00e9 au recueil des actes administratifs de la \npr\u00e9fecture de la r\u00e9gion Ile de France. \n \n \n \nFait \u00e0 Aubervilliers le 21 mai 2025 \n \n \nLa ministre du travail, de la sant\u00e9, des solidarit\u00e9s et des familles \n \n \nPour la ministre et par d\u00e9l\u00e9gation \n \nSign\u00e9 \n \nGuy-Micha\u00ebl DALIN \n \n \n                                                                         \n   \n \n \nMission nationale de contr\u00f4le et d'audit des organismes de s\u00e9curit\u00e9 sociale  - IDF-2025-05-21-00001 - Arr\u00eat\u00e9 modificatif du 21 mai 2025\n- ADP CA CAF de Seine - Saint - Denis - portant modification de la composition du conseil d'administration de la Caisse d'Allocations\nFamiliales de Seine-Saint-Denis\n13","date":"2025-05-21","first_seen_on":"2025-05-21T15:30:37+00:00","id":"95fa6bdc84abfe74d36845e38d42e4ae176be382a303a6fe5b74af20ada591fd","name":"recueil-idf-034-2025-05-RAA-nominatifs du 21.05.2025","pdf_creation_date":"2025-05-21T14:57:56+00:00","pdf_modification_date":null,"timezone":"Europe/Paris","url":"https://www.prefectures-regions.gouv.fr/ile-de-france/irecontenu/telechargement/127869/943154/file/recueil-idf-034-2025-05-RAA-nominatifs%20du%2021.05.2025.pdf"}
