{"administration":"pref75","administration_name":"Pr\u00e9fecture de Paris","content":"PREFECTURE\nDE PARIS\nRECUEIL DES ACTES\nADMINISTRATIFS SP\u00c9CIAL\n(NOMINATIFS)\nN\u00b075-2024-291\nPUBLI\u00c9 LE 22 MAI 2024\nSommaire\nCour administrative d'appel de Paris /\n75-2024-05-16-00010 - Arr\u00eat\u00e9 JCCT/57 du 16 mai 2024\nportant nomination\nd\u25a1assesseurs de la section\ndes assurances sociales de la\nchambre\ndisciplinaire de premi\u00e8re instance de l\u25a1Ordre\ndes\nchirurgiens-dentistes d\u25a1\u00cele-de-France (2 pages) Page 3\nDirection r\u00e9gionale et interd\u00e9partementale de l'\u00e9conomie, de l'emploi, du\ntravail et des solidarit\u00e9s d\u25a1\u00cele-de-France / Unit\u00e9 d\u00e9partementale de Paris\n75-2024-05-22-00004 - Arr\u00eat\u00e9 \nportant composition de la formation\nsp\u00e9cialis\u00e9e en mati\u00e8re de sant\u00e9, de s\u00e9curit\u00e9 et de\nconditions de travail\ninstitu\u00e9e au sein de l\u25a1unit\u00e9 d\u00e9partementale de Paris de la\nDirection\nr\u00e9gionale et interd\u00e9partementale de l\u25a1\u00e9conomie, de l\u25a1emploi,\ndu travail et des solidarit\u00e9s de\nla r\u00e9gion \u00cele-de-France (2 pages) Page 6\nDirection r\u00e9gionale et interd\u00e9partementale de l\u25a1environnement, de\nl\u25a1am\u00e9nagement et des transports d\u25a1\u00cele-de-France / Service nature et paysage\n75-2023-06-30-00028 - Arr\u00eat\u00e9 n\u00b0 2023 DRIEAT-IF/107\nPortant d\u00e9rogation \u00e0\nl\u25a1interdiction de perturber intentionnellement, capturer et rel\u00e2cher\ndes\nsp\u00e9cimens d\u25a1esp\u00e8ces animales prot\u00e9g\u00e9es accord\u00e9e \u00e0 M. Pierre\nRIVALLIN, \ncoordinateur r\u00e9gional pour l\u25a1\u00cele-de-France de la Soci\u00e9t\u00e9\nHerp\u00e9tologique de France\n (5 pages) Page 9\nDirection r\u00e9gionale et interd\u00e9partementale de l\u25a1environnement, de\nl\u25a1am\u00e9nagement et des transports d\u25a1\u00cele-de-France / Unit\u00e9 d\u00e9partementale de\nParis\n75-2024-05-17-00005 - Avis de la commission d\u00e9partementale\nd'am\u00e9nagement commercial de Paris relatif \u00e0 la cr\u00e9ation d\u25a1un ensemble\ncommercial d\u25a1une surface de vente totale de 1\u00a0294\u00a0m\u00b2 \u00e0 Paris 1er,\n\ncompos\u00e9 de 2 moyennes surfaces de secteur 2 (331\u00a0m\u00b2 et 355\u00a0m\u00b2) et de\n8 boutiques sur une surface de vente de 608\u00a0m\u00b2 (6 pages) Page 15\n75-2024-05-17-00006 - D\u00e9cision de la commission d\u00e9partementale\nd'am\u00e9nagement commercial de Paris relative \u00e0 l'extension de 848 m\u00b2\nd\u25a1une moyenne surface \u00e0 la future enseigne RH PARIS dans le 8e\narrondissement de Paris portant sa surface de vente totale \u00e0 2 059 m\u00b2 (6\npages) Page 22\nPr\u00e9fecture de Police / Secr\u00e9tariat g\u00e9n\u00e9ral de la zone de d\u00e9fense et de\ns\u00e9curit\u00e9 de Paris\n75-2024-05-22-00001 - D\u00e9cision n\u00b0  2024-026 du 22/05/2024 portant\nd\u00e9signation et habilitation des personnes autoris\u00e9es \u00e0 acc\u00e9der aux donn\u00e9es\n\u00e0 caract\u00e8re personnel du traitement mis en \u25a1uvre par la pr\u00e9fecture de\npolice sur le fondement de l\u25a1arr\u00eat\u00e9 du 2 mai 2011 d\u00e9nomm\u00e9 \u00ab fichier des\nr\u00e9sidents des zones de s\u00e9curit\u00e9 \u00bb cr\u00e9\u00e9 \u00e0 l\u25a1occasion des Jeux Olympiques et\nParalympiques de 2024\n (4 pages) Page 29\n2\nCour administrative d'appel de Paris\n75-2024-05-16-00010\nArr\u00eat\u00e9 JCCT/57 du 16 mai 2024\nportant nomination d\u25a1assesseurs de la section\ndes assurances sociales de la chambre\ndisciplinaire de premi\u00e8re instance de l\u25a1Ordre\ndes chirurgiens-dentistes d\u25a1\u00cele-de-France\nCour administrative d'appel de Paris - 75-2024-05-16-00010 - Arr\u00eat\u00e9 JCCT/57 du 16 mai 2024\nportant nomination d\u25a1assesseurs de la section\ndes assurances sociales de la chambre\ndisciplinaire de premi\u00e8re instance de l\u25a1Ordre\ndes chirurgiens-dentistes d\u25a1\u00cele-de-France3\nCOUR  ADMINISTRATIVE  D'APPEL\nDE PARIS\n \n \n \n \n \nArr\u00eat\u00e9 JCCT/57 du 16 mai 2024 \nportant nomination  d'assesseurs de la section \ndes assurances sociales de la chambre \ndisciplinaire de premi\u00e8re instance de l'Ordre \ndes chirurgiens-dentistes d'\u00cele-de-France \n \n \n \n \n \nLa conseill\u00e8re d'Etat, \nPr\u00e9sidente de la Cour administrative d'appel de Paris \n \n \n \n \nVu le code de la s\u00e9curit\u00e9 sociale, notamment ses articles R. 145-5 et R. 145-9 ;  \n \nVu la lettre du 29 mars 2024 par laquelle le m\u00e9decin-conseil national du r\u00e9gime de \nprotection sociale agricole propose la d\u00e9signation des assesseurs titulaire et suppl\u00e9ants, \nau titre de ce r\u00e9gime, de la section des assurances sociales de la chambre disciplinaire \nde premi\u00e8re instance de l'Ordre des chirurgiens-dentistes d'Ile-de-France ; \n \nVu la lettre du 24 avril 2024 par laquelle le directeur g\u00e9n\u00e9ral de la Caisse nationale de \nl'assurance maladie a transmis \u00e0 la Cour les propositions du m\u00e9decin-conseil national \ndu r\u00e9gime g\u00e9n\u00e9ral de s\u00e9curit\u00e9 sociale pour la d\u00e9signation des assesseurs titulaire et \nsuppl\u00e9ants, au titre de ce r\u00e9gime, de la section des assurances sociales de la chambre \ndisciplinaire de premi\u00e8re instance de l'Ordre des chirurgiens-dentistes d'Ile-de-France ; \n \n \n \nARR\u00caTE : \n \n \nArticle 1er : Est nomm\u00e9e, au titre du r\u00e9gime g\u00e9n\u00e9ral de s\u00e9curit\u00e9 sociale, assesseure \ntitulaire de la section des assurances sociales de la chambre disciplinaire de premi\u00e8re \ninstance de l'Ordre des chirurgiens-dentistes d'Ile-de-France, Mme Claire BROTHIER, \nchirurgien-dentiste conseil de la direction r\u00e9gionale du service m\u00e9dical des Hauts-de-\nFrance. \n \n \n \n \n \n Cour administrative d'appel de Paris - 75-2024-05-16-00010 - Arr\u00eat\u00e9 JCCT/57 du 16 mai 2024\nportant nomination d\u25a1assesseurs de la section\ndes assurances sociales de la chambre\ndisciplinaire de premi\u00e8re instance de l\u25a1Ordre\ndes chirurgiens-dentistes d\u25a1\u00cele-de-France4\n \n \n \n \nArticle 2 : Est nomm\u00e9e, au titre du r\u00e9gime de protection sociale agricole, assesseure \ntitulaire de la section des assurances sociales de la chambre disciplinaire de premi\u00e8re \ninstance de l'Ordre des chirurgiens-dentistes d'Ile-de-France, Mme B\u00e9n\u00e9dicte LE \nBIGOT, chirurgien-dentiste conseil de la Mutualit\u00e9 sociale agricole de Maine-et-Loire. \n \nArticle 3  : Sont nomm\u00e9s, au titre du r\u00e9gime g\u00e9n\u00e9ral de s\u00e9curit\u00e9 sociale, assesseurs \nsuppl\u00e9ants de la section des assurances sociales de la chambre disciplinaire de premi\u00e8re \ninstance de l'Ordre des chirurgiens-dentistes d'Ile-de-France, M. Patrick \nDI VALENTIN, M. Jacques GODINOUX, Mme Isabelle DEVAUX et M. Jean-Claude \nRENAUDET, chirurgiens-dentistes conseils de la direction r\u00e9gionale du service \nm\u00e9dical des Hauts-de-France. \n \nArticle 4  : Sont nomm\u00e9s, au titre du r\u00e9gime de protection sociale agricole, assesseurs \nsuppl\u00e9ants de la section des assurances sociales de la chambre disciplinaire de premi\u00e8re \ninstance de l'Ordre des chirurgiens-dentistes d'Ile-de-France, Mme Armelle PREVOT, \nchirurgien-dentiste conseil de la Mutualit\u00e9 sociale agricole de Gironde, et M. Pierre-\nYves CHAUX, chirurgien-dentiste conseil de la Mutualit\u00e9 sociale agricole de \nBourgogne. \n \nArticle 5 : Le pr\u00e9sent arr\u00eat\u00e9 sera notifi\u00e9 au pr\u00e9sident du Conseil r\u00e9gional de l'Ordre des \nchirurgiens-dentistes d'Ile-de-France, au pr\u00e9sident de la section des assurances sociales \nde la chambre disciplinaire de premi\u00e8re instance de l'Ordre des chirurgiens-dentistes \nd'\u00cele-de-France, au directeur g\u00e9n\u00e9ral de la Caisse nationale de l'assurance maladie, au \nm\u00e9decin-conseil national du r\u00e9gime g\u00e9n\u00e9ral de s\u00e9curit\u00e9 sociale, \u00e0 Mme Claire \nBROTHIER, \u00e0 M. Patrick DI VALENTIN, \u00e0 M. Jacques GODINOUX, \u00e0 Mme Isabelle \nDEVAUX, \u00e0 M. Jean-Claude RENAUDET, \u00e0 Mme B\u00e9n\u00e9dicte LE BIGOT, \u00e0 Mme \nArmelle PREVOT et \u00e0 M. Pierre-Yves CHAUX. \n \nArticle 6  : Le pr\u00e9sent arr\u00eat\u00e9 sera publi\u00e9 au recueil des actes administratifs de la \npr\u00e9fecture de la r\u00e9gion d'\u00cele-de-France. \n \n \n \n \nFait \u00e0 Paris, le 16 mai 2024 \n \n \nSIGN\u00c9 \n \n \nPascale FOMBEUR \n \n \n \n                                                                              \n \n                                                                              \n \n                               Cour administrative d'appel de Paris - 75-2024-05-16-00010 - Arr\u00eat\u00e9 JCCT/57 du 16 mai 2024\nportant nomination d\u25a1assesseurs de la section\ndes assurances sociales de la chambre\ndisciplinaire de premi\u00e8re instance de l\u25a1Ordre\ndes chirurgiens-dentistes d\u25a1\u00cele-de-France5\nDirection r\u00e9gionale et interd\u00e9partementale de\nl'\u00e9conomie, de l'emploi, du travail et des\nsolidarit\u00e9s d\u25a1\u00cele-de-France\n75-2024-05-22-00004\nArr\u00eat\u00e9 \nportant composition de la formation sp\u00e9cialis\u00e9e\nen mati\u00e8re de sant\u00e9, de s\u00e9curit\u00e9 et de\nconditions de travail institu\u00e9e au sein de l\u25a1unit\u00e9\nd\u00e9partementale de Paris de la Direction\nr\u00e9gionale et interd\u00e9partementale de\nl\u25a1\u00e9conomie, de l\u25a1emploi, du travail et des\nsolidarit\u00e9s de\nla r\u00e9gion \u00cele-de-France\nDirection r\u00e9gionale et interd\u00e9partementale de l'\u00e9conomie, de l'emploi, du travail et des solidarit\u00e9s d\u25a1\u00cele-de-France -\n75-2024-05-22-00004 - Arr\u00eat\u00e9 \nportant composition de la formation sp\u00e9cialis\u00e9e en mati\u00e8re de sant\u00e9, de s\u00e9curit\u00e9 et de\nconditions de travail institu\u00e9e au sein de l\u25a1unit\u00e9 d\u00e9partementale de Paris de la Direction\nr\u00e9gionale et interd\u00e9partementale de l\u25a1\u00e9conomie, de l\u25a1emploi, du travail et des solidarit\u00e9s de\nla r\u00e9gion \u00cele-de-France6\n\u00cbEx\nPR\u00c9FET  ,\nDE LA R\u00c9GION\nD'\u00ceLE-DE-FRANCE\nLibert\u00e9\nEgalit\u00e9\nFraternit\u00e9\n Direction r\u00e9gionale et interd\u00e9partementale  \nde l'\u00e9conomie, de l'emploi,  \ndu travail et des solidarit\u00e9s  \n \n \n \n \nDRIEETS \u00cele-de-France  \nUnit\u00e9 d\u00e9partementale de Paris   \n21 rue Madeleine Vionnet  \n93300 AUBERVILLIERS  \n \nArr\u00eat\u00e9 n\u00b0  \nportant composition de la formation sp\u00e9cialis\u00e9e en mati\u00e8re de sant\u00e9, de s\u00e9curit\u00e9 et de \nconditions de travail institu\u00e9 e au sein de l'unit\u00e9 d\u00e9partemental e de Paris  de la Direction \nr\u00e9gionale et interd\u00e9partementale de l'\u00e9conomie, de l'emploi, du travail et des solidarit\u00e9s de \nla r\u00e9gion \u00cele-de-France  \n \nLe directeur  de l'unit\u00e9 d\u00e9partementale , \n \nVU le code de la fonction publique  ;  \n \nVU le d\u00e9cret n\u00b0 2020 -1427 du 20 novembre 2020 relatif aux comit\u00e9s sociaux d'administration dans les \nadministrations et les \u00e9tablissements publics de l'Etat, notamment ses articles 24, 25 et 31  ;  \n \nVU l'arr\u00eat\u00e9 du 2 juin 2022 portant cr\u00e9ation de comit\u00e9s sociaux  d'administration et de leurs formations \nsp\u00e9cialis\u00e9es au sein de certains services et \u00e9tablissements relevant des ministres charg\u00e9s de \nl'\u00e9conomie, du travail, de l'emploi, de l'insertion, de la sant\u00e9 et des solidarit\u00e9s  ;  \n \nVU l'article 16 du d\u00e9cret n\u00b0 2020 -1427 du 20 novembre 2020 relatif \u00e0 la cr\u00e9ation de formations \nsp\u00e9cialis\u00e9es de site ou de service  ; \n \nVU le pastillage des  r\u00e9sultats du scrutin du comit\u00e9 social d'administration de la Direction r\u00e9gionale  et \ninterd\u00e9partementale  de l'\u00e9conomie, de l'emploi, du travail et des so lidarit\u00e9s de la r\u00e9gion Ile de France , \norganis\u00e9 du 1er au 8 d\u00e9cembre 2022 proclam\u00e9 s le 9 d\u00e9cembre 2022 ;  \n \nVU la mutation de Madame C\u00e9line BAR en date du 1er f\u00e9vrier 2024  ; \n \nVU la mutation de Monsieur Mathias GAUDEL en date du 2 mai 2024 . \n \nArr\u00eate :  \n \nArticle 1  : \n \nSont d\u00e9sign\u00e9s repr\u00e9sentants des personnels de la formation sp\u00e9cialis\u00e9e de site au sein de l'unit \u00e9 \nd\u00e9partementale de Paris  de la DRIEETS  : \n \nORGANISATION \nSYNDICALE  TITULAIRES  SUPPLEANTS  \nUFSE -CGT  FSE -\nSNUTEFE  \n SUD \nSOLIDAIRES  St\u00e9phane LAGARDE  Christelle GLEMET  \nLouise FASSO -MONALDI  Yann BURDIN  \nAude CHARCOSSET  Mourad ABDELGHANI  \nCaroline MORIO  Sophie POULET  \nCFDT  St\u00e9phane  \nHAMPARTZOUMIAN  Lionel GOME S \nUNSA Fonction \nPublique  Ars\u00e8ne CREANTOR  Aurore PORVIE  Direction r\u00e9gionale et interd\u00e9partementale de l'\u00e9conomie, de l'emploi, du travail et des solidarit\u00e9s d\u25a1\u00cele-de-France -\n75-2024-05-22-00004 - Arr\u00eat\u00e9 \nportant composition de la formation sp\u00e9cialis\u00e9e en mati\u00e8re de sant\u00e9, de s\u00e9curit\u00e9 et de\nconditions de travail institu\u00e9e au sein de l\u25a1unit\u00e9 d\u00e9partementale de Paris de la Direction\nr\u00e9gionale et interd\u00e9partementale de l\u25a1\u00e9conomie, de l\u25a1emploi, du travail et des solidarit\u00e9s de\nla r\u00e9gion \u00cele-de-France7\n \nDRIEETS \u00cele-de-France  \nUnit\u00e9 d\u00e9partementale de Paris   \n21 rue Madeleine Vionnet  \n93300 AUBERVILLIERS  \n  \nArticle 2 : \n \nAssistent de droit \u00e0 la formation sp\u00e9cialis\u00e9e de l'unit\u00e9 d\u00e9partementale de Paris  : \n- Le m\u00e9decin de pr\u00e9vention,  \n- L'inspecteur de sant\u00e9 et de s\u00e9curit\u00e9,  \n- L'assitant de pr\u00e9vention.  \n \nArticle 3  : \n \nLe pr\u00e9sent arr\u00eat\u00e9 entre en vigueur le  22 mai 2024. \n \nArticle 4  : \n \nLe directeur  de l'unit\u00e9 d\u00e9 partementale de Paris  est charg\u00e9  de l'execution  du pr\u00e9sent arr\u00eat\u00e9, qui sera \npubli\u00e9 au bulletin d'information administrative de la pr\u00e9fecture de Paris .  \n \n  \n \n \nFait \u00e0  Paris , le 22 mai 2024  \nLe directeur  de l'unit\u00e9 d\u00e9 partementale  de Paris  \n \nSIGNEE  \n \nJean -Fran\u00e7ois DA LVAI  \n \n Direction r\u00e9gionale et interd\u00e9partementale de l'\u00e9conomie, de l'emploi, du travail et des solidarit\u00e9s d\u25a1\u00cele-de-France -\n75-2024-05-22-00004 - Arr\u00eat\u00e9 \nportant composition de la formation sp\u00e9cialis\u00e9e en mati\u00e8re de sant\u00e9, de s\u00e9curit\u00e9 et de\nconditions de travail institu\u00e9e au sein de l\u25a1unit\u00e9 d\u00e9partementale de Paris de la Direction\nr\u00e9gionale et interd\u00e9partementale de l\u25a1\u00e9conomie, de l\u25a1emploi, du travail et des solidarit\u00e9s de\nla r\u00e9gion \u00cele-de-France8\nDirection r\u00e9gionale et interd\u00e9partementale de\nl\u25a1environnement, de l\u25a1am\u00e9nagement et des\ntransports d\u25a1\u00cele-de-France\n75-2023-06-30-00028\nArr\u00eat\u00e9 n\u00b0 2023 DRIEAT-IF/107\nPortant d\u00e9rogation \u00e0 l\u25a1interdiction de perturber\nintentionnellement, capturer et rel\u00e2cher des\nsp\u00e9cimens d\u25a1esp\u00e8ces animales prot\u00e9g\u00e9es\naccord\u00e9e \u00e0 M. Pierre RIVALLIN, \ncoordinateur r\u00e9gional pour l\u25a1\u00cele-de-France de la\nSoci\u00e9t\u00e9 Herp\u00e9tologique de France\nDirection r\u00e9gionale et interd\u00e9partementale de l\u25a1environnement, de l\u25a1am\u00e9nagement et des transports d\u25a1\u00cele-de-France -\n75-2023-06-30-00028 - Arr\u00eat\u00e9 n\u00b0 2023 DRIEAT-IF/107\nPortant d\u00e9rogation \u00e0 l\u25a1interdiction de perturber intentionnellement, capturer et rel\u00e2cher des\nsp\u00e9cimens d\u25a1esp\u00e8ces animales prot\u00e9g\u00e9es accord\u00e9e \u00e0 M. Pierre RIVALLIN, \ncoordinateur r\u00e9gional pour l\u25a1\u00cele-de-France de la Soci\u00e9t\u00e9 Herp\u00e9tologique de France9\nPREFET\nDE PARIS\nLibert\u00e9\nEgalit\u00e9\nFraternit\u00e9\nDirection r\u00e9gionale et interd\u00e9partementale\nde l'environnement, de l'am\u00e9nagement\net des transports d'\u00cele-de-France\nARR\u00caT\u00c9 n\u00b0 2023 DRIEAT-IF/107\nPortant d\u00e9rogation \u00e0 l'interdiction de perturber in tentionnellement, capturer et rel\u00e2cher des\nsp\u00e9cimens d'esp\u00e8ces animales prot\u00e9g\u00e9es accord\u00e9e \u00e0 M . Pierre RIVALLIN, \ncoordinateur r\u00e9gional pour l'\u00cele-de-France de la So ci\u00e9t\u00e9 Herp\u00e9tologique de France\nLE PR\u00c9FET DE PARIS,\nOfficier de la L\u00e9gion d'Honneur,\nOfficier de l'Ordre national du M\u00e9rite,\nVu le code de l'environnement, notamment ses articles  L.411-1, L.411-2, L.415-3 et R.411-1 \u00e0 R.411-14 et\nsuivants\u00a0;\nVu l'arr\u00eat\u00e9 du 8 juillet 2022 portant nomination de M adame Emmanuelle Gay, ing\u00e9nieure g\u00e9n\u00e9rale\ndes ponts, des eaux et des for\u00eats, directrice r\u00e9gio nale et interd\u00e9partementale de l'environnement,\nde l'am\u00e9nagement et des transports d'\u00cele-de-France\u00a0 ;\nVu l'arr\u00eat\u00e9  n\u00b0  75-2022-07-19-00005  du  19  juillet  2022  portant  d\u00e9l\u00e9gation  de  signature  \u00e0  Mme\nEmmanuelle GAY, ing\u00e9nieure g\u00e9n\u00e9rale des ponts, des eaux et des for\u00eats, directrice r\u00e9gionale et\ninterd\u00e9partementale de l'environnement, de l'am\u00e9nag ement et des transports d'\u00cele-de-France pour\nle compte du pr\u00e9fet de Paris\u00a0;\nVu la d\u00e9cision n\u00b0DRIEAT-IDF-2023-0398 du 27 juin 2023  portant subd\u00e9l\u00e9gation de signature de\nMadame  Emmanuelle  GAY,  directrice  r\u00e9gionale  et  inte rd\u00e9partementale  de  l'environnement,  de\nl'am\u00e9nagement et des transports d'\u00cele-de-France \u00e0 s es collaborateurs\u00a0;\nVu l'arr\u00eat\u00e9 minist\u00e9riel du 19 f\u00e9vrier 2007 modifi\u00e9 fix ant les conditions de demande et d'instruction\ndes d\u00e9rogations d\u00e9finies au 4\u00b0 de l'article L. 411- 2 du code de l'environnement portant sur des\nesp\u00e8ces de faune et de flore sauvages prot\u00e9g\u00e9es\u00a0;\nVu l'arr\u00eat\u00e9 minist\u00e9riel du 8 janvier 2021 fixant les l istes des amphibiens et des reptiles repr\u00e9sent\u00e9s\nsur le territoire m\u00e9tropolitain, prot\u00e9g\u00e9s sur l'ens emble du territoire national et les modalit\u00e9s de le ur\nprotection\u00a0;\nVu  la demande pr\u00e9sent\u00e9e en date du 22 juin 2023 par M.  Pierre RIVALLIN, coordinateur r\u00e9gional\npour l'\u00cele-de-France de la Soci\u00e9t\u00e9 Herp\u00e9tologique d e France\u00a0;\n1/5\nDirection r\u00e9gionale et interd\u00e9partementale de l\u25a1environnement, de l\u25a1am\u00e9nagement et des transports d\u25a1\u00cele-de-France -\n75-2023-06-30-00028 - Arr\u00eat\u00e9 n\u00b0 2023 DRIEAT-IF/107\nPortant d\u00e9rogation \u00e0 l\u25a1interdiction de perturber intentionnellement, capturer et rel\u00e2cher des\nsp\u00e9cimens d\u25a1esp\u00e8ces animales prot\u00e9g\u00e9es accord\u00e9e \u00e0 M. Pierre RIVALLIN, \ncoordinateur r\u00e9gional pour l\u25a1\u00cele-de-France de la Soci\u00e9t\u00e9 Herp\u00e9tologique de France10\nVu l'avis favorable du 23 juin 2023 du Conseil Scient ifique R\u00e9gional du Patrimoine Naturel\u00a0d'\u00cele-de-\nFrance\u00a0;\nConsid\u00e9rant  que la d\u00e9rogation ne nuit pas au maintien, dans un  \u00e9tat de conservation favorable, des\npopulations des esp\u00e8ces concern\u00e9es dans leur aire d e r\u00e9partition naturelle\u00a0;\nConsid\u00e9rant  que la d\u00e9rogation vise la pr\u00e9servation de ces esp\u00e8 ces dans le cadre des op\u00e9rations de\nsauvetage de serpents et d'orvets fragiles\u00a0;\nConsid\u00e9rant que la demande porte sur la capture avec rel\u00e2cher s ur place, la d\u00e9tention, le transport\nd'esp\u00e8ces prot\u00e9g\u00e9es\u00a0;\nConsid\u00e9rant  qu'il n'existe pas d'autres solutions satisfaisant es pour permettre la pr\u00e9servation de ces\nesp\u00e8ces\u00a0;\nSur  proposition  de  la  Directrice  r\u00e9gionale  et  interd\u00e9partementale  d e  l'environnement,  de\nl'am\u00e9nagement et des transports d'\u00cele-de-France\u00a0;\nARR\u00caTE\nArticle 1\u00a0: B\u00e9n\u00e9ficiaire de la d\u00e9rogation\nDans le cadre des op\u00e9rations de sauvetage de serpen ts, suite aux alertes de particuliers  d'\u00cele-de-\nFrance,  les personnes de la  structure  \u00ab\u00a0SOS  reptile s  IDF\u00a0\u00bb d\u00e9sign\u00e9es  ci-apr\u00e8s, sont autoris\u00e9es \u00e0\nPERTURBER  INTENTIONNELLEMENT,  CAPTURER,  REL\u00c2CHER  SU R  PLACE  ou  D\u00c9PLACER  les\nsp\u00e9cimens des esp\u00e8ces animales d\u00e9sign\u00e9es \u00e0 l'articl e 2, dans les conditions d\u00e9finies aux articles 3 \u00e0\n10.\n\u2022Arnaud BAK\n\u2022David CHEVREAU\n\u2022Lucas COTTEREAU\n\u2022Lucile DEWULF\n\u2022S\u00e9bastien ELIE\n\u2022Hemminki JOHAN\n\u2022Vincent LIMAGNE\n\u2022Carole MALARY-PEREZ\u00a0\n\u2022Gr\u00e9gory PATEK\n\u2022Johann SZCZESNY\n\u2022Pierre RIVALLIN\n\u2022Vincent VAN DE BOR\u00a0\n\u2022Thierry VIDAL\n2/5Direction r\u00e9gionale et interd\u00e9partementale de l\u25a1environnement, de l\u25a1am\u00e9nagement et des transports d\u25a1\u00cele-de-France -\n75-2023-06-30-00028 - Arr\u00eat\u00e9 n\u00b0 2023 DRIEAT-IF/107\nPortant d\u00e9rogation \u00e0 l\u25a1interdiction de perturber intentionnellement, capturer et rel\u00e2cher des\nsp\u00e9cimens d\u25a1esp\u00e8ces animales prot\u00e9g\u00e9es accord\u00e9e \u00e0 M. Pierre RIVALLIN, \ncoordinateur r\u00e9gional pour l\u25a1\u00cele-de-France de la Soci\u00e9t\u00e9 Herp\u00e9tologique de France11\nArticle 2\u00a0: Objet de la d\u00e9rogation\nL'autorisation permet la capture, le transport, le rel\u00e2cher dans la r\u00e9gion \u00cele-de-France pour toutes\nles esp\u00e8ces prot\u00e9g\u00e9es de serpents  pr\u00e9sentes\u00a0sont cette zone g\u00e9ographique, ainsi que l'orvet fragile ,\nsouvent confondu avec un serpent\u00a0:\n\u2022 Vip\u00e8re aspic, Vipera aspis\n\u2022 Vip\u00e8re p\u00e9liade, Vipera berus\n\u2022 Couleuvre helv\u00e9tique, Natrix helvetica\n\u2022 Couleuvre d'Esculape, Zamenis longissimus\n\u2022 Coronelle lisse, Coronella austriaca\n\u2022 Couleuvre vip\u00e9rine, Natrix maura\n\u2022 Couleuvre verte et jaune, Hierophis viridiflavus\n\u2022 Orvet fragile, Anguis fragilis\nNombre\u00a0:  ind\u00e9termin\u00e9\nLa d\u00e9rogation est valable d\u00e9s signature de cet arr\u00ea t\u00e9, jusqu'au 31 d\u00e9cembre 2026.\nArticle 3\u00a0: Localisation\nLes op\u00e9rations de capture et rel\u00e2cher imm\u00e9diat, de transport et d\u00e9placement seront men\u00e9es sur\ntoute l'\u00cele-de-France.\nArticle 4\u00a0: Autres r\u00e9glementations\nLa  pr\u00e9sente  autorisation  ne  dispense en  aucun  cas  l e  b\u00e9n\u00e9ficiaire  de faire  les  d\u00e9clarations  ou\nd'obtenir les autorisations requises par les r\u00e9glem entations autres que celle relative aux esp\u00e8ces\nprot\u00e9g\u00e9es.\nArticle 5\u00a0: Modalit\u00e9s d'intervention\nLors  des op\u00e9rations  de sauvetage impliquant un simp le d\u00e9placement  sur quelques  dizaines  de\nm\u00e8tres, le transport \u00e0 la main sans contenant parti culier sera adopt\u00e9.\nLe transport et d\u00e9placement de sp\u00e9cimens seront env isag\u00e9s lorsque le maintien sur place ne sera\npas possible, si les reptiles sont r\u00e9ellement en da nger \u00e0 cause de l'activit\u00e9 humaine ou s'ils posent\nun r\u00e9el probl\u00e8me de s\u00e9curit\u00e9. Les reptiles seront r el\u00e2ch\u00e9s dans l'habitat favorable et s\u00e9curis\u00e9 le plu s\nproche du lieu de leur capture, conforme \u00e0 sa zone de r\u00e9partition actuellement connue, et dans le\nd\u00e9lai le plus bref.\nPour le bien-\u00eatre des esp\u00e8ces prot\u00e9g\u00e9es, les reptil es seront plac\u00e9s durant le transport dans des\nboites en plastique d'une taille adapt\u00e9e, munie de trous d'a\u00e9ration, et d'un substrat de copeaux de\nbois. Les contenants seront plac\u00e9s dans un sac opaq ue afin de limiter le \u00ab\u00a0stress\u00a0\u00bb de l'animal.\n3/5Direction r\u00e9gionale et interd\u00e9partementale de l\u25a1environnement, de l\u25a1am\u00e9nagement et des transports d\u25a1\u00cele-de-France -\n75-2023-06-30-00028 - Arr\u00eat\u00e9 n\u00b0 2023 DRIEAT-IF/107\nPortant d\u00e9rogation \u00e0 l\u25a1interdiction de perturber intentionnellement, capturer et rel\u00e2cher des\nsp\u00e9cimens d\u25a1esp\u00e8ces animales prot\u00e9g\u00e9es accord\u00e9e \u00e0 M. Pierre RIVALLIN, \ncoordinateur r\u00e9gional pour l\u25a1\u00cele-de-France de la Soci\u00e9t\u00e9 Herp\u00e9tologique de France12\nArticle 6\u00a0: Mesures d'accompagnement\nLes contenants utilis\u00e9s lors des transports seront d\u00e9sinfect\u00e9s entre chaque sp\u00e9cimen et le substrat\nsera jet\u00e9.\nArticle 7\u00a0: Modalit\u00e9 de compte-rendu des interventi ons\nUn  rapport  annuel  devra  \u00eatre  fourni  \u00e0  la  Direction  r\u00e9gionale  et  interd\u00e9partementale  de\nl'environnement, de l'am\u00e9nagement et des transports  d'\u00cele-de-France, au d\u00e9partement faune et\nflore sauvages du Service nature et paysages\u00a0:\n\u2022 12, Cours Louis Lumi\u00e8re CS 70027 , 94\u00a0307 Vincenne s Cedex \n\u2022 especes-protegees-idf@developpement-durable.gouv. fr \nCe rapport est attendu au minimum, sous la forme d' une pi\u00e8ce-jointe en  version \u00e9lectronique\n(inf\u00e9rieure \u00e0 10\u00a0Mo), si possible en envoyant \u00e9gale ment une version papier, en prenant soin de\nrappeler dans cette correspondance le num\u00e9ro ou tit re du pr\u00e9sent arr\u00eat\u00e9 (faire figurer le num\u00e9ro du\npr\u00e9sent arr\u00eat\u00e9 et l'expression \"suivis esp\u00e8ces prot \u00e9g\u00e9es\" dans l'objet du courrier \u00e9lectronique).\nUn bilan final \u00e0 l'issue de la fin de la p\u00e9riode d' autorisation (3 ann\u00e9es) est par ailleurs attendu.\nPar ailleurs, dans le cadre du Syst\u00e8me d'Informatio n Nature Paysages, le p\u00e9titionnaire participe \u00e0\nl'enrichissement  de  l'observatoire  r\u00e9gional  de  la  b iodiversit\u00e9  et  de  programmes  publics  de\nconnaissance et de conservation du patrimoine natur el par la saisie ou la transmission de donn\u00e9es\nnaturalistes sur la plateforme GeoNat'\u00eedF.\nArticle 8\u00a0: Voie et d\u00e9lai de recours\nLe pr\u00e9sent arr\u00eat\u00e9 peut faire l'objet d'un recours d evant le tribunal administratif comp\u00e9tent dans un\nd\u00e9lai de deux mois \u00e0 compter de l'accomplissement d es formalit\u00e9s de publicit\u00e9, dans les conditions\nde l'article R. 421-1 du code de justice administra tive. Le pr\u00e9sent arr\u00eat\u00e9 peut \u00e9galement faire l'obje t\nd'un recours administratif (gracieux ou hi\u00e9rarchiqu e) dans le m\u00eame d\u00e9lai de deux mois, qui proroge\nle d\u00e9lai de recours contentieux. Le silence gard\u00e9 p ar l'administration pendant plus de deux mois sur\nla  demande  de  recours  administratif  emporte  d\u00e9cisio n  implicite  de  rejet  de  cette  demande,\nconform\u00e9ment aux dispositions de l'article R. 421-2  du Code de justice administrative.\nArticle 9\u00a0: Sanctions\nLe  non-respect  du  pr\u00e9sent  arr\u00eat\u00e9  peut  entra\u00eener  des  sanctions  administratives  ou  p\u00e9nales  en\napplication des articles L.415-1 \u00e0 L.415-5 du code de l'environnement.\nArticle 10\u00a0: Ex\u00e9cution de l'arr\u00eat\u00e9\nLe  pr\u00e9fet  de  Paris  et  la  directrice  r\u00e9gionale  et  in terd\u00e9partementale  de  l'environnement,  de\nl'am\u00e9nagement et des transports d'\u00cele-de-France, so nt charg\u00e9s chacun en ce qui le concerne de\nl'application du pr\u00e9sent arr\u00eat\u00e9 qui sera publi\u00e9 au recueil des actes administratifs de la pr\u00e9fecture d e\nParis.\n4/5Direction r\u00e9gionale et interd\u00e9partementale de l\u25a1environnement, de l\u25a1am\u00e9nagement et des transports d\u25a1\u00cele-de-France -\n75-2023-06-30-00028 - Arr\u00eat\u00e9 n\u00b0 2023 DRIEAT-IF/107\nPortant d\u00e9rogation \u00e0 l\u25a1interdiction de perturber intentionnellement, capturer et rel\u00e2cher des\nsp\u00e9cimens d\u25a1esp\u00e8ces animales prot\u00e9g\u00e9es accord\u00e9e \u00e0 M. Pierre RIVALLIN, \ncoordinateur r\u00e9gional pour l\u25a1\u00cele-de-France de la Soci\u00e9t\u00e9 Herp\u00e9tologique de France13\n\u00c0 Vincennes, le 30/06/2023\nPour le Pr\u00e9fet et par d\u00e9l\u00e9gation,\nPour la directrice r\u00e9gionale et interd\u00e9partementale\nde l'environnement, de l'am\u00e9nagement et des transpo rts\nd'\u00cele-de-France,\nL'adjoint au chef du d\u00e9partement faune et flore sau vages\n5/5Direction r\u00e9gionale et interd\u00e9partementale de l\u25a1environnement, de l\u25a1am\u00e9nagement et des transports d\u25a1\u00cele-de-France -\n75-2023-06-30-00028 - Arr\u00eat\u00e9 n\u00b0 2023 DRIEAT-IF/107\nPortant d\u00e9rogation \u00e0 l\u25a1interdiction de perturber intentionnellement, capturer et rel\u00e2cher des\nsp\u00e9cimens d\u25a1esp\u00e8ces animales prot\u00e9g\u00e9es accord\u00e9e \u00e0 M. Pierre RIVALLIN, \ncoordinateur r\u00e9gional pour l\u25a1\u00cele-de-France de la Soci\u00e9t\u00e9 Herp\u00e9tologique de France14\nDirection r\u00e9gionale et interd\u00e9partementale de\nl\u25a1environnement, de l\u25a1am\u00e9nagement et des\ntransports d\u25a1\u00cele-de-France\n75-2024-05-17-00005\nAvis de la commission d\u00e9partementale\nd'am\u00e9nagement commercial de Paris relatif \u00e0 la\ncr\u00e9ation d\u25a1un ensemble commercial d\u25a1une\nsurface de vente totale de 1\u00a0294\u00a0m\u00b2 \u00e0 Paris 1er, \ncompos\u00e9 de 2 moyennes surfaces de secteur 2\n(331\u00a0m\u00b2 et 355\u00a0m\u00b2) et de 8 boutiques sur une\nsurface de vente de 608\u00a0m\u00b2\nDirection r\u00e9gionale et interd\u00e9partementale de l\u25a1environnement, de l\u25a1am\u00e9nagement et des transports d\u25a1\u00cele-de-France -\n75-2024-05-17-00005 - Avis de la commission d\u00e9partementale d'am\u00e9nagement commercial de Paris relatif \u00e0 la cr\u00e9ation d\u25a1un\nensemble commercial d\u25a1une surface de vente totale de 1\u00a0294\u00a0m\u00b2 \u00e0 Paris 1er, \ncompos\u00e9 de 2 moyennes surfaces de secteur 2 (331\u00a0m\u00b2 et 355\u00a0m\u00b2) et de 8 boutiques sur une surface de vente de 608\u00a0m\u00b215\nPREFET\nDE PARIS\nLibert\u00e9\nEgalit\u00e9\nFraternit\u00e9\nDirection r\u00e9gionale et interd\u00e9partementale\nde l'environnement, de l'am\u00e9nagement\net des transports d'\u00cele-de-France\nUnit\u00e9 d\u00e9partementale de Paris\nAVIS DE LA COMMISSION D\u00c9PARTEMENTALE\nD'AM\u00c9NAGEMENT COMMERCIAL DE PARIS\nCr\u00e9ation d'un ensemble commercial d'une surface de vente totale de 1 \u00a0294\u00a0m\u00b2, \nsitu\u00e9 31-58 place du March\u00e9 Saint-Honor\u00e9 75001 Paris, \ncompos\u00e9 de 2 moyennes surfaces de secteur 2 (331 \u00a0m\u00b2 et 355\u00a0m\u00b2) \net de 8 boutiques sur une surface de vente de 608 \u00a0m\u00b2\nLa commission d\u00e9partementale d'am\u00e9nagement commercial de Paris r\u00e9unie le 17 mai 2024, sous la\npr\u00e9sidence de Marc ZARROUATI,  sous-pr\u00e9fet, directeur adjoint de cabinet du pr\u00e9fet de la r\u00e9gion\nd'\u00eele-de-France, pr\u00e9fet de Paris , repr\u00e9sentant le pr\u00e9fet de la r\u00e9gion d'\u00cele-de-France, pr\u00e9fet de Paris,\nemp\u00each\u00e9\u00a0;\nVu le code de commerce, notamment ses articles L.750-1 et suivants et R.751-1 et suivants \u00a0;\nVu le code g\u00e9n\u00e9ral des collectivit\u00e9s territoriales \u00a0;\nVu le d\u00e9cret du 22 juillet 2020 portant nomination de Monsieur Marc GUILLAUME, Pr\u00e9fet de la\nr\u00e9gion d'\u00cele-de-France, Pr\u00e9fet de Paris \u00a0;\nVu  l'arr\u00eat\u00e9  pr\u00e9fectoral  n\u00b075-2023-11-21-00007  du  16  novembre  2023,  portant  constitution  de  la\ncommission d\u00e9partementale d'am\u00e9nagement commercial de Paris \u00a0;\nVu l'arr\u00eat\u00e9 pr\u00e9fectoral du 22 avril 2024 pr\u00e9 cisant la composition de la commission d\u00e9partementale\nd'am\u00e9nagement commercial de Paris pour l'examen de la demande \u00a0;\nVu  la  demande  de  permis  de  construire  valant  autorisation  d'exploitation  commerciale\nn\u00b0\u00a0PC\u00a0075\u00a0101  22  VM0026  M02 ,  d\u00e9pos\u00e9e  en  mairie  de  Paris  le  19  mars  2024  par  la  soci\u00e9t\u00e9\n\u00ab\u00a0IMMOBILI\u00c8RE DU MARCH\u00c9 SAINT-HONOR\u00c9 \u00a0\u00bb (contact@mallandmarket.com ), agissant en qualit\u00e9\nde  propri\u00e9taire  et  enregistr\u00e9e  pour  le  volet  commercial  au  secr\u00e9tariat  de  la  commission\nd\u00e9partementale d'am\u00e9nagement commercial de Paris le 25 mars 2024 ,  sous le  n\u00b0\u00a0A75-2024-237,\nrelative \u00e0 la  cr\u00e9ation d'un ensemble commercial d'une surface de vente totale de 1 \u00a0294\u00a0m\u00b2,  situ\u00e9\n31-58 place du March\u00e9 Saint-Honor\u00e9, 75001 Paris, compos\u00e9 de 2 moyennes surfaces de secteur 2\n(331\u00a0m\u00b2 et 355\u00a0m\u00b2) et de 8 boutiques sur une surface de vente de 608 \u00a0m\u00b2.\nT\u00e9l : 01 82 52 51 91M\u00e9l : cdac75@developpement-durable.gouv .fr5, rue Leblanc, 75911 Paris Cedex 15www.drieat.ile-de-france.developpement-durable.gouv.fr\nDirection r\u00e9gionale et interd\u00e9partementale de l\u25a1environnement, de l\u25a1am\u00e9nagement et des transports d\u25a1\u00cele-de-France -\n75-2024-05-17-00005 - Avis de la commission d\u00e9partementale d'am\u00e9nagement commercial de Paris relatif \u00e0 la cr\u00e9ation d\u25a1un\nensemble commercial d\u25a1une surface de vente totale de 1\u00a0294\u00a0m\u00b2 \u00e0 Paris 1er, \ncompos\u00e9 de 2 moyennes surfaces de secteur 2 (331\u00a0m\u00b2 et 355\u00a0m\u00b2) et de 8 boutiques sur une surface de vente de 608\u00a0m\u00b216\nVu  l'analyse  d'impact  du  projet,  jointe  au  dossier  de  demande  d'autorisation  d'exploitation\ncommerciale\u00a0;\nVu  le  rapport  d'instruction  pr\u00e9sent\u00e9  par  l'Unit\u00e9  d\u00e9partementale  de  l'environnement,  de\nl'am\u00e9nagement et des transports de Paris \u00a0;\nApr\u00e8s avoir auditionn\u00e9 les repr\u00e9sentants de la soci\u00e9t\u00e9 Immobili\u00e8re du March\u00e9 Saint-Honor\u00e9 et avoir\nd\u00e9battu \u00e0 huis clos \u00a0;\nConsid\u00e9rant au regard de l'am\u00e9nagement du territoire,  que le projet commercial s'ins\u00e8re dans un projet\nde r\u00e9novation et de modernisation du March\u00e9 Saint-Honor\u00e9 \u00a0; qu'il favorisera une mixit\u00e9 fonctionnelle\ncommerces/ bureaux \u00a0; qu'il permettra de supprimer une friche urbaine \u00a0;\nConsid\u00e9rant au regard de l'animation urbaine , que le projet permettra  de conforter l'attractivit\u00e9 d\u00e9j\u00e0\nexistante du quartier \u00a0et contribuera au d\u00e9veloppement de commerces de proximit\u00e9 et d'artisanat \u00a0; que\nle projet ne devrait pas modifier le paysage commercial du secteur \u00a0; \nConsid\u00e9rant au regard de la qualit\u00e9 environnementale du projet , que le p\u00e9titionnaire vise l'obtention\nde plusieurs labels et certification dans le cadre d'une d\u00e9marche de r\u00e9duction des consommations\n\u00e9nerg\u00e9tiques du b\u00e2timent \u00a0; que le site sera raccord\u00e9 au r\u00e9seau Fra\u00eecheur de Paris et au r\u00e9seau de\nchauffage urbain de la Ville de Paris \u00a0; que le projet am\u00e9liore le bilan climatique du b\u00e2timent avec des\nfa\u00e7ades double peau qui limiteront les d\u00e9perditions et l'inconfort \u00e9t\u00e9/hiver et qu'il pr\u00e9voit le recours \u00e0\ndes mat\u00e9riaux biosourc\u00e9s et issus pour une partie de la d\u00e9construction du b\u00e2timent \u00a0; que, pour autant,\nil aurait \u00e9t\u00e9 attendu plus de d\u00e9tails sur le traitement des futures coques commerciales \u00a0;\nConsid\u00e9rant,  s'agissant de la logistique,  le projet  devrait g\u00e9n\u00e9rer 2 \u00e0 3 livraisons hebdomadaires par\ncommerce\u00a0; que les livraisons seront effectu\u00e9es sur des places d\u00e9di\u00e9es d\u00e9j\u00e0 pr\u00e9sentes sur la voirie \u00a0;\nConsid\u00e9rant  au  regard  de  l'insertion  paysag\u00e8re  et  architecturale,  que  le  projet  vise  \u00e0  r\u00e9habiliter\nl'immeuble du march\u00e9 St-Honor\u00e9 r\u00e9alis\u00e9 par l'architecte Ricardo Bofill en 1992 et que l'intervention\nqualitative des agences PCA Stream et Bofill en r\u00e9novation permettra de revaloriser cet ensemble\narchitectural et que le p\u00e9titionnaire s'est engag\u00e9 en s\u00e9ance \u00e0 renforcer la v\u00e9g\u00e9talisation du site \u00a0;\nConsid\u00e9rant au regard de la protection du consommateur , que le projet permettra une r\u00e9novation plus\nque n\u00e9cessaire \u00e0 cette friche urbaine, que la modernisation du b\u00e2timent participera au confort de la\nfuture client\u00e8le, le projet pr\u00e9voyant aussi la mise aux normes pour l'acc\u00e8s aux personnes \u00e0 mobilit\u00e9\nr\u00e9duite (PMR) et \u00e0 la s\u00e9curisation du site par une fermeture la nuit \u00a0;\nConsid\u00e9rant, au regard de la contribution du projet en mati\u00e8re sociale , que le projet pr\u00e9voit la cr\u00e9ation\nd'environ 26 emplois \u00a0; que le p\u00e9titionnaire sensibilisera  les futurs preneurs afin qu'ils s'adressent aux\nstructures d'insertion de la Ville de Paris \u00a0;\nConsid\u00e9rant au regard de ce qui pr\u00e9c\u00e8de, que les crit\u00e8res relatifs \u00e0 la d\u00e9livrance des autorisations\nd'exploitation commerciale fix\u00e9s \u00e0 l'article L. 752-6 du code du commerce ont \u00e9t\u00e9 pris en compte \u00a0;\nREND UN AVIS FAVORABLE\nL'autorisation est accord\u00e9e par  8 voix favorables sur un total de 8 membres pr\u00e9sents.\nOnt vot\u00e9 pour l'autorisation du projet  :\n\u2022Madame Afaf GABELOTAUD , adjointe \u00e0 la maire de Paris, repr\u00e9sentant la maire de Paris,\n2/6Direction r\u00e9gionale et interd\u00e9partementale de l\u25a1environnement, de l\u25a1am\u00e9nagement et des transports d\u25a1\u00cele-de-France -\n75-2024-05-17-00005 - Avis de la commission d\u00e9partementale d'am\u00e9nagement commercial de Paris relatif \u00e0 la cr\u00e9ation d\u25a1un\nensemble commercial d\u25a1une surface de vente totale de 1\u00a0294\u00a0m\u00b2 \u00e0 Paris 1er, \ncompos\u00e9 de 2 moyennes surfaces de secteur 2 (331\u00a0m\u00b2 et 355\u00a0m\u00b2) et de 8 boutiques sur une surface de vente de 608\u00a0m\u00b217\n\u2022Monsieur Nicolas BONNET-OULALDJ ,  adjoint \u00e0 la maire de Paris, charg\u00e9  du commerce, de\nl'artisanat, des professions lib\u00e9rales et des m\u00e9tiers d'art et mode ,\n\u2022Monsieur Eric SCHAHL , conseiller r\u00e9gional d\u00e9sign\u00e9 par le Conseil R\u00e9gional,\n\u2022Monsieur Fr\u00e9d\u00e9ric BADINA-SERPETTE ,  conseiller d'arrondissement d\u00e9sign\u00e9 par le Conseil de\nParis,\n\u2022Madame Micheline BERNARD-HARLAUT, repr\u00e9sentant le coll\u00e8ge en mati\u00e8re de consommation,\n\u2022Monsieur Philippe KHAYAT , repr\u00e9sentant le coll\u00e8ge en mati\u00e8re de d\u00e9veloppement durable,\n\u2022Madame Sol\u00e8ne MOUREY , repr\u00e9sentant le coll\u00e8ge en mati\u00e8re d'am\u00e9nagement du territoire,\n\u2022Madame Dorine BREGMAN , adjointe au maire de Paris-Centre .\nEn cons\u00e9quence, la commission d\u00e9partementale d'am\u00e9nagement commercial de Paris r\u00e9unie le 17 mai\n2024 a rendu un avis  favorable sur la demande pr\u00e9sent\u00e9e par la soci\u00e9t\u00e9 \u00ab\u00a0IMMOBILI\u00c8RE DU MARCH\u00c9\nSAINT-HONOR\u00c9\u00a0\u00bb (contact@mallandmarket.com ),  agissant  en  qualit\u00e9  de  propri\u00e9taire ,  relative  \u00e0  la\ncr\u00e9ation d'un ensemble commercial d'une surface de vente totale de 1 \u00a0294\u00a0m\u00b2,  situ\u00e9 31-58 place du\nMarch\u00e9 Saint-Honor\u00e9 75001 Paris, compos\u00e9 de 2 moyennes surfaces de secteur 2 (331 \u00a0m\u00b2 et 355\u00a0m\u00b2) et\nde 8 boutiques sur une surface de vente de 608 \u00a0m\u00b2.\nFait \u00e0 Paris, le 17 mai 2024,\n3/6Pour le pr\u00e9fet et par d\u00e9l\u00e9gation,\nle directeur r\u00e9gional et interd\u00e9partemental\nadjoint de l'environnement, de l'am\u00e9nagement\n et des transports d' \u00cele-de-France, \ndirecteur de l'unit\u00e9 d\u00e9partementale de Paris\nSign\u00e9\nJean-Pascal BIARDDirection r\u00e9gionale et interd\u00e9partementale de l\u25a1environnement, de l\u25a1am\u00e9nagement et des transports d\u25a1\u00cele-de-France -\n75-2024-05-17-00005 - Avis de la commission d\u00e9partementale d'am\u00e9nagement commercial de Paris relatif \u00e0 la cr\u00e9ation d\u25a1un\nensemble commercial d\u25a1une surface de vente totale de 1\u00a0294\u00a0m\u00b2 \u00e0 Paris 1er, \ncompos\u00e9 de 2 moyennes surfaces de secteur 2 (331\u00a0m\u00b2 et 355\u00a0m\u00b2) et de 8 boutiques sur une surface de vente de 608\u00a0m\u00b218\nVoies et d\u00e9lais de recours \u00a0: \nConform\u00e9ment aux articles R752-30 et suivants, cet avis est susceptible de recour s dans un d\u00e9lai d'un\nmois. Le d\u00e9lai de recours court \u00a0:\n1\u00b0 Pour le demandeur, \u00e0 compter de la notification de la d\u00e9cision ou de l'avis \u00a0;\n2\u00b0 Pour le pr\u00e9fet et les membres de la commission d\u00e9partementale, \u00e0 compter de la r\u00e9union de\nla commission\u00a0;\n3\u00b0 Pour toute autre personne mentionn\u00e9e \u00e0 l'article L. 752-17 , \u00e0 compter de la plus tardive des\nmesures de publicit\u00e9 pr\u00e9vues aux troisi\u00e8me et cinqui\u00e8me alin\u00e9as de l'article R. 752-19. Le respect\ndu d\u00e9lai de recours est appr\u00e9ci\u00e9 \u00e0 la date d'envoi du recours.\nLe recours est pr\u00e9sent\u00e9 au pr\u00e9sident de la Commission nationale d'am\u00e9nagement commercial par tout\nmoyen s\u00e9curis\u00e9 ou, lorsqu'il est pr\u00e9sent\u00e9 par le pr\u00e9fet, par la voie administrative ordinaire.  \u00c0 peine\nd'irrecevabilit\u00e9, le recours est motiv\u00e9 et accompagn\u00e9 de la justification de la qualit\u00e9 et de l'int\u00e9r\u00eat\ndonnant pour agir de chaque requ\u00e9rant.\n\u00c0 peine d'irrecevabilit\u00e9 de son recours, dans les cinq jours suivant sa pr\u00e9sentation \u00e0 la commission\nnationale, le requ\u00e9rant, s'il est distinct du demandeur de l'autorisation d'exploitation commerciale,\ncommunique son recours \u00e0 ce dernier soit par lettre recommand\u00e9e avec demande d'avis de r\u00e9ception,\nsoit par tout moyen s\u00e9curis\u00e9 .\n4/6Direction r\u00e9gionale et interd\u00e9partementale de l\u25a1environnement, de l\u25a1am\u00e9nagement et des transports d\u25a1\u00cele-de-France -\n75-2024-05-17-00005 - Avis de la commission d\u00e9partementale d'am\u00e9nagement commercial de Paris relatif \u00e0 la cr\u00e9ation d\u25a1un\nensemble commercial d\u25a1une surface de vente totale de 1\u00a0294\u00a0m\u00b2 \u00e0 Paris 1er, \ncompos\u00e9 de 2 moyennes surfaces de secteur 2 (331\u00a0m\u00b2 et 355\u00a0m\u00b2) et de 8 boutiques sur une surface de vente de 608\u00a0m\u00b219\nTABLEAU R\u00c9CAPITULATIF DES CARACT\u00c9RISTIQUES  DU PROJET\nJOINT \u00c0 L'AVIS DE LA CDAC \nN\u00b0 A75-2024-237 DU 17/05/2024\n(articles R.\u00a0752-16 / R. 752-38 et R. \u00a0752-44\u00a0du code de commerce )\nPOUR TOUT \u00c9QUIPEMENT COMMERCIAL\n(R.\u00a0752-6 du code de commerce )\nSuperficie totale du lieu d'implantation (en m\u00b2) 4\u00a0400\u00a0m\u00b2\nEt r\u00e9f\u00e9rences cadastrales du terrain d'assiette\n(cf. b du 2\u00b0 du I de l'article art. \u00a0R\u00a0752-6)Section AZ, parcelle n\u00b0104 \nPoints d'acc\u00e8s (A)\net de sortie (S) du\nsite\n(cf. b, c et d du 2\u00b0\ndu I de l'article\nR.\u00a0752-6)Avant-\nprojetNombre de A \nNombre de S \nNombre de A/S \nApr\u00e8s\nprojetNombre de A\nNombre de S\nNombre de A/S\nEspaces verts et\nsurfaces\nperm\u00e9ables\n(cf. b du 2\u00b0 et d du\n4\u00b0 du I de l'article\nR.\u00a0752-6)Superficie du terrain consacr\u00e9e aux \nespaces verts (en m\u00b2)N\u00e9ant\nAutres surfaces v\u00e9g\u00e9talis\u00e9es \n(toitures, fa\u00e7ades, autre(s), en m\u00b2)\nAutres surfaces non \nimperm\u00e9abilis\u00e9es\u00a0:\nm\u00b2 et mat\u00e9riaux / proc\u00e9d\u00e9s utilis\u00e9s\n\u00c9nergies\nrenouvelables\n(cf. b du 4\u00b0 de\nl'article\u00a0R.\u00a0752-6)Panneaux photovolta\u00efques \u00a0: \nm\u00b2 et localisation\n\u00c9oliennes\u00a0(nombre et localisation)\nAutres proc\u00e9d\u00e9s (m\u00b2 / nombre et \nlocalisation) \net observations \u00e9ventuelles \u00a0:\nAutres \u00e9l\u00e9ments\nintrins\u00e8ques ou\nconnexes au projet\nmentionn\u00e9s\nexpress\u00e9ment par\nla commission\ndans son avis ou sa\nd\u00e9cisionRaccordement pr\u00e9vu au r\u00e9seau CPCU et \u00e9tude de g\u00e9othermie (production de chaud et de \nfroid).\nUtilisation d'une partie des mat\u00e9riaux de d\u00e9construction\nObjectif de r\u00e9duction de la consommation \u00e9nerg\u00e9tique de 50 \u00a0% \u00e0 termes\nCr\u00e9ation de 26 emplois.\nMise en place d'un syst\u00e8me de gestion technique du b\u00e2timent (GTB)\nRecours aux mat\u00e9riaux biosourc\u00e9s (laine de bois, peinture biosourc\u00e9e...)\nMise en place de fa\u00e7ades double peau qui limiteront les d\u00e9perditions et l'inconfort \u00e9t\u00e9/hiver\nMise en place d'une b\u00e2che de r\u00e9cup\u00e9ration des eaux pluviales en sous-sol\n5/6Direction r\u00e9gionale et interd\u00e9partementale de l\u25a1environnement, de l\u25a1am\u00e9nagement et des transports d\u25a1\u00cele-de-France -\n75-2024-05-17-00005 - Avis de la commission d\u00e9partementale d'am\u00e9nagement commercial de Paris relatif \u00e0 la cr\u00e9ation d\u25a1un\nensemble commercial d\u25a1une surface de vente totale de 1\u00a0294\u00a0m\u00b2 \u00e0 Paris 1er, \ncompos\u00e9 de 2 moyennes surfaces de secteur 2 (331\u00a0m\u00b2 et 355\u00a0m\u00b2) et de 8 boutiques sur une surface de vente de 608\u00a0m\u00b220\nPOUR LES MAGASINS ET ENSEMBLES COMMERCIAUX\n(a \u00e0 c du 1\u00b0 de l'article R.752-44 du code de commerce )\nSurface de vente\n(cf. a, b, d ou e\ndu 1\u00b0 du I de\nl'article \u00a0R.\u00a0752-\n6)\nEt\nSecteurs d'activit\u00e9\n(cf. a, b, d et e\ndu 1\u00b0 du I de\nl'article R.752-6)Avant-\nprojetSurface de vente (SV) totale 0\u00a0m\u00b2\nMagasins \nde SV \n\u2265300\u00a0m\u00b2Nombre\nSV/magasin1\nSecteur (1 ou 2)\nApr\u00e8s\nprojetSurface de vente (SV) totale 1\u00a0294\u00a0m\u00b2\nMagasins \nde SV \n\u2265300\u00a0m\u00b2Nombre2\nSV/magasin2331355\nSecteur (1 ou 2)22\nCapacit\u00e9 de\nstationnement\n(cf. g du 1\u00b0 du I\nde l'article\nR.752-6)Avant-\nprojetNombre \nde placesTotal997\n\u00c9lectriques/\nhybrides\nCovoiturage\nAuto-partage\nPerm\u00e9ables\nApr\u00e8s\nprojetNombre \nde placesTotal997\n\u00c9lectriques/\nhybrides\nCovoiturage\nAuto-partage\nPerm\u00e9ables\nPOUR LES POINTS PERMANENTS DE RETRAIT (\u00ab\u00a0DRIVE\u00a0\u00bb)\n(2\u00b0 de l'article R.752-44 du code de commerce )\nNombre de\npistes de\nravitaillementAvant-\nprojet\nApr\u00e8s\nprojet\nEmprise au sol\naffect\u00e9e au\nretrait des\nmarchandises\n(en m\u00b2)Avant-\nprojet\nApr\u00e8s\nprojet\n1 Si plus de 5  \u00a0  magasins d'une surface de vente (SV)   \u2265   300  \u00a0  m  \u00b2, ne pas renseigner cette ligne mais renvoyer \u00e0 une \nfeuille libre annex\u00e9e au tableau sur laquelle sont \u00a0:\n-\u00a0rappel\u00e9s la commission (CDAC n\u00b0 \u00a0d\u00e9partement/CNAC), le n\u00b0 et la date de l'avis ou de la d\u00e9cision \u00a0;\n-\u00a0list\u00e9s, chacun avec sa SV, tous les magasins d'une surface de vente \u2265 300\u00a0m\u00b2 sous la mention \u00ab\u00a0d\u00e9tail des XX \nmagasins d'une SV \u2265\u00a0300\u00a0m\u00b2\u00a0\u00bb.\n2 Cf. (1)\n6/6Direction r\u00e9gionale et interd\u00e9partementale de l\u25a1environnement, de l\u25a1am\u00e9nagement et des transports d\u25a1\u00cele-de-France -\n75-2024-05-17-00005 - Avis de la commission d\u00e9partementale d'am\u00e9nagement commercial de Paris relatif \u00e0 la cr\u00e9ation d\u25a1un\nensemble commercial d\u25a1une surface de vente totale de 1\u00a0294\u00a0m\u00b2 \u00e0 Paris 1er, \ncompos\u00e9 de 2 moyennes surfaces de secteur 2 (331\u00a0m\u00b2 et 355\u00a0m\u00b2) et de 8 boutiques sur une surface de vente de 608\u00a0m\u00b221\nDirection r\u00e9gionale et interd\u00e9partementale de\nl\u25a1environnement, de l\u25a1am\u00e9nagement et des\ntransports d\u25a1\u00cele-de-France\n75-2024-05-17-00006\nD\u00e9cision de la commission d\u00e9partementale\nd'am\u00e9nagement commercial de Paris relative \u00e0\nl'extension de 848 m\u00b2 d\u25a1une moyenne surface \u00e0\nla future enseigne RH PARIS dans le 8e\narrondissement de Paris portant sa surface de\nvente totale \u00e0 2 059 m\u00b2\nDirection r\u00e9gionale et interd\u00e9partementale de l\u25a1environnement, de l\u25a1am\u00e9nagement et des transports d\u25a1\u00cele-de-France -\n75-2024-05-17-00006 - D\u00e9cision de la commission d\u00e9partementale d'am\u00e9nagement commercial de Paris relative \u00e0 l'extension de 848\nm\u00b2 d\u25a1une moyenne surface \u00e0 la future enseigne RH PARIS dans le 8e arrondissement de Paris portant sa surface de vente totale \u00e0 2\n059 m\u00b222\nPREFET\nDE PARIS\nLibert\u00e9\nEgalit\u00e9\nFraternit\u00e9\nDirection r\u00e9gionale et interd\u00e9partementale\nde l'environnement, de l'am\u00e9nagement\net des transports d'\u00cele-de-France\nUnit\u00e9 d\u00e9partementale de Paris\nD\u00c9CISION DE LA COMMISSION D\u00c9PARTEMENTALE\nD'AM\u00c9NAGEMENT COMMERCIAL DE PARIS\nExtension de 848\u00a0m\u00b2 d'une moyenne surface \u00e0 la future enseigne RH PARIS \n portant sa surface de vente totale \u00e0 2 \u00a0059\u00a0m\u00b2\nLa commission d\u00e9partementale d'am\u00e9nagement commercial de Paris r\u00e9unie le 17 mai 2024, sous la\npr\u00e9sidence de Marc ZARROUATI,  sous-pr\u00e9fet, directeur adjoint de cabinet du pr\u00e9fet de la r\u00e9gion\nd'\u00eele-de-France, pr\u00e9fet de Paris , repr\u00e9sentant le pr\u00e9fet de la r\u00e9gion d'\u00cele-de-France, pr\u00e9fet de Paris,\nemp\u00each\u00e9\u00a0;\nVu le code de commerce, notamment ses articles L.750-1 et suivants et R.751-1 et suivants \u00a0;\nVu le code g\u00e9n\u00e9ral des collectivit\u00e9s territoriales \u00a0;\nVu le d\u00e9cret du 22 juillet 2020 portant nomination de Monsieur Marc GUILLAUME, Pr\u00e9fet de la\nr\u00e9gion d'\u00cele-de-France, Pr\u00e9fet de Paris \u00a0;\nVu  l'arr\u00eat\u00e9  pr\u00e9fectoral  n\u00b075-2023-11-21-00007  du  21  novembre  2023,  portant  constitution  de  la\ncommission d\u00e9partementale d'am\u00e9nagement commercial de Paris \u00a0;\nVu  l'arr\u00eat\u00e9  pr\u00e9fectoral DCL/BRGE/2020/169  du  22  septembre 2020  fixant  la  composition  de  la\ncommission d\u00e9partementale d'am\u00e9nagement commercial des Hauts-de-Seine modifi\u00e9 par l'arr\u00eat\u00e9\npr\u00e9fectoral n\u00b0123 du 10 juillet 2023 \u00a0;\nVu l'arr\u00eat\u00e9 pr\u00e9fectoral du 22 avril 2024 pr\u00e9 cisant la composition de la commission d\u00e9partementale\nd'am\u00e9nagement commercial de Paris pour l'examen de la demande \u00a0;\nVu  la  demande  d'autorisation  d'exploitation  commerciale,  ne  n\u00e9cessitant  pas  de  permis  de\nconstruire pr\u00e9sent\u00e9e par la soci\u00e9t\u00e9 \u00ab \u00a0RH PARIS\u00a0\u00bb (contact@mallandmarket.com ), agissant en qualit\u00e9\nd'exploitant  et  enregistr\u00e9e  pour  le  volet  commercial  au  secr\u00e9tariat  de  la  commission\nd\u00e9partementale  d'am\u00e9nagement  commercial  de  Paris  le  9  avril  2024 ,  sous  le  n\u00b0\u00a0D75-2024-236,\nrelative \u00e0 l'extension de 848\u00a0m\u00b2 d'une moyenne surface de secteur 2 \u00e0 la future enseigne RH, situ\u00e9e\n23 avenue des Champs-\u00c9lys\u00e9es \u2013 75008 PARIS, portant sa surface de vente de 1 \u00a0211\u00a0m\u00b2 \u00e0 une surface\nde vente totale de 2 \u00a0059\u00a0m\u00b2 et faisant suite \u00e0 une premi\u00e8re autorisation d'exploitation commerciale\nobtenue le 20 mai 2021 et devenue d\u00e9finitive le 8 septembre 2021, en vue de la r\u00e9activation des\ndroits commerciaux qui arriveront \u00e0 \u00e9ch\u00e9ance le 8 septembre 2024 \u00a0;\nT\u00e9l : 01 82 52 51 91M\u00e9l : cdac75@developpement-durable.gouv .fr5, rue Leblanc, 75911 Paris Cedex 15www.drieat.ile-de-france.developpement-durable.gouv.fr\nDirection r\u00e9gionale et interd\u00e9partementale de l\u25a1environnement, de l\u25a1am\u00e9nagement et des transports d\u25a1\u00cele-de-France -\n75-2024-05-17-00006 - D\u00e9cision de la commission d\u00e9partementale d'am\u00e9nagement commercial de Paris relative \u00e0 l'extension de 848\nm\u00b2 d\u25a1une moyenne surface \u00e0 la future enseigne RH PARIS dans le 8e arrondissement de Paris portant sa surface de vente totale \u00e0 2\n059 m\u00b223\nVu  l'analyse  d'impact  du  projet,  jointe  au  dossier  de  demande  d'autorisation  d'exploitation\ncommerciale\u00a0;\nVu  le  rapport  d'instruction  pr\u00e9sent\u00e9  par  l'Unit\u00e9  d\u00e9partementale  de  l'environnement,  de\nl'am\u00e9nagement et des transports de Paris \u00a0;\nApr\u00e8s avoir auditionn\u00e9 le repr\u00e9sentant du comit\u00e9 des Champs \u00c9lys\u00e9es puis la soci\u00e9t\u00e9 RH PARIS et avoir\nd\u00e9battu \u00e0 huis clos \u00a0;\nConsid\u00e9rant au regard de l'am\u00e9nagement du territoire,  que le projet commercial prend place dans la\nzone touristique internationale \u00a0; qu'il s'ins\u00e8re dans b\u00e2timent d\u00e9j\u00e0 existant \u00a0; que si l'offre commerciale\nde l'avenue des Champs-\u00c9lys\u00e9es tend \u00e0 s'uniformiser avec l'acc\u00e9l\u00e9ration de l'implantation d'enseignes\ndans le domaine de l'\u00e9quipement de la personne et de l'habillement, notamment dans le secteur du\nluxe, l'implantation d'une  enseigne de l'\u00e9quipement de la maison telle que RH viendra  \u00e9toffer la\nproposition commerciale du quartier et favoriser la diversit\u00e9 de l'offre \u00a0;\nConsid\u00e9rant  au regard de l'animation urbaine ,  que  le projet  se situe dans un quartier \u00e0 vocation\ncommerciale  et  touristique  o\u00f9  les  flux  de  client\u00e8le  sont  pr\u00e9existants  et  qu'ainsi  que  l e  choix\nd'implantation du projet RH est coh\u00e9rent avec les orientations locales de d\u00e9veloppement urbain dans\nla mesure o\u00f9 le quartier a une vocation commerciale que le projet tend \u00e0 renforcer \u00a0; que le projet\nint\u00e9grera une offre de restauration et permettra ainsi d'int\u00e9grer une mixit\u00e9 et que le porteur de projet\ns'est engag\u00e9 en s\u00e9ance \u00e0 ce que les prix pratiqu\u00e9s par le restaurant restent accessibles au plus grand\nnombre\u00a0;\nConsid\u00e9rant, s'agissant de la logistique,  que le projet devrait g\u00e9n\u00e9rer 2 \u00e0 3 livraisons annuelles pour les\nproduits d'ameublement \u00a0et qu'elles s'effectueront par camion de 7 ,5 tonnes sur l'all\u00e9e gravillonn\u00e9e \u00e0\nl'int\u00e9rieur du site\u00a0; que les livraisons aff\u00e9rentes aux activit\u00e9s des restaurants devrait g\u00e9n\u00e9rer 6 \u00a0livraisons\nhebdomadaires qui seront effectu\u00e9es sur une place d\u00e9di\u00e9e d\u00e9j\u00e0 pr\u00e9sente sur la voirie ;\nConsid\u00e9rant au regard de la qualit\u00e9 environnementale, que le b\u00e2timent utilise le chauffage urbain ainsi\nque  Fra\u00eecheur  de  Paris \u00a0;  que  le  projet  vise  \u00e0  restructure r  un  b\u00e2timent  existant  en  recherchant\nl'obtention  d'une  certification  BREEAM  niveau  \u00ab \u00a0very  good\u00a0\u00bb\u00a0;  que  l'insertion  paysag\u00e8re  et\narchitecturale est respectueuse de la qualit\u00e9 initiale de l'immeuble et des lieux et pr\u00e9voit des \u00e9l\u00e9ments\nde v\u00e9g\u00e9talisation (toiture terrasse, murs v\u00e9g\u00e9talis\u00e9s\u2026) \u00a0; \nConsid\u00e9rant au regard de la protection du consommateur , que le projet permettra de proposer une\nactivit\u00e9 commerciale dans des locaux vacants sur une avenue internationalement reconnue \u00a0;  que le\nprojet  pr\u00e9voit  la  mise  aux  normes  pour  l'acc\u00e8s  aux  personnes  \u00e0  mobilit\u00e9  r\u00e9duite  (PMR) \u00a0;  que  les\nrepr\u00e9sentants du p\u00e9titionnaire ont \u00e9voqu\u00e9 en s\u00e9ance une recentralisation de l'origine des mat\u00e9riaux de\nconstruction  des  meubles  \u00e0  proximit\u00e9  des  lieux  de  consommation  et  se  sont  engag\u00e9s  \u00e0  ce  que\nl'enseigne RH \u00e9tudie la possibilit\u00e9 de mettre en valeur l'artisanat mobilier fran\u00e7ais au sein du magasin \u00a0;\nConsid\u00e9rant, au regard de la contribution du projet en mati\u00e8re sociale , que le projet pr\u00e9voit la cr\u00e9ation\nde 40 emplois\u00a0; que le p\u00e9titionnaire s'engage \u00e0 proposer des produits ayant un impact social positif \u00a0;\nConsid\u00e9rant au regard de ce qui pr\u00e9c\u00e8de, que les crit\u00e8res relatifs \u00e0 la d\u00e9livrance des autorisations\nd'exploitation commerciale fix\u00e9s \u00e0 l'article L. 752-6 du code du commerce ont \u00e9t\u00e9 pris en compte \u00a0;\nREND UNE D\u00c9CISION FAVORABLE\nL'autorisation est accord\u00e9e par  8 voix favorables et 1 voix d\u00e9favorable  sur un total de 9 membres\npr\u00e9sents.\n2/6Direction r\u00e9gionale et interd\u00e9partementale de l\u25a1environnement, de l\u25a1am\u00e9nagement et des transports d\u25a1\u00cele-de-France -\n75-2024-05-17-00006 - D\u00e9cision de la commission d\u00e9partementale d'am\u00e9nagement commercial de Paris relative \u00e0 l'extension de 848\nm\u00b2 d\u25a1une moyenne surface \u00e0 la future enseigne RH PARIS dans le 8e arrondissement de Paris portant sa surface de vente totale \u00e0 2\n059 m\u00b224\nOnt vot\u00e9 pour l'autorisation du projet  :\n\u2022Madame Jeanne D'HAUTESSERRE , maire du 8  arrondissement de Paris \u1d49 .\n\u2022Madame Afaf GABELOTAUD , adjointe \u00e0 la maire de Paris, repr\u00e9sentant la maire de Paris,\n\u2022Monsieur Nicolas BONNET-OULALDJ ,  adjoint \u00e0 la maire de Paris, charg\u00e9  du commerce, de\nl'artisanat, des professions lib\u00e9rales et des m\u00e9tiers d'art et mode ,\n\u2022Monsieur Eric SCHAHL , conseiller r\u00e9gional d\u00e9sign\u00e9 par le Conseil R\u00e9gional,\n\u2022Monsieur Fr\u00e9d\u00e9ric BADINA-SERPETTE ,  conseiller d'arrondissement d\u00e9sign\u00e9 par le Conseil de\nParis,\n\u2022Madame Micheline BERNARD-HARLAUT, repr\u00e9sentant le coll\u00e8ge en mati\u00e8re de consommation,\n\u2022Madame Sol\u00e8ne MOUREY , repr\u00e9sentant le coll\u00e8ge en mati\u00e8re d'am\u00e9nagement du territoire,\n\u2022Monsieur Olivier DELOURME , personnalit\u00e9 qualifi\u00e9e pour le d\u00e9partement des Hauts-de-Seine\nA vot\u00e9 contre l'autorisation du projet  :\n\u2022Monsieur Philippe KHAYAT, rep r\u00e9sentant le coll\u00e8ge en mati\u00e8re de d\u00e9veloppement durable,\nEn cons\u00e9quence, la commission d\u00e9partementale d'am\u00e9nagement commercial de Paris r\u00e9unie le 17 mai\n2024  a  rendu  une  d\u00e9cision  favorable  sur  la  demande  pr\u00e9sent\u00e9e  par  la  soci\u00e9t\u00e9  \u00ab\u00a0RH  PARIS\u00a0\u00bb\n(contact@mallandmarket.com ), agissant en qualit\u00e9 d'exploitant , relative \u00e0 l'extension de 848\u00a0m\u00b2 d'une\nmoyenne surface de secteur 2 \u00e0 la future enseigne RH , situ\u00e9e 23 avenue des Champs-\u00c9lys\u00e9es  \u2013 75008\nPARIS, portant sa surface de vente de 1 \u00a0211\u00a0m\u00b2 \u00e0 une surface de vente totale de 2 \u00a0059\u00a0m\u00b2.\nFait \u00e0 Paris, le 17 mai 2024,\n3/6Pour le pr\u00e9fet et par d\u00e9l\u00e9gation,\nle directeur r\u00e9gional et interd\u00e9partemental\nadjoint de l'environnement, de l'am\u00e9nagement\n et des transports d' \u00cele-de-France, \ndirecteur de l'unit\u00e9 d\u00e9partementale de Paris\nSign\u00e9\nJean-Pascal BIARDDirection r\u00e9gionale et interd\u00e9partementale de l\u25a1environnement, de l\u25a1am\u00e9nagement et des transports d\u25a1\u00cele-de-France -\n75-2024-05-17-00006 - D\u00e9cision de la commission d\u00e9partementale d'am\u00e9nagement commercial de Paris relative \u00e0 l'extension de 848\nm\u00b2 d\u25a1une moyenne surface \u00e0 la future enseigne RH PARIS dans le 8e arrondissement de Paris portant sa surface de vente totale \u00e0 2\n059 m\u00b225\nVoies et d\u00e9lais de recours \u00a0: \nConform\u00e9ment aux articles R752-30 et suivants, cet avis est susceptible de recour s dans un d\u00e9lai d'un\nmois. Le d\u00e9lai de recours court \u00a0:\n1\u00b0 Pour le demandeur, \u00e0 compter de la notification de la d\u00e9cision ou de l'avis \u00a0;\n2\u00b0 Pour le pr\u00e9fet et les membres de la commission d\u00e9partementale, \u00e0 compter de la r\u00e9union de\nla commission\u00a0;\n3\u00b0 Pour toute autre personne mentionn\u00e9e \u00e0 l'article L. 752-17 , \u00e0 compter de la plus tardive des\nmesures de publicit\u00e9 pr\u00e9vues aux troisi\u00e8me et cinqui\u00e8me alin\u00e9as de l'article R. 752-19. Le respect\ndu d\u00e9lai de recours est appr\u00e9ci\u00e9 \u00e0 la date d'envoi du recours.\nLe recours est pr\u00e9sent\u00e9 au pr\u00e9sident de la Commission nationale d'am\u00e9nagement commercial par tout\nmoyen s\u00e9curis\u00e9 ou, lorsqu'il est pr\u00e9sent\u00e9 par le pr\u00e9fet, par la voie administrative ordinaire.  \u00c0 peine\nd'irrecevabilit\u00e9, le recours est motiv\u00e9 et accompagn\u00e9 de la justification de la qualit\u00e9 et de l'int\u00e9r\u00eat\ndonnant pour agir de chaque requ\u00e9rant.\n\u00c0 peine d'irrecevabilit\u00e9 de son recours, dans les cinq jours suivant sa pr\u00e9sentation \u00e0 la commission\nnationale, le requ\u00e9rant, s'il est distinct du demandeur de l'autorisation d'exploitation commerciale,\ncommunique son recours \u00e0 ce dernier soit par lettre recommand\u00e9e avec demande d'avis de r\u00e9ception,\nsoit par tout moyen s\u00e9curis\u00e9 .\n4/6Direction r\u00e9gionale et interd\u00e9partementale de l\u25a1environnement, de l\u25a1am\u00e9nagement et des transports d\u25a1\u00cele-de-France -\n75-2024-05-17-00006 - D\u00e9cision de la commission d\u00e9partementale d'am\u00e9nagement commercial de Paris relative \u00e0 l'extension de 848\nm\u00b2 d\u25a1une moyenne surface \u00e0 la future enseigne RH PARIS dans le 8e arrondissement de Paris portant sa surface de vente totale \u00e0 2\n059 m\u00b226\nTABLEAU R\u00c9CAPITULATIF DES CARACT\u00c9RISTIQUES  DU PROJET\nJOINT \u00c0 LA D\u00c9CISION DE LA CDAC \nN\u00b0 D75-2024-236 DU 17/05/2024\n(articles R.\u00a0752-16 / R. 752-38 et R. \u00a0752-44\u00a0du code de commerce )\nPOUR TOUT \u00c9QUIPEMENT COMMERCIAL\n(R.\u00a0752-6 du code de commerce )\nSuperficie totale du lieu d'implantation (en m\u00b2) 1\u00a0352\u00a0m\u00b2\nEt r\u00e9f\u00e9rences cadastrales du terrain d'assiette\n(cf. b du 2\u00b0 du I de l'article art. \u00a0R\u00a0752-6)Section AQ, parcelle n\u00b078 \nPoints d'acc\u00e8s (A)\net de sortie (S) du\nsite\n(cf. b, c et d du 2\u00b0\ndu I de l'article\nR.\u00a0752-6)Avant-\nprojetNombre de A \nNombre de S \nNombre de A/S \nApr\u00e8s\nprojetNombre de A 3\nNombre de S 0\nNombre de A/S 4\nEspaces verts et\nsurfaces\nperm\u00e9ables\n(cf. b du 2\u00b0 et d du\n4\u00b0 du I de l'article\nR.\u00a0752-6)Superficie du terrain consacr\u00e9e aux \nespaces verts (en m\u00b2)611\u00a0m\u00b2\nAutres surfaces v\u00e9g\u00e9talis\u00e9es \n(toitures, fa\u00e7ades, autre(s), en m\u00b2)780,50\u00a0m\u00b2 (murs v\u00e9g\u00e9talis\u00e9s, terrasse et bacs)\nAutres surfaces non \nimperm\u00e9abilis\u00e9es\u00a0:\nm\u00b2 et mat\u00e9riaux / proc\u00e9d\u00e9s utilis\u00e9s\n\u00c9nergies\nrenouvelables\n(cf. b du 4\u00b0 de\nl'article\u00a0R.\u00a0752-6)Panneaux photovolta\u00efques \u00a0: \nm\u00b2 et localisation\n\u00c9oliennes\u00a0(nombre et localisation)\nAutres proc\u00e9d\u00e9s (m\u00b2 / nombre et \nlocalisation) \net observations \u00e9ventuelles \u00a0:\nAutres \u00e9l\u00e9ments\nintrins\u00e8ques ou\nconnexes au projet\nmentionn\u00e9s\nexpress\u00e9ment par\nla commission dans\nson avis ou sa\nd\u00e9cisionV\u00e9g\u00e9talisation de la toiture, cr\u00e9ation de murs v\u00e9g\u00e9talis\u00e9s et d'une serre\nRaccordement au r\u00e9seau \u00ab \u00a0CPCU\u00a0\u00bb et \u00e0 \u00ab\u00a0Fra\u00eecheur de Paris\u00a0\u00bb\nRecours \u00e0 des \u00e9clairages LED\nCertification BREEAM international RFO 2015 niveau \u00ab \u00a0very good\u00a0\u00bb\nInstallation de 3 b\u00e2ches de r\u00e9cup\u00e9ration des eaux pluviales pour un volume cumul\u00e9 de 28,8 \u00a0m\u00b3\nRecours aux mat\u00e9riaux biosourc\u00e9s (laine de bois, peinture biosourc\u00e9e...)\nRecentralisation  de  l'origine  des  mat\u00e9riaux  de  construction  du  mobilier  RH  \u00e0\nproximit\u00e9  des  lieux  de  consommation  et  engagements  \u00e0  ce  que  RH  \u00e9tudie  la\npossibilit\u00e9 de mettre en valeur l'artisanat mobilier fran\u00e7ais\n5/6Direction r\u00e9gionale et interd\u00e9partementale de l\u25a1environnement, de l\u25a1am\u00e9nagement et des transports d\u25a1\u00cele-de-France -\n75-2024-05-17-00006 - D\u00e9cision de la commission d\u00e9partementale d'am\u00e9nagement commercial de Paris relative \u00e0 l'extension de 848\nm\u00b2 d\u25a1une moyenne surface \u00e0 la future enseigne RH PARIS dans le 8e arrondissement de Paris portant sa surface de vente totale \u00e0 2\n059 m\u00b227\nPOUR LES MAGASINS ET ENSEMBLES COMMERCIAUX\n(a \u00e0 c du 1\u00b0 de l'article R.752-44 du code de commerce )\nSurface de vente\n(cf. a, b, d ou e\ndu 1\u00b0 du I de\nl'article \u00a0R.\u00a0752-\n6)\nEt\nSecteurs d'activit\u00e9\n(cf. a, b, d et e\ndu 1\u00b0 du I de\nl'article R.752-6)Avant-\nprojetSurface de vente (SV) totale 1\u00a0211\u00a0m\u00b2\nMagasins \nde SV \n\u2265300\u00a0m\u00b2Nombre2\nSV/magasin1382399\nSecteur (1 ou 2)22\nApr\u00e8s\nprojetSurface de vente (SV) totale 2\u00a0059\u00a0m\u00b2\nMagasins \nde SV \n\u2265300\u00a0m\u00b2Nombre2\nSV/magasin2610364\nSecteur (1 ou 2)22\nCapacit\u00e9 de\nstationnement\n(cf. g du 1\u00b0 du I\nde l'article\nR.752-6)Avant-\nprojetNombre \nde placesTotal0\n\u00c9lectriques/\nhybrides\nCovoiturage\nAuto-partage\nPerm\u00e9ables\nApr\u00e8s\nprojetNombre \nde placesTotal0\n\u00c9lectriques/\nhybrides\nCovoiturage\nAuto-partage\nPerm\u00e9ables\nPOUR LES POINTS PERMANENTS DE RETRAIT (\u00ab\u00a0DRIVE\u00a0\u00bb)\n(2\u00b0 de l'article R.752-44 du code de commerce )\nNombre de\npistes de\nravitaillementAvant-\nprojet\nApr\u00e8s\nprojet\nEmprise au sol\naffect\u00e9e au\nretrait des\nmarchandises\n(en m\u00b2)Avant-\nprojet\nApr\u00e8s\nprojet\n1 Si plus de 5  \u00a0  magasins d'une surface de vente (SV)   \u2265   300  \u00a0  m  \u00b2, ne pas renseigner cette ligne mais renvoyer \u00e0 une \nfeuille libre annex\u00e9e au tableau sur laquelle sont \u00a0:\n-\u00a0rappel\u00e9s la commission (CDAC n\u00b0 \u00a0d\u00e9partement/CNAC), le n\u00b0 et la date de l'avis ou de la d\u00e9cision \u00a0;\n-\u00a0list\u00e9s, chacun avec sa SV, tous les magasins d'une surface de vente \u2265 300\u00a0m\u00b2 sous la mention \u00ab\u00a0d\u00e9tail des XX \nmagasins d'une SV \u2265\u00a0300\u00a0m\u00b2\u00a0\u00bb.\n2 Cf. (1)\n6/6Direction r\u00e9gionale et interd\u00e9partementale de l\u25a1environnement, de l\u25a1am\u00e9nagement et des transports d\u25a1\u00cele-de-France -\n75-2024-05-17-00006 - D\u00e9cision de la commission d\u00e9partementale d'am\u00e9nagement commercial de Paris relative \u00e0 l'extension de 848\nm\u00b2 d\u25a1une moyenne surface \u00e0 la future enseigne RH PARIS dans le 8e arrondissement de Paris portant sa surface de vente totale \u00e0 2\n059 m\u00b228\nPr\u00e9fecture de Police\n75-2024-05-22-00001\nD\u00e9cision n\u00b0  2024-026 du 22/05/2024 portant\nd\u00e9signation et habilitation des personnes\nautoris\u00e9es \u00e0 acc\u00e9der aux donn\u00e9es \u00e0 caract\u00e8re\npersonnel du traitement mis en \u25a1uvre par la\npr\u00e9fecture de police sur le fondement de\nl\u25a1arr\u00eat\u00e9 du 2 mai 2011 d\u00e9nomm\u00e9 \u00ab fichier des\nr\u00e9sidents des zones de s\u00e9curit\u00e9 \u00bb cr\u00e9\u00e9 \u00e0\nl\u25a1occasion des Jeux Olympiques et\nParalympiques de 2024\nPr\u00e9fecture de Police - 75-2024-05-22-00001 - D\u00e9cision n\u00b0  2024-026 du 22/05/2024 portant d\u00e9signation et habilitation des personnes\nautoris\u00e9es \u00e0 acc\u00e9der aux donn\u00e9es \u00e0 caract\u00e8re personnel du traitement mis en \u25a1uvre par la pr\u00e9fecture de police sur le fondement de\nl\u25a1arr\u00eat\u00e9 du 2 mai 2011 d\u00e9nomm\u00e9 \u00ab fichier des r\u00e9sidents des zones de s\u00e9curit\u00e9 \u00bb cr\u00e9\u00e9 \u00e0 l\u25a1occasion des Jeux Olympiques et\nParalympiques de 202429\nI__ 7 k()msn en hlIN 4 #\n \n \n  \n \n1 \n                     \n      \n \n   \n \n \n \nDECISION n\u00b0  2024-026 \nDu 22/05/2024  \n \nportant d\u00e9signation et habilitation des personnes a utoris\u00e9es \u00e0 acc\u00e9der aux donn\u00e9es \u00e0 \ncaract\u00e8re personnel du traitement mis en \u0153uvre par la pr\u00e9fecture de police sur le fondement \nde l'arr\u00eat\u00e9 du 2 mai 2011 d\u00e9nomm\u00e9 \u00ab  fichier des r\u00e9sidents des zones de s\u00e9curit\u00e9  \u00bb cr\u00e9\u00e9 \u00e0 \nl'occasion des Jeux Olympiques et Paralympiques de 2024 \n  \n \n \n \nLe Pr\u00e9fet de Police, \n \nVU  la loi n\u00b0 78-17 du 6 janvier 1978 relative \u00e0 l'inf ormatique, aux fichiers et aux libert\u00e9s  ; \n \nVU  l'arr\u00eat\u00e9 du 2 mai 2011 modifi\u00e9 relatif aux traitem ents automatis\u00e9s de donn\u00e9es \u00e0 caract\u00e8re \npersonnel d\u00e9nomm\u00e9s \u00ab fichiers des r\u00e9sidents des zon es de s\u00e9curit\u00e9 \u00bb cr\u00e9\u00e9s \u00e0 l'occasion d'un \n\u00e9v\u00e9nement majeur  ; \n \nVU l'avis de la Commission nationale de l'informatique  et des libert\u00e9s du  25  avril  2024.   \n                                                             \n                   \n \nDECIDE  \n \n \n \n \nArticle 1 :  \n \nLes personnels de la soci\u00e9t\u00e9 WEEZEVENT charg\u00e9s de l 'enregistrement des donn\u00e9es collect\u00e9es, \nd\u00e9sign\u00e9s ci-dessous, sont autoris\u00e9s \u00e0 acc\u00e9der \u00e0 tou tes les donn\u00e9es du traitement d\u00e9nomm\u00e9 \n\u00ab fichier des r\u00e9sidents des zones de s\u00e9curit\u00e9  \u00bb cr\u00e9\u00e9 \u00e0 l'occasion des Jeux Olympiques et \nParalympiques de 2024.  \n \n \nNOM  PR\u00c9NOM  ENTIT\u00c9  \nADIBONE NGOLEINE JOSEPHINE Weezevent \nBARBE ANTOINE Weezevent  \nBARCIK DAGMARA Weezevent  \nBOTHOREL ARTHUR Weezevent  Pr\u00e9fecture de Police - 75-2024-05-22-00001 - D\u00e9cision n\u00b0  2024-026 du 22/05/2024 portant d\u00e9signation et habilitation des personnes\nautoris\u00e9es \u00e0 acc\u00e9der aux donn\u00e9es \u00e0 caract\u00e8re personnel du traitement mis en \u25a1uvre par la pr\u00e9fecture de police sur le fondement de\nl\u25a1arr\u00eat\u00e9 du 2 mai 2011 d\u00e9nomm\u00e9 \u00ab fichier des r\u00e9sidents des zones de s\u00e9curit\u00e9 \u00bb cr\u00e9\u00e9 \u00e0 l\u25a1occasion des Jeux Olympiques et\nParalympiques de 202430\n \n \n  \n \n2 \n BOTHOREL LOUIS Weezevent  \nBOURRET-REVEIL EDOUARD Weezevent  \nCHOUDJA LAETITIA Weezevent  \nCREPIN LEA Weezevent  \nDAOUDI IMANE Weezevent  \nDEBALLON PIERRE-HENRI Weezevent  \nDINAND CLARA Weezevent  \nDOLEZON THIBAULT Weezevent  \nFALLONE LENA Weezevent  \nFERNIER PAUL Weezevent  \nGOUELLO ANTOINE Weezevent  \nGUERIN THOMAS Weezevent  \nGUFFROY MATTHIEU Weezevent  \nHALPHEN PAUL Weezevent  \nHAMON BRIEUC Weezevent  \nHUMBRECHT GEOFFREY Weezevent  \nLE BRAS FRANCOIS Weezevent  \nLE HEN ORTEGA PALOMA Weezevent  \nLE PERU EWEN Weezevent  \nLEBOEUF EZEQUIEL Weezevent  \nLELO DIMBETE BRITANY Weezevent  \nLESEURRE ENYA Weezevent  \nMIGNOT TRISTAN Weezevent  \nMOURGUES ANTHONY Weezevent  \nNAERT QUENTIN Weezevent  \nNUSIM NICOLAS Weezevent  \nPELLET GREGOIRE Weezevent  \nQUILLEC PAULINE Weezevent  \nROCHER Gr\u00e9goire Weezevent  \nROUGIER JULIEN Weezevent  \nSENEJOUX NICOLAS Weezevent  \nSTAVRIDIS DEBORAH Weezevent  \nSTAVRIDIS TASSIA Weezevent  \nTERES IGLESIAS NIL Weezevent  Pr\u00e9fecture de Police - 75-2024-05-22-00001 - D\u00e9cision n\u00b0  2024-026 du 22/05/2024 portant d\u00e9signation et habilitation des personnes\nautoris\u00e9es \u00e0 acc\u00e9der aux donn\u00e9es \u00e0 caract\u00e8re personnel du traitement mis en \u25a1uvre par la pr\u00e9fecture de police sur le fondement de\nl\u25a1arr\u00eat\u00e9 du 2 mai 2011 d\u00e9nomm\u00e9 \u00ab fichier des r\u00e9sidents des zones de s\u00e9curit\u00e9 \u00bb cr\u00e9\u00e9 \u00e0 l\u25a1occasion des Jeux Olympiques et\nParalympiques de 202431\n \n \n  \n \n3 \n THAN MATTHIEU Weezevent  \nTHURON DE ACARREGUI EMMA Weezevent  \nTONGLET SEBASTIEN Weezevent  \nTOUZAIN BASTIEN Weezevent  \nVAN ASSEL HUGO Weezevent  \nVAUTHENY MANON Weezevent  \nZAHMOUL LIANA Weezevent  \n \n \n \n \nArticle 2 :  \n \nLes agents de la pr\u00e9fecture de Police charg\u00e9s de l' enregistrement des donn\u00e9es collect\u00e9es, \nd\u00e9sign\u00e9s ci-dessous, sont autoris\u00e9s \u00e0 acc\u00e9der \u00e0 tou tes les donn\u00e9es du traitement d\u00e9nomm\u00e9 \n\u00ab fichier des r\u00e9sidents des zones de s\u00e9curit\u00e9  \u00bb cr\u00e9\u00e9 \u00e0 l'occasion des Jeux Olympiques et \nParalympiques de 2024.  \n \n \nNOM  PR\u00c9NOM  ENTIT\u00c9  \nAYZAC Paul Pr\u00e9fecture de Police \nBANCAREL Sylvaine Pr\u00e9fecture de Police \nBOULANGER Serge Pr\u00e9fecture de Police \nCOHEN-GAVIN Marion Pr\u00e9fecture de Police \nCORREA Ang\u00e9lique Pr\u00e9fecture de Police \nDORGELUS F\u00e9licia Pr\u00e9fecture de Police \nKADIMA KALONDO Tshiony Pr\u00e9fecture de Police \nKANE Marieme Pr\u00e9fecture de Police \nLALEAU M\u00e9lanie Pr\u00e9fecture de Police \nLECOQ S\u00e9gol\u00e8ne Pr\u00e9fecture de Police \nMAUGER Margaux Pr\u00e9fecture de Police \nMIEZAN Luna Pr\u00e9fecture de Police \nROGALSKI  Elizabeth  Pr\u00e9fecture de Police  \nTHIROUX Patricia Pr\u00e9fecture de Police  \nTISSIEZ Julien Pr\u00e9fecture de Police  Pr\u00e9fecture de Police - 75-2024-05-22-00001 - D\u00e9cision n\u00b0  2024-026 du 22/05/2024 portant d\u00e9signation et habilitation des personnes\nautoris\u00e9es \u00e0 acc\u00e9der aux donn\u00e9es \u00e0 caract\u00e8re personnel du traitement mis en \u25a1uvre par la pr\u00e9fecture de police sur le fondement de\nl\u25a1arr\u00eat\u00e9 du 2 mai 2011 d\u00e9nomm\u00e9 \u00ab fichier des r\u00e9sidents des zones de s\u00e9curit\u00e9 \u00bb cr\u00e9\u00e9 \u00e0 l\u25a1occasion des Jeux Olympiques et\nParalympiques de 202432\n \n \n  \n \n4 \n Article 3 :  \n \nLa pr\u00e9f\u00e8te, directrice du cabinet, la sous-pr\u00e9f\u00e8te,  directrice adjointe de cabinet, le pr\u00e9fet, \nSecr\u00e9taire g\u00e9n\u00e9ral de la Zone de d\u00e9fense et de s\u00e9cu rit\u00e9 de Paris sont charg\u00e9s, chacun en ce \nqui le concerne, de l'ex\u00e9cution du pr\u00e9sent arr\u00eat\u00e9 q ui sera publi\u00e9 au recueil des actes \nadministratifs du d\u00e9partement de Paris, des Hauts-d e-Seine, de la Seine-Saint-Denis et du Val-\nde-Marne, ainsi qu'au bulletin officiel de la Ville  de Paris. \n \n \n Fait \u00e0   Paris, le 22/05/2024 \n \n  \n \n  \n \nLe Pr\u00e9fet de Police,  \n \n \n        Sign\u00e9  \n \nLaurent NU \u00d1EZ  Pr\u00e9fecture de Police - 75-2024-05-22-00001 - D\u00e9cision n\u00b0  2024-026 du 22/05/2024 portant d\u00e9signation et habilitation des personnes\nautoris\u00e9es \u00e0 acc\u00e9der aux donn\u00e9es \u00e0 caract\u00e8re personnel du traitement mis en \u25a1uvre par la pr\u00e9fecture de police sur le fondement de\nl\u25a1arr\u00eat\u00e9 du 2 mai 2011 d\u00e9nomm\u00e9 \u00ab fichier des r\u00e9sidents des zones de s\u00e9curit\u00e9 \u00bb cr\u00e9\u00e9 \u00e0 l\u25a1occasion des Jeux Olympiques et\nParalympiques de 202433","date":"2024-05-22","first_seen_on":"2024-08-19T23:38:37+00:00","id":"95fde332088bb7185cf8b776598fe3ac3aa27d5e13aa0f41d30200984f3fa04f","name":"recueil-75-2024-291-RAA-nominatifs du 22.05.2024","pdf_creation_date":"2024-05-22T14:32:02+00:00","pdf_modification_date":null,"timezone":"Europe/Paris","url":"https://www.prefectures-regions.gouv.fr/ile-de-france/irecontenu/telechargement/116806/871307/file/recueil-75-2024-291-RAA-nominatifs%20du%2022.05.2024.pdf"}
