{"administration":"pref50","administration_name":"Pr\u00e9fecture de la Manche","content":"MANCHE\nRECUEIL DES ACTES\nADMINISTRATIFS SP\u00c9CIAL\nN\u00b050-2026-035\nPUBLI\u00c9 LE  9 F\u00c9VRIER 2026\nSommaire\nDirection d\u00e9partementale de la protection des populations /\n50-2026-02-23-00001 - Arr\u00eat\u00e9 pr\u00e9fectoral n\u00b0 ddpp/2026-048 du 23\njanvier 2026\nabrogeant l'arr\u00eat\u00e9 pr\u00e9fectoral n\u00b0 ddpp/2025-288\nd\u00e9finissant une zone r\u00e9glement\u00e9e suite \u00e0 une d\u00e9claration\nd'infection d'influenza aviaire hautement pathog\u00e8ne sur la\ncommune de lison dans le calvados (4 pages) Page 3\nPr\u00e9fecture de la Manche /\n50-2026-02-02-00004 - D\u00e9signation Int\u00e9rim Sous - Pr\u00e9fet Coutances\n2026 (3 pages) Page 8\n2\nDirection d\u00e9partementale de la protection des\npopulations\n50-2026-02-23-00001\nArr\u00eat\u00e9 pr\u00e9fectoral n\u00b0 ddpp/2026-048 du 23\njanvier 2026\nabrogeant l'arr\u00eat\u00e9 pr\u00e9fectoral n\u00b0 ddpp/2025-288\nd\u00e9finissant une zone r\u00e9glement\u00e9e suite \u00e0 une\nd\u00e9claration d'infection d'influenza aviaire\nhautement pathog\u00e8ne sur la commune de lison\ndans le calvados\nDirection d\u00e9partementale de la protection des populations - 50-2026-02-23-00001 - Arr\u00eat\u00e9 pr\u00e9fectoral n\u00b0 ddpp/2026-048 du 23\njanvier 2026\nabrogeant l'arr\u00eat\u00e9 pr\u00e9fectoral n\u00b0 ddpp/2025-288 d\u00e9finissant une zone r\u00e9glement\u00e9e suite \u00e0 une d\u00e9claration d'infection d'influenza\naviaire hautement pathog\u00e8ne sur la commune de lison dans le calvados\n3\nEsPREFETDE LA MANCHELibert\u00e9Egalit\u00e9Fraternit\u00e9\nDirection d\u00e9partementale de \nla protection des populations \nDirection \nArr\u00eat\u00e9 pr\u00e9fectoral n\u00b0 DDPP/2026-048 du 23 janvier 2026\nabrogeant l'arr\u00eat\u00e9 pr\u00e9fectoral n\u00b0 DDPP/2025-288 d\u00e9finissant une zone r\u00e9glement\u00e9e suite \u00e0 \nune d\u00e9claration d'infection d'Influenza Aviaire hautement pathog\u00e8ne sur la commune de \nLison dans le Calvados\nLe pr\u00e9fet de la Manche \nChevalier de l'ordre national du M\u00e9rite\nVU le r\u00e8glement (CE) n\u00b0853/2004 du Parlement Europ\u00e9en et du Conseil du 29 avril 2004 fixant des  \nr\u00e8gles sp\u00e9cifiques d'hygi\u00e8ne applicables aux denr\u00e9es alimentaires d'origine animale ;\nVU le  r\u00e8glement  (CE)  n\u00b01069/2009  du  Parlement  Europ\u00e9en  et  du  Conseil  du  21  octobre  2009 \n\u00e9tablissant des r\u00e8gles sanitaires applicables aux sous-produits animaux et produits d\u00e9riv\u00e9s non  \ndestin\u00e9s \u00e0 la consommation humaine et abrogeant le r\u00e8glement (CE) n\u00b01774/2002 (r\u00e8glement  \nrelatif aux sous-produits animaux) ;\nVU le r\u00e8glement (UE) 2016/429 du Parlement Europ\u00e9en et du Conseil du 9 mars 2016 relatif aux  \nmaladies animales transmissibles et modifiant et abrogeant certains actes dans le domaine de  \nla sant\u00e9 animale (\u00ab l\u00e9gislation sur la sant\u00e9 animale \u00bb) ;\nVU le  r\u00e8glement  d'ex\u00e9cution  (UE)  2018/1882  de  la  Commission  du  3  d\u00e9cembre  2018  sur  \nl'application de certaines dispositions en mati\u00e8re de pr\u00e9vention et de lutte contre les maladies  \n\u00e0 des cat\u00e9gories de maladies r\u00e9pertori\u00e9es et \u00e9tablissant une liste des esp\u00e8ces et des groupes  \nd'esp\u00e8ces qui pr\u00e9sentent un risque consid\u00e9rable du point de vue de la propagation de ces  \nmaladies r\u00e9pertori\u00e9es ;\nVU le r\u00e8glement d\u00e9l\u00e9gu\u00e9 (UE) 2020/687 de la Commission du 17 d\u00e9cembre 2019 compl\u00e9tant le  \nr\u00e8glement (UE) 2016/429 du Parlement europ\u00e9en et du Conseil en ce qui concerne les r\u00e8gles  \nrelatives \u00e0 la pr\u00e9vention de certaines maladies r\u00e9pertori\u00e9es et \u00e0 la lutte contre celles-ci ; \nVU le r\u00e8glement d\u00e9l\u00e9gu\u00e9 (UE) 2023/361 de la Commission du 28 novembre 2022 compl\u00e9tant le  \nr\u00e8glement (UE) 2016/429 du Parlement europ\u00e9en et du Conseil en ce qui concerne les r\u00e8gles  \napplicables \u00e0 l'utilisation de certains m\u00e9dicaments v\u00e9t\u00e9rinaires pour la pr\u00e9vention de certaines  \nmaladies r\u00e9pertori\u00e9es et la lutte contre celles-ci ;\nVU le code rural et de la p\u00eache maritime, notamment ses articles L. 223-8 et R. 228-1 \u00e0 R. 228-10 ;\nVU le code de la justice administrative, notamment son article R. 421-1 et suivants ;\nVU le d\u00e9cret n\u00b02004-374 du 29 avril 2004 modifi\u00e9, relatif aux pouvoirs des pr\u00e9fets, \u00e0 l'organisation  \net \u00e0 l'action des services de l'\u00c9tat dans les r\u00e9gions et les d\u00e9partements ;\nVU le  d\u00e9cret  n\u00b02009-1484  du  3  d\u00e9cembre  2009  relatif  aux  directions  d\u00e9partementales  \ninterminist\u00e9rielles ;\nPage 1/4\nDirection d\u00e9partementale de la protection des populations - 50-2026-02-23-00001 - Arr\u00eat\u00e9 pr\u00e9fectoral n\u00b0 ddpp/2026-048 du 23\njanvier 2026\nabrogeant l'arr\u00eat\u00e9 pr\u00e9fectoral n\u00b0 ddpp/2025-288 d\u00e9finissant une zone r\u00e9glement\u00e9e suite \u00e0 une d\u00e9claration d'infection d'influenza\naviaire hautement pathog\u00e8ne sur la commune de lison dans le calvados\n4\nVU l'arr\u00eat\u00e9 modifi\u00e9 du 5 juin 2000 relatif au registre d'\u00e9levage ;\nVU l'arr\u00eat\u00e9 du 14 octobre 2005 fixant les r\u00e8gles g\u00e9n\u00e9rales de police sanitaire relatives aux produits  \nd'origine animale destin\u00e9s \u00e0 la consommation humaine ;\nVU l'arr\u00eat\u00e9 modifi\u00e9 du 14 mars 2018 modifi\u00e9 relatif aux mesures de pr\u00e9vention de la propagation  \ndes maladies animales via le transport par v\u00e9hicules routiers d'oiseaux vivants ;\nVU l'arr\u00eat\u00e9 modifi\u00e9 du 29 septembre 2021 relatif aux mesures de bios\u00e9curit\u00e9 applicables par les  \nop\u00e9rateurs et les professionnels li\u00e9s aux animaux dans les \u00e9tablissements d\u00e9tenant des volailles \nou des oiseaux captifs dans le cadre de la pr\u00e9vention des maladies animales transmissibles aux  \nanimaux ou aux \u00eatres humains ;\nVU l'arr\u00eat\u00e9 du 25 septembre 2023 relatif aux mesures de surveillance, de pr\u00e9vention, de lutte et de  \nvaccination contre l'influenza aviaire hautement pathog\u00e8ne (IAHP) ;\nVU        le d\u00e9cret du 27 ao\u00fbt 2025 portant nomination de M. Marc CHAPPUIS, pr\u00e9fet de la Manche ;\nVU l'arr\u00eat\u00e9  pr\u00e9fectoral  n\u00b0  2025-43-VN  en  date  du  22  septembre  2025  donnant  d\u00e9l\u00e9gation  de \nsignature \u00e0 M. Pol KERMORGANT, directeur d\u00e9partemental de la protection des populations ; \nVU l'arr\u00eat\u00e9  pr\u00e9fectoral  DDPP  n\u00b02025-218  du  23  septembre  2025  portant  subd\u00e9l\u00e9gation  de  \nsignature de M. Pol KERMORGANT, directeur d\u00e9partemental de la protection des populations,  \nen mati\u00e8re d'administration g\u00e9n\u00e9rale\nConsid\u00e9rant que  des  visites  de  surveillance  sanitaire  ont  \u00e9t\u00e9  r\u00e9alis\u00e9es  dans  les  exploitations  \ncommerciales et non commerciales dans les communes de la zone de surveillance \nConsid\u00e9rant qu'aucune suspicion, ni aucun foyer dans le p\u00e9rim\u00e8tre r\u00e9glement\u00e9 n'a \u00e9t\u00e9 port\u00e9 \u00e0 la  \nconnaissance de la direction d\u00e9partementale de la protection des populations de la Manche  \nentre le 15 janvier 2026 et le 23 janvier 2026\nConsid\u00e9rant que les conditions d\u00e9finies au point 2 de l'article 11 de l'arr\u00eat\u00e9 pr\u00e9fectoral n\u00b0 DDPP 2025-\n288 du 15 d\u00e9cembre 2025 sont remplies pour la lev\u00e9e de la zone de surveillance;\nSUR PROPOSITION du directeur d\u00e9partemental en charge de la protection des populations,\nARRETE :\nArticle 1er : \nL'arr\u00eat\u00e9 pr\u00e9fectoral n\u00b0 DDPP 2025-288 du 15 d\u00e9cembre 2025 d\u00e9finissant une zone r\u00e9glement\u00e9e suite \u00e0  \nune d\u00e9claration d'infection d'Influenza Aviaire hautement pathog\u00e8ne sur la commune de Lison dans le  \nCalvados est abrog\u00e9.\nArticle 2 : \nL'arr\u00eat\u00e9 pr\u00e9fectoral n\u00b0 DDPP/2025-292 du 19 d\u00e9cembre 2025 d\u00e9finissant les conditions de d\u00e9rogation,  \nsur le territoire des communes plac\u00e9es en zone de surveillance, \u00e0 la mesure d'interdiction de chasse  \nd\u00e9finie au point 2\u00b0 de l'article 10 de l'arr\u00eat\u00e9 pr\u00e9fectoral DDPP n\u00b02025-288 du 15 d\u00e9cembre 2025  \nd\u00e9terminant une zone r\u00e9glement\u00e9e suite \u00e0 une d\u00e9claration d'infection d'influenza aviaire hautement  \npathog\u00e8ne sur la commune de Lison dans le Calvados, est abrog\u00e9. \nPage 2/4\nDirection d\u00e9partementale de la protection des populations - 50-2026-02-23-00001 - Arr\u00eat\u00e9 pr\u00e9fectoral n\u00b0 ddpp/2026-048 du 23\njanvier 2026\nabrogeant l'arr\u00eat\u00e9 pr\u00e9fectoral n\u00b0 ddpp/2025-288 d\u00e9finissant une zone r\u00e9glement\u00e9e suite \u00e0 une d\u00e9claration d'infection d'influenza\naviaire hautement pathog\u00e8ne sur la commune de lison dans le calvados\n5\nArticle 3 : Ex\u00e9cution\nLe Secr\u00e9taire g\u00e9n\u00e9ral de la pr\u00e9fecture, le Directeur d\u00e9partemental de la protection des populations de  \nla  Manche,  les  maires  des  communes  concern\u00e9es  list\u00e9es  dans  l'annexe  1  du  pr\u00e9sent  arr\u00eat\u00e9,  sont \ncharg\u00e9s, chacun en ce qui le concerne, de l'ex\u00e9cution du pr\u00e9sent arr\u00eat\u00e9.\nFait \u00e0 Saint L\u00f4, le 23/01/2026\nPour le Pr\u00e9fet et par d\u00e9l\u00e9gation,\nSIGNE\nLe directeur de la Direction d\u00e9partementale de la \nprotection des populations\nPage 3/4\nDirection d\u00e9partementale de la protection des populations - 50-2026-02-23-00001 - Arr\u00eat\u00e9 pr\u00e9fectoral n\u00b0 ddpp/2026-048 du 23\njanvier 2026\nabrogeant l'arr\u00eat\u00e9 pr\u00e9fectoral n\u00b0 ddpp/2025-288 d\u00e9finissant une zone r\u00e9glement\u00e9e suite \u00e0 une d\u00e9claration d'infection d'influenza\naviaire hautement pathog\u00e8ne sur la commune de lison dans le calvados\n6\nAnnexe 1: liste des communes concern\u00e9es par la lev\u00e9e des mesures\n- AIREL (50004)\n- MOON-SUR-ELLE (50356)\n- SAINT-CLAIR-SUR-ELLE (50455)\n- SAINT-JEAN-DE-SAVIGNY (50491)\n- BERIGNY (50046)\n- CAVIGNY (50106)\n- CERISY-LA-FORET (50110)\n- COUVAINS (50148)\n- LE DEZERT (50161)\n- LA LUZERNE (50161)\n- LA MEAUFFE (50297)\n- LE MESNIL-ROUXELIN (50321)\n- LE-MESNIL-VENERON (50324)\n- PONT-HEBERT (50409)\n- SAINT-ANDRE-L'EPINE (50446)\n- SAINT FROMOND (50468)\n- SAINT-GEORGES-D'ELLE (50473)\n- SAINT-JEAN-DE-DAYE ( 50488)\n- VILLIERS-FOSSARD (50641)\n- et la partie de la commune de CARENTAN-LES-MARAIS (50099) situ\u00e9e au Sud de la RN 13 et \u00e0 l'Est de  \nla RN 174\nD\u00e9lai et voie de recours \nLa pr\u00e9sente d\u00e9cision peut faire l'objet d'un recours contentieux devant le Tribunal Administratif de Caen dans un d\u00e9lai de deux  \nmois  suivant  sa  notification,  soit  par  courrier,  soit  par  l'application  informatique  T\u00e9l\u00e9recours  accessible  sur  le  site  \nwww.telerecours.fr.\nMesures et sanctions applicables en cas de non respect de l'arr\u00eat\u00e9 pr\u00e9fectoral\nLes infractions aux dispositions du pr\u00e9sent arr\u00eat\u00e9 sont constat\u00e9es par des proc\u00e8s verbaux ; elles sont passibles selon leurs natures \net \u00e9ventuellement leurs cons\u00e9quences, des peines pr\u00e9vues par les articles L228-3, L228-4 et R228-1 \u00e0 R228-10 du code rural et de  \nla p\u00eache maritime.\nPage 4/4\nDirection d\u00e9partementale de la protection des populations - 50-2026-02-23-00001 - Arr\u00eat\u00e9 pr\u00e9fectoral n\u00b0 ddpp/2026-048 du 23\njanvier 2026\nabrogeant l'arr\u00eat\u00e9 pr\u00e9fectoral n\u00b0 ddpp/2025-288 d\u00e9finissant une zone r\u00e9glement\u00e9e suite \u00e0 une d\u00e9claration d'infection d'influenza\naviaire hautement pathog\u00e8ne sur la commune de lison dans le calvados\n7\nPr\u00e9fecture de la Manche\n50-2026-02-02-00004\nD\u00e9signation Int\u00e9rim Sous - Pr\u00e9fet Coutances\n2026\nPr\u00e9fecture de la Manche - 50-2026-02-02-00004 - D\u00e9signation Int\u00e9rim Sous - Pr\u00e9fet Coutances 2026 8\nEPR\u00c9FETDE LA MANCHELibert\u00e9Egalit\u00e9Fraternit\u00e9\nSECR\u00c9TARIAT G\u00c9N\u00c9RAL\nService de la coordination des politiques publiques\n et de l'appui territorial\nArr\u00eat\u00e9 n\u00b02026-03 - VN\nA R R \u00ca T \u00c9\nportant d\u00e9signation du sous-pr\u00e9fet\ncharg\u00e9 d'assurer l'int\u00e9rim du sous-pr\u00e9fet de Coutances\n\u00e0 compter du 2 f\u00e9vrier 2026\nLe pr\u00e9fet de la Manche,\nChevalier de l'Ordre National du M\u00e9rite\nVU la loi n\u00b0 82-213 du 2 mars 1982 modifi\u00e9e et compl\u00e9t\u00e9e relative aux droits et libert\u00e9s des\ncommunes, des d\u00e9partements et des r\u00e9gions ;\nVU  la loi d'orientation n\u00b0 92-125 du 6 f\u00e9vrier 1992 modifi\u00e9e relative \u00e0 l'administration\nterritoriale de la R\u00e9publique ;\nVU  le d\u00e9cret n\u00b0 2004-374 du 29 avril 2004 modifi\u00e9 relatif aux pouvoirs des pr\u00e9fets, \u00e0\nl'organisation et \u00e0 l'action des services de l'Etat dans les r\u00e9gions et d\u00e9partements ;\nVU  le d\u00e9cret du 27 ao\u00fbt 2025 portant nomination de M. Marc CHAPPUIS, pr\u00e9fet de la\nManche ;\nVU  le d\u00e9cret du 31 mars 2023 portant nomination de M. Pierre CHAULEUR, sous-pr\u00e9fet\nd'Avranches ;\nVU  le d\u00e9cret du 14 janvier 2026 portant cessation de fonctions de M. Julien MINICONI,\nsous-pr\u00e9fet de Coutances ;\nCONSIDERANT  qu'il convient de proc\u00e9der \u00e0 la d\u00e9signation d'un sous-pr\u00e9fet charg\u00e9 de\nl'int\u00e9rim du sous-pr\u00e9fet de Coutances ;\nSUR proposition du secr\u00e9taire g\u00e9n\u00e9ral de la pr\u00e9fecture,\nA R R E T E\nArticle 1 : M. Pierre CHAULEUR, sous-pr\u00e9fet d'Avranches, est d\u00e9sign\u00e9 pour assurer l'int\u00e9rim\ndu sous-pr\u00e9fet de Coutances \u00e0 compter du 2 f\u00e9vrier 2026.\n.../...\nBP 70522 - 50002 SAINT-LO CEDEX - T\u00e9l. : 02.33.75.49.50 - M\u00e9l. : prefecture@manche.gouv.fr\nAccueil du public les lundi, mardi, jeudi et vendredi\nBureau des migrations et de l'int\u00e9gration de 8h30 \u00e0 12h \u2013 point accueil num\u00e9rique de 8h30 \u00e0 12h30\nwww.manche.gouv.fr\nAccueil g\u00e9n\u00e9ral ouvert du lundi au vendredi de 8h30 \u00e0 12h30 et de 14h \u00e0 17h\nPr\u00e9fecture de la Manche - 50-2026-02-02-00004 - D\u00e9signation Int\u00e9rim Sous - Pr\u00e9fet Coutances 2026 9\nArticle 2 : Le secr\u00e9taire g\u00e9n\u00e9ral de la pr\u00e9fecture et le sous-pr\u00e9fet d'Avranches sont charg\u00e9s,\nchacun en ce qui le concerne de l'ex\u00e9cution du pr\u00e9sent arr\u00eat\u00e9 qui sera publi\u00e9 au recueil\ndes actes administratifs de la pr\u00e9fecture.\nSaint-L\u00f4, le 2 f\u00e9vrier 2026\nSIGN\u00c9\nMarc CHAPPUIS\n \nPr\u00e9fecture de la Manche - 50-2026-02-02-00004 - D\u00e9signation Int\u00e9rim Sous - Pr\u00e9fet Coutances 2026 10\nCopie transmise \u00e0 :\nM le secr\u00e9taire g\u00e9n\u00e9ral de la pr\u00e9fecture\nSecr\u00e9tariat du directeur de cabinet\nM. le sous-pr\u00e9fet de Cherbourg\nM. le sous-pr\u00e9fet d'Avranches\nM. le sous-pr\u00e9fet de Coutances\nMme la directrice de la DCCL\nRecueil des actes administratifs\nPr\u00e9fecture de la Manche - 50-2026-02-02-00004 - D\u00e9signation Int\u00e9rim Sous - Pr\u00e9fet Coutances 2026 11","date":"2026-02-09","first_seen_on":"2026-02-09T15:31:51+00:00","id":"962f767e0b29a2096446b42e5ec6cd235b1f8868d0c0bada5ef8e885630390bf","name":"RAA sp\u00e9cial-50-2026-035 PDF - 0,19 Mb - 09/02/2026","pdf_creation_date":"2026-02-09T15:01:15+00:00","pdf_modification_date":null,"timezone":"Europe/Paris","url":"https://www.manche.gouv.fr/contenu/telechargement/68907/528185/file/RAA%20sp%C3%A9cial-50-2026-035.pdf"}
