{"administration":"prefidf","administration_name":"Pr\u00e9fecture de la r\u00e9gion \u00cele-de-France","content":"PREFECTURE\nREGION ILE DE\nFRANCE\nRECUEIL DES ACTES\nADMINISTRATIFS SP\u00c9CIAL\n(NOMINATIFS)\nN\u00b0IDF-011-2025-12\nPUBLI\u00c9 LE  3 D\u00c9CEMBRE 2025\nSommaire\nAgence R\u00e9gionale de Sant\u00e9 / Agence r\u00e9gionale de sant\u00e9\nd'Ile-de-France-Cellule officines de pharmacie\nIDF-2025-11-13-00005 - Arr\u00eat\u00e9 n\u00b0DOS/EFF/OFF/2025/120 constatant la\ncessation d\u00e9finitive d'activit\u00e9 d'une officine de pharmacie (1\npage) Page 3\nARS - D\u00e9l\u00e9gation d\u00e9partementale des Hauts-De-Seine / Direction\nd\u00e9partementale\nIDF-2025-11-26-00026 - Arr\u00eat\u00e9 portant composition du Conseil\nTerritorial de Sant\u00e9 des Hauts-de-Seine (7 pages) Page 5\nDirection r\u00e9gionale et interd\u00e9partementale de l'\u00e9conomie, de l'emploi,\ndu travail et des solidarit\u00e9s d'\u00cele-de-France / MJPM\nIDF-2025-12-02-00012 - Arr\u00eat\u00e9 n\u00b02025 - 32 fixant le montant de la\ndotation globale de financement et sa r\u00e9partition par financeur public du\nservice mandataire judiciaire \u00e0 la protection des majeurs \u00ab UDAF MJPM,\nSIRET 785 214 354 00033 \u00bb pour l'ann\u00e9e 2025\n (5 pages) Page 13\nIDF-2025-12-02-00008 - Arr\u00eat\u00e9 n\u00b02025 - 34 fixant le montant de la\ndotation globale de financement et sa r\u00e9partition par financeur public du\nservice mandataire judiciaire \u00e0 la protection des majeurs \u00ab AJPC, SIRET\n388 525 479 00035 \u00bb pour l'ann\u00e9e 2025\n (5 pages) Page 19\nIDF-2025-12-02-00009 - Arr\u00eat\u00e9 n\u00b02025 - 35 fixant le montant de la\ndotation globale de financement et sa r\u00e9partition par financeur public du\nservice mandataire judiciaire \u00e0 la protection des majeurs \u00ab ATE, SIRET\n319 468 005 0040 \u00bb pour l'ann\u00e9e 2025 (5 pages) Page 25\n2\nAgence R\u00e9gionale de Sant\u00e9\nIDF-2025-11-13-00005\nArr\u00eat\u00e9 n\u00b0DOS/EFF/OFF/2025/120 constatant la\ncessation d\u00e9finitive d'activit\u00e9 d'une officine de\npharmacie\nAgence R\u00e9gionale de Sant\u00e9 - IDF-2025-11-13-00005 - Arr\u00eat\u00e9 n\u00b0DOS/EFF/OFF/2025/120 constatant la cessation d\u00e9finitive d'activit\u00e9 d'une\nofficine de pharmacie 3\nEREPUBLIQUEFRAN\u00c7AISELibert\u00e9Egalit\u00e9Fraternit\u00e9\ne \u00bb Agence R\u00e9gionale de Sant\u00e9Ile-de-France\n \n \nAGENCE R\u00c9GIONALE DE SANT\u00c9 \u00ceLE-DE-FRANCE \nARR\u00caT\u00c9 N\u00b0 DOS/EFF/OFF/2025/120 constatant la cessation d\u00e9finitive d'activit\u00e9 d'une \nofficine de pharmacie \n \nLE DIRECTEUR G\u00c9N\u00c9RAL DE L'AGENCE R\u00c9GIONALE DE SANT\u00c9 \u00ceLE-DE-FRANCE  \n \n  VU le code de la sant\u00e9 publique  et notamment ses articles L. 5125 -21, L. 5125 -22,  \nR. 5125-30 et R. 5132-37 ; \n \nVU le d\u00e9cret du 10 avril 2024 portant nomination de Monsieur Denis ROBIN, Directeur g\u00e9n\u00e9ral de l'Agence \nr\u00e9gionale de sant\u00e9 \u00cele-de-France, \u00e0 compter du 29 avril 2024 ;  \n \nVU l'arr\u00eat\u00e9 n\u00b0 DS 034/2024 du 29 avril 2024, publi\u00e9 le 30 avril 2024, portant d\u00e9l\u00e9gation de signature du \nDirecteur g\u00e9n\u00e9ral de l'Agence r\u00e9gionale de sant\u00e9 \u00cele -de-France \u00e0 Monsieur Arnaud CORVAISIER, \nDirecteur de l'offre de soins et \u00e0 plusieurs de ses collaborateurs ;  \n \nVU l'arr\u00eat\u00e9 en date du 05 janvier 1944 portant octroi de la licence n\u00b0 78#000280 \u00e0 l'officine de pharmacie \nsise 10 rue d'Epernon \u00e0 Houdan (78550) ; \n \nVU la d\u00e9claration en date du 24 par laquelle Madame Anne LECLERCQ  d\u00e9clare cesser d\u00e9finitivement \nl'exploitation de l'officine de pharmacie sise 10 rue d'Epernon \u00e0 Houdan (78550)  dont elle est titulaire \net restitue la licence correspondante ; \n \n   \nCONSIDERANT que la titulaire d\u00e9clare cesser d\u00e9finitivement l'activit\u00e9 de l'officine de pharmacie \u00e0 compter du \n01 novembre 2025 ;  \n \nARR\u00caTE \n \nARTICLE 1er : La cessation  d\u00e9finitive d'activit\u00e9 \u00e0 compter du  01 novembre 2025 de  l'officine de pharmacie \nexploit\u00e9e par Madame Anne LECLERCQ sise 10 rue d'Epernon \u00e0 Houdan (78550) est constat\u00e9e. \n \nLa licence n\u00b078#000280 est caduque \u00e0 compter de cette date. \n \nARTICLE 2e : Un recours contentieux contre le pr\u00e9sent ar r\u00eat\u00e9 peut \u00eatre form\u00e9 aupr\u00e8s du t ribunal administratif \ncomp\u00e9tent. Le d\u00e9lai de recours est de deux mois \u00e0 compter de la notification de l'arr\u00eat\u00e9 pour les \nint\u00e9ress\u00e9s ou de sa publication pour les tiers. \n \nARTICLE 3e : Le Directeur g\u00e9n\u00e9ral de l'Agence r\u00e9gionale de sant\u00e9 \u00cele-de-France est charg\u00e9 de l'ex\u00e9cution du \npr\u00e9sent arr\u00eat\u00e9 qui sera publi\u00e9 au recueil des actes administratifs de la pr\u00e9fecture de la r\u00e9gio n  \n\u00cele-de-France. \n        \nFait \u00e0 Saint-Denis, le 13 novembre 2025 \n \nPour le Directeur g\u00e9n\u00e9ral  \nde l'Agence r\u00e9gionale de sant\u00e9  \n\u00cele-de-France  \n \nPar d\u00e9l\u00e9gation, \n \nLe Directeur du P\u00f4le Efficience \nSIGN\u00c9 \nFabien P\u00c9RUS \n \nAgence R\u00e9gionale de Sant\u00e9 - IDF-2025-11-13-00005 - Arr\u00eat\u00e9 n\u00b0DOS/EFF/OFF/2025/120 constatant la cessation d\u00e9finitive d'activit\u00e9 d'une\nofficine de pharmacie 4\nARS - D\u00e9l\u00e9gation d\u00e9partementale des\nHauts-De-Seine\nIDF-2025-11-26-00026\nArr\u00eat\u00e9 portant composition du Conseil\nTerritorial de Sant\u00e9 des Hauts-de-Seine\nARS - D\u00e9l\u00e9gation d\u00e9partementale des Hauts-De-Seine - IDF-2025-11-26-00026 - Arr\u00eat\u00e9 portant composition du Conseil Territorial de\nSant\u00e9 des Hauts-de-Seine 5\nREPUBLIQUEFRANCAISELibert\u00e9\u00c9galit\u00e9Fraternit\u00e9\nAl\u00a9 D Agence R\u00e9gionale de Sant\u00e9\u00cele-de-France\n                                                                                                         \n                                                                                                                \nAGENCE R\u00c9GIONALE DE SANT\u00c9  \u00ceLE-DE-FRANCE\nARR\u00caT\u00c9 N\u00b0\nportant composition du Conseil Territorial de Sant\u00e9 des Hauts-de-Seine\nLE DIRECTEUR G\u00c9N\u00c9RAL DE L'AGENCE R\u00c9GIONALE DE SANT\u00c9 \u00ceLE-DE-FRANCE\nVU        la loi n\u00b02009-879 du 21 juillet 2009 portant r\u00e9forme de l'h\u00f4pital et relative aux patients, \u00e0 la sant\u00e9\net aux territoires ;\nVU       la loi n\u00b02016-41 du 26 janvier 2016 de modernisation de notre syst\u00e8me de sant\u00e9, notamment\nl'article L.1434-11 de la section 3 de son article 158 ;\nVU       l'article 19 de la loi n\u00b02019-774 du 24 juillet 2019 portant modification de l'article L1434-10 du\ncode de la sant\u00e9 publique\nVU       le d\u00e9cret n\u00b02010-336 du 31 mars 2010 portant cr\u00e9ation des Agences r\u00e9gionales de sant\u00e9 et le\nd\u00e9cret n\u00b02010-348 du 31 mars 2010 relatif \u00e0 la conf\u00e9rence r\u00e9gionale de la sant\u00e9 et de l'autonomie ;\nVU      le d\u00e9cret n\u00b02016-1024 du 26 juillet 2016 relatif aux territoires de d\u00e9mocratie sanitaire, aux zones\ndes sch\u00e9mas r\u00e9gionaux de sant\u00e9 et aux conseils territoriaux de sant\u00e9 ;\nVU      le d\u00e9cret n\u00b02021-1258 du 29 septembre 2021 portant prorogation du mandat des membres de\ncertains conseils territoriaux de sant\u00e9 ;\nVU    l'arr\u00eat\u00e9 du 3 ao\u00fbt 2016 relatif \u00e0 la composition du conseil territorial de sant\u00e9 ;\nVU    l'arr\u00eat\u00e9 n\u00b016-1224 relatif \u00e0 la d\u00e9limitation du p\u00e9rim\u00e8tre des territoires de d\u00e9mocratie sanitaire de la\nR\u00e9gion Ile-de-France du 18 octobre 2016 ;\nVU   le d\u00e9cret du 10 avril 2024 portant nomination de Monsieur Denis ROBIN, Directeur g\u00e9n\u00e9ral de\nl'Agence r\u00e9gionale de sant\u00e9 \u00cele-de-France, \u00e0 compter du 29 avril 2024 ;\nVU   les r\u00e9ponses aux appels \u00e0 candidature organis\u00e9s en application des dispositions de l'article R.1434-\n33 du d\u00e9cret n\u00b0 2016-1024 susvis\u00e9 ;\nVU     les d\u00e9cisions ou propositions transmises par les organismes concern\u00e9s ;\n           \nARS - D\u00e9l\u00e9gation d\u00e9partementale des Hauts-De-Seine - IDF-2025-11-26-00026 - Arr\u00eat\u00e9 portant composition du Conseil Territorial de\nSant\u00e9 des Hauts-de-Seine 6\nARR\u00caTE\nARTICLE 1er : La composition du Conseil Territorial de Sant\u00e9 des Hauts-de-Seine est d\u00e9sormais fix\u00e9e\ncomme figurant en annexe.\nARTICLE 2 : Les dispositions du pr\u00e9sent arr\u00eat\u00e9 sont applicables \u00e0 compter de la date de sa notification\nau Conseil Territorial de Sant\u00e9 des Hauts-de-Seine.\nARTICLE 3 : Un recours contentieux contre le pr\u00e9sent arr\u00eat\u00e9 peut \u00eatre form\u00e9 aupr\u00e8s du Tribunal\nadministratif comp\u00e9tent. Le d\u00e9lai de recours est de deux mois \u00e0 compter de la date de la\nnotification de l'arr\u00eat\u00e9 pour les int\u00e9ress\u00e9s ou de sa publication pour les tiers.\nARTICLE 4 : La Directrice de la d\u00e9mocratie en sant\u00e9 et de la communication est charg\u00e9e de l'ex\u00e9cution\ndu pr\u00e9sent arr\u00eat\u00e9, qui sera publi\u00e9 au Recueil des actes administratifs de la pr\u00e9fecture de\nr\u00e9gion.\nFait \u00e0 Saint-Denis, le \nLe Directeur g\u00e9n\u00e9ral\nde l'Agence r\u00e9gionale de sant\u00e9\n\u00cele-de-France\n                                                                                                       \nARS - D\u00e9l\u00e9gation d\u00e9partementale des Hauts-De-Seine - IDF-2025-11-26-00026 - Arr\u00eat\u00e9 portant composition du Conseil Territorial de\nSant\u00e9 des Hauts-de-Seine 7\n                                                                       ANNEXE\nComposition du Conseil Territorial de Sant\u00e9 des Hauts-de-Seine\n1. Pour le coll\u00e8ge des professionnels et offreurs des services de sant\u00e9 :\n\uf0f0 a) Pour les repr\u00e9sentants des \u00e9tablissements de sant\u00e9 :\nAu titre des repr\u00e9sentants des personnes morales gestionnaires :\nTitulaires Suppl\u00e9ants\nMadame Dominique BOULANGE (FHP) Monsieur Alexandre BREIL (FHP)\nMonsieur Denis DUCASSE (AP-HP)\nMadame Maria TORRES (FEHAP)\nAu titre des pr\u00e9sidents de commission m\u00e9dicale ou de conf\u00e9rence m\u00e9dicale d'\u00e9tablissement :\nTitulaires Suppl\u00e9ants\nDocteur Nicolas GERONDEAU (FHF)\nProfesseur Nicolas JAVAUD (AP-HP) Monsieur S\u00e9bastien BEAUNE (AP-HP)\nMonsieur Denis MATHIEU (FEHAP)\n\uf0f0 b) Pour les repr\u00e9sentants des personnes morales gestionnaires des services et\n\u00e9tablissements sociaux et m\u00e9dico-sociaux :\nTitulaires Suppl\u00e9ants\nMadame Laure MERLY (SYNERPA) Monsieur Jean-Paul GIRE (SYNERPA)\nMadame Pauline BRAILLON BOBIN (NEXEM) Madame Sonia RABILLIER (SYNERPA)\nMadame LEBLOND Chlo\u00e9 (FHF)\nMadame C\u00e9cile REUSSE (URIOPSS IDF) Madame Mich\u00e8le BARON-QUILLEVERE \n(URIOPSS IDF)\nMonsieur Louis MATIAS (FEHAP)\n\uf0f0 c) Pour les repr\u00e9sentants des organismes \u0153uvrant dans les domaines de la promotion de la\nsant\u00e9 et de la pr\u00e9vention ou en faveur de l'environnement et de la lutte contre la pr\u00e9carit\u00e9 :\nTitulaires Suppl\u00e9ants\nMonsieur LHERAULT Gabin (GCSMS Un chez\nsoi d'abord 92)\nMonsieur Fran\u00e7ois CORNETTO (Association \nAGATA)\nMadame Sonia VELON (Le CASP)\nMadame H\u00e9l\u00e8ne SMITH (UNAPEI 92) Madame Catherine HARPEY (APEI de la Boucle\nde Seine)\n\uf0f0 d) Pour les repr\u00e9sentants des professionnels de sant\u00e9 lib\u00e9raux :\n                       Au titre des m\u00e9decins lib\u00e9raux (URPS) :\nTitulaires Suppl\u00e9ants\nDocteur Yves DERHY (URPS M\u00e9decins) Docteur J\u00e9r\u00f4me GANDIOL (URPS M\u00e9decins)\nDocteur Jean-Paul HAMON (URPS M\u00e9decins) Docteur DELOFFRE Josyane (URPS M\u00e9decins)\nDocteur Gr\u00e9gory LENCZNER (URPS \nRadiodiagnostic et imagerie m\u00e9dicale)\nDocteur MARION Alexis (URPS P\u00e9diatres)\nARS - D\u00e9l\u00e9gation d\u00e9partementale des Hauts-De-Seine - IDF-2025-11-26-00026 - Arr\u00eat\u00e9 portant composition du Conseil Territorial de\nSant\u00e9 des Hauts-de-Seine 8\nAu titre des autres professionnels de sant\u00e9 (URPS) :\nTitulaires Suppl\u00e9ants\nMonsieur Charles-Antoine NILLAMEYOM \n(URPS Pharmacien)\nMonsieur Thomas-Olivier MC DONALD (URPS \nChirurgien-Dentiste)\nMonsieur Yvan TOURJANSKY (URPS \nMasseur Kin\u00e9sith\u00e9rapeute)\nMonsieur Xavier GROS (URPS Masseur \nKin\u00e9sith\u00e9rapeute)\nMonsieur St\u00e9phane GILLERON (URPS \ninfirmier)\nMonsieur Bertrand AUPICON (URPS \nPodologue)\n\uf0f0 e) Pour les repr\u00e9sentants des internes en m\u00e9decine :\nTitulaires Suppl\u00e9ants\nMadame Louise LIMES (SRP IMG)\n\uf0f0 f) Pour les repr\u00e9sentants des diff\u00e9rents modes d'exercice coordonn\u00e9 et des organisations \nde coop\u00e9ration territoriale :\nAu titre des centres de sant\u00e9, maisons de sant\u00e9, p\u00f4les de sant\u00e9 et r\u00e9seaux de sant\u00e9 :\nAu titre des centres de sant\u00e9 :\nTitulaires Suppl\u00e9ants\nMadame H\u00e9l\u00e8ne COLOMBANI (FNCS)\nAu titre des maisons de sant\u00e9 :\nTitulaires Suppl\u00e9ants\nMonsieur Edouard PIETTE (F\u00e9masIF)\nAu titre des r\u00e9seaux de sant\u00e9 :\nTitulaires Suppl\u00e9ants\nMadame Christine BRICOUT-CHANDEMERLE\n(Dac 92 Nord)\nMadame Maya DE SAINT-MARTIN (DAC 92 \nCentre)\nAu titre des communaut\u00e9s professionnelles territoriales de sant\u00e9 et des \u00e9quipes de soins\nprimaires :\nTitulaires Suppl\u00e9ants\nDocteur Matthieu SAULNIER (CPTS Nanterre) Docteur Jean-Luc LEYMARIE (CPTS Rueil-\nMalmaison)\nAu titre des communaut\u00e9s psychiatriques de territoire :\nTitulaires Suppl\u00e9ants\nMadame Luce LEGENDRE (CPT Nord)\nARS - D\u00e9l\u00e9gation d\u00e9partementale des Hauts-De-Seine - IDF-2025-11-26-00026 - Arr\u00eat\u00e9 portant composition du Conseil Territorial de\nSant\u00e9 des Hauts-de-Seine 9\n\uf0f0 g) Pour les repr\u00e9sentants des \u00e9tablissements assurant des activit\u00e9s de soins \u00e0 domicile :\nTitulaires Suppl\u00e9ants\nMonsieur Ghislain PROMONET (FNEHAD) Madame Claire BACOT (AP-HP)\n\uf0f0 h) Pour les repr\u00e9sentants de l'ordre des m\u00e9decins :\nTitulaires Suppl\u00e9ants\nMonsieur Jonathan BRAMI (CROM IDF) Monsieur Dominique MAIER (CROM IDF)\n2. Pour le coll\u00e8ge des usagers et associations d'usagers :\na) Au titre des associations agr\u00e9\u00e9es :\nTitulaires Suppl\u00e9ants\nMonsieur Fran\u00e7ois CHARLES (France \nAlzheimer 92)\nMonsieur Patrick LEPRETRE (France Alzheimer\n92)\nMadame Marie-Paule MANSOUR (AFTC IdF)\nMadame Elisabeth HERAIL (Union R\u00e9gionale \nIdF UFC Que Choisir)\nMadame Marie-Fran\u00e7oise TAUC (Union \nR\u00e9gionale IdF UFC Que Choisir)\nMonsieur GIRARD Michel (UNAFAM) Madame Christine TABARACCI (UNAFAM)\nMonsieur Claude CHAVROT (Association des \nDiab\u00e9tiques d'\u00cele-de-France)\nMadame Christine HAULOT (VMEH 92)\nb) Au titre des associations de personnes handicap\u00e9es :\nTitulaires Suppl\u00e9ants\nMonsieur Jean BLONDELON (APAJH 92)\nMadame Maria GARCIA (SAIS 92)\nc) Au titre des associations de retrait\u00e9s et personnes \u00e2g\u00e9es :\nTitulaires Suppl\u00e9ants\nMadame Micheline SERFATY (CDCA)\nMonsieur G\u00e9rard COLINE (CDCA)\n3. Pour le coll\u00e8ge des repr\u00e9sentants des collectivit\u00e9s territoriales et leurs groupements :\n\uf0f0 a) Pour les conseillers r\u00e9gionaux :\nTitulaires Suppl\u00e9ants\nMonsieur DENIZIOT Pierre (Conseiller r\u00e9gional\nd\u00e9l\u00e9gu\u00e9 sp\u00e9cial)\nMadame Marion JACOB-CHAILLET (Conseill\u00e8re\nr\u00e9gionale \u00cele-de-France)\nARS - D\u00e9l\u00e9gation d\u00e9partementale des Hauts-De-Seine - IDF-2025-11-26-00026 - Arr\u00eat\u00e9 portant composition du Conseil Territorial de\nSant\u00e9 des Hauts-de-Seine 10\n\uf0f0 b) Pour les repr\u00e9sentants des conseils d\u00e9partementaux :\nTitulaires Suppl\u00e9ants\nMadame Alexandra FOURCADE (Conseill\u00e8re \nd\u00e9partementale)\nMadame V\u00e9ronique BERGEROL (Conseill\u00e8re \nd\u00e9partementale)\n\uf0f0 c) Pour les repr\u00e9sentants des services d\u00e9partementaux de protection maternelle et infantile :\nTitulaires Suppl\u00e9ants\nMadame Elizabeth HAUSHERR (CD) Madame Ann-Ga\u00eblle WERNER-BERNARD (CD)\n\uf0f0 d) Pour les repr\u00e9sentants des communaut\u00e9s :\nTitulaires Suppl\u00e9ants\n\uf0f0 e) Pour les repr\u00e9sentants des communes \nTitulaires Suppl\u00e9ants\nMonsieur Eric BERDOATI (Maire de Saint \nCloud)\nMadame Fatima AAZIZ (Adjointe au maire de \nVilleneuve la Garenne)\nMonsieur Francis BRUNELLE (Adjoint au \nmaire de Sceaux)\nMonsieur Claude ROCHER (Adjoint au maire de\nBoulogne-Billancourt)\n4. Pour le coll\u00e8ge des repr\u00e9sentants de l'Etat et des organismes de S\u00e9curit\u00e9 Sociale :\n\uf0f0 a) Pour les repr\u00e9sentants de l'Etat :\nTitulaires Suppl\u00e9ants\nMadame St\u00e9phanie MARIVAIN (Pr\u00e9fecture 92)\n\uf0f0 b) Pour les repr\u00e9sentants des organismes de S\u00e9curit\u00e9 Sociale :\nTitulaires Suppl\u00e9ants\nMadame Stella DELOUIS (CNAV) Madame Claire CHONOWSKI GERMAIN \n(DRSM)\nMonsieur Christian COLLARD (CPAM 92)\n5. Pour le coll\u00e8ge des personnalit\u00e9s qualifi\u00e9es :\nTitulaires\nDocteur CHANSIAUX Christine\nMonsieur DEBORD Didier\nARS - D\u00e9l\u00e9gation d\u00e9partementale des Hauts-De-Seine - IDF-2025-11-26-00026 - Arr\u00eat\u00e9 portant composition du Conseil Territorial de\nSant\u00e9 des Hauts-de-Seine 11\nPour les Ordres :\nTitulaires Suppl\u00e9ants\nMadame Nathalie RIMLINGER-LEMARE \n(pharmaciens)\nMadame Marianne LE BRUCHEC \n(pharmaciens)\nMadame Eliane VAUTRIN (sage-femmes) Madame Catherine ALRIQUET (CPAM92)\nMadame Christine PATE DE ROHDEN\n(infirmier)\nMonsieur Alexis HAZERA (p\u00e9dicures-\npodologues)\nMonsieur Vincent RENNER (p\u00e9dicures-\npodologues)\nMadame Muriel UNG BAO (chirurgiens-\ndentistes)\nLes parlementaires du d\u00e9partement des Hauts-de-Seine sont membres de droit du conseil \nterritorial de sant\u00e9.\nARS - D\u00e9l\u00e9gation d\u00e9partementale des Hauts-De-Seine - IDF-2025-11-26-00026 - Arr\u00eat\u00e9 portant composition du Conseil Territorial de\nSant\u00e9 des Hauts-de-Seine 12\nDirection r\u00e9gionale et interd\u00e9partementale de\nl'\u00e9conomie, de l'emploi, du travail et des\nsolidarit\u00e9s d'\u00cele-de-France\nIDF-2025-12-02-00012\nArr\u00eat\u00e9 n\u00b02025 - 32 fixant le montant de la\ndotation globale de financement et sa\nr\u00e9partition par financeur public du service\nmandataire judiciaire \u00e0 la protection des majeurs\n\u00ab UDAF MJPM, SIRET 785 214 354 00033 \u00bb pour\nl'ann\u00e9e 2025\nDirection r\u00e9gionale et interd\u00e9partementale de l'\u00e9conomie, de l'emploi, du travail et des solidarit\u00e9s d'\u00cele-de-France -\nIDF-2025-12-02-00012 - Arr\u00eat\u00e9 n\u00b02025 - 32 fixant le montant de la dotation globale de financement et sa r\u00e9partition par financeur\npublic du service mandataire judiciaire \u00e0 la protection des majeurs \u00ab UDAF MJPM, SIRET 785 214 354 00033 \u00bb pour l'ann\u00e9e 2025\n13\nPREFET |DE LA REGIOND'\u00ceLE-DE-FRANCELibert\u00e9Egalit\u00e9Fraternit\u00e9\n \n \n Direction r\u00e9gionale et interd\u00e9partementale \nde l'\u00e9conomie, de l'emploi, \ndu travail et des solidarit\u00e9s \n \n \n \n \n \n \n \n \nDRIEETS d'Ile-de-France \n32, rue Jean Jaur\u00e8s 93200 Saint-Denis \nhttp://idf.direccte.gouv.fr/ \n \n \n \n  \nARR\u00caT\u00c9 n \u00b0 2025 - 32 \nfixant le montant de la dotation globale de financement et sa r\u00e9partition par \nfinanceur public du service mandataire judiciaire \u00e0 la protection des majeurs \n\u00ab UDAF MJPM, SIRET 785 214 354 00033 \u00bb  \npour l'ann\u00e9e 2025 \n \n \nLE PR\u00c9FET DE LA R\u00c9GION D'ILE-DE-FRANCE \nPR\u00c9FET DE PARIS \nGRAND OFFICIER DE LA L\u00c9GION D'HONNEUR \nOFFICIER DE L'ORDRE NATIONAL DU M\u00c9RITE \n \n \nVu le code de l'action sociale et des familles, notamment ses articles L.312 -1, L.314 -1, L.314-4, L.314 -5,   \nL.314-7, L.361-1 et les articles R.314-2 et suivants ; \n \nVu la loi organique n\u00b0 2001-692 du 1er ao\u00fbt 2001 modifi\u00e9e relative aux lois de finances ; \n \nVu la loi n\u00b0 2000-321 du 12 avril 2000 modifi\u00e9e relative aux droits des citoyens dans leurs relations avec les \nadministrations ; \n \nVu la loi n\u00b0 2025-127 du 14 f\u00e9vrier 2025 de finances pour 2025 ; \n \nVu le d\u00e9cret n\u00b0 2003-1010 du 22 octobre 2003 relatif \u00e0 la gestion budg\u00e9taire, comptable et financi\u00e8re et \naux modalit\u00e9s de financement et de tarification des \u00e9tablissements et services sociaux et m\u00e9dico -\nsociaux mentionn\u00e9s au I de l'article L. 312-1 du code de l'action sociale et des familles ; \n \n  Vu le d\u00e9cret n\u00b0 2008-1500 du 30 d\u00e9cembre 2008 relatif \u00e0 la r\u00e9glementation financi\u00e8re et budg\u00e9taire des \n\u00e9tablissements sociaux et m\u00e9dico-sociaux, notamment son article 3 ; \n \nVu le d\u00e9cret du 22 juillet 2020 portant nomination de Monsieur Marc GUILLAUME en qualit\u00e9 de pr\u00e9fet de \nla r\u00e9gion d'Ile-de-France, pr\u00e9fet de Paris ; \n \nVu le d\u00e9cret n\u00b0 2020 -1545 du 9 d\u00e9cembre 2020 relatif \u00e0 l'organisation et aux missions des directions \nr\u00e9gionales de l'\u00e9conomie, de l'emploi, du travail et des solidarit\u00e9s, des directions d\u00e9partementales de \nl'emploi, du travail et des solidarit\u00e9s et des dire ctions d\u00e9partementales de l'emploi, du travail, des \nsolidarit\u00e9s et de la protection des populations ; \n \n \nDirection r\u00e9gionale et interd\u00e9partementale de l'\u00e9conomie, de l'emploi, du travail et des solidarit\u00e9s d'\u00cele-de-France -\nIDF-2025-12-02-00012 - Arr\u00eat\u00e9 n\u00b02025 - 32 fixant le montant de la dotation globale de financement et sa r\u00e9partition par financeur\npublic du service mandataire judiciaire \u00e0 la protection des majeurs \u00ab UDAF MJPM, SIRET 785 214 354 00033 \u00bb pour l'ann\u00e9e 2025\n14\n2 \n \n \nVu l'arr\u00eat\u00e9 du 9 juillet 2009 fixant les indicateurs applicables aux services mandataires judiciaires \u00e0 la \nprotection des majeurs et aux services d\u00e9l\u00e9gu\u00e9s aux prestations familiales ;  \n \n  Vu l'arr\u00eat\u00e9 du 31 ao\u00fbt 2018 relatif \u00e0 la d\u00e9termination du co\u00fbt des mesures de protection exerc\u00e9es par les \nmandataires judiciaires \u00e0 la protection des majeurs ; \n \nVu l'arr\u00eat\u00e9 du 12 ao\u00fbt 2025 portant nomination de Monsieur Fabrice MASI, sur l'emploi de directeur \nr\u00e9gional et interd\u00e9partemental de l'\u00e9conomie, de l'emploi, du travail et des solidarit\u00e9s d'Ile-de-France ; \n \nVu l'arr\u00eat\u00e9 du 25 ao\u00fbt 2025 fixant les dotations r\u00e9gionales limitatives relatives aux frais de \nfonctionnement des services mandataires judiciaires \u00e0 la protection des majeurs relevant du I de \nl'article L. 361-1 du code de l'action sociale et des familles ; \nVu l'arr\u00eat\u00e9 pr\u00e9fectoral n\u00b0 75 -2021-03-30-00003 du 30 mars 2021 portant organisation de la direction \nr\u00e9gionale et interd\u00e9partementale de l'\u00e9conomie, de l'emploi, du travail et des solidarit\u00e9s d'Ile -de-\nFrance ;  \nVu l'arr\u00eat\u00e9 pr\u00e9fectoral n\u00b0 IDF-2025-08-27-00002 du 27 ao\u00fbt 2025  portant d\u00e9l\u00e9gation de signature \u00e0 \nMonsieur Fabrice MASI, directeur r\u00e9gional et interd\u00e9partemental de l'\u00e9conomie, de l'emploi, du travail \net des solidarit\u00e9s d'Ile-de-France (DRIEETS), en mati\u00e8re administrative ; \nVu l'arr\u00eat\u00e9 n\u00b0 IDF-2025-08-27-00003 du 27 ao\u00fbt 2025 portant d\u00e9l\u00e9gation de signature \u00e0 Monsieur Fabrice \nMASI, directeur r\u00e9gional et interd\u00e9partemental de l'\u00e9conomie, de l'emploi, du travail et des solidarit\u00e9s \nd'Ile-de-France (DRIEETS), en mati\u00e8re d'ordonnancement secondaire ; \nVu l'arr\u00eat\u00e9 n\u00b0 IDF -2025-167 du 29 ao\u00fbt 2025 portant subd\u00e9l\u00e9gation de signature en mati\u00e8re \nd'ordonnancement secondaire des recettes et des d\u00e9penses de l'Etat aux agents de la DRIEETS d'\u00cele -\nde-France ; \nVu la d\u00e9cision n\u00b0 2025-164 du 28 ao\u00fbt 2025 portant subd\u00e9l\u00e9gation de signature de Monsieur Fabrice MASI, \ndirecteur r\u00e9gional et interd\u00e9partemental de l'\u00e9conomie, de l'emploi, du travail et des solidarit\u00e9s d'Ile-\nde-France (DRIEETS), aux agents de l'unit\u00e9 r\u00e9gionale ; \n \nVu l'arr\u00eat\u00e9 n\u00b02010-DDCS-91-50 du 6 octobre 2010  portant autorisation d'exercer du  service mandataire \njudiciaire \u00e0 la protection des majeurs de l'association UDAF ;  \n \nVu les propositions budg\u00e9taires pour l'exercice 202 5 d\u00e9pos\u00e9es au moyen de la plateforme e -FSM par la \npersonne ayant qualit\u00e9 pour repr\u00e9senter le service susvis\u00e9 le 28 octobre 2024 ; \n \nVu l'instruction N\u00b0 DGCS/2A/5A/2025/122 du 8 septembre 2025 relative aux orientations de l'exercice \n2025 pour la campagne budg\u00e9taire des services mandataires judiciaires \u00e0 la protection des majeurs et \ndes services d\u00e9l\u00e9gu\u00e9s aux prestations familiales ; \n \nVu le rapport r\u00e9gional d'orientation budg\u00e9taire pour la campagne budg\u00e9taire 202 5 des services \nmandataires judiciaires \u00e0 la protection des majeurs et des services d\u00e9l\u00e9gu\u00e9s aux prestations famili ales \nde la r\u00e9gion Ile-de-France ; \n \nDirection r\u00e9gionale et interd\u00e9partementale de l'\u00e9conomie, de l'emploi, du travail et des solidarit\u00e9s d'\u00cele-de-France -\nIDF-2025-12-02-00012 - Arr\u00eat\u00e9 n\u00b02025 - 32 fixant le montant de la dotation globale de financement et sa r\u00e9partition par financeur\npublic du service mandataire judiciaire \u00e0 la protection des majeurs \u00ab UDAF MJPM, SIRET 785 214 354 00033 \u00bb pour l'ann\u00e9e 2025\n15\n3 \n \nVu la d\u00e9cision d'autorisation budg\u00e9taire en date du 23 octobre 2025, envoy\u00e9 par cour riel le 24 octobre \n2025 et d\u00e9pos\u00e9 sur la plateforme e -FSM le 27 octobre 2025, cl\u00f4turant les \u00e9changes effectu\u00e9s durant \nla proc\u00e9dure contradictoire ; \n \nSur proposition du directeur r\u00e9gional et interd\u00e9partemental de l'\u00e9conomie, de l'emploi, du travail et des  \nsolidarit\u00e9s. \n \n \n \nArr\u00eate : \nArticle 1er : \n \nPour l'exercice budg\u00e9taire 2025, les d\u00e9penses et les recettes pr\u00e9visionnelles du service mandataire judiciaire \n\u00e0 la protection des majeurs UDAF sis, 315 square des Champs -Elys\u00e9es \u2014 BP 107 \u2014 91004 EVRY -\nCOURCOURONNES Cedex, sont autoris\u00e9es comme suit : \n \n Groupes fonctionnels Montants \nD\u00e9penses \nGroupe I - D\u00e9penses aff\u00e9rentes \u00e0 l'exploitation \ncourante 661 100,00 \u20ac \nDont d\u00e9penses non reconductibles 0,00 \u20ac \nGroupe II - D\u00e9penses aff\u00e9rentes au personnel 3 906 205,00 \u20ac \nDont d\u00e9penses non reconductibles 0,00 \u20ac \nGroupe III \u2013 D\u00e9penses aff\u00e9rentes \u00e0 la structure 453 730,00 \u20ac \nDont d\u00e9penses non reconductibles 0,00 \u20ac \nTotal des d\u00e9penses (I+II+III) 5 021 035,00 \u20ac \nReprise du r\u00e9sultat N-2 (d\u00e9ficit) 0,00 \u20ac \n  Total 5 021 035,00 \u20ac \n    \nRecettes \nGroupe I - Produits de la tarification 4 976 035,00 \u20ac \nDont tarification 4 096 093,00 \u20ac \nDont participation des majeurs 879 942,00 \u20ac \nGroupe II \u2013 Autres produits relatifs \u00e0 l'exploitation 0,00 \u20ac \nGroupe III \u2013 Produits financiers et produits non \nencaissables 0,00 \u20ac \nTotal des recettes (I+II+III) 4 976 035,00 \u20ac \nReport \u00e0 nouveau N-2 (exc\u00e9dent) 45 000,00 \u20ac \nTotal des recettes (I+II+III) 5 021 035,00 \n \n \nArticle 2 : \n \nPour l'exercice budg\u00e9taire 2025, la dotation globale de financement du service UDAF est fix\u00e9e \u00e0 4 096 093,00  \u20ac \n(quatre millions quatre-vingt-seize mille quatre-vingt-treize euros), int\u00e9grant la reprise des r\u00e9sultats ant\u00e9rieurs \n\u00e0 hauteur de 45 000,00 \u20ac (quarante-cinq mille euros).  \n \nDirection r\u00e9gionale et interd\u00e9partementale de l'\u00e9conomie, de l'emploi, du travail et des solidarit\u00e9s d'\u00cele-de-France -\nIDF-2025-12-02-00012 - Arr\u00eat\u00e9 n\u00b02025 - 32 fixant le montant de la dotation globale de financement et sa r\u00e9partition par financeur\npublic du service mandataire judiciaire \u00e0 la protection des majeurs \u00ab UDAF MJPM, SIRET 785 214 354 00033 \u00bb pour l'ann\u00e9e 2025\n16\n4 \n \nArticle 3 : \n \nPour l'exercice budg\u00e9taire 202 5, en application de l'article R. 314 -193-1 du code de l'action sociale et des \nfamilles, \n \n1\u00b0 la dotation vers\u00e9e par l'Etat est fix\u00e9e \u00e0 99,70 %, soit un montant de 4 083 804,72 \u20ac ; \n \n2\u00b0 la dotation vers\u00e9e par le d\u00e9partement de l'Essonne est fix\u00e9e \u00e0 0,30 %, soit un montant de 12 288,28 \u20ac. \n \n \nArticle 4 : \n \nLa fraction forfaitaire \u00e9gale, en application de l'article R. 314-107 du code de l'action sociale et des familles, au \ndouzi\u00e8me du montant de la dotation globale de financement, est \u00e9gale \u00e0 :  \n \n1\u00b0 340 317,06 \u20ac pour la dotation mentionn\u00e9e au 1\u00b0 de l'article 3 du pr\u00e9sent arr\u00eat\u00e9 ;  \n \n2\u00b0 1 024,02 \u20ac pour la dotation mentionn\u00e9e au 2\u00b0 de l'article 3 du pr\u00e9sent arr\u00eat\u00e9 . \n \n \nArticle 5 : \n \nL'ordonnateur de la d\u00e9pense est le pr\u00e9fet de la r\u00e9gion Ile-de-France, pr\u00e9fet de Paris, repr\u00e9sent\u00e9 par le directeur \nr\u00e9gional et interd\u00e9partemental de l'\u00e9conomie, de l'emploi du travail et des solidarit\u00e9s d'Ile -de-France. \n \n \nArticle 6 : \n \nLe comptable assignataire est le directeur r\u00e9gional des finances publiques d'Ile -de-France et du d\u00e9partement \nde Paris. \n \n \nArticle 7 : \n \nUn exemplaire du pr\u00e9sent arr\u00eat\u00e9 sera notifi\u00e9 : \n- au pr\u00e9sident de l'association gestionnaire du service ; \n- au pr\u00e9sident du conseil d\u00e9partemental de l'Essonne ; \n- au directeur d\u00e9partemental de l'emploi, du travail et des solidarit\u00e9s du d\u00e9partement de l'Essonne. \n \n \nArticle 8 : \n \nLe pr\u00e9sent arr\u00eat\u00e9 peut faire l'objet d'un recours administratif, soit gracieux aupr\u00e8s d u pr\u00e9fet de la r\u00e9gion d'\u00cele-\nde-France, pr\u00e9fet de Paris, soit hi\u00e9rarchique aupr\u00e8s du ministre des affaires sociales et de la sant\u00e9, dans les deux \nmois suivant la notification du pr\u00e9sent arr\u00eat\u00e9. L'absence de r\u00e9ponse de l'administration au terme d'un d\u00e9lai de \ndeux mois vaut rejet implicite du recours administratif. \n \nUn recours contentieux peut \u00eatre d\u00e9pos\u00e9 aupr\u00e8s du tribunal administratif de Versailles, sis 56, avenue de Saint-\nCloud, 78000 Versailles, dans un d\u00e9lai de deux mois \u00e0 partir de la notification du pr\u00e9sent arr\u00eat\u00e9, ou dans un \nd\u00e9lai de deux mois \u00e0 partir du rejet du recours administratif. Le recours contentieux peut \u00eatre d\u00e9pos\u00e9 en ligne \nvia l'application \u00ab T\u00e9l\u00e9recours citoyens \u00bb accessible par le site internet www.telerecours.fr, par voie postale ou \ndirectement au bureau du greffe de la juridiction. \n \n \nDirection r\u00e9gionale et interd\u00e9partementale de l'\u00e9conomie, de l'emploi, du travail et des solidarit\u00e9s d'\u00cele-de-France -\nIDF-2025-12-02-00012 - Arr\u00eat\u00e9 n\u00b02025 - 32 fixant le montant de la dotation globale de financement et sa r\u00e9partition par financeur\npublic du service mandataire judiciaire \u00e0 la protection des majeurs \u00ab UDAF MJPM, SIRET 785 214 354 00033 \u00bb pour l'ann\u00e9e 2025\n17\n5 \n \nArticle 9 : \n \nEn application des dispositions du III de l'article R.314-36 du code de l'action sociale et des familles, le pr\u00e9sent \narr\u00eat\u00e9 sera publi\u00e9 au recueil des actes administratifs de la pr\u00e9fecture de la r\u00e9gion d'Ile -de-France. \n \n \n \nArticle 10 : \n \nLe pr\u00e9fet, secr\u00e9taire g\u00e9n\u00e9ral pour les affaires r\u00e9gionales de la pr\u00e9fecture de la r\u00e9gion d'Ile-de-France le directeur \nr\u00e9gional et interd\u00e9partemental de l'\u00e9conomie, de l'emploi, du travail  et des solidarit\u00e9s d'\u00cele -de-France sont \ncharg\u00e9s de l'ex\u00e9cution du pr\u00e9sent arr\u00eat\u00e9. \n \nFait \u00e0 Saint-Denis, le 2 d\u00e9cembre 2025 \n \nPour le pr\u00e9fet de la r\u00e9gion d'Ile-de-France,  \npr\u00e9fet de Paris et par d\u00e9l\u00e9gation, \nle directeur r\u00e9gional \n \nsign\u00e9 \n \nJean MENJON \nL'adjoint au Chef de d\u00e9partement \nsolidarit\u00e9s et emploi  \n \n \n \n \n \n \n \n \n \n \n \nMadame la Pr\u00e9sidente \nIsabelle GAILLARD \nUNION DEPARTEMENTALE DES ASSOCIATIONS FAMILIALES  \n315 square des Champs-Elys\u00e9es \u2014 BP 107 \u2014 91004 EVRY-COURCOURONNES Cedex \ni.gaillard@udaf91.fr  \n \nCopie  : \n- \u00e0 la DDETS de l'Essonne  \nDirection r\u00e9gionale et interd\u00e9partementale de l'\u00e9conomie, de l'emploi, du travail et des solidarit\u00e9s d'\u00cele-de-France -\nIDF-2025-12-02-00012 - Arr\u00eat\u00e9 n\u00b02025 - 32 fixant le montant de la dotation globale de financement et sa r\u00e9partition par financeur\npublic du service mandataire judiciaire \u00e0 la protection des majeurs \u00ab UDAF MJPM, SIRET 785 214 354 00033 \u00bb pour l'ann\u00e9e 2025\n18\nDirection r\u00e9gionale et interd\u00e9partementale de\nl'\u00e9conomie, de l'emploi, du travail et des\nsolidarit\u00e9s d'\u00cele-de-France\nIDF-2025-12-02-00008\nArr\u00eat\u00e9 n\u00b02025 - 34 fixant le montant de la\ndotation globale de financement et sa\nr\u00e9partition par financeur public du service\nmandataire judiciaire \u00e0 la protection des majeurs\n\u00ab AJPC, SIRET 388 525 479 00035 \u00bb pour l'ann\u00e9e\n2025\nDirection r\u00e9gionale et interd\u00e9partementale de l'\u00e9conomie, de l'emploi, du travail et des solidarit\u00e9s d'\u00cele-de-France -\nIDF-2025-12-02-00008 - Arr\u00eat\u00e9 n\u00b02025 - 34 fixant le montant de la dotation globale de financement et sa r\u00e9partition par financeur\npublic du service mandataire judiciaire \u00e0 la protection des majeurs \u00ab AJPC, SIRET 388 525 479 00035 \u00bb pour l'ann\u00e9e 2025\n19\nPREFET |DE LA REGIOND'\u00ceLE-DE-FRANCELibert\u00e9Egalit\u00e9Fraternit\u00e9\n \n \n Direction r\u00e9gionale et interd\u00e9partementale \nde l'\u00e9conomie, de l'emploi, \ndu travail et des solidarit\u00e9s \n \n \n \n \n \n \n \n \nDRIEETS d'Ile-de-France \n32, rue Jean Jaur\u00e8s 93200 Saint-Denis \nhttp://idf.direccte.gouv.fr/ \n \n \n \n  \nARR\u00caT\u00c9 n \u00b0 2025 - 34 \nfixant le montant de la dotation globale de financement et sa r\u00e9partition par \nfinanceur public du service mandataire judiciaire \u00e0 la protection des majeurs \n\u00ab AJPC, SIRET 388 525 479 00035 \u00bb  \npour l'ann\u00e9e 2025 \n \n \nLE PR\u00c9FET DE LA R\u00c9GION D'ILE-DE-FRANCE \nPR\u00c9FET DE PARIS \nGRAND OFFICIER DE LA L\u00c9GION D'HONNEUR \nOFFICIER DE L'ORDRE NATIONAL DU M\u00c9RITE \n \n \nVu le code de l'action sociale et des familles, notamment ses articles L.312 -1, L.314 -1, L.314 -4, L.314 -5,   \nL.314-7, L.361-1 et les articles R.314-2 et suivants ; \n \nVu la loi organique n\u00b0 2001-692 du 1er ao\u00fbt 2001 modifi\u00e9e relative aux lois de finances ; \n \nVu la loi n\u00b0 2000-321 du 12 avril 2000 modifi\u00e9e relative aux droits des citoyens dans leurs relations avec les \nadministrations ; \n \nVu la loi n\u00b0 2025-127 du 14 f\u00e9vrier 2025 de finances pour 2025 ; \n \nVu le d\u00e9cret n\u00b0 2003-1010 du 22 octobre 2003 relatif \u00e0 la gestion budg\u00e9taire, comptable et financi\u00e8re et \naux modalit\u00e9s de financement et de tarification des \u00e9tablissements et services sociaux et m\u00e9dico -\nsociaux mentionn\u00e9s au I de l'article L. 312-1 du code de l'action sociale et des familles ; \n \n  Vu le d\u00e9cret n\u00b0 2008-1500 du 30 d\u00e9cembre 2008 relatif \u00e0 la r\u00e9glementation financi\u00e8re et budg\u00e9taire des \n\u00e9tablissements sociaux et m\u00e9dico-sociaux, notamment son article 3 ; \n \nVu le d\u00e9cret du 22 juillet 2020 portant nomination de Monsieur Marc GUILLAUME en qualit\u00e9 de pr\u00e9fet de \nla r\u00e9gion d'Ile-de-France, pr\u00e9fet de Paris ; \n \n \nVu le d\u00e9cret n\u00b0 2020 -1545 du 9 d\u00e9cembre 2020 relatif \u00e0 l'organisation et aux missions des directions \nr\u00e9gionales de l'\u00e9conomie, de l'emploi, du travail et des solidarit\u00e9s, des directions d\u00e9partementales de \n \n \nDirection r\u00e9gionale et interd\u00e9partementale de l'\u00e9conomie, de l'emploi, du travail et des solidarit\u00e9s d'\u00cele-de-France -\nIDF-2025-12-02-00008 - Arr\u00eat\u00e9 n\u00b02025 - 34 fixant le montant de la dotation globale de financement et sa r\u00e9partition par financeur\npublic du service mandataire judiciaire \u00e0 la protection des majeurs \u00ab AJPC, SIRET 388 525 479 00035 \u00bb pour l'ann\u00e9e 2025\n20\n2 \n \nl'emploi, du travail et des solidarit\u00e9s et des directions d\u00e9partementales de l'emploi, du travail, des \nsolidarit\u00e9s et de la protection des populations ; \n \nVu l'arr\u00eat\u00e9 du 9 juillet 2009 fixant les indicateurs applicables aux services mandataires judiciaires \u00e0 la \nprotection des majeurs et aux services d\u00e9l\u00e9gu\u00e9s aux prestations familiales ;  \n \n  Vu l'arr\u00eat\u00e9 du 31 ao\u00fbt 2018 relatif \u00e0 la d\u00e9termination du co\u00fbt des mesures de protection exerc\u00e9es par les \nmandataires judiciaires \u00e0 la protection des majeurs ; \n \nVu l'arr\u00eat\u00e9 du 12 ao\u00fbt 2025 portant nomination de Monsieur Fabrice MASI, sur l'emploi de directeur \nr\u00e9gional et interd\u00e9partemental de l'\u00e9conomie, de l'emploi, du travail et des solidarit\u00e9s d'Ile-de-France ; \n \nVu l'arr\u00eat\u00e9 du 25 ao\u00fbt 2025 fixant les dotations r\u00e9gionales limitatives relatives aux frais de \nfonctionnement des services mandataires judiciaires \u00e0 la protection des majeurs relevant du I de \nl'article L. 361-1 du code de l'action sociale et des familles ; \nVu l'arr\u00eat\u00e9 pr\u00e9fectoral n\u00b0 75 -2021-03-30-00003 du 30 mars 2021 portant organisation de la direction \nr\u00e9gionale et interd\u00e9partementale de l'\u00e9conomie, de l'emploi, du travail et des solidarit\u00e9s d'Ile -de-\nFrance ;  \nVu l'arr\u00eat\u00e9 pr\u00e9fectoral n\u00b0 IDF-2025-08-27-00002 du 27 ao\u00fbt 2025  portant d\u00e9l\u00e9gation de signature \u00e0 \nMonsieur Fabrice MASI, directeur r\u00e9gional et interd\u00e9partemental de l'\u00e9conomie, de l'emploi, du travail \net des solidarit\u00e9s d'Ile-de-France (DRIEETS), en mati\u00e8re administrative ; \nVu l'arr\u00eat\u00e9 n\u00b0 IDF-2025-08-27-00003 du 27 ao\u00fbt 2025 portant d\u00e9l\u00e9gation de signature \u00e0 Monsieur Fabrice \nMASI, directeur r\u00e9gional et interd\u00e9partemental de l'\u00e9conomie, de l'emploi, du travail et des solidarit\u00e9s \nd'Ile-de-France (DRIEETS), en mati\u00e8re d'ordonnancement secondaire ; \nVu l'arr\u00eat\u00e9 n\u00b0 IDF -2025-167 du 29 ao\u00fbt 2025 portant subd\u00e9l\u00e9gation de signature en mati\u00e8re \nd'ordonnancement secondaire des recettes et des d\u00e9penses de l'Etat aux agents de la DRIEETS d'\u00cele -\nde-France ; \nVu la d\u00e9cision n\u00b0 2025-164 du 28 ao\u00fbt 2025 portant subd\u00e9l\u00e9gation de signature de Monsieur Fabrice MASI, \ndirecteur r\u00e9gional et interd\u00e9partemental de l'\u00e9conomie, de l'emploi, du travail et des solidarit\u00e9s d'Ile -\nde-France (DRIEETS), aux agents de l'unit\u00e9 r\u00e9gionale ; \n \nVu l'arr\u00eat\u00e9 n\u00b02010-DDCS-91-49 du 6 octobre 2010 portant autorisation d'exercer du  service mandataire \njudiciaire \u00e0 la protection des majeurs de l'association AJPC ;  \n \nVu les propositions budg\u00e9taires pour l'exercice 202 5 d\u00e9pos\u00e9es au moyen de la plateforme e -FSM par la \npersonne ayant qualit\u00e9 pour repr\u00e9senter le service susvis\u00e9 le 31 octobre 2024 ; \n \nVu l'instruction N\u00b0 DGCS/2A/5A/2025/122 du 8 septembre 2025 relative aux orientations de l'exercice \n2025 pour la campagne budg\u00e9taire des services mandataires judiciaires \u00e0 la protection des majeurs et \ndes services d\u00e9l\u00e9gu\u00e9s aux prestations familiales ; \n \nVu le rapport r\u00e9gional d'orientation budg\u00e9taire pour la campagne budg\u00e9taire 202 5 des services \nmandataires judiciaires \u00e0 la protection des majeurs et des services d\u00e9l\u00e9gu\u00e9s aux prestations famili ales \nde la r\u00e9gion Ile-de-France ; \n \nDirection r\u00e9gionale et interd\u00e9partementale de l'\u00e9conomie, de l'emploi, du travail et des solidarit\u00e9s d'\u00cele-de-France -\nIDF-2025-12-02-00008 - Arr\u00eat\u00e9 n\u00b02025 - 34 fixant le montant de la dotation globale de financement et sa r\u00e9partition par financeur\npublic du service mandataire judiciaire \u00e0 la protection des majeurs \u00ab AJPC, SIRET 388 525 479 00035 \u00bb pour l'ann\u00e9e 2025\n21\n3 \n \nVu la d\u00e9cision d'autorisation budg\u00e9taire en date du 23 octobre 2025, envoy\u00e9 par courriel le 24 octobre \n2025 et d\u00e9pos\u00e9 sur la plateforme e -FSM le 27 octobre 2025, cl\u00f4turant les \u00e9changes effectu\u00e9s durant \nla proc\u00e9dure contradictoire ; \n \nSur proposition du directeur r\u00e9gional et interd\u00e9partemental de l'\u00e9conomie, de l'emploi, du travail et des  \nsolidarit\u00e9s. \n \n \n \nArr\u00eate : \nArticle 1er : \n \nPour l'exercice budg\u00e9taire 2025, les d\u00e9penses et les recettes pr\u00e9visionnelles du service mandataire judiciaire \n\u00e0 la protection des majeurs AJPC sis, Parc Gutenberg \u2014 B\u00e2timent A Entr\u00e9e 3 \u2014 91120 PALAISEAU , sont \nautoris\u00e9es comme suit : \n \n  Groupes fonctionnels Montants \nD\u00e9penses \nGroupe I - D\u00e9penses aff\u00e9rentes \u00e0 l'exploitation \ncourante 220 859,00 \u20ac \nDont d\u00e9penses non reconductibles 0,00 \u20ac \nGroupe II - D\u00e9penses aff\u00e9rentes au personnel 2 816 400,00 \u20ac \nDont d\u00e9penses non reconductibles 0,00 \u20ac \nGroupe III \u2013 D\u00e9penses aff\u00e9rentes \u00e0 la structure 277 500,00 \u20ac \nDont d\u00e9penses non reconductibles 0,00 \u20ac \nTotal des d\u00e9penses (I+II+III) 3 314 759,00 \u20ac \nReprise du r\u00e9sultat N-2 (d\u00e9ficit) 0,00 \u20ac \n  Total 3 314 759,00 \u20ac \n      \nRecettes \nGroupe I - Produits de la tarification 3 299 759,00 \u20ac \nDont tarification 2 682 422,00 \u20ac \nDont participation des majeurs 617 337,00 \u20ac \nGroupe II \u2013 Autres produits relatifs \u00e0 \nl'exploitation 0,00 \u20ac \nGroupe III \u2013 Produits financiers et produits non \nencaissables 0,00 \u20ac \nTotal des recettes (I+II+III) 3 299 759,00 \u20ac \nReport \u00e0 nouveau N-2 (exc\u00e9dent) 15 000,00 \u20ac \nTotal des recettes (I+II+III) 3 314 759,00 \n \n \nArticle 2 : \n \nPour l'exercice budg\u00e9taire 2025, la dotation globale de financement du service AJPC est fix\u00e9e \u00e0 2 682 422,00 \u20ac \n(deux millions six cent quatre-vingt-deux mille quatre cent vingt-deux euros), int\u00e9grant la reprise des r\u00e9sultats \nant\u00e9rieurs \u00e0 hauteur de 15 000,00 \u20ac (quinze-mille euros).  \n \nDirection r\u00e9gionale et interd\u00e9partementale de l'\u00e9conomie, de l'emploi, du travail et des solidarit\u00e9s d'\u00cele-de-France -\nIDF-2025-12-02-00008 - Arr\u00eat\u00e9 n\u00b02025 - 34 fixant le montant de la dotation globale de financement et sa r\u00e9partition par financeur\npublic du service mandataire judiciaire \u00e0 la protection des majeurs \u00ab AJPC, SIRET 388 525 479 00035 \u00bb pour l'ann\u00e9e 2025\n22\n4 \n \nArticle 3 : \n \nPour l'exercice budg\u00e9taire 202 5, en application de l'article R. 314 -193-1 du code de l'action sociale et des \nfamilles, \n \n1\u00b0 la dotation vers\u00e9e par l'Etat est fix\u00e9e \u00e0 99,70 %, soit un montant de  2 674 374,73 \u20ac ; \n \n2\u00b0 la dotation vers\u00e9e par le d\u00e9partement de l'Essonne est fix\u00e9e \u00e0 0 ,30 %, soit un montant de 8 047,27 \u20ac. \n \n \nArticle 4 : \n \nLa fraction forfaitaire \u00e9gale, en application de l'article R. 314-107 du code de l'action sociale et des familles, au \ndouzi\u00e8me du montant de la dotation globale de financement, est \u00e9gale \u00e0 :  \n \n1\u00b0 222 864,56 \u20ac pour la dotation mentionn\u00e9e au 1\u00b0 de l'article 3 du pr\u00e9sent arr\u00eat\u00e9 ;  \n \n2\u00b0 670,60 \u20ac pour la dotation mentionn\u00e9e au 2\u00b0 de l'article 3 du pr\u00e9sent arr\u00eat\u00e9 . \n \n \nArticle 5 : \n \nL'ordonnateur de la d\u00e9pense est le pr\u00e9fet de la r\u00e9gion Ile-de-France, pr\u00e9fet de Paris, repr\u00e9sent\u00e9 par le directeur \nr\u00e9gional et interd\u00e9partemental de l'\u00e9conomie, de l'emploi du travail et des solidarit\u00e9s d'Ile -de-France. \n \n \nArticle 6 : \n \nLe comptable assignataire est le directeur r\u00e9gional des finances publiques d'Ile-de-France et du d\u00e9partement \nde Paris. \n \n \nArticle 7 : \n \nUn exemplaire du pr\u00e9sent arr\u00eat\u00e9 sera notifi\u00e9 : \n- au pr\u00e9sident de l'association gestionnaire du service ; \n- au pr\u00e9sident du conseil d\u00e9partemental de l'Essonne ; \n- au directeur d\u00e9partemental de l'emploi, du travail et des solidarit\u00e9s du d\u00e9partement de l'Essonne. \n \n \nArticle 8 : \n \nLe pr\u00e9sent arr\u00eat\u00e9 peut faire l'objet d'un recours administratif, soit gracieux aupr\u00e8s d u pr\u00e9fet de la r\u00e9gion d'\u00cele-\nde-France, pr\u00e9fet de Paris, soit hi\u00e9rarchique aupr\u00e8s du ministre des affaires sociales et de la sant\u00e9, dans les deux \nmois suivant la notification du pr\u00e9sent arr\u00eat\u00e9. L'absence de r\u00e9ponse de l'administration au terme d'un d\u00e9lai de \ndeux mois vaut rejet implicite du recours administratif. \n \nUn recours contentieux peut \u00eatre d\u00e9pos\u00e9 aupr\u00e8s du tribunal administratif de Versailles, sis 56, avenue de Saint-\nCloud, 78000 Versailles, dans un d\u00e9lai de deux mois \u00e0 partir de la notification du pr\u00e9sent arr\u00eat\u00e9, ou dans un \nd\u00e9lai de deux mois \u00e0 partir du rejet du recours administratif. Le recours contentieux peut \u00eatre d\u00e9pos\u00e9 en ligne \nvia l'application \u00ab T\u00e9l\u00e9recours citoyens \u00bb accessible par le site internet www.telerecours.fr, par voie postale ou \ndirectement au bureau du greffe de la juridiction. \n \nDirection r\u00e9gionale et interd\u00e9partementale de l'\u00e9conomie, de l'emploi, du travail et des solidarit\u00e9s d'\u00cele-de-France -\nIDF-2025-12-02-00008 - Arr\u00eat\u00e9 n\u00b02025 - 34 fixant le montant de la dotation globale de financement et sa r\u00e9partition par financeur\npublic du service mandataire judiciaire \u00e0 la protection des majeurs \u00ab AJPC, SIRET 388 525 479 00035 \u00bb pour l'ann\u00e9e 2025\n23\n5 \n \nArticle 9 : \n \nEn application des dispositions du III de l'article R.314-36 du code de l'action sociale et des familles, le pr\u00e9sent \narr\u00eat\u00e9 sera publi\u00e9 au recueil des actes administratifs de la pr\u00e9fecture de la r\u00e9gion d'Ile -de-France. \n \n \nArticle 10 : \n \nLe pr\u00e9fet, secr\u00e9taire g\u00e9n\u00e9ral pour les affaires r\u00e9gionales de la pr\u00e9fecture de la r\u00e9gion d'Ile-de-France le directeur \nr\u00e9gional et interd\u00e9partemental de l'\u00e9conomie, de l'emploi, du travail  et des solidarit\u00e9s d'\u00cele -de-France sont \ncharg\u00e9s de l'ex\u00e9cution du pr\u00e9sent arr\u00eat\u00e9. \n \nFait \u00e0 Saint-Denis, le 2 d\u00e9cembre 2025 \n \nPour le pr\u00e9fet de la r\u00e9gion d'Ile-de-France,  \npr\u00e9fet de Paris et par d\u00e9l\u00e9gation, \nle directeur r\u00e9gional \n \nsign\u00e9 \n \nJean MENJON \nL'adjoint au Chef de d\u00e9partement \nsolidarit\u00e9s et emploi  \n \n \n \n \n \n \n \n \n \n \n \n \n \n \n \n \n \n \n \n \n \nMadame la Pr\u00e9sident  \nSabine HUET \nASSOCIATION JURIDIQUE PROTECTION ET CONSEIL \nParc Gutenberg \u2014 B\u00e2timent A Entr\u00e9e 3 \u2014 91120 PALAISEAU \nsphisa@aol.com \n \nCopie  : \n- \u00e0 la DDETS de l'Essonne  \nDirection r\u00e9gionale et interd\u00e9partementale de l'\u00e9conomie, de l'emploi, du travail et des solidarit\u00e9s d'\u00cele-de-France -\nIDF-2025-12-02-00008 - Arr\u00eat\u00e9 n\u00b02025 - 34 fixant le montant de la dotation globale de financement et sa r\u00e9partition par financeur\npublic du service mandataire judiciaire \u00e0 la protection des majeurs \u00ab AJPC, SIRET 388 525 479 00035 \u00bb pour l'ann\u00e9e 2025\n24\nDirection r\u00e9gionale et interd\u00e9partementale de\nl'\u00e9conomie, de l'emploi, du travail et des\nsolidarit\u00e9s d'\u00cele-de-France\nIDF-2025-12-02-00009\nArr\u00eat\u00e9 n\u00b02025 - 35 fixant le montant de la\ndotation globale de financement et sa\nr\u00e9partition par financeur public du service\nmandataire judiciaire \u00e0 la protection des majeurs\n\u00ab ATE, SIRET 319 468 005 0040 \u00bb pour l'ann\u00e9e\n2025\nDirection r\u00e9gionale et interd\u00e9partementale de l'\u00e9conomie, de l'emploi, du travail et des solidarit\u00e9s d'\u00cele-de-France -\nIDF-2025-12-02-00009 - Arr\u00eat\u00e9 n\u00b02025 - 35 fixant le montant de la dotation globale de financement et sa r\u00e9partition par financeur\npublic du service mandataire judiciaire \u00e0 la protection des majeurs \u00ab ATE, SIRET 319 468 005 0040 \u00bb pour l'ann\u00e9e 2025\n25\nPREFET |DE LA REGIOND'\u00ceLE-DE-FRANCELibert\u00e9Egalit\u00e9Fraternit\u00e9\n \n \n Direction r\u00e9gionale et interd\u00e9partementale \nde l'\u00e9conomie, de l'emploi, \ndu travail et des solidarit\u00e9s \n \n \n \n \n \n \n \n \nDRIEETS d'Ile-de-France \n32, rue Jean Jaur\u00e8s 93200 Saint-Denis \nhttp://idf.direccte.gouv.fr/ \n \n \n \n  \nARR\u00caT\u00c9 n \u00b0 2025 - 35 \nfixant le montant de la dotation globale de financement et sa r\u00e9partition par \nfinanceur public du service mandataire judiciaire \u00e0 la protection des majeurs \n\u00ab ATE, SIRET 319 468 005 0040 \u00bb  \npour l'ann\u00e9e 2025 \n \n \nLE PR\u00c9FET DE LA R\u00c9GION D'ILE-DE-FRANCE \nPR\u00c9FET DE PARIS \nGRAND OFFICIER DE LA L\u00c9GION D'HONNEUR \nOFFICIER DE L'ORDRE NATIONAL DU M\u00c9RITE \n \n \nVu le code de l'action sociale et des familles, notamment ses articles L.312 -1, L.314 -1, L.314-4, L.314 -5,   \nL.314-7, L.361-1 et les articles R.314-2 et suivants ; \n \nVu la loi organique n\u00b0 2001-692 du 1er ao\u00fbt 2001 modifi\u00e9e relative aux lois de finances ; \n \nVu la loi n\u00b0 2000-321 du 12 avril 2000 modifi\u00e9e relative aux droits des citoyens dans leurs relations avec les \nadministrations ; \n \nVu la loi n\u00b0 2025-127 du 14 f\u00e9vrier 2025 de finances pour 2025 ; \n \nVu le d\u00e9cret n\u00b0 2003-1010 du 22 octobre 2003 relatif \u00e0 la gestion budg\u00e9taire, comptable et financi\u00e8re et \naux modalit\u00e9s de financement et de tarification des \u00e9tablissements et services sociaux et m\u00e9dico -\nsociaux mentionn\u00e9s au I de l'article L. 312-1 du code de l'action sociale et des familles ; \n \n  Vu le d\u00e9cret n\u00b0 2008-1500 du 30 d\u00e9cembre 2008 relatif \u00e0 la r\u00e9glementation financi\u00e8re et budg\u00e9taire des \n\u00e9tablissements sociaux et m\u00e9dico-sociaux, notamment son article 3 ; \n \nVu le d\u00e9cret du 22 juillet 2020 portant nomination de Monsieur Marc GUILLAUME en qualit\u00e9 de pr\u00e9fet de \nla r\u00e9gion d'Ile-de-France, pr\u00e9fet de Paris ; \n \n \nVu le d\u00e9cret n\u00b0 2020 -1545 du 9 d\u00e9cembre 2020 relatif \u00e0 l'organisation et aux missions des directions \nr\u00e9gionales de l'\u00e9conomie, de l'emploi, du travail et des solidarit\u00e9s, des directions d\u00e9partementales de \n \n \nDirection r\u00e9gionale et interd\u00e9partementale de l'\u00e9conomie, de l'emploi, du travail et des solidarit\u00e9s d'\u00cele-de-France -\nIDF-2025-12-02-00009 - Arr\u00eat\u00e9 n\u00b02025 - 35 fixant le montant de la dotation globale de financement et sa r\u00e9partition par financeur\npublic du service mandataire judiciaire \u00e0 la protection des majeurs \u00ab ATE, SIRET 319 468 005 0040 \u00bb pour l'ann\u00e9e 2025\n26\n2 \n \nl'emploi, du travail et des solidarit\u00e9s et des directions d\u00e9partementales de l'emploi, du travail, des \nsolidarit\u00e9s et de la protection des populations ; \n \nVu l'arr\u00eat\u00e9 du 9 juillet 2009 fixant les indicateurs applicables aux services mandataires judiciaires \u00e0 la \nprotection des majeurs et aux services d\u00e9l\u00e9gu\u00e9s aux prestations familiales ;  \n \n  Vu l'arr\u00eat\u00e9 du 31 ao\u00fbt 2018 relatif \u00e0 la d\u00e9termination du co\u00fbt des mesures de protection exerc\u00e9es par les \nmandataires judiciaires \u00e0 la protection des majeurs ; \n \nVu l'arr\u00eat\u00e9 du 12 ao\u00fbt 2025 portant nomination de Monsieur Fabrice MASI, sur l'emploi de directeur \nr\u00e9gional et interd\u00e9partemental de l'\u00e9conomie, de l'emploi, du travail et des solidarit\u00e9s d'Ile-de-France ; \n \nVu l'arr\u00eat\u00e9 du 25 ao\u00fbt 2025 fixant les dotations r\u00e9gionales limitatives relatives aux frais de \nfonctionnement des services mandataires judiciaires \u00e0 la protection des majeurs relevant du I de \nl'article L. 361-1 du code de l'action sociale et des familles ; \nVu l'arr\u00eat\u00e9 pr\u00e9fectoral n\u00b0 75 -2021-03-30-00003 du 30 mars 2021 portant organisation de la direction \nr\u00e9gionale et interd\u00e9partementale de l'\u00e9conomie, de l'emploi, du travail et des solidarit\u00e9s d'Ile -de-\nFrance ;  \nVu l'arr\u00eat\u00e9 pr\u00e9fectoral n\u00b0 IDF-2025-08-27-00002 du 27 ao\u00fbt 2025  portant d\u00e9l\u00e9gation de signature \u00e0 \nMonsieur Fabrice MASI, directeur r\u00e9gional et interd\u00e9partemental de l'\u00e9conomie, de l'emploi, du travail \net des solidarit\u00e9s d'Ile-de-France (DRIEETS), en mati\u00e8re administrative ; \nVu l'arr\u00eat\u00e9 n\u00b0 IDF-2025-08-27-00003 du 27 ao\u00fbt 2025 portant d\u00e9l\u00e9gation de signature \u00e0 Monsieur Fabrice \nMASI, directeur r\u00e9gional et interd\u00e9partemental de l'\u00e9conomie, de l'emploi, du travail et des solidarit\u00e9s \nd'Ile-de-France (DRIEETS), en mati\u00e8re d'ordonnancement secondaire ; \nVu l'arr\u00eat\u00e9 n\u00b0 IDF -2025-167 du 29 ao\u00fbt 2025 portant subd\u00e9l\u00e9gation de signature en mati\u00e8re \nd'ordonnancement secondaire des recettes et des d\u00e9penses de l'Etat aux agents de la DRIEETS d'\u00cele -\nde-France ; \nVu la d\u00e9cision n\u00b0 2025-164 du 28 ao\u00fbt 2025 portant subd\u00e9l\u00e9gation de signature de Monsieur Fabrice MASI, \ndirecteur r\u00e9gional et interd\u00e9partemental de l'\u00e9conomie, de l'emploi, du travail et des solidarit\u00e9s d'Ile-\nde-France (DRIEETS), aux agents de l'unit\u00e9 r\u00e9gionale ; \n \nVu l'arr\u00eat\u00e9 n\u00b02010-DDCS-91-51 du 6 octobre 2010 portant autorisation d'exercer du  service mandataire \njudiciaire \u00e0 la protection des majeurs de l'association ATE ;  \n \nVu les propositions budg\u00e9taires pour l'exercice 202 5 d\u00e9pos\u00e9es au moyen de la plateforme e -FSM par la \npersonne ayant qualit\u00e9 pour repr\u00e9senter le service susvis\u00e9 le 18 octobre 2024 ; \n \nVu l'instruction N\u00b0 DGCS/2A/5A/2025/122 du 8 septembre 2025 relative aux orientations de l'exercice \n2025 pour la campagne budg\u00e9taire des services mandataires judiciaires \u00e0 la protection des majeurs et \ndes services d\u00e9l\u00e9gu\u00e9s aux prestations familiales ; \n \nVu le rapport r\u00e9gional d'orientation budg\u00e9taire pour la campagne budg\u00e9taire 202 5 des services \nmandataires judiciaires \u00e0 la protection des majeurs et des services d\u00e9l\u00e9gu\u00e9s aux prestations famili ales \nde la r\u00e9gion Ile-de-France ; \n \nDirection r\u00e9gionale et interd\u00e9partementale de l'\u00e9conomie, de l'emploi, du travail et des solidarit\u00e9s d'\u00cele-de-France -\nIDF-2025-12-02-00009 - Arr\u00eat\u00e9 n\u00b02025 - 35 fixant le montant de la dotation globale de financement et sa r\u00e9partition par financeur\npublic du service mandataire judiciaire \u00e0 la protection des majeurs \u00ab ATE, SIRET 319 468 005 0040 \u00bb pour l'ann\u00e9e 2025\n27\n3 \n \nVu la d\u00e9cision d'autorisation budg\u00e9taire en date du 23 octobre 2025, d\u00e9pos\u00e9 sur la plateforme e -FSM le \n24 octobre 2025, cl\u00f4turant les \u00e9changes effectu\u00e9s durant la proc\u00e9dure contradictoire ;  \n \nSur proposition du directeur r\u00e9gional et interd\u00e9partemental de l'\u00e9conomie, de l'emploi, du travail et des  \nsolidarit\u00e9s. \n \n \n \nArr\u00eate : \nArticle 1er : \n \nPour l'exercice budg\u00e9taire 2025, les d\u00e9penses et les recettes pr\u00e9visionnelles du service mandataire judiciaire \n\u00e0 la protection des majeurs ATE sis, 7 place Copernic \u2014 91080 EVRY-COURCOURONNES, sont autoris\u00e9es comme \nsuit : \n \n  Groupes fonctionnels Montants \nD\u00e9penses \nGroupe I - D\u00e9penses aff\u00e9rentes \u00e0 l'exploitation \ncourante 112 200,00 \u20ac \nDont d\u00e9penses non reconductibles 0,00 \u20ac \nGroupe II - D\u00e9penses aff\u00e9rentes au personnel 1 969 425,00 \u20ac \nDont d\u00e9penses non reconductibles 0,00 \u20ac \nGroupe III \u2013 D\u00e9penses aff\u00e9rentes \u00e0 la structure 325 520,00 \u20ac \nDont d\u00e9penses non reconductibles 0,00 \u20ac \nTotal des d\u00e9penses (I+II+III) 2 407 145,00 \u20ac \nReprise du r\u00e9sultat N-2 (d\u00e9ficit) 0,00 \u20ac \n  Total 2 407 145,00 \u20ac \n      \nRecettes \nGroupe I - Produits de la tarification 2 334 432,45 \u20ac \nDont tarification 1 954 432,45 \u20ac \nDont participation des majeurs 380 000,00 \u20ac \nGroupe II \u2013 Autres produits relatifs \u00e0 l'exploitation 0,00 \u20ac \nGroupe III \u2013 Produits financiers et produits non \nencaissables 0,00 \u20ac \nTotal des recettes (I+II+III) 2 334 432,45 \u20ac \nReport \u00e0 nouveau N-2 (exc\u00e9dent) 72 712,55 \u20ac \nTotal des recettes (I+II+III) 2 407 145,00 \n \n \n \nArticle 2 : \n \nPour l'exercice budg\u00e9taire 202 5, la dotation globale de financement du service ATE est fix\u00e9e \u00e0 1 954 432,45 \u20ac \n(un million neuf  cent cinquante-quatre mille quatre  cent trente-deux euros et quarante -cinq centimes ), \nint\u00e9grant la reprise des r\u00e9sultats ant\u00e9rieurs \u00e0 hauteur de 72 712,55 \u20ac (soixante-douze-mille sept cent douze \neuros et cinquante-cinq centimes). \nDirection r\u00e9gionale et interd\u00e9partementale de l'\u00e9conomie, de l'emploi, du travail et des solidarit\u00e9s d'\u00cele-de-France -\nIDF-2025-12-02-00009 - Arr\u00eat\u00e9 n\u00b02025 - 35 fixant le montant de la dotation globale de financement et sa r\u00e9partition par financeur\npublic du service mandataire judiciaire \u00e0 la protection des majeurs \u00ab ATE, SIRET 319 468 005 0040 \u00bb pour l'ann\u00e9e 2025\n28\n4 \n \nArticle 3 : \n \nPour l'exercice budg\u00e9taire 202 5, en application de l'article R. 314 -193-1 du code de l'action sociale et des \nfamilles, \n \n1\u00b0 la dotation vers\u00e9e par l'Etat est fix\u00e9e \u00e0 99,70 %, soit un montant de 1 948 569,15 \u20ac ; \n \n2\u00b0 la dotation vers\u00e9e par le d\u00e9partement de l'Essonne est fix\u00e9e \u00e0 0 ,30 %, soit un montant de 5 863,30 \u20ac. \n \n \nArticle 4 : \n \nLa fraction forfaitaire \u00e9gale, en application de l'article R. 314-107 du code de l'action sociale et des familles, au \ndouzi\u00e8me du montant de la dotation globale de financement, est \u00e9gale \u00e0 : \n \n1\u00b0 162 380,76 \u20ac pour la dotation mentionn\u00e9e au 1\u00b0 de l'article 3 du pr\u00e9sent arr\u00eat\u00e9 ;  \n \n2\u00b0 488,61 \u20ac pour la dotation mentionn\u00e9e au 2\u00b0 de l'article 3 du pr\u00e9sent arr\u00eat\u00e9. \n \n \nArticle 5 : \n \nL'ordonnateur de la d\u00e9pense est le pr\u00e9fet de la r\u00e9gion Ile-de-France, pr\u00e9fet de Paris, repr\u00e9sent\u00e9 par le directeur \nr\u00e9gional et interd\u00e9partemental de l'\u00e9conomie, de l'emploi du travail et des solidarit\u00e9s d'Ile -de-France. \n \n \n \nArticle 6 : \n \nLe comptable assignataire est le directeur r\u00e9gional des finances publiques d'Ile-de-France et du d\u00e9partement \nde Paris. \n \n \nArticle 7 : \n \nUn exemplaire du pr\u00e9sent arr\u00eat\u00e9 sera notifi\u00e9 : \n- au pr\u00e9sident de l'association gestionnaire du service ; \n- au pr\u00e9sident du conseil d\u00e9partemental de l'Essonne ; \n- au directeur d\u00e9partemental de l'emploi, du travail et des solidarit\u00e9s du d\u00e9partement de l'Essonne. \n \n \nArticle 8 : \n \nLe pr\u00e9sent arr\u00eat\u00e9 peut faire l'objet d'un recours administratif, soit gracieux aupr\u00e8s d u pr\u00e9fet de la r\u00e9gion d'\u00cele-\nde-France, pr\u00e9fet de Paris, soit hi\u00e9rarchique aupr\u00e8s du ministre des affaires sociales et de la sant\u00e9, dans les deux \nmois suivant la notification du pr\u00e9sent arr\u00eat\u00e9. L'absence de r\u00e9ponse de l'administration au terme d'un d\u00e9lai de \ndeux mois vaut rejet implicite du recours administratif. \n \nUn recours contentieux peut \u00eatre d\u00e9pos\u00e9 aupr\u00e8s du tribunal administratif de Versailles, sis 56, avenue de Saint-\nCloud, 78000 Versailles, dans un d\u00e9lai de deux mois \u00e0 partir de la notification du pr\u00e9sent arr\u00eat\u00e9, ou dans un \nd\u00e9lai de deux mois \u00e0 partir du rejet du recours administratif. Le recours contentieux peut \u00eatre d\u00e9pos\u00e9 en ligne \nvia l'application \u00ab T\u00e9l\u00e9recours citoyens \u00bb accessible par le site internet www.telerecours.fr, par voie postale ou \ndirectement au bureau du greffe de la juridiction. \n \nDirection r\u00e9gionale et interd\u00e9partementale de l'\u00e9conomie, de l'emploi, du travail et des solidarit\u00e9s d'\u00cele-de-France -\nIDF-2025-12-02-00009 - Arr\u00eat\u00e9 n\u00b02025 - 35 fixant le montant de la dotation globale de financement et sa r\u00e9partition par financeur\npublic du service mandataire judiciaire \u00e0 la protection des majeurs \u00ab ATE, SIRET 319 468 005 0040 \u00bb pour l'ann\u00e9e 2025\n29\n5 \n \nArticle 9 : \n \nEn application des dispositions du III de l'article R.314-36 du code de l'action sociale et des familles, le pr\u00e9sent \narr\u00eat\u00e9 sera publi\u00e9 au recueil des actes administratifs de la pr\u00e9fecture de la r\u00e9gion d'Ile -de-France. \n \n \nArticle 10 : \n \nLe pr\u00e9fet, secr\u00e9taire g\u00e9n\u00e9ral pour les affaires r\u00e9gionales de la pr\u00e9fecture de la r\u00e9gion d'Ile-de-France le directeur \nr\u00e9gional et interd\u00e9partemental de l'\u00e9conomie, de l'emploi, du travail  et des solidarit\u00e9s d'\u00cele -de-France sont \ncharg\u00e9s de l'ex\u00e9cution du pr\u00e9sent arr\u00eat\u00e9. \n \n \nFait \u00e0 Saint-Denis, le 2 d\u00e9cembre 2025 \n \nPour le pr\u00e9fet de la r\u00e9gion d'Ile-de-France,  \npr\u00e9fet de Paris et par d\u00e9l\u00e9gation, \nle directeur r\u00e9gional \n \nsign\u00e9 \n \nJean MENJON \nL'adjoint au Chef de d\u00e9partement \nsolidarit\u00e9s et emploi  \n \n \n \n \n \n \n \n \n \n \n \nMonsieur le Pr\u00e9sident  \nJacques HOUSSARKY \nASSOCIATION TUTELAIRE DE L'ESSONNE \n7 place Copernic \u2014 91080 EVRY-COURCOURONNES \nj.houssarsky@at-essonne.fr \n \nCopie  : \n- \u00e0 la DDETS de l'Essonne  \nDirection r\u00e9gionale et interd\u00e9partementale de l'\u00e9conomie, de l'emploi, du travail et des solidarit\u00e9s d'\u00cele-de-France -\nIDF-2025-12-02-00009 - Arr\u00eat\u00e9 n\u00b02025 - 35 fixant le montant de la dotation globale de financement et sa r\u00e9partition par financeur\npublic du service mandataire judiciaire \u00e0 la protection des majeurs \u00ab ATE, SIRET 319 468 005 0040 \u00bb pour l'ann\u00e9e 2025\n30","date":"2025-12-03","first_seen_on":"2025-12-03T19:45:04+00:00","id":"970d54cb7d0c0aff99ac88973b71f2ee8df0bfc84e915b80594df49148389f02","name":"recueil-idf-011-2025-12-RAA-nominatifs du 03.12.2025","pdf_creation_date":"2025-12-03T15:59:30+00:00","pdf_modification_date":null,"timezone":"Europe/Paris","url":"https://www.prefectures-regions.gouv.fr/ile-de-france/irecontenu/telechargement/133328/977818/file/recueil-idf-011-2025-12-RAA-nominatifs%20du%2003.12.2025.pdf"}
