{"administration":"prefidf","administration_name":"Pr\u00e9fecture de la r\u00e9gion \u00cele-de-France","content":"PREFECTURE\nREGION ILE DE\nFRANCE\nRECUEIL DES ACTES\nADMINISTRATIFS SP\u00c9CIAL\nN\u00b0IDF-055-2026-01\nPUBLI\u00c9 LE 29 JANVIER 2026\nSommaire\nAgence R\u00e9gionale de Sant\u00e9 / Agence r\u00e9gionale de sant\u00e9\nd'Ile-de-France-D\u00e9partement de l'autonomie\nIDF-2026-01-26-00021 - Arr\u00eat\u00e9 n\u00b0 2026 - 006 portant autorisation\nd'extension de capacit\u00e9 de 16 \u00e0 26 places\nde la Maison\nd'Accueil Sp\u00e9cialis\u00e9e (MAS) l'Orangerie sise 23 rue des\nNoyers\n\u00e0 Aubervilliers (93300)  (4 pages) Page 3\nIDF-2026-01-26-00020 - Arr\u00eat\u00e9 n\u00b0 2026 - 010 portant autorisation\nd'extension de capacit\u00e9 de 85 places \u00e0 95 places du Service\nd'Education Sp\u00e9ciale et de Soins \u00e0 Domicile (SESSAD) Denisien pour\nla mise en place d'un\nDispositif d'Auto R\u00e9gulation (DAR) sis 187\nboulevard Anatole France\n\u00e0 Saint-Denis  (4 pages) Page 8\nIDF-2025-12-30-00019 - D\u00e9cision tarifaire n\u00b02025 - 273 portant fixation\npour l'ann\u00e9e 2026 du montant et de la r\u00e9partition de la dotation\nglobalis\u00e9e commune pr\u00e9vue au contrat pluriannuel d'objectifs et de\nmoyens de la fondation \"Anais \u00bb  (750065591) (2 pages) Page 13\nAgence R\u00e9gionale de Sant\u00e9 / Direction de l'offre de soins - P\u00f4le\nVille H\u00f4pital\nIDF-2026-01-28-00003 - Arr\u00eat\u00e9 n\u00b0 DOS-2026/323 relatif au contrat-type\nr\u00e9gional d'aide \u00e0 l'installation des centres de sant\u00e9 m\u00e9dicaux\nou\npolyvalents dans les zones sous-dot\u00e9es en offre de soins (4 pages) Page 16\n2\nAgence R\u00e9gionale de Sant\u00e9\nIDF-2026-01-26-00021\nArr\u00eat\u00e9 n\u00b0 2026 - 006 portant autorisation\nd'extension de capacit\u00e9 de 16 \u00e0 26 places\nde la Maison d'Accueil Sp\u00e9cialis\u00e9e (MAS)\nl'Orangerie sise 23 rue des Noyers\n\u00e0 Aubervilliers (93300) \nAgence R\u00e9gionale de Sant\u00e9 - IDF-2026-01-26-00021 - Arr\u00eat\u00e9 n\u00b0 2026 - 006 portant autorisation d'extension de capacit\u00e9 de 16 \u00e0 26\nplaces\nde la Maison d'Accueil Sp\u00e9cialis\u00e9e (MAS) l'Orangerie sise 23 rue des Noyers\n\u00e0 Aubervilliers (93300) \n3\nREPUBLIQUEFRANCAISELibert\u00e9Egalit\u00e9Fraternit\u00e9\n\u00a9 \u00bb Agence R\u00e9gionale de Sant\u00e9Ile-de-France\n \n \n \n \n \n \n \n \n \nAGENCE R\u00c9GIONALE DE SANT\u00c9 \u00ceLE-DE-FRANCE \n \nARRETE N\u00b0 2026 - 006 \n \nportant autorisation d'extension de capacit\u00e9 de 16 \u00e0 26 places \nde la Maison d'Accueil Sp\u00e9cialis\u00e9e (MAS) l'Orangerie sise 23 rue des Noyers \n\u00e0 Aubervilliers (93300), \n \n g\u00e9r\u00e9e par l'association ENVOLUDIA \n \n \n \nLE DIRECTEUR G\u00c9N\u00c9RAL DE L'AGENCE R\u00c9GIONALE DE SANT\u00c9 \u00ceLE-DE-FRANCE \n \n \nVU le code de l'action sociale et des familles et notamment les articles L. 312-1, L. 313-1,   L. \n314-3 et suivants ; \n \nVU        le d\u00e9cret du 10 avril 2024 portant nomination de Monsieur Denis ROBIN, Directeur g\u00e9n\u00e9ral \nde l'Agence r\u00e9gionale de sant\u00e9 \u00cele-de-France \u00e0 compter du 29 avril 2024 ; \n \nVU l'arr\u00eat\u00e9 n\u00b0 DIRNOV-2023/08 de la Directrice g\u00e9n\u00e9rale de l'Agence r\u00e9gionale de sant\u00e9 \u00cele-\nde-France en date du 26 octobre 2023 portant adoption du cadre d'orientation strat\u00e9gique \n2018-2028 du projet r\u00e9gional de sant\u00e9 d'\u00cele-de-France ; \n \nVU l'arr\u00eat\u00e9 n\u00b0 DIRNOV-2023/09 de la Directrice g\u00e9n\u00e9rale de l'Agence r\u00e9gionale de sant\u00e9 \u00cele-\nde-France en date du 26 octobre 2023 portant adoption du sch\u00e9ma r\u00e9gional de sant\u00e9 \n2023-2028 du projet r\u00e9gional de sant\u00e9 d' \u00cele-de-France, modifi\u00e9 par l'arr\u00eat\u00e9 n\u00b0DIRNOV -\n2023/09 en date du 12 janvier 2024 ; \n \nVU l'arr\u00eat\u00e9 n\u00b0 2023-346 de la Directrice g\u00e9n\u00e9rale de l'Agence r\u00e9gionale de sant\u00e9 \u00cele-de-France \nen date du 4 d\u00e9cembre 2023 \u00e9tablissant le programme interd\u00e9partemental \nd'accompagnement des handicaps et de la perte d'autonomie (PRIAC) 2023-2027 pour la \nr\u00e9gion \u00cele-de-France ; \n \nVU l'arr\u00eat\u00e9 conjoint n\u00b02012-244 en date du 7 juin 2012 portant autorisation de cr\u00e9ation d'un \n\u00e9tablissement mixte FAM/MAS de 44 places \u00e0 Neuilly -Plaisance g\u00e9r\u00e9 par l'Association \nGIMC (Groupement des Infirmes Moteurs C\u00e9r\u00e9braux) compos\u00e9 de 28 places de FAM et \nde 16 places de MAS ; \n \nVU  l'avis d'appel \u00e0 manifestation d'int\u00e9r\u00eat visant \u00e0 la cr\u00e9ation d'unit\u00e9s d'accueil de jour pour \njeunes adultes en situation de polyhandicap, publi\u00e9 le 11 juillet 2024 au Recueil des actes \nadministratifs de la r\u00e9gion \u00cele-de-France ; \n \nVU  l'avis de classement de la commission d'information et de s\u00e9lection d'appel \u00e0 candidature \nr\u00e9unie le 16 mai 2025  et publi\u00e9 au Recueil des actes administratifs de la r\u00e9gion \u00cele-de-\nFrance ; \n \n \nAgence R\u00e9gionale de Sant\u00e9 - IDF-2026-01-26-00021 - Arr\u00eat\u00e9 n\u00b0 2026 - 006 portant autorisation d'extension de capacit\u00e9 de 16 \u00e0 26\nplaces\nde la Maison d'Accueil Sp\u00e9cialis\u00e9e (MAS) l'Orangerie sise 23 rue des Noyers\n\u00e0 Aubervilliers (93300) \n4\n   \n \n       2 \n \n \n \nCONSID\u00c9RANT  que le programme d'apprentissage de la nouvelle unit\u00e9 d'accueil de jour  \ninscrit le d\u00e9veloppement de la communication d es jeunes en situation de \npolyhandicap comme un axe prioritaire du projet, que ce soit pour \nl'expression, l'interaction sociale, le langage et les habilet\u00e9s sociales ; \n \nque ces apprentissages s'inscrivent dans la perspective du d\u00e9veloppement \nde l'autonomie et de l'autod\u00e9termination des personnes concern\u00e9es en vue \nd'une am\u00e9lioration de leur qualit\u00e9 de vie ; \n \nCONSID\u00c9RANT qu'en application de l'article D 313 -2 du code de l'action sociale et des \nfamilles, le Directeur g\u00e9n\u00e9ral de l'Agence r\u00e9gionale de sant\u00e9 \u00cele-de-France \npeut d\u00e9roger aux seuils fix\u00e9s aux I \u00e0 IV de cet article au-del\u00e0 desquels les \nautorisations d'extension d'\u00e9tablissements ou de services m\u00e9dico-sociaux \ndoivent \u00eatre pr\u00e9c\u00e9d\u00e9es de la proc\u00e9dure d'appel \u00e0 projet pr\u00e9vue par l'article \nL. 313-1-1 du m\u00eame code, lorsqu'un motif d'int\u00e9r\u00eat g\u00e9n\u00e9ral le justifie et pour \ntenir compte de circonstances locales ; \n  \nCONSID\u00c9RANT  que le projet  r\u00e9pond \u00e0 un besoin de d\u00e9veloppement de l'offre m\u00e9dico -\nsociale identifi\u00e9 sur  le d\u00e9partement de Seine -Saint-Denis pour les \npersonnes concern\u00e9es par le polyhandicap ; \n \nCONSID\u00c9RANT qu'il est compatible avec les objectifs et r\u00e9pond aux besoins sociaux et \nm\u00e9dico-sociaux fix\u00e9s par le sch\u00e9ma r\u00e9gional de sant\u00e9 ;  \n \nCONSID\u00c9RANT qu'il satisfait aux r\u00e8gles d'organisation et de fonctionnement pr\u00e9vues par le \ncode de l'action sociale et des familles ;  \n \nCONSID\u00c9RANT qu'il pr\u00e9sente un co\u00fbt de fonctionnement en ann\u00e9e pleine compatible avec \nle PRIAC  \u00cele-de-France et avec le montant de l'une des dotations \nmentionn\u00e9es \u00e0 l'article L. 314-3 du code de l'action sociale et des familles ; \n \nCONSID\u00c9RANT que l'Agence r\u00e9gionale de sant\u00e9 \u00cele-de-France dispose pour ce projet des \ncr\u00e9dits n\u00e9cessaires \u00e0 sa mise en \u0153uvre \u00e0 hauteur de 750 000 \u20ac ; \n \n       \n \n \n \n \nARR\u00caTE  \n \n \nARTICLE 1er :  L'autorisation visant \u00e0 l'extension de capacit\u00e9  de 10 places d'accueil de jour de la \nMAS l'Orangerie sise 23 rue des Noyers \u00e0 Aubervilliers ouvertes 365 jours par an et \ndestin\u00e9es \u00e0 accueillir des jeunes adultes \u00e2g\u00e9s  de 18  \u00e0 2 5 ans, en situation de \npolyhandicap, est accord\u00e9e \u00e0 l'association ENVOLUDIA dont le si\u00e8ge social se situe \nau 261 Rue de Paris \u00e0 Montreuil (93100). \n \nEn application du V de l'article D. 313-2 du code de l'action sociale et des familles, le \nseuil d'extension pr\u00e9vu par cet article est fix\u00e9, dans le cadre de la pr\u00e9sente \nautorisation, \u00e0 hauteur de 63% de la capacit\u00e9 de la MAS l'Orangerie. \n \nAgence R\u00e9gionale de Sant\u00e9 - IDF-2026-01-26-00021 - Arr\u00eat\u00e9 n\u00b0 2026 - 006 portant autorisation d'extension de capacit\u00e9 de 16 \u00e0 26\nplaces\nde la Maison d'Accueil Sp\u00e9cialis\u00e9e (MAS) l'Orangerie sise 23 rue des Noyers\n\u00e0 Aubervilliers (93300) \n5\n   \n \n       3 \n \n \nARTICLE 2e :  La capacit\u00e9 totale de la MAS l'Orangerie est dor\u00e9navant de 26 places destin\u00e9es \u00e0 des \nadultes en situation de polyhandicap r\u00e9parties comme suit : \n \n\u2022 4 places d'accueil de jour, ouvertes 210 jours par an ; \n\u2022 12 places d'h\u00e9bergement complet internat ; \n\u2022 10 places d'unit\u00e9 d'accueil de jour, pour jeunes adultes en situation de \npolyhandicap, \u00e2g\u00e9s de 18 \u00e0 25 ans, 365 jours par an. \n \nARTICLE 3e :  Conform\u00e9ment aux termes du dernier alin\u00e9a du I de l'article D. 312 -0-3 du code de \nl'action sociale et des familles, aucune sp\u00e9cialisation n'exclut la prise en charge de \npersonnes pr\u00e9sentant des troubles associ\u00e9s \u00e0 ceux qui font l'objet de la pr\u00e9sente \nautorisation.  \n \nARTICLE 4e :  Cette structure est r\u00e9pertori\u00e9e dans le Fichier National des Etablissements Sanitaires \net Sociaux (FINESS) de la fa\u00e7on suivante : \n \n \nN\u00b0 FINESS de l'\u00e9tablissement : 93 002 437 7 \n \nCode cat\u00e9gorie : [255] \u2013 Maison d'Accueil Sp\u00e9cialis\u00e9e (MAS) \n \n \nCode discipline :  \n \n[917] \u2013 Accueil sp\u00e9cialis\u00e9 pour Adultes \nHandicap\u00e9s \n \n \nCode fonctionnement : [11] \u2013 H\u00e9bergement complet internat \n[21] Accueil de jour    \n \n12 places \n14 places \nCode client\u00e8le : \n \n[500] - Polyhandicap 26 places \n \n \nCode mode de fixation des tarifs : [57] - ARS Dotation globale  \n \nN\u00b0 FINESS du gestionnaire : 93 002 843 6 \n \nCode statut : [61] Association Loi 1901 Reconnue d'Utilit\u00e9 Publique \n \n \nARTICLE 5e :   La pr\u00e9sente autorisation est valable sous r\u00e9serve du r\u00e9sultat positif de la visite de \nconformit\u00e9 pr\u00e9vue par l'article L. 313-6 du code de l'action sociale et des familles.  \n \nARTICLE 6e :   Elle est caduque en l'absence d'ouverture au public de l'\u00e9tablissement ou du service \ndans un d\u00e9lai de quatre ans suivant la notification de la d\u00e9cision d'autorisation  \nconform\u00e9ment aux articles L. 313-1 et D. 313-7-2 du code de l'action sociale et des \nfamilles. \n \nARTICLE 7e :   Tout changement important dans l'activit\u00e9, l'installation, l'organisation, la direction ou \nle fonctionnement de l'\u00e9tablissement ou du service doit \u00eatre port\u00e9 \u00e0 la connaissance \nde l'autorit\u00e9 comp\u00e9tente. \n \nARTICLE 8e :  Un recours contre le pr\u00e9sent arr\u00eat\u00e9 peut \u00eatre form\u00e9 devant le tribunal administratif \ncomp\u00e9tent dans un d\u00e9lai de deux mois \u00e0 compter de sa notification ou, pour les tiers, \n\u00e0 compter de sa publication.   \n \nAgence R\u00e9gionale de Sant\u00e9 - IDF-2026-01-26-00021 - Arr\u00eat\u00e9 n\u00b0 2026 - 006 portant autorisation d'extension de capacit\u00e9 de 16 \u00e0 26\nplaces\nde la Maison d'Accueil Sp\u00e9cialis\u00e9e (MAS) l'Orangerie sise 23 rue des Noyers\n\u00e0 Aubervilliers (93300) \n6\nsig\"\n   \n \n       4 \n \nARTICLE 9e :   La Directrice de la d\u00e9l\u00e9gation  d\u00e9partementale de Seine-Saint-Denis de l'Agence \nr\u00e9gionale de sant\u00e9 \u00cele-de-France est charg\u00e9e de l'ex\u00e9cution du pr\u00e9sent arr\u00eat\u00e9 qui sera \npubli\u00e9 au recueil des actes administratifs de la R\u00e9gion \u00cele-de-France. \n \n \n       \n Fait \u00e0 Saint-Denis, le 26 janvier 2026 \n \n       \n Le Directeur g\u00e9n\u00e9ral \n de l'Agence r\u00e9gionale de sant\u00e9 \n \u00cele-de-France \n \n Sophie Martinon \n \n La Directrice g\u00e9n\u00e9rale adjointe \n de l'Agence r\u00e9gionale de sant\u00e9  \n \u00cele-de-France \n \n \n \n  \nAgence R\u00e9gionale de Sant\u00e9 - IDF-2026-01-26-00021 - Arr\u00eat\u00e9 n\u00b0 2026 - 006 portant autorisation d'extension de capacit\u00e9 de 16 \u00e0 26\nplaces\nde la Maison d'Accueil Sp\u00e9cialis\u00e9e (MAS) l'Orangerie sise 23 rue des Noyers\n\u00e0 Aubervilliers (93300) \n7\nAgence R\u00e9gionale de Sant\u00e9\nIDF-2026-01-26-00020\nArr\u00eat\u00e9 n\u00b0 2026 - 010 portant autorisation\nd'extension de capacit\u00e9 de 85 places \u00e0 95 places\ndu Service d'Education Sp\u00e9ciale et de Soins \u00e0\nDomicile (SESSAD) Denisien pour la mise en\nplace d'un\nDispositif d'Auto R\u00e9gulation (DAR) sis 187\nboulevard Anatole France\n\u00e0 Saint-Denis \nAgence R\u00e9gionale de Sant\u00e9 - IDF-2026-01-26-00020 - Arr\u00eat\u00e9 n\u00b0 2026 - 010 portant autorisation d'extension de capacit\u00e9 de 85 places \u00e0\n95 places du Service d'Education Sp\u00e9ciale et de Soins \u00e0 Domicile (SESSAD) Denisien pour la mise en place d'un\nDispositif d'Auto R\u00e9gulation (DAR) sis 187 boulevard Anatole France\n\u00e0 Saint-Denis \n8\nREPUBLIQUEFRANCAISELibert\u00e9Egalit\u00e9Fraternit\u00e9\ne \u00bb Agence R\u00e9gionale de Sant\u00e9Ile-de-France\n  \n \n \n \n \n \nAGENCE R\u00c9GIONALE DE SANT\u00c9 \u00ceLE-DE-FRANCE \n \nARRETE N\u00b0 2026 - 010 \n  \nportant autorisation d'extension de capacit\u00e9 de 85 places \u00e0 95 places du Service \nd'Education Sp\u00e9ciale et de Soins \u00e0 Domicile (SESSAD) Denisien pour la mise en place d'un \nDispositif d'Auto R\u00e9gulation (DAR) sis 187 boulevard Anatole France  \n\u00e0 Saint-Denis (93200), \n \ng\u00e9r\u00e9 par l'association Vivre et Devenir \u2013 Villepinte - Saint-Michel      \n \n \nLE DIRECTEUR G\u00c9N\u00c9RAL DE L'AGENCE R\u00c9GIONALE DE SANT\u00c9 \u00ceLE-DE-FRANCE \n \nVU le code de l'action sociale et des familles et notamment les articles L. 312-1, L. 313-1, L. \n314-3 et suivants ; \n \nVU        le d\u00e9cret du 10 avril 2024 portant nomination de Monsieur Denis ROBIN, Directeur g\u00e9n\u00e9ral \nde l'Agence r\u00e9gionale de sant\u00e9 \u00cele-de-France \u00e0 compter du 29 avril 2024 ; \n \nVU l'arr\u00eat\u00e9 n\u00b0 DIRNOV-2023/08 de la Directrice g\u00e9n\u00e9rale de l'Agence r\u00e9gionale de sant\u00e9 \u00cele-\nde-France en date du 26 octobre 2023 portant adoption du cadre d'orientation strat\u00e9gique \n2018-2028 du projet r\u00e9gional de sant\u00e9 d'\u00cele-de-France ; \n \nVU l'arr\u00eat\u00e9 n\u00b0 DIRNOV-2023/09 de la Directrice g\u00e9n\u00e9rale de l'Agence r\u00e9gionale de sant\u00e9 \u00cele-\nde-France en date du 26 octobre 2023 portant adoption du sch\u00e9ma r\u00e9gional de sant\u00e9 \n2023-2028 du projet r\u00e9gional de sant\u00e9 d' \u00cele-de-France, modifi\u00e9 par l'arr\u00eat\u00e9 n\u00b0DIRNOV -\n2023/09 en date du 12 janvier 2024 ; \n \nVU l'arr\u00eat\u00e9 n\u00b0 2023-346 de la Directrice g\u00e9n\u00e9rale de l'Agence r\u00e9gionale de sant\u00e9 \u00cele-de-France \nen date du 4 d\u00e9cembre 2023 \u00e9tablissant le programme interd\u00e9partemental \nd'accompagnement des handicaps et de la perte d'autonomie (PRIAC) 2023-2027 pour la \nr\u00e9gion \u00cele-de-France ; \n \nVU l'arr\u00eat\u00e9 n\u00b0 2015 -169 portant autorisation de cr\u00e9ation d'un SESSAD de 30 places pour \nenfants, adolescents et jeunes adultes avec autisme et troubles envahissants du \nd\u00e9veloppement (TED) ; \n \nVU l'arr\u00eat\u00e9 n\u00b02024 -31 portant autorisation d'extension de capacit\u00e9 de 63 \u00e0 70 places du \nSESSAD Denisien ; \n \nVU l'arr\u00eat\u00e9 n\u00b0 2024-223 portant autorisation d'extension de capacit\u00e9 de 70 \u00e0 85 places  \ndu site annexe du SESSAD Denisien ; \n \nVU l'avis de l'appel \u00e0 candidature visant \u00e0 la cr\u00e9ation d'un nouveau dispositif d'autor\u00e9gulation \nau sein du coll\u00e8ge Evariste Galois \u00e0 Epinay -sur-Seine, pour des \u00e9l\u00e8ves pr\u00e9sentant des \ntroubles du neurod\u00e9veloppement ; \nAgence R\u00e9gionale de Sant\u00e9 - IDF-2026-01-26-00020 - Arr\u00eat\u00e9 n\u00b0 2026 - 010 portant autorisation d'extension de capacit\u00e9 de 85 places \u00e0\n95 places du Service d'Education Sp\u00e9ciale et de Soins \u00e0 Domicile (SESSAD) Denisien pour la mise en place d'un\nDispositif d'Auto R\u00e9gulation (DAR) sis 187 boulevard Anatole France\n\u00e0 Saint-Denis \n9\n   \n \n       2 \n \n \nVU la demande de l'association Vivre et Devenir  visant \u00e0 porter un DAR en Seine -Saint-\nDenis ; \n \n \n \nCONSID\u00c9RANT  que le projet r\u00e9pond au besoin de d\u00e9ploiement de dispositifs innovants pour \nfavoriser l'inclusion scolaire des  enfants en situation de \nhandicap conform\u00e9ment \u00e0 la Strat\u00e9gie Nationale Autisme pour les troubles \ndu neurod\u00e9veloppement 2023-2027 (SN-TND) ; \n \nCONSID\u00c9RANT  que le projet  pr\u00e9sent\u00e9 par le SESSAD Denisien de l'association Vivre et \nDevenir r\u00e9pond \u00e0 l'ensemble des exigences en mati\u00e8re de  qualit\u00e9, que \nl'\u00e9tablissement est engag\u00e9 dans une dynamique de transformation de son \noffre d'accompagnement v isant le d\u00e9veloppement d'une plateforme \nautisme ; \n \nCONSIDERANT que le projet r\u00e9pond \u00e0 un besoin identifi\u00e9 de d\u00e9veloppement de l'offre \nm\u00e9dico-sociale sur le d\u00e9partement de Seine -Saint-Denis de cr\u00e9ation de \nplaces en milieu ordinaire destin\u00e9es \u00e0 accueillir des jeunes pr\u00e9sentant des \nTroubles du Spectre de l'Autisme et ainsi \u00e0 favoriser l'inclusion scolaire ; \n \nCONSID\u00c9RANT qu'en application de l'article D 313 -2 du code de l'action sociale et des \nfamilles, le Directeur g\u00e9n\u00e9ral de l'Agence r\u00e9gionale de sant\u00e9 \u00cele-de-France \npeut d\u00e9roger aux seuils fix\u00e9s aux I \u00e0 IV de cet article au-del\u00e0 desquels les \nautorisations d'extension d'\u00e9tablissements ou de services m\u00e9dico-sociaux \ndoivent \u00eatre pr\u00e9c\u00e9d\u00e9es de la proc\u00e9dure d'appel \u00e0 projet pr\u00e9vue par l'article \nL. 313-1-1 du m\u00eame code, lorsqu'un motif d'int\u00e9r\u00eat g\u00e9n\u00e9ral le justifie et pour \ntenir compte de circonstances locales ; \n \nCONSID\u00c9RANT qu'il est compatible avec les objectifs et r\u00e9pond aux besoins sociaux et \nm\u00e9dico-sociaux fix\u00e9s par le sch\u00e9ma r\u00e9gional de sant\u00e9 ;  \n \nCONSID\u00c9RANT qu'il satisfait aux r\u00e8gles d'organisation et de fonctionnement pr\u00e9vues par le \ncode de l'action sociale et des familles ;  \n \nCONSID\u00c9RANT qu'il pr\u00e9sente un co\u00fbt de fonctionnement en ann\u00e9e pleine compatible avec \nle PRIAC  \u00cele-de-France et avec le montant de l'une des dotations \nmentionn\u00e9es \u00e0 l'article L. 314-3 du code de l'action sociale et des familles ; \n \nCONSID\u00c9RANT que l'Agence r\u00e9gionale de sant\u00e9 \u00cele-de-France dispose pour ce projet des \ncr\u00e9dits n\u00e9cessaires \u00e0 sa mise en \u0153uvre \u00e0 hauteur de 180 000 \u20ac ; \n \n \n \n \nARR\u00caTE  \n \nARTICLE 1er :  L'autorisation visant \u00e0 l'extension de capacit\u00e9 de 10 places du SESSAD Denisien sis \n187 boulevard Anatole France \u00e0 Saint -Denis (93200) destin\u00e9es \u00e0 accueillir des \nenfants et jeunes adultes \u00e2g\u00e9s de 0 \u00e0 20 ans est accord\u00e9e \u00e0 l'association Vivre et \nDevenir \u2013 Villepinte - Saint-Michel dont le si\u00e8ge social  se situe 2 All\u00e9e Joseph \nR\u00e9camier \u00e0 Paris (75015). \n \nAgence R\u00e9gionale de Sant\u00e9 - IDF-2026-01-26-00020 - Arr\u00eat\u00e9 n\u00b0 2026 - 010 portant autorisation d'extension de capacit\u00e9 de 85 places \u00e0\n95 places du Service d'Education Sp\u00e9ciale et de Soins \u00e0 Domicile (SESSAD) Denisien pour la mise en place d'un\nDispositif d'Auto R\u00e9gulation (DAR) sis 187 boulevard Anatole France\n\u00e0 Saint-Denis \n10\n   \n \n       3 \n \nARTICLE 2e :   La capacit\u00e9 totale de ce service est dor\u00e9navant de 95 places destin\u00e9es \u00e0 des jeunes \npr\u00e9sentant des troubles du neuro-d\u00e9veloppement r\u00e9parties comme suit :   \no 78 places de prestations en milieu ordinaire ; \no 7 places d'UEMA au sein de l'\u00e9cole maternelle des Petits Cailloux sise 1 bis \nchemin des Petits Cailloux \u00e0 Saint-Denis (93200) ; \no 10 places de DAR au sein du coll\u00e8ge Evariste Galois sis 12 rue des B\u00e9atus \u00e0 \nEpinay-sur-Seine (93800). \n \nARTICLE 3e :  Conform\u00e9ment aux termes du dernier alin\u00e9a du I de l'article D. 312 -0-3 du code de \nl'action sociale et des familles, a ucune sp\u00e9cialisation n'exclut la prise en charge de \npersonnes pr\u00e9sentant des troubles associ\u00e9s \u00e0 ceux qui font l'objet de la pr\u00e9sente \nautorisation.  \n \nARTICLE 4e :  Cette structure est r\u00e9pertori\u00e9e dans le Fichier National des Etablissements Sanitaires \net Sociaux (FINESS) de la fa\u00e7on suivante : \n \nN\u00b0 FINESS de l'\u00e9tablissement : 93 002 616 6 \n \nCode cat\u00e9gorie : 182 \u2013 Service d'Education Sp\u00e9ciale et de Soins \u00e0 Domicile \n \nCode discipline :  \n \n844 \u2013 Tous projets \u00e9ducatifs th\u00e9rapeutiques et \np\u00e9dagogiques \n \n \n \nCode fonctionnement : 16 \u2013 Prestation en milieu ordinaire \n \n95 places \nCode client\u00e8le : \n \n437 \u2013 Troubles du spectre de l'autisme \n \n95 places \n \n \nCode mode de f ixation des tarifs  : 57 \u2013 Dotation globalis\u00e9e forfait globalis\u00e9 dans le \ncadre d'un CPOM \n \nN\u00b0 FINESS du gestionnaire : 75 072 053 4 \n \nCode statut : 61 - Association Loi 1901 Reconnue d'Utilit\u00e9 Publique \n \n \nARTICLE 5e :   Conform\u00e9ment aux dispositions de l'article D. 313-12-1 du code de l'action sociale et \ndes familles, la pr\u00e9sente autorisation est valable sous r\u00e9serve de la transmission, aux \nautorit\u00e9s comp\u00e9tentes , avant la date d'entr\u00e9e en service de la nouvelle capacit\u00e9 \nautoris\u00e9e, d'une d\u00e9claration sur l'honneur attestant de la conformit\u00e9 de \nl'\u00e9tablissement ou du service aux conditions techniques minimales d'organisation et \nde fonctionnement mentionn\u00e9es au II de l'article L. 312-1 du m\u00eame code. \n \nARTICLE 6e :   Elle est caduque en l'absence d'ouverture au public de l'\u00e9tablissement ou du service \ndans un d\u00e9lai de quatre ans suivant la notification de la d\u00e9cision d'autorisation  \nconform\u00e9ment aux articles L. 313-1 et D. 313-7-2 du code de l'action sociale et des \nfamilles. \n \nARTICLE 7e :   Tout changement important dans l'activit\u00e9, l'installation, l'organisation, la direction ou \nle fonctionnement de l'\u00e9tablissement ou du service doit \u00eatre port\u00e9 \u00e0 la connaissance \nde l'autorit\u00e9 comp\u00e9tente. \n \nAgence R\u00e9gionale de Sant\u00e9 - IDF-2026-01-26-00020 - Arr\u00eat\u00e9 n\u00b0 2026 - 010 portant autorisation d'extension de capacit\u00e9 de 85 places \u00e0\n95 places du Service d'Education Sp\u00e9ciale et de Soins \u00e0 Domicile (SESSAD) Denisien pour la mise en place d'un\nDispositif d'Auto R\u00e9gulation (DAR) sis 187 boulevard Anatole France\n\u00e0 Saint-Denis \n11\nsig\"\n   \n \n       4 \n \nARTICLE 8e :  Un recours contre le pr\u00e9sent arr\u00eat\u00e9 peut \u00eatre form\u00e9 devant le tribunal administratif \ncomp\u00e9tent dans un d\u00e9lai de deux mois \u00e0 compter de sa notification ou, pour les tiers, \n\u00e0 compter de sa publication.   \n \nARTICLE 9e :   La Directrice de la d\u00e9l\u00e9gation  d\u00e9partementale de Seine-Saint-Denis de l'Agence \nr\u00e9gionale de sant\u00e9 \u00cele-de-France est charg\u00e9e de l'ex\u00e9cution du pr\u00e9sent arr\u00eat\u00e9 qui sera \npubli\u00e9 au recueil des actes administratifs de la R\u00e9gion \u00cele-de-France. \n \n \n \n \n \n        Fait \u00e0 Saint-Denis le 26 janvier 2026 \n \n P/Le Directeur g\u00e9n\u00e9ral  \n de l'Agence r\u00e9gionale de sant\u00e9  \n  \u00cele-de-France \n   \n  Sophie Martinon \n \nLa Directrice g\u00e9n\u00e9rale adjointe \nde l'Agence r\u00e9gionale de sant\u00e9  \n  \u00cele-de-France \n \n \n \n   \n                                     \n \n \n \n    \nAgence R\u00e9gionale de Sant\u00e9 - IDF-2026-01-26-00020 - Arr\u00eat\u00e9 n\u00b0 2026 - 010 portant autorisation d'extension de capacit\u00e9 de 85 places \u00e0\n95 places du Service d'Education Sp\u00e9ciale et de Soins \u00e0 Domicile (SESSAD) Denisien pour la mise en place d'un\nDispositif d'Auto R\u00e9gulation (DAR) sis 187 boulevard Anatole France\n\u00e0 Saint-Denis \n12\nAgence R\u00e9gionale de Sant\u00e9\nIDF-2025-12-30-00019\nD\u00e9cision tarifaire n\u00b02025 - 273 portant fixation\npour l'ann\u00e9e 2026 du montant et de la\nr\u00e9partition de la dotation globalis\u00e9e commune\npr\u00e9vue au contrat pluriannuel d'objectifs et de\nmoyens de la fondation \"Anais \u00bb  (750065591)\nAgence R\u00e9gionale de Sant\u00e9 - IDF-2025-12-30-00019 - D\u00e9cision tarifaire n\u00b02025 - 273 portant fixation pour l'ann\u00e9e 2026 du montant et\nde la r\u00e9partition de la dotation globalis\u00e9e commune pr\u00e9vue au contrat pluriannuel d'objectifs et de moyens de la fondation \"Anais \u00bb \n(750065591)\n13\nAV\u00a9 D Agence R\u00e9gionalede Sant\u00e9\u00cele-de-France\n \n \n  \n \n \nDECISION TARIFAIRE N\u00b02025 - 273 PORTANT FIXATION POUR L'ANNEE 2026 \nDU MONTANT ET DE LA REPARTITION DE LA DOTATION GLOBALISEE COMMUNE PREVUE AU \nCONTRAT PLURIANNUEL D'OBJECTIFS ET DE MOYENS DE LA \n\u00ab FONDATION ANAIS \u00bb - (750065591) \nPOUR LES ETABLISSEMENTS ET SERVICES SUIVANTS : \n \nESAT ANAIS DE PARIS 750830242 \nESAT ANAIS DE GENNEVILLIERS 920024122 \nMAS ANAIS DE JOUY-LE-MOUTIER 950009829 \nEAM ANAIS DE JOUY-LE-MOUTIER 950010538 \nESAT ANAIS DE PIERRELAYE 950014266 \nIME ANAIS D'OSNY 950783068 \nESAT ANAIS DE SAINT-OUEN-L'AUM\u00d4NE 950804203 \n \n \nLe Directeur G\u00e9n\u00e9ral de l'ARS Ile-de-France \n \nVU le Code de l'Action Sociale et des Familles ; \nVU le Code de la S\u00e9curit\u00e9 Sociale ; \nVU la loi n\u00b0 2025-199 du 28 f\u00e9vrier 2025 de financement de la S\u00e9curit\u00e9 Sociale pour 2025 publi\u00e9e \nau Journal Officiel du 28 f\u00e9vrier 2025 ;  \nVU l'arr\u00eat\u00e9 minist\u00e9riel du 02/06/2025 publi\u00e9 au Journal Officiel du 06/06/2025 pris en application \nde l'article L314 -3 du Code de l'Action Sociale et des Fa milles fixant, pour l'ann\u00e9e 202 5, \nl'objectif global de d\u00e9penses d'assurance maladie et le montant total de d\u00e9penses pour les \n\u00e9tablissements et services relevant de la Caisse nationale de solidarit\u00e9 pour l'autonomie ; \nVU la d\u00e9cision du 19/11/2025 publi\u00e9e au Journal Officiel du 26/11/2025 relative aux dotations \nr\u00e9gionales limitatives 2025 et \u00e0 la moyenne nationale des besoins en soins requis 2025 ; \n \nVU le d\u00e9cret du 10 avril 2024 portant nomination de Monsieur ROBIN Denis en qualit\u00e9 de \nDirecteur G\u00e9n\u00e9ral de l'agence r\u00e9gionale de sant\u00e9 Ile-de-France ; \n \nVU la d\u00e9l\u00e9gation de signature du Directeur G\u00e9n\u00e9ral de l'ARS vers la Directrice de l'Autonomie \nen date du 29/04/2024 ; \n \nVU le Contrat Pluriannuel d' Objectifs et de Moyens conclu le 30/12/2025 prenant effet au \n01/01/2026 ; \n \n \n \n \n \n \n \n \n \n \n \nAgence R\u00e9gionale de Sant\u00e9 - IDF-2025-12-30-00019 - D\u00e9cision tarifaire n\u00b02025 - 273 portant fixation pour l'ann\u00e9e 2026 du montant et\nde la r\u00e9partition de la dotation globalis\u00e9e commune pr\u00e9vue au contrat pluriannuel d'objectifs et de moyens de la fondation \"Anais \u00bb \n(750065591)\n14\nDECIDE \n \nARTICLE 1 er A compter du  01/01/2026, au titre de l'ann\u00e9e 2026, la dotation globalis\u00e9e commune des       \n\u00e9tablissements et services m\u00e9dico-sociaux financ\u00e9s par l'Assurance Maladie, g\u00e9r\u00e9s par l'entit\u00e9 \nd\u00e9nomm\u00e9e ANAIS - (FINESS 750065591) dont le si\u00e8ge est situ\u00e9 : M\u00e9tropole 19 - 134/140 rue \nd'Aubervilliers \u2013 75019 PARIS, a \u00e9t\u00e9 fix\u00e9e \u00e0 15 255 304,60 \u20ac \nElle se r\u00e9partit de la mani\u00e8re suivante : \n \nFINESS ETABLISSEMENT Dotations (en \u20ac) \n750830242 ESAT ANAIS DE PARIS 759 329,92 \u20ac \n920024122 ESAT ANAIS DE \nGENNEVILLIERS 1 241 041,74 \u20ac \n950009829 MAS ANAIS DE JOUY-\nLE-MOUTIER 5 523 367,39 \u20ac \n950010538 EAM ANAIS DE JOUY-\nLE-MOUTIER 781 544,11 \u20ac \n950014266 ESAT ANAIS DE \nPIERRELAYE 903 195,19 \u20ac \n950783068 IME ANAIS D'OSNY 4 723 178,12 \u20ac \n950804203 ESAT ANAIS DE SAINT-\nOUEN-L'AUM\u00d4NE 1 323 648, 13 \u20ac \nTOTAL         15 255 304, 60 \u20ac \n \nPour 2026, la fraction forfaitaire mensuelle, pour le secteur des personnes handicap\u00e9es, \ns'\u00e9tablit \u00e0 1 271 275,38 \u20ac \n \n \nARTICLE 2 Les recours contentieux dirig\u00e9s contre la pr\u00e9sente d\u00e9cision doivent \u00eatre port\u00e9s devant \nle tribunal administratif territorialement comp\u00e9tent tel que pr\u00e9vu par l'article R. 312 -\n10-1 du Code de justice administrative dans un d\u00e9lai de deux mois \u00e0 compter de sa \npublication ou, pour les personnes auxquelles elle sera notifi\u00e9e, \u00e0 compter de sa \nnotification. Le  tribunal administratif peut \u00eatre saisi par l'application \u00ab T\u00e9l\u00e9recours \ncitoyens \u00bb accessible par le site www.telerecours.fr. \n \n  \nARTICLE 3  La pr\u00e9sente d\u00e9cision sera publi\u00e9e au recueil des actes administratifs. \n \n \nARTICLE 4  Le Directeur G\u00e9n\u00e9ral de l'ARS Ile-de-France est charg\u00e9 de l'ex\u00e9cution de la pr\u00e9sente \nd\u00e9cision qui sera notifi\u00e9e \u00e0 la Fondation ANAIS  - (FINESS 750065591) et aux \nstructures concern\u00e9es. \n \n \nFait \u00e0 Saint-Denis, le 30 d\u00e9cembre 2025 \nLa Directrice de l'Autonomie  \n \n                                                       Sign\u00e9 \n \n \nSt\u00e9phanie TALBOT \nAgence R\u00e9gionale de Sant\u00e9 - IDF-2025-12-30-00019 - D\u00e9cision tarifaire n\u00b02025 - 273 portant fixation pour l'ann\u00e9e 2026 du montant et\nde la r\u00e9partition de la dotation globalis\u00e9e commune pr\u00e9vue au contrat pluriannuel d'objectifs et de moyens de la fondation \"Anais \u00bb \n(750065591)\n15\nAgence R\u00e9gionale de Sant\u00e9\nIDF-2026-01-28-00003\nArr\u00eat\u00e9 n\u00b0 DOS-2026/323 relatif au contrat-type\nr\u00e9gional d'aide \u00e0 l'installation des centres de\nsant\u00e9 m\u00e9dicaux ou\npolyvalents dans les zones sous-dot\u00e9es en offre\nde soins\nAgence R\u00e9gionale de Sant\u00e9 - IDF-2026-01-28-00003 - Arr\u00eat\u00e9 n\u00b0 DOS-2026/323 relatif au contrat-type r\u00e9gional d'aide \u00e0 l'installation des\ncentres de sant\u00e9 m\u00e9dicaux ou\npolyvalents dans les zones sous-dot\u00e9es en offre de soins\n16\nExREPUBLIQUEFRAN\u00c7AISE @ D Agence R\u00e9gionale de Sant\u00e9Libert\u00e9 \u00cele-de-FranceEgalit\u00e9Fraternit\u00e9 \u00b0 TT\n1 / 4\nAGENCE R\u00c9GIONALE DE SANT\u00c9 \u00ceLE-DE-FRANCE\nARR\u00caT\u00c9 N\u00b0 DOS-2026/323\nrelatif au contrat-type r\u00e9gional d'aide \u00e0 l'installation des centres de sant\u00e9 m\u00e9dicaux ou \npolyvalents dans les zones sous-dot\u00e9es en offre de soins\nLE DIRECTEUR G\u00c9N\u00c9RAL DE L'AGENCE R\u00c9GIONALE DE SANT\u00c9 \u00ceLE-DE-FRANCE\nVU le code de la sant\u00e9 publique, notamment son article L. 1434-4 ;  \nVU le code de la s\u00e9curit\u00e9\u0301 sociale, notamment ses articles L.162-32-1 et L. 162-14-4 ;  \nVU l'avis du 30 septembre 2015 relatif \u00e0 l'accord national destin\u00e9 \u00e0 organiser les relations entre les\ncentres de sant\u00e9 et les caisses d'assurance maladie ; \nVU le d\u00e9cret du 10 avril 2024 portant nomination de Denis ROBIN, Directeur g\u00e9n\u00e9ral de l'Agence\nr\u00e9gionale de sant\u00e9 \u00cele-de-France, \u00e0 compter du 29 avril 2024 ;\nVU l'accord national des centres de sant\u00e9, sign\u00e9 le 1er octobre 2025 ;\nVU l'arr\u00eat\u00e9\u0301  n\u00b0DOS-2025/4617 du Directeur g\u00e9n\u00e9ral de l'Agence r\u00e9gionale de sant\u00e9 du 09/12/2025\nrelatif \u00e0 la d\u00e9termination des zones caract\u00e9ris\u00e9es par une offre de soins insuffisante ou par des\ndifficult\u00e9s dans l'acc\u00e8s aux soins concernant la profession des m\u00e9decins.\nConsid\u00e9rant que ce contrat a pour objet de favoriser l'installation des centres de sant\u00e9 m\u00e9dicaux ou\npolyvalents dans les zones sous-dot\u00e9es en offre de soins par la mise en place d'une aide forfaitaire ;\nConsid\u00e9rant que ce contrat tripartite sera sign\u00e9 entre le centre de sant\u00e9 m\u00e9dical ou polyvalent, la\nCaisse Primaire d'Assurance Maladie du d\u00e9partement du lieu d'implantation du centre de sant\u00e9 et la\nDirection D\u00e9partementale de l'ARS du lieu d'implantation du centre de sant\u00e9.\nARR\u00caTE\nARTICLE 1 : Le contrat-type r\u00e9gional figurant en annexe entre en vigueur \u00e0 compter de la publication\ndu pr\u00e9sent arr\u00eat\u00e9.  \nARTICLE 2 : Le pr\u00e9sent arr\u00eat\u00e9 peut faire l'objet d'un recours contentieux dans un d\u00e9lai de deux mois\n\u00e0 compter de sa date de publication au recueil des actes administratifs, par toute\npersonne ayant int\u00e9r\u00eat \u00e0 agir devant le tribunal administratif territorialement comp\u00e9tent.\nLe tribunal administratif peut \u00eatre saisi d'un recours d\u00e9pos\u00e9 via l'application\nT\u00e9l\u00e9recours citoyens accessible par le site internet www.telerecours.fr. \nARTICLE 3 : Le Directeur g\u00e9n\u00e9ral de l'Agence r\u00e9gionale de sant\u00e9 \u00cele-de-France est charg\u00e9 de\nl'ex\u00e9cution du pr\u00e9sent arr\u00eat\u00e9, qui sera publi\u00e9 au recueil des actes administratifs de la\nPr\u00e9fecture de la r\u00e9gion \u00cele-de-France. \nFait \u00e0 Saint-Denis, le \nLe Directeur g\u00e9n\u00e9ral \nde l'Agence r\u00e9gionale de sant\u00e9\n\u00cele-de-France\n \nAgence R\u00e9gionale de Sant\u00e9 - IDF-2026-01-28-00003 - Arr\u00eat\u00e9 n\u00b0 DOS-2026/323 relatif au contrat-type r\u00e9gional d'aide \u00e0 l'installation des\ncentres de sant\u00e9 m\u00e9dicaux ou\npolyvalents dans les zones sous-dot\u00e9es en offre de soins\n17\nREPUBLIQUEFRANCAISELibert\u00e9Egalit\u00e9Fraternit\u00e9\nAr\u00a9 D Agence R\u00e9gionale de Sant\u00e9Ile-de-France\n2  / 4\n \nANNEXE\nContrat-type r\u00e9gional d'aide \u00e0 l'installation des centres de sant\u00e9 m\u00e9dicaux ou \npolyvalents dans les zones sous dot\u00e9es\n \n- Vu le code de la sant\u00e9 publique, notamment son article L. 1434-4 ; \n- Vu le code de la s\u00e9curit\u00e9 sociale, notamment ses articles L. 162-32-1 et L. 162-14-4 ; \n- Vu l'avis du 30 septembre 2015 relatif \u00e0 l'accord national destin\u00e9 \u00e0 organiser les relations entre\nles centres de sant\u00e9 et les caisses d'assurance maladie ;  \n- Vu l'arr\u00eat\u00e9 n\u00b0DOS-2026/323 du Directeur g\u00e9n\u00e9ral de l'Agence r\u00e9gionale de sant\u00e9 relatif \u00e0\nl'adoption du contrat type r\u00e9gional en faveur de l'aide \u00e0 l'installation des centres de sant\u00e9 m\u00e9dicaux\nou polyvalents (en zone caract\u00e9ris\u00e9e par une offre de soins insuffisante ou par des difficult\u00e9s dans\nl'acc\u00e8s aux soins pris sur la base du contrat type national pr\u00e9vu \u00e0 l'article 19.1 et \u00e0 l'annexe 10 bis\nde l'accord national des centres de sant\u00e9) ;\n- Vu l'arr\u00eat\u00e9\u0301  n\u00b0DOS-2025/4617 du directeur g\u00e9n\u00e9ral de l'Agence r\u00e9gionale de sant\u00e9 du 9 d\u00e9cembre\n2025 relatif \u00e0 la d\u00e9termination des zones caract\u00e9ris\u00e9es par une offre de soins insuffisante ou par\ndes difficult\u00e9s dans l'acc\u00e8s aux soins concernant la profession des m\u00e9decins. \nIl est conclu entre, d'une part la caisse primaire d'assurance maladie / la caisse g\u00e9n\u00e9rale de s\u00e9curit\u00e9\nsociale (d\u00e9nomm\u00e9e ci-apr\u00e8s CPAM/CGSS) de : \n \nD\u00e9partement : \nAdresse : \nrepr\u00e9sent\u00e9e par : (nom, pr\u00e9nom/fonction/coordonn\u00e9es) \n \nl'Agence R\u00e9gionale de Sant\u00e9 (d\u00e9nomm\u00e9e ci-apr\u00e8s l'ARS) de : \n \nR\u00e9gion : Adresse : \nrepr\u00e9sent\u00e9e par : (nom, pr\u00e9nom/fonction/coordonn\u00e9es) \n \nEt, d'autre part, le centre de sant\u00e9 : \n \nNom, Pr\u00e9nom du repr\u00e9sentant l\u00e9gal du centre : \nNum\u00e9ro d'identification du centre de sant\u00e9 (FINESS) : \nAdresse du lieu d'implantation principale (entit\u00e9 juridique) : \n  \n \nun contrat d'aide \u00e0 l'installation des centres de sant\u00e9 m\u00e9dicaux ou polyvalents  dans les zones\ncaract\u00e9ris\u00e9es par une insuffisance de l'offre de soins ou des difficult\u00e9s d'acc\u00e8s aux soins.  \n \n \nArticle 1. Champ du contrat d'installation \n \nArticle 1.1. Objet du contrat d'installation \n \nCe contrat vise \u00e0 favoriser l'installation des centres de sant\u00e9 m\u00e9dicaux ou polyvalents dans les [zones\npr\u00e9vues au 1\u00b0 de l'article L. 1434-4 du code de sant\u00e9 publique d\u00e9finies par l'agence r\u00e9gionale de sant\u00e9 et\ncaract\u00e9ris\u00e9es par une insuffisance de l'offre de soins et par des difficult\u00e9s d'acc\u00e8s aux soins] par la mise\nen place d'une aide forfaitaire vers\u00e9e au moment de l'installation du centre de sant\u00e9 dans les zones\npr\u00e9cit\u00e9es pour l'accompagner dans cette p\u00e9riode de fort investissement g\u00e9n\u00e9r\u00e9 par l'ouverture du centre\nde sant\u00e9 (locaux, \u00e9quipements, charges diverses, etc.). \n \nAgence R\u00e9gionale de Sant\u00e9 - IDF-2026-01-28-00003 - Arr\u00eat\u00e9 n\u00b0 DOS-2026/323 relatif au contrat-type r\u00e9gional d'aide \u00e0 l'installation des\ncentres de sant\u00e9 m\u00e9dicaux ou\npolyvalents dans les zones sous-dot\u00e9es en offre de soins\n18\n3  / 4\nArticle 1.2. B\u00e9n\u00e9ficiaires du contrat d'installation \n \nLe pr\u00e9sent contrat est r\u00e9serv\u00e9 aux centres de sant\u00e9 m\u00e9dicaux ou polyvalents qui se cr\u00e9ent et s'implantent\ndans une [zone caract\u00e9ris\u00e9e par une insuffisance de l'offre de soins et par des difficult\u00e9s d'acc\u00e8s aux soins\npr\u00e9vue au 1\u00b0 de l'article L. 1434-4 du code de la sant\u00e9 publique] d\u00e9finie par l'Agence r\u00e9gionale de sant\u00e9.  \n \nCe contrat peut \u00e9galement \u00eatre propos\u00e9 \u00e0 un centre de sant\u00e9 infirmier ou dentaire install\u00e9 dans les zones\npr\u00e9cit\u00e9es qui demande la modification de sa sp\u00e9cialit\u00e9 en centre de sant\u00e9 polyvalent, au sens du FINESS,\ndu fait de l'int\u00e9gration d'un ou plusieurs m\u00e9decins g\u00e9n\u00e9ralistes salari\u00e9s. \n \nLe centre de sant\u00e9 ne peut b\u00e9n\u00e9ficier qu'une seule fois du contrat d'aide \u00e0 l'installation des centres de\nsant\u00e9 m\u00e9dicaux ou polyvalents. \n \n \nArticle 2. Engagements des parties dans le contrat d'installation \n \nArticle 2.1. Engagements du centre de sant\u00e9 \n \nLe centre de sant\u00e9 s'engage \u00e0 exercer au sein de la zone d\u00e9finie \u00e0 l'article 1 du contrat pendant une dur\u00e9e\nde cinq ann\u00e9es cons\u00e9cutives \u00e0 compter de la date d'adh\u00e9sion au contrat.  \n \nLe centre de sant\u00e9 s'engage \u00e9galement \u00e0 participer au dispositif de permanence des soins ambulatoire,\ntel qu'il est organis\u00e9 sur le territoire, sauf d\u00e9rogation accord\u00e9e par le Conseil de l'Ordre des m\u00e9decins. \n \nArticle 2.2. Engagements de l'Assurance maladie et de l'Agence r\u00e9gionale de sant\u00e9   \nEn contrepartie des engagements du centre de sant\u00e9 d\u00e9finis \u00e0 l'article 2.1, l'assurance maladie s'engage\n\u00e0 verser au centre de sant\u00e9 tel que d\u00e9fini \u00e0 l'article 19.1.2. du pr\u00e9sent accord, une aide \u00e0 l'installation.  \n \nLe montant de l'aide s'\u00e9l\u00e8ve \u00e0 30 000 euros par ETP m\u00e9decin g\u00e9n\u00e9raliste salari\u00e9 pour le premier ETP, puis\n20 000 euros pour le deuxi\u00e8me ETP m\u00e9decin g\u00e9n\u00e9raliste salari\u00e9 et 20 000 euros pour le troisi\u00e8me ETP\nm\u00e9decin g\u00e9n\u00e9raliste salari\u00e9 r\u00e9mun\u00e9r\u00e9s quelle que soit la date de recrutement de ces ETP pendant la dur\u00e9e\ndu contrat. \nCette aide est vers\u00e9e dans les conditions suivantes : \n- 50% \u00e0 la signature du contrat, \n- le solde de 50% \u00e0 la date du premier anniversaire du contrat. \ndans l'hypoth\u00e8se o\u00f9 les 3 ETP sont  pr\u00e9sents \u00e0 la date du signature du contrat. \n \nPour les ETP m\u00e9decins (dans la limite de 3 ETP) arrivant dans le centre en cours de contrat, l'appr\u00e9ciation\ndu nombre d'ETP est effectu\u00e9e tous les ans \u00e0 date anniversaire du contrat. En fonction du nombre d'ETP\npr\u00e9sent dans le centre, au moment de cette appr\u00e9ciation, le montant de l'aide pour les nouveaux ETP\nrecrut\u00e9s (dans la limite de 3 ETP) est proratis\u00e9 au regard du nombre d'ann\u00e9es restantes dans le contrat.  \nA titre d'exemple, le centre de sant\u00e9 justifie de l'embauche de 1,5 ETP \u00e0 la signature du contrat, le montant\nde l'aide s'\u00e9l\u00e8ve donc \u00e0 40 000\u20ac. Si celui-ci recrute l'ann\u00e9e suivante 1 ETP suppl\u00e9mentaire (soit 2,5 ETP\nau total), il b\u00e9n\u00e9ficiera donc de 16 000\u20ac suppl\u00e9mentaire : soit 20 000 euros pour l'ETP suppl\u00e9mentaire\nproratis\u00e9 \u00e0 4/5 (4 ann\u00e9es restantes au contrat).  \n \nAu-del\u00e0 de 3 ETP une valorisation de 6 000\u20ac/ETP suppl\u00e9mentaire est vers\u00e9e tous les ans. Au-del\u00e0 de la\ndate du premier anniversaire, le versement intervient au cours du 2 \u00e8me trimestre l'ann\u00e9e suivant le\nrecrutement de l'ETP suppl\u00e9mentaire. L'ETP suppl\u00e9mentaire est ouvert \u00e0 tous les nouveaux postes de\nsalari\u00e9s professionnels de sant\u00e9 pour lesquels un zonage est applicable (exemple : sage-femme, infirmier,\nmasseur-kin\u00e9sith\u00e9rapeute, \u2026) dans une zone sous dense pour la profession de sant\u00e9 exerc\u00e9e par ledit\nETP.  \n \nModulation r\u00e9gionale par l'Agence R\u00e9gionale de Sant\u00e9 du montant de l'aide \u00e0 l'installation dans certaines\nzones identifi\u00e9es comme particuli\u00e8rement fragiles \nAgence R\u00e9gionale de Sant\u00e9 - IDF-2026-01-28-00003 - Arr\u00eat\u00e9 n\u00b0 DOS-2026/323 relatif au contrat-type r\u00e9gional d'aide \u00e0 l'installation des\ncentres de sant\u00e9 m\u00e9dicaux ou\npolyvalents dans les zones sous-dot\u00e9es en offre de soins\n19\n4  / 4\n L'Agence R\u00e9gionale de Sant\u00e9 peut accorder une majoration de cette aide forfaitaire pour les centres de\nsant\u00e9 adh\u00e9rant au pr\u00e9sent contrat exer\u00e7ant dans des zones identifi\u00e9es par l'Agence r\u00e9gionale de sant\u00e9\ncomme particuli\u00e8rement d\u00e9ficitaires en m\u00e9decin parmi les zones caract\u00e9ris\u00e9es par une insuffisance de\nl'offre de soins et des difficult\u00e9s d'acc\u00e8s aux soins pr\u00e9vues au 1\u00b0 de l'article L. 1434-4 du code de la sant\u00e9\npublique.\nCette majoration ne peut exc\u00e9der 20% de l'aide forfaitaire pr\u00e9vue au pr\u00e9sent article. Cette d\u00e9rogation\nb\u00e9n\u00e9ficie au maximum \u00e0 20% des installations \u00e9ligibles dans la r\u00e9gion au sens de l'article 1.2.  \n \nArticle 3. Dur\u00e9e du contrat d'installation \nLe pr\u00e9sent contrat est conclu pour une dur\u00e9e de cinq ans \u00e0 compter de sa signature, sans possibilit\u00e9 de\nrenouvellement. \n \nArticle 4. R\u00e9siliation du contrat d'installation \n \nArticle 4.1. Rupture d'adh\u00e9sion \u00e0 l'initiative du centre de sant\u00e9 \nLe centre de sant\u00e9 peut d\u00e9cider de r\u00e9silier son adh\u00e9sion au contrat avant le terme de celui-ci. Cette\nr\u00e9siliation prend effet \u00e0 la date de r\u00e9ception par la caisse d'assurance maladie de la lettre recommand\u00e9e\navec demande d'avis de r\u00e9ception l'informant de cette r\u00e9siliation.  \nDans ce cas, l'assurance maladie proc\u00e8de \u00e0 la r\u00e9cup\u00e9ration des sommes ind\u00fbment vers\u00e9es au titre de\nl'aide \u00e0 l'installation, le cas \u00e9ch\u00e9ant, au prorata de la dur\u00e9e restant \u00e0 courir dans le contrat au moment de\nla r\u00e9siliation demand\u00e9e par le centre de sant\u00e9.   \n \nArticle 4.2. Rupture d'adh\u00e9sion \u00e0 l'initiative de la caisse d'assurance maladie et de l'Agence\nr\u00e9gionale de sant\u00e9 \nDans le cas o\u00f9 le centre de sant\u00e9 ne respecte pas ses engagements contractuels (d\u00e9part de la zone), la\ncaisse l'en informe par lettre recommand\u00e9e avec accus\u00e9 de r\u00e9ception lui d\u00e9taillant les \u00e9l\u00e9ments constat\u00e9s\net le d\u00e9tail des \u00e9tapes de la proc\u00e9dure d\u00e9finie ci-apr\u00e8s. \nLe centre de sant\u00e9 dispose d'un d\u00e9lai d'un mois \u00e0 compter de la r\u00e9ception du courrier pour faire conna\u00eetre\nses observations \u00e9crites \u00e0 la caisse. \nA l'issue de ce d\u00e9lai, la caisse peut notifier au centre de sant\u00e9 la fin de son adh\u00e9sion au contrat par lettre\nrecommand\u00e9e avec accus\u00e9 de r\u00e9ception. \nDans ce cas, l'assurance maladie proc\u00e8de \u00e0 la r\u00e9cup\u00e9ration des sommes ind\u00fbment vers\u00e9es au titre de\nl'aide \u00e0 l'installation, le cas \u00e9ch\u00e9ant, au prorata de la dur\u00e9e restant \u00e0 courir dans le contrat au moment de\nla r\u00e9siliation notifi\u00e9e par la caisse.  \n \nArticle 5. Cons\u00e9quence d'une modification des zones caract\u00e9ris\u00e9es par une insuffisance de l'offre\nde soins et par des difficult\u00e9s d'acc\u00e8s aux soins \n En cas de modification par l'ARS des zones caract\u00e9ris\u00e9es par une insuffisance de l'offre de soins et par\ndes difficult\u00e9s d'acc\u00e8s aux soins pr\u00e9vus au 1\u00b0 de l'article L. 1434-4 du code de la sant\u00e9 publique entrainant\nla sortie du lieu d'exercice du centre de sant\u00e9 adh\u00e9rant de la liste des zones pr\u00e9cit\u00e9es, le contrat se poursuit\njusqu'\u00e0 son terme sauf demande de r\u00e9siliation par le centre de sant\u00e9. \n \nLe centre de sant\u00e9   \nNom Pr\u00e9nom du repr\u00e9sentant l\u00e9gal  \n \n \n \nLa caisse d'assurance maladie \nNom Pr\u00e9nom \n \n  \nL'Agence r\u00e9gionale de sant\u00e9 \nNom Pr\u00e9nom \nAgence R\u00e9gionale de Sant\u00e9 - IDF-2026-01-28-00003 - Arr\u00eat\u00e9 n\u00b0 DOS-2026/323 relatif au contrat-type r\u00e9gional d'aide \u00e0 l'installation des\ncentres de sant\u00e9 m\u00e9dicaux ou\npolyvalents dans les zones sous-dot\u00e9es en offre de soins\n20","date":"2026-01-29","first_seen_on":"2026-01-29T18:16:56+00:00","id":"972d8ed7f941fac3cf28e9e886510d17440eb375562533c7be12a10ce6dda57c","name":"recueil-idf-055-2026-01-recueil-des-actes-administratifs-special du 29.01.2026","pdf_creation_date":"2026-01-29T15:54:37+00:00","pdf_modification_date":null,"timezone":"Europe/Paris","url":"https://www.prefectures-regions.gouv.fr/ile-de-france/irecontenu/telechargement/135050/988832/file/recueil-idf-055-2026-01-recueil-des-actes-administratifs-special%20du%2029.01.2026.pdf"}
