{"administration":"pref92","administration_name":"Pr\u00e9fecture des Hauts-de-Seine","content":"ExPREFETDES HAUTS-DE-SEINELibert\u00e9Egalit\u00e9Fraternit\u00e9\nAL AR SS M 24 A PREBEHERIEC =F Pm \u00c0 FEF 2\nmee ee ee OR ees D DR Du = aa = 2 \u00a9 E 2 Hu\nIN mn LL LD a am Ll Ll SR Pa Pe Me\n1\nRECUEIL\nDES\nACTES ADMINISTRATIFS\nPR\u00c9FECTURE DE POLICE\nN\u00b0 Sp\u00e9cial 19 janvier 2026\nLADR DR D D DEEE DRD 2\nee En =z LA RER Y\nee  M el\nA Pee wR eee,  ese MR\nan = LA . =  - \u00ab . \u2014 CE nm mm\nmM Mn DURE  AIME\nv4na \u2014  \u2014  eee  eee  nn  \u2014\na nares ane \" roe Na 1 \u00ab\nre AM MA MMM  n~\n1 \"4 LA DIMM OMIS Am . Tee es _ A\na nas \u00ab . \" .\n= =\nAm  mA  mm  mm  ~\n1 \"4 LA DIMIPRO RAR: Am . Tee es Am \u00c0\na aas 1 ore reo. AR: rN uae .\nre AM MA MMM  A 4\na nas 1 \" AR: oo 1 .\nee\nAM MA MMM  ma\na aas ' ' 1717 or 1 . \u00ab= =\nAM MA MMM  ma\n2\nPR\u00c9FET DES HAUTS-DE-SEINE\nRECUEIL DES ACTES ADMINISTRATIFS\nN\u00b0 Sp\u00e9cial Pr\u00e9fecture de Police du 19 janvier 2026\nSOMMAIRE\nArr\u00eat\u00e9s Dates PR\u00c9FECTURE DE POLICE Pages\nPP\nn\u00b02026-00080 19.01.2026\nArr\u00eat\u00e9 instituant un p\u00e9rim\u00e8tre de protection et\ndiff\u00e9rentes mesures de police \u00e0 l'occasion de\nla 19 \u00e8me journ\u00e9e du championnat de France\nde football de Ligue 1 au stade Jean Bouin le\ndimanche 25 janvier 2026\n3\nAnnexes de l'arr\u00eat\u00e9 n\u00b02026-00080 du 19 janvier 2026 7-8\nPP\nn\u00b02026-00081 19.01.2026\nArr\u00eat\u00e9 autorisant la captation,\nl'enregistrement et la transmission d'images\nau moyen de cam\u00e9ras install\u00e9es sur des\na\u00e9ronefs \u00e0 l'occasion de la 19\u00e8me journ\u00e9e du\nchampionnat de France de football de Ligue 1\nau stade Jean Bouin le 25 janvier 2026\n9\nAnnexes de l'arr\u00eat\u00e9 n\u00b02026-00081 du 19 janvier 2026 12-13\nPP\nn\u00b02026-00082 19.01.2026\nArr\u00eat\u00e9 relatif au pr\u00e9fet d\u00e9l\u00e9gu\u00e9 \u00e0 l'immigration\net aux services de la pr\u00e9fecture de police\nplac\u00e9s sous sa direction pour l'exercice de\nses attributions\n14\nPP\nn\u00b02026-00083 19.01.2026\nArr\u00eat\u00e9 accordant d\u00e9l\u00e9gation de la signature\npr\u00e9fectorale \u00e0 la pr\u00e9f\u00e8te d\u00e9l\u00e9gu\u00e9e \u00e0\nl'immigration et aux agents affect\u00e9s au sein\nde la d\u00e9l\u00e9gation \u00e0 l'immigration\n24\nPP\nn\u00b02026-00084 19.01.2026\nArr\u00eat\u00e9 portant d\u00e9l\u00e9gation de signature aux\nagents assurant une permanence au bureau\nde la lutte contre l'immigration irr\u00e9guli\u00e8re\n31\n*\nEx CABINET DU PREFETPREFECTURE apDE POLICELibert\u00e9\u00c9galit\u00e9Fraternit\u00e9\nArr\u00eat\u00e9 n\u00b0 2026-00080instituant un p\u00e9rim\u00e8tre de protection et diff\u00e9rentes mesures de police \u00e0 l'occasion de la19\u00b0\" journ\u00e9e du championnat de France de football de Ligue1 au stade Jean Bouin ledimanche 25 janvier 2026\nLe pr\u00e9fet de police,\nVu le code g\u00e9n\u00e9ral des collectivit\u00e9s territoriales, notamment ses articles L. 2215-1, L. 2512-13et L. 2512-14;\nVu le code p\u00e9nal;\nVu le code de proc\u00e9dure p\u00e9nale;\nVu le code la route, notamment son article L. 411-2;\nVu le code rural et de la p\u00e9che maritime, notamment ses articles L. 211-11 et L. 211-12;\nVu le code de la s\u00e9curit\u00e9 int\u00e9rieure, notamment ses articles L. 122-1, L. 122-2, L. 226-1, L. 611-1et L. 613-2;\nVu le d\u00e9cret n\u00b0 2004-374 du 29 avril 2004 modifi\u00e9 relatif aux pouvoirs des pr\u00e9fets, al'organisation et \u00e0 l'action des services de l'Etat dans les r\u00e9gions et d\u00e9partements,notamment ses articles 70, 72, et 73;\nVu le d\u00e9cret du 22 octobre 2025 par lequel M. Patrice FAURE, administrateur de l'Etat dutroisi\u00e8me grade, directeur de cabinet du Pr\u00e9sident de la R\u00e9publique, est nomm\u00e9 pr\u00e9fet depolice (groupe |), \u00e0 compter du 23 octobre 2025;\nConsid\u00e9rant que, en application des articles L.122-1 et L. 122-2 du code de s\u00e9curit\u00e9int\u00e9rieure et 72 et 73 du d\u00e9cret du 29 avril 2004 susvis\u00e9, le pr\u00e9fet de police a la charge del'ordre public, notamment la pr\u00e9vention des atteintes \u00e0 la s\u00e9curit\u00e9 des personnes et desbiens, dans les d\u00e9partements de Paris et des Hauts-de-Seine ;\nConsid\u00e9rant que, en application du 3\u00b0 de l'article L. 2215-1 du code g\u00e9n\u00e9ral des collectivit\u00e9sterritoriales, le repr\u00e9sentant de l'Etat dans le d\u00e9partement est seul comp\u00e9tent pour prendreles mesures relatives \u00e0 l'ordre, \u00e0 la s\u00fbret\u00e9, \u00e0 la s\u00e9curit\u00e9 et \u00e0 la salubrit\u00e9 publiques, dont lechamp d'application exc\u00e8de le territoire d'une commune; que, conform\u00e9ment \u00e0 l'article73 du d\u00e9cret du 29 avril 2004 susvis\u00e9, le pr\u00e9fet de police exerce dans le d\u00e9partement desHauts-de-Seine les attributions d\u00e9volues au repr\u00e9sentant de l'Etat dans le d\u00e9partement parl'article L. 2215-1;\nConsid\u00e9rant que, en application de l'article L. 226-1 du code de la s\u00e9curit\u00e9 int\u00e9rieure, lepr\u00e9fet de police peut, en vue d'assurer la s\u00e9curit\u00e9 d'un lieu ou d'un \u00e9v\u00e9nement expos\u00e9 \u00e0 unrisque d'actes de terrorisme \u00e0 raison de sa nature et de l'ampleur de sa fr\u00e9quentation,instituer par arr\u00eat\u00e9 motiv\u00e9 un p\u00e9rim\u00e8tre de protection au sein duquel l'acc\u00e8s et lacirculation des personnes sont r\u00e9glement\u00e9s ; que cet arr\u00eat\u00e9 peut autoriser les agentsmentionn\u00e9s aux 2\u00b0 \u00e0 4\u00b0 de l'article 16 du code de proc\u00e9dure p\u00e9nale et, sous la responsabilit\u00e9\n1\n\nde ces agents, ceux mentionn\u00e9s \u00e0 l'article 20 et aux 1\u00b0, 1\u00b0bis et 1\u00b0ter de l'article 21 du m\u00eamecode \u00e0 proc\u00e9der, au sein d'un p\u00e9rim\u00e8tre de protection, avec le consentement despersonnes faisant l'objet de ces v\u00e9rifications, \u00e0 des palpations de s\u00e9curit\u00e9 ainsi qu'\u00e0l'inspection visuelle et \u00e0 la fouille des bagages, ainsi qu'\u00e0 la visite des v\u00e9hicules susceptiblesde p\u00e9n\u00e9trer au sein de ce p\u00e9rim\u00e8tre; qu'aux termes de l'article 73 du d\u00e9cret du 29 avril2004 susvis\u00e9, le pr\u00e9fet de police exerce dans le d\u00e9partement des Hauts-de-Seine lesattributions d\u00e9volues au repr\u00e9sentant de l'Etat dans le d\u00e9partement par l'article L. 226-1 ducode de la s\u00e9curit\u00e9 int\u00e9rieure;\nConsid\u00e9rant que, en application de l'article L. 613-2 du code de la s\u00e9curit\u00e9 int\u00e9rieure, lespersonnes physiques exer\u00e7ant l'activit\u00e9 mentionn\u00e9e au 1\u00b0 de l'article L. 611-1 du m\u00eame codepeuvent, lorsqu'un p\u00e9rim\u00e8tre de protection a \u00e9t\u00e9 institu\u00e9 en application de l'article L. 226-1du m\u00eame code, proc\u00e9der, avec le consentement expr\u00e8s des personnes, \u00e0 des palpations des\u00e9curit\u00e9 ; |\nConsid\u00e9rant que se tiendra, le dimanche 25janvier 2026 \u00e0 17h15, un match de football pourle compte de la 19\u00e8\" journ\u00e9e du championnat de football de Ligue 1 au stade Jean Bouin \u00e0Paris 16\u00b0\"\u00b0, qui opposera les \u00e9quipes du Paris Football Club (Paris FC) et d'Angers SportingClub de l'Ouest (Angers SCO) ; qu'\u00e0 cette occasion, un nombre important de supportersainsi que des personnalit\u00e9s seront pr\u00e9sents aux abords et \u00e0 l'int\u00e9rieur du stade ; que dans lecontexte actuel de menace tr\u00e8s \u00e9lev\u00e9e, cette rencontre sportive est susceptible deconstituer une cible privil\u00e9gi\u00e9e et symbolique pour des actes de nature terroriste ;\nConsid\u00e9rant que plusieurs attentats ou tentatives d'attentats r\u00e9cents traduisent le niveau\u00e9lev\u00e9 de la menace terroriste actuelle en France dans le cadre du plan VIGIPIRATE \u00ab urgenceattentat \u00bb en vigueur sur l'ensemble du territoire national depuis le 24 mars 2024;\nConsid\u00e9rant qu'il appartient \u00e0 l'autorit\u00e9 de police comp\u00e9tente de prendre les mesuresadapt\u00e9es, n\u00e9cessaires et proportionn\u00e9es visant \u00e0 garantir la s\u00e9curit\u00e9 des personnes et desbiens pendant cet \u00e9v\u00e8nement; que la mise en place d'un p\u00e9rim\u00e8tre de protectioncomprenant diff\u00e9rentes mesures de police \u00e0 l'occasion du match de Ligue1 entre le ParisFC et Angers SCO au stade Jean Bouin \u00e0 Paris 16\u00b0\" le dimanche 25 janvier 2026 r\u00e9pond \u00e0ces objectifs;\nARRETE:\nTITRE PREMIERINSTITUTION D'UN PERIMETRE DE PROTECTION\nArticle 1\u00b0 - Le dimanche 25 janvier 2026 de 14h15 \u00e0 20h00 est institu\u00e9 un p\u00e9rim\u00e8tre deprotection au sein duquel l'acc\u00e8s et la circulation des personnes sont r\u00e9glement\u00e9s dans lesconditions fix\u00e9es par le pr\u00e9sent arr\u00eat\u00e9.\nArticle 2 - Le p\u00e9rim\u00e8tre de protection institu\u00e9 par l'article 1\u00b0' du pr\u00e9sent arr\u00eat\u00e9 est d\u00e9limit\u00e9selon la cartographie en annexe.\nArticle 3 - Les points d'acc\u00e8s au p\u00e9rim\u00e8tre, sur lesquels des dispositifs de pr\u00e9-filtrage et defiltrage sont mis en place, sont situ\u00e9s :\n- \u00e0 l'angle form\u00e9 par l'avenue du G\u00e9n\u00e9ral-Sarrail, la rue Raffa\u00e9lli (c\u00f4t\u00e9 impair) et l'all\u00e9eCharles Brennus \u00e0 Paris 16\u00b0\";- rue Lecomte du No\u00fby \u00e0 Paris 16\";- avenue du Parc des Princes \u00e0 Paris 16\u00c8\"\u00b0 \u00e0 hauteur de la rue de l'Arioste;\n2026-00080\n\n- a l'angle form\u00e9 par la rue du Parc \u00e0 Boulogne-Billancourt (92) et la rue duCommandant Guilbaud \u00e0 Paris 16\u00b0\";\n- place de l'Europe \u00e0 Boulogne-Billancourt (92), dans sa partie comprise entre la rueMarcel Loyau \u00e0 Boulogne-Billancourt (92) et le rond-point de la place de l'Europe \u00e0Paris 16\u00b0;\n- \u00e0 l'angle form\u00e9 par la rue Joseph Bernard et la rue de la Tourelle \u00e0 Boulogne-Billancourt(92);- \u00e0 l'angle form\u00e9 par la rue Nungesser et Coli et l'avenue de la Porte Molitor \u00e0 Paris16\u00b0.\nTITRE IlMESURES DE POLICE APPLICABLES A L'INTERIEUR DU PERIMETRE DE PROTECTION\nArticle 4 - Dans le p\u00e9rim\u00e8tre institu\u00e9 et durant la p\u00e9riode mentionn\u00e9e par l'article 1\u00b0, lesmesures suivantes sont applicables :\n1\u00b0 Mesures applicables aux usagers de la voie publique :\na) Sont interdits :\n- Tout rassemblement de nature revendicative;\n- Le port, le transport et l'utilisation des artifices de divertissement, des articlespyrotechniques, des armes \u00e0 feu, y compris factices, et des munitions, ainsi que de tousobjets susceptibles de constituer une arme au sens de l'article 132-75 du code p\u00e9nal oupouvant servir de projectile pr\u00e9sentant Un danger pour la s\u00e9curit\u00e9 des personnes et desbiens;\n- L'acc\u00e8s des animaux dangereux au sens des articles L. 211-11 et suivants du code rural etde la p\u00eache maritime, en particulier les chiens des 1\u00b0 et 2\u00e8re cat\u00e9gories ;\nb) Les personnes ont l'obligation, pour acc\u00e9der par les points de pr\u00e9-filtrage et de filtragepr\u00e9vus \u00e0 l'article 3 ou circuler \u00e0 l'int\u00e9rieur du p\u00e9rim\u00e8tre, de se soumettre, \u00e0 la demande desagents autoris\u00e9s par le pr\u00e9sent arr\u00eat\u00e9 \u00e0 proc\u00e9der \u00e0 ces v\u00e9rifications, \u00e0 l'inspection visuelledes bagages et \u00e0 leur fouille, ainsi qu'\u00e0 des palpations de s\u00e9curit\u00e9 et, exclusivement par desofficiers de police judiciaire et, sous leur responsabilit\u00e9, par des agents de police judiciaireet agents de police judiciaire adjoints, \u00e0 la visite de leur v\u00e9hicule:\nc) Les personnes qui, pour des raisons professionnelles, de r\u00e9sidence ou familialesdoivent acc\u00e9der \u00e0 l'int\u00e9rieur du p\u00e9rim\u00e8tre de protection et y circuler, sont invit\u00e9es \u00e0 sesignaler aupr\u00e8s de l'autorit\u00e9 de police sur place afin de pouvoir faire l'objet d'une mesurede filtrage adapt\u00e9e ;\n2\u00b0 Mesures accordant des comp\u00e9tences suppl\u00e9mentaires aux personnels charg\u00e9s de las\u00e9curit\u00e9:\n- Les officiers de police judiciaire mentionn\u00e9s aux 2\u00b0 \u00e0 4\u00b0 de l'article 16 du code deproc\u00e9dure p\u00e9nale et, sous leur responsabilit\u00e9, les agents de police judiciaire mentionn\u00e9s\u00e0 l'article 20 du m\u00eame code sont autoris\u00e9s \u00e0 proc\u00e9der, avec le consentement despersonnes faisant l'objet de ces v\u00e9rifications, \u00e0 des palpations de s\u00e9curit\u00e9, \u00e0 l'inspectionvisuelle des bagages et \u00e0 leur fouille, ainsi qu'\u00e0 la visite des v\u00e9hicules;\n- Les personnes exer\u00e7ant l'activit\u00e9 mentionn\u00e9e au 1\u00b0 de l'article L. 611-1 du code de las\u00e9curit\u00e9 int\u00e9rieure peuvent, aux points de filtrage, proc\u00e9der, sous l'autorit\u00e9 des officiersde police judiciaire et aupr\u00e8s des agents de police judiciaire qu'ils assistent et avec le3\n2026-00089\n\nconsentement expr\u00e8s des personnes, outre \u00e0 l'inspection visuelle des bagages et a leurfouille, \u00e0 des palpations de s\u00e9curit\u00e9.\nArticle 5 - Sans pr\u00e9judice des sanctions p\u00e9nales auxquelles s'exposent les personnes eninfraction avec les dispositions du pr\u00e9sent titre, celles qui refusent de se soumettre \u00e0l'inspection visuelle de leurs bagages \u00e0 main, \u00e0 leur fouille, \u00e0 des palpations de s\u00e9curit\u00e9 ou \u00e0la visite de leur v\u00e9hicule peuvent se voir interdire l'acc\u00e8s au p\u00e9rim\u00e8tre institu\u00e9 par l'article1 ou \u00eatre conduites \u00e0 l'ext\u00e9rieur de celui-ci.\nTITRE IllDISPOSITIONS FINALES\nArticle 6 - Les mesures pr\u00e9vues par le pr\u00e9sent arr\u00eat\u00e9 peuvent \u00eatre lev\u00e9es et r\u00e9tablies surd\u00e9cision du repr\u00e9sentant sur place de l'autorit\u00e9 de police, en fonction de l'\u00e9volution de lasituation.\nArticle 7 - Le pr\u00e9fet des Hauts-de-Seine, le pr\u00e9fet, directeur de cabinet du pr\u00e9fet de police,le directeur de l'ordre public et de la circulation et le directeur de la s\u00e9curit\u00e9 de proximit\u00e9de l'agglom\u00e9ration parisienne sont charg\u00e9s, chacun en ce qui le concerne, de l'ex\u00e9cution dupr\u00e9sent arr\u00eat\u00e9 qui sera publi\u00e9 aux recueils des actes administratifs du d\u00e9partement de laParis et de la pr\u00e9fecture des Hauts-de-Seine, consultable sur le site internet de la pr\u00e9fecturede police (https://www.prefecturedepolice.interieur.gouv.fr), transmis aux procureurs de laR\u00e9publique pr\u00e8s les tribunaux judiciaires de Paris et de Nanterre et communiqu\u00e9 aux mairesde Paris et de Boulogne-Billancourt.\nFait \u00e0 Paris, le 1 9 JAN, 2026\nPatrice FAURE\nfet,Di le Cabinet\nBaptiste ROLLAND\n2026-00089\n\n2026-00080 du 19 JAN, 2026Annexe de l'arr\u00eat\u00e9 n\u00b0\nVOIES ET DELAIS DE RECOURS\nSi vous estimez devoir contester le pr\u00e9sent arr\u00e9t\u00e9, il vous est possible, dans und\u00e9lai de deux mois \u00e0 compter de son affichage ou de sa publication au recueil des actesadministratifs du d\u00e9partement de Paris :\n- soit de saisir d'un RECOURS GRACIEUXle Pr\u00e9fet de Police7/9, boulevard du Palais - 75195 PARIS RP\n- ou de former un RECOURS HIERARCHIQUEaupr\u00e8s du Ministre de l'int\u00e9rieurDirection des libert\u00e9s publiques et des affaires juridiquesplace Beauvau - 75008 PARIS\n- soit de saisir d'un RECOURS CONTENTIEUXle Tribunal administratif comp\u00e9tent\nAucune de ces voies et recours ne suspend l'application de la pr\u00e9sente d\u00e9cision.\nLes recours GRACIEUX et HIERARCHIQUE doivent \u00eatre \u00e9crits, exposer lesarguments ou faits nouveaux et comprendre la copie de l'arr\u00eat\u00e9 contest\u00e9.\nLe recours CONTENTIEUX, qui vise \u00e0 contester la LEGALITE de la pr\u00e9sented\u00e9cision, doit \u00e9galement \u00eatre \u00e9crit et exposer votre argumentation juridique.\nSi vous n'aviez pas de r\u00e9ponse \u00e0 votre recours GRACIEUX ou HIERARCHIQUE dansun d\u00e9lai de deux mois \u00e0 compter de la r\u00e9ception de votre recours par l'administration, votredemande devra \u00eatre consid\u00e9r\u00e9e comme rejet\u00e9e (d\u00e9cision implicite de rejet).\nEn cas de rejet des recours GRACIEUX ou HIERARCHIQUE, le Tribunaladministratif peut \u00eatre saisi d'un recours contentieux dans le d\u00e9lai de deux mois \u00e0 compterde la date de la d\u00e9cision de rejet.\n\nwe DIRECTION DEA vorore pusticET DE LA CIRCULATION\n2026-00080\n\nieee \u0178. CABINET DU PREFET\nLibert\u00e9Egalit\u00e9Fraternit\u00e9\nArr\u00eat\u00e9 n\u00b0 2026-00081autorisant la captation, l'enregistrement et la transmission d'images au moyen de cam\u00e9rasinstall\u00e9es sur des a\u00e9ronefs \u00e0 l'occasion de la 19\u00e8me journ\u00e9e du championnat de France defootball de Ligue 1 au stade Jean Bouin le 25janvier 2026\nLe pr\u00e9fet de police,\nVu le code de la s\u00e9curit\u00e9 int\u00e9rieure, notamment ses articles L. 242-1 \u00e0 L. 242-8 et R. 242-8 \u00e0R. 242-15;\nVu le d\u00e9cret n\u00b0 2004-374 du 29 avril 2004 modifi\u00e9 relatif aux pouvoirs des pr\u00e9fets, al'organisation et \u00e0 l'action des services de l'Etat dans les r\u00e9gions et d\u00e9partements, notammentses articles 70, 72 et 73;\nVu l'arr\u00eat\u00e9 du 19 avril 2023 relatif au nombre maximal de cam\u00e9ras install\u00e9es sur des a\u00e9ronefspouvant \u00e9tre simultan\u00e9ment utilis\u00e9es dans chaque d\u00e9partement et collectivit\u00e9 d'outre-mer;\nVu l'instruction minist\u00e9rielle NOR 1OMD2311883) du 30 avril 2023 relative \u00e0 la proc\u00e9dured'autorisation des cam\u00e9ras install\u00e9es sur des a\u00e9ronefs pour des missions de policeadministrative ;\nVu le d\u00e9cret du 22 octobre 2025 par lequel M. Patrice FAURE, administrateur de l'Etat dutroisi\u00e8me grade, directeur de cabinet du Pr\u00e9sident de la R\u00e9publique, est nomm\u00e9 pr\u00e9fet depolice (groupe |), \u00e0 compter du 23 octobre 2025;\nVu la demande en date du 29 d\u00e9cembre 2025 form\u00e9e par la direction de l'ordre public et de lacirculation visant \u00e0 obtenir l'autorisation de capter, d'enregistrer et de transmettre des imagesau moyen de deux cam\u00e9ras install\u00e9es sur des a\u00e9ronefs t\u00e9l\u00e9-pilot\u00e9s afin d'assurer la pr\u00e9ventiondes atteintes \u00e0 la s\u00e9curit\u00e9 des personnes et des biens, la s\u00e9curit\u00e9 des rassemblements, lapr\u00e9vention d'actes de terrorisme ainsi que la r\u00e9gulation des flux de transport \u00e0 l'occasion de la19\u00b0\" journ\u00e9e du championnat de France de football de Ligue1 le dimanche 25 janvier 2026 austade Jean Bouin \u00e0 Paris 16\u00b0\";\nConsid\u00e9rant que les dispositions du | de l'article L. 242-5 du code de la s\u00e9curit\u00e9 int\u00e9rieurepermettent aux forces de s\u00e9curit\u00e9 int\u00e9rieure, dans l'exercice de leurs missions de pr\u00e9ventiondes atteintes \u00e0 l'ordre public et de protection de la s\u00e9curit\u00e9 des personnes et des biens, deproc\u00e9der \u00e0 la captation, \u00e0 l'enregistrement et \u00e0 la transmission d'images au moyen de cam\u00e9rasinstall\u00e9es sur des a\u00e9ronefs aux fins d'assurer la pr\u00e9vention des atteintes \u00e0 la s\u00e9curit\u00e9 despersonnes et des biens dans des lieux particuli\u00e8rement expos\u00e9s, la s\u00e9curit\u00e9 desrassemblements de personnes sur la voie publique ainsi que l'appui des personnels au sol, envue de leur permettre de maintenir ou de r\u00e9tablir l'ordre public lorsque ces rassemblementssont susceptibles d'entra\u00eener des troubles graves \u00e0 l'ordre public, la pr\u00e9vention d'actes deterrorisme et la r\u00e9gulation des flux de transport;\n\nConsid\u00e9rant que se tiendra, le dimanche 25 janvier 2026 \u00e0 17h15, un match de football pour lecompte de la 19\u00b0\" journ\u00e9e du championnat de football de Ligue1 au stade Jean Bouin \u00e0 Paris16 *TM*, qui opposera les \u00e9quipes du Paris Football Club (Paris FC) et d'Angers Sporting Club del'Ouest (Angers SCO) ; qu'\u00e0 cette occasion, un nombre important de supporters ainsi que despersonnalit\u00e9s seront pr\u00e9sents aux abords et \u00e0 l'int\u00e9rieur du stade; que 19 000 spectateurs ysont attendus; qu'il convient \u00e0 ce titre d'assurer la s\u00e9curit\u00e9 des personnes, des biens et desrassemblements, ainsi que la r\u00e9gulation des flux de transport et de pr\u00e9venir les troubles \u00e0l'ordre public ;\nConsid\u00e9rant \u00e9galement que plusieurs attentats ou tentatives d'attentats r\u00e9cents traduisent leniveau \u00e9lev\u00e9 de la menace terroriste actuelle en France, dans le cadre du plan VIGIPIRATE\u00aburgence attentat \u00bb en vigueur sur l'ensemble du territoire national; que cette rencontresportive est susceptible de constituer une cible privil\u00e9gi\u00e9e et symbolique pour des actes denature terroriste;\nConsid\u00e9rant, en outre, qu'au-del\u00e0 de la seule s\u00e9curisation du match qui fait l'objet de mesuresde police sur le fondement de l'article L. 226-1 du code de la s\u00e9curit\u00e9 int\u00e9rieure et pour lequelun service d'ordre est mis en place par la direction de l'ordre public et de la circulation, il estn\u00e9cessaire de disposer d'un moyen de surveillance permettant de s\u00e9curiser la voie publique enamont et en aval de cet \u00e9v\u00e8nement pour pr\u00e9venir ou mettre fin \u00e0 d'\u00e9ventuelles rixes entrespectateurs et personnes, \u00e0 des atteintes \u00e0 la s\u00e9curit\u00e9 des personnes et des biens, se pr\u00e9munircontre d'\u00e9ventuels actes terroristes et r\u00e9guler les flux de transport autour de l'enceinte jusqu'\u00e0l'\u00e9vacuation totale des spectateurs \u00e0 l'issue de la rencontre;\nConsid\u00e9rant que le recours \u00e0 des cam\u00e9ras a\u00e9roport\u00e9es permet de disposer d'une vision engrand angle tout en limitant l'engagement des forces au sol, et le cas \u00e9ch\u00e9ant, d'organiser demani\u00e8re r\u00e9active et efficace leur d\u00e9ploiement op\u00e9rationnel, notamment en cas demouvement de foule ou d'actions violentes de groupes d'individus; qu'il n'existe pas dedispositif moins intrusif permettant de parvenir aux m\u00eames fins;\nConsid\u00e9rant que la demande de la direction de l'ordre public et de la circulation porte surl'engagement de deux cam\u00e9ras a\u00e9roport\u00e9es qui pourront \u00eatre en vol simultan\u00e9ment en vue decapter, d'enregistrer et de transmettre des images; que les aires survol\u00e9es sont strictementlimit\u00e9es aux zones o\u00f9 des troubles \u00e0 l'ordre public sont susceptibles de se produire; que ladur\u00e9e de l'autorisation demand\u00e9e n'appara\u00eet pas disproportionn\u00e9e au regard des finalit\u00e9spoursuivies ;\nSur proposition du directeur de l'ordre public et de la circulation,\nARRETE :\nArticle 1\" - La captation, l'enregistrement et la transmission d'images par la direction del'ordre public et de la circulation sont autoris\u00e9s \u00e0 l'occasion de la rencontre de footballsusvis\u00e9e aux titres de :\n- la pr\u00e9vention des atteintes \u00e0 la s\u00e9curit\u00e9 des personnes et des biens;\n- la s\u00e9curit\u00e9 des rassemblements;\n2026-00081 2\n\n- la pr\u00e9vention d'actes de terrorisme;\n- la r\u00e9gulation des flux de transport.\nArticle 2 - Le nombre maximal de cam\u00e9ras pouvant proc\u00e9der simultan\u00e9ment \u00e0 desenregistrements est fix\u00e9 \u00e0 2 cam\u00e9ras embarqu\u00e9es sur des a\u00e9ronefs t\u00e9l\u00e9-pilot\u00e9s.\nArticle 3 - La pr\u00e9sente autorisation s'applique au p\u00e9rim\u00e8tre g\u00e9ographique figurant sur le planen annexe au pr\u00e9sent arr\u00eat\u00e9.\nArticle 4 - La pr\u00e9sente autorisation est d\u00e9livr\u00e9e le dimanche 25janvier 2026 de 14h15 \u00e0 21h00pour l'ensemble des finalit\u00e9s pr\u00e9cit\u00e9es.\nArticle 5 - L'information du public est assur\u00e9e par la publication du pr\u00e9sent arr\u00eat\u00e9 aux recueilsdes actes administratifs mentionn\u00e9s \u00e0 l'article 7, sa mise en ligne sur le site internet de lapr\u00e9fecture de police ainsi que par une information sur les r\u00e9seaux sociaux.\nArticle 6 - Le registre mentionn\u00e9 \u00e0 l'article L. 242-4 du code de la s\u00e9curit\u00e9 int\u00e9rieure esttransmis au pr\u00e9fet de police, \u00e0 l'issue de la p\u00e9riode d'autorisation.\nArticle 7 - Le pr\u00e9fet des Hauts-de-Seine, le pr\u00e9fet, directeur de cabinet du pr\u00e9fet de police etle directeur de l'ordre public et de la circulation sont charg\u00e9s, chacun en ce qui le concerne, del'ex\u00e9cution du pr\u00e9sent arr\u00eat\u00e9 qui sera publi\u00e9 aux recueils des actes administratifs dud\u00e9partement de Paris et de la pr\u00e9fecture des Hauts-de-Seine et consultable sur le site internetde la pr\u00e9fecture de police (https://www.prefecturedepolice.interieur.gouv.fr).\nFaita Paris, le 19 JAN. 2026\nPatrice FAURE\nLe Pr\u00e9fet,teur de Cabinet\nBaptiste ROLLAND\n2026-00081\n\nAnnexe de l'arr\u00eat\u00e9 n\u00b0 9026-06051 du 19 JAN, 2626\nVOIES ET DELAIS DE RECOURS\nSi vous estimez devoir contester la pr\u00e9sente autorisation, il vous est possible, dans un d\u00e9lai dedeux mois a compter de la date de son affichage ou de sa publication:\n- soit de saisir d'un RECOURS GRACIEUXle Pr\u00e9fet de Police7/9, boulevard du Palais - 75195 PARIS RP\n- ou de former un RECOURS HIERARCHIQUEaupr\u00e8s du Ministre de l'int\u00e9rieur et des outre-merDirection des libert\u00e9s publiques et des affaires juridiquesplace Beauvau - 75008 PARIS\n- soit de saisir d'un RECOURS CONTENTIEUXle Tribunal administratif comp\u00e9tent\nAucune de ces voies et recours ne suspend l'application de la pr\u00e9sente d\u00e9cision.\nLes recours GRACIEUX et HIERARCHIQUE doivent \u00eatre \u00e9crits, exposer les argumentsou faits nouveaux et comprendre la copie de la d\u00e9cision contest\u00e9e.\nLe recours contentieux, qui vise \u00e0 contester la LEGALITE de la pr\u00e9sente d\u00e9cision, doit\u00e9galement \u00eatre \u00e9crit et exposer votre argumentation juridique.\nSi vous n'aviez pas de r\u00e9ponse \u00e0 votre recours GRACIEUX ou HIERARCHIQUE dans und\u00e9lai de deux mois \u00e0 compter de la r\u00e9ception de votre recours par l'administration,votre demande devra \u00eatre consid\u00e9r\u00e9e comme rejet\u00e9e (d\u00e9cision implicite de rejet).\nEn cas de rejet des RECOURS GRACIEUX ou HIERARCHIQUE, le Tribunal administratifpeut \u00eatre saisi d'un recours contentieux dans le d\u00e9lai de deux mois \u00e0 compter de ladate de la d\u00e9cision de rejet.\n\nDIRECTION DEL'ORDRE PUBLICET DE LA CIRCULATION\n2026-00081\n\nPREFECTUREDE POLICELibert\u00e9\u00c9galit\u00e9Fraternit\u00e9\nCabinet du pr\u00e9fet\narr\u00eat\u00e9 n\u00b0 . 2026-00082relatif au pr\u00e9fet d\u00e9l\u00e9gu\u00e9 \u00e0 l'immigration et aux services de la pr\u00e9fecture de police plac\u00e9s sous sadirection pour l'exercice de ses attributions\nLe pr\u00e9fet de police,\nVU le code civil, notamment ses articles 21-2, 21-13-1 et 21-13-2;\nVU le code de l'entr\u00e9e et du s\u00e9jour des \u00e9trangers et du droit d'asile;\nVU le code g\u00e9n\u00e9ral des collectivit\u00e9s territoriales;\nVU le code de proc\u00e9dure p\u00e9nale, notamment le a du 5\u00b0 de son article R. 15-19;\nVU le code de la s\u00e9curit\u00e9 int\u00e9rieure, notamment le c du 3\u00b0 de son article R. 851-1;\nVU le code du travail, notamment son article L. 8272-2;\nVU le d\u00e9cret n\u00b0 94-415 du 24 mai 1994 modifi\u00e9 portant dispositions statutaires relatives aux personnelsdes administrations parisiennes;\nVU le d\u00e9cret n\u00b0 2004-374 du 29 avril 2004 modifi\u00e9 relatif aux pouvoirs des pr\u00e9fets, \u00e0 l'organisation et \u00e0l'action des services de l'\u00c9tat dans les r\u00e9gions et d\u00e9partements, notamment ses articles 71, 73-1, 73-2 et76;\nVU le d\u00e9cret n\u00b02009-898 du 24 juillet 2009 modifi\u00e9 relatif \u00e0 la comp\u00e9tence territoriale de certainesdirections et de certains services de la pr\u00e9fecture de police ;\nVU le d\u00e9cret n\u00b0 2021-480 du 21 avril 2021 relatif \u00e0 l'organisation de l'entr\u00e9e et du s\u00e9jour des \u00e9trangerset de l'asile dans les d\u00e9partements de l'Essonne, des Hauts-de-Seine, de Paris, de la Seine-et- Marne, dela Seine-Saint-Denis, du Val-de-Marne, du Val-d'Oise et des Yvelines ;\nVU le d\u00e9cret n\u00b0 2021-481 du 21 avril 2021 relatif au pr\u00e9fet d\u00e9l\u00e9gu\u00e9 \u00e0 l'immigration aupr\u00e8s du pr\u00e9fet depolice et \u00e0 l'organisation de la police aux fronti\u00e8res dans les d\u00e9partements de l'Essonne, de la Seine-et-Marne, du Val-d'Oise et des Yvelines ainsi que sur les emprises des a\u00e9roports de Paris-Charles-de-Gaulle, du Bourget et de Paris-Orly;\nVU le d\u00e9cret n\u00b0 2021-482 du 21 avril 2021 pris pour la mise en ceuvre des comp\u00e9tences du pr\u00e9fetd\u00e9l\u00e9gu\u00e9 \u00e0 l'immigration aupr\u00e8s du pr\u00e9fet de police et de l'organisation de la police aux fronti\u00e8res dansles d\u00e9partements de l'Essonne, de la Seine-et-Marne, du Val-d'Oise et des Yvelines ainsi que sur lesemprises des a\u00e9roports de Paris-Charles-de-Gaulle, du Bourget et de Paris-Orly;\nVU l'accord du 27 d\u00e9cembre 1968 entre le gouvernement de la R\u00e9publique fran\u00e7aise et legouvernement de la R\u00e9publique alg\u00e9rienne d\u00e9mocratique et populaire relatif \u00e0 la circulation, \u00e0 l'emploiet au s\u00e9jour des ressortissants alg\u00e9riens et de leurs familles;\nVU l'arr\u00eat\u00e9 du 6 juin 2006 modifi\u00e9 portant r\u00e8glement g\u00e9n\u00e9ral d'emploi de la police nationale,notamment son article 2121-7;\nVU l'arr\u00eat\u00e9 pr\u00e9fectoral n\u00b0 2009-00641 du 7 ao\u00fbt 2009 modifi\u00e9 relatif \u00e0 l'organisation de la pr\u00e9fecture\n\nde police ;\nVU l'arr\u00eat\u00e9 pr\u00e9fectoral n\u00b0 2020-01044 du 10 d\u00e9cembre 2020 relatif aux missions et \u00e0 l'organisation de ladirection de la s\u00e9curit\u00e9 de proximit\u00e9 de l'agglom\u00e9ration parisienne, notamment son article 13;\nVU l'avis du comit\u00e9 social territorial des administrations parisiennes de la pr\u00e9fecture de police en datedu 10 d\u00e9cembre 2025 ;\nVU l'avis du comit\u00e9 social d'administration des directions et services administratifs et techniques de lapr\u00e9fecture de police en date du 18 d\u00e9cembre 2025;\nARR\u00caTE\nArticle 1\u00b0\"\nLe pr\u00e9fet d\u00e9l\u00e9gu\u00e9 \u00e0 l'immigration, plac\u00e9 sous l'autorit\u00e9 du pr\u00e9fet de police, est assist\u00e9 d'un adjoint,chef du service de l'administration des \u00e9trangers, qui assure son int\u00e9rim ou sa suppl\u00e9ance, en casd'absence ou d'emp\u00e9chement.\nLa d\u00e9l\u00e9gation \u00e0 l'immigration, dont les missions et l'organisation sont fix\u00e9es aux titres l* et Il dupr\u00e9sent arr\u00eat\u00e9, est plac\u00e9e sous son autorit\u00e9.\nLe pr\u00e9fet d\u00e9l\u00e9gu\u00e9 \u00e0 l'immigration dispose pour emploi de la sous-direction de la lutte contrel'immigration irr\u00e9guli\u00e8re de la direction de la s\u00e9curit\u00e9 de proximit\u00e9 de l'agglom\u00e9ration parisienne et estassoci\u00e9 \u00e0 la d\u00e9finition des moyens qui lui sont allou\u00e9s.\nIl dispose, en tant que de besoin, des directions actives de la pr\u00e9fecture de police lorsque celles-ciinterviennent en mati\u00e8re de lutte contre l'immigration irr\u00e9guli\u00e8re et de contr\u00f4le du droit au s\u00e9jour.\nIl pr\u00e9side la cellule de coordination op\u00e9rationnelle zonale en mati\u00e8re de lutte contre l'immigrationirr\u00e9guli\u00e8re de la zone de d\u00e9fense et de s\u00e9curit\u00e9 de Paris.\nTITRE |: MISSIONS DE LA DELEGATION A L'IMMIGRATION\nArticle 2\nLa d\u00e9l\u00e9gation \u00e0 l'immigration est charg\u00e9e de la mise en \u0153uvre des comp\u00e9tences du pr\u00e9fet de police enmati\u00e8re :\n1\u00b0 d'enregistrement des demandes d'asile et de d\u00e9termination de l'Etat responsable de leur\nexamen;\n2\u00b0 d'instruction et de la d\u00e9livrance des titres de s\u00e9jour;\n3\u00b0 de traitement des demandes relatives \u00e0 l'entr\u00e9e dans la nationalit\u00e9 fran\u00e7aise;\n4 d \u00e9loignement et de r\u00e9tention.\nElle assiste le pr\u00e9fet d\u00e9l\u00e9gu\u00e9 dans l'animation et la coordination des politiques migratoires dans leressort de la zone \u00cele-de-France.\nTITRE Il: ORGANISATION DE LA DELEGATION A L'IMMIGRATION\nArticle 3\nLa d\u00e9l\u00e9gation \u00e0 l'immigration se compose du cabinet du pr\u00e9fet d\u00e9l\u00e9gu\u00e9 \u00e0 l'immigration, de la celluled'appui et de coordination zonale et du service de l'administration des \u00e9trangers.\n2026-09082\n\nChapitre 1: Le cabinet du pr\u00e9fet d\u00e9l\u00e9gu\u00e9 \u00e0 l'immigration\nArticle 4\nLe cabinet, dirig\u00e9 par un directeur de cabinet, comprend :- Une chefferie de cabinet, charg\u00e9e de la pr\u00e9paration de la communication, de la pr\u00e9parationdes dossiers du pr\u00e9fet de police et du pr\u00e9fet d\u00e9l\u00e9gu\u00e9 \u00e0 l'immigration, de la gestion des agendas,du secr\u00e9tariat de direction, et des questions protocolaires. Elle est en outre charg\u00e9e du suivides interventions, dossiers et courriers signal\u00e9s;\n- Un conseiller police, dont la mission est d'assister le pr\u00e9fet d\u00e9l\u00e9gu\u00e9 dans le pilotage de l'actiondes services de police sp\u00e9cialis\u00e9s et g\u00e9n\u00e9ralistes en mati\u00e8re de lutte contre l'immigrationirr\u00e9guli\u00e8re ;\n- Une section des affaires g\u00e9n\u00e9rales, charg\u00e9e du traitement des interventions.\nLe directeur de cabinet assure, en outre, la mission d'officier de s\u00e9curit\u00e9 et est responsable, pour lad\u00e9l\u00e9gation, du respect du r\u00e9glement g\u00e9n\u00e9ral de la protection des donn\u00e9es.\nChapitre 2 : La cellule d'appui et de coordination zonale\nArticle 5\nLa cellule d'appui et de coordination zonale assiste le pr\u00e9fet d\u00e9l\u00e9gu\u00e9 dans le pilotage de lacoordination zonale, l'appui des r\u00e9formes, la modernisation, le contr\u00f4le de gestion et la productiond'\u00e9tudes et d'analyses. En tant que de besoin, elie est mise \u00e0 disposition du chef du service del'administration des \u00e9trangers.\nChapitre 3 : Le service de l'administration des \u00e9trangers (SAE)\nArticle 6\nLe service de l'administration des \u00e9trangers est charg\u00e9 de la mise en \u0153uvre des comp\u00e9tences du pr\u00e9fetde police en mati\u00e8re d'entr\u00e9e et de s\u00e9jour des ressortissants \u00e9trangers, de demande d'asile et d'acc\u00e8s \u00e0la nationalit\u00e9 fran\u00e7aise.\nArticle 7\nLe service de l'administration des \u00e9trangers comprend :\n- une sous-direction du s\u00e9jour et de l'acc\u00e8s \u00e0 la nationalit\u00e9;\n- un d\u00e9partement zonal de l'asile et de l'\u00e9loignement;- un d\u00e9partement des ressources, de la modernisation et du soutien juridique.\nSection 1 : La sous-direction du s\u00e9jour et de l'acc\u00e8s \u00e0 la nationalit\u00e9 (SDSAN)\nArticle 8\nLa sous-direction est compos\u00e9e du p\u00e9le de l'instruction des demandes de titres de s\u00e9jour, du p\u00f4le de iarelation et du service \u00e0 l'usager, et du p\u00f4le de l'acc\u00e8s \u00e0 la nationalit\u00e9.\nLe sous-directeur du s\u00e9jour et de l'acc\u00e8s \u00e0 la nationalit\u00e9 est second\u00e9 dans ses missions par un adjoint.\n2026-00082\n\nArticle 9\nLe p\u00f4le de l'instruction des demandes de titres de s\u00e9jour est charg\u00e9 de l'application du droit au s\u00e9jourpour les ressortissants \u00e9trangers domicili\u00e9s \u00e0 Paris.\nI comprend quatre divisions et deux cellules :\n- la division de l'immigration professionnelle et \u00e9tudiante;- la division de l'immigration familiale;\n- la division de l'adrnission exceptionnelle au s\u00e9jour et de l'actualisation des situationsadministratives et de voyage;\n- la division de la r\u00e9daction et des examens sp\u00e9cialis\u00e9s;- la cellule de la fraude et du contr\u00f4le qualit\u00e9;\n- la cellule d'appui.\nArticle 10\nLa division de l'immigration professionnelle et \u00e9tudiante est charg\u00e9e de l'application du droit au s\u00e9jourdes ressortissants \u00e9trangers, d\u00e8s lors qu'ils ne sont pas ressortissants de l'Union europ\u00e9enne ou qu'ilsne sont pas de la famille de ressortissants de l'Union europ\u00e9enne, qui sollicitent un titre de s\u00e9jour :\n- pour motif professionnel ;\n- pour motif d'\u00e9tudes.\nLa division de l'immigration professionnelle et \u00e9tudiante est \u00e9galement charg\u00e9e de l'application dudroit au s\u00e9jour pour les primo-demandeurs de carte de r\u00e9sident et de certificat de r\u00e9sidence pourAlg\u00e9rien de 10 ans, d\u00e8s lors que le titre de s\u00e9jour avait \u00e9t\u00e9 d\u00e9livr\u00e9 pour un des motifs relevant de sonchamp de comp\u00e9tence.\nArticle 11\nLa division de l'immigration familiale est charg\u00e9e de l'application du droit au s\u00e9jour des ressortissants\u00e9trangers qui sollicitent un titre de s\u00e9jour :\n- pour motif familial ;\n- pour motif humanitaire ;\n- en tant que b\u00e9n\u00e9ficiaires d'une protection internationale;\n- en tant qu'\u00e9trangers ayant des liens particuliers avec la France;\n- en tant qu'\u00e9trangers titulaires d'une rente ou d'une pension de retraite;\n- en tant qu'\u00e9tranger titulaire du statut de r\u00e9sident longue dur\u00e9e - UE dans un autre Etat membrede l'Union europ\u00e9enne ou en tant que membre de la famille d'un r\u00e9sident longue dur\u00e9e - UEdans un autre Etat membre de l'Union europ\u00e9enne;\n- en tant qu'\u00e9tranger justifiant d'une r\u00e9sidence r\u00e9guli\u00e8re ininterrompue en France, d'un certainniveau de ressources et d'une assurance maladie, en tant qu'\u00e9tranger visiteur.\nElle est \u00e9galement charg\u00e9e de l'application du droit au s\u00e9jour:\n- pour les ressortissants europ\u00e9ens et leur famille ;\n- pour les primo-demandeurs de carte de r\u00e9sident et de certificat de r\u00e9sidence pour Alg\u00e9rien de10 ans, d\u00e8s lors que le titre de s\u00e9jour avait \u00e9t\u00e9 d\u00e9livr\u00e9 pour un des motifs relevant de son champde comp\u00e9tence.\n2026-00082 '\n\nArticle 12\nLa division de l'admission exceptionnelle au s\u00e9jour et de |'actualisation des situations administratives etde voyage est charg\u00e9e de l'application du droit au s\u00e9jour :\n- des ressortissants \u00e9trangers qui d\u00e9posent une demande dont un des motifs est relatif \u00e0l'admission exceptionnelle au s\u00e9jour en application des dispositions du chapitre V du titre El dulivre quatri\u00e8me du code de l'entr\u00e9e et du s\u00e9jour des \u00e9trangers et du droit d'asile;\n- des ressortissants \u00e9trangers qui d\u00e9posent une demande av titre de leurs liens personnels etfamiliaux en France en application de la section 8 du chapitre III du titre Il du livre quatri\u00e8medu code de l'entr\u00e9e et du s\u00e9jour des \u00e9trangers et du droit d'asile;\n- des ressortissants alg\u00e9riens, dont un des motifs de la demande est relatif \u00e0 l'application du 1) etdu 5) de l'article 6 l'accord du 27 d\u00e9cembre 1968 entre le gouvernement de la R\u00e9publiquefran\u00e7aise et le gouvernement de la R\u00e9publique alg\u00e9rienne d\u00e9mocratique et populaire relatif \u00e0 lacirculation, \u00e0 l'emploi et au s\u00e9jour des ressortissants alg\u00e9riens et de leurs familles dit \u00ab accordfranco-aig\u00e9rien \u00bb ;\n- des ressortissants \u00e9trangers sollicitant le renouvellement d'une carte de r\u00e9sident ou d'uncertificat de r\u00e9sidence pour Alg\u00e9rien de 10 ans;\n- des ressortissants \u00e9trangers sollicitant un titre de s\u00e9jour portant la mention \u00ab retrait\u00e9 \u00bb ;\n- des ressortissants \u00e9trangers sollicitant des documents de voyage et de circulation;\n- des ressortissants \u00e9trangers sollicitant la modification de l'\u00e9tat-civil ou de l'adresse figurantdans leur titre de s\u00e9jour ;\n- des ressortissants \u00e9trangers sollicitant des duplicatas de titre de s\u00e9jour.\nArticle 13\nLa division de la r\u00e9daction et des examens sp\u00e9cialis\u00e9s est charg\u00e9e de l'application du droit au s\u00e9joursur l'ensemble du p\u00e9rim\u00e8tre relevant de la division de l'immigration professionnelle et \u00e9tudiante, de ladivision de l'immigration familiale ainsi que de la division de l'admission exceptionnelle au s\u00e9jour et del'actualisation des situations administratives et de voyage, pour les dossiers qui lui sont confi\u00e9s.\nA ce titre, en appui du chef de p\u00f4le de l'instruction des demandes de titres de s\u00e9jour, elle:\n- expertise les demandes de titre de s\u00e9jour qui lui sont soumises pour avis par les autres divisionsdu p\u00f4le;\n- expertise les demandes de titre de s\u00e9jour des ressortissants \u00e9trangers ayant commis desinfractions graves ou repr\u00e9sentant Une menace grave pour l'ordre public.\nElle pr\u00e9pare les d\u00e9cisions de refus d'admission au s\u00e9jour et les obligations de quitter le territoirefran\u00e7ais pour les demandes qui lui sont transmises.\nElle assure le secr\u00e9tariat de la commission du titre de s\u00e9jour.\nArticle 14\nLa cellule de la fraude et du contr\u00f4le qualit\u00e9 intervient en appui du chef du p\u00f4le de l'instruction desdemandes de titres de s\u00e9jour et est charg\u00e9e \u00e0 ce titre:\n- de l'instruction et des d\u00e9cisions li\u00e9es \u00e0 la fraude, qu'elle soit externe ou interne, relative auxdemandes de titres de s\u00e9jour, en lien avec le r\u00e9f\u00e9rent fraude d\u00e9partemental ;\n- du contr\u00f4le qualit\u00e9 de l'instruction des titres de s\u00e9jour.\n2026-00082 |\n\nArticle 15\nLa cellule d'appui assure, au profit du p\u00f4le de l'instruction des titres de s\u00e9jour, le soutien n\u00e9cessaire aufonctionnement du service.\nArticle 16\nLe p\u00f4le de la relation et du service \u00e0 l'usager est charg\u00e9 de l'accueil des usagers \u00e9trangers. Il assurel'accompagnement et la r\u00e9ception du public dans le cadre de l'instruction des titres de s\u00e9jour.\nIl comprend deux divisions, la division de l'accompagnement des usagers et la division de la r\u00e9ceptiondes usagers, et une cellule d'appui.\nUn coordinateur fraude et politique qualit\u00e9 intervient en appui du chef de p\u00f4le de la relation et duservice \u00e0 l'usager. A ce titre, en lien avec le r\u00e9f\u00e9rent fraude d\u00e9partemental, il pilote et coordonne lalutte contre les fraudes externes et internes au sein du p\u00f4le et assure l'\u00e9laboration et le suivi de lapolitique qualit\u00e9.\nArticle 17\nLa division de l'accompagnement des usagers est charg\u00e9e de la gestion des canaux de communicationmis \u00e0 la disposition des usagers et des partenaires de la sous-direction du s\u00e9jour et de l'acc\u00e8s \u00e0 lanationalit\u00e9, notamment :\n- de l'accompagnement t\u00e9l\u00e9phonique;\n- dela gestion du courrier \u00e9lectronique;\n- dela mission d'appui et de m\u00e9diation num\u00e9rique aupr\u00e8s des usagers;\n- de l'animation de l'agent conversationnel de la d\u00e9l\u00e9gation \u00e0 l'immigration;\n- des relations avec les partenaires ext\u00e9rieurs de la sous-direction du s\u00e9jour et de l'acc\u00e8s \u00e0 lanationalit\u00e9.\nArticle 18\nLa division de la r\u00e9ception des usagers est charg\u00e9e de l'accueil des usagers \u00e9trangers domicili\u00e9s \u00e0 Paris,s'agissant:\n- du d\u00e9p\u00f4t des premi\u00e8res demandes et des demandes de renouvellement de titre de s\u00e9jour;\n- du d\u00e9p\u00f4t des demandes de documents de voyage et de circulation ;\n- dela d\u00e9livrance des titres de s\u00e9jour.\nArticle 19\nLa cellule d'appui assure, au profit du p\u00f4le de la relation et du service \u00e0 l'usager, le soutien n\u00e9cessaireau fonctionnement du service.\nArticle 20\nLe p\u00f4le de l'acc\u00e8s \u00e0 la nationalit\u00e9 est charg\u00e9 de l'acc\u00e8s \u00e0 la citoyennet\u00e9 fran\u00e7aise, en particulier :\n- de l'instruction des demandes relatives \u00e0 l'acquisition de la nationalit\u00e9 fran\u00e7aise par d\u00e9cret{naturalisation et r\u00e9int\u00e9gration dans la nationalit\u00e9 fran\u00e7aise);\n- de l'instruction des demandes relatives \u00e0 l'acquisition de la nationalit\u00e9 fran\u00e7aise parsouscription d'une des d\u00e9clarations relevant de la comp\u00e9tence de l'autorit\u00e9 pr\u00e9fectorale;\n- de l'instruction des demandes relatives \u00e0 la lib\u00e9ration des liens d'all\u00e9geance envers la France;\n2026-00082 \u00b0\n\n- de la pr\u00e9paration et de l'organisation des c\u00e9r\u00e9monies d'accueil dans la citoyennet\u00e9 fran\u00e7aise \u00e0l'attention des nouveaux Fran\u00e7ais.\nSection 2 : Le d\u00e9partement zonal de l'asile et de l'\u00e9loignement (DZAE)\nArticle 21\nLe d\u00e9partement zonal de l'asile et de l'\u00e9loignement, plac\u00e9 sous l'autorit\u00e9 d'un chef de d\u00e9partement,compos\u00e9 du bureau de la lutte contre l'immigration irr\u00e9guli\u00e8re et du bureau de l'accueil de la demanded'asile, est comp\u00e9tent en mati\u00e8re d'\u00e9loignement et de lutte contre l'immigration irr\u00e9guli\u00e8re ainsi quedu traitement de la demande d'asile.\nArticle 22\nLe bureau de la lutte contre l'immigration irr\u00e9guli\u00e8re est charg\u00e9 de l'instruction des d\u00e9cisions etmesures relatives \u00e0 la lutte contre l'immigration irr\u00e9guli\u00e8re, en particulier:\n- des mesures d'\u00e9loignement des \u00e9trangers et toutes d\u00e9cisions prises pour leur ex\u00e9cution ;\n- des mesures de transfert, suivi et ex\u00e9cution des proc\u00e9dures prises dans le cadre de la mise en\u0153uvre du r\u00e8glement Dublin ;\n- des d\u00e9marches consulaires ou bilat\u00e9rales en vue de faire r\u00e9admettre les \u00e9trangers faisant l'objetd'une mesure d'\u00e9loignement ou de transfert;\n- dela mise en \u0153uvre des dispositions permettant de d\u00e9terminer l'Etat europ\u00e9en responsable del'examen d'une demande de protection internationale pour les \u00e9trangers plac\u00e9s en r\u00e9tentionlorsque leur situation l'exige;\n- des d\u00e9cisions de maintien en r\u00e9tention prises en application de l'article L.754-3 du code del'entr\u00e9e et du s\u00e9jour des \u00e9trangers et du droit d'asile;\n- des retraits de titre de s\u00e9jour lorsqu'ils font suite \u00e0 une mesure d'\u00e9loignement;\n- des mesures de fermeture d'\u00e9tablissements prises en application de f'article L. 8272-2 du codedu travail ;\n- dela repr\u00e9sentation du pr\u00e9fet de police devant la commission d'expulsion pr\u00e9vue \u00e0 l'articleL. 632-1 du code de l'entr\u00e9e et du s\u00e9jour des \u00e9trangers et du droit d'asile.\nll assure le traitement des proc\u00e9dures judiciaires li\u00e9es aux demandes de prolongation de maintien enr\u00e9tention devant le tribunal judiciaire comp\u00e9tent et devant la cour d'appel comp\u00e9tente.\nAu sein de la cellule de coordination zonale pour le placement en r\u00e9tention en \u00cele-de-France, il assure,en partenariat avec la direction centrale de la police aux fronti\u00e8res (DCPAF), la gestion de l'ensembledes places dans les centres de r\u00e9tention administrative (CRA) de la r\u00e9gion d'\u00cele-de-France.\nil participe \u00e0 l'animation et la coordination de la politique de l'\u00e9loignement dans le ressort de la zone\u00cele-de-France.\nI! participe \u00e0 la mise en \u0153uvre des comp\u00e9tences du pr\u00e9fet d\u00e9l\u00e9gu\u00e9 \u00e0 l'immigration en mati\u00e8re de luttecontre l'immigration irr\u00e9guli\u00e8re sur les emprises des a\u00e9roports de Paris-Charles-de-Gaulle, du Bourgetet de Paris-Orly.\nIl suit la mise en \u0153uvre des dispositions relatives \u00e0 l'organisation des lieux de r\u00e9tention, pr\u00e9vues auchapitre IV du titre IV du livre VII du code de l'entr\u00e9e et du s\u00e9jour des \u00e9trangers et du droit d'asile,dans les lieux de r\u00e9tention plac\u00e9s sous l'autorit\u00e9 du pr\u00e9fet de police.\n2026-00082 /\n\nArticle 23\nLe bureau de l'accueit de la demande d'asile est charg\u00e9 du s\u00e9jour des demandeurs d'asile et desapatrides, et en particulier de :\nl'enregistrement des demandes d'asile, la d\u00e9livrance des attestations de demande d'asile et lerenouvellement de ces attestations dans l'attente de l'instruction des demandes par l'Officefran\u00e7ais de protection des r\u00e9fugi\u00e9s et apatrides ou de la d\u00e9cision de la Cour nationale du droitd'asile;\nla mise en \u0153uvre des dispositions permettant de d\u00e9terminer l'Etat europ\u00e9en responsable del'examen d'une demande de protection internationale, la prise d'arr\u00eat\u00e9s de transferts etd'arr\u00eat\u00e9s d'assignation \u00e0 r\u00e9sidence pour les personnes plac\u00e9es sous proc\u00e9dure \"Dublin\"conform\u00e9ment aux dispositions du R\u00e8glement (UE) n\u00b0604/2013 du 26 juin 2013 dit Dublin IIIrelatif aux crit\u00e8res et m\u00e9canismes de d\u00e9termination de l'\u00c9tat europ\u00e9en responsable de l'examend'une demande d'asile;\nla r\u00e9daction et la notification des arr\u00eat\u00e9s portant obligation de quitter le territoire fran\u00e7aispour les personnes d\u00e9bout\u00e9es de leur demande d'asile en France.\nLe bureau de l'accueil de la demande d'asile comprend le p\u00f4le interd\u00e9partemental Dublin, charg\u00e9 del'instruction pr\u00e9paratoire des proc\u00e9dures \u00ab Dublin\u00bb mises en \u0153uvre dans le cadre du R\u00e8glementDublin ttl du 26 juin 2013 pour les pr\u00e9fectures des Yvelines, de l'Essonne et du Val-de-Marne. A ce titre,il assure pour leur compte:\nla saisine des Etats membres responsables de la demande d'asile;\nle traitement des r\u00e9ponses de ces derniers;\nla r\u00e9daction des arr\u00eat\u00e9s de transfert.\nSection 3 : Le d\u00e9partement des ressources, de la modernisationet du soutien juridique (DRMJ)\nArticle 24\nLe d\u00e9partement des ressources, de la modernisation et du soutien juridique, plac\u00e9 sous l'autorit\u00e9 d'unchef de d\u00e9partement, est charg\u00e9 des sujets relatifs aux ressources humaines et aux moyensbudg\u00e9taires, mat\u00e9riels, immobiliers et informatiques qui sont n\u00e9cessaires au fonctionnement de lad\u00e9l\u00e9gation \u00e0 l'immigration ainsi que de son soutien juridique. Il assure, \u00e0 ce titre, les liaisons avec lesdirections et services concern\u00e9s de la pr\u00e9fecture de police. ll comprend quatre bureaux :le bureau des relations et des ressources humaines;\nle bureau des affaires financi\u00e8res, immobili\u00e8res et logistiques ;le bureau de l'accompagnement et de la transformation num\u00e9riques ;\nle bureau du soutien juridique et du contentieux.\nArticle 25\nLe bureau des relations et des ressources humaines est charg\u00e9 :\nde la gestion de proximit\u00e9 de l'ensemble des agents affect\u00e9s au sein de la d\u00e9l\u00e9gation, tous statutsconfondus; \u00e0 ce titre, il assure notamment le suivi de leur carri\u00e8re, les avancements, les mobilit\u00e9s,les maladies ainsi que la gestion du temps de travail ;\ndu pilotage des effectifs de la d\u00e9l\u00e9gation et du suivi des plafonds d'emplois ;de l'\u00e9laboration et de la mise en \u0153uvre du plan de formation de la d\u00e9l\u00e9gation, ainsi que desinscriptions aux concours et examens et aux sessions de formation ;\n\nde la mise en \u0153uvre des campagnes indemnitaires. annuelles ainsi que du suivi de la nouvellebonification indiciaire, du paiement des astreintes et des permanences ;\nde l'accompagnement des r\u00e9formes impactant l'organisation des services.\nArticle 26\nLe bureau des affaires financi\u00e9res, immobili\u00e9res et logistiques est charg\u00e9 :\nde la pr\u00e9paration, de l'ex\u00e9cution et du suivi du budget de la d\u00e9l\u00e9gation;\nde la planification et de la r\u00e9alisation des op\u00e9rations mobili\u00e8res et immobili\u00e8res; \u00e0 ce titre, il suitles d\u00e9m\u00e9nagements et assure les livraisons de mobilier et de fournitures;\nde la logistique; \u00e0 ce titre, il assure notamment le suivi de la signal\u00e9tique et la gestion des badgeset du parc automobile;\nde l'appui \u00e0 l'ex\u00e9cution financi\u00e8re des d\u00e9penses engag\u00e9es pour la mise en \u0153uvre, dans le p\u00e9rim\u00e8trede comp\u00e9tence du pr\u00e9fet de police, du r\u00e9gime de r\u00e9tention applicable dans les conditions fix\u00e9esau chapitre 4 du titre IV du livre septi\u00e8me du code de l'entr\u00e9e et du s\u00e9jour des \u00e9trangers et dudroit d'asile;\nde la pr\u00e9vention des risques professionnels, de la s\u00e9curit\u00e9 et de la sant\u00e9 au travail et de la s\u00e9curit\u00e9incendie.\nLe conseiller de pr\u00e9vention de la d\u00e9l\u00e9gation exerce ses fonctions dans le bureau des affairesfinanci\u00e8res, immobili\u00e8res et logistiques. Il anime le r\u00e9seau des assistants de pr\u00e9vention de lad\u00e9l\u00e9gation.\nArticle27\nLe bureau de l'accompagnement et de la transformation num\u00e9riques est charg\u00e9 :de l'installation et de la maintenance des postes de travail, des applications informatiques, desp\u00e9riph\u00e9riques associ\u00e9s, des outils de t\u00e9l\u00e9phonie et de visioconf\u00e9rence ; \u00e0 ce titre, il assure lesoutien aux utilisateurs ;\nde veiller \u00e0 la s\u00e9curit\u00e9 du syst\u00e8me d'information, en lien avec le directeur de cabinet ;d'accompagner le d\u00e9veloppement des projets applicatifs et des projets d'infrastructures desservices.\nArticle 28\nLe bureau du soutien juridique et du contentieux est charg\u00e9 de d\u00e9fendre devant le tribunaladministratif comp\u00e9tent, y compris en r\u00e9f\u00e9r\u00e9 :- les d\u00e9cisions relatives au s\u00e9jour des \u00e9trangers relevant de la comp\u00e9tence du p\u00f4le de l'instructiondes demandes de titres de s\u00e9jour ainsi que de la section des affaires g\u00e9n\u00e9rales, y compris enr\u00e9f\u00e9r\u00e9;\n- les d\u00e9cisions prises en mati\u00e8re d'asile du bureau de l'accueil de la demande d'asile;- les d\u00e9cisions relevant des mesures d'\u00e9loignement ou de transfert relevant du bureau de la luttecontre l'immigration irr\u00e9guli\u00e8re d\u00e8s lors que l'\u00e9tranger n'est pas ou plus plac\u00e9 en r\u00e9tention ainsique les mesures d'assignation \u00e0 r\u00e9sidence les accompagnant;- les d\u00e9cisions relevant des mesures d'\u00e9loignement et de transfert des \u00e9trangers plac\u00e9s enr\u00e9tention et de toutes les d\u00e9cisions prises pour leur ex\u00e9cution ainsi que des d\u00e9cisions demaintien en r\u00e9tention prises en application de l'article L. 754-3 du code de l'entr\u00e9e et du s\u00e9jourdes \u00e9trangers et du droit d'asile.\nIl est charg\u00e9 de d\u00e9fendre devant le tribunal administratif comp\u00e9tent les d\u00e9cisions relevant des mesuresd'\u00e9loignement et de transfert des \u00e9trangers plac\u00e9s en d\u00e9tention et de toutes les d\u00e9cisions prises pour\nNDooSJCN}[ee]\n299\n\u00a9\n\nleur ex\u00e9cution d\u00e8s lors qu'il appara\u00eet, en cours d'instance, que l'\u00e9tranger d\u00e9tenu est susceptible d'\u00eatrelib\u00e9r\u00e9 avant que le juge ne statue (Art L.614-15 du code de l'entr\u00e9e et du s\u00e9jour des \u00e9trangers et dudroit d'asile).\nLe bureau du soutien juridique et du contentieux est charg\u00e9 du greffe pour ces contentieux ainsi quedu suivi de l'ex\u00e9cution financi\u00e8re des jugements et des ordonnances des tribunaux administratifs yaff\u00e9rents.\nIl veille \u00e0 la s\u00e9curisation des actes juridiques pour le service de l'administration des \u00e9trangers.\nIl effectue une veille juridique au profit des services de la d\u00e9l\u00e9gation \u00e0 l'immigration.\nIl organise la consultation des dossiers administratifs d'\u00e9trangers en application du livre III du code desrelations entre le public et l'administration.\nArticle 29\nL'arr\u00eat\u00e9 n\u00b0 2023-01288 du 23 octobre 2023 relatif au pr\u00e9fet d\u00e9l\u00e9gu\u00e9 \u00e0 l'immigration et aux services dela pr\u00e9fecture de police plac\u00e9s sous sa direction pour l'exercice de ses attributions, est abrog\u00e9.\nArticle 30\nLe pr\u00e9sent arr\u00eat\u00e9 entre en vigueur le 19 janvier 2026.\nArticle 31\nLe pr\u00e9fet, directeur de cabinet, et la pr\u00e9f\u00e8te d\u00e9l\u00e9gu\u00e9e \u00e0 l'immigration sont charg\u00e9es, chacun en qui laconcerne, de l'ex\u00e9cution du pr\u00e9sent arr\u00eat\u00e9 qui sera publi\u00e9 aux recueils des actes administratifs desd\u00e9partements de Paris, de l'Essonne, des Hauts-de-Seine, de la Seine-et-Marne, de la Seine-Saint-Denis,du Val de Marne, du Val d'Oise et des Yvelines.\nFait\u00e0 Paris, le 1 9 JAN. 2026 ice HA\n\nEuPR\u00c9FECTURE gpDE POLICE aLibert\u00e9\u00c9galit\u00e9Fraternit\u00e9\nCabinet du pr\u00e9fet\narr\u00eat\u00e9 n\u00b0 2026-00083accordant d\u00e9l\u00e9gation de la signature pr\u00e9fectorale \u00e0 la pr\u00e9f\u00e8te d\u00e9l\u00e9gu\u00e9e \u00e0 l'immigrationet aux agents affect\u00e9s au sein de la d\u00e9l\u00e9gation \u00e0 l'immigration\nLe pr\u00e9fet de police,\nVU le code de l'entr\u00e9e et du s\u00e9jour des \u00e9trangers et du droit d'asile, notamment ses articles R.* 122-1 etR.* 122-4;\nVU le d\u00e9cret n\u00b0 93-1362 du 30 d\u00e9cembre 1993 modifi\u00e9 relatif aux d\u00e9clarations de nationalit\u00e9, auxd\u00e9cisions de naturalisation, de r\u00e9int\u00e9gration, de perte, de d\u00e9ch\u00e9ance et de retrait de la nationalit\u00e9fran\u00e7aise;\nVU le d\u00e9cret n\u00b0 94-415 du 24 mai 1994 modifi\u00e9 portant dispositions statutaires relatives aux personnelsdes administrations parisiennes, et notamment son article 14;\nVU le d\u00e9cret n\u00b0 2004-374du 29 avril 2004 modifi\u00e9 relatif aux pouvoirs des pr\u00e9fets, \u00e0 l'organisation et \u00e0l'action des services de l'\u00c9tat dans les r\u00e9gions et d\u00e9partements, notamment ses articles 17, 73-3 et 77;\nVU le d\u00e9cret n\u00b0 2006-1780 du 23 d\u00e9cembre 2006 modifi\u00e9 portant d\u00e9l\u00e9gation de pouvoir en mati\u00e8re derecrutement et de gestion de certains personnels relevant du minist\u00e8re de l'int\u00e9rieur;\nVU le d\u00e9cret n\u00b0 2010-655 du 11 juin 2010 modifi\u00e9 relatif au pr\u00e9fet d\u00e9l\u00e9gu\u00e9 pour la s\u00e9curit\u00e9 et la s\u00fbret\u00e9des plates-formes a\u00e9roportuaires de Roissy-Charles-de-Gaulle et du Bourget, notamment son article 1\u00b0;\nVU le d\u00e9cret n\u00b0 2021-480 du 21 avril 2021 relatif \u00e0 l'organisation de l'entr\u00e9e et du s\u00e9jour des \u00e9trangerset de l'asile dans les d\u00e9partements de I'Essonne, des Hauts-de-Seine, de Paris, de la Seine-et-Marne, dela Seine-Saint-Denis, du Val-de-Marne, du Val-d'Oise et des Yvelines, notamment son article 2 ;\nVU le d\u00e9cret n\u00b0 2021-481 du 21 avril 2021 relatif au pr\u00e9fet d\u00e9l\u00e9gu\u00e9 \u00e0 l'immigration aupr\u00e8s du pr\u00e9fet depolice et \u00e0 l'organisation de la police aux fronti\u00e8res dans les d\u00e9partements de l'Essonne, de la Seine-et-Marne, du Val-d'Oise et des Yvelines ainsi que sur les emprises des a\u00e9roports de Paris-Charles-de-Gaulle, du Bourget et de Paris-Orly, notamment son article 1\u00b0;\nVU le d\u00e9cret n\u00b02021-482 du 21 avril 2021 pris pour la mise en \u0153uvre des comp\u00e9tences du pr\u00e9fetd\u00e9l\u00e9gu\u00e9 \u00e0 l'immigration aupr\u00e8s du pr\u00e9fet de police et de l'organisation de la police aux fronti\u00e8res dansles d\u00e9partements de l'Essonne, de la Seine-et-Marne, du Val d'Oise et des Yvelines ainsi que sur lesemprises des a\u00e9roports de Paris-Charles-de-Gaulle, du Bourget et de Paris-Orly;\nVU l'arr\u00eat\u00e9 pr\u00e9fectoral n\u00b0 2009-00641 du 7 ao\u00fbt 2009 modifi\u00e9 relatif \u00e0 l'organisation de la pr\u00e9fecturede police ;\nVU l'arr\u00eat\u00e9 pr\u00e9fectoral n\u00b0 2026-00082 du 19 janvier 2026 relatif au pr\u00e9fet d\u00e9l\u00e9gu\u00e9 \u00e0 l'immigration etaux services de la pr\u00e9fecture de police plac\u00e9s sous sa direction pour l'exercice de ses attributions;\nVU le d\u00e9cret du 22 octobre 2025 par lequel M. Patrice FAURE, administrateur de l'Etat du troisi\u00e8megrade, directeur de cabinet du Pr\u00e9sident de la R\u00e9publique, est nomm\u00e9 pr\u00e9fet de police (groupe 1), \u00e0compter du 23 octobre 2025;\nVU le d\u00e9cret du 13 juillet 2023 par lequel Mme Mireille LARR\u00c8DE, pr\u00e9f\u00e8te du Lot, est nomm\u00e9e pr\u00e9f\u00e8ted\u00e9l\u00e9gu\u00e9e \u00e0 l'immigration aupr\u00e8s du pr\u00e9fet de police, \u00e0 compter du 21 ao\u00fbt 2023;\nVU l'arr\u00eat\u00e9 du 5 janvier 2026 par lequel M. Guillaume ROBILLARD, administrateur de l'Etat du\n1\n\ndeuxi\u00e8me grade, est nomm\u00e9 chef du service de l'administration des \u00e9trangers, adjoint \u00e0 la pr\u00e9f\u00e8ted\u00e9l\u00e9gu\u00e9e \u00e0 l'immigration (groupe |) \u00e0 la pr\u00e9fecture de police, \u00e0 compter du 19 janvier 2026 ;\nVU l'arr\u00eat\u00e9 du 12 janvier 2023 par lequel M. Jean-Daniel MONTET-JOURDRAN, administrateur de l'Etatdu deuxi\u00e8me grade, est nomm\u00e9 sous-directeur du s\u00e9jour et de l'acc\u00e8s \u00e0 la nationalit\u00e9 au sein du servicede l'administration des \u00e9trangers \u00e0 la d\u00e9l\u00e9gation \u00e0 l'immigration de la pr\u00e9fecture de police ;\nARR\u00caTE\nArticle 1\u00b0\"\nD\u00e9l\u00e9gation de signature est donn\u00e9e \u00e0 Mme Mireille LARREDE, pr\u00e9f\u00e8te d\u00e9l\u00e9gu\u00e9e \u00e0 l'immigration, \u00e0 l'effetde signer, au nom du pr\u00e9fet de police, tous actes, arr\u00eat\u00e9s, d\u00e9cisions et pi\u00e8ces comptables n\u00e9cessaires \u00e0l'exercice des missions fix\u00e9es par les articles R.*122-1 et R.* 122-4 du code de l'entr\u00e9e et du s\u00e9jour des\u00e9trangers et du droit d'asile, 73-3 du d\u00e9cret du 29 avril 2004 susvis\u00e9 et 1\u00b0 du d\u00e9cret n\u00b0 2021-481 du21 avril 2021 susvis\u00e9 et l'arr\u00eat\u00e9 du 19 janvier 2026 susvis\u00e9, ainsi que les d\u00e9cisions individuelles relatives \u00e0l'octroi des cong\u00e9s annuels et de maladie ordinaire des personnels relevant de son autorit\u00e9.\nMme Mireille LARR\u00c8DE re\u00e7oit d\u00e9l\u00e9gation pour signer, au nom du pr\u00e9fet de police, les arr\u00eat\u00e9sd'avertissement et de blame inflig\u00e9s aux personnels administratifs, techniques, scientifiques etsp\u00e9cialis\u00e9s plac\u00e9s sous sa responsabilit\u00e9.\nArticle 2\nEn cas d'absence ou d'emp\u00e9chement de Mme Mireille LARREDE, la d\u00e9l\u00e9gation qui lui est consentie \u00e0l'article 1\u00b0 est exerc\u00e9e par M. Guillaume ROBILLARD, administrateur de l'Etat du deuxi\u00e8me grade, chefdu service de l'administration des \u00e9trangers, adjoint \u00e0 la pr\u00e9f\u00e8te d\u00e9l\u00e9gu\u00e9e \u00e0 l'immigration \u00e0 lapr\u00e9fecture de police et, dans la limite de ses attributions, par Mme St\u00e9phanie MARTIN-HUGUET,commissaire divisionnaire de police, directrice de cabinet.\nEn cas d'absence ou d'emp\u00e9chement de Mme Mireille LARR\u00c8DE, M. Guillaume ROBILLARD re\u00e7oitd\u00e9l\u00e9gation pour signer les d\u00e9cisions individuelles relatives \u00e0 l'octroi des cong\u00e9s annuels et de maladiedes personnels relevant de son autorit\u00e9.\nArticle 3\nEn cas d'absence ou d'emp\u00e9chement de Mme Mireille LARREDE et de M. Guillaume ROBILLARD, lad\u00e9l\u00e9gation qui leur est consentie est exerc\u00e9e, dans la limite de leurs attributions respectives, par :o M. Jean-Daniel MONTET-JOURDRAN, administrateur de l'\u00c9tat hors classe, sous-directeurdu s\u00e9jour et de l'acc\u00e8s \u00e0 la nationalit\u00e9;o M. Xavier LUQUET, administrateur de l'\u00c9tat, chef du d\u00e9partement zonal de l'asile et del'\u00e9loignement ;\n\u00a9 M. Rodolphe WILS, attach\u00e9 d'administration hors classe de l'Etat, chef du d\u00e9partementdes ressources, de la modernisation et du soutien juridique.\nArticle 4\nEn cas d'absence ou d'emp\u00eachement de Mme St\u00e9phanie MARTIN-HUGUET, la d\u00e9l\u00e9gation qui lui estconsentie est exerc\u00e9e, dans la limite de ses attributions, par M. Jean-Baptiste BRUNET, attach\u00e9d'administration de l'Etat, chef de la section des affaires g\u00e9n\u00e9rales.\nArticle 5\nEn cas d'absence ou d'emp\u00eachement de M. Jean-Baptiste BRUNET, la d\u00e9l\u00e9gation qui lui est consentieest exerc\u00e9e, dans la limite de ses attributions, par Mme Anne-Claire BEISSAT, attach\u00e9ed'administration de l'Etat, adjointe au chef de la section des affaires g\u00e9n\u00e9rales.\nArticle 6\n2026-00083\n\nEn cas d'absence ou d'emp\u00eachement de M. Jean-Daniel MONTET-JOURDRAN, la d\u00e9l\u00e9gation qui lui estconsentie est exerc\u00e9e, dans la limite de leurs attributions respectives, par :\n- Mme Florence CARTON, conseill\u00e8re d'administration de l'int\u00e9rieur et de l'outre-mer, cheffe dup\u00eale de l'instruction des demandes de titres de s\u00e9jour;\n- Mme Camille MALINGE, conseill\u00e8re d'administration de l'int\u00e9rieur et de l'outre-mer, cheffe dup\u00f4le de la relation et du service \u00e0 l'usager;\n- M. Christian HAUSMANN, conseiller d'administration de l'int\u00e9rieur et de l'outre-mer, chef dup\u00f4le de l'acc\u00e8s \u00e0 la nationalit\u00e9.\nArticle 7\nEn cas d'absence ou d'emp\u00eachement de Mme Florence CARTON, la d\u00e9l\u00e9gation qui lui est consentie estexerc\u00e9e, dans la limite de ses attributions, par M. Fran\u00e7ois LEMATRE, attach\u00e9 d'administration horsclasse de l'Etat, directement plac\u00e9 sous son autorit\u00e9,\nArticle 8\nEn cas d'absence ou d'emp\u00e9chement de Mme Florence CARTON et de M. Fran\u00e7ois LEMATRE, lad\u00e9l\u00e9gation qui leur est consentie est exerc\u00e9e, dans la limite de leurs attributions respectives, par:\n- M. Ludovic VAGUENER, attach\u00e9 principal d'administration de l'\u00c9tat, chef de la division del'immigration professionnelle et \u00e9tudiante;\n- Mme Zohra BNOURRIF, attach\u00e9e d'administration de l'\u00c9tat, cheffe de la division del'immigration familiale;\n- Mme Lucie MONTOY, attach\u00e9e d'administration de l'Etat, cheffe de la division de l'admissionexceptionnelle au s\u00e9jour et de l'actualisation des situations administratives et de voyage;\n- Mme Carole LAMBERET, attach\u00e9e principale d'administration de l'Etat, cheffe de la division de lar\u00e9daction et des examens sp\u00e9cialis\u00e9s.\nArticle 9\nEn cas d'absence ou d'emp\u00eachement de M. Ludovic VAGUENER, la d\u00e9l\u00e9gation qui lui est consentie estexerc\u00e9e, dans fa limite de ses attributions, par Mme Nina MARENCO-ROCHHIA, attach\u00e9ed'administration de l'\u00c9tat, directement plac\u00e9e sous son autorit\u00e9.\nArticle 10\nEn cas d'absence ou d'emp\u00e9chement de Mme Zohra BNOURRIF, la d\u00e9l\u00e9gation qui lui est consentie estexerc\u00e9e, dans la limite de leurs attributions respectives, par Mme Fatiha BEKKA, secr\u00e9taireadministrative de classe normale, cheffe de la section vie priv\u00e9e et familiale, ou en cas d'emp\u00e9chementde Mme Fatiha BEKKA, par Mme A\u00efcha BEKKAR, secr\u00e9taire administrative de classe exceptionnelle, sonadjointe, pour signer les d\u00e9cisions relatives au regroupement familial, directement plac\u00e9es sous sonautorit\u00e9.\nArticle 11\nEn cas d'absence ou d'emp\u00e9chement de Mme Lucie MONTOY, la d\u00e9l\u00e9gation qui lui est consentie estexerc\u00e9e, dans la limite de ses attributions, par M. Livier MARC-MANSUY, attach\u00e9 d'administration del'\u00c9tat, directement plac\u00e9 sous son autorit\u00e9.\nEn cas d'absence ou d'emp\u00e9chement de Mme Lucie MONTOY et de M. Livier MARC-MANSUY, lad\u00e9l\u00e9gation qui leur est consentie est exerc\u00e9e, dans la limite de leurs attributions respectives par:\n- Mme Anne-Laure MISAT, secr\u00e9taire administrative de classe sup\u00e9rieure, cheffe de la sectionadmission exceptionnelle, ou, en cas d'absence ou d'emp\u00eachement de Mme Anne-Laure MISAT,par Mme Elise BLAISE, adjointe administrative de 1* classe, adjointe \u00e0 la cheffe de la sectionadmission exceptionnelle, directement plac\u00e9e sous son autorit\u00e9, pour signer les d\u00e9cisions de refus\n3\n2026-00083\n\nde s\u00e9jour et les courriers de classement sans suite relatifs aux demandes :\no des ressortissants \u00e9trangers qui d\u00e9posent une demande dont un des motifs est relatif \u00e0l'admission exceptionnelle au s\u00e9jour en application des dispositions du chapitre V dutitre IH du livre quatri\u00e8me du code de l'entr\u00e9e et du s\u00e9jour des \u00e9trangers et du droitd'asile;\no des ressortissants alg\u00e9riens, dont un des motifs de la demande est relatif \u00e0 l'applicationdu 1) de l'article 6 de l'accord du 27 d\u00e9cembre 1968 entre le gouvernement de laR\u00e9publique fran\u00e7aise et le gouvernement de la R\u00e9publique alg\u00e9rienne d\u00e9mocratique etpopulaire relatif \u00e0 la circulation, \u00e0 l'emploi et au s\u00e9jour des ressortissants alg\u00e9riens et deleurs familles dit \u00ab accord franco-alg\u00e9rien \u00bb ;\n- M. Johnathan SE, secr\u00e9taire administratif de classe normale, chef de ia section actualisation dessituations administratives et de voyage, ou, en cas d'absence ou d'emp\u00e9chement de M. JohnathanSE, par Mme Monique VERIN, adjointe administrative principale de 1\u00e8re classe et par M. R\u00e9gisFAUCONNIER, adjoint administratif principal de 1\u00e8re classe, directement plac\u00e9s sous son autorit\u00e9,pour signer les classements sans suite et les lettres d'incompl\u00e9tude relatifs aux demandes derenouvellement des cartes de r\u00e9sident et des certificats de r\u00e9sidence pour alg\u00e9rien de 10 ans.\nArticle 12\nEn cas d'absence ou d'emp\u00eachement de Mme Carole LAMBERET, la d\u00e9l\u00e9gation qui lui est consentie estexerc\u00e9e par Mme Alicia MIGUEL, attach\u00e9e d'administration de l'Etat, adjointe \u00e0 la cheffe de la divisionde ta r\u00e9daction et des examens sp\u00e9cialis\u00e9s, et dans la limite de leurs attributions respectives, par :- Mme Laurence JADOUI, secr\u00e9taire administrative de classe normale, cheffe de la section r\u00e9daction,ou en cas d'emp\u00e9chement de Mme Laurence JADOUI, par Mme Nabila BEN AZOUN, secr\u00e9taireadministrative de classe normale, adjointe \u00e0 la cheffe de la section r\u00e9daction et par Mme No\u00e9lineETCHEBERRY, secr\u00e9taire administrative de classe normale, adjointe \u00e0 la cheffe de la sectionr\u00e9daction, pour signer les actes suivants :\no d\u00e9cisions de refus de s\u00e9jour;\no courriers d'instruction relatifs aux demandes de titre de s\u00e9jour des ressortissants\u00e9trangers;\no courriers d'instruction relatifs aux demandes d\u00e9pos\u00e9es par les mineurs et jeunes majeursisol\u00e9s \u00e9trangers confi\u00e9s \u00e0 l'Aide sociale \u00e0 l'enfance.- Mme M\u00e9lanie GRASA, secr\u00e9taire administrative de classe normale, cheffe de la section commissiondes titres s\u00e9jour et ordre public, ou en cas d'emp\u00eachement de Mme M\u00e9lanie GRASA, par MmeBrigitte DUPONT, secr\u00e9taire administrative de classe normale, adjointe \u00e0 la cheffe de la sectioncommission des titres s\u00e9jour et ordre public, pour signer les actes suivants :o d\u00e9cisions de refus de s\u00e9jour pour motif d'ordre public;o courriers d'instruction relatifs aux dossiers devant faire l'objet d'un passage devant lacommission du titre de s\u00e9jour;\no courriers d'instruction relatifs aux demandes de titre d\u00e9pos\u00e9es sur le fondement desarticles L. 423-5, L. 423-18 et L. 425-1 et suivants du code de l'entr\u00e9e et du s\u00e9jour des\u00e9trangers et du droit d'asile.\nArticle 1\nEn cas d'absence ou d'emp\u00e9chement de Mme Camille MALINGE, conseill\u00e8re d'administration del'int\u00e9rieur et de l'outre-mer, cheffe du p\u00e9le de la relation et du service \u00e0 l'usager, la d\u00e9l\u00e9gation qui luiest consentie est exerc\u00e9e, dans la limite de ses attributions, par Mme Anne-Val\u00e9rie LAUGIER, attach\u00e9eprincipale d'administration de l'\u00c9tat, adjointe \u00e0 la cheffe du p\u00f4le de la relation et du service \u00e0 l'usager,directement plac\u00e9e sous son autorit\u00e9.\nArticle 14\nEn cas d'absence ou d'emp\u00e9chement de Mme Camille MALINGE, conseill\u00e8re d'administration del'int\u00e9rieur et de l'outre-mer, cheffe du p\u00f4le de la relation et du service \u00e0 l'usager et de Mme Anne-\n2026-00983\n\nVal\u00e9rie LAUGIER, attach\u00e9e principale d'administration de l'\u00c9tat, adjointe au chef du p\u00f4le de la relationet du service \u00e0 l'usager, la d\u00e9l\u00e9gation qui leur est consentie est exerc\u00e9e, dans la limite de leursattributions respectives, par :\n- Mme V\u00e9ronique CANOPE, attach\u00e9e principale d'administration de l'\u00c9tat, cheffe de la division dela r\u00e9ception des usagers;\n- M. Landry VARANDA, attach\u00e9 d'administration de l'Etat, chef de la division del'accompagnement des usagers.\nArticle 15\nEn cas d'absence ou d'emp\u00eachement de Mme V\u00e9ronique CANOPE, la d\u00e9l\u00e9gation qui lui est consentieest exerc\u00e9e, dans la limite de ses attributions, par Mme Christine MILLET, secr\u00e9taire administrative declasse exceptionnelle, directement plac\u00e9e sous son autorit\u00e9.\nArticle 16\nEn cas d'absence ou d'emp\u00eachement de M. Christian HAUSMANN, la d\u00e9l\u00e9gation qui lui est consentieest exerc\u00e9e, dans la limite de leurs attributions respectives, par Mme Adeline BRAUX, attach\u00e9eprincipale d'administration de l'\u00c9tat, et Mme Sophie GLEIZON, attach\u00e9e d'administration de l'\u00c9tat,directement plac\u00e9es sous son autorit\u00e9.\nEn cas d'absence ou d'emp\u00eachement de M. Christian HAUSMANN, de Mme Adeline BRAUX et de MmeSophie GLEIZON, la d\u00e9l\u00e9gation qui leur est consentie est exerc\u00e9e, dans la limite de leurs attributionsrespectives, par :\n- Madame Sarah-Laure KUTEK, attach\u00e9e principale d'administration de l'Etat, cheffe de sectionde l'instruction, Mme Ninon BASCOU, attach\u00e9e d'administration de l'Etat, cheffe de section del'instruction, et Mme Catherine KATZENSTEIN, attach\u00e9e d'administration de l'Etat, cheffe de lasection des dossiers signal\u00e9s et de la correspondance, pour signer les actes suivants :\no les d\u00e9cisions de classement sans suite, d'irrecevabilit\u00e9, d'ajournement et de rejetoppos\u00e9es aux demandes de naturalisation et de r\u00e9int\u00e9gration;\no les propositions favorables de naturalisation et de r\u00e9int\u00e9gration ainsi que les avisd\u00e9favorables \u00e0 l'enregistrement des d\u00e9clarations souscrites en application des articles21-2, 21-13-1 et 21-13-2 du code civil ;\no les d\u00e9cisions d'enregistrement des d\u00e9clarations susvis\u00e9es ainsi que les d\u00e9cisions declassement sans suite oppos\u00e9es aux d\u00e9clarants;\no les courriers de retour des dossiers de demandes d'acquisition de la nationalit\u00e9fran\u00e7aise par d\u00e9claration, lorsque le dossier s'av\u00e8re incomplet.\n- Mme Ingrid BRIGITTE, secr\u00e9taire administrative de classe sup\u00e9rieure, adjointe \u00e0 la cheffe desection d'instruction et Mme Rosalie PERONET, secr\u00e9taire administrative de classe normale,adjointe \u00e0 la cheffe de section d'instruction, pour signer les d\u00e9cisions d\u00e9favorablesd'ajournement ou de rejet en termes d'atteinte \u00e0 la moralit\u00e9, comprenant tous les cas defraude, en application de l'article 21-23 du code civil et de l'article 44-1 du d\u00e9cret n\u00b093-1362 du30 d\u00e9cembre 1993 modifi\u00e9 ainsi que les d\u00e9cisions d'irrecevabilit\u00e9 en application de l'article 43du d\u00e9cret n\u00b0 93-1362 du 30 d\u00e9cembre 1993 modifi\u00e9 et des articles 21-17, en cas de dur\u00e9e destage insuffisante, et 21-24 du code civil, en cas de production d'un test de ma\u00eetrise du fran\u00e7aisnon probant comme d'un justificatif d'absence de r\u00e9ussite \u00e0 l'examen civique (exigible \u00e0compter du 1\u00b0 janvier 2026) pr\u00e9vu par l'article 37-1 10\u00b0 du d\u00e9cret du 30 d\u00e9cembre 1993 susvis\u00e9ou de la r\u00e9ception d'un extrait du casier judiciaire (bulletin n\u00b02) comportant une descondamnations vis\u00e9es \u00e0 l'article 21-27 du code civil ;\n- Mme Nora BELBACHIR, secr\u00e9taire administrative de classe exceptionnelle, cheffe de la sectionde la pr\u00e9-instruction et des c\u00e9r\u00e9monies, et Mme Fany PIERRE et M. Wissem KHAMAR,secr\u00e9taires administratifs de classe normale, adjoints \u00e0 la cheffe de la section de la pr\u00e9-instruction et des c\u00e9r\u00e9monies, pour signer les d\u00e9cisions d'irrecevabilit\u00e9 en application del'article 43 du d\u00e9cret n\u00b0 93-1362 du 30 d\u00e9cembre 1993 modifi\u00e9 et de l'article 21-24 du codecivil, en cas de production d'un test de ma\u00eetrise du fran\u00e7ais non probant ou d'un justificatif\n2026-05083\n\nd'absence de r\u00e9ussite \u00e0 l'examen civique (exigible \u00e0 compter du 1\u00b0 janvier 2026) pr\u00e9vu parl'article 37-1 10\u00b0 du d\u00e9cret du 30 d\u00e9cembre 1993 susvis\u00e9;\nMme Ingrid BRIGITTE, secr\u00e9taire administrative de classe sup\u00e9rieure, adjointe \u00e0 la cheffe desection d'instruction, Mme Rosalie PERONET, secr\u00e9taire administrative de classe normale,adjointe \u00e0 la cheffe de section d'instruction, Mme Taous ALLOUACHE, secr\u00e9taire administrativede classe sup\u00e9rieure, adjointe \u00e0 la cheffe de la section charg\u00e9e des dossiers signal\u00e9s et de lacorrespondance, Mme Nora BELBACHIR, secr\u00e9taire administrative de classe exceptionnelle,cheffe de la section de la pr\u00e9-instruction et des c\u00e9r\u00e9monies, Mme Fany PIERRE et M. WissemKHAMAR, secr\u00e9taires administratifs de classe normale, adjoints \u00e0 la cheffe de la section de lapr\u00e9-instruction et des c\u00e9r\u00e9monies, et Mme V\u00e9ronique SAGOT, secr\u00e9taire administrative declasse normale, gestionnaire de l'attribution des dossiers et de l'interface avec les servicesd'enqu\u00eate, pour signer les courriers de retour des dossiers de demandes d'acquisition de lanationalit\u00e9 fran\u00e7aise par d\u00e9claration, lorsque le dossier s'av\u00e8re incomplet;\nMme Nora BELBACHIR, secr\u00e9taire administrative de classe exceptionnelle, cheffe de la sectionde la pr\u00e9-instruction et des c\u00e9r\u00e9monies, Mme Fany PIERRE et M. Wissem KHAMAR, secr\u00e9tairesadministratifs de classe normale, adjoints \u00e0 la cheffe de la section de la pr\u00e9-instruction et desc\u00e9r\u00e9monies, Mme V\u00e9ronique SAGOT, secr\u00e9taire administrative de classe normale, gestionnairede l'attribution des dossiers et de l'interface avec les services d'enqu\u00eate, Mme Ingrid BRIGITTE,secr\u00e9taire administrative de classe sup\u00e9rieure, adjointe \u00e0 la cheffe de section de l'instruction,Mme Rosalie PERONET, secr\u00e9taire administrative de classe normale, adjointe \u00e0 la cheffe desection Instruction, et par Mme Taous ALLOUACHE, secr\u00e9taire administrative de classesup\u00e9rieure, adjointe \u00e0 la cheffe de la section des dossiers signal\u00e9s et de la correspondance, autitre de l'Utilisation du t\u00e9l\u00e9-service de prise en charge des demandes d'acquisition denationalit\u00e9 (NATALI), pour valider et signer tes d\u00e9cisions de classement sans suite au stade dela v\u00e9rification formelle et au stade de l'instruction ainsi que les d\u00e9cisions dans le cadre desrecours gracieux form\u00e9s contre ces classements sans suite.\nArticle 17\nEn cas d'absence ou d'emp\u00e9chement de M. Xavier LUQUET, la d\u00e9l\u00e9gation qui lui est consentie estexerc\u00e9e, dans la limite de leurs attributions respectives, par :\nM. S\u00e9lim UCKUN, conseiller d'administration de l'int\u00e9rieur et de l'outre-mer, chef du bureau dela lutte contre l'immigration irr\u00e9guli\u00e8re, pour tous actes, arr\u00eat\u00e9s, d\u00e9cisions et pi\u00e8ces comptablesn\u00e9cessaires \u00e0 l'exercice des missions d\u00e9finies \u00e0 l'article 22 de l'arr\u00eat\u00e9 du 19 janvier 2026 susvis\u00e9;\nM. Youssef BERQOUQI, conseiller d'administration de l'int\u00e9rieur et de l'outre-mer, chef dubureau de l'accueil de la demande d'asile, pour tous actes, arr\u00eat\u00e9s, d\u00e9cisions et pi\u00e8cescomptables n\u00e9cessaires \u00e0 l'exercice des missions d\u00e9finies \u00e0 l'article 23 de l'arr\u00eat\u00e9 du 19 janvier2026 susvis\u00e9.\nArticle 18\nEn cas d'absence ou d'emp\u00e9chement de M. S\u00e9lim UCKUN, la d\u00e9l\u00e9gation qui lui est consentie estexerc\u00e9e, dans la limite de leurs attributions respectives, par M. Fr\u00e9d\u00e9ric DUPONT BOLLE, M. CharlesTHURIES, attach\u00e9s d'administration de l'\u00c9tat, Mmes Koudedja FOFANA, Blandine AGEORGES, C\u00e9lineSIMEON, Toymina SOULA, France BECK, et Ihsane FRAN\u00c7OIS, attach\u00e9es d'administration de l'\u00c9tat,ainsi que MM. Cl\u00e9ment COSTARD et Pierre MATHIEU, attach\u00e9s d'administration de l'\u00c9tat, directementplac\u00e9s sous son autorit\u00e9.\nArticle 19\nEn cas d'absence ou d'emp\u00eachement de M. Youssef BERQOUQI, la d\u00e9l\u00e9gationqui lui est consentie estexerc\u00e9e, dans la limite de leurs attributions respectives, par :\nMme Jos\u00e9pha DAUTREY, attach\u00e9e principale d'administration de l'\u00c9tat, adjointe au chef dubureau de l'accueil de la demande d'asile;\n2026-09983\n\n- Mme Caroline TASSEL, attach\u00e9e d'administration hors classe de l'\u00c9tat, adjointe au chef dubureau de l'accueil de la demande d'asile;\n- Mme Regina MONFORT, attach\u00e9e d'administration de l'Etat, cheffe du p\u00f4le asile;\n- Mme Pascale AUBRY, attach\u00e9e d'administration de l'\u00c9tat, cheffe du p\u00f4le interd\u00e9partementalDublin.\nArticle 20\nEn cas d'absence ou d'emp\u00e9chement de M. Rodolphe WILS, re\u00e7oivent d\u00e9l\u00e9gation \u00e0 l'effet de signertous actes, arr\u00eat\u00e9s, d\u00e9cisions et pi\u00e8ces comptables, dans la limite de leurs attributions respectives :- Mme Marie-Caroline SAILLY, attach\u00e9e principale d'administration de l'\u00c9tat, cheffe du bureau desrelations et des ressources humaines;\n- M. Damien ROUX, attach\u00e9 principal d'administration de l'\u00c9tat, chef du bureau des affairesfinanci\u00e8res, immobili\u00e8res et logistiques;\n- Mme Sylvia VITERITTI, ing\u00e9nieure hors classe des syst\u00e8mes d'information et de communication,cheffe du bureau de l'accompagnement et de la transformation num\u00e9riques ;\n- Mme Farah RAHMOUN, attach\u00e9e principale d'administration de l'Etat, cheffe du bureau dusoutien juridique et du contentieux.\nArticle 21\nEn cas d'absence ou d'emp\u00e9chement de Mme Marie-Caroline SAILLY, la d\u00e9l\u00e9gation qui lui estconsentie est exerc\u00e9e, dans la limite de ses attributions, par Mme Ga\u00e9lle LUPION, attach\u00e9ed'administration de l'\u00c9tat, directement plac\u00e9e sous son autorit\u00e9.\nArticle 22\nEn cas d'absence ou d'emp\u00e9chement de Mme Farah RAHMOUN, la d\u00e9l\u00e9gation qui lui est consentie estexerc\u00e9e, dans la limite de leurs attributions respectives, par M.Philippe MARTIN, attach\u00e9 principald'administration de l'\u00c9tat, et par Mme Am\u00e9lie CHANSON, attach\u00e9e d'administration de l'\u00c9tat,directement plac\u00e9s sous son autorit\u00e9.\nEn cas d'absence ou d'emp\u00eachement de Mme Farah RAHMOUN, de M. Philippe MARTIN et d'Am\u00e9lieCHANSON, la d\u00e9l\u00e9gation qui leur est consentie est exerc\u00e9e, dans la limite de ses attributions, par M.Yannick ALLAIN, secr\u00e9taire administratif de classe exceptionnelle.\nArticle 23\nLe pr\u00e9sent arr\u00eat\u00e9 entre en vigueur le 19 janvier 2026.\nArticle 24\nLa pr\u00e9f\u00e8te d\u00e9l\u00e9gu\u00e9e \u00e0 l'immigration est charg\u00e9e de l'ex\u00e9cution du pr\u00e9sent arr\u00eat\u00e9 qui sera publi\u00e9 auxrecueils des actes administratifs des pr\u00e9fectures de la zone de d\u00e9fense et de s\u00e9curit\u00e9 de Paris.\nFait\u00e0 Parisle 49 JAN, 2026\n2026-00085 7\n\nPREFECTURE apDE POLICE a Cabinet du pr\u00e9fetLibert\u00e9\u00c9galit\u00e9Fraternit\u00e9\narr\u00eat\u00e9 n\u00b0 2026-00084portant d\u00e9l\u00e9gation de signature aux agents assurant une permanenceau bureau de la lutte contre l'immigration irr\u00e9guli\u00e8re\nLe pr\u00e9fet de police,\nVU le code de l'entr\u00e9e et du s\u00e9jour des \u00e9trangers et du droit d'asile, notamment ses articles R.* 122-1 etR.* 122-4;\nVU le code dejustice administrative;\nVU le d\u00e9cret n\u00b0 94-415 du 24 mai 1994 modifi\u00e9 portant dispositions statutaires relatives aux personnelsdes administrations parisiennes, et notamment son article 14;\nVU le d\u00e9cret n\u00b0 2004-374 du 29 avril 2004 modifi\u00e9 relatif aux pouvoirs des pr\u00e9fets, \u00e0 l'organisation et \u00e0l'action des services de l'\u00c9tat dans les r\u00e9gions et d\u00e9partements, notamment ses articles 17, 73-3, et 77;\nVU le d\u00e9cret n\u00b0 2006-1780 du 23 d\u00e9cembre 2006 modifi\u00e9 portant d\u00e9l\u00e9gation de pouvoir en mati\u00e8re derecrutement et de gestion de certains personnels relevant du minist\u00e8re de l'int\u00e9rieur;\nVU le d\u00e9cret n\u00b0 2010-655 du 11 juin 2010 modifi\u00e9 relatif au pr\u00e9fet d\u00e9l\u00e9gu\u00e9 pour la s\u00e9curit\u00e9 et la s\u00fbret\u00e9des plates-formes a\u00e9roportuaires de Roissy-Charles-de-Gaulle et du Bourget, notamment son article 1\u00b0;\nVU le d\u00e9cret n\u00b0 2021-480 du 21 avril 2021 relatif \u00e0 l'organisation de l'entr\u00e9e et du s\u00e9jour des \u00e9trangerset de l'asile dans les d\u00e9partements de l'Essonne, des Hauts-de-Seine, de Paris, de la Seine-et-Marne, dela Seine-Saint-Denis, du Val-de-Marne, du Val-d'Oise et des Yvelines, notamment son article 2;\nVU le d\u00e9cret n\u00b0 2021-481 du 21 avril 2021 relatif au pr\u00e9fet d\u00e9l\u00e9gu\u00e9 \u00e0 l'immigration aupr\u00e8s du pr\u00e9fet depolice et \u00e0 l'organisation de la police aux fronti\u00e8res dans les d\u00e9partements de l'Essonne, de la Seine-et-Marne, du Val-d'Oise et des Yvelines ainsi que sur les emprises des a\u00e9roports de Paris-Charles-de-Gaulle, du Bourget et de Paris-Orly, notamment son article 1\u00b0\";\nVU le d\u00e9cret n\u00b02021-482 du 21 avril 2021 pris pour la mise en \u0153uvre des comp\u00e9tences du pr\u00e9fetd\u00e9l\u00e9gu\u00e9 \u00e0 l'immigration aupr\u00e8s du pr\u00e9fet de police et de l'organisation de la police aux fronti\u00e8res dansles d\u00e9partements de l'Essonne, de la Seine-et-Marne, du Val d'Oise et des Yvelines ainsi que sur lesemprises des a\u00e9roports de Paris-Charles-de-Gaulle, du Bourget et de Paris-Orly;\nVU l'arr\u00eat\u00e9 pr\u00e9fectoral n\u00b0 2009-00641 du 7 ao\u00fbt 2009 modifi\u00e9 relatif \u00e0 l'organisation de la pr\u00e9fecturede police ;\nVU l'arr\u00eat\u00e9 pr\u00e9fectoral n\u00b0 2026-00082 du 19 janvier 2026 relatif au pr\u00e9fet d\u00e9l\u00e9gu\u00e9 \u00e0 l'immigration etaux services de la pr\u00e9fecture de police plac\u00e9s sous sa direction pour l'exercice de ses attributions ;\nVU l'arr\u00eat\u00e9 pr\u00e9fectoral n\u00b0 2026-00083 du 19 janvier 2026 accordant d\u00e9l\u00e9gation de la signaturepr\u00e9fectorale \u00e0 la pr\u00e9f\u00e8te d\u00e9l\u00e9gu\u00e9e \u00e0 l'immigration et aux agents affect\u00e9s au sein de la d\u00e9l\u00e9gation \u00e0l'immigration ; |\nVU le d\u00e9cret du 22 octobre 2025 par lequel M. Patrice FAURE, administrateur de l'Etat du troisi\u00e8megrade, directeur de cabinet du Pr\u00e9sident de la R\u00e9publique, est nomm\u00e9 pr\u00e9fet de police (groupe 1), \u00e0compter du 23 octobre 2025;\nVU le d\u00e9cret du 13juillet 2023 par lequel Mme Mireille LARR\u00c8DE, pr\u00e9f\u00e8te du Lot, est nomm\u00e9e pr\u00e9f\u00e8ted\u00e9l\u00e9gu\u00e9e \u00e0 l'immigration aupr\u00e8s du pr\u00e9fet de police, \u00e0 compter du 21 ao\u00fbt 2023 ;\n\nARRETE\nArticle 1\u00b0\"\nDans le cadre des permanences assur\u00e9es au sein du bureau de la lutte contre l'immigration irr\u00e9guli\u00e8re,d\u00e9l\u00e9gation de signature est accord\u00e9e aux agents suivants, affect\u00e9s au sein de la d\u00e9l\u00e9gation \u00e0l'immigration, \u00e0 l'effet de signer, au nom du pr\u00e9fet de police, les arr\u00eat\u00e9s relatifs \u00e0 l'obligation de quitterle territoire fran\u00e7ais, au refus de d\u00e9lai de d\u00e9part volontaire, \u00e0 la fixation du pays de renvoi, \u00e0l'interdiction de retour sur le territoire fran\u00e7ais ainsi que les arr\u00eat\u00e9s portant retrait de ces mesures :\nMadame Chahinez BOUDJADIJI, attach\u00e9e d'administration de l'Etat, adjointe \u00e0 la cheffe de lacellule d'appui et de coordination ;\nMadame Julie DE CARLINI, attach\u00e9e d'administration de l'Etat, cheffe de cabinet de la pr\u00e9f\u00e8ted\u00e9l\u00e9gu\u00e9e \u00e0 l'immigration;\nMadame Lucie MONTOY, attach\u00e9e d'administration de l'Etat, chef de la division admissionexceptionnelle et actualisation des situations administratives et de voyage;\nMadame Farah RAHMOUN, attach\u00e9e principale d'administration, cheffe du bureau du soutienjuridique et du contentieux ;\nMonsieur Ludovic VAGUENER, attach\u00e9 principal d'administration de l'\u00c9tat, chef de la divisionde l'immigration professionnelle et \u00e9tudiante.\nArticle 2\nLe pr\u00e9sent arr\u00eat\u00e9 entre en vigueur le 19 janvier 2026.\nArticle 3\nLa pr\u00e9f\u00e8te d\u00e9l\u00e9gu\u00e9e \u00e0 l'immigration est charg\u00e9e de l'ex\u00e9cution du pr\u00e9sent arr\u00eat\u00e9 qui sera publi\u00e9 auxrecueils des actes administratifs des pr\u00e9fectures de la zone de d\u00e9fense et de s\u00e9curit\u00e9 de Paris.\nFait\u00e0 Paris le 1 9 JAN. 2026\n2026-00084 '\n\nER D SE ee  ER DE SR a AR DE DE SR 2 MR SERIE SR ON ER 424 EE SR\nLAee DRE D DE OS DDD SR\nIMmMRI AA M  =\n= \" \" 1 1 1 x\nrwe  EN UN  AT  me  ere\n~ , . \" LA LA 1\nAmis  ms  a . - 4 .\n1 \" 1 . . \" oe \" aa 4  - 1 \"4 1 1\n\u2014_s \u00ab CI oo. an\nxat 1 MMM\nrer  nee  er  Mme\n33\nRECUEIL DES ACTES ADMINISTRATIFS\nDU\nPR\u00c9FET DES HAUTS-DE-SEINE\nISSN 0985 - 5955\nPour toute correspondance, s'adresser \u00e0 :\nPR\u00c9FET DES HAUTS-DE-SEINE\nSecr\u00e9tariat g\u00e9n\u00e9ral\nSecr\u00e9tariat g\u00e9n\u00e9ral aux affaires d\u00e9partementales\n167/177, Avenue Joliot Curie\n92013 NANTERRE CEDEX\nLe recueil des actes administratifs est consultable en ligne sur le site de la pr\u00e9fecture\nAdresse Internet : https://www.hauts-de-seine.gouv.fr/\nDirecteur de la publication:\nAlexandre BRUG\u00c8RE\nPR\u00c9FET DES HAUTS-DE-SEINE\nLADR DR D D D SU OS E D ER D _ = ~-, ER 5 == ER, el SR ee el\n34\nPR\u00c9FECTURE DES HAUTS-DE-SEINE\n167-177, avenue Joliot Curie 92013 NANTERRE Cedex\nCourriel : sgc-courrier@hauts-de-seine.gouv.fr\nStandard : 01.40.97.20.00 T\u00e9l\u00e9copie 01.40.97.25.21\nAdresse Internet : https://www.hauts-de-seine.gouv.fr/","date":"2026-01-19","first_seen_on":"2026-01-19T18:14:15+00:00","id":"973f554253e144782185fe5571216c83d5323f99a0e6414e672a392e960c52d3","name":"2026-01-19 RAA sp\u00e9cial Pr\u00e9fecture de Police du 19 janvier 2026","pdf_creation_date":null,"pdf_modification_date":"2026-01-19T15:55:51+00:00","timezone":"Europe/Paris","url":"https://www.hauts-de-seine.gouv.fr/contenu/telechargement/28009/193932/file/2026-01-19%20RAA%20sp%C3%A9cial%20Pr%C3%A9fecture%20de%20Police%20du%2019%20janvier%202026.pdf"}
