{"administration":"prefidf","administration_name":"Pr\u00e9fecture de la r\u00e9gion \u00cele-de-France","content":"PREFECTURE\nREGION ILE DE\nFRANCE\nRECUEIL DES ACTES\nADMINISTRATIFS SP\u00c9CIAL\nN\u00b0IDF-048-2025-06\nPUBLI\u00c9 LE 24 JUIN 2025\nSommaire\nAgence R\u00e9gionale de Sant\u00e9 /\nIDF-2025-06-23-00004 - Arr\u00eat\u00e9 n\u00b0 2025-129 portant cessation\nd'activit\u00e9 \nde l'\u00e9tablissement d'h\u00e9bergement pour\npersonnes \u00e2g\u00e9es d\u00e9pendantes (EHPAD) l'OASIS  situ\u00e9 au 52 rue\nPierre Brossolette \u00e0 Neuilly-sur-Marne g\u00e9r\u00e9 par l'association \u00ab\nGroupe SOS Seniors \u00bb (3 pages) Page 3\nIDF-2025-06-17-00002 - Arr\u00eat\u00e9 n\u00b0 2025-180 portant changement de\nforme juridique de la SARL \u00ab Kremlin Bic\u00eatre \u00bb en SAS,  changement de\nlocalisation de l'EHPAD \u00ab R\u00e9sidence Bic\u00eatre\", changement de nom\nen \u00ab La Passerelle des Arts \u00bb et cession d'autorisation de 15 places\nd'accueil de jour de l'EHPAD \u00ab Cl\u00e9mentine Pitois \u00bb au profit de\nl'EHPAD \u00ab La Passerelle des Arts \u00bb\n (3 pages) Page 7\nDirection r\u00e9gionale et interd\u00e9partementale de l'\u00e9conomie, de l'emploi,\ndu travail et des solidarit\u00e9s d'\u00cele-de-France / MJPM\nIDF-2025-06-24-00001 - Arr\u00eat\u00e9 n\u00b02025-08 portant agr\u00e9ment pour\nl'activit\u00e9 de s\u00e9jours de \u00ab Vacances adapt\u00e9es \norganis\u00e9es \u00bb\npour l'association \"Association La\u00efque pour les Personnes\nHandicap\u00e9es\" (3 pages) Page 11\n2\nAgence R\u00e9gionale de Sant\u00e9\nIDF-2025-06-23-00004\nArr\u00eat\u00e9 n\u00b0 2025-129 portant cessation d'activit\u00e9 \nde l'\u00e9tablissement d'h\u00e9bergement pour\npersonnes \u00e2g\u00e9es d\u00e9pendantes (EHPAD) l'OASIS \nsitu\u00e9 au 52 rue Pierre Brossolette \u00e0\nNeuilly-sur-Marne g\u00e9r\u00e9 par l'association \u00ab Groupe\nSOS Seniors \u00bb\nAgence R\u00e9gionale de Sant\u00e9 - IDF-2025-06-23-00004 - Arr\u00eat\u00e9 n\u00b0 2025-129 portant cessation d'activit\u00e9 \nde l'\u00e9tablissement d'h\u00e9bergement pour personnes \u00e2g\u00e9es d\u00e9pendantes (EHPAD) l'OASIS  situ\u00e9 au 52 rue Pierre Brossolette \u00e0\nNeuilly-sur-Marne g\u00e9r\u00e9 par l'association \u00ab Groupe SOS Seniors \u00bb\n3\nE |REPUBLIQUE Ar seine-saint- DensFRANCAISELibert\u00e9 \u00a2 \u00a9 D Agence R\u00e9gionale de Sant\u00e9 LE DEPARTEMENT\u00c9galit\u00e9 Ile-de-FranceFraternit\u00e9\n \n \n \nARR\u00caT\u00c9 N\u00b0 2025 - 129 \nportant cessation d'activit\u00e9  \nde l'\u00e9tablissement d'h\u00e9bergement pour personnes \u00e2g\u00e9es d\u00e9pendantes (EHPAD) l'OASIS  \nsitu\u00e9 au 52 rue Pierre Brossolette \u00e0 Neuilly-sur-Marne  \ng\u00e9r\u00e9 par l'association \u00ab Groupe SOS Seniors \u00bb  \n \nLE DIRECTEUR G\u00c9N\u00c9RAL DE L'AGENCE R\u00c9GIONALE DE SANT\u00c9 \u00ceLE-DE-FRANCE \nLE PR\u00c9SIDENT DU CONSEIL D\u00c9PARTEMENTAL DE LA SEINE SAINT DENIS \n \n \nVU le code de l'action sociale et des familles et notamment les articles L312-1, L313-1, L314-3 et \nsuivants ; \n \nVU le code de la sant\u00e9 publique ; \n \nVU le code de la s\u00e9curit\u00e9 sociale ;    \n \nVU le code de justice administrative ; \n \nVU le code g\u00e9n\u00e9ral des collectivit\u00e9s territoriales ; \n \nVU \n \n \nVU \n \n \nVU \n \n \nVU \n \n \n \nVU \n \nle d\u00e9cret du 10 avril 2024 portant nomination de Monsieur Denis ROBIN, Directeur g\u00e9n\u00e9ral de \nl'Agence r\u00e9gionale de sant\u00e9 Ile-de-France \u00e0 compter du 29 avril 2024 ;  \n \nl'arr\u00eat\u00e9 DS N\u00b0070/2024 du 29 avril 2024 portant d\u00e9l\u00e9gation de signature \u00e0 Madame St\u00e9phanie \nTALBOT, Directrice de l'autonomie  \n \nl'\u00e9lection au 1er juillet 2021 de Monsieur St\u00e9phane TROUSSEL \u00e0 la Pr\u00e9sidence du Conseil \nD\u00e9partemental de la Seine-Saint-Denis ; \n \nle d\u00e9cret n\u00b0 2022-695 du 26 avril 2022 modifiant le d\u00e9cret n\u00b0 2021-1476 du 12 novembre 2021 \nrelatif au rythme des \u00e9valuations de la qualit\u00e9 des \u00e9tablissements et services sociaux et \nm\u00e9dico-sociaux ; \n \nl'arr\u00eat\u00e9 du Pr\u00e9sident du Conseil D\u00e9partemental n\u00b0 2024-446 du 29 novembre 2024 donnant \nd\u00e9l\u00e9gation de  signature \u00e0 Monsieur Olivier VEBER , D irecteur g\u00e9n\u00e9ral des services du \nD\u00e9partement ; \n \n \nVU l'arr\u00eat\u00e9 n\u00b0 DIRNOV -2023/08 de la Directrice g\u00e9n\u00e9rale de l'Agence r\u00e9gionale de sant\u00e9 Ile -de-\nFrance en date du 26 octobre 2023 portant adoption du cadre d'orientation strat\u00e9gique 2018-\n2028 du projet r\u00e9gional de sant\u00e9 d'Ile-de-France ; \n \nVU l'arr\u00eat\u00e9 n\u00b0 2021-220 de la Directrice g\u00e9n\u00e9rale de l'Agence r\u00e9gionale de sant\u00e9 Ile-de-France en \ndate du 30 d\u00e9cembre 2021 \u00e9tablissant le PRIAC 2021-2025 pour la r\u00e9gion Ile-de-France ; \n \nVU \n \nl'arr\u00eat\u00e9 n\u00b0 DIRNOV-2023/09 en date du 26 octobre 2023 portant adoption du sch\u00e9ma r\u00e9gional \nde sant\u00e9 2023-2028 du Projet R\u00e9gional de Sant\u00e9 d'Ile-de-France ; \n \nVU \n \n \n \n \nl'arr\u00eat\u00e9 n\u00b02018-211 portant approbation de cession d'autorisation  de l'EHPAD L'OASIS g\u00e9r\u00e9 \npar l'EPIC SNCF : OPTIM'Services m\u00e9dicaux sociaux, D\u00e9partement action sociale au profit du \nGroupe SOS S\u00e9niors dont l'article 2 pr\u00e9cise la capacit\u00e9 totale fix\u00e9e \u00e0 23 places d'h\u00e9bergement \npermanent ;  \n \nAgence R\u00e9gionale de Sant\u00e9 - IDF-2025-06-23-00004 - Arr\u00eat\u00e9 n\u00b0 2025-129 portant cessation d'activit\u00e9 \nde l'\u00e9tablissement d'h\u00e9bergement pour personnes \u00e2g\u00e9es d\u00e9pendantes (EHPAD) l'OASIS  situ\u00e9 au 52 rue Pierre Brossolette \u00e0\nNeuilly-sur-Marne g\u00e9r\u00e9 par l'association \u00ab Groupe SOS Seniors \u00bb\n4\nVU \n \nVU \n \n \nVU \n \n \n \n \nVU \n \n \n \n \n \n \nVU \nle sch\u00e9ma d\u00e9partemental Autonomie et Inclusion 2019-2024 ; \n \nle r\u00e8glement d\u00e9partemental d'aide sociale en faveur des personnes \u00e2g\u00e9es et personnes \nhandicap\u00e9es ; \n \nle courrier en date du 30 novembre 2023 adress\u00e9 par le groupe SOS Senior s, informant de la \nfermeture de l'EHPAD L'OASIS et du transfert de l'ensemble des r\u00e9sidents, ainsi que des \nsalari\u00e9s vers d'autres EHPAD et notamment des  EHPAD g\u00e9r\u00e9s par le groupe sur le territoire \nde la Seine-Saint-Denis ; \n \nl'appel \u00e0 manifestation d'int\u00e9r\u00eat lanc\u00e9 par le GHT GPNE concernant la reprise de certaines des \nactivit\u00e9s situ\u00e9es actuellement sur le site des Ormes, dans le cadre du projet de reconstruction \ndu Groupement Hospitalier Intercommunal le Raincy -Montfermeil. La date de consultation de \nl'AMI a \u00e9t\u00e9 fix\u00e9e au  16 mars 2022 avec une date limite des remises des offres au  28 mars \n2022. Une r\u00e9union de restitution s'est tenue le 7 avril 2022 associant les repr\u00e9sentants de \nl'Agence R\u00e9gionale de Sant\u00e9 et du GHT GPNE ; \n \nle courrier conjoint du 10 octobre 2022 notifiant au groupe SOS S\u00e9niors qu'il a \u00e9t\u00e9 retenu dans \nle cadre de cet appel \u00e0 manifestation d'int\u00e9r\u00eat pour la reprise en gestion de l'EHPAD                            \n\u00ab Les Ormes \u00bb situ\u00e9 \u00e0 Montfermeil. \nCe courrier d\u00e9taille la r\u00e9partition des places et notamment la relocalisation des 23 place s de \nl'EHPAD l'Oasis g\u00e9r\u00e9 par le Groupe SOS S\u00e9niors ;  \n \n \n  \n \n \nCONSIDERANT \n \n \n \nCONSID\u00c9RANT \n \n \nCONSIDERANT \n \n \nCONSIDERANT \n \n \nCONSIDERANT \n \n \nCONSIDERANT \n \nque les places d'EHPAD et de SMR d\u00e9tenues par le Groupement Hospitalier \nIntercommunal le Raincy -Montfermeil et leurs d\u00e9localisations sur un autre si te font \nl'objet d'un transfert au groupe SOS \u00e0 horizon 2026 dans le cadre de l'AMI susvis\u00e9 ;  \n \nque le d\u00e9ficit annuel structurel de l'EHPAD l'Oasis justifie la cessation de l'activit\u00e9 de \nl'EHPAD l'Oasis de 23 places ; \n \nque la volont\u00e9 du gestionnaire et des autorit\u00e9s de tarification est de ne pas d\u00e9grader \nla qualit\u00e9 de l'accompagnement des r\u00e9sidents d'EHPAD ; \n \nque l'ensemble des r\u00e9sidents et de s salari\u00e9s de l'EHPAD l'Oasis ont \u00e9t\u00e9 transf\u00e9r\u00e9s \nvers d'autres structures du groupe SOS au 28 novembre 2023 ; \n \nque le transfert des r\u00e9sidents vers d'autres EHPAD n'entra\u00eene aucun surco\u00fbt pour \nces derniers ; \n \nque le projet satisfait aux r\u00e8gles d'organisation et de fonctionnement pr\u00e9vues par le \ncode de l'action sociale et des familles ;  \n \nCONSIDERANT  \n \nque l'EHPAD l'Oasis n'est plus tarifi\u00e9  au titre de l'aide sociale  et que le forfait \nd\u00e9pendance n'est plus vers\u00e9 depuis le 31 d\u00e9cembre 2023 ; \n \n \n \n \n \n \n \n \n \n \n \n \nAgence R\u00e9gionale de Sant\u00e9 - IDF-2025-06-23-00004 - Arr\u00eat\u00e9 n\u00b0 2025-129 portant cessation d'activit\u00e9 \nde l'\u00e9tablissement d'h\u00e9bergement pour personnes \u00e2g\u00e9es d\u00e9pendantes (EHPAD) l'OASIS  situ\u00e9 au 52 rue Pierre Brossolette \u00e0\nNeuilly-sur-Marne g\u00e9r\u00e9 par l'association \u00ab Groupe SOS Seniors \u00bb\n5\nsigsig\nARRETENT \n \n \nARTICLE 1er : La cessation d'activit\u00e9  de l'EHPAD L'OASIS  d'une capacit\u00e9 de 23 places \nd'h\u00e9bergement permanent, situ\u00e9 sis 52, rue Pierre Brossolette, 93330 NEUILLY-SUR-\nMARNE est prononc\u00e9e \u00e0 compter de la notification de la pr\u00e9sente d\u00e9cision.  \n  \n  \nARTICLE 2 : Cette structure est r\u00e9pertori\u00e9e dans le Fichier National des Etablissements Sanitaires \net Sociaux (FINESS) de la fa\u00e7on suivante : \n \nN\u00b0 FINESS de l'\u00e9tablissement : 930420013 \n \nCode cat\u00e9gorie : 500 \nCode discipline : 924 \nCode fonctionnement (type d'activit\u00e9) : 11  \nCode client\u00e8le : 711 \n \nN\u00b0 FINESS du gestionnaire : 570010173 \n \nCode statut : 62 \n  \n  \nARTICLE 3 : Un recours contre le pr\u00e9sent arr\u00eat\u00e9 peut \u00eatre form\u00e9 devant le tribunal administratif \ncomp\u00e9tent dans un d\u00e9lai de deux mois \u00e0 compter de sa notification.   \n  \nARTICLE 4 : La Directrice de la D\u00e9l\u00e9gation d\u00e9partementale de la Seine -Saint-Denis de l'Agence \nr\u00e9gionale de sant\u00e9 Ile -de-France et le Directeur G\u00e9n\u00e9ral des Services  du Conseil \nD\u00e9partemental de la Seine -Saint-Denis sont charg\u00e9s, chacun en ce qui le concerne, \nde l'ex\u00e9cution du pr\u00e9sent arr\u00eat\u00e9 qui sera notifi\u00e9 au demandeur, publi\u00e9 aux recueils des \nactes administratifs de la R\u00e9gion Ile -de-France et sur le site internet du D\u00e9partement \nde la Seine-Saint-Denis. \n \n \nFait \u00e0 Saint-Denis, le 23/06/2025 \n \n \n \nLe Directeur g\u00e9n\u00e9ral  \nde l'Agence r\u00e9gionale de sant\u00e9 \n\u00cele-de-France \n \nDenis ROBIN \n Pour le Pr\u00e9sident du Conseil d\u00e9partemental  \nde Seine Saint Denis, \net par D\u00e9l\u00e9gation \n \nOlivier VEBER \n \nAgence R\u00e9gionale de Sant\u00e9 - IDF-2025-06-23-00004 - Arr\u00eat\u00e9 n\u00b0 2025-129 portant cessation d'activit\u00e9 \nde l'\u00e9tablissement d'h\u00e9bergement pour personnes \u00e2g\u00e9es d\u00e9pendantes (EHPAD) l'OASIS  situ\u00e9 au 52 rue Pierre Brossolette \u00e0\nNeuilly-sur-Marne g\u00e9r\u00e9 par l'association \u00ab Groupe SOS Seniors \u00bb\n6\nAgence R\u00e9gionale de Sant\u00e9\nIDF-2025-06-17-00002\nArr\u00eat\u00e9 n\u00b0 2025-180 portant changement de\nforme juridique de la SARL \u00ab Kremlin Bic\u00eatre \u00bb en\nSAS,  changement de localisation de l'EHPAD \u00ab\nR\u00e9sidence Bic\u00eatre\", changement de nom en \u00ab La\nPasserelle des Arts \u00bb et cession d'autorisation de\n15 places d'accueil de jour de l'EHPAD \u00ab\nCl\u00e9mentine Pitois \u00bb au profit de l'EHPAD \u00ab La\nPasserelle des Arts \u00bb\nAgence R\u00e9gionale de Sant\u00e9 - IDF-2025-06-17-00002 - Arr\u00eat\u00e9 n\u00b0 2025-180 portant changement de forme juridique de la SARL \u00ab Kremlin\nBic\u00eatre \u00bb en SAS,  changement de localisation de l'EHPAD \u00ab R\u00e9sidence Bic\u00eatre\", changement de nom en \u00ab La Passerelle des Arts \u00bb et\ncession d'autorisation de 15 places d'accueil de jour de l'EHPAD \u00ab Cl\u00e9mentine Pitois \u00bb au profit de l'EHPAD \u00ab La Passerelle des Arts \u00bb\n7\nVAL deMARNEREPUBLIQUE 7 4 Vy,FRANCAISE \u00a9 D Agence R\u00e9gionale de Sant\u00e9 AGA 1: D\u00e9partementLibert\u00e9 lle-de-France\u00c9galit\u00e9Fraternit\u00e9\n \n \n \n \n \n \n \nARR\u00caT\u00c9 CONJOINT N\u00b0 2025 - 180 \nportant changement de forme juridique de la SARL \u00ab Kremlin Bic\u00eatre \u00bb en SAS,  \nchangement de localisation de l'EHPAD \u00ab R\u00e9sidence Bic\u00eatre \u00bb                                                       \nchangement de nom en \u00ab La Passerelle des Arts \u00bb \n \net cession d'autorisation de 15 places d'accueil de jour                                                                    \nde l'EHPAD \u00ab Cl\u00e9mentine Pitois \u00bb au profit de l'EHPAD \u00ab La Passerelle des Arts \u00bb \n \nLE DIRECTEUR G\u00c9N\u00c9RAL DE L'AGENCE R\u00c9GIONALE DE SANT\u00c9 \u00ceLE-DE-FRANCE \nLE PR\u00c9SIDENT DU DEPARTEMENT DU VAL-DE-MARNE \n \n \nVU le code de l'action sociale et des familles et notamment les articles L312-1, L313-1, L314-3 et \nsuivants ; \n \nVU le code g\u00e9n\u00e9ral des collectivit\u00e9s territoriales ; \n \nVU le d\u00e9cret du 10 avril 2024 portant nomination de Monsieur Denis ROBIN, Directeur g\u00e9n\u00e9ral de \nl'Agence r\u00e9gionale de sant\u00e9 \u00cele-de-France \u00e0 compter du 29 avril 2024 ; \n \nVU l'arr\u00eat\u00e9 DS N\u00b0115/2024 du 25 septembre 2024 portant d\u00e9l\u00e9gation de signature \u00e0 Madame \nSt\u00e9phanie TALBOT, Directrice de l'autonomie ; \nVU le proc\u00e8s-verbal de l'\u00e9lection du Pr\u00e9sident du Conseil d\u00e9partemental du Val -de-Marne du 1er \njuillet 2021 ; \n \nVU l'arr\u00eat\u00e9 n\u00b0 DIRNOV -2023/08 du 26 octobre 2023 de la Directrice g\u00e9n\u00e9rale de l'Agence \nr\u00e9gionale de sant\u00e9 \u00cele-de-France portant modification du cadre d'orientation strat\u00e9gique             \n2018-2028 du projet r\u00e9gional de sant\u00e9 \u00cele-de-France ; \n \nVU l'arr\u00eat\u00e9 n\u00b0  DIRNOV-2023/09 du 26 octobre 2023 de la Directrice g\u00e9n\u00e9rale de l'Agence \nr\u00e9gionale de sant\u00e9 \u00cele-de-France portant adoption du sch\u00e9ma r\u00e9gional de sant\u00e9 2023-2028 du \nprojet r\u00e9gional de sant\u00e9 \u00cele-de-France ; \n \nVU l'arr\u00eat\u00e9 n\u00b0 2023-162 de la Directrice g\u00e9n\u00e9rale de l'Agence r\u00e9gionale de sant\u00e9 \u00cele-de-France du \n19 juin 2023 \u00e9tablissant le programme interd\u00e9partemental d'accompagnement des handicaps \net de la perte d'autonomie (PRIAC) 2022-2026 pour la r\u00e9gion \u00cele-de-France ; \nVU \n \n \n \nVU \n \n \n \n \n \nl'arr\u00eat\u00e9 n\u00b0 2000-399 du 18 septembre 2000 du Pr\u00e9sident du Conseil g\u00e9n\u00e9ral du Val-de-Marne \ntransf\u00e9rant la gestion de la r\u00e9sidence pour personnes \u00e2g\u00e9es sise 21, rue Eug\u00e8ne Thomas au \nKremlin-Bic\u00eatre, d'une capacit\u00e9 de 134 places, au profit de la SAS \u00ab Tiers Temps Bic\u00eatre \u00bb ; \n \nl'arr\u00eat\u00e9 n\u00b0 2001-3128 du 29 ao\u00fbt 2001 du Pr\u00e9fet du Val-de-Marne autorisant la transformation \nde la r\u00e9sidence \u00ab Tiers Temps Bic\u00eatre \u00bb en \u00e9tablissement d'h\u00e9bergement pour personnes \n\u00e2g\u00e9es d\u00e9pendantes (EHPAD) ; \n \n \n \nAgence R\u00e9gionale de Sant\u00e9 - IDF-2025-06-17-00002 - Arr\u00eat\u00e9 n\u00b0 2025-180 portant changement de forme juridique de la SARL \u00ab Kremlin\nBic\u00eatre \u00bb en SAS,  changement de localisation de l'EHPAD \u00ab R\u00e9sidence Bic\u00eatre\", changement de nom en \u00ab La Passerelle des Arts \u00bb et\ncession d'autorisation de 15 places d'accueil de jour de l'EHPAD \u00ab Cl\u00e9mentine Pitois \u00bb au profit de l'EHPAD \u00ab La Passerelle des Arts \u00bb\n8\nVU \n \n \n \n \nVU \n \nl'arr\u00eat\u00e9 conjoint n\u00b0 2017 -483 du 29 d\u00e9cembre 2017 , portant approbation de cession \nd'autorisation de l'Etablissement d'h\u00e9bergement pour personnes \u00e2g\u00e9es d\u00e9pendantes \n(EHPAD) \u00ab Tiers Temps Bic\u00eatre \u00bb g\u00e9r\u00e9 par la SAS \u00ab  Tiers Temps Bic\u00eatre \u00bb  au profit de la \nSARL \u00ab Kremlin Bic\u00eatre \u00bb ; \n \nle courrier en date du 23 novembre 2022 par lequel le Groupe DOMUSVI informe l'Agence \nR\u00e9gionale de Sant\u00e9 Ile -de-France et le Conseil D\u00e9partemental du Val -de-Marne du \nchangement de d\u00e9nomination de l'EHPAD \u00ab  R\u00e9sidence Tiers-Temps Bic\u00eatre \u00bb au profit du \nnom \u00ab R\u00e9sidence Bic\u00eatre \u00bb ; \n   \nVU la demande du groupe DOMUSVI en date du 17 janvier 2024 visant \u00e0 relocaliser l'EHPAD \nactuellement situ\u00e9 21, avenue Eug\u00e8ne Thomas \u2013 94270 Le Kremlin-Bic\u00eatre sur un nouveau \nsite sis 5 avenue Rouget de Lisle \u00e0 Vitry-sur-Seine (94400) ; \n \n \nCONSID\u00c9RANT que le projet est compatible avec les objectifs et r\u00e9pond aux besoins sociaux \net m\u00e9dico-sociaux fix\u00e9s par le sch\u00e9ma r\u00e9gional de sant\u00e9 ; \n \nCONSID\u00c9RANT \n \n \nCONSID\u00c9RANT \n \nqu'il satisfait aux r\u00e8gles d'organisation et de fonctionnement pr\u00e9vues par le \ncode de l'action sociale et des familles ; \n \nque cette modification peut s'effectuer \u00e0 moyens constants et n'entra\u00eene donc \naucun surco\u00fbt ; \n \n \nARR\u00caTENT \n \n \nARTICLE 1er : La SARL \u00ab Kremlin Bic\u00eatre \u00bb change de forme juridique et devient la SAS \u00ab Kremlin \nBic\u00eatre \u00bb. \nLe changement de localisation de l'EHPAD \u00ab R\u00e9sidence Bic\u00eatre \u00bb, sis 21 avenue \nEug\u00e8ne Thomas - 94270 Le Kremlin-Bic\u00eatre, sur un nouveau site  sis 5 avenue \nRouget de Lisle \u2013 94400 Vitry-sur-Seine est accord\u00e9e au profit de la SAS \u00ab Kremlin \nBic\u00eatre \u00bb.   \nL'EHPAD \u00ab R\u00e9sidence Bic\u00eatre \u00bb change de d\u00e9nomination et devient l'EHPAD \u00ab La \nPasserelle des Arts \u00bb. \n  \nARTICLE 2e : \n \n \n \n La cession d'autorisation de 15 places d'accueil de jour provenant de l'EHPAD \n\u00ab Cl\u00e9mentine Pitois \u00bb au b\u00e9n\u00e9fice de l'EHPAD \u00ab La Passerelle des Arts  \u00bb sis 5 \navenue Rouget de Lisle \u00e0 Vitry-sur-Seine (94400) est accord\u00e9e au profit de la SAS             \n\u00ab Kremlin Bic\u00eatre \u00bb.   \n \nARTICLE 3e : La capacit\u00e9 totale de l'EHPAD \u00ab La Passerelle des Arts  \u00bb est fix\u00e9e \u00e0 149 places \nr\u00e9parties de la mani\u00e8re suivante : \n- 134 places d'h\u00e9bergement permanent  \n- 15 places d'accueil de jour. \nARTICLE 4e : Cette structure est r\u00e9pertori\u00e9e dans le Fichier National des Etablissements \nSanitaires et Sociaux (FINESS) de la fa\u00e7on suivante : \n \nN\u00b0 FINESS de l'\u00e9tablissement : 94 001 930 0  \n \nCode cat\u00e9gorie : 500 \nAgence R\u00e9gionale de Sant\u00e9 - IDF-2025-06-17-00002 - Arr\u00eat\u00e9 n\u00b0 2025-180 portant changement de forme juridique de la SARL \u00ab Kremlin\nBic\u00eatre \u00bb en SAS,  changement de localisation de l'EHPAD \u00ab R\u00e9sidence Bic\u00eatre\", changement de nom en \u00ab La Passerelle des Arts \u00bb et\ncession d'autorisation de 15 places d'accueil de jour de l'EHPAD \u00ab Cl\u00e9mentine Pitois \u00bb au profit de l'EHPAD \u00ab La Passerelle des Arts \u00bb\n9\nGI sig\nCode discipline : 924 \nCode fonctionnement (type d'activit\u00e9) : 11  \nCode client\u00e8le : 711 \nCapacit\u00e9 : 134 \n \nCode discipline : 924 \nCode fonctionnement (type d'activit\u00e9) : 21  \nCode client\u00e8le : 711 \nCapacit\u00e9 : 15 \n \nN\u00b0 FINESS du gestionnaire : 92 003 199 4 \n \nCode statut : 95   \n  \nARTICLE 5e : Le pr\u00e9sent arr\u00eat\u00e9 est sans effet concernant la dur\u00e9e d'autorisation accord\u00e9e \u00e0 \nl'\u00e9tablissement pour 15 ans \u00e0 compter de sa date de cr\u00e9ation ou de renouvellement \nd'autorisation conform\u00e9ment aux conditions pr\u00e9vues aux articles L.312 -8 et                  \nL.313-5 du code de l'action sociale et des familles. \n  \nARTICLE 6e : Tout changement important dans l'activit\u00e9, l'installation, l'organisation, la direction \nou le fonctionnement de l'\u00e9tablissement ou du service doit \u00eatre port\u00e9 \u00e0 la \nconnaissance des autorit\u00e9s comp\u00e9tentes. \n  \nARTICLE 7e : Un recours contre le pr\u00e9sent arr\u00eat\u00e9 peut \u00eatre form\u00e9 devant le tribunal administratif \ncomp\u00e9tent dans un d\u00e9lai de deux mois \u00e0 compter de sa notification.   \n  \nARTICLE 8e : Le Directeur de la D\u00e9l\u00e9gation  d\u00e9partementale du Val -de-Marne de l'Agence \nr\u00e9gionale de sant\u00e9 \u00cele-de-France et le Directeur G\u00e9n\u00e9ral des Services du Conseil \nD\u00e9partemental du Val-de-Marne sont charg\u00e9s, chacun en ce qui le concerne, de \nl'ex\u00e9cution du pr\u00e9sent arr\u00eat\u00e9 qui sera notifi\u00e9 au demandeur, publi\u00e9 aux recueils \ndes actes administratifs de la R\u00e9gion \u00cele-de-France et du D\u00e9partement du Val de \nMarne. \n \nFait \u00e0 Cr\u00e9teil, le 17/06/2025 \n \n \nPour le Directeur g\u00e9n\u00e9ral \nde l'Agence r\u00e9gionale de sant\u00e9 \n\u00cele-de-France et par d\u00e9l\u00e9gation \n \nSt\u00e9phanie TALBOT \nDirectrice de l'Autonomie \n Le Pr\u00e9sident du d\u00e9partement \ndu Val de Marne         \n \n \nOlivier CAPITANIO \n \nAgence R\u00e9gionale de Sant\u00e9 - IDF-2025-06-17-00002 - Arr\u00eat\u00e9 n\u00b0 2025-180 portant changement de forme juridique de la SARL \u00ab Kremlin\nBic\u00eatre \u00bb en SAS,  changement de localisation de l'EHPAD \u00ab R\u00e9sidence Bic\u00eatre\", changement de nom en \u00ab La Passerelle des Arts \u00bb et\ncession d'autorisation de 15 places d'accueil de jour de l'EHPAD \u00ab Cl\u00e9mentine Pitois \u00bb au profit de l'EHPAD \u00ab La Passerelle des Arts \u00bb\n10\nDirection r\u00e9gionale et interd\u00e9partementale de\nl'\u00e9conomie, de l'emploi, du travail et des\nsolidarit\u00e9s d'\u00cele-de-France\nIDF-2025-06-24-00001\nArr\u00eat\u00e9 n\u00b02025-08 portant agr\u00e9ment pour\nl'activit\u00e9 de s\u00e9jours de \u00ab Vacances adapt\u00e9es \norganis\u00e9es \u00bb pour l'association \"Association\nLa\u00efque pour les Personnes Handicap\u00e9es\"\nDirection r\u00e9gionale et interd\u00e9partementale de l'\u00e9conomie, de l'emploi, du travail et des solidarit\u00e9s d'\u00cele-de-France -\nIDF-2025-06-24-00001 - Arr\u00eat\u00e9 n\u00b02025-08 portant agr\u00e9ment pour l'activit\u00e9 de s\u00e9jours de \u00ab Vacances adapt\u00e9es \norganis\u00e9es \u00bb pour l'association \"Association La\u00efque pour les Personnes Handicap\u00e9es\"\n11\nPREFET |DE LA REGIOND'\u00ceLE-DE-FRANCELibert\u00e9Egalit\u00e9Fraternit\u00e9\nDirection r\u00e9gionale et interd\u00e9partementale \nde l'\u00e9conomie, de l'emploi,  \ndu travail et des solidarit\u00e9s \n \n \n \n \nARRET\u00c9 2025-08 \n \nPortant agr\u00e9ment pour l'activit\u00e9 de s\u00e9jours de \n\u00ab Vacances adapt\u00e9es organis\u00e9es \u00bb \n \nLE PREFET DE LA REGION D'ILE DE FRANCE, \nPREFET DE PARIS, \nCOMMANDEUR DE LA LEGION D'HONNEUR, \nOFFICIER DE L'ORDRE NATIONAL DU MERITE \n \nVU  le code de l'action sociale et des familles, notamment son article L. 114 ; \n \nVU  le code du tourisme, notamment ses articles L. 211-1, L. 211-2, L. 412-2 et R 412-8 \u00e0 R 412 ; \n \nVU le d\u00e9cret n\u00b0 2020-1545 du 9 d\u00e9cembre 2020 relatif \u00e0 l'organisation et aux missions des directions \nr\u00e9gionales de l'\u00e9conomie, de l'emploi, du travail et des solidarit\u00e9s, des directions \nd\u00e9partementales de l'emploi, du travail et des solidarit\u00e9s et des directions d\u00e9partementales de \nl'emploi, du travail, des solidarit\u00e9s et de la protection des populations ; \n \nVU le d\u00e9cret du 22 juillet 2020 portant nomination de monsieur Marc GUILLAUME en qualit\u00e9 de \npr\u00e9fet de la r\u00e9gion d'\u00cele-de-France, pr\u00e9fet de Paris ; \n \nVU l'arr\u00eat\u00e9 pr\u00e9fectoral du 30 mars 2021 portant organisation de la direction r\u00e9gionale et \ninterd\u00e9partementale de l'\u00e9conomie, de l'emploi, du travail et des solidarit\u00e9s d'Ile-de-France ; \n \nVU l'arr\u00eat\u00e9 interminist\u00e9riel du 20 mars 2025 confiant l'int\u00e9rim \u00e0 monsieur Marc ROHFRITSCH de \nl'emploi de directeur r\u00e9gional et interd\u00e9partemental de l'\u00e9conomie, de l'emploi, du travail et \ndes solidarit\u00e9s d'Ile-de-France, \u00e0 compter du 1er avril 2025 ; \n \nVU l'arr\u00eat\u00e9 pr\u00e9fectoral 202 5-04-04-00007 du 4 avril  2025 portant d\u00e9l\u00e9gation de signature \u00e0 \nmonsieur Marc ROHFRITSCH, responsable du p\u00f4le \u00ab entreprises, emploi et solidarit\u00e9s \u00bb de la \ndirection r\u00e9gional et interd\u00e9partemental de l'\u00e9conomie, de l'emploi, du travail et des \nsolidarit\u00e9s d'\u00cele-de-France, en mati\u00e8re administrative ; \n \nVU la d\u00e9cision n\u00b0 2025-056 du 9 avril 2025 portant subd\u00e9l\u00e9gation de signature de Monsieur Marc \nROHFRITSCH, Directeur r\u00e9gional et interd\u00e9partemental de l'\u00c9conomie, de l'Emploi, du Travail \net des Solidarit\u00e9s d'\u00cele-de-France par int\u00e9rim, aux agents de l'unit\u00e9 r\u00e9gionale ; \n \nVU  le dossier de demande d'agr\u00e9ment \u00ab Vacances adapt\u00e9es organis\u00e9es \u00bb produit ; \n \n \n \n \n \nDirection r\u00e9gionale et interd\u00e9partementale de l'\u00e9conomie, de l'emploi, du travail et des solidarit\u00e9s d'\u00cele-de-France -\nIDF-2025-06-24-00001 - Arr\u00eat\u00e9 n\u00b02025-08 portant agr\u00e9ment pour l'activit\u00e9 de s\u00e9jours de \u00ab Vacances adapt\u00e9es \norganis\u00e9es \u00bb pour l'association \"Association La\u00efque pour les Personnes Handicap\u00e9es\"\n12\n2/3 \nARR\u00caT\u00c9 : \n \nArticle 1er : L'agr\u00e9ment \u00ab vacances adapt\u00e9es organis\u00e9es \u00bb pr\u00e9vu par l'article R 412-12 du code du tourisme \nest d\u00e9livr\u00e9 \u00e0 l'association : \n \nAssociation La\u00efque pour les Personnes Handicap\u00e9es \n150, rue de Chevilly \n94240 L'HAY-LES-ROSES \n \n \nArticle 2 : L'agr\u00e9ment est accord\u00e9 pour une dur\u00e9e de cinq ans \u00e0 compter de la date du pr\u00e9sent arr\u00eat\u00e9. \n \nArticle 3 : L'agr\u00e9ment est d\u00e9livr\u00e9 pour l'organisation de s\u00e9jours en France et \u00e0 l'\u00e9tranger. \n \nArticle 4  : En r\u00e9f\u00e9rence \u00e0 l'article R 412 -13, l'association \u00ab Association La\u00efque pour les Personnes \nHandicap\u00e9es \u00bb transmettra au pr\u00e9fet de r\u00e9gion d'Ile -de-France, un bilan circonstanci\u00e9 \nquantitatif, qualitatif et financier des activit\u00e9s de vacances adapt\u00e9es organis\u00e9es mises en \n\u0153uvre dans le courant de l'ann\u00e9e \u00e9coul\u00e9e. Le bilan pr\u00e9cise les moyens mis en \u0153uvre pour \nrem\u00e9dier aux dysfonctionnements \u00e9ventuellement constat\u00e9s lors des contr\u00f4les. \n \nArticle 5  : En r\u00e9f\u00e9rence \u00e0 l'article R 412 -13-1, l'association \u00ab Association La\u00efque pour les Personnes \nHandicap\u00e9es \u00bb informera le pr\u00e9fet de r\u00e9gion dans un d\u00e9lai de deux mois de tout changement \nsubstantiel affectant les \u00e9l\u00e9ments mat\u00e9riels au vu desquels l'agr\u00e9ment a \u00e9t\u00e9 d\u00e9livr\u00e9. \n \nArticle 6 : L'agr\u00e9ment pourra \u00eatre retir\u00e9 dans les conditions pr\u00e9vues par l'article R412 -17 du code du \ntourisme. \n \nArticle 7 : Le directeur r\u00e9gional et interd\u00e9partemental de l'\u00e9conomie, de l'emploi, du travail et des \nsolidarit\u00e9s d'\u00cele-de-France, est charg\u00e9 de l'ex\u00e9cution du pr\u00e9sent arr\u00eat\u00e9, qui sera publi\u00e9 au \nrecueil des actes administratifs de la Pr\u00e9fecture et notifi\u00e9 \u00e0 l'association \u00ab Association La\u00efque \npour les Personnes Handicap\u00e9es \u00bb. \n \n \nFait \u00e0 Aubervilliers, le 24 juin 2025 \n \n        \nPour le pr\u00e9fet de la r\u00e9gion d'\u00cele-de-France,  \nPr\u00e9fet de Paris et par d\u00e9l\u00e9gation, \nLe directeur r\u00e9gional et interd\u00e9partemental de \nl'\u00e9conomie, de l'emploi, du travail et des \nsolidarit\u00e9s d'\u00cele-de-France \n \n \nSIGN\u00c9 \nJean MENJON \n \n \n                 \n              \n     \n \nDirection r\u00e9gionale et interd\u00e9partementale de l'\u00e9conomie, de l'emploi, du travail et des solidarit\u00e9s d'\u00cele-de-France -\nIDF-2025-06-24-00001 - Arr\u00eat\u00e9 n\u00b02025-08 portant agr\u00e9ment pour l'activit\u00e9 de s\u00e9jours de \u00ab Vacances adapt\u00e9es \norganis\u00e9es \u00bb pour l'association \"Association La\u00efque pour les Personnes Handicap\u00e9es\"\n13\n3/3 \n                                                                                                 \n \nDirection r\u00e9gionale et interd\u00e9partementale de l'\u00e9conomie, de l'emploi, du travail et des solidarit\u00e9s d'\u00cele-de-France -\nIDF-2025-06-24-00001 - Arr\u00eat\u00e9 n\u00b02025-08 portant agr\u00e9ment pour l'activit\u00e9 de s\u00e9jours de \u00ab Vacances adapt\u00e9es \norganis\u00e9es \u00bb pour l'association \"Association La\u00efque pour les Personnes Handicap\u00e9es\"\n14","date":"2025-06-24","first_seen_on":"2025-06-24T18:32:54+00:00","id":"97689691daa71b0a416b8b63093570140a99aac5acdf25966e5f303a3e12853a","name":"recueil-idf-048-2025-06-recueil-des-actes-administratifs-special du 24.06.2025","pdf_creation_date":"2025-06-24T14:50:15+00:00","pdf_modification_date":null,"timezone":"Europe/Paris","url":"https://www.prefectures-regions.gouv.fr/ile-de-france/irecontenu/telechargement/128782/949154/file/recueil-idf-048-2025-06-recueil-des-actes-administratifs-special%20du%2024.06.2025.pdf"}
