{"administration":"pref83","administration_name":"Pr\u00e9fecture du Var","content":"VAR\nRECUEIL DES ACTES\nADMINISTRATIFS SP\u00c9CIAL\n(NOMINATIFS)\nN\u00b083-2025-412\nPUBLI\u00c9 LE  5 D\u00c9CEMBRE 2025\nSommaire\nDirection d\u00e9partementale des territoires et de la mer du Var / Service\nplanifications et prospective de la DDTM\n83-2025-12-01-00005 - RAA-arrete prefectoral de composition-25-012 (3\npages) Page 3\nPr\u00e9fecture du VAR / Cabinet du pr\u00e9fet\n83-2025-11-24-00006 - Arr\u00eat\u00e9 pr\u00e9fectoral n\u00b0017 accordant une\nr\u00e9compense pour acte de courage et de d\u00e9vouement (1 page) Page 7\nSecr\u00e9tariat g\u00e9n\u00e9ral commun d\u00e9partemental / Direction du SGCD\n83-2025-12-01-00006 - Convention d'Utilisation Avenant n\u00b01 \u00e0 la CDU\nn\u00b0083-2025-0028 (3 pages) Page 9\n2\nDirection d\u00e9partementale des territoires et de la\nmer du Var\n83-2025-12-01-00005\nRAA-arrete prefectoral de composition-25-012\nDirection d\u00e9partementale des territoires et de la mer du Var - 83-2025-12-01-00005 - RAA-arrete prefectoral de composition-25-012 3\n=mPREFETDU VARLibert\u00e9Egalit\u00e9Fraternit\u00e9\nARR\u00caT\u00c9 PR\u00c9FECTORAL  \nn\u00b0 DDTM-SPP-PAU-2025-40\nfixant la composition de la commission d\u00e9partementale d'am\u00e9nagement commercial du Var,  \ncharg\u00e9e  d'examiner la  demande  de  cr\u00e9ation  d'un  ensemble  commercial  mixte  sur  la \ncommune de Roquebrune-sur-Argens.\nLe pr\u00e9fet du Var,\nVu le code de commerce, et notamment les articles L. 751-1 et suivants et R. 751-1 et suivants\u00a0;\nVu le code de l'urbanisme\u00a0;\nVu la loi n\u00b0 2008-776 du 4 ao\u00fbt 2008 de modernisation de l'\u00e9conomie, et notamment son  \narticle 102\u00a0;\nVu la loi n\u00b0 2014-626 du 18 juin 2014 relative \u00e0 l'artisanat, au commerce et aux tr\u00e8s petites  \nentreprises\u00a0;\nVu le d\u00e9cret n\u00b0 2015-165 du 12 f\u00e9vrier 2015 relatif \u00e0 l'am\u00e9nagement commercial\u00a0;\nVu le d\u00e9cret n\u00b0 2019-331  du 17 avril 2019 relatif \u00e0 la composition et au fonctionnement des  \ncommissions d\u00e9partementales d'am\u00e9nagement commercial et aux demandes d'autorisation  \nd'exploitation commerciale\u00a0;\nVu l'arr\u00eat\u00e9  pr\u00e9fectoral  du  18  septembre  2023 portant  constitution  de  la  commission \nd\u00e9partementale d'am\u00e9nagement commercial du d\u00e9partement du Var\u00a0;\nVu le d\u00e9cret du Pr\u00e9sident de la R\u00e9publique du 15 mai 2025 portant nomination de Monsieur  \nSimon BABRE, pr\u00e9fet du Var,\nVu le  d\u00e9cret  du  Pr\u00e9sident  de  la  R\u00e9publique  du  29  octobre  2024  portant  nomination  du \nsecr\u00e9taire g\u00e9n\u00e9ral de la pr\u00e9fecture du Var, sous-prefet de Toulon, M. Lucien GIUDICELLI,\n1/3\nDirection d\u00e9partementale \ndes territoires et de la mer du Var\nService planifications et prospective\nDirection d\u00e9partementale des territoires et de la mer du Var - 83-2025-12-01-00005 - RAA-arrete prefectoral de composition-25-012 4\nVu  l'arr\u00eat\u00e9 pr\u00e9fectoral n\u00b0 2025/12/MCI du 2 juin 2025 portant d\u00e9l\u00e9gation de signature \u00e0 M.  \nLucien GIUDICELLI, secr\u00e9taire g\u00e9n\u00e9ral de la pr\u00e9fecture du Var, sous-pr\u00e9fet de l'arrondissement \nde Toulon,\nConsid\u00e9rant la demande  de permis de construire  n\u00b0 PC 083 107 25 00096 d\u00e9pos\u00e9e le 13  \noctobre 2025 en mairie de Roquebrune-sur-Argens\u00a0;\nConsid\u00e9rant la transmission du dossier complet par la mairie de Roquebrune-sur-Argens et son \nenregistrement le 6 novembre 2025 sous le num\u00e9ro 25-012\u00a0;\nSur proposition de monsieur le Secr\u00e9taire g\u00e9n\u00e9ral de la pr\u00e9fecture du Var\u00a0;\nARR\u00caTE\nArticle  1  \u00a0  :   La  commission  d\u00e9partementale  d'am\u00e9nagement  commercial  est  charg\u00e9e \nd'examiner la demande n\u00b0 25-012.\nLa  pr\u00e9sente  demande  d'autorisation  d'am\u00e9nagement  commercial  concerne  le  projet  de \ncr\u00e9ation d'un ensemble commercial mixte.\nLe projet se situe au Pont du Prieur, ZAC les Garillans 83 520 Roquebrune-sur-Argens.\nArticle 2  \u00a0  :   La commission d\u00e9partementale d'am\u00e9nagement commercial charg\u00e9e de statuer sur \nla demande vis\u00e9e ci-dessus est compos\u00e9e comme suit\u00a0:\nLes \u00e9lus (7)  \u00a0  :\n\u2013\u00a0Monsieur le maire de la commune de  Roquebrune-sur-Argens, en qualit\u00e9 de maire de la  \ncommune d'implantation, ou son repr\u00e9sentant,\n\u2013\u00a0Monsieur le pr\u00e9sident d'Est\u00e9rel C\u00f4te d'Azur agglom\u00e9ration, ou son repr\u00e9sentant,\n\u2013\u00a0Monsieur  le  pr\u00e9sident  du  sch\u00e9ma  de  coh\u00e9rence  territoriale  Est\u00e9rel  C\u00f4te  d'Azur \nAgglom\u00e9ration, ou son repr\u00e9sentant,\n\u2013\u00a0Monsieur le pr\u00e9sident du conseil d\u00e9partemental du Var, ou son repr\u00e9sentant,\n\u2013\u00a0Monsieur  le  pr\u00e9sident  du  conseil  r\u00e9gional  de  Provence-Alpes-C\u00f4te  d'Azur,  ou  son \nrepr\u00e9sentant,\n\u2013\u00a0un membre repr\u00e9sentant les maires du Var, d\u00e9sign\u00e9 par l'association des maires du Var,\n\u2013\u00a0un membre repr\u00e9sentant les intercommunalit\u00e9s du Var, d\u00e9sign\u00e9 par l'association des maires \ndu Var.\nLes personnalit\u00e9s qualifi\u00e9es (4)\u00a0:\nEn mati\u00e8re de consommation et de protection des consommateurs\u00a0:\n\u2013\u00a0Messieurs Patrick Hauti\u00e8re ou Jean-Paul Champion, association consommation logement et  \ncadre de vie,\n\u2013\u00a0Monsieur Christian Verbrugge, UFC que choisir.\n2/3\nDirection d\u00e9partementale des territoires et de la mer du Var - 83-2025-12-01-00005 - RAA-arrete prefectoral de composition-25-012 5\nEn mati\u00e8re de d\u00e9veloppement durable et d'am\u00e9nagement du territoire\u00a0:\n\u2013\u00a0Messieurs Christian Luyton, soci\u00e9t\u00e9 fran\u00e7aise des urbanistes ou Christophe Jatareu-Conte,  \nunit\u00e9 d'architecture JC,\n\u2013\u00a0Monsieur Pierre Ancelle-Hansen ou Madame Annie Combes, association varoise pour la  \nsauvegarde de l'agriculture, de la nature et de l'environnement (AVSANE) ou Madame ou  \nMonsieur G\u00e9rard Filiot, association ligue pour la protection des oiseaux.\nArticle 3  \u00a0  :   Le secr\u00e9taire g\u00e9n\u00e9ral de la pr\u00e9fecture est charg\u00e9 de l'ex\u00e9cution du pr\u00e9sent arr\u00eat\u00e9  \ndont une ampliation sera notifi\u00e9e aux membres de la commission et au demandeur.\nFait \u00e0 Toulon, le 1er\n d\u00e9cembre 2025\nPour le pr\u00e9fet et par d\u00e9l\u00e9gation\nLe Secr\u00e9taire g\u00e9n\u00e9ral\nSign\u00e9\nLucien GIUDICELLI\n3/3\nDirection d\u00e9partementale des territoires et de la mer du Var - 83-2025-12-01-00005 - RAA-arrete prefectoral de composition-25-012 6\nPr\u00e9fecture du VAR\n83-2025-11-24-00006\nArr\u00eat\u00e9 pr\u00e9fectoral n\u00b0017 accordant une\nr\u00e9compense pour acte de courage et de\nd\u00e9vouement\nPr\u00e9fecture du VAR - 83-2025-11-24-00006 - Arr\u00eat\u00e9 pr\u00e9fectoral n\u00b0017 accordant une r\u00e9compense pour acte de courage et de\nd\u00e9vouement 7\n                                         Cabinet du Pr\u00e9fet\n                                         Bureau de la Repr\u00e9sentation de l'\u00c9tat\nARR\u00caT\u00c9 PR\u00c9FECTORAL N\u00b0 017\nACCORDANT UNE R\u00c9COMPENSE\nPOUR ACTE DE COURAGE ET DE D\u00c9VOUEMENT\nLE PR\u00c9FET DU VAR,\nVu le d\u00e9cret du 16 novembre 1901 modifi\u00e9, relatif aux actes de courage et de d\u00e9vouement,\nVu le d\u00e9cret n\u00b0 70-221 du 17 mars 1970, portant d\u00e9concentration en mati\u00e8re d'attribution\nde la m\u00e9daille pour actes de courage et de d\u00e9vouement,\nVu le signalement des faits par le Centre d'Incendie et de Secours de Saint-Maximin-la-\nSainte-Baume en date du 14 juin 2025,\nConsid\u00e9rant le courage et le sang-froid dont a fait preuve l'agriculteur Monsieur Donatien\nFRESNEL, lorsque son tracteur a accidentellement pris feu sur la commune de Bras au\nniveau de la d\u00e9partementale D35 le 14 juin 2025,\nConsid\u00e9rant que Monsieur FRESNEL a conduit son v\u00e9hicule en feu sur un chemin en terre\nafin  de  plonger  le  tracteur  dans  la  rivi\u00e8re  Le  Cauron  situ\u00e9e  \u00e0  proximit\u00e9  et  \u00e9teindre\nl'incendie,\nConsid\u00e9rant que Monsieur FRESNEL est intervenu au p\u00e9ril de sa vie et que son initiative,\navant l'arriv\u00e9e des pompiers, a \u00e9t\u00e9 d\u00e9terminante pour \u00e9viter la propagation de l'incendie \u00e0\nla v\u00e9g\u00e9tation de r\u00e9sineux alentours en pleine saison officielle de feux de for\u00eat,\nSur proposition de la sous-pr\u00e9f\u00e8te, directrice de cabinet du pr\u00e9fet du Var,\nARR\u00caT\u00c9  \n   :   \nARTICLE 1  er   :\nUne m\u00e9daille de bronze pour acte de courage et de d\u00e9vouement est d\u00e9cern\u00e9e \u00e0 Monsieur\nDonatien FRESNEL, agriculteur sur la commune de Bras.\nARTICLE 2     :\nLa sous-pr\u00e9f\u00e8te, directrice de cabinet du pr\u00e9fet du Var, est charg\u00e9e de l'ex\u00e9cution du\npr\u00e9sent arr\u00eat\u00e9 qui sera publi\u00e9 au Recueil des Actes Administratifs.\n                                                                                                     Fait \u00e0 Toulon, le 24 novembre 2025\n                                                                                                           Le pr\u00e9fet du Var\n                                                                   Sign\u00e9\n                                                                                                      Simon BABRE\nPr\u00e9fecture du Var\nBoulevard du 112\u00e8me R.I. - CS 31 209\n83 070 TOULON CEDEX \nPr\u00e9fecture du VAR - 83-2025-11-24-00006 - Arr\u00eat\u00e9 pr\u00e9fectoral n\u00b0017 accordant une r\u00e9compense pour acte de courage et de\nd\u00e9vouement 8\nSecr\u00e9tariat g\u00e9n\u00e9ral commun d\u00e9partemental\n83-2025-12-01-00006\nConvention d'Utilisation Avenant n\u00b01 \u00e0 la CDU\nn\u00b0083-2025-0028\nSecr\u00e9tariat g\u00e9n\u00e9ral commun d\u00e9partemental - 83-2025-12-01-00006 - Convention d'Utilisation Avenant n\u00b01 \u00e0 la CDU n\u00b0083-2025-0028 9\nExREPUBLIQUEFRAN\u00c7AISELibert\u00e9Egalit\u00e9Fraternit\u00e9\nPR\u00c9FECTURE DU VAR\n-:-\u00a0:-\u00a0:-\nCONVENTION\u00a0D'UTILISATION\nAVENANT\u00a0n\u00b0\u00a01\u00a0\nA\u00a0la\u00a0CDU\u00a0n\u00b0083-2025-0028\n-:-\u00a0:-\u00a0:-\nToulon, le 1er d\u00e9cembre 2025\nLes soussign\u00e9s :\n1\u00b0-  L'administration  charg\u00e9e  des  domaines,  repr\u00e9sent\u00e9e  par  M.  Jean-Michel  BLANCHARD,  \nDirecteur d\u00e9partemental des finances publiques du Var, dont les bureaux sont \u00e0 Toulon (83056),  \nCentre Mayol, Place Besagne CS 91409, stipulant en vertu de la d\u00e9l\u00e9gation de signature du pr\u00e9fet  \nqui lui a \u00e9t\u00e9 consentie par arr\u00eat\u00e9 n\u00b02025/27/MCI du 2 Juin 2025, ci-apr\u00e8s d\u00e9nomm\u00e9e le propri\u00e9taire,\nD'une part,\n2\u00b0- La direction de l'\u00e9valuation de la performance, de l'achat, des finances et de l'immobilier  \n(DEPAFI), repr\u00e9sent\u00e9e par M. Pierre CHAVY, Directeur, dont les bureaux sont \u00e0 Paris (75012), 40  \navenue des Terroirs-de-France, ci-apr\u00e8s d\u00e9nomm\u00e9e l'utilisateur,\nD'autre part,\nse sont pr\u00e9sent\u00e9s devant nous, pr\u00e9fet du d\u00e9partement du Var, et sont convenus du dispositif suivant :\nEXPOSE\nL'utilisateur a demand\u00e9, pour l'exercice de ses missions, la mise \u00e0 disposition d'une partie d'un  \nimmeuble situ\u00e9 \u00e0 Draguignan (83300), boulevard Mar\u00e9chal Foch.\nCette demande est mise en \u0153uvre dans les conditions fix\u00e9es par la pr\u00e9sente convention et par les  \ncirculaires du Premier ministre relatives \u00e0 la politique immobili\u00e8re de l'\u00c9tat.\nUne convention d'utilisation n\u00b0083-2025-0028 a \u00e9t\u00e9 sign\u00e9e le 09 septembre 2025. \nCependant la r\u00e9daction d'un avenant est n\u00e9cessaire pour r\u00e9gulariser un compl\u00e9ment de l'article 2  \nrelatif aux surfaces occup\u00e9es.\nSecr\u00e9tariat g\u00e9n\u00e9ral commun d\u00e9partemental - 83-2025-12-01-00006 - Convention d'Utilisation Avenant n\u00b01 \u00e0 la CDU n\u00b0083-2025-0028 10\nCeci expos\u00e9, cet avenant modifie l'article 2 comme suit,\nArticle\u00a02\nD\u00e9signation de l'immeuble \nLes\u00a0surfaces\u00a0privatives,\u00a0exclusivement mises \u00e0 la disposition du titulaire de la pr\u00e9sente convention  \n(756,35 m\u00b2 de SUB) sont identifi\u00e9es sous Chorus RE-Fx par les num\u00e9ros  : 112477 / 170013 / 3.  \nElles figurent en rose sur les plans joints en annexe n\u00b02, et se composent :\n-  au rez-de-chauss\u00e9e : locaux d'archivage (185,30 m\u00b2 de SUB) ;\n-  au  premier  \u00e9tage  :  bureaux  n\u00b0100,  n\u00b0101,  n\u00b0103,  n\u00b0105  \u00e0  n\u00b0111,  salle  de  r\u00e9union  n\u00b0104,  \ncirculations, locaux stock SIC, local technique, sanitaires (383,40 m\u00b2 de SUB) ;\n- au deuxi\u00e8me \u00e9tage : bureaux n\u00b0201 \u00e0 207, couloir (187,65 m\u00b2 de SUB).\n- au sous sol     :  Surface de parkings en sous sol de 584,77 m\u00b2 (cf annexe 1)\nIl est pr\u00e9cis\u00e9 que 11 places de parking ext\u00e9rieur sont aussi mises \u00e0 disposition par la Pr\u00e9fecture au  \nservice du Bureau des Pensions .\nUn exemplaire du pr\u00e9sent acte est conserv\u00e9 \u00e0 la pr\u00e9fecture. \nLe repr\u00e9sentant du service utilisateur   Le Pr\u00e9fet, repr\u00e9sentant de l'\u00c9tat propri\u00e9taire\nSign\u00e9 Sign\u00e9\nPierre CHAVY Pour le Pr\u00e9fet et par d\u00e9l\u00e9gation,\nDirecteur de la DEPAFI Le secr\u00e9taire g\u00e9n\u00e9ral,\n \nLucien GIUDICELLI\nLe repr\u00e9sentant de l'administration charg\u00e9e des domaines\nSign\u00e9\nPar d\u00e9l\u00e9gation\nL'inspectrice divisionnaire\nMarie-Christine BELLUOT\nSecr\u00e9tariat g\u00e9n\u00e9ral commun d\u00e9partemental - 83-2025-12-01-00006 - Convention d'Utilisation Avenant n\u00b01 \u00e0 la CDU n\u00b0083-2025-0028 11\nii\neeL\" wailpeesPie\n'iat\ncf[aee a\nSL\nmi\nSecr\u00e9tariat g\u00e9n\u00e9ral commun d\u00e9partemental - 83-2025-12-01-00006 - Convention d'Utilisation Avenant n\u00b01 \u00e0 la CDU n\u00b0083-2025-0028 12","date":"2025-12-05","first_seen_on":"2025-12-05T16:02:26+00:00","id":"9781666400a140582b713cbbdf017391c488c15d3d14f64b44b932c63f0a1b35","name":"RAA N\u00b0412 du 5 d\u00e9cembre.pdf","pdf_creation_date":"2025-12-05T15:35:13+00:00","pdf_modification_date":null,"timezone":"Europe/Paris","url":"https://www.var.gouv.fr/contenu/telechargement/43895/286689/file/RAA%20N%C2%B0412%20du%205%20d%C3%A9cembre.pdf"}
