{"administration":"pref92","administration_name":"Pr\u00e9fecture des Hauts-de-Seine","content":"EnPREFETDES HAUTS-DE-SEINELibert\u00e9Egalit\u00e9Fraternit\u00e9\nAL AR SS = SR A PREBEHERIEC =F Pm \u00c0 FEF 2\nA \u00ae FE BI so) FF mar SN EL @ BE A EE = Pee Mh A BOD  mm FEE = = a\n1\nRECUEIL\nDES\nACTES ADMINISTRATIFS\nAGENCE REGIONALE DE SANTE D'ILE-DE-\nFRANCE\nN\u00b0 Sp\u00e9cial 20 avril 2026\nee\nAIN ny\nEn =z LA RER Y\nAMAR  I  . ~~\nm meme  2 ee\nA Pee wR eee,  ese MR\nee et ee ee MIRE  =\nAm 1m MM  ma Tee es\nAm 1m mm = 2 ES\nPR  R=\nAm 1m AT MI  PMP Inn\nDIREn En rm\nam = _ mm  nN yan\nAm 1m AM OM  OMR PR\nAm 1m sR  RR RARE\nnas \" 4\nAur \" \u00ab\nnas \" 4 Er  a\nnas \" \" 4 .\naas \" \" \" . oo\naas \" \u00ab .\n2\nPREFET DES HAUTS-DE-SEINE\nRECUEIL DES ACTES ADMINISTRATIFS\nN\u00b0 Sp\u00e9cial ARS-IDF du 20 avril 2026\nSOMMAIRE\nArr\u00eat\u00e9 Date AGENCE REGIONALE DE SANTE D'ILE-\nDE-FRANCE Page\nARS-IDF\nN\u00b02026-001 08.01.2026\nArr\u00eat\u00e9 portant regroupement et fusion des\n\u00c9tablissements et Services d'Aide par le Travail\n(ESAT) Les Bouleaux sis 4 place du Village \u00e0\nGennevilliers (92230) et Les Cerisiers sis 6 all\u00e9e\ndes Pierres de Mayettes \u00e0 Gennevilliers (92230)\n5\nARS-IDF\nN\u00b02026-MS-028 29.01.2026\nArr\u00eat\u00e9 portant regroupement de places de SSIAD\nde Colombes et le SSIAD de nuit sis \u00e0 Vanves\ng\u00e9r\u00e9 par l'association \u00ab VYV 3 Ile-de-France\u00bb\n8\nARS-IDF\nN\u00b02026-MS-34 17.02.2026\nArr\u00eat\u00e9 portant modification de l'arr\u00eat\u00e9 n\u00b02025 -\n252 portant autorisation d'extension de capacit\u00e9\nde 85 \u00e0 95 places de l'institut M\u00e9dico - Educatif\n(IME) \u00ab Les Peupliers \u00bb sis 10-12 rue Gustave\nGuillaumet \u00e0 S\u00e8vres (92310)\n11\nARS-IDF\nN\u00b02026-MS-36 08.04.2026\nArr\u00eat\u00e9 portant autorisation d'extension de\ncapacit\u00e9 de 100 \u00e0 110 places par la cr\u00e9ation\nd'une Unit\u00e9 d'Enseignement El\u00e9mentaire Autisme\n(UEEA) de l'Institut M\u00e9dico- Educatif (IME)\nHonor\u00e9 de Balzac \u00e0 Nanterre (92000), g\u00e9r\u00e9 par\nl'association Union Nationale des Associations de\nParents d'Enfants Inadapt\u00e9s (UNAPEI) Hauts-de-\nSeine\n15\nARS-IDF\nN\u00b02026-MS-38 18.03.2026\nArr\u00eat\u00e9 portant autorisation d'extension de capacit\u00e9\nde 230 \u00e0 240 places du Service d'\u00e9ducation\nsp\u00e9ciale et de soins \u00e0 domicile (SESSAD) du Val\nd'Or pour la cr\u00e9ation d'un Dispositif\nd'autor\u00e9gulation (DAR) sur la commune de\nCh\u00e2tillon (92320) g\u00e9r\u00e9 par l'association Les\nPapillons Blancs de la Colline\n19\nARS-IDF\nN\u00b02026-MS-41 19.02.2026\nArr\u00eat\u00e9 portant mise en conformit\u00e9 des arr\u00eat\u00e9s\nd'autorisation du CMPP Gaston Berger et du\nCMPP Les Pyr\u00e9n\u00e9es g\u00e9r\u00e9s par l'Association\nM\u00e9dico-Psycho-P\u00e9dagogique Viala avec le d\u00e9cret\nn\u00b0 2017-982 du 9 mai 2017 relatif \u00e0 la\nnomenclature des \u00e9tablissements et services\nsociaux et m\u00e9dicosociaux\n24\nAm ne  Le ee Le et\nAm PROMIS PR\nAm AT MM  PMR PR\nAm AT MM  PMR PR\nam = AT MM  PMR PR\nam = MM  MA MMM\n3\nARS-IDF\nN\u00b02026-MS-44 27.02.2026\nArr\u00eat\u00e9 portant approbation de cession\nd'autorisation du Centre M\u00e9dico-Psycho-\nP\u00e9dagogique (CMPP) Galli\u00e9ni sis 25 rue Gallieni\n\u00e0 Rueil- Malmaison (92500) g\u00e9r\u00e9 par l'association\npour les Jeunes en Difficult\u00e9s (JEU-DI) au profit\nde La Fondation l'Elan Retrouv\u00e9\n27\nARS-IDF\nN\u00b02026-MS-56 23.02.2026\nArr\u00eat\u00e9 portant autorisation de fusion des\n\u00c9tablissements et Services d'Accompagnement\npar le Travail (ESAT) Suzanne Lawson, Georges\nDagneaux et Hors-les-Murs Trajectoires Emploi,\nsitu\u00e9s \u00e0 la m\u00eame adresse au 45-47 rue d'Arthelon\n\u00e0 Meudon (92190)\n30\nARS-IDF\nN\u00b02026-MS-66 17.03.2026\nArr\u00eat\u00e9 portant autorisation de fusion des Services\nd'Education Sp\u00e9ciale et de Soins \u00e0 Domicile\n(SESSAD) \u00ab Pro Trajectoires Formation \u00bb et\n\u00ab Trajectoires Jeunesse \u00bb, situ\u00e9s \u00e0 la m\u00eame\nadresse au 3-5 Rue Curie \u00e0 Suresnes (92150)\n35\nARS-IDF\nN\u00b02026-85 17.03.2026\nArr\u00eat\u00e9 portant autorisation de changement de\nlocalisation de la Maison d'accueil sp\u00e9cialis\u00e9e\n(MAS) d\u00e9nomm\u00e9e \u00ab MAS PAP TSA \u00bb sise 36\navenue Thierry \u00e0 Ville d'Avray (92410)\n39\nARS-IDF\nN\u00b02026-MS-107 17.03.2026\nArr\u00eat\u00e9 portant autorisation de transformation par\nrequalification de 55 places d\u00e9ficience\nintellectuelle en 51 places trouble psychique, 2\nplaces troubles du spectre de l'autisme\net 2 places d\u00e9ficience intellectuelle de l'ESAT\nJean Caurant sis 2 rue Pablo Neruda\n92220 Bagneux\n42\nARS-IDF\nN\u00b02026-MS-129 08.04.2026\nArr\u00eat\u00e9 portant portant mise en conformit\u00e9 des\narr\u00eat\u00e9s d'autorisation de l'ESAT l'Atelier et de\nl'ESAT de Ch\u00e2tillon g\u00e9r\u00e9s par la fondation des\nAmis de l'Atelier avec le d\u00e9cret n\u00b0 2017-982 du 9\nmai 2017 relatif \u00e0 la nomenclature des\n\u00e9tablissements et services sociaux et m\u00e9dico-\nsociaux\n45\nam on ~\nmm nA yan\n4\nARS-IDF\nN\u00b02026-MS-130 08.04.2026\nArr\u00eat\u00e9 portant mise en conformit\u00e9 avec le d\u00e9cret\nn\u00b0 2017-982 du 9 mai 2017 relatif \u00e0 la\nnomenclature des \u00e9tablissements et services\nsociaux et m\u00e9dico-sociaux et portant autorisation\nde transformation par requalification de 80 places\nde handicap mental ou troubles du comportement\nen 40 places de d\u00e9ficience intellectuelle et 40\nplaces de handicap psychique de l'ESAT les\nRobinsons sis 29 rue Paul Rivet, 92350 Le\nPlessis-Robinson, g\u00e9r\u00e9 par la fondation des Amis\nde l'Atelier\n48\nREPUBLIQUE a 4FRANCAISE \u00a9 D Agence R\u00e9gionalede Sant\u00e9Libert\u00e9Egalit\u00e9Fraternit\u00e9 \u00cele-de-France\nAGENCE R\u00c9GIONALE DE SANT\u00c9 \u00ceLE-DE-FRANCE\nARRETE N\u00b02026 - 001portant regroupement et fusion des \u00c9tablissements et Services d'Aide par le Travail(ESAT) Les Bouleaux sis 4 place du Village \u00e0 Gennevilliers (92230) et Les Cerisiers sis 6\nVU\nVU\nVU\nVU\nVU\nVU\nVU\nVU\nVU\nall\u00e9e des Pierres de Mayettes \u00e0 Gennevilliers (92230)\ng\u00e9r\u00e9s par l'association APEI de la Boucle de la Seine\nLE DIRECTEUR GENERAL DE L'AGENCE R\u00c9GIONALE DE SANT\u00c9 \u00ceLE-DE-FRANCE\nle code de l'action sociale et des familles et notamment les articles L. 312-1, L. 313-1, L.314-3 et suivants ;le d\u00e9cret du 10 avril 2024 portant nomination de Monsieur Denis ROBIN, Directeur g\u00e9n\u00e9ralde l'Agence r\u00e9gionale de sant\u00e9 Ile-de-France \u00e0 compter du 29 avril 2024 ;l'arr\u00eat\u00e9 n\u00b0119-2024 portant d\u00e9l\u00e9gation de signature du Directeur G\u00e9n\u00e9ral de l'Agencer\u00e9gionale de sant\u00e9 Ile-de-France au Directeur de la d\u00e9l\u00e9gation d\u00e9partementale des Hauts-de-Seine en date du 4 novembre 2024 ;l'arr\u00eat\u00e9 n\u00b0 DIRNOV-2023/08 de la Directrice g\u00e9n\u00e9rale de l'Agence r\u00e9gionale de sant\u00e9 \u00cele-de-France en date du 26 octobre 2023 portant adoption du cadre d'orientation strat\u00e9gique2018-2028 du projet r\u00e9gional de sant\u00e9 d'\u00cele-de-France ;l'arr\u00eat\u00e9 n\u00b0 DIRNOV-2023/09 de la Directrice g\u00e9n\u00e9rale de l'Agence r\u00e9gionale de sant\u00e9 \u00cele-de-France en date du 26 octobre 2023 portant adoption du sch\u00e9ma r\u00e9gional de sant\u00e92023-2028 du projet r\u00e9gional de sant\u00e9 d'\u00cele-de-France, modifi\u00e9 par l'arr\u00eat\u00e9 n\u00b0DIRNOV-2023/09 en date du 12 janvier 2024 ;l'arr\u00eat\u00e9 n\u00b0 2023-346 de la Directrice g\u00e9n\u00e9rale de l'Agence r\u00e9gionale de sant\u00e9 \u00cele-de-Franceen date du 4 d\u00e9cembre 2023 \u00e9tablissant le programme interd\u00e9partementald'accompagnement des handicaps et de la perte d'autonomie (PRIAC) 2023-2027 pour lar\u00e9gion \u00cele-de-France ;l'arr\u00eat\u00e9 n\u00b094-192 du 7 avril 1994 autorisant la cr\u00e9ation d'un Centre d'aide par le travail(CAT) de 44 places situ\u00e9 ZAC Espace Clichy 5 rue Olof Palme \u00e0 Clichy (92110) ;l'arr\u00eat\u00e9 n\u00b02011-182 du 21 novembre 2011 autorisant l'association APEI de la Boucle dela Seine situ\u00e9e 1 boulevard Charles de Gaulle \u00e0 Colombes (92700), \u00e0 \u00e9tendre la capacit\u00e9de l'ESAT Les Bouleaux situ\u00e9 18 rue Mozart \u00e0 Clichy (92110) \u00e0 56 places, via uneextension de capacit\u00e9 de 10 places ;l'arr\u00eat\u00e9 n\u00b02014-241 du 10 d\u00e9cembre 2014 autorisant l'association APE! de la Boucle dela Seine situ\u00e9e 1 boulevard Charles de Gaulle \u00e0 Colombes (92700), \u00e0 d\u00e9localiser l'ESATLes Bouleaux situ\u00e9 18 rue Mozart \u00e0 Clichy (92110) au 4 place du Village \u00e0 Gennevilliers(92230) ;\n\nVU\nVU\nVU\nVU\nl'arr\u00eat\u00e9 n\u00b082-1050 bis du 14 octobre 1982 autorisant l'association APEI de la Boucle de laSeine \u00e0 cr\u00e9er un Centre d'aide par le travail (CAT) de 30 places au 79 rue des Cerisiers aColombes. Ce Centre est destin\u00e9 a accueillir des adultes d\u00e9ficients intellectuels moyenset profonds, inaptes \u00e0 l'insertion dans le secteur normal de production mais susceptiblesd'adaptation \u00e0 des travaux compatibles avec leurs aptitudes ;l'arr\u00eat\u00e9 n\u00b087-392 du 22 avril 1987 autorisant l'association APEI de la Boucle de la Seine aaccroitre de 10 places la capacit\u00e9 du Centre d'aide par le travail Les Cerisiers sis au 79rue des Cerisiers 4 Colombes. La capacit\u00e9 de Centre sera d\u00e9sormais de 40 places ;l'arr\u00eat\u00e9 n\u00b092-1109 du 22 octobre 1992 autorisant l'association APEI de la Boucle de laSeine a transf\u00e9rer du 79 rue des Cerisiers \u00e0 Colombes au 87 de ladite rue, le Centre d'aidepar le travail Les Cerisiers et \u00e0 porter sa capacit\u00e9 \u00e0 64 places ;la demande de l'association APEI de la Boucle de la Seine en date du 24 mai 2024 visanta regrouper les ESAT Les Bouleaux et Les Cerisiers de Gennevilliers sur un m\u00e9me sitesitu\u00e9 6 all\u00e9e des Pierres de Mayettes, Parc des Barbanniers a Gennevilliers (92230), sousla d\u00e9nomination ESAT Les Oliviers ;\nCONSIDERANT que ce projet est compatible avec les objectifs et repond aux besoinssociaux et m\u00e9dico-sociaux fix\u00e9s par le sch\u00e9ma r\u00e9gional de sant\u00e9 ;CONSIDERANT qu'il satisfait aux r\u00e8gles d'organisation et de fonctionnement pr\u00e9vues par lecode de l'action sociale et des familles ;CONSID\u00c9RANT qu'il pr\u00e9sente un co\u00fbt de fonctionnement en ann\u00e9e pleine compatible avecle PRIAC \u00cele-de-France et avec le montant de l'une des dotationsmentionn\u00e9es \u00e0 l'article L. 314-3 du code de l'action sociale et des familles ;CONSID\u00c9RANT que l'op\u00e9ration peut s'effectuer \u00e0 moyens constants et n'entra\u00eene doncaucun surco\u00fbt ;\nARR\u00caTE\nARTICLE 1\u00b0: L'autorisation visant au regroupement au 6 rue des Pierres de Mayettes \u00e0Gennevilliers (92230) de l'ESAT Les Bouleaux, sis 4 place du Village \u00e0 Gennevilliers(92230) et de l'ESAT Les Cerisiers, sis 6 rue des Pierres de Mayettes \u00e0 Gennevilliers(92230), est accord\u00e9e \u00e0 l'association APEI de la Boucle de la Seine dont le si\u00e8gesocial est situ\u00e9 1 boulevard Charles de Gaulle \u00e0 Colombes (92700).ARTICLE 2e : L'\u00e9tablissement, dor\u00e9navant d\u00e9nomm\u00e9 \u00ab ESAT Les Oliviers \u00bb, est d'une capacit\u00e9totale de 120 places destin\u00e9es \u00e0 accueillir en accueil de jour des adultes pr\u00e9sentantdes d\u00e9ficiences intellectuelles.Dans la limite de cette capacit\u00e9, l'\u00e9tablissement est en mesure d'assurer auxpersonnes qu'il accueille en fonction de leurs besoins, et dans la limite des placesdisponibles, les modalit\u00e9s d'accueil et d'accompagnement suivantes : \u00e0 titrepermanent, temporaire ou selon un mode s\u00e9quentiel, \u00e0 temps complet ou partiel,sans h\u00e9bergement.ARTICLE 3e : Conform\u00e9ment aux termes du dernier alin\u00e9a du | de l'article D. 312-0-3 du code del'action sociale et des familles, aucune sp\u00e9cialisation n'exclut la prise en charge de\n2\n\npersonnes pr\u00e9sentant des troubles associ\u00e9s \u00e0 ceux qui font l'objet de la pr\u00e9senteautorisation.ARTICLE 4e: Cette structure est r\u00e9pertori\u00e9e dans le Fichier National des EtablissementsSanitaires et Sociaux (FINESS) de la fa\u00e7on suivante :N\u00b0 FINESS de l'\u00e9tablissement : 92 080 487 9Code cat\u00e9gorie : [246] Etablissement et Service d'Aide par le Travail (E.S.A.T.)Code discipline : [908] Aide par le travail pour Adultes Handicap\u00e9sCode fonctionnement : [21] Accueil de jour 120 placesCode client\u00e8le : [117] D\u00e9ficience intellectuelle 120 placesCode mode de fixation des tarifs : [57] ARS /ARS PCD Dotation forfait ou prix dejourn\u00e9e globalis\u00e9N\u00b0 FINESS du gestionnaire : 92 080 028 1Code statut : [61] Association Loi 1901 Reconnue d'utilit\u00e9 publiqueARTICLE 5e : La pr\u00e9sente autorisation est valable sous r\u00e9serve du r\u00e9sultat positif de la visite deconformit\u00e9 pr\u00e9vue par l'article L. 313-6 du code de l'action sociale et des familles.ARTICLE 6e : Elle est caduque en l'absence d'ouverture au public de l'\u00e9tablissement ou du servicedans un d\u00e9lai de quatre ans suivant la notification de la d\u00e9cision d'autorisationconform\u00e9ment aux articles L. 313-1 et D. 313-7-2 du code de l'action sociale et desfamilles.ARTICLE 7e : Tout changement important dans l'activit\u00e9, l'installation, l'organisation, la directionou le fonctionnement de l'\u00e9tablissement ou du service doit \u00eatre port\u00e9 \u00e0 laconnaissance de l'autorit\u00e9 comp\u00e9tente.ARTICLE 8e : Un recours contre le pr\u00e9sent arr\u00eat\u00e9 peut \u00eatre form\u00e9 devant le tribunal administratifcomp\u00e9tent dans un d\u00e9lai de deux mois \u00e0 compter de sa notification ou, pour les tiers,\u00e0 compter de sa publication.ARTICLE 9e: Le Directeur de la d\u00e9l\u00e9gation d\u00e9partementale des Hauts-de-Seine de l'Agencer\u00e9gionale de sant\u00e9 \u00cele-de-France est charg\u00e9 de l'ex\u00e9cution du pr\u00e9sent arr\u00eat\u00e9 qui serapubli\u00e9 au recueil des actes administratifs de la R\u00e9gion \u00cele-de-France et au bulletinofficiel du D\u00e9partement des Hauts-de-Seine.\nFait \u00e0 Nanterre, leLe Directeurde la d\u00e9l\u00e9gation D\u00e9partementaledes Hauts-de-Seinede l'Agence r\u00e9gionale sant\u00e9\u00cele-de-France\nRenau_ . ==Sign\u00e9 \u00e9lectroniquement par Renaud PELLE- Directeur de la D\u00e9l\u00e9gationd\u00e9partementale des Hauts de SeineLe 08/01/2026 \u00e0 15.06\n\nExREPUBLIQUEFRAN\u00c7AISE @ D Agence R\u00e9gionale de Sant\u00e9Ft \u00cele-de-FranceFraternit\u00e9\nAGENCE R\u00c9GIONALE DE SANT\u00c9 \u00ceLE-DE-FRANCEARR\u00caT\u00c9 N\u00b0 2026-MS-028portant regroupement de places de SSIAD de Colombes et le SSIAD de nuit sis \u00e0Vanves g\u00e9r\u00e9 par l'association \u00ab VYV 3 Ile-de-France\u00bb\nLE DIRECTEUR GENERAL DE L'AGENCE REGIONALE DE SANT\u00c9 \u00ceLE-DE-FRANCE\nVU\nVUVUVUVU\nVU\nVU\nVU\nVU\nVUVU\nle code de l'action sociale et des familles et notamment les articles L312-1, L313-1, L314-3 etsuivants:le code de la sant\u00e9 publique ;le code de la s\u00e9curit\u00e9 sociale ;le code de justice administrativele d\u00e9cret du 10 avril 2024 portant nomination de Monsieur Denis ROBIN, Directeur g\u00e9n\u00e9ral de l'Agencer\u00e9gionale de sant\u00e9 Ile-de-France \u00e0 compter du 29 avril 2024 ;le d\u00e9cret n\u00b0 2021-1476 du 12 novembre 2021 relatif au rythme des \u00e9valuations de la qualit\u00e9 des\u00e9tablissements et services sociaux et m\u00e9dico-sociaux ;l'arr\u00eat\u00e9 n\u00b0 DIRNOV-2023/08 du 26 octobre 2023 de la Directrice g\u00e9n\u00e9rale de l'Agence r\u00e9gionale desant\u00e9 Ile-de-France portant modification du cadre d'orientation strat\u00e9gique 2018-2028 du projetr\u00e9gional de sant\u00e9 d'Ile-de-France ;l'arr\u00eat\u00e9 n\u00b0 DIRNOV-2023/09 du 26 octobre 2023 de la Directrice g\u00e9n\u00e9rale de l'Agence r\u00e9gionale desant\u00e9 Ile-de-France portant adoption du sch\u00e9ma r\u00e9gional de sant\u00e9 2023-2028 du projet r\u00e9gional desant\u00e9 d'Ile-de-France ;l'arr\u00eat\u00e9 n\u00b0 2023-346 de la Directrice g\u00e9n\u00e9rale de l'Agence r\u00e9gionale de sant\u00e9 Ile-de-France en datedu 4 d\u00e9cembre 2023 \u00e9tablissant le programme interd\u00e9partemental d'accompagnement des handicapset de la perte d'autonomie (PRIAC) 2023-2027 pour la r\u00e9gion Ile-de-France ;l'arr\u00eat\u00e9 n\u00b0 2024-256 portant autorisation d'extension de 50 \u00e0 65 places du Service de soins infirmiers\u00e0 domicile (SSIAD) de nuit 92 g\u00e9r\u00e9 par VYV 3 Ile-de-France ;l'arr\u00eat\u00e9 n\u00b0 2016-224 portant cession d'autorisation du Service de Soins Infirmiers \u00e0 Domicilede Colombes g\u00e9r\u00e9 par la Fondation Hospitali\u00e8re Sainte-Marie au profit de l'Union Soins et Services\u00cele-de-France ;\nCONSID\u00c9RANT que du fait du regroupement l'association \u00ab VYV 3 Ile-de-France \u00bb reste titulaire del'autorisation de gestion des deux SSIAD ;\n\nCONSIDERANT le courriel du 02 novembre 2025 confirmant le souhait de l'association \u00ab VYV 3 Ile-de-France\u00bb de regrouper les places des deux SSIAD de jour de Colombes et de nuit aVanves, portant la capacit\u00e9 totale du service \u00e0 113 places, r\u00e9parties sur deux sites : unsite principal dans les locaux actuels du SSIAD de jour sis 7 avenue AUDRA \u00e0COLOMBES (92700) et une antenne au sein des locaux actuels du SSIAD de nuit sis29 Rue Diderot \u00e0 Vanves (92170) ;CONSID\u00c9RANT que le regroupement des places de SSIAD permet d'am\u00e9liorer l'efficience des processusde gestion et de fonctionnement du service par une mutualisation des moyens ;CONSID\u00c9RANT que cette modification s'effectue \u00e0 co\u00fbt constant et n'entraine donc aucun surco\u00fbt ;\nARR\u00caTE\nARTICLE 1\u00b0: L'autorisation de regroupement des places des deux SSIAD de jour de Colombes et de nuit\u00e0 Vanves, portant la capacit\u00e9 totale du service \u00e0 113 places, r\u00e9parties sur deux sites : unsite principal dans les locaux actuels du SSIAD de jour sis 7 avenue AUDRA \u00e0 COLOMBES(92700) et une antenne au sein des locaux actuels du SSIAD de nuit sis 29 Rue Diderot \u00e0Vanves (92170) est accord\u00e9e \u00e0 l'association \u00ab VYV 3 Ile-de-France \u00bb dont le si\u00e8ge social sis12 rue Boyer-Barret \u00e0 Paris (75014).ARTICLE 2\u00b0: La capacit\u00e9 totale du SSIAD est fix\u00e9e \u00e0 113 places r\u00e9parties de la mani\u00e8re suivante :- 103 places pour personnes \u00e2g\u00e9es ;- 10 places pour personnes handicap\u00e9es ;\nARTICLE 3\u00b0: Cette structure est r\u00e9pertori\u00e9e dans le Fichier National des Etablissements Sanitaires etSociaux (FINESS) de la fa\u00e7on suivante :N\u00b0 FINESS juridique de l'entit\u00e9 de rattachement : 75 005 884 4Raison sociale : Groupe VYV 3 Ile-de- FranceCode statut : [47] Soci\u00e9t\u00e9 MutualisteN\u00b0 FINESS du SSIAD de Colombes (site principal) : 92 080 457 2Raison sociale : SSIADAdresse : 7 avenue AUDRA-92700 COLOMBESCode cat\u00e9gorie : [354] SSIADCode discipline : [358] Soins infirmiers \u00e0 domicile 48 placesCode fonctionnement (type d'activit\u00e9) : [16] Prestation en milieu ordinaireCode client\u00e8le : [700] Personnes \u00e2g\u00e9es 48 placesN\u00b0 FINESS de l'antenne du SSIAD de nuit (site secondaire) : 92 002 706 7Adresse : 29 Rue Diderot- 92170 VanvesCode discipline : [358] Soins infirmiers \u00e0 domicile 65 placesCode fonctionnement (type d'activit\u00e9) : [16] Prestation en milieu ordinaireCode client\u00e8le : [700] Personnes \u00e2g\u00e9es 55 places[010] Tous types de d\u00e9ficiences Personnes handicap\u00e9es 10 placesARTICLE 4\u00b0: Tout changement important dans l'activit\u00e9, l'installation, l'organisation, la direction ou lefonctionnement de l'\u00e9tablissement ou du service doit \u00eatre port\u00e9 a la connaissance desautorit\u00e9s comp\u00e9tentes.\n\nARTICLE 5\u00b0:\nARTICLE 6\u00b0:\nUn recours contre le pr\u00e9sent arr\u00eat\u00e9 peut \u00eatre form\u00e9 devant le tribunal administratif comp\u00e9tentdans un d\u00e9lai de deux mois \u00e0 compter de sa notification.Le Directeur de la D\u00e9l\u00e9gation d\u00e9partementale des Hauts de Seine de l'Agence r\u00e9gionale desant\u00e9 Ile-de-France est charg\u00e9 de l'ex\u00e9cution du pr\u00e9sent arr\u00eat\u00e9 qui sera notifi\u00e9 audemandeur, publi\u00e9 aux recueils des actes administratifs de la R\u00e9gion \u00cele-de-France et duD\u00e9partement des Hauts de Seine.\nFait \u00e0 Nanterre, le 29/01/2026Le Directeur de la d\u00e9l\u00e9gationd\u00e9partementale des Hauts-de-Seine del'ARS Ile-de-France\n(/ Renaud PELLE\nAgence R\u00e9gionale de Sant\u00e9 Ile-de-FranceLa directrice adjointe de laD\u00e9l\u00e9gation d\u00e9partementale des Hauts de Seine\\2\na ous\n\nREPUBLIQUE a 4FRAN CAI SE @ D Agence R\u00e9gionale de Sant\u00e9Libert\u00e9\u00c9galit\u00e9Fraternit\u00e9\n\u00cele-de-France\nAGENCE R\u00c9GIONALE DE SANT\u00c9 \u00ceLE-DE-FRANCE\nARR\u00caT\u00c9 N\u00b0 2026-MS-034portant modification de l'arr\u00eat\u00e9 n\u00b02025 - 252 portant autorisation d'extension de capacit\u00e9de 85 \u00e0 95 places de l'institut M\u00e9dico - Educatif (IME) \u00ab Les Peupliers \u00bbsis 10-12 rue Gustave Guillaumet a S\u00e9vres (92310),g\u00e9r\u00e9 par l'association Union Nationale des Associations de Parents d'Enfants Inadapt\u00e9s\nVU\nVU\nVU\nVU\nVU\nVU\nVU\nVU\n(UNAPEI) Hauts-de-Seine 92\nLE DIRECTEUR GENERAL DE L'AGENCE REGIONALE DE SANT\u00c9 \u00ceLE-DE-FRANCE\nle code de l'action sociale et des familles et notamment les articles L. 312-1, L. 313-1 etL. 314-3 et suivants ;le d\u00e9cret du 10 avril 2024 portant nomination de Monsieur Denis ROBIN, Directeur g\u00e9n\u00e9ralde l'Agence r\u00e9gionale de sant\u00e9 \u00cele-de-France \u00e0 compter du 29 avril 2024 ;l'arr\u00eat\u00e9 n\u00b0119-2024 portant d\u00e9l\u00e9gation de signature du Directeur G\u00e9n\u00e9ral de l'Agencer\u00e9gionale de sant\u00e9 Ile-de-France au Directeur de la d\u00e9l\u00e9gation d\u00e9partementale des Hauts-de-Seine en date du 4 novembre 2024 ;l'arr\u00eat\u00e9 n\u00b0 DIRNOV-2023/08 de la Directrice g\u00e9n\u00e9rale de l'Agence r\u00e9gionale de sant\u00e9 \u00cele-de-France en date du 26 octobre 2023 portant adoption du cadre d'orientation strat\u00e9gique2018-2028 du projet r\u00e9gional de sant\u00e9 d'Ile-de-France ;l'arr\u00eat\u00e9 n\u00b0 DIRNOV-2023/09 de la Directrice g\u00e9n\u00e9rale de l'Agence r\u00e9gionale de sant\u00e9 \u00cele-de-France en date du 26 octobre 2023 portant adoption du sch\u00e9ma r\u00e9gional de sant\u00e92023-2028 du projet r\u00e9gional de sant\u00e9 d'\u00cele-de-France, modifi\u00e9 par l'arr\u00eat\u00e9 n\u00b0DIRNOV-2023/09 en date du 12 janvier 2024 ;l'arr\u00eat\u00e9 n\u00b0 2023-346 de la Directrice g\u00e9n\u00e9rale de l'Agence r\u00e9gionale de sant\u00e9 \u00cele-de-Franceen date du 4 d\u00e9cembre 2023 \u00e9tablissant le programme interd\u00e9partementald'accompagnement des handicaps et de la perte d'autonomie (PRIAC) 2023-2027 pour lar\u00e9gion \u00cele-de-France ;l'arr\u00eat\u00e9 n\u00b0 1979-2436 du 18 avril 1979 de Monsieur le Pr\u00e9fet de R\u00e9gion \u00cele-de-Franceportant autorisation de cr\u00e9ation du Centre m\u00e9dico-p\u00e9dagogique et m\u00e9dico-professionnel\u00ab Les Peupliers \u00bb de 78 places situ\u00e9 10-12, rue Gustave Guillaumet \u00e0 S\u00e8vres ;l'arr\u00eat\u00e9 n\u00b0 1999-260 du 16 f\u00e9vrier 1999 de Monsieur le Pr\u00e9fet de R\u00e9gion \u00cele-de-Franceautorisant le transfert de l'autorisation d\u00e9livr\u00e9e \u00e0 l'association \u00ab Centre m\u00e9dico-p\u00e9dagogique et m\u00e9dico-professionnel Les Peupliers \u00bb au profit de l'associationd\u00e9partementale des amis et parents d'enfants inadapt\u00e9s (ADAPEI) des Hauts-de-Seinepour permettre \u00e0 cette association d'assurer la gestion de l'Institut M\u00e9dico - Educatif \u00ab LesPeupliers \u00bb situ\u00e9 10-12, rue Gustave Guillaumet 92310 S\u00e8vres ;\n\nVU\nVU\nVU\nVU\nVU\nl'arr\u00eat\u00e9 n\u00b0 2008-634 du 21 novembre 2018 de Monsieur le Pr\u00e9fet de R\u00e9gion \u00cele-de-Franceportant autorisation d'extension de l'IME \u00ab Les Peupliers \u00bb \u00e0 S\u00e8vres et fixant sa capacit\u00e9\u00e0 85 places ;l'arr\u00eat\u00e9 n\u00b0 2019-65 du 11 mars 2019 portant modification de la d\u00e9nomination de l'ADAPEI92, sise \u00e0 S\u00e8vres (92310), en Union nationale des associations de parents d'EnfantsInadapt\u00e9s (UNAPE]) Hauts-de-Seine 92 et pr\u00e9cisant les caract\u00e9ristiques et adresses desdiff\u00e9rentes structures ;l'arr\u00eat\u00e9 n\u00b0 2020-82 ARS DD92-464 du 19 mai 2020 portant actualisation de l'autorisationdes \u00e9tablissements et services m\u00e9dico-sociaux g\u00e9r\u00e9s par l'Union nationale desassociations de parents d'Enfants Inadapt\u00e9s (UNAPEI) Hauts-de-Seine 92 dans le cadrede nouvelles d\u00e9nominations et implantations de structures ;le contrat pluriannuel d'objectifs et de moyens de l'association UNAPEI Hauts-de-Seine92 portant sur les ann\u00e9es 2024 \u00e0 2028 sign\u00e9 le 27 d\u00e9cembre 2023 ;l'arr\u00eat\u00e9 n\u00b02025-252 portant autorisation d'extension de capacit\u00e9 de 85 \u00e0 95 places del'institut M\u00e9dico - Educatif (IME) \u00ab Les Peupliers \u00bb sis 10-12 rue Gustave Guillaumet \u00e0S\u00e8vres (92310), g\u00e9r\u00e9 par l'association Union Nationale des Associations de Parentsd'Enfants Inadapt\u00e9s (UNAPEI) Hauts-de-Seine 92.\nCONSID\u00c9RANT que l'arr\u00eat\u00e9 2020-82 ARSDD92-464 du 19 mai 2020 n'a pas \u00e9t\u00e9 vis\u00e9 dansl'arr\u00eat\u00e9 n\u00b02025-252 ;CONSID\u00c9RANT que les services SESSAD Trajectoires Jeunesse \u00e0 Suresnes, SESSAD LeC\u00e8dre Jeunesse \u00e0 Chatillon, et SESSAD Trajectoires Formation \u00e0Suresnes ne constituent plus des \u00e9tablissements secondaires de l'IME LesPeupliers ;CONSID\u00c9RANT que le projet de regroupement des SESSAD Trajectoires Jeunesse etTrajectoires Formation implant\u00e9s \u00e0 la m\u00eame adresse \u00e0 Suresnes, en uneentit\u00e9 unique, a \u00e9t\u00e9 pr\u00e9sent\u00e9 par l'association Union Nationale desAssociations de Parents d'Enfants Inadapt\u00e9s (UNAPEI) Hauts-de-Seine 92le 9 d\u00e9cembre 2024 ;CONSIDERANT que ce projet a obtenu un avis favorable ;CONSIDERANT qu'il satisfait aux r\u00e8gles d'organisation et de fonctionnement pr\u00e9vues par lecode de l'action sociale et des familles ;CONSID\u00c9RANT qu'il pr\u00e9sente un co\u00fbt de fonctionnement en ann\u00e9e pleine compatible avecle PRIAC \u00cele-de-France et avec le montant de l'une des dotationsmentionn\u00e9es \u00e0 l'article L. 314-3 du code de l'action sociale et des familles ;CONSID\u00c9RANT que l'op\u00e9ration peut s'effectuer \u00e0 moyens constants et n'entraine doncaucun surco\u00fbt.\n\nARTICLE 1\u00b0\nARRETE\n: L'arr\u00eat\u00e9 n\u00b02025 - 252 portant autorisation d'extension de capacit\u00e9 de 85 \u00e0 95 placesde l'institut M\u00e9dico - Educatif (IME) \u00ab Les Peupliers \u00bb sis 10-12 rue Gustave Guillaumet\u00e0 S\u00e8vres (92310), est actualis\u00e9.Cette actualisation consiste \u00e0 supprimer, en tant qu'\u00e9tablissements secondaires del'IME \u00ab Les Peupliers \u00bb, les services suivants :- SESSAD \u00ab Le C\u00e8dre Jeunesse \u00bb \u00e0 Chatillon : 92 001 2119- SESSAD \u00ab Trajectoires Jeunesse \u00bb \u00e0 Suresnes : 92 002 272 0- SESSAD Pro \u00ab Trajectoires Formation \u00bb \u00e0 Suresnes : 92 002 627 5ARTICLE 2\u00b0 : La capacit\u00e9 totale de l'IME \u00ab les Peupliers \u00bb est de 95 places r\u00e9parties comme suit :\nARTICLE 3\u00b0:\n- 69 places en accueil de jour pour des enfants et jeunes adultes \u00e2g\u00e9s de 0 \u00e0 20ans pr\u00e9sentant une d\u00e9ficience intellectuelle ;- 16 places en internat pour des enfants et jeunes adultes \u00e2g\u00e9s de 0 \u00e0 20 anspr\u00e9sentant une d\u00e9ficience intellectuelle ;- 10 places en milieu ordinaire pour des enfants et jeunes adultes \u00e2g\u00e9s de 0 \u00e0 20ans pr\u00e9sentant une d\u00e9ficience intellectuelle.Conform\u00e9ment aux termes du dernier alin\u00e9a du | de l'article D. 312-0-3 du code del'action sociale et des familles, aucune sp\u00e9cialisation n'exclut la prise en charge depersonnes pr\u00e9sentant des troubles associ\u00e9s \u00e0 ceux qui font l'objet de la pr\u00e9senteautorisation.ARTICLE 4\u00b0 : Cette structure est r\u00e9pertori\u00e9e dans le Fichier National des Etablissements Sanitaires\nARTICLE 5\u00b0 :\net Sociaux (FINESS) de la fa\u00e7on suivante :N\u00b0 FINESS de l'\u00e9tablissement : 92 069 028 6Code [183] \u2014 Institut M\u00e9dico-Educatif (IME)cat\u00e9gorie :Code [844] - Tous projets \u00e9ducatifs th\u00e9rapeutiques et p\u00e9dagogiquesdiscipline :Code [11] \u2014 H\u00e9bergement complet Internat 16 placesfonctionnement(mode d'accueil et [16] \u2014 Prestation en milieu ordinaire 10 placesd'accompagnement) : [21] \u2014 Accueil de jour 69 placesCode client\u00e8le : [117] \u2014 D\u00e9ficience intellectuelle 95 placesCode mode de fixation des tarifs : [57] ARS / ARS PCD dotation globalis\u00e9eN\u00b0 FINESS du gestionnaire : 92 080 097 6Code statut : [61] - Association Loi 1901 Reconnue d'Utilit\u00e9 Publique\nTout changement important dans l'activit\u00e9, l'installation, l'organisation, la direction oule fonctionnement de |'\u00e9tablissement ou du service doit \u00eatre port\u00e9 \u00e0 la connaissancede l'autorit\u00e9 comp\u00e9tente.\n\nARTICLE 6\u00b0 : Un recours contre le pr\u00e9sent arr\u00eat\u00e9 peut \u00eatre form\u00e9 devant le tribunal administratifcomp\u00e9tent dans un d\u00e9lai de deux mois \u00e0 compter de sa notification ou, pour les tiers,\u00e0 compter de sa publication.\nARTICLE 7\u00b0: Le Directeur de la D\u00e9l\u00e9gation d\u00e9partementale des Hauts-de-Seine de l'Agencer\u00e9gionale de sant\u00e9 Ile-de-France est charg\u00e9 de l'ex\u00e9cution du pr\u00e9sent arr\u00eat\u00e9 qui serapubli\u00e9 au recueil des actes administratifs de la R\u00e9gion \u00cele-de-France.\nFait \u00e0 Nanterre, le\nPour le Directeur g\u00e9n\u00e9ralde l'Agence r\u00e9gionale de sant\u00e9\u00cele-de-France et par d\u00e9l\u00e9gation,Le Directeur de la D\u00e9l\u00e9gation d\u00e9partementaledes Hauts-de-Sei\nRenaud PELL\u00c9\n17 fev 2026\nEEREPUBLIQUEFRAN\u00c7AISELibert\u00e9Egalit\u00e9Fraternit\u00e9\n\u00a9 \u00bb Agence R\u00e9gionale de Sant\u00e9Ile-de-France\nAGENCE R\u00c9GIONALE DE SANT\u00c9 \u00ceLE-DE-FRANCE\nARRETE N\u00b02026 - MS - 036\n \nportant autorisation d'extension de capacit\u00e9 de 100 \u00e0 110 places par la cr\u00e9ation d'une \nUnit\u00e9 d'Enseignement El\u00e9mentaire Autisme (UEEA) de l'Institut M\u00e9dico- Educatif (IME) \nHonor\u00e9 de Balzac \u00e0 Nanterre (92000),\ng\u00e9r\u00e9 par l'association Union Nationale des Associations de Parents d'Enfants Inadapt\u00e9s \n(UNAPEI) Hauts-de-Seine \nLE DIRECTEUR G\u00c9N\u00c9RAL DE L'AGENCE R\u00c9GIONALE DE SANT\u00c9 \u00ceLE-DE-FRANCE\nVU le code de l'action sociale et des familles et notamment les articles L. 312-1, L. 313-1, L.\n314-3 et suivants ;\nVU        le d\u00e9cret du 10 avril 2024 portant nomination de Monsieur Denis ROBIN, Directeur g\u00e9n\u00e9ral\nde l'Agence r\u00e9gionale de sant\u00e9 \u00cele-de-France \u00e0 compter du 29 avril 2024 ;\nVU l'arr\u00eat\u00e9 DS N\u00b0029/2025 du 18 d\u00e9cembre 2025 portant d\u00e9l\u00e9gation de signature \u00e0 Madame\nSt\u00e9phanie TALBOT, Directrice de l'autonomie ;\nVU l'arr\u00eat\u00e9 n\u00b0 DIRNOV-2023/08 de la Directrice g\u00e9n\u00e9rale de l'Agence r\u00e9gionale de sant\u00e9 \u00cele-\nde-France en date du 26 octobre 2023 portant adoption du cadre d'orientation strat\u00e9gique\n2018-2028 du projet r\u00e9gional de sant\u00e9 d'\u00cele-de-France ;\nVU l'arr\u00eat\u00e9 n\u00b0 DIRNOV-2023/09 de la Directrice g\u00e9n\u00e9rale de l'Agence r\u00e9gionale de sant\u00e9 \u00cele-\nde-France en date du 26 octobre 2023 portant adoption du sch\u00e9ma r\u00e9gional de sant\u00e9\n2023-2028 du projet r\u00e9gional de sant\u00e9 d'\u00cele-de-France, modifi\u00e9 par l'arr\u00eat\u00e9 n\u00b0DIRNOV-\n2023/09 en date du 12 janvier 2024 ;\nVU l'arr\u00eat\u00e9 n\u00b0 2023-346 de la Directrice g\u00e9n\u00e9rale de l'Agence r\u00e9gionale de sant\u00e9 \u00cele-de-\nFrance en date du 4 d\u00e9cembre 2023 \u00e9tablissant le programme interd\u00e9partemental\nd'accompagnement des handicaps et de la perte d'autonomie (PRIAC) 2023-2027 pour la\nr\u00e9gion \u00cele-de-France ;\nVU la convention sign\u00e9e le 24 novembre 1965 entre le Pr\u00e9fet de la Seine et l'association\n\u00ab APEINA \u00bb l'autorisant \u00e0 ouvrir un Institut M\u00e9dico - Educatif (IME) dans le d\u00e9partement\nde la Seine ;\nVU l'arr\u00eat\u00e9 du pr\u00e9fet du d\u00e9partement des Hauts-de-Seine en date du 7 juillet 1980 fixant la\ncapacit\u00e9 d'accueil de l'IME de Nanterre sis 4 boulevard Honor\u00e9 de Balzac \u00e0 Nanterre\n(92000) \u00e0 100 enfants pr\u00e9sentant des d\u00e9ficiences intellectuelles. La Section p\u00e9dagogique\nest destin\u00e9e \u00e0 prendre en charge 35 enfants et la Section professionnelle 65 enfants ;\n       2\nVU l'arr\u00eat\u00e9 n\u00b0 2012 \u2013 DT92/181 du 21 d\u00e9cembre 2012 portant modification de la d\u00e9nomination\nde \u00ab l'IME de Nanterre \u00bb g\u00e9r\u00e9 par l'association APEINA \u2013 Association des Parents\nd'enfants inadapt\u00e9s de Nanterre et leurs amis. L'\u00e9tablissement sera d\u00e9sormais d\u00e9nomm\u00e9\nIME \u00ab Honor\u00e9 de Balzac \u00bb comprenant :\n- une section p\u00e9dagogique IMP de 35 places, d\u00e9nomm\u00e9e Fernand Oury;\n- une section professionnelle IMPRO de 65 places, d\u00e9nomm\u00e9e Balzac ;\nVU l'arr\u00eat\u00e9 n\u00b0 2019 \u2013 51 et ARS DD92 n\u00b02019 \u2013 316 portant approbation de la cession des\nautorisations du Centre m\u00e9dico-psycho-p\u00e9dagogique (CMPP) Provinces Fran\u00e7aises et de\nl'Institut m\u00e9dico-\u00e9ducatif (IME) Honor\u00e9 de Balzac sis \u00e0 Nanterre g\u00e9r\u00e9s par l'association\ndes Parents d'enfants inadapt\u00e9s de Nanterre et leurs amis \u00ab APEINA \u00bb au profit de\nl'UNAPEI Hauts-de-Seine ;\nVU le courrier de la D\u00e9l\u00e9gu\u00e9e d\u00e9partementale des Hauts-de-Seine de l'Agence r\u00e9gionale de\nsant\u00e9 \u00cele-de-France en date du 30 d\u00e9cembre 2016 ent\u00e9rinant le renouvellement tacite de\nl'autorisation de l'IME Honor\u00e9 de Balzac de Nanterre \u00e0 compter du 3 janvier 2017 pour\nune dur\u00e9e de quinze ans ;\nVU le contrat pluriannuel d'objectifs et de moyens de l'association UNAPEI Hauts-de-Seine\nportant sur les ann\u00e9es 2024 \u00e0 2028 sign\u00e9 le 27 d\u00e9cembre 2023 ;\nVU l'avis d'appel \u00e0 candidatures, qui s'inscrit dans le cadre de la Strat\u00e9gie Nationale pour les\ntroubles du neurod\u00e9veloppement (SN-TND) 2023-2027, qui met l'accent sur\nl'intensification et la diversification de dispositifs de scolarisation pour des \u00e9l\u00e8ves\npr\u00e9sentant des troubles du neurod\u00e9veloppement, publi\u00e9 le 30 juillet 2025 au Recueil des\nactes administratifs de la r\u00e9gion \u00cele-de-France ;\nVU les r\u00e9sultats de la mise en concurrence pr\u00e9cit\u00e9e publi\u00e9s sur le site internet de l'Agence\nr\u00e9gionale de sant\u00e9 \u00cele-de-France le 16 d\u00e9cembre 2025 ;\nCONSID\u00c9RANT que le projet d\u00e9pos\u00e9 par l'UNAPEI Hauts-de-Seine a \u00e9t\u00e9 retenu et qu'il\nr\u00e9pond au cahier des charges des Unit\u00e9s d'Enseignement El\u00e9mentaire\nAutisme (UEEA) dont l'objectif est de r\u00e9duire les troubles du comportement\net de tendre vers l'autonomie dans les apprentissages ;\nCONSID\u00c9RANT qu'il r\u00e9pond \u00e0 un besoin de d\u00e9veloppement de l'offre m\u00e9dico-sociale\nidentifi\u00e9 sur le d\u00e9partement des Hauts-de-Seine pour les personnes\npr\u00e9sentant des troubles du spectre de l'autisme ;\nCONSIDERANT qu'il r\u00e9pond \u00e0 l'\u00e9volution attendue de l'offre m\u00e9dico-sociale sur le\nd\u00e9partement des Hauts-de-Seine en permettant l'accueil et\nl'accompagnement des enfants pr\u00e9sentant des troubles du spectre de\nl'autisme ;\n \nCONSID\u00c9RANT qu'il est compatible avec les objectifs et r\u00e9pond aux besoins sociaux et\nm\u00e9dico-sociaux fix\u00e9s par le sch\u00e9ma r\u00e9gional de sant\u00e9 ; \nCONSID\u00c9RANT qu'il satisfait aux r\u00e8gles d'organisation et de fonctionnement pr\u00e9vues par le\ncode de l'action sociale et des familles ; \n       3\nCONSID\u00c9RANT qu'il pr\u00e9sente un co\u00fbt de fonctionnement en ann\u00e9e pleine compatible avec\nle PRIAC \u00cele-de-France et avec le montant de l'une des dotations\nmentionn\u00e9es \u00e0 l'article L. 314-3 du code de l'action sociale et des familles ;\nCONSID\u00c9RANT que l'Agence r\u00e9gionale de sant\u00e9 \u00cele-de-France dispose pour ce projet des\ncr\u00e9dits n\u00e9cessaires \u00e0 sa mise en \u0153uvre \u00e0 hauteur de 154 000 \u20ac au titre de\nl'enveloppe \u00ab Conf\u00e9rence Nationale du Handicap \u00bb enfance ;\nARR\u00caTE \nARTICLE 1er : L'autorisation visant \u00e0 l'extension de 10 places de l'IME Honor\u00e9 de Balzac, sis 4\nboulevard Honor\u00e9 de Balzac \u00e0 Nanterre (92000), par la cr\u00e9ation d'une Unit\u00e9\nd'Enseignement El\u00e9mentaire Autisme (UEEA) est accord\u00e9e \u00e0 l'Association UNAPEI\nHauts-de-Seine dont le si\u00e8ge social est situ\u00e9 au 119 Grande Rue \u00e0 S\u00e8vres (92310). \nARTICLE 2e  : La capacit\u00e9 totale de cet \u00e9tablissement est dor\u00e9navant de 110  places r\u00e9parties\ncomme suit :\n- 100 places en accueil de jour pour des enfants, adolescents et jeunes\nadultes \u00e2g\u00e9s de 0 \u00e0 20 ans pr\u00e9sentant une d\u00e9ficience intellectuelle.\n- 10 places d'Unit\u00e9 d'Enseignement El\u00e9mentaire Autisme (UEEA) au sein de\nl'\u00e9cole Yvonne Kerzr\u00e9ho situ\u00e9e au 18 rue Pablo Neruda \u00e0 Nanterre (92000)\npour des enfants porteurs de troubles du spectre de l'autisme.\nARTICLE 3e  : Conform\u00e9ment aux termes du dernier alin\u00e9a du I de l'article D. 312-0-3 du code de\nl'action sociale et des familles, aucune sp\u00e9cialisation n'exclut la prise en charge de\npersonnes pr\u00e9sentant des troubles associ\u00e9s \u00e0 ceux qui font l'objet de la pr\u00e9sente\nautorisation. \nARTICLE 4e  : Cette structure est r\u00e9pertori\u00e9e dans le Fichier National des Etablissements Sanitaires\net Sociaux (FINESS) de la fa\u00e7on suivante :\nN\u00b0 FINESS de l'\u00e9tablissement : 92 069 021 1\nCode cat\u00e9gorie d'\u00e9tablissement : [183] Institut M\u00e9dico - Educatif (I.M.E.)\nDiscipline Fonctionnement Client\u00e8le Capacit\u00e9\n[844] - Tous projets\n\u00e9ducatifs, p\u00e9dagogiques\net th\u00e9rapeutiques\n[21] \u2013 Accueil de\njour\n[117] \u2013 d\u00e9ficience\nintellectuelle \n100 places\n[844] - Tous projets\n\u00e9ducatifs, p\u00e9dagogiques\net th\u00e9rapeutiques\n[16] \u2013 prestation en\nmilieu ordinaire\n[437] \u2013 TSA 10 places\nCode mode de fixation des tarifs : [57] ARS / ARS PCD dotation globalis\u00e9e\nN\u00b0 FINESS du gestionnaire : 92 080 097 6\nCode statut : [61] Association Loi 1901 Reconnue d'Utilit\u00e9 Publique\n       4\nARTICLE 5e :  La pr\u00e9sente autorisation est valable sous r\u00e9serve du r\u00e9sultat positif de la visite de\nconformit\u00e9 pr\u00e9vue par l'article L. 313-6 du code de l'action sociale et des familles. \nARTICLE 6e :   Elle est caduque en l'absence d'ouverture au public de l'\u00e9tablissement ou du service\ndans un d\u00e9lai de quatre ans suivant la notification de la d\u00e9cision d'autorisation\nconform\u00e9ment aux articles L. 313-1 et D. 313-7-2 du code de l'action sociale et des\nfamilles.\nARTICLE 7e :   Tout changement important dans l'activit\u00e9, l'installation, l'organisation, la direction ou\nle fonctionnement de l'\u00e9tablissement ou du service doit \u00eatre port\u00e9 \u00e0 la connaissance\nde l'autorit\u00e9 comp\u00e9tente.\nARTICLE 8e :  Un recours contre le pr\u00e9sent arr\u00eat\u00e9 peut \u00eatre form\u00e9 devant le tribunal administratif\ncomp\u00e9tent dans un d\u00e9lai de deux mois \u00e0 compter de sa notification ou, pour les tiers,\n\u00e0 compter de sa publication. \nARTICLE 9e :  Le Directeur de la D\u00e9l\u00e9gation d\u00e9partementale des Hauts-de-Seine de l'Agence\nr\u00e9gionale de sant\u00e9 \u00cele-de-France est charg\u00e9 de l'ex\u00e9cution du pr\u00e9sent arr\u00eat\u00e9 qui sera\npubli\u00e9 au recueil des actes administratifs de la R\u00e9gion \u00cele-de-France.\nFait \u00e0 Saint-Denis, le\nPour le Directeur g\u00e9n\u00e9ral\nde l'Agence r\u00e9gionale de sant\u00e9\n\u00cele-de-France et par d\u00e9l\u00e9gation\n \nExREPUBLIQUEFRAN\u00c7AISELibert\u00e9\u00c9galit\u00e9Fraternit\u00e9\nAr\u00a9 > Agence R\u00e9gionale de Sant\u00e9Ile-de-France\nAGENCE R\u00c9GIONALE DE SANT\u00c9 \u00ceLE-DE-FRANCE\nARRETE N\u00b0 2026 - MS 038\n \nportant autorisation d'extension de capacit\u00e9 de 230 \u00e0 240 places du Service d'\u00e9ducation \nsp\u00e9ciale et de soins \u00e0 domicile (SESSAD) du Val d'Or pour la cr\u00e9ation d'un Dispositif \nd'autor\u00e9gulation (DAR) sur la commune de Ch\u00e2tillon (92320),\ng\u00e9r\u00e9 par l'association Les Papillons Blancs de la Colline\nLE DIRECTEUR G\u00c9N\u00c9RAL DE L'AGENCE R\u00c9GIONALE DE SANT\u00c9 \u00ceLE-DE-FRANCE\nVU le code de l'action sociale et des familles et notamment les articles L. 312-1, L. 313-1,\nL. 314-3 et suivants, les articles R313-1 et suivants et l'article R121-12-19 ;\nVU le d\u00e9cret du 10 avril 2024 portant nomination de Monsieur Denis ROBIN, Directeur g\u00e9n\u00e9ral\nde l'Agence r\u00e9gionale de sant\u00e9 \u00cele-de-France \u00e0 compter du 29 avril 2024 ;\nVU l'arr\u00eat\u00e9 n\u00b0 DIRNOV-2023/08 de la Directrice g\u00e9n\u00e9rale de l'Agence r\u00e9gionale de sant\u00e9 \u00cele-\nde-France en date du 26 octobre 2023 portant adoption du cadre d'orientation strat\u00e9gique\n2018-2028 du projet r\u00e9gional de sant\u00e9 d'\u00cele-de-France ;\nVU l'arr\u00eat\u00e9 n\u00b0 DIRNOV-2023/09 de la Directrice g\u00e9n\u00e9rale de l'Agence r\u00e9gionale de sant\u00e9 \u00cele-\nde-France en date du 26 octobre 2023 portant adoption du sch\u00e9ma r\u00e9gional de sant\u00e9\n2023-2028 modifi\u00e9 par l'arr\u00eat\u00e9 n\u00b0DIRNOV-2023/09 en date du 12 janvier 2024 ;\nVU l'arr\u00eat\u00e9 n\u00b0 2023-346 de la Directrice g\u00e9n\u00e9rale de l'Agence r\u00e9gionale de sant\u00e9 \u00cele-de-\nFrance en date du 4 d\u00e9cembre 2023 \u00e9tablissant le programme interd\u00e9partemental\nd'accompagnement des handicaps et de la perte d'autonomie (PRIAC) 2023-2027 pour la\nr\u00e9gion \u00cele-de-France ;\nVU l'arr\u00eat\u00e9 du pr\u00e9fet des Hauts-de-Seine n\u00b0 2006-160 du 25 ao\u00fbt 2006 modifi\u00e9 par l'arr\u00eat\u00e9\n2006-198 du 10 octobre 2006 autorisant l'association Les Papillons Blancs de Saint-Cloud\n\u00e0 cr\u00e9er un Service d'\u00e9ducation sp\u00e9ciale et de soins \u00e0 domicile (SESSAD) d'une capacit\u00e9\nde 25 places ;\nVU le renouvellement de l'autorisation du SESSAD du Val d'Or en date du 14 d\u00e9cembre 2016\npour une capacit\u00e9 de 82 places ;\nVU l'arr\u00eat\u00e9 du Directeur g\u00e9n\u00e9ral de l'Agence r\u00e9gionale de sant\u00e9 \u00cele-de-France n\u00b0 2025-214 du\n19 ao\u00fbt 2025 autorisant l'extension de capacit\u00e9 de 10 places du Service d'\u00e9ducation\nsp\u00e9ciale et de soins \u00e0 domicile (SESSAD) du Val d'Or pour la cr\u00e9ation d'un Dispositif\nd'autor\u00e9gulation (DAR) sur la commune de Suresnes (92150), portant la capacit\u00e9 du\nservice \u00e0 230 places ; \nVU le contrat pluriannuel d'objectifs et de moyens portant sur les ann\u00e9es 2023-2027 sign\u00e9 le\n19 d\u00e9cembre 2022 ;\n       2\nVU l'avis d'appel \u00e0 candidatures, qui s'inscrit dans le cadre de la Strat\u00e9gie Nationale Autisme\nau sein des troubles du neurod\u00e9veloppement 2023-2027, visant la cr\u00e9ation d'un dispositif\nd'autor\u00e9gulation (DAR) au coll\u00e8ge pour des \u00e9l\u00e8ves pr\u00e9sentant des troubles du\nneurod\u00e9veloppement publi\u00e9 le 30 juillet 2025 au Recueil des actes administratifs de la\nr\u00e9gion \u00cele-de-France ;\nVU les r\u00e9sultats de la mise en concurrence pr\u00e9cit\u00e9e publi\u00e9s sur le site internet de l'Agence\nr\u00e9gionale de sant\u00e9 \u00cele-de-France le 16 d\u00e9cembre 2025 ;\nCONSIDERANT que le projet d\u00e9pos\u00e9 par l'association Les Papillons Blancs de la Colline a\n\u00e9t\u00e9 retenu ;\nque, par cons\u00e9quent, l'association sollicite une augmentation de sa\ncapacit\u00e9 de l'ordre de 193 % (passage de 230 places \u00e0 240 places) ;\nCONSID\u00c9RANT qu'au regard de l'article D313-2 du Code de l'action sociale et des familles,\nles demandes d'augmentation capacitaire au-del\u00e0 de 30% ou, par\nexception, au-del\u00e0 de 100% de la capacit\u00e9 actuellement autoris\u00e9e doivent\nfaire l'objet d'une proc\u00e9dure d'appel \u00e0 projet ; \ncependant, qu'en application de l'article R1435-40 du Code de la sant\u00e9\npublique et de l'article R. 121-12-19 du Code de l'action sociale et des\nfamilles, le Directeur g\u00e9n\u00e9ral de l'Agence r\u00e9gionale de sant\u00e9 peut d\u00e9roger,\nsur son territoire, \u00e0 des normes arr\u00eat\u00e9es par l'administration de l'Etat pour\nprendre des d\u00e9cisions non r\u00e9glementaires relevant de sa comp\u00e9tence,\nconcernant notamment les autorisations en mati\u00e8re de cr\u00e9ation et\nd'activit\u00e9s des \u00e9tablissements et services m\u00e9dico-sociaux mentionn\u00e9s \u00e0\nl'article L.313-3 du code de l'action sociale et des familles ; \nCONSID\u00c9RANT que le projet r\u00e9pond au besoin de d\u00e9veloppement de l'offre m\u00e9dico-sociale\nidentifi\u00e9 plus particuli\u00e8rement sur le d\u00e9partement des Hauts-de-Seine, qui\nne dispose pas de dispositif d'autor\u00e9gulation coll\u00e8ge sur le sud de son\nterritoire ;\nCONSIDERANT que ce projet r\u00e9pond \u00e0 un objectif d'int\u00e9r\u00eat g\u00e9n\u00e9ral \u00e9tant donn\u00e9 sa\ncompatibilit\u00e9 avec les objectifs d\u00e9partementaux et la r\u00e9ponse qu'il permet\nd'apporter aux besoins sociaux et m\u00e9dico-sociaux fix\u00e9s par le sch\u00e9ma\nr\u00e9gional de sant\u00e9 ;\nCONSID\u00c9RANT qu'il r\u00e9pond \u00e0 des circonstances locales en venant renforcer l'offre \u00e0\ndestination des \u00e9l\u00e8ves scolaris\u00e9s au coll\u00e8ge et pr\u00e9sentant des troubles du\nneurod\u00e9veloppement dans la partie sud du d\u00e9partement des Hauts-de-\nSeine ;\nCONSIDERANT qu'au vu des \u00e9l\u00e9ments pr\u00e9cit\u00e9s (d\u00e9veloppement rapide d'une offre nouvelle\npermettant l'accompagnement d'\u00e9l\u00e8ves pr\u00e9sentant des troubles du\nneurod\u00e9veloppement au sein d'un territoire peu dot\u00e9 en offre de dispositif\nd'autor\u00e9gulation au coll\u00e8ge), il est d\u00e9cid\u00e9 de d\u00e9roger aux dispositions de\nl'article D313-2 du Code de l'action sociale et des familles et d'autoriser\nl'extension capacitaire sollicit\u00e9e ; \nCONSID\u00c9RANT que le projet pr\u00e9sente  un co\u00fbt de fonctionnement  en ann\u00e9e pleine\ncompatible avec le PRIAC \u00cele-de-France et avec le montant de l'une des\n       3\ndotations mentionn\u00e9es \u00e0 l'article L. 314-3 du code de l'action sociale et des\nfamilles ;\nCONSID\u00c9RANT que l'Agence r\u00e9gionale de sant\u00e9 \u00cele-de-France dispose pour ce projet des\ncr\u00e9dits n\u00e9cessaires \u00e0 sa mise en \u0153uvre \u00e0 hauteur de 180 000 euros au titre\nde l'enveloppe Conf\u00e9rence Nationale du Handicap enfance ;\nARR\u00caTE \nARTICLE 1er : L'autorisation visant \u00e0 l'extension de capacit\u00e9 de 10 places du Service d'\u00e9ducation\nsp\u00e9ciale et de soins \u00e0 domicile (SESSAD) du Val d'Or pour la cr\u00e9ation d'un dispositif\nd'autor\u00e9gulation sur la commune de Ch\u00e2tillon (92320), est accord\u00e9e \u00e0 l'association\nLes Papillons Blancs de la Colline dont le si\u00e8ge social est situ\u00e9 au 155 Bureaux de la\nColline \u00e0 Saint-Cloud (92210).\nCe dispositif sera mis en \u0153uvre au sein du coll\u00e8ge Paul Eluard situ\u00e9 au 39 rue des\nPierrettes \u00e0 Ch\u00e2tillon (92320).\nEn application de l'article R. 121-12-19 du Code de l'action sociale et des familles, le\nseuil d'extension pr\u00e9vu par cet article est fix\u00e9 par d\u00e9rogation, dans le cadre de la\npr\u00e9sente autorisation, \u00e0 hauteur de 193% de la capacit\u00e9 du SESSAD.\nARTICLE 2e : La capacit\u00e9 du SESSAD du Val d'Or est d\u00e9sormais de 240 places destin\u00e9es \u00e0\nl'accompagnement d'enfants, adolescents et jeunes adultes \u00e2g\u00e9s de 0 \u00e0 20 ans\npr\u00e9sentant des troubles du spectre de l'autisme et du neurod\u00e9veloppement. Elles sont\nr\u00e9parties comme suit :\nSESSAD :\n\uf0b7 28 places au 5 rue Gaston Rollin \u00e0 Saint-Cloud ;\n\uf0b7 60 places au 3 promenade de la Bonnette \u00e0 Gennevilliers ;\n\uf0b7 50 places au 416 avenue de la Division Leclerc \u00e0 Ch\u00e2tenay-Malabry.\nUEMA (Unit\u00e9 d'Enseignement Maternelle Autisme) :\n\uf0b7 7 places au sein de l'\u00e9cole maternelle de l'institution Saint-Dominique 23 quartier\nboulevard d'Argenson \u00e0 Neuilly-sur-Seine ;\n\uf0b7 7 places au sein de l'\u00e9cole maternelle La Farandole 2 Villa de la Musique \u00e0\nCourbevoie ;\n\uf0b7 7 places au sein de l'\u00e9cole maternelle Sainte-Marthe 33 ter rue Gabriel Josserand\n\u00e0 Pantin ;\n\uf0b7 7 places au sein de l'\u00e9cole maternelle Aguado 6 rue Henri Aguado \u00e0 Gennevilliers ;\n\uf0b7 7 places au sein de l'\u00e9cole maternelle Guy M\u00f4quet 2 avenue Maurice Thorez \u00e0\nMalakoff ; \n\uf0b7 7 places au sein de l'\u00e9cole maternelle Niki de Saint-Phalle 30 rue de Verdun \u00e0\nBagneux.\nUEEA (Unit\u00e9 d'Enseignement El\u00e9mentaire Autisme) :\n\uf0b7 10 places au sein de l'\u00e9cole \u00e9l\u00e9mentaire Amand Sylvestre 186 rue Armand\nSylvestre \u00e0 Courbevoie ;\n\uf0b7 10 places au sein du groupe scolaire Langevin Wallon 8 rue Gatinot \u00e0 Ch\u00e2tillon.\nULIS (Unit\u00e9 Localis\u00e9e pour l'Inclusion Scolaire) :\n\uf0b7 10 places au sein du lyc\u00e9e Anatole France 130 boulevard de Valmy \u00e0 Colombes.\n       4\nDAR (Dispositif d'autor\u00e9gulation) :\n\uf0b7 DAR \u00e9l\u00e9mentaire Sud : 10 places au sein de l'\u00e9cole \u00e9l\u00e9mentaire La Roue B 50\navenue Gabriel P\u00e9ri \u00e0 Fontenay-aux-Roses ;\n\uf0b7 DAR coll\u00e8ge Nord : 10 places au sein du coll\u00e8ge Emile Zola 46 avenue Franklin\nRoosevelt \u00e0 Suresnes ;\n\uf0b7 DAR coll\u00e8ge Sud : 10 places au sein du coll\u00e8ge Paul Eluard 39 rue des Pierrettes\n\u00e0 Ch\u00e2tillon.\nLe SESSAD du Val d'Or porte \u00e9galement deux Equipes Mobiles d'Appui \u00e0 la\nScolarisation (EMASco).\nARTICLE 3e : Conform\u00e9ment aux termes du dernier alin\u00e9a du I de l'article D. 312-0-3 du code de\nl'action sociale et des familles, aucune sp\u00e9cialisation n'exclut la prise en charge de\npersonnes pr\u00e9sentant des troubles associ\u00e9s \u00e0 ceux qui font l'objet de la pr\u00e9sente\nautorisation. \nARTICLE 4e : Cette structure est r\u00e9pertori\u00e9e dans le Fichier National des Etablissements Sanitaires\net Sociaux (FINESS) de la fa\u00e7on suivante :\nSESSAD CENTRE\nEtablissement \nprincipal\nSESSAD NORD\nEtablissement \nsecondaire\nSESSAD SUD\nEtablissement \nsecondaire\nN\u00b0 FINESS 92 000 438 9 92 003 038 4 92 004 309 8\nCode cat\u00e9gorie [182] - Service d'\u00e9ducation sp\u00e9ciale et de soins \u00e0 \ndomicile (SESSAD)\nCode discipline [844] - Tous projets \u00e9ducatifs th\u00e9rapeutiques \net p\u00e9dagogiques\nCode fonctionnement [16] - Prestation en milieu ordinaire \nCode client\u00e8le \n[437] - Troubles du spectre de l'autisme 42 places 108 places 60 places\n[442] - Troubles du neurod\u00e9veloppement 20 places 10 places\nCode mode de fixation des tarifs : [57] - ARS /ARS PCD Dotation forfait ou prix de\njourn\u00e9e globalis\u00e9 dans le cadre d'un CPOM\nN\u00b0 FINESS du gestionnaire : 92 071 818 6\nCode statut : 61 (Association Loi 1901 Reconnue d'Utilit\u00e9 Publique)\nARTICLE 5e : Conform\u00e9ment aux dispositions de l'article D.313-12-1 du code de l'action sociale et\ndes familles, la pr\u00e9sente autorisation est valable sous r\u00e9serve de la transmission \u00e0\nl'autorit\u00e9 comp\u00e9tente avant la date d'entr\u00e9e en service de la nouvelle capacit\u00e9\nautoris\u00e9e, d'une d\u00e9claration sur l'honneur attestant de la conformit\u00e9 de\nl'\u00e9tablissement ou du service aux conditions techniques minimales d'organisation et\nde fonctionnement mentionn\u00e9es au II de l'article L.312-1 du m\u00eame code.\nARTICLE 6e : Elle est caduque en l'absence d'ouverture au public de l'\u00e9tablissement ou du service\ndans un d\u00e9lai de quatre ans suivant la notification de la d\u00e9cision d'autorisation\nconform\u00e9ment aux articles L. 313-1 et D. 313-7-2 du code de l'action sociale et des\nfamilles.\nARTICLE 7\u00b0 :\nARTICLE 8\u00b0 :\nARTICLE 9\u00b0 :\nTout changement important dans l'activit\u00e9, l'installation, l'organisation, la direction oule fonctionnement de l'\u00e9tablissement ou du service doit \u00eatre port\u00e9 \u00e0 la connaissancede l'autorit\u00e9 comp\u00e9tente.Un recours contre le pr\u00e9sent arr\u00eat\u00e9 peut \u00eatre form\u00e9 devant le tribunal administratifcomp\u00e9tent dans un d\u00e9lai de deux mois \u00e0 compter de sa notification ou, pour les tiers,\u00e0 compter de sa publication.Le Directeur de la d\u00e9l\u00e9gation d\u00e9partementale des Hauts-de-Seine de l'Agencer\u00e9gionale de sant\u00e9 \u00cele-de-France est charg\u00e9 de l'ex\u00e9cution du pr\u00e9sent arr\u00eat\u00e9 qui serapubli\u00e9 au recueil des actes administratifs de la R\u00e9gion Ile-de-France.\nFait \u00e0 Saint-Denis, le\nLe Directeur g\u00e9n\u00e9ralde l'Agence r\u00e9gionale de sant\u00e9lle-de-France\nAgence R\u00e9giongle d\u00e9 Sant\u00e9 Ik-de-FranceLE \u2014La Direchi\u00e9e de l'autonomieSt\u00e9phanie TALBOTSign\u00e9 \u00e9lectroniquement par St\u00e9phanieTALBOT - Directrice de l'AutonomieLe 18/03/2026 \u00e0 19:27\n\nREPUBLIQUEFRANCAISELibert\u00e9\u00c9galit\u00e9Fraternit\u00e9\n4\u00a9 > Agence R\u00e9gionale de Sant\u00e9Ile-de-France\n1\nAGENCE R\u00c9GIONALE DE SANT\u00c9  \u00ceLE-DE-FRANCE\nARRETE N\u00b0 2026-MS-041\nportant mise en conformit\u00e9 des arr\u00eat\u00e9s d'autorisation du CMPP Gaston Berger et du CMPP\nLes Pyr\u00e9n\u00e9es g\u00e9r\u00e9s par l'Association M\u00e9dico-Psycho-P\u00e9dagogique Viala \navec le d\u00e9cret n\u00b0 2017-982 du 9 mai 2017 relatif \u00e0 la nomenclature des \u00e9tablissements et \nservices sociaux et m\u00e9dico-sociaux\nLE DIRECTEUR G\u00c9N\u00c9RAL DE L'AGENCE R\u00c9GIONALE DE SANT\u00c9 \u00ceLE-DE-FRANCE\nVU le code de l'action sociale et des familles et notamment les articles L. 312-1, L. 313-1,\nL.314-3 et suivants ;\nVU        le d\u00e9cret du 10 avril 2024 portant nomination de Monsieur Denis ROBIN, Directeur g\u00e9n\u00e9ral\nde l'Agence r\u00e9gionale de sant\u00e9 \u00cele-de-France \u00e0 compter du 29 avril 2024 ;\nVU l'arr\u00eat\u00e9 n\u00b0 019-2025- du 15 juillet 2025 portant d\u00e9l\u00e9gation de signature du Directeur\ng\u00e9n\u00e9ral de de l'Agence r\u00e9gionale de sant\u00e9 \u00cele-de-France vers le Directeur de la d\u00e9l\u00e9gation\nd\u00e9partementale des Hauts-de-Seine ; \nVU le d\u00e9cret n\u00b0 2017-982 du 9 mai 2017 relatif \u00e0 la nomenclature des \u00e9tablissements et\nservices sociaux et m\u00e9dico-sociaux accompagnant des personnes handicap\u00e9es ou\nmalades chroniques ;\nVU le d\u00e9cret n\u00b0 2017-1620 du 28 novembre 2017 relatif \u00e0 la caducit\u00e9 de l'autorisation des\n\u00e9tablissements sociaux et m\u00e9dico-sociaux mentionn\u00e9s \u00e0 l'article L. 313-1 du code de\nl'action sociale et des familles ;\nVU le d\u00e9cret n\u00b0 2021-1476 du 12 novembre 2021 relatif au rythme des \u00e9valuations de la\nqualit\u00e9 des \u00e9tablissements et services sociaux et m\u00e9dico-sociaux ;\nVU l'arr\u00eat\u00e9 n\u00b0 DIRNOV-2023/08 de la Directrice g\u00e9n\u00e9rale de l'Agence r\u00e9gionale de sant\u00e9 \u00cele-\nde-France en date du 26 octobre 2023 portant adoption du cadre d'orientation strat\u00e9gique\n2018-2028 du projet r\u00e9gional de sant\u00e9 d'\u00cele-de-France ;\nVU l'arr\u00eat\u00e9 n\u00b0 DIRNOV-2023/09 de la Directrice g\u00e9n\u00e9rale de l'Agence r\u00e9gionale de sant\u00e9 \u00cele-\nde-France en date du 26 octobre 2023 portant adoption du sch\u00e9ma r\u00e9gional de sant\u00e9\n2023-2028 du projet r\u00e9gional de sant\u00e9 d'\u00cele-de-France, modifi\u00e9 par l'arr\u00eat\u00e9 n\u00b0DIRNOV-\n2023/09 en date du 12 janvier 2024 ;\nVU l'arr\u00eat\u00e9 n\u00b0 2023-346 de la Directrice g\u00e9n\u00e9rale de l'Agence r\u00e9gionale de sant\u00e9 \u00cele-de-\nFrance en date du 4 d\u00e9cembre 2023 \u00e9tablissant le programme interd\u00e9partemental\nd'accompagnement des handicaps et de la perte d'autonomie (PRIAC) 2023-2027 pour la\nr\u00e9gion \u00cele-de-France ;\n2\nVU la convention entre la Caisse r\u00e9gionale d'Assurance Maladie de Paris et Madame la\nPr\u00e9sidente de l'Association de Gestion du Centre M\u00e9dico-Psycho-P\u00e9dagogique Gaston\nBerger d'Asni\u00e8res-sur-Seine en date du 3 septembre 1973 fixant les conditions de\nfonctionnement et d'organisation du CMPP ;\nVU l'arr\u00eat\u00e9 n\u00b0 2015-114 du 14 avril 2015 portant cession d'autorisation du CMPP Gaston\nBerger au profit de l'Association M\u00e9dico-Psycho-P\u00e9dagogique Viala ;\nVU l'arr\u00eat\u00e9 n\u00b0 2016-468 du 14 d\u00e9cembre 2016 portant renouvellement de l'autorisation du\nCentre M\u00e9dico-Psycho-P\u00e9dagogique Gaston Berger, sis 26 rue des Champs \u00e0 Asni\u00e8res-\nsur-Seine (92) g\u00e9r\u00e9 par l'Association M\u00e9dico-Psycho-P\u00e9dagogique Viala ;\nVU l'arr\u00eat\u00e9 n\u00b0 91-137 du 16 janvier 1991 autorisant la reprise de gestion des centres m\u00e9dico-\npsycho-p\u00e9dagogiques de la Caisse d'Allocations familiales de la r\u00e9gion parisienne par\nl'Association M\u00e9dico-Psycho-P\u00e9dagogique Viala ;\nVU l'arr\u00eat\u00e9 n\u00b0 2001-2127 du 19 septembre 2001 autorisant l'\u00e9largissement de l'\u00e2ge\nd'agr\u00e9ment de la population suivie par le Centre M\u00e9dico-Psycho-P\u00e9dagogique Les\nPyr\u00e9n\u00e9es d'Antony ;\nVU le renouvellement tacite en date du 3 janvier 2017 de l'autorisation du Centre M\u00e9dico-\nPsycho-P\u00e9dagogique Les Pyr\u00e9n\u00e9es d'Antony g\u00e9r\u00e9 par l'Association M\u00e9dico-Psycho-\nP\u00e9dagogique Viala ;\nVU le contrat pluriannuel d'objectifs et de moyens portant sur les ann\u00e9es 2022 \u00e0 2026 sign\u00e9\nle 17 f\u00e9vrier 2022 ; \nVU la demande de l'Association M\u00e9dico-Psycho-P\u00e9dagogique Viala visant \u00e0 la mise en\nconformit\u00e9 des autorisations avec le d\u00e9cret n\u00b0 2017-982 du 9 mai 2017 ;\nCONSID\u00c9RANT que les autorisations des CMPP Gaston Berger et Les Pyr\u00e9n\u00e9es n\u00e9cessitent\nune mise en conformit\u00e9 avec le d\u00e9cret n\u00b0 2017-982 du 9 mai 2017 ;\nCONSID\u00c9RANT que cette mise en conformit\u00e9 n'a pas d'incidence sur la date d'\u00e9ch\u00e9ance des\nautorisations des CMPP ;\n      \nARR\u00caTE \nARTICLE 1er : Les autorisations des ESMS ci-apr\u00e8s d\u00e9tenues par l'Association M\u00e9dico-Psycho-\nP\u00e9dagogique Viala (75 083 027 5) sont mises en conformit\u00e9 avec les dispositions du\nd\u00e9cret n\u00b0 2017-982 du 9 mai 2017 relatif \u00e0 la nomenclature des \u00e9tablissements et\nservices sociaux et m\u00e9dico-sociaux accompagnant des personnes handicap\u00e9es ou\nmalades chroniques :\n- CMPP Gaston Berger (92 068 019 6)\n- CMPP Les Pyr\u00e9n\u00e9es (92 068 001 4)\n                  \nARTICLE 2e  : Ces structures sont d\u00e9sormais r\u00e9pertori\u00e9es dans le Fichier National des Etablissements\nSanitaires et Sociaux (FINESS) de la fa\u00e7on suivante :\n3\n1) CMPP Gaston Berger\nN\u00b0 FINESS de l'\u00e9tablissement : 92 068 019 6\nCode cat\u00e9gorie : [189] \u2013 Centre m\u00e9dico-psycho-p\u00e9dagogique\nCode discipline : [320] \u2013 Activit\u00e9 CMPP\nCode fonctionnement : [47] \u2013 Accueil de jour et accompagnement en milieu ordinaire\nCode client\u00e8le : [010] \u2013 Tous types de d\u00e9ficiences personnes handicap\u00e9es (SAI)\nCode mode de fixation des tarifs : [57] \u2013 ARS/dotation globalis\u00e9e CPOM\n2) CMPP Les Pyr\u00e9n\u00e9es\nN\u00b0 FINESS de l'\u00e9tablissement : 92 068 001 4\nCode cat\u00e9gorie : [189] \u2013 Centre m\u00e9dico-psycho-p\u00e9dagogique\nCode discipline : [320] \u2013 Activit\u00e9 CMPP\nCode fonctionnement : [47] \u2013 Accueil de jour et accompagnement en milieu ordinaire\nCode client\u00e8le : [010] \u2013 Tous types de d\u00e9ficiences personnes handicap\u00e9es (SAI)\nCode mode de fixation des tarifs : [57] \u2013 ARS/dotation globalis\u00e9e CPOM\nN\u00b0 FINESS du gestionnaire : 75 083 027 5\nCode statut : [60] - Association loi 1901 non reconnue d'utilit\u00e9 publique\nARTICLE 3e : Conform\u00e9ment aux termes du dernier alin\u00e9a du I de l'article D. 312-0-3 du code de\nl'action sociale et des familles, aucune sp\u00e9cialisation n'exclut la prise en charge de\npersonnes pr\u00e9sentant des troubles associ\u00e9s \u00e0 ceux qui font l'objet de la pr\u00e9sente\nautorisation\nARTICLE 4e : Tout changement important dans l'activit\u00e9, l'installation, l'organisation, la direction ou le\nfonctionnement de l'\u00e9tablissement ou du service doit \u00eatre port\u00e9 \u00e0 la connaissance de\nl'autorit\u00e9 comp\u00e9tente.\nARTICLE 5e : Un recours contre le pr\u00e9sent arr\u00eat\u00e9 peut \u00eatre form\u00e9 devant le tribunal administratif\ncomp\u00e9tent dans un d\u00e9lai de deux mois \u00e0 compter de sa notification ou, pour les tiers,\n\u00e0 compter de sa publication.  \nARTICLE 6e : Le Directeur de la d\u00e9l\u00e9gation d\u00e9partementale des Hauts-de-Seine de l'Agence\nr\u00e9gionale de sant\u00e9 \u00cele-de-France est charg\u00e9 de l'ex\u00e9cution du pr\u00e9sent arr\u00eat\u00e9 qui sera\npubli\u00e9 aux recueils des actes administratifs de la R\u00e9gion \u00cele-de-France et du\nD\u00e9partement des Hauts-de-Seine.\nFait \u00e0 Nanterre, le\nPour le Directeur g\u00e9n\u00e9ral\nde l'Agence r\u00e9gionale de sant\u00e9\n\u00cele-de-France et par d\u00e9l\u00e9gation\n \nREPUBLIQUE 7 4FRAN\u00c7AISE @ D Agence R\u00e9gionale de Sant\u00e9Libert\u00e9 \u00cele-de-France\u00c9galit\u00e9Fraternit\u00e9\nAGENCE R\u00c9GIONALE DE SANT\u00c9 \u00ceLE-DE-FRANCE\nARRETE N\u00b0 2026 \u2014 MS- 044portant approbation de cession d'autorisation du Centre M\u00e9dico-Psycho-P\u00e9dagogique(CMPP) Galli\u00e9ni sis 25 rue Gallieni \u00e0 Rueil- Malmaison (92500) g\u00e9r\u00e9 par l'association pour\nVU\nVU\nVU\nVU\nVU\nVU\nVU\nVU\nles Jeunes en Difficult\u00e9s (JEU-DI) au profit de La Fondation l'Elan Retrouv\u00e9\nLE DIRECTEUR G\u00c9N\u00c9RAL DE L'AGENCE REGIONALE DE SANT\u00c9 \u00ceLE-DE-FRANCE\nle code de l'action sociale et des familles et notamment les articles L. 312-1, L. 313-1, L.314-3 et suivants ;le d\u00e9cret du 10 avril 2024 portant nomination de Monsieur Denis ROBIN, Directeur g\u00e9n\u00e9ralde l'Agence r\u00e9gionale de sant\u00e9 \u00cele-de-France \u00e0 compter du 29 avril 2024 ;l'arr\u00eat\u00e9 n\u00b0 DIRNOV-2023/08 de la Directrice g\u00e9n\u00e9rale de l'Agence r\u00e9gionale de sant\u00e9 \u00cele-de-France en date du 26 octobre 2023 portant adoption du cadre d'orientation strat\u00e9gique2018-2028 du projet r\u00e9gional de sant\u00e9 d'Ile-de-France ;l'arr\u00eat\u00e9 n\u00b0 DIRNOV-2023/09 de la Directrice g\u00e9n\u00e9rale de l'Agence r\u00e9gionale de sant\u00e9 \u00cele-de-France en date du 26 octobre 2023 portant adoption du sch\u00e9ma r\u00e9gional de sant\u00e92023-2028 du projet r\u00e9gional de sant\u00e9 d'\u00cele-de-France, modifi\u00e9 par l'arr\u00eat\u00e9 n\u00b0DIRNOV-2023/09 en date du 12 janvier 2024 ;l'arr\u00eat\u00e9 n\u00b0 2023-346 de la Directrice g\u00e9n\u00e9rale de l'Agence r\u00e9gionale de sant\u00e9 \u00cele-de-Franceen date du 4 d\u00e9cembre 2023 \u00e9tablissant le programme interd\u00e9partementald'accompagnement des handicaps et de la perte d'autonomie (PRIAC) 2023-2027 pour lar\u00e9gion \u00cele-de-France ;la d\u00e9cision n\u00b0942 de la Commission R\u00e9gionale d'Agr\u00e9ment du 11 mars 1968 accordantau Centre M\u00e9dico-P\u00e9dagogique de Cure Ambulatoire sis, 79 rue Galli\u00e9ni \u00e0 Rueil \u2014Malmaison (Hauts-de-Seine), l'agr\u00e9ment au titre de l'annexe XXXII du d\u00e9cret du 09 mars1956 modifi\u00e9, destin\u00e9 a des enfants de 3 a 18 ans a compter du 15 janvier 1968 ;l'arr\u00eat\u00e9 du pr\u00e9fet des Hauts-de-Seine du 04 janvier 1971, autorisant le Centre M\u00e9dico-P\u00e9dagogique de Cure Ambulatoire sis 79 rue Galli\u00e9ni a Rueil Malmaison a recevoir acompter du 25 septembre 1970, 40 mineurs des deux sexes de 3 a 18 ans inadapt\u00e9smentaux dont l'inadaptation est li\u00e9e \u00e0 des troubles n\u00e9vropsychiques ou a des troubles ducomportement ;l'arr\u00eat\u00e9 n\u00b0 2000-068 du 24 janvier 2000 portant autorisation de transfert, au profit del'association pour les Jeunes en Difficult\u00e9s de Rueil-Malmaison, JEUDI dont le si\u00e9ge estsitu\u00e9 au 15 rue Cramail \u00e0 Rueil-Malmaison (92500), l'autorisation acquise par l'associationpour l'\u00e9ducation et l'adaptation sociale des jeunes handicap\u00e9s (A.P.E.A.S.J.H), pour cr\u00e9erun centre m\u00e9dico-Psycho-P\u00e9dagogique (n\u00b0 FINESS 920680063) situ\u00e9 au 25 Rue Galli\u00e9nia Rueil Malmaison (92500) ;\n\nVU\nVU\nVU\nVU\nl'autorisation ou le renouvellement d'autorisation en date du 03/01/2017 de la structureCMPP d\u00e9nomm\u00e9e CMPP Gallieni (920680063) sise 25, Rue Gallieni, Rueil Malmaison(92500) et g\u00e9r\u00e9e par l'entit\u00e9 d\u00e9nomm\u00e9e Association JEU-DI (920718244) ;l'extrait du compte-rendu de l'Assembl\u00e9e g\u00e9n\u00e9rale extraordinaire de l'association JEU-DIen date du 9 d\u00e9cembre 2025, approuvant \u00e0 l'unanimit\u00e9 de ses membres le projet de fusionavec La Fondation l'Elan Retrouv\u00e9 et actant la fusion ;l'extrait des d\u00e9lib\u00e9rations du Conseil d'Administration de La Fondation l'Elan Retrouv\u00e9 endate du 16 d\u00e9cembre 2025, approuvant \u00e0 l'unanimit\u00e9 de ses membres le projet de fusionavec l'association JEU-DI et actant la fusion ;la demande en date du 17 d\u00e9cembre 2025, pr\u00e9sent\u00e9e par la Fondation l'Elan Retrouv\u00e9relative \u00e0 la cession d'autorisation du CMPP, sis 25 Rue Gallieni \u00e0 Rueil Malmaison(92500), \u00e0 son profit ;\nCONSID\u00c9RANT que la Fondation l'Elan Retrouv\u00e9 souhaite poursuivre la gestion de l'activit\u00e9de l'\u00e9tablissement et pr\u00e9sente les garanties morales, techniques etfinanci\u00e8res permettant de garantir la continuit\u00e9 de la prise en charge despersonnes accueillies dans le respect des autorisations pr\u00e9existantes ;CONSID\u00c9RANT que la cession d'autorisation est effective \u00e0 compter du 1\u00b0 janvier 2026 ;CONSID\u00c9RANT que la cession est compatible et r\u00e9pond aux besoins sociaux et m\u00e9dico-sociaux fix\u00e9s par le sch\u00e9ma r\u00e9gional de sant\u00e9 ;CONSID\u00c9RANT qu'elle satisfait aux r\u00e8gles d'organisation et de fonctionnement pr\u00e9vues parle code de l'action sociale et des familles ;CONSID\u00c9RANT qu'elle pr\u00e9sente un co\u00fbt de fonctionnement en ann\u00e9e pleine compatibleavec le PRIAC \u00cele-de-France et avec le montant de l'une des dotationsmentionn\u00e9es \u00e0 l'article L. 314-3 du code de l'action sociale et des familles :CONSID\u00c9RANT que l'op\u00e9ration peut s'effectuer \u00e0 moyens constants et n'entra\u00eene doncaucun surco\u00fbt ;\nARR\u00caTE\nARTICLE 1\u00b0: La cession d'autorisation du Centre M\u00e9dico-Psycho-P\u00e9dagogique (CMPP) Galli\u00e9nisis 25 rue Gallieni \u00e0 Rueil Malmaison (92500) d\u00e9tenue par l'association JEU-DI(920718244) au profit de La Fondation l'Elan Retrouv\u00e9 est accord\u00e9e \u00e0 compter du 1\u00b0janvier 2026.ARTICLE 2\u00b0: Le CMPP accompagne des enfants, adolescents et jeunes adultes, \u00e2g\u00e9s de 0 \u00e0 20ans, pr\u00e9sentant des troubles psycho-affectifs et du comportement avec des difficult\u00e9sassoci\u00e9s d'ordres divers.ARTICLE 3\u00b0: Conform\u00e9ment aux termes du dernier alin\u00e9a du | de l'article D. 312-0-3 du code del'action sociale et des familles, aucune sp\u00e9cialisation n'exclut la prise en charge de\n\npersonnes pr\u00e9sentant des troubles associ\u00e9s a ceux qui font l'objet de la pr\u00e9senteautorisation.ARTICLE 4\u00b0: Cette structure est r\u00e9pertori\u00e9e dans le Fichier National des Etablissements Sanitaireset Sociaux (FINESS) de la fagon suivante :N\u00b0 FINESS de l'\u00e9tablissement : 92 068 006 3Code cat\u00e9gorie : [189] Centre M\u00e9dico-Psycho-P\u00e9dagogique (C.M.P.P.)Code discipline : [320] Activit\u00e9 C.M.P.P.Code fonctionnement: [47] Accueil de jour et accompagnement en milieuordinaireCode clientele : [010] Tous types de d\u00e9ficiences Personneshandicap\u00e9es (SAI)Code mode de fixation des tarifs : [57] ARS / ARS PCD Dotation forfait ou prixde journ\u00e9e globalis\u00e9N\u00b0 FINESS du gestionnaire : 75 072 139 1Code statut : [63] FondationARTICLE 5\u00b0: En application de l'article L.313-5 du code de l'action sociale et des familles, la dur\u00e9ede l'autorisation initiale n'est pas prorog\u00e9e.ARTICLE 6\u00b0: Tout changement important dans l'activit\u00e9, l'installation, l'organisation, la direction oule fonctionnement de l'\u00e9tablissement ou du service doit \u00eatre port\u00e9 \u00e0 la connaissancede l'autorit\u00e9 comp\u00e9tente.ARTICLE 7\u00b0: Un recours contre le pr\u00e9sent arr\u00eat\u00e9 peut \u00eatre form\u00e9 devant le tribunal administratifcomp\u00e9tent dans un d\u00e9lai de deux mois \u00e0 compter de sa notification ou, pour les tiers,\u00e0 compter de sa publication.ARTICLE 8\u00b0: Le directeur de la D\u00e9l\u00e9gation d\u00e9partementale des Hauts-de-Seine de l'Agencer\u00e9gionale de sant\u00e9 \u00cele-de-France est charg\u00e9 de l'ex\u00e9cution du pr\u00e9sent arr\u00eat\u00e9 qui serapubli\u00e9 au recueil des actes administratifs de la R\u00e9gion \u00cele-de-France.\nFaita SankDenis, \u00a9 97 FEV, 2026\nLe Directeur g\u00e9n\u00e9ralde l'Agence r\u00e9gionale de sant\u00e9Ile-de-France,\nsig\"Denis ROBIN\n\nREPUBLIQUE a fFRAN \u00c7AISE @ D Agence R\u00e9gionalede Sant\u00e9Libert\u00e9Egalit\u00e9Fraternit\u00e9 \u00cele-de-France\nAGENCE R\u00c9GIONALE DE SANT\u00c9 \u00ceLE-DE-FRANCE\nARRETE N\u00b02026 \u2014 MS-056portant autorisation de fusion des \u00c9tablissements et Services d'Accompagnement par leTravail (ESAT) Suzanne Lawson, Georges Dagneaux et Hors-les-Murs Trajectoires Emploi,situ\u00e9s \u00e0 la m\u00eame adresse au 45-47 rue d'Arthelon \u00e0 Meudon (92190),\ng\u00e9r\u00e9s par l'association Union Nationale des Associations de Parents d'Enfants Inadapt\u00e9s\nVU\nVU\nVU\nVU\nVU\nVU\nVU\nVU\n(UNAPEI) Hauts-de-Seine\nLE DIRECTEUR GENERAL DE L'AGENCE R\u00c9GIONALE DE SANT\u00c9 \u00ceLE-DE-FRANCE\nle code de l'action sociale et des familles et notamment les articles L. 312-1, L. 313-1, L.314-3 et suivants ;le d\u00e9cret du 10 avril 2024 portant nomination de Monsieur Denis ROBIN, Directeur g\u00e9n\u00e9ralde l'Agence r\u00e9gionale de sant\u00e9 \u00cele-de-France \u00e0 compter du 29 avril 2024 ;l'arr\u00eat\u00e9 n\u00b0119-2024 portant d\u00e9l\u00e9gation de signature du Directeur G\u00e9n\u00e9ral de l'Agencer\u00e9gionale de sant\u00e9 \u00cele-de-France au Directeur de la d\u00e9l\u00e9gation d\u00e9partementale des Hauts-de-Seine en date du 4 novembre 2024 ;l'arr\u00eat\u00e9 n\u00b0 DIRNOV-2023/08 de la Directrice g\u00e9n\u00e9rale de l'Agence r\u00e9gionale de sant\u00e9 \u00cele-de-France en date du 26 octobre 2023 portant adoption du cadre d'orientation strat\u00e9gique2018-2028 du projet r\u00e9gional de sant\u00e9 d'Ile-de-France ;l'arr\u00eat\u00e9 n\u00b0 DIRNOV-2023/09 de la Directrice g\u00e9n\u00e9rale de l'Agence r\u00e9gionale de sant\u00e9 \u00cele-de-France en date du 26 octobre 2023 portant adoption du sch\u00e9ma r\u00e9gional de sant\u00e92023-2028 du projet r\u00e9gional de sant\u00e9 d'\u00cele-de-France, modifi\u00e9 par l'arr\u00eat\u00e9 n\u00b0DIRNOV-2023/09 en date du 12 janvier 2024 ;l'arr\u00eat\u00e9 n\u00b0 2023-346 de la Directrice g\u00e9n\u00e9rale de l'Agence r\u00e9gionale de sant\u00e9 \u00cele-de-Franceen date du 4 d\u00e9cembre 2023 \u00e9tablissant le programme interd\u00e9partementald'accompagnement des handicaps et de la perte d'autonomie (PRIAC) 2023-2027 pour lar\u00e9gion \u00cele-de-France :l'arr\u00eat\u00e9 du Pr\u00e9fet des Hauts-de-Seine en date du 24 f\u00e9vrier 1977 autorisant, le Centred'Aide par le Travail \u00ab Perce-neige \u00bb situ\u00e9 au 57-59 rue du Chemin Vert a Boulogne-Billancourt (92100) et g\u00e9r\u00e9 par l'association des Parents d'Enfants Inadapt\u00e9s \u00ab LesPapillons Blancs \u00bb de Paris, \u00e0 recevoir \u00e0 titre exp\u00e9rimental en semi-internat 45 handicap\u00e9smentaux des deux sexes \u00e0 partir de 18 ans pour la p\u00e9riode allant du 1\u00b0 f\u00e9vrier 1977 au1\u00b0 f\u00e9vrier 1978 ;l'arr\u00eat\u00e9 du Pr\u00e9fet des Hauts-de-Seine en date du 29 d\u00e9cembre 1978 portant autorisation\u00e0 titre d\u00e9finitif du Centre d'Aide par le Travail \u00ab Perce-neige \u00bb situ\u00e9 au 57/59 rue duChemin Vert \u00e0 Boulogne-Billancourt (92100), \u00e0 recevoir \u00e0 titre d\u00e9finitif en semi-internat 40handicap\u00e9s mentaux des deux sexes \u00e0 partir de 18 ans \u00e0 compter du 1\u00b0 f\u00e9vrier 1978,\n\nVU\nVU\nVU\nVU\nVU\nVU\nVU\nVU\nVU\nVU\ng\u00e9r\u00e9 par l'association des Parents d'Enfants Inadapt\u00e9s sise 28 place Saint-Georges aParis ;l'arr\u00eat\u00e9 n\u00b0 83-860 du 20 avril 1983 du Commissaire de la R\u00e9publique de la R\u00e9gion d'lle-de-France, autorisant la demande pr\u00e9sent\u00e9e par l'association de Gestion de l'Atelierd'Inadapt\u00e9s Mentaux du Chemin Vert sis 57/59 rue du Chemin Vert \u00e0 Boulogne-Billancourt, \u00e0 \u00e9tendre la capacit\u00e9 de son CAT \u00ab Perce-neige \u00bb de 40 a 60 places et \u00e0 lanouvelle localisation du CAT sur deux sites dont un site situ\u00e9 au 57/59 rue du Chemin vert(30 personnes) et un second site situ\u00e9 au 67 rue Bellevue (30 personnes) \u00e0 Boulogne-Billancourt (92100) ;l'arr\u00eat\u00e9 n\u00b0 96-2511 du 28 novembre 1996 du Pr\u00e9fet d'Ile-de-France tendant \u00e0 l'extensionde la capacit\u00e9 du CAT \u00ab Suzanne Lawson \u00bb (ex Perce-neige) de 81 \u00e0 83 places, situ\u00e9 au57/59 rue du Chemin Vert et au 67 rue Bellevue \u00e0 Boulogne-Billancourt (92100), g\u00e9r\u00e9 parl'Association \u00ab Jean-Claude RICHARD \u00bb sise 57/59, rue du Chemin vert Boulogne-Billancourt (92100) ;l'arr\u00eat\u00e9 n\u00b0 99-1612 du 18 Ao\u00fbt 1999 du Pr\u00e9fet d'Ile-de-France tendant \u00e0 l'extension de lacapacit\u00e9 du CAT \u00ab Suzanne Lawson \u00bb de 83 \u00e0 90 places et \u00e0 sa d\u00e9localisation au 45/47,rue d'Arthelon, 92190 MEUDON, g\u00e9r\u00e9 par l'Association \u00ab Jean-Claude RICHARD \u00bb sise57-59, rue du Chemin vert Boulogne-Billancourt (92100) ;l'arr\u00eat\u00e9 n\u00b0 2006\u2014238 du 10 novembre 2006 du Pr\u00e9fet d'Ile-de-France, tendant \u00e0 l'extensionde 90 \u00e0 95 places de l'Etablissement et Service d'Aide par le Travail (ESAT) \u00ab SuzanneLawson \u00bb, sis au 45/47 rue d'Arthelon 92190 MEUDON ;l'arr\u00eat\u00e9 n\u00b0 2020-48 ARS DD92-447 du 19 mars 2020 portant approbation de cessiond'autorisation de l'Etablissement et Service d'Aide par le Travail (ESAT) \u00ab SuzanneLawson \u00bb sis au 45/47, rue d'Arthelon, 92190 MEUDON au profit de l'association UNAPEIHauts-de-Seine ;l'arr\u00eat\u00e9 du Pr\u00e9fet des Hauts-de-Seine en date du 31 mars 1970 autorisant provisoirementau titre de l'aide sociale pour une p\u00e9riode d'un an, le Centre d'Aide par le Travail d'unecapacit\u00e9 de 35 places sis 56 rue Gabriel P\u00e9ri \u00e0 Issy-Les-Moulineaux et g\u00e9r\u00e9 parl'Association pour la Promotion et l'Aide par le Travail (A.P.A.T.) ;l'arr\u00eat\u00e9 du Pr\u00e9fet des Hauts-de-Seine en date du 18 mai 1976 autorisant, le Centre d'Aidepar le Travail situ\u00e9 au 30 rue Beno\u00eet Malon \u00e0 Issy-Les-Moulineaux et g\u00e9r\u00e9 par l'Associationpour la Promotion et l'Aide par le Travail (APAT), \u00e0 recevoir \u00e0 titre exp\u00e9rimental en semi-internat 35 handicap\u00e9s mentaux des deux sexes \u00e0 partir de 18 ans pour la p\u00e9riode allantdu 1\u00b0\" janvier 1976 au 1\u00b0 janvier 1977 ;l'arr\u00eat\u00e9 n\u00b0 96-087 en date du 06 f\u00e9vrier 1978, autorisant le fonctionnement \u00e0 titre d\u00e9finitifdu CAT d'une capacit\u00e9 de 35 places situ\u00e9 au 30 rue Beno\u00eet Malon \u2014 92130 Issy lesMoulineaux \u2014 g\u00e9r\u00e9 par l'Association pour la Promotion et l'Aide par le Travail (A.P.A.T.) ;l'arr\u00eat\u00e9 n\u00b0 96-087 du 29 mars 1996 de Monsieur le Pr\u00e9fet de la R\u00e9gion d'Ile-de-France,autorisant l'Association \"Les Papillons Blancs de Clamart\" sise, rue Pierre Brossolette \u00e0CLAMART, de cr\u00e9er un Centre d'aide par le travail sis, 30 rue Beno\u00eet Malon \u00e0 Issy lesMoulineaux (92130) de 36 places destin\u00e9es \u00e0 l'accueil d'hommes et de femmes \u00e2g\u00e9s deplus de 20 ans, handicap\u00e9s mentaux ;l'arr\u00eat\u00e9 n\u00b0 2001-1028 du 6 juin 2001 de Monsieur le Pr\u00e9fet de la R\u00e9gion d'Ile-de-Franceautorisant l'Association \u00e0 \u00e9tendre la capacit\u00e9 du Centre d'Aide par le Travail de 36 \u00e0 41places ;\n\nVU l'arr\u00eat\u00e9 n\u00b0 2008-080 du 31 mars 2008 tendant \u00e0 r\u00e9organiser et \u00e0 modifier l'agr\u00e9ment des41 places de l'ESAT, accueillant des adultes en semi-internat, des deux sexes, \u00e2g\u00e9s d'aumoins 20 ans, atteints de troubles psychiques associ\u00e9s et suffisamment autonomes afinde r\u00e9aliser des prestations en entreprises et orient\u00e9s par la Commission des Droits et del'Autonomie des Personnes Handicap\u00e9es (CDPAH) ;VU l'arr\u00eat\u00e9 n\u00b0 2010-140 du 26 ao\u00fbt 2010 portant transfert d'autorisation de l'ESAT \u00ab GeorgesDAGNEAUX \u00bb \u00e0 l'association \u00ab Les Papillons Blancs des Rives de Seine \u00bb de BoulogneBillancourt ;VU l'arr\u00eat\u00e9 n\u00b0 2020-52 du 19 mars 2020 portant approbation de cession d'autorisation del'Etablissement et Service d'Aide par le Travail (ESAT) \u00ab Georges Dagneaux \u00bb sis 30 rueBeno\u00eet Malon \u00e0 Issy-Les-Moulineaux (92130) au profit de l'association UNAPEI Hauts-de-Seine ;VU l'arr\u00eat\u00e9 pr\u00e9fectoral n\u00b02010-064 du 22 janvier 2010 portant cr\u00e9ation de l'ESAT Hors lesmurs AlH ;VU l'arr\u00eat\u00e9 n\u00b0 2010-224 du 14 d\u00e9cembre 2010 portant annulation de l'arr\u00eat\u00e9 n\u00b0 2010-064 du22 janvier 2010 et portant autorisation de la cr\u00e9ation de l'ESAT \u00ab Hors les murs \u00bb de 40places g\u00e9r\u00e9 par l'association ADAPEI ;VU l'arr\u00eat\u00e9 n\u00b0 2011-66 du 6 avril 2011 portant modification de l'arr\u00eat\u00e9 n\u00b0 2010-224 du 14d\u00e9cembre 2010 ;VU l'arr\u00eat\u00e9 n\u00b0 2019-65 du 11 mars 2019 portant modification de la d\u00e9nomination de l'ADAPEI92 en UNAPEI 92 ;VU l'arr\u00eat\u00e9 n\u00b0 2020-82 du 19 mai 2020 portant actualisation de l'autorisation des ESMS g\u00e9r\u00e9spar l'UNAPEI 92 dans le cadre de nouvelles d\u00e9nominations et implantations de structures ;VU le contrat pluriannuel d'objectifs et de moyens de l'association UNAPEI Hauts-de-Seine92 portant sur les ann\u00e9es 2024 \u00e0 2028 sign\u00e9 le 27 d\u00e9cembre 2023 ;VU la demande de l'association UNAPEI Hauts-de-Seine en date du 17 d\u00e9cembre 2025 visant\u00e0 fusionner en une seule entit\u00e9 les ESAT Georges Dagneaux, Suzanne Lawson et Hors-les-MursTrajectoires Emploi, tous situ\u00e9s \u00e0 la m\u00eame adresse au 45-47 rue d'Arthelon aMeudon (92190), sous la d\u00e9nomination l'ESAT Solipolis Meudon.\nCONSID\u00c9RANT que cette fusion doit permettre aux trois ESAT de mutualiser espaces,comp\u00e9tences et budgets dans une logique de simplification etd'optimisation de l'accompagnement des personnes en situation dehandicap ;CONSID\u00c9RANT que les num\u00e9ros FINESS et SIRET de la nouvelle entit\u00e9 seront ceux del'ESAT Suzanne Lawson dont le nombre de places est plus important ;CONSID\u00c9RANT que ce projet est compatible avec les objectifs et r\u00e9pond aux besoinssociaux et m\u00e9dico-sociaux fix\u00e9s par le sch\u00e9ma r\u00e9gional de sant\u00e9 ;CONSID\u00c9RANT qu'il satisfait aux r\u00e8gles d'organisation et de fonctionnement pr\u00e9vues par lecode de l'action sociale et des familles ;\n\nCONSIDERANT qu'il pr\u00e9sente un co\u00fbt de fonctionnement en ann\u00e9e pleine compatible avecle PRIAC \u00cele-de-France et avec le montant de l'une des dotationsmentionn\u00e9es \u00e0 l'article L. 314-3 du code de l'action sociale et des familles ;CONSID\u00c9RANT que l'op\u00e9ration peut s'effectuer \u00e0 moyens constants et n'entraine doncaucun surco\u00fbt.\nARR\u00caTE\nARTICLE 1\u00b0: L'autorisation visant \u00e0 fusionner en une seule entit\u00e9 les ESAT Georges Dagneaux,Suzanne Lawson et Hors-les-Murs Trajectoires Emploi, situ\u00e9s au 45-47 rued'Arthelon \u00e0 Meudon (92190), est accord\u00e9e \u00e0 l'association UNAPEI Hauts-de-Seinedont le si\u00e8ge social est situ\u00e9 au 119-121 Grande Rue - 92310 S\u00e8vres.ARTICLE 2e: L'\u00e9tablissement, dor\u00e9navant d\u00e9nomm\u00e9 \u00ab ESAT Solipolis Meudon \u00bb, est d'unecapacit\u00e9 totale de 176 places destin\u00e9es \u00e0 prendre en charge des travailleurshandicap\u00e9s \u00e2g\u00e9s d'au moins 20 ans, r\u00e9parties comme suit :- 135 places des personnes handicap\u00e9es \u00e2g\u00e9es d'au moins 20 ans pr\u00e9sentantdes d\u00e9ficiences intellectuelles.- 41 places des personnes handicap\u00e9es \u00e2g\u00e9es d'au moins 20 ans souffrant dehandicap psychique.Dans la limite de cette capacit\u00e9, l'\u00e9tablissement est en mesure d'assurer auxpersonnes qu'il accueille en fonction de leurs besoins, et dans la limite des placesdisponibles, les modalit\u00e9s d'accueil et d'accompagnement suivantes: \u00e0 titrepermanent, temporaire ou selon un mode s\u00e9quentiel, \u00e0 temps complet ou partiel,sans h\u00e9bergement.ARTICLE 3e : Conform\u00e9ment aux termes du dernier alin\u00e9a du | de l'article D. 312-0-3 du code del'action sociale et des familles, aucune sp\u00e9cialisation n'exclut la prise en charge depersonnes pr\u00e9sentant des troubles associ\u00e9s \u00e0 ceux qui font l'objet de la pr\u00e9senteautorisation.ARTICLE 4e: Cette structure est r\u00e9pertori\u00e9e dans le Fichier National des EtablissementsSanitaires et Sociaux (FINESS) de la fa\u00e7on suivante :N\u00b0 FINESS de l'\u00e9tablissement : 92 071 795 6 - N\u00b0 SIRET : 775 730 328 00462Code cat\u00e9gorie : [246] Etablissement et Service d'Aide par le Travail (E.S.A.T.)Code discipline : [908] Aide par le travail pour Adultes Handicap\u00e9s\nCode fonctionnement : [21] Accueil de jour 176 placesCodes client\u00e8les : [117] D\u00e9ficience intellectuelle 135 places\n[206] Handicap psychique 41 places\nCode mode de fixation des tarifs : [57] ARS / ARS PCD dotation globalis\u00e9eN\u00b0 FINESS du gestionnaire : 92 080 097 6Code statut : [61] Association Loi 1901 Reconnue d'utilit\u00e9 publique\n\nARTICLE 5e :\nARTICLE 6e :\nARTICLE 7e :\nARTICLE 8e :\nARTICLE 9e :\nLa pr\u00e9sente autorisation est valable sous r\u00e9serve du r\u00e9sultat positif de la visite deconformit\u00e9 pr\u00e9vue par l'article L. 313-6 du code de l'action sociale et des familles.Elle est caduque en l'absence d'ouverture au public de l'\u00e9tablissement ou du servicedans un d\u00e9lai de quatre ans suivant la notification de la d\u00e9cision d'autorisationconform\u00e9ment aux articles L. 313-1 et D. 313-7-2 du code de l'action sociale et desfamilles.Tout changement important dans l'activit\u00e9, l'installation, l'organisation, la directionou le fonctionnement de l'\u00e9tablissement ou du service doit \u00eatre port\u00e9 \u00e0 laconnaissance de l'autorit\u00e9 comp\u00e9tente.Un recours contre le pr\u00e9sent arr\u00eat\u00e9 peut \u00eatre form\u00e9 devant le tribunal administratifcomp\u00e9tent dans un d\u00e9lai de deux mois \u00e0 compter de sa notification ou, pour lestiers, \u00e0 compter de sa publication.Le Directeur de la d\u00e9l\u00e9gation d\u00e9partementale des Hauts-de-Seine de l'Agencer\u00e9gionale de sant\u00e9 \u00cele-de-France est charg\u00e9 de l'ex\u00e9cution du pr\u00e9sent arr\u00eat\u00e9 quisera publi\u00e9 au recueil des actes administratifs de la R\u00e9gion \u00cele-de-France et aubulletin officiel du D\u00e9partement des Hauts-de-Seine.\nFait \u00e0 Nanterre, le 2 3 FEY, 2026Pour le Directeur g\u00e9n\u00e9ralde l'Agence r\u00e9gionale sant\u00e9\u00cele-de-France et par d\u00e9l\u00e9gation,Le Directeur de la D\u00e9l\u00e9gationd\u00e9partementale des Hauts-de-Seine\n\u00a2 / Renaud PELLE\nAgence R\u00e9gionale de Sant\u00e9 Ile-de-FranceLa directrice adjointe de laD\u00e9l\u00e9gation d\u00e9partementale des Hauts de Seine\nV\u00e9ronique DUGAY\n\nREPUBLIQUE a fFRAN CAI SE @ D Agence R\u00e9gionale de Sant\u00e9Libert\u00e9Egalit\u00e9Fraternit\u00e9 \u00cele-de-France\nAGENCE R\u00c9GIONALE DE SANT\u00c9 \u00ceLE-DE-FRANCEARRETE N\u00b02026 \u2014 MS - 066portant autorisation de fusion des Services d'Education Sp\u00e9ciale et de Soins \u00e0 Domicile(SESSAD) \u00ab Pro Trajectoires Formation \u00bb et \u00ab Trajectoires Jeunesse \u00bb, situ\u00e9s \u00e0 la m\u00eameadresse au 3-5 Rue Curie \u00e0 Suresnes (92150),\ng\u00e9r\u00e9s par l'association Union Nationale des Associations de Parents d'Enfants Inadapt\u00e9s\nVU\nVU\nVU\nVU\nVU\nVU\nVU\nVU\n(UNAPEI) Hauts-de-Seine\nLE DIRECTEUR GENERAL DE L'AGENCE R\u00c9GIONALE DE SANT\u00c9 \u00ceLE-DE-FRANCE\nle code de l'action sociale et des familles et notamment les articles L. 312-1, L. 313-1, L.314-3 et suivants ;le d\u00e9cret du 10 avril 2024 portant nomination de Monsieur Denis ROBIN, Directeur g\u00e9n\u00e9ralde l'Agence r\u00e9gionale de sant\u00e9 \u00cele-de-France \u00e0 compter du 29 avril 2024 ;l'arr\u00eat\u00e9 n\u00b0119-2024 portant d\u00e9l\u00e9gation de signature du Directeur G\u00e9n\u00e9ral de l'Agencer\u00e9gionale de sant\u00e9 Ile-de-France au Directeur de la d\u00e9l\u00e9gation d\u00e9partementale des Hauts-de-Seine en date du 4 novembre 2024 :l'arr\u00eat\u00e9 n\u00b0 DIRNOV-2023/08 de la Directrice g\u00e9n\u00e9rale de l'Agence r\u00e9gionale de sant\u00e9 \u00cele-de-France en date du 26 octobre 2023 portant adoption du cadre d'orientation strat\u00e9gique2018-2028 du projet r\u00e9gional de sant\u00e9 d'Ile-de-France ;l'arr\u00eat\u00e9 n\u00b0 DIRNOV-2023/09 de la Directrice g\u00e9n\u00e9rale de l'Agence r\u00e9gionale de sant\u00e9 \u00cele-de-France en date du 26 octobre 2023 portant adoption du sch\u00e9ma r\u00e9gional de sant\u00e92023-2028 du projet r\u00e9gional de sant\u00e9 d'\u00cele-de-France, modifi\u00e9 par l'arr\u00eat\u00e9 n\u00b0DIRNOV-2023/09 en date du 12 janvier 2024 ;l'arr\u00eat\u00e9 n\u00b0 2023-346 de la Directrice g\u00e9n\u00e9rale de l'Agence r\u00e9gionale de sant\u00e9 \u00cele-de-Franceen date du 4 d\u00e9cembre 2023 \u00e9tablissant le programme interd\u00e9partementald'accompagnement des handicaps et de la perte d'autonomie (PRIAC) 2023-2027 pour lar\u00e9gion \u00cele-de-France ;l'arr\u00eat\u00e9 n\u00b02010-72 du 23 juillet 2010 visant la demande de l'Association D\u00e9partementaledes Amis et Parents de Personnes Handicap\u00e9es Mentales (A.D.A.P.E.I. 92) situ\u00e9e aS\u00e8vres et portant autorisation de cr\u00e9ation d'un service d'accompagnement \u00e0 la formation,\u00e0 l'emploi et \u00e0 l'insertion sociale et professionnelle de type SESSAD de 30 places, situ\u00e9 \u00e0S\u00e8vres et destin\u00e9 \u00e0 la prise en charge d'adolescents \u00e2g\u00e9s de 14 \u00e0 20 ans en situation dehandicap mental ;l'arr\u00eat\u00e9 n\u00b02011-135 du 13 septembre 2011 modifiant les dispositions de l'arr\u00eat\u00e9 n\u00b0 2010-72 du 23 juillet 2010 relatif au SESSAD professionnel g\u00e9r\u00e9 par l'AssociationD\u00e9partementale des Amis et Parents de Personnes Handicap\u00e9es Mentales (A.D.A.P.E.I.92) autorisant la modification de d\u00e9nomination et de localisation du SESSAD\n\nVU\nVU\nVU\nVU\nVU\nVU\nVU\nVU\nVU\nProfessionnel \u00ab Les Peupliers \u00bb en SESSAD Professionnel \u00ab Trajectoires Formation \u00bb, sis119-121 Grande Rue a S\u00e9vres (92310) ;l'arr\u00eat\u00e9 n\u00b02015-41 du 20 f\u00e9vrier 2015 modifiant les dispositions relatives a l'extension del'\u00e2ge limite d'agr\u00e9ment pr\u00e9vues par l'arr\u00e9t\u00e9 n\u00b02011-135 du 13 septembre 2011 pour leSESSAD professionnel g\u00e9r\u00e9 par l'association ADAPEI 92 ;l'arr\u00eat\u00e9 n\u00b097-2436 du Pr\u00e9fet des Hauts-de-Seine en date du 23 octobre 1997 autorisant leprojet pr\u00e9sent\u00e9 par l'Association D\u00e9partementale des Amis et Parents de PersonnesHandicap\u00e9es Mentales (A.D.A.P.E.I. 92) sis 3 avenue Gustave Stresemann \u00e0 Suresnes,tendant \u00e0 la cr\u00e9ation d'un SESSAD de 32 places ;l'arr\u00eat\u00e9 n\u00b099-1689 du Pr\u00e9fet des Hauts-de-Seine en date du 31 ao\u00fbt 1999 modifiant l'arr\u00eat\u00e9n\u00b097-2436 du Pr\u00e9fet des Hauts-de-Seine en date du 23 octobre 1997 ;l'arr\u00eat\u00e9 n\u00b02004-209 du Pr\u00e9fet des Hauts-de-Seine en date du 30 octobre 2004 autorisantle projet pr\u00e9sent\u00e9 par l'Association D\u00e9partementale des Amis et Parents de PersonnesHandicap\u00e9es Mentales (A.D.A.P.E.I. 92), tendant \u00e0 l'extension d'un Service d'EducationSp\u00e9ciale et de Soins \u00e0 Domicile (SESSAD), dans la limite de 20 places en milieu scolaire,destin\u00e9 \u00e0 des enfants et adolescents de 6 \u00e0 20 ans, relevant de l'annexe XXIV, au 3Avenue Stresemann \u00e0 Suresnes, avec cr\u00e9ation d'une antenne \u00e0 Clamart ;l'arr\u00eat\u00e9 n\u00b02005-150 du Pr\u00e9fet des Hauts-de-Seine en date du 22 septembre 2005autorisant le projet pr\u00e9sent\u00e9 par l'Association D\u00e9partementale des Amis et Parents dePersonnes Handicap\u00e9es Mentales (A.D.A.P.E.I. 92), tendant \u00e0 l'extension du Serviced'Education Sp\u00e9ciale et de Soins \u00e0 Domicile (SESSAD) de Suresnes et Clamart, dans lalimite d'une capacit\u00e9 de 62 places en milieu scolaire, destin\u00e9 \u00e0 des enfants et adolescentsde 6 \u00e0 20 ans, relevant de l'annexe XXIV ;l'arr\u00eat\u00e9 n\u00b02006-179 du Pr\u00e9fet des Hauts-de-Seine en date du 12 septembre 2006autorisant le projet pr\u00e9sent\u00e9 par l'Association D\u00e9partementale des Amis et Parents dePersonnes Handicap\u00e9es Mentales (A.D.A.P.E.I. 92) sis 54 Rue de la Monesse \u00e0 S\u00e8vres,tendant \u00e0 l'extension d'un Service d'Education Sp\u00e9ciale et de Soins a Domicile (SESSAD)dans la limite de 80 places, fonctionnant en deux entit\u00e9s autonomes :- un service au 3 avenue Gustave Stresemann \u00e0 Suresnes pour une capacit\u00e9 de 45enfants ;- un service au 124 avenue Henri Barbusse \u00e0 Clamart pour une capacit\u00e9 de 35enfants ;l'arr\u00eat\u00e9 n\u00b0 2019-65 du 11 mars 2019 portant modification de la d\u00e9nomination de l'ADAPEI92, sise \u00e0 S\u00e8vres (92310), en Union nationale des associations de parents d'EnfantsInadapt\u00e9s (UNAPEI) Hauts-de-Seine 92 et pr\u00e9cisant les caract\u00e9ristiques et adresses desdiff\u00e9rentes structures ;l'arr\u00eat\u00e9 n\u00b02020-82 ARS DD92-464 du 19 mai 2020 portant actualisation de l'autorisationdes \u00e9tablissements et services m\u00e9dico-sociaux g\u00e9r\u00e9s par l'Union nationale desassociations de parents d'Enfants Inadapt\u00e9s (UNAPEI) Hauts-de-Seine 92 en actant :- le changement de d\u00e9nomination du SESSAD \"Bois Pr\u00e9au\" en SESSAD\"Trajectoires Jeunesse\" ;- le changement de d\u00e9nomination du SESSAD \"ADAPEI 92\" en SESSAD \"le C\u00e9dreJeunesse\" ;- le regroupement du SESSAD \u00ab Trajectoires Jeunesse \u00bb et du SESSAD pro\u00ab Trajectoires Formation \u00bb dans les locaux sis 3-5 rue Curie \u00e0 Suresnes ;l'arr\u00eat\u00e9 n\u00b02026-MS-034 du 17 f\u00e9vrier 2026 portant modification de l'arr\u00eat\u00e9 n\u00b02025-252portant autorisation d'extension de capacit\u00e9 de 85 a 95 places de l'institut M\u00e9dico -2\n\nEducatif (IME) \u00ab Les Peupliers \u00bb sis 10-12 rue Gustave Guillaumet a S\u00e9vres (92310), g\u00e9r\u00e9par l'association Union Nationale des Associations de Parents d'Enfants Inadapt\u00e9s(UNAPE]) Hauts-de-Seine 92 ;VU le courrier de la D\u00e9l\u00e9gu\u00e9e d\u00e9partementale des Hauts-de-Seine de l'Agence r\u00e9gionale desant\u00e9 Ile-de-France en date du 6 d\u00e9cembre 2016 ent\u00e9rinant le renouvellement tacite del'autorisation du Service d'Education Sp\u00e9ciale et de Soins a Domicile d\u00e9nomm\u00e9e SESSADdu Bois Pr\u00e9au (920022720) \u00e0 compter du 3 janvier 2017 pour une dur\u00e9e de quinze ans ;VU le contrat pluriannuel d'objectifs et de moyens de l'association UNAPEI Hauts-de-Seine92 portant sur les ann\u00e9es 2024 \u00e0 2028 sign\u00e9 le 27 d\u00e9cembre 2023 ;VU la demande de l'association UNAPEI Hauts-de-Seine en date du 9 d\u00e9cembre 2024 visant\u00e0 fusionner les autorisations des SESSAD \u00ab Pro Trajectoires Formation \u00bb et \u00ab TrajectoiresJeunesse \u00bb, situ\u00e9s \u00e0 la m\u00eame adresse au 3-5 Rue Curie \u00e0 S\u00e8vres (92310), sous lad\u00e9nomination \u00ab SESSAD Trajectoires \u00bb.\nCONSID\u00c9RANT que la fusion des deux SESSAD d\u00e9j\u00e0 install\u00e9s dans les m\u00eames locauxdepuis 2019, vise \u00e0 renforcer la continuit\u00e9 et la coh\u00e9rence des interventionset \u00e0 permettre une r\u00e9ponse individualis\u00e9e aux besoins des jeunesaccompagn\u00e9s \u00e2g\u00e9s de 0 \u00e0 25 ans, y compris dans les situations les pluscomplexes ;CONSID\u00c9RANT que le num\u00e9ro FINESS de la nouvelle entit\u00e9 sera celui du SESSAD\u00ab Trajectoires Jeunesse \u00bb dont le nombre de places est le plus important ;CONSID\u00c9RANT que ce projet est compatible avec les objectifs et r\u00e9pond aux besoinssociaux et m\u00e9dico-sociaux fix\u00e9s par le sch\u00e9ma r\u00e9gional de sant\u00e9 ;CONSID\u00c9RANT qu'il satisfait aux r\u00e8gles d'organisation et de fonctionnement pr\u00e9vues par lecode de l'action sociale et des familles ;CONSID\u00c9RANT qu'il pr\u00e9sente un co\u00fbt de fonctionnement en ann\u00e9e pleine compatible avecle PRIAC \u00cele-de-France et avec le montant de l'une des dotationsmentionn\u00e9es \u00e0 l'article L. 314-3 du code de l'action sociale et des familles ;CONSID\u00c9RANT que l'op\u00e9ration peut s'effectuer \u00e0 moyens constants et n'entraine doncaucun surco\u00fbt.\nARR\u00caTE\nARTICLE 1%: L'autorisation visant \u00e0 fusionner les autorisations des SESSAD \u00ab Pro TrajectoiresFormation \u00bb et \u00ab Trajectoires Jeunesse \u00bb, situ\u00e9s au 3-5 Rue Curie \u00e0 Suresnes(92150), est accord\u00e9e \u00e0 l'association UNAPEI Hauts-de-Seine dont le si\u00e8ge socialest situ\u00e9 au 119-121 Grande Rue - 92310 S\u00e8vres.ARTICLE 2\u00b0: L'\u00e9tablissement, dor\u00e9navant d\u00e9nomm\u00e9 \u00ab SESSAD Trajectoires \u00bb, est d'unecapacit\u00e9 totale de 75 places destin\u00e9es \u00e0 l'accompagnement en milieu ordinaire,d'enfants et jeunes adultes de 0 \u00e0 25 ans pr\u00e9sentant une d\u00e9ficience intellectuelle.Dans la limite de cette capacit\u00e9, l'\u00e9tablissement est en mesure d'assurer auxpersonnes qu'il accueille en fonction de leurs besoins, et dans la limite des places\n3\n\nARTICLE 3\u00b0:\nARTICLE 4\u00b0:\nARTICLE 5\u00b0:\nARTICLE 6\u00b0 :\nARTICLE 7\u00b0:\ndisponibles, les modalit\u00e9s d'accueil et d'accompagnement suivantes : \u00e0 titrepermanent, temporaire ou selon un mode s\u00e9quentiel, \u00e0 temps complet ou partiel,sans h\u00e9bergement.Conform\u00e9ment aux termes du dernier alin\u00e9a du | de l'article D. 312-0-3 du code del'action sociale et des familles, aucune sp\u00e9cialisation n'exclut la prise en charge depersonnes pr\u00e9sentant des troubles associ\u00e9s \u00e0 ceux qui font l'objet de la pr\u00e9senteautorisation.Cette structure est r\u00e9pertori\u00e9e dans le Fichier National des EtablissementsSanitaires et Sociaux (FINESS) de la fa\u00e7on suivante :N\u00b0 FINESS de l'\u00e9tablissement : 92 002 272 0\nCode cat\u00e9gorie : [182] Service d'\u00c9ducation Sp\u00e9ciale et de Soins \u00e0 DomicileCode discipline : [844] Tous projets \u00e9ducatifs th\u00e9rapeutiques et p\u00e9dagogiques\nGode [16] Prestation en milieu ordinaire 75 placesfonctionnement :Code client\u00e8le : [117] D\u00e9ficience intellectuelle 75 places\nCode mode de fixation des tarifs : [57] ARS / ARS PCD dotation globalis\u00e9eN\u00b0 FINESS du gestionnaire : 92 080 097 6Code statut : [61] Association Loi 1901 Reconnue d'utilit\u00e9 publiqueTout changement important dans l'activit\u00e9, l'installation, l'organisation, la directionou le fonctionnement de l'\u00e9tablissement ou du service doit \u00eatre port\u00e9 \u00e0 laconnaissance de l'autorit\u00e9 comp\u00e9tente.Un recours contre le pr\u00e9sent arr\u00eat\u00e9 peut \u00eatre form\u00e9 devant le tribunal administratifcomp\u00e9tent dans un d\u00e9lai de deux mois \u00e0 compter de sa notification ou, pour lestiers, \u00e0 compter de sa publication.Le Directeur de la d\u00e9l\u00e9gation d\u00e9partementale des Hauts-de-Seine de l'Agencer\u00e9gionale de sant\u00e9 \u00cele-de-France est charg\u00e9 de l'ex\u00e9cution du pr\u00e9sent arr\u00eat\u00e9 quisera publi\u00e9 au recueil des actes administratifs de la R\u00e9gion \u00cele-de-France et aubulletin officiel du D\u00e9partement des Hauts-de-Seine.Fait \u00e0 Nanterre, le 47 MARS 2076Pour le Directeur g\u00e9n\u00e9ralde l'Agence r\u00e9gionale sant\u00e9\u00cele-de-France et par d\u00e9l\u00e9gation,Le Directeur de la D\u00e9l\u00e9gation d\u00e9partementaledes Hauts-de-Seine\nAgence R\u00e9gionale de Sant\u00e9 Ile-de-FranceLa directrice adjointe de laD\u00e9l\u00e9gation d\u00e9partementale des Hauts de SeineRenaud PELL\u00c9=\nV\u00e9roniqua DUGAY\n\nREPUBLIQUEFRANCAISELibert\u00e9Egalit\u00e9Fraternit\u00e9\n\u00a9 D Agence R\u00e9gionale de Sant\u00e9lle-de-France\nAGENCE R\u00c9GIONALE DE SANT\u00c9 \u00ceLE-DE-FRANCE\nARR\u00caT\u00c9 N\u00b0 2026 - 85\nportant autorisation de changement de localisation de la Maison d'accueil sp\u00e9cialis\u00e9e \n(MAS) d\u00e9nomm\u00e9e \u00ab MAS PAP TSA \u00bb sise 36 avenue Thierry \u00e0 Ville d'Avray (92410)\ng\u00e9r\u00e9e par l'association Les Papillons Blancs de la Colline\nLE DIRECTEUR G\u00c9N\u00c9RAL DE L'AGENCE R\u00c9GIONALE DE SANT\u00c9 \u00ceLE-DE-FRANCE\nVU le code de l'action sociale et des familles et notamment les articles L. 313-1, L. 312-1 et\nL. 314-3 et suivants ; \nVU le d\u00e9cret du 10 avril 2024 portant nomination de Monsieur Denis ROBIN, Directeur g\u00e9n\u00e9ral\nde l'Agence r\u00e9gionale de sant\u00e9 \u00cele-de-France \u00e0 compter du 29 avril 2024 ;\nVU l'arr\u00eat\u00e9 n\u00b0119-2024 portant d\u00e9l\u00e9gation de signature du Directeur G\u00e9n\u00e9ral de l'Agence\nr\u00e9gionale de sant\u00e9 \u00cele-de-France au Directeur de la d\u00e9l\u00e9gation d\u00e9partementale des Hauts-\nde-Seine en date du 4 novembre 2024 ;\nVU l'arr\u00eat\u00e9 n\u00b0 DIRNOV-2023/08 de la Directrice g\u00e9n\u00e9rale de l'Agence r\u00e9gionale de sant\u00e9 \u00cele-\nde-France en date du 26 octobre 2023 portant adoption du cadre d'orientation strat\u00e9gique\n2018-2028 du projet r\u00e9gional de sant\u00e9 d'\u00cele-de-France, modifi\u00e9 par l'arr\u00eat\u00e9 n\u00b0DIRNOV-\n2023/09 en date du 12 janvier 2024 ;\nVU l'arr\u00eat\u00e9 n\u00b0 DIRNOV-2023/09 de la Directrice g\u00e9n\u00e9rale de l'Agence r\u00e9gionale de sant\u00e9 \u00cele-\nde-France en date du 26 octobre 2023 portant adoption du sch\u00e9ma r\u00e9gional de sant\u00e9\n2023-2028 du projet r\u00e9gional de sant\u00e9 d'\u00cele-de-France ;\nVU l'arr\u00eat\u00e9 n\u00b0 2023-346 de la Directrice g\u00e9n\u00e9rale de l'Agence r\u00e9gionale de sant\u00e9 \u00cele-de-\nFrance en date du 4 d\u00e9cembre 2023 \u00e9tablissant le programme interd\u00e9partemental\nd'accompagnement des handicaps et de la perte d'autonomie (PRIAC) 2023-2027 pour la\nr\u00e9gion \u00cele-de-France ;\nVU l'arr\u00eat\u00e9 n\u00b0 2024-337 du 25 octobre 2024  portant autorisation d'extension d'une place de\nl'IME La Villa d'Avray sis 36 avenue Thierry \u00e0 Ville-d'Avray (92410) puis transformation en\nune place de MAS afin de cr\u00e9er une Equipe mobile pour adultes ;\nVU la demande de relocalisation g\u00e9ographique des bureaux de la MAS sise 36 avenue Thierry\n\u00e0 Ville d'Avray (92410) et d\u00e9nomm\u00e9e \u00ab MAS PAP TSA \u00bb au site 1 rue Royale \u00e0 Saint-\nCloud (92210) \u00e9mise par l'association Les Papillons Blancs de la Colline le 13 mars 2025 ;\nCONSID\u00c9RANT que le projet a vocation \u00e0 d\u00e9localiser les bureaux de la MAS PAP TSA afin\nde r\u00e9pondre aux besoins d'am\u00e9lioration de la qualit\u00e9 de vie au travail des\nprofessionnels via la mise \u00e0 disposition d'espaces de travail plus\nappropri\u00e9s et spacieux ;\n2\nCONSID\u00c9RANT qu'\u00e0 ce titre, les espaces mutualis\u00e9s li\u00e9s \u00e0 la prise en charge des personnes\naccompagn\u00e9es par l'Equipe mobile demeurant au 36 avenue Thierry \u00e0 Ville\nd'Avray (92410), une visite de conformit\u00e9 des locaux n'est pas n\u00e9cessaire ;\nCONSIDERANT que le projet est compatible avec les objectifs et r\u00e9pond aux besoins\nsociaux et m\u00e9dico-sociaux fix\u00e9s par le sch\u00e9ma r\u00e9gional de sant\u00e9 ;\nCONSIDERANT qu'il satisfait aux r\u00e8gles d'organisation et de fonctionnement pr\u00e9vues par le\ncode de l'action sociale et des familles ;\nCONSID\u00c9RANT qu'il pr\u00e9sente un co\u00fbt de fonctionnement en ann\u00e9e pleine compatible avec\nle PRIAC \u00cele-de-France et avec le montant de l'une des dotations\nmentionn\u00e9es \u00e0 l'article L. 314-3 du code de l'action sociale et des familles ;\nCONSID\u00c9RANT que l'op\u00e9ration peut s'effectuer \u00e0 moyens constants et n'entra\u00eene donc\naucun surco\u00fbt ;\nARR\u00caTE\nARTICLE 1er :  L'autorisation de changement de localisation des bureaux de la MAS PAP TSA sise\n36 avenue Thierry \u00e0 Ville d'Avray (92410) sur un nouveau site au 1 rue Royale \u00e0\nSaint-Cloud (92210) est accord\u00e9e \u00e0 l'association Les Papillons Blancs de la Colline\ndont le si\u00e8ge social est situ\u00e9 155 bureaux de la Colline \u00e0 Saint-Cloud (92210).\nARTICLE 2e :   La capacit\u00e9 totale de l'\u00e9tablissement est de 1 place en milieu ordinaire d\u00e9di\u00e9e \u00e0 une\nEquipe mobile ressource Handicap et Autisme \u00ab EMR-HA \u00bb destin\u00e9e \u00e0 prendre en\ncharge des adultes et des jeunes \u00e0 partir de 16 ans.\nARTICLE 3e :   Conform\u00e9ment aux termes du dernier alin\u00e9a du I de l'article D. 312-0-3 du code de\nl'action sociale et des familles, aucune sp\u00e9cialisation n'exclut la prise en charge de\npersonnes pr\u00e9sentant des troubles associ\u00e9s \u00e0 ceux qui font l'objet de la pr\u00e9sente\nautorisation.\nARTICLE 4e : Cette structure est r\u00e9pertori\u00e9e dans le Fichier National des Etablissements Sanitaires\net Sociaux (FINESS) de la fa\u00e7on suivante :\nN\u00b0 FINESS de l'\u00e9tablissement : 92 004 475 7\nCode cat\u00e9gorie : [255] Maison d'accueil sp\u00e9cialis\u00e9e (M.A.S.)\nCode discipline : [964] Accueil et accompagnement sp\u00e9cialis\u00e9 personnes \nhandicap\u00e9s\nCode fonctionnement : [16] Prestation en milieu ordinaire : 1 place\nCode client\u00e8le : [442] Troubles du neurod\u00e9veloppement : 1 place\nCode mode de fixation des tarifs : 57 ARS /ARS PCD Dotation forfait ou prix de\njourn\u00e9e globalis\u00e9 dans le cadre d'un CPOM\nN\u00b0 FINESS du gestionnaire : 92 071 818 6\nCode statut : 61 (Association Loi 1901 Reconnue d'Utilit\u00e9 Publique)\nARTICLE 5\u00b0 :\nARTICLE 6\u00b0 :\nARTICLE 7\u00b0:\nTout changement important dans l'activit\u00e9, l'installation, l'organisation, la direction oule fonctionnement de l'\u00e9tablissement doit \u00eatre port\u00e9 a la connaissance de l'autorit\u00e9comp\u00e9tente.\nUn recours contre le pr\u00e9sent arr\u00eat\u00e9 peut \u00eatre form\u00e9 devant le tribunal administratifcomp\u00e9tent dans un d\u00e9lai de deux mois \u00e0 compter de sa notification ou, pour les tiers,\u00e0 compter de sa publication.\nLe Directeur de la d\u00e9l\u00e9gation d\u00e9partementale des Hauts-de-Seine de l'Agencer\u00e9gionale de sant\u00e9 \u00cele-de-France est charg\u00e9 de l'ex\u00e9cution du pr\u00e9sent arr\u00eat\u00e9 qui serapubli\u00e9 aux recueils des actes administratifs de la R\u00e9gion \u00cele-de-France et au bulletinofficiel du D\u00e9partement des Hauts-de-Seine.\nFait \u00e0 Nanterre, le\nLe Directeurde la d\u00e9l\u00e9gation D\u00e9partementaledes Hauts-de-Seine del'Agence r\u00e9gionale sant\u00e9\u00cele-de-France\nSign\u00e9 \u00e9lectroniquement par V\u00e9ronique DUGAY-Directrice HSE de la,D\u00e9l\u00e9gationRenaud 5 de SeineLe 17/03/2026 \u00e0 12:29\n\n||REPUBLIQUEFRAN CA ISE @> Agence R\u00e9gionale de Sant\u00e9Libert\u00e9 \u00cele-de-FranceEgalit\u00e9Fraternit\u00e9\nAGENCE R\u00c9GIONALE DE SANT\u00c9 \u00ceLE-DE-FRANCE\nARRETE N\u00b02026-MS-107portant autorisation de transformation par requalification de 55 places d\u00e9ficienceintellectuelle en 51 places trouble psychique, 2 places troubles du spectre de l'autismeet 2 places d\u00e9ficience intellectuelle de l ESAT Jean Caurant sis 2 rue Pablo Neruda92220 Bagneuxg\u00e9r\u00e9 par l'association esp\u00e9rance hauts de seine\nLE DIRECTEUR GENERAL DE L'AGENCE REGIONALE DE SANT\u00c9 \u00ceLE-DE-FRANCE\nVU le code de l'action sociale et des familles et notamment les articles L. 312-1, L. 313-1,L.314-3 et suivants ;VU le d\u00e9cret du 10 avril 2024 portant nomination de Monsieur Denis ROBIN, Directeur g\u00e9n\u00e9ralde l'Agence r\u00e9gionale de sant\u00e9 \u00cele-de-France \u00e0 compter du 29 avril 2024 ;VU l'arr\u00eat\u00e9 DS n\u00b0 019/2025 du 15 juillet 2025 portant d\u00e9l\u00e9gation de signature \u00e0 MonsieurRenaud PELLE, Directeur de la d\u00e9l\u00e9gation d\u00e9partementale des Hauts-de-Seine ;VU l'arr\u00eat\u00e9 n\u00b0 DIRNOV-2023/08 de la Directrice g\u00e9n\u00e9rale de l'Agence r\u00e9gionale de sant\u00e9 \u00cele-de-France en date du 26 octobre 2023 portant adoption du cadre d'orientation strat\u00e9gique2018-2028 du projet r\u00e9gional de sant\u00e9 d'Ile-de-France ;VU l'arr\u00eat\u00e9 n\u00b0 DIRNOV-2023/09 de la Directrice g\u00e9n\u00e9rale de l'Agence r\u00e9gionale de sant\u00e9 \u00cele-de-France en date du 26 octobre 2023 portant adoption du sch\u00e9ma r\u00e9gional de sant\u00e92023-2028 du projet r\u00e9gional de sant\u00e9 d'\u00cele-de-France, modifi\u00e9 par l'arr\u00eat\u00e9 n\u00b0DIRNOV-2023/09 en date du 12 janvier 2024 ;VU l'arr\u00eat\u00e9 n\u00b0 2023-346 de la Directrice g\u00e9n\u00e9rale de l'Agence r\u00e9gionale de sant\u00e9 \u00cele-de-Franceen date du 4 d\u00e9cembre 2023 \u00e9tablissant le programme interd\u00e9partementald'accompagnement des handicaps et de la perte d'autonomie (PRIAC) 2023-2027 pour lar\u00e9gion \u00cele-de-France ;VU l'arr\u00eat\u00e9 n\u00b0 81-1748 du 22 d\u00e9cembre 1981 autorisant l'UNAFAM \u00e0 cr\u00e9er un centre der\u00e9insertion comprenant un centre d'aide par le travail de 30 places et un foyerd'h\u00e9bergement de 30 lits destin\u00e9s \u00e0 accueillir des malades mentaux stabilis\u00e9s au 2 ruePablo Neruda \u00e0 Bagneux ;VU l'arr\u00eat\u00e9 n\u00b0 90-876 du 29 aout 1990 autorisant l'extension de 30 \u00e0 35 places du centred'aide par le travail Jean Caurant de Bagneux ;VU l'arr\u00eat\u00e9 n\u00b0 98-995 du 22 juin 1998 autorisant l'extension de 35 \u00e0 36 places du centre d'aidepar le travail Jean Caurant de Bagneux ;\n\nVU l'arr\u00eat\u00e9 n\u00b0 99-633 du 19 avril 1999 autorisant l'extension de 36 \u00e0 40 places du centre d'aidepar le travail Jean Caurant de Bagneux ;VU l'arr\u00eat\u00e9 n\u00b0 2003-1975 du 1\u00b0 octobre 2003 autorisant l'extension de 40 \u00e0 43 places ducentre d'aide par le travail Jean Caurant de Bagneux ;VU l'arr\u00eat\u00e9 n\u00b0 2013-4 du 3 janvier 2013 autorisant l'extension de 12 places de l'ESAT JeanCaurant de Bagneux ;VU le renouvellement tacite de l'autorisation de l'ESAT en date du 3 janvier 2017 ;VU la demande de l'association esp\u00e9rance hauts de seine visant \u00e0 actualiser et mettre enconformit\u00e9 avec le d\u00e9cret du 9 mai 2017 l'autorisation de l'ESAT Jean Caurant, tel quepr\u00e9vu au contrat pluriannuel d'objectifs et de moyens 2025-2029 de l'association ;\nCONSID\u00c9RANT\nCONSID\u00c9RANT\nCONSID\u00c9RANT\nCONSID\u00c9RANT\nCONSID\u00c9RANT\nCONSID\u00c9RANT\nque l'ESAT Jean Caurant accompagne des personnes pr\u00e9sentant uned\u00e9ficience intellectuelle, des troubles du spectre de l'autisme, un handicappsychique ; que cet accompagnement peut se faire sur le site de l'ESAT ouhors les murs ;que le projet r\u00e9pond \u00e0 un besoin de d\u00e9veloppement de l'offre m\u00e9dico-sociale identifi\u00e9 sur le d\u00e9partement des Hauts-de-Seine pour les personnesconcern\u00e9es par les troubles du spectre de l'autisme et le handicappsychique ;qu'il est compatible avec les objectifs et r\u00e9pond aux besoins sociaux etm\u00e9dico-sociaux fix\u00e9s par le sch\u00e9ma r\u00e9gional de sant\u00e9 ;qu'il satisfait aux r\u00e8gles d'organisation et de fonctionnement pr\u00e9vues par lecode de l'action sociale et des familles ;qu'il pr\u00e9sente un co\u00fbt de fonctionnement en ann\u00e9e pleine compatible avecle PRIAC \u00cele-de-France et avec le montant de l'une des dotationsmentionn\u00e9es \u00e0 l'article L. 314-3 du code de l'action sociale et des familles ;que l'op\u00e9ration peut s'effectuer \u00e0 moyens constants et n'entraine doncaucun surco\u00fbt ; ARR\u00caTE\nARTICLE 1%: L'autorisation visant \u00e0 la transformation par requalification de 55 places de d\u00e9ficienceintellectuelle en 51 places de trouble psychique, 2 places de troubles du spectre del'autisme et 2 places de d\u00e9ficience intellectuelle de l'ESAT Jean Caurant, sis 2 ruePablo Neruda, 92220 Bagneux, destin\u00e9es \u00e0 accueillir des adultes \u00e0 partir de 20 ans,est accord\u00e9e \u00e0 l'association esp\u00e9rance hauts de seine.\nARTICLE 2\u00b0: La capacit\u00e9 totale de l'ESAT Jean Caurant est de 55 places en milieu ordinaire ou surle site de l'ESAT, destin\u00e9es \u00e0 des personnes pr\u00e9sentant :Un handicap psychique,Des troubles du spectre de l'autisme,Une d\u00e9ficience intellectuelle.\n\nARTICLE 3\u00b0:\nARTICLE 4\u00b0 :\nARTICLE 5\u00b0 :\nARTICLE 6\u00b0 :\nARTICLE 7\u00b0 :\nConform\u00e9ment aux termes du dernier alin\u00e9a du | de l'article D. 312-0-3 du code del'action sociale et des familles, aucune sp\u00e9cialisation n'exclut la prise en charge depersonnes pr\u00e9sentant des troubles associ\u00e9s \u00e0 ceux qui font l'objet de la pr\u00e9senteautorisation.\nCette structure est r\u00e9pertori\u00e9e dans le Fichier National des Etablissements Sanitaireset Sociaux (FINESS) de la fa\u00e7on suivante :N\u00b0 FINESS de l'\u00e9tablissement : 92 080 464 8Code cat\u00e9gorie : [246] Etablissement et Service d'Accompagnement par le TravailCode discipline : [908] Aide par le travail pour Adultes Handicap\u00e9sCodefonctionnement : [21] Accueil de jour 55 placesCode client\u00e8le : [206] Handicap psychique 51 places[437] Troubles du spectre de l'autisme 2 places[117] D\u00e9ficience intellectuelle 2 placesCode mode de fixation des tarifs : [57] - ARS/ARS PCD Dotation globaleN\u00b0 FINESS du gestionnaire : 92 080 793 0Code statut : [60] - Association Loi 1901 non reconnue d'utilit\u00e9 publique\nTout changement important dans l'activit\u00e9, l'installation, l'organisation, la direction oule fonctionnement de l'\u00e9tablissement ou du service doit \u00eatre port\u00e9 \u00e0 la connaissancede l'autorit\u00e9 comp\u00e9tente.\nUn recours contre le pr\u00e9sent arr\u00eat\u00e9 peut \u00eatre form\u00e9 devant le tribunal administratifcomp\u00e9tent dans un d\u00e9lai de deux mois \u00e0 compter de sa notification ou, pour les tiers,\u00e0 compter de sa publication.\nLe Directeur de la d\u00e9l\u00e9gation d\u00e9partementale des Hauts-de-Seine de l'Agencer\u00e9gionale de sant\u00e9 \u00cele-de-France est charg\u00e9 de l'ex\u00e9cution du pr\u00e9sent arr\u00eat\u00e9 qui serapubli\u00e9 au recueil des actes administratifs de la R\u00e9gion \u00cele-de-France.\nFait \u00e0 Nanterre, lePour le Directeur g\u00e9n\u00e9ral de l'Agencer\u00e9gionale de sant\u00e9 Ile-de-Franceet par d\u00e9l\u00e9gation\nSigne electraniquement par Veronique DUGAY -Directrice adjointe de la Delegationd\u00e9partementale des Hauts de SeineLe 17/03/2026 \u00e0 12:22 3\n\nREPUBLIQUEFRANCAISELibert\u00e9\u00c9galit\u00e9Fraternit\u00e9\n@ D Agence R\u00e9gionale de Sant\u00e9lle-de-France\n1\nAGENCE R\u00c9GIONALE DE SANT\u00c9  \u00ceLE-DE-FRANCE\nARRETE N\u00b0 2026 \u2013 MS - 129\nportant mise en conformit\u00e9 des arr\u00eat\u00e9s d'autorisation de l'ESAT l'Atelier et de l'ESAT de \nCh\u00e2tillon g\u00e9r\u00e9s par la fondation des Amis de l'Atelier avec le d\u00e9cret n\u00b0 2017-982 du 9 mai \n2017 relatif \u00e0 la nomenclature des \u00e9tablissements et services sociaux et m\u00e9dico-sociaux\nLE DIRECTEUR G\u00c9N\u00c9RAL DE L'AGENCE R\u00c9GIONALE DE SANT\u00c9 \u00ceLE-DE-FRANCE\nVU le code de l'action sociale et des familles et notamment les articles L. 312-1, L. 313-1, L.\n314-3 et suivants ;\nVU le d\u00e9cret n\u00b0 2017-982 du 9 mai 2017 relatif \u00e0 la nomenclature des \u00e9tablissements et\nservices sociaux et m\u00e9dico-sociaux accompagnant des personnes handicap\u00e9es ou\nmalades chroniques ;\nVU le d\u00e9cret n\u00b0 2017-1620 du 28 novembre 2017 relatif \u00e0 la caducit\u00e9 de l'autorisation des\n\u00e9tablissements sociaux et m\u00e9dico-sociaux mentionn\u00e9s \u00e0 l'article L. 313-1 du code de\nl'action sociale et des familles ;\nVU le d\u00e9cret n\u00b0 2021-1476 du 12 novembre 2021 relatif au rythme des \u00e9valuations de la\nqualit\u00e9 des \u00e9tablissements et services sociaux et m\u00e9dico-sociaux ;\nVU        le d\u00e9cret du 10 avril 2024 portant nomination de Monsieur Denis ROBIN, Directeur g\u00e9n\u00e9ral\nde l'Agence r\u00e9gionale de sant\u00e9 \u00cele-de-France \u00e0 compter du 29 avril 2024 ;\nVU l'arr\u00eat\u00e9 DS n\u00b0 019/2025 du 15 juillet 2025 portant d\u00e9l\u00e9gation de signature \u00e0 Monsieur\nRenaud PELL\u00c9, Directeur de la d\u00e9l\u00e9gation d\u00e9partementale des Hauts-de-Seine ;\nVU l'arr\u00eat\u00e9 n\u00b0 DIRNOV-2023/08 de la Directrice g\u00e9n\u00e9rale de l'Agence r\u00e9gionale de sant\u00e9 \u00cele-\nde-France en date du 26 octobre 2023 portant adoption du cadre d'orientation strat\u00e9gique\n2018-2028 du projet r\u00e9gional de sant\u00e9 d'\u00cele-de-France ;\nVU l'arr\u00eat\u00e9 n\u00b0 DIRNOV-2023/09 de la Directrice g\u00e9n\u00e9rale de l'Agence r\u00e9gionale de sant\u00e9 \u00cele-\nde-France en date du 26 octobre 2023 portant adoption du sch\u00e9ma r\u00e9gional de sant\u00e9\n2023-2028 du projet r\u00e9gional de sant\u00e9 d'\u00cele-de-France, modifi\u00e9 par l'arr\u00eat\u00e9 n\u00b0DIRNOV-\n2023/09 en date du 12 janvier 2024 ;\nVU l'arr\u00eat\u00e9 n\u00b0 2023-346 de la Directrice g\u00e9n\u00e9rale de l'Agence r\u00e9gionale de sant\u00e9 \u00cele-de-\nFrance en date du 4 d\u00e9cembre 2023 \u00e9tablissant le programme interd\u00e9partemental\nd'accompagnement des handicaps et de la perte d'autonomie (PRIAC) 2023-2027 pour la\nr\u00e9gion \u00cele-de-France ;\nVU l'arr\u00eat\u00e9 du 5 octobre 1961 portant autorisation de cr\u00e9ation de l'ESAT l'Atelier ; \n2\nVU le renouvellement tacite de l'autorisation de l'ESAT l'Atelier en date du 3 janvier 2017 ;\nVU l'arr\u00eat\u00e9 n\u00b0 2001-835 du 14 mai 2001 portant autorisation de cr\u00e9ation de l'ESAT de\nCh\u00e2tillon ;\nVU le renouvellement tacite de l'autorisation de l'ESAT de Ch\u00e2tillon en date du 3 janvier 2017 ;\nCONSID\u00c9RANT que les autorisations de l'ESAT l'Atelier et de l'ESAT de Ch\u00e2tillon n\u00e9cessitent\nune mise en conformit\u00e9 avec le d\u00e9cret n\u00b0 2017-982 du 9 mai 2017 ;\nCONSID\u00c9RANT que cette mise en conformit\u00e9 n'a pas d'incidence sur la date d'\u00e9ch\u00e9ance des\nautorisations des ESAT ;\nCONSID\u00c9RANT que le Fichier National des Etablissements Sanitaires et Sociaux (FINESS)\ndoit \u00eatre corrig\u00e9 sur les types de handicap pris en charge par l'ESAT l'Atelier\net l'ESAT de Ch\u00e2tillon, ceux-ci \u00e9tant historiquement autoris\u00e9s \u00e0 accompagner\ndes personnes pr\u00e9sentant une d\u00e9ficience intellectuelle ou un handicap\npsychique ; que la d\u00e9nomination de l'ESAT de Ch\u00e2tillon doit \u00e9galement \u00eatre\ncorrig\u00e9e sur FINESS ;\nARR\u00caTE \nARTICLE 1er : Les autorisations l'ESAT l'Atelier et de l'ESAT de Ch\u00e2tillon d\u00e9tenues par la Fondation\ndes Amis de l'Atelier, FINESS n\u00b0 92 000 141 9, sont mises en conformit\u00e9 avec les\ndispositions du d\u00e9cret n\u00b0 2017-982 du 9 mai 2017 relatif \u00e0 la nomenclature des\n\u00e9tablissements et services sociaux et m\u00e9dico-sociaux accompagnant des personnes\nhandicap\u00e9es ou malades chroniques.\n                  \nARTICLE 2e  : Ces structures sont d\u00e9sormais r\u00e9pertori\u00e9es dans le Fichier National des Etablissements\nSanitaires et Sociaux (FINESS) de la fa\u00e7on suivante :\nN\u00b0 FINESS de l'ESAT l'Atelier : 92 071 079 5\nCode cat\u00e9gorie : [246] Etablissement et Service d'Accompagnement par le Travail\nDiscipline Fonctionnement Client\u00e8le Capacit\u00e9\n[117] D\u00e9ficience \nintellectuelle 50[908] Aide par le \ntravail pour adultes \nhandicap\u00e9s\n[21] Accueil de jour [206] Handicap \npsychique 50\nN\u00b0 FINESS de l'ESAT de Ch\u00e2tillon : 92 002 538 4\nCode cat\u00e9gorie : [246] Etablissement et Service d'Accompagnement par le Travail\nDiscipline Fonctionnement Client\u00e8le Capacit\u00e9\n[117] D\u00e9ficience \nintellectuelle 40[908] Aide par le \ntravail pour adultes \nhandicap\u00e9s\n[21] Accueil de jour [206] Handicap \npsychique 40\nCode mode de fixation des tarifs : [57] ARS Dotation globalis\u00e9e \n3\nN\u00b0 FINESS du gestionnaire : 92 000 141 9\nCode statut : [63] - Fondation\nARTICLE 3e :   Conform\u00e9ment aux termes du dernier alin\u00e9a du I de l'article D. 312-0-3 du code de\nl'action sociale et des familles, aucune sp\u00e9cialisation n'exclut la prise en charge de\npersonnes pr\u00e9sentant des troubles associ\u00e9s \u00e0 ceux qui font l'objet de la pr\u00e9sente\nautorisation.\nARTICLE 4e :   Tout changement important dans l'activit\u00e9, l'installation, l'organisation, la direction ou\nle fonctionnement des \u00e9tablissements doit \u00eatre port\u00e9 \u00e0 la connaissance de l'autorit\u00e9\ncomp\u00e9tente.\nARTICLE 5e :  Un recours contre le pr\u00e9sent arr\u00eat\u00e9 peut \u00eatre form\u00e9 devant le tribunal administratif\ncomp\u00e9tent dans un d\u00e9lai de deux mois \u00e0 compter de sa notification ou, pour les tiers,\n\u00e0 compter de sa publication.  \nARTICLE 6e : Le Directeur de la d\u00e9l\u00e9gation d\u00e9partementale des Hauts-de-Seine de l'Agence\nr\u00e9gionale de sant\u00e9 \u00cele-de-France est charg\u00e9 de l'ex\u00e9cution du pr\u00e9sent arr\u00eat\u00e9 qui sera\npubli\u00e9 au recueil des actes administratifs de la R\u00e9gion \u00cele-de-France.\nFait \u00e0 Nanterre, \nPour le Directeur g\u00e9n\u00e9ral de l'Agence\nr\u00e9gionale de sant\u00e9 \u00cele-de-France \net par d\u00e9l\u00e9gation   \n \n \nREPUBLIQUEFRANCAISELibert\u00e9Egalit\u00e9Fraternit\u00e9\n\u00a9 > Agence R\u00e9gionale de Sant\u00e9Ile-de-France\nAGENCE R\u00c9GIONALE DE SANT\u00c9 \u00ceLE-DE-FRANCE\nARRETE N\u00b02026-MS-130\nportant mise en conformit\u00e9 avec le d\u00e9cret n\u00b0 2017-982 du 9 mai 2017 relatif \u00e0 la \nnomenclature des \u00e9tablissements et services sociaux et m\u00e9dico-sociaux et portant \nautorisation de transformation par requalification de 80 places de handicap mental ou \ntroubles du comportement en 40 places de d\u00e9ficience intellectuelle et 40 places de \nhandicap psychique de l'ESAT les Robinsons sis 29 rue Paul Rivet, 92350 Le Plessis-\nRobinson, g\u00e9r\u00e9 par la fondation des Amis de l'Atelier     \nLE DIRECTEUR G\u00c9N\u00c9RAL DE L'AGENCE R\u00c9GIONALE DE SANT\u00c9 \u00ceLE-DE-FRANCE\nVU le code de l'action sociale et des familles et notamment les articles L. 312-1, L. 313-1,\nL.314-3 et suivants ;\nVU le d\u00e9cret n\u00b0 2017-982 du 9 mai 2017 relatif \u00e0 la nomenclature des \u00e9tablissements et\nservices sociaux et m\u00e9dico-sociaux accompagnant des personnes handicap\u00e9es ou\nmalades chroniques ;\nVU le d\u00e9cret n\u00b0 2017-1620 du 28 novembre 2017 relatif \u00e0 la caducit\u00e9 de l'autorisation des\n\u00e9tablissements sociaux et m\u00e9dico-sociaux mentionn\u00e9s \u00e0 l'article L. 313-1 du code de\nl'action sociale et des familles ;\nVU le d\u00e9cret n\u00b0 2021-1476 du 12 novembre 2021 relatif au rythme des \u00e9valuations de la\nqualit\u00e9 des \u00e9tablissements et services sociaux et m\u00e9dico-sociaux ;\nVU        le d\u00e9cret du 10 avril 2024 portant nomination de Monsieur Denis ROBIN, Directeur g\u00e9n\u00e9ral\nde l'Agence r\u00e9gionale de sant\u00e9 \u00cele-de-France \u00e0 compter du 29 avril 2024 ;\nVU l'arr\u00eat\u00e9 DS n\u00b0 019/2025 du 15 juillet 2025 portant d\u00e9l\u00e9gation de signature \u00e0 Monsieur\nRenaud PELL\u00c9, Directeur de la d\u00e9l\u00e9gation d\u00e9partementale des Hauts-de-Seine ;\nVU l'arr\u00eat\u00e9 n\u00b0 DIRNOV-2023/08 de la Directrice g\u00e9n\u00e9rale de l'Agence r\u00e9gionale de sant\u00e9 \u00cele-\nde-France en date du 26 octobre 2023 portant adoption du cadre d'orientation strat\u00e9gique\n2018-2028 du projet r\u00e9gional de sant\u00e9 d'\u00cele-de-France ;\nVU l'arr\u00eat\u00e9 n\u00b0 DIRNOV-2023/09 de la Directrice g\u00e9n\u00e9rale de l'Agence r\u00e9gionale de sant\u00e9 \u00cele-\nde-France en date du 26 octobre 2023 portant adoption du sch\u00e9ma r\u00e9gional de sant\u00e9\n2023-2028 du projet r\u00e9gional de sant\u00e9 d'\u00cele-de-France, modifi\u00e9 par l'arr\u00eat\u00e9 n\u00b0DIRNOV-\n2023/09 en date du 12 janvier 2024 ;\nVU l'arr\u00eat\u00e9 n\u00b0 2023-346 de la Directrice g\u00e9n\u00e9rale de l'Agence r\u00e9gionale de sant\u00e9 \u00cele-de-\nFrance en date du 4 d\u00e9cembre 2023 \u00e9tablissant le programme interd\u00e9partemental\nd'accompagnement des handicaps et de la perte d'autonomie (PRIAC) 2023-2027 pour la\nr\u00e9gion \u00cele-de-France ;\n       2\nVU l'arr\u00eat\u00e9 n\u00b0 97-1359 du 29 mai 1997 portant autorisation de cr\u00e9ation de l'ESAT les\nRobinsons ;\nVU le renouvellement tacite de l'autorisation de l'ESAT les Robinsons en date du 3 janvier\n2017 ;\nCONSID\u00c9RANT que l'ESAT les Robinsons accompagne historiquement des personnes\npr\u00e9sentant une d\u00e9ficience intellectuelle ou un handicap psychique ; \nCONSID\u00c9RANT que le projet r\u00e9pond \u00e0 un besoin de d\u00e9veloppement de l'offre m\u00e9dico-\nsociale identifi\u00e9 sur le d\u00e9partement des Hauts-de-Seine pour les personnes\nconcern\u00e9es par le handicap psychique ;\nCONSID\u00c9RANT qu'il est compatible avec les objectifs et r\u00e9pond aux besoins sociaux et\nm\u00e9dico-sociaux fix\u00e9s par le sch\u00e9ma r\u00e9gional de sant\u00e9 ; \nCONSID\u00c9RANT qu'il satisfait aux r\u00e8gles d'organisation et de fonctionnement pr\u00e9vues par le\ncode de l'action sociale et des familles ; \nCONSID\u00c9RANT que l'op\u00e9ration s'effectue \u00e0 moyens constants et n'entra\u00eene donc aucun\nsurco\u00fbt ;\nCONSID\u00c9RANT que l'autorisation de l'ESAT les Robinsons n\u00e9cessite une mise en\nconformit\u00e9 avec le d\u00e9cret n\u00b0 2017-982 du 9 mai 2017 ;\nCONSID\u00c9RANT que la requalification et l'actualisation n'ont pas d'incidence sur la date\nd'\u00e9ch\u00e9ance de l'autorisation de l'ESAT les Robinsons ;\n     \nARR\u00caTE \nARTICLE 1er : L'autorisation visant \u00e0 la mise en conformit\u00e9 avec les dispositions du d\u00e9cret n\u00b0 2017-\n982 du 9 mai 2017, relatif \u00e0 la nomenclature des \u00e9tablissements et services sociaux\net m\u00e9dico-sociaux accompagnant des personnes handicap\u00e9es ou malades\nchroniques, et \u00e0 la transformation par requalification de 80 places de handicap mental\nou troubles du comportement en 40 places de d\u00e9ficience intellectuelle et 40 places\nde handicap psychique de l'ESAT les Robinsons sis 29 rue Paul Rivet, 92350 Le\nPlessis-Robinson, est accord\u00e9e \u00e0 la fondation des Amis de l'Atelier.\nARTICLE 2e  : La capacit\u00e9 totale de l'ESAT les Robinsons est de 80 places, destin\u00e9es \u00e0 des adultes\n\u00e0 partir de 20 ans pr\u00e9sentant une d\u00e9ficience intellectuelle ou un handicap psychique.\nARTICLE 3e  : Conform\u00e9ment aux termes du dernier alin\u00e9a du I de l'article D. 312-0-3 du code de\nl'action sociale et des familles, aucune sp\u00e9cialisation n'exclut la prise en charge de\npersonnes pr\u00e9sentant des troubles associ\u00e9s \u00e0 ceux qui font l'objet de la pr\u00e9sente\nautorisation. \nARTICLE 4e  : Cette structure est r\u00e9pertori\u00e9e dans le Fichier National des Etablissements Sanitaires\net Sociaux (FINESS) de la fa\u00e7on suivante :\nN\u00b0 FINESS de l'ESAT les Robinsons : 92 002 256 3\nCode cat\u00e9gorie : [246] Etablissement et Service d'Accompagnement par le Travail\n       3\n \nCode discipline : [908] Aide par le travail pour Adultes Handicap\u00e9s\nCode \nfonctionnement : [21] Accueil de jour\n      \n    80 places\nCode client\u00e8le : [117] D\u00e9ficience intellectuelle\n[206] Handicap psychique \n40 places\n40 places\nCode mode de fixation des tarifs : [57] - ARS Dotation globalis\u00e9e\nN\u00b0 FINESS du gestionnaire : 92 000 141 9\nCode statut : [63] - Fondation\nARTICLE 5e :   Tout changement important dans l'activit\u00e9, l'installation, l'organisation, la direction ou\nle fonctionnement de l'\u00e9tablissement doit \u00eatre port\u00e9 \u00e0 la connaissance de l'autorit\u00e9\ncomp\u00e9tente.\nARTICLE 6e :  Un recours contre le pr\u00e9sent arr\u00eat\u00e9 peut \u00eatre form\u00e9 devant le tribunal administratif\ncomp\u00e9tent dans un d\u00e9lai de deux mois \u00e0 compter de sa notification ou, pour les tiers,\n\u00e0 compter de sa publication.  \nARTICLE 7e :  Le Directeur de la d\u00e9l\u00e9gation d\u00e9partementale des Hauts-de-Seine de l'Agence\nr\u00e9gionale de sant\u00e9 \u00cele-de-France est charg\u00e9 de l'ex\u00e9cution du pr\u00e9sent arr\u00eat\u00e9 qui sera\npubli\u00e9 au recueil des actes administratifs de la R\u00e9gion \u00cele-de-France.\nFait \u00e0 Nanterre, \nPour le Directeur g\u00e9n\u00e9ral de l'Agence\nr\u00e9gionale de sant\u00e9 \u00cele-de-France \net par d\u00e9l\u00e9gation   \n \n \nER D SE ee  ER DE SR a AR DE DE SR 2 MR SERIE SR ON ER 424 EE SR\nIMmMRI AA M  =\n= \" \" 1 1 1 x\nMP  RPM  Da  ee  el\n~  , . \u00ab , , 1\nAR IA == a . \" CS  .\n1 \" 1 . . \" oe \" 1. 4  - 1 \"4 1 1\n\u2014_s \u00ab CI oo. an\nat 1 rr  ATs rT\nwe  Re  ke  me  ere\n51\nRECUEIL DES ACTES ADMINISTRATIFS\nDU\nPREFET DES HAUTS-DE-SEINE\nISSN 0985 - 5955\nPour toute correspondance, s'adresser \u00e0 :\nPREFET DES HAUTS-DE-SEINE\nSecr\u00e9tariat g\u00e9n\u00e9ral\nSecr\u00e9tariat g\u00e9n\u00e9ral aux affaires d\u00e9partementales\n167/177, Avenue Joliot Curie\n92013 NANTERRE CEDEX\nLe recueil des actes administratifs est consultable en ligne sur le site de la pr\u00e9fecture\nAdresse Internet : https://www.hauts-de-seine.gouv.fr/\nDirecteur de la publication :\nAlexandre BRUGERE\nPREFET DES HAUTS-DE-SEINE\nwe es  ER = ~-,\n52\nPREFECTURE DES HAUTS-DE-SEINE\n167-177, avenue Joliot Curie 92013 NANTERRE Cedex\nCourriel : sgc-courrier@hauts-de-seine.gouv.fr\nStandard : 01.40.97.20.00 T\u00e9l\u00e9copie 01.40.97.25.21\nAdresse Internet : https://www.hauts-de-seine.gouv.fr/","date":"2026-04-20","first_seen_on":"2026-04-20T15:01:28+00:00","id":"97ba462a82db8ff6dee07ec569c2f49fefc93cf74c82b3d017d63f5f464cc8c6","name":"2026-04-20 RAA sp\u00e9cial ARS-IDF du 20 avril 2026","pdf_creation_date":null,"pdf_modification_date":"2026-04-20T13:46:12+00:00","timezone":"Europe/Paris","url":"https://www.hauts-de-seine.gouv.fr/contenu/telechargement/28694/198084/file/2026-04-20%20RAA%20sp%C3%A9cial%20ARS-IDF%20du%2020%20avril%202026.pdf"}
