{"administration":"pref50","administration_name":"Pr\u00e9fecture de la Manche","content":"RECUEIL DES ACTES\nADMINISTRATIFS\nDE LA MANCHE\nDOCUMENTATION\nET\nINFORMATIONS\nAVRIL 2023\nNUMERO SPECIAL N\u00b0 33\nLe contenu int\u00e9gral des textes et/ou les documents et plans annex\u00e9s\npeut \u00eatre consult\u00e9 aupr\u00e8s du service sous le timbre duquel la publication\nest r\u00e9alis\u00e9e et sur le site Internet de la pr\u00e9fecture :\nhttp://www.manche.gouv.fr\nRubrique : Publications - Annonces et avis - Recueil des actes administratifs\n\nS O M M A I R E\nDIRECTION DES COLLECTIVITES, DE LA CITOYENNETE ET DE LA LEGALITE...............................................................................................2\nArr\u00eat\u00e9 pr\u00e9fectoral n\u00b0 2023-2 du 4 avril 2023 portant pr\u00e9somption de bien vacant et sans ma\u00eetre (Bois) - Commune de Saint-Denis le \nGast.............................................................................................................................................................................................................................2\nArr\u00eat\u00e9 pr\u00e9fectoral n\u00b0 2023-3 du 4 avril 2023 portant pr\u00e9somption de biens vacants et sans ma\u00eetre - Commune de SAINT-JEAN DE LA \nRIVIERE.......................................................................................................................................................................................................................2\nArr\u00eat\u00e9 du 17 avril 2023 portant constitution de la commission de propagande - \u00c9lections d\u00e9partementales partielles canton de \nBRICQUEBEC-EN-COTENTIN les 14 et 21 mai 2023...............................................................................................................................................2\nArr\u00eat\u00e9 du 21 avril 2023 portant publication de la liste des candidats pour le 1er tour de scrutin - \u00c9lections d\u00e9partementales partielles - \nCanton de BRICQUEBEC-EN-COTENTIN - les 14 et 21 mai 2023...........................................................................................................................3\nSERVICE DE LA COORDINATION DES POLITIQUES PUBLIQUES ET DE L'APPUI TERRITORIAL................................................................. 4\nCommission nationale d'am\u00e9nagement commercial du jeudi 9 mars 2023............................................................................................................4\nCommission d\u00e9partementale d'am\u00e9nagement commercial du jeudi 6 avril 2023...................................................................................................4\nDIRECTION DEPARTEMENTALE DES TERRITOIRES ET DE LA MER.................................................................................................................4\nArr\u00eat\u00e9 pr\u00e9fectoral du 21 mars 2023 portant approbation du plan de pr\u00e9vention des risques littoraux sur les communes de SAINT-JEAN-\nLE-THOMAS, DRAGEY-RONTHON ET GEN\u00caTS.....................................................................................................................................................4\nDIVERS........................................................................................................................................................................................................................4\nEMZ - PR\u00c9FECTURE DE ZONE DE D\u00c9FENSE ET DE S\u00c9CURIT\u00c9 OUEST.............................................................................................................................4\nArr\u00eat\u00e9 du 20 avril 2023 confiant la suppl\u00e9ance du pr\u00e9fet de zone de d\u00e9fense et de s\u00e9curit\u00e9 ouest \u00e0 monsieur Philippe MAH\u00c9, pr\u00e9fet du \nFinist\u00e8re du vendredi 21 avril 2023 \u00e0 12h00 au vendredi 21 avril 2023 \u00e0 21h00.......................................................................................................4\n\uf0bf\nDIRECTION DES COLLECTIVITES, DE LA CITOYENNETE ET DE LA LEGALITE\nArr\u00eat\u00e9 pr\u00e9fectoral n\u00b0 2023-2 du 4 avril 2023 portant pr\u00e9somption de bien vacant et sans ma\u00eetre (Bois) - Commune de Saint-Denis le\nGast\nConsid\u00e9rant que  le bien n'a pas de propri\u00e9taire connu ;\nConsid\u00e9rant que  les contributions fonci\u00e8res n'ont pas \u00e9t\u00e9 acquitt\u00e9es depuis plus de trois ans ; \nConsid\u00e9rant  que la derni\u00e8re  mesure de publicit\u00e9 a \u00e9t\u00e9  effectu\u00e9e  en mairie de Saint-Denis  le Gast  le 10 janvier  2022,  et que  le d\u00e9lai\nr\u00e9glementaire de 6 mois pr\u00e9Vu pour l'accomplissement de ces mesures est par cons\u00e9quent \u00e9coul\u00e9 ;\nConsid\u00e9rant qu'aucun propri\u00e9taire n'a fait valoir ses droits ni revendiqu\u00e9 la propri\u00e9t\u00e9 de la parcelle ;\nArt. 1 :  L'immeuble non b\u00e2ti (Bois) cadastr\u00e9 A 700 situ\u00e9 sur la commune de Saint-Denis le Gast, est pr\u00e9sum\u00e9 vacant et sans ma\u00eetre et peut\nfaire l'objet d'un transfert dans le domaine priv\u00e9 de la commune.\nCe bien est incorpor\u00e9 dans le domaine communal par d\u00e9lib\u00e9ration du conseil municipal.\nCette incorporation est constat\u00e9e par arr\u00eat\u00e9 du maire.\nArt. 2  : A d\u00e9faut de d\u00e9lib\u00e9ration prise par le conseil municipal dans un d\u00e9lai de six mois \u00e0 compter de la notification du pr\u00e9sent arr\u00eat\u00e9, la\npropri\u00e9t\u00e9 du bien sera attribu\u00e9e \u00e0 l'\u00c9tat.\nLe transfert du bien dans le domaine de l'\u00c9tat sera constat\u00e9 par arr\u00eat\u00e9 pr\u00e9fectoral.\nArt. 3  : Les bois, for\u00eats ou parcelles foresti\u00e8res sont soumis au r\u00e9gime forestier, conform\u00e9ment \u00e0 l'article L. 211-1 du Code Forestier, \u00e0\nl'expiration d'un d\u00e9lai de cinq ans \u00e0 compter de leur incorporation dans le domaine communal. Dans ce d\u00e9lai, il peut \u00eatre fait l'objet de la part de\nla commune de toute op\u00e9ration qu'elle juge souhaitable. \nArt. 4 : Le pr\u00e9sent arr\u00eat\u00e9 sera publi\u00e9 au Recueil des Actes Administratifs. Il sera, en outre, affich\u00e9 en mairie aux endroits r\u00e9serv\u00e9s \u00e0 cet effet et\npar tout autre moyen en usage dans la commune.\nArt. 5 : Le pr\u00e9sent arr\u00eat\u00e9 peut faire l'objet d'un recours contentieux aupr\u00e8s du tribunal administratif de Caen soit :\n- directement, en l'absence de recours pr\u00e9alable, dans le d\u00e9lai de deux mois \u00e0 compter de sa publication ;\n- \u00e0 l'issue d'un recours pr\u00e9alable, dans les deux mois \u00e0 compter de la date de notification de la r\u00e9ponse obtenue de l'administration, ou au\nterme d'un silence gard\u00e9 par celle-ci pendant deux mois \u00e0 compter de la r\u00e9ception de la demande.\nSign\u00e9 : Pour le Pr\u00e9fet, le Secr\u00e9taire g\u00e9n\u00e9ral : Laurent SIMPLICIEN\n\uf0bf\nArr\u00eat\u00e9 pr\u00e9fectoral n\u00b0 2023-3 du 4 avril 2023 portant pr\u00e9somption de biens vacants et sans ma\u00eetre - Commune de SAINT-JEAN DE LA\nRIVIERE\nConsid\u00e9rant que  la derni\u00e8re mesure de publicit\u00e9 a \u00e9t\u00e9 effectu\u00e9e en mairie de Saint-Jean de la Rivi\u00e8re, et que le d\u00e9lai r\u00e9glementaire de 6 mois\npr\u00e9Vu pour l'accomplissement de ces mesures est par cons\u00e9quent \u00e9coul\u00e9 ;\nConsid\u00e9rant  qu'aucun propri\u00e9taire n'a fait valoir ses droits ni revendiqu\u00e9 la propri\u00e9t\u00e9 de la parcelle ;\nArt. 1 : Les immeubles non b\u00e2tis cadastr\u00e9s B 2133 et B 2134 situ\u00e9s sur la commune de Saint-Jean de la Rivi\u00e8re, sont pr\u00e9sum\u00e9s vacants et\nsans ma\u00eetre et peuvent faire l'objet d'un transfert dans le domaine priv\u00e9 de la commune, aux conditions pr\u00e9Vues \u00e0 l'article L. 1123-4 du Code\ng\u00e9n\u00e9ral de la propri\u00e9t\u00e9 des personnes publiques.\nCes biens sont incorpor\u00e9s dans le domaine communal par d\u00e9lib\u00e9ration du conseil municipal.\nCette incorporation est constat\u00e9e par arr\u00eat\u00e9 du maire.\nArt. 2  : A d\u00e9faut de d\u00e9lib\u00e9ration prise par le conseil municipal dans un d\u00e9lai de six mois \u00e0 compter de la notification du pr\u00e9sent arr\u00eat\u00e9, la\npropri\u00e9t\u00e9 des biens est attribu\u00e9e \u00e0 l'\u00c9tat.\nLe transfert des biens dans le domaine de l'\u00c9tat est constat\u00e9 par arr\u00eat\u00e9 pr\u00e9fectoral.\nArt. 4 : Le pr\u00e9sent arr\u00eat\u00e9 sera publi\u00e9 au Recueil des Actes Administratifs. Il sera, en outre, affich\u00e9 en mairie aux endroits r\u00e9serv\u00e9s \u00e0 cet effet et\npar tout autre moyen en usage dans la commune.\nArt. 5 : Le pr\u00e9sent arr\u00eat\u00e9 peut faire l'objet d'un recours contentieux aupr\u00e8s du tribunal administratif de Caen soit :\n- directement, en l'absence de recours pr\u00e9alable, dans le d\u00e9lai de deux mois \u00e0 compter de sa publication ;\n- \u00e0 l'issue d'un recours pr\u00e9alable, dans les deux mois \u00e0 compter de la date de notification de la r\u00e9ponse obtenue de l'administration, ou au\nterme d'un silence gard\u00e9 par celle-ci pendant deux mois \u00e0 compter de la r\u00e9ception de la demande.\nSign\u00e9 : Pour le Pr\u00e9fet, le Secr\u00e9taire g\u00e9n\u00e9ral : Laurent SIMPLICIEN\n\uf0bf\nArr\u00eat\u00e9 du 17 avril 2023 portant constitution de la commission de propagande - \u00c9lections d\u00e9partementales partielles canton de\nBRICQUEBEC-EN-COTENTIN les 14 et 21 mai 2023\nArt.  1  :  Une  commission  de  propagande  \u00e9lectorale  est  institu\u00e9e  dans  le  canton  de  Bricquebec-en-Cotentin  en  Vue  des  \u00e9lections\nd\u00e9partementales partielles des 14 et 21 mai 2023.\nArt. 2 : La composition de la commission de propagande est fix\u00e9e comme suit :\nN\u00b0 de Non ree N\u00b0 d'ordre ga eee a re aay Pr\u00e9nom Nom du Pr\u00e9nom dupanneau du candidat candidat Rempla\u00e7ant rempla\u00e7ant1 Mme LEPOITTEVIN Sonia et 1 LEPOITTEVIN Sonia MILLET NellyM. TOLLEMER Jean-Pierre 2 TOLLEMER Jean-Pierre |POSTEL Simon2 Mme DUSSAUX Sylvie et 1 DUSSAUX Sylvie BRISSET Marie-PierreM. LANGLOIS Hubert 2 LANGLOIS Hubert PHILIPPE Olivier3 Mme GOSSELIN Florence 1 GOSSELIN Florence |ROCHETEAU BrigitteEt M. REGNOUF Emmanuel 2 REGNOUF Emmanuel |LASSERRE PhilippeM. BRIENS Eric et 1 BRIENS Eric LEFER Denis: Mme MARTIN-MORVAN V\u00e9ronique 2 MARTIN MORVAN V\u00e9ronique |MAUGER Adeline\n- Membres agissant en qualit\u00e9 de pr\u00e9sidents, titulaire et suppl\u00e9ant  :\nM. David ARTEIL, pr\u00e9sident du tribunal judiciaire de Cherbourg, titulaire\nMadame Laurence MORIN, vice-pr\u00e9sidente au tribunal judiciaire de Cherbourg, suppl\u00e9ante\n- Membres d\u00e9sign\u00e9s par le Pr\u00e9fet, titulaire et suppl\u00e9ant :\nMme Christelle BREUIL, cheffe du bureau des \u00e9lections \u00e0 la pr\u00e9fecture, titulaire\nMme Vanessa LAMBERT, directrice par int\u00e9rim des collectivit\u00e9s, de la citoyennet\u00e9 et de la l\u00e9galit\u00e9 \u00e0 la pr\u00e9fecture, suppl\u00e9ante\n-  Membres  agissant  en  qualit\u00e9  de  repr\u00e9sentants,  titulaire  et  suppl\u00e9ant,  du  groupement  postal  de  la  Manche,  op\u00e9rateur  charg\u00e9  de\nl'acheminement de la propagande :\nM. R\u00e9gis LECARPENTIER, animateur des Op\u00e9rations Clients, titulaire\nM. Denis CLEMENT, animateur des Op\u00e9rations Clients, suppl\u00e9ant\n- Fonctionnaires d\u00e9sign\u00e9s pour assurer le secr\u00e9tariat, titulaire et suppl\u00e9ant : \nMme B\u00e9atrice DODELANDE, adjointe \u00e0 la  cheffe du bureau des \u00e9lections \u00e0 la pr\u00e9fecture, titulaire\nM. Franck ROSSELL, agent du bureau des \u00e9lections de la pr\u00e9fecture, suppl\u00e9ant\nArt. 3 : Chaque bin\u00f4me de candidats peut d\u00e9signer un repr\u00e9sentant pour participer aux travaux de la commission avec voix consultative.\nArt. 4 : Le si\u00e8ge de la commission de propagande est fix\u00e9 \u00e0 la Pr\u00e9fecture de la Manche.\nArt. 5 : La commission est charg\u00e9e de :\n-  faire proc\u00e9der au libell\u00e9 des enveloppes remises par la pr\u00e9fecture,\n- v\u00e9rifier que les bulletins et circulaires sont conformes aux dispositions du code \u00e9lectoral,\n- adresser au plus tard le mercredi 10 mai 2023 \u00e0 pour le premier tour et le jeudi 18 mai 2023 pour le second tour, \u00e0 tous les \u00e9lecteurs inscrits\nsur les listes \u00e9lectorales des communes du canton, dans une enveloppe ferm\u00e9e, une circulaire et un bulletin de vote de chaque bin\u00f4me de\ncandidats,\n- envoyer dans chaque mairie du canton, au plus tard le mercredi 10 mai 2023 \u00e0 pour le premier tour et le jeudi 18 mai 2023 pour le second\ntour, les bulletins de vote de chaque bin\u00f4me de candidats en un nombre au moins \u00e9gal \u00e0 celui des \u00e9lecteurs inscrits dans les mairies du canton.\nLes bin\u00f4mes de candidats d\u00e9sirant obtenir le concours de la commission de propagande, devront respecter le calendrier de d\u00e9p\u00f4t des\ndocuments fix\u00e9 comme suit :\nDate et heure limites Nature des op\u00e9rations\nPREMIER TOUR\nLe mardi 25 avril 2023 \u00e0 16 heures \n\u00e0 la pr\u00e9fecture \u2013 salle Montalivet \nExamen par la commission des sp\u00e9cimens de documents de \npropagande (circulaire et bulletin de vote)\nLe vendredi 28 avril 2023 \u00e0 12 heures (midi) au plus tard \u00e0 la \npr\u00e9fecture\nD\u00e9p\u00f4t par les candidats des quantit\u00e9s de documents de propagande \nn\u00e9cessaires pour l'envoi aux \u00e9lecteurs et aux mairies du canton  \nSECOND TOUR\nLe mardi 16 mai 2023 \u00e0 17 heures au plus tard \u00e0 la pr\u00e9fecture D\u00e9p\u00f4t, par les candidats pr\u00e9sents au second tour, des quantit\u00e9s de \ndocuments de propagande n\u00e9cessaires pour l'envoi aux \u00e9lecteurs et \naux mairies du canton \nLa commission de propagande n'est pas tenue d'assurer l'envoi de documents remis post\u00e9rieurement aux d\u00e9lais fix\u00e9s ci-dessus.\nArt. 7 :  La commission sera install\u00e9e sur convocation de son pr\u00e9sident le 25 avril 2023.\nArt. 8 : Aux termes des articles L. 216 du code \u00e9lectoral sont \u00e0 la charge de l'Etat, les d\u00e9penses provenant des op\u00e9rations effectu\u00e9es par les\ncommissions ainsi que celles qui r\u00e9sultent de leur fonctionnement. Il est rembours\u00e9 aux listes de candidats ayant obtenu au moins 5 % des\nsuffrages exprim\u00e9s \u00e0 l'un des deux tours de scrutin, le co\u00fbt du papier, l'impression des bulletins de vote, affiches et circulaires ainsi que les frais\nd'affichage.\nSign\u00e9 : Pour le Pr\u00e9fet, le Secr\u00e9taire g\u00e9n\u00e9ral : Laurent SIMPLICIEN\n\uf0bf\nArr\u00eat\u00e9 du 21 avril 2023 portant publication de la liste des candidats pour le 1er tour de scrutin - \u00c9lections d\u00e9partementales partielles -\nCanton de BRICQUEBEC-EN-COTENTIN - les 14 et 21 mai 2023\nArt. 1 :  La liste des bin\u00f4mes de candidats aux \u00e9lections d\u00e9partementales partielles sur le canton de Bricquebec-en-Cotentin pour le scrutin du\n14 mai 2023 dans le respect de l'ordre d'attribution des panneaux d'affichage \u00e0 l'issue du tirage au sort, est fix\u00e9e conform\u00e9ment \u00e0 la liste jointe\nen annexe.\nArt. 2 : Pour qu'un bin\u00f4me de candidats soit \u00e9lu au 1er tour de scrutin, il doit avoir recueilli la majorit\u00e9 absolue des suffrages exprim\u00e9s et un\nnombre de voix \u00e9gal au quart des \u00e9lecteurs inscrits. Au second tour, la majorit\u00e9 relative suffit. En cas d'\u00e9galit\u00e9 de suffrages, l'\u00e9lection est\nacquise au bin\u00f4me qui comporte le candidat le plus \u00e2g\u00e9.\nPour qu'un bin\u00f4me de candidats ait le droit de se pr\u00e9senter au second tour, il doit avoir obtenu, au 1er tour, un nombre de voix au moins \u00e9gal \u00e0\n12,5 % du nombre des \u00e9lecteurs inscrits dans le canton. \nSi un seul bin\u00f4me de candidats remplit cette condition, le bin\u00f4me ayant obtenu le plus grand nombre  de suffrages apr\u00e8s lui peut se maintenir\nau second tour.\nSi aucun bin\u00f4me ne remplit cette condition, seuls les deux bin\u00f4mes arriv\u00e9s en t\u00eate peuvent se maintenir au second tour.\nSi au  moins  deux  bin\u00f4mes  remplissent  les  conditions  ci-dessus  mais qu'un  seul  a fait  acte  de candidature  pour  le second  tour,  cette\ncirconstance ne permet pas \u00e0 un autre bin\u00f4me pr\u00e9sent au premier tour mais ne remplissant pas ces conditions de se pr\u00e9senter au second tour.\nSign\u00e9 : Pour le Pr\u00e9fet, le Secr\u00e9taire g\u00e9n\u00e9ral : Laurent SIMPLICIEN\nANNEXE \u00c0 L'ARR\u00caT\u00c9 DU 21 AVRIL 2023 PORTANT PUBLICATION DE LA LISTE DES CANDIDATS POUR LE 1ER TOUR DE SCRUTIN\n\uf0bf\n\nSERVICE DE LA COORDINATION DES POLITIQUES PUBLIQUES ET DE L'APPUI TERRITORIAL\nCommission nationale d'am\u00e9nagement commercial du jeudi 9 mars 2023\n- demande de cr\u00e9ation d'un DRIVE MASTER E. LECLERC, comprenant 10 pistes de ravitaillement avec un auvent de 402 m\u00b2, un espace\nd'accueil accessible \u00e0 la client\u00e8le de 15 m\u00b2 et une surface de stockage des commandes pr\u00e9par\u00e9es de 73 m\u00b2, situ\u00e9 33 route de La Hague \u2013\nAcqueville \u2013 50440 La Hague.\nLe projet est accompagn\u00e9 d'une station-service E. LECLERC.\nAvis - D\u00e9favorable\n\uf0bf\nCommission d\u00e9partementale d'am\u00e9nagement commercial du jeudi 6 avril 2023 \n- demande d'extension d'un ensemble commercial, par la cr\u00e9ation d'un magasin LDLC d'une surface de vente de 84,95 m\u00b2, situ\u00e9 ZAC La\nGlacerie \u2013 La Marette \u2013 rue des Marettes \u2013 50110 Cherbourg-en-Cotentin.\nLa surface de vente totale sera de 4 671,95 m\u00b2.\nAvis - Favorable\n\uf0bf\nDIRECTION DEPARTEMENTALE DES TERRITOIRES ET DE LA MER\nArr\u00eat\u00e9 pr\u00e9fectoral du 21 mars 2023 portant approbation du plan de pr\u00e9vention des risques littoraux sur les communes de SAINT-\nJEAN-LE-THOMAS, DRAGEY-RONTHON ET GEN\u00caTS\nConsid\u00e9rant que  les al\u00e9as littoraux sur le territoire des communes de Saint-Jean-le-Thomas, Dragey-Ronthon et Gen\u00eats sont de nature \u00e0\nengendrer des risques pour les personnes et les biens qui y sont expos\u00e9s ;\nConsid\u00e9rant que  le projet de plan de pr\u00e9vention des risques littoraux vise \u00e0 limiter la Vuln\u00e9rabilit\u00e9 des personnes et des biens \u00e0 l'al\u00e9a de\nsubmersion marine, en d\u00e9limitant  les zones  expos\u00e9es  et en d\u00e9terminant,  en fonction du niveau d'exposition,  les mesures  d'interdiction,\nd'autorisation sous prescriptions, de pr\u00e9vention et de protection applicables ;\nConsid\u00e9rant  les  modalit\u00e9s  d'association,  de  consultation  et  de  concertation  mises  en  \u0153uvre  selon  le  r\u00e9f\u00e9rentiel  r\u00e9glementaire  lors  de\nl'\u00e9laboration du projet de plan ;\nConsid\u00e9rant l'avis favorable assorti de recommandations, \u00e9mis \u00e0 l'issue de l'enqu\u00eate publique par le commissaire enqu\u00eateur ;\nConsid\u00e9rant que  les recommandations \u00e9mises par le commissaire enqu\u00eateur n'ont pas g\u00e9n\u00e9r\u00e9 de modification du dossier ;\nArt. 1 : Le plan de pr\u00e9vention des risques littoraux sur les communes de Saint-Jean-le-Thomas, Dragey-Ronthon et Gen\u00eats est approuv\u00e9, tel\nqu'il est annex\u00e9 au pr\u00e9sent arr\u00eat\u00e9.\nLe plan comporte une note de pr\u00e9sentation, le r\u00e8glement \u00e9crit qui d\u00e9finit les r\u00e8gles applicables dans les diff\u00e9rentes zones r\u00e9glementaires, les\ncartes de zonage r\u00e9glementaire d\u00e9limitant les zones expos\u00e9es, les cartes de d\u00e9finition des cotes de r\u00e9f\u00e9rence, les cartographies relatives \u00e0\nl'al\u00e9a de submersion marine et aux enjeux.\nArt. 2  : Le plan de pr\u00e9vention des risques littoraux  approuv\u00e9 vaut servitude d'utilit\u00e9 publique et sera, \u00e0 ce titre, annex\u00e9 aux documents\nd'urbanisme des communes concern\u00e9es, en application des dispositions du code de l'urbanisme.\nArt. 3 : Le plan de pr\u00e9vention des risques littoraux est tenu \u00e0 la disposition du public dans les mairies des communes concern\u00e9es, au si\u00e8ge de\nla communaut\u00e9 d'agglom\u00e9ration Mont-Saint-Michel \u2013 Normandie ainsi qu'\u00e0 la pr\u00e9fecture de la Manche.\nCe dernier est \u00e9galement accessible sur le site internet des services de l'\u00c9tat dans la Manche http//www.manche.gouv.fr, ainsi que sur le\nG\u00e9oportail de l'Urbanisme.\nArt. 4 : Le pr\u00e9sent arr\u00eat\u00e9 sera publi\u00e9 au recueil des actes administratifs. Mention en sera faite dans le journal \u00ab Ouest France \u00bb. \nL'arr\u00eat\u00e9 sera affich\u00e9, pendant une dur\u00e9e minimum d'un mois, dans les mairies concern\u00e9es, \u00e0 la communaut\u00e9 d'agglom\u00e9ration Mont-Saint-\nMichel \u2013 Normandie et au PETR Sud-Manche \u2013 Baie du Mont-Saint-Michel. L'accomplissement de cette formalit\u00e9 sera justifi\u00e9 par un certificat\n\u00e9tabli par l'autorit\u00e9 comp\u00e9tente.\nArt. 5 : Conform\u00e9ment \u00e0 l'article R.421-1 du code de justice administrative, le pr\u00e9sent arr\u00eat\u00e9 est susceptible de recours contentieux aupr\u00e8s du\ntribunal administratif de Caen (sis 3 rue Arthur Leduc \u2013 BP 25086 \u2013 14050 CAEN cedex 4) dans un d\u00e9lai de deux mois \u00e0 compter de la derni\u00e8re\nformalit\u00e9 de publicit\u00e9 accomplie.\nLe  tribunal  administratif  peut  \u00eatre  saisi  par  l'application  informatique  \u00ab  T\u00e9l\u00e9recours  citoyens \u00bb  accessible  par  le  site  de  t\u00e9l\u00e9proc\u00e9dures\nhttps://www.telerecours.fr/\nSign\u00e9 : Le Pr\u00e9fet : Fr\u00e9d\u00e9ric PERISSAT\n\uf0bf\nDIVERS\nEMZ - Pr\u00e9fecture de Zone de D\u00e9fense et de S\u00e9curit\u00e9 Ouest\nArr\u00eat\u00e9 du 20 avril 2023 confiant la suppl\u00e9ance du pr\u00e9fet de zone de d\u00e9fense et de s\u00e9curit\u00e9 ouest \u00e0 monsieur Philippe MAH\u00c9, pr\u00e9fet du\nFinist\u00e8re du vendredi 21 avril 2023 \u00e0 12h00 au vendredi 21 avril 2023 \u00e0 21h00\nVu le code de la d\u00e9fense, notamment son article r 1311.23 ;\nVu le d\u00e9cret n\u00b02010-224 du 4 mars 2010 relatif aux pouvoirs des pr\u00e9fets de zone de d\u00e9fense et de s\u00e9curit\u00e9 ;\nVu le d\u00e9cret n\u00b02010-225 du 4 mars 2010 portant modifications de certaines dispositions du code de la d\u00e9fense relatives aux pr\u00e9fets d\u00e9l\u00e9gu\u00e9s\npour la d\u00e9fense et la s\u00e9curit\u00e9, aux \u00e9tats-majors interminist\u00e9riels de zone de d\u00e9fense et de s\u00e9curit\u00e9, aux d\u00e9l\u00e9gu\u00e9s et correspondants de zone de\nd\u00e9fense et de s\u00e9curit\u00e9 et \u00e0 l'outre-mer ainsi que certaines dispositions relatives aux secr\u00e9tariats g\u00e9n\u00e9raux pour l'administration de la police et\ncertaines dispositions du code de la sant\u00e9 publique ;\nVu le d\u00e9cret du 28 octobre 2020 portant nomination de Monsieur Emmanuel BERTHIER, pr\u00e9fet de la r\u00e9gion Bretagne, pr\u00e9fet de la zone de\nd\u00e9fense et de s\u00e9curit\u00e9 Ouest, pr\u00e9fet d'Ille-et-Vilaine ;\nVu le d\u00e9cret du 29 juillet 2020 portant nomination de Monsieur Philippe MAH\u00c9, pr\u00e9fet du Finist\u00e8re ;\nVu le d\u00e9cret du 15 f\u00e9vrier 2023 portant nomination de Monsieur Herv\u00e9 TOURMENTE, pr\u00e9fet d\u00e9l\u00e9gu\u00e9 \u00e0 la d\u00e9fense et \u00e0 la s\u00e9curit\u00e9 de la zone\nOuest ;\nConsid\u00e9rant l'absence de monsieur Emmanuel BERTHIER, pr\u00e9fet de la zone de d\u00e9fense et de s\u00e9curit\u00e9 ouest, pr\u00e9fet de la r\u00e9gion Bretagne,\npr\u00e9fet d'Ille-et-Vilaine le vendredi 21 avril 2023 de 12h00 \u00e0 21h00 ;\nConsid\u00e9rant l'absence de Monsieur Herv\u00e9 TOURMENTE;\nArt.     1   : la suppl\u00e9ance du pr\u00e9fet de zone de d\u00e9fense et de s\u00e9curit\u00e9 ouest est assur\u00e9e par monsieur Philippe MAH\u00c9, pr\u00e9fet du Finist\u00e8re, le\nvendredi 21 avril 2023 de 12h00 \u00e0 21h00.\nSign\u00e9 : Le Pr\u00e9fet : Emmanuel BERTHIER\n\uf0bf\nD\u00e9partement de la Manche - Imprimerie administrative - Directeur de la publication : M. le secr\u00e9taire g\u00e9n\u00e9ral de la pr\u00e9fecture","date":"2023-04-21","first_seen_on":"2025-07-18T11:48:35+00:00","id":"9843df8c596ebf31ffad5aa1c8bf0ef6e3649c5bc4a931bc7e9d68e1bb17ea71","name":"RAA sp\u00e9cial n\u00b033","pdf_creation_date":"2023-04-21T14:39:26+00:00","pdf_modification_date":null,"timezone":"Europe/Paris","url":"https://www.manche.gouv.fr/contenu/telechargement/55767/434649/file/SP%2033.pdf"}
