{"administration":"pref80","administration_name":"Pr\u00e9fecture de la Somme","content":"PR\u00c9FECTURE\nDE LA SOMME\nRECUEIL DES ACTES\nADMINISTRATIFS SP\u00c9CIAL\nN\u00b02024-012\nPUBLI\u00c9 LE 15 JANVIER 2024\nSommaire\nPr\u00e9fecture de la Somme /\n80-2024-01-15-00004 - Arr\u00eat\u00e9 portant d\u00e9l\u00e9gation de signature en mati\u00e8re\nd'ordonnancement secondaire \u00e0 M. Victor JOZON, directeur de cabinet du\npr\u00e9fet de la Somme (3 pages) Page 3\n80-2024-01-15-00005 - Arr\u00eat\u00e9 portant d\u00e9l\u00e9gation de signature lors des\npermanences des sous-pr\u00e9fets (3 pages) Page 7\n80-2024-01-15-00002 - Arr\u00eat\u00e9 portant d\u00e9l\u00e9gation de signature principale \u00e0\nM. Emmanuel MOULARD, secr\u00e9taire g\u00e9n\u00e9ral de la pr\u00e9fecture de la Somme\n(3 pages) Page 11\n80-2024-01-15-00003 - Arr\u00eat\u00e9 portant d\u00e9l\u00e9gation de signature principale \u00e0\nM. Victor JOZON, directeur de cabinet du pr\u00e9fet de la Somme (4 pages) Page 15\nPr\u00e9fecture de la Somme - Direction de la Citoyennet\u00e9 et de la L\u00e9galit\u00e9 /\nDirection de la Citoyennet\u00e9 et de la L\u00e9galit\u00e9\n80-2024-01-15-00001 - Arr\u00eat\u00e9 portant convocation des \u00e9lecteurs de Gorges\n\u00e0 une \u00e9lection municipale partielle et compl\u00e9mentaire les 10 et 17 mars\n2024 et fixant les dates de d\u00e9p\u00f4t des d\u00e9clarations de candidature pour\nl'\u00e9lection de trois conseillers municipaux. (2 pages) Page 20\n2\nPr\u00e9fecture de la Somme\n80-2024-01-15-00004\nArr\u00eat\u00e9 portant d\u00e9l\u00e9gation de signature en\nmati\u00e8re d'ordonnancement secondaire \u00e0 M.\nVictor JOZON, directeur de cabinet du pr\u00e9fet de\nla Somme\nPr\u00e9fecture de la Somme - 80-2024-01-15-00004 - Arr\u00eat\u00e9 portant d\u00e9l\u00e9gation de signature en mati\u00e8re d'ordonnancement secondaire \u00e0\nM. Victor JOZON, directeur de cabinet du pr\u00e9fet de la Somme 3\nPREFET\nDE LA SOMME\nLibert\u00e9\nEgalit\u00e9\nFraternit\u00e9\nARRETE\nportant  d\u00e9l\u00e9gation  de signature  en mati\u00e8re  d'ordonnancement  secondaire  \u00e0\nM. Victor  JOZON,  directeur  de cabinet  du pr\u00e9fet  de la Somme\nLE PREFET  DE LA SOMME\nCHEVALIER  DE LA LEGION  D'HONNEUR\nVU le code  g\u00e9n\u00e9ral  des  collectivit\u00e9s  territoriales  ;\nVU la loi organique  n\u00b02001-692  du 1er ao\u00fbt  2001  modifi\u00e9e  relative  aux  lois  de finances  ;\nVU la loi n\u00b0 82-213  du 2 mars  1982  modifi\u00e9e  relative  aux  droits  et libert\u00e9s  des  communes,\ndes  d\u00e9partements  et des  r\u00e9gions  ;\nVU le d\u00e9cret  n\u00b0 2004-374  du 29 avril  2004  modifi\u00e9  relatif  aux  pouvoirs  des  pr\u00e9fets,  \u00e0\nl'organisation  et \u00e0 l'action  des  services  de l'\u00c9tat  dans  les r\u00e9gions  et les d\u00e9partements  ;\nVU le d\u00e9cret  n\u00b0 2012-1246  du 7 novembre  2012  modifi\u00e9  relatif  \u00e0 la gestion  budg\u00e9taire  et\ncomptable  publique  ;\nVU le d\u00e9cret  n\u00b02015-510  du 7 mai  2015  modifi\u00e9  portant  charte  de d\u00e9concentration  ;\nVU le d\u00e9cret  du 13 juillet  2023  portant  nomination  du pr\u00e9fet  de la Somme,  M. Rollon\nMOUCHEL-BLAISOT  ;\nVU  le d\u00e9cret  du 21 juillet  2023  portant  nomination  de M. Emmanuel  MOULARD,\nsous-pr\u00e9fet  hors  classe,  secr\u00e9taire  g\u00e9n\u00e9ral  de la pr\u00e9fecture  de la Somme  ;\nVU le d\u00e9cret  du 3 janvier  2024  portant  nommination  de M. Victor  JOZON,  administrateur\nde l'\u00c9tat,  sous-pr\u00e9fet,  directeur  de cabinet  du pr\u00e9fet  de la Somme  ;\nVU l'arr\u00eat\u00e9  pr\u00e9fectoral  du 22 d\u00e9cembre  2020  portant  organisation  du secr\u00e9tariat  g\u00e9n\u00e9ral\ncommun  d\u00e9partemental  de la Somme  ;\nVU l'arr\u00eat\u00e9  pr\u00e9fectoral  du 31 d\u00e9cembre  2021  portant  organisation  des  services  de la\npr\u00e9fecture  de la Somme  ;\nVU  l'arr\u00e9t\u00e9  pr\u00e9fectoral  du 31 juillet  2023  portant  d\u00e9l\u00e9gation  de signature  en mati\u00e8re\nd'ordonnancement  secondaire  \u00e0 M. Florian  STRASER,  directeur  de cabinet  du pr\u00e9fet  de la\nSomme  ;\nSUR  proposition  du secr\u00e9taire  g\u00e9n\u00e9ral  de la pr\u00e9fecture  de la Somme  ;\nPr\u00e9fecture de la Somme - 80-2024-01-15-00004 - Arr\u00eat\u00e9 portant d\u00e9l\u00e9gation de signature en mati\u00e8re d'ordonnancement secondaire \u00e0\nM. Victor JOZON, directeur de cabinet du pr\u00e9fet de la Somme 4\nARRETE\nArticle  1 : En I'absence  de M. Emmanuel  MOULARD,  secr\u00e9taire  g\u00e9n\u00e9ral  de la pr\u00e9fecture  de\nla Somme,  d\u00e9l\u00e9gation  est donn\u00e9e  \u00e0 M. Victor  JOZON,  administrateur  de l'\u00c9tat,  directeur  de\ncabinet  du pr\u00e9fet  de la Somme,  en tant  que  responsable  d'Unit\u00e9  Op\u00e9rationnelle,  pour\nproc\u00e9der  \u00e0 l'ordonnancement  secondaire  des  recettes  et des  d\u00e9penses  de l'\u00c9tat  relevant  :\n1) des  BOP  centraux  suivants  :\n- BOP  n\u00b0129  \u00ab Coordination  du travail  gouvernemental  \u00bb - Lutte  contre  les drogues  et\nla toxicomanie\n- BOP  n\u00b0161  \u00ab Services  op\u00e9rationnels  de la S\u00e9curit\u00e9  Civile  \u00bb\n- BOP  n\u00b0169  \u00ab M\u00e9moire,  reconnaissance  et r\u00e9paration  en faveur  du monde\ncombattant  \u00bb (action  2)\n- BOP  n\u00b0176  \u00ab Police  n\u00b01-  Commandement,  soutien  et logistique  \u00bb (actions  1, 4 et 6)\n- BOP  n\u00b0177  \u00ab Mission  interminist\u00e9rielle  aux  rapatri\u00e9s  \u00bb\n- BOP  n\u00b0181  \u00ab Pr\u00e9vention  des  risques  \u00bb (actions  1, 10 et 11)\n- BOP  n\u00b0216  \u00ab Conduite  et pilotage  des  politiques  de l'int\u00e9rieur  \u00bb\n- BOP  n\u00b0743  \u00ab Pensions  militaires  d'invalidit\u00e9  et des  victimes  de guerre  et autres\npensions\u00bb  (action  4)\n- BOP  Liens  entre  la nation  et son  arm\u00e9e  (action  2)\n2) du BOP  zonal  suivant  :\n- Police-  BOP  n\u00b05 \u00ab Moyens  des  services  de la Zone  Nord  \u00bb (actions  1, 2, 3, 4 et 5)\n3) du BOP  r\u00e9gional  suivant  :\n- BOP  n\u00b0207  \u00ab S\u00e9curit\u00e9  et \u00e9ducation  routi\u00e8res  \u00bb (actions  1, 2 et 3)\nArticle  2 : Cette  d\u00e9l\u00e9gation  concerne  tous  documents  administratifs  et pi\u00e8ces  comptables\nrelatifs  \u00e0 l'engagement,  \u00e0 la liquidation  et au mandatement  des  d\u00e9penses  ainsi  que  ceux\nrelatifs  aux  op\u00e9rations  concernant  les recettes  (titres  de perception,  \u00e9tats  ex\u00e9cutoires,\ncessions...)  \u00e0 l'exception  :\n- des  d\u00e9cisions  de subventions  de fonctionnement  sup\u00e9rieures  \u00e0 30 000  \u20ac,\n- des  d\u00e9cisions  de subventions  d'investissement  sup\u00e9rieures  \u00e0 100  000  \u20ac,\n- des  march\u00e9s  publics  en proc\u00e9dure  formalis\u00e9e,\n- des  d\u00e9cisions  de passer  outre  aux  avis  d\u00e9favorables  de l'autorit\u00e9  charg\u00e9e  du\ncontr\u00f4le  financier,\n- des  ordres  de r\u00e9quisition  du comptable  public,\n- des  d\u00e9cisions  d'acquisition,  d'ali\u00e9nation,  d'affectation  du domaine  priv\u00e9  et\npublic  de l'\u00c9tat.\nArticle  3 : En tant  que  responsable  d'Unit\u00e9  Op\u00e9rationnelle,  le d\u00e9l\u00e9gataire  fournira  chaque\ntrimestre  un compte  rendu  d'ex\u00e9cution.\nArticle  4: En cas  d'absence  ou d'emp\u00eachement  de M. Victor  JOZON,  d\u00e9l\u00e9gation  est\ndonn\u00e9e  pour  les actes  administratifs  et financiers,  \u00e0 l'exception  des  arr\u00eat\u00e9s  attributifs  de\nsubventions  ou conventions,  relevant  de l'article  1 du pr\u00e9sent  arr\u00e9t\u00e9  et sous  les r\u00e9serves\ng\u00e9n\u00e9rales  de l'article  2 du pr\u00e9sent  arr\u00eat\u00e9,  dans  l'ordre  \u00e0 et chacun  dans  les limites  de son\nservice  :\n- M. Martin  LEVREL,  directeur  interd\u00e9partemental  de la police  nationale  de la Somme  ;\nPr\u00e9fecture de la Somme - 80-2024-01-15-00004 - Arr\u00eat\u00e9 portant d\u00e9l\u00e9gation de signature en mati\u00e8re d'ordonnancement secondaire \u00e0\nM. Victor JOZON, directeur de cabinet du pr\u00e9fet de la Somme 5\n- M. Olivier  NGUYEN,  directeur  du secr\u00e9tariat  g\u00e9n\u00e9ral  commun  d\u00e9partemental  de la\nSomme  ;\n- M. Antony  THIEFAINE,  chef  du p\u00f4le  budg\u00e9taire  et financier  du Secr\u00e9tariat  g\u00e9n\u00e9ral\ncommun  d\u00e9partemental  de la Somme.\nLa signature  des  agents  habilit\u00e9s  est accr\u00e9dit\u00e9e  aupr\u00e8s  de la directrice  d\u00e9partementale  des\nfinances  publiques  de la Somme.\nArticle  5 : Hors  programme  CHORUS,  M. Antony  THIEFAINE  re\u00e7oit  d\u00e9l\u00e9gation  pour  signer\nles titres  de perception  et les rendre  ex\u00e9cutoires.\nArticle  6 : L'arr\u00eat\u00e9  pr\u00e9fectoral  du 31 juillet  2023  susvis\u00e9  est abrog\u00e9.\nArticle  7 : Le secr\u00e9taire  g\u00e9n\u00e9ral  de la pr\u00e9fecture  de la Somme,  le directeur  de cabinet  du\npr\u00e9fet  de la Somme  et la directrice  d\u00e9partementale  des  finances  publiques  de la Somme,\nsont  charg\u00e9s,  chacun  en ce qui le concerne,  de l'ex\u00e9cution  du pr\u00e9sent  arr\u00eat\u00e9  qui sera\npubli\u00e9  au recueil  des  actes  administratifs  de la pr\u00e9fecture  de la Somme.\nAmiens,le  13 JAN. 2024\nLe pr\u00e9fet\nRollon  MOUCHEL-BLAISOT\nPr\u00e9fecture de la Somme - 80-2024-01-15-00004 - Arr\u00eat\u00e9 portant d\u00e9l\u00e9gation de signature en mati\u00e8re d'ordonnancement secondaire \u00e0\nM. Victor JOZON, directeur de cabinet du pr\u00e9fet de la Somme 6\nPr\u00e9fecture de la Somme\n80-2024-01-15-00005\nArr\u00eat\u00e9 portant d\u00e9l\u00e9gation de signature lors des\npermanences des sous-pr\u00e9fets\nPr\u00e9fecture de la Somme - 80-2024-01-15-00005 - Arr\u00eat\u00e9 portant d\u00e9l\u00e9gation de signature lors des permanences des sous-pr\u00e9fets 7\nPREFET\nDE LA SOMME\nLibert\u00e9\n\u00c9galit\u00e9\nFraternit\u00e9\nARR\u00caT\u00c9\nPortant  d\u00e9l\u00e9gation  de signature  lors  des  permanences  des  sous-pr\u00e9fets\nLE PR\u00c9FET  DE LA SOMME\nCHEVALIER  DE LA LEGION  D'HONNEUR\nVU le code  g\u00e9n\u00e9ral  des  collectivit\u00e9s  territoriales  ;\nVU le code  de la route  et notamment  son  article  L 18.1  ;\nVU le code  de la sant\u00e9  publique  ;\nVU le code  de proc\u00e9dure  p\u00e9nale  ;\nVU le code  des  \u00e9trangers  et du droit  d'asile  ;\nVU  la loi n\u00b0 82-213  du 2 mars  1982  modifi\u00e9e  relative  aux  droits  et libert\u00e9s  des  communes,\ndes  d\u00e9partements  et des  r\u00e9gions  ;\nVU la loi n\u00b02004-809  du 13 ao\u00fbt  2004  modifi\u00e9e  relative  aux  libert\u00e9s  et responsabilit\u00e9s  locales\net notamment  son  article  132  ;\nVU la loi n\u00b0 2011-267  du 14 mars  2011  modifi\u00e9e  d'orientation  et de programmation  pour  la\nperformance  et la s\u00e9curit\u00e9  int\u00e9rieure  ;\nVU le d\u00e9cret  n\u00b097-34  du 15 janvier  1997  modifi\u00e9  relatif  \u00e0 la d\u00e9concentration  des  d\u00e9cisions\nadministratives  individuelles  ;\nVU le d\u00e9cret  n\u00b0 2004-374  du 29 avril  2004  modifi\u00e9  relatif  aux  pouvoirs  des  pr\u00e9fets,  \u00e0\nl'organisation  et \u00e0 l'action  des  services  de l'\u00c9tat  dans  les r\u00e9gions  et d\u00e9partements  ;\nVU le d\u00e9cret  n\u00b0 2015-510  du 7 mai  2015  modifi\u00e9  portant  charte  de la d\u00e9concentration  ;\nVU  le d\u00e9cret  du 7 octobre  2022  portant  nomination  de Mme  Christine  ROYER,  sous-pr\u00e9f\u00e8te\nhors-classe,  sous-pr\u00e9f\u00e8te  d'Abbeville  ;\nVU le d\u00e9cret  du 4 novembre  2022  portant  nomination  de Mme  Laurence  LECOUSTRE,  sous-\npr\u00e9f\u00e8te  de P\u00e9ronne  ;\nPr\u00e9fecture de la Somme - 80-2024-01-15-00005 - Arr\u00eat\u00e9 portant d\u00e9l\u00e9gation de signature lors des permanences des sous-pr\u00e9fets 8\nVU le d\u00e9cret  du 29 d\u00e9cembre  2022  portant  nomination  de M. Silv\u00e8re  SAY,  sous-pr\u00e9fet  de\nMontdidier  ;\nVU le d\u00e9cret  du 13 juillet  2023  portant  nomination  du pr\u00e9fet  de la Somme,  M. Rollon\nMOUCHEL-BLAISOT  ;\nVU le d\u00e9cret  du 21 juillet  2023  portant  nomination  de M. Emmanuel  MOULARD,  sous-pr\u00e9fet\nhors  classe,  secr\u00e9taire  g\u00e9n\u00e9ral  de la pr\u00e9fecture  de la Somme  ;\nVU le d\u00e9cret  du 3 janvier  2024  portant  nomination  de M. Victor  JOZON,  administrateur  de\nI'Etat,  sous-pr\u00e9fet,  directeur  de cabinet  du pr\u00e9fet  de la Somme  ;\nVU l'arr\u00e9t\u00e9  pr\u00e9fectoral  du 31 d\u00e9cembre  2021  portant  organisation  des  services  de la\npr\u00e9fecture  de la Somme  ;\nVU l'arr\u00eat\u00e9  pr\u00e9fectoral  du 31 juillet  2023  portant  d\u00e9l\u00e9gation  de signature  lors  des\npermanences  des  sous-pr\u00e9fets\nSUR  proposition  du secr\u00e9taire  g\u00e9n\u00e9ral  de la pr\u00e9fecture  de la Somme  :\nARRETE\nArticle  1\" ;\n\u00c0 compter  du 20 janvier  2024,  quand  ils assurent  des permanences  pour  l'ensemble  du\nd\u00e9partement  :\n\u00b0 M. Emmanuel  MOULARD,  secr\u00e9taire  g\u00e9n\u00e9ral  de la pr\u00e9fecture  de la Somme\n\u00b0 M. Victor  JOZON,  directeur  de cabinet  du pr\u00e9fet  de la Somme\n. Mme  Christine  ROYER  sous-pr\u00e9f\u00e9te  d'Abbeville\n. Mme  Laurence  LECOUSTRE,  sous-pr\u00e9f\u00e9te  de P\u00e9ronne\n\u00b0 M. Silv\u00e8re  SAY,  sous-pr\u00e9fet  de Montdidier\nont  d\u00e9l\u00e9gation  de signature  \u00e0 l'effet  de prendre  toute  d\u00e9cision  n\u00e9cessit\u00e9e  par une\nsituation  d'urgence  et notamment  dans  les domaines  suivants  :\n- l\u00e9gislation  et r\u00e9glementation  relatives  \u00e0 la fermeture  administrative  des  d\u00e9bits  de\nboissons  et restaurants,\n- l\u00e9gislation  et r\u00e9glementation  relatives  \u00e0 l'entr\u00e9e,  au s\u00e9jour  des  \u00e9trangers  en France  et\nau droit  d'asile,\n- l\u00e9gislation  et r\u00e9glementation  en mati\u00e8re  d'hospitalisation  en soins  psychiatriques  sans\nconsentement,\n- l\u00e9gislation  relative  au permis  de conduire  :\ny arr\u00eat\u00e9s  de suspension  provisoire  imm\u00e9diate  du permis  de conduire  ;\nv arr\u00eat\u00e9s  de suspension  provisoire  imm\u00e9diate  ou non  du permis  de\nconduire  pour  une  dur\u00e9e  maximale  d''un  an en application  des  articles\nL.224-1,  alin\u00e9a  6 et L.224-2  alin\u00e9as  5 et 6 du code  de la route.\nPr\u00e9fecture de la Somme - 80-2024-01-15-00005 - Arr\u00eat\u00e9 portant d\u00e9l\u00e9gation de signature lors des permanences des sous-pr\u00e9fets 9\n- l\u00e9gislation  fun\u00e9raire,\n- l\u00e9gislation  relative  aux  extractions  de d\u00e9tenus  et demande  de gardes  statiques,\n- l\u00e9gislation  relative  aux  animaux  errants  ou dangereux,\n- l\u00e9gislation  relative  \u00e0 la police  de la navigation  int\u00e9rieure,\nv mesures  temporaires  motiv\u00e9es  par  des  situations  d'urgence.\nArticle  2 : L'arr\u00eat\u00e9  pr\u00e9fectoral  du 31 juillet  2023  susvis\u00e9  est abrog\u00e9.\nArticle  3 : Le secr\u00e9taire  g\u00e9n\u00e9ral  de la pr\u00e9fecture  de la Somme,  le directeur  de cabinet\ndu pr\u00e9fet  de la Somme,  la sous-pr\u00e9f\u00e8te  d'Abbeville,  la sous-pr\u00e9f\u00e8te  de P\u00e9ronne  et le\nsous-pr\u00e9fet  de Montdidier  sont  charg\u00e9s,  chacun  en ce qui  le concerne,  de l'ex\u00e9cution\ndu pr\u00e9sent  arr\u00eat\u00e9  qui sera  publi\u00e9  au recueil  des  actes  administratifs  de la pr\u00e9fecture  de\nla Somme.\nAmiens,  le 15 JAN,  2024\nLe pr\u00e9fet\nRollon  MOUCHEL-BLAISOT\nPr\u00e9fecture de la Somme - 80-2024-01-15-00005 - Arr\u00eat\u00e9 portant d\u00e9l\u00e9gation de signature lors des permanences des sous-pr\u00e9fets 10\nPr\u00e9fecture de la Somme\n80-2024-01-15-00002\nArr\u00eat\u00e9 portant d\u00e9l\u00e9gation de signature principale\n\u00e0 M. Emmanuel MOULARD, secr\u00e9taire g\u00e9n\u00e9ral de\nla pr\u00e9fecture de la Somme\nPr\u00e9fecture de la Somme - 80-2024-01-15-00002 - Arr\u00eat\u00e9 portant d\u00e9l\u00e9gation de signature principale \u00e0 M. Emmanuel MOULARD,\nsecr\u00e9taire g\u00e9n\u00e9ral de la pr\u00e9fecture de la Somme 11\nEx\nPREFET\nDE LA SOMME\nLibert\u00e9\nEgalit\u00e9\nFraternit\u00e9\nARR\u00caT\u00c9\nPortant  d\u00e9l\u00e9gation  de signature  principale  \u00e0 M. Emmanuel  MOULARD\nsecr\u00e9taire  g\u00e9n\u00e9ral  de la pr\u00e9fecture  de la Somme\nLE PR\u00c9FET  DE LA SOMME\nCHEVALIER  DE LA LEGION  D'HONNEUR\nVU le code  g\u00e9n\u00e9ral  des  collectivit\u00e9s  territoriales  ;\nVU le code  du patrimoine  ;\nVU le code  \u00e9lectoral  ;\nVU le code  de l'entr\u00e9e  et du s\u00e9jour  des  \u00e9trangers  et du droit  d'asile  ;\nVU l'ordonnance  n\u00b0 2018-1074  du 26 novembre  2018  portant  partie  l\u00e9gislative  du code  de la\ncommande  publique  ;\nVU la loi n\u00b082-213  du 2 mars  1982  modifi\u00e9e  relative  aux  droits  et libert\u00e9s  des  communes,  des\nd\u00e9partements  et des  r\u00e9gions  ;\nVU  la loi d'orientation  n\u00b0 92-125  du 6 f\u00e9vrier  1992  modifi\u00e9e  relative  \u00e0 l''administration\nterritoriale  de la R\u00e9publique  ;\nVU la loi n\u00b02004-809  du 13 ao\u00fbt  2004  modifi\u00e9e  relative  aux  libert\u00e9s  et responsabilit\u00e9s  locales\net notamment  son  article  132  ;\nVU le d\u00e9cret  n\u00b0 97-34  du 15 janvier  1997  modifi\u00e9  relatif  \u00e0 la d\u00e9concentration  des  d\u00e9cisions\nadministratives  individuelles  ;\nVU le d\u00e9cret  n\u00b0 2004-374  du 29 avril  2004  modifi\u00e9  relatif  aux  pouvoirs  des  pr\u00e9fets,  \u00e0\nl'organisation  et \u00e0 l'action  des  services  de l'\u00c9tat  dans  les r\u00e9gions  et d\u00e9partements  ;\nVU le d\u00e9cret  n\u00b0 2015-510  du 7 mai  2015  modifi\u00e9  portant  charte  de la d\u00e9concentration;\nVU  le d\u00e9cret  du 7 octobre  2022  portant  nomination  de Mme  Christine  ROYER,  sous-pr\u00e9f\u00e8te\nhors  classe,  sous-pr\u00e9f\u00e8te  d'Abbeville  ;\nVU le d\u00e9cret  du 4 novembre  2022  portant  nomination  de Mme  Laurence  LECOUSTRE,  sous-\npr\u00e9f\u00e8te  de P\u00e9ronne;\nPr\u00e9fecture de la Somme - 80-2024-01-15-00002 - Arr\u00eat\u00e9 portant d\u00e9l\u00e9gation de signature principale \u00e0 M. Emmanuel MOULARD,\nsecr\u00e9taire g\u00e9n\u00e9ral de la pr\u00e9fecture de la Somme 12\nVU le d\u00e9cret  du 29 d\u00e9cembre  2022  portant  nomination  de M. Silv\u00e8re  SAY,  sous-pr\u00e9fet  de\nMontdidier  ;\nVU le d\u00e9cret  du 13 juillet  2023  portant  nomination  du pr\u00e9fet  de la Somme,  M. Rollon\nMOUCHEL-BLAISOT  ;\nVU le d\u00e9cret  du 21 juillet  2023  portant  nomination  de M. Emmanuel  MOULARD,  sous-pr\u00e9fet\nhors  classe,  secr\u00e9taire  g\u00e9n\u00e9ral  de la pr\u00e9fecture  de la Somme  ;\nVU  le d\u00e9cret  du 3 janvier  2024  portant  nomination  de M. Victor  JOZON,  administrateur  de\nl'\u00c9tat,  sous-pr\u00e9fet,  directeur  de cabinet  du pr\u00e9fet  de la Somme  ;\nVU l'arr\u00eat\u00e9  pr\u00e9fectoral  du 31 d\u00e9cembre  2021  portant  organisation  des  services  de la\npr\u00e9fecture  de la Somme  ;\nVU l'arr\u00e9t\u00e9  pr\u00e9fectoral  du 31 juillet  2023  portant  d\u00e9l\u00e9gation  de signature  principale  \u00e0 M.\nEmmanuel  MOULARD,  sous-pr\u00e9f\u00e9t  hors  classe,  secr\u00e9taire  g\u00e9n\u00e9ral  de la pr\u00e9fecture  de la\nSomme  ;\nSUR  proposition  du secr\u00e9taire  g\u00e9n\u00e9ral  de la pr\u00e9fecture  de la Somme  :\nARRETE\nArticle  1\n\u00c0 compter  du 15 janvier  2024,  d\u00e9l\u00e9gation  est donn\u00e9e  \u00e0 M. Emmanuel  MOULARD,  secr\u00e9taire\ng\u00e9n\u00e9ral  de la pr\u00e9fecture  de la Somme,  pour  signer  tous  arr\u00e9t\u00e9s,  d\u00e9cisions,  circulaires,\nrapports,  documents  et correspondances  administratives  diverses  relevant  des  attributions\nde l'\u00c9tat  dans  le d\u00e9partement  ainsi  que  toutes  requ\u00eates,  d\u00e9f\u00e9r\u00e9s,  m\u00e9moires,  d\u00e9clinatoires  de\ncomp\u00e9tence  aupres  des  diff\u00e9rentes  juridictions,  \u00e0 l'exception  :\n1. des  mesures  concernant  la d\u00e9fense  nationale  ;\n2. des  ordres  de r\u00e9quisition  du comptable  public  ;\n3. des  arr\u00eat\u00e9s  de conflit.\nCette  d\u00e9l\u00e9gation  comprend  la signature  de toutes  les d\u00e9cisions  et de tous  les actes  de\nproc\u00e9dure  pr\u00e9vus  en mati\u00e9re  de police  des  \u00e9trangers  par  le code  de l'entr\u00e9e  et du s\u00e9jour  des\n\u00e9trangers  et du droit  d''asile,  dont  les r\u00e9tentions  administratives,  ainsi  que  les recours  et les\nsaisines  juridictionnelles,  de m\u00eame  que  les m\u00e9moires  s'y rapportant.\nArticle  2\nM. Emmanuel  MOULARD,  secr\u00e9taire  g\u00e9n\u00e9ral  de la pr\u00e9fecture  de la Somme,  est habilit\u00e9  \u00e0\nsigner,  sur l'ensemble  du d\u00e9partement,  tous  actes  et documents  administratifs,\ncorrespondances  et pi\u00e8ces  comptables  relevant  de la politique  de la ville.\nArticle  3\nEn cas d'absence  ou d'emp\u00eachement  de M. Emmanuel  MOULARD,  secr\u00e9taire  g\u00e9n\u00e9ral  de la\npr\u00e9fecture  de la Somme,  la d\u00e9l\u00e9gation  conf\u00e9r\u00e9e  par  le pr\u00e9sent  arr\u00eat\u00e9  sera  exerc\u00e9e,  dans\nl'ordre,  par  M. Victor  JOZON,  directeur  de cabinet  du pr\u00e9fet  de la Somme,  Mme  Christine\nROYER  sous-pr\u00e9f\u00e9te  de l'arrondissement  d'Abbeville,  Mme  Laurence  LECOUSTRE,  sous-\nPr\u00e9fecture de la Somme - 80-2024-01-15-00002 - Arr\u00eat\u00e9 portant d\u00e9l\u00e9gation de signature principale \u00e0 M. Emmanuel MOULARD,\nsecr\u00e9taire g\u00e9n\u00e9ral de la pr\u00e9fecture de la Somme 13\npr\u00e9f\u00e8te  de I'arrondissement  de P\u00e9ronne,  et M. Silv\u00e8re  SAY,  sous-pr\u00e9fet  de l'arrondissement\nde Montdidier.\nArticle  4\nL'arr\u00e9t\u00e9  pr\u00e9fectoral  du 31 juillet  2023  susvis\u00e9  est abrog\u00e9.\nArticle  5\nLe secr\u00e9taire  g\u00e9n\u00e9ral  de la pr\u00e9fecture  de la Somme,  le directeur  de cabinet  du pr\u00e9fet  de la\nSomme,  la sous-pr\u00e9f\u00e8te  d'Abbeville,  la sous-pr\u00e9f\u00e8te  de P\u00e9ronne  et le sous-pr\u00e9fet  de\nMontdidier  sont  charg\u00e9s,  chacun  en ce qui le concerne,  de I'ex\u00e9cution  du pr\u00e9sent  arr\u00eat\u00e9  qui\nsera  publi\u00e9  au recueil  des  actes  administratifs  de la pr\u00e9fecture  de la Somme.\nAmiens,  le 15  JAN.  2024\nLe pr\u00e9fet\nRollon  MOUCHEL-BLAISOT\nPr\u00e9fecture de la Somme - 80-2024-01-15-00002 - Arr\u00eat\u00e9 portant d\u00e9l\u00e9gation de signature principale \u00e0 M. Emmanuel MOULARD,\nsecr\u00e9taire g\u00e9n\u00e9ral de la pr\u00e9fecture de la Somme 14\nPr\u00e9fecture de la Somme\n80-2024-01-15-00003\nArr\u00eat\u00e9 portant d\u00e9l\u00e9gation de signature principale\n\u00e0 M. Victor JOZON, directeur de cabinet du\npr\u00e9fet de la Somme\nPr\u00e9fecture de la Somme - 80-2024-01-15-00003 - Arr\u00eat\u00e9 portant d\u00e9l\u00e9gation de signature principale \u00e0 M. Victor JOZON, directeur de\ncabinet du pr\u00e9fet de la Somme 15\nEx\nPREFET\nDE LA SOMME\nL'z'berte'\n\u00c9galit\u00e9\nFraternit\u00e9\nARR\u00caT\u00c9\nportant  d\u00e9l\u00e9gation  de signature  principale  \u00e0 M.Victor  JOZON,\ndirecteur  de cabinet  du pr\u00e9fet  de la Somme\nLE PR\u00c9FET  DE LA SOMME\nCHEVALIER  DE LA LEGION  D'HONNEUR\nVU le code  g\u00e9n\u00e9ral  des  collectivit\u00e9s  territoriales  ;\nVU la loi n\u00b0 2004-809  du 13 ao\u00fbt  2004  modifi\u00e9e  relative  aux  libert\u00e9s  et responsabilit\u00e9s  locales\net notamment  son  article  132  ;\nVU le d\u00e9cret  n\u00b0 97-34  du 15 janvier  1997  relatif  \u00e0 la d\u00e9concentration  des  d\u00e9cisions\nadministratives  individuelles  ;\nVU le d\u00e9cret  n\u00b0 2004-374  du 29 avril  2004  modifi\u00e9  relatif  aux  pouvoirs  des  pr\u00e9fets,  \u00e0\nl'organisation  et \u00e0 l'action  des  services  de l'\u00c9tat  dans  les r\u00e9gions  et d\u00e9partements  ;\nVU le d\u00e9cret  n\u00b0 2015-510  du 7 mai  2015  modifi\u00e9  portant  charte  de la d\u00e9concentration  ;\nVU le d\u00e9cret  du 13 juillet  2023  portant  nomination  du pr\u00e9fet  de la Somme,  M. Rollon\nMOUCHEL-BLAISOT  \u00e0 compter  du 24 juillet  2023\nVU le d\u00e9cret  du 21 juillet  2023  portant  nomination  de M. Emmanuel  MOULARD,  sous-pr\u00e9fet\nhors  classe,  secr\u00e9taire  g\u00e9n\u00e9ral  de la pr\u00e9fecture  de la Somme  ;\nVU le d\u00e9cret  du 3 janvier  2024  portant  nomination  de M. Victor  JOZON,  sous-pr\u00e9fet,  directeur\nde cabinet  du pr\u00e9fet  de la Somme  ;\nVU l'arr\u00eat\u00e9  du 3 novembre  2008  du directeur  g\u00e9n\u00e9ral  de |'Office  national  des  anciens\ncombattants  et victimes  de guerre  nommant  M. Fr\u00e9d\u00e9ric  Bureau,  directeur  du service\nd\u00e9partemental  de l'Office  national  des  anciens  combattants  et victimes  de guerre  de la\nSomme  ;\nVU l'arr\u00eat\u00e9  pr\u00e9fectoral  du 31 d\u00e9cembre  2021  portant  organisation  des  services  de la\npr\u00e9fecture  de la Somme  ;\nVU l'arr\u00eat\u00e9  pr\u00e9fectoral  du 31 juillet  2023  portant  d\u00e9l\u00e9gation  de signature  principale  \u00e0 M.\nFlorian  STRASER,  sous-pr\u00e9fet,  directeur  de cabinet  du pr\u00e9fet  de la Somme  ;\nSUR  proposition  du directeur  de cabinet  du pr\u00e9fet  de la Somme  :\nPr\u00e9fecture de la Somme - 80-2024-01-15-00003 - Arr\u00eat\u00e9 portant d\u00e9l\u00e9gation de signature principale \u00e0 M. Victor JOZON, directeur de\ncabinet du pr\u00e9fet de la Somme 16\nARRETE\nArticle  1\u00b0\n| \u2014 A compter  du 15 janvier  2024,  d\u00e9l\u00e9gation  de signature  est donn\u00e9e  \u00e0 M. Victor  JOZON,\nadministrateur  de l'Etat,  sous-pr\u00e9fet,  directeur  de cabinet  du pr\u00e9fet  de la Somme,  pour  signer\ntous  arr\u00eat\u00e9s,  d\u00e9cisions,  circulaires,  rapports,  correspondances  et documents  administratifs\nrelevant  des  attributions  du cabinet,  telles  que  d\u00e9finies  \u00e0 l'article  2 de l'arr\u00eat\u00e9  pr\u00e9fectoral  du\n31 d\u00e9cembre  2021  susvis\u00e9,  ainsi  que  des  attributions  du service  d\u00e9partemental  de l'ONAC,  \u00e0\nl'exception  :\n1. des  ordres  de r\u00e9quisition  du comptable  public  ;\n2. des  arr\u00eat\u00e9s  de conflit  ;\n3. des  arr\u00eat\u00e9s  concernant  la d\u00e9fense  nationale.\nIl - Au titre  de la mission  interminist\u00e9rielle  de lutte  contre  la drogue  et la toxicomanie,  M.\nVictor  JOZON,  administrateur  de l'Etat,  sous-pr\u00e9fet,  directeur  de cabinet  du pr\u00e9fet  de la\nSomme,  est habilit\u00e9  \u00e0 signer  tous  actes  et documents  administratifs,  correspondances  et\npi\u00e8ces  comptables  relevant  de cette  mission.\nII - M. Victor  JOZON,  administrateur  de l'Etat,  sous-pr\u00e9fet,  directeur  de cabinet  du pr\u00e9fet  de\nla Somme,  est habilit\u00e9  \u00e0 signer  tous  les actes,  documents  administratifs  et d\u00e9cisions  relatifs  \u00e0\nla cession  et l'acquisition  des  armes  ainsi  qu'au  contentieux  inh\u00e9rent  \u00e0 cette  mati\u00e8re.\nIV - M. Victor  JOZON,  administrateur  de l'Etat,  sous-pr\u00e9fet,  directeur  de cabinet  du pr\u00e9fet  de\nla Somme,  est habilit\u00e9  \u00e0 signer  tout  acte  et document  dans  le cadre  des  attributions  du\ncabinet,  telles  que  d\u00e9finies  \u00e0 l'article  2 de l'arr\u00eat\u00e9  pr\u00e9fectoral  du 31 d\u00e9cembre  2021  susvis\u00e9  et\nnotamment  toute  d\u00e9cision  concernant  les personnes  dont  les troubles  mentaux\ncompromettent  l'ordre  public  ou la s\u00e9curit\u00e9  des  personnes,  y compris  les arr\u00eat\u00e9s  relatifs  aux\nhospitalisations  sous  contrainte  pr\u00e9vues  dans  le code  de la sant\u00e9  publique.\nArticle  2\nD\u00e9l\u00e9gation  de signature  est donn\u00e9e  \u00e0 M. Victor  JOZON,  administrateur  de l'Etat,  sous-pr\u00e9fet,\ndirecteur  de cabinet  du pr\u00e9fet  de la Somme,  pour  signer  les arr\u00eat\u00e9s,  d\u00e9cisions,\ncorrespondances  et recours  gracieux  relevant  des  attributions  de l'\u00c9tat  dans  le d\u00e9partement\nen mati\u00e8re  de :\n- suspension  du permis  de conduire  ou interdiction  de sa d\u00e9livrance  en\napplication  des  articles  L. 224-2  et L. 224-7  du code  de la route  ;\n- prorogation,  suspension,  annulation  ou r\u00e9tablissement  du permis  de conduire\napr\u00e8s  contr\u00f4le  m\u00e9dical  de l'aptitude  \u00e0 la conduite  ;\n- enregistrement  des  stages  de r\u00e9cup\u00e9ration  de points  du permis  de conduire  et\nr\u00e9ponse  aux  recours  gracieux  et contentieux  ;\n- agr\u00e9ment  des  m\u00e9decins  en charge  du contr\u00f4le  m\u00e9dical  de l'aptitude  \u00e0 la\nconduite  ;\n- r\u00e9ception  et traitement  des  permis  de conduire  restitu\u00e9s  suite  \u00e0 leur  invalidation\npour  solde  de points  nul.\nPr\u00e9fecture de la Somme - 80-2024-01-15-00003 - Arr\u00eat\u00e9 portant d\u00e9l\u00e9gation de signature principale \u00e0 M. Victor JOZON, directeur de\ncabinet du pr\u00e9fet de la Somme 17\nArticle  3\nEn cas d'absence  ou d'emp\u00eachement  de M. Emmanuel  MOULARD,  secr\u00e9taire  g\u00e9n\u00e9ral  de la\npr\u00e9fecture  de la Somme,  d\u00e9l\u00e9gation  est donn\u00e9e  \u00e0 M. Victor  JOZON,  administrateur  de l'Etat\nsous-pr\u00e9fet,  directeur  de cabinet  du pr\u00e9fet  de la Somme,  \u00e0 l'effet  de signer  toutes  les\nd\u00e9cisions  et tous  les actes  de proc\u00e9dure  pr\u00e9vus  en mati\u00e8re  de police  des  \u00e9trangers  par  le code\nde I'entr\u00e9e  et du s\u00e9jour  des  \u00e9trangers  et du droit  d'asile,  dont  les r\u00e9tentions  administratives,\nainsi  que  les recours  et les saisines  juridictionnelles,  de m\u00eame  que  les m\u00e9moires  s'y\nrapportant.\nArticle  4\nEn cas d'absence  ou d'emp\u00eachement  de M. Victor  JOZON,  administrateur  de l'Etat  sous-\npr\u00e9fet,  directeur  de cabinet  du pr\u00e9fet  de la Somme,  la d\u00e9l\u00e9gation  de signature  aux  articles  1\u00b0\net 2 du pr\u00e9sent  arr\u00eat\u00e9  est consentie,  dans  les limites  des  comp\u00e9tences  du cabinet,  \u00e0 M.\nDamien  MAELSTAF,  conseiller  d'administration  de l'Int\u00e9rieur  et de l'Outre-mer,  directeur  de\ncabinet  adjoint  - directeur  des  s\u00e9curit\u00e9s.\nEn cas d'emp\u00eachement  de ce dernier,  comp\u00e9tence  est donn\u00e9e  dans  la limite  de leur  bureau\nou service  respectif  \u00e0 :\n- M. S\u00e9bastien  DUCAMP,  chef  du bureau  de la s\u00e9curit\u00e9  int\u00e9rieure  ;\n- Mme  Virginie  ZOTNA,  adjointe  au chef  du bureau  de la s\u00e9curit\u00e9  int\u00e9rieure,  r\u00e9f\u00e9rente\nd\u00e9partementale  \"Armes\"  pour  le minist\u00e8re  de l'Int\u00e9rieur,  dans  les limites  des  comp\u00e9tences  du\nI de l'article  1 de la pr\u00e9sente  d\u00e9l\u00e9gation  de signature,  \u00e0 l'exclusion  des  contentieux\ninh\u00e9rents  \u00e0 cette  mati\u00e8re  ;\n- M. Franck  OLIVIER,  chef  du service  interminist\u00e9riel  de d\u00e9fense  et de protection  civiles  ;\n- Mme  Karine  BRIAUX,  cheffe  du bureau  des  droits  \u00e0 conduire  ;\n- Mme  Angele  COEURDEROY,  adjointe  \u00e0 la cheffe  du bureau  des  droits  \u00e0 conduire  ;\n- Mme  Laure  BRARD,  cheffe  du service  communication  et repr\u00e9sentation  de l'\u00c9tat.\nArticle  5\nM. Damien  MAELSTAF,  directeur  de cabinet  adjoint  - directeur  des  s\u00e9curit\u00e9s,  est charg\u00e9  de la\nsuppl\u00e9ance  de M. Victor  JOZON,  sous-pr\u00e9fet,  directeur  de cabinet  du pr\u00e9fet  de la Somme.\nEn cas  d'absence  ou d'emp\u00eachement  concomitants  de M M. Victor  JOZON  et Damien\nMAELSTAF,  les dispositions  de l'article  4 du pr\u00e9sent  arr\u00eat\u00e9  s'appliquent.\nArticle  6\nEn cas  d'absence  ou d'emp\u00eachement  de M. Victor  JOZON,  pour  le service  rattach\u00e9  au\ncabinet,  d\u00e9l\u00e9gation  de signature  est consentie,  dans  les limites  de comp\u00e9tence  de son  service,\n\u00e0 M. Fr\u00e9d\u00e9ric  BUREAU,  directeur  du service  d\u00e9partemental  de l'Office  national  des  anciens\ncombattants  et victimes  de guerre  de la Somme,  \u00e0 l'effet  de signer  tous  arr\u00e9t\u00e9s  et d\u00e9cisions\nindividuels,  actes  et documents  administratifs,  correspondances  et pi\u00e8ces  comptables.\nPr\u00e9fecture de la Somme - 80-2024-01-15-00003 - Arr\u00eat\u00e9 portant d\u00e9l\u00e9gation de signature principale \u00e0 M. Victor JOZON, directeur de\ncabinet du pr\u00e9fet de la Somme 18\nArticle  7\nM. Damien  MAELSTAF,  directeur  de cabinet  adjoint  - directeur  des  s\u00e9curit\u00e9s,  M. S\u00e9bastien\nDUCAMP,  chef  du bureau  de la s\u00e9curit\u00e9  int\u00e9rieure,  M. Franck  OLIVIER,  chef  du service\ninterminist\u00e9riel  de d\u00e9fense  et de protection  civiles  et Mme  Karine  BRIAUX,  cheffe  du bureau\ndes  droits  \u00e0 conduire,  et Mme  Angele  COEURDEROY,  adjointe  \u00e0 la cheffe  du bureau  des  droits\n\u00e0 conduire  sont  habilit\u00e9s  \u00e0 pr\u00e9senter,  devant  les juridictions  administratives  et judiciaires,  les\nobservations  orales  de l'\u00c9tat  \u00e0 l'appui  des conclusions  \u00e9crites  sign\u00e9es  par le repr\u00e9sentant  de\nl'\u00c9tat.\nArticle  8\nL'arr\u00e9t\u00e9  pr\u00e9fectoral  du 31 juillet  2023  susvis\u00e9  est abrog\u00e9.\nArticle  9\nLe secr\u00e9taire  g\u00e9n\u00e9ral  de la pr\u00e9fecture  de la Somme  et le sous-pr\u00e9fet,  directeur  de cabinet  du\npr\u00e9fet  de la Somme,  sont  charg\u00e9s,  chacun  en ce qui le concerne,  de l'ex\u00e9cution  du pr\u00e9sent\narr\u00eat\u00e9  qui sera  notifi\u00e9  aux  d\u00e9l\u00e9gataires  et publi\u00e9  au recueil  des  actes  administratifs  de la\npr\u00e9fecture  de la Somme.\nAmiens,  le 13 JAN. 2024\nLe pr\u00e9fet\nRollon  MOUCHEL-BLAISOT\nPr\u00e9fecture de la Somme - 80-2024-01-15-00003 - Arr\u00eat\u00e9 portant d\u00e9l\u00e9gation de signature principale \u00e0 M. Victor JOZON, directeur de\ncabinet du pr\u00e9fet de la Somme 19\nPr\u00e9fecture de la Somme - Direction de la\nCitoyennet\u00e9 et de la L\u00e9galit\u00e9\n80-2024-01-15-00001\nArr\u00eat\u00e9 portant convocation des \u00e9lecteurs de\nGorges \u00e0 une \u00e9lection municipale partielle et\ncompl\u00e9mentaire les 10 et 17 mars 2024 et fixant\nles dates de d\u00e9p\u00f4t des d\u00e9clarations de\ncandidature pour l'\u00e9lection de trois conseillers\nmunicipaux.\nPr\u00e9fecture de la Somme - Direction de la Citoyennet\u00e9 et de la L\u00e9galit\u00e9 - 80-2024-01-15-00001 - Arr\u00eat\u00e9 portant convocation des\n\u00e9lecteurs de Gorges \u00e0 une \u00e9lection municipale partielle et compl\u00e9mentaire les 10 et 17 mars 2024 et fixant les dates de d\u00e9p\u00f4t des\nd\u00e9clarations de candidature pour l'\u00e9lection de trois conseillers municipaux.20\nPREFET  | | Secr\u00e9tariat  g\u00e9n\u00e9ral\nDE LA SOMME  Direction  de la citoyennet\u00e9  et de la l\u00e9galit\u00e9\np  Bureau  des  \u00e9lections  et de la r\u00e9glementation  g\u00e9n\u00e9rale\nFraternit\u00e9\nARR\u00caT\u00c9\nPortant  convocation  des  \u00e9lecteurs  de Gorges  \u00e0 une  \u00e9lection  municipale  partielle\ncompl\u00e9mentaire  les 10 et 17 mars  2024  et fixant  les dates  de d\u00e9p\u00f4t  des d\u00e9clarations\nde candidature  pour  l'\u00e9lection  de trois  conseillers  municipaux\nLE PR\u00c9FET  DE LA SOMME\nCHEVALIER  DE LA L\u00c9GION  D'HONNEUR\nVu le code  \u00e9lectoral,  et notamment  les articles  L. 247  et L. 255-2  \u00e0 L. 255-5  et L. 258  ;\nVu le code  g\u00e9n\u00e9ral  des  collectivit\u00e9s  territoriales  et notamment  l'article  L. 2122-8  ;\nVu le d\u00e9cret  du 13 juillet  2023  portant  nomination  du pr\u00e9fet  de la Somme,  M. Rollon  MOUCHEL-\nBLAISOT  \u00e0 compter  du 24 juillet  2023  ;\nVu le d\u00e9cret  du 21 juillet  2023  portant  nomination  de M. Emmanuel  MOULARD,  sous-pr\u00e9fet  hors  classe,\nsecr\u00e9taire  g\u00e9n\u00e9ral  de la pr\u00e9fecture  de la Somme  ;\nVu l'arr\u00e9t\u00e9  pr\u00e9fectoral  du 31 juillet  2023  portant  d\u00e9l\u00e9gation  de signature  principale  \u00e0 M. Emmanuel\nMOULARD,  secr\u00e9taire  g\u00e9n\u00e9ral  de la pr\u00e9fecture  de la Somme  ;\nVu la d\u00e9mission  de deux  conseillers  municipaux  le 21 avril  et le 3 juillet  2023  ;\nVu le d\u00e9c\u00e8s  du premier  adjoint  survenu  le 21 d\u00e9cembre  2023  ;\nConsid\u00e9rant  qu'il  y a lieu de compl\u00e9ter  le conseil  municipal  de Gorges  conform\u00e9ment  aux dispositions\nde l'article  L. 258  du code  \u00e9lectoral  et de l'article  L. 2122-8  du code  g\u00e9n\u00e9ral  des collectivit\u00e9s\nterritoriales  ;\n_ Sur proposition  du secr\u00e9taire  g\u00e9n\u00e9ral  de la pr\u00e9fecture  de la Somme  :\nARRETE\nArticle  1er. - Les \u00e9lecteurs  de la commune  de Gorges  sont  convoqu\u00e9s  le dimanche  10 mars  2024  \u00e0 l'effet\nde proc\u00e9der  \u00e0 l'\u00e9lection  de trois  conseillers  municipaux.\nLe scrutin  sera  ouvert  de 8heures  \u00e0 18 heures  sans  interruption,  au lieu  mentionn\u00e9  sur l'arr\u00eat\u00e9\npr\u00e9fectoral  portant  d\u00e9signation  des  bureaux  de vote  pour  l'ann\u00e9e  2024.\nLes enveloppes  utilis\u00e9es  sont  de couleur  violette.\nLes listes  \u00e9lectorales  utilis\u00e9es  seront  extraites  du r\u00e9pertoire  \u00e9lectoral  unique  et \u00e0 jour  des  inscriptions\nintervenues  jusqu'au  sixi\u00e8me  vendredi  pr\u00e9c\u00e9dant  le scrutin  (article  L17 du code  \u00e9lectoral),  soit  le 2\nf\u00e9vrier  2024,  ainsi  que  des  inscriptions  d\u00e9rogatoires  intervenues  jusqu'au  29 f\u00e9vrier  2024  (article  L.30  du\ncode  \u00e9lectoral)  et, le cas \u00e9ch\u00e9ant,  des d\u00e9cisions  d'inscription  ou de radiation  rendues  par le tribunal\nPr\u00e9fecture de la Somme - Direction de la Citoyennet\u00e9 et de la L\u00e9galit\u00e9 - 80-2024-01-15-00001 - Arr\u00eat\u00e9 portant convocation des\n\u00e9lecteurs de Gorges \u00e0 une \u00e9lection municipale partielle et compl\u00e9mentaire les 10 et 17 mars 2024 et fixant les dates de d\u00e9p\u00f4t des\nd\u00e9clarations de candidature pour l'\u00e9lection de trois conseillers municipaux.21\njudiciaire  (article  L.20  du code  \u00e9lectoral).  La commission  de contrdle  des  listes  \u00e9lectorales  devra  se\nr\u00e9unir  imp\u00e9rativement  entre  le jeudi  15 f\u00e9vrier  2024  et le dimanche  18 f\u00e9vrier  2024  (article  L19,  IIl du\ncode  \u00e9lectoral).\nArticle  2. - Au cas  oU Un second  tour  serait  n\u00e9cessaire,  il y sera  proc\u00e9d\u00e9  dans  la m\u00eame  forme  le\ndimanche  17 mars  2024.\nArticle  3. - Apr\u00e8s  la cl\u00f4ture  des  op\u00e9rations  \u00e9lectorales,  un extrait  du proc\u00e8s-verbal  de l'\u00e9lection  sera\nimm\u00e9diatement  affich\u00e9  \u00e0 la porte  de la mairie  et le second  exemplaire  d\u00e9pos\u00e9  le lendemain  \u00e0 la\npr\u00e9fecture  de la Somme  (51 rue  de la r\u00e9publique,  80 000  Amiens).\nArticle  4. - Le d\u00e9p\u00f4t  d'une  candidature  est obligatoire  pour  tous  les candidats  aux  \u00e9lections\nmunicipales.  _\nDans  les communes  de moins  de 1000  habitants,  le d\u00e9p\u00f4t  d'une  candidature  est obligatoire\nuniquement  pour  le 1* tour  de scrutin.  Pour  le second  tour,  et uniquement  dans  le cas  o\u00f9 le nombre  de\ncandidats  pr\u00e9sents  au 1\u00b0 tour  aurait  \u00e9t\u00e9  inf\u00e9rieur  au nombre  de si\u00e8ges  de conseillers  municipaux  \u00e0\npourvoir,  \u00e0 savoir  3, les candidats  qui  ne se seraient  pas  pr\u00e9sent\u00e9s  au 1 tour  doivent  d\u00e9poser  une\nd\u00e9claration  de candidature.\nL'enregistrement  des  candidatures  s'effectue  \u00e0 la pr\u00e9fecture  de la Somme  (51 rue de la R\u00e9publique,\n80 000  Amiens),  selon  le calendrier  suivant  :\nPour  le 1\" tour  le mardi  20 et mercredi  21 f\u00e9vrier  2024  de 10h00  \u00e0 12h00  et de 14h00  \u00e0 16h00  et le jeudi\n22 f\u00e9vrier  2024  de 10h00  \u00e0 12h00  et de 14h00  \u00e0 18h00.\nPour  le 2\u00b0TM  tour  du lundi  11 mars  2024  de 10h00  \u00e0 12h00  et de 14h00  \u00e0 16h00  au mardi  12 mars  2024  de\n10h00  \u00e0 12h00  et de 14h00  \u00e0 18h00.\nLe d\u00e9p\u00f4t  des  candidatures  se fera  sur rendez-vous  en appelant  le 03.22.97.83.49  ou le 03.22.97.8118\nArticle  5. - La campagne  \u00e9lectorale  est ouverte  \u00e0 partir  du lundi  26 f\u00e9vrier  2024  jusqu'au  samedi  9 mars\n2024  \u00e0 z\u00e9ro  heure  pour  le premier  tour  et du lundi  11 mars  2024  au samedi  16 mars  2024  \u00e0 z\u00e9ro  heure  en\ncas  de second  tour.\nArticle  6. \u2014- Les emplacements  d'affichage  seront  attribu\u00e9s  dans  l'ordre  d'arriv\u00e9e  des  demandes  en\nmairie,  \u00e0 partir  du lundi  26 f\u00e9vrier  2024  et au plus  tard  le mercredi  6 mars  2024  \u00e0 12 heures  pour  le\npremier  tour,  et le mercredi  13 mars  2024  \u00e0 12 heures  au plus  tard  pour  le second  tour.\nArticle  7. - Le secr\u00e9taire  g\u00e9n\u00e9ral  de la pr\u00e9fecture  de la Somme  et le maire  de Gorges  sont  charg\u00e9s,\nchacun  en ce qui le concerne,  de l'ex\u00e9cution  du pr\u00e9sent  arr\u00eat\u00e9  qui sera  imm\u00e9diatement  affich\u00e9  dans  les\nformes  et lieux  accoutum\u00e9s  et publi\u00e9  au recueil  des  actes  administratifs.\nAmiens,  le 4 5 JAN  2624\nPour  le pr\u00e9fet  gt par  d\u00e9l\u00e9gation,\nLe secr\u00e9taire  g\u00e9n\u00e9ral,\n[\nEmmanuel  MOULARD\nPr\u00e9fecture de la Somme - Direction de la Citoyennet\u00e9 et de la L\u00e9galit\u00e9 - 80-2024-01-15-00001 - Arr\u00eat\u00e9 portant convocation des\n\u00e9lecteurs de Gorges \u00e0 une \u00e9lection municipale partielle et compl\u00e9mentaire les 10 et 17 mars 2024 et fixant les dates de d\u00e9p\u00f4t des\nd\u00e9clarations de candidature pour l'\u00e9lection de trois conseillers municipaux.22","date":"2024-01-15","first_seen_on":"2024-08-24T23:04:27+00:00","id":"98a6d44f15473f1261b5667f46469ebb49264c97c15e765a7202efcab66fdbb6","name":"RAA n\u00b012 sp\u00e9cial du 15 janvier 2024","pdf_creation_date":"2024-01-15T14:09:43+00:00","pdf_modification_date":null,"timezone":"Europe/Paris","url":"https://www.somme.gouv.fr/contenu/telechargement/46282/310582/file/recueil-2024-012-recueil-des-actes-administratifs-special.pdf"}
