{"administration":"pref80","administration_name":"Pr\u00e9fecture de la Somme","content":"PR\u00c9FET\nDE LA SOMME\nRECUEIL DES ACTES\nADMINISTRATIFS SP\u00c9CIAL\nN\u00b02025-147\nPUBLI\u00c9 LE  4 AO\u00dbT 2025\nSommaire\nPr\u00e9fecture de la Somme-Service de la Coordination des Politiques\nInterminist\u00e9rielles / Service de laCoordination des Politiques\nInterminist\u00e9rielles\n80-2025-08-01-00006 - Arr\u00eat\u00e9 portant subd\u00e9l\u00e9gation \u00e0 M.\nL.PRADOUX (2 pages) Page 3\n2\nPr\u00e9fecture de la Somme-Service de la\nCoordination des Politiques Interminist\u00e9rielles\n80-2025-08-01-00006\nArr\u00eat\u00e9 portant subd\u00e9l\u00e9gation \u00e0 M. L.PRADOUX\nPr\u00e9fecture de la Somme-Service de la Coordination des Politiques Interminist\u00e9rielles - 80-2025-08-01-00006 - Arr\u00eat\u00e9 portant\nsubd\u00e9l\u00e9gation \u00e0 M. L.PRADOUX 3\nPREFET |DE LA REGIONHAUTS-DE-FRANCELibert\u00e9Egalit\u00e9Fraternit\u00e9\nDirection r\u00e9gionale des\naffaires culturelles\nArr\u00eat\u00e9 portant subd\u00e9l\u00e9gation de signature aux agents de la direction r\u00e9gionale\npour le d\u00e9partement de la Somme\nLe directeur r\u00e9gional des affaires culturelles des Hauts-de-France\nVu le code de l'environnement\u00a0;\nVu le code du patrimoine\u00a0;\nVu le code de l'urbanisme\u00a0;\nVu le code de justice administrative\u00a0;\nVu la loi n\u00b0 82-213 du 02  mars 1982 modifi\u00e9e relative aux  droits et  aux  libert\u00e9s des communes,  des\nd\u00e9partements et des r\u00e9gions\u00a0;\nVu la loi d'orientation n\u00b0 92-125 du 6 f\u00e9vrier 1992 modifi\u00e9e relative \u00e0 l'administration territoriale de la\nR\u00e9publique\u00a0;\nVu la loi n\u00b0 2015-991 du 7 ao\u00fbt 2015 portant nouvelle organisation territoriale de la R\u00e9publique ; \nVu la  loi  n\u00b0  2016-925  du 7  juillet  2016  relative  \u00e0  la  libert\u00e9 de  la cr\u00e9ation,  \u00e0  l'architecture et  au\npatrimoine ; \nVu les d\u00e9crets n\u00b0 97-1200 modifi\u00e9 du 19 d\u00e9cembre 1997 et n\u00b0 97-1201 du 24 d\u00e9cembre 1997 pris pour\nl'application au minist\u00e8re de la culture et de la communication de l'article 2 du d\u00e9cret n\u00b0 \u00a097-34 du 15\njanvier 1997 relatif \u00e0 la d\u00e9concentration des d\u00e9cisions administratives individuelles\u00a0;\nVu le d\u00e9cret n\u00b0 2004-374 du 29 avril 2004 modifi\u00e9 relatif aux pouvoirs des pr\u00e9fets, \u00e0 l'organisation et \u00e0\nl'action des services de l'\u00c9tat dans les r\u00e9gions et d\u00e9partements, et notamment ses articles 43 et 44\u00a0;\nVu le d\u00e9cret n\u00b0 2010-633 du 8 juin 2010 modifi\u00e9 relatif \u00e0 l'organisation et aux missions des directions\nr\u00e9gionales des affaires culturelles\u00a0;\nVu le d\u00e9cret du 13 juillet 2023 portant nomination du pr\u00e9fet de la Somme, M. Rollon MOUCHEL-BLAISOT \u00e0\ncompter du 24 juillet 2023\u00a0; \nVu l'arr\u00eat\u00e9 du 11 septembre 2017 portant affectation de M. Laurent PRADOUX, architecte urbaniste de\nl'\u00c9tat,  \u00e0  la  DRAC  Hauts-de-France  pour  exercer  les  fonctions  de  chef  de  l'unit\u00e9  d\u00e9partementale  de\nl'architecture et du patrimoine de l'Aisne \u00e0 compter du 15 septembre 2017 o\u00f9 il exerce les fonctions\nd'architecte des b\u00e2timents de France ;  \nSite de Lille : 3 rue Lombard CS80016- 59041 Lille cedex T\u00e9l.  : 03 20 06 87 58\nsite d'Amiens : 5 rue Daussy- CS 44407-80044 Amiens cedex T\u00e9l  : 03 22 97 33 00 \nSuivez-nous sur     :      https://www.culture.gouv.fr/Regions/Drac-Hauts-de-France  \n1/3\nPr\u00e9fecture de la Somme-Service de la Coordination des Politiques Interminist\u00e9rielles - 80-2025-08-01-00006 - Arr\u00eat\u00e9 portant\nsubd\u00e9l\u00e9gation \u00e0 M. L.PRADOUX 4\nVu l'arr\u00eat\u00e9 de la ministre de la culture du 02 novembre 2020 portant nomination de M. Hilaire MULTON,\ndirecteur r\u00e9gional des affaires culturelles de la r\u00e9gion Hauts-de-France \u00e0 compter du 1er\n d\u00e9cembre 2020 et\nl'arr\u00eat\u00e9  minist\u00e9riel  du  21  octobre  2024  renouvelant  monsieur  Hilaire  Multon  dans  les  fonctions  de\ndirecteur r\u00e9gional des affaires culturelles de la r\u00e9gion Hauts-de-France \u00e0 compter du 1er\n d\u00e9cembre 2024\u00a0; \nVu l'arr\u00eat\u00e9 pr\u00e9fectoral du 24 juillet 2023 portant d\u00e9l\u00e9gation de signature \u00e0 M. Hilaire MULTON, directeur\nr\u00e9gional des affaires culturelles\u00a0de la r\u00e9gion Hauts-de-France ; \nA R R \u00caT E\nArticle 1  er\n  \u00a0\n  \nSubd\u00e9l\u00e9gation de signature est accord\u00e9e selon les modalit\u00e9s d\u00e9finies dans l'arr\u00eat\u00e9 pr\u00e9fectoral du 24 juillet\n2023  susvis\u00e9  \u00e0  monsieur  Laurent  PRADOUX,  chef  de  l'unit\u00e9  d\u00e9partementale  de  l'architecture  et  du\npatrimoine de l'Aisne, \u00e0 l'effet de signer pour le d\u00e9partement de la Somme, pour la p\u00e9riode du 3 ao\u00fbt\n2025 au 9 ao\u00fbt 2025 les actes suivants : \n-  tous documents, actes, d\u00e9cisions et correspondan ces aff\u00e9rents \u00e0 la mise en \u0153uvre des missions et\nattributions de la DRAC en mati\u00e8re d'architecture, d'environnement et d'urbanisme\u00a0;\n- toutes les autorisations sp\u00e9ciales de travaux requises par le code du patrimoine et par le code de\nl'environnement.\n\u00e0 l'exclusion des actes mentionn\u00e9s \u00e0 l'article 2 de l'arr\u00eat\u00e9 pr\u00e9fectoral du 24 juillet 2023 susvis\u00e9. \nArticle 2 \nConform\u00e9ment  aux  dispositions  des  articles R 421-1 et  R 421-5  du code de justice administrative,  la\npr\u00e9sente d\u00e9cision peut faire l'objet d'un recours contentieux devant le tribunal administratif de Lille \u2013\n5\u00a0rue Geoffroy Saint-Hilaire, CS 62039, 59014 Lille Cedex \u2013  dans le d\u00e9lai de 2 mois \u00e0 compter de sa\npublication. Le tribunal administratif peut \u00eatre saisi par l'application T\u00e9l\u00e9recours citoyen accessible sur le\nsite www.telerecours.fr \nArticle   3  \nLe directeur r\u00e9gional des affaires culturelles de la r\u00e9gion Hauts-de-France  est charg\u00e9 de l'ex\u00e9cution du\npr\u00e9sent arr\u00eat\u00e9 qui sera notifi\u00e9 \u00e0 l'int\u00e9ress\u00e9, transmis au pr\u00e9fet et publi\u00e9 au recueil des actes administratifs\nde la pr\u00e9fecture de la Somme.  \nFait \u00e0 Lille, le 1er\n ao\u00fbt 2025\nPour le pr\u00e9fet et par d\u00e9l\u00e9gation, \nLe directeur r\u00e9gional des affaires culturelles,\n2/2\nPr\u00e9fecture de la Somme-Service de la Coordination des Politiques Interminist\u00e9rielles - 80-2025-08-01-00006 - Arr\u00eat\u00e9 portant\nsubd\u00e9l\u00e9gation \u00e0 M. L.PRADOUX 5","date":"2025-08-04","first_seen_on":"2025-08-04T08:22:59+00:00","id":"98f1ba916c0991730bf824146927afc9c4088e72a93365f1b89e0d016882863b","name":"RAA n\u00b0147 sp\u00e9cial du 4 ao\u00fbt 2025","pdf_creation_date":"2025-08-04T07:30:34+00:00","pdf_modification_date":null,"timezone":"Europe/Paris","url":"https://www.somme.gouv.fr/contenu/telechargement/53088/350579/file/recueil-2025-147-recueil-des-actes-administratifs-special.pdf"}
