{"administration":"pref21","administration_name":"Pr\u00e9fecture de C\u00f4te-d\u2019Or","content":"PR\u00c9FET\nDE LA C\u00d4TE-D'OR\nRECUEIL DES ACTES\nADMINISTRATIFS\nN\u00b021-2026-061\nPUBLI\u00c9 LE  3 AVRIL 2026\nSommaire\nDirection d\u00e9partementale des territoires de la C\u00f4te-d'Or / Service Habitat\nMobilit\u00e9\n21-2026-03-26-00002 - Arr\u00eat\u00e9 pr\u00e9fectoral N\u00b0 370\nrendant\nredevable Monsieur S\u00e9bastien ROYER et Madame Sylvie ROYER d'une\nastreinte administrative en mati\u00e8re de lutte contre l'habitat indigne\npour un logement situ\u00e9 au 59 avenue du G\u00e9n\u00e9ral de Gaulle \u00e0\nAuxonne, sur la parcelle cadastrale AX n\u00b0186 (7 pages) Page 4\nDirection d\u00e9partementale des territoires de la C\u00f4te-d'Or / Service\nS\u00e9curit\u00e9 et Education Routi\u00e8re\n21-2026-04-03-00001 - Arr\u00eat\u00e9 Pr\u00e9fectoral N\u00b0650 portant\nd\u00e9rogation \u00e0 titre temporaire \u00e0 l'interdiction de circulation des\nv\u00e9hicules\nde transport de marchandises \u00e0 certaines p\u00e9riodes pour\nles v\u00e9hicules de plus de 7,5 tonnes de PTAC exploit\u00e9s par la soci\u00e9t\u00e9\nSIRUGUE SAS domicili\u00e9e \u00e0 ESBARRES (21) (4 pages) Page 12\n21-2026-04-03-00005 - Arr\u00eat\u00e9 Pr\u00e9fectoral N\u00b0652 portant\nd\u00e9rogation \u00e0 titre temporaire \u00e0 l'interdiction de circulation des\nv\u00e9hicules de transport de marchandises \u00e0 certaines p\u00e9riodes pour les\nv\u00e9hicules\nde plus de 7,5 tonnes de PTAC exploit\u00e9s par la soci\u00e9t\u00e9\nSECULA LOGISTIQUE domicili\u00e9e\n\u00e0 BEAUNE (21) (4 pages) Page 17\nPr\u00e9fecture de la C\u00f4te-d'Or / Direction de la coordination, des politiques\npubliques et de l'appui territorial\n21-2026-04-03-00006 - Arr\u00eat\u00e9 n\u00b0 655 du 3 avril 2026\n portant\ncomposition du Conseil D\u00e9partemental de l'\u00c9ducation Nationale\ninstitu\u00e9 dans le d\u00e9partement de la C\u00f4te-d'Or (5 pages) Page 22\nPr\u00e9fecture de la C\u00f4te-d'Or / Direction des s\u00e9curit\u00e9s\n21-2026-04-03-00004 - Arr\u00eat\u00e9 pr\u00e9fectoral N\u00b0 653\nportant\ninterdiction de rassemblements festifs \u00e0 caract\u00e8re musical et\ninterdiction de circulation\nde tout v\u00e9hicule transportant du mat\u00e9riel\nde son \u00e0 destination d'un rassemblement festif\n\u00e0 caract\u00e8re\nmusical non autoris\u00e9 (2 pages) Page 28\n21-2026-04-03-00003 - Arr\u00eat\u00e9 pr\u00e9fectoral n\u00b0 654\nportant\ninterdiction de rassemblements automobiles sur la voie publique dans\nle\nd\u00e9partement de la C\u00f4te-d'Or (4 pages) Page 31\nSous-pr\u00e9fecture de Beaune /\n21-2026-04-03-00002 - Arr\u00eat\u00e9 pr\u00e9fectoral n\u00b0 647 portant autorisation\nde la manifestation avec participation de v\u00e9hicules terrestres \u00e0 moteur\nd\u00e9nomm\u00e9e \u00ab\u00a0Monster Truck\u00a0\u00bb  organis\u00e9e les 4, 5 et 6 avril\n2026 \u00e0 Beaune\n (7 pages) Page 36\n2\nSous-pr\u00e9fecture de Beaune / P\u00f4le Collectivit\u00e9s locales\n21-2026-04-02-00003 - arr\u00eat\u00e9 pr\u00e9fectoral n\u00b0640 du 2 avril 2026\nportant convocation des \u00e9lecteurs de la commune de CHAZILLY et fixant\nla p\u00e9riode de d\u00e9p\u00f4t des candidatures en vue de proc\u00e9der \u00e0 des\n\u00e9lections municipales compl\u00e9mentaires pour 4 si\u00e8ges, le dimanche 7\njuin 2026 pour le 1er tour et le dimanche 14 juin 2026 pour l'\u00e9ventuel\nsecond tour (3 pages) Page 44\n3\nDirection d\u00e9partementale des territoires de la\nC\u00f4te-d'Or\nService Habitat Mobilit\u00e9\n21-2026-03-26-00002\nArr\u00eat\u00e9 pr\u00e9fectoral N\u00b0 370\nrendant redevable Monsieur S\u00e9bastien ROYER et\nMadame Sylvie ROYER d'une astreinte\nadministrative en mati\u00e8re de lutte contre\nl'habitat indigne pour un logement situ\u00e9 au 59\navenue du G\u00e9n\u00e9ral de Gaulle \u00e0 Auxonne, sur la\nparcelle cadastrale AX n\u00b0186\nDirection d\u00e9partementale des territoires de la C\u00f4te-d'Or - 21-2026-03-26-00002 - Arr\u00eat\u00e9 pr\u00e9fectoral N\u00b0 370\nrendant redevable Monsieur S\u00e9bastien ROYER et Madame Sylvie ROYER d'une astreinte administrative en mati\u00e8re de lutte contre\nl'habitat indigne pour un logement situ\u00e9 au 59 avenue du G\u00e9n\u00e9ral de Gaulle \u00e0 Auxonne, sur la parcelle cadastrale AX n\u00b0186\n4\nzsPREFETDELACOTE-D'ORLibert\u00e9Egalit\u00e9Fraternit\u00e9\nDirection d\u00e9partementale des territoires\nde la C\u00f4te-d'Or\nAffaire suivie par\u00a0: Nihad SIVAC\nService Habitat Construction\nBureau B\u00e2timents et Accessibilit\u00e9\nChef de bureau\nT\u00e9l. : 03 80 29 43 89\nM\u00e9l\u00a0: ddt-habitat-indigne@cote-dor.gouv.fr\nDijon le 26/03/2026\nArr\u00eat\u00e9 pr\u00e9fectoral N\u00b0 Trois cent soixante-dix\nrendant redevable\u00a0Monsieur S\u00e9bastien ROYER et Madame Sylvie ROYER d'une astreinte \nadministrative en mati\u00e8re de lutte contre l'habitat indigne pour un logement situ\u00e9 au 59 \navenue du G\u00e9n\u00e9ral de Gaulle \u00e0 Auxonne, sur la parcelle cadastrale AX n\u00b0186\nLe Pr\u00e9fet de la C\u00f4te-d'Or\nVU le  Code  de  la  construction  et  de  l'habitation,  notamment  ses  articles  L511-1  et  \nsuivants\u00a0;\nVU le Code de la sant\u00e9 publique, notamment ses articles L1331-22 et L1331-23\u00a0;\nVU l'arr\u00eat\u00e9  pr\u00e9fectoral  N\u00b0813/SG  du  13  juin  2025  donnant  d\u00e9l\u00e9gation  de  signature  \u00e0  \nMonsieur Denis BRUEL, Secr\u00e9taire g\u00e9n\u00e9ral de la pr\u00e9fecture de la C\u00f4te-d'Or\u00a0;\nVU l'arr\u00eat\u00e9 d'insalubrit\u00e9 n\u00b0 2025-13 du 6 mai  2025 portant sur le  logement situ\u00e9 au rez-de-\nchauss\u00e9e du 59 avenue du G\u00e9n\u00e9ral de Gaulle \u00e0 Auxon ne (21130) , notifi\u00e9 le 16 mai 2025 \u00e0  \nMonsieur et Madame ROYER, prescrivant la r\u00e9alisation de mesures destin\u00e9es \u00e0 supprimer le \ndanger pour la sant\u00e9 des occupants dans un d\u00e9lai de six mois\u00a0;\nDirection d\u00e9partementale des territoires de la C\u00f4te-d'Or\n57 rue de Mulhouse- BP 53317 - 21033 DIJON cedex\nt\u00e9l : 03 80 29 44 44 \u2013 Courriel\u00a0: ddt@cote-dor.gouv.fr\nDirection d\u00e9partementale des territoires de la C\u00f4te-d'Or - 21-2026-03-26-00002 - Arr\u00eat\u00e9 pr\u00e9fectoral N\u00b0 370\nrendant redevable Monsieur S\u00e9bastien ROYER et Madame Sylvie ROYER d'une astreinte administrative en mati\u00e8re de lutte contre\nl'habitat indigne pour un logement situ\u00e9 au 59 avenue du G\u00e9n\u00e9ral de Gaulle \u00e0 Auxonne, sur la parcelle cadastrale AX n\u00b0186\n5\n2\nVU le  rapport  \u00e9tabli  par  Madame  Marie- Line  SEGUELA,  Technicienne  sanitaire  et  de  \ns\u00e9curit\u00e9  sanitaire  de  l'ARS  d\u00fbment  habilit\u00e9e  et  asserment\u00e9e  ayant  constat\u00e9  la  non  \nr\u00e9alisation des mesures prescrites le  16 d\u00e9cembre 2025 (rapport du 13/01/2026) d ont il  \nressort que les mesures prescrites par l'arr\u00eat\u00e9 susvis\u00e9  n'ont pas \u00e9t\u00e9 r\u00e9alis\u00e9es dans leur  \ntotalit\u00e9 et dans le d\u00e9lai prescrit;\nConsid\u00e9rant que l'absence d'ex\u00e9cution des mesures prescrites met en cause la sant\u00e9 et la  \ns\u00e9curit\u00e9 des occupants\u00a0;\nConsid\u00e9rant que les d\u00e9lais consentis permettaient la r\u00e9alisation des mesures prescrites\u00a0;\nConsid\u00e9rant qu'aux  termes  de  l'article  L.  511-15  du  Code  de  la  construction  et  de  \nl'habitation, si les travaux prescrits par l'arr\u00eat\u00e9 de mise en s\u00e9curit\u00e9 ou de traitement de  \nl'insalubrit\u00e9 n'ont pas \u00e9t\u00e9 ex\u00e9cut\u00e9s dans le d\u00e9lai fix\u00e9, la personne tenue de les r\u00e9aliser est  \nredevable d'une astreinte dont le montant, sous le plafond de 1 \u00a0000\u00a0\u20ac par jour de retard,  \nest fix\u00e9 par arr\u00eat\u00e9 de l'autorit\u00e9 comp\u00e9tente en tenant compte de l'ampleur des mesures et \ntravaux prescrits et des cons\u00e9quences de la non-ex\u00e9cution\u00a0;\nConsid\u00e9rant qu'il ressort du  rapport susvis\u00e9 du 13 janvier 2026 que les mesures prescrites  \npar l'arr\u00eat\u00e9 susvis\u00e9 n'ont pas \u00e9t\u00e9 r\u00e9alis\u00e9es dans leur totalit\u00e9 et dans le d\u00e9lai imparti \u00a0; qu'il \nconvient par cons\u00e9quent de prendre une mesure suppl\u00e9mentaire destin\u00e9e \u00e0 assurer le  \nrespect de l'arr\u00eat\u00e9 susvis\u00e9\u00a0du 6 mai 2025 \u00a0; que, compte tenu de l'ampleur des mesures et  \ntravaux prescrits et des cons\u00e9quences de la non-ex\u00e9cution, l'astreinte journali\u00e8re est fix\u00e9e  \n\u00e0 20\u00a0euros\u00a0;\nSur proposition de madame la directrice d\u00e9partementale des territoires,\nARR\u00caTE\u00a0:\nArticle 1er \nMonsieur et Madame ROYER , do micili\u00e9 11 bis rue du Pont \u00e0 Lamarche-sur-Sa\u00f4ne (21760)  \nsont rendus redevable d'une astreinte d'un montant journalier de vingt euros (20\u00a0\u20ac) jusqu'\u00e0 \ncompl\u00e8te r\u00e9alisation des mesures prescrites par l'arr\u00eat\u00e9 de traitement de l'insalubrit\u00e9 n\u00b0  \n2025-13 du 06/05/2025 notifi\u00e9 le 16/05/2025.\nArticle 2 \nCette astreinte prend effet \u00e0 compter de la date de notification du pr\u00e9sent arr\u00eat\u00e9.\nArticle 3\nDirection d\u00e9partementale des territoires de la C\u00f4te-d'Or\n57 rue de Mulhouse- BP 53317 - 21033 DIJON cedex\nt\u00e9l : 03 80 29 44 44 \u2013 Courriel\u00a0: ddt@cote-dor.gouv.fr\nDirection d\u00e9partementale des territoires de la C\u00f4te-d'Or - 21-2026-03-26-00002 - Arr\u00eat\u00e9 pr\u00e9fectoral N\u00b0 370\nrendant redevable Monsieur S\u00e9bastien ROYER et Madame Sylvie ROYER d'une astreinte administrative en mati\u00e8re de lutte contre\nl'habitat indigne pour un logement situ\u00e9 au 59 avenue du G\u00e9n\u00e9ral de Gaulle \u00e0 Auxonne, sur la parcelle cadastrale AX n\u00b0186\n6\n3\nLe montant d\u00fb de l'astreinte sera recouvr\u00e9 au b\u00e9n\u00e9fice de l'agence nationale de l'habitat  \ndans  les  conditions  pr\u00e9vues  par  l'article  L.511-15  du  Code  de  la  construction  et  de  \nl'habitation.\nUn  \u00e9ch\u00e9ancier  indicatif  est  annex\u00e9  au  pr\u00e9sent  arr\u00eat\u00e9.  Il  fait  appara\u00eetre  le  montant  \npotentiellement  d\u00fb  de  l'astreinte,  en  fonction  de  la  p\u00e9riode  s\u00e9parant  la  date  de  \nnotification du pr\u00e9sent arr\u00eat\u00e9 et la compl\u00e8te ex\u00e9cution des mesures prescrites ou la vente  \nde  l'immeuble.  Le  montant  r\u00e9ellement  d\u00fb  de  l'astreinte  sera  calcul\u00e9  et  mis  en  \nrecouvrement par trimestre \u00e9chu tant que les mesures prescrites ou la vente n'auront pas  \n\u00e9t\u00e9 compl\u00e8tement r\u00e9alis\u00e9es. Le montant total exigible est plafonn\u00e9 \u00e0 50\u00a0000\u00a0euros.\nArticle 4\nLe pr\u00e9sent arr\u00eat\u00e9 sera notifi\u00e9 aux personnes mentionn\u00e9es \u00e0 l'article 1. Il sera affich\u00e9 \u00e0 la  \nMairie d'Auxonne 21130  ainsi que sur la fa\u00e7ade de l'immeuble.\nArticle 5\nLe  pr\u00e9sent  arr\u00eat\u00e9  peut  faire  l'objet  d'un  recours  contentieux  devant  le  tribunal  \nadministratif de Dijon (22 rue d'Assas 21 \u00a0000\u00a0Dijon) dans un d\u00e9lai de deux mois \u00e0 compter  \nde sa notification Le tribunal peut \u00eatre saisi par un recours d\u00e9pos\u00e9 sur la plateforme T\u00e9l\u00e9-\nrecours accessible sur le site internet www.telerecours.fr\nArticle 6\u00a0:\nLa  directrice  d\u00e9partementale  des  territoires,  le  directeur  d\u00e9partemental  des  finances  \npubliques sont charg\u00e9s, chacun pour ce qui le concerne, de l'ex\u00e9cution du pr\u00e9sent arr\u00eat\u00e9.\nFait \u00e0 Dijon, le\nLe pr\u00e9fet,\n  Pour le pr\u00e9fet et par d\u00e9l\u00e9gation\nLa secr\u00e9taire g\u00e9n\u00e9rale adjointe\nSign\u00e9\n      \n                             Magalie MALERBA\nAnnexe\u00a0: \u00e9ch\u00e9ancier indicatif.\nDirection d\u00e9partementale des territoires de la C\u00f4te-d'Or\n57 rue de Mulhouse- BP 53317 - 21033 DIJON cedex\nt\u00e9l : 03 80 29 44 44 \u2013 Courriel\u00a0: ddt@cote-dor.gouv.fr\nDirection d\u00e9partementale des territoires de la C\u00f4te-d'Or - 21-2026-03-26-00002 - Arr\u00eat\u00e9 pr\u00e9fectoral N\u00b0 370\nrendant redevable Monsieur S\u00e9bastien ROYER et Madame Sylvie ROYER d'une astreinte administrative en mati\u00e8re de lutte contre\nl'habitat indigne pour un logement situ\u00e9 au 59 avenue du G\u00e9n\u00e9ral de Gaulle \u00e0 Auxonne, sur la parcelle cadastrale AX n\u00b0186\n7\nzsPREFETDELACOTE-D'ORLibert\u00e9Egalit\u00e9Fraternit\u00e9\n4\nDirection d\u00e9partementale des territoires de la C\u00f4te-d'Or\n57 rue de Mulhouse- BP 53317 - 21033 DIJON cedex\nt\u00e9l : 03 80 29 44 44 \u2013 Courriel\u00a0: ddt@cote-dor.gouv.fr\nDirection d\u00e9partementale des territoires de la C\u00f4te-d'Or - 21-2026-03-26-00002 - Arr\u00eat\u00e9 pr\u00e9fectoral N\u00b0 370\nrendant redevable Monsieur S\u00e9bastien ROYER et Madame Sylvie ROYER d'une astreinte administrative en mati\u00e8re de lutte contre\nl'habitat indigne pour un logement situ\u00e9 au 59 avenue du G\u00e9n\u00e9ral de Gaulle \u00e0 Auxonne, sur la parcelle cadastrale AX n\u00b0186\n8\nDirection d\u00e9partementale des territoires\nde la C\u00f4te-d'Or\nEch\u00e9ancier de l'astreinte administrative\nen mati\u00e8re de lutte  contre l'habitat indigne situ\u00e9 au rez-de-chauss\u00e9e du 59 avenue du \nG\u00e9n\u00e9ral de Gaulle \u00e0 Auxonne (21130) \nAstreinte\nparties privatives\u00a0/\nlogement individuel \navec\nmontant de base\nMontant\nJournalier\nMontant \nd\u00fb\nSur le \nmois\nMontant total\nD\u00fb\nMontant Total \u00e0 \npayer par \ntrimestre \u00e9chu\nMars 2026 20,00 \u20ac 620 \u20ac 620 \u20ac\n1\u00a0840 \u20acAvril 2026 20,00 \u20ac 600 \u20ac 1\u00a0220,00 \u20ac\nMai 2026 20,00 \u20ac 620 \u20ac 1\u00a0840,00 \u20ac\nJuin 2026 20,00 \u20ac 600 \u20ac 2\u00a0440,00 \u20ac\n1\u00a0840 \u20acJuillet 2026 20,00 \u20ac 620 \u20ac 3\u00a0060,00 \u20ac\nAo\u00fbt 2026 20,00 \u20ac 620 \u20ac 3\u00a0680,00 \u20ac\nSeptembre 2026 20,00 \u20ac 600 \u20ac 4\u00a0280,00 \u20ac\n1\u00a0820 \u20acOctobre 2026 20,00 \u20ac 620 \u20ac 4\u00a0900,00 \u20ac\nNovembre 2026 20,00 \u20ac 600 \u20ac 5\u00a0500,00 \u20ac\nD\u00e9cembre 2026 20,00 \u20ac 620 \u20ac 6\u00a0120,00 \u20ac\n1\u00a0800 \u20acJanvier 2027 20,00 \u20ac 620 \u20ac 6\u00a0740,00 \u20ac\nF\u00e9vrier 2027 20,00 \u20ac 560 \u20ac 7\u00a0300,00 \u20ac\nMars 2027 20,00 \u20ac 620 \u20ac 7\u00a0920,00 \u20ac\n1\u00a0840 \u20acAvril 2027 20,00 \u20ac 600 \u20ac 8\u00a0520,00 \u20ac\nMai 2027 20,00 \u20ac 620 \u20ac 9\u00a0140,00 \u20ac\nJuin 2027 20,00 \u20ac 600 \u20ac 9\u00a0740,00 \u20ac\n1\u00a0840 \u20acJuillet 2027 20,00 \u20ac 620 \u20ac 10\u00a0360,00 \u20ac\nAo\u00fbt 2027 20,00 \u20ac 620 \u20ac 10\u00a0980,00 \u20ac\nSeptembre 2027 20,00 \u20ac 600 \u20ac 11\u00a0580,00 \u20ac\n1\u00a0820 \u20acOctobre 2027 20,00 \u20ac 620 \u20ac 12\u00a0200,00 \u20ac\nNovembre 2027 20,00 \u20ac 600 \u20ac 12\u00a0800,00 \u20ac\nD\u00e9cembre 2027 20,00 \u20ac 620 \u20ac 13\u00a0420,00 \u20ac\n1\u00a0820 \u20acJanvier 2028 20,00 \u20ac 620 \u20ac 14\u00a0040,00 \u20ac\nF\u00e9vrier 2028 20,00 \u20ac 580 \u20ac 14\u00a0620,00 \u20ac\nMars 2028 20,00 \u20ac 620 \u20ac 15\u00a0240,00 \u20ac 1\u00a0840 \u20ac\nAvril 2028 20,00 \u20ac 600 \u20ac 15\u00a0840,00 \u20ac\nDirection d\u00e9partementale des territoires de la C\u00f4te-d'Or\n57 rue de Mulhouse- BP 53317 - 21033 DIJON cedex\nt\u00e9l : 03 80 29 44 44 \u2013 Courriel\u00a0: ddt@cote-dor.gouv.fr\nDirection d\u00e9partementale des territoires de la C\u00f4te-d'Or - 21-2026-03-26-00002 - Arr\u00eat\u00e9 pr\u00e9fectoral N\u00b0 370\nrendant redevable Monsieur S\u00e9bastien ROYER et Madame Sylvie ROYER d'une astreinte administrative en mati\u00e8re de lutte contre\nl'habitat indigne pour un logement situ\u00e9 au 59 avenue du G\u00e9n\u00e9ral de Gaulle \u00e0 Auxonne, sur la parcelle cadastrale AX n\u00b0186\n9\n6\nMai 2028 20,00 \u20ac 620 \u20ac 16\u00a0460,00 \u20ac\nJuin 2028 20,00 \u20ac 600 \u20ac 17\u00a0060,00 \u20ac\n1\u00a0840 \u20acJuillet 2028 20,00 \u20ac 620 \u20ac 17\u00a0680,00 \u20ac\nAo\u00fbt 2028 20,00 \u20ac 620 \u20ac 18\u00a0300,00 \u20ac\nAstreinte\nparties privatives\u00a0/\nlogement individuel \navec\nmontant de base\nMontant\nJournalier\nMontant d\u00fb\nSur le mois\nMontant total\nD\u00fb\nMontant Total \u00e0 \npayer par trimestre \n\u00e9chu\nSeptembre 2028 20,00 \u20ac 600 \u20ac 18\u00a0900,00 \u20ac\n1\u00a0820 \u20acOctobre 2028 20,00 \u20ac 620 \u20ac 19\u00a0520,00 \u20ac\nNovembre 2028 20,00 \u20ac 600 \u20ac 20\u00a0120,00 \u20ac\nD\u00e9cembre 2028 20,00 \u20ac 620 \u20ac 20\u00a0740,00 \u20ac\n1\u00a0800 \u20acJanvier 2029 20,00 \u20ac 620 \u20ac 21\u00a0360,00 \u20ac\nF\u00e9vrier 2029 20,00 \u20ac 560 \u20ac 21\u00a0920,00 \u20ac\nMars 2029 20,00 \u20ac 620 \u20ac 22\u00a0540,00 \u20ac\n1\u00a0840 \u20acAvril 2029 20,00 \u20ac 600 \u20ac 23\u00a0140,00 \u20ac\nMai 2029 20,00 \u20ac 620 \u20ac 23\u00a0760,00 \u20ac\nJuin 2029 20,00 \u20ac 600 \u20ac 24\u00a0360,00 \u20ac\n1\u00a0840 \u20acJuillet 2029 20,00 \u20ac 620 \u20ac 24\u00a0980,00 \u20ac\nAo\u00fbt 2029 20,00 \u20ac 620 \u20ac 25\u00a0600,00 \u20ac\nSeptembre 2029 20,00 \u20ac 600 \u20ac 26\u00a0200,00 \u20ac\n1\u00a0820 \u20acOctobre 2029 20,00 \u20ac 620 \u20ac 26\u00a0820,00 \u20ac\nNovembre 2029 20,00 \u20ac 600 \u20ac 27\u00a0420,00 \u20ac\nD\u00e9cembre 2029 20,00 \u20ac 620 \u20ac 28\u00a0040,00 \u20ac\n1\u00a0800 \u20acJanvier 2030 20,00 \u20ac 620 \u20ac 28\u00a0660,00 \u20ac\nF\u00e9vrier 2030 20,00 \u20ac 560 \u20ac 29\u00a0220,00 \u20ac\nMars 2030 20,00 \u20ac 620 \u20ac 29\u00a0840,00 \u20ac\n1\u00a0840 \u20acAvril 2030 20,00 \u20ac 600 \u20ac 30\u00a0440,00 \u20ac\nMai 2030 20,00 \u20ac 620 \u20ac 31\u00a0060,00 \u20ac\nJuin 2030 20,00 \u20ac 600 \u20ac 31\u00a0660,00 \u20ac\n1\u00a0840 \u20acJuillet 2030 20,00 \u20ac 620 \u20ac 32\u00a0280,00 \u20ac\nAo\u00fbt 2030 20,00 \u20ac 620 \u20ac 32\u00a0900,00 \u20ac\nSeptembre 2030 20,00 \u20ac 600 \u20ac 33\u00a0500,00 \u20ac\n1\u00a0820 \u20acOctobre 2030 20,00 \u20ac 620 \u20ac 34\u00a0120,00 \u20ac\nNovembre 2030 20,00 \u20ac 600 \u20ac 34\u00a0720,00 \u20ac\nD\u00e9cembre 2030 20,00 \u20ac 620 \u20ac 35\u00a0340,00 \u20ac\n1\u00a0800 \u20acJanvier 2031 20,00 \u20ac 620 \u20ac 35\u00a0960,00 \u20ac\nF\u00e9vrier 2031 20,00 \u20ac 560 \u20ac 36\u00a0520,00 \u20ac\nMars 2031 20,00 \u20ac 620 \u20ac 37\u00a0140,00 \u20ac 1\u00a0840 \u20ac\nAvril 2031 20,00 \u20ac 600 \u20ac 37\u00a0740,00 \u20ac\nDirection d\u00e9partementale des territoires de la C\u00f4te-d'Or\n57 rue de Mulhouse- BP 53317 - 21033 DIJON cedex\nt\u00e9l : 03 80 29 44 44 \u2013 Courriel\u00a0: ddt@cote-dor.gouv.fr\nDirection d\u00e9partementale des territoires de la C\u00f4te-d'Or - 21-2026-03-26-00002 - Arr\u00eat\u00e9 pr\u00e9fectoral N\u00b0 370\nrendant redevable Monsieur S\u00e9bastien ROYER et Madame Sylvie ROYER d'une astreinte administrative en mati\u00e8re de lutte contre\nl'habitat indigne pour un logement situ\u00e9 au 59 avenue du G\u00e9n\u00e9ral de Gaulle \u00e0 Auxonne, sur la parcelle cadastrale AX n\u00b0186\n10\n7\nMai 2031 20,00 \u20ac 620 \u20ac 38\u00a0360,00 \u20ac\nJuin 2031 20,00 \u20ac 600 \u20ac 38\u00a0960,00 \u20ac\n1\u00a0820 \u20acJuillet 2031 20,00 \u20ac 620 \u20ac 39\u00a0580,00 \u20ac\nAo\u00fbt 2031 20,00 \u20ac 600 \u20ac 40\u00a0180,00 \u20ac\nSeptembre 2031 20,00 \u20ac 600 \u20ac 40\u00a0780,00 \u20ac\n1\u00a0820 \u20acOctobre 2031 20,00 \u20ac 620 \u20ac 41\u00a0400,00 \u20ac\nNovembre 2031 20,00 \u20ac 600 \u20ac 42\u00a0000,00 \u20ac\nD\u00e9cembre 2031 20,00 \u20ac 620 \u20ac 42\u00a0620,00 \u20ac\n1\u00a0820 \u20acJanvier 2032 20,00 \u20ac 620 \u20ac 43\u00a0240,00 \u20ac\nF\u00e9vrier 2032 20,00 \u20ac 580 \u20ac 43\u00a0820,00 \u20ac\nAstreinte\nparties privatives\u00a0/\nlogement individuel \navec\nmontant de base\nMontant\nJournalier\nMontant \nd\u00fb\nSur le \nmois\nMontant total\nD\u00fb\nMontant Total \u00e0 \npayer par \ntrimestre \u00e9chu\nMars 2032 20,00 \u20ac 620 \u20ac 44\u00a0440,00 \u20ac\n1\u00a0840 \u20acAvril 2032 20,00 \u20ac 600 \u20ac 45\u00a0040,00 \u20ac\nMai 2032 20,00 \u20ac 620 \u20ac 45\u00a0660,00 \u20ac\nJuin 2032 20,00 \u20ac 600 \u20ac 46\u00a0260,00 \u20ac\n1\u00a0840 \u20acJuillet 2032 20,00 \u20ac 620 \u20ac 46\u00a0880,00 \u20ac\nAo\u00fbt 2032 20,00 \u20ac 620 \u20ac 47\u00a0500,00 \u20ac\nSeptembre 2032 20,00 \u20ac 600 \u20ac 48\u00a0100,00 \u20ac\n1\u00a0820 \u20acOctobre 2032 20,00 \u20ac 620 \u20ac 48\u00a0720,00 \u20ac\nNovembre 2032 20,00 \u20ac 600 \u20ac 49\u00a0320,00 \u20ac\nD\u00e9cembre 2032 20,00 \u20ac 620 \u20ac 49\u00a0940,00 \u20ac\n680 \u20ac680 \u20ac\nJanvier 2033 20,00 \u20ac 60 \u20ac 50\u00a0000,00 \u20ac\nDirection d\u00e9partementale des territoires de la C\u00f4te-d'Or\n57 rue de Mulhouse- BP 53317 - 21033 DIJON cedex\nt\u00e9l : 03 80 29 44 44 \u2013 Courriel\u00a0: ddt@cote-dor.gouv.fr\nDirection d\u00e9partementale des territoires de la C\u00f4te-d'Or - 21-2026-03-26-00002 - Arr\u00eat\u00e9 pr\u00e9fectoral N\u00b0 370\nrendant redevable Monsieur S\u00e9bastien ROYER et Madame Sylvie ROYER d'une astreinte administrative en mati\u00e8re de lutte contre\nl'habitat indigne pour un logement situ\u00e9 au 59 avenue du G\u00e9n\u00e9ral de Gaulle \u00e0 Auxonne, sur la parcelle cadastrale AX n\u00b0186\n11\nDirection d\u00e9partementale des territoires de la\nC\u00f4te-d'Or\nService S\u00e9curit\u00e9 et Education Routi\u00e8re\n21-2026-04-03-00001\nArr\u00eat\u00e9 Pr\u00e9fectoral N\u00b0650 portant d\u00e9rogation \u00e0\ntitre temporaire \u00e0 l'interdiction de circulation\ndes v\u00e9hicules\nde transport de marchandises \u00e0 certaines\np\u00e9riodes pour les v\u00e9hicules de plus de 7,5 tonnes\nde PTAC exploit\u00e9s par la soci\u00e9t\u00e9 SIRUGUE SAS\ndomicili\u00e9e \u00e0 ESBARRES (21)\nDirection d\u00e9partementale des territoires de la C\u00f4te-d'Or - 21-2026-04-03-00001 - Arr\u00eat\u00e9 Pr\u00e9fectoral N\u00b0650 portant d\u00e9rogation \u00e0 titre\ntemporaire \u00e0 l'interdiction de circulation des v\u00e9hicules\nde transport de marchandises \u00e0 certaines p\u00e9riodes pour les v\u00e9hicules de plus de 7,5 tonnes de PTAC exploit\u00e9s par la soci\u00e9t\u00e9 SIRUGUE\nSAS domicili\u00e9e \u00e0 ESBARRES (21)\n12\nEnPREFETDE LACOTE-D'ORLibert\u00e9Egalit\u00e9Fraternit\u00e9\nDirection d\u00e9partementale des territoires\nde la C\u00f4te-d'Or\nAffaire suivie par Manon BEAULIEU\nService de la s\u00e9curit\u00e9 et de l'\u00e9ducation routi\u00e8re\nBureau de la s\u00e9curit\u00e9 routi\u00e8re\nT\u00e9l : 03 80 29 44 23\nm\u00e9l : ddt-transports@cote-dor.gouv.fr \nArr\u00eat\u00e9 Pr\u00e9fectoral N\u00b0650\nportant d\u00e9rogation \u00e0 titre temporaire \u00e0 l'interdiction de circulation des v\u00e9hicules\nde transport de marchandises \u00e0 certaines p\u00e9riodes pour les v\u00e9hicules de plus de 7,5 tonnes \nde PTAC exploit\u00e9s par la soci\u00e9t\u00e9 SIRUGUE SAS domicili\u00e9e \u00e0 ESBARRES (21)\nPr\u00e9fet de la C\u00f4te-d'Or\nVU le Code g\u00e9n\u00e9ral des collectivit\u00e9s territoriales, notamment son article L. 2215-1 ;\nVU le Code de la route, notamment son article R. 411-18 ; \nVU la loi n\u00b0 82-213 du 2 mars 1982 modifi\u00e9e relative aux droits et libert\u00e9s des communes, des  \nd\u00e9partements et des r\u00e9gions, notamment son article 34 ;\nVU le d\u00e9cret n\u00b02004-374 du 29 avril 2004 relatif aux pouvoirs des pr\u00e9fets, \u00e0 l'organisation et \u00e0  \nl'action des services de l'\u00c9tat dans les r\u00e9gions et les d\u00e9partements ;\nVU le d\u00e9cret n\u00b0 97-34 du 15 janvier 1997 modifi\u00e9 relatif \u00e0 la d\u00e9concentration des d\u00e9cisions  \nadministratives individuelles ;\nVU l'arr\u00eat\u00e9 interminist\u00e9riel du 16 avril 2021 relatif \u00e0 l'interdiction de circulation des v\u00e9hicules  \nde transport de marchandises \u00e0 certaines p\u00e9riodes et notamment son article 5 ;\nVU l'arr\u00eat\u00e9 du 26 d\u00e9cembre 2025 relatif aux interdictions compl\u00e9mentaires de circulation des \nv\u00e9hicules de transport de marchandises pour l'ann\u00e9e 2026 ;\nVU l'arr\u00eat\u00e9 pr\u00e9fectoral n\u00b0 507 / SG du 28 mars 2025 donnant d\u00e9l\u00e9gation de signature \u00e0 Mme  \nManuelle Dupuy, directrice d\u00e9partementale des territoires de la C\u00f4te-d'Or ;\nDirection d\u00e9partementale des territoires de la C\u00f4te-d'Or\n57, rue de Mulhouse - BP 53317 - 21033 Dijon CEDEX\nT\u00e9l. : 03 80 29 44 44\nCourriel : ddt@cote-dor.gouv.fr \nDirection d\u00e9partementale des territoires de la C\u00f4te-d'Or - 21-2026-04-03-00001 - Arr\u00eat\u00e9 Pr\u00e9fectoral N\u00b0650 portant d\u00e9rogation \u00e0 titre\ntemporaire \u00e0 l'interdiction de circulation des v\u00e9hicules\nde transport de marchandises \u00e0 certaines p\u00e9riodes pour les v\u00e9hicules de plus de 7,5 tonnes de PTAC exploit\u00e9s par la soci\u00e9t\u00e9 SIRUGUE\nSAS domicili\u00e9e \u00e0 ESBARRES (21)\n13\nVU l'arr\u00eat\u00e9 pr\u00e9fectoral n\u00b0 1333 du 28 ao\u00fbt 2025 portant d\u00e9l\u00e9gation de signature aux agents  \nde la direction d\u00e9partementale des territoires de la C\u00f4te-d'Or ;\nVU la demande pr\u00e9sent\u00e9e le 30  mars 2026 par l'association NUTRIACCES pour le compte de  \nla soci\u00e9t\u00e9 SIRUGUE SAS domicili\u00e9e 2, rue du Breuil \u2013 Esbarres (21170) ;\nConsid\u00e9rant que la circulation des v\u00e9hicules exploit\u00e9s par l'entreprise susvis\u00e9e permet le  \ntransport d'aliments compos\u00e9s pour animaux dans les \u00e9levages conform\u00e9ment \u00e0 l'article  \n5-II-6\u00b0 de l'arr\u00eat\u00e9 interminist\u00e9riel du 16 avril 2021 ;\nSUR proposition de Madame la directrice d\u00e9partementale des territoires de la C\u00f4te-d'Or par  \nint\u00e9rim ;\nARRETE\nArticle 1er : \nLes v\u00e9hicules dont les num\u00e9ros d'immatriculation figurent dans l'annexe jointe au pr\u00e9sent  \narr\u00eat\u00e9, exploit\u00e9s par l'entreprise SIRUGUE SAS domicili\u00e9e 2, rue du Breuil \u00e0 Esbarres (21), sont  \nautoris\u00e9s \u00e0 circuler en d\u00e9rogation aux articles 1 et 2 de l'arr\u00eat\u00e9 interminist\u00e9riel du 16 avril 2021 \nrelatif \u00e0 l'interdiction de circulation des v\u00e9hicules de transport de marchandises \u00e0 certaines  \np\u00e9riodes.\nArticle 2 : \nCette d\u00e9rogation est accord\u00e9e afin d'assurer le transport d'aliments compos\u00e9s pour animaux \ndans des \u00e9levages :\n\u2022 point de d\u00e9part, de chargement et de retour : 2, rue du Breuil \u00e0 Esbarres (21170) ;\n\u2022 point de d\u00e9chargement  : \u00e9levages situ\u00e9s dans les d\u00e9partements suivants  : Ain (01),  \nAllier (03), Aube (10), C\u00f4te d'Or (21), Doubs (25), Dr\u00f4me ( 26), Is\u00e8re (38), Jura (39), Loire \n(42), Haute-Marne (52), Meurthe-et-Moselle (54), Moselle (57) Ni\u00e8vre (58), Bas-Rhin (67),  \nHaut-Rhin(68), Rh\u00f4ne (69), Haute -Sa\u00f4ne (70), Sa\u00f4ne-et-Loire (71), Savoie (73), Haute-\nSavoie (74), Vosges (88), Yonne (89) et Territoire-de-Belfort (90).\nCette d\u00e9rogation est valable lundi 6 avril 2026 de 7h \u00e0 19h.\nArticle 3 :\nLe responsable du v\u00e9hicule doit pouvoir justifier, en cas de contr\u00f4le, aupr\u00e8s des agents de  \nl'autorit\u00e9 comp\u00e9tente de la conformit\u00e9 du transport effectu\u00e9 au regard des dispositions de la \npr\u00e9sente d\u00e9rogation.\nUne  copie  du  pr\u00e9sent  arr\u00eat\u00e9  et  de  son  annexe  doivent  se  trouver  \u00e0  bord  du  v\u00e9hicule.  \nL'original de l'arr\u00eat\u00e9 est archiv\u00e9 par la direction d\u00e9partementale des territoires de la C\u00f4te-\nd'Or.\nDirection d\u00e9partementale des territoires de la C\u00f4te-d'Or\n57, rue de Mulhouse - BP 53317 - 21033 Dijon CEDEX\nT\u00e9l. : 03 80 29 44 44\nCourriel : ddt@cote-dor.gouv.fr \nDirection d\u00e9partementale des territoires de la C\u00f4te-d'Or - 21-2026-04-03-00001 - Arr\u00eat\u00e9 Pr\u00e9fectoral N\u00b0650 portant d\u00e9rogation \u00e0 titre\ntemporaire \u00e0 l'interdiction de circulation des v\u00e9hicules\nde transport de marchandises \u00e0 certaines p\u00e9riodes pour les v\u00e9hicules de plus de 7,5 tonnes de PTAC exploit\u00e9s par la soci\u00e9t\u00e9 SIRUGUE\nSAS domicili\u00e9e \u00e0 ESBARRES (21)\n14\nArticle 4 :\nLe pr\u00e9sent arr\u00eat\u00e9 peut faire l'objet d'un recours contentieux devant le tribunal administratif  \nde Dijon dans un d\u00e9lai de deux mois \u00e0 compter de sa publication. Un recours peut \u00eatre  \nd\u00e9pos\u00e9  via  l'application  T\u00e9l\u00e9recours  citoyens  accessible  par  le  site  internet  \nwww.telerecours.fr\nArticle 5 :\nLa  directrice  de  cabinet  du  pr\u00e9fet  de  la  C\u00f4te-d'Or  et  la  directrice  d\u00e9partementale  des  \nterritoires de la C\u00f4te-d'Or par int\u00e9rim sont charg\u00e9es de l'ex\u00e9cution du pr\u00e9sent arr\u00eat\u00e9 qui sera  \npubli\u00e9  au  recueil  des  actes  administratifs  de  la  pr\u00e9fecture  de  la  C\u00f4te-d'Or  et  notifi\u00e9  au \nresponsable l\u00e9gal de l'entreprise SIRUGUE SAS domicili\u00e9e \u00e0 Esbarres (21).\nFait \u00e0 Dijon, le 3 avril 2026\nPour le Pr\u00e9fet et par d\u00e9l\u00e9gation,\nLe chef du Service S\u00e9curit\u00e9 et Education Routi\u00e8re\nSIGNE\nPhilippe MUNIER\nDirection d\u00e9partementale des territoires de la C\u00f4te-d'Or\n57, rue de Mulhouse - BP 53317 - 21033 Dijon CEDEX\nT\u00e9l. : 03 80 29 44 44\nCourriel : ddt@cote-dor.gouv.fr \nDirection d\u00e9partementale des territoires de la C\u00f4te-d'Or - 21-2026-04-03-00001 - Arr\u00eat\u00e9 Pr\u00e9fectoral N\u00b0650 portant d\u00e9rogation \u00e0 titre\ntemporaire \u00e0 l'interdiction de circulation des v\u00e9hicules\nde transport de marchandises \u00e0 certaines p\u00e9riodes pour les v\u00e9hicules de plus de 7,5 tonnes de PTAC exploit\u00e9s par la soci\u00e9t\u00e9 SIRUGUE\nSAS domicili\u00e9e \u00e0 ESBARRES (21)\n15\nANNEXE\n\u00e0 l'arr\u00eat\u00e9 pr\u00e9fectoral n\u00b0650 du 3 avril 2026\nArticle R. 411-18 du Code de la route \u2013 Article 5-II de l'arr\u00eat\u00e9 interminist\u00e9riel du 16 avril 2021.\nD\u00e9rogation temporaire aux interdictions de circulations g\u00e9n\u00e9rales et compl\u00e9mentaires \npr\u00e9vues par les articles 1 et 2 de l'arr\u00eat\u00e9 interminist\u00e9riel du 16 avril 2021.\nConform\u00e9ment \u00e0 l'article 8 de l'arr\u00eat\u00e9 interminist\u00e9riel du 16 avril 2021, la d\u00e9rogation \nindividuelle \u00e0 titre temporaire doit \u00eatre obligatoirement compl\u00e9t\u00e9e par son titulaire avant le \nd\u00e9part du v\u00e9hicule en indiquant la date du d\u00e9placement et le num\u00e9ro d'immatriculation du \nv\u00e9hicule.\nDate du d\u00e9placement : lundi 6 avril 2026 de 7h \u00e0 19h\nV\u00e9hicules concern\u00e9s (le cas \u00e9ch\u00e9ant)\nType N\u00b0 immatriculation\nCIT BETA\nUne copie de l'arr\u00eat\u00e9 pr\u00e9fectoral et son annexe doivent se trouver \u00e0 bord du v\u00e9hicule\net pouvoir \u00eatre pr\u00e9sent\u00e9s aux agents charg\u00e9s du contr\u00f4le.\nL'original de l'arr\u00eat\u00e9 est archiv\u00e9 par la direction d\u00e9partementale des territoires\nde la C\u00f4te-d'Or.\nDirection d\u00e9partementale des territoires de la C\u00f4te-d'Or\n57, rue de Mulhouse - BP 53317 - 21033 Dijon CEDEX\nT\u00e9l. : 03 80 29 44 44\nCourriel : ddt@cote-dor.gouv.fr \nDirection d\u00e9partementale des territoires de la C\u00f4te-d'Or - 21-2026-04-03-00001 - Arr\u00eat\u00e9 Pr\u00e9fectoral N\u00b0650 portant d\u00e9rogation \u00e0 titre\ntemporaire \u00e0 l'interdiction de circulation des v\u00e9hicules\nde transport de marchandises \u00e0 certaines p\u00e9riodes pour les v\u00e9hicules de plus de 7,5 tonnes de PTAC exploit\u00e9s par la soci\u00e9t\u00e9 SIRUGUE\nSAS domicili\u00e9e \u00e0 ESBARRES (21)\n16\nDirection d\u00e9partementale des territoires de la\nC\u00f4te-d'Or\nService S\u00e9curit\u00e9 et Education Routi\u00e8re\n21-2026-04-03-00005\nArr\u00eat\u00e9 Pr\u00e9fectoral N\u00b0652 portant d\u00e9rogation \u00e0\ntitre temporaire \u00e0 l'interdiction de circulation\ndes v\u00e9hicules de transport de marchandises \u00e0\ncertaines p\u00e9riodes pour les v\u00e9hicules\nde plus de 7,5 tonnes de PTAC exploit\u00e9s par la\nsoci\u00e9t\u00e9 SECULA LOGISTIQUE domicili\u00e9e\n\u00e0 BEAUNE (21)\nDirection d\u00e9partementale des territoires de la C\u00f4te-d'Or - 21-2026-04-03-00005 - Arr\u00eat\u00e9 Pr\u00e9fectoral N\u00b0652 portant d\u00e9rogation \u00e0 titre\ntemporaire \u00e0 l'interdiction de circulation des v\u00e9hicules de transport de marchandises \u00e0 certaines p\u00e9riodes pour les v\u00e9hicules\nde plus de 7,5 tonnes de PTAC exploit\u00e9s par la soci\u00e9t\u00e9 SECULA LOGISTIQUE domicili\u00e9e\n\u00e0 BEAUNE (21)\n17\nPREFETDELACOTE-D'ORLibert\u00e9Egalit\u00e9Fraternit\u00e9\nDirection d\u00e9partementale des territoires\nde la C\u00f4te-d'Or\nAffaire suivie par Manon BEAULIEU\nService de la s\u00e9curit\u00e9 et de l'\u00e9ducation routi\u00e8re\nBureau de la s\u00e9curit\u00e9 routi\u00e8re\nT\u00e9l : 03 80 29 44 23\nm\u00e9l : ddt-transports@cote-dor.gouv.fr\nArr\u00eat\u00e9 Pr\u00e9fectoral N\u00b0652 \nportant d\u00e9rogation \u00e0 titre temporaire \u00e0 l'interdiction de circulation des v\u00e9hicules \nde transport de marchandises \u00e0 certaines p\u00e9riodes pour les v\u00e9hicules\nde plus de 7,5 tonnes de PTAC exploit\u00e9s par la soci\u00e9t\u00e9 SECULA LOGISTIQUE domicili\u00e9e\n\u00e0 BEAUNE (21)\nPr\u00e9fet de la C\u00f4te-d'Or\nVU le Code g\u00e9n\u00e9ral des collectivit\u00e9s territoriales, notamment son article L. 2215-1 ;\nVU le Code de la route, notamment son article R. 411-18 ; \nVU la loi n\u00b0 82-213 du 2 mars 1982 modifi\u00e9e relative aux droits et libert\u00e9s des communes, des  \nd\u00e9partements et des r\u00e9gions, notamment son article 34 ;\nVU le d\u00e9cret n\u00b02004-374 du 29 avril 2004 relatif aux pouvoirs des pr\u00e9fets, \u00e0 l'organisation et \u00e0  \nl'action des services de l'\u00c9tat dans les r\u00e9gions et les d\u00e9partements ;\nVU le d\u00e9cret n\u00b0 97-34 du 15 janvier 1997 modifi\u00e9 relatif \u00e0 la d\u00e9concentration des d\u00e9cisions  \nadministratives individuelles ;\nVU l'arr\u00eat\u00e9 interminist\u00e9riel du 16 avril 2021 relatif \u00e0 l'interdiction de circulation des v\u00e9hicules  \nde transport de marchandises \u00e0 certaines p\u00e9riodes et notamment son article 5 ;\nVU l'arr\u00eat\u00e9 du 26 d\u00e9cembre 2025 relatif aux interdictions compl\u00e9mentaires de circulation des \nv\u00e9hicules de transport de marchandises pour l'ann\u00e9e 2026 ;\nVU l'arr\u00eat\u00e9 pr\u00e9fectoral n\u00b0 507 / SG du 28 mars 2025 donnant d\u00e9l\u00e9gation de signature \u00e0 Mme  \nManuelle Dupuy, directrice d\u00e9partementale des territoires de la C\u00f4te-d'Or ;\nVU l'arr\u00eat\u00e9 pr\u00e9fectoral n\u00b0 1333 du 28 ao\u00fbt 2025 portant d\u00e9l\u00e9gation de signature aux agents  \nde la direction d\u00e9partementale des territoires de la C\u00f4te-d'Or ;\nVU la demande pr\u00e9sent\u00e9e le 6 mars 2026 par l'entreprise SECULA LOGISTIQUE domicili\u00e9e \u00e0 \nBP 50193 BEAUNE (21) ;\nDirection d\u00e9partementale des territoires de la C\u00f4te-d'Or - 21-2026-04-03-00005 - Arr\u00eat\u00e9 Pr\u00e9fectoral N\u00b0652 portant d\u00e9rogation \u00e0 titre\ntemporaire \u00e0 l'interdiction de circulation des v\u00e9hicules de transport de marchandises \u00e0 certaines p\u00e9riodes pour les v\u00e9hicules\nde plus de 7,5 tonnes de PTAC exploit\u00e9s par la soci\u00e9t\u00e9 SECULA LOGISTIQUE domicili\u00e9e\n\u00e0 BEAUNE (21)\n18\nVU l'avis favorable du pr\u00e9fet du d\u00e9partement d'arriv\u00e9e : n\u00b071 (Sa\u00f4ne-et-Loire) ;\nConsid\u00e9rant que la circulation des v\u00e9hicules exploit\u00e9s par l'entreprise susvis\u00e9e permet de  \ncontribuer  \u00e0  l'ex\u00e9cution  de  services  publics  a n  de  r\u00e9pondre  \u00e0  des  besoins  collectifsfi  \nimm\u00e9diats, conform\u00e9ment \u00e0 l'article 5-II- 4 de l'arr\u00eat\u00e9 interminist\u00e9riel du 16 avril 2021 ;\nSUR proposition de Madame la directrice d\u00e9partementale des territoires de la C\u00f4te-d'Or ;\nARRETE\nArticle 1er : \nLes v\u00e9hicules  dont les num\u00e9ros d'immatriculation figurent dans l'annexe jointe au pr\u00e9sent  \narr\u00eat\u00e9,  exploit\u00e9s  par  l'entreprise  SECULA  LOGISTIQUE  domicili\u00e9e  \u00e0  BEAUNE  (21),  sont  \nautoris\u00e9s \u00e0 circuler en d\u00e9rogation aux articles 1 et 2 de l'arr\u00eat\u00e9 interminist\u00e9riel du 16 avril 2021 \nrelatif \u00e0 l'interdiction de circulation des v\u00e9hicules de transport de marchandises \u00e0 certaines  \np\u00e9riodes.\nArticle 2 : \nCette d\u00e9rogation est accord\u00e9e pour l'\u00e9vacuation de point d'apports volontaires (PAV) :\n\u2022 point de d\u00e9part et de retour :  Ruffey-les-Beaune (21), Arnay-le-Duc (21), Longvic (21),  \nBierre-les-Semur (21)\n\u2022 points de chargement : \n     - Collectivit\u00e9s  de  C\u00f4te d'Or (21)  : Terres d'Auxois, Arnay Liernais, Saulieu, Gevrey  \nNuits saint Georges, Beaune C\u00f4te et Sud, Rives de Sa\u00f4ne\n       - Collectivit\u00e9s de Sa\u00f4ne-et-Loire (71) : Communaut\u00e9 de commune d'Autun, SIRTOM \nde Chagny, SICED Bresse Nord\nCette d\u00e9rogation est valable :\n\u2022 de 6h \u00e0 19h les jours suivants : lundi 6 avril 2026, vendredi 1er mai 2026, vendredi 8 mai \n2026, jeudi 14 mai 2026, lundi 25 mai 2026,  mardi 14 juillet 2026, samedi 15 ao\u00fbt 2026, \nmercredi 11 novembre 2026, vendredi 25 d\u00e9cembre 2026\n\u2022 de 7h \u00e0 19h les journ\u00e9es d'interdictions compl\u00e9mentaires de circulation suivantes  : les \nsamedis 11 juillet 2026, 18 juillet 2026, 25 juillet 2026, 8 ao\u00fbt 2026\nLa  circulation  est  interdite  le  samedi  1 er ao\u00fbt  2026  en  raison  d'une  pr\u00e9vision  de  trafic  \nparticuli\u00e8rement dense par Bison fut\u00e9 (journ\u00e9e class\u00e9e \u00ab noire \u00bb)\nDirection d\u00e9partementale des territoires de la C\u00f4te-d'Or - 21-2026-04-03-00005 - Arr\u00eat\u00e9 Pr\u00e9fectoral N\u00b0652 portant d\u00e9rogation \u00e0 titre\ntemporaire \u00e0 l'interdiction de circulation des v\u00e9hicules de transport de marchandises \u00e0 certaines p\u00e9riodes pour les v\u00e9hicules\nde plus de 7,5 tonnes de PTAC exploit\u00e9s par la soci\u00e9t\u00e9 SECULA LOGISTIQUE domicili\u00e9e\n\u00e0 BEAUNE (21)\n19\nArticle 3 :\nLe responsable du v\u00e9hicule doit pouvoir justifier, en cas de contr\u00f4le, aupr\u00e8s des agents de  \nl'autorit\u00e9 comp\u00e9tente de la conformit\u00e9 du transport effectu\u00e9 au regard des dispositions de la \npr\u00e9sente d\u00e9rogation.\nUne  copie  du  pr\u00e9sent  arr\u00eat\u00e9  et  de  son  annexe  doivent  se  trouver  \u00e0  bord  du  v\u00e9hicule.  \nL'original de l'arr\u00eat\u00e9 est archiv\u00e9 par la direction d\u00e9partementale des territoires de la C\u00f4te-\nd'Or.\nArticle 4 :\nLe pr\u00e9sent arr\u00eat\u00e9 peut faire l'objet d'un recours contentieux devant le tribunal administratif  \nde Dijon dans un d\u00e9lai de deux mois \u00e0 compter de sa publication. Un recours peut \u00eatre  \nd\u00e9pos\u00e9  via  l'application  T\u00e9l\u00e9recours  citoyens  accessible  par  le  site  internet  \nwww.telerecours.fr\nArticle 5 :\nLa  directrice  de  cabinet  du  pr\u00e9fet  de  la  C\u00f4te-d'Or  et  la  directrice  d\u00e9partementale  des  \nterritoires de la C\u00f4te-d'Or sont charg\u00e9s de l'ex\u00e9cution du pr\u00e9sent arr\u00eat\u00e9 qui sera publi\u00e9 au  \nrecueil des actes administratifs de la pr\u00e9fecture de la C\u00f4te-d'Or et notifi\u00e9 au responsable  \nl\u00e9gal de l'entreprise SECULA LOGISTIQUE domicili\u00e9e \u00e0 BEAUNE (21).\nFait \u00e0 Dijon, le 3 avril 2026\nPour le Pr\u00e9fet et par d\u00e9l\u00e9gation,\nLe chef de Service S\u00e9curit\u00e9 et \u00c9ducation Routi\u00e8re\nSIGNE\nPhilippe MUNIER\nDirection d\u00e9partementale des territoires de la C\u00f4te-d'Or - 21-2026-04-03-00005 - Arr\u00eat\u00e9 Pr\u00e9fectoral N\u00b0652 portant d\u00e9rogation \u00e0 titre\ntemporaire \u00e0 l'interdiction de circulation des v\u00e9hicules de transport de marchandises \u00e0 certaines p\u00e9riodes pour les v\u00e9hicules\nde plus de 7,5 tonnes de PTAC exploit\u00e9s par la soci\u00e9t\u00e9 SECULA LOGISTIQUE domicili\u00e9e\n\u00e0 BEAUNE (21)\n20\nANNEXE\n\u00e0 l'arr\u00eat\u00e9 pr\u00e9fectoral n\u00b0652 du 3 avril 2026\nArticle R. 411-18 du Code de la route \u2013 Article 5-II de l'arr\u00eat\u00e9 interminist\u00e9riel du 16 avril 2021.\nD\u00e9rogation temporaire aux interdictions de circulations g\u00e9n\u00e9rales et compl\u00e9mentaires \npr\u00e9vues par les articles 1 et 2 de l'arr\u00eat\u00e9 interminist\u00e9riel du 16 avril 2021.\nConform\u00e9ment \u00e0 l'article 8 de l'arr\u00eat\u00e9 interminist\u00e9riel du 16 avril 2021, la d\u00e9rogation \nindividuelle \u00e0 titre temporaire doit \u00eatre obligatoirement compl\u00e9t\u00e9e par son titulaire avant le \nd\u00e9part du v\u00e9hicule en indiquant la date du d\u00e9placement et le num\u00e9ro d'immatriculation du \nv\u00e9hicule.\nCette d\u00e9rogation est valable :\n\u2022 de 6h \u00e0 19h les jours suivants : lundi 6 avril 2026, vendredi 1er mai 2026, vendredi 8 mai \n2026, jeudi 14 mai 2026, lundi 25 mai 2026,  mardi 14 juillet 2026, samedi 15 ao\u00fbt 2026, \nmercredi 11 novembre 2026, vendredi 25 d\u00e9cembre 2026\n\u2022 de 7h \u00e0 19h les journ\u00e9es d'interdictions compl\u00e9mentaires de circulation suivantes  : les \nsamedis 11 juillet 2026, 18 juillet 2026, 25 juillet 2026, 8 ao\u00fbt 2026\nV\u00e9hicules concern\u00e9s (le cas \u00e9ch\u00e9ant)\nType N\u00b0 immatriculation\nPORTEUR DA 413 HL\nPORTEUR EN 594 QQ\nPORTEUR FK 422 WF\nPORTEUR GL 078 FW\nPORTEUR GP 489 CJ\nPORTEUR GW 060 BE \nPORTEUR HB 085 SN\nPORTEUR HE 978 VV\nUne copie de l'arr\u00eat\u00e9 pr\u00e9fectoral et son annexe doivent se trouver \u00e0 bord du v\u00e9hicule\net pouvoir \u00eatre pr\u00e9sent\u00e9s aux agents charg\u00e9s du contr\u00f4le.\nL'original de l'arr\u00eat\u00e9 est archiv\u00e9 par la direction d\u00e9partementale des territoires de la C\u00f4te-\nd'Or.\nDirection d\u00e9partementale des territoires de la C\u00f4te-d'Or - 21-2026-04-03-00005 - Arr\u00eat\u00e9 Pr\u00e9fectoral N\u00b0652 portant d\u00e9rogation \u00e0 titre\ntemporaire \u00e0 l'interdiction de circulation des v\u00e9hicules de transport de marchandises \u00e0 certaines p\u00e9riodes pour les v\u00e9hicules\nde plus de 7,5 tonnes de PTAC exploit\u00e9s par la soci\u00e9t\u00e9 SECULA LOGISTIQUE domicili\u00e9e\n\u00e0 BEAUNE (21)\n21\nPr\u00e9fecture de la C\u00f4te-d'Or\nDirection de la coordination, des politiques\npubliques et de l'appui territorial\n21-2026-04-03-00006\nArr\u00eat\u00e9 n\u00b0 655 du 3 avril 2026\n portant composition du Conseil D\u00e9partemental\nde l'\u00c9ducation Nationale institu\u00e9 dans le\nd\u00e9partement de la C\u00f4te-d'Or\nPr\u00e9fecture de la C\u00f4te-d'Or - 21-2026-04-03-00006 - Arr\u00eat\u00e9 n\u00b0 655 du 3 avril 2026\n portant composition du Conseil D\u00e9partemental de l'\u00c9ducation Nationale institu\u00e9 dans le d\u00e9partement de la C\u00f4te-d'Or 22\nExPREFETDE LACOTE-D'ORLibert\u00e9Egalit\u00e9Fraternit\u00e9\nDirection des Services\nD\u00e9partementaux de l'\u00c9ducation Nationale\nArr\u00eat\u00e9 n\u00b0 655 du 3 avril 2026\n portant composition du Conseil D\u00e9partemental de l'\u00c9ducation Nationale institu\u00e9 dans le \nd\u00e9partement de la C\u00f4te-d'Or \nVU le Code de l'\u00c9ducation Nationale et notamment les articles L 235-1 et R 235-1 \u00e0 R 235-11-1 ;\nVU la circulaire interminist\u00e9rielle du 21 ao\u00fbt 1985 relative \u00e0 la mise en \u0153uvre du transfert de  \ncomp\u00e9tences  en  mati\u00e8re  d'enseignement  public  et  \u00e0  la  mise  en  place  des  conseils  de  \nl'\u00e9ducation nationale institu\u00e9s dans les d\u00e9partements et les acad\u00e9mies (sauf d\u00e9partements  \nd'Outre-Mer) ;\nVU la circulaire interminist\u00e9rielle du 19 novembre 1985 relative \u00e0 la mise en \u0153uvre du transfert  \nde comp\u00e9tences en mati\u00e8re d'enseignement (comp\u00e9tences et fonctionnement des conseils de  \nl'\u00e9ducation nationale institu\u00e9s dans les d\u00e9partements et dans les acad\u00e9mies) ;\nVU les arr\u00eat\u00e9s pr\u00e9fectoraux du 26 septembre 2019, du 6 janvier 2020, du 30 mars 2020, du  \n22  octobre  2020,  du  18  d\u00e9cembre  2020,  du  1er\n d\u00e9cembre  2021,  du  9  novembre  2022,  du  \n11 janvier 2023, du 7 octobre 2024 et du 13 octobre 2025 \u00a0portant composition du Conseil  \nD\u00e9partemental de l'\u00c9ducation Nationale institu\u00e9 dans le d\u00e9partement de la C\u00f4te-d'Or ;\nVU la d\u00e9signation effectu\u00e9e par la F\u00e9d\u00e9ration Syndicale Unitaire (FSU) le 27 janvier 2026\u00a0;\nVU le  renouvellement  des  conseils  municipaux  des  15  et  22  mars  2026  et  la  d\u00e9signation  \neffectu\u00e9e par les associations des maires le 2 avril 2026\u00a0;\nConsid\u00e9rant qu'il y a lieu en cons\u00e9quence de proc\u00e9der \u00e0 la modification de la composition du  \nConseil D\u00e9partemental de l'\u00c9ducation Nationale ;\nsur proposition du Secr\u00e9taire G\u00e9n\u00e9ral de la Pr\u00e9fecture de la C\u00f4te-d'Or.\nAccueil titres et r\u00e9glementation du lundi au vendredi de 8 heures 30 \u00e0 13 heures \u2013 Cit\u00e9 Dampierre, 6 rue Chancelier de l'Hospital\nAccueil g\u00e9n\u00e9ral du lundi au jeudi de 9 heures \u00e0 12 heures et de 13 heures 30 \u00e0 17 heures ; et le vendredi de 9 heures \u00e0 12 heures et de 13 heures 30 \u00e0 16 heures 30 \u2013 53 rue de la Pr\u00e9fecture\nADRESSE POSTALE : 53 rue de la Pr\u00e9fecture 21041 DIJON CEDEX \u2013 T\u00c9L\u00c9PHONE 03.80.44.64.00 \u2013 T\u00c9L\u00c9COPIE 03.80.30.65.72 \u2013 http://www.cote-dor.gouv.fr\nPr\u00e9fecture de la C\u00f4te-d'Or - 21-2026-04-03-00006 - Arr\u00eat\u00e9 n\u00b0 655 du 3 avril 2026\n portant composition du Conseil D\u00e9partemental de l'\u00c9ducation Nationale institu\u00e9 dans le d\u00e9partement de la C\u00f4te-d'Or 23\nARR\u00caTE\nArticle 1 \u00a0: Les arr\u00eat\u00e9s pr\u00e9fectoraux du 26 septembre 2019, du 6 janvier 2020, du 30 mars 2020,  \ndu  22  octobre  2020,  du  18  d\u00e9cembre  2020,  du  1 er\n d\u00e9cembre  2021,  du  \n9  novembre  2022,  du  11  janvier  2023,  du  7  octobre  2024  et  du  13  octobre  2025 \u00a0portant \ncomposition du Conseil D\u00e9partemental de l'\u00c9ducation Nationale institu\u00e9 dans le d\u00e9partement  \nde la C\u00f4te-d'Or sont abrog\u00e9s.\nArticle 2\u00a0: Le Conseil D\u00e9partemental de la C\u00f4te-d'Or est compos\u00e9 comme suit\u00a0: \nI \u2013 REPR\u00c9SENTANTS DES COLLECTIVIT\u00c9S LOCALES (dix membres)\na) Quatre maires titulaires et quatre maires suppl\u00e9ants.\nTitulaires :\n- Monsieur Laurent SCHEMBRI, maire de Recey-sur-Ource\n- Monsieur Fran\u00e7ois RIOTTE, maire de Chamesson\n- Monsieur Luc BAUDRY, maire de Courtivron\n- Madame Nathalie KOENDERS, maire de Dijon\nSuppl\u00e9ants :\n- non d\u00e9sign\u00e9\n- non d\u00e9sign\u00e9\n- non d\u00e9sign\u00e9\n- non d\u00e9sign\u00e9\nb) Cinq conseillers d\u00e9partementaux titulaires et cinq conseillers d\u00e9partementaux suppl\u00e9ants\nTitulaires :\n- Madame Catherine LOUIS\n- Madame Cl\u00e9mentine BARBIER\n- Madame Val\u00e9rie DUREUIL\n- Monsieur Pierre BOLZE\n- Madame C\u00e9line MAGLICA\nSuppl\u00e9ants :\n- Madame Marie-Claire BONNET-VALLET\n- Madame Patricia GOURMAND\n- Madame Laurence PORTE\n- Monsieur Christophe VERDOT\n- Madame Caroline CARLIER\nPr\u00e9fecture de la C\u00f4te-d'Or - 21-2026-04-03-00006 - Arr\u00eat\u00e9 n\u00b0 655 du 3 avril 2026\n portant composition du Conseil D\u00e9partemental de l'\u00c9ducation Nationale institu\u00e9 dans le d\u00e9partement de la C\u00f4te-d'Or 24\nc) Un conseiller r\u00e9gional titulaire et un conseiller r\u00e9gional suppl\u00e9ant\nTitulaire :\n- Madame Oc\u00e9ane CHARRET-GODARD\nSuppl\u00e9ant :\n- Monsieur St\u00e9phane WOYNAROSKI\nII \u2013 REPR\u00c9SENTANTS DES PERSONNELS TITULAIRES DE L'ETAT (10 membres)\nF.S.U. (4 si\u00e8ges)\nTitulaires :\n- Madame Christine BERNERY\n- Monsieur Fabian CLEMENT\n- Madame Adeline GAETAN\n- Monsieur Maxime PASDELOUP\nSuppl\u00e9ants :\n- Madame Christine BIDAULT\n- Madame Marion GRAVELLE\n- Madame Claire SACKEPEY\n- Madame Emilie OUDIN\nFNEC-FP-FO (trois si\u00e8ges)\nTitulaires :\n- Monsieur Sylvain POUPON\n- Monsieur Cl\u00e9ment EUGENIE\n- Madame Virginie ALVAREZ\nSuppl\u00e9ants :\n- Madame Annick ALIX\n- Madame Christelle MARCEAU-BLANCHARD\n- Monsieur Mathieu RICHARD\nUNSA-\u00c9ducation (deux si\u00e8ges)\nTitulaires :\n- Madame Claire JULLIEN\n- Monsieur Maxime LACROIX\nSuppl\u00e9ants :\n- Madame Alice COULLENOT\n- Monsieur Yvain MELET\nPr\u00e9fecture de la C\u00f4te-d'Or - 21-2026-04-03-00006 - Arr\u00eat\u00e9 n\u00b0 655 du 3 avril 2026\n portant composition du Conseil D\u00e9partemental de l'\u00c9ducation Nationale institu\u00e9 dans le d\u00e9partement de la C\u00f4te-d'Or 25\nCFDT-\u00c9ducation, Formation, Recherche publiques (un si\u00e8ge)\nTitulaire :\n- Monsieur Thomas FLEITH\nSuppl\u00e9ant :\n- Monsieur Florent LAVENET\nIII \u2013 REPR\u00c9SENTANTS DES USAGERS (dix membres)\na) Sept parents d'\u00e9l\u00e8ves\nF\u00e9d\u00e9ration parents d'\u00e9l\u00e8ves -F.C.P .E.- (5 si\u00e8ges)\nTitulaires :\n- Monsieur Antoine DELEGUE\n- Monsieur Marc THIELLET\n- Monsieur Eddy GAILLOT\n- Madame Naziha ZIAN\n- Madame Gu\u00e9na\u00eblle MIGNOT\nSuppl\u00e9ants :\n- non d\u00e9sign\u00e9\n- non d\u00e9sign\u00e9\n- non d\u00e9sign\u00e9\n- non d\u00e9sign\u00e9\n- non d\u00e9sign\u00e9\nAssociation d\u00e9partementale des parents d'\u00e9l\u00e8ves de l'enseignement public -P .E.E.P .- (un si\u00e8ge)\nTitulaire :\n- Monsieur Bruno ECARD\nSuppl\u00e9ant :\n- non d\u00e9sign\u00e9\nUnion Nationale des parents d'\u00e9l\u00e8ves autonomes U.N.A.A.P .E. (un si\u00e8ge)\nTitulaire : \n- Monsieur Fabien KUS\nSuppl\u00e9ant :\n- Madame B\u00e9r\u00e9nice VINCENT\nPr\u00e9fecture de la C\u00f4te-d'Or - 21-2026-04-03-00006 - Arr\u00eat\u00e9 n\u00b0 655 du 3 avril 2026\n portant composition du Conseil D\u00e9partemental de l'\u00c9ducation Nationale institu\u00e9 dans le d\u00e9partement de la C\u00f4te-d'Or 26\nb) Un repr\u00e9sentant des associations compl\u00e9mentaires de l'enseignement public\nTitulaire :\n- Monsieur Bruno LOMBARD, Pr\u00e9sident de la ligue de l'enseignement\nSuppl\u00e9ant :\n- non d\u00e9sign\u00e9\nc) Deux personnalit\u00e9s comp\u00e9tentes dans le domaine \u00e9conomique, social, \u00e9ducatif et culturel\nTitulaires :\n- Monsieur Jean-Paul CHAMPOUSSIN, Directeur \u00c9ducation et Patrimoine au sein du Conseil  \nd\u00e9partemental de la C\u00f4te d'Or,\n- Madame  Florence  BARTHELEMY,  Directrice  territoriale  de  la  protection  judiciaire  de  la \njeunesse.\nSuppl\u00e9ants :\n- Madame Patricia GOBY, Adjointe au Directeur au sein du Conseil D\u00e9partemental de la C\u00f4te  \nd'Or,\n- Monsieur Jean-Charles DUQUET, DS STEMOI 21, directeur du service territorial \u00e9ducatif du  \nmilieu ouvert.\nIV \u2013 UN D\u00c9L\u00c9GU\u00c9 D\u00c9PARTEMENTAL DE L'\u00c9DUCATION NATIONALE (membre \u00e0 titre  \nconsultatif)\n     - Madame Martine RAISON\nArticle 3 :  Tout membre ayant perdu la qualit\u00e9 en raison de laquelle il a \u00e9t\u00e9 nomm\u00e9, cesse  \naussit\u00f4t d'appartenir au Conseil D\u00e9partemental de l'\u00c9ducation Nationale.\nLes membres suppl\u00e9ants ne peuvent si\u00e9ger et \u00eatre pr\u00e9sents aux s\u00e9ances du conseil qu'en  \nl'absence des membres titulaires.\nEn cas de d\u00e9c\u00e8s, vacances ou emp\u00eachement d\u00e9finitif, il est proc\u00e9d\u00e9 dans le d\u00e9lai de trois  \nmois et pour la dur\u00e9e du mandat en cours, au remplacement des membres dans les m\u00eames  \nconditions que celles dans lesquelles ils ont \u00e9t\u00e9 d\u00e9sign\u00e9s.\nArticle 4 : Toutes dispositions contraires au pr\u00e9sent arr\u00eat\u00e9 sont abrog\u00e9es.\nArticle  5  :  Monsieur  le  Secr\u00e9taire  G\u00e9n\u00e9ral  de  la  Pr\u00e9fecture  de  la  C\u00f4te-d'Or,  Monsieur  \nl'inspecteur d'acad\u00e9mie, directeur acad\u00e9mique des services d\u00e9partementaux de l'\u00e9ducation  \nnationale de la C\u00f4te-d'Or, Monsieur le Pr\u00e9sident du Conseil D\u00e9partemental de la C\u00f4te-d'Or,  \nsont charg\u00e9s, chacun en ce qui le concerne, de l'ex\u00e9cution du pr\u00e9sent arr\u00eat\u00e9 dont copie sera  \nnotifi\u00e9e  aux  membres  concern\u00e9s  et  dont  mention  sera  faite  au  Recueil  des  Actes  \nAdministratifs de la Pr\u00e9fecture de la C\u00f4te-d'Or.\n                        \nLe pr\u00e9fet de la r\u00e9gion Bourgogne-Franche-Comt\u00e9, \nPr\u00e9fet de la C\u00f4te-d'Or, \nORIGINAL SIGNE PAR\nPaul MOURIER\nPr\u00e9fecture de la C\u00f4te-d'Or - 21-2026-04-03-00006 - Arr\u00eat\u00e9 n\u00b0 655 du 3 avril 2026\n portant composition du Conseil D\u00e9partemental de l'\u00c9ducation Nationale institu\u00e9 dans le d\u00e9partement de la C\u00f4te-d'Or 27\nPr\u00e9fecture de la C\u00f4te-d'Or\nDirection des s\u00e9curit\u00e9s\n21-2026-04-03-00004\nArr\u00eat\u00e9 pr\u00e9fectoral N\u00b0 653\nportant interdiction de rassemblements festifs \u00e0\ncaract\u00e8re musical et interdiction de circulation\nde tout v\u00e9hicule transportant du mat\u00e9riel de son\n\u00e0 destination d'un rassemblement festif\n\u00e0 caract\u00e8re musical non autoris\u00e9\nPr\u00e9fecture de la C\u00f4te-d'Or - 21-2026-04-03-00004 - Arr\u00eat\u00e9 pr\u00e9fectoral N\u00b0 653\nportant interdiction de rassemblements festifs \u00e0 caract\u00e8re musical et interdiction de circulation\nde tout v\u00e9hicule transportant du mat\u00e9riel de son \u00e0 destination d'un rassemblement festif\n\u00e0 caract\u00e8re musical non autoris\u00e9\n28\n=nPREFETDELACOTE-D'ORLibert\u00e9Egalit\u00e9Fraternit\u00e9\nDirection des s\u00e9curit\u00e9s\nBureau d\u00e9fense et s\u00e9curit\u00e9\nArr\u00eat\u00e9 pr\u00e9fectoral N\u00b0 653\nportant interdiction de rassemblements festifs \u00e0 caract\u00e8re musical et interdiction de circulation\nde tout v\u00e9hicule transportant du mat\u00e9riel de son \u00e0 destination d'un rassemblement festif\n\u00e0 caract\u00e8re musical non autoris\u00e9\nLe pr\u00e9fet de la C\u00f4te-d'Or\nVU le code de la s\u00e9curit\u00e9 int\u00e9rieure, notamment ses articles L. 211-5 et suivants, R. 211-2 et suivants et  \nR. 211-27 et suivants ;\nVU le code g\u00e9n\u00e9ral des collectivit\u00e9s territoriales, notamment l'article L. 2215-1 ;\nVU le code p\u00e9nal ;\nVU le code de la route ;\nVU le code de la voirie routi\u00e8re ;\nVU le d\u00e9cret n\u00b02004-374 du 29 avril 2004 modifi\u00e9 relatif aux pouvoirs des pr\u00e9fets, \u00e0 l'organisation et \u00e0  \nl'action des services de l'\u00c9tat dans les r\u00e9gions et d\u00e9partements ;\nVU  l'arr\u00eat\u00e9  pr\u00e9fectoral  n\u00b01010/SG  du  02  juillet  2025  donnant  d\u00e9l\u00e9gation  de  signature  \u00e0  madame  \nAur\u00e9lie CONTRECIVILE, sous-pr\u00e9f\u00e8te, directrice de cabinet du pr\u00e9fet de la r\u00e9gion Bourgogne-Franche-\nComt\u00e9, pr\u00e9fet de la C\u00f4te-d'Or ;\nCONSID\u00c9RANT que  des  organisateurs  pr\u00e9voient  r\u00e9guli\u00e8rement  des  \u00ab  free-party \u00bb  pouvant  regrouper \nplusieurs centaines de participants dans le d\u00e9partement de la C\u00f4te-d'Or  ; qu'\u00e0 titre d'exemples, de tels  \nrassemblements ont eu lieu ou ont tent\u00e9 de se tenir le 28 septembre 2024 \u00e0 C\u00eeteaux, le 26 octobre 2024  \n\u00e0  Semezanges,  le  09  novembre  2024  \u00e0  Meloisey,  le  16  novembre  2024  \u00e0  Perrigny-sur-l'Ognon,  le  \n29 novembre  2024  \u00e0  Mavilly-Mandelot,  le  22  mars  2025  \u00e0  Bagnot,  le  16  mai  2025  \u00e0  Aubigny-les-\nSombernon, le 13 juin 2025 \u00e0 Broin et le 06 mars 2026 \u00e0 Santosse ;\nCONSID\u00c9RANT que ,  selon  les  \u00e9l\u00e9ments  d'information  disponibles,  des  rassemblements  festifs  \u00e0  \ncaract\u00e8re musical r\u00e9pondant \u00e0 l'ensemble des caract\u00e9ristiques \u00e9nonc\u00e9s par les dispositions de l'article R.  \n211-2 du code de la s\u00e9curit\u00e9 int\u00e9rieure, pouvant regrouper plusieurs centaines de participants, sont  \nsusceptibles d'\u00eatre organis\u00e9s dans le d\u00e9partement de la C\u00f4te-d'Or le week-end du vendredi 03 avril 2026 \nau lundi 06 avril 2026 inclus ;\nCONSID\u00c9RANT qu'en application des dispositions de l'article L. 211-5 du code de la s\u00e9curit\u00e9 int\u00e9rieure,  \nce  type  de  rassemblement  est  soumis  \u00e0  l'obligation  de  d\u00e9claration  pr\u00e9alable  aupr\u00e8s  du  pr\u00e9fet  de  \nd\u00e9partement,  pr\u00e9cisant  le  nombre  pr\u00e9visible  de  participants  ainsi  que  les  mesures  envisag\u00e9es  par  \nl'organisateur pour garantir la s\u00e9curit\u00e9, la salubrit\u00e9, l'hygi\u00e8ne et la tranquillit\u00e9 publiques ;\nCONSID\u00c9RANT qu'aucune d\u00e9claration pr\u00e9alable n'a \u00e9t\u00e9 d\u00e9pos\u00e9e aupr\u00e8s du pr\u00e9fet de la C\u00f4te-d'Or  ; que \nl'organisateur n'est pas identifi\u00e9 e t que les terrains sur lesquels sont susceptibles de se d\u00e9rouler ces  \nrassemblements ne sont pas connus ;\nCONSID\u00c9RANT que  ce  type  de  rassemblement  regroupant  un  grand  nombre  de  participants  peut  \nprovoquer des troubles \u00e0 l'ordre public qu'ils soient li\u00e9s \u00e0 l'augmentation du risque de conduite sous  \nPr\u00e9fecture de la C\u00f4te-d'Or - 21-2026-04-03-00004 - Arr\u00eat\u00e9 pr\u00e9fectoral N\u00b0 653\nportant interdiction de rassemblements festifs \u00e0 caract\u00e8re musical et interdiction de circulation\nde tout v\u00e9hicule transportant du mat\u00e9riel de son \u00e0 destination d'un rassemblement festif\n\u00e0 caract\u00e8re musical non autoris\u00e9\n29\nl'emprise  d'alcool  ou  de  stup\u00e9fiants  ou  encore  \u00e0  la  g\u00eane  occasionn\u00e9e  par  le  niveau  sonore  \nextr\u00eamement \u00e9lev\u00e9 de la musique diffus\u00e9e ; que les moyens appropri\u00e9s en mati\u00e8re de lutte contre  \nl'incendie et de secours aux personnes, ainsi qu'en mati\u00e8re de s\u00e9curit\u00e9 sanitaire et routi\u00e8re ne peuvent  \n\u00eatre r\u00e9unis ;\nCONSID\u00c9RANT que dans ces circonstances, ces rassemblements sont de nature \u00e0 provoquer des  \ntroubles graves \u00e0 l'ordre public ; que leur interdiction, qui est strictement n\u00e9cessaire et proportionn\u00e9e  \naux objectifs poursuivis, est seule de nature \u00e0 pr\u00e9venir efficacement ces troubles ;\nCONSID\u00c9RANT qu'en  l'absence  d'identification  du  lieu  g\u00e9ographique  susceptible  d'accueillir  les  \nrassemblements festifs \u00e0 caract\u00e8re musical envisag\u00e9s, et afin de donner un effet utile \u00e0 l'interdiction, il  \ny  a  lieu  d'interdire,  sauf  motif  l\u00e9gitime,  la  circulation  des  v\u00e9hicules  transportant  du  mat\u00e9riel  de  \nsonorisation sur l'ensemble des r\u00e9seaux routiers du d\u00e9partement de la C\u00f4te-d'Or ;\nSUR proposition de madame la directrice de cabinet du pr\u00e9fet de la r\u00e9gion Bourgogne-Franche-Comt\u00e9, \npr\u00e9fet de la C\u00f4te-d'Or,\nARR\u00caTE\nArticle  1er  :  Les  rassemblements  festifs  \u00e0  caract\u00e8re  musical  r\u00e9pondant  \u00e0  l'ensemble  des  \ncaract\u00e9ristiques  \u00e9nonc\u00e9es  \u00e0  l'article  R.  211-2  du  code  de  la  s\u00e9curit\u00e9  int\u00e9rieure,  autres  que  ceux  \nl\u00e9galement  d\u00e9clar\u00e9s ou autoris\u00e9s, sont interdits sur l'ensemble du d\u00e9partement de la C\u00f4te-d'Or du  \nvendredi 03 avril 2026 \u00e0 16h00 au mardi 07 avril 2026 \u00e0 08h00.\nArticle  2 :  La  circulation  de  tout  v\u00e9hicule  transportant  du  mat\u00e9riel  de  sonorisation  (notamment  \n\u00ab sound system \u00bb et amplificateurs) \u00e0 destination d'un rassemblement festif \u00e0 caract\u00e8re musical non  \nautoris\u00e9 est interdite sur l'ensemble des r\u00e9seaux routiers du d\u00e9partement de la C\u00f4te-d'Or du vendredi \n03 avril 2026 \u00e0 16h00 au mardi 07 avril 2026 \u00e0 08h00.\nArticle  3 :  Le  pr\u00e9sent  arr\u00eat\u00e9  entre  en  vigueur  \u00e0  compter  de  sa  publication  au  recueil  des  actes  \nadministratifs.\nArticle 4 : Toute infraction au pr\u00e9sent arr\u00eat\u00e9 est passible des sanctions pr\u00e9vues par l'article R. 211-27  \ndu code de la s\u00e9curit\u00e9 int\u00e9rieure et peut donner lieu \u00e0 la saisie du mat\u00e9riel en vue de sa confiscation  \npar le tribunal.\nArticle 5 : Le secr\u00e9taire g\u00e9n\u00e9ral de la pr\u00e9fecture de la C\u00f4te-d'Or, la directrice de cabinet du pr\u00e9fet de  \nla r\u00e9gion Bourgogne-Franche-Comt\u00e9, pr\u00e9fet de la C\u00f4te-d'Or, le G\u00e9n\u00e9ral, commandant la r\u00e9gion de  \ngendarmerie  de  Bourgogne-Franche-Comt\u00e9,  commandant  le  groupement  de  gendarmerie  \nd\u00e9partementale de la C\u00f4te-d'Or et le directeur interd\u00e9partemental de la police nationale de la C\u00f4te-\nd'Or sont charg\u00e9s, chacun en ce qui le concerne, de l'ex\u00e9cution du pr\u00e9sent arr\u00eat\u00e9 qui sera publi\u00e9 au  \nrecueil des actes administratifs de la pr\u00e9fecture, et adress\u00e9 pour copie \u00e0 monsieur le procureur de la  \nR\u00e9publique pr\u00e8s le tribunal judiciaire de Dijon.\nFait \u00e0 Dijon, le 03 avril 2026\nLe pr\u00e9fet,\nPour le pr\u00e9fet et par d\u00e9l\u00e9gation,\nLa sous-pr\u00e9f\u00e8te, directrice de cabinet,\noriginal sign\u00e9\nAur\u00e9lie CONTRECIVILE\nD\u00e9lais et voies de recours     :  \nLe pr\u00e9sent arr\u00eat\u00e9 peut faire l'objet, dans un d\u00e9lai de deux mois \u00e0 compter de sa publication :\n- Soit d'un recours gracieux devant le pr\u00e9fet de la C\u00f4te-d'Or ou d'un recours hi\u00e9rarchique aupr\u00e8s du Ministre de l'int\u00e9rieur.\n- Soit d'un recours contentieux devant le tribunal administratif de Dijon (22 Rue d'Assas, 21000 Dijon). La juridiction administrative  \ncomp\u00e9tente peut \u00eatre saisie par l'application T\u00e9l\u00e9recours citoyens, accessible \u00e0 partir du site www.telerecours.fr.\nDans le cas du rejet d'un recours gracieux ou hi\u00e9rarchique, le tribunal administratif peut \u00eatre saisi dans un d\u00e9lai de deux mois \u00e0 compter  \nde la date de la d\u00e9cision de rejet.\nPr\u00e9fecture de la C\u00f4te-d'Or - 21-2026-04-03-00004 - Arr\u00eat\u00e9 pr\u00e9fectoral N\u00b0 653\nportant interdiction de rassemblements festifs \u00e0 caract\u00e8re musical et interdiction de circulation\nde tout v\u00e9hicule transportant du mat\u00e9riel de son \u00e0 destination d'un rassemblement festif\n\u00e0 caract\u00e8re musical non autoris\u00e9\n30\nPr\u00e9fecture de la C\u00f4te-d'Or\nDirection des s\u00e9curit\u00e9s\n21-2026-04-03-00003\nArr\u00eat\u00e9 pr\u00e9fectoral n\u00b0 654\nportant interdiction de rassemblements\nautomobiles sur la voie publique dans le\nd\u00e9partement de la C\u00f4te-d'Or\nPr\u00e9fecture de la C\u00f4te-d'Or - 21-2026-04-03-00003 - Arr\u00eat\u00e9 pr\u00e9fectoral n\u00b0 654\nportant interdiction de rassemblements automobiles sur la voie publique dans le\nd\u00e9partement de la C\u00f4te-d'Or\n31\n=nPREFETDELACOTE-D'ORLibert\u00e9Egalit\u00e9Fraternit\u00e9\nDIRECTION DES S\u00c9CURIT\u00c9S\nBureau D\u00e9fense et S\u00e9curit\u00e9\nArr\u00eat\u00e9 pr\u00e9fectoral n\u00b0 654\nportant interdiction de rassemblements automobiles sur la voie publique dans le\nd\u00e9partement de la C\u00f4te-d'Or\nLe Pr\u00e9fet de la C\u00f4te-d'Or\nVU la Constitution, et notamment son Pr\u00e9ambule ;\nVU la Convention europ\u00e9enne de sauvegarde des droits de l'Homme et des libert\u00e9s fondamentales du  \n04 novembre 1950 ;\nVU le code p\u00e9nal, notamment ses articles 223-1, 322-3 et 431-3 et suivants ;\nVU le code de la route, notamment les articles L. 236-1 et 2 ;\nVU le code g\u00e9n\u00e9ral des collectivit\u00e9s territoriales, notamment ses articles L. 2214-4 et L. 2215-1 ;\nVU le code de la s\u00e9curit\u00e9 int\u00e9rieure notamment ses articles L.211 et suivants ;\nVU la loi du 30 juin 1881 sur la libert\u00e9 de r\u00e9union ;\nVU le d\u00e9cret n\u00b0 2004-374 du 29 avril 2004 modifi\u00e9 relatif aux pouvoirs des pr\u00e9fets, \u00e0 l'organisation et \u00e0  \nl'action des services de l'\u00c9tat dans les r\u00e9gions et d\u00e9partements ;\nVU le d\u00e9cret du 10 octobre 2024 nommant monsieur Paul MOURIER, pr\u00e9fet de la r\u00e9gion Bourgogne-\nFranche-Comt\u00e9, pr\u00e9fet de la C\u00f4te d'Or ;\nVU l'arr\u00eat\u00e9  pr\u00e9fectoral  n\u00b01010/SG  du  02  juillet  2025  donnant  d\u00e9l\u00e9gation  de  signature  \u00e0  madame  \nAur\u00e9lie CONTRECIVILE, sous-pr\u00e9f\u00e8te, directrice de cabinet du pr\u00e9fet de la r\u00e9gion Bourgogne Franche-\nComt\u00e9, pr\u00e9fet de C\u00f4te-d'Or ;\nCONSID\u00c9RANT qu'il  appartient  \u00e0  l'autorit\u00e9  administrative  d'appr\u00e9cier  la  n\u00e9cessit\u00e9  de  prendre  des  \nmesures de pr\u00e9vention au vu des risques de troubles \u00e0 l'ordre public dont elle a connaissance et de  \nveiller \u00e0 ce que ces mesures soient proportionn\u00e9es \u00e0 ces risques  ; qu'en application de l'article L.  2215-1 \ndu  code  g\u00e9n\u00e9ral  des  collectivit\u00e9s  territoriales,  le  pr\u00e9fet  est  comp\u00e9tent  pour  prendre  les  mesures  \nadapt\u00e9es et proportionn\u00e9es n\u00e9cessaires ;\nCONSID\u00c9RANT que  les  forces  de  s\u00e9curit\u00e9  int\u00e9rieure  sont  fortement  mobilis\u00e9es  sur  l'ensemble  du  \nterritoire dans le cadre du plan Vigipirate maintenu au niveau \u00ab  Urgence attentat \u00bb ; que le niveau tr\u00e8s  \n\u00e9lev\u00e9 de la menace terroriste qui continue de peser sur notre pays exige le maintien d'une extr\u00eame  \nvigilance sur la protection des rassemblements et sites o\u00f9 un public important est concentr\u00e9 ;\nDirection des s\u00e9curit\u00e9s\nCourriel : pref-direction-securites@cote-dor.gouv.fr\nPr\u00e9fecture de la C\u00f4te-d'Or - 21-2026-04-03-00003 - Arr\u00eat\u00e9 pr\u00e9fectoral n\u00b0 654\nportant interdiction de rassemblements automobiles sur la voie publique dans le\nd\u00e9partement de la C\u00f4te-d'Or\n32\nCONSID\u00c9RANT que, des rassemblements automobiles, pouvant regrouper plusieurs centaines de  \nparticipants, sont susceptibles d'\u00eatre organis\u00e9s dans le d\u00e9partement de la C\u00f4te-d'Or le week-end  \ndu vendredi 03 avril 2026 au lundi 06 avril 2026 inclus ;\nCONSID\u00c9RANT qu'au regard de l'article L. 211-1 du code de la s\u00e9curit\u00e9 int\u00e9rieure, sont soumis \u00e0  \nl'obligation d'une d\u00e9claration pr\u00e9alable tous cort\u00e8ges, d\u00e9fil\u00e9s et rassemblements de personnes, et,  \nd'une fa\u00e7on g\u00e9n\u00e9rale, toutes manifestations sur la voie publique; que cet \u00e9v\u00e9nement, compte tenu  \ndes  modalit\u00e9s  d'acc\u00e8s  au  public,  de  son  attrait  m\u00e9diatique,  de  son  objet  et  de  sa  publicit\u00e9,  \nconstitue une r\u00e9union publique et un rassemblement au sens de la loi ;\nCONSID\u00c9RANT qu'aucune d\u00e9claration pr\u00e9alable n'a \u00e9t\u00e9 d\u00e9pos\u00e9e aupr\u00e8s des services comp\u00e9tents ;\nCONSID\u00c9RANT que ce type de rassemblements automobiles qui r\u00e9unit habituellement plusieurs  \ncentaines  de  v\u00e9hicules  et  jusqu'\u00e0  plusieurs  milliers  de  personnes,  donne  lieu  \u00e0  des  troubles  \nimportants \u00e0 l'ordre public et \u00e0 la s\u00e9curit\u00e9 publique : \"drifts\" (d\u00e9rapages) et \"burnout\" (acc\u00e9l\u00e9ration \nsur place pour faire chauffer les pneus) dangereux pour les spectateurs, ou courses de vitesse sur  \nles axes routiers avec de grands exc\u00e8s de vitesse ;\nCONSID\u00c9RANT  que le 27 f\u00e9vrier 2024 vers 22h00, un groupe de jeunes s'est rassembl\u00e9 sur le  \nparking du centre commercial Carrefour Quetigny lorsque l'un d'entre eux a d\u00e9cid\u00e9 de monter sur  \nle toit d'un v\u00e9hicule pour faire un tour de parking  ; alors que le v\u00e9hicule roulait \u00e0 une vitesse  \nd'environ 40 km/h, le jeune a perdu l'\u00e9quilibre et a chut\u00e9 lourdement sur le bitume. Il est d\u00e9c\u00e9d\u00e9 de \nses blessures le lendemain au CHU de Dijon (21) ;\nCONSID\u00c9RANT qu'un  rassemblement  automobile  de  \"tuning\"  d'une  dizaine  de  voitures  s'est  \nd\u00e9roul\u00e9 le 2 novembre 2024 en Savoie dans la commune de Chamb\u00e9ry  ; que les forces de l'ordre  \nont d\u00fb intervenir et qu'ils ont \u00e9t\u00e9 cibl\u00e9s par des jets de projectiles et de fumig\u00e8nes ;\nCONSID\u00c9RANT qu'un  rassemblement  automobile  intitul\u00e9  \"RAssO  XMAs\"  s'est  d\u00e9roul\u00e9  le  \n8 d\u00e9cembre 2024 en Haute-Savoie dans la commune d'Annecy rassemblant 500 participants  ; que \nde nombreuses infractions routi\u00e8res mettant en danger les usagers de la route ont \u00e9t\u00e9 commises  ; \nque 363 infractions au code de la route ont \u00e9t\u00e9 relev\u00e9es ;\nCONSID\u00c9RANT qu'un  rassemblement  automobile  intitul\u00e9  \"RAssO  XMAs\"  s'est  d\u00e9roul\u00e9  le  \n14 d\u00e9cembre  2024,  dans  le  d\u00e9partement  de  l'Is\u00e8re,  occasionnant  de  graves  troubles  \u00e0  l'ordre  \npublic :  rixes,  accidents  de  la  circulation,  engorgement  des  axes  de  circulation  cr\u00e9ant  des  \nralentissements et des situations de mise en danger des usagers ; que, par ailleurs, des consignes  \navaient \u00e9t\u00e9 donn\u00e9es sur les r\u00e9seaux sociaux aux participants en vue de ralentir voire de bloquer  \nl'arriv\u00e9e des forces de l'ordre ;\nCONSID\u00c9RANT qu'un rassemblement automobile non autoris\u00e9 s'est tenu dans la nuit du 21 au  \n22 d\u00e9cembre 2024 en Savoie dans la commune de Chamb\u00e9ry, rassemblant 200 v\u00e9hicules et 500  \nspectateurs  ;  qu'il  a  \u00e9t\u00e9  fait  \u00e9tat  de  situations  dangereuses  telles  que  des  d\u00e9monstrations  de \n\"drifts\" et de \"burnout\" par certains participants; que l'arriv\u00e9e des forces de l'ordre a \u00e9t\u00e9 bloqu\u00e9e  \npar les participants; que de nombreuses contraventions ont \u00e9t\u00e9 dress\u00e9es aux v\u00e9hicules qui \u00e9taient  \nen infraction ;\nCONSID\u00c9RANT que dans la nuit du samedi 8 f\u00e9vrier 2025 au dimanche 9 f\u00e9vrier 2025, plus d'une  \ncentaine de v\u00e9hicules et pr\u00e8s de 300 personnes se sont rassembl\u00e9s dans la commune de Sainte-\nH\u00e9l\u00e8ne-du-Lac, avant de se rendre en convoi \u00e0 Chamb\u00e9ry en Savoie  ; que les forces de l'ordre ont  \nconstat\u00e9 l'utilisation de nombreux artifices  ; que dans la nuit, des courses de voitures ont \u00e9t\u00e9  \nsignal\u00e9es \u00e0 La-Motte-Servolex en Savoie ;\nCONSID\u00c9RANT que le 12 juillet 2025, 300 v\u00e9hicules se sont rassembl\u00e9s \u00e0 Saint-\u00c9tienne (42) et que  \ndes tirs de mortiers ont \u00e9t\u00e9 relev\u00e9s ;\nDirection des s\u00e9curit\u00e9s\nCourriel : pref-direction-securites@cote-dor.gouv.fr\nPr\u00e9fecture de la C\u00f4te-d'Or - 21-2026-04-03-00003 - Arr\u00eat\u00e9 pr\u00e9fectoral n\u00b0 654\nportant interdiction de rassemblements automobiles sur la voie publique dans le\nd\u00e9partement de la C\u00f4te-d'Or\n33\nCONSID\u00c9RANT que le 13 juillet 2025, 300 v\u00e9hicules se sont rassembl\u00e9s \u00e0 Givors (69), donnant lieu \u00e0 des  \ncomportements dangereux tels que des drifts, en pr\u00e9sence de pi\u00e9tons ;\nCONSID\u00c9RANT que du 15 au 16 novembre 2025, 800 v\u00e9hicules et 3  000 personnes se sont rassembl\u00e9s  \ndans  la  r\u00e9gion  Auvergne-Rh\u00f4ne-Alpes  que  les  forces  de  l'ordre  ont  \u00e9t\u00e9  la  cible  de  mortiers  et  de \nprojectiles \u00e0 Bourg-en-Bresse (01) :\nCONSID\u00c9RANT que des rassemblements similaires se sont d\u00e9j\u00e0 tenus sur les zones commerciales du  \nd\u00e9partement  de  Sa\u00f4ne-et-Loire,  \u00e0  Varennes-les-Macon,  Vinzelles,Cr\u00e9che  sur  Sa\u00f4ne  et  Sanc\u00e9  Nord,  \nprovoquant des troubles \u00e0 l'ordre public ;\nCONSID\u00c9RANT le rassemblement automobile qui a eu lieu le samedi 24 janvier 2026 sur le parking du  \ncentre commercial Carrefour \u00e0 Chalon sur Sa\u00f4ne (71), apr\u00e8s un appel sur les r\u00e9seaux sociaux, qui a  \nrassembl\u00e9 environ 500 v\u00e9hicules et 1  000 personnes en provenance de plusieurs d\u00e9partements dont la  \nC\u00f4te-d'Or ; que lors de ce rassemblement, des tirs de mortiers et de feux d'artifice \u00e9taient observ\u00e9s  \ndans les airs ; que des conducteurs effectuaient \u00e9galement des man\u0153uvres de type \"drift\" sur le parking \ndu centre commercial ; que ces faits \u00e9taient g\u00e9n\u00e9rateurs de troubles \u00e0 l'ordre public ;\nCONSID\u00c9RANT  la  tentative  de  rassemblement  automobile  le  30  janvier  2026  sur  l'agglom\u00e9ration  \nDijonnaise ;\nCONSID\u00c9RANT les appels aux rassemblements automobiles lanc\u00e9s via les r\u00e9seaux sociaux pour les 14 et  \n21 f\u00e9vrier 2026 sur l'agglom\u00e9ration Dijonnaise ;\nCONSID\u00c9RANT la tentative de rassemblement de v\u00e9hicules tunings du vendredi 06 mars 2026 \u00e0 22h00  \nsur la commune de Longvic ;\nCONSID\u00c9RANT que  ce  rassemblement  automobile  pourrait  \u00eatre  de  grande  ampleur,  et  donc  \nsusceptible  d'entra\u00eener  des  troubles  \u00e0  l'ordre  public  sur  son  passage  ainsi  que  sur  son  point  de  \nralliement ;\nSUR proposition de madame la directrice de cabinet du pr\u00e9fet de la r\u00e9gion Bourgogne-Franche-Comt\u00e9,  \npr\u00e9fet de la C\u00f4te-d'Or ;\nARR\u00caTE\nArticle 1er     :   La tenue de tout rassemblement automobile de personnes et de v\u00e9hicules autres que ceux  \nl\u00e9galement d\u00e9clar\u00e9s ou autoris\u00e9s, est interdite sur l'ensemble du territoire du d\u00e9partement de la C\u00f4te-\nd'Or, \u00e0 compter du vendredi 03 avril 2026 \u00e0 16h00 et jusqu'au mardi 07 avril 2026 \u00e0 8h00.\nArticle  2     :   Le  pr\u00e9sent  arr\u00eat\u00e9  entre  en  vigueur  \u00e0  compter  de  sa  publication  au  recueil  des  actes  \nadministratifs.\nArticle 3     :   Tout contrevenant \u00e0 cette interdiction est passible des sanctions p\u00e9nales pr\u00e9vues aux articles  \n431-9 et R. 610-5 du code p\u00e9nal ainsi qu'aux sanctions pr\u00e9vues par les diff\u00e9rents articles vis\u00e9s par le  \npr\u00e9sent arr\u00eat\u00e9.\nArticle 4     :   Tout rassemblement automobile sur la voie publique entrant dans le champ du pr\u00e9sent arr\u00eat\u00e9 \npourra \u00eatre dissip\u00e9 le cas \u00e9ch\u00e9ant selon les dispositions de l'article L.211-9 du code de la s\u00e9curit\u00e9  \nint\u00e9rieure.\nDirection des s\u00e9curit\u00e9s\nCourriel : pref-direction-securites@cote-dor.gouv.fr\nPr\u00e9fecture de la C\u00f4te-d'Or - 21-2026-04-03-00003 - Arr\u00eat\u00e9 pr\u00e9fectoral n\u00b0 654\nportant interdiction de rassemblements automobiles sur la voie publique dans le\nd\u00e9partement de la C\u00f4te-d'Or\n34\nArticle 5     :   Le pr\u00e9sent arr\u00eat\u00e9 peut \u00eatre contest\u00e9 dans les deux mois suivants sa publication soit :\n- par recours gracieux adress\u00e9  \u00e0 : Pr\u00e9fecture de la C\u00f4te-d'Or \u2212 Direction des S\u00e9curit\u00e9s \u2212 Bureau de  \nla d\u00e9fense et de la s\u00e9curit\u00e9 \u2212 53 rue de la Pr\u00e9fecture \u221221041 Dijon Cedex\n- par recours hi\u00e9rarchique adress\u00e9 aupr\u00e8s du ministre de l'Int\u00e9rieur \u2013 Place Beauvau \u2013 75800 Paris  \nCedex 08 ;\n- par recours contentieux d\u00e9pos\u00e9 devant le tribunal administratif de Dijon. Le tribunal administratif  \npeut \u00eatre saisi par l'application informatique \u00ab  T\u00e9l\u00e9recours citoyens \u00bb accessible par le site internet \nwww.telerecours.fr.\nArticle 6     :   La directrice de cabinet du pr\u00e9fet de la r\u00e9gion Bourgogne-Franche-Comt\u00e9, pr\u00e9fet de la  \nC\u00f4te-d'Or,  le  directeur  interd\u00e9partemental  de  la  police  nationale  de  la  C\u00f4te-d'Or,  le  g\u00e9n\u00e9ral  \ncommandant la r\u00e9gion de gendarmerie de Bourgogne-Franche-Comt\u00e9 commandant le groupement  \nde gendarmerie d\u00e9partementale de la C\u00f4te-d'Or sont charg\u00e9s, chacun en ce qui le concerne, de  \nl'ex\u00e9cution du pr\u00e9sent arr\u00eat\u00e9 qui sera publi\u00e9 au recueil des actes administratifs de la pr\u00e9fecture de  \nla C\u00f4te-d'Or et dont copie sera adress\u00e9e au procureur de la R\u00e9publique pr\u00e8s le tribunal judiciaire  \nde Dijon.\nFait \u00e0 Dijon, 03 avril 2026\nLe pr\u00e9fet,\nPour le pr\u00e9fet et par d\u00e9l\u00e9gation,\nLa sous-pr\u00e9f\u00e8te, directrice de cabinet,\n          original sign\u00e9                                 \nAur\u00e9lie CONTRECIVILE\nDirection des s\u00e9curit\u00e9s\nCourriel : pref-direction-securites@cote-dor.gouv.fr\nPr\u00e9fecture de la C\u00f4te-d'Or - 21-2026-04-03-00003 - Arr\u00eat\u00e9 pr\u00e9fectoral n\u00b0 654\nportant interdiction de rassemblements automobiles sur la voie publique dans le\nd\u00e9partement de la C\u00f4te-d'Or\n35\nSous-pr\u00e9fecture de Beaune\n21-2026-04-03-00002\nArr\u00eat\u00e9 pr\u00e9fectoral n\u00b0 647 portant autorisation de\nla manifestation avec participation de v\u00e9hicules\nterrestres \u00e0 moteur d\u00e9nomm\u00e9e \u00ab\u00a0Monster\nTruck\u00a0\u00bb  organis\u00e9e les 4, 5 et 6 avril 2026 \u00e0\nBeaune\nSous-pr\u00e9fecture de Beaune - 21-2026-04-03-00002 - Arr\u00eat\u00e9 pr\u00e9fectoral n\u00b0 647 portant autorisation de la manifestation avec\nparticipation de v\u00e9hicules terrestres \u00e0 moteur d\u00e9nomm\u00e9e \u00ab\u00a0Monster Truck\u00a0\u00bb  organis\u00e9e les 4, 5 et 6 avril 2026 \u00e0 Beaune 36\n| | SOUS-PREFECTUREPREFET DE BEAUNEDE LACOTE-D'ORLibert\u00e9\u00c9galit\u00e9Fraternit\u00e9\nAffaire suivie par C\u00e9cile RAVRY Beaune, le 3 avril 2026T\u00e9l : 03 45 43 80 11m\u00e9l : cecile.ravry@cote-dor.gouv.fr\nArr\u00eat\u00e9 pr\u00e9fectoral n\u00b0 647portant autorisation de la manifestationavec participation de v\u00e9hicules terrestres \u00e0 moteurd\u00e9nomm\u00e9e \u00ab Monster Truck \u00bborganis\u00e9e les 4, 5 et 6 avril 2026 \u00e0 Beaune\nLe sous-pr\u00e9fet de Beaune\nVU le code de la route, notamment ses articles R. 411-5 et R. 411-10 ;VU le code du sport, notamment ses articles A 331-20, R 331-18, R 331-20, R 331-24, R 331-26 ;VU les articles A 331-22 et A 331-23 et l'annexe III-25 du code du sport relative aux autres manifestationsavec engins terrestres a moteur ;VU le code de l'environnement, notamment ses articles R. 414-19 aR. 414-26 ;VU le d\u00e9cret n\u00b0 2010-365 du 9 avril 2010 relatif \u00e0 l'\u00e9valuation des incidences Natura 2000 ;VU le d\u00e9cret du 6 juillet 2023 du Pr\u00e9sident de la R\u00e9publique portant nomination de M. Benoit BYRSKI enqualit\u00e9 de sous-pr\u00e9fet de Beaune ;VU l'arr\u00eat\u00e9 pr\u00e9fectoral n\u00b0 815/SG du 13 juin 2026 donnant d\u00e9l\u00e9gation de signature \u00e0 M. Benoit BYRSKI,sous-pr\u00e9fet de Beaune ;VU la demande d\u00e9pos\u00e9e le 27 janvier 2026 sur la plateforme SIMS par Monsieur Tony PREIN, directeurd' Americane Motor show fins d'obtenir l'autorisation d'organiser une manifestation comportant la pr\u00e9sence dev\u00e9hicules terrestres \u00e0 moteur d\u00e9nomm\u00e9e \u00abMonster Truck\u00bb le samedi 4, dimanche 5 et lundi 6 avril 2026 surle parking NOZ situ\u00e9 2, rue Guyemer \u00e0 Beaune;VU l'autorisation accord\u00e9e le 12 f\u00e9vrier 2026 parM. Jo\u00ebl BERTRAND, propri\u00e9taire du parking NOZ des'installer sur le parking NOZ a Beaune ;VU l'attestation de police d'assurance d\u00e9livr\u00e9e le 10 mars 2026 par MMA Entreprise garantissant laresponsabilit\u00e9 civile de l'organisateur pour la manifestation sus-vis\u00e9e ;VU le r\u00e8glement de la manifestation et les dispositions prises pour la s\u00e9curit\u00e9;CONSID\u00c9RANT que le dossier est complet ;\nSous-pr\u00e9fecture de Beaune - 21-2026-04-03-00002 - Arr\u00eat\u00e9 pr\u00e9fectoral n\u00b0 647 portant autorisation de la manifestation avec\nparticipation de v\u00e9hicules terrestres \u00e0 moteur d\u00e9nomm\u00e9e \u00ab\u00a0Monster Truck\u00a0\u00bb  organis\u00e9e les 4, 5 et 6 avril 2026 \u00e0 Beaune 37\n2CONSID\u00c9RANT l'avis consultatif d\u00e9favorable du maire de Beaune \u00e9mis lors de la r\u00e9union de la commissiond\u00e9partementale de s\u00e9curit\u00e9 routi\u00e8re du 31 mars 2026 ;CONSID\u00c9RANT que la commission d\u00e9partementale de la s\u00e9curit\u00e9 routi\u00e8re - section sp\u00e9cialis\u00e9e \"\u00e9preuves etcomp\u00e9titions sportives\"- a \u00e9mis un avis favorable lors de sa r\u00e9union en salle du 31 mars 2026 ;CONSID\u00c9RANT que la commission d\u00e9partementale de la s\u00e9curit\u00e9 routi\u00e8re - section sp\u00e9cialis\u00e9e \"\u00e9preuves etcomp\u00e9titions sportives\"- a \u00e9mis un avis favorable lors de sa visite sur site le 2 avril 2026 ;\nARRETE :\nArticle 1er: Monsieur Tony PREIN, directeur d' Americane Motor show est autoris\u00e9 \u00e0 organiser unemanifestation avec participation de v\u00e9hicules terrestres \u00e0 moteur d\u00e9nomm\u00e9e \u00abMonster Truck\u00bb le samedi 4,dimanche 5 et lundi 6 avril 2026 sur le parking NOZ situ\u00e9 2, rue Guyemer \u00e0 Beaune conform\u00e9ment au planannex\u00e9 au pr\u00e9sent arr\u00eat\u00e9 et aux modalit\u00e9s expos\u00e9es dans la demande et le r\u00e8glement.Article 2: Il n'y a pas de participation du public \u00e0 l'occasion de cette manifestation.Article 3 : L'organisateur est tenu de respecter les dispositions des articles R.1336.4 \u00e0 R1336.11 du code dela sant\u00e9 publique relatif a la lutte contre les bruits de voisinage.Article 4: La pr\u00e9sente autorisation est accord\u00e9e sous r\u00e9serve que l'organisateur prenne \u00e0 sa charge lesfrais n\u00e9cessit\u00e9s par la mise en place des dispositifs destin\u00e9s au maintien de la s\u00e9curit\u00e9 a l'occasion dud\u00e9roulement de la manifestation et assure la r\u00e9paration des dommages, d\u00e9gradations, modifications detoutes sortes de la voie publique ou de ses d\u00e9pendances, imputables aux concurrents, aux organisateurs oua leurs pr\u00e9pos\u00e9s.Article 5 : En aucun cas la responsabilit\u00e9 de l'Etat et des communes ne pourra \u00eatre engag\u00e9e et aucunrecours ne pourra \u00e9ventuellement \u00eatre exerc\u00e9 contre eux.Article 6 : La pr\u00e9sente autorisation peut \u00eatre suspendue ou rapport\u00e9e \u00e0 tout moment s'il appara\u00eet que lesconditions de s\u00e9curit\u00e9 ne se trouvent plus r\u00e9unies ou que l'organisateur, malgr\u00e9 la mise en demeure qui lui enest faite par l'autorit\u00e9 administrative, ne respecte plus ou ne fait plus respecter par les participants lesdispositions pr\u00e9vues par le r\u00e8glement de la manifestation en vue d'assurer leur protection.Article 7: L'organisateur doit assurer et garantir l'acc\u00e8s et une circulation ais\u00e9e pour les engins de secours etde lutte contre l'incendie.En cas d'accident entra\u00eenant le sauvetage ou l'\u00e9vacuation de personnes, l'organisateur doit pr\u00e9venir lessapeurs-pompiers qui interviennent par appel au 18 ou au 112.Article 8 : Avant la manifestation, les organisateurs doivent interroger M\u00e9t\u00e9o France (notamment par le biaisdu r\u00e9pondeur t\u00e9l\u00e9phonique : 08.99.71.02.21 ou par internet : www.meteofrance.com) afin de conna\u00eetre lacouleur de la carte de vigilance m\u00e9t\u00e9o et prendre toute mesure adapt\u00e9e. Dans l'hypoth\u00e8se d'une carteorange ou rouge, il leur appartient de prendre les dispositions qui s'imposent (voire d'annuler lamanifestation) et d'informer l'autorit\u00e9 municipale.Article 9 : L'organisateur technique d\u00e9sign\u00e9 doit attester (attestation jointe) que l'ensemble des mesures sontprises conform\u00e9ment aux prescriptions contenues dans l'arr\u00eat\u00e9 pr\u00e9fectoral d'autorisation de l'\u00e9preuve.L'organisateur technique est charg\u00e9 de v\u00e9rifier et d'exiger, avant le commencement de la manifestation, quel'ensemble des conditions mises \u00e0 l'octroi de la pr\u00e9sente autorisation est effectivement respect\u00e9 et d'interdirela manifestation si ces conditions ne sont pas remplies.L'attestation ci-jointe devra \u00eatre d\u00e9pos\u00e9e sur la plateforme SIMS avant le d\u00e9but de la manifestation.\nSous-pr\u00e9fecture de Beaune - 21-2026-04-03-00002 - Arr\u00eat\u00e9 pr\u00e9fectoral n\u00b0 647 portant autorisation de la manifestation avec\nparticipation de v\u00e9hicules terrestres \u00e0 moteur d\u00e9nomm\u00e9e \u00ab\u00a0Monster Truck\u00a0\u00bb  organis\u00e9e les 4, 5 et 6 avril 2026 \u00e0 Beaune 38\naArticle 10 : Le sous-pr\u00e9fet de l'arrondissement de Beaune, le pr\u00e9sident du conseil d\u00e9partemental de laC\u00f4te-d'Or, le maire de Beaune, le directeur d\u00e9partemental des services d'incendie et de secours, le directeurdes services d\u00e9partementaux de l'\u00e9ducation nationale, la directrice d\u00e9partementale des territoires, lecommandant de la circonscription publique de Beaune, la cheffe d'escadron commandant la compagnie degendarmerie de Beaune, sont charg\u00e9s, chacun en ce qui le concerne, de l'ex\u00e9cution du pr\u00e9sent arr\u00eat\u00e9 dontcopie sera adress\u00e9e aux repr\u00e9sentants d\u00e9partementaux de la f\u00e9d\u00e9ration fran\u00e7aise de sport automobile et \u00e0.l'organisateur.Le pr\u00e9sent arr\u00eat\u00e9 sera publi\u00e9 au recueil des actes administratifs de la pr\u00e9fecture de la C\u00f4te-d'Or.\nLe sous-pr\u00e9fet de Beaune,\nsign\u00e9\nBeno\u00eet BYRSKI\nANNEXES :- plan de la piste- annexe III-25 du code du sport- attestation \u00e0 compl\u00e9ter\nSous-pr\u00e9fecture de Beaune - 21-2026-04-03-00002 - Arr\u00eat\u00e9 pr\u00e9fectoral n\u00b0 647 portant autorisation de la manifestation avec\nparticipation de v\u00e9hicules terrestres \u00e0 moteur d\u00e9nomm\u00e9e \u00ab\u00a0Monster Truck\u00a0\u00bb  organis\u00e9e les 4, 5 et 6 avril 2026 \u00e0 Beaune 39\nSous-pr\u00e9fecture de Beaune - 21-2026-04-03-00002 - Arr\u00eat\u00e9 pr\u00e9fectoral n\u00b0 647 portant autorisation de la manifestation avec\nparticipation de v\u00e9hicules terrestres \u00e0 moteur d\u00e9nomm\u00e9e \u00ab\u00a0Monster Truck\u00a0\u00bb  organis\u00e9e les 4, 5 et 6 avril 2026 \u00e0 Beaune 40\nArticle Annexe III-25 - Code du sport - L\u00e9gifrance https://www.legifrance.gouv.fr/codes/article_lc/LEGIARTI00001...\nE = L\u00e9gifranceR\u00c9 P U B LI QU E Le service public de la diffusion du droitFRAN\u00c7AISELibert\u00e9Egalit\u00e9Fraternit\u00e9Code du sport\nVersion en vigueur depuis le 30 avril 2008\nANNEXES (Articles Annexe 1-1 (art. R122-4) a Annexe III-28)Annexes partie r\u00e9glementaire- Arr\u00eat\u00e9s (Articles Annexe I-0-1 (art. A114-3) \u00e0 ATEN 11-28)Annexes III (Articles Annexe Ill-1 (art. A312-1) \u00e0 Annexe III-28)Annexe 111-25 Version en vigueur depuis le 30 avril 2008Cr\u00e9ation Arr\u00eat\u00e9 du 28 f\u00e9vrier 2008 - art. (V)\nD\u00e9finitionManifestations avec engins terrestres \u00e0 moteur non r\u00e9glement\u00e9es dans les autres annexes, telles que le tracteur pulling.| R\u00e8gles relatives au circuit ou parcoursL'espace d'\u00e9volution doit \u00eatre ferm\u00e9 \u00e0 la circulation publique et \u00eatre d\u00e9pourvu de tout obstacle ou \u00e9l\u00e9ment susceptiblesde pr\u00e9senter un risque particulier pour les participants.En r\u00e8gle g\u00e9n\u00e9rale ces manifestations se d\u00e9roulent sur des circuits non permanents et la vitesse qui peut y \u00eatre atteinteest toujours inf\u00e9rieure \u00e0 200 km/h Elles rel\u00e8vent donc en ce qui concerne l'homologation du circuit des dispositions dudernier paragraphe de l'article R. 331-37 du code du sport, c'est-\u00e0-dire que l'autorisation pr\u00e9fectorale de la manifestationvaut homologation du circuit pour la seule dur\u00e9e de la manifestation.Nota. \u2014 Pour le tracteur pulling, voir les plans joints en annexe.R\u00e8gles relatives aux engins utilis\u00e9sIl convient de s'assurer que :\u2014 les accessoires susceptibles de pr\u00e9senter un danger particulier pour le pilote ou son passager \u00e0 l'int\u00e9rieur du postede pilotage sont prot\u00e9g\u00e9s ou d\u00e9mont\u00e9s ;\u2014 un syst\u00e8me de harnachement du pilote sur son si\u00e8ge est pr\u00e9vu sauf pour les motos et les quads ;\u2014 en mati\u00e8re de bruit, la limite maximale de 100 dB (A) n'est pas franchie.R\u00e8gles relatives aux concurrents ou participantsAptitude m\u00e9dicale :\u2014 les participants doivent pr\u00e9senter un certificat m\u00e9dical de non-contre-indication \u00e0 la pratique des sports m\u00e9caniquesde moins d'un an ;Aptitude \u00e0 la conduite :\u2014 les participants doivent pr\u00e9senter le permis de conduire n\u00e9cessaire \u00e0 la conduite de l'engin utilis\u00e9 puisqu'ils nepeuvent b\u00e9n\u00e9ficier de la d\u00e9rogation pr\u00e9vue \u00e0 l'article R. 221-16 du code de la route ;\u2014 \u00e9quipements personnels de s\u00e9curit\u00e9 : au minimum, les participants doivent \u00eatre \u00e9quip\u00e9s d'un casque homologu\u00e9.R\u00e8gles relatives \u00e0 la qualification de l'encadrementAucune formation sp\u00e9cifique n'\u00e9tant mise en place pour ce type de manifestations, aucune qualification particuli\u00e8re ne1 sur 2 03/04/2026. 08:34\nSous-pr\u00e9fecture de Beaune - 21-2026-04-03-00002 - Arr\u00eat\u00e9 pr\u00e9fectoral n\u00b0 647 portant autorisation de la manifestation avec\nparticipation de v\u00e9hicules terrestres \u00e0 moteur d\u00e9nomm\u00e9e \u00ab\u00a0Monster Truck\u00a0\u00bb  organis\u00e9e les 4, 5 et 6 avril 2026 \u00e0 Beaune 41\nArticle Annexe III-25 - Code du sport - L\u00e9gifrance https://www.legifrance.gouv.fr/codes/article_lc/LEGIARTI00001...peut \u00e9tre exig\u00e9e. Le directeur de course doit \u00e9tre titulaire du permis de conduire.Doivent au minimum \u00eatre pr\u00e9sents lors de la manifestation un directeur de course et des commissaires de pistes ennombre suffisant compte tenu de la longueur du circuit.M\u00e9dical :\u2014 l'encadrement m\u00e9dical doit \u00eatre adapt\u00e9 aux risques encourus par les participants en fonction de la vitesse atteinte parles engins, au minimum, une \u00e9quipe de secouristes doit \u00eatre pr\u00e9sente sur la piste. L'accessibilit\u00e9 des services desecours (ambulances, pompiers et m\u00e9decins) au lieu de la manifestation doit \u00eatre assur\u00e9e de fa\u00e7on permanente duranttoute la dur\u00e9e de la manifestation.Dispositions relatives \u00e0 la protection du publicLa protection du public doit \u00eatre adapt\u00e9e \u00e0 la vitesse atteinte par les engins utilis\u00e9s, ainsi qu'au poids et \u00e0 la taille deceux-ci. Il convient donc de se rapporter aux r\u00e8gles de s\u00e9curit\u00e9 d\u00e9finies par la F\u00e9d\u00e9ration fran\u00e7aise du sport automobileou la F\u00e9d\u00e9ration fran\u00e7aise de motocyclisme pour des disciplines voisines, notamment, en fonction de la vitesse et del'inertie des engins, les mesures de protection du public pr\u00e9vues pour :\u2014 les disciplines courses de c\u00f4te ou karting , lorsque les engins \u00e9voluent sur bitume ;\u2014 les disciplines circuits tout-terrain ou trial 4 x 4 , lorsque les engins \u00e9voluent sur circuit tout-terrain.Doivent en particulier \u00eatre pr\u00e9vus, en nombre suffisant et \u00e0 des emplacements adapt\u00e9s, des extincteurs appropri\u00e9s auxrisques.Dispositions diversesCes manifestations sont soumises \u00e0 toutes les dispositions, notamment d'assurance et de d\u00e9p\u00f4t des dossiers, pr\u00e9vuespar les articles R. 331-18 \u00e0 R. 331-44 du code du sport.Plan piste tracteur pulling(Plan de coupe)Vous pouvez consulter le plan dans le JO n\u00b0 101 du 29/04/2008 page 40097.\n2 sur 2 03/04/2026. 08:34\nSous-pr\u00e9fecture de Beaune - 21-2026-04-03-00002 - Arr\u00eat\u00e9 pr\u00e9fectoral n\u00b0 647 portant autorisation de la manifestation avec\nparticipation de v\u00e9hicules terrestres \u00e0 moteur d\u00e9nomm\u00e9e \u00ab\u00a0Monster Truck\u00a0\u00bb  organis\u00e9e les 4, 5 et 6 avril 2026 \u00e0 Beaune 42\nSous-pr\u00e9fecture de Beaune - 21-2026-04-03-00002 - Arr\u00eat\u00e9 pr\u00e9fectoral n\u00b0 647 portant autorisation de la manifestation avec\nparticipation de v\u00e9hicules terrestres \u00e0 moteur d\u00e9nomm\u00e9e \u00ab\u00a0Monster Truck\u00a0\u00bb  organis\u00e9e les 4, 5 et 6 avril 2026 \u00e0 Beaune 43\nSous-pr\u00e9fecture de Beaune\nP\u00f4le Collectivit\u00e9s locales\n21-2026-04-02-00003\narr\u00eat\u00e9 pr\u00e9fectoral n\u00b0640 du 2 avril 2026 portant\nconvocation des \u00e9lecteurs de la commune de\nCHAZILLY et fixant la p\u00e9riode de d\u00e9p\u00f4t des\ncandidatures en vue de proc\u00e9der \u00e0 des \u00e9lections\nmunicipales compl\u00e9mentaires pour 4 si\u00e8ges, le\ndimanche 7 juin 2026 pour le 1er tour et le\ndimanche 14 juin 2026 pour l'\u00e9ventuel second\ntour\nSous-pr\u00e9fecture de Beaune - 21-2026-04-02-00003 - arr\u00eat\u00e9 pr\u00e9fectoral n\u00b0640 du 2 avril 2026 portant convocation des \u00e9lecteurs de la\ncommune de CHAZILLY et fixant la p\u00e9riode de d\u00e9p\u00f4t des candidatures en vue de proc\u00e9der \u00e0 des \u00e9lections municipales\ncompl\u00e9mentaires pour 4 si\u00e8ges, le dimanche 7 juin 2026 pour le 1er tour et le dimanche 14 juin 2026 pour l'\u00e9ventuel second tour\n44\nExPREFETDE LACOTE-D'ORLibert\u00e9Egalit\u00e9Fraternit\u00e9\nSOUS-PR\u00c9FECTURE DE BEAUNE\nP\u00f4le collectivit\u00e9s locales                                                          Beaune, le 2 avril 2026\nAffaire suivie par : Sylvie POISOT\nT\u00e9l :03.45.43.80.05\nm\u00e9l : sylvie.poisot@cote-dor.gouv.fr\nARR\u00caT\u00c9 PR\u00c9FECTORAL N\u00b0 640  DU 2 AVRIL 2026\nportant convocation des \u00e9lecteurs de la commune de CHAZILLY\net fixant la p\u00e9riode de d\u00e9p\u00f4t des candidatures en vue de proc\u00e9der\n\u00e0 des \u00e9lections municipales compl\u00e9mentaires pour 4 si\u00e8ges,\nle dimanche 7 juin 2026 pour le 1er tour\net le dimanche 14 juin 2026 pour l'\u00e9ventuel second tour\nLe sous-pr\u00e9fet de l'arrondissement de BEAUNE\nVU le code \u00e9lectoral, notamment les articles L. 255-2, L. 256,  L. 258,  L. 258-1 et L. 262 ;\nVU le code g\u00e9n\u00e9ral des collectivit\u00e9s territoriales et notamment ses articles L. 2122-8 et L. 2122-14 ;\nVU la  loi  n\u00b0  2025-444  du  21  mai  2025  visant  \u00e0  harmoniser  le  mode  de  scrutin  aux  \u00e9lections  \nmunicipales afin de garantir la vitalit\u00e9 d\u00e9mocratique, la coh\u00e9sion municipale et la parit\u00e9 ;\nVU le d\u00e9cret du 10 octobre 2024 nommant Monsieur Paul MOURIER, pr\u00e9fet de la r\u00e9gion Bourgogne-\nFranche-Comt\u00e9, pr\u00e9fet de la C\u00f4te d'Or ;\nVU  la  circulaire  du  ministre  de  l'Int\u00e9rieur  n\u00b0NOR:INTP2600020C  du  12  janvier  2026  relative  \u00e0  \nl'organisation  mat\u00e9rielle  et  d\u00e9roulement  des  \u00e9lections  municipales  et  communautaires  \ndes 15 et 22 mars 2026 ;\nVU l'arr\u00eat\u00e9 pr\u00e9fectoral n\u00b0 815 / SG du 13 juin 2025 donnant d\u00e9l\u00e9gation de signature \u00e0 Monsieur Beno\u00eet \nBYRSKI, sous-pr\u00e9fet de Beaune ;\nVU l'arr\u00eat\u00e9  pr\u00e9fectoral  n\u00b0  1338  du  26  ao\u00fbt  2025  portant  d\u00e9signation  des  bureaux  de  vote  des  \ncommunes  du  d\u00e9partement  de  la  C\u00f4te  d'Or  pour  la  p\u00e9riode  du  1er  janvier  2026  \nau 31 d\u00e9cembre 2026 ;\nVU  l'arr\u00eat\u00e9  pr\u00e9fectoral  modificatif n\u00b01807 du  8 d\u00e9cembre 2025 relatif  \u00e0  la division  annuelle  des  \ncommunes en plusieurs bureaux de vote et portant transfert de certains lieux de vote ;\nVU l'arr\u00eat\u00e9 n\u00b0 31 du 8 janvier 2026 fixant le nombre de conseillers municipaux et communautaires \u00e0  \n\u00e9lire ou \u00e0 d\u00e9signer dans les communes du d\u00e9partement de la C\u00f4te d'Or \u00e0 l'occasion des \u00e9lections  \nmunicipales et communautaires des 15 et 22 mars 2026 ;\n1/3\nSous-pr\u00e9fecture de Beaune - 21-2026-04-02-00003 - arr\u00eat\u00e9 pr\u00e9fectoral n\u00b0640 du 2 avril 2026 portant convocation des \u00e9lecteurs de la\ncommune de CHAZILLY et fixant la p\u00e9riode de d\u00e9p\u00f4t des candidatures en vue de proc\u00e9der \u00e0 des \u00e9lections municipales\ncompl\u00e9mentaires pour 4 si\u00e8ges, le dimanche 7 juin 2026 pour le 1er tour et le dimanche 14 juin 2026 pour l'\u00e9ventuel second tour\n45\nVU  les d\u00e9missions de leur mandat de conseiller municipal  de Mme Corinne MILLANVOYE et de  \nMessieurs Marcel CHAPULLIOT, Micha\u00ebl GUYOT et Pierre ROIFF le 21 mars 2026, de Monsieur  \nFranck JEANNIN, suivant de liste, le 25 mars 2026 et de Mme Rach\u00e8le BIZE, suivante de liste,  \nle 26 mars 2026 ;\nCONSID\u00c9RANT l'obligation de respect du d\u00e9lai de six semaines entre la convocation des \u00e9lecteurs et  \nla tenue du scrutin, en application de l'article L.247 du code \u00e9lectoral ;\nCONSID\u00c9RANT la vacance de quatre si\u00e8ges de conseiller municipal au sein du conseil municipal  \nde CHAZILLY ;\nCONSID\u00c9RANT que des \u00e9lections municipales compl\u00e9mentaires doivent donc \u00eatre organis\u00e9es pour  \npourvoir les si\u00e8ges vacants de conseiller municipal .;\nARR\u00caTE\nArticle 1  er   : Les \u00e9lecteurs de la commune de CHAZILLY sont convoqu\u00e9s le dimanche 7 juin 2026 \u00e0 la \nmairie,  lieu de vote d\u00e9sign\u00e9 par l'arr\u00eat\u00e9 pr\u00e9fectoral sus-vis\u00e9, pour proc\u00e9der \u00e0 l'\u00e9lection de quatre  \nconseillers municipaux.\nArticle 2 : Les listes \u00e9lectorales sont permanentes. Les demandes d'inscription sur les listes , en \nvue de participer \u00e0 un scrutin, sont d\u00e9pos\u00e9es au plus tard le sixi\u00e8me vendredi pr\u00e9c\u00e9dant le scrutin  \n(article L. 17 du Code \u00e9lectoral), soit jusqu'au vendredi 1er mai 2026.\nL'\u00e9lection aura lieu d'apr\u00e8s les  listes \u00e9lectorales arr\u00eat\u00e9es au plus tard le dimanche 17 mai 2026  \n(apr\u00e8s r\u00e9union de la commission de contr\u00f4le qui intervient au plus tard le 21 \u00e8me jour pr\u00e9c\u00e9dent le  \nscrutin), telles qu'elles auront pu \u00eatre modifi\u00e9es ult\u00e9rieurement en application de l'article L.30 du code  \n\u00e9lectoral.\nArticle 3 : Le scrutin d\u00e9butera \u00e0 HUIT HEURES et sera clos \u00e0 DIX-HUIT HEURES. Le d\u00e9pouillement  \nsuivra imm\u00e9diatement la fermeture du scrutin.\nArticle 4 : Les conseillers municipaux \u00e0 \u00e9lire devront avoir 18 ans r\u00e9volus.\nArticle 5 : Sera \u00e9lue au 1er tour la liste des candidats, avec alternance paritaire, ayant r\u00e9uni la majorit\u00e9 \nabsolue des suffrages exprim\u00e9s. \nArticle 6 : L'exception d'incompl\u00e9tude et l'ajout de deux candidats suppl\u00e9mentaires sur la liste sont  \nvalables.  Pour quatre si\u00e8ges vacants,  il est  possible de d\u00e9poser une liste allant de deux \u00e0 six  \ncandidats avec alternance paritaire.\nArticle 7 : Si les si\u00e8ges ne sont pas pourvus au 1 er tour, il sera proc\u00e9d\u00e9 \u00e0 un second tour de  \nscrutin le dimanche 14 juin 2026 dans le m\u00eame lieu et aux m\u00eames heures. L'\u00e9lection sera acquise  \nalors \u00e0 la majorit\u00e9 relative quel que soit le nombre de votants.\nArticle  8 :  Les  r\u00e9clamations  auxquelles  donneraient  lieu  les  op\u00e9rations  \u00e9lectorales  devront  \u00eatre \nconsign\u00e9es au proc\u00e8s-verbal, sinon, \u00eatre d\u00e9pos\u00e9es, sous peine de nullit\u00e9, dans les cinq jours qui  \nsuivent le jour de l'\u00e9lection, au secr\u00e9tariat de la mairie, \u00e0 la sous-pr\u00e9fecture de Beaune, ou \u00e0 la  \npr\u00e9fecture de la C\u00f4te-d'Or. Elles peuvent \u00e9galement \u00eatre d\u00e9pos\u00e9es au bureau central du greffe du  \ntribunal administratif de Dijon.\n2/3\nSous-pr\u00e9fecture de Beaune - 21-2026-04-02-00003 - arr\u00eat\u00e9 pr\u00e9fectoral n\u00b0640 du 2 avril 2026 portant convocation des \u00e9lecteurs de la\ncommune de CHAZILLY et fixant la p\u00e9riode de d\u00e9p\u00f4t des candidatures en vue de proc\u00e9der \u00e0 des \u00e9lections municipales\ncompl\u00e9mentaires pour 4 si\u00e8ges, le dimanche 7 juin 2026 pour le 1er tour et le dimanche 14 juin 2026 pour l'\u00e9ventuel second tour\n46\nArticle 9 : Une d\u00e9claration de candidature de liste est obligatoire  pour le premier tour de scrutin.  \nToute candidature enregistr\u00e9e pour le premier tour ne pourra pas \u00eatre retir\u00e9e pour le second tour.\nChaque d\u00e9claration de candidature de liste doit obligatoirement \u00eatre r\u00e9dig\u00e9e :\n- Pour le candidat t\u00eate de liste sur un imprim\u00e9 cerfa n\u00b0 14998*03 accompagn\u00e9 de l'annexe n\u00b02 (cerfa  \nn\u00b017609*01)  ;\n- Pour chaque candidat sur un imprim\u00e9 de d\u00e9claration de candidature cerfa n\u00b0 14997*04, accompagn\u00e9 \nde  l'ensemble des pi\u00e8ces justificatives indiqu\u00e9es au dos du cerfa ;\nArticle 10 : Les d\u00e9clarations de candidatures seront re\u00e7ues  \u00e0 la sous-pr\u00e9fecture de Beaune sur \nrendez-vous (en t\u00e9l\u00e9phonant au 03.45.43.80.05) au plus tard \u00e0 18 heures le 3 \u00e8me jeudi qui pr\u00e9c\u00e8de le \npremier tour de scrutin, soit jusqu'au jeudi 21 mai 2026.\nDATES DE D\u00c9P\u00d4T DES CANDIDATURES DE LISTE\nPour le premier tour de scrutin\n- du lundi 18 mai 2026 au mercredi 20 mai  2026\nde 09 h 30 \u00e0 12 h 30\n- le jeudi 21 mai 2026, jour de cl\u00f4ture des candidatures,\nde 09 h 30 \u00e0 12 h 30 et de 14h30 \u00e0 18h00\nPour l'\u00e9ventuel second tour de scrutin \nsi, et seulement si, aucune candidature de liste n'a \u00e9t\u00e9 d\u00e9pos\u00e9e pour le premier tour de scrutin\n- le lundi  8 juin 2026 et le mardi 9 juin 2026\nde 09 h 30 \u00e0 12 h 30\nArticle 11 : Monsieur le sous-pr\u00e9fet de l'arrondissement de Beaune et Madame le maire de Chazilly,  \nsont charg\u00e9s, chacun en ce qui le concerne, de l'ex\u00e9cution du pr\u00e9sent arr\u00eat\u00e9 qui, conform\u00e9ment \u00e0  \nl'article L.247 du code \u00e9lectoral, sera publi\u00e9 et affich\u00e9 dans la commune six semaines au moins avant  \nl'\u00e9lection, aux emplacements officiels, ainsi que dans le bureau de vote, le jour du scrutin.\nFait \u00e0 Beaune, le 2 avril 2026\nPour le pr\u00e9fet de la r\u00e9gion Bourgogne-Franche-Comt\u00e9,\nPr\u00e9fet de la C\u00f4te-d'Or et par d\u00e9l\u00e9gation,\nLe sous-pr\u00e9fet de l'arrondissement de Beaune,\nsign\u00e9\nBeno\u00eet BYRSKI\n3/3\nSous-pr\u00e9fecture de Beaune - 21-2026-04-02-00003 - arr\u00eat\u00e9 pr\u00e9fectoral n\u00b0640 du 2 avril 2026 portant convocation des \u00e9lecteurs de la\ncommune de CHAZILLY et fixant la p\u00e9riode de d\u00e9p\u00f4t des candidatures en vue de proc\u00e9der \u00e0 des \u00e9lections municipales\ncompl\u00e9mentaires pour 4 si\u00e8ges, le dimanche 7 juin 2026 pour le 1er tour et le dimanche 14 juin 2026 pour l'\u00e9ventuel second tour\n47","date":"2026-04-03","first_seen_on":"2026-04-03T16:12:07+00:00","id":"990d1fcc5ff5f9970e05313ea0933a5a69ffb65b63b8ce30f61eec74bb6c4bf3","name":"RAA n\u00b0 061 du 03 avril 2026","pdf_creation_date":"2026-04-03T14:24:03+00:00","pdf_modification_date":null,"timezone":"Europe/Paris","url":"https://www.cote-dor.gouv.fr/contenu/telechargement/25956/198722/file/recueil-21-2026-061-recueil-des-actes-administratifs.pdf"}
