{"administration":"pref21","administration_name":"Pr\u00e9fecture de C\u00f4te-d\u2019Or","content":"PR\u00c9FET\nDE LA C\u00d4TE-D'OR\nRECUEIL DES ACTES\nADMINISTRATIFS SP\u00c9CIAL\nN\u00b021-2024-075\nPUBLI\u00c9 LE 21 JUIN 2024\nSommaire\nARS Bourgogne-Franche-Comt\u00e9 / Direction de l'organisation des soins\n21-2024-06-13-00006 - DECISION N\u00b0 ARS-BFC-DOSA-2024- 898\naccordant\nle transfert des autorisations initiales de mise en service de 15 ambulances\net 12 v\u00e9hicules sanitaires l\u00e9gers au profit de la SAS BFC AMBULANCES\n-JUSSIEU SECOURS DIJON, dans le cadre d\u25a1un d\u00e9m\u00e9nagement. (2 pages) Page 4\nDirection d\u00e9partementale de l'emploi, du travail et des solidarit\u00e9s de\nC\u00f4te-d'Or /\n21-2024-06-17-00008 - R\u00e9c\u00e9piss\u00e9 d\u00e9claration SAP-401408687 Propre Net\nEcolo (2 pages) Page 7\n21-2024-06-14-00003 - R\u00e9c\u00e9piss\u00e9 d\u00e9claration SAP-952879203 GIRAUX\nVIVIEN MULTISERVICES (2 pages) Page 10\n21-2024-06-21-00001 - R\u00e9c\u00e9piss\u00e9 d\u00e9claration SAP-978917144 HENNI\nYasmina (2 pages) Page 13\n21-2024-06-20-00001 - Renouvellement d'agr\u00e9ment ESUS Centre de Soins\nInfirmiers (2 pages) Page 16\nDREAL Bourgogne-Franche-Comt\u00e9 / Service Biodiversit\u00e9 Eau Patrimoine\n21-2024-06-20-00002 - arr\u00eat\u00e9 portant d\u00e9rogation \u00e0 l'interdiction de\ncapturer des sp\u00e9cimens d'esp\u00e8ces animales prot\u00e9g\u00e9es vivantes ou mortes\n(4 pages) Page 19\nPr\u00e9fecture de la C\u00f4te-d'Or / Cabinet\n21-2024-06-20-00004 - Arr\u00eat\u00e9 pr\u00e9fectoral portant interdiction de\nrassemblements festifs \u00e0 caract\u00e8re musical et interdiction de circulation de\ntout v\u00e9hicule transportant du mat\u00e9riel de son \u00e0 destination d\u25a1un\nrassemblement festif \u00e0 caract\u00e8re musical non autoris\u00e9 (2 pages) Page 24\nPr\u00e9fecture de la C\u00f4te-d'Or / Direction de la coordination, des politiques\npubliques et de l'appui territorial\n21-2024-06-17-00011 - Arr\u00eat\u00e9 pr\u00e9fectoral n\u00b01011 du 17 juin 2024 portant\nhabilitation  de la SARL OLIVIER FOUQUERE CONSULTING - Cabinet\nEMPRIXIA en application de l'article R752-6-3 du code du commerce pour\nla r\u00e9alisation de l'analyse d'impact des projets d'am\u00e9nagement commercial\n(2 pages) Page 27\n21-2024-06-17-00012 - Arr\u00eat\u00e9 pr\u00e9fectoral n\u00b01012 du 17 juin 2024 portant\nhabilitation de la SARL PROJECTIVE GROUPE en application de l'article\nR752-6-3 du code du commerce pour la r\u00e9alisation de l'analyse d'impact\ndes projets d'am\u00e9nagement commercial (2 pages) Page 30\n21-2024-06-17-00009 - Arr\u00eat\u00e9 pr\u00e9fectoral n\u00b01013 du 17 juin 2024 portant\nhabilitation de la SARL PRAXIDEV en application de l'article R752-6-3 du\ncode du commerce pour la r\u00e9alisation de l'analyse d'impact des projets\nd'am\u00e9nagement commercial (2 pages) Page 33\n2\n21-2024-06-17-00013 - Arr\u00eat\u00e9 pr\u00e9fectoral n\u00b01014 du 17 juin 2024 portant\nhabilitation de la SARL CEDACOM en application de l'article R752-6-3 du\ncode du commerce pour la r\u00e9alisation de l'analyse d'impact des projets\nd'am\u00e9nagement commercial (2 pages) Page 36\n21-2024-06-17-00006 - Arr\u00eat\u00e9 pr\u00e9fectoral n\u00b01015 du 17 juin 2024 abrogeant\nl'arr\u00eat\u00e9 pr\u00e9fectoral n\u00b0589 du 31 octobre 2019 portant habilitation de la\nSARL NOMINIS en application de l'article R752-6-3 du code du commerce\npour la r\u00e9alisation de l'analyse d'impact des projets d'am\u00e9nagement\ncommerciaux (HAI-21-07-2019-09-09) et l'arr\u00eat\u00e9 pr\u00e9fectoral n\u00b0862 du 4\nnovembre 2019 portant habilitation de la SARL NOMINIS en application\ndes articles R752-44-2 et R752-44-3 du code du commerce pour\nl'\u00e9tablissement des certificats de conformit\u00e9 des projets d'am\u00e9nagement\ncommerciaux (HCC-21-01-2019-10-11) (2 pages) Page 39\n21-2024-06-17-00010 - Arr\u00eat\u00e9 pr\u00e9fectoral n\u00b0997 du 17 juin 2024 portant\nhabilitation de la SAS CABINET ALBERT & ASSOCIES en application de\nl'article R752-6-3 du code du commerce pour la r\u00e9alisation de l'analyse\nd'impact des projets d'am\u00e9nagement commercial (2 pages) Page 42\nPr\u00e9fecture de la C\u00f4te-d'Or / Direction des Collectivit\u00e9s locales et des\nElections\n21-2024-06-18-00005 - Arr\u00eat\u00e9 n\u00b0 994 instituant une commission de contr\u00f4le\ndes op\u00e9rations de vote pour les \u00e9lections l\u00e9gislatives des 30 juin et 7 juillet\n2024 pour la ville de BEAUNE (2 pages) Page 45\n21-2024-06-18-00006 - Arr\u00eat\u00e9 n\u00b0 995 instituant une commission de contr\u00f4le\ndes op\u00e9rations de vote pour les \u00e9lections l\u00e9gislatives des 30 juin et 7 juillet\n2024 pour la ville de DIJON (2 pages) Page 48\n21-2024-06-18-00007 - Arr\u00eat\u00e9 n\u00b0 996 instituant une commission de\nrecensement des votes pour les \u00e9lections l\u00e9gislatives des 30 juin et 7 juillet\n2024 (2 pages) Page 51\nPr\u00e9fecture de la C\u00f4te-d'Or / Direction des s\u00e9curit\u00e9s\n21-2024-06-20-00003 - Arr\u00eat\u00e9 pr\u00e9fectoral portant autorisation de\nsurveillance exceptionnelle sur la voie publique - Commune de Beaune (3\npages) Page 54\n3\nARS Bourgogne-Franche-Comt\u00e9\nDirection de l'organisation des soins\n21-2024-06-13-00006\nDECISION N\u00b0 ARS-BFC-DOSA-2024- 898\naccordant le transfert des autorisations initiales\nde mise en service de 15 ambulances et 12\nv\u00e9hicules sanitaires l\u00e9gers au profit de la SAS BFC\nAMBULANCES -JUSSIEU SECOURS DIJON, dans le\ncadre d\u25a1un d\u00e9m\u00e9nagement.\nARS Bourgogne-Franche-Comt\u00e9 - 21-2024-06-13-00006 - DECISION N\u00b0 ARS-BFC-DOSA-2024- 898\naccordant le transfert des autorisations initiales de mise en service de 15 ambulances et 12 v\u00e9hicules sanitaires l\u00e9gers au profit de la\nSAS BFC AMBULANCES -JUSSIEU SECOURS DIJON, dans le cadre d\u25a1un d\u00e9m\u00e9nagement.\n4\nExREPUBLIQUEFRAN\u00c7AISE @ D Agence R\u00e9gionalede Sant\u00e9Libert\u00e9 Bourgogne-\u00c9galit\u00e9 Franche-Comt\u00e9Fraternit\u00e9\nDECISION N\u00b0 ARS-BFC-DOSA-2024- 898accordant le transfert des autorisations initiales de mise en service de 15 ambulances et 12v\u00e9hicules sanitaires l\u00e9gers au profit de la SAS BFC AMBULANCES -JUSSIEU SECOURS DIJON,dans le cadre d'un d\u00e9m\u00e9nagement.Le directeur g\u00e9n\u00e9ralde l'Agence R\u00e9gionale de Sant\u00e9 de Bourgogne Franche-Comt\u00e9Vu le code de la sant\u00e9 publique et, notamment, les articles L 6312-4, L 6312-5 et L 6313-1 etR.6312-29 \u00e0 R.6312-43,Vu la loi n\u00b0 2009-879 du 21 juillet 2009 modifi\u00e9e portant r\u00e9forme de l'h\u00f4pital et relative auxpatients, \u00e0 la sant\u00e9 et aux territoires,Vu le d\u00e9cret n\u00b0 2010-336 du 31 mars 2010 portant cr\u00e9ation des agences r\u00e9gionales de sant\u00e9,Vu le d\u00e9cret n\u00b0 2010-344 du 31 mars 2010 tirant les cons\u00e9quences, au niveau r\u00e9glementaire, del'intervention de la loi n\u00b0 2009-879 du 21 juillet 2009 portant r\u00e9forme de l'h\u00f4pital et relative auxpatients, \u00e0 la sant\u00e9 et aux territoires,Vu le d\u00e9cret n\u00b0 2012-1007 du 29 ao\u00fbt 2012 relatif \u00e0 l'agr\u00e9ment n\u00e9cessaire au transport sanitaireterrestre et \u00e0 l'autorisation de mise en service des v\u00e9hicules de transports sanitaires,Vu le d\u00e9cret n\u00b0 2012-1331 du 29 novembre 2012 modifiant certaines r\u00e9glementations prises enapplication de la loi n\u00b02009-879 du 21 juillet 2009 portant r\u00e9forme de l''h\u00f4pital et relative auxpatients, \u00e0 la sant\u00e9 et aux territoires,Vu le d\u00e9cret n\u00b0 2015-1650 du 11 d\u00e9cembre 2015 adaptant les agences r\u00e9gionales de sant\u00e9 \u00e0 lanouvelle d\u00e9limitation des r\u00e9gions,Vu le d\u00e9cret du 02 novembre 2022 portant nomination de Monsieur Jean-Jacques COIPLET enqualit\u00e9 de Directeur G\u00e9n\u00e9ral de l''Agence R\u00e9gionale de Sant\u00e9 (ARS) de Bourgogne Franche-Comt\u00e9, \u00e0 compter du 21 novembre 2022,Vu l'arr\u00eat\u00e9 du 5 octobre 1995 relatif \u00e0 l'autorisation de mise en service des v\u00e9hicules affect\u00e9s auxtransports sanitaires terrestres,Vu l'arr\u00eat\u00e9 du 12 d\u00e9cembre 2017 fixant les caract\u00e9ristiques et les installations mat\u00e9rielles exig\u00e9espour les v\u00e9hicules affect\u00e9s aux transports sanitaires terrestres,Vu l'arr\u00eat\u00e9 ARSB/DOS/SP/ 14-0137 du 30 juin 2014 fixant le nombre th\u00e9orique de v\u00e9hiculesaffect\u00e9s aux transports sanitaires dans les d\u00e9partements de la C\u00f4te d'Or, de la Ni\u00e8vre, de laSa\u00f4ne-et-Loire et de I'Yonne, et les principes d'\u00e9quipement en mati\u00e8re de transports sanitairesretenus en BourgogneVu l'arr\u00eat\u00e9 ARSBFC/DOS/ASPU/22-224 du 19 d\u00e9cembre 2022 portant agr\u00e9ment de l'entreprise detransport sanitaire terrestre SAS BFC AMBULANCES,\nARS Bourgogne-Franche-Comt\u00e9Le Diapason, 2 Place des Savoirs, CS 73535, 21035 Dijon cedexT\u00e9l. : 0808 807 107 - Site : www.bourgogne-franche-comte.ars.sante.fr\nARS Bourgogne-Franche-Comt\u00e9 - 21-2024-06-13-00006 - DECISION N\u00b0 ARS-BFC-DOSA-2024- 898\naccordant le transfert des autorisations initiales de mise en service de 15 ambulances et 12 v\u00e9hicules sanitaires l\u00e9gers au profit de la\nSAS BFC AMBULANCES -JUSSIEU SECOURS DIJON, dans le cadre d\u25a1un d\u00e9m\u00e9nagement.\n5\nVu l'extrait K-Bis dat\u00e9 du 19/03/2024, r\u00e9ceptionn\u00e9 par messagerie le 29/04/2024, par lequel estconstat\u00e9 un changement d'adresse pour la SAS BFC AMBULANCES -JUSSIEU SECOURS DIJONagr\u00e9\u00e9e pour le transport sanitaire terrestre sise en la commune de Longvic - 21 600 -,Vu la convention d'occupation pr\u00e9caire en date du 30 septembre 2023, r\u00e9ceptionn\u00e9e parmessagerie le 04 juin 2024, conclu-\u00abentre le conc\u00e9dant, la SAS DEROSS! - CENTREAMBULANCIER DE DIJON -, et l'occupant, SAS BFC AMBULANCES -JUSSIEU SECOURS DIJONpour des locaux situ\u00e9s 12 rue du P\u00e2quier - 21 600 LONGVIC -,Vu la d\u00e9cision n\u00b0 ARSBFC/SG/2024-039 portant d\u00e9l\u00e9gation de signature du directeur g\u00e9n\u00e9ral del'Agence R\u00e9gionale de Sant\u00e9 de Bourgogne Franche-Comt\u00e9 en date du 1% juin 2024,Consid\u00e9rant que la r\u00e9partition de l'offre de v\u00e9hicules sanitaires au sein du d\u00e9partement de C\u00f4ted'Or demeure identique \u00e9tant donn\u00e9 que les v\u00e9hicules seront maintenus sur le m\u00eame secteur.DECIDEArticle 1 : Est accord\u00e9 pr\u00e9alablement \u00e0 son profit le transfert des autorisations initiales de mise enservice de 15 ambulances et de 12 V\u00e9hicules Sanitaires L\u00e9gers (VSL) accord\u00e9es \u00e0 l'entreprise detransports sanitaires terrestres SAS BFC AMBULANCES -JUSSIEU SECOURS DIJON dans lecadre du d\u00e9m\u00e9nagement 12 rue du P\u00e2quier - 21 600 LONGVIC -.Article 2 : Les autorisations initiales de mise en service de 15 ambulances et de 12 VSL seronttransf\u00e9r\u00e9es au terme des op\u00e9rations de d\u00e9m\u00e9nagement.Article 3 : La partie int\u00e9ress\u00e9e dispose d'un d\u00e9lai de deux mois \u00e0 compter de la notification de lapr\u00e9sente d\u00e9cision pour former un recours devant le tribunal administratif comp\u00e9tent. A l'\u00e9gard destiers, ces d\u00e9lais courent \u00e0 compter de la date de publication au recueil des actes administratifs dud\u00e9partement de C\u00f4te d'Or. Le tribunal administratif peut \u00eatre saisi d'un recours d\u00e9pos\u00e9 vial'application T\u00e9l\u00e9recours citoyens accessible par le site internet www.telerecoursArticle 4 : La directrice de l'organisation des soins et de l'autonomie de l'ARS de BourgogneFranche-Comt\u00e9 est charg\u00e9e de I'ex\u00e9cution de la pr\u00e9sente d\u00e9cision qui sera notifi\u00e9e \u00e0 MonsieurRomain RENARD g\u00e9rant de la SAS BFC AMBULANCES -JUSSIEU SECOURS DIJON et publi\u00e9eau recueil des actes administratifs du d\u00e9partement de C\u00f4te d'Or.Fait \u00e0 Dijon, le 13 Juin 2024Pour le directeur g\u00e9n\u00e9ral,la cheffe du D\u00e9partementRessources et Moyens,\nje GARCIA\nARS Bourgogne-Franche-Comt\u00e9Le Diapason, 2 Place des Savoirs, CS 73535, 21035 Dijon cedexT\u00e9l. : 0808 807 107 - Site : www.bourgogne-franche-comte.ars.sante.fr\nARS Bourgogne-Franche-Comt\u00e9 - 21-2024-06-13-00006 - DECISION N\u00b0 ARS-BFC-DOSA-2024- 898\naccordant le transfert des autorisations initiales de mise en service de 15 ambulances et 12 v\u00e9hicules sanitaires l\u00e9gers au profit de la\nSAS BFC AMBULANCES -JUSSIEU SECOURS DIJON, dans le cadre d\u25a1un d\u00e9m\u00e9nagement.\n6\nDirection d\u00e9partementale de l'emploi, du travail\net des solidarit\u00e9s de C\u00f4te-d'Or\n21-2024-06-17-00008\nR\u00e9c\u00e9piss\u00e9 d\u00e9claration SAP-401408687 Propre\nNet Ecolo\nDirection d\u00e9partementale de l'emploi, du travail et des solidarit\u00e9s de C\u00f4te-d'Or - 21-2024-06-17-00008 - R\u00e9c\u00e9piss\u00e9 d\u00e9claration\nSAP-401408687 Propre Net Ecolo 7\nEZ | | Direction D\u00e9partementale de l'Emploi,PR\u00c9FET | du Travail et des Solidarit\u00e9s - DDETSDE LA |C\u00d4TE-D'ORLibert\u00e9Egalit\u00e9Fraternit\u00e9\nAffaire suivie par Sophie LACROIX Dijon, le 17/06/2024P\u00f4le Emploi-Coh\u00e9sion Territoriale,T\u00e9l : 03 80 45 78 10 // 06 46 79 36 50m\u00e9l : sophie.lacroix@cote-dor.gouv.fr- _PROPRE NET ECOLOMme Anne GIJBELS57 rue de Chen\u00f4ve21000 DIJON\nRECEPISSE DE DECLARATIONd'un Organisme de Services \u00e0 la PersonneEnregistr\u00e9 sous le n\u00b0 SAP/401408687\nLe Pr\u00e9fet de la C\u00f4te-d'Or, et par subd\u00e9l\u00e9gation du Directeur D\u00e9partemental de la DDETS, la Cheffedu P\u00f4le Emploi et Coh\u00e9sion Territoriale/la Responsable de l'Unit\u00e9 Formation, Emploi, Insertion ,\nVU la loi n\u00b0 2015-1776 du 28 d\u00e9cembre 2015 relative \u00e0 l'adaptation de la soci\u00e9t\u00e9 au vieillissement,VU le d\u00e9cret n\u00b0 2016-750 du 6 j\u00f9in 2016 relatif \u00e0 la liste des activit\u00e9s de services \u00e0 la personnesoumises \u00e0 agr\u00e9ment ou \u00e0 autorisation dans le cadre du r\u00e9gime commun de la d\u00e9claration,VU le code du travail et notamment les articles L 7231-1 \u00e0 L 7233-2,' R 7232-16 \u00e0 R 7232-22, D7231-1 et D 7233-1 \u00e0 D 7233-5.\nConstate\nQu'une d\u00e9claration d'activit\u00e9s de services \u00e0 la personne a \u00e9t\u00e9 d\u00e9pos\u00e9e sous le n\u00b0 1336880 aupr\u00e8s dela DDETS de la C\u00f4te d'Or, le 23 mai 2024, par Mme Anne GIJBELS, dans le cadre d'une entrepriseindividuelle, repr\u00e9sent\u00e9e par Mme Anne GIJBELS, dont le si\u00e8ge social est situ\u00e9 57 rue de Chen\u00f4ve21000 DIJON et enregistr\u00e9e sous le n\u00b0 SAP/401408687-pour les activit\u00e9s suivantes \u00e0 I'exclusion detoute autre : : *- Entretien de la maison et travaux m\u00e9nagers- Pr\u00e9paration de repas \u00e0 domicile\nDirection d\u00e9partementale de l'emploi, du travail et des solidarit\u00e9s de C\u00f4te-d'Or - 21-2024-06-17-00008 - R\u00e9c\u00e9piss\u00e9 d\u00e9claration\nSAP-401408687 Propre Net Ecolo 8\nCes activit\u00e9s sont exerc\u00e9es en qualit\u00e9 de prestataire.L'\u00e9tablissement principal, \u00e9galement si\u00e8ge social, se situe \u00e0 I'adresse ci-dessus et poss\u00e8de le num\u00e9roSIRET suivant, 401 408 687 00028.Toute modification concernant l'activit\u00e9 exerc\u00e9e devra faire l'objet d'une d\u00e9claration modificativepr\u00e9alable.Sous r\u00e9serve d'\u00e9tre exerc\u00e9e \u00e0 titre exclusif ou de tenir une comptabilit\u00e9 s\u00e9p\u00e0r\u00e9e pour les organismespouvant d\u00e9roger \u00e0 la condition d'activit\u00e9 exclusive (art L 7232-1-2 Code travail), cette activit\u00e9 ouvredroit au b\u00e9n\u00e9fice des dispositions des articles L. 7233-2 du code du travail et L. 241-10 du code de las\u00e9curit\u00e9 sociale dans les conditions pr\u00e9vues par ces articles.Les effets de la d\u00e9claration courent \u00e0 compter du jour de d\u00e9p\u00f4t de la demande, conform\u00e9ment \u00e0l'article R.7232-18 du code du travail.L'enregistrement de la d\u00e9claration peut \u00eatre retir\u00e9 dans les conditions fix\u00e9es aux artlcles R.7232-20 aR.7232-22 du code du travail.Le pr\u00e9sent r\u00e9c\u00e9piss\u00e9 n'est pas limit\u00e9 dans le temps et sera publi\u00e9 au recueil des actes administratifsde la pr\u00e9fecture de la C\u00f4te d'Or.\nPour le Pr\u00e9fet de C\u00f4te d'OrEt par subd\u00e9l\u00e9gation du Directeur D\u00e9partemental emp\u00each\u00e9,La Responsable de l'Unit\u00e9, Formation, Emploi et lnsef\"cion,SIGNEMarie BEGRAND\nDirection d\u00e9partementale de l'emploi, du travail et des solidarit\u00e9s de C\u00f4te-d'Or - 21-2024-06-17-00008 - R\u00e9c\u00e9piss\u00e9 d\u00e9claration\nSAP-401408687 Propre Net Ecolo 9\nDirection d\u00e9partementale de l'emploi, du travail\net des solidarit\u00e9s de C\u00f4te-d'Or\n21-2024-06-14-00003\nR\u00e9c\u00e9piss\u00e9 d\u00e9claration SAP-952879203 GIRAUX\nVIVIEN MULTISERVICES\nDirection d\u00e9partementale de l'emploi, du travail et des solidarit\u00e9s de C\u00f4te-d'Or - 21-2024-06-14-00003 - R\u00e9c\u00e9piss\u00e9 d\u00e9claration\nSAP-952879203 GIRAUX VIVIEN MULTISERVICES 10\nEx | Direction D\u00e9partementale de l'Emploi,PR\u00c9FET | du Travail et des Solidarit\u00e9s - DDETSDE LACOTE-D'ORLibert\u00e9 ;Egalit\u00e9Fraternit\u00e9\nAffaire suivie par Sophie LACROIX Dijon, le 14/06/2024P\u00f4le Emploi-Coh\u00e9sion Territoriale,T\u00e9l : 03 80 45 78 10 // 06 46 79 36 50m\u00e9l : sophie.lacroix@cote-dor.gouv.fr| : GIRAUX VIVIEN MULTISERVICESM. GIRAUX Vivien10 rue Anatole France21150 VENAREY LES LAUMES\nRECEPISSE DE DECLARATIONd'un Organisme de Services a la PersonneEnregistr\u00e9 sous le n\u00b0 SAP/952879203\nLe Pr\u00e9fet de la C\u00f4te-d'Or, et par subd\u00e9l\u00e9gation du Directeur D\u00e9partemental de la DDETS, la Cheffedu P\u00f4le Emploi et Coh\u00e9sion Territoriale/la Responsable de I'Unit\u00e9 Formation, Emploi, Insertion,\nVU la loi n\u00b0 2015-1776 du 28 d\u00e9cembre 2015 relative \u00e0 I'adaptation de la soci\u00e9t\u00e9 au vieillissement,VU le d\u00e9cret n\u00b0 2016-750 du 6 juin 2016 relatif \u00e0 la liste des activit\u00e9s de services \u00e0 la personnesoumises \u00e0 agrement ou \u00e0 autorisation dans le cadre du r\u00e9gime commun de la d\u00e9claration,VU le code du travail et notamment les articles L 7231-1 \u00e0 L 7233-2, R 7232-16 \u00e0 R 7232- 22, D7231-1 et D 7233-1 \u00e0 D 7233-5.\n\" Constate\nQu'une d\u00e9claration d'activit\u00e9s de services \u00e0 la personne a \u00e9t\u00e9 d\u00e9pos\u00e9e sous le n\u00b0 1318520 aupr\u00e8s dela DDETS de la C\u00f4te d'Or, le 11 juin 2024, par M. GIRAUX Vivien, dans le cadre d'une entrepriseindividuelle, repr\u00e9sent\u00e9e par M. GIRAUX Vivien, dont le si\u00e8ge social est situ\u00e9 au 10 rue AnatoleFrance 21150 VENAREY LES LAUMES et enreglstree sous le n\u00b0 SAP/952879203 pour les activit\u00e9ssuivantes \u00e0 l'exclusion de toute autre:\n- Entretien de la maison et travaux m\u00e9nagers- Petits travaux de jardinage\n-DDETS21, 21 Bd Voitaire, BP 81110- U DIJUN Gedex\nDirection d\u00e9partementale de l'emploi, du travail et des solidarit\u00e9s de C\u00f4te-d'Or - 21-2024-06-14-00003 - R\u00e9c\u00e9piss\u00e9 d\u00e9claration\nSAP-952879203 GIRAUX VIVIEN MULTISERVICES 11\n- Travaux de petit bricolage.\nCes activit\u00e9s sont exerc\u00e9es en qualit\u00e9 de prestataire.L'\u00e9tablissement principal, \u00e9galement si\u00e8ge social, se situe \u00e0 l'adresse ci-dessus et poss\u00e8de le num\u00e9roSIRET suivant, 952 879 203 00018.Toute modification concernant l'activit\u00e9 exerc\u00e9e devra faire l'objet d'une d\u00e9claration modificativepr\u00e9alable.Sous r\u00e9serve d'\u00eatre exerc\u00e9e \u00e0 titre exclusif ou de tenir une comptabilit\u00e9 s\u00e9par\u00e9e pour les organismespouvant d\u00e9roger \u00e0 la condition d'activit\u00e9 exclusive (art L 7232-1-2 Code Trav), cette activit\u00e9 ouvredroit au b\u00e9n\u00e9fice des dispositions des articles L. 7233-2 du code du travail et L. 241-10 du code de las\u00e9curit\u00e9 sociale dans les conditions pr\u00e9vues par ces articles.Les effets de la d\u00e9claration courent\u00e0 compter du jour de d\u00e9p\u00f4t de la demande, conform\u00e9ment \u00e0l'article R.7232-18 du code du travail.L'enregistrement de la d\u00e9claration peut \u00eatre retir\u00e9 dans les conditions fix\u00e9es aux articles R.7232-20 \u00e0R.7232-22 du code du travail. |Le pr\u00e9sent r\u00e9c\u00e9piss\u00e9 n'est pas limit\u00e9 dans le temps et sera publi\u00e9 au recueil des actes administratifsde la pr\u00e9fecture de la C\u00f4te d'Or.\nPour le Pr\u00e9fet de C\u00f4te d'OrEt par subd\u00e9l\u00e9gation du Directeur D\u00e9pafl\u00e9ment\u00e0l emp\u00each\u00e9,La Responsable de I'Unit\u00e9, Formation, Emploi et Insertion,SIGNEMarie BEGRAND\nDirection d\u00e9partementale de l'emploi, du travail et des solidarit\u00e9s de C\u00f4te-d'Or - 21-2024-06-14-00003 - R\u00e9c\u00e9piss\u00e9 d\u00e9claration\nSAP-952879203 GIRAUX VIVIEN MULTISERVICES 12\nDirection d\u00e9partementale de l'emploi, du travail\net des solidarit\u00e9s de C\u00f4te-d'Or\n21-2024-06-21-00001\nR\u00e9c\u00e9piss\u00e9 d\u00e9claration SAP-978917144 HENNI\nYasmina\nDirection d\u00e9partementale de l'emploi, du travail et des solidarit\u00e9s de C\u00f4te-d'Or - 21-2024-06-21-00001 - R\u00e9c\u00e9piss\u00e9 d\u00e9claration\nSAP-978917144 HENNI Yasmina 13\nEx Direction D\u00e9partementale de l'Emploi,PR\u00c9FET du Travail et des Solidarit\u00e9s - DDETSDE LA ;eCOTE-D'ORL_iberte' .Egalit\u00e9Fraternit\u00e9\nAffaire suivie par Sophie LACROIX Dijon, le 21/06/2024P\u00f4le Emploi-Coh\u00e9sion Territoriale,T\u00e9l : 03 80 45 78 10 // 06 46 79 36 50m\u00e9l : sophie.lacroix@cote-dor.gouv.fr| Mme HENNI Yasmina6 rue Mar\u00e9chal Leclerc21000 DIJON\nRECEPISSE DE DECLARATIONd'un Organisme de Services \u00e0 la PersonneEnregistr\u00e9 sous le n\u00b0 SAP/978917144\nLe Pr\u00e9fet de la C\u00f4te-d'Or, et par subd\u00e9l\u00e9gation du Directeur D\u00e9partemental de la DDETS, la Cheffedu P\u00f4le Emploi et Coh\u00e9sion Territoriale/la Responsable de I'Unit\u00e9 Formation, Emploi, Insertion ,\nVU la loi n\u00b0 2015-1776 du 28 d\u00e9cembre 2015 relative \u00e0 l'adaptation de la soci\u00e9t\u00e9 au vieillissement,VU le d\u00e9cret n\u00b0 2016-750 du 6 juin 2016 relatif \u00e0 la liste des activit\u00e9s de services \u00e0 la personne- soumises \u00e0 agr\u00e9ment ou \u00e0 autorisation dans le cadre du r\u00e9gime commun de la d\u00e9claration,VU le code du travail et notamment les articles L 7231-1 \u00e0 L 7233-2, R 7232-16 \u00e0 R 7232-22, D7231-1 et D 7233-1 \u00e0 D 7233-5.\nConstate\nQu'une d\u00e9claration d'activit\u00e9s de services \u00e0 la personne a \u00e9t\u00e9 d\u00e9pos\u00e9e sous le n\u00b0 1333340 aupr\u00e8s dela DDETS de la C\u00f4te d'Or, le 22 mai 2024, par Mme HENNI Yasmina, dans le cadre d''une entrepriseindividuelle, repr\u00e9sent\u00e9e par Mme HENNI Yasmina, dont le si\u00e8ge social est situ\u00e9 6 rue Mar\u00e9chalLeclerc 21000 DIJON et enregistr\u00e9e sous le n\u00b0 SAP/978917144 pour les activit\u00e9s suivantes \u00e0I'exclusion de toute autre :- Entretien de la maison et travaux m\u00e9nagers- Garde d'enfants de plus de 3 ans \u00e0 domicile\nDirection d\u00e9partementale de l'emploi, du travail et des solidarit\u00e9s de C\u00f4te-d'Or - 21-2024-06-21-00001 - R\u00e9c\u00e9piss\u00e9 d\u00e9claration\nSAP-978917144 HENNI Yasmina 14\n- Soutien scolaire ou cours \u00e0 domicile- Assistance administrative \u00e0 domicile ;\nCes activit\u00e9s sont exerc\u00e9es en qualit\u00e9 de prestataire.L'\u00e9tablissement principal, \u00e9galement si\u00e8ge social, se situe \u00e0 l'adresse ci-dessus et poss\u00e8de le num\u00e9roSIRET suivant, 978 917 144 00013. 'Toute modification concernant l'activit\u00e9 exerc\u00e9e devra faire l'objet d'une d\u00e9claration modificativepr\u00e9alable.Sous r\u00e9serve d'\u00eatre exerc\u00e9e \u00e0 titre exclusif ou de tenir une comptabilit\u00e9 s\u00e9par\u00e9e pour les organismespouvant d\u00e9roger \u00e0 la condition d'activit\u00e9 exclusive (art L 7232-1-2 Code travail), cette activit\u00e9 ouvredroit au b\u00e9n\u00e9fice des dispositions des articles L. 7233-2 du code du travail et L. 241-10 du code de las\u00e9curit\u00e9 sociale dans les conditions pr\u00e9vues par ces articles.Les effets de la d\u00e9claration courent \u00e0 compter du jour de d\u00e9p\u00f4t de la demande, conform\u00e9ment \u00e0l'article R.7232-18 du code du travail.L'enregistrerhent de la d\u00e9claration peut \u00eatre retir\u00e9 dans les conditions fix\u00e9es aux articles R.7232-20 \u00e0R.7232-22 du code du travail.Le pr\u00e9sent r\u00e9c\u00e9piss\u00e9 n'est pas limit\u00e9 dans le temps et sera publi\u00e9 au recueil des actes administratifsde la pr\u00e9fecture de la C\u00f4te d'Or.\nPour le Pr\u00e9fet de C\u00f4te d'OrEt par subd\u00e9l\u00e9gation du Directeur D\u00e9partemental e.mp\u00each\u00e9,La Responsavble de l'Unit\u00e9, Formation, Emploi et Insertion,| SIGNE- Marie BEGRAND\nDirection d\u00e9partementale de l'emploi, du travail et des solidarit\u00e9s de C\u00f4te-d'Or - 21-2024-06-21-00001 - R\u00e9c\u00e9piss\u00e9 d\u00e9claration\nSAP-978917144 HENNI Yasmina 15\nDirection d\u00e9partementale de l'emploi, du travail\net des solidarit\u00e9s de C\u00f4te-d'Or\n21-2024-06-20-00001\nRenouvellement d'agr\u00e9ment ESUS Centre de\nSoins Infirmiers\nDirection d\u00e9partementale de l'emploi, du travail et des solidarit\u00e9s de C\u00f4te-d'Or - 21-2024-06-20-00001 - Renouvellement d'agr\u00e9ment\nESUS Centre de Soins Infirmiers 16\n  \nDirection D\u00e9partementale de l'Emploi,  \ndu Travail et des Solidarit\u00e9s \nDDETS  \nDDETS 21, 21 Bd Voltaire, BP 81110 -  21011 DIJON Cedex \nT\u00e9l. : 03 80 45 75 02 (Accueil) \nwww.cote-dor.gouv.fr \n \n \n \n \n \n \nAffaire suivie par Ma\u00eblle THIEBAUT  \nCharg\u00e9e de mission \u2013 P\u00f4le Emploi Coh\u00e9sion Territoriale  \nT\u00e9l : 03 80 45 75 07 // 06 75 40 79 13 \nCourriel : \nmaelle.thiebaut@cote-dor.gouv.fr  \nDijon, le 20 juin 2024  \n \n \n \n \nCentre de soins infirmiers (CSI)  \nMadame la Pr\u00e9sidente \n89 avenue du Lac  \n21000 DIJON  \n \n \n \nDDETS de la C\u00f4te d'Or   \nARR\u00caT\u00c9 PORTANT RENOUVELLEMENT AGR\u00c9MENT \nd'Entreprise Solidaire d'Utilit\u00e9 Sociale (ESUS ) \n \n \n  \nVu  - La loi n\u00b02014-856 du 31 juillet 2014 relative \u00e0 l'Economie Sociale et Solidaire (ESS) ; \n  \nVu  - La loi n\u00b02019-486 du 22 mai 2019 relative \u00e0 la c roissance et la transformation des entreprises \nmodifiant la loi ci-dessus du 31 juillet 2014 ; \n  \nVu  - Le d\u00e9cret n\u00b02015-719 du 23 juin 2015 relatif \u00e0 l 'agr\u00e9ment \u00ab Entreprise Solidaire d'Utilit\u00e9 Sociale \n(ESUS) \u00bb ; \n  \nVu  - Le d\u00e9cret n\u00b02015-760 du 24 juin 2015 relatif \u00e0 l 'agr\u00e9ment \u00ab Entreprise Solidaire d'Utilit\u00e9 Sociale \n(ESUS) \u00bb ; \n  \nVu  - L'arr\u00eat\u00e9 du 3 ao\u00fbt 2015 fixant la fraction des b \u00e9n\u00e9fices affect\u00e9e au report b\u00e9n\u00e9ficiaire et aux r\u00e9s erves \nobligatoires, art 1 loi n\u00b0 2014-856 du 31 juillet 2014 relative \u00e0 l'Economie Sociale et Solidaire (ESS) ; \n  \nVu  - L'arr\u00eat\u00e9 du 5 ao\u00fbt 2015 fixant la composition du dossier de demande d'agr\u00e9ment \u00ab Entreprise Solidaire \nd'Utilit\u00e9 Sociale (ESUS) \u00bb ; \n \nVu  - L'arr\u00eat\u00e9 pr\u00e9fectoral n\u00b0 1204 du 17 octobre 2022 portant d\u00e9l\u00e9gation de signature \u00e0 Mr Nicolas \nNIBOUREL, Directeur D\u00e9partemental de la DDETS de C\u00f4te d'Or ; \n \nVu  - L'arr\u00eat\u00e9 n\u00b0736/DDETS du 29 avril 2024 \u2013 Pr\u00e9fectu re de la C\u00f4te d'Or, portant subd\u00e9l\u00e9gation de \nsignature ; \n  \nVu  - Le code du travail, notamment ses articles L 3332-17-1 et R 3332-21-1 \u00e0 R 3332-21-5 ; \n  \nVu  - La demande de renouvellement de l'agr\u00e9ment d'Entreprise Solidaire d'Utilit\u00e9 Sociale (ESUS) re\u00e7ue par \ncourriel du 5 juin 2024 et pr\u00e9sent\u00e9e par le Directe ur de l'association \u00ab Centre de soins infirmiers \u00bb,  SIREN \n778 213 967, \u00e9galement connue sous l'acronyme CSI ; \n \nDirection d\u00e9partementale de l'emploi, du travail et des solidarit\u00e9s de C\u00f4te-d'Or - 21-2024-06-20-00001 - Renouvellement d'agr\u00e9ment\nESUS Centre de Soins Infirmiers 17\n \nDDETS 21, 21 Bd Voltaire, BP 81110 -  21011 DIJON Cedex \nT\u00e9l. : 03 80 45 75 02 (Accueil) \nwww.cote-dor.gouv.fr \n \nVu  - L'arr\u00eat\u00e9 portant agr\u00e9ment ESUS du 30 novembre 20 15 d\u00e9j\u00e0 accord\u00e9 au Centre de Soins Infirmiers \npour une dur\u00e9e de cinq ans ; \n \nVu  - L'article L 3332-17-1, II, 15\u00b0 du Code du Travai l, visant les \u00e9tablissements et services accompagna nt \net accueillant des enfants et des adultes handicap\u00e9s ;  \n \nVu - La compl\u00e9tude du dossier en date du 19 juin 2024. \n \n\u2026\u2026\u2026\u2026. \n \nConsid\u00e9rant, que l'Economie Sociale et Solidaire (ESS) est \u00ab un  mode d'entreprendre et de \nd\u00e9veloppement \u00e9conomique, adapt\u00e9 \u00e0 tous les domaine s de l'activit\u00e9 humaine remplissant les conditions \ncumulatives, de recherche d'une utilit\u00e9 sociale et non du seul profit, d'une gouvernance d\u00e9mocratique,  \nd'une affectation des b\u00e9n\u00e9fices majoritairement consacr\u00e9s au maintien ou au d\u00e9veloppement de l'entreprise \nainsi qu'\u00e0 des r\u00e9serves impartageables et non distribuables (principes de bonne gestion) \u00bb ; \n \nConsid\u00e9rant, que l'association Centre de Soins Infirmiers, SIRE N 778 213 967, porte un Service de soins \ninfirmiers \u00e0 domicile (SSIAD) ;  \n \nConsid\u00e9rant, que  cette reconnaissance lui permet de b\u00e9n\u00e9ficier de plein droit de l'agr\u00e9ment ESUS ; \n \nConsid\u00e9rant, l'attestation sur l'honneur d'absence de titres en  capital sur les march\u00e9s financiers de \nl'association Centre de Soins Infirmiers ;   \n \nConsid\u00e9rant,  notamment le respect des principes de la politique de r\u00e9mun\u00e9ration;  \n \nConsid\u00e9rant, qu'au vu des \u00e9l\u00e9ments pr\u00e9sent\u00e9s ci-dessus, l'assoc iation Centre de Soins Infirmiers, remplit \nles conditions requises pour b\u00e9n\u00e9ficier de l'agr\u00e9me nt d'Entreprise Solidaire et d'Utilit\u00e9 Sociale (ESU S) de \nplein droit. \n \nARR\u00caTE \n \nArticle 1 : L'association Centre de Soins Infirmiers dont le s i\u00e8ge social se situe 89 avenue du lac, 2100 \nDIJON, r\u00e9f\u00e9renc\u00e9e par le num\u00e9ro SIRET 778 213 967 0 0103 se voit accorder l'agr\u00e9ment d'Entreprise \nSolidaire d'Utilit\u00e9 Sociale (ESUS) pour 5 ans, \u00e0 co mpter du 20 juin 2024 et jusqu'au 19 juin 2029 selo n les \ncrit\u00e8res issus de l'article L3332-17-1 du code du travail en vigueur \u00e0 la date de la pr\u00e9sente d\u00e9cision ; \n \nArticle 2 : Le pr\u00e9sent arr\u00eat\u00e9 sera publi\u00e9 au recueil des actes administratifs de la Pr\u00e9fecture de la C\u00f4te d'Or. \n \n  \n \n \n \nPour le Pr\u00e9fet de D\u00e9partement, \nEt par d\u00e9l\u00e9gation du Directeur D\u00e9partemental emp\u00each\u00e9, \nLa Responsable de l'Unit\u00e9 Formation, Emploi et Insertion, \n \nSIGNE \n \nMarie BEGRAND \nDirection d\u00e9partementale de l'emploi, du travail et des solidarit\u00e9s de C\u00f4te-d'Or - 21-2024-06-20-00001 - Renouvellement d'agr\u00e9ment\nESUS Centre de Soins Infirmiers 18\nDREAL Bourgogne-Franche-Comt\u00e9\nService Biodiversit\u00e9 Eau Patrimoine \n21-2024-06-20-00002\narr\u00eat\u00e9 portant d\u00e9rogation \u00e0 l'interdiction de\ncapturer des sp\u00e9cimens d'esp\u00e8ces animales\nprot\u00e9g\u00e9es vivantes ou mortes\nDREAL Bourgogne-Franche-Comt\u00e9 - 21-2024-06-20-00002 - arr\u00eat\u00e9 portant d\u00e9rogation \u00e0 l'interdiction de capturer des sp\u00e9cimens\nd'esp\u00e8ces animales prot\u00e9g\u00e9es vivantes ou mortes 19\nPREFETDE LACOTE-D'ORLibert\u00e9\u00c9galit\u00e9Fraternit\u00e9\nDirection r\u00e9gionale de l'environnement,\nde l'am\u00e9nagement et du logement\nBourgogne Franche-Comt\u00e9\nArr\u00eat\u00e9 n\u00b0 \nportant d\u00e9rogation \u00e0 l'interdiction de capturer des sp\u00e9cimens d'esp\u00e8ces animales prot\u00e9g\u00e9es\nvivantes ou mortes\nLE PR\u00c9FET DU D\u00c9PARTEMENT DE LA C\u00d4TE D'OR\nVu le code de l'environnement et notamment ses articles L.411-1, L.411-2, L. 415-3 et R.411-1 et suivants ;\nVu le  d\u00e9cret  n\u00b097-34  du  15  janvier  1997  et  le  d\u00e9cret  n\u00b097-1204  du  19  d\u00e9cembre  1997  relatifs  \u00e0  la\nd\u00e9concentration  des  d\u00e9cisions  administratives  individuelles,  notamment  en  mati\u00e8re  de  capture  d'esp\u00e8ces\nanimales prot\u00e9g\u00e9es ;\nVu le d\u00e9cret n\u00b02004-374 du 29 avril 2004 relatif aux pouvoirs des pr\u00e9fets, \u00e0 l'organisation et \u00e0 l'action des\nservices de l'\u00c9tat dans les r\u00e9gions et d\u00e9partements ;\nVu l'arr\u00eat\u00e9 interminist\u00e9riel du 18 d\u00e9cembre 2014 fixant les conditions et limites dans lesquelles des d\u00e9rogations\n\u00e0 l'interdiction de capture de sp\u00e9cimens d'esp\u00e8ces animales prot\u00e9g\u00e9es peuvent \u00eatre accord\u00e9es par les pr\u00e9fets ;\nVu l'arr\u00eat\u00e9 interminist\u00e9riel du 19 f\u00e9vrier 2007 modifi\u00e9 fixant les conditions de demande et d'instruction des\nd\u00e9rogations d\u00e9finies au 4\u00b0 de l'article L.411-2 du code de l'environnement portant sur des esp\u00e8ces de faune et\nde flore sauvages prot\u00e9g\u00e9es ;\nVu l'arr\u00eat\u00e9 minist\u00e9riel du 21 juillet 1983 relatif \u00e0 la protection des \u00e9crevisses autochtones ;\nVu l'arr\u00eat\u00e9 minist\u00e9riel du 23 avril 2007 modifi\u00e9 fixant la liste des mammif\u00e8res terrestres prot\u00e9g\u00e9s sur l'ensemble\ndu territoire et les modalit\u00e9s de leur protection ;\nVu l'arr\u00eat\u00e9 minist\u00e9riel du 23 avril 2007 fixant les listes des mollusques prot\u00e9g\u00e9s sur l'ensemble du territoire et les\nmodalit\u00e9s de leur protection ;\nVu l'arr\u00eat\u00e9 minist\u00e9riel du 23 avril 2007 fixant les listes des insectes prot\u00e9g\u00e9s sur l'ensemble du territoire et les\nmodalit\u00e9s de leur protection ;\nVu l'arr\u00eat\u00e9 minist\u00e9riel du 29 octobre 2009 fixant la liste des oiseaux prot\u00e9g\u00e9s sur l'ensemble du territoire et les\nmodalit\u00e9s de leur protection;\nVu l'arr\u00eat\u00e9  du  8  janvier  2021  fixant  la  liste  des  amphibiens  et  des  reptiles  repr\u00e9sent\u00e9s  sur  le  territoire\nm\u00e9tropolitain prot\u00e9g\u00e9s sur l'ensemble du territoire national et les modalit\u00e9s de leur protection;\nVu l'arr\u00eat\u00e9 minist\u00e9riel du 18 d\u00e9cembre 2014 fixant les conditions et limites dans lesquelles des d\u00e9rogations \u00e0\nl'interdiction de capture de sp\u00e9cimens d'esp\u00e8ces animales prot\u00e9g\u00e9es peuvent \u00eatre accord\u00e9es par les pr\u00e9fets\npour certaines op\u00e9rations pour lesquelles la capture est suivie d'un rel\u00e2cher imm\u00e9diat sur place;\nVu l'arr\u00eat\u00e9 pr\u00e9fectoral du 29 mars 2024 portant d\u00e9l\u00e9gation de signature \u00e0 M. Olivier DAVID, directeur r\u00e9gional de\nl'environnement, de l'am\u00e9nagement, du logement de Bourgogne-Franche-Comt\u00e9 ;\nVu l'arr\u00eat\u00e9 pr\u00e9fectoral du 2 avril 2024 portant subd\u00e9l\u00e9gation de signature aux agents de la DREAL pour les\nmissions sous autorit\u00e9 du Pr\u00e9fet du d\u00e9partement de la C\u00f4te d'Or\nVu la circulaire DNP n\u00b0 00-02 du 15 f\u00e9vrier 2000 compl\u00e9t\u00e9e par la circulaire DNP/CFF n\u00b0 2008-01 du 21 janvier\n2008 relative aux d\u00e9cisions administratives individuelles relevant du minist\u00e8re charg\u00e9 de la protection de la\nnature dans le domaine de la faune et de la flore sauvages ;\nAdresse postale : 5 voie Gis\u00e8le Halimi - BP 31269 25005 BESANCON cedex\nStandard : 03 39 59 62 00\nwww.bourgogne-franche-comte.developpement-durable.gouv.fr 1/4\nDREAL Bourgogne-Franche-Comt\u00e9 - 21-2024-06-20-00002 - arr\u00eat\u00e9 portant d\u00e9rogation \u00e0 l'interdiction de capturer des sp\u00e9cimens\nd'esp\u00e8ces animales prot\u00e9g\u00e9es vivantes ou mortes 20\nVu la demande de d\u00e9rogation au r\u00e9gime de protection des esp\u00e8ces en date du 6 f\u00e9vrier 2024, pr\u00e9sent\u00e9e par le\nservice  r\u00e9gional  de  l'Office  Fran\u00e7ais  de  la  Biodiversit\u00e9  (OFB)  de  Bourgogne-Franche-Comt\u00e9,  57  rue  de\nMulhouse \u00e0 DIJON (21000), \u00e0 l'effet d'\u00eatre autoris\u00e9 \u00e0 proc\u00e9der \u00e0 la capture pour inventaire suivie du rel\u00e2cher sur\nplace d'esp\u00e8ces animales prot\u00e9g\u00e9es et au pr\u00e9l\u00e8vement d'animaux vivants ou morts d'esp\u00e8ces prot\u00e9g\u00e9es dans le\ncadre des missions exerc\u00e9es par l'Etablissement ;\nConsid\u00e9rant que l'OFB assure des missions de police administrative et judiciaire ;\nConsid\u00e9rant que l'OFB assure des missions relatives au d\u00e9veloppement de la connaissance, recherche et\nexpertise sur les esp\u00e8ces, sur les milieux, leurs fonctionnalit\u00e9s et leurs usages, sur les services \u00e9cosyst\u00e9miques,\nainsi que sur les risques sanitaires en lien avec la faune sauvage ;\nConsid\u00e9rant que l'OFB assure des missions d'expertise en mati\u00e8re d'\u00e9valuation de l'\u00e9tat de la faune sauvage et\nde gestion adaptative des esp\u00e8ces ;\nConsid\u00e9rant que l'OFB initie ou participe \u00e0 des op\u00e9rations de p\u00e9dagogie;\nConsid\u00e9rant que la d\u00e9rogation ne nuit pas au maintien, dans un \u00e9tat de conservation favorable, des populations\nconcern\u00e9es dans leur aire de r\u00e9partition naturelle ;\nConsid\u00e9rant ainsi que les conditions d'octroi d'une d\u00e9rogation aux interdictions de capturer ou de d\u00e9truire des\nsp\u00e9cimens d'esp\u00e8ces animales prot\u00e9g\u00e9es se trouvent ici r\u00e9unies ;\nConsid\u00e9rant la qualification des personnes qui r\u00e9aliseront ces captures et rel\u00e2chers ou inventaires ;\nSur proposition du directeur r\u00e9gional de l'Environnement, de l'Am\u00e9nagement et du Logement de Bourgogne-\nFranche-Comt\u00e9\nA R R E T E\nArticle 1er : Identit\u00e9 des b\u00e9n\u00e9ficiaires\nLes b\u00e9n\u00e9ficiaires de l a d\u00e9rogation  \u00e0 l'interdiction de capturer des sp\u00e9cimens  d'esp\u00e8ces animales prot\u00e9g\u00e9es\nvivantes ou mortes sont les agents de l'Office Fran\u00e7ais de la Biodiversit\u00e9 exer\u00e7ant leurs missions en Bourgogne-\nFranche-Comt\u00e9.\nArticle 2 : Nature de la d\u00e9rogation\nLes b\u00e9n\u00e9ficiaires sont autoris\u00e9s \u00e0 d\u00e9roger \u00e0 :\n- l'interdiction de capture suivie du rel\u00e2cher sur place des esp\u00e8ces animales prot\u00e9g\u00e9es au titre de l'article L411-1\ndu code de I'Environnement, list\u00e9es dans les arr\u00eat\u00e9s pris \u00e0 ce titre et pr\u00e9sentes dans le d\u00e9partement de la C\u00f4te\nd'Or\n-  l'interdiction  de  pr\u00e9l\u00e8vement  et  transport  de  sp\u00e9cimens  vivants  ou  morts  d'esp\u00e8ces  prot\u00e9g\u00e9es  en  vu\nd'expertises au titre de l'article L411-1 du code de I'Environnement, list\u00e9es dans les arr\u00eat\u00e9s pris \u00e0 ce titre et\npr\u00e9sentes dans le d\u00e9partement de la C\u00f4te d'Or\nArticle 3 : Conditions de la d\u00e9rogation\nLes sp\u00e9cimens pr\u00e9lev\u00e9s pourront \u00eatre vivants ou morts.\nLa pr\u00e9sente d\u00e9rogation est d\u00e9livr\u00e9e sous r\u00e9serve de la mise en oeuvre des mesures suivantes :\n- les insectes sont captur\u00e9s au filet,\n- les reptiles sont captur\u00e9s manuellement ou \u00e0 l'aide d'\u00e9puisette,\n- les amphibiens sont captur\u00e9s \u00e0 l'\u00e9puisette ou \u00e0 l'aide de pi\u00e8ges aquatiques. L'utilisation de pi\u00e8ges de type\namphicapt ou nasses est \u00e0 privil\u00e9gier. Dans tous les cas, les pi\u00e8ges sont dispos\u00e9s de mani\u00e8re \u00e0 \u00e9viter tout\nrisque de noyade des individus captur\u00e9s (ajout de flotteurs sur les nasses par exemple) et relev\u00e9s au plus tard\nd\u00e8s le lendemain de leur pose.\n- le protocole de d\u00e9sinfection des mat\u00e9riels afin de limiter la diss\u00e9mination de la Chytridiomycose et autres\npathog\u00e8nes au sein des populations d'amphibiens, d'\u00e9crevisses et de mollusques doit \u00eatre appliqu\u00e9.\nArticle 4 : Dur\u00e9e de la d\u00e9rogation\nLa d\u00e9rogation prend effet \u00e0 compter de la notification du pr\u00e9sent arr\u00eat\u00e9 et jusqu'au 31 d\u00e9cembre 2029.\nAdresse postale : 5 voie Gis\u00e8le Halimi - BP 31269 25005 BESANCON cedex\nStandard : 03 39 59 62 00\nwww.bourgogne-franche-comte.developpement-durable.gouv.fr 2/4\nDREAL Bourgogne-Franche-Comt\u00e9 - 21-2024-06-20-00002 - arr\u00eat\u00e9 portant d\u00e9rogation \u00e0 l'interdiction de capturer des sp\u00e9cimens\nd'esp\u00e8ces animales prot\u00e9g\u00e9es vivantes ou mortes 21\nArticle 5 : Mesures de suivi\nLes donn\u00e9es  recueillies  doivent  \u00eatre  synth\u00e9tis\u00e9es  dans un  compte-rendu  (bilan  annuel  des  op\u00e9rations),  \u00e0\nremettre avant le 31 mars de l'ann\u00e9e n+1.\nCe compte-rendu doit comprendre a minima les \u00e9l\u00e9ments suivants, lesquels doivent \u00e9galement \u00eatre fournis au\nformat tableur informatique :\n- le nom des op\u00e9rateurs ;\n- les dates et les lieux des op\u00e9rations (coordonn\u00e9es GPS, si possible en Lambert 93 ou pr\u00e9ciser la\nprojection, cartes) ;\n- par esp\u00e8ce, les noms latins et les effectifs.\nCes donn\u00e9es seront int\u00e9gr\u00e9es dans les bases de donn\u00e9es de la plateforme r\u00e9gionale du SINP (Sigogne). La\nDREAL pourra librement utiliser tous acquis bruts ou transform\u00e9s relatifs \u00e0 la connaissance des milieux naturels\net  des  esp\u00e8ces  (rapports et  documents graphiques  et  cartographiques,  donn\u00e9es faunistiques,  etc),  m\u00eame\npartiels. Cette utilisation s'exercera dans le strict respect des droits moraux de l'auteur.\nArticle 6     : Autres proc\u00e9dures  \nLa pr\u00e9sente d\u00e9cision ne dispense pas de l'obtention d'autres accords ou autorisations par ailleurs n\u00e9cessaires\npour la r\u00e9alisation de l'op\u00e9ration sus-mentionn\u00e9e.\nArticle 7 : Mesures de contr\u00f4le\nLa mise en \u0153uvre des dispositions vis\u00e9es \u00e0 l'article 3 peut faire l'objet des contr\u00f4les pr\u00e9vus \u00e0 l'article L.170-1 du\ncode de l'environnement par les agents charg\u00e9s de constater les manquements aux prescriptions pr\u00e9vues au\npr\u00e9sent arr\u00eat\u00e9 ou les infractions mentionn\u00e9es \u00e0 l'article L.415-3 du code de l'environnement.\nArticle 8 : Sanctions\nLe non-respect du pr\u00e9sent arr\u00eat\u00e9 est passible des mesures et sanctions d\u00e9finies aux articles L.171-8, L.415-3 et\nR.411-12 du code de l'environnement.\nLe b\u00e9n\u00e9ficiaire de la d\u00e9rogation doit \u00eatre en mesure de pouvoir justifier de cette d\u00e9rogation lors des contr\u00f4les. \nArticle     9     : Droits des tiers  \nLes droits des tiers sont et demeurent express\u00e9ment r\u00e9serv\u00e9s.\nArticle     10     : Publication- Notification  \nLe pr\u00e9sent arr\u00eat\u00e9 est publi\u00e9 au recueil des actes administratif de la pr\u00e9fecture  de la C\u00f4te d'Or  et notifi\u00e9 au\nb\u00e9n\u00e9ficiaire.\nArticle     11     : D\u00e9lais et voies de recours  \nLe pr\u00e9sent arr\u00eat\u00e9 peut faire l'objet, dans un d\u00e9lai de deux mois \u00e0 compter de sa date de notification, pour le\nb\u00e9n\u00e9ficiaire,  et de  sa  publication  au recueil des actes administratifs,  pour les tiers,  des recours suivants,\nconform\u00e9ment aux dispositions de l'article R,421-1 et suivants du Code de justice administrative et du Livre IV\ndu Code des relations entre le public et l'administration :\n-  un  recours  gracieux,  adress\u00e9  \u00e0  :  M.  le  Directeur  r\u00e9gional  de  l'environnement,  de  l'am\u00e9nagement  et  du\nlogement de Bourgogne-Franche-Comt\u00e9 \u2013 5 voie Gis\u00e8le Halimi \u2013 BP 31269, 25005 Besan\u00e7on Cedex\n- un recours hi\u00e9rarchique, adress\u00e9 au Ministre de la transition \u00e9cologique.\nDans ces deux cas, le silence de l'Administration vaut rejet implicite au terme d'un d\u00e9lai de deux mois. Apr\u00e8s un\nrecours gracieux ou hi\u00e9archique, le d\u00e9lai du recours contentieux ne court qu'\u00e0 compter du rejet explicite ou\nimplicite de l'un de ces deux recours. \n- un recours contentieux, en saisissant le Tribunal administratif comp\u00e9tent.\nLe tribunal administratif peut \u00eatre saisi par l'application informatique \u00ab  T\u00e9l\u00e9recours citoyens \u00bb accessible par le\nsite Internet www.telerecours.fr \nAdresse postale : 5 voie Gis\u00e8le Halimi - BP 31269 25005 BESANCON cedex\nStandard : 03 39 59 62 00\nwww.bourgogne-franche-comte.developpement-durable.gouv.fr 3/4\nDREAL Bourgogne-Franche-Comt\u00e9 - 21-2024-06-20-00002 - arr\u00eat\u00e9 portant d\u00e9rogation \u00e0 l'interdiction de capturer des sp\u00e9cimens\nd'esp\u00e8ces animales prot\u00e9g\u00e9es vivantes ou mortes 22\nArticle     12     : Ex\u00e9cution  \nMonsieur  le  Secr\u00e9taire  G\u00e9n\u00e9ral  de  la  pr\u00e9fecture  de  la  C\u00f4te  d'Or   et  Monsieur  le  Directeur  R\u00e9gional  de\nl'Environnement, de l'Am\u00e9nagement et du Logement de Bourgogne-Franche-Comt\u00e9, sont charg\u00e9s, chacun en\nce qui le concerne, de l'ex\u00e9cution du pr\u00e9sent arr\u00eat\u00e9 dont copie sera transmise \u00e0 :\n\u2022 Monsieur le Pr\u00e9fet de la C\u00f4te d'Or,\n\u2022 Monsieur le Directeur d\u00e9partemental des territoires de la C\u00f4te d'Or\n\u2022 Monsieur e Commandant du groupement de gendarmerie de la C\u00f4te d'Or,\n\u2022 Monsieur le Chef du service r\u00e9gional de l'OFB de Bourgogne-Franche-Comt\u00e9.\nFait \u00e0 Dijon, le\nPour le Pr\u00e9fet, par d\u00e9l\u00e9gation,\nPour le Directeur r\u00e9gional de l'environnement, de l'am\u00e9nagement et du logement et par subd\u00e9l\u00e9gation,\nL'adjoint au chef service,\nAdresse postale : 5 voie Gis\u00e8le Halimi - BP 31269 25005 BESANCON cedex\nStandard : 03 39 59 62 00\nwww.bourgogne-franche-comte.developpement-durable.gouv.fr 4/4\nDREAL Bourgogne-Franche-Comt\u00e9 - 21-2024-06-20-00002 - arr\u00eat\u00e9 portant d\u00e9rogation \u00e0 l'interdiction de capturer des sp\u00e9cimens\nd'esp\u00e8ces animales prot\u00e9g\u00e9es vivantes ou mortes 23\nPr\u00e9fecture de la C\u00f4te-d'Or\nCabinet\n21-2024-06-20-00004\nArr\u00eat\u00e9 pr\u00e9fectoral portant interdiction de\nrassemblements festifs \u00e0 caract\u00e8re musical et\ninterdiction de circulation de tout v\u00e9hicule\ntransportant du mat\u00e9riel de son \u00e0 destination\nd\u25a1un rassemblement festif \u00e0 caract\u00e8re musical\nnon autoris\u00e9\nPr\u00e9fecture de la C\u00f4te-d'Or - 21-2024-06-20-00004 - Arr\u00eat\u00e9 pr\u00e9fectoral portant interdiction de rassemblements festifs \u00e0 caract\u00e8re\nmusical et interdiction de circulation de tout v\u00e9hicule transportant du mat\u00e9riel de son \u00e0 destination d\u25a1un rassemblement festif \u00e0\ncaract\u00e8re musical non autoris\u00e9\n24\nExPREFETDE LACOTE-D'ORLibert\u00e9Egalit\u00e9Fraternit\u00e9\nDirection des s\u00e9curit\u00e9s\nBureau d\u00e9fense et s\u00e9curit\u00e9\nDijon, le 20 juin 2024\nArr\u00eat\u00e9 pr\u00e9fectoral N\u00b0 1030\nportant interdiction de rassemblements festifs \u00e0 caract\u00e8re musical et interdiction de circulation de tout\nv\u00e9hicule transportant du mat\u00e9riel de son \u00e0 destination d'un rassemblement festif \u00e0 caract\u00e8re musical non\nautoris\u00e9\nLe pr\u00e9fet de la C\u00f4te-d'Or\nVU  le code de la s\u00e9curit\u00e9 int\u00e9rieure, notamment ses articles L. 211-5 et suivants, R. 211-2 et suivants et\nR. 211-27 et suivants ;\nVU le code g\u00e9n\u00e9ral des collectivit\u00e9s territoriales, notamment l'article L. 2215-1 ;\nVU le code p\u00e9nal ;\nVU le code de la route ;\nVU le code de la voirie routi\u00e8re ;\nVU le d\u00e9cret n\u00b02004-374 du 29 avril 2004 modifi\u00e9 relatif aux pouvoirs des pr\u00e9fets, \u00e0 l'organisation et \u00e0\nl'action des services de l'\u00c9tat dans les r\u00e9gions et d\u00e9partements ;\nVU  l'arr\u00eat\u00e9  pr\u00e9fectoral  n\u00b0148/SG  du  18  janvier  2024  donnant  d\u00e9l\u00e9gation  de  signature  \u00e0  monsieur\nOlivier GERSTL\u00c9, sous-pr\u00e9fet, directeur de cabinet du pr\u00e9fet de la r\u00e9gion Bourgogne Franche-Comt\u00e9 ,\npr\u00e9fet de C\u00f4te-d'Or ;\nCONSID\u00c9RANT que  des  organisateurs  pr\u00e9voient  r\u00e9guli\u00e8rement  des  \u00ab free-party \u00bb  pouvant  regrouper\nplusieurs centaines de participants dans le d\u00e9partement de la C\u00f4te-d'Or  ; qu'\u00e0 titre d'exemples, de tels\nrassemblements ont eu lieu ou ont tent\u00e9 de se tenir le 8 avril 2023 \u00e0 Corpoyer-la-Chapelle, le 13  mai 2023\n\u00e0 Auxey-Duresses, le 16 juin 2023 \u00e0 Antheuil, le 2 septembre 2023 \u00e0 Vielverge, et le 9  septembre 2023 \u00e0\nFontennelles ;\nCONSID\u00c9RANT que, selon les \u00e9l\u00e9ments d'information disponibles, des rassemblements festifs \u00e0 caract\u00e8re\nmusical r\u00e9pondant \u00e0 l'ensemble des caract\u00e9ristiques \u00e9nonc\u00e9es par les dispositions de l'article R. 211-2 du\ncode de la s\u00e9curit\u00e9 int\u00e9rieure, pouvant regrouper plusieurs centaines de participants, sont susceptibles\nd'\u00eatre organis\u00e9s dans le d\u00e9partement de la C\u00f4te-d'Or le week-end du samedi 22 et dimanche 23 juin 2024\ninclus ; qu'un appel \u00e0 rassemblement de type Free Party a \u00e9t\u00e9 d\u00e9tect\u00e9 sur les r\u00e9seaux laissant craindre\nqu'un \u00e9v\u00e9nement d'ampleur pourrait se tenir sur le d\u00e9partement de la C\u00f4te-d'Or ;\nCONSID\u00c9RANT qu'en application des dispositions de l'article L. 211-5 du code de la s\u00e9curit\u00e9 int\u00e9rieure, ce\ntype  de  rassemblement  est  soumis  \u00e0  l'obligation  de  d\u00e9claration  pr\u00e9alable  aupr\u00e8s  du  pr\u00e9fet  de\nd\u00e9partement,  pr\u00e9cisant  le  nombre  pr\u00e9visible  de  participants  ainsi  que  les  mesures  envisag\u00e9es  par\nl'organisateur pour garantir la s\u00e9curit\u00e9, la salubrit\u00e9, l'hygi\u00e8ne et la tranquillit\u00e9 publiques ;\nCONSID\u00c9RANT qu'aucune d\u00e9claration pr\u00e9alable n'a \u00e9t\u00e9 d\u00e9pos\u00e9e aupr\u00e8s du pr\u00e9fet de la C\u00f4te-d'Or  ; que\nl'organisateur n'est pas identifi\u00e9 et que les terrains sur lesquels sont susceptibles de se d\u00e9rouler ces\nrassemblements ne sont pas connus ;\nPr\u00e9fecture de la C\u00f4te-d'Or - 21-2024-06-20-00004 - Arr\u00eat\u00e9 pr\u00e9fectoral portant interdiction de rassemblements festifs \u00e0 caract\u00e8re\nmusical et interdiction de circulation de tout v\u00e9hicule transportant du mat\u00e9riel de son \u00e0 destination d\u25a1un rassemblement festif \u00e0\ncaract\u00e8re musical non autoris\u00e9\n25\nCONSID\u00c9RANT que ce type de rassemblement regroupant un grand nombre de participants peut\nprovoquer des troubles \u00e0 l'ordre public qu'ils soient li\u00e9s \u00e0 l'augmentation du risque de conduite\nsous l'emprise d'alcool ou de stup\u00e9fiants ou encore \u00e0 la g\u00eane occasionn\u00e9e par le niveau sonore\nextr\u00eamement \u00e9lev\u00e9 de la musique diffus\u00e9e ; que les moyens appropri\u00e9s en mati\u00e8re de lutte contre\nl'incendie et de secours aux personnes, ainsi qu'en mati\u00e8re de s\u00e9curit\u00e9 sanitaire et routi\u00e8re ne\npeuvent \u00eatre r\u00e9unis ;\nCONSID\u00c9RANT que dans ces circonstances, ces rassemblements sont de nature \u00e0 provoquer des\ntroubles  graves  \u00e0  l'ordre  public ;  que  leur  interdiction,  qui  est  strictement  n\u00e9cessaire  et\nproportionn\u00e9e aux objectifs poursuivis, est seule de nature \u00e0 pr\u00e9venir efficacement ces troubles ;\nCONSID\u00c9RANT qu'en l'absence d'identification du lieu g\u00e9ographique susceptible d'accueillir les\nrassemblements  festifs  \u00e0  caract\u00e8re  musical  envisag\u00e9s,  et  afin  de  donner  un  effet  utile  \u00e0\nl'interdiction, il y a lieu d'interdire, sauf motif l\u00e9gitime, la circulation des v\u00e9hicules transportant du\nmat\u00e9riel de sonorisation sur l'ensemble des r\u00e9seaux routiers du d\u00e9partement de la C\u00f4te-d'Or ;\nSUR proposition de monsieur le directeur de cabinet du pr\u00e9fet de la r\u00e9gion Bourgogne-Franche-\nComt\u00e9, pr\u00e9fet de la C\u00f4te-d'Or,\nARR\u00caTE\nArticle  1er :  Les  rassemblements  festifs  \u00e0  caract\u00e8re  musical  r\u00e9pondant  \u00e0  l'ensemble  des\ncaract\u00e9ristiques \u00e9nonc\u00e9es \u00e0 l'article R. 211-2 du code de la s\u00e9curit\u00e9 int\u00e9rieure, autres que ceux\nl\u00e9galement d\u00e9clar\u00e9s ou autoris\u00e9s, sont interdits sur l'ensemble du d\u00e9partement de la C\u00f4te-d'Or du\nvendredi 21 juin 2024 \u00e0 18h au lundi 24 juin 2024 \u00e0 8h.\nArticle 2 :  La circulation de tout v\u00e9hicule transportant du mat\u00e9riel de sonorisation (notamment\n\u00ab sound system  \u00bb et amplificateurs) \u00e0 destination d'un rassemblement festif \u00e0 caract\u00e8re musical\nnon autoris\u00e9 est interdite sur l'ensemble des r\u00e9seaux routiers du d\u00e9partement de la C\u00f4te-d'Or du\nvendredi 21 juin 2024 \u00e0 18h au lundi 24 juin 2024 \u00e0 8h.\nArticle 3 : Toute infraction au pr\u00e9sent arr\u00eat\u00e9 est passible des sanctions pr\u00e9vues par l'article R. 211-27\ndu code de la s\u00e9curit\u00e9 int\u00e9rieure et peut donner lieu \u00e0 la saisie du mat\u00e9riel en vue de sa confiscation\npar le tribunal.\nArticle 4 : Le secr\u00e9taire g\u00e9n\u00e9ral de la pr\u00e9fecture de la C\u00f4te-d'Or, le directeur de cabinet du pr\u00e9fet\nde la r\u00e9gion Bourgogne-Franche-Comt\u00e9, pr\u00e9fet de la C\u00f4te-d'Or, le G\u00e9n\u00e9ral, commandant la r\u00e9gion\nde  gendarmerie  de  Bourgogne-Franche-Comt\u00e9  et  le  directeur  interd\u00e9partemental  de  la  police\nnationale de la C\u00f4te-d'Or sont charg\u00e9s, chacun en ce qui le concerne, de l'ex\u00e9cution du pr\u00e9sent\narr\u00eat\u00e9 qui sera publi\u00e9 au recueil des actes administratifs de la pr\u00e9fecture, et adress\u00e9 pour copie \u00e0\nmonsieur le procureur de la R\u00e9publique pr\u00e8s le tribunal judiciaire de Dijon.\nFait \u00e0 Dijon, le 20 juin 2024\nLe pr\u00e9fet,\nPour le pr\u00e9fet et par d\u00e9l\u00e9gation,\nLe sous-pr\u00e9fet, directeur de cabinet,\noriginal sign\u00e9\nOlivier GERSTL\u00c9\nD\u00e9lais et voies de recours     :  \nLe pr\u00e9sent arr\u00eat\u00e9 peut faire l'objet, dans un d\u00e9lai de deux mois \u00e0 compter de sa publication :\n- Soit d'un recours gracieux devant le pr\u00e9fet de la C\u00f4te-d'Or ou d'un recours hi\u00e9rarchique aupr\u00e8s du Ministre de\nl'int\u00e9rieur.\n- Soit d'un recours contentieux devant le tribunal administratif de Dijon (22 Rue d'Assas, 21000 Dijon). La juridiction\nadministrative  comp\u00e9tente  peut  \u00eatre  saisie  par  l'application  T\u00e9l\u00e9recours  citoyens,  accessible  \u00e0  partir  du  site\nwww.telerecours.fr.\nDans le cas du rejet d'un recours gracieux ou hi\u00e9rarchique, le tribunal administratif peut \u00eatre saisi dans un d\u00e9lai de deux\nmois \u00e0 compter de la date de la d\u00e9cision de rejet.\nPr\u00e9fecture de la C\u00f4te-d'Or - 21-2024-06-20-00004 - Arr\u00eat\u00e9 pr\u00e9fectoral portant interdiction de rassemblements festifs \u00e0 caract\u00e8re\nmusical et interdiction de circulation de tout v\u00e9hicule transportant du mat\u00e9riel de son \u00e0 destination d\u25a1un rassemblement festif \u00e0\ncaract\u00e8re musical non autoris\u00e9\n26\nPr\u00e9fecture de la C\u00f4te-d'Or\nDirection de la coordination, des politiques\npubliques et de l'appui territorial\n21-2024-06-17-00011\nArr\u00eat\u00e9 pr\u00e9fectoral n\u00b01011 du 17 juin 2024 portant\nhabilitation  de la SARL OLIVIER FOUQUERE\nCONSULTING - Cabinet EMPRIXIA en application\nde l'article R752-6-3 du code du commerce pour\nla r\u00e9alisation de l'analyse d'impact des projets\nd'am\u00e9nagement commercial\nPr\u00e9fecture de la C\u00f4te-d'Or - 21-2024-06-17-00011 - Arr\u00eat\u00e9 pr\u00e9fectoral n\u00b01011 du 17 juin 2024 portant habilitation  de la SARL OLIVIER\nFOUQUERE CONSULTING - Cabinet EMPRIXIA en application de l'article R752-6-3 du code du commerce pour la r\u00e9alisation de\nl'analyse d'impact des projets d'am\u00e9nagement commercial\n27\nExPREFETDE LACOTE-D'ORLibert\u00e9Egalit\u00e9Fraternit\u00e9\nDIRECTION DE LA COORDINATION DES POLITIQUES\nPUBLIQUES ET DE L'APPUI TERRITORIAL\nP\u00f4le Environnement et Urbanisme\nArr\u00eat\u00e9 pr\u00e9fectoral n\u00b01011 du 17 juin 2024\nportant habilitation de la SARL OLIVIER FOUQUERE CONSULTING \u2013 Cabinet EMPRIXIA en\napplication de l'article R.752-6-3 du code du commerce pour la r\u00e9alisation de l'analyse\nd'impact des projets d'am\u00e9nagement commercial\nHabilitation n\u00b0 HAI-21-36-2024-06-17\nPr\u00e9fet de la C\u00f4te-d'Or\nVU le Code du Commerce, notamment les articles L752-6-III et R752-6-1 \u00e0 R752-6-3 ; \nVU la  loi  n\u00b0  2018-1021  du  23  novembre  2018  portant  \u00e9volution  du  logement,  de\nl'am\u00e9nagement et du num\u00e9rique, notamment son titre IV - article 163 ;\nVU le d\u00e9cret n\u00b0 2019-331 du 17 avril 2019 relatif \u00e0 la composition et au fonctionnement\ndes  commissions  d\u00e9partementales  d'am\u00e9nagement  commercial  et  aux  demandes\nd'autorisation d'exploitation commerciale ;\nVU l'arr\u00eat\u00e9  minist\u00e9riel  du  19  juin  2019  modifi\u00e9  fixant  le  contenu  du  formulaire  de\ndemande d'habilitation pour r\u00e9aliser l'analyse d'impact mentionn\u00e9e au III de l'article\nL.752-6 du code du commerce ;\nVU l'arr\u00eat\u00e9 pr\u00e9fectoral  du  30  juillet  2019  habilitant  la  SARL  OFC  EMPRIXIA  pour  la\nr\u00e9alisation  de  l'analyse  d'impact  des  projets  d'am\u00e9nagement  commercial  pour  une\ndur\u00e9e de cinq ans ;\nVU la demande d'habilitation formul\u00e9e par la SARL OLIVIER FOUQUERE CONSULTING \u2013\nCABINET EMPRIXIA, 61 Bd Robert Jarry \u2013 72000 LE MANS, repr\u00e9sent\u00e9e par M. Olivier\nFOUQUERE, directeur et g\u00e9rant, re\u00e7ue le 19 avril 2024, pour r\u00e9aliser l'analyse d'impact\ndes dossiers de demande d'autorisation d'exploitation commerciale du d\u00e9partement de\nla C\u00f4te-d'Or ;\nVU le dossier produit \u00e0 l'appui de la demande susvis\u00e9e et les justificatifs joints ;\nCONSIDERANT que les extraits de casier judiciaire (bulletin n\u00b0 3) des repr\u00e9sentants\nl\u00e9gaux et des salari\u00e9s de la soci\u00e9t\u00e9 susvis\u00e9e charg\u00e9s de r\u00e9aliser les analyses d'impact sont\nvierges ;\nCONSIDERANT  que les personnes mentionn\u00e9es dans la demande d'habilitation, par\nlaquelle ou sous la responsabilit\u00e9 de laquelle seront r\u00e9alis\u00e9es les analyses d'impact sont\ntitulaires des dipl\u00f4mes requis ;\n1/2\nPr\u00e9fecture de la C\u00f4te-d'Or - 21-2024-06-17-00011 - Arr\u00eat\u00e9 pr\u00e9fectoral n\u00b01011 du 17 juin 2024 portant habilitation  de la SARL OLIVIER\nFOUQUERE CONSULTING - Cabinet EMPRIXIA en application de l'article R752-6-3 du code du commerce pour la r\u00e9alisation de\nl'analyse d'impact des projets d'am\u00e9nagement commercial\n28\nCONSIDERANT que la soci\u00e9t\u00e9 OLIVIER FOUQUERE CONSULTING \u2013 CABINET EMPRIXIA\ndispose des moyens et outils de collecte et d'analyse des informations relatives aux\neffets d'un projet commercial sur l'animation et le d\u00e9veloppement \u00e9conomique des\ncentres-villes des communes de la zone de chalandise et sur l'emploi \u00e0 l'\u00e9chelle de cette\nm\u00eame zone ;\nCONSIDERANT que le pr\u00e9c\u00e9dent arr\u00eat\u00e9 pr\u00e9fectoral d'habilitation du 30 juillet 2019 sus-\nvis\u00e9 est valable jusqu'au 30 juillet 2024 ;\nSUR proposition de Monsieur le secr\u00e9taire g\u00e9n\u00e9ral de la Pr\u00e9fecture de la C\u00f4te-d'Or ;\nA R R E T E\nArticle 1er  : La soci\u00e9t\u00e9 OLIVIER FOUQUERE CONSULTING \u2013 CABINET EMPRIXIA sise 61\nBd Robert Jarry \u2013 72000 LE MANS, est habilit\u00e9e \u00e0 r\u00e9aliser les analyses d'impact pr\u00e9vues\nau  III  de  l'article  L.752-6  du  code  du  commerce,  pour  les  projets  d'am\u00e9nagement\ncommerciaux situ\u00e9s dans le d\u00e9partement de la C\u00f4te-d'Or.\nArticle 2 : La pr\u00e9sente habilitation est accord\u00e9e pour une dur\u00e9e de cinq ans, \u00e0 compter\ndu 31 juillet 2024, sans renouvellement tacite.\nArticle 3  : En application du code de justice administrative et notamment des articles R.\n421-1 et R. 421-5, le pr\u00e9sent arr\u00eat\u00e9 peut, dans un d\u00e9lai de deux mois \u00e0 compter de sa\npublication, faire l'objet :\n- soit d'un recours gracieux, adress\u00e9e \u00e0 Monsieur le Pr\u00e9fet de C\u00f4te-d'Or, 53, rue de la\nPr\u00e9fecture \u2013 21041 Dijon Cedex ;\n- soit d'un recours hi\u00e9rarchique, adress\u00e9 \u00e0 Monsieur le Ministre de l'Int\u00e9rieur, Place Beauvau\n\u2013 75008 Paris Cedex 08 ;\n- soit d'un recours contentieux, en saisissant le Tribunal administratif de Dijon, 22, rue\nd'Assas \u2013 21000 Dijon ou t\u00e9l\u00e9recours citoyen.\nLes recours doivent \u00eatre adress\u00e9s par lettre recommand\u00e9e avec accus\u00e9 de r\u00e9ception.\nArticle  4  :  M.  le  secr\u00e9taire  g\u00e9n\u00e9ral  de  la  pr\u00e9fecture  de  la  C\u00f4te-d'Or  est  charg\u00e9  de\nl'ex\u00e9cution du pr\u00e9sent arr\u00eat\u00e9, qui sera publi\u00e9 au recueil des actes administratifs de la\npr\u00e9fecture de la C\u00f4te-d'Or et notifi\u00e9 \u00e0 M. Olivier FOUQUERE, directeur et g\u00e9rant, et\ndont copie sera adress\u00e9e \u00e0 Mme la directrice d\u00e9partementale des territoires.\nFait \u00e0 Dijon, le\nLE PREFET\nPour le pr\u00e9fet et par d\u00e9l\u00e9gation\nLe secr\u00e9taire g\u00e9n\u00e9ral\nSign\u00e9\nJohann MOUGENOT\n2/2\nPr\u00e9fecture de la C\u00f4te-d'Or - 21-2024-06-17-00011 - Arr\u00eat\u00e9 pr\u00e9fectoral n\u00b01011 du 17 juin 2024 portant habilitation  de la SARL OLIVIER\nFOUQUERE CONSULTING - Cabinet EMPRIXIA en application de l'article R752-6-3 du code du commerce pour la r\u00e9alisation de\nl'analyse d'impact des projets d'am\u00e9nagement commercial\n29\nPr\u00e9fecture de la C\u00f4te-d'Or\nDirection de la coordination, des politiques\npubliques et de l'appui territorial\n21-2024-06-17-00012\nArr\u00eat\u00e9 pr\u00e9fectoral n\u00b01012 du 17 juin 2024 portant\nhabilitation de la SARL PROJECTIVE GROUPE en\napplication de l'article R752-6-3 du code du\ncommerce pour la r\u00e9alisation de l'analyse\nd'impact des projets d'am\u00e9nagement\ncommercial\nPr\u00e9fecture de la C\u00f4te-d'Or - 21-2024-06-17-00012 - Arr\u00eat\u00e9 pr\u00e9fectoral n\u00b01012 du 17 juin 2024 portant habilitation de la SARL\nPROJECTIVE GROUPE en application de l'article R752-6-3 du code du commerce pour la r\u00e9alisation de l'analyse d'impact des projets\nd'am\u00e9nagement commercial\n30\nExPREFETDE LACOTE-D'ORLibert\u00e9Egalit\u00e9Fraternit\u00e9\nDIRECTION DE LA COORDINATION DES POLITIQUES\nPUBLIQUES ET DE L'APPUI TERRITORIAL\nP\u00f4le Environnement et Urbanisme\nArr\u00eat\u00e9 pr\u00e9fectoral n\u00b0 1012 du 17 juin 2024\nportant habilitation de la SARL PROJECTIVE GROUPE en application de l'article R.752-6-3 du\ncode du commerce pour la r\u00e9alisation de l'analyse d'impact des projets d'am\u00e9nagement\ncommercial\nHabilitation n\u00b0 HAI-21-37-2024-06-17\nPr\u00e9fet de la C\u00f4te-d'Or\nVU le Code du Commerce, notamment les articles L752-6-III et R752-6-1 \u00e0 R752-6-3 ; \nVU la  loi  n\u00b0  2018-1021  du  23  novembre  2018  portant  \u00e9volution  du  logement,  de\nl'am\u00e9nagement et du num\u00e9rique, notamment son titre IV - article 163 ;\nVU le d\u00e9cret n\u00b0 2019-331 du 17 avril 2019 relatif \u00e0 la composition et au fonctionnement\ndes  commissions  d\u00e9partementales  d'am\u00e9nagement  commercial  et  aux  demandes\nd'autorisation d'exploitation commerciale ;\nVU l'arr\u00eat\u00e9  minist\u00e9riel  du  19  juin  2019  modifi\u00e9  fixant  le  contenu  du  formulaire  de\ndemande d'habilitation pour r\u00e9aliser l'analyse d'impact mentionn\u00e9e au III de l'article\nL.752-6 du code du commerce ;\nVU l'arr\u00eat\u00e9 pr\u00e9fectoral du 26 juillet 2019 habilitant la SARL PROJECTIVE GROUPE pour la\nr\u00e9alisation  de  l'analyse  d'impact  des  projets  d'am\u00e9nagement  commercial  pour  une\ndur\u00e9e de cinq ans ;\nVU  la demande d'habilitation formul\u00e9e par la SARL PROJECTIVE GROUPE, 4 place de\nRegensburg \u2013 63000 CLERMONT-FERRAND, repr\u00e9sent\u00e9e par M. Bernard DERNE, g\u00e9rant,\nre\u00e7ue  le  30  avril  2024,  pour  r\u00e9aliser  l'analyse  d'impact  des  dossiers  de  demande\nd'autorisation d'exploitation commerciale du d\u00e9partement de la C\u00f4te-d'Or ;\nVU le dossier produit \u00e0 l'appui de la demande susvis\u00e9e et les justificatifs joints ;\nCONSIDERANT que les extraits de casier judiciaire (bulletin n\u00b0 3) des repr\u00e9sentants\nl\u00e9gaux et des salari\u00e9s de la soci\u00e9t\u00e9 susvis\u00e9e charg\u00e9s de r\u00e9aliser les analyses d'impact sont\nvierges ;\nCONSIDERANT  que les personnes mentionn\u00e9es dans la demande d'habilitation, par\nlaquelle ou sous la responsabilit\u00e9 de laquelle seront r\u00e9alis\u00e9es les analyses d'impact sont\ntitulaires des dipl\u00f4mes requis ;\n1/2\nPr\u00e9fecture de la C\u00f4te-d'Or - 21-2024-06-17-00012 - Arr\u00eat\u00e9 pr\u00e9fectoral n\u00b01012 du 17 juin 2024 portant habilitation de la SARL\nPROJECTIVE GROUPE en application de l'article R752-6-3 du code du commerce pour la r\u00e9alisation de l'analyse d'impact des projets\nd'am\u00e9nagement commercial\n31\nCONSIDERANT que la soci\u00e9t\u00e9 PROJECTIVE GROUPE dispose des moyens et outils de\ncollecte et d'analyse des informations relatives aux effets d'un projet commercial sur\nl'animation et le d\u00e9veloppement \u00e9conomique des centres-villes des communes de la\nzone de chalandise et sur l'emploi \u00e0 l'\u00e9chelle de cette m\u00eame zone ;\nCONSIDERANT que le pr\u00e9c\u00e9dent arr\u00eat\u00e9 pr\u00e9fectoral d'habilitation du 26 juillet 2019 sus-\nvis\u00e9 est valable jusqu'au 26 juillet 2024 ;\nSUR proposition de Monsieur le secr\u00e9taire g\u00e9n\u00e9ral de la Pr\u00e9fecture de la C\u00f4te-d'Or ;\nA R R E T E\nArticle  1er :  La  soci\u00e9t\u00e9  PROJECTIVE  GROUPE  sise  8  place  de  Regensburg  \u2013  63000\nCLERMONT-FERRAND, est habilit\u00e9e \u00e0 r\u00e9aliser les analyses d'impact pr\u00e9vues au III de\nl'article L.752-6 du code du commerce, pour les projets d'am\u00e9nagement commerciaux\nsitu\u00e9s dans le d\u00e9partement de la C\u00f4te-d'Or.\nArticle 2 : La pr\u00e9sente habilitation est accord\u00e9e pour une dur\u00e9e de cinq ans, \u00e0 compter\ndu 29 juillet 2024 ,sans renouvellement tacite.\nArticle 3  : En application du code de justice administrative et notamment des articles R.\n421-1 et R. 421-5, le pr\u00e9sent arr\u00eat\u00e9 peut, dans un d\u00e9lai de deux mois \u00e0 compter de sa\npublication, faire l'objet :\n- soit d'un recours gracieux, adress\u00e9e \u00e0 Monsieur le Pr\u00e9fet de C\u00f4te-d'Or, 53, rue de la\nPr\u00e9fecture \u2013 21041 Dijon Cedex ;\n- soit d'un recours hi\u00e9rarchique, adress\u00e9 \u00e0 Monsieur le Ministre de l'Int\u00e9rieur, Place Beauvau\n\u2013 75008 Paris Cedex 08 ;\n- soit d'un recours contentieux, en saisissant le Tribunal administratif de Dijon, 22, rue\nd'Assas \u2013 21000 Dijon ou t\u00e9l\u00e9recours citoyen.\nLes recours doivent \u00eatre adress\u00e9s par lettre recommand\u00e9e avec accus\u00e9 de r\u00e9ception.\nArticle  4  :  M.  le  secr\u00e9taire  g\u00e9n\u00e9ral  de  la  pr\u00e9fecture  de  la  C\u00f4te-d'Or  est  charg\u00e9  de\nl'ex\u00e9cution du pr\u00e9sent arr\u00eat\u00e9, qui sera publi\u00e9 au recueil des actes administratifs de la\npr\u00e9fecture de la C\u00f4te-d'Or et notifi\u00e9 \u00e0 M. Bernard DERNE, g\u00e9rant, et dont copie sera\nadress\u00e9e \u00e0 Mme la directrice d\u00e9partementale des territoires.\nFait \u00e0 Dijon, le\nLE PREFET,\nPour le pr\u00e9fet et par d\u00e9l\u00e9gation\nLe secr\u00e9taire g\u00e9n\u00e9ral\nSign\u00e9\nJohann MOUGENOT\n2/2\nPr\u00e9fecture de la C\u00f4te-d'Or - 21-2024-06-17-00012 - Arr\u00eat\u00e9 pr\u00e9fectoral n\u00b01012 du 17 juin 2024 portant habilitation de la SARL\nPROJECTIVE GROUPE en application de l'article R752-6-3 du code du commerce pour la r\u00e9alisation de l'analyse d'impact des projets\nd'am\u00e9nagement commercial\n32\nPr\u00e9fecture de la C\u00f4te-d'Or\nDirection de la coordination, des politiques\npubliques et de l'appui territorial\n21-2024-06-17-00009\nArr\u00eat\u00e9 pr\u00e9fectoral n\u00b01013 du 17 juin 2024 portant\nhabilitation de la SARL PRAXIDEV en application\nde l'article R752-6-3 du code du commerce pour\nla r\u00e9alisation de l'analyse d'impact des projets\nd'am\u00e9nagement commercial\nPr\u00e9fecture de la C\u00f4te-d'Or - 21-2024-06-17-00009 - Arr\u00eat\u00e9 pr\u00e9fectoral n\u00b01013 du 17 juin 2024 portant habilitation de la SARL PRAXIDEV\nen application de l'article R752-6-3 du code du commerce pour la r\u00e9alisation de l'analyse d'impact des projets d'am\u00e9nagement\ncommercial\n33\nExPREFETDE LACOTE-D'ORLibert\u00e9Egalit\u00e9Fraternit\u00e9\nDIRECTION DE LA COORDINATION DES POLITIQUES\nPUBLIQUES ET DE L'APPUI TERRITORIAL\nP\u00f4le Environnement et Urbanisme\nArr\u00eat\u00e9 pr\u00e9fectoral n\u00b0 1013 du 17 juin 2024\nportant habilitation de la SARL PRAXIDEV en application de l'article R.752-6-3 du code du\ncommerce pour la r\u00e9alisation de l'analyse d'impact des projets d'am\u00e9nagement commercial\nHabilitation n\u00b0 HAI-21-38-2024-06-17\nPr\u00e9fet de la C\u00f4te-d'Or\nVU le Code du Commerce, notamment les articles L752-6-III et R752-6-1 \u00e0 R752-6-3 ; \nVU la  loi  n\u00b0  2018-1021  du  23  novembre  2018  portant  \u00e9volution  du  logement,  de\nl'am\u00e9nagement et du num\u00e9rique, notamment son titre IV - article 163 ;\nVU le d\u00e9cret n\u00b0 2019-331 du 17 avril 2019 relatif \u00e0 la composition et au fonctionnement\ndes  commissions  d\u00e9partementales  d'am\u00e9nagement  commercial  et  aux  demandes\nd'autorisation d'exploitation commerciale ;\nVU l'arr\u00eat\u00e9  minist\u00e9riel  du  19  juin  2019  modifi\u00e9  fixant  le  contenu  du  formulaire  de\ndemande d'habilitation pour r\u00e9aliser l'analyse d'impact mentionn\u00e9e au III de l'article\nL.752-6 du code du commerce ;\nVU la demande d'habilitation formul\u00e9e par la SARL PRAXIDEV, 2 rue Louis de Broglie \u2013\n56000 VANNES, repr\u00e9sent\u00e9e par Mme Astrid LE RAY, co-g\u00e9rante, re\u00e7ue le 6 mai 2024,\npour r\u00e9aliser l'analyse d'impact des dossiers de demande d'autorisation d'exploitation\ncommerciale du d\u00e9partement de la C\u00f4te-d'Or ;\nVU le dossier produit \u00e0 l'appui de la demande susvis\u00e9e et les justificatifs joints ;\nCONSIDERANT que les extraits de casier judiciaire (bulletin n\u00b0 3) des repr\u00e9sentants\nl\u00e9gaux et des salari\u00e9s de la soci\u00e9t\u00e9 susvis\u00e9e charg\u00e9s de r\u00e9aliser les analyses d'impact sont\nvierges ;\nCONSIDERANT  que les personnes mentionn\u00e9es dans la demande d'habilitation, par\nlaquelle ou sous la responsabilit\u00e9 de laquelle seront r\u00e9alis\u00e9es les analyses d'impact sont\ntitulaires des dipl\u00f4mes requis ;\nCONSIDERANT que la soci\u00e9t\u00e9 PRAXIDEV dispose des moyens et outils de collecte et\nd'analyse des informations relatives aux effets d'un projet commercial sur l'animation et\nle  d\u00e9veloppement  \u00e9conomique  des  centres-villes  des  communes  de  la  zone  de\nchalandise et sur l'emploi \u00e0 l'\u00e9chelle de cette m\u00eame zone ;\n1/2\nPr\u00e9fecture de la C\u00f4te-d'Or - 21-2024-06-17-00009 - Arr\u00eat\u00e9 pr\u00e9fectoral n\u00b01013 du 17 juin 2024 portant habilitation de la SARL PRAXIDEV\nen application de l'article R752-6-3 du code du commerce pour la r\u00e9alisation de l'analyse d'impact des projets d'am\u00e9nagement\ncommercial\n34\nSUR proposition de Monsieur le secr\u00e9taire g\u00e9n\u00e9ral de la Pr\u00e9fecture de la C\u00f4te-d'Or ;\nA R R E T E\nArticle 1er  : La soci\u00e9t\u00e9 PRAXIDEV sise 2 rue de Broglie \u2013 56000 VANNES, est habilit\u00e9e \u00e0\nr\u00e9aliser les analyses d'impact pr\u00e9vues au III de l'article L.752-6 du code du commerce,\npour les projets d'am\u00e9nagement commerciaux situ\u00e9s dans le d\u00e9partement de la C\u00f4te-\nd'Or.\nArticle  2  :  La  pr\u00e9sente  habilitation  est  accord\u00e9e  pour  une  dur\u00e9e  de  cinq  ans  sans\nrenouvellement tacite. \nArticle 3  : En application du code de justice administrative et notamment des articles R.\n421-1 et R. 421-5, le pr\u00e9sent arr\u00eat\u00e9 peut, dans un d\u00e9lai de deux mois \u00e0 compter de sa\npublication, faire l'objet :\n- soit d'un recours gracieux, adress\u00e9e \u00e0 Monsieur le Pr\u00e9fet de C\u00f4te-d'Or, 53, rue de la\nPr\u00e9fecture \u2013 21041 Dijon Cedex ;\n- soit d'un recours hi\u00e9rarchique, adress\u00e9 \u00e0 Monsieur le Ministre de l'Int\u00e9rieur, Place Beauvau\n\u2013 75008 Paris Cedex 08 ;\n- soit d'un recours contentieux, en saisissant le Tribunal administratif de Dijon, 22, rue\nd'Assas \u2013 21000 Dijon ou t\u00e9l\u00e9recours citoyen.\nLes recours doivent \u00eatre adress\u00e9s par lettre recommand\u00e9e avec accus\u00e9 de r\u00e9ception.\nArticle  4  :  M.  le  secr\u00e9taire  g\u00e9n\u00e9ral  de  la  pr\u00e9fecture  de  la  C\u00f4te-d'Or  est  charg\u00e9  de\nl'ex\u00e9cution du pr\u00e9sent arr\u00eat\u00e9, qui sera publi\u00e9 au recueil des actes administratifs de la\npr\u00e9fecture de la C\u00f4te-d'Or et notifi\u00e9 \u00e0 Mme Astrid LE RAY, co-g\u00e9rante, et dont copie\nsera adress\u00e9e \u00e0 Mme la directrice d\u00e9partementale des territoires.\nFait \u00e0 Dijon, le\nLE PREFET\nPour le pr\u00e9fet et par d\u00e9l\u00e9gation\nLe secr\u00e9taire g\u00e9n\u00e9ral\nSign\u00e9\nJohann MOUGENOT\n2/2\nPr\u00e9fecture de la C\u00f4te-d'Or - 21-2024-06-17-00009 - Arr\u00eat\u00e9 pr\u00e9fectoral n\u00b01013 du 17 juin 2024 portant habilitation de la SARL PRAXIDEV\nen application de l'article R752-6-3 du code du commerce pour la r\u00e9alisation de l'analyse d'impact des projets d'am\u00e9nagement\ncommercial\n35\nPr\u00e9fecture de la C\u00f4te-d'Or\nDirection de la coordination, des politiques\npubliques et de l'appui territorial\n21-2024-06-17-00013\nArr\u00eat\u00e9 pr\u00e9fectoral n\u00b01014 du 17 juin 2024 portant\nhabilitation de la SARL CEDACOM en application\nde l'article R752-6-3 du code du commerce pour\nla r\u00e9alisation de l'analyse d'impact des projets\nd'am\u00e9nagement commercial\nPr\u00e9fecture de la C\u00f4te-d'Or - 21-2024-06-17-00013 - Arr\u00eat\u00e9 pr\u00e9fectoral n\u00b01014 du 17 juin 2024 portant habilitation de la SARL\nCEDACOM en application de l'article R752-6-3 du code du commerce pour la r\u00e9alisation de l'analyse d'impact des projets\nd'am\u00e9nagement commercial\n36\nExPREFETDE LACOTE-D'ORLibert\u00e9Egalit\u00e9Fraternit\u00e9\nDIRECTION DE LA COORDINATION DES POLITIQUES\nPUBLIQUES ET DE L'APPUI TERRITORIAL\nP\u00f4le Environnement et Urbanisme\nArr\u00eat\u00e9 pr\u00e9fectoral n\u00b0 1014 du 17 juin 2024\nportant habilitation de la SARL CEDACOM en application de l'article R.752-6-3 du code du\ncommerce pour la r\u00e9alisation de l'analyse d'impact des projets d'am\u00e9nagement commercial\nHabilitation n\u00b0 HAI-21-39-2024-06-17\nPr\u00e9fet de la C\u00f4te-d'Or\nVU le Code du Commerce, notamment les articles L752-6-III et R752-6-1 \u00e0 R752-6-3 ; \nVU la  loi  n\u00b0  2018-1021  du  23  novembre  2018  portant  \u00e9volution  du  logement,  de\nl'am\u00e9nagement et du num\u00e9rique, notamment son titre IV - article 163 ;\nVU le d\u00e9cret n\u00b0 2019-331 du 17 avril 2019 relatif \u00e0 la composition et au fonctionnement\ndes  commissions  d\u00e9partementales  d'am\u00e9nagement  commercial  et  aux  demandes\nd'autorisation d'exploitation commerciale ;\nVU l'arr\u00eat\u00e9  minist\u00e9riel  du  19  juin  2019  modifi\u00e9  fixant  le  contenu  du  formulaire  de\ndemande d'habilitation pour r\u00e9aliser l'analyse d'impact mentionn\u00e9e au III de l'article\nL.752-6 du code du commerce ;\nVU l'arr\u00eat\u00e9 pr\u00e9fectoral du 26 septembre 2019 habilitant la SARL CEDACOM pour la\nr\u00e9alisation  de  l'analyse  d'impact  des  projets  d'am\u00e9nagement  commercial  pour  une\ndur\u00e9e de 5 ans ;\nVU la demande d'habilitation formul\u00e9e par la SARL CEDACOM, 105 Bd Eurvin \u2013 62200\nBOULOGNE-SUR-MER, repr\u00e9sent\u00e9e par M. Patrick DELPORTE, g\u00e9rant, re\u00e7ue le 27 mai\n2024,  pour  r\u00e9aliser  l'analyse  d'impact  des  dossiers  de  demande  d'autorisation\nd'exploitation commerciale du d\u00e9partement de la C\u00f4te-d'Or ;\nVU le dossier produit \u00e0 l'appui de la demande susvis\u00e9e et les justificatifs joints ;\nCONSIDERANT que les extraits de casier judiciaire (bulletin n\u00b0 3) des repr\u00e9sentants\nl\u00e9gaux et des salari\u00e9s de la soci\u00e9t\u00e9 susvis\u00e9e charg\u00e9s de r\u00e9aliser les analyses d'impact sont\nvierges ;\nCONSIDERANT  que les personnes mentionn\u00e9es dans la demande d'habilitation, par\nlaquelle ou sous la responsabilit\u00e9 de laquelle seront r\u00e9alis\u00e9es les analyses d'impact sont\ntitulaires des dipl\u00f4mes requis ;\n1/2\nPr\u00e9fecture de la C\u00f4te-d'Or - 21-2024-06-17-00013 - Arr\u00eat\u00e9 pr\u00e9fectoral n\u00b01014 du 17 juin 2024 portant habilitation de la SARL\nCEDACOM en application de l'article R752-6-3 du code du commerce pour la r\u00e9alisation de l'analyse d'impact des projets\nd'am\u00e9nagement commercial\n37\nCONSIDERANT que la soci\u00e9t\u00e9 CEDACOM dispose des moyens et outils de collecte et\nd'analyse des informations relatives aux effets d'un projet commercial sur l'animation et\nle  d\u00e9veloppement  \u00e9conomique  des  centres-villes  des  communes  de  la  zone  de\nchalandise et sur l'emploi \u00e0 l'\u00e9chelle de cette m\u00eame zone ;\nCONSIDERANT  que le pr\u00e9c\u00e9dent  arr\u00eat\u00e9 pr\u00e9fectoral  d'habilitation  du  26  septembre\n2019 sus-vis\u00e9 est valable jusqu'au 26 septembre 2024 ;\nSUR proposition de Monsieur le secr\u00e9taire g\u00e9n\u00e9ral de la Pr\u00e9fecture de la C\u00f4te-d'Or ;\nA R R E T E\nArticle 1er  : La soci\u00e9t\u00e9 CEDACOM sise 105 Bd Eurvin \u2013 62200 BOULOGNE-SUR-MER, est\nhabilit\u00e9e \u00e0 r\u00e9aliser les analyses d'impact pr\u00e9vues au III de l'article L.752-6 du code du\ncommerce, pour les projets d'am\u00e9nagement commerciaux situ\u00e9s dans le d\u00e9partement\nde la C\u00f4te-d'Or.\nArticle 2 : La pr\u00e9sente habilitation est accord\u00e9e pour une dur\u00e9e de cinq ans, \u00e0 compter\ndu 27 septembre 2024, sans renouvellement tacite. \nArticle 3  : En application du code de justice administrative et notamment des articles R.\n421-1 et R. 421-5, le pr\u00e9sent arr\u00eat\u00e9 peut, dans un d\u00e9lai de deux mois \u00e0 compter de sa\npublication, faire l'objet :\n- soit d'un recours gracieux, adress\u00e9e \u00e0 Monsieur le Pr\u00e9fet de C\u00f4te-d'Or, 53, rue de la\nPr\u00e9fecture \u2013 21041 Dijon Cedex ;\n- soit d'un recours hi\u00e9rarchique, adress\u00e9 \u00e0 Monsieur le Ministre de l'Int\u00e9rieur, Place Beauvau\n\u2013 75008 Paris Cedex 08 ;\n- soit d'un recours contentieux, en saisissant le Tribunal administratif de Dijon, 22, rue\nd'Assas \u2013 21000 Dijon ou t\u00e9l\u00e9recours citoyen.\nLes recours doivent \u00eatre adress\u00e9s par lettre recommand\u00e9e avec accus\u00e9 de r\u00e9ception.\nArticle  4  :  M.  le  secr\u00e9taire  g\u00e9n\u00e9ral  de  la  pr\u00e9fecture  de  la  C\u00f4te-d'Or  est  charg\u00e9  de\nl'ex\u00e9cution du pr\u00e9sent arr\u00eat\u00e9, qui sera publi\u00e9 au recueil des actes administratifs de la\npr\u00e9fecture de la C\u00f4te-d'Or et notifi\u00e9 \u00e0 M. Patrick DELPORTE, g\u00e9rant, et dont copie sera\nadress\u00e9e \u00e0 Mme la directrice d\u00e9partementale des territoires.\nFait \u00e0 Dijon, le\nLE PREFET,\nPour le pr\u00e9fet et par d\u00e9l\u00e9gation\nLe secr\u00e9taire g\u00e9n\u00e9ral\nSign\u00e9\nJohann MOUGENOT\n2/2\nPr\u00e9fecture de la C\u00f4te-d'Or - 21-2024-06-17-00013 - Arr\u00eat\u00e9 pr\u00e9fectoral n\u00b01014 du 17 juin 2024 portant habilitation de la SARL\nCEDACOM en application de l'article R752-6-3 du code du commerce pour la r\u00e9alisation de l'analyse d'impact des projets\nd'am\u00e9nagement commercial\n38\nPr\u00e9fecture de la C\u00f4te-d'Or\nDirection de la coordination, des politiques\npubliques et de l'appui territorial\n21-2024-06-17-00006\nArr\u00eat\u00e9 pr\u00e9fectoral n\u00b01015 du 17 juin 2024\nabrogeant l'arr\u00eat\u00e9 pr\u00e9fectoral n\u00b0589 du 31\noctobre 2019 portant habilitation de la SARL\nNOMINIS en application de l'article R752-6-3 du\ncode du commerce pour la r\u00e9alisation de\nl'analyse d'impact des projets d'am\u00e9nagement\ncommerciaux (HAI-21-07-2019-09-09) et l'arr\u00eat\u00e9\npr\u00e9fectoral n\u00b0862 du 4 novembre 2019 portant\nhabilitation de la SARL NOMINIS en application\ndes articles R752-44-2 et R752-44-3 du code du\ncommerce pour l'\u00e9tablissement des certificats\nde conformit\u00e9 des projets d'am\u00e9nagement\ncommerciaux (HCC-21-01-2019-10-11)\nPr\u00e9fecture de la C\u00f4te-d'Or - 21-2024-06-17-00006 - Arr\u00eat\u00e9 pr\u00e9fectoral n\u00b01015 du 17 juin 2024 abrogeant l'arr\u00eat\u00e9 pr\u00e9fectoral n\u00b0589 du\n31 octobre 2019 portant habilitation de la SARL NOMINIS en application de l'article R752-6-3 du code du commerce pour la\nr\u00e9alisation de l'analyse d'impact des projets d'am\u00e9nagement commerciaux (HAI-21-07-2019-09-09) et l'arr\u00eat\u00e9 pr\u00e9fectoral n\u00b0862 du 4\nnovembre 2019 portant habilitation de la SARL NOMINIS en application des articles R752-44-2 et R752-44-3 du code du commerce\npour l'\u00e9tablissement des certificats de conformit\u00e9 des projets d'am\u00e9nagement commerciaux (HCC-21-01-2019-10-11)\n39\nExPREFETDE LACOTE-D'ORLibert\u00e9Egalit\u00e9Fraternit\u00e9\nDIRECTION DE LA COORDINATION DES POLITIQUES\nPUBLIQUES ET DE L'APPUI TERRITORIAL\nP\u00f4le Environnement et Urbanisme\nArr\u00eat\u00e9 pr\u00e9fectoral n\u00b0 1015 du 17 juin 2024 abrogeant\nl'arr\u00eat\u00e9 pr\u00e9fectoral n\u00b0 589 du 31 octobre 2019 portant habilitation de la SARL NOMINIS en\napplication de l'article R.752-6-3 du code du commerce pour la r\u00e9alisation de l'analyse\nd'impact des projets d'am\u00e9nagement commerciaux (HAI-21-07-2019-09-09)\net l'arr\u00eat\u00e9 pr\u00e9fectoral n\u00b0 862 du 4 novembre 2019 portant habilitation de la SARL NOMINIS\nen application des articles R.752-44-2 et R752-44-3 du code du commerce pour\nl'\u00e9tablissement des certificats de conformit\u00e9 des projets d'am\u00e9nagement commerciaux\n(HCC-21-01-2019-10-11)\nPr\u00e9fet de la C\u00f4te-d'Or\nVU le courriel du 6 mai 2024 du cabinet PRAXIDEV informant de la fusion du cabinet\nNOMINIS avec le cabinet PRAXIDEV ;\nVU le registre national des entreprises indiquant que la SARL NOMINIS a \u00e9t\u00e9 radi\u00e9e le 31\nmars 2024 ;\nCONSID\u00c9RANT qu'il convient par cons\u00e9quent d'abroger l'habilitation n\u00b0 HAI-21-16-2019-10-\n31 et l'habilitation n\u00b0 HCC-21-02-2019-11-04  dont elle b\u00e9n\u00e9ficiait ;\nSUR proposition du secr\u00e9taire g\u00e9n\u00e9ral de la Pr\u00e9fecture de la C\u00f4te-d'Or ;\nARRETE\nArticle 1er : L'arr\u00eat\u00e9 pr\u00e9fectoral n\u00b0 589 du 31 octobre 2019 portant habilitation de la SARL\nNOMINIS en application de l'article R.752-6-3 du code du commerce pour la r\u00e9alisation de\nl'analyse  d'impact  des  projets  d'am\u00e9nagement  commerciaux  (HAI-21-16-2019-10-31)  et\nl'arr\u00eat\u00e9 pr\u00e9fectoral n\u00b0 862 du 4 novembre 2019 portant habilitation de la SARL NOMINIS\nen  application  des  articles  R.752-44-2  et  R752-44-3  du  code  du  commerce  pour\nl'\u00e9tablissement des certificats de conformit\u00e9 des projets d'am\u00e9nagement commerciaux\n(HCC-21-02-2019-11-04) sont abrog\u00e9s.\nArticle 2  : En application du code de justice administrative et notamment des articles R.\n421-1 et R. 421-5, le pr\u00e9sent arr\u00eat\u00e9 peut, dans un d\u00e9lai de deux mois \u00e0 compter de sa\npublication, faire l'objet :\n- soit d'un recours gracieux, adress\u00e9e \u00e0 Monsieur le Pr\u00e9fet de C\u00f4te-d'Or, 53, rue de la\nPr\u00e9fecture \u2013 21041 Dijon Cedex ;\n- soit d'un recours hi\u00e9rarchique, adress\u00e9 \u00e0 Monsieur le Ministre de l'Int\u00e9rieur, Place Beauvau\n\u2013 75008 Paris Cedex 08 ;\n1/2\nPr\u00e9fecture de la C\u00f4te-d'Or - 21-2024-06-17-00006 - Arr\u00eat\u00e9 pr\u00e9fectoral n\u00b01015 du 17 juin 2024 abrogeant l'arr\u00eat\u00e9 pr\u00e9fectoral n\u00b0589 du\n31 octobre 2019 portant habilitation de la SARL NOMINIS en application de l'article R752-6-3 du code du commerce pour la\nr\u00e9alisation de l'analyse d'impact des projets d'am\u00e9nagement commerciaux (HAI-21-07-2019-09-09) et l'arr\u00eat\u00e9 pr\u00e9fectoral n\u00b0862 du 4\nnovembre 2019 portant habilitation de la SARL NOMINIS en application des articles R752-44-2 et R752-44-3 du code du commerce\npour l'\u00e9tablissement des certificats de conformit\u00e9 des projets d'am\u00e9nagement commerciaux (HCC-21-01-2019-10-11)\n40\n- soit d'un recours contentieux, en saisissant le Tribunal administratif de Dijon, 22, rue\nd'Assas \u2013 21000 Dijon ou t\u00e9l\u00e9recours citoyen.\nLes recours doivent \u00eatre adress\u00e9s par lettre recommand\u00e9e avec accus\u00e9 de r\u00e9ception.\nArticle  3 :  M.  le  secr\u00e9taire  g\u00e9n\u00e9ral  de  la  pr\u00e9fecture  de  la  C\u00f4te-d'Or  est  charg\u00e9  de\nl'ex\u00e9cution du pr\u00e9sent arr\u00eat\u00e9, qui sera publi\u00e9 au recueil des actes administratifs de la\npr\u00e9fecture de la C\u00f4te d'Or.\nFait \u00e0 Dijon, le \n  \nLE PREFET,\nPour le pr\u00e9fet et par d\u00e9l\u00e9gation\nLe secr\u00e9taire g\u00e9n\u00e9ral\nSign\u00e9\nJohann MOUGENOT\n2/2\nPr\u00e9fecture de la C\u00f4te-d'Or - 21-2024-06-17-00006 - Arr\u00eat\u00e9 pr\u00e9fectoral n\u00b01015 du 17 juin 2024 abrogeant l'arr\u00eat\u00e9 pr\u00e9fectoral n\u00b0589 du\n31 octobre 2019 portant habilitation de la SARL NOMINIS en application de l'article R752-6-3 du code du commerce pour la\nr\u00e9alisation de l'analyse d'impact des projets d'am\u00e9nagement commerciaux (HAI-21-07-2019-09-09) et l'arr\u00eat\u00e9 pr\u00e9fectoral n\u00b0862 du 4\nnovembre 2019 portant habilitation de la SARL NOMINIS en application des articles R752-44-2 et R752-44-3 du code du commerce\npour l'\u00e9tablissement des certificats de conformit\u00e9 des projets d'am\u00e9nagement commerciaux (HCC-21-01-2019-10-11)\n41\nPr\u00e9fecture de la C\u00f4te-d'Or\nDirection de la coordination, des politiques\npubliques et de l'appui territorial\n21-2024-06-17-00010\nArr\u00eat\u00e9 pr\u00e9fectoral n\u00b0997 du 17 juin 2024 portant\nhabilitation de la SAS CABINET ALBERT &\nASSOCIES en application de l'article R752-6-3 du\ncode du commerce pour la r\u00e9alisation de\nl'analyse d'impact des projets d'am\u00e9nagement\ncommercial\nPr\u00e9fecture de la C\u00f4te-d'Or - 21-2024-06-17-00010 - Arr\u00eat\u00e9 pr\u00e9fectoral n\u00b0997 du 17 juin 2024 portant habilitation de la SAS CABINET\nALBERT & ASSOCIES en application de l'article R752-6-3 du code du commerce pour la r\u00e9alisation de l'analyse d'impact des projets\nd'am\u00e9nagement commercial\n42\nExPREFETDE LACOTE-D'ORLibert\u00e9Egalit\u00e9Fraternit\u00e9\nDIRECTION DE LA COORDINATION DES POLITIQUES\nPUBLIQUES ET DE L'APPUI TERRITORIAL\nP\u00f4le Environnement et Urbanisme\nArr\u00eat\u00e9 pr\u00e9fectoral n\u00b0 997 du 17 juin 2024\nportant habilitation de la SAS CABINET ALBERT & ASSOCIES en application de l'article\nR.752-6-3 du code du commerce pour la r\u00e9alisation de l'analyse d'impact des projets\nd'am\u00e9nagement commercial\nHabilitation n\u00b0 HAI-21-35-2024-06-17\nPr\u00e9fet de la C\u00f4te-d'Or\nVU le Code du Commerce, notamment les articles L752-6-III et R752-6-1 \u00e0 R752-6-3 ; \nVU la  loi  n\u00b0  2018-1021  du  23  novembre  2018  portant  \u00e9volution  du  logement,  de\nl'am\u00e9nagement et du num\u00e9rique, notamment son titre IV - article 163 ;\nVU le d\u00e9cret n\u00b0 2019-331 du 17 avril 2019 relatif \u00e0 la composition et au fonctionnement\ndes  commissions  d\u00e9partementales  d'am\u00e9nagement  commercial  et  aux  demandes\nd'autorisation d'exploitation commerciale ;\nVU l'arr\u00eat\u00e9  minist\u00e9riel  du  19  juin  2019  modifi\u00e9  fixant  le  contenu  du  formulaire  de\ndemande d'habilitation pour r\u00e9aliser l'analyse d'impact mentionn\u00e9e au III de l'article\nL.752-6 du code du commerce ;\nVU l'arr\u00eat\u00e9 pr\u00e9fectoral du 18 juillet 2019 habilitant le CABINET ALBERT & ASSOCIES\npour la r\u00e9alisation de l'analyse d'impact des projets d'am\u00e9nagement commercial pour\nune dur\u00e9e de 5 ans ;\nVU la demande d'habilitation formul\u00e9e par la SAS CABINET ALBERT & ASSOCIES, 8 rue\nJules  Verne  \u2013  59790  RONCHIN,  repr\u00e9sent\u00e9e  par  M.  Laurent  DOIGNIES,  Pr\u00e9sident\ndirecteur g\u00e9n\u00e9ral, re\u00e7ue le 19 avril 2024, pour r\u00e9aliser l'analyse d'impact des dossiers de\ndemande d'autorisation d'exploitation commerciale du d\u00e9partement de la C\u00f4te-d'Or ;\nVU le dossier produit \u00e0 l'appui de la demande susvis\u00e9e et les justificatifs joints ;\nCONSIDERANT que les extraits de casier judiciaire (bulletin n\u00b0 3) des repr\u00e9sentants\nl\u00e9gaux et des salari\u00e9s de la soci\u00e9t\u00e9 susvis\u00e9e charg\u00e9s de r\u00e9aliser les analyses d'impact sont\nvierges ;\nCONSIDERANT  que les personnes mentionn\u00e9es dans la demande d'habilitation, par\nlaquelle ou sous la responsabilit\u00e9 de laquelle seront r\u00e9alis\u00e9es les analyses d'impact sont\ntitulaires des dipl\u00f4mes requis ;\n1/2\nPr\u00e9fecture de la C\u00f4te-d'Or - 21-2024-06-17-00010 - Arr\u00eat\u00e9 pr\u00e9fectoral n\u00b0997 du 17 juin 2024 portant habilitation de la SAS CABINET\nALBERT & ASSOCIES en application de l'article R752-6-3 du code du commerce pour la r\u00e9alisation de l'analyse d'impact des projets\nd'am\u00e9nagement commercial\n43\nCONSIDERANT que la soci\u00e9t\u00e9 CABINET ALBERT & ASSOCIES dispose des moyens et\noutils  de  collecte  et  d'analyse  des  informations  relatives  aux  effets  d'un  projet\ncommercial  sur  l'animation  et  le  d\u00e9veloppement  \u00e9conomique  des  centres-villes  des\ncommunes de la zone de chalandise et sur l'emploi \u00e0 l'\u00e9chelle de cette m\u00eame zone ;\nCONSIDERANT que le pr\u00e9c\u00e9dent arr\u00eat\u00e9 pr\u00e9fectoral d'habilitation du 18 juillet 2019 sus-\nvis\u00e9 est valable jusqu'au 18 juillet 2024 ;\nSUR proposition de Monsieur le secr\u00e9taire g\u00e9n\u00e9ral de la Pr\u00e9fecture de la C\u00f4te-d'Or ;\nA R R E T E\nArticle 1er  : La soci\u00e9t\u00e9 CABINET ALBERT & ASSOCIES sise 8 rue Jules Verne \u2013 59790\nRONCHIN, est habilit\u00e9e \u00e0 r\u00e9aliser les analyses d'impact pr\u00e9vues au III de l'article L.752-6\ndu code du commerce, pour les projets d'am\u00e9nagement commerciaux situ\u00e9s dans le\nd\u00e9partement de la C\u00f4te-d'Or.\nArticle 2 : La pr\u00e9sente habilitation est accord\u00e9e pour une dur\u00e9e de cinq ans, \u00e0 compter\ndu 19 juillet 2024, sans renouvellement tacite. \nArticle 3  : En application du code de justice administrative et notamment des articles R.\n421-1 et R. 421-5, le pr\u00e9sent arr\u00eat\u00e9 peut, dans un d\u00e9lai de deux mois \u00e0 compter de sa\npublication, faire l'objet :\n- soit d'un recours gracieux, adress\u00e9e \u00e0 Monsieur le Pr\u00e9fet de C\u00f4te-d'Or, 53, rue de la\nPr\u00e9fecture \u2013 21041 Dijon Cedex ;\n- soit d'un recours hi\u00e9rarchique, adress\u00e9 \u00e0 Monsieur le Ministre de l'Int\u00e9rieur, Place Beauvau\n\u2013 75008 Paris Cedex 08 ;\n- soit d'un recours contentieux, en saisissant le Tribunal administratif de Dijon, 22, rue\nd'Assas \u2013 21000 Dijon ou t\u00e9l\u00e9recours citoyen.\nLes recours doivent \u00eatre adress\u00e9s par lettre recommand\u00e9e avec accus\u00e9 de r\u00e9ception.\nArticle  4  :  M.  le  secr\u00e9taire  g\u00e9n\u00e9ral  de  la  pr\u00e9fecture  de  la  C\u00f4te-d'Or  est  charg\u00e9  de\nl'ex\u00e9cution du pr\u00e9sent arr\u00eat\u00e9, qui sera publi\u00e9 au recueil des actes administratifs de la\npr\u00e9fecture de la C\u00f4te-d'Or et notifi\u00e9 \u00e0 M. Laurent DOIGNIES, Pr\u00e9sident, et dont copie\nsera adress\u00e9e \u00e0 Mme la directrice d\u00e9partementale des territoires.\nFait \u00e0 Dijon, le\nLE PREFET\nPour le pr\u00e9fet et par d\u00e9l\u00e9gation\nLe secr\u00e9taire g\u00e9n\u00e9ral\nSign\u00e9\nYohann MOUGENOT\n2/2\nPr\u00e9fecture de la C\u00f4te-d'Or - 21-2024-06-17-00010 - Arr\u00eat\u00e9 pr\u00e9fectoral n\u00b0997 du 17 juin 2024 portant habilitation de la SAS CABINET\nALBERT & ASSOCIES en application de l'article R752-6-3 du code du commerce pour la r\u00e9alisation de l'analyse d'impact des projets\nd'am\u00e9nagement commercial\n44\nPr\u00e9fecture de la C\u00f4te-d'Or\nDirection des Collectivit\u00e9s locales et des\nElections \n21-2024-06-18-00005\nArr\u00eat\u00e9 n\u00b0 994 instituant une commission de\ncontr\u00f4le des op\u00e9rations de vote pour les\n\u00e9lections l\u00e9gislatives des 30 juin et 7 juillet 2024\npour la ville de BEAUNE\nPr\u00e9fecture de la C\u00f4te-d'Or - 21-2024-06-18-00005 - Arr\u00eat\u00e9 n\u00b0 994 instituant une commission de contr\u00f4le des op\u00e9rations de vote pour\nles \u00e9lections l\u00e9gislatives des 30 juin et 7 juillet 2024 pour la ville de BEAUNE 45\nExPREFETDE LACOTE-D'ORLibert\u00e9Egalit\u00e9Fraternit\u00e9\nDirection des Collectivit\u00e9s Locales et des \u00c9lections\nBureau des \u00c9lections et de la R\u00e9glementation Dijon, le 18 juin 2024           \nArr\u00eat\u00e9 N\u00b0 994\nInstituant une commission de contr\u00f4le des op\u00e9rations de vote\npour les \u00e9lections l\u00e9gislatives des 30 juin et 7 juillet 2024 pour la ville de BEAUNE\nLe pr\u00e9fet de la r\u00e9gion Bourgogne-Franche-Comt\u00e9\nPr\u00e9fet de la C\u00f4te-d'Or\nVU le code \u00e9lectoral et notamment les articles L.85-1 et R.93-1 \u00e0 R.93-3 ;\nVU  le  d\u00e9cret n\u00b0 2024-527 du 9 juin 2024  portant convocation des \u00e9lecteurs pour l'\u00e9lection\ndes d\u00e9put\u00e9s \u00e0 l'Assembl\u00e9e Nationale ;\nVU  l'ordonnance du 14 juin 2024 d\u00e9signant les magistrats et auxiliaires de justice appel\u00e9s \u00e0\ncomposer la commission de contr\u00f4le des op\u00e9rations de vote de la Premi\u00e8re Pr\u00e9sidente de la\nCour d'Appel de Dijon portant d\u00e9signation des membres de la commission de contr\u00f4le du\nd\u00e9partement de la C\u00f4te d'Or pour les \u00e9lections l\u00e9gislatives 2024,\nSUR proposition du Secr\u00e9taire G\u00e9n\u00e9ral de la Pr\u00e9fecture de la C\u00f4te d'Or ;\nPr\u00e9fecture de la C\u00f4te-d'Or - 21041 DIJON Cedex\nT\u00e9l\u00e9phone : 03.80.44.65.43 \nPr\u00e9fecture de la C\u00f4te-d'Or - 21-2024-06-18-00005 - Arr\u00eat\u00e9 n\u00b0 994 instituant une commission de contr\u00f4le des op\u00e9rations de vote pour\nles \u00e9lections l\u00e9gislatives des 30 juin et 7 juillet 2024 pour la ville de BEAUNE 46\nA R R E T E\nArticle  1 er : Il est  institu\u00e9  une  commission  de  contr\u00f4le  des  op\u00e9rations  de  vote  qui  se\nd\u00e9rouleront dans la ville de  BEAUNE \u00e0 l'occasion des \u00e9lections  l\u00e9gislatives des 30 juin et 7\njuillet 2024.\nArticle 2 : Cette commission est compos\u00e9e pour le 1er tour de scrutin du 30 juin 2024  comme\nsuit :\nPr\u00e9sident :\nTit  ulaire   : Madame Catherine PERTUISOT,  Premi\u00e8re vice-pr\u00e9sidente ;\nSuppl\u00e9ant  e   : Madame Aline CALANDRI, Vice-Pr\u00e9sidente ;\nMembre : \nTitulaire : Ma\u00eetre Christophe ABEL, Commissaire de justice ;\nSuppl\u00e9ant  e   : Ma\u00eetre Magali ALBERT, Commissaire de justice  ;\nSecr\u00e9taire     :  \nMadame La\u00efla BENJDIR, attach\u00e9 d'administration \u00e0 la Sous-Pr\u00e9fecture de Beaune.\nArticle  3 :  Cette commission est compos\u00e9e  pour le 2\u00e8me tour de scrutin du 7 juillet 2024\nainsi qu'il suit :\nPr\u00e9sident :\nTitulaire : Monsieur Odile LEGRAND, Premi\u00e8re vice-pr\u00e9sidente\nS  uppl\u00e9ant  e   : Monsieur Herv\u00e9 BENETON, Vice-pr\u00e9sident ;\nMembre : \nTitulaire : Ma\u00eetre Magali ALBERT, Commissaire de justice;\nSuppl\u00e9ant : Ma\u00eetre Christophe ABEL, Commissaire de justice ;\nSecr\u00e9taire :\nMonsieur  Laurent  BOILLEE,  attach\u00e9  d'administration  hors  classe  \u00e0  la  Sous-Pr\u00e9fecture  de\nBeaune.\nArticle 4 : La commission sera install\u00e9e \u00e0 la diligence de son pr\u00e9sident au plus tard le mercredi\n26 juin 2024. Son si\u00e8ge est fix\u00e9 \u00e0 la Sous-Pr\u00e9fecture de Beaune.\nArticle  5 :  La  commission  peut  s'adjoindre  des  d\u00e9l\u00e9gu\u00e9s  choisis  parmi  les  \u00e9lecteurs  du\nd\u00e9partement.\nArticle 6 : Le Secr\u00e9taire G\u00e9n\u00e9ral de la Pr\u00e9fecture de la C\u00f4te d'Or est charg\u00e9 de l'ex\u00e9cution du\npr\u00e9sent  arr\u00eat\u00e9  qui  sera  notifi\u00e9  au  Maire  de  BEAUNE  et  publi\u00e9  au r ecueil  des  actes\nadministratifs de la Pr\u00e9fecture de la C\u00f4te d'Or \u00e0 l'adresse www.cote-dor.gouv.fr. \nLe Pr\u00e9fet,\n Sign\u00e9 Franck ROBINE\nPr\u00e9fecture de la C\u00f4te-d'Or - 21041 DIJON Cedex\nT\u00e9l\u00e9phone : 03.80.44.65.43 \nPr\u00e9fecture de la C\u00f4te-d'Or - 21-2024-06-18-00005 - Arr\u00eat\u00e9 n\u00b0 994 instituant une commission de contr\u00f4le des op\u00e9rations de vote pour\nles \u00e9lections l\u00e9gislatives des 30 juin et 7 juillet 2024 pour la ville de BEAUNE 47\nPr\u00e9fecture de la C\u00f4te-d'Or\nDirection des Collectivit\u00e9s locales et des\nElections \n21-2024-06-18-00006\nArr\u00eat\u00e9 n\u00b0 995 instituant une commission de\ncontr\u00f4le des op\u00e9rations de vote pour les\n\u00e9lections l\u00e9gislatives des 30 juin et 7 juillet 2024\npour la ville de DIJON\nPr\u00e9fecture de la C\u00f4te-d'Or - 21-2024-06-18-00006 - Arr\u00eat\u00e9 n\u00b0 995 instituant une commission de contr\u00f4le des op\u00e9rations de vote pour\nles \u00e9lections l\u00e9gislatives des 30 juin et 7 juillet 2024 pour la ville de DIJON 48\nExPREFETDE LACOTE-D'ORLibert\u00e9Egalit\u00e9Fraternit\u00e9\nDirection des Collectivit\u00e9s Locales et des \u00c9lections\nBureau des \u00c9lections et de la R\u00e9glementation Dijon, le 18 juin 2024           \nArr\u00eat\u00e9 N\u00b0 995\n        Instituant une commission de contr\u00f4le des op\u00e9rations de vote pour les \u00e9lections\nl\u00e9gislatives des 30 juin et 7 juillet 2024 pour la ville de DIJON\nLe pr\u00e9fet de la r\u00e9gion Bourgogne-Franche-Comt\u00e9\nPr\u00e9fet de la C\u00f4te-d'Or\nVU le code \u00e9lectoral et notamment les articles L.85-1 et R.93-1 \u00e0 R.93-3  ;\nVU le d\u00e9cret n\u00b0 2024-527 du 9 juin 2024  portant convocation des \u00e9lecteurs pour l'\u00e9lection\ndes d\u00e9put\u00e9s \u00e0 l'Assembl\u00e9e Nationale ;\nVU l'ordonnance du 14 juin 2024 d\u00e9signant les magistrats et auxiliaires de justice appel\u00e9s \u00e0\ncomposer la commission de contr\u00f4le des op\u00e9rations de vote de la Premi\u00e8re Pr\u00e9sidente de la\nCour d'Appel de Dijon portant d\u00e9signation des membres de la commission de contr\u00f4le du\nd\u00e9partement de la C\u00f4te d'Or pour les \u00e9lections l\u00e9gislatives 2024,\nSUR proposition du Secr\u00e9taire G\u00e9n\u00e9ral de la Pr\u00e9fecture de la C\u00f4te d'Or  ;\nA R R E T E\nArticle  1er \u2013  Il est  institu\u00e9  une  commission  de  contr\u00f4le  des  op\u00e9rations  de  vote  qui  se\nd\u00e9rouleront dans la ville de DIJON \u00e0 l'occasion des \u00e9lections l\u00e9gislatives des 30 juin et 7 juillet\n2024.\nPr\u00e9fecture de la C\u00f4te-d'Or - 21041 DIJON Cedex\nT\u00e9l\u00e9phone : 03.80.44.65.43 \nPr\u00e9fecture de la C\u00f4te-d'Or - 21-2024-06-18-00006 - Arr\u00eat\u00e9 n\u00b0 995 instituant une commission de contr\u00f4le des op\u00e9rations de vote pour\nles \u00e9lections l\u00e9gislatives des 30 juin et 7 juillet 2024 pour la ville de DIJON 49\nArticle 2 : Cette commission est compos\u00e9e pour le 1er tour de scrutin du 30 juin 2024  comme\nsuit :\nPr\u00e9sident :\nTitulaire     : Monsieur Jean-Philippe CHAMPION, Vice-pr\u00e9sident ;\nSuppl\u00e9ant  e   : Madame H\u00e9l\u00e8ne CELLIER, Vice-Pr\u00e9sidente ;\n Membre : \nTitulaire : Ma\u00eetre Anthony TRUCHY, Avocat ;\nSuppl\u00e9ant  e   : Ma\u00eetre Alexia GIRE, Avocate ;\nSecr\u00e9taire     :  \nMonsieur Thierry BRULE, attach\u00e9 d'administration \u00e0 la Pr\u00e9fecture de C\u00f4te-d'Or.\nArticle  3 :  Cette commission est compos\u00e9e  pour le 2\u00e8me tour de scrutin du 7 juillet 2024\nainsi qu'il suit :\nPr\u00e9sident :\nTitulaire : Madame Aude RICHARD, Vice-pr\u00e9sidente ;\nS  uppl\u00e9ant  e   : Monsieur Benoit GRANDEL, Vice-pr\u00e9sident ;\n     Membre : \nTitulaire : Ma\u00eetre Anthony TRUCHY, Avocat ;\nSuppl\u00e9ant  e   : Ma\u00eetre Alexia GIRE, Avocate ;\n    Secr\u00e9taire :\nMonsieur Thierry BRULE, attach\u00e9 d'administration \u00e0 la Pr\u00e9fecture de C\u00f4te-d'Or.\nArticle  4 :  La  commission  sera  install\u00e9e  \u00e0  la  diligence  de  son  pr\u00e9sident  au  plus  tard  le\nmercredi 26 juin 2024. Son si\u00e8ge est fix\u00e9 \u00e0 la Pr\u00e9fecture de la C\u00f4te d'Or \u00e0 Dijon.\nArticle  5 :  La  commission  peut  s'adjoindre  des  d\u00e9l\u00e9gu\u00e9s  choisis  parmi  les  \u00e9lecteurs  du\nd\u00e9partement.\nArticle 6 : Le Secr\u00e9taire G\u00e9n\u00e9ral de la Pr\u00e9fecture de la C\u00f4te d'Or est charg\u00e9 de l'ex\u00e9cution du\npr\u00e9sent arr\u00eat\u00e9 qui sera notifi\u00e9 au Maire de DIJON et publi\u00e9 au recueil des actes administratifs\nde la Pr\u00e9fecture de la C\u00f4te d'Or \u00e0 l'adresse www.cote-dor.gouv.fr.\nLe Pr\u00e9fet,\nSign\u00e9        Franck ROBINE\nPr\u00e9fecture de la C\u00f4te-d'Or - 21041 DIJON Cedex\nT\u00e9l\u00e9phone : 03.80.44.65.43 \nPr\u00e9fecture de la C\u00f4te-d'Or - 21-2024-06-18-00006 - Arr\u00eat\u00e9 n\u00b0 995 instituant une commission de contr\u00f4le des op\u00e9rations de vote pour\nles \u00e9lections l\u00e9gislatives des 30 juin et 7 juillet 2024 pour la ville de DIJON 50\nPr\u00e9fecture de la C\u00f4te-d'Or\nDirection des Collectivit\u00e9s locales et des\nElections \n21-2024-06-18-00007\nArr\u00eat\u00e9 n\u00b0 996 instituant une commission de\nrecensement des votes pour les \u00e9lections\nl\u00e9gislatives des 30 juin et 7 juillet 2024\nPr\u00e9fecture de la C\u00f4te-d'Or - 21-2024-06-18-00007 - Arr\u00eat\u00e9 n\u00b0 996 instituant une commission de recensement des votes pour les\n\u00e9lections l\u00e9gislatives des 30 juin et 7 juillet 2024 51\nExPREFETDE LACOTE-D'ORLibert\u00e9Egalit\u00e9Fraternit\u00e9\nDirection des Collectivit\u00e9s Locales et des \u00c9lections\nBureau des \u00c9lections et de la R\u00e9glementation                        Dijon, le 18 juin 2024          \nArr\u00eat\u00e9 N\u00b0 996\nInstituant une commission de recensement des votes \npour les \u00e9lections l\u00e9gislatives des 30 juin et 7 juillet 2024 \nLe pr\u00e9fet de la r\u00e9gion Bourgogne-Franche-Comt\u00e9\nPr\u00e9fet de la C\u00f4te-d'Or\nVU le code \u00e9lectoral et notamment les articles L.175 et R.107 \u00e0 R.109 ;\nVU le d\u00e9cret n\u00b0 2024-527 du 9 juin 2024 portant convocation des \u00e9lecteurs pour l'\u00e9lection\ndes d\u00e9put\u00e9s \u00e0 l'Assembl\u00e9e Nationale ;\nVU  l'ordonnance du 14 juin 2024 d\u00e9signant les magistrats et auxiliaires de justice appel\u00e9s \u00e0\ncomposer la commission de contr\u00f4le des op\u00e9rations de vote de la Premi\u00e8re Pr\u00e9sidente de la\nCour d'Appel de Dijon portant d\u00e9signation des membres de la commission de contr\u00f4le du\nd\u00e9partement de la C\u00f4te d'Or pour les \u00e9lections l\u00e9gislatives 2024,\nSUR proposition du Secr\u00e9taire G\u00e9n\u00e9ral de la Pr\u00e9fecture de la C\u00f4te d'Or ;\nA R R E T E\nArticle 1er : Il est institu\u00e9 une commission de recensement des votes \u00e0 l'occasion des \u00e9lections\nl\u00e9gislatives qui se d\u00e9rouleront les 30 juin et 7 juillet 2024.\nArticle 2 : Cette commission est compos\u00e9e pour le 1er tour de scrutin du 30 juin 2024  comme\nsuit :\nPr\u00e9sident :\nTitulaire : Madame Nathalie POUX ARNAUD, Pr\u00e9sidente du tribunal judiciaire de Dijon ;\nSuppl\u00e9ant  e   : Madame Audrey MATHIAS, Vice-Pr\u00e9sidente du tribunal judiciaire de Dijon;\nPr\u00e9fecture de la C\u00f4te-d'Or - 21041 DIJON Cedex\nT\u00e9l\u00e9phone : 03.80.44.65.43 \nPr\u00e9fecture de la C\u00f4te-d'Or - 21-2024-06-18-00007 - Arr\u00eat\u00e9 n\u00b0 996 instituant une commission de recensement des votes pour les\n\u00e9lections l\u00e9gislatives des 30 juin et 7 juillet 2024 52\nMembre : \nTitulaire : Monsieur Charles BARRIERE, Conseiller d\u00e9partemental ;\nSuppl\u00e9ant : Madame Viviane VUILLERMOT, Conseill\u00e8re d\u00e9partementale ;\nFonctionnaire d\u00e9sign\u00e9 par le Pr\u00e9fet     :\nTitulaire : Monsieur Jean-Luc MILANI, Directeur des Collectivit\u00e9s Locales et des \u00c9lections ;\nSuppl\u00e9ant  e     : Madame Claire BROUSSE, Attach\u00e9e d'administration \u00e0 la pr\u00e9fecture de la C\u00f4te-\nd'Or.\nArticle  3 :  Cette commission est compos\u00e9e  pour le 2\u00e8me tour de scrutin du 7 juillet 2024\nainsi qu'il suit :\nPr\u00e9sident :\nTitulaire : Monsieur Nicolas BOLLON, Vice-pr\u00e9sident du tribunal judiciaire de Dijon ;\nS  uppl\u00e9ant   : Madame Chlo\u00e9 GARNIER, Vice-pr\u00e9sidente du tribunal judiciaire de Dijon ;\n Membre : \nTitulaire : Madame Viviane VUILLERMOT, Conseill\u00e8re d\u00e9partementale ;\nSuppl\u00e9ant : Monsieur Charles BARRIERE, Conseiller d\u00e9partemental ;\nFonctionnaire d\u00e9sign\u00e9 par le Pr\u00e9fet     :\nTitulaire : Monsieur Jean-Luc MILANI, Directeur des Collectivit\u00e9s Locales et des \u00c9lections ;\nSuppl\u00e9ant  e     : Madame Claire BROUSSE, Attach\u00e9e d'administration \u00e0 la pr\u00e9fecture de la C\u00f4te\nd'Or.\nArticle 4 : Les travaux de c ette commission s'effectueront les dimanches 30 juin et 7 juillet\n2024 \u00e0 partir de minuit jusqu'\u00e0 la fin des op\u00e9rations de recensement, dans l a salle ERIGNAC\n\u00e0 la Pr\u00e9fecture, Cit\u00e9 DAMPIERRE \u2013 6 Rue Chancelier de l' Hospital \u00e0 Dijon pour se poursuivre\nles lundis matins 1er et 8 juillet afin de finaliser le proc\u00e8s-verbal de recensement des r\u00e9sultats. \nArticle 5 : Les travaux de la commission ne sont pas publics, mais un repr\u00e9sentant de chacun\ndes candidats r\u00e9guli\u00e8rement mandat\u00e9s peut y assister.\nArticle 6 : Les r\u00e9sultats seront proclam\u00e9s publiquement \u00e0 l'issue des travaux de recensement\ndes votes \u00e0 la Pr\u00e9fecture, Cit\u00e9 Dampierre, Salle ERIGNAC, 6 Rue Chancelier de l'Hospital \u00e0\nDijon.\nArticle 7 : Le Secr\u00e9taire G\u00e9n\u00e9ral de la Pr\u00e9fecture de la C\u00f4te d'Or est charg\u00e9 de l'ex\u00e9cution du\npr\u00e9sent arr\u00eat\u00e9 qui sera publi\u00e9 au Recueil des Actes Administratifs de la Pr\u00e9fecture de la C\u00f4te-\nd'Or.\nLe Pr\u00e9fet,\n    Sign\u00e9       Franck ROBINE      \nPr\u00e9fecture de la C\u00f4te-d'Or - 21041 DIJON Cedex\nT\u00e9l\u00e9phone : 03.80.44.65.43 \nPr\u00e9fecture de la C\u00f4te-d'Or - 21-2024-06-18-00007 - Arr\u00eat\u00e9 n\u00b0 996 instituant une commission de recensement des votes pour les\n\u00e9lections l\u00e9gislatives des 30 juin et 7 juillet 2024 53\nPr\u00e9fecture de la C\u00f4te-d'Or\nDirection des s\u00e9curit\u00e9s\n21-2024-06-20-00003\nArr\u00eat\u00e9 pr\u00e9fectoral portant autorisation de\nsurveillance exceptionnelle sur la voie publique -\nCommune de Beaune\nPr\u00e9fecture de la C\u00f4te-d'Or - 21-2024-06-20-00003 - Arr\u00eat\u00e9 pr\u00e9fectoral portant autorisation de surveillance exceptionnelle sur la voie\npublique - Commune de Beaune 54\nExPREFETDE LACOTE-D'ORLibert\u00e9Egalit\u00e9Fraternit\u00e9\nDIRECTION DES S\u00c9CURIT\u00c9S\nBureau D\u00e9fense et S\u00e9curit\u00e9\nARR\u00caT\u00c9 PR\u00c9FECTORAL N\u00b01032\nportant autorisation de surveillance exceptionnelle sur la voie publique\nLe Pr\u00e9fet de la C\u00f4te-d'Or\nVU le code de la s\u00e9curit\u00e9 int\u00e9rieure et notamment son article L613-1 ;\nVU le d\u00e9cret n\u00b0 2004-374 du 29 avril 2004 relatif aux pouvoirs des pr\u00e9fets, \u00e0 l'organisation et\n\u00e0 l'action des services de l'Etat dans les r\u00e9gions et d\u00e9partements ;\nVU l'arr\u00eat\u00e9  pr\u00e9fectoral  n\u00b0148/SG  du  18  janvier  2024  donnant  d\u00e9l\u00e9gation  de  signature  \u00e0\nM.  Olivier  GERSTL\u00c9,  sous-pr\u00e9fet,  directeur  de cabinet  du  pr\u00e9fet de la r\u00e9gion Bourgogne-\nFranche-Comt\u00e9, pr\u00e9fet de la C\u00f4te-d'Or ;\nVU la demande pr\u00e9sent\u00e9e par la direction de la s\u00e9curit\u00e9 et de la r\u00e9glementation de la mairie\nde Beaune (21200) pour une autorisation de surveillance de la voie publique, par la soci\u00e9t\u00e9 de\ns\u00e9curit\u00e9 priv\u00e9e SARI s\u00e9curit\u00e9 ;\nVU le bon de commande pass\u00e9 par la mairie de Beaune pour la mise en place d'un service de\ns\u00e9curit\u00e9 par la soci\u00e9t\u00e9 SARI s\u00e9curit\u00e9 dans le cadre de l'op\u00e9ration s\u00e9curisation \u00e9t\u00e9 2024  ;\nVU l'autorisation d'exercer N\u00b0AUT-021-2118-10-16-20190456001 d\u00e9livr\u00e9 le 17 octobre 2019 \u00e0 la\nsoci\u00e9t\u00e9 SARI s\u00e9curit\u00e9 par le conseil national des activit\u00e9s priv\u00e9es de s\u00e9curit\u00e9 ;\nVU le rapport de la direction interd\u00e9partementale de la police nationale \u2013 circonscription de\nBeaune du 18 juin 2024 ;\nCONSID\u00c9RANT la pr\u00e9gnance de la menace terroriste sur le territoire national et la forte\nattractivit\u00e9  touristique  de  la  ville  de  Beaune  avec  la  multiplicit\u00e9  des  \u00e9v\u00e8nements\nd'importance  \u00e0  venir  durant  la  p\u00e9riode  estivale  notamment  la  f\u00eate  de  la  musique,  les\n\u00e9lections l\u00e9gislatives, le relais de la flamme olympique, les c\u00e9r\u00e9monies patriotiques ou encore\nle feu d'artifice ;\nCONSID\u00c9RANT que la pr\u00e9sence d'une soci\u00e9t\u00e9 priv\u00e9e serait un compl\u00e9ment au dispositif de\nsurveillance de la ville assur\u00e9e par la circonscription de la police nationale de Beaune  ;\nPr\u00e9fecture de la C\u00f4te-d'Or - Direction des s\u00e9curit\u00e9s \u2013 53 rue de la pr\u00e9fecture \u2013 21041 Dijon cedex\nT\u00e9l. 03.80.44.64.00 - Mel : pref-polices-administratives@cote-dor.gouv.fr\nPr\u00e9fecture de la C\u00f4te-d'Or - 21-2024-06-20-00003 - Arr\u00eat\u00e9 pr\u00e9fectoral portant autorisation de surveillance exceptionnelle sur la voie\npublique - Commune de Beaune 55\nCONSID\u00c9RANT  que  les circonstances locales justifient la pr\u00e9sence de gardiens sur la voie\npublique  pour  assurer  la  surveillance  dans  les  secteurs,  aux  dates,  heures  et  conditions\nd\u00e9termin\u00e9s \u00e0 l'article 1er ;\nSUR proposition  du  sous-pr\u00e9fet,  directeur  de  cabinet  du  Pr\u00e9fet  de  la  r\u00e9gion  Bourgogne\nFranche-Comt\u00e9 ;\nARR\u00caTE\nArticle 1er : Est autoris\u00e9e la mise en place temporaire d'agents de s\u00e9curit\u00e9 priv\u00e9s de la soci\u00e9t\u00e9\nSARI s\u00e9curit\u00e9, sur la voie publique de 18h00 \u00e0 23h00, aux dates suivantes :\n- vendredi 21 et samedi 22 juin 2024\n- vendredi 28 et samedi 29 juin 2024\n- vendredi 5 et samedi 6 juillet 2024\n- vendredi 12 et samedi 13 juillet 2024\n- vendredi 19 et samedi 20 juillet 2024\n- vendredi 26 et samedi 27 juillet 2024\n- vendredi 2 et samedi 3 ao\u00fbt 2024\n- vendredi 9 et samedi 10 ao\u00fbt 2024\n- vendredi 16 et samedi 17 ao\u00fbt 2024\n- vendredi 23 et samedi 24 ao\u00fbt 2024\n- vendredi 30 et samedi 31 ao\u00fbt 2024\n- vendredi 6 et samedi 7 septembre 2024\n- vendredi 13 et samedi 14 septembre 2024\nArticle  2 :  Cette  surveillance  sera  assur\u00e9e  \u00e0  proximit\u00e9  des  sites  et  b\u00e2timents  publics\ncommunaux suivants :\n- porte Saint-Nicolas\n- basilique Notre-Dame et Mus\u00e9e du Vin\n- square des Lions\n- place de la Halle\n- place Carnot\n- rue du tribunal\n- rue d'Alsace\n- parking Saint-Etienne\n- parking des Chanceliers\n- centre social du quartier ''Saint-Jacques''\nArticle 3 : Cette surveillance sera assur\u00e9e par des agents de s\u00e9curit\u00e9 d\u00e9tenteurs de leur carte\nprofessionnelle et pour lesquels la soci\u00e9t\u00e9 SARI s\u00e9curit\u00e9 s'engage \u00e0 v\u00e9rifier les aptitudes et\nhabilitations.\nPr\u00e9fecture de la C\u00f4te-d'Or - 21-2024-06-20-00003 - Arr\u00eat\u00e9 pr\u00e9fectoral portant autorisation de surveillance exceptionnelle sur la voie\npublique - Commune de Beaune 56\nArticle 4 : Les agents de s\u00e9curit\u00e9 vis\u00e9s \u00e0 l'article 3 ne pourront pas \u00eatre arm\u00e9s.\nArticle  5 :  Toute  modification  ou  changement  portant  aussi  bien  sur  les  horaires  de\nsurveillance, les lieux \u00e0 surveiller, l'entreprise de surveillance elle-m\u00eame, devra \u00eatre port\u00e9\nimm\u00e9diatement \u00e0 la connaissance de la pr\u00e9fecture.\nArticle  6 : La pr\u00e9sente autorisation pourra \u00eatre retir\u00e9e \u00e0 tout moment si les n\u00e9cessit\u00e9s de\nl'ordre public le justifient ou si les conditions d\u00e9finies dans la demande et dans le pr\u00e9sent\narr\u00eat\u00e9 cessent d'\u00eatre remplies. Elle prendra fin \u00e0 l'expiration de la mission mentionn\u00e9e aux\narticles 1 et 2.\nArticle 7 : Le pr\u00e9sent arr\u00eat\u00e9 sera publi\u00e9 au recueil des actes administratifs de la Pr\u00e9fecture de\nla C\u00f4te-d'Or, notifi\u00e9 \u00e0 Monsieur  le  directeur interd\u00e9partemental de la police national, \u00e0 la\nmairie de Beaune et \u00e0 la soci\u00e9t\u00e9 de surveillance et gardiennage SARI s\u00e9curit\u00e9.\n                                            Fait \u00e0 Dijon, le 20 juin 2024\nLe pr\u00e9fet,\nPour le pr\u00e9fet et par d\u00e9l\u00e9gation,\nLe directeur de cabinet,\nOriginal sign\u00e9\nOlivier GERSTL\u00c9\nD\u00c9LAIS ET VOIES DE RECOURS\nLe pr\u00e9sent arr\u00eat\u00e9 peut \u00eatre contest\u00e9 selon les voies de recours et dans les d\u00e9lais mentionn\u00e9s ci-dessous.\nDans les deux mois \u00e0 compter de la notification du pr\u00e9sent arr\u00eat\u00e9, les recours suivants peuvent \u00eatre introduits :\n-  un  recours  gracieux adress\u00e9  \u00e0 :  Pr\u00e9fecture  de  la  C\u00f4te-d'Or  -  Direction  des  S\u00e9curit\u00e9s  -  Bureau  de  la  d\u00e9fense  et  de  la  s\u00e9curit\u00e9  \u2013  Polices\nadministratives - 53 rue de la Pr\u00e9fecture - 21041 Dijon Cedex\n- un recours hi\u00e9rarchique adress\u00e9 \u00e0 M. le Ministre de l'Int\u00e9rieur et des Outre-Mer - Secr\u00e9tariat G\u00e9n\u00e9ral - Place Beauvau -75800 Paris Cedex 08\n- un recours contentieux adress\u00e9 au Tribunal Administratif de Dijon - 22 rue d'Assas - BP 61616 - 21016 Dijon Cedex\nLe  tribunal  administratif  peut  \u00eatre  saisi  par  un  recours  d\u00e9pos\u00e9  via  l'application  T\u00e9l\u00e9recours  citoyens  accessible  par  le  site  internet\nwww.t\u00e9l\u00e9recours.fr. Ce recours juridictionnel doit \u00eatre d\u00e9pos\u00e9 au plus tard avant l'expiration du 2 e mois suivant la date de notification de la\nd\u00e9cision contest\u00e9e (ou bien du 2e mois suivant la date du rejet du recours gracieux ou hi\u00e9rarchique).\nPr\u00e9fecture de la C\u00f4te-d'Or - Direction des s\u00e9curit\u00e9s \u2013 53 rue de la pr\u00e9fecture \u2013 21041 Dijon cedex\nT\u00e9l. 03.80.44.64.00 - Mel : pref-polices-administratives@cote-dor.gouv.fr\nPr\u00e9fecture de la C\u00f4te-d'Or - 21-2024-06-20-00003 - Arr\u00eat\u00e9 pr\u00e9fectoral portant autorisation de surveillance exceptionnelle sur la voie\npublique - Commune de Beaune 57","date":"2024-06-21","first_seen_on":"2025-09-14T12:55:41+00:00","id":"9a72954d60d74b59fcd6b5a1e9448fed8de9505024574805d0112643c8d82ed6","name":"RAA n\u00b0 075 du 21 juin 2024","pdf_creation_date":"2024-06-21T14:04:30+00:00","pdf_modification_date":null,"timezone":"Europe/Paris","url":"https://www.cote-dor.gouv.fr/contenu/telechargement/21659/165789/file/recueil-21-2024-075-recueil-des-actes-administratifs-special.pdf"}
