{"administration":"pref83","administration_name":"Pr\u00e9fecture du Var","content":"VAR\nRECUEIL DES ACTES\nADMINISTRATIFS\nN\u00b083-2025-266\nPUBLI\u00c9 LE  7 AO\u00dbT 2025\nSommaire\nDirection d\u00e9partementale de l'emploi, du travail et des solidarit\u00e9s du Var\n/ Direction de la DDETS\n83-2025-08-05-00012 - 577-2025-DecisionRenonciation D2460860\nCHRISTOPHE VALENTIN du 050825 (1 page) Page 4\n83-2025-08-06-00001 - 578-2025-recepisse declaration SPADA VICENTE du\n060825 (1 page) Page 6\n83-2025-08-06-00002 - 580-2025-recepisse declaration GRANI FITNA du\n060825 (1 page) Page 8\n83-2025-08-06-00003 - 581-2025-recepisse declaration MUELLER MARIE\nLAURE du 06082025 (1 page) Page 10\nDirection d\u00e9partementale des territoires et de la mer du Var / Service\nagriculture et for\u00eat de la DDTM\n83-2025-08-07-00001 - D\u00e9cision pr\u00e9fectorale relative au retrait de\nl'agr\u00e9ment du \nGroupement Agricole d'Exploitation en Commun\n(GAEC) concernant le\nGAEC LA FROMAGERIE DES MAURES n\u00b0\n83-2022-007 (2 pages) Page 12\nDirection d\u00e9partementale des territoires et de la mer du Var / Service eau\net biodiversit\u00e9 de la DDTM\n83-2025-08-04-00003 - ARR\u00caT\u00c9 PR\u00c9FECTORAL n\u00b0\nDDTM/SEBIO/2025-103 du 04 ao\u00fbt 2025 portant prorogation\nd'autorisation au titre de l'article L.214-1 du Code de\nl'Environnement  Communes du Lavandou et du Rayol-Canadel (3 pages) Page 15\nPr\u00e9fecture du VAR / Direction de la citoyennet\u00e9 et de la l\u00e9galit\u00e9\n83-2025-08-07-00008 - ARR\u00caT\u00c9 PR\u00c9FECTORAL N\u00b0 DCL-BFL-2025-165\net son annexe, du 7 ao\u00fbt 2025\nPortant versement de la dotation de\ncompensation des taxes additionnelles \u00e0 la taxe\nfonci\u00e8re sur les\npropri\u00e9t\u00e9s b\u00e2ties (TFPB) et \u00e0 la cotisation fonci\u00e8re des entreprises\n(CFE) pour\nle syndicat de communes SILIAT\n- Ann\u00e9e 2025 - (3 pages) Page 19\n83-2025-08-07-00009 - ARRETE PREFECTORAL N\u00b0 DCL-BFL-2025-166 et son\nannexe, du 7 ao\u00fbt 2025\nPortant versement de la dotation de\ncompensation des taxes additionnelles \u00e0 la taxe\nfonci\u00e8re sur les\npropri\u00e9t\u00e9s b\u00e2ties et \u00e0 la cotisation fonci\u00e8re des entreprises\naux\n\u00e9tablissements publics de coop\u00e9ration intercommunale \u00e0\nfiscalit\u00e9 propre du Var ayant\ninstitu\u00e9 la taxe pour la gestion des\nmilieux aquatiques et la pr\u00e9vention des inondations\n2 GEMAPI 6 -\nAnn\u00e9e 2025 (3 pages) Page 23\n83-2025-08-07-00007 - ARR\u00caT\u00c9 PR\u00c9FECTORAL n\u00b0 DCL/BFL/2025-167\ndu 7 ao\u00fbt 2025\nrelatif \u00e0 la dotation g\u00e9n\u00e9rale de d\u00e9centralisation\nvers\u00e9e au titre de l'am\u00e9nagement,\nde l'entretien et de la\ngestion des a\u00e9rodromes\nExercice 2025 (2 pages) Page 27\n2\nPr\u00e9fecture du VAR / Direction de la coordination des politiques publiques\net de l'appui territorial\n83-2025-08-07-00010 - Arr\u00eat\u00e9 pr\u00e9fectoral du 7 ao\u00fbt 2025 portant\nmise en demeure \u00c9lectricit\u00e9 de France Hydro-M\u00e9diterran\u00e9e de\nrespecter, sur le barrage de Quinson, situ\u00e9 sur les communes de Quinson\net R\u00e9gusse, les prescriptions de l'article R521-43 du code de\nl'\u00e9nergie, renvoyant \u00e0 l'article R214-116\ndu code de\nl'environnement et l'arr\u00eat\u00e9 du 12 juin 2008 modifi\u00e9 par\nl'arr\u00eat\u00e9 du 3 septembre 2018, d\u00e9finissant le plan de l'\u00e9tude de\ndangers et en pr\u00e9cisant le contenu. (8 pages) Page 30\nPr\u00e9fecture du VAR / Direction des s\u00e9curit\u00e9s\n83-2025-08-07-00002 - arr\u00eat\u00e9 n\u00b02025/07/DS/SESR/PDAC du 7 ao\u00fbt\n2025 modifiant l'arr\u00eat\u00e9 n\u00b02022/44/DS/SESR/PDAC du 15 d\u00e9cembre\n2022 fixant la composition des commissions m\u00e9dicales\nd\u00e9partementales primaires pour le contr\u00f4le m\u00e9dical de l'aptitude \u00e0\nla conduite pour les ann\u00e9es 2023 \u00e0 2027 (3 pages) Page 39\n83-2025-08-07-00003 - arr\u00eat\u00e9 n\u00b02025/08/DS/SESR/PDAC du 7 ao\u00fbt\n2025 modifiant l'arr\u00eat\u00e9 n\u00b02022/45/DS/SESR/PDAC du 15 d\u00e9cembre\n2022 fixant la composition de la commission m\u00e9dicale d\u00e9partementale\nd'appel pour le contr\u00f4le m\u00e9dical de l'aptitude \u00e0 la conduite pour les\nann\u00e9es 2023 \u00e0 2027 (2 pages) Page 43\n83-2025-08-07-00004 - arr\u00eat\u00e9 n\u00b02025/09/DS/SESR/PDAC du 7 ao\u00fbt\n2025 modifiant l'arr\u00eat\u00e9 n\u00b02022/38/DS/SESR/PDAC du 15 d\u00e9cembre\n2022 portant agr\u00e9ment du Docteur VUILLARD Pierre pour le contr\u00f4le\nm\u00e9dical de l'aptitude \u00e0 la conduite (2 pages) Page 46\n83-2025-08-07-00005 - arr\u00eat\u00e9 n\u00b02025/10/DS/SESR/PDAC du 7 ao\u00fbt\n2025 modifiant l'arr\u00eat\u00e9 n\u00b02022/DS/SESR/PDAC du 15 d\u00e9cembre 2022\nportant agr\u00e9ment du Docteur CAILLE-LEHEZEE Ren\u00e9e pour le\ncontr\u00f4le m\u00e9dical de l'aptitude \u00e0 la conduite (2 pages) Page 49\n83-2025-08-07-00006 - arr\u00eat\u00e9 n\u00b02025/11/DS/SESR/PDAC du 7 ao\u00fbt\n2025 modifiant l'arr\u00eat\u00e9 n\u00b02022/48/DS/SESR/PDAC du 15 d\u00e9cembre\n2022 portant agr\u00e9ment du Docteur DAVID-CALVET Xavier pour le\ncontr\u00f4le m\u00e9dical de l'aptitude \u00e0 la conduite (2 pages) Page 52\n3\nDirection d\u00e9partementale de l'emploi, du travail\net des solidarit\u00e9s du Var\n83-2025-08-05-00012\n577-2025-DecisionRenonciation D2460860\nCHRISTOPHE VALENTIN du 050825\nDirection d\u00e9partementale de l'emploi, du travail et des solidarit\u00e9s du Var - 83-2025-08-05-00012 - 577-2025-DecisionRenonciation\nD2460860 CHRISTOPHE VALENTIN du 050825 4\nET i4Libert\u00e9 + \u00c9galit\u00e9 * Fraternit\u00e9R\u00c9PUBLIQUE FRAN\u00c7AISE\nR\u00e9f : Renonciation Christophe VALENTIN \u2013 Demande N\u00b0123280\nAffaire suivie par : Anne MAGGIO\nMonsieur,\nVous  m'avez  inform\u00e9  de  votre  d\u00e9cision  de  cesser  les  activit\u00e9s  de  votre  organisme \nenregistr\u00e9 dans mes services sous le N\u00b0 SAP511500225.\nJe vous confirme que l'enregistrement de la d\u00e9claration de votre organisme est abrog\u00e9 \u00e0  \ncompter de la r\u00e9ception de ce courrier et que votre dossier est d\u00e9sormais clos.\nJe  vous  rappelle  que  les  avantages  fiscaux  et  sociaux  associ\u00e9s  \u00e0  votre  d\u00e9claration \nd'activit\u00e9s sont supprim\u00e9s et je vous demande d'en avertir, pour le cas o\u00f9 vous ne l'auriez  \npas encore fait, les b\u00e9n\u00e9ficiaires de vos prestations.\nJe reste \u00e0 votre enti\u00e8re disposition pour vous apporter toute information compl\u00e9mentaire.\nJe vous prie d'agr\u00e9er, Monsieur, l'expression de mes salutations distingu\u00e9es.\n Pour le Pr\u00e9fet et par d\u00e9l\u00e9gation\nPour le Directeur d\u00e9partemental \nde l'emploi, du travail et des solidarit\u00e9s du Var \nLa cheffe du service accompagnement \ndes entreprises et d\u00e9veloppement des \nterritoires\nSign\u00e9 : S\u00e9verine LARDERET\nFait \u00e0 CS 31209 - 83070 TOULON Cedex, le \n05/08/25\nDDETS du Var\nM. VALENTIN Christophe \n731 route de Fox Amphoux \n83670 TAVERNES\nDirection d\u00e9partementale de l'emploi, du travail et des solidarit\u00e9s du Var - 83-2025-08-05-00012 - 577-2025-DecisionRenonciation\nD2460860 CHRISTOPHE VALENTIN du 050825 5\nDirection d\u00e9partementale de l'emploi, du travail\net des solidarit\u00e9s du Var\n83-2025-08-06-00001\n578-2025-recepisse declaration SPADA VICENTE\ndu 060825\nDirection d\u00e9partementale de l'emploi, du travail et des solidarit\u00e9s du Var - 83-2025-08-06-00001 - 578-2025-recepisse declaration\nSPADA VICENTE du 060825 6\nPF4Libert\u00e9 + \u00c9galit\u00e9 + Fraternit\u00e9R\u00c9PUBLIQUE FRAN\u00c7AISE\nR\u00e9c\u00e9piss\u00e9 de d\u00e9claration\nd'un organisme de services \u00e0 la personne\nenregistr\u00e9 sous le N\u00b0 SAP989927025\nVu le code du travail et notamment les articles L.7231-1 \u00e0 L.7233-2, R.7232-16 \u00e0 R.7232-22, D.7231-1 et \nD.7233-1 \u00e0 D.7233-5 ; \nVu la demande de d\u00e9claration d\u00e9pos\u00e9e par l'organisme , 2 Impasse Magnolias 83400 Hy\u00e8res, le \n01/08/25 ;\nLe pr\u00e9fet du Var\nConstate : \nQu'une d\u00e9claration d'activit\u00e9s de services \u00e0 la personne a \u00e9t\u00e9 d\u00e9pos\u00e9e aupr\u00e8s du service instructeur  \ndu  Var,  le  01/08/25  par  M.  SPADA  Vicente  en  qualit\u00e9  de  dirigeant(e),  pour  l'organisme  dont \nl'\u00e9tablissement  principal  est  situ\u00e9  2  Impasse  Magnolias  83400  Hy\u00e8res  et  enregistr\u00e9  sous  le  N\u00b0 \nSAP989927025 pour les activit\u00e9s suivantes :\n  \u2022   Soutien scolaire ou cours \u00e0 domicile (mode d'intervention Prestataire)\nToute  modification  concernant  les  activit\u00e9s  exerc\u00e9es  devra  faire  l'objet  d'une  d\u00e9claration \nmodificative pr\u00e9alable.\nSous r\u00e9serve d'\u00eatre exerc\u00e9es \u00e0 titre exclusif (ou sous r\u00e9serve d'une comptabilit\u00e9 s\u00e9par\u00e9e pour les  \npersonnes  morales  dispens\u00e9es  de  cette  condition),  ces  activit\u00e9s  ouvrent  droit  au  b\u00e9n\u00e9fice  des \ndispositions des articles L. 7233-2 du code du travail et L.241-10 du code de la s\u00e9curit\u00e9 sociale dans  \nles conditions pr\u00e9vues par ces articles.\nLes effets de la d\u00e9claration courent \u00e0 compter du jour du d\u00e9p\u00f4t de la d\u00e9claration sous r\u00e9serve des  \ndispositions de l'article R.7232-18 du code du travail. Le pr\u00e9sent r\u00e9c\u00e9piss\u00e9 n'est pas limit\u00e9 dans le  \ntemps. La d\u00e9claration a une port\u00e9e nationale.\nL'enregistrement de la d\u00e9claration peut \u00eatre retir\u00e9 dans les conditions fix\u00e9es aux articles R.7232-\n20  \u00e0  R.7232-22  du  code  du  travail.  Le  pr\u00e9sent  r\u00e9c\u00e9piss\u00e9  sera  publi\u00e9  au  recueil  des  actes \nadministratifs de la pr\u00e9fecture.\nLe pr\u00e9sent r\u00e9c\u00e9piss\u00e9 peut, \u00e0 compter de sa notification, faire l'objet d'un recours gracieux aupr\u00e8s  \nservice instructeur du Var ou d'un recours hi\u00e9rarchique adress\u00e9 au ministre charg\u00e9 de l'\u00e9conomie -  \nDirection g\u00e9n\u00e9rale des entreprises \u2013 sous-direction des services marchands, 61 Boulevard Vincent  \nAuriol, 75703 PARIS CEDEX 13.\nIl peut \u00e9galement faire l'objet d'un recours contentieux dans un d\u00e9lai de deux mois \u00e0 compter de sa  \nnotification aupr\u00e8s du tribunal administratif de Toulon.\nLe tribunal administratif peut aussi \u00eatre saisi par l'application informatique \u00ab T\u00e9l\u00e9recours citoyen \u00bb  \naccessible sur le site internet  http://www.telerecours.fr/\nEn cas de rejet du recours gracieux ou hi\u00e9rarchique ou en l'absence de r\u00e9ponse \u00e0 ce recours (rejet  \nimplicite), un recours contentieux devant le tribunal administratif de Toulon peut \u00e9galement \u00eatre  \nform\u00e9 contre la d\u00e9cision initiale dans un d\u00e9lai de deux mois \u00e0 compter de ce rejet. \n Pour le Pr\u00e9fet et par d\u00e9l\u00e9gation\nPour le Directeur d\u00e9partemental \nde l'emploi, du travail et des solidarit\u00e9s du Var \nLa cheffe du service accompagnement \ndes entreprises et d\u00e9veloppement des territoires\nSign\u00e9 : S\u00e9verine LARDERET\nFait \u00e0 CS 31209 - 83070 TOULON Cedex, le 05/08/25\nDDETS du Var\nDirection d\u00e9partementale de l'emploi, du travail et des solidarit\u00e9s du Var - 83-2025-08-06-00001 - 578-2025-recepisse declaration\nSPADA VICENTE du 060825 7\nDirection d\u00e9partementale de l'emploi, du travail\net des solidarit\u00e9s du Var\n83-2025-08-06-00002\n580-2025-recepisse declaration GRANI FITNA du\n060825\nDirection d\u00e9partementale de l'emploi, du travail et des solidarit\u00e9s du Var - 83-2025-08-06-00002 - 580-2025-recepisse declaration\nGRANI FITNA du 060825 8\nPF4Libert\u00e9 + \u00c9galit\u00e9 + Fraternit\u00e9R\u00c9PUBLIQUE FRAN\u00c7AISE\nR\u00e9c\u00e9piss\u00e9 de d\u00e9claration\nd'un organisme de services \u00e0 la personne\nenregistr\u00e9 sous le N\u00b0 SAP911983781\nVu le code du travail et notamment les articles L.7231-1 \u00e0 L.7233-2, R.7232-16 \u00e0 R.7232-22, D.7231-1 et \nD.7233-1 \u00e0 D.7233-5 ; \nVu la demande de d\u00e9claration d\u00e9pos\u00e9e par l'organisme , 78 All\u00e9e du Cinsault 83330 LE CASTELLET, le \n03/08/25 ;\nLe pr\u00e9fet du Var\nConstate : \nQu'une d\u00e9claration d'activit\u00e9s de services \u00e0 la personne a \u00e9t\u00e9 d\u00e9pos\u00e9e aupr\u00e8s du service instructeur  \ndu  Var,  le  03/08/25  par  Mme.  GRANI  Fitna  en  qualit\u00e9  de  dirigeant(e),  pour  l'organisme  dont \nl'\u00e9tablissement principal est situ\u00e9 78 All\u00e9e du Cinsault 83330 LE CASTELLET et enregistr\u00e9 sous le N\u00b0  \nSAP911983781 pour les activit\u00e9s suivantes :\n  \u2022   Entretien de la maison et travaux m\u00e9nagers (mode d'intervention Prestataire)\n  \u2022   Pr\u00e9paration de repas \u00e0 domicile (mode d'intervention Prestataire)\n  \u2022   Collecte et livraison \u00e0 domicile de linge repass\u00e9 (mode d'intervention Prestataire)\n  \u2022   Livraison de courses \u00e0 domicile (mode d'intervention Prestataire)\n  \u2022   Assistance administrative \u00e0 domicile (mode d'intervention Prestataire)\nToute  modification  concernant  les  activit\u00e9s  exerc\u00e9es  devra  faire  l'objet  d'une  d\u00e9claration \nmodificative pr\u00e9alable.\nSous r\u00e9serve d'\u00eatre exerc\u00e9es \u00e0 titre exclusif (ou sous r\u00e9serve d'une comptabilit\u00e9 s\u00e9par\u00e9e pour les  \npersonnes  morales  dispens\u00e9es  de  cette  condition),  ces  activit\u00e9s  ouvrent  droit  au  b\u00e9n\u00e9fice  des \ndispositions des articles L. 7233-2 du code du travail et L.241-10 du code de la s\u00e9curit\u00e9 sociale dans  \nles conditions pr\u00e9vues par ces articles.\nLes effets de la d\u00e9claration courent \u00e0 compter du jour du d\u00e9p\u00f4t de la d\u00e9claration sous r\u00e9serve des  \ndispositions de l'article R.7232-18 du code du travail. Le pr\u00e9sent r\u00e9c\u00e9piss\u00e9 n'est pas limit\u00e9 dans le  \ntemps. La d\u00e9claration a une port\u00e9e nationale. L'enregistrement de la d\u00e9claration peut \u00eatre retir\u00e9  \ndans les conditions fix\u00e9es aux articles R.7232-20 \u00e0 R.7232-22 du code du travail. Le pr\u00e9sent r\u00e9c\u00e9piss\u00e9  \nsera publi\u00e9 au recueil des actes administratifs de la pr\u00e9fecture.\nLe pr\u00e9sent r\u00e9c\u00e9piss\u00e9 peut, \u00e0 compter de sa notification, faire l'objet d'un recours gracieux aupr\u00e8s  \nservice instructeur du Var ou d'un recours hi\u00e9rarchique adress\u00e9 au ministre charg\u00e9 de l'\u00e9conomie -  \nDirection g\u00e9n\u00e9rale des entreprises \u2013 sous-direction des services marchands, 61 Boulevard Vincent  \nAuriol, 75703 PARIS CEDEX 13. Il peut \u00e9galement faire l'objet d'un recours contentieux dans un d\u00e9lai  \nde deux mois \u00e0 compter de sa notification aupr\u00e8s du tribunal administratif de Toulon.\nLe tribunal administratif peut aussi \u00eatre saisi par l'application informatique \u00ab T\u00e9l\u00e9recours citoyen \u00bb  \naccessible sur le site internet   http://www.telerecours.fr/     En cas de rejet du recours gracieux ou  \nhi\u00e9rarchique ou en l'absence de r\u00e9ponse \u00e0 ce recours (rejet implicite), un recours contentieux devant  \nle tribunal administratif de Toulon peut \u00e9galement \u00eatre form\u00e9 contre la d\u00e9cision initiale dans un d\u00e9lai \nde deux mois \u00e0 compter de ce rejet. \n Pour le Pr\u00e9fet et par d\u00e9l\u00e9gation\nPour le Directeur d\u00e9partemental \nde l'emploi, du travail et des solidarit\u00e9s du Var \nLa cheffe du service accompagnement \ndes entreprises et d\u00e9veloppement des territoires\nSign\u00e9 : S\u00e9verine LARDERET\nFait \u00e0 CS 31209 - 83070 TOULON Cedex, le 06/08/25\nDDETS du Var\nDirection d\u00e9partementale de l'emploi, du travail et des solidarit\u00e9s du Var - 83-2025-08-06-00002 - 580-2025-recepisse declaration\nGRANI FITNA du 060825 9\nDirection d\u00e9partementale de l'emploi, du travail\net des solidarit\u00e9s du Var\n83-2025-08-06-00003\n581-2025-recepisse declaration MUELLER MARIE\nLAURE du 06082025\nDirection d\u00e9partementale de l'emploi, du travail et des solidarit\u00e9s du Var - 83-2025-08-06-00003 - 581-2025-recepisse declaration\nMUELLER MARIE LAURE du 06082025 10\nPF4Libert\u00e9 + \u00c9galit\u00e9 + Fraternit\u00e9R\u00c9PUBLIQUE FRAN\u00c7AISE\nR\u00e9c\u00e9piss\u00e9 de d\u00e9claration\nd'un organisme de services \u00e0 la personne\nenregistr\u00e9 sous le N\u00b0 SAP481507887\nVu le code du travail et notamment les articles L.7231-1 \u00e0 L.7233-2, R.7232-16 \u00e0 R.7232-22, D.7231-1 et \nD.7233-1 \u00e0 D.7233-5 ; \nVu la demande de d\u00e9claration d\u00e9pos\u00e9e par l'organisme , 33 RUE LARMODIEU 83000 TOULON, le \n05/08/25 ;\nLe pr\u00e9fet du Var\nConstate : \nQu'une d\u00e9claration d'activit\u00e9s de services \u00e0 la personne a \u00e9t\u00e9 d\u00e9pos\u00e9e aupr\u00e8s du service instructeur  \ndu Var, le 05/08/25 par Mme. MUELLER MARIE-LAURE en qualit\u00e9 de dirigeant(e), pour l'organisme  \ndont l'\u00e9tablissement principal est situ\u00e9 33 RUE LARMODIEU 83000 TOULON et enregistr\u00e9 sous le N\u00b0  \nSAP481507887 pour les activit\u00e9s suivantes :\n  \u2022   Entretien de la maison et travaux m\u00e9nagers (mode d'intervention Prestataire)\n  \u2022   Collecte et livraison \u00e0 domicile de linge repass\u00e9 (mode d'intervention Prestataire)\n  \u2022   Livraison de courses \u00e0 domicile (mode d'intervention Prestataire)\n  \u2022   Assistance administrative \u00e0 domicile (mode d'intervention Prestataire)\nToute  modification  concernant  les  activit\u00e9s  exerc\u00e9es  devra  faire  l'objet  d'une  d\u00e9claration \nmodificative  pr\u00e9alable.  Sous  r\u00e9serve  d'\u00eatre  exerc\u00e9es  \u00e0  titre  exclusif  (ou  sous  r\u00e9serve  d'une \ncomptabilit\u00e9  s\u00e9par\u00e9e  pour  les  personnes  morales  dispens\u00e9es  de  cette  condition),  ces  activit\u00e9s \nouvrent droit au b\u00e9n\u00e9fice des dispositions des articles L. 7233-2 du code du travail et L.241-10 du  \ncode de la s\u00e9curit\u00e9 sociale dans les conditions pr\u00e9vues par ces articles.\nLes effets de la d\u00e9claration courent \u00e0 compter du jour du d\u00e9p\u00f4t de la d\u00e9claration sous r\u00e9serve des  \ndispositions de l'article R.7232-18 du code du travail. Le pr\u00e9sent r\u00e9c\u00e9piss\u00e9 n'est pas limit\u00e9 dans le  \ntemps. La d\u00e9claration a une port\u00e9e nationale.\nL'enregistrement de la d\u00e9claration peut \u00eatre retir\u00e9 dans les conditions fix\u00e9es aux articles R.7232-\n20  \u00e0  R.7232-22  du  code  du  travail.  Le  pr\u00e9sent  r\u00e9c\u00e9piss\u00e9  sera  publi\u00e9  au  recueil  des  actes \nadministratifs de la pr\u00e9fecture.\nLe pr\u00e9sent r\u00e9c\u00e9piss\u00e9 peut, \u00e0 compter de sa notification, faire l'objet d'un recours gracieux aupr\u00e8s  \nservice instructeur du Var ou d'un recours hi\u00e9rarchique adress\u00e9 au ministre charg\u00e9 de l'\u00e9conomie -  \nDirection g\u00e9n\u00e9rale des entreprises \u2013 sous-direction des services marchands, 61 Boulevard Vincent  \nAuriol, 75703 PARIS CEDEX 13. Il peut \u00e9galement faire l'objet d'un recours contentieux dans un d\u00e9lai  \nde deux mois \u00e0 compter de sa notification aupr\u00e8s du tribunal administratif de Toulon.\nLe tribunal administratif peut aussi \u00eatre saisi par l'application informatique \u00ab T\u00e9l\u00e9recours citoyen \u00bb  \naccessible sur le site internet   http://www.telerecours.fr/     En cas de rejet du recours gracieux ou  \nhi\u00e9rarchique ou en l'absence de r\u00e9ponse \u00e0 ce recours (rejet implicite), un recours contentieux devant  \nle tribunal administratif de Toulon peut \u00e9galement \u00eatre form\u00e9 contre la d\u00e9cision initiale dans un d\u00e9lai \nde deux mois \u00e0 compter de ce rejet. \n Pour le Pr\u00e9fet et par d\u00e9l\u00e9gation\nPour le Directeur d\u00e9partemental \nde l'emploi, du travail et des solidarit\u00e9s du Var \nLa cheffe du service accompagnement \ndes entreprises et d\u00e9veloppement des territoires\nSign\u00e9 : S\u00e9verine LARDERET\nFait \u00e0 CS 31209 - 83070 TOULON Cedex, le 06/08/25\nDDETS du Var\nDirection d\u00e9partementale de l'emploi, du travail et des solidarit\u00e9s du Var - 83-2025-08-06-00003 - 581-2025-recepisse declaration\nMUELLER MARIE LAURE du 06082025 11\nDirection d\u00e9partementale des territoires et de la\nmer du Var\n83-2025-08-07-00001\nD\u00e9cision pr\u00e9fectorale relative au retrait de\nl'agr\u00e9ment du \nGroupement Agricole d'Exploitation en\nCommun (GAEC) concernant le\nGAEC LA FROMAGERIE DES MAURES n\u00b0\n83-2022-007\nDirection d\u00e9partementale des territoires et de la mer du Var - 83-2025-08-07-00001 - D\u00e9cision pr\u00e9fectorale relative au retrait de\nl'agr\u00e9ment du \nGroupement Agricole d'Exploitation en Commun (GAEC) concernant le\nGAEC LA FROMAGERIE DES MAURES n\u00b0 83-2022-007\n12\nE =PREFETDU VARLibert\u00e9Egalit\u00e9Fraternit\u00e9\nD\u00e9cision pr\u00e9fectorale relative au retrait de l'agr\u00e9ment du \nGroupement Agricole d'Exploitation en Commun (GAEC) concernant le\nGAEC LA FROMAGERIE DES MAURES   n\u00b0   83-2022-007  \nLe Pr\u00e9fet du Var,\nVU le Code rural et de la p\u00eache maritime, et notamment ses articles L 323-1 \u00e0 L 323-16, R 323-8 \u00e0  \n323- 54,\nVU l'arr\u00eat\u00e9 pr\u00e9fectoral n\u00b0 2025/25/MCI du 02 juin 2025 portant d\u00e9l\u00e9gation de signature \u00e0 M. Laurent  \nBOULET, Directeur D\u00e9partemental des Territoires et de la Mer du Var,\nVU l'arr\u00eat\u00e9 DDTM/MPCA/2025-04 du 05 juin 2025 donnat subd\u00e9l\u00e9gation de signature \u00e0 des agents de  \nla DDTM du Var,\nVU l'arr\u00eat\u00e9 du 05 juillet 2022 portant agr\u00e9ment du GAEC LA FROMAGERIE DES MAURES sous le  \nn\u00b0 83- 2022-007 ,\nVU le  proc\u00e8s  verbal  de  l'assembl\u00e9e  g\u00e9n\u00e9rale  extraordinaire  en  date  du  30  avril  2025  d\u00e9cidant  la \ndissolution anticip\u00e9e et mise en liquidation amiable du GAEC LA FROMAGERIE DES MAURES,\nVU le proc\u00e8s verbal de l'assembl\u00e9e g\u00e9n\u00e9rale ordinaire en date du 31 mai 2025 pronon\u00e7ant la cl\u00f4ture  \nd\u00e9finitive de la liquidation du GAEC LA FROMAGERIE DES MAURES,\nVU l'extrait Kbis, extrait d'immatriculation principale au registre du commerce et des soci\u00e9t\u00e9s, datant  \ndu 07 ao\u00fbt 2025 prenant acte :\nde la dissolution du GAEC LA FROMAGERIE DES MAURES \u00e0 compter du 30 avril 2025 selon le  \nproc\u00e8s-verbal d'assembl\u00e9e g\u00e9n\u00e9rale en date du 30 avril 2025,\nde la cl\u00f4ture des op\u00e9rations de liquidation amiable avec effet \u00e0 compter du 31 mai 2025,\nde la radiation \u00e0 compter de la date du 07 ao\u00fbt 2025, mention n\u00b010400.\nVU le dossier de demande de modification statutaire d\u00e9pos\u00e9 par courriel en date du 07 ao\u00fbt 2025  \naupr\u00e8s des services de la DDTM du Var,\nCONSID\u00c9RANT que le dit groupement ne peut plus \u00eatre regard\u00e9 comme un groupement agricole  \nd'exploitation en commun agr\u00e9\u00e9, au sens du chapitre III du titre II du livre III du code rural et de la  \np\u00eache maritime,\nSur proposition du Directeur d\u00e9partemental des territoires et de la mer du Var ;\nD\u00c9CIDE : \nArticle 1  er     :  \nL'agr\u00e9ment  en  qualit\u00e9  de  Groupement  Agricole  d'Exploitation  en  Commun  total  accord\u00e9  sous  le \nnum\u00e9ro 83-2022-007 au : \nGAEC LA FROMAGERIE DES MAURES\ndont le si\u00e8ge social \u00e9tait localis\u00e9 Route de Notre Dame des Anges, 470 piste du Seignoret 83790  \nPIGNANS, est retir\u00e9.\nDirection d\u00e9partementale\ndes territoires et de la mer du Var\nDirection d\u00e9partementale des territoires et de la mer du Var - 83-2025-08-07-00001 - D\u00e9cision pr\u00e9fectorale relative au retrait de\nl'agr\u00e9ment du \nGroupement Agricole d'Exploitation en Commun (GAEC) concernant le\nGAEC LA FROMAGERIE DES MAURES n\u00b0 83-2022-007\n13\nArticle 2:\nLe b\u00e9n\u00e9fice des dispositions des articles R.323-52 et R.323-53 du Code rural et de la p\u00eache maritime  \nest  retir\u00e9 au GAEC  LA FROMAGERIE DES MAURES pour l'acc\u00e8s aux aides de la politique agricole  \ncommune.\nArticle 3:\nLe Directeur d\u00e9partemental des territoires et de la mer du Var est charg\u00e9 de la notification de la  \npr\u00e9sente d\u00e9cision au GAEC LA FROMAGERIE DES MAURES et de sa publication au recueil des actes  \nadministratifs des services de l'\u00c9tat dans le Var.\nFait \u00e0 Toulon, le 07/08/2025\nLe Pr\u00e9fet du Var\nSign\u00e9\nSimon BABRE\nCette d\u00e9cision peut \u00eatre contest\u00e9e dans les deux mois qui suivent sa notification si vous estimez qu'il a \u00e9t\u00e9 fait une application  \nincorrecte de la r\u00e9glementation en vigueur, en pr\u00e9cisant le point sur lequel porte votre contestation, par un recours contentieux  \ndevant le tribunal administratif, pr\u00e9c\u00e9d\u00e9, \u00e0 peine d'irrecevabilit\u00e9, d'un recours administratif pr\u00e9alable obligatoire aupr\u00e8s du Ministre \ncharg\u00e9 de l'Agriculture.\nDirection d\u00e9partementale des territoires et de la mer du Var - 83-2025-08-07-00001 - D\u00e9cision pr\u00e9fectorale relative au retrait de\nl'agr\u00e9ment du \nGroupement Agricole d'Exploitation en Commun (GAEC) concernant le\nGAEC LA FROMAGERIE DES MAURES n\u00b0 83-2022-007\n14\nDirection d\u00e9partementale des territoires et de la\nmer du Var\n83-2025-08-04-00003\nARR\u00caT\u00c9 PR\u00c9FECTORAL n\u00b0 DDTM/SEBIO/2025-103\ndu 04 ao\u00fbt 2025 portant prorogation\nd'autorisation au titre de l'article L.214-1 du Code\nde l'Environnement  Communes du Lavandou et\ndu Rayol-Canadel\nDirection d\u00e9partementale des territoires et de la mer du Var - 83-2025-08-04-00003 - ARR\u00caT\u00c9 PR\u00c9FECTORAL n\u00b0 DDTM/SEBIO/2025-103\ndu 04 ao\u00fbt 2025 portant prorogation d'autorisation au titre de l'article L.214-1 du Code de l'Environnement  Communes du Lavandou\net du Rayol-Canadel\n15\n=mPREFETDU VARLibert\u00e9Egalit\u00e9Fraternit\u00e9\nDirection d\u00e9partementale\ndes territoires et de la mer du Var\nARR\u00caT\u00c9 PR\u00c9FECTORAL n\u00b0 DDTM/SEBIO/2025-103 du 04 ao\u00fbt 2025\nportant prorogation d'autorisation au titre de l'article L.214-1 du Code de \nl'Environnement concernant le syst\u00e8me d'assainissement\nrelatif \u00e0 la station d'\u00e9puration de Cavali\u00e8re\nCommunes du Lavandou et du Rayol-Canadel\nLe pr\u00e9fet du Var,\nVu la directive-cadre sur l'eau (2000/60/CE),\nVu la directive europ\u00e9enne du 27 novembre 2024 (directive 2024/3019)  relative au traitement \ndes eaux r\u00e9siduaires urbaines,\nVu le code de l'environnement,\nVu le code de l'urbanisme,\nVu le code g\u00e9n\u00e9ral des collectivit\u00e9s territoriales et notamment ses articles L.2224-7 \u00e0 L.2224-11 \net R.2224-6 \u00e0 R.2224-16,\nVu l'arr\u00eat\u00e9 interminist\u00e9riel du 21 juillet 2015 modifi\u00e9 relatif aux syst\u00e8mes d'assainissement  \ncollectif  et  aux  installations  d'assainissement  non  collectif,  \u00e0  l'exception  des  installations \nd'assainissement non collectif recevant une charge brute de pollution organique inf\u00e9rieure ou \n\u00e9gale \u00e0 1,2 kg/j de DBO5,\nVu le d\u00e9cret du Pr\u00e9sident de la R\u00e9publique du 15 mai 2025 portant nomination de M SIMON  \nBABRE, pr\u00e9fet du Var,\nVu l'arr\u00eat\u00e9 pr\u00e9fectoral n\u00b02023/47/MCI du 21 ao\u00fbt 2023 portant d\u00e9l\u00e9gation de signature \u00e0 M.  \nLucien GIUDICELLI, secr\u00e9taire g\u00e9n\u00e9ral de la pr\u00e9fecture du Var, sous-pr\u00e9fet de l'arrondissement \nde Toulon,\nVu les fascicules 70, 71 et 81 titre II relatifs \u00e0 la conception et \u00e0 l'ex\u00e9cution d'installations  \nd'\u00e9puration d'eaux us\u00e9es, annex\u00e9s \u00e0 l'arr\u00eat\u00e9 du 30 mai 2012,\nVu l'arr\u00eat\u00e9  pr\u00e9fectoral  du  21  mars  2022  portant  approbation  du  sch\u00e9ma  directeur \nd'am\u00e9nagement  et  de  gestion  des  eaux  du  bassin  Rh\u00f4ne-M\u00e9diterran\u00e9e  et  arr\u00eatant  le \nprogramme pluriannuel de mesures correspondant,\nVu l'arr\u00eat\u00e9  pr\u00e9fectoral  portant  approbation  du  sch\u00e9ma  r\u00e9gional  d'am\u00e9nagement,  de \nd\u00e9veloppement durable et d'\u00e9galit\u00e9 des territoires (SRADDET) de la r\u00e9gion Provence Alpes  \nC\u00f4te d'Azur du 15 octobre 2019,\nVu le plan r\u00e9gional de pr\u00e9vention et de gestion des d\u00e9chets (PRPGD) PACA approuv\u00e9 le 26 juin \n2019,\nVu l'arr\u00eat\u00e9  pr\u00e9fectoral  du  4  mars  2015  portant  prescriptions  concernant  le  syst\u00e8me \nd'assainissement relatif \u00e0 la station d'\u00e9puration de Cavali\u00e8re sur les communes du Lavandou  \net du Rayol-Canadel,\nVu le dossier de demande pr\u00e9sent\u00e9 par le Syndicat Mixte d'Assainissement le 22 ao\u00fbt 2024,\nVu l'avis favorable du syndicat mixte d'assainissement Le Lavandou/Le Rayol-Canadel formul\u00e9  \npar mail du 5 mai 2025,\nDirection d\u00e9partementale des territoires et de la mer du Var - 83-2025-08-04-00003 - ARR\u00caT\u00c9 PR\u00c9FECTORAL n\u00b0 DDTM/SEBIO/2025-103\ndu 04 ao\u00fbt 2025 portant prorogation d'autorisation au titre de l'article L.214-1 du Code de l'Environnement  Communes du Lavandou\net du Rayol-Canadel\n16\nConsid\u00e9rant l'adoption par l'Union europ\u00e9enne de la directive Eaux R\u00e9siduaires Urbaines, qui  \ndoit \u00eatre transcrite en droit fran\u00e7ais d'ici le 30 juin 2027 ,\nConsid\u00e9rant que cette nouvelle r\u00e9glementation pr\u00e9voit une am\u00e9lioration des performances  \nsusceptible de modifier les choix techniques pr\u00e9vus dans le dossier de demande d\u00e9pos\u00e9 le 22  \nseptembre 2024,\nConsid\u00e9rant les  inondations  du  20  mai  2025  ayant  fortement  endommag\u00e9  la  station \nd'\u00e9puration,\nConsid\u00e9rant que la station d'\u00e9puration actuelle est conforme depuis plusieurs ann\u00e9es et qu'il  \nn'y a pas d'urgence \u00e0 r\u00e9aliser ces travaux,\nSur proposition du directeur d\u00e9partemental des territoires et de la mer du Var,\nARR\u00caTE\nArticle 1  er     : Prorogation  \nL'arr\u00eat\u00e9 du 4 mars 2015 portant autorisation du syst\u00e8me d'assainissement de Cavali\u00e8re est  \nprorog\u00e9 jusqu'au 30 juin 2028.\nArticle 2 :     Publication et information des tiers  \nLa  pr\u00e9sente  autorisation  est  notifi\u00e9e  aux  b\u00e9n\u00e9ficiaires  et  publi\u00e9e  au  recueil  des  actes \nadministratifs de la pr\u00e9fecture du Var.\nEn application de l'article R.181-44 du code de l'environnement :\n\u2022 une copie du pr\u00e9sent arr\u00eat\u00e9 d 'autorisation est d\u00e9pos\u00e9e en mairies du Lavandou et du  \nRayol-Canadel ainsi qu'\u00e0 l'h\u00f4tel communautaire de la communaut\u00e9 de communes du  \nGolfe  de  Saint-Tropez,  et  peut  y  \u00eatre  consult\u00e9e ;  copie  sera  adress\u00e9e  aux  conseils \nmunicipaux de ces m\u00eames communes ainsi qu'au conseil communautaire.\n\u2022 un extrait de cet arr\u00eat\u00e9 est affich\u00e9 pendant une dur\u00e9e minimale d'un mois dans les  \nmairies  du  Lavandou  et  du  Rayol-Canadel ainsi  qu'\u00e0  l'h\u00f4tel  communautaire  de  la \ncommunaut\u00e9  de  communes  du  Golfe  de  Saint-Tropez  :  un  proc\u00e8s  verbal  de \nl'accomplissement  de  cette  formalit\u00e9  est  dress\u00e9  par  les  soins  des  maires  et  du \npr\u00e9sident de la communaut\u00e9 de communes.\n\u2022 l'arr\u00eat\u00e9 est publi\u00e9 sur le site internet des services de l'\u00c9tat dans le  d\u00e9partement du Var \npendant une dur\u00e9e minimale de quatre mois.\nArticle 3 :    Recours - droit des tiers - responsabilit\u00e9  \nI  \u2013  Le  pr\u00e9sent  arr\u00eat\u00e9  est  susceptible  de  recours  devant  le  tribunal  administratif  \nterritorialement comp\u00e9tent en application de l'article R.181-50 du code de l'environnement :\n\u2022 par le b\u00e9n\u00e9ficiaire dans un d\u00e9lai de deux mois \u00e0 compter de sa notification ;\n\u2022 par les tiers en raison des inconv\u00e9nients ou des dangers que le projet pr\u00e9sente pour les  \nint\u00e9r\u00eats mentionn\u00e9s \u00e0 l'article L.181-3 du code de l'environnement, dans un d\u00e9lai de  \nquatre mois \u00e0 compter de :\na) l'affichage dans les conditions pr\u00e9vues au 2\u00b0 de l'article R.181-44 ;\nDirection d\u00e9partementale des territoires et de la mer du Var - 83-2025-08-04-00003 - ARR\u00caT\u00c9 PR\u00c9FECTORAL n\u00b0 DDTM/SEBIO/2025-103\ndu 04 ao\u00fbt 2025 portant prorogation d'autorisation au titre de l'article L.214-1 du Code de l'Environnement  Communes du Lavandou\net du Rayol-Canadel\n17\nb) la publication du pr\u00e9sent arr\u00eat\u00e9 sur le site internet de la pr\u00e9fecture pr\u00e9vue au 4\u00b0 du \nm\u00eame article.\nLe d\u00e9lai court \u00e0 compter de la derni\u00e8re formalit\u00e9 accomplie. Si l'affichage constitue cette  \nderni\u00e8re formalit\u00e9, le d\u00e9lai court \u00e0 compter du premier jour d'affichage du pr\u00e9sent arr\u00eat\u00e9.\nLe tribunal administratif peut \u00eatre saisi par l'application informatique \u00abT\u00e9l\u00e9recours citoyens\u00bb,  \naccessible sur le site internet : \u00ab www.telerecours.fr \u00bb.\nII \u2013 La pr\u00e9sente autorisation peut faire l'objet d'un recours gracieux ou hi\u00e9rarchique dans le  \nd\u00e9lai de deux mois. Ce recours administratif prolonge de deux mois les d\u00e9lais mentionn\u00e9s ci-\ndessus. Le b\u00e9n\u00e9ficiaire de l'autorisation est tenu inform\u00e9 d'un tel recours.\nIII \u2013 Sans pr\u00e9judice des d\u00e9lais et voies de recours mentionn\u00e9s au I. et II., les tiers peuvent  \nd\u00e9poser une r\u00e9clamation aupr\u00e8s de l'autorit\u00e9 administrative comp\u00e9tente, \u00e0 compter de la  \nmise en service du projet, aux seules fins de contester l'insuffisance ou l'inadaptation des  \nprescriptions  d\u00e9finies  dans  la  pr\u00e9sente  autorisation,  en  raison  des  inconv\u00e9nients  ou  des \ndangers que le projet pr\u00e9sente pour le respect des int\u00e9r\u00eats mentionn\u00e9s \u00e0 l'article L.181-3 du  \ncode de l'environnement.\nL'autorit\u00e9 comp\u00e9tente dispose d'un d\u00e9lai de deux mois, \u00e0 compter de la r\u00e9ception de la  \nr\u00e9clamation, pour y r\u00e9pondre de mani\u00e8re motiv\u00e9e. \u00c0 d\u00e9faut, la r\u00e9ponse est r\u00e9put\u00e9e n\u00e9gative.\nSi elle estime que la r\u00e9clamation est fond\u00e9e, l'autorit\u00e9 comp\u00e9tente fixe des prescriptions  \ncompl\u00e9mentaires, dans les formes pr\u00e9vues \u00e0 l'article R.181-45 du code de l'environnement.\nEn cas de rejet implicite ou explicite, les int\u00e9ress\u00e9s disposent d'un d\u00e9lai de deux mois pour se  \npourvoir contre cette d\u00e9cision.\nLes droits des tiers sont express\u00e9ment r\u00e9serv\u00e9s.\nArticle 4 :   Ex\u00e9cution  \nLe secr\u00e9taire g\u00e9n\u00e9ral de la pr\u00e9fecture du Var, le directeur d\u00e9partemental des territoires et de  \nla mer du Var, le pr\u00e9si dent du Syndicat Mixte d'Assainissement,  les maires des communes du  \nLavandou et du Rayol-Canadel, le pr\u00e9sident de la communaut\u00e9 de communes du Golfe de  \nSaint-Tropez, sont charg\u00e9s, chacun en ce qui le concerne, de l'ex\u00e9cution du pr\u00e9sent arr\u00eat\u00e9  \ndont  copie  leur  est  adress\u00e9e  ainsi  qu'\u00e0  la  directrice  r\u00e9gionale  de  l'environnement,  de \nl'am\u00e9nagement  et  du  logement  de  Provence-Alpes-C\u00f4te  d'Azur,  au  chef  du  service \nd\u00e9partemental du Var de l'office fran\u00e7ais de la biodiversit\u00e9 et au directeur g\u00e9n\u00e9ral de l'agence \nr\u00e9gionale de sant\u00e9.\nFait \u00e0 Toulon, le 04 ao\u00fbt 2025\nLe Pr\u00e9fet\nSign\u00e9\nSimon BABRE\nDirection d\u00e9partementale des territoires et de la mer du Var - 83-2025-08-04-00003 - ARR\u00caT\u00c9 PR\u00c9FECTORAL n\u00b0 DDTM/SEBIO/2025-103\ndu 04 ao\u00fbt 2025 portant prorogation d'autorisation au titre de l'article L.214-1 du Code de l'Environnement  Communes du Lavandou\net du Rayol-Canadel\n18\nPr\u00e9fecture du VAR\n83-2025-08-07-00008\nARR\u00caT\u00c9 PR\u00c9FECTORAL N\u00b0 DCL-BFL-2025-165 et\nson annexe, du 7 ao\u00fbt 2025\nPortant versement de la dotation de\ncompensation des taxes additionnelles \u00e0 la taxe\nfonci\u00e8re sur les propri\u00e9t\u00e9s b\u00e2ties (TFPB) et \u00e0 la\ncotisation fonci\u00e8re des entreprises (CFE) pour\nle syndicat de communes SILIAT\n- Ann\u00e9e 2025 -\nPr\u00e9fecture du VAR - 83-2025-08-07-00008 - ARR\u00caT\u00c9 PR\u00c9FECTORAL N\u00b0 DCL-BFL-2025-165 et son annexe, du 7 ao\u00fbt 2025\nPortant versement de la dotation de compensation des taxes additionnelles \u00e0 la taxe\nfonci\u00e8re sur les propri\u00e9t\u00e9s b\u00e2ties (TFPB) et \u00e0 la cotisation fonci\u00e8re des entreprises (CFE) pour\nle syndicat de communes SILIAT\n- Ann\u00e9e 2025 -\n19\nDirection de la citoyennet\u00e9 et de la l\u00e9galit\u00e9\nBureau des finances locales\nARR\u00caT\u00c9 PR\u00c9FECTORAL N\u00b0 DCL-BFL-2025-165 et son annexe, du 7 ao\u00fbt 2025\nPortant versement de la dotation de compensation des taxes additionnelles \u00e0 la taxe\nfonci\u00e8re sur les propri\u00e9t\u00e9s b\u00e2ties (TFPB) et \u00e0 la cotisation fonci\u00e8re des entreprises (CFE) pour\nle syndicat de communes SILIAT\n- Ann\u00e9e 2025 -\nLe pr\u00e9fet du Var,\nVu  le B du III de l'article 29 de la loi n\u00b02020-1721 d u 29 d\u00e9cembre 2020 de finances pour\n2021 ;\nVu    le d\u00e9cret du Pr\u00e9sident de la R\u00e9publique du 15 mai 2025 portant nomination de M. Simon\nBABRE en qualit\u00e9 de pr\u00e9fet du Var ;\nVu  l 'arr\u00eat\u00e9 pr\u00e9fectoral n\u00b0 2025/12/MCI du 2 juin 2025 p ortant d\u00e9l\u00e9gation de signature \u00e0\nM. Lucien GIUDICELLI, secr\u00e9taire g\u00e9n\u00e9ral de la pr\u00e9fecture du Var ;\nVu la d\u00e9l\u00e9gation de cr\u00e9dit d'engagement et de paiement n\u00b0 2000038403 du 4 juillet 2025\nd'un montant de 86 885,00 \u20ac ;\nSur proposition du secr\u00e9taire g\u00e9n\u00e9ral de la pr\u00e9fecture du Var,\nARR\u00caTE :\nArticle  1 : Il est vers\u00e9 au Syndicat Intercommunal de Lutte con tre l'Incendie de\nl'agglom\u00e9ration Toulonnaise (SILIAT), pour l'exercice 2025, une somme globale de 86 885,00 \u20ac\n(quatre  vingt  six  mille  huit  cent  quatre  vingt  cinq  euros)  au titre de la dotation de\ncompensation des taxes additionnelles \u00e0 la taxe fon ci\u00e8re sur les propri\u00e9t\u00e9s b\u00e2ties et \u00e0 la\ncotisation fonci\u00e8re des entreprises.\n1/2\n- Centre financier : 0119-C002-DP83\n- Centre de co\u00fbt :  PRFSPCL083\n- Activit\u00e9 : 0119010106A7\n- Domaine fonctionnel : 0119-06-07-\n- EJ :  2104780171  \nPr\u00e9fecture du VAR - 83-2025-08-07-00008 - ARR\u00caT\u00c9 PR\u00c9FECTORAL N\u00b0 DCL-BFL-2025-165 et son annexe, du 7 ao\u00fbt 2025\nPortant versement de la dotation de compensation des taxes additionnelles \u00e0 la taxe\nfonci\u00e8re sur les propri\u00e9t\u00e9s b\u00e2ties (TFPB) et \u00e0 la cotisation fonci\u00e8re des entreprises (CFE) pour\nle syndicat de communes SILIAT\n- Ann\u00e9e 2025 -\n20\nArticle  2 : La somme vis\u00e9e \u00e0 l'article 1er sera imput\u00e9e sur le programme 119 / domaine\nfonctionnel 0119-06-07 \u00ab Dotation de compensation des contributions fiscalis \u00e9es \u00bb  / Activit\u00e9\n0119010106A7.\nArticle 3\n: Le secr\u00e9taire g\u00e9n\u00e9ral de la pr\u00e9fecture du Var et la directrice r\u00e9gionale des finances\npubliques de la r\u00e9gion Provence-Alpes-C\u00f4te-d'Azur, directrice d\u00e9partementale des finances\npubliques des Bouches-du-Rh\u00f4ne, sont charg\u00e9s, chacun en ce qui le concerne, de l'ex\u00e9cution\ndu pr\u00e9sent arr\u00eat\u00e9 qui sera publi\u00e9 au recueil des actes administratifs du Var.\n \nDans un d\u00e9lai de deux mois \u00e0 compter de la date de notification de la pr\u00e9sente d\u00e9cision, les recours suivants peuvent \u00eatre \nintroduits conform\u00e9ment aux dispositions des articles R. 421-1 et suivants du code de justice administrative :\n- un recours gracieux, adress\u00e9 \u00e0 : M. le Pr\u00e9fet du Var \u2013 Bd du 112\u00e8me r\u00e9giment d'infanterie- CS 31209 - 83070 TOULON CEDEX\nDans ce cas, le silence de l'administration vaut rejet implicite au terme d'un d\u00e9lai de deux mois.\nApr\u00e8s un recours gracieux, le d\u00e9lai du recours contentieux ne court qu'\u00e0 compter du rejet explicite ou implicite de ce recours.\n- un recours contentieux, en saisissant le Tribunal Administratif de Toulon : 5 rue Racine -BP 40510 - 83 041 TOULON CEDEX 9\nLe tribunal administratif peut \u00eatre saisi par l'application informatique \u00ab T\u00e9l\u00e9recours citoyens \u00bb accessible par le site internet \n\u00ab www.telerecours.fr \u00bb.\n2/2\nPour le pr\u00e9fet et par d\u00e9l\u00e9gation,\nle Secr\u00e9taire g\u00e9n\u00e9ral adjoint,\nSous-pr\u00e9fet charg\u00e9 de mission\nSign\u00e9\nJean-Baptiste MORINAUD\nPr\u00e9fecture du VAR - 83-2025-08-07-00008 - ARR\u00caT\u00c9 PR\u00c9FECTORAL N\u00b0 DCL-BFL-2025-165 et son annexe, du 7 ao\u00fbt 2025\nPortant versement de la dotation de compensation des taxes additionnelles \u00e0 la taxe\nfonci\u00e8re sur les propri\u00e9t\u00e9s b\u00e2ties (TFPB) et \u00e0 la cotisation fonci\u00e8re des entreprises (CFE) pour\nle syndicat de communes SILIAT\n- Ann\u00e9e 2025 -\n21\nDirection g\u00e9n\u00e9rale des finances publiques\nPage 1\nD\u00e9nomination du syndicat\nSILIAT 258301290 0 2104780171\nEtat r\u00e9capitulatif du montant des dotations revenant au titre de l'ann\u00e9e 2025 aux syndicats de communes \n(3\u00b0 du B du III de l'art. 29 de la loi n\u00b0 2020-1721 du 29 d\u00e9cembre 2020 de finances pour 2021)\nSIREN du syndicat \n(9 caract\u00e8res)\nDotation au titre de la \nTFPB\nDotation au titre de la \nCFE\nMontant total de la \ndotation\nN\u00b0 Engagement \nJuridique\n86 885,00 \u20ac 86 885,00 \u20ac\nPr\u00e9fecture du VAR - 83-2025-08-07-00008 - ARR\u00caT\u00c9 PR\u00c9FECTORAL N\u00b0 DCL-BFL-2025-165 et son annexe, du 7 ao\u00fbt 2025\nPortant versement de la dotation de compensation des taxes additionnelles \u00e0 la taxe\nfonci\u00e8re sur les propri\u00e9t\u00e9s b\u00e2ties (TFPB) et \u00e0 la cotisation fonci\u00e8re des entreprises (CFE) pour\nle syndicat de communes SILIAT\n- Ann\u00e9e 2025 -\n22\nPr\u00e9fecture du VAR\n83-2025-08-07-00009\nARRETE PREFECTORAL N\u00b0 DCL-BFL-2025-166 et\nson annexe, du 7 ao\u00fbt 2025\nPortant versement de la dotation de\ncompensation des taxes additionnelles \u00e0 la taxe\nfonci\u00e8re sur les propri\u00e9t\u00e9s b\u00e2ties et \u00e0 la\ncotisation fonci\u00e8re des entreprises aux\n\u00e9tablissements publics de coop\u00e9ration\nintercommunale \u00e0 fiscalit\u00e9 propre du Var ayant\ninstitu\u00e9 la taxe pour la gestion des milieux\naquatiques et la pr\u00e9vention des inondations\n2 GEMAPI 6 - Ann\u00e9e 2025\nPr\u00e9fecture du VAR - 83-2025-08-07-00009 - ARRETE PREFECTORAL N\u00b0 DCL-BFL-2025-166 et son annexe, du 7 ao\u00fbt 2025\nPortant versement de la dotation de compensation des taxes additionnelles \u00e0 la taxe\nfonci\u00e8re sur les propri\u00e9t\u00e9s b\u00e2ties et \u00e0 la cotisation fonci\u00e8re des entreprises aux\n\u00e9tablissements publics de coop\u00e9ration intercommunale \u00e0 fiscalit\u00e9 propre du Var ayant\ninstitu\u00e9 la taxe pour la gestion des milieux aquatiques et la pr\u00e9vention des inondations\n2 GEMAPI 6 - Ann\u00e9e 2025\n23\nDirection de la citoyennet\u00e9 et de la l\u00e9galit\u00e9\nBureau des finances locales\nARRETE PREFECTORAL N\u00b0 DCL-BFL-2025-166 et son annexe, du 7 ao\u00fbt 2025\nPortant versement de la dotation de compensation des taxes additionnelles \u00e0 la taxe\nfonci\u00e8re sur les propri\u00e9t\u00e9s b\u00e2ties et \u00e0 la cotisation fonci\u00e8re des entreprises aux\n\u00e9tablissements publics de coop\u00e9ration intercommunale \u00e0 fiscalit\u00e9 propre du Var ayant\ninstitu\u00e9 la taxe pour la gestion des milieux aquatiques et la pr\u00e9vention des inondations\n\u00ab GEMAPI \u00bb - Ann\u00e9e 2025 \nLe pr\u00e9fet du Var,\nVu  le B du III de l'article 29 de la loi n\u00b02020-1721 d u 29 d\u00e9cembre 2020 de finances pour\n2021 ;\nVu    le d\u00e9cret du Pr\u00e9sident de la R\u00e9publique du 15 mai 2025 portant nomination de M. Simon\nBABRE en qualit\u00e9 de pr\u00e9fet du Var ;\nVu  l 'arr\u00eat\u00e9 pr\u00e9fectoral n\u00b0 2025/12/MCI du 2 juin 2025 p ortant d\u00e9l\u00e9gation de signature \u00e0\nM. Lucien GIUDICELLI, secr\u00e9taire g\u00e9n\u00e9ral de la pr\u00e9fecture du Var ;\nVu la d\u00e9l\u00e9gation de cr\u00e9dit d'engagement et de paiement n\u00b0 2000038408 du 4 juillet 2025\nd'un montant de 104 243,00 \u20ac ;\nSur proposition du secr\u00e9taire g\u00e9n\u00e9ral de la pr\u00e9fecture du Var,\nARRETE :\nArticle 1 : Il est vers\u00e9 aux \u00e9tablissements publics de coop\u00e9rat ion intercommunale \u00e0 fiscalit\u00e9\npropre du Var, pour l'exercice 2025, une somme glob ale de 104 243,00 \u20ac (cent quatre mille\ndeux cent quarante trois euros) qui sera vers\u00e9e selon les modalit\u00e9s d\u00e9finies \u00e0 l'article 3.\n1/2\n- Centre financier : 0119-C002-DP83\n- Centre de co\u00fbt :  PRFSPCL083\n- Activit\u00e9 : 0119010106A9\n- Domaine fonctionnel : 0119-06-09 \nPr\u00e9fecture du VAR - 83-2025-08-07-00009 - ARRETE PREFECTORAL N\u00b0 DCL-BFL-2025-166 et son annexe, du 7 ao\u00fbt 2025\nPortant versement de la dotation de compensation des taxes additionnelles \u00e0 la taxe\nfonci\u00e8re sur les propri\u00e9t\u00e9s b\u00e2ties et \u00e0 la cotisation fonci\u00e8re des entreprises aux\n\u00e9tablissements publics de coop\u00e9ration intercommunale \u00e0 fiscalit\u00e9 propre du Var ayant\ninstitu\u00e9 la taxe pour la gestion des milieux aquatiques et la pr\u00e9vention des inondations\n2 GEMAPI 6 - Ann\u00e9e 2025\n24\nArticle 2  : La somme vis\u00e9e \u00e0 l'article 1er sera imput\u00e9e sur le programme 119 / domaine\nfonctionnel 0119-06-09 \u00ab Dotation de compensation GEMAPI \u00bb / Activit\u00e9 0119010106A9.\nArticle 3     : Le tableau ci-annex\u00e9 pr\u00e9sente, pour chaque EPCI \u00e0  fiscalit\u00e9 propre, le montant de\nla dotation de compensation qui sera vers\u00e9e en 2025.\nArticle 4 : Le secr\u00e9taire g\u00e9n\u00e9ral de la pr\u00e9fecture du Var et la directrice r\u00e9gionale des finances\npubliques de la r\u00e9gion Provence-Alpes-C\u00f4te-d'Azur, directrice d\u00e9partementale des finances\npubliques des Bouches-du-Rh\u00f4ne, sont charg\u00e9s, chacun en ce qui le concerne, de l'ex\u00e9cution\ndu pr\u00e9sent arr\u00eat\u00e9 qui sera publi\u00e9 au recueil des actes administratifs du Var.\n \nDans un d\u00e9lai de deux mois \u00e0 compter de la date de notification de la pr\u00e9sente d\u00e9cision, les recours suivants peuvent \u00eatre \nintroduits conform\u00e9ment aux dispositions des articles R. 421-1 et suivants du code de justice administrative :\n- un recours gracieux, adress\u00e9 \u00e0 : M. le Pr\u00e9fet du Var \u2013 Bd du 112\u00e8me r\u00e9giment d'infanterie- CS 31209 - 83070 TOULON CEDEX\nDans ce cas, le silence de l'administration vaut rejet implicite au terme d'un d\u00e9lai de deux mois.\nApr\u00e8s un recours gracieux, le d\u00e9lai du recours contentieux ne court qu'\u00e0 compter du rejet explicite ou implicite de ce recours.\n- un recours contentieux, en saisissant le Tribunal Administratif de Toulon : 5 rue Racine -BP 40510 - 83 041 TOULON CEDEX 9\nLe tribunal administratif peut \u00eatre saisi par l'application informatique \u00ab T\u00e9l\u00e9recours citoyens \u00bb accessible par le site internet \n\u00ab www.telerecours.fr \u00bb.\n2/2\nPour le pr\u00e9fet et par d\u00e9l\u00e9gation,\nle Secr\u00e9taire g\u00e9n\u00e9ral adjoint,\nSous-pr\u00e9fet charg\u00e9 de mission\nSign\u00e9\nJean-Baptiste MORINAUD\nPr\u00e9fecture du VAR - 83-2025-08-07-00009 - ARRETE PREFECTORAL N\u00b0 DCL-BFL-2025-166 et son annexe, du 7 ao\u00fbt 2025\nPortant versement de la dotation de compensation des taxes additionnelles \u00e0 la taxe\nfonci\u00e8re sur les propri\u00e9t\u00e9s b\u00e2ties et \u00e0 la cotisation fonci\u00e8re des entreprises aux\n\u00e9tablissements publics de coop\u00e9ration intercommunale \u00e0 fiscalit\u00e9 propre du Var ayant\ninstitu\u00e9 la taxe pour la gestion des milieux aquatiques et la pr\u00e9vention des inondations\n2 GEMAPI 6 - Ann\u00e9e 2025\n25\nDirection g\u00e9n\u00e9rale des finances publiques\nPage 1\nD\u00e9nomination de l'EPCI\nCC du Pays de Fayence 200004802 0,00 \u20ac 0,00 \u20ac 0,00 \u20ac\nCC M\u00e9diterran\u00e9e Porte des Maures 200027100 2104780128\nCA Est\u00e9rel C\u00f4te d'Azur Agglom\u00e9ration 200035319 2104780130\nCC du Golfe de Saint-Tropez 200036077 2104780131\nCC Provence Verdon 200040202 0,00 \u20ac 0,00 \u20ac 0,00 \u20ac\nCC Lacs et Gorges du Verdon 200040210 2104780132\nCA de la Provence Verte 200068104 0,00 \u20ac 0,00 \u20ac 0,00 \u20ac\nCA Sud Sainte Baume 248300394 2104780133\nCC de la Vall\u00e9e du Gapeau 248300410 0,00 \u20ac 0,00 \u20ac 0,00 \u20ac\nCA Drac\u00e9nie Provence Verdon Agglom\u00e9ration 248300493 0 ,00 \u20ac 0,00 \u20ac 0,00 \u20ac\nM\u00e9tropole Toulon-Provence-M\u00e9diterran\u00e9e 248300543 2104780134\nCC Coeur du Var 248300550 2104780135\nTOTAL\nEtat r\u00e9capitulatif du montant des dotations revenant au titre de l'ann\u00e9e 2025 aux EPCI \u00e0 fiscalit\u00e9 propre ayant institu\u00e9 la taxe GEMAPI \n(2\u00b0du B du III de l'art. 29 de la loi n\u00b0 2020-1721 du 29 d\u00e9cembre 2020 de finances pour 2021)\nSIREN de l'EPCI \n(9 caract\u00e8res)\nDotation au titre de la \nTFPB\nDotation au titre de la \nCFE\nMontant total de la \ndotation\nN\u00b0 Engagement \nJuridique\n8 238,00 \u20ac 5 333,00 \u20ac 13 571,00 \u20ac\n3 415,00 \u20ac 5 549,00 \u20ac 8 964,00 \u20ac\n2 401,00 \u20ac 4 902,00 \u20ac 7 303,00 \u20ac\n1 323,00 \u20ac 2 759,00 \u20ac 4 082,00 \u20ac\n8 916,00 \u20ac 14 710,00 \u20ac 23 626,00 \u20ac\n16 516,00 \u20ac 18 522,00 \u20ac 35 038,00 \u20ac\n3 267,00 \u20ac 8 392,00 \u20ac 11 659,00 \u20ac\n44 076,00 \u20ac 60 167,00 \u20ac 104 243,00 \u20ac\nPr\u00e9fecture du VAR - 83-2025-08-07-00009 - ARRETE PREFECTORAL N\u00b0 DCL-BFL-2025-166 et son annexe, du 7 ao\u00fbt 2025\nPortant versement de la dotation de compensation des taxes additionnelles \u00e0 la taxe\nfonci\u00e8re sur les propri\u00e9t\u00e9s b\u00e2ties et \u00e0 la cotisation fonci\u00e8re des entreprises aux\n\u00e9tablissements publics de coop\u00e9ration intercommunale \u00e0 fiscalit\u00e9 propre du Var ayant\ninstitu\u00e9 la taxe pour la gestion des milieux aquatiques et la pr\u00e9vention des inondations\n2 GEMAPI 6 - Ann\u00e9e 2025\n26\nPr\u00e9fecture du VAR\n83-2025-08-07-00007\nARR\u00caT\u00c9 PR\u00c9FECTORAL n\u00b0 DCL/BFL/2025-167 du 7\nao\u00fbt 2025\nrelatif \u00e0 la dotation g\u00e9n\u00e9rale de d\u00e9centralisation\nvers\u00e9e au titre de l'am\u00e9nagement,\nde l'entretien et de la gestion des a\u00e9rodromes\nExercice 2025\nPr\u00e9fecture du VAR - 83-2025-08-07-00007 - ARR\u00caT\u00c9 PR\u00c9FECTORAL n\u00b0 DCL/BFL/2025-167 du 7 ao\u00fbt 2025\nrelatif \u00e0 la dotation g\u00e9n\u00e9rale de d\u00e9centralisation vers\u00e9e au titre de l'am\u00e9nagement,\nde l'entretien et de la gestion des a\u00e9rodromes\nExercice 2025\n27\nDirection de la citoyennet\u00e9 et de la l\u00e9galit\u00e9\nBureau des finances locales\nARR\u00caT\u00c9 PR\u00c9FECTORAL n\u00b0 DCL/BFL/2025-167 du 7 ao\u00fbt 2025\nrelatif \u00e0 la dotation g\u00e9n\u00e9rale de d\u00e9centralisation vers\u00e9e au titre de l'am\u00e9nagement, \nde l'entretien et de la gestion des a\u00e9rodromes\nExercice 2025\nLe pr\u00e9fet du Var,\nVula loi modifi\u00e9e n\u00b0 83-8 du 7 janvier 1983 relative \u00e0 la r\u00e9partition de comp\u00e9tences entre\nles communes, les d\u00e9partements, les r\u00e9gions et l'\u00c9tat, notamment son article 98 ; \nVu l'article 28 de la loi modifi\u00e9e n\u00b0 2004-809 du 13 a o\u00fbt 2004 relative aux libert\u00e9s et\nresponsabilit\u00e9s locales ;\nVu le  d\u00e9cret  du  Pr\u00e9sident  de  la  R\u00e9publique  du  15  mai  2 025  portant  nomination  de\nM. Simon BABRE en qualit\u00e9 de pr\u00e9fet du Var ;\nVu l'arr\u00eat\u00e9 pr\u00e9fectoral n\u00b0 2025/12/MCI du 2 juin 2025  portant d\u00e9l\u00e9gation de signature \u00e0\nM. Lucien GIUDICELLI, secr\u00e9taire g\u00e9n\u00e9ral de la pr\u00e9fecture du Var ;\nVu la note d'information de la direction g\u00e9n\u00e9rale des collectivit\u00e9s locales du 19 juin 2025\nrelative \u00e0 la dotation g\u00e9n\u00e9rale de d\u00e9centralisation vers\u00e9e au titre de l'am\u00e9nagement, de\nl'entretien et de la gestion des a\u00e9rodromes pour 2025 ;\nVu les  d\u00e9l\u00e9gations  de  cr\u00e9dits  d'engagement  et  de  paiem ent  \nn\u00b0  2000044368  du\n1er ao\u00fbt 2025 d'un montant de 2 101,00 \u20ac (deux mille cent un euros) ;\nSur proposition du secr\u00e9taire g\u00e9n\u00e9ral de la pr\u00e9fecture du Var,\nARR\u00caTE :\nArticle 1er : La somme de 2 101,00 \u20ac (deux mille cent un euros) est attribu\u00e9e au syndicat mixte\npour l'am\u00e9nagement et l'exploitation du centre de vol \u00e0 voile de Fayence - Tourrettes au titre\nde la dotation g\u00e9n\u00e9rale de d\u00e9centralisation \u00ab a\u00e9rodromes \u2013 ann\u00e9e 2025 \u00bb.\n1/2\n- Centre financier : 0119-C002-DP83\n- Centre de co\u00fbt : PRFSPCL083\n- Domaine fonctionnel : 0119-06-04\n- Article ex\u00e9cution : 63\n- Activit\u00e9 : 0119010106A4\n- EJ : 2104780191  \nPr\u00e9fecture du VAR - 83-2025-08-07-00007 - ARR\u00caT\u00c9 PR\u00c9FECTORAL n\u00b0 DCL/BFL/2025-167 du 7 ao\u00fbt 2025\nrelatif \u00e0 la dotation g\u00e9n\u00e9rale de d\u00e9centralisation vers\u00e9e au titre de l'am\u00e9nagement,\nde l'entretien et de la gestion des a\u00e9rodromes\nExercice 2025\n28\nARTICLE  2 :  Le  secr\u00e9taire  g\u00e9n\u00e9ral  de  la  pr\u00e9fecture  du  Var  et  la  directrice  r\u00e9gionale  des\nfinances publiques de la r\u00e9gion Provence-Alpes-C\u00f4te -d'Azur, directrice d\u00e9partementale des\nfinances publiques des Bouches-du-Rh\u00f4ne, sont charg \u00e9s, chacun en ce qui le concerne, de\nl'ex\u00e9cution du pr\u00e9sent arr\u00eat\u00e9 qui sera publi\u00e9 au recueil des actes administratifs.\nDans un d\u00e9lai de deux mois \u00e0 compter de la date de notification de la pr\u00e9sente d\u00e9cision, les recours suivants peuvent \u00eatre introduits conform\u00e9ment aux dispositions des \narticles R. 421-1 et suivants du code de justice administrative :\n- un recours gracieux, adress\u00e9 \u00e0 : M. le Pr\u00e9fet du Var \u2013 Bd du 112\u00e8me r\u00e9giment d'infanterie- CS 31209 - 83070 TOULON CEDEX\nDans ce cas, le silence de l'administration vaut rejet implicite au terme d'un d\u00e9lai de deux mois.\nApr\u00e8s un recours gracieux, le d\u00e9lai du recours contentieux ne court qu'\u00e0 compter du rejet explicite ou implicite de ce recours.\n- un recours contentieux, en saisissant le Tribunal Administratif de Toulon : 5 rue Racine -BP 40510 - 83 041 TOULON CEDEX 9\nLe tribunal administratif peut \u00eatre saisi par l'application informatique \u00ab T\u00e9l\u00e9recours citoyens \u00bb accessible par le site internet \u00ab www.telerecours.fr \u00bb.\n2/2\nPour le pr\u00e9fet et par d\u00e9l\u00e9gation,\nle Secr\u00e9taire g\u00e9n\u00e9ral adjoint,\nSous-pr\u00e9fet charg\u00e9 de mission\nSign\u00e9\nJean-Baptiste MORINAUD\nPr\u00e9fecture du VAR - 83-2025-08-07-00007 - ARR\u00caT\u00c9 PR\u00c9FECTORAL n\u00b0 DCL/BFL/2025-167 du 7 ao\u00fbt 2025\nrelatif \u00e0 la dotation g\u00e9n\u00e9rale de d\u00e9centralisation vers\u00e9e au titre de l'am\u00e9nagement,\nde l'entretien et de la gestion des a\u00e9rodromes\nExercice 2025\n29\nPr\u00e9fecture du VAR\n83-2025-08-07-00010\nArr\u00eat\u00e9 pr\u00e9fectoral du 7 ao\u00fbt 2025 portant mise\nen demeure \u00c9lectricit\u00e9 de France\nHydro-M\u00e9diterran\u00e9e de respecter, sur le barrage\nde Quinson, situ\u00e9 sur les communes de Quinson\net R\u00e9gusse, les prescriptions de l'article R521-43\ndu code de l'\u00e9nergie, renvoyant \u00e0 l'article\nR214-116\ndu code de l'environnement et l'arr\u00eat\u00e9 du 12 juin\n2008 modifi\u00e9 par l'arr\u00eat\u00e9 du 3 septembre 2018,\nd\u00e9finissant le plan de l'\u00e9tude de dangers et en\npr\u00e9cisant le contenu.\nPr\u00e9fecture du VAR - 83-2025-08-07-00010 - Arr\u00eat\u00e9 pr\u00e9fectoral du 7 ao\u00fbt 2025 portant mise en demeure \u00c9lectricit\u00e9 de France\nHydro-M\u00e9diterran\u00e9e de respecter, sur le barrage de Quinson, situ\u00e9 sur les communes de Quinson et R\u00e9gusse, les prescriptions de\nl'article R521-43 du code de l'\u00e9nergie, renvoyant \u00e0 l'article R214-116\ndu code de l'environnement et l'arr\u00eat\u00e9 du 12 juin 2008 modifi\u00e9 par l'arr\u00eat\u00e9 du 3 septembre 2018, d\u00e9finissant le plan de l'\u00e9tude de\ndangers et en pr\u00e9cisant le contenu.\n30\nPREFET _DE LA REGIONPROVENCE- ALPES-COTE D'AZURLibert\u00e9Egalit\u00e9Fraternit\u00e9\nDirection r\u00e9gionale de l'environnement,\nde l'am\u00e9nagement et du logement\nARR\u00caT\u00c9 INTER PR\u00c9FECTORAL du 7 ao\u00fbt 2025\nportant mise en demeure \u00c9lectricit\u00e9 de France Hydro-M\u00e9diterran\u00e9e de respecter,\nsur le barrage de Quinson, situ\u00e9 sur les communes de Quinson et R\u00e9gusse,\nles prescriptions de l'article R521-43 du code de l'\u00e9nergie, renvoyant \u00e0 l'article R214-116\ndu code de l'environnement et l'arr\u00eat\u00e9 du 12 juin 2008 modifi\u00e9 par l'arr\u00eat\u00e9\ndu 3 septembre 2018, d\u00e9finissant le plan de l'\u00e9tude de dangers et en pr\u00e9cisant le contenu.\nLe pr\u00e9fet des Alpes de Haute Provence,\nLe pr\u00e9fet du Var,\nChevalier de la L\u00e9gion d'honneur\nOfficier de l'Ordre National du M\u00e9rite,\nVu le code de l'\u00e9nergie, en particulier les articles L142-30, L142-31, L521-6, R.521-43 et  \nR521-44 ;\nVu le code de l'environnement, en particulier les articles R214-116 et R214-128 ;\nVu  le  d\u00e9cret  du  Pr\u00e9sident  de  la  R\u00e9publique  du  20  juillet  2022  nommant  \nM. Marc CHAPPUIS, pr\u00e9fet des Alpes-de-Haute-Provence ;\nVu  le  d\u00e9cret  du  Pr\u00e9sident  de  la  R\u00e9publique  du  18  octobre  2023  nommant  \nMme Chlo\u00e9 DEMEULENAERE, secr\u00e9taire g\u00e9n\u00e9rale de la pr\u00e9fecture des Alpes-de-Haute-\nProvence, sous-pr\u00e9f\u00e8te de Digne-les-Bains ;\nVu le d\u00e9cret du Pr\u00e9sident de la R\u00e9publique du 15 mai 2025 nommant M. Simon BABRE,  \npr\u00e9fet du Var ;\nVu  le  d\u00e9cret  du  Pr\u00e9sident  de  la  R\u00e9publique  du  15  avril  2022  portant  nomination  de  \nM. Lucien  GIUDICELLI,  secr\u00e9taire  g\u00e9n\u00e9ral  de  la  pr\u00e9fecture  du  Var,  sous-pr\u00e9fet  de  \nl'arrondissement de Toulon ;\nVu l'arr\u00eat\u00e9 pr\u00e9fectoral n\u00b0  2025/12/MCI du 2 juin 2025  portant d\u00e9l\u00e9gation de signature \u00e0  \nM. Lucien GIUDICELLI, secr\u00e9taire g\u00e9n\u00e9ral de la pr\u00e9fecture du Var ;\nVu le d\u00e9cret de concession du 15 septembre 1971 conc\u00e9dant \u00e0 EDF l'am\u00e9nagement et  \nl'exploitation des chutes de Quinson et Vinon sur le Verdon ;\nVu  le  d\u00e9cret  n\u00b0  2015-526  du  12  mai  2015  relatif  aux  r\u00e8gles  applicables  aux  ouvrages  \nconstruits ou am\u00e9nag\u00e9s en vue de pr\u00e9venir les inondations et aux r\u00e8gles de s\u00fbret\u00e9 des  \nouvrages hydrauliques ;\n1\nPr\u00e9fecture du VAR - 83-2025-08-07-00010 - Arr\u00eat\u00e9 pr\u00e9fectoral du 7 ao\u00fbt 2025 portant mise en demeure \u00c9lectricit\u00e9 de France\nHydro-M\u00e9diterran\u00e9e de respecter, sur le barrage de Quinson, situ\u00e9 sur les communes de Quinson et R\u00e9gusse, les prescriptions de\nl'article R521-43 du code de l'\u00e9nergie, renvoyant \u00e0 l'article R214-116\ndu code de l'environnement et l'arr\u00eat\u00e9 du 12 juin 2008 modifi\u00e9 par l'arr\u00eat\u00e9 du 3 septembre 2018, d\u00e9finissant le plan de l'\u00e9tude de\ndangers et en pr\u00e9cisant le contenu.\n31\nVu le d\u00e9cret n\u00b02016-530 du 27 avril 2016 relatif aux concessions d'\u00e9nergie hydraulique et  \napprouvant le mod\u00e8le de cahier des charges applicable \u00e0 ces concessions ;\nVu l'arr\u00eat\u00e9 minist\u00e9riel du 06 ao\u00fbt 2018 fixant des prescriptions techniques relatives \u00e0 la  \ns\u00e9curit\u00e9 des barrages ;\nVu l'arr\u00eat\u00e9 minist\u00e9riel du 3 septembre 2018 modifiant l'arr\u00eat\u00e9 minist\u00e9riel du 12 juin 2008  \nd\u00e9finissant le plan de l'\u00e9tude de dangers des barrages et des digues et en pr\u00e9cisant le  \ncontenu ;\nVu l'arr\u00eat\u00e9 pr\u00e9fectoral du 12 octobre 2017 fixant la classe des barrages hydro\u00e9lectriques  \nconc\u00e9d\u00e9s \u00e0 \u00c9lectricit\u00e9 de France dans les d\u00e9partements des Alpes-de-Haute-Provence et  \ndu Var et les \u00e9ch\u00e9ances de remise des documents r\u00e9glementaires ;\nVu  l'arr\u00eat\u00e9 inter pr\u00e9fectoral du 22 d\u00e9cembre 2020 modifiant l'\u00e9ch\u00e9ance de remise de  \nl'\u00e9tude de danger du barrage de Quinson ;\nVu la lettre du service charg\u00e9 du contr\u00f4le de la s\u00e9curit\u00e9 des ouvrages hydrauliques du  \n22 f\u00e9vrier 2019, relative \u00e0 la demande de d\u00e9rogation du d\u00e9lai fix\u00e9 de 24  mois, entre la fin  \ndu diagnostic exhaustif et la remise des \u00e9tudes de danger ;\nVu  l'\u00e9tude de danger du barrage de Quinson  (H-30576102-2021-000013 A, approuv\u00e9e le  \n9 avril 2021) et ses annexes transmises par lettre du 13 avril 2021 ;\nVu le courrier du service charg\u00e9 du contr\u00f4le de la s\u00e9curit\u00e9 des ouvrages hydrauliques du  \n12 juillet 2021, relatif aux observations sur l'\u00e9tude de danger du barrage de Quinson ;\nVu  la correspondance  de la soci\u00e9t\u00e9 \u00c9lectricit\u00e9 de France du 17 septembre 2021, relative  \naux r\u00e9ponses aux observations formul\u00e9es sur l'\u00e9tude de danger du barrage de Quinson ;\nVu la note technique Schadex SD (H-44200965-2017-000152 B, approuv\u00e9e le 10 novembre  \n2021), transmise par courriel du 10 novembre 2021 ;\nVu la transmission de la soci\u00e9t\u00e9 \u00c9lectricit\u00e9 de France, du 30 novembre 2021, apportant des \ncompl\u00e9ments de r\u00e9ponses aux observations formul\u00e9es sur l'\u00e9tude de danger du barrage de \nQuinson ;\nVu  le r\u00e9sum\u00e9 non technique de l'\u00e9tude de danger du barrage de Quinson (H-30576102-\n2021-000014 C,  approuv\u00e9 le 14 avril 2022), transmis par voie postale le 12 avril 2022 ;\nVu  le  proc\u00e8s-verbal  de  constat  de  manquement  administratif  de  l'inspecteur  de  \nl'environnement, d\u00fbment habilit\u00e9 et asserment\u00e9 au titre du code de l'\u00e9nergie par l'arr\u00eat\u00e9  \nminist\u00e9riel du 7 juin 2022 \u00e9tabli le 22 juillet 2024 ;\nVu la transmission le 22 juillet 2024 au responsable de l'ouvrage, du proc\u00e8s-verbal sus-vis\u00e9  \net du projet d'arr\u00eat\u00e9 inter pr\u00e9fectoral de mise en demeure du barrage de Quinson, dans le  \ncadre  de  la  proc\u00e9dure  contradictoire  et  conform\u00e9ment  \u00e0  l'article  L142-30  code  de  \nl'\u00e9nergie ;\nVu les observations \u00e9mises par la soci\u00e9t\u00e9 \u00c9lectricit\u00e9 de France le 4 novembre 2024 suite au \nconstat de manquement administratif ;\nVu la transmission, le 18 avril 2025, du projet d'arr\u00eat\u00e9 pr\u00e9fectoral de mise en demeure du  \nbarrage de Quinson valant proc\u00e9dure contradictoire ;\n2\nPr\u00e9fecture du VAR - 83-2025-08-07-00010 - Arr\u00eat\u00e9 pr\u00e9fectoral du 7 ao\u00fbt 2025 portant mise en demeure \u00c9lectricit\u00e9 de France\nHydro-M\u00e9diterran\u00e9e de respecter, sur le barrage de Quinson, situ\u00e9 sur les communes de Quinson et R\u00e9gusse, les prescriptions de\nl'article R521-43 du code de l'\u00e9nergie, renvoyant \u00e0 l'article R214-116\ndu code de l'environnement et l'arr\u00eat\u00e9 du 12 juin 2008 modifi\u00e9 par l'arr\u00eat\u00e9 du 3 septembre 2018, d\u00e9finissant le plan de l'\u00e9tude de\ndangers et en pr\u00e9cisant le contenu.\n32\nVu les observations de l'exploitant du 20 mai 2025 ;\nConsid\u00e9rant que  lors  du  contr\u00f4le  par  \u00e9chantillonnage  de  l'actualisation  de  l'\u00e9tude  de \ndanger  du  barrage  de  Quinson  et  de  l'examen  des  observations  formul\u00e9es  par  le  \nresponsable de l'ouvrage, l'inspecteur de l'environnement, d\u00fbment habilit\u00e9 et asserment\u00e9,  \na constat\u00e9 que :\n\u2022 pour chaque sc \u00e9nario de d\u00e9faillance, la description des zones d'effets des accidents  \npotentiels, des cons\u00e9quences humaines et mat\u00e9rielles ne sont pas pr\u00e9cis\u00e9es ;\n\u2022 les  \u00e9chelles  de  probabilit\u00e9  et  de  gravit\u00e9  utilis\u00e9es  et  le  classement  des  diff\u00e9rents \nsc\u00e9narios dans la matrice les uns par rapport aux autres ne sont pas pr\u00e9sent\u00e9s de  \nfa\u00e7on didactique ;\n\u2022 aucun \u00e9l\u00e9ment cartographique ne vient illustrer les zones de risques significatifs pour \nchacun des sc\u00e9narios de d\u00e9faillance identifi\u00e9s.\nConsid\u00e9rant que ce constat constitue un manquement aux dispositions r\u00e9glementaires  \npr\u00e9vues \u00e0 l'article R.521-43 du code de l'\u00e9nergie, renvoyant \u00e0 l'article R.214-116 du code de  \nl'environnement ;\nConsid\u00e9rant que  lors  du  contr\u00f4le  par  \u00e9chantillonnage  de  l'actualisation  de  l'\u00e9tude  de \ndanger  du  barrage  de  Quinson  et  de  l'examen  des  observations  formul\u00e9es  par  le \nresponsable de l'ouvrage, l'inspecteur de l'environnement, d\u00fbment habilit\u00e9 et asserment\u00e9,  \na constat\u00e9 que :\n\u2022 Le  synoptique  \u00e9lectrique  du  barrage  est  absent  et  l'alimentation  par  le  groupe  \nmotopompe thermique n'est pas pr\u00e9sent\u00e9e dans le corps de l'EDD.\nConsid\u00e9rant que ce constat constitue un manquement aux dispositions r\u00e9glementaires  \npr\u00e9vues  au chapitre  3.1 \u2013 Description de l'ouvrage et analyse fonctionnelle interne \u2013 de  \nl'annexe de l'arr\u00eat\u00e9 du 03 septembre 2018 ;\nConsid\u00e9rant  que  lors  du  contr\u00f4le  par  \u00e9chantillonnage  de  l'actualisation  de  l'\u00e9tude  de \ndanger  du  barrage  de  Quinson  et  de  l'examen  des  observations  formul\u00e9es  par  le  \nresponsable de l'ouvrage, l'inspecteur de l'environnement, d\u00fbment habilit\u00e9 et asserment\u00e9,  \na constat\u00e9 que :\n\u2022 La description des enjeux humains et mat\u00e9riels \u00e0 l'aval se limite \u00e0 ceux compris dans  \nl'onde de submersion relative \u00e0 une rupture totale du barrage. Le niveau de pr\u00e9cision \napport\u00e9 \u00e0 cette description est insuffisant et ne permet de prendre en consid\u00e9ration, \ndans  l'analyse  de  risque,  l'importance  des  enjeux  pouvant  \u00eatre  affect\u00e9s  \u00e0  la  \nd\u00e9faillance d'organes hydrauliques ou de partie d'ouvrages (ERC 2 \u00e0 6).\nConsid\u00e9rant que ce constat constitue un manquement aux dispositions r\u00e9glementaires  \npr\u00e9vues  au  chapitre  3.2  \u2013  Description  de  l'environnement  de  l'ouvrage  et  analyse  \nfonctionnelle externe \u2013 de l'annexe de l'arr\u00eat\u00e9 du 03 septembre 2018 ;\nConsid\u00e9rant  que  lors  du  contr\u00f4le  par  \u00e9chantillonnage  de  l'actualisation  de  l'\u00e9tude  de \ndanger  du  barrage  de  Quinson  et  de  l'examen  des  observations  formul\u00e9es  par  le  \nresponsable de l'ouvrage, l'inspecteur de l'environnement, d\u00fbment habilit\u00e9 et asserment\u00e9,  \na constat\u00e9 que :\n\u2022 Les hypoth\u00e8ses des notes de calcul ne sont pas rappel\u00e9es et les d\u00e9monstrations  \n3\nPr\u00e9fecture du VAR - 83-2025-08-07-00010 - Arr\u00eat\u00e9 pr\u00e9fectoral du 7 ao\u00fbt 2025 portant mise en demeure \u00c9lectricit\u00e9 de France\nHydro-M\u00e9diterran\u00e9e de respecter, sur le barrage de Quinson, situ\u00e9 sur les communes de Quinson et R\u00e9gusse, les prescriptions de\nl'article R521-43 du code de l'\u00e9nergie, renvoyant \u00e0 l'article R214-116\ndu code de l'environnement et l'arr\u00eat\u00e9 du 12 juin 2008 modifi\u00e9 par l'arr\u00eat\u00e9 du 3 septembre 2018, d\u00e9finissant le plan de l'\u00e9tude de\ndangers et en pr\u00e9cisant le contenu.\n33\npr\u00e9sentant la v\u00e9rification des diff\u00e9rents items de l'ATB sont insuffisantes ;\n\u2022 La  perte  d'une  fonction  importante  de  s\u00e9curit\u00e9  par  ouverture  intempestive  ou  \nrupture  d'un  ou  deux  EVC  a  une  probabilit\u00e9  de  d\u00e9faillance  sup\u00e9rieure  \u00e0  10 -4 et  \nconduit \u00e0 une lib\u00e9ration d'eau dangereuse avec 1000 \u00e0 10 000 personnes impact\u00e9es \u00e0 \nl'aval. Dans cette situation, la s\u00e9curit\u00e9 de l'ouvrage n'est pas assur\u00e9e ;\n\u2022 La perte de la fonction d'\u00e9vacuation des crues combin\u00e9e \u00e0 une crue inf\u00e9rieure ou  \n\u00e9gale \u00e0 une crue centennale conduit \u00e0 un d\u00e9passement de la c\u00f4te de vuln\u00e9rabilit\u00e9  \ndes vannes EVC. Dans cette situation, la rupture de l'EVC provoque une lib\u00e9ration  \nd'eau  dangereuse  avec  1000  \u00e0  10  000  personnes  impact\u00e9es  \u00e0  l'aval.  Dans  cette  \nsituation, la s\u00e9curit\u00e9 de l'ouvrage n'est pas assur\u00e9e ;\n\u2022 La perte de la fonction d'\u00e9vacuation des crues combin\u00e9e \u00e0 une crue inf\u00e9rieure ou  \n\u00e9gale \u00e0 une crue centennale conduit \u00e0 un d\u00e9passement de la cote de danger. Dans  \ncette situation, la stabilit\u00e9 de l'ouvrage n'est pas assur\u00e9e avec des marges suffisantes.\nConsid\u00e9rant que ce constat constitue un manquement aux dispositions r\u00e9glementaires  \npr\u00e9vues  au  chapitre  5.2.4  \u2013  Bilan  de  conception  \u2013  de  l'annexe  de  l'arr\u00eat\u00e9  du  \n3 septembre 2018 ;\nConsid\u00e9rant  que  lors  du  contr\u00f4le  par  \u00e9chantillonnage  de  l'actualisation  de  l'\u00e9tude  de \ndanger  du  barrage  de  Quinson  et  de  l'examen  des  observations  formul\u00e9es  par  le  \nresponsable de l'ouvrage, l'inspecteur de l'environnement, d\u00fbment habilit\u00e9 et asserment\u00e9,  \na constat\u00e9 que :\n\u2022 Les \u00e9tudes, les r\u00e9f\u00e9rences, les hypoth\u00e8ses, les m\u00e9thodologies employ\u00e9es caract\u00e9risant \nles crues du Verdon ne sont pas pr\u00e9sent\u00e9es ;\n\u2022 La d\u00e9monstration de l'absence d'incidence potentielle des emb\u00e2cles sur l'ouvrage  \nn'est  pas  aboutie  en  cas  d'exhaussement  de  la  retenue.  Le  poids  des  emb\u00e2cles  \nsusceptibles d'\u00eatre rencontr\u00e9s au niveau de la retenue n'est pas compar\u00e9 \u00e0 la masse  \nmaximale \u00ab  admissible \u00bb \u00e9valu\u00e9e dans la note de calcul de la poutre support de  \ncheminement des tuyaux hydrauliques.\nConsid\u00e9rant que ce constat constitue un manquement aux dispositions r\u00e9glementaires  \npr\u00e9vues au chapitre 6 \u2013 Caract\u00e9risation des al\u00e9as naturels Diagnostic exhaustif du barrage  \n\u2013 de l'annexe de l'arr\u00eat\u00e9 du 3 septembre 2018 ;\nConsid\u00e9rant  que  lors  du  contr\u00f4le  par  \u00e9chantillonnage  de  l'actualisation  de  l'\u00e9tude  de \ndanger  du  barrage  de  Quinson  et  de  l'examen  des  observations  formul\u00e9es  par  le  \nresponsable de l'ouvrage, l'inspecteur de l'environnement, d\u00fbment habilit\u00e9 et asserment\u00e9,  \na constat\u00e9 que :\n\u2022 L'analyse des incidents en lien avec la s\u00fbret\u00e9 survenus dans la vie de l'ouvrage et les  \nmesures d'am\u00e9liorations mises en \u0153uvre sont lacunaires. Les retours d'exp\u00e9rience  \nissus de tous les \u00e9v\u00e9nements en lien avec la s\u00fbret\u00e9 et d\u00e9finis comme leviers des  \nactions d'am\u00e9lioration et de d\u00e9veloppement de la culture de s\u00fbret\u00e9 ne sont pas  \nexploit\u00e9s ;\n\u2022 L'analyse des accidents en lien avec la s\u00fbret\u00e9 survenus sur des ouvrages similaires est  \nincompl\u00e8te.  Aucune  analyse  accidentologie  sur  les  \u00e9l\u00e9ments  de  vantellerie  et  de \n4\nPr\u00e9fecture du VAR - 83-2025-08-07-00010 - Arr\u00eat\u00e9 pr\u00e9fectoral du 7 ao\u00fbt 2025 portant mise en demeure \u00c9lectricit\u00e9 de France\nHydro-M\u00e9diterran\u00e9e de respecter, sur le barrage de Quinson, situ\u00e9 sur les communes de Quinson et R\u00e9gusse, les prescriptions de\nl'article R521-43 du code de l'\u00e9nergie, renvoyant \u00e0 l'article R214-116\ndu code de l'environnement et l'arr\u00eat\u00e9 du 12 juin 2008 modifi\u00e9 par l'arr\u00eat\u00e9 du 3 septembre 2018, d\u00e9finissant le plan de l'\u00e9tude de\ndangers et en pr\u00e9cisant le contenu.\n34\ncontr\u00f4le  commande  n'est  pr\u00e9sent\u00e9e  en  coh\u00e9rence  avec  l'analyse  de  risque  de  \nl'ouvrage.\nConsid\u00e9rant que ce constat constitue un manquement aux dispositions r\u00e9glementaires  \npr\u00e9vues au chapitre 7 \u2013 \u00c9tude accidentologie et retour d'exp\u00e9rience \u2013 de l'annexe de  \nl'arr\u00eat\u00e9 du 3 septembre 2018 ;\nConsid\u00e9rant  que  lors  du  contr\u00f4le  par  \u00e9chantillonnage  de  l'actualisation  de  l'\u00e9tude  de \ndanger  du  barrage  de  Quinson  et  de  l'examen  des  observations  formul\u00e9es  par  le  \nresponsable de l'ouvrage, l'inspecteur de l'environnement, d\u00fbment habilit\u00e9 et asserment\u00e9,  \na constat\u00e9 que :\n\u2022 Les barri\u00e8res valoris\u00e9es dans la d\u00e9cote des probabilit\u00e9s d'occurrence des \u00e9v\u00e8nements \ninitiateurs  (Ei)  ne  sont  pas  suffisamment  d\u00e9crites  dans  leur  ensemble  (d\u00e9tection, \ntransmission, traitement). Les quatre crit\u00e8res d'\u00e9valuation (ind\u00e9pendance, efficacit\u00e9,  \ntemps de r\u00e9ponse, maintien des performances) ne sont pas suffisamment justifi\u00e9s  \npar rapport \u00e0 chacun des Ei contre lesquels elles s'opposent ;\n\u2022 La probabilit\u00e9 d'occurrence de l'\u00e9v\u00e8nement initiateur \u00ab  rupture du barrage amont  \u00bb \nn'est pas fournie dans l'arbre de d\u00e9faillance ;\n\u2022 Les  \u00e9tudes  de  propagation  de  l'onde  de  submersion  ne  sont  pas  fournies  pour  \nchacun des sc\u00e9narios \u00e9tudi\u00e9s. Les m\u00e9thodologies et les hypoth\u00e8ses ayant conduit aux \ncalculs des ondes de submersions ne sont pas indiqu\u00e9es.\nConsid\u00e9rant que ce constat constitue un manquement aux dispositions r\u00e9glementaires  \npr\u00e9vues  au  chapitre  8  \u2013  Identification  et  caract\u00e9risation  des  risques  en  termes  de  \nprobabilit\u00e9  d'occurrence,  d'intensit\u00e9  et  de  cin\u00e9tique  des  effets  et  de  gravit\u00e9  des  \ncons\u00e9quences \u2013 de l'annexe de l'arr\u00eat\u00e9 du 03 septembre 2018 ;\nConsid\u00e9rant  que  lors  du  contr\u00f4le  par  \u00e9chantillonnage  de  l'actualisation  de  l'\u00e9tude  de \ndanger  du  barrage  de  Quinson  et  de  l'examen  des  observations  formul\u00e9es  par  le  \nresponsable de l'ouvrage, l'inspecteur de l'environnement, d\u00fbment habilit\u00e9 et asserment\u00e9,  \na constat\u00e9 que :\n\u2022 Aucun \u00e9l\u00e9ment cartographique ne vient illustrer les zones de risques significatifs pour \nchacun des sc\u00e9narios de d\u00e9faillance identifi\u00e9s hors rupture de l'ouvrage.\nConsid\u00e9rant que ce constat constitue un manquement aux dispositions r\u00e9glementaires  \npr\u00e9vues au chapitre 10 \u2013 Cartographie \u2013 de l'annexe de l'arr\u00eat\u00e9 du 3 septembre 2018 ;\nConsid\u00e9rant que face \u00e0 ce manquement, il convient de faire application des disposition s \nde l'article L142-31 du code de l'\u00e9nergie en mettant en demeure la soci\u00e9t\u00e9 \u00c9lectricit\u00e9 de  \nFrance Hydro-M\u00e9diterran\u00e9e \u2013 Groupement d'usines de Vinon de respecter les dispositions  \nr\u00e9glementaires :\n\u2022 de l'article  R521-43 du code de l'\u00e9nergie, renvoyant \u00e0 l'article R214-116 du code de  \nl'environnement sus-vis\u00e9 ;\n\u2022 des chapitres 3.1, 3.2, 5.2.4, 6, 7 , 8 et 10 de l'annexe de l'arr\u00eat\u00e9 du 03 septembre 2018 \nsusvis\u00e9 ;\nSur  proposition  de  Monsieur  le  secr\u00e9taire  g\u00e9n\u00e9ral  de  la  pr\u00e9fecture  des  \nAlpes-de-Haute-Provence\n5\nPr\u00e9fecture du VAR - 83-2025-08-07-00010 - Arr\u00eat\u00e9 pr\u00e9fectoral du 7 ao\u00fbt 2025 portant mise en demeure \u00c9lectricit\u00e9 de France\nHydro-M\u00e9diterran\u00e9e de respecter, sur le barrage de Quinson, situ\u00e9 sur les communes de Quinson et R\u00e9gusse, les prescriptions de\nl'article R521-43 du code de l'\u00e9nergie, renvoyant \u00e0 l'article R214-116\ndu code de l'environnement et l'arr\u00eat\u00e9 du 12 juin 2008 modifi\u00e9 par l'arr\u00eat\u00e9 du 3 septembre 2018, d\u00e9finissant le plan de l'\u00e9tude de\ndangers et en pr\u00e9cisant le contenu.\n35\net\nde Monsieur le secr\u00e9taire g\u00e9n\u00e9ral de la pr\u00e9fecture du Var,\nARR\u00caTE\nArticle 1  er     :  \nLa soci\u00e9t\u00e9 \u00c9lectricit\u00e9 de France,  ci-apr\u00e8s Hydro-M\u00e9diterran\u00e9e, responsable du barrage de  \nQuinson,  situ\u00e9  sur  la  commune  de  Quinson  dans  le  d\u00e9partement  des  Alpes-de-Haute \nProvence et sur la commune de R\u00e9gusse dans le d\u00e9partement du Var, est mise en demeure \nde respecter les dispositions suivantes, au plus tard le 30 juin 2026 :\nArticle 1-1     :  \n\u2022 Article  R521-43  du  code  de  l'\u00e9nergie,  renvoyant  \u00e0  l'article  R214-116  du  code  de  \nl'environnement en int\u00e9grant au r\u00e9sum\u00e9 non technique du barrage de Quinson :\n\u25e6 une  description  pr\u00e9cise  des  zones  d'effets  des  accidents  potentiels,  des  \ncons\u00e9quences humaines et mat\u00e9rielles pour chaque sc\u00e9nario de d\u00e9faillance ;\n\u25e6 les \u00e9chelles de probabilit\u00e9 et de gravit\u00e9 utilis\u00e9es et le classement des diff\u00e9rents  \nsc\u00e9narios dans la matrice les uns par rapport aux autres ;\n\u25e6 les \u00e9l\u00e9ments cartographiques illustrant les zones de risques significatifs pour  \nchacun des sc\u00e9narios de d\u00e9faillance identifi\u00e9s.\nArticle 1-2     :  \n\u2022 Chapitre 3.1 de l'annexe de l'arr\u00eat\u00e9 du 03 septembre 2018 en int\u00e9grant :\n\u25e6 le synoptique \u00e9lectrique du barrage et une pr\u00e9sentation de l'alimentation en  \n\u00e9nergie par le groupe motopompe thermique dans le corps de l'EDD.\nArticle 1-3     :  \n\u2022 Chapitre 3.2 de l'annexe de l'arr\u00eat\u00e9 du 3 septembre 2018 en :\n\u25e6 pr\u00e9cisant la description des enjeux humains et mat\u00e9riels \u00e0 l'aval pour les scenarii \nde d\u00e9faillance d'organes hydrauliques ou de partie d'ouvrages (ERC 2 \u00e0 6).\nArticle 1-4     :  \n\u2022 Chapitre 5.2.4 de l'annexe de l'arr\u00eat\u00e9 du 3 septembre 2018 en :\n\u25e6 synth\u00e9tisant les hypoth\u00e8ses des notes de calcul et les d\u00e9monstrations \u00e9tablies  \npour la v\u00e9rification des diff\u00e9rents items de l'Arr\u00eat\u00e9 Technique Barrage ;\n\u25e6 justifiant  que  la  perte  d'une  fonction  importante  de  s\u00e9curit\u00e9  par  ouverture \nintempestive ou rupture d'un ou deux EVC a une probabilit\u00e9 de d\u00e9faillance  \ninf\u00e9rieure \u00e0 10-4 ;\n6\nPr\u00e9fecture du VAR - 83-2025-08-07-00010 - Arr\u00eat\u00e9 pr\u00e9fectoral du 7 ao\u00fbt 2025 portant mise en demeure \u00c9lectricit\u00e9 de France\nHydro-M\u00e9diterran\u00e9e de respecter, sur le barrage de Quinson, situ\u00e9 sur les communes de Quinson et R\u00e9gusse, les prescriptions de\nl'article R521-43 du code de l'\u00e9nergie, renvoyant \u00e0 l'article R214-116\ndu code de l'environnement et l'arr\u00eat\u00e9 du 12 juin 2008 modifi\u00e9 par l'arr\u00eat\u00e9 du 3 septembre 2018, d\u00e9finissant le plan de l'\u00e9tude de\ndangers et en pr\u00e9cisant le contenu.\n36\n\u25e6 justifiant que la perte de la fonction d'\u00e9vacuation des crues, combin\u00e9e \u00e0 une  \ncrue,  par  d\u00e9passement  de  la  cote  de  vuln\u00e9rabilit\u00e9  des  vannes  EVC  a  une  \nprobabilit\u00e9 de d\u00e9faillance annuelle inf\u00e9rieure \u00e0 10-4 ;\n\u25e6 justifiant que la sta bilit\u00e9 de l'ouvrage est assur\u00e9e avec des marges suffisantes  \npour les situations de perte de la fonction d'\u00e9vacuation des crues combin\u00e9e \u00e0  \nune crue, ayant une probabilit\u00e9 annuelle de se produire sup\u00e9rieure \u00e0 10-4 .\nArticle 1-5     :  \n\u2022 Chapitre 6 de l'annexe de l'arr\u00eat\u00e9 du 3 septembre 2018 en :\n\u25e6 pr\u00e9sentant  synth\u00e9tiquement  l es  \u00e9tudes,  les  r\u00e9f\u00e9rences,  les  hypoth\u00e8ses,  les  \nm\u00e9thodologies employ\u00e9es pour caract\u00e9riser les crues du Verdon ;\n\u25e6 comparant le poids des emb\u00e2cles susceptibles d'\u00eatre rencontr\u00e9s au niveau de la  \nretenue \u00e0 la masse maximale \u00ab admissible \u00bb \u00e9valu\u00e9e dans la note de calcul de la  \npoutre support de cheminement des tuyaux hydrauliques.\nArticle 1-6     :  \n\u2022 Chapitre 7 de l'annexe de l'arr\u00eat\u00e9 du 3 septembre 2018 en :\n\u25e6 compl\u00e9tant l'analyse des incidents en lien avec la s\u00fbret\u00e9 survenus dans la vie de  \nl'ouvrage et les mesures d'am\u00e9liorations mises en \u0153uvre avec l 'exploitation des \nretours d'exp\u00e9rience issus de tous les \u00e9v\u00e9nements en lien avec la s\u00fbret\u00e9 ;\n\u25e6 compl\u00e9tant l'analyse  des  accidents  en  lien  avec  la  s\u00fbret\u00e9  survenus  sur  des  \n\u00e9l\u00e9ments de vantellerie et de contr\u00f4le commande pour des ouvrages similaires  \nen coh\u00e9rence avec l'analyse de risque de l'ouvrage.\nArticle 1-7     :  \n\u2022 Chapitre 8 de l'annexe de l'arr\u00eat\u00e9 du 3 septembre 2018 en :\n\u25e6 d\u00e9crivant de fa\u00e7on d\u00e9taill\u00e9e les barri\u00e8res de s\u00e9curit\u00e9 ;\n\u25e6 justifiant le niveau de confiance des barri\u00e8res de s\u00e9curit\u00e9 par rapport \u00e0 chacun  \ndes \u00e9v\u00e8nements initiateurs contre lesquels elles s'opposent ;\n\u25e6 pr\u00e9cisant  la  probabilit\u00e9  d'occurrence  de  l'\u00e9v\u00e8nement  initiateur  \u00ab rupture  du \nbarrage amont \u00bb dans l'arbre de d\u00e9faillance.\n\u25e6 fournissant  les  \u00e9tudes  de  propagation  de  l'onde  de  submersion  des  scenarii \n\u00e9tudi\u00e9s ;\n\u25e6 pr\u00e9cisant les m\u00e9thodologies et les hypoth\u00e8ses ayant conduit aux calculs des  \nondes de submersion.\nArticle 1-8     :  \n\u2022 Chapitre 10 de l'annexe de l'arr\u00eat\u00e9 du 3 septembre 2018 en :\n7\nPr\u00e9fecture du VAR - 83-2025-08-07-00010 - Arr\u00eat\u00e9 pr\u00e9fectoral du 7 ao\u00fbt 2025 portant mise en demeure \u00c9lectricit\u00e9 de France\nHydro-M\u00e9diterran\u00e9e de respecter, sur le barrage de Quinson, situ\u00e9 sur les communes de Quinson et R\u00e9gusse, les prescriptions de\nl'article R521-43 du code de l'\u00e9nergie, renvoyant \u00e0 l'article R214-116\ndu code de l'environnement et l'arr\u00eat\u00e9 du 12 juin 2008 modifi\u00e9 par l'arr\u00eat\u00e9 du 3 septembre 2018, d\u00e9finissant le plan de l'\u00e9tude de\ndangers et en pr\u00e9cisant le contenu.\n37\n\u25e6 int\u00e9grant \u00e0 l'\u00e9tude de danger du barrage de Quinson la cartographique de l'onde \nde submersion des scenarii de d\u00e9faillance d'organes hydrauliques ou de partie  \nd'ouvrages (ERC 2 \u00e0 6).\nArticle 2     :  \nDans le cas o\u00f9 l'une des obligations pr\u00e9vues \u00e0 l'article 1 ne serait pas satisfaite dans le d\u00e9lai \npr\u00e9vu par ce m\u00eame article, et ind\u00e9pendamment des poursuites p\u00e9nales qui pourraient  \n\u00eatre engag\u00e9es, il pourra \u00eatre pris \u00e0 l'encontre du responsable  du barrage de Quinson  les \nsanctions aux articles L142-31 et L142-32 du code de l'\u00e9nergie.\nArticle 3     :  \nEn application de l'article R421-1 du code de justice administrative, le pr\u00e9sent arr\u00eat\u00e9 peut  \n\u00eatre d\u00e9f\u00e9r\u00e9 devant le tribunal administratif de  Marseille dans un d\u00e9lai de deux mois \u00e0  \ncompter de la date de notification ou de publication du pr\u00e9sent arr\u00eat\u00e9.  Elle peut faire  \nl'objet  d'un  recours  gracieux  ou  hi\u00e9rarchique  dans  ce  m\u00eame  d\u00e9lai.  Conform\u00e9ment  \u00e0  \nl'article R311-6 du code de justice administrative, le d\u00e9lai de recours contentieux n'est pas  \nprorog\u00e9 par l'exercice d'un recours administratif.\nLe tribunal administratif peut aussi \u00eatre saisi par l'application informatique \u00ab  T\u00e9l\u00e9recours \ncitoyens \u00bb accessible par le site Internet www.telerecours.fr.\nArticle 4:\nLe pr\u00e9sent arr\u00eat\u00e9 est notifi\u00e9 au responsable de l'ouvrage  et publi\u00e9 aux recueils des actes  \nadministratifs de la pr\u00e9fecture des Alpes-de-Haute-Provence et de la pr\u00e9fecture du Var  \nainsi que sur le site internet de celles-ci pendant une dur\u00e9e minimale de deux mois.\nArticle 5     :  \nLe secr\u00e9taire g\u00e9n\u00e9ral de la pr\u00e9fecture des Alpes-de-Haute-Provence et le secr\u00e9taire g\u00e9n\u00e9ral \nde la pr\u00e9fecture du Var, le directeur r\u00e9gional de l'environnement, de l'am\u00e9nagement et du  \nlogement PACA, sont charg\u00e9s, chacun en ce qui le concerne, de l'ex\u00e9cution du pr\u00e9sent  \narr\u00eat\u00e9, dont une copie est transmise aux maires des communes de Quinson et de R\u00e9gusse  \npour information.\nPour le pr\u00e9fet des Alpes-de-Haute-Provence\net par d\u00e9l\u00e9gation,\nSign\u00e9\nLa secr\u00e9taire g\u00e9n\u00e9rale,\nMme Chlo\u00e9 DEMEULENAERE\nPour le pr\u00e9fet du Var\net par d\u00e9l\u00e9gation,\nSign\u00e9\nLe secr\u00e9taire g\u00e9n\u00e9ral adjoint,\nSous-pr\u00e9fet charg\u00e9 de mission,\nM. Jean-Baptiste MORINAUD\n8\nPr\u00e9fecture du VAR - 83-2025-08-07-00010 - Arr\u00eat\u00e9 pr\u00e9fectoral du 7 ao\u00fbt 2025 portant mise en demeure \u00c9lectricit\u00e9 de France\nHydro-M\u00e9diterran\u00e9e de respecter, sur le barrage de Quinson, situ\u00e9 sur les communes de Quinson et R\u00e9gusse, les prescriptions de\nl'article R521-43 du code de l'\u00e9nergie, renvoyant \u00e0 l'article R214-116\ndu code de l'environnement et l'arr\u00eat\u00e9 du 12 juin 2008 modifi\u00e9 par l'arr\u00eat\u00e9 du 3 septembre 2018, d\u00e9finissant le plan de l'\u00e9tude de\ndangers et en pr\u00e9cisant le contenu.\n38\nPr\u00e9fecture du VAR\n83-2025-08-07-00002\narr\u00eat\u00e9 n\u00b02025/07/DS/SESR/PDAC du 7 ao\u00fbt 2025\nmodifiant l'arr\u00eat\u00e9 n\u00b02022/44/DS/SESR/PDAC du\n15 d\u00e9cembre 2022 fixant la composition des\ncommissions m\u00e9dicales d\u00e9partementales\nprimaires pour le contr\u00f4le m\u00e9dical de l'aptitude\n\u00e0 la conduite pour les ann\u00e9es 2023 \u00e0 2027\nPr\u00e9fecture du VAR - 83-2025-08-07-00002 - arr\u00eat\u00e9 n\u00b02025/07/DS/SESR/PDAC du 7 ao\u00fbt 2025 modifiant l'arr\u00eat\u00e9\nn\u00b02022/44/DS/SESR/PDAC du 15 d\u00e9cembre 2022 fixant la composition des commissions m\u00e9dicales d\u00e9partementales primaires pour le\ncontr\u00f4le m\u00e9dical de l'aptitude \u00e0 la conduite pour les ann\u00e9es 2023 \u00e0 2027\n39\n=mPREFETDU VARLibert\u00e9Egalit\u00e9Fraternit\u00e9\nCabinet - Direction des s\u00e9curit\u00e9s\nService de l'\u00e9ducation et\n de la s\u00e9curit\u00e9 routi\u00e8res\nP\u00f4le Droits \u00e0 conduire\nARR\u00caT\u00c9 n\u00b0 2025/07/DS/SESR/PDAC du 7 ao\u00fbt 2025\nmodifiant l'arr\u00eat\u00e9 n\u00b02022/44/DS/SESR/PDAC du 15 d\u00e9cembre 2022 fixant la composition des \ncommissions m\u00e9dicales d\u00e9partementales primaires\npour le contr\u00f4le m\u00e9dical de l'aptitude \u00e0 la conduite\npour les ann\u00e9es 2023 \u00e0 2027\nLe Pr\u00e9fet du Var\nChevalier de la L\u00e9gion d'Honneur,\nChevalier de l'Ordre National du M\u00e9rite\nVu le code de la route, notamment les articles R.226-1 \u00e0 R-226-4 ;\nVu le d\u00e9cret n\u00b02012-886 en date du 17 juillet 2012 relatif au contr\u00f4le m\u00e9dical de l'aptitude \u00e0 la \nconduite ;\nVu  le  d\u00e9cret  du  Pr\u00e9sident  de  la  R\u00e9publique  du  15  mai  2025  portant  nomination  \nde M. Simon BABRE, Pr\u00e9fet du Var  ;\nVu l'arr\u00eat\u00e9 du 20 avril 2012 modifi\u00e9, fixant les conditions d'\u00e9tablissement, de d\u00e9livrance et de  \nvalidit\u00e9 du permis de conduire ;\nVu  l'arr\u00eat\u00e9  du  28  mars  2022,  fixant  la  liste  des  affections  m\u00e9dicales  incompatibles  ou  \ncompatibles avec ou sans am\u00e9nagements ou restrictions pour l'obtention, le renouvellement  \nou le maintien du permis de conduire ou pouvant donner lieu \u00e0 la d\u00e9livrance de permis de  \nconduire de dur\u00e9e de validit\u00e9 limit\u00e9e ;\nVu l'arr\u00eat\u00e9 du 31 juillet 2012 modifi\u00e9, relatif \u00e0 l'organisation du contr\u00f4le m\u00e9dical de  l'aptitude \n\u00e0 la conduite ;\nVu l'arr\u00eat\u00e9 pr\u00e9fectoral n\u00b0 2025/54/MCI du 15 juillet 2025  portant d\u00e9l\u00e9gation de signature \u00e0  \nMme Jos\u00e9phine GUIGLIANO-BOUTONNET, directrice de Cabinet du pr\u00e9fet du Var ;\nVu la demande d'agr\u00e9ment \u00e9mise par le Docteur Jean-Paul CAMUZET en date du 5 juin 2025 ;\nVu l'avis \u00e9mis par le conseil de l'ordre des m\u00e9decins ;\nSur proposition de la directrice de cabinet du pr\u00e9fet du Var ;\nBoulevard du 112\u00e8me R\u00e9giment d'Infanterie\nCS 31209 \u2013 83070 TOULON CEDEX\nT\u00e9l : 04 94 18 83 83\n1/3\nPr\u00e9fecture du VAR - 83-2025-08-07-00002 - arr\u00eat\u00e9 n\u00b02025/07/DS/SESR/PDAC du 7 ao\u00fbt 2025 modifiant l'arr\u00eat\u00e9\nn\u00b02022/44/DS/SESR/PDAC du 15 d\u00e9cembre 2022 fixant la composition des commissions m\u00e9dicales d\u00e9partementales primaires pour le\ncontr\u00f4le m\u00e9dical de l'aptitude \u00e0 la conduite pour les ann\u00e9es 2023 \u00e0 2027\n40\nARR\u00caTE :\nArticle 1  er   :   Le 1) de l'article 1 er de l'arr\u00eat\u00e9 n\u00b0 2022/44/DS/SESR/PDAC du 15 d\u00e9cembre 2022  \nfixant la composition des commissions m\u00e9dicales d\u00e9partementales primaires pour le contr\u00f4le \nm\u00e9dical de l'aptitude \u00e0 la conduite pour les ann\u00e9es 2023 \u00e0 2027 est modifi\u00e9 comme suit :\n1) Commission m\u00e9dicale de DRAGUIGNAN :\nNom du m\u00e9decin Lieu d'exercice P\u00e9riode d'agr\u00e9ment\nM. ESTIENNE Cyril FAYENCE Du 1er janvier 2023 \nau 31 d\u00e9cembre 2027\nM. GILBERT Emmanuel LA CRAU Du 1er janvier 2023 \nau 31 d\u00e9cembre 2027\nM. HO WANG YIN Chan Shing FLAYOSC Du 1er janvier 2023 \nau 31 d\u00e9cembre 2027\nM. LAURE R\u00e9gis CALLIAN Du 1er janvier 2023 \nau 31 d\u00e9cembre 2027\nM. MOUTTE Christian GRIMAUD Du 1er janvier 2023 \nau 31 d\u00e9cembre 2027\nM. ORFILA Jean-Louis LA VALETTE-DU-VAR Du 1er janvier 2023 \nau 31 d\u00e9cembre 2027\nM. VUILLARD Pierre FREJUS Du 1er janvier 2023 \nau 31 d\u00e9cembre 2027\nM. ZETTELMAIER TOULON Du 5 f\u00e9vrier 2025\nau 31 d\u00e9cembre 2027\nArticle 2 :  Le 2) b) de l'article 1 er de l'arr\u00eat\u00e9 n\u00b0 2022/44/DS/SESR/PDAC du 15 d\u00e9cembre 2022  \nfixant la composition des commissions m\u00e9dicales d\u00e9partementales primaires pour le contr\u00f4le \nm\u00e9dical de l'aptitude \u00e0 la conduite pour les ann\u00e9es 2023 \u00e0 2027 est modifi\u00e9 comme suit  :\nb)  Membres  suppl\u00e9ants  conform\u00e9ment  au  paragraphe  1B  de  l'article  10  de  l'arr\u00eat\u00e9  du  \n31 juillet 2012 modifi\u00e9, relatif \u00e0 l'organisation du contr\u00f4le m\u00e9dical de l'aptitude \u00e0 la conduite\nNom du m\u00e9decin Lieu d'exercice P\u00e9riode d'agr\u00e9ment\nM. CAMUZET Jean-Paul HYERES-LES-PALMIERS Du 1er janvier 2023 \nau 31 d\u00e9cembre 2027\nM. FENOY Ren\u00e9 LA SEYNE-SUR-MER Du 1er janvier 2023 \nau 31 d\u00e9cembre 2027\nMme HARICHANE Wahaba MEOUNES-LES-MONTRIEUX Du 1er janvier 2023 \nau 31 d\u00e9cembre 2027\nMme TREFOURET Sylvie LA SEYNE-SUR-MER Du 1er janvier 2023 \nau 31 d\u00e9cembre 2027\n2/3\nPr\u00e9fecture du VAR - 83-2025-08-07-00002 - arr\u00eat\u00e9 n\u00b02025/07/DS/SESR/PDAC du 7 ao\u00fbt 2025 modifiant l'arr\u00eat\u00e9\nn\u00b02022/44/DS/SESR/PDAC du 15 d\u00e9cembre 2022 fixant la composition des commissions m\u00e9dicales d\u00e9partementales primaires pour le\ncontr\u00f4le m\u00e9dical de l'aptitude \u00e0 la conduite pour les ann\u00e9es 2023 \u00e0 2027\n41\nArticle 2 : Cet arr\u00eat\u00e9 prend effet \u00e0 compter du 11 ao\u00fbt 2025.\nArticle 3 :  La directrice de cabinet du pr\u00e9fet du Var est charg\u00e9e  de l'ex\u00e9cution du pr\u00e9sent  \narr\u00eat\u00e9 qui sera publi\u00e9 au recueil des actes administratifs de la pr\u00e9fecture du Var.\nFait \u00e0 Toulon, le 7 ao\u00fbt 2025\nPour le Pr\u00e9fet et par d\u00e9l\u00e9gation, \nLa Directrice de Cabinet\nSign\u00e9\nJos\u00e9phine GUIGLIANO-BOUTONNET\n3/3\nPr\u00e9fecture du VAR - 83-2025-08-07-00002 - arr\u00eat\u00e9 n\u00b02025/07/DS/SESR/PDAC du 7 ao\u00fbt 2025 modifiant l'arr\u00eat\u00e9\nn\u00b02022/44/DS/SESR/PDAC du 15 d\u00e9cembre 2022 fixant la composition des commissions m\u00e9dicales d\u00e9partementales primaires pour le\ncontr\u00f4le m\u00e9dical de l'aptitude \u00e0 la conduite pour les ann\u00e9es 2023 \u00e0 2027\n42\nPr\u00e9fecture du VAR\n83-2025-08-07-00003\narr\u00eat\u00e9 n\u00b02025/08/DS/SESR/PDAC du 7 ao\u00fbt 2025\nmodifiant l'arr\u00eat\u00e9 n\u00b02022/45/DS/SESR/PDAC du\n15 d\u00e9cembre 2022 fixant la composition de la\ncommission m\u00e9dicale d\u00e9partementale d'appel\npour le contr\u00f4le m\u00e9dical de l'aptitude \u00e0 la\nconduite pour les ann\u00e9es 2023 \u00e0 2027\nPr\u00e9fecture du VAR - 83-2025-08-07-00003 - arr\u00eat\u00e9 n\u00b02025/08/DS/SESR/PDAC du 7 ao\u00fbt 2025 modifiant l'arr\u00eat\u00e9\nn\u00b02022/45/DS/SESR/PDAC du 15 d\u00e9cembre 2022 fixant la composition de la commission m\u00e9dicale d\u00e9partementale d'appel pour le\ncontr\u00f4le m\u00e9dical de l'aptitude \u00e0 la conduite pour les ann\u00e9es 2023 \u00e0 2027\n43\n=mPREFETDU VARLibert\u00e9Egalit\u00e9Fraternit\u00e9\nCabinet - Direction des s\u00e9curit\u00e9s\nService de l'\u00e9ducation et\n de la s\u00e9curit\u00e9 routi\u00e8res\nP\u00f4le Droits \u00e0 conduire\nARR\u00caT\u00c9 n\u00b0 2025/08/DS/SESR/PDAC du 7 ao\u00fbt 2025\nmodifiant l'arr\u00eat\u00e9 n\u00b02022/45/DS/SESR/PDAC du 15 d\u00e9cembre 2022 fixant la composition de la \ncommission m\u00e9dicale d\u00e9partementale d'appel\npour le contr\u00f4le m\u00e9dical de l'aptitude \u00e0 la conduite\npour les ann\u00e9es 2023 \u00e0 2027\nLe Pr\u00e9fet du Var\nChevalier de la L\u00e9gion d'Honneur,\nChevalier de l'Ordre National du M\u00e9rite\nVu le code de la route, notamment les articles R.226-1 \u00e0 R-226-4 ;\nVu le d\u00e9cret n\u00b02012-886 en date du 17 juillet 2012 relatif au contr\u00f4le m\u00e9dical de l'aptitude \u00e0 la \nconduite ;\nVu  le  d\u00e9cret  du  Pr\u00e9sident  de  la  R\u00e9publique  du  15  mai  2025  portant  nomination  \nde M. Simon BABRE, Pr\u00e9fet du Var  ;\nVu l'arr\u00eat\u00e9 du 20 avril 2012 modifi\u00e9, fixant les conditions d'\u00e9tablissement, de d\u00e9livrance et de  \nvalidit\u00e9 du permis de conduire ;\nVu  l'arr\u00eat\u00e9  du  28  mars  2022,  fixant  la  liste  des  affections  m\u00e9dicales  incompatibles  ou  \ncompatibles avec ou sans am\u00e9nagements ou restrictions pour l'obtention, le renouvellement  \nou le maintien du permis de conduire ou pouvant donner lieu \u00e0 la d\u00e9livrance de permis de  \nconduire de dur\u00e9e de validit\u00e9 limit\u00e9e ;\nVu l'arr\u00eat\u00e9 du 31 juillet 2012 modifi\u00e9, relatif \u00e0 l'organisation du contr\u00f4le m\u00e9dical de  l'aptitude \n\u00e0 la conduite ;\nVu l'arr\u00eat\u00e9 pr\u00e9fectoral n\u00b0 2025/54/MCI du 15 juillet 2025  portant d\u00e9l\u00e9gation de signature \u00e0  \nMme Jos\u00e9phine GUIGLIANO-BOUTONNET, directrice de Cabinet du pr\u00e9fet du Var ;\nVu la demande d'agr\u00e9ment \u00e9mise par le Docteur Jean-Paul CAMUZET en date du 5 juin 2025 ;\nVu l'avis \u00e9mis par le conseil de l'ordre des m\u00e9decins ;\nSur proposition de la directrice de cabinet du pr\u00e9fet du Var ;\nBoulevard du 112\u00e8me R\u00e9giment d'Infanterie\nCS 31209 \u2013 83070 TOULON CEDEX\nT\u00e9l : 04 94 18 83 83\n1/2\nPr\u00e9fecture du VAR - 83-2025-08-07-00003 - arr\u00eat\u00e9 n\u00b02025/08/DS/SESR/PDAC du 7 ao\u00fbt 2025 modifiant l'arr\u00eat\u00e9\nn\u00b02022/45/DS/SESR/PDAC du 15 d\u00e9cembre 2022 fixant la composition de la commission m\u00e9dicale d\u00e9partementale d'appel pour le\ncontr\u00f4le m\u00e9dical de l'aptitude \u00e0 la conduite pour les ann\u00e9es 2023 \u00e0 2027\n44\nARR\u00caTE :\nArticle 1  er   :   L'article 1 er de l'arr\u00eat\u00e9 2022/45/DS/SESR/PDAC du 15 d\u00e9cembre 2022 fixant la  \ncomposition de la commission m\u00e9dicale d\u00e9partementale d'appel pour le contr\u00f4le m\u00e9dical de  \nl'aptitude \u00e0 la conduite pour les ann\u00e9es 2023 \u00e0 2027 est modifi\u00e9 comme suit :\nsont  d\u00e9sign\u00e9s,  en  qualit\u00e9  de  membres  de  la  commission  m\u00e9dicale  d'appel  du  Var,  les  \nm\u00e9decins dont les noms suivent, et pour la p\u00e9riode pr\u00e9cis\u00e9e individuellement :\nM\u00e9decine vasculaire :\n- M. CAMUZET Jean-Paul, exer\u00e7ant \u00e0 HYERES-LES-PALMIERS, exercera la fonction de Pr\u00e9sident. \nIl est agr\u00e9\u00e9 du 1er janvier 2023 au 31 d\u00e9cembre 2027.\nM\u00e9decine g\u00e9n\u00e9rale     :  \n- Mme BAUDRY Dominique, exer\u00e7ant \u00e0 HYERES-LES-PALMIERS, est agr\u00e9\u00e9e du 1 er janvier 2023  \nau 31 d\u00e9cembre 2027 .\n-  Mme  HARICHANE  Wahaba,  exer\u00e7ant  \u00e0  MEOUNES-LES-MONTRIEUX,  est  agr\u00e9\u00e9e  du  \n1er janvier 2023 au 31 d\u00e9cembre 2027 .\n- M. LAURE R\u00e9gis, exer\u00e7ant \u00e0 CALLIAN, est agr\u00e9\u00e9 du 1er janvier 2023 au 31 d\u00e9cembre 2027 .\nCardiologie     :  \n- M. FENOY Ren\u00e9, exer\u00e7ant \u00e0 LA SEYNE-SUR-MER, est agr\u00e9\u00e9 du 1er janvier 2023 au 31 d\u00e9cembre \n2027 .\nNeurologie     :  \n- Mme TREFOURET Sylvie, exer\u00e7ant \u00e0 LA SEYNE-SUR-MER, est agr\u00e9\u00e9e du 1 er janvier 2023 au 31  \nd\u00e9cembre 2027 .\nArticle 2 : Cet arr\u00eat\u00e9 prend effet \u00e0 compter du 11 ao\u00fbt 2025.\nArticle 3 :  La directrice de cabinet du pr\u00e9fet du Var est charg\u00e9e  de l'ex\u00e9cution du pr\u00e9sent  \narr\u00eat\u00e9 qui sera publi\u00e9 au recueil des actes administratifs de la pr\u00e9fecture du Var.\nFait \u00e0 Toulon, le 7 ao\u00fbt 2025\nPour le Pr\u00e9fet et par d\u00e9l\u00e9gation, \nLa Directrice de Cabinet\nSign\u00e9\nJos\u00e9phine GUIGLIANO-BOUTONNET\n2/2\nPr\u00e9fecture du VAR - 83-2025-08-07-00003 - arr\u00eat\u00e9 n\u00b02025/08/DS/SESR/PDAC du 7 ao\u00fbt 2025 modifiant l'arr\u00eat\u00e9\nn\u00b02022/45/DS/SESR/PDAC du 15 d\u00e9cembre 2022 fixant la composition de la commission m\u00e9dicale d\u00e9partementale d'appel pour le\ncontr\u00f4le m\u00e9dical de l'aptitude \u00e0 la conduite pour les ann\u00e9es 2023 \u00e0 2027\n45\nPr\u00e9fecture du VAR\n83-2025-08-07-00004\narr\u00eat\u00e9 n\u00b02025/09/DS/SESR/PDAC du 7 ao\u00fbt 2025\nmodifiant l'arr\u00eat\u00e9 n\u00b02022/38/DS/SESR/PDAC du\n15 d\u00e9cembre 2022 portant agr\u00e9ment du Docteur\nVUILLARD Pierre pour le contr\u00f4le m\u00e9dical de\nl'aptitude \u00e0 la conduite\nPr\u00e9fecture du VAR - 83-2025-08-07-00004 - arr\u00eat\u00e9 n\u00b02025/09/DS/SESR/PDAC du 7 ao\u00fbt 2025 modifiant l'arr\u00eat\u00e9\nn\u00b02022/38/DS/SESR/PDAC du 15 d\u00e9cembre 2022 portant agr\u00e9ment du Docteur VUILLARD Pierre pour le contr\u00f4le m\u00e9dical de\nl'aptitude \u00e0 la conduite\n46\n=mPREFETDU VARLibert\u00e9Egalit\u00e9Fraternit\u00e9\nCabinet - Direction des s\u00e9curit\u00e9s\nService de l'\u00e9ducation et\n de la s\u00e9curit\u00e9 routi\u00e8res\nP\u00f4le Droits \u00e0 conduire\n ARR\u00caT\u00c9 n\u00b0 2025/09/DS/SESR/PDAC du 7 ao\u00fbt 2025\n                     modifiant l'arr\u00eat\u00e9 n\u00b0 2022/38/DS/SESR/PDAC du 15 d\u00e9cembre 2022 portant \nagr\u00e9ment du Docteur VUILLARD Pierre                      \npour le contr\u00f4le m\u00e9dical de l'aptitude \u00e0 la conduite\nLe Pr\u00e9fet du Var\nChevalier de la L\u00e9gion d'Honneur,\nChevalier de l'Ordre National du M\u00e9rite\nVu le code de la route, notamment les articles R.226-1 \u00e0 R-226-4 ;\nVu le d\u00e9cret n\u00b02012-886 en date du 17 juillet 2012 relatif au contr\u00f4le m\u00e9dical de l'aptitude \u00e0 la \nconduite ;\nVu  le  d\u00e9cret  du  Pr\u00e9sident  de  la  R\u00e9publique  du  15  mai  2025  portant  nomination  \nde M. Simon BABRE, Pr\u00e9fet du Var  ;\nVu l'arr\u00eat\u00e9 du 20 avril 2012 modifi\u00e9, fixant les conditions d'\u00e9tablissement, de d\u00e9livrance et de  \nvalidit\u00e9 du permis de conduire ;\nVu  l'arr\u00eat\u00e9  du  28  mars  2022,  fixant  la  liste  des  affections  m\u00e9dicales  incompatibles  ou  \ncompatibles avec ou sans am\u00e9nagements ou restrictions pour l'obtention, le renouvellement  \nou le maintien du permis de conduire ou pouvant donner lieu \u00e0 la d\u00e9livrance de permis de  \nconduire de dur\u00e9e de validit\u00e9 limit\u00e9e ;\nVu l'article 6 de l'arr\u00eat\u00e9 du 31 juillet 2012 modifi\u00e9, relatif \u00e0 l'organisation du contr\u00f4le m\u00e9dical  \nde l'aptitude \u00e0 la conduite ;\nVu l'arr\u00eat\u00e9 pr\u00e9fectoral n\u00b0 2025/54/MCI du 15 juillet 2025  portant d\u00e9l\u00e9gation de signature \u00e0  \nMme Jos\u00e9phine GUIGLIANO-BOUTONNET, directrice de Cabinet du pr\u00e9fet du Var ;\nVu la demande du Docteur Pierre VUILLARD en date du 21 avril 2022 ;\nSur proposition de la directrice de cabinet du pr\u00e9fet du Var, \nARR\u00caTE :\nArticle 1  er   :   Le Docteur  Pierre VUILLARD , exer\u00e7ant au 107 rue Jean Jaur\u00e8s \u2013 83600 FREJUS, est  \nagr\u00e9\u00e9  pour le contr\u00f4le m\u00e9dical de l'aptitude \u00e0 la conduite  dans le d\u00e9partement du Var, en  \ntant que :\n- m\u00e9decin consultant hors commission m\u00e9dicale,\n- m\u00e9decin si\u00e9geant en commission m\u00e9dicale primaire de Draguignan.\nBoulevard du 112\u00e8me R\u00e9giment d'InfanterieCS 31209 \u2013 83070 TOULON CEDEX\nT\u00e9l : 04 94 18 83 83\n1/2\nPr\u00e9fecture du VAR - 83-2025-08-07-00004 - arr\u00eat\u00e9 n\u00b02025/09/DS/SESR/PDAC du 7 ao\u00fbt 2025 modifiant l'arr\u00eat\u00e9\nn\u00b02022/38/DS/SESR/PDAC du 15 d\u00e9cembre 2022 portant agr\u00e9ment du Docteur VUILLARD Pierre pour le contr\u00f4le m\u00e9dical de\nl'aptitude \u00e0 la conduite\n47\nArticle 2 :  L'article 2 de l'arr\u00eat\u00e9 n\u00b0 2022/38/DS/SESR/PDAC du 15 d\u00e9cembre 2022 portant  \nagr\u00e9ment du Docteur Pierre VUILLARD pour le contr\u00f4le m\u00e9dical de l'aptitude \u00e0 la conduite  \nest modifi\u00e9 comme suit :\nL'agr\u00e9ment est accord\u00e9 du 1er janvier 2023 au 31 d\u00e9cembre 2027 .\nArticle 3 : Cet arr\u00eat\u00e9 prend effet \u00e0 compter du 11 ao\u00fbt 2025.\nArticle 4 :  La directrice de cabinet du pr\u00e9fet du Var est charg\u00e9e de l'ex\u00e9cution du pr\u00e9sent  \narr\u00eat\u00e9 qui sera publi\u00e9 au recueil des actes administratifs de la pr\u00e9fecture du Var.\nFait \u00e0 Toulon, le 7 ao\u00fbt 2025\nPour le Pr\u00e9fet et par d\u00e9l\u00e9gation, \nLa Directrice de Cabinet\nSign\u00e9\nJos\u00e9phine GUIGLIANO-BOUTONNET\n  \n2/2\nPr\u00e9fecture du VAR - 83-2025-08-07-00004 - arr\u00eat\u00e9 n\u00b02025/09/DS/SESR/PDAC du 7 ao\u00fbt 2025 modifiant l'arr\u00eat\u00e9\nn\u00b02022/38/DS/SESR/PDAC du 15 d\u00e9cembre 2022 portant agr\u00e9ment du Docteur VUILLARD Pierre pour le contr\u00f4le m\u00e9dical de\nl'aptitude \u00e0 la conduite\n48\nPr\u00e9fecture du VAR\n83-2025-08-07-00005\narr\u00eat\u00e9 n\u00b02025/10/DS/SESR/PDAC du 7 ao\u00fbt 2025\nmodifiant l'arr\u00eat\u00e9 n\u00b02022/DS/SESR/PDAC du 15\nd\u00e9cembre 2022 portant agr\u00e9ment du Docteur\nCAILLE-LEHEZEE Ren\u00e9e pour le contr\u00f4le m\u00e9dical\nde l'aptitude \u00e0 la conduite\nPr\u00e9fecture du VAR - 83-2025-08-07-00005 - arr\u00eat\u00e9 n\u00b02025/10/DS/SESR/PDAC du 7 ao\u00fbt 2025 modifiant l'arr\u00eat\u00e9 n\u00b02022/DS/SESR/PDAC\ndu 15 d\u00e9cembre 2022 portant agr\u00e9ment du Docteur CAILLE-LEHEZEE Ren\u00e9e pour le contr\u00f4le m\u00e9dical de l'aptitude \u00e0 la conduite 49\n=mPREFETDU VARLibert\u00e9Egalit\u00e9Fraternit\u00e9\nCabinet - Direction des s\u00e9curit\u00e9s\nService de l'\u00e9ducation et\n de la s\u00e9curit\u00e9 routi\u00e8res\nP\u00f4le Droits \u00e0 conduire\n ARR\u00caT\u00c9 n\u00b0 2025/10/DS/SESR/PDAC du 7 ao\u00fbt 2025\n                     modifiant l'arr\u00eat\u00e9 n\u00b0 2022/07/DS/SESR/PDAC du 15 d\u00e9cembre 2022 portant \nagr\u00e9ment du Docteur CAILLE-LEHEZEE Ren\u00e9e                      \npour le contr\u00f4le m\u00e9dical de l'aptitude \u00e0 la conduite\nLe Pr\u00e9fet du Var\nChevalier de la L\u00e9gion d'Honneur,\nChevalier de l'Ordre National du M\u00e9rite\nVu le code de la route, notamment les articles R.226-1 \u00e0 R-226-4 ;\nVu le d\u00e9cret n\u00b02012-886 en date du 17 juillet 2012 relatif au contr\u00f4le m\u00e9dical de l'aptitude \u00e0 la \nconduite ;\nVu  le  d\u00e9cret  du  Pr\u00e9sident  de  la  R\u00e9publique  du  15  mai  2025  portant  nomination  \nde M. Simon BABRE, Pr\u00e9fet du Var  ;\nVu l'arr\u00eat\u00e9 du 20 avril 2012 modifi\u00e9, fixant les conditions d'\u00e9tablissement, de d\u00e9livrance et de  \nvalidit\u00e9 du permis de conduire ;\nVu  l'arr\u00eat\u00e9  du  28  mars  2022,  fixant  la  liste  des  affections  m\u00e9dicales  incompatibles  ou  \ncompatibles avec ou sans am\u00e9nagements ou restrictions pour l'obtention, le renouvellement  \nou le maintien du permis de conduire ou pouvant donner lieu \u00e0 la d\u00e9livrance de permis de  \nconduire de dur\u00e9e de validit\u00e9 limit\u00e9e ;\nVu l'article 6 de l'arr\u00eat\u00e9 du 31 juillet 2012 modifi\u00e9, relatif \u00e0 l'organisation du contr\u00f4le m\u00e9dical  \nde l'aptitude \u00e0 la conduite ;\nVu l'arr\u00eat\u00e9 pr\u00e9fectoral n\u00b0 2025/54/MCI du 15 juillet 2025  portant d\u00e9l\u00e9gation de signature \u00e0  \nMme Jos\u00e9phine GUIGLIANO-BOUTONNET, directrice de Cabinet du pr\u00e9fet du Var ;\nVu la demande du Docteur Ren\u00e9e CAILLE-LEHEZEE en date du 7 juin 2022 ;\nSur proposition de la directrice de cabinet du pr\u00e9fet du Var, \nARR\u00caTE :\nArticle 1  er   :   Le Docteur Ren\u00e9e CAILLE-LEHEZEE, exer\u00e7ant au 37 boulevard Bonfils  \u2013 83470  \nSAINT-MAXIMIN, est agr\u00e9\u00e9e  pour le contr\u00f4le m\u00e9dical de l'aptitude \u00e0 la conduite  dans le  \nd\u00e9partement du Var, en tant que :\n- m\u00e9decin consultant hors commission m\u00e9dicale.\nBoulevard du 112\u00e8me R\u00e9giment d'InfanterieCS 31209 \u2013 83070 TOULON CEDEX\nT\u00e9l : 04 94 18 83 83\n1/2\nPr\u00e9fecture du VAR - 83-2025-08-07-00005 - arr\u00eat\u00e9 n\u00b02025/10/DS/SESR/PDAC du 7 ao\u00fbt 2025 modifiant l'arr\u00eat\u00e9 n\u00b02022/DS/SESR/PDAC\ndu 15 d\u00e9cembre 2022 portant agr\u00e9ment du Docteur CAILLE-LEHEZEE Ren\u00e9e pour le contr\u00f4le m\u00e9dical de l'aptitude \u00e0 la conduite 50\nArticle 2 :  L'article 2 de l'arr\u00eat\u00e9 n\u00b0 2022/07/DS/SESR/PDAC du 15 d\u00e9cembre 2022 portant  \nagr\u00e9ment du Docteur Ren\u00e9e CAILLE-LEHEZEE pour le contr\u00f4le m\u00e9dical de l'aptitude \u00e0 la  \nconduite est modifi\u00e9 comme suit :  \nL'agr\u00e9ment est accord\u00e9 du 1er janvier 2023 au 31 d\u00e9cembre 2027 .\nArticle 3 : Cet arr\u00eat\u00e9 prend effet \u00e0 compter du 11 ao\u00fbt 2025.\nArticle 4 :  La directrice de cabinet du pr\u00e9fet du Var est charg\u00e9e de l'ex\u00e9cution du pr\u00e9sent  \narr\u00eat\u00e9 qui sera publi\u00e9 au recueil des actes administratifs de la pr\u00e9fecture du Var.\nFait \u00e0 Toulon, le 7 ao\u00fbt 2025\nPour le Pr\u00e9fet et par d\u00e9l\u00e9gation, \nLa Directrice de Cabinet\nSign\u00e9\nJos\u00e9phine GUIGLIANO-BOUTONNET\n  \n2/2\nPr\u00e9fecture du VAR - 83-2025-08-07-00005 - arr\u00eat\u00e9 n\u00b02025/10/DS/SESR/PDAC du 7 ao\u00fbt 2025 modifiant l'arr\u00eat\u00e9 n\u00b02022/DS/SESR/PDAC\ndu 15 d\u00e9cembre 2022 portant agr\u00e9ment du Docteur CAILLE-LEHEZEE Ren\u00e9e pour le contr\u00f4le m\u00e9dical de l'aptitude \u00e0 la conduite 51\nPr\u00e9fecture du VAR\n83-2025-08-07-00006\narr\u00eat\u00e9 n\u00b02025/11/DS/SESR/PDAC du 7 ao\u00fbt 2025\nmodifiant l'arr\u00eat\u00e9 n\u00b02022/48/DS/SESR/PDAC du\n15 d\u00e9cembre 2022 portant agr\u00e9ment du Docteur\nDAVID-CALVET Xavier pour le contr\u00f4le m\u00e9dical\nde l'aptitude \u00e0 la conduite\nPr\u00e9fecture du VAR - 83-2025-08-07-00006 - arr\u00eat\u00e9 n\u00b02025/11/DS/SESR/PDAC du 7 ao\u00fbt 2025 modifiant l'arr\u00eat\u00e9\nn\u00b02022/48/DS/SESR/PDAC du 15 d\u00e9cembre 2022 portant agr\u00e9ment du Docteur DAVID-CALVET Xavier pour le contr\u00f4le m\u00e9dical de\nl'aptitude \u00e0 la conduite\n52\n=mPREFETDU VARLibert\u00e9Egalit\u00e9Fraternit\u00e9\nCabinet - Direction des s\u00e9curit\u00e9s\nService de l'\u00e9ducation et\n de la s\u00e9curit\u00e9 routi\u00e8res\nP\u00f4le Droits \u00e0 conduire\n ARR\u00caT\u00c9 n\u00b0 2025/11/DS/SESR/PDAC du 7 ao\u00fbt 2025\n                     modifiant l'arr\u00eat\u00e9 n\u00b0 2022/48/DS/SESR/PDAC du 15 d\u00e9cembre 2022 portant \nagr\u00e9ment du Docteur DAVID-CALVET Xavier                      \npour le contr\u00f4le m\u00e9dical de l'aptitude \u00e0 la conduite\nLe Pr\u00e9fet du Var\nChevalier de la L\u00e9gion d'Honneur,\nChevalier de l'Ordre National du M\u00e9rite\nVu le code de la route, notamment les articles R.226-1 \u00e0 R-226-4 ;\nVu le d\u00e9cret n\u00b02012-886 en date du 17 juillet 2012 relatif au contr\u00f4le m\u00e9dical de l'aptitude \u00e0 la \nconduite ;\nVu  le  d\u00e9cret  du  Pr\u00e9sident  de  la  R\u00e9publique  du  15  mai  2025  portant  nomination  \nde M. Simon BABRE, Pr\u00e9fet du Var  ;\nVu l'arr\u00eat\u00e9 du 20 avril 2012 modifi\u00e9, fixant les conditions d'\u00e9tablissement, de d\u00e9livrance et de  \nvalidit\u00e9 du permis de conduire ;\nVu  l'arr\u00eat\u00e9  du  28  mars  2022,  fixant  la  liste  des  affections  m\u00e9dicales  incompatibles  ou  \ncompatibles avec ou sans am\u00e9nagements ou restrictions pour l'obtention, le renouvellement  \nou le maintien du permis de conduire ou pouvant donner lieu \u00e0 la d\u00e9livrance de permis de  \nconduire de dur\u00e9e de validit\u00e9 limit\u00e9e ;\nVu l'article 6 de l'arr\u00eat\u00e9 du 31 juillet 2012 modifi\u00e9, relatif \u00e0 l'organisation du contr\u00f4le m\u00e9dical  \nde l'aptitude \u00e0 la conduite ;\nVu l'arr\u00eat\u00e9 pr\u00e9fectoral n\u00b0 2025/54/MCI du 15 juillet 2025  portant d\u00e9l\u00e9gation de signature \u00e0  \nMme Jos\u00e9phine GUIGLIANO-BOUTONNET, directrice de Cabinet du pr\u00e9fet du Var ;\nVu la demande du Docteur Xavier DAVID-CALVET en date du 9 mai 2022 ;\nSur proposition de la directrice de cabinet du pr\u00e9fet du Var, \nARR\u00caTE :\nArticle  1  er   :   Le  Docteur  Xavier  DAVID-CALVET,  exer\u00e7ant  au  4  rue  des  Ecoles  \u2013  13540  \nPUYRICARD,  est  agr\u00e9\u00e9  pour  le  contr\u00f4le  m\u00e9dical  de  l'aptitude  \u00e0  la  conduite  dans  le  \nd\u00e9partement du Var, en tant que :\n- m\u00e9decin consultant hors commission m\u00e9dicale.\nBoulevard du 112\u00e8me R\u00e9giment d'InfanterieCS 31209 \u2013 83070 TOULON CEDEX\nT\u00e9l : 04 94 18 83 83\n1/2\nPr\u00e9fecture du VAR - 83-2025-08-07-00006 - arr\u00eat\u00e9 n\u00b02025/11/DS/SESR/PDAC du 7 ao\u00fbt 2025 modifiant l'arr\u00eat\u00e9\nn\u00b02022/48/DS/SESR/PDAC du 15 d\u00e9cembre 2022 portant agr\u00e9ment du Docteur DAVID-CALVET Xavier pour le contr\u00f4le m\u00e9dical de\nl'aptitude \u00e0 la conduite\n53\nArticle 2 :  L'article 2 de l'arr\u00eat\u00e9 n\u00b0 2022/48/DS/SESR/PDAC du 15 d\u00e9cembre 2022 portant  \nagr\u00e9ment  du  Docteur  DAVID-CALVET  Xavier  pour  le  contr\u00f4le  m\u00e9dical  de  l'aptitude  \u00e0  la \nconduite est modifi\u00e9 comme suit :\nL'agr\u00e9ment est accord\u00e9 du 1er janvier 2023 au 31 d\u00e9cembre 2027 .\nArticle 3 : Cet arr\u00eat\u00e9 prend effet \u00e0 compter du 11 ao\u00fbt 2025.\nArticle 4 :  La directrice de cabinet du pr\u00e9fet du Var est charg\u00e9e de l'ex\u00e9cution du pr\u00e9sent  \narr\u00eat\u00e9 qui sera publi\u00e9 au recueil des actes administratifs de la pr\u00e9fecture du Var.\nFait \u00e0 Toulon, le 7 ao\u00fbt 2025\nPour le Pr\u00e9fet et par d\u00e9l\u00e9gation, \nLa Directrice de Cabinet\nSign\u00e9\nJos\u00e9phine GUIGLIANO-BOUTONNET \n  \n2/2\nPr\u00e9fecture du VAR - 83-2025-08-07-00006 - arr\u00eat\u00e9 n\u00b02025/11/DS/SESR/PDAC du 7 ao\u00fbt 2025 modifiant l'arr\u00eat\u00e9\nn\u00b02022/48/DS/SESR/PDAC du 15 d\u00e9cembre 2022 portant agr\u00e9ment du Docteur DAVID-CALVET Xavier pour le contr\u00f4le m\u00e9dical de\nl'aptitude \u00e0 la conduite\n54","date":"2025-08-07","first_seen_on":"2025-08-07T16:42:28+00:00","id":"9aafc0c58d926d5792ede7d0927ebf4da19d705850bd5763d5df7e77712b7a5c","name":"RAA N\u00b0266 du 7 ao\u00fbt 2025","pdf_creation_date":"2025-08-07T15:09:57+00:00","pdf_modification_date":null,"timezone":"Europe/Paris","url":"https://www.var.gouv.fr/contenu/telechargement/42292/276731/file/RAA%20N%C2%B0266%20du%207%20ao%C3%BBt%202025.pdf"}
