{"administration":"pref01","administration_name":"Pr\u00e9fecture de l\u2019Ain","content":"AIN\nRECUEIL DES ACTES\nADMINISTRATIFS SP\u00c9CIAL\n(NOMINATIFS)\nN\u00b001-2025-369\nPUBLI\u00c9 LE  4 NOVEMBRE 2025\nSommaire\n01_Pref_Pr\u00e9fecture de l'Ain /\n01-2025-11-03-00001 - Arr\u00eat\u00e9 pr\u00e9fectoral portant d\u00e9l\u00e9gation de\nsignature \u00e0 Madame C\u00e9cile du Cluzel, directrice de la s\u00e9curit\u00e9 de\nl'aviation civile Centre-Est (4 pages) Page 3\n2\n01_Pref_Pr\u00e9fecture de l'Ain\n01-2025-11-03-00001\nArr\u00eat\u00e9 pr\u00e9fectoral portant d\u00e9l\u00e9gation de\nsignature \u00e0 Madame C\u00e9cile du Cluzel, directrice\nde la s\u00e9curit\u00e9 de l'aviation civile Centre-Est\n01_Pref_Pr\u00e9fecture de l'Ain - 01-2025-11-03-00001 - Arr\u00eat\u00e9 pr\u00e9fectoral portant d\u00e9l\u00e9gation de signature \u00e0 Madame C\u00e9cile du Cluzel,\ndirectrice de la s\u00e9curit\u00e9 de l'aviation civile Centre-Est 3\nesPREFETEDE L'AINLibert\u00e9Egalit\u00e9Fraternit\u00e9\nARR\u00caT\u00c9 PR\u00c9FECTORAL\nportant d\u00e9l\u00e9gation de signature \u00e0 Madame C\u00e9cile du CLUZEL,\ndirectrice de la s\u00e9curit\u00e9 de l'aviation civile Centre-Est\nLA PR\u00c9F\u00c8TE DE L'AIN,\nChevalier de la L\u00e9gion d'honneur,\nOfficier de l'Ordre national du M\u00e9rite\nVu le code des transports ;\nVu la loi n\u00b0 2004-809 du 13 ao\u00fbt 2004 relative aux libert\u00e9s et responsabilit\u00e9s locales ;\nVu la loi n\u00b0 92-125 du 06 f\u00e9vrier 1992 relative \u00e0 l'administration territoriale de la R\u00e9publique ;\nVu  la  loi  n\u00b0  82-213  du  02  mars  1982  relative  aux  droits  et  libert\u00e9s  des  communes,  des\nd\u00e9partements et des r\u00e9gions ;\nVu  le  d\u00e9cret  n\u00b0  2020-752  du  19  juin  2020  relatif  \u00e0  la  d\u00e9concentration  des  d\u00e9cisions\nadministratives individuelles dans les domaines de l'\u00e9cologie, du d\u00e9veloppement durable, des\ntransports, de l'\u00e9nergie et du logement ;\nVu le d\u00e9cret n\u00b0 2008-1299 du 11 d\u00e9cembre 2008 modifi\u00e9 cr\u00e9ant la direction de la s\u00e9curit\u00e9 de\nl'aviation civile ;\nVu  le  d\u00e9cret  n\u00b0  2004-374  du  29  avril  2004  modifi\u00e9  relatif  aux  pouvoirs  des  pr\u00e9fets,  \u00e0\nl'organisation et \u00e0 l'action des services de l'\u00c9tat dans les r\u00e9gions et les d\u00e9partements ;\nVu le d\u00e9cret n\u00b0 97-34 du 15 janvier 1997 modifi\u00e9 relatif \u00e0 la d\u00e9concentration des d\u00e9cisions\nadministratives individuelles ;\nVu le d\u00e9cret 97-1198 du 19 d\u00e9cembre 1997 pris pour l'application au ministre de l'\u00c9quipement,\ndes transports et du logement du 1\u00b0 de l'article 2 du d\u00e9cret 97-34 du 15 janvier 1997 relatif \u00e0 la\nd\u00e9concentration des d\u00e9cisions administratives individuelles ;\nVu le d\u00e9cret du 22 mars 2023 portant nomination de Mme Chantal MAUCHET, en qualit\u00e9 de\npr\u00e9f\u00e8te de l'Ain ;\nVu le  d\u00e9cret  du  2  ao\u00fbt  2023  portant  nomination  de  Mme  Virginie  GUERIN-ROBINET,\nsecr\u00e9taire g\u00e9n\u00e9rale de la pr\u00e9fecture de l'Ain, sous-pr\u00e9f\u00e8te de Bourg-en-Bresse ;\nVu  l'arr\u00eat\u00e9 minist\u00e9riel n\u00b0 649820204330 du 8 ao\u00fbt 2023 portant  nomination de Madame\nC\u00e9cile du CLUZEL, ing\u00e9nieure des \u00e9tudes et de l'exploitation de l'aviation civile, directrice de\nla s\u00e9curit\u00e9 de l'aviation civile Centre-Est \u00e0 compter du 1er septembre 2023\u00a0;\n01_Pref_Pr\u00e9fecture de l'Ain - 01-2025-11-03-00001 - Arr\u00eat\u00e9 pr\u00e9fectoral portant d\u00e9l\u00e9gation de signature \u00e0 Madame C\u00e9cile du Cluzel,\ndirectrice de la s\u00e9curit\u00e9 de l'aviation civile Centre-Est 4\nSur  proposition  de  la  secr\u00e9taire  g\u00e9n\u00e9rale  de  la  pr\u00e9fecture  de  l'Ain,  sous-pr\u00e9f\u00e8te  de\nl'arrondissement de Bourg-en-Bresse,\nA R R \u00ca T E\nArticle 1  : D\u00e9l\u00e9gation de signature est donn\u00e9e, \u00e0 Madame C\u00e9cile du CLUZEL, ing\u00e9nieure des\n\u00e9tudes et de l'exploitation de l'aviation civile, directrice de la s\u00e9curit\u00e9 de l'aviation civile\nCentre-Est, \u00e0 l'effet de signer au nom de la pr\u00e9f\u00e8te de l'Ain, dans le cadre de ses attributions\net comp\u00e9tences, les d\u00e9cisions suivantes :\nN\u00b0 Nature de la d\u00e9cision R\u00e9f\u00e9rences\n1\nR\u00e9tention d'a\u00e9ronef fran\u00e7ais ou \u00e9tranger qui ne\nremplit pas les conditions pr\u00e9vues par le code\ndes transports et pour se livrer \u00e0 la circulation\na\u00e9rienne  ou  dont  le  pilote  a  commis  une\ninfraction au sens de ce code\nArticles L.6231-1 et L.6231-2 du code\ndes transports\n2 D\u00e9cisions  de  d\u00e9livrance  des  titres  de\ncirculation permettant l'acc\u00e8s et la circulation\nen  zone  c\u00f4t\u00e9  piste  ou  en  zone  de  s\u00fbret\u00e9  \u00e0\nl'acc\u00e8s r\u00e9glement\u00e9 des a\u00e9rodromes\nArticles  R.6342-14  et  R.6342-24  du\ncode des transports\n3 D\u00e9rogations  aux  hauteurs  minimales  de  vol\nimpos\u00e9es par la r\u00e9glementation, en dehors du\nsurvol  des  agglom\u00e9rations,  ou  des\nrassemblements de personnes ou d'animaux en\nplein air, ou le survol de certaines installations\nou \u00e9tablissements\nR\u00e8glement de la circulation a\u00e9rienne\n4 Autorisations,  dans  les  zones  grev\u00e9es  de\nservitudes  a\u00e9ronautiques,  d'installations  et\n\u00e9quipements  concourant  \u00e0  la  s\u00e9curit\u00e9  de  la\nnavigation  a\u00e9rienne  et  du  transport  a\u00e9rien\npublic, ainsi que d'installations n\u00e9cessaires \u00e0 la\nconduite de travaux pour une dur\u00e9e limit\u00e9e\nArticles  R.6351-12  et  R.6351-13  du\ncode des transports\n5 Autorisation de re-d\u00e9collage d'a\u00e9ronefs ayant\n\u00e9t\u00e9 contraints d'atterrir hors d'un a\u00e9rodrome\nr\u00e9guli\u00e8rement \u00e9tabli\nArticle  D.6212-2  du  code  des\ntransports\n6 D\u00e9cisions de validation des acquis, d'octroi, de\nretrait,  ou  de  suspension  des  agr\u00e9ments  des\npersonnels charg\u00e9s du service de sauvetage et\nde lutte contre l'incendie\nArticle  D.6332-14  du  code  des\ntransports\n7 Les documents relatifs au contr\u00f4le du respect\ndes  dispositions  applicables  au  service  de\nsauvetage et de lutte contre l'incendie par les\nexploitants  d'a\u00e9rodromes  ou  les  organismes\nauxquels ils ont confi\u00e9 leur service, ainsi que\nceux  relatifs  au  contr\u00f4le  du  respect  des\nArticles  D.6332-15  et  D.6332-45  du\ncode des transports\n2\n01_Pref_Pr\u00e9fecture de l'Ain - 01-2025-11-03-00001 - Arr\u00eat\u00e9 pr\u00e9fectoral portant d\u00e9l\u00e9gation de signature \u00e0 Madame C\u00e9cile du Cluzel,\ndirectrice de la s\u00e9curit\u00e9 de l'aviation civile Centre-Est 5\ndispositions relatives \u00e0 la mise en \u0153uvre de la\npr\u00e9vention  et  de  la  lutte  contre  le  p\u00e9ril\nanimalier par les exploitants d'a\u00e9rodromes\nArticle 2 : Sont exclus de la d\u00e9l\u00e9gation consentie par le pr\u00e9sent arr\u00eat\u00e9 :\n\u2022 Les  m\u00e9moires  en  d\u00e9fense  pr\u00e9sent\u00e9s  au  nom  de  l'\u00c9tat  \u00e0  l'occasion  des  recours\nform\u00e9s devant les juridictions administratives et n\u00e9s de l'activit\u00e9 de la Direction de\nla s\u00e9curit\u00e9 de l'aviation civile Centre-Est et dans les cas de proc\u00e9dure d'urgence\npr\u00e9vus au Livre V du code de justice administrative ;\n\u2022 Les correspondances avec les \u00e9lus, ministres et anciens ministres ;\n\u2022 Les conventions avec les collectivit\u00e9s territoriales et leurs \u00e9tablissements publics ;\n\u2022 Les correspondances entrant dans le cadre de la n\u00e9gociation du contrat de projets.\nArticle 3 : En cas d'absence ou d'emp\u00eachement de Madame C\u00e9cile du CLUZEL, ing\u00e9nieure des\n\u00e9tudes et de l'exploitation de l'aviation civile, directrice de la s\u00e9curit\u00e9 de l'aviation civile\nCentre-Est, la d\u00e9l\u00e9gation qui lui est consentie dans les termes figurant \u00e0 l'article 1  du pr\u00e9sent\narr\u00eat\u00e9 est exerc\u00e9e par les agents list\u00e9s ci-dessous, dans les limites de leurs attributions :\n\u2013 M. Romain BEVILLARD, adjoint \u00e0 la directrice, charg\u00e9 des affaires techniques, pour les \u00a7\n1 \u00e0 7;\n\u2013 Mme G\u00e9raldine MARCHAND-DEMONCHEAUX, cheffe de cabinet, pour les \u00a7 1 \u00e0 7;\n\u2013 M. Thierry LHOMMEAU, r\u00e9f\u00e9rent territorial, pour les \u00a7 1 \u00e0 7 ;\n\u2013 M. Marc BALLAND, responsable qualit\u00e9 / PPO, pour les points 1 \u00e0 7;\n\u2013 M. Simon DUPIN, chef de la division op\u00e9rations a\u00e9riennes, pour le \u00a7 1 ;\n\u2013 M. Bertrand DREVON, chef de la division s\u00fbret\u00e9, pour le \u00a7 2 ;\n\u2013 M. Laurent LASSASSEIGNE, adjoint au chef de la division s\u00fbret\u00e9 pour le \u00a7 2 ;\n\u2013 Mme Chlo\u00e9 DUPOUY, agent \u00e0 la division s\u00fbret\u00e9, pour le \u00a7 2 ;\n\u2013 MM. Sami MA\u00cfT et Romain GARCIA, agents \u00e0 la division s\u00fbret\u00e9, pour le \u00a7 2 ;\n\u2013 Mme Gwendolyne BRETAGNE, cheffe de la division aviation g\u00e9n\u00e9rale pour le \u00a7 3 ;\n\u2013 M. Pierre-Etienne CRABBE, chef de la subdivision a\u00e9ronefs et activit\u00e9s dans la division\naviation g\u00e9n\u00e9rale pour le \u00a7 3\u00a0;\n\u2013 Mme  Nathalie  SPYCKERELLE,  cheffe  de  la  division  r\u00e9gulation  et  d\u00e9veloppement\ndurable pour le \u00a7 4 ;\n\u2013 M. Morgan HENNARD, adjoint \u00e0 la cheffe de la division r\u00e9gulation et d\u00e9veloppement\ndurable pour le \u00a7 4\u00a0; ;\n\u2013 Mme Carole SOUFFLET, cheffe de la division a\u00e9roports et navigation a\u00e9rienne, pour les\n\u00a7 6 et 7 .\nArticle 4  : En cas d'absence ou d'indisponibilit\u00e9 de Mme  C\u00e9cile du CLUZEL , d\u00e9l\u00e9gation est\nconsentie  aux  agents  plac\u00e9s  sous  son  autorit\u00e9,  en  tant  que  cadres  de  permanence  de\ndirection lorsqu'ils assurent l'astreinte de direction, \u00e0 l'effet de signer les actes ou d\u00e9cisions\npr\u00e9vue l'article 1 pour les \u00a7 1 et 5.\n\u2013 M. Romain BEVILLARD, adjoint \u00e0 la directrice, charg\u00e9 des affaires techniques ;\n\u2013 Mme G\u00e9raldine MARCHAND-DEMONCHEAUX, cheffe de cabinet ;\n\u2013 M. Thierry LHOMMEAU, r\u00e9f\u00e9rent territorial ;\n3\n01_Pref_Pr\u00e9fecture de l'Ain - 01-2025-11-03-00001 - Arr\u00eat\u00e9 pr\u00e9fectoral portant d\u00e9l\u00e9gation de signature \u00e0 Madame C\u00e9cile du Cluzel,\ndirectrice de la s\u00e9curit\u00e9 de l'aviation civile Centre-Est 6\n\u2013 M. Marc BALLAND, responsable qualit\u00e9 / PPO ;\n\u2013 M. Bertrand DREVON, chef de la division s\u00fbret\u00e9 ;\n\u2013 M. Laurent LASSASSEIGNE, adjoint au chef de la division s\u00fbret\u00e9 ;\n\u2013 M. Simon DUPIN, chef de la division op\u00e9rations a\u00e9riennes ;\n\u2013 Mme  Nathalie  SPYCKERELLE,  cheffe  de  la  division  r\u00e9gulation  et  d\u00e9veloppement\ndurable ;\n\u2013 M. Morgan HENNARD, adjoint \u00e0 la cheffe de la division r\u00e9gulation et d\u00e9veloppement\ndurable ;\n\u2013 Mme Carole SOUFFLET, cheffe de la division a\u00e9roports et navigation a\u00e9rienne ;\n\u2013 Mme Gwendolyne BRETAGNE, cheffe de la division aviation g\u00e9n\u00e9rale.\nArticle 5     : L'arr\u00eat\u00e9 pr\u00e9fectoral du 05 d\u00e9cembre 2024 portant d\u00e9l\u00e9gation de signature \u00e0 Mme\nC\u00e9cile du CLUZEL, directrice de la s\u00e9curit\u00e9 de l'Aviation Civile Centre-Est, est abrog\u00e9.\nArticle 6     : Le pr\u00e9sent arr\u00eat\u00e9 peut faire l'objet d'un recours devant le tribunal administratif de\nLyon dans un d\u00e9lai de deux mois \u00e0 compter de sa publication, conform\u00e9ment \u00e0 l'article R. 421-\n1  du  code  de  justice  administrative,  ou  de  mani\u00e8re  d\u00e9mat\u00e9rialis\u00e9e  via le  site\ncitoyens.telerecours.fr selon l'article R. 414-6 du code de justice administrative.\nArticle 7 : La secr\u00e9taire g\u00e9n\u00e9rale de la pr\u00e9fecture de l'Ain, sous-pr\u00e9f\u00e8te de l'arrondissement de\nBourg-en-Bresse, et la directrice de la s\u00e9curit\u00e9 de l'Aviation Civile Centre-Est sont charg\u00e9es,\nchacune en ce qui la concerne, de l'ex\u00e9cution du pr\u00e9sent arr\u00eat\u00e9, lequel sera publi\u00e9 au recueil\ndes actes administratifs de la pr\u00e9fecture de l'Ain. \n \nFait \u00e0 Bourg-en-Bresse, le 03 novembre 2025\n           La pr\u00e9f\u00e8te,    \nSIGN\u00c9\nChantal MAUCHET\n4\n01_Pref_Pr\u00e9fecture de l'Ain - 01-2025-11-03-00001 - Arr\u00eat\u00e9 pr\u00e9fectoral portant d\u00e9l\u00e9gation de signature \u00e0 Madame C\u00e9cile du Cluzel,\ndirectrice de la s\u00e9curit\u00e9 de l'aviation civile Centre-Est 7","date":"2025-11-04","first_seen_on":"2025-11-04T09:05:52+00:00","id":"9b1692e9654be626e327f62dd6dc8e39db02ddc06634fc54affd06a73f4d33bb","name":"recueil-01-2025-369-recueil-des-actes-administratifs-nominatifs 04-11-2025","pdf_creation_date":"2025-11-04T07:34:59+00:00","pdf_modification_date":null,"timezone":"Europe/Paris","url":"https://www.ain.gouv.fr/contenu/telechargement/33764/235867/file/recueil-01-2025-369-recueil-des-actes-administratifs-nominatifs%2004-11-2025.pdf"}
