{"administration":"pref21","administration_name":"Pr\u00e9fecture de C\u00f4te-d\u2019Or","content":"PR\u00c9FET\nDE LA C\u00d4TE-D'OR\nRECUEIL DES ACTES\nADMINISTRATIFS SP\u00c9CIAL\nN\u00b021-2024-116\nPUBLI\u00c9 LE 27 AO\u00dbT 2024\nSommaire\nDirection d\u00e9partementale de l'emploi, du travail et des solidarit\u00e9s de\nC\u00f4te-d'Or /\n21-2024-08-23-00006 - R\u00e9c\u00e9piss\u00e9 d\u00e9claration modificative SAP\nn\u00b0982925810 AIDE A DOMICILE 21 (2 pages) Page 3\nPr\u00e9fecture de la C\u00f4te-d'Or / Direction de la coordination, des politiques\npubliques et de l'appui territorial\n21-2024-08-23-00005 - Arr\u00eat\u00e9 pr\u00e9fectoral du 23 ao\u00fbt 2024 portant\nhabilitation de la SARL IMPLANT'ACTION en application de l'article\nR.752-6-3 du code du commerce pour la r\u00e9alisation de l'analyse d'impact\ndes projets d'am\u00e9nagement commercial (2 pages) Page 6\n21-2024-08-23-00007 - Arr\u00eat\u00e9 pr\u00e9fectoral du 23 ao\u00fbt 2024 portant\nhabilitation de la SAS BEMH en application de l'article R.752-6-3 du code du\ncommerce pour la r\u00e9alisation de l'analyse d'impact des projets\nd'am\u00e9nagement commercial (2 pages) Page 9\n21-2024-08-23-00004 - Arr\u00eat\u00e9 pr\u00e9fectoral du 23 ao\u00fbt 2024 portant\nhabilitation de la SAS POLYGONE en application de l'article R.752-6-3 du\ncode du commerce pour la r\u00e9alisation de l'analyse d'impact des projets\nd'am\u00e9nagement commercial (2 pages) Page 12\n21-2024-08-23-00003 - Arr\u00eat\u00e9 pr\u00e9fectoral du 23/08/24 portant\nhabilitation de la SARL OPTIMA CONSEIL en application de l'article\nR.752-6-3 du code du commerce pour la r\u00e9alisation de l'analyse d'impact\ndes projets d'am\u00e9nagement commercial (3 pages) Page 15\nPr\u00e9fecture de la C\u00f4te-d'Or / Direction des Collectivit\u00e9s locales et des\nElections\n21-2024-08-26-00001 - Arr\u00eat\u00e9 pr\u00e9fectoral \u00b0 1 342 relatif \u00e0\nl'\u00e9lection des juges au Tribunal de Commerce de Dijon (3 pages) Page 19\nPr\u00e9fecture de la C\u00f4te-d'Or / Direction des s\u00e9curit\u00e9s\n21-2024-08-23-00002 - Arr\u00eat\u00e9 pr\u00e9fectoral portant agr\u00e9ment de M.\nPhilippe STRAUSS pour effectuer le contr\u00f4le m\u00e9dical de l'aptitude \u00e0 la\nconduite en cabinet lib\u00e9ral et en commission m\u00e9dicale des permis de\nconduire (2 pages) Page 23\nPr\u00e9fecture de la C\u00f4te-d'Or / P\u00f4le juridique inter-services\n21-2024-08-08-00003 - Arr\u00eat\u00e9 1358 du 8 ao\u00fbt 2024 d\u00e9l\u00e9gation de\nsignature au DG ARS Bourgogne Franche-Comt\u00e9, pour la C\u00f4te d'Or  (4\npages) Page 26\n2\nDirection d\u00e9partementale de l'emploi, du travail\net des solidarit\u00e9s de C\u00f4te-d'Or\n21-2024-08-23-00006\nR\u00e9c\u00e9piss\u00e9 d\u00e9claration modificative SAP\nn\u00b0982925810 AIDE A DOMICILE 21\nDirection d\u00e9partementale de l'emploi, du travail et des solidarit\u00e9s de C\u00f4te-d'Or - 21-2024-08-23-00006 - R\u00e9c\u00e9piss\u00e9 d\u00e9claration\nmodificative SAP n\u00b0982925810 AIDE A DOMICILE 21 3\n\u0152 . Direction D\u00e9partementale de l'Emploi,PREFET du Travail et des Solidarit\u00e9s - DDETSDE LACOTE-D'ORijerte'Egalit\u00e9Fraternit\u00e9\nAffaire suivie par Sophie LACROIX ' Dijon, le 23/08/2024P\u00f4le Emploi Coh\u00e9sion TerritorialeT\u00e9l: 03 80 45 78 10 // 06 46 79 36 50Courriel : sophie.lacroix@cote-dor.gouv.fr '' AIDE A DOMICILE 2126 boulevard de l'Universit\u00e921000 DIJONRECEPISSE DE DECLARATION MODIFICATIVEd'un Organisme de Services \u00e0 la PersonneEnregistr\u00e9 sous le n\u00b0 SAP/982925810\nLe Pr\u00e9fet de la C\u00f4te-d'Or, et par subd\u00e9l\u00e9gation du Directeur D\u00e9partemehtal de la DDETS, la Cheffe du P\u00f4leEmploi et Coh\u00e9sion Territoriale/ La Responsable de I'Unit\u00e9 Formation, Emploi, InsertionVU la loi n\u00b0 2015-1776 du 28 d\u00e9cembre 2015 relative \u00e0 l'adaptation de la soci\u00e9t\u00e9 au vieillissement,VU le d\u00e9cret n\u00b0 2016-750 du 6 juin 2016 relatif \u00e0 la liste des activit\u00e9s de services \u00e0 la personne soumises \u00e0agr\u00e9ment ou \u00e0 autorisation dans le cadre du r\u00e9gime commun de la d\u00e9claration,VU le code du travail et notamment les articles L 7231-1 \u00e0 L 7233-2, R 7232-16 \u00e0 R 7232-22, D7231-1 et D7233-1 \u00e0 D 7233-5.ConstateQu'une d\u00e9claration d'activit\u00e9s de services \u00e0 la personne a \u00e9t\u00e9 accord\u00e9e par la DDETS de C\u00f4te d'Or, le 24 juillet2024, \u00e0 la SAS AIDE A DOMICILE 21, dont le si\u00e8ge social est situ\u00e9 au 26 boulevard de l'Universit\u00e9 21000DIJON et enregistr\u00e9e sous le n\u00b0 SAP/982925810.A la suite de la demande de d\u00e9claration modificative du 21 ao\u00fbt 2024, une nouvelle d\u00e9claration modificatives'applique pour les activit\u00e9s suivantes \u00e0 I'exclusion de toute autre :Prgstations relevant de la seule d\u00e9claration - mode mandataire :- Entretien de la maison et travaux m\u00e9nagers ;- Pr\u00e9paration de repas \u00e0 domicile- Conduite du v\u00e9hicule des personnes en cas d'invalidit\u00e9 temporaire- Accompagnement des personnes pr\u00e9sentant une invalidit\u00e9 temporaire- Assistance aux personnes ayant besoin d'une aide temporaire \u00e0 leurldomicilePrestations relevant de l'agr\u00e9ment - mode mandataire :- Assistance aux personnes \u00e2g\u00e9es\nDirection d\u00e9partementale de l'emploi, du travail et des solidarit\u00e9s de C\u00f4te-d'Or - 21-2024-08-23-00006 - R\u00e9c\u00e9piss\u00e9 d\u00e9claration\nmodificative SAP n\u00b0982925810 AIDE A DOMICILE 21 4\n- Assistance aux personnes handicap\u00e9es- Conduite de v\u00e9hicule des personnes \u00e2g\u00e9es / personnes handicap\u00e9es- Accompagnement des personnes \u00e2g\u00e9es / personnes handicap\u00e9es dans leurs d\u00e9placements\nToute modification concernant les activit\u00e9s exerc\u00e9es devra faire l'objet d'une d\u00e9claration modificative pr\u00e9alable.Sous r\u00e9serve d'\u00e9tre exerc\u00e9es \u00e0 titre exclusif ou de tenir une comptabilit\u00e9 s\u00e9par\u00e9e pour les organismes pouvantd\u00e9roger \u00e0 la condition d'activit\u00e9 exclusive (art L 7232-1-2 Code Trav), ces activit\u00e9s ouvrent droit au b\u00e9n\u00e9fice desdispositions des articles L. 7233-2 du code du travail et L. 241 10 du code de la s\u00e9curit\u00e9 sociale dans lesconditions pr\u00e9vues par ces articles.L'enregistrement de la d\u00e9claration peut \u00eatre retir\u00e9 dans les conditions fix\u00e9es aux articles R.7232-20 \u00e0 R.7232-22du code du travail.Le pr\u00e9sent r\u00e9c\u00e9piss\u00e9 n'est pas limit\u00e9 dans le temps et sera publi\u00e9 au recueil des actes administratifs de lapr\u00e9fecture de la C\u00f4te d'Or. Pour le Pr\u00e9fet de C\u00f4te d'Or,Et par subd\u00e9l\u00e9gation du Directeur Departementalemp\u00each\u00e9,La Responsable de I'Unit\u00e9, Formation, Emploi et\" Insertion,\nSIGNEMarie BEGRAND\nDDETS21. 21 BdVoitaire BP E'\u2014\u00ee\"-, 1C - 2h011 DIJON C dex12 QNT\u00e9l!: 03 80< 45 |'-\\:, teil)/W.COtS-COT.GOU!\nDirection d\u00e9partementale de l'emploi, du travail et des solidarit\u00e9s de C\u00f4te-d'Or - 21-2024-08-23-00006 - R\u00e9c\u00e9piss\u00e9 d\u00e9claration\nmodificative SAP n\u00b0982925810 AIDE A DOMICILE 21 5\nPr\u00e9fecture de la C\u00f4te-d'Or\nDirection de la coordination, des politiques\npubliques et de l'appui territorial\n21-2024-08-23-00005\nArr\u00eat\u00e9 pr\u00e9fectoral du 23 ao\u00fbt 2024 portant\nhabilitation de la SARL IMPLANT'ACTION en\napplication de l'article R.752-6-3 du code du\ncommerce pour la r\u00e9alisation de l'analyse\nd'impact des projets d'am\u00e9nagement\ncommercial\nPr\u00e9fecture de la C\u00f4te-d'Or - 21-2024-08-23-00005 - Arr\u00eat\u00e9 pr\u00e9fectoral du 23 ao\u00fbt 2024 portant habilitation de la SARL\nIMPLANT'ACTION en application de l'article R.752-6-3 du code du commerce pour la r\u00e9alisation de l'analyse d'impact des projets\nd'am\u00e9nagement commercial\n6\nExPREFETDE LACOTE-D'ORLibert\u00e9Egalit\u00e9Fraternit\u00e9\nDIRECTION DE LA COORDINATION DES POLITIQUES\nPUBLIQUES ET DE L'APPUI TERRITORIAL\nP\u00f4le Environnement et Urbanisme\nArr\u00eat\u00e9 pr\u00e9fectoral n\u00b0 1352 du 23 ao\u00fbt 2024\nportant habilitation de la SARL IMPLANT'ACTION en application de l'article R.752-6-3 du\ncode du commerce pour la r\u00e9alisation de l'analyse d'impact des projets d'am\u00e9nagement\ncommercial\nHabilitation n\u00b0 HAI-21-42-2024-08-23\nPr\u00e9fet de la C\u00f4te-d'Or\nVU le Code du Commerce, notamment les articles L752-6-III et R752-6-1 \u00e0 R752-6-3 ; \nVU la  loi  n\u00b0  2018-1021  du  23  novembre  2018  portant  \u00e9volution  du  logement,  de\nl'am\u00e9nagement et du num\u00e9rique, notamment son titre IV - article 163 ;\nVU le d\u00e9cret n\u00b0 2019-331 du 17 avril 2019 relatif \u00e0 la composition et au fonctionnement\ndes  commissions  d\u00e9partementales  d'am\u00e9nagement  commercial  et  aux  demandes\nd'autorisation d'exploitation commerciale ;\nVU l'arr\u00eat\u00e9  minist\u00e9riel  du  19  juin  2019  modifi\u00e9  fixant  le  contenu  du  formulaire  de\ndemande d'habilitation pour r\u00e9aliser l'analyse d'impact mentionn\u00e9e au III de l'article\nL.752-6 du code du commerce ;\nVU l'arr\u00eat\u00e9 pr\u00e9fectoral du 23 septembre 2019 habilitant la SARL IMPLANT'ACTION pour\nla r\u00e9alisation de l'analyse d'impact des projets d'am\u00e9nagement commercial pour une\ndur\u00e9e de 5 ans ;\nVU  la demande d'habilitation formul\u00e9e par la SARL IMPLANT'ACTION, 31 rue de la\nFonderie \u2013 59200 TOURCOING, repr\u00e9sent\u00e9e par M. Dimitri DELANNOY, g\u00e9rant, re\u00e7ue le\n9 juillet 2024, pour r\u00e9aliser l'analyse d'impact des dossiers de demande d'autorisation\nd'exploitation commerciale du d\u00e9partement de la C\u00f4te-d'Or ;\nVU le dossier produit \u00e0 l'appui de la demande susvis\u00e9e et les justificatifs joints ;\nCONSIDERANT que les extraits de casier judiciaire (bulletin n\u00b0 3) des repr\u00e9sentants\nl\u00e9gaux et des salari\u00e9s de la soci\u00e9t\u00e9 susvis\u00e9e charg\u00e9s de r\u00e9aliser les analyses d'impact sont\nvierges ;\nCONSIDERANT  que les personnes mentionn\u00e9es dans la demande d'habilitation, par\nlaquelle ou sous la responsabilit\u00e9 de laquelle seront r\u00e9alis\u00e9es les analyses d'impact sont\ntitulaires des dipl\u00f4mes requis ;\n1/2\nPr\u00e9fecture de la C\u00f4te-d'Or - 21-2024-08-23-00005 - Arr\u00eat\u00e9 pr\u00e9fectoral du 23 ao\u00fbt 2024 portant habilitation de la SARL\nIMPLANT'ACTION en application de l'article R.752-6-3 du code du commerce pour la r\u00e9alisation de l'analyse d'impact des projets\nd'am\u00e9nagement commercial\n7\nCONSIDERANT que  la  soci\u00e9t\u00e9  IMPLANT'ACTION  dispose  des  moyens  et  outils  de\ncollecte et d'analyse des informations relatives aux effets d'un projet commercial sur\nl'animation et le d\u00e9veloppement \u00e9conomique des centres-villes des communes de la\nzone de chalandise et sur l'emploi \u00e0 l'\u00e9chelle de cette m\u00eame zone ;\nCONSIDERANT  que le pr\u00e9c\u00e9dent  arr\u00eat\u00e9 pr\u00e9fectoral  d'habilitation  du  23  septembre\n2019 sus-vis\u00e9 est valable jusqu'au 23 septembre 2024 ;\nSUR proposition de Monsieur le secr\u00e9taire g\u00e9n\u00e9ral de la Pr\u00e9fecture de la C\u00f4te-d'Or ;\nA R R E T E\nArticle  1er :  La  soci\u00e9t\u00e9  IMPLANT'ACTION  sise  31  rue  de  la  Fonderie  \u2013  59200\nTOURCOING, est habilit\u00e9e \u00e0 r\u00e9aliser les analyses d'impact pr\u00e9vues au III de l'article\nL.752-6 du code du commerce, pour les projets d'am\u00e9nagement commerciaux situ\u00e9s\ndans le d\u00e9partement de la C\u00f4te-d'Or.\nArticle 2 : La pr\u00e9sente habilitation est accord\u00e9e pour une dur\u00e9e de cinq ans, \u00e0 compter\ndu 23 septembre 2024, sans renouvellement tacite. \nArticle 3  : En application du code de justice administrative et notamment des articles R.\n421-1 et R. 421-5, le pr\u00e9sent arr\u00eat\u00e9 peut, dans un d\u00e9lai de deux mois \u00e0 compter de sa\npublication, faire l'objet :\n- soit d'un recours gracieux, adress\u00e9e \u00e0 Monsieur le Pr\u00e9fet de C\u00f4te-d'Or, 53, rue de la\nPr\u00e9fecture \u2013 21041 Dijon Cedex ;\n- soit d'un recours hi\u00e9rarchique, adress\u00e9 \u00e0 Monsieur le Ministre de l'Int\u00e9rieur, Place Beauvau\n\u2013 75008 Paris Cedex 08 ;\n- soit d'un recours contentieux, en saisissant le Tribunal administratif de Dijon, 22, rue\nd'Assas \u2013 21000 Dijon ou t\u00e9l\u00e9recours citoyen.\nLes recours doivent \u00eatre adress\u00e9s par lettre recommand\u00e9e avec accus\u00e9 de r\u00e9ception.\nArticle  4  :  M.  le  secr\u00e9taire  g\u00e9n\u00e9ral  de  la  pr\u00e9fecture  de  la  C\u00f4te-d'Or  est  charg\u00e9  de\nl'ex\u00e9cution du pr\u00e9sent arr\u00eat\u00e9, qui sera publi\u00e9 au recueil des actes administratifs de la\npr\u00e9fecture de la C\u00f4te-d'Or et notifi\u00e9 \u00e0 M. Dimitri DELANNOY, g\u00e9rant, et dont copie sera\nadress\u00e9e \u00e0 Mme la directrice d\u00e9partementale des territoires.\nFait \u00e0 Dijon,\nLE PREFET,\nPour le pr\u00e9fet et par d\u00e9l\u00e9gation\nLe secr\u00e9taire g\u00e9n\u00e9ral\nSign\u00e9\nJohann MOUGENOT\n2/2\nPr\u00e9fecture de la C\u00f4te-d'Or - 21-2024-08-23-00005 - Arr\u00eat\u00e9 pr\u00e9fectoral du 23 ao\u00fbt 2024 portant habilitation de la SARL\nIMPLANT'ACTION en application de l'article R.752-6-3 du code du commerce pour la r\u00e9alisation de l'analyse d'impact des projets\nd'am\u00e9nagement commercial\n8\nPr\u00e9fecture de la C\u00f4te-d'Or\nDirection de la coordination, des politiques\npubliques et de l'appui territorial\n21-2024-08-23-00007\nArr\u00eat\u00e9 pr\u00e9fectoral du 23 ao\u00fbt 2024 portant\nhabilitation de la SAS BEMH en application de\nl'article R.752-6-3 du code du commerce pour la\nr\u00e9alisation de l'analyse d'impact des projets\nd'am\u00e9nagement commercial\nPr\u00e9fecture de la C\u00f4te-d'Or - 21-2024-08-23-00007 - Arr\u00eat\u00e9 pr\u00e9fectoral du 23 ao\u00fbt 2024 portant habilitation de la SAS BEMH en\napplication de l'article R.752-6-3 du code du commerce pour la r\u00e9alisation de l'analyse d'impact des projets d'am\u00e9nagement\ncommercial\n9\nExPREFETDE LACOTE-D'ORLibert\u00e9Egalit\u00e9Fraternit\u00e9\nDIRECTION DE LA COORDINATION DES POLITIQUES\nPUBLIQUES ET DE L'APPUI TERRITORIAL\nP\u00f4le Environnement et Urbanisme\nArr\u00eat\u00e9 pr\u00e9fectoral n\u00b0 1353 du 23 ao\u00fbt 2024\nportant habilitation de la SAS BEMH en application de l'article R.752-6-3 du code du\ncommerce pour la r\u00e9alisation de l'analyse d'impact des projets d'am\u00e9nagement commercial\nHabilitation n\u00b0 HAI-21-43-2024-08-23\nPr\u00e9fet de la C\u00f4te-d'Or\nVU le Code du Commerce, notamment les articles L752-6-III et R752-6-1 \u00e0 R752-6-3 ; \nVU la  loi  n\u00b0  2018-1021  du  23  novembre  2018  portant  \u00e9volution  du  logement,  de\nl'am\u00e9nagement et du num\u00e9rique, notamment son titre IV - article 163 ;\nVU le d\u00e9cret n\u00b0 2019-331 du 17 avril 2019 relatif \u00e0 la composition et au fonctionnement\ndes  commissions  d\u00e9partementales  d'am\u00e9nagement  commercial  et  aux  demandes\nd'autorisation d'exploitation commerciale ;\nVU l'arr\u00eat\u00e9  minist\u00e9riel  du  19  juin  2019  modifi\u00e9  fixant  le  contenu  du  formulaire  de\ndemande d'habilitation pour r\u00e9aliser l'analyse d'impact mentionn\u00e9e au III de l'article\nL.752-6 du code du commerce ;\nVU l'arr\u00eat\u00e9 pr\u00e9fectoral du 9 septembre 2019 habilitant la SAS BEMH pour la r\u00e9alisation\nde l'analyse d'impact des projets d'am\u00e9nagement commercial pour une dur\u00e9e de 5 ans ;\nVU la demande d'habilitation formul\u00e9e par la SAS BEMH, 12 rue de Piliers de Tutelle \u2013\n33000 BORDEAUX, repr\u00e9sent\u00e9e par Mme La\u00ebtitia HAVART-BERGES, pr\u00e9sidente, re\u00e7ue le\n17 juillet 2024, pour r\u00e9aliser l'analyse d'impact des dossiers de demande d'autorisation\nd'exploitation commerciale du d\u00e9partement de la C\u00f4te-d'Or ;\nVU le dossier produit \u00e0 l'appui de la demande susvis\u00e9e et les justificatifs joints ;\nCONSIDERANT que les extraits de casier judiciaire (bulletin n\u00b0 3) des repr\u00e9sentants\nl\u00e9gaux et des salari\u00e9s de la soci\u00e9t\u00e9 susvis\u00e9e charg\u00e9s de r\u00e9aliser les analyses d'impact sont\nvierges ;\nCONSIDERANT  que les personnes mentionn\u00e9es dans la demande d'habilitation, par\nlaquelle ou sous la responsabilit\u00e9 de laquelle seront r\u00e9alis\u00e9es les analyses d'impact sont\ntitulaires des dipl\u00f4mes requis ;\n1/2\nPr\u00e9fecture de la C\u00f4te-d'Or - 21-2024-08-23-00007 - Arr\u00eat\u00e9 pr\u00e9fectoral du 23 ao\u00fbt 2024 portant habilitation de la SAS BEMH en\napplication de l'article R.752-6-3 du code du commerce pour la r\u00e9alisation de l'analyse d'impact des projets d'am\u00e9nagement\ncommercial\n10\nCONSIDERANT que  la  soci\u00e9t\u00e9  BEMH  dispose  des  moyens  et  outils  de  collecte  et\nd'analyse des informations relatives aux effets d'un projet commercial sur l'animation et\nle  d\u00e9veloppement  \u00e9conomique  des  centres-villes  des  communes  de  la  zone  de\nchalandise et sur l'emploi \u00e0 l'\u00e9chelle de cette m\u00eame zone ;\nCONSIDERANT que le pr\u00e9c\u00e9dent arr\u00eat\u00e9 pr\u00e9fectoral d'habilitation du 9 septembre 2019\nsus-vis\u00e9 est valable jusqu'au 9 septembre 2024 ;\nSUR proposition de Monsieur le secr\u00e9taire g\u00e9n\u00e9ral de la Pr\u00e9fecture de la C\u00f4te-d'Or ;\nA R R E T E\nArticle 1er  : La soci\u00e9t\u00e9 BEMH sise 12 rue des Piliers de Tutelle \u2013 33000 BORDEAUX, est\nhabilit\u00e9e \u00e0 r\u00e9aliser les analyses d'impact pr\u00e9vues au III de l'article L.752-6 du code du\ncommerce, pour les projets d'am\u00e9nagement commerciaux situ\u00e9s dans le d\u00e9partement\nde la C\u00f4te-d'Or.\nArticle 2 : La pr\u00e9sente habilitation est accord\u00e9e pour une dur\u00e9e de cinq ans, \u00e0 compter\ndu 9 septembre 2024, sans renouvellement tacite. \nArticle 3  : En application du code de justice administrative et notamment des articles R.\n421-1 et R. 421-5, le pr\u00e9sent arr\u00eat\u00e9 peut, dans un d\u00e9lai de deux mois \u00e0 compter de sa\npublication, faire l'objet :\n- soit d'un recours gracieux, adress\u00e9e \u00e0 Monsieur le Pr\u00e9fet de C\u00f4te-d'Or, 53, rue de la\nPr\u00e9fecture \u2013 21041 Dijon Cedex ;\n- soit d'un recours hi\u00e9rarchique, adress\u00e9 \u00e0 Monsieur le Ministre de l'Int\u00e9rieur, Place Beauvau\n\u2013 75008 Paris Cedex 08 ;\n- soit d'un recours contentieux, en saisissant le Tribunal administratif de Dijon, 22, rue\nd'Assas \u2013 21000 Dijon ou t\u00e9l\u00e9recours citoyen.\nLes recours doivent \u00eatre adress\u00e9s par lettre recommand\u00e9e avec accus\u00e9 de r\u00e9ception.\nArticle  4  :  M.  le  secr\u00e9taire  g\u00e9n\u00e9ral  de  la  pr\u00e9fecture  de  la  C\u00f4te-d'Or  est  charg\u00e9  de\nl'ex\u00e9cution du pr\u00e9sent arr\u00eat\u00e9, qui sera publi\u00e9 au recueil des actes administratifs de la\npr\u00e9fecture de la C\u00f4te-d'Or et notifi\u00e9 \u00e0 Mme La\u00ebtitia HAVART-BERGES, pr\u00e9sidente, et\ndont copie sera adress\u00e9e \u00e0 Mme la directrice d\u00e9partementale des territoires.\nFait \u00e0 Dijon,\nLE PREFET,\nPour le pr\u00e9fet et par d\u00e9l\u00e9gation\nLe secr\u00e9taire g\u00e9n\u00e9ral\nSign\u00e9\nJohann MOUGENOT\n2/2\nPr\u00e9fecture de la C\u00f4te-d'Or - 21-2024-08-23-00007 - Arr\u00eat\u00e9 pr\u00e9fectoral du 23 ao\u00fbt 2024 portant habilitation de la SAS BEMH en\napplication de l'article R.752-6-3 du code du commerce pour la r\u00e9alisation de l'analyse d'impact des projets d'am\u00e9nagement\ncommercial\n11\nPr\u00e9fecture de la C\u00f4te-d'Or\nDirection de la coordination, des politiques\npubliques et de l'appui territorial\n21-2024-08-23-00004\nArr\u00eat\u00e9 pr\u00e9fectoral du 23 ao\u00fbt 2024 portant\nhabilitation de la SAS POLYGONE en application\nde l'article R.752-6-3 du code du commerce pour\nla r\u00e9alisation de l'analyse d'impact des projets\nd'am\u00e9nagement commercial\nPr\u00e9fecture de la C\u00f4te-d'Or - 21-2024-08-23-00004 - Arr\u00eat\u00e9 pr\u00e9fectoral du 23 ao\u00fbt 2024 portant habilitation de la SAS POLYGONE en\napplication de l'article R.752-6-3 du code du commerce pour la r\u00e9alisation de l'analyse d'impact des projets d'am\u00e9nagement\ncommercial\n12\nExPREFETDE LACOTE-D'ORLibert\u00e9Egalit\u00e9Fraternit\u00e9\nDIRECTION DE LA COORDINATION DES POLITIQUES\nPUBLIQUES ET DE L'APPUI TERRITORIAL\nP\u00f4le Environnement et Urbanisme\nArr\u00eat\u00e9 pr\u00e9fectoral n\u00b0 1351 du 23 ao\u00fbt 2024\nportant habilitation de la SAS POLYGONE en application de l'article R.752-6-3 du code du\ncommerce pour la r\u00e9alisation de l'analyse d'impact des projets d'am\u00e9nagement commercial\nHabilitation n\u00b0 HAI-21-41-2024-08-23\nPr\u00e9fet de la C\u00f4te-d'Or\nVU le Code du Commerce, notamment les articles L752-6-III et R752-6-1 \u00e0 R752-6-3 ; \nVU la  loi  n\u00b0  2018-1021  du  23  novembre  2018  portant  \u00e9volution  du  logement,  de\nl'am\u00e9nagement et du num\u00e9rique, notamment son titre IV - article 163 ;\nVU le d\u00e9cret n\u00b0 2019-331 du 17 avril 2019 relatif \u00e0 la composition et au fonctionnement\ndes  commissions  d\u00e9partementales  d'am\u00e9nagement  commercial  et  aux  demandes\nd'autorisation d'exploitation commerciale ;\nVU l'arr\u00eat\u00e9  minist\u00e9riel  du  19  juin  2019  modifi\u00e9  fixant  le  contenu  du  formulaire  de\ndemande d'habilitation pour r\u00e9aliser l'analyse d'impact mentionn\u00e9e au III de l'article\nL.752-6 du code du commerce ;\nVU l'arr\u00eat\u00e9  pr\u00e9fectoral  du  9  septembre  2019  habilitant  la  SAS  POLYGONE  pour  la\nr\u00e9alisation  de  l'analyse  d'impact  des  projets  d'am\u00e9nagement  commercial  pour  une\ndur\u00e9e de 5 ans ;\nVU la demande d'habilitation formul\u00e9e par la SAS POLYGONE, 16 all\u00e9e de la Mer d'Iroise\n\u2013 44612 SAINT-NAZAIRE CEDEX, repr\u00e9sent\u00e9e par M. Aymeric BOURDEAUT, PDG, re\u00e7ue\nle 2 juillet 2024, pour r\u00e9aliser l'analyse d'impact des dossiers de demande d'autorisation\nd'exploitation commerciale du d\u00e9partement de la C\u00f4te-d'Or ;\nVU le dossier produit \u00e0 l'appui de la demande susvis\u00e9e et les justificatifs joints ;\nCONSIDERANT que les extraits de casier judiciaire (bulletin n\u00b0 3) des repr\u00e9sentants\nl\u00e9gaux et des salari\u00e9s de la soci\u00e9t\u00e9 susvis\u00e9e charg\u00e9s de r\u00e9aliser les analyses d'impact sont\nvierges ;\nCONSIDERANT  que les personnes mentionn\u00e9es dans la demande d'habilitation, par\nlaquelle ou sous la responsabilit\u00e9 de laquelle seront r\u00e9alis\u00e9es les analyses d'impact sont\ntitulaires des dipl\u00f4mes requis ;\n1/2\nPr\u00e9fecture de la C\u00f4te-d'Or - 21-2024-08-23-00004 - Arr\u00eat\u00e9 pr\u00e9fectoral du 23 ao\u00fbt 2024 portant habilitation de la SAS POLYGONE en\napplication de l'article R.752-6-3 du code du commerce pour la r\u00e9alisation de l'analyse d'impact des projets d'am\u00e9nagement\ncommercial\n13\nCONSIDERANT que la soci\u00e9t\u00e9 POLYGONE dispose des moyens et outils de collecte et\nd'analyse des informations relatives aux effets d'un projet commercial sur l'animation et\nle  d\u00e9veloppement  \u00e9conomique  des  centres-villes  des  communes  de  la  zone  de\nchalandise et sur l'emploi \u00e0 l'\u00e9chelle de cette m\u00eame zone ;\nCONSIDERANT que le pr\u00e9c\u00e9dent arr\u00eat\u00e9 pr\u00e9fectoral d'habilitation du 9 septembre 2019\nsus-vis\u00e9 est valable jusqu'au 9 septembre 2024 ;\nSUR proposition de Monsieur le secr\u00e9taire g\u00e9n\u00e9ral de la Pr\u00e9fecture de la C\u00f4te-d'Or ;\nA R R E T E\nArticle  1er :  La  soci\u00e9t\u00e9  POLYGONE  sise  16  all\u00e9e  de  la  Mer  d'Iroise  \u2013 44612  SAINT-\nNAZAIRE CEDEX, est habilit\u00e9e \u00e0 r\u00e9aliser les analyses d'impact pr\u00e9vues au III de l'article\nL.752-6 du code du commerce, pour les projets d'am\u00e9nagement commerciaux situ\u00e9s\ndans le d\u00e9partement de la C\u00f4te-d'Or.\nArticle 2 : La pr\u00e9sente habilitation est accord\u00e9e pour une dur\u00e9e de cinq ans, \u00e0 compter\ndu 9 septembre 2024, sans renouvellement tacite. \nArticle 3  : En application du code de justice administrative et notamment des articles R.\n421-1 et R. 421-5, le pr\u00e9sent arr\u00eat\u00e9 peut, dans un d\u00e9lai de deux mois \u00e0 compter de sa\npublication, faire l'objet :\n- soit d'un recours gracieux, adress\u00e9e \u00e0 Monsieur le Pr\u00e9fet de C\u00f4te-d'Or, 53, rue de la\nPr\u00e9fecture \u2013 21041 Dijon Cedex ;\n- soit d'un recours hi\u00e9rarchique, adress\u00e9 \u00e0 Monsieur le Ministre de l'Int\u00e9rieur, Place Beauvau\n\u2013 75008 Paris Cedex 08 ;\n- soit d'un recours contentieux, en saisissant le Tribunal administratif de Dijon, 22, rue\nd'Assas \u2013 21000 Dijon ou t\u00e9l\u00e9recours citoyen.\nLes recours doivent \u00eatre adress\u00e9s par lettre recommand\u00e9e avec accus\u00e9 de r\u00e9ception.\nArticle  4  :  M.  le  secr\u00e9taire  g\u00e9n\u00e9ral  de  la  pr\u00e9fecture  de  la  C\u00f4te-d'Or  est  charg\u00e9  de\nl'ex\u00e9cution du pr\u00e9sent arr\u00eat\u00e9, qui sera publi\u00e9 au recueil des actes administratifs de la\npr\u00e9fecture de la C\u00f4te-d'Or et notifi\u00e9 \u00e0 M. Aymeric BOURDEAUT, PDG, et dont copie sera\nadress\u00e9e \u00e0 Mme la directrice d\u00e9partementale des territoires.\nFait \u00e0 Dijon,\nLE PREFET,\nPour le pr\u00e9fet et par d\u00e9l\u00e9gation\nLe secr\u00e9taire g\u00e9n\u00e9ral\nSign\u00e9\nJohann MOUGENOT\n2/2\nPr\u00e9fecture de la C\u00f4te-d'Or - 21-2024-08-23-00004 - Arr\u00eat\u00e9 pr\u00e9fectoral du 23 ao\u00fbt 2024 portant habilitation de la SAS POLYGONE en\napplication de l'article R.752-6-3 du code du commerce pour la r\u00e9alisation de l'analyse d'impact des projets d'am\u00e9nagement\ncommercial\n14\nPr\u00e9fecture de la C\u00f4te-d'Or\nDirection de la coordination, des politiques\npubliques et de l'appui territorial\n21-2024-08-23-00003\nArr\u00eat\u00e9 pr\u00e9fectoral du 23/08/24 portant\nhabilitation de la SARL OPTIMA CONSEIL en\napplication de l'article R.752-6-3 du code du\ncommerce pour la r\u00e9alisation de l'analyse\nd'impact des projets d'am\u00e9nagement\ncommercial\nPr\u00e9fecture de la C\u00f4te-d'Or - 21-2024-08-23-00003 - Arr\u00eat\u00e9 pr\u00e9fectoral du 23/08/24 portant habilitation de la SARL OPTIMA CONSEIL\nen application de l'article R.752-6-3 du code du commerce pour la r\u00e9alisation de l'analyse d'impact des projets d'am\u00e9nagement\ncommercial\n15\nExPREFETDE LACOTE-D'ORLibert\u00e9Egalit\u00e9Fraternit\u00e9\nDIRECTION DE LA COORDINATION DES POLITIQUES\nPUBLIQUES ET DE L'APPUI TERRITORIAL\nP\u00f4le Environnement et Urbanisme\nArr\u00eat\u00e9 pr\u00e9fectoral n\u00b0 1350 du 23 ao\u00fbt 2024\nportant habilitation de la SARL TR OPTIMA CONSEIL en application de l'article R.752-6-3 du\ncode du commerce pour la r\u00e9alisation de l'analyse d'impact des projets d'am\u00e9nagement\ncommercial\nHabilitation n\u00b0 HAI-21-40-2024-08-23\nPr\u00e9fet de la C\u00f4te-d'Or\nVU le Code du Commerce, notamment les articles L752-6-III et R752-6-1 \u00e0 R752-6-3 ; \nVU la  loi  n\u00b0  2018-1021  du  23  novembre  2018  portant  \u00e9volution  du  logement,  de\nl'am\u00e9nagement et du num\u00e9rique, notamment son titre IV - article 163 ;\nVU le d\u00e9cret n\u00b0 2019-331 du 17 avril 2019 relatif \u00e0 la composition et au fonctionnement\ndes  commissions  d\u00e9partementales  d'am\u00e9nagement  commercial  et  aux  demandes\nd'autorisation d'exploitation commerciale ;\nVU l'arr\u00eat\u00e9  minist\u00e9riel  du  19  juin  2019  modifi\u00e9  fixant  le  contenu  du  formulaire  de\ndemande d'habilitation pour r\u00e9aliser l'analyse d'impact mentionn\u00e9e au III de l'article\nL.752-6 du code du commerce ;\nVU l'arr\u00eat\u00e9 pr\u00e9fectoral du 9 septembre 2019 habilitant la SARL OPTIMA CONSEIL pour la\nr\u00e9alisation  de  l'analyse  d'impact  des  projets  d'am\u00e9nagement  commercial  pour  une\ndur\u00e9e de 5 ans ;\nVU  la demande d'habilitation formul\u00e9e par la SARL TR OPTIMA CONSEIL, 4 place du\nBeau Verger \u2013 44120 VERTOU, repr\u00e9sent\u00e9e par Mme Elise TELEGA, g\u00e9rante, re\u00e7ue le 28\njuin  2024,  pour  r\u00e9aliser  l'analyse  d'impact  des  dossiers  de  demande  d'autorisation\nd'exploitation commerciale du d\u00e9partement de la C\u00f4te-d'Or ;\nVU le dossier produit \u00e0 l'appui de la demande susvis\u00e9e et les justificatifs joints ;\nCONSIDERANT que les extraits de casier judiciaire (bulletin n\u00b0 3) des repr\u00e9sentants\nl\u00e9gaux et des salari\u00e9s de la soci\u00e9t\u00e9 susvis\u00e9e charg\u00e9s de r\u00e9aliser les analyses d'impact sont\nvierges ;\nCONSIDERANT  que les personnes mentionn\u00e9es dans la demande d'habilitation, par\nlaquelle ou sous la responsabilit\u00e9 de laquelle seront r\u00e9alis\u00e9es les analyses d'impact sont\ntitulaires des dipl\u00f4mes requis ;\n1/3\nPr\u00e9fecture de la C\u00f4te-d'Or - 21-2024-08-23-00003 - Arr\u00eat\u00e9 pr\u00e9fectoral du 23/08/24 portant habilitation de la SARL OPTIMA CONSEIL\nen application de l'article R.752-6-3 du code du commerce pour la r\u00e9alisation de l'analyse d'impact des projets d'am\u00e9nagement\ncommercial\n16\nCONSIDERANT que la soci\u00e9t\u00e9 TR OPTIMA CONSEIL dispose des moyens et outils de\ncollecte et d'analyse des informations relatives aux effets d'un projet commercial sur\nl'animation et le d\u00e9veloppement \u00e9conomique des centres-villes des communes de la\nzone de chalandise et sur l'emploi \u00e0 l'\u00e9chelle de cette m\u00eame zone ;\nCONSIDERANT que le pr\u00e9c\u00e9dent arr\u00eat\u00e9 pr\u00e9fectoral d'habilitation du 9 septembre 2019\nsus-vis\u00e9 est valable jusqu'au 9 septembre 2024 ;\nSUR proposition de Monsieur le secr\u00e9taire g\u00e9n\u00e9ral de la Pr\u00e9fecture de la C\u00f4te-d'Or ;\nA R R E T E\nArticle  1er :  La  soci\u00e9t\u00e9  TR  OPTIMA  CONSEIL  sise  4  place  du  Beau  Verger  \u2013 44120\nVERTOU, est habilit\u00e9e \u00e0 r\u00e9aliser les analyses d'impact pr\u00e9vues au III de l'article L.752-6\ndu code du commerce, pour les projets d'am\u00e9nagement commerciaux situ\u00e9s dans le\nd\u00e9partement de la C\u00f4te-d'Or.\nArticle 2 : La pr\u00e9sente habilitation est accord\u00e9e pour une dur\u00e9e de cinq ans, \u00e0 compter\ndu 9 septembre 2024, sans renouvellement tacite. \nArticle 3  : En application du code de justice administrative et notamment des articles R.\n421-1 et R. 421-5, le pr\u00e9sent arr\u00eat\u00e9 peut, dans un d\u00e9lai de deux mois \u00e0 compter de sa\npublication, faire l'objet :\n- soit d'un recours gracieux, adress\u00e9e \u00e0 Monsieur le Pr\u00e9fet de C\u00f4te-d'Or, 53, rue de la\nPr\u00e9fecture \u2013 21041 Dijon Cedex ;\n- soit d'un recours hi\u00e9rarchique, adress\u00e9 \u00e0 Monsieur le Ministre de l'Int\u00e9rieur, Place Beauvau\n\u2013 75008 Paris Cedex 08 ;\n- soit d'un recours contentieux, en saisissant le Tribunal administratif de Dijon, 22, rue\nd'Assas \u2013 21000 Dijon ou t\u00e9l\u00e9recours citoyen.\nLes recours doivent \u00eatre adress\u00e9s par lettre recommand\u00e9e avec accus\u00e9 de r\u00e9ception.\nArticle  4  :  M.  le  secr\u00e9taire  g\u00e9n\u00e9ral  de  la  pr\u00e9fecture  de  la  C\u00f4te-d'Or  est  charg\u00e9  de\nl'ex\u00e9cution du pr\u00e9sent arr\u00eat\u00e9, qui sera publi\u00e9 au recueil des actes administratifs de la\npr\u00e9fecture de la C\u00f4te-d'Or et notifi\u00e9 \u00e0 Mme Elise TELEGA, g\u00e9rante, et dont copie sera\nadress\u00e9e \u00e0 Mme la directrice d\u00e9partementale des territoires.\nFait \u00e0 Dijon,\nLE PREFET,\nPour le pr\u00e9fet et par d\u00e9l\u00e9gation\nLe secr\u00e9taire g\u00e9n\u00e9ral\nSign\u00e9\nJohann MOUGENOT\n2/3\nPr\u00e9fecture de la C\u00f4te-d'Or - 21-2024-08-23-00003 - Arr\u00eat\u00e9 pr\u00e9fectoral du 23/08/24 portant habilitation de la SARL OPTIMA CONSEIL\nen application de l'article R.752-6-3 du code du commerce pour la r\u00e9alisation de l'analyse d'impact des projets d'am\u00e9nagement\ncommercial\n17\n3/3\nPr\u00e9fecture de la C\u00f4te-d'Or - 21-2024-08-23-00003 - Arr\u00eat\u00e9 pr\u00e9fectoral du 23/08/24 portant habilitation de la SARL OPTIMA CONSEIL\nen application de l'article R.752-6-3 du code du commerce pour la r\u00e9alisation de l'analyse d'impact des projets d'am\u00e9nagement\ncommercial\n18\nPr\u00e9fecture de la C\u00f4te-d'Or\nDirection des Collectivit\u00e9s locales et des\nElections \n21-2024-08-26-00001\nArr\u00eat\u00e9 pr\u00e9fectoral \u00b0 1 342 relatif \u00e0 l'\u00e9lection des\njuges au Tribunal de Commerce de Dijon\nPr\u00e9fecture de la C\u00f4te-d'Or - 21-2024-08-26-00001 - Arr\u00eat\u00e9 pr\u00e9fectoral \u00b0 1 342 relatif \u00e0 l'\u00e9lection des juges au Tribunal de Commerce de\nDijon 19\nExPREFETDE LACOTE-D'ORLibert\u00e9Egalit\u00e9Fraternit\u00e9\nDirection des Collectivit\u00e9s Locales et des \u00c9lections\nAffaire suivie par Eric FINOT                     Dijon, le 26 ao\u00fbt 2024                           \nBureau des \u00e9lections et de la r\u00e9glementation \nT\u00e9l : 03 80 44 65 43\nm\u00e9l : e  ric.finot  @cote-dor.gouv.fr  \nArr\u00eat\u00e9 N\u00b0 1 342\nRelatif \u00e0 l'\u00e9lection des juges au Tribunal de Commerce de Dijon\nLe pr\u00e9fet de la r\u00e9gion Bourgogne-Franche-Comt\u00e9\nPr\u00e9fet de la C\u00f4te-d'Or\nVU le code du commerce et notamment ses articles L.722-1 \u00e0 L.722-21, L.723-1 \u00e0 L.723-14 et R.723-1 \u00e0\nR.723-31 ;\nVU le code \u00e9lectoral ;\nVU la loi n\u00b0 87-550 du 16 juillet 1987 relative aux juridictions commerciales ;\nVU la loi n\u00b0 2016-1547 du 18 novembre 2016 de modernisation de la justice du XXI\u00e9 si\u00e8cle ;\nVU la loi n\u00b0 2019-486 du 22 mai 2019 relative \u00e0 la croissance et la transformation des entreprises ;\nVU la loi n\u00b0 2021-1317 du 11 octobre 2021 permettant la r\u00e9\u00e9lection des juges consulaires dans les\ntribunaux de commerce ;\nVU la  loi  n\u00b02022-1348  du  24  octobre  2022  visant  \u00e0  actualiser  le  r\u00e9gime  de  r\u00e9\u00e9lection  des  juges\nconsulaires dans les tribunaux de commerce ;\nVU le d\u00e9cret  n\u00b0  2008  \u2013  146  du 15  f\u00e9vrier  2008  modifiant  le si\u00e8ge  et  le ressort  des  tribunaux  de\ncommerce ;\nVU le d\u00e9cret n\u00b0 2008 \u2013 563 du 16 juin 2008 fixant notamment le nombre des juges des tribunaux de\ncommerce ;\nVU le d\u00e9cret n\u00b0 2017-1163 du 12 juillet 2017 relatif \u00e0 la d\u00e9ontologie, l'\u00e9ligibilit\u00e9 et la discipline des juges\ndes tribunaux de commerce ;\nVU l'arr\u00eat\u00e9 du 24 mai 2011 relatif aux bulletins de vote pour l'\u00e9lection des juges des tribunaux de\ncommerce ;\nVU la note JUSB2415263C en date du 20 juin 2024 du Garde des Sceaux, Ministre de la Justice ;\nPr\u00e9fecture de la C\u00f4te-d'Or - 21041 DIJON Cedex\nT\u00e9l\u00e9phone : 03.80.44.65.43 \npref-elections@cote-dor.gouv.fr\nPr\u00e9fecture de la C\u00f4te-d'Or - 21-2024-08-26-00001 - Arr\u00eat\u00e9 pr\u00e9fectoral \u00b0 1 342 relatif \u00e0 l'\u00e9lection des juges au Tribunal de Commerce de\nDijon 20\nVU les r\u00e9sultats des \u00e9lections des membres des Tribunaux de Commerce de Dijon des 19 novembre\n2020 et 23 novembre 2022 ;\nVU la d\u00e9mission de Monsieur Claude BRIGAND atteint par la limite d'\u00e2ge conform\u00e9ment \u00e0 l'article L.\n723-7 du code de commerce ;\nConsid\u00e9rant que le nombre de juges du Tribunal de Commerce de Dijon a \u00e9t\u00e9 fix\u00e9 par d\u00e9cret sus-vis\u00e9\ndu 16 juin 2008 \u00e0 28 juges ;\nSUR proposition du Secr\u00e9taire G\u00e9n\u00e9ral de la Pr\u00e9fecture de la C\u00f4te d'Or ;\nA R R E T E\nArticle 1er \u2013 Le coll\u00e8ge \u00e9lectoral du Tribunal de commerce de Dijon est appel\u00e9 \u00e0 \u00e9lire 11 juges.\nCes \u00e9lections ayant lieu uniquement par correspondance, les \u00e9lecteurs sont inform\u00e9s que pour le 1er\ntour de scrutin, le d\u00e9pouillement du coll\u00e8ge \u00e9lectoral du Tribunal de Commerce de Dijon, aura lieu au\nsi\u00e8ge de cette juridiction le :\nVendredi 11 octobre 2024 \u00e0 14 h 30\nsalle de r\u00e9union du Tribunal de Commerce \u2013 2\u00e8me \u00e9tage \u2013 Escalier n\u00b0 6\nCit\u00e9 judiciaire \u2013 13 boulevard Cl\u00e9menceau \u00e0 DIJON\nDans l'\u00e9ventualit\u00e9 d'un second tour de scrutin le d\u00e9pouillement aura lieu le  jeudi 24 octobre  2024 \u00e0\n14 h 30 dans les m\u00eames lieux que lors du premier tour.\nArticle 2 \u2013 Le d\u00e9p\u00f4t des candidatures s'effectue \u00e0 la Pr\u00e9fecture de la C\u00f4te d'Or au plus tard \u00e0 18h00 le\n20\u00e8me  jour qui  pr\u00e9c\u00e8de  le  d\u00e9pouillement  du  premier  tour  de  scrutin,  soit  jusqu'au  vendredi\n20 septembre 2024 \u00e0 18h. Les d\u00e9clarations de candidature seront re\u00e7ues \u00e0 :\nPr\u00e9fecture de la C\u00f4te d'Or, au Bureau \u00e9lections et r\u00e9glementations \nCit\u00e9 Dampierre\n6, rue Chancelier de l'Hospital\n\u00e0 Dijon\ndu mercredi 11 septembre au vendredi 20 septembre 2024\n(sauf les samedi 14 septembre et dimanche 15 septembre)\nde 9h \u00e0 12h et de 14h \u00e0 17h00 \nLe   vendredi 20 septembre   20  24  , jour de la cl\u00f4ture du d\u00e9p\u00f4t des candidatures, le service sera  \naccessible entre 17h et 18h, apr\u00e8s appel pr\u00e9alable au 03.80.44.65.43\nLe mandat des nouveaux \u00e9lus sera de quatre ans ou de deux ans selon qu'ils auront, ou non, d\u00e9j\u00e0 exerc\u00e9\nun mandat.\nLa  d\u00e9claration  de  candidature  doit  \u00eatre  faite  par  \u00e9crit  et  sign\u00e9e  par  le  candidat.  Elle  peut  \u00eatre\nindividuelle ou collective.\nElle doit \u00eatre d\u00e9pos\u00e9e personnellement par le candidat ou son mandataire. Si les candidatures sont\npr\u00e9sent\u00e9es  sous  forme  de  liste,  elles  peuvent  \u00eatre  d\u00e9pos\u00e9es  par  l'un  des  candidats  ou  par  un\nmandataire d\u00fbment habilit\u00e9.\nAucun retrait ou remplacement d'une candidature n'est accept\u00e9 apr\u00e8s son enregistrement.\nPr\u00e9fecture de la C\u00f4te-d'Or - 21041 DIJON Cedex\nT\u00e9l\u00e9phone : 03.80.44.65.43 \npref-elections@cote-dor.gouv.fr\nPr\u00e9fecture de la C\u00f4te-d'Or - 21-2024-08-26-00001 - Arr\u00eat\u00e9 pr\u00e9fectoral \u00b0 1 342 relatif \u00e0 l'\u00e9lection des juges au Tribunal de Commerce de\nDijon 21\nChaque candidat accompagne sa d\u00e9claration de candidature de la copie d'un titre d'identit\u00e9 et d'une\nd\u00e9claration \u00e9crite sur l'honneur  qu'il remplit les conditions d'\u00e9ligibilit\u00e9 indiqu\u00e9es \u00e0 l'article R 723-6 du\ncode du commerce.\nL'absence  des  pi\u00e8ces  pr\u00e9vues  ci-dessus  entra\u00eene  le  refus  d'enregistrement  de  la  candidature.Les\ncandidatures enregistr\u00e9es sont affich\u00e9es \u00e0 la Pr\u00e9fecture le lendemain de la date limite du d\u00e9p\u00f4t des\ncandidatures.\nArticle 3 \u2013 Vote par correspondance :\nLes  plis  contenant  les  enveloppes  de  vote  doivent  imp\u00e9rativement  parvenir,  par  voie  postale\nuniquement, \u00e0  la  Pr\u00e9fecture  au  plus  tard  la  veille  du  d\u00e9pouillement  \u00e0  18  heures,  soit  le  jeudi\n10 octobre 2024 \u00e0 18h pour le premier tour de scrutin.\nEn cas de second tour les plis seront re\u00e7us jusqu'au mercredi 23 octobre 2024 \u00e0 18h.\nLe Pr\u00e9fet adressera aux \u00e9lecteurs, douze jours au moins avant la date du d\u00e9pouillement du premier tour\nde scrutin, le mat\u00e9riel de vote n\u00e9cessaire.\nSi les candidats ne mettent aucun bulletin de vote \u00e0 la disposition des \u00e9lecteurs, ceux-ci votent avec un\nbulletin qu'ils r\u00e9digent eux-m\u00eames.\nArticle 4 \u2013 Le vote a lieu au scrutin plurinominal majoritaire \u00e0 deux tours.\nSont d\u00e9clar\u00e9s \u00e9lus au premier tour de scrutin, les candidats ayant obtenu un nombre de voix au moins\n\u00e9gal \u00e0 la majorit\u00e9 des suffrages exprim\u00e9s et au quart des \u00e9lecteurs inscrits.\nSi aucun candidat n'est \u00e9lu, ou s'il reste des si\u00e8ges \u00e0 pourvoir, le pr\u00e9sident de la commission \u00e9lectorale\nd\u00e9clare qu'il y a lieu \u00e0 un second tour de scrutin.\nAu second tour, l'\u00e9lection est acquise \u00e0 la majorit\u00e9 relative des suffrages exprim\u00e9s.\nSi plusieurs candidats obtiennent le m\u00eame nombre de voix au second tour, le plus \u00e2g\u00e9 est proclam\u00e9 \u00e9lu.\nArticle 5 \u2013 Le d\u00e9pouillement et le recensement des votes sont effectu\u00e9s par la commission pr\u00e9vue aux\narticles L 723-13 et R 723-8 du code du commerce.\nLes r\u00e9sultats sont proclam\u00e9s publiquement par le pr\u00e9sident de cette commission. La liste des candidats\n\u00e9lus,  \u00e9tablie  dans  l'ordre  d\u00e9gressif  du  nombre  de  voix  obtenu  par  chacun  d'entre  eux,  est\nimm\u00e9diatement affich\u00e9e au greffe du tribunal de commerce.\nLe proc\u00e8s-verbal des op\u00e9rations \u00e9lectorales est dress\u00e9 en trois exemplaires rev\u00eatus de la signature des\nmembres de la commission \u00e9lectorale  : le premier exemplaire est envoy\u00e9 au procureur g\u00e9n\u00e9ral, le\ndeuxi\u00e8me au pr\u00e9fet et le troisi\u00e8me est conserv\u00e9 au greffe du tribunal de commerce.\nArticle 6 \u2013 Le Secr\u00e9taire G\u00e9n\u00e9ral de la Pr\u00e9fecture de la C\u00f4te d'Or est charg\u00e9 de l'ex\u00e9cution du pr\u00e9sent\narr\u00eat\u00e9 qui sera affich\u00e9 au greffe du Tribunal de Commerce de Dijon, \u00e0 la Pr\u00e9fecture et dans les Sous-\nPr\u00e9fectures de Beaune et de Montbard et sera ins\u00e9r\u00e9 au recueil des actes administratifs de la Pr\u00e9fecture\nde la C\u00f4te d'Or. Une copie est transmise \u00e0 tous les membres du coll\u00e8ge \u00e9lectoral.\nLe pr\u00e9fet,\nPour le pr\u00e9fet et par d\u00e9l\u00e9gation\nLe secr\u00e9taire g\u00e9n\u00e9ral,\nSign\u00e9 : Johann MOUGENOT\nPr\u00e9fecture de la C\u00f4te-d'Or - 21041 DIJON Cedex\nT\u00e9l\u00e9phone : 03.80.44.65.43 \npref-elections@cote-dor.gouv.fr\nPr\u00e9fecture de la C\u00f4te-d'Or - 21-2024-08-26-00001 - Arr\u00eat\u00e9 pr\u00e9fectoral \u00b0 1 342 relatif \u00e0 l'\u00e9lection des juges au Tribunal de Commerce de\nDijon 22\nPr\u00e9fecture de la C\u00f4te-d'Or\nDirection des s\u00e9curit\u00e9s\n21-2024-08-23-00002\nArr\u00eat\u00e9 pr\u00e9fectoral portant agr\u00e9ment de M.\nPhilippe STRAUSS pour effectuer le contr\u00f4le\nm\u00e9dical de l'aptitude \u00e0 la conduite en cabinet\nlib\u00e9ral et en commission m\u00e9dicale des permis de\nconduire\nPr\u00e9fecture de la C\u00f4te-d'Or - 21-2024-08-23-00002 - Arr\u00eat\u00e9 pr\u00e9fectoral portant agr\u00e9ment de M. Philippe STRAUSS pour effectuer le\ncontr\u00f4le m\u00e9dical de l'aptitude \u00e0 la conduite en cabinet lib\u00e9ral et en commission m\u00e9dicale des permis de conduire 23\nExPREFETDE LACOTE-D'ORLibert\u00e9Egalit\u00e9Fraternit\u00e9\nDIRECTION DES S\u00c9CURIT\u00c9S\nBureau D\u00e9fense et S\u00e9curit\u00e9\nARR\u00caT\u00c9 PR\u00c9FECTORAL N\u00b01349\nportant agr\u00e9ment d'un m\u00e9decin pour effectuer le contr\u00f4le m\u00e9dical de l'aptitude \u00e0 la\nconduite en cabinet lib\u00e9ral et en commission m\u00e9dicale des permis de conduire\nVU le code de la route ;\nVU l'arr\u00eat\u00e9 du 21 d\u00e9cembre 2005 modifi\u00e9 par l'arr\u00eat\u00e9 interminist\u00e9riel du 31 ao\u00fbt 2010 fixant la\nliste des affections incompatibles avec l'obtention ou le maintien du permis de conduire ou\npouvant donner lieu \u00e0 la d\u00e9livrance de permis de conduire de dur\u00e9e de validit\u00e9 limit\u00e9e ;\nVU l'arr\u00eat\u00e9  minist\u00e9riel  du  20  avril  2012  modifi\u00e9  fixant  les  conditions  d'\u00e9tablissement,  de\nd\u00e9livrance et de validit\u00e9 des permis de conduire ;\nVU le  d\u00e9cret  n\u00b02012-886  du  17  juillet  2012  relatif  au  contr\u00f4le  m\u00e9dical  de  l'aptitude  \u00e0  la\nconduite ;\nVU l'arr\u00eat\u00e9 minist\u00e9riel du 31 juillet 2012 modifi\u00e9 par l es arr\u00eat\u00e9s du 30 mai 2013 et du 28 mars\n2022 relatifs \u00e0 l'organisation du contr\u00f4le m\u00e9dical de l'aptitude \u00e0 la conduite ;\nVU la circulaire du 03 ao\u00fbt 2012 relative \u00e0 l'organisation du contr\u00f4le m\u00e9dical de l'aptitude \u00e0 la\nconduite des conducteurs et des candidats aux permis de conduire ;\nVU le d\u00e9cret n\u00b0 2004-374 du 29 avril 2004 relatif aux pouvoirs des pr\u00e9fets, \u00e0 l'organisation et \u00e0\nl'action des services de l'Etat dans les r\u00e9gions et d\u00e9partements ;\nVU  l'arr\u00eat\u00e9  pr\u00e9fectoral n\u00b01208/SG  du 17  octobre  2022  donnant  d\u00e9l\u00e9gation  de  signature  \u00e0\nMme Nathalie AUBERTIN, directrice des s\u00e9curit\u00e9s ;\nVU l'arr\u00eat\u00e9 pr\u00e9fectoral du 3 d\u00e9cembre 2021 portant agr\u00e9ment, jusqu'au 7 novembre 2024, de\nM. Philippe STRAUSS pour la consultation en cabinet m\u00e9dical et en commission m\u00e9dicale des\npermis de conduire ;\nVU l'attestation de suivi de formation en date du 15 mars 2024 pr\u00e9sent\u00e9e par  M. Philippe\nSTRAUSS ;\nSUR proposition  du  sous-pr\u00e9fet,  directeur  de  cabinet  du  pr\u00e9fet  de  la  r\u00e9gion  Bourgogne-\nFranche-Comt\u00e9, pr\u00e9fet de la C\u00f4te-d'Or ;\nPr\u00e9fecture de la C\u00f4te-d'Or\n53 rue de la pr\u00e9fecture \u2013 21041 DIJON Cedex\n03 80 44 64 00 \u2013 mel : pref-polices-administratives@cote-dor.gouv.fr\nPr\u00e9fecture de la C\u00f4te-d'Or - 21-2024-08-23-00002 - Arr\u00eat\u00e9 pr\u00e9fectoral portant agr\u00e9ment de M. Philippe STRAUSS pour effectuer le\ncontr\u00f4le m\u00e9dical de l'aptitude \u00e0 la conduite en cabinet lib\u00e9ral et en commission m\u00e9dicale des permis de conduire 24\nARR\u00caTE\nArticle 1er : Le docteur Philippe STRAUSS, n\u00e9 le 15 juillet 1959 \u00e0 Dijon (21000) et exer\u00e7ant au\n15 rue du Ch\u00e2teau \u00e0 Dijon (21000), est agr\u00e9\u00e9 pour 5 ans \u00e0 compter de la date de signature du\npr\u00e9sent  arr\u00eat\u00e9, pour  effectuer  le  contr\u00f4le  m\u00e9dical,  en  cabinet  lib\u00e9ral  et  en  commission\nm\u00e9dicale, de l'aptitude \u00e0 la conduite des candidats au permis de conduire et des conducteurs\nde v\u00e9hicules automobiles.\nArticle 2 : L'agr\u00e9ment est abrog\u00e9 par d\u00e9cision du pr\u00e9fet dans les cas suivants : \n- en cas de sanction ordinale\n- d\u00e8s l'\u00e2ge de 75 ans\n- en cas de non respect de l'obligation de formation continue\n- pour tout autre motif\nDans ce dernier cas, le m\u00e9decin est tenu de pr\u00e9senter ses observations dans un d\u00e9lai de\nquinze  jours  suivant  r\u00e9ception  du  courrier  exposant  les  griefs  susceptibles  de  conduire  \u00e0\nl'abrogation de l'agr\u00e9ment.\nArticle    3     : Deux mois avant la fin du pr\u00e9sent agr\u00e9ment, le m\u00e9decin peut en demander le\nrenouvellement au pr\u00e9fet.\nArticle 4  :  Le sous-pr\u00e9fet, directeur de  cabinet du pr\u00e9fet de la  r\u00e9gion Bourgogne-Franche-\nComt\u00e9, pr\u00e9fet de la C\u00f4te-d'Or est charg\u00e9 de l'ex\u00e9cution du pr\u00e9sent arr\u00eat\u00e9 qui sera publi\u00e9 au\nrecueil  des  actes  administratifs  de  la  pr\u00e9fecture  de  la  C\u00f4te-d'Or  et  dont  une  copie  sera\nadress\u00e9e \u00e0 l'int\u00e9ress\u00e9 et au conseil d\u00e9partemental de l'ordre des m\u00e9decins.\nFait \u00e0 Dijon, le 23 ao\u00fbt 2024\n         Le pr\u00e9fet,\nPour le pr\u00e9fet et par d\u00e9l\u00e9gation,\n     La directrice des s\u00e9curit\u00e9s\n    Original sign\u00e9\nNathalie AUBERTIN\nD\u00e9lais et voies de recours\nSi vous entendez contester le pr\u00e9sent arr\u00eat\u00e9, vous pouvez utiliser dans les deux mois \u00e0 compter de la r\u00e9ception de la pr\u00e9sente d\u00e9cision, les\nvoies de recours suivantes :\n\u2022 un recours gracieux adress\u00e9 au service de la Pr\u00e9fecture qui traite le dossier ;\n\u2022 un recours hi\u00e9rarchique adress\u00e9 \u00e0 Monsieur le Ministre de l'int\u00e9rieur, de l'Outre-Mer, des Collectivit\u00e9s Territoriales et de\nl'Immigration (Direction des Libert\u00e9s Publiques et des affaires juridiques, Cabinet, Bureau des polices administratives - Place\nBeauvau \u2013 75008 PARIS).\nEn l'absence de r\u00e9ponse de l'administration dans un d\u00e9lai de deux mois \u00e0 compter de la date de r\u00e9ception de votre recours, celui-ci doit\n\u00eatre consid\u00e9r\u00e9 comme implicitement rejet\u00e9.\n\u2022   un recours contentieux adress\u00e9 au Tribunal Administratif de DIJON \u2013 22 rue d'Assas B.P . 61616 \u2013 21016 Dijon cedex. \n\u2022 le tribunal administratif peut \u00eatre saisi par un recours d\u00e9pos\u00e9 via l'application T\u00e9l\u00e9recours citoyens accessible par le site internet\nwww.t\u00e9l\u00e9recours.fr.\nCe recours juridictionnel doit \u00eatre d\u00e9pos\u00e9 au plus tard avant l'expiration d'une dur\u00e9e de deux mois suivant la date de notification de la d\u00e9cision\ncontest\u00e9e ou la date du rejet de votre recours gracieux ou hi\u00e9rarchique.\nPr\u00e9fecture de la C\u00f4te-d'Or\n53 rue de la pr\u00e9fecture \u2013 21041 DIJON Cedex\n03 80 44 64 00 \u2013 mel : pref-polices-administratives@cote-dor.gouv.fr\nPr\u00e9fecture de la C\u00f4te-d'Or - 21-2024-08-23-00002 - Arr\u00eat\u00e9 pr\u00e9fectoral portant agr\u00e9ment de M. Philippe STRAUSS pour effectuer le\ncontr\u00f4le m\u00e9dical de l'aptitude \u00e0 la conduite en cabinet lib\u00e9ral et en commission m\u00e9dicale des permis de conduire 25\nPr\u00e9fecture de la C\u00f4te-d'Or\nP\u00f4le juridique inter-services\n21-2024-08-08-00003\nArr\u00eat\u00e9 1358 du 8 ao\u00fbt 2024 d\u00e9l\u00e9gation de\nsignature au DG ARS Bourgogne Franche-Comt\u00e9,\npour la C\u00f4te d'Or \nPr\u00e9fecture de la C\u00f4te-d'Or - 21-2024-08-08-00003 - Arr\u00eat\u00e9 1358 du 8 ao\u00fbt 2024 d\u00e9l\u00e9gation de signature au DG ARS Bourgogne\nFranche-Comt\u00e9, pour la C\u00f4te d'Or 26\nSECR\u00c9TARIAT G\u00c9N\u00c9RAL         \nDirection de la coordination des politiques publiques\n et de l'appui territorial\nArr\u00eat\u00e9 pr\u00e9fectoral n\u00b0  1358  du  8 ao\u00fbt 2024\ndonnant d\u00e9l\u00e9gaton de signature \u00e0 Monsieur Jean-Jacques COIPLET,\nDirecteur G\u00e9n\u00e9ral de l'Agence R\u00e9gionale de Sant\u00e9 de Bourgogne-Franche-Comt\u00e9, pour la C\u00f4te-d'Or\nLe pr\u00e9fet de la C\u00f4te-d'Or\nVu le code de la sant\u00e9 publique; \nVu le code de la d\u00e9fense ;\nVu le code g\u00e9n\u00e9ral des collectiit\u00e9s territoriales  ;\nVu le code de l'eniironnement ;\nVu le code de la consommaton ; \nVu le code du traiail ;\nVu le code de l'acton sociale et des familles ;\nVu le code de l'entr\u00e9e et du s\u00e9jour des \u00e9trangers et du droit d'asile ;\nVu la loi n\u00b0 2009-879 du 21 juillet 2009 portant r\u00e9forme de l'h\u00f4pital et relatie aux patentss \u00e0 la\nsant\u00e9 et aux territoires ;\nVu la Ioi n\u00b0 2015-29 du 16 janiier 2015 relatie \u00e0 la d\u00e9limitaton des r\u00e9gionss aux \u00e9lectons r\u00e9gionales\net d\u00e9partementales et modifant le calendrier \u00e9lectoral ;\nVu l'ordonnance n\u00b0 2010-177 du 23 f\u00e9irier 2010 de coordinaton pour la Ioi n\u00b02009-879 du 21 juillet\n2009 portant r\u00e9forme de l'h\u00f4pital et relatie aux patentss \u00e0 la sant\u00e9 et aux territoires ;\nVu l'ordonnance n\u00b0 2015-1620 du 10 d\u00e9cembre 2015 adaptant les agences r\u00e9gionales de sant\u00e9 et les\nunions r\u00e9gionales de professionnels de sant\u00e9 \u00e0 la nouielle d\u00e9limitaton des r\u00e9gions ;\nVu le d\u00e9cret n\u00b0 2004-374 du 29 airil 2004 relatf aux pouioirs des pr\u00e9fetss \u00e0 l'organisaton et \u00e0\nl'acton des seriices de l'\u00c9tat dans les r\u00e9gions et d\u00e9partementss modif\u00e9 par le d\u00e9cret n\u00b0 2010-146 du\n16 f\u00e9irier 2010 et par le d\u00e9cret n\u00b0 2010-687 du 24 juin 2010s notamment l'assistance au pr\u00e9fet de\nd\u00e9partement pr\u00e9iue au dernier alin\u00e9a de l'artcle 13 ;\nVu le d\u00e9cret n\u00b0 2008-158 du 22 f\u00e9irier 2008 relatf \u00e0 la suppl\u00e9ance des pr\u00e9fets de r\u00e9gion et \u00e0 la\nd\u00e9l\u00e9gaton de signature des pr\u00e9fets et hauts commissaires de la R\u00e9publique en Polyn\u00e9sie fran\u00e7aise et\nen Nouielle-Cal\u00e9donie ;\n1/4\nPr\u00e9fecture de la C\u00f4te-d'Or - 21-2024-08-08-00003 - Arr\u00eat\u00e9 1358 du 8 ao\u00fbt 2024 d\u00e9l\u00e9gation de signature au DG ARS Bourgogne\nFranche-Comt\u00e9, pour la C\u00f4te d'Or 27\nVu le d\u00e9cret n\u00b0 2009-176 du 16 f\u00e9irier 2009 modifant le d\u00e9cret n\u00b0 64-805 du 29 juillet 1964 fxant\nles dispositons r\u00e9glementaires applicables aux pr\u00e9fets ;\nVu le d\u00e9cret n\u00b0 2010-336 du 31 mars 2010 portant cr\u00e9aton des agences r\u00e9gionales de sant\u00e9 ;\nVu le d\u00e9cret n\u00b0 2010-338 du 31 mars 2010 relatf aux relatons entre les repr\u00e9sentants de l'\u00c9tat dans\nle d\u00e9partements dans la zone de d\u00e9fense et dans la R\u00e9gion et l'agence r\u00e9gionale de sant\u00e9 pour\nl'applicaton des artcles L.435-1s L.435-2 et L.435-7 du code de la sant\u00e9 publique ;\nVu le d\u00e9cret n\u00b0 2010-344 du 31 mars 2010 trant les cons\u00e9quencess au niieau r\u00e9glementaires de\nl'interienton de la Ioi n\u00b02009-879 du 21 juillet 2009 portant r\u00e9forme de l'h\u00f4pital et relatie aux\npatentss \u00e0 la sant\u00e9 et aux territoires ;\nVu le d\u00e9cret n\u00b0 2015-1650 du 11 d\u00e9cembre 2015 adaptant les agences r\u00e9gionales de sant\u00e9 \u00e0 la\nnouielle d\u00e9limitaton des r\u00e9gions et prorogeant le mandat des unions r\u00e9gionales de professionnels\nde sant\u00e9 regroupant les infrmiers ;\nVu le d\u00e9cret du 02 noiembre 2022 nommant Monsieur Jean-Jacques COIPLETs directeur g\u00e9n\u00e9ral de\nl'agence r\u00e9gionale de sant\u00e9 de Bourgogne-Franche-Comt\u00e9 \u00e0 compter du 21 noiembre 2022 ;\nVu le  d\u00e9cret  du  26  septembre  2022  nommant  Monsieur  Franck  ROBINEs  pr\u00e9fet  de  la  r\u00e9gion\nBourgogne-Franche-Comt\u00e9s pr\u00e9fet de la C\u00f4te d'Or (hors classe) ;\nVu la d\u00e9cision d'organisaton n\u00b0 2024-018 du directeur g\u00e9n\u00e9ral de l'agence r\u00e9gionale de sante de\nBourgogne-Franche-Comt\u00e9 portant organisaton de l'ARS Bourgogne-Franche-Comt\u00e9 en date du 1er\nmars 2024 ;\nVu la d\u00e9cision n\u00b0 2024-041 portant nominaton de l'\u00e9quipe d'encadrement de l'agence r\u00e9gionale de\nsant\u00e9 de Bourgogne-Franche-Comt\u00e9 en date du 27 juin 2024 ;\nVu le protocole sign\u00e9 le 28 ao\u00fbt 2017 entre la Pr\u00e9f\u00e8te de la C\u00f4te-d'Or et le Directeur G\u00e9n\u00e9ral de\nl'ARS de Bourgogne-Franche-Comt\u00e9s annex\u00e9 au pr\u00e9sent arr\u00eat\u00e9 ;\nSur propositon du secr\u00e9taire g\u00e9n\u00e9ral de la Pr\u00e9fecture de la C\u00f4te-d'Or.\nARR\u00caTE\n \nArtcle 1er : \nD\u00e9l\u00e9gaton est donn\u00e9e \u00e0 monsieur Jean-Jacques COIPLETs directeur g\u00e9n\u00e9ral de l'agence r\u00e9gionale de\nsant\u00e9 de Bourgogne-Franche-Comt\u00e9s pour le d\u00e9partement de la C\u00f4te-d'Ors \u00e0 l'efet de signer dans le\ncadre de ses atributons et comp\u00e9tencess les actes d'instructons correspondances administraties\nreleiant des domaines d'actiit\u00e9s pr\u00e9iues par le protocole aux chapitres suiiants :\na)  Chapitre  I  du  ttre  II  du  protocole  iis\u00e9s  ci-dessuss  concernant  les  soins  psychiatriques  sans\nconsentement : pour aiiser les autorit\u00e9s et les personnes mentonn\u00e9es \u00e0 l'artcle L 3213-9 du Code\nde la sant\u00e9 publique de toute d\u00e9cision prise pour les patents.\n2/4\nPr\u00e9fecture de la C\u00f4te-d'Or - 21-2024-08-08-00003 - Arr\u00eat\u00e9 1358 du 8 ao\u00fbt 2024 d\u00e9l\u00e9gation de signature au DG ARS Bourgogne\nFranche-Comt\u00e9, pour la C\u00f4te d'Or 28\nb) Chapitre II du ttre ll du protocole iis\u00e9s ci-dessuss listant les proc\u00e9dures pour lesquelles les actes\nd'instructons  et  les  correspondances  administraties  sont  d\u00e9l\u00e9gu\u00e9es  au  directeur  g\u00e9n\u00e9ral  de\nl'agence r\u00e9gionale de la sant\u00e9 par le pr\u00e9fet de d\u00e9partements dans les domaines suiiants :\n- Eaux destn\u00e9es \u00e0 la consommaton humaines\n- Eaux min\u00e9rales naturelless\n- Eaux conditonn\u00e9ess\n- Eaux de loisirss\n- Salubrit\u00e9 des immeubles et risques sanitaires associ\u00e9s dans les b\u00e2tments accueillant du publics\n- Amiantes\n- Plomb et saturnisme infantles\n- Nuisances sonoress\n- D\u00e9chets d'actiit\u00e9 de soinss\n- Radionucl\u00e9ides naturelss\n- Rayonnements non ionisantss\nArtcle 2 \nEn cas d'absence ou d'emp\u00eachement de Monsieur Jean-Jacques COIPLETs directeur g\u00e9n\u00e9ral de l'ARS\nBourgogne Franche-Comt\u00e9s d\u00e9l\u00e9gaton de signature est donn\u00e9e :\nPour l'ensemble des actes iis\u00e9s \u00e0 l'artcle 1er :\n- Monsieur Mohamed SI ABDALLAHs directeur g\u00e9n\u00e9ral adjoint de l'ARS Bourgogne- Franche-Comt\u00e9s\nPour l'artcle 1er a) concernant les soins psychiatriques sans consentement  : \n- M. Lo\u00efc PLAN\u00c7ONs Secr\u00e9taire g\u00e9n\u00e9ral par int\u00e9rim de l'ARS Bourgogne-France-Comtes\n- Mme Marion PEARDs Chefe du d\u00e9partement des afaires juridiquess\n- Mme Nassima RABEIs adjointe \u00e0 la chefe du d\u00e9partement des afaires juridiquess\nPour l'artcle 1er b) concernant les mat\u00e8res suiiantes :\n- Eaux destn\u00e9es \u00e0 la consommaton humaines\n- Eaux min\u00e9rales naturelless\n- Eaux conditonn\u00e9ess\n- Eaux de loisirss\n- Salubrit\u00e9 des immeubles et risques sanitaires associ\u00e9s dans les b\u00e2tments accueillant du publics\n- Amiantes\n- Plomb et saturnisme infantles\n- Nuisances sonoress\n- D\u00e9chets d'actiit\u00e9 de soinss Radionucl\u00e9ides naturelss\n- Rayonnements non ionisants.\nLes agents suiiants de l'ARS re\u00e7oiient d\u00e9l\u00e9gaton de signature  \n- Monsieur Alain MORINs directeur de la sant\u00e9 Publique de l'ARS Bourgogne-Franche-Comt\u00e9. \n- Monsieur  Eric  LALAURIEs  adjoint  au  directeur  de  la  sant\u00e9  publiques  chef  du  d\u00e9partement\nPr\u00e9ienton Sant\u00e9 Eniironnements\n- Madame  Geneii\u00e8ie  FRIBOURGs  adjointe  au  directeur  de  la  sant\u00e9  publiques  chefe  du\nd\u00e9partement Veille et S\u00e9curit\u00e9 Sanitaire\n3/4\nPr\u00e9fecture de la C\u00f4te-d'Or - 21-2024-08-08-00003 - Arr\u00eat\u00e9 1358 du 8 ao\u00fbt 2024 d\u00e9l\u00e9gation de signature au DG ARS Bourgogne\nFranche-Comt\u00e9, pour la C\u00f4te d'Or 29\n- Monsieur  Bruno  MAESTRI  et  Mme  Estelle  BECHEROTs  adjoints  au  chef  du  d\u00e9partement\npr\u00e9ienton sant\u00e9 eniironnement de l'ARS Bourgogne-Franche-Comt\u00e9s\n- Madame  Graziella  MIDELETs  responsable  de  l'unit\u00e9  territoriale  sant\u00e9  eniironnement  du\nd\u00e9partement de la C\u00f4te-d'Or\n- Monsieur Bertrand DANIELs ing\u00e9nieur  d'\u00e9tude  sanitaire  de  l'unit\u00e9  territoriale  sant\u00e9\neniironnement du d\u00e9partement de la C\u00f4te d'Or\n- Madame C\u00e9lia FIABANEs ing\u00e9nieure d'\u00e9tude sanitaire de l'unit\u00e9 territoriale sant\u00e9 eniironnement\ndu d\u00e9partement de la C\u00f4te d'Or\nArtcle 3\nCet  arr\u00eat\u00e9  prend  efet  \u00e0  compter  de  sa  publicaton  au  recueil  des  actes  administratfs  de  la\npr\u00e9fecture de la C\u00f4te-d'Or et abroge toute d\u00e9l\u00e9gaton de signature ant\u00e9rieure et toutes dispositons\nqui lui sont contraires.\nArtcle 4\nLe  pr\u00e9sent  arr\u00eat\u00e9  peut  faire  l'objet  d'un  recours  contenteux  deiant  le  tribunal  administratf\ncomp\u00e9tent dans un d\u00e9lai de deux mois \u00e0 compter de sa publicaton. Ce recours peut \u00eatre d\u00e9pose iia\nl'applicaton \u00ab t\u00e9l\u00e9recours citoyens \u00bbs accessible par le site internet: www.telerecours.fr.\nArtcle 5\nLe Secr\u00e9taire G\u00e9n\u00e9ral de la Pr\u00e9fecture de la C\u00f4te d'Or et le Directeur G\u00e9n\u00e9ral de l'Agence R\u00e9gionale\nde Sant\u00e9 de Bourgogne-Franche-Comt\u00e9 sont charg\u00e9ss chacun en ce qui le concernes de l'ex\u00e9cuton du\npr\u00e9sent arr\u00eat\u00e9 qui sera publi\u00e9 au recueil des actes administratfs de la Pr\u00e9fecture de la C\u00f4te d'Or\nFait \u00e0 Dijons le 8 ao\u00fbt 2024\nLe pr\u00e9fets\nSign\u00e9 :\nFranck ROBINE\n4/4\nPr\u00e9fecture de la C\u00f4te-d'Or - 21-2024-08-08-00003 - Arr\u00eat\u00e9 1358 du 8 ao\u00fbt 2024 d\u00e9l\u00e9gation de signature au DG ARS Bourgogne\nFranche-Comt\u00e9, pour la C\u00f4te d'Or 30","date":"2024-08-27","first_seen_on":"2025-09-14T15:30:03+00:00","id":"9b41c67e30cfd0f8c82f41962cc825b54405e3f056a274430289ac64a18d1b73","name":"RAA n\u00b0 116 du 27 ao\u00fbt 2024","pdf_creation_date":"2024-08-27T14:04:38+00:00","pdf_modification_date":null,"timezone":"Europe/Paris","url":"https://www.cote-dor.gouv.fr/contenu/telechargement/22010/168431/file/recueil-21-2024-116-recueil-des-actes-administratifs-special.pdf"}
