{"administration":"pref75","administration_name":"Pr\u00e9fecture de Paris","content":"PREFECTURE\nDE PARIS\nRECUEIL DES ACTES\nADMINISTRATIFS SP\u00c9CIAL\n(NOMINATIFS)\nN\u00b075-2026-238\nPUBLI\u00c9 LE 23 AVRIL 2026\nSommaire\nAgence R\u00e9gionale de Sant\u00e9 d'Ile-de-France / ARS-DD94-D\u00e9l\u00e9gation\nd\u00e9partementale du Val-De-Marne\n75-2026-04-23-00013 - Arr\u00eat\u00e9 n\u00b02026-DD94-10 portant d\u00e9signation\nde Monsieur Pierre GILBERT en tant que Directeur par int\u00e9rim des\n\u00e9tablissements d'h\u00e9bergement pour personnes \u00e2g\u00e9es\nd\u00e9pendantes (EHPAD) ABCD (2 pages) Page 3\nPr\u00e9fecture de Police / Direction des usagers et des polices administratives\n75-2026-04-20-00015 - Arr\u00eat\u00e9 DUPA-2026-0330 du 20 avril 2026 portant\nrenouvellement d'habilitation dans le domaine fun\u00e9raire (4 pages) Page 6\n2\nAgence R\u00e9gionale de Sant\u00e9 d'Ile-de-France\n75-2026-04-23-00013\nArr\u00eat\u00e9 n\u00b02026-DD94-10 portant d\u00e9signation de\nMonsieur Pierre GILBERT en tant que Directeur\npar int\u00e9rim des \u00e9tablissements d'h\u00e9bergement\npour personnes \u00e2g\u00e9es d\u00e9pendantes (EHPAD)\nABCD\nAgence R\u00e9gionale de Sant\u00e9 d'Ile-de-France - 75-2026-04-23-00013 - Arr\u00eat\u00e9 n\u00b02026-DD94-10 portant d\u00e9signation de Monsieur Pierre\nGILBERT en tant que Directeur par int\u00e9rim des \u00e9tablissements d'h\u00e9bergement pour personnes \u00e2g\u00e9es d\u00e9pendantes (EHPAD) ABCD 3\nREPUBLIQUEFRANCAISELibert\u00e9Egalit\u00e9Fraternit\u00e9\ne \u00bb Agence R\u00e9gionale de Sant\u00e9Ile-de-France\n \n \n \n \n \n \n \nARR\u00caT\u00c9 N\u00b02026-DD94-10 \n  \nportant d\u00e9signation de Monsieur Pierre GILBERT \n en tant que Directeur par int\u00e9rim des \u00e9tablissements  d'h\u00e9bergement pour personnes \u00e2g\u00e9es \nd\u00e9pendantes (EHPAD) ABCD \u00ab L'Abbaye \u00bb \u00e0 Saint-Maur-des-Foss\u00e9s (94100), \u00ab Les Bords de \nMarne \u00bb \u00e0 Bonneuil-sur-Marne (94380), \u00ab La Cristolienne \u00bb \u00e0 Cr\u00e9teil (94000) et des EHPAD \u00ab La Cit\u00e9 \nVerte \u00bb \u00e0 Sucy-en-Brie (94370), \u00ab Pierre Tabanou \u00bb \u00e0 l'Ha\u00ff-les-Roses (94240) et \u00ab Soleil d'Automne \u00bb \n\u00e0 Fresnes (94260) \n   \n \n \n \nLE DIRECTEUR DE L'AGENCE R\u00c9GIONALE DE SANT\u00c9 \u00ceLE-DE-FRANCE \n \n  \n \nVu Le Code de la Sant\u00e9 Publique ;   \n \nVu La loi n\u00b086 -33 du 9 janvier 1986 modifi\u00e9e portant dispositions statutaires relatives \u00e0 la fonction \npublique hospitali\u00e8re ; \n \nVu  La loi n\u00b02009-879 du 21 juillet 2009 portant r\u00e9forme de l'h\u00f4pital et relative aux patients, \u00e0 la sant\u00e9 et \naux territoires ; \n \nVu Le d\u00e9cret n\u00b0 2005 -920 du 2 ao\u00fbt 2005 portant dispositions relatives \u00e0 la direction de certains \n\u00e9tablissements mentionn\u00e9s \u00e0 l'article 2 de la loi n\u00b086 -33 du 9 janvier 1986 portant dispositions \nstatutaires relatives \u00e0 la fonction publique hospitali\u00e8re ;  \n   \nVu  le d\u00e9cret du 1er avril 2010 portant nomination des Directeurs g\u00e9n\u00e9raux des Agences r\u00e9gionales de \nsant\u00e9 ;       \n \nVu Le d\u00e9cret n\u00b0 2012 -749 du 9 mai 2012 relatif \u00e0 la prime de fonctions et de r\u00e9sultats des corps ou \nemplois fonctionnels des personnels de direction et des directeurs des soins de la fonction publique \nhospitali\u00e8re ; \n \nVu l'arr\u00eat\u00e9 du 9 mai 2012 fixant les montants de r\u00e9f\u00e9rence de la prime de fonctions et de r\u00e9sultats \napplicables aux corps ou emplois fonctionnels des personnels de direction et des directeurs des \nsoins de la fonction publique hospitali\u00e8re.  \n     \nVu  le d\u00e9cret n\u00b0 2018- 255 du 9 avril 2018 relatif aux modalit\u00e9s d'indemnisation des p\u00e9riodes d'int\u00e9rim et \n\u00e0 l'indemnit\u00e9 de direction commune pour certains personnels de la fonction publique hospitali\u00e8re  ;  \n \nVu l'arr\u00eat\u00e9 du 9 avril 2018 fixant les montants de l'indemnisation des p\u00e9riodes d'int\u00e9rim et de l'indemnit\u00e9 \nde direction commune pour certains personnels de la fonction publique hospitali\u00e8re  ;  \n \nVu le d\u00e9cret du 10 avril 2024 portant nomination de Monsieur Denis ROBIN, Directeur g\u00e9n\u00e9ral de \nl'Agence r\u00e9gionale de sant\u00e9 Ile-de-France, \u00e0 compter du 29 avril 2024 ; \n \nVu l'arr\u00eat\u00e9 DS N\u00b0009/2026 du 23/02/2026 du Directeur g\u00e9n\u00e9ral de l'ARS \u00cele-de-France portant \nd\u00e9l\u00e9gation de signature \u00e0 Monsieur \u00c9ric V\u00c9CHARD, Directeur de la D\u00e9l\u00e9gation d\u00e9partementale du \nVal-de-Marne ; \n \nVu  l'arr\u00eat\u00e9 du 25 janvier 2025 du Centre national de gestion portant affectation de Monsieur Pascal \nCHAMPVERT en qualit\u00e9 de directeur adjoint ; \n \nAgence R\u00e9gionale de Sant\u00e9 d'Ile-de-France - 75-2026-04-23-00013 - Arr\u00eat\u00e9 n\u00b02026-DD94-10 portant d\u00e9signation de Monsieur Pierre\nGILBERT en tant que Directeur par int\u00e9rim des \u00e9tablissements d'h\u00e9bergement pour personnes \u00e2g\u00e9es d\u00e9pendantes (EHPAD) ABCD 4\nPage 2 sur 2 \n \n \nCONSIDERANT l'absence de candidature au poste de Directeur des EHPAD ABCD \u00ab L'Abbaye \u00bb \u00e0 Saint-\nMaur-des-Foss\u00e9s (94100), \u00ab Les Bords de Marne \u00bb \u00e0 Bonneuil-sur-Marne (94380), \u00ab La \nCristolienne \u00bb \u00e0 Cr\u00e9teil (94000) et des EHPAD \u00ab La Cit\u00e9 Verte \u00bb \u00e0 Sucy-en-Brie (94370), \n\u00ab Pierre Tabanou  \u00bb \u00e0 l'Ha\u00ff -les-Roses (94240) et \u00ab  Soleil d'Automne  \u00bb \u00e0 Fresnes \n(94260) ; \n \nCONSIDERANT    en cons\u00e9quence, la n\u00e9cessit\u00e9 de faire assurer l'int\u00e9rim de direction des EHPAD ABCD \n\u00ab L'Abbaye \u00bb \u00e0 Saint-Maur-des-Foss\u00e9s (94100), \u00ab Les Bords de Marne \u00bb \u00e0 Bonneuil-\nsur-Marne (94380), \u00ab La Cristolienne \u00bb \u00e0 Cr\u00e9teil (94000) et des EHPAD \u00ab La Cit\u00e9 \nVerte \u00bb \u00e0 Sucy-en-Brie (94370), \u00ab Pierre Tabanou \u00bb \u00e0 l'Ha\u00ff-les-Roses (94240) et \n\u00ab Soleil d'Automne \u00bb \u00e0 Fresnes (94260) \u00e0 compter du 1er mai 2026 ; \n \n \n \n  ARR\u00caTE \n \n \nARTICLE 1er : Monsieur Pierre GILBERT est d\u00e9sign\u00e9 en qualit\u00e9 de Directeur par int\u00e9rim des EHPAD ABCD \n\u00ab L'Abbaye \u00bb \u00e0 Saint -Maur-des-Foss\u00e9s (94100), \u00ab  Les Bords de Marne  \u00bb \u00e0 Bonneuil -sur-\nMarne (94380), \u00ab La Cristolienne \u00bb \u00e0 Cr\u00e9teil (94000) et des EHPAD \u00ab La Cit\u00e9 Verte \u00bb \u00e0 Sucy-\nen-Brie (94370), \u00ab  Pierre Tabanou \u00bb \u00e0 l'Ha\u00ff -les-Roses (94240) et \u00ab  Soleil d'Automne  \u00bb \u00e0 \nFresnes (94260) \u00e0 compter du 1er mai 2026, pour une dur\u00e9e d'un an. \n \nARTICLE 2e : Monsieur P ierre GILBERT  percevra durant la p\u00e9riode d'int\u00e9rim , l'indemnit\u00e9 forfaitaire \nmensuelle qui sera calcul\u00e9e conform\u00e9ment aux dispositions pr\u00e9vues par le d\u00e9cret N\u00b0 2018-\n255 du 9 avril 2018 susvis\u00e9 ainsi que par l'arr\u00eat\u00e9 du 9 avril 2018 susvis \u00e9.      \n \nARTICLE 3e :  Un recours contre le pr\u00e9sent arr\u00eat\u00e9 peut \u00eatre form\u00e9 devant le tribunal administratif comp\u00e9tent \ndans un d\u00e9lai de deux mois \u00e0 compter de sa notification. \n \nARTICLE 4e :  Le Directeur G\u00e9n\u00e9ral de l'Agence r\u00e9gionale de sant\u00e9 \u00cele-de-France et le Directeur de la \nD\u00e9l\u00e9gation d\u00e9partementale du Val-de-Marne sont charg\u00e9s de l'ex\u00e9cution du pr\u00e9sent arr\u00eat\u00e9 \nqui sera publi\u00e9 au Recueil des actes administratifs de la pr\u00e9fecture de la r\u00e9gion Ile-de-France \net de la pr\u00e9fecture du Val-de-Marne. \n \n \n \nFait \u00e0 Cr\u00e9teil, le 23 avril 2026 \n  \n \nPour le Directeur G\u00e9n\u00e9ral \nde l'Agence r\u00e9gionale de sant\u00e9 \u00cele-de-France, \nLe Directeur de la D\u00e9l\u00e9gation d\u00e9partementale du \nVal-de-Marne \nSIGN\u00c9 : \u00c9ric V\u00c9CHARD     \n \nAgence R\u00e9gionale de Sant\u00e9 d'Ile-de-France - 75-2026-04-23-00013 - Arr\u00eat\u00e9 n\u00b02026-DD94-10 portant d\u00e9signation de Monsieur Pierre\nGILBERT en tant que Directeur par int\u00e9rim des \u00e9tablissements d'h\u00e9bergement pour personnes \u00e2g\u00e9es d\u00e9pendantes (EHPAD) ABCD 5\nPr\u00e9fecture de Police\n75-2026-04-20-00015\nArr\u00eat\u00e9 DUPA-2026-0330 du 20 avril 2026 portant\nrenouvellement d'habilitation dans le domaine\nfun\u00e9raire\nPr\u00e9fecture de Police - 75-2026-04-20-00015 - Arr\u00eat\u00e9 DUPA-2026-0330 du 20 avril 2026 portant renouvellement d'habilitation dans le\ndomaine fun\u00e9raire 6\nPREFECTUREDE POLICELibert\u00e9Egalit\u00e9Fraternit\u00e9\nG\nDirection des usagers \net des polices administratives\nSous-direction des polices sanitaires, \nenvironnementales et de s\u00e9curit\u00e9 \nBureau des polices de l'environnement \net des op\u00e9rations fun\u00e9raires\nArr\u00eat\u00e9 pr\u00e9fectoral n\u00b0DUPA-2026-0330\ndu 20 avril 2026\nportant renouvellement d'habilitation dans le domaine fun\u00e9raire\nLe pr\u00e9fet de Police,\nVU le code g\u00e9n\u00e9ral des collectivit\u00e9s territoriales, et notamment ses articles L.2223-19,  \nL.2223-23, R.2223-56 et R.2223-62 ;\nVU  l'arr\u00eat\u00e9  DTPP-2020-1110 du  24  d\u00e9cembre  2020  portant  renouvellement  \nd'habilitation N\u00b0 20-75-100 dans le domaine fun\u00e9raire pour une dur\u00e9e de cinq ans  de \nl'\u00e9tablissement CAHEN ET CIE situ\u00e9 24 boulevard Edgard Quinet 75014 PARIS\u00a0;\nVU  la  demande  de  renouvellement  d'habilitation  formul\u00e9e  le  20  janvier  2026  et  \ncompl\u00e9t\u00e9e en dernier lieu le 1er avril  2026 par M. Joachim BERETTI-CAHEN  g\u00e9rant de \nl'\u00e9tablissement susmentionn\u00e9 ;\nVU les pi\u00e8ces pr\u00e9sent\u00e9es \u00e0 l'appui de cette demande ;\nSUR proposition de la directrice des usagers et des polices administratives, \nA R R \u00ca T E\nArticle 1\nL'\u00e9tablissement CAHEN ET CIE\nsitu\u00e9 24 boulevard Edgard Quinet - 75014 PARIS\nExploit\u00e9 par M. Joachim BERETTI-CAHEN est habilit\u00e9 pour exercer sur l'ensemble du  \nterritoire national les activit\u00e9s fun\u00e9raires mentionn\u00e9es \u00e0 l'article 2 du pr\u00e9sent arr\u00eat\u00e9. \nPr\u00e9fecture de Police - 75-2026-04-20-00015 - Arr\u00eat\u00e9 DUPA-2026-0330 du 20 avril 2026 portant renouvellement d'habilitation dans le\ndomaine fun\u00e9raire 7\nArticle 2\n- Organisation des obs\u00e8ques,\n- Fourniture des housses, des cercueils et de leurs accessoires int\u00e9rieurs et ext\u00e9rieurs   \nainsi que des urnes cin\u00e9raires,\n- Fourniture de personnel et des objets et prestations n\u00e9cessaires aux obs\u00e8ques,  \ninhumations, exhumations et cr\u00e9mations.\n \nArticle 3\nLes activit\u00e9s suivantes seront exerc\u00e9es en sous-traitance, sous r\u00e9serve de la validit\u00e9 de  \nl'habilitation fun\u00e9raire des sous-traitants. \nActivit\u00e9s Soci\u00e9t\u00e9s Adresse N\u00b0 \nhabilitation\nTransport des \ncorps avant et \napr\u00e8s mise en \nbi\u00e8re ;\nFourniture des \ncorbillards et des \nvoitures de deuil\nFourniture de \npersonnel et des \nobjets et \nprestations \nn\u00e9cessaires aux \nobs\u00e8ques, \ninhumations, \nexhumations et \ncr\u00e9mations.\nSAS CONVOI \nSERVICE\n26B avenue des Fr\u00e8res \nLumi\u00e8re \n78190 TRAPPES\n24-78-0100\n- Soins de \nconservation.\nARNAUD \nTHANATO\n9, rue Parrot\n75012 PARIS\n25-75-0468\nArticle 4\nLe num\u00e9ro d'habilitation est le 26-75-100.\nArticle 5\nConform\u00e9ment \u00e0 l'article R.2223-63 du code susmentionn\u00e9, tout changement dans les  \nindications fournies dans le dossier de demande d'habilitation doit \u00eatre d\u00e9clar\u00e9 \u00e0 la  \npr\u00e9fecture de Police dans un d\u00e9lai de deux mois. \nArticle 6\nConform\u00e9ment  \u00e0  l'article  R.2223-62  du  code  susmentionn\u00e9,  cette  habilitation  est  \nvalable cinq ans, \u00e0 compter de la date du pr\u00e9sent arr\u00eat\u00e9.\nPr\u00e9fecture de Police - 75-2026-04-20-00015 - Arr\u00eat\u00e9 DUPA-2026-0330 du 20 avril 2026 portant renouvellement d'habilitation dans le\ndomaine fun\u00e9raire 8\nArticle 7\nL'habilitation  peut  \u00eatre  renouvel\u00e9e  \u00e0  la  demande  de  l'entreprise.  Cette  demande, \naccompagn\u00e9e des pi\u00e8ces requises, doit parvenir \u00e0 la pr\u00e9fecture de Police deux mois  \navant l'expiration de l'habilitation d\u00e9tenue. \nArticle 8\nLe pr\u00e9sent arr\u00eat\u00e9 peut faire l'objet de recours cit\u00e9 en annexe.\nArticle 9\nLa directrice des usagers et des polices administratives de la pr\u00e9fecture de Police est\ncharg\u00e9e  de  l'ex\u00e9cution  du  pr\u00e9sent  arr\u00eat\u00e9  qui  sera  publi\u00e9  au  recueil  des  actes  \nadministratifs de la  pr\u00e9fecture de la r\u00e9gion d'\u00cele de France, pr\u00e9fecture de Paris et  \nconsultable sur le site de la pr\u00e9fecture de la r\u00e9gion d'\u00cele-de-France www.prefectures-\nregions.gouv.fr/ile-de-france.\n  \n                                              Pour le pr\u00e9fet de Police et par d\u00e9l\u00e9gation,\n                                                 \n                                          L'Adjointe \u00e0 la Sous-Directrice des Polices Sanitaires  \n                                                    Evironnementales et de S\u00e9curit\u00e9\n                                                                 Laurence GIREL-GORIZZUTTI\nPr\u00e9fecture de Police - 75-2026-04-20-00015 - Arr\u00eat\u00e9 DUPA-2026-0330 du 20 avril 2026 portant renouvellement d'habilitation dans le\ndomaine fun\u00e9raire 9\nAnnexe \u00e0 l'arr\u00eat\u00e9 pr\u00e9fectoral n\u00b0 DUPA-2026-0330  \ndu 20 avril 2026\nVoies et D\u00e9lais de recours\n1 - Si vous estimez devoir contester la pr\u00e9sente d\u00e9cision, il vous est possible dans un  \nd\u00e9lai de  2 mois \u00e0 compter de la date de la notification :\n- de saisir d'un recours gracieux\nle Pr\u00e9fet de Police \u00e0 l'adresse suivante :\n1, bis rue de Lut\u00e8ce \u2013 75195 PARIS CEDEX 04\n- de former un recours hi\u00e9rarchique\naupr\u00e8s  du  ministre  de  l'Int\u00e9rieur  et  des  Outre-mer  \u00e0  l'adresse  \nsuivante :\nDirection des Libert\u00e9s publiques et des Affaires Juridiques\nPlace Beauvau \u2013 75008 PARIS\n- de saisir d'un recours contentieux\n    le Tribunal administratif de Paris \u00e0 l'adresse suivante :\n7 , rue de Jouy - 75181 PARIS CEDEX 04\nLes recours gracieux et hi\u00e9rarchique doivent \u00eatre \u00e9crits, exposer les arguments ou faits  \nnouveaux et comprendre la copie de la d\u00e9cision contest\u00e9e.\nLe recours contentieux s'exerce pour contester la l\u00e9galit\u00e9 de la pr\u00e9sente d\u00e9cision. Il doit \n\u00eatre \u00e9crit et exposer votre argumentation juridique.\nSi vous n'avez pas de r\u00e9ponse \u00e0 votre recours gracieux et/ou hi\u00e9rarchique dans un d\u00e9lai \nde 2 mois \u00e0 compter de la date de r\u00e9ception par l'administration de votre recours, celui-\nci doit \u00eatre consid\u00e9r\u00e9 comme rejet\u00e9 (d\u00e9cision implicite de rejet).\n2 - En cas de rejet (implicite ou \u00e9crit) du recours gracieux et/ou hi\u00e9rarchique, vous  \ndisposez d'un nouveau d\u00e9lai de deux mois pour saisir le tribunal administratif d'un  \nrecours contentieux.\nAucune de ces voies de recours ne suspend l'application des dispositions du pr\u00e9sent  \narr\u00eat\u00e9.\nPr\u00e9fecture de Police - 75-2026-04-20-00015 - Arr\u00eat\u00e9 DUPA-2026-0330 du 20 avril 2026 portant renouvellement d'habilitation dans le\ndomaine fun\u00e9raire 10","date":"2026-04-23","first_seen_on":"2026-04-23T17:49:02+00:00","id":"9bb0bef7d748e57d7822ff1ab41b76f9491090496369677f7e4e626dc02d42e8","name":"recueil-75-2026-238-RAA-nominatifs du 23.04.2026","pdf_creation_date":"2026-04-23T15:05:44+00:00","pdf_modification_date":null,"timezone":"Europe/Paris","url":"https://www.prefectures-regions.gouv.fr/ile-de-france/irecontenu/telechargement/137301/1003224/file/recueil-75-2026-238-RAA-nominatifs%20du%2023.04.2026.pdf"}
