{"administration":"pref21","administration_name":"Pr\u00e9fecture de C\u00f4te-d\u2019Or","content":"PR\u00c9FET\nDE LA C\u00d4TE-D'OR\nRECUEIL DES ACTES\nADMINISTRATIFS SP\u00c9CIAL\nN\u00b021-2024-008\nPUBLI\u00c9 LE 22 JANVIER 2024\nSommaire\nCour d'appel de Dijon /\n21-2024-01-22-00001 - CA Dijon - DELEGATION SIGNATURE OS GENERALE\n2024.1 (22.01.2024) (2 pages) Page 4\nDirection d\u00e9partementale de l'emploi, du travail et des solidarit\u00e9s de\nC\u00f4te-d'Or /\n21-2024-01-19-00003 - R\u00e9c\u00e9piss\u00e9 D\u00e9claration SAP/947868378 - MFAMILY -\nGIBAULT Marine (2 pages) Page 7\nPr\u00e9fecture de la C\u00f4te-d'Or / Direction des Collectivit\u00e9s locales et des\nElections\n21-2024-01-18-00002 - Arr\u00eat\u00e9 pr\u00e9fectoral n\u00b0 145 portant classement de\nl'Office de Tourisme de Pouilly-en-Auxois / Bligny-sur-Ouche (1 page) Page 10\nPr\u00e9fecture de la C\u00f4te-d'Or / Direction des s\u00e9curit\u00e9s\n21-2024-01-19-00004 - Arr\u00eat\u00e9 pr\u00e9fectoral portant autorisation de\nsurveillance exceptionnelle sur la voie publique - Saint Vincent Tournante\n2024 (2 pages) Page 12\nPr\u00e9fecture de la C\u00f4te-d'Or / P\u00f4le juridique inter-services\n21-2024-01-18-00008 - Arr\u00eat\u00e9 pr\u00e9fectoral n\u00b0   151 / SG du 18 janvier 2024\n\ndonnant d\u00e9l\u00e9gation de signature \u00e0 l\u25a1occasion des permanences de\nweek-ends,\nde jours f\u00e9ri\u00e9s ou de jours ch\u00f4m\u00e9s (3 pages) Page 15\n21-2024-01-18-00004 - Arr\u00eat\u00e9 pr\u00e9fectoral n\u00b0  148    / SG du 18 janvier 2024     \n\ndonnant d\u00e9l\u00e9gation de signature \u00e0 Monsieur Olivier GERSTL\u00c9,\nsous-pr\u00e9fet,\ndirecteur de cabinet du pr\u00e9fet de la r\u00e9gion\nBourgogne-Franche-Comt\u00e9,\npr\u00e9fet de la C\u00f4te-d'Or (3 pages) Page 19\n21-2024-01-18-00006 - Arr\u00eat\u00e9 pr\u00e9fectoral n\u00b0  149 / SG du 18 janvier 2024\n\ndonnant d\u00e9l\u00e9gation de signature \u00e0 Monsieur S\u00e9bastien\nLANOYE,\nsous-pr\u00e9fet de Montbard (7 pages) Page 23\n21-2024-01-18-00007 - Arr\u00eat\u00e9 pr\u00e9fectoral n\u00b0  150  / SG du 18 janvier\n2024\ndonnant d\u00e9l\u00e9gation de signature \u00e0 Monsieur Beno\u00eet\nBYRSKI,\nsous-pr\u00e9fet de Beaune (7 pages) Page 31\n21-2024-01-18-00003 - Arr\u00eat\u00e9 pr\u00e9fectoral n\u00b0 147 / SG du 18 janvier\n2024\ndonnant d\u00e9l\u00e9gation de signature \u00e0 Monsieur Johann\nMOUGENOT,\nsecr\u00e9taire g\u00e9n\u00e9ral de la pr\u00e9fecture de la C\u00f4te d\u25a1Or (3\npages) Page 39\n21-2024-01-18-00005 - Arr\u00eat\u00e9 pr\u00e9fectoral N\u00b0 155 / SG du  18 janvier 2024\ndonnant  d\u00e9l\u00e9gation de signature en mati\u00e8re de gestion des budgets\nop\u00e9rationnels\n104-111-112-113-119-122-124-129-135-137-147-148-161-163-172-181-206-207-209-215-216-217-218-219-232-303-348-349-354-357-362-363-364-380-723-754-780-833\ndes fonds europ\u00e9ens et des recettes non fiscales (18 pages) Page 43\n2\n21-2024-01-18-00009 - Arr\u00eat\u00e9 pr\u00e9fectoral N\u00b0 157 / SG du 18 janvier 2024        \n\ndonnant d\u00e9l\u00e9gation de signature pour l\u25a1utilisation \nd\u25a1une carte\nd\u25a1achat nominative (2 pages) Page 62\n3\nCour d'appel de Dijon\n21-2024-01-22-00001\nCA Dijon - DELEGATION SIGNATURE OS\nGENERALE 2024.1 (22.01.2024)\nCour d'appel de Dijon - 21-2024-01-22-00001 - CA Dijon - DELEGATION SIGNATURE OS GENERALE 2024.1 (22.01.2024) 4\nMINISTEREDE LA JUSTICEL'iberte'Egalit\u00e9Fraternit\u00e9\n  \n \nCOUR D'APPEL DE DIJON \n                             SERVICE ADMINISTRATIF INTER R\u00c9GIONAL \nDossier suivi par S\u00e9verine STREER  \nResponsable des march\u00e9s publics \n \nT\u00e9l : 03.80.44.61.88 \nM\u00e9l : rgbmp.sar.ca-dijon@justice.fr \n8 rue Amiral Roussin BP 33432 12034 Dijon cedex   1  \n \nDECISION PORTANT DELEGATION GENERALE  \nDE SIGNATURE n\u00b02024/1 \n \n \nLa premi\u00e8re pr\u00e9sidente de la cour d'appel de Dijon  \net  \nLe procureur g\u00e9n\u00e9ral pr\u00e8s ladite cour \n \n \nVu la loi organique n\u00b0 2001-692 du 1er ao\u00fbt 2001 relative aux lois de finances, modifi\u00e9e par les lois organiques \nn\u00b0 2005-779 du 12 juillet 2005, n\u00b0 2012-1403 du 17 d\u00e9cembre 2012, n\u00b0 2017-1338 du 15 septembre 2017 et \nn\u00b0 2021-1836 du 28 d\u00e9cembre 2021 ; \n \nVu le d\u00e9cret n\u00b0 2012-1246 du 7 novembre 2012 relatif \u00e0 la gestion budg\u00e9taire et comptable publique ; \n  \nVu le d\u00e9cret n\u00b0 2004-374 du 29 avril 2004 relatif aux pouvoirs des pr\u00e9fets, \u00e0 l'organisation et \u00e0 l'action des \nservices de l'Etat dans les r\u00e9gions et les d\u00e9partements ; \n \nVu le code de l'organisation judiciaire, notamment l'article D312-66 relatif aux comp\u00e9tences d'ordonnateurs \nsecondaires conjoints des Premiers Pr\u00e9sidents de cour d'appel et des Procureurs G\u00e9n\u00e9raux pr\u00e8s lesdites \ncours d'appel ; \n \nVu le d\u00e9cret NOR JUS B1916064D du 4 juillet 2019 portant nomination de Madame Lucette BROUTECHOUX \naux fonctions de premier pr\u00e9sident de la cour d'appel de Dijon ; \n \nVu le d\u00e9cret NOR JUS B2001390D du 10 f\u00e9vrier 2020 portant nomination de Monsieur Thierry POCQUET \ndu HAUT-JUSS\u00c9 aux fonctions de procureur g\u00e9n\u00e9ral pr\u00e8s la cour d'appel de Dijon ; \n \nVu le d\u00e9cret n\u00b0 2007-352 du 14 mars 2007 relatif aux services administratifs r\u00e9gionaux judiciaires ; \n \nVu l'arr\u00eat\u00e9 de nomination du 14 f\u00e9vrier 2022 de Madame Julie DUFOUR, directrice d\u00e9l\u00e9gu\u00e9e \u00e0 \nl'administration interr\u00e9gionale judiciaire de la cour d'appel de Dijon ; \n \n \nDECIDENT \n \nARTICLE 1 \n \nD\u00e9l\u00e9gation de signature pour l'exercice de la comp\u00e9tence d'ordonnateur secondaire du budget du minist\u00e8re \nde la Justice est donn\u00e9e \u00e0 Madame Julie DUFOUR, directrice d\u00e9l\u00e9gu\u00e9e \u00e0 l'administration interr\u00e9gionale \njudiciaire de la cour d'appel de Dijon, pour les op\u00e9rations de recette et de d\u00e9penses hors investissement \nimmobilier sup\u00e9rieur \u00e0 60.000 \u20ac des juridictions du ressort de la cour d'appel de Dijon et de ladite cour. \n \nCour d'appel de Dijon - 21-2024-01-22-00001 - CA Dijon - DELEGATION SIGNATURE OS GENERALE 2024.1 (22.01.2024) 5\nS\n \nT\u00e9l : 03.80.44.61.88 \nM\u00e9l : rgbmp.sar.ca-dijon@justice.fr \n8 rue Amiral Roussin BP 33432 12034 Dijon cedex   2  \nARTICLE 2 \n \nEn cas d'absence ou d'emp\u00eachement de Madame Julie DUFOUR, cette d\u00e9l\u00e9gation sera exerc\u00e9e par les agents \nsuivants en fonction au service administratif interr\u00e9gional de la cour d'appel de Dijon : \n- Madame Magalie TONNELLATTO, responsable de la gestion des ressources humaines ; \n- Madame S\u00e9verine STREER, responsable des march\u00e9s publics ;  \n- Madame Chlo\u00e9 FAIVRE, responsable de la gestion du patrimoine immobilier ; \n- Madame Florence JOLLY, chef du p\u00f4le chorus ; \n- Madame Meghane BLASSENAT, responsable de la gestion budg\u00e9taire et des march\u00e9s publics ; \n- Madame Marie-Brigitte SENTIS, responsable de la gestion budg\u00e9taire ; \n- Monsieur Marc GARRETA, responsable de la gestion budg\u00e9taire ; \n- Monsieur Fredy KANCEL-DIOMAR, responsable de la gestion de la formation ; \n- Monsieur Cl\u00e9ment MOLLICA, responsable technique travaux et maintenance BOP Centre ; \n- Monsieur Fran\u00e7ois BESSE, responsable technique travaux et maintenance UO Dijon. \n \nARTICLE 3 \n \nLa premi\u00e8re pr\u00e9sidente et le procureur g\u00e9n\u00e9ral sont charg\u00e9s de l'ex\u00e9cution de la pr\u00e9sente d\u00e9cision, qui sera \nnotifi\u00e9e aux d\u00e9l\u00e9gataires d\u00e9sign\u00e9s ci-dessus, transmise au comptable assignataire et publi\u00e9e au recueil des \nactes administratifs de la pr\u00e9fecture de C\u00f4te d'Or. \n \nFait \u00e0 Dijon, le 22/01/2024 \n \n \n Le Procureur G\u00e9n\u00e9ral,     La Premi\u00e8re Pr\u00e9sidente, \n \n \n \n     Thierry POCQUET du HAUT-JUSS\u00c9                   Lucette BROUTECHOUX \n \nSp\u00e9cimen de signature pour accr\u00e9ditation aupr\u00e8s de la directrice r\u00e9gionale des finances publiques de \nBourgogne Franche Comt\u00e9 : \n \n \n \n \n  Julie DUFOUR           Magalie TONNELLATTO                   S\u00e9verine STREER  \n \n \n \n   Chlo\u00e9 FAIVRE            Florence JOLLY                                   Meghane BLASSENAT                       \n \n \n   \nMarie Brigitte SENTIS           Marc GARRETA                                 Fredy KANCEL-DIOMAR                     \n \n \n \nCl\u00e9ment MOLLICA        Fran\u00e7ois BESSE \n \nCour d'appel de Dijon - 21-2024-01-22-00001 - CA Dijon - DELEGATION SIGNATURE OS GENERALE 2024.1 (22.01.2024) 6\nDirection d\u00e9partementale de l'emploi, du travail\net des solidarit\u00e9s de C\u00f4te-d'Or\n21-2024-01-19-00003\nR\u00e9c\u00e9piss\u00e9 D\u00e9claration SAP/947868378 -\nMFAMILY - GIBAULT Marine\nDirection d\u00e9partementale de l'emploi, du travail et des solidarit\u00e9s de C\u00f4te-d'Or - 21-2024-01-19-00003 - R\u00e9c\u00e9piss\u00e9 D\u00e9claration\nSAP/947868378 - MFAMILY - GIBAULT Marine 7\nEx Direction D\u00e9partementale de l'Emploi,PR\u00c9FET du Travail et des Solidarit\u00e9s - DDETSDE LA |COTE-D'ORL'ibert\u00e9Egalit\u00e9Fraternit\u00e9\nAffaire suivie par Robert TOFFOLI Dijon, le 19/01/2024Contr\u00f4leur du Travail \u2014 P\u00f4le Emploi - Coh\u00e9sion Territoriale,T\u00e9l : 03 80 45 75 07 // 06 99 59 63 57m\u00e9l : robert.toffoli@cote-dor.gouv.frMFAMILYMme GIBAULT Marine33 Route de Dijon21310 MAGNY-SAINT-MEDARD\nRECEPISSE DE DECLARATIONd'un Organisme de Services \u00e0 la PersonneEnregistr\u00e9 sous le n\u00b0 SAP/947868378\nLe Pr\u00e9fet de la C\u00f4te-d'Or, et par subd\u00e9l\u00e9gation du Directeur D\u00e9partemental de la DDETS, la Cheffe -du P\u00f4le Emploi et Coh\u00e9sion Territoriale/ la Responsable de I'Unit\u00e9 Formation, Emploi et InsertionVU la loi n\u00b0 2015-1776 du 28 d\u00e9cembre 2015 relative \u00e0 l'adaptation de la soci\u00e9t\u00e9 au vieillissement,VU le d\u00e9cret n\u00b0 2016-750 du 6 juin 2016 relatif \u00e0 la liste des activit\u00e9s de services \u00e0 la personnesoumises \u00e0 agr\u00e9ment ou \u00e0 autorisation dans le cadre du r\u00e9gime commun de la d\u00e9claration,VU le code du travail et notamment les articles L 7231-1 \u00e0 L 7233-2, R 7232-16 \u00e0 R 7232-22, D7231-1 et D 7233-1 \u00e0 D 7233-5,\nConstate\nQu'une d\u00e9claration d'activit\u00e9s de services \u00e0 la personne a \u00e9t\u00e9 d\u00e9pos\u00e9e, sous le n\u00b0 D1058440, aupr\u00e8sde la DDETS de C\u00f4te d'Or, le 10 janvier 2024 par Mme GIBAULT Marine dans le cadre de la micro-entreprise, MFAMILY, repr\u00e9sent\u00e9e par Mme GIBAULT Marine, dont le si\u00e8ge social est situ\u00e9 au 33Route de Dijon, 21310 MAGNY-SAINT-MEDARD et enregistr\u00e9e sous le n\u00b0 SAP/947868378 pour lesactivit\u00e9s suivantes \u00e0 l'exclusion de toute autre :- Entretien de la maison et travaux m\u00e9nagers ;- Garde enfants de plus de trois ans ;\nDDETS 21, 21 Bd Voltaire, BP 81110 - 21011 DIJON CedexT\u00e9l : 03 80 45 75 45 (Accueil)www.cote-dor.gouv.fr\nDirection d\u00e9partementale de l'emploi, du travail et des solidarit\u00e9s de C\u00f4te-d'Or - 21-2024-01-19-00003 - R\u00e9c\u00e9piss\u00e9 D\u00e9claration\nSAP/947868378 - MFAMILY - GIBAULT Marine 8\nL'\u00e9tablissement principal, \u00e9galement si\u00e8ge social, se situe \u00e0 I'adresse ci-dessus et poss\u00e8de le num\u00e9roSIRET suivant, 947 868 378 00011.Ces activit\u00e9s sont exerc\u00e9es en qualit\u00e9 de prestataire.Toute modification concernant les activit\u00e9s exerc\u00e9es devra faire l'objet d'une d\u00e9claration modificativepr\u00e9alable.Sous r\u00e9serve d'\u00eatre exerc\u00e9es \u00e0 titre exclusif ou de tenir une comptabilit\u00e9 s\u00e9par\u00e9e pour les organismespouvant d\u00e9roger \u00e0 la condition d'activit\u00e9 exclusive (art L 7232-1-2 Code Trav), ces activit\u00e9s ouvrentdroit au b\u00e9n\u00e9fice des dispositions des articles L. 7233-2 du code du travail et L. 241-10 du code de las\u00e9curit\u00e9 sociale dans les conditions pr\u00e9vues par ces articles. 'Les effets de la d\u00e9claration courent \u00e0 compter du jour de d\u00e9p\u00f4t de la demande, conform\u00e9ment \u00e0l'article R.7232-18 du code du travail.L'enregistrement de la d\u00e9claration peut \u00eatre retir\u00e9 dans les conditions fix\u00e9es aux articles R.7232-20 \u00e0R.7232-22 du code du travail.Le pr\u00e9sent r\u00e9c\u00e9piss\u00e9 n'est pas limit\u00e9 dans le temps et sera publi\u00e9 au recueil des actes administratifsde la pr\u00e9fecture de la C\u00f4te d'Or.\nPour le Pr\u00e9fet de C\u00f4te d'OrEt par subd\u00e9l\u00e9gation du Directeur D\u00e9partemental emp\u00e9ch\u00e9,La Responsable de I'Unit\u00e9 Formation, Emploi et InsertionSIGNEMarie BEGRAND\nDDETS 21, 21 Bd Voltaire, BP 81110 - 21011 DIJON CedexT\u00e9l : 03 80 45 75 45 (Accueil)www.cote-dor.gouv.fr\nDirection d\u00e9partementale de l'emploi, du travail et des solidarit\u00e9s de C\u00f4te-d'Or - 21-2024-01-19-00003 - R\u00e9c\u00e9piss\u00e9 D\u00e9claration\nSAP/947868378 - MFAMILY - GIBAULT Marine 9\nPr\u00e9fecture de la C\u00f4te-d'Or\nDirection des Collectivit\u00e9s locales et des\nElections \n21-2024-01-18-00002\nArr\u00eat\u00e9 pr\u00e9fectoral n\u00b0 145 portant classement de\nl'Office de Tourisme de Pouilly-en-Auxois /\nBligny-sur-Ouche\nPr\u00e9fecture de la C\u00f4te-d'Or - 21-2024-01-18-00002 - Arr\u00eat\u00e9 pr\u00e9fectoral n\u00b0 145 portant classement de l'Office de Tourisme de\nPouilly-en-Auxois / Bligny-sur-Ouche 10\nE=zPREFETDE LACOTE-D'ORLibert\u00e9Egalit\u00e9Fraternit\u00e9\nSECR\u00c9TARIAT G\u00c9N\u00c9RAL\nDirection des collectivit\u00e9s locales et des \u00e9lections\nBureau des \u00e9lections et de la r\u00e9glementation\nAffaire suivie par : Delphine CHERDON\nT\u00e9l : 03 80 44 65 42\nm\u00e9l : delphine.cherdon@cote-dor.gouv.fr\nArr\u00eat\u00e9 N\u00b0 145 du 18 janvier 2024\nportant classement de l'Office de Tourisme de Pouilly-en-Auxois / Bligny-sur-Ouche\nLe pr\u00e9fet de la r\u00e9gion Bourgogne-Franche-Comt\u00e9\nPr\u00e9fet de la C\u00f4te-d'Or\nVU le code du tourisme et notamment les articles L.133-1 \u00e0 L.133-10-1, L.134-5, D.133.20 \u00e0 D.133-30 ;\nVU l'arr\u00eat\u00e9 du 16 avril 2019 fixant les crit\u00e8res de classement des offices de tourismes ;\nVU la d\u00e9lib\u00e9ration de la Communaut\u00e9 de Communes de Pouilly-en-Auxois / Bligny-sur-Ouche en date du 6\nseptembre 2023  sollicitant l e renouvellement du  classement de l' Office de Tourisme Pouilly-en-Auxois /\nBligny-sur-Ouche en cat\u00e9gorie II ;\nVU l'ensemble des pi\u00e8ces pr\u00e9sent\u00e9es \u00e0 l'appui de la demande de classement ;\nConsid\u00e9rant que le dossier de demande de classement est complet ;\nSUR proposition du Secr\u00e9taire G\u00e9n\u00e9ral de la Pr\u00e9fecture de la C\u00f4te d'Or ;\nARRETE :\nArticle 1er : L'Office de Tourisme Pouilly-en-Auxois / Bligny-sur-Ouche est class\u00e9 dans la cat\u00e9gorie II.\nArticle 2 : Le pr\u00e9sent classement est valable pour une dur\u00e9e de cinq ann\u00e9es \u00e0 compter de la publication du\npr\u00e9sent arr\u00eat\u00e9 au recueil des actes administratifs.\nArticle 3 : Le Secr\u00e9taire G\u00e9n\u00e9ral de la Pr\u00e9fecture de la C\u00f4te d'Or est charg\u00e9 de l'ex\u00e9cution du pr\u00e9sent arr\u00eat\u00e9\nqui sera notifi\u00e9 \u00e0 M. le Pr\u00e9sident de la Communaut\u00e9 de Communes de Pouilly-en-Auxois / Bligny-su-Ouche , \u00e0\nMme la Pr\u00e9sidente de l'Office de Tourisme Pouilly-en-Auxois / Bligny-sur-Ouche et dont copie sera transmise\n\u00e0 l' Agence  de  D\u00e9veloppement  Touristique  \u00ab ATOUT  FRANCE \u00bb et  qui  sera  publi\u00e9  au recueil  des  actes\nadministratifs de la Pr\u00e9fecture de la C\u00f4te d'Or.\nFait \u00e0 Dijon, le 18 janvier 2024\nLe Pr\u00e9fet,\nPour le Pr\u00e9fet et par d\u00e9l\u00e9gation,\nLe Secr\u00e9taire G\u00e9n\u00e9ral\n                                                         Sign\u00e9                Fr\u00e9d\u00e9ric CARRE\n                                                                   \nPr\u00e9fecture de la C\u00f4te-d'Or \n53 rue de la Pr\u00e9fecture - 21041 DIJON cedex\nt\u00e9l : 03 80 44 64 00 \nSite internet : http://www.cote-dor.gouv.fr\nPr\u00e9fecture de la C\u00f4te-d'Or - 21-2024-01-18-00002 - Arr\u00eat\u00e9 pr\u00e9fectoral n\u00b0 145 portant classement de l'Office de Tourisme de\nPouilly-en-Auxois / Bligny-sur-Ouche 11\nPr\u00e9fecture de la C\u00f4te-d'Or\nDirection des s\u00e9curit\u00e9s\n21-2024-01-19-00004\nArr\u00eat\u00e9 pr\u00e9fectoral portant autorisation de\nsurveillance exceptionnelle sur la voie publique -\nSaint Vincent Tournante 2024\nPr\u00e9fecture de la C\u00f4te-d'Or - 21-2024-01-19-00004 - Arr\u00eat\u00e9 pr\u00e9fectoral portant autorisation de surveillance exceptionnelle sur la voie\npublique - Saint Vincent Tournante 2024 12\nExPREFETDE LACOTE-D'ORLibert\u00e9Egalit\u00e9Fraternit\u00e9\nDIRECTION DES S\u00c9CURIT\u00c9S\nBureau D\u00e9fense et S\u00e9curit\u00e9\nARR\u00caT\u00c9 PR\u00c9FECTORAL N\u00b065\nportant autorisation de surveillance exceptionnelle sur la voie publique\nLe Pr\u00e9fet de la C\u00f4te-d'Or\nVU le Code de la s\u00e9curit\u00e9 int\u00e9rieure et notamment son article L613-1  ;\nVU le d\u00e9cret n\u00b0 2004-374 du 29 avril 2004 relatif aux pouvoirs des pr\u00e9fets, \u00e0 l'organisation et \u00e0\nl'action des services de l'Etat dans les r\u00e9gions et d\u00e9partements ;\nVU l'arr\u00eat\u00e9  pr\u00e9fectoral  n\u00b01199/SG  du  17  octobre  2022  donnant  d\u00e9l\u00e9gation  de  signature  \u00e0\nM. Olivier GERSTL\u00c9, sous-pr\u00e9fet, directeur de cabinet du pr\u00e9fet de la r\u00e9gion Bourgogne-Franche-\nComt\u00e9, pr\u00e9fet de la C\u00f4te-d'Or ;\nVU la demande pr\u00e9sent\u00e9e par le comit\u00e9 d'organisation de la Saint-Vincent-Tournante, en vue de\nfaire effectuer une mission de surveillance sur la voie publique par  la soci\u00e9t\u00e9 de surveillance et\ngardiennage \u00abSARI\u00bb, dont le si\u00e8ge social est situ\u00e9 8A rue de Cluj \u00e0  Dijon, afin d'assurer la s\u00e9curit\u00e9\nlors de l'\u00e9v\u00e8nement qui se d\u00e9roulera les 27 et 28 janvier 2024 sur les communes de Morey-Saint-\nDenis et Chambolle-Musigny (21220) ;\nVU le bon de commande \u00e9tabli par l e comit\u00e9 d'organisation de la Saint-Vincent-Tournante  pour\nla s\u00e9curisation de l'\u00e9v\u00e8nement par la soci\u00e9t\u00e9 ''SARI'' ;\nVU l'autorisation  d'exercer  N\u00b0AUT-021-2118-10-16-2019456001  d\u00e9livr\u00e9  le  17  octobre  2019 \u00e0  la\nsoci\u00e9t\u00e9 ''SARI'' par le Conseil National des Activit\u00e9s Priv\u00e9es de S\u00e9curit\u00e9 ;\nVU l'avis des services de gendarmerie en date du 12 d\u00e9cembre 2023  ;\nCONSIDERANT la pr\u00e9gnance de la menace terroriste sur le territoire national ;\nCONSIDERANT que  les  circonstances  locales  justifient  la  pr\u00e9sence  de  gardiens  sur  la  voie\npublique  pour  assurer  la  surveillance  dans  les  secteurs  et  aux  dates,  heures  et  conditions\nd\u00e9termin\u00e9s \u00e0 l'article 1er ;\nSUR proposition du sous-pr\u00e9fet, directeur de cabinet du Pr\u00e9fet de la r\u00e9gion Bourgogne Franche-\nComt\u00e9 ;\nARR\u00caTE\nArticle 1 er : Est autoris\u00e9e la mise en place temporaire d'agents de s\u00e9curit\u00e9 priv\u00e9s de la soci\u00e9t\u00e9\nSARI, sur la voie publique, pour assurer la surveillance de la Saint-Vincent-Tournante 2024.\nDirection des s\u00e9curit\u00e9s\nT\u00e9l. 03.80.44.64.00\nCourriel : pref-polices-administratives@cote-dor.gouv.fr\nPr\u00e9fecture de la C\u00f4te-d'Or - 21-2024-01-19-00004 - Arr\u00eat\u00e9 pr\u00e9fectoral portant autorisation de surveillance exceptionnelle sur la voie\npublique - Saint Vincent Tournante 2024 13\nCette autorisation est accord\u00e9e, \u00e0 titre exceptionnel et uniquement pour cet \u00e9v\u00e8nement, du\nvendredi 26 janvier 2024 au dimanche 28 janvier 2024 pour les points d'inspection et de filtrage\nlist\u00e9s ci-dessous :\nPIF 1 : Route des Grands Crus - D\u00e9partementale 122 - Commune de Morey-Saint-Denis\nPIF 2 : Route de la Montagne - Commune de Morey-Saint-Denis\nPIF 3 : Rue Amont - Commune de Chambolle-Musigny\nPIF 4 : Route du Tilleul - D\u00e9partementale 122 - Commune de Chambolle-Musigny\nPIF 5 : Rue des Champs  -  Commune de Chambolle-Musigny\nPIF 6 : Route des Grands Crus  -  Commune de Chambolle-Musigny\nPIF 7 : Croisement Chemin des Poisots et rue d'Epernay  -  Commune de  Morey-Saint-Denis\nPIF 8 : Rue Ribordot  -  Commune de  Morey-Saint-Denis\nCoupure de route : acc\u00e8s fan zone \u2013 route D974 \u2013 Commune de Gevrey-Chambertin\nCoupure de route : acc\u00e8s fan zone \u2013 route D974 \u2013 Commune de Vougeot\nFan zone\nArticle 2  :  Cette surveillance sera assur\u00e9e par des agents de s\u00e9curit\u00e9 d\u00e9tenteurs de leur carte\nprofessionnelle et pour lesquels la soci\u00e9t\u00e9 SARI s'engage \u00e0 v\u00e9rifier les aptitudes et habilitations.\nArticle 3 : Les agents de s\u00e9curit\u00e9 vis\u00e9s \u00e0 l'article 2 ne pourront pas \u00eatre arm\u00e9s.\nArticle 4 : Toute modification ou changement portant aussi bien sur les horaires de surveillance,\nles lieux \u00e0 surveiller, l'entreprise de surveillance elle-m\u00eame, devra \u00eatre port\u00e9 imm\u00e9diatement \u00e0 la\nconnaissance de la pr\u00e9fecture.\nArticle 5 : La pr\u00e9sente autorisation pourra \u00eatre retir\u00e9e \u00e0 tout moment si les n\u00e9cessit\u00e9s de l'ordre\npublic le justifient ou si les conditions d\u00e9finies dans la demande et dans le pr\u00e9sent arr\u00eat\u00e9 cessent\nd'\u00eatre remplies. Elle prendra fin \u00e0 l'expiration de la mission mentionn\u00e9e \u00e0 l'article 1 er.\nArticle 6 : Le pr\u00e9sent arr\u00eat\u00e9 sera publi\u00e9 au recueil des actes administratifs de la Pr\u00e9fecture de la\nC\u00f4te-d'Or et sera notifi\u00e9 \u00e0 M. le Commandant du groupement de gendarmerie de la C\u00f4te-d'Or,\nMme la sous-pr\u00e9f\u00e8te de l'arrondissement de Beaune, la  soci\u00e9t\u00e9 de surveillance et gardiennage\n''SARI'' et au comit\u00e9 d'organisation de la Saint-Vincent-Tournante.\n                                                                          Fait \u00e0 Dijon, le 19 janvier 2024\nLe pr\u00e9fet,\nPour le pr\u00e9fet et par d\u00e9l\u00e9gation,\nLe directeur de cabinet\nOriginal sign\u00e9\nOlivier GERSTL\u00c9\nD\u00c9LAIS ET VOIES DE RECOURS\nLe pr\u00e9sent arr\u00eat\u00e9 peut \u00eatre contest\u00e9 selon les voies de recours et dans les d\u00e9lais mentionn\u00e9s ci-dessous.\nDans les deux mois \u00e0 compter de la notification du pr\u00e9sent arr\u00eat\u00e9, les recours suivants peuvent \u00eatre introduits :\n- un recours gracieux adress\u00e9 \u00e0 : Pr\u00e9fecture de la C\u00f4te-d'Or - Direction des S\u00e9curit\u00e9s - Bureau de la d\u00e9fense et de la s\u00e9curit\u00e9 \u2013 Polices \nadministratives - 53 rue de la Pr\u00e9fecture - 21041 Dijon Cedex\n- un recours hi\u00e9rarchique adress\u00e9 \u00e0 M. le Ministre de l'Int\u00e9rieur et des Outre-Mer - Secr\u00e9tariat G\u00e9n\u00e9ral - Place Beauvau -75800 Paris Cedex 08\n- un recours contentieux adress\u00e9 au Tribunal Administratif de Dijon - 22 rue d'Assas - BP 61616 - 21016 Dijon Cedex\nLe tribunal administratif peut \u00eatre saisi par un recours d\u00e9pos\u00e9 via l'application T\u00e9l\u00e9recours citoyens accessible par le site internet \nwww.t\u00e9l\u00e9recours.fr. Ce recours juridictionnel doit \u00eatre d\u00e9pos\u00e9 au plus tard avant l'expiration du 2e mois suivant la date de notification de la \nd\u00e9cision contest\u00e9e (ou bien du 2e mois suivant la date du rejet du recours gracieux ou hi\u00e9rarchique).\nPr\u00e9fecture de la C\u00f4te-d'Or - 21-2024-01-19-00004 - Arr\u00eat\u00e9 pr\u00e9fectoral portant autorisation de surveillance exceptionnelle sur la voie\npublique - Saint Vincent Tournante 2024 14\nPr\u00e9fecture de la C\u00f4te-d'Or\nP\u00f4le juridique inter-services\n21-2024-01-18-00008\nArr\u00eat\u00e9 pr\u00e9fectoral n\u00b0   151 / SG du 18 janvier 2024\ndonnant d\u00e9l\u00e9gation de signature \u00e0 l\u25a1occasion\ndes permanences de week-ends,\nde jours f\u00e9ri\u00e9s ou de jours ch\u00f4m\u00e9s\nPr\u00e9fecture de la C\u00f4te-d'Or - 21-2024-01-18-00008 - Arr\u00eat\u00e9 pr\u00e9fectoral n\u00b0   151 / SG du 18 janvier 2024 \ndonnant d\u00e9l\u00e9gation de signature \u00e0 l\u25a1occasion des permanences de week-ends,\nde jours f\u00e9ri\u00e9s ou de jours ch\u00f4m\u00e9s\n15\nSECR\u00c9TARIAT G\u00c9N\u00c9RAL\nDirection de la coordination des politiques publiques\net de l'appui territorial\nArr\u00eat\u00e9 pr\u00e9fectoral n\u00b0   151 / SG du 18 janvier 2024 \ndonnant d\u00e9l\u00e9gation de signature \u00e0 l'occasion des permanences de week-ends,\nde jours f\u00e9ri\u00e9s ou de jours ch\u00f4m\u00e9s\nLe Pr\u00e9fet de la C\u00f4te-d'Or\nVu la  loi  n\u00b0  82.213  du  2  mars  1982  modifi\u00e9e  relative  aux  droits  et  libert\u00e9s  des\ncommunes, des d\u00e9partements et des r\u00e9gions ;\nVu le  d\u00e9cret  n\u00b0  2004-374  du  29  avril  2004  relatif  aux  pouvoirs  des  pr\u00e9fets,  \u00e0\nl'organisation  et \u00e0  l'action des services de l'\u00c9tat  dans  les r\u00e9gions  et d\u00e9partements,\nmodifi\u00e9 par le d\u00e9cret n\u00b0 2010-146 du 16 f\u00e9vrier 2010 et par le d\u00e9cret n\u00b0 2010-687 du 24\njuin 2010 ;\nVu le d\u00e9cret n\u00b0 2008-158 du 22 f\u00e9vrier 2008 relatif \u00e0 la suppl\u00e9ance des pr\u00e9fets de r\u00e9gion\net \u00e0 la d\u00e9l\u00e9gation de signature des pr\u00e9fets et hauts commissaires de la R\u00e9publique en\nPolyn\u00e9sie fran\u00e7aise et en Nouvelle-Cal\u00e9donie ;\nVu le d\u00e9cret n\u00b0 2009-176 du 16 f\u00e9vrier 2009 modifiant le d\u00e9cret n\u00b0 64-805 du 29  juillet\n1964 fixant les dispositions r\u00e9glementaires applicables aux pr\u00e9fets et le d\u00e9cret n\u00b0 2004-\n374 du 29 avril 2004 relatif aux pouvoirs des pr\u00e9fets, \u00e0 l'organisation et \u00e0 l'action des\nservices de l'\u00c9tat dans les r\u00e9gions et d\u00e9partements ;\nVu le d\u00e9cret du 26 septembre 2022 nommant Monsieur Franck ROBINE, pr\u00e9fet de la\nr\u00e9gion\nBourgogne-Franche-Comt\u00e9, pr\u00e9fet de la C\u00f4te-d'Or (hors classe);\nVu l'arr\u00eat\u00e9 du Premier ministre et du ministre de l'Int\u00e9rieur en date du 12 janvier 2022\nnommant Mme Anne COSTE DE CHAMPERON, administratice de l'Etat hors classe, en\nqualit\u00e9 de secr\u00e9taire g\u00e9n\u00e9rale pour les affaires r\u00e9gionales de la R\u00e9gion Bourgogne-\nFranche Comt\u00e9, \u00e0 compter du 1er f\u00e9vrier 2022;\nVu le d\u00e9cret du 16 ao\u00fbt 2022 portant nomination de Monsieur Olivier GERSTL\u00c9, sous-\npr\u00e9fet, en qualit\u00e9 de sous-pr\u00e9fet, directeur de cabin et du pr\u00e9fet de la R\u00e9gion Bourgogne-\nFranche-Comt\u00e9, pr\u00e9fet de la C\u00f4te-d'Or ;\nVu le  d\u00e9cret  du  29  d\u00e9cembre  2022  portant  nomination  Mme  Amelle  GHAYOU,\nadministratrice territoriale, sous-pr\u00e9f\u00e8te charg\u00e9e de mission apr\u00e8s du pr\u00e9fet de r\u00e9gion\nBourgogne-Franche-Comt\u00e9, pr\u00e9fet de la C\u00f4te-d'Or ;\nVu le d\u00e9cret du 6 juillet 2023 portant nomination de Monsieur Beno\u00eet BYRSKI en qualit\u00e9\nde sous-pr\u00e9fet de Beaune ;\nPr\u00e9fecture de la C\u00f4te-d'Or - 21-2024-01-18-00008 - Arr\u00eat\u00e9 pr\u00e9fectoral n\u00b0   151 / SG du 18 janvier 2024 \ndonnant d\u00e9l\u00e9gation de signature \u00e0 l\u25a1occasion des permanences de week-ends,\nde jours f\u00e9ri\u00e9s ou de jours ch\u00f4m\u00e9s\n16\nVu le d\u00e9cret du 17 novembre 2023 portant nomination de Monsieur S\u00e9bastien LANOYE\nen qualit\u00e9 de sous-pr\u00e9fet de Beaune ;\nVu le d\u00e9cret du 3 janvier 2024 nommant Monsieur Johann MOUGENOT, en qualit\u00e9 de\nsecr\u00e9taire g\u00e9n\u00e9ral de la pr\u00e9fecture de la C\u00f4te-d'Or, sous-pr\u00e9fet de Dijon (groupe II);\nVu l'arr\u00eat\u00e9  pr\u00e9fectoral  n\u00b0  1699  /  SG  du  4  d\u00e9cembre  2023 donnant  d\u00e9l\u00e9gation  de\nsignature  \u00e0 l'occasion des permanences de week-ends, de jours f\u00e9ri\u00e9s ou de jours\nch\u00f4m\u00e9s ;\nConsid\u00e9rant  que la mise en place de tours de permanence pendant les week-ends,\njours f\u00e9ri\u00e9s et ch\u00f4m\u00e9s constitue un moyen visant \u00e0 assurer la continuit\u00e9 du service\npublic ;\nSur proposition de Monsieur le secr\u00e9taire g\u00e9n\u00e9ral de la pr\u00e9fecture de la C\u00f4te-d'Or ;\nARR\u00caTE\nArticle 1er     :   L'arr\u00eat\u00e9 pr\u00e9fectoral n\u00b0 1699 / SG du 4 d\u00e9cembre 2023  donnant d\u00e9l\u00e9gation\nde signature \u00e0 l'occasion des permanences de week-ends, de jours f\u00e9ri\u00e9s ou de jours\nch\u00f4m\u00e9s et toutes dispositions ant\u00e9rieures contraires au pr\u00e9sent arr\u00eat\u00e9 sont abrog\u00e9s.\nArticle 2 : Pendant les permanences des week-ends, de jours f\u00e9ri\u00e9s et de jours ch\u00f4m\u00e9s,\nd\u00e9l\u00e9gation de signature est donn\u00e9e en toutes mati\u00e8res, sous r\u00e9serve des exceptions\n\u00e9num\u00e9r\u00e9es \u00e0 l'article 3, pour l'ensemble du  d\u00e9partement  et en fonction  du tour  de\npermanence pr\u00e9\u00e9tabli \u00e0 :\n\u2022 soit Monsieur Johann MOUGENOT , secr\u00e9taire g\u00e9n\u00e9ral de la pr\u00e9fecture de la C\u00f4te\nd'Or ;\n\u2022 soit Monsieur Olivier GERSTL\u00c9, sous-pr\u00e9fet, directeur de cabinet du pr\u00e9fet de la\nR\u00e9gion Bourgogne-Franche-Comt\u00e9, pr\u00e9fet de la C\u00f4te-d'Or ;\n\u2022 soit Monsieur Beno\u00eet BYRSKI, sous-pr\u00e9fet de Beaune ;\n\u2022 soit Monsieur S\u00e9bastien LANOYE, sous-pr\u00e9fet de Montbard ;\n\u2022 soit Madame  Anne COSTE DE CHAMPERON , secr\u00e9taire g\u00e9n\u00e9rale pour les affaires\nr\u00e9gionales de la r\u00e9gion Bourgogne Franche-Comt\u00e9 ;\n\u2022 soit Madame Amelle GHAYOU, sous-pr\u00e9f\u00e8te charg\u00e9e de mission aupr\u00e8s du pr\u00e9fet de\nr\u00e9gion Bourgogne-Franche-Comt\u00e9, pr\u00e9fet de la C\u00f4te-d'Or ;\nArticle 3 : Sont exclus de la pr\u00e9sente d\u00e9l\u00e9gation de signature :\n\u2013 les d\u00e9clinatoires de comp\u00e9tences,\n\u2013 les arr\u00eat\u00e9s de conflit.\n2/3\nPr\u00e9fecture de la C\u00f4te-d'Or - 21-2024-01-18-00008 - Arr\u00eat\u00e9 pr\u00e9fectoral n\u00b0   151 / SG du 18 janvier 2024 \ndonnant d\u00e9l\u00e9gation de signature \u00e0 l\u25a1occasion des permanences de week-ends,\nde jours f\u00e9ri\u00e9s ou de jours ch\u00f4m\u00e9s\n17\nArticle 4     :   Le pr\u00e9sent arr\u00eat\u00e9 prend effet le jeudi 25 janvier 2024.\nArticle 5 : Le secr\u00e9taire g\u00e9n\u00e9ral de la pr\u00e9fecture de la C\u00f4te-d'Or, le directeur de cabinet\ndu pr\u00e9fet de la r\u00e9gion Bourgogne-Franche-Comt\u00e9, pr\u00e9fet de la C\u00f4te d'Or , le sous-pr\u00e9fet\nde  Beaune,  le  sous-pr\u00e9fet  de  Montbard,  la  secr\u00e9taire  g\u00e9n\u00e9rale  pour  les  affaires\nr\u00e9gionales de la r\u00e9gion Bourgogne-Franche-Comt\u00e9 ainsi que la sous-pr\u00e9f\u00e8te charg\u00e9e de\nmission aupr\u00e8s du  pr\u00e9fet de r\u00e9gion Bourgogne-Franche-Comt\u00e9, pr\u00e9fet de la C\u00f4te-d'Or\nsont charg\u00e9s de  l'ex\u00e9cution  du pr\u00e9sent arr\u00eat\u00e9  qui sera publi\u00e9 au recueil des  actes\nadministratifs de la pr\u00e9fecture de la C\u00f4te-d'Or.\n         Fait \u00e0 Dijon, le 18 janvier 2024\nLe pr\u00e9fet\nSign\u00e9:\n           Franck ROBINE\n3/3\nPr\u00e9fecture de la C\u00f4te-d'Or - 21-2024-01-18-00008 - Arr\u00eat\u00e9 pr\u00e9fectoral n\u00b0   151 / SG du 18 janvier 2024 \ndonnant d\u00e9l\u00e9gation de signature \u00e0 l\u25a1occasion des permanences de week-ends,\nde jours f\u00e9ri\u00e9s ou de jours ch\u00f4m\u00e9s\n18\nPr\u00e9fecture de la C\u00f4te-d'Or\nP\u00f4le juridique inter-services\n21-2024-01-18-00004\nArr\u00eat\u00e9 pr\u00e9fectoral n\u00b0  148    / SG du 18 janvier\n2024              \ndonnant d\u00e9l\u00e9gation de signature \u00e0 Monsieur\nOlivier GERSTL\u00c9, sous-pr\u00e9fet,\ndirecteur de cabinet du pr\u00e9fet de la r\u00e9gion\nBourgogne-Franche-Comt\u00e9,\npr\u00e9fet de la C\u00f4te-d'Or\nPr\u00e9fecture de la C\u00f4te-d'Or - 21-2024-01-18-00004 - Arr\u00eat\u00e9 pr\u00e9fectoral n\u00b0  148    / SG du 18 janvier 2024              \ndonnant d\u00e9l\u00e9gation de signature \u00e0 Monsieur Olivier GERSTL\u00c9, sous-pr\u00e9fet,\ndirecteur de cabinet du pr\u00e9fet de la r\u00e9gion Bourgogne-Franche-Comt\u00e9,\npr\u00e9fet de la C\u00f4te-d'Or\n19\nSECR\u00c9TARIAT G\u00c9N\u00c9RAL\nDirection de la coordination des politiques publiques\net de l'appui territorial\nArr\u00eat\u00e9 pr\u00e9fectoral n\u00b0  148    / SG du 18 janvier 2024              \ndonnant d\u00e9l\u00e9gation de signature \u00e0 Monsieur Olivier GERSTL\u00c9, sous-pr\u00e9fet,\ndirecteur de cabinet du pr\u00e9fet de la r\u00e9gion Bourgogne-Franche-Comt\u00e9,\npr\u00e9fet de la C\u00f4te-d'Or\nLe pr\u00e9fet de la C\u00f4te-d'Or\nVu la  loi  n\u00b0  82.213  du  2  mars  1982  modifi\u00e9e  relative  aux  droits  et  libert\u00e9s  des\ncommunes, des d\u00e9partements et des r\u00e9gions ;\nVu le  d\u00e9cret  n\u00b0  2004-374  du  29  avril  2004  relatif  aux  pouvoirs  des  pr\u00e9fets,  \u00e0\nl'organisation et \u00e0 l'action des services de l'\u00c9tat dans les r\u00e9gions et d\u00e9partements,\nmodifi\u00e9 par le d\u00e9cret n\u00b0 2010-146 du 16 f\u00e9vrier 2010 et par le d\u00e9cret n\u00b0 2010-687 du 24\njuin 2010 ;\nVu le d\u00e9cret n\u00b0 2008-158 du 22 f\u00e9vrier 2008 relatif \u00e0 la suppl\u00e9ance des pr\u00e9fets de\nr\u00e9gion  et  \u00e0  la  d\u00e9l\u00e9gation  de  signature  des  pr\u00e9fets  et  hauts  commissaires  de  la\nR\u00e9publique en Polyn\u00e9sie fran\u00e7aise et en Nouvelle-Cal\u00e9donie ;\nVu le d\u00e9cret n\u00b0 2009-176 du 16 f\u00e9vrier 2009 modifiant le d\u00e9cret n\u00b0 64-805 du 29  juillet\n1964 fixant les dispositions r\u00e9glementaires applicables aux pr\u00e9fets et le d\u00e9cret n\u00b0 2004-\n374 du 29 avril 2004 relatif aux pouvoirs des pr\u00e9fets, \u00e0 l'organisation et \u00e0 l'action des\nservices de l'\u00c9tat dans les r\u00e9gions et d\u00e9partements ;\nVu le d\u00e9cret du 26 septembre 2022 nommant Monsieur Franck ROBINE, pr\u00e9fet de la\nr\u00e9gion\nBourgogne-Franche-Comt\u00e9, pr\u00e9fet de la C\u00f4te d'Or (hors classe);\nVu le  d\u00e9cret  du  16  ao\u00fbt  2022  portant  nomination  de  Monsieur  Olivier  GERSTL\u00c9,\nadministrateur civil, en qualit\u00e9 de sous-pr\u00e9fet, directeur de cabinet du pr\u00e9fet de la r\u00e9gion\nBourgogne-Franche-Comt\u00e9, pr\u00e9fet de la C\u00f4te-d'Or ;\nVu le  d\u00e9cret  du  29  d\u00e9cembre  2022  portant  nomination  Mme  Amelle  GHAYOU,\nadministratrice territoriale, sous-pr\u00e9f\u00e8te charg\u00e9e de mission apr\u00e8s du pr\u00e9fet de r\u00e9gion\nBourgogne-Franche-Comt\u00e9, pr\u00e9fet de la C\u00f4te-d'Or ;\nVu le d\u00e9cret du 3 janvier 2024 nommant Monsieur Johann MOUGENOT, secr\u00e9taire\ng\u00e9n\u00e9ral de la pr\u00e9fecture de la C\u00f4te-d'Or, sous-pr\u00e9fet de Dijon (groupe II) ;\nVu l'arr\u00eat\u00e9 pr\u00e9fectoral n\u00b0 317 / SG du 15 f\u00e9vrier 2023 donnant d\u00e9l\u00e9gation de signature \u00e0\nMonsieur  Olivier GERSTL\u00c9 , sous-pr\u00e9fet,  directeur de cabinet du pr\u00e9fet de la r\u00e9gion\nBourgogne-Franche-Comt\u00e9, pr\u00e9fet de la C\u00f4te-d'Or ;\nPr\u00e9fecture de la C\u00f4te-d'Or - 21-2024-01-18-00004 - Arr\u00eat\u00e9 pr\u00e9fectoral n\u00b0  148    / SG du 18 janvier 2024              \ndonnant d\u00e9l\u00e9gation de signature \u00e0 Monsieur Olivier GERSTL\u00c9, sous-pr\u00e9fet,\ndirecteur de cabinet du pr\u00e9fet de la r\u00e9gion Bourgogne-Franche-Comt\u00e9,\npr\u00e9fet de la C\u00f4te-d'Or\n20\nSur proposition de Monsieur le secr\u00e9taire g\u00e9n\u00e9ral de la pr\u00e9fecture de la C\u00f4te-d'Or ;\nARR\u00caTE\nArticle 1er : L'arr\u00eat\u00e9 pr\u00e9fectoral n\u00b0 317 / SG du 15 f\u00e9vrier 2023 donnant d\u00e9l\u00e9gation de\nsignature \u00e0 Monsieur Olivier GERSTL\u00c9, sous-pr\u00e9fet, directeur de cabinet du pr\u00e9fet de la\nr\u00e9gion  Bourgogne-Franche-Comt\u00e9,  pr\u00e9fet  de  la  C\u00f4te-d'Or,  et  toutes  dispositions\nant\u00e9rieures contraires au pr\u00e9sent arr\u00eat\u00e9 sont abrog\u00e9s.\nArticle 2  :  D\u00e9l\u00e9gation de signature est donn\u00e9e \u00e0  Monsieur Olivier GERSTL\u00c9 , sous-\npr\u00e9fet, directeur de cabinet du pr\u00e9fet de la r\u00e9gion Bourgogne \u2013 Franche-Comt\u00e9, pr\u00e9fet\nde la C\u00f4te-d'Or , \u00e0 l'effet de signer, au nom du pr\u00e9fet, tous actes, arr\u00eat\u00e9s, autorisations\nde d\u00e9roger aux normes d'application obligatoire, d\u00e9cisions et pi\u00e8ces comptables, dans\ntous  les  domaines  relevant  des  attributions  du  cabinet  du  pr\u00e9fet  et  des  services\nrattach\u00e9s, \u00e0 l'exclusion toutefois des r\u00e9quisitions comportant emploi de la force, des\nd\u00e9clinatoires de comp\u00e9tence et des arr\u00eat\u00e9s de conflit.\nEn  compl\u00e9ment  des  attributions  sus-vis\u00e9es,  d\u00e9l\u00e9gation  de  signature  est  \u00e9galement\naccord\u00e9e \u00e0 Monsieur Olivier GERSTL\u00c9, \u00e0 l'effet de signer :\n\u2022 les arr\u00eat\u00e9s et tous actes et d\u00e9cisions concernant les soins psychiatriques sans\nconsentement ;\n\u2022 les arr\u00eat\u00e9s et tous actes et d\u00e9cisions concernant les mesures d'\u00e9loignement du\nterritoire fran\u00e7ais ainsi que le choix du pays de destination ; \n\u2022 les arr\u00eat\u00e9s portant immobilisation et/ou  mise en  fourri\u00e8re \u00e0  titre provisoire d'un\nv\u00e9hicule ainsi que les autorisations d\u00e9finitives de sortie de mise en fourri\u00e8re, sur\nl'ensemble  du  d\u00e9partement  except\u00e9  sur  la  zone  police  (communes  de  DIJON,\nCHENOVE, LONGVIC, FONTAINE LES DIJON, TALANT, BEAUNE et sur la RN\n274 (rocade de DIJON)) ;\n\u2022 les lettres d'acceptation des d\u00e9missions des maires et des adjoints au maire ainsi\nque  celles  des  pr\u00e9sidents  et  vice-pr\u00e9sidents  d'\u00e9tablissements  publics  de\ncoop\u00e9ration intercommunale.\nArticle 3  : En cas d'absence ou d'emp\u00eachement de  Monsieur Olivier GERSTL\u00c9 , la\npr\u00e9sente d\u00e9l\u00e9gation est donn\u00e9e \u00e0 Madame Nathalie AUBERTIN, directrice adjointe du\ncabinet, directrice des s\u00e9curit\u00e9s, \u00e0 l'effet de signer les arr\u00eat\u00e9s, d\u00e9cisions, circulaires,\nrapports,  correspondances  et  documents  administratifs  et  r\u00e9glementaires  vis\u00e9s  \u00e0\nl'article 2 \u00e0 l'exception :\n\u2022 des d\u00e9f\u00e9r\u00e9s pr\u00e9fectoraux ainsi que des m\u00e9moires en d\u00e9fense ou en r\u00e9ponse  ;\n\u2022 des actes, d\u00e9cisions et arr\u00eat\u00e9s en mati\u00e8re de demande de concours de moyens\npublics ou priv\u00e9s ;\n\u2022 des arr\u00eat\u00e9s portant cr\u00e9ation des p\u00e9rim\u00e8tres de protection mentionn\u00e9s au code de\ns\u00e9curit\u00e9 int\u00e9rieure ;\n\u2022 des d\u00e9cisions d'octroi du concours de la force publique ;\n\u2022 des mises en demeure de quitter les lieux en application de la loi n\u00b02000-614 du 5\njuillet 2000 modifi\u00e9e relative \u00e0 l'accueil et \u00e0 l'habitat des gens du voyage  ;\n\u2022 des arr\u00eat\u00e9s portant r\u00e9quisition de m\u00e9decins lib\u00e9raux dans le cadre de la mission de\nservice public de permanence des soins mentionn\u00e9e au code de la sant\u00e9 publique  ;\n2/3\nPr\u00e9fecture de la C\u00f4te-d'Or - 21-2024-01-18-00004 - Arr\u00eat\u00e9 pr\u00e9fectoral n\u00b0  148    / SG du 18 janvier 2024              \ndonnant d\u00e9l\u00e9gation de signature \u00e0 Monsieur Olivier GERSTL\u00c9, sous-pr\u00e9fet,\ndirecteur de cabinet du pr\u00e9fet de la r\u00e9gion Bourgogne-Franche-Comt\u00e9,\npr\u00e9fet de la C\u00f4te-d'Or\n21\n\u2022 des d\u00e9cisions autorisant les employ\u00e9s exer\u00e7ant une activit\u00e9 de surveillance ou de\ngardiennage \u00e0 effectuer des palpations de s\u00e9curit\u00e9 pr\u00e9vues au code de la s\u00e9curit\u00e9\nint\u00e9rieure\n\u2022 des arr\u00eat\u00e9s autorisant \u00e0 titre exceptionnel des agents de s\u00e9curit\u00e9 priv\u00e9e \u00e0 exercer\nsur la voie publique au titre du code de la s\u00e9curit\u00e9 int\u00e9rieure ;\n\u2022 des arr\u00eat\u00e9s de mise en demeure de quitter les lieux en cas d'occupation illicite du\ndomicile d'autrui par un tiers au titre de la loi n\u00b02007-290 du 5 mars 2007 instituant\nle  droit  au  logement  opposable  et  portant  diverses  mesures  en  faveur  de  la\ncoh\u00e9sion sociale dite loi \u00ab DALO \u00bb\n\u2022 des arr\u00eat\u00e9s portant interdiction temporaire de rassemblements festifs \u00e0 caract\u00e8re\nmusical non autoris\u00e9s et interdiction de circulation des v\u00e9hicules transportant du\nmat\u00e9riel de son \u00e0 destination d'un rassemblement festif musical non autoris\u00e9  ;\n\u2022 des arr\u00eat\u00e9s portant interdiction de stade ;\n\u2022 des attributions de subventions et conventions engageant financi\u00e8rement l'\u00c9tat  ;\n\u2022 des conventions avec l'\u00c9tat ;\n\u2022 des arr\u00eat\u00e9s et tous actes et d\u00e9cisions concernant les soins psychiatriques sans\nconsentement ;\n\u2022 des arr\u00eat\u00e9s et tous actes et d\u00e9cisions concernant les mesures d'\u00e9loignement du\nterritoire fran\u00e7ais ainsi que le choix du pays de destination ; \n\u2022 des arr\u00eat\u00e9s portant immobilisation et/ou mise en fourri\u00e8re \u00e0 titre provisoire d'un\nv\u00e9hicule ainsi que les autorisations d\u00e9finitives de sortie de mise en fourri\u00e8re, sur\nl'ensemble du d\u00e9partement ;\n\u2022 des lettres d'acceptation des d\u00e9missions des maires et des adjoints au maire ainsi\nque  celles  des  pr\u00e9sidents  et  vice-pr\u00e9sidents  d'\u00e9tablissements  publics  de\ncoop\u00e9ration intercommunale.\nArticle 4: Pour les exceptions list\u00e9es \u00e0 l'article 3, la d\u00e9l\u00e9gation, en cas d'absence ou\nd'emp\u00eachement de Monsieur Olivier GERSTL\u00c9 est donn\u00e9e \u00e0 M. Johann MOUGENOT ,\nsecr\u00e9taire g\u00e9n\u00e9ral de la pr\u00e9fecture de la C\u00f4te d'Or, sous-pr\u00e9fet de Dijon.\nArticle 5  :Pour les exceptions list\u00e9es \u00e0 l'article 3, la d\u00e9l\u00e9gation, en cas d'absence ou\nd'emp\u00eachement concomitants de Monsieur Olivier  GERSTL\u00c9 et de Monsieur Johann\nMOUGENOT est donn\u00e9e \u00e0 Madame Amelle GHAYOU, sous-pr\u00e9f\u00e8te charg\u00e9e de mission\napr\u00e8s du pr\u00e9fet de r\u00e9gion Bourgogne-Franche-Comt\u00e9.\nArticle 6 : Le pr\u00e9sent arr\u00eat\u00e9 prend effet le 25 janvier 2024.\nArticle 7 : Le secr\u00e9taire g\u00e9n\u00e9ral de la pr\u00e9fecture de la c\u00f4te d'or, le directeur de cabinet\net la sous-pr\u00e9f\u00e8te  charg\u00e9e de mission apr\u00e8s du pr\u00e9fet de r\u00e9gion Bourgogne-Franche-\nComt\u00e9 sont charg\u00e9s, chacun pour ce qui le concerne, de l'ex\u00e9cution du pr\u00e9sent arr\u00eat\u00e9\nqui sera publi\u00e9 au  recueil des actes administratifs de la pr\u00e9fecture de la C\u00f4te-d'Or.  \nFait \u00e0 Dijon, le 18 janvier 2024\nLe pr\u00e9fet,\nSign\u00e9 :\nFranck ROBINE\n3/3\nPr\u00e9fecture de la C\u00f4te-d'Or - 21-2024-01-18-00004 - Arr\u00eat\u00e9 pr\u00e9fectoral n\u00b0  148    / SG du 18 janvier 2024              \ndonnant d\u00e9l\u00e9gation de signature \u00e0 Monsieur Olivier GERSTL\u00c9, sous-pr\u00e9fet,\ndirecteur de cabinet du pr\u00e9fet de la r\u00e9gion Bourgogne-Franche-Comt\u00e9,\npr\u00e9fet de la C\u00f4te-d'Or\n22\nPr\u00e9fecture de la C\u00f4te-d'Or\nP\u00f4le juridique inter-services\n21-2024-01-18-00006\nArr\u00eat\u00e9 pr\u00e9fectoral n\u00b0  149 / SG du 18 janvier 2024\ndonnant d\u00e9l\u00e9gation de signature \u00e0 Monsieur\nS\u00e9bastien LANOYE,\nsous-pr\u00e9fet de Montbard\nPr\u00e9fecture de la C\u00f4te-d'Or - 21-2024-01-18-00006 - Arr\u00eat\u00e9 pr\u00e9fectoral n\u00b0  149 / SG du 18 janvier 2024 \ndonnant d\u00e9l\u00e9gation de signature \u00e0 Monsieur S\u00e9bastien LANOYE,\nsous-pr\u00e9fet de Montbard\n23\nSECR\u00c9TARIAT G\u00c9N\u00c9RAL\nDirection de la coordination des politiques publiques\net de l'appui territorial\nArr\u00eat\u00e9 pr\u00e9fectoral n\u00b0  149 / SG du 18 janvier 2024 \ndonnant d\u00e9l\u00e9gation de signature \u00e0 Monsieur S\u00e9bastien LANOYE,\nsous-pr\u00e9fet de Montbard\nLe pr\u00e9fet de la C\u00f4te-d'Or\nVu la  loi  n\u00b0  82.213  du  2  mars  1982  modifi\u00e9e  relative  aux  droits  et  libert\u00e9s  des\ncommunes, des d\u00e9partements et des r\u00e9gions ;\nVu le  d\u00e9cret  n\u00b0  2004-374  du  29  avril  2004  relatif  aux  pouvoirs  des  pr\u00e9fets,  \u00e0\nl'organisation et \u00e0 l'action des services de l'\u00c9tat dans les r\u00e9gions et d\u00e9partements,\nmodifi\u00e9 par le d\u00e9cret n\u00b0 2010-146 du 16 f\u00e9vrier 2010 et par le d\u00e9cret n\u00b0 2010-687 du 24\njuin 2010 ;\nVu le d\u00e9cret n\u00b0 2008-158 du 22 f\u00e9vrier 2008 relatif \u00e0 la suppl\u00e9ance des pr\u00e9fets de\nr\u00e9gion  et  \u00e0  la  d\u00e9l\u00e9gation  de  signature  des  pr\u00e9fets  et  hauts  commissaires  de  la\nR\u00e9publique en Polyn\u00e9sie fran\u00e7aise et en Nouvelle-Cal\u00e9donie ;\nVu le d\u00e9cret n\u00b0 2009-176 du 16 f\u00e9vrier 2009 modifiant le d\u00e9cret n\u00b0 64-805 du 29  juillet\n1964 fixant les dispositions r\u00e9glementaires applicables aux pr\u00e9fets et le d\u00e9cret n\u00b0 2004-\n374 du 29 avril 2004 relatif aux pouvoirs des pr\u00e9fets, \u00e0 l'organisation et \u00e0 l'action des\nservices de l'\u00c9tat dans les r\u00e9gions et d\u00e9partements ;\nVu le d\u00e9cret du 26 septembre 2022 nommant Monsieur Franck ROBINE, pr\u00e9fet de la\nr\u00e9gion\nBourgogne-Franche-Comt\u00e9, pr\u00e9fet de la C\u00f4te d'Or (hors classe);\nVu le  d\u00e9cret  du  16  ao\u00fbt  2022  portant  nomination  de  Monsieur  Olivier  GERSTL\u00c9,\nadministrateur civil, en qualit\u00e9 de sous-pr\u00e9fet, directeur de cabinet du pr\u00e9fet de la r\u00e9gion\nBourgogne-Franche-Comt\u00e9, pr\u00e9fet de la C\u00f4te-d'Or ;\nVu le d\u00e9cret du 6 juillet 2023, portant nomination de Monsieur Beno\u00eet BYRSKI, en\nqualit\u00e9 de sous-pr\u00e9fet de Beaune ;\nVu le d\u00e9cret du 17 novembre 2023 portant nomination de Monsieur S\u00e9bastien LANOYE,\nsous- pr\u00e9fet de Montbard ;\nVu le d\u00e9cret du 3 janvier 2024 nommant Monsieur Yohann MOUGENOT, secr\u00e9taire\ng\u00e9n\u00e9ral de la pr\u00e9fecture de la C\u00f4te-d'Or, sous-pr\u00e9fet de Dijon (groupe II) ;\nPr\u00e9fecture de la C\u00f4te-d'Or - 21-2024-01-18-00006 - Arr\u00eat\u00e9 pr\u00e9fectoral n\u00b0  149 / SG du 18 janvier 2024 \ndonnant d\u00e9l\u00e9gation de signature \u00e0 Monsieur S\u00e9bastien LANOYE,\nsous-pr\u00e9fet de Montbard\n24\nVu l'arr\u00eat\u00e9  pr\u00e9fectoral n\u00b0  1700  /  SG  du  4  d\u00e9cembre  2023 donnant  d\u00e9l\u00e9gation  de\nsignature \u00e0 Monsieur S\u00e9bastien LANOYE , sous-pr\u00e9fet de Montbard ;\nSur proposition de Monsieur le secr\u00e9taire g\u00e9n\u00e9ral de la pr\u00e9fecture de la C\u00f4te-d'Or  ;\nARR\u00caTE\nArticle 1  er   : L'arr\u00eat\u00e9 pr\u00e9fectoral n\u00b0 1700 / SG du 4 d\u00e9cembre 2023  donnant d\u00e9l\u00e9gation\nde signature \u00e0 donnant d\u00e9l\u00e9gation de signature \u00e0 Monsieur S\u00e9bastien LANOYE  , sous-\npr\u00e9fet  de  Montbard, sous-pr\u00e9fet  de  Montbard , et  toutes  dispositions  ant\u00e9rieures\ncontraires au pr\u00e9sent arr\u00eat\u00e9 sont abrog\u00e9s.\nArticle 2 : D\u00e9l\u00e9gation de signature est donn\u00e9e \u00e0 Monsieur S\u00e9bastien LANOYE,  sous-\npr\u00e9fet  de  Montbard,  \u00e0  l'effet  de  signer  les  d\u00e9cisions  suivantes  dans  le  ressort  de\nl'arrondissement de Montbard :\nPOLICE G\u00c9N\u00c9RALE :\n1. Octroi du concours de la force publique pour l'ex\u00e9cution des jugements d'expulsion\ndes locataires ;\n2. indemnisation en responsabilit\u00e9 de l'\u00c9tat en cas de refus d'octroi du concours de\nla force publique pour l'ex\u00e9cution des jugements d'expulsion ;\n3. r\u00e9quisitions de logements ;\n4. toute  autorisation  relative  \u00e0  la  police  des  caf\u00e9s,  d\u00e9bits  de  boissons,  bals,\nspectacles  et  autres  lieux  publics  exc\u00e9dant  la  comp\u00e9tence  des  autorit\u00e9s\nmunicipales ;\n5. fermeture administrative des d\u00e9bits de boissons pour une dur\u00e9e n'exc\u00e9dant pas trois\nmois ;\n6. d\u00e9cisions relatives au transfert de licences de d\u00e9bit de boissons ;\n7. arr\u00eat\u00e9s portant autorisation de loteries et tombolas dont le capital d'\u00e9mission est\ninf\u00e9rieur ou \u00e9gal \u00e0 7 622 euros ;\n8. d\u00e9livrance des r\u00e9c\u00e9piss\u00e9s de liquidations (article L. 310-1 du code du commerce et\nd\u00e9cret  n \u00b0 2005-39  du  18  janvier  2005  modifiant  le  d\u00e9cret  n\u00b0  96-1097  du  16\nd\u00e9cembre 1996) ;\n9. r\u00e9c\u00e9piss\u00e9s de brocanteurs, colporteurs, revendeurs d'objets mobiliers ;\n10. r\u00e9c\u00e9piss\u00e9s de loteries instantan\u00e9es de la Fran\u00e7aise des Jeux ;\n11. autorisations de haut-parleurs mobiles sur la voie publique ;\n12. autorisations des courses p\u00e9destres, cyclistes et hippiques (en cas de courses se\nd\u00e9roulant  sur  plusieurs  arrondissements,  l'arrondissement  de  d\u00e9part  g\u00e8re  la\ntotalit\u00e9 de la course) et manifestations de v\u00e9hicules moteurs sur voie ouverte \u00e0 la\ncirculation ou sur circuits homologu\u00e9s ou non  ; l'homologation des circuits pour les\nmanifestations de v\u00e9hicule \u00e0 moteur et les manifestations nautiques  ;\n2/7\nPr\u00e9fecture de la C\u00f4te-d'Or - 21-2024-01-18-00006 - Arr\u00eat\u00e9 pr\u00e9fectoral n\u00b0  149 / SG du 18 janvier 2024 \ndonnant d\u00e9l\u00e9gation de signature \u00e0 Monsieur S\u00e9bastien LANOYE,\nsous-pr\u00e9fet de Montbard\n25\n13. autorisations d'utilisation temporaire des locaux scolaires ;\n14. reconnaissance de l'aptitude technique des gardes particuliers ;\n15. agr\u00e9ment et retrait d'agr\u00e9ment des gardes particuliers, gardes-chasse et gardes-\np\u00eache, et d\u00e9livrance des cartes d'agr\u00e9ment ;\n16. installation et prestation de serment des fonctionnaires de l'\u00c9tat  ;\n17. nomination des commissaires-enqu\u00eateurs et ouverture des enqu\u00eates de commodo\net incommodo : tous actes de proc\u00e9dure ;\n18. autorisations  de  versement  d'indemnit\u00e9s  aux  fonctionnaires  de  l'\u00c9tat  pour  les\nservices  rendus  aux  communes  et  \u00e9tablissements  publics  communaux  ou\nintercommunaux, dans la limite r\u00e9glementaire ;\n19. autorisations de poursuite par voie de vente ;\n20. arr\u00eat\u00e9s  modifiant  les  heures  de  scrutin  pour  les  \u00e9lections  aux  Chambres\nConsulaires et \u00e0 la Mutualit\u00e9 Sociale Agricole ;\n21. arr\u00eat\u00e9s d'occupation temporaire et de p\u00e9n\u00e9tration sur les propri\u00e9t\u00e9s priv\u00e9es en vue\nde la r\u00e9alisation de travaux publics ;\n22. en mati\u00e8re de l\u00e9gislation fun\u00e9raire :\n\u2022 arr\u00eat\u00e9s d'inhumation et de cr\u00e9mation hors des d\u00e9lais l\u00e9gaux\n\u2022 arr\u00eat\u00e9s d'inhumation en terrain priv\u00e9,\n\u2022 arr\u00eat\u00e9s de transport de corps hors du territoire national,\n\u2022 arr\u00eat\u00e9s de transport d'urne cin\u00e9raire hors du territoire national,\n\u2022 habilitation des entreprises de pompes fun\u00e8bres ;\n23. d\u00e9cisions de la commission de s\u00e9curit\u00e9 et d'accessibilit\u00e9 de l'arrondissement, y\ncompris les d\u00e9cisions de la sous-commission de s\u00e9curit\u00e9 et d'accessibilit\u00e9 ;\n24. arr\u00eat\u00e9s  pr\u00e9fectoraux  de  d\u00e9rogation  aux  r\u00e8gles  de  s\u00e9curit\u00e9  et  d'accessibilit\u00e9\nconcernant les \u00e9tablissements recevant du public ;\n25. arr\u00eat\u00e9s portant rattachement d'une personne sans r\u00e9sidence ni domicile fixe \u00e0 une\ncommune de l'arrondissement ;\n26. arr\u00eat\u00e9s autorisant l'installation ou l'extension de syst\u00e8mes de vid\u00e9o-protection.\nADMINISTRATION LOCALE (Dans le ressort de l'arrondissement de Montbard) :\n1. Acceptation des d\u00e9missions d'adjoint ;\n2. lettres  d'observation  aux  collectivit\u00e9s  locales  et  aux  EPCI  dans  le  cadre  du\ncontr\u00f4le des actes et du contr\u00f4le budg\u00e9taire ;\n3. cr\u00e9ation,  modification  et  dissolution  des  associations  syndicales  libres  et  des\nassociations fonci\u00e8res urbaines libres ;\n4. cr\u00e9ation,  contr\u00f4le,  modification,  dissolution,  union  et  fusion  des  associations\nsyndicales autoris\u00e9es ;\n5. cr\u00e9ation, contr\u00f4le, modification, dissolution des associations fonci\u00e8res urbaines\nautoris\u00e9es  et  transformation  des  associations  fonci\u00e8res  de  remembrement  en\nassociations syndicales autoris\u00e9es ;\n3/7\nPr\u00e9fecture de la C\u00f4te-d'Or - 21-2024-01-18-00006 - Arr\u00eat\u00e9 pr\u00e9fectoral n\u00b0  149 / SG du 18 janvier 2024 \ndonnant d\u00e9l\u00e9gation de signature \u00e0 Monsieur S\u00e9bastien LANOYE,\nsous-pr\u00e9fet de Montbard\n26\n6. cr\u00e9ation,  modification  et  dissolution  des  syndicats  intercommunaux,  des\ncommunaut\u00e9s  de  communes  et  des  syndicats  mixtes  de  1\u00e8re ou  2e cat\u00e9gorie\nlorsque tous les membres et le si\u00e8ge sont dans l'arrondissement ;\n7. demande au maire de r\u00e9unir le conseil municipal avec possibilit\u00e9 d'abr\u00e9ger le d\u00e9lai\nen cas d'urgence (article L.2121.9 du code g\u00e9n\u00e9ral des collectivit\u00e9s territoriales)  ;\n8. demande d'avis du conseil municipal pr\u00e9vu par l'article L.2121.29 du code g\u00e9n\u00e9ral\ndes collectivit\u00e9s territoriales ;\n9. convocation  des  \u00e9lecteurs  pour  toute  \u00e9lection  municipale  compl\u00e9mentaire  (et\nnotamment en application de l'article L.258 du code \u00e9lectoral) ;\n10. r\u00e9ception des candidatures et d\u00e9livrance des re\u00e7us de d\u00e9p\u00f4t et des r\u00e9c\u00e9piss\u00e9s\nd\u00e9finitifs  de  d\u00e9clarations  de  candidatures  pour  les  \u00e9lections  municipales\ncompl\u00e9mentaires dans les communes de l'arrondissement de Montbard ;\n11.  d\u00e9signation des membres des commissions de contr\u00f4le des listes \u00e9lectorales\ninstitu\u00e9es dans les communes de l'arrondissement de Montbard ;\n12. substitution au maire dans les cas pr\u00e9vus par les articles L.2122.34, L.2213.17, et\nL.2215.1 du code g\u00e9n\u00e9ral des collectivit\u00e9s territoriales ;\n13. convocation  des  \u00e9lecteurs  pour  la  d\u00e9signation  des  commissions  syndicales,\nfixation  de  la  dur\u00e9e  de  la  commission,  consultation  de  la  commission  et\nconsultation du conseil municipal ;\n14. approbation des d\u00e9lib\u00e9rations des conseils municipaux pr\u00e9vue \u00e0 l'article L.2544.4\ndu code g\u00e9n\u00e9ral des collectivit\u00e9s territoriales (section de commune poss\u00e9dant un\npatrimoine s\u00e9par\u00e9) ;\n15. en mati\u00e8re de biens indivis :\n\u2022 constitution  des  commissions  syndicales  en  l'absence  de  d\u00e9cision  des\nconseils  municipaux  concern\u00e9s  et  arr\u00eat\u00e9  constitutif  en  cas  d'accord  des\nconseils  municipaux  (articles  L.5222.1  du  code  g\u00e9n\u00e9ral  des  collectivit\u00e9s\nterritoriales) ;\n\u2022 r\u00e9partition des exc\u00e9dents en cas de d\u00e9saccord ou si les conseils municipaux\nn'ont pas d\u00e9lib\u00e9r\u00e9 dans les d\u00e9lais prescrits (article L.5222.2 du code g\u00e9n\u00e9ral\ndes collectivit\u00e9s territoriales) ;\n16. approbation des d\u00e9lib\u00e9rations, budgets et march\u00e9s des associations fonci\u00e8res de\nremembrement,  des  associations  syndicales  autoris\u00e9es  et  des  associations\nfonci\u00e8res urbaines autoris\u00e9es ;\n17. r\u00f4les dress\u00e9s pour le recouvrement des taxes ou cotisations par les associations\nfonci\u00e8res de remembrement ;\n18. \u00e9tats  annuels  de  notification  des  taux  d'imposition  des  quatre  taxes  directes\nlocales (\u00e9tats nos 1253 et 1259 MI) ;\n19. autorisations d'emprunt de l'article L.2121.34 du code g\u00e9n\u00e9ral des collectivit\u00e9s\nterritoriales (emprunts des centres communaux d'action sociale) ;\n20. cr\u00e9ation d'office des cimeti\u00e8res dans les cas pr\u00e9vus par la loi ;\n21. prescription des enqu\u00eates pr\u00e9alables \u00e0 la modification des limites territoriales des\ncommunes  pr\u00e9vues  \u00e0  l'article  L.2112.2  du  code  g\u00e9n\u00e9ral  des  collectivit\u00e9s\nterritoriales ;\n4/7\nPr\u00e9fecture de la C\u00f4te-d'Or - 21-2024-01-18-00006 - Arr\u00eat\u00e9 pr\u00e9fectoral n\u00b0  149 / SG du 18 janvier 2024 \ndonnant d\u00e9l\u00e9gation de signature \u00e0 Monsieur S\u00e9bastien LANOYE,\nsous-pr\u00e9fet de Montbard\n27\n22. arr\u00eat\u00e9s portant modification des limites territoriales des communes situ\u00e9es dans\nl'arrondissement, dans le cas o\u00f9 les limites cantonales ou d\u00e9partementales ne\nsont pas modifi\u00e9es ;\n23. institution de la commission syndicale pr\u00e9vue \u00e0 l'article L.2112.3 du code g\u00e9n\u00e9ral\ndes collectivit\u00e9s territoriales, dans les conditions d\u00e9finies \u00e0 l'article R.151.6 du code\ndes communes ;\n24. d\u00e9signation du d\u00e9l\u00e9gu\u00e9 de l'administration au sein des commissions communales\ncharg\u00e9es de r\u00e9viser la liste \u00e9lectorale composant le coll\u00e8ge d\u00e9partemental des\npropri\u00e9taires forestiers ;\n25. d\u00e9cisions d'agr\u00e9ment des agents de police municipale (article 7 de la loi n\u00b0 99-291\ndu 15 avril 1999) et cartes professionnelles correspondantes ;\n26. contr\u00f4le de l\u00e9galit\u00e9 des actes des soci\u00e9t\u00e9s d'\u00e9conomie mixte dont le si\u00e8ge est\nsitu\u00e9 dans l'arrondissement ;\n27. arr\u00eat\u00e9s  de  paiement FCTVA et leur  notification  et  validation  \u00e9lectronique  des\narr\u00eat\u00e9s d'attribution du Fonds de compensation pour la TVA ;\n28. convention entre le repr\u00e9sentant de l'\u00c9tat et les b\u00e9n\u00e9ficiaires du fonds, s'agissant\nde l'application du dispositif du plan de relance de l'\u00e9conomie relatif au FCTVA ;\n29. arr\u00eat\u00e9s  constatant  que  les  collectivit\u00e9s  b\u00e9n\u00e9ficiaires  du  fonds,  s'agissant  de\nl'application du dispositif du plan de relance de l'\u00e9conomie relatif au FCTVA, ont ou\nn'ont pas respect\u00e9 leurs engagements ;\n30. courriers, accus\u00e9s de r\u00e9ception li\u00e9s aux dossiers de subvention ;\n31. arbitrage en mati\u00e8re de participation financi\u00e8re entre les collectivit\u00e9s de r\u00e9sidence\net de scolarisation ;\n32. conventions relatives au compte financier unique.\nArticle 3  : D\u00e9l\u00e9gation est donn\u00e9e \u00e0  Madame Marguerite MOINDROT , attach\u00e9e hors\nclasse,  secr\u00e9taire  g\u00e9n\u00e9rale  de  la  sous-pr\u00e9fecture,  \u00e0  l'effet  dans  le  ressort  de\nl'arrondissement de Montbard les documents et d\u00e9cisions suivantes :\n1. d\u00e9cisions de la Commission de s\u00e9curit\u00e9 et d'accessibilit\u00e9 de l'arrondissement, y\ncompris les d\u00e9cisions de la sous-commission de s\u00e9curit\u00e9 et d'accessibilit\u00e9 ;\n2. arr\u00eat\u00e9s  pr\u00e9fectoraux  de  d\u00e9rogation  aux  r\u00e8gles  de  s\u00e9curit\u00e9  et  d'accessibilit\u00e9\nconcernant les \u00e9tablissements recevant du public ;\n3. r\u00e9c\u00e9piss\u00e9s de brocanteurs, de colporteurs, revendeurs d'objets mobiliers ;\n4. arr\u00eat\u00e9s portant rattachement d'une personne sans r\u00e9sidence ni domicile fixe \u00e0 une\ncommune de l'arrondissement ;\n5. en mati\u00e8re de l\u00e9gislation fun\u00e9raire ;\n\u2022 arr\u00eat\u00e9s d'inhumation et de cr\u00e9mation hors des d\u00e9lais l\u00e9gaux,\n\u2022 arr\u00eat\u00e9s d'inhumation en terrain priv\u00e9,\n\u2022 arr\u00eat\u00e9s de transport de corps hors du territoire national,\n\u2022 arr\u00eat\u00e9 de transport d'urne cin\u00e9raire hors du territoire national,\n5/7\nPr\u00e9fecture de la C\u00f4te-d'Or - 21-2024-01-18-00006 - Arr\u00eat\u00e9 pr\u00e9fectoral n\u00b0  149 / SG du 18 janvier 2024 \ndonnant d\u00e9l\u00e9gation de signature \u00e0 Monsieur S\u00e9bastien LANOYE,\nsous-pr\u00e9fet de Montbard\n28\n\u2022 habilitation  des  entreprises  de  pompes  fun\u00e8bres  (y  compris  les  chambres\nfun\u00e9raires  et\nles cr\u00e9matoriums) ;\n6. r\u00e9c\u00e9piss\u00e9s des loteries instantan\u00e9es de la Fran\u00e7aise des Jeux ;\n7. arr\u00eat\u00e9s portant autorisation de loteries et tombolas dont le capital d'\u00e9mission est \ninf\u00e9rieur ou \u00e9gal \u00e0 7 622 euros ;\n8. autorisations des haut-parleurs mobiles sur la voie publique ;\n9. autorisations des courses p\u00e9destres, cyclistes et hippiques (en cas de courses se\nd\u00e9roulant  sur  plusieurs  arrondissements,  l'arrondissement  de  d\u00e9part  g\u00e8re  la\ntotalit\u00e9 de la course) et manifestations de v\u00e9hicules moteurs sur voie ouverte \u00e0 la\ncirculation ou sur circuits homologu\u00e9s ou non  ; l'homologation des circuits pour les\nmanifestations de v\u00e9hicule \u00e0 moteur et les manifestations nautiques.\n10. reconnaissance de l'aptitude technique des gardes particuliers ;\n11. agr\u00e9ment et retrait d'agr\u00e9ment des gardes particuliers, gardes-chasse et gardes-\np\u00eache, et d\u00e9livrance des cartes d'agr\u00e9ment ;\n12. installation et prestation de serment des fonctionnaires de l'\u00c9tat  ;\n13. d\u00e9cisions d'agr\u00e9ment des agents de police municipale et cartes professionnelles\ncorrespondantes ;\n14. d\u00e9signation des d\u00e9l\u00e9gu\u00e9s de l'administration au sein des commissions de contr\u00f4le\ndes  listes  \u00e9lectorales  institu\u00e9es  dans  les  communes  de  l'arrondissement  de\nMontbard ;\n15. convocation  des  \u00e9lecteurs  pour  toute  \u00e9lection  municipale  compl\u00e9mentaire  (et\nnotamment en application de l'article L.258 du Code \u00c9lectoral) ;\n16. r\u00e9ception des candidatures et d\u00e9livrance des re\u00e7us de d\u00e9p\u00f4t et des r\u00e9c\u00e9piss\u00e9s\nd\u00e9finitifs  de  d\u00e9clarations  de  candidatures  pour  les  \u00e9lections  municipales\ncompl\u00e9mentaires dans les communes de l'arrondissement de Montbard ;\n17. visa des r\u00f4les dress\u00e9s pour le recouvrement des taxes ou cotisations par les\nassociations  fonci\u00e8res  de  remembrement  ou  par  les  associations  syndicales\nautoris\u00e9es ;\u00e9tats annuels de notification des taux d'imposition des quatre taxes\ndirectes locales (\u00e9tats no1253 et n\u00b01259 MI) ;\n18. arr\u00eat\u00e9s  de  paiement FCTVA et leur  notification  et  validation  \u00e9lectronique  des\narr\u00eat\u00e9s d'attribution du Fonds de compensation pour la TVA ;\n19. convention entre le repr\u00e9sentant de l'\u00c9tat et les b\u00e9n\u00e9ficiaires du fonds, s'agissant\nde l'application du dispositif du plan de relance de l'\u00e9conomie relatif au FCTVA ;\n20. arr\u00eat\u00e9s  constatant  que  les  collectivit\u00e9s  b\u00e9n\u00e9ficiaires  du  fonds,  s'agissant  de\nl'application du dispositif du plan de relance de l'\u00e9conomie relatif au FCTVA, ont\nou n'ont pas respect\u00e9 leurs engagements ;\n21. tout document et correspondance administratifs non opposables aux tiers  ;\n22. attestation pr\u00e9fectorale de d\u00e9livrance initiale d'un permis de chasser ;\n6/7\nPr\u00e9fecture de la C\u00f4te-d'Or - 21-2024-01-18-00006 - Arr\u00eat\u00e9 pr\u00e9fectoral n\u00b0  149 / SG du 18 janvier 2024 \ndonnant d\u00e9l\u00e9gation de signature \u00e0 Monsieur S\u00e9bastien LANOYE,\nsous-pr\u00e9fet de Montbard\n29\nArticle 4  : En cas d'absence ou d'emp\u00eachement de Mme Marguerite MOINDROT, la\nd\u00e9l\u00e9gation qui lui est consentie par l'article 3 sera exerc\u00e9e par Madame Am\u00e9lie MILLOT\nVIDET, secr\u00e9taire  administrative  de  classe  sup\u00e9rieure, cheffe  du  p\u00f4le  \u00ab collectivit\u00e9s\nlocales  et  d\u00e9veloppement  territorial \u00bb  ou  par  Madame  Isabelle  BAIJOT,  secr\u00e9taire\nadministrative de classe normale adjointe \u00e0 la cheffe du p\u00f4le \u00ab  collectivit\u00e9s locales et\nd\u00e9veloppement territorial \u00bb ;\nArticle  5 : D\u00e9l\u00e9gation  de  signature  est  donn\u00e9e  \u00e0  Madame  Am\u00e9lie  MILLOT VIDET,\nsecr\u00e9taire  administratif,  \u00e0  l'effet  de  signer  la  validation  \u00e9lectronique  des  arr\u00eat\u00e9s\nd'attribution  du  Fonds  de  compensation  pour  la  TVA  dans  les  communes  de\nl'arrondissement de Montbard ;\nArticle 6 : En cas d'absence ou d'emp\u00eachement de Monsieur S\u00e9bastier LANOYE, sous-\npr\u00e9fet de Montbard, et notamment pendant ses cong\u00e9s, la d\u00e9l\u00e9gation de signature qui\nlui est consentie pourra \u00eatre  exerc\u00e9e par Monsieur Beno\u00eet BYRSKI, sous-pr\u00e9fet de\nBeaune, ou par Monsieur Johann MOUGENOT, secr\u00e9taire g\u00e9n\u00e9ral de la pr\u00e9fecture de la\nC\u00f4te-d'Or ;\nArticle 7 : Le pr\u00e9sent arr\u00eat\u00e9 prendra effet le jeudi 25 janvier 2024.\nArticle 8  : Le secr\u00e9taire g\u00e9n\u00e9ral de la pr\u00e9fecture de la C\u00f4te-d'Or, le sous-pr\u00e9fet de\nMontbard,  le sous-pr\u00e9fet de Beaune, le secr\u00e9taire g\u00e9n\u00e9ral de la sous-pr\u00e9fecture de\nBeaune,  la  secr\u00e9taire  g\u00e9n\u00e9rale  de  la  sous-pr\u00e9fecture  de  Montbard  et  les  agents\nb\u00e9n\u00e9ficiaires de la pr\u00e9sente d\u00e9l\u00e9gation \u00e0 la sous-pr\u00e9fecture de Montbard, sont charg\u00e9s,\nchacun pour ce qui le concerne, de l'ex\u00e9cution du pr\u00e9sent arr\u00eat\u00e9 qui sera publi\u00e9 au\nrecueil des actes administratifs de la pr\u00e9fecture de la C\u00f4te-d'Or.\nFait \u00e0 Dijon, le 18 janvier 20204\nLe pr\u00e9fet,\nSign\u00e9 :\nFranck ROBINE\n7/7\nPr\u00e9fecture de la C\u00f4te-d'Or - 21-2024-01-18-00006 - Arr\u00eat\u00e9 pr\u00e9fectoral n\u00b0  149 / SG du 18 janvier 2024 \ndonnant d\u00e9l\u00e9gation de signature \u00e0 Monsieur S\u00e9bastien LANOYE,\nsous-pr\u00e9fet de Montbard\n30\nPr\u00e9fecture de la C\u00f4te-d'Or\nP\u00f4le juridique inter-services\n21-2024-01-18-00007\nArr\u00eat\u00e9 pr\u00e9fectoral n\u00b0  150  / SG du 18 janvier\n2024\ndonnant d\u00e9l\u00e9gation de signature \u00e0 Monsieur\nBeno\u00eet BYRSKI,\nsous-pr\u00e9fet de Beaune\nPr\u00e9fecture de la C\u00f4te-d'Or - 21-2024-01-18-00007 - Arr\u00eat\u00e9 pr\u00e9fectoral n\u00b0  150  / SG du 18 janvier 2024\ndonnant d\u00e9l\u00e9gation de signature \u00e0 Monsieur Beno\u00eet BYRSKI,\nsous-pr\u00e9fet de Beaune\n31\nSECR\u00c9TARIAT G\u00c9N\u00c9RAL\nDirection de la coordination des politiques publiques\net de l'appui territorial\nArr\u00eat\u00e9 pr\u00e9fectoral n\u00b0  150  / SG du 18 janvier 2024\ndonnant d\u00e9l\u00e9gation de signature \u00e0 Monsieur Beno\u00eet BYRSKI,\nsous-pr\u00e9fet de Beaune\nLe pr\u00e9fet de la C\u00f4te-d'Or\nVu la  loi  n\u00b0  82.213  du  2  mars  1982  modifi\u00e9e  relative  aux  droits  et  libert\u00e9s  des\ncommunes, des d\u00e9partements et des r\u00e9gions ;\nVu le  d\u00e9cret  n\u00b0  2004-374  du  29  avril  2004  relatif  aux  pouvoirs  des  pr\u00e9fets,  \u00e0\nl'organisation et \u00e0 l'action des services de l'\u00c9tat dans les r\u00e9gions et d\u00e9partements,\nmodifi\u00e9 par le d\u00e9cret n\u00b0 2010-146 du 16 f\u00e9vrier 2010 et par le d\u00e9cret n\u00b0 2010-687 du 24\njuin 2010 ;\nVu le d\u00e9cret n\u00b0 2008-158 du 22 f\u00e9vrier 2008 relatif \u00e0 la suppl\u00e9ance des pr\u00e9fets de\nr\u00e9gion  et  \u00e0  la  d\u00e9l\u00e9gation  de  signature  des  pr\u00e9fets  et  hauts  commissaires  de  la\nR\u00e9publique en Polyn\u00e9sie fran\u00e7aise et en Nouvelle-Cal\u00e9donie ;\nVu le d\u00e9cret n\u00b0 2009-176 du 16 f\u00e9vrier 2009 modifiant le d\u00e9cret n\u00b0 64-805 du 29  juillet\n1964 fixant les dispositions r\u00e9glementaires applicables aux pr\u00e9fets et le d\u00e9cret n\u00b0 2004-\n374 du 29 avril 2004 relatif aux pouvoirs des pr\u00e9fets, \u00e0 l'organisation et \u00e0 l'action des\nservices de l'\u00c9tat dans les r\u00e9gions et d\u00e9partements ;\nVu le d\u00e9cret du 26 septembre 2022 nommant Monsieur Franck ROBINE, pr\u00e9fet de la\nr\u00e9gion Bourgogne-Franche-Comt\u00e9, pr\u00e9fet de la C\u00f4te d'Or (hors classe);\nVu le  d\u00e9cret  du  16  ao\u00fbt  2022  portant  nomination  de  Monsieur  Olivier  GERSTL\u00c9,\nadministrateur civil, en qualit\u00e9 de sous-pr\u00e9fet, directeur de cabinet du pr\u00e9fet de la r\u00e9gion\nBourgogne-Franche-Comt\u00e9, pr\u00e9fet de la C\u00f4te-d'Or ;\nVu le d\u00e9cret du 6 juillet 2023, portant nomination de Monsieur Beno\u00eet BYRSKI, en\nqualit\u00e9 de sous-pr\u00e9fet de Beaune ;\nVu le d\u00e9cret du 17 novembre 2023 portant nomination de Monsieur S\u00e9bastien LANOYE,\nsous- pr\u00e9fet de Montbard ;\nVu le d\u00e9cret du 3 janvier 2024 nommant Monsieur Johann MOUGENOT, secr\u00e9taire\ng\u00e9n\u00e9ral de la pr\u00e9fecture de la C\u00f4te-d'Or, sous-pr\u00e9fet de Dijon (groupe II) ;\nPr\u00e9fecture de la C\u00f4te-d'Or - 21-2024-01-18-00007 - Arr\u00eat\u00e9 pr\u00e9fectoral n\u00b0  150  / SG du 18 janvier 2024\ndonnant d\u00e9l\u00e9gation de signature \u00e0 Monsieur Beno\u00eet BYRSKI,\nsous-pr\u00e9fet de Beaune\n32\nVu l'arr\u00eat\u00e9  pr\u00e9fectoral  n\u00b0  1701  /  SG  du  4  d\u00e9cembre  2023  donnant  d\u00e9l\u00e9gation  de\nsignature \u00e0 Monsieur Beno\u00eet BYRSKI, sous-pr\u00e9fet de Beaune ;\nVu l'arr\u00eat\u00e9  pr\u00e9fectoral  n\u00b0  1779  /  SG  du  18  d\u00e9cembre  2023  compl\u00e9tant  l'arr\u00eat\u00e9\npr\u00e9fectoral n\u00b0 1701  / SG du  4  d\u00e9cembre  2023  donnant d\u00e9l\u00e9gation  de  signature  \u00e0\nMonsieur Beno\u00eet BYRSKI, sous-pr\u00e9fet de Beaune ;\nSur proposition de Monsieur le secr\u00e9taire g\u00e9n\u00e9ral de la pr\u00e9fecture de la C\u00f4te-d'Or  ;\nARR\u00caTE\nArticle 1  er   : L'arr\u00eat\u00e9 pr\u00e9fectoral n\u00b0 1701 / SG du 4 d\u00e9cembre 2023 donnant d\u00e9l\u00e9gation\nde signature \u00e0 Monsieur Beno\u00eet BYRSKI, sous-pr\u00e9fet de Beaune , et l'arr\u00eat\u00e9 pr\u00e9fectoral\nn\u00b0 1779 / SG du 18 d\u00e9cembre 2023 compl\u00e9tant l'arr\u00eat\u00e9 pr\u00e9fectoral n\u00b0 1701 / SG du 4\nd\u00e9cembre 2023 donnant d\u00e9l\u00e9gation de signature \u00e0 Monsieur Beno\u00eet BYRSKI, sous-\npr\u00e9fet de Beaune, ainsi que toutes dispositions ant\u00e9rieures contraires aux pr\u00e9sents\narr\u00eat\u00e9s sont abrog\u00e9s.\nArticle 2 : D\u00e9l\u00e9gation de signature est donn\u00e9e \u00e0 Monsieur Beno\u00eet BYRSKI , sous-pr\u00e9fet\nde  Beaune,  \u00e0  l'effet  de  signer  les  d\u00e9cisions  suivantes  dans  le  ressort  de\nl'arrondissement de Beaune :\nPOLICE G\u00c9N\u00c9RALE :\n1. octroi du concours de la force publique pour l'ex\u00e9cution des jugements d'expulsion des\nlocataires ;\n2. indemnisation en responsabilit\u00e9 de l'\u00c9tat en cas de refus d'octroi du concours de la\nforce publique pour l'ex\u00e9cution des jugements d'expulsion ;\n3. r\u00e9quisitions de logements ;\n4. toute autorisation relative \u00e0 la police des caf\u00e9s, d\u00e9bits de boissons, bals, spectacles et\nautres lieux publics exc\u00e9dant la comp\u00e9tence des autorit\u00e9s municipales ;\n5. fermeture administrative des d\u00e9bits de boissons pour une dur\u00e9e n'exc\u00e9dant pas trois\nmois ;\n6. d\u00e9cisions relatives au transfert de licences de d\u00e9bit de boissons ;\n7. r\u00e9c\u00e9piss\u00e9s de brocanteurs, colporteurs, revendeurs d'objets mobiliers ;\n8. r\u00e9c\u00e9piss\u00e9s de d\u00e9claration et autorisations des courses p\u00e9destres, cyclistes, hippiques\net  manifestations  nautiques  se  d\u00e9roulant  exclusivement  sur  le  territoire  de\nl'arrondissement,  et  manifestations  de  v\u00e9hicules  \u00e0  moteurs  sur  voie  ouverte  \u00e0  la\ncirculation  ou  sur  circuits  homologu\u00e9s  ou  non,  et  homologation  des  circuits  pour\nv\u00e9hicules \u00e0 moteur ;\n9. autorisations d'utilisation temporaire des locaux scolaires ;\n10.reconnaissance de l'aptitude technique des gardes particuliers ;\n11.agr\u00e9ment  et  retrait  d'agr\u00e9ment  des  gardes  particuliers,  gardes-chasse  et  gardes-\np\u00eache, et d\u00e9livrance des cartes d'agr\u00e9ment ;\n2/7\nPr\u00e9fecture de la C\u00f4te-d'Or - 21-2024-01-18-00007 - Arr\u00eat\u00e9 pr\u00e9fectoral n\u00b0  150  / SG du 18 janvier 2024\ndonnant d\u00e9l\u00e9gation de signature \u00e0 Monsieur Beno\u00eet BYRSKI,\nsous-pr\u00e9fet de Beaune\n33\n12.installation et prestation de serment des fonctionnaires de l'\u00c9tat  ;\n13.nomination des commissaires-enqu\u00eateurs et ouverture des enqu\u00eates de commodo et\nincommodo : tous actes de proc\u00e9dure ;\n14.autorisations de versement d'indemnit\u00e9s aux fonctionnaires de l'\u00c9tat pour les services\nrendus aux communes et \u00e9tablissements publics communaux ou intercommunaux,\ndans la limite r\u00e9glementaire ;\n15.autorisations de poursuite par voie de vente ;\n16.arr\u00eat\u00e9s modifiant les heures de scrutin pour les \u00e9lections aux Chambres Consulaires\net \u00e0 la Mutualit\u00e9 Sociale Agricole ;\n17.arr\u00eat\u00e9s d'occupation temporaire et de p\u00e9n\u00e9tration sur les propri\u00e9t\u00e9s priv\u00e9es en vue de\nla r\u00e9alisation de travaux publics ;\n18.en mati\u00e8re de l\u00e9gislation fun\u00e9raire :\n\u2022 arr\u00eat\u00e9s d'inhumation et de cr\u00e9mation hors des d\u00e9lais l\u00e9gaux,\n\u2022 arr\u00eat\u00e9s d'inhumation en terrain priv\u00e9,\n\u2022 arr\u00eat\u00e9s de transport de corps hors du territoire national,\n\u2022 arr\u00eat\u00e9s de transport d'urne cin\u00e9raire hors du territoire national,\n\u2022 habilitation des entreprises de pompes fun\u00e8bres ;\n19.d\u00e9cisions  de  la  commission  de  s\u00e9curit\u00e9  et  d'accessibilit\u00e9  de  l'arrondissement,  y\ncompris les d\u00e9cisions de la sous-commission de s\u00e9curit\u00e9 et d'accessibilit\u00e9 ;\n20.arr\u00eat\u00e9s pr\u00e9fectoraux de d\u00e9rogation aux r\u00e8gles de s\u00e9curit\u00e9 et d'accessibilit\u00e9 concernant\nles \u00e9tablissements recevant du public ;\n21.arr\u00eat\u00e9s portant rattachement d'une personne sans r\u00e9sidence ni domicile fixe \u00e0 une\ncommune de l'arrondissement ;\n22.r\u00e9c\u00e9piss\u00e9s de d\u00e9claration de manifestations sur la voie publique ;\nADMINISTRATION LOCALE :\n1. acceptation des d\u00e9missions d'adjoint au maire ;\n2. lettres d'observation aux collectivit\u00e9s dans le cadre du contr\u00f4le des actes et du\ncontr\u00f4le budg\u00e9taire ;\n3. cr\u00e9ation,  modification  et  dissolution  des  associations  syndicales  libres  et  des\nassociations fonci\u00e8res urbaines libres ;\n4. cr\u00e9ation,  contr\u00f4le,  modification,  dissolution,  union  et  fusion  des  associations\nsyndicales autoris\u00e9es ;\n5. cr\u00e9ation, contr\u00f4le, modification, dissolution des associations fonci\u00e8res urbaines\nautoris\u00e9es  et  transformation  des  associations  fonci\u00e8res  de  remembrement  en\nassociations syndicales autoris\u00e9es ;\n6. cr\u00e9ation,  modification  et  dissolution  des  syndicats  intercommunaux,  des\ncommunaut\u00e9s de communes et des syndicats mixtes de 1 \u00e8re ou 2 \u00e8me cat\u00e9gorie\nlorsque tous les membres et le si\u00e8ge sont dans l'arrondissement ;\n7. demande au maire de r\u00e9unir le conseil municipal avec possibilit\u00e9 d'abr\u00e9ger le d\u00e9lai\nen cas d'urgence (article L.2121.9 du code g\u00e9n\u00e9ral des collectivit\u00e9s territoriales)  ;\n3/7\nPr\u00e9fecture de la C\u00f4te-d'Or - 21-2024-01-18-00007 - Arr\u00eat\u00e9 pr\u00e9fectoral n\u00b0  150  / SG du 18 janvier 2024\ndonnant d\u00e9l\u00e9gation de signature \u00e0 Monsieur Beno\u00eet BYRSKI,\nsous-pr\u00e9fet de Beaune\n34\n8. demande d'avis du conseil municipal pr\u00e9vu par l'article L.2121.29 du code g\u00e9n\u00e9ral\ndes collectivit\u00e9s territoriales ;\n9. convocation  des  \u00e9lecteurs  pour  toute  \u00e9lection  municipale  compl\u00e9mentaire  (et\nnotamment en application de l'article L.258 du code \u00e9lectoral) ;\n10. r\u00e9ception des candidatures et d\u00e9livrance des re\u00e7us de d\u00e9p\u00f4t et des r\u00e9c\u00e9piss\u00e9s\nd\u00e9finitifs  de  d\u00e9clarations  de  candidatures  pour  les  \u00e9lections  municipales\ncompl\u00e9mentaires dans les communes de l'arrondissement de Beaune ;\n11. d\u00e9signation  des  membres  des  commissions  de  contr\u00f4le  des  listes  \u00e9lectorales\ninstitu\u00e9es dans les communes de l'arrondissement de Beaune ;\n12. substitution au maire dans les cas pr\u00e9vus par les articles L.2122.34, L.2213.17, et\nL.2215.1 du code g\u00e9n\u00e9ral des collectivit\u00e9s territoriales  ;convocation des \u00e9lecteurs\npour  la  d\u00e9signation  des  commissions  syndicales,  fixation  de  la  dur\u00e9e  de  la\ncommission, consultation de la commission et consultation du conseil municipal ;\n13. approbation des d\u00e9lib\u00e9rations des conseils municipaux pr\u00e9vue \u00e0 l'article L.2544.4\ndu code g\u00e9n\u00e9ral des collectivit\u00e9s territoriales (section de commune poss\u00e9dant un\npatrimoine s\u00e9par\u00e9) ;\n14. en mati\u00e8re de sections de commune :\n\u2022 arr\u00eat\u00e9s pronon\u00e7ant le transfert des  biens  d'une  section de  commune  \u00e0 la\ncommune (article L.2411.11 du code g\u00e9n\u00e9ral des collectivit\u00e9s territoriales) ;\n\u2022 convocation  des  \u00e9lecteurs  dans  le  cas  pr\u00e9vu  \u00e0  l'article  L.2411.9  du  code\ng\u00e9n\u00e9ral des collectivit\u00e9s territoriales ;\n15. en mati\u00e8re de biens indivis :\n\u2022 constitution  des  commissions  syndicales  en  l'absence  de  d\u00e9cision  des\nconseils  municipaux  concern\u00e9s  et  arr\u00eat\u00e9  constitutif  en  cas  d'accord  des\nconseils  municipaux  (articles  L.5222.1  du  code  g\u00e9n\u00e9ral  des  collectivit\u00e9s\nterritoriales) ;\n\u2022 r\u00e9partition des exc\u00e9dents en cas de d\u00e9saccord ou si les conseils municipaux\nn'ont pas d\u00e9lib\u00e9r\u00e9 dans les d\u00e9lais prescrits (article L.5222.2 du code g\u00e9n\u00e9ral\ndes collectivit\u00e9s territoriales) ;\n16. approbation des d\u00e9lib\u00e9rations, budgets et march\u00e9s des associations fonci\u00e8res de\nremembrement,  des  associations  syndicales  autoris\u00e9es  et  des  associations\nfonci\u00e8res urbaines autoris\u00e9es ;\n17. r\u00f4les dress\u00e9s pour le recouvrement des taxes ou cotisations par les associations\nfonci\u00e8res de remembrement ;\n18. \u00e9tats  annuels  de  notification  des  taux  d'imposition  des  quatre  taxes  directes\nlocales (\u00e9tats nos 1253 et 1259 MI) ;\n19. cr\u00e9ation d'office des cimeti\u00e8res dans les cas pr\u00e9vus par la loi ;\n20. prescription des enqu\u00eates pr\u00e9alables \u00e0 la modification des limites territoriales des\ncommunes  pr\u00e9vues  \u00e0  l'article  L.2112.2  du  code  g\u00e9n\u00e9ral  des  collectivit\u00e9s\nterritoriales ;\n21. arr\u00eat\u00e9s portant modification des limites territoriales des communes situ\u00e9es dans\nl'arrondissement, dans le cas o\u00f9 les limites cantonales ou d\u00e9partementales ne\nsont pas modifi\u00e9es ;\n4/7\nPr\u00e9fecture de la C\u00f4te-d'Or - 21-2024-01-18-00007 - Arr\u00eat\u00e9 pr\u00e9fectoral n\u00b0  150  / SG du 18 janvier 2024\ndonnant d\u00e9l\u00e9gation de signature \u00e0 Monsieur Beno\u00eet BYRSKI,\nsous-pr\u00e9fet de Beaune\n35\n22. institution de la commission syndicale pr\u00e9vue \u00e0 l'article L.2112.3 du code g\u00e9n\u00e9ral\ndes collectivit\u00e9s territoriales, dans les conditions d\u00e9finies \u00e0 l'article R.151.6 du code\ndes communes ;\n23. d\u00e9signation du d\u00e9l\u00e9gu\u00e9 de l'administration au sein des commissions communales\ncharg\u00e9es de r\u00e9viser la liste \u00e9lectorale composant le coll\u00e8ge d\u00e9partemental des\npropri\u00e9taires forestiers ;\n24. contr\u00f4le de l\u00e9galit\u00e9 des actes des soci\u00e9t\u00e9s d'\u00e9conomie mixte dont le si\u00e8ge est\nsitu\u00e9 dans l'arrondissement ;\n25. d\u00e9cisions d'agr\u00e9ment des agents de police municipale (article 7 de la loi n\u00b0 99-291\ndu 15 avril 1999) et cartes professionnelles correspondantes ;\n26. arr\u00eat\u00e9s  de  paiement  FCTVA et  leur  notification  et  validation  \u00e9lectronique  des\narr\u00eat\u00e9s d'attribution du Fonds de compensation pour la TVA ;\n27. convention entre le repr\u00e9sentant de l'\u00c9tat et les b\u00e9n\u00e9ficiaires du fonds, s'agissant\nde l'application du dispositif du plan de relance de l'\u00e9conomie relatif au FCTVA ;\n28. arr\u00eat\u00e9s  constatant  que  les  collectivit\u00e9s  b\u00e9n\u00e9ficiaires  du  fonds,  s'agissant  de\nl'application du dispositif du plan de relance de l'\u00e9conomie relatif au FCTVA, ont ou\nn'ont pas respect\u00e9 leurs engagements ;\n29. d\u00e9rogations scolaires  : arbitrage en mati\u00e8re de participation financi\u00e8re entre les\ncollectivit\u00e9s de r\u00e9sidence et de scolarisation\n30. Signature  des  conventions  relatives  \u00e0  l'exp\u00e9rimentation  du  Compte  Financier\nUnique.\nArticle  3  : D\u00e9l\u00e9gation  est  donn\u00e9e  \u00e0  Monsieur  Laurent  BOILL\u00c9E,  attach\u00e9\nd'administration  de  l'\u00c9tat  hors  classe,  secr\u00e9taire  g\u00e9n\u00e9ral  de  la  sous-pr\u00e9fecture  de\nBeaune,  \u00e0  l'effet  de  signer  dans  le  ressort  de  l'arrondissement  de  Beaune  les\ndocuments suivants :\n1. d\u00e9cisions de la commission de s\u00e9curit\u00e9 et d'accessibilit\u00e9 de l'arrondissement, y\ncompris les d\u00e9cisions de la sous-commission de s\u00e9curit\u00e9 et d'accessibilit\u00e9 ;\n2. arr\u00eat\u00e9s  pr\u00e9fectoraux  de  d\u00e9rogation  aux  r\u00e8gles  de  s\u00e9curit\u00e9  et  d'accessibilit\u00e9\nconcernant les \u00e9tablissements recevant du public ;\n3. r\u00f4les dress\u00e9s pour le recouvrement des taxes ou cotisations par les associations\nfonci\u00e8res de remembrement ou par les associations syndicales autoris\u00e9es ;\n4. \u00e9tats annuels de notification des taux d'imposition des quatre taxes directes locales\n(\u00e9tats nos 1253 et 1259 MI) ;\n5. r\u00e9c\u00e9piss\u00e9s de brocanteurs, de colporteurs, revendeurs d'objets mobiliers ;\n6. en mati\u00e8re de l\u00e9gislation fun\u00e9raire :\n\u2022 arr\u00eat\u00e9s d'inhumation et de cr\u00e9mation hors des d\u00e9lais l\u00e9gaux,\n5/7\nPr\u00e9fecture de la C\u00f4te-d'Or - 21-2024-01-18-00007 - Arr\u00eat\u00e9 pr\u00e9fectoral n\u00b0  150  / SG du 18 janvier 2024\ndonnant d\u00e9l\u00e9gation de signature \u00e0 Monsieur Beno\u00eet BYRSKI,\nsous-pr\u00e9fet de Beaune\n36\n\u2022 arr\u00eat\u00e9s d'inhumation en terrain priv\u00e9,\n\u2022 arr\u00eat\u00e9s de transport de corps hors du territoire national,\n\u2022 arr\u00eat\u00e9s de transport d'urne cin\u00e9raire hors du territoire national,\n\u2022 habilitation des entreprises de pompes fun\u00e8bres ;\n7. r\u00e9c\u00e9piss\u00e9s  de  d\u00e9claration  et  autorisations  des  courses  p\u00e9destres,  cyclistes  et\nhippiques et manifestations nautiques se d\u00e9roulant exclusivement sur le territoire de\nl'arrondissement  et  manifestations  de  v\u00e9hicules  moteurs  sur  voie  ouverte  \u00e0  la\ncirculation  ou  sur  circuit  homologu\u00e9  ou  non,  et  homologation  des  circuits  pour\nv\u00e9hicules \u00e0 moteur ;\n8. reconnaissance de l'aptitude technique des gardes particuliers ;\n9. agr\u00e9ment et retrait d'agr\u00e9ment des gardes particuliers, gardes-chasse et gardes-\np\u00eache, et d\u00e9livrance des cartes d'agr\u00e9ment ;\n10. d\u00e9cisions d'agr\u00e9ment des agents de police municipale et cartes professionnelles\ncorrespondantes ;\n11. installation et prestation de serment des fonctionnaires de l'\u00c9tat  ;\n12. arr\u00eat\u00e9s portant rattachement d'une personne sans r\u00e9sidence ni domicile fixe \u00e0 une\ncommune de l'arrondissement ;\n13. tout document et correspondance administratifs non opposables aux tiers, visa\ndes r\u00f4les dress\u00e9s pour le recouvrement des taxes ou cotisations par les associations\nfonci\u00e8res de remembrement ou par les associations syndicales autoris\u00e9es ;\n14. arr\u00eat\u00e9s de paiement FCTVA et leur notification   et  validation  \u00e9lectronique  des\narr\u00eat\u00e9s d'attribution du Fonds de compensation pour la TVA ;\n15. convention entre le repr\u00e9sentant de l'\u00c9tat et les b\u00e9n\u00e9ficiaires du fonds, s'agissant\nde l'application du dispositif du plan de relance de l'\u00e9conomie relatif au FCTVA ;\n16. arr\u00eat\u00e9s  constatant  que  les  collectivit\u00e9s  b\u00e9n\u00e9ficiaires  du  fonds,  s'agissant  de\nl'application du dispositif du plan de relance de l'\u00e9conomie relatif au FCTVA, ont ou\nn'ont pas respect\u00e9 leurs engagements ;\n17. convocation  des  \u00e9lecteurs  pour  toute  \u00e9lection  municipale  compl\u00e9mentaire  (et\nnotamment en application de l'article L.258 du code \u00e9lectoral) ;\n18. r\u00e9ception des candidatures et d\u00e9livrance des re\u00e7us de d\u00e9p\u00f4t et des r\u00e9c\u00e9piss\u00e9s\nd\u00e9finitifs  de  d\u00e9clarations  de  candidatures  pour  les  \u00e9lections  municipales\ncompl\u00e9mentaires dans les communes de l'arrondissement de Beaune ;\n6/7\nPr\u00e9fecture de la C\u00f4te-d'Or - 21-2024-01-18-00007 - Arr\u00eat\u00e9 pr\u00e9fectoral n\u00b0  150  / SG du 18 janvier 2024\ndonnant d\u00e9l\u00e9gation de signature \u00e0 Monsieur Beno\u00eet BYRSKI,\nsous-pr\u00e9fet de Beaune\n37\n19. attestation pr\u00e9fectorale de d\u00e9livrance initiale d'un permis de chasser\nArticle 4 : En cas d'absence ou d'emp\u00eachement de M. Laurent BOILL\u00c9E, la d\u00e9l\u00e9gation\nqui lui est consentie par l'article 3, sera exerc\u00e9e par Madame La\u00efla BENJDIR, attach\u00e9e,\nadjointe au secr\u00e9taire g\u00e9n\u00e9ral.\nArticle 5 : En cas d'absence ou d'emp\u00eachement de Monsieur  Laurent BOILL\u00c9E et de\nMadame  La\u00efla  BENJDIR,  la  d\u00e9l\u00e9gation  consentie  par  l'article  3  sera  exerc\u00e9e  par\nMadame C\u00e9cile RAVRY, secr\u00e9taire administrative de classe exceptionnelle, cheffe du\np\u00f4le \u00ab s\u00e9curit\u00e9 et r\u00e9glementation \u00bb.\nArticle 6 : En cas d'absence ou d'emp\u00eachement de  Monsieur BYRSKI , sous-pr\u00e9fet de\nl'arrondissement  de  Beaune,  et  notamment  pendant  ses  cong\u00e9s,  la  d\u00e9l\u00e9gation  de\nsignature qui lui est consentie par l'article 2 du pr\u00e9sent arr\u00eat\u00e9 pourra \u00eatre exerc\u00e9e par\nMonsieur Johann MOUGENOT, secr\u00e9taire g\u00e9n\u00e9ral de la pr\u00e9fecture de la C\u00f4te d'Or  et,\nen cas d'emp\u00eachement de ce dernier, par Monsieur S\u00e9bastien LANOYE, sous-pr\u00e9fet de\nl'arrondissement de Montbard.\nArticle 7 : Le pr\u00e9sent arr\u00eat\u00e9 prendra effet le jeudi 25 janvier 2024.\nArticle 8  : Le secr\u00e9taire g\u00e9n\u00e9ral de la pr\u00e9fecture de la C\u00f4te-d'Or, le sous-pr\u00e9fet de\nBeaune, le sous-pr\u00e9fet de Montbard, le secr\u00e9taire g\u00e9n\u00e9ral de la sous-pr\u00e9fecture de\nBeaune et les agents b\u00e9n\u00e9ficiaires de la d\u00e9l\u00e9gation de signature sont charg\u00e9s, chacun\nen ce qui le concerne de l'ex\u00e9cution du pr\u00e9sent arr\u00eat\u00e9 qui sera publi\u00e9 au recueil des\nactes administratifs de la pr\u00e9fecture de la C\u00f4te-d'Or.\nFait \u00e0 Dijon, le 18 janvier 2024\nLe pr\u00e9fet,\nSign\u00e9 :\n   Franck ROBINE\n7/7\nPr\u00e9fecture de la C\u00f4te-d'Or - 21-2024-01-18-00007 - Arr\u00eat\u00e9 pr\u00e9fectoral n\u00b0  150  / SG du 18 janvier 2024\ndonnant d\u00e9l\u00e9gation de signature \u00e0 Monsieur Beno\u00eet BYRSKI,\nsous-pr\u00e9fet de Beaune\n38\nPr\u00e9fecture de la C\u00f4te-d'Or\nP\u00f4le juridique inter-services\n21-2024-01-18-00003\nArr\u00eat\u00e9 pr\u00e9fectoral n\u00b0 147 / SG du 18 janvier 2024\ndonnant d\u00e9l\u00e9gation de signature \u00e0 Monsieur\nJohann MOUGENOT,\nsecr\u00e9taire g\u00e9n\u00e9ral de la pr\u00e9fecture de la C\u00f4te\nd\u25a1Or\nPr\u00e9fecture de la C\u00f4te-d'Or - 21-2024-01-18-00003 - Arr\u00eat\u00e9 pr\u00e9fectoral n\u00b0 147 / SG du 18 janvier 2024\ndonnant d\u00e9l\u00e9gation de signature \u00e0 Monsieur Johann MOUGENOT,\nsecr\u00e9taire g\u00e9n\u00e9ral de la pr\u00e9fecture de la C\u00f4te d\u25a1Or\n39\nSECR\u00c9TARIAT G\u00c9N\u00c9RAL\nDirection de la coordination des politiques publiques\net de l'appui territorial\nArr\u00eat\u00e9 pr\u00e9fectoral n\u00b0 147 / SG du 18 janvier 2024\ndonnant d\u00e9l\u00e9gation de signature \u00e0 Monsieur Johann MOUGENOT,\nsecr\u00e9taire g\u00e9n\u00e9ral de la pr\u00e9fecture de la C\u00f4te d'Or\nLe pr\u00e9fet de la C\u00f4te-d'Or\nVu la  loi  n\u00b0  82.213  du  2  mars  1982  modifi\u00e9e  relative  aux  droits  et  libert\u00e9s  des\ncommunes, des d\u00e9partements et des r\u00e9gions ;\nVu le  d\u00e9cret  n\u00b0  2004-374  du  29  avril  2004  relatif  aux  pouvoirs  des  pr\u00e9fets,  \u00e0\nl'organisation et \u00e0 l'action des services de l'\u00c9tat dans les r\u00e9gions et d\u00e9partements,\nmodifi\u00e9 par le d\u00e9cret n\u00b0 2010-146 du 16 f\u00e9vrier 2010 et par le d\u00e9cret n\u00b0 2010-687 du 24\njuin 2010 ;\nVu le d\u00e9cret n\u00b0 2008-158 du 22 f\u00e9vrier 2008 relatif \u00e0 la suppl\u00e9ance des pr\u00e9fets de\nr\u00e9gion  et  \u00e0  la  d\u00e9l\u00e9gation  de  signature  des  pr\u00e9fets  et  hauts  commissaires  de  la\nR\u00e9publique en Polyn\u00e9sie fran\u00e7aise et en Nouvelle-Cal\u00e9donie ;\nVu le d\u00e9cret n\u00b0 2009-176 du 16 f\u00e9vrier 2009 modifiant le d\u00e9cret n\u00b0 64-805 du 29  juillet\n1964 fixant les dispositions r\u00e9glementaires applicables aux pr\u00e9fets et le d\u00e9cret n\u00b0 2004-\n374 du 29 avril 2004 relatif aux pouvoirs des pr\u00e9fets, \u00e0 l'organisation et \u00e0 l'action des\nservices de l'\u00c9tat dans les r\u00e9gions et d\u00e9partements ;\nVu le d\u00e9cret du 26 septembre 2022 nommant Monsieur Franck ROBINE, pr\u00e9fet de la\nr\u00e9gion Bourgogne-Franche-Comt\u00e9, pr\u00e9fet de la C\u00f4te d'Or (hors classe);\nVu le d\u00e9cret du 16 ao\u00fbt 2022 portant nomination de Monsieur Olivier GERSTL\u00c9, sous-\npr\u00e9fet, en qualit\u00e9 de sous-pr\u00e9fet, directeur de cabinet du pr\u00e9fet de la r\u00e9gion Bourgogne-\nFranche-Comt\u00e9, pr\u00e9fet de la C\u00f4te-d'Or ;\nVu le  d\u00e9cret  du  29  d\u00e9cembre  2022  portant  nomination  Mme  Amelle  GHAYOU,\nadministratrice territoriale, sous-pr\u00e9f\u00e8te charg\u00e9e de mission apr\u00e8s du pr\u00e9fet de r\u00e9gion\nBourgogne-Franche-Comt\u00e9, pr\u00e9fet de la C\u00f4te-d'Or ;\nVu le d\u00e9cret du 6 juillet 2023, portant nomination de Monsieur Beno\u00eet BYRSKI, en\nqualit\u00e9 de sous-pr\u00e9fet de Beaune ;\nPr\u00e9fecture de la C\u00f4te-d'Or - 21-2024-01-18-00003 - Arr\u00eat\u00e9 pr\u00e9fectoral n\u00b0 147 / SG du 18 janvier 2024\ndonnant d\u00e9l\u00e9gation de signature \u00e0 Monsieur Johann MOUGENOT,\nsecr\u00e9taire g\u00e9n\u00e9ral de la pr\u00e9fecture de la C\u00f4te d\u25a1Or\n40\nVu le d\u00e9cret du 17 novembre 2023 portant nomination de Monsieur S\u00e9bastien LANOYE,\nsous- pr\u00e9fet de Montbard ;\nVu le d\u00e9cret du 3 janvier 2024 nommant Monsieur Johann MOUGENOT, secr\u00e9taire\ng\u00e9n\u00e9ral de la pr\u00e9fecture de la C\u00f4te-d'Or, sous-pr\u00e9fet de Dijon (groupe II) ;\nVu l'arr\u00eat\u00e9  pr\u00e9fectoral  n\u00b0  1702  /  SG  du  4  d\u00e9cembre  2023,  donnant d\u00e9l\u00e9gation  de\nsignature \u00e0 Monsieur Fr\u00e9d\u00e9ric CARRE, secr\u00e9taire g\u00e9n\u00e9ral de la pr\u00e9fecture de la C\u00f4te-\nd'Or ;\nSur proposition de Monsieur le secr\u00e9taire g\u00e9n\u00e9ral de la pr\u00e9fecture de la C\u00f4te-d'Or  ;\nARR\u00caTE\nArticle 1er : L'arr\u00eat\u00e9 pr\u00e9fectoral n\u00b0 1702 / SG du 4 d\u00e9cembre 2023,  donnant d\u00e9l\u00e9gation\nde signature \u00e0 Monsieur  Fr\u00e9d\u00e9ric CARRE,  secr\u00e9taire g\u00e9n\u00e9ral de la pr\u00e9fecture de la\nC\u00f4te-d'Or, et toutes dispositions ant\u00e9rieures contraires au pr\u00e9sent arr\u00eat\u00e9 sont abrog\u00e9s.\nArticle  2 : D\u00e9l\u00e9gation  de  signature  est  donn\u00e9e  \u00e0  Monsieur  Johann  MOUGENOT,\nsecr\u00e9taire g\u00e9n\u00e9ral de la pr\u00e9fecture de la C\u00f4te-d'Or, \u00e0 l'effet de signer tous arr\u00eat\u00e9s,\nd\u00e9cisions, circulaires, rapports, correspondances et documents relevant des attributions\nde l'\u00c9tat dans le d\u00e9partement de la C\u00f4te-d'Or, ainsi que tous recours juridictionnels,\nm\u00e9moires et documents se rapportant \u00e0 la saisine des juridictions judiciaires en mati\u00e8re\nde r\u00e9tention administrative, \u00e0 l'exception :\ndes d\u00e9clinatoires de comp\u00e9tences et arr\u00eat\u00e9s de conflit.\nArticle 3  : En cas d'absence ou d'emp\u00eachement de Monsieur  Johann MOUGENOT ,\nles pouvoirs et fonctions de secr\u00e9taire g\u00e9n\u00e9ral de la pr\u00e9fecture de la C\u00f4te-d'Or seront\nexerc\u00e9s par Madame Amelle GHAYOU, sous-pr\u00e9f\u00e8te,  charg\u00e9e de mission apr\u00e8s du\npr\u00e9fet de r\u00e9gion Bourgogne-Franche-Comt\u00e9, pr\u00e9fet de la C\u00f4te-d'Or, secr\u00e9taire g\u00e9n\u00e9rale\nadjointe de la pr\u00e9fecture de la C\u00f4te d'Or.\nEn cas d'absence ou d'emp\u00eachement concomitants de Monsieur Johann MOUGENOT\net de Madame Amelle GHAYOU, les pouvoirs et fonctions de secr\u00e9taire g\u00e9n\u00e9ral de la\npr\u00e9fecture de la C\u00f4te d'Or seront exerc\u00e9s par Monsieur  Olivier GERSTL\u00c9,  sous-\npr\u00e9fet, directeur de cabinet du pr\u00e9fet de la r\u00e9gion Bourgogne-Franche-Comt\u00e9, pr\u00e9fet de\nla C\u00f4te-d'Or\nPendant  ladite  p\u00e9riode  d'absence  ou  d'emp\u00eachement  de  Monsieur  Johann\nMOUGENOT,  Madame  Amelle  GHAYOU  et,  en  son  absence  ou  emp\u00eachement,\nMonsieur Olivier GERSTL\u00c9, exerceront, outre les attributions conf\u00e9r\u00e9es par les lois et\nr\u00e8glements aux secr\u00e9taires g\u00e9n\u00e9raux de pr\u00e9fecture, la d\u00e9l\u00e9gation de signature d\u00e9finie \u00e0\nl'article 2 du pr\u00e9sent arr\u00eat\u00e9 au profit de Monsieur Johann MOUGENOT .\nArticle 4 : En cas d'absence ou d'emp\u00eachement de Monsieur Johann MOUGENOT, de\nMadame Amelle GHAYOU et de Monsieur Olivier GERSTL\u00c9,  les pouvoirs et fonctions\nde secr\u00e9taire g\u00e9n\u00e9ral de la pr\u00e9fecture de la C\u00f4te-d'Or seront exerc\u00e9s par  Monsieur\nBeno\u00eet BYRSKI , sous-pr\u00e9fet de Beaune ou, en son absence ou emp\u00eachement, par\nMonsieur S\u00e9bastien LANOYE, sous-pr\u00e9fet de Montbard.\n2/3\nPr\u00e9fecture de la C\u00f4te-d'Or - 21-2024-01-18-00003 - Arr\u00eat\u00e9 pr\u00e9fectoral n\u00b0 147 / SG du 18 janvier 2024\ndonnant d\u00e9l\u00e9gation de signature \u00e0 Monsieur Johann MOUGENOT,\nsecr\u00e9taire g\u00e9n\u00e9ral de la pr\u00e9fecture de la C\u00f4te d\u25a1Or\n41\nPendant  ladite  p\u00e9riode  d'absence  ou  d'emp\u00eachement  de  Monsieur  Johann\nMOUGENOT,  de  Madame  Amelle  GHAYOU  et  de  Monsieur  Olivier  GERSTL\u00c9,\nMonsieur  Beno\u00eet  BYRSKI ,  sous-pr\u00e9fet  de  Beaune,  ou,  en  son  absence  ou\nemp\u00eachement,  Monsieur  S\u00e9bastien  LANOYE,  sous-pr\u00e9fet  de  Montbard  exerceront,\noutre les attributions conf\u00e9r\u00e9es par les lois et r\u00e8glements aux secr\u00e9taires g\u00e9n\u00e9raux de\npr\u00e9fecture, la d\u00e9l\u00e9gation de signature d\u00e9finie \u00e0 l'article 2 du pr\u00e9sent arr\u00eat\u00e9 au profit de\nMonsieur Johann MOUGENOT.\nArticle 5 : Le pr\u00e9sent arr\u00eat\u00e9 prendra effet le jeudi 25 janvier 2024.\nArticle  6 : Le  secr\u00e9taire g\u00e9n\u00e9ral de  la  pr\u00e9fecture  de  la C\u00f4te-d'Or, la  sous-pr\u00e9f\u00e8te,\ncharg\u00e9e de mission  apr\u00e8s du pr\u00e9fet de r\u00e9gion Bourgogne-Franche-Comt\u00e9, pr\u00e9fet de la\nC\u00f4te-d'Or, secr\u00e9taire g\u00e9n\u00e9rale adjointe de la pr\u00e9fecture de la C\u00f4te d'Or,  le directeur de\ncabinet du pr\u00e9fet de la r\u00e9gion Bourgogne-Franche-Comt\u00e9, pr\u00e9fet de la C\u00f4te-d'Or, le\nsous-pr\u00e9fet de Beaune, le sous-pr\u00e9fet de Montbard  sont charg\u00e9s, de l'ex\u00e9cution du\npr\u00e9sent arr\u00eat\u00e9 qui sera publi\u00e9 au recueil des actes administratifs de la pr\u00e9fecture de la\nC\u00f4te-d'Or.\nFait \u00e0 Dijon, le 18 janvier 2024\nLe pr\u00e9fet,\nSign\u00e9 :\nFranck ROBINE\n3/3\nPr\u00e9fecture de la C\u00f4te-d'Or - 21-2024-01-18-00003 - Arr\u00eat\u00e9 pr\u00e9fectoral n\u00b0 147 / SG du 18 janvier 2024\ndonnant d\u00e9l\u00e9gation de signature \u00e0 Monsieur Johann MOUGENOT,\nsecr\u00e9taire g\u00e9n\u00e9ral de la pr\u00e9fecture de la C\u00f4te d\u25a1Or\n42\nPr\u00e9fecture de la C\u00f4te-d'Or\nP\u00f4le juridique inter-services\n21-2024-01-18-00005\nArr\u00eat\u00e9 pr\u00e9fectoral N\u00b0 155 / SG du  18 janvier\n2024 donnant  d\u00e9l\u00e9gation de signature en\nmati\u00e8re de gestion des budgets op\u00e9rationnels\n104-111-112-113-119-122-124-129-135-137-147-148-1\n61-163-172-181-206-207-209-215-216-217-218-219-\n232-303-348-349-354-357-362-363-364-380-723-7\n54-780-833  des fonds europ\u00e9ens et des recettes\nnon fiscales\nPr\u00e9fecture de la C\u00f4te-d'Or - 21-2024-01-18-00005 - Arr\u00eat\u00e9 pr\u00e9fectoral N\u00b0 155 / SG du  18 janvier 2024 donnant  d\u00e9l\u00e9gation de signature\nen mati\u00e8re de gestion des budgets op\u00e9rationnels\n104-111-112-113-119-122-124-129-135-137-147-148-161-163-172-181-206-207-209-215-216-217-218-219-232-303-348-349-354-357-362-363-3\n64-380-723-754-780-833  des fonds europ\u00e9ens et des recettes non fiscales\n43\nEx SECR\u00c9TARIAT G\u00c9N\u00c9RALI Direction de la coordination des politiques publiques\u00c8I\u00c8E\u00cb/-ET et de l'appui territorialC\u00d4TE-D'ORLibert\u00e9\u00c9galit\u00e9Fraternit\u00e9\nArr\u00eat\u00e9 pr\u00e9fectoral N\u00b0 155 / SG du 18janvier 2024 donnant d\u00e9l\u00e9gation de signature enmati\u00e8re de gestion des budgets op\u00e9rationnels 104-111-112-113-119-122-124-129-135-137-147-148-161-163-172-181-206-207-209-215-216-217-218-219-232-303-348-349-354-357-362-363-364-380-723-754-780-833 des fonds europ\u00e9ens et des recettes nonfiscales Le pr\u00e9fet de la C\u00f4te-d'Or\nVu la loi n\u00b0 85,1098 du 11 octobre 1985 relative \u00e0 la prise en charge par l'\u00c9tat, les d\u00e9partementset les r\u00e9gions des d\u00e9penses de personnel, de fonctionnement et d'\u00e9quipement des servicesplac\u00e9s sous leur autorit\u00e9;Vu le d\u00e9cret n\u00b0 2004-374 du 29 avril 2004 relatif aux pouvoirs des pr\u00e9fets, \u00e0 lorgamsatlon et \u00e0l'action des services de l'\u00c9tat dans les reglons et d\u00e9partements, modifi\u00e9 par le d\u00e9cret n\u00b0 2010-146 du 16 f\u00e9vrier 2010 et par le d\u00e9cret n\u00b0 2010-687 du 24jjuin 2010;Vu le d\u00e9cret n\u00b0 2009-176 du 16 f\u00e9vrier 2009 modifiant le d\u00e9cret n\u00b0 64- 805 du 29 juillet 1964fixant les dispositions r\u00e9glementaires applicables aux pr\u00e9fets et le d\u00e9cret n\u00b0 2004-374 du 29avril 2004 relatif aux pouvoirs des pr\u00e9fets, \u00e0-l'organisation et \u00e0 l'action des services de I'Etatdans les r\u00e9gions et d\u00e9partements;|Vu le d\u00e9cret du 26 septembre 2022 nommant Monsieur Franck ROBINE, pr\u00e9fet de la r\u00e9gionBourgogne-Franche-Comt\u00e9, pr\u00e9fet dela C\u00f4te-d'Or (hors classe) ;Vu le d\u00e9cret du 3 janvier 2024 nommant Monsieur Johann MOUGENOT, sous pr\u00e9fet, secr\u00e9taireg\u00e9n\u00e9ralde la pr\u00e9fecture de la C\u00f4te d'Or, sous-pr\u00e9fet de Dijon (classe fonctionnelle Il) ;Vu le d\u00e9cret du 29 d\u00e9cembre 2022 nommant Madame Amelle GHAYOU, administratriceterritoriale, sous-pr\u00e9f\u00e8te charg\u00e9e de mission aupr\u00e8s du pr\u00e9fet de r\u00e9gion Bourgogne-Franche-Comt\u00e9, pr\u00e9fet de la C\u00f4te d'Or;Vu Le d\u00e9cret du 16 ao\u00fbt 2022 portant nomination de Monsieur Olivier GERSTL\u00c9 en qualit\u00e9 desous-pr\u00e9fet, directeur de cabinet du pr\u00e9fet de la r\u00e9gion Bourgogne-Franche-Comt\u00e9, pr\u00e9fet de laC\u00f4te-d'Or;Vu le d\u00e9cret du 6 juillet 2023 portant nomination de Monsieur Beno\u00eet BYRSKI, sous-pr\u00e9fet deBeaune;Vu le d\u00e9cret du 17 novembre 2023 portant nomination de M. S\u00e9bastien LANOYE, sous-pr\u00e9fetde Montbard ;\n1/3\nPr\u00e9fecture de la C\u00f4te-d'Or - 21-2024-01-18-00005 - Arr\u00eat\u00e9 pr\u00e9fectoral N\u00b0 155 / SG du  18 janvier 2024 donnant  d\u00e9l\u00e9gation de signature\nen mati\u00e8re de gestion des budgets op\u00e9rationnels\n104-111-112-113-119-122-124-129-135-137-147-148-161-163-172-181-206-207-209-215-216-217-218-219-232-303-348-349-354-357-362-363-3\n64-380-723-754-780-833  des fonds europ\u00e9ens et des recettes non fiscales\n44\nArticle 2 : D\u00e9l\u00e9gation de signature et de gestion est donn\u00e9e aux membres du corps pr\u00e9fectoralet aux agents mentionn\u00e9s dans le tableau en annexe 1 du pr\u00e9sent arr\u00e9t\u00e9 dans les conditions etlimites pr\u00e9vues, pour I'ex\u00e9cution des d\u00e9penses au titre des BOP 104-111-112-113-119-122-124-129-135-137-147-148-161-163-172-181-206-207-209-215-216-217-218-219-232-303-348-349-354-357-362-363-364-380-723-754-780-833, des fonds europ\u00e9ens et des recettes non fiscales.\nArticle 3 : Le secr\u00e9taire g\u00e9n\u00e9ral de la pr\u00e9fecture de la C\u00f4te-d'Or, le directeur r\u00e9gional desfinances. publiques, les membres du corps pr\u00e9fectoral ainsi que les agents mentionn\u00e9s dansl'annexe vis\u00e9e \u00e0 l'article 2, sont charg\u00e9s, chacun en ce qui le concerne, de I'ex\u00e9cution dupr\u00e9sent arr\u00eat\u00e9 qui sera publi\u00e9 au recueil des actes administratifs de la pr\u00e9fecture de la C\u00f4te-d'Or.\nFait \u00e0 Dijon, le 18/01/24\nLe pr\u00e9fet\nSIGNE\nFranck ROBINE\n3/3\nPr\u00e9fecture de la C\u00f4te-d'Or - 21-2024-01-18-00005 - Arr\u00eat\u00e9 pr\u00e9fectoral N\u00b0 155 / SG du  18 janvier 2024 donnant  d\u00e9l\u00e9gation de signature\nen mati\u00e8re de gestion des budgets op\u00e9rationnels\n104-111-112-113-119-122-124-129-135-137-147-148-161-163-172-181-206-207-209-215-216-217-218-219-232-303-348-349-354-357-362-363-3\n64-380-723-754-780-833  des fonds europ\u00e9ens et des recettes non fiscales\n45\nANNEXE1\u00e0l'arr\u00eat\u00e9pr\u00e9fectoralN\u00b0155/SGdu18janvier2024DELEGATIONDESIGNATUREENMATIEREDEGESTIONDEL'UNIT\u00c9OP\u00c9RATIONNELLED\u00c9PARTEMENTALEDELACOTED'ORETDESBUDGETSO_umm>._._ozzm_.mDEPROGRAMMEREGIONAL104-111-112-113-119-122-124-129-135-137-147-148-161-163-172-181-206-207-209-215-216-217-218-219-232-303-348-349-354-357-362-363-364-380-723-754-780-833,desfondseurop\u00e9ensetdesrecettesnonfiscales\u00ce....mflOz.BUDG\u00c9TAIREETCOMPTABLE1-CENTREDESERVICESPARTAG\u00c9SREGIONAL\n4\u00cbValidationdeI'engagementjuridiqueCertificationdu\u00abservicefait\u00bbdansChorussurlabasedela\u00abconstatationduservicefait\u00bb\u00e9tablieparlescentresprescripteursM.EddyGAFFIOTchefduCentredeMmeC\u00e9lineJOUVENCEAUXadjointeauServicesPartag\u00e9sR\u00e9gionalCHORUSresponsableduCSPRCHORUS,cheffedu|MmeNathalieBORNOTCheffedup\u00f4lep\u00f4lesubventionsrecettes:commandepubliqueprojetscomplexesM.OlivierSOUPRAYENValideurDP,RNF,EJMmeAur\u00e9lieOLIVIERValideuseDP,RNF,EJMPatrickSCHOUMAKERGestionnaireM.EddyGAFFIOTchefduCentredemm\u00e4_om\u0153MmeChristelleDUVOIXGestionnairePartag\u00e9sR\u00e9gionalCHORUS'MmeBouchraPAGANTGestionnaireMmeC\u00e9lineJOUVENCEAUXadjointeauMmeMurielDEMORGestionnaireresponsableduCSPRCHORUS,cheffeduMmeB\u00e9atriceLAVALETTEGestionnairep\u00f4lesubventionsrecettesMmeRachelMAILLARDGestionnaire|MmeC\u00e9liaMOREAUXResponsablequalit\u00e9|etperformanceValidationdesamBm:ammdeum_m\u00e2m:\"etdesrecettesnonfiscales|MmeC\u00e9lineJOUVENCEAUXadjointeau'M.EddyGAFFIOTchefduCentredeServicesresponsableduCSPRCHORUS,cheffeduPartag\u00e9sR\u00e9gionalCHORUSp\u00f4lesubventionsrecettes\u2014MmeNathalieBORNOTCheffedup\u00f4leM.OlivierSOUPRAYENValideurDP,RNF,EJcommandepubliqueprojetscomplexesMmeAur\u00e9lieOLIVIERValideuseDP,RNF,EJ\n1/28\nPr\u00e9fecture de la C\u00f4te-d'Or - 21-2024-01-18-00005 - Arr\u00eat\u00e9 pr\u00e9fectoral N\u00b0 155 / SG du  18 janvier 2024 donnant  d\u00e9l\u00e9gation de signature\nen mati\u00e8re de gestion des budgets op\u00e9rationnels\n104-111-112-113-119-122-124-129-135-137-147-148-161-163-172-181-206-207-209-215-216-217-218-219-232-303-348-349-354-357-362-363-3\n64-380-723-754-780-833  des fonds europ\u00e9ens et des recettes non fiscales\n46\nANNEXE1\u00e0l'arr\u00eat\u00e9pr\u00e9fectoralN\u00b0155/SGdu18janvier2024D\u00c9L\u00c9GATIONDESIGNATUREENMATI\u00c8REDEGESTIONDEL'UNITEOPERATIONNELLE|D\u00c9PARTEMENTALEDELAC\u00d4TED'ORETDESBUDGETSOP\u00c9RATIONNELSDEPROGRAMMER\u00c9GIONAL104-111-112-113-119-122-124-129-135-137-147-148-161-163-172-181-206-207-209-215-216-217-218-219-232-303-348-349-354-357-362-363-364-380-723-754-780-833,desfondseurop\u00e9ensetdesrecettesnonfiscalesGESTIONBUDG\u00c9TAIREETCOMPTABLE|-CENTREDESERVICESPARTAG\u00c9SREGIONALCHORUSValidationdel'engagementjuridiqueCertificationdu\u00abservicefait\u00bbdansChorussurla|basedela\u00abconstatationduservicefait\u00bb\u00e9tablieparlescentresprescripteursM.EddyGAFFIOTchefduCentredeMmeC\u00e9lineJOUVENCEAUXadjointeauServicesPartag\u00e9sR\u00e9gionalCHORUS\\responsableduCSPRCHORUS,cheffeduMmeNathalieBORNOTCheffedup\u00f4lep\u00f4lesubventionsrecettes|commandepubliqueprojetscomplexesM.OlivierSOUPRAYENValideurDP,RNF,EJ|MmeAur\u00e9lieOLIVIERValideuseDP,RNF,EJ|MPatrickSCHOUMAKERGestionnaireM.EddyGAFFIOTchefduCentredeServicesMmeChristelleDUVOIXGestionnairePartag\u00e9sR\u00e9gionalCHORUSMmeBouchraPAGANTGestionnaireMmeC\u00e9lineJOUVENCEAUXadjointeauMmeMurielDEMORGestionnaire--.'responsableduCSPRCHORUS,cheffeduMmeB\u00e9atriceLAVALETTEGestionnairep\u00f4lesubventionsrecettesMmeRachelMAILLARDGestionnaireMmeC\u00e9liaMOREAUXResponsablequalit\u00e9etperformanceValidationdesdemandesdeumi...m\u00e4m:\\...etdes_.momflmmnonfiscalesMmeC\u00e9lineJOUVENCEAUXadjointeauM.EddyGAFFIOTchefduCentredeServicesresponsableduCSPRCHORUS,cheffeduPartag\u00e9sR\u00e9gionalCHORUS.p\u00f4lesubventionsrecettesMmeNathalieBORNOTCheffedup\u00f4leM.OlivierSOUPRAYENValideurDP,RNF,EJ|commandepubliqueprojetscomplexesMmeAur\u00e9lieOLIVIERValideuseDP,RNF,EJ\n1/28\nPr\u00e9fecture de la C\u00f4te-d'Or - 21-2024-01-18-00005 - Arr\u00eat\u00e9 pr\u00e9fectoral N\u00b0 155 / SG du  18 janvier 2024 donnant  d\u00e9l\u00e9gation de signature\nen mati\u00e8re de gestion des budgets op\u00e9rationnels\n104-111-112-113-119-122-124-129-135-137-147-148-161-163-172-181-206-207-209-215-216-217-218-219-232-303-348-349-354-357-362-363-3\n64-380-723-754-780-833  des fonds europ\u00e9ens et des recettes non fiscales\n47\nANNEXE1\u00e0l'arr\u00eat\u00e9pr\u00e9fectoralN\u00b0155/SGdu18janvier2024D\u00c9L\u00c9GATIONDESIGNATUREENMATI\u00c8REDEGESTIONDEL'UNIT\u00c9OP\u00c9RATIONNELLED\u00c9PARTEMENTALEDELAC\u00d4TED'ORETDESBUDGETSOP\u00c9RATIONNELSDEPROGRAMMER\u00c9GIONAL104-111-112-113-119-122-124-129-135-137-147-148-161-163-172-181-206-207-209-215-216-217-218-219-232-303-348-349-354-357-362-363-364-380-723-754-780-833,desfondseurop\u00e9ensetdesrecettesnonfiscalesQmm._._OzmCUQm._.>=flmETCOMPTABLE|-CENTREDESERVICESPARTAG\u00c9SR\u00c9GIONAL\nCHORUSValidationdel'engagementjuridiqueM.EddyGAFFIOTchefduCentrede.ServicesPartag\u00e9sR\u00e9gionalCHORUSMmeNathalieBORNOTCheffedup\u00f4lecommandepubliqueprojetscomplexesMmeC\u00e9lineJOUVENCEAUXadjointeau\\responsableduCSPRCHORUS,cheffedup\u00f4lesubventionsrecettes-M.OlivierSOUPRAYENValideurDP,RNF,EJMmeAur\u00e9lieOLIVIERValideuseDP,RNF,EJCertificationdu\u00abservicefait\u00bbdansChorussurlaMPatrickSCHOUMAKERGestionnaire\\_om\u0153mdela\u00abconstatationduservicefait\u00bb\u00e9tabliepar|MmeChristelleDUVOIXGestionnairelescentresprescripteursMmeBouchraPAGANTGestionnaireMmeMurielDEMORGestionnaireMmeB\u00e9atriceLAVALETTEGestionnaireMmeRachel!MAILLARDGestionnaireMmeC\u00e9liaMOREAUXResponsablequalit\u00e9etperformance...M.EddyGAFFIOTchefduCentredeServicesPartag\u00e9sR\u00e9gionalCHORUS|MmeC\u00e9lineJOUVENCEAUXadjointeau-|responsableduCSPRCHORUS,cheffedup\u00f4lesubventionsrecettesValidationdesdemandesdepaiementetdesrecettes|MmeC\u00e9lineJOUVENCEAUXadjointeaunonfiscalesresponsableduCSPRCHORUS,cheffedup\u00f4lesubventionsrecettes'M.OlivierSOUPRAYENValideurDP,RNF,EJMmeAur\u00e9lieOLIVIERValideuseDP,RNF,EJ\n1/28\nM.EddyGAFFIOTchefduCentredeServicesPartag\u00e9sR\u00e9gionalCHORUS|MmeNathalieBORNOTCheffedup\u00f4lecommandepubliqueprojetscomplexes\nPr\u00e9fecture de la C\u00f4te-d'Or - 21-2024-01-18-00005 - Arr\u00eat\u00e9 pr\u00e9fectoral N\u00b0 155 / SG du  18 janvier 2024 donnant  d\u00e9l\u00e9gation de signature\nen mati\u00e8re de gestion des budgets op\u00e9rationnels\n104-111-112-113-119-122-124-129-135-137-147-148-161-163-172-181-206-207-209-215-216-217-218-219-232-303-348-349-354-357-362-363-3\n64-380-723-754-780-833  des fonds europ\u00e9ens et des recettes non fiscales\n48\nGESTIONBUDG\u00c9TAIREETCOMPTABLEIl\u2014SECR\u00c9TARIATGENERALDanslecadredeCHORUSDT:Mme\u00c9dithPERRON,conseill\u00e8retechniqueFraisded\u00e9placementpourlesassistantessocialesde|r\u00e9gionalelar\u00e9gionBourgogne-Franche-Comt\u00e9:ordrede|missionet\u00e9tatdefrais'M.JohannMOUGENOT,secr\u00e9taireg\u00e9n\u00e9ralMmeAmelleGHAYOU,secr\u00e9taire-g\u00e9n\u00e9raleadjointeM.Jean-YvesAPPLENCOURT,adjointauchefdeserviceBudgetAchat\u2014.|M.BilloDIALLOCharg\u00e9demissionadjointau||budgetServiceBudgetAchat(\u00e0compterdu09/10/2023)MmeRachelBOITTEUX,chefduserviceBudgetAchatM.R\u00e9miBARRIER,chefdep\u00f4leService|BudgetAchatMmeMartineTHUNOT,cheffedep\u00f4leService|BudgetAchatDanslecadredeCHORUSDT:MmeRachelBOITTEUX,chefduserviceD\u00e9cisionsded\u00e9pensesetderecettesconcernantles|BudgetAchattransportsetl'h\u00e9bergement(ycomprispourlaformation)IlR\u00c9SIDENCEDUPREFET_Umo_m_o:.mded\u00e9pensesetderecettesetcertificationR\u00e9serv\u00e9es\u00e0lasignaturededeservicefaitquelquesoitlemontantM.FranckROBINE,Pr\u00e9fetM.Jean-YvesAPPLENCOURT,adjointauchefdeserviceBudgetAchatM.BilloDIALLOCharg\u00e9demissionadjointaubudgetServiceBudgetAchat(\u00e0compterdu09/10/2023)M.R\u00e9miBARRIER,chefdep\u00f4leServiceBudgetAchatMmeMartineTHUNOT,cheffedep\u00f4leService|BudgetAchatSaisiedansChorusFormulaireamw\\_u>et|certificationdesSF:_<_mmn_m3.m_mCaroleRATEL,EvelyneFABRI(suppl\u00e9ance).\n3/28\nPr\u00e9fecture de la C\u00f4te-d'Or - 21-2024-01-18-00005 - Arr\u00eat\u00e9 pr\u00e9fectoral N\u00b0 155 / SG du  18 janvier 2024 donnant  d\u00e9l\u00e9gation de signature\nen mati\u00e8re de gestion des budgets op\u00e9rationnels\n104-111-112-113-119-122-124-129-135-137-147-148-161-163-172-181-206-207-209-215-216-217-218-219-232-303-348-349-354-357-362-363-3\n64-380-723-754-780-833  des fonds europ\u00e9ens et des recettes non fiscales\n49\n_mmmq_oz'mccomfi_xmETCOMPTABLEVIl-R\u00c9SIDENCESOUS-PREFECTUREDEBEAUNED\u00e9cisionsded\u00e9pensesetrecettes-certificationduservicefait|M.BenoitBYRSKI,sous-pr\u00e9fetdeBeauneSaisiedanso:oEm\\_uo:jc_m:mdesDAetcertificationdesSF.:MesdamesMarieFETEIRAetFlorineCAILLOT\n__....\\___R\u00c9SIDENCESOUS-PR\u00c9FECTUREMONTBARDD\u00e9cisionsded\u00e9pensesetrecettes-certificationduservicefait_M.S\u00e9bastienLANOYE,sous-pr\u00e9fetdeMontbard\n_mm_m...mdansChorusFormulairedesDAetcertificationdesSF:MesdamesNo\u00e9miePERNETetEstelleVIOLET\nIX\u2014SERVICESADMINISTRATIFSDELASOUS-PR\u00c9FECTUREDEBEAUNED\u00e9cisionsded\u00e9pensesetrecettesrelativesauxfraisderepr\u00e9sentationdusecr\u00e9taireg\u00e9n\u00e9raletcertificationduservicefaitDanslecadredeCHORUSDT:Fraisded\u00e9placement(ycomprisformation),ordresdemissionet\u00e9tatsdefrais-\nM.LaurentBOILLEE,secr\u00e9taireg\u00e9n\u00e9ralde:msous-pr\u00e9fecturedeBeaunew\\_Benoit\u0153<mm_A_.\\\u0153ocm-_...\u00e4\u00eewmmmcsm\nBeaune\nSaisiedansChorusFormulairedesDAetcertificationdesSF:MesdamesMarie|FETEIRAetFlorineCAILLOTM.LaurentBOILL\u00c9E,secr\u00e9taireg\u00e9n\u00e9raldela|sous-pr\u00e9fecturedeBeaune\u00ce\u00e2mLa\u00eflaBENJDIR,secr\u00e9taireg\u00e9n\u00e9raleadjointeD\u00e9cisionsded\u00e9pensesetrecettes-certificationdu|servicefaitM.BenoitBYRSKI,sous-pr\u00e9fet.deBeaune\n5/28\nM.LaurentBOILL\u00c9E,secr\u00e9taireg\u00e9n\u00e9raldelasous-pr\u00e9fecturedeBeauneSaisiedansChorusFormulairedesDAetcertificationdesSF:MesdamesMarieFETEIRAetFlorineCAILLOT.MmeMoniqueFIORE,MmeMartineTHUNOTetM.S\u00e9bastienCOURTILLAT,M.JorisMARCHAND\nPr\u00e9fecture de la C\u00f4te-d'Or - 21-2024-01-18-00005 - Arr\u00eat\u00e9 pr\u00e9fectoral N\u00b0 155 / SG du  18 janvier 2024 donnant  d\u00e9l\u00e9gation de signature\nen mati\u00e8re de gestion des budgets op\u00e9rationnels\n104-111-112-113-119-122-124-129-135-137-147-148-161-163-172-181-206-207-209-215-216-217-218-219-232-303-348-349-354-357-362-363-3\n64-380-723-754-780-833  des fonds europ\u00e9ens et des recettes non fiscales\n50\n'GESTIONBUDG\u00c9TAIREETCOMPTABLE'Danslecadredechorus-DT:M.OlivierGERSTLE,directeurdecabinetFraisded\u00e9placement(ycomprisformation)pourlesagentsducabinetetdeladirectiondess\u00e9curit\u00e9s:ordresdemissionet\u00e9tatsdefrais\u00c9lections\u2014fraisdebouche:d\u00e9cisionsded\u00e9penseset|M.OlivierOm_\u00bbm._._.m.,Q:mofiwc,qdecabinetrecettes-certificationduservicefaitd\u00e9pensesetcertificationduservicefaitFraisdeUocm.m(exercicesdea&m.:\u0153\u0153v:amo...\u0153...m:mde|M.%59GERSTL\u00c9,directeurdecabinet._<_.Johann_\u00c7_Oco_...zo\\._._secr\u00e9taireg\u00e9n\u00e9ralMmeNathalieAUBERTIN,Directricedess\u00e9curit\u00e9sMmeVal\u00e9rieMALATY,chefdubureaudelarepr\u00e9sentationdel'\u00c9tat|MmeC\u00e9cileHERMIER,chefduservicer\u00e9gionaletd\u00e9partementaldelacommunicationinterminist\u00e9rielleMesdamesCaroleRATELet\u00c9velyneFABRI'MmeVal\u00e9rieMALATY,chefdubureaudela\\repr\u00e9sentationdeI'Etat._<_3m\u00c8:m:m>cwwm4_z.U..._.mofiomdess\u00e9curit\u00e9s|SaisiedansChorusFormulairedesDAetcertificationdesSF:MesdamesH\u00e9l\u00e9neTURLIER,ClaireTAINTURIER,Laurence\\GRANGER,MoniqueFIORE,Martine|THUNOT.MessieursR\u00e9miBARRIERetS\u00e9bastienCOURTILLAT,'M.JorisMARCHANDD\u00e9cisionsded\u00e9pensesetrecettesrelativesauxfraisz...B\u0153NathalieAUBERTIN,D:.mo\u00eeo...wm@,mderepr\u00e9sentationdudirecteurdess\u00e9curit\u00e9sets\u00e9curit\u00e9scertificationdeservicefait\n1128\nSaisiedansChorusFormulairedesDAetcertificationdesSF:MesdamesH\u00e9l\u00e8ne\u00ee_.c_\u00bb,_._m_flClaireTAINTURIER,LaurenceGRANGER,MoniqueFIORE,MartineTHUNOT.MessieursR\u00e9miBARRIERetS\u00e9bastienCOURTILLAT,M.JorisMARCHAND\nPr\u00e9fecture de la C\u00f4te-d'Or - 21-2024-01-18-00005 - Arr\u00eat\u00e9 pr\u00e9fectoral N\u00b0 155 / SG du  18 janvier 2024 donnant  d\u00e9l\u00e9gation de signature\nen mati\u00e8re de gestion des budgets op\u00e9rationnels\n104-111-112-113-119-122-124-129-135-137-147-148-161-163-172-181-206-207-209-215-216-217-218-219-232-303-348-349-354-357-362-363-3\n64-380-723-754-780-833  des fonds europ\u00e9ens et des recettes non fiscales\n51\nGESTIONBUDGETAIREETCOMPTABLE|C\u00e9r\u00e9moniespubliquesAmommfideBmam___mmvflwo_m_o:mded\u00e9pensesetderecettesetcertificationduservice\nfait\nMmeOmo..._m\\Imm\u00e4_mm_cheffeduservice'r\u00e9gionaletd\u00e9partementaldelacommunicationinterminist\u00e9riellePoliceadministrative:d\u00e9cisionsded\u00e9pensesetrecettes,certificationdeservicefaitpourlesvacationsdesmembresdelacommissiondevid\u00e9o-surveillanceM.JorisMARCHANDM.OlivierGERSTL\u00c9,directeurdecabinetSaisiedansChorusFormulairedesDAetcertificationdesSF:M.J\u00e9r\u00f4meCOLIN,MesdamesH\u00e9l\u00e8neTURLIER,ClaireTAINTURIER,LaurenceGRANGER,MoniqueFIORE,MartineTHUNOT.MessieursR\u00e9miBARRIERetS\u00e9bastienCOURTILLAT,'M.JorisMARCHAND'M.OlivierGERSTL\u00c9,directeurdecabinetM.J\u00e9r\u00f4meCOLIN,adjointauchefduservicer\u00e9gionaletd\u00e9partementaldelacommunicationinterminist\u00e9rielle|SaisiedansChorusFormulairedesDAetcertificationdesSF:M.J\u00e9r\u00f4meCOLIN,!MesdamesH\u00e9i\u00e8neTURLIER,ClaireTAINTURIER,LaurenceGRANGER,MoniqueFIORE,MartineTHUNOT.MessieursR\u00e9miBARRIERetS\u00e9bastienCOURTILLAT,Fondsinterminist\u00e9rieldepr\u00e9ventiondelad\u00e9linquanceMissioninterminist\u00e9rielledeluttecontredroguesetconduitesaddictives:d\u00e9cisionsded\u00e9penses\u2014subventionsDanslecadredeCHORUSformulaires:Fondsinterminist\u00e9rieldepr\u00e9ventiondelad\u00e9linquanceMissioninterminist\u00e9rielledeluttecontrelesdroguesetlesconduitesaddictives:certificationduservicefaitM.OlivierGERSTL\u00c9,directeurdecabinetM.JohannMOUGENOT,secr\u00e9taireg\u00e9n\u00e9ral{MmeSandrineDASILVA,charg\u00e9edemissionpr\u00e9ventiond\u00e9linquance9/28\nMesdamesS\u00e9verineLACROIXetAna\u00efsGASPALON\nPr\u00e9fecture de la C\u00f4te-d'Or - 21-2024-01-18-00005 - Arr\u00eat\u00e9 pr\u00e9fectoral N\u00b0 155 / SG du  18 janvier 2024 donnant  d\u00e9l\u00e9gation de signature\nen mati\u00e8re de gestion des budgets op\u00e9rationnels\n104-111-112-113-119-122-124-129-135-137-147-148-161-163-172-181-206-207-209-215-216-217-218-219-232-303-348-349-354-357-362-363-3\n64-380-723-754-780-833  des fonds europ\u00e9ens et des recettes non fiscales\n52\nGESTIONBUDGETAIREETCOMPTABLETitresdeperceptiondesBOPvis\u00e9sentitredelapr\u00e9senteannexe,destaxesfiscalesaffect\u00e9es,despensionsalimentairesetdesconsignationsenvironnement,desd\u00e9gr\u00e8vementsderedevancesarch\u00e9ologiques-\u00e9tatr\u00e9capitulatifdescr\u00e9ancespourmiseenrecouvrement-lesadmissionsennon-valeurServicedesressourceshumaines'M.EddyGAFFIOT,Responsableducentrede|servicespartag\u00e9sr\u00e9gionalCHORUSM.SylvainGALIMARD,DirecteurduSecr\u00e9tariatG\u00e9n\u00e9ralCommunMmeC\u00e9lineJOUVENCEAUXadjointauresponsableducentredeservicespartag\u00e9sr\u00e9gionalCHORUSMmeMarie-CarolineRIGAUD,DirectriceadjointeduSecr\u00e9tariatOmamfim_CommunD\u00e9cisionsded\u00e9pensesetderecettespourl''organisationdesconcours(locationsalles,publicit\u00e9,vacations)etler\u00e8glementdeshonorairesm\u00e9dicaux<\nSO00\u20ac\nMmeVal\u00e9rieMALATY,cheffedes_,.mmmn...c\u2014ommM.SylvainGALIMARD,DirecteurduhumainesSecr\u00e9tariatG\u00e9n\u00e9ralCommun,'MmeMarie-CarolineRIGAUD,DirectriceadjointeduSecr\u00e9tariatG\u00e9n\u00e9ralCommun,__<_3m\u00c9milieGAUDILLAT,adjointeauchefduservicedesressourceshumainesetdelaformationMmeChristelleTHEVENOT,cheffedep\u00f4le\nRHSaisiedansChorusFormulairedesDAetcertificationdesSF:MesdamesCoralieHAUTIER,MauraneHOUSNI,H\u00e9l\u00e9neTURLIER,ClaireTAINTURIER,MartineTHUNOT,LaurenceGRANGERetMoniqueFIORE,MessieursR\u00e9miBARRIERetS\u00e9bastienCOURTILLAT,M.JorisMARCHAND\n11/28\nPr\u00e9fecture de la C\u00f4te-d'Or - 21-2024-01-18-00005 - Arr\u00eat\u00e9 pr\u00e9fectoral N\u00b0 155 / SG du  18 janvier 2024 donnant  d\u00e9l\u00e9gation de signature\nen mati\u00e8re de gestion des budgets op\u00e9rationnels\n104-111-112-113-119-122-124-129-135-137-147-148-161-163-172-181-206-207-209-215-216-217-218-219-232-303-348-349-354-357-362-363-3\n64-380-723-754-780-833  des fonds europ\u00e9ens et des recettes non fiscales\n53\nGESTIONBUDGETAIREETCOMPTABLEmm_.<_nmnom:o:desoo\u00e4um\u2014\u0153:ommQVTFormationDmo_\u0153_o:mded\u00e9pensesetderecettesrelatives\u00e0la\nformation\n|MmeAmelleQI\u00bbWOC_secr\u00e9taire.@m:w\u2014m_madjointe;M.OlivierGERSTLE,directeurdecabinet..._<_.._o:m:m_,\\_Ocmma._....secr\u00e9taireg\u00e9n\u00e9ralSaisiedansChorusFormulairedesDAetcertificationdesSF:MesdamesEmmanuelleBONNARDOT,EricLATHUILLE,FabienneMERGEY,SophieL'EFEBVRE\u0152Mo...m...o:mded\u00e9pensesetderecettesrelatives\u00e0laformation<\u00e05000\u20acD\u00e9cisionsded\u00e9pensesetderecettesrelatives\u00e0la|formation<\u00e01000\u20acM.SylvainGALIMARD,DirecteurduSecr\u00e9tariatG\u00e9n\u00e9ralCommun,Mme_<_m_,_m-0m8__mmRIGAUD,DirectriceadjointeduSecr\u00e9tariatG\u00e9n\u00e9ralCommun,|SaisiedansChorusFormulairedesDAetcertification.desSF:MesdamesEmmanuelleBONNARDOT,Marie-CarolineRIGAUD,|SophieLEFEBVRE|MesdamesRachelBOITTEUXetMartineTHUNOT|MessieursR\u00e9miBARRIERetS\u00e9bastienOOCW.:_._.B.M.,_o_._m\u00ee>mOI>ZU_<_3m_uma_m:_._m_<_m_\u00bb0m<ma_o_:...mauchefacEric_.>._.Ic_rrmchefduserviceOOD<._.\nserviceGCQVT\\SaisiedansChorusFormulairedesDAetcertificationdesSF:MesdamesEmmanuelleA\u0153Ozz\u00e6,_......UO._.SophieLEFEBVRE|MesdamesRachelBOITTEUXetMartineTHUNOT,MessieursR\u00e9miBARRIERet\u0153\u0153amm\"_m:COURTILLAT,'M.JorisMARCHAND\n13/28\nPr\u00e9fecture de la C\u00f4te-d'Or - 21-2024-01-18-00005 - Arr\u00eat\u00e9 pr\u00e9fectoral N\u00b0 155 / SG du  18 janvier 2024 donnant  d\u00e9l\u00e9gation de signature\nen mati\u00e8re de gestion des budgets op\u00e9rationnels\n104-111-112-113-119-122-124-129-135-137-147-148-161-163-172-181-206-207-209-215-216-217-218-219-232-303-348-349-354-357-362-363-3\n64-380-723-754-780-833  des fonds europ\u00e9ens et des recettes non fiscales\n54\nGESTIONBUDGETAIREETCOMPTABLE|GUERIN,H\u00e9l\u00e8neTURLIER,ClaireTAINTURIER,MartineTHUNOT,LaurenceGRANGER,MoniqueFIORE,MessieursR\u00e9miBARRIERetS\u00e9bastienCOURTILLAT,'M.JorisMARCHANDD\u00e9cisionsded\u00e9pensesrelatives\u00e0I'actionsocialeet\u00e0lam\u00e9decinedepr\u00e9vention'M.JohannMOUGENOT,secr\u00e9taireg\u00e9n\u00e9ralMmeMarie-CarolineRIGAUD,DirectriceadjointeduSecr\u00e9tariatG\u00e9n\u00e9ralCommun(usqu'\u00e05000\u20ac),M.SylvainGALIMARD,DirecteurduSecr\u00e9tariatG\u00e9n\u00e9ralCommun(usqu'\u00e05000\u20ac),MmeRachelBOITTEUX,cheffeduservicebudgetachats(jusqu'\u00e01500\u20ac)|MmeMartineTHUNOTCheffedep\u00f4leServicebudgetachat(jusqu'\u00e01500\u20ac)MonsieurR\u00e9miBARRIERChefdep\u00f4leServicebudgetachat(jusqu'a1500\u20ac)\n|\nSaisiedansChorusFormulairedesDAetcertificationdesSF:MesdamesFlorence_<c__._.m_<__2'0m=:mMEILLIER,Isabelle\\GUERIN,\\H\u00e9l\u00e8neTURLIER,ClaireTAINTURIER,MartineTHUNOT,LaurenceGRANGER,MoniqueFIORE,MessieursR\u00e9miBARRIER'etS\u00e9bastienCOURTILLAT,'M.JorisMARCHAND\n15/28\nPr\u00e9fecture de la C\u00f4te-d'Or - 21-2024-01-18-00005 - Arr\u00eat\u00e9 pr\u00e9fectoral N\u00b0 155 / SG du  18 janvier 2024 donnant  d\u00e9l\u00e9gation de signature\nen mati\u00e8re de gestion des budgets op\u00e9rationnels\n104-111-112-113-119-122-124-129-135-137-147-148-161-163-172-181-206-207-209-215-216-217-218-219-232-303-348-349-354-357-362-363-3\n64-380-723-754-780-833  des fonds europ\u00e9ens et des recettes non fiscales\n55\n|GESTIONBUDG\u00c9TAIREETCOMPTABLE\n}\nD\u00e9cisionsded\u00e9pensesetdeqmomzmm\\m\u00e05000\u20acM.SylvainGALIMARD,DirecteurduSecr\u00e9tariatG\u00e9n\u00e9ralCommunMme\u00eem\u2014...m-\u00fbm\u2014o__wm.RIGAUD,Directrice|adjointeduSecr\u00e9tariatG\u00e9n\u00e9ralCommunMmeRachelBOITTEUX,cheffeduservicebudgetachats(jusqu'a1500\u20ac)|MmeMartineTHUNOT,Cheffedep\u00f4leservicebudgetachat(jusqu'\u00e01500\u20ac)MonsieurR\u00e9miBARRIER,Chefdep\u00f4leservicebudgetachat(jusqu'\u00e0'1500\u20ac)SaisiedansChorusFormulairedesDAetcertificationdesSF:MesdamesH\u00e9l\u00e8ne|TURLIER,ClaireTAINTURIER,LaurenceGRANGER,MoniqueFIORE,Martine|THUNOT,MessieursR\u00e9miBARRIER,'S\u00e9bastienCOURTILLAT,M:JorisMARCHAND\nD\u00e9cisionsded\u00e9pensesetderecettes<\u00e01500\u20acM.DidierPERALDI,chefduserviceLogistique,ImmobilieretServicesInternesMmeRachelBOITTEUX,cheffeduServiceBudgetAchatMmeMartineTHUNOT,Cheffedep\u00f4leservicebudgetachat_MonsieurR\u00e9miBARRIER,Chefdep\u00f4leservicebudgetachat17/28\nMmeMarie-CarolineRIGAUD,DirectriceadjointeduSecr\u00e9tariatG\u00e9n\u00e9ralCommunM.Jean-YvesAPPLENCOURT,adjointchef|duserviceBudgetAchat|M.BilloDIALLO,Charg\u00e9demissionadjointaubudgetServicebudgetachat|SaisiedansChorusFormulairedesDAetcertificationdesSF:MesdamesH\u00e9l\u00e8neTURLIER,ClaireTAINTURIER,Laurence\\GRANGER,MoniqueFIORE,MartineTHUNOT,MessieursR\u00e9miBARRIER,S\u00e9bastienCOURTILLAT,\nPr\u00e9fecture de la C\u00f4te-d'Or - 21-2024-01-18-00005 - Arr\u00eat\u00e9 pr\u00e9fectoral N\u00b0 155 / SG du  18 janvier 2024 donnant  d\u00e9l\u00e9gation de signature\nen mati\u00e8re de gestion des budgets op\u00e9rationnels\n104-111-112-113-119-122-124-129-135-137-147-148-161-163-172-181-206-207-209-215-216-217-218-219-232-303-348-349-354-357-362-363-3\n64-380-723-754-780-833  des fonds europ\u00e9ens et des recettes non fiscales\n56\nGESTIONBUDGETAIREETCOMPTABLETURLIER,ClaireTAINTURIER,LaurenceGRANGER,MoniqueFIORE,MartineTHUNOT,MessieursR\u00e9miBARRIERetS\u00e9bastienCOURTILLAT,M.JorisMARCHAND_Qm_.m@m:d\u00e9cisionsded\u00e9pensesetrecettes<\u00e02000\u20acM.SylvainGALIMARD,DirecteurduSecr\u00e9tariatG\u00e9n\u00e9ralCommunM.DidierPERALDI,chefdu.servicedupilotagebudg\u00e9taire,delalogistiqueetdupatrimoine,'MmeMarie-CarolineRIGAUD,DirectriceadjointeduSecr\u00e9tariatG\u00e9n\u00e9ralCommun,\n|\nSaisiedansChorusFormulairedesDAet|certificationdesSF:MesdamesH\u00e9l\u00e8neTURLIER,ClaireTAINTURIER,LaurenceGRANGER,MoniqueFIORE,MartineA._._._czOHMessieursR\u00e9miBARRIERetS\u00e9bastienCOURTILLAT,M.JorisMARCHAND\nGarage:certificationduservicefaitquelquesoitle\nmontant\nM.DidierPERALDI,chefduservice_.om...m:.o_cmImmobilierServicesInternesMmeMarie-CarolineRIGAUD,DirectriceadjointeduSecr\u00e9tariatG\u00e9n\u00e9ralCommun,MmeRachelBOITTEUX,cheffeduService|BudgetAchat'M.JeanYvesAPPLENCOURT,adjointauchefdeserviceBudgetAchat\u00cf__,\\_.\u0153...__oDIALLOCharg\u00e9demissionadjointaubudgetServiceBudgetAchat|SaisiedansChorusFormulairedesDAet_omn..._fl_omzosdesSF:MesdamesH\u00e9l\u00e8ne||TURLIER,ClaireTAINTURIER,LaurenceGRANGER,MoniqueFIORE,Martine7THUNOT,MessieursR\u00e9miBARRIERetS\u00e9bastienCOURTILLAT,_M.JorisMARCHAND\n19/28\nPr\u00e9fecture de la C\u00f4te-d'Or - 21-2024-01-18-00005 - Arr\u00eat\u00e9 pr\u00e9fectoral N\u00b0 155 / SG du  18 janvier 2024 donnant  d\u00e9l\u00e9gation de signature\nen mati\u00e8re de gestion des budgets op\u00e9rationnels\n104-111-112-113-119-122-124-129-135-137-147-148-161-163-172-181-206-207-209-215-216-217-218-219-232-303-348-349-354-357-362-363-3\n64-380-723-754-780-833  des fonds europ\u00e9ens et des recettes non fiscales\n57\nGESTIONBUDGETAIREETCOMPTABLED\u00e9cisionsded\u00e9pensesetderecettesa_mzsmw.auSIDSIC<\u00e0500\u20acmo:mfi\\mfimzo:ame\u00ca...aMfaitsoitlemontant_,m_mEMcm:umo_quelncm_m|'M.Jean-ChristopheBRIOT,chefduSDISICM.Jean-LucJOBARD,adjointauchefdu\nSIDSICM.Jean-ChristopheBRIOT,chefduSDISIC\n21/28\n'M.JeanYvesAPPLENCOURT,adjointau%a_deserviceBudgetAchatM.BilloDIALLO,Charg\u00e9demissionadjointauAbudgetservicebudgetachatM.R\u00e9miBARRIER,chefdep\u00f4leservice_BudgetAchat'||MmeMartineTHUNOT,cheffedep\u00f4leservice|BudgetAchat|SaisiedansChorusFormulairedesDAetcertificationdesSF:MesdamesH\u00e9l\u00e9neTURLIER,ClaireTAINTURIER,LaurenceGRANGER,MoniqueFIORE,MartineTHUNOT,MessieursR\u00e9miBARRIERet|S\u00e9bastienCOURTILLAT,M.JorisMARCHANDM.Jean-LucJOBARD,adjointauchefdu\nSIDSICMmeRachelBOITTEUX,cheffeduService'BudgetAchat|M.JeanYvesAPPLENCOURT,adjointauchefdeserviceBudgetAchat'M.BilloDIALLOCharg\u00e9demissionadjointaubudgetservicebudgetachat|M.R\u00e9miBARRIER,chefdep\u00f4leService|BudgetAchatMmeMartineTHUNOT,cheffedep\u00f4leServiceBudgetAchat'SaisiedansChorusFormulairedesDAetcertificationdesSF:MesdamesH\u00e9l\u00e8neTURLIER,ClaireTAINTURIER,'LaurenceGRANGER,MoniqueFIORE,MartineTHUNOT,MessieursR\u00e9miBARRIERetS\u00e9bastienCOURTILLAT,M.JorisMarchand\nPr\u00e9fecture de la C\u00f4te-d'Or - 21-2024-01-18-00005 - Arr\u00eat\u00e9 pr\u00e9fectoral N\u00b0 155 / SG du  18 janvier 2024 donnant  d\u00e9l\u00e9gation de signature\nen mati\u00e8re de gestion des budgets op\u00e9rationnels\n104-111-112-113-119-122-124-129-135-137-147-148-161-163-172-181-206-207-209-215-216-217-218-219-232-303-348-349-354-357-362-363-3\n64-380-723-754-780-833  des fonds europ\u00e9ens et des recettes non fiscales\n58\n|GESTIONBUDGETAIREETCOMPTABLEXIV-DIRECTIONDESCOLLECTIVITESLOCALESETDESELECTIONS\n|\nFraisderepr\u00e9sentationdudirecteur:d\u00e9cisionsded\u00e9pensesetderecettes-certificationduservicefait\n-\nMonsieurJean-LucMILANI,attach\u00e9hors\nclasse\nS\nDanslecadredeCHORUSDT:Fraisded\u00e9placementpour'ensembledesagentsdeladirection::ordresdemissionet\u00e9tatsdefrais\n\u2014\nD\u00e9cisionsdeamnm:mmmetconstatationacservice....m_\u00f1pourlesfrais(horslignest\u00e9l\u00e9phoniques)relatifs\u00e0l'organisationmat\u00e9rielledesdiff\u00e9rentes\u00e9lections(imprim\u00e9s,acheminementdedocuments\u00e9lectoraux,locationsdiverses,bulletinsdevotepourlespr\u00e9sidentielles,prestatairedeservice...)D\u00e9cisionsded\u00e9pensesetcertificationduservicefaitpourlesfraisrelatifs\u00e0I'_3m8=mzosdeslignest\u00e9l\u00e9phoniquesn\u00e9cessaires\u00e0l'organisationdes\u00e9lectionsdiversesMonsieurJean-LucMILANI,directeurdescollectivit\u00e9slocalesetdes\u00e9lectionsMonsieurJean-LucMILANI,,\u00e4mo\"mcqam\u0153\\\\collectivit\u00e9slocalesetdes\u00e9lectionsMonsieurJean-LucMILANI,directeurdescollectivit\u00e9slocalesetdes\u00e9lections23/28\n._,\\_B\u0153o_m_\u2014m\u0153mOlcmmm_cheffen_c\\uc....\u0153m:\\am\\wSIDSICMmeFadilaELHARTI,cheffedubureaudescollectivit\u00e9slocales|MmeClaireBROUSSE,chefdubureaudes\u00e9lectionsetdelar\u00e9glementationMmeClaireBROUSSE,cheffedubureaudes\u00e9lectionsetdelar\u00e9glementationMmeDeiphineHORNY,adjointeauchefdubureaudes\u00e9lectionsetdelar\u00e9glementation|MmeFadilaELHARTI,cheffedubureaudescollectivit\u00e9slocalesSaisiedansChorusFormulairedesDAet\\certificationdesSF:M.EricFINOT\u2014MmesClaireBROUSSEetDelphineHORNYMmeDelphineHORNY,adjointeauchefdubureaudes\u00e9lectionsetdelar\u00e9glementationMmeFadilaELHARTI,cheffedubureaudescollectivit\u00e9slocalesM.Jean-ChristopheBRIOT,chefduSIDSICM.Jean-LucJOBARD,adjointauchefdu\nPr\u00e9fecture de la C\u00f4te-d'Or - 21-2024-01-18-00005 - Arr\u00eat\u00e9 pr\u00e9fectoral N\u00b0 155 / SG du  18 janvier 2024 donnant  d\u00e9l\u00e9gation de signature\nen mati\u00e8re de gestion des budgets op\u00e9rationnels\n104-111-112-113-119-122-124-129-135-137-147-148-161-163-172-181-206-207-209-215-216-217-218-219-232-303-348-349-354-357-362-363-3\n64-380-723-754-780-833  des fonds europ\u00e9ens et des recettes non fiscales\n59\nGESTIONBUDG\u00c9TAIREETCOMPTABLED\u00e9cisionsderemboursementdesfraisengag\u00e9sparlescommunes(fraisd'assembl\u00e9e,urnes,\u00e9tiquettes,\u00e9tablissementdeslistes\u00e9lectorales)etcertificationduservicefait_,\u00cb:w_m:\u2014me:-rcwMILANI,a...*mmmc_,amw\\__<_3mClaire_mecme.cheffedubureauam.mcollectivit\u00e9slocalesetdes\u00e9lections|SaisiedansChorusFormulairedesDAetcertificationdesSF:M.EricFINOT\u2014MmesClaireBROUSSEetDelphineHORNY\u00e9lectionsetdelar\u00e9glementation|MmeDelphineHORNY,adjointeauchefdubureaudes\u00e9lectionsetdelar\u00e9glementationMmeFadilaELHARTI,cheffedubureaudescollectivit\u00e9slocalesSaisiedansChorusFormulairedesDAetcertificationdesSF:M.EricFINOT\u2014MmesClaireBROUSSEetDelphineHORNYConstatationdeservicefaitpourleremboursementdesfraisded\u00e9placement\u00c9lectionss\u00e9natoriales\n|\nMonsieurJean-LucMILANI,directeurdescollectivit\u00e9slocalesetdes\u00e9lections\\MmeClaireBROUSSE,cheffedubureaudes\\\u00e9lectionsetdelar\u00e9glementationMmeDelphineHORNY,adjointeauchefdubureaudes\u00e9lectionsetdelar\u00e9glementation\\MmeFadilaELHARTI,cheffedubureaudescollectivit\u00e9slocales\nXV\u2014DIRECTIONDELACOORDINATIONDESPOLITIQUESPUBLIQUESETDEL'APPUITERRITORIALservicefaitpourlesfraisderepr\u00e9sentationdudirecteur7Dansle,nm&.m&m\u00fb...\u00fb\u00e6t\u00e6bfi.'|Fraisded\u00e9placementpourl'ensembledesagentsde\u00cemdirection:ordresdemissionet\u00e9tatsdefraisUmo...\\m...o:mdeamv\\m:mmwm...derecettes-om\u00e2momfio:ac'a_u:__..._o_u\u0153_QOca_mmm_a...\u00e4'flmcqdelacoordinationdespolitiquespubliquesetdel'appuiterritorialM.PhilippeGOUTORBE,directeurdelacoordinationdespolitiquespubliquesetdel'appuiterritorial25/28\n|Mmem<\\m._<:m_<_\\O_......__cheffedup\u00f4leenvironnementeturbanismeMmeMich\u00e8leGUSCHEMANN,cheffedup\u00f4leam\u00e9nagementduterritoire\nPr\u00e9fecture de la C\u00f4te-d'Or - 21-2024-01-18-00005 - Arr\u00eat\u00e9 pr\u00e9fectoral N\u00b0 155 / SG du  18 janvier 2024 donnant  d\u00e9l\u00e9gation de signature\nen mati\u00e8re de gestion des budgets op\u00e9rationnels\n104-111-112-113-119-122-124-129-135-137-147-148-161-163-172-181-206-207-209-215-216-217-218-219-232-303-348-349-354-357-362-363-3\n64-380-723-754-780-833  des fonds europ\u00e9ens et des recettes non fiscales\n60\nOmmfloz\u0152QUOM._..P_mmETCOMPTABLEresponsabilit\u00e9deI'EtatToutesautresindemnisationsli\u00e9e\u00e0'engagementdelaXVI\u2014SECRETARIATGENERALPOURLESjuridiqueinter-servicesAFFAIRESREGIONALESFraisdeqm?mmwam:o:desadjFraisderepr\u00e9sentationdusecr\u00e9taireg\u00e9n\u00e9ralpourlesaffairesr\u00e9gionales:d\u00e9cisionsded\u00e9pensesetderecettes\u2014certificationduservicefaitg\u00e9n\u00e9ralpourlesaffairesr\u00e9gionales:d\u00e9cisionsded\u00e9pensesetderecettes\u2014certificationduservicefaitointsausecr\u00e9taireM.\u00cbB\u0152\u00c6_MZ\u00c8NU_adjointeause27/28 M.Fr\u00e9d\u00e9ricPELISSIER,chefdup\u00f4leMmeDominiqueLEMAITRE,charg\u00e9edemissiondupdlejuridiqueinter-servicesMmeAnneCOSTEDECHAMPERON,secr\u00e9taireg\u00e9n\u00e9ralepourlesaffaires\\r\u00e9gionalesdeBourgogne\u2014Franche-Comt\u00e9|C\u00e9cilineLEVENARD\u2014M.JulienMARLOT\ncr\u00e9taireg\u00e9n\u00e9ralpourlesaffairesr\u00e9gionalesdeBourgogne\u2014Franche-Comt\u00e9,charg\u00e9dup\u00f4leC\u00e9cilineLEVENARD\u2014M.JulienMARLOT\u00abpolitiquespubliquesinterminist\u00e9rielles\u00bb.\u0153\u0153...m...mdansChorusFormulairedesDAet\u00cfom_........fl_omao:desSF:MmesDinaPAPINetl_m.m...m_mdansO:o_.cwFormulairedesDAetcertificationdesSF:MmesDinaPAPINetMMMmeMiladaPANTICadjointeausecr\u00e9taireg\u00e9n\u00e9ralpourlesaffairesr\u00e9gionalesde\u2014Bourgogne-Franche-Comt\u00e9,charg\u00e9dup\u00f4lemoyens,mutualisationetmodernisation\nPr\u00e9fecture de la C\u00f4te-d'Or - 21-2024-01-18-00005 - Arr\u00eat\u00e9 pr\u00e9fectoral N\u00b0 155 / SG du  18 janvier 2024 donnant  d\u00e9l\u00e9gation de signature\nen mati\u00e8re de gestion des budgets op\u00e9rationnels\n104-111-112-113-119-122-124-129-135-137-147-148-161-163-172-181-206-207-209-215-216-217-218-219-232-303-348-349-354-357-362-363-3\n64-380-723-754-780-833  des fonds europ\u00e9ens et des recettes non fiscales\n61\nPr\u00e9fecture de la C\u00f4te-d'Or\nP\u00f4le juridique inter-services\n21-2024-01-18-00009\nArr\u00eat\u00e9 pr\u00e9fectoral N\u00b0 157 / SG du 18 janvier 2024\n           \ndonnant d\u00e9l\u00e9gation de signature pour\nl\u25a1utilisation \nd\u25a1une carte d\u25a1achat nominative\nPr\u00e9fecture de la C\u00f4te-d'Or - 21-2024-01-18-00009 - Arr\u00eat\u00e9 pr\u00e9fectoral N\u00b0 157 / SG du 18 janvier 2024            \ndonnant d\u00e9l\u00e9gation de signature pour l\u25a1utilisation \nd\u25a1une carte d\u25a1achat nominative\n62\nE '- SECR\u00c9TARIAT G\u00c9N\u00c9RALPR\u00c9FET Direction de la coordination des politiques publiquesDE LA et de l'appui territorialCOTE-D'ORLibert\u00e9\u00c9galit\u00e9Fraternit\u00e9\nArr\u00eat\u00e9 pr\u00e9fectoral N\u00b0 157 / SG du 18 janvier 2024donnant d\u00e9l\u00e9gation de signature pour l'utilisationd'une carte d'achat nominativeLe pr\u00e9fet de la C\u00f4te-d'or\nVu le d\u00e9cret n\u00b0 2004-374 du 29 avril 2004 relatif aux pouvoirs des pr\u00e9fets, \u00e0 l'organisation et \u00e0 l'actiondes services de l'Etat dans les r\u00e9gions et d\u00e9partements ;Vu le d\u00e9cret n\u00b0 2012-1246 modifi\u00e9 relatif \u00e0 la gestion budg\u00e9taire et comptable publique ;Vu le d\u00e9cret du 26 septembre 2022 nommant Monsieur Franck ROBINE, pr\u00e9fetde la r\u00e9gionBourgogne-Franche-Comt\u00e9, pr\u00e9fet de la C\u00f4te-d'Or (hors classe) ;Vu le d\u00e9cret du 16 ao\u00fbt 2022 portant nomination de Monsieur Olivier GERSTL\u00c9 en qualit\u00e9 de sous-pr\u00e9fet, directeur de cabinet du pr\u00e9fet de la R\u00e9gion Bourgogne-Franche-Comt\u00e9, pr\u00e9fet de la C\u00f4te-d'Or:Vu le d\u00e9cret du 3 janvier 2024 nommant Monsieur Johann MOUGENOT, sous-pr\u00e9fet, en qualit\u00e9 desecr\u00e9taire g\u00e9n\u00e9ral de la pr\u00e9fecture de la C\u00f4te-d'Or, sous-pr\u00e9fet de Dijon (classe fonctionnelle Il) ;Vu le d\u00e9cret du 29 d\u00e9cembre 2022 nommant Madame Amelle GHAYOU, administratrice territoriale,sous-pr\u00e9f\u00e8te charg\u00e9e de mission aupr\u00e8s du pr\u00e9fet de r\u00e9gion Bourgogne-Franche-Comt\u00e9, pr\u00e9fet dela C\u00f4te d'Or ; |Vu l'arr\u00e9t\u00e9 du Premier ministre et du ministre de l'Int\u00e9rieur en date du 12 janvier 2022 nommantMadame Anne COSTE DE CHAMPERON, administratice de l'Etat hors classe, en qualit\u00e9 desecr\u00e9taire g\u00e9n\u00e9rale pour les affaires r\u00e9gionales de la R\u00e9gion Bourgogne-Franche Comt\u00e9, \u00e0compter du 1\u00b0\" f\u00e9vrier 2022;Vu l'arr\u00eat\u00e9 du Premier Ministre et du Ministre de I'Int\u00e9rieur en date du 22 d\u00e9cembre 2022 nommantMadame Florence BERNARD, en qualit\u00e9 d'adjointe au secr\u00e9taire g\u00e9n\u00e9ral pour les affairesr\u00e9gionales de la R\u00e9gion Bourgogne \u2014 Franche-Comt\u00e9, en charge du p\u00f4le \u00ab politiques publiquesinterminist\u00e9rielles \u00bb,Vu le d\u00e9cret du 17 novembre 2023 nommant Monsieur S\u00e9bastien LANOYE, sous-pr\u00e9fet, sous-pr\u00e9fet de Montbard ;Vu le d\u00e9cret du 6 juillet 2023, nommant Monsieur Benoit BYRSKI, sous-pr\u00e9f\u00e8t,sous-pr\u00e9f\u00e8te de Beaune ;\nPr\u00e9fecture de la C\u00f4te-d'Or - 21-2024-01-18-00009 - Arr\u00eat\u00e9 pr\u00e9fectoral N\u00b0 157 / SG du 18 janvier 2024            \ndonnant d\u00e9l\u00e9gation de signature pour l\u25a1utilisation \nd\u25a1une carte d\u25a1achat nominative\n63\nFeuillelMontantTTCmaximumpartransactionMontantTTCmaximumpartransactionPorteurdecarted'achatServiceProgrammecarted'achatNiveau1Miveau3;.(d\u00e9pensesnoncouvertesparunmarch\u00e9|(d\u00e9pensescouvertesparunmarch\u00e9publicpublicformalis\u00e9)ouuneconventionUGAP)ROBINEFranckPREFETMINIT\u2014ATEBFC2000|0MOUGENOTJohannSECRETAIREGENERAL|MINIT\u2014ATEBFC20000GHAYOUAmelleSOUSPREFETEMINIT\u2014ATEBFC20000COSTEDECHAMPERONA1SGARMINIT\u2014ATEBFC20000BERNARDFlorenceSGARADJOINTEMINIT\u2014ATEBFC20000PANTICMiladaSGARADJOINTEMINIT\u2014ATEBFC20000LANOYES\u00e9bastienSOUSPREFETMINIT\u2014ATEBFC20000GERSTLEOLIVIERDIRECTEURDECABINET|MINIT\u2014ATEBFC20000BYRSKIBenoitSOUSPREFETMINIT\u2014ATEBFC20000BEZERRADOSANJOSDomiRESIDENCEPREFETMINIT\u2014ATEBFC20000BOITTEUXRachelSGC-BUDGETACHAT[MINIT-ATEBFC20007000BRULEThierryDIRECTIONSECURITE|MINIT\u2014ATEBFC20000CLEMENTSergeSGC\u2014LISI.MINIT\u2014ATEBFC20000COLINJ\u00e9r\u00f4meCOMMUNICATIONMINIT\u2014ATEBFC20000CONORTBertrandRESIDENCEPREFETMINIT\u2014ATEBFC20000DURANDLianaMagdalena|SGAR\u2014IMMOBILIERMINIT\u2014ATEBFC20007000FETEIRAMarieSPBEAUNEMINIT\u2014ATEBFC20000GALIMARDSylvainDIRECTEURSGCMINIT\u2014ATEBFC20007000MATHEYBONYJean-Denis[RESIDENCEPREFET?:z:y\u2014ATEBFC20000NICOLARDOTOlivierSGAR\u2014PFRAMINIT\u2014ATEBFC20000NORDIHuguesCONSEILLERDIPLOMATIMINIT\u2014ATEBFC20000PERALDIDidierSGC\u2014LISIMINIT\u2014ATEBFC20007000PERNETNo\u00e9mieSPMONTBARDMINIT\u2014ATEBFC.20000RATELCarole>mm_.m._.>z.fimPREFET__|MINIT\u2014-ATEBFC20000RIGAUDMARIECAROLINE|DIRECTRICEADJOINTE|MINIT\u2014-ATEBFC20007000SORRETB\u00e9atriceRESIDENCESPBEAUNE|MINIT\u2014ATEBFC20000HAASBenoitDIRECTEURDDPPMINIT\u2014ATEBFC20000NOURDINIsabelleDDPPMINIT\u2014ATEBFC20000LAUBIERFlorenceDIRECTRICEDDTMINIT\u2014ATEBFC20007000NIBOURELNicolasDIRECTEURDDETSMINIT\u2014ATEBFC20000FaitaDijon,le18/01/24Lepr\u00e9fet,SIGNE.FranckROBINEPage1\nPr\u00e9fecture de la C\u00f4te-d'Or - 21-2024-01-18-00009 - Arr\u00eat\u00e9 pr\u00e9fectoral N\u00b0 157 / SG du 18 janvier 2024            \ndonnant d\u00e9l\u00e9gation de signature pour l\u25a1utilisation \nd\u25a1une carte d\u25a1achat nominative\n64","date":"2024-01-22","first_seen_on":"2025-09-14T07:27:58+00:00","id":"9bf87da44b357f95480f0b1e03b1670a5b9a28fff093f142a4213210060a4668","name":"RAA n\u00b0 008 du 22 janvier 2024","pdf_creation_date":"2024-01-22T15:05:32+00:00","pdf_modification_date":null,"timezone":"Europe/Paris","url":"https://www.cote-dor.gouv.fr/contenu/telechargement/20506/156974/file/recueil-21-2024-008-recueil-des-actes-administratifs-special.pdf"}
