{"administration":"pref83","administration_name":"Pr\u00e9fecture du Var","content":"VAR\nRECUEIL DES ACTES\nADMINISTRATIFS\nN\u00b083-2025-345\nPUBLI\u00c9 LE 13 OCTOBRE 2025\nSommaire\nDirection d\u00e9partementale des territoires et de la mer du Var / Service\nagriculture et for\u00eat de la DDTM\n83-2025-10-09-00010 - ARR\u00caT\u00c9 PR\u00c9FECTORAL n\u00b0\nDDTM/SAF/BFDFCI/2025-44 du 09 octobre 2025 portant distraction du\nr\u00e9gime forestier sur la for\u00eat communale de Belgentier (2 pages) Page 3\nPr\u00e9fecture du VAR / Direction de la citoyennet\u00e9 et de la l\u00e9galit\u00e9\n83-2025-10-09-00009 - ARR\u00caT\u00c9 PR\u00c9FECTORAL N\u00b0 DCL-BFL-2025-206\net son annexe, du 9 octobre 2025\nPr\u00e9l\u00e8vement au titre du fonds\nnational de p\u00e9r\u00e9quation des\nressources intercommunales et\ncommunales (FPIC)\nEst\u00e9rel C\u00f4te d'Azur Agglom\u00e9ration\nExercice\n2025 (3 pages) Page 6\n83-2025-10-09-00008 - ARR\u00caT\u00c9 PR\u00c9FECTORAL N\u00b0 DCL/BFL/2025-204\net son annexe,\ndu 9 octobre 2025\nrelatif \u00e0 l'attribution du produit\ndes amendes de police relatives\n\u00e0 la circulation routi\u00e8re pour les\ncommunes de moins\nde 10 000 habitants au titre de l'ann\u00e9e 2024\n- Exercice 2025 (5 pages) Page 10\nPr\u00e9fecture du VAR / Direction des s\u00e9curit\u00e9s\n83-2025-10-10-00003 - AP HAB SDIS83 os (4 pages) Page 16\n83-2025-10-10-00005 - AP Ouverture Jury FPSC 21\u00b0rima os (2 pages) Page 21\n83-2025-10-10-00004 - AP Ouverture Jury FPSC FNMNS os (2 pages) Page 24\n83-2025-10-10-00006 - AP Ouverture Jury FPSE MN os (2 pages) Page 27\n83-2025-10-13-00001 - Arr\u00eat\u00e9 pr\u00e9fectoral n\u00b02025-10-002 ESC du 13\noctobre 2025 portant r\u00e9glementation temporaire de la circulation sur\nl'autoroute A8 sur le territoire des communes de Fr\u00e9jus et Les\nAdrets-de-l'Est\u00e9rel (3 pages) Page 30\n2\nDirection d\u00e9partementale des territoires et de la\nmer du Var\n83-2025-10-09-00010\nARR\u00caT\u00c9 PR\u00c9FECTORAL n\u00b0\nDDTM/SAF/BFDFCI/2025-44 du 09 octobre 2025\nportant distraction du r\u00e9gime forestier sur la\nfor\u00eat communale de Belgentier\nDirection d\u00e9partementale des territoires et de la mer du Var - 83-2025-10-09-00010 - ARR\u00caT\u00c9 PR\u00c9FECTORAL n\u00b0\nDDTM/SAF/BFDFCI/2025-44 du 09 octobre 2025 portant distraction du r\u00e9gime forestier sur la for\u00eat communale de Belgentier 3\nExPREFETDU VARLibert\u00e9Egalit\u00e9Fraternit\u00e9\nP\nARR\u00caT\u00c9 PR\u00c9FECTORAL n\u00b0 DDTM/SAF/BFDFCI/2025-44 du 09 octobre 2025\nportant distraction du r\u00e9gime forestier sur la for\u00eat communale \nde Belgentier\nLe Pr\u00e9fet du Var,\nVu les articles L. 211-1, L. 214-3 et R. 214-8 du Code forestier ;\nVu l'arr\u00eat\u00e9  du  4  mars  2022  portant  nomination  de  M.  Laurent  BOULET,  directeur \nd\u00e9partemental des territoires et de la mer du Var ;\nVu l'arr\u00eat\u00e9 pr\u00e9fectoral 2025/25/MCI du 2  juin 2025 portant d\u00e9l\u00e9gation de signature \u00e0 M.  \nLaurent BOULET, directeur d\u00e9partemental des territoires et de la mer du Var ;\nVu la d\u00e9lib\u00e9ration du conseil municipal de la commune de Belgentier en date du 27 janvier  \n2025 ;\nVu la d\u00e9lib\u00e9ration du conseil municipal de la commune de Belgentier en date du 28 avril  \n2025 ;\nVu le plan des lieux de la for\u00eat communale de Belgentier ;\nVu l'avis du Directeur de l'agence territoriale Alpes Maritimes - Var de l'Office National des  \nFor\u00eats en date du 2 juin 2025 ;\nConsid\u00e9rant l'avis favorable de la direction d\u00e9partementale des territoires et de la mer du  \nVar ;\nSur proposition du directeur d\u00e9partemental des territoires et de la mer du Var,\nARR\u00caTE :\nArticle 1  er     :   La distraction du r\u00e9gime forestier est prononc\u00e9e sur la parcelle cadastrale C 2 ci-\ndessous appartenant \u00e0 la commune de Belgentier, sur le territoire communal de Belgentier,  \npour une surface totale de 6 ha 11 a 32 ca.\nSECTION N\u00b0 PLAN LIEU-DIT SURFACE m\u00b2\nC 2 LES ESCALANQUES 61132\nDirection d\u00e9partementale\ndes territoires et de la mer du Var\nDirection d\u00e9partementale des territoires et de la mer du Var - 83-2025-10-09-00010 - ARR\u00caT\u00c9 PR\u00c9FECTORAL n\u00b0\nDDTM/SAF/BFDFCI/2025-44 du 09 octobre 2025 portant distraction du r\u00e9gime forestier sur la for\u00eat communale de Belgentier 4\nP\nArticle 2     :   La surface totale de la for\u00eat communale de Belgentier relevant du r\u00e9gime forestier  \nest d\u00e9sormais de 62 ha 29 a 46 ca r\u00e9partis sur le territoire communal de Belgentier.\nArticle 3     :   Le pr\u00e9sent arr\u00eat\u00e9 est susceptible d'un recours aupr\u00e8s du tribunal administratif de  \nToulon  dans  un  d\u00e9lai  de  deux  mois  \u00e0  compter  de  sa  publication  au  recueil  des  actes \nadministratifs.\nArticle  4     :   Le  secr\u00e9taire  g\u00e9n\u00e9ral  de  la  pr\u00e9fecture  du  Var,  le  directeur  d\u00e9partemental  des \nterritoires et de la mer du Var, le maire de la commune de Belgentier, le directeur territorial de \nl'office national des for\u00eats, sont charg\u00e9s chacun en ce qui le concerne, de l'ex\u00e9cution du  \npr\u00e9sent arr\u00eat\u00e9 qui sera affich\u00e9 dans la commune de Belgentier et publi\u00e9 au recueil des actes  \nadministratifs de la Pr\u00e9fecture du Var.\nFait \u00e0 Toulon, le 09 octobre 2025\npour le Pr\u00e9fet et par d\u00e9l\u00e9gation,\nLe directeur d\u00e9partemental des \nterritoires et de la mer\nSIGN\u00c9\nLaurent BOULET\n2/2\nDirection d\u00e9partementale des territoires et de la mer du Var - 83-2025-10-09-00010 - ARR\u00caT\u00c9 PR\u00c9FECTORAL n\u00b0\nDDTM/SAF/BFDFCI/2025-44 du 09 octobre 2025 portant distraction du r\u00e9gime forestier sur la for\u00eat communale de Belgentier 5\nPr\u00e9fecture du VAR\n83-2025-10-09-00009\nARR\u00caT\u00c9 PR\u00c9FECTORAL N\u00b0 DCL-BFL-2025-206 et\nson annexe, du 9 octobre 2025\nPr\u00e9l\u00e8vement au titre du fonds national de\np\u00e9r\u00e9quation des\nressources intercommunales et communales\n(FPIC)\nEst\u00e9rel C\u00f4te d'Azur Agglom\u00e9ration\nExercice 2025\nPr\u00e9fecture du VAR - 83-2025-10-09-00009 - ARR\u00caT\u00c9 PR\u00c9FECTORAL N\u00b0 DCL-BFL-2025-206 et son annexe, du 9 octobre 2025\nPr\u00e9l\u00e8vement au titre du fonds national de p\u00e9r\u00e9quation des\nressources intercommunales et communales (FPIC)\nEst\u00e9rel C\u00f4te d'Azur Agglom\u00e9ration\nExercice 2025\n6\nDirection de la citoyennet\u00e9 et de la l\u00e9galit\u00e9\nBureau des finances locales\nARR\u00caT\u00c9 PR\u00c9FECTORAL N\u00b0 DCL-BFL-2025-206 et son annexe, du 9 octobre 2025\nPr\u00e9l\u00e8vement au titre du fonds national de p\u00e9r\u00e9quation des\nressources intercommunales et communales (FPIC)\nEst\u00e9rel C\u00f4te d'Azur Agglom\u00e9ration\nExercice 2025\nLe pr\u00e9fet du Var,\nVu le code g\u00e9n\u00e9ral des collectivit\u00e9s territoriales, notamment ses articles L.2336-1 et suivants ;\nVu le d\u00e9cret n\u00b0 2013-363 du 26 avril 2013 relatif aux dotations de l'\u00c9tat aux collectivit\u00e9s\nterritoriales et \u00e0 la p\u00e9r\u00e9quation des ressources fiscales ;\nVu lle d\u00e9cret du Pr\u00e9sident de la R\u00e9publique du 15 mai 2025 portant nomination de M. Simon\nBABRE en qualit\u00e9 de pr\u00e9fet du Var ;\nVu\n  l'arr\u00eat\u00e9 pr\u00e9fectoral n\u00b0 2025/12/MCI du 2 juin 2025 portant d\u00e9l\u00e9gation de signature \u00e0\nM. Lucien GIUDICELLI, secr\u00e9taire g\u00e9n\u00e9ral de la pr\u00e9fecture du Var ;\nVu la note d'information du 25 juillet 2025 relative \u00e0  la r\u00e9partition du fonds national de\np\u00e9r\u00e9quation des ressources intercommunales et communales (FPIC) pour l'exercice 2025,\n\u00e0 destination de la m\u00e9tropole et des d\u00e9partements d 'outre-mer, \u00e0 l'exception de\nMayotte ; \nVu la d\u00e9cision adopt\u00e9e par le conseil communautaire d'Est\u00e9rel C\u00f4te d'Azur Agglom\u00e9ration  le\n23 septembre 2025 fixant la r\u00e9partition du pr\u00e9l\u00e8vement ; \nSur proposition du secr\u00e9taire g\u00e9n\u00e9ral de la pr\u00e9fecture du Var ;\nARR  \u00ca   TE    :\nARTICLE 1er  : Il est pr\u00e9lev\u00e9 sur les ressources de l'\u00e9tablisseme nt public de coop\u00e9ration\nintercommunale \u00abEst\u00e9rel C\u00f4te d'Azur Agglom\u00e9ration\u00bb et \u00e0 ses communes membres, dont la\nliste figure en annexe, une contribution destin\u00e9e \u00e0  alimenter le fonds national de p\u00e9r\u00e9quation\ndes ressources intercommunales et communales pour l 'exercice 2025, dont le montant global\ns'\u00e9l\u00e8ve \u00e0 4 668 870 \u20ac (quatre millions six cent soixante-huit mille huit cent soixante-dix euros).\n1/2\nPr\u00e9fecture du VAR - 83-2025-10-09-00009 - ARR\u00caT\u00c9 PR\u00c9FECTORAL N\u00b0 DCL-BFL-2025-206 et son annexe, du 9 octobre 2025\nPr\u00e9l\u00e8vement au titre du fonds national de p\u00e9r\u00e9quation des\nressources intercommunales et communales (FPIC)\nEst\u00e9rel C\u00f4te d'Azur Agglom\u00e9ration\nExercice 2025\n7\nARTICLE 2 : Les montants mentionn\u00e9s en annexe seront pr\u00e9lev\u00e9s \u00e0 compter de la date de leur\nnotification, par mensualit\u00e9 pour les mois restant \u00e0 courir jusqu'\u00e0 la fin de l'ann\u00e9e selon les\nmodalit\u00e9s suivantes :\n- si le montant de la contribution individuelle est inf\u00e9rie ur \u00e0 10 000 \u20ac  (dix mille euros), le\npr\u00e9l\u00e8vement est r\u00e9alis\u00e9 en une seule fois avant le 30 novembre 2025 ;\n- si le montant de la contribution est sup\u00e9rieur \u00e0 10 000 \u20ac  (dix mille euros), les pr\u00e9l\u00e8vements\nsont r\u00e9alis\u00e9s par mensualit\u00e9 \u00e0 compter de la date de notification pour les mois restant \u00e0 courir\njusqu'\u00e0 la fin de l'ann\u00e9e.\nLes mensualit\u00e9s seront imput\u00e9es au compte n\u00b0 4013000000 \u00abFournisseurs - avances de FDL \u00bb\n(non interfac\u00e9),  ouvert en 2025 dans les \u00e9critures du directeur d\u00e9pa rtemental des finances\npubliques.\nARTICLE 3\n : Le secr\u00e9taire g\u00e9n\u00e9ral de la pr\u00e9fecture du Var et l e directeur d\u00e9partemental des\nfinances publiques du Var sont charg\u00e9s, chacun en c e qui le concerne, de l'ex\u00e9cution du\npr\u00e9sent arr\u00eat\u00e9 qui sera publi\u00e9 au receuil des actes administratifs de la pr\u00e9fecture du Var.\nDans un d\u00e9lai de deux mois \u00e0 compter de la date de notification de la pr\u00e9sente d\u00e9cision, les recours suivants peuvent \u00eatre \nintroduits conform\u00e9ment aux dispositions des articles R. 421-1 et suivants du code de justice administrative :\n- un recours gracieux, adress\u00e9 \u00e0 : M. le Pr\u00e9fet du Var \u2013 Bd du 112\u00e8me r\u00e9giment d'infanterie- CS 31209 - 83070 TOULON CEDEX\nDans ce cas, le silence de l'administration vaut rejet implicite au terme d'un d\u00e9lai de deux mois.\nApr\u00e8s un recours gracieux, le d\u00e9lai du recours contentieux ne court qu'\u00e0 compter du rejet explicite ou implicite de ce recours.\n- un recours contentieux, en saisissant le Tribunal Administratif de Toulon : 5 rue Racine -BP 40510 - 83 041 TOULON CEDEX 9\nLe tribunal administratif peut \u00eatre saisi par l'application informatique \u00ab T\u00e9l\u00e9recours citoyens \u00bb accessible par le site internet \n\u00ab www.telerecours.fr \u00bb.\n2/2\nPour le pr\u00e9fet et par d\u00e9l\u00e9gation,\nle secr\u00e9taire g\u00e9n\u00e9ral\nSign\u00e9\nLucien GIUDICELLI\nPr\u00e9fecture du VAR - 83-2025-10-09-00009 - ARR\u00caT\u00c9 PR\u00c9FECTORAL N\u00b0 DCL-BFL-2025-206 et son annexe, du 9 octobre 2025\nPr\u00e9l\u00e8vement au titre du fonds national de p\u00e9r\u00e9quation des\nressources intercommunales et communales (FPIC)\nEst\u00e9rel C\u00f4te d'Azur Agglom\u00e9ration\nExercice 2025\n8\nFonds de p\u00e9r\u00e9quation intercommunale et communale - 2025\nPr\u00e9fecture du VAR\n4013000000 - COL6301000\nmardi 07 octobre 2025\nPr\u00e9l\u00e8vement Ensemble Intercommunal\nDRAGUIGNAN\nTr\u00e9sorerie : SGC ESTEREL\nCode B\u00e9n\u00e9ficiaire Montant contribution Pr\u00e9l\u00e8vement\nMensuel\nPremier\nPr\u00e9l\u00e8vement\n200035319 ESTEREL C\u00d4TE D'AZUR\nAGGLOMERATION -2\u00a0993\u00a0674,00 -997\u00a0892,00 -997\u00a0891,00\n83001 ADRETS-DE-L'ESTEREL -26\u00a0990,00 -8\u00a0998,00 -8\u00a0996,00\n83061 FREJUS -695\u00a0855,00 -231\u00a0953,00 -231\u00a0951,00\n83099 PUGET-SUR-ARGENS -106\u00a0614,00 -35\u00a0538,00 -35\u00a0538,00\n83107 ROQUEBRUNE-SUR-ARGENS -274\u00a0688,00 -91\u00a0564,00 -91\u00a0562,00\n83118 SAINT-RAPHAEL -571\u00a0049,00 -190\u00a0351,00 -190\u00a0349,00\nTotal de la tr\u00e9sorerie -4\u00a0668\u00a0870,00 -1\u00a0556\u00a0296,00 -1\u00a0556\u00a0287,00\nTotal de l'arrondissement financier -4\u00a0668\u00a0870,00 -1\u00a0556\u00a0296,00 -1\u00a0556\u00a0287,00\nTotal de la pr\u00e9fecture -4\u00a0668\u00a0870,00 -1\u00a0556\u00a0296,00 -1\u00a0556\u00a0287,00\npage 1 / 1\nPr\u00e9fecture du VAR - 83-2025-10-09-00009 - ARR\u00caT\u00c9 PR\u00c9FECTORAL N\u00b0 DCL-BFL-2025-206 et son annexe, du 9 octobre 2025\nPr\u00e9l\u00e8vement au titre du fonds national de p\u00e9r\u00e9quation des\nressources intercommunales et communales (FPIC)\nEst\u00e9rel C\u00f4te d'Azur Agglom\u00e9ration\nExercice 2025\n9\nPr\u00e9fecture du VAR\n83-2025-10-09-00008\nARR\u00caT\u00c9 PR\u00c9FECTORAL N\u00b0 DCL/BFL/2025-204 et\nson annexe,\ndu 9 octobre 2025\nrelatif \u00e0 l'attribution du produit des amendes de\npolice relatives\n\u00e0 la circulation routi\u00e8re pour les communes de\nmoins\nde 10 000 habitants au titre de l'ann\u00e9e 2024 -\nExercice 2025\nPr\u00e9fecture du VAR - 83-2025-10-09-00008 - ARR\u00caT\u00c9 PR\u00c9FECTORAL N\u00b0 DCL/BFL/2025-204 et son annexe,\ndu 9 octobre 2025\nrelatif \u00e0 l'attribution du produit des amendes de police relatives\n\u00e0 la circulation routi\u00e8re pour les communes de moins\nde 10 000 habitants au titre de l'ann\u00e9e 2024 - Exercice 2025\n10\nDirection de la citoyennet\u00e9 et de la l\u00e9galit\u00e9\nBureau des finances locales\nARR\u00caT\u00c9 PR\u00c9FECTORAL N\u00b0 DCL/BFL/2025-204 et son annexe,\ndu 9 octobre 2025\nrelatif \u00e0 l'attribution du produit des amendes de police relatives\n\u00e0 la circulation routi\u00e8re pour les communes de moins\nde 10 000 habitants au titre de l'ann\u00e9e 2024 \u2013 Exercice 2025\nLe pr\u00e9fet du Var,\nVu l'article R.2334-10 et suivants du code g\u00e9n\u00e9ral des collectivit\u00e9s territoriales ;\n  \nVu l\ne d\u00e9cret du Pr\u00e9sident de la R\u00e9publique du 15 mai 2025 portant nomination de\nM. Simon BABRE en qualit\u00e9 de pr\u00e9fet du Var ;\nVu l'arr\u00eat\u00e9 pr\u00e9fectoral n\u00b0 2025/12/MCI du 2 juin 2025 portant d\u00e9l\u00e9gation de signature\n\u00e0 M. Lucien GIUDICELLI, secr\u00e9taire g\u00e9n\u00e9ral de la pr\u00e9fecture du Var ;\nVu la  d\u00e9lib\u00e9ration  du  conseil  d\u00e9partemental  du  Var  n\u00b0A5  du  26  octobre  2022  donnant\nd\u00e9l\u00e9gation \u00e0 la commission permanente ;\nVu la note d'information minist\u00e9rielle de la direction g\u00e9n\u00e9rale des collectivit\u00e9s locales du\n23  mai  2025,  relative \u00e0  l'attribution  de la  r\u00e9partition  du produit  des  amendes  de  la\ncirculation routi\u00e8re, notifiant l'enveloppe attribu\u00e9e aux communes de moins de 10 000\nhabitants qui s'\u00e9l\u00e8ve \u00e0 2 394 204,00 \u20ac au titre de l'ann\u00e9e 2024 pour le Var ;\nVu la d\u00e9lib\u00e9ration de la commission permanente du conseil d\u00e9partemental du Var en date\ndu 22 septembre 2025 fixant la r\u00e9partition des recettes du produit des amendes de\npolice  relatives  \u00e0  la  circulation  routi\u00e8re  per\u00e7u  au titre  de  l'ann\u00e9e  2023,  pour  les\ncommunes de moins de 10 000 habitants ;\nVu les  d\u00e9l\u00e9gations  de  cr\u00e9dit  d'engagement  et  de  paiement  n\u00b02000054970  du\n30 septembre 2025 d'un montant de 2 394 204,00 \u20ac ;\nSur proposition du secr\u00e9taire g\u00e9n\u00e9ral de la pr\u00e9fecture du Var,\n1/5\n- Centre financier  : 0754-C001-DP83\n- Centre de co\u00fbt  : PRFSPCL083\n- Domaine fonctionnel  : 0754-01\n- Activit\u00e9 : 0754010101A1\nPr\u00e9fecture du VAR - 83-2025-10-09-00008 - ARR\u00caT\u00c9 PR\u00c9FECTORAL N\u00b0 DCL/BFL/2025-204 et son annexe,\ndu 9 octobre 2025\nrelatif \u00e0 l'attribution du produit des amendes de police relatives\n\u00e0 la circulation routi\u00e8re pour les communes de moins\nde 10 000 habitants au titre de l'ann\u00e9e 2024 - Exercice 2025\n11\nARR\u00caTE :\nARTICLE 1 : Les communes du Var de moins de 10 000 habitants mentionn\u00e9es dans la liste\nci- annex\u00e9e b\u00e9n\u00e9ficient d'une attribution totale, au titre de la r\u00e9partition du produit des\namendes  de  police  de  l'ann\u00e9e 2024 relatives  \u00e0 la  circulation  routi\u00e8re,  de  2 394 204,00 \u20ac\n(Deux millions trois cent quatre-vingt-quatorze mille deux cent quatre euros) \u2212 exercice 2025.\nARTICLE  2 :  Le  secr\u00e9taire  g\u00e9n\u00e9ral  de  la  pr\u00e9fecture  du  Var  et la  directrice  r\u00e9gionale  des\nfinances publiques de la r\u00e9gion Provence-Alpes-C\u00f4te-d'Azur, directrice d\u00e9partementale des\nfinances publiques des Bouches-du-Rh\u00f4ne sont charg\u00e9s, chacun en ce qui le concerne, de\nl'ex\u00e9cution du pr\u00e9sent arr\u00eat\u00e9.\nToulon, le \nPour le pr\u00e9fet et par d\u00e9l\u00e9gation,\nle secr\u00e9taire g\u00e9n\u00e9ral\nSign\u00e9\nLucien GIUDICELLI\nDans un d\u00e9lai de deux mois \u00e0 compter de la date de notification et conform\u00e9ment aux dispositions des a rticles R. 414-1, R. 414-6 et R421-1 et\nsuivants du code de justice administrative, les recours suivants peuvent \u00eatre introduits :\n- recours gracieux, adress\u00e9 au pr\u00e9fet du Var, Bld du 112\u00e8me R.I, CS 31209, 83070 Toulon Cedex.\n- recours hi\u00e9rarchique, adress\u00e9 au(x) ministre(s) concern\u00e9(s).\nSous r\u00e9serve des dispositions l\u00e9gislatives, le sile nce gard\u00e9 par l'administration au terme d'un d\u00e9lai de deux mois vaut d\u00e9cision implicite de rejet.\nLe d\u00e9lai de deux mois de recours contentieux court \u00e0 compter du rejet implicite ou explicite des recours gracieux/hi\u00e9rarchique.\nLe recours contentieux est introduit en saisissant le tribunal administratif de Toulon :\n\u2022 obligatoirement via le module \u00ab t\u00e9l\u00e9recours \u00bb pour les avocats, les personnes morales de droit priv\u00e9 charg\u00e9es d'un service public et les\npersonnes morales de droit public (optionnel pour les communes de moins de 3 500 habitants) ;\n\u2022 via le module \u00ab t\u00e9l\u00e9recours citoyens\u00bb pour les particuliers et les personnes morales de droit priv\u00e9 ;\n\u2022 par courrier : 5 rue Racine, BP 40510, 83041 Toulon Cedex 9.\nLes modules \u00ab t\u00e9l\u00e9recours \u00bb et \u00ab t\u00e9l\u00e9recours citoyen \u00bb sont accessibles via le portail www.telerecours.fr.\n2/5\nPr\u00e9fecture du VAR - 83-2025-10-09-00008 - ARR\u00caT\u00c9 PR\u00c9FECTORAL N\u00b0 DCL/BFL/2025-204 et son annexe,\ndu 9 octobre 2025\nrelatif \u00e0 l'attribution du produit des amendes de police relatives\n\u00e0 la circulation routi\u00e8re pour les communes de moins\nde 10 000 habitants au titre de l'ann\u00e9e 2024 - Exercice 2025\n12\n3/5\nPr\u00e9fecture du VAR - 83-2025-10-09-00008 - ARR\u00caT\u00c9 PR\u00c9FECTORAL N\u00b0 DCL/BFL/2025-204 et son annexe,\ndu 9 octobre 2025\nrelatif \u00e0 l'attribution du produit des amendes de police relatives\n\u00e0 la circulation routi\u00e8re pour les communes de moins\nde 10 000 habitants au titre de l'ann\u00e9e 2024 - Exercice 2025\n13\nR\u00e9partition 2024 \u2014 exercice 2025Communes de moins de 10 000 habitants\nANNEXE DE L'ARRETE PR\u00c9FECTORAL N\u00b0 DCL/BFL/2025-204Produit des amendes de police relatives \u00e0 la circulation routi\u00e8re\nCOMMUNES MONTANT N\u00b0 EJAiguines 6 750,00 \u20acAmpus 6 600,00 \u20acAups 23 200,00 \u20acBagnols-en-For\u00e9t 1 800,00 \u20acBagnols-en-For\u00e9t 19 400,00 \u20acBargemon 2 700,00 \u20acBarjols 40 100,00 \u20ac|Bauduen 90 000,00 \u20ac|Besse-sur-Issole 12 000,00 \u20ac[Bras 5 500,00 \u20acBrue-Auriac 46 000,00 \u20acCallas 5 700,00 \u20acCamps-la-Source 39 250.00 \u20acCarc\u00e9s 2 700,00 \u20acCarnoules 60 000,00 \u20acCollobri\u00e8res 109 400,00 \u20acComps-sur-Artuby 5 100,00 \u20acCorrens 60 000,00 \u20ac[\u00c9venos 8 000,00\u20acFigani\u00e8res 8 000,00 \u20acFlayosc 16 300,00 \u20acGar\u00e9oult 30 000,00 \u20acGassin 3 700,00 \u20acGonfaron 50 000,00 \u20acLa Celle 54 800,00 \u20ac[La Martre 6 100,00 \u20ac[La Motte 5 700,00 \u20ac[La Verdi\u00e8re 129 000,00 \u20ac[Le Cannet-des-Maures 41 000,00 \u20acLe Val 167 000,00 \u20acLes Adrets-de-l'Est\u00e9rel 87 704,00 \u20ac|Montauroux 104 000,00 \u20ac[Montmeyan 69 400,00 \u20ac|Nans-les-Pins 8 800,00\u20ac[N\u00e9oules 74 000,00 \u20acPi 41 000,00 \u20acPlan-d'Aups-SainteBaume 139 400.00 \u20ac|Pontev\u00e9s 9 400,00\u20ac|Pourcieux 8 800,00 \u20ac|Pourri\u00e9res 95 000,00 \u20acPuget-sur-Argens 190 000,00 \u20ac!Puget-Ville 120 000,00 \u20acRamatuelle 15 000,00 \u20ac[Rayol-Canadel-sur-Mer 8 700,00\u20ac[Rians 22 700,00 \u20ac[Rocbaron 7 350,00 \u20ac|Rougiers 26 250,00 \u20ac\n4/5\nPr\u00e9fecture du VAR - 83-2025-10-09-00008 - ARR\u00caT\u00c9 PR\u00c9FECTORAL N\u00b0 DCL/BFL/2025-204 et son annexe,\ndu 9 octobre 2025\nrelatif \u00e0 l'attribution du produit des amendes de police relatives\n\u00e0 la circulation routi\u00e8re pour les communes de moins\nde 10 000 habitants au titre de l'ann\u00e9e 2024 - Exercice 2025\n14\nSaint-Julien le Montagnier 44 000,00 \u20ac]Saint-Paul-en-For\u00eat 17 000,00 \u20acSainte-Anastasie-surlssole 4 400,00 \u20acSalernes 13 000,00 \u20acSeillans 34 000,00 \u20ac]Taradeau 40 000,00 \u20acTourtour 21 000,00 \u20acTrans-en-Provence 45 000,00 \u20acVillecroze 13 000,00 \u20acVinon-sur-Verdon 20 000,00 \u20acVinon-sur-Verdon 55 000,00 \u20acVins-sur-Caramy 4 500,00 \u20acTOTAL 2 394 204,00 \u20ac\n5/5\nPr\u00e9fecture du VAR - 83-2025-10-09-00008 - ARR\u00caT\u00c9 PR\u00c9FECTORAL N\u00b0 DCL/BFL/2025-204 et son annexe,\ndu 9 octobre 2025\nrelatif \u00e0 l'attribution du produit des amendes de police relatives\n\u00e0 la circulation routi\u00e8re pour les communes de moins\nde 10 000 habitants au titre de l'ann\u00e9e 2024 - Exercice 2025\n15\nPr\u00e9fecture du VAR\n83-2025-10-10-00003\nAP HAB SDIS83 os\nPr\u00e9fecture du VAR - 83-2025-10-10-00003 - AP HAB SDIS83 os 16\nExPREFETDU VARLibert\u00e9Egalit\u00e9Fraternit\u00e9\nCabinet du pr\u00e9fet\nDirection des s\u00e9curit\u00e9s\nService interminist\u00e9riel de d\u00e9fense et protection civiles\nArr\u00eat\u00e9 n\u00b0 2025_10_DS_SIDPC_23\nportant renouvellement de l'habilitation n\u00b0H83-3-93 pour la formation\naux gestes de premiers secours\ndu service d\u00e9partemental d'incendie et de secours du Var (SDIS83).\nLe Pr\u00e9fet du Var,\nVu le code de la s\u00e9curit\u00e9 int\u00e9rieure notamment ses articles L. 726-1, L.726-2, et R.726-3, 2\u00b0 et  \nsuivants ;\nVu le  d\u00e9cret  du  Pr\u00e9sident  de  la  R\u00e9publique  du  15  mai  2025  portant  nomination  de \nM. Simon BABRE, pr\u00e9fet du Var ;\nVu l'arr\u00eat\u00e9 du 15 juin 2024 relatif \u00e0 la fili\u00e8re op\u00e9rationnelle de s\u00e9curit\u00e9 civile dans le domaine  \nde la formation aux premiers secours ;\nVu l'arr\u00eat\u00e9 du 15 juin 2024 relatif \u00e0 la fili\u00e8re p\u00e9dagogique de s\u00e9curit\u00e9 civile;\nVu l'arr\u00eat\u00e9 du 17 juin 2024 relatif \u00e0 l'habilitation pour la formation aux premiers secours ;\nVu l'arr\u00eat\u00e9 n\u00b02025/54/MCI du 15 juillet 2025 portant d\u00e9l\u00e9gation de signature \u00e0 Mme Jos\u00e9phine \nGUIGLIANO-BOUTONNET, directrice de cabinet du pr\u00e9fet du Var ;\nVu la demande d'habilitation formul\u00e9e le 02 septembre 2025 par M. Le Contr\u00f4leur G\u00e9n\u00e9ral  \nEric GROHIN, Directeur D\u00e9partemental du SDIS83;\nVu l'avis de la direction g\u00e9n\u00e9rale de la s\u00e9curit\u00e9 civile et de la gestion des crises sur les  \nr\u00e9f\u00e9rentiels internes de formation et de certification pr\u00e9sent\u00e9s .\nPr\u00e9fecture du VAR - 83-2025-10-10-00003 - AP HAB SDIS83 os 17\nExPREFETDU VARLibert\u00e9Egalit\u00e9Fraternit\u00e9\nCabinet du pr\u00e9fet\nDirection des s\u00e9curit\u00e9s\nService interminist\u00e9riel de d\u00e9fense et protection civiles\nARR\u00caTE\nArticle 1  \u00a0  :  \nLe SDIS83 est habilit\u00e9 pour les formations initiales et continues des unit\u00e9s d'enseignements  \nsuivantes\u00a0: \n- Premiers secours en \u00e9quipe de niveau 1 et 2 -(PSE1 et 2)\n- P\u00e9dagogie initiale et commune de formateur (PICF)\n- P\u00e9dagogie appliqu\u00e9e \u00e0 l'emploi de formateur aux premiers secours en \u00e9quipe (FPSE)\nArticle 2  \u00a0  :  \nLes formations mentionn\u00e9es \u00e0 l'article 1 er seront dispens\u00e9es suivant les r\u00e9f\u00e9rentiels internes  \nde formation et de certification enregistr\u00e9s aupr\u00e8s de la direction g\u00e9n\u00e9rale de la s\u00e9curit\u00e9  \ncivile et de la gestion des crises et r\u00e9f\u00e9renc\u00e9es en annexe 1 du pr\u00e9sent arr\u00eat\u00e9.\nArticle 3  \u00a0  :   \nLes formations pourront \u00eatre dispens\u00e9es uniquement au sein du d\u00e9partement du Var.\nArticle 4  \u00a0  :  \nLe public cible des formations mentionn\u00e9es \u00e0 l'article 1er est pr\u00e9cis\u00e9 en annexe 1 du pr\u00e9sent  \narr\u00eat\u00e9.\nArticle 5  \u00a0  :  \nLa pr\u00e9sente habilitation ne peut \u00eatre ni c\u00e9d\u00e9e ni d\u00e9l\u00e9gu\u00e9e et seul l'organisme habilit\u00e9 peut  \ndispenser les formations mentionn\u00e9es \u00e0 l'article 1er du pr\u00e9sent arr\u00eat\u00e9.\nArticle 6  \u00a0  :  \nToute  modification  du  dossier  ayant  servi  \u00e0  la  demande  d'habilitation,  notamment  la \ncomposition  de  l'\u00e9quipe  p\u00e9dagogique  ou  la  liste  d'aptitude  p\u00e9dagogique,  doit  \u00eatre \ncommuniqu\u00e9e sans d\u00e9lai \u00e0 la connaissance du pr\u00e9fet.\nArticle 7  \u00a0  :  \nLe pr\u00e9fet du d\u00e9partement est comp\u00e9tent pour contr\u00f4ler, en application de l'article L.751-3  \ndu code de la s\u00e9curit\u00e9 int\u00e9rieure, les organismes habilit\u00e9s au titre de l'article R.726-3 du  \nm\u00eame code.\nPr\u00e9fecture du VAR - 83-2025-10-10-00003 - AP HAB SDIS83 os 18\nExPREFETDU VARLibert\u00e9Egalit\u00e9Fraternit\u00e9\nCabinet du pr\u00e9fet\nDirection des s\u00e9curit\u00e9s\nService interminist\u00e9riel de d\u00e9fense et protection civiles\nArticle 8  \u00a0  :   \nSans  pr\u00e9judice  des  articles  L.242-1  \u00e0  L.242-4  du  code  des  relations  entre  le  public  et \nl'administration, lorsque l'organisme ne se conforme pas \u00e0 ses obligations ou ne remplit plus  \nles  conditions  qui  ont  permis  son  habilitation,  ou  s'il  est  constat\u00e9  des  fautes  graves  ou \nr\u00e9p\u00e9t\u00e9es dans la mise en \u0153uvre de l'habilitation, le pr\u00e9fet peut \u00a0appliquer les dispositions  \npr\u00e9vues \u00e0 l'article R.726-15 du code de la s\u00e9curit\u00e9 int\u00e9rieure.\nArticle 9  \u00a0  :  \nLa pr\u00e9sente habilitation est d\u00e9livr\u00e9e pour une dur\u00e9e de trois ans \u00e0 compter du lendemain de  \nla date de signature du pr\u00e9sent arr\u00eat\u00e9.\nArticle 10  \u00a0  :  \nLa demande de renouvellement doit parvenir au pr\u00e9fet au moins six mois avant l'\u00e9ch\u00e9ance de \nla pr\u00e9sente habilitation.\nArticle 11  \u00a0  :  \nMadame la sous-pr\u00e9f\u00e8te, directrice de cabinet du pr\u00e9fet du Var est charg\u00e9e de l'application  \ndu pr\u00e9sent arr\u00eat\u00e9 qui sera notifi\u00e9 \u00e0 Monsieur le contr\u00f4leur g\u00e9n\u00e9ral, directeur d\u00e9partemental  \ndu  SDIS  83  et  publi\u00e9  au  recueil  des  actes  administratifs  des  services  de  l'\u00c9tat  dans  le \nd\u00e9partement du Var.\nToulon, le 10 octobre 2025\nPour le pr\u00e9fet et par d\u00e9l\u00e9gation,\nMme Jos\u00e9phine GUIGLIANO-BOUTONNET\nOriginal sign\u00e9\nDirectrice de cabinet.\nPr\u00e9fecture du VAR - 83-2025-10-10-00003 - AP HAB SDIS83 os 19\n=xPREFETDU VARLibert\u00e9Egalit\u00e9Fraternit\u00e9\nCabinet du pr\u00e9fet\nDirection des s\u00e9curit\u00e9s\nService interminist\u00e9riel de d\u00e9fense et protection civiles\nAnnexe 1\nListe  des  r\u00e9f\u00e9rentiels  internes  de  formation  et  de  certification  enregistr\u00e9s  aupr\u00e8s  de  la \ndirection g\u00e9n\u00e9rale de la s\u00e9curit\u00e9 civile et de la gestion des crises et devant \u00eatre utilis\u00e9s pour  \ndispenser les formations mentionn\u00e9es \u00e0 l'article 1er du pr\u00e9sent arr\u00eat\u00e9. \nUnit\u00e9 \nd'enseignement \ndispens\u00e9e\nNum\u00e9ro \nd'enregistrement du \nr\u00e9f\u00e9rentiel \u00e0 la \nDGSCGC\nPublic cible Observations\nGQS N\u00e9ant Tous publics\nN\u00e9ant\nPSE1 OD83-PSE-189-28\nSapeurs-pompiers  saisonniers  du \nSDIS 83\nPSE2 OD83-PSE-189-28\nPICF OD83-PICF-190-28\nAgents du SDIS 83 et des services  \npublics conventionn\u00e9s\nFPSE OD83-FPSE-191-28\n---\nApr\u00e8s consultation de la DGSCGC, le code orga \u00ab \u00a0SDIS 83\u00a0\u00bb sera utilis\u00e9 pour l'identification  \ndes attestations et certificats de comp\u00e9tences.\nPr\u00e9fecture du VAR - 83-2025-10-10-00003 - AP HAB SDIS83 os 20\nPr\u00e9fecture du VAR\n83-2025-10-10-00005\nAP Ouverture Jury FPSC 21\u00b0rima os\nPr\u00e9fecture du VAR - 83-2025-10-10-00005 - AP Ouverture Jury FPSC 21\u00b0rima os 21\n=mPREFETDU VARLibert\u00e9Egalit\u00e9Fraternit\u00e9\nCabinet du pr\u00e9fet\nDirection des s\u00e9curit\u00e9s\nService interminist\u00e9riel de d\u00e9fense et protection civiles\nARR\u00caT\u00c9 PR\u00c9FECTORAL n\u00b0 2025_10_DS_SIDPC_21\nd\u00e9signant le jury d\u00e9partemental pour l'examen des dossiers des candidats \ndu 21\u00e8me R\u00e9giment d'Infanterie de Marine (21\u00b0RIMa)\ndu certificat de comp\u00e9tences de formateur en premiers secours citoyens.\nLe Pr\u00e9fet du Var,\nVu le Code de la s\u00e9curit\u00e9 int\u00e9rieure ;\nVu la loi n\u00b0 2004-811 du 13 ao\u00fbt 2004 modifi\u00e9e, de modernisation de la s\u00e9curit\u00e9 civile ;\nVu le d\u00e9cret n\u00b0 2004-374 du 29 avril 2004 modifi\u00e9 relatif aux pouvoirs des pr\u00e9fets, \u00e0 l'organisation et \u00e0  \nl'action des services de l'\u00c9tat ;\nVu le d\u00e9cret n\u00b0 2024-242 du 20 mars 2024 relatif aux formations aux premiers secours ;\nVu le d\u00e9cret du Pr\u00e9sident de la R\u00e9publique du 15 mai 2025 portant nomination de M.  Simon BABRE, \npr\u00e9fet du Var ;\nVu l'arr\u00eat\u00e9 du 21 d\u00e9cembre 2020 modifi\u00e9 portant organisation de la formation continue des premiers  \nsecours ;\nVu l'arr\u00eat\u00e9 du 15 juin 2024 relatif \u00e0 la fili\u00e8re p\u00e9dagogique de s\u00e9curit\u00e9 civile ; \nVu l'arr\u00eat\u00e9 du 15 juin 2024 relatif \u00e0 la fili\u00e8re citoyenne de s\u00e9curit\u00e9 civile dans le domaine de la formation \naux premiers secours ;\nVu l'arr\u00eat\u00e9 du 17 juin 2024 relatif \u00e0 l'habilitation pour la formation aux premiers secours ;\nVu  l'arr\u00eat\u00e9  n\u00b02025/54/MCI  du  15  juillet  2025  portant  d\u00e9l\u00e9gation  de  signature  \u00e0  Mme  Jos\u00e9phine \nGUIGLIANO-BOUTONNET, directrice de cabinet du pr\u00e9fet du Var ;\nVu la demande d'ouverture de formation de p\u00e9da gogie appliqu\u00e9e \u00e0 l'emploi de formateur en premiers  \nsecours citoyens re\u00e7ue le 10 septembre 2025.\nSur proposition de Madame la directrice de cabinet du pr\u00e9fet du Var, \nARR\u00caTE\nArticle 1 er : Le jury d\u00e9partemental pour l'examen des dossiers de candidature pour l'attribution du  \ncertificat  de  comp\u00e9tences  de  formateur  en  premiers  secours  citoyens, se r\u00e9unira  le  vendredi  14 \nnovembre 2025 \u00e0 10h30 pour l'examen des dossiers pr\u00e9sent\u00e9s par le 21\u00b0RIMa.\nPr\u00e9fecture du VAR - 83-2025-10-10-00005 - AP Ouverture Jury FPSC 21\u00b0rima os 22\nArticle 2  : La pr\u00e9sidence du jury sera assur\u00e9e par Monsieur Damien SPIESS , formateur de formateur \u2013  \nCEF, les trois autres membres du jury sont les suivants :\n\u2022 Monsieur Micha\u00ebl NIRLO, (FdF);\n\u2022 Monsieur Fabrice JONQUIERES, (FdF);\n\u2022 Monsieur Alexandre POULLARD, (FdF);\nArticle 3  : Hormis le pr\u00e9sident, un des membres titulaires peut \u00eatre remplac\u00e9 en cas d'emp\u00eachement  \npar :\n\u2022 Madame Belinda FRECHE, (FdF);\nArticle 4 : Le jury ne peut valablement d\u00e9lib\u00e9rer que s'il est au complet et sur pr\u00e9sentation des dossiers \ncomplets d'\u00e9valuation de la formation des candidats permettant au jury de statuer. Les d\u00e9lib\u00e9rations  \nsont secr\u00e8tes.\nArticle 5  :  Madame la directrice de cabinet du pr\u00e9fet du Var est charg\u00e9e en ce qui la concerne, de  \nl'ex\u00e9cution du pr\u00e9sent arr\u00eat\u00e9 qui sera publi\u00e9 au recueil des actes administratifs des services de l'\u00c9tat  \ndans le Var.\nToulon, le 10 octobre 2025\nPour le pr\u00e9fet et par d\u00e9l\u00e9gation,\nMme Jos\u00e9phine GUIGLIANO-BOUTONNET\nOriginal sign\u00e9\nDirectrice de cabinet.\nDans un d\u00e9lai de deux mois \u00e0 compter de la date de la notification ou de la publication du pr\u00e9sent arr\u00eat\u00e9 au recueil des actes administratifs des  \nservices de l'\u00c9tat dans le Var, les recours suivants peuvent \u00eatre introduits conform\u00e9ment aux dispositions des articles R. 421-1 et suivants du Code  \nde justice administrative :\n\u2013 un recours gracieux, adress\u00e9 \u00e0 :\nM. le Pr\u00e9fet du Var \u2013 Boulevard du 112\u00e8me r\u00e9giment d'infanterie ; CS 31209 \u2013 83070 TOULON CEDEX\n\u2013 un recours hi\u00e9rarchique, adress\u00e9 au(x) ministre(s) concern\u00e9(s) ;\nDans ces deux cas, le silence gard\u00e9 par l'autorit\u00e9 administrative vaut rejet implicite au terme d'un d\u00e9lai de deux mois.\nApr\u00e8s un recours gracieux ou hi\u00e9rarchique, le d\u00e9lai du recours contentieux ne court qu'\u00e0 compter du rejet explicite ou implicite de l'un de ces  \nrecours.\n\u2013 recours contentieux d\u00e9pos\u00e9 devant le Tribunal Administratif de Toulon, 5 rue Racine, CS 40510 \u2013 83041 TOULON Cedex 09 ou par l'application  \ninformatique \u00ab T\u00e9l\u00e9recours citoyens \u00bb accessible par le site internet www.telerecours.fr\nPr\u00e9fecture du VAR - 83-2025-10-10-00005 - AP Ouverture Jury FPSC 21\u00b0rima os 23\nPr\u00e9fecture du VAR\n83-2025-10-10-00004\nAP Ouverture Jury FPSC FNMNS os\nPr\u00e9fecture du VAR - 83-2025-10-10-00004 - AP Ouverture Jury FPSC FNMNS os 24\n=mPREFETDU VARLibert\u00e9Egalit\u00e9Fraternit\u00e9\nCabinet du pr\u00e9fet\nDirection des s\u00e9curit\u00e9s\nService interminist\u00e9riel de d\u00e9fense et protection civiles\nARR\u00caT\u00c9 PR\u00c9FECTORAL n\u00b0 2025_10_DS_SIDPC_20\nd\u00e9signant le jury d\u00e9partemental pour l'examen des dossiers des candidats \nde la F\u00e9d\u00e9ration Nationale des M\u00e9tiers de la Natation et du sport (FNMNS-ASV)\ndu certificat de comp\u00e9tences de formateur en premiers secours citoyens.\nLe Pr\u00e9fet du Var,\nVu le Code de la s\u00e9curit\u00e9 int\u00e9rieure ;\nVu la loi n\u00b0 2004-811 du 13 ao\u00fbt 2004 modifi\u00e9e, de modernisation de la s\u00e9curit\u00e9 civile ;\nVu le d\u00e9cret n\u00b0 2004-374 du 29 avril 2004 modifi\u00e9 relatif aux pouvoirs des pr\u00e9fets, \u00e0 l'organisation et \u00e0  \nl'action des services de l'\u00c9tat ;\nVu le d\u00e9cret n\u00b0 2024-242 du 20 mars 2024 relatif aux formations aux premiers secours ;\nVu le d\u00e9cret du Pr\u00e9sident de la R\u00e9publique du 15 mai 2025 portant nomination de M.  Simon BABRE, \npr\u00e9fet du Var ;\nVu l'arr\u00eat\u00e9 du 21 d\u00e9cembre 2020 modifi\u00e9 portant organisation de la formation continue des premiers  \nsecours ;\nVu l'arr\u00eat\u00e9 du 15 juin 2024 relatif \u00e0 la fili\u00e8re p\u00e9dagogique de s\u00e9curit\u00e9 civile ; \nVu l'arr\u00eat\u00e9 du 15 juin 2024 relatif \u00e0 la fili\u00e8re citoyenne de s\u00e9curit\u00e9 civile dans le domaine de la formation \naux premiers secours ;\nVu l'arr\u00eat\u00e9 du 17 juin 2024 relatif \u00e0 l'habilitation pour la formation aux premiers secours ;\nVu  l'arr\u00eat\u00e9  n\u00b02025/54/MCI  du  15  juillet  2025  portant  d\u00e9l\u00e9gation  de  signature  \u00e0  Mme  Jos\u00e9phine \nGUIGLIANO-BOUTONNET, directrice de cabinet du pr\u00e9fet du Var ;\nVu la demande d'ouverture de formation de p\u00e9da gogie appliqu\u00e9e \u00e0 l'emploi de formateur en premiers  \nsecours citoyens re\u00e7ue le 04 septembre 2025.\nSur proposition de Madame la directrice de cabinet du pr\u00e9fet du Var, \nARR\u00caTE\nArticle 1 er : Le jury d\u00e9partemental pour l'examen des dossiers de candidature pour l'attribution du  \ncertificat  de  comp\u00e9tences  de  formateur  en  premiers  secours  citoyens, se r\u00e9unira  le  vendredi  14 \nnovembre 2025 \u00e0 09h00 pour l'examen des dossiers pr\u00e9sent\u00e9s par FNMNS-ASV.\nPr\u00e9fecture du VAR - 83-2025-10-10-00004 - AP Ouverture Jury FPSC FNMNS os 25\nArticle 2  : La pr\u00e9sidence du jury sera assur\u00e9e par Madame B\u00e9linda FRECHE, formateur de formateur \u2013 \nCEF, les trois autres membres du jury sont les suivants :\n\u2022 Monsieur Damien SPIESS, (FdF);\n\u2022 Monsieur Fabrice JONQUIERES, (FdF);\n\u2022 Monsieur Alexandre POULLARD, (FdF);\nArticle 3  : Hormis le pr\u00e9sident, un des membres titulaires peut \u00eatre remplac\u00e9 en cas d'emp\u00eachement  \npar :\n\u2022 Monsieur Micha\u00ebl NIRLO, (FdF);\nArticle 4 : Le jury ne peut valablement d\u00e9lib\u00e9rer que s'il est au complet et sur pr\u00e9sentation des dossiers \ncomplets d'\u00e9valuation de la formation des candidats permettant au jury de statuer. Les d\u00e9lib\u00e9rations  \nsont secr\u00e8tes.\nArticle 5  :  Madame la directrice de cabinet du pr\u00e9fet du Var est charg\u00e9e en ce qui la concerne, de  \nl'ex\u00e9cution du pr\u00e9sent arr\u00eat\u00e9 qui sera publi\u00e9 au recueil des actes administratifs des services de l'\u00c9tat  \ndans le Var.\nToulon, le 10 octobre 2025\nPour le pr\u00e9fet et par d\u00e9l\u00e9gation,\nMme Jos\u00e9phine GUIGLIANO-BOUTONNET\nOriginal sign\u00e9\nDirectrice de cabinet.\nDans un d\u00e9lai de deux mois \u00e0 compter de la date de la notification ou de la publication du pr\u00e9sent arr\u00eat\u00e9 au recueil des actes administratifs des  \nservices de l'\u00c9tat dans le Var, les recours suivants peuvent \u00eatre introduits conform\u00e9ment aux dispositions des articles R. 421-1 et suivants du Code  \nde justice administrative :\n\u2013 un recours gracieux, adress\u00e9 \u00e0 :\nM. le Pr\u00e9fet du Var \u2013 Boulevard du 112\u00e8me r\u00e9giment d'infanterie ; CS 31209 \u2013 83070 TOULON CEDEX\n\u2013 un recours hi\u00e9rarchique, adress\u00e9 au(x) ministre(s) concern\u00e9(s) ;\nDans ces deux cas, le silence gard\u00e9 par l'autorit\u00e9 administrative vaut rejet implicite au terme d'un d\u00e9lai de deux mois.\nApr\u00e8s un recours gracieux ou hi\u00e9rarchique, le d\u00e9lai du recours contentieux ne court qu'\u00e0 compter du rejet explicite ou implicite de l'un de ces  \nrecours.\n\u2013 recours contentieux d\u00e9pos\u00e9 devant le Tribunal Administratif de Toulon, 5 rue Racine, CS 40510 \u2013 83041 TOULON Cedex 09 ou par l'application  \ninformatique \u00ab T\u00e9l\u00e9recours citoyens \u00bb accessible par le site internet www.telerecours.fr\nPr\u00e9fecture du VAR - 83-2025-10-10-00004 - AP Ouverture Jury FPSC FNMNS os 26\nPr\u00e9fecture du VAR\n83-2025-10-10-00006\nAP Ouverture Jury FPSE MN os\nPr\u00e9fecture du VAR - 83-2025-10-10-00006 - AP Ouverture Jury FPSE MN os 27\n=mPREFETDU VARLibert\u00e9Egalit\u00e9Fraternit\u00e9\nCabinet du pr\u00e9fet\nDirection des s\u00e9curit\u00e9s\nService interminist\u00e9riel de d\u00e9fense et protection civiles\nARR\u00caT\u00c9 PR\u00c9FECTORAL n\u00b0 2025_10_DS_SIDPC_22\nd\u00e9signant le jury d\u00e9partemental pour l'examen des dossiers des candidats \nde la Marine Nationale- P\u00f4le \u00c9cole M\u00e9diterran\u00e9e (MN-PEM)\ndu certificat de comp\u00e9tences de formateur aux premiers secours en \u00e9quipe.\nLe Pr\u00e9fet du Var,\nVu le Code de la s\u00e9curit\u00e9 int\u00e9rieure ;\nVu la loi n\u00b0 2004-811 du 13 ao\u00fbt 2004 modifi\u00e9e, de modernisation de la s\u00e9curit\u00e9 civile ;\nVu le d\u00e9cret n\u00b0 2004-374 du 29 avril 2004 modifi\u00e9 relatif aux pouvoirs des pr\u00e9fets, \u00e0 l'organisation et \u00e0  \nl'action des services de l'\u00c9tat ;\nVu le d\u00e9cret n\u00b0 2024-242 du 20 mars 2024 relatif aux formations aux premiers secours ;\nVu le d\u00e9cret du Pr\u00e9sident de la R\u00e9publique du 15 mai 2025 portant nomination de M.  Simon BABRE, \npr\u00e9fet du Var ;\nVu l'arr\u00eat\u00e9 du 21 d\u00e9cembre 2020 modifi\u00e9 portant organisation de la formation continue des premiers  \nsecours ;\nVu l'arr\u00eat\u00e9 du 15 juin 2024 relatif \u00e0 la fili\u00e8re p\u00e9dagogique de s\u00e9curit\u00e9 civile ; \nVu l'arr\u00eat\u00e9 du 15 juin 2024 relatif \u00e0 la fili\u00e8re op\u00e9rationnelle de s\u00e9curit\u00e9 civile dans le domaine de la  \nformation aux premiers secours ;\nVu l'arr\u00eat\u00e9 du 17 juin 2024 relatif \u00e0 l'habilitation pour la formation aux premiers secours ;\nVu  l'arr\u00eat\u00e9  n\u00b02025/54/MCI  du  15  juillet  2025  portant  d\u00e9l\u00e9gation  de  signature  \u00e0  Mme  Jos\u00e9phine \nGUIGLIANO-BOUTONNET, directrice de cabinet du pr\u00e9fet du Var ;\nVu la demande d'ouverture de formation de p\u00e9da gogie appliqu\u00e9e \u00e0 l'emploi de formateur en premiers  \nsecours citoyens re\u00e7ue le 03 octobre 2025.\nSur proposition de Madame la directrice de cabinet du pr\u00e9fet du Var, \nARR\u00caTE\nArticle 1 er : Le jury d\u00e9partemental pour l'examen des dossiers de candidature pour l'attribution du  \ncertificat de comp\u00e9tences de formateur aux  premiers secours en \u00e9quipe,  se r\u00e9unira le vendredi 14  \nnovembre 2025 \u00e0 12h00 pour l'examen des dossiers pr\u00e9sent\u00e9s par la MN-PEM.\nPr\u00e9fecture du VAR - 83-2025-10-10-00006 - AP Ouverture Jury FPSE MN os 28\nArticle  2 : La  pr\u00e9sidence  du  jury  sera  assur\u00e9e  par  Monsieur  Fabrice  JONQUIERES,  formateur  de \nformateur \u2013 CEF, les trois autres membres du jury sont les suivants :\n\u2022 Monsieur Micha\u00ebl NIRLO, (FdF);\n\u2022 Monsieur Damien SPIESS, (FdF);\n\u2022 Madame Belinda FRECHE, (FdF);\nArticle 3  : Hormis le pr\u00e9sident, un des membres titulaires peut \u00eatre remplac\u00e9 en cas d'emp\u00eachement  \npar :\n\u2022 Monsieur Alexandre POULLARD, (FdF);\nArticle 4 : Le jury ne peut valablement d\u00e9lib\u00e9rer que s'il est au complet et sur pr\u00e9sentation des dossiers \ncomplets d'\u00e9valuation de la formation des candidats permettant au jury de statuer. Les d\u00e9lib\u00e9rations  \nsont secr\u00e8tes.\nArticle 5  :  Madame la directrice de cabinet du pr\u00e9fet du Var est charg\u00e9e en ce qui la concerne, de  \nl'ex\u00e9cution du pr\u00e9sent arr\u00eat\u00e9 qui sera publi\u00e9 au recueil des actes administratifs des services de l'\u00c9tat  \ndans le Var.\nToulon, le 10 octobre 2025\nPour le pr\u00e9fet et par d\u00e9l\u00e9gation,\nMme Jos\u00e9phine GUIGLIANO-BOUTONNET\nOriginal sign\u00e9\nDirectrice de cabinet.\nDans un d\u00e9lai de deux mois \u00e0 compter de la date de la notification ou de la publication du pr\u00e9sent arr\u00eat\u00e9 au recueil des actes administratifs des  \nservices de l'\u00c9tat dans le Var, les recours suivants peuvent \u00eatre introduits conform\u00e9ment aux dispositions des articles R. 421-1 et suivants du Code  \nde justice administrative :\n\u2013 un recours gracieux, adress\u00e9 \u00e0 :\nM. le Pr\u00e9fet du Var \u2013 Boulevard du 112\u00e8me r\u00e9giment d'infanterie ; CS 31209 \u2013 83070 TOULON CEDEX\n\u2013 un recours hi\u00e9rarchique, adress\u00e9 au(x) ministre(s) concern\u00e9(s) ;\nDans ces deux cas, le silence gard\u00e9 par l'autorit\u00e9 administrative vaut rejet implicite au terme d'un d\u00e9lai de deux mois.\nApr\u00e8s un recours gracieux ou hi\u00e9rarchique, le d\u00e9lai du recours contentieux ne court qu'\u00e0 compter du rejet explicite ou implicite de l'un de ces  \nrecours.\n\u2013 recours contentieux d\u00e9pos\u00e9 devant le Tribunal Administratif de Toulon, 5 rue Racine, CS 40510 \u2013 83041 TOULON Cedex 09 ou par l'application  \ninformatique \u00ab T\u00e9l\u00e9recours citoyens \u00bb accessible par le site internet www.telerecours.fr\nPr\u00e9fecture du VAR - 83-2025-10-10-00006 - AP Ouverture Jury FPSE MN os 29\nPr\u00e9fecture du VAR\n83-2025-10-13-00001\nArr\u00eat\u00e9 pr\u00e9fectoral n\u00b02025-10-002 ESC du 13\noctobre 2025 portant r\u00e9glementation\ntemporaire de la circulation sur l'autoroute A8\nsur le territoire des communes de Fr\u00e9jus et Les\nAdrets-de-l'Est\u00e9rel\nPr\u00e9fecture du VAR - 83-2025-10-13-00001 - Arr\u00eat\u00e9 pr\u00e9fectoral n\u00b02025-10-002 ESC du 13 octobre 2025 portant r\u00e9glementation\ntemporaire de la circulation sur l'autoroute A8 sur le territoire des communes de Fr\u00e9jus et Les Adrets-de-l'Est\u00e9rel 30\n=mPREFETDU VARLibert\u00e9Egalit\u00e9Fraternit\u00e9\nDirection des s\u00e9curit\u00e9s\nService de l'\u00e9ducation et\nde la s\u00e9curit\u00e9 routi\u00e8res\nP\u00f4le \u00e9tudes et ing\u00e9nierie\n                    ARR\u00caT\u00c9 PR\u00c9FECTORAL n\u00b0 2025 \u2013 10 \u2013 002  ESC du 13 octobre 2025 02/07/2020\nportant r\u00e9glementation temporaire de la circulation sur l'autoroute A8\nsur le territoire des communes de Fr\u00e9jus et Les Adrets-de-l'Esterel\nLe Pr\u00e9fet du Var,\nChevalier de la L\u00e9gion d'Honneur,\nChevalier de l'Ordre National du M\u00e9rite,\nVu le Code de la route ;\nVu le Code de la voirie routi\u00e8re ;\nVu  le d\u00e9cret du 29 novembre 1982 approuvant la convention de concession pass\u00e9e entre  \nl'\u00c9tat et la soci\u00e9t\u00e9 de l'autoroute Est\u00e9rel, C\u00f4te d'Azur, Provence Alpes (ESCOTA) en vue de la  \nconstruction, de l'entretien et de l'exploitation des autoroutes conc\u00e9d\u00e9es et ses avenants  \nult\u00e9rieurs ;\nVu le d\u00e9cret n\u00b0 2015-1045 du 21 ao\u00fbt 2015 approuvant le transfert de la travers\u00e9e autorouti\u00e8re \nde  Toulon  entre  l'\u00c9tat  et  la  soci\u00e9t\u00e9  des  autoroutes  Est\u00e9rel,  C\u00f4te  d'Azur,  Provence  Alpes \n(ESCOTA) ;\nVu  l'arr\u00eat\u00e9  interminist\u00e9riel  du  24  novembre  1967  relatif  \u00e0  la  signalisation  des  routes  et \nautoroutes et des textes subs\u00e9quents ;\nVu  l'arr\u00eat\u00e9 pr\u00e9fectoral n\u00b0 2020-12-001 BR du 16 d\u00e9cembre 2020, portant modification de  \nl'arr\u00eat\u00e9 pr\u00e9fectoral n\u00b0 2523 du 20 mars 2018, portant r\u00e9glementation de la circulation des  \nv\u00e9hicules de transport de bois ronds dans le d\u00e9partement du Var ;\nVu  l'arr\u00eat\u00e9 pr\u00e9fectoral n\u00b0 2023-06-004 en date du 26 juin 2023, autorisant l'ouverture de  \nchantiers d'entretien courant ou de r\u00e9paration sur les autoroutes A8, A50 et A57 dans la  \ntravers\u00e9e du d\u00e9partement du Var ;\nVu l'arr\u00eat\u00e9 pr\u00e9fectoral n\u00b02025-06-001 PC du 05 juin 2025 portant r\u00e9glementation de la police \nde circulation sur les autoroutes A8, A50 et A57 ;\nVu l'arr\u00eat\u00e9 pr\u00e9fectoral n\u00b0 2025/54/MCI du 15 juillet 2025 portant d\u00e9l\u00e9gation de signature \u00e0 \nMme Jos\u00e9phine GUIGLIANO-BOUTONNET, directrice de cabinet du pr\u00e9fet du Var ;\nVu la note technique du 14 avril 2016 du minist\u00e8re de l'Environnement, de l'\u00c9nergie et de la  \nMer (DGITM/DIT) relative \u00e0 la coordination des chantiers sur le r\u00e9seau routier national (RRN) ;\nVu le r\u00e8glement d'exploitation de la soci\u00e9t\u00e9 des autoroutes ESCOTA en date du 27 juin 2023 ;\nVu la demande de la Soci\u00e9t\u00e9 des autoroutes ESCOTA en date du 25 septembre 2025 ; \nVu l'avis  favorable  de  la  Direction  G\u00e9n\u00e9rale  des  Infrastructures,  des  Transports  et  des \nMobilit\u00e9s sur le dossier d'exploitation sous chantier n\u00b0 2025-125 en date du 26 septembre  \n2025 ;\nVu l'avis favorable du conseil d\u00e9partemental du Var en date du 02 octobre 2025 ;\nArr\u00eat\u00e9 pr\u00e9fectoral n\u00b0 2025 \u2013 10 - 002 ESC  Page 1/3\nPr\u00e9fecture du VAR - 83-2025-10-13-00001 - Arr\u00eat\u00e9 pr\u00e9fectoral n\u00b02025-10-002 ESC du 13 octobre 2025 portant r\u00e9glementation\ntemporaire de la circulation sur l'autoroute A8 sur le territoire des communes de Fr\u00e9jus et Les Adrets-de-l'Est\u00e9rel 31\nConsid\u00e9rant que pour assurer la s\u00e9curit\u00e9 des usagers de l'autoroute, des agents de la soci\u00e9t\u00e9  \ndes  autoroutes  Est\u00e9rel,  C\u00f4te  d'Azur,  Provence  Alpes  (ESCOTA)  et  des  personnels  de \nl'entreprise  charg\u00e9s  d'effectuer  des  travaux  d'entretien  de  la  signalisation  horizontale  au \nniveau du diffuseur N\u00b0 39 \u00ab  Les Adrets-de-l'Est\u00e9rel \u00bb au PR 145.500, il convient de r\u00e9glementer \nla circulation, sur le territoire du d\u00e9partement du Var, sur l'autoroute A8, dans le sens Nice  \nvers Aix-en-Provence, la nuit du mercredi 15 octobre 2025 au jeudi 16 octobre 2025. La nuit du \njeudi 16 octobre 2025 au vendredi 17 octobre 2025 constitue la p\u00e9riode de r\u00e9serve. \nSur proposition de la directrice de cabinet du pr\u00e9fet du Var,\nARR\u00caTE :\nArticle 1  er   :  En raison des travaux  d'entretien de la signalisation horizontale au niveau du  \ndiffuseur N\u00b039 \u00ab  Les Adrets-de-l'Est\u00e9rel \u00bb au PR 145.500, sur l'autoroute A8 , la circulation de  \ntous les v\u00e9hicules est r\u00e9glement\u00e9e, dans le sens Nice vers Aix-en-Provence, de 21h00 \u00e0 05h00,  \nla nuit du mercredi 15 octobre 2025 au jeudi 16 octobre 2025.  L a nuit du jeudi 16 octobre  \n2025 au vendredi 17 octobre 2025 constitue la p\u00e9riode de r\u00e9serve.\nArticle 2 : Ces travaux n\u00e9cessitent de mettre en place les itin\u00e9raires de d\u00e9viation suivants :\nAutoroute A8\nDans le sens Nice vers Aix-en-Provence\nDe 21h00 \u00e0 05h00, du mercredi 15 octobre 2025 au jeudi 16 octobre 2025\n- Fermeture des bretelles d'entr\u00e9e et de sortie du diffuseur N\u00b039 \u00ab Les Adrets-de-l'Est\u00e9rel \u00bb \nau PR 145.500 \nFermeture de la bretelle d'entr\u00e9e du diffuseur N\u00b039 \u00ab     Les Adrets-de-l'Est\u00e9rel     \u00bb  \nItin\u00e9raire de d\u00e9viation pour les v\u00e9hicules l\u00e9gers : \nLes v\u00e9hicules l\u00e9gers souhaitant rejoindre l'autoroute A8 en direction d'Aix-en-Provence, via  \nl'entr\u00e9e du diffuseur N\u00b0 39 \u00ab  les Adrets-de-l 'Est\u00e9rel \u00bb   au PR 145.500, doivent emprunter la  \nroute de Montauroux sur la D837, la route du Violon sur la D237, la DN7 puis la  D4A, pour \nreprendre l'autoroute A8 au diffuseur N\u00b0 38 \u00ab  Fr\u00e9jus - Ouest  \u00bb  au PR 132.900 en direction  \nd'Aix-en-Provence.\nItin\u00e9raire de d\u00e9viation pour les poids lourds : \nLes poids lourds souhaitant rejoindre l'autoroute A8 en direction d'Aix-en-Provence, doivent \nprendre  la  bretelle  d'entr\u00e9e  N\u00b039 \u00ab Les  Adrets-de-l'Est\u00e9rel \u00bb  au  PR  145.500  dans  le  sens \ninverse  Aix-en-Provence  vers  Nice,  puis  sortir  au  diffuseur  N\u00b041  \u00ab Mandelieu  Est \u00bb  au  PR \n159.400 sur l'autoroute A8 et faire demi-tour pour reprendre l'autoroute A8 en direction  \nd'Aix-en-Provence. \nFermeture de la bretelle de sortie du diffuseur N\u00b039 \u00ab     Les Adrets-de-l 'Est\u00e9rel     \u00bb  \nItin\u00e9raire de d\u00e9viation pour les v\u00e9hicules l\u00e9gers     :   \nLes v\u00e9hicules l\u00e9gers souhaitant prendre la sortie du diffuseur N\u00b0 39 \u00ab  les Adrets-de-l'Est\u00e9rel \u00bb \nau PR 145.500, doivent sortir au diffuseur  N\u00b040 \u00ab Mandelieu \u00bb au PR 157.200 puis emprunter  \nla D6007, la DN7, la D237 et enfin la D837 pour rejoindre Les Adrets-de-l'Est\u00e9rel.\nItin\u00e9raire de d\u00e9viation pour les poids lourds     :   \nLes poids lourds souhaitant sortir au diffuseur N\u00b039 \u00ab  les Adrets-de-l 'Est\u00e9rel \u00bb au PR 145.500, \ndoivent sortir au diffuseur N\u00b038  \u00ab Fr\u00e9jus - Est  \u00bb au PR 134.000 puis reprendre l'autoroute A8  \ndans le sens inverse Aix-en-Provence vers Nice et sortir au diffuseur N\u00b039 \u00ab  Les Adrets-de-\nl'Est\u00e9rel \u00bb au PR 145.500. \nArr\u00eat\u00e9 pr\u00e9fectoral n\u00b0 2025 \u2013 10 - 002 ESC  Page 2/3\nPr\u00e9fecture du VAR - 83-2025-10-13-00001 - Arr\u00eat\u00e9 pr\u00e9fectoral n\u00b02025-10-002 ESC du 13 octobre 2025 portant r\u00e9glementation\ntemporaire de la circulation sur l'autoroute A8 sur le territoire des communes de Fr\u00e9jus et Les Adrets-de-l'Est\u00e9rel 32\nArticle 3  : Au regard des contraintes de phasage, l'arr\u00eat\u00e9 pr\u00e9fectoral n\u00b0 2023-06-004 en date  \ndu 26 juin 2023 autorisant l'ouverture de chantiers d'entretien courant ou de r\u00e9paration sur  \nles autoroutes A8, A50 et A57 dans la travers\u00e9e du d\u00e9partement du Var est d\u00e9rog\u00e9.\nL'inter-distance,  de  jour  comme  de  nuit,  avec  tout  chantier  n\u00e9cessaire  \u00e0  l'entretien  de \nl'autoroute A8 est ramen\u00e9e \u00e0 z\u00e9ro (0) kilom\u00e8tre pendant la dur\u00e9e de ces travaux, dans le sens  \nde circulation Nice vers Aix-en-Provence. \nArticle  4 : Une  information  concernant  l'avancement  des  travaux  ainsi  que  le  planning \npr\u00e9visionnel des fermetures des bretelles est transmise aux destinataires suivants :\n\uf0b7 Pr\u00e9fecture du Var (pref-derogations-routes@var.gouv.fr)\n\uf0b7 Conseil d\u00e9partemental du Var (bce@var.fr)\n\uf0b7 Direction d\u00e9partementale des territoires et de la mer du Var\n\uf0b7 Radio Vinci-Autoroutes (107 .7)\nArticle  5 : Les  signalisations  correspondantes  aux  prescriptions  du  pr\u00e9sent  arr\u00eat\u00e9  sont \nconformes \u00e0 l'IISR 8\u00e8me partie \u2013 signalisation temporaire. Elles sont mises en place, entretenues \net surveill\u00e9es par les services de l'exploitation de la soci\u00e9t\u00e9 ESCOTA pendant toute la p\u00e9riode \ndes travaux.\nLes usagers sont inform\u00e9s des travaux par la mise en place de panneaux d'information, par  \nl'affichage de messages sur Panneau \u00e0 Messages Variables (PMV) sur l'autoroute A8 et la  \ndiffusion de messages sur Radio Vinci Autoroutes (107 .7).\nArticle 6 : La directrice de cabinet du pr\u00e9fet du Var, le pr\u00e9sident du conseil d\u00e9partemental du \nVar,  le  directeur  interd\u00e9partemental  de  la  police  nationale  du  Var,  le  commandant  du \ngroupement de gendarmerie d\u00e9partementale du Var, le directeur d\u00e9partemental des services  \nd'incendie et de secours du Var, les maires des communes des Adrets-de-l'Est\u00e9rel et de Fr\u00e9jus, \nle directeur de la soci\u00e9t\u00e9 des autoroutes Est\u00e9rel, C\u00f4te d'Azur, Provence Alpes, sont charg\u00e9s,  \nchacun en ce qui le concerne, de l'ex\u00e9cution du pr\u00e9sent arr\u00eat\u00e9 qui sera publi\u00e9 au recueil des  \nactes administratifs de la pr\u00e9fecture du Var.\nFait \u00e0 Toulon, le 13 octobre 2025\n                                                                     Pour le Pr\u00e9fet et par d\u00e9l\u00e9gation, \n                                                                  La cheffe du service \n                                                           de l'\u00e9ducation et de la s\u00e9curit\u00e9 routi\u00e8res\n                                                            sign\u00e9 :  Sophie BARASTIER\nConform\u00e9ment aux dispositions de l'article R. 421-1 et suivants du code de justice administrative, le pr\u00e9sent arr\u00eat\u00e9 peut faire l'objet  \ndans un d\u00e9lai de deux mois \u00e0 compter de sa parution :\n\u2013  d'un recours administratif (recours gracieux aupr\u00e8s du pr\u00e9fet du Var ou recours hi\u00e9rarchique aupr\u00e8s du ministre de l'int\u00e9rieur)\n\u2013 d'un recours contentieux devant le tribunal administratif de Toulon. Le tribunal administratif peut \u00eatre saisi par l'application  \ninformatique \u00ab T\u00e9l\u00e9recours citoyens \u00bb accessible par le site Internet www.telerecours.fr\nArr\u00eat\u00e9 pr\u00e9fectoral n\u00b0 2025 \u2013 10 - 002 ESC  Page 3/3\nPr\u00e9fecture du VAR - 83-2025-10-13-00001 - Arr\u00eat\u00e9 pr\u00e9fectoral n\u00b02025-10-002 ESC du 13 octobre 2025 portant r\u00e9glementation\ntemporaire de la circulation sur l'autoroute A8 sur le territoire des communes de Fr\u00e9jus et Les Adrets-de-l'Est\u00e9rel 33","date":"2025-10-13","first_seen_on":"2025-10-13T15:28:34+00:00","id":"9c035ffdc132b1371042ea73ccc6ce28fb4d6922ddc914c8e8285dad35151ebb","name":"RAA N\u00b0 345 du 13 octobre 2025","pdf_creation_date":"2025-10-13T14:01:41+00:00","pdf_modification_date":null,"timezone":"Europe/Paris","url":"https://www.var.gouv.fr/contenu/telechargement/43109/282038/file/RAA%20N%C2%B0%20345%20du%2013%20octobre%202025%20(Actes%20non%20nominatifs).pdf"}
