{"administration":"pref30","administration_name":"Pr\u00e9fecture du Gard","content":"PR\u00c9FET\nDU GARD\nRECUEIL DES ACTES\nADMINISTRATIFS SP\u00c9CIAL\nN\u00b030-2025-094\nPUBLI\u00c9 LE  3 JUIN 2025\nSommaire\nAgence R\u00e9gionale de la Sant\u00e9- d\u00e9l\u00e9gation d\u00e9partementale du Gard\n/\n30-2025-05-31-00002 - Arr\u00eat\u00e9 pr\u00e9fectoral portant r\u00e9quisition d'un\npersonnel navigant (pilote et assistant de vol) afin de garantir la\ncontinuit\u00e9 de l'activit\u00e9 H\u00e9liSMUR dans le cadre de l'aide\nm\u00e9dicale urgente \u00e0 compter du 3 juin 2025 8h00 \u00e0 20h00 heure de\nParis (3 pages) Page 3\n30-2025-05-31-00001 - Arr\u00eat\u00e9 pr\u00e9fectoral portant r\u00e9quisition d'un\npersonnel navigant (pilote et assistant de vol) afin de garantir la\ncontinuit\u00e9 de l'activit\u00e9 H\u00e9liSMUR dans le cadre de l'aide\nm\u00e9dicale urgente \u00e0 compter du 4 juin 2025 \u00e0 7h00 (heure de paris) (3\npages) Page 7\n30-2025-05-31-00003 - Arr\u00eat\u00e9 pr\u00e9fectoral portant r\u00e9quisition d'un\npersonnel navigant (pilote et assistant de vol) afin de garantir la\ncontinuit\u00e9 de l'activit\u00e9 H\u00e9liSMUR dans le cadre de l'aide\nm\u00e9dicale urgente \u00e0 compter du 4 juin 2025 \u00e0 7h00 (heure de paris) (3\npages) Page 11\nPrefecture du Gard /\n30-2025-05-28-00017 - AP AUTORISATION VIDEOPROTECTIONAMICALE\nDES SAGES MILHAUD 2025 (3 pages) Page 15\n30-2025-05-28-00019 - AP MODIFICATION VIDEOPROTECTION  MAIRIE\nBAGNOLS SUR CEZE 2025 (6 pages) Page 19\n30-2025-05-28-00020 - AP MODIFICATION VIDEOPROTECTION CREDIT\nAGRICOLE - FABRIGOULE - VILLENEUVE 2025 (2 pages) Page 26\n30-2025-05-28-00021 - AP MODIFICATION VIDEOPROTECTION CREDIT\nMUTUEL - FABRIGOULE - VILLENEUVE 2025 (2 pages) Page 29\n30-2025-05-28-00018 - AP MODIFICATION VIDEOPROTECTION MAIRIE DE\nCABRIERES 2025 (4 pages) Page 32\n30-2025-05-26-00010 - HABILITATION MEDIATRICE (1 page) Page 37\nPrefecture du Gard / CABINET\n30-2025-05-26-00007 - Arr\u00eat\u00e9 fixant la liste des m\u00e9decins agr\u00e9\u00e9s\ncharg\u00e9s d'exercer le contr\u00f4le m\u00e9dical de l'aptitude \u00e0 la conduite\npour le d\u00e9partement du Gard (6 pages) Page 39\nPrefecture du Gard / SAPSI\n30-2025-06-02-00001 - Arr\u00eat\u00e9 N\u00b030-2025-06-02-00001 portant\ninterdiction de rassemblement ou de manifestation \u00e0 caract\u00e8re\nrevendicatif sur la voie publique et le domaine routier. (6 pages) Page 46\n2\nAgence R\u00e9gionale de la Sant\u00e9- d\u00e9l\u00e9gation\nd\u00e9partementale du Gard\n30-2025-05-31-00002\nArr\u00eat\u00e9 pr\u00e9fectoral portant r\u00e9quisition d'un\npersonnel navigant (pilote et assistant de vol)\nafin de garantir la continuit\u00e9 de l'activit\u00e9\nH\u00e9liSMUR dans le cadre de l'aide m\u00e9dicale\nurgente \u00e0 compter du 3 juin 2025 8h00 \u00e0 20h00\nheure de Paris\nAgence R\u00e9gionale de la Sant\u00e9- d\u00e9l\u00e9gation d\u00e9partementale du Gard - 30-2025-05-31-00002 - Arr\u00eat\u00e9 pr\u00e9fectoral portant r\u00e9quisition d'un\npersonnel navigant (pilote et assistant de vol) afin de garantir la continuit\u00e9 de l'activit\u00e9 H\u00e9liSMUR dans le cadre de l'aide m\u00e9dicale\nurgente \u00e0 compter du 3 juin 2025 8h00 \u00e0 20h00 heure de Paris\n3\n=xPREFETDU GARDLibert\u00e9Egalit\u00e9Fraternit\u00e9\nAl@ D Agence R\u00e9gonak de Sant\u00e9Ccitanie\nArr\u00eat\u00e9 pr\u00e9fectoral portant r\u00e9quisition d'un personnel navigant (pilote et assistant de vol)  afin de \ngarantir la continuit\u00e9 de l'activit\u00e9 H\u00e9liSMUR dans le cadre de l'aide m\u00e9dicale urgente \u00e0 compter du 3 \njuin 2025 8h00 \u00e0 20h00 heure de Paris\nLe pr\u00e9fet du Gard\nVU l'alin\u00e9a 7 du Pr\u00e9ambule de la Constitution du 27 octobre 1946 ;\nVU le r\u00e8glement (CE) n\u00b0 216/2008 modifi\u00e9 du Parlement europ\u00e9en et du Conseil du 20 f\u00e9vrier 2008 concernant \ndes r\u00e8gles communes dans le domaine de l'aviation civile et instituant une Agence europ\u00e9enne de la s\u00e9curit\u00e9  \na\u00e9rienne, et abrogeant la directive 91/670/CEE du Conseil, le r\u00e8glement (CE) n\u00b0 1592/2002 et la directive  \n2004/36/CE ;\nVU la sous-partie \u00ab TC \u00e9quipage technique dans le cadre d'op\u00e9rations SMUH, HHO ou NVIS \u00bb du r\u00e8glement (UE) \nn\u00b0 965/2012 de la Commission du 5 octobre 2012 d\u00e9terminant les exigences techniques et les proc\u00e9dures  \nadministratives  applicables  aux  op\u00e9rations  a\u00e9riennes  conform\u00e9ment  au  r\u00e8glement  (CE)  n\u00b0  216/2008  du \nParlement europ\u00e9en et du Conseil ;\nVU le code g\u00e9n\u00e9ral des collectivit\u00e9s territoriales et notamment le 4\u00b0 de l'article L. 2215-1 ;\nVU le code de la sant\u00e9 publique et notamment les articles L. 6112-1, L. 6311-1, L. 6311-2, R. 6311-1 \u00e0 R. 6311-7, \nR. 6123-14 \u00e0 R. 6123-17, R. 6312-24 \u00e0 R. 6312-28, et D. 6124-14 \u00e0 D. 6124-16 relatifs \u00e0 l'aide m\u00e9dicale urgente \net aux structures mobiles d'urgence et de r\u00e9animation ;\nVU le d\u00e9cret n\u00b0 2004-374 du 29 avril 2004 relatif aux pouvoirs des pr\u00e9fets et \u00e0 l'action des services et organismes \npublics de l'Etat ;\nVU le d\u00e9cret n\u00b0 2010-336 du 31 mars 2010 portant cr\u00e9ation des agences r\u00e9gionales de sant\u00e9 ;\nVU l'instruction n\u00b0 DGOS/R2/2015/333 du 10 novembre 2015 relative \u00e0 la mise en conformit\u00e9 des missions  \nH\u00e9liSMUR avec la r\u00e9glementation europ\u00e9enne de l'aviation civile le 1er janvier 2016 au plus tard\nVU l'instruction interminist\u00e9rielle n\u00b0 DGOS/R2/DGSCGC/2017/102 du 24 mars 2017 relative aux moyens  \nh\u00e9liport\u00e9s de la direction g\u00e9n\u00e9rale de la s\u00e9curit\u00e9 civile et de la gestion des crises et des \u00e9tablissements de sant\u00e9 \nutilis\u00e9s dans le cadre du secours \u00e0 personne et de l'aide m\u00e9dicale urgente ;\nVU la note d'information n\u00b0 DGOS/R2/2016/219 du 4 juillet 2016 relative \u00e0 l'activit\u00e9 SMUR h\u00e9liport\u00e9e : Point  \nd'\u00e9tape de la mise en \u0153uvre de la r\u00e9glementation europ\u00e9enne de l'aviation civile \u2013 Composition des \u00e9quipes  \nd'intervention SMUR h\u00e9liport\u00e9es ;\nVU  le  courrier  en  date  du  par  lequel  le  Syndicat  National  des  Personnels  Navigants  de  l'A\u00e9ronautique \n(SNPNAC)a d\u00e9pos\u00e9 le 20 mai 2025 aupr\u00e8s des soci\u00e9t\u00e9s mettant \u00e0 disposition des \u00e9tablissements de sant\u00e9  \nsi\u00e8ges d'H\u00e9liSMUR par voie de march\u00e9 public des moyens h\u00e9liport\u00e9s un pr\u00e9avis de gr\u00e8ve national des assistants \nde vol (TCM) pour la p\u00e9riode du jeudi 29 mai 2025 \u00e0 07h00 au mercredi 4 juin 2025 \u00e0 06h59 (heure de Paris),  \np\u00e9riode reconductible ;\nVU le courrier en date du par lequel le Syndicat National des Pilotes de Lignes (SNPL) a d\u00e9pos\u00e9 le 16 mai 2025 \naupr\u00e8s des soci\u00e9t\u00e9s mettant \u00e0 disposition des \u00e9tablissements de sant\u00e9 si\u00e8ges d'H\u00e9liSMUR par voie de march\u00e9  \npublic des moyens h\u00e9liport\u00e9s un pr\u00e9avis de gr\u00e8ve national des assistants de vol (TCM) pour la p\u00e9riode du jeudi 29 \nmai 2025 \u00e0 07h00 au mercredi 4 juin 2025 \u00e0 06h59 (heure de Paris) p\u00e9riode reconductible ;\nConsid\u00e9rant les missions de la structure mobile d'urgence et de r\u00e9animation, fix\u00e9es \u00e0 l'article R. 6123-15 du  \ncode  de  la  sant\u00e9  publique,  lesquelles  sont  les  suivantes  :  \u00ab  assurer,  en  permanence,  en  tous  lieux  et \nprioritairement hors de l'\u00e9tablissement de sant\u00e9 auquel il est rattach\u00e9, la prise en charge d'un patient dont l'\u00e9tat  \n1 / 3\nAgence R\u00e9gionale de la Sant\u00e9- d\u00e9l\u00e9gation d\u00e9partementale du Gard - 30-2025-05-31-00002 - Arr\u00eat\u00e9 pr\u00e9fectoral portant r\u00e9quisition d'un\npersonnel navigant (pilote et assistant de vol) afin de garantir la continuit\u00e9 de l'activit\u00e9 H\u00e9liSMUR dans le cadre de l'aide m\u00e9dicale\nurgente \u00e0 compter du 3 juin 2025 8h00 \u00e0 20h00 heure de Paris\n4\n=xPREFETDU GARDLibert\u00e9Egalit\u00e9Fraternit\u00e9\nAl@ D Agence R\u00e9gonak de Sant\u00e9Ccitanie\nrequiert de fa\u00e7on urgente une prise en charge m\u00e9dicale et de r\u00e9animation, et, le cas \u00e9ch\u00e9ant, et apr\u00e8s r\u00e9gulation \npar le SAMU, le transport de ce patient vers un \u00e9tablissement de sant\u00e9 \u00bb, et \u00ab assurer le transfert entre deux  \n\u00e9tablissements de sant\u00e9 d'un patient n\u00e9cessitant une prise en charge m\u00e9dicale pendant le trajet \u00bb ;\nConsid\u00e9rant qu'en application de l'article D. 6124-13 du code de la sant\u00e9 publique, l'\u00e9quipe d'intervention de la \nstructure mobile d'urgence et de r\u00e9animation comprend au moins un m\u00e9decin, un infirmier et un conducteur ou  \npilote ;\nConsid\u00e9rant la nature des fonctions de l'assistant de vol, lesquelles consistent \u00e0 assister le pilote pendant la  \nmission et \u00e0 porter secours \u00e0 toute personne ayant besoin d'une assistance m\u00e9dicale transport\u00e9e \u00e0 bord de  \nl'h\u00e9licopt\u00e8re ;\nConsid\u00e9rant la n\u00e9cessit\u00e9 de garantir l'acc\u00e8s aux vecteurs H\u00e9liSMUR dans le cadre de l'aide m\u00e9dicale urgente  \ndans les conditions actuelles du r\u00e9gime de vol SMUH, soit un \u00e9quipage constitu\u00e9 d'un pilote et d'un assistant de \nvol, ou de deux pilotes ainsi que de l'\u00e9quipe SMUR compos\u00e9e d'un m\u00e9decin et d'un IDE ;\nConsid\u00e9rant l'impact de l'interruption d'activit\u00e9 des assistants de vol sur la disponibilit\u00e9 du vecteur H\u00e9liSMUR ;\nConsid\u00e9rant  la n\u00e9cessit\u00e9 de garantir la continuit\u00e9 de l'activit\u00e9 H\u00e9liSMUR r\u00e9gul\u00e9e dans le cadre de l'aide  \nm\u00e9dicale urgente afin de garantir la s\u00e9curit\u00e9 des patients ainsi que la continuit\u00e9 des soins, mission de service  \npublic ;\nConsid\u00e9rant que l'article L. 2215-1 4\u00b0 du code g\u00e9n\u00e9ral des collectivit\u00e9s territoriales dispose que \u00ab  en cas  \nd'urgence, lorsque l'atteinte constat\u00e9e ou pr\u00e9visible au bon ordre, \u00e0 la salubrit\u00e9, \u00e0 la tranquillit\u00e9 et \u00e0 la s\u00e9curit\u00e9  \npubliques l'exige et que les moyens dont dispose le pr\u00e9fet ne permettent plus de poursuivre les objectifs pour  \nlesquels il d\u00e9tient des pouvoirs de police, celui-ci peut, par arr\u00eat\u00e9 motiv\u00e9, pour toutes les communes du  \nd\u00e9partement ou plusieurs ou une seule d'entre elles, r\u00e9quisitionner tout bien ou service, requ\u00e9rir toute personne \nn\u00e9cessaire au fonctionnement de ce service ou \u00e0 l'usage de ce bien et prescrire toute mesure utile jusqu'\u00e0 ce que \nl'atteinte \u00e0 l'ordre public ait pris fin ou que les conditions de son maintien soient assur\u00e9es \u00bb.\nConsid\u00e9rant le pr\u00e9avis de gr\u00e8ve d\u00e9pos\u00e9 par le syndicat national du personnel navigant de l'a\u00e9ronautique du 29 \nmai 2025 \u00e0 compter de 07h00 heure de Paris jusqu'au 4 juin 2025 06h59 heure de Paris ;\nConsid\u00e9rant ainsi qu'il y a lieu de constater l'atteinte pr\u00e9visible \u00e0 la s\u00e9curit\u00e9 publique par l'existence d'un risque \ngrave pour la sant\u00e9 publique et d'une situation d'urgence ;\nConsid\u00e9rant  dans  ces  conditions,  qu'il  convient  de  prendre  des  mesures  impos\u00e9es  par  l'urgence  et \nproportionn\u00e9es aux n\u00e9cessit\u00e9s d'ordre public, au nombre desquelles figurent les imp\u00e9ratifs de sant\u00e9 publique en \nassurant le service de l'activit\u00e9 H\u00e9liSMUR dans le d\u00e9partement des Bouches du Rh\u00f4ne par la voie de la  \nr\u00e9quisition des personnels d'assistants de vol ;\nSur proposition du Directeur g\u00e9n\u00e9ral de l'Agence r\u00e9gionale de sant\u00e9 Nouvelle-Aquitaine\nARRETE \nArticle 1  er   \u2013 Monsieur Romain GIRARD, assistant de vol \u00e0 Nimes, est r\u00e9quisitionn\u00e9 le mardi 3 juin 2025, de 8h00 \n\u00e0 20h00, afin d'assurer la continuit\u00e9 de l'activit\u00e9 H\u00e9liSMUR pour le secteur de Nimes.\nArticle 2 \u2013 Le pr\u00e9sent arr\u00eat\u00e9 sera notifi\u00e9 individuellement, \u00e0 Monsieur Romain GIRARD, 5 impasse de Liqueyrol \n30720 RIBAUTE LES TAVERNES.\n2 / 3\nAgence R\u00e9gionale de la Sant\u00e9- d\u00e9l\u00e9gation d\u00e9partementale du Gard - 30-2025-05-31-00002 - Arr\u00eat\u00e9 pr\u00e9fectoral portant r\u00e9quisition d'un\npersonnel navigant (pilote et assistant de vol) afin de garantir la continuit\u00e9 de l'activit\u00e9 H\u00e9liSMUR dans le cadre de l'aide m\u00e9dicale\nurgente \u00e0 compter du 3 juin 2025 8h00 \u00e0 20h00 heure de Paris\n5\n=xPREFETDU GARDLibert\u00e9Egalit\u00e9Fraternit\u00e9\nAl@ D Agence R\u00e9gonak de Sant\u00e9Ccitanie\nArticle 3 \u2013 En cas de refus de d\u00e9f\u00e9rer aux r\u00e9quisitions de l'autorit\u00e9 publique, la personne requise s'expose aux  \nsanctions p\u00e9nales ou administratives pr\u00e9vues \u00e0 l'article L. 2215-1 du code g\u00e9n\u00e9ral des collectivit\u00e9s territoriales. \nArticle 4 \u2013 Le pr\u00e9sent arr\u00eat\u00e9 est susceptible dans un d\u00e9lai de deux mois \u00e0 compter de sa notification ou de sa  \npublication de faire l'objet d'une recours contentieux devant le tribunal administratif territorialement comp\u00e8tent.  \nLe tribunal administratif peut \u00eatre saisi par requ\u00eate adress\u00e9e par lettre recommand\u00e9e avec accus\u00e9 de r\u00e9ception \nou de mani\u00e8re d\u00e9mat\u00e9rialis\u00e9e via l'application \u00ab T\u00e9l\u00e9recours citoyen \u00bb accessible sur le site www.telerecours.fr\nArticle 5 : Le Directeur de Cabinet de la Pr\u00e9fecture du Gard et le Directeur D\u00e9partemental du Gard de l'Agence \nR\u00e9gionale de Sant\u00e9 sont charg\u00e9s, chacun en ce qui le concerne, de l'ex\u00e9cution du pr\u00e9sent arr\u00eat\u00e9 qui sera publi\u00e9 \nau recueil des actes administratifs de la pr\u00e9fecture du Gard et notifi\u00e9 \u00e0 un repr\u00e9sentant l\u00e9gal de la soci\u00e9t\u00e9  \nexploitant l'activit\u00e9 d'H\u00e9liSMUR.\nFait \u00e0 Nimes, le 31 mai 2025 \nLe Pr\u00e9fet\nPar d\u00e9l\u00e9gation \nLe sous-pr\u00e9fet d'Al\u00e8s\n\u00c9mile SOUMBO\n  \n  \n                                     \n3 / 3\nAgence R\u00e9gionale de la Sant\u00e9- d\u00e9l\u00e9gation d\u00e9partementale du Gard - 30-2025-05-31-00002 - Arr\u00eat\u00e9 pr\u00e9fectoral portant r\u00e9quisition d'un\npersonnel navigant (pilote et assistant de vol) afin de garantir la continuit\u00e9 de l'activit\u00e9 H\u00e9liSMUR dans le cadre de l'aide m\u00e9dicale\nurgente \u00e0 compter du 3 juin 2025 8h00 \u00e0 20h00 heure de Paris\n6\nAgence R\u00e9gionale de la Sant\u00e9- d\u00e9l\u00e9gation\nd\u00e9partementale du Gard\n30-2025-05-31-00001\nArr\u00eat\u00e9 pr\u00e9fectoral portant r\u00e9quisition d'un\npersonnel navigant (pilote et assistant de vol)\nafin de garantir la continuit\u00e9 de l'activit\u00e9\nH\u00e9liSMUR dans le cadre de l'aide m\u00e9dicale\nurgente \u00e0 compter du 4 juin 2025 \u00e0 7h00 (heure\nde paris)\nAgence R\u00e9gionale de la Sant\u00e9- d\u00e9l\u00e9gation d\u00e9partementale du Gard - 30-2025-05-31-00001 - Arr\u00eat\u00e9 pr\u00e9fectoral portant r\u00e9quisition d'un\npersonnel navigant (pilote et assistant de vol) afin de garantir la continuit\u00e9 de l'activit\u00e9 H\u00e9liSMUR dans le cadre de l'aide m\u00e9dicale\nurgente \u00e0 compter du 4 juin 2025 \u00e0 7h00 (heure de paris)\n7\n=xPREFETDU GARDLibert\u00e9Egalit\u00e9Fraternit\u00e9\nAl@ D Agence R\u00e9gonak de Sant\u00e9Ccitanie\nArr\u00eat\u00e9 pr\u00e9fectoral portant r\u00e9quisition d'un personnel navigant (pilote et assistant de vol)  afin de \ngarantir la continuit\u00e9 de l'activit\u00e9 H\u00e9liSMUR dans le cadre de l'aide m\u00e9dicale urgente \u00e0 compter du 4 \njuin 2025 \u00e0 7h00 (heure de paris)\nLe pr\u00e9fet du Gard\nVU  l'alin\u00e9a 7 du Pr\u00e9ambule de la Constitution du 27 octobre 1946 ;\nVU le r\u00e8glement (CE) n\u00b0 216/2008 modifi\u00e9 du Parlement europ\u00e9en et du Conseil du 20 f\u00e9vrier 2008  \nconcernant des r\u00e8gles communes dans le domaine de l'aviation civile et instituant une Agence europ\u00e9enne de la \ns\u00e9curit\u00e9 a\u00e9rienne, et abrogeant la directive 91/670/CEE du Conseil, le r\u00e8glement (CE) n\u00b0 1592/2002 et la  \ndirective 2004/36/CE ;\nVU la sous-partie \u00ab TC \u00e9quipage technique dans le cadre d'op\u00e9rations SMUH, HHO ou NVIS \u00bb du r\u00e8glement \n(UE) n\u00b0 965/2012 de la Commission du 5 octobre 2012 d\u00e9terminant les exigences techniques et les proc\u00e9dures \nadministratives  applicables  aux  op\u00e9rations  a\u00e9riennes  conform\u00e9ment  au  r\u00e8glement  (CE)  n\u00b0  216/2008  du \nParlement europ\u00e9en et du Conseil ;\nVU le code g\u00e9n\u00e9ral des collectivit\u00e9s territoriales et notamment le 4\u00b0 de l'article L. 2215-1 ;\nVU le code de la sant\u00e9 publique et notamment les articles L. 6112-1, L. 6311-1, L. 6311-2, R. 6311-1 \u00e0 R.  \n6311-7, R. 6123-14 \u00e0 R. 6123-17, R. 6312-24 \u00e0 R. 6312-28, et D. 6124-14 \u00e0 D. 6124-16 relatifs \u00e0 l'aide m\u00e9dicale \nurgente et aux structures mobiles d'urgence et de r\u00e9animation ;\nVU le d\u00e9cret n\u00b0 2004-374 du 29 avril 2004 relatif aux pouvoirs des pr\u00e9fets et \u00e0 l'action des services et  \norganismes publics de l'Etat ;\nVU le d\u00e9cret n\u00b0 2010-336 du 31 mars 2010 portant cr\u00e9ation des agences r\u00e9gionales de sant\u00e9 ;\nVU l'instruction n\u00b0 DGOS/R2/2015/333 du 10 novembre 2015 relative \u00e0 la mise en conformit\u00e9 des missions \nH\u00e9liSMUR avec la r\u00e9glementation europ\u00e9enne de l'aviation civile le 1er janvier 2016 au plus tard\nVU l'instruction interminist\u00e9rielle n\u00b0 DGOS/R2/DGSCGC/2017/102 du 24 mars 2017 relative aux moyens  \nh\u00e9liport\u00e9s de la direction g\u00e9n\u00e9rale de la s\u00e9curit\u00e9 civile et de la gestion des crises et des \u00e9tablissements de sant\u00e9 \nutilis\u00e9s dans le cadre du secours \u00e0 personne et de l'aide m\u00e9dicale urgente ;\nVU la note d'information n\u00b0 DGOS/R2/2016/219 du 4 juillet 2016 relative \u00e0 l'activit\u00e9 SMUR h\u00e9liport\u00e9e : Point \nd'\u00e9tape de la mise en \u0153uvre de la r\u00e9glementation europ\u00e9enne de l'aviation civile \u2013 Composition des \u00e9quipes  \nd'intervention SMUR h\u00e9liport\u00e9es ;\nVU le courrier en date du par lequel le Syndicat National des Personnels Navigants de l'A\u00e9ronautique  \n(SNPNAC)a d\u00e9pos\u00e9 le 20 mai 2025 aupr\u00e8s des soci\u00e9t\u00e9s mettant \u00e0 disposition des \u00e9tablissements de sant\u00e9  \nsi\u00e8ges d'H\u00e9liSMUR par voie de march\u00e9 public des moyens h\u00e9liport\u00e9s un pr\u00e9avis de gr\u00e8ve national des assistants \nde vol (TCM) pour la p\u00e9riode du jeudi 29 mai 2025 \u00e0 07h00 au mercredi 4 juin 2025 \u00e0 06h59 (heure de Paris),  \np\u00e9riode reconductible ;\nVU le courrier par lequel le Syndicat National des Pilotes de Lignes (SNPL) a d\u00e9pos\u00e9 le 26 mai 2025 aupr\u00e8s \ndes soci\u00e9t\u00e9s mettant \u00e0 disposition des \u00e9tablissements de sant\u00e9 si\u00e8ges d'H\u00e9liSMUR par voie de march\u00e9 public  \ndes moyens h\u00e9liport\u00e9s un pr\u00e9avis de gr\u00e8ve national des assistants de vol (TCM) une reconduction du pr\u00e9avis de \ngr\u00e8ve \u00e0 compter du mercredi 4 juin, 7h00 (heure de Paris) p\u00e9riode reconductible ;\nConsid\u00e9rant les missions de la structure mobile d'urgence et de r\u00e9animation, fix\u00e9es \u00e0 l'article R. 6123-15 du  \ncode  de  la  sant\u00e9  publique,  lesquelles  sont  les  suivantes  :  \u00ab  assurer,  en  permanence,  en  tous  lieux  et \nprioritairement hors de l'\u00e9tablissement de sant\u00e9 auquel il est rattach\u00e9, la prise en charge d'un patient dont l'\u00e9tat  \n1 / 3\nAgence R\u00e9gionale de la Sant\u00e9- d\u00e9l\u00e9gation d\u00e9partementale du Gard - 30-2025-05-31-00001 - Arr\u00eat\u00e9 pr\u00e9fectoral portant r\u00e9quisition d'un\npersonnel navigant (pilote et assistant de vol) afin de garantir la continuit\u00e9 de l'activit\u00e9 H\u00e9liSMUR dans le cadre de l'aide m\u00e9dicale\nurgente \u00e0 compter du 4 juin 2025 \u00e0 7h00 (heure de paris)\n8\n=xPREFETDU GARDLibert\u00e9Egalit\u00e9Fraternit\u00e9\nAl@ D Agence R\u00e9gonak de Sant\u00e9Ccitanie\nrequiert de fa\u00e7on urgente une prise en charge m\u00e9dicale et de r\u00e9animation, et, le cas \u00e9ch\u00e9ant, et apr\u00e8s r\u00e9gulation \npar le SAMU, le transport de ce patient vers un \u00e9tablissement de sant\u00e9 \u00bb, et \u00ab assurer le transfert entre deux  \n\u00e9tablissements de sant\u00e9 d'un patient n\u00e9cessitant une prise en charge m\u00e9dicale pendant le trajet \u00bb ;\nConsid\u00e9rant qu'en application de l'article D. 6124-13 du code de la sant\u00e9 publique, l'\u00e9quipe d'intervention de la \nstructure mobile d'urgence et de r\u00e9animation comprend au moins un m\u00e9decin, un infirmier et un conducteur ou  \npilote ;\nConsid\u00e9rant la nature des fonctions de l'assistant de vol, lesquelles consistent \u00e0 assister le pilote pendant la  \nmission et \u00e0 porter secours \u00e0 toute personne ayant besoin d'une assistance m\u00e9dicale transport\u00e9e \u00e0 bord de  \nl'h\u00e9licopt\u00e8re ;\nConsid\u00e9rant la n\u00e9cessit\u00e9 de garantir l'acc\u00e8s aux vecteurs H\u00e9liSMUR dans le cadre de l'aide m\u00e9dicale urgente  \ndans les conditions actuelles du r\u00e9gime de vol SMUH, soit un \u00e9quipage constitu\u00e9 d'un pilote et d'un assistant de \nvol, ou de deux pilotes ainsi que de l'\u00e9quipe SMUR compos\u00e9e d'un m\u00e9decin et d'un IDE ;\nConsid\u00e9rant l'impact de l'interruption d'activit\u00e9 des assistants de vol sur la disponibilit\u00e9 du vecteur H\u00e9liSMUR ;\nConsid\u00e9rant la n\u00e9cessit\u00e9 de garantir la continuit\u00e9 de l'activit\u00e9 H\u00e9liSMUR r\u00e9gul\u00e9e dans le cadre de l'aide  \nm\u00e9dicale urgente afin de garantir la s\u00e9curit\u00e9 des patients ainsi que la continuit\u00e9 des soins, mission de service  \npublic ;\nConsid\u00e9rant que l'article L. 2215-1 4\u00b0 du code g\u00e9n\u00e9ral des collectivit\u00e9s territoriales dispose que \u00ab  en cas  \nd'urgence, lorsque l'atteinte constat\u00e9e ou pr\u00e9visible au bon ordre, \u00e0 la salubrit\u00e9, \u00e0 la tranquillit\u00e9 et \u00e0 la s\u00e9curit\u00e9  \npubliques l'exige et que les moyens dont dispose le pr\u00e9fet ne permettent plus de poursuivre les objectifs pour  \nlesquels il d\u00e9tient des pouvoirs de police, celui-ci peut, par arr\u00eat\u00e9 motiv\u00e9, pour toutes les communes du  \nd\u00e9partement ou plusieurs ou une seule d'entre elles, r\u00e9quisitionner tout bien ou service, requ\u00e9rir toute personne \nn\u00e9cessaire au fonctionnement de ce service ou \u00e0 l'usage de ce bien et prescrire toute mesure utile jusqu'\u00e0 ce que \nl'atteinte \u00e0 l'ordre public ait pris fin ou que les conditions de son maintien soient assur\u00e9es \u00bb.\nConsid\u00e9rant le pr\u00e9avis de gr\u00e8ve d\u00e9pos\u00e9 par le syndicat national du personnel navigant de l'a\u00e9ronautique et le  \nSyndicat National des Pilotes de Lignes \u00e0 compter du 29 mai 2025 de 07h00 heure de Paris jusqu'au 4 juin 2025 \n06h59 heure de Paris ;\nConsid\u00e9rant la reconduction du pr\u00e9avis de gr\u00e8ve  d\u00e9pos\u00e9e par le syndicat national du personnel navigant de  \nl'a\u00e9ronautique du 4 juin 2025 \u00e0 compter de 7h heure de Paris ;\nConsid\u00e9rant ainsi qu'il y a lieu de constater l'atteinte pr\u00e9visible \u00e0 la s\u00e9curit\u00e9 publique par l'existence d'un risque \ngrave pour la sant\u00e9 publique et d'une situation d'urgence ;\nConsid\u00e9rant  dans  ces  conditions,  qu'il  convient  de  prendre  des  mesures  impos\u00e9es  par  l'urgence  et \nproportionn\u00e9es aux n\u00e9cessit\u00e9s d'ordre public, au nombre desquelles figurent les imp\u00e9ratifs de sant\u00e9 publique en \nassurant le service de l'activit\u00e9 H\u00e9liSMUR dans le d\u00e9partement du Gard des Bouches du Rh\u00f4ne par la voie de la \nr\u00e9quisition des personnels d'assistants de vol ;\nSur proposition du Directeur g\u00e9n\u00e9ral de l'Agence r\u00e9gionale de sant\u00e9 Occitanie Nouvelle-Aquitaine\nARRETE \nArticle 1  er   \u2013 Monsieur Romain GIRARD, assistant de vol \u00e0 Nimes, est r\u00e9quisitionn\u00e9 afin d'assurer la continuit\u00e9 de \nl'activit\u00e9 H\u00e9liSMUR pour le secteur de Nimes. :\n2 / 3\nAgence R\u00e9gionale de la Sant\u00e9- d\u00e9l\u00e9gation d\u00e9partementale du Gard - 30-2025-05-31-00001 - Arr\u00eat\u00e9 pr\u00e9fectoral portant r\u00e9quisition d'un\npersonnel navigant (pilote et assistant de vol) afin de garantir la continuit\u00e9 de l'activit\u00e9 H\u00e9liSMUR dans le cadre de l'aide m\u00e9dicale\nurgente \u00e0 compter du 4 juin 2025 \u00e0 7h00 (heure de paris)\n9\n=xPREFETDU GARDLibert\u00e9Egalit\u00e9Fraternit\u00e9\nAl@ D Agence R\u00e9gonak de Sant\u00e9Ccitanie\nLe mercredi 4 juin 2025, de 8h00 \u00e0 20h00,\nArticle 2 \u2013 Le pr\u00e9sent arr\u00eat\u00e9 sera notifi\u00e9 individuellement, \u00e0 Monsieur Romain GIRARD, 5 impasse de Liqueyrol \n30720 RIBAUTE LES TAVERNES.\nArticle 3 \u2013 En cas de refus de d\u00e9f\u00e9rer aux r\u00e9quisitions de l'autorit\u00e9 publique, la personne requise s'expose aux  \nsanctions p\u00e9nales ou administratives pr\u00e9vues \u00e0 l'article L. 2215-1 du code g\u00e9n\u00e9ral des collectivit\u00e9s territoriales. \nArticle 4 \u2013 Le pr\u00e9sent arr\u00eat\u00e9 est susceptible dans un d\u00e9lai de deux mois \u00e0 compter de sa notification ou de sa  \npublication de faire l'objet d'une recours contentieux devant le tribunal administratif territorialement comp\u00e8tent.  \nLe tribunal administratif peut \u00eatre saisi par requ\u00eate adress\u00e9e par lettre recommand\u00e9e avec accus\u00e9 de r\u00e9ception \nou de mani\u00e8re d\u00e9mat\u00e9rialis\u00e9e via l'application \u00ab T\u00e9l\u00e9recours citoyen \u00bb accessible sur le site www.telerecours.fr\nArticle 5 : Le Directeur de Cabinet de la Pr\u00e9fecture du Gard et le Directeur D\u00e9partemental du Gard de l'Agence \nR\u00e9gionale de Sant\u00e9 sont charg\u00e9s, chacun en ce qui le concerne, de l'ex\u00e9cution du pr\u00e9sent arr\u00eat\u00e9 qui sera publi\u00e9 \nau recueil des actes administratifs de la pr\u00e9fecture du Gard et notifi\u00e9 \u00e0 un repr\u00e9sentant l\u00e9gal de la soci\u00e9t\u00e9  \nexploitant l'activit\u00e9 d'H\u00e9liSMUR.\nFait \u00e0 Nimes, le 31 mai 2025 \nLe Pr\u00e9fet\nPar d\u00e9l\u00e9gation \nLe sous-pr\u00e9fet d'Al\u00e8s\nEmile SOUMBO\n  \n  \n                                     \n3 / 3\nAgence R\u00e9gionale de la Sant\u00e9- d\u00e9l\u00e9gation d\u00e9partementale du Gard - 30-2025-05-31-00001 - Arr\u00eat\u00e9 pr\u00e9fectoral portant r\u00e9quisition d'un\npersonnel navigant (pilote et assistant de vol) afin de garantir la continuit\u00e9 de l'activit\u00e9 H\u00e9liSMUR dans le cadre de l'aide m\u00e9dicale\nurgente \u00e0 compter du 4 juin 2025 \u00e0 7h00 (heure de paris)\n10\nAgence R\u00e9gionale de la Sant\u00e9- d\u00e9l\u00e9gation\nd\u00e9partementale du Gard\n30-2025-05-31-00003\nArr\u00eat\u00e9 pr\u00e9fectoral portant r\u00e9quisition d'un\npersonnel navigant (pilote et assistant de vol)\nafin de garantir la continuit\u00e9 de l'activit\u00e9\nH\u00e9liSMUR dans le cadre de l'aide m\u00e9dicale\nurgente \u00e0 compter du 4 juin 2025 \u00e0 7h00 (heure\nde paris)\nAgence R\u00e9gionale de la Sant\u00e9- d\u00e9l\u00e9gation d\u00e9partementale du Gard - 30-2025-05-31-00003 - Arr\u00eat\u00e9 pr\u00e9fectoral portant r\u00e9quisition d'un\npersonnel navigant (pilote et assistant de vol) afin de garantir la continuit\u00e9 de l'activit\u00e9 H\u00e9liSMUR dans le cadre de l'aide m\u00e9dicale\nurgente \u00e0 compter du 4 juin 2025 \u00e0 7h00 (heure de paris)\n11\n=xPREFETDU GARDLibert\u00e9Egalit\u00e9Fraternit\u00e9\nAl@ D Agence R\u00e9gonak de Sant\u00e9Ccitanie\nArr\u00eat\u00e9 pr\u00e9fectoral portant r\u00e9quisition d'un personnel navigant (pilote et assistant de vol)  afin de \ngarantir la continuit\u00e9 de l'activit\u00e9 H\u00e9liSMUR dans le cadre de l'aide m\u00e9dicale urgente \u00e0 compter du 4 \njuin 2025 \u00e0 7h00 (heure de paris)\nLe pr\u00e9fet du Gard\nVU  l'alin\u00e9a 7 du Pr\u00e9ambule de la Constitution du 27 octobre 1946 ;\nVU le r\u00e8glement (CE) n\u00b0 216/2008 modifi\u00e9 du Parlement europ\u00e9en et du Conseil du 20 f\u00e9vrier 2008  \nconcernant des r\u00e8gles communes dans le domaine de l'aviation civile et instituant une Agence europ\u00e9enne de la \ns\u00e9curit\u00e9 a\u00e9rienne, et abrogeant la directive 91/670/CEE du Conseil, le r\u00e8glement (CE) n\u00b0 1592/2002 et la  \ndirective 2004/36/CE ;\nVU la sous-partie \u00ab TC \u00e9quipage technique dans le cadre d'op\u00e9rations SMUH, HHO ou NVIS \u00bb du r\u00e8glement \n(UE) n\u00b0 965/2012 de la Commission du 5 octobre 2012 d\u00e9terminant les exigences techniques et les proc\u00e9dures \nadministratives  applicables  aux  op\u00e9rations  a\u00e9riennes  conform\u00e9ment  au  r\u00e8glement  (CE)  n\u00b0  216/2008  du \nParlement europ\u00e9en et du Conseil ;\nVU le code g\u00e9n\u00e9ral des collectivit\u00e9s territoriales et notamment le 4\u00b0 de l'article L. 2215-1 ;\nVU le code de la sant\u00e9 publique et notamment les articles L. 6112-1, L. 6311-1, L. 6311-2, R. 6311-1 \u00e0 R.  \n6311-7, R. 6123-14 \u00e0 R. 6123-17, R. 6312-24 \u00e0 R. 6312-28, et D. 6124-14 \u00e0 D. 6124-16 relatifs \u00e0 l'aide m\u00e9dicale \nurgente et aux structures mobiles d'urgence et de r\u00e9animation ;\nVU le d\u00e9cret n\u00b0 2004-374 du 29 avril 2004 relatif aux pouvoirs des pr\u00e9fets et \u00e0 l'action des services et  \norganismes publics de l'Etat ;\nVU le d\u00e9cret n\u00b0 2010-336 du 31 mars 2010 portant cr\u00e9ation des agences r\u00e9gionales de sant\u00e9 ;\nVU l'instruction n\u00b0 DGOS/R2/2015/333 du 10 novembre 2015 relative \u00e0 la mise en conformit\u00e9 des missions \nH\u00e9liSMUR avec la r\u00e9glementation europ\u00e9enne de l'aviation civile le 1er janvier 2016 au plus tard\nVU l'instruction interminist\u00e9rielle n\u00b0 DGOS/R2/DGSCGC/2017/102 du 24 mars 2017 relative aux moyens  \nh\u00e9liport\u00e9s de la direction g\u00e9n\u00e9rale de la s\u00e9curit\u00e9 civile et de la gestion des crises et des \u00e9tablissements de sant\u00e9 \nutilis\u00e9s dans le cadre du secours \u00e0 personne et de l'aide m\u00e9dicale urgente ;\nVU la note d'information n\u00b0 DGOS/R2/2016/219 du 4 juillet 2016 relative \u00e0 l'activit\u00e9 SMUR h\u00e9liport\u00e9e : Point \nd'\u00e9tape de la mise en \u0153uvre de la r\u00e9glementation europ\u00e9enne de l'aviation civile \u2013 Composition des \u00e9quipes  \nd'intervention SMUR h\u00e9liport\u00e9es ;\nVU le courrier en date du par lequel le Syndicat National des Personnels Navigants de l'A\u00e9ronautique  \n(SNPNAC)a d\u00e9pos\u00e9 le 20 mai 2025 aupr\u00e8s des soci\u00e9t\u00e9s mettant \u00e0 disposition des \u00e9tablissements de sant\u00e9  \nsi\u00e8ges d'H\u00e9liSMUR par voie de march\u00e9 public des moyens h\u00e9liport\u00e9s un pr\u00e9avis de gr\u00e8ve national des assistants \nde vol (TCM) pour la p\u00e9riode du jeudi 29 mai 2025 \u00e0 07h00 au mercredi 4 juin 2025 \u00e0 06h59 (heure de Paris),  \np\u00e9riode reconductible ;\nVU le courrier par lequel le Syndicat National des Pilotes de Lignes (SNPL) a d\u00e9pos\u00e9 le 26 mai 2025 aupr\u00e8s \ndes soci\u00e9t\u00e9s mettant \u00e0 disposition des \u00e9tablissements de sant\u00e9 si\u00e8ges d'H\u00e9liSMUR par voie de march\u00e9 public  \ndes moyens h\u00e9liport\u00e9s un pr\u00e9avis de gr\u00e8ve national des assistants de vol (TCM) une reconduction du pr\u00e9avis de \ngr\u00e8ve \u00e0 compter du mercredi 4 juin, 7h00 (heure de Paris) p\u00e9riode reconductible ;\nConsid\u00e9rant les missions de la structure mobile d'urgence et de r\u00e9animation, fix\u00e9es \u00e0 l'article R. 6123-15 du  \ncode  de  la  sant\u00e9  publique,  lesquelles  sont  les  suivantes  :  \u00ab  assurer,  en  permanence,  en  tous  lieux  et \nprioritairement hors de l'\u00e9tablissement de sant\u00e9 auquel il est rattach\u00e9, la prise en charge d'un patient dont l'\u00e9tat  \n1 / 3\nAgence R\u00e9gionale de la Sant\u00e9- d\u00e9l\u00e9gation d\u00e9partementale du Gard - 30-2025-05-31-00003 - Arr\u00eat\u00e9 pr\u00e9fectoral portant r\u00e9quisition d'un\npersonnel navigant (pilote et assistant de vol) afin de garantir la continuit\u00e9 de l'activit\u00e9 H\u00e9liSMUR dans le cadre de l'aide m\u00e9dicale\nurgente \u00e0 compter du 4 juin 2025 \u00e0 7h00 (heure de paris)\n12\n=xPREFETDU GARDLibert\u00e9Egalit\u00e9Fraternit\u00e9\nAl@ D Agence R\u00e9gonak de Sant\u00e9Ccitanie\nrequiert de fa\u00e7on urgente une prise en charge m\u00e9dicale et de r\u00e9animation, et, le cas \u00e9ch\u00e9ant, et apr\u00e8s r\u00e9gulation \npar le SAMU, le transport de ce patient vers un \u00e9tablissement de sant\u00e9 \u00bb, et \u00ab assurer le transfert entre deux  \n\u00e9tablissements de sant\u00e9 d'un patient n\u00e9cessitant une prise en charge m\u00e9dicale pendant le trajet \u00bb ;\nConsid\u00e9rant qu'en application de l'article D. 6124-13 du code de la sant\u00e9 publique, l'\u00e9quipe d'intervention de la \nstructure mobile d'urgence et de r\u00e9animation comprend au moins un m\u00e9decin, un infirmier et un conducteur ou  \npilote ;\nConsid\u00e9rant la nature des fonctions de l'assistant de vol, lesquelles consistent \u00e0 assister le pilote pendant la  \nmission et \u00e0 porter secours \u00e0 toute personne ayant besoin d'une assistance m\u00e9dicale transport\u00e9e \u00e0 bord de  \nl'h\u00e9licopt\u00e8re ;\nConsid\u00e9rant la n\u00e9cessit\u00e9 de garantir l'acc\u00e8s aux vecteurs H\u00e9liSMUR dans le cadre de l'aide m\u00e9dicale urgente  \ndans les conditions actuelles du r\u00e9gime de vol SMUH, soit un \u00e9quipage constitu\u00e9 d'un pilote et d'un assistant de \nvol, ou de deux pilotes ainsi que de l'\u00e9quipe SMUR compos\u00e9e d'un m\u00e9decin et d'un IDE ;\nConsid\u00e9rant l'impact de l'interruption d'activit\u00e9 des assistants de vol sur la disponibilit\u00e9 du vecteur H\u00e9liSMUR ;\nConsid\u00e9rant la n\u00e9cessit\u00e9 de garantir la continuit\u00e9 de l'activit\u00e9 H\u00e9liSMUR r\u00e9gul\u00e9e dans le cadre de l'aide  \nm\u00e9dicale urgente afin de garantir la s\u00e9curit\u00e9 des patients ainsi que la continuit\u00e9 des soins, mission de service  \npublic ;\nConsid\u00e9rant que l'article L. 2215-1 4\u00b0 du code g\u00e9n\u00e9ral des collectivit\u00e9s territoriales dispose que \u00ab  en cas  \nd'urgence, lorsque l'atteinte constat\u00e9e ou pr\u00e9visible au bon ordre, \u00e0 la salubrit\u00e9, \u00e0 la tranquillit\u00e9 et \u00e0 la s\u00e9curit\u00e9  \npubliques l'exige et que les moyens dont dispose le pr\u00e9fet ne permettent plus de poursuivre les objectifs pour  \nlesquels il d\u00e9tient des pouvoirs de police, celui-ci peut, par arr\u00eat\u00e9 motiv\u00e9, pour toutes les communes du  \nd\u00e9partement ou plusieurs ou une seule d'entre elles, r\u00e9quisitionner tout bien ou service, requ\u00e9rir toute personne \nn\u00e9cessaire au fonctionnement de ce service ou \u00e0 l'usage de ce bien et prescrire toute mesure utile jusqu'\u00e0 ce que \nl'atteinte \u00e0 l'ordre public ait pris fin ou que les conditions de son maintien soient assur\u00e9es \u00bb.\nConsid\u00e9rant le pr\u00e9avis de gr\u00e8ve d\u00e9pos\u00e9 par le syndicat national du personnel navigant de l'a\u00e9ronautique et le  \nSyndicat National des Pilotes de Lignes \u00e0 compter du 29 mai 2025 de 07h00 heure de Paris jusqu'au 4 juin 2025 \n06h59 heure de Paris ;\nConsid\u00e9rant la reconduction du pr\u00e9avis de gr\u00e8ve  d\u00e9pos\u00e9e par le syndicat national du personnel navigant de  \nl'a\u00e9ronautique du 4 juin 2025 \u00e0 compter de 7h heure de Paris ;\nConsid\u00e9rant ainsi qu'il y a lieu de constater l'atteinte pr\u00e9visible \u00e0 la s\u00e9curit\u00e9 publique par l'existence d'un risque \ngrave pour la sant\u00e9 publique et d'une situation d'urgence ;\nConsid\u00e9rant  dans  ces  conditions,  qu'il  convient  de  prendre  des  mesures  impos\u00e9es  par  l'urgence  et \nproportionn\u00e9es aux n\u00e9cessit\u00e9s d'ordre public, au nombre desquelles figurent les imp\u00e9ratifs de sant\u00e9 publique en \nassurant le service de l'activit\u00e9 H\u00e9liSMUR dans le d\u00e9partement du Gard des Bouches du Rh\u00f4ne par la voie de la \nr\u00e9quisition des personnels d'assistants de vol ;\nSur proposition du Directeur g\u00e9n\u00e9ral de l'Agence r\u00e9gionale de sant\u00e9 Occitanie Nouvelle-Aquitaine\nARRETE \nArticle 1  er   \u2013 Monsieur Jean Michel BENAIGES, pilote \u00e0 Nimes, est r\u00e9quisitionn\u00e9 afin d'assurer la continuit\u00e9 de  \nl'activit\u00e9 H\u00e9liSMUR pour le secteur de Nimes. :\n2 / 3\nAgence R\u00e9gionale de la Sant\u00e9- d\u00e9l\u00e9gation d\u00e9partementale du Gard - 30-2025-05-31-00003 - Arr\u00eat\u00e9 pr\u00e9fectoral portant r\u00e9quisition d'un\npersonnel navigant (pilote et assistant de vol) afin de garantir la continuit\u00e9 de l'activit\u00e9 H\u00e9liSMUR dans le cadre de l'aide m\u00e9dicale\nurgente \u00e0 compter du 4 juin 2025 \u00e0 7h00 (heure de paris)\n13\n=xPREFETDU GARDLibert\u00e9Egalit\u00e9Fraternit\u00e9\nAl@ D Agence R\u00e9gonak de Sant\u00e9Ccitanie\nLe mercredi 4 juin 2025, de 8h00 \u00e0 20h00,\nArticle 2 \u2013 Le pr\u00e9sent arr\u00eat\u00e9 sera notifi\u00e9 individuellement, \u00e0 Monsieur Jean Michel BENAIGES, 116 chemin  \nd'Esparron AIGUES MORTES.\nArticle 3 \u2013 En cas de refus de d\u00e9f\u00e9rer aux r\u00e9quisitions de l'autorit\u00e9 publique, la personne requise s'expose aux  \nsanctions p\u00e9nales ou administratives pr\u00e9vues \u00e0 l'article L. 2215-1 du code g\u00e9n\u00e9ral des collectivit\u00e9s territoriales. \nArticle 4 \u2013 Le pr\u00e9sent arr\u00eat\u00e9 est susceptible dans un d\u00e9lai de deux mois \u00e0 compter de sa notification ou de sa  \npublication de faire l'objet d'une recours contentieux devant le tribunal administratif territorialement comp\u00e8tent.  \nLe tribunal administratif peut \u00eatre saisi par requ\u00eate adress\u00e9e par lettre recommand\u00e9e avec accus\u00e9 de r\u00e9ception \nou de mani\u00e8re d\u00e9mat\u00e9rialis\u00e9e via l'application \u00ab T\u00e9l\u00e9recours citoyen \u00bb accessible sur le site www.telerecours.fr\nArticle 5 : Le Directeur de Cabinet de la Pr\u00e9fecture du Gard et le Directeur D\u00e9partemental du Gard de l'Agence \nR\u00e9gionale de Sant\u00e9 sont charg\u00e9s, chacun en ce qui le concerne, de l'ex\u00e9cution du pr\u00e9sent arr\u00eat\u00e9 qui sera publi\u00e9 \nau recueil des actes administratifs de la pr\u00e9fecture du Gard et notifi\u00e9 \u00e0 un repr\u00e9sentant l\u00e9gal de la soci\u00e9t\u00e9  \nexploitant l'activit\u00e9 d'H\u00e9liSMUR.\nFait \u00e0 N\u00eemes, le 31 mai 2025 \nLe Pr\u00e9fet\nPar d\u00e9l\u00e9gation \nLe sous-pr\u00e9fet d'Al\u00e8s\nEmile SOUMBO\n  \n  \n  \n                                     \n3 / 3\nAgence R\u00e9gionale de la Sant\u00e9- d\u00e9l\u00e9gation d\u00e9partementale du Gard - 30-2025-05-31-00003 - Arr\u00eat\u00e9 pr\u00e9fectoral portant r\u00e9quisition d'un\npersonnel navigant (pilote et assistant de vol) afin de garantir la continuit\u00e9 de l'activit\u00e9 H\u00e9liSMUR dans le cadre de l'aide m\u00e9dicale\nurgente \u00e0 compter du 4 juin 2025 \u00e0 7h00 (heure de paris)\n14\nPrefecture du Gard\n30-2025-05-28-00017\nAP AUTORISATION\nVIDEOPROTECTIONAMICALE DES SAGES\nMILHAUD 2025\nPrefecture du Gard - 30-2025-05-28-00017 - AP AUTORISATION VIDEOPROTECTIONAMICALE DES SAGES MILHAUD 2025 15\nPREFETDU GARDLibert\u00e9Egalit\u00e9Fraternit\u00e9\nCabinet du Pr\u00e9fet\nDirection des S\u00e9curit\u00e9s\nService d'Animation des Politiques de S\u00e9curit\u00e9 Int\u00e9rieure\nBureau des Polices Administratives\nArr\u00eat\u00e9 n\u00b0 30-2025-\nportant autorisation de fonctionnement d'un syst\u00e8me de vid\u00e9oprotection\nLe pr\u00e9fet du Gard, \nChevalier de la L\u00e9gion d'Honneur, \nOfficier de l'Ordre National du M\u00e9rite, \nVu le titre V du livre Il de la partie l\u00e9gislative et de la partie r\u00e9glementaire du code de la  \ns\u00e9curit\u00e9 int\u00e9rieure\u00a0;\nVu le code civil et notamment son article 9\u00a0;\nVu le nouveau code p\u00e9nal et notamment son article 226-1\u00a0;\nVu le d\u00e9cret n\u00b0 2015-489 du 29 avril 2015 relatif \u00e0 la vid\u00e9oprotection\u00a0;\nVu le d\u00e9cret du 13 juillet 2023 nommant M. J\u00e9r\u00f4me BONET, pr\u00e9fet du Gard\u00a0;\nVu l'arr\u00eat\u00e9 minist\u00e9riel et la circulaire du 3 ao\u00fbt 2007 portant d\u00e9finition des normes techniques \ndes syst\u00e8mes de vid\u00e9oprotection\u00a0;\nVu l'arr\u00eat\u00e9 pr\u00e9fectoral n\u00b0 30-2024-10-18-00005 du 18 octobre 2024 donnant d\u00e9l\u00e9gation de signa-\nture \u00e0 M. Yann GERARD, secr\u00e9taire g\u00e9n\u00e9ral de la pr\u00e9fecture du Gard, sous-pr\u00e9fet de N\u00eemes\u00a0;\nVu l'arr\u00eat\u00e9 pr\u00e9fectoral n\u00b0 30-2024-10-18-00009 du 18 octobre 2024 donnant d\u00e9l\u00e9gation de signa-\nture  \u00e0  Mme  Marie-Charlotte  EUVRARD,  sous-pr\u00e9f\u00e8te,  directrice  de  cabinet  du  pr\u00e9fet  du \nGard\u00a0;\nVu l'arr\u00eat\u00e9 pr\u00e9fectoral n\u00b0 30-2024-11-28-00004 du 28 novembre 2024 donnant d\u00e9l\u00e9gation de si -\ngnature \u00e0 M. Franck LACOSTE, directeur des s\u00e9curit\u00e9s, directeur de cabinet adjoint du pr\u00e9fet  \ndu Gard\u00a0;\nVu la circulaire n\u00b0 INT D09/00057/C du 12 mars 2009 relative aux conditions de d\u00e9ploiement  \ndes syst\u00e8mes de vid\u00e9oprotection\u00a0;\nVu la  demande  du  pr\u00e9sident  de  l'amicale  des  Sages  de  MILHAUD  en  vue  d'obtenir \nl'autorisation de fonctionnement d'un syst\u00e8me de vid\u00e9oprotection pour son \u00e9tablissement\u00a0;\nVu l'avis du r\u00e9f\u00e9rent s\u00fbret\u00e9\u00a0;\nSur proposition de la directrice de cabinet du pr\u00e9fet du Gard.\nPrefecture du Gard - 30-2025-05-28-00017 - AP AUTORISATION VIDEOPROTECTIONAMICALE DES SAGES MILHAUD 2025 16\nArr\u00eate\u00a0:\nArticle 1\u00a0: Le pr\u00e9sent arr\u00eat\u00e9 annule et remplace l'arr\u00eat\u00e9 n\u00b030-2025-26-02-17 du 26 f\u00e9vrier 2025  \nautorisant l'installation d'un syst\u00e8me de vid\u00e9oprotection.\nArticle  2\u00a0: Le  pr\u00e9sident  de  l'amicale  des  Sages  est  autoris\u00e9  \u00e0  installer  un  syst\u00e8me  de \nvid\u00e9oprotection  compos\u00e9  de  3  cam\u00e9ras  int\u00e9rieures  et  13  cam\u00e9ras  exterieures.  Cette \nautorisation  est  valable  pour  une  dur\u00e9e  de  cinq  ans  renouvelable,  dans  les  conditions \npr\u00e9cis\u00e9es.\nLa pr\u00e9sente autorisation est d\u00e9livr\u00e9e sans pr\u00e9judice des droits des tiers.\nArticle  3\u00a0:  Ce  dispositif  de  vid\u00e9oprotection  ne  peut  \u00eatre  utilis\u00e9  qu'en  vue  d'assurer  la \npr\u00e9vention  des  atteintes  \u00e0  la  s\u00e9curit\u00e9  des  personnes  et  des  biens  dans  des  lieux  et \n\u00e9tablissements ouverts au public particuli\u00e8rement expos\u00e9s \u00e0 des risques d'agression ou de vol \net  \u00e0  la  protection  des  abords  imm\u00e9diats  des  b\u00e2timents  et  des  installations  de  lieux  et \n\u00e9tablissements  relevant  d'une  personne  morale  de  droit  priv\u00e9  expos\u00e9s  \u00e0  des  actes  de \nterrorisme.\nArticle  4\u00a0:  Le  public  est  inform\u00e9  de  la  pr\u00e9sence  de  ces  cam\u00e9ras  par  une  signal\u00e9tique \nappropri\u00e9e de mani\u00e8re claire, permanente et significative, \u00e0 chaque point d'acc\u00e8s du public,  \nde l'existence du syst\u00e8me de vid\u00e9oprotection. En outre \u00e0 chaque point d'acc\u00e8s du public, des  \naffichettes mentionnent les finalit\u00e9s poursuivies, les r\u00e9f\u00e9rences des articles du code de la  \ns\u00e9curit\u00e9  int\u00e9rieure,  la  loi  informatique  et  libert\u00e9s  n\u00b078-17  du  6  janvier  1978,  le  r\u00e8glement \neurop\u00e9en  2016/679,  la  dur\u00e9e  de  conservation  des  images  ainsi  que  les  coordonn\u00e9es  des \ndirecteurs des \u00e9tablissements aupr\u00e8s desquels s'exerce le droit d'acc\u00e8s aux images.\nArticle 5\u00a0: Hormis le cas d'une enqu\u00eate de flagrant d\u00e9lit, d'une enqu\u00eate pr\u00e9liminaire ou d'une  \ninformation judiciaire, les enregistrements sont d\u00e9truits dans un d\u00e9lai maximal de 15 \u00a0jours. Le \ntitulaire de l'autorisation tient un registre mentionnant les enregistrements r\u00e9alis\u00e9s, la date de \ndestruction des images et, le cas \u00e9ch\u00e9ant, la date de leur transmission au parquet.\nArticle 6 \u00a0: Les responsables de la mise en \u0153uvre du syst\u00e8me devront se porter garant des  \npersonnes susceptibles d'intervenir dans l'exploitation ou le visionnage des images, ainsi que  \ndans  la  maintenance  du  syst\u00e8me  mis  en  place.  Des  consignes  tr\u00e8s  pr\u00e9cises  sur  la \nconfidentialit\u00e9 des images capt\u00e9es et\u00a0/ ou enregistr\u00e9es et des atteintes \u00e0 la vie priv\u00e9e qu'elles  \npeuvent \u00e9ventuellement impliquer seront donn\u00e9es \u00e0 toutes les personnes concern\u00e9es.\nArticles 7 \u00a0: Toute modification pr\u00e9sentant un caract\u00e8re substantiel doit faire l'objet d'une  \nd\u00e9claration aupr\u00e8s des services pr\u00e9fectoraux, notamment un changement d'activit\u00e9 dans des  \nlieux prot\u00e9g\u00e9s, un changement dans la configuration des lieux ou un changement affectant la  \nprotection des images.\nArticles8\u00a0: Sans pr\u00e9judice des sanctions p\u00e9nales applicables, la pr\u00e9sente autorisation peut,  \napr\u00e8s que les int\u00e9ress\u00e9s aient \u00e9t\u00e9 mis \u00e0 m\u00eame de pr\u00e9senter leurs observations, \u00eatre retir\u00e9e en  \ncas de manquement aux dispositions figurant aux articles L251-2, L251-3, L252-1 \u00e0 L252-6, L253-\n1 \u00e0 L253-5 et R252-11 du code de la s\u00e9curit\u00e9 int\u00e9rieure ou encore en cas de modification des  \nconditions au vu desquelles cette autorisation a \u00e9t\u00e9 d\u00e9livr\u00e9e.\nPrefecture du Gard - 30-2025-05-28-00017 - AP AUTORISATION VIDEOPROTECTIONAMICALE DES SAGES MILHAUD 2025 17\nArticles 9\u00a0: La pr\u00e9sente autorisation peut faire l'objet d'un recours gracieux aupr\u00e8s des services \npr\u00e9fectoraux ou d'un recours contentieux devant le tribunal administratif de N\u00eemes dans un  \nd\u00e9lai de deux mois \u00e0 compter de la date de sa notification \u00e0 l'int\u00e9ress\u00e9 ou de sa publication.\nArticle 10 \u00a0: La directrice de cabinet du pr\u00e9fet du Gard, le directeur interd\u00e9partemental de la  \npolice nationale du Gard, le commandant du groupement de gendarmerie du Gard  sont \ncharg\u00e9s, chacun en ce qui le concerne, de l'ex\u00e9cution du pr\u00e9sent arr\u00eat\u00e9 qui sera publi\u00e9 au  \nrecueil des actes administratifs de la pr\u00e9fecture. Un exemplaire de cette d\u00e9cision sera notifi\u00e9  \naux p\u00e9titionnaires ainsi qu'\u00e0 la mairie d'implantation.\nLe pr\u00e9fet,\nPrefecture du Gard - 30-2025-05-28-00017 - AP AUTORISATION VIDEOPROTECTIONAMICALE DES SAGES MILHAUD 2025 18\nPrefecture du Gard\n30-2025-05-28-00019\nAP MODIFICATION VIDEOPROTECTION  MAIRIE\nBAGNOLS SUR CEZE 2025\nPrefecture du Gard - 30-2025-05-28-00019 - AP MODIFICATION VIDEOPROTECTION  MAIRIE BAGNOLS SUR CEZE 2025 19\nEuPREFETDU GARD Cabinet du Pr\u00e9fetenti Direction des S\u00e9curit\u00e9sFraternit\u00e9 . . . se A 7 7 \u00abon Service d'Animation des Politiques de S\u00e9curit\u00e9 Int\u00e9rieureBureau des Polices Administratives\n| Arr\u00eat\u00e9 n\u00b0 30-2025- 05-28-02portant modification de l'autorisation de fonctionnement d'un syst\u00e8me de vid\u00e9oprotection\nLe pr\u00e9fet du gard,Chevalier de la L\u00e9gion d'Honneur,Chevalier de l'Ordre National du M\u00e9rite,\nVu le titre V du livre Il de la partie l\u00e9gislative et de la partie r\u00e9glementaire du code de las\u00e9curit\u00e9 int\u00e9rieure ;Vu le code civil et notamment son article 9 ;Vu le nouveau code p\u00e9nal et notamment son article 226-1 ;Vu le d\u00e9\u00e9ret n\u00b0 2015-489 du 29 avril 2015 relatif \u00e0 la vid\u00e9oprotection ;Vu le d\u00e9cret du 13 juillet 2023 nommant M. J\u00e9r\u00f4me BONET, pr\u00e9fet du Gard ;Vu l'arr\u00eat\u00e9 minist\u00e9riel et la circulaire du 3 ao\u00fbt 2007 portant d\u00e9finition des normes techniquesdes syst\u00e8mes de vid\u00e9oprotection ;Vu l'arr\u00eat\u00e9 pr\u00e9fectoral n\u00b02019163-053 du 12 juin 2019 portant autorisation de fonctionnementd'un syst\u00e8me de vid\u00e9oprotection ;Vu l'arr\u00eat\u00e9 pr\u00e9fectoral n\u00b02022186-072 du 5 juillet 2022 portant modification defonctionnement d'un syst\u00e8me de vid\u00e9oprotection ;Vu l'arr\u00eat\u00e9 pr\u00e9fectoral n\u00b030-2024-10-30-01 du 30 octobre 2024 portant renouvellement defonctionnement d'un syst\u00e8me de vid\u00e9oprotection ;Vu l'arr\u00eat\u00e9 pr\u00e9fectoral n\u00b0 30-2024-10-18-00005 du 18 octobre 2024 donnant d\u00e9l\u00e9gation de signa-ture \u00e0 M. Yann GERARD, secr\u00e9taire g\u00e9n\u00e9ral de la pr\u00e9fecture du Gard, sous-pr\u00e9fet de N\u00eemes ;Vu l'arr\u00eat\u00e9 pr\u00e9fectoral n\u00b0 30-2024-10-18-00009 du 18 octobre 2024 donnant d\u00e9l\u00e9gation de signa-ture \u00e0 Mme Marie-Charlotte EUVRARD, sous-pr\u00e9f\u00e8te, directrice de cabinet du pr\u00e9fet duGard;Vu l'arr\u00eat\u00e9 pr\u00e9fectoral n\u00b0 30-2024-11-28-00004 du 28 novembre 2024 donnant d\u00e9l\u00e9gation de si-gnature \u00e0 M. Franck LACOSTE, directeur des s\u00e9curit\u00e9s, directeur de cabinet adjoint du pr\u00e9fetdu Gard ;Vu la circulaire n\u00b0 INT DO9/00057/C du 12 mars 2009 relative aux conditions de d\u00e9ploiementdes syst\u00e8mes de vid\u00e9oprotection ;\nPrefecture du Gard - 30-2025-05-28-00019 - AP MODIFICATION VIDEOPROTECTION  MAIRIE BAGNOLS SUR CEZE 2025 20\nVu la demande de modification de fonctionnement d'un syst\u00e8me de vid\u00e9oprotectionpr\u00e9sent\u00e9e par la mairie de BAGNOLS-SUR-CEZE ;Vu l'avis du r\u00e9f\u00e9rent s\u00fbret\u00e9 ;Vu l'avis de la commission d\u00e9partementale des syst\u00e8mes de vid\u00e9oprotection r\u00e9unie le 23 avril2025 :Sur proposition de la directrice de cabinet du pr\u00e9fet du Gard.\nArr\u00eate :Article 1: La mairie de BAGNOLS-SUR-CEZE est autoris\u00e9e \u00e0 modifier son syst\u00e8me devid\u00e9oprotection. Cette autorisation est valable pour une dur\u00e9e de cinq ans renouvelable.La pr\u00e9sente autorisation est d\u00e9livr\u00e9e sans pr\u00e9judice des droits des tiers.Cette modification intervient sur l'installation de vid\u00e9oprotection pr\u00e9c\u00e9demment autoris\u00e9epar arr\u00eat\u00e9 pr\u00e9fectoral n\u00b030-2024-10-30-01 du 30 octobre 2024 susvis\u00e9.Article 2: les modifications portent sur l'extension du syst\u00e8me par 3 cam\u00e9ras fixestemporaires sur la voie publique qui seront utilis\u00e9es lors de manifestations sur un p\u00e9rim\u00e8tred\u00e9fini et une p\u00e9riode donn\u00e9e et 31 cam\u00e9ras voie publique, soit un total de 95 cam\u00e9ras (7int\u00e9rieures - 88 voie publique dont 3 nomades).Article 3 : Le reste des dispositions pr\u00e9vues par l'arr\u00eat\u00e9 n\u00b030-2024-10-30-01 du 30 octobre 2024demeure applicable.Article 4: la directrice de cabinet du pr\u00e9fet du Gard, le directeur interd\u00e9partemental de lapolice nationale du Gard, le commandant du groupement de gendarmerie du Gard sontcharg\u00e9s, chacun en ce qui le concerne, de l'ex\u00e9cution du pr\u00e9sent arr\u00eat\u00e9 qui sera publi\u00e9 aurecueil des actes administratifs de la pr\u00e9fecture. Un exemplaire de cette d\u00e9cision sera notifi\u00e9au maire de la commune de BAGNOLS-SUR-CEZE.\nLe pr\u00e9fet,\nSign\u00e9 \u00e9lectroniquement parFranck LACOSTEle 28 mai 2025 14:46:17 GMT\nPrefecture du Gard - 30-2025-05-28-00019 - AP MODIFICATION VIDEOPROTECTION  MAIRIE BAGNOLS SUR CEZE 2025 21\nLISTE DES CAMERAS AUTORISEESSUR LA COMMUNE DE BAGNOLS-SUR-CEZE\nCAMERA 1 (JAURES)en serviceCAMERA 2 (REPUBLIQUE)en serviceCAMERA 3 (CASINO)en serviceCAMERA 4 (PENITENTS)en serviceCAMERA 5 (POSTERLON)en serviceCAMERA 6 (LACOMBE)en serviceCAMERA 7 (BOISSIN)en serviceCAMERA 8 (CREMIEUX)en serviceCAMERA 9 (LAURIERS)en serviceCAMERA 10 (COUTEL)en serviceCAMERA 11 (PISCINE)en serviceCAMERA 12 (MONT-COTTON)en serviceCAMERA 13 (CHATEAU)en serviceCAMERA 14 (MALLET-OUEST)en serviceCAMERA 15 (MALLET-EST)en serviceCAMERA 16 (DAMES)en service\nPlace Jean Jaur\u00e8s\nRue de la R\u00e9publique\nRue du Casino\nJardin des P\u00e9nitents\nPlace du Posterlon\nBoulevard Lacombe\nPlace Bertin Boissin\nRue Fernand Cr\u00e9mieux\nAll\u00e9e des Lauriers |\nRue Moli\u00e8re\nPiscine Municipale Guy Coutel\nParking du Mont-Cotton\nPlace du Ch\u00e2teau\nRue de l'Horloge\nPlace Mallet\nChemin des Dames\nPrefecture du Gard - 30-2025-05-28-00019 - AP MODIFICATION VIDEOPROTECTION  MAIRIE BAGNOLS SUR CEZE 2025 22\nCAMERA 17 (CSU)en serviceCAMERA 18 (Parking de la C\u00e8ze)en serviceCAMERA 19 (Parking des Eyrieux)en serviceCAMERA 20 (Parking Euzeby)en service| CAMERA 21 (SQUARE THOME)en serviceCAMERA 22 (URSINS)en serviceCAMERA 23 (PUECH)enservice \u2014CAMERA 24 (BORDELET)\nCAMERA 25 (LAGARAUD)\nCAMERA 26 (CITADELLE)en serviceCAMERAS (RP ANDRE MALRAUX)27, 28 et 29en service\nCAMERA 30 (BRAUNFELS)en serviceCAMERA 31 (19 MARS 1962)en serviceCAMERA 32 (MAYRE)en serviceCAMERAS (RP EDGAR TAILHADES)33, 34 et 35en service\nCAMERAS (RP 15\u00e8 CORPS D'ARMEE)36, 37 et 38\nEsplanade Andr\u00e9 Mourgue\nRond Point Jean Monnet\nAvenue du Commando Vigan Braquet\nChemin du Moulin de la Tour\nRue de la VerrerieCam\u00e9ra d\u00f4me coupl\u00e9e \u00e0 4 capteurs fixesRue des UrsinsCam\u00e9ra d\u00f4me coupl\u00e9e \u00e0 4 capteurs fixesPlace PuechCam\u00e9ra d\u00f4me coupl\u00e9e \u00e0 4 capteurs fixes ocAvenue du BordeletCam\u00e9ra d\u00f4me coupl\u00e9e \u00e0 4 capteurs fixesChemin LagaraudCam\u00e9ra d\u00f4me coupl\u00e9e \u00e0 4 capteurs fixes |: Rue des SorbiersCam\u00e9ra d\u00f4meRond-point Andr\u00e9 Malraux1 cam\u00e9ra d\u00f4me coupl\u00e9e \u00e0 4 capteurs fixes2 cam\u00e9ras permettant de visualiser les plaquesd'immatriculation (VPI)Rue de BraunfelsCam\u00e9ra d\u00f4me coupl\u00e9e \u00e0 4 capteurs fixesRue du 19 mars 1962Cam\u00e9ra d\u00f4me coupl\u00e9e \u00e0 4 capteurs fixesAvenue de la MayreCam\u00e9ra d\u00f4me coupl\u00e9e \u00e0 4 capteurs fixesRond-point Edgar Tailhades1 cam\u00e9ra d\u00f4me coupl\u00e9e a 4 capteurs fixes2 cam\u00e9ras permettant de visualiser les plaquesd'immatriculation (VPI).Rond-point 15*\"\u00b0 Corps d'Arm\u00e9e1 cam\u00e9ra d\u00f4me coupl\u00e9e \u00e0 4 capteurs fixes\nPrefecture du Gard - 30-2025-05-28-00019 - AP MODIFICATION VIDEOPROTECTION  MAIRIE BAGNOLS SUR CEZE 2025 23\nCAMERAS (RP DE L'ANCYSE)39 et 40\nCAMERAS (RP POMPIDOU)41, 42 et 43 |en service\nCAMERA 44 (BLUM)\nCAMERA 45 (PERRIERES)en serviceCAMERA 46 (ROCADE)\nCAMERAS (CHARRIER)47, 48 et 49en service\nCAMERA 50 (FONTAINE)\nCAMERAS (RN 580)51,52,53 et 54\nCAMERA 55 (ILOT ST GILLES SUD)en serviceCAMERA 56 (ILOT ST GILLES OUEST)en serviceCAMERA 57 (ILOT ST GILLES EST)en serviceCAMERA 58 (ILOT ST GILLES R1.0)en serviceCAMERA 59 (ILOT ST GILLES R1)en service\n2 cam\u00e9ras permettant de visualiser les plaquesd'immatriculation (VPI)Avenue de l'Ancyse1 cam\u00e9ra d\u00f4me coupl\u00e9e \u00e0 4 capteurs fixes1 cam\u00e9ra permettant de visualiser les plaquesd'immatriculation (VPI)Rond-point Pompidou |1 cam\u00e9ra d\u00f4me coupl\u00e9e \u00e0 4 capteurs fixes2 cam\u00e9ras permettant de visualiser les plaquesd'immatriculation (VPI) |Avenue L\u00e9on BlumCam\u00e9ra d\u00f4me coupl\u00e9e \u00e0 4 capteurs fixesDescente des Perri\u00e8resCam\u00e9ra d\u00f4me coupl\u00e9e \u00e0 4 capteurs fixesAvenue du G\u00e9n\u00e9ral de GaulleCam\u00e9ra d\u00f4me coupl\u00e9e \u00e0 4 capteurs fixesAvenue Charrier1 cam\u00e9ra d\u00f4me coupl\u00e9e \u00e0 4 capteurs fixes1 cam\u00e9ra fixe1 cam\u00e9ra fixe mixte permettant de visualiser les plaquesd'immatriculation (VPI)Rue L\u00e9on Fontaine1 Cam\u00e9ra d\u00f4meEntr\u00e9e Ouest RN 5802 cam\u00e9ras fixes2 cam\u00e9ras fixes mixtes permettant de visualiser les plaquesd'immatriculation (VPI)flot St Gilles - esplanade Andr\u00e9 MourgueCam\u00e9ra fixe |\u00celot St Gilles \u2014- esplanade Andr\u00e9 MourgueCam\u00e9ra fixe\u00celot St Gilles \u2014 esplanade Andr\u00e9 Mourgue |Cam\u00e9ra fixe\u00celot St Gilles - esplanade Andr\u00e9 MourgueCam\u00e9ra fixe\u00celot St Gilles - esplanade Andr\u00e9 MourgueCam\u00e9ra fixe\nPrefecture du Gard - 30-2025-05-28-00019 - AP MODIFICATION VIDEOPROTECTION  MAIRIE BAGNOLS SUR CEZE 2025 24\nCAMERA 60 (ILOT ST GILLES R2.1)en service\nCAMERA 61 (ILOT ST GILLES R2)en serviceCAMERA 62, 620 (Teste)\nCAMERA 63, 630 (Saint Bernard)CAMERA 64,640 (Saint Victor)\nCAMERA 65, 66, 67, 68 (Pyramide)\nCAMERA 69, 70 (Racine)\nCAMERA 71, 72 (Peupliers)\nCAMERA 73, 74 (Tro\u00e9nes)\nCAMERA 75, 76 (Garidel)\nCAMERA 77, 78 (Carcaixent)\nCAMERA 79, 80 (Perrin)\nCAMERA 81, 82 (Gare) |\nCAMERA 83, 84 (Parking gare)\nCAMERA 85, 86 (Fran\u00e7ois Mitterrand)\nCAMERA 87, 88, 89 (JACS)\nCAMERA 618 (VPI Parking de la C\u00e8ze)\n\u00celot St Gilles - esplanade Andr\u00e9 MourgueCam\u00e9ra fixe\n\u00celot St Gilles - esplanade Andr\u00e9 MourgueCam\u00e9ra fixeTeste1 cam\u00e9ra d\u00f4me coupl\u00e9e \u00e0 4 capteurs fixesSaint Bernard1 cam\u00e9ra d\u00f4me coupl\u00e9e \u00e0 4 capteurs fixesSaint Victor1 cam\u00e9ra d\u00f4me coupl\u00e9e \u00e0 4 capteurs fixesPyramide1 cam\u00e9ra d\u00f4me coupl\u00e9e \u00e0 4 capteurs fixes2 cam\u00e9ras panoramiques.Racine1 cam\u00e9ra d\u00f4me coupl\u00e9e \u00e0 4 capteurs fixesPeupliers1 cam\u00e9ra d\u00f4me coupl\u00e9e \u00e0 4 capteurs fixesTro\u00ebnes1 cam\u00e9ra d\u00f4me coupl\u00e9e \u00e0 4 capteurs fixesGaridel2 cam\u00e9ras d\u00f4me coupl\u00e9es \u00e0 4 capteurs fixesCarcaixent1 cam\u00e9ra d\u00f4me coupl\u00e9e \u00e0 4 capteurs fixesPerrin1 cam\u00e9ra d\u00f4me coupl\u00e9e \u00e0 4 capteurs fixesGare1 cam\u00e9ra d\u00f4me coupl\u00e9e \u00e0 4 capteurs fixesParking gare1 cam\u00e9ra d\u00f4me coupl\u00e9e \u00e0 4 capteurs fixes: Francois Mitterrand1 cam\u00e9ra d\u00f4me coupl\u00e9e a 4 capteurs fixesJACS3 cam\u00e9ras nomadesVPI Parking de la C\u00e8ze\nPrefecture du Gard - 30-2025-05-28-00019 - AP MODIFICATION VIDEOPROTECTION  MAIRIE BAGNOLS SUR CEZE 2025 25\nPrefecture du Gard\n30-2025-05-28-00020\nAP MODIFICATION VIDEOPROTECTION CREDIT\nAGRICOLE - FABRIGOULE - VILLENEUVE 2025\nPrefecture du Gard - 30-2025-05-28-00020 - AP MODIFICATION VIDEOPROTECTION CREDIT AGRICOLE - FABRIGOULE - VILLENEUVE\n2025 26\nPREFETDU GARDLibert\u00e9Egalit\u00e9Fraternit\u00e9\nCabinet du Pr\u00e9fet\nDirection des S\u00e9curit\u00e9s\nService d'Animation des Politiques de S\u00e9curit\u00e9 Int\u00e9rieure\nBureau des Polices Administratives\nArr\u00eat\u00e9 n\u00b0 30-2025-\nportant modification de l'autorisation de fonctionnement d'un syst\u00e8me de vid\u00e9oprotection\nLe pr\u00e9fet du gard, \nChevalier de la L\u00e9gion d'Honneur, \nOfficier de l'Ordre National du M\u00e9rite, \nVu le titre V du livre Il de la partie l\u00e9gislative et de la partie r\u00e9glementaire du code de la  \ns\u00e9curit\u00e9 int\u00e9rieure\u00a0;\nVu le code civil et notamment son article 9\u00a0;\nVu le nouveau code p\u00e9nal et notamment son article 226-1\u00a0;\nVu le d\u00e9cret n\u00b0 2015-489 du 29 avril 2015 relatif \u00e0 la vid\u00e9oprotection\u00a0;\nVu le d\u00e9cret du 13 juillet 2023 nommant M. J\u00e9r\u00f4me BONET, pr\u00e9fet du Gard\u00a0;\nVu l'arr\u00eat\u00e9 minist\u00e9riel et la circulaire du 3 ao\u00fbt 2007 portant d\u00e9finition des normes techniques \ndes syst\u00e8mes de vid\u00e9oprotection\u00a0;\nVu l'arr\u00eat\u00e9  pr\u00e9fectoral  n\u00b02012282-0053  du  18  octobre  2012  portant  autorisation  de \nfonctionnement d'un syst\u00e8me de vid\u00e9oprotection\u00a0;\nVu l'arr\u00eat\u00e9  pr\u00e9fectoral  n\u00b02017151-064  du  31  mai  2017  portant  renouvellement  de  \nfonctionnement d'un syst\u00e8me de vid\u00e9oprotection\u00a0;\nVu l'arr\u00eat\u00e9 pr\u00e9fectoral n\u00b0 30-2024-10-18-00005 du 18 octobre 2024 donnant d\u00e9l\u00e9gation de signa-\nture \u00e0 M. Yann GERARD, secr\u00e9taire g\u00e9n\u00e9ral de la pr\u00e9fecture du Gard, sous-pr\u00e9fet de N\u00eemes\u00a0;\nVu l'arr\u00eat\u00e9 pr\u00e9fectoral n\u00b0 30-2024-10-18-00009 du 18 octobre 2024 donnant d\u00e9l\u00e9gation de signa-\nture  \u00e0  Mme  Marie-Charlotte  EUVRARD,  sous-pr\u00e9f\u00e8te,  directrice  de  cabinet  du  pr\u00e9fet  du \nGard\u00a0;\nVu l'arr\u00eat\u00e9 pr\u00e9fectoral n\u00b0 30-2024-11-28-00004 du 28 novembre 2024 donnant d\u00e9l\u00e9gation de si -\ngnature \u00e0 M. Franck LACOSTE, directeur des s\u00e9curit\u00e9s, directeur de cabinet adjoint du pr\u00e9fet  \ndu Gard\u00a0;\nVu la circulaire n\u00b0 INT D09/00057/C du 12 mars 2009 relative aux conditions de d\u00e9ploiement  \ndes syst\u00e8mes de vid\u00e9oprotection\u00a0;\nVu la  demande  de  modification  de  fonctionnement  d'un  syst\u00e8me  de  vid\u00e9oprotection \npr\u00e9sent\u00e9e par l'\u00e9tablissement CR\u00c9DIT AGRICOLE\u00a0;\nPrefecture du Gard - 30-2025-05-28-00020 - AP MODIFICATION VIDEOPROTECTION CREDIT AGRICOLE - FABRIGOULE - VILLENEUVE\n2025 27\nVu l'avis du r\u00e9f\u00e9rent s\u00fbret\u00e9\u00a0;\nVu l'avis de la commission d\u00e9partementale des syst\u00e8mes de vid\u00e9oprotection r\u00e9unie le 23 avril  \n2025\u00a0;\nSur proposition de la directrice de cabinet du pr\u00e9fet du Gard.\nArr\u00eate\u00a0:\nArticle 1 \u00a0: L '\u00e9tablissement CR\u00c9DIT AGRICOLE de VILLENEUVE-LEZ-AVIGNON  est autoris\u00e9 \u00e0  \nmodifier son syst\u00e8me de vid\u00e9oprotection . Cette autorisation est valable pour une dur\u00e9e de  \ncinq ans renouvelable.\nLa pr\u00e9sente autorisation est d\u00e9livr\u00e9e sans pr\u00e9judice des droits des tiers.\nCette modification intervient sur l'installation de vid\u00e9oprotection pr\u00e9c\u00e9demment autoris\u00e9e  \npar arr\u00eat\u00e9 pr\u00e9fectoral n\u00b02017151-064 du 31 mai 2017 susvis\u00e9.\nArticle 2\u00a0: La modification porte sur la suppression de 5 cam\u00e9ras int\u00e9rieures soit un total de 4  \ncam\u00e9ras (3 cam\u00e9ras int\u00e9rieures \u2013 1 cam\u00e9ra ext\u00e9rieure).\nArticle 3\u00a0: Le reste des dispositions pr\u00e9vues par l'arr\u00eat\u00e9 n\u00b02017151-064 du 31 mai 2017 demeure \napplicable.\nArticle 4 \u00a0: La directrice de cabinet du pr\u00e9fet du Gard, le directeur interd\u00e9partemental de la  \npolice nationale du Gard, le commandant du groupement de gendarmerie du Gard  sont \ncharg\u00e9s, chacun en ce qui le concerne, de l'ex\u00e9cution du pr\u00e9sent arr\u00eat\u00e9 qui sera publi\u00e9 au  \nrecueil des actes administratifs de la pr\u00e9fecture. Un exemplaire de cette d\u00e9cision sera notifi\u00e9  \naux p\u00e9titionnaires ainsi qu'\u00e0 la mairie d'implantation.\nLe pr\u00e9fet,\nPrefecture du Gard - 30-2025-05-28-00020 - AP MODIFICATION VIDEOPROTECTION CREDIT AGRICOLE - FABRIGOULE - VILLENEUVE\n2025 28\nPrefecture du Gard\n30-2025-05-28-00021\nAP MODIFICATION VIDEOPROTECTION CREDIT\nMUTUEL - FABRIGOULE - VILLENEUVE 2025\nPrefecture du Gard - 30-2025-05-28-00021 - AP MODIFICATION VIDEOPROTECTION CREDIT MUTUEL - FABRIGOULE - VILLENEUVE 2025 29\nPREFETDU GARDLibert\u00e9Egalit\u00e9Fraternit\u00e9\nCabinet du Pr\u00e9fet\nDirection des S\u00e9curit\u00e9s\nService d'Animation des Politiques de S\u00e9curit\u00e9 Int\u00e9rieure\nBureau des Polices Administratives\nArr\u00eat\u00e9 n\u00b0 30-2025-05-\nportant modification de l'autorisation de fonctionnement d'un syst\u00e8me de vid\u00e9oprotection\nLe pr\u00e9fet du gard, \nChevalier de la L\u00e9gion d'Honneur, \nOfficier de l'Ordre National du M\u00e9rite, \nVu le titre V du livre Il de la partie l\u00e9gislative et de la partie r\u00e9glementaire du code de la  \ns\u00e9curit\u00e9 int\u00e9rieure\u00a0;\nVu le code civil et notamment son article 9\u00a0;\nVu le nouveau code p\u00e9nal et notamment son article 226-1\u00a0;\nVu le d\u00e9cret n\u00b0 2015-489 du 29 avril 2015 relatif \u00e0 la vid\u00e9oprotection\u00a0;\nVu le d\u00e9cret du 13 juillet 2023 nommant M. J\u00e9r\u00f4me BONET, pr\u00e9fet du Gard\u00a0;\nVu l'arr\u00eat\u00e9 minist\u00e9riel et la circulaire du 3 ao\u00fbt 2007 portant d\u00e9finition des normes techniques \ndes syst\u00e8mes de vid\u00e9oprotection\u00a0;\nVu l'arr\u00eat\u00e9  pr\u00e9fectoral  n\u00b02018291-081  du  18  octobre  2018  portant  autorisation  de  \nfonctionnement d'un syst\u00e8me de vid\u00e9oprotection\u00a0;\nVu l'arr\u00eat\u00e9 pr\u00e9fectoral n\u00b030-2024-12-19-02 du 23 d\u00e9cembre 2024 portant renouvellement de  \nfonctionnement d'un syst\u00e8me de vid\u00e9oprotection\u00a0;\nVu l'arr\u00eat\u00e9  pr\u00e9fectoral  n\u00b02017151-064  du  31  mai  2017  portant  renouvellement  de  \nfonctionnement d'un syst\u00e8me de vid\u00e9oprotection\u00a0;\nVu l'arr\u00eat\u00e9 pr\u00e9fectoral n\u00b0 30-2024-10-18-00005 du 18 octobre 2024 donnant d\u00e9l\u00e9gation de signa-\nture \u00e0 M. Yann GERARD, secr\u00e9taire g\u00e9n\u00e9ral de la pr\u00e9fecture du Gard, sous-pr\u00e9fet de N\u00eemes\u00a0;\nVu l'arr\u00eat\u00e9 pr\u00e9fectoral n\u00b0 30-2024-10-18-00009 du 18 octobre 2024 donnant d\u00e9l\u00e9gation de signa-\nture  \u00e0  Mme  Marie-Charlotte  EUVRARD,  sous-pr\u00e9f\u00e8te,  directrice  de  cabinet  du  pr\u00e9fet  du \nGard\u00a0;\nVu l'arr\u00eat\u00e9 pr\u00e9fectoral n\u00b0 30-2024-11-28-00004 du 28 novembre 2024 donnant d\u00e9l\u00e9gation de si -\ngnature \u00e0 M. Franck LACOSTE, directeur des s\u00e9curit\u00e9s, directeur de cabinet adjoint du pr\u00e9fet  \ndu Gard\u00a0;\nVu la circulaire n\u00b0 INT D09/00057/C du 12 mars 2009 relative aux conditions de d\u00e9ploiement  \ndes syst\u00e8mes de vid\u00e9oprotection\u00a0;\nPrefecture du Gard - 30-2025-05-28-00021 - AP MODIFICATION VIDEOPROTECTION CREDIT MUTUEL - FABRIGOULE - VILLENEUVE 2025 30\nVu la  demande  de  modification  de  fonctionnement  d'un  syst\u00e8me  de  vid\u00e9oprotection \npr\u00e9sent\u00e9e par l'\u00e9tablissement CR\u00c9DIT MUTUEL\u00a0;\nVu l'avis du r\u00e9f\u00e9rent s\u00fbret\u00e9\u00a0;\nVu l'avis de la commission d\u00e9partementale des syst\u00e8mes de vid\u00e9oprotection r\u00e9unie le 23 avril  \n2025\u00a0;\nSur proposition de la directrice de cabinet du pr\u00e9fet du Gard.\nArr\u00eate\u00a0:\nArticle  1\u00a0: L '\u00e9tablissement  CR\u00c9DIT  MUTUEL de  VILLENEUVE-LEZ-AVIGNON est  autoris\u00e9  \u00e0 \nmodifier son syst\u00e8me de vid\u00e9oprotection . Cette autorisation est valable pour une dur\u00e9e de  \ncinq ans renouvelable.\nLa pr\u00e9sente autorisation est d\u00e9livr\u00e9e sans pr\u00e9judice des droits des tiers.\nCette modification intervient sur l'installation de vid\u00e9oprotection pr\u00e9c\u00e9demment autoris\u00e9e  \npar arr\u00eat\u00e9 pr\u00e9fectoral n\u00b030-2024-12-19-02 du 23 d\u00e9cembre 2024 susvis\u00e9.\nArticle 2 \u00a0: la modification porte sur la suppression d' 1 cam\u00e9ra ext\u00e9rieure soit un total de 13  \ncam\u00e9ras (10 cam\u00e9ras int\u00e9rieures \u2013 3 cam\u00e9ras ext\u00e9rieures).\nArticle 3 \u00a0:  Le reste des dispositions pr\u00e9vues par l'arr\u00eat\u00e9  n\u00b030-2024-12-19-02 du 23 d\u00e9cembre \n2024 applicable.\nArticle 4 \u00a0: la directrice de cabinet du pr\u00e9fet du Gard, le directeur interd\u00e9partemental de la  \npolice nationale du Gard, le commandant du groupement de gendarmerie du Gard  sont \ncharg\u00e9s, chacun en ce qui le concerne, de l'ex\u00e9cution du pr\u00e9sent arr\u00eat\u00e9 qui sera publi\u00e9 au  \nrecueil des actes administratifs de la pr\u00e9fecture. Un exemplaire de cette d\u00e9cision sera notifi\u00e9  \naux p\u00e9titionnaires ainsi qu'\u00e0 la mairie d'implantation.\nLe pr\u00e9fet,\nPrefecture du Gard - 30-2025-05-28-00021 - AP MODIFICATION VIDEOPROTECTION CREDIT MUTUEL - FABRIGOULE - VILLENEUVE 2025 31\nPrefecture du Gard\n30-2025-05-28-00018\nAP MODIFICATION VIDEOPROTECTION MAIRIE\nDE CABRIERES 2025\nPrefecture du Gard - 30-2025-05-28-00018 - AP MODIFICATION VIDEOPROTECTION MAIRIE DE CABRIERES 2025 32\nPREFET | ;DU GARD Cabinet du Pr\u00e9feths | Direction des S\u00e9curit\u00e9sFe Service d'Animation des Politiques de S\u00e9curit\u00e9 Int\u00e9rieureBureau des Polices Administratives\nArr\u00eat\u00e9 n\u00b0 30-2025- 05-28-03portant modification de l'autorisation de fonctionnement d'un syst\u00e8me de vid\u00e9oprotection\nLe pr\u00e9fet du gard,Chevalier de la L\u00e9gion d'Honneur,Chevalier de l'Ordre National du M\u00e9rite,\nVu le titre V du livre Il de la partie l\u00e9gislative et de la partie r\u00e9glementaire du code de las\u00e9curit\u00e9 int\u00e9rieure ;Vu le code civil et notamment son article 9;Vu le nouveau code p\u00e9nal et notamment son article 226-1 ;Vu le d\u00e9cret n\u00b0 2015-489 du 29 avril 2015 relatif \u00e0 la vid\u00e9oprotection ;Vu le d\u00e9cret du 13 juillet 2023 nommant M. J\u00e9r\u00f4me BONET, pr\u00e9fet du Gard ;Vu l'arr\u00eat\u00e9 minist\u00e9riel et la circulaire du 3 ao\u00fbt 2007 portant d\u00e9finition des normes techniquesdes syst\u00e8mes de vid\u00e9oprotection ;Vu l'arr\u00eat\u00e9 pr\u00e9fectoral n\u00b030-2024-06-21-14 du 21 juin 2024 portant modification defonctionnement d'un syst\u00e8me de vid\u00e9oprotection ;Vu l'arr\u00eat\u00e9 pr\u00e9fectoral n\u00b0 30-2024-10-18-00005 du 18 octobre 2024 donnant d\u00e9l\u00e9gation de signa-ture \u00e0 M. Yann GERARD, secr\u00e9taire g\u00e9n\u00e9ral de la pr\u00e9fecture du Gard, sous-pr\u00e9fet de N\u00eemes ;Vu l'arr\u00eat\u00e9 pr\u00e9fectoral n\u00b0 30-2024-10-18-00009 du 18 octobre 2024 donnant d\u00e9l\u00e9gation de signa-ture \u00e0 Mme Marie-Charlotte EUVRARD, sous-pr\u00e9f\u00e8te, directrice de cabinet du pr\u00e9fet duGard ;Vu l'arr\u00eat\u00e9 pr\u00e9fectoral n\u00b0 30-2024-11-28-00004 du 28 novembre 2024 donnant d\u00e9l\u00e9gation de si-gnature \u00e0 M. Franck LACOSTE, directeur des s\u00e9curit\u00e9s, directeur de cabinet adjoint du pr\u00e9fetdu Gard;Vu la circulaire n\u00b0 INT D09/00057/C du 12 mars 2009 relative aux conditions de d\u00e9ploiementdes syst\u00e8mes de vid\u00e9oprotection ;Vu la demande de modification de fonctionnement d'un syst\u00e8me de vid\u00e9oprotectionpr\u00e9sent\u00e9e par la mairie de CABRIERES ;Vu l'avis du r\u00e9f\u00e9rent s\u00fbret\u00e9 ;\nPrefecture du Gard - 30-2025-05-28-00018 - AP MODIFICATION VIDEOPROTECTION MAIRIE DE CABRIERES 2025 33\nVu l'avis de la commission d\u00e9partementale des syst\u00e8mes de vid\u00e9oprotection r\u00e9unie le 23 avril2025 ;Sur proposition de la directrice de cabinet du pr\u00e9fet du Gard.\nArr\u00eate :Article 1 : La mairie de CABRIERES est autoris\u00e9e \u00e0 modifier son syst\u00e8me de vid\u00e9oprotection.Cette autorisation est valable pour une dur\u00e9e de cinq ans renouvelable.La pr\u00e9sente autorisation est d\u00e9livr\u00e9e sans pr\u00e9judice des droits des tiers.Cette modification intervient sur l'installation de vid\u00e9oprotection pr\u00e9c\u00e9demment autoris\u00e9epar arr\u00eat\u00e9 pr\u00e9fectoral n\u00b030-2024-06-21-14 du 21 juin 2024 susvis\u00e9._ Article 2: les modifications portent sur l'extension du syst\u00e8me par 1 cam\u00e9ra voie publiquesuppl\u00e9mentaires soit un total de 20 cam\u00e9ras (20 voie publique).Article 3: ce dispositif de vid\u00e9oprotection ne peut \u00eatre utilis\u00e9 qu'en vue d'assurer laprotection les b\u00e2timents et installations publics et la surveillance de leurs abords, lar\u00e9gulation du trafic routier et la pr\u00e9vention des atteintes \u00e0 la s\u00e9curit\u00e9 des personnes et desbiens ainsi que la pr\u00e9vention d'actes terroristes et du trafic de stup\u00e9fiants.Article 4: Le reste des dispositions pr\u00e9vues par l'arr\u00eat\u00e9 n\u00b030-2024-06-21-14 du 21 juin 2024demeure applicable. |Article 5 : la directrice de cabinet du pr\u00e9fet du Gard, le directeur interd\u00e9partemental de lapolice nationale du Gard, le commandant du groupement de gendarmerie du Gard sontcharg\u00e9s, chacun en ce qui le concerne, de l'ex\u00e9cution du pr\u00e9sent arr\u00eat\u00e9 qui sera publi\u00e9 aurecueil des actes administratifs de la pr\u00e9fecture. Un exemplaire de cette d\u00e9cision sera notifi\u00e9au maire de la commune de CABRIERES.\nLe pr\u00e9fet,\nSign\u00e9 \u00e9lectroniquement parFranck LACOSTEle 28 mai 2025 14:46:50 GMT\nPrefecture du Gard - 30-2025-05-28-00018 - AP MODIFICATION VIDEOPROTECTION MAIRIE DE CABRIERES 2025 34\nNum\u00e9rotationListe des cam\u00e9ras autoris\u00e9es sur CABRIERESCam\u00e9ras 1 et2En serviceTerrain de sport (CAB Terrain de sport) \u2014 (CAB Lavoir) :Une cam\u00e9ra PTZ motoris\u00e9e, implant\u00e9e sur un m\u00e2t neuf face \u00e0 l'aire de d\u00e9tente et de pique-nique, permet de visualiser en mode patrouilles pr\u00e9programm\u00e9es le jardin d'enfants, l'acc\u00e8sg\u00e9n\u00e9ral au site, l'aire de d\u00e9tente et de pique-nique, le parking v\u00e9hicules et la capitelle.Une cam\u00e9ra PTZ motoris\u00e9e, implant\u00e9e sur un m\u00e2t neuf face \u00e0 la descente goudronn\u00e9e d'acc\u00e8sau parking v\u00e9hicules, \u00e0 l'angle du lavoir, permet de visualiser en mode patrouillespr\u00e9programm\u00e9es le lavoir et son cheminement, l'entr\u00e9e du parking, l'aire de stationnement etle terrain de sport.Cam\u00e9ras3a5En serviceTerrain de sport (CAB Ecole Mat Carrierrasse) \u2014 (CAB Ecole Mat Cour) \u2014 (CAB EcoleMat Pr\u00e9au) :Une cam\u00e9ra fixe mini d\u00f4me anti-vandale + zoom variable, implant\u00e9e sur l'angle de l'entr\u00e9earri\u00e8re amont (nord-est) de l'\u00e9cole maternelle, permet de visualiser l'entr\u00e9e arri\u00e8re de l'\u00e9cole,| la rue Carrierrasse et l'entr\u00e9e aval.Une cam\u00e9ra fixe mini d\u00f4me anti vandale, implant\u00e9e sur l'angle Nord de la \u00ab dent creuse \u00bb enapplique sur le mur et suffisamment \u00e9loign\u00e9e du mur de cl\u00f4ture pour en limiter les possibilit\u00e9sde d\u00e9gradation, permet de visualiser la \u00ab dent creuse \u00bb, la cour et la partie Nord de la cl\u00f4turede l'\u00e9cole.Une cam\u00e9ra fixe mini d\u00f4me anti vandale, implant\u00e9e en applique sur le mur de l'entr\u00e9eprincipale, sous le pr\u00e9au, permet de visualiser la cour, les jeux d'enfants, les bancs ainsi que lela partie sud de la cl\u00f4ture de l'\u00e9cole.Cam\u00e9ra 6 Ecole primaire (CAB Ecole El\u00e9mentaire) :Une cam\u00e9ra PTZ motoris\u00e9e, implant\u00e9e sur un bras de d\u00e9port au niveau de l'angle du mur(partie haute) de l'entr\u00e9e de l'\u00e9cole (cot\u00e9 impasse de La Poste), permettra de visualiser enmode patrouilles pr\u00e9programm\u00e9es les acc\u00e8s de l'\u00e9cole, la cour, la placette de la Concorde etl'impasse de la Poste.Cam\u00e9ras7et8En serviceMairie :Une cam\u00e9ra fixe multi-capteurs implant\u00e9e \u00e0 l'angle du pignon central du mur de la nouvellesMairie permet de visualiser l'entr\u00e9e de la mairie, l'esplanade, le terrain de p\u00e9tanque et le jardinpublic.Cam\u00e9ra 8 Terrain de Tennis \u2014 Futur CITY Park (CAB tennis) :Une cam\u00e9ra PTZ motoris\u00e9e implant\u00e9e sur un mat neuf ou futur lampadaire en bordure duchemin de la Boucarude face au terrain de tennis, permet de visualiser en mode patrouillepr\u00e9programm\u00e9es le terrain de tennis, le futur city park et le parking cr\u00e9e pour l'occasion.Cam\u00e9ra 9En serviceRoute de Collias (CAB Route de Collias Fixe) :Une cam\u00e9ra fixe implant\u00e9e sur un m\u00e2t \u00e0 l'angle de l'impasse de la Poste et de la route deCollias permet de visualiser le flux entrant et sortant de la commune par cet axe.Cam\u00e9ra 10 Route de Poulx (CAB Route de Poulx Fixe):En service Une cam\u00e9ra fixe implant\u00e9e sur un m\u00e2t \u00e0 l'angle de la D 427 et du chemin de la Boissi\u00e8repermet de visualiser le flux entrant et sortant de la commune par cet axe.Cam\u00e9ra 11 Chemin de la Boucarude (CAB Ch. de la Boucarude VPI:En service Une cam\u00e9ra fixe mixte permettant de faire un focus sur les plaques d'immatriculations et d'en\u00e9tablir le contexte sera implant\u00e9e sur un m\u00e2t neuf face au terrain de tennis, en bordure duchemin de la Boucarude (idem cam\u00e9ra 8), permettra de visualiser le chemin de la Boucarudedans Is deux sens de circulation.Cam\u00e9ras Salle Polyvalente (CAB Salle Polyvalente 2) :12 et 13 Une cam\u00e9ra motoris\u00e9e PTZ associ\u00e9e \u00e0 une cam\u00e9ra fixe multic-capteurs (360\u00b0) serontinstall\u00e9es sur un m\u00e2t d'\u00e9clairage public \u00e0 proximit\u00e9 de l'entr\u00e9e de la salle polyvalente. Ellespermettront de visualiser les flux pi\u00e9ton et de v\u00e9hicule et de visionner l'espace sous l'avanc\u00e9ede la mairie.Cam\u00e9ra 14 Salle Polyvalente (Cab Salle Polyvalente 3 \u2014 360 -) :En serviceUne cam\u00e9ra fixe multi-capteurs (*4) 360\u00b0, implant\u00e9e sur un m\u00e2t situ\u00e9 sur l'aire destationnement c\u00f4t\u00e9 Sud de la Salle Polyvalente, permet de visualiser de fa\u00e7on permanentel'acc\u00e8s \u00e0 la salle depuis la Rue du Moulin ainsi que les entr\u00e9es c\u00f4t\u00e9 Sud.\nPrefecture du Gard - 30-2025-05-28-00018 - AP MODIFICATION VIDEOPROTECTION MAIRIE DE CABRIERES 2025 35\nCam\u00e9ras15,16,17Futur J-Sport (Pumptrack \u2014 Multisports \u2014 Aire de Fitness) :(CAB city stade 360, CAB city stade fixe, CAB city stade 2 fixe)Une cam\u00e9ra fixe multi-capteurs (*4) 360\u00b0 install\u00e9e sur un m\u00e2t neuf au centre de |' installationpermettra une couverture permanente de l'\u00e2ire. Elle sera associ\u00e9e \u00e0 deux cam\u00e9ras fixesinstall\u00e9es en opposition, sur des mats neuf, aux angles oppos\u00e9s de l'aire de jeu.Cam\u00e9ra 18Moulin de Cabri\u00e9res : (CAB Moulin -360-) .Une cam\u00e9ra fixe multi-capteurs (*4) 360\u00b0 install\u00e9e sur un m\u00e2t neuf \u00e0 proximit\u00e9 des cheminsd'acc\u00e8s, permettra une visualisation permanente de cet espace et d'assurer la protection de lazone.Cam\u00e9ra 19Route de St Gervasy: (CAB Rte de St Gervasy -360)Une cam\u00e9ra fixe multi-capteurs (*4) 360\u00b0, implant\u00e9e sur un m\u00e2t d'\u00e9clairage public \u00e0 l'entr\u00e9ede la commune cot\u00e9 St Gervasy, elle permettra de visualiser le flux entrant et sortant de lacommune par cet axe.Cam\u00e9ras 20Route de Ledenon : (CAB Rte de Ledenon -360)Une cam\u00e9ra fixe multi-capteurs (*4) 360\u00b0, implant\u00e9e sur un m\u00e2t d'\u00e9clairage public \u00e0 l'entr\u00e9ede la commune cot\u00e9 Ledenon, elle permettra de visualiser le flux entrant et sortant de lacommune par cet axe.\nPrefecture du Gard - 30-2025-05-28-00018 - AP MODIFICATION VIDEOPROTECTION MAIRIE DE CABRIERES 2025 36\nPrefecture du Gard\n30-2025-05-26-00010\nHABILITATION MEDIATRICE\nPrefecture du Gard - 30-2025-05-26-00010 - HABILITATION MEDIATRICE 37\nService des Migrations et de I'Int\u00e9grationPREFET aanDU GARD Bureau de l'Eloignement et de l'AsileLibert\u00e9 |feast _ Arr\u00eat\u00e9 n\u00b0 30-2025Fraternit\u00e9 portant habilitation d'une m\u00e9diatricede l'association pour l'accueil des r\u00e9fugi\u00e9s FORUM REFUGIESau centre de r\u00e9tention administrative de N\u00eemes (GARD)\nLe Pr\u00e9fet du GardChevalier de la L\u00e9gion d'Honneur,Officier de l'Ordre National du M\u00e9rite,\nVU le code de l'entr\u00e9e et du s\u00e9jour des \u00e9trangers et du droit d'asile, et notamment l'articleR 744-20 et R 744-21; |VU le r\u00e8glement int\u00e9rieur du centre de r\u00e9tention administrative de Nimes;VU la demande d'habilitation formul\u00e9e le 23 mai 2025 par le directeur adjoint del'association pour l'accueil des r\u00e9fugi\u00e9s FORUM REFUGIES ;SUR proposition du Secr\u00e9taire G\u00e9n\u00e9ral de la Pr\u00e9fecture du Gard ;\nARRETEARTICLE 1: est habilit\u00e9e a intervenir au centre de r\u00e9tention administrative de Nimes enqualit\u00e9 de m\u00e9diatrice de l'association pour l'accueil des r\u00e9fugi\u00e9s FORUM REFUGIES :Madame Ester PELTAN n\u00e9e le 01/02/2000 a Paris 12\u00b0ARTICLE 2: la personne est tenue de se conformer au reglement int\u00e9rieur du centre der\u00e9tention administrative de Nimes.ARTICLE 3: la pr\u00e9sente habilitation est valable du 5 juin 2025 au 31 d\u00e9cembre 2025. Lesservices de la pr\u00e9fecture seront avertis dans les meilleurs d\u00e9lais en cas de radiation d'unm\u00e9diateur habilit\u00e9 des effectifs de l'association. Tout renouvellement sera sollicit\u00e9 un moisavant l'\u00e9ch\u00e9ance de l'habilitation en cours.ARTICLE 4 : le Secr\u00e9taire G\u00e9n\u00e9ral de la pr\u00e9fecture du Gard, le Directeur Interd\u00e9partementalAdjoint, Chef des services de Police aux Fronti\u00e8res du Gard, le directeur de l'associationFORUM R\u00c9FUGI\u00c9S, sont charg\u00e9s, chacun en ce qui le concerne, de l'ex\u00e9cution du pr\u00e9sentarr\u00eat\u00e9. A N\u00eemes, le 26/05/2025Le Pr\u00e9fetie sacr\u00e9taireg\u00e9n\u00e9ral\nH\u00f4tel de la Pr\u00e9fecture10 avenue Feuch\u00e8res - 30045 NIMES CEDEX 9T\u00e9l : 0 4 66 36 43 90Fax : 04 66 36 00 87 - www.gard.gouv.frYann G\u00c9RARD\nPrefecture du Gard - 30-2025-05-26-00010 - HABILITATION MEDIATRICE 38\nPrefecture du Gard\n30-2025-05-26-00007\nArr\u00eat\u00e9 fixant la liste des m\u00e9decins agr\u00e9\u00e9s charg\u00e9s\nd'exercer le contr\u00f4le m\u00e9dical de l'aptitude \u00e0 la\nconduite pour le d\u00e9partement du Gard\nPrefecture du Gard - 30-2025-05-26-00007 - Arr\u00eat\u00e9 fixant la liste des m\u00e9decins agr\u00e9\u00e9s charg\u00e9s d'exercer le contr\u00f4le m\u00e9dical de\nl'aptitude \u00e0 la conduite pour le d\u00e9partement du Gard 39\nE = CABINETPRAFET | DIRECTION DES SECURITESLite Service de l'animation des politiques de s\u00e9curit\u00e9 int\u00e9rieuregalit\u00e9Fraternit\u00e9 Bureau de la pr\u00e9vention routi\u00e8re\nN\u00eemes, le 26 mai 2025\nArr\u00eat\u00e9 n\u00b0\nfixant la liste des m\u00e9decins agr\u00e9\u00e9scharg\u00e9s d'exercer le contr\u00f4le m\u00e9dical de l'aptitude a la conduitepour le d\u00e9partement du GardLe pr\u00e9fet du Gard,Chevalier de la L\u00e9gion d'Honneur, .Officier de l'Ordre National du M\u00e9riteVU le code de la route et notamment ses articles R 212-2, R 221-10 \u00e0 R 221-14, R 221-19, R 224-22, R 224-23, R 225-2, R 226-1 a R 226-4, R 412-1;VU le d\u00e9cret n\u00b0 98-1103 du 8 d\u00e9cembre 1998 modifiant certaines dispositions du code de laroute relatives au permis de conduire ;VU le d\u00e9cret n\u00b0 2006-46 du 13 janvier 2006 portant modification du code de la route ;VU le d\u00e9cret n\u00b0 2012-886 du 17 juillet 2012 relatif au contr\u00f4le m\u00e9dical de l'aptitude \u00e0 laconduite ;VU le d\u00e9cret n\u00b0 2004-374 du 29 avril 2004 modifi\u00e9 relatif aux pouvoirs des pr\u00e9fets, \u00e0l'organisation et \u00e0 l'action des services de l'\u00c9tat dans les r\u00e9gions et d\u00e9partements ;VU le d\u00e9cret du 13 juillet 2023 portant nomination du pr\u00e9fet du Gard - M. J\u00e9r\u00f4me BONET ;VU le d\u00e9cret du 9 octobre 2024 nommant Mme Marie-Charlotte EUVRARD, administratrice del'\u00c9tat du premier degr\u00e9 en qualit\u00e9 de sous-pr\u00e9f\u00e8te, directrice de cabinet du Pr\u00e9fet du Gard;VU l'arr\u00eat\u00e9 de d\u00e9l\u00e9gation de signature de Mme Marie-Charlotte EUVRARD, sous-pr\u00e9f\u00e8te,directrice de cabinet du pr\u00e9fet du Gard du 18 octobre 2024;VU l'arr\u00eat\u00e9 interminist\u00e9riel du 31 juillet 2012 modifi\u00e9 relatif \u00e0 l'organisation du contr\u00f4lem\u00e9dical de l'aptitude \u00e0 la conduite ;VU l'arr\u00eat\u00e9 interminist\u00e9riel du 28 mars 2022 fixant la liste des affections m\u00e9dicalesincompatibles ou compatibles avec ou sans am\u00e9nagements ou restrictions pour l'obtention,le renouvellement ou le maintien du permis de conduire ou pouvant donner lieu \u00e0 lad\u00e9livrance de permis de conduire de dur\u00e9e de validit\u00e9 limit\u00e9e ;VU l'arr\u00eat\u00e9 interminist\u00e9riel du 1\u00b0 f\u00e9vrier 2016 fixant le montant des honoraires des m\u00e9decinsagr\u00e9\u00e9s pour le contr\u00f4le m\u00e9dical de l'aptitude \u00e0 la conduite ;VU l'arr\u00eat\u00e9 interminist\u00e9riel du 26 ao\u00fbt 2016 modifi\u00e9 relatif \u00e0 l'examen psychotechnique pr\u00e9vudans le cadre du contr\u00f4le m\u00e9dical de l'aptitude \u00e0 la conduite ;VU l'arr\u00eat\u00e9 minist\u00e9riel du 20 avril 2012 modifi\u00e9 fixant les conditions d'\u00e9tablissement, ded\u00e9livrance et de validit\u00e9 du permis de conduire ;VU l'arr\u00eat\u00e9 pr\u00e9fectoral n\u00b0 30-2025-02-25-00007 du 25 f\u00e9vrier 2025 fixant la liste des m\u00e9decinsagr\u00e9\u00e9s charg\u00e9s d'exercer le contr\u00f4le m\u00e9dical de l'aptitude \u00e0 la conduite pour le d\u00e9partementdu Gard;\nH\u00f4tel de la Pr\u00e9fecture - 10 avenue Feuch\u00e8res - 30045 NIMES CEDEX 9T\u00e9l : 04.66.36.43.90 - Fax 04.66.36.00.87 - www.gard.gouv.fr\nPrefecture du Gard - 30-2025-05-26-00007 - Arr\u00eat\u00e9 fixant la liste des m\u00e9decins agr\u00e9\u00e9s charg\u00e9s d'exercer le contr\u00f4le m\u00e9dical de\nl'aptitude \u00e0 la conduite pour le d\u00e9partement du Gard 40\nVU la circulaire minist\u00e9rielle NOR INTS1232090C du 3 ao\u00fbt 2012 relative \u00e0 l'organisation ducontr\u00f4le m\u00e9dical de l'aptitude \u00e0 la conduite des conducteurs et des candidats au permis deconduire ;VU la circulaire minist\u00e9rielle compl\u00e9mentaire NOR INTS1319581C du 25 juillet 2013 relative \u00e0l'organisation du contr\u00f4le m\u00e9dical de l'aptitude \u00e0 la conduite des conducteurs et descandidats au permis de conduire ;VU la demande d'agr\u00e9ment du docteur Christian ALBARIC en date du 7 avril 2025, en tantque m\u00e9decin agr\u00e9\u00e9 en visite m\u00e9dicale ext\u00e9rieure du d\u00e9partement du Gard ;VU l'avis rendu par le conseil d\u00e9partemental de l'ordre des m\u00e9decins de Loz\u00e8re ;SUR proposition de la directrice de cabinet de la pr\u00e9fecture du Gard;\nARRETE\nArticle 1\u00b0 : Les m\u00e9decins g\u00e9n\u00e9ralistes et sp\u00e9cialistes dont les noms suivent, sont agr\u00e9\u00e9s pourconsulter en commission m\u00e9dicale d\u00e9partementale primaire conform\u00e9ment \u00e0 l'arr\u00eat\u00e9interminist\u00e9riel du 31 juillet 2012 susvis\u00e9 jusqu'\u00e0 la date de fin de validit\u00e9 de l'agr\u00e9mentfigurant dans le tableau suivant :Nom du m\u00e9decin Adresse Ville Fin de validit\u00e9de l'agr\u00e9mentpr\u00e9fectoralDr BARAGNON Marc 2 bis, place du Castellas 30540 MILHAUD 30/11/2027Dr BARTHELEMI Serge 56 avenue d'Anduze 30100 ALES 30/11/2027Dr BENSLIMA Mounir H\u00f4pital Car\u00e9meau 30900 NIMES 30/11/2027Dr BROUSSE Alain H\u00f4pital d'Uz\u00e9s 30700 UZES | 30/11/2027Dr CABANEL Bernard 67, rue de la Lampeze 30000 NIMES 09/12/2029Dr CABANEL Dominique |67, rue de la Lampeze 30000 NIMES 30/11/2027Dr FALLOT Jean-Pierre 41 boulevard Jean Jaur\u00e8s 30900 NIMES 30/11/2027Dr FLAISSIER Christian Parc des Glycines 30460 LASALLE 30/11/2027Dr LANGE Pierre 40 rue Porte de France 30900 NIMES 30/11/2027Dr MALCOEFFE Bruno 127, route de Beaucaire 30900 NIMES 30/11/2027Dr MAURIN Jean-Fran\u00e7ois |5 rue des Halles 30900 NIMES 30/11/2027Dr PALLANCHER Mathieu |252 A rue du Levant 30420 25/02/2030CALVISSONDr POUDEVIGNE 18 rue Bigot 30900 NIMES 30/11/2027Jean-LucDr RIOU Sylviane R\u00e9sid. Jean Moulin B\u00e2t. A 84130 LE 07/03/20287 avenue de Lattre de Tassigny |PONTETDr SCHIMPF Robert 22 rue Jeanne d'Arc 30000 NIMES 04/11/2029Dr TRIAL Claude 14 bis avenue Franklin Roosevelt | 30900 NIMES 04/11/2029\n2H\u00f4tel de la Pr\u00e9fecture \u2014 10 avenue Feuch\u00e9res - 30045 NIMES CEDEX 9T\u00e9l : 04.66.36.43.90 \u2014 Fax 04.66.36.00.87 - www.gard.gouv.fr\nPrefecture du Gard - 30-2025-05-26-00007 - Arr\u00eat\u00e9 fixant la liste des m\u00e9decins agr\u00e9\u00e9s charg\u00e9s d'exercer le contr\u00f4le m\u00e9dical de\nl'aptitude \u00e0 la conduite pour le d\u00e9partement du Gard 41\nArticle 2: Les m\u00e9decins g\u00e9n\u00e9ralistes et sp\u00e9cialistes dont les noms suivent, sont agr\u00e9\u00e9s pourconsulter hors commission m\u00e9dicale d\u00e9partementale primaire du Gard conform\u00e9ment \u00e0l'arr\u00eat\u00e9 interminist\u00e9riel du 31 juillet 2012 susvis\u00e9 jusqu'\u00e0 la date de fin de validit\u00e9 del'agr\u00e9ment figurant dans le tableau suivant : Fin de validit\u00e9 deNom du m\u00e9decin Adresse Ville l'agr\u00e9mentpr\u00e9fectoralDr BARAGNON Marc 2 bis, place du Castellas 30540 MILHAUD 30/11/2027Dr BARTHELEMI Serge 4 bis, boulevard Louis Blanc |30100 ALES 13/05/2027Dr BELLEC Charles 50 avenue Fr\u00e9d\u00e9ric Mistral |30220 AIGUES 20/08/2025MORTESDr BENOIT St\u00e9phane 13 bis rue Massillon 30900 NIMES 30/11/2027Dr BENSLIMA Mounir H\u00f4pital Car\u00e9meau 30900 NIMES 30/11/2027Dr BROUSSE Alain Centre hospitalier 30700 UZES 05/10/2025Dr CHAUME Vincent 24 rue Pierre Semard 30000 NIMES 30/11/2027Dr FALLOT Jean-Pierre 41 boulevard Jean Jaur\u00e8s 30900 NIMES 30/11/2027 \u2014Dr FAYAD Ghassan 67 avenue Geoffroy Perret | 30210 REMOULINS 30/11/2027Dr FLAISSIER Christian Parc des Glycines 30460 LASALLE 30/11/2027Dr GENAUDET Christelle | 40 all\u00e9e du mas de ville 30000 NIMES 10/10/2028Dr GREMY B\u00e9atrice Cabinet m\u00e9dical \u00ab Le Patio \u00bb 30700 ST QUENTIN| 07/03/2028Impasse de la Pareneuve LA POTERIEDr IBAGNES Thierry CEA Marcoule 30207 | 28/06/2029BAGNOLS/CEZE |Dr JOANNY S\u00e9bastien 2 chemin de Virenque 30120 LE VIGAN 21/07/2027Dr LE HINGRAT Fran\u00e7ois |12 route de la Cave 30420 CALVISSON 30/11/2027Dr MALCOEFFE Bruno 127, route de Beaucaire 30900 NIMES 30/11/2027Dr MOURGUES Michel 14 place des Martyrs de la|30100 ALES 31/12/2027R\u00e9sistanceDr PALLANCHER Mathieu | 252 A rue du Levant 30420 CALVISSON 25/02/2030Dr POUDEVIGNE 18 rue Bigot 30900 NIMES 30/11/2027Jean-LucDr SCHIMPF Robert 22 rue Jeanne d'Arc 30000 NIMES 04/11/2029Dr SENE Eric 285 rue Gilles Roberval Parc |30000 NIMES 22/06/2026 |Kennedy B\u00e2t CDr SERVANS Gilles - Place des Cordeliers 30700 UZES 03/02/2027Dr TRIAL Claude 14 bis avenue F. Roosevelt |30900 NIMES 04/11/2029Dr VIDAL Vincent 55 all\u00e9e de |l'Argentine|30900 NIMES 30/11/2029Immeuble Alphatis | Bat ADr VITAL Nathalie CEA Marcoule 30207 BAGNOLS 28/06/2029SUR CEZE\nH\u00f4tel de la Pr\u00e9fecture - 10 avenue Feuch\u00e9res \u2014 30045 NIMES CEDEX 9T\u00e9l : 04.66.36.43.90 - Fax 04.66.36.00.87\u2014 Www.gard.gouv.fr\nPrefecture du Gard - 30-2025-05-26-00007 - Arr\u00eat\u00e9 fixant la liste des m\u00e9decins agr\u00e9\u00e9s charg\u00e9s d'exercer le contr\u00f4le m\u00e9dical de\nl'aptitude \u00e0 la conduite pour le d\u00e9partement du Gard 42\nHors d\u00e9partement du Gard: | Fin de validit\u00e9 deNom du m\u00e9decin Adresse Ville l'agr\u00e9mentpr\u00e9fectoralDr ALBARIC Christian 216 route de Florac 48150 MEYRUEIS 26/05/2030Dr ANOULARD Caroline 667 route de la Buissonne |84210 PERNES LES 25/02/2030FONTAINESDr BERNSTEIN Jean-Loup |462 avenue F\u00e9lix Ripert 84100 ORANGE 30/11/2027Dr DAHMANI Samira 2 place Jules Ferry 26290 DONZERE 16/04/2026Dr DESPLATS Thierry 17 avenue Henri Bosco 13330 PELISSANNE 04/11/2029Dr DESPLATS-LEPRETRE _|88 chemin du Fescau 34980 . 25/02/2030Zo\u00e9 MONTFERRIER/LEZ . ;Dr DURAND Laurence 10 rue Joseph Roumanille |84800 L'ISLE SUR 10/10/2028| | SORGUESDr FERRIER Lionel 30 bis boulevard Raspail 84000 AVIGNON 30/11/2027Dr GARNIER Michel 1 travers\u00e9e du Vieux Jas 13820 ENSUES-LA- 22/06/2026REDONNEDr KANEKO Yves 33 avenue des Alpes 26790 TULETTE 04/11/2029Dr LIBOUREL Eric 25 rue Victor Leydet 13100 AIX EN 30/11/2027PROVENCEDr LOUARD L\u00e9a 12 avenue Eisenhower 84000 AVIGNON 04/11/2029Dr MARCUCCI Philippe H\u00f4tel d'entreprises 84000 AVIGNON 30/11/202710 avenue de la CroixRouge .Entr\u00e9e E2 - 2\u00e8me \u00e9tagDr MORNET Herv\u00e9 10 avenue Docteur 26130 ST PAUL 20/08/2025Fontaine TROIS CHATEAUXDr MOULLET Jean- 47 route de la Crau 13200 ARLES 28/03/2029Christophe P\u00f4le sant\u00e9 Les AteliersDr PIANETTI G\u00e9rard 129, route Boulbon 13570 30/11/2027BARBENTANEDr PLANTIN Nicolas 19 rue Bonneterie 84000 AVIGNON 30/11/2027Dr RIOU Sylviane R\u00e9sid. Jean Moulin B\u00e2t. A |84130 LE PONTET 07/03/20287 avenue de Lattre deTassignyDr TEXIER Ga\u00eblle 347 rue de la Lib\u00e9ration 34400 LUNEL 22/06/2026Article 3: Les m\u00e9decins agr\u00e9\u00e9s en commission m\u00e9dicale ou hors commission m\u00e9dicaleexercent le contr\u00f4le m\u00e9dical conform\u00e9ment aux dispositions du d\u00e9cret n\u00b0 2012-886 du 17juillet 2012 relatif au contr\u00f4le m\u00e9dical de l'aptitude \u00e0 la conduite.Article 4: Les honoraires sont vers\u00e9s aux m\u00e9decins charg\u00e9s d'appr\u00e9cier l'aptitude descandidats au permis de conduire et des conducteurs conform\u00e9ment aux articles 1 et 2 del'arr\u00eat\u00e9 interminist\u00e9riel du 1\u00b0 f\u00e9vrier 2016 fixant le montant des honoraires des m\u00e9decinsagr\u00e9\u00e9s pour le contr\u00f4le m\u00e9dical de l'aptitude \u00e0 la conduite.\n- 'H\u00f4tel de la Pr\u00e9fecture \u2014 10 avenue Feuch\u00e9res \u2014 30045 NIMES CEDEX 9T\u00e9l : 04.66.36.43.90 \u2014 Fax 04.66.36.00.87 - www.gard.gouv.fr\nPrefecture du Gard - 30-2025-05-26-00007 - Arr\u00eat\u00e9 fixant la liste des m\u00e9decins agr\u00e9\u00e9s charg\u00e9s d'exercer le contr\u00f4le m\u00e9dical de\nl'aptitude \u00e0 la conduite pour le d\u00e9partement du Gard 43\nArticle 5 : L'agr\u00e9ment des m\u00e9decins d\u00e9sign\u00e9s aux articles 1 et 2 prendra fin \u00e0 l'issue du d\u00e9laiindiqu\u00e9. Le renouvellement de cet agr\u00e9ment devra \u00eatre sollicit\u00e9 aupr\u00e8s de la pr\u00e9fecture troismois avant son expiration.Les m\u00e9decins sont tenus de suivre la formation initiale ou continue pr\u00e9vue par l'arr\u00eat\u00e9interminist\u00e9riel du 31 juillet 2012, la formation continue \u00e9tant obligatoire dans le cadre d'unedemande de renouvellement.Article 6: L'arr\u00eat\u00e9 pr\u00e9fectoral n\u00b0 30-2025-02-25-00007 du 25 f\u00e9vrier 2025 fixant la liste desm\u00e9decins agr\u00e9\u00e9s charg\u00e9s d'exercer le contr\u00f4le m\u00e9dical de l'aptitude \u00e0 la conduite dud\u00e9partement du Gard est abrog\u00e9.Article 7: La pr\u00e9sente d\u00e9cision peut \u00eatre contest\u00e9e selon les voies de recours et dans lesd\u00e9lais mentionn\u00e9s ci-dessous.Article 8 : La directrice de cabinet de la pr\u00e9fecture du Gard est charg\u00e9e de l'application dupr\u00e9sent arr\u00eat\u00e9 qui sera publi\u00e9 au Recueil des Actes Administratifs de la pr\u00e9fecture et dont unexemplaire sera adress\u00e9 :- aux pr\u00e9sidents du conseil d\u00e9partemental de l'ordre national des m\u00e9decins de Loz\u00e8re,- aux m\u00e9decins agr\u00e9\u00e9s,- au directeur de la direction d\u00e9partementale des territoires et de la mer du Gard.\n'dans les deux mois \u00e0 compter de la notification de la pr\u00e9sente d\u00e9cision, les recours suivants peuvent \u00eatre introduits :e un recours gracieux, adress\u00e9 \u00e0: Monsieur le Pr\u00e9fet du Gard :Pr\u00e9fecture du Gard - Cabinet / DS / SAPSI / BPR10, avenue Feuch\u00e8res30045 N\u00eemes cedex 9@ un recours hi\u00e9rarchique, adress\u00e9 a: M. le Ministre de l'Int\u00e9rieur\u00a9 un recours contentieux, adress\u00e9 au tribunal administratif de N\u00eemes.Ce recours juridictionnel doit \u00eatre d\u00e9pos\u00e9 au plus tard avant l'expiration du 2\u00b0 mois suivant la date de notification de la d\u00e9ci-sion contest\u00e9e (ou bien du 2\u00b0 mois suivant la date du rejet de votre recours gracieux ou hi\u00e9rarchique).Le tribunal administratif peut aussi \u00eatre saisi par l'application informatique \u00ab Telerecours Citoyens \u00bb accessible par le site inter-net www.telerecours.fr. 5H\u00f4tel de la Pr\u00e9fecture \u2014 10 avenue Feuch\u00e8res - 30045 NIMES CEDEX 9T\u00e9l : 04.66.36.43.90 - Fax 04.66.36.00.87 - www.gard.gouv.fr\nPrefecture du Gard - 30-2025-05-26-00007 - Arr\u00eat\u00e9 fixant la liste des m\u00e9decins agr\u00e9\u00e9s charg\u00e9s d'exercer le contr\u00f4le m\u00e9dical de\nl'aptitude \u00e0 la conduite pour le d\u00e9partement du Gard 44\nPrefecture du Gard - 30-2025-05-26-00007 - Arr\u00eat\u00e9 fixant la liste des m\u00e9decins agr\u00e9\u00e9s charg\u00e9s d'exercer le contr\u00f4le m\u00e9dical de\nl'aptitude \u00e0 la conduite pour le d\u00e9partement du Gard 45\nPrefecture du Gard\n30-2025-06-02-00001\nArr\u00eat\u00e9 N\u00b030-2025-06-02-00001 portant\ninterdiction de rassemblement ou de\nmanifestation \u00e0 caract\u00e8re revendicatif sur la voie\npublique et le domaine routier.\nPrefecture du Gard - 30-2025-06-02-00001 - Arr\u00eat\u00e9 N\u00b030-2025-06-02-00001 portant interdiction de rassemblement ou de\nmanifestation \u00e0 caract\u00e8re revendicatif sur la voie publique et le domaine routier. 46\nCabinet\u0152E ae Direction des s\u00e9curit\u00e9sPREFET Service d'animation des politiques de s\u00e9curit\u00e9 int\u00e9rieureDU GARDLibert\u00e9Egalit\u00e9Fraternit\u00e9 N\u00eemes le, Q 2 JUIN 2025Arr\u00eat\u00e9 N\u00b030-2025-06- \u00a9 2 - O00O \u00c0portant interdiction de rassemblement ou de manifestation \u00e0 caract\u00e8re revendicatif sur lavoie publique et le domaine routier\nLe Pr\u00e9fet,Chevalier de la L\u00e9gion d'Honneur,Officier de l'Ordre national du M\u00e9rite,Vu le Code p\u00e9nal, notamment ses articles 131-13, 431-3 et suivants, R.610-1, R.610-5 etR.644-4 ; aVu le Code de proc\u00e9dure p\u00e9nale, notamment ses articles 529, R.48-1, R.49, R.49-3, R.49-7 etR.251;Vu le Code de la s\u00e9curit\u00e9 int\u00e9rieure, notamment ses articles L.211-1 \u00e0 L.211-4 et R.211-26-1 ;Vu le Code g\u00e9n\u00e9ral de collectivit\u00e9s territoriales, notamment son article L.2214-4 ;Vu le Code de la route ;Vu le Code de la voirie routi\u00e8re notamment son article L.111-1 ;Vu le r\u00e8glement de voirie d\u00e9partementale notamment son article 1;Vu le d\u00e9cret n\u00b02019-208 du 20 mars 2019 instituant une contravention de quatri\u00e8me classepour participation \u00e0 une manifestation interdite sur la voie publique ;Vu le d\u00e9cret n\u00b02004-374 du 29 avril 2004 modifi\u00e9 relatif aux pouvoirs des pr\u00e9fets \u00e0l'organisation et \u00e0 l'action des services de l'\u00c9tat dans les r\u00e9gions et les d\u00e9partements ;Vule d\u00e9cret du Pr\u00e9sident de la R\u00e9publique du 13 juillet 2023, nommantMonsieur J\u00e9r\u00f4me BONET, pr\u00e9fet du Gard ;Vu l'arr\u00eat\u00e9 pr\u00e9fectoral n\u00b030-2024-10-18-00007 du 18 octobre 2024 donnant d\u00e9l\u00e9gation designature a Monsieur Emile SOUMBO, sous-pr\u00e9fet de l'arrondissement d'Al\u00e9s ;Vu l'arr\u00eat\u00e9 pr\u00e9fectoral n\u00b030-2024-10-18-00008 du 18 octobre 2024 donnant d\u00e9l\u00e9gation designature \u00e0 Madame Anne LEVASSEUR, sous-pr\u00e9f\u00e8te de l'arrondissement du Vigan ;Vu l'arr\u00eat\u00e9 pr\u00e9fectoral n\u00b030-2024-10-18-00009 du 18 octobre 2024 donnant d\u00e9l\u00e9gation designature a Madame Marie-Charlotte EUVRARD, sous-pr\u00e9f\u00e8te, directrice de cabinet dupr\u00e9fet du Gard ;\nPrefecture du Gard - 30-2025-06-02-00001 - Arr\u00eat\u00e9 N\u00b030-2025-06-02-00001 portant interdiction de rassemblement ou de\nmanifestation \u00e0 caract\u00e8re revendicatif sur la voie publique et le domaine routier. 47\nVu l'arr\u00eat\u00e9 pr\u00e9fectoral n\u00b030-2024-10-18-00005 du 18 octobre 2024 donnant d\u00e9l\u00e9gation designature \u00e0 Monsieur Yann GERARD, secr\u00e9taire g\u00e9n\u00e9ral de la ieee du Gard,sous-pr\u00e9fet de Nimes ;Vu l'arr\u00eat\u00e9 pr\u00e9fectoral n\u00b030-2024-10-18-00006 du 18 octobre 2024 donnant d\u00e9l\u00e9gation designature \u00e0 Monsieur Mathias NIEPS, sous-pr\u00e9fet, charg\u00e9 de mission aupr\u00e8s du pr\u00e9fet duGard, secr\u00e9taire g\u00e9n\u00e9ral adjoint de la pr\u00e9fecture du Gard;Vuile programme de la F\u00e9ria de Pentec\u00f4te 2025 organis\u00e9e du mercredi 4 juin 2025 aulundi 9 juin 2025 ;Consid\u00e9rant les actions r\u00e9currentes du mouvement anti-corrida lors de la F\u00e9ria dePentec\u00f4te \u00e0 N\u00eemes ayant conduit le 23 mai 2015 \u00e0 65 interpellations etplacement en garde \u00e0 vue, le 3 juin 2017 \u00e0 68 interpellations et 66 placementsen garde \u00e0 vue; les troubles \u00e0 l'ordre public engendr\u00e9s par les militantsanti-corrida, dans le cadre d'une manifestation non d\u00e9clar\u00e9e le 19 mai 2018 \u00e018h00 \u00e0 N\u00eemes; qu'\u00e0 cette occasion des heurts ont \u00e9clat\u00e9 entre pro etanti-corrida n\u00e9cessitant l'usage de gaz lacrymog\u00e8ne par les effectifs de las\u00e9curit\u00e9 publique pour s\u00e9parer les protagonistes ; que l'intervention de forcede l'ordre a \u00e9t\u00e9 n\u00e9cessaire pour faire face aux diverses tentatives ded\u00e9stabilisation et tentatives de p\u00e9n\u00e9tration dans les ar\u00e8nes; que cettemanifestation sous tension a n\u00e9cessit\u00e9 l'intervention de forces mobiles, qui \u00e0'issue des sommations d'usage et face \u00e0 l'inertie de manifestants tr\u00e8sd\u00e9termin\u00e9s, ont refoul\u00e9 les manifestants engendrant la dislocation de lamanifestation et le d\u00e9part de ses \u00e9l\u00e9ments plus radicaux vers 20h30 ; que lesviolences \u00e0 personne d\u00e9tentrice de l'autorit\u00e9 publique, les d\u00e9gradationsvolontaires et la participation \u00e0 un attroupement malgr\u00e9 sommations avec unvisage dissimul\u00e9 ont conduit \u00e0 6 interpellations le jour-m\u00eame et fait 6 bless\u00e9sparmi les forces de l'ordre; que le 21 septembre 2021, le rassemblementanti-corrida qui a rassembl\u00e9 200 manifestants devant le parvis des ar\u00e8nes an\u00e9cessit\u00e9 l'intervention des forces de l'ordre pour les faire reculer, apr\u00e8ssommations, en dehors du p\u00e9rim\u00e8tre d'interdiction de manifester d\u00e9fini pararr\u00eat\u00e9 pr\u00e9fectoral et qu'\u00e0 cette occasion, 4 manifestants ont \u00e9t\u00e9 interpell\u00e9s |pour des faits de violence sur personnes d\u00e9positaires de l'autorit\u00e9 publique et5 fonctionnaires de police ont \u00e9t\u00e9 bless\u00e9s ; que le samedi 27 mai 2023 \u00e0 18h,le mouvement anti-corrida a proc\u00e9d\u00e9 \u00e0 une manifestation non d\u00e9clar\u00e9e dansle p\u00e9rim\u00e8tre interdit, ce qui a conduit \u00e0 12 interpellations ;Consid\u00e9rant que la F\u00e9ria de Pentec\u00f4te est une grande f\u00eate populaire qui attire un largepublic familial fran\u00e7ais et \u00e9tranger, \u00e9valu\u00e9 entre 400 000 et 600 000 personnessur | 'ensemble de l'\u00e9v\u00e9nement (pic de fr\u00e9quentation constat\u00e9 sur la journ\u00e9edu samedi), avec une forte concentration du public dans l'hyper centre-ville ;que ce large public n'assiste pas forc\u00e9ment aux spectacles tauromachiquesdans les ar\u00e8nes (courses camarguaises et corridas) mais vient profiter desanimations (abrivados, march\u00e9 artisanal, casitas, p\u00e9nas et bandas, espacestaurins, spectacles \u00e9questres, concerts, etc);Consid\u00e9rant que par leur violence, leur caract\u00e8re radical et r\u00e9p\u00e9titif, les agissementsill\u00e9gaux et violents survenus dans le cadre du mouvement anti-corridas ou \u00e0l'occasion de celui-ci, exc\u00e8dent le cadre de la libert\u00e9 de manifestation et lesd\u00e9sagr\u00e9ments qu'un mouvement revendicatif peut entra\u00eener, de mani\u00e8reg\u00e9n\u00e9rale, \u00e0 l'\u00e9gard du public et ou de touristes pr\u00e9sents aux abords des lieux \u00e0forte fr\u00e9quentation du centre-ville de N\u00eemes ;\nPrefecture du Gard - 30-2025-06-02-00001 - Arr\u00eat\u00e9 N\u00b030-2025-06-02-00001 portant interdiction de rassemblement ou de\nmanifestation \u00e0 caract\u00e8re revendicatif sur la voie publique et le domaine routier. 48\nConsid\u00e9rant qu'en raison de la simultan\u00e9it\u00e9 des manifestations r\u00e9cr\u00e9atives ou festives etdes manifestations revendicatives, \u00e0 quelques dizaines de m\u00e8tres les unes desautres et \u00e0 proximit\u00e9 des ar\u00e8nes de N\u00eemes, de la v\u00e9h\u00e9mence des d\u00e9fenseursdes traditions taurines, d'une part, et des anti-corrida d'autre part, il existe unrisque av\u00e9r\u00e9 de troubles \u00e0 l'ordre public susceptibles d'\u00eatre accentu\u00e9s par laconsommation d'alcool lors d'\u00e9v\u00e9nements festifs ;Consid\u00e9rant qu'il appartient \u00e0 l'autorit\u00e9 investie du pouvoir de police administrative deconcilier l'exercice du droit de manifester avec les imp\u00e9ratifs de l'ordrepublic ; que dans ce cadre elle se doit de prendre les mesures n\u00e9cessaires,adapt\u00e9es et proportionn\u00e9es de nature \u00e0 pr\u00e9venir tant la commissiond'infractions p\u00e9nales que les troubles \u00e0 l'ordre public ;Consid\u00e9rant que la mobilisation des forces de s\u00e9curit\u00e9, m\u00eame en nombre important, nepourra, \u00e0 d\u00e9faut de l'adoption de mesures de restriction et d'encadrementparticuli\u00e8res, suffire \u00e0 assurer la s\u00e9curit\u00e9 des personnes et notamment celledes manifestants eux-m\u00eames ;Consid\u00e9rant que, dans le m\u00eame temps, les forces de l'ordre sont toujours particuli\u00e8rementmobilis\u00e9es notamment sur la s\u00e9curisation d'un grand rassemblement tel quela F\u00e9ria de Pentec\u00f4te, pour faire face \u00e0 la menace terroriste qui demeureactuelle et pr\u00e9gnante sur l'ensemble du territoire national ;Consid\u00e9rant la disponibilit\u00e9 limit\u00e9e des forces mobiles, dont le concours n'est aucunementgaranti \u00e0 la date de signature du pr\u00e9sent arr\u00eat\u00e9, pour assurer la s\u00e9curit\u00e9 despersonnes, et notamment celle des manifestants eux-m\u00eames ;Consid\u00e9rant que, dans ces circonstances, l'interdiction de manifester sur le secteurconcern\u00e9 et mentionn\u00e9e \u00e0 l'article 1\u00b0 est seule de nature \u00e0 pr\u00e9venirefficacement et de mani\u00e8re proportionn\u00e9e les troubles \u00e0 l'ordre public ;Consid\u00e9rant que le domaine public routier comprend l'ensemble des biens du domaine-public de l'\u00c9tat, des d\u00e9partements et des communes affect\u00e9es aux besoins deNa' circulation terrestre, a |' exception des voies ferr\u00e9es ;Consid\u00e9rant que, dans le domaine public routier sont int\u00e9gr\u00e9s, la chauss\u00e9e et ses'd\u00e9pendances, les accotements, les terre-pleins centraux et les trottoirs\u00e9ventuels, les pistes cyclables, les talus, les bassins de r\u00e9tention, les aires derepos ou de service destin\u00e9es \u00e0 l'entretien des routes, les parcs destationnement de surface, les plantations effectu\u00e9es en bordure de voies ousur les d\u00e9pendances du domaine public ;\nVu l'urgence ;\nPrefecture du Gard - 30-2025-06-02-00001 - Arr\u00eat\u00e9 N\u00b030-2025-06-02-00001 portant interdiction de rassemblement ou de\nmanifestation \u00e0 caract\u00e8re revendicatif sur la voie publique et le domaine routier. 49\nSur proposition de Madame la directrice de cabinet du pr\u00e9fet de Gard:ARRETEArticle 1- Tout rassemblement ou manifestation revendicative sur la voie publique et ledomaine public routier est interdit du mercredi 4 juin 2025 \u00e0 compter de 08h00au lundi 9 juin 2025 \u00e0 22h00 \u00e0 N\u00eemes, au sein du p\u00e9rim\u00e8tre figurant en annexedu pr\u00e9sent arr\u00eat\u00e9.Article 2-Toute infraction au pr\u00e9sent arr\u00eat\u00e9 sera constat\u00e9e et r\u00e9prim\u00e9e, s'agissant desorganisateurs, dans les conditions fix\u00e9es par l'article 431-9 du Code p\u00e9nal, \u00e0savoir six mois d'emprisonnement et 7 500 euros d'amende et, s'agissant desparticipants, par l'article R.644-4 du m\u00eame code instituant une contravention dequatri\u00e8me classe. |Article 3 -Le pr\u00e9sent arr\u00eat\u00e9 peut faire l'objet d'un recours administratif aupr\u00e8s de Monsieurle pr\u00e9fet du Gard (Pr\u00e9fecture du Gard 30 045 Nimes Cedex 9), d'un recourshi\u00e9rarchique adress\u00e9 a Monsieur le ministre de l'Int\u00e9rieur - place Beauvau 75 008Paris) ou d'un recours contentieux devant le tribunal administratif de N\u00eemes,dans un d\u00e9lai de deux mois suivant sa publication. Le tribunal administratif peutaussi \u00eatre saisi par l'application informatique \u00ab Telerecours Citoyens \u00bb accessiblepar le site internet www.telerecours.fr.Article 6 -Madame la directrice de cabinet du pr\u00e9fet du Gard, Madame la sous-pr\u00e9f\u00e9te del'arrondissement du Vigan, Monsieur le sous-pr\u00e9fet de l'arrondissement d'Al\u00e9s,Monsieur le secr\u00e9taire g\u00e9n\u00e9ral de la pr\u00e9fecture du Gard, Monsieur le secr\u00e9taireg\u00e9n\u00e9ral adjoint de la pr\u00e9fecture du Gard, Monsieur le Colonel, commandant legroupement de gendarmerie d\u00e9partementale du Gard, Monsieur le directeur.interd\u00e9partemental de la police nationale du Gard, sont charg\u00e9s, chacun en cequi les concerne, de l'ex\u00e9cution du pr\u00e9sent arr\u00eat\u00e9.Le pr\u00e9fet,Pour le pr\u00e9fet,|___Directrice de cabinetMarie-Charlotte EUVRARD\nPrefecture du Gard - 30-2025-06-02-00001 - Arr\u00eat\u00e9 N\u00b030-2025-06-02-00001 portant interdiction de rassemblement ou de\nmanifestation \u00e0 caract\u00e8re revendicatif sur la voie publique et le domaine routier. 50\nUzz e uinf Ipun| neug e 'uinf \u00ff Ipasdsaw ng\"msi\nPrefecture du Gard - 30-2025-06-02-00001 - Arr\u00eat\u00e9 N\u00b030-2025-06-02-00001 portant interdiction de rassemblement ou de\nmanifestation \u00e0 caract\u00e8re revendicatif sur la voie publique et le domaine routier. 51\nPrefecture du Gard - 30-2025-06-02-00001 - Arr\u00eat\u00e9 N\u00b030-2025-06-02-00001 portant interdiction de rassemblement ou de\nmanifestation \u00e0 caract\u00e8re revendicatif sur la voie publique et le domaine routier. 52","date":"2025-06-03","first_seen_on":"2025-06-03T08:08:13+00:00","id":"9c3e1d6ecc39c9130f452895fb97e32877a6ec66177c1f1a38960dcb7189e2ad","name":"recueil-30-2025-094-special du 03 06 2025","pdf_creation_date":"2025-06-03T06:39:42+00:00","pdf_modification_date":null,"timezone":"Europe/Paris","url":"https://www.gard.gouv.fr/contenu/telechargement/63680/470713/file/recueil-30-2025-094-special%20du%2003%2006%202025.pdf"}
