{"administration":"pref30","administration_name":"Pr\u00e9fecture du Gard","content":"PR\u00c9FET\nDU GARD\nRECUEIL DES ACTES\nADMINISTRATIFS SP\u00c9CIAL\n(NOMINATIFS)\nN\u00b030-2024-108\nPUBLI\u00c9 LE 12 JUILLET 2024\nSommaire\nAgence R\u00e9gionale de la Sant\u00e9- d\u00e9l\u00e9gation d\u00e9partementale du Gard\n/\n30-2024-07-12-00005 - Arr\u00eat\u00e9 portant r\u00e9quisition de m\u00e9decin\ng\u00e9n\u00e9raliste (4 pages) Page 3\n2\nAgence R\u00e9gionale de la Sant\u00e9- d\u00e9l\u00e9gation\nd\u00e9partementale du Gard\n30-2024-07-12-00005\nArr\u00eat\u00e9 portant r\u00e9quisition de m\u00e9decin\ng\u00e9n\u00e9raliste\nAgence R\u00e9gionale de la Sant\u00e9- d\u00e9l\u00e9gation d\u00e9partementale du Gard - 30-2024-07-12-00005 - Arr\u00eat\u00e9 portant r\u00e9quisition de m\u00e9decin\ng\u00e9n\u00e9raliste 3\nD U GA RD @ ) Agence R\u00e9gionale de Sant\u00e9L 4 OccitanieLibert\u00e9'\u00c9galit\u00e9Frat\u00e9rnit\u00e9 D\u00e9l\u00e9gation d\u00e9partementale du GardLe Pr\u00e9fet du Gard\nLe pr\u00e9fet du GardChevalier de la L\u00e9gion d'honneurChevalier de l'ordre national du M\u00e9riteARRETE PORTANT REQUISITION DE MEDECIN GENERALISTE\nVU le code de la d\u00e9fense, et notamment ses articles L 2213-1 et suivants, et R 2213-1 etsuivants relatifs aux r\u00e9quisitions de biens et de services;VU le d\u00e9cret n\u00b02004-374 du 29 avril 2004 modifi\u00e9, relatif aux pouvoirs des pr\u00e9fets, \u00e0l'organisation et \u00e0 l'action des services de l'Etat dans les r\u00e9gions et d\u00e9partements ;.VU le code de la sant\u00e9 publique; \u00e9t notamment les articles L.1435-5 et L.6314-1 et suivantsrelatifs \u00e0 la mission de service public de Permanences des Soins Ambulatoires, l'article R.4127-1 et suivants et R. 6315-1 et suivants ;VU le d\u00e9cret n\u00b02016-1264 du 28 septembre 2016 portant fixation du nom et du chef-lieu dela r\u00e9gion Occitanie ;VU le d\u00e9cret du 20 avril 2022 portant nomination de Monsieur Didier JAFFRE en qualit\u00e9 dedirecteur g\u00e9n\u00e9ral de l'agence r\u00e9gionale de sant\u00e9 Occitanie ;VU le d\u00e9cret du 13 juillet 2023 portant nomination du Pr\u00e9fet du Gard, Monsieur J\u00e9r\u00f4meBONET ;VU le d\u00e9cret du 24 avril 2024 portant nomination du secr\u00e9taire g\u00e9n\u00e9ral de la pr\u00e9fecture duGard, Monsieur Yann GERARD ;VU l'arr\u00eat\u00e9 de l'ARS Occitanie n\u00b02023-ARS-DPR-PDSA-CDC-01 \u00e9n date du 8 d\u00e9cembre 2023fixant le cahier des charges r\u00e9gional de la permanence des soins en m\u00e9decine ambulatoirepour la r\u00e9gion Occitanie;VU les tableaux de garde incomplets sur le secteur 13 (C\u00e8ze C\u00e9vennes,_Bess\u00ebges, Barjac,Saint-Ambroix) pour les 13 et 14 juillet 2024 ; 'CONSIDERANT la r\u00e9quisition comme seul moyen de faire face \u00e0 la situation d'incompl\u00e9tudedu planning du secteur 13 (C\u00e8ze C\u00e9vennes, Bess\u00e8ges, Barjac, Saint-Ambroix) ;\nAgence R\u00e9gionale de la Sant\u00e9- d\u00e9l\u00e9gation d\u00e9partementale du Gard - 30-2024-07-12-00005 - Arr\u00eat\u00e9 portant r\u00e9quisition de m\u00e9decin\ng\u00e9n\u00e9raliste 4\nCONSIDERANT la n\u00e9cessit\u00e9 de maintenir une activit\u00e9 de permanence de soins ambulatoiressur le secteur 13 (C\u00e8ze C\u00e9vennes, Bess\u00e8ges, Barjac, Saint-Ambroix) pour r\u00e9pondre \u00e0 lademande de la population ;CONSIDERANT qu'il r\u00e9sulte de cette situation, un risque grave pour la prise en chai'ge deshabitants du secteur 13 (C\u00e8ze C\u00e9vennes, Bess\u00e8ges, Barjac, Sairit-Ambroix) en l'absence dem\u00e9decins lib\u00e9raux sur le tour de garde consid\u00e9r\u00e9 pour exercer la permanence des soinsconstituant une atteinte \u00e0 la s\u00e9curit\u00e9 et salubrit\u00e9 publique ; |Sur proposition du Directeur adjoint de la d\u00e9l\u00e9gation d\u00e9partementale de l'ARS du Gardagissant par d\u00e9l\u00e9gation du Directeur G\u00e9n\u00e9ral de l'Agence R\u00e9gionale de Sant\u00e9 d'Occitanie ;\nARRETE\nARTICLE 1 : Pour assurer la permanence des soins sur le secteur 13 (C\u00e8ze C\u00e9vennes,Bess\u00e8ges, Barjac, Saint-Ambroix), les m\u00e9decins d\u00e9sign\u00e9s ci-apr\u00e8s sont requis aux dates etheures pr\u00e9cis\u00e9es :\nDr C\u00e9line DAUPHINAdresse professionnelle : Le samedi 13 juillet 2024Centre de sant\u00e9 FILIERIS Saint-Ambroix De 12 h \u00e0 24 heures13 ALrue\\.des Jardins30500 SAINT-AMBROIX\nDr Serge GALLOTAdresse professionnelle : Le dimanche 14 juillet 202445 route Nationale | De 8h \u00e0 24 heures30430 Saint-Jean-de-Maru\u00e9jols-et-Av\u00e9jan\nCes m\u00e9decins_req\u00f9is doivent \u00eatre joigna'bles \u00e0 tout instant \u00e0 leur num\u00e9ro de t\u00e9l\u00e9phoneprofessionnel durant la p\u00e9riode de garde d\u00e9finie ci-dessus.\nARTICLE 2 : Le pr\u00e9sent arr\u00eat\u00e9 peut faire l'objet d'un recours contentieux aupr\u00e8s du tribunaladministratif territorialement comp\u00e9tent \u00e0 compter de sa publication au recueil des actesadministratifs des services de l'Etat.Le tribunal administratif peut \u00eatre saisi par l'application informatique \"T\u00e9l\u00e9recours citoyens\"accessible par le site internet www:telerecours.fr\n2/3\nAgence R\u00e9gionale de la Sant\u00e9- d\u00e9l\u00e9gation d\u00e9partementale du Gard - 30-2024-07-12-00005 - Arr\u00eat\u00e9 portant r\u00e9quisition de m\u00e9decin\ng\u00e9n\u00e9raliste 5\nARTICLE 3: Le Sous-Pr\u00e9f\u00e8t d'Al\u00e8s et le directeur de la d\u00e9l\u00e9gation d\u00e9partementale du Gard del'agence r\u00e9gionale de sant\u00e9 Occitanie sOnt charg\u00e9s, chacun en ce qui le concerne, del'application du pr\u00e9sent arr\u00e9t\u00e9 qui sera notifi\u00e9 aux int\u00e9ress\u00e9s.\nFait \u00e0 NIMES, le / L{O A ( L\u00f4\u00ee(]\nLe Pr\u00e9fet\nPour le pr\u00e9fet,e sous-pr\u00e9fet,Secr\u00e9ta.re z\u00e9n\u00e9ral adjoint\nMathias NIERS\nAgence R\u00e9gionale de la Sant\u00e9- d\u00e9l\u00e9gation d\u00e9partementale du Gard - 30-2024-07-12-00005 - Arr\u00eat\u00e9 portant r\u00e9quisition de m\u00e9decin\ng\u00e9n\u00e9raliste 6\nAgence R\u00e9gionale de la Sant\u00e9- d\u00e9l\u00e9gation d\u00e9partementale du Gard - 30-2024-07-12-00005 - Arr\u00eat\u00e9 portant r\u00e9quisition de m\u00e9decin\ng\u00e9n\u00e9raliste 7","date":"2024-07-12","first_seen_on":"2025-01-08T19:39:51+00:00","id":"9c74e4d617ad1d428e2622dc35fe24b27c629d99702a2725119681cea29036cf","name":"recueil-30-2024-108-nominatifs du 12 07 2024","pdf_creation_date":"2024-07-12T15:00:55+00:00","pdf_modification_date":null,"timezone":"CET","url":"https://www.gard.gouv.fr/contenu/telechargement/58385/436811/file/recueil-30-2024-108-nominatifs%20du%2012%2007%202024.pdf"}
