{"administration":"pref13","administration_name":"Pr\u00e9fecture des Bouches-du-Rh\u00f4ne","content":"BOUCHES-DU-\nRH\u00d4NE\nRECUEIL DES ACTES\nADMINISTRATIFS SP\u00c9CIAL\nN\u00b013-2025-340\nPUBLI\u00c9 LE 10 NOVEMBRE 2025\nSommaire\nDDETS 13 /\n13-2025-11-10-00003 - R\u00e9c\u00e9piss\u00e9 de d\u00e9claration au titre des Services\n\u00e0 la Personne au b\u00e9n\u00e9fice de   Madame COMMAIN C\u00e9n\u00e9cia en\nqualit\u00e9 d'entrepreneur individuel, situ\u00e9  20 Avenue de Toulon -\n13120 GARDANNE (2 pages) Page 4\n13-2025-11-07-00057 - R\u00e9c\u00e9piss\u00e9 de d\u00e9claration au titre des\nServices \u00e0 la Personne au b\u00e9n\u00e9fice de  Madame  FACHAUX Manon en\nqualit\u00e9 d'entrepreneur individuel, situ\u00e9 21 Boulevard Battala  - 13003\nMARSEILLE (2 pages) Page 7\n13-2025-11-07-00056 - R\u00e9c\u00e9piss\u00e9 de d\u00e9claration au titre des\nServices \u00e0 la Personne au b\u00e9n\u00e9fice de  Madame PEREZ Sandra en\nqualit\u00e9 d'entrepreneur individuel, situ\u00e9 130 Impasse Des Paturages -\n13270 FOS-SUR-MER (2 pages) Page 10\n13-2025-11-07-00058 - R\u00e9c\u00e9piss\u00e9 de d\u00e9claration au titre des\nServices \u00e0 la Personne au b\u00e9n\u00e9fice de  Madame VEYS Louise en\nqualit\u00e9 d'entrepreneur individuel, situ\u00e9 32 Boulevard du Pac  - 13013\nMARSEILLE  (2 pages) Page 13\n13-2025-11-07-00052 - R\u00e9c\u00e9piss\u00e9 de d\u00e9claration au titre des\nServices \u00e0 la Personne au b\u00e9n\u00e9fice de  Monsieur MAHADJOUB\nBOUKRISS Djamel en qualit\u00e9 d'entrepreneur individuel, situ\u00e9 10\nSquare National - 13003 MARSEILLE (2 pages) Page 16\n13-2025-11-10-00001 - R\u00e9c\u00e9piss\u00e9 de d\u00e9claration au titre des Services\n\u00e0 la Personne au b\u00e9n\u00e9fice de  Monsieur MENDIL Ghani en qualit\u00e9\nd'entrepreneur individuel, situ\u00e9 9 rue Colbert - 13001 MARSEILLE (2\npages) Page 19\n13-2025-11-07-00055 - R\u00e9c\u00e9piss\u00e9 de d\u00e9claration au titre des\nServices \u00e0 la Personne au b\u00e9n\u00e9fice de Monsieur FLORENT Gabriel en\nqualit\u00e9 d'entrepreneur individuel, situ\u00e9 7 avenue de la Croix Rouge -\n13013 MARSEILLE  (2 pages) Page 22\nPr\u00e9fecture de police des Bouches-du-Rh\u00f4ne /\n13-2025-11-07-00059 - Arr\u00eat\u00e9 autorisant la captation et la\ntransmission\nd'images au moyen de cam\u00e9ras install\u00e9es sur des\na\u00e9ronefs le 13 novembre 2025 (4 pages) Page 25\nPr\u00e9fecture des Bouches-du-Rhone /\n13-2025-11-10-00004 - DS int\u00e9rim DIR CAB 101125 (7 pages) Page 30\nPr\u00e9fecture des Bouches-du-Rhone / Direction de la Citoyennet\u00e9, de la\nL\u00e9galit\u00e9 et de l'Environnement\n13-2025-10-29-00026 - ARR\u00caT\u00c9 du 29 OCTOBRE 2025\nportant\nhabilitation sous le n\u00b0 25-13-0214 du service public industriel et\ncommercial d\u00e9nomm\u00e9 \u00ab\u00a0REGIE DES CREMATORIUMS\nMETROPOLITAINS\u00a0\u00bb  \npour la gestion et l'utilisation du\n\u00ab\u00a0CREMATORIUM SAINT-PIERRE\u00a0\u00bb sis \u00e0 Marseille (13005)\n (2 pages) Page 38\n2\n13-2025-10-29-00027 - ARR\u00caT\u00c9 du 29 OCTOBRE 2025\nportant\nhabilitation sous le n\u00b0 25-13-0574 du service public industriel et\ncommercial d\u00e9nomm\u00e9 \u00ab\u00a0REGIE DES CREMATORIUMS\nMETROPOLITAINS\u00a0\u00bb  \npour la gestion et l'utilisation du\n\u00ab\u00a0CREMATORIUM DE MARTIGUES\u00a0\u00bb sis \u00e0 Martigues (13500) (2\npages) Page 41\nSecr\u00e9tariat G\u00e9n\u00e9ral Commun 13 /\n13-2025-11-10-00002 - Arr\u00eat\u00e9 d\u00e9classement Peypin AX-31 (1 page) Page 44\nSecr\u00e9tariat g\u00e9n\u00e9ral pour l'administration du minist\u00e8re de\nl'int\u00e9rieur /\n13-2025-11-07-00054 - Arr\u00eat\u00e9 du 10 novembre 2025 donnant\nd\u00e9l\u00e9gation d'ordonnancement secondaire (12 pages) Page 46\n13-2025-11-07-00053 - Arr\u00eat\u00e9 du 10 novembre 2025 portant\nd\u00e9l\u00e9gation de signature au sein du secr\u00e9tariat g\u00e9n\u00e9ral de la zone\nde d\u00e9fense et de s\u00e9curit\u00e9 Sud (24 pages) Page 59\n3\nDDETS 13\n13-2025-11-10-00003\nR\u00e9c\u00e9piss\u00e9 de d\u00e9claration au titre des Services \u00e0\nla Personne au b\u00e9n\u00e9fice de   Madame COMMAIN\nC\u00e9n\u00e9cia en qualit\u00e9 d'entrepreneur individuel,\nsitu\u00e9  20 Avenue de Toulon - 13120 GARDANNE\nDDETS 13 - 13-2025-11-10-00003 - R\u00e9c\u00e9piss\u00e9 de d\u00e9claration au titre des Services \u00e0 la Personne au b\u00e9n\u00e9fice de   Madame COMMAIN\nC\u00e9n\u00e9cia en qualit\u00e9 d'entrepreneur individuel, situ\u00e9  20 Avenue de Toulon - 13120 GARDANNE 4\nEnPREFETDES BOUCHES-DU-RHONELibert\u00e9Egalit\u00e9Fraternit\u00e9\n \nDirection D\u00e9partementale\nde l'Emploi, du Travail\n et des Solidarit\u00e9s\ndes Bouches du Rh\u00f4ne\nP\u00f4le \u00c9conomie Emploi Entreprises\nD\u00e9partement Insertion Professionnelle\n      R\u00e9c\u00e9piss\u00e9 de d\u00e9claration n\u00b0 \n                   d'un organisme de services \u00e0 la personne\n                      enregistr\u00e9 sous le N\u00b0 SAP949177752\nVu  le  code  du  travail  et  notamment les articles  L.7231-1  \u00e0  L.7233-2,  R.7232-16  \u00e0 \nR.7232-22, D.7231-1 et D.7233-1 \u00e0 D.7233-5,\nLe pr\u00e9fet de la R\u00e9gion Provence-Alpes-C\u00f4te d'Azur  Pr\u00e9fet de la Zone de D\u00e9fense et \nde S\u00e9curit\u00e9 Sud,  Pr\u00e9fet des Bouches-du-Rh\u00f4ne,\nCONSTATE\nQu'une d\u00e9claration d'activit\u00e9s de Services \u00e0 la Personne a \u00e9t\u00e9 d\u00e9pos\u00e9e aupr\u00e8s de la  \nDirection D\u00e9partementale de l'Emploi, du Travail et des Solidarit\u00e9s des Bouches-du-\nRh\u00f4ne  le,  5  novembre  2025  par  Madame  COMMAIN  C\u00e9n\u00e9cia  en  qualit\u00e9  \nd'entrepreneur  individuel,  situ\u00e9   20  Avenue  de  Toulon  -  13120  GARDANNE  et  \nenregistr\u00e9 sous le N\u00b0 SAP949177752 pour les activit\u00e9s suivantes en mode prestataire :\n  \u2022   Soutien scolaire ou cours \u00e0 domicile \n  \u2022   Entretien de la maison et travaux m\u00e9nagers \n  \u2022   Maintenance, entretien et vigilance temporaires \u00e0 domicile \nToute  modification  concernant  les  activit\u00e9s  exerc\u00e9es  devra  faire  l'objet  d'une  \nd\u00e9claration modificative pr\u00e9alable.\nSous r\u00e9serve d'\u00eatre exerc\u00e9es \u00e0 titre exclusif au profit de particuliers, \u00e0 leur domicile  \n(ou sous r\u00e9serve d'une comptabilit\u00e9 s\u00e9par\u00e9e pour les personnes morales dispens\u00e9es  \nde cette condition), ces activit\u00e9s ouvrent droit au b\u00e9n\u00e9fice des dispositions des  \narticles L.7233-2 du code du travail et L.241-10 du code de la s\u00e9curit\u00e9 sociale dans les  \nconditions pr\u00e9vues par ces articles.\nLes effets de la d\u00e9claration courent \u00e0 compter du jour du d\u00e9p\u00f4t de la d\u00e9claration  \nsous r\u00e9serve des dispositions de  l'article R.7232-18 du code du travail.\nEn application  des articles L.7232-1 et R.7232-1 \u00e0 R.7232-15, les activit\u00e9s n\u00e9cessitant  \nun  agr\u00e9ment  (I  de  l'article  D.7231-1  du  code  du  travail)  n'ouvrent  droit  \u00e0  ces \nDDETS 13 - 13-2025-11-10-00003 - R\u00e9c\u00e9piss\u00e9 de d\u00e9claration au titre des Services \u00e0 la Personne au b\u00e9n\u00e9fice de   Madame COMMAIN\nC\u00e9n\u00e9cia en qualit\u00e9 d'entrepreneur individuel, situ\u00e9  20 Avenue de Toulon - 13120 GARDANNE 5\ndispositions  que  si  la  structure  a  pr\u00e9alablement  obtenu  l'agr\u00e9ment  ou  le  \nrenouvellement  de  cet  agr\u00e9ment  dans  le  ou  les  d\u00e9partements  d'exercice  de  ses \nactivit\u00e9s.\nDe m\u00eame, en application de l'article D.312-6-2 du code de l'action sociale et des  \nfamilles, les activit\u00e9s n\u00e9cessitant une autorisation n'ouvrent droit \u00e0 ces dispositions  \nque si l'organisme a pr\u00e9alablement obtenu l'autorisation ou le renouvellement de  \ncette autorisation.\nLe pr\u00e9sent r\u00e9c\u00e9piss\u00e9 n'est pas limit\u00e9 dans le temps.  La d\u00e9claration a une port\u00e9e  \nnationale.\nL'enregistrement de la d\u00e9claration peut \u00eatre retir\u00e9 dans les conditions fix\u00e9es aux  \narticles R.7232-20 \u00e0 R.7232-22 du code du travail.\nLe pr\u00e9sent r\u00e9c\u00e9piss\u00e9 sera publi\u00e9 au Recueil des Actes Administratifs de la Pr\u00e9fecture  \ndes Bouches-du-Rh\u00f4ne.\nFait \u00e0 Marseille, le 10 novembre 2025\n                                                                             Pour le Pr\u00e9fet et par d\u00e9l\u00e9gation,\nPar emp\u00eachement de la Directrice D\u00e9par-\ntementale de l'Emploi, du Travail et des \nSolidarit\u00e9s des Bouches-du-Rh\u00f4ne   \nLa Responsable du d\u00e9partement de \nl'Insertion Professionnel,\nSign\u00e9\nElodie CARITEY\n55 boulevard P\u00e9rier \u2013 13415 cedex 20 MARSEILLE Cedex 20 - T\u00e9l\u00e9phone : 04.91.57.96.00 \nMel : ddets-sap@bouches-du-rhone.gouv.fr\n2\nDDETS 13 - 13-2025-11-10-00003 - R\u00e9c\u00e9piss\u00e9 de d\u00e9claration au titre des Services \u00e0 la Personne au b\u00e9n\u00e9fice de   Madame COMMAIN\nC\u00e9n\u00e9cia en qualit\u00e9 d'entrepreneur individuel, situ\u00e9  20 Avenue de Toulon - 13120 GARDANNE 6\nDDETS 13\n13-2025-11-07-00057\nR\u00e9c\u00e9piss\u00e9 de d\u00e9claration au titre des Services \u00e0\nla Personne au b\u00e9n\u00e9fice de  Madame  FACHAUX\nManon en qualit\u00e9 d'entrepreneur individuel,\nsitu\u00e9 21 Boulevard Battala  - 13003 MARSEILLE\nDDETS 13 - 13-2025-11-07-00057 - R\u00e9c\u00e9piss\u00e9 de d\u00e9claration au titre des Services \u00e0 la Personne au b\u00e9n\u00e9fice de  Madame  FACHAUX\nManon en qualit\u00e9 d'entrepreneur individuel, situ\u00e9 21 Boulevard Battala  - 13003 MARSEILLE 7\nEnPREFETDES BOUCHES-DU-RHONELibert\u00e9Egalit\u00e9Fraternit\u00e9\n \nDirection D\u00e9partementale\nde l'Emploi, du Travail\n et des Solidarit\u00e9s\ndes Bouches du Rh\u00f4ne\nP\u00f4le \u00c9conomie Emploi Entreprises\nD\u00e9partement Insertion Professionnelle\n      R\u00e9c\u00e9piss\u00e9 de d\u00e9claration n\u00b0 \n                   d'un organisme de services \u00e0 la personne\n                      enregistr\u00e9 sous le N\u00b0 SAP992762872\nVu  le  code  du  travail  et  notamment les articles  L.7231-1  \u00e0  L.7233-2,  R.7232-16  \u00e0 \nR.7232-22, D.7231-1 et D.7233-1 \u00e0 D.7233-5,\nLe pr\u00e9fet de la R\u00e9gion Provence-Alpes-C\u00f4te d'Azur  Pr\u00e9fet de la Zone de D\u00e9fense et \nde S\u00e9curit\u00e9 Sud,  Pr\u00e9fet des Bouches-du-Rh\u00f4ne,\nCONSTATE\nQu'une d\u00e9claration d'activit\u00e9s de Services \u00e0 la Personne a \u00e9t\u00e9 d\u00e9pos\u00e9e aupr\u00e8s de la  \nDirection D\u00e9partementale de l'Emploi, du Travail et des Solidarit\u00e9s des Bouches-du-\nRh\u00f4ne  le,  3  novembre  2025  par  FACHAUX  Manon en  qualit\u00e9  d'entrepreneur  \nindividuel, situ\u00e9 21 Boulevard Battala  - 13003 MARSEILLE et enregistr\u00e9 sous le N\u00b0  \nSAP992762872 pour les activit\u00e9s suivantes en mode prestataire :\n  \u2022   Entretien de la maison et travaux m\u00e9nagers \nToute  modification  concernant  les  activit\u00e9s  exerc\u00e9es  devra  faire  l'objet  d'une  \nd\u00e9claration modificative pr\u00e9alable.\nSous r\u00e9serve d'\u00eatre exerc\u00e9es \u00e0 titre exclusif au profit de particuliers, \u00e0 leur domicile  \n(ou sous r\u00e9serve d'une comptabilit\u00e9 s\u00e9par\u00e9e pour les personnes morales dispens\u00e9es  \nde cette condition), ces activit\u00e9s ouvrent droit au b\u00e9n\u00e9fice des dispositions des  \narticles L.7233-2 du code du travail et L.241-10 du code de la s\u00e9curit\u00e9 sociale dans les  \nconditions pr\u00e9vues par ces articles.\nLes effets de la d\u00e9claration courent \u00e0 compter du jour du d\u00e9p\u00f4t de la d\u00e9claration  \nsous r\u00e9serve des dispositions de  l'article R.7232-18 du code du travail.\nEn application  des articles L.7232-1 et R.7232-1 \u00e0 R.7232-15, les activit\u00e9s n\u00e9cessitant  \nun  agr\u00e9ment  (I  de  l'article  D.7231-1  du  code  du  travail)  n'ouvrent  droit  \u00e0  ces \ndispositions  que  si  la  structure  a  pr\u00e9alablement  obtenu  l'agr\u00e9ment  ou  le  \nDDETS 13 - 13-2025-11-07-00057 - R\u00e9c\u00e9piss\u00e9 de d\u00e9claration au titre des Services \u00e0 la Personne au b\u00e9n\u00e9fice de  Madame  FACHAUX\nManon en qualit\u00e9 d'entrepreneur individuel, situ\u00e9 21 Boulevard Battala  - 13003 MARSEILLE 8\nrenouvellement  de  cet  agr\u00e9ment  dans  le  ou  les  d\u00e9partements  d'exercice  de  ses \nactivit\u00e9s.\nDe m\u00eame, en application de l'article D.312-6-2 du code de l'action sociale et des  \nfamilles, les activit\u00e9s n\u00e9cessitant une autorisation n'ouvrent droit \u00e0 ces dispositions  \nque si l'organisme a pr\u00e9alablement obtenu l'autorisation ou le renouvellement de  \ncette autorisation.\nLe pr\u00e9sent r\u00e9c\u00e9piss\u00e9 n'est pas limit\u00e9 dans le temps.  La d\u00e9claration a une port\u00e9e  \nnationale.\nL'enregistrement de la d\u00e9claration peut \u00eatre retir\u00e9 dans les conditions fix\u00e9es aux  \narticles R.7232-20 \u00e0 R.7232-22 du code du travail.\nLe pr\u00e9sent r\u00e9c\u00e9piss\u00e9 sera publi\u00e9 au Recueil des Actes Administratifs de la Pr\u00e9fecture  \ndes Bouches-du-Rh\u00f4ne.\nFait \u00e0 Marseille, le 7 novembre 2025\n                                                                             Pour le Pr\u00e9fet et par d\u00e9l\u00e9gation,\nPar emp\u00eachement de la Directrice D\u00e9par-\ntementale de l'Emploi, du Travail et des \nSolidarit\u00e9s des Bouches-du-Rh\u00f4ne   \nLa Responsable du d\u00e9partement de \nl'Insertion Professionnel,\nSign\u00e9\nElodie CARITEY\n55 boulevard P\u00e9rier \u2013 13415 cedex 20 MARSEILLE Cedex 20 - T\u00e9l\u00e9phone : 04.91.57.96.00 \nMel : ddets-sap@bouches-du-rhone.gouv.fr\n2\nDDETS 13 - 13-2025-11-07-00057 - R\u00e9c\u00e9piss\u00e9 de d\u00e9claration au titre des Services \u00e0 la Personne au b\u00e9n\u00e9fice de  Madame  FACHAUX\nManon en qualit\u00e9 d'entrepreneur individuel, situ\u00e9 21 Boulevard Battala  - 13003 MARSEILLE 9\nDDETS 13\n13-2025-11-07-00056\nR\u00e9c\u00e9piss\u00e9 de d\u00e9claration au titre des Services \u00e0\nla Personne au b\u00e9n\u00e9fice de  Madame PEREZ\nSandra en qualit\u00e9 d'entrepreneur individuel,\nsitu\u00e9 130 Impasse Des Paturages - 13270\nFOS-SUR-MER\nDDETS 13 - 13-2025-11-07-00056 - R\u00e9c\u00e9piss\u00e9 de d\u00e9claration au titre des Services \u00e0 la Personne au b\u00e9n\u00e9fice de  Madame PEREZ Sandra\nen qualit\u00e9 d'entrepreneur individuel, situ\u00e9 130 Impasse Des Paturages - 13270 FOS-SUR-MER 10\nEnPREFETDES BOUCHES-DU-RHONELibert\u00e9Egalit\u00e9Fraternit\u00e9\n \nDirection D\u00e9partementale\nde l'Emploi, du Travail\n et des Solidarit\u00e9s\ndes Bouches du Rh\u00f4ne\nP\u00f4le \u00c9conomie Emploi Entreprises\nD\u00e9partement Insertion Professionnelle\n      R\u00e9c\u00e9piss\u00e9 de d\u00e9claration n\u00b0 \n                   d'un organisme de services \u00e0 la personne\n                      enregistr\u00e9 sous le N\u00b0 SAP941366304\nVu  le  code  du  travail  et  notamment les articles  L.7231-1  \u00e0  L.7233-2,  R.7232-16  \u00e0 \nR.7232-22, D.7231-1 et D.7233-1 \u00e0 D.7233-5,\nLe pr\u00e9fet de la R\u00e9gion Provence-Alpes-C\u00f4te d'Azur  Pr\u00e9fet de la Zone de D\u00e9fense et \nde S\u00e9curit\u00e9 Sud,  Pr\u00e9fet des Bouches-du-Rh\u00f4ne,\nCONSTATE\nQu'une d\u00e9claration d'activit\u00e9s de Services \u00e0 la Personne a \u00e9t\u00e9 d\u00e9pos\u00e9e aupr\u00e8s de la  \nDirection D\u00e9partementale de l'Emploi, du Travail et des Solidarit\u00e9s des Bouches-du-\nRh\u00f4ne le, 3 novembre  2025 par Madame  PEREZ Sandra  en qualit\u00e9 d'entrepreneur  \nindividuel, situ\u00e9 130 Impasse Des Paturages - 13270 FOS-SUR-MER et enregistr\u00e9 sous  \nle N\u00b0 SAP941366304 pour les activit\u00e9s suivantes en mode prestataire :\n  \u2022   Entretien de la maison et travaux m\u00e9nagers \n  \u2022   Pr\u00e9paration de repas \u00e0 domicile \n  \u2022   Assistance aux personnes ayant besoin d'une aide temporaire \u00e0 leur domicile \nToute  modification  concernant  les  activit\u00e9s  exerc\u00e9es  devra  faire  l'objet  d'une  \nd\u00e9claration modificative pr\u00e9alable.\nSous r\u00e9serve d'\u00eatre exerc\u00e9es \u00e0 titre exclusif au profit de particuliers, \u00e0 leur domicile  \n(ou sous r\u00e9serve d'une comptabilit\u00e9 s\u00e9par\u00e9e pour les personnes morales dispens\u00e9es  \nde cette condition), ces activit\u00e9s ouvrent droit au b\u00e9n\u00e9fice des dispositions des  \narticles L.7233-2 du code du travail et L.241-10 du code de la s\u00e9curit\u00e9 sociale dans les  \nconditions pr\u00e9vues par ces articles.\nLes effets de la d\u00e9claration courent \u00e0 compter du jour du d\u00e9p\u00f4t de la d\u00e9claration  \nsous r\u00e9serve des dispositions de  l'article R.7232-18 du code du travail.\nEn application  des articles L.7232-1 et R.7232-1 \u00e0 R.7232-15, les activit\u00e9s n\u00e9cessitant  \nun  agr\u00e9ment  (I  de  l'article  D.7231-1  du  code  du  travail)  n'ouvrent  droit  \u00e0  ces \nDDETS 13 - 13-2025-11-07-00056 - R\u00e9c\u00e9piss\u00e9 de d\u00e9claration au titre des Services \u00e0 la Personne au b\u00e9n\u00e9fice de  Madame PEREZ Sandra\nen qualit\u00e9 d'entrepreneur individuel, situ\u00e9 130 Impasse Des Paturages - 13270 FOS-SUR-MER 11\ndispositions  que  si  la  structure  a  pr\u00e9alablement  obtenu  l'agr\u00e9ment  ou  le  \nrenouvellement  de  cet  agr\u00e9ment  dans  le  ou  les  d\u00e9partements  d'exercice  de  ses \nactivit\u00e9s.\nDe m\u00eame, en application de l'article D.312-6-2 du code de l'action sociale et des  \nfamilles, les activit\u00e9s n\u00e9cessitant une autorisation n'ouvrent droit \u00e0 ces dispositions  \nque si l'organisme a pr\u00e9alablement obtenu l'autorisation ou le renouvellement de  \ncette autorisation.\nLe pr\u00e9sent r\u00e9c\u00e9piss\u00e9 n'est pas limit\u00e9 dans le temps.  La d\u00e9claration a une port\u00e9e  \nnationale.\nL'enregistrement de la d\u00e9claration peut \u00eatre retir\u00e9 dans les conditions fix\u00e9es aux  \narticles R.7232-20 \u00e0 R.7232-22 du code du travail.\nLe pr\u00e9sent r\u00e9c\u00e9piss\u00e9 sera publi\u00e9 au Recueil des Actes Administratifs de la Pr\u00e9fecture  \ndes Bouches-du-Rh\u00f4ne.\nFait \u00e0 Marseille, le 7 novembre 2025\n                                                                             Pour le Pr\u00e9fet et par d\u00e9l\u00e9gation,\nPar emp\u00eachement de la Directrice D\u00e9par-\ntementale de l'Emploi, du Travail et des \nSolidarit\u00e9s des Bouches-du-Rh\u00f4ne   \nLa Responsable du d\u00e9partement de \nl'Insertion Professionnel,\nSign\u00e9 \nElodie CARITEY\n55 boulevard P\u00e9rier \u2013 13415 cedex 20 MARSEILLE Cedex 20 - T\u00e9l\u00e9phone : 04.91.57.96.00 \nMel : ddets-sap@bouches-du-rhone.gouv.fr\n2\nDDETS 13 - 13-2025-11-07-00056 - R\u00e9c\u00e9piss\u00e9 de d\u00e9claration au titre des Services \u00e0 la Personne au b\u00e9n\u00e9fice de  Madame PEREZ Sandra\nen qualit\u00e9 d'entrepreneur individuel, situ\u00e9 130 Impasse Des Paturages - 13270 FOS-SUR-MER 12\nDDETS 13\n13-2025-11-07-00058\nR\u00e9c\u00e9piss\u00e9 de d\u00e9claration au titre des Services \u00e0\nla Personne au b\u00e9n\u00e9fice de  Madame VEYS\nLouise en qualit\u00e9 d'entrepreneur individuel, situ\u00e9\n32 Boulevard du Pac  - 13013 MARSEILLE \nDDETS 13 - 13-2025-11-07-00058 - R\u00e9c\u00e9piss\u00e9 de d\u00e9claration au titre des Services \u00e0 la Personne au b\u00e9n\u00e9fice de  Madame VEYS Louise en\nqualit\u00e9 d'entrepreneur individuel, situ\u00e9 32 Boulevard du Pac  - 13013 MARSEILLE 13\nEnPREFETDES BOUCHES-DU-RHONELibert\u00e9Egalit\u00e9Fraternit\u00e9\n \nDirection D\u00e9partementale\nde l'Emploi, du Travail\n et des Solidarit\u00e9s\ndes Bouches du Rh\u00f4ne\nP\u00f4le \u00c9conomie Emploi Entreprises\nD\u00e9partement Insertion Professionnelle\n      R\u00e9c\u00e9piss\u00e9 de d\u00e9claration n\u00b0\n                   d'un organisme de services \u00e0 la personne\n                      enregistr\u00e9 sous le N\u00b0 SAP992778746 \nVu  le  code  du  travail  et  notamment les articles  L.7231-1  \u00e0  L.7233-2,  R.7232-16  \u00e0 \nR.7232-22, D.7231-1 et D.7233-1 \u00e0 D.7233-5,\nLe pr\u00e9fet de la R\u00e9gion Provence-Alpes-C\u00f4te d'Azur  Pr\u00e9fet de la Zone de D\u00e9fense et \nde S\u00e9curit\u00e9 Sud,  Pr\u00e9fet des Bouches-du-Rh\u00f4ne,\nCONSTATE\nQu'une d\u00e9claration d'activit\u00e9s de Services \u00e0 la Personne a \u00e9t\u00e9 d\u00e9pos\u00e9e aupr\u00e8s de la  \nDirection D\u00e9partementale de l'Emploi, du Travail et des Solidarit\u00e9s des Bouches-du-\nRh\u00f4ne le, 4 novembre  2025 par Madame  VEYS Louise  en qualit\u00e9 d'entrepreneur  \nindividuel, situ\u00e9 32 Boulevard du Pac  - 13013 MARSEILLE et enregistr\u00e9 sous le N\u00b0  \nSAP992778746 pour les activit\u00e9s suivantes en mode prestataire :\n  \u2022   Entretien de la maison et travaux m\u00e9nagers \nToute  modification  concernant  les  activit\u00e9s  exerc\u00e9es  devra  faire  l'objet  d'une  \nd\u00e9claration modificative pr\u00e9alable.\nSous r\u00e9serve d'\u00eatre exerc\u00e9es \u00e0 titre exclusif au profit de particuliers, \u00e0 leur domicile  \n(ou sous r\u00e9serve d'une comptabilit\u00e9 s\u00e9par\u00e9e pour les personnes morales dispens\u00e9es  \nde cette condition), ces activit\u00e9s ouvrent droit au b\u00e9n\u00e9fice des dispositions des  \narticles L.7233-2 du code du travail et L.241-10 du code de la s\u00e9curit\u00e9 sociale dans les  \nconditions pr\u00e9vues par ces articles.\nLes effets de la d\u00e9claration courent \u00e0 compter du jour du d\u00e9p\u00f4t de la d\u00e9claration  \nsous r\u00e9serve des dispositions de  l'article R.7232-18 du code du travail.\nEn application  des articles L.7232-1 et R.7232-1 \u00e0 R.7232-15, les activit\u00e9s n\u00e9cessitant  \nun  agr\u00e9ment  (I  de  l'article  D.7231-1  du  code  du  travail)  n'ouvrent  droit  \u00e0  ces \ndispositions  que  si  la  structure  a  pr\u00e9alablement  obtenu  l'agr\u00e9ment  ou  le  \nDDETS 13 - 13-2025-11-07-00058 - R\u00e9c\u00e9piss\u00e9 de d\u00e9claration au titre des Services \u00e0 la Personne au b\u00e9n\u00e9fice de  Madame VEYS Louise en\nqualit\u00e9 d'entrepreneur individuel, situ\u00e9 32 Boulevard du Pac  - 13013 MARSEILLE 14\nrenouvellement  de  cet  agr\u00e9ment  dans  le  ou  les  d\u00e9partements  d'exercice  de  ses \nactivit\u00e9s.\nDe m\u00eame, en application de l'article D.312-6-2 du code de l'action sociale et des  \nfamilles, les activit\u00e9s n\u00e9cessitant une autorisation n'ouvrent droit \u00e0 ces dispositions  \nque si l'organisme a pr\u00e9alablement obtenu l'autorisation ou le renouvellement de  \ncette autorisation.\nLe pr\u00e9sent r\u00e9c\u00e9piss\u00e9 n'est pas limit\u00e9 dans le temps.  La d\u00e9claration a une port\u00e9e  \nnationale.\nL'enregistrement de la d\u00e9claration peut \u00eatre retir\u00e9 dans les conditions fix\u00e9es aux  \narticles R.7232-20 \u00e0 R.7232-22 du code du travail.\nLe pr\u00e9sent r\u00e9c\u00e9piss\u00e9 sera publi\u00e9 au Recueil des Actes Administratifs de la Pr\u00e9fecture  \ndes Bouches-du-Rh\u00f4ne.\nFait \u00e0 Marseille, le 7 novembre 2025\n                                                                             Pour le Pr\u00e9fet et par d\u00e9l\u00e9gation,\nPar emp\u00eachement de la Directrice D\u00e9par-\ntementale de l'Emploi, du Travail et des \nSolidarit\u00e9s des Bouches-du-Rh\u00f4ne   \nLa Responsable du d\u00e9partement de \nl'Insertion Professionnel,\nSign\u00e9\nElodie CARITEY\n55 boulevard P\u00e9rier \u2013 13415 cedex 20 MARSEILLE Cedex 20 - T\u00e9l\u00e9phone : 04.91.57.96.00 \nMel : ddets-sap@bouches-du-rhone.gouv.fr\n2\nDDETS 13 - 13-2025-11-07-00058 - R\u00e9c\u00e9piss\u00e9 de d\u00e9claration au titre des Services \u00e0 la Personne au b\u00e9n\u00e9fice de  Madame VEYS Louise en\nqualit\u00e9 d'entrepreneur individuel, situ\u00e9 32 Boulevard du Pac  - 13013 MARSEILLE 15\nDDETS 13\n13-2025-11-07-00052\nR\u00e9c\u00e9piss\u00e9 de d\u00e9claration au titre des Services \u00e0\nla Personne au b\u00e9n\u00e9fice de  Monsieur\nMAHADJOUB BOUKRISS Djamel en qualit\u00e9\nd'entrepreneur individuel, situ\u00e9 10 Square\nNational - 13003 MARSEILLE\nDDETS 13 - 13-2025-11-07-00052 - R\u00e9c\u00e9piss\u00e9 de d\u00e9claration au titre des Services \u00e0 la Personne au b\u00e9n\u00e9fice de  Monsieur MAHADJOUB\nBOUKRISS Djamel en qualit\u00e9 d'entrepreneur individuel, situ\u00e9 10 Square National - 13003 MARSEILLE 16\nEnPREFETDES BOUCHES-DU-RHONELibert\u00e9Egalit\u00e9Fraternit\u00e9\n \nDirection D\u00e9partementale\nde l'Emploi, du Travail\n et des Solidarit\u00e9s\ndes Bouches du Rh\u00f4ne\nP\u00f4le \u00c9conomie Emploi Entreprises\nD\u00e9partement Insertion Professionnelle\n      R\u00e9c\u00e9piss\u00e9 de d\u00e9claration n\u00b0 \n                   d'un organisme de services \u00e0 la personne\n                      enregistr\u00e9 sous le N\u00b0 SAP992023895\nVu  le  code  du  travail  et  notamment les articles  L.7231-1  \u00e0  L.7233-2,  R.7232-16  \u00e0 \nR.7232-22, D.7231-1 et D.7233-1 \u00e0 D.7233-5,\nLe pr\u00e9fet de la R\u00e9gion Provence-Alpes-C\u00f4te d'Azur  Pr\u00e9fet de la Zone de D\u00e9fense et \nde S\u00e9curit\u00e9 Sud,  Pr\u00e9fet des Bouches-du-Rh\u00f4ne,\nCONSTATE\nQu'une d\u00e9claration d'activit\u00e9s de Services \u00e0 la Personne a \u00e9t\u00e9 d\u00e9pos\u00e9e aupr\u00e8s de la  \nDirection D\u00e9partementale de l'Emploi, du Travail et des Solidarit\u00e9s des Bouches-du-\nRh\u00f4ne le, 3 novembre 2025 par Monsieur MAHADJOUB BOUKRISS Djamel en qualit\u00e9 \nd'entrepreneur individuel, situ\u00e9 10 Square National - 13003 MARSEILLE et enregistr\u00e9  \nsous le N\u00b0 SAP992023895 pour les activit\u00e9s suivantes en mode prestataire :\n  \u2022   Entretien de la maison et travaux m\u00e9nagers \nToute  modification  concernant  les  activit\u00e9s  exerc\u00e9es  devra  faire  l'objet  d'une  \nd\u00e9claration modificative pr\u00e9alable.\nSous r\u00e9serve d'\u00eatre exerc\u00e9es \u00e0 titre exclusif au profit de particuliers, \u00e0 leur domicile  \n(ou sous r\u00e9serve d'une comptabilit\u00e9 s\u00e9par\u00e9e pour les personnes morales dispens\u00e9es  \nde cette condition), ces activit\u00e9s ouvrent droit au b\u00e9n\u00e9fice des dispositions des  \narticles L.7233-2 du code du travail et L.241-10 du code de la s\u00e9curit\u00e9 sociale dans les  \nconditions pr\u00e9vues par ces articles.\nLes effets de la d\u00e9claration courent \u00e0 compter du jour du d\u00e9p\u00f4t de la d\u00e9claration  \nsous r\u00e9serve des dispositions de  l'article R.7232-18 du code du travail.\nEn application  des articles L.7232-1 et R.7232-1 \u00e0 R.7232-15, les activit\u00e9s n\u00e9cessitant  \nun  agr\u00e9ment  (I  de  l'article  D.7231-1  du  code  du  travail)  n'ouvrent  droit  \u00e0  ces \ndispositions  que  si  la  structure  a  pr\u00e9alablement  obtenu  l'agr\u00e9ment  ou  le  \nDDETS 13 - 13-2025-11-07-00052 - R\u00e9c\u00e9piss\u00e9 de d\u00e9claration au titre des Services \u00e0 la Personne au b\u00e9n\u00e9fice de  Monsieur MAHADJOUB\nBOUKRISS Djamel en qualit\u00e9 d'entrepreneur individuel, situ\u00e9 10 Square National - 13003 MARSEILLE 17\nrenouvellement  de  cet  agr\u00e9ment  dans  le  ou  les  d\u00e9partements  d'exercice  de  ses \nactivit\u00e9s.\nDe m\u00eame, en application de l'article D.312-6-2 du code de l'action sociale et des  \nfamilles, les activit\u00e9s n\u00e9cessitant une autorisation n'ouvrent droit \u00e0 ces dispositions  \nque si l'organisme a pr\u00e9alablement obtenu l'autorisation ou le renouvellement de  \ncette autorisation.\nLe pr\u00e9sent r\u00e9c\u00e9piss\u00e9 n'est pas limit\u00e9 dans le temps.  La d\u00e9claration a une port\u00e9e  \nnationale.\nL'enregistrement de la d\u00e9claration peut \u00eatre retir\u00e9 dans les conditions fix\u00e9es aux  \narticles R.7232-20 \u00e0 R.7232-22 du code du travail.\nLe pr\u00e9sent r\u00e9c\u00e9piss\u00e9 sera publi\u00e9 au Recueil des Actes Administratifs de la Pr\u00e9fecture  \ndes Bouches-du-Rh\u00f4ne.\nFait \u00e0 Marseille, le 7 novembre 2025\n                                                                             Pour le Pr\u00e9fet et par d\u00e9l\u00e9gation,\nPar emp\u00eachement de la Directrice D\u00e9par-\ntementale de l'Emploi, du Travail et des \nSolidarit\u00e9s des Bouches-du-Rh\u00f4ne   \nLa Responsable du d\u00e9partement de \nl'Insertion Professionnel,\nSign\u00e9\nElodie CARITEY\n55 boulevard P\u00e9rier \u2013 13415 cedex 20 MARSEILLE Cedex 20 - T\u00e9l\u00e9phone : 04.91.57.96.00 \nMel : ddets-sap@bouches-du-rhone.gouv.fr\n2\nDDETS 13 - 13-2025-11-07-00052 - R\u00e9c\u00e9piss\u00e9 de d\u00e9claration au titre des Services \u00e0 la Personne au b\u00e9n\u00e9fice de  Monsieur MAHADJOUB\nBOUKRISS Djamel en qualit\u00e9 d'entrepreneur individuel, situ\u00e9 10 Square National - 13003 MARSEILLE 18\nDDETS 13\n13-2025-11-10-00001\nR\u00e9c\u00e9piss\u00e9 de d\u00e9claration au titre des Services \u00e0\nla Personne au b\u00e9n\u00e9fice de  Monsieur MENDIL\nGhani en qualit\u00e9 d'entrepreneur individuel, situ\u00e9\n9 rue Colbert - 13001 MARSEILLE\nDDETS 13 - 13-2025-11-10-00001 - R\u00e9c\u00e9piss\u00e9 de d\u00e9claration au titre des Services \u00e0 la Personne au b\u00e9n\u00e9fice de  Monsieur MENDIL Ghani\nen qualit\u00e9 d'entrepreneur individuel, situ\u00e9 9 rue Colbert - 13001 MARSEILLE 19\nEnPREFETDES BOUCHES-DU-RHONELibert\u00e9Egalit\u00e9Fraternit\u00e9\n \nDirection D\u00e9partementale\nde l'Emploi, du Travail\n et des Solidarit\u00e9s\ndes Bouches du Rh\u00f4ne\nP\u00f4le \u00c9conomie Emploi Entreprises\nD\u00e9partement Insertion Professionnelle\n      R\u00e9c\u00e9piss\u00e9 de d\u00e9claration n\u00b0 \n                   d'un organisme de services \u00e0 la personne\n                      enregistr\u00e9 sous le N\u00b0 SAP900256769 \nVu  le  code  du  travail  et  notamment les articles  L.7231-1  \u00e0  L.7233-2,  R.7232-16  \u00e0 \nR.7232-22, D.7231-1 et D.7233-1 \u00e0 D.7233-5,\nLe pr\u00e9fet de la R\u00e9gion Provence-Alpes-C\u00f4te d'Azur  Pr\u00e9fet de la Zone de D\u00e9fense et \nde S\u00e9curit\u00e9 Sud,  Pr\u00e9fet des Bouches-du-Rh\u00f4ne,\nCONSTATE\nQu'une d\u00e9claration d'activit\u00e9s de Services \u00e0 la Personne a \u00e9t\u00e9 d\u00e9pos\u00e9e aupr\u00e8s de la  \nDirection D\u00e9partementale de l'Emploi, du Travail et des Solidarit\u00e9s des Bouches-du-\nRh\u00f4ne le, 5 novembre  2025 par Monsieur MENDIL Ghani en qualit\u00e9 d'entrepreneur  \nindividuel,  situ\u00e9  9  rue  Colbert  -  13001  MARSEILLE  et  enregistr\u00e9  sous  le  N\u00b0  \nSAP900256769 pour les activit\u00e9s suivantes en mode prestataire :\n  \u2022   Garde d'enfants de plus de 3 ans \u00e0 domicile \n  \u2022   Soutien scolaire ou cours \u00e0 domicile \n  \u2022   Accompagnement des enfants de plus de 3 ans dans leurs d\u00e9placements \n  \u2022   Entretien de la maison et travaux m\u00e9nagers\n  \u2022   Petits travaux de jardinage \n  \u2022   Maintenance, entretien et vigilance temporaires \u00e0 domicile \nToute  modification  concernant  les  activit\u00e9s  exerc\u00e9es  devra  faire  l'objet  d'une  \nd\u00e9claration modificative pr\u00e9alable.\nSous r\u00e9serve d'\u00eatre exerc\u00e9es \u00e0 titre exclusif au profit de particuliers, \u00e0 leur domicile  \n(ou sous r\u00e9serve d'une comptabilit\u00e9 s\u00e9par\u00e9e pour les personnes morales dispens\u00e9es  \nde cette condition), ces activit\u00e9s ouvrent droit au b\u00e9n\u00e9fice des dispositions des  \narticles L.7233-2 du code du travail et L.241-10 du code de la s\u00e9curit\u00e9 sociale dans les  \nconditions pr\u00e9vues par ces articles.\nLes effets de la d\u00e9claration courent \u00e0 compter du jour du d\u00e9p\u00f4t de la d\u00e9claration  \nsous r\u00e9serve des dispositions de  l'article R.7232-18 du code du travail.\nDDETS 13 - 13-2025-11-10-00001 - R\u00e9c\u00e9piss\u00e9 de d\u00e9claration au titre des Services \u00e0 la Personne au b\u00e9n\u00e9fice de  Monsieur MENDIL Ghani\nen qualit\u00e9 d'entrepreneur individuel, situ\u00e9 9 rue Colbert - 13001 MARSEILLE 20\nEn application  des articles L.7232-1 et R.7232-1 \u00e0 R.7232-15, les activit\u00e9s n\u00e9cessitant  \nun  agr\u00e9ment  (I  de  l'article  D.7231-1  du  code  du  travail)  n'ouvrent  droit  \u00e0  ces \ndispositions  que  si  la  structure  a  pr\u00e9alablement  obtenu  l'agr\u00e9ment  ou  le  \nrenouvellement  de  cet  agr\u00e9ment  dans  le  ou  les  d\u00e9partements  d'exercice  de  ses \nactivit\u00e9s.\nDe m\u00eame, en application de l'article D.312-6-2 du code de l'action sociale et des  \nfamilles, les activit\u00e9s n\u00e9cessitant une autorisation n'ouvrent droit \u00e0 ces dispositions  \nque si l'organisme a pr\u00e9alablement obtenu l'autorisation ou le renouvellement de  \ncette autorisation.\nLe pr\u00e9sent r\u00e9c\u00e9piss\u00e9 n'est pas limit\u00e9 dans le temps.  La d\u00e9claration a une port\u00e9e  \nnationale.\nL'enregistrement de la d\u00e9claration peut \u00eatre retir\u00e9 dans les conditions fix\u00e9es aux  \narticles R.7232-20 \u00e0 R.7232-22 du code du travail.\nLe pr\u00e9sent r\u00e9c\u00e9piss\u00e9 sera publi\u00e9 au Recueil des Actes Administratifs de la Pr\u00e9fecture  \ndes Bouches-du-Rh\u00f4ne.\nFait \u00e0 Marseille, le 10 novembre 2025\n                                                                             Pour le Pr\u00e9fet et par d\u00e9l\u00e9gation,\nPar emp\u00eachement de la Directrice D\u00e9par-\ntementale de l'Emploi, du Travail et des \nSolidarit\u00e9s des Bouches-du-Rh\u00f4ne   \nLa Responsable du d\u00e9partement de \nl'Insertion Professionnel,\nSign\u00e9 \nElodie CARITEY\n55 boulevard P\u00e9rier \u2013 13415 cedex 20 MARSEILLE Cedex 20 - T\u00e9l\u00e9phone : 04.91.57.96.00 \nMel : ddets-sap@bouches-du-rhone.gouv.fr\n2\nDDETS 13 - 13-2025-11-10-00001 - R\u00e9c\u00e9piss\u00e9 de d\u00e9claration au titre des Services \u00e0 la Personne au b\u00e9n\u00e9fice de  Monsieur MENDIL Ghani\nen qualit\u00e9 d'entrepreneur individuel, situ\u00e9 9 rue Colbert - 13001 MARSEILLE 21\nDDETS 13\n13-2025-11-07-00055\nR\u00e9c\u00e9piss\u00e9 de d\u00e9claration au titre des Services \u00e0\nla Personne au b\u00e9n\u00e9fice de Monsieur FLORENT\nGabriel en qualit\u00e9 d'entrepreneur individuel,\nsitu\u00e9 7 avenue de la Croix Rouge - 13013\nMARSEILLE \nDDETS 13 - 13-2025-11-07-00055 - R\u00e9c\u00e9piss\u00e9 de d\u00e9claration au titre des Services \u00e0 la Personne au b\u00e9n\u00e9fice de Monsieur FLORENT\nGabriel en qualit\u00e9 d'entrepreneur individuel, situ\u00e9 7 avenue de la Croix Rouge - 13013 MARSEILLE 22\nEnPREFETDES BOUCHES-DU-RHONELibert\u00e9Egalit\u00e9Fraternit\u00e9\n \nDirection D\u00e9partementale\nde l'Emploi, du Travail\n et des Solidarit\u00e9s\ndes Bouches du Rh\u00f4ne\nP\u00f4le \u00c9conomie Emploi Entreprises\nD\u00e9partement Insertion Professionnelle\n      R\u00e9c\u00e9piss\u00e9 de d\u00e9claration n\u00b0 \n                   d'un organisme de services \u00e0 la personne\n                      enregistr\u00e9 sous le N\u00b0 SAP993412576\nVu  le  code  du  travail  et  notamment les articles  L.7231-1  \u00e0  L.7233-2,  R.7232-16  \u00e0 \nR.7232-22, D.7231-1 et D.7233-1 \u00e0 D.7233-5,\nLe pr\u00e9fet de la R\u00e9gion Provence-Alpes-C\u00f4te d'Azur  Pr\u00e9fet de la Zone de D\u00e9fense et \nde S\u00e9curit\u00e9 Sud,  Pr\u00e9fet des Bouches-du-Rh\u00f4ne,\nCONSTATE\nQu'une d\u00e9claration d'activit\u00e9s de Services \u00e0 la Personne a \u00e9t\u00e9 d\u00e9pos\u00e9e aupr\u00e8s de la  \nDirection D\u00e9partementale de l'Emploi, du Travail et des Solidarit\u00e9s des Bouches-du-\nRh\u00f4ne  le,  3  novembre  2025  par  Monsieur  FLORENT  Gabriel  en  qualit\u00e9  \nd'entrepreneur individuel, situ\u00e9 7 avenue de la Croix Rouge - 13013 MARSEILLE et  \nenregistr\u00e9 sous le N\u00b0 SAP993412576 pour les activit\u00e9s suivantes en mode prestataire :\n  \u2022   Entretien de la maison et travaux m\u00e9nagers \nToute  modification  concernant  les  activit\u00e9s  exerc\u00e9es  devra  faire  l'objet  d'une  \nd\u00e9claration modificative pr\u00e9alable.\nSous r\u00e9serve d'\u00eatre exerc\u00e9es \u00e0 titre exclusif au profit de particuliers, \u00e0 leur domicile  \n(ou sous r\u00e9serve d'une comptabilit\u00e9 s\u00e9par\u00e9e pour les personnes morales dispens\u00e9es  \nde cette condition), ces activit\u00e9s ouvrent droit au b\u00e9n\u00e9fice des dispositions des  \narticles L.7233-2 du code du travail et L.241-10 du code de la s\u00e9curit\u00e9 sociale dans les  \nconditions pr\u00e9vues par ces articles.\nLes effets de la d\u00e9claration courent \u00e0 compter du jour du d\u00e9p\u00f4t de la d\u00e9claration  \nsous r\u00e9serve des dispositions de  l'article R.7232-18 du code du travail.\nEn application  des articles L.7232-1 et R.7232-1 \u00e0 R.7232-15, les activit\u00e9s n\u00e9cessitant  \nun  agr\u00e9ment  (I  de  l'article  D.7231-1  du  code  du  travail)  n'ouvrent  droit  \u00e0  ces \ndispositions  que  si  la  structure  a  pr\u00e9alablement  obtenu  l'agr\u00e9ment  ou  le  \nDDETS 13 - 13-2025-11-07-00055 - R\u00e9c\u00e9piss\u00e9 de d\u00e9claration au titre des Services \u00e0 la Personne au b\u00e9n\u00e9fice de Monsieur FLORENT\nGabriel en qualit\u00e9 d'entrepreneur individuel, situ\u00e9 7 avenue de la Croix Rouge - 13013 MARSEILLE 23\nrenouvellement  de  cet  agr\u00e9ment  dans  le  ou  les  d\u00e9partements  d'exercice  de  ses \nactivit\u00e9s.\nDe m\u00eame, en application de l'article D.312-6-2 du code de l'action sociale et des  \nfamilles, les activit\u00e9s n\u00e9cessitant une autorisation n'ouvrent droit \u00e0 ces dispositions  \nque si l'organisme a pr\u00e9alablement obtenu l'autorisation ou le renouvellement de  \ncette autorisation.\nLe pr\u00e9sent r\u00e9c\u00e9piss\u00e9 n'est pas limit\u00e9 dans le temps.  La d\u00e9claration a une port\u00e9e  \nnationale.\nL'enregistrement de la d\u00e9claration peut \u00eatre retir\u00e9 dans les conditions fix\u00e9es aux  \narticles R.7232-20 \u00e0 R.7232-22 du code du travail.\nLe pr\u00e9sent r\u00e9c\u00e9piss\u00e9 sera publi\u00e9 au Recueil des Actes Administratifs de la Pr\u00e9fecture  \ndes Bouches-du-Rh\u00f4ne.\nFait \u00e0 Marseille, le 7 novembre 2025\n                                                                             Pour le Pr\u00e9fet et par d\u00e9l\u00e9gation,\nPar emp\u00eachement de la Directrice D\u00e9par-\ntementale de l'Emploi, du Travail et des \nSolidarit\u00e9s des Bouches-du-Rh\u00f4ne   \nLa Responsable du d\u00e9partement de \nl'Insertion Professionnel,\nSign\u00e9 \nElodie CARITEY\n55 boulevard P\u00e9rier \u2013 13415 cedex 20 MARSEILLE Cedex 20 - T\u00e9l\u00e9phone : 04.91.57.96.00 \nMel : ddets-sap@bouches-du-rhone.gouv.fr\n2\nDDETS 13 - 13-2025-11-07-00055 - R\u00e9c\u00e9piss\u00e9 de d\u00e9claration au titre des Services \u00e0 la Personne au b\u00e9n\u00e9fice de Monsieur FLORENT\nGabriel en qualit\u00e9 d'entrepreneur individuel, situ\u00e9 7 avenue de la Croix Rouge - 13013 MARSEILLE 24\nPr\u00e9fecture de police des Bouches-du-Rh\u00f4ne\n13-2025-11-07-00059\nArr\u00eat\u00e9 autorisant la captation et la transmission\nd'images au moyen de cam\u00e9ras install\u00e9es sur des\na\u00e9ronefs le 13 novembre 2025\nPr\u00e9fecture de police des Bouches-du-Rh\u00f4ne - 13-2025-11-07-00059 - Arr\u00eat\u00e9 autorisant la captation et la transmission\nd'images au moyen de cam\u00e9ras install\u00e9es sur des a\u00e9ronefs le 13 novembre 2025 25\nPREFETDES BOUCHES-DU-RHONELibert\u00e9Egalit\u00e9Fraternit\u00e9\nPr\u00e9f\u00e8te de police d\u00e9l\u00e9gu\u00e9e\nArr\u00eat\u00e9 autorisant la captation et la transmission\nd'images au moyen de cam\u00e9ras install\u00e9es sur des a\u00e9ronefs le 13 novembre 2025\nLa pr\u00e9f\u00e8te de police d\u00e9l\u00e9gu\u00e9e,\nVu le Code de la s\u00e9curit\u00e9 int\u00e9rieure et notamment ses articles L. 242-1 \u00e0 L. 242-8 et R. 242-\n8 \u00e0 R. 242-14 ;\nVu l'article L. 122-1 du Code de la s\u00e9curit\u00e9 int\u00e9rieure ;\nVu le d\u00e9cret n\u00b0 2004-374 du 29 avril 2004 relatif aux pouvoirs des pr\u00e9fets, \u00e0 l'organisation\net \u00e0 l'action des services de l'\u00c9tat dans les r\u00e9gions et d\u00e9partements ;\nVu le d\u00e9cret du 3 janvier 2025 portant nomination du pr\u00e9fet de la r\u00e9gion Provence-Alpes-\nC\u00f4te d'Azur, pr\u00e9fet de la zone de d\u00e9fense et de s\u00e9curit\u00e9 Sud, pr\u00e9fet des Bouches-du-Rh\u00f4ne\nM. Georges-Fran\u00e7ois LECLERC ;\nVu le  d\u00e9cret  en  date  du  17  juillet  2025  portant  nomination  de  la  pr\u00e9f\u00e8te  de  police\nd\u00e9l\u00e9gu\u00e9e aupr\u00e8s du pr\u00e9fet des Bouches-du-Rh\u00f4ne ;\nVu le d\u00e9cret du 31 juillet 2025 portant nomination de Mme Lola MENAHEM, sous-pr\u00e9f\u00e8te,\nen qualit\u00e9 de directrice de cabinet de la pr\u00e9f\u00e8te de police d\u00e9l\u00e9gu\u00e9e aupr\u00e8s du pr\u00e9fet des\nBouches-du-Rh\u00f4ne ;\nVu l'arr\u00eat\u00e9 du 3 septembre 2025 donnant d\u00e9l\u00e9gation de signature \u00e0 Mme Corinne SIMON, \npr\u00e9f\u00e8te de police d\u00e9l\u00e9gu\u00e9e aupr\u00e8s du pr\u00e9fet des Bouches-du-Rh\u00f4ne et de Mme Lola \nMENAHEM, sous-pr\u00e9f\u00e8te, directrice de cabinet ;\nVu l'arr\u00eat\u00e9 du ministre de l'Int\u00e9rieur et des outre-mer, en date du 19 avril 2023 relatif au\nnombre maximal de cam\u00e9ras install\u00e9es sur des a\u00e9ronefs pouvant \u00eatre simultan\u00e9ment\nutilis\u00e9es dans chaque d\u00e9partement et collectivit\u00e9 d'outre-mer ;\nVu la  demande  en  date  du  7  novembre  2025,  form\u00e9e  par  la  Direction\nInterd\u00e9partementale  de  la  Police  Nationale  des  Bouches-du-Rh\u00f4ne,  visant  \u00e0  obtenir\nl'autorisation de capter et de transmettre des images au moyen d'une cam\u00e9ra install\u00e9e\nsur un a\u00e9ronef sans \u00e9quipage \u00e0 bord aux fins d'assurer la pr\u00e9vention des atteintes \u00e0 la\ns\u00e9curit\u00e9 des personnes et des biens dans le secteur de Jas de Bouffan \u00e0 Aix-en-Provence ;\nConsid\u00e9rant que les dispositions susvis\u00e9es permettent aux forces de s\u00e9curit\u00e9 int\u00e9rieure,\ndans  l'exercice  de  leurs  missions  de  pr\u00e9vention  des  atteintes  \u00e0  l'ordre  public  et  de\nprotection de la s\u00e9curit\u00e9 des personnes et des biens, de proc\u00e9der \u00e0 la captation et \u00e0 la\ntransmission d'images au moyen de cam\u00e9ras install\u00e9es sur des a\u00e9ronefs aux fins d'assurer\nla s\u00e9curit\u00e9 des personnes et des biens  ; que notamment, le 1\u00b0 de l'article L.  242-5 susvis\u00e9\npr\u00e9voit que ces dispositifs peuvent \u00eatre mis en \u0153uvre aux fins de pr\u00e9venir les atteintes \u00e0\nla s\u00e9curit\u00e9 des personnes et des biens dans des lieux particuli\u00e8rement expos\u00e9s, en raison\nde leurs caract\u00e9ristiques ou des faits qui s'y sont d\u00e9j\u00e0 d\u00e9roul\u00e9s, \u00e0 des risques d'agression,\nde vols ou de trafics d'armes, d'\u00eatres humains ou de stup\u00e9fiants ainsi que la protection\nPr\u00e9fecture de police des Bouches-du-Rh\u00f4ne - 13-2025-11-07-00059 - Arr\u00eat\u00e9 autorisant la captation et la transmission\nd'images au moyen de cam\u00e9ras install\u00e9es sur des a\u00e9ronefs le 13 novembre 2025 26\ndes b\u00e2timents et installations publiques et priv\u00e9s et de leurs abords imm\u00e9diats, lorsqu'ils\nsont particuli\u00e8rement expos\u00e9s \u00e0 des risques d'intrusion ou de d\u00e9gradation ;\nConsid\u00e9rant que, dans le cadre d'une op\u00e9ration de restauration du cadre de vie, les\nforces  de  l'ordre  vont  conduire  une  op\u00e9ration  visant  \u00e0  s\u00e9curiser  l'ensemble  du  site,\nv\u00e9rifier si des objets vol\u00e9s et abandonn\u00e9s seraient sur place, et en affirmant une pr\u00e9sence\npolici\u00e8re renforc\u00e9e pour lutter contre le sentiment d'ins\u00e9curit\u00e9 des habitants, au vu de\nl'importance notamment du trafic de stup\u00e9fiant sur ces zones  ; que l'intervention des\nfonctionnaires de police est tr\u00e8s souvent rendue difficile du fait de l'hostilit\u00e9 des jeunes \u00e0\nla pr\u00e9sence des forces de l'ordre au sein du quartier  ; que l'emploi d'un drone permettra\nde r\u00e9aliser une inspection des points hauts d'o\u00f9 proviennent r\u00e9guli\u00e8rement des jets de\nprojectiles sur les forces de l'ordre ;\nConsid\u00e9rant que l'a\u00e9ronef n'effectue aucune mission en dessous de 60 m\u00e8tres de hauteur\npour des raisons d'efficacit\u00e9, de discr\u00e9tion, de s\u00e9curit\u00e9 et de non perturbation du signal\nradio ; que par cons\u00e9quent le survol s'effectue syst\u00e9matiquement largement au-dessus\ndes toits des immeubles se situant aux abords, ne permettant pas ainsi une captation\nd'images \u00e0 l'int\u00e9rieur des habitations ;\nConsid\u00e9rant l'int\u00e9r\u00eat pour les forces de l'ordre de disposer d'une vision en grand angle au\nregard de la configuration des lieux et notamment des points hauts d'o\u00f9 peuvent \u00eatre\nenvoy\u00e9s des projectiles, le recours aux dispositifs de captation install\u00e9s sur des a\u00e9ronefs\nest n\u00e9cessaire et adapt\u00e9  ; qu'il n'existe pas de dispositif moins intrusif permettant de\nparvenir aux m\u00eame fins ;\nConsid\u00e9rant que la demande porte sur l'engagement de deux cam\u00e9ras a\u00e9roport\u00e9es sur\nune p\u00e9riode de un jour et sur une amplitude horaire comprise entre 15h00 et 19h00; que\nles  lieux  surveill\u00e9s  sont  strictement  limit\u00e9s  au  p\u00e9rim\u00e8tre  concern\u00e9  par  l'op\u00e9ration  de\nl'op\u00e9ration de r\u00e9tablissement du cadre de vie  ; \u00e0 savoir le secteur compris entre l'avenue\nMarcel PAGNOL, le boulevard du Coq, le boulevard d'Argent, le boulevard des Vignes, le\nboulevard de la Grande Thumine, l'avenue du Four d'Eyglun, l'avenue des Jardins d'Estelle,\nla route de Galice, le boulevard des 2 Ormes, la route de Berre, l'avenue Jean Monnet, le\nboulevard du Ch\u00e2teau Double, \u00e0 Aix-en-Provence ;\nConsid\u00e9rant qu'il peut \u00eatre d\u00e9rog\u00e9 \u00e0 l'obligation d'information du public concernant\nl'emploi des cam\u00e9ras install\u00e9es sur des a\u00e9ronefs dans les cas o\u00f9 cette information entre\nen contradiction avec les objectifs poursuivis parmi la finalit\u00e9 relative \u00e0 la pr\u00e9vention des\natteintes \u00e0 la s\u00e9curit\u00e9 des personnes et des biens, mentionn\u00e9e au 1\u00b0 de l'article R. 242-8  ;\nqu'en l'esp\u00e8ce, une information du public pourrait mettre en danger les fonctionnaires de\npolice patrouillant ou intervenant \u00e0 proximit\u00e9 et rendrait inefficace l'emploi du moyen\nenvisag\u00e9  de  captation  d'images ;  que  dans  ces  conditions,  seule  une  publication  du\npr\u00e9sent arr\u00eat\u00e9 au recueil des actes administratifs sera effectu\u00e9e ;\nConsid\u00e9rant  que la persistance de la menace terroriste a un niveau \u00e9lev\u00e9 sollicite tr\u00e8s\nfortement  les  forces  de  s\u00e9curit\u00e9  int\u00e9rieure  dans  le  cadre  de  la  posture  \u00ab Urgence\nAttentat \u00bb du plan VIGIPIRATE, en vigueur sur l'ensemble du territoire national depuis le\n24 mars 2024 ;\nPr\u00e9fecture de police des Bouches-du-Rh\u00f4ne - 13-2025-11-07-00059 - Arr\u00eat\u00e9 autorisant la captation et la transmission\nd'images au moyen de cam\u00e9ras install\u00e9es sur des a\u00e9ronefs le 13 novembre 2025 27\nARR\u00caTE\nArticle 1  \u2013 La captation et la transmission d'images, par la Direction Interd\u00e9partementale\nde la Police Nationale des Bouches-du-Rh\u00f4ne, est autoris\u00e9e le jeudi 13 novembre 2025 de\n15h00 \u00e0 19h00.\nArticle  2 \u2013  Le  nombre  maximal  de  cam\u00e9ras  pouvant  proc\u00e9der  simultan\u00e9ment  aux\ntraitements  mentionn\u00e9s  \u00e0  l'article  1er est  fix\u00e9  \u00e0  deux,  install\u00e9es  sur  deux  drones  \u00ab DJI\nmod\u00e8le MAVIC 3 \u00bb.\nArticle         3   \u2013 La pr\u00e9sente autorisation est limit\u00e9e au p\u00e9rim\u00e8tre du secteur de la cit\u00e9 Jas de\nBouffan  \u00e0  Aix-en-Provence  et  plus  particuli\u00e8rement  au  sein  d'un  p\u00e9rim\u00e8tre  compris\nentre :\n1. l'avenue Marcel PAGNOL,\n2. le boulevard du Coq,\n3. le boulevard d'Argent,\n4. le boulevard des Vignes,\n5. le boulevard de la Grande Thumine,\n6. l'avenue du Four d'Eyglun, \n7. l'avenue des Jardins d'Estelle,\n8. la route de Galice, \n9. le boulevard des 2 Ormes, \n10. la route de Berre, \n11. l'avenue Jean Monnet, \n12. le boulevard du Ch\u00e2teau Double.\nVoir \u00e9galement le p\u00e9rim\u00e8tre indiqu\u00e9 en annexe.\nArticle 4 \u2013 La mission se fera \u00e0 partir d'une altitude sup\u00e9rieure \u00e0 60 m\u00e8tres afin d'assurer le\ndroit au respect de la vie priv\u00e9e des habitations se trouvant dans le p\u00e9rim\u00e8tre de survol\npr\u00e9vu par le pr\u00e9sent arr\u00eat\u00e9.\nArticle 5 \u2013 Le registre mentionn\u00e9 \u00e0 l'article L 242-4 du Code de la s\u00e9curit\u00e9 int\u00e9rieure sera\ntransmis au pr\u00e9fet de police, \u00e0 l'issue de la p\u00e9riode d'autorisation.\nArticle   6       \u2013  Le  pr\u00e9sent  arr\u00eat\u00e9  peut  faire  l'objet  d'un  recours  contentieux  aupr\u00e8s  du\ntribunal administratif de Marseille, sis 31 Rue Jean Fran\u00e7ois Leca, 13002 MARSEILLE, dans\nun  d\u00e9lai  de  deux  mois  \u00e0  compter  de  sa  publication  ou  au  moyen  de  l'application\n\u00ab T\u00e9l\u00e9recours citoyen  \u00bb (https://www.telerecours.fr).\nArticle 7  \u2013 Le directeur interd\u00e9partemental de la police nationale des Bouches-du-Rh\u00f4ne,\nest  charg\u00e9  de  l'ex\u00e9cution  du  pr\u00e9sent  arr\u00eat\u00e9  qui  sera  publi\u00e9  au  recueil  des  actes\nadministratifs des services de l'\u00c9tat dans les Bouches-du-Rh\u00f4ne.\n    Marseille, le 07 novembre 2025\nLa pr\u00e9f\u00e8te de police d\u00e9l\u00e9gu\u00e9e,\nSign\u00e9\nCorinne SIMON\nPr\u00e9fecture de police des Bouches-du-Rh\u00f4ne - 13-2025-11-07-00059 - Arr\u00eat\u00e9 autorisant la captation et la transmission\nd'images au moyen de cam\u00e9ras install\u00e9es sur des a\u00e9ronefs le 13 novembre 2025 28\n\u00a9IGN2023-wwwgeoporisilgouv.fr/mentions-tegaiesLongitude:5\u00b02503\"ELatitude:43\u00b03137N\nAnnexe\nPr\u00e9fecture de police des Bouches-du-Rh\u00f4ne - 13-2025-11-07-00059 - Arr\u00eat\u00e9 autorisant la captation et la transmission\nd'images au moyen de cam\u00e9ras install\u00e9es sur des a\u00e9ronefs le 13 novembre 2025 29\nPr\u00e9fecture des Bouches-du-Rhone\n13-2025-11-10-00004\nDS int\u00e9rim DIR CAB 101125\nPr\u00e9fecture des Bouches-du-Rhone - 13-2025-11-10-00004 - DS int\u00e9rim DIR CAB 101125 30\n| af , Secr\u00e9tariat g\u00e9n\u00e9ral communPREFETDES BOUCHES-DU-RHONELibert\u00e9Egalit\u00e9Fraternit\u00e9\nArr\u00e9t\u00e9 portant d\u00e9l\u00e9gation de signaturea monsieur Nicolas HAUPTMANN,sous-pr\u00e9fet,directeur de cabinet du pr\u00e9fet de la r\u00e9gion Provence-Alpes-C\u00f4te d'Azurpr\u00e9fet de la zone de d\u00e9fense et de s\u00e9curit\u00e9 sud,pr\u00e9fet des Bouches-du-Rh\u00f4ne\nLa pr\u00e9f\u00e8te d\u00e9l\u00e9gu\u00e9e pour l'\u00e9galit\u00e9 des chances,pr\u00e9f\u00e8te des Bouches-du-Rh\u00f4ne par int\u00e9rim\nVu le code de la sant\u00e9 publique, et notamment son article L3131-12 ;Vu la loi n\u00b0 82-213 du 2 mars 1982 modifi\u00e9e relative aux droits et libert\u00e9s des communes, desd\u00e9partements et des r\u00e9gions ;Vu le d\u00e9cret n\u00b0 95-260 du 8 mars 1995 modifi\u00e9, relatif \u00e0 la commission consultatived\u00e9partementale de s\u00e9curit\u00e9 et d'accessibilit\u00e9 ;Vu le d\u00e9cret n\u00b0 2004-374 du 29 avril 2004 modifi\u00e9, relatif aux pouvoirs des pr\u00e9fets, \u00e0l'organisation et \u00e0 l'action des services de l'\u00c9tat dans les r\u00e9gions et les d\u00e9partements;Vu le d\u00e9cret du 21 juin 2023 portant nomination de monsieur Nicolas HAUPTMANN, sous-pr\u00e9fet, en qualit\u00e9 de directeur de cabinet du pr\u00e9fet de la r\u00e9gion Provence-Alpes-C\u00f4te d'Azur,pr\u00e9fet de la zone de d\u00e9fense et de s\u00e9curit\u00e9 sud, pr\u00e9fet des Bouches-du-Rh\u00f4ne ;Vu le d\u00e9cret du 13 septembre 2023 portant nomination de madame Marie-Pervenche PLAZA,sous-pr\u00e9f\u00e8te, charg\u00e9e de mission aupr\u00e8s du pr\u00e9fet de la r\u00e9gion Provence-Alpes-C\u00f4te d'Azur,pr\u00e9fet de la zone de d\u00e9fense et de s\u00e9curit\u00e9 sud, pr\u00e9fet des Bouches-du-Rh\u00f4ne ;Vu le d\u00e9cret du 31 janvier 2025 portant nomination de Monsieur Fr\u00e9d\u00e9ric POISOT en qualit\u00e9de secr\u00e9taire g\u00e9n\u00e9ral de la pr\u00e9fecture des Bouches-du-Rh\u00f4ne, sous-pr\u00e9fet de Marseille,Vu le d\u00e9cret du 23 octobre 2024 portant nomination de Madame Isabelle EPAILLARD enqualit\u00e9 de pr\u00e9f\u00e8te d\u00e9l\u00e9gu\u00e9e pour l'\u00e9galit\u00e9 des chances aupr\u00e8s du pr\u00e9fet de la r\u00e9gionProvence-Alpes-C\u00f4te d'Azur, Pr\u00e9fet de la zone de d\u00e9fense et de s\u00e9curit\u00e9 Sud, pr\u00e9fet desBouches-du-Rh\u00f4ne, en outre pr\u00e9fet de police des Bouches-du-Rh\u00f4ne;Vu le d\u00e9cret du 29 octobre 2025 portant cessation de fonctions de Monsieur Georges-Fran\u00e7ois LECLERC en qualit\u00e9 de pr\u00e9fet de la r\u00e9gion Provence-Alpes-C\u00f4te d'Azur, Pr\u00e9fet de lazone de d\u00e9fense et de s\u00e9curit\u00e9 Sud, pr\u00e9fet des Bouches-du-Rh\u00f4ne, en outre pr\u00e9fet de policedes Bouches-du-Rh\u00f4ne ;Vu l'arr\u00eat\u00e9 pr\u00e9fectoral du 20 d\u00e9cembre 2024 portant organisation des directions, services etbureaux de la pr\u00e9fecture des Bouches-du-Rh\u00f4ne ;\nPlace F\u00e9lix Baret - CS 80001  \u2013 13282 Marseille Cedex 06 -\nT\u00e9l\u00e9phone : 04.84.35.40.00 \nwww.bouches-du-rhone.gouv.fr\nPr\u00e9fecture des Bouches-du-Rhone - 13-2025-11-10-00004 - DS int\u00e9rim DIR CAB 101125 31\nSur proposition du secr\u00e9taire g\u00e9n\u00e9ral de la pr\u00e9fecture des Bouches-du-Rh\u00f4ne,\nARRETE\nArticle 1D\u00e9l\u00e9gation de signature est conf\u00e9r\u00e9e \u00e0 monsieur Nicolas HAUPTMANN, sous-pr\u00e9fet,directeur de cabinet du pr\u00e9fet de la r\u00e9gion Provence-Alpes-C\u00f4te d'Azur, pr\u00e9fet de la zonede d\u00e9fense et de s\u00e9curit\u00e9 sud, pr\u00e9fet des Bouches-du-Rh\u00f4ne, \u00e0 l'effet de signer dans lecadre des attributions relevant des services du cabinet et du service d\u00e9partementald'incendie et de secours des Bouches-du-Rh\u00f4ne (Etat), tous documents \u00e0 l'exclusion desinstructions g\u00e9n\u00e9rales.En cas de d\u00e9clenchement du centre op\u00e9rationnel de d\u00e9fense (COD) ou d'un plan desecours, monsieur Nicolas HAUPTMANN est habilit\u00e9 \u00e0 signer, en cas d'absence oud'emp\u00eachement du pr\u00e9fet, toutes d\u00e9cisions administratives et tous documentsindispensables \u00e0 la gestion de crise et notamment les r\u00e9quisitions et arr\u00eat\u00e9s portant miseen quarantaine qui seraient n\u00e9cessaires.D\u00e9l\u00e9gation de signature est \u00e9galement accord\u00e9e \u00e0 monsieur Nicolas HAUPTMANN pource qui concerne :- les pi\u00e8ces comptables se rapportant aux services du cabinet (notamment les expressionsde besoin et les contrats) ;- l'octroi des cong\u00e9s annuels et RTT du personnel du cabinet.\nArticle 2D\u00e9l\u00e9gation de signature est conf\u00e9r\u00e9e \u00e0 monsieur Nicolas HAUPTMANN, sous-pr\u00e9fet,directeur de cabinet du pr\u00e9fet de la r\u00e9gion Provence-Alpes-C\u00f4te d'Azur, pr\u00e9fet de la zonede d\u00e9fense et de s\u00e9curit\u00e9 sud, pr\u00e9fet des Bouches-du-Rh\u00f4ne, afin de signer les \u00e9tats defrais des membres du corps pr\u00e9fectoral.\nArticle 3D\u00e9l\u00e9gation de signature est conf\u00e9r\u00e9e \u00e0 monsieur Nicolas HAUPTMANN, sous-pr\u00e9fet,directeur de cabinet du pr\u00e9fet de la r\u00e9gion Provence-Alpes-C\u00f4te d'Azur, pr\u00e9fet de la Zonede D\u00e9fense et de S\u00e9curit\u00e9 Sud, pr\u00e9fet des Bouches-du-Rh\u00f4ne, \u00e0 l'effet de signer, pour lesquatre arrondissements des Bouches-du-Rh\u00f4ne, les arr\u00eat\u00e9s d'hospitalisation sansconsentement, de sortie d'essai et de lev\u00e9e de mesure, ainsi que tous les actes, d\u00e9cisionset transmissions en mati\u00e8re de soins consentement, notamment la saisine du juge dutribunal judiciaire aux fins de contr\u00f4les des mesures de soins sans consentement et lasignature des m\u00e9moires produits dans le cadre des audiences du juge judiciaire en mati\u00e8rede soins sans consentement.\nArticle 4D\u00e9l\u00e9gation de signature est conf\u00e9r\u00e9e \u00e0 monsieur Nicolas HAUPTMANN, sous-pr\u00e9fet,directeur de cabinet du pr\u00e9fet de la r\u00e9gion Provence-Alpes-C\u00f4te d'Azur, pr\u00e9fet de la Zonede D\u00e9fense et de S\u00e9curit\u00e9 Sud, pr\u00e9fet des Bouches-du-Rh\u00f4ne, en qualit\u00e9 de responsabled'unit\u00e9 op\u00e9rationnelle pour proc\u00e9der \u00e0 l'ordonnancement secondaire des recettes et\n2 / 7\nPr\u00e9fecture des Bouches-du-Rhone - 13-2025-11-10-00004 - DS int\u00e9rim DIR CAB 101125 32\nd\u00e9penses de l'\u00c9tat concernant le programme 207 - s\u00e9curit\u00e9 et \u00e9ducation routi\u00e8res, leprogramme 216 - conduite et pilotage des politiques de l'int\u00e9rieur et le programme 129 -coordination du travail gouvernemental.Cette d\u00e9l\u00e9gation porte sur l'engagement, la liquidation et le mandatement des d\u00e9penses.\nArticle 5En cas d'absence ou d'emp\u00eachement concomitant de monsieur Fr\u00e9d\u00e9ric POISOT, sous-pr\u00e9fet, secr\u00e9taire g\u00e9n\u00e9ral, et de madame Marie-Pervenche PLAZA, sous-pr\u00e9f\u00e8te, secr\u00e9taireg\u00e9n\u00e9rale adjointe, les d\u00e9l\u00e9gations de signature qui leur sont conf\u00e9r\u00e9es seront exerc\u00e9es parmonsieur Nicolas HAUPTMANN, directeur de cabinet.\nArticle 6En cas d'absence ou d'emp\u00e9chement de monsieur Nicolas HAUPTMANN, directeur decabinet, la suppl\u00e9ance sera assur\u00e9e par monsieur Fr\u00e9d\u00e9ric POISOT, secr\u00e9taire g\u00e9n\u00e9ral, oumadame Marie-Pervenche PLAZA, secr\u00e9taire g\u00e9n\u00e9rale adjointe, au titre de leur d\u00e9l\u00e9gationg\u00e9n\u00e9rale, en ce qui concerne les attributions d\u00e9finies aux articles 2 et 3. Une d\u00e9l\u00e9gation designature est \u00e9galement donn\u00e9e pour ces m\u00eames attributions \u00e0 madame VirginieAVEROUS, sous pr\u00e9f\u00e8te aupr\u00e8s du pr\u00e9fet de r\u00e9gion pour le plan \u00ab Marseille en Grand \u00bb.\nArticle 7En cas d'absence ou d'emp\u00e9chement de Monsieur Nicolas HAUPTMANN, directeur decabinet, d\u00e9l\u00e9gation de signature est donn\u00e9e a madame Laetitia CONTET, conseill\u00e9red'administration de l'int\u00e9rieur et de l'outre-mer, directrice de cabinet adjointe, en ce quiconcerne les attributions d\u00e9finies \u00e0 l'article1 et \u00e0 l'article 4 du pr\u00e9sent arr\u00eat\u00e9 ainsi que :les correspondances courantes ne comportant ni d\u00e9cision, ni instruction g\u00e9n\u00e9raleslevant des attributions des services du cabinet ;les pieces comptables se rapportant aux services du cabinet d'un montant inf\u00e9rieur ougal a 5000 euros TTC;les bordereaux, accus\u00e9s de r\u00e9ception, bons de transport, ordres de missions, r\u00e9c\u00e9piss\u00e9s,ttestations ou copies conformes de documents relevant des attributions du cabinet ;l'octroi des cong\u00e9s annuels et RTT des agents des services du cabinet.\nArticle 8En cas d'absence ou d'emp\u00e9chement de monsieur Nicolas HAUPTMANN, directeur decabinet et de madame Laetitia CONTET, directrice de cabinet adjointe, d\u00e9l\u00e9gation designature est donn\u00e9e a madame V\u00e9ronique DELAHAIS, attach\u00e9e hors classe, cheffe decabinet, en ce qui concerne les attributions d\u00e9finies \u00e0 l'article 1\u00b0 du pr\u00e9sent arr\u00eat\u00e9 ainsique:les correspondances courantes ne comportant ni d\u00e9cision, ni instruction g\u00e9n\u00e9rale, lesbordereaux, accus\u00e9s de r\u00e9ception, r\u00e9c\u00e9piss\u00e9s ou copies conformes entrant dans le cadredes attributions du bureau de la repr\u00e9sentation de l'\u00c9tat;les pi\u00e8ces comptables se rapportant bureau de la repr\u00e9sentation de l'\u00c9tat d'un montantinf\u00e9rieur ou \u00e9gal \u00e0 1 500 euros TTC ;\n\uf02d\n\uf02d\n\uf02d\n\uf02d\n\uf02d\n\uf02d\n3 / 7\nPr\u00e9fecture des Bouches-du-Rhone - 13-2025-11-10-00004 - DS int\u00e9rim DIR CAB 101125 33\nl'octroi des cong\u00e9s annuels et RTT des agents de la mission vie citoyenne, de la missiondes affaires r\u00e9serv\u00e9es et politiques, de la mission visites officielles, de la mission protocole,de la mission r\u00e9gionale de s\u00e9curit\u00e9 routi\u00e9re et du garage ;l'ordonnancement secondaire des recettes et d\u00e9penses de l'\u00c9tat concernant leprogramme 207 - s\u00e9curit\u00e9 et \u00e9ducation routi\u00e8res, le programme 216 - conduite et pilotagedes politiques de l'int\u00e9rieur et le programme 129 - coordination du travail gouvernementaltel que d\u00e9finit \u00e0 l'article 4.\nArticle 9En cas d'absence ou emp\u00e9chement de madame V\u00e9ronique DELAHAIS, d\u00e9l\u00e9gation designature est conf\u00e9r\u00e9e \u00e0 monsieur Julien ROSEC, attach\u00e9 principal d'administration del'\u00c9tat, adjoint \u00e0 la cheffe de cabinet, en ce qui concerne les attributions d\u00e9finies \u00e0 l'article8.\nArticle 10D\u00e9l\u00e9gation de signature est conf\u00e9r\u00e9e \u00e0 madame S\u00e9verine BRAECKMANS, secr\u00e9taireadministrative de classe sup\u00e9rieure, chef du garage par int\u00e9rim, pour signer les pi\u00e8cescomptables d'un montant inf\u00e9rieur ou \u00e9gal \u00e0 1 000 euros TTC, li\u00e9s au fonctionnement duparc auto.En cas d'absence de madame S\u00e9verine BRAECKMANS, la d\u00e9l\u00e9gation qui lui est conf\u00e9r\u00e9esera assur\u00e9e par monsieur S\u00e9bastien VOLTURNO, adjoint principal des servicestechniques, adjoint au chef de garage.\nArticle 11D\u00e9l\u00e9gation de signature est conf\u00e9r\u00e9e \u00e0 madame Brigitte MANSAT, attach\u00e9e, cheffe de lamission protocole, en ce qui concerne les documents \u00e9num\u00e9r\u00e9s ci-apr\u00e8s :les cong\u00e9s et RTT des agents de la mission protocole;les bordereaux, accus\u00e9s de r\u00e9ception, r\u00e9c\u00e9piss\u00e9s, copies conformes de documentselevant des attributions de la mission protocole ;les pi\u00e8ces comptables d'un montant inf\u00e9rieur ou \u00e9gal a 500 euros TTC, li\u00e9s aufonctionnement de la mission protocole.\nArticle 12D\u00e9l\u00e9gation de signature est conf\u00e9r\u00e9e \u00e0 madame Sophie RICHARD, secr\u00e9taireadministrative de classe normale, cheffe de la mission vie citoyenne, en ce qui concerneles documents \u00e9num\u00e9r\u00e9s ci-apr\u00e8s :les cong\u00e9s et RTT des agents de la mission vie citoyenne ;les correspondances courantes ne comportant ni d\u00e9cision, ni instruction g\u00e9n\u00e9rale, lesbordereaux, accus\u00e9s de r\u00e9ception, r\u00e9c\u00e9piss\u00e9s, copies conformes de documents relevantdes attributions de la mission vie citoyenne.\n\uf02d\n\uf02d\n-\n-\n-\n-\n-\n4 / 7\nPr\u00e9fecture des Bouches-du-Rhone - 13-2025-11-10-00004 - DS int\u00e9rim DIR CAB 101125 34\nArticle 13D\u00e9l\u00e9gation de signature est conf\u00e9r\u00e9e \u00e0 madame Myriam ASSILA, attach\u00e9ed'administration de l'\u00c9tat, cheffe de la mission r\u00e9gionale s\u00e9curit\u00e9 routi\u00e8re - FIPD -MIDELCA, en ce qui concerne les documents \u00e9num\u00e9r\u00e9s ci-apr\u00e8s :les cong\u00e9s et RTT des agents de la mission r\u00e9gionale s\u00e9curit\u00e9 routi\u00e8re - FIPD - MIDELCA ;les correspondances courantes ne comportant ni d\u00e9cision, ni instruction g\u00e9n\u00e9rale, lesbordereaux, accus\u00e9s de r\u00e9ception, r\u00e9c\u00e9piss\u00e9s, copies conformes de documents relevantdes attributions de la mission r\u00e9gionale s\u00e9curit\u00e9 routi\u00e8re - FIPD - MIDELCA.\nArticle 14D\u00e9l\u00e9gation de signature est conf\u00e9r\u00e9e \u00e0 madame \u00c9lise GROUSSET, agent contractuel decat\u00e9gorie A, cheffe du service r\u00e9gional de la communication interminist\u00e9rielle, en ce quiconcerne les documents ci-apr\u00e8s :- les bons \u00e0 tirer internes ;- l'octroi des cong\u00e9s et RTT des agents du service r\u00e9gional de la communicationinterminist\u00e9rielle;- les correspondances courantes ne comportant ni d\u00e9cision, ni instruction g\u00e9n\u00e9rale, lesbordereaux, accus\u00e9s de r\u00e9ception, r\u00e9c\u00e9piss\u00e9s relevant des attributions du service r\u00e9gionalde la communication interminist\u00e9rielle;- les pi\u00e8ces comptables d'un montant inf\u00e9rieur ou \u00e9gal \u00e0 500 euros TTC, li\u00e9s aufonctionnement du service r\u00e9gional de la communication interminist\u00e9rielle.\nArticle 15En cas d'absence ou emp\u00e9chement de madame Elise GROUSSET, d\u00e9l\u00e9gation de signatureest conf\u00e9r\u00e9e \u00e0 madame Zarra BERKANI, attach\u00e9e d'administration de l'\u00c9tat, adjointe \u00e0 lacheffe du service r\u00e9gional de la communication interminist\u00e9rielle, en ce qui concerne lesattributions d\u00e9finies \u00e0 l'article 14.\nArticle 16D\u00e9l\u00e9gation de signature est conf\u00e9r\u00e9e \u00e0 monsieur Francis GOUTENOIR, officier de s\u00e9curit\u00e9,chef du service s\u00e9curit\u00e9, en ce qui concerne les documents ci-apr\u00e8s :- l'octroi des cong\u00e9s et RTT des agents du service s\u00e9curit\u00e9 ;- les correspondances courantes ne comportant ni d\u00e9cision, ni instruction g\u00e9n\u00e9rale, lesbordereaux, accus\u00e9s de r\u00e9ception, r\u00e9c\u00e9piss\u00e9s relevant des attributions du service s\u00e9curit\u00e9.\nArticle 17En cas d'absence ou emp\u00eachement de monsieur Francis GOUTENOIR, d\u00e9l\u00e9gation designature est conf\u00e9r\u00e9e \u00e0 madame Gwladys DERAIL, adjointe \u00e0 l'officier de s\u00e9curit\u00e9, en cequi concerne les attributions d\u00e9finies \u00e0 l'article 16.\n-\n-\n5 / 7\nPr\u00e9fecture des Bouches-du-Rhone - 13-2025-11-10-00004 - DS int\u00e9rim DIR CAB 101125 35\nArticle 18D\u00e9l\u00e9gation de signature est conf\u00e9r\u00e9e a monsieur Julien ALLIO, attach\u00e9 principal, en qualit\u00e9de chef du service interminist\u00e9riel r\u00e9gional des affaires civiles et \u00e9conomiques de d\u00e9fenseet de la protection civile pour les actes ci-apr\u00e8s \u00e9num\u00e9r\u00e9s :- les correspondances courantes ne comportant ni d\u00e9cision, ni instruction g\u00e9n\u00e9rale, lesbordereaux, accus\u00e9s de r\u00e9ception, r\u00e9c\u00e9piss\u00e9s, attestations, avis et certificats relevant desattributions du service ;- les pi\u00e8ces comptables d'un montant inf\u00e9rieur ou \u00e9gal \u00e0 5 000 euros TTC se rapportant auservice interminist\u00e9riel r\u00e9gional des affaires civiles et \u00e9conomiques de d\u00e9fense et de laprotection civile (contrats, bons de commande...) ;- l'octroi des cong\u00e9s annuels et RTT du personnel du SIRACED PC ;- les arr\u00eat\u00e9s \u00ab certificat de qualification F4-T2 \u00bb.\nArticle 19En cas d'absence de monsieur Julien ALLIO, la d\u00e9l\u00e9gation de signature qui lui est conf\u00e9r\u00e9esera exerc\u00e9e par monsieur Jean-Marc ROBERT, attach\u00e9, adjoint au chef du serviceinterminist\u00e9riel r\u00e9gional des affaires civiles et \u00e9conomiques de d\u00e9fense et de la protectioncivile en ce qui concerne les attributions d\u00e9finies \u00e0 l'article 18.\nArticle 20En cas d'absence ou d'emp\u00e9chement de monsieur Julien ALLIO concernant les d\u00e9cisions etactes relatifs aux probl\u00e9matiques li\u00e9es \u00e0 la pr\u00e9vention des risques, d\u00e9l\u00e9gation de signatureest conf\u00e9r\u00e9e \u00e0 :- Madame Marine VIVES, attach\u00e9e d'administration, cheffe du bureau de la pr\u00e9vention des risques ;- Madame Antoinette CARTA, secr\u00e9taire administrative de classe exceptionnelle, adjointeau chef du bureau de la pr\u00e9vention des risques ;- Monsieur Fran\u00e7ois NICOLA\u00cf, attach\u00e9 d'administration, pour les actes relevant de la SCDSen configuration pl\u00e9ni\u00e8re;- Monsieur Alexandre LLOMBART, agent contractuel de cat\u00e9gorie B.\nArticle 21D\u00e9l\u00e9gation de signature est conf\u00e9r\u00e9e \u00e0 monsieur Christian LOZZI, adjoint techniqueprincipal de 2%\" classe, intendant de l'h\u00f4tel pr\u00e9fectoral, en ce qui concerne les documents\u00e9num\u00e9r\u00e9s ci-apr\u00e8s :l'octroi des cong\u00e9s et RTT des agents de l'h\u00f4tel pr\u00e9fectoral ;les bons de commande n\u00e9cessaires au fonctionnement de l'h\u00f4tel pr\u00e9fectoral ou al'intendance personnelle du pr\u00e9fet de r\u00e9gion dans la limite d'une valeur de 1 000 eurosTTC par op\u00e9ration.\nArticle 21En cas d'absence ou d'emp\u00e9chement de monsieur Nicolas HAUPTMANN, directeur decabinet, d\u00e9l\u00e9gation de signature est conf\u00e9r\u00e9e au colonel Jean-Luc BECCARI, directeurd\u00e9partemental des services d'incendie et de secours des Bouches-du-Rh\u00f4ne, en ce qui\n-\n-\n6 / 7\nPr\u00e9fecture des Bouches-du-Rhone - 13-2025-11-10-00004 - DS int\u00e9rim DIR CAB 101125 36\nconcerne les affaires ressortissant aux attributions qu'il exerce au nom de l'\u00c9tat (copies dedocuments, notes de service, correspondances courantes) \u00e0 l'exclusion du courrierminist\u00e9riel, de toutes correspondances comportant d\u00e9cisions et instructions g\u00e9n\u00e9rales etdes correspondances destin\u00e9es aux \u00e9lus.En cas d'absence ou d'emp\u00e9chement du colonel Jean-Luc BECCARI, la d\u00e9l\u00e9gation designature qui lui est conf\u00e9r\u00e9e sera exerc\u00e9e par le colonel Pierre BEPOIX.\nArticle 22Le pr\u00e9sent arr\u00eat\u00e9 entrera en vigueur \u00e0 compter du 10 novembre 2025, date \u00e0 partir delaquelle toutes les dispositions ant\u00e9rieures et contraires au pr\u00e9sent arr\u00eat\u00e9 seront caduques.\nArticle 23Le secr\u00e9taire g\u00e9n\u00e9ral de la pr\u00e9fecture des Bouches-du-Rh\u00f4ne et le directeur de cabinet dela pr\u00e9fecture des Bouches-du-Rh\u00f4ne sont charg\u00e9s, chacun en ce qui le concerne, del'ex\u00e9cution du pr\u00e9sent arr\u00eat\u00e9 qui sera publi\u00e9 au recueil des actes administratifs de lapr\u00e9fecture des Bouches-du-Rh\u00f4ne.\nFait \u00e0 Marseille, le 10 novembre 2025\nLa pr\u00e9f\u00e8te d\u00e9l\u00e9gu\u00e9e pour l'\u00e9galit\u00e9 des chances,sign\u00e9Isabelle Epaillard\n7 / 7\nPr\u00e9fecture des Bouches-du-Rhone - 13-2025-11-10-00004 - DS int\u00e9rim DIR CAB 101125 37\nPr\u00e9fecture des Bouches-du-Rhone\n13-2025-10-29-00026\nARR\u00caT\u00c9 du 29 OCTOBRE 2025\nportant habilitation sous le n\u00b0 25-13-0214 du\nservice public industriel et commercial\nd\u00e9nomm\u00e9 \u00ab\u00a0REGIE DES CREMATORIUMS\nMETROPOLITAINS\u00a0\u00bb  \npour la gestion et l'utilisation du\n\u00ab\u00a0CREMATORIUM SAINT-PIERRE\u00a0\u00bb sis \u00e0 Marseille\n(13005)\nPr\u00e9fecture des Bouches-du-Rhone - 13-2025-10-29-00026 - ARR\u00caT\u00c9 du 29 OCTOBRE 2025\nportant habilitation sous le n\u00b0 25-13-0214 du service public industriel et commercial d\u00e9nomm\u00e9 \u00ab\u00a0REGIE DES CREMATORIUMS\nMETROPOLITAINS\u00a0\u00bb  \npour la gestion et l'utilisation du \u00ab\u00a0CREMATORIUM SAINT-PIERRE\u00a0\u00bb sis \u00e0 Marseille (13005)\n38\nPREFETDES BOUCHES-DU-RHONELibert\u00e9Egalit\u00e9Fraternit\u00e9\nDIRECTION DE LA CITOYENNETE\nDE LA LEGALITE ET DE L'ENVIRONNEMENT\nBureau des \u00e9lections et de la r\u00e9glementation\nDCLE/BER/FUN/BC/2025/RAA N\u00b0                            \nARR\u00caT\u00c9 du 29 OCTOBRE 2025\nportant habilitation sous le n\u00b0 25-13-0214 du service public industriel et commercial \nd\u00e9nomm\u00e9 \u00ab REGIE DES CREMATORIUMS METROPOLITAINS \u00bb  \npour la gestion et l'utilisation du \u00ab CREMATORIUM SAINT-PIERRE \u00bb sis \u00e0 Marseille (13005)\nLe pr\u00e9fet de la r\u00e9gion Provence-Alpes-C\u00f4te d'Azur\n         pr\u00e9fet de la zone de d\u00e9fense et de s\u00e9curit\u00e9 Sud\n                       pr\u00e9fet des Bouches-du-Rh\u00f4ne\n               pr\u00e9fet de police des Bouches-du-Rh\u00f4ne\nVu le code g\u00e9n\u00e9ral des collectivit\u00e9s territoriales (CGCT), notamment les articles L2223-19 et  L2223-\n23 ;\nVu la loi n\u00b02008-1350 du 19 d\u00e9cembre 2008 relative \u00e0 la l\u00e9gislation fun\u00e9raire ;\nVu l'ordonnance n\u00b0 2005-855 du 28 juillet 2005 relative aux op\u00e9rations fun\u00e9raires, notamment l'article \n1 - \u00a7 IV ;\nVu le d\u00e9cret n\u00b0 2004-374 du 29 avril 2004 relatif aux pouvoirs des pr\u00e9fets, \u00e0 l'organisation et \u00e0 l'action  \ndes services de l'Etat dans les r\u00e9gions et d\u00e9partements ;\nVu le d\u00e9cret du 3 janvier 2025 portant nomination de monsieur Georges-Fran\u00e7ois LECLERC en qualit\u00e9  \nde pr\u00e9fet de la r\u00e9gion Provence-Alpes-C\u00f4te d'Azur, pr\u00e9fet de la zone de d\u00e9fense et de s\u00e9curit\u00e9 Sud,  \npr\u00e9fet des Bouches-du-Rh\u00f4ne ;\nVU le d\u00e9cret du 12 mars 2025 portant nomination de monsieur Georges-Fran\u00e7ois LECLERC en qualit\u00e9  \nde pr\u00e9fet de la r\u00e9gion Provence-Alpes-C\u00f4te d'Azur pr\u00e9fet de la zone de d\u00e9fense et de s\u00e9curit\u00e9 Sud,  \npr\u00e9fet des Bouches-du-Rh\u00f4ne, en outre pr\u00e9fet de police des Bouches-du-Rh\u00f4ne ;\nVu le d\u00e9cret du 31 janvier 2025 portant nomination de monsieur Fr\u00e9d\u00e9ric POISOT en qualit\u00e9 de  \nsecr\u00e9taire g\u00e9n\u00e9ral de la pr\u00e9fecture des Bouches-du-Rh\u00f4ne, sous-pr\u00e9fet de Marseille ;\nVu le d\u00e9cret n\u00b02012-608 du 30 avril 2012 relatif aux dipl\u00f4mes dans le secteur fun\u00e9raire ;\nVu l'arr\u00eat\u00e9 du 30 avril 2012 portant application du d\u00e9cret susvis\u00e9 ;\nVu le d\u00e9cret n\u00b02020-917 du 28 juillet 2020 relatif \u00e0 la dur\u00e9e de l'habilitation dans le secteur fun\u00e9raire ;\nVu  l'arr\u00eat\u00e9  n\u00b0  22-13-0214  du  pr\u00e9fet  des  Bouches-du-Rh\u00f4ne  en  date  du  25  janvier  2022,  portant \nhabilitation dans  le  domaine  fun\u00e9raire  jusqu'au  25  janvier  2027\ndu SPIC \u00ab  AIX-MARSEILLE-PROVENCE \u00bb pour la gestion et l'utilisation du \u00ab  CREMATORIUM SAINT-\nPIERRE \u00bb sis 380 rue Saint-Pierre \u00e0 Marseille (13005) ;\nVu  la  demande  re\u00e7ue  le  29  octobre  2025  de  M.  St\u00e9phane  SICARD,  directeur  de  la  r\u00e9gie  des  \ncr\u00e9matoriums m\u00e9tropolitains sollicitant le renouvellement et la modification de l'habilitation susvis\u00e9e  \nsuite \u00e0 la cr\u00e9ation de la r\u00e9gie des cr\u00e9matoriums m\u00e9tropolitains et \u00e0 sa nomination ;\nPr\u00e9fecture des Bouches-du-Rhone - 13-2025-10-29-00026 - ARR\u00caT\u00c9 du 29 OCTOBRE 2025\nportant habilitation sous le n\u00b0 25-13-0214 du service public industriel et commercial d\u00e9nomm\u00e9 \u00ab\u00a0REGIE DES CREMATORIUMS\nMETROPOLITAINS\u00a0\u00bb  \npour la gestion et l'utilisation du \u00ab\u00a0CREMATORIUM SAINT-PIERRE\u00a0\u00bb sis \u00e0 Marseille (13005)\n39\nConsid\u00e9rant que la demande est constitu\u00e9e conform\u00e9ment \u00e0 la l\u00e9gislation en vigueur et compl\u00e8te le  \n29 octobre 2025 ;\nSur proposition du secr\u00e9taire g\u00e9n\u00e9ral de la pr\u00e9fecture des Bouches-du-Rh\u00f4ne ;\nARR\u00caTE\nArticle  1  er     :  Le  service  public  industriel  et  commercial  d\u00e9nomm\u00e9  \u00ab REGIE  DES  CREMATORIUMS \nMETROPOLITAINS \u00bb sis 58 boulevard Charles Livon \u00e0 Marseille (13007) repr\u00e9sent\u00e9 par M. St\u00e9phane  \nSICARD directeur de la r\u00e9gie des cr\u00e9matoriums m\u00e9tropolitains est habilit\u00e9 sous le  N\u00b0 25-13-0214  \u00e0  \ncompter de la date du pr\u00e9sent arr\u00eat\u00e9, pour exercer sur l'ensemble du territoire national les activit\u00e9s  \nfun\u00e9raires suivantes :\nJusqu'au 29 Octobre 2030   :  \n\u2022 Gestion et utilisation d'un cr\u00e9matorium d\u00e9nomm\u00e9 \u00ab CREMATORIUM SAINT-PIERRE \u00bb situ\u00e9 380 rue \nSaint-Pierre \u00e0 Marseille (13005)\nArticle 2 : L'habilitation est accord\u00e9e pour 5 ans \u00e0 compter de la date du pr\u00e9sent arr\u00eat\u00e9. La demande  \nde renouvellement devra \u00eatre adress\u00e9e deux mois avant son \u00e9ch\u00e9ance.\nArticle 3   :  L'arr\u00eat\u00e9 du pr\u00e9fet des Bouches-du-Rh\u00f4ne N\u00b0 22-13-0214 du 25 janvier 2022 est abrog\u00e9 \u00e0  \ncompter de la date du pr\u00e9sent arr\u00eat\u00e9.\nArticle 4  : L'op\u00e9rateur fun\u00e9raire habilit\u00e9 peut confier \u00e0 un ou plusieurs sous-traitants la r\u00e9alisation de  \ntout ou partie des prestations relevant du service ext\u00e9rieur des pompes fun\u00e8bres. Ce dernier doit \u00eatre  \nhabilit\u00e9 pour la prestation qu'il sous-traite ; de m\u00eame que les sous-traitants doivent \u00eatre habilit\u00e9s pour \nchacune des prestations du service ext\u00e9rieur qu'ils fournissent de mani\u00e8re habituelle aux familles. A  \nd\u00e9faut du respect de ces prescriptions, leur responsabilit\u00e9 conjointe pourra \u00eatre mise en cause.\nArticle 5 :  La pr\u00e9sente habilitation peut \u00eatre suspendue pour une dur\u00e9e maximum d'un an ou retir\u00e9e  \npar le pr\u00e9fet du d\u00e9partement o\u00f9 les faits auront \u00e9t\u00e9 constat\u00e9s, conform\u00e9ment aux dispositions de  \nl'article L2223-25 du code g\u00e9n\u00e9ral des collectivit\u00e9s territoriales, pour les motifs suivants :\n1\u00b0 non-respect des dispositions du code g\u00e9n\u00e9ral des collectivit\u00e9s territoriales auxquelles sont soumises \nles r\u00e9gies, entreprises ou associations habilit\u00e9es conform\u00e9ment \u00e0 l'article L 2223-23,\n2\u00b0 non-exercice ou cessation d'exercice des activit\u00e9s au titre desquelles elle a \u00e9t\u00e9 d\u00e9livr\u00e9e,\n3\u00b0 atteinte \u00e0 l'ordre public ou danger pour la salubrit\u00e9 publique.\nDans le cas d'un d\u00e9l\u00e9gataire, le retrait de l'habilitation entra\u00eene la d\u00e9ch\u00e9ance des d\u00e9l\u00e9gations.\nArticle 6  :  La pr\u00e9sente d\u00e9cision peut faire l'objet, dans un d\u00e9lai de deux mois \u00e0 compter de sa  \nnotification,  d'un  recours  gracieux  aupr\u00e8s  de  mes  services,  d'un  recours  hi\u00e9rarchique  aupr\u00e8s  de \nmonsieur  le  ministre  de  l'int\u00e9rieur,  d'un  recours  contentieux  devant  le  tribunal  administratif  de \nMarseille (31 rue Jean-Fran\u00e7ois LECA, 13002 Marseille)  ; la juridiction administrative comp\u00e9tente peut  \naussi \u00eatre saisie par l'application T\u00e9l\u00e9recours accessible \u00e0 partir du site www.telerecours.fr.\nArticle 7 : Le secr\u00e9taire g\u00e9n\u00e9ral de la pr\u00e9fecture des Bouches-du-Rh\u00f4ne, le directeur d\u00e9partemental de \nla s\u00e9curit\u00e9 publique des Bouches-du-Rh\u00f4ne sont charg\u00e9s, chacun en ce qui le concerne, de l'ex\u00e9cution  \ndu pr\u00e9sent arr\u00eat\u00e9 qui sera publi\u00e9 au recueil des actes administratifs.\nFait \u00e0 Marseille, le 29 OCTOBRE 2025\n               Pour le pr\u00e9fet,\nl'adjointe au chef de bureau\n                   SIGNE\nVirginie DUPOUY-RAVETLLAT\nPr\u00e9fecture des Bouches-du-Rhone - 13-2025-10-29-00026 - ARR\u00caT\u00c9 du 29 OCTOBRE 2025\nportant habilitation sous le n\u00b0 25-13-0214 du service public industriel et commercial d\u00e9nomm\u00e9 \u00ab\u00a0REGIE DES CREMATORIUMS\nMETROPOLITAINS\u00a0\u00bb  \npour la gestion et l'utilisation du \u00ab\u00a0CREMATORIUM SAINT-PIERRE\u00a0\u00bb sis \u00e0 Marseille (13005)\n40\nPr\u00e9fecture des Bouches-du-Rhone\n13-2025-10-29-00027\nARR\u00caT\u00c9 du 29 OCTOBRE 2025\nportant habilitation sous le n\u00b0 25-13-0574 du\nservice public industriel et commercial\nd\u00e9nomm\u00e9 \u00ab\u00a0REGIE DES CREMATORIUMS\nMETROPOLITAINS\u00a0\u00bb  \npour la gestion et l'utilisation du\n\u00ab\u00a0CREMATORIUM DE MARTIGUES\u00a0\u00bb sis \u00e0\nMartigues (13500)\nPr\u00e9fecture des Bouches-du-Rhone - 13-2025-10-29-00027 - ARR\u00caT\u00c9 du 29 OCTOBRE 2025\nportant habilitation sous le n\u00b0 25-13-0574 du service public industriel et commercial d\u00e9nomm\u00e9 \u00ab\u00a0REGIE DES CREMATORIUMS\nMETROPOLITAINS\u00a0\u00bb  \npour la gestion et l'utilisation du \u00ab\u00a0CREMATORIUM DE MARTIGUES\u00a0\u00bb sis \u00e0 Martigues (13500)\n41\nPREFETDES BOUCHES-DU-RHONELibert\u00e9Egalit\u00e9Fraternit\u00e9\nDIRECTION DE LA CITOYENNETE\nDE LA LEGALITE ET DE L'ENVIRONNEMENT\nBureau des \u00e9lections et de la r\u00e9glementation\nDCLE/BER/FUN/BC/2025/RAA N\u00b0                            \nARR\u00caT\u00c9 du 29 OCTOBRE 2025\nportant habilitation sous le n\u00b0 25-13-0574 du service public industriel et commercial \nd\u00e9nomm\u00e9 \u00ab REGIE DES CREMATORIUMS METROPOLITAINS \u00bb  \npour la gestion et l'utilisation du \u00ab CREMATORIUM DE MARTIGUES \u00bb sis \u00e0 Martigues (13500)\nLe pr\u00e9fet de la r\u00e9gion Provence-Alpes-C\u00f4te d'Azur\n         pr\u00e9fet de la zone de d\u00e9fense et de s\u00e9curit\u00e9 Sud\n                       pr\u00e9fet des Bouches-du-Rh\u00f4ne\n               pr\u00e9fet de police des Bouches-du-Rh\u00f4ne\nVu le code g\u00e9n\u00e9ral des collectivit\u00e9s territoriales (CGCT), notamment les articles L2223-19 et  L2223-\n23 ;\nVu la loi n\u00b02008-1350 du 19 d\u00e9cembre 2008 relative \u00e0 la l\u00e9gislation fun\u00e9raire ;\nVu l'ordonnance n\u00b0 2005-855 du 28 juillet 2005 relative aux op\u00e9rations fun\u00e9raires, notamment l'article \n1 - \u00a7 IV ;\nVu le d\u00e9cret n\u00b0 2004-374 du 29 avril 2004 relatif aux pouvoirs des pr\u00e9fets, \u00e0 l'organisation et \u00e0 l'action  \ndes services de l'Etat dans les r\u00e9gions et d\u00e9partements ;\nVu le d\u00e9cret du 3 janvier 2025 portant nomination de monsieur Georges-Fran\u00e7ois LECLERC en qualit\u00e9  \nde pr\u00e9fet de la r\u00e9gion Provence-Alpes-C\u00f4te d'Azur, pr\u00e9fet de la zone de d\u00e9fense et de s\u00e9curit\u00e9 Sud,  \npr\u00e9fet des Bouches-du-Rh\u00f4ne ;\nVU le d\u00e9cret du 12 mars 2025 portant nomination de monsieur Georges-Fran\u00e7ois LECLERC en qualit\u00e9  \nde pr\u00e9fet de la r\u00e9gion Provence-Alpes-C\u00f4te d'Azur pr\u00e9fet de la zone de d\u00e9fense et de s\u00e9curit\u00e9 Sud,  \npr\u00e9fet des Bouches-du-Rh\u00f4ne, en outre pr\u00e9fet de police des Bouches-du-Rh\u00f4ne ;\nVu le d\u00e9cret du 31 janvier 2025 portant nomination de monsieur Fr\u00e9d\u00e9ric POISOT en qualit\u00e9 de  \nsecr\u00e9taire g\u00e9n\u00e9ral de la pr\u00e9fecture des Bouches-du-Rh\u00f4ne, sous-pr\u00e9fet de Marseille ;\nVu le d\u00e9cret n\u00b02012-608 du 30 avril 2012 relatif aux dipl\u00f4mes dans le secteur fun\u00e9raire ;\nVu l'arr\u00eat\u00e9 du 30 avril 2012 portant application du d\u00e9cret susvis\u00e9 ;\nVu le d\u00e9cret n\u00b02020-917 du 28 juillet 2020 relatif \u00e0 la dur\u00e9e de l'habilitation dans le secteur fun\u00e9raire ;\nVu  la  demande  re\u00e7ue  le  29  octobre  2025  de  M.  St\u00e9phane  SICARD,  directeur  de  la  r\u00e9gie  des  \ncr\u00e9matoriums  m\u00e9tropolitains  sollicitant  l'habilitation  pour  la  gestion  et  l'utilisation  du  \n\u00ab CREMATORIUM DE MARTIGUES  \u00bb sis quartier R\u00e9veilla \u00e0 Martigues (13500) suite \u00e0 la cr\u00e9ation de la  \nr\u00e9gie des cr\u00e9matoriums m\u00e9tropolitains et \u00e0 sa nomination ;\nConsid\u00e9rant que la demande est constitu\u00e9e conform\u00e9ment \u00e0 la l\u00e9gislation en vigueur et compl\u00e8te le  \n29 octobre 2025 ;\nPr\u00e9fecture des Bouches-du-Rhone - 13-2025-10-29-00027 - ARR\u00caT\u00c9 du 29 OCTOBRE 2025\nportant habilitation sous le n\u00b0 25-13-0574 du service public industriel et commercial d\u00e9nomm\u00e9 \u00ab\u00a0REGIE DES CREMATORIUMS\nMETROPOLITAINS\u00a0\u00bb  \npour la gestion et l'utilisation du \u00ab\u00a0CREMATORIUM DE MARTIGUES\u00a0\u00bb sis \u00e0 Martigues (13500)\n42\nSur proposition du secr\u00e9taire g\u00e9n\u00e9ral de la pr\u00e9fecture des Bouches-du-Rh\u00f4ne ;\nARR\u00caTE\nArticle  1  er     :  Le  service  public  industriel  et  commercial  d\u00e9nomm\u00e9  \u00ab REGIE  DES  CREMATORIUMS \nMETROPOLITAINS \u00bb situ\u00e9 58 boulevard Charles Livon \u00e0 Marseille (13007) repr\u00e9sent\u00e9 par M. St\u00e9phane  \nSICARD directeur de la r\u00e9gie des cr\u00e9matoriums m\u00e9tropolitains est habilit\u00e9 sous le  N\u00b0 25-13-0574  \u00e0  \ncompter de la date du pr\u00e9sent arr\u00eat\u00e9, pour exercer sur l'ensemble du territoire national les activit\u00e9s  \nfun\u00e9raires suivantes :\nJusqu'au 29 Octobre 2030   :  \n\u2022 Gestion  et  utilisation  d'un  cr\u00e9matorium  d\u00e9nomm\u00e9  \u00ab  CREMATORIUM  DE  MARTIGUES \u00bb  situ\u00e9 \nquartier Reveilla, chemin Ch\u00e2teau Perrin \u00e0 Martigues (13500).\nArticle 3 : L'habilitation est accord\u00e9e pour 5 ans \u00e0 compter de la date du pr\u00e9sent arr\u00eat\u00e9. La demande  \nde renouvellement devra \u00eatre adress\u00e9e deux mois avant son \u00e9ch\u00e9ance.\nArticle 4  : L'op\u00e9rateur fun\u00e9raire habilit\u00e9 peut confier \u00e0 un ou plusieurs sous-traitants la r\u00e9alisation de  \ntout ou partie des prestations relevant du service ext\u00e9rieur des pompes fun\u00e8bres. Ce dernier doit \u00eatre  \nhabilit\u00e9 pour la prestation qu'il sous-traite ; de m\u00eame que les sous-traitants doivent \u00eatre habilit\u00e9s pour \nchacune des prestations du service ext\u00e9rieur qu'ils fournissent de mani\u00e8re habituelle aux familles. A  \nd\u00e9faut du respect de ces prescriptions, leur responsabilit\u00e9 conjointe pourra \u00eatre mise en cause.\nArticle 5 :  La pr\u00e9sente habilitation peut \u00eatre suspendue pour une dur\u00e9e maximum d'un an ou retir\u00e9e  \npar le pr\u00e9fet du d\u00e9partement o\u00f9 les faits auront \u00e9t\u00e9 constat\u00e9s, conform\u00e9ment aux dispositions de  \nl'article L2223-25 du code g\u00e9n\u00e9ral des collectivit\u00e9s territoriales, pour les motifs suivants :\n1\u00b0 non-respect des dispositions du code g\u00e9n\u00e9ral des collectivit\u00e9s territoriales auxquelles sont soumises \nles r\u00e9gies, entreprises ou associations habilit\u00e9es conform\u00e9ment \u00e0 l'article L 2223-23,\n2\u00b0 non-exercice ou cessation d'exercice des activit\u00e9s au titre desquelles elle a \u00e9t\u00e9 d\u00e9livr\u00e9e,\n3\u00b0 atteinte \u00e0 l'ordre public ou danger pour la salubrit\u00e9 publique.\nDans le cas d'un d\u00e9l\u00e9gataire, le retrait de l'habilitation entra\u00eene la d\u00e9ch\u00e9ance des d\u00e9l\u00e9gations.\nArticle 6  :  La pr\u00e9sente d\u00e9cision peut faire l'objet, dans un d\u00e9lai de deux mois \u00e0 compter de sa  \nnotification,  d'un  recours  gracieux  aupr\u00e8s  de  mes  services,  d'un  recours  hi\u00e9rarchique  aupr\u00e8s  de \nmonsieur  le  ministre  de  l'int\u00e9rieur,  d'un  recours  contentieux  devant  le  tribunal  administratif  de \nMarseille (31 rue Jean-Fran\u00e7ois LECA, 13002 Marseille)  ; la juridiction administrative comp\u00e9tente peut  \naussi \u00eatre saisie par l'application T\u00e9l\u00e9recours accessible \u00e0 partir du site www.telerecours.fr.\nArticle 7  : Le secr\u00e9taire g\u00e9n\u00e9ral de la pr\u00e9fecture des Bouches-du-Rh\u00f4ne, le Sous-Pr\u00e9fet d'Istres, le  \ndirecteur d\u00e9partemental de la s\u00e9curit\u00e9 publique des Bouches-du-Rh\u00f4ne sont charg\u00e9s, chacun en ce  \nqui le concerne, de l'ex\u00e9cution du pr\u00e9sent arr\u00eat\u00e9 qui sera publi\u00e9 au recueil des actes administratifs.\nFait \u00e0 Marseille, le 29 OCTOBRE 2025\n              Pour le pr\u00e9fet,\nL'adjointe au chef de bureau\n                   SIGNE\nVirginie DUPOUY-RAVETLLAT\nPr\u00e9fecture des Bouches-du-Rhone - 13-2025-10-29-00027 - ARR\u00caT\u00c9 du 29 OCTOBRE 2025\nportant habilitation sous le n\u00b0 25-13-0574 du service public industriel et commercial d\u00e9nomm\u00e9 \u00ab\u00a0REGIE DES CREMATORIUMS\nMETROPOLITAINS\u00a0\u00bb  \npour la gestion et l'utilisation du \u00ab\u00a0CREMATORIUM DE MARTIGUES\u00a0\u00bb sis \u00e0 Martigues (13500)\n43\nSecr\u00e9tariat G\u00e9n\u00e9ral Commun 13\n13-2025-11-10-00002\nArr\u00eat\u00e9 d\u00e9classement Peypin AX-31\nSecr\u00e9tariat G\u00e9n\u00e9ral Commun 13 - 13-2025-11-10-00002 - Arr\u00eat\u00e9 d\u00e9classement Peypin AX-31 44\nPREFETDES BOUCHES-DU-RHONELibert \u00e9Egalit\u00e9Fraternit\u00e9\nSECRETARIAT GENERAL COMMUN\nService du patrimoine immobilier et de la logistique\nArr\u00eat\u00e9 portant d\u00e9classement du domaine public de la parcelle\ncadastr\u00e9e section AX N\u00b031 situ\u00e9e sur la commune de Peypin\nLe Pr\u00e9fet\nde la r\u00e9gion Provence-Alpes-C\u00f4te d'Azur \nPr\u00e9fet des Bouches-du-Rh\u00f4ne \nVu les articles L2141-1, L3111-1 et L3211-1 de la partie l\u00e9gislative du code g\u00e9n\u00e9ral de  \nla  propri\u00e9t\u00e9  des  personnes  publiques,  relatifs  au  principe  d'inali\u00e9nabilit\u00e9  des  \nbiens du domaine de l'\u00c9tat li\u00e9 \u00e0 leur appartenance au domaine public et \u00e0 leur af -\nfectation ;\nVu les articles R3211-1 et suivants de la partie r\u00e9glementaire du code g\u00e9n\u00e9ral de la  \npropri\u00e9t\u00e9  des  personnes  publiques,  relatifs  \u00e0  l'ali\u00e9nation  des  biens  du  domaine \npriv\u00e9 de l'\u00c9tat  ;\nConsid\u00e9rant que la parcelle cadastr\u00e9e pr\u00e9fixe section AX n\u00b0 31, situ\u00e9e  27 Avenue  \ndes Termes, 13124 Peypin f ait partie du domaine public  ;\nConsid\u00e9rant  que  le  d\u00e9classement  du  domaine  public  est  un  pr\u00e9alable  indispen-\nsable \u00e0 la cession \u00e0 une personne priv\u00e9e d'un immeuble par L'\u00c9tat propri\u00e9taire ;\nA R R E T E \nArticle 1      er      : est d\u00e9class\u00e9e la parcelle ci-dessus r\u00e9f\u00e9renc\u00e9e.\nArticle 2:    le secr\u00e9taire g\u00e9n\u00e9ral de la pr\u00e9fecture des Bouches-du-Rh\u00f4ne, est charg\u00e9  \nde l'ex\u00e9cution du pr\u00e9sent arr\u00eat\u00e9 dont copie sera adress\u00e9e \u00e0 la direction r\u00e9gionale  \ndes finances publiques \u2013 p\u00f4le r\u00e9gional de l'immobilier de l'\u00c9tat \u2013 p\u00f4le de gestion  \ndomaniale. Le pr\u00e9sent arr\u00eat\u00e9 sera publi\u00e9 au recueil des actes administratifs de la  \nPr\u00e9fecture des Bouches-du-Rh\u00f4ne.\nFait \u00e0 Marseille, le 4 novembre 2025\nPour le pr\u00e9fet\net par d\u00e9l\u00e9gation\nle secr\u00e9taire g\u00e9n\u00e9ral\nFr\u00e9d\u00e9ric POISOT\nSecr\u00e9tariat G\u00e9n\u00e9ral Commun 13 - 13-2025-11-10-00002 - Arr\u00eat\u00e9 d\u00e9classement Peypin AX-31 45\nSecr\u00e9tariat g\u00e9n\u00e9ral pour l'administration du\nminist\u00e8re de l'int\u00e9rieur\n13-2025-11-07-00054\nArr\u00eat\u00e9 du 10 novembre 2025 donnant d\u00e9l\u00e9gation\nd'ordonnancement secondaire\nSecr\u00e9tariat g\u00e9n\u00e9ral pour l'administration du minist\u00e8re de l'int\u00e9rieur - 13-2025-11-07-00054 - Arr\u00eat\u00e9 du 10 novembre 2025 donnant\nd\u00e9l\u00e9gation d'ordonnancement secondaire 46\n|PREFETDE LA ZONEDE D\u00c9FENSE |ET DE S\u00c9CURIT\u00c9SUDLibert\u00e9Egalit\u00e9Fraternit\u00e9\nSecr\u00e9tariat g\u00e9n\u00e9ral de la zone de d\u00e9fense et de s\u00e9curit\u00e9 Sud\nSecr\u00e9tariat g\u00e9n\u00e9ral pour l'administration\n du minist\u00e8re de l'Int\u00e9rieur Sud\nArr\u00eat\u00e9 du 10 novembre 2025 donnant d\u00e9l\u00e9gation d'ordonnancement secondaire\nLe secr\u00e9taire g\u00e9n\u00e9ral \nde la zone de d\u00e9fense et de s\u00e9curit\u00e9 Sud,\nVu la loi organique n\u00b02001-692 du 1er ao\u00fbt 2001 modifi\u00e9e relative aux lois de finances ;\nVu le code de la d\u00e9fense ;\nVu le code de la s\u00e9curit\u00e9 int\u00e9rieure ;\nVu le d\u00e9cret n\u00b02012-1151 du 15 octobre 2012 modifi\u00e9 relatif \u00e0 l'organisation et \u00e0 l'action des\nservices de l'\u00c9tat dans le d\u00e9partement des Bouches-du-Rh\u00f4ne ;\nVu le d\u00e9cret n\u00b02012-1246 du 7 novembre 2012 modifi\u00e9 relatif \u00e0 la gestion budg\u00e9taire et\ncomptable publique ;\nVu le d\u00e9cret n\u00b02014-296 du 6 mars 2014 relatif aux secr\u00e9tariats g\u00e9n\u00e9raux pour l'administration\ndu minist\u00e8re de l'Int\u00e9rieur et modifiant diverses dispositions du code de la d\u00e9fense et de la\ns\u00e9curit\u00e9 int\u00e9rieure ;\nVu le d\u00e9cret du 26 ao\u00fbt 2025 portant nomination de M. Romain DELMON, en qualit\u00e9 de\nsecr\u00e9taire g\u00e9n\u00e9ral de la zone de d\u00e9fense et de s\u00e9curit\u00e9 Sud aupr\u00e8s du pr\u00e9fet de la r\u00e9gion\nProvence-Alpes-C\u00f4te d'Azur, pr\u00e9fet de la zone de d\u00e9fense et de s\u00e9curit\u00e9 Sud, pr\u00e9fet des\nBouches-du-Rh\u00f4ne ;\nVu l'arr\u00eat\u00e9 interminist\u00e9riel du 8 d\u00e9cembre 1993 modifi\u00e9 portant r\u00e8glement de comptabilit\u00e9\npour la d\u00e9signation des ordonnateurs secondaires et de leurs d\u00e9l\u00e9gu\u00e9s ;\nVu l'arr\u00eat\u00e9 minist\u00e9riel du 6 mars 2014 portant organisation des secr\u00e9tariats g\u00e9n\u00e9raux pour\nl'administration du minist\u00e8re de l'Int\u00e9rieur ;\nVu  l'arr\u00eat\u00e9  minist\u00e9riel  du  16  mai  2023  portant  r\u00e9int\u00e9gration  de  Monsieur  David\nPREUD'HOMME en qualit\u00e9 de secr\u00e9taire g\u00e9n\u00e9ral adjoint pour l'administration du minist\u00e8re de\nl'Int\u00e9rieur Sud \u00e0 compter du 1er ao\u00fbt 2023 ;\nVu l'arr\u00eat\u00e9 pr\u00e9fectoral du 24 juillet 2014 portant organisation du secr\u00e9tariat g\u00e9n\u00e9ral pour\nl'administration du minist\u00e8re de l'Int\u00e9rieur (SGAMI) de la zone de d\u00e9fense et de s\u00e9curit\u00e9 Sud ;\nSecr\u00e9tariat g\u00e9n\u00e9ral pour l'administration du minist\u00e8re de l'int\u00e9rieur - 13-2025-11-07-00054 - Arr\u00eat\u00e9 du 10 novembre 2025 donnant\nd\u00e9l\u00e9gation d'ordonnancement secondaire 47\nVu l'arr\u00eat\u00e9 pr\u00e9fectoral du 10 novembre 2025 portant d\u00e9l\u00e9gation de signature au sein du\nsecr\u00e9tariat g\u00e9n\u00e9ral de la zone de d\u00e9fense et de s\u00e9curit\u00e9 Sud ;\nVu les d\u00e9l\u00e9gations de gestion pour l'ordonnancement secondaire des recettes et des d\u00e9 -\npenses de l'\u00c9tat imput\u00e9es sur les programmes  129,152, 161, 176, 207, 216, 303, 348, 349, 354,\n362, 363, 723, 780 ;\nSur proposition du secr\u00e9taire g\u00e9n\u00e9ral adjoint pour l'administration du minist\u00e8re de l'Int\u00e9rieur\nSud ; \nConsid\u00e9rant que la d\u00e9l\u00e9gation d'ordonnancement secondaire ne transmet pas au d\u00e9l\u00e9gataire\nla qualit\u00e9 d'ordonnateur ; \nConsid\u00e9rant que la responsabilit\u00e9 de l'ordonnateur reste donc au niveau du d\u00e9l\u00e9gant, ce qui\nengage  les  d\u00e9l\u00e9gataires  et  agents  autoris\u00e9s  \u00e0  exercer  les  missions  d'ordonnancement\nsecondaire \u00e0 la v\u00e9rification de l'habilitation \u00e0 signer de tous les actes qu'ils re\u00e7oivent en\ntraitement,\nA R R E T E\nArticle 1 portant sur les missions relevant du programme 176 police nationale, pour la zone\nde d\u00e9fense et de s\u00e9curit\u00e9 Sud :\nArticle  1-1  : Donne  d\u00e9l\u00e9gation  aux  agents  suivants  pour  r\u00e9aliser,  dans  CHORUS,  la\nprogrammation et le pilotage des cr\u00e9dits relevant du programme 176 : \n- BOP n\u00b0 7 \u2013 BOP zone de d\u00e9fense et de s\u00e9curit\u00e9 Sud en qualit\u00e9 de RBOP d\u00e9l\u00e9gu\u00e9 du 0176-\nDsud ;\n- BOP n\u00b0 1 \u2013 \u00ab  Commandement, soutien et logistique  \u00bb en qualit\u00e9 de RUO du centre financier\n0176-CCSC-DM13.\n\uf0b7 Monsieur  David  PREUD'HOMME,  secr\u00e9taire  g\u00e9n\u00e9ral  adjoint  pour  l'administration  du\nminist\u00e8re de l'Int\u00e9rieur Sud ;\n\uf0b7 Monsieur S\u00e9bastien TRUET, attach\u00e9 hors classe d'administration de l'\u00c9tat, directeur de\nl'administration g\u00e9n\u00e9rale et des finances ;\n\uf0b7 Monsieur  Fr\u00e9d\u00e9ric  BAILH\u00c9,  attach\u00e9  hors  classe  d'administration  de  l'\u00c9tat,  conseiller\nd'administration du minist\u00e8re de l'Int\u00e9rieur, directeur adjoint de l'administration g\u00e9n\u00e9rale\net des finances ;\n\uf0b7 Monsieur Jean-Pierre CARL\u00c9, attach\u00e9 hors classe d'administration de l'\u00c9tat, chef du bureau\ndu budget ;\n\uf0b7 Monsieur Laurent LUCZAK, attach\u00e9 d'administration de l'\u00c9tat, adjoint au chef du bureau du\nbudget ;\n\uf0b7 Madame Sylvie HOARAU, secr\u00e9taire administrative de classe normale, cheffe de la section\nprogramme 176 \u2013 BOP 7 ;\n\uf0b7 Major Eric BALZARINI, section programme 176 \u2013 BOP 7 ;\n\uf0b7 Madame Julie LUCAS, secr\u00e9taire administrative de classe normale, adjointe \u00e0 la cheffe de la\nsection programme 176 \u2013 BOP 7 ;\nSecr\u00e9tariat g\u00e9n\u00e9ral pour l'administration du minist\u00e8re de l'int\u00e9rieur - 13-2025-11-07-00054 - Arr\u00eat\u00e9 du 10 novembre 2025 donnant\nd\u00e9l\u00e9gation d'ordonnancement secondaire 48\n\uf0b7 Madame Liliane BROTO, secr\u00e9taire administrative de classe normale, cheffe de section\nprogramme 176 \u2013 BOP 1 ;\n\uf0b7 Madame  V\u00e9ronique  PELLERIN,  adjointe  administrative  principale  de  1\u00e8re  classe,\nprogramme 176 \u2013 BOP 7.\n\uf0b7 Madame Christelle HENRY, adjointe administrative principale de 2\u00e8me classe, programme\n176 \u2013 BOP 7 ;\n\uf0b7 Madame Hakima QUBRI, adjointe administrative principale de 2\u00e8me classe, programme 176\n\u2013 BOP 1 ;\n\uf0b7 Madame Justine BIET, adjointe administrative principale 2  classe, \u1d49 programme 176 \u2013 BOP 1 ;\n\uf0b7 Madame Ana\u00efs ROCH, adjointe administrative principale de 2\u00e8me classe, programme 176 \u2013\nBOP 7.\nArticle 1-2 : Donne d\u00e9l\u00e9gation aux agents suivants pour  exprimer les besoins relevant des cr\u00e9 -\ndits de fonctionnement engag\u00e9s sur le centre financier  0176-CCSC-DM13 qui leur ont \u00e9t\u00e9\nadress\u00e9s par les chefs de services d\u00fbment habilit\u00e9s, dans la limite des montants fix\u00e9s pour\nchacun d'eux, ainsi qu'\u00e0 constater et certifier le service fait :\nNOM Pr\u00e9nom NOM Pr\u00e9nom NOM Pr\u00e9nom\nABDECHCHAFI Marine AHMED Natacha ARNOLDY Florence\n AMIRATY V\u00e9ronique BALZARINI Eric BATIFOULIER Nicolas\nIVALDI M\u00e9lina BEURDELEY Henri BONIFAY Anthony\nBOUWE Lie BROTO Liliane CAMBON Marie-Ange\nCARACCI Jeremie CARL\u00c9 Jean-Pierre CARLI Catherine\nCOLLIGNON Genevi\u00e8ve COSTE St\u00e9phanie ESTEVE Micha\u00ebl\nFABIE Cyril GONZALEZ Fran\u00e7ois HENRY Christelle\nHOARAU Sylvie HEDHLI Amal  KADDOUCHE Sophie\nDE BRITO CARVALHOSO Laura (DR2A) ILLIANO Cl\u00e9mence LE BERRE-LACHAUX Sophie (Cezoc)\nLABARDE Jean-Pierre LATTARD Christophe  LUCAS Julie\nLUCZAK Laurent  LONGUETEAU Vanaraj MARTIN Andr\u00e9a\nMOUNIER Sandra NADEAU Sandrine ORPHELIN Audrey\n PASQUIER Vincent  PELLERIN V\u00e9ronique PERINI Jacques\n PRUNIER S\u00e9bastien QUBRI Hakima REYNIER B\u00e9atrice\nROCH Ana\u00ees RYCKELYNCK Virginie SAUGEZ Lo\u00efc\nSECCHI Nadia\nVALLICCIONI Caroline SAID A\u00efssatou\nBIET Justine BEDDAR Hocine DIXMIER Val\u00e9rie\nORICELLI Gabrielle\nSecr\u00e9tariat g\u00e9n\u00e9ral pour l'administration du minist\u00e8re de l'int\u00e9rieur - 13-2025-11-07-00054 - Arr\u00eat\u00e9 du 10 novembre 2025 donnant\nd\u00e9l\u00e9gation d'ordonnancement secondaire 49\nCette  proc\u00e9dure  d\u00e9mat\u00e9rialis\u00e9e  sera  effectu\u00e9e  sur  l'interface  informatique  CHORUS\nFormulaires et, le cas \u00e9ch\u00e9ant, sur des formulaires papiers.\nArticle 1-3 : Donne d\u00e9l\u00e9gation aux agents suivants pour effectuer le pilotage des cr\u00e9dits du\ncentre de co\u00fbt relevant du centre financier 0176-CCSC-CPFE et pour constater et certifier le\nservice fait :\n\uf0b7 Monsieur  S\u00e9bastien  TRUET,  attach\u00e9  hors  classe  d'administration  de  l'\u00c9tat,  directeur  de\nl'administration g\u00e9n\u00e9rale et des finances ;\n\uf0b7 Monsieur  Fr\u00e9d\u00e9ric  BAILH\u00c9,  attach\u00e9  hors  classe  d'administration  de  l'\u00c9tat,  conseiller\nd'administration du minist\u00e8re de l'Int\u00e9rieur, directeur adjoint de l'administration g\u00e9n\u00e9rale et\ndes finances ;\n\uf0b7 M.  Cyrille  CAMUGLI,  attach\u00e9  principal  d'administration  de  l'\u00c9tat,  chef  du  bureau  du\ncontentieux et du conseil juridique ;\n\uf0b7 Mme H\u00e9l\u00e8ne MARTINEZ, attach\u00e9e principale d'administration de l'\u00c9tat, adjointe au chef du\nbureau du contentieux et du conseil juridiques ;\n\uf0b7 Mme  Louise  ABASSI,  attach\u00e9e  d'administration  de  l'\u00c9tat,  cheffe  du  p\u00f4le  contentieux\nadministratif et conseil juridique ;\n\uf0b7 Mme  La\u00ebtitia  BEDNARZ,  secr\u00e9taire  administrative  de  classe  exceptionnelle,  cheffe  de  la\nsection indemnisation et recouvrement ;\n\uf0b7 Mme  Anne  BERNARD,  secr\u00e9taire  administrative  de  classe  normale,  cheffe  de  la  section\nprotection juridique.\nArticle 2  portant sur les missions  relevant du programme 216 conduite et pilotage des\npolitiques de l'int\u00e9rieur, pour la zone de d\u00e9fense et de s\u00e9curit\u00e9 Sud:\nArticle  2-1 :  Donne  d\u00e9l\u00e9gations  aux  agents  suivants  pour  r\u00e9aliser,  dans  CHORUS,  la\nprogrammation et le pilotage des cr\u00e9dits relevant du programme 216 \u00ab  Conduite et Pilotage\ndes Politiques de l'Int\u00e9rieur \u00bb RUO du centre financier 0216-CSGA-Dsud :\n\uf0b7 Monsieur David PREUD'HOMME, secr\u00e9taire g\u00e9n\u00e9ral adjoint pour l'administration du minist\u00e8re\nde l'Int\u00e9rieur Sud ;\n\uf0b7 Monsieur  S\u00e9bastien  TRUET,  attach\u00e9  hors  classe  d'administration  de  l'\u00c9tat,  directeur  de\nl'administration g\u00e9n\u00e9rale et des finances ;\n\uf0b7 Monsieur  Fr\u00e9d\u00e9ric  BAILH\u00c9,  attach\u00e9  hors  classe  d'administration  de  l'\u00c9tat,  conseiller\nd'administration du minist\u00e8re de l'Int\u00e9rieur, directeur adjoint de l'administration g\u00e9n\u00e9rale et\ndes finances ;\n\uf0b7 Monsieur Jean-Pierre CARL\u00c9, attach\u00e9 hors classe d'administration de l'\u00c9tat, chef du bureau du\nbudget ;\n\uf0b7 Monsieur Laurent LUCZAK, attach\u00e9 d'administration de l'\u00c9tat, adjoint au chef du bureau du\nbudget ;\n\uf0b7 Capitaine David CURATOLO, chef du p\u00f4le programme 216 et 303, bureau du budget  ;\n\uf0b7 Madame Anna-Dea PINNA, attach\u00e9e d'administration de l'\u00c9tat, adjointe au chef du p\u00f4le\nprogramme 216 et 303, bureau du budget ;\n\uf0b7 Madame Sonia ROUMANE, adjointe administrative principale de 1\u00e8re classe ;\n\uf0b7 Madame QUBRI Hakima, adjointe administrative principale de 2\u00e8me classe ;\n\uf0b7 Monsieur St\u00e9phane SANCHO, agent contractuel de cat\u00e9gorie B.\nSecr\u00e9tariat g\u00e9n\u00e9ral pour l'administration du minist\u00e8re de l'int\u00e9rieur - 13-2025-11-07-00054 - Arr\u00eat\u00e9 du 10 novembre 2025 donnant\nd\u00e9l\u00e9gation d'ordonnancement secondaire 50\nArticle 2-2  :  Donne d\u00e9l\u00e9gations aux agents suivants pou r exprimer les besoins relevant des\ncr\u00e9dits de fonctionnement du SGAMI Sud, sur le centre financier 0216-CSGA-DSud qui leur\nont \u00e9t\u00e9 adress\u00e9s par les chefs de services d\u00fbment habilit\u00e9s, dans la limite des montants fix\u00e9s\npour chacun d'eux, ainsi qu'\u00e0 constater et certifier le service fait :\nNOM Pr\u00e9nom NOM Pr\u00e9nom NOM Pr\u00e9nom\nABDECHCHAFI Marine AMARI Fadila AOURI Samia\nBAUMIER Marie-Odile PINNA Anna-Dea BEDDAR Hocine\nBONPAIN Patricia  BOUGUERN Najet SALLES David\nCARL\u00c9 Jean-Pierre CASELLA Marjorie CHAMBEU Laurence\nCOLLIGNON Genevi\u00e8ve CURATOLO David DE OLIVEIRA Val\u00e9rie\nDIXMIER Val\u00e9rie ESTEVE Michael FABIE Cyril\nGACQUER Jean-Philippe  GILLET Katy VALLICCIONI Caroline\nDE BRITO CARVALHOSO Laura (DR2A) FENECH Laetitia GUERRA Lysiane\nILLIANO Cl\u00e9mence QUBRI Hakima HEDHLI Amal\nISSAUTIER Laurent JULLIEN Corinne LATTARD Christophe\n LUCZAK Laurent MALECKI Jaroslaw MAZZOLO Carine\nMENUSIER St\u00e9phane MOUNIER Sandra NADEAU Sandrine\nMOSCATELLI Muriel DJAOU Halima HOANG Clarisse\nNOURI Anissa ORPHELIN Audrey PICAVET H\u00e9l\u00e8ne\nRAIBALDI Bernadette REGLIONI Jenifer ROUMANE Sonia\nSABATE-DUMONTEIL Karine SANCHO St\u00e9phane SAUGEZ Lo\u00efc\nSCHMERBER Bernadette SECCHI Nadia STOUVENEL Camille\nTAORMINA Alain LABARDE Jean-Pierre SAID A\u00efssatou\nVERDIER Patricia VERZENI Thierry ORICELLI Gabrielle\nZAKARIA Assaendi VIALARS Marion VICARI Eric\nCette proc\u00e9dure d\u00e9mat\u00e9rialis\u00e9e sera effectu\u00e9e sur l'interface informatique CHORUS Formu -\nlaires et, le cas \u00e9ch\u00e9ant, sur des formulaires papiers.\nArticle 2-3 : Donne d\u00e9l\u00e9gations aux agents suivants pou r effectuer le pilotage des cr\u00e9dits de\nl'UO contentieux police et gendarmerie, centre financier  : 0216-CAJC-Dsud et pour constater\net certifier le service fait :\n\uf0b7 Monsieur S\u00e9bastien TRUET, attach\u00e9 hors classe d'administration de l'\u00c9tat, directeur de\nl'administration g\u00e9n\u00e9rale et des finances ;\n\uf0b7 Monsieur  Fr\u00e9d\u00e9ric  BAILH\u00c9,  attach\u00e9  hors  classe  d'administration  de  l'\u00c9tat,  conseiller\nd'administration du minist\u00e8re de l'Int\u00e9rieur, directeur adjoint de l'administration g\u00e9n\u00e9rale\net des finances ;\n\uf0b7 M.  Cyrille  CAMUGLI,  attach\u00e9  principal  d'administration  de  l'\u00c9tat,  chef  du  bureau  du\ncontentieux et du conseil juridique ;\nSecr\u00e9tariat g\u00e9n\u00e9ral pour l'administration du minist\u00e8re de l'int\u00e9rieur - 13-2025-11-07-00054 - Arr\u00eat\u00e9 du 10 novembre 2025 donnant\nd\u00e9l\u00e9gation d'ordonnancement secondaire 51\n\uf0b7 Mme H\u00e9l\u00e8ne MARTINEZ, attach\u00e9e principale d'administration de l'\u00c9tat, adjointe au chef du\nbureau du contentieux et du conseil juridiques ;\n\uf0b7 Mme  Louise  ABASSI,  attach\u00e9e  d'administration  de  l'\u00c9tat,  cheffe  du  p\u00f4le  contentieux\nadministratif et conseil juridique ; \n\uf0b7 Mme La\u00ebtitia BEDNARZ, secr\u00e9taire administrative de classe exceptionnelle, cheffe de la \nsection indemnisation et recouvrement ;\n\uf0b7 Mme Anne BERNARD, secr\u00e9taire administrative de classe normale, cheffe de la section\nprotection juridique.\nArticle 2-4 : Donne d\u00e9l\u00e9gations aux agents suivants pour certifier le service fait concernant les\nfrais de mission et de formation engag\u00e9s par les personnels du SGAMI Sud dans le cadre du\nprogramme 216 :\n\uf0b7 Monsieur S\u00e9bastien TRUET, attach\u00e9 hors classe d'administration de l'\u00c9tat, directeur de l'admi-\nnistration g\u00e9n\u00e9rale et des finances ;\n\uf0b7 Monsieur Fr\u00e9d\u00e9ric BAILH\u00c9, attach\u00e9 hors classe d'administration de l'\u00c9tat, conseiller d'adminis-\ntration du minist\u00e8re de l'Int\u00e9rieur, directeur adjoint de l'administration g\u00e9n\u00e9rale et des fi -\nnances ;\n\uf0b7 Monsieur Jean-Pierre CARL\u00c9, attach\u00e9 hors classe d'administration de l'\u00c9tat, chef du bureau du\nbudget ;\n\uf0b7 Monsieur Laurent LUCZAK, attach\u00e9 d'administration de l'\u00c9tat, adjoint au chef du bureau du\nbudget ;\n\uf0b7 Madame Liliane BROTO, secr\u00e9taire administrative de classe normale, cheffe de section pro -\ngramme 176 \u2013 BOP 1 ;\n\uf0b7 Madame C\u00e9cile HAMOUDI, secr\u00e9taire administrative de classe normale, CHORUS DT ;\n\uf0b7 Madame C\u00e9cile FLORES, adjointe administrative principale seconde classe, CHORUS DT ;\n\uf0b7 Madame Karine SABATE-DUMONTEIL, conseiller d'administration de l'int\u00e9rieur et de l'outre-\nmer, d\u00e9l\u00e9gu\u00e9e territoriale de Toulouse. (\u00e0 compter du 1er septembre 2025) ;\n\uf0b7 Madame  Sandrine  TARROUX,  secr\u00e9taire  administratif,  d\u00e9l\u00e9gation  territoriale  de  Toulouse\ncheffe du p\u00f4le administration g\u00e9n\u00e9rale (\u00e0 compter du 1er septembre 2025) ; \n\uf0b7 Madame Carine MAZZOLO, d\u00e9l\u00e9gation territorial de Toulouse (\u00e0 compter du 1er septembre\n2025) . \nArticle 3 portant sur les missions relevant du programme 303 lutte contre l'immigration\nirr\u00e9guli\u00e8re, pour la zone de d\u00e9fense et de s\u00e9curit\u00e9 Sud :\nArticle  3-1  : Donne  d\u00e9l\u00e9gations  aux  agents  suivants  pour  effectuer,  dans  CHORUS, la\nprogrammation et le pilotage des cr\u00e9dits relatifs au fonctionnement des centres de r\u00e9tention\nadministrative relevant du centre financier 0303-CLII-DSud du programme 303:\n\uf0b7 Monsieur  S\u00e9bastien  TRUET,  attach\u00e9  hors  classe  d'administration  de  l'\u00c9tat,  directeur  de\nl'administration g\u00e9n\u00e9rale et des finances ;\n\uf0b7 Monsieur  Fr\u00e9d\u00e9ric  BAILH\u00c9,  attach\u00e9  hors  classe  d'administration  de  l'\u00c9tat,  conseiller\nd'administration du minist\u00e8re de l'Int\u00e9rieur, directeur adjoint de l'administration g\u00e9n\u00e9rale et\ndes finances ;\n\uf0b7 Monsieur Jean-Pierre CARL\u00c9, attach\u00e9 hors classe d'administration de l'\u00c9tat, chef du bureau du\nbudget ;\n\uf0b7 Monsieur Laurent LUCZAK, attach\u00e9 d'administration de l'\u00c9tat, adjoint au chef du bureau du\nbudget ;\nSecr\u00e9tariat g\u00e9n\u00e9ral pour l'administration du minist\u00e8re de l'int\u00e9rieur - 13-2025-11-07-00054 - Arr\u00eat\u00e9 du 10 novembre 2025 donnant\nd\u00e9l\u00e9gation d'ordonnancement secondaire 52\n\uf0b7 Capitaine David CURATOLO, chef du p\u00f4le programme 216 et 303, bureau du budget  ;\n\uf0b7 Madame Anna-Dea PINNA, attach\u00e9e d'administration de l'\u00c9tat, adjointe au chef de p\u00f4le du\nprogramme 216 et 303, bureau du budget ;\n\uf0b7 Madame \u00c9lodie BAROZZI, adjointe administrative principale de 2eclasse ;\n\uf0b7 Madame PATRICOLA Carole, secr\u00e9taire administrative principale de 2eclasse .\nArticle 3-2 :  Donne d\u00e9l\u00e9gations aux agents suivants pou r exprimer les besoins  relevant des\ncr\u00e9dits de fonctionnement du SGAMI Sud, sur le centre financier 0303-CLII-DSud qui leur ont\n\u00e9t\u00e9 adress\u00e9s par les chefs de services d\u00fbment habilit\u00e9s, dans la limite des montants fix\u00e9s pour\nchacun d'eux, ainsi qu'\u00e0 constater et certifier le service fait :\nNOM Pr\u00e9nom NOM Pr\u00e9nom NOM Pr\u00e9nom\nBAROZZI Elodie CARL\u00c9 Jean-Pierre CURATOLO David\nPINNA Anna-Dea LUCZAK Laurent PATRICOLA Carole\nArticle 4 portant sur les missions du centre de services partag\u00e9s CHORUS, pour la zone de\nd\u00e9fense et de s\u00e9curit\u00e9 Sud \u2013 MI 5PLTF013\nArticle 4-1 : Donne d\u00e9l\u00e9gations aux agents suivants pour proc\u00e9der \u00e0 l'ordonnancement secon-\ndaire des d\u00e9penses et des recettes de l'\u00c9tat imput\u00e9es sur les programmes 129,152, 161, 176,\n207, 216, 303, 348, 349, 354, 362, 363, 723, 780:\n\uf0b7 M. S\u00e9bastien TRUET, attach\u00e9 hors classe d'administration de l'\u00c9tat, directeur de l'adminis -\ntration g\u00e9n\u00e9rale et des finances ;\n\uf0b7 M. Fr\u00e9d\u00e9ric BAILH\u00c9, attach\u00e9 hors classe d'administration de l'\u00c9tat, directeur adjoint de\nl'administration g\u00e9n\u00e9rale et des finances ;\n\uf0b7 Mme Sylvie BERNARDINI, attach\u00e9e principale d'administration de l'\u00c9tat, cheffe du centre\nde services partag\u00e9s CHORUS ;\n\uf0b7 Mme Jeanine MAWIT, attach\u00e9e d'administration de l'\u00c9tat, adjointe \u00e0 la cheffe du centre de\nservices partag\u00e9s CHORUS ;\n\uf0b7 M. Micka\u00ebl TALLARICO, attach\u00e9 d'administration de l'\u00c9tat, chef du bureau de la perfor -\nmance financi\u00e8re du centre de services partag\u00e9s CHORUS ;\n\uf0b7 M. Aur\u00e9lien WAECHTER, attach\u00e9 principal d'administration de l'\u00c9tat, chef du bureau des\nd\u00e9penses courantes du centre de services partag\u00e9s CHORUS.\nArticle 4-2  : Donne d\u00e9l\u00e9gations aux agents  list\u00e9s dans  l'annexe 1  relevant du centre de ser -\nvices partag\u00e9s CHORUS, ainsi que du bureau du budget, aux fins d'ex\u00e9cution dans CHORUS\ndes d\u00e9cisions des services prescripteurs, et en particulier pour :\n\uf0d8 la saisie :\n\uf0b7 des engagements juridiques (gestionnaire des engagements juridiques- GEJ) ;\n\uf0b7 des demandes de paiement (gestionnaire des demandes de paiement-GDP) ;\n\uf0b7 des engagements de tiers (gestionnaire des engagements de tiers) ;\n\uf0b7 des recettes non fiscales (gestionnaire de recette) ;\n\uf0b7 de la comptabilit\u00e9 auxiliaire des immobilisations (gestionnaire des fiches d'immobilisa -\ntion) ;\n\uf0b7 de la certification du service fait (certificateur du service fait) ;\n\uf0d8 la validation :\n\uf0b7 des engagements juridiques (responsable des engagements juridiques-REJ) ;\nSecr\u00e9tariat g\u00e9n\u00e9ral pour l'administration du minist\u00e8re de l'int\u00e9rieur - 13-2025-11-07-00054 - Arr\u00eat\u00e9 du 10 novembre 2025 donnant\nd\u00e9l\u00e9gation d'ordonnancement secondaire 53\n\uf0b7 des demandes de paiement (responsable des demandes de paiement-RDP) ;\n\uf0b7 des engagements de tiers (responsable des engagements de tiers) ;\n\uf0b7 des recettes non fiscales (responsable de la recette) ;\n\uf0b7 de la comptabilit\u00e9 auxiliaire des immobilisations (responsable de la comptabilit\u00e9 auxiliaire\ndes immobilisations \u2013 RCAI).\nARTICLE  5  portant d\u00e9penses de personnel, de frais de changement de r\u00e9sidence et de frais\nm\u00e9dicaux.\n5-1 :  Donne d\u00e9l\u00e9gations aux agents suivants pour  proc\u00e9der \u00e0 l'ordonnancement secondaire\ndes d\u00e9penses de l'\u00c9tat et uniquement :\n\uf0b7 pour le minist\u00e8re 209, programmes 152, 216, 161, 176, 232 et 354,\n\uf0b7 pour le minist\u00e8re 245, programme 147,\n\uf0b7 pour le minist\u00e8re 250, programme 148,\n\uf0b7 en vue de la liquidation des d\u00e9penses de titre II hors PSOP et de la liquidation des\nfrais de changement de r\u00e9sidence : \n\uf0b7 Madame Nadia SECCHI, conseill\u00e8re d'administration du minist\u00e8re de l'In -\nt\u00e9rieur, directrice des ressources humaines,\n\uf0b7 Madame Sandrine GUINTI, attach\u00e9e principale d'administration de l'\u00c9tat,\ncheffe du p\u00f4le d'expertise et de services,\n\uf0b7 Madame  Marie-Christelle  TRISTANI,  attach\u00e9e  d'administration  de  l'\u00c9tat,\nadjointe \u00e0 la cheffe du p\u00f4le d'expertise et de services.\n\u00a0\n5-2  : Dans le cadre de la  pr\u00e9-liquidation des r\u00e9mun\u00e9rations  en mode gestion int\u00e9gr\u00e9e du\nsyst\u00e8me d'information RH, donne d\u00e9l\u00e9gations aux agents suivants pour  signer les certificats\nou pi\u00e8ces justificatives adress\u00e9s au comptable :\n\uf0b7 Madame  Nadia  SECCHI,  attach\u00e9e  principale  d'administration  de  l'\u00c9tat,  conseill\u00e8re\nd'administration du minist\u00e8re de l'Int\u00e9rieur, directrice des ressources humaines, \n\uf0b7 Madame Ad\u00e8le BOUFELDJA, attach\u00e9e d'administration de l'\u00c9tat, cheffe du bureau des\npersonnels administratifs, techniques et scientifiques concernant les policiers adjoints ;\n\uf0b7 Madame  Fanny  ARTERO,  attach\u00e9e  d'administration  de  l'\u00c9tat,  adjointe  \u00e0  la  cheffe  du\nbureau des personnels administratifs, techniques et scientifiques concernant les policiers\nadjoints ;\n\uf0b7 Monsieur Michel BOURELLY, attach\u00e9 principal d'administration de l'\u00c9tat, chef du bureau\ndes actifs\n\uf0b7 Madame Fabienne ROUCAIROL, attach\u00e9e principale d'administration de l'\u00c9tat, adjointe\nau  chef  du  bureau  des  actifs,  concernant  les  personnels  r\u00e9servistes  et  l'avantage\nsp\u00e9cifique d'anciennet\u00e9 ; \n\uf0b7 Madame Camille CHEVALLIER, attach\u00e9e d'administration de l'\u00c9tat, cheffe du bureau des\ncontractuels.\n5-3 : Donne d\u00e9l\u00e9gations aux agents suivants pour  r\u00e9aliser la programmation et le pilotage des\ncr\u00e9dits relatifs aux frais m\u00e9dicaux, ainsi qu'\u00e0 la constatation et la certification du service fait :\n\uf0b7 Madame  Nadia  SECCHI,  conseill\u00e8re  d'administration  du  minist\u00e8re  de  l'Int\u00e9rieur,\ndirectrice des ressources humaine, \n\uf0b7 Madame Isabelle FAU, attach\u00e9e principale d'administration de l'\u00c9tat, cheffe du bureau\ndes affaires m\u00e9dicales et sociales ;\nSecr\u00e9tariat g\u00e9n\u00e9ral pour l'administration du minist\u00e8re de l'int\u00e9rieur - 13-2025-11-07-00054 - Arr\u00eat\u00e9 du 10 novembre 2025 donnant\nd\u00e9l\u00e9gation d'ordonnancement secondaire 54\n\uf0b7 Monsieur  Jean-Laurent  GASPARD,  attach\u00e9  d'administration  de  l'\u00c9tat,  adjoint  \u00e0  la\ncheffe du bureau des affaires m\u00e9dicales et sociales.\n \n5-4 : Au titre de la d\u00e9l\u00e9gation territoriale de Toulouse, donne d\u00e9l\u00e9gations aux agents suivants\npour la constatation et certification du service fait des frais m\u00e9dicaux :\n\uf0b7 Madame  Nadia  SECCHI,  conseill\u00e8re  d'administration  du  minist\u00e8re  de  l'Int\u00e9rieur,\ndirectrice des ressources humaines, \n\uf0b7 Madame Isabelle PEREZ, attach\u00e9e d'administration de l'\u00c9tat, adjointe \u00e0 la cheffe du\nbureau des affaires sociales.\nARTICLE 6\nL'arr\u00eat\u00e9 du 31 octobre 2025 portant d\u00e9l\u00e9gation d'ordonnancement secondaire des recettes\net des d\u00e9penses imput\u00e9es sur le budget de l'\u00c9tat au titre des diff\u00e9rents programmes ex\u00e9cut\u00e9s\npar le SGAMI Sud et le Centre de Services Partag\u00e9s SGAMI Sud est abrog\u00e9.\nARTICLE 7\nLe secr\u00e9taire g\u00e9n\u00e9ral adjoint pour l'administration du minist\u00e8re de l'Int\u00e9rieur Sud est charg\u00e9\nde  l'ex\u00e9cution  du  pr\u00e9sent  arr\u00eat\u00e9  qui  sera  publi\u00e9  au  recueil  des  actes  administratifs  des\npr\u00e9fectures chefs-lieux des r\u00e9gions PACA, Occitanie et Corse.\nFait \u00e0 Marseille, \n Sign\u00e9\nRomain Delmon\nSecr\u00e9taire g\u00e9n\u00e9ral de la zone\nde d\u00e9fense et de s\u00e9curit\u00e9 Sud\nSecr\u00e9tariat g\u00e9n\u00e9ral pour l'administration du minist\u00e8re de l'int\u00e9rieur - 13-2025-11-07-00054 - Arr\u00eat\u00e9 du 10 novembre 2025 donnant\nd\u00e9l\u00e9gation d'ordonnancement secondaire 55\nAnnexe 1 :\nListe des agents habilit\u00e9s \u00e0 l'article 4-2 aux fins d'ex\u00e9cution dans CHORUS des d\u00e9cisions des services prescripteurs\nSAISIE VALIDATION\nNom Pr\u00e9nom GEJ GDP\nGestion-\nnaires des\nengage-\nment de\nTiers\nGes-\ntion-\nnaire\nde\nrecette\nGestion-\nnaire des\nfiches\nd'immo-\nbilisation\nCertifi-\ncateur\ndu ser-\nvice fait\nREJ RDP Responsable des enga-\ngement de Tiers\nRes-\npon-\nsable\nde la\nre-\ncette\nRCAI\nABEMBOU\n(jusqu'au \n31/10/2025)\nCatherine X X\nAPELIAN Josiane X X X X X X X\nBALZARINI Eric X\nBERNARDINI Sylvie X X X\nBOSC Alice X X X X X\nBOUDENAH\n(jusqu'au \n31/10/2025)\nCelia X X X X\nBOUET Marl\u00e8ne X X X X X X\nBRUNA Val\u00e9rie X X X\nBUADES Emilie X X\nCARACENA Laura X X X X X X X\nCASTELAIN\n(MATHIEUX) Elisabeth X X X X X X\nCAUSSAT Elsa X X X\nCELENTANO Anne X X X X X X\nCHAKRI Zaineb X X X X X\nCHAURIS Jos\u00e9e-Laure X X X X X X\nCOGNE Beno\u00eet X X X X X\nCORNEVIN V\u00e9ronique X X X X\nCOURCIER Coralie X X X\nDAL Sylvie X X X X X X X X\nDECKERT Lydie X X X X\nDEGEILH Isabelle X X X X\nDEKHIL Farida X X X X\nDEMMANE-\nDEBBIH Im\u00e8ne X X X X X\nDI-MARTINO Fabio X X X\nDINOT Anne-Marie X X X X X X X X\nDJERIBIE Ida X X X X X\nDOUNA Sandy X X X X X X\nED-DOUAZI Nassima X X X X X\nENGEL Nathalie X X X X X\nESCOUBET Romain X X X X X\nETIENNE \nGERMAN H\u00e9l\u00e8ne X X X X X X X X X\nFANISE Magali X X X X\nFATAN Amira X X X X\nFORTUNATO Joe X X X X X\nGABOURG Martiny X X X X X X X X X\nGACONIER Sylvie X X X X X X X\nGALIBERT Jean-Paul X X X X X X X X\nGALIBERT V\u00e9ronique X X X X X X\nSecr\u00e9tariat g\u00e9n\u00e9ral pour l'administration du minist\u00e8re de l'int\u00e9rieur - 13-2025-11-07-00054 - Arr\u00eat\u00e9 du 10 novembre 2025 donnant\nd\u00e9l\u00e9gation d'ordonnancement secondaire 56\nAnnexe 1 :\nListe des agents habilit\u00e9s \u00e0 l'article 4-2 aux fins d'ex\u00e9cution dans CHORUS des d\u00e9cisions des services prescripteurs\nSAISIE VALIDATION\nNom Pr\u00e9nom GEJ GDP\nGes-\ntion-\nnaires\ndes\nengage-\nment\nde Tiers\nGestion-\nnaire de\nrecette\nGestionnaire\ndes fiches\nd'immobilisa-\ntion\nCertifica-\nteur du\nservice fait\nREJ RDP Responsable des\nengagement de Tiers\nRes-\npon-\nsable\nde la\nrecette\nRCAI\nGANGAI Solange X X X X X X\nGARNIER Nathalie X X X X\nGELLIBERT Isabelle X X X X\nGRANDIN Cathe-\nrine X X X X X X X X X\nGRAZIANI Anthony X X X\nHASSANI Kahina X X X\nHERNAN-\nDEZ\nEmma-\nnuel X X X X X\nHNACIPAN Schulz X X X X X X X X X\nHULMANN Jessica X X X X\nIBERSIENE\n(COURTY) Soazig X X X X X X X X X X\nJEBALI Wafa X X X X X X\nKUNCEVI-\nCIUS Muriel X X X\nLUCETTE Lauranne X X X X X X\nLUCIANAZ Val\u00e9rie X X X\nMACRET Sophie X X X X X X\nMANCINO Gwendo-\nline X X X X\nMARQUOIN \nLAROUI Isabelle X X X X X X X X\nMARTIN Isabelle X X X X X\nMAS Morgane X X X X\nMATTEI Magali X X X X X\nMAWIT Jeanine X X X\nMEJRI Ibtisame X X X X X X\nMESNARD C\u00e9line X X X X\nMOHAMADI In\u00e8s X X X\nMONETA-\nBILLARDEL-\nLO\nC\u00e9cile X X X X\nNABEL Amar X X X X\nNABIL Rajae X X X X X X\nOULION Tony X X X X\nPALMERINI Alicia X X X X X X X X X\nPARODI\n(\u00e0 compter \ndu \n01/11/2025)\nSandra X X X X\nPASCAL Sarah X X X X\nPELUSO Virginie X X X X X X\nPERRIER Emilie X X X X X\nPEYRE Guilhem X X X X X X\nPLANTEL-\nIMBAULT Laura X X X X\nPRUD-\nHOMME Sandy X X X X X X X X\nRASOANA-\nRIVO Damien X X X X\nSecr\u00e9tariat g\u00e9n\u00e9ral pour l'administration du minist\u00e8re de l'int\u00e9rieur - 13-2025-11-07-00054 - Arr\u00eat\u00e9 du 10 novembre 2025 donnant\nd\u00e9l\u00e9gation d'ordonnancement secondaire 57\nAnnexe 1 :\nListe des agents habilit\u00e9s \u00e0 l'article 4-2 aux fins d'ex\u00e9cution dans CHORUS des d\u00e9cisions des services prescripteurs\nSAISIE VALIDATION\nNom Pr\u00e9nom GEJ GDP\nGes-\ntion-\nnaires\ndes\nengage-\nment\nde Tiers\nGes-\ntion-\nnaire\nde\nre-\ncette\nGestion-\nnaire des\nfiches\nd'immo-\nbilisation\nCertifica-\nteur du\nservice\nfait\nREJ RDP\nRespon-\nsable\ndes\nengage-\nment de\nTiers\nResponsable\nde la recette RCAI\nRENAULT C\u00e9line X X X X X X X X\nRIFFARD Elisabeth X X X X\nROBLES Ana\u00efs X X X X X\nROCH Monique X X X X X X\nROMANELLI Laurent X X X X X\nROSSELLO Christophe X X X X X\nRUGGIU Audrey X X X X\nRUGGIU Pierrette X X X X\nSABA Sonia X X X\nSALOMONE Fabien X X X\nSALVATI La\u00ebtitia X X X\nSAMII La\u00efla X X X X X\nSEHABA Sarah X X X X\nSERAFINO Nelya X X X X X\nSINTES Julie X X X\nTALLARICO Micka\u00ebl X X X X\nTAPON Melissa X X X X X X X\nTEROOATEA Raimere X X X X X X X\nVALLETTE Kimberley X X X X X\nVANNIER Ang\u00e9lique X X X X\nVILLECROZE Val\u00e9rie X X X X X X X X X\nWAECHTER Aur\u00e9lien X X X\nWRANKO-\nVICS Fouzia X X X X\nSecr\u00e9tariat g\u00e9n\u00e9ral pour l'administration du minist\u00e8re de l'int\u00e9rieur - 13-2025-11-07-00054 - Arr\u00eat\u00e9 du 10 novembre 2025 donnant\nd\u00e9l\u00e9gation d'ordonnancement secondaire 58\nSecr\u00e9tariat g\u00e9n\u00e9ral pour l'administration du\nminist\u00e8re de l'int\u00e9rieur\n13-2025-11-07-00053\nArr\u00eat\u00e9 du 10 novembre 2025 portant d\u00e9l\u00e9gation\nde signature au sein du secr\u00e9tariat g\u00e9n\u00e9ral de la\nzone de d\u00e9fense et de s\u00e9curit\u00e9 Sud\nSecr\u00e9tariat g\u00e9n\u00e9ral pour l'administration du minist\u00e8re de l'int\u00e9rieur - 13-2025-11-07-00053 - Arr\u00eat\u00e9 du 10 novembre 2025 portant\nd\u00e9l\u00e9gation de signature au sein du secr\u00e9tariat g\u00e9n\u00e9ral de la zone de d\u00e9fense et de s\u00e9curit\u00e9 Sud 59\nPREFETDE LA ZONEDE DEFENSE |ET DE SECURITESUDLibert\u00e9Egalit\u00e9Fraternit\u00e9\nSecr\u00e9tariat g\u00e9n\u00e9ral de la zone de d\u00e9fense et de s\u00e9curit\u00e9 Sud\nSecr\u00e9tariat g\u00e9n\u00e9ral pour l'administration\ndu minist\u00e8re de l'Int\u00e9rieur Sud\nArr\u00eat\u00e9 du 10 novembre 2025 portant d\u00e9l\u00e9gation de signature au sein du secr\u00e9tariat g\u00e9n\u00e9ral\nde la zone de d\u00e9fense et de s\u00e9curit\u00e9 Sud\nLe secr\u00e9taire g\u00e9n\u00e9ral de la zone de d\u00e9fense et de s\u00e9curit\u00e9 Sud,\nVu la loi organique n\u00b0 2001-692 du 1er ao\u00fbt 2001 modifi\u00e9e relative aux lois de finances ;\nVu le code de la d\u00e9fense ;\nVu le code de la s\u00e9curit\u00e9 Int\u00e9rieure, notamment articles R. 122-36 et R. 122-47 ;\nVu le code du sport ;\nVu le code de la sant\u00e9 publique ;\nVu le code g\u00e9n\u00e9ral des collectivit\u00e9s territoriales ;\nVu la loi n\u00b082-213 du 2 mars 1982 modifi\u00e9e relative aux droits et libert\u00e9s des communes,\ndes d\u00e9partements et des r\u00e9gions ;\nVu  la  loi  n\u00b02011-267  du  14  mars  2011  d'orientation  et  de  programmation  pour  la\nperformance  de  la  s\u00e9curit\u00e9  Int\u00e9rieure  modifi\u00e9e  pour  partie  par  le  code  de  s\u00e9curit\u00e9\nInt\u00e9rieure ;\nVu la loi de finances n\u00b0 2017-1837 du 30 d\u00e9cembre 2017 pour 2018 ; \nVu l'ordonnance n\u00b02012-351 du 12 mars 2012, relative \u00e0 la partie l\u00e9gislative du code de\ns\u00e9curit\u00e9 Int\u00e9rieure ; \nVu  le  d\u00e9cret  n\u00b086-442  du  14  mars  1986  relatif  \u00e0  la  d\u00e9signation  des  m\u00e9decins  agr\u00e9\u00e9s,\n\u00e0  l'organisation  des  conseils  m\u00e9dicaux,  aux  conditions  d'aptitude  physique  pour\nl'admission  aux  emplois  publics  et  au  r\u00e9gime  de  cong\u00e9s  de  maladie  des\nfonctionnaires ;\nVu  le  d\u00e9cret  n\u00b095-1197  du  6  novembre  1995  portant  d\u00e9concentration  en  mati\u00e8re  de\ngestion  des  personnels  de  la  police  nationale  modifi\u00e9  par  le  d\u00e9cret  n\u00b096-1141  du  24\nSecr\u00e9tariat g\u00e9n\u00e9ral pour l'administration du minist\u00e8re de l'int\u00e9rieur - 13-2025-11-07-00053 - Arr\u00eat\u00e9 du 10 novembre 2025 portant\nd\u00e9l\u00e9gation de signature au sein du secr\u00e9tariat g\u00e9n\u00e9ral de la zone de d\u00e9fense et de s\u00e9curit\u00e9 Sud 60\nd\u00e9cembre 1996 et par le d\u00e9cret n\u00b0 2005-1723 du 30 d\u00e9cembre 2005 ;\nVu le d\u00e9cret 2006-1780 du 23 d\u00e9cembre 2006 portant d\u00e9l\u00e9gation de pouvoir en mati\u00e8re de\nrecrutement et de gestion de certains personnels relevant du minist\u00e8re de l'Int\u00e9rieur ;\nVu le d\u00e9cret n\u00b097-1999 du 5 mars 1997 modifi\u00e9 relatif au remboursement de certaines\n        d\u00e9penses support\u00e9es par les forces de police et de gendarmerie ;\nVu le d\u00e9cret n\u00b02004-112 du 6 f\u00e9vrier 2004 relatif \u00e0 l'organisation des actions de l'\u00c9tat en\nmer ;\nVu  le  d\u00e9cret  n\u00b02004-374  du  29  avril  2004  modifi\u00e9  relatif  aux  pouvoirs  des  pr\u00e9fets,  \u00e0\nl'organisation et \u00e0 l'action des services de l'\u00c9tat dans les r\u00e9gions et les d\u00e9partements ;\nVu  le  d\u00e9cret  n\u00b0  2004-1339  du  7  d\u00e9cembre  2004  relatif  \u00e0  la  d\u00e9concentration  de  la\nrepr\u00e9sentation de l'\u00c9tat devant les tribunaux administratifs dans les litiges n\u00e9s de d\u00e9cisions\nprises par les pr\u00e9fets sous l'autorit\u00e9 desquels sont plac\u00e9s les SGAP ;\nVu le d\u00e9cret n\u00b02018-1075 du 03 d\u00e9cembre 2018 portant partie r\u00e9glementaire du code de la\ncommande publique ;\nVu le d\u00e9cret n\u00b02006-1780 du 23 d\u00e9cembre 2006 portant d\u00e9l\u00e9gation de pouvoir en mati\u00e8re\nde recrutement et de gestion de certains personnels relevant du minist\u00e8re de l'Int\u00e9rieur ;\nVu le d\u00e9cret n\u00b02009-1725 du 30 d\u00e9cembre 2009 modifiant certaines dispositions relatives\naux d\u00e9l\u00e9gations de pouvoir en mati\u00e8re de recrutement et de gestion de certains personnels\ndu minist\u00e8re de l'Int\u00e9rieur ;\nVu le d\u00e9cret n\u00b0 2010-224 du 4 mars 2010 relatif aux pouvoirs des pr\u00e9fets de zone de\nd\u00e9fense et de s\u00e9curit\u00e9 ;\nVu le d\u00e9cret n\u00b02012-1151 du 15 octobre 2012 relatif \u00e0 l'organisation et \u00e0 l'action des services\nde l'\u00c9tat dans le d\u00e9partement des Bouches-du-Rh\u00f4ne ;\nVu le d\u00e9cret n\u00b0 2012-1246 du 7 novembre 2012 relatif \u00e0 la gestion budg\u00e9taire et comptable\npublique ;\nVu  le  d\u00e9cret  n\u00b02014-296  du  6  mars  2014  relatif  aux  secr\u00e9tariats  g\u00e9n\u00e9raux  pour\nl'administration du minist\u00e8re de l'Int\u00e9rieur et modifiant diverses dispositions du code de la\nd\u00e9fense et de la s\u00e9curit\u00e9 Int\u00e9rieure ;\nVu le d\u00e9cret n\u00b0 2015-1625 du 10 d\u00e9cembre 2015 relatif \u00e0 la composition des zones de\nd\u00e9fense et de s\u00e9curit\u00e9, des r\u00e9gions de gendarmerie et des groupements de gendarmerie\nd\u00e9partementale ;\nVu  le  d\u00e9cret  n\u00b0  2016-1937  du  29  d\u00e9cembre  2016  portant  r\u00e9partition  des  cr\u00e9dits  et\nd\u00e9couverts autoris\u00e9s par la loi n\u00b0 2016-1917 pr\u00e9cit\u00e9e ;\nVu le d\u00e9cret du 9 janvier 2024 portant nomination de M. Arnaud VIEULES, coordonnateur\npour  la  s\u00e9curit\u00e9  aupr\u00e8s  des  pr\u00e9fets  de  Haute-Corse  et  de  Corse-du-Sud  et  charg\u00e9  de\nmission aupr\u00e8s du pr\u00e9fet de Corse, pr\u00e9fet de la Corse-du-Sud, et du pr\u00e9fet de la Haute-\nSecr\u00e9tariat g\u00e9n\u00e9ral pour l'administration du minist\u00e8re de l'int\u00e9rieur - 13-2025-11-07-00053 - Arr\u00eat\u00e9 du 10 novembre 2025 portant\nd\u00e9l\u00e9gation de signature au sein du secr\u00e9tariat g\u00e9n\u00e9ral de la zone de d\u00e9fense et de s\u00e9curit\u00e9 Sud 61\nCorse ;\nVu le d\u00e9cret du 26 ao\u00fbt 2025 portant nomination de M. Romain DELMON, en qualit\u00e9 de\nsecr\u00e9taire g\u00e9n\u00e9ral de la zone de d\u00e9fense et de s\u00e9curit\u00e9 Sud aupr\u00e8s du pr\u00e9fet de la r\u00e9gion\nProvence-Alpes-C\u00f4te d'Azur, pr\u00e9fet de la zone de d\u00e9fense et de s\u00e9curit\u00e9 Sud, pr\u00e9fet des\nBouches-du-Rh\u00f4ne ;\nVu le d\u00e9cret de la pr\u00e9sidence de la R\u00e9publique du 30 octobre 2025 portant cessation de\nfonctions et nomination \u00e0 la pr\u00e9sidence de la R\u00e9publique de M. Georges-Fran\u00e7ois LECLERC,\ndirecteur de cabinet ;\nVu l'arr\u00eat\u00e9 interminist\u00e9riel du 8 d\u00e9cembre 1993 modifi\u00e9 portant r\u00e8glement de comptabilit\u00e9\npour la d\u00e9signation des ordonnateurs secondaires et de leurs d\u00e9l\u00e9gu\u00e9s ;\nVu  l'arr\u00eat\u00e9  minist\u00e9riel  du  30  d\u00e9cembre  2005  portant  d\u00e9concentration  en  mati\u00e8re  de\ngestion des fonctionnaires actifs des services de la police nationale ;\nVu l'arr\u00eat\u00e9 minist\u00e9riel du 30 d\u00e9cembre 2005 modifi\u00e9 portant d\u00e9concentration en mati\u00e8re\nde gestion des fonctionnaires des corps administratifs, techniques et scientifiques de la\npolice nationale ;\nVu l'arr\u00eat\u00e9 minist\u00e9riel du 8 octobre 2009 instituant des commissions consultatives paritaires\ncomp\u00e9tentes \u00e0 l'\u00e9gard des adjoints de s\u00e9curit\u00e9 recrut\u00e9s en application de l'article 36 de la\nloi n\u00b0 95-73 du 21 janvier 1995 d'orientation et de programmation relative \u00e0 la s\u00e9curit\u00e9 ;\nVu l'arr\u00eat\u00e9 minist\u00e9riel du 30 d\u00e9cembre 2009 portant d\u00e9l\u00e9gation de pouvoir en mati\u00e8re de\nrecrutement et de gestion des personnels administratifs du minist\u00e8re de l'Int\u00e9rieur, de\nl'outre-mer et des collectivit\u00e9s territoriales ;\nVu l'arr\u00eat\u00e9 minist\u00e9riel du 30 d\u00e9cembre 2009 portant d\u00e9l\u00e9gation de pouvoir en mati\u00e8re de\nrecrutement et de gestion de certains personnels techniques et sp\u00e9cialis\u00e9s du minist\u00e8re de\nl'Int\u00e9rieur, de l'outre-mer et des collectivit\u00e9s territoriales ;\nVu l'arr\u00eat\u00e9 minist\u00e9riel du 6 mars 2014 portant organisation des secr\u00e9tariats g\u00e9n\u00e9raux pour\nl'administration du minist\u00e8re de l'Int\u00e9rieur ;\nVu l'arr\u00eat\u00e9 minist\u00e9riel du 26 janvier 2015 portant d\u00e9l\u00e9gation de pouvoir en mati\u00e8re de\nrecrutement et de gestion de certains ouvriers d'\u00c9tat du minist\u00e8re de l'Int\u00e9rieur ;\nVu l'arr\u00eat\u00e9 minist\u00e9riel du 26 janvier 2015 portant d\u00e9l\u00e9gation de pouvoir en mati\u00e8re de\nrecrutement et de gestion des personnels administratifs du minist\u00e8re de l'Int\u00e9rieur ;\nVu l'arr\u00eat\u00e9 minist\u00e9riel du 26 janvier 2015 portant d\u00e9l\u00e9gation de pouvoir en mati\u00e8re de\nrecrutement et de gestion de certains personnels techniques et sp\u00e9cialis\u00e9s du minist\u00e8re de\nl'Int\u00e9rieur ;\nVu  l'arr\u00eat\u00e9  minist\u00e9riel  du  27  janvier  2015  fixant  les  modalit\u00e9s  de  recrutement  et  de\nformation des adjoints de s\u00e9curit\u00e9 au titre du d\u00e9veloppement d'activit\u00e9 pour l'emploi des\njeunes ;\nSecr\u00e9tariat g\u00e9n\u00e9ral pour l'administration du minist\u00e8re de l'int\u00e9rieur - 13-2025-11-07-00053 - Arr\u00eat\u00e9 du 10 novembre 2025 portant\nd\u00e9l\u00e9gation de signature au sein du secr\u00e9tariat g\u00e9n\u00e9ral de la zone de d\u00e9fense et de s\u00e9curit\u00e9 Sud 62\nVu l'arr\u00eat\u00e9 minist\u00e9riel du 27 janvier 2015 modifiant l'arr\u00eat\u00e9 du 24 ao\u00fbt 2000 fixant les droits\net obligations des adjoints de s\u00e9curit\u00e9 recrut\u00e9s au titre du d\u00e9veloppement d'activit\u00e9 pour\nl'emploi des jeunes ;\nVu  l'arr\u00eat\u00e9  minist\u00e9riel  du  16  mai  2023  portant  r\u00e9int\u00e9gration  de  Monsieur  David\nPREUD'HOMME en qualit\u00e9 de secr\u00e9taire g\u00e9n\u00e9ral adjoint pour l'administration du minist\u00e8re\nde l'Int\u00e9rieur \u00e0 Marseille \u00e0 compter du 1er ao\u00fbt 2023.\nVu l'arr\u00eat\u00e9 du 18 juillet 2013 relatif \u00e0 l'organisation et aux attributions des \u00e9chelons de\ncommandement de la gendarmerie nationale en m\u00e9tropole ;\nVu l'arr\u00eat\u00e9 pr\u00e9fectoral du 24 juillet 2014 portant organisation du secr\u00e9tariat g\u00e9n\u00e9ral pour\nl'administration du minist\u00e8re de l'Int\u00e9rieur (SGAMI) de la zone de d\u00e9fense et de s\u00e9curit\u00e9\nSud ;\nVu l'arr\u00eat\u00e9 pr\u00e9fectoral du 20 avril 2017 portant cr\u00e9ation du centre zonal op\u00e9rationnel de\ncrise (CeZOC) ;\nVu la d\u00e9cision de la DGGN n\u00b051 917 du 16 juillet 2014 portant changement de rattachement\norganique des centres de soutien automobiles de la gendarmerie (CSAG) au sein de la\nr\u00e9gion de gendarmerie zone de d\u00e9fense et de s\u00e9curit\u00e9 Sud ;\nA R R E T E\nARTICLE 1 :\nEn cas d'absence ou d'emp\u00eachement de M.  Romain DELMON,  la  d\u00e9l\u00e9gation  de signature est\ndonn\u00e9e aux charg\u00e9s de  mission de la DPFM, Mme Ondine LE FUR,  ing\u00e9nieure divisionnaire de\nl'agriculture  et  de  l'environnement,  le  lieutenant-colonel  Michel  MAUFROY,  Mme  Sandrine\nCANAS, ing\u00e9nieure divisionnaire de l'agriculture et de l'environnement et M. Laurent FIAT,\ning\u00e9nieur en chef des ponts, des eaux et des for\u00eats, pour signer tous documents et pi\u00e8ces\ncomptables relevant de leurs attributions, \u00e0 l'exclusion des instructions g\u00e9n\u00e9rales, des d\u00e9cisions\n\u00e0  caract\u00e8re  r\u00e9glementaire  et  des  courriers  adress\u00e9s  aux  ministres,  aux  pr\u00e9fets  et  aux  \u00e9lus.\nD\u00e9l\u00e9gation  leur  est  \u00e9galement  donn\u00e9e  donner  pour  l'ordonnancement  secondaire  des\nd\u00e9penses  sur  la  ligne  budg\u00e9taire  149-26-04  centre  financier  0149-C001-DPFM. Pour  les\ndemandes  d'achat  et  de  subvention,  ainsi  que  pour  les  constatations  de  service  fait  dans\nChorus Formulaires, d\u00e9l\u00e9gation est donn\u00e9e  \u00e0 Mmes Ondine LE FUR et Sandrine CANAS pour la\nsaisie et la validation.\nARTICLE 2 :\nEn cas d'absence ou d'emp\u00eachement de M. Romain DELMON, de donner d\u00e9l\u00e9gation, pour ce\nqui concerne l'\u00e9tat-major interminist\u00e9riel de zone, \u00e0 l'inspecteur g\u00e9n\u00e9ral Jean-Yves NOISETTE,\nchef de l'\u00e9tat-major interminist\u00e9riel de la zone de d\u00e9fense et de s\u00e9curit\u00e9 Sud.\nSecr\u00e9tariat g\u00e9n\u00e9ral pour l'administration du minist\u00e8re de l'int\u00e9rieur - 13-2025-11-07-00053 - Arr\u00eat\u00e9 du 10 novembre 2025 portant\nd\u00e9l\u00e9gation de signature au sein du secr\u00e9tariat g\u00e9n\u00e9ral de la zone de d\u00e9fense et de s\u00e9curit\u00e9 Sud 63\nEn cas d'absence ou d'emp\u00eachement de l'inspecteur g\u00e9n\u00e9ral Jean-Yves NOISETTE, chef de\nl'\u00e9tat-major interminist\u00e9riel de la zone de d\u00e9fense et de s\u00e9curit\u00e9 Sud,  de donner d\u00e9l\u00e9gation au\nlieutenant-colonel Christophe RATINAUD, adjoint au chef de l'\u00c9tat-major interminist\u00e9riel de la\nzone de d\u00e9fense et de s\u00e9curit\u00e9 Sud.\nEn l'absence du chef de l' \u00c9tat-major et de son adjoint, de donner d\u00e9l\u00e9gation de signature au\nchef COZ de permanence sur les sujets op\u00e9rationnels suivants et d\u00e8s lors que l'urgence de la\nsituation l'impose :\n- les messages de commandement du COZ ;\n- les arr\u00eat\u00e9s de mesures de police administrative du plan zonal de gestion de trafic ;\n- les demandes de concours aux arm\u00e9es.\nARTICLE 3     :\nEn  cas  d'absence  ou  d'emp\u00eachement  de  M.  Romain  DELMON,  de  donner  d\u00e9l\u00e9gation  de\nsignature :\npour la gestion administrative et financi\u00e8re du Centre zonal Op\u00e9rationnel de Crise (CeZOC), et\npour l'engagement de d\u00e9penses n'exc\u00e9dant pas 5 000 \u20ac HT, \u00e0 :\n\u2013 Mme  Florence  ARNOLDY,  attach\u00e9e  d'administration  de  l'\u00c9tat  hors-classe,  directrice  de\ncabinet du CeZOC ;\n\u2013 Mme Sophie LE BERRE-LACHAUX, attach\u00e9e d'administration de l'\u00c9tat hors classe, directrice\nde cabinet adjointe du CeZOC.\nPour la signature des ordres de mission des personnels affect\u00e9s \u00e0 l'\u00c9tat-major interminist\u00e9riel de\nla zone de d\u00e9fense et de s\u00e9curit\u00e9 Sud, \u00e0 :\n\u2013 l'inspecteur g\u00e9n\u00e9ral Jean-Yves NOISETTE, chef de l'\u00c9tat-major interminist\u00e9riel de la zone de\nd\u00e9fense et de s\u00e9curit\u00e9 Sud,\n\u2013 au lieutenant-colonel Christophe RATINAUD, adjoint au chef de l'\u00c9tat-major interminist\u00e9riel\nde la zone de d\u00e9fense et de s\u00e9curit\u00e9 Sud.\nARTICLE 4     :  \nDe  donner  d\u00e9l\u00e9gation  \u00e0  M.  David  PREUD'HOMME,  secr\u00e9taire  g\u00e9n\u00e9ral  adjoint  pour\nl'administration du minist\u00e8re de l'Int\u00e9rieur de la zone de d\u00e9fense et de s\u00e9curit\u00e9 Sud, \u00e0 l'effet de\nsigner les actes relatifs \u00e0 la commande publique dans la limite de 500 000 \u20ac HT.\nEn cas d'absence ou d'emp\u00eachement de M. Romain DELMON, de donner d\u00e9l\u00e9gation \u00e0 M. David\nPREUD'HOMME, secr\u00e9taire g\u00e9n\u00e9ral adjoint pour l'administration du minist\u00e8re de l'Int\u00e9rieur de la\nzone de d\u00e9fense et de s\u00e9curit\u00e9 Sud, sauf pour l'\u00e9l\u00e9vation des conflits aupr\u00e8s du tribunal des\nconflits et pour les actes relatifs \u00e0 la commande publique pour lesquels la limite de 500  000 \u20ac\nHT pr\u00e9c\u00e9demment consentie reste d'application.\nDe  donner  d\u00e9l\u00e9gation  \u00e0  M.  David  PREUD'HOMME,  secr\u00e9taire  g\u00e9n\u00e9ral  adjoint  pour\nl'administration du minist\u00e8re de l'Int\u00e9rieur de la zone de d\u00e9fense et de s\u00e9curit\u00e9 Sud pour :\n\u2013 la gestion op\u00e9rationnelle d\u00e9concentr\u00e9e des forces mobiles de la zone de d\u00e9fense et de\ns\u00e9curit\u00e9 Sud conform\u00e9ment aux dispositions des articles R.122-10 et R.122-11 du code de la\ns\u00e9curit\u00e9 Int\u00e9rieure ;\nSecr\u00e9tariat g\u00e9n\u00e9ral pour l'administration du minist\u00e8re de l'int\u00e9rieur - 13-2025-11-07-00053 - Arr\u00eat\u00e9 du 10 novembre 2025 portant\nd\u00e9l\u00e9gation de signature au sein du secr\u00e9tariat g\u00e9n\u00e9ral de la zone de d\u00e9fense et de s\u00e9curit\u00e9 Sud 64\n\u2013 l'animation et la coordination des organismes zonaux relevant des comp\u00e9tences d\u00e9volues \u00e0\nl'\u00e9tat-major interminist\u00e9riel de zone (EMIZ), au centre zonal op\u00e9rationnel de crise (CeZOC) et\nau secr\u00e9tariat g\u00e9n\u00e9ral pour l'administration du minist\u00e8re de l'Int\u00e9rieur de la zone de d\u00e9fense et\nde s\u00e9curit\u00e9 sud (SGAMI).\nDe donner d\u00e9l\u00e9gation de signature \u00e0  M. David PREUD'HOMME, secr\u00e9taire g\u00e9n\u00e9ral adjoint pour\nl'administration du minist\u00e8re de l'Int\u00e9rieur de la zone de d\u00e9fense et de s\u00e9curit\u00e9 Sud,  \u00e0 l'effet de\nsigner les arr\u00eat\u00e9s, d\u00e9cisions, lettres et notes dans les mati\u00e8res \u00e9num\u00e9r\u00e9es ci-apr\u00e8s :\n\u2013 gestion  administrative  et  financi\u00e8re  des  personnels  de  la  police  nationale,  des  syst\u00e8mes\nd'information et de communication, des services techniques et des ouvriers d'\u00c9tat du minist\u00e8re\nde l'Int\u00e9rieur, des personnels administratifs affect\u00e9s en p\u00e9rim\u00e8tre police, des personnels de la\npolice scientifique ainsi que des personnels plac\u00e9s dans le dispositif de r\u00e9serve op\u00e9rationnelle ;\n\u2013 gestion  administrative  et  financi\u00e8re  des  personnels  civils  affect\u00e9s  dans  les  services\nd\u00e9concentr\u00e9s de la gendarmerie nationale de la zone de d\u00e9fense et de s\u00e9curit\u00e9 Sud ;\n\u2013 gestion  administrative  et  financi\u00e8re  des  personnels  civils  affect\u00e9s  dans  les  services\nd\u00e9concentr\u00e9s du SGAMI Sud ;\n\u2013 pr\u00e9-liquidation de la paie des personnels du minist\u00e8re de l'Int\u00e9rieur affect\u00e9s dans le ressort\nterritorial de la zone de d\u00e9fense et de s\u00e9curit\u00e9 Sud ;\n\u2013 organisation  et  fonctionnement  des  commissions  administratives  paritaires  comp\u00e9tentes\npour les agents relevant du corps d'encadrement et d'application, des agents sp\u00e9cialis\u00e9s de\npolice  technique  et  scientifique,  des  cat\u00e9gories  B  et  C  techniques,  au  sein  de  la  zone  de\nd\u00e9fense et de s\u00e9curit\u00e9 Sud ;\n\u2013 prise  des  sanctions  du  premier  groupe  pour  les  agents  relevant  des  corps  d'adjoint\nadministratif, de secr\u00e9taire administratif de l'Int\u00e9rieur et d'attach\u00e9 d'administration de l'\u00c9tat\naffect\u00e9s au SGAMI Sud et dans les services d\u00e9concentr\u00e9s de la police nationale au sein de la\nzone de d\u00e9fense et de s\u00e9curit\u00e9 Sud ;\n\u2013 prise des sanctions du premier groupe pour les agents relevant des corps d'adjoint technique\nde  l'Int\u00e9rieur,  de  contr\u00f4leur  des  services  techniques,  d'ing\u00e9nieur  des  services  techniques,\nd'agent SIC, de technicien SIC et d'ing\u00e9nieur SIC, affect\u00e9s au SGAMI Sud et dans les services\nd\u00e9concentr\u00e9s de la police nationale au sein de la zone de d\u00e9fense et de s\u00e9curit\u00e9 Sud ;\n\u2013  prise de l'ensemble des sanctions disciplinaires pour les policiers adjoints affect\u00e9s au sein de\nla zone de d\u00e9fense et s\u00e9curit\u00e9 Sud ; \n\u2013 prise de l'ensemble des sanctions pour les policiers r\u00e9servistes affect\u00e9s au sein de la zone de\nd\u00e9fense et de S\u00e9curit\u00e9 Sud ; \n\u2013 organisation et fonctionnement des commissions consultatives paritaires si\u00e9geant en conseil\nde discipline comp\u00e9tentes pour les contractuels recrut\u00e9s au niveau zonal en tant que policiers\nadjoints et cadets de la r\u00e9publique ;\n\u2013 organisation  et  fonctionnement  des  comit\u00e9s  m\u00e9dicaux  interd\u00e9partementaux  pour  les\nfonctionnaires de police actifs ;\n\u2013 organisation des dialogues sociaux d'avancement des ouvriers d'\u00c9tat ;\n\u2013 gestion  administrative,  financi\u00e8re,  du  fonctionnement  et  du  mat\u00e9riel  du  BOP  n\u00b07  du\nprogramme 176, de l'unit\u00e9 op\u00e9rationnelle (UO) 0216-CSGA-DSud et de l'UO 0176-CCSC-DM13 ;\n\u2013 recrutement et formation des personnels actifs de police, des personnels techniques ;\n scientifiques et contractuels du minist\u00e8re de l'Int\u00e9rieur dont notamment les policiers adjoints\net les cadets de la r\u00e9publique ;\nSecr\u00e9tariat g\u00e9n\u00e9ral pour l'administration du minist\u00e8re de l'int\u00e9rieur - 13-2025-11-07-00053 - Arr\u00eat\u00e9 du 10 novembre 2025 portant\nd\u00e9l\u00e9gation de signature au sein du secr\u00e9tariat g\u00e9n\u00e9ral de la zone de d\u00e9fense et de s\u00e9curit\u00e9 Sud 65\n\u2013 repr\u00e9sentation de l'\u00c9tat en mati\u00e8re contentieuse devant les juridictions administratives ;\n\u2013 protection juridique des personnels actifs, scientifiques, techniques et administratifs relevant\ndes services de la police nationale ; \n\u2013 protection juridique des personnels du SGAMI, hors instruction par la DLPAJ ;\n\u2013 r\u00e9paration des dommages accidentels, hors accident de la circulation impliquant un v\u00e9hicule\nadministratif ou tiers, ou r\u00e9sultant d'un accident de service et recouvrement des d\u00e9bours de\nl'\u00c9tat r\u00e9sultant d'accidents ou d'actes volontaires ;\n\u2013 institution, modification ou fermeture des r\u00e9gies d'avances et de recettes pour les services\nrelevant du SGAMI de la zone de d\u00e9fense et de s\u00e9curit\u00e9 Sud ainsi que la nomination et la\ncessation de fonction des r\u00e9gisseurs, des mandataires suppl\u00e9ants et des mandataires ;\n\u2013 pr\u00e9paration et conduite d'op\u00e9rations immobili\u00e8res de la police nationale et de la gendarmerie\nnationale et, \u00e0 la demande des pr\u00e9fets de d\u00e9partement de la zone de d\u00e9fense et de s\u00e9curit\u00e9\nSud, la gestion des op\u00e9rations immobili\u00e8res des autres services du minist\u00e8re de l'Int\u00e9rieur ;\n\u2013 en tant que repr\u00e9sentant du pouvoir adjudicateur les actes relatifs \u00e0 la commande publique\npass\u00e9s  pour  les  besoins  logistiques,  techniques  et  immobiliers  de  fonctionnement  et\nd'investissement de la zone de d\u00e9fense et de s\u00e9curit\u00e9 Sud ;\n\u2013 en mati\u00e8re financi\u00e8re et comptable  : les protocoles transactionnels, les mandats et ordres de\npaiement, les bordereaux d'\u00e9mission, les titres de recettes, les ordres de reversement et pi\u00e8ces\ncomptables de tous ordres, les formules rendant ex\u00e9cutoires les titres de perception \u00e9mis pour\nle  recouvrement  des  cr\u00e9ances  de  l'\u00c9tat,  \u00e9trang\u00e8res  \u00e0  l'imp\u00f4t  et  aux  domaines,  entrant\nnormalement dans les attributions du secr\u00e9tariat g\u00e9n\u00e9ral pour l'administration du minist\u00e8re de\nl'Int\u00e9rieur. Sont exclues de la d\u00e9l\u00e9gation, la r\u00e9quisition du comptable et la possibilit\u00e9 de passer\noutre le visa du contr\u00f4leur financier r\u00e9gional ;\n\u2013 les  arr\u00eat\u00e9s,  les  d\u00e9cisions,  les  pi\u00e8ces  comptables  (contrats,  bons  de  commande)  et  actes\nrelevant des attributions de la direction des syst\u00e8mes d'information et de communication, \u00e0\nl'exception des rapports aux ministres.\nARTICLE 5     :  \nEn cas d'absence ou d'emp\u00eachement de M. David PREUD'HOMME,  de donner d\u00e9l\u00e9gation de\nsignature, pour tous arr\u00eat\u00e9s, d\u00e9cisions, lettres et notes \u00e9tablis par la direction des ressources\nhumaines, ainsi que pour les documents administratifs et financiers d'un montant maximal de\n40 000 euros H T, pour les d\u00e9penses et les recettes relevant du hors titre 2,  \u00e0 Mme Nadia\nSECCHI, conseill\u00e8re d'administration de l'Int\u00e9rieur, directrice des ressources humaines ;\nPar  ailleurs,  en  cas  d'absence  ou  d'emp\u00eachement  de  Mme  Nadia  SECCHI,  de  donner\nd\u00e9l\u00e9gation,  dans  la  limite  de  leurs  attributions  respectives  (actes  et  d\u00e9cisions  courantes\nrelevant  de  la  gestion  financi\u00e8re  et  administrative  de  leurs  bureaux,  correspondances\ncourantes) \u00e0 :\n\u2013 Mme Caroline VALLICCIONI, attach\u00e9e principale d'administration de l'\u00c9tat, responsable du\npilotage et des affaires r\u00e9serv\u00e9es aupr\u00e8s de la DRH et de son adjoint(e) ;\n\u2013 M.  Michel  BOURELLY,  attach\u00e9  principal  d'administration  de  l'\u00c9tat,  chef  du  bureau  des\npersonnels actifs ;\n\u2013  Mme Fabienne ROUC AIROL, attach\u00e9e principale d'administration de l'\u00c9tat, adjointe au chef\ndu bureau des personnels actifs ;\n\u2013 M. Olivier COTE, attach\u00e9 d'administration de l'\u00c9tat, chef du bureau du recrutement ;\nSecr\u00e9tariat g\u00e9n\u00e9ral pour l'administration du minist\u00e8re de l'int\u00e9rieur - 13-2025-11-07-00053 - Arr\u00eat\u00e9 du 10 novembre 2025 portant\nd\u00e9l\u00e9gation de signature au sein du secr\u00e9tariat g\u00e9n\u00e9ral de la zone de d\u00e9fense et de s\u00e9curit\u00e9 Sud 66\n\u2013 Mme Zahra BETRAOUI, attach\u00e9e d'administration de l'\u00c9tat, adjointe au chef du recrutement\nde l'\u00c9tat ;\n\u2013 Mme  Sandrine  GUINTI,  attach\u00e9e  principale  d'administration  de  l'\u00c9tat,  cheffe  du  p\u00f4le\nd'expertise et de services ;\n\u2013 Mme Marie-C\u00e9line TRISTANI, attach\u00e9e d'administration de l'\u00c9tat, adjointe \u00e0 la cheffe du p\u00f4le\nd'expertise et de services ;\n\u2013 Mme  Camille  CHEVALLIER,  attach\u00e9e  d'administration  de  l'\u00c9tat,  cheffe  du  bureau  des\ncontractuels ;\n\u2013 Mme Ad\u00e8le BOUFELDJA, attach\u00e9e d'administration de l'\u00c9tat, cheffe du bureau des personnels\nadministratifs, techniques et scientifiques ;\n\u2013 Mme Fanny ARTERO, attach\u00e9e d'administration de l'\u00c9tat, adjointe \u00e0 la cheffe du bureau des\npersonnels administratifs, techniques et scientifiques ;\n\u2013 Mme  Catherine  ALBERGNE,  attach\u00e9e  d'administration  de  l'\u00c9tat,  cheffe  du  bureau  des\nressources humaines SGAMI ;\n\u2013 Mme Diane TARIZZO, attach\u00e9e d'administration de l'\u00c9tat, adjointe \u00e0 la cheffe de bureau des\nressources humaines SGAMI ; \n\u2013 Mme  Isabelle  FAU,  attach\u00e9e  principale  d'administration  de  l'\u00c9tat,  cheffe  du  bureau  des\naffaires m\u00e9dicales et sociales ;\n\u2013 M. Jean-Laurent GASPARD, attach\u00e9 d'administration de l'\u00c9tat, adjoint \u00e0 la cheffe du bureau\ndes affaires m\u00e9dicales et sociales ;\n\u2013 Mme  Marie-H\u00e9l\u00e8ne  BOURDIER,  attach\u00e9e  d'administration  de  l'\u00c9tat,  cheffe  du  p\u00f4le\nadministratif du service m\u00e9dical statutaire ; \n\u2013 Mme Natalie VILALTA, attach\u00e9e principale d'administration de l'\u00c9tat, cheffe du bureau des\npersonnels et du recrutement \u00e0 la d\u00e9l\u00e9gation territoriale de Toulouse ;\n\u2013 M. Cyril FURLAN, secr\u00e9taire administratif de classe normale, chef de section et adjoint \u00e0 la\ncheffe  du  bureau  des  personnels  actifs  et  du  recrutement  \u00e0  la  d\u00e9l\u00e9gation  territoriale  de\nToulouse ;\n\u2013 Mme  Marie-Laurence  MAXIMIN,  secr\u00e9taire  administrative  de  classe  sup\u00e9rieure,  cheffe  de\nsection  et  adjointe  \u00e0  la  cheffe  du  bureau  des  personnels  actifs  et  du  recrutement  \u00e0  la\nd\u00e9l\u00e9gation territoriale de Toulouse ;\n\u2013 Mme Isabelle PEREZ, attach\u00e9e d'administration de l'\u00c9tat, adjointe \u00e0 la cheffe du bureau des\naffaires sociales \u00e0 la d\u00e9l\u00e9gation territoriale de Toulouse.\nARTICLE 6     :  \n6.1 - De donner d\u00e9l\u00e9gation \u00e0 M. S\u00e9bastien TRUET, attach\u00e9 hors classe d'administration de l'\u00c9tat,\ndirecteur de l'administration g\u00e9n\u00e9rale et des finances \u00e0 l'effet de signer les actes relatifs \u00e0 la\ncommande publique dans la limite de 250 000 \u20ac HT et les d\u00e9clarations de sous-traitance.\nEn  cas  d'absence  ou  d'emp\u00eachement  de  M.  S\u00e9bastien  TRUET,  attach\u00e9  hors  classe\nd'administration de l'\u00c9tat, directeur de l'administration g\u00e9n\u00e9rale et des finances,  de donner\nd\u00e9l\u00e9gation  de signature  \u00e0 M. Fr\u00e9d\u00e9ric BAILHE, attach\u00e9 hors classe d'administration de l'\u00c9tat,\nconseiller d'administration de l'Int\u00e9rieur, directeur adjoint de l'administration g\u00e9n\u00e9rale et des\nfinances, pour signer les actes relatifs \u00e0 la commande publique dans la limite de 25 0 000 \u20ac HT\nSecr\u00e9tariat g\u00e9n\u00e9ral pour l'administration du minist\u00e8re de l'int\u00e9rieur - 13-2025-11-07-00053 - Arr\u00eat\u00e9 du 10 novembre 2025 portant\nd\u00e9l\u00e9gation de signature au sein du secr\u00e9tariat g\u00e9n\u00e9ral de la zone de d\u00e9fense et de s\u00e9curit\u00e9 Sud 67\net les d\u00e9clarations de sous-traitance.\nDe donner d\u00e9l\u00e9gation \u00e0 l'effet de signer les actes relatifs \u00e0 la commande publique dans la limite\nde 40 000 \u20ac HT \u00e0 :\n\u2013 M.  Jean-Pierre  CARL\u0116,  attach\u00e9  hors  classe  d'administration  de  l'\u00c9tat,  chef  du  bureau  du\nbudget ;\n\u2013 M. Laurent LUCZAK, attach\u00e9 d'administration de l'\u00c9tat, adjoint au chef du bureau du budget ;\n\u2013 M. David CURATOLO, capitaine OCTAGN, chef du p\u00f4le programmes 216 et 303, Bureau du\nBudget ;\n\u2013 Mme  Anna-Dea  PINNA,  attach\u00e9e  d'administration  de  l'\u00c9tat,  adjointe  au  chef  de  p\u00f4le\nprogramme 216 et 303, Bureau du Budget ;\n\u2013 Mme Muriel MOSCATELLI, attach\u00e9e d'administration de l'\u00c9tat, cheffe du bureau de l'appui au\npilotage ;\n\u2013 Mme Katy GILLET, secr\u00e9taire administrative de classe normale, adjointe \u00e0 la cheffe du bureau\nde l'appui au pilotage ; \n\u2013 Mme Sania BOUSOUKA, attach\u00e9e principale d'administration de l'\u00c9tat, cheffe du bureau de la\ncommande publique et des achats ;\n\u2013 Mme Zahia NASR, attach\u00e9e d'administration de l'\u00c9tat, adjointe \u00e0 la cheffe du bureau de la\ncommande publique et des achats, cheffe du p\u00f4le politique et performance des achats ;\nDe donner d\u00e9l\u00e9gation \u00e0 l'effet de signer les actes relatifs \u00e0 la commande publique dans la limite\nde 5 000 \u20ac HT \u00e0 :\n\u2013 Mme Sylvie HOARAU, secr\u00e9taire administrative de classe normale ;\n\u2013 Mme Liliane BROTO, secr\u00e9taire administrative de classe normale.\n6.2 - En cas d'absence ou d'emp\u00eachement de M. David PREUD'HOMME, de donner d\u00e9l\u00e9gation\nde signature \u00e0 M. S\u00e9bastien TRUET, attach\u00e9 hors classe d'administration de l'\u00c9tat, directeur de\nl'administration g\u00e9n\u00e9rale et des finances pour :\n\u2013 les documents financiers et administratifs \u00e9tablis par la direction de l'administration g\u00e9n\u00e9rale\net des finances, ainsi que l es arr\u00eat\u00e9s de concessions de logement au profit des personnels\nrelevant de la direction g\u00e9n\u00e9rale de la police nationale et les actes de location pass\u00e9s pour les\nbesoins des services de police relevant de son p\u00e9rim\u00e8tre (dans la limite de 250 000 \u20ac),\n\u2013 la repr\u00e9sentation de l'\u00c9tat en mati\u00e8re contentieuse devant les juridictions administratives,\n\u2013 la protection juridique des personnels de la police nationale et r\u00e9paration des pr\u00e9judices\ncaus\u00e9s \u00e0 ses agents lors de leurs missions ou du fait de leur qualit\u00e9,\n\u2013 la r\u00e9paration des dommages accidentels subis par les personnels et le recouvrement des\nd\u00e9bours de l'\u00c9tat r\u00e9sultant d'accidents ou d'actes volontaires.\nEn  cas  d 'absence  ou  d'emp\u00eachement  de  M.  S\u00e9bastien  TRUET,  attach\u00e9  hors  classe\nd'administration de l'\u00c9tat, directeur de l'administration g\u00e9n\u00e9rale et des finances,  de donner\nd\u00e9l\u00e9gation, dans la limite de leurs attributions respectives, \u00e0 :\n\u2013 M. Fr\u00e9d\u00e9ric BAILHE, attach\u00e9 hors classe d'administration de l'\u00c9tat,  conseiller d'administration\nde l'Int\u00e9rieur, directeur adjoint de l'administration g\u00e9n\u00e9rale et des finances ;\n\u2013 Mme Muriel MOSCATELLI, attach\u00e9e d'administration de l'\u00c9tat, cheffe du bureau de l'appui au\npilotage ;\n\u2013 Mme Katy GILLET, secr \u00e9taire administrative de classe normale, adjointe \u00e0 la cheffe du\nbureau de l'appui au pilotage ;\n\u2013  M.  Jean-Pierre  CARL\u0116,  attach\u00e9  hors  classe  d'administration  de  l'\u00c9tat,  chef  du  bureau  du\nSecr\u00e9tariat g\u00e9n\u00e9ral pour l'administration du minist\u00e8re de l'int\u00e9rieur - 13-2025-11-07-00053 - Arr\u00eat\u00e9 du 10 novembre 2025 portant\nd\u00e9l\u00e9gation de signature au sein du secr\u00e9tariat g\u00e9n\u00e9ral de la zone de d\u00e9fense et de s\u00e9curit\u00e9 Sud 68\nbudget ;\n\u2013 M. Laurent LUCZAK, attach\u00e9 d'administration de l'\u00c9tat, adjoint au chef du bureau du budget ;\n\u2013 Capitaine David CURATOLO, chef du p\u00f4le programmes 216 et 303, bureau du budget ;\n\u2013 Mme Sylvie BERNARDINI, attach\u00e9e principale d'administration de l'\u00c9tat, cheffe du centre de\nServices Partag\u00e9s ;\n\u2013 Mme Jeanine MAWIT , attach\u00e9e d'administration de l'\u00c9tat, adjointe \u00e0 la cheffe du centre de\nservices partag\u00e9s ;\n\u2013 M. Aur\u00e9lien WAECHTER, attach\u00e9 principal d'administration de l'\u00c9tat, chef du bureau des\nd\u00e9penses courantes (centre de services partag\u00e9s) ;\n\u2013 Mme MACRET Sophie , attach\u00e9e d'administration de l'\u00c9tat, adjointe au chef du bureau des\nd\u00e9penses courantes ;\n\u2013 M.  Cyrille  CAMUGLI,  attach\u00e9  principal  d'administration  de  l'\u00c9tat,  chef  du  bureau  du\ncontentieux et du conseil juridique ;\n\u2013 Mme H\u00e9l\u00e8ne MARTINEZ, attach\u00e9e principale d'administration de l'\u00c9tat, adjointe au chef du\nbureau  du  contentieux  et  du  conseil  juridique,  cheffe  du  p\u00f4le  protection  juridique,\nindemnisation et recouvrement ;\n\u2013\u00a0Mme  Louisa  ABASSI,  attach\u00e9e  d'administration  de  l'\u00c9tat,  cheffe  du  p\u00f4le  contentieux\nadministratif et conseil juridique ;\n\u2013 Mme  L\u00e6titia  BEDNARZ,  secr\u00e9taire  administrative  de  classe  exceptionnelle,  cheffe  de  la\nsection indemnisation et recouvrement ;\n\u2013 Mme  Anne  BERNARD,  secr\u00e9taire  administrative  de  classe  normale,  cheffe  de  la  section\nprotection juridique.\n8.3 -  De  donner d\u00e9l\u00e9gation  de  signature  aux  fins  de  signer  les  bons  de  transport  et\nd'h\u00e9bergement aux personnes suivantes  : M. S\u00e9bastien TRUET, M. Fr\u00e9d\u00e9ric BAILH\u00c9  , M. Jean-\nPierre CARLE,  M. Laurent LUCZAK,  Mme C\u00e9cile HAMOUDI, Mm e C \u00e9cile FLORES , Mme Liliane\nBROTO, Mme Karine SABATE-DUMONTEIL, Mme Sandra TARROUX, Mme Carine MAZZOLO, M.\nSt\u00e9phane MENUSIER.\nARTICLE 7     :  \n7.1 - D ans le cadre de l'ex\u00e9cution du programme 216, de donner d\u00e9l\u00e9gation de signature  aux\ngestionnaires budg\u00e9taires de l'UO SGAMI Sud et des centres de co\u00fbts qui la composent selon\nles groupes utilisateurs joints en  annexe 1 , afin de saisir les demandes d'achat dans Chorus\nFormulaires, de les valider le cas \u00e9ch\u00e9ant et de constater et certifier le service fait.\nDe donner autorisation aux agents de l'UO SGAMI Sud d\u00e9tenteurs d'une carte achat de niveau 1\net/ou de niveau 3 \u00e0 effectuer des commandes et \u00e0  constater et certifier  le service fait, en\nrespectant le plafond par achat qui lui est allou\u00e9, et selon la liste jointe en annexe 2.\nLe d\u00e9tenteur de la carte achat de niveau 1 n'est pas autoris\u00e9 \u00e0 :\n\uf0b7 r\u00e9aliser  des  achats  aupr\u00e8s  de  fournisseurs  titulaires  de  march\u00e9s  publics  en  dehors  des\nfournitures non pr\u00e9vues dans ces march\u00e9s ;\n\uf0b7 d\u00e9roger \u00e0 la r\u00e8gle des march\u00e9s publics, en achetant des fournitures ou services faisant l'objet\nd'un march\u00e9 \u00e0 un fournisseur autre que le titulaire du march\u00e9 (achat de fournitures de bureau\nen grande surface ou sur des sites commerciaux).\n7.2 - De donner d\u00e9l\u00e9gation pour effectuer le pilotage des cr\u00e9dits de l'UO contentieux police et\ngendarmerie, centre financier : 0216-CACJ-DSud, et pour signer les demandes de r\u00e8glement :\nSecr\u00e9tariat g\u00e9n\u00e9ral pour l'administration du minist\u00e8re de l'int\u00e9rieur - 13-2025-11-07-00053 - Arr\u00eat\u00e9 du 10 novembre 2025 portant\nd\u00e9l\u00e9gation de signature au sein du secr\u00e9tariat g\u00e9n\u00e9ral de la zone de d\u00e9fense et de s\u00e9curit\u00e9 Sud 69\n\u2022 \u00e0 M. David PREUD'HOMME,  secr\u00e9taire g\u00e9n\u00e9ral adjoint pour l'administration du minist\u00e8re d'\nl'Int\u00e9rieur, \u00e0 hauteur de 250 000 \u20ac ;\n\u2022 \u00e0  M.  S\u00e9bastien  TRUET,  attach\u00e9  hors  classe  d'administration  de  l'\u00c9tat,  directeur  de\nl'administration g\u00e9n\u00e9rale et des finances \u00e0 hauteur de 100 000 \u20ac ;\n\u2022 \u00e0  M.  Fr\u00e9d\u00e9ric  BAILHE,  attach\u00e9  hors  classe  d'administration  de  l'\u00c9tat,  conseiller\nd'administration  de  l'Int\u00e9rieur,  directeur  adjoint  de  l'administration  g\u00e9n\u00e9rale  et  des\nfinances, \u00e0 hauteur de 100 000 \u20ac ;\n\u2022 \u00e0 M. Cyrille CAMUGLI, attach\u00e9 d'administration de l'\u00c9tat, chef du bureau du contentieux et\ndu conseil juridique, jusqu'\u00e0 25 000\u20ac ;\n\u2022 \u00e0 Mme H\u00e9l\u00e8ne MARTINEZ, attach\u00e9e principale d'administration de l'\u00c9tat, adjointe au chef du\nbureau du contentieux et du conseil juridique, jusqu'\u00e0 25 000 \u20ac ;\n\u2022 \u00e0 Mme Louise ABASSI, attach\u00e9e d'administration de l'\u00c9tat, jusqu'\u00e0 10 000 \u20ac ;\n\u2022 \u00e0 Mme La\u00ebtitia BEDNARZ, secr\u00e9taire administrative de classe exceptionnelle, jusqu'\u00e0 1 500 \u20ac ;\n\u2022 \u00e0 Mme Anne BERNARD, secr\u00e9taire administrative de classe normale, jusqu'\u00e0 1 500 \u20ac.\nARTICLE 8     :  \nEn cas d'absence ou d'emp\u00eachement de M. David PREUD'HOMME,  de donner  d\u00e9l\u00e9gation de\nsignature  \u00e0 M. Redha DETAILLER-KHALED, ing\u00e9nieur en chef, directeur de l'immobilier, et en\ncas d'absence ou d'emp\u00eachement de ce dernier \u00e0 M. Gil ZANARDI, ing\u00e9nieur chef des services\ntechniques, directeur adjoint de l'immobilier  ; en cas d'absence ou d'emp\u00eachement simultan\u00e9s\nde  M.  Redha  DETAILLER-KHALED,  ing\u00e9nieur  chef  des  services  techniques,  directeur  de\nl'immobilier, de M. Gil ZANARDI, ing\u00e9nieur chef des services techniques , directeur adjoint de\nl'immobilier, de donner d\u00e9l\u00e9gation \u00e0 M. Fr\u00e9d\u00e9ric MAGNEN, ing\u00e9nieur des services techniques,\ncharg\u00e9 du pilotage technique transversal \u00e0 la direction de l'immobilier pour :\n\u2013 les  documents  administratifs  et  financiers  \u00e9tablis  par  la  direction  de  l'immobilier  et\nnotamment les arr\u00eat\u00e9s de concessions de logement au profit des personnels relevant de la\ndirection g\u00e9n\u00e9rale de la police nationale et les actes de location pass\u00e9s pour les besoins des\nservices de police ;\n\u2013 la passation et l'ex\u00e9cution des march\u00e9s publics immobiliers d'un montant inf\u00e9rieur \u00e0 100  000\n\u20ac HT et les avenants y aff\u00e9rents ;\n\u2013 la signature des actes relatifs \u00e0 l'ex\u00e9cution des march\u00e9s publics immobiliers lorsque ceux-ci ne\nmodifient pas les co\u00fbts pr\u00e9vus dans les pi\u00e8ces contractuelles  : ordres de service de d\u00e9marrage\ndes  travaux,  d\u00e9cisions  de  validation  de  phase  de  ma\u00eetrise  d'\u0153uvre,  avenants  ou  d\u00e9cisions\nmodificatives  sans  modification  de  co\u00fbts,  proc\u00e8s-verbaux  de  r\u00e9ception,  proc\u00e8s-verbaux  de\nlev\u00e9e  de  r\u00e9serve,  d\u00e9comptes  g\u00e9n\u00e9raux  d\u00e9finitifs  (DGD),  exemplaires  uniques  d\u00e9livr\u00e9s  aux\nentreprises  pour  cessions  de  cr\u00e9ances  ou  demandes  de  nantissement,  agr\u00e9ments  de  sous-\ntraitants.\nEn cas d'absence ou d'emp\u00eachement simultan\u00e9s de M. Redha DETAILLER-KHALED, directeur de\nl'immobilier, de M. Gil ZANARDI, directeur adjoint de l'immobilier, de donner d\u00e9l\u00e9gation, dans\nla limite de leurs attributions respectives et uniquement pour les march\u00e9s publics immobiliers\nd'un montant inf\u00e9rieur \u00e0 40 000 \u20ac HT \u00e0 :\n\u2013 M.  Fr\u00e9d\u00e9ric  MAGNEN,  ing\u00e9nieur  des  services  techniques,  charg\u00e9  du  pilotage  technique\ntransversal \u00e0 la direction de l'immobilier,\nSecr\u00e9tariat g\u00e9n\u00e9ral pour l'administration du minist\u00e8re de l'int\u00e9rieur - 13-2025-11-07-00053 - Arr\u00eat\u00e9 du 10 novembre 2025 portant\nd\u00e9l\u00e9gation de signature au sein du secr\u00e9tariat g\u00e9n\u00e9ral de la zone de d\u00e9fense et de s\u00e9curit\u00e9 Sud 70\n\u2013 M. Didier TRAVERSA, ing\u00e9nieur principal des services techniques, chef du bureau r\u00e9gional des\naffaires immobili\u00e8res PACA-Corse (jusqu'au 1er novembre 2025) ; \n\u2013 M. Zaher KHERBACHE, ing\u00e9nieur des services techniques, chef adjoint du bureau r\u00e9gional des\naffaires immobili\u00e8res PACA-Corse,\n\u2013 M.  Alain  FERR\u00c9,  ing\u00e9nieur  principal  des  services  techniques,  chef  du  bureau  r\u00e9gional  des\naffaires immobili\u00e8res Occitanie,\n\u2013 Mme  Marianne  STROH,  ing\u00e9nieure  des  services  techniques,  cheffe  adjointe  du  bureau\nr\u00e9gional des affaires immobili\u00e8res Occitanie.\nEn cas d'absence ou d'emp\u00eachement simultan\u00e9 de M. Redha DETAILLER-KHALED, directeur de\nl'immobilier, de M. Gil ZANARDI, directeur adjoint de l'immobilier, de donner d\u00e9l\u00e9gation \u00e0 Mme\nBernadette RAIBALDI , agent contractuel de cat\u00e9gorie A,  cheffe du bureau zonal des affaires\ng\u00e9n\u00e9rales  pour  les  domaines  relevant  de  son  activit\u00e9  au  sein  de  la  direction  de\nl'immobilier pour :\n\u2013 les  certificats  administratifs  n\u00e9cessaires  pour  le  traitement  de  l'ex\u00e9cution  financi\u00e8res  des\nmarch\u00e9s,\n\u2013 les exemplaires uniques d\u00e9livr\u00e9s aux entreprises pour cessions de cr\u00e9ances ou demandes de\nnantissement,\n\u2013 les autorisations d'absence pour les agents plac\u00e9s sous son autorit\u00e9,\n\u2013 les agr\u00e9ments des sous-traitants et les avenants sans incidence financi\u00e8re,\n\u2013 les d\u00e9comptes g\u00e9n\u00e9raux d\u00e9finitifs (DGD).\nEn cas d'absence ou d'emp\u00eachement de Mme Bernadette RAIBALDI, de donner d\u00e9l\u00e9gation \u00e0 M.\nEric  VICARI,  agent  contractuel  de  cat\u00e9gorie  A,  chef  adjoint  du  bureau  zonal  des  affaires\ng\u00e9n\u00e9rales. En cas d'absence ou d'emp\u00eachement simultan\u00e9s de Mme Bernadette RAIBALDI  et de\nM. Eric VICARI, de donner d\u00e9l\u00e9gation \u00e0 Mme Bernadette SCHMERBER, adjointe administrative\nprincipale de 1  classe, cheffe de p\u00f4le financier zonal.\u02b3\u1d49\nARTICLE 9     :  \nEn cas d'absence ou d'emp\u00eachement de M. David PREUD'HOMME, de donner d\u00e9l\u00e9gation, pour\nles documents administratifs et financiers \u00e9tablis par la direction de l'\u00e9quipement et de la\nlogistique et les march\u00e9s d'\u00e9quipement et de logistique d'un montant inf\u00e9rieur \u00e0 40 000 \u20ac HT et\nles  avenants  y  aff\u00e9rents,  \u00e0  la  lieutenante-colonelle  Malika  BENYETTOU,  directrice  de\nl'\u00e9quipement et de la logistique.\nEn  cas  d'absence  ou  d'emp\u00eachement  de  la  lieutenante-colonelle  Malika  BENYETTOU,  de\ndonner d\u00e9l\u00e9gation  \u00e0 M. Didier BOREL, ing\u00e9nieur en chef  des services techniques , directeur\nadjoint de l'\u00e9quipement et de la logistique.\nEn cas d'absence ou d'emp\u00eachement de  la l ieutenante-colonelle Malika BENYETTOU et  de M.\nDidier  BOREL, de  donner d\u00e9l\u00e9gation , dans  la  limite  de  leurs  attributions  respectives  et\nuniquement pour les march\u00e9s d'\u00e9quipement et de logistique inf\u00e9rieurs \u00e0 15 000  \u20ac HT, \u00e0 :\n\u2013 M. Christophe LATTARD, attach\u00e9 d'administration de l' \u00c9tat, chef du bureau administration\nfinances ;\n\u2013 Mme  Myriam  BOUTTEROUMA,  attach\u00e9e  principale  d'administration  de  l'\u00c9tat,  cheffe  du\nbureau zonal armement munitions et \u00e9quipements ; \nSecr\u00e9tariat g\u00e9n\u00e9ral pour l'administration du minist\u00e8re de l'int\u00e9rieur - 13-2025-11-07-00053 - Arr\u00eat\u00e9 du 10 novembre 2025 portant\nd\u00e9l\u00e9gation de signature au sein du secr\u00e9tariat g\u00e9n\u00e9ral de la zone de d\u00e9fense et de s\u00e9curit\u00e9 Sud 71\n\u2013 M. Thomas LAMADON, ing\u00e9nieur des services techniques, chef du bureau zonal des moyens\nmobiles et \u00e0 M. Nicolas CHARFE, ing\u00e9nieur des services techniques, adjoint du chef du bureau\nzonal des moyens mobiles ;\n\u2013 M. Bruno LAFAGE, attach\u00e9 principal d'administration de l'\u00c9tat, chef du bureau de l'armement,\ndes munitions et des \u00e9quipements sur le site de la direction de l'\u00e9quipement et de la logistique\n\u00e0 Colomiers ;\n\u2013 M. Thierry VERZENI, ing\u00e9nieur principal des services techniques, chef de l'antenne logistique\nde Montpellier et chef du service local automobile 34.\nEn cas d'absence ou d'emp\u00eachement de la lieutenante-colonelle Malika BENYETTOU, de M.\nDidier BOREL, de M. Christophe LATTARD, de Mme Myriam BOUTTEROUMA, de M. Thomas\nLAMADON, de donner d\u00e9l\u00e9gation de signature, dans le cadre exclusif des commandes relatives\n\u00e0 leurs attributions respectives et dans la limite de 3 000 \u20ac HT :\n\u2013 Pour le site de la direction de l'\u00e9quipement et de la logistique \u00e0 Marseille (13) \u00e0 Mme Sandrine\nNADEAU, M.  Bernard  DAMERY,  M.  Bertrand  DECLE,  M.  Pascal  COLLIGNON,  M.  Anthony\nDELBECQ,  Mme  Genevi\u00e8ve  COLLIGNON,  M.  Vanaraj  LONGUETEAU,  M.  Anthony  BONIFAY,\nMajor Olivier ROGE (CSAG) et    Major Emmanuel GUIBAL   ;\nPour le site de la direction de l'\u00e9quipement et de la logistique de FOS (13) \u00e0 M. Patrick DIAZ et\nMme Lydie MADDALENA ;\n\u2013 Pour le site de la direction de l'\u00e9quipement et de la logistique \u00e0 Nice (06), \u00e0 M. Julien LEMESLE,\nM.  Raymond  MONTALBANO,  M.  J\u00e9r\u00e9mie  CARRACI,  M.  Sandro  SCIACCA,  Mme  G\u00e9raldine\nPATARD, Major Michel LACANAL (CSAG) ;  \n\u2013 Pour le site de la direction de l'\u00e9quipement et de la logistique \u00e0 Toulouse (31), \u00e0 M. Nicolas\nGRIMAL, M. Fr\u00e9d\u00e9ric RICARD, Mme Marie-Ange CAMBON ;\n- Pour le site de la direction de l'\u00e9quipement et de la logistique \u00e0 Montpellier (34), \u00e0 M. Vincent\nPASCUITO, M. \u00c9ric PIERRE, au major Arnaud STERCQZ et \u00e0 M. Carlos LOURENCO ;\n\u2013 Pour le site de la direction de l'\u00e9quipement et de la logistique \u00e0 Perpignan (66), \u00e0 M. Jean-Luc\nDESBORDES, M. Emmanuel GUYET, l'adjudant-chef Eric MAXIME ;\n\u2013 Pour le site de la direction de l'\u00e9quipement et de la logistique \u00e0 Ajaccio (2A),  \u00e0  M. Pascal\nDREANO, M. Eric VACCA, M. Nicolas MANKO, M. Jacques PERINI , M. Fr\u00e9d\u00e9ric POLI et au major\nLionel MERCIER (CSAG) ;\n\u2013 Pour le site de la direction de l'\u00e9quipement et de la logistique \u00e0 Furiani (2B),  \u00e0 M. Pascal\nDREANO, M. S\u00e9bastien MARIANI,M. Damien BOUCHER et M. Thierry  ANZIANI ;\n\u2013 Pour le site de la direction de l'\u00e9quipement et de la logistique \u00e0 Borgo (2B), \u00e0  l'adjudant-chef\nEric PIQUEMAL et l'adjudant-chef St\u00e9phane TURPAIN ;\n\u2013 Pour  le  site  de  la  direction  de  l'\u00e9quipement  et  de  la  logistique  \u00e0  Digne-les-Bains  (04),  \u00e0\nl'adjudant-chef Florent BURILLIER et l'adjudant Beno\u00eet PREVERAUD ;\n\u2013 Pour  le  site  de  la  direction  de  l'\u00e9quipement  et  de  la  logistique  \u00e0  Gap  (05),  \u00e0  l'adjudant\nSt\u00e9phane PARDON et  l'adjudant Christophe REECHT ;\n\u2013 Pour  le  site  de  la  direction  de  l'\u00e9quipement  et  de  la  logistique  \u00e0  Hy\u00e8res  (83),  S\u00e9bastien\nFROGER et l'adjudant-chef Christophe COLIN ;\n\u2013 Pour le site de la direction de l'\u00e9quipement et de la logistique \u00e0 Orange (84), au major Thierry\nASTRAND ;\n\u2013 Pour le site de la direction de l'\u00e9quipement et de la logistique \u00e0 Carcassonne (11), au Major\nFrancis LENDROIT, \u00e0 l'adjudant-chef Philippe BARBAZA ;\n\u2013 Pour le site de la direction de l'\u00e9quipement et de la logistique \u00e0 N\u00eemes (30), au major Gilles\nMAJOREL et l'adjudant Lionel OUTIN ;\n\u2013 Pour le site de la direction de l'\u00e9quipement et de la logistique \u00e0 Mende (48), \u00e0 l'adjudant-chef\nSecr\u00e9tariat g\u00e9n\u00e9ral pour l'administration du minist\u00e8re de l'int\u00e9rieur - 13-2025-11-07-00053 - Arr\u00eat\u00e9 du 10 novembre 2025 portant\nd\u00e9l\u00e9gation de signature au sein du secr\u00e9tariat g\u00e9n\u00e9ral de la zone de d\u00e9fense et de s\u00e9curit\u00e9 Sud 72\nS\u00e9bastien BERTRAND et l'adjudant Eric HUGON ;\n\u2013 Pour le site de la direction de l'\u00e9quipement et de la logistique \u00e0 Foix (09), au major St\u00e9phane\nRUIZ et \u00e0 l'adjudant S\u00e9bastien VANDART ;\n\u2013 Pour le site de la direction de l'\u00e9quipement et de la logistique \u00e0 Rodez (12), \u00e0 l'adjudant-chef\nChristophe GAYRAUD et l'adjudant-chef Yvan CAZEAUX ;\n\u2013 Pour le site de la direction de l'\u00e9quipement et de la logistique \u00e0 Auch (32),  \u00e0 l'adjudant-chef\nFabrice DAVID et l'adjudant Micka\u00ebl RIOU ;\n\u2013 Pour le site de la direction de l'\u00e9quipement et de la logistique \u00e0 Cahors (46), \u00e0 l'adjudant-chef\nJo\u00ebl ODDOS ;\n\u2013 Pour le site de la direction de l'\u00e9quipement et de la logistique \u00e0 Tarbes (65), au major Jacques\nDA FONSECA et \u00e0 l'adjudant Fr\u00e9d\u00e9ric BAYAC ;\n\u2013 Pour  le  site  de  la  direction  de  l'\u00e9quipement  et  de  la  logistique  \u00e0  Albi  (81),  \u00e0 l'adjudant\nChristophe CARAYON et l'adjudant Fr\u00e9d\u00e9ric FREJAFOND ;\n\u2013 Pour le site de la direction de l'\u00e9quipement et de la logistique \u00e0 Montauban (82), \u00e0  l'adjudant-\nchef David ROSSI et l'adjudant Eric MONDY.\nARTICLE 10     :  \nEn cas d'absence ou d'emp\u00eachement de M. David PREUD'HOMME,  de donner  d\u00e9l\u00e9gation  de\nsignature \u00e0 M. Nicolas BOUTTE, ing\u00e9nieur SIC hors classe, directeur des syst\u00e8mes d'information\net de communication pour :\n\uf0b7 la passation et l'ex\u00e9cution des march\u00e9s publics SIC d'un montant inf\u00e9rieur \u00e0 40  000 \u20ac HT\net les avenants y aff\u00e9rents ;\n\uf0b7 la signature des actes relatifs \u00e0 l'ex\u00e9cution des march\u00e9s publics SIC lorsque ceux-ci ne\nmodifient ni les co\u00fbts ni les d\u00e9lais pr\u00e9vus dans les pi\u00e8ces contractuelles.\nEn cas d'absence et d'emp\u00eachement de M. Nicolas BOUTTE, ing\u00e9nieur SIC hors classe, directeur\ndes syst\u00e8mes d'information et de communication, de donner d\u00e9l\u00e9gation \u00e0 M. Fabrice BRACCI,\ning\u00e9nieur SIC hors classe, directeur adjoint des syst\u00e8mes d'information et de communication .\nEn cas d'absence et d'emp\u00eachement de M. Nicolas BOUTTE, de donner d\u00e9l\u00e9gation \u00e0 M. Jacques\nSARAMON, ing\u00e9nieur principal SIC, pour les actes de la d\u00e9l\u00e9gation territoriale de Toulouse\nrelevant du domaine de comp\u00e9tence fonctionnelle et territoriale de la direction des syst\u00e8mes\nd'information et de communication, et  \u00e0 M. Fabrice BRACCI, pour les actes des antennes\nlogistiques de Nice et de Montpellier  relevant du domaine de comp\u00e9tence fonctionnelle et\nterritoriale de la direction des syst\u00e8mes d'information et de communication.\nEn cas d'absence ou d'emp\u00eachement de M.  Nicolas BOUTTE ,  de donner  d\u00e9l\u00e9gation \u00e0  M. Cyr\nBUONO, ing\u00e9nieur principal SIC, dans les limites de ses attributions au sein de la direction des\nsyst\u00e8mes  d'information  et  de  communication  et  pour  l'engagement  de  d\u00e9penses  de\nfonctionnement de la DSIC n'exc\u00e9dant pas 5 000 \u20ac HT.\nARTICLE 11     :  \nEn cas d'absence ou d'emp\u00eachement de  M. David PREUD'HOMME,  de donner  d\u00e9l\u00e9gation  de\nsignature  pour  les  engagements  juridiques  des  d\u00e9penses  concernant  le  budget  propre  des\nd\u00e9l\u00e9gations territoriales, r\u00e9gionales et des antennes logistiques, dans la limite de 40 000 \u20ac par\nacte et \u00e0 l'exclusion des d\u00e9penses imput\u00e9es sur les lignes budg\u00e9taires EQ41 (habillement et\ntenues) et EQ32 (plateforme zonale d'\u00e9talonnage des cin\u00e9mom\u00e8tres) sur le centre de co\u00fbt de la\nd\u00e9l\u00e9gation territoriale de Toulouse :\nSecr\u00e9tariat g\u00e9n\u00e9ral pour l'administration du minist\u00e8re de l'int\u00e9rieur - 13-2025-11-07-00053 - Arr\u00eat\u00e9 du 10 novembre 2025 portant\nd\u00e9l\u00e9gation de signature au sein du secr\u00e9tariat g\u00e9n\u00e9ral de la zone de d\u00e9fense et de s\u00e9curit\u00e9 Sud 73\n\u2013 pour  ce  qui  concerne  la  d\u00e9l\u00e9gation  territoriale  de  Toulouse  \u00e0  Mme  Karine  SABATE-\nDUMONTEIL, conseill\u00e8re d'administration de l'Int\u00e9rieur, cheffe de la d\u00e9l\u00e9gation territoriale de\nToulouse ;\n\u2013 pour ce qui concerne la d\u00e9l\u00e9gation r\u00e9gionale d'Ajaccio  \u00e0 Mme Val\u00e9rie DIXMIER, attach\u00e9e\nd'administration de l'\u00c9tat, cheffe de la d\u00e9l\u00e9gation r\u00e9gionale de Corse ; et en son absence \u00e0 Mme\nAudrey  ORPHELIN,  secr\u00e9taire  administrative  de  classe  normale,  cheffe  du  service  local\nadministratif ;\n\u2013 pour ce qui concerne l'antenne de Nice \u00e0 M. Jean-Philippe GACQUER, ing\u00e9nieur des services\ntechniques, chef de l'antenne de Nice par int\u00e9rim ;\n\u2013 pour ce qui concerne l'antenne de Montpellier  \u00e0 M. Thierry VERZENI chef de l'antenne de\nMontpellier.\nEn leur qualit\u00e9 de chef d'\u00e9tablissement et de site, en tant que responsable de la s\u00e9curit\u00e9 des\npersonnes  et  des  biens  et  des  conditions  d'hygi\u00e8ne  et  de  s\u00e9curit\u00e9  au  travail,  de  donner\nd\u00e9l\u00e9gation de signature pour la gestion courante de l'\u00e9tablissement :\n\u2013 pour ce qui concerne le site de Sainte-Marthe \u00e0 M. David PREUD'HOMME, secr\u00e9taire g\u00e9n\u00e9ral\nadjoint pour l'administration du minist\u00e8re de l'Int\u00e9rieur de la zone de d\u00e9fense et de s\u00e9curit\u00e9\nSud ;\n\u2013 pour ce qui concerne le site de Noilly Prat,  \u00e0 la lieutenante-colonelle Malika BENYETTOU,\ndirectrice de l'\u00e9quipement et de la logistique ;\n\u2013 pour  ce  qui  concerne  le  site  d'Alphonse  Allais,  \u00e0  M.  S\u00e9bastien  TRUET,  directeur  de\nl'administration g\u00e9n\u00e9rale et des finances ; \n\u2013 pour  ce  qui  concerne  la  d\u00e9l\u00e9gation  territoriale  de  Toulouse,  \u00e0  Mme  Karine  SABATE-\nDUMONTEIL, cheffe de la d\u00e9l\u00e9gation territoriale de Toulouse ;\n\u2013 pour ce qui concerne la d\u00e9l\u00e9gation r\u00e9gionale d'Ajaccio,  \u00e0 Mme Val\u00e9rie DIXMIER, attach\u00e9e\nd'administration de l'\u00c9tat, cheffe de la d\u00e9l\u00e9gation r\u00e9gionale de Corse ; \n\u2013 pour ce qui concerne  l'antenne de Nice, \u00e0 M. Jean-Philippe GACQUER, ing\u00e9nieur des services\ntechniques, chef de l'antenne de Nice par int\u00e9rim ;\n\u2013 pour ce qui concerne l'antenne de Montpellier, \u00e0 M. Thierry VERZENI, chef de l'antenne de\nMontpellier.\nARTICLE 12     :  \nEn cas d'absence ou d'emp\u00eachement de M. David PREUD'HOMME,  de donner  d\u00e9l\u00e9gation  de\nsignature \u00e0 M. Fran\u00e7ois MICHEL, m\u00e9decin inspecteur zonal pour l'ensemble des documents\nadministratifs et financiers \u00e9tablis par les services m\u00e9dicaux statutaires de la zone de d\u00e9fense\net de s\u00e9curit\u00e9 Sud.\nEn son absence ou en cas d'emp\u00eachement, de donner d\u00e9l\u00e9gation :\n\u2013 \u00e0 M. Jean CECCALDI, m\u00e9decin inspecteur r\u00e9gional adjoint ;\n\u2013 \u00e0 Mme Anne MOUILLARD, cheffe du service m\u00e9dical statutaire et de contr\u00f4le de la d\u00e9l\u00e9gation\nterritoriale de Toulouse, pour les d\u00e9partements de l'Ari\u00e8ge, du Tarn, du Gers, de la Haute-\nGaronne, du Lot, des Hautes-Pyr\u00e9n\u00e9es, de l'Aveyron et du Tarn-et-Garonne ;\n\u2013 \u00e0 M. Paul MARCAGGI, m\u00e9decin inspecteur r\u00e9gional adjoint ; \n\u2013 \u00e0 M. Claude TRIAL, m\u00e9decin inspecteur r\u00e9gional adjoint.\nSecr\u00e9tariat g\u00e9n\u00e9ral pour l'administration du minist\u00e8re de l'int\u00e9rieur - 13-2025-11-07-00053 - Arr\u00eat\u00e9 du 10 novembre 2025 portant\nd\u00e9l\u00e9gation de signature au sein du secr\u00e9tariat g\u00e9n\u00e9ral de la zone de d\u00e9fense et de s\u00e9curit\u00e9 Sud 74\nARTICLE 13     :  \nEn cas d'absence ou d'emp\u00eachement de  M. David PREUD'HOMME, de donner d\u00e9l\u00e9gation, dans\nles  domaines  relevant  du  cabinet  du  SGAMI  \u00e0  Mme  Camille  STOUVENEL,  attach\u00e9e\nd'administration  de  l'\u00c9tat,  cheffe  de  cabinet,  pour  l'engagement  de  d\u00e9penses  de\nfonctionnement du cabinet n'exc\u00e9dant pas 10 000 \u20ac HT.\nEn cas d'absence ou d'emp\u00eachement de Mme Camille STOUVENEL, de donner d\u00e9l\u00e9gation, dans\nles  limites  de  ses  attributions  au  sein  du  cabinet  et  pour  l'engagement  de  d\u00e9penses  de\nfonctionnement du cabinet n'exc\u00e9dant pas 10 000 \u20ac HT, \u00e0 :\n\u2013 Mme Marjorie CASELLA, secr\u00e9taire administrative de classe sup\u00e9rieure, adjointe \u00e0 la cheffe du\nbureau des affaires g\u00e9n\u00e9rales.\nARTICLE 14     :  \nEn cas d'absence ou d'emp\u00eachement de M. David PREUD'HOMME,  de donner  d\u00e9l\u00e9gation  de\nsignature, pour  les  documents  administratifs  et  financiers  \u00e9tablis  par  les  services  actifs  de\ns\u00e9curit\u00e9 Int\u00e9rieure, \u00e0 M. Arnaud VIEULES, sous-pr\u00e9fet, coordonnateur pour la s\u00e9curit\u00e9 en Corse.\nEn  cas  d'absence  ou  d'emp\u00eachement  de  M.  Arnaud  VIEULES,  de  donner d\u00e9l\u00e9gation ,  \u00e0\nl'exception  des  arr\u00eat\u00e9s,  protocoles  transactionnels  \u00e9labor\u00e9s  dans  le  cadre  d'un  march\u00e9,\naccords-cadres et march\u00e9s , au c ommissaire divisionnaire Nicolas RODILLON, coordonnateur\nadjoint pour la s\u00e9curit\u00e9 en Corse.\nARTICLE 15     :  \nDans le cadre de l 'ex\u00e9cution du BOP \u00ab  Immigration et Asile \u00bb, programme 303, action 3, en cas\nd'absence ou d'emp\u00eachement de M. David PREUD'HOMME, de donner d\u00e9l\u00e9gation de signature\n\u00e0  M.  S\u00e9bastien  TRUET,  attach\u00e9  hors  classe  d'administration  de  l'\u00c9tat ,  directeur  de\nl'administration g\u00e9n\u00e9rale et des finances, afin de signer :\n\u2022 les actes juridiques concernant les d\u00e9penses de fonctionnement des locaux et centres de\nr\u00e9tentions inf\u00e9rieures \u00e0 250 000 \u20ac HT,\n\u2022 les  engagements  juridiques  pris  dans  le  cadre  d'un  march\u00e9  notifi\u00e9,  y  compris  les\ncommandes pass\u00e9es \u00e0 l'UGAP, dans la limite de 500 000 \u20ac HT.\nEn  cas  d'absence  de  M.  S\u00e9bastien  TRUET,  attach\u00e9  hors  classe  d'administration  de  l'\u00c9tat,\ndirecteur de l'administration g\u00e9n\u00e9rale et des finances, de donner d\u00e9l\u00e9gation \u00e0 :\n\u2013 M. Fr\u00e9d\u00e9ric BAILHE, attach\u00e9 hors classe d'administration de l'\u00c9tat,  conseiller d'administration\nde l'Int\u00e9rieur, directeur adjoint de l'administration g\u00e9n\u00e9rale et des finances ;\n\u2013 M.  Jean-Pierre  CARL\u0116,  attach\u00e9  hors  classe  d'administration  de  l'\u00c9tat,  chef  du  bureau  du\nbudget, dans la limite de 40 000 \u20ac HT ; \n\u2013 M.  Laurent  LUCZAK,  attach\u00e9  d'administration  de  l'\u00c9tat,  adjoint  au  chef  du  bureau  du\nbudget, dans la limite de 40 000 \u20ac HT ;\n\u2013 Capitaine David CURATOLO, chef du p\u00f4le programme 216 et 303, bureau du budget, dans la\nlimite de 40 000 \u20ac HT ; \n\u2013 Mme Anna-Dea PINNA, attach\u00e9e d'administration, adjointe au chef du p\u00f4le programme 216\net 303 bureau du budget, dans la limite de 40 000 \u20ac HT ;     \n\u2013 Mme Muriel MOSCATELLI, attach\u00e9e d'administration de l'\u00c9tat, cheffe du bureau de l'appui au\nSecr\u00e9tariat g\u00e9n\u00e9ral pour l'administration du minist\u00e8re de l'int\u00e9rieur - 13-2025-11-07-00053 - Arr\u00eat\u00e9 du 10 novembre 2025 portant\nd\u00e9l\u00e9gation de signature au sein du secr\u00e9tariat g\u00e9n\u00e9ral de la zone de d\u00e9fense et de s\u00e9curit\u00e9 Sud 75\npilotage, dans la limite de 40 000 \u20ac HT ;\n\u2013 Mme Katy GILLET, secr\u00e9taire administrative de classe normale, adjointe \u00e0 la cheffe de bureau\nde l'appui au pilotage, dans la limite de 40 000 \u20ac HT.\nARTICLE 16     :  \nL'arr\u00eat\u00e9 du 29 octobre 2025 portant organisation de la zone de d\u00e9fense et de s\u00e9curit\u00e9 Sud est\nabrog\u00e9.\nARTICLE 17 :\nLe secr\u00e9taire g\u00e9n\u00e9ral de la zone de d\u00e9fense et de s\u00e9curit\u00e9 Sud et le secr\u00e9taire g\u00e9n\u00e9ral  adjoint\npour l'administration du minist\u00e8re de l'Int\u00e9rieur sont charg\u00e9s, chacun en ce qui le concerne, de\nl'ex\u00e9cution du pr\u00e9sent arr\u00eat\u00e9, qui entrera en vigueur le 10 novembre 2025 et sera publi\u00e9 au\nrecueil des actes administratifs des pr\u00e9fectures chefs-lieux des r\u00e9gions Provence-Alpes-C\u00f4te\nd'Azur et Occitanie, ainsi que de la collectivit\u00e9 territoriale de Corse.                                            \n                                               \nFait \u00e0 Marseille\n Sign\u00e9\nRomain Delmon\nSecr\u00e9taire g\u00e9n\u00e9ral de la zone\nde d\u00e9fense et de s\u00e9curit\u00e9 Sud\nSecr\u00e9tariat g\u00e9n\u00e9ral pour l'administration du minist\u00e8re de l'int\u00e9rieur - 13-2025-11-07-00053 - Arr\u00eat\u00e9 du 10 novembre 2025 portant\nd\u00e9l\u00e9gation de signature au sein du secr\u00e9tariat g\u00e9n\u00e9ral de la zone de d\u00e9fense et de s\u00e9curit\u00e9 Sud 76\nAnnexe 1\nListe de gestionnaires/valideurs CHORUS FORMULAIRE\nUO 0216-CSGA-DSud - 0176-CCSC-DM13\nService Nom Pr\u00e9nom saisie validation\nDEL 34 ABDECHCHAFI MARINE O O\nDI AMARI FADILA O O\nDI AOURI SAMIA O O\nCeZOC ARNOLDY Florence O O\nDAGF BB BALZARINI ERIC O O\nDAGF BB BAROZZI \u00c9LODIE O O\nCAB BAUMIER MARIE-ODILE O O\nDEL BEDDAR HOCINE O\nCeZOC BELKADI RISLENE O\nDAGF BB BIET JUSTINE O O\nCAB BONICI EMMANUELLE O\nDAGF-BB BROTO LILIANE O O\nDI BONPAIN PATRICIA O O\nDSIC Toulouse BORDELONGUE JEAN-BERNARD O O\nDRT31 BOUAZZA DALILA O\nDI BOUGUERN NAJET O O\nDRT31 CAMBON MARIE-ANGE O O\nCAB CASELLA MARJORIE O O\nDEL COLLIGNON GENEVI\u00c8VE O O\nDAGF-BB CURATOLO DAVID O O\nCAB DARNIS MORGANE O\nDRT31 DE LLOBET MAGALI O O\nDSIC DE OLIVEIRA VALERIE O O\nSecr\u00e9tariat g\u00e9n\u00e9ral pour l'administration du minist\u00e8re de l'int\u00e9rieur - 13-2025-11-07-00053 - Arr\u00eat\u00e9 du 10 novembre 2025 portant\nd\u00e9l\u00e9gation de signature au sein du secr\u00e9tariat g\u00e9n\u00e9ral de la zone de d\u00e9fense et de s\u00e9curit\u00e9 Sud 77\nDAGF  BAP DI MEO L\u00c6TITIA O O\nDEL DORU ROLAND O O\nDSIC DJAOU HALIMA O O\nDRT34 ESTEVE MICHAEL O O\nDI FENECH L\u00c6TITIA O\nDAGF-BB HAMOUDI C\u00c9CILE O O\nDSIC HOANG CLARISSE O O\nDAGF-BB FLORES C\u00c9CILE O O\nDAGF-BB FREYBURGER GA\u00cbLLE O -\nDI GUERRA LYSIANE O\nDSIC ISSAUTIER LAURENT O O\nDI JULLIEN CORINNE O O\nANT06 LABARDE JEAN-PIERRE O O\nCeZOC LE BERRE-LACHAUX Sophie o o\nDI MALECKI JAROSLAW O O\nCEZOC MARTIN ANDREA O O\nDT31 MAZZOLO CARINE O O\nDT31 MENUSIER ST\u00c9PHANE O O\nDEL LONGUETEAU VANARAJ O O\nDRT MOUNIER SANDRA O\nDAGF BB NEUVILLE LAURENCE O O\nDAGF BB PINNA ANNA-DEA O O\nDAGF BB QUBRI HAKIMA O -\nDI REGLIONI JENNIFER O O\nDEL06 REVENGA MONIQUE O\nDAGF BB ROUMANE SONIA O O\nDRH SAUGEZ LO\u00cfC O O\nDRH VALLICCIONI CAROLINE O O\nSecr\u00e9tariat g\u00e9n\u00e9ral pour l'administration du minist\u00e8re de l'int\u00e9rieur - 13-2025-11-07-00053 - Arr\u00eat\u00e9 du 10 novembre 2025 portant\nd\u00e9l\u00e9gation de signature au sein du secr\u00e9tariat g\u00e9n\u00e9ral de la zone de d\u00e9fense et de s\u00e9curit\u00e9 Sud 78\nDI RAIBALDI BERNADETTE O O\nCAB SALLES DAVID O O\nDI SCHMERBER BERNADETTE O O\nDI SFREGOLA NOEL O\nDEL NADEAU SANDRINE O O\nPP VALLON MARIE-FLORE O\nDEL  et DT31 VIALARS MARION O O\nDAGF BB PATRICOLA CAROLE O O\nDAGF BB HOARAU SYLVIE O O\nDAGF BB LUCZAK LAURENT O O\nDEL 31 MAZZOLO CARINE O O\nDEL 31 MENUSIER STEPHANE O O\nDAGF-BB SANCHO ST\u00c9PHANE O O\nDI ZAKARIA ASSAENDI O O\nDR CORSE ORPHELIN AUDREY O O\nDR CORSE BAUWENS NATHALIE O O\nDR CORSE ORICELLI GABRIELLE O O\nDR CORSE DIXMIER VALERIE O O\nDI VICARI ERIC O O\nSecr\u00e9tariat g\u00e9n\u00e9ral pour l'administration du minist\u00e8re de l'int\u00e9rieur - 13-2025-11-07-00053 - Arr\u00eat\u00e9 du 10 novembre 2025 portant\nd\u00e9l\u00e9gation de signature au sein du secr\u00e9tariat g\u00e9n\u00e9ral de la zone de d\u00e9fense et de s\u00e9curit\u00e9 Sud 79\nAnnexe 2\nListe des porteurs de carte d'achats\nUO CCSC-DM13 P176 \nNOM TITULAIRE PR\u00c9NOM TITULAIRE\nMontant maximum par \ntransaction\nNiveau UO\nAHMED NATACHA 20 000 \u20ac 3 DEL MARSEILLE\nALEJANDRO CHRISTINE 500 \u20ac 1 et 1 bis CMC\nAMIRATY V\u00c9RONIQUE 20 000 \u20ac 1 et 1 bis PP13\nANZIANI THIERRY 500 \u20ac 3 SGAMI DEL FURIANI\nARNOLDY FLORENCE 2 000 \u20ac 1 et 3 CEZOC\nASTOIN CHRISTOPHE  2 000 \u20ac 1 et 3 PP13\nBARASCUT ELIE 20 000 \u20ac 3 DEL MONTPELLIER\nBATIFOULIER NICOLAS 12 000 \u20ac 3 SGAMI Sud/DEL/BMM/SLA 06\nBONIFAY ANTHONY 10 000 \u20ac 3 DEL\nBOUWE LIE 10 000 \u20ac 3 DEL MARSEILLE\nCAMBON MARIE-ANGE 8 000 \u20ac 3 DEL\nCHAKRI HICHAM 2 000 \u20ac 1 et 1 bis PP13\nCOLLIGNON PASCAL 2 000 \u20ac 1 bis DEL MARSEILLE\nCOURNAC NICOLAS 2 000 \u20ac 1bis DEL\nCOUTURIER ROBERT 2 000 \u20ac 1bis et 3 DEL MONTPELLIER\nDELBECQ ANTHONY 2 000 \u20ac 1 bis DEL MARSEILLE\nDELMON Romain 2 000\u20ac 1 CeZOC\nDENIS CHRISTIAN 2 000 \u20ac 1 bis DEL AJACCIO\nDESBORDES JEAN-LUC 20 000 \u20ac 3 DEL PERPIGNAN\nDIAZ PATRICK 20 000 \u20ac 1 bis et  3 DEL MARSEILLE\nDITNAN KEVIN 10 000 \u20ac 3 DEL COLOMIERS\nFLORO JEAN-CHRISTOPHE 20 000 \u20ac 1  et 3 DEL MARSEILLE\nFONTAINE S\u00c9BASTIEN 20 000 \u20ac 3 DEL MARSEILLE\nFOURC S\u00c9BASTIEN 2 000 \u20ac 3 SLA 66\nGANGAI MICHEL 12 000 \u20ac 3 DEL MARSEILLE\nGAROFALO CHRISTOPHE 20 000 \u20ac 3 DEL MONTPELLIER\nSecr\u00e9tariat g\u00e9n\u00e9ral pour l'administration du minist\u00e8re de l'int\u00e9rieur - 13-2025-11-07-00053 - Arr\u00eat\u00e9 du 10 novembre 2025 portant\nd\u00e9l\u00e9gation de signature au sein du secr\u00e9tariat g\u00e9n\u00e9ral de la zone de d\u00e9fense et de s\u00e9curit\u00e9 Sud 80\nGRAL GR\u00c9GORY 10 000 \u20ac 3 ANTENNE DE NICE\nGUEZELLO LAURA 2 000\u20ac 1 et 3 Pref2A CSC\nGUILHOU CORINE 2 000 \u20ac 1bis et 3 SGAMI Sud / DEL/ BZMM/ PAZ\nGUILLOT LAURENT 20 000 \u20ac 3 DEL MONTPELLIER\nGUYET EMMANUEL 10 000 \u20ac 3 DEL\nISONI JO\u00cbL 10 000 \u20ac 3\nSGAMI DR2A MAGASIN \nAUTOMOBILE\nKRUMB JEAN-PIERRE 20 000 \u20ac 3 DEL COLOMIERS\nLONGUETEAU VANARAJ 2 000 \u20ac 1 bis\nSGAMI Sud / DEL/ BZMM/ PAZ/ \nMAGASIN\nMADDALENA LYDIE 5 000 \u20ac 3 DEL MARSEILLE\nMARIANI S\u00c9BASTIEN 10 000 \u20ac 3 SGAMI DEL FURIANI\nMEHADJI FARID 500 \u20ac 3 CMC\nNOISETTE JEAN-YVES 2 000 \u20ac 1 CEZOC\nPASCUITO VINCENT 20 000 \u20ac 3 SGAMI Sud DEL ANTENNE 34\nPERINI JACQUES 10 000 \u20ac 1 SGAMI Sud DEL BMM\nPIERRE ERIC 20 000 \u20ac 3 DEL MONTPELLIER\nPOLI FR\u00c9D\u00c9RIC 10 000 \u20ac 3 SGAMI DR2A MAGASIN AUTO\nPOREZ JEAN-MICHEL 1 000 \u20ac 1 BOP 1\nPRUNIER S\u00c9BASTIEN 20 000 \u20ac 3 DEL\nRODILLON NICOLAS 2 000 \u20ac 3 PREF2A CSC\nSAUGEZ LO\u00cfC 2 000 \u20ac 3 DRH\nSCIACCA SANDRO 1 200 \u20ac 3 DEL NICE\nSPADOLA LORENZO 15 000 \u20ac 3 Pr\u00e9fecture de police\nSUSINI PASCAL 10000 \u20ac 3 DEL\nVIEULES ARNAUD 2 000\u20ac 1 SGAMI DR2A\nVINEL NICOLAS 20 000 \u20ac 3 DEL COLOMIERS\nSecr\u00e9tariat g\u00e9n\u00e9ral pour l'administration du minist\u00e8re de l'int\u00e9rieur - 13-2025-11-07-00053 - Arr\u00eat\u00e9 du 10 novembre 2025 portant\nd\u00e9l\u00e9gation de signature au sein du secr\u00e9tariat g\u00e9n\u00e9ral de la zone de d\u00e9fense et de s\u00e9curit\u00e9 Sud 81\nListe des d\u00e9tenteurs de carte d'achats\nUO CSGA-DSud P216 \nNom des Titulaires\nPr\u00e9nom des\nTitulaires\nMontant max par\ntransaction\nNIVEAU UO\nBAILHE FR\u00c9D\u00c9RIC 2 000 \u20ac 1 DAGF\nBAUMIER-LEVEQUE MARIE-ODILE 2 000 \u20ac 1 CABINET\nBENYETTOU MALIKA  2 000 \u20ac 1 et 3 DEL\nBORDELONGUE JEAN-BERNARD 500 \u20ac 1 DSIC\nBOREL DIDIER 2 000 \u20ac 1 et 1 bis DEL\nBOUTTE NICOLAS 2 000 \u20ac 1 et 1 bis DSIC\nBOUZID AICHA 2 500 \u20ac 1 et  1Bis DAGF\nBRACCI FABRICE 2 000 \u20ac 1 et 1 bis DSIC\nBUONO CYR 500 \u20ac 1 bis DSIC\nCASELLA MARJORIE 2 000 \u20ac 1 et 3 SGAMI Sud CABINET\nCOUTON FR\u00c9D\u00c9RIC 500 \u20ac 3 CABINET\nDI MEO LAETITA  2 000 \u20ac 1 bis DAGF\nDIDONNA CATHERINE 2 000 \u20ac 3  DAGF\nDIXMIER VAL\u00c9RIE 2 000 \u20ac 1 et 3 SGAMI Sud DR2A\nGACQUER JEAN-PHILIPPE 2 000 \u20ac 1 ANTENNE DE NICE\nKADRI SABRINA 3 500 \u20ac 3 DT31\nLABARDE JEAN-PIERRE 2 000\u20ac 1 bis et 3 ANT06\nLATTARD CHRISTOPHE 1 000 \u20ac 3 DEL\nMACON CATHERINE 2 000 \u20ac 3 DR CORSE\nMARCHIEN Guillaume 2 000 \u20ac 3 DSIC\nMONGIU PATRICIA 500 \u20ac 3 DI\nNADEAU SANDRINE 2 000 \u20ac 1 bis DEL\nORPHELIN AUDREY 1000 \u20ac 1 DR2A\nPREUD'HOMME DAVID 2 000 \u20ac 1 CABINET\nRIVIERE ANTHONY 500 \u20ac 1 CABINET\nSABATE KARINE 2 000 \u20ac 1 et 1 bis DT31\nSecr\u00e9tariat g\u00e9n\u00e9ral pour l'administration du minist\u00e8re de l'int\u00e9rieur - 13-2025-11-07-00053 - Arr\u00eat\u00e9 du 10 novembre 2025 portant\nd\u00e9l\u00e9gation de signature au sein du secr\u00e9tariat g\u00e9n\u00e9ral de la zone de d\u00e9fense et de s\u00e9curit\u00e9 Sud 82\nSAUGEZ LO\u00cfC 2 000 \u20ac 3 DRH\nSTOUVENEL CAMILLE 2 000 \u20ac 1 et 3 CABINET\nKHALED DETAILLER\n(\u00e0 partir du 01/11/2025)\nRedha 2 000 \u20ac 1 DI     \nTAORMINA ALAIN 1 000 \u20ac 1 CABINET\nTRUET S\u00c9BASTIEN 2000 \u20ac 1 et 1Bis DAGF\nVERZENI THIERRY 1 500 \u20ac 1 et 3 ANTENNE 34\nVIALARS MARION 1 000 \u20ac 1 et 3 DT31\nZANARDI GIL 2 000 \u20ac 3 DI\nSecr\u00e9tariat g\u00e9n\u00e9ral pour l'administration du minist\u00e8re de l'int\u00e9rieur - 13-2025-11-07-00053 - Arr\u00eat\u00e9 du 10 novembre 2025 portant\nd\u00e9l\u00e9gation de signature au sein du secr\u00e9tariat g\u00e9n\u00e9ral de la zone de d\u00e9fense et de s\u00e9curit\u00e9 Sud 83","date":"2025-11-10","first_seen_on":"2025-11-10T15:09:47+00:00","id":"9c91450eaabb5e55bc0a8d0f5b85284e0f85311d5c189c90a3b1d4bd511d0b53","name":"recueil-13-2025-340-recueil-des-actes-administratifs-special du 10 novembre 2025","pdf_creation_date":"2025-11-10T14:40:40+00:00","pdf_modification_date":"2025-11-10T14:42:38+00:00","timezone":"Europe/Paris","url":"https://www.bouches-du-rhone.gouv.fr/contenu/telechargement/61971/436505/file/recueil-13-2025-340-recueil-des-actes-administratifs-special%20du%2010%20novembre%202025.pdf"}
