{"administration":"prefidf","administration_name":"Pr\u00e9fecture de la r\u00e9gion \u00cele-de-France","content":"PREFECTURE\nREGION ILE DE\nFRANCE\nRECUEIL DES ACTES\nADMINISTRATIFS SP\u00c9CIAL\n(NOMINATIFS)\nN\u00b0IDF-065-2025-09\nPUBLI\u00c9 LE 29 SEPTEMBRE 2025\nSommaire\nAgence R\u00e9gionale de Sant\u00e9 / Agence r\u00e9gionale de sant\u00e9\nd'Ile-de-France-Cellule officines de pharmacie\nIDF-2025-09-26-00008 - Arr\u00eat\u00e9 N\u00b0DOS /EFF/OFF/2025/92 portant\nautorisation de transfert d'une officine de pharmacie (3 pages) Page 3\nDirection r\u00e9gionale et interd\u00e9partementale de l'alimentation, de\nl'agriculture et de la for\u00eat d'Ile de France / Service R\u00e9gional d'Economie\nAgricole\nIDF-2025-06-12-00012 - Accord tacite d'autorisation d'exploiter pour la\nSCEA De la Bruy\u00e8re (2 pages) Page 7\nPr\u00e9fecture de la R\u00e9gion d'Ile de France, Pr\u00e9fecture de Paris  / Service de\nla coordination et des affaires parisiennes\nIDF-2025-09-26-00009 - Arr\u00eat\u00e9 modifiant l'arr\u00eat\u00e9 n\u00b0\nIDF-2017-12-22-005 du 22 d\u00e9cembre 2017 portant composition\nnominative du Conseil \u00e9conomique, social et environnemental\nd'\u00cele-de-France (2 pages) Page 10\n2\nAgence R\u00e9gionale de Sant\u00e9\nIDF-2025-09-26-00008\nArr\u00eat\u00e9 N\u00b0DOS /EFF/OFF/2025/92 portant\nautorisation de transfert d'une officine de\npharmacie\nAgence R\u00e9gionale de Sant\u00e9 - IDF-2025-09-26-00008 - Arr\u00eat\u00e9 N\u00b0DOS /EFF/OFF/2025/92 portant autorisation de transfert d'une officine\nde pharmacie 3\nREPUBLIQUEFRANCAISELibert\u00e9Egalit\u00e9Fraternit\u00e9 @ D Agence R\u00e9gionale de Sant\u00e9\u00cele-de-France\n \n \n \nAGENCE R\u00c9GIONALE DE SANT\u00c9 \u00ceLE-DE-FRANCE \nARR\u00caT\u00c9 N\u00b0 DOS/EFF/OFF/2025/92 \nportant autorisation de transfert d'une officine de pharmacie \n \nLE DIRECTEUR G\u00c9N\u00c9RAL DE L'AGENCE R\u00c9GIONALE DE SANT\u00c9 \u00ceLE-DE-FRANCE \n \n \nVU le code de la sant\u00e9 publique  et notamment ses articles L.  5125-3 et suivants et R.  5125-1  \net suivants ; \n \nVU l'ordonnance n\u00b0 2018 -3 du 3 janvier 2018 relative \u00e0 l'adaptation des conditions de cr\u00e9ation, \ntransfert, regroupement et cession des officines de pharmacie ; \n \nVU le d\u00e9cret n\u00b0 2018-671 du 30 juillet 2018 pris en application de l'article L. 5125 -3, 1\u00b0 du code de \nla sant\u00e9 publique d\u00e9finissant les conditions de transport pour l'acc\u00e8s \u00e0 une officine en vue de \ncaract\u00e9riser un approvisionnement en m\u00e9dicament compromis pour la population ; \n \nVU l'arr\u00eat\u00e9 minist\u00e9riel du 30 juillet 2018 fixant la liste des pi\u00e8ces justificatives accompagnant toute \ndemande de cr\u00e9ation, de transfert ou de regroupement d'officines de pharmacie  ; \n \nVU le d\u00e9cret du 10 avril 2024 portant nomination de Monsieur Denis ROBIN, Directeur g\u00e9n\u00e9ral de \nl'Agence r\u00e9gionale de sant\u00e9 \u00cele-de-France, \u00e0 compter du 29 avril 2024 ; \n \nVU l'arr\u00eat\u00e9 n\u00b0 DS 034/2024 du 29 avril 2024, publi\u00e9 le 30 avril 2024, portant d\u00e9l\u00e9gation de signature \ndu Directeur g\u00e9n\u00e9ral de l'Agence r\u00e9gionale de sant\u00e9 \u00cele -de-France \u00e0 \nMonsieur Arnaud CORVAISIER, Directeur de l'offre de soins et \u00e0 plusieurs de ses \ncollaborateurs ;  \n \nVU l'arr\u00eat\u00e9 du 25 f\u00e9vrier 1944 portant octroi de la licence n\u00b078#000364 \u00e0 l'officine de pharmacie \nsise 3 Avenue du G\u00e9n\u00e9ral Leclerc \u00e0 LES-CLAYES-SOUS-BOIS (78340) ; \n \nVU la demande enregistr\u00e9e le 6 juin 2025, pr\u00e9sent\u00e9e par Madame Alice ROGERE, pharmacien \ntitulaire et repr\u00e9sentant de la SELARL ROGERE BOULLIAT \u00e0 LES-CLAYES-SOUS-BOIS \n(78340) en vue du transfert de cette officine vers le 6 Avenue Jules Ferry \u00e0  \nLES-CLAYES-SOUS-BOIS (78340) ; \n \nVU l'avis sur la conformit\u00e9 du local propos\u00e9 aux conditions minimales d'installation rendu le  \n24 juin 2025 par le D\u00e9partement Qualit\u00e9 S\u00e9curit\u00e9 Pharmacie M \u00e9dicament Biologie de l'Agence \nr\u00e9gionale de sant\u00e9 d'Ile-de-France ; \n \nVU l'avis r\u00e9put\u00e9 rendu du repr\u00e9sentant de l'Union des Syndicats de Pharmaciens d' Officine pour la \nr\u00e9gion Ile-de-France ; \n \nVU l'avis r\u00e9put\u00e9 rendu du repr\u00e9sentant de la F\u00e9d\u00e9ration des Syndicats Pharmaceutiques de France \npour la r\u00e9gion Ile-de-France ; \n \nVU l'avis du Conseil R\u00e9gional de l'Ordre des Pharmac iens d'Ile -de-France en date du                                \n8 septembre 2025 ; \nAgence R\u00e9gionale de Sant\u00e9 - IDF-2025-09-26-00008 - Arr\u00eat\u00e9 N\u00b0DOS /EFF/OFF/2025/92 portant autorisation de transfert d'une officine\nde pharmacie 4\n \n \n \n \n \n \n \n \n \n \nCONSID\u00c9RANT \n \n \n \n \nque le d\u00e9placement envisag\u00e9 se fera \u00e0 110 m\u00e8tres de l'emplacement actuel de \nl'officine, dans le m\u00eame quartier d\u00e9limit\u00e9 au nord par l'Avenue Henri Barbusse \n(Route D\u00e9partementale RD11) \u00e0 l'est par la Fronti\u00e8re communale, au sud par des \nEspaces verts (For\u00eat Domaniale de Bois d'Arcy et \u00e0 l'ouest par le Chemin des \nVignes, l'Avenue Jules Ferry, la Rue du Moulin et le Chemin aux B\u0153ufs ; \n  \nCONSID\u00c9RANT que le transfert n'aura pas pour effet de compromettre l'approvisionnement \nn\u00e9cessaire en m\u00e9dicaments de la population r\u00e9sidente du quartier d'origine ; \n  \n \nCONSID\u00c9RANT \n \nque l'acc\u00e8s \u00e0 la nouvelle officine sera ais\u00e9 par sa visibilit\u00e9, par des am\u00e9nagements \npi\u00e9tonniers et des stationnements ; \n \nCONSID\u00c9RANT que le local propos\u00e9, qui est situ\u00e9 dans un lieu garantissant un acc\u00e8s permanent du \npublic \u00e0 la pharmacie, est conforme aux conditions minimales d'installation et remplit \nles conditions d'accessibilit\u00e9 ; \n \nCONSID\u00c9RANT que le transfert envisag\u00e9 permet de r\u00e9pondre de fa\u00e7on optimale aux besoins en \nm\u00e9dicaments de la population r\u00e9sidente du quartier d'accueil de l'officine ; \n \n \nARR\u00caTE \n \n \n \n \nARTICLE 1er : Madame Alice ROGERE, pharmacien titulaire et repr\u00e9sentant de la SELARL ROGERE \nBOULLIAT, est autoris\u00e9e \u00e0 transf\u00e9rer l'officine de pharmacie dont elle est titulaire du 3 \nAvenue du G\u00e9n\u00e9ral Leclerc \u00e0 LES -CLAYES-SOUS-BOIS (78340)  vers le 6 Avenue \nJules Ferry \u00e0 LES-CLAYES-SOUS-BOIS (78340). \n \nARTICLE 2e : La licence n\u00b0 78#001327 est octroy\u00e9e \u00e0 l'officine au 6 Avenue Jules Ferry \u00e0  \nLES-CLAYES-SOUS-BOIS (78340). \n \nCette licence ne pourra \u00eatre c\u00e9d\u00e9e ind\u00e9pendamment du fonds de commerce auquel \nelle se rapporte. \n \nARTICLE 3e : La licence n\u00b0 78#000364 devra \u00eatre restitu\u00e9e \u00e0 l'Agence r\u00e9gionale de sant\u00e9 \nd'Ile-de-France avant l'ouverture au public de la nouvelle officine. \n \nARTICLE 4e : Conform\u00e9ment aux dispositions de l'article L. 5125-19 du code de la sant\u00e9 publique, la \npr\u00e9sente autorisation de transfert ne prendra effet qu'\u00e0 l'issue d'un d\u00e9lai de trois mois \n\u00e0 compter de la notification de l'arr\u00eat\u00e9 d'autorisation au pharmacien demandeur.  \n \nARTICLE 5e : Sauf cas de force majeure constat\u00e9 par le Directeur g\u00e9n\u00e9ral de l'Agence r\u00e9gionale de \nsant\u00e9 Ile -de-France, l'officine ainsi transf\u00e9r\u00e9e devra \u00eatre effectivement ouverte au \npublic au plus tard \u00e0 l'issue d'un d\u00e9lai de deux ans \u00e0 compter de la notification du \npr\u00e9sent arr\u00eat\u00e9. \n \nARTICLE 6e : Un recours contentieux contre le pr\u00e9sent arr\u00eat\u00e9 peut \u00eatre form\u00e9 aupr\u00e8s du Tribunal \nadministratif comp\u00e9tent. Le d\u00e9lai de recours est de deux mois \u00e0 compter de la \nnotification de l'arr\u00eat\u00e9 pour les int\u00e9ress\u00e9s ou de sa publication pour les tiers.  \n \nAgence R\u00e9gionale de Sant\u00e9 - IDF-2025-09-26-00008 - Arr\u00eat\u00e9 N\u00b0DOS /EFF/OFF/2025/92 portant autorisation de transfert d'une officine\nde pharmacie 5\n \n \n \n \n \n \n \nARTICLE 7e : Le Directeur  g\u00e9n\u00e9ral de l'Agence r\u00e9gionale de sant\u00e9  Ile-de-France est charg\u00e9 de \nl'ex\u00e9cution du pr\u00e9sent arr\u00eat\u00e9 qui sera publi\u00e9 au recueil des actes administratifs de la \npr\u00e9fecture de la r\u00e9gion Ile-de-France. \n \n \n          Fait \u00e0 Saint-Denis, le 26 septembre 2025 \n \nLe Directeur g\u00e9n\u00e9ral \nde l'Agence r\u00e9gionale de sant\u00e9 \n\u00cele-de-France \n \nPar d\u00e9l\u00e9gation, \nLe directeur du P\u00f4le Efficience \n \n SIGN\u00c9 \n    \n    \n    \nFabien P\u00c9RUS \n \n \n \n     \n \n    \n    \n \n \n \n \n \n \n \n \n \n \n \n \n \n \n \n \n \n \n \n \n \n \n \n \n \n \nAgence R\u00e9gionale de Sant\u00e9 - IDF-2025-09-26-00008 - Arr\u00eat\u00e9 N\u00b0DOS /EFF/OFF/2025/92 portant autorisation de transfert d'une officine\nde pharmacie 6\nDirection r\u00e9gionale et interd\u00e9partementale de\nl'alimentation, de l'agriculture et de la for\u00eat d'Ile\nde France\nIDF-2025-06-12-00012\nAccord tacite d'autorisation d'exploiter pour la\nSCEA De la Bruy\u00e8re\nDirection r\u00e9gionale et interd\u00e9partementale de l'alimentation, de l'agriculture et de la for\u00eat d'Ile de France - IDF-2025-06-12-00012 -\nAccord tacite d'autorisation d'exploiter pour la SCEA De la Bruy\u00e8re 7\nExPREFETDU VAL-D'OISELibert\u00e9Egalit\u00e9Fraternit\u00e9\nDirection d\u00e9partementale \ndes territoires\nSDREA \u00cele-de-France\nCergy, le 12 juin 2025\nAffaire suivie par : Elisabeth RAK-LECLER\nP\u00f4le \u00e9conomie agricole et alimentation\nT\u00e9l. : 01 34 25 24 27\nM\u00e9l. : elisabeth.rak-lecler@val-doise.gouv.fr\nR\u00e9f\u00e9rence dossier n\u00b0 95-2025-19\nObjet : Contr\u00f4le des structures \u2013 Dossier complet\nPJ : Liste des parcelles \nLe pr\u00e9fet\n\u00e0\nSCEA DE LA BRUYERE\n4 RUE JACQUES FOURNIER\n95830 CORMEILLES EN VEXIN\nLAR n  \u00b0    :  2C 167 377 5512 9\nEn  date  du  06  mai  2025,  vous  m'avez  fait  parvenir  une  demande  d'autorisation \nd'exploiter pour  les surfaces suivantes. Cette op\u00e9ration porte sur l'agrandissement de la  \nSCEA DE LA BRUYERE g\u00e9r\u00e9e par M. Beno\u00eet VION par la reprise d'un foncier agricole laiss\u00e9 en  \nfriche par le c\u00e9dant ant\u00e9rieur. Les propri\u00e9taires souhaitent louer les parcelles \u00e0 ce jeune  \nagriculteur install\u00e9 \u00e0 titre principal en 2024 dans le cadre de l'aide \u00e0 l'installation sur la SCEA  \nSAINT MARTIN.\nCommune R\u00e9f\u00e9rence \ncadastrale\nSurface \n(en hectare)\nCORMEILLES EN VEXIN H 9 0,1471\nCORMEILLES EN VEXIN H10 0,0888\nCORMEILLES EN VEXIN H11 0,043\nBREAN\u00c7ON ZK 20 7,2664\nMONGEROULT OD 20 1,7576\nTOTAL PARCELLAIRE repris 9,3029\nAinsi,  votre  demande  d'autorisation  d'exploiter  concernant  la  reprise  de  9,3029 \nhectares a \u00e9t\u00e9 enregistr\u00e9e compl\u00e8te en date du 23 mai 2025.\nConform\u00e9ment aux dispositions de l'article R.331-4 du code rural et de la p\u00eache  \nmaritime, cette demande fera l'objet d'une publicit\u00e9 par affichage en mairie des communes  \no\u00f9 sont situ\u00e9s les biens et d'une publication sur le site internet de la Pr\u00e9fecture du Val-d'Oise : \nhttps://www.val-doise.gouv.fr/Politiques-publiques/Agriculture-et-forets/Agriculture/Le-\ncontrole-des-structures/\n1/2\nDirection d\u00e9partementale des Territoires\nService de l'environnement, de l'agriculture et de l'accompagnement des territoires  - CS 20105 - 95010 CERGY-PONTOISE CEDEX\nT\u00e9l\u00e9phone : 01 34 25 26 70  - courriel : ddt-seaat-peaa@val-doise.gouv.fr  - site internet http://www.val-doise.gouv.fr/\nDirection r\u00e9gionale et interd\u00e9partementale de l'alimentation, de l'agriculture et de la for\u00eat d'Ile de France - IDF-2025-06-12-00012 -\nAccord tacite d'autorisation d'exploiter pour la SCEA De la Bruy\u00e8re 8\nJe vous informe que le Pr\u00e9fet de r\u00e9gion dispose d'un d\u00e9lai de 4 mois pour statuer sur  \nvotre demande \u00e0 partir de la r\u00e9ception de votre dossier complet. Ce d\u00e9lai est susceptible  \nd'\u00eatre prolong\u00e9 de deux mois suppl\u00e9mentaires conform\u00e9ment  \u00e0 l'article R. 331-6 du code  \nrural et de la p\u00eache maritime. Dans ce cas, vous en serez avis\u00e9 avant la date en question. \nEn  l'absence  de  r\u00e9ponse  de  l'administration  dans  ce  d\u00e9lai,  votre  demande  sera \ntacitement accept\u00e9e \u00e0 compter du 23 septembre 2025. Dans ce cas, le pr\u00e9sent courrier sera  \npubli\u00e9 au recueil des actes administratifs de la Pr\u00e9fecture de r\u00e9gion d'Ile-de-France et en  \nmairies des communes concern\u00e9es par les biens demand\u00e9s. Cette publication l\u00e9gale vaudra  \nalors d\u00e9cision.\nMes services restent \u00e0 votre disposition pour tout renseignement compl\u00e9mentaire.\nL'adjoint \u00e0 la cheffe de services\nSign\u00e9\nAnthony CURTAT\n2/2\nDirection d\u00e9partementale des Territoires\nService de l'environnement, de l'agriculture et de l'accompagnement des territoires  - CS 20105 - 95010 CERGY-PONTOISE CEDEX\nT\u00e9l\u00e9phone : 01 34 25 26 70  - courriel : ddt-seaat-peaa@val-doise.gouv.fr  - site internet http://www.val-doise.gouv.fr/\nDirection r\u00e9gionale et interd\u00e9partementale de l'alimentation, de l'agriculture et de la for\u00eat d'Ile de France - IDF-2025-06-12-00012 -\nAccord tacite d'autorisation d'exploiter pour la SCEA De la Bruy\u00e8re 9\nPr\u00e9fecture de la R\u00e9gion d'Ile de France,\nPr\u00e9fecture de Paris \nIDF-2025-09-26-00009\nArr\u00eat\u00e9 modifiant l'arr\u00eat\u00e9 n\u00b0 IDF-2017-12-22-005\ndu 22 d\u00e9cembre 2017 portant composition\nnominative du Conseil \u00e9conomique, social et\nenvironnemental d'\u00cele-de-France\nPr\u00e9fecture de la R\u00e9gion d'Ile de France, Pr\u00e9fecture de Paris  - IDF-2025-09-26-00009 - Arr\u00eat\u00e9 modifiant l'arr\u00eat\u00e9 n\u00b0 IDF-2017-12-22-005\ndu 22 d\u00e9cembre 2017 portant composition nominative du Conseil \u00e9conomique, social et environnemental d'\u00cele-de-France 10\nE 3PREFET |DE LA REGIOND'ILE-DE-FRANCEFraternit\u00e9\n \nPr\u00e9fecture de la r\u00e9gion d'\u00cele-de-France, pr\u00e9fecture de Paris \n5, rue Leblanc 75 911 Paris Cedex 15 | Standard : 01 82 52 40 00 \nSite internet : https://www.prefectures-regions.gouv.fr/ile-de-france  \nTwitter : https://twitter.com/Prefet75_IDF | LinkedIn : https://www.linkedin.com/company/l-\u00e9tat-en-\u00eele-de-france  \n \n \nARR\u00caT\u00c9 N\u00b0IDF \nmodifiant l'arr\u00eat\u00e9 n\u00b0 IDF-2017-12-22-005 du 22 d\u00e9cembre 2017 \nportant composition nominative du Conseil \u00e9conomique, social \net environnemental d'Ile-de-France \n \n \nLe Pr\u00e9fet de la r\u00e9gion d'Ile-de-France, \nPr\u00e9fet de Paris, \nGrand officier de la L\u00e9gion d'honneur, \nOfficier de l'Ordre national du M\u00e9rite \n \n \n \nVu le code g\u00e9n\u00e9ral des collectivit\u00e9s territoriales, et notamment ses articles L. 4134-1, \nR. 4134-2 et R.4134-3 \u00e0 R.4134-6 ; \n \nVu la loi n\u00b0 2022-217, du 21 f\u00e9vrier 2022 relative \u00e0 la diff\u00e9renciation, la \nd\u00e9centralisation, la d\u00e9concentration et portant diverses mesures de simplification de \nl'action publique local, et notamment son article 231  ; \n \nVu le d\u00e9cret n\u00b02017-1193 du 26 juillet 2017, relati f \u00e0 la composition et au \nrenouvellement des conseils \u00e9conomique, social et e nvironnementaux r\u00e9gionaux, \nmodifi\u00e9 par le d\u00e9cret n\u00b02023-632 portant diverses a daptations du code l'action \nsociale et des familles et du code g\u00e9n\u00e9rale des collectivit\u00e9s territoriales ; \n \nVu l'arr\u00eat\u00e9 pr\u00e9fectoral n\u00b0 IDF-2023-12-15-00005 du 15 d\u00e9cembre 2023 relatif \u00e0 la \ncomposition g\u00e9n\u00e9rique du Conseil \u00e9conomique, social  et environnemental d'Ile-de-\nFrance ; \n \nVu l'arr\u00eat\u00e9 pr\u00e9fectoral n\u00b0 IDF-2023-12-29-00002 du 29 d\u00e9cembre 2023 relatif \u00e0 la \ncomposition nominative du Conseil \u00e9conomique, social et environnemental d'Ile-de-\nFrance  ; \n \nVu l'arr\u00eat\u00e9 pr\u00e9fectoral n\u00b0 IDF-2024-02-02-00003 du 2 f\u00e9vrier 2024 compl\u00e9tant et \nmodifiant l'arr\u00eat\u00e9 pr\u00e9fectoral n\u00b0 IDF-2023-12-29-00002 du 29 d\u00e9cembre 2023 relatif \u00e0 \nla composition nominative du Conseil \u00e9conomique, so cial et environnemental d'Ile-\nde-France  ; \n \nVu le courrier de M. Marc HERMANN, en date du 22 septembre 2025, faisant part de \nsa d\u00e9mission de son mandat de conseiller au sein du  deuxi\u00e8me coll\u00e8ge du Conseil \n\u00e9conomique, social et environnemental d'\u00cele-de-France  ; \n \nVu le courrier de M. Vincent GAUTHERON, Secr\u00e9taire g\u00e9n\u00e9ral de l'Union r\u00e9gionale \nCGT Ile-de-France, en date du 22 septembre 2025, fa isant part de la d\u00e9signation de \nMme Val\u00e9rie LESAGE  en remplacement de M. Marc HERMANN  ; \n \nSur proposition du pr\u00e9fet, directeur de cabinet du pr\u00e9fet de la r\u00e9gion d'Ile-de-\nFrance, pr\u00e9fet de Paris ; \nPr\u00e9fecture de la R\u00e9gion d'Ile de France, Pr\u00e9fecture de Paris  - IDF-2025-09-26-00009 - Arr\u00eat\u00e9 modifiant l'arr\u00eat\u00e9 n\u00b0 IDF-2017-12-22-005\ndu 22 d\u00e9cembre 2017 portant composition nominative du Conseil \u00e9conomique, social et environnemental d'\u00cele-de-France 11\n \n \n2 \n \n \n \nA R R \u00ca T E \n \n \nARTICLE 1 \ner  : au II de l'article 1 er  de l'arr\u00eat\u00e9 du 29 d\u00e9cembre 2023 susvis\u00e9, les mots  :  \n\u00ab par l'Union r\u00e9gionale CGT d'Ile-de-France  : M. Marc HERMANN \u00bb sont remplac\u00e9s \npar les mots  : \u00ab par l'Union r\u00e9gionale CGT d'Ile-de-France  : Mme Val\u00e9rie LESAGE  \u00bb. \n \nARTICLE 2  : Les autres dispositions du II de l'article 1 \ner  de l'arr\u00eat\u00e9 du 29 d\u00e9cembre \n2023 modifi\u00e9 sont inchang\u00e9es.    \n \nARTICLE 3 : Le pr\u00e9sent arr\u00eat\u00e9 peut faire l'objet d'un recour s devant le tribunal \nadministratif territorialement comp\u00e9tent dans le d\u00e9 lai maximal de deux mois \u00e0 \ncompter de sa publication. \n \nARTICLE 4  : Le pr\u00e9fet, directeur de cabinet du pr\u00e9fet de la r\u00e9gion d'Ile-de-France, \npr\u00e9fet de Paris, est charg\u00e9 de l'ex\u00e9cution du pr\u00e9sent arr\u00eat\u00e9, qui sera publi\u00e9 au recueil \ndes actes administratifs (\u00e9chelon d'Ile-de-France) de la pr\u00e9fecture de la r\u00e9gion d'Ile-\nde-France, pr\u00e9fecture de Paris, accessible sur le s ite Internet de la pr\u00e9fecture: \nwww.prefectures-regions.gouv.fr/ile-de-france/  \n \n \n \n \n \n            Fait \u00e0 Paris, le  26 septembre 2025  \n \n \n     Le pr\u00e9fet de la r\u00e9gion d'Ile-de-France,\n          \npr\u00e9fet de Paris,  \n \n \nSIGNE \n \n                     Marc GUILLAUME  \n \n \n \n \n \n \n \n \n \n \n \n \n \n \nPr\u00e9fecture de la R\u00e9gion d'Ile de France, Pr\u00e9fecture de Paris  - IDF-2025-09-26-00009 - Arr\u00eat\u00e9 modifiant l'arr\u00eat\u00e9 n\u00b0 IDF-2017-12-22-005\ndu 22 d\u00e9cembre 2017 portant composition nominative du Conseil \u00e9conomique, social et environnemental d'\u00cele-de-France 12","date":"2025-09-29","first_seen_on":"2025-09-29T17:42:52+00:00","id":"9d68284cf1cd3249d5152ffb67b6477c6e196311039fefe56c8986cb3c1b043a","name":"recueil-idf-065-2025-09-RAA-nominatifs du 29.09.2025","pdf_creation_date":"2025-09-29T15:01:21+00:00","pdf_modification_date":null,"timezone":"Europe/Paris","url":"https://www.prefectures-regions.gouv.fr/ile-de-france/irecontenu/telechargement/131377/964940/file/recueil-idf-065-2025-09-RAA-nominatifs%20du%2029.09.2025.pdf"}
