{"administration":"prefidf","administration_name":"Pr\u00e9fecture de la r\u00e9gion \u00cele-de-France","content":"PREFECTURE\nREGION ILE DE\nFRANCE\nRECUEIL DES ACTES\nADMINISTRATIFS SP\u00c9CIAL\n(NOMINATIFS)\nN\u00b0IDF-046-2025-09\nPUBLI\u00c9 LE 19 SEPTEMBRE 2025\nSommaire\nAgence R\u00e9gionale de Sant\u00e9 / Agence r\u00e9gionale de sant\u00e9\nd'Ile-de-France-Cellule officines de pharmacie\nIDF-2025-09-18-00003 - Arr\u00eat\u00e9 n\u00b0 DOS/EFF/OFF/2025/88 constatant la\ncaducit\u00e9 d'une licence d'une officine de\npharmacie (2 pages) Page 3\nIDF-2025-09-18-00002 - Arr\u00eat\u00e9 n\u00b0 DOS/EFF/OFF/2025/94 constatant la\ncaducit\u00e9 d'une licence d'une officine de\npharmacie (2 pages) Page 6\nIDF-2025-09-18-00004 - Arr\u00eat\u00e9 n\u00b0 DOS/EFF/OFF/2025/95 constatant la\ncaducit\u00e9 d'une licence d'une officine de pharmacie (2 pages) Page 9\nAgence R\u00e9gionale de Sant\u00e9 / service r\u00e9gional des transports sanitaires\nIDF-2025-06-10-00004 - Arr\u00eat\u00e9 n\u00b0DOS-2025-2338 portant retrait\nd'agr\u00e9ment de la SAL AMBULANCES HARFANG (2 pages) Page 12\nDirection r\u00e9gionale et interd\u00e9partementale de l'alimentation, de\nl'agriculture et de la for\u00eat d'Ile de France / Service R\u00e9gional d'Economie\nAgricole\nIDF-2025-06-02-00031 - Accord tacite d'autorisation d'exploiter pour\nMonsieur Rapha\u00ebl CACERES sur les communes d'Orgeval et Poissy  (2\npages) Page 15\n2\nAgence R\u00e9gionale de Sant\u00e9\nIDF-2025-09-18-00003\nArr\u00eat\u00e9 n\u00b0 DOS/EFF/OFF/2025/88 constatant la\ncaducit\u00e9 d'une licence d'une officine de\npharmacie\nAgence R\u00e9gionale de Sant\u00e9 - IDF-2025-09-18-00003 - Arr\u00eat\u00e9 n\u00b0 DOS/EFF/OFF/2025/88 constatant la caducit\u00e9 d'une licence d'une\nofficine de\npharmacie\n3\nREPUBLIQUEFRANCAISELibert\u00e9\u00c9galit\u00e9Fraternit\u00e9 \u00a9 D Agence R\u00e9gionale de Sant\u00e9Ile-de-France\n \n \n \nAGENCE R\u00c9GIONALE DE SANT\u00c9 \u00ceLE-DE-FRANCE \nARR\u00caT\u00c9 N\u00b0 DOS/EFF/OFF/2025/88 constatant la caducit\u00e9 d'une licence d'une officine de \npharmacie \nLE DIRECTEUR G\u00c9N\u00c9RAL DE L'AGENCE R\u00c9GIONALE DE SANT\u00c9 \u00ceLE-DE-FRANCE \n \nVU le code de la sant\u00e9 publique ; \n \nVU le d\u00e9cret du 10 avril 2024 portant nomination de Monsieur Denis ROBIN, Directeur g\u00e9n\u00e9ral de l'Agence r\u00e9gionale \nde sant\u00e9 \u00cele-de-France, \u00e0 compter du 29 avril 2024 ;  \n \nVU l'arr\u00eat\u00e9 n\u00b0 DS 034/2024 du 29 avril 2024, publi\u00e9 le 30 avril 2024, portant d\u00e9l\u00e9gation de signature du Directeur \ng\u00e9n\u00e9ral de l'Agence r\u00e9gionale de sant\u00e9 \u00cele -de-France \u00e0 Monsieur  Arnaud CORVAISIER, Directeur de l'offre de \nsoins et \u00e0 plusieurs de ses collaborateurs ; \n \nVU l'arr\u00eat\u00e9 en date du 23 mars 1989, portant octroi de la licence n\u00b0 91#000201 \u00e0 l'officine de pharmacie sise 29 rue \nCharles de Gaulle \u00e0 Bondoufle (91070) ; \n \nVU l'arr\u00eat\u00e9 n\u00b0 DOS/EFF/OFF/2024-49 en date du 29 mai 2024 ayant autoris\u00e9 le transfert d'une officine de pharmacie \ndu 29 rue Charles de Gaulle vers le 15 rue Caroline Rier \u00e0 Bondoufle (91070) et octroyant la licence n\u00b091#001605 \n\u00e0 l'officine de pharmacie ainsi transf\u00e9r\u00e9e ; \n \nVU \n \nla d\u00e9claration en date du 11 juillet 2025 par laquelle Monsieur Mehmet TAS informe l'Agence r\u00e9gionale de sant\u00e9 \nde l'ouverture effective au public de l'officine sise 15 rue Caroline Rier \u00e0 Bondoufle (91070) suite \u00e0 transfert et \nrestitue la licence n\u00b091#000201 ; \n \nCONSIDERANT que l'officine  de pharmacie  issue du transfert autoris\u00e9 par arr\u00eat\u00e9 du 29 mai 2024 susvis\u00e9, sise  \n15 rue Caroline Rier \u00e0 Bondoufle (91070 ) et  exploit\u00e9e sous la licence n\u00b0 91#001605, est \neffectivement ouverte au public \u00e0 compter du 24 mars 2025 ; \n \nCONSIDERANT que l'ouverture au public de l'officine exploit\u00e9e sous la licence n\u00b091#001605 entra\u00eene la caducit\u00e9 de \nla licence n\u00b091#000201 ;  \n \nCONSIDERANT qu'il y a lieu de constater cette caducit\u00e9 ; \n \nARR\u00caTE \n \nARTICLE 1er : Est constat\u00e9e, \u00e0 compter du 24 mars 2025, la caducit\u00e9 de la licence n\u00b091#000201, du fait de \nl'ouverture effective au public, sous la licence n\u00b091#001605, de l'officine de pharmacie issue du \ntransfert vers le local sis 15 rue Caroline Rier \u00e0 Bondoufle (91070). \n \nARTICLE 2e : Un recours contentieux contre le pr\u00e9sent arr\u00eat\u00e9 peut \u00eatre form\u00e9 aupr\u00e8s du tribunal administratif \ncomp\u00e9tent. Le d\u00e9lai de recours est de deux mois \u00e0 compter de la notification de l'arr\u00eat\u00e9 pour les \nint\u00e9ress\u00e9s ou de sa publication pour les tiers. \n \n  \nAgence R\u00e9gionale de Sant\u00e9 - IDF-2025-09-18-00003 - Arr\u00eat\u00e9 n\u00b0 DOS/EFF/OFF/2025/88 constatant la caducit\u00e9 d'une licence d'une\nofficine de\npharmacie\n4\n \nARTICLE 3e : Le Directeur g\u00e9n\u00e9ral de l'Agence r\u00e9gionale de sant\u00e9 \u00cele-de-France est charg\u00e9 de l'ex\u00e9cution du \npr\u00e9sent arr\u00eat\u00e9 qui sera publi\u00e9 au recueil des actes administratifs de la pr\u00e9fecture de la r\u00e9gion \n\u00cele-de-France. \nFait \u00e0 Saint-Denis, le 18 septembre 2025 \n \n \nLe Directeur g\u00e9n\u00e9ral \nde l'Agence r\u00e9gionale de sant\u00e9  \n\u00cele-de-France \n \nPar d\u00e9l\u00e9gation \nLe Directeur du P\u00f4le Efficience \n \nSIGN\u00c9 \n \nFabien P\u00c9RUS \n \nAgence R\u00e9gionale de Sant\u00e9 - IDF-2025-09-18-00003 - Arr\u00eat\u00e9 n\u00b0 DOS/EFF/OFF/2025/88 constatant la caducit\u00e9 d'une licence d'une\nofficine de\npharmacie\n5\nAgence R\u00e9gionale de Sant\u00e9\nIDF-2025-09-18-00002\nArr\u00eat\u00e9 n\u00b0 DOS/EFF/OFF/2025/94 constatant la\ncaducit\u00e9 d'une licence d'une officine de\npharmacie\nAgence R\u00e9gionale de Sant\u00e9 - IDF-2025-09-18-00002 - Arr\u00eat\u00e9 n\u00b0 DOS/EFF/OFF/2025/94 constatant la caducit\u00e9 d'une licence d'une\nofficine de\npharmacie\n6\nREPUBLIQUEFRANCAISELibert\u00e9Egalit\u00e9Fraternit\u00e9 \u00a9 \u00bb Agence R\u00e9gionale de Sant\u00e9lle-de-France\n \n \n \n \nAGENCE R\u00c9GIONALE DE SANT\u00c9 \u00ceLE-DE-FRANCE \nARR\u00caT\u00c9 N\u00b0 DOS/EFF/OFF/2025/94 constatant la caducit\u00e9 d'une licence d'une officine de \npharmacie \n \nLE DIRECTEUR G\u00c9N\u00c9RAL DE L'AGENCE R\u00c9GIONALE DE SANT\u00c9 \u00ceLE-DE-FRANCE \n \nVU le code de la sant\u00e9 publique ; \n \nVU le d\u00e9cret du 10 avril 2024 portant nomination de Monsieur Denis ROBIN, Directeur g\u00e9n\u00e9ral de l'Agence r\u00e9gionale \nde sant\u00e9 \u00cele-de-France, \u00e0 compter du 29 avril 2024 ;  \n \nVU l'arr\u00eat\u00e9 n\u00b0 DS 034/2024 du 29 avril 2024, publi\u00e9 le 30 avril 2024, portant d\u00e9l\u00e9gation de signature du Directeur \ng\u00e9n\u00e9ral de l'Agence r\u00e9gionale de sant\u00e9 \u00cele -de-France \u00e0 Monsieur  Arnaud CORVAISIER, Directeur de l'offre de \nsoins et \u00e0 plusieurs de ses collaborateurs ; \n \nVU l'arr\u00eat\u00e9 en date du  1er d\u00e9cembre 1958, portant octroi de la licence n\u00b0 93#001994 \u00e0 l'officine de pharmacie  sise  \n25 rue Edgar Quinet \u00e0 la Courneuve (93120) ; \n \nVU l'arr\u00eat\u00e9 n\u00b0 DOS/EFF/OFF/2025-17 en date du 17 f\u00e9vrier 2025 ayant autoris\u00e9 le regroupement de deux officines \nde pharmacie et octroyant la licence n\u00b0 93#002578 \u00e0 l'officine issue du regroupement sise 66 avenue de la \nR\u00e9publique \u00e0 la Courneuve (93120)  ; \n \nVU \n \nla d\u00e9claration en date du 25 juillet 2025 par laquelle Monsieur Jean-Marc TCHOULAGUE informe l'Agence \nr\u00e9gionale de sant\u00e9 de l'ouverture effective au public de l'officine de pharmacie sise 66 avenue de la R\u00e9publique \n\u00e0 la Courneuve (93120) suite \u00e0 regroupement et restitue la licence n\u00b0 93#001994; \n \n \nCONSIDERANT que l'officine de pharmacie issue du regroupement autoris\u00e9 par arr\u00eat\u00e9 en date du 17 f\u00e9vrier 2025 \nsusvis\u00e9, sise 66 avenue de la R\u00e9publique \u00e0 la Courneuve (93120)  et exploit\u00e9e sous la licence \nn\u00b093#002578, est effectivement ouverte au public \u00e0 compter du 01 juillet 2025 ; \n \nCONSIDERANT que l'ouverture au public de l'officine exploit\u00e9e sous la licence n\u00b0 93#002578 entra\u00eene la caducit\u00e9 \nde la licence n\u00b093#001994 ;  \n \nCONSIDERANT qu'il y a lieu de constater cette caducit\u00e9 ; \n \n \nARR\u00caTE \n \n \nARTICLE 1er : Est constat\u00e9e, \u00e0 compter du 01 juillet 2025, la caducit\u00e9 de la licence n\u00b0 93#001994, du fait \nde l'ouverture effective au public, sous la licence n\u00b093#002578, de l'officine de pharmacie \nissue du regroupement de deux officines vers le local sis 66 avenue de la R\u00e9publique \u00e0 la \nCourneuve (93120). \n \nARTICLE 2e : Un recours contentieux contre le pr\u00e9sent arr\u00eat\u00e9 peut \u00eatre form\u00e9 aupr\u00e8s du tribunal \nadministratif comp\u00e9tent. Le d\u00e9lai de recours est de deux mois \u00e0 compter de la notification \nde l'arr\u00eat\u00e9 pour les int\u00e9ress\u00e9s ou de sa publication pour les tiers. \n \nAgence R\u00e9gionale de Sant\u00e9 - IDF-2025-09-18-00002 - Arr\u00eat\u00e9 n\u00b0 DOS/EFF/OFF/2025/94 constatant la caducit\u00e9 d'une licence d'une\nofficine de\npharmacie\n7\n \nARTICLE 3e : Le Directeur g\u00e9n\u00e9ral de l'Agence r\u00e9gionale de sant\u00e9 \u00cele-de-France est charg\u00e9 de l'ex\u00e9cution \ndu pr\u00e9sent arr\u00eat\u00e9 qui sera publi\u00e9 au recueil des actes administratifs de la pr\u00e9fecture de la \nr\u00e9gion \u00cele-de-France. \n        \n \nFait \u00e0 Saint-Denis, le 18 septembre \n2025 \n \n \nLe Directeur g\u00e9n\u00e9ral \nde l'Agence r\u00e9gionale de sant\u00e9  \n\u00cele-de-France \n \nPar d\u00e9l\u00e9gation \nLe Directeur du P\u00f4le Efficience \n \nSIGN\u00c9 \n \nFabien P\u00c9RUS \n \n \nAgence R\u00e9gionale de Sant\u00e9 - IDF-2025-09-18-00002 - Arr\u00eat\u00e9 n\u00b0 DOS/EFF/OFF/2025/94 constatant la caducit\u00e9 d'une licence d'une\nofficine de\npharmacie\n8\nAgence R\u00e9gionale de Sant\u00e9\nIDF-2025-09-18-00004\nArr\u00eat\u00e9 n\u00b0 DOS/EFF/OFF/2025/95 constatant la\ncaducit\u00e9 d'une licence d'une officine de\npharmacie\nAgence R\u00e9gionale de Sant\u00e9 - IDF-2025-09-18-00004 - Arr\u00eat\u00e9 n\u00b0 DOS/EFF/OFF/2025/95 constatant la caducit\u00e9 d'une licence d'une\nofficine de pharmacie 9\nREPUBLIQUEFRANCAISELibert\u00e9Egalit\u00e9Fraternit\u00e9\ne \u00bb Agence R\u00e9gionale de Sant\u00e9Ile-de-France\n \n \n \nAGENCE R\u00c9GIONALE DE SANT\u00c9 \u00ceLE-DE-FRANCE \nARR\u00caT\u00c9 N\u00b0 DOS/EFF/OFF/2025/95 constatant la caducit\u00e9 d'une licence d'une officine de \npharmacie \n \nLE DIRECTEUR G\u00c9N\u00c9RAL DE L'AGENCE R\u00c9GIONALE DE SANT\u00c9 \u00ceLE-DE-FRANCE \n \nVU le code de la sant\u00e9 publique ; \n \nVU le d\u00e9cret du 10 avril 2024 portant nomination de Monsieur Denis ROBIN, Directeur g\u00e9n\u00e9ral de l'Agence r\u00e9gionale \nde sant\u00e9 \u00cele-de-France, \u00e0 compter du 29 avril 2024 ;  \n \nVU l'arr\u00eat\u00e9 n\u00b0 DS 034/2024 du 29 avril 2024, publi\u00e9 le 30 avril 2024, portant d\u00e9l\u00e9gation de signature du Directeur \ng\u00e9n\u00e9ral de l'Agence r\u00e9gionale de sant\u00e9 \u00cele -de-France \u00e0 Monsieur  Arnaud CORVAISIER, Directeur de l'offre de \nsoins et \u00e0 plusieurs de ses collaborateurs ; \n \nVU l'arr\u00eat\u00e9 en date du  1er d\u00e9cembre 1958 , portant octroi de la licence n\u00b0 93#000815 \u00e0 l'officine de pharmacie  sise  \n62 avenue de la R\u00e9publique- 60 rue de la Convention et exploit\u00e9e au 66 avenue de la R\u00e9publique \u00e0 la Courneuve \n(93120) ; \n \nVU l'arr\u00eat\u00e9 n\u00b0 DOS/EFF/OFF/2025-17 en date du 17 f\u00e9vrier 2025 ayant autoris\u00e9 le regroupement de deux officines \nde ph armacie et octroyant la licence  n\u00b0 93#002578 \u00e0 l'officine issue du regroupement s ise 66 ave nue de la \nR\u00e9publique \u00e0 la Courneuve (93120) ; \n \nVU \n \nla d\u00e9claration en date du 25 juillet 2025  par laquelle Monsieur Jo\u00ebl MAFRANC informe l'Agence r\u00e9gionale de \nsant\u00e9 de l'ouverture effective au public de l'officine sise 66 avenue de la R\u00e9publique \u00e0 la Courneuve (93120) suite \n\u00e0 regroupement et restitue la licence n\u00b0 93#000815 ; \n \nCONSIDERANT que l'officine  de pharmacie  issue du regroupement  autoris\u00e9 par arr\u00eat\u00e9 en date du  \n17 f\u00e9vrier 2025 susvis\u00e9, sise 66 avenue de la R\u00e9publique \u00e0 la Courneuve (93120) et exploit\u00e9e \nsous la licence n\u00b0 93#002578, est effectivement ouverte au public \u00e0 compter du  \n01 juillet 2025 ; \n \nCONSIDERANT que l'ouverture au public de l'officine exploit\u00e9e sous la licence n\u00b0 93#002578 entra\u00eene la \ncaducit\u00e9 de la licence n\u00b093#000815  ;  \n \nCONSIDERANT qu'il y a lieu de constater cette caducit\u00e9 ; \n \n \nARR\u00caTE \n \n \nARTICLE 1er : Est constat\u00e9e, \u00e0 compter du 01 juillet 2025, la caducit\u00e9 de la licence n\u00b0 93#000815, du \nfait de l'ouverture effective au public, sous la licence n\u00b0 93#002578, de l'officine de \npharmacie issue du regroupement de deux officines  vers le local sis 66 avenue de la \nR\u00e9publique \u00e0 la Courneuve (93120). \n \n  \nAgence R\u00e9gionale de Sant\u00e9 - IDF-2025-09-18-00004 - Arr\u00eat\u00e9 n\u00b0 DOS/EFF/OFF/2025/95 constatant la caducit\u00e9 d'une licence d'une\nofficine de pharmacie 10\n \n \nARTICLE 2e : Un recours contentieux contre le pr\u00e9sent arr\u00eat\u00e9 peut \u00eatre form\u00e9 aupr\u00e8s du tribunal \nadministratif comp\u00e9tent. Le d\u00e9lai de recours est de deux mois \u00e0 compter de la \nnotification de l'arr\u00eat\u00e9 pour les int\u00e9ress\u00e9s ou de sa publication pour les tiers.  \n \nARTICLE 3e : Le Directeur g\u00e9n\u00e9ral de l'Agence r\u00e9gionale de sant\u00e9 \u00cele-de-France est charg\u00e9 de \nl'ex\u00e9cution du pr\u00e9sent arr\u00eat\u00e9 qui sera publi\u00e9 au recueil des actes administratifs de la \npr\u00e9fecture de la r\u00e9gion \u00cele-de-France. \n        \nFait \u00e0 Saint-Denis, le 18 septembre 2025  \n \nLe Directeur g\u00e9n\u00e9ral  \nde l'Agence r\u00e9gionale de sant\u00e9  \n\u00cele-de-France  \n \nPar d\u00e9l\u00e9gation  \nLe Directeur du P\u00f4le Efficience  \n \nSIGN\u00c9  \n \nFabien P\u00c9RUS \nAgence R\u00e9gionale de Sant\u00e9 - IDF-2025-09-18-00004 - Arr\u00eat\u00e9 n\u00b0 DOS/EFF/OFF/2025/95 constatant la caducit\u00e9 d'une licence d'une\nofficine de pharmacie 11\nAgence R\u00e9gionale de Sant\u00e9\nIDF-2025-06-10-00004\nArr\u00eat\u00e9 n\u00b0DOS-2025-2338 portant retrait\nd'agr\u00e9ment de la SAL AMBULANCES HARFANG\nAgence R\u00e9gionale de Sant\u00e9 - IDF-2025-06-10-00004 - Arr\u00eat\u00e9 n\u00b0DOS-2025-2338 portant retrait d'agr\u00e9ment de la SAL AMBULANCES\nHARFANG 12\nREPUBLIQUEFRANCAISELibert\u00e9Egalit\u00e9Fraternit\u00e9\ne \u00bb Agence R\u00e9gionale de Sant\u00e9Ile-de-France\n \n \n \n \n \n \n \nAGENCE R\u00c9GIONALE DE SANT\u00c9 \u00ceLE-DE-FRANCE \nARR\u00caT\u00c9 N\u00b0DOS-2025-2338 \nPortant retrait d'agr\u00e9ment de la SAL AMBULANCES HARFANG  \n(78500 SARTROUVILLE) \n \nLE DIRECTEUR G\u00c9N\u00c9RAL DE L'AGENCE R\u00c9GIONALE DE SANT\u00c9 \u00ceLE-DE-FRANCE \n \nVU le Code de la Sant\u00e9 Publique et notamment ses articles L.6311-1 \u00e0 L.6311-2, L.6312-1 \u00e0 L.6312-\n5, L.6313-1, R.6312-1 \u00e0 R.6312-23, R.6312-29 \u00e0 R.6312-43, R.6313-5 \u00e0 R.6313-7-1 ;  \n \nVU la loi n\u00b0 2009-879 du 21 juillet 2009 portant r\u00e9forme de l'h\u00f4pital et relative aux patients, \u00e0 la sant\u00e9 \net aux territoires ; \n \nVU le d\u00e9cret n\u00b0 2010 -344 du 31 mars 2010 tirant les cons\u00e9quences, au niveau r\u00e8glementaire, de \nl'intervention de la loi n\u00b0 2009 -879 du 21 juillet 2009  portant r\u00e9forme de l'h\u00f4pital et relative aux \npatients, \u00e0 la sant\u00e9 et aux territoires ; \n \nVU le d\u00e9cret du 10 avril 2024  portant nomination de Monsieur Denis ROBIN, Directeur g\u00e9n\u00e9ral de \nl'Agence r\u00e9gionale d'\u00cele de France \u00e0 compter du 29 avril 2024 ; \n \nVU l'arr\u00eat\u00e9 minist\u00e9riel du 21 d\u00e9cembre 1987 modifi\u00e9 relatif \u00e0 la composition du dossier d'agr\u00e9ment \ndes personnes effectuant des transports sanitaires terrestres et au contr\u00f4le des v\u00e9hicules \naffect\u00e9s aux transports sanitaires ; \n \nVU l'arr\u00eat\u00e9 du 12 d\u00e9cembre 2017 modifi\u00e9 fixant les caract\u00e9ristiques et les installations mat\u00e9rielles \nexig\u00e9es pour les v\u00e9hicules affect\u00e9s aux transports sanitaires terrestres ; \n \nVU l'arr\u00eat\u00e9 DS N\u00b0034/2024 du Directeur g\u00e9n\u00e9ral de l'Agence r\u00e9gionale de sant\u00e9 \u00cele de France en \ndate du 29 avril 2024, portant d\u00e9l\u00e9gation de signature \u00e0 Monsieur Arnaud CORVAISIER, \nDirecteur de l'offre de soins, et \u00e0 certains de ses collaborateurs ; \n \nVU l'arr\u00eat\u00e9 n\u00b0 13-78-103 du Directeur g\u00e9n\u00e9ral de l'Agence r\u00e9gionale de sant\u00e9 Ile de France en date \ndu 27 juin 2013,  portant agr\u00e9ment sous le n\u00b0 78 -159, de la SARL AMBULANCES HARFANG, \nsise 44 rue d'Estienne d'Orves \u00e0 Sartrouville (78500) , dont le g\u00e9rant est Monsieur Pascal \nCHEMONT ;  \n \nVU l'arr\u00eat\u00e9 n\u00b0DOS-2016-365 du Directeur g\u00e9n\u00e9ral de l'Agence r\u00e9gionale de sant\u00e9 Ile -de-France en \ndate du 02 novembre 2016 portant changement de g\u00e9rance de la SARL AMBULANCES \nHARFANG, dont les co-g\u00e9rants sont Monsieur Sylvain FURIGA et Monsieur Laurent KUJACZ ;  \n \nVU l'arr\u00eat\u00e9 n\u00b0DOS-2023/690 de la Directrice g\u00e9n\u00e9rale de l'Agence r\u00e9gionale de sant\u00e9 Ile-de-France \nen date du 14 mars 2023 portant changement de g\u00e9rance de la SARL AMBULANCES \nHARFANG, dont les co -g\u00e9rants sont Monsieur Florian CANIVEZ et Monsieur Fabrice \nBOSSARD ;  \n \n     \nAgence R\u00e9gionale de Sant\u00e9 - IDF-2025-06-10-00004 - Arr\u00eat\u00e9 n\u00b0DOS-2025-2338 portant retrait d'agr\u00e9ment de la SAL AMBULANCES\nHARFANG 13\n2 \n \nCONSIDERANT l'accord de transfert des autorisations de mise en service rattach\u00e9es \u00e0 trois v\u00e9hicules \nde Cat\u00e9gorie C type A immatricul\u00e9s FB-568-KJ, GD-289-XC et GN-683-ES \u00e0 la soci\u00e9t\u00e9 SAINTE ROSE \nsise 44 rue d'Estienne d'Orves \u00e0 Sartrouville (78500) dont le responsable l\u00e9gal est Monsieur Karim \nAhmed BELHANAFI, d\u00e9livr\u00e9 par les services de l'ARS Ile de France le 13 mars 2025 ;  \n \nCONSIDERANT par cons\u00e9quent que l'agr\u00e9ment de la SARL AMBULANCES HARFANG est d\u00e9sormais \nsans objet ; \n \n \n \nARR\u00caTE \n \nARTICLE 1er : L'agr\u00e9ment de la SARL AMBULANCES HARFANG , sise 44 rue d'Estienne d'Orves \u00e0 \nSartrouville (78500) dont les co -g\u00e9rants sont Monsieur Florian CANIVEZ et Monsieur Fabrice \nBOSSARD est retir\u00e9 \u00e0 compter de la date du pr\u00e9sent arr\u00eat\u00e9. \n \nARTICLE 2  : La pr\u00e9sente d\u00e9cision peut faire l'objet d'un recours gracieux aupr\u00e8s de Monsieur le \nDirecteur g\u00e9n\u00e9ral de l'Agence r\u00e9gionale de sant\u00e9, sise 13, rue du Landy 93200 Saint -Denis. \n Un recours contentieux peut \u00e9galement \u00eatre d\u00e9pos\u00e9 aupr\u00e8s du tribunal administratif comp\u00e9tent.   \n Le d\u00e9lai de recours est de deux mois \u00e0 compter de la notification de l'arr\u00eat\u00e9 pour l'int\u00e9ress\u00e9 ou de sa \npublication pour les tiers. \n Ces recours n'ont pas pour effet de suspendre le caract\u00e8re ex\u00e9cutoire de la pr\u00e9sente d\u00e9cision.    \n \nARTICLE 3 : Le Directeur de l'offre de soins est charg\u00e9 de l'ex\u00e9cution du pr\u00e9sent arr\u00eat\u00e9, qui sera publi\u00e9 \nau Recueil des Actes Administratifs des services de l'\u00c9tat.  \n \n \n \n \nFait \u00e0 Saint-Denis, le    10/06/2025      \n \nP/Le Directeur g\u00e9n\u00e9ral \nde l'Agence r\u00e9gionale de sant\u00e9 \nIle-de-France,  \nLa Responsable du service r\u00e9gional \ndes transports sanitaires, \n \n        SIGNE \n \nS\u00e9verine TEISSEDRE \n \nAgence R\u00e9gionale de Sant\u00e9 - IDF-2025-06-10-00004 - Arr\u00eat\u00e9 n\u00b0DOS-2025-2338 portant retrait d'agr\u00e9ment de la SAL AMBULANCES\nHARFANG 14\nDirection r\u00e9gionale et interd\u00e9partementale de\nl'alimentation, de l'agriculture et de la for\u00eat d'Ile\nde France\nIDF-2025-06-02-00031\nAccord tacite d'autorisation d'exploiter pour\nMonsieur Rapha\u00ebl CACERES sur les communes\nd'Orgeval et Poissy \nDirection r\u00e9gionale et interd\u00e9partementale de l'alimentation, de l'agriculture et de la for\u00eat d'Ile de France - IDF-2025-06-02-00031 -\nAccord tacite d'autorisation d'exploiter pour Monsieur Rapha\u00ebl CACERES sur les communes d'Orgeval et Poissy 15\n=nPREFETDES YVELINESLibert\u00e9Egalit\u00e9Fraternit\u00e9\n35, Rue de Noailles BP 1115 - 78011 Versailles Cedex \nwww.yvelines.pref.gouv.fr  \n  \n \n Direction d\u00e9partementale \n \ndes territoires  \n \nService de l'\u00c9conomie Agricole \n \nBureau agro-environnement et territoires ruraux \nAffaire suivie par  : Karine GRELLEAUD \nT\u00e9l. : 01 75 27 82 87 \u2013 06 73 63 48 74 \nM\u00e9l.  : \nkarine.grelleaud@yvelines.gouv.fr  \nddt-sea-structures@yvelines.gouv.fr  \n \nObjet : Contr\u00f4le des structures - Dossier complet  \nPJ  : Liste des parcelles  \n \n \n \n \n \n \n \n \n \n \n \nVersailles, le 02 JUIN 2025 \n \n \nMonsieur CACERES Rapha\u00ebl  \n71 rue de Colombes \n92600  Asni\u00e8res sur Seine \n \nMonsieur, \n \nEn date du 16-05-2025, vous m'avez fait parvenir une demande d'autorisation d'exploiter pour les surfaces \nlist\u00e9es en annexe. \nAinsi, votre demande d'autorisation d'exploiter concernant un agrandissement de 0,5499 hectare a \u00e9t\u00e9 \nenregistr\u00e9e compl\u00e8te en date du 16-05-2025. \n \nConform\u00e9ment aux dispositions de l'article R.331-4 du code rural et de la p\u00eache maritime, cette demande \nfera l'objet d'une publicit\u00e9 par affichage en mairie des communes o\u00f9 sont situ\u00e9s les biens et d'une publication \nsur le site internet de la Pr\u00e9fecture des Yvelines.  \nJe vous informe que le Pr\u00e9fet de r\u00e9gion dispose d'un d\u00e9lai de 4 mois pour statuer sur votre demande \u00e0 partir \nde la r\u00e9ception de votre dossier complet. Ce d\u00e9lai est susceptible d'\u00eatre prolong\u00e9 de deux mois \nsuppl\u00e9mentaires conform\u00e9ment \u00e0 l'article R.331-6 du code rural et de la p\u00eache maritime. Dans ce cas, vous \nen serez avis\u00e9 avant la date en question.  \nEn l'absence de r\u00e9ponse de l'administration dans ce d\u00e9lai, votre demande sera tacitement accept\u00e9e \u00e0 \ncompter du 16-09-2025 . Dans ce cas, le pr\u00e9sent courrier sera publi\u00e9 au recueil des actes administratifs de la \nPr\u00e9fecture de r\u00e9gion d'\u00cele-de-France et en mairies des communes concern\u00e9es par les biens demand\u00e9s. Cette \npublication l\u00e9gale vaudra alors d\u00e9cision. \nMes services restent \u00e0 votre disposition pour tout renseignement compl\u00e9mentaire. \n \nJe vous prie d'agr\u00e9er, Monsieur, l'assurance de ma consid\u00e9ration distingu\u00e9e. \n \n \nPour la directrice d\u00e9partementale des territoires, \n \nle chef du service d'\u00e9conomie agricole, \n \nSign\u00e9 \n \nMaxence CLEMENT \n \n \n \n \nDirection r\u00e9gionale et interd\u00e9partementale de l'alimentation, de l'agriculture et de la for\u00eat d'Ile de France - IDF-2025-06-02-00031 -\nAccord tacite d'autorisation d'exploiter pour Monsieur Rapha\u00ebl CACERES sur les communes d'Orgeval et Poissy 16\n35, Rue de Noailles BP 1115 - 78011 Versailles Cedex \nwww.yvelines.pref.gouv.fr  \n \n \n \n \nANNEXE \n : Liste des parcelles de la demande d'autorisation d'exploiter \nde M. CACERES Rapha\u00ebl  \n \n \n \n \nCommune R\u00e9f\u00e9rence cadastrale Surface en ha Propri\u00e9taire \nOrgeval AE 122 0,1859 CACERES Rapha\u00ebl \nPoissy OD 93 0,3640 CACERES Rapha\u00ebl \n \n \n \n \n \n \n \n \n \n \n \n \n \n \n \n \nDirection r\u00e9gionale et interd\u00e9partementale de l'alimentation, de l'agriculture et de la for\u00eat d'Ile de France - IDF-2025-06-02-00031 -\nAccord tacite d'autorisation d'exploiter pour Monsieur Rapha\u00ebl CACERES sur les communes d'Orgeval et Poissy 17","date":"2025-09-19","first_seen_on":"2025-09-19T17:15:01+00:00","id":"9e29db419c8635fd1001fd8957b430c9af67e3f86b379f1a11db1664cd040807","name":"recueil-idf-046-2025-09-RAA-nominatifs du 19.09.2025","pdf_creation_date":"2025-09-19T14:57:40+00:00","pdf_modification_date":null,"timezone":"Europe/Paris","url":"https://www.prefectures-regions.gouv.fr/ile-de-france/irecontenu/telechargement/131144/963542/file/recueil-idf-046-2025-09-RAA-nominatifs%20du%2019.09.2025.pdf"}
