{"administration":"pref83","administration_name":"Pr\u00e9fecture du Var","content":"RECUEIL\nDES ACTES\nADMINISTRATIFS\nDE LA\nPR\u00c9FECTURE\nDU VAR\nNum\u00e9ro 15\nPubli\u00e9 le 23 janvier 2024\nBOULEVARD DU 112EME REGIMENT D'INFANTERIE \u2013 83070 TOULON CEDEX \u2013 TEL 04.94.18.83.83 TELECOPIE 04.94.18.82.83\nRECUEIL DES ACTES ADMINISTRATIFS\nDE LA PR\u00c9FECTURE DU VAR \nSOMMAIRE N\u00b015 publi\u00e9 le   23 janvier 2024  \nDIRECTION DES S\u00c9CURIT\u00c9S\n- Arr\u00eat\u00e9 pr\u00e9fectoral N\u00b02024-8 du 19 janvier 2024 portant modification d'agr\u00e9ment\nd'un \u00e9tablissement d'enseignement de la conduite des v\u00e9hicules \u00e0 moteur et de la\ns\u00e9curit\u00e9 routi\u00e8re\nDIRECTION DE LA CITOYENNET\u00c9 ET DE LA L\u00c9GALIT\u00c9\n- Arr\u00eat\u00e9 pr\u00e9fectoral N\u00b0 11/2024-BCLI approuvant la modification de la convention\nconstitutive du groupement d'int\u00e9r\u00eat public Agence de R\u00e9novation \u00c9nerg\u00e9tique Var\nEst \u2013 GIP AREVE\nDIRECTION DE LA COORDINATION DES POLITIQUES PUBLIQUES\nET DE L'APPUI TERRITORIAL\n-  Arr\u00eat\u00e9  pr\u00e9fectoral  portant  modification  de  la  composition  nominative  de  la\nformation sp\u00e9cialis\u00e9e \u00ab  publicit\u00e9 \u00bb de la commission d\u00e9partementale de la nature,\ndes paysages et des sites du Var\nDIRECTION D\u00c9PARTEMENTALE DES TERRITOIRES ET DE LA MER\n- Arr\u00eat\u00e9 pr\u00e9fectoral DDTM/SAF/BCFSP 2024-018 du 23/01/2024 confiant une mission \u00e0\nun Lieutenant de Louveterie.\nSOUS-PR\u00c9FECTURE DE BRIGNOLES\n- Arr\u00eat\u00e9 pr\u00e9fectoral SP/BARG/N\u00b02024/191 du 22 janvier 2024 portant convocation des\n\u00e9lecteurs de la commune de BARJOLS et fixant les d\u00e9lais de d\u00e9p\u00f4t des candidatures \nen vue de l'\u00e9lection partielle int\u00e9grale des conseillers municipaux et des conseillers \ncommunautaires.\nDIRECTION DE L'ADMINISTRATION P\u00c9NITENTIAIRE\nCentre P\u00e9nitentiaire de Toulon-La Farl\u00e8de\n- Arr\u00eat\u00e9 portant habilitation vid\u00e9oprotection 2024.01.19.\nCENTRE HOSPITALIER HENRI GUERIN\nPierrefeu-du-Var\n- D\u00e9cision N\u00b02024/01/33 portant constitution du coll\u00e8ge de l'article L 3211-2 \ndu code de la sant\u00e9 publique.\n- D\u00e9cision N\u00b0 2024/01/32 portant d\u00e9l\u00e9gation de signature.\nBOULEVARD DU 112EME REGIMENT D'INFANTERIE \u2013 83070 TOULON CEDEX \u2013 TEL 04.94.18.83.83 TELECOPIE 04.94.18.82.83\nPREFET  4  E\nDU  VAR  Direction  des  s\u00e9curit\u00e9s\nLibert\u00e9  | ' Service  de l'\u00e9ducation  et\n\u00c9galit\u00e9\nFraternit\u00e9  de la s\u00e9curit\u00e9  routi\u00e8res\nP\u00f4le  \u00e9ducation  routi\u00e8re\nARR\u00caT\u00c9  PR\u00c9FECTORAL  n\u00b02024-8du  - 19 JAN. 2024\nportant  modification  d'agr\u00e9ment  d'un  \u00e9tablissement  d'enseignement\nde la conduite  des  v\u00e9hicules  \u00e0 moteur  et de la s\u00e9curit\u00e9  routi\u00e8re\nLe pr\u00e9fet  du Var,\nOfficier  de la L\u00e9gion  d'honneur\nVu le Code  de la Route  et notamment  ses  articles  L 213-1  \u00e0 L 213-8  et R 213-1  \u00e0 R 213-6  ;\nVu le d\u00e9cret  n\u00b0 2009-1678  du 29 d\u00e9cembre  2009  relatif  \u00e0 l'enseignement  de la conduite  et \u00e0\nl'animation  de stages  de sensibilisation  \u00e0 la s\u00e9curit\u00e9  routi\u00e8re  ;\n-Vu l'arr\u00eat\u00e9  n\u00b0 0100026A  du 8 janvier  2001  modifi\u00e9  du Minist\u00e8re  de l'\u00c9quipement,  des Transports  et'\ndu Logement  relatif  \u00e0 l'exploitation  des  \u00e9tablissements  d'enseignement,  \u00e0 titre  on\u00e9reux,  de la\nconduite  des  v\u00e9hicules  \u00e0 moteur  et de la s\u00e9curit\u00e9  routi\u00e8re  ;\nVu le d\u00e9cret  2015-1537  du 25 novembre  2015  portant  diverses  dispositions  relatives  \u00e0 la formation\n\u00e0 la conduite  et \u00e0 la s\u00e9curit\u00e9  routi\u00e8re  ;\nVu l'arr\u00eat\u00e9  pr\u00e9fectoral.n\u00b0  2023/49/MCI  du 21 ao\u00fbt  2023  portant  d\u00e9l\u00e9gation  de signature  \u00e0 Madame\nla Directrice  de cabinet  de la pr\u00e9fecture  du Var  ;\nVu l'arr\u00eat\u00e9  pr\u00e9fectoral  du 2 mai  2019  autorisant  Monsieur  S\u00e9lim  ZENAGUI,  \u00e0 exploiter,  \u00e0 titre\non\u00e9reux,  l'\u00e9tablissement  d'enseignement  de la conduite  des  v\u00e9hicules  \u00e0 moteur  et de la s\u00e9curit\u00e9\nrouti\u00e8re  d\u00e9nomm\u00e9  \u00abZEN  CONDUITE\u00bb,  situ\u00e9  3 Place  du Hameau  du Caloussu  83520\nROQUEBRUNE-sur-ARGENS  et identifi\u00e9  sous  le num\u00e9ro  E1908300070  ;\nVu l'arr\u00eat\u00e9  pr\u00e9fectoral  n\u00b0 2024-3  du 11 janvier  2024  portant  renouvellement  de Iarrete  pr\u00e9fectoral\ndu 2 mai  2019  susmentionn\u00e9  ;\nConsid\u00e9rant  que  l'article  1 de l'arr\u00e9t\u00e9  pr\u00e9fectoral  n\u00b0 2024-3  du 11 janvier  2024  comportait  une\nerreur  de lieu  d'expioitation  ; .\nSur  proposition  de Madame  la directrice  de cabinet  du pr\u00e9fet  du Var  ;\n4/2\n\nARRETE\nARTICLE  1 :\nL'article  1 de l'arr\u00eat\u00e9  pr\u00e9fectoral  n\u00b0 2024-3  du 11 janvier  2024  portant  renouvellement  de l'agr\u00e9ment\ndu 2 mai  2019  autorisant  Monsieur  S\u00e9lim  ZENAGUI,  \u00e0 exploiter,  \u00e0 titre  on\u00e9reux,  l'\u00e9tablissement\nd'enseignement  de la conduite  des  v\u00e9hicules  \u00e0 moteur  et de la s\u00e9curit\u00e9  routi\u00e8re  d\u00e9nomm\u00e9  \u00abZEN\nCONDUITE\u00bb,  situ\u00e9  3 Place  du Hameau  du Caloussu  83520  PUGET-sur-ARGENS  et identifi\u00e9  sous\nle num\u00e9ro  E1908300070  est modifi\u00e9  comme  suit  :\n\u00ab larr\u00e9t\u00e9  pr\u00e9fectoral  du 2 mai  2019  autorisant  Monsieur  S\u00e9lim  ZENAGUI,  \u00e0 exploiter,  \u00e0 titre\non\u00e9reux,  l'\u00e9tablissement  d'enseignement  de la conduite  des  v\u00e9hicules  \u00e0 moteur  et de la s\u00e9curit\u00e9\nrouti\u00e8re  d\u00e9nomm\u00e9  \u00abZEN  CONDUITE\u00bb,  situ\u00e9  3 Place  du Hameau  du Caloussu  83520\nROQUEBRUNE-sur-ARGENS  et identifi\u00e9  sous  le num\u00e9ro  E1908300070  est renouvel\u00e9  pour  une\ndur\u00e9e  de cing  ans  \u00e0 compter  de la date  de publication  du pr\u00e9sent  arr\u00eat\u00e9  au recueil  des  actes\nadministratifs  de la Pr\u00e9fecture  du Var.  \u00bb\nARTICLE  2 :\nMadame  la directrice  de cabinet  du pr\u00e9fet  du Var  est charg\u00e9e  de l'ex\u00e9cution  du pr\u00e9sent  arr\u00eat\u00e9  qui\nsera  publi\u00e9  au recueil  des  actes  administratifs  de la pr\u00e9fecture  du Var.\nARTICLE  3:\nLe pr\u00e9sent  arr\u00eat\u00e9  peut  faire  l'objet  d'un  recours  gracieux  aupr\u00e8s  du pr\u00e9fet  du Var dans  un d\u00e9lai  de\ndeux  mois  \u00e0 compter  de la notification  du pr\u00e9sent  arr\u00eat\u00e9  ou d'un  recours  contentieux  devant  le\ntribunal  administratif  territorialement  comp\u00e9tent  dans  les m\u00eames  conditions  de d\u00e9lai.\nFait  \u00e0 Toulon,\nPour  le pr\u00e9fet  et par d\u00e9l\u00e9gation,\nLe D\u00e9l\u00e9gu\u00e9  \u00e0 l Ed\nEConf@rmement  aux d\\sposmons  de tamcle  R. 421-1 et suivants  du code de justice  administrative,  fe pr\u00e9sent  arr\u00eat\u00e9  peut faire Iobjet  |\ndans  un d\u00e9lai  de deux  mois  \u00e0 compter  de sa parution  :\n\u2014 d'un  recours  administratif  (recours  gracieux  aupr\u00e8s  du pr\u00e9fet  du Var  ou recours  hi\u00e9rarchique  aupr\u00e8s  du ministre  de l'int\u00e9rieur\n- d'un  recours  contentieux  devant  le tribunal  administratif  de Toulon.  Le tribunal  administratif  peut  \u00eatre  saisi  par  iapphcatlon\ninformatique  \u00ab T\u00e9l\u00e9recours  citoyens  \u00bb accessible  par le site  Internet  www  telerecours.fr\n242\n\nPREFET  DIRECTION  DE LA CITOYENNETE  ET DE LA LEGALITE\nDU VAR  Bureau  du contr\u00f4le  de l\u00e9galit\u00e9  et de I'intercommunalit\u00e9\nLibert\u00e9\n\u00c9galit\u00e9\nFraternit\u00e9\nARR\u00caT\u00c9  PR\u00c9FECTORAL  n\u00b0 11/2024-BCLI\napprouvant  la modification  de la convention  constitutive  du groupement  d'int\u00e9r\u00eat  public\nAgence  de R\u00e9novation  Energ\u00e9tique  Var  Est \u2014 GIP  AREVE\nLe Pr\u00e9fet  du Var,\nVu la loi n\u00b02011-525  du 17 mai 2011  de simplification  et d'am\u00e9lioration  de la qualit\u00e9  du droit,\nnotamment  son  chapitre  Il ;\nVu le d\u00e9cret  n\u00b0 2012-91  du 26 janvier  2012  relatif  aux groupements  d'int\u00e9r\u00eat  public,\nnotamment  le V de l'article  4 ;\nVu le d\u00e9cret  du Pr\u00e9sident  de la R\u00e9publique  du 13 juillet  2023,  portant  nomination  de\nMonsieur  Philippe  MAHE,  pr\u00e9fet  du Var  ;\nVu l'arr\u00e9t\u00e9  pr\u00e9fectoral  n\u00b0 2023/47/MCI  du 21 ao\u00fbt  2023  portant  d\u00e9l\u00e9gation  de signature  \u00e0\nMonsieur  Lucien  GIUDICELLI,  secr\u00e9taire  g\u00e9n\u00e9ral  de la pr\u00e9fecture  du Var ;\nVu l'arr\u00eat\u00e9  pr\u00e9fectoral  n\u00b0 89/2016-BCL  du 28 d\u00e9cembre  2016  portant  cr\u00e9ation  du groupement\nd'int\u00e9r\u00eat  public  Agence  de R\u00e9novation  Energ\u00e9tique  Var  Est - AREVE  ;\nVu l'arr\u00eat\u00e9  pr\u00e9fectoral  n\u00b0475/2021-BCL  du 23 novembre  2021  modifiant  le si\u00e8ge  social  du\ngroupement  d'int\u00e9r\u00eat  public  Agence  de R\u00e9novation  Energ\u00e9tique  Var Est - AREVE  ;\nVu la d\u00e9lib\u00e9ration  n\u00b0002  du 3 octobre  2023  approuvant  la modification  de I'objet  du GIP  ;\nConsid\u00e9rant  que,  lors de l'assembl\u00e9e  g\u00e9n\u00e9rale  du 3 octobre  2023  la modification  de l'objet  du\nGIP AREVE  a \u00e9t\u00e9 approuv\u00e9e  par la majorit\u00e9  qualifi\u00e9e  requise  pour  proc\u00e9der  \u00e0 cette\nmodification  statutaire  ;\nConsid\u00e9rant  l'avenant  n\u00b02 \u00e0 la convention  constitutive,  portant  modification  de l'objet  du\nGIP,  sign\u00e9  par la pr\u00e9sidente  du GIP  AREVE,\nConsid\u00e9rant  l'avis  favorable  rendu  par la DDFIP  du Var par courrier  en date  du 16 novembre\n2023  ;\nSur proposition  du secr\u00e9taire  g\u00e9n\u00e9ral  de la pr\u00e9fecture  du Var.\n1/2\n\nARRETE\nArticle  1\" : La modification  de la convention  constitutive  du groupement  d'int\u00e9r\u00e9t  public\nAgence  de R\u00e9novation  Energ\u00e9tique  Var Est - AREVE  est approuv\u00e9e.\nArticle  2 : L'avenant  n\u00b02 \u00e0 la convention  constitutive  du GIP AREVE  est joint  au pr\u00e9sent  arr\u00eat\u00e9.\nArticle  3: Le secr\u00e9taire  g\u00e9n\u00e9ral  de la pr\u00e9fecture  du Var, la pr\u00e9sidente  du GIP AREVE,  le\ndirecteur  d\u00e9partemental  des finances  publiques  du Var sont charg\u00e9s,  chacun  en ce qui le\nconcerne,  de l'ex\u00e9cution  du pr\u00e9sent  arr\u00eat\u00e9  qui sera publi\u00e9  au recueil  des actes  administratifs\nde la pr\u00e9fecture  du Var et dont  copie  sera transmise  au directeur  des archives\nd\u00e9partementales.\nFait \u00e0 Toulon,  le 2 3 JAN. 2024\nLe pr\u00e9fet,\nstet c| par d\u00e9l\u00e9gation.\ne g\u00e9n\u00e8ra\\.\nN\nDans un d\u00e9lai de deux mois \u00e0 compter  de la date de la notification  ou de la publication  du pr\u00e9sent  arr\u00eat\u00e9,  les recours  suivants\npeuvent  \u00eatre introduits  conform\u00e9ment  aux dispositions  des articles  R. 421-1 et suivants  du code  de justice  administrative  :\n- un recours  gracieux,  adress\u00e9  \u00e0 : M. le Pr\u00e9fet  du Var - Bd du 112\u00e8me  r\u00e9giment  d'infanterie-  CS 31209  - 83070  TOULON  CEDEX\n- un recours  hi\u00e9rarchique,  adress\u00e9  au ministre  de l'int\u00e9rieur  - Place  Beauvau  - 75800  PARIS\n| Dans  les deux  cas, le silence  de l'administration  vaut  rejet  implicite  au terme  d'un d\u00e9lai  de deux  mois.\nApr\u00e8s  un recours  gracieux  ou hi\u00e9rarchique,  le d\u00e9lai du recours  contentieux  ne court  qu'\u00e0 compter  du rejet explicite  ou implicite  |\nde l'un  de ces  recours.\n- un recours  contentieux,  en saisissant  le Tribunal  Administratif  de Toulon  : 5 rue Racine  -BP 40510  - 83 041 TOULON  CEDEX  9\nLe tribunal  administratif  peut \u00eatre saisi par I'application  informatique  \u00ab T\u00e9l\u00e9recours  citoyens  \u00bb accessible  par le site internet\nL www.telerecours.fr  \u00bb }\n2/2\n\nPour le Pr\u00e9fet et par d\u00e9l\u00e9gation,\nle sebr\u00e9taire  g\u00e9n\u00e9ral,\nN 3 JAN. 20242%  ARONPINp : France  G\\UDICELLIe  \u00ab ;\n<CF\n2a07\nAvenant  n\u00b02 \u00e0 la convention  constitutive  du GIP (Groupement\nd'Int\u00e9r\u00e9t  Public  AREVE  (Agence  de R\u00e9novation  Energ\u00e9tique  Var Est)\nVu la loi n\u00b0 2011-525  du 17 mai 2011  de simplification  et d'am\u00e9lioration  de la qualit\u00e9  du\ndroit,  notamment  ses articles  99 et 102,\nVu le d\u00e9cret  n\u00b02012-91  du 26 janvier  2012  relatif  aux groupements  d'int\u00e9r\u00eat  public,\nVu la Convention  Constitutive  du Groupement  d'int\u00e9r\u00eat  Public  AREVE,  approuv\u00e9e  par arr\u00eat\u00e9\npr\u00e9fectoral  n\u00b0 89/2016  BCL du 28 d\u00e9cembre  2016,\nVu la d\u00e9lib\u00e9ration  n\u00b0160628/4  du 28 juin  2016  du Conseil  Communautaire  approuvant\nl'adh\u00e9sion  de la Communaut\u00e9  de Communes  du Pays  de Fayence  au GIP AREVE,\nVu la d\u00e9lib\u00e9ration  n\u00b019  du 30 juin 2016  du Conseil  d'Agglom\u00e9ration  approuvant  l'adh\u00e9sion\nde la Communaut\u00e9  d'Agglom\u00e9ration  Var Est\u00e9rel  M\u00e9diterran\u00e9e  (aujourd'hui  Est\u00e9rel  C\u00f4te\nd'Azur  Agglom\u00e9ration)  au GIP AREVE,\nVu la d\u00e9lib\u00e9ration  n\u00b0C_2016_088  du 30 juin 2016  du Conseil  d'Agglom\u00e9ration  approuvant\nl'adh\u00e9sion  de la Communaut\u00e9  d'Agglom\u00e9ration  Drac\u00e9noise  (aujourd'hui  Drac\u00e9nie  Provence\nVerdon  Agglom\u00e9ration)  au GIP AREVE,\nVu les d\u00e9lib\u00e9rations  de l'Assembl\u00e9e  G\u00e9n\u00e9rale  du 23 septembre  2021  du Groupement\nd'int\u00e9r\u00eat  Public  AREVE  approuvant  le d\u00e9m\u00e9nagement  du si\u00e8ge  social,\nVu l'Arr\u00eat\u00e9  Pr\u00e9fectoral  AP/475  2021  du 23 novembre  2021  portant  approbation  de l'avenant\nn\u00b01 \u00e0 la Convention  Constitutive  du Groupement  d'int\u00e9r\u00eat  Public  AREVE,\nLes dispositions  de l'article  2 de la convention  constitutive  sont  modifi\u00e9es  comme  suit :\nArticle  2 \u2014 Objet  et missions  du GIP  AREVE\nLe Groupement  a pour  objectif  d'accro\u00eetre  le nombre  de projets  de r\u00e9novation  \u00e9nerg\u00e9tique\net \u00e0 encourager  les r\u00e9novations  performantes  et les r\u00e9novations  globales  sur le territoire  de\nses membres.  |l pourra  \u00e0 ce titre  s'inscrire  dans  les dispositifs  nationaux  mis en place  (Mon\nAccompagnateur  R\u00e9nov'  en 2024)  ou r\u00e9pondre  \u00e0 tout  appel  \u00e0 projet  lanc\u00e9  sur cette\nth\u00e9matique.\n\n5P Lc /'\\  France\n; R\u00e9nov'\nLe service  public  pour  mieux\nr\u00e9nover  mon  habitat\nA cet effet,  il a notamment  pour  missions  :\n- d'assurer  l'information,  le conseil  et l'accompagnement  des consommateurs\nsouhaitant  diminuer  leur  consommation  \u00e9nerg\u00e9tique,  au titre  du service  public  de la\nperformance  \u00e9nerg\u00e9tique  de l'habitat\n- - de favoriser  la mobilisation  des professionnels  et du secteur  bancaire,  d'animer  un\nr\u00e9seau  de professionnels  et d'acteurs  locaux  (articles  232-1  et 232-2  du Code  de\nl'\u00e9nergie)\n- de r\u00e9aliser  les missions  d'ing\u00e9nierie,  \u00e9tudes  et diagnostics  pr\u00e9alables  n\u00e9cessaires  au\nd\u00e9veloppement  des projets,  y compris  des audits  \u00e9nerg\u00e9tiques,  sous  r\u00e9serve  des\nqualifications  n\u00e9cessaires\n- d'assurer  des missions  d'assistance  \u00e0 ma\u00eetrise  d'ouvrage  pour  accompagner  ses\ncollectivit\u00e9s  membres  sur des projets  d'intervention  sur l'habitat  priv\u00e9\n- de prendre  en charge  les missions  de suivi-animation  des op\u00e9rations  programm\u00e9es\nfinanc\u00e9es  sur son territoire\nArticle  3 \u2014 Missions  du GIP\nAbrog\u00e9.\nMartine  ARENAS\n\nDirection  de la coordination\nPR\u00c9FET  - des politiques  publiques  et\nDU VAR  de l'appui  territorial\nLibert\u00e9  Bureau  de l'environnement  et du d\u00e9veloppement  durable\n\u00c9galit\u00e9\nFraternit\u00e9\nARR\u00caT\u00c9  PR\u00c9FECTORAL\nportant  modification  de la composition  nominative  de la formation  sp\u00e9cialis\u00e9e  \u00ab publicit\u00e9  \u00bb\nde la commission  d\u00e9partementale  de la nature,  des  paysages  et des  sites  du Var\nLe pr\u00e9fet  du Var,\nVu le code  de l'environnement,  notamment  les articles  R341-16  \u00e0 R341-20  ;\nVu le code  g\u00e9n\u00e9ral  des  collectivit\u00e9s  territoriales  ;\nVu le code  des  relations  entre  le public  et l'administration,  notamment  les articles\nR133-1  \u00e0 R133-15  ;\nVu le d\u00e9cret  n\u00b0 2011-833  du 12 juillet  2011  modifi\u00e9  fixant  la liste  des  instances  consultatives\nayant  vocation  \u00e0 examiner  les politiques  d'environnement  et de d\u00e9veloppement  durable  ;\nVu le d\u00e9cret  du Pr\u00e9sident  de la R\u00e9publique  du 13 juillet  2023  nommant  M. Philippe  MAH\u00c9\npr\u00e9fet  du Var  ;\nVu le d\u00e9cret  du Pr\u00e9sident  de la R\u00e9publique  du 15 avril  2022  nommant  M. Lucien  GIUDICELLI,\nsecr\u00e9taire  g\u00e9n\u00e9ral  de la pr\u00e9fecture  du Var,  sous-pr\u00e9fet  de l'arrondissement  de Toulon  ;\nVu l'arr\u00eat\u00e9  pr\u00e9fectoral  n\u00b0 202/47/MCI  du 21 ao\u00fbt  2023  portant  d\u00e9l\u00e9gation  de signature  \u00e0\nM. Lucien  GIUDICELLI,  secr\u00e9taire  g\u00e9n\u00e9ral  de la pr\u00e9fecture  du Var  ;\nVu l'arr\u00eat\u00e9  pr\u00e9fectoral  du 5 octobre  2006  portant  cr\u00e9ation  de la commission  d\u00e9partementale\nde la nature,  des  paysages  et des  sites  du Var  ;\nVu l'arr\u00eat\u00e9  pr\u00e9fectoral  du 6 octobre  2022  portant  renouvellement  de la composition\nnominative  de la formation  sp\u00e9cialis\u00e9e  \u00ab publicit\u00e9  \u00bb de la commission  d\u00e9partementale  de la\nnature,  des  paysages  et des  sites  du Var  ;\nVu l'arr\u00eat\u00e9  pr\u00e9fectoral  du 10 janvier  2023  portant  modification  de la composition  nominative\nde la formation  sp\u00e9cialis\u00e9e  \u00ab publicit\u00e9  \u00bb de la commission  d\u00e9partementale  de la nature,  des\npaysages  et des  sites  du Var  ; '\n\nVu le courrier  du 7 janvier  2024,  par  lequel  la pr\u00e9sidente  de I'association  varoise  pour  la\nsauvegarde  de lagriculture,  de la nature  et de l'environnement  (AVSANE)  propose  la\nd\u00e9signation  de Mme  Marie-Annick  GENNERAT  pour  repr\u00e9senter  l'association  et si\u00e9ger  au sein\ndu troisi\u00e8me  coll\u00e8ge  de la formation  \u00ab publicit\u00e9  \u00bb de la commission  d\u00e9partementale  de la\nnature,  des  paysages  et des  sites  du Var  ;\nConsid\u00e9rant  qu'il  convient,  en cons\u00e9quence,  de proc\u00e9der  au renouvellement  de la\ncomposition  nominative  du troisi\u00e8me  coll\u00e8ge  de cette  commission  ;\nSur  proposition  du secr\u00e9taire  g\u00e9n\u00e9ral  de la pr\u00e9fecture  du Var,\nARR\u00caTE\nArticle  1er\nLa formation  sp\u00e9cialis\u00e9e  \u00ab publicit\u00e9\u00bb  de la commission  d\u00e9partementale  de la nature,  des\npaysages  et des  sites  du Var,  pr\u00e9sid\u00e9e  par  le pr\u00e9fet  ou son  repr\u00e9sentant,  est compos\u00e9e\ncomme  suit  :\n1. Coll\u00e9ge  des repr\u00e9sentants  de l'\u00c9tat\n> le directeur  r\u00e9gional  de l'environnement,  de l'am\u00e9nagement  et du logement  ou son\nrepr\u00e9sentant  ;\n\u00bb deux  repr\u00e9sentants  du directeur  des  territoires  et de la mer,  au titre  de l'urbanisme  et\nde l'agriculture  ;\n\u00bb la cheffe  de l'unit\u00e9  d\u00e9partementale  de l'architecture  et du patrimoine  ou son\nrepr\u00e9sentant.\n2. Coll\u00e8ge  des  repr\u00e9sentants  des  collectivit\u00e9s  territoriales  et des  \u00e9tablissements  publics  de\ncoop\u00e9ration  intercommunale\n> maires\nTitulaire  \u2014 : Mme  Carine  PAILLARD,  maire  de Plan-d'Aups-Sainte-Baume  ;\nSuppl\u00e9ant  : M. Laurent  GUEIT,  maire  de Mazaugues  ;\nTitulaire  \u2014 : M. Philippe  BARTHELEMY,  maire  de Saint-Cyr-sur-mer  ;\nSuppl\u00e9ante  : Mme  Blandine  MONIER,  maire  d'\u00c9venos  ;\n> conseillers  d\u00e9partementaux\nTitulaire  : Mme  Andr\u00e9e  SAMAT  ;\nSuppl\u00e9ante  : Mme  Martine  ARENAS  ;\n\n> repr\u00e9sentants  d'\u00e9tablissement  public  de coop\u00e9ration  intercommunale\nTitulaire  : M. Gilles  VINCENT,\nvice-pr\u00e9sident  de la m\u00e9tropole  Toulon-Provence-M\u00e9diterran\u00e9e  ;\nSuppl\u00e9ant  : M. Rolland  BALBIS,\npr\u00e9sident  de la communaut\u00e9  de communes  \u00ab Lacs  et gorges  du Verdon  \u00bb.\n3. Coll\u00e8ge  des  personnels  qualifi\u00e9s  en mati\u00e8re  de science  de la nature,  de protection  des  sites\nou du cadre  de vie et des  repr\u00e9sentants  d'associations  agr\u00e9\u00e9es  de protection  de\nl'environnement\n> personnalit\u00e9s  qualifi\u00e9es  en mati\u00e8re  de science  de la nature,  de protection  des  sites  ou\ndu cadre  de vie\nTitulaire  : M. Fr\u00e9d\u00e9ric  ETHEVE,  \u00e9cologue  ;\nSuppl\u00e9ant  : M. Yves  MORVANT,  \u00e9cologue  ;\nTitulaire  _ : M. Jean-Pierre  CLARAC,  paysagiste  ;\nSuppl\u00e9ant  : M. Didier  COROT,  paysagist\u00e8;\n> associations  agr\u00e9\u00e9es  de protection  de l'environnement\nTitulaire  ... : Mme  Marie-Annick  GENNERAT,\navssociation  varoise  pour la sauvegarde  de l'agriculture,  de la nature  et de\nl'environnement  (AVSANE)  ;\nSuppl\u00e9ante  : Mme  Annie  COMBES,\nassociation  varoise  pour  la sauvegarde  de l'agriculture,  de la nature  et de\nl'environnement  (AVSANE)  ;\nTitulaire  : M. Michel  BLAISE,\nunion  d\u00e9partementale  du Var  pour  la sauvegarde  de la vie et de la nature\nFrance  nature  environnement  (UDVN-FNE  83);\nSuppl\u00e9ant  : M. Patrick  LAFFITE,\nunion  d\u00e9partementale  du Var  pour  la sauvegarde  de la vie et de la nature\nFrance  nature  environnement  (UDVN-FNE  83).\n\n4. Coll\u00e8ge  des  professionnels  repr\u00e9sentant  les entreprises  de publicit\u00e9  et les fabricants\nd'enseignes\n> publicit\u00e9\nTitulaire  \u2014 : M. Patrice  QUESNE  (MPE-Avenir)  ;\nSuppl\u00e9ant  : M. Antoine  MOULIN  (MPE-Avenir)  ;\nTitulaire  : M. J\u00e9r\u00f4me  BRISSON  (INSERT)  ;\nSuppl\u00e9ant  : M. Charles-Henri  DOUMERC  (UPE)  ;\nTitulaire  _ : M. St\u00e9phane  GAFFORI  (Clear  channel  France)  ;\nSuppl\u00e9ant  : Mme  Cl\u00e9mence  LORENZATO  (Clear  channel  France)  ;\n\u00bb Enseignes\nTitulaire  : M. Bernard  VOARINO  (e-visions)  ;\nSuppl\u00e9ant  : Mme  Gwena\u00eblle  GIL-PAILLIEUX  (e-visions).\nArticle  2\nLe pr\u00e9sent  arr\u00e9t\u00e9  peut  faire  l'objet  d'un  recours  gracieux  adress\u00e9  au pr\u00e9fet  du Var,  ou d'un\nrecours  hi\u00e9rarchique  aupr\u00e8s  du ministre  de tutelle  ou d'un  recours  contentieux  devant  le\ntribunal  administratif  de Toulon,  dans  un d\u00e9lai  de deux  mois  \u00e0 compter  de sa date  de\nnotification  ou de publication  au recueil  des  actes  administratifs  de la pr\u00e9fecture.\nLe silence  gard\u00e9  par  'administration  pendant  plus  de deux  mois  sur la demande  de recours\ngracieux  emporte  d\u00e9cision  implicite  de rejet  de cette  demande  conform\u00e9ment  \u00e0 l'article\nR421-2  du code  de justice  administrative.\nCette  d\u00e9cision  implicite  de rejet  peut  alors  faire  l'objet  d'un  recours  devant  le tribunal\nadministratif  territorialement  comp\u00e9tent  dans  un d\u00e9lai  de deux  mois.\nDans  le cas oU Un recours  contentieux  serait  engag\u00e9  devant  le tribunal  administratif  de\nToulon,  il intervient  par  un d\u00e9p\u00f4t  de requ\u00eate,  soit  aupr\u00e8s  de l'accueil  de la juridiction,  soit  par\ncourrier  ou au moyen  de l'application  informatique  \"T\u00e9l\u00e9recours  citoyen\"  accessible  par  le\nsite  internet  www.telerecours.fr.\n\nArticle  3\nLe secr\u00e9taire  g\u00e9n\u00e9ral  de la pr\u00e9fecture  du Var  est charg\u00e9  de I'ex\u00e9cution  du pr\u00e9sent  arr\u00e9t\u00e9  qui\nsera  publi\u00e9  au recueil  des  actes  administratifs  de la pr\u00e9fecture  du Var  et dont  copie  sera\nadress\u00e9e  aux  membres  de la commission  d\u00e9partementaie  de la nature,  des  paysages  et des\nsites  dans  sa formation  \u00ab publicit\u00e9  \u00bb.\nFait  \u00e0 Toulon,  le 22  JAN.  2024\nLucien  GIUDICELL  |\n\nEx\nPREFET\nDU  VAR\nL'z'bert\u00e9\nEgalit\u00e9\nFraternit\u00e9\nLa Cheffe  du Service\nAgriculture  et For\u00eat\nAnng  RABAULT\nDirection d\u00e9partementale\ndes territoires et de la mer du Var\nARR\u00caT\u00c9 PR\u00c9FECTORAL DDTM/SAF/BCFSP 2024- 018 DU 23/01/2024\nCONFIANT UNE MISSION A UN LIEUTENANT DE LOUVETERIE\nLe pr\u00e9fet,\nVU le code de l'environnement, et notamment ses articles L. 427-1 \u00e0 -7, et R. 427-1 \u00e0 -3  ;\nVU la loi n\u00b0 2005-157 du 23 f\u00e9vrier 2005 relative au d\u00e9veloppement des territoires ruraux  ;\nVU l'arr\u00eat\u00e9 minist\u00e9riel du 27/03/1973, fixant les modalit\u00e9s d'application de la loi du 9/07/1971  ;\nVU l'arr\u00eat\u00e9 pr\u00e9fectoral du 7 mars 2022 relatif \u00e0 la nomination des Lieutenants de Louveterie\npour la p\u00e9riode 2020-2025  ;\nVU l'arr\u00eat\u00e9 pr\u00e9fectoral n\u00b02023/63/MCI du  21 ao\u00fbt 2023 portant d\u00e9l\u00e9gation de signature \u00e0\nMonsieur Laurent Boulet, directeur d\u00e9partemental des territoires et de la mer  ;\nVU l'arr\u00eat\u00e9 pr\u00e9fectoral n\u00b0DDTM/MPCA/ 2023-03 du 26 septembre 2023 donnant subd\u00e9l\u00e9gation\nde signature ;\nCONSID\u00c9RANT la demande de M.AUDIBERT Yannick qui subit des d\u00e9g\u00e2ts li\u00e9s au renard sur ses\nvoli\u00e8res \u00e0 gibier sur la commune du Cannet-des-Maures  ;\nSUR proposition de M. le directeur d\u00e9partemental des territoires et de la mer  ;\nARR\u00caTE\nARTICLE 1er : Mission est donn\u00e9e au lieutenant de louveterie Christian Augero  d'intervenir sur\nla  commune du Cannet-des-Maures, et plus particuli\u00e8rement sur les secteurs L'HOSTE, LES\nAIGUILLES,  LES  ORMEAUX,  LES  LACS,  PEGUIER,  RIVE  GAUCHE,  RIVE  DROITE,  PLATEAU\nCENTRE et PLATEAU VIGNES,  et de d\u00e9truire \u00e0 tir les renards qui commettent une pr\u00e9dation sur\nce secteur.\nARTICLE 2 : Cette mission est confi\u00e9e \u00e0 titre personnel. Cependant, pour l'exercice de celle-ci,\nM.Augero pourra s'adjoindre ou se faire remplacer par tout autre lieutenant de louveterie\nd\u00e9sign\u00e9 par l'arr\u00eat\u00e9 pr\u00e9fectoral du 7 mars susvis\u00e9.\nPourront \u00e9galement l'assister dans sa mission  : une personne maniant la source lumineuse, une\nautre, ou deux en cas de besoin, veillant tout particuli\u00e8rement aux conditions de s\u00e9curit\u00e9\ndurant ces op\u00e9rations, ces personnes n'\u00e9tant en aucun cas autoris\u00e9es \u00e0 porter et/ou utiliser\nune arme.\nArticle 3 : Cette mission, d'une dur\u00e9e d'un mois \u00e0 compter de la signature du pr\u00e9sent arr\u00eat\u00e9,\npeut s'exercer :\n\uf0b7uniquement \u00e0 proximit\u00e9 d es secteurs L'HOSTE, LES AIGUILLES, LES ORMEAUX, LES LACS,\nPEGUIER, RIVE GAUCHE, RIVE DROITE, PLATEAU CENTRE et PLATEAU VIGNES  ;\n\uf0b7\u00e0 l'aide de tout proc\u00e9d\u00e9 r\u00e9glementaire  ;\n\uf0b7et \u00e0 l'aide des moyens suivants  : v\u00e9hicules, sources lumineuses, cages, arme munie d'un\nsilencieux  ainsi que des appareils de vision nocturne ou thermique.  Dans le cadre de ses\nmissions, M. Augero pourra \u00e9quiper son v\u00e9hicule d'un gyrophare.\nARTICLE 4 : Les renards abattus seront conduits \u00e0 l'\u00e9quarrissage ou enfouis.\nARTICLE  5  :  Le  lieutenant  de  louveterie  adressera  sans  d\u00e9lai  un  compte-rendu  de  ses\ninterventions  au  directeur  d\u00e9partemental  des  territoires  et  de  la  mer  et  rendra  compte\nnotamment des difficult\u00e9s qu'il aura rencontr\u00e9es et des incidents qui seront \u00e9ventuellement\nsurvenus dans l'exercice de sa mission.\nIl pr\u00e9viendra du jour, de l'heure et du lieu de la mission, le service d\u00e9partemental de l'office\nfran\u00e7ais de la biodiversit\u00e9 et le chef de la brigade de gendarmerie.\nARTICLE 6  : Le secr\u00e9taire g\u00e9n\u00e9ral de la pr\u00e9fecture du Var, le directeur d\u00e9partemental des\nterritoires et de la mer, M.Christian Augero, ses suppl\u00e9ants sont charg\u00e9s, chacun en ce qui les\nconcerne, de l'ex\u00e9cution du pr\u00e9sent arr\u00eat\u00e9 dont une ampliation sera transmise au pr\u00e9sident de\nla  f\u00e9d\u00e9ration  d\u00e9partementale  des  chasseurs  du  Var,  au  commandant  du  groupement  de\ngendarmerie  du  Var,  au  commandant  de  la  brigade  de  gendarmerie  territorialement\ncomp\u00e9tente,  au  chef  du  service  d\u00e9partemental  de  l'office  fran\u00e7ais  de  la  biodiversit\u00e9,  au\npr\u00e9sident de l'association d\u00e9partementale des lieutenants de louveterie et au maire du Cannet-\ndes-Maures, pour affichage en mairie, et tous les agents ayant des fonctions de police judiciaire\nsont charg\u00e9s, chacun en ce qui le concerne, de l'ex\u00e9cution du pr\u00e9sent arr\u00eat\u00e9, qui sera publi\u00e9 au\nrecueil des actes administratifs de la pr\u00e9fecture.\nFait \u00e0 Toulon, le 23/01/24Destinataires :-le lieutenant de louveterie  ;-le commandant du groupement de gendarmerie ;-l'O.FB ;-la F.D.C.V. ;-le maire du  Cannet-des-Maures\n\nEZ\nPR\u00c9FET  Sous-Pr\u00e9fecture  de Brignoles\nDU VAR\nLibert\u00e9\n\u00c9galit\u00e9\nFraternit\u00e9\nARR\u00caT\u00c9  PR\u00c9FECTORAL  SP/BARG/N\u00b0  2024/191  du 22 janvier  2024\nportant  convocation  des \u00e9lecteurs  de la commune  de BARJOLS  et fixant  les d\u00e9lais  de d\u00e9p\u00f4t  des\ncandidatures  en vue de l'\u00e9lection  partielle  int\u00e9grale  des conseillers  municipaux\net des conseillers  communautaires\n(dimanche  10 mars  2024  et dimanche  17 mars  2024)\nLE SOUS-PR\u00c9FET  DE BRIGNOLES\nVU le code  \u00e9lectoral,  et notamment  les articles  L.247,  L.260  \u00e0 L.270  ;\nVU le code  g\u00e9n\u00e9ral  des collectivit\u00e9s  territoriales  et notamment  les articles  L.2122-8  ;\nVu le d\u00e9cret  du Pr\u00e9sident  de la R\u00e9publique  du 13 juillet  2023  portant  nomination  de\nM. MAHE  Philippe,  pr\u00e9fet  du var  ;\nVu l'arr\u00eat\u00e9  pr\u00e9fectoral  n\u00b0 2023/51/MCI  du 21 ao\u00fbt  2023,  donnant  d\u00e9l\u00e9gation  de signature  \u00e0\nMonsieur  Charbel  ABOUD,  Sous-Pr\u00e9fet  de I'arrondissement  de BRIGNOLES  ;\nVU le chiffre  de la population  municipale  de la commune  de BARJOLS  arr\u00eat\u00e9  \u00e0 3056  habitants,\ndont  39 habitants  compt\u00e9s  \u00e0 part  ;\nVU les lettres  de d\u00e9mission  de leur mandat  des conseillers  municipaux  suivants  :\nMonsieur  Fran\u00e7ois  VOLPI  ;\nMonsieur  Maurice  JEAN  ;\nMonsieur  Andr\u00e9  APARICIO  ;\nMadame  Magali  SARDOU  ;\nMonsieur  Daniel  GERVASONI  ;\nMonsieur  Laurent  MICHEL  ;\nVU les lettres  de d\u00e9mission  des membres  de la liste compl\u00e9mentaire  ne souhaitant  pas si\u00e9ger  au\nconseil  municipal  de Barjols  ;\nMonsieur  Richard  ORTIZ  ;\nMonsieur  Bruno  DELPORT  ;\nMadame  Estelle  VIEU  ;\nMadame  Odile  BLANC  ;\nMonsieur  Franck  BARANGER  ;\nMadame  Audrey  MERLINO  :\nMonsieur  Sylvain  BASCHIERI  ;\n16\n\nMonsieur  Michel  DOZOL  ;\nMadame  Fabienne  SALERY  ;\nMonsieur  Alain  ISNARD  ;\nMadame  Roxane  LAGIER  ;\nMadame  Aur\u00e9lie  BEN  SLIMANE  ;\nMadame  Magali  GERVASONI  ;\nMadame  Nathalie  LAURENZATI  ;\nMonsieur  J\u00e9r\u00f4me  IBBA  ;\nMadame  Jessica  GORGERIN  ;\nMonsieur  Samuel  SELLERIAN  ;\nMonsieur  Philippe  CLAUDE  ; 3\nf\nCONSID\u00c9RANT  que l'effectif  l\u00e9gal  du conseil  municipal  de la commune  de BARJOLS  est de 23\nmembres  et que le conseil  municipal  est incomplet  pour  proc\u00e9der  \u00e0 l'\u00e9lection  du Maire  ;\nCONSID\u00c9RANT  que conform\u00e9ment  \u00e0 l'article  L 2122-8  du code  g\u00e9n\u00e9ral  des collectivit\u00e9s\nterritoriales,  le conseil  municipal  doit \u00eatre complet  pour  proc\u00e9der  \u00e0 l'\u00e9lection  du maire  ; qu'en\napplication-de  l'article  L 270 du code  \u00e9lectoral,  il est proc\u00e9d\u00e9  au renouvellement  du conseil\nmunicipal  sfit.est  n\u00e9cessaire  de compl\u00e9ter  le conseil  municipal  avant  l'\u00e9lection  d'un  nouveau\nmaire  ;\nCONSID\u00c9RANT  les vacances  intervenues  au sein du conseil  municipal  de BARJOLS  en raison  des\nd\u00e9missions  successives  des conseillers  municipaux  ;\nCONSID\u00c9RANT  que la possibilit\u00e9  de faire  appel  aux candidats  suivants  de liste,  afin de pourvoir\nau remplacement  des si\u00e8ges  devenus  vacants  par l'effet  de ces d\u00e9missions,  est \u00e9puis\u00e9e  ;\nCONSID\u00c9RANT  qu'il  y a d\u00e8s lors lieu d'organiser  une \u00e9lection  municipale  partielle  int\u00e9grale  pour\nrenouveler  le conseil  municipal  dans  son ensemble  et des conseillers  communautaires  appel\u00e9s  \u00e0\nrepr\u00e9senter  la commune  de BARJOLS  au sein du Conseil  Communautaire  de la Communaut\u00e9  de\nCommune  Provence  Verdon  ;\nCONSID\u00c9RANT  que,  conform\u00e9ment  aux dispositions  de l'article  L 247 du code  \u00e9lectoral,  les\n\u00e9lecteurs  sont  convoqu\u00e9s  pour  des \u00e9lections  partielles  par arr\u00eat\u00e9  du sous-pr\u00e9fet\nd'arrondissement  au moins  six semaines  avant  l''\u00e9lection  et que cet arr\u00eat\u00e9  est publi\u00e9  dans  la\ncommune  concern\u00e9e  ;\nSUR  proposition  de Monsieur  le secr\u00e9taire  g\u00e9n\u00e9ral  de la sous-pr\u00e9fecture  de BRIGNOLES,\nARRETE\nARTICLE  1* : CONVOCATION  DES  ELECTEURS\nLes \u00e9lecteurs  de la commune  de BARJOLS  sont convoqu\u00e9s  le dimanche  10 mars 2024 afin de '\nproc\u00e9der  \u00e0 l'\u00e9lection  de vingt-trois  (23) conseillers  municipaux  et de cinq (5) conseillers\ncommunautaires  appel\u00e9s  \u00e0 repr\u00e9senter  la commune  de BARJOLS  au sein du Conseil\nCommunautaire  de la Communaut\u00e9  de Commune  Provence  Verdon.\nDans  l'hypoth\u00e8se  d'un  second  tour,  il y sera proc\u00e9d\u00e9  le dimanche  17 mars  2024  dans  les m\u00eames\nconditions  qu'au  premier  tour.\n2/6\n\nARTICLE  2 : HORAIRES  DU SCRUTIN\nLe scrutin  sera ouvert  \u00e0 8h00  et clos le m\u00eame  jour \u00e0 18h00.  Ces dispositions  sont  valables  pour\nles deux  tours  de scrutin.\nLe d\u00e9pouillement  s'effectuera  imm\u00e9diatement  apr\u00e8s  la cl\u00f4ture  du scrutin.  Un proc\u00e8s-verbal  sera\n\u00e9tabli  en double  exemplaire,  sign\u00e9  de tous les membres  du bureau  et achemin\u00e9  sans d\u00e9lai  vers la\nsous-pr\u00e9fecture  de Brignoles  (accompagn\u00e9  des listes  d'\u00e9margement  et des documents  annexes).\nLes d\u00e9l\u00e9gu\u00e9s  des candidats  en pr\u00e9sence  sont  obligatoirement  invit\u00e9s  \u00e0 contresigner  les\nexemplaires.\nARTICLE  3 : LISTE  \u00c9LECTORALE\nLes \u00e9lections  auront  lieu \u00e0 partir  des listes  \u00e9lectorales  (g\u00e9n\u00e9rales  et compl\u00e9mentaires)  extraites\ndu r\u00e9pertoire  \u00e9lectronique  unique  et \u00e0 jour des tableaux  pr\u00e9vus  aux articles  R. 13 et R. 14 du\ncode  \u00e9lectoral  sans pr\u00e9judice  de l'application,  le cas \u00e9ch\u00e9ant,  des dispositions  de l'article  L. 20\ndu m\u00eame  code.\nLes demandes  d'inscription-sur  les listes  \u00e9lectorales,  en vue de participer  au scrutin,  pourront\n\u00eatre d\u00e9pos\u00e9es  au plus tard le vendredi  02 f\u00e9vrier  2024,  conform\u00e9ment  \u00e0 l'article  L. 17 du code\n\u00e9lectoral  sans  pr\u00e9judice  de l'application  de l'article  L. 30 du m\u00eame  code.\nLes listes  d'\u00e9margement  seront  \u00e9tablies  au vu :\n\u2014 du tableau  des inscriptions  et des radiations  intervenues  depuis  la derni\u00e8re  r\u00e9union  de la\ncommission  de contr\u00f4le  des listes  \u00e9lectorales,  qui devra  se tenir  entre  le 24\u00b0 et le 21\u00b0 jour\npr\u00e9c\u00e9dant  le scrutin,  publi\u00e9  au plus tard le 20\u00a2 jour qui pr\u00e9c\u00e8de  le scrutin,  soit le lundi  19 f\u00e9vrier\n2024  ;\n- du tableau  des inscriptions  prises  en application  de l'article  L..31  du code  \u00e9lectoral  et des\nradiations  depuis  la r\u00e9union  de la commission  de contr\u00f4le  (tableau  des cing  jours).\nARTICLE  4 : Les proc\u00e8s-verbaux  des op\u00e9rations  \u00e9lectorales  seront  dress\u00e9s  en deux  exemplaires,\ndont  un restera  \u00e0 la mairie,  l'autre  sera remis,  sans  d\u00e9lai,  \u00e0 la sous-pr\u00e9fecture  de Brignoles.\nARTICLE  S : MODE  DE SCRUTIN\nLes conseillers  municipaux  sont  \u00e9lus au scrutin  de liste \u00e0 deux  tours,  avec  d\u00e9p\u00f4t  de listes\nparitaires  comportant  autant  de candidats  que de si\u00e8ges  \u00e0 pourvoir,  et au plus deux  candidats\nsuppl\u00e9mentaires,  sans adjonction  ni suppression  de noms  et sans modification  de l'ordre  de\npr\u00e9sentation.\nLes conseillers  communautaites  sont \u00e9lus au suffrage  universel  direct  selon  le m\u00eame  mode  de\nscrutin  et par un m\u00eame  vote  que les conseillers  municipaux.  Les candidats  au si\u00e8ge  de conseiller\nmunicipal  et de conseiller  communautaire  devront  appara\u00eetre  sur deux  listes  figurant  sur le\nm\u00eame  bulletin  de vote.\n3/6\n\nARTICLE  6 : DECLARATION  DE CANDIDATURE\nUne d\u00e9claration  de candidature  est obligatoire  pour:chaque  tour  de scrutin.\nLa d\u00e9claration  de candidature  est faite  sur les imprim\u00e9s  r\u00e9glementaires  et accompagn\u00e9e  des\npi\u00e8ces  justificatives  demand\u00e9es.\nLe candidat  t\u00e9te  de liste est charg\u00e9  de faire  toutes  les d\u00e9marches  et d\u00e9clarations  utiles  a\nl'enregistrement  de la liste.  Il peut  confier,  s'il le souhaite,  la constitution  et le d\u00e9p\u00f4t  de la liste \u00e0\nune  personne  d\u00fbment  mandat\u00e9e  \u00e0 cet effet.\n*\nLe d\u00e9positaire  de la candidature  devra  se munir  d'une  pi\u00e8ce  d'identit\u00e9  pour  le contr\u00f4le  par les\nservices  de I'Etat.\nLes candidats  doivent  se pr\u00e9senter  sur des listes  compl\u00e8tes,  qui doivent,  en outre,  comporter\ndistinctement  la liste ordonn\u00e9e  des candidats  au conseil  municipal.\nLes candidatures  isol\u00e9es  sont  interdites.\nLes listes  des candidats  conseillers  municipaux  doivent  comporter  autant  de noms  que de si\u00e8ges\n\u00e0 pourvoir,  soit vingt  trois  (23) et au plus deux  (2) candidats  suppl\u00e9mentaires,  et \u00eatre compos\u00e9es\nalterriativement  d'un  candidat  de chaque  sexe,  au premier  comme  au second  tour.\nLa composition  des listes  des conseillers  communautaires  doit  \u00eatre conforme  aux dispositions  de\nIarticle  L 273-9  du code  \u00e9lectoral,  qui fixe les principes  d'\u00e9tablissement  de la liste  des candidats\nau conseil'communautaire  \u00e0 partir  de celles  des conseillers  municipaux.\nLa liste des candidats  conseillers  communautaires  doit comporter  un nombre  de candidats  \u00e9gal\nau nombre  de si\u00e8ge  \u00e0 pourvoir,  soit cinq  (5), ainsi  que les noms  des deux  (2) candidats\nsuppl\u00e9mentaires,  soit sept  (7) noms,  et \u00eatre compos\u00e9es  alternativement  d'un  candidat  de\nchaque  sexe.\nLe dossier  de candidature  comprend  :\n* une d\u00e9claration  de candidature  pour  la liste compl\u00e9t\u00e9e  par le candidat  t\u00eate de liste (cerfa\n14998*02)  accompagn\u00e9e  de : ;\n-la liste des candidats  au conseil  municipal  dans  l'ordre  de pr\u00e9sentation,  en indiquant,  apr\u00e8s  leur\nnum\u00e9ro  de position,  les nom,  pr\u00e9nom  et sexe  de chaque  candidat  en pr\u00e9cisant  pour  chacun\nd'entre  eux s'il s'agit  de ressortissant  d'un  Etat membre  de I'Union  Europ\u00e9enne  autre  que la\nFrance  et la nationalit\u00e9  du candidat  (Annexe  1 au Cerfa  14998*02).\n* une d\u00e9claration  de candidature  pour  chaque  candidat  (Cerfa  14997*02),  accompagn\u00e9e  des\npi\u00e8ces  justificatives.\nLa d\u00e9claration  de candidature  est accompagn\u00e9e  des pi\u00e8ces  de nature  \u00e0 prouver  que le candidat\nt\u00eate de liste a proc\u00e9d\u00e9  \u00e0 la d\u00e9signation  d'un  mandataire  financier.  La d\u00e9claration  du mandataire\nfinancier  doit  \u00eatre  effectu\u00e9e  au plus tard  \u00e0 la date  \u00e0 laquelle  sa candidature  est enregistr\u00e9e.\nLes informations  relatives  \u00e0 la d\u00e9marche  de la d\u00e9claration  du mandataire  financier  sont\ndisponibles  sur le site internet  de la pr\u00e9fecture  du Var (www.var.gouv.fr).\n4/6\n\nARTICLE  7 : MODALITES  DE DEPOT  DES DECLARATIONS  DE CANDIDATURES\nLes d\u00e9clarations  de candidatures  devront  \u00eatre d\u00e9pos\u00e9es,  pour  le premier  tour comme  pour  le\nsecond,  dans  les formes  et conditions  pr\u00e9vues  par les dispositions  du code  \u00e9lectoral,  aupr\u00e8s  de\nla sous-pr\u00e9fecture  de Brignoles,  92 rue de la R\u00e9publique  - 83170  BRIGNOLES  et aux horaires\nsuivants  :\ne Pour  le premier  tour  de scrutin  : du lundi  19 f\u00e9vrier  2024  au jeudi  22 f\u00e9vrier  2024  de\n9 heures  \u00e0 18 heures  ;\ne Pour  le second  tour  de scrutin  : les lundi  11 mars  2024  et mardi  12 mars  2024  de 9 heures\n\u00e0 18 heures.\nLes candidats  prendront  obligatoirement  rendez-vous  aupr\u00e8s  du Bureau  de l'Administration  et\nde la R\u00e9glementation  G\u00e9n\u00e9rale  de la sous-pr\u00e9fecture  de Brignoles  par t\u00e9l\u00e9phone  :\n04.94.3703.64  \u2014 04.94.3703.52  - 04.94.3703.88  ou par courriel  :sp-brignoles-citoyennete-\nreglementation@var.gouv.fr\nAucun  autre  mode  de d\u00e9claration  de candidature,  notamment  par voie postale,  t\u00e9l\u00e9copie  ou\nmessagerie  \u00e9lectronique,  n'est  admis.\nARTICLE  8 : ELIGIBILITE\nSont  \u00e9ligibles  au conseil  municipal,  s'ils sont  ag\u00e9s  de 18 ans r\u00e9volus,  sauf restrictions  pr\u00e9vues  par\nla loi, les \u00e9lecteurs  de la commune  et les citoyens  inscrits  au r\u00f4le des contributions  directes  ou\njustifiant  qu'ils  devaient  \u00eatre  inscrits  au 1\u00b0 janvier  de I'ann\u00e9e  de l'\u00e9lection.\nARTICLE  9 : CAMPAGNE  ELECTORALE\nLa campagne  \u00e9lectorale  en vue du premier  tour  de scrutin  d\u00e9bute  le lundi  26 f\u00e9vrier  2024  et\nprend  fin la veille  du scrutin  \u00e0 z\u00e9ro heure.  En cas de second  tour,  la campagne  \u00e9lectorale  est\nouverte  le lendemain  du premier  tour et prend  fin la veille  du scrutin  \u00e0 z\u00e9ro heure  (art. L 47 A du\ncode  \u00e9lectoral).\nLes listes  disposent  des panneaux  d'affichage  \u00e9lectoral  d\u00e8s l'ouverture  de la campagne.\nLes emplacements  d'affichage  sont attribu\u00e9s  en fonction  du tirage  au sort,  qui se d\u00e9roulera  le\nvendredi  23 f\u00e9vrier  2024  - 10 heures,  \u00e0 l'issue  de la cl\u00f4ture  du.d\u00e9p\u00f4t  des candidatures  \u00e0 la sous-\npr\u00e9fecture  de Brignoles.  Lors du second  tour,  l'ordre  retenu  pour  le premier  tour sera conserv\u00e9\nentre  les candidats  restant  en pr\u00e9sence.\nARTICLE  10 : DESIGNATION  DES  ASSESEURS\nLes nom,  pr\u00e9noms,  date  et lieu de naissance  et adresse  des assesseurs  et des d\u00e9l\u00e9gu\u00e9s  sont\nnotifi\u00e9s  au maire  au plus tard  \u00e0 dix-huit  heures  le troisi\u00e8me  jour  pr\u00e9c\u00e9dant  le scrutin.\nEn cas de second  tour,  en l'absence  d'indication  contraire  des listes  candidates,  cette\nd\u00e9signation  reste  valable.  En cas de modifications,  les noms  des assesseurs  et d\u00e9l\u00e9gu\u00e9s  pour  le\nsecond  tour  devront  \u00eatre notifi\u00e9s  dans  les m\u00e9mes  conditions.\n5/6\n\nARTICLE  11 : DEPOUILLEMENT\nLe d\u00e9pouillement  seffectuera  imm\u00e9diatement  apr\u00e8s  la cl\u00f4ture  du scrutin.  Un proc\u00e8s-verbal  sera\n\u00e9tabli  en double  exemplaire,  sign\u00e9  de tous  les membres  du bureau.  Les d\u00e9l\u00e9gu\u00e9s  des candidats\nen pr\u00e9sence  sont  obligatoirement  invit\u00e9s  \u00e0 contresigner  les exemplaires.  '\nD\u00e8s l'\u00e9tablissement  du proc\u00e8s-verbal,  le r\u00e9sultat  sera proclam\u00e9  en public  par le pr\u00e9sident  du\nbureau  de vote  et aussit\u00f4t  affich\u00e9.\nUn exemplaire  du proc\u00e8s-verbal  sera conserv\u00e9  en mairie,  l'aute  sera adress\u00e9  sans d\u00e9lai  \u00e0 la sous-\npr\u00e9fecture  de BRIGNOLES,  accompagn\u00e9  des pi\u00e8ces  qui seront  r\u00e9glementairement  annex\u00e9es.\nARTICLE  12 : PUBLICATION  ET AFFICHAGE\nLe pr\u00e9sent  arr\u00eat\u00e9  sera publi\u00e9  et affich\u00e9  dans la commune  dans les formes  et lieux accoutum\u00e9s,\nd\u00e8s r\u00e9ception,  et, en tout \u00e9tat de cause,  six semaines  au moins  avant  l'\u00e9lection,  en application\nde l'article  L 247 du code  \u00e9lectoral.\nARTICLE  13 : EXECUTION\nMonsieur  le sous-pr\u00e9fet  de BRIGNOLES  et Madame  le Maire  de BARJOLS  sont  charg\u00e9s,  chacun\nen ce qui le concerne,  de l'ex\u00e9cution  du pr\u00e9sent  arr\u00eat\u00e9  qui sera publi\u00e9  au recueil  des actes\nadministratifs  de la Pr\u00e9fecture  du Var et dont  une copie  sera affich\u00e9e  \u00e0 la mairie  de BARJOLS.\nLe Sous-Pr\u00e9fet,\n\u2014A\nCharbel  ABOUD\nDans un d\u00e9lai de deux mois \u00e0 compter  de la date de la notification  ou de la publication  du pr\u00e9sent  arr\u00eat\u00e9  au recueil  des actes  administratifs  de la\npr\u00e9fecture,  les recours  suivants  peuvent  \u00eatre introduits  conform\u00e9ment  aux dispositions  des articles  R. 421-1 et suivants  du code de justice  administrative\n- Un recours  gracieux,  adress\u00e9  \u00e0 :Monsieur  le Pr\u00e9fet  du Var \u2014 Bd du 112\u00e8me  r\u00e9giment  d'infanterie-  83070  TOULON  CEDEX\n- un recours  hi\u00e9rarchique,  adress\u00e9  au(x)  ministre(s)  concern\u00e9(s)  ;\nDans  ces deux  cas, le silence  de l'Administration  vaut rejet implicite  au terme  d'un d\u00e9lai  de deux  mois.\nApr\u00e8s  un recours  gracieux  ou hi\u00e9rarchique,  le d\u00e9lai du recours  contentieux  ne court  qu'\u00e0 compter  du rejet explicite  ou implicite  de l'un de ces recours.\n- un recours  contentieux,  en saisissant  le Tribunal  Administratif  de Toulon  : 5 rue Racine  -BP 40510  - 83 041 TOULON  CEDEX\n6/6\n\nMINISTERE  \" Direction  de\nDE LA JUSTICE  L'administration  p\u00e9nitentiaire\nLibert\u00e9\n\u00c9galit\u00e9\nFraternit\u00e9\nDirection  interr\u00e9gionale  des services  p\u00e9nitentiaires  de Marseille\nCentre  P\u00e9nitentiaire  de Toulon-La  Farl\u00e8de\nArr\u00eat\u00e9  portant  habilitation\nVu le code  p\u00e9nitentiaire,  notamment  l'article  D 221-1\nVu I'arr\u00e9t\u00e9  du 13 mai 2013 portant  autorisation  de mise en \u0153uvre  de traitements  des donn\u00e9es\n\u00e0 caract\u00e8re  personnel  relatif  \u00e0 la vid\u00e9oprotection  au sein des locaux  et des \u00e9tablissements  de\nl'administration  p\u00e9nitentiaire.\nVu l'arr\u00e9t\u00e9  du ministre  de la Justlce  nommant  Monsieur  Jean-Pierre  CHARPENTIER\u2014TITY  en\nqualit\u00e9  de chef d' etabllssement  du centre  p\u00e9nitentiaire  de Toulon  La Farl\u00e8de,  \u00e0 compter  du\n01/02/2023.  1ES : | ety\n>  -\nMonsieur  Jean-Pierre  CHARPENTIER-TITY  chef d'\u00e9tablissement  du Centre  Penltentlalre  de =\nToulon  la Farlede  -\n\u00a9 ARRETE:\nArticle  1\u00b0 : habilitation  est donn\u00e9e  \u00e0l\u2014; '\nMadame  ARDUCA  Sandrine,  Directrice  adjointe  au chef  d'\u00e9tablissement\nMadame  JAUFFRES  Claire,  Directrice  adjointe\nMadame  LAMOUREUX  Quitterie,  Directrice  adjointe\nMadame  CHARPENTIER-TITY  Nathalie,  Attach\u00e9e  d'administration\nMadame  FERNANDEZ  C\u00e9line,  Directrice  de la SAS\nMadame  CORDES  Marie-Laure,  Cheffe  de service  p\u00e9nitentiaire\nMonsieur  RASS  Roland,  Chef  de service  p\u00e9nitentiaire\nMadame  BONO  C\u00e9line,  Officier\n\" Monsieur  BOZZOLINI  St\u00e9phane,  Officier\n:Monsieur  CAVALERI  Samuel,  Officier\nMonsieur  ENJOLRAS  Jean-Luc,  Officier\nMonsieur  FERRARIS  David,  Officier\nMonsieur  GARBE  Michel,  Officier\nMonsieur  GIULIANI  Sylvio,  Officier\nMadame  GOERIG  Caroline,  Officier\nMonsieur  GOVAERTS  Dominique,  Officier\ne Monsieur  HOSTEIN  Eric,  Officier\nMadame  JULIEN  Nathalie,  Officier\nMadame  KOUDJIL  Lila,  Officier\ne Monsieur  LAURENT  Christophe,  Officier\ne Madame  M'BORLO  R\u00e9gine,  Officier\ne Monsieur  PARE  Pascal,  Officier\ne Monsieur  PIZZA  Pierre,  Officier\ne Madame  QUINT  Virginie,  Officier\ne Monsieur  RAVEZ  Christophe,  Officier\nPartiedu  | N\u00b0 Libell\u00e9de  | Type de document  fondateur  | Version  Version en R\u00e9dacteur  : V\u00e9rificateur  Approbateur\nR\u00e9f\u00e9rentiel  l'engagement  | ou de contr\u00f4le  et de preuve  initiale  vigueur  :\nPartie 5 51 Cadre \u00e9thique  El\u00e9ment  contrdle  de preuve  01/02/2023  | 19/01/2024  V4 JP CHARP(E:I\u00caTIER\u2014TITY  JP CHARP\u00caI\u00cbTIER\u2014T!TY  JP CHARPECI\u00caTIER\u2014TITY\n\nMINISTERE  | Direction  de\nDE LA JUSTICE  : L'administration  p\u00e9nitentiaire\nFraternit\u00e9\ne Madame  RASS  Paola,  Officier\ne Monsieur  TUFANO  Fr\u00e9d\u00e9ric,  Officier\ne Monsieur  DUCROQUET  Laurent,  contractuel  CLSI\ne Monsieur  MACIA  Christian,  contractuel  CLSI\nAux  fins  de  :\n\u2014 Acc\u00e9der  aux dispositifs  et aux enregistrements  de vid\u00e9oprotection  y compris  pour  les\ndonn\u00e9es  \u00e0 caract\u00e8re  personnel.\nArticle  2 : L'arr\u00eat\u00e9'du,'l\u00e9}'sebfembre  2023  est abrog\u00e9  \u00c7 E>s\nArticle  3 : Le pr\u00e9sent  arrete  est publi\u00e9  au recueil  des actes  admlnlstratlfs  de Ia Prefecture  du\nVAR  et affich\u00e9  au sein  de I'etabllssement  penltentlalre  P\nFait \u00e0 La Farl\u00e8de  ue  | _ = S\nLe 19 janvier  2024\nPartie du Ne Libell\u00e9  de Type de document  fondateur  Version  Version  en R\u00e9dacteur  V\u00e9rificateur  Approbateur\nR\u00e9f\u00e9rentiel  I'engagement  | ou de contr\u00f4le  et de preuve  initiale  vigueur\nPartie  5 5.1 Cadre  \u00e9thique  | El\u00e9ment  contr\u00f4le  de preuve  | 01/02/2023  | 19/01/2024  V4 JP CHARPENTIER-TITY  JP CHARPENTIER-TITY  |JP CHARPENTIER-TITY\nCE CE CE\n\nCENTRE  HOSPITALIER  HENRI  GUERIN\nQuartier  Barnencq\n83390  PIERREFEU  DU VAR\nDECISION  N\u00b0 202:4/01/33\nPORTANT  CONSTITUTION  DU COLLEGE  DE L'ARTICLE  L 3211-2\nLE DIRECTEUR\nVu le Code  de Sant\u00e9  Publique  et notamment  I'article  L 3211-9,\nVu la Loi n\u00b02009-879  du 21 juillet  2009  portant  r\u00e9forme  de l'h\u00f4pital  et relative  aux patients,  \u00e0\nla sant\u00e9  et aux  territoires,\nVu la Loi n\u00b02011-803  du 5 juillet  2011 modifi\u00e9e  relative  aux droits  et \u00e0 la protection  des\npersonnes  faisant  l'objet  de soins  psychiatriques  et aux modalit\u00e9s  de leur prise  en charge,\nVu le d\u00e9cret  d'application  n\u00b0 2011-847  du 18 juillet  2011 relatif  aux droits  et \u00e0 la protection\ndes personnes  faisant  I'objet  de soins  psychiatriques  et aux modalit\u00e9s  de leur prise  en\ncharge,\nDECIDE\nArticle  1 :\nIl est constitu\u00e9  un coll\u00e9ge  sur le fondement  de larticle  L 3211-9  du Code  de la Sant\u00e9\nPublique.\nCe coll\u00e9ge  est constitu\u00e9  pour chacun  des patients  concern\u00e9s  par son champ  de comp\u00e9tence\npar  :\n1\u00b0) \u2014 Madame  le Docteur  STAHL-ROUSSEEAU  Genevi\u00e8ve,  responsable  \u00e0 titre principal  du\npatient  dont  la situation  sera  examin\u00e9e,\n2\u00b0) \u2014 Madame  KOZIEL  Marzena,  repr\u00e9sentant  l'\u00e9quipe  pluridisciplinaire  participant  \u00e0 la prise\nen charge  des  patients,\n3\u00b0) \u2014 Madame  le Docteur  FRATTA  Sara,  Psychiatre.\nArticle  2 :\nLa pr\u00e9sente  d\u00e9cision  est \u00e0 effet  imm\u00e9diat.\nElle fera l'objet  d'une  publication  par tous moyens  la rendant  consultable  et sera notamment\npubli\u00e9e  au Recueil  des actes  administratifs  de la Pr\u00e9fecture  du Var.\nPierrefeu-du-Var,  le Lundi  22 Janvier  2024\nPour  le Directeur  et P.O.  _\nL'Attach\u00e9e  d'Administration  Hospitali\u00e8re,\nBIANCH\nQU IER LARNENQ  - 83390  PIERREFEU  DU VAR - TEL.  04 94 33 18 00 - FAZ (|4 64 28 28 12 - TELEX  N\u00b0: CHSP404753  F\nToute  correspon  lance  doit \u00eatre adress\u00e9e  impersonnellement  au Directeur\n\nCENTRE  HOSPITALIER  \u00ab HENRi  GUERIN  \u00bb Quartier  Barneng  - 83390  PIERREFEU-DU-VAR\nV-\nDECISION  N\u00b0 2024/01/32\nPORTANT  DELEGATION  DE SIGNATURE\nLE DIRECTEUR  PAR  INTERIM\nVu la Loi n \u00b086-33  du 9 janvier.  1986  modifi\u00e9e  portant  dispositions  statutaires  relatives  \u00e0 la fonction\npublique  hospitali\u00e8re,\nVu le Code  la Sant\u00e9  Publique  notamment  ses articles  L 6143-7,  R 6143-38  et suivants,\nVu l'article  R 6143-38  du Code  de la Sant\u00e9  Publique,  relatif  au r\u00e9gime  de publicit\u00e9  des actes,\nVu les articles  D 6143-33  \u00e0 D 6143-35  du Code  de la Sant\u00e9  Publique,  relatlfs  \u00e0 la d\u00e9l\u00e9gation  de\nsignature  des Directeurs  d'\u00e9tablissements  publics  de sant\u00e9,\nVu les d\u00e9cisions  2022/10/223  portant  d\u00e9l\u00e9gation  de signature  en date  du 24 d\u00e9cembre  2022  et N\u00b0\n2023/08/198  du 21/08/2023  sont  abrog\u00e9es,\nVu la d\u00e9cision  n \u00b0 34124  en date  du 29 juin 2023  nommant  Madame  St\u00e9phanie  ROLLANDY,\nDirectrice  Adjointe  au Centre  Hospitalier  Henri  Gu\u00e9rin  de Pierrefeu-du-Var,  \u00e0 compter  du 21 ao\u00fbt\n2023,\nVu l'arr\u00eat\u00e9  du directeur  g\u00e9n\u00e9ral  de l'ARS  PACA,  Denis  ROBIN,  en date  du 10/01/2024  portant\nd\u00e9signation  de Monsieur  Julien  EYMARD,  directeur  adjoint  du centre  hospitalier  Henri  Gu\u00e9rin  de\nPierrefeu-du-Var  (Var),  pour  assurer  l'int\u00e9rim  de direction  du Centre  hospitalier  de Henri  Gu\u00e9rin  de\nPierrefeu-du-Var  (Var)  \u00e0 compter  du 15/01/2024,\nDECIDE\nARTICLE  1 - P\u00e9riodes  de garde\nPendant  les p\u00e9riodes  de garde,  Madame  St\u00e9phanie  ROLLANDY,  Directrice  adjointe  charg\u00e9e\ndes Ressources  Humaines,  est autoris\u00e9e  \u00e0 prendre  toutes  les d\u00e9cisions  n\u00e9cessaires  \u00e0 la\npr\u00e9servation  du bon fonctionnement  de l'\u00e9tablissement  et des mesures  urgentes  s'agissant\nnotamment  :\n> de l'exercice  du pouvoir  de police  au sein  de l'\u00e9tablissement,\n> de la mise  en \u0153uvre  du r\u00e8glement  int\u00e9rieur  de l'\u00e9tablissement,\n> de l'admission  des  patients,\n> du s\u00e9jour  des  patients,\nPage  1 sur 4\nA\n\n> de la sortie  des  patients,\n>du  d\u00e9c\u00e8s  des  patients,\n> de la s\u00e9curit\u00e9  des personnes  et des biens,\n>des  situations  de crise,\n> du d\u00e9clenchement  des plans  d'urgence  et des cellules  de crise  apr\u00e8s  en avoir  avis\u00e9  le chef\nd'\u00e9tablissement,\n> de la gestion  des  personnels.\nARTICLE  2\nMadame  St\u00e9phanie  ROLLANDY  Directrice  Adjointe,  charg\u00e9e  des  Ressources  Humaines,  re\u00e7oit\nd\u00e9l\u00e9gation  permanente  pour  signer  en lieu et place  du Directeur  :\nTous  les documents  relevant  de sa fonction  et relatifs  :\n>\nv\nYVV Y V V VYV Vau recrutement  des personnels  contractuels  contrats  \u00e0 dur\u00e9e  d\u00e9termin\u00e9e,  contrats  aid\u00e9s\n(CAE  et CA) et de leur  \u00e9ventuelle  reconduction,  aux  concours,\nau d\u00e9roulement  des carri\u00e8res  des personnels  non  m\u00e9dicaux,  (avancement,  notation,\n\u00e9valuation),\naux  positions  statutaires  incluant  toutes  les positions  de maladie,  excluant  les cessations  de\nfonction,\naux \u00e9l\u00e9ments  de proc\u00e9dure  disciplinaire  du 1 er groupe  \u00e0 l'exclusion  des autres  groupes,\n\u00e0 l'hygi\u00e8ne  et \u00e0 la s\u00e9curit\u00e9  des personnels,  \u00e0 l'exercice  du droit  de gr\u00e8ve  et des droits\nsyndicaux,\n\u00e0 la formation  permanente  et initiale,  convocations,  conventions,  \u00e9tats  de remboursements\nANFH,  contrat  d'engagement  de servir,\n\u00e0 l'organisation  du travail,  des cong\u00e9s,  autorisations  d'absences  des personnels  plac\u00e9s  sous\nson  autorit\u00e9,\naux instances  consultatives.  (CSE,  FSCSE)  et sur d\u00e9l\u00e9gation  de la pr\u00e9sidence  de celle-ci  en\ncas d'emp\u00eachement  du directeur,\naux  ordres  de mission  du personnel  non  m\u00e9dical,\naux  autorisations  d'utilisation  de v\u00e9hicule  personnel,\nToutes  les correspondances  relatives  \u00e0 la gestion  des ressources  humaines,  sous  r\u00e9serve  de\ncelles  qui rel\u00e8vent  de la fonction  de chef  d'\u00e9tablissement.\nARTICLE  3\nEn cas d'absence  ou d'emp\u00eachement  de Madame  St\u00e9phanie  _ROLLANDY  Directrice  Adjointe,\nd\u00e9l\u00e9gation  identique  relative  \u00e0 l'article  2 est donn\u00e9e  \u00e0 Madame  Sophie  BERTERO,  Attach\u00e9e\nd'Administration  Hospitali\u00e8re,  charg\u00e9e  des ressources  humaines  et des affaires  m\u00e9dicales.\nARTICLE  4\nLa d\u00e9l\u00e9gation  accord\u00e9e  ci-dessus  cessera  de porter  effet  du jour  o\u00f9 la b\u00e9n\u00e9ficiaire  cessera  d'exercer\nles fonctions  au titre  desquelles  elle lui a \u00e9t\u00e9 consentie.\nARTICLE  5\nLa pr\u00e9sente  d\u00e9cision  prend  effet  au 15/01/2024.\nPage  2 sur 4\nRF\n\nARTICLE  6\nLe Conseil  de Surveillance,  dans  sa prochaine  s\u00e9ance,  sera  inform\u00e9  de la pr\u00e9sente  d\u00e9l\u00e9gation  qui\nsera  affich\u00e9e,  transmise  sans  d\u00e9lai  au comptable  de l'\u00e9tablissement  et publi\u00e9e  au recueil  des actes\nadministratifs  de la pr\u00e9fecture  du d\u00e9partement  du Var,  conform\u00e9ment  \u00e0 l'article  R 6143-38  susvis\u00e9\ndu Code  de la Sant\u00e9  Publique.\nA Pierrefeu  du Var,  le 15/01/2024  irecteur  par int\u00e9rim\nPage  3 sur 4\nVe\n\nAmpliation  de la pr\u00e9sente  d\u00e9cision  sera  adress\u00e9e  \u00e0 :\nRecueil  des actes  administratifs  de la Pr\u00e9fecture  du Var pour  parution,\nMonsieur  le Receveur  Percepteur  de la Tr\u00e9sorerie  du Centre  Hospitalier  Henri  Gu\u00e9rin  de Pierrefeu-du-\nVar,\nMadame  St\u00e9phanie  ROLLANDY,  Directrice  adjointe  des Ressources  Humaines,\nMadame  Sophie  BERTERO,  Attach\u00e9e  d'administration  Hospitali\u00e8re  au sein  de la Direction  des\nRessources  Humaines  et des  affaires  m\u00e9dicales,\nAffichage  :\n- CHHG-Hall  de l'administration\nClassement  :\n- DRH  : dossier  des  int\u00e9ress\u00e9s\n- DGS5-D1\nPage  4 sur 4\nT","date":"2024-01-23","first_seen_on":"2024-08-21T11:16:45+00:00","id":"9e906d7c94436e24a3baa892e486ae52dc466f5869081143790295b6b83ad28d","name":"RAA N\u00b0015 du 23 janvier 2024","pdf_creation_date":null,"pdf_modification_date":"2024-01-23T15:41:07+00:00","timezone":"Europe/Paris","url":"https://www.var.gouv.fr/contenu/telechargement/32692/218070/file/RAA%20N%20015%20du%2023%20janvier%202024.pdf"}
