{"administration":"prefidf","administration_name":"Pr\u00e9fecture de la r\u00e9gion \u00cele-de-France","content":"PREFECTURE \nREGION ILE DE \nFRANCE \nRECUEIL DES ACTES \nADMINISTRATIFS SP\u00c9CIAL \n(NOMINATIFS) \nN\u00b0IDF-044-2025-12 \nPUBLI\u00c9 LE 18 D\u00c9CEMBRE 2025 \nEffacement de donn\u00e9es \u00e0 caract\u00e8re personnel \n \n2 \n \n \nSommaire  \nAgence R\u00e9gionale de Sant\u00e9 / service r\u00e9gional des transports sanitaires \nIDF-2025-12-18-00011 - Arr\u00eat\u00e9 n\u00b0DOS-2025/5321 portant modification \nde l'arr\u00eat\u00e9 N\u00b0DOS-2025/5300 de la SAS AMBULANCES DU SEREIN (2 \npages \n \nPage 3 \nDirection r\u00e9gionale et interd\u00e9partementale de l'environnement, de \nl'am\u00e9nagement et des transports d'\u00cele-de-France / \n \n \nPage 6 \nEffacement de donn\u00e9es \u00e0 caract\u00e8re personnel (24 pages)   \nPage 6 \n \nPr\u00e9fecture de la R\u00e9gion d'Ile de France, Pr\u00e9fecture de Paris / Cabinet / \nService de la repr\u00e9sentation de l'\u00c9tat  \nIDF-2025-12-15-00004 - Arr\u00eat\u00e9 portant attribution de la m\u00e9daille de \nbronze de la jeunesse, des sports et de l'engagement associatif \n(contingent r\u00e9gional) - promotion du 1er janvier 2026 (2 pages)  \n \nPage 30 \n \n \nAgence R\u00e9gionale de Sant\u00e9 \nIDF-2025-12-18-00011 \nArr\u00eat\u00e9 n\u00b0DOS-2025/5321 portant modification \nde l'arr\u00eat\u00e9 N\u00b0DOS-2025/5300 de la SAS \nAMBULANCES DU SEREIN \nAgence R\u00e9gionale de Sant\u00e9 - IDF-2025-12-18-00011 - Arr\u00eat\u00e9 n\u00b0DOS-2025/5321 portant modification de l'arr\u00eat\u00e9 N\u00b0DOS-2025/5300 de la\nSAS AMBULANCES DU SEREIN 3\nREPUBLIQUE _FRANCAISE @ ) Agence R\u00e9gionale de Sant\u00e9 \"\u00e0Libert\u00e9 \u00cele-de-FranceFraternit\u00e9\nAGENCE R\u00c9GIONALE DE SANT \u00c9 \u00ceLE-DE-FRANCE \nARR\u00caT\u00c9 N\u00b0DOS-2025/5321 \nPortant modification de l'arr\u00eat\u00e9 N\u00b0DOS -2025/5300 de la SAS AMBULANCES DU SEREIN \n(77130 - Montereau-Fault-Yonne) \nLE DIRECTEUR G\u00c9N\u00c9RAL DE L'AGENCE R\u00c9GIONALE DE SANT\u00c9 \u00ceLE -DE-FRANCE \nVU le Code de la Sant\u00e9 Publique et notamment ses articles L.6311-1 \u00e0 L.6311-2, L.6312-1 \u00e0 \nL.6312-5, L.6313-1, R.6312-1 \u00e0 R.6312-23, R.6312-29 \u00e0 R.6312-43, R.6313-5 \u00e0 R.6313-7-1 ; \nVU la loi n\u00b0 2009- 879 du 21 juillet 2009 portant r\u00e9forme de l'h\u00f4pital et relative aux patients, \u00e0 la \nsant\u00e9 et aux territoires ; \nVU le d\u00e9cret n\u00b0 2010-344 du 31 mars 2010 tirant les cons\u00e9quences, au niveau r\u00e8glementaire, de \nl'intervention de la loi n\u00b0 2009 -879 du 21 juillet 2009 portant r\u00e9forme de l'h\u00f4pital et relative aux \npatients, \u00e0 la sant\u00e9 et aux territoires ; \nVU le d\u00e9cret du 10 avril 2024 portant nomination de Monsieur Denis ROBIN, Directeur g\u00e9n\u00e9ral de \nl'Agence r\u00e9gionale d'\u00cele de France \u00e0 compter du 29 avril 2024 ;\nVU l'arr\u00eat\u00e9 minist\u00e9riel du 21 d\u00e9cembre 1987 modifi\u00e9 relatif \u00e0 la composition du dossier d'agr\u00e9ment \ndes personnes effectuant des transports sanitaires terrestres et au contr\u00f4le des v\u00e9hicules \naffect\u00e9s aux transports sanitaires ; \nVU l'arr\u00eat\u00e9 du 12 d\u00e9cembre 2017 modifi\u00e9 fixant les caract\u00e9ristiques et les installations mat\u00e9rielles \nexig\u00e9es pour les v\u00e9hicules affect\u00e9s aux transports sanitaires terrestres ;\nVU l'arr\u00eat\u00e9 DS N\u00b0034/2024 du Directeur g\u00e9n\u00e9ral de l'Agence r\u00e9gionale d' \u00cele de France en date du \n29 avril 2024, portant d\u00e9l\u00e9gation de signature \u00e0 Monsieur Arnaud CORVAISIER, Directeur de \nl'offre de soins, et \u00e0 certains de ses collaborateurs ;\nVU l'arr\u00eat\u00e9 pr\u00e9fectoral n\u00b0 96 DDASS 003 ASP AMB en date du 03 f\u00e9vrier 1996 portant agr\u00e9ment, \nde l 'EURL AMBULANCE S CARRIC, sise 2, rue de l'Eglise \u00e0 Misy -sur-Yonne (77130) dont le \ng\u00e9rant est Monsieur Bruno CARRIC ; \nVU l'arr\u00eat\u00e9 pr\u00e9fectoral n\u00b0 97 DDASS 48 ASP AMB en date du 10 d\u00e9cembre 1997 portant transfert \ndes locaux, de l 'EURL AMBULANCE S CARRIC, du 2, rue de l'Eglise \u00e0 Misy -sur-Yonne \n(77130) au 84, Grande Rue \u00e0 Marolles-sur-Seine (77130) ; \nVU l'arr\u00eat\u00e9 pr\u00e9fectoral DDASS/2004/ASP/AMB/n\u00b0309 en date du 22 octobre 2004 portant transfert \ndes locaux, de l 'EURL AMBULANCE S CARRIC, du 84, Grande Rue \u00e0 Marolles-sur-Seine \n(77130) au 18, rue du Petit Fossard \u00e0 Varennes-sur-Seine (77130) ; \nVU l'arr\u00eat\u00e9 pr\u00e9fectoral DDASS/2006/ASP/AMB/n\u00b016 en date du 10 janvier 2006 portant transfert \ndes locaux, de l 'EURL AMBULANCE S CARRIC, 18, rue du Petit Fossard \u00e0 Varennes-sur- \nSeine (77130) 1 bis, boulevard Crette Preignard \u00e0 Montereau-Fault-Yonne (77130) ; \nAgence R\u00e9gionale de Sant\u00e9 - IDF-2025-12-18-00011 - Arr\u00eat\u00e9 n\u00b0DOS-2025/5321 portant modification de l'arr\u00eat\u00e9 N\u00b0DOS-2025/5300 de la\nSAS AMBULANCES DU SEREIN 4\n2\nVU l'arr\u00eat\u00e9 N\u00b0DOS-2024-5187 du Directeur G\u00e9n\u00e9ral de l'Agence r\u00e9gionale de sant\u00e9 Ile de France \nen date du 18 novembre 2024 portant changement de responsable l\u00e9gal et de forme juridique \nde l'EURL AMBULANCE S CARRIC qui devient la SARL AMBULANCES CARRIC dont le \ng\u00e9rant est Monsieur Olivier BORDAS ; \nVU l'arr\u00eat\u00e9 n\u00b0DOS -2025/5300 portant changement de responsable l\u00e9gal, de d\u00e9nomination sociale, \nde nom commercial et de forme juridique de la SARL AMBULANCES CARRIC qui devie nt la \nSAS AMBULANCES DU SEREIN ayant pour pr\u00e9sident Monsieur Romain RENARD et pour \ndirecteur g\u00e9n\u00e9ral Monsieur Olivier BORDAS ; \nCONSIDERANT la demande adress\u00e9e par Monsieur Romain RENARD, responsable l\u00e9gal de la SAS \nAMBULANCES DU SEREIN, de modifier la date d'ex\u00e9cution de l'arr\u00eat\u00e9 ; \nARR\u00caTE \nARTICLE 1 er : L'article 1 er de l'arr\u00eat\u00e9 n\u00b0 DOS -2025/5300 portant changement de responsable l\u00e9gal, de \nd\u00e9nomination sociale, de nom commercial et de forme juridique de la SARL AMBUL ANCES CARRIC \nest compl\u00e9t\u00e9 comme suit : \u00ab La SARL AMBULANCES CARRIC, sise 1 bis, boulevard Crette Preignard \n\u00e0 Montereau-Fault-Yonne (77130), a d\u00e9sormais pour d\u00e9nomination sociale la SAS AMBULANCES DU \nSEREIN ayant pour pr\u00e9sident Monsieur Romain RENARD et pour directeur g\u00e9n\u00e9ral Monsieur  Olivier \nBORDAS \u00e0 compter du 1 er octobre 2025 \u00bb. \nLes autres dispositions restent inchang\u00e9es . \nARTICLE 2 : La pr\u00e9sente d\u00e9cision peut faire l'objet d'un recours gracieux aupr\u00e8s de Monsieur le \nDirecteur g\u00e9n\u00e9ral de l'Agence r\u00e9gionale de sant\u00e9, sise 13, rue du Landy 93200 Saint -Denis. \nUn recours contentieux peut \u00e9galement \u00eatre d\u00e9pos\u00e9 aupr\u00e8s du tribunal administratif comp\u00e9tent.  \nLe d\u00e9lai de recours est de deux mois \u00e0 compter de la notification de l'arr\u00eat\u00e9 p our l'int\u00e9ress\u00e9 ou de sa \npublication pour les tiers. \nCes recours n'ont pas pour effet de suspendre le caract\u00e8re ex\u00e9cutoire de la pr\u00e9sente d\u00e9cision.   \nARTICLE 3 : Le Directeur de l'offre de soins est charg\u00e9 de l'ex\u00e9cution du pr\u00e9sent arr\u00eat\u00e9, qui sera publi\u00e9 \nau Recueil des Actes Administratifs des services de l'\u00c9tat. \nFait \u00e0 Saint-Denis, le 18/12/2025 \nP/La Directeur g\u00e9n\u00e9ral \nde l'Agence r\u00e9gionale de sant\u00e9 \nIle-de-France, \nLa Responsable du service r\u00e9gional \ndes transports sanitaires, \nS\u00e9verine TEISSEDRE \nSIGNE \nAgence R\u00e9gionale de Sant\u00e9 - IDF-2025-12-18-00011 - Arr\u00eat\u00e9 n\u00b0DOS-2025/5321 portant modification de l'arr\u00eat\u00e9 N\u00b0DOS-2025/5300 de la\nSAS AMBULANCES DU SEREIN 5\nPr\u00e9fecture de la R\u00e9gion d'Ile de France, \nPr\u00e9fecture de Paris \nIDF-2025-12-15-00004 \nArr\u00eat\u00e9 portant attribution de la m\u00e9daille de \nbronze de la jeunesse, des sports et de \nl'engagement associatif (contingent r\u00e9gional) - \npromotion du 1er janvier 2026 \nPr\u00e9fecture de la R\u00e9gion d'Ile de France, Pr\u00e9fecture de Paris  - IDF-2025-12-15-00004 - Arr\u00eat\u00e9 portant attribution de la m\u00e9daille de \nbronze de la jeunesse, des sports et de l'engagement associatif (contingent r\u00e9gional) - promotion du 1er janvier 2026 30 \nPREFET |DE LA REGIOND'\u00ceLE-DE-FRANCELibert\u00e9Egalit\u00e9Fraternit\u00e9\nPr\u00e9fecture de la r\u00e9gion d'\u00cele -de-France, pr\u00e9fecture de Paris \n5, rue Leblanc 75 911 Paris Cedex 15 | Standard : 01 82 52 40 00 \nSite internet : \nhttps://www.prefectures-regions.gouv.fr/ile-de-france \nCabinet \nSRE / BDI / d\u00e9corations \n                                                     \nARRETE \nportant attribution de la m\u00e9daille de bronze de la jeunesse, des sports \net de l'engagement associatif (contingent r\u00e9gional) \n- promotion du 1 er janvier 2026 - \nLE PR\u00c9FET DE LA R\u00c9GION D'\u00ce LE-DE-FRANCE, \nPR\u00c9FET DE PARIS, \nGRAND OFFICIER DE LA L\u00c9 GION D'HONNEUR ,\nOFFICIER DE L'ORDRE NATIONAL DU M\u00c9RITE \nVU le d\u00e9cret n\u00b0 70-26 du 8 janvier 1970 relatif \u00e0 la m\u00e9daille de la jeunesse et des sports modifi\u00e9 par le \nd\u00e9cret n\u00b0 2000-543 du 16 juin 2000 ; \nVU le d\u00e9cret n\u00b0 83-1035 du 22 novembre 1983 portant modifications du d\u00e9cret n\u00b0 69- 942 du 14 octobre \n1969, relatif aux caract\u00e9ristiques et aux modalit\u00e9s d'attribution de la m\u00e9daille de la jeunesse et des sports ;\nVU le d\u00e9cret n\u00b0 2004- 374 du 29 avril 2004 modifi\u00e9 relatif aux pouvoirs des pr\u00e9fets, \u00e0 l'organis ation et \u00e0 \nl'action des services de l'Etat dans les r\u00e9gions et les d\u00e9partements ;\nVU le d\u00e9cret n\u00b0 2013-1191 du 18 d\u00e9cembre 2013 modifiant le d\u00e9cret n\u00b0 69-942 d u 14 octobre 1969 modifi\u00e9, \nrelatif aux caract\u00e9ristiques et aux modalit\u00e9s d'attribution de la m\u00e9daille de l a jeunesse, des sports et de \nl'engagement associatif ;\nVU le d\u00e9cret n\u00b0 2020-139 du 20 f\u00e9vrier 2020 modifiant certaines dispositions relat ives \u00e0 la pr\u00e9fecture de la \nr\u00e9gion d'Ile -de-France, pr\u00e9fecture de Paris ; \nVU le d\u00e9cret du 22 juillet 2020 portant nomination de M. Marc GUILLAUME, en qualit\u00e9 de pr\u00e9fet de la r\u00e9gion \nd'\u00cele -de-France, pr\u00e9fet de Paris ; \nVU l'arr\u00eat\u00e9 minist\u00e9riel du 5 octobre 1987 fixant les modalit\u00e9s d'application de s dispositions du d\u00e9cret n\u00b0 83 -\n1035 du 22 novembre 1983 ; \nVU l'arr\u00eat\u00e9 pr\u00e9fectoral IDF-2025-07-17-00002 du 17 juillet 2025 portant organisation de la pr\u00e9fecture de la \nr\u00e9gion d'Ile -de-France, pr\u00e9fecture de Paris ; \nVU l'instruction min ist\u00e9rielle n\u00b0 87-197-JS du 10 novembre 1987, sur le remaniement du contingent de \nm\u00e9dailles et la d\u00e9concentration de la m\u00e9daille de bronze de la jeunesse et des sports ;\nVU l'in struction minist\u00e9rielle n\u00b0 2014-18 du 20 janvier 2014 relative \u00e0 la m\u00e9daille  de la jeunesse, des sports \net de l'engagement associatif ;\nSur proposition de la d\u00e9l\u00e9gu\u00e9e r\u00e9gionale acad\u00e9mique \u00e0 la jeunesse, \u00e0 l'engagement et au sport (DRAJES), \net \u00e0 l'occasion de la promotion du 1 er janvier 2026 : \n1\nPr\u00e9fecture de la R\u00e9gion d'Ile de France, Pr\u00e9fecture de Paris  - IDF-2025-12-15-00004 - Arr\u00eat\u00e9 portant attribution de la m\u00e9daille de \nbronze de la jeunesse, des sports et de l'engagement associatif (contingent r\u00e9gional) - promotion du 1er janvier 2026 31 \nPr\u00e9fecture de la r\u00e9gion d'\u00cele -de-France, pr\u00e9fecture de Paris \n5, rue Leblanc 75 911 Paris Cedex 15 | Standard : 01 82 52 40 00 \nSite internet : \nhttps://www.prefectures-regions.gouv.fr/ile-de-france \nARRETE : \nArticle 1 : La m\u00e9daille de bronze de la jeunesse, des sports et de l' engagement associatif (contingent \nr\u00e9gional) est attribu\u00e9e aux personnes dont les noms suivent : \nMadame CHANEL Isabelle \nMonsieur DESMARTINS C\u00e9dric \nMonsieur DUPIN Pierre-Raoul \nMonsieur HAEUW St\u00e9phane \nMonsieur LAGRAVE Michel \nMadame LE DEM Martine \nMonsieur LOGGIA Fr\u00e9d\u00e9ric \nMadame RODRIGUES Pirine \nMadame VEYRAT H\u00e9lo\u00efse \nMadame ZAJAC Wanda. \nArticle 2 : La pr\u00e9f\u00e8te, directrice de cabinet du pr\u00e9fet de la r\u00e9gion d'\u00ce le-de-France, pr\u00e9fet de Paris et la \nd\u00e9l\u00e9gu\u00e9e r\u00e9gionale acad\u00e9mique \u00e0 la jeunesse, \u00e0 l'engagement et au sport (DRAJES) sont charg\u00e9 es, \nchacune en ce qui la concerne, de l'ex\u00e9cution du pr\u00e9sent arr\u00eat\u00e9 qui sera publi\u00e9 au recueil des actes \nadministratifs de la pr\u00e9fecture de la r\u00e9gion d'Ile -de-France et accessible sur le site internet de la pr\u00e9fecture \nde la r\u00e9gion d' \u00cele-de-France, pr\u00e9fecture de Paris : http://www.prefectures-regions.gouv.fr/ile-de-france . \n      \nFait \u00e0 Paris, le 15 d\u00e9cembre 2025 \nLe pr\u00e9fet de la r\u00e9gion d'\u00cele -de-France, \npr\u00e9fet de Paris, \nSIGN\u00c9 \nMarc GUILLAUME \nInformations importantes : \nLe pr\u00e9sent arr\u00eat\u00e9 est d\u00e9livr\u00e9 sans pr\u00e9judice du droit des tiers. \nRecours : \nLe titulaire du pr\u00e9sent arr\u00eat\u00e9 qui d \u00e9sire le contester peut saisir le tribunal administratif comp\u00e9ten t d'un recours contentieux, dans les \ndeux mois \u00e0 partir de sa notification. \nIl peut \u00e9galement saisir le pr\u00e9fet d'un recours gracieux. \nCette derni\u00e8re d\u00e9marche prolonge le d\u00e9lai du recours content ieux qui doit alors \u00eatre introduit dans les deux mois suivan t la r\u00e9ponse. \nL'absence de r\u00e9ponse vaut rejet implicite. \nPr\u00e9fecture de la R\u00e9gion d'Ile de France, Pr\u00e9fecture de Paris  - IDF-2025-12-15-00004 - Arr\u00eat\u00e9 portant attribution de la m\u00e9daille de \nbronze de la jeunesse, des sports et de l'engagement associatif (contingent r\u00e9gional) - promotion du 1er janvier 2026 32","date":"2025-12-18","first_seen_on":"2025-12-19T13:53:48+00:00","id":"9ecf01abbda838d3606c3b0bf3f9b2b7cb9a703458fb36d9a015f266a4e852f5","name":"recueil-rect-idf-044-2025-12-RAA-nominatifs du 18.12.2025","pdf_creation_date":null,"pdf_modification_date":"2025-12-19T11:24:06+00:00","timezone":"Europe/Paris","url":"https://www.prefectures-regions.gouv.fr/ile-de-france/irecontenu/telechargement/133880/981219/file/recueil-rect-idf-044-2025-12-RAA-nominatifs%20du%2018.12.2025.pdf"}
