{"administration":"pref72","administration_name":"Pr\u00e9fecture de la Sarthe","content":"SARTHE\nRECUEIL DES ACTES\nADMINISTRATIFS\nN\u00b0 31 01 2025 \nPUBLI\u00c9 LE 31 JANVIER 2025\nSommaire\nCentre Hospitalier du Mans /\n72-2024-12-05-00005 - 2024-102 D\u00e9l\u00e9gation de signature Emeline\nKERNEUR, Resp s\u00e9curit\u00e9 et sur\u00eat\u00e9 SIGN\u00c9 (1 page) Page 3\n72-2024-09-27-00004 - Decision 2024-072 HERVE Benoit SIGN\u00c9 (3 pages) Page 5\n72-2024-12-05-00004 - D\u00e9l\u00e9gation de signature 2024-087 Maxime\nCHUREAU SIGN\u00c9 (1 page) Page 9\nPr\u00e9fecture de la Sarthe / DCL\n72-2025-01-27-00002 - ARR\u00caT\u00c9 PR\u00c9FECTORAL n\u00b0 DCPPAT 2025-0024\ndu 27 janvier 2025 modifiant l'arr\u00eat\u00e9 pr\u00e9fectoral n\u00b0 DCPPAT\n2022-0194 du 30 mai 2022 (modification n\u00b0 2)\n (4 pages) Page 11\n2\nCentre Hospitalier du Mans\n72-2024-12-05-00005\n2024-102 D\u00e9l\u00e9gation de signature Emeline\nKERNEUR, Resp s\u00e9curit\u00e9 et sur\u00eat\u00e9 SIGN\u00c9\nCentre Hospitalier du Mans - 72-2024-12-05-00005 - 2024-102 D\u00e9l\u00e9gation de signature Emeline KERNEUR, Resp s\u00e9curit\u00e9 et sur\u00eat\u00e9\nSIGN\u00c9 3\nchmCentre Hospitalier Le Mans ... DirectionG\u00e9n\u00e9rale\n \n \n \nDECISION N\u00b0 2024/102 \nPORTANT DELEGATION DE SIGNATURE \n \n \nMONSIEUR GUILLAUME LAURENT, DIRECTEUR GENERAL DU CENTRE HOSPITALIER DU MANS, \nDE MONTVAL-SUR-LOIR, DE SAINT-CALAIS, DU LUDE, ET DE L'EHPAD DE BESSE-SUR-BRAYE \n \nVu le Code de la Sant\u00e9 Publique, notamment ses articles L 6143-7, D 6143-33 \u00e0 D 6143-35, et \nR 6143-38 ; \n \nVu l'arr\u00eat\u00e9 du Centre National de Gestion en date du 15 juillet 2021 le nommant directeur des \nCentres Hospitaliers du Mans, de Ch\u00e2teau du Loir, de Saint-Calais, du Lude, et de l'EHPAD de \nBess\u00e9-sur-Braye, \u00e0 compter du 16 ao\u00fbt 2021 ; \n \n \nDECIDE \n \nArticle 1  \nQue d\u00e9l\u00e9gation de signature est donn\u00e9e \u00e0 Madame Emeline KERNEUR, Responable S\u00e9curit\u00e9 \net Sur\u00eat\u00e9 sous la responsabilit\u00e9 de Monsieur Fran\u00e7ois CARRE, Responsable du D\u00e9partement \nmaintenance et s\u00e9curit\u00e9, \u00e0 l'effet de porter plainte, en l'absence de Monsieur Fran\u00e7ois CARRE, \nau nom et pour le compte du Centre Hospitalier du Mans, \u00e0 compter du 5 d\u00e9cembre 2024. \n \n \nArticle 2 \nQue la pr\u00e9sente d\u00e9cision sera remise en mains propres \u00e0 Emeline KERNEUR, contre un accus\u00e9 \nde r\u00e9ception.  \n \nUne copie sera remise aux Tr\u00e9soriers Principaux, Receveurs des Centres Hospitaliers du Mans, \nde Montval-sur-Loir, de Saint-Calais, du Lude. \n \nLa pr\u00e9sente d\u00e9cision sera publi\u00e9e au Registre des actes administratifs de la Pr\u00e9fecture de la \nSarthe. Elle sera \u00e9galement consultable sur le site internet du Centre hospitalier du Mans. \n \n  \n Fait au Mans, le 5 d\u00e9cembre 2024, \n  \n Le Directeur G\u00e9n\u00e9ral,  \n  \n Guillaume LAURENT \n  SIGN\u00c9 \n \n \nCentre Hospitalier du Mans - 72-2024-12-05-00005 - 2024-102 D\u00e9l\u00e9gation de signature Emeline KERNEUR, Resp s\u00e9curit\u00e9 et sur\u00eat\u00e9\nSIGN\u00c9 4\nCentre Hospitalier du Mans\n72-2024-09-27-00004\nDecision 2024-072 HERVE Benoit SIGN\u00c9\nCentre Hospitalier du Mans - 72-2024-09-27-00004 - Decision 2024-072 HERVE Benoit SIGN\u00c9 5\n... Directiont 72 G\u00e9n\u00e9rale\nGroupement Hospitalier de Territoire \u00bb Sarthe\n_ - P CHMontval' &chm CH Saint-Calais ontva CHLeLudeH\u00f4pital de proximit\u00e9 sur - LOIr H\u00f4pital Fran\u00e7ois de DaillonCentre Hospitalier Le Mans H\u00f4pital de proximit\u00e9\n  \n \nDECISION N\u00b0 2024/072 \nPORTANT DELEGATION DE SIGNATURE \n \n \n \nMONSIEUR GUILLAUME LAURENT, DIRECTEUR GENERAL DU CENTRE HOSPITALIER DU \nMANS, DE MONVAL-SUR-LOIR, DE SAINT-CALAIS, DU LUDE, ET DE L 'EHPAD DE BESSE-SUR-\nBRAYE \n \nVu le Code de la Sant\u00e9 Publique, notamment ses articles L 6143-7, D 6143-33 \u00e0 D 6143-35, \net R 6143-38 ; \n \nVu l'arr\u00eat\u00e9 du Centre National de Gestion en date du 15 juillet 2021 le nommant directeur \ndes Centres Hospitaliers du Mans, de Ch\u00e2teau -du-Loir, de Saint -Calais, du Lude, et de \nl'EHPAD de Bess\u00e9-sur-Braye, \u00e0 compter du 16 ao\u00fbt 2021 ; \n \nVu le d\u00e9cret n\u00b0 2009 -1765 du 30 d\u00e9cembre 2009 relatif \u00e0 la d\u00e9l\u00e9gation de signature des \ndirecteurs des \u00e9tablissements publics de sant\u00e9,  \n \nVu la Loi n\u00b0 2016 -41 du 26 janvier 2016 de modernisation de notre syst\u00e8me de san t\u00e9, et \nnotamment son article 107 portant cr\u00e9ation des Groupements Hospitaliers de Territoire, \n \nVu le D\u00e9cret n\u00b0 2016-524 du 27 avril 2016 relatif aux Groupements Hospitaliers de Territoire \net listant les missions de la fonction achats, \n \nVu la convention constitutive du Groupement Hospitalier de Territoire de la Sarthe (GHT 72) \nconclue le 31 ao\u00fbt 2016, approuv\u00e9e par l'ARS des Pays de la Loire le 6 septembre 2016, et \nd\u00e9signant le Centre Hospitalier du Mans comme \u00e9tablissement support du Groupement \nHospitalier de la Sarthe, \n \nVu les diff\u00e9rentes instructions de la DGOS et notamment l'instruction \nDGOS/GHT/DGFIP/2017/153 du 4 mai 2017 relative \u00e0 l'organisation des Groupements \nHospitaliers de Territoires, \n \nVu le guide m\u00e9thodologique de la fonction achat des Groupemen ts Hospitaliers de \nTerritoires, publi\u00e9 par la DGOS en avril 2017,  \n \n \nVu le Code de la Commande Publique, \n \n \n  \n  \n \n \nCentre Hospitalier du Mans - 72-2024-09-27-00004 - Decision 2024-072 HERVE Benoit SIGN\u00c9 6\n \n2 \n \nDECIDE \n \nArticle 1  \n \nIl est convenu que d\u00e9l\u00e9gation de signature  est donn\u00e9e \u00e0 compter du 1 er octobre 20 24 \u00e0 \nl'acheteur ci-apr\u00e8s d\u00e9sign\u00e9 : \n \n\uf0c4 Monsieur Benoit HERV\u00c9 , Technicien Sup\u00e9rieur Hospitalier au Centre Hospitalier du Mans, \nAcheteur des fili\u00e8res suivantes du GHT 72 : \n- Dispositifs m\u00e9dicaux \n- Fournitures m\u00e9dicales \n- M\u00e9dicaments \n- Produits sanguins \n \nEt suppl\u00e9ant de Carine GUILLON en l'absence de celle-ci pour les fili\u00e8res : \n- Equipement g\u00e9n\u00e9ral \n- Blanchisserie \n- Entretien et Hygi\u00e8ne pour les fournitures \n- Fournitures G\u00e9n\u00e9rales \n \nEt suppl\u00e9ant de Karine TESSIER en l'absence de celle-ci pour les fili\u00e8res : \n- Biologie \n- Biom\u00e9dical \n \nA l'effet de signer, les documents suivants d\u00e9coulant de la passation des march\u00e9s publics relevant \ndes fili\u00e8res d'achat ci -dessus mentionn\u00e9es, par le Centre Hospitalier du Mans exer\u00e7ant pour le \ncompte des \u00e9tablissements du GHT 72 : \n\uf0b7 Les rapports d'analyses \n\uf0b7 Les courriers li\u00e9s : \n\uf0b7 A la n\u00e9gociation des offres \n\uf0b7 A l'organisation de r\u00e9unions afin d'assurer le suivi d'ex\u00e9cution du march\u00e9 \n\uf0b7 A l'application de p\u00e9nalit\u00e9s \n\uf0b7 Aux clauses de r\u00e9vision de prix \n\uf0b7 A l'acceptation ou au refus de sous-traitance \n\uf0b7 A la non reconduction de march\u00e9s   \n \nEt pour le compte du Centre  Hospitalier du Mans,  a l'effet de signer, en terme d'engagement \nbudg\u00e9taire,  \n\uf0b7 Pour tous les budgets, les bons de commandes de classe 6 (exploitation) \u00e9mis par la \nD.A.L. d'un montant inf\u00e9rieur \u00e0 4 000 \u20ac HT.  \n\uf0b7 Pour ses fili\u00e8res et les fili\u00e8res de suppl\u00e9ance Equipement g\u00e9n\u00e9ral, Blanchisserie, \nEntretien et Hygi\u00e8ne pour les fournitures, Fournitures G\u00e9n\u00e9rales, Biologie et \nBiom\u00e9dical, pour tous les budgets, les bons de commandes de classe 2 \n(investissement) d'un montant inf\u00e9rieur \u00e0 25 000 \u20ac HT. \nCentre Hospitalier du Mans - 72-2024-09-27-00004 - Decision 2024-072 HERVE Benoit SIGN\u00c9 7\n \n \n \n \n \nCette d\u00e9l\u00e9gation s'effectue dans la limite des cr\u00e9dits budg\u00e9taires autoris\u00e9s et dans le \nrespect des r\u00e8gles de la comptabilit\u00e9 publique et des achats publics, de la matrice R.A.C.I. \net des proc\u00e9dures en vigueur \u00e0 la Direction des Achats et de la Logistique. \n \n\uf0b7 Les factures (attestation du service fait) \n \nL'acheteur assure sa mission dans le respect du code de la commande publique. \n \nArticle 2 \n \nIl est convenu que l'acheteur ne peut donner en aucun cas et \u00e0 quiconque cette d\u00e9l\u00e9gation. \n \nCette d\u00e9l\u00e9gation prend fin automatiquement lorsque le d\u00e9l\u00e9gataire mentionn\u00e9 \u00e0 l'article 1 quitte \nses fonctions. \n \nLa pr\u00e9sente d\u00e9cision de d\u00e9l\u00e9gation de signature annule et remplace la pr\u00e9c\u00e9dente d\u00e9cision de \nd\u00e9l\u00e9gation de signature, \u00e0 savoir la d\u00e9cision n\u00b0 2023-093 (d\u00e9l\u00e9gation ant\u00e9rieure). \n \n \nArticle 3 \n \nIl est convenu que la pr\u00e9sente d\u00e9cision sera remise en main propres \u00e0 Monsieur Benoit HERVE. \n \nIl est convenu que la pr\u00e9sente d\u00e9cision sera publi\u00e9e sur le site internet du Centre Hospitalier du \nMans. \n \nUne copie sera remise aux Tr\u00e9soriers Principaux, Receveurs des Centres Hospitaliers du Mans, \nde Montval-sur-Loir, de Saint -Calais, du Lude ainsi qu'au Responsable de la Fonction Achat du \nGHT 72. \n \nLa pr\u00e9sente d\u00e9cision sera publi\u00e9e au Registre des actes administratifs de la Pr\u00e9fecture de la \nSarthe. \n \n  \n Fait au Mans, le 27 septembre 2024 \n \n  \n Le Directeur G\u00e9n\u00e9ral,  \n  \n \n Guillaume LAURENT \n  SIGN\u00c9 \nCentre Hospitalier du Mans - 72-2024-09-27-00004 - Decision 2024-072 HERVE Benoit SIGN\u00c9 8\nCentre Hospitalier du Mans\n72-2024-12-05-00004\nD\u00e9l\u00e9gation de signature 2024-087 Maxime\nCHUREAU SIGN\u00c9\nCentre Hospitalier du Mans - 72-2024-12-05-00004 - D\u00e9l\u00e9gation de signature 2024-087 Maxime CHUREAU SIGN\u00c9 9\n> .chm | BectorCentre Hospitalier Le Mans\n \n  \n  \n \n \n \nD\u00e9cision N\u00b02024-087 \nportant d\u00e9l\u00e9gation de signature \n \n \nMONSIEUR GUILLAUME LAURENT, DIRECTEUR GENERAL DU CENTRE HOSPITALIER DU MANS, \nDE MONTVAL-SUR-LOIR, DE SAINT-CALAIS, DU LUDE, ET DE L'EHPAD DE BESSE-SUR-BRAYE \n \nVu le Code de la Sant\u00e9 Publique, notamment ses articles L 6143 -7, D 6143-33 \u00e0 D 6143-35, \net R 6143-38 ; \n \nVu l'arr\u00eat\u00e9 du Centre National de Gestion en date du 15 juillet 2021 le nommant directeur des \nCentres Hospitaliers du Mans, de Ch\u00e2teau-du-Loir, de Saint-Calais, du Lude, et de l'EHPAD \nde Bess\u00e9-sur-Braye, \u00e0 compter du 16 ao\u00fbt 2021 ; \n \n \nDECIDE \n \n \nArticle 1  \nque d\u00e9l\u00e9gation permanente est donn\u00e9e \u00e0  Monsieur Maxime CHUREAU , Responsable du \nd\u00e9partement S\u00e9curit\u00e9 Op\u00e9rationnelle  \u00e0 la Direction du Num\u00e9rique du Centre Hospitalier du \nMans, \u00e0 l'effet de signer en son nom les proc\u00e8s-verbaux de r\u00e9ception. \n \n \nArticle 2 \nQue la pr\u00e9sente d\u00e9cision sera remise en mains propres \u00e0 Monsieur Maxime CHUREAU contre \nun accus\u00e9 de r\u00e9ception  \n \nIl est convenu que la pr\u00e9sente d\u00e9cision sera publi\u00e9e sur le site internet du Centre Hospitalier \ndu Mans. \n \nUne copie sera remise au Tr\u00e9sorier Principal, Receveur du Centre Hospitalier du Mans. \nLa pr\u00e9sente d\u00e9cision sera publi\u00e9e au Registre des actes administratifs de la Pr\u00e9fecture de la \nSarthe. \n \n \n Fait au Mans, le 5 d\u00e9cembre 2024 \n \n  \n Le Directeur G\u00e9n\u00e9ral,  \n  \n \n Guillaume LAURENT \n  SIGN\u00c9 \n \nCentre Hospitalier du Mans - 72-2024-12-05-00004 - D\u00e9l\u00e9gation de signature 2024-087 Maxime CHUREAU SIGN\u00c9 10\nPr\u00e9fecture de la Sarthe\n72-2025-01-27-00002\nARR\u00caT\u00c9 PR\u00c9FECTORAL n\u00b0 DCPPAT 2025-0024 du\n27 janvier 2025 modifiant l'arr\u00eat\u00e9 pr\u00e9fectoral n\u00b0\nDCPPAT 2022-0194 du 30 mai 2022 (modification\nn\u00b0 2)\nPr\u00e9fecture de la Sarthe - 72-2025-01-27-00002 - ARR\u00caT\u00c9 PR\u00c9FECTORAL n\u00b0 DCPPAT 2025-0024 du 27 janvier 2025 modifiant l'arr\u00eat\u00e9\npr\u00e9fectoral n\u00b0 DCPPAT 2022-0194 du 30 mai 2022 (modification n\u00b0 2) 11\nExPREFETDE LA SARTHELibert\u00e9Egalit\u00e9Fraternit\u00e9\nDirection de la coordination\ndes politiques publiques\net de l'appui territorial\nBureau de l'environnement \net de l'utilit\u00e9 publique\nARR\u00caT\u00c9 PR\u00c9FECTORAL n\u00b0 DCPPAT 2025-0024 du 27 janvier 2025\nmodifiant l'arr\u00eat\u00e9 pr\u00e9fectoral n\u00b0 DCPPAT 2022-0194 du 30 mai 2022\n(modification n\u00b0 2)\nOBJET : Nomination des membres de la commission d\u00e9partementale de la nature, des paysages et  \ndes sites \u2013 Formation \u00ab Carri\u00e8res \u00bb\nLe Pr\u00e9fet de la Sarthe\nChevalier de la L\u00e9gion d'honneur\n                     Chevalier de l'ordre national du M\u00e9rite\nVU le code de l'environnement notamment ses articles L 341-16 et suivants, R 341-16 \u00e0 R 341-25 ;\nVU le code de l'urbanisme ;\nVU le code rural et de la p\u00eache maritime ;\nVU le code minier ;\nVU le code des relations entre le public et l'administration ;\nVU le d\u00e9cret n\u00b0 2006-665 du 7 juin 2006 relatif \u00e0 la r\u00e9duction du nombre et \u00e0 la simplification de la  \ncomposition de diverses commissions administratives ;\nVU l'instruction  du  Gouvernement  du  6  novembre  2017  relative  \u00e0  la  mise  \u00e0  disposition  et  aux \nconditions d'acc\u00e8s des informations potentiellement sensibles pouvant faciliter la  commission  \nd'actes de malveillance dans les installations class\u00e9es pour la protection de l'environnement ;\nVU l'arr\u00eat\u00e9 pr\u00e9fectoral n\u00b0 DIRCOL2015-0253 du 16 d\u00e9cembre 2015 relatif \u00e0 la cr\u00e9ation de la commission \nd\u00e9partementale  de  la  nature,  des  paysages  et  des  sites  modifi\u00e9  par  l'arr\u00eat\u00e9  pr\u00e9fectoral \nn\u00b0 DCPPAT 2019-0060 du 11 mars 2019 en son article 5 ;\nVU l'arr\u00eat\u00e9 pr\u00e9fectoral n\u00b0 DCPPAT 2022-0194 du 30 mai 2022 modifi\u00e9 portant nomination des membres \nde  la  commission  d\u00e9partementale  de  la  nature,  des  paysages  et  des  sites  dans  sa  formation \n\u00ab carri\u00e8res \u00bb ;\nVU la proposition de l'UNICEM Pays-de-la-Loire en date du 15 janvier 2025 visant \u00e0 remplacer Monsieur  \nXavier DESPREZ (LAFARGE Granulats) par Monsieur Paul-Emile BOURON (Soci\u00e9t\u00e9 des Carri\u00e8res de  \nl'Ouest) en qualit\u00e9 de repr\u00e9sentant des exploitants de carri\u00e8res\u00a0;\nSUR PROPOSITION de Madame la secr\u00e9taire g\u00e9n\u00e9rale de la pr\u00e9fecture de la Sarthe :\nPlace Aristide Briand \u2013 72041 LE MANS Cedex 9\nStandard : 02 43 39 72 72 - T\u00e9l\u00e9copie : 02 43 28 24 09  - serveur vocal : 02 43 39 70 00\nwww.sarthe.gouv.fr \u2013 pref-mail@sarthe.gouv.fr - Twitter : @Prefet72 - Facebook : Pr\u00e9fecture de la Sarthe \nPr\u00e9fecture de la Sarthe - 72-2025-01-27-00002 - ARR\u00caT\u00c9 PR\u00c9FECTORAL n\u00b0 DCPPAT 2025-0024 du 27 janvier 2025 modifiant l'arr\u00eat\u00e9\npr\u00e9fectoral n\u00b0 DCPPAT 2022-0194 du 30 mai 2022 (modification n\u00b0 2) 12\nA R R \u00ca T E\nARTICLE  1 \u2013  L'arr\u00eat\u00e9  pr\u00e9fectoral  n\u00b0  DCPPAT  2022-0194  du  30  mai  2022 portant  nomination  des \nmembres de la commission d\u00e9partementale de la nature, des paysages et des sites dans sa formation  \n\u00ab Carri\u00e8res \u00bb est modifi\u00e9 et remplac\u00e9 par les dispositions du pr\u00e9sent arr\u00eat\u00e9\u00a0:\nLa commission d\u00e9partementale de la nature, des paysages et des sites pr\u00e9sid\u00e9e par le pr\u00e9fet ou son  \nrepr\u00e9sentant, comprend les membres suivants pour la formation sp\u00e9cialis\u00e9e \u00ab Carri\u00e8res \u00bb :\n\u2013 1 \u2013 Repr\u00e9sentants des services de l'Etat : 4 membres\n\u2013 Le pr\u00e9fet ou son repr\u00e9sentant ;\n\u2013 La directrice r\u00e9gionale de l'environnement, de l'am\u00e9nagement et du logement des Pays-de-\nla-Loire ou son repr\u00e9sentant ;\n\u2013 Le directeur d\u00e9partemental des territoires de la Sarthe ou son repr\u00e9sentant ;\n\u2013 Le  chef  du  service  territorial  de  l'architecture  et  du  patrimoine  de  la  Sarthe  ou  son \nrepr\u00e9sentant ;\nLes membres des services de l'\u00c9tat si\u00e9geant en raison des fonctions qu'ils occupent peuvent  \nse faire suppl\u00e9er par un membre du service auquel ils appartiennent. La repr\u00e9sentation dans  \nce cas est de droit.\n\u2013 2  \u2013  Coll\u00e8ge  des  repr\u00e9sentants  \u00e9lus  des  collectivit\u00e9s  territoriales  et  des  repr\u00e9sentants \nd'\u00e9tablissements publics de coop\u00e9ration intercommunale : 4 membres\n\u2013     2.1   :  Le  pr\u00e9sident  du  conseil  d\u00e9partemental  ou  son  repr\u00e9sentant  et  un  conseiller \nd\u00e9partemental :\nTitulaires Suppl\u00e9ants\n\u2013 M. Fr\u00e9d\u00e9ric BEAUCHEF \u2013 M. Emmanuel FRANCO\n\u2013 Mme Marie-Pierre BROSSET \u2013 Mme V\u00e9ronique RIVRON\nLes  suppl\u00e9ants  sont  appel\u00e9s  \u00e0  si\u00e9ger  soit  en  cas  d'absence  du  titulaire,  soit  lorsque  la \ncommission doit d\u00e9lib\u00e9rer sur des op\u00e9rations int\u00e9ressant le titulaire. Les membres d\u00e9sign\u00e9s  \nen raison de leur mandat \u00e9lectif ne peuvent se faire suppl\u00e9er que par un \u00e9lu si\u00e9geant en tant  \nque repr\u00e9sentant du conseil d\u00e9partemental.\n\u2013     2.2   : Un maire\nTitulaire Suppl\u00e9ant\n\u2013 M. Philippe BIAUD\nMaire de Ligron\n\u2013 M. Pascal DUPUIS\nMaire du Grand-Luc\u00e9\nLes  suppl\u00e9ants  sont  appel\u00e9s  \u00e0  si\u00e9ger  soit  en  cas  d'absence  du  titulaire,  soit  lorsque  la \ncommission doit d\u00e9lib\u00e9rer sur des op\u00e9rations int\u00e9ressant le titulaire. Les membres d\u00e9sign\u00e9s  \nen raison de leur mandat \u00e9lectif ne peuvent se faire suppl\u00e9er que par un \u00e9lu si\u00e9geant comme  \nrepr\u00e9sentant au titre du coll\u00e8ge \u00ab membres repr\u00e9sentant les maires \u00bb.\n2\nPr\u00e9fecture de la Sarthe - 72-2025-01-27-00002 - ARR\u00caT\u00c9 PR\u00c9FECTORAL n\u00b0 DCPPAT 2025-0024 du 27 janvier 2025 modifiant l'arr\u00eat\u00e9\npr\u00e9fectoral n\u00b0 DCPPAT 2022-0194 du 30 mai 2022 (modification n\u00b0 2) 13\n\u2013     2.3   : Un repr\u00e9sentant d'\u00c9tablissements Publics de Coop\u00e9ration Intercommunale\nTitulaire Suppl\u00e9ant\n\u2013 M. Nicolas CHAUVIN \nVice-pr\u00e9sident de la communaut\u00e9 de  \ncommunes du Pays Fl\u00e9chois\nAdjoint au maire de La Fl\u00e8che\n\u2013 M. Francis LEPINETTE\nPr\u00e9sident du SIVOS d'Ass\u00e9 le Tronchet-\nS\u00e9grie\nMaire de S\u00e9grie\nLes  suppl\u00e9ants  sont  appel\u00e9s  \u00e0  si\u00e9ger  soit  en  cas  d'absence  du  titulaire,  soit  lorsque  la \ncommission doit d\u00e9lib\u00e9rer sur des op\u00e9rations int\u00e9ressant le titulaire. Les membres d\u00e9sign\u00e9s  \nen raison de leur mandat \u00e9lectif ne peuvent se faire suppl\u00e9er que par un \u00e9lu si\u00e9geant comme  \nrepr\u00e9sentant  au  titre  du  coll\u00e8ge  \u00ab membres  repr\u00e9sentant  les  \u00c9tablissements  Publics  de \nCoop\u00e9ration Intercommunale \u00bb.\n\u2013 3 \u2013 Coll\u00e8ge des personnalit\u00e9s qualifi\u00e9es en mati\u00e8re de sciences de la nature, de protection des  \nsites  et  du  cadre  de  vie,  de  repr\u00e9sentants  d'associations  agr\u00e9\u00e9es  de  protection  de \nl'environnement :\n4 membres\nTitulaires Suppl\u00e9ants\n\u2013 Mme H\u00e9l\u00e8ne LE CAM\nCAUE\n\u2013 M. St\u00e9phane FOUGERAY\nCAUE\n\u2013 M. Gilles PAINEAU\nConservatoire d'espaces naturels des \nPays-de-la-Loire\n\u2013 M. Marek BANASIAK\nConservatoire d'espaces naturels des\nPays-de-la-Loire\n\u2013 M. Jean-Christophe GAVALLET\nFrance Nature Environnement Sarthe\n\u2013 Mme Chantal BLOSSIER\n France Nature Environnement Sarthe\n\u2013 M. Antoine BODY\nCPIE\n\u2013 Mme Morgane SINEAU\nCPIE\nLes  personnes  qualifi\u00e9es  ne  peuvent  pas  se  faire  suppl\u00e9er  en  donnant  mandat  en  cas \nd'absence.\n\u2013 4 \u2013 Professionnels repr\u00e9sentants les exploitants de carri\u00e8res et les utilisateurs de mat\u00e9riaux de  \ncarri\u00e8res : 4 membres\n\u2013 4.1 \u2013 Deux repr\u00e9sentants des exploitants de carri\u00e8res\nTitulaires Suppl\u00e9ants\n\u2013 M. Thierry WOJNOWSKI\nUNICEM (Roches meubles)\n\u2013 M. Paul-Emile BOURON\nUNICEM (Roches meubles)\n\u2013 M. Vincent PAJOT\nUNICEM (Roches massives)\n\u2013 M. Jonathan MAZZARDI\nUNICEM (Roches massives)\n3\nPr\u00e9fecture de la Sarthe - 72-2025-01-27-00002 - ARR\u00caT\u00c9 PR\u00c9FECTORAL n\u00b0 DCPPAT 2025-0024 du 27 janvier 2025 modifiant l'arr\u00eat\u00e9\npr\u00e9fectoral n\u00b0 DCPPAT 2022-0194 du 30 mai 2022 (modification n\u00b0 2) 14\n\u2013 4.2 \u2013 Deux repr\u00e9sentants des utilisateurs de mat\u00e9riaux de carri\u00e8res\nTitulaires Suppl\u00e9ants\n\u2013 M. Bruno FLECHARD, St\u00e9 LOCA TPF\nF\u00e9d\u00e9ration BTP Sarthe\n\u2013\u00a0M. Fabien PRIGENT\nF\u00e9d\u00e9ration TP 72\nLes  suppl\u00e9ants  sont  appel\u00e9s  \u00e0  si\u00e9ger  soit  en  cas  d'absence  du  titulaire,  soit  lorsque  la \ncommission  doit  d\u00e9lib\u00e9rer  sur  des  op\u00e9rations  int\u00e9ressant  le  titulaire.  Lorsqu'il  n'est  pas \nsuppl\u00e9\u00e9, c'est-\u00e0-dire repr\u00e9sent\u00e9, le membre d'une commission peut donner un mandat \u00e0 un  \nautre membre, dans ce m\u00eame coll\u00e8ge. Nul ne peut d\u00e9tenir plus d'un mandat. \n\u2013 5 \u2013 Le maire de la commune ou son repr\u00e9sentant \u00e9lu  sur le territoire de laquelle une exploitation  \nde carri\u00e8re est projet\u00e9e est invit\u00e9 \u00e0 si\u00e9ger avec voix d\u00e9lib\u00e9rative \u00e0 la s\u00e9ance au cours de  \nlaquelle est examin\u00e9e la demande d'autorisation d'exploiter.\nSi une carri\u00e8re est sur le territoire de plusieurs communes, chaque maire dispose d'une voix  \nd\u00e9lib\u00e9rative proratis\u00e9e.\nARTICLE 2 \u2013 Les membres de la pr\u00e9sente formation autres que les repr\u00e9sentants des services de l'\u00c9tat  \nsont d\u00e9sign\u00e9s pour un mandat de trois ans, soit jusqu'au 29 mai 2025. Leur mandat est renouvelable.\nARTICLE 3 \u2013 Les membres de la pr\u00e9sente formation doivent observer une discr\u00e9tion absolue en ce qui  \nconcerne les faits et informations dont ils ont pu avoir connaissance dans l'exercice de leur mandat,  \nconform\u00e9ment \u00e0 l'instruction du Gouvernement du 6 novembre 2017 relative \u00e0 la mise \u00e0 disposition et  \naux conditions d'acc\u00e8s des informations potentiellement sensibles pouvant faciliter la commission  \nd'actes de malveillance dans les installations class\u00e9es pour la protection de l'environnement.\nARTICLE 4 \u2013 Madame la secr\u00e9taire g\u00e9n\u00e9rale de la pr\u00e9fecture de la Sarthe est charg\u00e9e de l'ex\u00e9cution du  \npr\u00e9sent arr\u00eat\u00e9 qui sera publi\u00e9 au recueil des actes administratifs de la pr\u00e9fecture de la Sarthe.\nPour le Pr\u00e9fet et par d\u00e9l\u00e9gation\nLa Secr\u00e9taire G\u00e9n\u00e9rale\nSIGNE\nChristine TORRES\n4\nPr\u00e9fecture de la Sarthe - 72-2025-01-27-00002 - ARR\u00caT\u00c9 PR\u00c9FECTORAL n\u00b0 DCPPAT 2025-0024 du 27 janvier 2025 modifiant l'arr\u00eat\u00e9\npr\u00e9fectoral n\u00b0 DCPPAT 2022-0194 du 30 mai 2022 (modification n\u00b0 2) 15","date":"2025-01-31","first_seen_on":"2025-08-31T02:32:59+00:00","id":"9f961399bdc3b81d64742b14963fa1a3ac508544d92192869192f3dde241f5f5","name":"RAA n\u00b016 du 31 janvier 2025","pdf_creation_date":"2025-01-31T14:57:22+00:00","pdf_modification_date":null,"timezone":"Europe/Paris","url":"https://www.sarthe.gouv.fr/contenu/telechargement/23586/148035/file/recueil-31-01-2025-recueil-des-actes-administratifs.pdf"}
