{"administration":"pref30","administration_name":"Pr\u00e9fecture du Gard","content":"PR\u00c9FET\nDU GARD\nRECUEIL DES ACTES\nADMINISTRATIFS SP\u00c9CIAL\nN\u00b030-2025-100\nPUBLI\u00c9 LE 12 JUIN 2025\nSommaire\nPrefecture du Gard / SAPSI\n30-2025-06-12-00001 - Arr\u00eat\u00e9 N\u00b030-2025-06-12-00001 portant\ninterdiction des rassemblements festifs \u00e0 caract\u00e8re musical et\ninterdiction de circulation des poids lourds transportant du mat\u00e9riel de\nsons \u00e0 destination d'un rassemblement festif \u00e0 caract\u00e8re musical\nnon autoris\u00e9 dans le d\u00e9partement du Gard du vendredi 13 au lundi 16\njuin 2025. (4 pages) Page 3\n2\nPrefecture du Gard\n30-2025-06-12-00001\nArr\u00eat\u00e9 N\u00b030-2025-06-12-00001 portant\ninterdiction des rassemblements festifs \u00e0\ncaract\u00e8re musical et interdiction de circulation\ndes poids lourds transportant du mat\u00e9riel de\nsons \u00e0 destination d'un rassemblement festif \u00e0\ncaract\u00e8re musical non autoris\u00e9 dans le\nd\u00e9partement du Gard du vendredi 13 au lundi 16\njuin 2025.\nPrefecture du Gard - 30-2025-06-12-00001 - Arr\u00eat\u00e9 N\u00b030-2025-06-12-00001 portant interdiction des rassemblements festifs \u00e0 caract\u00e8re\nmusical et interdiction de circulation des poids lourds transportant du mat\u00e9riel de sons \u00e0 destination d'un rassemblement festif \u00e0\ncaract\u00e8re musical non autoris\u00e9 dans le d\u00e9partement du Gard du vendredi 13 au lundi 16 juin 2025.\n3\nCabinetE 5 Direction des s\u00e9curit\u00e9sPREFET Service d'animation des politiques de s\u00e9curit\u00e9 int\u00e9rieureDU GARD |Libert\u00e9Egalit\u00e9Fraternit\u00e9 Nimes le, 1:2 JUIN 2025Arr\u00eat\u00e9 N\u00b030-2025-06- 2 - Gooo \u00c0portant interdiction des rassemblements festifs \u00e0 caract\u00e8re musical et interdiction decirculation des poids lourds transportant du mat\u00e9riel de sons \u00e0 destination d'unrassemblement festif \u00e0 caract\u00e8re musical non autoris\u00e9 dans le d\u00e9partement du Garddu vendredi 13 au lundi 16 juin 2025\nLe Pr\u00e9fet,Chevalier de la L\u00e9gion d'Honneur,Officier de l'Ordre national du M\u00e9rite,Vu le Code de la s\u00e9curit\u00e9 int\u00e9rieure, notamment ses articles L.211-1, L.211-5 et suivants,L.211-15, R.211-2 et suivants et R.211-27 et suivants ;Vu le Code de la route ;Vu le Code de la voirie routi\u00e8re ;Vu le Code g\u00e9n\u00e9ral de collectivit\u00e9s territoriales, notamment son article L.2215-1 ;Vu le Code p\u00e9nal, notamment son article 431-9 ; |Vule d\u00e9cret n\u00b02004-374 du 29 avril 2004 modifi\u00e9 relatif aux pouvoirs des pr\u00e9fets \u00e0l'organisation et \u00e0 l'action des services de l'\u00c9tat dans les r\u00e9gions et les d\u00e9partements ;Vu le d\u00e9cret du Pr\u00e9sident de la R\u00e9publique du 13 juillet 2023, nommantMonsieur J\u00e9r\u00f4me BONET, pr\u00e9fet du Gard ;Vu l'arr\u00eat\u00e9 pr\u00e9fectoral n\u00b030-2024-10-18-00007 du 18 octobre 2024 donnant d\u00e9l\u00e9gation designature \u00e0 Monsieur Emile SOUMBO, sous-pr\u00e9fet de l'arrondissement d'Al\u00e8s ;Vu l'arr\u00eat\u00e9 pr\u00e9fectoral n\u00b030-2024-10-18-00008 du 18 octobre 2024 donnant d\u00e9l\u00e9gation designature \u00e0 Madame Anne LEVASSEUR, sous-pr\u00e9f\u00e8te de l'arrondissement du Vigan ;Vu l'arr\u00eat\u00e9 pr\u00e9fectoral n\u00b030-2024-10-18-00009 du 18 octobre 2024 donnant d\u00e9l\u00e9gation designature \u00e0 Madame Marie-Charlotte EUVRARD, sous-pr\u00e9f\u00e8te, directrice de cabinet dupr\u00e9fet du Gard;Vu l'arr\u00eat\u00e9 pr\u00e9fectoral n\u00b030-2024-10-18-00005 du 18 octobre 2024 donnant d\u00e9l\u00e9gation designature \u00e0 Monsieur Yann GERARD, secr\u00e9taire g\u00e9n\u00e9ral de la pr\u00e9fecture du Gard, sous-pr\u00e9fet de N\u00eemes ;\nPrefecture du Gard - 30-2025-06-12-00001 - Arr\u00eat\u00e9 N\u00b030-2025-06-12-00001 portant interdiction des rassemblements festifs \u00e0 caract\u00e8re\nmusical et interdiction de circulation des poids lourds transportant du mat\u00e9riel de sons \u00e0 destination d'un rassemblement festif \u00e0\ncaract\u00e8re musical non autoris\u00e9 dans le d\u00e9partement du Gard du vendredi 13 au lundi 16 juin 2025.\n4\nVu l'arr\u00eat\u00e9 pr\u00e9fectoral n\u00b030-2024-10-18-00006 du 18 octobre 2024 donnant d\u00e9l\u00e9gation designature \u00e0 Monsieur Mathias NIEPS, sous-pr\u00e9fet, charg\u00e9 de mission aupr\u00e8s du pr\u00e9fet duGard, secr\u00e9taire g\u00e9n\u00e9ral adjoint de la pr\u00e9fecture du Gard;Vu l'arr\u00eat\u00e9 minist\u00e9riel du 16 avril 2021 relatif \u00e0 l'interdiction de circulation des v\u00e9hicules detransports de marchandises \u00e0 certaines p\u00e9riodes ;Vu l'arr\u00eat\u00e9 pr\u00e9fectoral du 31 ao\u00fbt 2012 relatif \u00e0 l'emploi du feu dans le d\u00e9partement duGard; -Vu l'arr\u00eat\u00e9 pr\u00e9fectoral du 8 janvier 2013 relatif au d\u00e9broussaillement r\u00e9glementaire destin\u00e9\u00e0 diminuer l'intensit\u00e9 des incendies de for\u00eat et a en limiter la propagation dans led\u00e9partement du Gard;Vu l'instruction minist\u00e9rielle du 16 juillet 2021 relative aux mesures \u00e0 mettre en \u0153uvre dansle cas de rassemblement festifs de jeunes de type festivals (tout type de musique) ou derassemblements festifs de type free party et rave-party ;Consid\u00e9rant que selon les \u00e9l\u00e9ments d'informations disponibles, notamment lesinformations recueillies aupr\u00e8s des services de la Gendarmerie Nationale du Gard et derenseignements, et les annonces sur les r\u00e9seaux sociaux, des rassemblements festifs \u00e0caract\u00e8re musical de type rave-party sont susceptibles de regrouper plusieurs milliers departicipants, sont \u00e0 pr\u00e9voir dans le d\u00e9partement du Gard pendant la p\u00e9riode printani\u00e8re ;Consid\u00e9rant que plusieurs rassemblements festifs \u00e0 caract\u00e8re musical de type rave-party ;teknival, multi-sons, se sont d\u00e9roul\u00e9s partout sur le territoire national et que, notammentdans le d\u00e9partement du Gard, 4 rassemblements ont \u00e9t\u00e9 recens\u00e9s en 2023 et 1 en 2024;Consid\u00e9rant qu'un rassemblement musical ill\u00e9gal s'est tenu dans le d\u00e9partement du Garddu 19 au 22 avril 2025 r\u00e9unissant 3000 festivaliers, le risque qu'un tel \u00e9v\u00e9nement sereproduise sur le d\u00e9partement du Gard est par cons\u00e9quent av\u00e9r\u00e9 ; |Consid\u00e9rant que des effectifs des forces de l'ordre ont \u00e9t\u00e9 pris \u00e0 partie et bless\u00e9s lors de laprise de contact avec les organisateurs du rassemblement ill\u00e9gal du 19 au 22 avril 2025 ;Consid\u00e9rant qu'un rassemblement musical ill\u00e9gal regroupant 10 000 personnes s'est tenudans le d\u00e9partement du Lot du 7 au 11 mai 2025 ;Consid\u00e9rant qu'un rassemblement musical ill\u00e9gal regroupant environ 200 personnes s'esttenu dans le d\u00e9partement de la Loz\u00e8re du 29 mai 2025 occasionnant des heurts avec lesagriculteurs, n\u00e9cessitant l'intervention des forces de l'ordre ;Consid\u00e9rant qu'un rassemblement musical ill\u00e9gal regroupant environ 3000 personnes s'esttenu dans le d\u00e9partement de l'H\u00e9rault du 6 au 9 juin 2025;Consid\u00e9rant que sur les dates concern\u00e9es par l'\u00e9v\u00e9nement projet\u00e9, les forces de l'ordre etles services de secours seront particuli\u00e8rement mobilis\u00e9s sur des \u00e9v\u00e9nementsconcomitants, notamment le Handi Gard Classic 3\u00b0\" \u00e9dition les 14 et 15 juin 2025 aM\u00e9jannes-le -Clap, le F\u00e9mina Va a Cup du 14 au 15 juin au Grau du Roi, le championnat deFrance d'\u00e9quitation du 13 au 15 juin \u00e0 Aigues Mortes, le 19\u00b0\"\u00b0 festival de la Mob le 14 juin \u00e0Salindres, les Journ\u00e9es europ\u00e9ennes de l'Arch\u00e9ologie du 14 au 15 juin, la 33\u00b0\" f\u00eate de latranshumance les 14 et 15 juin \u00e0 l'Esp\u00e9rou, les rendez-vous aux jardins de la fontaine les14 et 15 juin \u00e0 Nimes, les f\u00eates traditionnelles sur l'ensemble du d\u00e9partement du Gard du13 au 15 juin inclus ;\nPrefecture du Gard - 30-2025-06-12-00001 - Arr\u00eat\u00e9 N\u00b030-2025-06-12-00001 portant interdiction des rassemblements festifs \u00e0 caract\u00e8re\nmusical et interdiction de circulation des poids lourds transportant du mat\u00e9riel de sons \u00e0 destination d'un rassemblement festif \u00e0\ncaract\u00e8re musical non autoris\u00e9 dans le d\u00e9partement du Gard du vendredi 13 au lundi 16 juin 2025.\n5\nARRETEArticle 1 - La tenue des rassemblements festifs \u00e0 caract\u00e8re musical r\u00e9pondant al'ensemble des caract\u00e9ristiques \u00e9nonc\u00e9s \u00e0 l'article R.211-2 du Code de s\u00e9curit\u00e9 int\u00e9rieure,autres que ceux l\u00e9galement d\u00e9clar\u00e9s et autoris\u00e9s, est interdite sur l'ensemble dud\u00e9partement du Gard du vendredi 13 juin 2025 \u00e0 08h00 au lundi 16 juin 2025 \u00e0 08h00.Article 2 - La circulation des v\u00e9hicules transportant du mat\u00e9riel susceptible d'\u00eatre utilis\u00e9pour un rassemblement festif non autoris\u00e9 est interdite durant la m\u00eame p\u00e9riode.Article 3 - Toute infraction au pr\u00e9sent arr\u00eat\u00e9 est passible de sanctions pr\u00e9vues par le Codep\u00e9nal et par les dispositions des articles L.211-15, R.211-30 du Code de la s\u00e9curit\u00e9 int\u00e9rieureet peut donner lieu notamment a la saisie du mat\u00e9riel en vue de sa confiscation par letribunal.Article 4 - Le pr\u00e9sent arr\u00eat\u00e9 pr\u00e9fectoral entre en vigueur \u00e0 compter de sa publication aurecueil des actes administratifs de la pr\u00e9fecture du Gard.Article 5 - Le pr\u00e9sent arr\u00eat\u00e9 peut faire l'objet d'un recours administratif aupr\u00e8s deMonsieur le pr\u00e9fet du Gard (Pr\u00e9fecture du Gard 30 045 Nimes Cedex 9), d'un recourshi\u00e9rarchique adress\u00e9 \u00e0 Monsieur le ministre de l'Int\u00e9rieur \u2014 place Beauvau 75 008 Paris) oud'un recours contentieux devant le tribunal administratif de Nimes, dans un d\u00e9lai de deuxmois suivant sa publication. Le tribunal administratif peut aussi \u00eatre saisi par l'applicationinformatique \u00abTelerecours Citoyens\u00bb accessible par le site internet www.telerecours.fr.Article 6 - Madame la directrice de cabinet du pr\u00e9fet du Gard, Madame la sous-pr\u00e9f\u00e8te del'arrondissement du Vigan, Monsieur le sous-pr\u00e9fet de l'arrondissement d'Al\u00e9s, Monsieur lesecr\u00e9taire g\u00e9n\u00e9ral de la pr\u00e9fecture du Gard, Monsieur le secr\u00e9taire g\u00e9n\u00e9ral adjoint de lapr\u00e9fecture du Gard, Monsieur le Colonel, commandant le groupement de gendarmeried\u00e9partementale du Gard, Monsieur le directeur interd\u00e9partemental de la police nationaledu Gard, Monsieur le directeur interd\u00e9partemental de la police nationale du Vaucluse,Monsieur le directeur interd\u00e9partemental de la police nationale des Bouches du Rh\u00f4nesont charg\u00e9s, chacun en ce qui les concerne, de l'ex\u00e9cution du pr\u00e9sent arr\u00eat\u00e9.Le pr\u00e9fet,\nr\u00e9fet,le secr\u00e9taire g\u00e9n\u00e9ral\nPrefecture du Gard - 30-2025-06-12-00001 - Arr\u00eat\u00e9 N\u00b030-2025-06-12-00001 portant interdiction des rassemblements festifs \u00e0 caract\u00e8re\nmusical et interdiction de circulation des poids lourds transportant du mat\u00e9riel de sons \u00e0 destination d'un rassemblement festif \u00e0\ncaract\u00e8re musical non autoris\u00e9 dans le d\u00e9partement du Gard du vendredi 13 au lundi 16 juin 2025.\n6\nPrefecture du Gard - 30-2025-06-12-00001 - Arr\u00eat\u00e9 N\u00b030-2025-06-12-00001 portant interdiction des rassemblements festifs \u00e0 caract\u00e8re\nmusical et interdiction de circulation des poids lourds transportant du mat\u00e9riel de sons \u00e0 destination d'un rassemblement festif \u00e0\ncaract\u00e8re musical non autoris\u00e9 dans le d\u00e9partement du Gard du vendredi 13 au lundi 16 juin 2025.\n7","date":"2025-06-12","first_seen_on":"2025-06-12T16:12:24+00:00","id":"9fc173a5d59a2c57e4b149ef63f6e6b45377c2ab5e9b885dcfe70c20628cfb9c","name":"recueil-30-2025-100-special. du 12 06 2025","pdf_creation_date":"2025-06-12T15:12:01+00:00","pdf_modification_date":null,"timezone":"Europe/Paris","url":"https://www.gard.gouv.fr/contenu/telechargement/63755/471323/file/recueil-30-2025-100-special.%20du%2012%2006%202025.pdf"}
