{"administration":"pref21","administration_name":"Pr\u00e9fecture de C\u00f4te-d\u2019Or","content":"PR\u00c9FET\nDE LA C\u00d4TE-D'OR\nRECUEIL DES ACTES\nADMINISTRATIFS SP\u00c9CIAL\n(NOMINATIFS)\nN\u00b021-2025-084\nPUBLI\u00c9 LE 16 JUIN 2025\nSommaire\nPr\u00e9fecture de la C\u00f4te-d'Or / Direction de la coordination, des politiques\npubliques et de l'appui territorial\n21-2025-06-13-00015 - AP 844 du 13 juin 2025 ANCT Mme DUPUY  (2 pages) Page 3\n21-2025-06-13-00016 - AP 845 du 13 juin 2025 21 C\u00f4te d'Or -\nd\u00e9l\u00e9gation de signature DSAC NE 2025 (3 pages) Page 6\nPr\u00e9fecture de la C\u00f4te-d'Or / P\u00f4le juridique inter-services\n21-2025-06-13-00014 - AP 813 du 13 juin 2025  d\u00e9l\u00e9gation signature\nSecr\u00e9taire g\u00e9n\u00e9ral Denis BRUEL  (3 pages) Page 10\n2\nPr\u00e9fecture de la C\u00f4te-d'Or\nDirection de la coordination, des politiques\npubliques et de l'appui territorial\n21-2025-06-13-00015\nAP 844 du 13 juin 2025 ANCT Mme DUPUY \nPr\u00e9fecture de la C\u00f4te-d'Or - 21-2025-06-13-00015 - AP 844 du 13 juin 2025 ANCT Mme DUPUY 3\nExPREFETDE LACOTE-D'ORLibert\u00e9Egalit\u00e9Fraternit\u00e9\nArr\u00eat\u00e9 pr\u00e9fectoral n\u00b0 844  / SG du 13 juin 2025\nportant nomination de la D\u00e9l\u00e9gu\u00e9e territoriale adjointe \nde l'Agence Nationale de la Coh\u00e9sion Territoriale de la C\u00f4te-d'Or \nLe pr\u00e9fet de la C\u00f4te-d'Or\nVu l'article R 1232-9 du Code g\u00e9n\u00e9ral des collectivit\u00e9s territoriales;\nVu le d\u00e9cret n\u00b0 2019-1190 du 18 novembre 2019 relatif \u00e0 l'Agence Nationale de Coh\u00e9sion des  \nTerritoires ;\nVu l'arr\u00eat\u00e9 pr\u00e9fectoral n\u00b0 75 du 14 janvier 2025 du 17 mars 2025  donnant d\u00e9l\u00e9gation de  \nsignature \u00e0 Madame Nadine  MUCKENSTURM, directrice d\u00e9partementale des territoires de la  \nC\u00f4te-d'Or par int\u00e9rim ;\nVu l'arr\u00eat\u00e9 minist\u00e9riel du 17 mars 2025 nommant Madame Manuelle DUPUY, ing\u00e9nieure en  \nchef des ponts, des eaux et des for\u00eats, en qualit\u00e9 de directrice d\u00e9partementale des territoires \nde la C\u00f4te-d'Or \u00e0 compter du 7 avril 2025 ;\nSur proposition du secr\u00e9taire g\u00e9n\u00e9ral de la pr\u00e9fecture de la C\u00f4te-d'Or ;\nA R R \u00ca T E :\nArticle  1  er      :   l'arr\u00eat\u00e9  pr\u00e9fectoral  n\u00b0  705  du  15  juillet  2020  nommant  Madame  Florence \nLAUBIER en qualit\u00e9 de d\u00e9l\u00e9gu\u00e9e territoriale adjointe de l'Agence Nationale de Coh\u00e9sion des  \nTerritoires, et toutes dispositions ant\u00e9rieures et contraires au pr\u00e9sent arr\u00eat\u00e9 sont abrog\u00e9s \u00e0  \ncompter du lundi 7 avril 2025.;\nPr\u00e9fecture de la C\u00f4te-d'Or - 21-2025-06-13-00015 - AP 844 du 13 juin 2025 ANCT Mme DUPUY 4\nArticle 2      : Madame Manuelle DUPUY, ing\u00e9nieure en chef des ponts, des eaux et des for\u00eats,  \ndirectrice d\u00e9partementale des territoires de la C\u00f4te-d'Or, est nomm\u00e9e D\u00e9l\u00e9gu\u00e9e territoriale  \nadjointe  de l'Agence Nationale de Coh\u00e9sion des Territoires pour le d\u00e9partement de la C\u00f4te-\nd'Or, \u00e0 compter du 7 avril 2025 .\nArticle  3 : Le  secr\u00e9taire  g\u00e9n\u00e9ral  de  la  pr\u00e9fecture  de  la  C\u00f4te-d'Or  et  la  directrice  \nd\u00e9partementale des territoires de la C\u00f4te-d'Or, sont charg\u00e9s, chacun en ce qui le concerne,  \nde l'ex\u00e9cution du pr\u00e9sent arr\u00eat\u00e9 qui sera publi\u00e9 au recueil des actes administratifs de la  \npr\u00e9fecture de la C\u00f4te-d'Or.\nFait \u00e0 Dijon, le 13 juin 2025\nLe Pr\u00e9fet,\nSign\u00e9 :\nPaul MOURIER\nPr\u00e9fecture de la C\u00f4te-d'Or - 21-2025-06-13-00015 - AP 844 du 13 juin 2025 ANCT Mme DUPUY 5\nPr\u00e9fecture de la C\u00f4te-d'Or\nDirection de la coordination, des politiques\npubliques et de l'appui territorial\n21-2025-06-13-00016\nAP 845 du 13 juin 2025 21 C\u00f4te d'Or - d\u00e9l\u00e9gation\nde signature DSAC NE 2025\nPr\u00e9fecture de la C\u00f4te-d'Or - 21-2025-06-13-00016 - AP 845 du 13 juin 2025 21 C\u00f4te d'Or - d\u00e9l\u00e9gation de signature DSAC NE 2025 6\nExPREFETDE LACOTE-D'ORLibert\u00e9Egalit\u00e9Fraternit\u00e9\nSECR\u00c9TARIAT G\u00c9N\u00c9RAL\nDirection de la coordination des politiques publiques\n et de l'appui territorial\nArr\u00eat\u00e9 pr\u00e9fectoral n\u00b0 845 du 13 juin 2025\nportant d\u00e9l\u00e9gation de signature \u00e0 Monsieur Emmanuel JACQUEMIN\nDirecteur de la s\u00e9curit\u00e9 de l'Aviation civile Nord-Est\npour ses missions et comp\u00e9tences exerc\u00e9es dans le d\u00e9partement de la C\u00f4te-d'Or\nLe Pr\u00e9fet de la C\u00f4te-d'Or\nVu le code des transports ;\nVu la loi n\u00b078.17 du 6 janvier 1978, relative \u00e0 l'informatique, aux fichiers et aux libert\u00e9s ;\nVu la loi n\u00b0 82.213 du 2 mars 1982 modifi\u00e9e, relative aux droits et aux libert\u00e9s des communes, des  \nd\u00e9partements et des r\u00e9gions ;\nVu la loi d'orientation n\u00b0 92-125 du 6 f\u00e9vrier 1992 relative \u00e0 l'administration territoriale de la R\u00e9pu -\nblique ;\nVu la loi  n\u00b0 2015-29  du  16  janvier  2015  relative  \u00e0  la  d\u00e9limitation  des  r\u00e9gions,  aux  \u00e9lections \nr\u00e9gionales et d\u00e9partementales et modifiant le calendrier \u00e9lectoral ;\nVu la loi n\u00b0 2015-991 du 7 ao\u00fbt 2015 portant nouvelle organisation territoriale de la R\u00e9publique ;\nVu le d\u00e9cret n\u00b0 2008-1299 modifi\u00e9 du 11 d\u00e9cembre 2008 portant cr\u00e9ation de la direction de la s\u00e9cu -\nrit\u00e9 de l'Aviation civile ;\nVu  le d\u00e9cret  n\u00b0 2015-1689 du 17 d\u00e9cembre 2015 portant diverses mesures d'organisation et de  \nfonctionnement ;\nVu le  d\u00e9cret  du  10  octobre  2024  nommant  Monsieur  Paul  MOURIER,  Pr\u00e9fet  de  la  R\u00e9gion \nBourgogne-Franche-Comt\u00e9, Pr\u00e9fet de la C\u00f4te-d'Or ;\nVu   le d\u00e9cret du 14 novembre 2024 nommant Monsieur Denis BRUEL,  Secr\u00e9taire g\u00e9n\u00e9ral  de la  \nPr\u00e9fecture de la C\u00f4te-d'Or, Sous-pr\u00e9fet de Dijon ;\nVu   l'arr\u00eat\u00e9  du 18 d\u00e9cembre 2019 modifi\u00e9 portant organisation de la Direction de la s\u00e9curit\u00e9 de  \nl'aviation civile ;\nVu    l'arr\u00eat\u00e9 du 03 juillet 2024 portant nomination de Monsieur Richard THUMMEL Directeur de la  \ns\u00e9curit\u00e9 de l'Aviation civile ;\nPr\u00e9fecture de la C\u00f4te-d'Or - 21-2025-06-13-00016 - AP 845 du 13 juin 2025 21 C\u00f4te d'Or - d\u00e9l\u00e9gation de signature DSAC NE 2025 7\nVu l'arr\u00eat\u00e9 du 20 mai 2020 portant nomination de Monsieur Emmanuel JACQUEMIN, ing\u00e9nieur en  \nchef des ponts, des eaux et des for\u00eats, Directeur de la s\u00e9curit\u00e9 de l'Aviation civile Nord-Est;\nVu   la d\u00e9cision du 11 octobre 2024 portant organisation de la direction de la s\u00e9curit\u00e9 de l'Aviation  \ncivile Nord-Est ;\nVu   l'arr\u00eat\u00e9  pr\u00e9fectoral  n\u00b0 1733  du  08  novembre  2024 donnant  d\u00e9l\u00e9gation  de  signature  \u00e0  M. \nEmmanuel JACQUEMIN, Directeur de la s\u00e9curit\u00e9 de l'Aviation civile Nord-Est, pour ses missions \net comp\u00e9tences exerc\u00e9es dans le d\u00e9partement de la C\u00f4te-d'Or \nSUR  proposition de Monsieur le Secr\u00e9taire g\u00e9n\u00e9ral de la pr\u00e9fecture de la C\u00f4te-d'Or,\nARR\u00caTE\nArticle 1     : L'arr\u00eat\u00e9 pr\u00e9fectoral n\u00b0  1733 du 08 novembre 2024  donnant d\u00e9l\u00e9gation de signature \u00e0 M. \nEmmanuel JACQUEMIN, Directeur de la s\u00e9curit\u00e9 de l'Aviation civile Nord-Est, pour ses missions et  \ncomp\u00e9tences exerc\u00e9es dans le d\u00e9partement de la C\u00f4te-d'Or  et toutes dispositions ant\u00e9rieures et  \ncontraires au pr\u00e9sent arr\u00eat\u00e9 sont abrog\u00e9s.\nArticle 2 : D\u00e9l\u00e9gation de signature est donn\u00e9e \u00e0 M. Emmanuel JACQUEMIN, directeur de la s\u00e9curit\u00e9  \nde l'Aviation civile Nord-Est, \u00e0 l'effet de signer au nom du pr\u00e9fet, dans le cadre de ses attributions et  \ncomp\u00e9tences exerc\u00e9es dans le d\u00e9partement de la C\u00f4te d'Or :\n1. la d\u00e9cision pr\u00e9vue \u00e0 l'article L. 6141-1 du code des transports, pronon\u00e7ant la r\u00e9tention de tout  \na\u00e9ronef fran\u00e7ais ou \u00e9tranger ne remplissant pas les conditions pour se livrer \u00e0 la circulation a\u00e9rienne  \npr\u00e9vues par le livre 1er de la sixi\u00e8me partie l\u00e9gislative et de la sixi\u00e8me partie r\u00e9glementaire du code  \ndes transports ou dont le pilote a commis une infraction au sens de ce code ;\n2. l'autorisation, en application de l'article D. 6212-2 du code des transports, du d\u00e9collage d'a\u00e9ronefs  \nayant d\u00fb se poser en campagne suite \u00e0 des probl\u00e8mes graves, \u00e0 l'exclusion des a\u00e9ronefs venant de  \nl'\u00e9tranger ou s'y rendant ;\n3. le prononc\u00e9 des mesures d'interdiction de survol du d\u00e9partement, en application de l'article R.  \n6211-8 du code des transports ;\n4. les d\u00e9rogations aux hauteurs minimales de survol hors agglom\u00e9ration (autorisation de vols rasants), \nen application de l'article R. 6211-4 du code des transports ;\n5. l'autorisation au titre de l'article R. 6351-12 du code des transports, dans les zones grev\u00e9es de  \nservitudes a\u00e9ronautiques de d\u00e9gagement, des installations et \u00e9quipements concourant \u00e0 la s\u00e9curit\u00e9  \nde la navigabilit\u00e9 a\u00e9rienne et du transport public, et d'autoriser au titre de l'article R. 6351-13 du code  \ndes transports, dans les m\u00eames zones, et pour une dur\u00e9e limit\u00e9e, des constructions ou installations  \nn\u00e9cessaires \u00e0 la conduite de travaux \n6. la validation des formations, les d\u00e9cisions d'octroi, de retrait ou de suspension des agr\u00e9ments des  \npersonnels charg\u00e9s du service de sauvetage et de lutte contre l'incendie, en application de l'article  \nD.6332-14 du code des transports ;\n7.  la  d\u00e9termination  des  p\u00e9riodes  minimales  de  mise  en  \u0153uvre  des  mesures  relatives  au  p\u00e9ril \nanimalier, en application des articles D. 6332-32 \u00e0 D. 6332-38 du code des transports ;\n8. le contr\u00f4le du respect des dispositions applicables au service de sauvetage et de lutte contre  \nl'incendie et au service charg\u00e9 du p\u00e9ril animalier par les exploitants d'a\u00e9rodromes ou les organismes  \nauxquels ils ont confi\u00e9 le service ;\nPr\u00e9fecture de la C\u00f4te-d'Or - 21-2025-06-13-00016 - AP 845 du 13 juin 2025 21 C\u00f4te d'Or - d\u00e9l\u00e9gation de signature DSAC NE 2025 8\n9.  la  d\u00e9livrance  des  titres  d'acc\u00e8s  \u00e0  la  zone  de  s\u00fbret\u00e9  \u00e0  acc\u00e8s  r\u00e9glement\u00e9  des  a\u00e9rodromes, \nconform\u00e9ment aux dispositions des articles R. 6342-23 et suivants du code des transports ;\n10.  la  d\u00e9livrance  des  autorisations  d'acc\u00e8s  au  c\u00f4t\u00e9  piste  des  a\u00e9rodromes,  conform\u00e9ment  aux \ndispositions des articles R. 6342-14 du code des transports ;\nArticle 3 : En cas d'absence ou d'indisponibilit\u00e9 de Monsieur Emmanuel JACQUEMIN, d\u00e9l\u00e9gation est  \nconsentie aux agents suivants, dans les limites de leurs attributions, \u00e0 l'effet de signer les actes ou  \nd\u00e9cisions pr\u00e9vues \u00e0 l'article 1 :\n1. Monsieur Christian BURGUN, adjoint au directeur de la direction de la s\u00e9curit\u00e9 de l'Aviation  \ncivile Nord-Est en charge des affaires techniques, en cas d'absence ou d'emp\u00eachement de  \nMonsieur Emmanuel JACQUEMIN ;\n2. Madame Delphine FOLLENIUS, cheffe de cabinet du Directeur de la s\u00e9curit\u00e9 de l'Aviation  \ncivile Nord-Est, en cas d'absence ou d'emp\u00eachement de Monsieur Emmanuel JACQUEMIN.\n   En cas d'absence ou d'emp\u00eachement de Monsieur Emmanuel JACQUEMIN, Monsieur Christian \n   BURGUN et Madame Delphine FOLLENIUS, la d\u00e9l\u00e9gation de signature pr\u00e9vue \u00e0 l'article 1 ci-    \n   dessus est exerc\u00e9e,\n> pour  l'alin\u00e9a  3,  par  Mesdames  Karin  MAHIEUX  et  Aline  ZETLAOUI,  Messieurs  Ludovic \nPARES,  Philippe  DOPPLER  et  Alexis  CLINET  en  tant  que  cadres  de  permanence  de \ndirection de la DSAC-NE lorsqu'ils assurent l'astreinte de direction ;\n> pour les alin\u00e9as  6,7 et  8 par Monsieur Alexis CLINET, chef  de la division A\u00e9roports et  \nNavigation a\u00e9rienne de la DSAC-NE, Monsieur Jean-Marie LANDES, chef de la subdivision  \nA\u00e9roports et Monsieur Paul HUMBLOT, charg\u00e9 d'affaires de la subdivision A\u00e9roports ;\n> pour l'alin\u00e9a 9 et 10 par Madame Karin MAHIEUX, cheffe de la division S\u00fbret\u00e9 de la DSAC-\nNE,  Monsieur  Laurent  SEYNAT,  son  adjoint,  Mesdames  Nolwenn  LACKNER,  H\u00e9l\u00e8ne \nPOTTIER,  et  Aude  KUCHLY,  Messieurs  Fr\u00e9d\u00e9ric  BARRILLET,  Philippe  ROLAND,  Benoit \nGUYOT et Serge LOTTERMOSER, inspecteurs de surveillance de la division S\u00fbret\u00e9.\nArticle 4     : Le pr\u00e9sent arr\u00eat\u00e9 peut faire l'objet d'un recours contentieux devant le tribunal administratif  \nde Dijon dans un d\u00e9lai de deux mois \u00e0 compter de sa publication.\nArticle 5     :  Le Secr\u00e9taire g\u00e9n\u00e9ral de la Pr\u00e9fecture de la C\u00f4te-d'Or et le Directeur de la s\u00e9curit\u00e9 de  \nl'Aviation civile Nord-Est sont charg\u00e9s, chacun en ce qui le concerne, de l'ex\u00e9cution du pr\u00e9sent arr\u00eat\u00e9,  \nqui sera publi\u00e9 au recueil des actes administratifs de la Pr\u00e9fecture de la C\u00f4te-d'Or.\nFait \u00e0 Dijon, le 13 juin 2025\nLe Pr\u00e9fet,\nSign\u00e9 :\nPaul MOURIER\nPr\u00e9fecture de la C\u00f4te-d'Or - 21-2025-06-13-00016 - AP 845 du 13 juin 2025 21 C\u00f4te d'Or - d\u00e9l\u00e9gation de signature DSAC NE 2025 9\nPr\u00e9fecture de la C\u00f4te-d'Or\nP\u00f4le juridique inter-services\n21-2025-06-13-00014\nAP 813 du 13 juin 2025  d\u00e9l\u00e9gation signature\nSecr\u00e9taire g\u00e9n\u00e9ral Denis BRUEL \nPr\u00e9fecture de la C\u00f4te-d'Or - 21-2025-06-13-00014 - AP 813 du 13 juin 2025  d\u00e9l\u00e9gation signature Secr\u00e9taire g\u00e9n\u00e9ral Denis BRUEL 10\nExPREFETDE LACOTE-D'ORLibert\u00e9Egalit\u00e9Fraternit\u00e9\nArr\u00eat\u00e9 pr\u00e9fectoral n\u00b0  813  / SG du 13 juin 2025\ndonnant d\u00e9l\u00e9gation de signature \u00e0 Monsieur Denis BRUEL,\nSecr\u00e9taire g\u00e9n\u00e9ral  de la pr\u00e9fecture de la C\u00f4te-d'Or\nLe Pr\u00e9fet de la C\u00f4te-d'Or\nVu la  loi  n\u00b0  82.213  du  2  mars  1982  modifi\u00e9e  relative  aux  droits  et  libert\u00e9s  des \ncommunes, des d\u00e9partements et des r\u00e9gions ;\nVu le  d\u00e9cret  n\u00b0  2004-374  du  29  avril  2004  relatif  aux  pouvoirs  des  Pr\u00e9fets,  \u00e0 \nl'organisation et \u00e0 l'action des services de l'\u00c9tat dans les r\u00e9gions et d\u00e9partements,  \nmodifi\u00e9 par le d\u00e9cret n\u00b0 2010-146 du 16 f\u00e9vrier 2010 et par le d\u00e9cret n\u00b0 2010-687 du 24  \njuin 2010 ;\nVu le d\u00e9cret n\u00b0 2008-158 du 22 f\u00e9vrier 2008 relatif \u00e0 la suppl\u00e9ance des Pr\u00e9fets de  \nr\u00e9gion  et  \u00e0  la  d\u00e9l\u00e9gation  de  signature  des  pr\u00e9fets  et  hauts  commissaires  de  la \nR\u00e9publique en Polyn\u00e9sie fran\u00e7aise et en Nouvelle-Cal\u00e9donie ;\nVu le d\u00e9cret n\u00b0 2009-176 du 16 f\u00e9vrier 2009 modifiant le d\u00e9cret n\u00b0 64-805 du 29  juillet \n1964 fixant les dispositions r\u00e9glementaires applicables aux Pr\u00e9fets et le d\u00e9cret n\u00b0 2004-\n374 du 29 avril 2004 relatif aux pouvoirs des Pr\u00e9fets, \u00e0 l'organisation et \u00e0 l'action des  \nservices de l'\u00c9tat dans les r\u00e9gions et d\u00e9partements ;\nVu le d\u00e9cret du 10 octobre 2024 nommant Monsieur Paul MOURIER, Pr\u00e9fet de la  \nR\u00e9gion Bourgogne-Franche-Comt\u00e9, pr\u00e9fet de la C\u00f4te d'Or ;\nVu le d\u00e9cret du 6 juillet 2023, portant nomination de Monsieur Beno\u00eet BYRSKI, en  \nqualit\u00e9 de Sous-pr\u00e9fet de Beaune ;\nVu le d\u00e9cret du 17 novembre 2023 portant nomination de Monsieur S\u00e9bastien LANOYE,  \nen qualit\u00e9 de Sous- pr\u00e9fet de Montbard ;\nVu le d\u00e9cret du 14 novembre 2024 portant nomination de Monsieur Denis BRUEL,  \nadministrateur  de  l'\u00c9tat  du  deuxi\u00e8me  grade,  en  qualit\u00e9  de  Secr\u00e9taire  g\u00e9n\u00e9ral  de  la \nPr\u00e9fecture de la C\u00f4te-d'Or, sous-pr\u00e9fet de Dijon (groupe II) ;\nVu le d\u00e9cret du 6 mars 2025 portant nomination de Madame Aur\u00e9lie CONTRECIVILE,  \nSous-pr\u00e9f\u00e8te, en qualit\u00e9 de Sous-pr\u00e9f\u00e8te, Directrice de cabinet du Pr\u00e9fet de la R\u00e9gion  \nBourgogne-Franche-Comt\u00e9, Pr\u00e9fet de la C\u00f4te-d'Or ;\n  \nPr\u00e9fecture de la C\u00f4te-d'Or - 21-2025-06-13-00014 - AP 813 du 13 juin 2025  d\u00e9l\u00e9gation signature Secr\u00e9taire g\u00e9n\u00e9ral Denis BRUEL 11\nVu le d\u00e9cret du 23 mai 2025 portant nomination de Madame Magalie MALERBA en  \nqualit\u00e9  secr\u00e9taire  g\u00e9n\u00e9rale  adjointe  de  la  pr\u00e9fecture  de  la  C\u00f4te  d'Or,  sous-pr\u00e9f\u00e8te \ncharg\u00e9e de mission aupr\u00e8s du Pr\u00e9fet de la R\u00e9gion Bourgogne-Franche-Comt\u00e9, Pr\u00e9fet  \nde la C\u00f4te-d'Or ;\nVu l'arr\u00eat\u00e9 pr\u00e9fectoral n\u00b0 444/SG du 17 mars 2025, donnant d\u00e9l\u00e9gation de signature \u00e0  \nMonsieur Denis BRUEL, Secr\u00e9taire g\u00e9n\u00e9ral de la pr\u00e9fecture de la C\u00f4te-d'Or ;\nSur proposition de Monsieur le Secr\u00e9taire g\u00e9n\u00e9ral de la Pr\u00e9fecture de la C\u00f4te-d'Or ;\nARR\u00caTE\nArticle 1er  : L'arr\u00eat\u00e9 pr\u00e9fectoral  n\u00b0 444/SG du 17 mars 2025,  donnant d\u00e9l\u00e9gation de  \nsignature \u00e0 Monsieur Denis BRUEL, Secr\u00e9taire g\u00e9n\u00e9ral de la Pr\u00e9fecture de la C\u00f4te-d'Or, \net toutes dispositions ant\u00e9rieures contraires au pr\u00e9sent arr\u00eat\u00e9 sont abrog\u00e9s \u00e0 compter  \ndu 16 juin 2025.\nArticle 2  : D\u00e9l\u00e9gation de signature est donn\u00e9e \u00e0 Monsieur Denis BRUEL, Secr\u00e9taire  \ng\u00e9n\u00e9ral de la Pr\u00e9fecture de la C\u00f4te-d'Or, \u00e0 l'effet de signer tous arr\u00eat\u00e9s, d\u00e9cisions,  \ncirculaires, rapports, correspondances et documents relevant des attributions de l'\u00c9tat  \ndans le d\u00e9partement de la C\u00f4te-d'Or, ainsi que tous recours juridictionnels, m\u00e9moires et  \ndocuments se rapportant \u00e0 la saisine des juridictions judiciaires en mati\u00e8re de r\u00e9tention  \nadministrative, \u00e0 l'exception :\ndes d\u00e9clinatoires de comp\u00e9tences et arr\u00eat\u00e9s de conflit.\nArticle  3     :  En  cas  d'absence  ou  d'emp\u00eachement  de  Monsieur  Denis  BRUEL,  les \npouvoirs et fonctions de Secr\u00e9taire g\u00e9n\u00e9ral de la Pr\u00e9fecture de la C\u00f4te-d'Or seront  \nexerc\u00e9s par Madame Magalie MALERBA, Sous-pr\u00e9f\u00e8te, Secr\u00e9taire g\u00e9n\u00e9rale adjointe  \nde la Pr\u00e9fecture de la C\u00f4te-d'Or .\nEn cas d'absence ou d'emp\u00eachement concomitants de Monsieur Denis BRUEL et de  \nMadame Magalie MALERBA, les pouvoirs et fonctions de Secr\u00e9taire g\u00e9n\u00e9ral de la  \nPr\u00e9fecture de la C\u00f4te-d'Or seront exerc\u00e9s par Madame Aur\u00e9lie CONTRECIVILE, Sous-\npr\u00e9f\u00e8te, Directrice de cabinet du Pr\u00e9fet de la r\u00e9gion Bourgogne-Franche-Comt\u00e9, Pr\u00e9fet  \nde la C\u00f4te-d'Or ;\nPendant ladite p\u00e9riode d'absence ou d'emp\u00eachement de Monsieur Denis BRUEL et de  \nMadame Magalie MALERBA, Madame Aur\u00e9lie CONTRECIVILE, exercera, outre les  \nattributions  conf\u00e9r\u00e9es  par  les  lois  et  r\u00e8glements  aux  Secr\u00e9taires  g\u00e9n\u00e9raux  de \npr\u00e9fecture, la d\u00e9l\u00e9gation de signature d\u00e9finie \u00e0 l'article 2 du pr\u00e9sent arr\u00eat\u00e9 au profit de  \nMonsieur Denis BRUEL.\nArticle  4 :  En  cas  d'absence  ou  d'emp\u00eachement  de  Monsieur  Denis  BRUEL,  de \nMadame Magalie MALERBA et de Madame Aur\u00e9lie CONTRECIVILE, les pouvoirs et  \nfonctions de Secr\u00e9taire g\u00e9n\u00e9ral de la pr\u00e9fecture de la C\u00f4te-d'Or seront exerc\u00e9s par  \nMonsieur  Beno\u00eet  BYRSKI,  Sous-pr\u00e9fet  de  Beaune  ou,  en  son  absence  ou  \nemp\u00eachement, par Monsieur S\u00e9bastien LANOYE, Sous-pr\u00e9fet de Montbard.\n  \n2/3\nPr\u00e9fecture de la C\u00f4te-d'Or - 21-2025-06-13-00014 - AP 813 du 13 juin 2025  d\u00e9l\u00e9gation signature Secr\u00e9taire g\u00e9n\u00e9ral Denis BRUEL 12\nPendant ladite p\u00e9riode d'absence ou d'emp\u00eachement de Monsieur Denis BRUEL, de  \nMadame Magalie MALERBA et de Madame Aur\u00e9lie CONTRECIVILE, Monsieur Beno\u00eet \nBYRSKI,  Sous-pr\u00e9fet  de  Beaune,  ou,  en  son  absence  ou  emp\u00eachement,  Monsieur \nS\u00e9bastien  LANOYE,  Sous-pr\u00e9fet  de  Montbard  exerceront,  outre  les  attributions \nconf\u00e9r\u00e9es  par  les  lois  et  r\u00e8glements  aux  secr\u00e9taires  g\u00e9n\u00e9raux  de  pr\u00e9fecture,  la \nd\u00e9l\u00e9gation de signature d\u00e9finie \u00e0 l'article 2 du pr\u00e9sent arr\u00eat\u00e9 au profit de Monsieur Denis \nBRUEL. \nArticle 5 : Le pr\u00e9sent arr\u00eat\u00e9 prendra effet le 16 juin 2025.\nArticle 7 : Le Secr\u00e9taire g\u00e9n\u00e9ral de la Pr\u00e9fecture de la C\u00f4te-d'Or, la Secr\u00e9taire g\u00e9n\u00e9rale \nadjointe de la Pr\u00e9fecture de la C\u00f4te-d'Or, la  Directrice de cabinet du Pr\u00e9fet de la R\u00e9gion  \nBourgogne-Franche-Comt\u00e9,  Pr\u00e9fet  de  la  C\u00f4te-d'Or,  le  Sous-pr\u00e9fet  de  Beaune  et  le \nSous-pr\u00e9fet de Montbard  sont charg\u00e9s, de l'ex\u00e9cution du pr\u00e9sent arr\u00eat\u00e9 qui sera publi\u00e9  \nau recueil des actes administratifs de la pr\u00e9fecture de la C\u00f4te-d'Or.\nFait \u00e0 Dijon, le 13 juin 2025\nLe Pr\u00e9fet,\nPaul MOURIER\n3/3\nPr\u00e9fecture de la C\u00f4te-d'Or - 21-2025-06-13-00014 - AP 813 du 13 juin 2025  d\u00e9l\u00e9gation signature Secr\u00e9taire g\u00e9n\u00e9ral Denis BRUEL 13","date":"2025-06-16","first_seen_on":"2025-09-14T05:03:43+00:00","id":"9fc21f89d399f8cc4c5d954837293562b153f90bc797e6f74cdaa3d101be1f87","name":"RAA n\u00b0 084 du 16 juin 2025","pdf_creation_date":"2025-06-16T14:11:51+00:00","pdf_modification_date":null,"timezone":"Europe/Paris","url":"https://www.cote-dor.gouv.fr/contenu/telechargement/23571/179456/file/recueil-21-2025-084-recueil-des-actes-administratifs-nominatifs.pdf"}
