{"administration":"pref30","administration_name":"Pr\u00e9fecture du Gard","content":"PR\u00c9FET\nDU GARD\nRECUEIL DES ACTES\nADMINISTRATIFS SP\u00c9CIAL\nN\u00b030-2025-029\nPUBLI\u00c9 LE 14 F\u00c9VRIER 2025\nSommaire\nDirection d\u00e9partementale de l'\u00e9conomie, de l'emploi, du travail et des\nsolidarit\u00e9s  /\n30-2025-02-13-00004 - Arr\u00eat\u00e9 portant modification de la formation\npl\u00e9ni\u00e8re du conseil m\u00e9dical d'Al\u00e8s Agglom\u00e9ration (2 pages) Page 3\n30-2025-02-13-00003 - Arr\u00eat\u00e9 portant modification de la formation\npl\u00e9ni\u00e8re du conseil m\u00e9dical de la ville et du CCAS d'Al\u00e8s (2 pages) Page 6\nDirection D\u00e9partementale des Tetrritoires et de la Mer du Gard /\n30-2025-02-13-00002 - arr\u00eat\u00e9 composition CDC GARD (4 pages) Page 9\nSous Pr\u00e9fecture d'Al\u00e8s /\n30-2025-02-05-00005 - Arr\u00eat\u00e9 25-02-04 portant renouvellement\nd'habilitation dans le domaine fun\u00e9raire pour une dur\u00e9e de 5 ans (2\npages) Page 14\n30-2025-02-05-00004 - Arr\u00eat\u00e9 25-02-05 portant renouvellement\nd'habilitation dans le domaine fun\u00e9raire pour une dur\u00e9e de 5 ans (2\npages) Page 17\n30-2025-02-07-00008 - Arr\u00eat\u00e9 25-02-10 portant cr\u00e9ation d'habilitation\ndans le domaine fun\u00e9raire pour une dur\u00e9e de 5 ans (2 pages) Page 20\n30-2025-02-07-00007 - Arr\u00eat\u00e9 25-02-13 portant modification \nd'habilitation dans le domaine fun\u00e9raire (2 pages) Page 23\n30-2025-02-12-00002 - Arr\u00eat\u00e9 25-02-21 fixant la liste des membres du\njury pour d\u00e9livrance des dipl\u00f4mes fun\u00e9raires session 2025-2027 (4\npages) Page 26\n2\nDirection d\u00e9partementale de l'\u00e9conomie, de\nl'emploi, du travail et des solidarit\u00e9s \n30-2025-02-13-00004\nArr\u00eat\u00e9 portant modification de la formation\npl\u00e9ni\u00e8re du conseil m\u00e9dical d'Al\u00e8s\nAgglom\u00e9ration\nDirection d\u00e9partementale de l'\u00e9conomie, de l'emploi, du travail et des solidarit\u00e9s  - 30-2025-02-13-00004 - Arr\u00eat\u00e9 portant\nmodification de la formation pl\u00e9ni\u00e8re du conseil m\u00e9dical d'Al\u00e8s Agglom\u00e9ration 3\nEE | Direction d\u00e9partementalePR\u00c9FET | | de l'Emploi, du Travail et des Solidarit\u00e9sDU GARD |Libert\u00e9\u00c9galit\u00e9Fraternit\u00e9\nArr\u00eat\u00e9 n\u00b0portant modification de la formation pl\u00e9ni\u00e8re duconseil m\u00e9dical des agents d'Al\u00e9s Agglom\u00e9rationLe pr\u00e9fet du GardChevalier de la L\u00e9gion d'honneurChevalier de l'ordre national du M\u00e9rite\nVu le code g\u00e9n\u00e9ral de la fonction publique,Vu le d\u00e9cret n\u00b087-602 du 30/07/1987 modifi\u00e9 portant dispositions statutaires relatives \u00e0 lafonction publique territoriale et relatif \u00e0 l'organisation des comit\u00e9s m\u00e9dicaux et descommissions de r\u00e9forme, aux conditions d'aptitude physique pour l'admission auxemplois publics et au r\u00e9gime de cong\u00e9s de maladie des fonctionnaires territoriaux,Vu le d\u00e9cret n\u00b02003-1306 du 26 d\u00e9cembre 2003 modifi\u00e9 relatif au r\u00e9gime de retraite desfonctionnaires affili\u00e9s \u00e0 la caisse nationale de retraites des agents des collectivit\u00e9slocales,Vu le d\u00e9cret n\u00b0 2022-350 du 11 mars 2022 relatif aux conseils m\u00e9dicaux dans la fonctionpublique territoriale,Vu l'arr\u00eat\u00e9 pr\u00e9fectoral n\u00b030-2023-05-26-00004 du 26 mai 2023 portant composition de laformation restreinte du conseil m\u00e9dical d\u00e9partemental, _Vu l'arr\u00eat\u00e9 pr\u00e9fectoral n\u00b030-2023-06-09-00008 du 09 juin 2023 portant composition de laformation pl\u00e9ni\u00e8re du conseil m\u00e9dical des agents d'Al\u00e9s Agglom\u00e9ration,Vu l'extrait n\u00b02024-0075 du registre des arr\u00eat\u00e9s d'Al\u00e9s Agglom\u00e9ration modifiant larepr\u00e9sentation des personnels de cat\u00e9gorie A,Sur proposition de Madame la directrice d\u00e9partementale de l'emploi, du travail et dessolidarit\u00e9s du Gard, |\nARR\u00caTEArticle 1er: Les repr\u00e9sentants des personnels de cat\u00e9gorie A autoris\u00e9s \u00e0 si\u00e9ger en formationpl\u00e9ni\u00e8re du conseil m\u00e9dical des agents d'Al\u00e9s Agglom\u00e9ration sont :\nMas de l'Agriculture \u2014 1120 route de Saint Gilles \u2014 BP 39081 \u2014 30972 NIMES CEDEX 9T\u00e9l : 04 30 08 61 20 - www.gard.gouv.fr\nDirection d\u00e9partementale de l'\u00e9conomie, de l'emploi, du travail et des solidarit\u00e9s  - 30-2025-02-13-00004 - Arr\u00eat\u00e9 portant\nmodification de la formation pl\u00e9ni\u00e8re du conseil m\u00e9dical d'Al\u00e8s Agglom\u00e9ration 4\nTitulaires Suppl\u00e9antsMme NICOLAS Magali Mme ROCHER CorinneMme PICQ LydiaMme LAMY Sa\u00efda Mme GUEZELLOU Elodie\nArticle 2 :Article 3 :\nArticle 4 :\nArticle 5 :\nMme SAINT-PIERRE Sophie\nLe reste sans changement.Chaque membre du conseil m\u00e9dical peut donner pouvoir \u00e0 un autre membre.Les avis sont \u00e9mis \u00e0 la majorit\u00e9 des membres pr\u00e9sents et repr\u00e9sent\u00e9s.En cas d'\u00e9galit\u00e9 des votes, le m\u00e9decin-pr\u00e9sident a voix pr\u00e9pond\u00e9rante.Cet arr\u00eat\u00e9 peut faire l'objet d'un recours contentieux devant le tribunaladministratif de Nimes \u2014 16 avenue Feuch\u00e8res \u2014 dans le d\u00e9lai de deux moiscourant \u00e0 compter de sa notification.Le tribunal administratif peut aussi \u00eatre saisi par lapplicavion informatique\"T\u00e9l\u00e9recours Citoyens\" accessible par le site internet www.telerecours.frLe secr\u00e9taire g\u00e9n\u00e9ral de la pr\u00e9fecture du Gard et la directrice d\u00e9partementalede l'emploi, du travail et des solidarit\u00e9s du Gard sont charg\u00e9s, chacun en cequi le concerne, de l'ex\u00e9cution du pr\u00e9sent arr\u00eat\u00e9 qui sera publi\u00e9 au recueildes actes administratifs.\nNimes. le 13 FEV. 2025. Plle pr\u00e9fet et par d\u00e9l\u00e9gation,La dir\u00e9\u00eatrice d\u00e9partementalee | i, du travail, .dass olidarit\u00e9s d a\" Sophie BOUDOT\nMas de l'Agriculture \u2014 1120 route de Saint Gilles \u2014 BP 39081 \u2014 30972 NIMES CEDEX 9T\u00e9l : 04 30 08 61 20 - www.gard.gouv.fr\nDirection d\u00e9partementale de l'\u00e9conomie, de l'emploi, du travail et des solidarit\u00e9s  - 30-2025-02-13-00004 - Arr\u00eat\u00e9 portant\nmodification de la formation pl\u00e9ni\u00e8re du conseil m\u00e9dical d'Al\u00e8s Agglom\u00e9ration 5\nDirection d\u00e9partementale de l'\u00e9conomie, de\nl'emploi, du travail et des solidarit\u00e9s \n30-2025-02-13-00003\nArr\u00eat\u00e9 portant modification de la formation\npl\u00e9ni\u00e8re du conseil m\u00e9dical de la ville et du\nCCAS d'Al\u00e8s\nDirection d\u00e9partementale de l'\u00e9conomie, de l'emploi, du travail et des solidarit\u00e9s  - 30-2025-02-13-00003 - Arr\u00eat\u00e9 portant\nmodification de la formation pl\u00e9ni\u00e8re du conseil m\u00e9dical de la ville et du CCAS d'Al\u00e8s 6\nEz Direction d\u00e9partementalePREFET de l'Emploi, du Travail et des Solidarit\u00e9sDU GARDLibert\u00e9Egalit\u00e9Fraternit\u00e9\nArr\u00eat\u00e9 n\u00b0'portant modification de la formation pl\u00e9ni\u00e8re duconseil m\u00e9dical des agents de la ville et du CCAS d'Ales\nLe pr\u00e9fet du GardChevalier de la L\u00e9gion d'honneurChevalier de l'ordre national du M\u00e9rite\nVu le code g\u00e9n\u00e9ral de la fonction publique,Vu le d\u00e9cret n\u00b087-602 du 30/07/1987 modifi\u00e9 portant dispositions statutaires relatives \u00e0 lafonction publique territoriale et relatif \u00e0 l'organisation des comit\u00e9s m\u00e9dicaux et descommissions de r\u00e9forme, aux conditions d'aptitude physique pour l'admission auxemplois publics et au r\u00e9gime de cong\u00e9s de maladie des fonctionnaires territoriaux,Vu le d\u00e9cret n\u00b02003-1306 du 26 d\u00e9cembre 2003 modifi\u00e9 relatif au r\u00e9gime de retraite desfonctionnaires affili\u00e9s \u00e0 la caisse nationale de retraites des agents des collectivit\u00e9slocales,Vu le d\u00e9cret n\u00b0 2022-350 du 11 mars 2022 relatif aux conseils m\u00e9dicaux dans la fonctionpublique territoriale,Vu l'arr\u00eat\u00e9 pr\u00e9fectoral n\u00b030-2023-05-26-00004 du 26 mai 2023 portant composition de laformation restreinte du conseil m\u00e9dical d\u00e9partemental, |Vu l'arr\u00eat\u00e9 pr\u00e9fectoral n\u00b030-2023-06-09-00007 du 09 juin 2023 portant composition de laformation pl\u00e9ni\u00e8re du conseil m\u00e9dical des agents de la ville et du CCAS d'Al\u00e9s,Vu lextrait n\u00b02024-00824 du registre des arr\u00eat\u00e9s de la ville d'Al\u00e9s modifiant la repr\u00e9sentationdes personnels de cat\u00e9gorie C,Sur proposition de Madame la directrice d\u00e9partementale de l'emploi, du travail et dessolidarit\u00e9s du Gard,\nARR\u00caTEArticle 1er: Les repr\u00e9sentants des personnels de cat\u00e9gorie C autoris\u00e9s \u00e0 si\u00e9ger en formationpl\u00e9ni\u00e8re du conseil m\u00e9dical des agents d'Al\u00e9s Agglom\u00e9ration sont :\nMas de l'Agriculture \u2014 1120 route de Saint Gilles - BP 39081 \u2014 30972 NIMES CEDEX 9T\u00e9l : 04 30 08 61 20 - www.gard.gouv.fr\nDirection d\u00e9partementale de l'\u00e9conomie, de l'emploi, du travail et des solidarit\u00e9s  - 30-2025-02-13-00003 - Arr\u00eat\u00e9 portant\nmodification de la formation pl\u00e9ni\u00e8re du conseil m\u00e9dical de la ville et du CCAS d'Al\u00e8s 7\nTitulaires Suppl\u00e9antsMme BONNET-VEYRIEUX V\u00e9ronique Mme TURC SylvianeMme FELICI S\u00e9verineM. DALLET Michel Mme JOLBERT Katy\nArticle 2 :Article 3 :\nArticle 4 :\nArticle 5 :\nMme PECOUT Christine\nLe reste sans changement.Chaque membre du conseil m\u00e9dical peut donner pouvoir \u00e0 un autre membre.Les avis sont \u00e9mis \u00e0 la majorit\u00e9 des membres pr\u00e9sents et repr\u00e9sent\u00e9s.En cas d'\u00e9galit\u00e9 des votes, le m\u00e9decin-pr\u00e9sident a voix pr\u00e9pond\u00e9rante.Cet arr\u00eat\u00e9 peut faire l'objet d'un recours contentieux devant le tribunaladministratif de N\u00eemes \u2014 16 avenue Feuch\u00e8res \u2014 dans le d\u00e9lai de deux moiscourant \u00e0 compter de sa notification.Le tribunal administratif peut aussi \u00eatre saisi par l'application informatique\"T\u00e9l\u00e9recours Citoyens\" accessible par le site internet www.telerecours.frLe secr\u00e9taire g\u00e9n\u00e9ral de la pr\u00e9fecture du Gard et la directrice d\u00e9partementalede l'emploi, du travail et des solidarit\u00e9s du Gard sont charg\u00e9s, chacun en cequi le concerne, de l'ex\u00e9cution du pr\u00e9sent arr\u00eat\u00e9 qui sera publi\u00e9 au recueildes actes administratifs.\n13 FEV. 2025N\u00eemes, |P/le pr\u00e9fet et par d\u00e9l\u00e9gation,La directfice d\u00e9pansmentale\nEn\n: Sophie BOUDOT\nMas de l'Agriculture \u2014 1120 route de Saint Gilles - BP 39081 \u2014 30972 NIMES CEDEX 9T\u00e9l : 04 30 08 61 20 - www.gard.gouv.fr\nDirection d\u00e9partementale de l'\u00e9conomie, de l'emploi, du travail et des solidarit\u00e9s  - 30-2025-02-13-00003 - Arr\u00eat\u00e9 portant\nmodification de la formation pl\u00e9ni\u00e8re du conseil m\u00e9dical de la ville et du CCAS d'Al\u00e8s 8\nDirection D\u00e9partementale des Tetrritoires et de\nla Mer du Gard\n30-2025-02-13-00002\narr\u00eat\u00e9 composition CDC GARD\nDirection D\u00e9partementale des Tetrritoires et de la Mer du Gard - 30-2025-02-13-00002 - arr\u00eat\u00e9 composition CDC GARD 9\nPREFETDU GARDLibert\u00e9Egalit\u00e9Fraternit\u00e9\nDirection d\u00e9partementale\ndes territoires et de la mer\nService Habitat et Construction\nAffaire suivie par : Marion COLSON\nT\u00e9l. : 04 66 64 67\nmarion.colson@gard.gouv.fr\nARR\u00caT\u00c9 N\u00b0\nsous-titre du document\nLe pr\u00e9fet du Gard\nChevalier de la L\u00e9gion d'honneur,\nChevalier de l'ordre national du M\u00e9rite\nVU  la loi n\u00b0 2000-614 du 5 juillet 2000 relative \u00e0 l'accueil et \u00e0 l'habitat des gens du voyage, en particulier\nson article 1er \u2013 IV, modifi\u00e9e par la loi n\u00b0 2017-86 du 29 janvier 2017.\nVU  le d\u00e9cret n\u00b0 2017-921 du 9 mai 2017 relatif \u00e0 la composition et au fonctionnement de la commission\nd\u00e9partementale consultative des gens du voyage, modifiant le d\u00e9cret n\u00b02001-540 du 25 juin 2001\nVU  la circulaire du 19 avril 2017 relative \u00e0 l'application de la loi n\u00b0 2017-86 du 27 janvier 2017.\nSUR PROPOSITION de Monsieur le Secr\u00e9taire G\u00e9n\u00e9ral\nARR\u00caTE  \nARTICLE 1 : Composition de la commission\n\u2022 Pr\u00e9sidents :\n- le Pr\u00e9fet ou son repr\u00e9sentant ;\n- la Pr\u00e9sidente du Conseil D\u00e9partemental ou son repr\u00e9sentant.\n\u2022 Membres  :\n- 4 repr\u00e9sentants des services de l'\u00c9tat :\n- le Directeur D\u00e9partemental des Territoires et de la Mer ou son repr\u00e9sentant ;\n- la Directrice D\u00e9partementale de l'Emploi, du Travail et des Solidarit\u00e9s ou son repr\u00e9sentant ;\n- l'Inspecteur d'Acad\u00e9mie, Directeur Acad\u00e9mique des services d\u00e9partementaux de l'\u00e9ducation\nnationale ou son repr\u00e9sentant ;\n- le Commandant de Groupement de Gendarmerie D\u00e9partementale du Gard ou son repr\u00e9sen-\ntant.\n89, rue Weber \u2013 30907 NIMES CEDEX 2\nT\u00e9l : 04 66 62 62 00 - Fax : 04 66 23 28 79 - www.gard.gouv.fr\nDirection D\u00e9partementale des Tetrritoires et de la Mer du Gard - 30-2025-02-13-00002 - arr\u00eat\u00e9 composition CDC GARD 10\n4 repr\u00e9sentants d\u00e9sign\u00e9s par le Conseil D\u00e9partemental du Gard :\nTitulaires Suppl\u00e9ants\n1 Mme Isabelle FARDOUX-JOUVES, \nconseill\u00e8re d\u00e9partementale du canton \nde La Grand'Combe, d\u00e9l\u00e9gu\u00e9e \u00e0 \nl'Egalit\u00e9 femme-homme et \u00e0 la lutte \ncontre discriminations\nMme Maryse GIANNACCINI, Vice-Pr\u00e9sidente du \nconseil d\u00e9partemental, d\u00e9l\u00e9gu\u00e9e \u00e0 la protection \nde l'enfance, \u00e0 la petite enfant et au soutien \u00e0 la \nprentalit\u00e9\n2 M Robert CRAUSTE, conseiller \nd\u00e9partemental du canton d'Aigues-\nMortes\nMme Carole BERGERI, conseill\u00e8re \nd\u00e9partementale du canton de  Pont-Saint-Esprit, \nd\u00e9l\u00e9gu\u00e9e \u00e0 l'Europe et \u00e0 la politique \ncontractuelle territoriale\n3 Mme Karine DAUMAS, directrice de \nl'unit\u00e9 territoriale d'action sociale et \nd'insertion C\u00e9vennes-Aigoual\nMme Christine PERRIER,  chef du service \nInsertion \u00e0 la Direction Animation et \nD\u00e9veloppement Social des Territoires \n4 Mme Fabienne POILLEUX, directrice \nde l'unit\u00e9 territoriale d'action sociale \net d'insertion du Gard Rhodanien\nM Samuel JAULMES, Directeur de l'Animation et \ndu D\u00e9veloppement Social des Territoires \n1 repr\u00e9sentant des communes d\u00e9sign\u00e9 par l'Association des Maires du Gard\nTitulaire Suppl\u00e9ant\n1 M. Pierre MAUMEJEAN\nMaire d'Aigues Mortes\nMme V\u00e9ronique BOISSY\nAdjointe mairie de Rochefort du Gard\n4 repr\u00e9sentants des EPCI d\u00e9sign\u00e9s par l'assembl\u00e9e des communaut\u00e9s de France sur proposition de l'asso-\nciation des maires du Gard \nTitulaires Suppl\u00e9ants\n1 M. Renaud LEROI , membre du bureau\ncommunautaire,\nD\u00e9l\u00e9gu\u00e9 aux gens du voyage CA N\u00eemes\nM\u00e9tropole\nMme G\u00e9raldine Rey-Deschamps, \u00e9lue \u00e0 la mairie\nde N\u00eemes, \nVice-pr\u00e9sidente CA N\u00eemes M\u00e9tropole\n2 M.  Olivier  ROBELET,  maire  de\nMontfaucon,\nVice-pr\u00e9sident d\u00e9l\u00e9gu\u00e9 aux solidarit\u00e9s\nCA Gard Rhodanien\nMme  Mich\u00e8le  FOND  THURIAL,  conseill\u00e8re\ncommunautaire\nConseill\u00e8re communautaire politique de la ville\nCA Gard Rhodanien\n3 M.  Marc FOUCON,  Maire de Boissi\u00e8re,\nVice-pr\u00e9sident CC  Rh\u00f4ny  \u2013  Vistre  -\nVidourle\nM  Freddy  CERDA,  Maire  de  la  Commune  de\nGallargues le Montueux \nVice-pr\u00e9sident CC Rh\u00f4ny \u2013 Vistre - Vidourle\n4 M  Jean  Charles  BENEZET,  Maire  de\nSaint-Christol-lez-Al\u00e8s, \nCice-pr\u00e9sident CA Al\u00e8s Agglom\u00e9ration\nMme Soraya HAOUES, \u00e9lue \u00e0 la mairie d'Al\u00e8s\nConseill\u00e8re  communautaire  CA  Al\u00e8s\nAgglom\u00e9ration\n89, rue Weber \u2013 30907 NIMES CEDEX 2\nT\u00e9l : 04 66 62 62 00 - Fax : 04 66 23 28 79 - www.gard.gouv.fr\nDirection D\u00e9partementale des Tetrritoires et de la Mer du Gard - 30-2025-02-13-00002 - arr\u00eat\u00e9 composition CDC GARD 11\n5 personnalit\u00e9s qualifi\u00e9es :\nTitulaires Suppl\u00e9ants\n1 M.  Baptiste  PAYOU,  Pr\u00e9sident  de\nl'association des gitans du Languedoc-\nRoussillon\nM  Jimmy  CEITE, Pr\u00e9sident  de  l'association  des\nGitans de Sommi\u00e8res\n2 M Laurent EL GHOZY, Pr\u00e9sident de la\nF\u00e9d\u00e9ration Nationale des Associations\nSolidaires des Tziganes (FNASAT)\nM  St\u00e9phane  FABREGUES,  Vice-Pr\u00e9sident  de\nl'Association  des  Gens  du  Voyage  de  C\u00e8ze\nC\u00e9vennes, m\u00e9diateur\n3 Mme  Sylvie  DEBART,  administratrice\nde  l'Association  Nationale  des  Gens\ndu Voyage Citoyens (ANGVC) \nM.  Andr\u00e9  RIVIERE,  Membre  de  l'Association\nNationale  des  Gens  du  voyage  Citoyens\n(ANGVC)\n4 M. Fernand MARAVAL, Pr\u00e9sident\n de \nl'Union Fran\u00e7aise Association Tziganes \n(UFAT)\nYohan SALLES, Pr\u00e9sident du comit\u00e9 des Tziganes \nde la r\u00e9gion PACA \nD\u00e9l\u00e9gu\u00e9 national de l'Union fran\u00e7aise des \nassociations Tziganes Fran\u00e7aise (UFAT)\n5 Mme  Muriel  VITAL,  Coordinatrice\nSIAO, La Croix Rouge Fran\u00e7aise\nMme WEBER No\u00e9mie, travailleur social du SIAO\nUrgence, La Croix Rouge Fran\u00e7aise\n1 repr\u00e9sentant de la Caisse d'Allocations Familiales (CAF)\nTitulaire Suppl\u00e9ant\n1 M  Tony  CONRAZIER,  Administrateur\nrepr\u00e9sentant des allocataires\nMme  Florence  FERRAN  SOYER,  Administrateur\nrepr\u00e9sentant des employeurs\n1 repr\u00e9sentant de la Mutualit\u00e9 Sociale Agricole (MSA)\nTitulaire Suppl\u00e9ant\n1 M Beno\u00eet HEREDIA Mme Sylvie SORO\nArticle 2 : Dur\u00e9e et renouvellement des mandats\nLa dur\u00e9e du mandat des membres de la commission est de 6 ans. Il prend fin si son titulaire perd la\nqualit\u00e9 au titre de laquelle il a \u00e9t\u00e9 d\u00e9sign\u00e9. Celui-ci est alors remplac\u00e9 dans un d\u00e9lai de trois mois pour la\ndur\u00e9e du mandat restant \u00e0 courir.\nArticle 3 : Fonctionnement\nLa commission se r\u00e9unit au moins deux fois par an sur convocation conjointe de ses deux pr\u00e9sidents, ou \u00e0\nl'initiative de l'un d'entre eux, ou sur demande d'un tiers de ses membres.\nLa commission peut entendre toute personne dont elle estime l'audition utile.\n89, rue Weber \u2013 30907 NIMES CEDEX 2\nT\u00e9l : 04 66 62 62 00 - Fax : 04 66 23 28 79 - www.gard.gouv.fr\nDirection D\u00e9partementale des Tetrritoires et de la Mer du Gard - 30-2025-02-13-00002 - arr\u00eat\u00e9 composition CDC GARD 12\nArticle 4 : Quorum et modalit\u00e9s de vote\nLa commission si\u00e8ge valablement si la moiti\u00e9 de ses membres sont pr\u00e9sents.\nLorsque le quorum n'est pas atteint, une nouvelle r\u00e9union doit \u00eatre convoqu\u00e9e dans le d\u00e9lai d'un mois.\nDans ce cas, la commission si\u00e8ge valablement quel que soit le nombre de membres pr\u00e9sents.\nSes d\u00e9lib\u00e9rations sont adopt\u00e9es \u00e0 la majorit\u00e9 absolue des membres pr\u00e9sents. En cas de partage des voix,\nl'avis ou la proposition est r\u00e9put\u00e9 avoir \u00e9t\u00e9 adopt\u00e9.\nArticle 5 : R\u00f4le\nLa commission est charg\u00e9e de l'\u00e9laboration, de la mise en \u0153uvre et du suivi du sch\u00e9ma d\u00e9partemental\ndes gens du voyage.\nChaque ann\u00e9e, elle \u00e9tablit un rapport retra\u00e7ant :\n\u2717 le bilan de ses travaux et propositions ainsi que l'application du sch\u00e9ma,\n\u2717 un recensement des exp\u00e9riences innovantes contribuant \u00e0 une meilleure int\u00e9gration des gens du\nvoyage.\nElle peut d\u00e9signer un m\u00e9diateur charg\u00e9 d'examiner les difficult\u00e9s rencontr\u00e9es dans la mise en \u0153uvre du\nsch\u00e9ma et de formuler des propositions de r\u00e8glement de ces difficult\u00e9s. Le m\u00e9diateur rend compte \u00e0 la\ncommission de ses activit\u00e9s.\nArticle 6 :\nLe pr\u00e9sent arr\u00eat\u00e9 annule et remplace l'arr\u00eat\u00e9 n\u00b0 30-2022-06-10-00002, publi\u00e9 le 10 juin 2022.\nArticle 7 :\nMme la Sous-Pr\u00e9f\u00e8te, Directrice de Cabinet est charg\u00e9e de l'ex\u00e9cution du pr\u00e9sent arr\u00eat\u00e9 qui sera publi\u00e9\nau recueil des actes administratifs de la pr\u00e9fecture et communiqu\u00e9 \u00e0 l'ensemble des membres de la\ncommission.\nLe 13 f\u00e9vrier 2025\nPour le pr\u00e9fet,\nle secr\u00e9taire g\u00e9n\u00e9ral\nYann GERARD\n89, rue Weber \u2013 30907 NIMES CEDEX 2\nT\u00e9l : 04 66 62 62 00 - Fax : 04 66 23 28 79 - www.gard.gouv.fr\nDirection D\u00e9partementale des Tetrritoires et de la Mer du Gard - 30-2025-02-13-00002 - arr\u00eat\u00e9 composition CDC GARD 13\nSous Pr\u00e9fecture d'Al\u00e8s\n30-2025-02-05-00005\nArr\u00eat\u00e9 25-02-04 portant renouvellement\nd'habilitation dans le domaine fun\u00e9raire pour\nune dur\u00e9e de 5 ans\nSous Pr\u00e9fecture d'Al\u00e8s - 30-2025-02-05-00005 - Arr\u00eat\u00e9 25-02-04 portant renouvellement d'habilitation dans le domaine fun\u00e9raire pour\nune dur\u00e9e de 5 ans 14\nPREFET Sous-pr\u00e9fecture d'Al\u00e8sDU GARD Bureau de la r\u00e9glementation Fun\u00e9raire et des associationsLibert\u00e9 Service d\u00e9partemental du fun\u00e9raireEgalit\u00e9Fraternit\u00e9\nArr\u00e9t\u00e9 n\u00b0 25-02-04portant renouvellement d'habilitation dans le domaine fun\u00e9raire pour une dur\u00e9e de 5 ansLe pr\u00e9fet du Gard,Chevalier de la l\u00e9gion d'honneur,. Chevalier de l'ordre national du M\u00e9rite,\nVule code g\u00e9n\u00e9ral des collectivit\u00e9s territoriales, notamment les articles L. 2223-19 etsuivants;Vu l'arr\u00eat\u00e9 pr\u00e9fectoral n\u00b0 30-2024-10-18-00007 du 18 octobre 2024 donnant d\u00e9l\u00e9gationde signature \u00e0 Monsieur Emile SOUMBO, sous-pr\u00e9fet de l'arrondissement d'Al\u00e8s ;Vu l'arr\u00eat\u00e9 pr\u00e9fectoral n\u00b019-06-08 en date du 07/06/2019 portant renouvellementd'habilitation dans le domaine fun\u00e9raire pour une dur\u00e9e de 6 ans sous le n\u00b0 99-30-279, \u00e0 laSarl POMPES FUNEBRES DENIS pour son \u00e9tablissement principal, situ\u00e9 1 Place de l'\u00c9glise(30500), SIRET \u00b0 350 205 225 00062 ;Vu la demande de renouvellement d'habilitation dans le domaine fun\u00e9raire formul\u00e9e parM. Christophe MESSINA, g\u00e9rant de la soci\u00e9t\u00e9 sus-nomm\u00e9e ;Vu l'extrait Kbis de la soci\u00e9t\u00e9, \u00e0 jour en date du 24/10/2024;Consid\u00e9rant que l'habilitation n\u00b099-30-279 arrive \u00e0 \u00e9ch\u00e9ance \u00e0 la date du 22 janvier2025 ;Consid\u00e9rant que la demande de renouvellement d'habilitation est constitu\u00e9e conform\u00e9-ment \u00e0 la r\u00e9glementation en vigueur ;Sur proposition du sous-pr\u00e9fet d'Al\u00e9s ;\nARR\u00caTE\nArticle 1%: La Sarl POMPES FUNEBRES DENIS pour son \u00e9tablissement principal, situ\u00e9 1 Placede l'\u00c9glise (30500), SIRET \u00b0 350 205 225 00062, dirig\u00e9e par M. ChristopheMESSINA, g\u00e9rant de la soci\u00e9t\u00e9, est habilit\u00e9 pour exercer sur l'ensemble duterritoire national, les activit\u00e9s fun\u00e9raires suivantes :- transport de corps avant et apr\u00e8s mise en bi\u00e8re,- organisation des obs\u00e8ques,- soins de conservation (activit\u00e9 sous-trait\u00e9e),- fourniture des housses, des cercueils et de leurs accessoires int\u00e9rieurs etext\u00e9rieurs ainsi que des urnes cin\u00e9raires,- fourniture de corbillards et de voitures de deuils,- fourniture de personnel, objets et prestations n\u00e9cessaires aux obs\u00e8ques,inhumations, exhumations et cr\u00e9mations (activit\u00e9 sous-trait\u00e9e).\nSous Pr\u00e9fecture d'Al\u00e8s - 3, boulevard Louis Blanc - 30100 ALES - TELEPHONE : 04.66.56.39.39 - www.gard.gouv.fr\nSous Pr\u00e9fecture d'Al\u00e8s - 30-2025-02-05-00005 - Arr\u00eat\u00e9 25-02-04 portant renouvellement d'habilitation dans le domaine fun\u00e9raire pour\nune dur\u00e9e de 5 ans 15\nArticle2: L'op\u00e9rateur fun\u00e9raire d\u00e9clare, dans le cadre d'un contrat de sous-traitance,confier les prestations fun\u00e9raires suivantes :soins de conservation\u00e0 l'entreprise \u00abMARTI CECILE Thanatopracteur\u00bb dont le si\u00e8ge est situ\u00e9 \u00e0 Al\u00e8s(30100) d\u00fbment habilit\u00e9e.transport de corps avant et apr\u00e8s mise en bi\u00e8re\u00e0 l'entreprise \u00ab SASU SERVICES FUNERAIRES ROUX \u00bb sise \u00e0 Fons-Outre-Gardon(30730) d\u00fbment habilit\u00e9e ;\nArticle 3: Les prestations de transport de corps avant et apr\u00e8s mise en bi\u00e8re se font aumoyen des v\u00e9hicules immatricul\u00e9s sous les num\u00e9ros :AQ-810-WA ; FM-021-LYArticle 4: Le num\u00e9ro d'habilitation est: 25-30-0262.Article 5: La dur\u00e9e de la pr\u00e9sente habilitation est fix\u00e9e pour une dur\u00e9e de 5 ans, soitjusqu'au : 23/01/2030Article6: La pr\u00e9sente habilitation peut \u00eatre retir\u00e9e ou suspendue pour une ou plusieursactivit\u00e9s pour l'un des motifs pr\u00e9vus par l'article L.2223-25 du code g\u00e9n\u00e9ral descollectivit\u00e9s territoriales.Article 7: Le sous-pr\u00e9fet d'Al\u00e9s est charg\u00e9 de l'ex\u00e9cution du pr\u00e9sent arr\u00eat\u00e9 dont un exem-plaire est notifi\u00e9 \u00e0 l'int\u00e9ress\u00e9 et ins\u00e9r\u00e9 au recueil des actes administratifs (RAA)de la pr\u00e9fecture du Gard.Al\u00e8s le 5 f\u00e9vrier 2025\n\u00c9mile SOUMBO\nN\u00b0 d'insertion au RAA :\nVoies et d\u00e9lais de recours :La pr\u00e9sente d\u00e9cision peut faire l'objet d'un recours administratif aupr\u00e8s de l'autorit\u00e9 qui l'a d\u00e9livr\u00e9e ou aupr\u00e8s dutribunal administratif de Nimes, dans un d\u00e9lai de deux mois \u00e0 compter de sa notification pour l'int\u00e9ress\u00e9 et de sapublication pour les tiers.\nSous Pr\u00e9fecture d'Al\u00e8s - 3, boulevard Louis Blanc - 30100 ALES - TELEPHONE : 04.66.56.39.39 - www.gard.gouv.fr\nSous Pr\u00e9fecture d'Al\u00e8s - 30-2025-02-05-00005 - Arr\u00eat\u00e9 25-02-04 portant renouvellement d'habilitation dans le domaine fun\u00e9raire pour\nune dur\u00e9e de 5 ans 16\nSous Pr\u00e9fecture d'Al\u00e8s\n30-2025-02-05-00004\nArr\u00eat\u00e9 25-02-05 portant renouvellement\nd'habilitation dans le domaine fun\u00e9raire pour\nune dur\u00e9e de 5 ans\nSous Pr\u00e9fecture d'Al\u00e8s - 30-2025-02-05-00004 - Arr\u00eat\u00e9 25-02-05 portant renouvellement d'habilitation dans le domaine fun\u00e9raire pour\nune dur\u00e9e de 5 ans 17\nPREFET Sous-pr\u00e9fecture d'Al\u00e9sDU GARD Bureau de la r\u00e9glementation Fun\u00e9raire et des associationsLibert\u00e9 Service d\u00e9partemental du fun\u00e9raireEgalit\u00e9Fraternit\u00e9\nArr\u00e9t\u00e9 n\u00b0 25-02-05portant renouvellement d'habilitation dans le domaine fun\u00e9raire pour une dur\u00e9e de 5 ansLe pr\u00e9fet du Gard,Chevalier de la l\u00e9gion d'honneur,Chevalier de l'ordre national du M\u00e9rite,\nVu le code g\u00e9n\u00e9ral des collectivit\u00e9s territoriales, notamment les articles L. 2223-19 etsuivants;Vu l'arr\u00eat\u00e9 pr\u00e9fectoral n\u00b0 30-2024-10-18-00007 du 18 octobre 2024 donnant d\u00e9l\u00e9gationde signature \u00e0 Monsieur Emile SOUMBO, sous-pr\u00e9fet de l'arrondissement d'Al\u00e8s ;Vu l'arr\u00eat\u00e9 pr\u00e9fectoral n\u00b019-06-09 en date du 07/06/2019 portant renouvellementd'habilitation dans le domaine fun\u00e9raire pour une dur\u00e9e de 6 ans sous le n\u00b0 19-30-484, a laSarl POMPES FUNEBRES DENIS pour son \u00e9tablissement secondaire, situ\u00e9 Chemin du Bois \u00e0SAINT-AMBROIX (30500), SIRET \u00b0 350 205 225 00054 ;Vu la demande de renouvellement d'habilitation dans le domaine fun\u00e9raire formul\u00e9e parM. Christophe MESSINA, g\u00e9rant de la soci\u00e9t\u00e9 sus-nomm\u00e9e ;Vu l'extrait Kbis de la soci\u00e9t\u00e9, \u00e0 jour en date du 24/10/2024 ;Consid\u00e9rant que l'habilitation n\u00b0 19-30-484 arrive \u00e0 \u00e9ch\u00e9ance \u00e0 la date du 22 janvier 2025 ;Consid\u00e9rant que la demande de renouvellement d'habilitation est constitu\u00e9e conform\u00e9-ment \u00e0 la r\u00e9glementation en vigueur ;Sur proposition du sous-pr\u00e9fet d'Al\u00e9s ;ARR\u00caTE\nArticle 1%: La Sarl POMPES FUNEBRES DENIS pour son \u00e9tablissement secondaire, situ\u00e9Chemin du Bois situ\u00e9 Chemin du Bois \u00e0 SAINT-AMBROIX (30500), SIRETn\u00b0 350 205 225 00054, dirig\u00e9 par M. Christophe MESSINA, g\u00e9rant de la soci\u00e9t\u00e9,est habilit\u00e9e pour exercer sur l'ensemble duterritoire national, l'activit\u00e9 fun\u00e9raire suivante :- gestion d'une chambre fun\u00e9raire,\nSous Pr\u00e9fecture d'Al\u00e9s - 3, boulevard Louis Blanc - 30100 ALES - TELEPHONE : 04.66.56.39.39 - www.gard.gouv.fr\nSous Pr\u00e9fecture d'Al\u00e8s - 30-2025-02-05-00004 - Arr\u00eat\u00e9 25-02-05 portant renouvellement d'habilitation dans le domaine fun\u00e9raire pour\nune dur\u00e9e de 5 ans 18\nArticle 2: Le num\u00e9ro d'habilitation est: 25-30-0161.Article5: La dur\u00e9e de la pr\u00e9sente habilitation est fix\u00e9e pour une dur\u00e9e de 5 ans, soitjusqu'au: 23/01/2030\nArticle 6: La pr\u00e9sente habilitation peut \u00eatre retir\u00e9e ou suspendue pour une ou plusieursactivit\u00e9s pour l'un des motifs pr\u00e9vus par l'article L.2223-25 du code g\u00e9n\u00e9ral descollectivit\u00e9s territoriales.\nArticle 7: Le sous-pr\u00e9fet d'Al\u00e9s est charg\u00e9 de l'ex\u00e9cution du pr\u00e9sent arr\u00eat\u00e9 dont un exem-plaire est notifi\u00e9 \u00e0 l'int\u00e9ress\u00e9 et ins\u00e9r\u00e9 au recueil des actes administratifs (RAA)de la pr\u00e9fecture du Gard.\nAl\u00e8s le 5 f\u00e9vrier 2025\n\u00c9mile SOUMBO\nN\u00b0 d'insertion au RAA :\nVoi lai r rs:La pr\u00e9sente d\u00e9cision peut faire l'objet d'un recours administratif aupr\u00e8s de l'autorit\u00e9 qui l'a d\u00e9livr\u00e9e ou aupr\u00e8s dutribunal administratif de Nimes, dans un d\u00e9lai de deux mois \u00e0 compter de sa notification pour l'int\u00e9ress\u00e9 et de sapublication pour les tiers.\nSous Pr\u00e9fecture d'Al\u00e8s - 3, boulevard Louis Blanc - 30100 ALES - TELEPHONE : 04.66.56.39.39 - www.gard.gouv.fr\nSous Pr\u00e9fecture d'Al\u00e8s - 30-2025-02-05-00004 - Arr\u00eat\u00e9 25-02-05 portant renouvellement d'habilitation dans le domaine fun\u00e9raire pour\nune dur\u00e9e de 5 ans 19\nSous Pr\u00e9fecture d'Al\u00e8s\n30-2025-02-07-00008\nArr\u00eat\u00e9 25-02-10 portant cr\u00e9ation d'habilitation\ndans le domaine fun\u00e9raire pour une dur\u00e9e de 5\nans\nSous Pr\u00e9fecture d'Al\u00e8s - 30-2025-02-07-00008 - Arr\u00eat\u00e9 25-02-10 portant cr\u00e9ation d'habilitation dans le domaine fun\u00e9raire pour une\ndur\u00e9e de 5 ans 20\nE = Sous-pr\u00e9fecture d'Al\u00e8sPR\u00c9FET Bureau de la r\u00e9glementation fun\u00e9raire et des associationsDU GARD Service d\u00e9partemental du fun\u00e9raireLibert\u00e9\u00c9galit\u00e9Fraternit\u00e9\nArr\u00eat\u00e9 n\u00b0 25-02-10portant cr\u00e9ation d'habilitation dans le domaine fun\u00e9raire pour une dur\u00e9e de 5 ansLe pr\u00e9fet du Gard,Chevalier de la L\u00e9gion d'honneur,Chevalier de l'ordre national du M\u00e9rite,\nVu le code g\u00e9n\u00e9ral des collectivit\u00e9s territoriales, notamment les articles L.2223-19 et suivants ;Vu l'arr\u00eat\u00e9 pr\u00e9fectoral n\u00b0 30-2024-10-18-00007 du 18 octobre 2024 donnant d\u00e9l\u00e9gation designature \u00e0 Monsieur Emile SOUMBO, sous-pr\u00e9fet de l'arrondissement d'Al\u00e8s ;Vu la demande d'habilitation dans le domaine fun\u00e9raire formul\u00e9e par M. Philippe MARTIN-TEYSSIER g\u00e9rant de l'entreprise individuelle \u00ab Philippe MARTIN-TEYSSIER \u00bb pour son\u00e9tablissement situ\u00e9 3 Place Roger Mathieu \u00e0 CALVISSON (30420) - SIRETn\u00b0 341 887 610 00028 ;Vu l'inscription \u00e0 l'Institut National de la Propri\u00e9t\u00e9 Industrielle \u2014 INPI, guichet unique desentreprises \u00e0 la date du 10 janvier 2025 ;Consid\u00e9rant que les conditions requises par la r\u00e9glementation pour obtenir une premi\u00e8rehabilitation de 5 ans sont remplies ;Consid\u00e9rant que la demande d'habilitation est constitu\u00e9e conform\u00e9ment \u00e0 la r\u00e9glementationen vigueur ;\nsur proposition du sous-pr\u00e9fet d'Al\u00e8s ;\nArr\u00eate\nArticle 1\u00b0 : L'entreprise individuelle \u00ab Philippe MARTIN-TEYSSIER \u00bb pour son \u00e9tablissementsitu\u00e9 3 Place Roger Mathieu \u00e0 CALVISSON (30420) \u2014 SIRET n\u00b0 341 887 610 00028dirig\u00e9e par M. Philippe MARTIN-TEYSSIER, est habilit\u00e9e, pour exercer surl'ensemble du territoire national, l'activit\u00e9 fun\u00e9raire suivante :- fourniture de personnel, objets et prestations n\u00e9cessaires aux obs\u00e8ques,inhumations, exhumations et cr\u00e9mations\nSOUS-PREFECTURE d'ALES \u20143 boulevard Louis Blanc \u2014 30100 ALES \u2014 T\u00e9l.: 04,66.56.39.39 \u2014 www.gard.gouv.fr1/2\nSous Pr\u00e9fecture d'Al\u00e8s - 30-2025-02-07-00008 - Arr\u00eat\u00e9 25-02-10 portant cr\u00e9ation d'habilitation dans le domaine fun\u00e9raire pour une\ndur\u00e9e de 5 ans 21\nArticle 2: Le num\u00e9ro de I'habilitation est: 24-30-0260.\nArticle 3: La date de validit\u00e9 de la pr\u00e9sente habilitation est fix\u00e9e au 07/02/2030.\nArticle 4: La pr\u00e9sente habilitation peut \u00eatre retir\u00e9e ou suspendue pour une ou plusieursactivit\u00e9s pour l'un des motifs pr\u00e9vus par l'article L.2223-25 du code g\u00e9n\u00e9ral descollectivit\u00e9s territoriales.\nArticle 5: Le sous-pr\u00e9fet d'Al\u00e8s, est charg\u00e9 de l'ex\u00e9cution du pr\u00e9sent arr\u00eat\u00e9 dont unexemplaire est notifi\u00e9 \u00e0 l'int\u00e9ress\u00e9 et ins\u00e9r\u00e9 au recueil des actes administratifsde la pr\u00e9fecture du Gard (RAA).\nAl\u00e8s le, 07 f\u00e9vrier 2025Le so\u00ffs-pr\u00e9fet,\nN\u00b0 d'insertion au RAA\nVoi Jai rs:La pr\u00e9sente d\u00e9cision peut faire l'objet d'un recours administratif aupr\u00e8s de l'autorit\u00e9 qui l'a d\u00e9livr\u00e9e ou aupr\u00e8s dutribunal administratif de Nimes, dans un d\u00e9lai de deux mois \u00e0 compter de sa notification pour l'int\u00e9ress\u00e9 et de sapublication au RAA pour les tiers.\n2/2SOUS-PREFECTURE d'ALES - 3, boulevard Louis Blanc - 30100 ALES - T\u00e9l.: 04.66.56.39.39 \u2014 www.gard.gouv.fr\nSous Pr\u00e9fecture d'Al\u00e8s - 30-2025-02-07-00008 - Arr\u00eat\u00e9 25-02-10 portant cr\u00e9ation d'habilitation dans le domaine fun\u00e9raire pour une\ndur\u00e9e de 5 ans 22\nSous Pr\u00e9fecture d'Al\u00e8s\n30-2025-02-07-00007\nArr\u00eat\u00e9 25-02-13 portant modification \nd'habilitation dans le domaine fun\u00e9raire\nSous Pr\u00e9fecture d'Al\u00e8s - 30-2025-02-07-00007 - Arr\u00eat\u00e9 25-02-13 portant modification  d'habilitation dans le domaine fun\u00e9raire 23\nE 3 Sous-pr\u00e9fecture d'Al\u00e9sPREFET Bureau de la r\u00e9glementation fun\u00e9raire et des associationsDU GARD Service d\u00e9partemental du fun\u00e9raireLibert\u00e9\u00c9galit\u00e9Fraternit\u00e9\nArr\u00eat\u00e9 n\u00b0 25-02-13\nportant modification d'habilitation dans le domaine fun\u00e9raireLe pr\u00e9fet du Gard,Chevalier de la l\u00e9gion d'honneur,Chevalier de l'ordre national du M\u00e9rite,\nVu le code g\u00e9n\u00e9ral des collectivit\u00e9s territoriales (CGCT), notamment les articles L. 2223-19 etsuivants;Vu l'arr\u00eat\u00e9 pr\u00e9fectoral n\u00b0 30-2024-10-18-00007 du 18 octobre 2024 donnant d\u00e9l\u00e9gation designature \u00e0 Monsieur \u00c9mile SOUMBO, sous-pr\u00e9fet de l'arrondissement d'Al\u00e8s ;Vu l'arr\u00eat\u00e9 pr\u00e9fectoral n\u00b0 20-12-26 du 09 d\u00e9cembre 2020, portant modification d'habilitationdans le domaine fun\u00e9raire sous le n\u00b0 20-30-0177 pour une dur\u00e9e de 5 ans, \u00e0 la Sarl NALLE\u00e9tablissement secondaire situ\u00e9 Le Cr\u00e8s \u00e0 Saint-Martin-de-Valgalgues (30520) - SIRET n\u00b0301 666 714 00061;Vu la d\u00e9claration de changement de dirigeant, formul\u00e9e le 23 janvier 2025 par M. XavierTHOUMIEUX directeur g\u00e9n\u00e9ral de la soci\u00e9t\u00e9 sus-mention\u00e9e ;Vu l'extrait Kbis de la soci\u00e9t\u00e9, \u00e0 jour en date du 23 janvier 2025;Consid\u00e9rant que l' arr\u00eat\u00e9 d'habilitation doit \u00eatre modifi\u00e9 en ce sens ;\nsur proposition du sous-pr\u00e9fet d'Al\u00e8s ;\nARR\u00caTE\nArticle 1: La Sas NALLE, dirig\u00e9e par M. Xavier THOUMIEUX directeur g\u00e9n\u00e9ral de FUNECAPSUD EST, pour son \u00e9tablissement secondaire, situ\u00e9 Le Cr\u00e8s \u00e0 Saint-Martin-de-Valgalgues (30520) - SIRET n\u00b0 301 666 714 00061, est habilit\u00e9e pour exercer surl'ensemble du territoire national, les activit\u00e9s fun\u00e9raires suivantes :- soins de conservation (activit\u00e9 sous-trait\u00e9e) ;- gestion et utilisation d'une chambre fun\u00e9raire ;- gestion d'un cr\u00e9matorium (par d\u00e9l\u00e9gation de service public).\nSous-pr\u00e9fecture d'Al\u00e8s - 3, boulevard Louis Blanc - 30100 ALES - T\u00e9l. 04.66,56.39.39 - www.gard.gouv.fr\nSous Pr\u00e9fecture d'Al\u00e8s - 30-2025-02-07-00007 - Arr\u00eat\u00e9 25-02-13 portant modification  d'habilitation dans le domaine fun\u00e9raire 24\nArticle 2: :L'op\u00e9rateur fun\u00e9raire d\u00e9clare, dans le cadre d'un contrat de sous-traitance,confier les prestations fun\u00e9raires suivantes :- soins de conservation\u00e0 l'entreprise habilit\u00e9e \u00ab MISSTHANATO \u00bb sise \u00e0 Al\u00e8s (30100), dirig\u00e9es parMesdames Christelle CORBIER et Salom\u00e9 MENGUS.\nArticle 3: : Le num\u00e9ro d'habilitation est : 20-30-0177.\nArticle 4: La dur\u00e9e de la pr\u00e9sente habilitation reste inchang\u00e9e soit jusqu'au: 09/12/2025.\nArticle 5: Le pr\u00e9sent arr\u00eat\u00e9 annule et remplace l'arr\u00eat\u00e9 n\u00b0 20-12-26 du 09 d\u00e9cembre 2020.\n| Article 6: La pr\u00e9sente habilitation peut \u00eatre retir\u00e9e ou suspendue pour une ou plusieursactivit\u00e9s pour l'un des motifs pr\u00e9vus par l'article L.2223-25 du code g\u00e9n\u00e9ral descollectivit\u00e9s territoriales.\nArticle 7: Le sous-pr\u00e9fet d'Al\u00e9s est charg\u00e9 de l'ex\u00e9cution du pr\u00e9sent arr\u00eat\u00e9 dont unexemplaire est notifi\u00e9 \u00e0 l'int\u00e9ress\u00e9 et ins\u00e9r\u00e9 au recueil des actes administratifs(RAA) de la pr\u00e9fecture du Gard.\nAl\u00e8s, le 07 f\u00e9vrier 2025\nLe soug-pr\u00e9fet,\n\u00c9mile SOUMBO\nN\u00b0 d'insertion au RAA :\nVoies et d\u00e9lais de recours :La pr\u00e9sente d\u00e9cision peut faire l'objet d'un recours administratif aupr\u00e8s de l'autorit\u00e9 qui l'a d\u00e9livr\u00e9e ouaupr\u00e8s du tribunal administratif de N\u00eemes, dans un d\u00e9lai de deux mois \u00e0 compter de sa notification pourl'int\u00e9ress\u00e9 et de sa publication pour les tiers.\nSous-pr\u00e9fecture d'Al\u00e8s - 3, boulevard Louis Blanc - 30100 ALES - T\u00e9l. 04.66.56.39.39 - www.gard.gouv.fr\nSous Pr\u00e9fecture d'Al\u00e8s - 30-2025-02-07-00007 - Arr\u00eat\u00e9 25-02-13 portant modification  d'habilitation dans le domaine fun\u00e9raire 25\nSous Pr\u00e9fecture d'Al\u00e8s\n30-2025-02-12-00002\nArr\u00eat\u00e9 25-02-21 fixant la liste des membres du\njury pour d\u00e9livrance des dipl\u00f4mes fun\u00e9raires\nsession 2025-2027\nSous Pr\u00e9fecture d'Al\u00e8s - 30-2025-02-12-00002 - Arr\u00eat\u00e9 25-02-21 fixant la liste des membres du jury pour d\u00e9livrance des dipl\u00f4mes\nfun\u00e9raires session 2025-2027 26\nEE = Sous-pr\u00e9fecture d'Al\u00e8sPR\u00c9FET Bureau de la r\u00e9glementation fun\u00e9raire et des associationsDU GARD Service d\u00e9partemental du fun\u00e9raireLibert\u00e9Egalit\u00e9Fraternit\u00e9 Al\u00e8s le 12 f\u00e9vrier 2025\nVu\nVuVu\nVu\nVu\nVu\nArr\u00eat\u00e9 n\u00b0 25-02-21Fixant la liste d\u00e9partementale des personnes habilit\u00e9es pour remplir les fonctions demembres du jury pour la d\u00e9livrance des dipl\u00f4mes dans le secteur fun\u00e9raireLe pr\u00e9fet du Gard,Chevalier de la L\u00e9gion d'honneur,Chevalier de l'ordre national du M\u00e9rite,le code g\u00e9n\u00e9ral des collectivit\u00e9s territoriales, notamment les articles L.2223-25-1 et D.2223-55-2 et suivants ;le d\u00e9cret 2012-608 du 30 avril 2012 relatif aux dipl\u00f4mes dans le secteur fun\u00e9raire ;le d\u00e9cret 2020-648 du 27 mai 2020 modifiant le contenu et les modalit\u00e9s de d\u00e9livrance desdipl\u00f4mes dans le secteur des services fun\u00e9raire ;l'arr\u00eat\u00e9 du 27 mai 2020 relatif aux dipl\u00f4mes dans le secteur des services fun\u00e9rairesmodifiant l'arr\u00eat\u00e9 du 30 avril 2012 portant application du d\u00e9cret n\u00b0 2012-608 du 30 avril2012 relatif aux dipl\u00f4mes dans le secteur fun\u00e9raire et l'arr\u00eat\u00e9 rectificatif du 27 mai 2020;l'arr\u00eat\u00e9 pr\u00e9fectoral n\u00b0 30-2024-10-18-00007 du 18 octobre 2024 donnant d\u00e9l\u00e9gation designature \u00e0 Monsieur Emile SOUMBO, sous-pr\u00e9fet de l'arrondissement d'Al\u00e8s ;l'arr\u00eat\u00e9 n\u00b0 22-01-25 du 31 janvier 2022 fixant la liste d\u00e9partementale pour trois ans, despersonnes habilit\u00e9es pour remplir les fonctions de membres du jury pour la d\u00e9livrancedes dipl\u00f4mes dans le secteur fun\u00e9raire ;Consid\u00e9rant :qu'il y a lieu de renouveler la liste d\u00e9partementale des membres du jury charg\u00e9 ded\u00e9livrer les dipl\u00f4mes dans le secteur fun\u00e9raire et que cette liste doit \u00eatre compos\u00e9e devingt membres au moins ;Sur proposition du sous-pr\u00e9fet d'Al\u00e9s,Arr\u00e9te\nArticle 1: Les personnes d\u00e9sign\u00e9es ci-apr\u00e8s sont habilit\u00e9es pour remplir les fonctions de membresdu jury pour la d\u00e9livrance des dipl6mes dans le secteur fun\u00e9raire pour une dur\u00e9e detrois ann\u00e9es :\nSous-pr\u00e9fecture d'Al\u00e9s - 3, boulevard Louis Blanc- 30100 ALES - T\u00e9l. 04 66 56 39 39 - www.gard.gouv.fr\nSous Pr\u00e9fecture d'Al\u00e8s - 30-2025-02-12-00002 - Arr\u00eat\u00e9 25-02-21 fixant la liste des membres du jury pour d\u00e9livrance des dipl\u00f4mes\nfun\u00e9raires session 2025-2027 27\nOrganismes / administrationsContact convocationPersonnes habilit\u00e9esAssociation des maires du GardSecr\u00e9tariat de la pr\u00e9sidenceH\u00f4tel du d\u00e9partementrue Guillemette30044 N\u00ceMES cedex 904 66 64 40 62amg30@wanadoo.fr\nMaires, adjoints au maire, conseillersmunicipaux d\u00e9l\u00e9gu\u00e9s, en exercice ou retrait\u00e9s :Lionnel NEBKER, 'er adjoint au maire de Nimes,Claude SALAU maire de Saint-Julien-de-PeyrolasJean-Jacques GRANA maire de ManduelCyril DEVEZE, conseiller municipal de Les AnglesChambre de Commerce et Industrie| Territoriale dy Gard: Cabinet du Pr\u00e9sident'12 rue de la R\u00e9publique'30032 NIMES cedex 904 66 87 98 79:accueil@gard.cci.frcabinet@gard.cci.fr\nRepr\u00e9sentants de chambre consulaire :\nChambre de M\u00e9tiers et de l'Artisanatdu GardDirection affaires g\u00e9n\u00e9rales et communication904 avenue Mar\u00e9chal JuinCS$8301230908 NIMES cedex 204 66 62 80 00chambre-de-metiers@cma-gard.fr\nRepr\u00e9sentants de chambre consulaire :- Pascale TROUVE, \u00e9lue- David GALLO, vice-pr\u00e9sident \u00e9lu\nUniversit\u00e9 de NimesSecr\u00e9tariat de la pr\u00e9sidence2 rue du Docteur Georges SalanCS 13019 NIMES cecex 104 66 36 46 46presidence@unimes.fr\nEnseignants de l'Universit\u00e9 de Nimes :\nDDPP du GardServices de la CCRFMas de l'Agriculture1120 route de Saint-Gilles30023 NIMES cedex 104 30 08 6102ddpp.gard@gard.gouv.fr\n_ Agents des services de l'\u00c9tat charg\u00e9s de la_ concurrence, de fa consommation et de la' r\u00e9pression des fraudes :Serge COMBE directeur adjointCl\u00e9mence CAYRIER, cheffe de serviceSt\u00e9phanie DESTAMPES-MOURAHIB adjointe etresponsable contentieuxKatia PAGES, inspectriceCentre de Gestion de la Fonction| Publique Territoriale' Secr\u00e9tariat de direction1183 chemin du Mas Coquillard| 30900 NIMES'04 66 38 86 86-sabine.lafare@cdg30.fr\nFonctionnaires territoriaux de cat\u00e9gorie A, enactivit\u00e9 ou retrait\u00e9s :Bernard DELHOUME, Directeur territorial retrait\u00e9St\u00e9phanie PIRES, Attach\u00e9e territorialeFlorian SCANDELLA, attach\u00e9e principalCommunaut\u00e9 de commune du Pont du GardKarine BANTZE, attach\u00e9e principale territoriale\nSous-pr\u00e9fecture d'Al\u00e9s - 3, boulevard Louis Blanc- 30100 ALES - T\u00e9l. 04 66 56 39 39 - www.gard gouv.fr2/4\nSous Pr\u00e9fecture d'Al\u00e8s - 30-2025-02-12-00002 - Arr\u00eat\u00e9 25-02-21 fixant la liste des membres du jury pour d\u00e9livrance des dipl\u00f4mes\nfun\u00e9raires session 2025-2027 28\nUnion D\u00e9partementale des Associations Repr\u00e9sentants des usagers :Familiales du GardSecr\u00e9tariat de la pr\u00e9sidence - Josiane VOIRIN, retrait\u00e9e176 rue Gustave EiffelZ| de Gr\u00e9zan - Brigitte RICHE, retrait\u00e9e30034 NIMES cedex 1 |04 66 02 17 33familles@udaf30.frM. J\u00e9r\u00e9my ROUX Repr\u00e9sentant de Ja professionPOMPES FUNEBRES ROUX JEREMY |50 grande rue G\u00e9nolhac \u2014 J\u00e9r\u00e9my ROUX30450 GENOLHAC |06 38 63 60 34pf.roux@orange.frMme Christine CONTI Repr\u00e9sentant de la profession :Pompes Fun\u00e8bres Brun1 rue du Coll\u00e8ge - Christine CONTI30700 Uz\u00e8s04 66 22 41 42| brunpompesfunebres@wanadoo.frM. Rodolphe BOUVIER Repr\u00e9sentant de la profession :FUNERAIRE AUTREMENT127 rue La\u00e9nnec- St C\u00e9saire - Rodolphe BOUVIER'30000 NIMES06 50 28 08 27'rodolphe.bouvier@orange.fr!\nM. Jean-Louis SAEZ Repr\u00e9sentant de la profession :anciennement,Pompes Fun\u00e8bres SAEZ P\u00e8re et Fils - Jean-Louis SAEZ retrait\u00e9192 route de Nimes30220 AIGUES-MORTES06 10 22 59 42jeanlouis.saez@orange.fr\nArticle 2: La liste ainsi compos\u00e9e permet aux organismes de formation de respecter la parit\u00e9entre les femmes et les hommes lors de la composition des jurys (article D2223-55-9 duCGCT).Article 3: Chaque membre du jury signe la charte \u00e9thique annex\u00e9e \u00e0 l'arr\u00eat\u00e9 du 27 mai 2020 sus-mentionn\u00e9 et la transmet au service d\u00e9partemental du fun\u00e9raire de la sous-pr\u00e9fectured'Al\u00e9s (une fois pour la dur\u00e9e du mandat) ainsi qu'\u00e0 l'organisme de formation \u00e0 chacunedes participations \u00e0 un jury (article D2223-55-9 du CGCT).Article 4: Pour chaque session d'examen, les organismes de formation constituent un jurycompos\u00e9 de quatre personnes figurant sur la liste fix\u00e9e \u00e0 l'article 1 pour les \u00e9preuvesth\u00e9oriques se d\u00e9roulant dans le Gard, en respectant la parit\u00e9 homme/femme.3/4\nSous-pr\u00e9fecture d'Al\u00e8s - 3, boulevard Louis Blanc- 30100 ALES - T\u00e9l. 04 66 56 39 39 - www.gard gouv.fr3/4\nSous Pr\u00e9fecture d'Al\u00e8s - 30-2025-02-12-00002 - Arr\u00eat\u00e9 25-02-21 fixant la liste des membres du jury pour d\u00e9livrance des dipl\u00f4mes\nfun\u00e9raires session 2025-2027 29\nArticle 5:\nArticle 6:\nArticle 7:\nArticle 8:\nChaque jury constitu\u00e9 ne peut comporter au maximum qu'un repr\u00e9sentant deschambres consulaires et un repr\u00e9sentant de la profession.En cas de d\u00e9fection d'un membre du jury, le jury peut r\u00e9guli\u00e8rement se tenir d\u00e8s lorsque trois membres sont pr\u00e9sents.En cas d'indisponibilit\u00e9 de l'ensemble des personnes inscrites sur la liste, les organismespr\u00e9cit\u00e9s peuvent avoir recours aux listes d'un autre d\u00e9partement (article D2223-55-11 duCGCT).Au terme de la session d'examens, le jury transmet la liste des dipl6m\u00e9s au secr\u00e9tariatdu Conseil national des op\u00e9rations fun\u00e9raires. La liste des dipl\u00f4m\u00e9s est publi\u00e9e une foispar an au Bulletin Officiel du minist\u00e8re de l'int\u00e9rieur (article D2223-55-2 du CGCT).La participation aux travaux du jury pr\u00e9vu \u00e0 l'article D.2223-55-11 donne lieu auversement, par l'organisme de formation, d'une r\u00e9mun\u00e9ration, \u00e9quivalente \u00e0 celleper\u00e7ue par les agents publics qui participent, \u00e0 titre accessoire, \u00e0 des activit\u00e9s derecrutement pour le minist\u00e8re de l'int\u00e9rieur.La pr\u00e9sente liste est fix\u00e9e jusqu'au 31 d\u00e9cembre 2027 sans pr\u00e9judice du remplacementdes personnes d\u00e9c\u00e9d\u00e9es ou ayant d\u00e9m\u00e9nag\u00e9 hors d\u00e9partement.Le sous-pr\u00e9fet d'Al\u00e9s est charg\u00e9 de l'ex\u00e9cution du pr\u00e9sent arr\u00eat\u00e9 qui sera publi\u00e9 aurecueil des actes administratifs (RAA), disponible sur le site de la pr\u00e9fecture du Gard(www.gard.gouv.fr) \u00e0 la rubrique \u00ab d\u00e9marches administratives - fun\u00e9raire \u00bb et dont unexemplaire sera adress\u00e9 aux int\u00e9ress\u00e9s.\nN\u00b0 d'inscription au RAA :\nDELAIS ET VOIES DE RECOURS :Le pr\u00e9sent arr\u00eat\u00e9 peut \u00eatre d\u00e9f\u00e9r\u00e9 au tribunal administratif de NIMES, par la voie du recours pour exc\u00e8s de pouvoir, dans un d\u00e9laide deux mois :* par les b\u00e9n\u00e9ficiaires de la d\u00e9cision, \u00e0 compter de sa notification,* par toute personne ayant int\u00e9r\u00eat pour agir, \u00e0 compter de sa publication au RAA.Au pr\u00e9alable, la voie du recours gracieux aupr\u00e8s du sous-pr\u00e9fet d'Al\u00e8s est possible dans le m\u00eame d\u00e9lai et reporte le d\u00e9lai ducontentieux.\nSous-pr\u00e9fecture d'Al\u00e8s - 3, boulevard Louis Blanc- 30100 ALES - T\u00e9l. 04 66 56 39 39 - www.gard.gouv.fr\nSous Pr\u00e9fecture d'Al\u00e8s - 30-2025-02-12-00002 - Arr\u00eat\u00e9 25-02-21 fixant la liste des membres du jury pour d\u00e9livrance des dipl\u00f4mes\nfun\u00e9raires session 2025-2027 30","date":"2025-02-14","first_seen_on":"2025-02-14T19:04:16+00:00","id":"9fca6e179ef637b51b701bb956987b99811b0c8fde7df473d797e00ca9a083d7","name":"recueil-30-2025-029-special du 14 02 2025","pdf_creation_date":"2025-02-14T16:03:53+00:00","pdf_modification_date":null,"timezone":"CET","url":"https://www.gard.gouv.fr/contenu/telechargement/62095/460140/file/recueil-30-2025-029-special%20du%2014%2002%202025.pdf"}
