{"administration":"pref09","administration_name":"Pr\u00e9fecture de l\u2019Ari\u00e8ge","content":"ARI\u00c8GE\nRECUEIL DES ACTES\nADMINISTRATIFS\nN\u00b009-2024-053\nPUBLI\u00c9 LE 31 MAI 2024\nSommaire\n09 \u25a1 PREFECTURE \u25a1 DIRECTION DU CABINET /\n09-2024-05-31-00004 - Arr\u00eat\u00e9 pr\u00e9fectoral portant interdiction temporaire\nd\u25a1usage d\u25a1a\u00e9ronefs t\u00e9l\u00e9pilot\u00e9s sur le territoire des communes de\nSaverdun, Montaut, Le Vernet, Varilhes et Roumengoux\ndu samedi 1er\njuin 2024 au dimanche 2 juin 2024 (2 pages) Page 3\n2\nEs\nPREFET  _\nDE L'ARI\u00c8GE\nLibert\u00e9\nEgalit\u00e9\nFraternit\u00e9\nCABINET\nDIRECTION DES S\u00c9CURIT\u00c9S\nBureau de la s\u00e9curit\u00e9 int\u00e9rieure\nArr\u00eat\u00e9 pr\u00e9fectoral p ortant interdiction temporaire d'usage d'a\u00e9ronefs t\u00e9l\u00e9pilot\u00e9s sur le territoire\ndes communes de Saverdun, Montaut, Le Vernet, Varilhes et Roumengoux\ndu samedi 1er juin 2024 au dimanche 2 juin 2024\nLe pr\u00e9fet de l'Ari\u00e8ge\nVu le code des transports, notamment son article L. 6211-4  ;\nVu le d\u00e9cret du Pr\u00e9sident de la R\u00e9publique du 13 juillet 2023, nommant Monsieur Simon BERTOUX\nen qualit\u00e9 de pr\u00e9fet de l'Ari\u00e8ge  ;\nVu l'arr\u00eat\u00e9 minist\u00e9riel du 3 d\u00e9cembre 2020 relatif \u00e0 l'utilisation de l'espace a\u00e9rien par les a\u00e9ronefs\nsans \u00e9quipage \u00e0 bord, et notamment son article 6  ;\nVu  l'arr\u00eat\u00e9 pr\u00e9fectoral du 23 avril 2024 portant d\u00e9l\u00e9gation de signature \u00e0 Monsieur Jean-Philippe\nDARGENT, secr\u00e9taire g\u00e9n\u00e9ral de la pr\u00e9fecture de l'Ari\u00e8ge  ;\nVu l'arr\u00eat\u00e9  pr\u00e9fectoral  en  date  du  30  mai  2024  portant  interdiction  d'une  manifestation  non\nd\u00e9clar\u00e9e \u00ab la gravi\u00e8re est ordure, l'eau rageuse revient  \u00bb du vendredi 31 mai au dimanche 2 juin 2024\nsur les communes de Saverdun, Montaut, Le Vernet, Varilhes et Roumengoux  ;\nVu les deux arr\u00eat\u00e9s pr\u00e9fectoraux en date du 30 mai 2024 autorisant la captation, l'enregistrement et\nla transmission d'images au moyen de cam\u00e9ras install\u00e9es sur des a\u00e9ronefs ;\nConsid\u00e9rant l'appel \u00e0 un rassemblement non d\u00e9clar\u00e9 dans le cadre du week-end militant organis\u00e9\npar le collectif \u00ab Extinction R\u00e9bellion  \u00bb et intitul\u00e9 \u00ab la gravi\u00e8re est une ordure  \u00bb du 31 mai 2024 au 2\njuin  2024  qui  s'installera  entre  les  communes  de  Saverdun,  Le  Vernet,  Montaut,  Varilhes  et\nRoumengoux ; que cette action a \u00e9t\u00e9 largement relay\u00e9e sur les r\u00e9seaux sociaux notamment par\nd'autres  collectifs  analogues  comme  \u00ab  Soul\u00e8vements  de  la  Terre  \u00bb  et  les  \u00ab anti  A69 \u00bb ;  qu'un\n\u00e9v\u00e8nement sur la voie publique d\u00e9nomm\u00e9 \u00ab  manif'action \u00bb est annonc\u00e9 par les organisateurs pour\nla journ\u00e9e du 1er juin 2024 ; que la th\u00e9matique de l'\u00e9v\u00e8nement, l'association d'autres collectifs et le\nmode d'action envisag\u00e9 laissent pr\u00e9sager une action \u00e0 l'encontre des gravi\u00e8res, avec une forte\nprobabilit\u00e9 de d\u00e9gradations des \u00e9quipements pr\u00e9sents sur les sites  ; qu'une utilisation d'a\u00e9ronefs\nt\u00e9l\u00e9pilot\u00e9s est probable par les militants \u00e0 des fins de renseignements sur la position des forces de\ns\u00e9curit\u00e9 int\u00e9rieure et de communication sur l'\u00e9v\u00e8nement  ;\nConsid\u00e9rant que ces a\u00e9ronefs t\u00e9l\u00e9pilot\u00e9s risquent d'entrer en collision avec des a\u00e9ronefs utilis\u00e9s par\nles services de l'\u00c9tat pour la captation, l'enregistrement et la transmission au moyen de cam\u00e9ras  ;\nConsid\u00e9rant qu'il convient de s\u00e9curiser les sites des gravi\u00e8res des communes de Saverdun, Le\nVernet, Montaut, Varilhes et Roumengoux  ;\n2 rue de la Pr\u00e9fecture - Pr\u00e9fet Claude - Erignac B.P . 40087 - 09007 Foix Cedex \u2013 T\u00e9l : 05 61 02 10 00\nSite internet : www.ariege.gouv.fr09 \u25a1 PREFECTURE \u25a1 DIRECTION DU CABINET - 09-2024-05-31-00004 - Arr\u00eat\u00e9 pr\u00e9fectoral portant interdiction temporaire d\u25a1usage\nd\u25a1a\u00e9ronefs t\u00e9l\u00e9pilot\u00e9s sur le territoire des communes de Saverdun, Montaut, Le Vernet, Varilhes et Roumengoux\ndu samedi 1er juin 2024 au dimanche 2 juin 20243\nConsid\u00e9rant qu'il convient de pr\u00e9server, dans un objectif de s\u00e9curit\u00e9 pour les forces de s\u00e9curit\u00e9\nint\u00e9rieure, la discr\u00e9tion dans leur d\u00e9ploiement et leurs op\u00e9rations  ;\nConsid\u00e9rant que le vol d'a\u00e9ronefs t\u00e9l\u00e9pilot\u00e9s est soumis \u00e0 d\u00e9claration de survol obligatoire  ; qu'il a\n\u00e9t\u00e9 constat\u00e9 lors de pr\u00e9c\u00e9dentes manifestations dans le d\u00e9partement du Tarn (anti A69), organis\u00e9es\npar les m\u00eames collectifs de militants \u00e9cologistes, qu'un tel engin avait pu op\u00e9rer sans que cette\nformalit\u00e9 pr\u00e9alable ait \u00e9t\u00e9 respect\u00e9e  ;\nSur proposition de la directrice adjointe de cabinet de la pr\u00e9fecture de l'Ari\u00e8ge  ;\nA R R \u00ca T E\nArticle 1     : L'utilisation d'a\u00e9ronefs t\u00e9l\u00e9pilot\u00e9s est interdite, du samedi 1er juin 2024 \u00e0 8h au dimanche\n2 juin 2024 \u00e0 21h, sur le territoire des communes de Saverdun, Le Vernet, Montaut, Varilhes et\nRoumengoux.\nArticle 2     : L'interdiction cit\u00e9e \u00e0 l'article 1er s'applique \u00e0 tous les a\u00e9ronefs t\u00e9l\u00e9pilot\u00e9s, \u00e0 l'exception\ndes a\u00e9ronefs des forces de s\u00e9curit\u00e9s int\u00e9rieures et de ceux du service d\u00e9partemental d'incendie et\nde secours.\nArticle 3     :  \nToute infraction au pr\u00e9sent arr\u00eat\u00e9 est passible des sanctions p\u00e9nales pr\u00e9vues par le code des\ntransports. L'utilisation d'un drone dans des conditions non conforme aux r\u00e8gles \u00e9dict\u00e9es pour\nassurer la s\u00e9curit\u00e9 est passible d'un an d'emprisonnement et de 75 000 \u20ac d'amende en vertu de\nl'article L. 6232-4 du code des transports.\nArticle 4     :   \nLe secr\u00e9taire g\u00e9n\u00e9ral de la pr\u00e9fecture de l'Ari\u00e8ge, le sous-pr\u00e9fet de l'arrondissement de Pamiers, le\ncommandant du groupement de gendarmerie d\u00e9partementale et le directeur de la s\u00e9curit\u00e9 de\nl'aviation civile sud sont charg\u00e9s, chacun en ce qui le concerne, de l'ex\u00e9cution du pr\u00e9sent arr\u00eat\u00e9 qui\nsera publi\u00e9 au recueil des actes administratifs de la pr\u00e9fecture de l'Ari\u00e8ge.\nFait \u00e0 Foix, le 31 mai 2024\nPour le pr\u00e9fet et par d\u00e9l\u00e9gation,\nle secr\u00e9taire g\u00e9n\u00e9ral,\nSign\u00e9\n Jean-Philippe DARGENT\n 09 \u25a1 PREFECTURE \u25a1 DIRECTION DU CABINET - 09-2024-05-31-00004 - Arr\u00eat\u00e9 pr\u00e9fectoral portant interdiction temporaire d\u25a1usage\nd\u25a1a\u00e9ronefs t\u00e9l\u00e9pilot\u00e9s sur le territoire des communes de Saverdun, Montaut, Le Vernet, Varilhes et Roumengoux\ndu samedi 1er juin 2024 au dimanche 2 juin 20244","date":"2024-05-31","first_seen_on":"2024-05-31T16:04:04+00:00","id":"a026fd89d7ed1e52d88ba82bda0b472f1e0b6ba698cb4d2b87114b7ad86c9e45","name":"recueil-09-2024-053-recueil-des-actes-administratifs","pdf_creation_date":"2024-05-31T15:07:20+00:00","pdf_modification_date":null,"timezone":"Europe/Paris","url":"https://www.ariege.gouv.fr/contenu/telechargement/29987/204328/file/recueil-09-2024-053-recueil-des-actes-administratifs.pdf"}
