{"administration":"pref30","administration_name":"Pr\u00e9fecture du Gard","content":"PR\u00c9FET\nDU GARD\nRECUEIL DES ACTES\nADMINISTRATIFS SP\u00c9CIAL\nN\u00b030-2026-010\nPUBLI\u00c9 LE 21 JANVIER 2026\nSommaire\nDirection D\u00e9partementale des Tetrritoires et de la Mer du Gard /\n30-2026-01-16-00004 - Arr\u00eat\u00e9 relatif \u00e0 l'aide \u00e0 la protection des\nexploitations et des troupeaux contre la pr\u00e9dation du loup (cercles 1, 2 et\n3) pour l'ann\u00e9e 2026 (7 pages) Page 3\n30-2026-01-19-00006 - ART 20260119 Delimitation zone captage eau\npotable commune aubord (7 pages) Page 11\n30-2026-01-19-00005 - ART 20260119 Delimitation zone captage eau\npotable commune marguerittes (6 pages) Page 19\n30-2026-01-19-00004 - ART 20260119 Delimitation zone captage eau\npotable communes ledenon sernhac meynes (7 pages) Page 26\nPrefecture du Gard /\n30-2026-01-21-00006 - Arr\u00eat\u00e9 donnant d\u00e9l\u00e9gation de signature \u00e0 M.\nMarc DANIEL, directeur r\u00e9gional des affaires culturelles Occitanie par\ninterim, en mati\u00e8re d'ordonnancement secondaire (BOP 723) (2 pages) Page 34\n30-2026-01-16-00006 - Arr\u00eat\u00e9 fixant les dates d'ouverture et de cl\u00f4ture\ndes d\u00e9lais de d\u00e9p\u00f4t de candidature pour les \u00e9lections municipales\net communautaires de 2026 (3 pages) Page 37\nPrefecture du Gard / SAPSI\n30-2026-01-21-00005 - Arr\u00eat\u00e9 N\u00b030-2026-01-21-00005\nportant\ninterdiction des rassemblements festifs \u00e0 caract\u00e8re musical et\ninterdiction de circulation des poids lourds transportant du mat\u00e9riel de\nsons \u00e0 destination d'un rassemblement festif \u00e0 caract\u00e8re musical\nnon autoris\u00e9 dans le d\u00e9partement du Gard\ndu vendredi 23 janvier au\nlundi 26 janvier 2026 (6 pages) Page 41\nSous Pr\u00e9fecture d'Al\u00e8s /\n30-2026-01-14-00009 - AP 2026-02 du 14 janvier portant ouverture d'une\nconsultation du public sur la demande d'enregistrement d\u00e9pos\u00e9e par la\nsoci\u00e9t\u00e9 C\u00e9vennes B\u00fbches relative \u00e0 un projet d'unit\u00e9 de travail\ndu bois sur le territoire des communes d'Al\u00e8s et\nSaint-Martin-de-Valgalgues (3 pages) Page 48\n2\nDirection D\u00e9partementale des Tetrritoires et de\nla Mer du Gard\n30-2026-01-16-00004\nArr\u00eat\u00e9 relatif \u00e0 l'aide \u00e0 la protection des\nexploitations et des troupeaux contre la\npr\u00e9dation du loup (cercles 1, 2 et 3) pour l'ann\u00e9e\n2026\nDirection D\u00e9partementale des Tetrritoires et de la Mer du Gard - 30-2026-01-16-00004 - Arr\u00eat\u00e9 relatif \u00e0 l'aide \u00e0 la protection des\nexploitations et des troupeaux contre la pr\u00e9dation du loup (cercles 1, 2 et 3) pour l'ann\u00e9e 2026 3\nPREFETDU GARDLibert\u00e9Egalit\u00e9Fraternit\u00e9\nDirection d\u00e9partementale\ndes territoires et de la mer\nService Eau Nature\nARR\u00caT\u00c9 n\u00b0 \nrelatif \u00e0 l'aide \u00e0 la protection des exploitations et des troupeaux contre la pr\u00e9dation du loup\n (cercles 1, 2 et 3) pour l'ann\u00e9e 2026\nLe pr\u00e9fet du Gard\nChevalier de la L\u00e9gion d'honneur,\nOfficier de l'ordre national du M\u00e9rite\nVu le r\u00e8glement (UE) n\u00b02021/2115 du Parlement europ\u00e9en et du Conseil du 2 d\u00e9cembre 2021 \u00e9tablissant  \ndes r\u00e8gles r\u00e9gissant l'aide aux plans strat\u00e9giques devant \u00eatre \u00e9tablis par les \u00c9tats membres dans le cadre  \nde  la  politique  agricole  commune  (plans  strat\u00e9giques  relevant  de  la  PAC)  et  financ\u00e9s  par  le  Fonds \neurop\u00e9en agricole de garantie (FEAGA) et par le Fonds europ\u00e9en agricole pour le d\u00e9veloppement rural  \n(FEADER), et abrogeant les r\u00e8glements (UE) n\u00b01305/2013 et (UE) n\u00b01307/2013 ;\nVu le r\u00e8glement (UE) n\u00b02021/2116 du Parlement europ\u00e9en et du Conseil du 2 d\u00e9cembre 2021 relatif au  \nfinancement, \u00e0 la gestion et au suivi de la politique agricole commune et abrogeant le r\u00e8glement (UE)  \nn\u00b01306/2013 ;\nVu la d\u00e9cision d'ex\u00e9cution de la Commission europ\u00e9enne du 31 ao\u00fbt 2022 portant approbation du plan  \nstrat\u00e9gique relevant de la PAC 2023-2027 de la France en vue d'un soutien de l'Union financ\u00e9 par le Fonds \neurop\u00e9en agricole de garantie et le Fonds europ\u00e9en agricole pour le d\u00e9veloppement rural ;\nVu le code rural et de la p\u00eache maritime ;\nVu le  d\u00e9cret  n\u00b02018-514  du  25  juin  2018  relatif  aux  subventions  de  l'\u00c9tat  pour  des  projets \nd'investissement ;\nVu le d\u00e9cret n\u00b02022-1756 du 30 d\u00e9cembre 2022 relatif \u00e0 l'aide \u00e0 la protection des exploitations et des  \ntroupeaux contre la pr\u00e9dation du loup et de l'ours ;\nVu l'arr\u00eat\u00e9 minist\u00e9riel du 30 d\u00e9cembre 2022 relatif \u00e0 l'aide \u00e0 la protection des exploitations et des  \ntroupeaux contre la pr\u00e9dation du loup et de l'ours ;\nVu l'avis favorable de la pr\u00e9f\u00e8te coordinatrice du plan national d'actions sur le loup et les activit\u00e9s  \nd'\u00e9levage ;\nVu l'arr\u00eat\u00e9 pr\u00e9fectoral du 21 mars 2024, publi\u00e9 au R.A.A. n\u00b0 30-2024-03-21-00007 portant d\u00e9l\u00e9gation de  \nsignature en mati\u00e8re d'administration g\u00e9n\u00e9rale \u00e0 Monsieur S\u00e9bastien FERRA, Directeur d\u00e9partemental  \ndes territoires et de la mer ;\nVu l'arr\u00eat\u00e9 pr\u00e9fectoral n\u00b0 30-2026-01-14-00002 du 14 janvier 2026 ;\n1/7\nDirection D\u00e9partementale des Tetrritoires et de la Mer du Gard - 30-2026-01-16-00004 - Arr\u00eat\u00e9 relatif \u00e0 l'aide \u00e0 la protection des\nexploitations et des troupeaux contre la pr\u00e9dation du loup (cercles 1, 2 et 3) pour l'ann\u00e9e 2026 4\nCONSID\u00c9RANT la diff\u00e9rence constat\u00e9e entre la liste des communes et la cartographie dans l'arr\u00eat\u00e9 cit\u00e9 \nci-dessus et la n\u00e9cessit\u00e9 de corriger l'erreur relev\u00e9e;\nCONSID\u00c9RANT les  donn\u00e9es  relatives  au  suivi  de  l'esp\u00e8ce  et  la  liste  des  constats  de  dommages \nindemnis\u00e9s en 2024 et 2025 et des indices relev\u00e9s en 2024 et 2025 ;\nSUR PROPOSITION du Directeur d\u00e9partemental des territoires et de la mer du Gard,\nARR\u00caTE\nARTICLE 1 :\nLe pr\u00e9sent arr\u00eat\u00e9 pr\u00e9fectoral abroge et remplace l'arr\u00eat\u00e9 n\u00b0 30-2026-01-14-00002 du 14 janvier 2026.\nConform\u00e9ment  \u00e0  l'article  3  de  l'arr\u00eat\u00e9  minist\u00e9riel  du  30  d\u00e9cembre  2022 susvis\u00e9,  les  communes  o\u00f9 \ns'applique l'aide \u00e0 la protection des exploitations et des troupeaux contre la pr\u00e9dation du loup sont ainsi \nclass\u00e9es pour l'ann\u00e9e 2026 (cartographie en annexe) :\nLe cercle 1 comprend 26 communes :\nNum\u00e9ro Nom des communes Code \nINSEE\n1 ALZON 30009\n2 ARRE 30016\n3 ARRIGAS 30017\n4 AUBORD 30020\n5 BEAUVOISIN 30033\n6 BEZOUCE 30039\n7 BLANDAS 30040\n8 CAISSARGUES 30060\n9 CAMPESTRE-ET-LUC 30064\n10 CONCOULES 30090\n11 DOURBIES 30105\n12 GENERAC 30128\n13 GENOLHAC 30130\n14 L'ESTRECHURE 30108\n15 LANUEJOLS 30139\n16 MONTDARDIER 30176\n17 PONTEILS-ET-BRESIS 30201\n18 ROGUES 30219\n19 SAINT-GILLES 30258\n20 SAINT-SAUVEUR-CAMPRIEU 30297\n21 SOUDORGUES 30322\n22 TREVES 30332\n23 VAL-D'AIGOUAL 30339\n24 VAUVERT 30341\n25 VESTRIC-ET-CANDIAC 30347\n26 VISSEC 30353\n2/7\nDirection D\u00e9partementale des Tetrritoires et de la Mer du Gard - 30-2026-01-16-00004 - Arr\u00eat\u00e9 relatif \u00e0 l'aide \u00e0 la protection des\nexploitations et des troupeaux contre la pr\u00e9dation du loup (cercles 1, 2 et 3) pour l'ann\u00e9e 2026 5\nLe cercle 2 comprend 133 communes :\nNum\u00e9ro\nNom des communes\nCode \nINSEE\n1 AIGUES-MORTES 30003\n2 AIGUES-VIVES 30004\n3 AIMARGUES 30006\n4 ARAMON 30012\n5\nARPAILLARGUES-ET-\nAUREILLAC 30014\n6 ARPHY 30015\n7 AUBAIS 30019\n8 AUJAC 30022\n9 AULAS 30024\n10 AUMESSAS 30025\n11 AVEZE 30026\n12 BARJAC 30029\n13 BEAUCAIRE 30032\n14 BELLEGARDE 30034\n15 BERNIS 30036\n16 BEZ-ET-ESPARON 30038\n17 BLAUZAC 30041\n18 BOISSIERES 30043\n19 BONNEVAUX 30044\n20 BORDEZAC 30045\n21 BOUILLARGUES 30047\n22 BOURDIC 30049\n23 BRAGASSARGUES 30050\n24 BREAU-MARS 30052\n25 BROUZET-LES-QUISSAC 30054\n26 CABRIERES 30057\n27 CALVISSON 30062\n28 CANNES-ET-CLAIRAN 30066\n29 CARNAS 30069\n30 CARSAN 30070\n31 CAUSSE-BEGON 30074\n32 CAVEIRAC 30075\n33 CHAMBON 30079\n34 CHAMBORIGAUD 30080\n35 CLARENSAC 30082\n36 CODOGNAN 30083\n37 COLLIAS 30085\n38 COLOGNAC 30087\n39 COMPS 30089\n40 CONGENIES 30091\n41 CONQUEYRAC 30093\n42 CORCONNE 30095\n43 DIONS 30102\n3/7\nDirection D\u00e9partementale des Tetrritoires et de la Mer du Gard - 30-2026-01-16-00004 - Arr\u00eat\u00e9 relatif \u00e0 l'aide \u00e0 la protection des\nexploitations et des troupeaux contre la pr\u00e9dation du loup (cercles 1, 2 et 3) pour l'ann\u00e9e 2026 6\n44 FONS 30112\n45 FOURNES 30116\n46 FOURQUES 30117\n47 GAGNIERES 30120\n48 GAILHAN 30121\n49 GAJAN 30122\n50\nGALLARGUES-LE-\nMONTUEUX 30123\n51 GARONS 30125\n52\nJONQUIERES-SAINT-\nVINCENT 30135\n53 JUNAS 30136\n54 LA CALMETTE 30061\n55 LA GRAND-COMBE 30132\n56 LA ROUVIERE 30224\n57 LA VERNAREDE 30345\n58 LANGLADE 30138\n59 LASALLE 30140\n60 LAVAL-PRADEL 30142\n61 LE CAILAR 30059\n62 LE GRAU-DU-ROI 30133\n63 LE MARTINET 30159\n64 LE VIGAN 30350\n65 LECQUES 30144\n66 LEDENON 30145\n67 LES ANGLES 30011\n68 LES PLANTIERS 30198\n69 LIOUC 30148\n70 MALONS-ET-ELZE 30153\n71 MANDAGOUT 30154\n72 MANDUEL 30155\n73 MARGUERITTES 30156\n74 MEYNES 30166\n75 MILHAUD 30169\n76 MOLIERES-CAVAILLAC 30170\n77 MONTAGNAC 30354\n78 MONTFRIN 30179\n79 MONTIGNARGUES 30180\n80 MONTPEZAT 30182\n81 MUS 30185\n82 NAGES-ET-SOLORGUES 30186\n83 NIMES 30189\n84\nORTHOUX-SERIGNAC-\nQUILHAN 30192\n85 PARIGNARGUES 30193\n86 PEYREMALE 30194\n87 PEYROLLES 30195\n88 POMMIERS 30199\n4/7\nDirection D\u00e9partementale des Tetrritoires et de la Mer du Gard - 30-2026-01-16-00004 - Arr\u00eat\u00e9 relatif \u00e0 l'aide \u00e0 la protection des\nexploitations et des troupeaux contre la pr\u00e9dation du loup (cercles 1, 2 et 3) pour l'ann\u00e9e 2026 7\n89 POMPIGNAN 30200\n90 PONT-SAINT-ESPRIT 30202\n91 PORTES 30203\n92 POULX 30206\n93 QUISSAC 30210\n94 REDESSAN 30211\n95 REMOULINS 30212\n96 REVENS 30213\n97 ROBIAC-ROCHESSADOULE 30216\n98 RODILHAN 30356\n99 ROQUEDUR 30220\n100 SAINT-ALEXANDRE 30226\n101\nSAINT-ANDRE-DE-\nMAJENCOULES 30229\n102\nSAINT-ANDRE-DE-\nVALBORGNE 30231\n103 SAINT-BAUZELY 30233\n104 SAINT-BONNET-DU-GARD 30235\n105\nSAINT-COME-ET-\nMARUEJOLS 30245\n106 SAINT-DIONISY 30249\n107 SAINT-GERVAIS 30256\n108 SAINT-GERVASY 30257\n109 SAINT-JEAN-DU-GARD 30269\n110\nSAINT-LAURENT-\nD'AIGOUZE 30276\n111 SAINT-LAURENT-LE-MINIER 30280\n112 SAINT-MARTIAL 30283\n113 SAINT-NAZAIRE 30288\n114\nSAINT-ROMAN-DE-\nCODIERES 30296\n115 SAINTE-ANASTASIE 30228\n116\nSAINTE-CECILE-\nD'ANDORGE 30239\n117 SAINTE-CROIX-DE-CADERLE 30246\n118 SANILHAC-SAGRIES 30308\n119 SARDAN 30309\n120 SAUMANE 30310\n121 SAUVE 30311\n122 SENECHAS 30316\n123 SERNHAC 30317\n124 SOUVIGNARGUES 30324\n125 SUMENE 30325\n126 THEZIERS 30328\n127 UCHAUD 30333\n128 UZES 30334\n129 VALLABREGUES 30336\n130 VENEJAN 30342\n5/7\nDirection D\u00e9partementale des Tetrritoires et de la Mer du Gard - 30-2026-01-16-00004 - Arr\u00eat\u00e9 relatif \u00e0 l'aide \u00e0 la protection des\nexploitations et des troupeaux contre la pr\u00e9dation du loup (cercles 1, 2 et 3) pour l'ann\u00e9e 2026 8\n131 VERGEZE 30344\n132 VERS-PONT-DU-GARD 30346\n133 VIC-LE-FESQ 30349\nLe cercle 3 comprend toutes les autres communes du d\u00e9partement du Gard.\nARTICLE 2 : \nLe pr\u00e9sent arr\u00eat\u00e9 entre en vigueur \u00e0 sa date de signature et cesse de produire ses effets au 31 d\u00e9cembre\n2026 \u00e0 minuit.\nARTICLE 3 :\nLes \u00e9leveurs ou leurs regroupements conduisant leurs troupeaux dans ces communes sont \u00e9ligibles aux  \naides \u00e0 la protection contre la pr\u00e9dation dans les conditions d\u00e9finies par le  d\u00e9cret n\u00b02022-1756 du 30  \nd\u00e9cembre 2022 relatif \u00e0 l'aide \u00e0 la protection des exploitations et des troupeaux contre la pr\u00e9dation du  \nloup et de l'ours.  \nARTICLE 4 :\nLa  pr\u00e9sente  d\u00e9cision  est  susceptible  de  faire  l'objet  d'un  recours  contentieux  devant  le  tribunal \nadministratif de N\u00eemes dans un d\u00e9lai de deux mois \u00e0 compter de sa publication. Elle est \u00e9galement  \nsusceptible de faire l'objet d'un recours gracieux aupr\u00e8s de la pr\u00e9f\u00e8te ainsi que d'un recours hi\u00e9rarchique \naupr\u00e8s du Ministre dans le m\u00eame d\u00e9lai. Un recours contentieux peut ensuite \u00eatre form\u00e9 aupr\u00e8s du  \ntribunal administratif de N\u00eemes dans le d\u00e9lai de deux mois suivant le rejet explicite ou implicite du  \nrecours gracieux ou hi\u00e9rarchique. La juridiction administrative peut \u00eatre saisie par voie postale ou par  \nl'application \u00ab T\u00e9l\u00e9recours citoyens \u00bb accessible par le site internet https://www.telerecours.fr\nARTICLE 5 :\nLe secr\u00e9taire g\u00e9n\u00e9ral de la pr\u00e9fecture du Gard, le Directeur d\u00e9partemental des territoires et de la mer  \nsont charg\u00e9s, chacun en ce qui les concerne, de l'ex\u00e9cution du pr\u00e9sent arr\u00eat\u00e9 qui sera publi\u00e9 au recueil  \ndes actes administratifs de la pr\u00e9fecture du Gard.\nN\u00eemes, le 16/01/2026\nLe pr\u00e9fet,\nPour le Pr\u00e9fet et par d\u00e9l\u00e9gation, le \nDirecteur D\u00e9partemental des \nTerritoires et la Mer du Gard\nSIGN\u00c9\nS\u00e9bastien FERRA\n6/7\nDirection D\u00e9partementale des Tetrritoires et de la Mer du Gard - 30-2026-01-16-00004 - Arr\u00eat\u00e9 relatif \u00e0 l'aide \u00e0 la protection des\nexploitations et des troupeaux contre la pr\u00e9dation du loup (cercles 1, 2 et 3) pour l'ann\u00e9e 2026 9\nmeer DIRECTION DEPARTEMENTALE DES= TERRITOIRES ET DE LA MER DU GARD\nZonage d'\u00e9ligibilit\u00e9 \u00e0 la mesureprotection des troupeauxcontre la pr\u00e9dation - ann\u00e9e2026\nSEN/CLCPE/ Edition: d\u00e9cembre 2025MD\nEM Cercle 1 (chiens, cl\u00f4tures, gardiennage)Es] Cercle 2 (chiens, cl\u00f4tures)L__] Cercle 3 (chiens)\nLimites administratives : /|_| Communes JAC2 D\u00e9partement du Gard y| | D\u00e9partements limitrophes\nSource et date des donn\u00e9es :- DDTM30 SEN / MD (D\u00e9c 2025)- Admin Express\nAVEYRON\nLOZERE\nHERAULT\nLa Cadi\u00e8re,, stt-Cambo // Hippolytedu-Fort\nBranouxles-Taillades\nMer M\u00e9diterran\u00e9e\nARDECHE\nBastide [pougnalengras | doresse:\nfm La Capelle-et\nAnnexe cartographique de l'arr\u00eat\u00e9pr\u00e9fectoral/\nCastillondu-Gard\nBOUCHES-DU-RHONE\n0 10 20 km\nDirection D\u00e9partementale des Tetrritoires et de la Mer du Gard - 30-2026-01-16-00004 - Arr\u00eat\u00e9 relatif \u00e0 l'aide \u00e0 la protection des\nexploitations et des troupeaux contre la pr\u00e9dation du loup (cercles 1, 2 et 3) pour l'ann\u00e9e 2026 10\nDirection D\u00e9partementale des Tetrritoires et de\nla Mer du Gard\n30-2026-01-19-00006\nART 20260119 Delimitation zone captage eau\npotable commune aubord\nDirection D\u00e9partementale des Tetrritoires et de la Mer du Gard - 30-2026-01-19-00006 - ART 20260119 Delimitation zone captage eau\npotable commune aubord 11\nE | Direction d\u00e9partementalePREFET | | des territoires et de la merDU GARDLibert\u00e9 |Egalit\u00e9Fraternit\u00e9\nService Economie AgricoleUnit\u00e9 Pr\u00e9servation des MilieuxAffaire suivie par : Eric BOULZET\u00e9l. : 04 66 62 64 53eric.boulze@gard.gouv.fr\nARR\u00caT\u00c9 N\u00b0 Dr SEM -.20 7G - 903Relatif \u00e0 la d\u00e9limitation de la zone de protection de l'aired'alimentation du captage d'eau potable \u00ab du Rouvier \u00bbdesservant la commune d'AubordLe pr\u00e9fet du GardChevalier de la L\u00e9gion d'honneur,Officier de l'ordre national du M\u00e9rite\nVu la directive 2000/60/CE du Parlement europ\u00e9en et du Conseil du 23 octobre 2000 \u00e9tablissant uncadre pour une politique communautaire dans le domaine de l'eau \u00ab directive cadre sur l'eau \u00bb etnotamment ses articles 4, 6, 7 et 11; :Vu la directive 2006/118/CE du Parlement europ\u00e9en et du Conseil du 12 d\u00e9cembre 2006 sur la protectiondes eaux souterraines contre la pollution et la d\u00e9t\u00e9rioration, et notamment ses articles 6 et 7;Vu le code de l'environnement et notamment l'article L 211-3 ;Vu le code rural et de la p\u00eache maritime et notamment les articles R 114-1 \u00e0 R 114-10;Vu la loi n\u00b0 2006-1772 du 30 d\u00e9cembre 2006 sur l'eau et les milieux aquatiques ;Vu le d\u00e9cret n\u00b0 2022-1720 du 29 d\u00e9cembre 2022 relatif \u00e0 la s\u00e9curit\u00e9 sanitaire des eaux destin\u00e9es \u00e0 laconsommation humaine;Vu le d\u00e9cret n\u00b0 2007-882 du 14 mai 2007 relatif \u00e0 certaines zones soumises \u00e0 contraintesenvironnementales, modifiant le code rural et de la p\u00eache maritime, et dont la mise en application a \u00e9t\u00e9pr\u00e9cis\u00e9e par la circulaire interminist\u00e9rielle du 30 mai 2008 ;Vu le d\u00e9cret n\u00b0 2013-441 du 28 mai 2013 relatif aux conditions de mise en consultation sur support papierdans les pr\u00e9fectures et sous-pr\u00e9fectures des projets de d\u00e9cision publique ayant une incidence sur. l'environnement;Vu l'arr\u00eat\u00e9 du 11 janvier 2007 du minist\u00e8re de la sant\u00e9 et de la solidarit\u00e9, relatif aux limites et r\u00e9f\u00e9rencesde qualit\u00e9 des eaux brutes et des eaux destin\u00e9es \u00e0 la consommation humaine ;\nDirection D\u00e9partementale des Tetrritoires et de la Mer du Gard - 30-2026-01-19-00006 - ART 20260119 Delimitation zone captage eau\npotable commune aubord 12\nVu l'arr\u00eat\u00e9 du 30 d\u00e9cembre 2022 modifiant l'arr\u00eat\u00e9 du 11 janvier 2007 du minist\u00e8re de la sant\u00e9 et de lasolidarit\u00e9, relatif aux limites et r\u00e9f\u00e9rences de qualit\u00e9 des eaux brutes et des eaux destin\u00e9es \u00e0 laconsommation humaine ;Vu le Sch\u00e9ma Directeur d'Am\u00e9nagement et de Gestion des Eaux (S.D.A.G.E.) du bassin Rh\u00f4ne-M\u00e9diterran\u00e9e 2016-2021, approuv\u00e9 par le Pr\u00e9fet coordonnateur de bassin le 20 novembre 2015 ;Vu le Sch\u00e9ma Directeur d'Am\u00e9nagement et de Gestion des Eaux (S.D.A.G.E.) du bassin Rh\u00f4ne-M\u00e9diterran\u00e9e 2022-2027, approuv\u00e9 par le Pr\u00e9fet coordonnateur de bassin le 21 mars 2022 d\u00e9signant deszones de sauvegarde, parmi lesquelles la nappe \u00ab alluvions anciennes de la Vistrenque et des Costi\u00e8res \u00bb,sur laquelle se trouve le captage du Rouvier et comprenant la disposition \u00ab 5E-01 \u00bb qui vise \u00e0 prot\u00e9ger lesressources strat\u00e9giques pour l'alimentation en eau potable ;Vu l'arr\u00eat\u00e9 pr\u00e9fectoral n\u00b02011130-0006 du 10/05/2011 portant autorisation du captage au titre des articlesL 214-1 \u00e0 L214-6 du Code de l'Environnement, en particulier son article 7 demandant la mise en placed'une proc\u00e9dure de protection \u00e0 long terme vis \u00e0 vis des pollutions diffuses de type Zone Soumise \u00e0Contraintes Environnementales (ZSCE);Vu l'arr\u00eat\u00e9 pr\u00e9fectoral n\u00b02011262-0012 du 19/09/2011 portant D\u00e9claration d'Utilit\u00e9 Publique du projet,pr\u00e9sent\u00e9 par la commune d'Aubord, d'instauration des p\u00e9rim\u00e8tres de protection pour le captage dit\u00ab champ captant du Rouvier \u00bb au titre des articles L 1321 -1 \u00e0 L 1321-8 du Code la Sant\u00e9 Publique etportant autorisation de distribuer\u00e0 la population de l'eau destin\u00e9e\u00e0 la consommation humaine;Vu l'arr\u00eat\u00e9 n\u00b0 30-2024-03-21-00007 du 21 mars 2024 portant d\u00e9l\u00e9gation de signature \u00e0 M S\u00e9bastien FERRAdirecteur d\u00e9partemental des Territoires et de la Mer ;Vu l'avis de la chambre d'agriculture du Gard en date du 15/09/2025 ;Vu l'avis de la commission locale de l'eau du SAGE du Vistre en date du 20/10/2025 ;Vu l'avis du conseil d\u00e9partemental de PENIS RRERE A et des risques sanitaires et technologiques(CODERST) en date du 09/12/2025;Vu les avis exprim\u00e9s lors de la consultation du public qui s'est d\u00e9roul\u00e9e au15 septembre 2025 au 13octobre 2025 ;Consid\u00e9rant <que le S.D.A.G.E. du bassin Rh\u00e9ne-M\u00e9diterran\u00e9e a identifi\u00e9 la nappe d'eau souterraine\u00ab Alluvions anciennes de la Vistrenque et des Costi\u00e8res \u00bb comme devant faire l'objet de mesures de luttecontre la pollution par les pesticides par des changements cons\u00e9quents dans les pratiques actuelles;Consid\u00e9rant l' importance strates ique que repr\u00e9sente cette ressource pour l'alimentation en eau potablede la commune d'Aubord;Consid\u00e9rant les conclusionsde l'\u00e9tude r\u00e9alis\u00e9e en 2015 et 2016 par le bureau d'\u00e9tude ARTESIE relative \u00e0la d\u00e9termination de l'aire d'alimentation du captage (AAC) et la mise en \u00e9vidence de zones devuln\u00e9rabilit\u00e9 forte;Consid\u00e9rant la proposition du comit\u00e9 de pilotage du 09/01/2018 de d\u00e9finir la zone de protection comme :rassemblant les zones de vuln\u00e9rabilit\u00e9 \u00e9lev\u00e9e;Sur proposition du directeur d\u00e9partemental des territoires et de la mer ;\nDirection D\u00e9partementale des Tetrritoires et de la Mer du Gard - 30-2026-01-19-00006 - ART 20260119 Delimitation zone captage eau\npotable commune aubord 13\nARRETE\nArticle 1er :Une zone de protection d\u00e9limite l'aire d'alimentation du captage du Rouvier, exploit\u00e9 par la communed'Aubord pour l'alimentation en eau potable de ses administr\u00e9s (codes BSSOO2ESML pour F1 Le RouvierForage Nord et BSSOO2ESMM pour P1 Le Rouvier Forage Sud).Le p\u00e9rim\u00e8tre de cette zone de protection de 511 ha est fix\u00e9 sur les documents graphiques figurant enannexes au pr\u00e9sent arr\u00e9t\u00e9.\nArticle 2:Un plan d'action constitu\u00e9 de mesures \u00e0 mettre en \u0153uvre sur la zone de protection de l'aired'alimentation a \u00e9t\u00e9 valid\u00e9. Il vise \u00e0 reconqu\u00e9rir de mani\u00e8re p\u00e9renne la qualit\u00e9 de l'eau brute du captagepar le biais de changement de pratiques agricoles et non agricoles.\nArticle 3:Le secr\u00e9taire g\u00e9n\u00e9ral de la pr\u00e9fecture, les maires d'Aubord, Milhaud, G\u00e9n\u00e9rac et Nimes et le directeurd\u00e9partemental des territoires et de la mer du Gard sont charg\u00e9s, chacun en ce qui le concerne del'ex\u00e9cution du pr\u00e9sent arr\u00eat\u00e9 qui sera publi\u00e9 au recueil des actes administratifs de la pr\u00e9fecture.N\u00eemes, le 1 9 JAN. 2026Pour le pr\u00e9fet et par d\u00e9l\u00e9gation,\nUne copie du pr\u00e9sent arr\u00e9t\u00e9 sera adress\u00e9e :* au Maire de la commune d'Aubord,\u00a2 au Maire de la commune de Milhaud\u00b0 au Maire de la commune de G\u00e9n\u00e9rac,* au Maire de la commune de Nimes+ al' Etablissement Public de Bassin Vistre Vistrenque,\u00a2 au D\u00e9l\u00e9gu\u00e9 Territorial de l'Agence R\u00e9gionale de Sant\u00e9,* au Directeur D\u00e9partemental de la Protection des Populations,\u00a2 au Directeur R\u00e9gional de l'Environnement, de l'Am\u00e9nagement et du Logement,\u00a2 au Directeur Territorial de l'agence de l'eau Rh\u00f4ne-M\u00e9diterran\u00e9e et Corse+ ala Pr\u00e9sidente de la Chambre d'Agriculture du Gard,Ma la Pr\u00e9sidente du Conseil D\u00e9partemental duGardD\u00e9lais et voies de recours :Le pr\u00e9sent arr\u00eat\u00e9 peut faire l'objet d'un contentieux devant le tribunal administratif dans un d\u00e9lai dedeux mois \u00e0 compter la date de sa publication au recueil des actes administratifs\nDirection D\u00e9partementale des Tetrritoires et de la Mer du Gard - 30-2026-01-19-00006 - ART 20260119 Delimitation zone captage eau\npotable commune aubord 14\naseqydedapsquiogWDPIPPOWPU|IQessUjNAapaud291219GU|IGes@UINAapauoageqdednpuonequawije,paiehost||DuayjsoiebionDse!4a}\n352\n\\:dwodSF=\n000ST:212433Wan9207/LO/EL:uorupavasDUIJIGesDUINAapsauozYUAIANOYNGIOVLdVDLIXINNVQUV9NGYAWV13G13SAVIOLIVUAL|rimemen$30JIVLNIWILYVd30NOIL93IQq\nDirection D\u00e9partementale des Tetrritoires et de la Mer du Gard - 30-2026-01-19-00006 - ART 20260119 Delimitation zone captage eau\npotable commune aubord 15\n54fovspocse006\u00a967faaeuesboceCATx02020Wevs5seeAS\u00a9&\u00e9treAbPre3ede2apsjuliogW~ectosohecesCoohoeogc)dTreesTr@eeeeeesomebYUoNdaqo1dapsuozfF}Ksan8e)ap\\...Noseges\u00bbome|||9R9810108P.<2ee0c0opeb%h\\S6op\"\\o&}LSeW-:::}:aCaeosei@eok2a'commbooswoehe\u00a9egss*scocseA?eeo008000090Ex|consocecseosc?yeeoesee@ce6@6SS4aJ.000oege.0eob\u00a9aa\n*\nooPi#}3D>.\nyya\\,\n\u00c0att.4::i(ACRit)Nit4C0NE)RUCODainx\u00e0Wut|CahRADNN\nRexTHONRATE>#1DOREKeptay:ays1OOOOceidHNAairpity:AUpaneotMasRENE4OtJAN5abesentiRosannaOs~attefiREAy4ahssUWFay+-\u00e0LPOLRAnVENfepoeRooI|eu)7paimeDAUANRCERN(MARIHW:PnieSintAASitesarbDou)meverARCKhaitBarnesSRARANAN:veyane\u20ac=Cea:Fi\u00a59KEM)niteae.\u00b0Don#:deAE\n\u2014WsBYPeocoerecooaoeeeOooobsoyBe7MR\"moqueENSay\u00e0arybey\nsas:#1!\u00bbWREMNNE_LEsecssp4NCY3IANOY37GNs39V4047CRORELEETSeuQUAUSi7SANUSO4slog\u00a5.eoGceRecy:ttExxynysf16\"{\nAyi:auD3D,QNXif+qepIPAABis4a2000\u20acT:T+M24239202/LO/EL:uorup3\nez?~\n\"uiow\u00e0eeeojesous3annniuol22301dapsuozYAIANOYNG39VLdVI\u20acIXINNV\nA41\nESTTETETETEQuv9NGYAWV13Q13SANIOLINUAL|sms$3031VLN3W314Vd3QNOILI34IQ\nDirection D\u00e9partementale des Tetrritoires et de la Mer du Gard - 30-2026-01-19-00006 - ART 20260119 Delimitation zone captage eau\npotable commune aubord 16\na8ejdeoapsjuiodwOODELT+2124239207/LO/EL:uorupzaeuusalioeanAuol}28101dapsuozUIIANONNG19vV1dVI\u20acIXINNV\nDirection D\u00e9partementale des Tetrritoires et de la Mer du Gard - 30-2026-01-19-00006 - ART 20260119 Delimitation zone captage eau\npotable commune aubord 17\na8ejde5apsjuiodwSa[e13S2pe2SUOIIDASBpsay]Sdj/PEUNWWWODsay]u0l329301dapsu0z|\ngaNES\nOOOETE:218423sa[e1}Sepe2suoijoeasU01}38}01dapauozUIIANOUNd19vV14VIvIXINNVGuv9NGYAWV13G13SIVIOLIVY3L$30FIWLNIWILYWd3ONOILD34IQ\nDirection D\u00e9partementale des Tetrritoires et de la Mer du Gard - 30-2026-01-19-00006 - ART 20260119 Delimitation zone captage eau\npotable commune aubord 18\nDirection D\u00e9partementale des Tetrritoires et de\nla Mer du Gard\n30-2026-01-19-00005\nART 20260119 Delimitation zone captage eau\npotable commune marguerittes\nDirection D\u00e9partementale des Tetrritoires et de la Mer du Gard - 30-2026-01-19-00005 - ART 20260119 Delimitation zone captage eau\npotable commune marguerittes 19\nE Ee : Direction d\u00e9partementalePREFET des territoires et de la merDU GARDLibert\u00e9Egalit\u00e9Fraternit\u00e9\nService Economie AgricoleUnit\u00e9 Pr\u00e9servation des MilieuxAffaire suivie par : Eric BOULZET\u00e9l. : 04 66 62 64 53eric.boulze@gard.gouv.fr\n| ARR\u00caT\u00c9 N\u00b0 DDT) - SEA ~AOZS - 002.Relatif \u00e0 la d\u00e9limitation de la zone de protection de l'aire d'alimentationdu captage des Peyrouses, captage d'eau potable alimentant MarguerittesLe pr\u00e9fet du GardChevalier de la L\u00e9gion d'honneur,Officier de l'ordre national du M\u00e9rite\nVu la directive 2000/60/CE du Parlement europ\u00e9en et du Conseil du 23 octobre 2000 \u00e9tablissant uncadre pour une politique communautaire dans le domaine de l'eau \u00ab directive cadre sur l'eau \u00bb etnotamment ses articles 4, 6, 7 et 11;Vu la directive 2006/118/CE du Parlement europ\u00e9en et du Conseil du 12 d\u00e9cembre 2006 sur la protectiondes eaux souterraines contre la pollution et la d\u00e9t\u00e9rioration, et notamment ses articles 6 et 7 ;Vu le code de l'environnement et notamment l'article L 211-3Vu le code rural et de la p\u00eache maritime et notamment les articles R 114-1 \u00e0 R 114-10Vu la loi n\u00b02006-1772 du 30 d\u00e9cembre 2006 sur l'eau et les milieux aquatiques ;Vu le d\u00e9cret n\u00b02022-1720 du 29 d\u00e9cembre 2022 relatif \u00e0 la s\u00e9curit\u00e9 sanitaire des eaux destin\u00e9es \u00e0 laconsommation humaine |Vu le d\u00e9cret n\u00b0 2007-882 du 14 mai 2007 relatif \u00e0 certaines zones soumises \u00e0 contraintesenvironnementales, modifiant le code rural et de la p\u00eache maritime, et dont la mise en application a \u00e9t\u00e9pr\u00e9cis\u00e9e par la circulaire interminist\u00e9rielle du 30 mai 2008 ;Vu le d\u00e9cret n\u00b0 2013-441 du 28 mai 2013 relatif aux conditions de mise en consultation sur support papierdans les pr\u00e9fectures et sous-pr\u00e9fectures des projets de d\u00e9cision publique ayant une incidence surl'environnement ;Vu l'arr\u00eat\u00e9 du 11 janvier 2007 du minist\u00e8re de la sant\u00e9 et de la solidarit\u00e9, relatif aux limites et r\u00e9f\u00e9rencesde qualit\u00e9 des eaux brutes et des eaux destin\u00e9es \u00e0 la consommation humaine ;\nDirection D\u00e9partementale des Tetrritoires et de la Mer du Gard - 30-2026-01-19-00005 - ART 20260119 Delimitation zone captage eau\npotable commune marguerittes 20\nVu l'arr\u00eat\u00e9 du 30 d\u00e9cembre 2022 modifiant l'arr\u00eat\u00e9 du 11 janvier 2007 du minist\u00e8re de la sant\u00e9 et de lasolidarit\u00e9, relatif aux limites et r\u00e9f\u00e9rences de qualit\u00e9 des eaux brutes et des eaux destin\u00e9es \u00e0 laconsommation humaine;Vu le Sch\u00e9ma Directeur d'Am\u00e9nagement et de Gestion des Eaux (S.D.A.G.E.) du bassin Rh\u00f4ne-M\u00e9diterran\u00e9e 2016-2021, approuv\u00e9 par le Pr\u00e9fet coordonnateur de bassin le 20 novembre 2015;Vu le Sch\u00e9ma Directeur d'Am\u00e9nagement et de Gestion des Eaux (S.D.AG.E.) du bassin Rh\u00f4ne-M\u00e9diterran\u00e9e 2022-2027, approuv\u00e9 par le Pr\u00e9fet coordonnateur de bassin le 21 mars 2022;Vu l'arr\u00eat\u00e9 pr\u00e9fectoral du 10/10/1975 d\u00e9clarant d'utilit\u00e9 publique l'instauration du p\u00e9rim\u00e8tre deprotection autour du captage des Peyrouses situ\u00e9 sur la commune de Marguerittes ;Vu l'arr\u00eat\u00e9 N\u00b0 30-2024-03-21-00007 du 21 mars 2024 portant d\u00e9l\u00e9gation de signature \u00e0 M S\u00e9bastien FERRAdirecteur d\u00e9partemental des Territoires et de la Mer ;Vu l'avis de la chambre d'agriculture du Gard en date du 15/09/2025 ;Vu l'avis du de la commission locale de l'eau du SAGE eu Vistre, Nappes Vistrenque et Costi\u00e8res en datedu 20/10/2025;Vu l'avis du conseil d\u00e9partemental de l'environnement et des risques sanitaires et technologiques(CODERST) en date du 09/12/2025 ;Vu les avis exprim\u00e9s lors de la consultation du public qui s'est d\u00e9roul\u00e9e du 15/09/2025 au 13/10/2025 ;Consid\u00e9rant que le S.D.A.G.E. du bassin Rh\u00e9ne-M\u00e9diterran\u00e9e a identifi\u00e9 la nappe d'eau souterraine\u00abAlluvions anciennes de la Vistrenque et de Costi\u00e9res\u00bb comme devant faire l'objet de mesures de luttecontre la pollution par les pesticides par des changements cons\u00e9quents dans les pratiques actuelles;Consid\u00e9rant que le S.D.A.G.E. du bassin Rh\u00e9ne-M\u00e9diterran\u00e9e a class\u00e9 le captage des Peyrouses dans laliste des captages prioritaires pour la mise en place de programmes d'actions contre les pollutionsdiffuses par les nitrates et les pesticides ;Consid\u00e9rant l'importance strat\u00e9gique que repr\u00e9sente cette ressource pour l'alimentation en eau potablede la commune de Marguerittes ;Consid\u00e9rant les conclusions de l'\u00e9tude hydrog\u00e9ologique r\u00e9alis\u00e9e en 2015 par le bureau d'\u00e9tude Hydriadrelative \u00e0 la d\u00e9termination dans un premier temps, de l'aire d'alimentation du captage (AAC), et dans undeuxi\u00e8me temps de la zone de protection (ZP) en croisant la vuln\u00e9rabilit\u00e9 de l'AAC du captage desPeyrouses et l'identification des pressions polluantes de cette zone ;Consid\u00e9rant la validation de la d\u00e9limitation de la zone de Protection par le comit\u00e9 de pilotage du 12octobre 2021;Sur proposition du directeur d\u00e9partemental des territoires et de la mer;\nARR\u00caTE\nArticle 1er :Une zone de protection d\u00e9limite l'aire d'alimentation du captage des Peyrouses, exploit\u00e9 par laCommunaut\u00e9 d'Agglom\u00e9ration N\u00eemes M\u00e9tropole pour l'alimentation en \u00e9au potable de la commune deMarguerittes (codes BSSOO2ETGB pour le puits PS75 et BSSOO4KXLZ pour le puits PN75).\nDirection D\u00e9partementale des Tetrritoires et de la Mer du Gard - 30-2026-01-19-00005 - ART 20260119 Delimitation zone captage eau\npotable commune marguerittes 21\nLe p\u00e9rim\u00e9tre de cette zone de protection de 2045 ha est fix\u00e9 sur les documents graphiques figurant enannexes au pr\u00e9sent arr\u00e9t\u00e9.\nArticle 2:Un plan d'action constitu\u00e9 de mesures \u00e0 mettre en \u0153uvre sur la zone de protection de l'aired'alimentation a \u00e9t\u00e9 valid\u00e9. Il vise \u00e0 reconqu\u00e9rir de mani\u00e8re p\u00e9renne la qualit\u00e9 de l'eau brute descaptages par le biais de changement de pratiques agricoles et non agricoles.\nArticle 3 :Le secr\u00e9taire g\u00e9n\u00e9ral de la pr\u00e9fecture, le pr\u00e9sident de la Communaut\u00e9 d'Agglom\u00e9ration de N\u00eemesM\u00e9tropole, les maires de Marguerittes, Bezouce, Cabri\u00e8res et Saint Gervasy et le directeur d\u00e9partementaldes territoires et de la mer du Gard sont charg\u00e9s, chacun en ce qui le concerne de l'ex\u00e9cution du pr\u00e9sentarr\u00eat\u00e9 qui sera publi\u00e9 au recueil des actes administratifs de la pr\u00e9fecture.\nN\u00eemes, le 1 9 JAN. 2026Pour le pr\u00e9fet et par d\u00e9l\u00e9gation,Le Directeur D\u00e9partemental desTerritoires\"et de la mer,\nA\\ i\\ fS\u00e9bastie FERRA\nron\nUne copie du pr\u00e9sent arr\u00e9t\u00e9 sera adress\u00e9e :* au Maire de la commune de Marguerittes pour affichage (1 mois minimum),* au Maire de la commune de Bezouce, pour affichage* au Maire de la commune de Cabri\u00e8res, pour affichage* au Maire de la commune de Saint Gervasy, pour affichage*__ \u00e0 l'Etablissement Public de Bassin Vsitre Vistrenque*_ \u00e0 la Communaut\u00e9 d'Agglom\u00e9ration de N\u00eemes M\u00e9tropole\u00a2 au D\u00e9l\u00e9gu\u00e9 Territorial de l'Agence R\u00e9gionale de Sant\u00e9,* au Directeur D\u00e9partemental de la Protection des Populations,* au Directeur R\u00e9gional de l'Environnement, de l'Am\u00e9nagement et du Logement,\u00b0__au Directeur Territorial de l'agence de l'eau Rh\u00f4ne-M\u00e9diterran\u00e9e et Corse\u00b0 ala Pr\u00e9sidente de la Chambre d'Agriculture du Gard,\u00b0 ala Pr\u00e9sidente du Conseil D\u00e9partemental du GardD\u00e9lais et voies de recours :Le pr\u00e9sent arr\u00eat\u00e9 peut faire l'objet d'un contentieux devant le tribunal administratif dans un d\u00e9lai dedeux mois \u00e0 compter la date de sa publication au recueil des actes administratifs\nDirection D\u00e9partementale des Tetrritoires et de la Mer du Gard - 30-2026-01-19-00005 - ART 20260119 Delimitation zone captage eau\npotable commune marguerittes 22\n::MEar\u00c0o8edesapsjuiogW5\"ala1ieN1eDge<eu.)eryiCNMewRNex28e1de2npuonequauje,paeue'jL:.Fspi*-2\u00c0]fem5'2,|=:\"eorediilSie.a.fr7aeee_amiciKe|:ortyuons3301dapsuoz[7]JONsde\\useeee,a>eoae}<7LLLRAareCNEJusVIN[gidSISNOMASICADVLAV)L\u00c0ene:js\n<aARLE:ZASASNOWAAdSAC3TheSE\n'z\nie\u00e0PSCACERNPAhe,*PRXSSenped&\\,\n0000\u20acT:21182493WanSO/LL/S0:uorupvas2[e19U98aNAa3eqyde>npuonequawye,pauieuO}29301dapsuozSISNOUAIdS3Q39V1dYILIXINNY\nLumensi29\\)tof\ney\nONETOONGuV9NGY3WV13G13SIYIOLIYNILapeTaS3QF1VLNIW314Vd3QNOIL934IQ.\nDirection D\u00e9partementale des Tetrritoires et de la Mer du Gard - 30-2026-01-19-00005 - ART 20260119 Delimitation zone captage eau\npotable commune marguerittes 23\n.88e1desapsjuiodWw\u00a5\nuonssjoidapauoz[7]OUAIdS3029VLAVO\nby.\nMEAS)QTEVESPO'EGL\u20acZ:12112023\u00a720Z/LL/50:uorupzauuangseANAUu01}93}01dapauoz-SASNOUAAdSAGIOVLdVD\u20acAXINNVGUYSNGYAW11Q13SIHIOLIYVAL$3031VLN3W31NVd3QNOIL934IQ\nDirection D\u00e9partementale des Tetrritoires et de la Mer du Gard - 30-2026-01-19-00005 - ART 20260119 Delimitation zone captage eau\npotable commune marguerittes 24\nasejdedapsjuiodWSa|813S2PE2SUODAS2PsoysajeuUNWWODdsay)[7]uon2sjo1dapsuoz[7]LD)eee.cr.O00$Z:T:211293$707/LL/50:uorupzSa[e13Sepe2SUOI322Suol}29301dapsuozS1SNOUAIdSAG39V1dVI\u20ac1XINNVYGuv9NGVANV71Q13SIHIOLIYU3L$3011VLN3W314V43QNOIL934IQ=\u00f9mare=\nDirection D\u00e9partementale des Tetrritoires et de la Mer du Gard - 30-2026-01-19-00005 - ART 20260119 Delimitation zone captage eau\npotable commune marguerittes 25\nDirection D\u00e9partementale des Tetrritoires et de\nla Mer du Gard\n30-2026-01-19-00004\nART 20260119 Delimitation zone captage eau\npotable communes ledenon sernhac meynes\nDirection D\u00e9partementale des Tetrritoires et de la Mer du Gard - 30-2026-01-19-00004 - ART 20260119 Delimitation zone captage eau\npotable communes ledenon sernhac meynes 26\nE a | Direction d\u00e9partementalePREFET des territoires et de la merDU GARDLibert\u00e9Egalit\u00e9Fraternit\u00e9\nService Economie AgricoleUnit\u00e9 Pr\u00e9servation des MilieuxAffaire suivie par : Eric BOULZET\u00e9l. : 04 66 62 64 53eric.boulze@gard.gouv.fr\nARR\u00caT\u00c9 N\u00b0 DT0 - SEA - 2026 - OCTRelatif \u00e0 la d\u00e9limitation de la zone de protection de l'aire d'alimentationdes captages de Pazac et du Fesc alimentant en eau potable les communes de L\u00e9denon et de Sernhac etdu captage des Mugues alimentant la commune de MeynesLe pr\u00e9fet du GardChevalier de la L\u00e9gion d'honneur,Officier de l'ordre national du M\u00e9rite\nVu la directive 2000/60/CE du Parlement europ\u00e9en et du Conseil du 23 octobre 2000 \u00e9tablissant uncadre pour une politique communautaire dans le domaine de l'eau \u00ab directive cadre sur l'eau \u00bb etnotamment ses articles 4, 6, 7 et 11;Vu la directive 2006/118/CE du Parlement europ\u00e9en et du Conseil du 12 d\u00e9cembre 2006 sur la protectiondes eaux souterraines contre la pollution et la d\u00e9t\u00e9rioration, et notamment ses articles 6 et 7 ;Vu le code de l'environnement et notamment l'article L 211-3Vu le code rural et de la p\u00e9che maritime et notamment les articles R 114-1 a R 114-10Vu la loi n\u00b02006-1772 du 30 d\u00e9cembre 2006 sur l'eau et les milieux aquatiques ; _Vu le d\u00e9cret n\u00b02022-1720du 29 d\u00e9cembre 2022 relatif \u00e0 la s\u00e9curit\u00e9 sanitaire des eaux destin\u00e9es \u00e0 laconsommation humaineVu le d\u00e9cret n\u00b0 2007-882 du 14 mai 2007 relatif \u00e0 certaines zones soumises \u00e0 contraintesenvironnementales, modifiant le code rural et de la p\u00eache maritime, et dont la mise en application a \u00e9t\u00e9pr\u00e9cis\u00e9e par la circulaire interminist\u00e9rielle du 30 mai 2008 ;Vu le d\u00e9cret n\u00b0 2013-441 du 28 mai 2013 relatif aux conditions de mise en consultation sur support papierdans les pr\u00e9fectures et sous-pr\u00e9fectures des projets de d\u00e9cision publique ayant une incidence surl'environnement ;\nDirection D\u00e9partementale des Tetrritoires et de la Mer du Gard - 30-2026-01-19-00004 - ART 20260119 Delimitation zone captage eau\npotable communes ledenon sernhac meynes 27\nVu l'arr\u00eat\u00e9 du 11 janvier 2007 du minist\u00e8re de la sant\u00e9 et de la solidarit\u00e9, relatif aux limites et r\u00e9f\u00e9rencesde qualit\u00e9 des eaux brutes et des eaux destin\u00e9es \u00e0 la consommation humaine ;Vu l'arr\u00eat\u00e9 du 30 d\u00e9cembre 2022 modifiant l'arr\u00eat\u00e9 du 11 janvier 2007 du minist\u00e8re de la sant\u00e9 et de lasolidarit\u00e9, relatif aux limites et r\u00e9f\u00e9rences de qualit\u00e9 des eaux brutes et des eaux destin\u00e9es \u00e0 laconsommation humaine ;Vu le Sch\u00e9ma Directeur d'Am\u00e9nagement et de Gestion des Eaux (S.D.A.G.E.) du bassin Rh\u00f4ne-M\u00e9diterran\u00e9e 2016-2021, approuv\u00e9 par le Pr\u00e9fet coordonnateur de bassin le 20 novembre 2015 ;Vu le Sch\u00e9ma Directeur d'Am\u00e9nagement et de Gestion des Eaux (S.D.A.G.E.) du bassin Rh\u00f4ne-M\u00e9diterran\u00e9e 2022-2027, approuv\u00e9 par le Pr\u00e9fet coordonnateur de bassin le 21 mars 2022;Vu l'arr\u00eat\u00e9 pr\u00e9fectoral du 14/05/1956 d\u00e9clarant d'utilit\u00e9 publique l'instauration des p\u00e9rim\u00e8tres deprotection autour du captage de Pazac situ\u00e9 sur la commune de L\u00e9denonVu l'arr\u00eat\u00e9 pr\u00e9fectoral du 14/04/1982 d\u00e9clarant d'utilit\u00e9 publique l'instauration des p\u00e9rim\u00e8tres deprotection autour du puits du Fesc situ\u00e9 sur la commune de L\u00e9denon ;Vu l'arr\u00eat\u00e9 pr\u00e9fectoral du 14/05/1992 d\u00e9clarant d'utilit\u00e9 publique l' instauration des p\u00e9rim\u00e8tres deprotection autour du forage des Mugues situ\u00e9 sur la commune de L\u00e9denon;Vu l'arr\u00eat\u00e9 N\u00b0 30-2024-03-21-00007 du 21 mars 2024 portant d\u00e9l\u00e9gation de signature \u00e0 M S\u00e9bastien FERRAdirecteur d\u00e9partemental des Territoires et de la Mer;Vu l'avis de la chambre d'agriculture du Gard en date du 28/10/2025 ;Vu l'avis du de la commission locale de l'eau du SAGE 09 Vistre, Nappes Vistrenque et Costi\u00e8res en datedu 20/10/2025;Vu l'avis du conseil d\u00e9partemental de l'environnement et des risques sanitaires et technologiques :(CODERST) en date du 09/12/2025 ;Vu les avis exprim\u00e9s lors de la consultation du public qui s'est d\u00e9roul\u00e9e du 27/10/2025 au 28/11/2025;Consid\u00e9rant que le S.D.A.G.E. du bassin Rh\u00f4ne-M\u00e9diterran\u00e9e a identifi\u00e9 la nappe d'eau souterraine\u00abAlluvions anciennes de la Vistrenque et de Costi\u00e9res\u00bb comme devant faire l'objet de mesures de luttecontre la pollution par les pesticides par des changements cons\u00e9quents dans les pratiques actuelles ;Consid\u00e9rant que le S.D.A.G.E. du bassin Rh\u00f4ne-M\u00e9diterran\u00e9e a class\u00e9 a class\u00e9 le puits de Pazac, lesforages du Fesc et des Mugues dans la liste des captages prioritaires pour la mise en place deprogrammes d'actions contre les pollutions diffuses par les nitrates et les pesticides ;Consid\u00e9rant l'importance strat\u00e9gique que repr\u00e9sente cette ressource pour l'alimentation en eau potabledes communes de L\u00e9denon, Sernhac et Meynes ;Consid\u00e9rant les conclusions de l'\u00e9tude hydrog\u00e9ologique r\u00e9alis\u00e9e en 2015 par le bureau d'\u00e9tude Hydriadrelative \u00e0 la d\u00e9termination dans un premier temps, de l'aire d'alimentation du captage (AAC),Consid\u00e9rant les conclusions de l'\u00e9tude agro-environnementale r\u00e9alis\u00e9e entre 2020 et 2021 par le bureaud'\u00e9tude Alliance Environnement afin de d\u00e9finir la zone de protection (ZP) en croisant la vuln\u00e9rabilit\u00e9 del'Aire d'Alimentation du Captage (AAC) et l'identification des pressions polluantes de cette zone;Consid\u00e9rant la validation de la d\u00e9limitation de la zone de protection par le comit\u00e9 de pilotage du 12octobre 2021;Sur proposition du directeur d\u00e9partemental des territoires et de la mer;\nDirection D\u00e9partementale des Tetrritoires et de la Mer du Gard - 30-2026-01-19-00004 - ART 20260119 Delimitation zone captage eau\npotable communes ledenon sernhac meynes 28\nARRETEArticle 1er :Une zone de protection d\u00e9limite l'aire d'alimentation des captages d'eau potable regroupant :- les captages de Pazac et du Fesc, exploit\u00e9s par la Communaut\u00e9 d'Agglom\u00e9ration N\u00eemesM\u00e9tropole pour l'alimentation en eau potable des communes de L\u00e9denon et de Sernhac (codes ~BSSOO2ETUB / BSSOO2ETYB).- le captage des Mugues, exploit\u00e9 par la commune de Meynes pour son alimentation en eaupotable (code BSSOO2ETYC).\nLe p\u00e9rim\u00e8tre de cette zone de protection de 946 ha est fix\u00e9 sur les documents graphiques figurant enannexes au pr\u00e9sent arr\u00eat\u00e9. |\nArticle 2 :Un plan d'action constitu\u00e9 de mesures \u00e0 mettre en \u0153uvre sur la zone de protection de l'aired'alimentation a \u00e9t\u00e9 valid\u00e9. Il vise a reconqu\u00e9rir de mani\u00e8re p\u00e9renne la qualit\u00e9 de l'eau brute descaptages par le biais de changement de pratiques agricoles et non agricoles.\nArticle 3:Le secr\u00e9taire g\u00e9n\u00e9ral de la pr\u00e9fecture, le pr\u00e9sident de la Communaut\u00e9 d'Agglom\u00e9ration.de NimesM\u00e9tropole, les maires de Bezouce, L\u00e9denon, Meynes et Sernhac et le directeur d\u00e9partemental desterritoires et de la mer du Gard sont charg\u00e9s, chacun en ce qui le concerne de l'ex\u00e9cution du pr\u00e9sentarr\u00eat\u00e9 qui sera publi\u00e9 au recueil des actes administratifs de la pr\u00e9fecture.\nN\u00eemes, le 19 JAN. 2026\nPour le pr\u00e9fet et par d\u00e9l\u00e9gation,\n\u2014\nLe Dire et\u00e9ur D\u00e9pantemental desTerritoires et de la mer,\nUne copie du pr\u00e9sent arr\u00eat\u00e9 sera adress\u00e9e :\u00b0 au Maire de la commune de Meynes pour affichage (1 mois minimum),\u00b0 au Maire de la commune de L\u00e9denon pour affichage (1 mois minimum),\u00a2 au Maire de la commune de Sernhac, pour affichage (1 mois minimum),au Maire de la commune de Bezouce, pour affichage\u00b0__\u00e0 l'Etablissement Public de Bassin Vitre Vistrenque\nDirection D\u00e9partementale des Tetrritoires et de la Mer du Gard - 30-2026-01-19-00004 - ART 20260119 Delimitation zone captage eau\npotable communes ledenon sernhac meynes 29\n+ ala Communaut\u00e9 d'Agglom\u00e9ration de Nimes M\u00e9tropole+ au D\u00e9l\u00e9gu\u00e9 Territorial de l'Agence R\u00e9gionale de Sant\u00e9,+ au Directeur D\u00e9partemental de la Protection des Populations,+ au Directeur R\u00e9gional de l'Environnement, de l'Am\u00e9nagement et du Logement,* au Directeur Territorial de l'agence de l'eau Rh\u00f4ne-M\u00e9diterran\u00e9e et Corse+ ala Pr\u00e9sidente de la Chambre d'Agriculture du Gard,+ ala Pr\u00e9sidente du Conseil D\u00e9partemental du Gard\nD\u00e9lais et voies de recours :Le pr\u00e9sent arr\u00eat\u00e9 peut faire l'objet d'un contentieux devant le tribunal administratif dans un d\u00e9lai dedeux mois \u00e0 compter la date de sa publication au recueil des actes administratifs\nDirection D\u00e9partementale des Tetrritoires et de la Mer du Gard - 30-2026-01-19-00004 - ART 20260119 Delimitation zone captage eau\npotable communes ledenon sernhac meynes 30\na3ejdedapsqulogvuonejUusUe,pase||uonsajoidapauoz[\u2014}\nElRRRAe$9948Sa)aeae\n\\.alamnozag_,o7= bas \u00ca \u00c0 ee 2\n*4\u00c0ws\nJON\nSad39404aF4\n2\n:AORMasied952534NdIOWAOIV\n|\n\u00c0RLEd\nLEA\\7SSIUNSZsay\\\\P\u00e0\u00c0asisai\n00061:1+21l2U23Wan$202/LL/\u20ac0:uorupzvasa/e19Ua3BNAe8e3de2npuonequawije,paueUu01}39}01dapsuozSANONWSASLINd-DS34NA|VS:132VZVd30SADVLdVD4|EtLIXINNVYLIj\u00c8xauvoNGVANV13Q13SIWIOLIYYILD'gies$3031VLN3W314Vd3QNOILOIVIGfETrezor2==8A\n\u00c03WaceSO!\u00c0eopprarinag|\u00c0geSeayCFoaeaAl_:2188|\n{\nif'ENS.aNSy)Hal;\nWeeunTer,\n603:41sieViARLNG\nDirection D\u00e9partementale des Tetrritoires et de la Mer du Gard - 30-2026-01-19-00004 - ART 20260119 Delimitation zone captage eau\npotable communes ledenon sernhac meynes 31\ne8e1de2apsjuioduonss3o1dapsuoz[7]0006I:E:2112423\u00a7Z0Z/LL/\u20ac0:uoripauuanpeanauol}23301dapsuozSANONWS3QSLINd-DS34na13DVZVdIdSADVLdVD\u20acIXINNVysIvowvagSAONENANEGuvVSNGVAN73Q13SIIOLIVYIL53QF1VLN3W314vd3QNOIL9341Q\nDirection D\u00e9partementale des Tetrritoires et de la Mer du Gard - 30-2026-01-19-00004 - ART 20260119 Delimitation zone captage eau\npotable communes ledenon sernhac meynes 32\nasejdedapsquiodwSa|e11Sepe2SUOIIDASAPsawsajeunuwuuwossay[\u2014}uon2sj01dapauoz[7]ASANSNWSAG39v40:i\n2e\nfs\nwe\n000811:2112423$20z/LL/\u20ac0:uorpsajesysepedsuoioesuOI}29301dapau0zSANONWS3QSLINd-9S34NG132VZVdIdSIDVIdVD\u20acIXINNVRavouvagDNAGuv9NGY3WV7IG13SAWIOLMYILparage:Lo$3031VLN3WN314Vd3QNOLLOIYIA\nDirection D\u00e9partementale des Tetrritoires et de la Mer du Gard - 30-2026-01-19-00004 - ART 20260119 Delimitation zone captage eau\npotable communes ledenon sernhac meynes 33\nPrefecture du Gard\n30-2026-01-21-00006\nArr\u00eat\u00e9 donnant d\u00e9l\u00e9gation de signature \u00e0 M.\nMarc DANIEL, directeur r\u00e9gional des affaires\nculturelles Occitanie par interim, en mati\u00e8re\nd'ordonnancement secondaire (BOP 723)\nPrefecture du Gard - 30-2026-01-21-00006 - Arr\u00eat\u00e9 donnant d\u00e9l\u00e9gation de signature \u00e0 M. Marc DANIEL, directeur r\u00e9gional des affaires\nculturelles Occitanie par interim, en mati\u00e8re d'ordonnancement secondaire (BOP 723) 34\nEuPREFETDU GARDLibert\u00e9Egalit\u00e9Fraternit\u00e9\nDirection de la citoyennet\u00e9, \nde la l\u00e9galit\u00e9 et de la coordination\nService de la coordination des politiques \npubliques et de l'appui territorial \nArr\u00eat\u00e9\ndonnant d\u00e9l\u00e9gation de signature \u00e0 M. Marc DANIEL, \ndirecteur r\u00e9gional des affaires culturelles Occitanie par interim,\nen mati\u00e8re d'ordonnancement secondaire (BOP 723)\nLe pr\u00e9fet du Gard\nChevalier de la L\u00e9gion d'honneur,\nOfficier de l'ordre national du M\u00e9rite \nVu la loi organique n\u00b0 2001-692 du 1er ao\u00fbt 2001 relative aux lois de finances ; \nVu  la  loi  d'orientation  n\u00b0  92-125  du  6  f\u00e9vrier  1992  relative  \u00e0  l'administration  territoriale  de  la \nR\u00e9publique ;\nVu la loi n\u00b0 82-213 du 2 mars 1982 relative aux droits et aux libert\u00e9s communes, des d\u00e9partements et  \ndes r\u00e9gions ;\nVu le d\u00e9cret n\u00b0 92-604 du 1er juillet 1992 modifi\u00e9 portant charte de d\u00e9concentration ;\nVu le d\u00e9cret n\u00b0 97- 1201 du 24 d\u00e9cembre 1997 pris pour l'application au minist\u00e8re de la Culture et de  \nla communication de l'article 2 du d\u00e9cret n\u00b0 97-34 du 15 janvier 1997 relatif \u00e0 la d\u00e9concentration des  \nd\u00e9cisions individuelles ;\nVu le d\u00e9cret n\u00b0 2004-374 du 29 avril 2004 modifi\u00e9 relatif aux pouvoirs des pr\u00e9fets, \u00e0 l'organisation et \u00e0  \nl'action des services de l'\u00c9tat dans les r\u00e9gions et les d\u00e9partements ;\nVu le d\u00e9cret 2004-1085 du 14 octobre 2004 modifi\u00e9 relatif \u00e0 la d\u00e9l\u00e9gation de gestion dans les services  \nde l'\u00c9tat ;\nVu le d\u00e9cret n\u00b0 2004-1430 du 23 d\u00e9cembre 2004 relatif aux directions r\u00e9gionales des affaires cultu -\nrelles et modifiant les attributions des directions r\u00e9gionales de l'environnement ;\nVu le d\u00e9cret n\u00b0 2008-158 du 22 f\u00e9vrier 2008 modifi\u00e9 relatif \u00e0 la suppl\u00e9ance des pr\u00e9fets de r\u00e9gions et \u00e0  \nla d\u00e9l\u00e9gation de signature des pr\u00e9fets et hauts-commissaires de la r\u00e9publique en Polyn\u00e9sie Fran\u00e7aise  \net en Nouvelle-cal\u00e9donie ;\nVu le d\u00e9cret n\u00b0 2009-1377 du 10 novembre 2009 modifi\u00e9 relatif \u00e0 l'organisation et aux missions des  \ndirections r\u00e9gionales des entreprises, de la concurrence, de la consommation, du travail et de l'em -\nploi ;\nVu le d\u00e9cret n\u00b0 2010-633 du 8 juin 2010 modifi\u00e9 relatif \u00e0 l'organisation et aux missions des directions  \nr\u00e9gionales des affaires culturelles ;\nVu Le d\u00e9cret n\u00b0 2012-1246 du 7 novembre 2012 relatif \u00e0 la gestion budg\u00e9taire et comptable publique ;\nVu la d\u00e9cision du 1er d\u00e9cembre 2025, du minist\u00e8re de la Culture nommant M. Marc DANIEL, directeur\nr\u00e9gional adjoint des affaires culturelles de la r\u00e9gion Occitanie, charg\u00e9 d'exercer par interim  les fonc -\ntions de directeur r\u00e9gional des affaires culturelles de la r\u00e9gion Occitanie, \u00e0 compter du 14 janvier  \n2026 ;\nVu le d\u00e9cret du 13 juillet 2023 nommant M. J\u00e9r\u00f4me BONET, pr\u00e9fet du Gard\u00a0;\nSur proposition du secr\u00e9taire g\u00e9n\u00e9ral,\n1/2\nPrefecture du Gard - 30-2026-01-21-00006 - Arr\u00eat\u00e9 donnant d\u00e9l\u00e9gation de signature \u00e0 M. Marc DANIEL, directeur r\u00e9gional des affaires\nculturelles Occitanie par interim, en mati\u00e8re d'ordonnancement secondaire (BOP 723) 35\nArr\u00eate :\nArticle 1  : D\u00e9l\u00e9gation de signature est donn\u00e9e \u00e0  M. Marc DANIEL , directeur r\u00e9gional des affaires  \nculturelles Occitanie par interim, \u00e0 l'effet de signer les march\u00e9s de l'\u00c9tat et tous les actes relatifs \u00e0  \nl'ex\u00e9cution  des  recettes  et  des  d\u00e9penses  pour  les  op\u00e9rations  de  l'unit\u00e9  d\u00e9partementale  de \nl'architecture et  u patrimoine du Gard relevant du budget op\u00e9rationnel de programme BOP  723  \n(op\u00e9rations immobili\u00e8res et entretien des b\u00e2timents de l'\u00c9tat).\nSont soumis \u00e0 visa pr\u00e9alable du pr\u00e9fet du Gard les actes d'engagement des march\u00e9s publics et les  \nd\u00e9cisions de d\u00e9penses d'un montant \u00e9gal ou sup\u00e9rieur \u00e0 30 000 \u20ac HT.\nCette d\u00e9l\u00e9gation s'exerce ind\u00e9pendamment de la qualit\u00e9 de responsable d'unit\u00e9 op\u00e9rationnelle qui  \nreste assur\u00e9e par le pr\u00e9fet du Gard.\nArticle    2     :  La  pr\u00e9sente  d\u00e9l\u00e9gation  porte  sur  l'engagement,  la  liquidation,  le  mandatement  des \nd\u00e9penses de toute nature et l'\u00e9mission de titres de perception, \u00e0 l'exclusio n des actes su ivants qui \ndemeurent r\u00e9serv\u00e9s \u00e0 la signature du pr\u00e9fet du Gard :\n\uf09f les affectations de tranches fonctionnelles,\n\uf09f les ordres de r\u00e9quisition du comptable public,\n\uf09f les d\u00e9cisions de passer outre au refus de visa de l'autorit\u00e9 charg\u00e9e du contr\u00f4le\n    financier,\n\uf09f en cas d'avis pr\u00e9alable d\u00e9favorable de l'autorit\u00e9 charg\u00e9e du contr\u00f4le financier, le  \n   courtier l'informant des motifs conduisant \u00e0 ne pas se conformer \u00e0 l'avis donn\u00e9,\n\u2022 toute convention pass\u00e9e au nom de l'Etat. \nArticle    3     :   M. Marc DANIEL , directeur r\u00e9gional des affaires culturelles Occitanie par interim, peut  \nsubd\u00e9l\u00e9guer la signature \u00e0 des fonctionnaires plac\u00e9s sous son autorit\u00e9 pour signer les actes relatifs  \naux affaires pour lesquelles il re\u00e7oit la pr\u00e9sente d\u00e9l\u00e9gation, par une d\u00e9cision dont il est rendu compte  \nau pr\u00e9fet du Gard avant sa mise en application.\nLa signature du d\u00e9l\u00e9gataire ou subd\u00e9l\u00e9gataire et sa qualit\u00e9 devront \u00eatre pr\u00e9c\u00e9d\u00e9es de la mention  \nsuivante : \u00ab Pour le pr\u00e9fet du Gard et par d\u00e9l\u00e9gation \u00bb.\nArticle    4  :  L'arr\u00eat\u00e9  pr\u00e9fectoral  n\u00b0  30-2023-08-21-00034  du  22  ao\u00fbt  2023  donnant  d\u00e9l\u00e9gation  de \nsignature \u00e0  M. Michel ROUSSEL , directeur r\u00e9gional des affaires culturelles Occitanie  en mati\u00e8re  \nd'ordonnancement secondaire (BOP 723) est abrog\u00e9.\nArticle   5  : Le pr\u00e9sent arr\u00eat\u00e9 prend effet d\u00e8s sa publication.\nArticle  6     :  Le  secr\u00e9taire  g\u00e9n\u00e9ral  de  la  pr\u00e9fecture  du  Gard  et  le  directeur  r\u00e9gional  des  affaires \nculturelles Occitanie sont charg\u00e9s, chacun en ce qui le concerne, de l'ex\u00e9cution du pr\u00e9sent arr\u00eat\u00e9 qui  \nsera publi\u00e9 au recueil des actes administratifs de la pr\u00e9fecture du Gard.\nN\u00eemes, le 21 janvier 2026\nLe pr\u00e9fet,\n                                            sign\u00e9\n \n  J\u00e9r\u00f4me BONET\n2/2\nPrefecture du Gard - 30-2026-01-21-00006 - Arr\u00eat\u00e9 donnant d\u00e9l\u00e9gation de signature \u00e0 M. Marc DANIEL, directeur r\u00e9gional des affaires\nculturelles Occitanie par interim, en mati\u00e8re d'ordonnancement secondaire (BOP 723) 36\nPrefecture du Gard\n30-2026-01-16-00006\nArr\u00eat\u00e9 fixant les dates d'ouverture et de cl\u00f4ture\ndes d\u00e9lais de d\u00e9p\u00f4t de candidature pour les\n\u00e9lections municipales et communautaires de\n2026\nPrefecture du Gard - 30-2026-01-16-00006 - Arr\u00eat\u00e9 fixant les dates d'ouverture et de cl\u00f4ture des d\u00e9lais de d\u00e9p\u00f4t de candidature pour\nles \u00e9lections municipales et communautaires de 2026 37\nE Pr\u00e9fecture - Direction de la citoyennet\u00e9,TT GARD de la l\u00e9galit\u00e9 et de la coordinationpr Service des \u00e9lections, de la r\u00e9glementation g\u00e9n\u00e9rale\u00c9galit\u00e9 et de l'environnementFraternit\u00e9 in .Bureau des \u00e9lections\nn\u00b0 DCLC-SERGE-BE-30-2026-01- -0000Arr\u00eat\u00e9fixant les dates d'ouverture et de cl\u00f4ture des d\u00e9lais de d\u00e9p\u00f4tdes d\u00e9clarations de candidature pour les \u00e9lections municipales etcommunautaires des 15 et 22 mars 2026Le pr\u00e9fet du Gard,chevalier de la L\u00e9gion d'honneur,officier de l'ordre national du M\u00e9rite,\nVU le code \u00e9lectoral et notamment les articles L. 263 \u00e0 L. 267, et R. 127-2 et suivants:VU le d\u00e9cret n\u00b0 2025-848 du 27 ao\u00fbt 2025 fixant la date du renouvellement des conseillersmunicipaux et communautaires, des conseilles m\u00e9tropolitains de Lyon, des conseillers de Pariset des conseillers d'arrondissement de Paris, Lyon et Marseille et portant convocation des\u00e9lecteurs ;SUR PROPOSITION du secr\u00e9taire g\u00e9n\u00e9ral de la pr\u00e9fectureArr\u00eate :Article 1er : pour les communes de l'arrondissement d'ALES, les d\u00e9clarations de candidature aux\u00e9lections municipales et communautaires des 15 et 22 mars 2026 seront d\u00e9pos\u00e9es :- pour le premier tour de scrutin : \u00e0 la sous-pr\u00e9fecture d'ALES, 3 boulevard Louis Blanc - ALESdu jeudi 12 au mercredi 25 f\u00e9vrier 2026, de 13 h 00 \u00e0 17 h OO(non compris les dimanches de cete p\u00e9riode)le jeudi 26 f\u00e9vrier 2026 jusqu'\u00e0 18 h 00les samedis 14 et 21 f\u00e9vrier 2026 de 9 h 00 \u00e0 11 h 00 et de 14 h 00 \u00e0 16 h 00- pour le second tour de scrutin : \u00e0 la sous-pr\u00e9fecture d'ALES, 3 boulevard Louis Blanc - ALESle lundi 16 mars 2026, de 14 h 00 \u00e0 17 h OOle mardi 17 mars 2026, de 9h 00 \u00e0 11h 30 et de 14h 00 4 18 h OO.\nArticle 2 : pour les communes de I'arrondissement de NIMES, les d\u00e9clarations de candidatureaux \u00e9lections municipales et communautaires des 15 et 22 mars 2026 seront d\u00e9pos\u00e9es :- pour le premier tour de scrutin : \u00e0 la pr\u00e9fecture du GARD, 1 rue Guillemette \u00e0 NIMESdu jeudi 12 au mercredi 25 f\u00e9vrier 2026, de 13 h 00 \u00e0 17 h 00(non compris les dimanches de cete p\u00e9riode)le jeudi 26 f\u00e9vrier 2026 jusqu'\u00e0 18 h 00 -les samedis 14 et 21 f\u00e9vrier 2026 de 9 h 00 \u00e0 11 h 00 et de 14 h 00 \u00e0 16 h 001/3\nPrefecture du Gard - 30-2026-01-16-00006 - Arr\u00eat\u00e9 fixant les dates d'ouverture et de cl\u00f4ture des d\u00e9lais de d\u00e9p\u00f4t de candidature pour\nles \u00e9lections municipales et communautaires de 2026 38\n- pour le second tour de scrutin : \u00e0 la pr\u00e9fecture du GARD, 1 rue Guillemette \u00e0 NIMESle lundi 16 mars 2026, de 14 h 00 \u00e0 17 h 00le mardi 17 mars 2026, de 9 h 00 \u00e0 11 h 30 et de 14h 00 418 h OO.\nArticle 3 : pour les communes de l'arrondissement du VIGAN, les d\u00e9clarations de candidatureaux \u00e9lections municipales et communautaires des 15 et 22 mars 2026 seront d\u00e9pos\u00e9es :- pour le premier tour de scrutin : \u00e0 la sous-pr\u00e9fecture du VIGAN, 24 rue des Barris au VIGANdu jeudi 12 au mercredi 25 f\u00e9vrier 2026, de 10 h 00 \u00e0 16 h 00 en continu(non compris les dimanches de cete p\u00e9riode)le jeudi 26 f\u00e9vrier 2026 jusqu'\u00e0 18 h 00les samedis 14 et 21 f\u00e9vrier 2026 de 9h 00 \u00e0 11 h 00- pour le second tour de scrutin : \u00e0 la sous-pr\u00e9fecture du VIGAN, 24 rue des Barris au VIGANle lundi 16 mars 2026, de 14 h 00 \u00e0 17 h 00le mardi 17 mars 2026, de 9 h 00 \u00e0 11 h 30 et de 14 h 00 \u00e0 18 h OO.\nArticle 4 : les candidats qui le souhaitent pourront prendre rendez-vous sans que cela recouvreun caract\u00e8re obligatoire et sans que cela p\u00e9nalise l'accueil des candidats n'ayant pas utilis\u00e9cette facult\u00e9.Les rendez-vous seront pris \u00e0 compter du jeudi 29 janvier 2026 aux num\u00e9ros de t\u00e9l\u00e9phonesuivants:- 04 66 56 39 12 ou 04 66 56 39 13 pour la sous-pr\u00e9fecture d'ALES, de 8 h 00 \u00e0 11 h 30,- 04 66 36 41 74 ou 04 66 36 41 85 pour la pr\u00e9fecture du GARD, de 9h 00 \u00e0 11 h 30 et de 14 h 00 \u00e016 h 00,- 04 67 81 67 00 pour la sous-pr\u00e9fecture du VIGAN. de 9 h 00 \u00e0 11 h 30 et de 14 h 00 \u00e0 16 h 00.La prise de rendez-vous ne concernera que le premier tour de scrutin.\nArticle 5 : la d\u00e9claration de candidature est obligatoire pour tous les candidats, pour chaquetour de scrutin, quelle que soit la strate d\u00e9mographique de la commune ouils se pr\u00e9sentent.Les imprim\u00e9s CERFA \u00e0 utiliser pour constituer le dossier de candidature, ainsi que les m\u00e9mentos\u00e0 l'usage des candidats, sont disponibles sur le site internet www.gard.gouv.fr via les liens ci-dessous indiqu\u00e9s :- pour les communes de 1 000 habitants et plus :https://www.gard.gouv.fr/Demarches/Elections/Elections-municipales-2026/Espace-candidats/Candidatures-pour-les-communes-de-1000-habitants-et-plus\n2/3\nPrefecture du Gard - 30-2026-01-16-00006 - Arr\u00eat\u00e9 fixant les dates d'ouverture et de cl\u00f4ture des d\u00e9lais de d\u00e9p\u00f4t de candidature pour\nles \u00e9lections municipales et communautaires de 2026 39\n- pour les communes de moins de 1 000 habitants :https://www.gard.gouv.fr/Demarches/Elections/Elections-municipales-2026/Espace-candidats/Candidatures-communes-de-1000-habitants\nArticle 6 : les listes candidates doivent \u00eatre compos\u00e9es alternativement d'un candidat dechaque sexe au premier comme au second tour, qu'il s'agisse, pour toutes les communes de laliste des candidats au conseil municipal, ou de la liste des candidats au conseil communautairepour les seules communes de 1 000 habitants et plus.\nArticle 7 : le tirage au sort pour l'attribution des emplacements d'affichage aux listescandidates dans toutes les communes aura lieu le vendredi 27 f\u00e9vrier 2026 \u00e0 partir de 9 h 00:- a la sous-pr\u00e9fecture d'Al\u00e8s, 3 boulevard Louis Blanc \u00e0 ALES, pour les communes del'arrondissement d'ALES.- \u00e0 la pr\u00e9fecture du GARD, 1 rue Guillemette \u00e0 NIMES, pour les communes de l'arrondissementde NIMES,- \u00e0 la sous-pr\u00e9fecture du VIGAN, 24 rue des Barrris au VIGAN, pour les communes del'arrondissement du VIGAN.Une convocation pr\u00e9cisant l'horaire exact du tirage au sort sera remise aux candidats ou auxmandataires de listes lors de la d\u00e9livrance du re\u00e7u de d\u00e9p\u00f4t des candidatures.Article 8 : la d\u00e9claration de candidature indique express\u00e9ment les nom, pr\u00e9noms, sexe, date etlieu de naissance, domicile et profession du candidat et comporte sa signature. Elle est assortiedes documents officiels qui justifient qu'il satisfait aux conditions d'\u00e9ligibilit\u00e9 pr\u00e9vues par lecode \u00e9lectoral et notamment par les deux premiers alin\u00e9as de l'article L 228 et \u00e0 l'article LO 228-1 du code \u00e9lectoral. Chaque candidat appose \u00e0 la suite de sa signature la mention manuscrite deson consentement \u00e0 se porter candidat sur la liste.Le r\u00e9c\u00e9piss\u00e9 ne peut \u00eatre d\u00e9livr\u00e9 que si les conditions \u00e9num\u00e9r\u00e9es dans le code \u00e9lectoral etnotamment \u00e0 l'article L 228 du code \u00e9lectoral sont remplies et que si les documents officielspr\u00e9vus par le code \u00e9lectoral, notamment \u00e0 l'article pr\u00e9cit\u00e9 et aux articles R. 128 et R. 128-1,\u00e9tablissent que le candidat satisfait aux conditions d'\u00e9ligibilit\u00e9 pr\u00e9vues par la loi.En cas de refus de d\u00e9livrance du r\u00e9c\u00e9piss\u00e9, le candidat dispose de vingt-quatre heures poursaisir le tribunal administratif, qui statue en premier et dernier ressort dans les trois jours dud\u00e9p\u00f4t de la requ\u00eate.Faute pour le tribunal administratif d'avoir statu\u00e9 dans ce d\u00e9lai, le r\u00e9c\u00e9piss\u00e9 est d\u00e9livr\u00e9.Article 9 : - le secr\u00e9taire g\u00e9n\u00e9ral de la pr\u00e9fecture du Gard,- le sous-pr\u00e9fet d'Al\u00e9s,- la sous-pr\u00e9f\u00e8te du Vigansont charg\u00e9s, chacun en ce qui le concerne, de l'ex\u00e9cution du pr\u00e9sent arr\u00eat\u00e9 qui sera publi\u00e9 aurecueil des actes administratifs de la pr\u00e9fecture, ins\u00e9r\u00e9 sur le site internet de l'\u00c9tat dans le Gardet communiqu\u00e9 \u00e0 Mesdames et Messieurs les maires des communes du Gard.a Nimes, le { 6_JAN- 2026Lelpr\u00e9fet 7\" 3/3J\u00e9r\u00e4me BONET\nPrefecture du Gard - 30-2026-01-16-00006 - Arr\u00eat\u00e9 fixant les dates d'ouverture et de cl\u00f4ture des d\u00e9lais de d\u00e9p\u00f4t de candidature pour\nles \u00e9lections municipales et communautaires de 2026 40\nPrefecture du Gard\n30-2026-01-21-00005\nArr\u00eat\u00e9 N\u00b030-2026-01-21-00005\nportant interdiction des rassemblements festifs \u00e0\ncaract\u00e8re musical et interdiction de circulation\ndes poids lourds transportant du mat\u00e9riel de\nsons \u00e0 destination d'un rassemblement festif \u00e0\ncaract\u00e8re musical non autoris\u00e9 dans le\nd\u00e9partement du Gard\ndu vendredi 23 janvier au lundi 26 janvier 2026\nPrefecture du Gard - 30-2026-01-21-00005 - Arr\u00eat\u00e9 N\u00b030-2026-01-21-00005\nportant interdiction des rassemblements festifs \u00e0 caract\u00e8re musical et interdiction de circulation des poids lourds transportant du\nmat\u00e9riel de sons \u00e0 destination d'un rassemblement festif \u00e0 caract\u00e8re musical non autoris\u00e9 dans le d\u00e9partement du Gard\ndu vendredi 23 janvier au lundi 26 janvier 2026\n41\nCabinet= a Direction des s\u00e9curit\u00e9sDU GARD Service d'animation des politiques de s\u00e9curit\u00e9 int\u00e9rieureLibert\u00e9\u00c9galit\u00e9Fraternit\u00e9\nArr\u00eat\u00e9 N\u00b030-2026-01-portant interdiction des rassemblements festifs \u00e0 caract\u00e8re musical et interdiction decirculation des poids lourds transportant du mat\u00e9riel de sons \u00e0 destination d'unrassemblement festif \u00e0 caract\u00e8re musical non autoris\u00e9 dans le d\u00e9partement du Garddu vendredi 23 janvier au lundi 26 janvier 2026\nLe Pr\u00e9fet,Chevalier de la L\u00e9gion d'Honneur,Officier de l'Ordre National du M\u00e9rite,\nVu le Code de la s\u00e9curit\u00e9 int\u00e9rieure, notamment ses articles L.211-1, L.211-5 et suivants,L.211-15, R.211-2 et suivants et R.211-27 et suivants ;Vu le Code de la route ;Vu le Code de la voirie routi\u00e9re ;Vu le Code g\u00e9n\u00e9ral de collectivit\u00e9s territoriales, notamment son article L.2215-1 ;Vu le Code p\u00e9nal, notamment son article 431-9;Vu le d\u00e9cret n\u00b02025-723 du 30juillet 2025 modifiant le d\u00e9cret n\u00b02004-374 du 29 avril 2004modifi\u00e9 relatif aux pouvoirs des pr\u00e9fets \u00e0 l'organisation et \u00e0 l'action des services de l'\u00c9tatdans les r\u00e9gions et les d\u00e9partements ;Vu le d\u00e9cret du Pr\u00e9sident de la R\u00e9publique du 13 juillet 2023, nommantMonsieur J\u00e9r\u00f4me BONET, pr\u00e9fet du Gard;Vu l'arr\u00eat\u00e9 pr\u00e9fectoral n\u00b030-2024-10-18-00007 du 18 octobre 2024 donnant d\u00e9l\u00e9gation designature \u00e0 Monsieur Emile SOUMBO, sous-pr\u00e9fet de l'arrondissement d'Al\u00e8s ;Vu l'arr\u00eat\u00e9 pr\u00e9fectoral n\u00b030-2024-10-18-00008 du 18 octobre 2024 donnant d\u00e9l\u00e9gation designature a Madame Anne LEVASSEUR, sous-pr\u00e9f\u00e8te de l'arrondissement du Vigan; |Vu l'arr\u00eat\u00e9 pr\u00e9fectoral n\u00b030-2024-10-18-00009 du 18 octobre 2024 donnant d\u00e9l\u00e9gation designature \u00e0 Madame Marie-Charlotte EUVRARD, sous-pr\u00e9f\u00e8te, directrice de cabinet dupr\u00e9fet du Gard;Vu l'arr\u00eat\u00e9 pr\u00e9fectoral n\u00b030-2024-10-18-00005 du 18 octobre 2024 donnant d\u00e9l\u00e9gation designature \u00e0 Monsieur Yann GERARD, secr\u00e9taire g\u00e9n\u00e9ral de la pr\u00e9fecture du Gard, sous-pr\u00e9fet de l'arrondissement de N\u00eemes ;\nPrefecture du Gard - 30-2026-01-21-00005 - Arr\u00eat\u00e9 N\u00b030-2026-01-21-00005\nportant interdiction des rassemblements festifs \u00e0 caract\u00e8re musical et interdiction de circulation des poids lourds transportant du\nmat\u00e9riel de sons \u00e0 destination d'un rassemblement festif \u00e0 caract\u00e8re musical non autoris\u00e9 dans le d\u00e9partement du Gard\ndu vendredi 23 janvier au lundi 26 janvier 2026\n42\nVu l'arr\u00eat\u00e9 pr\u00e9fectoral n\u00b030-2024-10-18-00006 du 18 octobre 2024 donnant d\u00e9l\u00e9gation designature \u00e0 Monsieur Mathias NIEPS, sous-pr\u00e9fet, charg\u00e9 de mission aupr\u00e8s du pr\u00e9fet duGard, secr\u00e9taire g\u00e9n\u00e9ral adjoint de la pr\u00e9fecture du Gard;Vu l'arr\u00eat\u00e9 minist\u00e9riel du 16 avril 2021 relatif \u00e0 l'interdiction de circulation des v\u00e9hicules detransports de marchandises \u00e0 certaines p\u00e9riodes ;Vu l'instruction minist\u00e9rielle du 16 juillet 2021 relative aux mesures \u00e0 mettre en \u0153uvre dansle cas de rassemblements festifs de jeunes de type festivals (tout type de musique) ou derassemblements festifs de type free party;Vu l'arr\u00eat\u00e9 pr\u00e9fectoral du 31 ao\u00fbt 2012 relatif \u00e0 l'emploi du feu dans le d\u00e9partement duGard;Vu l'arr\u00eat\u00e9 pr\u00e9fectoral du 8 janvier 2013 relatif au d\u00e9broussaillement r\u00e9glementaire destin\u00e9\u00e0 diminuer l'intensit\u00e9 des incendies de for\u00eat et \u00e0 en limiter la propagation dans led\u00e9partement du Gard ;Consid\u00e9rant que selon les \u00e9l\u00e9ments d'informations disponibles, notamment lesinformations recueillies aupr\u00e8s des services de la Police Nationale, de la GendarmerieNationale, des rassemblements festifs a caract\u00e9re musical de type rave-party sontsusceptibles de regrouper plusieurs milliers de participants, sont a pr\u00e9voir dans led\u00e9partement du Gard ;Consid\u00e9rant que plusieurs rassemblements festifs a caract\u00e9re musical de type rave-party;teknival, multi-sons, se sont d\u00e9roul\u00e9s partout sur le territoire national et que, notammentdans le d\u00e9partement du Gard, 4 rassemblements ont \u00e9t\u00e9 recens\u00e9s en 2023 et1 en 2024 ;Consid\u00e9rant qu'un rassemblement musical ill\u00e9gal s'est tenu dans le d\u00e9partement du Garddu 19 au 22 avril 2025 r\u00e9unissant 3000 festivaliers, le risque qu'un tel \u00e9v\u00e9nement sereproduise sur le d\u00e9partement du Gard est par cons\u00e9quent av\u00e9r\u00e9 ;Consid\u00e9rant que des effectifs des forces de l'ordre ont \u00e9t\u00e9 pris \u00e0 partie et bless\u00e9s lors de laprise de contact avec les organisateurs du rassemblement ill\u00e9gal du 19 au 22 avril 2025 ;Consid\u00e9rant qu'un rassemblement musical ill\u00e9gal regroupant 10 000 personnes s'est tenudans le d\u00e9partement du Lot du 7 au 11 mai 2025;Consid\u00e9rant qu'un rassemblement musical ill\u00e9gal regroupant environ 200 personnes s'esttenu dans le d\u00e9partement de la Loz\u00e8re du 29 mai 2025 occasionnant des heurts avec lesagriculteurs, n\u00e9cessitant l'intervention des forces de l'ordre;Consid\u00e9rant qu'un rassemblement musical ill\u00e9gal regroupant environ 3000 personnes s'esttenu dans le d\u00e9partement de l'H\u00e9rault du 6 au 9 juin 2025 ;Consid\u00e9rant qu'un rassemblement musical ill\u00e9gal regroupant jusqu'\u00e0 12 000 personness'est tenu dans le d\u00e9partement de la Loz\u00e8re du 12 au 14 juillet 2025 ; qu'il a \u00e9t\u00e9 d\u00e9nombr\u00e953 bless\u00e9s l\u00e9gers, 41 personnes en urgence relative et une en urgence absolue;Consid\u00e9rant qu'un rassemblement musical ill\u00e9gal regroupant 1200 personnes s'est tenudans le d\u00e9partement de la Dr\u00f4me du 1\u00b0 au 4 ao\u00fbt 2025 dans un parc \u00e9olien, sur une zoneclass\u00e9e \u00ab zone naturelle d'int\u00e9r\u00eat \u00e9cologique, faunistique et floristique \u00bb ;\nPrefecture du Gard - 30-2026-01-21-00005 - Arr\u00eat\u00e9 N\u00b030-2026-01-21-00005\nportant interdiction des rassemblements festifs \u00e0 caract\u00e8re musical et interdiction de circulation des poids lourds transportant du\nmat\u00e9riel de sons \u00e0 destination d'un rassemblement festif \u00e0 caract\u00e8re musical non autoris\u00e9 dans le d\u00e9partement du Gard\ndu vendredi 23 janvier au lundi 26 janvier 2026\n43\nConsid\u00e9rant qu'un rassemblement musical ill\u00e9gal regroupant 2500 personnes s'est tenudans le d\u00e9partement de l'Aude du 29 au 31 ao\u00fbt 2025 dans sur une zone class\u00e9e \u00ab Natura2000 \u00bb, zone ayant subi des incendies en ao\u00fbt 2025 ;Consid\u00e9rant qu'un rassemblement musical ill\u00e9gal s'est tenu du 27 au 28 septembre 2025dans le d\u00e9partement de l'H\u00e9rault; \\Consid\u00e9rant qu'un rassemblement musical ill\u00e9gal s'est tenu du 11 au 12 octobre 2025 dansle d\u00e9partement de l'H\u00e9rault ;Consid\u00e9rant l'installation, au cours de la nuit du samedi 29 au dimanche 30 novembre2025, d'un rassemblement festif non autoris\u00e9 se tenant sur le site de la salle de spectacleL'Usine, situ\u00e9e sur le territoire de la commune d'Istres (Bouches-du-Rh\u00f4ne) et ayantentrain\u00e9 des blessures sur 9 fonctionnaires de police ;Consid\u00e9rant l'installation illicite sur un terrain priv\u00e9 dans la commune de Saint-Victor-la-Coste le 31 d\u00e9cembre 2025, qu'une cinquantaine de militaires ont \u00e9t\u00e9 mobilis\u00e9s pour fairecesser l'infraction ainsi que l'arriv\u00e9e de nouveaux festivaliers ;Consid\u00e9rant que sur les dates concern\u00e9es par l'\u00e9v\u00e9nement projet\u00e9, les forces de l'ordre etles services de secours seront particuli\u00e8rement mobilis\u00e9s sur des \u00e9v\u00e9nementsconcomitants, notamment :La soir\u00e9e DJ \u00e0 l'Urban Parc \u00e0 Al\u00e8s le 23 janvier,Urban Trail de Villeneuve-lez-Avignon, 5\u00b0\" \u00e9dition le 24 janvier,Salon du Manga \u00e0 Pont-Saint-Esprit le 24 janvier,Courir pour Tima\u00ebl \u00e0 Blauzac le 24 janvier,Chantier Participatif- 1000 Ombrelles \u00e0 Aubais le 24 janvier,Chantier participatif - Ferme Les Clos D'Uz\u00e9s \u00e0 Montaren-et-Saint-M\u00e9diers le 25janvier,16\u00b0\" Trail de Coutach \u00e0 Quissac le 25janvier,13\u00e8me VT'Truffes \u00e0 Uz\u00e8s le 25 janvier,Cross de Rousson le 25janvier,36\u00b0\"\u00b0 \u00e9dition de la F\u00eate de la Saint-Vincent \u00e0 Joncqui\u00e9res-Saint-Vincent le 25janvier,Concours de sauts d'obstacles \u00e0 M\u00e9jannes-le-Clap le 25janvier,Festival de la Biographie au Carr\u00e9 d'Art \u00e0 N\u00eemes du 23 au 25janvier,\u00c9quipe de France de VTT \u00e0 M\u00e9jannes-le-Clap du 23 au 25 janvier,Al\u00e8sTr\u00eam Xperience a Saint-Martin-de-Valgalgues du 24 au 25janvier,4\u00b0\" bourse aux min\u00e9raux, fossiles et m\u00e9t\u00e9orites \u00e0 Calvisson du 24 au 25janvier,Cr\u00e8che Proven\u00e7ale de No\u00ebl - 19** \u00e9dition du 3 au 25 janvier \u00e0 Comps,La s\u00e9curisation des lieux de culte au premier semestre 2026,ainsi que les f\u00eates traditionnelles sur l'ensemble du d\u00e9partement du Gard du 17 au 19janvier 2026 inclus ;Consid\u00e9rant qu'\u00e0 ce jour aucune manifestation de ce type n'a fait l'objet d'une d\u00e9clarationpr\u00e9alable en pr\u00e9fecture du Gard, telle que pr\u00e9vue par l'article L.211-5 et suivants du Codede la s\u00e9curit\u00e9 int\u00e9rieure, et qu'\u00e0 d\u00e9faut d'une telle d\u00e9claration, l'organisation d'unemanifestation non d\u00e9clar\u00e9e est un d\u00e9lit pr\u00e9vu par l'article 431-9 alin\u00e9a 1 du Code p\u00e9nal ;Consid\u00e9rant que l'absence d'un tel formalisme, en plus de pas \u00eatre conforme auxdispositions pr\u00e9cit\u00e9es, ne permet pas de conna\u00eetre le niveau de s\u00e9curit\u00e9 du rassemblementprojet\u00e9, ni les mesures envisag\u00e9es par l'organisateur pour garantir la s\u00e9curit\u00e9, la salubrit\u00e9,l'hygi\u00e8ne et la tranquillit\u00e9 publique des personnes ainsi que le respect du droit depropri\u00e9t\u00e9 pour le ou les terrains occup\u00e9s ;\nPrefecture du Gard - 30-2026-01-21-00005 - Arr\u00eat\u00e9 N\u00b030-2026-01-21-00005\nportant interdiction des rassemblements festifs \u00e0 caract\u00e8re musical et interdiction de circulation des poids lourds transportant du\nmat\u00e9riel de sons \u00e0 destination d'un rassemblement festif \u00e0 caract\u00e8re musical non autoris\u00e9 dans le d\u00e9partement du Gard\ndu vendredi 23 janvier au lundi 26 janvier 2026\n44\nConsid\u00e9rant qu'en l'absence de toute prise de contact pr\u00e9alable des organisateurs avec lesservices pr\u00e9fectoraux ou les collectivit\u00e9s territoriales concern\u00e9es, la missiond'accompagnement des organisateurs du rassemblement projet\u00e9, conduite par les servicesde l'\u00c9tat et pr\u00e9vue par instruction du 16juillet 2021, n'a pu \u00eatre mise en \u0153uvre ;Consid\u00e9rant les risques de troubles graves \u00e0 l'ordre public, \u00e0 la s\u00fbret\u00e9, \u00e0 la s\u00e9curit\u00e9 et \u00e0 lasalubrit\u00e9 publique que pr\u00e9senterait le d\u00e9roulement d'un rassemblement d\u00e9pourvu d'unservice d'ordre et d'un dispositif sanitaire, et auquel pourraient participer plusieurs milliersde personnes dans un lieu non am\u00e9nag\u00e9 pour recevoir ce type de rassemblement et n'afait l'objet d'aucune organisation pr\u00e9alable coordonn\u00e9e ;Consid\u00e9rant la n\u00e9cessit\u00e9 de pr\u00e9venir les risques de troubles \u00e0 l'ordre public et que lesmoyens appropri\u00e9s de lutte contre l'incendie et de secours aux personnes, ainsi qu'enmati\u00e8re de s\u00e9curit\u00e9 sanitaire et routi\u00e8re ne sont pas r\u00e9unis dans le cadre durassemblement projet\u00e9 ;Consid\u00e9rant que le regroupement de plus de 500 personnes dans des rassemblements nond\u00e9clar\u00e9s repr\u00e9sente un risque grave pour la s\u00e9curit\u00e9 des participants et qu'il y a lieu deprendre toutes les mesures n\u00e9cessaires ;Consid\u00e9rant que dans ces circonstances, de tels rassemblements sont de nature \u00e0provoquer des troubles s\u00e9rieux \u00e0 l'ordre public et \u00e0 la tranquillit\u00e9 publique et qu'il y a lieude prendre toutes les mesures n\u00e9cessaires ;Consid\u00e9rant la posture du plan VIGIPIRATE \u00e0 son stade maximal \u00ab Urgence attentat \u00bb surl'ensemble du territoire applicable depuis le 7 mai 2024, r\u00e9\u00e9valu\u00e9e le 5 janvier 2026 enraison du conflit au Proche-Orient, laissant craindre une forme de polarisation pouvantengendrer des cons\u00e9quences sur le territoire national, notamment de possibles troubles \u00e0l'ordre public et actions cibl\u00e9es contre certaines communaut\u00e9s, leurs b\u00e2timents etrepr\u00e9sentants symboliques; que par cons\u00e9quent les forces de s\u00e9curit\u00e9 sont fortementmobilis\u00e9es;Consid\u00e9rant que les forces de s\u00e9curit\u00e9 ainsi que les moyens de secours ne pourront faireface en termes de moyens, a de telles manifestations susceptibles de s'installer sansautorisation pr\u00e9alable en divers points du d\u00e9partement;Consid\u00e9rant l'urgence \u00e0 pr\u00e9venir ces atteintes et \u00e0 assurer la s\u00e9curit\u00e9 des personnes et desbiens;\nSur proposition de Madame la directrice de cabinet du pr\u00e9fet de Gard:\nARR\u00caTE\nArticle 1 - La tenue des rassemblements festifs \u00e0 caract\u00e8re musical r\u00e9pondant \u00e0l'ensemble des caract\u00e9ristiques \u00e9nonc\u00e9s \u00e0 l'article R.211-2 du Code de s\u00e9curit\u00e9 int\u00e9rieure,autres que ceux l\u00e9galement d\u00e9clar\u00e9s et autoris\u00e9s, est interdite sur l'ensemble dud\u00e9partement du Gard du vendredi 23 janvier 2026 \u00e0 08h00 au lundi 26 janvier 2026 \u00e008h00.Article 2 - La circulation des v\u00e9hicules transportant du mat\u00e9riel susceptible d'\u00eatre utilis\u00e9pour un rassemblement festif non autoris\u00e9 est interdite durant la m\u00eame p\u00e9riode.\nPrefecture du Gard - 30-2026-01-21-00005 - Arr\u00eat\u00e9 N\u00b030-2026-01-21-00005\nportant interdiction des rassemblements festifs \u00e0 caract\u00e8re musical et interdiction de circulation des poids lourds transportant du\nmat\u00e9riel de sons \u00e0 destination d'un rassemblement festif \u00e0 caract\u00e8re musical non autoris\u00e9 dans le d\u00e9partement du Gard\ndu vendredi 23 janvier au lundi 26 janvier 2026\n45\nArticle 3 - Toute infraction au pr\u00e9sent arr\u00eat\u00e9 est passible de sanctions pr\u00e9vues par le Codep\u00e9nal et par les dispositions des articles L.211-15, R.211-30 du Code de la s\u00e9curit\u00e9 int\u00e9rieureet peut donner lieu notamment \u00e0 la saisie du mat\u00e9riel en vue de sa confiscation par letribunal.Article 4 - Le pr\u00e9sent arr\u00eat\u00e9 pr\u00e9fectoral entre en vigueur \u00e0 compter de sa publication aurecueil des actes administratifs de la pr\u00e9fecture du Gard. Il est publi\u00e9 sur le site internet etles r\u00e9seaux sociaux de la pr\u00e9fecture pour l'information du public.Article 5 - Le pr\u00e9sent arr\u00eat\u00e9 peut faire l'objet d'un recours gracieux aupr\u00e8s de Monsieur lepr\u00e9fet du Gard (Pr\u00e9fecture du Gard 30045 Nimes Cedex 9), d'un recours hi\u00e9rarchiqueadress\u00e9 a Monsieur le ministre de l'Int\u00e9rieur place Beauvau 75008 Paris ou d'un recourscontentieux devant le tribunal administratif de N\u00eemes, dans un d\u00e9lai de deux mois suivantsa publication. Le tribunal administratif peut aussi \u00eatre saisi par l'application informatique\u00abTelerecours Citoyens\u00bb accessible par le site internet www.telerecours.fr.Article 6 - Madame la directrice de cabinet du pr\u00e9fet du Gard, Madame la sous-pr\u00e9f\u00e8te del'arrondissement du Vigan, Monsieur le sous-pr\u00e9fet de l'arrondissement d'Al\u00e8s, Monsieur lesecr\u00e9taire g\u00e9n\u00e9ral de la pr\u00e9fecture du Gard, Monsieur le secr\u00e9taire g\u00e9n\u00e9ral adjoint de lapr\u00e9fecture du Gard, Monsieur le Colonel, commandant le groupement de gendarmeried\u00e9partementale du Gard, Monsieur le directeur interd\u00e9partemental de la police nationaledu Gard, Monsieur le directeur interd\u00e9partemental de la police nationale du Vaucluse,Monsieur le directeur interd\u00e9partemental de la police nationale des Bouches du Rh\u00f4nesont charg\u00e9s, chacun en ce qui les concerne, de l'ex\u00e9cution du pr\u00e9sent arr\u00eat\u00e9.Nimes, le.1 2 1 IALe RFE Etre. Jan. 2026_ la sous-pr\u00e9f\u00e8tDirectice de ca\u00ffnetRS Chan SEUVRARD\nPrefecture du Gard - 30-2026-01-21-00005 - Arr\u00eat\u00e9 N\u00b030-2026-01-21-00005\nportant interdiction des rassemblements festifs \u00e0 caract\u00e8re musical et interdiction de circulation des poids lourds transportant du\nmat\u00e9riel de sons \u00e0 destination d'un rassemblement festif \u00e0 caract\u00e8re musical non autoris\u00e9 dans le d\u00e9partement du Gard\ndu vendredi 23 janvier au lundi 26 janvier 2026\n46\n: =\u00bb 7 L 7 = <= a Te. f Py La= i sum : pFa ot tay k mu, \u00e0 1 un En \u00e0 ES ti = If Poet sal \"to \"1 - + Si peli + :7 a  \u2014 x = . oe \u2014  _! - a. 37 evr er M3 _ > JT. is 4 if ah un DM oe re 4 3 pue ty Jor esr Tests i \u00e0 iterLA \u00eb\nnl. ote es RE en oe ah hour a - TETE pin A sx = ie = sf ce is = irs | i. a .y \u00a9 ' DE Teg 1 al a2iinat: +! bre 4 : is ni SAS \u00c0 ms rw is teh EF oF 7 2,\nET\n+ ee = = mS 2 . CU = = ==. - : i =, Le J =\\, 23 \"e ht T \u00e0, DL SIT AUX 1 => fag oS Le dt re ? LR 3 gi ESS | a \u00c0 ja te} oe TF 4\u00ab . = i oo cy =e Ba a\" ..... = en = ae = a Cl 4x = 8pS. eS at Ty Tie Nr. TPE SET D Les et ACT En me To Pe ne Fl Se, Py US 2l\u00e9\nar SEs OE MATE a. Fa\nou\nSoy S480 Byte bt ce RSS css iim\"7 TM a ERP 4 Wi ret Tas i h re, EE _ 7 ial \u00a5 gay! fy F we) 15 Pan =fae i so, nsasos Hat iSsanid 'gi 164atsl\u00e8ra-euce siSn BOsie 4MSCQHAAY US iohsn D. aneM |\nMe THESES yl - a shina\ntf\nGe sue 355\niniN\u00c9E \u00c9UR\u00c9AI 24LU no?\u00bb Le.UT rs] L \u00a349 2 Lars)nt! +L a ea oie\n=, +A Pleo Lite\na a | = sad 7 : '| 1 =: 7 \") \u2014. jn = il para ~\"Li \u2014 ou .\n= (5-7 Fe. , | er. ot Shs: de, 7 pe +he ete + \u00a9 far he tai oS rosy a, PhS pee4 su *! I b= 3 lu J th les\nE m 5 i i= TOG 7 \"NT a ee yee UF j AY =a 3 aid TS Iso Lt SUIS A ga\" ns ayiT \u00c0\n1 \u00bb : : : Lu oe : fos eon me oo 7 7 -e dt) eG pt eee fps Re oat Pith at int mer is Mes]teat SPsa A 1 Es\u00e0'\nPrefecture du Gard - 30-2026-01-21-00005 - Arr\u00eat\u00e9 N\u00b030-2026-01-21-00005\nportant interdiction des rassemblements festifs \u00e0 caract\u00e8re musical et interdiction de circulation des poids lourds transportant du\nmat\u00e9riel de sons \u00e0 destination d'un rassemblement festif \u00e0 caract\u00e8re musical non autoris\u00e9 dans le d\u00e9partement du Gard\ndu vendredi 23 janvier au lundi 26 janvier 2026\n47\nSous Pr\u00e9fecture d'Al\u00e8s\n30-2026-01-14-00009\nAP 2026-02 du 14 janvier portant ouverture\nd'une consultation du public sur la demande\nd'enregistrement d\u00e9pos\u00e9e par la soci\u00e9t\u00e9\nC\u00e9vennes B\u00fbches relative \u00e0 un projet d'unit\u00e9 de\ntravail du bois sur le territoire des communes\nd'Al\u00e8s et Saint-Martin-de-Valgalgues\nSous Pr\u00e9fecture d'Al\u00e8s - 30-2026-01-14-00009 - AP 2026-02 du 14 janvier portant ouverture d'une consultation du public sur la\ndemande d'enregistrement d\u00e9pos\u00e9e par la soci\u00e9t\u00e9 C\u00e9vennes B\u00fbches relative \u00e0 un projet d'unit\u00e9 de travail du bois sur le territoire des\ncommunes d'Al\u00e8s et Saint-Martin-de-Valgalgues\n48\nPREFET Sous-pr\u00e9fecture d'Al\u00e9sa  Bureau de l'environnement\u00c9galit\u00e9 et des polices administrativesFraternit\u00e9\nArr\u00eat\u00e9 N\u00b0 2026-02 du 14 janvier 2026portant ouverture d'une consultation du publicsur la demande d'enregistrement d\u00e9pos\u00e9e par la soci\u00e9t\u00e9 C\u00e9vennes Bichesrelative \u00e0 un projet d'unit\u00e9 de travail du boissur le territoire des communes d'Al\u00e8s et Saint-Martin-de-Valgalgues\nLe pr\u00e9fet du GardChevalier de la L\u00e9gion d'honneur,Officier de l'ordre national du M\u00e9rite\nVu le code de l'environnement, notamment les articles L512-7 et L512-7-7 et R 512-46-1 \u00e0 R512-46-30;Vu l'arr\u00eat\u00e9 pr\u00e9fectoral 30-2024-10-18-00007 du 18 octobre 2024 donnant d\u00e9l\u00e9gation designature \u00e0 M.Emile SOUMBO, sous-pr\u00e9fet de l'arrondissement d'Al\u00e9s ;Vu la demande d'enregistrement d\u00e9pos\u00e9e en sous-pr\u00e9fecture par la soci\u00e9t\u00e9 C\u00e9vennes Bichesdont le si\u00e8ge social est situ\u00e9 3 rue de Lajudie, 30100 Al\u00e8s, concernant une unit\u00e9 de travail dubois sur le territoire des communes d'Al\u00e8s et Saint-Martin-de-Valgalgues pour l'activit\u00e9r\u00e9pertori\u00e9e dans la nomenclature des installations class\u00e9es pour la protection del'environnement (ICPE), sous la rubrique n\u00b0 2410 ; |Vu le dossier d\u00e9pos\u00e9 \u00e0 l'appui de cette demande ;Vu le rapport de recevabilit\u00e9 \u00e9tabli par l'inspecteur des installations class\u00e9es ;Consid\u00e9rant que l'activit\u00e9 rel\u00e8ve du r\u00e9gime de l'enregistrement ;Sur proposition du sous-pr\u00e9fet d'Al\u00e8s ;\nArr\u00eate :Article 1: Pendant quatre semaines, du 10 f\u00e9vrier 2026 au 10 mars 2026 inclus, il seraproc\u00e9d\u00e9, dans la commune d'Al\u00e8s, \u00e0 la consultation du public, dans les formes prescrites parl'article R 512-46-13 du code de l'environnement susvis\u00e9, sur la demande d'enregistrementpr\u00e9sent\u00e9e par la soci\u00e9t\u00e9 C\u00e9vennes B\u00fcches concernant une unit\u00e9 de travail du bois qui serasitu\u00e9 sur le territoire de cette commune.Le pr\u00e9fet du Gard est l'autorit\u00e9 comp\u00e9tente pour prendre par arr\u00eat\u00e9 la d\u00e9cision relative \u00e0 lademande susvis\u00e9e.Article 2 : Le public pourra prendre connaissance du dossier de demande d'enregistrementdans les mairies d'Al\u00e8s, Saint-Martin-de-Valgalgues et Cendras pendant la dur\u00e9e de laconsultation du public, aux heures habituelles d'ouverture des mairies.Article 3: Durant cette p\u00e9riode, le public pourra formuler des observations sur un registreouvert \u00e0 cet effet dans les mairies concern\u00e9es.Sous-pr\u00e9fecture d'Al\u00e9s - 3 boulevard Louis Blanc - CS 20905 - 30107 Al\u00e8s C\u00e9dexT\u00e9l : 04 66 56 39 39 - www.gard.gouv.fr\nSous Pr\u00e9fecture d'Al\u00e8s - 30-2026-01-14-00009 - AP 2026-02 du 14 janvier portant ouverture d'une consultation du public sur la\ndemande d'enregistrement d\u00e9pos\u00e9e par la soci\u00e9t\u00e9 C\u00e9vennes B\u00fbches relative \u00e0 un projet d'unit\u00e9 de travail du bois sur le territoire des\ncommunes d'Al\u00e8s et Saint-Martin-de-Valgalgues\n49\nCes observations peuvent \u00e9galement \u00eatre adress\u00e9es par voie postale \u00e0 monsieur le sous-pr\u00e9fet d'Al\u00e9s (p\u00f4le environnement et risques boulevard Louis Blanc, BP 80339, 30107 Al\u00e8sCedex) ou par voie \u00e9lectronique ( sp-ales-per@gard.gouv.fr ). Ces observations doivent \u00e9tretransmises avant la fin du d\u00e9lai de la consultation du public.Article 4 : Quinze jours au moins avant le d\u00e9but de la consultation du public et durant toutecelle-ci, un avis au public sera affich\u00e9 en mairie par les soins des maires des communes d'Al\u00e8s,de Saint-Martin-de-Valgalgues, de Cendras, concern\u00e9e par les risques et inconv\u00e9nients dontl'\u00e9tablissement peut \u00eatre la source ou dont une partie du territoire est comprise dans unrayon d'un kilom\u00e8tre autour du p\u00e9rim\u00e8tre de l'installation concern\u00e9e. L'accomplissement decet affichage est certifi\u00e9 par le maire de chaque commune o\u00f9 il a lieu.Cet avis, qui devra \u00eatre publi\u00e9 en caract\u00e8res apparents, pr\u00e9cisera la nature de l'installationprojet\u00e9e et l'emplacement sur lequel elle doit \u00eatre r\u00e9alis\u00e9e, le lieu, les jours et horaires o\u00f9 lepublic pourra prendre connaissance du dossier, formuler ses observations sur un registreouvert \u00e0 cet effet et adresser toute correspondance.Il indiquera \u00e9galement l'autorit\u00e9 comp\u00e9tente pour prendre la d\u00e9cision d'enregistrement etpr\u00e9cisera que l'installation peut faire l'objet d'un arr\u00eat\u00e9 pr\u00e9fectoral d'enregistrement,\u00e9ventuellement assorti de prescriptions particuli\u00e8res compl\u00e9mentaires aux prescriptionsg\u00e9n\u00e9rales fix\u00e9es par arr\u00eat\u00e9 minist\u00e9riel, ou d'un arr\u00eat\u00e9 pr\u00e9fectoral de refus.Le m\u00eame avis ainsi que la demande de l'exploitant, sont publi\u00e9s sur le site internet de lapr\u00e9fecture du Gard dans les m\u00eames conditions de d\u00e9lais que celles pr\u00e9vues pour l'affichage(www.gard.gouv.fr).L'avis sera \u00e9galement publi\u00e9 quinze jours avant le d\u00e9but de la consultation par les soins dupr\u00e9fet et aux frais du demandeur dans deux journaux locaux ou r\u00e9gionaux diffus\u00e9s dans led\u00e9partement.Article 5 : Le registre sera mis a disposition du public dans les mairies d'Al\u00e9s, de Saint-Martin-de-Valgalgues et de Cendras d\u00e9s le premier jour de la consultation.A l'issue du d\u00e9lai de consultation du public, les registres seront clos par les maires d'Al\u00e8s,Saint-Martin-de-Valgalgues, Cendras et adress\u00e9 au sous-pr\u00e9fet d'Al\u00e8s qui y annexera lesobservations qui lui auront \u00e9t\u00e9 adress\u00e9es.Article 6 : Les conseils municipaux des communes d'Al\u00e8s, Saint-Martin-de-Valgalgues,Cendras, seront appel\u00e9s \u00e0 donner leur avis sur cette demande. Ne pourront \u00eatre pris enconsid\u00e9ration que les avis exprim\u00e9s et communiqu\u00e9s dans les quinze jours suivant la fin de laconsultation, soit au plus tard le 25 mars 2026.Article 7 : Conform\u00e9ment \u00e0 l'article L. 514-6 du code de l'environnement, la pr\u00e9sente d\u00e9cisionest soumise \u00e0 un contentieux de pleine juridiction. Elle peut \u00eatre d\u00e9f\u00e9r\u00e9e \u00e0 la juridictionadministrative comp\u00e9tente, le tribunal administratif de N\u00eemes, dans les d\u00e9lais pr\u00e9vus \u00e0l'article R. 514-3-1 du m\u00eame code par voie postale ou par l'application T\u00e9l\u00e9recours citoyensaccessible \u00e0 partir du site www.telerecours.fr :1\u00b0 par l'exploitant, dans un d\u00e9lai de deux mois \u00e0 compter du jour de notification du pr\u00e9sentarr\u00eat\u00e9;2\u00b0 par les tiers int\u00e9ress\u00e9s en raison des inconv\u00e9nients ou des dangers pour les int\u00e9r\u00eatsmentionn\u00e9s \u00e0 l'article L. 181-3, dans un d\u00e9lai de quatre mois \u00e0 compter de :a) l'affichage en mairie dans les conditions pr\u00e9vues au 2\u00b0 de l'article R. 181-44 ;b) la publication de la d\u00e9cision sur le site internet de la pr\u00e9fecture.\nSous Pr\u00e9fecture d'Al\u00e8s - 30-2026-01-14-00009 - AP 2026-02 du 14 janvier portant ouverture d'une consultation du public sur la\ndemande d'enregistrement d\u00e9pos\u00e9e par la soci\u00e9t\u00e9 C\u00e9vennes B\u00fbches relative \u00e0 un projet d'unit\u00e9 de travail du bois sur le territoire des\ncommunes d'Al\u00e8s et Saint-Martin-de-Valgalgues\n50\nLe d\u00e9lai court \u00e0 compter de la derni\u00e8re formalit\u00e9 accomplie. Si l'affichage constitue cettederni\u00e8re formalit\u00e9, le d\u00e9lai court \u00e0 compter du premier jour d'affichage de la d\u00e9cision.Les d\u00e9cisions mentionn\u00e9es au premier alin\u00e9a peuvent faire l'objet d'un recours gracieux ouhi\u00e9rarchique dans le d\u00e9lai de deux mois. Ce recours administratif prolonge de deux mois lesd\u00e9lais mentionn\u00e9s aux 1\u00b0 et 2\u00b0.Article 8 : Le sous-pr\u00e9fet d'Al\u00e9s, le directeur r\u00e9gional de l'environnement, de l'am\u00e9nagementet du logement Occitanie, les maires des communes d'Al\u00e8s, Saint-Martin-de-Valgalgues etCendras sont charg\u00e9s, chacun en ce qui le concerne, de l'ex\u00e9cution du pr\u00e9sent arr\u00eat\u00e9 qui serains\u00e9r\u00e9 au recueil des actes administratifs et notifi\u00e9 au demandeur.\nSous Pr\u00e9fecture d'Al\u00e8s - 30-2026-01-14-00009 - AP 2026-02 du 14 janvier portant ouverture d'une consultation du public sur la\ndemande d'enregistrement d\u00e9pos\u00e9e par la soci\u00e9t\u00e9 C\u00e9vennes B\u00fbches relative \u00e0 un projet d'unit\u00e9 de travail du bois sur le territoire des\ncommunes d'Al\u00e8s et Saint-Martin-de-Valgalgues\n51","date":"2026-01-21","first_seen_on":"2026-01-21T17:22:17+00:00","id":"a06537253108d0730d6e1c293bab577a20769e4b0323a105e4fe9e52e5dde4f9","name":"recueil-30-2026-010-special du 21 01 2026","pdf_creation_date":"2026-01-21T15:20:38+00:00","pdf_modification_date":null,"timezone":"Europe/Paris","url":"https://www.gard.gouv.fr/contenu/telechargement/66614/489973/file/recueil-30-2026-010-special%20du%2021%2001%202026.pdf"}
