{"administration":"prefidf","administration_name":"Pr\u00e9fecture de la r\u00e9gion \u00cele-de-France","content":"PREFECTURE\nREGION ILE DE\nFRANCE\nRECUEIL DES ACTES\nADMINISTRATIFS SP\u00c9CIAL\nN\u00b0IDF-028-2025-12\nPUBLI\u00c9 LE 10 D\u00c9CEMBRE 2025\nSommaire\nDirection r\u00e9gionale et interd\u00e9partementale de l'\u00e9conomie, de l'emploi,\ndu travail et des solidarit\u00e9s d'\u00cele-de-France / secr\u00e9tariat de direction\nIDF-2025-12-10-00006 - Arr\u00eat\u00e9 n\u00b0 2025-254 du 10 d\u00e9cembre\n2025\nPortant subd\u00e9l\u00e9gation de signature en mati\u00e8re\nd'ordonnancement secondaire des recettes et des d\u00e9penses de\nl'\u00c9tat aux agents de la DRIEETS d'\u00cele-de-France (15 pages) Page 3\nIDF-2025-12-10-00004 - D\u00c9CISION n\u00b0 2025-250 du 10 d\u00e9cembre\n2025\nPortant subd\u00e9l\u00e9gation de signature de Monsieur Fabrice Masi,\ndirecteur r\u00e9gional et\ninterd\u00e9partemental de l'\u00e9conomie, de\nl'emploi, du travail et des solidarit\u00e9s d'\u00cele-de-France,\naux agents\nde l'unit\u00e9 r\u00e9gionale (7 pages) Page 19\nIDF-2025-12-10-00005 - D\u00c9CISION n\u00b0 2025-253 du 10 d\u00e9cembre\n2025\nPortant subd\u00e9l\u00e9gation de signature de Monsieur Fabrice Masi,\nDirecteur r\u00e9gional et interd\u00e9partemental de l'\u00c9conomie, de\nl'Emploi, du Travail et des Solidarit\u00e9s d'\u00cele-de-France, aux agents\nde l'unit\u00e9 r\u00e9gionale (7 pages) Page 27\n2\nDirection r\u00e9gionale et interd\u00e9partementale de\nl'\u00e9conomie, de l'emploi, du travail et des\nsolidarit\u00e9s d'\u00cele-de-France\nIDF-2025-12-10-00006\nArr\u00eat\u00e9 n\u00b0 2025-254 du 10 d\u00e9cembre 2025\nPortant subd\u00e9l\u00e9gation de signature en mati\u00e8re\nd'ordonnancement secondaire des recettes et\ndes d\u00e9penses de l'\u00c9tat aux agents de la DRIEETS\nd'\u00cele-de-France\nDirection r\u00e9gionale et interd\u00e9partementale de l'\u00e9conomie, de l'emploi, du travail et des solidarit\u00e9s d'\u00cele-de-France -\nIDF-2025-12-10-00006 - Arr\u00eat\u00e9 n\u00b0 2025-254 du 10 d\u00e9cembre 2025\nPortant subd\u00e9l\u00e9gation de signature en mati\u00e8re d'ordonnancement secondaire des recettes et des d\u00e9penses de l'\u00c9tat aux agents de la\nDRIEETS d'\u00cele-de-France\n3\nPREFET |DE LA REGIOND'\u00ceLE-DE-FRANCELibert\u00e9Egalit\u00e9Fraternit\u00e9\n Direction r\u00e9gionale et interd\u00e9partementale \nde l'\u00e9conomie, de l'emploi, du travail  \net des solidarit\u00e9s d'\u00cele-de-France  \n \n \nDRIEETS d'Ile de France \n21 rue Madeleine Vionnet \n93300 AUBERVILLIERS \n \n \n \nArr\u00eat\u00e9 n\u00b0 2025-254 du 10 d\u00e9cembre 2025 \n \nPortant subd\u00e9l\u00e9gation de signature en mati\u00e8re d'ordonnancement secondaire des recettes et des \nd\u00e9penses de l'\u00c9tat aux agents de la DRIEETS d'\u00cele-de-France \n \nLE PR\u00c9FET DE LA R\u00c9GION D'\u00ceLE-DE-FRANCE \nPR\u00c9FET DE PARIS \nGRAND OFFICIER DE LA L\u00c9GION D'HONNEUR \nOFFICIER DE L'ORDRE NATIONAL DU M\u00c9RITE \n \n \nVU le code de la commande publique ;  \n \nVU la loi organique n\u00b0 2001-692 du 1er ao\u00fbt 2001 modifi\u00e9e relative aux lois de finances ;  \n \nVU la loi du 4 juillet 1837 modifi\u00e9e relative aux poids et mesures ;  \n \nVU l'ordonnance n\u00b02020-921 du 29 juillet 2020 portant diverses mesures d'accompagnement des salari\u00e9s \ndans le cadre de la fermeture des centrales \u00e0 charbon, notant son article 19 ; \n \nVU le d\u00e9cret n\u00b0 98 -81 du 11 f\u00e9vrier 1998 modifi\u00e9, modifiant la loi n\u00b0 68 -1250 du 31 d\u00e9cembre 1968, et \nrelatif aux d\u00e9cisions prises par l'\u00c9tat en mati\u00e8re de prescription quadriennale ;  \n \nVU le d\u00e9cret n\u00b0 2004-374 du 29 avril 2004 modifi\u00e9 par le d\u00e9cret n\u00b0 2010-146 du 16 f\u00e9vrier 2010, relatif aux \npouvoir des pr\u00e9fets, \u00e0 l'organisation et \u00e0 l'action des services de l'\u00c9tat dans les r\u00e9gions et les \nd\u00e9partements ;  \n \nVU le d\u00e9cret n\u00b02020 -139 du 19 f\u00e9vrier 2020 modifi\u00e9 modifiant certaines dispositions relatives \u00e0 la \npr\u00e9fecture de la r\u00e9gion d'Ile de France, pr\u00e9fecture de Paris ;  \n \nVU le d\u00e9cret n\u00b0 2010-687 du 24 juin 2010 modifi\u00e9 relatif \u00e0 l'organisation et aux missions des services de \nl'\u00c9tat dans la r\u00e9gion et les d\u00e9partements d'\u00cele-de-France ;  \n \nVU le d\u00e9cret n\u00b0 2012 -1246 du 7 novembre 2012 modifi\u00e9 relatif \u00e0 la gestion budg\u00e9taire et comptable \npublique et autorisant diverses exp\u00e9rimentations ;  \n \nVU le d\u00e9cret n\u00b0 2015-510 du 7 mai 2015 modifi\u00e9 portant charte de la d\u00e9concentration ;  \n \nVU le d\u00e9cret n\u00b0 2019-1594 du 31 d\u00e9cembre 2019 modifi\u00e9 relatif aux emplois de direction de l'\u00c9tat ;  \n \nVU le d\u00e9cret n\u00b02020 -1545 du 9 d\u00e9cembre 2020 modifi\u00e9 relatif \u00e0 l'organisation et aux missions des \ndirections r\u00e9gionales de l'\u00e9conomie, de l'emploi, du travail et des solidarit\u00e9s, des directions \nd\u00e9partementales de l'emploi, du travail et des solidarit\u00e9s et des directions d\u00e9partementales de l'emploi, \ndu travail, des solidarit\u00e9s et de la protection des populations ;  \n \nDirection r\u00e9gionale et interd\u00e9partementale de l'\u00e9conomie, de l'emploi, du travail et des solidarit\u00e9s d'\u00cele-de-France -\nIDF-2025-12-10-00006 - Arr\u00eat\u00e9 n\u00b0 2025-254 du 10 d\u00e9cembre 2025\nPortant subd\u00e9l\u00e9gation de signature en mati\u00e8re d'ordonnancement secondaire des recettes et des d\u00e9penses de l'\u00c9tat aux agents de la\nDRIEETS d'\u00cele-de-France\n4\n \n2 / 15 \nVU le d\u00e9cret n\u00b0 2021-297 du 18 mars 2021 relatif aux conditions d'application de l'ordonnance n\u00b0 2020 -\n921 du 29 juillet 2020 portant diverses mesures d'accompagnement des salari\u00e9s dans le cadre de la \nfermeture des centrales \u00e0 charbon, notant ses articles 21 \u00e0 24 ; \n \nVU le d\u00e9cret du 22 juillet 2020 portant nomination de Monsieur Marc GUILLAUME en qualit\u00e9 de pr\u00e9fet \nde la r\u00e9gion d'\u00cele-de-France, pr\u00e9fet de Paris ;  \n \nVU l'arr\u00eat\u00e9 minist\u00e9riel du 20 avril 2020 relatif au r\u00e9gime des allocations pour la diversit\u00e9 dans la fonction \npublique ; \n \nVU l'arr\u00eat\u00e9 interminist\u00e9riel du 12 ao\u00fbt  2025 nommant Fabrice MASI  directeur r\u00e9gional et \ninterd\u00e9partemental de l'\u00e9conomie, de l'emploi, du travail et des solidarit\u00e9s d'\u00cele-de-France \u00e0 compter du \n25 ao\u00fbt 2025 ; \n \nVU l'arr\u00eat\u00e9 pr\u00e9fectoral n\u00b0 75-2021-03-30-00003 du 30 mars 2021 portant organisation de la direction \nr\u00e9gionale et interd\u00e9partementale de l'\u00e9conomie, de l'emploi, du travail, et des solidarit\u00e9s d'\u00cele -de-\nFrance ;  \n \nVU l'arr\u00eat\u00e9 pr\u00e9fectoral  n\u00b0IDF-2025-08-27-00003 du 27 ao\u00fbt 2025 p ortant d\u00e9l\u00e9gation de signature \u00e0 M. \nFabrice MASI , directeur r\u00e9gional et interd\u00e9partemental de l'\u00e9conomie, de l'emploi, du travail et des \nsolidarit\u00e9s d'\u00cele-de-France, en mati\u00e8re d'ordonnancement secondaire au titre de ses responsabilit\u00e9s de \nniveau r\u00e9gional ; \n \nVU l'arr\u00eat\u00e9 pr\u00e9fectoral n\u00b0 n\u00b0 75-2025-08-27-00003 du 27/08/2025 po rtant d\u00e9l\u00e9gation de signature \u00e0 M. \nFabrice MASI , directeur r\u00e9gional et interd\u00e9partemental de l'\u00e9conomie, de l'emploi, du travail et des \nsolidarit\u00e9s d'\u00cele-de-France, en mati\u00e8re d'ordonnancement secondaire au titre du d\u00e9partement de Paris ; \n \nVU l'arr\u00eat\u00e9 pr\u00e9fectoral n\u00b0 2025-34 du 22 ao\u00fbt 2025 du pr\u00e9fet des Hauts-de-Seine, portant d\u00e9l\u00e9gation de \nsignature \u00e0 M. Fabrice MASI, directeur r\u00e9gional et interd\u00e9partemental de l'\u00e9conomie, de l'emploi, du \ntravail et des solidarit\u00e9s d'\u00cele -de-France, en mati\u00e8re d'ordonnancement secondaire au titre du \nd\u00e9partement des Hauts-de-Seine ; \n \nVU l'arr\u00eat\u00e9 pr\u00e9fectoral n\u00b0 2025-3389 du 29 ao\u00fbt 2025 du pr\u00e9fet de Seine-Saint-Denis, portant d\u00e9l\u00e9gation \nde signature \u00e0 M. Fabrice MASI, directeur r\u00e9gional et interd\u00e9partemental de l'\u00e9conomie, de l'emploi, du \ntravail et des solidarit\u00e9s d'\u00cele -de-France, en mati\u00e8re d'ordonnancement secondaire au titre du \nd\u00e9partement de la Seine-Saint-Denis ; \n \nVU l'arr\u00eat\u00e9 pr\u00e9fectoral n\u00b0 2025/03345 du 25 ao\u00fbt 2025 du pr\u00e9fet du Val-de-Marne, portant d\u00e9l\u00e9gation \nde signature \u00e0 M. Fabrice MASI, directeur r\u00e9gional et interd\u00e9partemental de l'\u00e9conomie, de l'emploi, du \ntravail et des solidarit\u00e9s d'\u00cele -de-France, en mati\u00e8re d'ordonnancement secondaire au titre du \nd\u00e9partement du Val-de-Marne ;  \n \n \n \n \n \n \n \n \n \n \n \n \nDirection r\u00e9gionale et interd\u00e9partementale de l'\u00e9conomie, de l'emploi, du travail et des solidarit\u00e9s d'\u00cele-de-France -\nIDF-2025-12-10-00006 - Arr\u00eat\u00e9 n\u00b0 2025-254 du 10 d\u00e9cembre 2025\nPortant subd\u00e9l\u00e9gation de signature en mati\u00e8re d'ordonnancement secondaire des recettes et des d\u00e9penses de l'\u00c9tat aux agents de la\nDRIEETS d'\u00cele-de-France\n5\n \n3 / 15 \nARR\u00caTE \n \nSECTION 1 \u2013 SUBD\u00c9L\u00c9GATION DE SIGNATURE AUX AGENTS DE L'UNIT\u00c9 R\u00c9GIONALE  \n \nARTICLE 1 : Fabrice MASI en qualit\u00e9 de responsable de budget op\u00e9rationnel de programme d\u00e9l\u00e9gu\u00e9, \ndonne subd\u00e9l\u00e9gation de signature \u00e0 :  \n \n\u27a2 Evelyne LE-GALL, cheffe de la mission du pilotage budg\u00e9taire r\u00e9gional ; \n\u27a2 Pierre-Hadrien JANNES, gestionnaire budg\u00e9taire ; \n\u27a2 C\u00e9cile BARCELO, responsable coordination cellule programmation du p\u00f4le Emploi, \u00c9conomie, \nSolidarit\u00e9s \n\u27a2 Camille AUBRIEL, adjointe \u00e0 la responsable coordination cellule programmation du p\u00f4le Emploi, \n\u00c9conomie, Solidarit\u00e9s \n \nPour recevoir et mettre \u00e0 disposition des services responsables d'unit\u00e9s op\u00e9rationnelles les cr\u00e9dits des \nbudgets op\u00e9rationnels des programmes r\u00e9gionaux suivants :  \n \n\u27a2 102 \u00ab Acc\u00e8s et retour \u00e0 l'emploi \u00bb ;  \n\u27a2 103 \u00ab Accompagnement des mutations \u00e9conomiques et d\u00e9veloppement de l'emploi \u00bb ;  \n\u27a2 104 \u00ab Int\u00e9gration et acc\u00e8s \u00e0 la nationalit\u00e9 fran\u00e7aise \u00bb - actions 12 et 16 ; \n\u27a2 177 \u00ab H\u00e9bergement, parcours vers le logement et insertion des personnes vuln\u00e9rables \u00bb - actions \n11 et 12 ;  \n\u27a2 304 \u00ab Inclusion sociale et protection des personnes \u00bb.  \n \nPour proc\u00e9der \u00e0 des r\u00e9allocations en  cours d'exercice budg\u00e9taire entre les services charg\u00e9s de \nl'ex\u00e9cution de la d\u00e9pense au titre des budgets des programmes cit\u00e9s, ci-dessus.  \n \nARTICLE 2  : Subd\u00e9l\u00e9gation de signature est donn\u00e9e sous la forme d'une habilitation \u00e0 valider dans \nl'application financi\u00e8re CHORUS, les op\u00e9rations d'ordonnancement secondaire et les actes de gestion \nen qualit\u00e9 de service prescripteur pour les recettes et les d\u00e9penses de l'\u00c9tat, aux agents d\u00e9sign\u00e9s ci-apr\u00e8s \n:  \n \n- Au titre des programmes vis\u00e9s \u00e0 l'article 4 \n\u27a2 Evelyne LE-GALL, cheffe de la mission du pilotage budg\u00e9taire r\u00e9gional ; \n\u27a2 Pierre-Hadrien JANNES, gestionnaire budg\u00e9taire. \n \n- Au titre des cr\u00e9dits communautaires vis\u00e9s \u00e0 l'article 10 \n\u27a2 R\u00e9gis WAJSBROT, chef du d\u00e9partement du Fonds social europ\u00e9en \u00e0 compter du 1 er septembre \n2025  \n\u27a2 Yannick YAO, chef du service gestion financi\u00e8re et m\u00e9thodes ; \n\u27a2 Arthur POTOT, adjoint au chef du service Gestion financi\u00e8re et m\u00e9thodes ; \n\u27a2 Nathalie EMIDOF, responsable de la cellule financi\u00e8re ; \n\u27a2 Jeanie FAIRFORT, gestionnaire financier ; \n\u27a2 Sylvie GUEZODJE, gestionnaire financier. \n \nARTICLE 3 : Subd\u00e9l\u00e9gation de signature est donn\u00e9e \u00e0 Evelyne LE GALL, cheffe de la mission du pilotage \nbudg\u00e9taire r\u00e9gional, \u00e0 l'effet de signer tous actes budg\u00e9taires et comptables ou pi\u00e8ces dans le p\u00e9rim\u00e8tre \nde la mission du pilotage budg\u00e9taire r\u00e9gional. \n \nARTICLE 4  : En cas d'absence ou d'emp\u00eachement de Fabrice MASI , directeur r\u00e9gional et \ninterd\u00e9partemental de l'\u00e9conomie, de l'emploi, du travail et des solidarit\u00e9s d'\u00cele -de-France, \nsubd\u00e9l\u00e9gation de signature est donn\u00e9e \u00e0 :  \n \nDirection r\u00e9gionale et interd\u00e9partementale de l'\u00e9conomie, de l'emploi, du travail et des solidarit\u00e9s d'\u00cele-de-France -\nIDF-2025-12-10-00006 - Arr\u00eat\u00e9 n\u00b0 2025-254 du 10 d\u00e9cembre 2025\nPortant subd\u00e9l\u00e9gation de signature en mati\u00e8re d'ordonnancement secondaire des recettes et des d\u00e9penses de l'\u00c9tat aux agents de la\nDRIEETS d'\u00cele-de-France\n6\n \n4 / 15 \n\u27a2 M\u00e9lanie CACHET, directrice de cabinet ; \n\u27a2 Jean-Fran\u00e7ois DALVAI, responsable du p\u00f4le politique du travail (p\u00f4le T)  \n\u27a2 Murielle LIZZI, responsable du p\u00f4le concurrence, consommation, r\u00e9pression des fraudes et \nm\u00e9trologie l\u00e9gale (p\u00f4le C) ; \n\u27a2 Alexandre MARTINET, directeur r\u00e9gional adjoint, charg\u00e9 des fonctions de directeur r\u00e9gional \nd\u00e9l\u00e9gu\u00e9 ; \n\u27a2 Marc ROHFRITSCH, responsable du p\u00f4le \u00e9conomie, emploi et solidarit\u00e9s (p\u00f4le EES) \n\u00e0 l'effet de signer, tous actes budg\u00e9taires et comptables, arr\u00eat\u00e9s, d\u00e9cisions, pi\u00e8ces ou conventions, y \ncompris les prescriptions quadriennales, pour proc\u00e9der \u00e0 l'ordonnancement secondaire des d\u00e9penses \net des recettes de l'\u00c9tat dans le cadre des programmes suivants :  \n \n\u27a2 102 \u00ab Acc\u00e8s et retour \u00e0 l'emploi \u00bb,  \n\u27a2 103 \u00ab Accompagnement des mutations \u00e9conomiques et d\u00e9veloppement de l'emploi \u00bb,  \n\u27a2 104 \u00ab Int\u00e9gration et acc\u00e8s \u00e0 la nationalit\u00e9 fran\u00e7aise \u00bb actions 12 et 16,  \n\u27a2 111 \u00ab Am\u00e9lioration de la qualit\u00e9 de l'emploi et des relations du travail \u00bb, \n\u27a2 134 \u00ab D\u00e9veloppement des entreprises et de l'emploi \u00bb,  \n\u27a2 148 \u00ab Fonction publique \u00bb, \n\u27a2 155 \u00ab Soutien des minist\u00e8res sociaux \u00bb,  \n\u27a2 157 \u00ab Handicap et d\u00e9pendance \u00bb,  \n\u27a2 174 \u00ab Energie, climat et apr\u00e8s mines \u00bb action 1 \u00ab Politique de l'\u00e9nergie \u00bb  \n\u27a2 177 \u00ab H\u00e9bergement, parcours vers le logement et insertion des personnes vuln\u00e9rables \u00bb - actions \n11 et 12,  \n\u27a2 304 \u00ab Inclusion sociale et protection des personnes \u00bb, \n\u27a2 305 \u00ab Strat\u00e9gies \u00e9conomiques \u00bb,  \n\u27a2 354 \u00ab Administration territoriale de l'\u00c9tat \u00bb  \n\u27a2 362 \u00ab \u00c9cologie \u00bb,  \n\u27a2 363 \u00ab Comp\u00e9titivit\u00e9 \u00bb,  \n\u27a2 723 \u00ab Op\u00e9rations immobili\u00e8res et entretiens des b\u00e2timents de l'\u00c9tat \u00bb.  \n \n \nCABINET \n \nARTICLE 5 : En cas d'absence ou d'emp\u00eachement de Fabrice MASI et de M\u00e9lanie CACHET, subd\u00e9l\u00e9gation \nde signature est donn\u00e9e \u00e0 :  \n \n\u27a2 Laurence GR\u00c8ZE, cheffe du service communication ; \n\u27a2 David HOYRUP, chef du service - \u00c9tudes, statistiques et \u00e9valuation \n\u00e0 l'effet de signer, dans la limite de leurs attributions, tous arr\u00eat\u00e9s, d\u00e9cisions, pi\u00e8ces ou conventions pour \nproc\u00e9der \u00e0 l'ordonnancement secondaire des d\u00e9penses et recettes de l'\u00c9tat, dans le cadre des \nprogrammes suivants :  \n \n- 155 \u00ab Soutien des minist\u00e8res sociaux \u00bb,  \n- 354 \u00ab Administration territoriale de l'\u00c9tat \u00bb,  \n \nToute d\u00e9pense sup\u00e9rieure \u00e0 400 000 euros pour le  dernier programme cit\u00e9 devra faire l'objet d'un visa \npr\u00e9alable du Pr\u00e9fet de la r\u00e9gion d'\u00cele-de-France.  \n \n \n \n \n \n \n \nDirection r\u00e9gionale et interd\u00e9partementale de l'\u00e9conomie, de l'emploi, du travail et des solidarit\u00e9s d'\u00cele-de-France -\nIDF-2025-12-10-00006 - Arr\u00eat\u00e9 n\u00b0 2025-254 du 10 d\u00e9cembre 2025\nPortant subd\u00e9l\u00e9gation de signature en mati\u00e8re d'ordonnancement secondaire des recettes et des d\u00e9penses de l'\u00c9tat aux agents de la\nDRIEETS d'\u00cele-de-France\n7\n \n5 / 15 \nP\u00d4LE APPUI AUX M\u00c9TIERS  \n \nARTICLE 6 : En cas d'absence ou d'e mp\u00eachement de Fabrice MASI  et d 'Alexandre MARTINET , \nsubd\u00e9l\u00e9gation de signature est donn\u00e9e \u00e0 :  \n \n\u27a2 Anne SCANDELLA, secr\u00e9taire g\u00e9n\u00e9rale ; \n\u27a2 Hae-Ok PYUN, secr\u00e9taire g\u00e9n\u00e9rale adjointe ; \n\u27a2 Freddy FRAN\u00c7OISE, chef du service des syst\u00e8mes d'information et de communication ; \n\u27a2 Guilhem GOUBERT, adjoint au chef du service des syst\u00e8mes d'information et de communication ; \n\u27a2 Jacky HAZIZA, chef du service interd\u00e9partemental des conseils m\u00e9dicaux ; \n\u27a2 Zahira MONJOIN, adjointe au chef du service interd\u00e9partemental des conseils m\u00e9dicaux ; \n\u27a2 Marika DEMORTIER, cheffe du service pilotage des ressources humaines  ; \n\u27a2 Yasmina REDOUANE, adjointe \u00e0 la cheffe du service pilotage des ressources humaines ;  \n\u27a2 Patricia D\u00c9SERT, adjointe \u00e0 la cheffe du service pilotage des ressources humaines ;  \n\u27a2 B\u00e9atrice JEAN-MARIE, cheffe du service pr\u00e9vention et qualit\u00e9 de vie au travail  \n\u00e0 l'effet de signer, dans la limite de leurs attributions, tous arr\u00eat\u00e9s, d\u00e9cisions, pi\u00e8ces ou conventions pour \nproc\u00e9der \u00e0 l'ordonnancement secondaire des d\u00e9penses et recettes de l'\u00c9tat, dans le cadre des \nprogrammes suivants :  \n \n- 155 \u00ab Soutien des minist\u00e8res sociaux \u00bb,  \n- 354 \u00ab Administration territoriale de l'\u00c9tat \u00bb,  \n- 362 \u00ab \u00c9cologie \u00bb,  \n- 363 \u00ab Comp\u00e9titivit\u00e9 \u00bb,  \n- 723 \u00ab Op\u00e9rations immobili\u00e8res et entretiens des b\u00e2timents de l'\u00c9tat \u00bb.  \n \nToute d\u00e9pense sup\u00e9rieure \u00e0 400 000 euros pour les quatre derniers programmes cit\u00e9s devra faire l'objet \nd'un visa pr\u00e9alable du pr\u00e9fet de la r\u00e9gion d'\u00cele-de-France. \n \n \nP\u00d4LE \u00c9CONOMIE, EMPLOI ET SOLIDARIT\u00c9S \n \nARTICLE 7  : En cas d'absence ou d'emp\u00eachement de Fabrice MASI, Directeur r\u00e9gional et \ninterd\u00e9partemental de l'\u00e9conomie, de l'emploi, du travail et des solidarit\u00e9s d'\u00cele -de-France, et de Marc \nROHFRITSCH, d\u00e9l\u00e9gation de signature est donn\u00e9e \u00e0 :  \n \n\u27a2 Erwan SAMYN, adjoint au responsable du p\u00f4le EES  \n \n\u00e0 l'effet de signer, dans la limite des attributions du p\u00f4le, tous arr\u00eat\u00e9s, d\u00e9cisions, pi\u00e8ces ou conventions, \ny compris ceux relatifs \u00e0 la prescription quadriennale pour proc\u00e9der \u00e0 l'ordonnancement secondaire des \nd\u00e9penses et recettes de l'\u00c9tat dans le cadre des programmes suivants :  \n \n- 102 \u00ab Acc\u00e8s et retour \u00e0 l'emploi \u00bb,  \n- 103 \u00ab Accompagnement des mutations \u00e9conomiques et d\u00e9veloppement de l'emploi \u00bb,  \n- 104 \u00ab Int\u00e9gration et acc\u00e8s \u00e0 la nationalit\u00e9 fran\u00e7aise \u00bb actions 12 et 16,  \n- 148 \u00ab Fonction publique \u00bb,  \n- 155 \u00ab Soutien des minist\u00e8res sociaux \u00bb, action 7 \u2013 FSE,  \n- 174 \u00ab \u00c9nergie, climat et apr\u00e8s mines \u00bb - Action 1 : \u00ab Politique de l'\u00e9nergie \u00bb,  \n- 177 \u00ab H\u00e9bergement, parcours vers le logement et insertion des personnes vuln\u00e9rables \u00bb actions \n11 et 12,  \n- 183 \u00ab Protection maladie \u00bb,  \n- 304 \u00ab Inclusion sociale et protection des personnes \u00bb,  \n- 305 \u00ab Strat\u00e9gies \u00e9conomiques \u00bb,  \n- 354 \u00ab Administration territoriale de l'\u00c9tat (uniquement carte mobilit\u00e9 insertion).  \nDirection r\u00e9gionale et interd\u00e9partementale de l'\u00e9conomie, de l'emploi, du travail et des solidarit\u00e9s d'\u00cele-de-France -\nIDF-2025-12-10-00006 - Arr\u00eat\u00e9 n\u00b0 2025-254 du 10 d\u00e9cembre 2025\nPortant subd\u00e9l\u00e9gation de signature en mati\u00e8re d'ordonnancement secondaire des recettes et des d\u00e9penses de l'\u00c9tat aux agents de la\nDRIEETS d'\u00cele-de-France\n8\n \n6 / 15 \n \nARTICLE 8 : En cas d'absence ou d'emp\u00eachement  de Fabrice MASI, de Marc ROHFRITSCH et  d'Erwan \nSAMYN, d\u00e9l\u00e9gation de signature est donn\u00e9e \u00e0 :  \n \n\u27a2 Emmanuel BEZY, chef du d\u00e9partement solidarit\u00e9s et emploi ; \n\u27a2 Manon NGUYEN VAN MAI, cheffe du d\u00e9partement entreprises jusqu'au 05 septembre 2025 ; \n\u27a2 Geoffrey HOUPERT, chef du d\u00e9partement entreprises \u00e0 partir ; \n\u27a2 Cl\u00e9ment MAYOT, adjoint au chef du d\u00e9partement entreprises ; \n\u27a2 Isabelle ANTOINE, cheffe du d\u00e9partement certifications ; \n \n\u00e0 l'effet de signer, dans la limite de leurs attributions, tous arr\u00eat\u00e9s, d\u00e9cisions, pi\u00e8ces ou conventions pour \nproc\u00e9der \u00e0 l'ordonnancement secondaire des d\u00e9penses et recettes de l'\u00c9tat dans le cadre des \nprogrammes cit\u00e9s \u00e0 l'article 7. \n \n \nARTICLE 9 : En cas d'absence ou d'emp\u00eachement des personnes mentionn\u00e9es \u00e0 l'article 8, subd\u00e9l\u00e9gation \nde signature est donn\u00e9e \u00e0 :  \n \n\u27a2 Jean MENJON, adjoint au chef du d\u00e9partement solidarit\u00e9s et emploi ; \n\u27a2 S\u00e9bastien AGOT, chef du service protection et insertion des jeunes ; \n\u27a2 David ANGLARET, chef du service d\u00e9veloppement des comp\u00e9tences ; \n\u27a2 Laurent SANDERS, chef du service des professions param\u00e9dicales ; \n\u27a2 Adrien EHLINGER, chef du service des professions sociales ; \n\u27a2 Catherine GWET, cheffe du service des titres ; \n\u27a2 Mathilde MANDONNET, cheffe du service protection et insertion des majeurs ; \n\u27a2 Julien GALLOIS, adjoint \u00e0 la cheffe du service protection et insertion des majeurs \n\u00e0 l'effet de signer, dans la limite de leurs attributions, tous arr\u00eat\u00e9s, d\u00e9cisions, pi\u00e8ces ou conventions pour \nproc\u00e9der \u00e0 l'ordonnancement secondaire des d\u00e9penses et recettes de l'\u00c9tat dans le cadre des \nprogrammes cit\u00e9s \u00e0 l'article 7.  \n \nARTICLE 10 : En cas d'absence ou d'emp\u00eachement de Fabrice MASI , Directeur r\u00e9gional et \ninterd\u00e9partemental de l'\u00e9conomie, de l'emploi, du travail et des solidarit\u00e9s d'\u00cele -de-France, \nsubd\u00e9l\u00e9gation est donn\u00e9e \u00e0 :  \n \n\u27a2 Marc ROHFRITSCH, responsable du p\u00f4le EES ; \n\u27a2 Erwan SAMYN, adjoint au responsable du p\u00f4le EES ; \n\u00e0 l'effet de signer, dans la limite de leurs attributions, tous actes budg\u00e9taires et comptables, arr\u00eat\u00e9s, \nd\u00e9cisions, pi\u00e8ces ou conventions y compris ceux relatifs \u00e0 la prescription quadriennale, pour proc\u00e9der \u00e0 \nl'ordonnancement des recettes et des d\u00e9penses relatives aux cr\u00e9dits communautaires du \u00ab Fonds social \neurop\u00e9en \u00bb (FSE), du \u00ab Fonds social europ\u00e9en plus \u00bb (FSE+) et de \u00abl'Initiative pour l'emploi des jeunes \u00bb \n(IEJ) et au programme 155, action 7 (FSE). \n \nARTICLE 1 1 : En cas d'absence ou d'emp\u00eachement des personnes mentionn\u00e9es \u00e0 l'article 10, \nsubd\u00e9l\u00e9gation est donn\u00e9e \u00e0 : \n \n\u27a2 R\u00e9gis WAJSBROT, chef du d\u00e9partement du Fonds social europ\u00e9en ; \n\u27a2 Liana CAMARUT, cheffe du service programmation et organismes interm\u00e9diaires ; \n\u27a2 Emilie REUGE, cheffe du service projets r\u00e9gionaux ; \n\u27a2 Yannick YAO, chef du service gestion financi\u00e8re et m\u00e9thodes \n\u00e0 l'effet de signer, dans la limite de leurs attributions, tous actes budg\u00e9taires et comptables, arr\u00eat\u00e9s, \nd\u00e9cisions, pi\u00e8ces ou conventions pour proc\u00e9der \u00e0 l'ordonnancement des recettes et des d\u00e9penses \nrelatives aux cr\u00e9dits c ommunautaires du \u00ab Fonds social  europ\u00e9en \u00bb (FSE) , du \u00ab  Fonds social europ\u00e9en \nplus \u00bb (FSE+) et de \u00abl'initiative pour l'emploi des jeunes \u00bb (IEJ) et au programme 155, action 7 (FSE).  \nDirection r\u00e9gionale et interd\u00e9partementale de l'\u00e9conomie, de l'emploi, du travail et des solidarit\u00e9s d'\u00cele-de-France -\nIDF-2025-12-10-00006 - Arr\u00eat\u00e9 n\u00b0 2025-254 du 10 d\u00e9cembre 2025\nPortant subd\u00e9l\u00e9gation de signature en mati\u00e8re d'ordonnancement secondaire des recettes et des d\u00e9penses de l'\u00c9tat aux agents de la\nDRIEETS d'\u00cele-de-France\n9\n \n7 / 15 \n \n \nP\u00d4LE CONCURRENCE, CONSOMMATION, R\u00c9PRESSION DES FRAUDES ET M\u00c9TROLOGIE L\u00c9GALE  \n \nARTICLE 12 : En cas d'absence ou d'emp\u00eachement de Fabrice MASI et de Murielle LIZZI, subd\u00e9l\u00e9gation \nde signature est donn\u00e9e \u00e0 : \n \n\u27a2 Aur\u00e9lie LEHOUCK, cheffe du service Pilotage ; \n\u27a2 Micha\u00ebl DELHAIE, chef de service Appui aux r\u00e9seaux ; \n\u27a2 Aur\u00e9lien NICOT, chef de la brigade interr\u00e9gionale d'enqu\u00eates concurrence (BIEC) et de la \ncommande publique (CP) ; \n\u27a2 Marion VIRUEGA, cheffe de la Brigade des relations interentreprises (BRIE) ;  \n\u27a2 Philippe RICHARD, charg\u00e9 de mission ; \n\u27a2 Nathalie CAUVIN, cheffe du service M\u00e9trologie l\u00e9gale \n\u00e0 l'effet de signer, dans la limite de leurs attributions, tous arr\u00eat\u00e9s, d\u00e9cisions, pi\u00e8ces ou conventions pour \nproc\u00e9der \u00e0 l'ordonnancement secondaire des d\u00e9penses et recettes de l'\u00c9tat, du programme 134 \u00ab \nD\u00e9veloppement des entreprises et de l'emploi \u00bb, relevant de la comp\u00e9tence du P\u00f4le C.  \n \n \nP\u00d4LE TRAVAIL \n \nARTICLE 1 3 : En cas d'absence ou d'emp\u00eachement de Fabrice MASI  et de Jean -Fran\u00e7ois DALVAI , \nsubd\u00e9l\u00e9gation de signature est donn\u00e9e \u00e0 :  \n \n\u27a2 Dominique-Anne MICHEL, adjointe du responsable du p\u00f4le T \n\u27a2 Jean-No\u00ebl PONZEVERA, adjoint du responsable du p\u00f4le T \n\u00e0 l'effet de signer, dans la limite de leurs attributions, tous arr\u00eat\u00e9s, d\u00e9cisions, pi\u00e8ces ou conventions, y \ncompris ceux relatifs \u00e0 la prescription quadriennale, pour proc\u00e9der \u00e0 l'ordonnancement des d\u00e9penses \net des recettes de l'\u00c9tat dans le cadre du programme 111 \u00abAm\u00e9lioration de la qualit\u00e9 de l'emploi et des \nrelations du travail \u00bb.  \n \nARTICLE 1 4 : En cas d'absence ou d'emp\u00eachement des personnes mentionn\u00e9es \u00e0 l'article 1 3, \nsubd\u00e9l\u00e9gation est donn\u00e9e \u00e0 :  \n \n\u27a2 Guy LEBON, chef du service relations du travail  \n\u27a2 Kathia BRANDT, cheffe du service 2ARM \n\u00e0 l'effet de signer, dans la limite de ses attributions, tous actes, arr\u00eat\u00e9s, d\u00e9cisions, pi\u00e8ces ou conventions \npour proc\u00e9der \u00e0 l'ordonnancement secondaire des d\u00e9penses et des recettes de l'\u00c9tat, dans le cadre du \nprogramme indiqu\u00e9 \u00e0 l'article 13. \n \n  \nDirection r\u00e9gionale et interd\u00e9partementale de l'\u00e9conomie, de l'emploi, du travail et des solidarit\u00e9s d'\u00cele-de-France -\nIDF-2025-12-10-00006 - Arr\u00eat\u00e9 n\u00b0 2025-254 du 10 d\u00e9cembre 2025\nPortant subd\u00e9l\u00e9gation de signature en mati\u00e8re d'ordonnancement secondaire des recettes et des d\u00e9penses de l'\u00c9tat aux agents de la\nDRIEETS d'\u00cele-de-France\n10\n \n8 / 15 \nSECTION 2 \u2013 SUBD\u00c9L\u00c9GATION DE SIGNATURE AUX AGENTS DES UNIT\u00c9S D\u00c9PARTEMENTALES  \n \nARTICLE 15 : Subd\u00e9l\u00e9gation de signature est donn\u00e9e \u00e0 l'effet de signer, dans la limite de leurs attributions \ntous actes, arr\u00eat\u00e9s, d\u00e9cisions, pi\u00e8ces ou conventions, y compris ceux relatifs \u00e0 la prescription \nquadriennale pour proc\u00e9der \u00e0 l'ordonnancement secondaire des d\u00e9penses et des recettes de l'\u00c9tat dans \nle cadre des programmes suivants : 102, 103, 111, 104, 157, 177 , 304, 305, et 354 (uniquement carte \nmobilit\u00e9 insertion) \u00e0 :  \n \n\u27a2 Riad BOUHAFS, directeur de l'unit\u00e9 d\u00e9partementale de Paris, pour le territoire de Paris ; \n\u27a2 Azadeh AKRAMI-CASTANON, directrice de l'unit\u00e9 d\u00e9partementale des Hauts-de-Seine, pour le \nterritoire des Hauts-de-Seine ; \n\u27a2 David SOUBRI\u00c9, directeur de l'unit\u00e9 d\u00e9partementale de la Seine-Saint-Denis, pour le territoire de \nSeine-Saint-Denis ; \n\u27a2 Didier TILLET, directeur de l'unit\u00e9 d\u00e9partementale du Val-de-Marne, pour le territoire du Val-de-\nMarne. \n \n \nUNIT\u00c9 D\u00c9PARTEMENTALE DE PARIS \n \nARTICLE 16 : En cas d'absence ou d'emp\u00eachement de Riad BOUHAFS, subd\u00e9l\u00e9gation est donn\u00e9e \u00e0  : \n\u27a2 Martine BAUDOIN, directrice adjointe de l'unit\u00e9 d\u00e9partementale \n\u00e0 l'effet de signer, dans la limite des attributions de l'unit\u00e9 d\u00e9partementale de Paris, tous actes, arr\u00eat\u00e9s, \nd\u00e9cisions, pi\u00e8ces ou conventions, pour proc\u00e9der \u00e0 l'ordonnancement secondaire des d\u00e9penses et des \nrecettes de l'\u00c9tat dans le cadre des programmes indiqu\u00e9s \u00e0 l'article 15. \n \nARTICLE 17 : Subd\u00e9l\u00e9gation de signature est donn\u00e9e sous la forme d'une habilitation \u00e0 valider dans \nl'application financi\u00e8re chorus, les op\u00e9rations d'ordonnancement secondaire et les actes de gestion en \nqualit\u00e9 de service prescripteur pour les recettes et les d\u00e9penses de l'\u00c9tat, aux agents d\u00e9sign\u00e9s ci-apr\u00e8s : \n \n\u27a2 Rapha\u00ebl BUZULIER, chef du service de l'activit\u00e9 partielle au sein du d\u00e9partement \naccompagnement des entreprises ; \n\u27a2 Eric REMERAND, chef du service protection au sein du d\u00e9partement protection et insertion des \nadultes ; \n\u27a2 Sylviane DUNAJSKA, gestionnaire budg\u00e9taire et comptable. \n \n \nP\u00d4LE EMPLOI SOLIDARIT\u00c9S \n \nARTICLE 18 : En cas d'ab sence ou d'emp\u00eachement de Riad BOUHAFS  et de Martine BAUDOIN , \nsubd\u00e9l\u00e9gation est donn\u00e9e \u00e0 :  \n \n\u27a2 Marie MARCENA, cheffe du p\u00f4le entreprises, emploi et solidarit\u00e9s \n\u27a2 V\u00e9ronique DELARUE, adjointe \u00e0 la cheffe du p\u00f4le entreprises, emploi et solidarit\u00e9s, cheffe de la \nmission animation territoriale \n\u00e0 l'effet de signer, dans la limite de ses attributions, tous actes, arr\u00eat\u00e9s, d\u00e9cisions, pi\u00e8ces ou conventions \npour proc\u00e9der \u00e0 l'ordonnancement secondaire des d\u00e9penses et des recettes de l'\u00c9tat dans le cadre des \nprogrammes indiqu\u00e9s \u00e0 l'article 15.  \n \nARTICLE 1 9 : En cas d'absence ou d'emp\u00eachement des personnes mentionn\u00e9es \u00e0 l'article  18, \nsubd\u00e9l\u00e9gation est donn\u00e9e \u00e0 :  \n \n\u27a2 Jean-Philippe DEVOUCOUX, chef du d\u00e9partement accompagnement des entreprises ; \n\u27a2 Patricia RENUCCI, chef du d\u00e9partement protection et insertion des jeunes ; \nDirection r\u00e9gionale et interd\u00e9partementale de l'\u00e9conomie, de l'emploi, du travail et des solidarit\u00e9s d'\u00cele-de-France -\nIDF-2025-12-10-00006 - Arr\u00eat\u00e9 n\u00b0 2025-254 du 10 d\u00e9cembre 2025\nPortant subd\u00e9l\u00e9gation de signature en mati\u00e8re d'ordonnancement secondaire des recettes et des d\u00e9penses de l'\u00c9tat aux agents de la\nDRIEETS d'\u00cele-de-France\n11\n \n9 / 15 \n\u27a2 Corinne ROUXEL, chef du d\u00e9partement protection et insertion des adultes  \n\u00e0 l'effet de signer, dans la limite de leurs attributions, tous actes, arr\u00eat\u00e9s, d\u00e9cisions, pi\u00e8ces ou \nconventions pour proc\u00e9der \u00e0 l'ordonnancement secondaire des d\u00e9penses et des recettes de l'\u00c9tat dans \nle cadre des programmes indiqu\u00e9s \u00e0 l'article 15.  \n \n \nP\u00d4LE TRAVAIL \n \nARTICLE 20 : En cas d'absence ou d'emp\u00eachement de Riad BOUHAFS  et de Martine BAUDOIN , \nsubd\u00e9l\u00e9gation est donn\u00e9e \u00e0 :  \n \n\u27a2 Herv\u00e9 LEGRAND, chef du p\u00f4le politiques du travail \n\u00e0 l'effet de signer, dans la limite de ses attributions, tous actes, arr\u00eat\u00e9s, d\u00e9cisions, pi\u00e8ces ou conventions \npour proc\u00e9der \u00e0 l'ordonnancement secondaire des d\u00e9penses et des recettes de l'\u00c9tat dans le cadre, des \nprogrammes indiqu\u00e9s \u00e0 l'article 15.  \n \nARTICLE 2 1 : En cas d'absence ou d'emp\u00eachement des personnes mentionn\u00e9es \u00e0 l'article 20, \nsubd\u00e9l\u00e9gation est donn\u00e9e \u00e0 :  \n \n\u27a2 Niklas VASSEUX, adjoint au chef du p\u00f4le politiques du travail, responsable, par int\u00e9rim, du \nd\u00e9partement d'appui au syst\u00e8me d'inspection du travail ; \n\u27a2 Catherine BARRAS, directrice de secteur nord des services de l'inspection du travail  ; \n\u27a2 M\u00e9linda MARONE, directrice de secteur sud des services de l'inspection du travail  ; \n\u00e0 l'effet de signer, dans la limite de leurs attributions, tous actes, arr\u00eat\u00e9s, d\u00e9cisions, pi\u00e8ces ou \nconventions pour proc\u00e9der \u00e0 l'ordonnancement secondaire des d\u00e9penses et des recettes de l'\u00c9tat dans \nle cadre, des programmes indiqu\u00e9s \u00e0 l'article 15.  \n \n \nUNIT\u00c9 D\u00c9PARTEMENTALE DES HAUTS-DE-SEINE \n \nARTICLE 22 : En cas d'absence ou d'emp\u00eachement d'Azadeh AKRAMI-CASTANON, subd\u00e9l\u00e9gation est \ndonn\u00e9e \u00e0 : \n \n\u27a2  Gwena\u00eblle BOISARD, directrice adjointe de l'unit\u00e9 d\u00e9partementale  \n\u00e0 l'effet de signer, dans la limite des attributions de l'unit\u00e9 d\u00e9partementale des Hauts -de-Seine, tous \nactes, arr\u00eat\u00e9s, d\u00e9cisions, pi\u00e8ces ou conventions, pour proc\u00e9der \u00e0 l'ordonnancement secondaire des \nd\u00e9penses et des recettes de l'\u00c9tat dans le cadre des programmes indiqu\u00e9s \u00e0 l'article 1 5. \n \nARTICLE 23 : Subd\u00e9l\u00e9gation de signature est donn\u00e9e sous la forme d'une habilitation \u00e0 valider dans \nl'application financi\u00e8re chorus, les op\u00e9rations d'ordonnancement secondaire et les actes de gestion en \nqualit\u00e9 de service prescripteur pour les recettes et les d\u00e9penses de l'\u00c9tat \u00e0 : \n \n\u27a2 Nicole MONSIGNY, gestionnaire budg\u00e9taire et comptable ; \n\u27a2 Marianne GABET, gestionnaire des dispositifs d'int\u00e9gration. \n \nP\u00d4LE EMPLOI SOLIDARIT\u00c9S \n \nARTICLE 2 4 : En cas d'absence ou d'emp\u00eachement d'Azadeh AKRAMI -CASTANON et Gwena\u00eblle \nBOISARD, subd\u00e9l\u00e9gation est donn\u00e9e \u00e0 :  \n \n\u27a2 Val\u00e9rie GUERN, responsable du p\u00f4le Entreprises, Emploi, Solidarit\u00e9s ; \n\u27a2 D\u00e9borah GILBERT, adjointe de la responsable du p\u00f4le Entreprises, Emploi, Solidarit\u00e9s  \nDirection r\u00e9gionale et interd\u00e9partementale de l'\u00e9conomie, de l'emploi, du travail et des solidarit\u00e9s d'\u00cele-de-France -\nIDF-2025-12-10-00006 - Arr\u00eat\u00e9 n\u00b0 2025-254 du 10 d\u00e9cembre 2025\nPortant subd\u00e9l\u00e9gation de signature en mati\u00e8re d'ordonnancement secondaire des recettes et des d\u00e9penses de l'\u00c9tat aux agents de la\nDRIEETS d'\u00cele-de-France\n12\n \n10 / 15 \n\u00e0 l'effet de signer, dans la limite de ses attributions, tous actes, arr\u00eat\u00e9s, d\u00e9cisions, pi\u00e8ces ou conventions, \npour proc\u00e9der \u00e0 l'ordonnancement secondaire des d\u00e9penses et des recettes de l'\u00c9tat dans le cadre des \nprogrammes indiqu\u00e9s \u00e0 l'article 15. \n \n \nARTICLE 2 5 : En cas d'absence ou d'emp\u00eachement des perso nnes mentionn\u00e9es \u00e0 l'article 24, \nsubd\u00e9l\u00e9gation est donn\u00e9e \u00e0 :  \n \n\u27a2 Isabelle CHABBERT, cheffe du d\u00e9partement accompagnement des entreprises ; \n\u27a2 Deborah GILBERT, cheffe du d\u00e9partement protection et insertion des jeunes et des primo -\narrivants ; \n\u27a2 Nathalie LASMARRIGUES-MARQUIS, cheffe du d\u00e9partement protection et insertion des adultes  \n\u00e0 l'effet de signer, dans la limite de leurs attributions, tous actes, arr\u00eat\u00e9s, d\u00e9cisions, pi\u00e8ces ou \nconventions pour proc\u00e9der \u00e0 l'ordonnancement secondaire des d\u00e9penses et des recettes de l'\u00c9tat dans \nle cadre des programmes indiqu\u00e9s \u00e0 l'article 15.  \n \nARTICLE 26 : En cas d'absence ou d'emp\u00eachement des perso nnes mentionn\u00e9es aux articles 24 et 25, \nsubd\u00e9l\u00e9gation est donn\u00e9e \u00e0 :  \n \n\u27a2 Nadia BOURAS, cheffe du service de protection des majeurs vuln\u00e9rables ; \n\u27a2 St\u00e9phanie MEDARD, cheffe du service protection de l'enfance et int\u00e9gration ; \n\u27a2 Mariama CONDE, cheffe du service d\u00e9veloppement de l'emploi et des comp\u00e9tences ; \n\u27a2 Julien KERLEAU, chef du service des restructurations \n\u00e0 l'effet de signer, dans la limite de leurs attributions, tous actes, arr\u00eat\u00e9s, d\u00e9cisions, pi\u00e8ces ou \nconventions pour proc\u00e9der \u00e0 l'ordonnancement secondaire des d\u00e9penses et des recettes de l'\u00c9tat dans \nle cadre des programmes indiqu\u00e9s \u00e0 l'article 15.  \n \nP\u00d4LE TRAVAIL \n \nARTICLE 2 7 : En cas d'absence ou d'emp\u00eachement d'Azadeh AKRAMI -CASTANON et  Gwena\u00eblle \nBOISARD, subd\u00e9l\u00e9gation est donn\u00e9e \u00e0 : \n \n\u27a2 J\u00e9r\u00f4me SAJOT, responsable du p\u00f4le travail ; \n\u27a2 Lolita REINA-RICO, adjointe du responsable du p\u00f4le travail  \n\u00e0 l'effet de signer, dans la limite de leurs attributions, tous actes, arr\u00eat\u00e9s, d\u00e9cisions, pi\u00e8ces ou \nconventions pour proc\u00e9der \u00e0 l'ordonnancement secondaire des d\u00e9penses et des recettes de l'\u00c9tat dans \nle cadre des programmes indiqu\u00e9s \u00e0 l'article 15.  \n \n \n \nUNIT\u00c9 D\u00c9PARTEMENTALE DE LA SEINE-SAINT-DENIS \n \n \nARTICLE 2 8 : Subd\u00e9l\u00e9gation de signature est donn\u00e9e sous la forme d'une habilitation \u00e0 valider dans \nl'application financi\u00e8re chorus, les op\u00e9rations d'ordonnancement secondaire et les actes de gestion en \nqualit\u00e9 de service prescripteur pour les recettes et les d\u00e9penses de l'\u00c9tat, \u00e0 : \n \n\u27a2 Ghania ATAMANI, gestionnaire ; \n\u27a2 Nathalie BEAUBRUN, gestionnaire ; \n\u27a2 Ang\u00e9lica TRINDADE-CHADEAU, responsable du d\u00e9partement animation territoriale ; \n\u27a2 Th\u00e9o COPPEL, responsable du d\u00e9partement protection et insertion des jeunes ; \n\u27a2 Elodie ALMERAS, responsable du d\u00e9partement protection et insertion des adultes ;  \n\u27a2 Maureen LE BIAN, charg\u00e9e de mission protection des adultes ; \nDirection r\u00e9gionale et interd\u00e9partementale de l'\u00e9conomie, de l'emploi, du travail et des solidarit\u00e9s d'\u00cele-de-France -\nIDF-2025-12-10-00006 - Arr\u00eat\u00e9 n\u00b0 2025-254 du 10 d\u00e9cembre 2025\nPortant subd\u00e9l\u00e9gation de signature en mati\u00e8re d'ordonnancement secondaire des recettes et des d\u00e9penses de l'\u00c9tat aux agents de la\nDRIEETS d'\u00cele-de-France\n13\n \n11 / 15 \n\u27a2 Matthieu CHAPELON, responsable du p\u00f4le entreprises, emploi et solidarit\u00e9s.  \n \n \nARTICLE 29 : En cas d'absence ou d'emp\u00eachement de David SOUBRI\u00c9, subd\u00e9l\u00e9gation est donn\u00e9e \u00e0  : \n \n\u27a2 Laurence DEGENNE-SHORTEN directrice adjointe de l'unit\u00e9 d\u00e9partementale,  \n\u00e0 l'effet de signer, dans la limite des attributions de l'unit\u00e9 d\u00e9partementale de la Seine-Saint-Denis, tous \nactes, arr\u00eat\u00e9s, d\u00e9cisions, pi\u00e8ces ou conventions, pour proc\u00e9der \u00e0 l'ordonnancement secondaire des \nd\u00e9penses et des recettes de l'\u00c9tat dans le cadre des programmes indiqu\u00e9es \u00e0 l'article 15. \n \nP\u00d4LE ENTREPRISES, EMPLOI SOLIDARITES \n \nARTICLE 30 : En cas d'absence ou d'emp\u00eachement de David SOUBRI\u00c9 et de Laurence DEGENNE -\nSHORTEN subd\u00e9l\u00e9gation est donn\u00e9e \u00e0 : \n \n\u27a2 Matthieu CHAPELON, responsable du p\u00f4le entreprises, emploi et solidarit\u00e9s  \n\u00e0 l'effet de signer, dans la limite de ses attributions, tous actes, arr\u00eat\u00e9s, d\u00e9cisions, pi\u00e8ces ou conventions \npour proc\u00e9der \u00e0 l'ordonnancement secondaire des d\u00e9penses et des recettes de l'\u00c9tat dans le cadre des \nprogrammes indiqu\u00e9s \u00e0 l'article 15. \n \nARTICLE 3 1 : En cas d'absence ou d'emp\u00eachement des personnes mentionn\u00e9es \u00e0 l'article 30 \nsubd\u00e9l\u00e9gation est donn\u00e9e \u00e0 : \n \n\u27a2 Th\u00e9o COPPEL, responsable du d\u00e9partement protection et insertion des jeunes  ; \n\u27a2 Yves DOUBLIER, responsable du d\u00e9partement accompagnement des entreprises  ; \n\u27a2 Ang\u00e9lica TRINDADE-CHADEAU, responsable du d\u00e9partement animation territoriale ; \n\u27a2 Elodie ALMERAS, responsable du d\u00e9partement protection et insertion des adultes  \n\u00e0 l'effet de signer, dans la limite de leurs attributions, tous actes, arr\u00eat\u00e9s, d\u00e9cisions, pi\u00e8ces ou \nconventions pour proc\u00e9der \u00e0 l'ordonnancement secondaire des d\u00e9penses et des recettes de l'\u00c9tat dans \nle cadre des programmes indiqu\u00e9s \u00e0 l'article 15.  \n \nARTICLE 32 : En cas d'absence ou d'emp\u00eachement des personnes mentionn\u00e9es aux articles 30 et 31 \nsubd\u00e9l\u00e9gation est donn\u00e9e \u00e0 :  \n \n\u27a2 Sayaf EL MABROUK, chef du service int\u00e9gration, adjoint du responsable du d\u00e9partement \nprotection et insertion des jeunes \n\u27a2 M\u00e9lissa CHOLLET \u2013 MAKOUCHE, cheffe du service d\u00e9veloppement de l'emploi et des \ncomp\u00e9tences, adjointe au responsable du d\u00e9partement accompagnement des entreprises,  \n\u27a2 Maureen Le BIAN, charg\u00e9e de mission protection des adultes, \n\u00e0 l'effet de signer, dans la limite de leurs attributions, tous actes, arr\u00eat\u00e9s, d\u00e9cisions, pi\u00e8ces ou \nconventions pour proc\u00e9der \u00e0 l'ordonnancement secondaire des d\u00e9penses et des recettes de l'\u00c9tat dans \nle cadre des programmes indiqu\u00e9s \u00e0 l'article 15.  \n \nP\u00d4LE TRAVAIL \n \nARTICLE 3 3 : En cas d'absence ou d'emp\u00eachement de David SOUBRI\u00c9 et de Laurence DEGENNE -\nSHORTEN, subd\u00e9l\u00e9gation est donn\u00e9e \u00e0 :  \n \n\u27a2 Alexandre AZARI, responsable du p\u00f4le des politiques du travail ; \n\u27a2 Pierre-Yves HANNUS, responsable adjoint du p\u00f4le politique du travail, chef du service d'appui \ndu syst\u00e8me d'inspection du travail \nDirection r\u00e9gionale et interd\u00e9partementale de l'\u00e9conomie, de l'emploi, du travail et des solidarit\u00e9s d'\u00cele-de-France -\nIDF-2025-12-10-00006 - Arr\u00eat\u00e9 n\u00b0 2025-254 du 10 d\u00e9cembre 2025\nPortant subd\u00e9l\u00e9gation de signature en mati\u00e8re d'ordonnancement secondaire des recettes et des d\u00e9penses de l'\u00c9tat aux agents de la\nDRIEETS d'\u00cele-de-France\n14\n \n12 / 15 \n\u00e0 l'effet de signer, dans la limite de leurs attributions tous actes, arr\u00eat\u00e9s, d\u00e9cisions, pi\u00e8ces ou conventions \npour proc\u00e9der \u00e0 l'ordonnancement secondaire des d\u00e9penses et des recettes de l'\u00c9tat dans le cadre des \nprogrammes indiqu\u00e9s \u00e0 l'article 15.  \n \n \nARTICLE 3 4 : En cas d'absence ou d'emp\u00eachement des personnes mentionn\u00e9es \u00e0 l'article 3 2 \nsubd\u00e9l\u00e9gation est donn\u00e9e \u00e0 :  \n \n\u27a2 Kaevin TALON, chef de la section centrale du travail \n\u00e0 l'effet de signer, dans la limite de leurs attributions, tous actes, arr\u00eat\u00e9s, d\u00e9cisions, pi\u00e8ces ou \nconventions pour proc\u00e9der \u00e0 l'ordonnancement secondaire des d\u00e9penses et des recettes de l'\u00c9tat dans \nle cadre des programmes indiqu\u00e9s \u00e0 l'article 15.  \n \n \nUNIT\u00c9 D\u00c9PARTEMENTALE DU VAL-DE-MARNE \n \n \nARTICLE 35 : Subd\u00e9l\u00e9gation de signature est donn\u00e9e sous la forme d'une habilitation \u00e0 valider dans \nl'application financi\u00e8re chorus, les op\u00e9rations d'ordonnancement secondaire et les actes de gestion en \nqualit\u00e9 de service prescripteur pour les recettes et les d\u00e9penses de l'\u00c9tat, \u00e0 : \n \n\u27a2 C\u00e9lia CLEMENT -DEMANGE, adjointe de la cheffe du d\u00e9partement protection et insertion des \njeunes, int\u00e9gration ; \n\u27a2 Audrey VENTADOUR, cheffe du d\u00e9partement protection et insertion des adultes. \n \nARTICLE 36 : En cas d'absence ou d'emp\u00eachement de Didier TILLET, subd\u00e9l\u00e9gation est donn\u00e9e \u00e0 :  \n \n\u27a2 Fr\u00e9d\u00e9rique CHADEL, directrice adjointe de l'unit\u00e9 d\u00e9partementale \n\u00e0 l'effet de signer, dans la limite des attributions de l'unit\u00e9 d\u00e9partementale du Val-de-Marne, tous actes, \narr\u00eat\u00e9s, d\u00e9cisions, pi\u00e8ces ou convention, y compris ceux relatifs \u00e0 la prescription quadriennale pour \nproc\u00e9der \u00e0 l'ordonnancement secondaire des d\u00e9pe nses et des recettes dans le cadre des programmes \nindiqu\u00e9es \u00e0 l'article 15. \n \nP\u00d4LE ENTREPRISES, EMPLOI SOLIDARIT\u00c9S \n \nARTICLE 3 7 : En cas d'absence ou d'emp\u00eachement de Didier TILLET et de Fr\u00e9d\u00e9rique CHADEL , \nsubd\u00e9l\u00e9gation est donn\u00e9e \u00e0 :  \n \n\u27a2 Virginie RUE, responsable du p\u00f4le entreprises, emploi et solidarit\u00e9s \n\u00e0 l'effet de signer, dans la limite de leurs attributions, tous actes, arr\u00eat\u00e9s, d\u00e9cisions, pi\u00e8ces ou \nconventions pour proc\u00e9der \u00e0 l'ordonnancement secondaire des d\u00e9penses et des recettes de l'\u00c9tat dans \nle cadre des programmes indiqu\u00e9s \u00e0 l'article 15.  \n \nARTICLE 38 : En cas d'absence ou d'emp\u00eachement des personnes mentionn\u00e9es \u00e0 l'article 3 7, \nsubd\u00e9l\u00e9gation est donn\u00e9e \u00e0 :  \n \n\u27a2 Karima HALLAL, cheffe du d\u00e9partement protection et insertion des jeunes, int\u00e9gration  ; \n\u27a2 Peggy TRONY, cheffe du d\u00e9partement accompagnement des entreprises ; \n\u27a2 Audrey VENTADOUR, cheffe du d\u00e9partement protection et insertion des adultes \n\u00e0 l'effet de signer, dans la limite de leurs attributions, tous actes, arr\u00eat\u00e9s, d\u00e9cisions, pi\u00e8ces ou \nconventions pour proc\u00e9der \u00e0 l'ordonnancement secondaire des d\u00e9penses et des recettes de l'\u00c9tat dans \nle cadre des programmes indiqu\u00e9s \u00e0 l'article 14. \n \nDirection r\u00e9gionale et interd\u00e9partementale de l'\u00e9conomie, de l'emploi, du travail et des solidarit\u00e9s d'\u00cele-de-France -\nIDF-2025-12-10-00006 - Arr\u00eat\u00e9 n\u00b0 2025-254 du 10 d\u00e9cembre 2025\nPortant subd\u00e9l\u00e9gation de signature en mati\u00e8re d'ordonnancement secondaire des recettes et des d\u00e9penses de l'\u00c9tat aux agents de la\nDRIEETS d'\u00cele-de-France\n15\n \n13 / 15 \nArticle 39 : En cas d'absence ou d'emp\u00eachement des personnes mentionn\u00e9es aux articles 3 7 et 3 8 \nsubd\u00e9l\u00e9gation est donn\u00e9e \u00e0 :  \n \n\u27a2 C\u00e9lia CLEMENT -DEMANGE, adjointe de  la cheffe du d\u00e9partement protection et insertion des \njeunes, int\u00e9gration ; \n\u27a2 Sandrine DUCEPT, adjointe de la cheffe du d\u00e9partement accompagnement des entreprises ; \n\u27a2 Clara SCHMID  et Marie K ARSELADZE, adjointe s de la cheffe du d\u00e9partement protection et \ninsertion des adultes \n\u00e0 l'effet de signer, dans la limite de leurs attributions, tous actes, arr\u00eat\u00e9s, d\u00e9cisions, pi\u00e8ces ou \nconventions pour proc\u00e9der \u00e0 l'ordonnancement secondaire des d\u00e9penses et des recettes de l'\u00c9tat dans \nle cadre des programmes indiqu\u00e9s \u00e0 l'article 15. \n \nP\u00d4LE TRAVAIL \n \nARTICLE 40 : En cas d'absence ou d'emp\u00eachement de Didier TILLET et de Fr\u00e9d\u00e9rique CHADEL , \nsubd\u00e9l\u00e9gation est donn\u00e9e \u00e0 :  \n \n\u27a2 Joseph-Marie NDZANAH, responsable du p\u00f4le politique du travail \n\u00e0 l'effet de signer, dans la limite de leurs attributions, tous actes, arr\u00eat\u00e9s, d\u00e9cisions, pi\u00e8ces ou \nconventions pour proc\u00e9der \u00e0 l'ordonnancement secondaire des d\u00e9penses et des recettes de l'\u00c9tat dans \nle cadre des programmes indiqu\u00e9s \u00e0 l'article 15.  \n \nARTICLE 41  : En cas d'absence ou d'emp\u00eachement des personnes mentionn\u00e9es \u00e0 l'article 40, \nsubd\u00e9l\u00e9gation est donn\u00e9e \u00e0 :  \n\u27a2 Nad\u00e8ge LETONDEUR, cheffe du service d'appui \u00e0 l'inspection du travail  ; \n\u00e0 l'effet de signer, dans la limite de ses attributions, tous actes, arr\u00eat\u00e9s, d\u00e9cisions, pi\u00e8ces ou conventions \npour proc\u00e9der \u00e0 l'ordonnancement secondaire des d\u00e9penses et des recettes de l'\u00c9tat dans le cadre des \nprogrammes indiqu\u00e9s \u00e0 l'article 15.  \n \n \nSECTION 3 \u2013 SUBD\u00c9L\u00c9GATION DE SIGNATURE POUR LE REMBOURSEMENT DES FRAIS DE \nD\u00c9PLACEMENT  \n \nARTICLE 42 : Subd\u00e9l\u00e9gation de signature est donn\u00e9e \u00e0 l'effet de valider tout ordre de mission et \u00e9tat de \nfrais dans l'application CHORUS DT \u00e0 :  \n \nPOUR L'UNIT\u00c9 R\u00c9GIONALE \n \n\u27a2 Nathalie CAUVIN, cheffe du service m\u00e9trologie l\u00e9gale \u2013 P\u00f4le C ; \n\u27a2 Aur\u00e9lie LEHOUCK, cheffe du service pilotage g\u00e9n\u00e9ral \u2013 P\u00f4le C ; \n\u27a2 Marion VIRUEGA, cheffe de la brigade des relactions interentreprises (BRIE) \u2013 P\u00f4le C ; \n\u27a2 Jean GRENON-MUR, adjoint \u00e0 la cheffe de la brigade des relations interentreprises (BRIE) \u2013 P\u00f4le \nC ; \n\u27a2 Micha\u00ebl DELHAIE, chef de service Appui aux r\u00e9seaux \u2013 P\u00f4le C ; \n\u27a2 Aur\u00e9lien NICOT, chef de la brigade interr\u00e9gionale d'enqu\u00eates concurrence (BIEC) et de la \ncommande publique (CP) \u2013 P\u00f4le C ; \n\u27a2 Philippe RICHARD, chef du service accueil des publics \u2013 P\u00f4le C ; \n\u27a2 Fran\u00e7oise CHADUC, charg\u00e9e de formation \u2013 P\u00f4le C ; \n\u27a2 Guy LEBON, chef du service relations du travail \u2013 P\u00f4le T ; \n\u27a2 Kathia BRANDT, cheffe du service 2ARM \u2013 P\u00f4le T ; \n\u27a2 Thierry DAB\u00c9E, chef de l'unit\u00e9 de lutte contre le travail ill\u00e9gal \u2013 P\u00f4le T ; \n\u27a2 Val\u00e9rie VICENS, cheffe de l'unit\u00e9 contr\u00f4le grands chantiers \u2013 P\u00f4le T ; \nDirection r\u00e9gionale et interd\u00e9partementale de l'\u00e9conomie, de l'emploi, du travail et des solidarit\u00e9s d'\u00cele-de-France -\nIDF-2025-12-10-00006 - Arr\u00eat\u00e9 n\u00b0 2025-254 du 10 d\u00e9cembre 2025\nPortant subd\u00e9l\u00e9gation de signature en mati\u00e8re d'ordonnancement secondaire des recettes et des d\u00e9penses de l'\u00c9tat aux agents de la\nDRIEETS d'\u00cele-de-France\n16\n \n14 / 15 \n\u27a2 Marion QUENEDEY, adjointe au chef de l'unit\u00e9 de lutte contre le travail ill\u00e9gal \u2013 P\u00f4le T ; \n\u27a2 Th\u00e9r\u00e8se ROSSI, cheffe du d\u00e9partement du contr\u00f4le de la formation professionnelle \u2013 P\u00f4le EES ; \n\u27a2 Isabelle ANTOINE, cheffe du d\u00e9partement certifications, \u00e0 compter du 1er mars, P\u00f4le EES ; \n\u27a2 B\u00e9atrice JEAN-MARIE, cheffe du service pr\u00e9vention et qualit\u00e9 de vie au travail - PAM. \n \nPOUR L'UNIT\u00c9 D\u00c9PARTEMENTALE DE PARIS \n \n\u27a2 Riad BOUHAFS, directeur de l'unit\u00e9 d\u00e9partementale de Paris ; \n\u27a2 Martine BAUDOIN, directrice adjointe de l'unit\u00e9 d\u00e9partementale de Paris ; \n\u27a2 Herv\u00e9 LEGRAND, chef du p\u00f4le T de l'unit\u00e9 d\u00e9partementale de Paris ; \n\u27a2 Marie MARCENA, cheffe du P\u00f4le EES de l'unit\u00e9 d\u00e9partementale de Paris  ; \n\u27a2 V\u00e9ronique DELARUE, adjointe \u00e0 la responsable du P\u00f4le EES de l'unit\u00e9 d\u00e9partementale de Paris,  \n\u27a2 Niklas VASSEUX, adjoint au responsable du p\u00f4le travail ; \n\u27a2 Catherine BARRAS, directrice de secteur nord des services de l'inspection du travail  ; \n\u27a2 M\u00e9linda MARONE, directrice de secteur sud des services de l'inspection du travail.  \n \nPOUR L'UNIT\u00c9 D\u00c9PARTEMENTALE DES HAUTS-DE-SEINE  \n \n\u27a2 Azadeh AKRAMI-CASTANON, directrice de l'unit\u00e9 d\u00e9partementale des Hauts-de-Seine ; \n\u27a2 Gwena\u00eblle BOISARD, directrice adjointe de l'unit\u00e9 d\u00e9partementale des Hauts -de-Seine ; \n\u27a2 Val\u00e9rie GUERN, responsable du p\u00f4le \u00c9conomie, Emploi, Solidarit\u00e9s ; \n\u27a2 D\u00e9borah GILBERT, adjointe de la responsable du p\u00f4le Entreprises, Emploi, Solidarit\u00e9s ; \n\u27a2 J\u00e9r\u00f4me SAJOT, responsable du p\u00f4le travail ; \n\u27a2 Lolita REINA-RICO, adjointe du responsable du p\u00f4le travail. \n \nPOUR L'UNIT\u00c9 D\u00c9PARTEMENTALE DE LA SEINE-SAINT-DENIS  \n \n\u27a2 David SOUBRI\u00c9, directeur de l'unit\u00e9 d\u00e9partementale de la Seine-Saint-Denis ; \n\u27a2 Laurence DEGENNE-SHORTEN, directrice adjointe de l'unit\u00e9 d\u00e9partementale ; \n\u27a2 Yves DOUBLIER, responsable du d\u00e9partement accompagnement des entreprises ; \n\u27a2 Matthieu CHAPELON, responsable du p\u00f4le entreprises, emploi et solidarit\u00e9s  ; \n\u27a2 Alexandre AZARI, responsable du p\u00f4le politiques du travail ; \n\u27a2 Pierre-Yves HANNUS, adjoint au responsable du p\u00f4le politiques du travail  ; \n\u27a2 Th\u00e9o COPPEL, responsable du d\u00e9partement protection et insertion des jeunes  ; \n\u27a2 Elodie ALMERAS, responsable du d\u00e9partement protection et insertion des adultes,  \n\u27a2 Ang\u00e9lica TRINDADE-CHADEAU, cheffe du d\u00e9partement animation territoriale ; \n\u27a2 Linda ABERKAN, responsable de l'unit\u00e9 de contr\u00f4le de l'inspection du travail 1  ; \n\u27a2 Elodie GIRON, responsable de l'unit\u00e9 de contr\u00f4le de l'inspection du travail 2  ; \n\u27a2 Lynda KEHILA, responsable de l'unit\u00e9 de contr\u00f4le de l'inspection du travail 3  ; \n\u27a2 St\u00e9phanie CARRASSET, responsable de l'unit\u00e9 de contr\u00f4le de l'inspection du travail 4 ; \n\u27a2 Ingrid BURGUNDER, responsable de l'unit\u00e9 de contr\u00f4le de l'inspection du travail 5.  \n \nPOUR L'UNIT\u00c9 D\u00c9PARTEMENTALE DU VAL-DE-MARNE  \n \n\u27a2 Didier TILLET, directeur de l'unit\u00e9 d\u00e9partementale du Val-de-Marne ; \n\u27a2 Fr\u00e9d\u00e9rique CHADEL, directrice adjointe de l'unit\u00e9 d\u00e9partementale ; \n\u27a2 Virginie RUE, responsable du p\u00f4le entreprises, emploi et solidarit\u00e9s ; \n\u27a2 Joseph-Marie NDZANAH, responsable du p\u00f4le politique du travail. \n \nARTICLE 43 : Demeurent r\u00e9serv\u00e9s \u00e0 la signature du pr\u00e9fet de la r\u00e9gion d'\u00cele -de-France :  \n- Les ordres de r\u00e9quisition du comptable public,  \n- Les d\u00e9cisions de passer outre \u00e0 l'avis d\u00e9favorable du contr\u00f4leur budg\u00e9taire r\u00e9gional,  \nDirection r\u00e9gionale et interd\u00e9partementale de l'\u00e9conomie, de l'emploi, du travail et des solidarit\u00e9s d'\u00cele-de-France -\nIDF-2025-12-10-00006 - Arr\u00eat\u00e9 n\u00b0 2025-254 du 10 d\u00e9cembre 2025\nPortant subd\u00e9l\u00e9gation de signature en mati\u00e8re d'ordonnancement secondaire des recettes et des d\u00e9penses de l'\u00c9tat aux agents de la\nDRIEETS d'\u00cele-de-France\n17\n \n15 / 15 \n- Les conventions avec les collectivit\u00e9s territoriales et leurs \u00e9tablissements publics,  \n- Les contrats de bail.  \n \nARTICLE 44 : Un exemplaire du pr\u00e9sent arr\u00eat\u00e9 et les sp\u00e9cimens de signature des subd\u00e9l\u00e9gataires  sont \nadress\u00e9s au comptable assignataire de la r\u00e9gion d'\u00cele-de-France. \n \nARTICLE 4 5 : L'arr\u00eat\u00e9 n\u00b0 2025-167 du 29 ao\u00fbt 2025 portant subd\u00e9l\u00e9gation de signature en mati\u00e8re \nd'ordonnancement secondaire des recettes et d\u00e9penses de l'\u00c9tat aux agents de la DRIEETS \u00cele-de-France \nest abrog\u00e9.  \n \nARTICLE 46 : Le Directeur r\u00e9gional et interd\u00e9partemental de l'\u00e9conomie, de l'emploi, du travail et des \nsolidarit\u00e9s d'\u00cele-de-France, et les subd\u00e9l\u00e9gataires d\u00e9sign\u00e9s, chacun en ce qui le concerne, sont charg\u00e9s \nde l'ex\u00e9cution du pr\u00e9sent arr\u00eat\u00e9 qui sera publi\u00e9 aux recueils des actes administratifs de la pr\u00e9fecture de \nla r\u00e9gion d'\u00cele-de-France, pr\u00e9fecture de Paris.  \n \n \nFait \u00e0 Aubervilliers le 10 d\u00e9cembre 2025 \n \nLe Directeur r\u00e9gional et interd\u00e9partemental de \nl'\u00e9conomie, de l'emploi, du travail et des \nsolidarit\u00e9s, \n \nSIGN\u00c9  \n            \nFabrice MASI \n \n \nDirection r\u00e9gionale et interd\u00e9partementale de l'\u00e9conomie, de l'emploi, du travail et des solidarit\u00e9s d'\u00cele-de-France -\nIDF-2025-12-10-00006 - Arr\u00eat\u00e9 n\u00b0 2025-254 du 10 d\u00e9cembre 2025\nPortant subd\u00e9l\u00e9gation de signature en mati\u00e8re d'ordonnancement secondaire des recettes et des d\u00e9penses de l'\u00c9tat aux agents de la\nDRIEETS d'\u00cele-de-France\n18\nDirection r\u00e9gionale et interd\u00e9partementale de\nl'\u00e9conomie, de l'emploi, du travail et des\nsolidarit\u00e9s d'\u00cele-de-France\nIDF-2025-12-10-00004\nD\u00c9CISION n\u00b0 2025-250 du 10 d\u00e9cembre 2025\nPortant subd\u00e9l\u00e9gation de signature de Monsieur\nFabrice Masi, directeur r\u00e9gional et\ninterd\u00e9partemental de l'\u00e9conomie, de l'emploi,\ndu travail et des solidarit\u00e9s d'\u00cele-de-France,\naux agents de l'unit\u00e9 r\u00e9gionale\nDirection r\u00e9gionale et interd\u00e9partementale de l'\u00e9conomie, de l'emploi, du travail et des solidarit\u00e9s d'\u00cele-de-France -\nIDF-2025-12-10-00004 - D\u00c9CISION n\u00b0 2025-250 du 10 d\u00e9cembre 2025\nPortant subd\u00e9l\u00e9gation de signature de Monsieur Fabrice Masi, directeur r\u00e9gional et\ninterd\u00e9partemental de l'\u00e9conomie, de l'emploi, du travail et des solidarit\u00e9s d'\u00cele-de-France,\naux agents de l'unit\u00e9 r\u00e9gionale\n19\n=mPREFETDE PARISLibert\u00e9Egalit\u00e9Fraternit\u00e9\nPR\u00c9FETDES HAUTS-DE-SEINELibert\u00e9\u00c9galit\u00e9Fraternit\u00e9\nExPREFETDE SEINE-ET-MARNELibert\u00e9Egalit\u00e9Fraternit\u00e9\nPR\u00c9FETDE LA SEINE-SAINT-DENISLibert\u00e9Egalit\u00e9Fraternit\u00e9\nPR\u00c9FETDES YVELINESLibert\u00e9\u00c9galit\u00e9{raternit\u00e9\niPREFETDU VAL-DE-MARNELibert\u00e9Egalit\u00e9Fraternit\u00e9\nPREFETDE L'ESSONNELibert\u00e9Egalit\u00e9Fraternit\u00e9\n| HPR\u00c9FETDU VAL-D'OISELibert\u00e9Egalit\u00e9Fraternit\u00e9\n \nDRIEETS Ile de France  \n32 rue Jean Jaur\u00e8s \n93200 SAINT-DENIS \n \n \n \n \n \n \n \n \n \n \n \n \nDirection r\u00e9gionale et interd\u00e9partementale \nde l'\u00e9conomie, de l'emploi, \ndu travail et des solidarit\u00e9s  \n \n \n             \nD\u00c9CISION n\u00b0 2025-250 du 10 d\u00e9cembre 2025 \n \nPortant subd\u00e9l\u00e9gation de signature de Monsieur Fabrice Masi, directeur r\u00e9gional et \ninterd\u00e9partemental de l'\u00e9conomie, de l'emploi, du travail et des solidarit\u00e9s d'\u00cele -de-France, \naux agents de l'unit\u00e9 r\u00e9gionale \n \n \nVu le code du commerce ;  \n \nVu le code de la consommation ; \n \nVu le code de la sant\u00e9 publique ; \n \nVu le code du tourisme ; \n \nVu le code du travail ; \n \nVu la loi n\u00b0 82 -213 du 2 mars 1982 relative aux droits et libert\u00e9s des communes, des \nd\u00e9partements et des r\u00e9gions, modifi\u00e9e ; \n \nVu la loi d'orientation n\u00b0 92 -125 du 6 f\u00e9vrier 1992 modifi\u00e9e relative \u00e0 l'administration \nterritoriale de la R\u00e9publique, notamment ses articles 4 et 6 ;  \n \nVu le d\u00e9cret n\u00b0 97 -34 du 15 janvier 1997 relatif \u00e0 la d\u00e9concentration des d\u00e9cisions \nadministratives individuelles ;  \n \nVu le d\u00e9cret n\u00b02001-387 du 3 mai 2001 relatif au contr\u00f4le des instruments de mesure ;  \n \nDirection r\u00e9gionale et interd\u00e9partementale de l'\u00e9conomie, de l'emploi, du travail et des solidarit\u00e9s d'\u00cele-de-France -\nIDF-2025-12-10-00004 - D\u00c9CISION n\u00b0 2025-250 du 10 d\u00e9cembre 2025\nPortant subd\u00e9l\u00e9gation de signature de Monsieur Fabrice Masi, directeur r\u00e9gional et\ninterd\u00e9partemental de l'\u00e9conomie, de l'emploi, du travail et des solidarit\u00e9s d'\u00cele-de-France,\naux agents de l'unit\u00e9 r\u00e9gionale\n20\n2 / 7 \nVu le d\u00e9cret n\u00b0 2004 -374 du 29 avril 2004 modifi\u00e9 relatif aux pouvoirs des pr\u00e9fets, \u00e0 \nl'organisation et \u00e0 l'action des services de l'\u00c9tat dans les r\u00e9gions et d\u00e9partements ; \n \nVu le d\u00e9cret n\u00b0 2009-360 du 31 mars 2009 relatif aux emplois de direction de l'administration \nterritoriale de l'\u00c9tat ; \n \nVu le d\u00e9cret n\u00b02010-146 du 16 f\u00e9vrier 2010 modifiant le d\u00e9cret n\u00b0 2004 -374 du 29 avril 2004 \nrelatif aux pouvoirs des pr\u00e9fets, \u00e0 l'organisation et \u00e0 l'action des services de l' \u00c9tat dans les \nr\u00e9gions et d\u00e9partements ; \n \nVu le d\u00e9cret n\u00b0 2010-687 du 24 juin 2010 relatif \u00e0 l'organisation et \u00e0 l'action des services de \nl'\u00e9tat dans la r\u00e9gion et les d\u00e9partements d'Ile de France ; \n \nVu le d\u00e9cret n\u00b02015 -1689 du 17 d\u00e9cembre 2015 portant diverses mesures d'organisation et \nde fonctionnement dans les r\u00e9gions de l'administration territoriale de l' \u00c9tat et de \ncommissions administratives ; \n \nVu le d\u00e9cret n\u00b0 2020 -1545 du 9 d\u00e9cembre 2020 relatif \u00e0 l'organisation et aux missions des \ndirections r\u00e9gionales de l'\u00e9conomie, de l'emploi, du travail et des solidarit\u00e9s, des directions \nd\u00e9partementales de l'emploi, du travail et des solidarit\u00e9s et des directions d\u00e9partementales \nde l'emploi, du travail, des solidarit\u00e9s et de la protection des populations ;  \n \nVu le d\u00e9cret du 22 juillet 2020 portant nomination de Monsieur Marc GUILLAUME en qualit\u00e9 \nde pr\u00e9fet de la r\u00e9gion d'Ile-de-France, pr\u00e9fet de Paris ; \n \nVu le d\u00e9cret du 6 septembre 2023 portant nomination de Monsieur Pierre ORY en qualit\u00e9 \nde pr\u00e9fet de Seine-et-Marne ; \n \nVu le d\u00e9cret du 7 f\u00e9vrier 2024 portant nomination de Monsieur Fr\u00e9d\u00e9ric ROSE en qualit\u00e9 de \npr\u00e9fet des Yvelines ; \n \nVu le d\u00e9cret du 27 ao\u00fbt 2025  portant nomination de Madame Fabienne BALUSSOU  en \nqualit\u00e9 de pr\u00e9f\u00e8te de l'Essonne ; \n \nVu le d\u00e9cret du 31 octobre 2024  portant nomination de Monsieur Alexandre BRUG\u00c8RE en \nqualit\u00e9 de pr\u00e9fet des Hauts-de-Seine ; \n \nVu le d\u00e9cret du 6 novembre 2024 portant nomination de  Monsieur Julien CHARLES en \nqualit\u00e9 de pr\u00e9fet de la Seine-Saint-Denis ; \n \nVu le d\u00e9cret du 6 novembre 2024 portant nomination de Monsieur \u00c9tienne STOSKOPF en \nqualit\u00e9 de pr\u00e9fet du Val-de-Marne ; \n \nVu le d\u00e9cret du 9 mars 2022 portant nomination de Monsieur Philippe COURT en qualit\u00e9 de \npr\u00e9fet du Val-d'Oise ; \n \nVu l'arr\u00eat\u00e9 interminist\u00e9riel du 28 f\u00e9vrier 2025 reconduisant Madame Murielle LIZZI directeur \nr\u00e9gional et interd\u00e9partemental adjoint  de l'\u00e9conomie, de l'emploi, du  travail et des \nsolidarit\u00e9s d'\u00cele -de-France, charg\u00e9  des fonctions de responsable du p\u00f4le concurrence \nconsommation r\u00e9pression des fraudes et m\u00e9trologie ;  \n \nVu l'arr\u00eat\u00e9 interminist\u00e9riel du 6 f\u00e9vrier 2023 nommant Monsieur Marc ROHFRITSCH \ndirecteur r\u00e9gional et interd\u00e9partemental adjoint de l'\u00e9conomie, de l'emploi, du travail et \ndes solidarit\u00e9s d'\u00cele -de-France, charg\u00e9 des fonctions de responsable du p\u00f4le entreprises, \nemploi et solidarit\u00e9s ; \n \nVu l'arr\u00eat\u00e9 interminist\u00e9riel du 24 mai 2023 nommant Monsieur Alexandre MARTINET \ndirecteur r\u00e9gional et interd\u00e9partemental adjoint de l'\u00e9conomie, de l'emploi, du travail et \ndes solidarit\u00e9s d'\u00cele-de-France, charg\u00e9 des fonctions de directeur r\u00e9gional d\u00e9l\u00e9gu\u00e9 ; \n \nDirection r\u00e9gionale et interd\u00e9partementale de l'\u00e9conomie, de l'emploi, du travail et des solidarit\u00e9s d'\u00cele-de-France -\nIDF-2025-12-10-00004 - D\u00c9CISION n\u00b0 2025-250 du 10 d\u00e9cembre 2025\nPortant subd\u00e9l\u00e9gation de signature de Monsieur Fabrice Masi, directeur r\u00e9gional et\ninterd\u00e9partemental de l'\u00e9conomie, de l'emploi, du travail et des solidarit\u00e9s d'\u00cele-de-France,\naux agents de l'unit\u00e9 r\u00e9gionale\n21\n3 / 7 \nVu l'arr\u00eat\u00e9 interminist\u00e9riel du 29 ao\u00fbt 2023  nommant Monsieur Erwan SAMYN  directeur \nr\u00e9gional et interd\u00e9partemental adjoint de l'\u00e9conomie, de l'emploi, du travail et des \nsolidarit\u00e9s d'\u00cele -de-France, charg\u00e9 des fonctions d'adjoint au responsable du p\u00f4le \nentreprises, emploi et solidarit\u00e9s ; \n \nVu l'arr\u00eat\u00e9 interminist\u00e9riel du 14 f\u00e9vrier 2025 nommant  Monsieur Jean-Fran\u00e7ois DALVAI \ndirecteur r\u00e9gional et interd\u00e9partemental adjoint de l'\u00e9conomie, de l'emploi, du travail et \ndes solidarit\u00e9s d'\u00cele -de-France, charg\u00e9 des fonctions de responsable du p\u00f4le politique du \ntravail ; \n \nVu l'arr\u00eat\u00e9 interminist\u00e9riel du 12 ao\u00fbt  2025 nommant Fabrice MASI  directeur r\u00e9gional et \ninterd\u00e9partemental de l'\u00e9conomie, de l'emploi, du travail et des solidarit\u00e9s d'\u00cele -de-France \u00e0 \ncompter du 25 ao\u00fbt 2025, \n \nVu l'arr\u00eat\u00e9 pr\u00e9fectoral n\u00b0 75-2025-08-27-00005 du 27 ao\u00fbt 2025 par lequel le pr\u00e9fet de Paris \nd\u00e9l\u00e8gue sa signature Fabrice MASI, directeur r\u00e9gional et interd\u00e9partemental de l'\u00e9conomie, \nde l'emploi, du travail et des solidarit\u00e9s d'\u00cele-de-France ; \n \nVu l'arr\u00eat\u00e9 pr\u00e9fectoral n\u00b025/BC/070 du 27 ao\u00fbt 2025 par lequel le pr\u00e9fet de Seine-et-Marne \nd\u00e9l\u00e8gue sa signature \u00e0 Fabrice MASI , directeur r\u00e9gional et interd\u00e9partemental de \nl'\u00e9conomie, de l'emploi, du travail et des solidarit\u00e9s d'\u00cele-de-France ; \n \nVu l'arr\u00eat\u00e9 pr\u00e9fectoral n\u00b0 78-2025-08-25-00001 du 25 ao\u00fbt 2025 par lequel le Pr\u00e9fet des \nYvelines d\u00e9l\u00e8gue sa signature \u00e0 Monsieur Fabrice MASI , directeur r\u00e9gional et \ninterd\u00e9partemental de l'\u00e9conomie, de l'emploi, du travail et des solidarit\u00e9s d'\u00cele-de-France ; \n \nVu l'arr\u00eat\u00e9 pr\u00e9fectoral n\u00b02025-PREF-DCPPAT-BCA-325 du 22 septembre 2025 par lequel l a \npr\u00e9f\u00e8te de l'Essonne d\u00e9l\u00e8gue sa signature \u00e0 Fabrice MASI , directeur r\u00e9gional et \ninterd\u00e9partemental de l'\u00e9conomie, de l'emploi, du travail et des solidarit\u00e9s d'\u00cele-de-France ; \n \nVu l'arr\u00eat\u00e9 pr\u00e9fectoral n\u00b0 2025-33 du 22 ao\u00fbt 2025 par lequel le pr\u00e9fet des Hauts-de-Seine \nd\u00e9l\u00e8gue sa signature \u00e0 Fabrice MASI , directeur r\u00e9gional et interd\u00e9partemental de \nl'\u00e9conomie, de l'emploi, du travail et des solidarit\u00e9s d'\u00cele-de-France ; \n \nVu l'arr\u00eat\u00e9 pr\u00e9fectoral n\u00b0 2025-3388 du 29 ao\u00fbt 2025 par lequel le pr\u00e9fet de la Seine-Saint-\nDenis, d\u00e9l\u00e8gue sa signature \u00e0 Fabrice MASI , directeur r\u00e9gional et interd\u00e9partemental de \nl'\u00e9conomie, de l'emploi, du travail et des solidarit\u00e9s d'\u00cele-de-France ; \n \nVu l'arr\u00eat\u00e9 pr\u00e9fectoral n\u00b0 2025/03344 du 25 ao\u00fbt 2025 par lequel le pr\u00e9fet du Val-de-Marne \nd\u00e9l\u00e8gue sa signature \u00e0 Fabrice MASI , directeur r\u00e9gional et interd\u00e9partemental de \nl'\u00e9conomie, de l'emploi, du travail et des solidarit\u00e9s d'\u00cele-de-France ; \n \nVu l'arr\u00eat\u00e9 pr\u00e9fectoral n\u00b0 25-057 du 19 ao\u00fbt 2025 par lequel le Pr\u00e9fet du Val-d'Oise d\u00e9l\u00e8gue \nsa signature \u00e0 Monsieur Fabrice MASI , directeur r\u00e9gional et interd\u00e9partemental de \nl'\u00e9conomie, de l'emploi, du travail et des solidarit\u00e9s d'\u00cele-de-France ; \n \n \nD\u00e9cide \n \n \nArticle 1er \n \nSubd\u00e9l\u00e9gation de signature est donn\u00e9e \u00e0 Jean-Fran\u00e7ois DALVAI, responsable du P\u00f4le Politique du \ntravail, \u00e0 effet de signer, les d\u00e9cisions, actes administratifs et correspondances relatives aux \nd\u00e9rogations au repos dominical dont l'attribution a \u00e9t\u00e9 confi\u00e9e \u00e0 Fabrice MASI, directeur r\u00e9gional \net interd\u00e9partemental de l'\u00e9conomie, de l'emploi, du travail et des solidarit\u00e9s d'\u00cele -de-France par \nle pr\u00e9fet de Seine -et-Marne, le pr\u00e9fet des Yvelines, l a pr\u00e9f\u00e8te de l'Essonne, le pr\u00e9fet de la Seine -\nSaint-Denis, la pr\u00e9f\u00e8te du Val-de-Marne, le pr\u00e9fet du Val d'Oise : \n \nDirection r\u00e9gionale et interd\u00e9partementale de l'\u00e9conomie, de l'emploi, du travail et des solidarit\u00e9s d'\u00cele-de-France -\nIDF-2025-12-10-00004 - D\u00c9CISION n\u00b0 2025-250 du 10 d\u00e9cembre 2025\nPortant subd\u00e9l\u00e9gation de signature de Monsieur Fabrice Masi, directeur r\u00e9gional et\ninterd\u00e9partemental de l'\u00e9conomie, de l'emploi, du travail et des solidarit\u00e9s d'\u00cele-de-France,\naux agents de l'unit\u00e9 r\u00e9gionale\n22\n4 / 7 \nRepos \ndominical \nD\u00e9rogation au repos dominical Articles \nL.3132-20 et L. \n3132-21 du \ncode du travail  \n \n \nSubd\u00e9l\u00e9gation est \u00e9galement donn\u00e9e \u00e0 Jean-Fran\u00e7ois DALVAI \u00e0 effet de signer les m\u00e9moires en \nd\u00e9fense produits devant les juridictions administratives dans le cadre de proc\u00e9dures \ncontentieuses \u00e0 l'encontre des d\u00e9cisions mentionn\u00e9es ci-dessus. \n \nCette subd\u00e9l\u00e9gation se limite aux chantiers situ\u00e9s dans les d\u00e9partements cit\u00e9s ci -dessus relevant \nde la comp\u00e9tence de l'unit\u00e9 r\u00e9gionale d'appui et de contr\u00f4le des grands chantiers. \n \nEn cas d'absence ou d'emp\u00eachement de Jean-Fran\u00e7ois DALVAI, subd\u00e9l\u00e9gation de signature est \ndonn\u00e9e Dominique-Anne MICHEL, \u00e0 Val\u00e9rie VICENS et \u00e0 Thierry DAB\u00c9E afin de signer les d\u00e9cisions \net les m\u00e9moires en d\u00e9fense mentionn\u00e9s ci-dessus. \n \nArticle 2 \n \nSubd\u00e9l\u00e9gation de signature est donn\u00e9e \u00e0  Marc ROHFRITSCH, en qualit\u00e9 de responsable du p\u00f4le \nEES de la DRIEETS d'Ile -de-France, et \u00e0 Erwan SAMYN son adjoint,  \u00e0 effet de signer les d\u00e9cisions, \nactes administratifs et correspondances relatifs au x demandes d'activit\u00e9 partielle  dont \nl'attribution a \u00e9t\u00e9 confi\u00e9e \u00e0 Fabrice MASI, par le pr\u00e9fet de la r\u00e9gion d'\u00cele-de-France, pr\u00e9fet de Paris,  \nle pr\u00e9fet de Seine -et-Marne, le pr\u00e9fet des Yvelines,  l a pr\u00e9f\u00e8te de l'Essonne,  le pr\u00e9fet des Hauts -\nde-Seine, le pr\u00e9fet de la Seine-Saint-Denis, le pr\u00e9fet du Val-de-Marne, le pr\u00e9fet du Val d'Oise : \n \nActivit\u00e9 partielle  de \ndroit commun \nTous les actes, avis, observations, propositions, \npr\u00e9paratoires aux d\u00e9cisions d'octroi ou de refus \ndu b\u00e9n\u00e9fice du dispositif d'activit\u00e9 partielle, ainsi \nque les d\u00e9cisions relatives au retrait du b\u00e9n\u00e9fice \ndu dispositif (tous les d\u00e9partements)  \nTous recours juridictionnels et m\u00e9moires s'y \nrapportant (tous les d\u00e9partements except\u00e9 Paris) \nArt. L.5122 -1 et 2, \nR.5122-1 \u00e0 29  \n \nEn cas d'absence ou d'emp\u00eachement de Marc ROHFRITSCH et de Erwan SAMYN , subd\u00e9l\u00e9gation \nde signature est donn\u00e9e \u00e0 Geoffrey HOUPERT, Cl\u00e9ment MAYOT, Mohammed EL KAHODI, Florenta \nPOTHORA et Abdel-Malik BENLAZAR ; \n \nSubd\u00e9l\u00e9gation est \u00e9galement donn\u00e9e \u00e0 Marc ROHFRITSCH et \u00e0 Erwan SAMYN \u00e0 effet de signer les \nm\u00e9moires en d\u00e9fense produits devant les juridictions administratives dans le cadre de proc\u00e9dures \ncontentieuses \u00e0 l'encontre des d\u00e9cisions mentionn\u00e9es ci-dessus. \n \n \nArticle 3 \n \nSubd\u00e9l\u00e9gation de signature est donn\u00e9e \u00e0 Murielle LIZZI, directrice r\u00e9gionale adjointe, responsable \ndu P\u00f4le concurrence, consommation, r\u00e9pression des fraudes et m\u00e9trologie ( P\u00f4le C), \u00e0 l'effet de \nsigner, les d\u00e9cisions, actes administratifs et correspondances concernant les attributions de la \ndirection r\u00e9gionale et interd\u00e9partementale de l'\u00e9conomie, de l'emploi, du travail et des solidarit\u00e9s \nd'\u00cele-de-France (DRIEETS) dont l'attribution a \u00e9t\u00e9 confi\u00e9e \u00e0 Fabrice MASI par le pr\u00e9fet de la r\u00e9gion \nd'\u00cele-de-France, pr\u00e9fet de Paris,  le pr\u00e9fet de Seine -et-Marne, le pr\u00e9fet des Yvelines,  la pr\u00e9f\u00e8te de \nl'Essonne, le pr\u00e9fet des Hauts -de-Seine, le pr\u00e9fet de la Seine -Saint-Denis, la pr\u00e9f\u00e8te du Val de  \nMarne, le pr\u00e9fet du Val d'Oise. \n \nDirection r\u00e9gionale et interd\u00e9partementale de l'\u00e9conomie, de l'emploi, du travail et des solidarit\u00e9s d'\u00cele-de-France -\nIDF-2025-12-10-00004 - D\u00c9CISION n\u00b0 2025-250 du 10 d\u00e9cembre 2025\nPortant subd\u00e9l\u00e9gation de signature de Monsieur Fabrice Masi, directeur r\u00e9gional et\ninterd\u00e9partemental de l'\u00e9conomie, de l'emploi, du travail et des solidarit\u00e9s d'\u00cele-de-France,\naux agents de l'unit\u00e9 r\u00e9gionale\n23\n5 / 7 \nM\u00e9trologie L\u00e9gale Attribution, refus d'attribution  ou retrait de \nmarque d'identification aux fabricants, \nr\u00e9parateurs et installateurs d'instruments de \nmesure et aux organismes agr\u00e9\u00e9s ou d\u00e9sign\u00e9s \nArr\u00eat\u00e9 du 31/12/01 \narticle 45 \nM\u00e9trologie L\u00e9gale Approbation, suspension ou retrait \nd'approbation des syst\u00e8mes d'assurance de la \nqualit\u00e9 des fabricants, r\u00e9parateurs et installateurs \ndes instruments de mesure (en cas d'absence \nd'organisme d\u00e9sign\u00e9) \nArticles 18 et 23 \nd\u00e9cret 2001 -387 du \n03/05/01 \nM\u00e9trologie L\u00e9gale Injonction aux installateurs d'instruments de \nmesure \nArticle 26 d\u00e9cret \n2001-387 du \n03/05/01 \nM\u00e9trologie L\u00e9gale D\u00e9rogation aux dispositions r\u00e9glementaires \nnormalement applicables aux instruments de \nmesure \nD\u00e9cret n\u00b02001-387 \ndu 3 mai 2001 \nmodifi\u00e9 (article 41) \nM\u00e9trologie L\u00e9gale Am\u00e9nagement aux dispositions de v\u00e9rification de \nmoyens d'essais \nArticle 5 d\u00e9cret du \n03/05/01 et article 3 \narr\u00eat\u00e9 du 31/12/01 \nM\u00e9trologie L\u00e9gale Invitation d'un op\u00e9rateur \u00e9conomique \u00e0 mettre \nun terme \u00e0 une non-conformit\u00e9 constat\u00e9e ; ordre \nde remise en conformit\u00e9, de rappel ou de retrait \ndu march\u00e9 d'un instrument de mesure non \nconforme ; interdiction ou restriction de mise sur \nle march\u00e9, de mise en service ou d'utilisation d'un \ninstrument de mesure non conforme \nArticle 5 -20 du \nd\u00e9cret du 3 mai 2001 \nM\u00e9trologie L\u00e9gale D\u00e9livrance de certificat d'examen de type en \nl'absence d'organisme d\u00e9sign\u00e9. \nArticles 7 et 8 du \nd\u00e9cret du 3 mai 2001 \nM\u00e9trologie L\u00e9gale Autorisation de mise en service d'un nombre \nlimit\u00e9 d'instruments d'un type pour lequel une \ndemande d'examen de type a \u00e9t\u00e9 pr\u00e9sent\u00e9e. \nArticle 12 du d\u00e9cret \ndu 3 mai 2001 \nM\u00e9trologie L\u00e9gale Injonction au titulaire d'un certificat d'examen de \ntype de porter rem\u00e8de aux d\u00e9fauts constat\u00e9s et \nde demander un nouvel examen de type ; \nsuspension du b\u00e9n\u00e9fice de la marque d'examen \nde type et suspension de la mise sur le march\u00e9 \ndes instruments du type pr \u00e9sentant des d\u00e9fauts. \nMise en demeure d'un b\u00e9n\u00e9ficiaire de certificat \nd'examen de type de rem\u00e9dier aux d\u00e9fauts \nconstat\u00e9s sur les instruments en service ; \ninterdiction d'utilisation des instruments restant \nd\u00e9fectueux. \nArticle 13 du d\u00e9cret \ndu 3 mai 2001 \nM\u00e9trologie L\u00e9gale Suspension de la v\u00e9rification primitive et de la \nmise sur le march\u00e9 des instruments d'un mod\u00e8le \ndonn\u00e9. \nArticle 21 du d\u00e9cret \ndu 3 mai 2001 \nM\u00e9trologie L\u00e9gale Suspension de la mise sur le march\u00e9 et de la mise \nen service d'instruments pr\u00e9sentant \u00e0 l'usage un \nd\u00e9faut qui les rend impropres \u00e0 leur destination \n(instruments ayant fait l'objet d'une approbation \nCEE de mod\u00e8le) \nIV de l'article 10 du \nd\u00e9cret du 4 ao\u00fbt \n1973 \nDirection r\u00e9gionale et interd\u00e9partementale de l'\u00e9conomie, de l'emploi, du travail et des solidarit\u00e9s d'\u00cele-de-France -\nIDF-2025-12-10-00004 - D\u00c9CISION n\u00b0 2025-250 du 10 d\u00e9cembre 2025\nPortant subd\u00e9l\u00e9gation de signature de Monsieur Fabrice Masi, directeur r\u00e9gional et\ninterd\u00e9partemental de l'\u00e9conomie, de l'emploi, du travail et des solidarit\u00e9s d'\u00cele-de-France,\naux agents de l'unit\u00e9 r\u00e9gionale\n24\n6 / 7 \nM\u00e9trologie L\u00e9gale D\u00e9signation d'organismes et retrait de \nd\u00e9signation d'organismes d\u00e9sign\u00e9s. \nArticle 36  \ndu d\u00e9cret du 3 mai \n2001 \nM\u00e9trologie L\u00e9gale D\u00e9signation d'organismes pour l'approbation \nCEE de mod\u00e8le et pour la v\u00e9rification primitive \nCEE \nArticle 1 de l'arr\u00eat\u00e9 \ndu 8 novembre 1973 \nM\u00e9trologie L\u00e9gale D\u00e9cision d'agr\u00e9ment, suspension ou retrait \nd'agr\u00e9ment, mise en demeure des organismes \nagr\u00e9\u00e9s. \nArticles 37 et 39  \ndu d\u00e9cret du 3 mai \n2001 \nArticles 40 et 43  \nde l'arr\u00eat\u00e9 du 31 \nd\u00e9cembre 2001  \nArr\u00eat\u00e9s du \n01/10/1981, du \n14/09/1981 et du \n07/07/2004 \nM\u00e9trologie L\u00e9gale Am\u00e9nagement ou retrait des dispenses de \nv\u00e9rification p\u00e9riodique et de v\u00e9rification apr\u00e8s \nr\u00e9paration ou modification accord\u00e9es aux \nd\u00e9tenteurs d'instruments de mesure. \nArticle 62.3 de \nl'arr\u00eat\u00e9 \ndu 31 d\u00e9cembre \n2001 \nM\u00e9trologie L\u00e9gale D\u00e9cision autorisant le contr\u00f4le des instruments \npar leur d\u00e9tenteur \nArticle 18 de l'arr\u00eat\u00e9 \ndu 6 mars 2007 ; \narticle 25 de l'arr\u00eat\u00e9 \ndu 1er ao\u00fbt 2013 ; \narticle 25 de l'arr\u00eat\u00e9 \ndu 21 octobre 2010 \nM\u00e9trologie L\u00e9gale D\u00e9cision validant les conditions de pr\u00e9l\u00e8vement \ndes compteurs d'eau \nArticle 8 arr\u00eat\u00e9 du \n06/03/2007 \n \n \nEn cas d'absence ou d'emp\u00eachement de Murielle LIZZI, subd\u00e9l\u00e9gation de signature est donn\u00e9e \u00e0 \nNathalie CAUVIN, cheffe du service m\u00e9trologie.  \n \nEn cas d'absence de Murielle LIZZI ou de Nathalie CAUVIN, subd\u00e9l\u00e9gation est donn\u00e9e \u00e0 M. Arnaud \nMAUDRY, adjoint de la cheffe du service m\u00e9trologie. \n \nArticle 4 \n \n \nSubd\u00e9l\u00e9gation de signature est donn\u00e9e \u00e0 Alexandre MARTINET, directeur r\u00e9gional adjoint, charg\u00e9 \ndes fonctions de directeur r\u00e9gional d\u00e9l\u00e9gu\u00e9 , \u00e0 Anne SCANDELLA, secr\u00e9taire g\u00e9n\u00e9rale,  \u00e0 Hae-Ok \nPYUN, secr\u00e9taire g\u00e9n\u00e9rale adjointe,  \u00e0 Jacky HAZIZA, responsable du service interd\u00e9partemental \ndes conseils m\u00e9dicaux du P\u00f4le d'Appui aux M\u00e9tiers, et \u00e0 Zahira MONJOIN, adjointe au responsable \ndu service interd\u00e9partemental conseils m\u00e9dicaux , \u00e0 effet de signer les d\u00e9cisions, actes \nadministratifs et correspondances relatives aux conseils m\u00e9dicaux, d\u00e9rogations dont l'attribution \na \u00e9t\u00e9 confi\u00e9e \u00e0 Fabrice MASI par le pr\u00e9fet de la r\u00e9gion d'\u00cele-de-France, pr\u00e9fet de Paris, le pr\u00e9fet des \nHauts-de-Seine, le pr\u00e9fet de Seine-Saint-Denis et la pr\u00e9f\u00e8te du Val-de-Marne. \n \nDirection r\u00e9gionale et interd\u00e9partementale de l'\u00e9conomie, de l'emploi, du travail et des solidarit\u00e9s d'\u00cele-de-France -\nIDF-2025-12-10-00004 - D\u00c9CISION n\u00b0 2025-250 du 10 d\u00e9cembre 2025\nPortant subd\u00e9l\u00e9gation de signature de Monsieur Fabrice Masi, directeur r\u00e9gional et\ninterd\u00e9partemental de l'\u00e9conomie, de l'emploi, du travail et des solidarit\u00e9s d'\u00cele-de-France,\naux agents de l'unit\u00e9 r\u00e9gionale\n25\n7 / 7 \nConseils m\u00e9dicaux Organisation et fonctionnement des \nconseils m\u00e9dicaux  aux conditions \nd'aptitude physique pour l'admission aux \nemplois publics et au r\u00e9gime de cong\u00e9s de \nmaladie des fonctionnaires. \nArticles 6 et 12 du \nd\u00e9cret n\u00b086-442 du 14 \nmars 1986 modifi\u00e9 \nrelatif \u00e0 la d\u00e9signation \ndes m\u00e9decins agr\u00e9\u00e9s, \n\u00e0 l'organisation des \nconseils m\u00e9dicaux , \naux conditions \nd'aptitude physique  \npour l'admission aux \nemplois publics et au \nr\u00e9gime de cong\u00e9s de \nmaladie des \nfonctionnaires  \n \nEn cas d'absence ou d'emp \u00eachement d 'Alexandre MARTINE T, d'Anne SCANDELLA, de Jacky \nHAZIZA et de Zahira MONJOIN, subd\u00e9l\u00e9gation de signature est donn\u00e9e \u00e0 : \n \n\u2212 Diana LAMARRE \u2013 Coordinatrice CM75 \n\u2212 Isabelle POIRIER \u2013 Coordinatrice CM92 \n\u2212 B\u00e9atrice HENRIQUES \u2013 Coordinatrice CM93 \n\u2212 Myriane-Andr\u00e9e TH\u00c9R\u00c8SE \u2013 Coordinatrice CM94 \n \nArticle 5 \n \nUne copie de cette d\u00e9cision de subd\u00e9l\u00e9gation sera adress\u00e9e aux pr\u00e9fets de Paris, de la Seine -et-\nMarne, des Yvelines, de l'Essonne, d es Hauts-de-Seine, de la Seine-Saint-Denis, du Val-de-Marne et \ndu Val d'Oise.  \n \n \nArticle 6 \n \nLa pr\u00e9sente d\u00e9cision abroge l'arr\u00eat\u00e9 n\u00b0 2025-184 du 26 septembre 2025 portant subd\u00e9l\u00e9gation de \nsignature de Monsieur Fabrice MASI, Directeur r\u00e9gional et interd\u00e9partemental de l'\u00e9conomie, de \nl'emploi, du travail et des solidarit\u00e9s d'\u00cele-de-France aux agents de l'unit\u00e9 r\u00e9gionale. \n \nArticle 7 \n \nLe Directeur r\u00e9gional et interd\u00e9partemental de l'\u00e9conomie, de l'emploi, du travail et des solidarit\u00e9s \nd'\u00cele-de-France, et les subd\u00e9l\u00e9gataires mentionn\u00e9s  ci-dessus, sont charg\u00e9s, chacun  en ce qui l e \nconcerne, de l'ex\u00e9cution de la pr\u00e9sente d\u00e9cision  qui sera publi\u00e9 e aux recueils des actes \nadministratifs de la pr\u00e9fecture de la r\u00e9gion  d'\u00cele-de-France, ainsi qu'aux recueils administratifs des \npr\u00e9fectures des d\u00e9partements de la r\u00e9gion d'\u00cele-de-France. \n \n \n \nFait \u00e0 Aubervilliers, le 10 d\u00e9cembre 2025 \n \nPour les pr\u00e9fets et par d\u00e9l\u00e9gation, \nLe Directeur r\u00e9gional et interd\u00e9partemental de \nl'\u00e9conomie, de l'emploi, du travail et des \nsolidarit\u00e9s d'\u00cele-de-France, \n \n    SIGN\u00c9      \nFabrice MASI \nDirection r\u00e9gionale et interd\u00e9partementale de l'\u00e9conomie, de l'emploi, du travail et des solidarit\u00e9s d'\u00cele-de-France -\nIDF-2025-12-10-00004 - D\u00c9CISION n\u00b0 2025-250 du 10 d\u00e9cembre 2025\nPortant subd\u00e9l\u00e9gation de signature de Monsieur Fabrice Masi, directeur r\u00e9gional et\ninterd\u00e9partemental de l'\u00e9conomie, de l'emploi, du travail et des solidarit\u00e9s d'\u00cele-de-France,\naux agents de l'unit\u00e9 r\u00e9gionale\n26\nDirection r\u00e9gionale et interd\u00e9partementale de\nl'\u00e9conomie, de l'emploi, du travail et des\nsolidarit\u00e9s d'\u00cele-de-France\nIDF-2025-12-10-00005\nD\u00c9CISION n\u00b0 2025-253 du 10 d\u00e9cembre 2025\nPortant subd\u00e9l\u00e9gation de signature de Monsieur\nFabrice Masi, Directeur r\u00e9gional et\ninterd\u00e9partemental de l'\u00c9conomie, de l'Emploi,\ndu Travail et des Solidarit\u00e9s d'\u00cele-de-France, aux\nagents de l'unit\u00e9 r\u00e9gionale\nDirection r\u00e9gionale et interd\u00e9partementale de l'\u00e9conomie, de l'emploi, du travail et des solidarit\u00e9s d'\u00cele-de-France -\nIDF-2025-12-10-00005 - D\u00c9CISION n\u00b0 2025-253 du 10 d\u00e9cembre 2025\nPortant subd\u00e9l\u00e9gation de signature de Monsieur Fabrice Masi, Directeur r\u00e9gional et interd\u00e9partemental de l'\u00c9conomie, de l'Emploi, du\nTravail et des Solidarit\u00e9s d'\u00cele-de-France, aux agents de l'unit\u00e9 r\u00e9gionale\n27\nPREFET .DE LA REGIOND'\u00ceLE-DE-FRANCELibert\u00e9Egalit\u00e9Fraternit\u00e9\n Direction r\u00e9gionale et interd\u00e9partementale \nde l'\u00e9conomie, de l'emploi, \ndu travail et des solidarit\u00e9s  \n \n \nDRIEETS Ile de France  \n21 rue Madeleine Vionnet  \n93300 AUBERVILLIERS \n \n \n            \n \n D\u00c9CISION n\u00b0 2025-253 du 10 d\u00e9cembre 2025 \n \nPortant subd\u00e9l\u00e9gation de signature de Monsieur Fabrice Masi, Directeur r\u00e9gional et \ninterd\u00e9partemental de l'\u00c9conomie, de l'Emploi, du Travail et des Solidarit\u00e9s d'\u00cele -de-France, aux agents \nde l'unit\u00e9 r\u00e9gionale \n \n \nLE PR\u00c9FET DE LA R\u00c9GION D'\u00ceLE-DE-FRANCE \nPR\u00c9FET DE PARIS \nGRAND OFFICIER DE LA L\u00c9GION D'HONNEUR \nOFFICIER DE L'ORDRE NATIONAL DU M\u00c9RITE \n \n \nLe Directeur r\u00e9gional et interd\u00e9partemental de l'\u00e9conomie, de l'emploi, du travail et des solidarit\u00e9s d'\u00cele-\nde-France, \n \nVu le code g\u00e9n\u00e9ral de fonction publique, notamment son article L.323-1 ; \n \nVu le code de l'action sociale et des familles ; \n \nVu le code de la commande publique ; \n \nVu le code de commerce ; \n \nVu le code de la consommation ; \n \nVu le code rural ; \n \nVu le code de justice administrative ; \n \nVu le code de la s\u00e9curit\u00e9 sociale ; \n \nVu le code du tourisme ; \n \nVu le code du travail ; \n \nVu la loi du 4 juillet 1837 modifi\u00e9e relative aux poids et mesures ;  \n \nVu la loi n\u00b0 82 -213 du 2 mars 1982 modifi\u00e9e relative aux droits et libert\u00e9s des communes, des \nd\u00e9partements et des r\u00e9gions ; \n \nVu le d\u00e9cret n\u00b0 2004 -374 du 29 avril 2004 modifi\u00e9 relatif aux pouvoirs des pr\u00e9fets, \u00e0 l'organisation et \u00e0 \nl'action des services de l'\u00c9tat dans les r\u00e9gions et d\u00e9partements ; \n \n \nDirection r\u00e9gionale et interd\u00e9partementale de l'\u00e9conomie, de l'emploi, du travail et des solidarit\u00e9s d'\u00cele-de-France -\nIDF-2025-12-10-00005 - D\u00c9CISION n\u00b0 2025-253 du 10 d\u00e9cembre 2025\nPortant subd\u00e9l\u00e9gation de signature de Monsieur Fabrice Masi, Directeur r\u00e9gional et interd\u00e9partemental de l'\u00c9conomie, de l'Emploi, du\nTravail et des Solidarit\u00e9s d'\u00cele-de-France, aux agents de l'unit\u00e9 r\u00e9gionale\n28\n \n 2 / 7 \n \nVu le d\u00e9cret n\u00b0 2010 -687 du 24 juin 2010 modifi\u00e9 relatif \u00e0 l'organisation et aux missions des services de \nl'\u00c9tat dans la r\u00e9gion et les d\u00e9partements d'Ile-de-France et notamment ses articles 20-1 et 20-2 ; \n \nVu le d\u00e9cret n\u00b0 2013-571 du 1er juillet 2013 modifi\u00e9 autorisant les ministres charg\u00e9s des affaires sociales, \nde la sant\u00e9, des sports, de la jeunesse, de l'\u00e9ducation populaire et de la vie associative \u00e0 d\u00e9l\u00e9guer certains \nde leurs pouvoirs pour le recrutement et la gestion d'agents plac\u00e9s sous leur autorit\u00e9 ; \n \nVu le d\u00e9cret n\u00b0 2015-510 du 7 mai 2015 modifi\u00e9 portant charte de la d\u00e9concentration ;  \n \nVu le d\u00e9cret du 22 juillet 2020 portant nomination de Monsieur Marc GUILLAUME en qualit\u00e9 de pr\u00e9fet \nde la r\u00e9gion d'\u00cele-de-France, pr\u00e9fet de Paris ; \n \nVu le d\u00e9cret n\u00b0 2020 -1545 du 9 d\u00e9cembre 2020 modifi\u00e9 relatif \u00e0 l'organisation et aux missions des \ndirections r\u00e9gionales de l'\u00e9conomie, de l'emploi, du travail et des solidarit\u00e9s, des directions \nd\u00e9partementales de l'emploi, du travail et des solidarit\u00e9s et des directions d\u00e9partementales de l'emploi, \ndu travail, des solidarit\u00e9s et de la protection des populations ; \n \nVu le d\u00e9cret N\u00b0 2012 -655 du 4 mai 2012 modifi\u00e9 relatif \u00e0 l'\u00e9tiquetage et \u00e0 la tra\u00e7abilit\u00e9 des produits \nvitivinicoles et \u00e0 certaines pratiques \u0153nologiques ;  \n \nVu l'arr\u00eat\u00e9 du 24 juillet 2012 relatif aux conditions d'augmentation du titre alcoom\u00e9trique volumique \nnaturel pour l'\u00e9laboration des vins ; \n \nVu l'arr\u00eat\u00e9 du 25 novembre 2014 modifi\u00e9 portant d\u00e9l\u00e9gation de certains pouvoirs de recrutement et de \ngestion d'agents relevant du ministre charg\u00e9 du travail et de l'emploi ;  \n \nVu l'arr\u00eat\u00e9 du 29 d\u00e9cembre 2016 fixant la liste des actes relatifs \u00e0 la situation individuelle des agents \npublics exer\u00e7ant leurs fonctions dans les services d\u00e9concentr\u00e9s des administrations civiles de l'Etat pour \nlesquels l'avis du chef de service d\u00e9concentr\u00e9 sous l'autorit\u00e9 duquel sont plac\u00e9s ces personnels est requis \npr\u00e9alablement \u00e0 leur \u00e9diction ; \n \nVu l'arr\u00eat\u00e9 du 29 d\u00e9cembre 2016 modifi\u00e9 portant d\u00e9concentration des actes relatifs \u00e0 la situation \nindividuelle des agents publics exer\u00e7ant leurs fonctions dans les services d\u00e9concentr\u00e9s des \nadministrations civiles de l'Etat au sens de l'article 15 du d\u00e9cre t n\u00b0 2004 -374 du 29 avril 2004 modifi\u00e9 \nrelatif aux pouvoirs des pr\u00e9fets, \u00e0 l'organisation et \u00e0 l'action des services de l' \u00c9tat dans les r\u00e9gions et \nd\u00e9partements ; \n \nVu l'arr\u00eat\u00e9 interminist\u00e9riel du 28 f\u00e9vrier 2025  reconduisant Murielle LIZZI  directrice r\u00e9gionale et \ninterd\u00e9partementale adjointe de l'\u00c9conomie, de l'Emploi, du Travail et des Solidarit\u00e9s d'\u00cele -de-France, \ncharg\u00e9e des fonctions de responsable du p\u00f4le Concurrence, Consommation, R\u00e9pression des fraudes et \nM\u00e9trologie l\u00e9gale ; \n \nVu l'arr\u00eat\u00e9 interminist\u00e9riel du 6 f\u00e9vrier 2023 nommant Marc ROHFRITSCH directeur r\u00e9gional et \ninterd\u00e9partemental adjoint de l'\u00e9conomie, de l'emploi, du travail et des solidarit\u00e9s d'\u00cele -de-France, \ncharg\u00e9 des fonctions de responsable du p\u00f4le entreprises, emploi et solidarit\u00e9s ; \n \nVu l'arr\u00eat\u00e9 interminist\u00e9riel du 24 mai 2023 nommant Alexandre MARTINET directeur r\u00e9gional et \ninterd\u00e9partemental adjoint de l'\u00e9conomie, de l'emploi, du travail et des solidarit\u00e9s d'\u00cele -de-France, \ncharg\u00e9 des fonctions de directeur r\u00e9gional d\u00e9l\u00e9gu\u00e9 ; \n \nVu l'arr\u00eat\u00e9 interminist\u00e9riel du 17 mai 2024 nommant M\u00e9lanie CACHET directrice r\u00e9gionale et \ninterd\u00e9partementale adjointe de l'\u00e9conomie, de l'emploi, du travail et des solidarit\u00e9s d'\u00cele -de-France, \ncharg\u00e9e des fonctions de directrice de cabinet ; \nDirection r\u00e9gionale et interd\u00e9partementale de l'\u00e9conomie, de l'emploi, du travail et des solidarit\u00e9s d'\u00cele-de-France -\nIDF-2025-12-10-00005 - D\u00c9CISION n\u00b0 2025-253 du 10 d\u00e9cembre 2025\nPortant subd\u00e9l\u00e9gation de signature de Monsieur Fabrice Masi, Directeur r\u00e9gional et interd\u00e9partemental de l'\u00c9conomie, de l'Emploi, du\nTravail et des Solidarit\u00e9s d'\u00cele-de-France, aux agents de l'unit\u00e9 r\u00e9gionale\n29\n \n 3 / 7 \n \n \nVu l'arr\u00eat\u00e9 interminist\u00e9riel du 14 f\u00e9vrier 2025 nommant Jean-Fran\u00e7ois DALVAI directeur r\u00e9gional et \ninterd\u00e9partemental adjoint de l'\u00e9conomie, de l'emploi, du travail et des solidarit\u00e9s d'\u00cele -de-France, \ncharg\u00e9 des fonctions de responsable du p\u00f4le politiques du travail ; \n \nVu l'arr\u00eat\u00e9 interminist\u00e9riel du 12 ao\u00fbt 2025 nommant Fabrice MASI directeur r\u00e9gional et \ninterd\u00e9partemental de l'\u00c9conomie, de l'Emploi, du Travail et des Solidarit\u00e9s d'Ile -de-France ; \n \nVu l'arr\u00eat\u00e9 pr\u00e9fectoral du 30 mars 2021 portant organisation de la direction r\u00e9gionale et \ninterd\u00e9partementale de l'\u00e9conomie, de l'emploi, du travail et des solidarit\u00e9s d'Ile -de-France ; \n \nVu l'arr\u00eat\u00e9 IDF-2025-08-27-00002 du 27 ao\u00fbt 2025 de Monsieur Marc GUILLAUME, Pr\u00e9fet de la r\u00e9gion \nd'Ile de France, Pr\u00e9fet de Paris , portant d\u00e9l\u00e9gation de signature \u00e0 Monsieur Fabrice MASI , Directeur \nr\u00e9gional et interd\u00e9partemental de l'\u00c9conomie, de l'Emploi, du Travail et des Solidarit\u00e9s d'Ile-de-France \n(DRIEETS) en mati\u00e8re administrative ;  \n \nD\u00e9cide \n \nArticle 1  \n \nLa pr\u00e9sente subd\u00e9l\u00e9gation de signature est donn\u00e9e aux agents de l'Unit\u00e9 r\u00e9gionale mentionn\u00e9s aux \narticles 2 et 3, \u00e0 effet de signer tous arr\u00eat\u00e9s, d\u00e9cisions, pi\u00e8ces ou conventions relevant des attributions \nde la direction r\u00e9gionale et interd\u00e9partementale de l'\u00e9conomie, de l'emploi, du travail et des solidarit\u00e9s \n\u00e0 l'exclusion des actes mentionn\u00e9s \u00e0 l'article 4 du pr\u00e9sent arr\u00eat\u00e9. \n \n \nArticle 2  \n \nSubd\u00e9l\u00e9gation de signature est donn\u00e9e \u00e0 : \n \n- M\u00e9lanie CACHET, directrice de cabinet ; \n- Marc ROHFRITSCH, responsable du p\u00f4le \u00c9conomie, Emploi et Solidarit\u00e9s (P\u00f4le EES) ; \n- Jean-Fran\u00e7ois DALVAI, responsable du p\u00f4le Politique du Travail (P\u00f4le T) ; \n- Murielle LIZZI, responsable du p\u00f4le Concurrence, Consommation, R\u00e9pression des Fraudes et \nM\u00e9trologie (P\u00f4le C) ; \n- Alexandre MARTINET, directeur r\u00e9gional adjoint, charg\u00e9 des fonctions de directeur r\u00e9gional \nd\u00e9l\u00e9gu\u00e9. \n \n1/ La subd\u00e9l\u00e9gation de signature pourra \u00e9galement \u00eatre exerc\u00e9e , dans la limite de leur champ de \ncomp\u00e9tence et des modalit\u00e9s d'organisation interne du p\u00f4le \u00e9conomie, emploi et solidarit\u00e9s, par : \n \n- Erwan SAMYN, adjoint au responsable du p\u00f4le EES ; \n- Emmanuel BEZY, responsable du d\u00e9partement Solidarit\u00e9s et Emploi ; \n- Geoffrey HOUPERT, chef du d\u00e9partement Entreprises ; \n- R\u00e9gis WAJSBROT, chef du d\u00e9partement du Fonds social europ\u00e9en ; \n- Th\u00e9r\u00e8se ROSSI, responsable du d\u00e9partement Contr\u00f4le de la Formation Professionnelle  ; \n- Isabelle ANTOINE, responsable du d\u00e9partement Certification. \n \nDans la limite du champ de comp\u00e9tence du d\u00e9partement \u00ab solidarit\u00e9s et emploi \u00bb, la subd\u00e9l\u00e9gation de \nsignature pourra \u00eatre exerc\u00e9e par : \n \n- Jean MENJON, adjoint au responsable du d\u00e9partement Solidarit\u00e9s et Emploi ; \nDirection r\u00e9gionale et interd\u00e9partementale de l'\u00e9conomie, de l'emploi, du travail et des solidarit\u00e9s d'\u00cele-de-France -\nIDF-2025-12-10-00005 - D\u00c9CISION n\u00b0 2025-253 du 10 d\u00e9cembre 2025\nPortant subd\u00e9l\u00e9gation de signature de Monsieur Fabrice Masi, Directeur r\u00e9gional et interd\u00e9partemental de l'\u00c9conomie, de l'Emploi, du\nTravail et des Solidarit\u00e9s d'\u00cele-de-France, aux agents de l'unit\u00e9 r\u00e9gionale\n30\n \n 4 / 7 \n \n- S\u00e9bastien AGOT, responsable du service Insertion des Jeunes et des Primo-Arrivants ; \n- David ANGLARET, responsable du service D\u00e9veloppement des Comp\u00e9tences ; \n- Mathilde MANDONNET, responsable du service Protection et Insertion des Majeurs . \n \nDans la limite du champ de comp\u00e9tence du d\u00e9partement \u00ab entreprises \u00bb, la subd\u00e9l\u00e9gation de signature \npourra \u00eatre exerc\u00e9e par : \n \n- Cl\u00e9ment MAYOT, adjoint au responsable du d\u00e9partement Entreprises ; \n- L\u00e9a BEN-CHEIKH, responsable du service Protection du Tissu \u00c9conomique. \n \nDans la limite du champ de comp\u00e9tence du d\u00e9partement du \u00ab  contr\u00f4le de la formation \nprofessionnelle \u00bb, la subd\u00e9l\u00e9gation de signature pourra \u00eatre exerc\u00e9e par : \n \n- Marie-Violaine COLAS, responsable du service Contr\u00f4le de l'Apprentissage ; \n- Marie-H\u00e9l\u00e8ne RUAULT, responsable du service Contr\u00f4le FSE ; \n- St\u00e9phane FEIGNON, responsable du service Relations avec les OPCO et Signalement. \n \nDans la limite du champ de comp\u00e9tence du d\u00e9partement du \u00ab fonds social europ\u00e9en \u00bb, la subd\u00e9l\u00e9gation \nde signature pourra \u00eatre exerc\u00e9e par : \n \n- Emilie REUGE, responsable du service Projets R\u00e9gionaux ; \n- Yannick YAO, responsable du service Gestion Financi\u00e8re et M\u00e9thodes ; \n- Liana CAMARUT, responsable du service Programmation et Organismes Interm\u00e9diaires.  \n \nDans la limite du champ de comp\u00e9tence du d\u00e9partement \u00ab certification \u00bb, la subd\u00e9l\u00e9gation de signature \npourra \u00eatre exerc\u00e9e par : \n \n- Adrien EHLINGER, responsable du service des professions sociales ; \n- Catherine GWET, responsable du service des titres ; \n- Laurent SANDERS, responsable du service des professions param\u00e9dicales  ; \n- Virginie DAMION, responsable de fili\u00e8re au service des professions sociales ;  \n- Alexandra KIM, responsable de fili\u00e8re au service des professions param\u00e9dicales ;  \n- Hania NESSIB, responsable de fili\u00e8re au service des professions sociales  ; \n- Jamila BEKRAR, responsable de fili\u00e8re au service des professions sociales ;  \n- Timorine MAFOUTA, responsable de fili\u00e8re au service des professions param\u00e9dicales ; \n- Eswar RADJARAME, responsable de fili\u00e8re au service des professions param\u00e9dicales  ; \n- Marie-Pierre ITURRIOZ, charg\u00e9e de mission. \n \n2/ La subd\u00e9l\u00e9gation de signature pourra \u00e9galement \u00eatre exerc\u00e9e , dans la limite de leur champ de \ncomp\u00e9tence et des modalit\u00e9s d'organisation interne du p\u00f4le Politique du Travail par : \n \n- Dominique-Anne MICHEL, adjointe au responsable du p\u00f4le Politique du Travail ; \n- Jean-No\u00ebl PONZEVERA, adjoint au responsable du p\u00f4le Politique du Travail - Chef du service \nSant\u00e9 S\u00e9curit\u00e9 au Travail ; \n- Guy LEBON, responsable du service relations du Travail. \n \n3/ La subd\u00e9l\u00e9gation de signature pourra \u00e9galement \u00eatre exerc\u00e9e , dans la limite de leur champ de \ncomp\u00e9tence et des modalit\u00e9s d'organisation interne du p\u00f4le Concurrence, consommation, r\u00e9pression \ndes fraudes et m\u00e9trologie, par : \n \n- Aur\u00e9lie LEHOUCK, cheffe du service pilotage du P\u00f4le C ; \n- Marion VIRUEGA, cheffe de la Brigade des relations inter-entreprises (BRIE) ; \n \nDirection r\u00e9gionale et interd\u00e9partementale de l'\u00e9conomie, de l'emploi, du travail et des solidarit\u00e9s d'\u00cele-de-France -\nIDF-2025-12-10-00005 - D\u00c9CISION n\u00b0 2025-253 du 10 d\u00e9cembre 2025\nPortant subd\u00e9l\u00e9gation de signature de Monsieur Fabrice Masi, Directeur r\u00e9gional et interd\u00e9partemental de l'\u00c9conomie, de l'Emploi, du\nTravail et des Solidarit\u00e9s d'\u00cele-de-France, aux agents de l'unit\u00e9 r\u00e9gionale\n31\n \n 5 / 7 \n \n- Aur\u00e9lien NICOT, chef de la Brigade interr\u00e9gionale d'enqu\u00eates concurrence (BIEC) et de la \ncommande publique ; \n- Micha\u00ebl DELHAIE, chef du service Appui aux r\u00e9seaux ;  \n- Philippe RICHARD, charg\u00e9 de mission ;  \n- Nathalie CAUVIN, cheffe du service m\u00e9trologie l\u00e9gale.   \n \n4/ Dans la limite du champ de comp\u00e9tence du p\u00f4le Appui aux M\u00e9tier, la subd\u00e9l\u00e9gation de signature \npourra \u00eatre exerc\u00e9e par : \n \n- Anne SCANDELLA, secr\u00e9taire g\u00e9n\u00e9rale ; \n- Hae-Ok PYUN, secr\u00e9taire g\u00e9n\u00e9rale adjoint. \n \nDans la limite du champ de comp\u00e9tence du service du pilotage RH, la subd\u00e9l\u00e9gation pourra \u00eatre \nexerc\u00e9e par : \n \n- Marika DEMORTIER, responsable du service du pilotage des ressources humaines ; \n- Yasmina REDOUANE, adjointe \u00e0 la responsable du service du pilotage des ressources humaines  ; \n- Patricia D\u00c9SERT, adjointe \u00e0 la responsable du service du pilotage des ressources humaines . \n \nDans la limite du champ de comp\u00e9tence du service pr\u00e9vention et qualit\u00e9 de vie au travail la \nsubd\u00e9l\u00e9gation pourra \u00eatre exerc\u00e9e par : \n \n- B\u00e9atrice JEAN-MARIE, responsable du service Pr\u00e9vention et Qualit\u00e9 de vie au travail.  \n \nDans la limite du champ de comp\u00e9tence du service interd\u00e9partemental Commission m\u00e9dicale/comit\u00e9 \nde r\u00e9forme la subd\u00e9l\u00e9gation pourra \u00eatre exerc\u00e9e par : \n \n- Jacky HAZIZA, responsable du service interd\u00e9partemental des Conseils M\u00e9dicaux ; \n- Zahira MONJOIN, adjointe au chef du service interd\u00e9partemental des comit\u00e9s m\u00e9dicaux . \n \nDans la limite du champ de comp\u00e9tence du service ESIC, la subd\u00e9l\u00e9gation pourra \u00eatre exerc\u00e9e par  : \n \n- Freddy FRANCOISE, responsable du service Syst\u00e8me d'Information et Communication  ; \n- Guilhem GOUBERT, adjoint au responsable du service Syst\u00e8me d'Information et Communication. \n \nDans la limite du champ de comp\u00e9tence de la mission budg\u00e9taire et financi\u00e8re, la subd\u00e9l\u00e9gation \npourra \u00eatre exerc\u00e9e par :  \n \n- Evelyne LE GALL, responsable de la mission Pilotage budg\u00e9taire r\u00e9gional. \n \nArticle 3 \n \nSubd\u00e9l\u00e9gation de signature est donn\u00e9e, en cas d'absence ou d'emp\u00eachement, \u00e0 : \n \n- Murielle LIZZI, responsable du p\u00f4le Concurrence, Consommation, R \u00e9pression des Fraudes et \nM\u00e9trologie l\u00e9gale (P\u00f4le C) ; \n- Alexandre MARTINET, directeur r\u00e9gional adjoint, charg\u00e9 des fonctions de directeur r\u00e9gional \nd\u00e9l\u00e9gu\u00e9 \n\u00e0 effet de signer les m\u00e9moires en d\u00e9fense pr\u00e9sent\u00e9s au nom de l'\u00c9tat \u00e0 l'occasion des recours form\u00e9s \ndevant les juridictions administratives et n\u00e9s de l'activit\u00e9 de la direction r\u00e9gionale des entreprises, de la \nconcurrence, de la consommation, du travail e t de l'emploi d'Ile -de-France en ce qui concerne ses \ncomp\u00e9tences propres en mati\u00e8re de mesures de police administrative prises en application du code de \ncommerce et du code de la consommation par les agents de la direction g\u00e9n\u00e9rale de la concurrence, de \nDirection r\u00e9gionale et interd\u00e9partementale de l'\u00e9conomie, de l'emploi, du travail et des solidarit\u00e9s d'\u00cele-de-France -\nIDF-2025-12-10-00005 - D\u00c9CISION n\u00b0 2025-253 du 10 d\u00e9cembre 2025\nPortant subd\u00e9l\u00e9gation de signature de Monsieur Fabrice Masi, Directeur r\u00e9gional et interd\u00e9partemental de l'\u00c9conomie, de l'Emploi, du\nTravail et des Solidarit\u00e9s d'\u00cele-de-France, aux agents de l'unit\u00e9 r\u00e9gionale\n32\n \n 6 / 7 \n \nla consommation et de la r\u00e9pression des fraudes et de la direction g\u00e9n\u00e9rale des entreprises plac\u00e9s sous \nson autorit\u00e9 et de sanctions administratives prononc\u00e9es en application des m\u00eames codes et en mati\u00e8re \nde m\u00e9trologie l\u00e9gale, ainsi que dans les cas de proc\u00e9dure d'urgence pr\u00e9vus au livre V du code de justice \nadministrative. \n \nSubd\u00e9l\u00e9gation de signature est donn\u00e9e, en cas d'absence ou d'emp\u00eachement \u00e0 : \n \n- Marc ROHFRITSCH, responsable du p\u00f4le \u00c9conomie, Emploi et Solidarit\u00e9s (P\u00f4le EES) ; \n- Alexandre MARTINET, directeur r\u00e9gional adjoint, charg\u00e9 des fonctions de directeur r\u00e9gional \nd\u00e9l\u00e9gu\u00e9 \n\u00e0 effet de signer les m\u00e9moires en d\u00e9fense pr\u00e9sent\u00e9s au nom de l'\u00c9tat \u00e0 l'occasion des recours form\u00e9s \ndevant les juridictions administratives dans les cas de proc\u00e9dure d'urgence pr\u00e9vus au livre V du code de \njustice administrative et n\u00e9s de l'activit\u00e9 de la DRIEETS en mati\u00e8re de contr\u00f4le de la formation \nprofessionnelle. \n \nLes autres m\u00e9moires en d\u00e9fense pr\u00e9sent\u00e9s au nom de l'\u00c9tat \u00e0 l'occasion des recours form\u00e9s devant les \njuridictions administratives et n\u00e9s de l'activit\u00e9 du directeur r\u00e9gional et interd\u00e9partemental de \nl'\u00e9conomie, de l'emploi, du travail et des solidarit\u00e9s  d'Ile-de-France ne sont pas inclus dans la pr\u00e9sente \nsubd\u00e9l\u00e9gation. \n \nArticle 4 \n \nSont exclus de la d\u00e9l\u00e9gation consentie aux articles 1, 2 et 3 du pr\u00e9sent arr\u00eat\u00e9 : \n \n- Les conventions avec les collectivit\u00e9s territoriales et leurs \u00e9tablissements publics ;  \n- Les conventions des appels \u00e0 projets r\u00e9gionaux du plan d'investissement dans les comp\u00e9tences ; \n- Les conventions pluriannuelles d'objectifs (CPO) des missions locales, except\u00e9 les avenants pour \nles soldes annuels ; \n- Les conventions avec les structures de soutien \u00e0 l'insertion par l'activit\u00e9 \u00e9conomique, except\u00e9 \nles avenants et les actes de gestion aff\u00e9rents ; un tableau de suivi de la programmation par \nstructure est transmis trimestriellement ; \n- Les m\u00e9moires en d\u00e9fense pr\u00e9sent\u00e9s au nom de l'\u00c9tat \u00e0 l'occasion des recours form\u00e9s devant les \njuridictions administratives et n\u00e9s de l'activit\u00e9 de la DRIEETS, de la DIRECCTE ou de la DRCS d'Ile-\nde-France, sauf en ce qui concerne ceux n\u00e9s de l'exercice des comp\u00e9tences propres exerc\u00e9es par \nle Directeur r\u00e9gional et interd\u00e9partemental de la DRIEETS ou des agents qui lui sont \nhi\u00e9rarchiquement rattach\u00e9s, en mati\u00e8re d'accompagnement des restructurations d'entreprise et \nd'inspection de la l\u00e9gislation du travail, de mesures de police administrative prises en application \ndu code de commerce et du code de la consommation et en mati\u00e8re de m\u00e9trologie l\u00e9gale, ainsi \nque dans les cas de proc\u00e9dure d'urgence pr\u00e9vus au livre V du code de justice administrative ;  \n- Les correspondances avec les parlementaires, les anciens ministres, les conseillers r\u00e9gionaux et \nd\u00e9partementaux, les pr\u00e9sidents des associations des maires, la maire de Paris et les maires des \ncommunes chefs-lieux de d\u00e9partement ; \n- Les correspondances entrant dans le cadre de la n\u00e9gociation du contrat de plan \u00c9tat-r\u00e9gion ; \n \nPar ailleurs, une copie de toutes correspondances destin\u00e9es aux autres \u00e9lus, maires, conseillers \nmunicipaux ainsi que de celles concernant le contr\u00f4le de l\u00e9galit\u00e9 et les m\u00e9moires produits dans le cadre \ndes proc\u00e9dures d'urgence susmentionn\u00e9es, sera simultan\u00e9ment adress\u00e9e au pr\u00e9fet de la r\u00e9gion d'Ile-de-\nFrance. \n \n \n  \nDirection r\u00e9gionale et interd\u00e9partementale de l'\u00e9conomie, de l'emploi, du travail et des solidarit\u00e9s d'\u00cele-de-France -\nIDF-2025-12-10-00005 - D\u00c9CISION n\u00b0 2025-253 du 10 d\u00e9cembre 2025\nPortant subd\u00e9l\u00e9gation de signature de Monsieur Fabrice Masi, Directeur r\u00e9gional et interd\u00e9partemental de l'\u00c9conomie, de l'Emploi, du\nTravail et des Solidarit\u00e9s d'\u00cele-de-France, aux agents de l'unit\u00e9 r\u00e9gionale\n33\n \n 7 / 7 \n \nArticle 5 \n \nLa pr\u00e9sente d\u00e9cision de d\u00e9l\u00e9gation de signature porte abrogation de la d\u00e9cision  n\u00b0 2025-249 du 9 \nd\u00e9cembre 2025. \n \n \nArticle 6 \n \nLe Directeur r\u00e9gional et interd\u00e9partemental de l'\u00c9conomie, de l'Emploi, du Travail et des Solidarit\u00e9s d'\u00cele-\nde-France est charg\u00e9 de l'ex\u00e9cution de la pr\u00e9sente d\u00e9cision qui sera publi\u00e9e au recueil des actes \nadministratifs de la r\u00e9gion \u00cele-de-France. \n  \n \nFait \u00e0 Aubervilliers le 10 d\u00e9cembre 2025 \n \nLe Directeur r\u00e9gional et interd\u00e9partemental \nde l'\u00e9conomie, de l'emploi, du travail et des \nsolidarit\u00e9s, \n \nSIGN\u00c9  \n \n                Fabrice MASI \nDirection r\u00e9gionale et interd\u00e9partementale de l'\u00e9conomie, de l'emploi, du travail et des solidarit\u00e9s d'\u00cele-de-France -\nIDF-2025-12-10-00005 - D\u00c9CISION n\u00b0 2025-253 du 10 d\u00e9cembre 2025\nPortant subd\u00e9l\u00e9gation de signature de Monsieur Fabrice Masi, Directeur r\u00e9gional et interd\u00e9partemental de l'\u00c9conomie, de l'Emploi, du\nTravail et des Solidarit\u00e9s d'\u00cele-de-France, aux agents de l'unit\u00e9 r\u00e9gionale\n34","date":"2025-12-10","first_seen_on":"2025-12-10T18:20:17+00:00","id":"a092c23b86430d06793b3f0c1af5133416436b03327dbcbcb004324e71979584","name":"recueilDS-idf-028-2025-12-recueil-des-actes-administratifs-special du 10.12.2025","pdf_creation_date":"2025-12-10T15:55:59+00:00","pdf_modification_date":null,"timezone":"Europe/Paris","url":"https://www.prefectures-regions.gouv.fr/ile-de-france/irecontenu/telechargement/133533/979102/file/recueilDS-idf-028-2025-12-recueil-des-actes-administratifs-special%20du%2010.12.2025.pdf"}
