{"administration":"prefidf","administration_name":"Pr\u00e9fecture de la r\u00e9gion \u00cele-de-France","content":"PREFECTURE\nREGION ILE DE\nFRANCE\nRECUEIL DES ACTES\nADMINISTRATIFS SP\u00c9CIAL\n(NOMINATIFS)\nN\u00b0IDF-028-2025-09\nPUBLI\u00c9 LE 10 SEPTEMBRE 2025\nSommaire\nAgence R\u00e9gionale de Sant\u00e9 / Agence r\u00e9gionale de sant\u00e9\nd'Ile-de-France-Direction de l'Offre de Soins (DOS)\nIDF-2025-09-09-00005 - Arr\u00eat\u00e9 DOS - 2025/ 381 modificatif fixant la liste\ndes membres du Comit\u00e9 Consultatif d'Allocation des Ressources\nSection Soins M\u00e9dicaux et de R\u00e9adaptation (3 pages) Page 3\nAgence R\u00e9gionale de Sant\u00e9 / service r\u00e9gional des transports sanitaires\nIDF-2025-10-10-00001 - Arr\u00eat\u00e9 n\u00b0DOS-2025-3973 portant changement\nde responsable l\u00e9gal et de forme juridique de la SARL AMBULANCES LES\nARCADES\n(92000 - NANTERRE) (2 pages) Page 7\n2\nAgence R\u00e9gionale de Sant\u00e9\nIDF-2025-09-09-00005\nArr\u00eat\u00e9 DOS - 2025/ 381 modificatif fixant la liste\ndes membres du Comit\u00e9 Consultatif d'Allocation\ndes Ressources Section Soins M\u00e9dicaux et de\nR\u00e9adaptation\nAgence R\u00e9gionale de Sant\u00e9 - IDF-2025-09-09-00005 - Arr\u00eat\u00e9 DOS - 2025/ 381 modificatif fixant la liste des membres du Comit\u00e9\nConsultatif d'Allocation des Ressources Section Soins M\u00e9dicaux et de R\u00e9adaptation 3\nREPUBLIQUEFRAN\u00c7AISELibert\u00e9Egalit\u00e9Fraternit\u00e9\ne \u00bb Agence R\u00e9gionale de Sant\u00e9Ile-de-France\n \n1 \n \n \n \n \nAGENCE R\u00c9GIONALE DE SANT\u00c9 D'\u00ceLE-DE-FRANCE \nARR\u00caT\u00c9 N\u00b0DOS \u2013 DOS - 2025/ 3811 \nArr\u00eat\u00e9 modificatif fixant la liste des membres du Comit\u00e9 Consultatif d'Allocation \ndes Ressources Section Soins M\u00e9dicaux et de R\u00e9adaptation  \n \nLE DIRECTEUR GENERAL DE L'AGENCE R\u00c9GIONALE DE SANT\u00c9 D'\u00ceLE-DE-FRANCE \n \nVU l'article 36 de la loi n\u00b02019 -1446 du 24 d\u00e9cembre 2019 de financement de la S\u00e9curit\u00e9 Sociale pour \n2020 ; \n \nVU le code de la Sant\u00e9 Publique et notamment les modalit\u00e9s pr\u00e9vues aux 2\u00b0et 3\u00b0 de l'article R. 6123-1 ; \n \nVU le code de la S\u00e9curit\u00e9 Sociale et notamment les articles L.162-22-6 et R. 162-29 ; \n \nVU le d\u00e9cret n\u00b02006 -672 du 8 juin 2006 modifi\u00e9 relatif \u00e0 la cr\u00e9ation, \u00e0 la composition et au \nfonctionnement de commissions administratives \u00e0 caract\u00e8re consultatif ; \n \nVU Vu le d\u00e9cret du 10 avril 2024 portant nomination de Monsieur Denis ROBIN, en qualit\u00e9 de Directeur \nG\u00e9n\u00e9ral de l'Agence R\u00e9gionale de Sant\u00e9 d'Ile-de-France ; \n \nVU le d\u00e9cret n\u00b02022-597 du 21 avril 2022 relatif \u00e0 la r\u00e9forme du financement des activit\u00e9s de soins de \nsuite et de r\u00e9adaptation ; \n \nVU l'arr\u00eat\u00e9 n\u00b0DOS - 2022/3978 du 18 octobre 2022  fixant la liste des membres du Comit\u00e9 Consultatif \nd'Allocation des Ressources Section Soins M\u00e9dicaux et de R\u00e9adaptation ;  \n \nVU l'arr\u00eat\u00e9 modificatif n\u00b0DOS - 2022/4679 du 29 novembre 2022 fixant la liste des membres du Comit\u00e9 \nConsultatif d'Allocation des Ressources Section Soins M\u00e9dicaux et de R\u00e9adaptation  ;  \n \nVU la d\u00e9signation d u repr\u00e9sentant  de la FHF ( 2\u00e8me Titulaire), Mr Antoine VEILLARD BARON , en \nremplacement de Mr Vincent MICHALOUX ;  \n \nVU la d\u00e9signation de la repr\u00e9sentante FEHAP de la FHF (1\u00e8re Suppl\u00e9ante), Mme Laurence DAUFFY, en \nremplacement de Mme Clarisse MITANNE MULLER;  \n \nVU la d\u00e9signation du repr\u00e9sentant de la FH P (3\u00e8me suppl\u00e9ante), Mme G\u00e9raldine GAILLARD , en \nremplacement de Mr Lo\u00efc WACOGNE;  \n \nVU           la d\u00e9signation du repr\u00e9sentant de la FHF (1er titulaire), Mme Isabelle PERSEC, en remplacement \n                de Mr Eric CLAPIER ;  \n \nCONSID\u00c9RANT \n \n \n                        1. \n \n \n \n \n \n \n \n \nque la section Soins M\u00e9dicaux et de R\u00e9adaptation du comit\u00e9 consultatif d'allocation des \nressources est compos\u00e9e : \n \nde cinq \u00e0 dix repr\u00e9sentants des organisations nationales les plus repr\u00e9sentatives des \n\u00e9tablissements de sant\u00e9 publics et priv\u00e9s, d\u00e9sign\u00e9s par celles -ci, dans les conditions \nsuivantes : \n \n\u2022 Le nombre de repr\u00e9sentants est arr\u00eat\u00e9 par Le Directeur g\u00e9n\u00e9ral de l'agence r\u00e9gionale \nde sant\u00e9 en tenant compte notamment du nombre d'\u00e9tablissements et de la pr\u00e9sence \nde ces organisations au sein de la r\u00e9gion ; \n \nAgence R\u00e9gionale de Sant\u00e9 - IDF-2025-09-09-00005 - Arr\u00eat\u00e9 DOS - 2025/ 381 modificatif fixant la liste des membres du Comit\u00e9\nConsultatif d'Allocation des Ressources Section Soins M\u00e9dicaux et de R\u00e9adaptation 4\n2 \n \n \n \n \n \n                          \n                        2. \n\u2022 La r\u00e9partition entre les organisations est d\u00e9termin\u00e9e en fonction de l'activit\u00e9 des \n\u00e9tablissements relevant de chacune d'entre elles au sein de la r\u00e9gion. Pour les \norganisations disposant de plus d'un repr\u00e9sentant, l'un d'entre eux est un \nrepr\u00e9sentant de la communaut\u00e9 m\u00e9dicale ; \n \nde deux repr\u00e9sentants des associations d'usagers et de repr\u00e9sentants des familles \nsp\u00e9cialis\u00e9s dans le domaine d'activit\u00e9 nomm\u00e9s par l a Directrice g\u00e9n\u00e9rale de l'agence \nr\u00e9gionale de sant\u00e9. \n \nque c ette section comporte au maximum douze repr\u00e9sentants, dont le nombre et la \nr\u00e9partition varient en fonction du nombre d'habitants au sein de la r\u00e9gion ; \n \nqu'un pr\u00e9sident et un vice-pr\u00e9sident sont d\u00e9sign\u00e9s par la section parmi les membres selon \ndes modalit\u00e9s fix\u00e9es par le r\u00e8glement int\u00e9rieur ; \n  \nque le second suppl\u00e9ant du repr\u00e9sentant des usagers ne soit pas encore d\u00e9sign\u00e9 et qu'un \narr\u00eat\u00e9 modificatif devra \u00eatre r\u00e9dig\u00e9 ; \n \n \nARRETE \n \n \nARTICLE 1 : \n \nEn Ile-de-France, r\u00e9gion comptant 12 millions d'habitants, le comit\u00e9 consultatif d'allocation \ndes ressources - section soins m\u00e9dicaux et de r\u00e9adaptation - est constitu\u00e9 de 12 membres \n(12 titulaires et 12 suppl\u00e9ants), r\u00e9partis de la mani\u00e8re suivante : \n \n\u2022 10 repr\u00e9sentants des \u00e9tablissements de sant\u00e9 ; \n\u2022 2 repr\u00e9sentants des usagers. \n \n  \nARTICLE 2 : La liste des membres composant le comit\u00e9 consultatif d'allocation des ressources \u2013 section \nsoins m\u00e9dicaux et de r\u00e9adaptation - de la r\u00e9gion Ile -de-France est fix\u00e9e dans le tableau \nannex\u00e9 au pr\u00e9sent arr\u00eat\u00e9. \n \n  \nARTICLE 3 : Le pr\u00e9sent arr\u00eat\u00e9 peut \u00eatre contest\u00e9 par voie de recours contentieux devant la juridiction \nadministrative territorialement comp\u00e9tente dans un d\u00e9lai de 2 mois \u00e0 compter de sa \npublication. \n \n \nARTICLE 4 : Le Directeur de l' Offre de soins est charg\u00e9 de l'ex\u00e9cution du pr\u00e9sent arr\u00eat\u00e9 qui  prendra \neffet \u00e0 la date de sa publication au recueil des acte s administratifs de la r\u00e9gion Ile-de-\nFrance et sur le site internet de l'Agence r\u00e9gionale de sant\u00e9. \n \n \nFait \u00e0 Saint-Denis, le 9 septembre 2025 \n \nPour le Directeur g\u00e9n\u00e9ral  \nde l'Agence r\u00e9gionale de sant\u00e9 \n\u00cele-de-France \n \nEt par d\u00e9l\u00e9gation \nLe Directeur de l'Offre de soins \nArnaud CORVAISIER \n \n \n  \nAgence R\u00e9gionale de Sant\u00e9 - IDF-2025-09-09-00005 - Arr\u00eat\u00e9 DOS - 2025/ 381 modificatif fixant la liste des membres du Comit\u00e9\nConsultatif d'Allocation des Ressources Section Soins M\u00e9dicaux et de R\u00e9adaptation 5\n3 \n \nANNEXE \u2013 ARR\u00caT\u00c9 N\u00b0DOS \u2013 2025/ 3811 \n \nComposition du comit\u00e9 consultatif d'allocation des ressources \u2013 section Soins M\u00e9dicaux et \nde R\u00e9adaptation \nR\u00e9gion Ile-de-France \n \nCOMPOSITION DU COMITE CONSULTATIF D'ALLOCATION DES RESSOURCES  \n SECTION SOINS MEDICAUX ET DE READAPTATION  \nTitulaire Suppl\u00e9ant  \nRepr\u00e9sentants des organisations des \u00e9tablissements de sant\u00e9 publics et priv\u00e9s \nF\u00e9d\u00e9ration Hospitali\u00e8re de France (FHF) \n1 Isabelle PERSEC, D\u00e9l\u00e9gu\u00e9e R\u00e9gionale - \nFHF \nCaroline SIMONNEAUX, Directrice Adjointe \nau sein de la Direction commune CHI Poissy-\nSaint-Germain-en-Laye/CH de Mantes et CHI \nde Meulan les Mureaux - GHT Yvelines Nord \n2 Antoine VEILLARD BARON, Directeur de la \nStrat\u00e9gie et de la Transformation - APHP \nClaire DAVY, Cheffe du d\u00e9partement \nParcours \u00e0 la Direction de la Strat\u00e9gie et de la \ntransformation \u2013 APHP \n3 Camille DUMAS, Directeur des Finances - \nAPHP \nPierrick BONNIEU-MILOT, Chef du service \ndotations, forfaits et r\u00e9formes de financement \n- APHP \n4 V\u00e9ronique QUENTIN, Responsable de \nService - H\u00f4pitaux de Saint-Maurice \nViorel OLTEAN, Chef de service - H\u00f4pital Le \nParc \u00e0 Taverny \nF\u00e9d\u00e9ration des Etablissements Hospitaliers et d'Aide \u00e0 la Personne priv\u00e9s solidaires \n(FEHAP) \n1 Nicolas TOUCHON, Directeur G\u00e9n\u00e9ral - \nIRMA Valenton \nLaurence DAUFFY, Directrice G\u00e9n\u00e9rale - \nUGECAM IDF \n2 Jean-Paul CANTINEAU, M\u00e9decin DIM - \nFondation Sant\u00e9 des Etudiants de France \nJean-No\u00ebl COLLIN, Directeur M\u00e9dical - \nFondation Cognacq-Jay \nF\u00e9d\u00e9ration de l'Hospitalisation Priv\u00e9e (FHP) \n1 H\u00e9l\u00e9na KISLER, D\u00e9l\u00e9gu\u00e9e G\u00e9n\u00e9rale - FHP G\u00e9raldine AUSTRUY, Directrice - \nHospitalisation Priv\u00e9e d'Addictologie \n2 Alexandre BREIL, Directeur des Op\u00e9rations \nAdjoint - RAMSAY GDS \nEdwige MASSON, Directrice de la \nperformance m\u00e9dico-\u00e9conomique et de la \nr\u00e9glementation - KORIAN \n3 Paul GOBIN, Directeur - Clinique des Trois \nSoleils \nG\u00e9raldine GAILLARD, Directrice G\u00e9n\u00e9rale - \nClinique du Bourget \n4 \nMarie-Christine LOCRET-BRIOLAT, \nDirectrice de l'information m\u00e9dicale - ORPEA \nCLINEA \nThierry RODITIS, M\u00e9decin DIM \u2013 \nCLINALLIANCE \nRepr\u00e9sentants des Associations d'Usagers et de Repr\u00e9sentants des Familles  \n1 \nMarie-Christine JOLY, Administrateur de la \nLigue contre le Cancer du comit\u00e9 de Seine-\net-Marne \n- \n2 France WOIMANT, Pr\u00e9sidente \u2013 France AVC \nIle-de-France  \nChristiane BAYARD, Membre du conseil \nd'Administration \u2013 AFTC Ile-de-France \n \n \n \n \n \n \nAgence R\u00e9gionale de Sant\u00e9 - IDF-2025-09-09-00005 - Arr\u00eat\u00e9 DOS - 2025/ 381 modificatif fixant la liste des membres du Comit\u00e9\nConsultatif d'Allocation des Ressources Section Soins M\u00e9dicaux et de R\u00e9adaptation 6\nAgence R\u00e9gionale de Sant\u00e9\nIDF-2025-10-10-00001\nArr\u00eat\u00e9 n\u00b0DOS-2025-3973 portant changement\nde responsable l\u00e9gal et de forme juridique de la\nSARL AMBULANCES LES ARCADES\n(92000 - NANTERRE)\nAgence R\u00e9gionale de Sant\u00e9 - IDF-2025-10-10-00001 - Arr\u00eat\u00e9 n\u00b0DOS-2025-3973 portant changement de responsable l\u00e9gal et de forme\njuridique de la SARL AMBULANCES LES ARCADES\n(92000 - NANTERRE)\n7\nREPUBLIQUEFRANCAISELibert\u00e9Egalit\u00e9Fraternit\u00e9\ne \u00bb Agence R\u00e9gionale de Sant\u00e9Ile-de-France\n \n \n \n \n \n \n \nAGENCE R\u00c9GIONALE DE SANT\u00c9 \u00ceLE-DE-FRANCE \nARR\u00caT\u00c9 N\u00b0DOS-2025-3973 \nportant changement de responsable l\u00e9gal et de forme juridique de la SARL \nAMBULANCES LES ARCADES \n(92000 \u2013 NANTERRE) \n \nLE DIRECTEUR G\u00c9N\u00c9RAL DE L'AGENCE R\u00c9GIONALE DE SANT\u00c9 \u00ceLE-DE-FRANCE \n \nVU le Code de la Sant\u00e9 Publique et notamment ses articles L.6311-1 \u00e0 L.6311-2, L.6312-1 \u00e0 L.6312-\n5, L.6313-1, R.6312-1 \u00e0 R.6312-23, R.6312-29 \u00e0 R.6312-43, R.6313-5 \u00e0 R.6313-7-1 ; \n \nVU la loi n\u00b0 2009-879 du 21 juillet 2009 portant r\u00e9forme de l'h\u00f4pital et relative aux patients, \u00e0 la sant\u00e9 \net aux territoires ; \n \nVU le d\u00e9cret n\u00b0 2010 -344 du 31 mars 2010 tirant les cons\u00e9quences, au niveau r\u00e8glementaire, de \nl'intervention de la loi n\u00b0 2009 -879 du 21 juillet 2009 portant r\u00e9forme de l'h\u00f4pital et relative aux \npatients, \u00e0 la sant\u00e9 et aux territoires ;  \n \nVU le d\u00e9cret du 10 avril 2024  portant nomination de Monsieur Denis ROBIN, Directeur g\u00e9n\u00e9ral de \nl'Agence r\u00e9gionale de sant\u00e9 \u00cele de France \u00e0 compter du 29 avril 2024 ; \n \nVU l'arr\u00eat\u00e9 minist\u00e9riel du 21 d\u00e9cembre 1987 modifi\u00e9 relatif \u00e0 la composition du dossier d'agr\u00e9ment \ndes personnes effectuant des transports sanitaires terrestres et au contr\u00f4le des v\u00e9hicules \naffect\u00e9s aux transports sanitaires ; \n \nVU l'arr\u00eat\u00e9 du 12 d\u00e9cembre 2017  modifi\u00e9 fixant les caract\u00e9ristiques et les installations mat\u00e9rielles \nexig\u00e9es pour les v\u00e9hicules affect\u00e9s aux transports sanitaires terrestres ; \n \nVU l'arr\u00eat\u00e9 DS N\u00b0034/2024 du Directeur g\u00e9n\u00e9ral de l'Agence r\u00e9gionale  de sant\u00e9 \u00cele de France en \ndate du 29 avril 2024, portant d\u00e9l\u00e9gation de signature \u00e0 Monsieur Arnaud CORVAISIER, \nDirecteur de l'offre de soins, et \u00e0 certains de ses collaborateurs ; \n \nVU l'arr\u00eat\u00e9 pr\u00e9fectoral du 18 d\u00e9cembre 2002 portant agr\u00e9ment provisoire de la soci\u00e9t\u00e9 de transports \nsanitaires \u00ab AMBULANCES LES ARCADES \u00bb, sise 90-92 rue de Garches \u2013 92000 NANTERRE \nsous le n\u00b092 02 002 jusqu'\u00e0 la prochaine r\u00e9union du Sous-comit\u00e9 des transports sanitaires ; \n \nVU l'arr\u00eat\u00e9 pr\u00e9fectoral n\u00b0DDASS/AS/2008-188 du 07 juillet 2008 portant agr\u00e9ment de la soci\u00e9t\u00e9 de \ntransports sanitaires \u00ab AMBULANCES LES ARCADES \u00bb, sise 90 -92 rue de Garches \u2013 92000 \nNANTERRE sous le n\u00b092 02 002 ;  \n \nCONSIDERANT le dossier de demande de modification de l'agr\u00e9ment pr\u00e9sent\u00e9 par  Monsieur Franck \nPIEJOS, relatif au changement de responsable l\u00e9gal et de forme juridique de la SARL AMBULANCES \nLES ARCADES. ; \n \nCONSIDERANT la conformit\u00e9 du dossier de changement de responsable l\u00e9gal et de forme juridique \naux dispositions de l'arr\u00eat\u00e9 du 21 d\u00e9cembre 1987 modifi\u00e9 ci-dessus vis\u00e9 ; \n \n \nAgence R\u00e9gionale de Sant\u00e9 - IDF-2025-10-10-00001 - Arr\u00eat\u00e9 n\u00b0DOS-2025-3973 portant changement de responsable l\u00e9gal et de forme\njuridique de la SARL AMBULANCES LES ARCADES\n(92000 - NANTERRE)\n8\n2 \n \nARR\u00caTE \n \n \nARTICLE 1 : Monsieur Franck PIEJOS est nomm\u00e9 pr\u00e9sident de la SAS AMBULANCES LES \nARCADES, sise 90-92, rue de Garches \u2013 92000 NANTERRE, \u00e0 la date du pr\u00e9sent arr\u00eat\u00e9. \n \nARTICLE 2 : La pr\u00e9sente d\u00e9cision peut faire l'objet d'un recours gracieux aupr\u00e8s de Monsieur le \nDirecteur g\u00e9n\u00e9ral de l'Agence r\u00e9gionale de sant\u00e9, sise 13, rue du Landy 93200 Saint-Denis. \n Un recours contentieux peut \u00e9galement \u00eatre d\u00e9pos\u00e9 aupr\u00e8s du tribunal administratif comp\u00e9tent.   \n Le d\u00e9lai de recours est de deux mois \u00e0 compter de la notification de l'arr\u00eat\u00e9 pour l'int\u00e9ress\u00e9 ou de sa \npublication pour les tiers. \n Ces recours n'ont pas pour effet de suspendre le caract\u00e8re ex\u00e9cutoire de la pr\u00e9sente d\u00e9cision.    \n \nARTICLE 3 : Le Directeur de l'offre de soins est charg\u00e9 de l'ex\u00e9cution du pr\u00e9sent arr\u00eat\u00e9, qui sera \npubli\u00e9 au Recueil des Actes Administratifs des services de l'\u00c9tat. \n  \n \n \nFait \u00e0 Saint-Denis, le   10/09/2025   \n \nP/Le Directeur g\u00e9n\u00e9ral \nde l'Agence r\u00e9gionale de sant\u00e9 \nIle-de-France,  \nLa Responsable du service r\u00e9gional \ndes transports sanitaires, \n \n \nSIGNE \n \n \nS\u00e9verine TEISSEDRE \n \nAgence R\u00e9gionale de Sant\u00e9 - IDF-2025-10-10-00001 - Arr\u00eat\u00e9 n\u00b0DOS-2025-3973 portant changement de responsable l\u00e9gal et de forme\njuridique de la SARL AMBULANCES LES ARCADES\n(92000 - NANTERRE)\n9","date":"2025-09-10","first_seen_on":"2025-09-10T15:48:25+00:00","id":"a0dd7d6cf47eaa3bede61e2b6c46e1d711fad12e27af112600602b8af0a44435","name":"recueil-idf-028-2025-09-RAA-nominatifs du 10.09.2025","pdf_creation_date":"2025-09-10T14:44:46+00:00","pdf_modification_date":null,"timezone":"Europe/Paris","url":"https://www.prefectures-regions.gouv.fr/ile-de-france/irecontenu/telechargement/130868/962003/file/recueil-idf-028-2025-09-RAA-nominatifs%20du%2010.09.2025.pdf"}
